{"administration":"pref69","administration_name":"Pr\u00e9fecture du Rh\u00f4ne","content":"PR\u00c9F\u00c8TE\nDU RH\u00d4NE\nRECUEIL DES ACTES\nADMINISTRATIFS SP\u00c9CIAL\nN\u00b069-2025-246\nPUBLI\u00c9 LE 30 SEPTEMBRE 2025\nSommaire\n63_DIR_Direction Interd\u00e9partementale des Routes du Massif-Central /\n69-2025-09-29-00012 - annexe arrete subd\u00e9l\u00e9gation OSPA\n2025DIRMC035 du 29092025 (3 pages) Page 4\n69-2025-09-29-00011 - arrete subd\u00e9l\u00e9gation de signature octroy\u00e9e\npar M. Olivier Jautzy directeur interd\u00e9partemental des routes Massif\nCentral, relative \u00e0 l'exercice des comp\u00e9tences d'ordonnateur\nsecondaire et de pouvoir adjudicateur n\u00b0 2025DIRMC035 du 29092025 (4\npages) Page 8\n69_Centre Hospitalier Saint Cyr /\n69-2025-09-15-00020 - D\u00e9cisions chef de p\u00f4les et services \u00e0 compter\ndu 1er Octobre 2025 (9 pages) Page 13\n69_Pr\u00e9f_Pr\u00e9fecture du Rh\u00f4ne / Direction des affaires juridiques et de\nl'administration locale\n69-2025-09-29-00002 - Arr\u00eat\u00e9 modifiant l'arr\u00eat\u00e9 n\u00b0\n69-2020-03-05-011 du 05 mars 2020 \nportant habilitation dans le domaine\nfun\u00e9raire : SPL LE SERVICE FUN\u00c9RAIRE, situ\u00e9 5 rue de Verdun 69500\nBron\n (2 pages) Page 23\n69-2025-09-29-00009 - Arr\u00eat\u00e9 modifiant l'arr\u00eat\u00e9 n\u00b0\n69-2021-01-09-003 du 09 janvier 2021  portant habilitation dans le domaine\nfun\u00e9raire : SPL LE SERVICE FUN\u00c9RAIRE, situ\u00e9 54 avenue Victor Hugo\n69160 Tassin-la-Demi-Lune (2 pages) Page 26\n69-2025-09-29-00010 - Arr\u00eat\u00e9 modifiant l'arr\u00eat\u00e9 n\u00b0\n69-2021-11-16-00003 du 16 novembre 2021 portant habilitation dans le\ndomaine fun\u00e9raire : SPL LE SERVICE FUN\u00c9RAIRE, situ\u00e9 194 grande rue\n69600 Oullins-Pierre-B\u00e9nite (2 pages) Page 29\n69-2025-09-29-00006 - Arr\u00eat\u00e9 modifiant l'arr\u00eat\u00e9 n\u00b0\n69-2024-08-08-00011 du 8 ao\u00fbt 2024 \nportant habilitation dans le\ndomaine fun\u00e9raire : SPL LE SERVICE FUN\u00c9RAIRE, situ\u00e9 181 avenue\nBerthelot 69007 Lyon\n (2 pages) Page 32\n69-2025-09-29-00008 - Arr\u00eat\u00e9 modifiant l'arr\u00eat\u00e9 n\u00b0\n69-2024-08-08-00012 du 8 ao\u00fbt 2024 \nportant habilitation dans le\ndomaine fun\u00e9raire : SPL LE SERVICE FUN\u00c9RAIRE, situ\u00e9 19 rue Pierre\nDelore 69008 Lyon\n (2 pages) Page 35\n69-2025-09-29-00005 - Arr\u00eat\u00e9 modifiant l'arr\u00eat\u00e9 n\u00b0\n69-2024-08-08-00013 du 8 ao\u00fbt 2024 \nportant habilitation dans le\ndomaine fun\u00e9raire : SPL LE SERVICE FUN\u00c9RAIRE, situ\u00e9 177 avenue\nBerthelot 69007 Lyon, \n (2 pages) Page 38\n2\n69-2025-09-29-00004 - Arr\u00eat\u00e9 modifiant l'arr\u00eat\u00e9 n\u00b0\n69-2024-08-08-00014 du 8 ao\u00fbt 2024 \nportant habilitation dans le\ndomaine fun\u00e9raire : SPL LE SERVICE FUN\u00c9RAIRE, situ\u00e9 97 Grande rue\nde la Croix-Rousse 69004 Lyon\n (2 pages) Page 41\n69-2025-09-29-00003 - Arr\u00eat\u00e9 modifiant l'arr\u00eat\u00e9 n\u00b0\n69-2024-08-08-00015 du 8 ao\u00fbt 2024 \nportant habilitation dans le\ndomaine fun\u00e9raire : SPL LE SERVICE FUN\u00c9RAIRE, situ\u00e9 68 rue\nProfesseur Florence 69003 Lyon\n  (2 pages) Page 44\n69-2025-09-29-00001 - Arr\u00eat\u00e9 modifiant l'arr\u00eat\u00e9 n\u00b0\n69-2024-08-08-00016 du 8 ao\u00fbt 2024 \nportant habilitation dans le\ndomaine fun\u00e9raire : SPL LE SERVICE FUN\u00c9RAIRE, situ\u00e9 5 rue du\ncimeti\u00e8re 69100 Villeurbanne  (2 pages) Page 47\n69_Pr\u00e9f_Pr\u00e9fecture du Rh\u00f4ne / Pr\u00e9fet d\u00e9l\u00e9gu\u00e9 pour la\nd\u00e9fense et la s\u00e9curit\u00e9\n69-2025-09-29-00007 - Arr\u00eat\u00e9 pr\u00e9fectoral 2025-09-29-001 modifiant la\nligne fronti\u00e8re au niveau du b\u00e2timent PROLOGIS /WFS de l'a\u00e9roport\nde Lyon Saint-Exup\u00e9ry pendant les travaux d'am\u00e9nagement (3 pages) Page 50\n84_ARS_Agence R\u00e9gionale de Sant\u00e9 Auvergne-Rh\u00f4ne-Alpes /\n69-2025-09-23-00005 - arrete requisition pharmaciens 25 septembre au 1er\noctobre 2025 (11 pages) Page 54\n3\n63_DIR_Direction Interd\u00e9partementale des\nRoutes du Massif-Central\n69-2025-09-29-00012\nannexe arrete subd\u00e9l\u00e9gation OSPA\n2025DIRMC035 du 29092025\n63_DIR_Direction Interd\u00e9partementale des Routes du Massif-Central - 69-2025-09-29-00012 - annexe arrete subd\u00e9l\u00e9gation OSPA\n2025DIRMC035 du 29092025 4\nun ti . X wc8 | 6 lufla El ud 8 8\u00a3 n |2S|26|22> as0 2 162/60/ 68 x22 O |ZZ(/T 2) re a leso TL oO O Os] 0 \u00d4 oO 8 oO | \u00a5 =| =| \u00a3/ 6 [SES7 |EaKI t = T he 5 a] s uw = 5 4 4 r \u20acLlulv|s|vlrbixde2zlss| 2/82) 5 BsService Unit\u00e9 Nom Pr\u00e9nom 3 8 8 8 8 = 2 = i eS 3 S 2 2 d 2 \u00e8 8| a = v = =Sivit)8) 87| 8 )\u00b07) 53i i Direction MARIN _[Paquita x x x ra\nDPEE BICILLI V\u00e9ronique X : X xXDPEE/PRI OJARDIAS Thomas REFXDPEE/BAS PEIGNE Sabrina X C x xDPEE/BAS BARADUC Cathy X Cc X X x X x\u00a3 HE DPEE/BAS GONY Brigitte x XD\u00e9partement Politiques PEER RE Philippe xd'Entretien et DPEE/SIB OSTY ean-Philippe 'x x: ... DPEE/SIB QUINSAT C\u00e9dric Xxd'Exploitation DPEE/SIB SERMENT C\u00e9dric x xDPEE/SIB OSE-GAMEIRO Georges X XDPEE/TTI ROFFET Yvan xDPEE/POA CHOUAKI ules XDPEE/MOA ROUZAIRE William X\nDISTRICT TIGNOL Olivier X x x xDISTRICT SAUREL Vivien X X X X_ xDISTRICT COSTE \u00c9ric x XDISTRICT RAOUX __. Pascal X xDISTRICT LAHONDES Alain xDistrict Centre DISTRICT TESTUD Patrick xBUREAU TECHNIQUE SOBOZINSKI C\u00e9dric xBUREAU DE GESTION CHATELIN EDDY x \u20ac x x X XxBUREAU DE GESTION CHARASSON Lyse x C x X | x XBUREAU DE GESTION _ FERRATON Audrey X xX |: |BUREAU DE GESTION TECHER Eliane x x\n63_DIR_Direction Interd\u00e9partementale des Routes du Massif-Central - 69-2025-09-29-00012 - annexe arrete subd\u00e9l\u00e9gation OSPA\n2025DIRMC035 du 29092025 5\nun a X nw \u20ac5 5 2 E | f n 2 r\u00e9 2\u00ff n z < 4 Oo > > \u00e0. \u00a92 | & |02100160$ hie5 O IZI|I 2 xmik m1 c g8 ZI [0610351060 8 |S 00 | \u00a9 | \"| | 6 |ene \u00bb |Eoa  > rsLitii|zlz|l,| & Slew] \u00e0 ew \u00cb ScTlwlw|SlSlilosx ezlsv| 2/82} 6 [BSService Unit\u00e9 Nom Pr\u00e9nom ol/sis|8|/sisizs4 SSldi| 2 |oS 2sS19/Sl ol alg~ 2% *~2leal 2 | as Ps. . . Ol S| Tl a], fe} a | > .v|> G \u00e0Viv] y 0 0 ro) OTCEI MENDE BODIN Florent XCEI MENDE DELSOL Sophie X X_CEI MENDE MARTIN David XCEI MENDE RANC ean-Jacques XCEI MENDE/ PA FLORAC MICHEL St\u00e9phane X XCEI MENDE/ PA FLORAC CRUSCO Francis |. X XCEI MENDE/ PA FLORAC ROBERT Christophe XCEI MURAT BOUTET Fabienne X XCEI MURAT CHISSAC Laurent xCEI MURAT GILLES Anne X XCEI MURAT GUINARD Yves XCEI MURAT MODENEL ean-Marc XCEI BRIOUDE BOUCHE Jean-Pierre XCEI BRIOUDE CAJADO Valentin XCEI BRIOUDE VERNEDE Alban XCEI BRIOUDE HOSTIN Yvan X XCE] BRIOUDE HERGAULT Samuel XCEI BRIOUDE CHAZELLE Loic XCEI CUSSAC NOVARINA Tom X. . CEI CUSSAC CHABAL Anthony XDistrict Centre CEI CUSSAC CIVIER Charlie XCEI CUSSAC OURDE R\u00e9mi xCEI CUSSAC MACHABERT Laurent X XCE! LANGOGNE / PA LANARCE CHAPDANIEL Didier X:CEI LANGOGNE DUFOUR Florent: XCEI LANGOGNE LEMORE David x XCEI LANGOGNE DELOLME \u00e9r\u00e9my XCEI LANGOGNE TEISSANDIER Claude XCEI LANGOGNE MAURIN Huguette X XCEI MONISTROL CHARRA Guillaume XCE] MONISTROL BOUCHET \u00e9r\u00f4me XCEI MONISTROL GOUDARD Pascal XCEI MONISTROL OUILLON Alain X XCEI MONISTROL ROCHE Bruno XCEI SAINT MAMET NEIGE Olivier X XCEI SAINT MAMET LAMBEL Claude XCEI LABEGUDE CONDOR S\u00e9bastien XCEI LABEGUDE ISSARTEL R\u00e9gis X XCEI LABEGUDE RAYMOND Laurent XCEI LABEGUDE RECHAUTIER Philippe XCEI LAB\u00c9GUDE VIDAL ean-Luc X\n63_DIR_Direction Interd\u00e9partementale des Routes du Massif-Central - 69-2025-09-29-00012 - annexe arrete subd\u00e9l\u00e9gation OSPA\n2025DIRMC035 du 29092025 6\n\" ww X wc2 B lulu Elu 8 \u00a92 | \u00e0 [241265 ) 2 5\u00d4 z [02/0016 523 O |TI2|TI2| Ire \u00bb |cS$\u00ff | LL (0610500! B&B 180O O te < oc fi ea = vOa 2 2 akK} ke > \u00fc \u00dc \u00a9LIEIS TITI) 8 | 8541& sel & lee.... | sltloleloelsosx ssl] Slee] 0 [PSService Unit\u00e9 Nom Pr\u00e9nom = Ss 2 8 8 |> 2 5 ui \u00a3 5 Bq a 3 \u00a9 = \u00a3alcls| 81 e]\u00a5] \u00a7 > [SA] 5 | $= taVi Vivioy Vv O0 Oo \u00d4 O +DISTRICT AMOSSE R\u00e9mi x x X xX.POLE INGENIERIE _ BAEHR _ Marion x X XBUREAU DE GESTION BOULET Michel xX X X X x XBUREAU DE GESTION LEPROUST Nathalie xX C X x X *BUREAU DE.GESTION LOUBARESSE Val\u00e9rie X Cc X XIE X XBUREAU TECHNIQUE CHAUNIER S\u00e9bastien XBUREAU TECHNIQUE MEZY Eric xBUREAU TECHNIQUE NOIRFALISE - |Marie-Line XBUREAU TECHNIQUE ROUIRE Fr\u00e9d\u00e9rique x.BUREAU TECHNIQUE VENRIES Nicolas HEX xXCIGT ISSOIRE CHAMPIN Laurence x xMr ne Pole EXPLOITATION BARROO Michael __ XHe POLE EXPLOITATION | REVERSAT Jean-Pierre | X x meDistrict Nord MAINTENANCE DES EQUIPEMENTS DYNAMIQUES [BAUFRETON. Benoit pia as X; MAINTENANCE DES EQUIPEMENTS DYNAMIQUES CHASSAGNON Maxime XMAINTENANCE DES EQUIPEMENTS: DYNAMIQUES LAVILLE Nicolas xMAINTENANCE DES EQUIPEMENTS DYNAMIQUES RICROS [Laurent XMAINTENANCE DES \u00c9QUIPEMENTS DYNAMIQUES SOULIER ulien XCEI ST FLOUR BOULET Linda x xCEI ST FLOUR MAURANNE Mickael X neCEI ANTRENAS BOUSQUET _ Nadine NET xCEI ANTRENAS- MALON [Vincent X XGELISSOIRE ~ . BESNARD Nicolas. X xCEI SAINT-CH\u00c9LY SALLES Didier X xCEI MASSIAC MAZOYER Nicolas x XCEI MASSIAC VINATIER Franck x XDISTRICT BAMBUCK-PISTOL ean-Michel X xX XDISTRICT MARTY Fr\u00e9d\u00e9ric X X XP\u00d4LE EXPLOITATION CAUMES Francis X xBUREAU DE L' INGENIERIE ET DU PATRIMOINE ARRIBAT Damien xBUREAU DE L' ING\u00c9NIERIE ET DU PATRIMOINE BLOCH Antoine XBUREAU DE L' ING\u00c9NIERIE ET DU PATRIMOINE BERZOSA Christophe XBUREAU DE GESTION LEFEVRE William x C x xBUREAU DE GESTION DIAZ L\u00e9a X X X xMAINTENANCE RESEAU ENERGIE NIEL ' {Philippe xX X :MAINTENANCE R\u00c9SEAU \u00c9NERGIE SIBINSKI Fabrice XCEI LA CAVALERIE ARJALIES Didier XCEI LA CAVALERIE ARTAL Denis XCEI LA CAVALERIE ESQUILAT Fr\u00e9d\u00e9ric xCEI LA CAVALERIE PARDAILHE Eric X xCEI.LA CAVALERIE VIALA S\u00e9bastien xCEI LE CAYLAR BERNAD Samuel XCEI LE CA\u0178LAR CROUZET Claude X ,CEI LE CAYLAR ESPINASSIER Yves XCEI LE CAYLAR PONS Philippe XCEI LE CAYLAR REGOURD Lilian Xn\u00b0 CEI LE CAYLAR SCHWARTZENBERG [Sylvain X XDistrict Sud CEI SERVIAN AVISSE Olivier x xCEI SERVIAN CAUCHIES Geoffrey XCEI SERVIAN LE VESSIER ean-Claude XCEI SERVIAN QUERIO ean XCEI S\u00c9VERAC BAIZID Amar XCEI S\u00c9VERAC BARAILLE Thierry XCEI S\u00c9VERAC BOUDON Franck XCEI S\u00c9VERAC CAUSSE Patrick-Olivier XCEI SEVERAC FAVIER Herv\u00e9 XCEI S\u00c9VERAC MARTY St\u00e9phane X XCEI MONTARNAUD COPPEL Thierry XCEI MONTARNAUD ERRA St\u00e9phane XCEI MONTARNAUD ESCAICH Laurent XCEI MONTARNAUD ORSET Thierry XCIGT/CLT HERAULT VALESCANT Karine x XCEI CLERMONT L'H\u00c9RAULT GELIBERT-PONE Philippe X XCEI CLERMONT L'H\u00c9RAULT PEREZ Antoine XCEI CLERMONT L'H\u00c9RAULT RIGAL Bruno XCEI CLERMONT L'H\u00c9RAULT LECLAIR Yohan XCEI CLERMONT L'H\u00c9RAULT VILLALONGA Fr\u00e9d\u00e9ric XxCEI CLERMONT L'H\u00c9RAULT : \".|VISIERE Lionel\": ca\n63_DIR_Direction Interd\u00e9partementale des Routes du Massif-Central - 69-2025-09-29-00012 - annexe arrete subd\u00e9l\u00e9gation OSPA\n2025DIRMC035 du 29092025 7\n63_DIR_Direction Interd\u00e9partementale des\nRoutes du Massif-Central\n69-2025-09-29-00011\narrete subd\u00e9l\u00e9gation de signature octroy\u00e9e par\nM. Olivier Jautzy directeur interd\u00e9partemental\ndes routes Massif Central, relative \u00e0 l'exercice\ndes comp\u00e9tences d'ordonnateur secondaire et\nde pouvoir adjudicateur n\u00b0 2025DIRMC035 du\n29092025\n63_DIR_Direction Interd\u00e9partementale des Routes du Massif-Central - 69-2025-09-29-00011 - arrete subd\u00e9l\u00e9gation de signature\noctroy\u00e9e par M. Olivier Jautzy directeur interd\u00e9partemental des routes Massif Central, relative \u00e0 l'exercice des comp\u00e9tences\nd'ordonnateur secondaire et de pouvoir adjudicateur n\u00b0 2025DIRMC035 du 29092025\n8\nPREDULibert\u00e9Egalit\u00e9\nFETERHONE\nFraternit\u00e9\nARR\u00caT\u00c9 n\u00b0 2025 \u2014 DIRMC - 035Portant subd\u00e9l\u00e9gation de signature octroy\u00e9e par Monsieur Olivier JAUTZY,Directeur interd\u00e9partemental des routes Massif-Central,relative \u00e0 l'exercice des comp\u00e9tences d'ordonnateur secondaireet de pouvoir adjudicateurLE DIRECTEUR DE LA DIRECTION INTERDEPARTEMENTALE DES ROUTES MASSIF CENTRALVU\nle Code des relations entre le public et l'administrationle Code de la commande publiquela loi organique n\u00b0 2001-692 du 1 ao\u00fbt 2001 modifi\u00e9e relative aux lois de financesle d\u00e9cret n\u00b0 2004-374 du 29 avril 2004 modifi\u00e9 relatif aux pouvoirs des pr\u00e9fets, \u00e0l'organisation et \u00e0 l'action des services de l'\u00c9tat dans les r\u00e9gions et les d\u00e9partementsle d\u00e9cret n\u00b0 2025-723 du 30 juillet 2025 modifiant le d\u00e9cret n\u00b0 2004-374 du 29 avril 2004relatif aux pouvoirs des pr\u00e9fets, \u00e0 l'organisation et \u00e0 l'action des services de l'\u00c9tat dans lesr\u00e9gions et d\u00e9partementsle d\u00e9cret n\u00b0 2025-724 du 30 juillet 2025 \u00e9tendant le pouvoir de d\u00e9rogation reconnu aupr\u00e9fet et pris pour l'application du d\u00e9cret modifiant le d\u00e9cret n\u00b0 2004-374 du 29 avril 2004relatif aux pouvoirs des pr\u00e9fets, \u00e0 l'organisation et \u00e0 l'action des services de l'\u00c9tat dans lesr\u00e9gions et d\u00e9partementsle d\u00e9cret n\u00b0 2006-304 du 16 mars 2006 modifi\u00e9 portant cr\u00e9ation et organisation desdirections interd\u00e9partementales des routesle d\u00e9cret n\u00b0 2012-1246 du 7 novembre 2012 modifi\u00e9 relatif \u00e0 la gestion budg\u00e9taire etcomptable publiquele d\u00e9cret du 11 janvier 2023 portant nomination de la pr\u00e9f\u00e8te de la r\u00e9gion Auvergne-Rh\u00f4ne-Alpes (Fabienne BUCCIO) |l'arr\u00eat\u00e9 du 26 mai 2006 portant constitution des directions interd\u00e9partementales des routesl'arr\u00eat\u00e9 du 26 mai 2006 (rectificatif) NOR EQUR0O6011527Zl'arr\u00eat\u00e9 pr\u00e9fectoral 69-2022-08-22-00004 du 22 ao\u00fbt 2022 portant organisation de ladirection interd\u00e9partementale des routes Massif Centrall'arr\u00eat\u00e9 du 17 octobre 2006 portant r\u00e8glement de comptabilit\u00e9 du minist\u00e8re des Transports,de l'\u00c9quipement, du Tourisme et de la Mer pour la d\u00e9signation d'un ordonnateur secondaired\u00e9l\u00e9gu\u00e9\n1/3\n63_DIR_Direction Interd\u00e9partementale des Routes du Massif-Central - 69-2025-09-29-00011 - arrete subd\u00e9l\u00e9gation de signature\noctroy\u00e9e par M. Olivier Jautzy directeur interd\u00e9partemental des routes Massif Central, relative \u00e0 l'exercice des comp\u00e9tences\nd'ordonnateur secondaire et de pouvoir adjudicateur n\u00b0 2025DIRMC035 du 29092025\n9\n\u00b0 l'arr\u00eat\u00e9 du 25 Juillet 2013 fixant les modalit\u00e9s d'accr\u00e9ditation des ordonnateurs aupr\u00e8s descomptables publics assignataires en application de l'article 10 du d\u00e9cret n\u00b0 2012-1246 du 7novembre 2012 relatif a la gestion budg\u00e9taire et comptable publiquee l'arr\u00eat\u00e9 du 12 juillet 2023 portant nomination du directeur interd\u00e9partemental des routesMassif Central (Olivier JAUTZY)e l'arr\u00eat\u00e9 pr\u00e9fectoral n\u00b0 69-2023-08-21-00011 du 21 ao\u00fbt 2023 portant d\u00e9l\u00e9gation de signaturea M. Olivier JAUTZY, directeur interd\u00e9partemental des routes Massif Central pour l'exercice- des comp\u00e9tences d'ordonnateur secondaire+ __ l'arr\u00eat\u00e9 pr\u00e9fectoral n\u00b0 69-2023-08-21-00012 du 21 ao\u00fbt 2023 portant d\u00e9signation du pouvoiradjudicateur des contrats de la direction interd\u00e9partementale des routes Massif central,portant d\u00e9l\u00e9gation de signature \u00e0 M. Olivier JAUTZY, directeur interd\u00e9partemental desroutes Massif Central, \u00e0 l'effet de signer les contrats de la commande publique et tous lesactes d\u00e9volus au pouvoir adjudicateur pass\u00e9s dans le cadre des missions qui lui sontattribu\u00e9esSur proposition du secr\u00e9taire g\u00e9n\u00e9ral,\nARR\u00caTE\nARTICLE 1:Subd\u00e9l\u00e9gation de signature est donn\u00e9e sans limitation de montant \u00e0 Monsieur Laurent COUDUN,directeur adjoint de la direction interd\u00e9partementale des routes Massif Central :\u2014 \u00e0 l'effet de signer en tant que repr\u00e9sentant du pouvoir adjudicateur, les contrats de la commandepublique et tous actes d\u00e9volus au pouvoir adjudicateur par le Code de la commande publique etles cahiers des clauses administratives g\u00e9n\u00e9rales ;- \u00e0 l'effet de signer pour l'exercice d'ordonnateur secondaire d\u00e9l\u00e9gu\u00e9 toutes les pi\u00e8ces deliquidation et d'ordonnancement de la DIR Massif Central pour les budgets op\u00e9rationnels deprogramme (BOP) 203 et 217 pour les recettes et les d\u00e9penses.ARTICLE 2:Subd\u00e9l\u00e9gation de signature est donn\u00e9e aux agents, dans la limite des montants pr\u00e9cis\u00e9s \u00e0l'annexe n\u00b0 1:\u2014 \u00e0 l'effet de signer en tant que repr\u00e9sentant du pouvoir adjudicateur, les actes d'engagement ettout acte juridique se rattachant \u00e0 la passation et \u00e0 l'ex\u00e9cution des march\u00e9s ;- \u00e0 l'effet de signer pour l'exercice d'ordonnateur secondaire d\u00e9l\u00e9gu\u00e9 toutes les pi\u00e8ces deliquidation et d'ordonnancement de la DIR Massif Central pour les BOP 203 et 217 pour les recetteset les d\u00e9penses.ARTICLE 3:Habilitation est donn\u00e9e aux agents mentionn\u00e9s \u00e0 l'annexe n\u00b01 pour l'utilisation des outils et\n2/3\n63_DIR_Direction Interd\u00e9partementale des Routes du Massif-Central - 69-2025-09-29-00011 - arrete subd\u00e9l\u00e9gation de signature\noctroy\u00e9e par M. Olivier Jautzy directeur interd\u00e9partemental des routes Massif Central, relative \u00e0 l'exercice des comp\u00e9tences\nd'ordonnateur secondaire et de pouvoir adjudicateur n\u00b0 2025DIRMC035 du 29092025\n10\napplicatifs suivants, dans la limite des montants indiqu\u00e9s :- C\u0153ur Chorus - Chorus Nouvelle Communication- Chorus D\u00e9placements Temporaires (CDT) - Carte Achat- Chorus Formulaire - Chorus Pro-travauxARTICLE 4 :Les subd\u00e9l\u00e9gataires seront accr\u00e9dit\u00e9s aupr\u00e8s du directeur r\u00e9gional des finances publiques Auvergne-Rh\u00f4ne-Alpes.ARTICLE 5 :L'arr\u00eat\u00e9 n\u00b0 2025-DIRMC-022 du 15 septembre 2025 est abrog\u00e9.ARTICLE 6 :Le directeur r\u00e9gional des finances publiques d'Auvergne-Rh\u00f4ne-Alpes, le directeurinterd\u00e9partemental des routes Massif Central et le secr\u00e9taire g\u00e9n\u00e9ral sont charg\u00e9s, chacun en ce quiles concerne, de l'ex\u00e9cution du pr\u00e9sent arr\u00eat\u00e9. |Le pr\u00e9sent arr\u00eat\u00e9 sera publi\u00e9 au recueil des actes administratifs de la Pr\u00e9fecture du Rh\u00f4ne.Une copie en sera adress\u00e9e :- aux pr\u00e9fets des d\u00e9partements de l'Ard\u00e8che, de l'Aveyron, du Cantal, de Haute-Loire, de l'H\u00e9rault,du Puy-de-D\u00f4me et de la Loz\u00e8re ;- aux directeurs des DREAL Auvergne-Rh\u00f4ne-Alpes et Occitanie.\nFait \u00e0 Clermont-Ferrand, le 29 septembrePour la pr\u00e9f\u00e8te, et par d\u00e9l\u00e9gation,Le directeur interd\u00e9partemental des routesMassif Central\u00c0A |\n3/3\n63_DIR_Direction Interd\u00e9partementale des Routes du Massif-Central - 69-2025-09-29-00011 - arrete subd\u00e9l\u00e9gation de signature\noctroy\u00e9e par M. Olivier Jautzy directeur interd\u00e9partemental des routes Massif Central, relative \u00e0 l'exercice des comp\u00e9tences\nd'ordonnateur secondaire et de pouvoir adjudicateur n\u00b0 2025DIRMC035 du 29092025\n11\n63_DIR_Direction Interd\u00e9partementale des Routes du Massif-Central - 69-2025-09-29-00011 - arrete subd\u00e9l\u00e9gation de signature\noctroy\u00e9e par M. Olivier Jautzy directeur interd\u00e9partemental des routes Massif Central, relative \u00e0 l'exercice des comp\u00e9tences\nd'ordonnateur secondaire et de pouvoir adjudicateur n\u00b0 2025DIRMC035 du 29092025\n12\n69_Centre Hospitalier Saint Cyr\n69-2025-09-15-00020\nD\u00e9cisions chef de p\u00f4les et services \u00e0 compter du\n1er Octobre 2025\n69_Centre Hospitalier Saint Cyr - 69-2025-09-15-00020 - D\u00e9cisions chef de p\u00f4les et services \u00e0 compter du 1er Octobre 2025 13\nREFERENCE DIRECTION25-2025DATE PAGE 1 SUR 115/09/2025\\ Consultez le document applicable sur la plateforme qualit\u00e9 de l'\u00e9tablissement /\u2014 \u2014\nObjet: Nomination de Madame le Dr Caroline SALEM en qualit\u00e9 de cheffe du Service dep\u00e9rinatalit\u00e9-p\u00f4le 114La Directrice et le Pr\u00e9sident de la commission m\u00e9dicale d'\u00e9tablissement du Centre hospitalier de Saint-Cyr-au-Mont-d'Or;Vu le code de la sant\u00e9 publique dans ses articles L6146-1-1 et L.6146-5-1 ;Vu le d\u00e9cret n\u00b0 2016-291 du 11 mars 2016 relatif a la commission m\u00e9dicale d'\u00e9tablissement, au r\u00e8glementint\u00e9rieur et aux fonctions de chefs de services et responsables de d\u00e9partements, unit\u00e9s fonctionnelles oustructures internes des \u00e9tablissements publics de sant\u00e9 ;Vu le d\u00e9cret n\u00b0 2021-1437 du 4 novembre 2021 cr\u00e9ant une indemnit\u00e9 de fonction pour les chefs de service ausein des \u00e9tablissements publics de sant\u00e9 ;Vu l'avis de la cheffe de p\u00f4le ;Vu l'avis du Directoire en date du 10 septembre 2025 ;\nDECIDENTArticle 1 : Mme le Dr Caroline SALEM, m\u00e9decin des h\u00f4pitaux, praticien hospitalier \u00e0 temps plein, estnomm\u00e9e chef de service de p\u00e9rinatalit\u00e9 ;Article 2 : L'indemnit\u00e9 de fonction de chef de service est vers\u00e9e \u00e0 compter du 1\u00b0 octobre 2025 ;Article 3 : La pr\u00e9sente d\u00e9cision prend effet le 1\u00b0 octobre 2025 ;Article 4 : La pr\u00e9sente d\u00e9cision est notifi\u00e9e \u00e0 l'int\u00e9ress\u00e9e, \u00e0 la cheffe du p\u00f4le et est publi\u00e9e dansl'\u00e9tablissement ;Article 5: Cette d\u00e9cision peut faire l'objet d'une contestation devant le Tribunal Administratif dans und\u00e9lai de 2 mois \u00e0 compter de sa notification. Le Tribunal comp\u00e9tent est celui de Lyon.\nFait \u00e0 Saint Cyr au Mont d'Or le 15 septembre 2025Ana\u00efs JEHANNO Jean-Pierre SALVARELLIDirectrice G\u00e9n\u00e9rale | Pr\u00e9sident de la CME\n| | \\ Docteur J s\u00e9SALVARELLIS Pr\u00e9sident de la CMEDESTINATAIRES : \\ / \"CENTRE HOSPITALIER- Tr\u00e9sorier \\ / rue J.B. Perret CS 15045- int\u00e9ress\u00e9e | / 69450 SAINT CYR AU MONT D'OK- Dossier individuel Dr Salem \u00c9 Secr\u00e9tariat de la CME : 04.72.42.32.66- Cheffe de p\u00f4le\nCH}\u00a2saint-cyr au Ment d'Or VV|Mod\u00e8le d\u00e9cision :DOC-611-F-GO/V1\n69_Centre Hospitalier Saint Cyr - 69-2025-09-15-00020 - D\u00e9cisions chef de p\u00f4les et services \u00e0 compter du 1er Octobre 2025 14\nREFERENCE DIRECTION26-2025DATE15/09/2025 PAGE 1 SUR 1Consultez le document applicable sur la plateforme qualit\u00e9 de l'\u00e9tablissement a\nObjet: Nomination de Madame le Dr Justine BOUNIARD en qualit\u00e9 de cheffe du serviceR\u00e9habilitationLa Directrice et le Pr\u00e9sident de la commission m\u00e9dicale d'\u00e9tablissement du Centre hospitalier de Saint-Cyr-au-Mont-d'Or;Vu le code de la sant\u00e9 publique dans ses articles L6146-1-1 et L.6146-5-1 ;Vu le d\u00e9cret n\u00b0 2016-291 du 11 mars 2016 relatif a la commission m\u00e9dicale d'\u00e9tablissement, au r\u00e9glementint\u00e9rieur et aux fonctions de chefs de services et responsables de d\u00e9partements, unit\u00e9s fonctionnelles oustructures internes des \u00e9tablissements publics de sant\u00e9 ;Vu le d\u00e9cret n\u00b0 2021-1437 du 4 novembre 2021 cr\u00e9ant une indemnit\u00e9 de fonction pour les chefs de service ausein des \u00e9tablissements publics de sant\u00e9 ;VU la proposition du chef de p\u00f4leVu l'avis du Directoire en date du 10 septembre 2025 ;\nDECIDENTArticle 1 : La d\u00e9cision 870-2023 est abrog\u00e9e ;Article 2: Mme le Dr Justine BOUNIARD, m\u00e9decin des h\u00f4pitaux, praticien hospitalier \u00e0 temps plein, estnomm\u00e9e cheffe de service de r\u00e9habilitation ;Article 3 : L'indemnit\u00e9 de fonction de chef de service est vers\u00e9e \u00e0 compter du 1\u00b0 octobre 2025 ;Article 4 : La pr\u00e9sente d\u00e9cision prend effet le 1\u00b0 octobre 2025 ;Article 5 : La pr\u00e9sente d\u00e9cision est notifi\u00e9e \u00e0 l'int\u00e9ress\u00e9e, \u00e0 la cheffe du p\u00f4le publi\u00e9e dansl'\u00e9tablissement ;Article 6 : Cette d\u00e9cision peut faire l'objet d'une contestation devant le Tribunal administratif dans und\u00e9lai de 2 mois \u00e0 compter de sa notification. Le Tribunal comp\u00e9tent est celui de Lyon.\nFait \u00e0 Saint Cyr au Mont d'Or le 15 septembre 2025Ana\u00efs JEHANNO Jean-Pierre SALVARELLIDirectrice G\u00e9n\u00e9rale Pr\u00e9sident de la CMEmmtf \u2014_\u2014\u2014PE der| Docteur Jean 6rre SALVARELLIDESTINATAIRES : \\ / 6 rue J.B. Peret Ce ABER- Tr\u00e9sorier / 9459 SAI 5045- int\u00e9ress\u00e9e Secr\u00e9tariat CYR AU MONT D'ORCME : 04.72.4232 68- Dossier individuel Dr Bouniard- Cheffe de p\u00f4le\nCH3f- Saint-Cyr au Mont d'Or VW|Mod\u00e8le d\u00e9cision :DOC-611-F-GO/V1\n69_Centre Hospitalier Saint Cyr - 69-2025-09-15-00020 - D\u00e9cisions chef de p\u00f4les et services \u00e0 compter du 1er Octobre 2025 15\nREFERENCE DIRECTION27-2025DATE PAGE 1 SUR 115/09/2025Consultez le document applicable sur la plateforme qualit\u00e9 de l'\u00e9tablissement )\nObjet: Nomination de Monsieur le Docteur Jocelyn JEZEQUEL en qualit\u00e9 de chef du Service de laPharmacie \u00e0 Usage Interne \u2014 p\u00f4le transversalLa Directrice et le Pr\u00e9sident de la commission m\u00e9dicale d'\u00e9tablissement du Centre hospitalier de Saint-Cyr-au-Mont-d'Or;Vu le code de la sant\u00e9 publique dans ses articles L6146-1-1 et L.6146-5-1 ;Vu le d\u00e9cret n\u00b0 2016-291 du 11 mars 2016 relatif \u00e0 la commission m\u00e9dicale d'\u00e9tablissement, au r\u00e8glementint\u00e9rieur et aux fonctions de chefs de services et responsables de d\u00e9partements, unit\u00e9s fonctionnelles oustructures internes des \u00e9tablissements publics de sant\u00e9 ;Vu le d\u00e9cret n\u00b0 2021-1437 du 4 novembre 2021 cr\u00e9ant une indemnit\u00e9 de fonction pour les chefs de service ausein des \u00e9tablissements publics de sant\u00e9 ;Vu la proposition de la cheffe de p\u00f4le ;Vu l'avis du Directoire en date du 10 septembre 2025 ;\nDECIDENTArticle 1 : La d\u00e9cision 736-2024 est abrog\u00e9e ;Article 2 : M. le Dr JEZEQUEL, m\u00e9decin des h\u00f4pitaux, praticien hospitalier \u00e0 temps plein, est nomm\u00e9 chefde service de la Pharmacie \u00e0 Usage int\u00e9rieur;Article 3 : L'indemnit\u00e9 de fonction de chef de service est vers\u00e9e \u00e0 compter du 1\" octobre 2025;Article 4 : La pr\u00e9sente d\u00e9cision prend effet le 1\u00b0 octobre 2025 ;Article 5 : La pr\u00e9sente d\u00e9cision est notifi\u00e9e \u00e0 l'int\u00e9ress\u00e9e, \u00e0 la cheffe du p\u00f4le transversal et est publi\u00e9edans l'\u00e9tablissement :Article 6 : Cette d\u00e9cision peut faire l'objet d'une contestation devant le Tribunal administratif dans und\u00e9lai de 2 mois \u00e0 compter de sa notification. Le Tribunal comp\u00e9tent est celui de Lyon.\nFait \u00e0 St Cyr au Mont d'Or le 15 septembre 2025Ana\u00efs JEHANNO Jean-Pierre SALVARELLIDirectrice G\u00e9n\u00e9rale _ Pr\u00e9sident de la CMEoN DocteurLuean-Plerre \u00a7 i\\ r\u00e9sident datesyCENTREE HOSPiTALIER-ison 69450 SAINT CanAU MONT- Int\u00e9ress\u00e9e ; / Sec: \u00e9tariat de la D'OR- Dossier individuel Dr Jezequel / CME : 04. 72 42, 32. 68- Cheffe de p\u00f4le transversal\nCH=#-saint-Cyr au Mont d'OrMod\u00e8le d\u00e9cision :DOC-611-F-GQ/V1\n69_Centre Hospitalier Saint Cyr - 69-2025-09-15-00020 - D\u00e9cisions chef de p\u00f4les et services \u00e0 compter du 1er Octobre 2025 16\n= Dj REFERENCE DIRECTION28-2025DATE PAGE 1 SUR 115/09/2025\\ Consultez le document applicable sur la plateforme qualit\u00e9 de l'\u00e9tablissement /ee \u2014 nr\nObjet: Nomination de Madame le Dr Marie LE BARS en qualit\u00e9 de cheffe du service de m\u00e9decineg\u00e9n\u00e9rale- p\u00f4le transversalLa Directrice et le Pr\u00e9sident de la commission m\u00e9dicale d'\u00e9tablissement du Centre hospitalier de Saint-Cyr-au-Mont-d'Or;Vu le code de la sant\u00e9 publique dans ses articles L6146-1-1 et L.6146-5-1 ;Vu le d\u00e9cret n\u00b0 2016-291 du 11 mars 2016 relatif \u00e0 la commission m\u00e9dicale d'\u00e9tablissement, au r\u00e8glementint\u00e9rieur et aux fonctions de chefs de services et responsables de d\u00e9partements, unit\u00e9s fonctionnelles oustructures internes des \u00e9tablissements publics de sant\u00e9 ;Vu le d\u00e9cret n\u00b0 2021-1437 du 4 novembre 2021 cr\u00e9ant une indemnit\u00e9 de fonction pour les chefs de service ausein des \u00e9tablissements publics de sant\u00e9 ;Vu la proposition de la cheffe de p\u00f4le ;Vu l'avis du Directoire en date du 10 septembre 2025 ;\nDECIDENTArticle 1 : La d\u00e9cision 848-2023 est abrog\u00e9e ;Article 2 : Mme le Dr Marie LEBARS, m\u00e9decin des h\u00f4pitaux, praticien hospitalier \u00e0 temps plein, estnomm\u00e9e chef de service du service de m\u00e9decine g\u00e9n\u00e9rale ;Article 3 : L'indemnit\u00e9 de fonction de chef de service est vers\u00e9e \u00e0 compter du 1\u00b0 octobre 2025 ;Article 4 : La pr\u00e9sente d\u00e9cision prend effet le 1\u00b0 octobre 2025 ;Article 5 : La pr\u00e9sente d\u00e9cision est notifi\u00e9e \u00e0 l'int\u00e9ress\u00e9e, \u00e0 la cheffe du p\u00f4le transversal et est publi\u00e9edans l'\u00e9tablissement ;Article 6 : Cette d\u00e9cision peut faire l'objet d'une contestation devant le Tribunal Administratif dans und\u00e9lai de 2 mois \u00e0 compter de sa notification. Le Tribunal comp\u00e9tent est celui de Lyon.\nFait \u00e0 Saint Cyr au Mont d'Or le 15 septembre 2025Ana\u00efs JEHANNO Jean-Pierre SALVARELLIDirectrice G\u00e9n\u00e9rale Pr\u00e9sident de la CME' raPa i LS enone\nA Docteur Jean-BH\u00e9rr\u00e9/SALVARELL\u00c0 | ent defa CME: \\ / rue J.B. Perre 5P\u00c9TMATARES : 69450 SAINT CYR AU MONT D'OR_ int\u00e9ress\u00e9e > Secr\u00e9tariat de la CME : 04.72.42.32.68- Dossier individuel Dr Bouniard- Cheffe de p\u00f4le\nCH2 {-Saint-Cyr fu Mort d'OrXMod\u00e8le d\u00e9cision :DO0C-611-F-GOQ/V1\n69_Centre Hospitalier Saint Cyr - 69-2025-09-15-00020 - D\u00e9cisions chef de p\u00f4les et services \u00e0 compter du 1er Octobre 2025 17\nREFERENCE29-2025DATE15/09/2025Consultez le document applicable sur la plateforme qualit\u00e9 de l'\u00e9tablissement\nDIRECTIONPAGE 1 SUR 1\nO\u00f9\nJObjet: Nomination de Monsieur le Dr Florent LE CAMUS en qualit\u00e9 de chef de serviced'Addictologie- p\u00f4les G34 et G35\nMod\u00e8le d\u00e9cision :DOC-611-F-GO/MV1\nLa Directrice et le Pr\u00e9sident de la commission m\u00e9dicale d'\u00e9tablissement du Centre hospitalier de Saint-Cyr-au-Mont-d'Or;Vu le code de la sant\u00e9 publique dans ses articles L6146-1-1 et L.6146-5-1 ;Vu le d\u00e9cret n\u00b0 2016-291 du 11 mars 2016 relatif \u00e0 la commission m\u00e9dicale d'\u00e9tablissement, au r\u00e8glementint\u00e9rieur et aux fonctions de chefs de services et responsables de d\u00e9partements, unit\u00e9s fonctionnelles oustructures internes des \u00e9tablissements publics de sant\u00e9 ;Vu le d\u00e9cret n\u00b0 2021-1437 du 4 novembre 2021 cr\u00e9ant une indemnit\u00e9 de fonction pour les chefs de service ausein des \u00e9tablissements publics de sant\u00e9 ;Vu les propositions des chefs de p\u00f4le,Vu l'avis du Directoire en date du 10 septembre 2025 ;\nDECIDENTArticle 1 : M. le Dr Florent LE CAMUS, m\u00e9decin des h\u00f4pitaux, praticien hospitalier \u00e0 temps plein, estnomm\u00e9 chef de service d'addictologie ;Article 2 : L'indemnit\u00e9 de fonction de chef de service est vers\u00e9e \u00e0 compter du 1er octobre 2025 ;Article 3: La pr\u00e9sente d\u00e9cision prend effet le 1\u00b0 octobre 2025 ;Article 4 : La pr\u00e9sente d\u00e9cision est notifi\u00e9e \u00e0 l'int\u00e9ress\u00e9e, aux chefs de p\u00f4le et est publi\u00e9e dansl'\u00e9tablissement ;Article 5: Cette d\u00e9cision peut faire l'objet d'une contestation devant le Tribunal administratif dans und\u00e9lai de 2 mois \u00e0 compter de sa notification. Le Tribunal comp\u00e9tent est celui de Lyon.\nFait \u00e0 Saint Cyr au Mont d'Or le 15 septembre 2025Ana\u00efs JEHANNO Jean-Pierre SALVARELLIDirectrice G\u00e9n\u00e9rale Pr\u00e9sident de la CME>; OSPla DIRECTION Ai\u00a9 IOSDESTINATAIRES : EN PASY!- Tr\u00e9sorier VOD _* S /- Int\u00e9ress\u00e9e 'CRAIN- Dossier individuel Dr Le Camus \u2014- Chefde p\u00f4le\nCHE Saint-Cyr au Mant d'Or Ve|\n69_Centre Hospitalier Saint Cyr - 69-2025-09-15-00020 - D\u00e9cisions chef de p\u00f4les et services \u00e0 compter du 1er Octobre 2025 18\n\\\nj REFERENCE DIRECTION30-2025DATE PAGE 1 SUR 115/09/2025Consultez le document applicable sur la plateforme qualit\u00e9 de l'\u00e9tablissement }\nmmseo\nVs\n| Objet : Nomination de Monsieur le Dr Jean-Pierre SALVARELLI en qualit\u00e9 de chef de p\u00f4le G34 |La Directrice et le Pr\u00e9sident de la commission m\u00e9dicale d'\u00e9tablissement du Centre hospitalier de Saint-Cyr-au-Mont-d'Or,Vu le code de la sant\u00e9 publique dans ses articles L6146-1,Vu le d\u00e9cret n\u00b0 3016-41 du 26 janvier 2016,Vu l'arr\u00eat\u00e9 minist\u00e9riel du 4 novembre 2021 modifiant l'arr\u00eat\u00e9 du 11 juin 2010 fixant le montant et les modalit\u00e9s deversement de l'indemnit\u00e9 de fonction des chefs de p\u00f4les,Vu la d\u00e9cision n\u00b0235-2020,Vu l'avis du Directoire en date du 10 septembre 2025,\nDECIDENTArticle 1 : La d\u00e9cision n\u00b0 235-2020 est abrog\u00e9e,Article 2 : M. le DrJean-Pierre SALVARELLI, m\u00e9decin des h\u00f4pitaux, praticien hospitalier \u00e0 temps plein, estnomm\u00e9 chef de p\u00f4le \u2014 G 34,Article 3 : La pr\u00e9sente d\u00e9cision prend effet le 1\u00b0 octobre 2025,Article 4 : La pr\u00e9sente d\u00e9cision est notifi\u00e9e \u00e0 l'int\u00e9ress\u00e9 et est publi\u00e9e dans l'\u00e9tablissement,Article 5: Cette d\u00e9cision peut faire l'objet d'une contestation devant le Tribunal administratif dans und\u00e9lai de 2 mois \u00e0 compter de sa notification. Le Tribunal comp\u00e9tent est celui de Lyon.\nFait \u00e0 Saint Cyr au Mont d'Or le 15 septembre 2025Anais JEHANNO Jean-Pierre SALVARELLIDirectrice G\u00e9n\u00e9rale ~~ Pr\u00e9sident de la CME\n\u00e0  4\nDocteur Jean-Pierre SALVAREIPr\u00e9sicantide ?SATVARELLICENTRE HOSPITALIERDESTINATAIRES : | 4 06.J.8- Dene 622450 SAINT CYR AUMONTDOR- interessee- Dossier individuel Dr SALVARELLI nat de la CME : 04.72.42326\u00a2- Chef de p\u00f4le\nCH: E Saint-Cyr au Mont d'Or V_Mod\u00e8le d\u00e9cision :DOC-611-F-GO/V1\n69_Centre Hospitalier Saint Cyr - 69-2025-09-15-00020 - D\u00e9cisions chef de p\u00f4les et services \u00e0 compter du 1er Octobre 2025 19\nREFERENCE31-2025DATE15/09/2025a Consultez le document applicable sur la plateforme qualit\u00e9 de l'\u00e9tablissement\nDIRECTION +)PAGE 1 SUR 1\n| Objet : Nomination de Monsieur le Dr St\u00e9phane HENRIETTE en qualit\u00e9 de chef de p\u00f4le G35La Directrice et le Pr\u00e9sident de la commission m\u00e9dicale d'\u00e9tablissement du Centre hospitalier de Saint-Cyr-au-Mont-d'Or,Vu le code de la sant\u00e9 publique dans ses articles L6146- 1,Vu le d\u00e9cret n\u00b0 3016-41 du 26 janvier 2016,Vu l'arr\u00eat\u00e9 minist\u00e9riel du 4 novembre 2021 modifiant l'arr\u00eat\u00e9 du 11 juin 2010 fixant le montant et les modalit\u00e9s deversement de l'indemnit\u00e9 de fonction des chefs de p\u00f4les,Vu la d\u00e9cision n\u00b0560-2020,Vu l'avis du Directoire en date du 10 septembre 2025,\nDECIDENTArticle 1 : La d\u00e9cision n\u00b0 560-2020 est abrog\u00e9e,Article 2 : M. le Dr St\u00e9phane HENRIETTE, m\u00e9decin des h\u00f4pitaux, praticien hospitalier \u00e0 temps plein, estnomm\u00e9 chef de p\u00f4le \u2014 G 35,Article 3 : La pr\u00e9sente d\u00e9cision prend effet le 1\u00b0 octobre 2025,Article 4 : La pr\u00e9sente d\u00e9cision est notifi\u00e9e \u00e0 l'int\u00e9ress\u00e9 et est publi\u00e9e dans l'\u00e9tablissement,Article 5: Cette d\u00e9cision peut faire l'objet d'une contestation devant le Tribunal administratif dans und\u00e9lai de 2 mois \u00e0 compter de sa notification. Le Tribunal comp\u00e9tent est celui de Lyon.\nFait \u00e0 Saint Cyr au Mont d'Or le 15 septembre 2025Ana\u00efs JEHANNO Jean-Pierre SALVARELLIDirectrice G\u00e9n\u00e9rale 4 Pr\u00e9sident de la CMEans\n\\ \" ~ cane| | f Le< PADESTINATAIRES :- Tr\u00e9sorier- Int\u00e9ress\u00e9e Docte- Dossier individuel Dr HENRIETTE up vean-Piarre SALVARELLI- Chef de p\u00f4l SIdenef de pole CENTRE HOSPITALIERrue J.B, Perret CS 150469450 SAINT CYR AUM > |Secr\u00e9tariat de la CME : 04 Pada\nCH saint-cyr au Ment d'Or VWMod\u00e8le d\u00e9cision :DOC-611-F-GO/V1\n69_Centre Hospitalier Saint Cyr - 69-2025-09-15-00020 - D\u00e9cisions chef de p\u00f4les et services \u00e0 compter du 1er Octobre 2025 20\nREFERENCE DIRECTION32-2025DATE PAGE 1 SUR 115/09/2025Consultez le document applicable sur la plateforme qualit\u00e9 de l'\u00e9tablissement 2\nObjet : Nomination de Madame le Dr Marjolaine DELERS en qualit\u00e9 de cheffe de p\u00f4le 114 |La Directrice et le Pr\u00e9sident de la commission m\u00e9dicale d'\u00e9tablissement du Centre hospitalier de Saint-Cyr-au-Mont-d'Or,Vu le code de la sant\u00e9 publique dans ses articles L6146-1,Vu le d\u00e9cret n\u00b0 3016-41 du 26 janvier 2016,Vu l'arr\u00eat\u00e9 minist\u00e9riel du 4 novembre 2021 modifiant l'arr\u00eat\u00e9 du 11 juin 2010 fixant le montant et les modalit\u00e9s deversement de l'indemnit\u00e9 de fonction des chefs de p\u00f4les,Vu la d\u00e9cision n\u00b0559-2020Vu l'avis du Directoire en date du 10 septembre 2025,\nDECIDENTArticle 1 : La d\u00e9cision n\u00b0 559-2020 est abrog\u00e9e,Article 2 : Mme le Dr Marjolaine DELERS, m\u00e9decin des h\u00f4pitaux, praticien hospitalier \u00e0 temps plein, estnomm\u00e9e chef de p\u00f4le \u2014 1 14,Article 3 : La pr\u00e9sente d\u00e9cision prend effet le 1\u00b0 octobre 2025,Article 4 : La pr\u00e9sente d\u00e9cision est notifi\u00e9e \u00e0 l'int\u00e9ress\u00e9e et est publi\u00e9e dans l'\u00e9tablissement,Article 5 : Cette d\u00e9cision peut faire l'objet d'une contestation devant le Tribunal administratif dans und\u00e9lai de 2 mois a compter de sa notification. Le Tribunal comp\u00e9tent est celui de Lyon.\nFait \u00e0 Saint Cyr au Mont d'Or le 15 septembre 2025Ana\u00efs JEHANNO Jean-Pierre SALVARELLIDirectrice G\u00e9n\u00e9rale Pr\u00e9sident de la CME\nPa\n\"allPFsg 7apeeean-Plete SALVARELL!\nall \"\nDESTINATAIRES :- Tr\u00e9sorier Se) CENTRE HOSPITALIER- int\u00e9ress\u00e9e / rue J.B. Perret CS 15045- Dossier individuel Dr Delers 69450 SAINT CYR AU MONT DIOR- Chefde p\u00e9le Secr\u00e9tariat de la CME : 04.72.42.32.\u20ac:\nCH} Saint-Cyr au Mont d'Or > &Mod\u00e8le d\u00e9cision :DOC-611-F-GO/V1\n69_Centre Hospitalier Saint Cyr - 69-2025-09-15-00020 - D\u00e9cisions chef de p\u00f4les et services \u00e0 compter du 1er Octobre 2025 21\n4 REFERENCE33-2025 DIRECTIONDATE\n15/09/2025  \nPAGE  1  SUR  1\nL Consultez le document applicable sur la plateforme qualit\u00e9 de l'\u00e9tablissement /| Objet : Nomination de Madame le Dr Corine BORELLO en qualit\u00e9 de cheffe de p\u00f4le Z69 |La Directrice et le Pr\u00e9sident de la commission m\u00e9dicale d'\u00e9tablissement du Centre hospitalier de Saint-Cyr-au-Mont-d'Or,Vu le code de la sant\u00e9 publique dans ses articles L6146-1,Vu le d\u00e9cret n\u00b0 3016-41 du 26 janvier 2016,Vu l'arr\u00eat\u00e9 minist\u00e9riel du 4 novembre 2021 modifiant l'arr\u00eat\u00e9 du 11 juin 2010 fixant le montant et les modalit\u00e9s deversement de l'indemnit\u00e9 de fonction des chefs de p\u00f4les,Vu la d\u00e9cision n\u00b0687-2020,Vu l'avis du Directoire en date du 10 septembre 2025,\nDECIDENTArticle 1 : La d\u00e9cision n\u00b0 687-2020 est abrog\u00e9e,Article 2 : Mme le Dr Corine BORELLO m\u00e9decin des h\u00f4pitaux, praticien hospitalier \u00e0 temps plein, estnomm\u00e9e chef de p\u00f4le \u2014Z 69,Article 3 : La pr\u00e9sente d\u00e9cision prend effet le 1\u00b0 octobre 2025,Article 4 : La pr\u00e9sente d\u00e9cision est notifi\u00e9e \u00e0 l'int\u00e9ress\u00e9e et est publi\u00e9e dans l'\u00e9tablissement,Article 5: Cette d\u00e9cision peut faire l'objet d'une contestation devant le Tribunal administratif dans und\u00e9lai de 2 mois \u00e0 compter de sa notification. Le Tribunal comp\u00e9tent est celui de Lyon.\nFait \u00e0 Saint Cyr au Mont d'Or le 15 septembre 2025Ana\u00efs JEHANNO Jean-Pierre SALVARELLIDirectrice G\u00e9n\u00e9rale Pr\u00e9sident de la CME\nfyDocteur Jpdnpterre\u00a7 |ET \u00c9Sid nt de la.SKji > la SMEDESTINATAIRES : ENTRE-HOSP}- Tr\u00e9sorier \u00fc SN / Ce J.B. Perret CS ABERDossier individuel Dr BoRELLO + AT 68450 SAINT CYR AU MONT D'OR- Dossier ingividue: a .Dossier  na  \nriat  de  la  CME  : 04.72.42 39  Ge\nCH: {eSaint-Cyr au Ment d'OrxMod\u00e8le d\u00e9cision :DOC-611-F-GO/V1\n69_Centre Hospitalier Saint Cyr - 69-2025-09-15-00020 - D\u00e9cisions chef de p\u00f4les et services \u00e0 compter du 1er Octobre 2025 22\n69_Pr\u00e9f_Pr\u00e9fecture du Rh\u00f4ne\n69-2025-09-29-00002\nArr\u00eat\u00e9 modifiant l'arr\u00eat\u00e9 n\u00b0 69-2020-03-05-011 du\n05 mars 2020 \nportant habilitation dans le domaine fun\u00e9raire :\nSPL LE SERVICE FUN\u00c9RAIRE, situ\u00e9 5 rue de\nVerdun 69500 Bron\n69_Pr\u00e9f_Pr\u00e9fecture du Rh\u00f4ne - 69-2025-09-29-00002 - Arr\u00eat\u00e9 modifiant l'arr\u00eat\u00e9 n\u00b0 69-2020-03-05-011 du 05 mars 2020 \nportant habilitation dans le domaine fun\u00e9raire : SPL LE SERVICE FUN\u00c9RAIRE, situ\u00e9 5 rue de Verdun 69500 Bron 23\nPREFETEDU RHONELibert\u00e9Egalit\u00e9Fraternit\u00e9\nDirection des Affaires Juridiques\net de l'Administration Locale\nBureau des r\u00e9glementations,\ndes \u00e9lections et des associations\nAffaire suivie par : Mme Delphine LOPEZ-PERSAT\nT\u00e9l. : 04 72 61 61 29\nCourriel : pref-funeraire@rhone.gouv.fr\nArr\u00eat\u00e9 pr\u00e9fectoral n\u00b0 69 - 2025 -                                          x\nmodifiant l'arr\u00eat\u00e9 n\u00b0 69-2020-03-05-011 du 05 mars 2020 \nportant habilitation dans le domaine fun\u00e9raire\nLa Pr\u00e9f\u00e8te de la R\u00e9gion Auvergne-Rh\u00f4ne-Alpes,\nPr\u00e9f\u00e8te de la Zone de d\u00e9fense et de s\u00e9curit\u00e9 sud-est,\nPr\u00e9f\u00e8te du Rh\u00f4ne,\nCommandeur de la L\u00e9gion d'honneur,\nCommandeur de l'ordre national du M\u00e9rite,\nVU le  code g\u00e9n\u00e9ral des collectivit\u00e9s territoriales, notamment ses articles L.2223-23 et R.2223-23-5 et\nsuivants ;\nVU la loi n\u00b0 93-23 du 8 janvier 1993 modifiant le titre VI du livre III du code des communes et relative \u00e0 la\nl\u00e9gislation dans le domaine fun\u00e9raire ;\nVU  le  dossier  de  demande  de  modification  d'habilitation  relative  au  changement  de  d\u00e9nomination\nsociale, r\u00e9ceptionn\u00e9 en pr\u00e9fecture le 29 ao\u00fbt 2025, transmis par Madame Agn\u00e8s BACHELOT-JOURNET,\ndirectrice g\u00e9n\u00e9rale  de la  SPL LE SERVICE FUN\u00c9RAIRE,  pour l'\u00e9tablissement  secondaire situ\u00e9 5 rue de\nVerdun 69500 Bron;\nSur proposition de Madame la Directrice des Affaires Juridiques et de l'Administration Locale ;\nARR\u00caTE\nArticle 1     :   Les dispositions de l'article 1 de l'arr\u00eat\u00e9 pr\u00e9fectoral n\u00b0 69-2020-03-05-011 du 05 mars 2020\nportant habilitation dans le domaine fun\u00e9raire, sont remplac\u00e9es par les dispositions suivantes :\n\u00ab L'\u00e9tablissement secondaire de la SPL LE SERVICE FUN\u00c9RAIRE, situ\u00e9 5 rue de Verdun 69500 Bron, dont la\ndirectrice g\u00e9n\u00e9rale est Madame Agn\u00e8s BACHELOT-JOURNET, est habilit\u00e9 pour exercer sur l'ensemble du\nterritoire national, les activit\u00e9s fun\u00e9raires ci-apr\u00e8s :\n- Organisation des obs\u00e8ques\n- Fourniture des housses, des cercueils et de leurs accessoires int\u00e9rieurs et ext\u00e9rieurs, ainsi que des urnes\ncin\u00e9raires\nPr\u00e9fecture du Rh\u00f4ne\n18 Rue de Bonnel\n69 419 LYON CEDEX 03\nT\u00e9l : 04 72 61 61 61\nwww.rhone.gouv.fr\n1/2\n69_Pr\u00e9f_Pr\u00e9fecture du Rh\u00f4ne - 69-2025-09-29-00002 - Arr\u00eat\u00e9 modifiant l'arr\u00eat\u00e9 n\u00b0 69-2020-03-05-011 du 05 mars 2020 \nportant habilitation dans le domaine fun\u00e9raire : SPL LE SERVICE FUN\u00c9RAIRE, situ\u00e9 5 rue de Verdun 69500 Bron 24\nArticle     2   : Les dispositions de l'article 2 de l'arr\u00eat\u00e9 pr\u00e9fectoral n\u00b0 69-2020-03-05-011 du 05 mars 2020\nportant habilitation dans le domaine fun\u00e9raire, sont remplac\u00e9es par les dispositions suivantes : \n\u00ab La dur\u00e9e de la pr\u00e9sente habilitation d\u00e9livr\u00e9e sous le n\u00b020-69-0450 est fix\u00e9e jusqu'au 05 mars 2026. \u00bb\nArticle 3 : Le reste est sans changement.\nArticle     4   : Le pr\u00e9sent arr\u00eat\u00e9 peut faire l'objet, dans un d\u00e9lai de 2  mois \u00e0 compter de sa publication, d'un\nrecours contentieux aupr\u00e8s du Tribunal Administratif de Lyon, 184 rue Duguesclin 69  433 Lyon Cedex 03\nou sur le site www.telerecours.fr.\nArticle     5     : Le pr\u00e9sent arr\u00eat\u00e9 sera publi\u00e9 au recueil des actes administratifs de la pr\u00e9fecture du Rh\u00f4ne. \nFait \u00e0 Lyon, le 29 septembre 2025\n__________\npour La Pr\u00e9f\u00e8te\nla directrice des affaires juridiques\net de l'administration locale\nCatherine MERIC\n2/2\n69_Pr\u00e9f_Pr\u00e9fecture du Rh\u00f4ne - 69-2025-09-29-00002 - Arr\u00eat\u00e9 modifiant l'arr\u00eat\u00e9 n\u00b0 69-2020-03-05-011 du 05 mars 2020 \nportant habilitation dans le domaine fun\u00e9raire : SPL LE SERVICE FUN\u00c9RAIRE, situ\u00e9 5 rue de Verdun 69500 Bron 25\n69_Pr\u00e9f_Pr\u00e9fecture du Rh\u00f4ne\n69-2025-09-29-00009\nArr\u00eat\u00e9 modifiant l'arr\u00eat\u00e9 n\u00b0 69-2021-01-09-003 du\n09 janvier 2021  portant habilitation dans le\ndomaine fun\u00e9raire : SPL LE SERVICE FUN\u00c9RAIRE,\nsitu\u00e9 54 avenue Victor Hugo 69160\nTassin-la-Demi-Lune\n69_Pr\u00e9f_Pr\u00e9fecture du Rh\u00f4ne - 69-2025-09-29-00009 - Arr\u00eat\u00e9 modifiant l'arr\u00eat\u00e9 n\u00b0 69-2021-01-09-003 du 09 janvier 2021  portant\nhabilitation dans le domaine fun\u00e9raire : SPL LE SERVICE FUN\u00c9RAIRE, situ\u00e9 54 avenue Victor Hugo 69160 Tassin-la-Demi-Lune 26\nPREFETEDU RHONELibert\u00e9Egalit\u00e9Fraternit\u00e9\nDirection des Affaires Juridiques\net de l'Administration Locale\nBureau des r\u00e9glementations,\ndes \u00e9lections et des associations\nAffaire suivie par : Mme Delphine LOPEZ-PERSAT\nT\u00e9l. : 04 72 61 61 29\nCourriel : pref-funeraire@rhone.gouv.fr\nArr\u00eat\u00e9 pr\u00e9fectoral n\u00b0 69 - 2025 -                                          x\nmodifiant l'arr\u00eat\u00e9 n\u00b0 69-2021-01-09-003 du 09 janvier 2021 \nportant habilitation dans le domaine fun\u00e9raire\nLa Pr\u00e9f\u00e8te de la R\u00e9gion Auvergne-Rh\u00f4ne-Alpes,\nPr\u00e9f\u00e8te de la Zone de d\u00e9fense et de s\u00e9curit\u00e9 sud-est,\nPr\u00e9f\u00e8te du Rh\u00f4ne,\nCommandeur de la L\u00e9gion d'honneur,\nCommandeur de l'ordre national du M\u00e9rite,\nVU le  code g\u00e9n\u00e9ral des collectivit\u00e9s territoriales, notamment ses articles L.2223-23 et R.2223-23-5 et\nsuivants ;\nVU la loi n\u00b0 93-23 du 8 janvier 1993 modifiant le titre VI du livre III du code des communes et relative \u00e0 la\nl\u00e9gislation dans le domaine fun\u00e9raire ;\nVU  le  dossier  de  demande  de  modification  d'habilitation  relative  au  changement  de  d\u00e9nomination\nsociale, r\u00e9ceptionn\u00e9 en pr\u00e9fecture le 29 ao\u00fbt 2025, transmis par Madame Agn\u00e8s BACHELOT-JOURNET,\ndirectrice g\u00e9n\u00e9rale  de la  SPL LE SERVICE FUN\u00c9RAIRE,  pour l'\u00e9tablissement  secondaire situ\u00e9 54 avenue\nVictor Hugo 69160 Tassin-la-Demi-Lune;\nSur proposition de Madame la Directrice des Affaires Juridiques et de l'Administration Locale ;\nARR\u00caTE\nArticle 1     :   Les dispositions de l'article 1 de l'arr\u00eat\u00e9 pr\u00e9fectoral n\u00b0 69-2021-01-09-003 du 09 janvier 2021\nportant habilitation dans le domaine fun\u00e9raire, sont remplac\u00e9es par les dispositions suivantes :\n\u00ab L'\u00e9tablissement  secondaire  de  la  SPL  LE  SERVICE  FUN\u00c9RAIRE,  situ\u00e9  54  avenue  Victor  Hugo  69160\nTassin-la-Demi-Lune  , dont la directrice g\u00e9n\u00e9rale est Madame Agn\u00e8s BACHELOT-JOURNET, est habilit\u00e9\npour exercer sur l'ensemble du territoire national, les activit\u00e9s fun\u00e9raires ci-apr\u00e8s :\n- Organisation des obs\u00e8ques\n- Fourniture des housses, des cercueils et de leurs accessoires int\u00e9rieurs et ext\u00e9rieurs, ainsi que des urnes\ncin\u00e9raires\nPr\u00e9fecture du Rh\u00f4ne\n18 Rue de Bonnel\n69 419 LYON CEDEX 03\nT\u00e9l : 04 72 61 61 61\nwww.rhone.gouv.fr\n1/2\n69_Pr\u00e9f_Pr\u00e9fecture du Rh\u00f4ne - 69-2025-09-29-00009 - Arr\u00eat\u00e9 modifiant l'arr\u00eat\u00e9 n\u00b0 69-2021-01-09-003 du 09 janvier 2021  portant\nhabilitation dans le domaine fun\u00e9raire : SPL LE SERVICE FUN\u00c9RAIRE, situ\u00e9 54 avenue Victor Hugo 69160 Tassin-la-Demi-Lune 27\nArticle     2   : Les dispositions de l'article 2 de l'arr\u00eat\u00e9 pr\u00e9fectoral n\u00b0 69-2021-01-09-003 du 09 janvier 2021\nportant habilitation dans le domaine fun\u00e9raire, sont remplac\u00e9es par les dispositions suivantes : \n\u00ab La dur\u00e9e de la pr\u00e9sente habilitation d\u00e9livr\u00e9e sous le n\u00b021-69-0607 est fix\u00e9e jusqu'au 09 janvier 2026. \u00bb\nArticle 3 : Le reste est sans changement.\nArticle     4   : Le pr\u00e9sent arr\u00eat\u00e9 peut faire l'objet, dans un d\u00e9lai de 2  mois \u00e0 compter de sa publication, d'un\nrecours contentieux aupr\u00e8s du Tribunal Administratif de Lyon, 184 rue Duguesclin 69  433 Lyon Cedex 03\nou sur le site www.telerecours.fr.\nArticle     5     : Le pr\u00e9sent arr\u00eat\u00e9 sera publi\u00e9 au recueil des actes administratifs de la pr\u00e9fecture du Rh\u00f4ne. \nFait \u00e0 Lyon, le 29 septembre 2025\n__________\npour La Pr\u00e9f\u00e8te,\nla directrice des affaires juridiques\net de l'administration locale\nCatherine MERIC\n2/2\n69_Pr\u00e9f_Pr\u00e9fecture du Rh\u00f4ne - 69-2025-09-29-00009 - Arr\u00eat\u00e9 modifiant l'arr\u00eat\u00e9 n\u00b0 69-2021-01-09-003 du 09 janvier 2021  portant\nhabilitation dans le domaine fun\u00e9raire : SPL LE SERVICE FUN\u00c9RAIRE, situ\u00e9 54 avenue Victor Hugo 69160 Tassin-la-Demi-Lune 28\n69_Pr\u00e9f_Pr\u00e9fecture du Rh\u00f4ne\n69-2025-09-29-00010\nArr\u00eat\u00e9 modifiant l'arr\u00eat\u00e9 n\u00b0 69-2021-11-16-00003\ndu 16 novembre 2021 portant habilitation dans\nle domaine fun\u00e9raire : SPL LE SERVICE\nFUN\u00c9RAIRE, situ\u00e9 194 grande rue 69600\nOullins-Pierre-B\u00e9nite\n69_Pr\u00e9f_Pr\u00e9fecture du Rh\u00f4ne - 69-2025-09-29-00010 - Arr\u00eat\u00e9 modifiant l'arr\u00eat\u00e9 n\u00b0 69-2021-11-16-00003 du 16 novembre 2021 portant\nhabilitation dans le domaine fun\u00e9raire : SPL LE SERVICE FUN\u00c9RAIRE, situ\u00e9 194 grande rue 69600 Oullins-Pierre-B\u00e9nite 29\nPREFETEDU RHONELibert\u00e9Egalit\u00e9Fraternit\u00e9\nDirection des Affaires Juridiques\net de l'Administration Locale\nBureau des r\u00e9glementations,\ndes \u00e9lections et des associations\nAffaire suivie par : Mme Delphine LOPEZ-PERSAT\nT\u00e9l. : 04 72 61 61 29\nCourriel : pref-funeraire@rhone.gouv.fr\nArr\u00eat\u00e9 pr\u00e9fectoral n\u00b0 69 - 2025 -                                          x\nmodifiant l'arr\u00eat\u00e9 n\u00b0 69-2021-11-16-00003 du 16 novembre 2021 \nportant habilitation dans le domaine fun\u00e9raire\nLa Pr\u00e9f\u00e8te de la R\u00e9gion Auvergne-Rh\u00f4ne-Alpes,\nPr\u00e9f\u00e8te de la Zone de d\u00e9fense et de s\u00e9curit\u00e9 sud-est,\nPr\u00e9f\u00e8te du Rh\u00f4ne,\nCommandeur de la L\u00e9gion d'honneur,\nCommandeur de l'ordre national du M\u00e9rite,\nVU le  code g\u00e9n\u00e9ral des collectivit\u00e9s territoriales, notamment ses articles L.2223-23 et R.2223-23-5 et\nsuivants ;\nVU la loi n\u00b0 93-23 du 8 janvier 1993 modifiant le titre VI du livre III du code des communes et relative \u00e0 la\nl\u00e9gislation dans le domaine fun\u00e9raire ;\nVU  le  dossier  de  demande  de  modification  d'habilitation  relative  au  changement  de  d\u00e9nomination\nsociale, r\u00e9ceptionn\u00e9 en pr\u00e9fecture le 29 ao\u00fbt 2025, transmis par Madame Agn\u00e8s BACHELOT-JOURNET,\ndirectrice g\u00e9n\u00e9rale de la SPL LE SERVICE FUN\u00c9RAIRE, pour l'\u00e9tablissement secondaire situ\u00e9 194 grande\nrue 69600 Oullins-Pierre-B\u00e9nite;\nSur proposition de Madame la Directrice des Affaires Juridiques et de l'Administration Locale ;\nARR\u00caTE\nArticle 1     :   Les dispositions de l'article 1 de l'arr\u00eat\u00e9 pr\u00e9fectoral n\u00b0 69-2021-11-16-00003 du 16 novembre\n2021  portant habilitation dans le domaine fun\u00e9raire, sont remplac\u00e9es par les dispositions suivantes :\n\u00ab L'\u00e9tablissement secondaire de la SPL LE SERVICE FUN\u00c9RAIRE, situ\u00e9 194 grande rue 69600 Oullins-Pierre-\nB\u00e9nite, dont la directrice g\u00e9n\u00e9rale est Madame Agn\u00e8s BACHELOT-JOURNET, est habilit\u00e9 pour exercer sur\nl'ensemble du territoire national, les activit\u00e9s fun\u00e9raires ci-apr\u00e8s :\n- Organisation des obs\u00e8ques\n- Fourniture des housses, des cercueils et de leurs accessoires int\u00e9rieurs et ext\u00e9rieurs, ainsi que des urnes\ncin\u00e9raires\nPr\u00e9fecture du Rh\u00f4ne\n18 Rue de Bonnel\n69 419 LYON CEDEX 03\nT\u00e9l : 04 72 61 61 61\nwww.rhone.gouv.fr\n1/2\n69_Pr\u00e9f_Pr\u00e9fecture du Rh\u00f4ne - 69-2025-09-29-00010 - Arr\u00eat\u00e9 modifiant l'arr\u00eat\u00e9 n\u00b0 69-2021-11-16-00003 du 16 novembre 2021 portant\nhabilitation dans le domaine fun\u00e9raire : SPL LE SERVICE FUN\u00c9RAIRE, situ\u00e9 194 grande rue 69600 Oullins-Pierre-B\u00e9nite 30\nArticle     2   : Les dispositions de l'article 2 de l'arr\u00eat\u00e9 pr\u00e9fectoral n\u00b0 69-2021-11-16-00003 du 16 novembre\n2021  portant habilitation dans le domaine fun\u00e9raire, sont remplac\u00e9es par les dispositions suivantes : \n\u00ab La  dur\u00e9e  de  la  pr\u00e9sente  habilitation  d\u00e9livr\u00e9e  sous  le  n\u00b021-69-0668  est  fix\u00e9e  jusqu'au  16  novembre\n2026. \u00bb\nArticle 3 : Le reste est sans changement.\nArticle     4   : Le pr\u00e9sent arr\u00eat\u00e9 peut faire l'objet, dans un d\u00e9lai de 2  mois \u00e0 compter de sa publication, d'un\nrecours contentieux aupr\u00e8s du Tribunal Administratif de Lyon, 184 rue Duguesclin 69  433 Lyon Cedex 03\nou sur le site www.telerecours.fr.\nArticle     5     : Le pr\u00e9sent arr\u00eat\u00e9 sera publi\u00e9 au recueil des actes administratifs de la pr\u00e9fecture du Rh\u00f4ne. \nFait \u00e0 Lyon, le 29 septembre 2025\n__________\nPour La Pr\u00e9f\u00e8te,\nla directrice des affaires juridiques\net de l'administration locale\nCatherine MERIC\n2/2\n69_Pr\u00e9f_Pr\u00e9fecture du Rh\u00f4ne - 69-2025-09-29-00010 - Arr\u00eat\u00e9 modifiant l'arr\u00eat\u00e9 n\u00b0 69-2021-11-16-00003 du 16 novembre 2021 portant\nhabilitation dans le domaine fun\u00e9raire : SPL LE SERVICE FUN\u00c9RAIRE, situ\u00e9 194 grande rue 69600 Oullins-Pierre-B\u00e9nite 31\n69_Pr\u00e9f_Pr\u00e9fecture du Rh\u00f4ne\n69-2025-09-29-00006\nArr\u00eat\u00e9 modifiant l'arr\u00eat\u00e9 n\u00b0 69-2024-08-08-00011\ndu 8 ao\u00fbt 2024 \nportant habilitation dans le domaine fun\u00e9raire :\nSPL LE SERVICE FUN\u00c9RAIRE, situ\u00e9 181 avenue\nBerthelot 69007 Lyon\n69_Pr\u00e9f_Pr\u00e9fecture du Rh\u00f4ne - 69-2025-09-29-00006 - Arr\u00eat\u00e9 modifiant l'arr\u00eat\u00e9 n\u00b0 69-2024-08-08-00011 du 8 ao\u00fbt 2024 \nportant habilitation dans le domaine fun\u00e9raire : SPL LE SERVICE FUN\u00c9RAIRE, situ\u00e9 181 avenue Berthelot 69007 Lyon 32\nPREFETEDU RHONELibert\u00e9Egalit\u00e9Fraternit\u00e9\nDirection des Affaires Juridiques\net de l'Administration Locale\nBureau des r\u00e9glementations,\ndes \u00e9lections et des associations\nAffaire suivie par : Mme Delphine LOPEZ-PERSAT\nT\u00e9l. : 04 72 61 61 29\nCourriel : pref-funeraire@rhone.gouv.fr\nArr\u00eat\u00e9 pr\u00e9fectoral n\u00b0 69 - 2025 -                                          x\nmodifiant l'arr\u00eat\u00e9 n\u00b0 69-2024-08-08-00011 du 8 ao\u00fbt 2024 \nportant habilitation dans le domaine fun\u00e9raire\nLa Pr\u00e9f\u00e8te de la R\u00e9gion Auvergne-Rh\u00f4ne-Alpes,\nPr\u00e9f\u00e8te de la Zone de d\u00e9fense et de s\u00e9curit\u00e9 sud-est,\nPr\u00e9f\u00e8te du Rh\u00f4ne,\nCommandeur de la L\u00e9gion d'honneur,\nCommandeur de l'ordre national du M\u00e9rite,\nVU le  code g\u00e9n\u00e9ral des collectivit\u00e9s territoriales, notamment ses articles L.2223-23 et R.2223-23-5 et\nsuivants ;\nVU la loi n\u00b0 93-23 du 8 janvier 1993 modifiant le titre VI du livre III du code des communes et relative \u00e0 la\nl\u00e9gislation dans le domaine fun\u00e9raire ;\nVU  le  dossier  de  demande  de  modification  d'habilitation  relative  au  changement  de  d\u00e9nomination\nsociale, r\u00e9ceptionn\u00e9 en pr\u00e9fecture le 29 ao\u00fbt 2025, transmis par Madame Agn\u00e8s BACHELOT-JOURNET,\ndirectrice g\u00e9n\u00e9rale  de la  SPL LE SERVICE FUN\u00c9RAIRE,  pour l'\u00e9tablissement  principal situ\u00e9 181 avenue\nBerthelot 69007 Lyon ;\nSur proposition de Madame la Directrice des Affaires Juridiques et de l'Administration Locale ;\nARR\u00caTE\nArticle 1     :   Les dispositions de l'article 1 de l'arr\u00eat\u00e9 pr\u00e9fectoral n\u00b0 69-2024-08-08-00011 du 8 ao\u00fbt 2024\nportant habilitation dans le domaine fun\u00e9raire, sont remplac\u00e9es par les dispositions suivantes :\n\u00ab L'\u00e9tablissement principal de la SPL LE SERVICE FUN\u00c9RAIRE, situ\u00e9 181 avenue Berthelot 69007 Lyon, dont\nla directrice g\u00e9n\u00e9rale est Madame Agn\u00e8s BACHELOT-JOURNET, est habilit\u00e9 pour exercer sur l'ensemble\ndu territoire national, les activit\u00e9s fun\u00e9raires ci-apr\u00e8s :\n- Transport de corps avant et apr\u00e8s mise en bi\u00e8re en partie en sous-traitance\n- Organisation des obs\u00e8ques\n- Soins de conservation en sous-traitance\n- Fourniture des housses, des cercueils et de leurs accessoires int\u00e9rieurs et ext\u00e9rieurs, ainsi que des urnes\ncin\u00e9raires\nPr\u00e9fecture du Rh\u00f4ne\n18 Rue de Bonnel\n69 419 LYON CEDEX 03\nT\u00e9l : 04 72 61 61 61\nwww.rhone.gouv.fr\n1/2\n69_Pr\u00e9f_Pr\u00e9fecture du Rh\u00f4ne - 69-2025-09-29-00006 - Arr\u00eat\u00e9 modifiant l'arr\u00eat\u00e9 n\u00b0 69-2024-08-08-00011 du 8 ao\u00fbt 2024 \nportant habilitation dans le domaine fun\u00e9raire : SPL LE SERVICE FUN\u00c9RAIRE, situ\u00e9 181 avenue Berthelot 69007 Lyon 33\n- Fourniture des corbillards et des voitures de deuil\n-  Fourniture  de  personnel  et  des  objets  et  prestations  n\u00e9cessaires  aux  obs\u00e8ques,  inhumations,\nexhumations et \u00e0 la cr\u00e9mation en partie en sous-traitance\nArticle     2   : Les dispositions de l'article 2 de l'arr\u00eat\u00e9 pr\u00e9fectoral n\u00b0 69-2024-08-08-00011 du 08 ao\u00fbt 2024\nportant habilitation dans le domaine fun\u00e9raire, sont remplac\u00e9es par les dispositions suivantes : \n\u00ab La dur\u00e9e de la pr\u00e9sente habilitation d\u00e9livr\u00e9e sous le n\u00b024-69-0591 est fix\u00e9e jusqu'au 08 ao\u00fbt 2029. \u00bb\nArticle 3 : Le reste est sans changement.\nArticle     4   : Le pr\u00e9sent arr\u00eat\u00e9 peut faire l'objet, dans un d\u00e9lai de 2  mois \u00e0 compter de sa publication, d'un\nrecours contentieux aupr\u00e8s du Tribunal Administratif de Lyon, 184 rue Duguesclin 69  433 Lyon Cedex 03\nou sur le site www.telerecours.fr.\nArticle     5     : Le pr\u00e9sent arr\u00eat\u00e9 sera publi\u00e9 au recueil des actes administratifs de la pr\u00e9fecture du Rh\u00f4ne. \nFait \u00e0 Lyon, le 29 septembre 2025\n__________\nPour La Pr\u00e9f\u00e8te,\nla directrice des affaires juridiques\net de l'administration locale\nCatherine MERIC\n2/2\n69_Pr\u00e9f_Pr\u00e9fecture du Rh\u00f4ne - 69-2025-09-29-00006 - Arr\u00eat\u00e9 modifiant l'arr\u00eat\u00e9 n\u00b0 69-2024-08-08-00011 du 8 ao\u00fbt 2024 \nportant habilitation dans le domaine fun\u00e9raire : SPL LE SERVICE FUN\u00c9RAIRE, situ\u00e9 181 avenue Berthelot 69007 Lyon 34\n69_Pr\u00e9f_Pr\u00e9fecture du Rh\u00f4ne\n69-2025-09-29-00008\nArr\u00eat\u00e9 modifiant l'arr\u00eat\u00e9 n\u00b0 69-2024-08-08-00012\ndu 8 ao\u00fbt 2024 \nportant habilitation dans le domaine fun\u00e9raire :\nSPL LE SERVICE FUN\u00c9RAIRE, situ\u00e9 19 rue Pierre\nDelore 69008 Lyon\n69_Pr\u00e9f_Pr\u00e9fecture du Rh\u00f4ne - 69-2025-09-29-00008 - Arr\u00eat\u00e9 modifiant l'arr\u00eat\u00e9 n\u00b0 69-2024-08-08-00012 du 8 ao\u00fbt 2024 \nportant habilitation dans le domaine fun\u00e9raire : SPL LE SERVICE FUN\u00c9RAIRE, situ\u00e9 19 rue Pierre Delore 69008 Lyon 35\nPREFETEDU RHONELibert\u00e9Egalit\u00e9Fraternit\u00e9\nDirection des Affaires Juridiques\net de l'Administration Locale\nBureau des r\u00e9glementations,\ndes \u00e9lections et des associations\nAffaire suivie par : Mme Delphine LOPEZ-PERSAT\nT\u00e9l. : 04 72 61 61 29\nCourriel : pref-funeraire@rhone.gouv.fr\nArr\u00eat\u00e9 pr\u00e9fectoral n\u00b0 69 - 2025 -                                          x\nmodifiant l'arr\u00eat\u00e9 n\u00b0 69-2024-08-08-00012 du 8 ao\u00fbt 2024 \nportant habilitation dans le domaine fun\u00e9raire\nLa Pr\u00e9f\u00e8te de la R\u00e9gion Auvergne-Rh\u00f4ne-Alpes,\nPr\u00e9f\u00e8te de la Zone de d\u00e9fense et de s\u00e9curit\u00e9 sud-est,\nPr\u00e9f\u00e8te du Rh\u00f4ne,\nCommandeur de la L\u00e9gion d'honneur,\nCommandeur de l'ordre national du M\u00e9rite,\nVU le  code g\u00e9n\u00e9ral des collectivit\u00e9s territoriales, notamment ses articles L.2223-23 et R.2223-23-5 et\nsuivants ;\nVU la loi n\u00b0 93-23 du 8 janvier 1993 modifiant le titre VI du livre III du code des communes et relative \u00e0 la\nl\u00e9gislation dans le domaine fun\u00e9raire ;\nVU  le  dossier  de  demande  de  modification  d'habilitation  relative  au  changement  de  d\u00e9nomination\nsociale, r\u00e9ceptionn\u00e9 en pr\u00e9fecture le 29 ao\u00fbt 2025, transmis par Madame Agn\u00e8s BACHELOT-JOURNET,\ndirectrice g\u00e9n\u00e9rale de la SPL LE SERVICE FUN\u00c9RAIRE, pour l'\u00e9tablissement secondaire situ\u00e9 19 rue Pierre\nDelore 69008 Lyon ;\nSur proposition de Madame la Directrice des Affaires Juridiques et de l'Administration Locale ;\nARR\u00caTE\nArticle 1     :   Les dispositions de l'article 1 de l'arr\u00eat\u00e9 pr\u00e9fectoral n\u00b0 69-2024-08-08-00012 du 8 ao\u00fbt 2024\nportant habilitation dans le domaine fun\u00e9raire, sont remplac\u00e9es par les dispositions suivantes :\n\u00ab L'\u00e9tablissement secondaire de la SPL LE SERVICE FUN\u00c9RAIRE, situ\u00e9  19 rue Pierre Delore 69008 Lyon ,\ndont  la  directrice  g\u00e9n\u00e9rale  est  Madame  Agn\u00e8s  BACHELOT-JOURNET,  est  habilit\u00e9  pour  exercer  sur\nl'ensemble du territoire national, les activit\u00e9s fun\u00e9raires ci-apr\u00e8s :\n- Gestion  d'un cr\u00e9matorium\nArticle     2   : Les dispositions de l'article 2 de l'arr\u00eat\u00e9 pr\u00e9fectoral n\u00b0 69-2024-08-08-00012 du 08 ao\u00fbt 2024\nportant habilitation dans le domaine fun\u00e9raire, sont remplac\u00e9es par les dispositions suivantes : \nPr\u00e9fecture du Rh\u00f4ne\n18 Rue de Bonnel\n69 419 LYON CEDEX 03\nT\u00e9l : 04 72 61 61 61\nwww.rhone.gouv.fr\n1/2\n69_Pr\u00e9f_Pr\u00e9fecture du Rh\u00f4ne - 69-2025-09-29-00008 - Arr\u00eat\u00e9 modifiant l'arr\u00eat\u00e9 n\u00b0 69-2024-08-08-00012 du 8 ao\u00fbt 2024 \nportant habilitation dans le domaine fun\u00e9raire : SPL LE SERVICE FUN\u00c9RAIRE, situ\u00e9 19 rue Pierre Delore 69008 Lyon 36\n\u00ab La dur\u00e9e de la pr\u00e9sente habilitation d\u00e9livr\u00e9e sous le n\u00b024-69-0593 est fix\u00e9e jusqu'au 08 ao\u00fbt 2029. \u00bb\nArticle 3 : Le reste est sans changement.\nArticle     4   : Le pr\u00e9sent arr\u00eat\u00e9 peut faire l'objet, dans un d\u00e9lai de 2  mois \u00e0 compter de sa publication, d'un\nrecours contentieux aupr\u00e8s du Tribunal Administratif de Lyon, 184 rue Duguesclin 69  433 Lyon Cedex 03\nou sur le site www.telerecours.fr.\nArticle     5     : Le pr\u00e9sent arr\u00eat\u00e9 sera publi\u00e9 au recueil des actes administratifs de la pr\u00e9fecture du Rh\u00f4ne. \nFait \u00e0 Lyon, le 29 septembre 2025\n__________\nPour La Pr\u00e9f\u00e8te,\nla directrice des affaires juridiques\net de l'administration locale\nCatherine MERIC\n2/2\n69_Pr\u00e9f_Pr\u00e9fecture du Rh\u00f4ne - 69-2025-09-29-00008 - Arr\u00eat\u00e9 modifiant l'arr\u00eat\u00e9 n\u00b0 69-2024-08-08-00012 du 8 ao\u00fbt 2024 \nportant habilitation dans le domaine fun\u00e9raire : SPL LE SERVICE FUN\u00c9RAIRE, situ\u00e9 19 rue Pierre Delore 69008 Lyon 37\n69_Pr\u00e9f_Pr\u00e9fecture du Rh\u00f4ne\n69-2025-09-29-00005\nArr\u00eat\u00e9 modifiant l'arr\u00eat\u00e9 n\u00b0 69-2024-08-08-00013\ndu 8 ao\u00fbt 2024 \nportant habilitation dans le domaine fun\u00e9raire :\nSPL LE SERVICE FUN\u00c9RAIRE, situ\u00e9 177 avenue\nBerthelot 69007 Lyon, \n69_Pr\u00e9f_Pr\u00e9fecture du Rh\u00f4ne - 69-2025-09-29-00005 - Arr\u00eat\u00e9 modifiant l'arr\u00eat\u00e9 n\u00b0 69-2024-08-08-00013 du 8 ao\u00fbt 2024 \nportant habilitation dans le domaine fun\u00e9raire : SPL LE SERVICE FUN\u00c9RAIRE, situ\u00e9 177 avenue Berthelot 69007 Lyon, 38\nPREFETEDU RHONELibert\u00e9Egalit\u00e9Fraternit\u00e9\nDirection des Affaires Juridiques\net de l'Administration Locale\nBureau des r\u00e9glementations,\ndes \u00e9lections et des associations\nAffaire suivie par : Mme Delphine LOPEZ-PERSAT\nT\u00e9l. : 04 72 61 61 29\nCourriel : pref-funeraire@rhone.gouv.fr\nArr\u00eat\u00e9 pr\u00e9fectoral n\u00b0 69 - 2025 -                                          x\nmodifiant l'arr\u00eat\u00e9 n\u00b0 69-2024-08-08-00013 du 8 ao\u00fbt 2024 \nportant habilitation dans le domaine fun\u00e9raire\nLa Pr\u00e9f\u00e8te de la R\u00e9gion Auvergne-Rh\u00f4ne-Alpes,\nPr\u00e9f\u00e8te de la Zone de d\u00e9fense et de s\u00e9curit\u00e9 sud-est,\nPr\u00e9f\u00e8te du Rh\u00f4ne,\nCommandeur de la L\u00e9gion d'honneur,\nCommandeur de l'ordre national du M\u00e9rite,\nVU le  code g\u00e9n\u00e9ral des collectivit\u00e9s territoriales, notamment ses articles L.2223-23 et R.2223-23-5 et\nsuivants ;\nVU la loi n\u00b0 93-23 du 8 janvier 1993 modifiant le titre VI du livre III du code des communes et relative \u00e0 la\nl\u00e9gislation dans le domaine fun\u00e9raire ;\nVU  le  dossier  de  demande  de  modification  d'habilitation  relative  au  changement  de  d\u00e9nomination\nsociale, r\u00e9ceptionn\u00e9 en pr\u00e9fecture le 29 ao\u00fbt 2025, transmis par Madame Agn\u00e8s BACHELOT-JOURNET,\ndirectrice g\u00e9n\u00e9rale de la SPL LE SERVICE FUN\u00c9RAIRE, pour l'\u00e9tablissement secondaire situ\u00e9 177 avenue\nBerthelot 69007 Lyon ;\nSur proposition de Madame la Directrice des Affaires Juridiques et de l'Administration Locale ;\nARR\u00caTE\nArticle 1     :   Les dispositions de l'article 1 de l'arr\u00eat\u00e9 pr\u00e9fectoral n\u00b0 69-2024-08-08-00016 du 8 ao\u00fbt 2024\nportant habilitation dans le domaine fun\u00e9raire, sont remplac\u00e9es par les dispositions suivantes :\n\u00ab L'\u00e9tablissement secondaire de la SPL LE SERVICE FUN\u00c9RAIRE, situ\u00e9 177 avenue Berthelot 69007 Lyon ,\ndont  la  directrice  g\u00e9n\u00e9rale  est  Madame  Agn\u00e8s  BACHELOT-JOURNET,  est  habilit\u00e9  pour  exercer  sur\nl'ensemble du territoire national, les activit\u00e9s fun\u00e9raires ci-apr\u00e8s :\n- Gestion et utilisation des chambres fun\u00e9raires\nArticle     2   : Les dispositions de l'article 2 de l'arr\u00eat\u00e9 pr\u00e9fectoral n\u00b0 69-2024-08-08-00013 du 08 ao\u00fbt 2024\nportant habilitation dans le domaine fun\u00e9raire, sont remplac\u00e9es par les dispositions suivantes : \nPr\u00e9fecture du Rh\u00f4ne\n18 Rue de Bonnel\n69 419 LYON CEDEX 03\nT\u00e9l : 04 72 61 61 61\nwww.rhone.gouv.fr\n1/2\n69_Pr\u00e9f_Pr\u00e9fecture du Rh\u00f4ne - 69-2025-09-29-00005 - Arr\u00eat\u00e9 modifiant l'arr\u00eat\u00e9 n\u00b0 69-2024-08-08-00013 du 8 ao\u00fbt 2024 \nportant habilitation dans le domaine fun\u00e9raire : SPL LE SERVICE FUN\u00c9RAIRE, situ\u00e9 177 avenue Berthelot 69007 Lyon, 39\n\u00ab La dur\u00e9e de la pr\u00e9sente habilitation d\u00e9livr\u00e9e sous le n\u00b024-69-0589 est fix\u00e9e jusqu'au 08 ao\u00fbt 2029. \u00bb\nArticle 3 : Le reste est sans changement.\nArticle     4   : Le pr\u00e9sent arr\u00eat\u00e9 peut faire l'objet, dans un d\u00e9lai de 2  mois \u00e0 compter de sa publication, d'un\nrecours contentieux aupr\u00e8s du Tribunal Administratif de Lyon, 184 rue Duguesclin 69  433 Lyon Cedex 03\nou sur le site www.telerecours.fr.\nArticle     5     : Le pr\u00e9sent arr\u00eat\u00e9 sera publi\u00e9 au recueil des actes administratifs de la pr\u00e9fecture du Rh\u00f4ne. \nFait \u00e0 Lyon, le 29 septembre 2025\n__________\nPour La Pr\u00e9f\u00e8te,\nla directrice des affaires juridiques\net de l'administration locale\nCatherine MERIC\n2/2\n69_Pr\u00e9f_Pr\u00e9fecture du Rh\u00f4ne - 69-2025-09-29-00005 - Arr\u00eat\u00e9 modifiant l'arr\u00eat\u00e9 n\u00b0 69-2024-08-08-00013 du 8 ao\u00fbt 2024 \nportant habilitation dans le domaine fun\u00e9raire : SPL LE SERVICE FUN\u00c9RAIRE, situ\u00e9 177 avenue Berthelot 69007 Lyon, 40\n69_Pr\u00e9f_Pr\u00e9fecture du Rh\u00f4ne\n69-2025-09-29-00004\nArr\u00eat\u00e9 modifiant l'arr\u00eat\u00e9 n\u00b0 69-2024-08-08-00014\ndu 8 ao\u00fbt 2024 \nportant habilitation dans le domaine fun\u00e9raire :\nSPL LE SERVICE FUN\u00c9RAIRE, situ\u00e9 97 Grande rue\nde la Croix-Rousse 69004 Lyon\n69_Pr\u00e9f_Pr\u00e9fecture du Rh\u00f4ne - 69-2025-09-29-00004 - Arr\u00eat\u00e9 modifiant l'arr\u00eat\u00e9 n\u00b0 69-2024-08-08-00014 du 8 ao\u00fbt 2024 \nportant habilitation dans le domaine fun\u00e9raire : SPL LE SERVICE FUN\u00c9RAIRE, situ\u00e9 97 Grande rue de la Croix-Rousse 69004 Lyon 41\nPREFETEDU RHONELibert\u00e9Egalit\u00e9Fraternit\u00e9\nDirection des Affaires Juridiques\net de l'Administration Locale\nBureau des r\u00e9glementations,\ndes \u00e9lections et des associations\nAffaire suivie par : Mme Delphine LOPEZ-PERSAT\nT\u00e9l. : 04 72 61 61 29\nCourriel : pref-funeraire@rhone.gouv.fr\nArr\u00eat\u00e9 pr\u00e9fectoral n\u00b0 69 - 2025 -                                          x\nmodifiant l'arr\u00eat\u00e9 n\u00b0 69-2024-08-08-00014 du 8 ao\u00fbt 2024 \nportant habilitation dans le domaine fun\u00e9raire\nLa Pr\u00e9f\u00e8te de la R\u00e9gion Auvergne-Rh\u00f4ne-Alpes,\nPr\u00e9f\u00e8te de la Zone de d\u00e9fense et de s\u00e9curit\u00e9 sud-est,\nPr\u00e9f\u00e8te du Rh\u00f4ne,\nCommandeur de la L\u00e9gion d'honneur,\nCommandeur de l'ordre national du M\u00e9rite,\nVU le  code g\u00e9n\u00e9ral des collectivit\u00e9s territoriales, notamment ses articles L.2223-23 et R.2223-23-5 et\nsuivants ;\nVU la loi n\u00b0 93-23 du 8 janvier 1993 modifiant le titre VI du livre III du code des communes et relative \u00e0 la\nl\u00e9gislation dans le domaine fun\u00e9raire ;\nVU  le  dossier  de  demande  de  modification  d'habilitation  relative  au  changement  de  d\u00e9nomination\nsociale, r\u00e9ceptionn\u00e9 en pr\u00e9fecture le 29 ao\u00fbt 2025, transmis par Madame Agn\u00e8s BACHELOT-JOURNET,\ndirectrice g\u00e9n\u00e9rale de la  SPL LE SERVICE FUN\u00c9RAIRE,  pour l'\u00e9tablissement  secondaire situ\u00e9 97 Grande\nrue de la Croix-Rousse 69004 Lyon ;\nSur proposition de Madame la Directrice des Affaires Juridiques et de l'Administration Locale ;\nARR\u00caTE\nArticle 1     :   Les dispositions de l'article 1 de l'arr\u00eat\u00e9 pr\u00e9fectoral n\u00b0 69-2024-08-08-00014 du 8 ao\u00fbt 2024\nportant habilitation dans le domaine fun\u00e9raire, sont remplac\u00e9es par les dispositions suivantes :\n\u00ab L'\u00e9tablissement secondaire de la SPL LE SERVICE FUN\u00c9RAIRE, situ\u00e9 97 Grande rue de la Croix-Rousse\n69004  Lyon,  dont  la  directrice  g\u00e9n\u00e9rale  est  Madame  Agn\u00e8s  BACHELOT-JOURNET,  est  habilit\u00e9  pour\nexercer sur l'ensemble du territoire national, les activit\u00e9s fun\u00e9raires ci-apr\u00e8s :\n- Transport de corps avant et apr\u00e8s mise en bi\u00e8re en partie en sous-traitance\n- Organisation des obs\u00e8ques\n- Soins de conservation en sous-traitance\n- Fourniture des housses, des cercueils et de leurs accessoires int\u00e9rieurs et ext\u00e9rieurs, ainsi que des urnes\ncin\u00e9raires\nPr\u00e9fecture du Rh\u00f4ne\n18 Rue de Bonnel\n69 419 LYON CEDEX 03\nT\u00e9l : 04 72 61 61 61\nwww.rhone.gouv.fr\n1/2\n69_Pr\u00e9f_Pr\u00e9fecture du Rh\u00f4ne - 69-2025-09-29-00004 - Arr\u00eat\u00e9 modifiant l'arr\u00eat\u00e9 n\u00b0 69-2024-08-08-00014 du 8 ao\u00fbt 2024 \nportant habilitation dans le domaine fun\u00e9raire : SPL LE SERVICE FUN\u00c9RAIRE, situ\u00e9 97 Grande rue de la Croix-Rousse 69004 Lyon 42\n- Fourniture des corbillards et des voitures de deuil\n-  Fourniture  de  personnel  et  des  objets  et  prestations  n\u00e9cessaires  aux  obs\u00e8ques,  inhumations,\nexhumations et \u00e0 la cr\u00e9mation en partie en sous-traitance\nArticle     2   : Les dispositions de l'article 2 de l'arr\u00eat\u00e9 pr\u00e9fectoral n\u00b0 69-2024-08-08-00014 du 08 ao\u00fbt 2024\nportant habilitation dans le domaine fun\u00e9raire, sont remplac\u00e9es par les dispositions suivantes : \n\u00ab La dur\u00e9e de la pr\u00e9sente habilitation d\u00e9livr\u00e9e sous le n\u00b024-69-0587 est fix\u00e9e jusqu'au 08 ao\u00fbt 2029. \u00bb\nArticle 3 : Le reste est sans changement.\nArticle     4   : Le pr\u00e9sent arr\u00eat\u00e9 peut faire l'objet, dans un d\u00e9lai de 2  mois \u00e0 compter de sa publication, d'un\nrecours contentieux aupr\u00e8s du Tribunal Administratif de Lyon, 184 rue Duguesclin 69  433 Lyon Cedex 03\nou sur le site www.telerecours.fr.\nArticle     5     : Le pr\u00e9sent arr\u00eat\u00e9 sera publi\u00e9 au recueil des actes administratifs de la pr\u00e9fecture du Rh\u00f4ne. \nFait \u00e0 Lyon, le 29 septembre 2025\n__________\nPour La Pr\u00e9f\u00e8te\nla directrice des affaires juridiques\net de l'administration locale\nCatherine MERIC\n2/2\n69_Pr\u00e9f_Pr\u00e9fecture du Rh\u00f4ne - 69-2025-09-29-00004 - Arr\u00eat\u00e9 modifiant l'arr\u00eat\u00e9 n\u00b0 69-2024-08-08-00014 du 8 ao\u00fbt 2024 \nportant habilitation dans le domaine fun\u00e9raire : SPL LE SERVICE FUN\u00c9RAIRE, situ\u00e9 97 Grande rue de la Croix-Rousse 69004 Lyon 43\n69_Pr\u00e9f_Pr\u00e9fecture du Rh\u00f4ne\n69-2025-09-29-00003\nArr\u00eat\u00e9 modifiant l'arr\u00eat\u00e9 n\u00b0 69-2024-08-08-00015\ndu 8 ao\u00fbt 2024 \nportant habilitation dans le domaine fun\u00e9raire :\nSPL LE SERVICE FUN\u00c9RAIRE, situ\u00e9 68 rue\nProfesseur Florence 69003 Lyon\n \n69_Pr\u00e9f_Pr\u00e9fecture du Rh\u00f4ne - 69-2025-09-29-00003 - Arr\u00eat\u00e9 modifiant l'arr\u00eat\u00e9 n\u00b0 69-2024-08-08-00015 du 8 ao\u00fbt 2024 \nportant habilitation dans le domaine fun\u00e9raire : SPL LE SERVICE FUN\u00c9RAIRE, situ\u00e9 68 rue Professeur Florence 69003 Lyon\n \n44\nPREFETEDU RHONELibert\u00e9Egalit\u00e9Fraternit\u00e9\nDirection des Affaires Juridiques\net de l'Administration Locale\nBureau des r\u00e9glementations,\ndes \u00e9lections et des associations\nAffaire suivie par : Mme Delphine LOPEZ-PERSAT\nT\u00e9l. : 04 72 61 61 29\nCourriel : pref-funeraire@rhone.gouv.fr\nArr\u00eat\u00e9 pr\u00e9fectoral n\u00b0 69 - 2025 -                                          x\nmodifiant l'arr\u00eat\u00e9 n\u00b0 69-2024-08-08-00015 du 8 ao\u00fbt 2024 \nportant habilitation dans le domaine fun\u00e9raire\nLa Pr\u00e9f\u00e8te de la R\u00e9gion Auvergne-Rh\u00f4ne-Alpes,\nPr\u00e9f\u00e8te de la Zone de d\u00e9fense et de s\u00e9curit\u00e9 sud-est,\nPr\u00e9f\u00e8te du Rh\u00f4ne,\nCommandeur de la L\u00e9gion d'honneur,\nCommandeur de l'ordre national du M\u00e9rite,\nVU le  code g\u00e9n\u00e9ral des collectivit\u00e9s territoriales, notamment ses articles L.2223-23 et R.2223-23-5 et\nsuivants ;\nVU la loi n\u00b0 93-23 du 8 janvier 1993 modifiant le titre VI du livre III du code des communes et relative \u00e0 la\nl\u00e9gislation dans le domaine fun\u00e9raire ;\nVU  le  dossier  de  demande  de  modification  d'habilitation  relative  au  changement  de  d\u00e9nomination\nsociale, r\u00e9ceptionn\u00e9 en pr\u00e9fecture le 29 ao\u00fbt 2025, transmis par Madame Agn\u00e8s BACHELOT-JOURNET,\ndirectrice  g\u00e9n\u00e9rale de  la  SPL LE  SERVICE  FUN\u00c9RAIRE,  pour  l'\u00e9tablissement  secondaire situ\u00e9  68  rue\nProfesseur Florence 69003 Lyon ;\nSur proposition de Madame la Directrice des Affaires Juridiques et de l'Administration Locale ;\nARR\u00caTE\nArticle 1     :   Les dispositions de l'article 1 de l'arr\u00eat\u00e9 pr\u00e9fectoral n\u00b0 69-2024-08-08-00014 du 8 ao\u00fbt 2024\nportant habilitation dans le domaine fun\u00e9raire, sont remplac\u00e9es par les dispositions suivantes :\n\u00ab L'\u00e9tablissement secondaire de la SPL LE SERVICE FUN\u00c9RAIRE, situ\u00e9  68 rue Professeur Florence 69003\nLyon, dont la directrice g\u00e9n\u00e9rale est Madame Agn\u00e8s BACHELOT-JOURNET, est habilit\u00e9 pour exercer sur\nl'ensemble du territoire national, les activit\u00e9s fun\u00e9raires ci-apr\u00e8s :\n- Transport de corps avant et apr\u00e8s mise en bi\u00e8re en partie en sous-traitance\n- Organisation des obs\u00e8ques\n- Soins de conservation en sous-traitance\n- Fourniture des housses, des cercueils et de leurs accessoires int\u00e9rieurs et ext\u00e9rieurs, ainsi que des urnes\ncin\u00e9raires\nPr\u00e9fecture du Rh\u00f4ne\n18 Rue de Bonnel\n69 419 LYON CEDEX 03\nT\u00e9l : 04 72 61 61 61\nwww.rhone.gouv.fr\n1/2\n69_Pr\u00e9f_Pr\u00e9fecture du Rh\u00f4ne - 69-2025-09-29-00003 - Arr\u00eat\u00e9 modifiant l'arr\u00eat\u00e9 n\u00b0 69-2024-08-08-00015 du 8 ao\u00fbt 2024 \nportant habilitation dans le domaine fun\u00e9raire : SPL LE SERVICE FUN\u00c9RAIRE, situ\u00e9 68 rue Professeur Florence 69003 Lyon\n \n45\n- Fourniture des corbillards et des voitures de deuil\n-  Fourniture  de  personnel  et  des  objets  et  prestations  n\u00e9cessaires  aux  obs\u00e8ques,  inhumations,\nexhumations et \u00e0 la cr\u00e9mation en partie en sous-traitance\nArticle     2   : Les dispositions de l'article 2 de l'arr\u00eat\u00e9 pr\u00e9fectoral n\u00b0 69-2024-08-08-00015 du 08 ao\u00fbt 2024\nportant habilitation dans le domaine fun\u00e9raire, sont remplac\u00e9es par les dispositions suivantes : \n\u00ab La dur\u00e9e de la pr\u00e9sente habilitation d\u00e9livr\u00e9e sous le n\u00b024-69-0583 est fix\u00e9e jusqu'au 08 ao\u00fbt 2029. \u00bb\nArticle 3 : Le reste est sans changement.\nArticle     4   : Le pr\u00e9sent arr\u00eat\u00e9 peut faire l'objet, dans un d\u00e9lai de 2  mois \u00e0 compter de sa publication, d'un\nrecours contentieux aupr\u00e8s du Tribunal Administratif de Lyon, 184 rue Duguesclin 69  433 Lyon Cedex 03\nou sur le site www.telerecours.fr.\nArticle     5     : Le pr\u00e9sent arr\u00eat\u00e9 sera publi\u00e9 au recueil des actes administratifs de la pr\u00e9fecture du Rh\u00f4ne. \nFait \u00e0 Lyon, le 29 septembre 2025\n__________\nPour La Pr\u00e9f\u00e8te\nla directrice des affaires juridiques\net de l'administration locale\nCatherine MERIC\n2/2\n69_Pr\u00e9f_Pr\u00e9fecture du Rh\u00f4ne - 69-2025-09-29-00003 - Arr\u00eat\u00e9 modifiant l'arr\u00eat\u00e9 n\u00b0 69-2024-08-08-00015 du 8 ao\u00fbt 2024 \nportant habilitation dans le domaine fun\u00e9raire : SPL LE SERVICE FUN\u00c9RAIRE, situ\u00e9 68 rue Professeur Florence 69003 Lyon\n \n46\n69_Pr\u00e9f_Pr\u00e9fecture du Rh\u00f4ne\n69-2025-09-29-00001\nArr\u00eat\u00e9 modifiant l'arr\u00eat\u00e9 n\u00b0 69-2024-08-08-00016\ndu 8 ao\u00fbt 2024 \nportant habilitation dans le domaine fun\u00e9raire :\nSPL LE SERVICE FUN\u00c9RAIRE, situ\u00e9 5 rue du\ncimeti\u00e8re 69100 Villeurbanne \n69_Pr\u00e9f_Pr\u00e9fecture du Rh\u00f4ne - 69-2025-09-29-00001 - Arr\u00eat\u00e9 modifiant l'arr\u00eat\u00e9 n\u00b0 69-2024-08-08-00016 du 8 ao\u00fbt 2024 \nportant habilitation dans le domaine fun\u00e9raire : SPL LE SERVICE FUN\u00c9RAIRE, situ\u00e9 5 rue du cimeti\u00e8re 69100 Villeurbanne 47\nPREFETEDU RHONELibert\u00e9Egalit\u00e9Fraternit\u00e9\nDirection des Affaires Juridiques\net de l'Administration Locale\nBureau des r\u00e9glementations,\ndes \u00e9lections et des associations\nAffaire suivie par : Mme Delphine LOPEZ-PERSAT\nT\u00e9l. : 04 72 61 61 29\nCourriel : pref-funeraire@rhone.gouv.fr\nArr\u00eat\u00e9 pr\u00e9fectoral n\u00b0 69 - 2025 -                                          x\nmodifiant l'arr\u00eat\u00e9 n\u00b0 69-2024-08-08-00016 du 8 ao\u00fbt 2024 \nportant habilitation dans le domaine fun\u00e9raire\nLa Pr\u00e9f\u00e8te de la R\u00e9gion Auvergne-Rh\u00f4ne-Alpes,\nPr\u00e9f\u00e8te de la Zone de d\u00e9fense et de s\u00e9curit\u00e9 sud-est,\nPr\u00e9f\u00e8te du Rh\u00f4ne,\nCommandeur de la L\u00e9gion d'honneur,\nCommandeur de l'ordre national du M\u00e9rite,\nVU le  code g\u00e9n\u00e9ral des collectivit\u00e9s territoriales, notamment ses articles L.2223-23 et R.2223-23-5 et\nsuivants ;\nVU la loi n\u00b0 93-23 du 8 janvier 1993 modifiant le titre VI du livre III du code des communes et relative \u00e0 la\nl\u00e9gislation dans le domaine fun\u00e9raire ;\nVU  le  dossier  de  demande  de  modification  d'habilitation  relative  au  changement  de  d\u00e9nomination\nsociale, r\u00e9ceptionn\u00e9 en pr\u00e9fecture le 29 ao\u00fbt 2025, transmis par Madame Agn\u00e8s BACHELOT-JOURNET,\ndirectrice g\u00e9n\u00e9rale  de la  SPL LE SERVICE FUN\u00c9RAIRE,  pour l'\u00e9tablissement  secondaire situ\u00e9 5 rue du\ncimeti\u00e8re 69100 Villeurbanne ;\nSur proposition de Madame la Directrice des Affaires Juridiques et de l'Administration Locale ;\nARR\u00caTE\nArticle 1     :   Les dispositions de l'article 1 de l'arr\u00eat\u00e9 pr\u00e9fectoral n\u00b0 69-2024-08-08-00016 du 8 ao\u00fbt 2024\nportant habilitation dans le domaine fun\u00e9raire, sont remplac\u00e9es par les dispositions suivantes :\n\u00ab L'\u00e9tablissement  secondaire  de  la  SPL  LE  SERVICE  FUN\u00c9RAIRE,  situ\u00e9  5  rue  du  cimeti\u00e8re  69100\nVilleurbanne,  dont  la  directrice  g\u00e9n\u00e9rale  est  Madame  Agn\u00e8s  BACHELOT-JOURNET,  est  habilit\u00e9  pour\nexercer sur l'ensemble du territoire national, les activit\u00e9s fun\u00e9raires ci-apr\u00e8s :\n- Transport de corps avant et apr\u00e8s mise en bi\u00e8re en partie en sous-traitance\n- Organisation des obs\u00e8ques\n- Soins de conservation en sous-traitance\n- Fourniture des housses, des cercueils et de leurs accessoires int\u00e9rieurs et ext\u00e9rieurs, ainsi que des urnes\ncin\u00e9raires\nPr\u00e9fecture du Rh\u00f4ne\n18 Rue de Bonnel\n69 419 LYON CEDEX 03\nT\u00e9l : 04 72 61 61 61\nwww.rhone.gouv.fr\n1/2\n69_Pr\u00e9f_Pr\u00e9fecture du Rh\u00f4ne - 69-2025-09-29-00001 - Arr\u00eat\u00e9 modifiant l'arr\u00eat\u00e9 n\u00b0 69-2024-08-08-00016 du 8 ao\u00fbt 2024 \nportant habilitation dans le domaine fun\u00e9raire : SPL LE SERVICE FUN\u00c9RAIRE, situ\u00e9 5 rue du cimeti\u00e8re 69100 Villeurbanne 48\n- Gestion et utilisation des chambres fun\u00e9raires\n- Fourniture des corbillards et des voitures de deuil\n-  Fourniture  de  personnel  et  des  objets  et  prestations  n\u00e9cessaires  aux  obs\u00e8ques,  inhumations,\nexhumations et \u00e0 la cr\u00e9mation en partie en sous-traitance\nArticle     2   : Les dispositions de l'article 2 de l'arr\u00eat\u00e9 pr\u00e9fectoral n\u00b0 69-2024-08-08-00016 du 08 ao\u00fbt 2024\nportant habilitation dans le domaine fun\u00e9raire, sont remplac\u00e9es par les dispositions suivantes : \n\u00ab La dur\u00e9e de la pr\u00e9sente habilitation d\u00e9livr\u00e9e sous le n\u00b024-69-0429 est fix\u00e9e jusqu'au 08 ao\u00fbt 2029. \u00bb\nArticle 3 : Le reste est sans changement.\nArticle     4   : Le pr\u00e9sent arr\u00eat\u00e9 peut faire l'objet, dans un d\u00e9lai de 2  mois \u00e0 compter de sa publication, d'un\nrecours contentieux aupr\u00e8s du Tribunal Administratif de Lyon, 184 rue Duguesclin 69  433 Lyon Cedex 03\nou sur le site www.telerecours.fr.\nArticle     5     : Le pr\u00e9sent arr\u00eat\u00e9 sera publi\u00e9 au recueil des actes administratifs de la pr\u00e9fecture du Rh\u00f4ne. \nFait \u00e0 Lyon, le 29 septembre 2025\n__________\nPour La Pr\u00e9f\u00e8te\nla directrice des affaires juridiques\net de l'administration locale\nCatherine MERIC\n2/2\n69_Pr\u00e9f_Pr\u00e9fecture du Rh\u00f4ne - 69-2025-09-29-00001 - Arr\u00eat\u00e9 modifiant l'arr\u00eat\u00e9 n\u00b0 69-2024-08-08-00016 du 8 ao\u00fbt 2024 \nportant habilitation dans le domaine fun\u00e9raire : SPL LE SERVICE FUN\u00c9RAIRE, situ\u00e9 5 rue du cimeti\u00e8re 69100 Villeurbanne 49\n69_Pr\u00e9f_Pr\u00e9fecture du Rh\u00f4ne\n69-2025-09-29-00007\nArr\u00eat\u00e9 pr\u00e9fectoral 2025-09-29-001 modifiant la\nligne fronti\u00e8re au niveau du b\u00e2timent PROLOGIS\n/WFS de l'a\u00e9roport de Lyon Saint-Exup\u00e9ry\npendant les travaux d'am\u00e9nagement\n69_Pr\u00e9f_Pr\u00e9fecture du Rh\u00f4ne - 69-2025-09-29-00007 - Arr\u00eat\u00e9 pr\u00e9fectoral 2025-09-29-001 modifiant la ligne fronti\u00e8re au niveau du\nb\u00e2timent PROLOGIS /WFS de l'a\u00e9roport de Lyon Saint-Exup\u00e9ry pendant les travaux d'am\u00e9nagement 50\nARR\u00caT\u00c9 n\u00b02025-09-29-001\nModifiant l'arr\u00eat\u00e9 pr\u00e9fectoral du 06 ao\u00fbt 2025 n\u00b0 PDDS 2025-08-05-001 relatif aux mesures de s\u00fbret\u00e9\napplicables sur l'a\u00e9rodrome de Lyon Saint-Exup\u00e9ry\nLE PR\u00c9FET DE LA ZONE DE D\u00c9FENSE ET DE S\u00c9CURIT\u00c9 SUD-EST,\nPR\u00c9FET DE LA R\u00c9GION AUVERGNE-RH\u00d4NE-ALPES,\nPR\u00c9FET DU RH\u00d4NE,\nOFFICIER DE LA L\u00c9GION D'HONNEUR,\nCOMMANDEUR DE L'ORDRE NATIONAL DU M\u00c9RITE,\nVu le r\u00e8glement (CE) n\u00b0 300/2008 du parlement europ\u00e9en et du conseil du 11 mars 2008 modifi\u00e9 d\u00e9finissant des\nr\u00e8gles communes dans le domaine de la s\u00fbret\u00e9 de l'aviation civile et ses r\u00e8glements et d\u00e9cisions de mise en\n\u0153uvre,\nVu le r\u00e8glement (CE) n\u00b0 562/2006 du 15 mars 2006 modifi\u00e9 \u00e9tablissant un Code communautaire relatif au\nr\u00e9gime de franchissement des personnes,\nVu le r\u00e8glement (UE) n\u00b0 2018/1139 du parlement europ\u00e9en et du conseil du 4 juillet 2018 concernant des r\u00e8gles\ncommunes dans le domaine de l'aviation civile,\nVu le r\u00e8glement (UE) n\u00b0 139/2014 de la Commission du 12 f\u00e9vrier 2014 modifi\u00e9 \u00e9tablissant des exigences et des\nproc\u00e9dures administratives relatives aux a\u00e9rodromes,\nVu le code des transports,\nVu le code de l'aviation civile,\nVu le d\u00e9cret n\u00b0 74-78 du 1er f\u00e9vrier 1974 relatif aux attributions des pr\u00e9fets en mati\u00e8re de maintien de l'ordre sur\ncertains a\u00e9rodromes,\nVu le d\u00e9cret n\u00b0 2004-374 du 29 avril 2004 relatif aux pouvoirs des pr\u00e9fets, \u00e0 l'organisation et \u00e0 l'action des\nservices de l'Etat dans les r\u00e9gions et d\u00e9partements,\nVu l'arr\u00eat\u00e9 du 20 avril 1998 portant ouverture des a\u00e9rodromes au trafic a\u00e9rien international,\nVu l'arr\u00eat\u00e9 du 7 janvier 2000 relatif \u00e0 la r\u00e9partition des missions de s\u00e9curit\u00e9 et de paix publiques entre la police\nnationale et la gendarmerie nationale sur l'emprise des a\u00e9rodromes ouverts \u00e0 la circulation a\u00e9rienne publique,\nVu l'arr\u00eat\u00e9 du 2 novembre 2006 modifi\u00e9 relatif aux mesures de s\u00fbret\u00e9 du transport a\u00e9rien,\nVu l'arr\u00eat\u00e9 du 2 mars 2007 autorisant le transfert de la concession des a\u00e9rodromes de Lyon Saint-Exup\u00e9ry et\nLyon-Bron \u00e0 la soci\u00e9t\u00e9 A\u00e9roports de Lyon,\nVu l'arr\u00eat\u00e9 du 11 mai 2007 modifiant la concession des a\u00e9rodromes de Lyon Saint-Exup\u00e9ry et de Lyon-Bron,\nVu l'arr\u00eat\u00e9 interminist\u00e9riel du 11 septembre 2013 modifi\u00e9 relatif aux mesures de s\u00fbret\u00e9 de l'aviation civile, \n69_Pr\u00e9f_Pr\u00e9fecture du Rh\u00f4ne - 69-2025-09-29-00007 - Arr\u00eat\u00e9 pr\u00e9fectoral 2025-09-29-001 modifiant la ligne fronti\u00e8re au niveau du\nb\u00e2timent PROLOGIS /WFS de l'a\u00e9roport de Lyon Saint-Exup\u00e9ry pendant les travaux d'am\u00e9nagement 51\nVu l'arr\u00eat\u00e9 du 27 juin 2017 portant agr\u00e9ment d'un certificat de qualification professionnelle relatif aux activit\u00e9s\nde s\u00fbret\u00e9 a\u00e9roportuaire,\nVu la circulaire du 14 mai 2010 relative \u00e0 la d\u00e9livrance de titres de circulation des personnes dans la zone\nr\u00e9serv\u00e9e des a\u00e9rodromes,\nVu l'avis de la directrice de la s\u00e9curit\u00e9 de l'aviation civile Centre-Est,\nVu l'avis du directeur zonal Sud-Est de la Police aux Fronti\u00e8res,\nVu l'avis du commandant de compagnie de la Gendarmerie des Transports A\u00e9riens de Lyon\nVu l'avis du directeur interr\u00e9gional des douanes Centre-Est,\nVu l'avis du pr\u00e9sident du directoire de la soci\u00e9t\u00e9 A\u00e9roports de Lyon, concessionnaire de l'a\u00e9roport,\nVu l'avis de l'officier g\u00e9n\u00e9ral de la zone de d\u00e9fense Sud-Est,\nArr\u00eate\nArticle 1 \nDans le cadre des travaux d'am\u00e9nagement du b\u00e2timent PROLOGIS / WFS sur l'a\u00e9roport de Lyon Saint-\nExup\u00e9ry, la ligne fronti\u00e8re est modifi\u00e9e \u00e0 partir du 13 novembre 2025 et pour toute la dur\u00e9e du chantier selon les\nplans joints \u00e0 cet arr\u00eat\u00e9. \nLe temps des travaux, une barri\u00e8re Heras avec une jambe de force (c\u00f4t\u00e9 piste) sur tous les poteaux est d\u00e9ploy\u00e9e\navec du concertina au sol et sur les bas volets. \nArticle 2 \nLes annexes n\u00b0 1 : \u00ab plan de masse g\u00e9n\u00e9ral \u00bb et n\u00b07 : \u00ab plan de masse de la zone fret sud \u00bb de l'arr\u00eat\u00e9 pr\u00e9fectoral\nn\u00b0 PDDS 2025-08-05-001 du 06 ao\u00fbt 2025 sont modifi\u00e9es par les plans joints au pr\u00e9sent arr\u00eat\u00e9. \nArticle 3\nLors du reclassement de la zone, une d\u00e9contamination est r\u00e9alis\u00e9e. \nArticle 4\nLe pr\u00e9sent arr\u00eat\u00e9 entre en vigueur le 13 novembre 2025, et jusqu'\u00e0 la fin des travaux. \nArticle 5\n- La directrice de la s\u00e9curit\u00e9 de l'aviation civile Centre-Est ;\n- le directeur d\u00e9partemental des territoires du Rh\u00f4ne ;\n- le directeur zonal de la police aux fronti\u00e8res ;\n- le directeur d\u00e9partemental de la s\u00e9curit\u00e9 publique ;\n- le directeur du service interr\u00e9gional des douanes et des droits indirects ;\n- le commandant du groupement de gendarmerie du Rh\u00f4ne ;\n- le commandant de la compagnie de gendarmerie des transports a\u00e9riens de Lyon ;\n- le pr\u00e9sident du directoire de la soci\u00e9t\u00e9 A\u00e9roports de Lyon ;\nsont charg\u00e9s, chacun en ce qui le concerne, de l'ex\u00e9cution du pr\u00e9sent arr\u00eat\u00e9.\nFait \u00e0 Lyon, le 29 septembre 2025\nPour la pr\u00e9f\u00e8te du Rh\u00f4ne et par d\u00e9l\u00e9gation,\nLe pr\u00e9fet d\u00e9l\u00e9gu\u00e9 pour la D\u00e9fense et de S\u00e9curit\u00e9 Sud-Est\nAntoine GUERIN\n69_Pr\u00e9f_Pr\u00e9fecture du Rh\u00f4ne - 69-2025-09-29-00007 - Arr\u00eat\u00e9 pr\u00e9fectoral 2025-09-29-001 modifiant la ligne fronti\u00e8re au niveau du\nb\u00e2timent PROLOGIS /WFS de l'a\u00e9roport de Lyon Saint-Exup\u00e9ry pendant les travaux d'am\u00e9nagement 52\nf-LYONAEROPORTPOWERED BY vi Ni cas\nARRETE PREFECTORALLIGNE FRONTIEREPLAN DE MASSE ZONES (1/5000)ANNEXE N\u00b07ZONE FRET SUDweeoeoe \" tra ur Ben ee brati Mee7\"nnthOemmatew rico AgprotateurV. GRAND C. ROUSSELLE M. REBUFFET\u00e9gouts\u00e0 commentapes\\\u2014 ht= \u2014 a cr \u00c0mon|_ ih !G hs | \"251LiCa\u2014___ ARCS 4 per=. \"\nLimite C\u00f4t\u00e9 Prste (PCZSARS / C\u00f4t\u00e9 VileSurface eoct\u00e9e heure CP=a Batiment travers\u00e9 por b lime CPO\u2014 Limite ZPNLA / Cit\u00e9 VileSurface ext\u00e9rieure ZPNLARSS Lieu \u00e0 Usage Eeclusif (LUE)\nLe\u2014\nDate de rer \u00e0 jour Que durgrezacs Fort26/09/2025 26/09/2025 LE)Echee & etter. oni] Se EmI | 1/5000 |\nbrettACRPURTS DE DOMOF 10-495 lye abt Gorey h\u00e9rmcert\u2014TrnenCARON TECHNO| OUALAU OAL TUDESCe hares be pecoeitat exe ive de AEROPOWTS LE (YON. Route Giese chat ite saine\u00e0 PacedOe be Gene L'atteus de ae deal ne prend mare spa DeLe dr \u00e9 yen ae reset teicena de ae Arete\u00c0 2.2.2 Qnesrde n'es merde Det ce LionsQi Gedes aniee 6e ete Li dewey so Piquet arts bl ites me merae b te\nLYONA\u00c9ROPORTPOWERED BY VINCI ES\u00c9TUDESDE FAISABILIT\u00c9we BPROJET WFSCL\u00d4TURE S\u00dbRET\u00c9 PROVISOIREPLAN NIVEAU RDC (1/2000)\nweera petln n\u00e9es bit fur en ve lonO E00 CEE\u2014__te ss eeDeupates ApresPriseV.GRAND | J. COMBEROUSSELegends\u00e0 commentipes\nPhase MendeOre firgremaca fern25/09/2025 LE)Cube& arte\nACRPORTS DE ONOF 10-95 yer bt Garey h\u00e9rmert\u2014 TranceCAALCAON TECHNO| LEAL OFT TUDESdos b k JE (UM. Route Shi dot ne mat \u00e0 ParceGel anew. Me pus runesat be Conte | avin de or del oe pond naar parisled \u00e9 hice: tude feed toeMic\u00e9ens de alls Bresil \u00c0 acer Qnerbe 'e\u00f9 merde, fet de beepsdedemnatare de ete Li dim ge ag\u00e9 quete apts tates do \u20ac meanae b de\nCl\u00f4ture s\u00fbret\u00e9 existanteCl\u00f4ture s\u00fbret\u00e9 provisoire chantier\\ Cl\u00f4ture s\u00fbret\u00e9 provisoire chantier\\\\\n69_Pr\u00e9f_Pr\u00e9fecture du Rh\u00f4ne - 69-2025-09-29-00007 - Arr\u00eat\u00e9 pr\u00e9fectoral 2025-09-29-001 modifiant la ligne fronti\u00e8re au niveau du\nb\u00e2timent PROLOGIS /WFS de l'a\u00e9roport de Lyon Saint-Exup\u00e9ry pendant les travaux d'am\u00e9nagement 53\n84_ARS_Agence R\u00e9gionale de Sant\u00e9\nAuvergne-Rh\u00f4ne-Alpes\n69-2025-09-23-00005\narrete requisition pharmaciens 25 septembre au\n1er octobre 2025\n84_ARS_Agence R\u00e9gionale de Sant\u00e9 Auvergne-Rh\u00f4ne-Alpes - 69-2025-09-23-00005 - arrete requisition pharmaciens 25 septembre au\n1er octobre 2025 54\nE =PR\u00c9F\u00c8TEDU RH\u00d4NELibert\u00e9\u00c9galit\u00e9Fraternit\u00e9\nArr\u00eat\u00e9 n\u00b0 2025Portant r\u00e9quisition d'officines de pharmacie pour assurer un service de garde et d'urgencedans le d\u00e9partement\nLa Pr\u00e9f\u00e8te de la r\u00e9gion Auvergne-Rh\u00f4ne-AlpesPr\u00e9f\u00e8te de la zone de d\u00e9fense et de s\u00e9curit\u00e9 Sud EstPr\u00e9f\u00e8te du Rh\u00f4neCommandeur de la L\u00e9gion d'honneur,Commandeur de l'Ordre national du m\u00e9rite\nVu le code de la sant\u00e9 publique, notamment les articles L. 5125-17, L. 5125-1-1 A et R. 4235-49 ;Vu le code g\u00e9n\u00e9ral des collectivit\u00e9s territoriales, notamment le quatri\u00e8me alin\u00e9a de l'articleL. 2215-1;Vu le d\u00e9cret n\u00b0 2004-374 du 29 avril 2004 modifi\u00e9 relatif aux pouvoirs des pr\u00e9fets, \u00e0l'organisation et \u00e0 l'action des services de l'\u00c9tat dans les r\u00e9gions et d\u00e9partements ;Vu le d\u00e9cret du 11 janvier 2023 portant nomination de la Pr\u00e9f\u00e8te de la r\u00e9gion Auvergne-Rh\u00f4ne-Alpes, Pr\u00e9f\u00e8te de la zone de d\u00e9fense et de s\u00e9curit\u00e9 Sud-Est, Pr\u00e9f\u00e8te du Rh\u00f4ne,Madame Fabienne Buccio;Vu le communiqu\u00e9 de presse de l'Union des syndicats de pharmacien d'officine (USPO) du 24juin 2025 appelant ses adh\u00e9rents \u00e0 ne pas assurer le service de garde et d'urgence \u00e0 compterdu 1\u00b0 juillet 2025 ;Vu le courrier de l'Union des Syndicats de Pharmaciens d'Officine (USPO) Auvergne-Rh\u00f4ne-Alpes du 24 juin 2025, informant la Directrice g\u00e9n\u00e9rale de l'ARS Auvergne-Rh\u00f4ne-Alpes de lad\u00e9cision collective de suspendre la participation au service de garde et d'urgence \u00e0 compterdu 1\u00b0 juillet 2025 ; :Vu le courrier du Syndicat des pharmaciens du Rh\u00f4ne (FSPF 69) du 27juin 2025 informant laDirectrice g\u00e9n\u00e9rale de l'ARS Auvergne-Rh\u00f4ne-Alpes relayant l'appel \u00e0 une mouvement degr\u00e8ve des gardes \u00e0 partir du 1\u00b0 juillet 2025 et ce jusqu'\u00e0 nouvel ordre ;Vu les courriers et courriers \u00e9lectroniques transmis \u00e0 |'ARS par les pharmaciens titulairesd'officine du Rh\u00f4ne, indiquant leur intention de ne pas assurer le service de gardes etd'urgence \u00e0 compter du 1\u00b0 juillet 2025.Consid\u00e9rant que l'article L. 5125-17 du code de la sant\u00e9 publique dispose qu'un \u00ab service degarde est organis\u00e9 pour r\u00e9pondre aux besoins. du public en dehors des jours d'ouvertureg\u00e9n\u00e9ralement pratiqu\u00e9s par les officines dans une zone d\u00e9termin\u00e9es. Un service d'urgence estorganis\u00e9 pour r\u00e9pondre aux demandes urgentes en dehors des heures d'ouvertureg\u00e9n\u00e9ralement pratiqu\u00e9es par ces officines \u00bb, et que \u00ab toutes les officines de la zone [...] sonttenues de participer \u00e0 ces services [...] ;\n84_ARS_Agence R\u00e9gionale de Sant\u00e9 Auvergne-Rh\u00f4ne-Alpes - 69-2025-09-23-00005 - arrete requisition pharmaciens 25 septembre au\n1er octobre 2025 55\nConsid\u00e9rant que l'article R. 4235-49 du code de la sant\u00e9 publique dispose que \u00ab lespharmaciens sont tenus de participer aux services de garde et d'urgence pr\u00e9vus a l'article L.5125-17 \u00bb, et que \u00ab les pharmaciens titulaires veillent a ce que leur officine satisfasse auxobligations iimpos\u00e9es par ce service \u00bb ;Consid\u00e9rant que le 4\u00b0 de l'article L. 2215-1 du code g\u00e9n\u00e9ral des collectivit\u00e9s territorialessusvis\u00e9 dispose \"En cas d'urgence, lorsque l'atteinte constat\u00e9e ou pr\u00e9visible au bon ordre, a lasalubrit\u00e9, \u00e0 la tranquillit\u00e9 et \u00e0 la s\u00e9curit\u00e9 publiques l'exige et que les moyens dont dispose lepr\u00e9fet ne permettent plus de poursuivre les objectifs pour lesquels il d\u00e9tient des pouvoirs depolice, celui-ci peut, par arr\u00eat\u00e9 motiv\u00e9, pour toutes les communes du d\u00e9partement ou plusieursou une seule d'entre elles, r\u00e9quisitionner tout bien ou service, requ\u00e9rir toute personnen\u00e9cessaire au fonctionnement de ce service ou \u00e0 l'usage de ce bien et prescrire toute mesureutile jusqu'\u00e0 ce que l'atteinte \u00e0 l'ordre public ait pris fin ou que les conditions de son maintiensoient assur\u00e9es;Consid\u00e9rant que le service de garde d'urgence est organis\u00e9 de mani\u00e8re que chaque zone soitdesservie, \u00e0 tout moment, par une des officines qui y est implant\u00e9e ;Consid\u00e9rant que la fermeture d'une pharmacie de garde pourrait alors priver toute une zonede son approvisionnement en m\u00e9dicaments durant la p\u00e9riode de garde ;Consid\u00e9rant ainsi le risque de difficult\u00e9 d'approvisionnement en m\u00e9dicaments de lapopulation dans le cas o\u00f9 le service de gardes et d'urgence des officines de pharmacie neserait pas assur\u00e9, et par voie de cons\u00e9quence le risque sanitaire pour les patients ;Consid\u00e9rant que le mouvement remet en cause la continuit\u00e9 des soins et compromet, de cefait, la sant\u00e9 publique de la population du d\u00e9partement, que l'atteinte \u00e0 la salubrit\u00e9 publiqueest donc caract\u00e9ris\u00e9e ;Consid\u00e9rant que les pharmaciens titulaires ont fait \u00e9tat de leur intention de ne pas assurerleur service de garde et d'urgence \u00e0 compter du 1\u00b0 juillet 2025, qu'il y a donc urgence \u00e0 agir;Consid\u00e9rant l'impossibilit\u00e9 pour l'administration de faire face au risque pour la sant\u00e9publique en utilisant d'autres moyens ;Consid\u00e9rant l'imp\u00e9rieuse n\u00e9cessit\u00e9 d'assurer la protection de la sant\u00e9 publique et lacontinuit\u00e9 de cette mission de service public ainsi que l'existence d'une situation d'urgence ;Sur proposition de la directrice g\u00e9n\u00e9rale de l'agence r\u00e9gionale de sant\u00e9 Auvergne-Rh\u00f4ne-Alpes,\nARRETE |Article 1\u00b0 : Les officines de pharmacie et les pharmaciens figurant sur la liste en annexe sontrequis pour assurer le service pharmaceutique de garde et d'urgence pour la p\u00e9riodeindiqu\u00e9e dans le tableau ci-joint conform\u00e9ment au tableau pr\u00e9visionnel de garde etd'urgence transmis par la FSPF 69 le 22 septembre 2025.Article 2 : Les pharmaciens titulaires pr\u00e9vus pour participer au service de garde dans lespharmacies r\u00e9quisitionn\u00e9es sont tenus de se faire remplacer en cas d'absence pour forcemajeure.Article 3 : En cas de remplacement pour force majeure, le pharmacien titulaire est tenud'indiquer au Pr\u00e9fet la personne qui le remplace.\n84_ARS_Agence R\u00e9gionale de Sant\u00e9 Auvergne-Rh\u00f4ne-Alpes - 69-2025-09-23-00005 - arrete requisition pharmaciens 25 septembre au\n1er octobre 2025 56\nArticle 4 : Le pr\u00e9sent arr\u00eat\u00e9 peut faire l'objet, dans un d\u00e9lai de deux mois \u00e0 compter de datede notification \u00e0 l'int\u00e9ress\u00e9 et de sa publication pour les tiers, d'un recours contentieuxaupr\u00e8s du tribunal administratif territorialement comp\u00e9tent, pouvant \u00eatre introduit parl'application informatique \"T\u00e9l\u00e9recours citoyens\" sur le site internet www.telerecours.fr.Article 5: La Pr\u00e9f\u00e8te de la r\u00e9gion Auvergne-Rh\u00f4ne-Alpes, Pr\u00e9f\u00e8te de la zone de d\u00e9fense et des\u00e9curit\u00e9 Sud-Est, Pr\u00e9f\u00e9te du Rh\u00f4ne et la directrice g\u00e9n\u00e9rale de l'agence r\u00e9gionale de sant\u00e9Auvergne-Rh\u00f4ne-Alpes sont charg\u00e9es, chacune en ce qui la concerne, de l'ex\u00e9cution dupr\u00e9sent arr\u00eat\u00e9.\nFait \u00e0 Lyon, le 23 septembre 2025Pour la Pr\u00e9f\u00e8te,d\u00e9l\u00e9gu\u00e9y et la s\u00e9curit\u00e9\n84_ARS_Agence R\u00e9gionale de Sant\u00e9 Auvergne-Rh\u00f4ne-Alpes - 69-2025-09-23-00005 - arrete requisition pharmaciens 25 septembre au\n1er octobre 2025 57\n00:80elsS1N9Y1ZVJTVdIDNIUdJUAWNVIstejofneagaquaineyGUVUID|O\u20ac:6T|ZOZ/60/92UNSJANWNVT|01869JOVId-DUNOATIdJINVWuVHdPION-LZ0169.U00:80LNG|elsWAISSIGNOUUVanbyqndayanbsaigNaITAlSNVANIXNV|00:02|202/60/SzINAZNOAT|20069EIapany'7ZISIVNNOATUO\u00c2T-Z00069.U00:80:aInWeB]Ss|ueyonydpJauu04]S-JU9INE'TANOYIHALLHVI|00:02|202z/60/SzLSdludLS|00869IPLDISWUWO7)21JU9)Sad{ySep2]104|1S-}SalId1S-SI0I69.UD21819\n00:80-UDUOL-Saouuodieu)eST2SSnqIe4-JUUPGINAITAEUIEJENLO)DId|00:02|Z07/60/S2|NNV4HNITIIA|00169HUSHanuaay'87T419JLLVUDSAd-LLOT69.UeV}Sssuoj1sIOINAOZOMIHIL|00:02|202/60/SzXNAISSINAA|002769AUIU9'Tpreagnog'64psNpsajiodsap|-XN9ISSIU9A-FIOT69.U00:60|dourA947AleeB}SssounogLUdA}$-a][1AeTsinoJ-AZIULSVUGASIULUIAILNOW|00:61|202/60/SZSIIAZIHL|0269JUUROY9pajNol06SIVIO[NViIdNa}-stndajduy-0\u00a30169.u00:80UISSEIelsINATINAG-\u00c20J21S-alat}enWANOINOWAANILNINO|00:02|ZOZ/60/S2V1NISSVL|09169NIOGNVA19V'Td'FTJONOTUOHTAG]27-26UO\u00c2T-SO0I69.U\n00:60es:-BILEYIJUNaqANILSIMHDNIXI9|00:61|202/60/SzJUVUVL|0LI69|O8NHJOJIIA99EId'TTO9NHHOLDIA-JIPIPI-8Z0T69.U\n00:12e}S|IUAILNIDUVSapMO]eT-\"dPI2HdITIGOAVNNVIA|00:61|Z02/60/S2TAOdALS|01969anyapuely[LTAeuuet,|1S-2[S21QIVI-SZOT69.U\n|00:80|elsSANDUAZVTVdI)NIXdJUNWVIstejofneagaoUaINeTGUVUID|0\u20ac:6T|ZOZ/60/SZUNSJUNWNVT|0486919V'Td-DUNOATIdJINVWUVHdPION-LZ0T69.U00:60sewulT|elsNITOON|-221919:SUIULAJAITANolU)eNLAUVd|00:61|202/60/SZ.SVNUV0069dudndFN'oseSVNUV.G-9701690Uje}so:SIP|91IPIOHa7eqduNUIUIOT)apo')assalpysDeUuLIeydWON3193S\"SZOZ2140320,,,neaiquiaydasGzapoliadejnod4451e|Jed11qe32sous81n,p19ap1e3apjauuoisiaaidnesjqe]a]insnao1danbja}sous31n,p12sp1e3SPS2IMSSa]Jasnsse1nodsssuuonsinbsijuosnb'sasiA918so1e[o9pjuosassa11e[n3nsualoeuwueudsa]uop'saloewieydsapajsi|e|as1591dsnossap-19nesjqe]27SzOZU[210359491d939118,\u00a9IXINNV\n84_ARS_Agence R\u00e9gionale de Sant\u00e9 Auvergne-Rh\u00f4ne-Alpes - 69-2025-09-23-00005 - arrete requisition pharmaciens 25 septembre au\n1er octobre 2025 58\nelsIVAOdSn319ZV,PSUQI9{HATTIAND|00:61|7202/60/22TONVHON|08769V14dNINAHD08IINVUOWAGT2A-\u00ffZOT69U\n00:80elsSANDUAZVTIVdIINIUdTHANVTstepolneagJJU9INETCUVUID|0\u00a3:61|ZOZ/60/L7HNSJAUNWNVT|0486919V'Td-DUNOATIdJIOVWuVHdPION-LZ0169.U00:60SPUIT']|els-92195:SUIULIJITApneulyHAINHILNVT|00:61|ZOZ/60/L7.171419|00769ININV,QInuIESVIDVOVSG-9Z0169.U00:60Jour,|elsATTIAnesueulg]yd1$-a][1AETsinoJ-AZIULDINANGUVddOD|00:61|20Z/60/LzV1SUNOD|0LF69S991099ony'60Zaquvadoy|-smde[duy-0\u00a20169.U\n00:12BIGS9pINO]8T-4EI9leIq9911{P4GUVNdd|00:61|Z0Z/60/L7TISTUGUVT|0IZ699]IOQTTEIap2984'\u20acINNJAIUGVIAC|1S-2IS9I\u0152IVI-SZOT69.U00:80ING|elsWASSIGNOWUVanbyqndayapnbsaigNaITOLSNVANAXNV|00:02|202/60/9ZINTNOXT|20069EIapany'ZZISIVNNOATuodT-700069.U00:80.7vInWeSueyonyopJauu0g]S-JU9INE'TANOUd!HIILHVI|00:02|7202/60/92_LSAIUdLS|00869[elITIWWOD21JU97Sad[vSep9]104|1S-}Salld1S-8LOT69.UD21819\n00:80-UTUOL-Sauuadreu)eG:Tossndiegq-JUUPOAINATIAEUJEJENLO)DId|00:02|7202/60/92|NNVAUNATTIA|00169uaanueay'871112JLLVUDSIG-TTOT69.U00:60SEUTTelsINOVSuns4ATT1A41114ATTAITIAG-9219:IYIURTATIIANIVNOUVILISNG|00:61|7202/60/97|JHINVUAATIIA|00769qdanu'TEIdALHOd-9Z01690U\n00:80We]SsSU0I1S10J91AOZOSIHOL|00:02|Z0Z/60/92XNAISSINAA|00769AUIU9TPIeAINOY'GFpNsnpS2}10qSop|-XNdIISSTUIA-FIOTE9U00:60douTAaaqAree|ssounogLUIA|}S-9IIAEISINOJ-AZIULSVUGASIUDLHIIILNON|00:61|Z0Z/60/97SATAZIHL|07269auUUBOYIP2JN0106SIVIO[nvVddNd}-smderduy-0\u00a30169.u00:80|uIsse|elsINNTINIA-A0J91S-2191emNANOINOUAANILNINO|00:02|202Z/60/9zVTNISSVL|09169NIO4NVAJOVId'FT190TXO0HTAG|21-26UO\u00c2T-SO0TE9.U\n00:12|SU919He|sTINIHD4d-BIIEYIIUOANVHONVULAMAVI|00:61|7202/60/92JUVUVL|OLT69V14dJNu'1Z7|GNVHINVUL-IYAVA-SIPIPIL-870169U7RIGJUAILNIDUV|SapMO]ET-4EILOId41140AVNNVIA|00:61|2024/60/97TAOdALS|01969ony2PUPIN[LTABUUPIA|1S-2IS21I\u0152IVI-SZOT69.U\n84_ARS_Agence R\u00e9gionale de Sant\u00e9 Auvergne-Rh\u00f4ne-Alpes - 69-2025-09-23-00005 - arrete requisition pharmaciens 25 septembre au\n1er octobre 2025 59\npneulyHAINXILNVT|00:60|Z0Z/60/87471119|00769ININV,QINIESVIDVOVSad-9701690U00:60|seulels|-9Z19[D:SUIUCOINApneulyHIINXILNVT|00:61|Z07/60/82171119|00769ININV.GANTESVIOVOVSid-9701690U00:60dourAelsATTIAneaduewy]}S-9][TAETSINOD-AZIYDIXAGAUAGUVddOD|00:61|202/60/8ZV1SYNO)D|02F69$a81095any'604auvaao)|-sindajdury-0\u00a20169.U_61\u00a9SOUIA|\u00e0e|sATTIAneauaw9y])}S-9ITIAETsino-AZ1YWAIGANIAUVAGON|00:60|20z/60/8zVTSYNO)D|OL769S281099any'602dAvaao)|-smderduvy-0\u00a20169.U\n00:61\n|\n|\nDINIGTHIelsININ|XNTTITYSVIVdNOATUG|00:60|2072/60/82LiAN1N1VD|00\u00a369|SaOUSIENapany'gzSITIONOUVN14-AIME)-900T69.U\n00:61-_elsUT9AUaaadA9NVT10)|00:60|ZOZ/60/82NOUS|00669seuayap2MNOY'ZIEseuay-uolg|X[NBA-UOIG-STOT69.U\n00:12B14\u00a2S9pNOTET-4EIdIIItd9911484GUVNdd|00:61|202/60/8zTISAUGUVT|017692]19Q1TEIapade[d'\u20acANNIATUGVIAC|1S-2IS9I\u0152IVI-SZOT69.U\n00:61BIG,S9pNOTE'T-'4EIello991141GUVNdd|00:60|ZOZ/60/87dISTAAAVT|017692}IOQTTETap29PId'\u20acINNJAIUAVIAC|1S-2IS21IQIVI-SZOT69.U00:80INGelsNISSIGNOHAV|.anbrqndoyanbsaigNaITalsSNVANAXNV|00:02|7202/60/22AN1TNOAT|20069EIapany'ZZASIVNNOATUO\u00c2T-Z00069.U00:80|aineB,Ssueyony.dpJauu0g1S-JUsINeTANOUd!HIILHVO|00:02|7202/60/22LSAINdLS|00869IPTDISWUWO721JU97sadlysap21104|1S-1Sa1Id1S-8101T69.UD21819\n00:80|-UDJUOL-Sauuadieu)|ecTassnqieg.-JUUB\u0152INAITAeysejeNLODId|00:07|Z07/60/L7|NNVA4XNITIIA|00169HU9H2NU2AY'821419JLLVUDSAd-TIOT69.U\n00:80es.|SU01JSI0J9TAOZOGIHIL|00:02|ZOZ/60/L7XNAISSINAA|00769AUIU9TPleAINOY'GFpNsnpS2]104sap|-XNAISSIU9A-PIOL69.U00:80|UISSETesINNTINAG-\u00c20J8}S-alatjeInWANOINOUAANILNANO|00:07|202/60/zzV1NISSVL|09169NIOGONVA49VTd'FL.JNOTUOHT1Q|27-26UO\u00c2T-SO0I69.U\n00:12\n|\n2UTISTIUeisANIGUNLUns-PIIPUIJUO4AOUATUADNIYLUAG|00:61|ZOZ/60/LZ|VAUVHILNOd|06769unPI9AIpaniSIG8TINIGUNLV114-SIPIPL-8701690U\n00:60\n84_ARS_Agence R\u00e9gionale de Sant\u00e9 Auvergne-Rh\u00f4ne-Alpes - 69-2025-09-23-00005 - arrete requisition pharmaciens 25 septembre au\n1er octobre 2025 60\nJOVWIAOZOMIHIL|00:02|2702/60/87XNAISSINAA|00769AUIU9TPIPAINO'67PNSNpS2}04sop|-xXneatsstugA-FIOTE9UeB}Ss|LVZIOUDISIOUGNVSU011SSW019{LATIOD|00:60|Z07/60/82XNAISSINAA|00769GUVAATNO|'L8AGUVS-LATIO)D|-XNIISSTUIA-FLOT69U00:61|ulsse]esINOTINAGayne|-\u00c20Ja1S-2191emmnINTNVA[\"TOIHATA|00:60|Z07/60/82VINISSVL|09169|apSaftey)anuaay'TOTTOIWYAI|27-26UO\u00c2T-SO0T69.U00:80.uISSELANOINOUAANILNIN\u0178|00:02|7202/60/82V1NISSVI|09169NIOGNVAJOVId'FTJOOTYOHTAQ|21-26UAT-SOOT69.U\n00:12SUTSTIU)egINIGUALUns|-BIIEYI}UO4AOUATHIONIALUII|00:61|2027/60/82|WUYUVHILNOd|06769UNPI9AIPonSIGBTINIGUALVI14-2IPIPL-870169UAUTJSUU)elsINIGUALuns-EIIBUIJUOAOUTTHIONIALHIY|00:60|2072/60/82|VAUVHILNOd\u00c0|06769UNPI9AapNISIGBTANIGYALVT10-AIPIEI-870169U\n00:61JIATASelsSIOLHNO)DNIGNVYPIONSIeuuo\u00c2TSIOLUNOD-NIGNVD|00:60|202/60/8zAVNNOITIOd|06769]AIAVA\u00d4SNd19VTd6JIIVNUVHd|3S89eNOpueIN-100069.U\n00:61\n|\ne1Sadoinqi]STU991S-9JIU94LUIdJenuewWwySOIHLVNOd|00:60|202/60/8zSNITTNO|00969oppIPAOMOG@ITSOIHLVNOd-SUTTINO-0Z0169.U00:61TAndN-AeuayasINOVSAVIANNG-\u00c2euejuoW-aulejuo4ATTALSIUHDAVAIUVE|00:60|2027/60/87|UNSATTIANIN|06769AUXdIIdANUSidSILSOdVIT14-a8U0T]10D-ZZ0T69UasLVAOdSan8197V,PSU019[HAITIIAND|00:60|2072/60/82TONVUON|0869V14dNINIH)08IINVUOWACT2A-\u00ffZOT69.UelsLVAOdSn$19ZY,PSU019{HATTIAND|00:61|07/60/82TONVHON|08769V144NINIH)08IINVUOW14IPA-\u00ffZOI69.U00:67UOSIPUI9Aels|-AXIN-AUSINATIVNANNVAVYAITOD|00:60|7202/60/82ANOVINON|00269piejegNpajnodLS_Auseyuoyap-SIOATD-TZ01T690U\n00:80RB}SaNDUAZVATVdIDNIUdJUNWVIstejo{neaggouaIney]CUVUID|O\u20ac:6T|20Z/60/8ZUNSJUNWNVT|0486949V'Td-SUNOdATIdJIOVNUVHdPION-ZZOT69.U\nO\u20ac:61eB}SsSANDUAZV|TIVdIINIUdTUNWNVIstejo{neagaduaIneyGUVUID|00:80|7202/60/82UNSJUNWVT|0286949VTd-9HNO04ATdd4DVNAVHdPION-\u00a3ZOT69.U00:61SPUITT-9Z19[9:SUDULIOINA\n84_ARS_Agence R\u00e9gionale de Sant\u00e9 Auvergne-Rh\u00f4ne-Alpes - 69-2025-09-23-00005 - arrete requisition pharmaciens 25 septembre au\n1er octobre 2025 61\n2|cWASSIGNOUUVVLLIGNV)D91910[M1AN\u00d4IXIQIUAAUUAIHL|00:60|202/60/8zINTNOXT|\u00a30069SHNO)'O0TVLLIGNV)DUO{T-\u00a300169.00:61INTelsWASSIGNOUUVXNVALLOUG.XNVILLOUGxne9]]01gSVWOHLZIHNa|00:60|02/60/8249NOZT|90069|SIGGUVATTNO|'8ESidUV)VTT14UO\u00c2T-\u00a3O0T69.U00:61INTeSWASSIGNOUUVassnoyaTeyJeNUNANALNVD|00:60|20z/60/8zINA?'NOAT|70069UOU9HOUZAUANV,TId|XI019UO\u00c2T-\u00ffO0I69.U00:67INTgsUbINelsWASSIGNOUUV|-QUUPGINITIA-JeYIIUOW]AddITIHdUAILSV|00:60|2072/60/82ANASNOAT|\u20ac0069|LUI4TNVdANU'8zZINNVALNIVS|-2\u00aeTIAPT-OTOL69.U00:80INTelsWASSIGNOUUVanbyqndayanbsaigNaItTalSNVANAXNV|00:02|2072/60/87INAZNOAT|20069EIapany'ZZAISIVNNOATuodT-Z00069U00:61|INT;elsWASSIGNOUUV|aptnbsaigHU9HNNOWAMNAG|00:60|2072/60/82|ANAZNOAT|0069|euSewarrey)sinoy'sSa]no,ASapUO{T-Z00069.U00:80mneisgueyonydpJauu0g]S-JU9INP'TANOUAlUAILUVI|00:02|202/60/8zLSaludLS|00869[elI1aWWOD21JU97Sad[ysap2]104|1S-1S011d1S-SI0I69.U00:61anyeR}SsJIMIVWINNGIONV.TapJauuog}S-Juamney]H9QOYIUNVA|00:60|Z0Z/60/82LSdludLS|00869dd49V'Td'TT1410$S|1S-1S81141S-8T0T69.U00:61Z96IAeula],RB}SsSIeW67NPany-seT[eHSITIVH-SUOTN-Aeuuodey)AOINIVIA4XIOUIVT|00:60|20Z/60/8zSNOIW|08469[eI1IWWOD)21jU97)SidJIOVWUVHd-SBqIOD-EZOT6IU\n||00:6T|IGnalZ\u00c29N2U9IRAIINVL|00:60|2072/60/82NAIZAAW|0\u00a3\u00a369|Stoqsaqydeasof[any'08I[NVL-SSUI29-610169.\n00:61eB}AVNUGA-*yJuRUIOW-}souodeyDSUTJSUU)LOTIND|00:60|202/60/8zSATUNOA|06\u20ac69SINOTANU'II-6SYTOUTASAC-STRUSIIG-S-9T0169.U|Danery00\u00b061SINNIdUVH)-UDUOL-Sauuadreu)eB}qSidJaNVUD-suUeqINayIASJU9I0TITAAON|00:60|202/60/82|NNVAUNATTIA|00169|WedJaluqeyony'sq82JIOVWUVHd-ITOT69.U|Dane00:80-UDJUOL-Sauuodieu)B|Ssqassnqieg-IUUPGINABUIEJENLO)DId|00:02|7202/60/82|NNVAUNATTIA|00169IIUaHanuaay'871419JLLVUDSAG-LL0T690U\n00:80\nsuoT}S\n84_ARS_Agence R\u00e9gionale de Sant\u00e9 Auvergne-Rh\u00f4ne-Alpes - 69-2025-09-23-00005 - arrete requisition pharmaciens 25 septembre au\n1er octobre 2025 62\neTSs.suoj1sJOINAOZOSIHIL|00:02|07/60/62XNJISSINAA|00769duIUaTTPIeAINOY'67pNsnpS2}10qSop|-XNAISSTU9A-FIOT69U00:80uISSELelsAINNTINAG-AoJ21S-21\u00e8nemnAINOINOUAANILNINO|00:02|07/60/62V1NISSVL|09169NIO4NVA49V'Td'FI490'TXO0HT1Q|21-26UO\u00c2T-SO0T69.U;00:60BHUaule|elsLAVH1\u00a7-as[oa/suaroyduAsTONANOTIZVAUAG|00:61|2702/60/67|NANILUVWLS|068692AN9N99ETd'TZVNYIq1S-LIOT69oU\n00:12AUTJSUUDRB}SsINIGUALuns-BIIEYIIUO|AOUATUAONIULUAT|00:61|7207/60/62|VUUVHILNOd|06769unp19AapONSIGBTINIGUALVIJa-2IPIPL-8Z0T69.U|00:60|SeUITTeB|S-9Z19[H:SUIUPIJAITAANTTIHIHODDVN|00:61|202/60/62471419|0069TunieWw4[any'OgTIuIVIDVI14-9701690U\n00:80Re]s4INNATIstejo{neagqATTINVIAUANUOIA|O\u20ac:6T|02/60/64AIMNATA|07869|sasuepua,sapani98ddJINVNUVHdPION-LZ01690U|00:60dourAelsATTIAneauawg9[)}$-9][1AETsinoD-AZIYDIXIQAUIGUVAdOD|00:61|202/60/6zVISUNOD|0269S281091any'602aquvaaoyd|-stndajdury-0\u00a20169.U\n00:12eB}SapNO]eT-'dEIallatg9911{E4GUVNdd|00:61|202/60/6ZATSINAUV1|01769d}J9QITEIapadeTd'\u20acANNAATUGVIAC|3S-a[saiqzy,]-SZOT69.U\n00:60e|sayeseuatn{[arydosLAGUVNUAG|00:00|20z/60/6zSVNAITNS|07869npaoe]gq:aUUPDUYTZap9T)PULIEUduen\n00:00elsAPEseuatn[atydosLAGUVNUAG|00:60|20z/60/8zSVNAITOL|07869npaoe[qSUUSDUY[ZZapalaewieyduodeW\nOOUGToulnedYAINNOSAAW|00:60|2072/60/82SINdWNV|02769asysq[epardt|sindwy,paoewieyguOTTISSNOY-AUUATA\n00:07eB}LHOdOUIVSOAKTAUVD|00:01|2072/60/82|SWIOLVSNOZXT|SZI69SLTd4-o1enbsaq1104019uo47\\10d019V-ZTOI69.U00:67INT|eB}WASSIGNOUUVAINDJODUNOd211999VNIN|00:60|2072/60/821N16NOAT|60069Idinu'FAINDODUNOT414!6UNALIAS-600169.U00:61INT|elsWASSIGNOUUVSaunvi|JU9ARUIMON-purypiayINAIWATDTALTVS|00:60|Z0Z/60/87ANALNOAT|Z0069NValJONAJAV'TZZ|TILIVSJIDVWUVHA-28UOAT-800T69.U00:61ING\n84_ARS_Agence R\u00e9gionale de Sant\u00e9 Auvergne-Rh\u00f4ne-Alpes - 69-2025-09-23-00005 - arrete requisition pharmaciens 25 septembre au\n1er octobre 2025 63\n00:80aInWeSueyonydpJauu0g]1S-JU9INE'TANOUd!HILLHVI|00:02|Z07/60/0\u20acLSdludLS|00869[ELDISUIUO7)21}U97)sadrvSep21104|1S-}SalId1S-8I0I69.UDayeIy\n00:80-UDUOL-sauuedieyBy]Ss|T2SSnqIeg|-JUUPGINATTIAEUIEJENLODId|00:02|Z07/60/0\u00a3|NNVAUNATTIA|00169LU9H2NU9AY'82T1JLLVUDSG-TIOT69.U00:60|SeUTTelsINOVSuns-9Z19[:SUIUPAJOITAHIIGN\u00ceLA9104|00:61|202/60/0\u20ac|JHINVUAATTIA|00769Aria4sopn{ani'1.7apeuolsay-9701690U\n00:80elsSU0I5I0J9TAOZOMIHIL|00:02|Z0Z/60/0\u20acXNZIISSINIA|00769AUIU9TpleAg[nog'GFPNSNpsajJodsap|-XNaIsstugA-FIOTE9U00:80|usseLesANNTINIA-\u00c20J2}S-aratjenANOINOWAANILNINO|00:02|Z0Z/60/0\u00a3V1NISSVL|09169NIOGNVA19V'Td'PIJNOTUOHTT1Q|27-26UO\u00c2T-SO0I69.U\n00:12JU9I9HESAIX4H91d-BIBUIIUO4GNVHINVULJMAVA|00:61|Z0Z/60/0\u00a3JUVUVL|OLTE9V1ddNY'TC|GNVHINVUL-IYAVA-SIPIPIL-870169Ul00:60|EHUaUTEelsLAVH1\u00a7-2S109/SUatoydut\u00e9sAJINANOTAZVNUAG|00:61|20Z/60/0\u00a7|NANILUVWLS|05869dANINIPT'TZVNUAG1S-LTOT69.U\n00:80elsANAITIste[o{neogATTIINVIAXINXOIA|O\u20ac:61|Z0Z/60/0\u20acAIUNATI|07869|sasuepua,sapani98IdJIOVWuVHdPION-LZ0T69.U00:60|JJUTAe|cATTIAnesdusulg[1S-2IIAEIsino-AZIULDIXAQINAGUVddOD|00:61|20Z/60/0EV1SYNO)D|0269S281099any'602quvadoy|-sindajdury-0\u00a3O169.u\n00:12\n|\nels|SapMO]L'T-'4PI2LIOId9911481GUVNdd|00:61|ZO7/60/0\u20acATSAUAUVI|017699]19Q1TEIap9904'\u20acANNAJAIUAVIAd|1S-2IS9I\u0152IV,I-SZOT69.U00:80INA!elsWASSIGNOWUVanbyqnday-aptnbsaigNaITOlSNVANAXNV|00:07|2072/60/624N17NOAT|20069RLapany'ZZ4ISIVNNOATUO\u00c2T-700069000:80anWeySsueyonydpJauu0g]S-JU9IN2TANOUIHIILHVO|00:02|Z07/60/62LSdludLS|00869[elI1aWWOD2109)Sad[vSap21104|1S-JSoL1d1S-8IOI69.UD91819\n00:80-UDUOL-Sauuodreu)e|sqassnqieg;-JUUP\u0152INAIIA_BUIEJENLO)Id|00:02|2027/60/62|NNVAUNITTIA|00169LU9H2NU9AY'87TaDJLLVUDSIG-LLOT69.U\n00:80\n84_ARS_Agence R\u00e9gionale de Sant\u00e9 Auvergne-Rh\u00f4ne-Alpes - 69-2025-09-23-00005 - arrete requisition pharmaciens 25 septembre au\n1er octobre 2025 64\n00:80INTels|WASSIANOHAVenbrqndoyaynbsaigNaItoalsSNVANAXNV|00:02|Z0Z/OT/TOINANOAT|20069EIapany'ZZISIVNNOATUO\u00c2T-Z00069.U00:80InB|SsueyonyapJoUUNg1S-JUaINeTANOUA!UTILUVI|00:02|Z0Z/0T/TOLSaludLS|00869[elI1IWWODatjUaDSad{ySapa}10q|1S-1S9lId1S-8L0169.UD91819\n00:80-UDUOL-Sauuodreu)Be]SGT2SSNQIE4:-JUUPAINATIABUIEJENLODId|00:07|ZOZ/OL/10|NNVAUNATTIIA|00169LU9H9nU9AY'87THDILLVUDSIG-LTOT690U00:60seuelsINOVSunsAustaesANDIAVS-9Z19[H:SUIULIJITAVAVAUVAAUNON|00:61|ZOZ/OL/10|JHINVUAIATTIA|0069|[eUIINueofany'066IdJIOVWuVHd-9Z0169.U\n00:80eR}SsSU0I1SIOINAOZOGIHIL|00:07|Z0Z/0T/TOXNAISSINAA|00769SUIU9TpleAa[Nog'6PNsnpS2}104sop|-XN9ISSIU9A-FIOTE9U00:80UISSe]ANOINOUAANILNINO|00:07|Z0Z/OT/TOVTNISSVL|09169NIO4NVA19V'Td'FT490TNOH'T1Q|21-26U0\u00c2T-SO0T69.USUQI9HelsIINIH24d-BIIBUIJU04ANVHONVULIMAVA|00:61|202/0T/TOTUVAVL|0LI69VT10dnd'IZ|ANVHONVYHL-IHAVI-SILIEL-870169U00:601S109unseHUauleWasNAIMOHAWAS1\u00a7-2S109/suatroyduiAsJUVWAVIGNOTA|]00:61|Z0Z/0T/TOLS|06669[9Z9INnp29eId'LSgyoi1eWnp1S-LTOT69.U\n00:80elsANANITIste[ofneagATTINVDAUINUOIA|O0\u00a3:6I|20Z/0T/TOAIUNATA|02869|sasuepua,sapani98ddJIQVNUVHdPION-LZ0T69.U00:609JUTAelsATTIAneauewy|)}S-2IIIAETSINOJ-AZIULDIXAGAUXXAUVAGON|00:61|20Z/O0T/TOV1SYNO)D|02769S281099any'602quvadoy|-stndajduy-0\u20ac0169.uU\n00:12els||SapMO]eT-'dPILOI9911484GUVNdd|00:61|202/0T/TOTISAUGUVT|01269d1IqITEIapadeTd'\u20acAINNAJAIUAVIAC|1S-2IS21\u0152IVI-SZOT69.U00:80INTelsW4SSIGNOUUVenbrqndoyanbsaidNaItTalSNVANAXNV|00:02|202/60/0\u00a2INAZNOAT|20069eTapany'ZZISIVNNOATUO\u00c2T-Z00069.U\n84_ARS_Agence R\u00e9gionale de Sant\u00e9 Auvergne-Rh\u00f4ne-Alpes - 69-2025-09-23-00005 - arrete requisition pharmaciens 25 septembre au\n1er octobre 2025 65","date":"2025-09-30","first_seen_on":"2025-09-30T16:49:49+00:00","id":"821ef7c8dca8d1eb2b42b6b7eb5050f19284962af149215e8353946069b051db","name":"RAA_69-2025-246-300925","pdf_creation_date":"2025-09-30T14:40:08+00:00","pdf_modification_date":null,"timezone":"Europe/Paris","url":"https://www.rhone.gouv.fr/contenu/telechargement/65658/442671/file/RAA_69-2025-246-300925.pdf"}
