{"administration":"pref37","administration_name":"Pr\u00e9fecture d\u2019Indre-et-Loire","content":"INDRE-ET-LOIRE\nRECUEIL DES ACTES\nADMINISTRATIFS SP\u00c9CIAL\nN\u00b037-2026-02007\nPUBLI\u00c9 LE  4 F\u00c9VRIER 2026\nSommaire\nPr\u00e9fecture d'Indre et Loire / Service d'animation interminist\u00e9rielle des\npolitiques publiques\n37-2026-02-03-00003 - Arr\u00eat\u00e9 pr\u00e9fectoral de suppl\u00e9ance Dir Cab du\n07 au f\u00e9vrier 2026 (1 page) Page 3\n2\nPr\u00e9fecture d'Indre et Loire\n37-2026-02-03-00003\nArr\u00eat\u00e9 pr\u00e9fectoral de suppl\u00e9ance Dir Cab du 07\nau f\u00e9vrier 2026\nPr\u00e9fecture d'Indre et Loire - 37-2026-02-03-00003 - Arr\u00eat\u00e9 pr\u00e9fectoral de suppl\u00e9ance Dir Cab du 07 au f\u00e9vrier 2026 3\nARR\u00caT\u00c9\norganisant la suppl\u00e9ance de Monsieur le Pr\u00e9fet d'Indre-et-Loire\ndu 7 au 8 f\u00e9vrier 2026 inclus\nLe pr\u00e9fet d'Indre-et-Loire, \nChevalier de la L\u00e9gion d'honneur\nChevalier de l'ordre national du M\u00e9rite\nVu la  loi  n\u00b0  82-213  du  2  mars  1982  modifi\u00e9e  relative  aux  droits  et  libert\u00e9s  des  communes,  des \nd\u00e9partements et des r\u00e9gions\u00a0;\nVu le d\u00e9cret n\u00b0 2004-374 du 29 avril 2004 modifi\u00e9  relatif aux pouvoirs des pr\u00e9fets, \u00e0 l'organisation et \u00e0  \nl'action des services de l'\u00c9tat dans les r\u00e9gions et d\u00e9partements, notamment le I de l'article 45\u00a0; \nVu le d\u00e9cret du 6 novembre 2024 portant nomination de M. Thomas CAMPEAUX en qualit\u00e9 de pr\u00e9fet \nd'Indre-et-Loire\u00a0;\nVu le d\u00e9cret du 9 d\u00e9cembre 2024 portant nomination de M. Pierre-Ange SAVELLI ,  sous-pr\u00e9fet, en  \nqualit\u00e9 de directeur de cabinet du pr\u00e9fet d'Indre-et-Loire\u00a0;\nVu  l'arr\u00eat\u00e9 pr\u00e9fectoral du 7 octobre 2025 portant d\u00e9l\u00e9gation de signature \u00e0 M. Pierre-Ange SAVELLI , \nsous-pr\u00e9fet, en qualit\u00e9 de directeur de cabinet du pr\u00e9fet d'Indre-et-Loire; \nConsid\u00e9rant les absences simultan\u00e9es de Monsieur le Pr\u00e9fet et de Madame la Secr\u00e9taire G\u00e9n\u00e9rale de la  \nPr\u00e9fecture d'Indre-et-Loire du samedi 7 f\u00e9vrier 2026 au dimanche 8 f\u00e9vrier 2026 inclus ;\nARR\u00caTE\nArticle 1 Sans pr\u00e9judice de l'arr\u00eat\u00e9 du 7 octobre 2025 susvis\u00e9, M. Pierre-Ange SAVELLI, sous-pr\u00e9fet, en \nqualit\u00e9  de  directeur  de  cabinet  du  pr\u00e9fet  d'Indre-et-Loire,  est  charg\u00e9  d'assurer  ma \nsuppl\u00e9ance du samedi 7 f\u00e9vrier 2026 au dimanche 8 f\u00e9vrier 2026 inclus. \nArticle 2 Mme la Secr\u00e9taire g\u00e9n\u00e9rale de la pr\u00e9fecture d'Indre-et-Loire et M. le Directeur de cabinet  \nsont charg\u00e9s, chacun en ce qui le concerne, de l'ex\u00e9cution du pr\u00e9sent arr\u00eat\u00e9 qui sera publi\u00e9  \nau recueil des actes administratifs de la pr\u00e9fecture.\nFait \u00e0 Tours, le 03 f\u00e9vrier 2026\nSign\u00e9\nThomas CAMPEAUX\n15, rue Bernard Palissy\n37925 Tours Cedex 9\nT\u00e9l.\u00a0: 02 47 64 37 37\nM\u00e9l\u00a0: prefecture@indre-et-loire.gouv.fr\nwww.indre-et-loire.gouv.fr 1/1\nPr\u00e9fecture d'Indre et Loire - 37-2026-02-03-00003 - Arr\u00eat\u00e9 pr\u00e9fectoral de suppl\u00e9ance Dir Cab du 07 au f\u00e9vrier 2026 4","date":"2026-02-04","first_seen_on":"2026-02-04T17:21:42+00:00","id":"8236b96de1e7c1a441e6bf37c963119f84be263d608a0c62da0855c274aaa32f","name":"2026.02.04 RAA sp\u00e9cial Arr\u00eat\u00e9 pr\u00e9fectoral de suppl\u00e9ance Dir Cab du 07 au f\u00e9vrier 2026","pdf_creation_date":"2026-02-04T15:26:30+00:00","pdf_modification_date":null,"timezone":"Europe/Paris","url":"https://www.indre-et-loire.gouv.fr/contenu/telechargement/49044/369851/file/2026.02.04%20RAA%20sp%C3%A9cial%20Arr%C3%AAt%C3%A9%20pr%C3%A9fectoral%20de%20suppl%C3%A9ance%20Dir%20Cab%20du%2007%20au%20f%C3%A9vrier%202026.pdf"}
