{"administration":"prefidf","administration_name":"Pr\u00e9fecture de la r\u00e9gion \u00cele-de-France","content":"PREFECTURE\nREGION ILE DE\nFRANCE\nRECUEIL DES ACTES\nADMINISTRATIFS SP\u00c9CIAL\n(NOMINATIFS)\nN\u00b0IDF-009-2025-06\nPUBLI\u00c9 LE  5 JUIN 2025\nSommaire\nAgence R\u00e9gionale de Sant\u00e9 / Direction de l'Offre de Soins  - P\u00f4le RH\nen Sant\u00e9\nIDF-2025-04-30-00011 - Avenant n\u00b01 DOS - 2025-1997 modifiant\nl'arr\u00eate n\u00b0 DOS - 2024-4690 du 28/10/2024 fixant la composition\ndes membres du conseil technique de l'Institut de Formation des Cadres\nde Sant\u00e9 de l'EPS VILLE-EVRARD, 202 Avenue Jean-Jaur\u00e8s 93332\nNEUILLY SUR MARNE CEDEX - Ann\u00e9e 2024/2025 (2 pages) Page 3\nDirection r\u00e9gionale et interd\u00e9partementale de l'environnement, de\nl'am\u00e9nagement et des transports d'\u00cele-de-France /\nIDF-2025-05-28-00006 - D\u00e9cision pour l'habitation des agents charg\u00e9s\nde l'inspection du travail dans les carri\u00e8res souterraines franciliennes (2\npages) Page 6\n2\nAgence R\u00e9gionale de Sant\u00e9\nIDF-2025-04-30-00011\nAvenant n\u00b01 DOS - 2025-1997 modifiant l'arr\u00eate\nn\u00b0 DOS - 2024-4690 du 28/10/2024 fixant la\ncomposition des membres du conseil technique\nde l'Institut de Formation des Cadres de Sant\u00e9\nde l'EPS VILLE-EVRARD, 202 Avenue Jean-Jaur\u00e8s\n93332 NEUILLY SUR MARNE CEDEX - Ann\u00e9e\n2024/2025\nAgence R\u00e9gionale de Sant\u00e9 - IDF-2025-04-30-00011 - Avenant n\u00b01 DOS - 2025-1997 modifiant l'arr\u00eate n\u00b0 DOS - 2024-4690 du\n28/10/2024 fixant la composition des membres du conseil technique de l'Institut de Formation des Cadres de Sant\u00e9 de l'EPS\nVILLE-EVRARD, 202 Avenue Jean-Jaur\u00e8s 93332 NEUILLY SUR MARNE CEDEX - Ann\u00e9e 2024/2025\n3\nExREPUBLIQUEFRAN\u00c7AISELibert\u00e9Egalit\u00e9Fraternit\u00e9\nAr@ D Agence R\u00e9gionale de Sant\u00e9Ile-de-France\n \n \n1/2 \nARS/DOS \u2013P\u00f4le Ressources Humaines en Sant\u00e9 \n13 rue du Landy \u2013 93200 Saint-Denis \nT\u00e9l : 01.44.02.00.00              \nwww.iledefrance.ars.sante.fr \n \n         \n \n \n \nService \u00e9metteur :  \nDOS/P\u00f4le Ressources humaines en sant\u00e9 \nD\u00e9partement Ma\u00efeutique et Professions Param\u00e9dicales \n \n \n \nAVENANT N\u00b01 DOS \u2013 2025-1997 \n \nModifiant l'arr\u00eate n\u00b0 DOS \u2013 2024-4690 du 28/10/2024 \nFixant la composition des membres du conseil technique \nde l'Institut de Formation des Cadres de Sant\u00e9 \nde l'EPS VILLE-EVRARD \n202 Avenue Jean-Jaur\u00e8s  \n93332 NEUILLY SUR MARNE CEDEX \n \nAnn\u00e9e 2024/2025 \n \n \nLe Directeur g\u00e9n\u00e9ral de l'Agence r\u00e9gionale de sant\u00e9 d'Ile-de-France \n \n \nVu le code de la sant\u00e9 publique ;  \n \n  Vu le d\u00e9cret n\u00b0 95-926 du 18 ao\u00fbt 1995 modifi\u00e9 portant cr\u00e9ation d'un dipl\u00f4me de cadre sant\u00e9 ;   \n \nVu le d\u00e9cret n\u00b0 2010-336 du 31 mars 2010 portant cr\u00e9ation des agences r\u00e9gionales de sant\u00e9 ;  \n \nVu le d\u00e9cret du 10 avril 2024 portant nomination de Monsieur Denis ROBIN, Directeur g\u00e9n\u00e9ral de \nl'Agence r\u00e9gionale de sant\u00e9 d'Ile-de-France \u00e0 compter du 29 avril 2024 ; \n \nVu l'arr\u00eat\u00e9 du 18 ao\u00fbt 1995 modifi\u00e9 relatif au dipl\u00f4me de cadre de sant\u00e9 ;  \n \nVu l'arr\u00eat\u00e9 n\u00b0 DS-N\u00b0034-2024 du 29 avril 2024 portant d\u00e9l\u00e9gation de signature du directeur g\u00e9n\u00e9ral \nde l'Agence r\u00e9gionale de sant\u00e9 d'Ile-de-France ; \n \n \nARRETE \n \n \n \nArticle 1 : La composition du conseil technique de l'institut de formation des cadres de sant\u00e9 de \nl'Etablissement Public de Sant\u00e9 (EPS) Ville-Evrard, 202 avenue Jean Jaur\u00e8s, 93332 \nNeuilly-sur-Marne Cedex est fix\u00e9e comme suit : \n \nArticle 2 : Madame Val\u00e9rie SAVOIA, Infirmi\u00e8re, Cadre sup\u00e9rieure de sant\u00e9, Enseignante permanent \n\u00e0 l'IFCS de l'EPS Ville Evrard est remplac\u00e9e par Madame Talin ARDIC, Infirmi\u00e8re, Cadre \nsup\u00e9rieure de sant\u00e9, Enseignante permanent \u00e0 l'IFCS de l'EPS Ville Evrard ; \n \n \n \n \nAgence R\u00e9gionale de Sant\u00e9 - IDF-2025-04-30-00011 - Avenant n\u00b01 DOS - 2025-1997 modifiant l'arr\u00eate n\u00b0 DOS - 2024-4690 du\n28/10/2024 fixant la composition des membres du conseil technique de l'Institut de Formation des Cadres de Sant\u00e9 de l'EPS\nVILLE-EVRARD, 202 Avenue Jean-Jaur\u00e8s 93332 NEUILLY SUR MARNE CEDEX - Ann\u00e9e 2024/2025\n4\n2/2 \n \nArticle 3 : Les autres dispositions de l'arr\u00eat\u00e9 demeurent inchang\u00e9es ; \n \n \nArticle 4 : Le pr\u00e9sent arr\u00eat\u00e9 prend effet \u00e0 compter de sa signature ; \n \n \nArticle 5 : Le Directeur de l'offre de soins est charg\u00e9 de l'ex\u00e9cution du pr\u00e9sent arr\u00eat\u00e9 qui sera publi\u00e9 \nau recueil des actes administratifs de la Pr\u00e9fecture de la r\u00e9gion Ile-de-France. \n \n \nArticle 6 : Un recours contre le pr\u00e9sent arr\u00eat\u00e9 peut \u00eatre form\u00e9 devant le Tribunal administratif \ncomp\u00e9tent dans les deux mois suivant sa notification et \u00e0 l'\u00e9gard des tiers dans les deux \nmois suivant sa publication au recueil des actes administratifs de la Pr\u00e9fecture de la r\u00e9gion \nIle-de-France. \n     \n \n   Fait \u00e0 Saint-Denis, le 30 avril 2025  \n \n   Pour l'Agence r\u00e9gionale de sant\u00e9 d'Ile-de-France, \nLa Directrice du p\u00f4le ressources humaines en sant\u00e9  \n \n \n  \n \n \n   Laure WALLON \n \nAgence R\u00e9gionale de Sant\u00e9 - IDF-2025-04-30-00011 - Avenant n\u00b01 DOS - 2025-1997 modifiant l'arr\u00eate n\u00b0 DOS - 2024-4690 du\n28/10/2024 fixant la composition des membres du conseil technique de l'Institut de Formation des Cadres de Sant\u00e9 de l'EPS\nVILLE-EVRARD, 202 Avenue Jean-Jaur\u00e8s 93332 NEUILLY SUR MARNE CEDEX - Ann\u00e9e 2024/2025\n5\nDirection r\u00e9gionale et interd\u00e9partementale de\nl'environnement, de l'am\u00e9nagement et des\ntransports d'\u00cele-de-France\nIDF-2025-05-28-00006\nD\u00e9cision pour l'habitation des agents charg\u00e9s de\nl'inspection du travail dans les carri\u00e8res\nsouterraines franciliennes\nDirection r\u00e9gionale et interd\u00e9partementale de l'environnement, de l'am\u00e9nagement et des transports d'\u00cele-de-France -\nIDF-2025-05-28-00006 - D\u00e9cision pour l'habitation des agents charg\u00e9s de l'inspection du travail dans les carri\u00e8res souterraines\nfranciliennes\n6\nPREFET .DE LA REGIOND'\u00ceLE-DE-FRANCELibert\u00e9Egalit\u00e9Fraternit\u00e9\nDirection r\u00e9gionale et interd\u00e9partementale\nde l'environnement, de l'am\u00e9nagement\net des transports d'\u00cele-de-France\nD\u00c9CISION POUR L'HABILITATION DES AGENTS CHARG\u00c9S\nDE L'INSPECTION DU TRAVAIL DANS LES CARRI\u00c8RES SOUTERRAINES FRANCILIENNES\nLa  directrice  r\u00e9gionale  et  interd\u00e9partementale  de  l'environnement,  de  l'am\u00e9nagement  et  des\ntransports (DRIEAT) d'\u00cele-de-France,\nVu le Code du travail et notamment ses articles R. 8111-8 et R. 8111-9,\nVu  l'arr\u00eat\u00e9 minist\u00e9riel  du  8  juillet  2022  portant  nomination  de  Mme  Emmanuelle GAY,  ing\u00e9nieure\ng\u00e9n\u00e9rale  des  ponts,  des  eaux  et  des  for\u00eats,  directrice  r\u00e9gionale  et  interd\u00e9partementale  de\nl'environnement, de l'am\u00e9nagement et des transports (DRIEAT) d'\u00cele-de-France, \u00e0 compter du 18 juillet\n2022,\nVu la d\u00e9cision du 16 janvier 2023 portant d\u00e9cision pour l'habilitation des agents charg\u00e9s de l'inspection\ndu travail dans les carri\u00e8res souterraines franciliennes,\nVu la note du 4 mai 2021 du Directeur g\u00e9n\u00e9ral de la pr\u00e9vention des risques portant sur la formation des\ninspecteurs  de  l'environnement  avec  attributions  \u00ab\u00a0installations  class\u00e9es  pour  la  protection  de\nl'environnement\u00a0\u00bb, en particulier son annexe 1, chapitre 6 \u00ab\u00a0Habilitation au Code du travail\u00a0\u00bb,\nVu la proc\u00e9dure P3_SPR_Pr2V0 du 07/11/2022 relative \u00e0 la proc\u00e9dure d'habilitation des agents charg\u00e9s\nde l'inspection du travail dans les carri\u00e8res souterraines,\nD\u00c9CIDE\nArticle 1er\u00a0: la pr\u00e9sente d\u00e9cision abroge la d\u00e9cision du 16 janvier 2023 susvis\u00e9e,\nArticle 2\u00a0: les agents de la DRIEAT d'\u00cele-de-France dont les noms suivent sont habilit\u00e9s \u00e0 exercer, en ce\nqui concerne l'exploitation des carri\u00e8res souterraines, \u00e0 l'exception des carri\u00e8res situ\u00e9es sur le domaine\nde l'\u00c9tat mis \u00e0 la disposition du ministre de la D\u00e9fense, les attributions d'inspecteur du travail\u00a0:\nM. BLATON Thomas,\nMme COURET Agn\u00e8s,\nMme JAHANGIR Cl\u00e9mence,\nM. LEROUGE David,\nM. RAFA Alexis,\nM. TESSIER Florent,\nM. CAUVIN Laurent,\nM. GAREL-LAURIN Sylvain,\nMme MILOCHE Clara\nDirection r\u00e9gionale et interd\u00e9partementale de l'environnement, de l'am\u00e9nagement et des transports d'\u00cele-de-France -\nIDF-2025-05-28-00006 - D\u00e9cision pour l'habitation des agents charg\u00e9s de l'inspection du travail dans les carri\u00e8res souterraines\nfranciliennes\n7\nArticle 3 \u00a0: Le secr\u00e9tariat g\u00e9n\u00e9ral de la DRIEAT d'\u00cele-de-France est charg\u00e9 de l'ex\u00e9cution de la pr\u00e9sente\nd\u00e9cision qui sera publi\u00e9e au recueil des actes administratifs de la pr\u00e9fecture de r\u00e9gion Ile-de-France.\nParis, le 28 mai 2025\nLa directrice r\u00e9gionale et interd\u00e9partementale de \nl'environnement, de l'am\u00e9nagement et des \ntransports d'\u00cele-de-France,\nsign\u00e9\nEmmanuelle GAY\nDestinataires\u00a0: Agents concern\u00e9s,\nD\u00e9partement risques chroniques du Service Pr\u00e9vention des Risques,\nSG\nDirection r\u00e9gionale et interd\u00e9partementale de l'environnement, de l'am\u00e9nagement et des transports d'\u00cele-de-France -\nIDF-2025-05-28-00006 - D\u00e9cision pour l'habitation des agents charg\u00e9s de l'inspection du travail dans les carri\u00e8res souterraines\nfranciliennes\n8","date":"2025-06-05","first_seen_on":"2025-06-05T16:41:23+00:00","id":"82a737f7207c69700361374711ceda4d3464bd9c7ff55ede9148b571614a9b15","name":"recueil-idf-009-2025-06-RAA-nominatifs du 05.06.2025","pdf_creation_date":"2025-06-05T14:54:18+00:00","pdf_modification_date":null,"timezone":"Europe/Paris","url":"https://www.prefectures-regions.gouv.fr/ile-de-france/irecontenu/telechargement/128272/945822/file/recueil-idf-009-2025-06-RAA-nominatifs%20du%2005.06.2025.pdf"}
