{"administration":"prefidf","administration_name":"Pr\u00e9fecture de la r\u00e9gion \u00cele-de-France","content":"PREFECTURE\nREGION ILE DE\nFRANCE\nRECUEIL DES ACTES\nADMINISTRATIFS SP\u00c9CIAL\nN\u00b0IDF-006-2025-09\nPUBLI\u00c9 LE  2 SEPTEMBRE 2025\nSommaire\nAgence R\u00e9gionale de Sant\u00e9 /\nIDF-2025-09-01-00021 - Arr\u00eat\u00e9 portant autorisation de cr\u00e9ation\nd'un P\u00f4le d'Activit\u00e9s et de Soins Adapt\u00e9s                                         \nde 14 places au sein de l'EHPAD R\u00e9sidence Les Champs sis 8, rue\nMaurice Sujet \u00e0 Coulommiers (77120) g\u00e9r\u00e9 par la Fondation Partage et\nVie\n (4 pages) Page 4\nIDF-2025-08-27-00030 - Arr\u00eat\u00e9 portant autorisation de cr\u00e9ation\nd'un P\u00f4le d'Activit\u00e9s et de Soins Adapt\u00e9s                                         \nde jour de 14 places au sein de l'EHPAD \u00ab Les Jardins de M\u00e9dicis \u00bb\nsis 9, rue du docteur Prevost - 77 610 Fontenay-Tr\u00e9signy\ng\u00e9r\u00e9 par la\nSAS \u00ab Fontenay Tr\u00e9signy \u00bb\n (3 pages) Page 9\nIDF-2025-08-27-00029 - Arr\u00eat\u00e9 portant autorisation de cr\u00e9ation\nd'un P\u00f4le d'Activit\u00e9s et de Soins Adapt\u00e9s                                         \nde nuit de 12 places au sein de l'EHPAD de l'Etablissement Public\nG\u00e9rontologique de               Tournan-en-Brie sis 99, rue de Paris \u00e0\nTournan-en-Brie (77220)  (3 pages) Page 13\nIDF-2025-09-01-00020 - Arr\u00eat\u00e9 portant autorisation de cr\u00e9ation\nd'un P\u00f4le d'Activit\u00e9s et de Soins Adapt\u00e9s                                         \nde nuit de 14 places au sein de l'EHPAD \u00ab Le Patio \u00bb sis 8-10, avenue\nJoseph Bodin de Boismortier \u00e0 Roissy-en-Brie (77 680) \ng\u00e9r\u00e9 par\nl'Association pour la Cr\u00e9ation d'Equipements Pilotes (ACEP)\n (4 pages) Page 17\nAgence R\u00e9gionale de Sant\u00e9 / Direction Veille et S\u00e9curit\u00e9 Sanitaires\nIDF-2025-08-07-00007 - D\u00e9cision n\u00b0 DVSS - QSPHARMBIO - 2025/068\nportant modification de l'autorisation de la pharmacie \u00e0 usage int\u00e9rieur\nde l'h\u00f4pital priv\u00e9 de Parly II (3 pages) Page 22\nAgence R\u00e9gionale de Sant\u00e9  - D\u00e9l\u00e9gation D\u00e9partementale de la\nSeine Saint-Denis /  D\u00e9partement Territoires - Parcours de soins\nIDF-2025-08-12-00011 - Arr\u00eat\u00e9 n\u00b0DD93- 2025/011 DU 12 ao\u00fbt 2025\nPortant agr\u00e9ment du centre de sant\u00e9 (CDS) P\u00f4le Sant\u00e9 et\nOphtalmologique du 8 mai 1945 ayant pour num\u00e9ro FINESS\nEtablissement 93 003 679 3 pour ses activit\u00e9s ophtalmologiques et\northoptiques  (1 page) Page 26\nDirection r\u00e9gionale et interd\u00e9partementale de l'h\u00e9bergement et du\nlogement / Accueil h\u00e9bergement insertion\nIDF-2025-09-01-00027 - Arr\u00eat\u00e9 de tarification fixant la dotation globale\nde fonctionnement 2025 du CHRS ANRS Airial (95) (4 pages) Page 28\nIDF-2025-09-01-00028 - Arr\u00eat\u00e9 de tarification fixant la dotation globale\nde fonctionnement 2025 du CHRS APUI Beaumont (95) (4 pages) Page 33\n2\nIDF-2025-09-01-00022 - Arr\u00eat\u00e9 de tarification fixant la dotation globale\nde fonctionnement 2025 du CHRS APUI Cergy  (4 pages) Page 38\nIDF-2025-09-01-00023 - Arr\u00eat\u00e9 de tarification fixant la dotation globale\nde fonctionnement 2025 du CHRS ARS95 Les Ecureuils  (4 pages) Page 43\nIDF-2025-09-01-00024 - Arr\u00eat\u00e9 de tarification fixant la dotation globale\nde fonctionnement 2025 du CHRS ESPERER95 l Ensemble  (4 pages) Page 48\nIDF-2025-09-01-00025 - Arr\u00eat\u00e9 de tarification fixant la dotation globale\nde fonctionnement 2025 du CHRS FRATERNITE ST JEAN (95) (4 pages) Page 53\nIDF-2025-09-01-00026 - Arr\u00eat\u00e9 de tarification fixant la dotation globale\nde fonctionnement 2025 du CHRS MAAVAR Megiddo (95) (4 pages) Page 58\nDirection r\u00e9gionale et interd\u00e9partementale de l'environnement, de\nl'am\u00e9nagement et des transports d'\u00cele-de-France / Service\nAm\u00e9nagement durable\nIDF-2025-09-02-00001 - Arr\u00eat\u00e9 n\u00b0 IDF-2025-\naccordant \u00e0\nl'INSTITUT GUSTAVE ROUSSY\nl'agr\u00e9ment institu\u00e9 par\nl'article R.510-1 du code de l'urbanisme (2 pages) Page 63\n3\nAgence R\u00e9gionale de Sant\u00e9\nIDF-2025-09-01-00021\nArr\u00eat\u00e9 portant autorisation de cr\u00e9ation d'un P\u00f4le\nd'Activit\u00e9s et de Soins Adapt\u00e9s                                \n          de 14 places au sein de l'EHPAD R\u00e9sidence\nLes Champs sis 8, rue Maurice Sujet \u00e0\nCoulommiers (77120) g\u00e9r\u00e9 par la Fondation\nPartage et Vie\nAgence R\u00e9gionale de Sant\u00e9 - IDF-2025-09-01-00021 - Arr\u00eat\u00e9 portant autorisation de cr\u00e9ation d'un P\u00f4le d'Activit\u00e9s et de Soins Adapt\u00e9s  \n                                        de 14 places au sein de l'EHPAD R\u00e9sidence Les Champs sis 8, rue Maurice Sujet \u00e0 Coulommiers (77120) g\u00e9r\u00e9 par\nla Fondation Partage et Vie\n4\nREPUBLIQUEFRAN\u00c7AISELibert\u00e9Egalit\u00e9Fraternit\u00e9\nseine 7/&maArneLE D\u00c9PARTEMENT\nAr@ D Agence R\u00e9gionale de Sant\u00e9lle-de-France\n \n                                                               \n                                                                                                                                   \n \n \n \n \nARR\u00caT\u00c9 N\u00b0 2025 \u2013 249 \n                             ARR\u00caT\u00c9 R\u00c9GLEMENTAIRE N\u00b0 2025/40/DGAS/DA/SECQ \nportant autorisation de cr\u00e9ation d'un P\u00f4le d'Activit\u00e9s et de Soins Adapt\u00e9s                                           \nde 14 places au sein de l'Etablissement d'H\u00e9bergement pour                                         \nPersonnes Ag\u00e9es D\u00e9pendantes (EHPAD) R\u00e9sidence Les Champs                                                  \nsis 8, rue Maurice Sujet \u00e0 Coulommiers (77120)  \ng\u00e9r\u00e9 par la Fondation Partage et Vie \n \nLE DIRECTEUR G\u00c9N\u00c9RAL DE L'AGENCE R\u00c9GIONALE DE SANT\u00c9 \u00ceLE-DE-FRANCE  \n \nLE PR\u00c9SIDENT DU CONSEIL D\u00c9PARTEMENTAL DE SEINE-ET-MARNE \n \n \nVU la loi n\u00b0 2015-1776 du 28 d\u00e9cembre 2015 relative \u00e0 l'adaptation de la soci\u00e9t\u00e9 au vieillissement \n(loi ASV) et ses d\u00e9crets d'application n\u00b02016 -1164 du 26 ao\u00fbt 2016 et n\u00b02016 -1814 du 21 \nd\u00e9cembre 2016 ; \n \nVU le code de l'action sociale et des familles et notamment les articles L312 -1, L313-1, L314-3 \net suivants ; \n   \nVU le code g\u00e9n\u00e9ral des collectivit\u00e9s territoriales ; \n  \nVU le d\u00e9cret du 10 avril 2024 portant nomination de Monsieur Denis ROBIN, Directeur g\u00e9n\u00e9ral \nde l'Agence r\u00e9gionale de sant\u00e9 \u00cele-de-France \u00e0 compter du 29 avril 2024 ; \n  \nVU l'arr\u00eat\u00e9 DS N\u00b0115/2024 du 25 septembre 2024 portant d\u00e9l\u00e9gation de signature \u00e0 Madame \nSt\u00e9phanie TALBOT, Directrice de l'autonomie ; \n  \nVU l'arr\u00eat\u00e9 n\u00b0 DIRNOV -2023/08 du 26 octobre 2023 de la Directrice g\u00e9n\u00e9rale de l'Agence \nr\u00e9gionale de sant\u00e9 \u00cele-de-France portant modification du cadre d'orientation strat\u00e9gique \n2018-2028 du projet r\u00e9gional de sant\u00e9 \u00cele-de-France ; \n \nVU l'arr\u00eat\u00e9 n\u00b0 DIRNOV-2023/09 du 26 octobre 2023 de la Directrice g\u00e9n\u00e9rale de l'Agence \nr\u00e9gionale de sant\u00e9 \u00cele-de-France portant adoption du sch\u00e9ma r\u00e9gional de sant\u00e9 2023 -2028 \ndu projet r\u00e9gional de sant\u00e9 \u00cele-de-France ; \n  \nVU \n \n \n \nVU \nl'arr\u00eat\u00e9 n\u00b0 2023-162 de la Directrice g\u00e9n\u00e9rale de l'Agence r\u00e9gionale de sant\u00e9 \u00cele-de-France \ndu 19 juin 2023 \u00e9tablissant le programme interd\u00e9partemental d'accompagnement des \nhandicaps et de la perte d'autonomie (PRIAC) 2022-2026 pour la r\u00e9gion Ile-de-France ; \n \nl'instruction n\u00b0 DGCS/SD3A/DREES/DMSI/2019/180 du 19 juillet 2019 relative \u00e0 \nl'enregistrement sur le fichier national des \u00e9tablissements sanitaires et sociaux (FINESS) des \ndispositifs sp\u00e9cifiques de prise en charge et d'accompagnement adapt\u00e9 des personnes \n\u00e2g\u00e9es atteintes de maladies neuro-d\u00e9g\u00e9n\u00e9ratives et de leurs proches aidants (PASA, UHR, \nPFR et ESA) ; \n \nVU le Plan national maladies neuro-d\u00e9g\u00e9n\u00e9ratives 2014-2019 ;  \nAgence R\u00e9gionale de Sant\u00e9 - IDF-2025-09-01-00021 - Arr\u00eat\u00e9 portant autorisation de cr\u00e9ation d'un P\u00f4le d'Activit\u00e9s et de Soins Adapt\u00e9s  \n                                        de 14 places au sein de l'EHPAD R\u00e9sidence Les Champs sis 8, rue Maurice Sujet \u00e0 Coulommiers (77120) g\u00e9r\u00e9 par\nla Fondation Partage et Vie\n5\n \nVU \n \nVU \n \n \nVU \n \n \nVU \nla Feuille de route maladies neuro-d\u00e9g\u00e9n\u00e9ratives 2021-2022 ; \n \nla d\u00e9lib\u00e9ration n\u00b0CD-2021/07/01-0/01 du 1er juillet 2021 relative \u00e0 l'\u00e9lection de Monsieur Jean-\nFran\u00e7ois PARIGI en qualit\u00e9 de Pr\u00e9sident du Conseil d\u00e9partemental de Seine-et-Marne ; \n \nla d\u00e9lib\u00e9ration n\u00b0CD-2024/04/05-4/01 du 5 avril 2024 adoptant le Sch\u00e9ma d\u00e9partemental \nde l'Autonomie 2024-2028 ; \n \nl'arr\u00eat\u00e9 n\u00b0 2024-184 et arr\u00eat\u00e9 r\u00e9glementaire n\u00b0 2024/27/DGAS/DA/SECQ en date du 24 juillet \n2024, portant autorisation de cr\u00e9ation d'un centre de ressources territorial port\u00e9 par l'EHPAD   \nR\u00e9sidence Les Champs sis 8, rue Maurice Sujet \u00e0 Coulommiers (77120), g\u00e9r\u00e9 par la \nFondation Partage et Vie ; \n  \nVU l'arr\u00eat\u00e9 n\u00b0 2024 -348 et arr\u00eat\u00e9 r\u00e9glementaire n\u00b0 2024/26/DGAS/DA/SECQ en date du 10  \nd\u00e9cembre 2024, portant autorisation de transformation de 14 places avec changement de \ncat\u00e9gorie de b\u00e9n\u00e9ficiaires (de personnes \u00e2g\u00e9es vers personnes handicap\u00e9es vieillissantes) \nde l'EHPAD R\u00e9sidence Les Champs , portant la capacit\u00e9 total e de l'EHPAD \u00e0 84 places \nd'h\u00e9bergement permanent, dont 14 places d\u00e9di\u00e9es \u00e0 l'accueil de personnes handicap\u00e9es \nvieillissantes. \n  \nVU l'avis d'appel \u00e0 candidatures pour la cr\u00e9ation de p\u00f4le d'activit\u00e9s et de soins adapt\u00e9s (PASA) \nen \u00cele-de-France publi\u00e9 le 5 mai 2024 ; \n  \nVU l'avis de s\u00e9lection de l'appel \u00e0 candidatures pour la cr\u00e9ation de p\u00f4le d'activit\u00e9s et de soins \nadapt\u00e9s en \u00cele-de-France en date du 6 mars 2025, retenant le projet de PASA de l'EHPAD \nR\u00e9sidence Les Champs ; \n  \n  \nCONSID\u00c9RANT l'avis favorable suite \u00e0 la visite de conformit\u00e9 en date du 28 mai 2025 ; \n  \nCONSID\u00c9RANT que le PASA permet de prendre en charge et d'accueillir, sur une ouverture de \n5 jours par semaine, les personnes \u00e2g\u00e9es atteintes de la maladie d'Alzheimer \nou de maladies apparent\u00e9es ; \n  \nCONSID\u00c9RANT \n \n \nle montant de la dotation forfaitaire annuelle de 80 000 euros qui s'ajoute \u00e0 la \ndotation initiale de fonctionnement de l'EHPAD ;  \n \n \n       ARR\u00caTENT \n \n \nARTICLE 1er : L'EHPAD R\u00e9sidence Les Champs sis 8, rue Maurice Sujet \u00e0 Coulommiers (77120), \ng\u00e9r\u00e9 par la Fondation Partage et Vie, est autoris\u00e9 \u00e0 cr\u00e9er un P\u00f4le d'Activit\u00e9s et de \nSoins Adapt\u00e9s (PASA) de 14 places, ouvert sur 5 jours, pour accueillir et prendre \nen charge des personnes atteintes de la maladie d'Alzheimer ou de maladies \napparent\u00e9es.  \n \nLe P\u00f4le d'Activit\u00e9s et de Soins Adapt\u00e9s est un lieu de vie au sein duquel sont \norganis\u00e9es et propos\u00e9es, durant la journ\u00e9e, des activit\u00e9s sociales et \nth\u00e9rapeutiques aux r\u00e9sidents de l'EHPAD ayant des troubles du comportement \nmod\u00e9r\u00e9s.  \n \nARTICLE 2e : Le montant du forfait annuel dans le cadre du fonctionnement du PASA s'\u00e9l\u00e8ve \u00e0 \n80 000 euros (hors taux d'\u00e9volution) en ann\u00e9e pleine pour un PASA de 14 places \net une ouverture de 5 jours par semaine. \n \nAgence R\u00e9gionale de Sant\u00e9 - IDF-2025-09-01-00021 - Arr\u00eat\u00e9 portant autorisation de cr\u00e9ation d'un P\u00f4le d'Activit\u00e9s et de Soins Adapt\u00e9s  \n                                        de 14 places au sein de l'EHPAD R\u00e9sidence Les Champs sis 8, rue Maurice Sujet \u00e0 Coulommiers (77120) g\u00e9r\u00e9 par\nla Fondation Partage et Vie\n6\nARTICLE 3e : La capacit\u00e9 totale de l 'EHPAD reste inchang\u00e9e  et demeure fix\u00e9e \u00e0  84 places \nd'h\u00e9bergement permanent  dont 14 places d\u00e9di\u00e9es \u00e0 une unit\u00e9 pour personnes \nhandicap\u00e9es vieillissantes (UPHV). \nL'EHPAD comprend un PASA de jour de 14 places pour personnes \u00e2g\u00e9es atteintes \nde la maladie d'Alzheimer ou maladies apparent\u00e9es.  \n \nL'EHPAD est porteur d'un centre de ressources territorial sur le d\u00e9partement de \nSeine-et-Marne, sur le territoire du dispositif d'appui \u00e0 la coordination (DAC) 77 Nord.  \n  \nARTICLE 4e : \n \n \n \n \n \n \n \n \n \n \n \n \n \n \n \n \n \n \n \n \n \n \n \n \nCette structure est r\u00e9pertori\u00e9e dans le Fichier National des Etablissements \nSanitaires et Sociaux (FINESS) de la fa\u00e7on suivante : \n \nN\u00b0 FINESS de l'\u00e9tablissement : 77 001 684 8 \n \nCode cat\u00e9gorie : 500 (EHPAD) \nCode mode de fixation des tarifs : [41) ARS/PCD, Tarif global, habilit\u00e9 aide sociale \nsans PUI. \n \nCode discipline : [924] Accueil pour Personnes \u00c2g\u00e9es \nCode fonctionnement : [11] H\u00e9bergement Complet Internat \nCode client\u00e8le : [711] Personnes \u00c2g\u00e9es d\u00e9pendantes \nCapacit\u00e9 : 70 \n \nCode discipline : [924] Accueil pour Personnes \u00c2g\u00e9es \nCode fonctionnement : [11] H\u00e9bergement Complet Internat \nCode client\u00e8le : [702] Personnes Handicap\u00e9es vieillissantes \nCapacit\u00e9 : 14 \n \nCode discipline : [961] P\u00f4le d'activit\u00e9s et de soins adapt\u00e9s (PASA) \nCode fonctionnement : [21] Accueil de jour \nCode client\u00e8le : [436] Personnes Alzheimer ou maladies apparent\u00e9es \n \nCode discipline : [412] Centre de ressources territorial pour les personnes \u00e2g\u00e9es \nCode fonctionnement : [48) Tous modes d'accueil et d'accompagnement \nCode client\u00e8le : [040) Aidants/aid\u00e9s Personnes \u00e2g\u00e9es \n \nN\u00b0 FINESS du gestionnaire : 92 002 856 0 \n \nCode statut : [63] Fondation \n  \nARTICLE 5e :  \n \n \n \nLe pr\u00e9sent arr\u00eat\u00e9 est sans effet concernant la dur\u00e9e d'autorisation accord\u00e9e \u00e0 \nl'\u00e9tablissement pour 15 ans \u00e0 compter de sa date de renouvellement d'autorisation \ndu 3 janvier 2017 conform\u00e9ment aux conditions pr\u00e9vues aux articles L .312-8 et              \nL.313-5 du code de l'action sociale et des familles. \n \nARTICLE 6e : Un recours contre le pr\u00e9sent arr\u00eat\u00e9 peut \u00eatre form\u00e9 devant le tribunal administratif \ncomp\u00e9tent dans un d\u00e9lai de deux mois \u00e0 compter de sa notification.   \n \n \n \n \n \n \n \n \n \n \nAgence R\u00e9gionale de Sant\u00e9 - IDF-2025-09-01-00021 - Arr\u00eat\u00e9 portant autorisation de cr\u00e9ation d'un P\u00f4le d'Activit\u00e9s et de Soins Adapt\u00e9s  \n                                        de 14 places au sein de l'EHPAD R\u00e9sidence Les Champs sis 8, rue Maurice Sujet \u00e0 Coulommiers (77120) g\u00e9r\u00e9 par\nla Fondation Partage et Vie\n7\nsigsig\n \nARTICLE 7e : La directrice de la d\u00e9l\u00e9gation d\u00e9partementale de Seine-et-Marne de l'Agence \nr\u00e9gionale de sant\u00e9 \u00cele -de-France, et le Pr\u00e9sident du Conseil d\u00e9partemental de \nSeine-et-Marne sont charg\u00e9s, chacun en ce qui le concerne, de l'ex\u00e9cution du \npr\u00e9sent arr\u00eat\u00e9 qui sera notifi\u00e9 au demandeur, publi\u00e9 aux recueils des actes \nadministratifs de la R\u00e9gion \u00cele -de-France et du d\u00e9partement du D\u00e9partement de \nSeine-et-Marne. \n \n \nFait \u00e0 Saint-Denis, le 01/09/2025 \n \n \nPour le Directeur g\u00e9n\u00e9ral \nde l'Agence r\u00e9gionale de sant\u00e9 \n\u00cele-de-France et par d\u00e9l\u00e9gation  \n \nLa Directrice adjointe de l'Autonomie \n \nSolenne DE ZELICOURT \n  \nLe Pr\u00e9sident du Conseil d\u00e9partemental  \nde Seine et-Marne \net par d\u00e9l\u00e9gation \n \n le Vice-Pr\u00e9sident \n \n Denis JULLEMIER \n \nAgence R\u00e9gionale de Sant\u00e9 - IDF-2025-09-01-00021 - Arr\u00eat\u00e9 portant autorisation de cr\u00e9ation d'un P\u00f4le d'Activit\u00e9s et de Soins Adapt\u00e9s  \n                                        de 14 places au sein de l'EHPAD R\u00e9sidence Les Champs sis 8, rue Maurice Sujet \u00e0 Coulommiers (77120) g\u00e9r\u00e9 par\nla Fondation Partage et Vie\n8\nAgence R\u00e9gionale de Sant\u00e9\nIDF-2025-08-27-00030\nArr\u00eat\u00e9 portant autorisation de cr\u00e9ation d'un P\u00f4le\nd'Activit\u00e9s et de Soins Adapt\u00e9s                                \n          de jour de 14 places au sein de l'EHPAD \u00ab\nLes Jardins de M\u00e9dicis \u00bb sis 9, rue du docteur\nPrevost - 77 610 Fontenay-Tr\u00e9signy\ng\u00e9r\u00e9 par la SAS \u00ab Fontenay Tr\u00e9signy \u00bb\nAgence R\u00e9gionale de Sant\u00e9 - IDF-2025-08-27-00030 - Arr\u00eat\u00e9 portant autorisation de cr\u00e9ation d'un P\u00f4le d'Activit\u00e9s et de Soins Adapt\u00e9s \n                                         de jour de 14 places au sein de l'EHPAD \u00ab Les Jardins de M\u00e9dicis \u00bb sis 9, rue du docteur Prevost - 77 610\nFontenay-Tr\u00e9signy\ng\u00e9r\u00e9 par la SAS \u00ab Fontenay Tr\u00e9signy \u00bb\n9\nREPUBLIQUEFRANCAISELibert\u00e9Egalit\u00e9Fraternit\u00e9 seine 7/&maArneLE D\u00c9PARTEMENTAr@ D Agence R\u00e9gionale de Sant\u00e9lle-de-France\n   \n                                                               \n                                                                                                                                   \n \n \n \n \n                                                       ARR\u00caT\u00c9 N\u00b0 2025 \u2013 247 \n                               ARR\u00caT\u00c9 R\u00c9GLEMENTAIRE N\u00b0 2025/38/DGAS/DA/SECQ \nPortant autorisation de cr\u00e9ation d'un P\u00f4le d'Activit\u00e9s et de Soins Adapt\u00e9s                                           \nde jour de 14 places au sein de l'Etablissement d'H\u00e9bergement pour                                         \nPersonnes Ag\u00e9es D\u00e9pendantes (EHPAD) \u00ab Les Jardins de M\u00e9dicis \u00bb                                        \nsis 9, rue du docteur Prevost - 77 610 Fontenay-Tr\u00e9signy \ng\u00e9r\u00e9 par la SAS \u00ab Fontenay Tr\u00e9signy \u00bb \n \nLE DIRECTEUR G\u00c9N\u00c9RAL DE L'AGENCE R\u00c9GIONALE DE SANT\u00c9 D'\u00ceLE-DE-FRANCE  \n \nLE PR\u00c9SIDENT DU CONSEIL D\u00c9PARTEMENTAL DE SEINE-ET-MARNE \n \n \nVU la loi n\u00b0 2015-1776 du 28 d\u00e9cembre 2015 relative \u00e0 l'adaptation de la soci\u00e9t\u00e9 au vieillissement \n(loi ASV) et ses d\u00e9crets d'application n\u00b02016 -1164 du 26 ao\u00fbt 2016 et n\u00b02016 -1814 du 21 \nd\u00e9cembre 2016 ; \n \nVU le code de l'action sociale et des familles et notamment les articles L312 -1, L313-1, L314-3 \net suivants ; \n   \nVU le code g\u00e9n\u00e9ral des collectivit\u00e9s territoriales ; \n  \nVU le d\u00e9cret du 10 avril 2024 portant nomination de Monsieur Denis ROBIN, Directeur g\u00e9n\u00e9ral \nde l'Agence r\u00e9gionale de sant\u00e9 \u00cele-de-France \u00e0 compter du 29 avril 2024 ; \n  \nVU l'arr\u00eat\u00e9 DS N\u00b0115/2024 du 25 septembre 2024 portant d\u00e9l\u00e9gation de signature \u00e0 Madame \nSt\u00e9phanie TALBOT, Directrice de l'autonomie ; \n  \nVU l'arr\u00eat\u00e9 n\u00b0DIRNOV -2023/08 du 26 octobre 2023 de la Directrice g\u00e9n\u00e9rale de l'Agence \nr\u00e9gionale de sant\u00e9 \u00cele-de-France portant modification du cadre d'orientation strat\u00e9gique \n2018-2028 du projet r\u00e9gional de sant\u00e9 \u00cele-de-France ; \n \nVU l'arr\u00eat\u00e9 n\u00b0DIRNOV-2023/09 du 26 octobre 2023 de la Directrice g\u00e9n\u00e9rale de l'Agence \nr\u00e9gionale de sant\u00e9 \u00cele-de-France portant adoption du sch\u00e9ma r\u00e9gional de sant\u00e9 2023 -2028 \ndu projet r\u00e9gional de sant\u00e9 \u00cele-de-France ; \n  \nVU \n \n \n \nVU \nl'arr\u00eat\u00e9 n\u00b02023-162 de la Directrice g\u00e9n\u00e9rale de l'Agence r\u00e9gionale  de sant\u00e9 \u00cele-de-France \ndu 19 juin 2023 \u00e9tablissant le programme interd\u00e9partemental d'accompagnement des \nhandicaps et de la perte d'autonomie (PRIAC) 2022-2026 pour la r\u00e9gion \u00cele-de-France ; \n \nl'instruction n\u00b0DGCS/SD3A/DREES/DMSI/2019/180 du 19 juillet 2019 relative \u00e0 \nl'enregistrement sur le fichier national des \u00e9tablissements sanitaires et sociaux (FINESS) des \ndispositifs sp\u00e9cifiques de prise en charge et d'accompagnement adapt\u00e9 des personnes \n\u00e2g\u00e9es atteintes de maladies neuro-d\u00e9g\u00e9n\u00e9ratives et de leurs proches aidants (PASA, UHR, \nPFR et ESA) ; \n \nVU le Plan national maladies neuro-d\u00e9g\u00e9n\u00e9ratives 2014-2019 ;  \n \n \nAgence R\u00e9gionale de Sant\u00e9 - IDF-2025-08-27-00030 - Arr\u00eat\u00e9 portant autorisation de cr\u00e9ation d'un P\u00f4le d'Activit\u00e9s et de Soins Adapt\u00e9s \n                                         de jour de 14 places au sein de l'EHPAD \u00ab Les Jardins de M\u00e9dicis \u00bb sis 9, rue du docteur Prevost - 77 610\nFontenay-Tr\u00e9signy\ng\u00e9r\u00e9 par la SAS \u00ab Fontenay Tr\u00e9signy \u00bb\n10\n \n \nVU la Feuille de route maladies neuro-d\u00e9g\u00e9n\u00e9ratives 2021-2022 ; \n  \nVU la d\u00e9lib\u00e9ration n\u00b0CD-2021/07/01-0/01 du 1er juillet 2021 relative \u00e0 l'\u00e9lection de Monsieur Jean-\nFran\u00e7ois PARIGI en qualit\u00e9 de Pr\u00e9sident du Conseil d\u00e9partemental de Seine-et-Marne ; \n  \nVU la d\u00e9lib\u00e9ration n\u00b0CD-2024/04/05-4/01 du 5 avril 2024 adoptant le Sch\u00e9ma d\u00e9partemental de \nl'Autonomie 2024-2028 ; \n  \nVU l'arr\u00eat\u00e9 n\u00b0 2009-78 en date du 1er juillet 2009, portant autorisation d'un EHPAD \u00ab Les Jardins \nM\u00e9dicis \u00bb sis 9 rue du docteur Prevost \u00e0 Fontenay-Tr\u00e9signy ;  \n  \nVU l'avis d'appel \u00e0 candidatures pour la cr\u00e9ation de p\u00f4le d'activit\u00e9s et de soins adapt\u00e9s (PASA) \nen \u00cele-de-France publi\u00e9 le 5 mai 2024 ; \n \nVU \n \nl'avis de s\u00e9lection de l'appel \u00e0 candidatures pour la cr\u00e9ation de p\u00f4le d'activit\u00e9s et de soins \nadapt\u00e9s en \u00cele-de-France en date du 6 mars 2025 , retenant le projet de PASA de l'EHPAD   \n\u00ab Les Jardins M\u00e9dicis \u00bb ;                                            \n \n \nCONSID\u00c9RANT l'avis favorable suite \u00e0 la visite de conformit\u00e9 du 05 juin 2025 ; \n  \nCONSID\u00c9RANT que le PASA permet de prendre en charge et d'accueillir, sur une ouverture de \n5 jours par semaine, les personnes \u00e2g\u00e9es atteintes de la maladie d'Alzheimer \nou de maladies apparent\u00e9es ; \n  \nCONSID\u00c9RANT le montant de la dotation forfaitaire annuelle de 80 000 euros qui s'ajoute \u00e0 la \ndotation initiale de fonctionnement de l'EHPAD ; \n \n \n       ARR\u00caTENT \n \n \nARTICLE 1er : L'EHPAD \u00ab Les Jardins M\u00e9dicis \u00bb sis 9, rue du docteur Prevost \u00e0 Fontenay-Tr\u00e9signy, \ng\u00e9r\u00e9 par la SAS \u00ab Fontenay Tr\u00e9signy \u00bb, est autoris\u00e9 \u00e0 cr\u00e9er un P\u00f4le d'Activit\u00e9s et de \nSoins Adapt\u00e9s  de jour (PASA) de 14 places avec une ouverture de 5 jours par \nsemaine, pour accueillir et prendre en charge des personnes atteintes de la maladie \nd'Alzheimer ou de maladies apparent\u00e9es.  \n \nLe P\u00f4le d'Activit\u00e9s et de Soins Adapt\u00e9s est un lieu de vie au sein duquel sont \norganis\u00e9es et propos\u00e9es, durant la journ\u00e9e, des activit\u00e9s sociales et th\u00e9rapeutiques \naux r\u00e9sidents de l'EHPAD ayant des troubles du comportement mod\u00e9r\u00e9s.  \n \nARTICLE 2e : Le montant du forfait annuel dans le cadre du fonctionnement du PASA s'\u00e9l\u00e8ve \u00e0      \n80 000 euros (hors taux d'\u00e9volution) en ann\u00e9e pleine pour un PASA de jour de 14 \nplaces avec une ouverture de 5 jours par semaine. \n \nARTICLE 3e : La capacit\u00e9 totale de l'EHPAD reste inchang\u00e9e et demeure fix\u00e9e \u00e0 75 places r\u00e9parties \nde la mani\u00e8re suivante : \n\u2212 70 places d'h\u00e9bergement permanent \n\u2212 5 places d'h\u00e9bergement temporaire. \nL'EHPAD comprend un PASA jour de 14 places pour personnes \u00e2g\u00e9es atteintes de la \nmaladie d'Alzheimer ou maladies apparent\u00e9es. \n \nARTICLE 4e : \n \n \nCette structure est r\u00e9pertori\u00e9e dans le Fichier National des Etablissements Sanitaires \net Sociaux (FINESS) de la fa\u00e7on suivante : \n \nAgence R\u00e9gionale de Sant\u00e9 - IDF-2025-08-27-00030 - Arr\u00eat\u00e9 portant autorisation de cr\u00e9ation d'un P\u00f4le d'Activit\u00e9s et de Soins Adapt\u00e9s \n                                         de jour de 14 places au sein de l'EHPAD \u00ab Les Jardins de M\u00e9dicis \u00bb sis 9, rue du docteur Prevost - 77 610\nFontenay-Tr\u00e9signy\ng\u00e9r\u00e9 par la SAS \u00ab Fontenay Tr\u00e9signy \u00bb\n11\n \n \n \n \n \n \n \n \n \n \n \n \n \n \n \n \n \n \n \n \n \nN\u00b0 FINESS de l'\u00e9tablissement : 77 001 752 3 \n \nCode cat\u00e9gorie : [500] EHPAD  \nCode mode de fixation des tarifs : [43] ARS/PCD, Tarif global, non habilit\u00e9 aide sociale \nsans PUI \n \nCode discipline : [924] Accueil pour Personnes \u00c2g\u00e9es  \nCode activit\u00e9/ fonctionnement : [11] H\u00e9bergement Complet Internat  \nCode client\u00e8le : [711] Personnes \u00c2g\u00e9es d\u00e9pendantes  \nCapacit\u00e9 : 70 \n \nCode discipline : [657] Accueil temporaire pour Personnes \u00c2g\u00e9es \nCode activit\u00e9/ fonctionnement : [11] H\u00e9bergement Complet Internat \nCode client\u00e8le : [436] Personnes Alzheimer ou maladies apparent\u00e9es \nCapacit\u00e9 : 5 \n \nCode discipline : [961] P\u00f4le d'activit\u00e9s et de soins adapt\u00e9s (PASA)  \nCode fonctionnement (type d'activit\u00e9) : [21] Accueil de jour \nCode client\u00e8le : [436] Personnes Alzheimer ou maladies apparent\u00e9es \n \nN\u00b0 FINESS du gestionnaire : 77 001 751 5 \n \nCode statut : [95] Soci\u00e9t\u00e9 par Actions Simplifi\u00e9e (S.A.S.) \n  \nARTICLE 5e :  \n \n \n \nLe pr\u00e9sent arr\u00eat\u00e9 est sans effet concernant la dur\u00e9e d'autorisation accord\u00e9e \u00e0 \nl'\u00e9tablissement pour 15 ans \u00e0 compt er de sa date de renouvellement d'autorisation \ndu 3 janvier  2017 conform\u00e9ment aux conditions pr\u00e9vues aux articles L .312-8 et              \nL.313-5 du code de l'action sociale et des familles. \n \nARTICLE 6e : Un recours contre le pr\u00e9sent arr\u00eat\u00e9 peut \u00eatre form\u00e9 devant le tribunal administratif \ncomp\u00e9tent dans un d\u00e9lai de deux mois \u00e0 compter de sa notification.   \n  \nARTICLE 7e : La directrice de la d\u00e9l\u00e9gation d\u00e9partementale de Seine-et-Marne de l'Agence \nr\u00e9gionale de sant\u00e9 \u00cele-de-France et le Pr\u00e9sident du Conseil d\u00e9partemental de Seine-\net-Marne sont charg\u00e9s, chacun en ce qui le concerne, de l'ex\u00e9cution du pr\u00e9sent arr\u00eat\u00e9 \nqui sera notifi\u00e9 au demandeur, publi\u00e9 aux recueils des actes administratifs de la \nR\u00e9gion \u00cele-de-France et du d\u00e9partement du D\u00e9partement de Seine-et-Marne.     \n \n \nFait \u00e0 Saint-Denis, le 27/08/2025 \n \n \nPour le Directeur g\u00e9n\u00e9ral \nde l'Agence r\u00e9gionale de sant\u00e9 \n\u00cele-de-France et par d\u00e9l\u00e9gation, \nLa Directrice adjointe de l'Autonomie \n \nSolenne DE ZELICOURT \n  \n \nPour le Pr\u00e9sident du Conseil d\u00e9partemental  \nde Seine-et-Marne et par d\u00e9l\u00e9gation, \nLe Vice-pr\u00e9sident \n \n \n Denis JULLEMIER \n \nAgence R\u00e9gionale de Sant\u00e9 - IDF-2025-08-27-00030 - Arr\u00eat\u00e9 portant autorisation de cr\u00e9ation d'un P\u00f4le d'Activit\u00e9s et de Soins Adapt\u00e9s \n                                         de jour de 14 places au sein de l'EHPAD \u00ab Les Jardins de M\u00e9dicis \u00bb sis 9, rue du docteur Prevost - 77 610\nFontenay-Tr\u00e9signy\ng\u00e9r\u00e9 par la SAS \u00ab Fontenay Tr\u00e9signy \u00bb\n12\nAgence R\u00e9gionale de Sant\u00e9\nIDF-2025-08-27-00029\nArr\u00eat\u00e9 portant autorisation de cr\u00e9ation d'un P\u00f4le\nd'Activit\u00e9s et de Soins Adapt\u00e9s                                \n          de nuit de 12 places au sein de l'EHPAD de\nl'Etablissement Public G\u00e9rontologique de              \nTournan-en-Brie sis 99, rue de Paris \u00e0\nTournan-en-Brie (77220) \nAgence R\u00e9gionale de Sant\u00e9 - IDF-2025-08-27-00029 - Arr\u00eat\u00e9 portant autorisation de cr\u00e9ation d'un P\u00f4le d'Activit\u00e9s et de Soins Adapt\u00e9s \n                                         de nuit de 12 places au sein de l'EHPAD de l'Etablissement Public G\u00e9rontologique de               Tournan-en-Brie\nsis 99, rue de Paris \u00e0 Tournan-en-Brie (77220) \n13\nREPUBLIQUEFRAN\u00c7AISELibert\u00e9Egalit\u00e9Fraternit\u00e9\nseine 7/&maArneLE D\u00c9PARTEMENTAr@ D Agence R\u00e9gionale de Sant\u00e9lle-de-France\n   \n                                                               \n                                                                                                                                   \n \n \n \n \n                                                    ARR\u00caT\u00c9 N\u00b0 2025 \u2013 246 \n                           ARR\u00caT\u00c9 R\u00c9GLEMENTAIRE N\u00b0 2025/37/DGAS/DA/SECQ                                                                                                                                                                               \nPortant autorisation de cr\u00e9ation d'un P\u00f4le d'Activit\u00e9s et de Soins Adapt\u00e9s                                           \nde nuit de 12 places au sein de l'Etablissement d'H\u00e9bergement pour                                         \nPersonnes Ag\u00e9es D\u00e9pendantes (EHPAD) de l'Etablissement Public G\u00e9rontologique de               \nTournan-en-Brie sis 99, rue de Paris \u00e0 Tournan-en-Brie (77220)  \n \nLE DIRECTEUR G\u00c9N\u00c9RAL DE L'AGENCE R\u00c9GIONALE DE SANT\u00c9 D'\u00ceLE-DE-FRANCE  \n \nLE PR\u00c9SIDENT DU CONSEIL D\u00c9PARTEMENTAL DE SEINE-ET-MARNE \n \n \nVU la loi n\u00b0 2015-1776 du 28 d\u00e9cembre 2015 relative \u00e0 l'adaptation de la soci\u00e9t\u00e9 au vieillissement \n(loi ASV) et ses d\u00e9crets d'application n\u00b02016 -1164 du 26 ao\u00fbt 2016 et n\u00b02016 -1814 du 21 \nd\u00e9cembre 2016 ; \n \nVU le code de l'action sociale et des familles et notamment les articles L312 -1, L313-1, L314-3 \net suivants ; \n   \nVU le code g\u00e9n\u00e9ral des collectivit\u00e9s territoriales ; \n  \nVU le d\u00e9cret du 10 avril 2024 portant nomination de Monsieur Denis ROBIN, Directeur g\u00e9n\u00e9ral \nde l'Agence r\u00e9gionale de sant\u00e9 \u00cele-de-France \u00e0 compter du 29 avril 2024 ; \n  \nVU l'arr\u00eat\u00e9 DS N\u00b0115/2024 du 25 septembre 2024 portant d\u00e9l\u00e9gation de signature \u00e0 Madame \nSt\u00e9phanie TALBOT, Directrice de l'autonomie ; \n  \nVU l'arr\u00eat\u00e9 n\u00b0  DIRNOV-2023/08 du 26 octobre 2023 de la Directrice g\u00e9n\u00e9rale de l'Agence \nr\u00e9gionale de sant\u00e9 \u00cele-de-France portant modification du cadre d'orientation strat\u00e9gique \n2018-2028 du projet r\u00e9gional de sant\u00e9 \u00cele-de-France ; \n \nVU l'arr\u00eat\u00e9 n\u00b0 DIRNOV-2023/09 du 26 octobre 2023 de la Directrice g\u00e9n\u00e9rale de l'Agence \nr\u00e9gionale de sant\u00e9 \u00cele-de-France portant adoption du sch\u00e9ma r\u00e9gional de sant\u00e9 2023 -2028 \ndu projet r\u00e9gional de sant\u00e9 \u00cele-de-France ; \n  \nVU \n \n \n \nVU \nl'arr\u00eat\u00e9 n\u00b0 2023-162 de la Directrice g\u00e9n\u00e9rale de l'Agence r\u00e9gionale  de sant\u00e9 \u00cele-de-France \ndu 19 juin 2023 \u00e9tablissant le programme interd\u00e9partemental d'accompagnement des \nhandicaps et de la perte d'autonomie (PRIAC) 2022-2026 pour la r\u00e9gion Ile-de-France ; \n \nl'instruction n\u00b0DGCS/SD3A/DREES/DMSI/2019/180 du 19 juillet 2019 relative \u00e0 \nl'enregistrement sur le fichier national des \u00e9tablissements sanitaires et sociaux (FINESS) des \ndispositifs sp\u00e9cifiques de prise en charge et d'accompagnement adapt\u00e9 des personnes \n\u00e2g\u00e9es atteintes de maladies neuro-d\u00e9g\u00e9n\u00e9ratives et de leurs proches aidants (PASA, UHR, \nPFR et ESA) ; \n \nVU le Plan national maladies neuro-d\u00e9g\u00e9n\u00e9ratives 2014-2019 ;  \n \nVU La d\u00e9lib\u00e9ration n\u00b0CD -2021/07/01-0/01 du 1 er juillet 2021 relative \u00e0 l'\u00e9lection de Monsieur \nJean-Fran\u00e7ois PARIGI en qualit\u00e9 de Pr\u00e9sident du Conseil d\u00e9partemental de Seine-et-Marne ; \nAgence R\u00e9gionale de Sant\u00e9 - IDF-2025-08-27-00029 - Arr\u00eat\u00e9 portant autorisation de cr\u00e9ation d'un P\u00f4le d'Activit\u00e9s et de Soins Adapt\u00e9s \n                                         de nuit de 12 places au sein de l'EHPAD de l'Etablissement Public G\u00e9rontologique de               Tournan-en-Brie\nsis 99, rue de Paris \u00e0 Tournan-en-Brie (77220) \n14\n \nVU la d\u00e9lib\u00e9ration n\u00b0CD -2024/04/05-4/01 du 5 avril 2024 adoptant le Sch\u00e9ma d\u00e9partemental de \nl'Autonomie 2024-2028 ; \n  \nVU l'arr\u00eat\u00e9 conjoint en date du 15 f\u00e9vrier 2019, portant modification de capacit\u00e9 par extension de \n10 places d'h\u00e9bergement temporaire et de 3 places d'accueil de jour au sein de l'EHPAD de \nl'Etablissement Public G\u00e9rontologique de Tournan-en-Brie sis 99, rue de Paris \u00e0 Tournan -en-\nBrie ; \n  \nVU l'avis d'appel \u00e0 candidatures pour la cr\u00e9ation de p\u00f4le d'activit\u00e9s et de soins adapt\u00e9s (PASA) en \n\u00cele-de-France publi\u00e9 le 5 mai 2024 ; \n  \nVU l'avis de s\u00e9lection de l'appel \u00e0 candidatures pour la cr\u00e9ation de p\u00f4le d'activit\u00e9s et de soins \nadapt\u00e9s en \u00cele-de-France en date du 6 mars 2025, retenant le projet de PASA de l'EHPAD de \nl'Etablissement Public G\u00e9rontologique de Tournan-en-Brie ; \n  \n \nCONSID\u00c9RANT l'avis favorable suite \u00e0 la visite de conformit\u00e9 du 13 mai 2025 ; \n  \nCONSID\u00c9RANT que le PASA permet de prendre en charge et d'accueillir, sur une ouverture de 5 \nnuits par semaine, les personnes \u00e2g\u00e9es atteintes de la maladie d'Alzheimer ou de \nmaladies apparent\u00e9es ; \n  \nCONSID\u00c9RANT le montant de la dotation forfaitaire annuelle de 100 000 euros qui s'ajoute \u00e0 la \ndotation initiale de fonctionnement de l'EHPAD ; \n \n \n       ARR\u00caTENT \n \n \nARTICLE 1er : L'EHPAD de l'Etablissement Public G\u00e9rontologique de Tournan -en-Brie sis 99, rue \nde Paris \u00e0 Tournan -en-Brie est autoris\u00e9 \u00e0  cr\u00e9er un P\u00f4le d'Activit\u00e9s et de Soins \nAdapt\u00e9s (PASA) de nuit de 12 places avec une ouverture de 5 nuits par semaine , \npour accueillir et prendre en charge des personnes atteintes de la maladie \nd'Alzheimer ou de maladies apparent\u00e9es.  \n \nARTICLE 2e : Le montant du forfait annuel dans le cadre du fonctionnement du PASA s'\u00e9l\u00e8ve \u00e0      \n100 000 euros (hors taux d'\u00e9volution) en ann\u00e9e pleine pour un PASA de nuit de 1 2 \nplaces avec une ouverture de 5 nuits par semaine. \n \nARTICLE 3e : La capacit\u00e9 totale de l 'EHPAD reste inchang\u00e9e  et demeure fix\u00e9e \u00e0  172 places \nr\u00e9parties de la mani\u00e8re suivante : \n- 142 places d'h\u00e9bergement permanent \n- 15 places d'h\u00e9bergement temporaire \n- 15 places d'accueil de jour. \nL'EHPAD comprend un PASA de jour de 14 places et un PASA de nuit de 12 places, \npour personnes \u00e2g\u00e9es atteintes de la maladie d'Alzheimer ou maladies apparent\u00e9es.  \n \nARTICLE 4e : \n \n \n \n \n \n \n \n \n \nCette structure est r\u00e9pertori\u00e9e dans le Fichier National des Etablissements Sanitaires \net Sociaux (FINESS) de la fa\u00e7on suivante : \n \nN\u00b0 FINESS de l'\u00e9tablissement : 77 081 178 4 \n \nCode cat\u00e9gorie : [500] EHPAD \nCode mode de fixation des tarifs : [4 1] ARS/PCD, Tarif global, habilit\u00e9 aide sociale \nsans PUI \n \n \nAgence R\u00e9gionale de Sant\u00e9 - IDF-2025-08-27-00029 - Arr\u00eat\u00e9 portant autorisation de cr\u00e9ation d'un P\u00f4le d'Activit\u00e9s et de Soins Adapt\u00e9s \n                                         de nuit de 12 places au sein de l'EHPAD de l'Etablissement Public G\u00e9rontologique de               Tournan-en-Brie\nsis 99, rue de Paris \u00e0 Tournan-en-Brie (77220) \n15\n \n \n \n \n \n \n \n \n \n \n \n \n \n \n \n \n \n \n \n \n \nCode discipline : [924] Accueil pour Personnes \u00c2g\u00e9es \nCode activit\u00e9/ fonctionnement : [11] H\u00e9bergement Complet Internat \nCode client\u00e8le : [711] Personnes \u00c2g\u00e9es d\u00e9pendantes \nCapacit\u00e9 : 142 \n \nCode discipline : [657] Accueil temporaire pour Personnes \u00c2g\u00e9es  \nCode activit\u00e9/ fonctionnement : [11] H\u00e9bergement Complet internat \nCode client\u00e8le : [436] Personnes Alzheimer ou maladies apparent\u00e9es \nCapacit\u00e9 : 15 \n \nCode discipline : [924] Accueil pour Personnes \u00c2g\u00e9es \nCode activit\u00e9/ fonctionnement : [21] Accueil de jour  \nCode client\u00e8le : [436] Personnes Alzheimer ou maladies apparent\u00e9es \nCapacit\u00e9 : 15 \n  \nCode discipline : [961] P\u00f4le d'activit\u00e9s et de soins adapt\u00e9s (PASA) \nCode fonctionnement (type d'activit\u00e9) : [21] Accueil de jour \nCode client\u00e8le : [436] Personnes Alzheimer ou maladies apparent\u00e9es \n \nCode discipline : [961] P\u00f4le d'activit\u00e9s et de soins adapt\u00e9s (PASA) \nCode fonctionnement (type d'activit\u00e9) : [22] Accueil de nuit \nCode client\u00e8le : [436] Personnes Alzheimer ou maladies apparent\u00e9es \n \nN\u00b0 FINESS du gestionnaire : 77 013 007 8 \n \nCode statut : [22] Etablissement Social et M\u00e9dico-social Intercommunal \n  \nARTICLE 5e :  \n \n \n \nLe pr\u00e9sent arr\u00eat\u00e9 est sans effet concernant la dur\u00e9e d'autorisation accord\u00e9e \u00e0 \nl'\u00e9tablissement pour 15 ans \u00e0 compt er de sa date de renouvellement d'autorisation \ndu 3 janvier  2017 conform\u00e9ment aux conditions pr\u00e9vues aux articles L .312-8 et              \nL.313-5 du code de l'action sociale et des familles. \n \nARTICLE 6e : Un recours contre le pr\u00e9sent arr\u00eat\u00e9 peut \u00eatre form\u00e9 devant le tribunal administratif \ncomp\u00e9tent dans un d\u00e9lai de deux mois \u00e0 compter de sa notification.   \n  \nARTICLE 7e : La directrice de la d\u00e9l\u00e9gation d\u00e9partementale de Seine-et-Marne de l'Agence \nr\u00e9gionale de sant\u00e9 \u00cele-de-France et le Pr\u00e9sident du Conseil d\u00e9partemental de Seine-\net-Marne sont charg\u00e9s, chacun en ce qui le concerne, de l'ex\u00e9cution du pr\u00e9sent arr\u00eat\u00e9 \nqui sera notifi\u00e9 au demandeur, publi\u00e9 aux recueils des actes administratifs de la \nR\u00e9gion \u00cele-de-France et du d\u00e9partement du D\u00e9partement de Seine-et-Marne.     \n \n \nFait \u00e0 Saint-Denis, le 27/08/2025 \n \n \nPour le Directeur g\u00e9n\u00e9ral \nde l'Agence r\u00e9gionale de sant\u00e9 \n\u00cele-de-France et par d\u00e9l\u00e9gation \nLa Directrice adjointe de l'Autonomie \n \nSolenne DE ZELICOURT \n  \n \nPour Le Pr\u00e9sident du Conseil d\u00e9partemental  \nde Seine et-Marne et par d\u00e9l\u00e9gation, \nLe Vice-Pr\u00e9sident \n \n \n Denis JULLEMIER \n \nAgence R\u00e9gionale de Sant\u00e9 - IDF-2025-08-27-00029 - Arr\u00eat\u00e9 portant autorisation de cr\u00e9ation d'un P\u00f4le d'Activit\u00e9s et de Soins Adapt\u00e9s \n                                         de nuit de 12 places au sein de l'EHPAD de l'Etablissement Public G\u00e9rontologique de               Tournan-en-Brie\nsis 99, rue de Paris \u00e0 Tournan-en-Brie (77220) \n16\nAgence R\u00e9gionale de Sant\u00e9\nIDF-2025-09-01-00020\nArr\u00eat\u00e9 portant autorisation de cr\u00e9ation d'un P\u00f4le\nd'Activit\u00e9s et de Soins Adapt\u00e9s                                \n          de nuit de 14 places au sein de l'EHPAD \u00ab\nLe Patio \u00bb sis 8-10, avenue Joseph Bodin de\nBoismortier \u00e0 Roissy-en-Brie (77 680) \ng\u00e9r\u00e9 par l'Association pour la Cr\u00e9ation\nd'Equipements Pilotes (ACEP)\nAgence R\u00e9gionale de Sant\u00e9 - IDF-2025-09-01-00020 - Arr\u00eat\u00e9 portant autorisation de cr\u00e9ation d'un P\u00f4le d'Activit\u00e9s et de Soins Adapt\u00e9s \n                                         de nuit de 14 places au sein de l'EHPAD \u00ab Le Patio \u00bb sis 8-10, avenue Joseph Bodin de Boismortier \u00e0\nRoissy-en-Brie (77 680) \ng\u00e9r\u00e9 par l'Association pour la Cr\u00e9ation d'Equipements Pilotes (ACEP)\n17\nREPUBLIQUEFRAN\u00c7AISELibert\u00e9Egalit\u00e9Fraternit\u00e9 seine 7/&marneLE D\u00c9PARTEMENT\nAr@ D Agence R\u00e9gionale de Sant\u00e9lle-de-France\n   \n                                                               \n                                                                                                                                   \n \n \n \n \nARR\u00caT\u00c9 N\u00b0 2025 \u2013 248 \nARR\u00caT\u00c9 R\u00c9GLEMENTAIRE N\u00b0 2025/39/DGAS/DA/SECQ \nPortant autorisation de cr\u00e9ation d'un P\u00f4le d'Activit\u00e9s et de Soins Adapt\u00e9s                                           \nde nuit de 14 places au sein de l'Etablissement d'H\u00e9bergement pour                                         \nPersonnes Ag\u00e9es D\u00e9pendantes (EHPAD) \u00ab Le Patio \u00bb  \nsis 8-10, avenue Joseph Bodin de Boismortier \u00e0 Roissy-en-Brie (77 680)  \ng\u00e9r\u00e9 par l'Association pour la Cr\u00e9ation d'Equipements Pilotes (ACEP) \n \nLE DIRECTEUR G\u00c9N\u00c9RAL DE L'AGENCE R\u00c9GIONALE DE SANT\u00c9 \u00ceLE-DE-FRANCE  \n \nLE PR\u00c9SIDENT DU CONSEIL D\u00c9PARTEMENTAL DE SEINE-ET-MARNE \n \nVU la loi n\u00b0 2015-1776 du 28 d\u00e9cembre 2015 relative \u00e0 l'adaptation de la soci\u00e9t\u00e9 au vieillissement \n(loi ASV) et ses d\u00e9crets d'application n\u00b02016-1164 du 26 ao\u00fbt 2016 et n\u00b02016 -1814 du 21 \nd\u00e9cembre 2016 ; \n \nVU le code de l'action sociale et des familles et notamment les articles L312 -1, L313-1, L314-3 \net suivants ; \n   \nVU le code g\u00e9n\u00e9ral des collectivit\u00e9s territoriales ; \n  \nVU le d\u00e9cret du 10 avril 2024 portant nomination de Monsieur Denis ROBIN, Directeur g\u00e9n\u00e9ral \nde l'Agence r\u00e9gionale de sant\u00e9 \u00cele-de-France \u00e0 compter du 29 avril 2024 ; \n  \nVU l'arr\u00eat\u00e9 DS N\u00b0115/2024 du 25 septembre 2024 portant d\u00e9l\u00e9gation de signature \u00e0 Madame \nSt\u00e9phanie TALBOT, Directrice de l'autonomie ; \n  \nVU l'arr\u00eat\u00e9 n\u00b0 DIRNOV -2023/08 du 26 octobre 2023 de la Directrice g\u00e9n\u00e9rale de l'Agence \nr\u00e9gionale de sant\u00e9 \u00cele-de-France portant modification du cadre d'orientation strat\u00e9gique \n2018-2028 du projet r\u00e9gional de sant\u00e9 \u00cele-de-France ; \n \nVU l'arr\u00eat\u00e9 n\u00b0 DIRNOV-2023/09 du 26 octobre 2023 de la Directrice g\u00e9n\u00e9rale de l'Agence \nr\u00e9gionale de sant\u00e9 \u00cele-de-France portant adoption du sch\u00e9ma r\u00e9gional de sant\u00e9 2023 -2028 \ndu projet r\u00e9gional de sant\u00e9 \u00cele-de-France ; \n  \nVU \n \n \n \nVU \nl'arr\u00eat\u00e9 n\u00b0 2023-162 de la Directrice g\u00e9n\u00e9rale de l'Agence r\u00e9gionale de sant\u00e9 \u00cele-de-France \ndu 19 juin 2023 \u00e9tablissant le programme interd\u00e9partemental d'accompagnement des \nhandicaps et de la perte d'autonomie (PRIAC) 2022-2026 pour la r\u00e9gion \u00cele-de-France ; \n \nl'instruction n\u00b0 DGCS/SD3A/DREES/DMSI/2019/180 du 19 juillet 2019 relative \u00e0 \nl'enregistrement sur le fichier national des \u00e9tablissements sanitaires et sociaux (FINESS) des \ndispositifs sp\u00e9cifiques de prise en charge et d'accompagnement adapt\u00e9 des personnes \n\u00e2g\u00e9es atteintes de maladies neuro-d\u00e9g\u00e9n\u00e9ratives et de leurs proches aidants (PASA, UHR, \nPFR et ESA) ; \n \nVU le Plan national maladies neuro-d\u00e9g\u00e9n\u00e9ratives 2014-2019 ;  \n \n \n \nAgence R\u00e9gionale de Sant\u00e9 - IDF-2025-09-01-00020 - Arr\u00eat\u00e9 portant autorisation de cr\u00e9ation d'un P\u00f4le d'Activit\u00e9s et de Soins Adapt\u00e9s \n                                         de nuit de 14 places au sein de l'EHPAD \u00ab Le Patio \u00bb sis 8-10, avenue Joseph Bodin de Boismortier \u00e0\nRoissy-en-Brie (77 680) \ng\u00e9r\u00e9 par l'Association pour la Cr\u00e9ation d'Equipements Pilotes (ACEP)\n18\n VU \n \n \nVU \n \n \nla d\u00e9lib\u00e9ration n\u00b0CD-2021/07/01-0/01 du 1er juillet 2021 relative \u00e0 l'\u00e9lection de Monsieur Jean-\nFran\u00e7ois PARIGI en qualit\u00e9 de Pr\u00e9sident du Conseil d\u00e9partemental de Seine-et-Marne ; \n \nla d\u00e9lib\u00e9ration n\u00b0CD-2024/04/05-4/01 du 5 avril 2024 adoptant le Sch\u00e9ma d\u00e9partemental de \nl'Autonomie 2024-2028 ; \nVU l'arr\u00eat\u00e9 n\u00b0 2024-185 et arr\u00eat\u00e9 r\u00e9glementaire n\u00b0 2024/28/DGAS/DA/SECQ en date du 24 juillet \n2024, portant autorisation de cr\u00e9ation d'un centre de ressources territorial port\u00e9 par l'EHPAD \n\u00ab Le Patio  \u00bb sis \u00e0 Roissy -en-Brie, portant sa capacit\u00e9 totale \u00e0 203 places (190 places \nd'h\u00e9bergement permanent, 3 places d'h\u00e9bergement temporaire et 10 places d'accueil de  \njour) ;   \n \nVU l'avis d'appel \u00e0 candidatures pour la cr\u00e9ation de p\u00f4le d'activit\u00e9s et de soins adapt\u00e9s (PASA) \nen \u00cele-de-France publi\u00e9 le 5 mai 2024 ; \n \nVU l'avis de s\u00e9lection de l'appel \u00e0 candidatures pour la cr\u00e9ation de p\u00f4le d'activit\u00e9s et de soins \nadapt\u00e9s en \u00cele-de-France en date du 6 mars 2025 , retenant le projet de PASA de l'EHPAD \n\u00ab Le Patio \u00bb ; \n  \n \n \n \nCONSID\u00c9RANT l'avis favorable suite \u00e0 la visite de conformit\u00e9 en date du 20 mai 2025 ;  \n \nCONSID\u00c9RANT que le PASA permet de prendre en charge et d'accueillir, sur une ouverture de \n5 nuits par semaine, les personnes \u00e2g\u00e9es atteintes de la maladie d'Alzheimer \nou de maladies apparent\u00e9es ; \n \nCONSID\u00c9RANT \n \n \n \nle montant de la dotation forfaitaire annuelle de 100 000 euros qui s'ajoute \u00e0 la \ndotation initiale de fonctionnement de l'EHPAD ; \n \n \n       ARR\u00caTENT \n \n \nARTICLE 1er : L'EHPAD \u00ab Le Patio \u00bb sis 8-10, avenue Joseph Bodin de Boismortier \u00e0 Roissy-en-\nBrie (77 680), g\u00e9r\u00e9 par l'Association pour la Cr\u00e9ation d'Equipements Pilotes (ACEP), \nest autoris\u00e9 \u00e0  cr\u00e9er un P\u00f4le d'Activit\u00e9s et de Soins Adapt\u00e9s (PASA) de nuit de 14 \nplaces ouvert 5 nuits par semaine, pour accueillir et prendre en charge des personnes \natteintes de la maladie d'Alzheimer ou de maladies apparent\u00e9es.  \n \nARTICLE 2e : Le montant du forfait annuel dans le cadre du fonctionnement du PASA s'\u00e9l\u00e8ve \u00e0  \n100 000 euros (hors taux d'\u00e9volution) en ann\u00e9e pleine pour un PASA de nuit de 1 4 \nplaces et une ouverture de 5 nuits par semaine. \n \nARTICLE 3e : La capacit\u00e9 totale de l 'EHPAD reste inchang\u00e9e  et demeure fix\u00e9e \u00e0  203 places \nr\u00e9parties de la mani\u00e8re suivante : \n- 190 places d'h\u00e9bergement permanent    \n-  3 places d'h\u00e9bergement temporaire    \n- 10 places d'accueil de jour. \nL'EHPAD comprend un PASA de jour de 14 places et un PASA de nuit de 14 places \npour personnes \u00e2g\u00e9es atteintes de la maladie d'Alzheimer ou maladies apparent\u00e9es, et \nune Unit\u00e9 d'h\u00e9bergement renforc\u00e9e (UHR) de 12 places. \n \nL'EHPAD est porteur d'un centre de ressources territorial sur le d\u00e9partement de Seine-\net-Marne, sur le territoire du dispositif d'appui \u00e0 la coordination (DAC) 77 Nord.  \n \n \n \n \nAgence R\u00e9gionale de Sant\u00e9 - IDF-2025-09-01-00020 - Arr\u00eat\u00e9 portant autorisation de cr\u00e9ation d'un P\u00f4le d'Activit\u00e9s et de Soins Adapt\u00e9s \n                                         de nuit de 14 places au sein de l'EHPAD \u00ab Le Patio \u00bb sis 8-10, avenue Joseph Bodin de Boismortier \u00e0\nRoissy-en-Brie (77 680) \ng\u00e9r\u00e9 par l'Association pour la Cr\u00e9ation d'Equipements Pilotes (ACEP)\n19\nARTICLE 4e : \n \n \n \n \n \n \n \n \n \n \n \n \n \n \n \n \n \n \n \n \n \n \n \n \n \n \n \n \n \n \n \n \n \n \n \n \n \n \n \n \n \nCette structure est r\u00e9pertori\u00e9e dans le Fichier National des Etablissements Sanitaires \net Sociaux (FINESS) de la fa\u00e7on suivante : \n \nN\u00b0 FINESS de l'\u00e9tablissement : 77 080 207 2  \n \nCode cat\u00e9gorie : [500] EHPAD \nCode mode de fixation des tarifs : [4 1] ARS/PCD, Tarif Global, habilit\u00e9 aide sociale \nsans PUI. \n \nCode discipline : [924] Accueil pour Personnes \u00c2g\u00e9es \nCode activit\u00e9/ fonctionnement : [11] H\u00e9bergement Complet Internat \nCode client\u00e8le : [711] Personnes \u00c2g\u00e9es d\u00e9pendantes \nCapacit\u00e9 : 178 \n \nCode discipline : (657] Accueil temporaire pour Personnes \u00c2g\u00e9es  \nCode fonctionnement : (11] H\u00e9bergement Complet Internat  \nCode client\u00e8le : (436] Personnes Alzheimer ou maladies apparent\u00e9es \nCapacit\u00e9 : 3 \n \nCode discipline : [924] Accueil pour Personnes \u00c2g\u00e9es  \nCode fonctionnement : [21] Accueil de Jour  \nCode client\u00e8le : [436] Personnes Alzheimer ou maladies apparent\u00e9es  \nCapacit\u00e9 : 10 \n \nCode discipline : [962] Unit\u00e9 d'h\u00e9bergement renforc\u00e9e  \nCode fonctionnement : [11] H\u00e9bergement Complet Internat  \nCode client\u00e8le : [436] Personnes Alzheimer ou maladies apparent\u00e9es  \nCapacit\u00e9 : 12 \n \nCode discipline : [961] P\u00f4le d'activit\u00e9s et de soins adapt\u00e9s (PASA) \nCode fonctionnement (type d'activit\u00e9) : [21] Accueil de jour \nCode client\u00e8le : [436] Personnes Alzheimer ou maladies apparent\u00e9es \n \nCode discipline : [961] P\u00f4le d'activit\u00e9s et de soins adapt\u00e9s  \nCode fonctionnement : [22] Accueil de nuit \nCode client\u00e8le : [436] Personnes Alzheimer ou maladies apparent\u00e9es  \n \nCode discipline : [412] Centre de ressources territorial pour les personnes \u00e2g\u00e9es \nCode fonctionnement : [48] Tous modes d'accueil et d'accompagnement  \nCode client\u00e8le : [040] Aidants/aid\u00e9s Personnes \u00e2g\u00e9es \n \nN\u00b0 FINESS du gestionnaire : 77 079 027 7 \n \nCode statut : [60] Association Loi 1901 non R.U.P. \n  \nARTICLE 5e :  \n \n \n \nLe pr\u00e9sent arr\u00eat\u00e9 est sans effet concernant la dur\u00e9e d'autorisation accord\u00e9e \u00e0 \nl'\u00e9tablissement pour 15 ans \u00e0 compt er de sa date de renouvellement d'autorisation \ndu 3 janvier  2017 conform\u00e9ment aux conditions pr\u00e9vues aux articles L .312-8 et              \nL.313-5 du code de l'action sociale et des familles. \n \nARTICLE 6e : Un recours contre le pr\u00e9sent arr\u00eat\u00e9 peut \u00eatre form\u00e9 devant le tribunal administratif \ncomp\u00e9tent dans un d\u00e9lai de deux mois \u00e0 compter de sa notification.   \n \n \n \n \n \n \n \n \nAgence R\u00e9gionale de Sant\u00e9 - IDF-2025-09-01-00020 - Arr\u00eat\u00e9 portant autorisation de cr\u00e9ation d'un P\u00f4le d'Activit\u00e9s et de Soins Adapt\u00e9s \n                                         de nuit de 14 places au sein de l'EHPAD \u00ab Le Patio \u00bb sis 8-10, avenue Joseph Bodin de Boismortier \u00e0\nRoissy-en-Brie (77 680) \ng\u00e9r\u00e9 par l'Association pour la Cr\u00e9ation d'Equipements Pilotes (ACEP)\n20\nGI\n \n \nARTICLE 7e : La directrice de la d\u00e9l\u00e9gation d\u00e9partementale de Seine-et-Marne de l'Agence \nr\u00e9gionale de sant\u00e9 \u00cele-de-France et le Pr\u00e9sident du Conseil d\u00e9partemental de Seine-\net-Marne sont charg\u00e9s, chacun en ce qui le concerne, de l'ex\u00e9cution du pr\u00e9sent arr\u00eat\u00e9 \nqui sera notifi\u00e9 au demandeur, publi\u00e9 aux recueils des actes administratifs de la \nR\u00e9gion \u00cele-de-France et du d\u00e9partement du D\u00e9partement de Seine-et-Marne.     \n \n \n \n \nFait \u00e0 Saint-Denis, le 01/09/2025 \n \n \n \nPour le Directeur g\u00e9n\u00e9ral \nde l'Agence r\u00e9gionale de sant\u00e9 \n\u00cele-de-France et par d\u00e9l\u00e9gation \n \nLa Directrice adjointe de l'Autonomie \n \n \nSolenne DE ZELICOURT \nLe Pr\u00e9sident du Conseil d\u00e9partemental  \nde Seine et-Marne \net par d\u00e9l\u00e9gation \n \nle Vice-pr\u00e9sident \n \n \nDenis JULLEMIER \n \nAgence R\u00e9gionale de Sant\u00e9 - IDF-2025-09-01-00020 - Arr\u00eat\u00e9 portant autorisation de cr\u00e9ation d'un P\u00f4le d'Activit\u00e9s et de Soins Adapt\u00e9s \n                                         de nuit de 14 places au sein de l'EHPAD \u00ab Le Patio \u00bb sis 8-10, avenue Joseph Bodin de Boismortier \u00e0\nRoissy-en-Brie (77 680) \ng\u00e9r\u00e9 par l'Association pour la Cr\u00e9ation d'Equipements Pilotes (ACEP)\n21\nAgence R\u00e9gionale de Sant\u00e9\nIDF-2025-08-07-00007\nD\u00e9cision n\u00b0 DVSS - QSPHARMBIO - 2025/068\nportant modification de l'autorisation de la\npharmacie \u00e0 usage int\u00e9rieur de l'h\u00f4pital priv\u00e9 de\nParly II\nAgence R\u00e9gionale de Sant\u00e9 - IDF-2025-08-07-00007 - D\u00e9cision n\u00b0 DVSS - QSPHARMBIO - 2025/068 portant modification de\nl'autorisation de la pharmacie \u00e0 usage int\u00e9rieur de l'h\u00f4pital priv\u00e9 de Parly II 22\nESREPUBLIQUEFRAN\u00c7AISELibert\u00e9Egalit\u00e9Fraternit\u00e9\n4\u00a9 \u00bb Agence R\u00e9gionale de Sant\u00e9Ile-de-France\n \n \n \n \n \n \n \nAGENCE REGIONALE DE SANTE ILE-DE-FRANCE \n \nDECISION n\u00b0 DVSS - QSPHARMBIO \u2013 2025/068 \nportant modification de l'autorisation de la pharmacie \u00e0 usage int\u00e9rieur \nde l'h\u00f4pital priv\u00e9 de Parly II \nLE DIRECTEUR GENERAL DE L'AGENCE REGIONALE DE SANTE ILE-DE-FRANCE \n \nVU le code de la sant\u00e9 publique  et notamment les articles L.5126 -1 \u00e0 L.5126 -11 ainsi que les \narticles R.5126-1 \u00e0 R.5126-62 ;  \nVU l'arr\u00eat\u00e9 en date du 22 juin 2001 relatif aux bonnes pratiques de pharmacie hospitali\u00e8re ; \nVU la d\u00e9cision en date du 21 juillet 2023, prise en application des articles L.5121 -1 et L.5121-5 \ndu code de la sant\u00e9 publique, relative aux bonnes pratiques de pr\u00e9paration  ; \nVU l'ordonnance n\u00b0 2016-1729 en date du 15 d\u00e9cembre 2016 relative aux pharmacies \u00e0 usage \nint\u00e9rieur prise en application de l'article 204 de la loi n\u00b02016 -41 du 26 janvier 2016 de \nmodernisation de notre syst\u00e8me de sant\u00e9 en sa version modifi\u00e9e  par  l'ordonnance  \nn\u00b0 2020-1407 en date du 18 novembre 2020 relative aux missions des agences r\u00e9gionales \nde sant\u00e9 ; \nVU le d\u00e9cret n\u00b0 2019-489 en date du 21 mai 2019 relatif aux pharmacies \u00e0 usage int\u00e9rieur ; \nVU le d\u00e9cret en date du 10 avril 2024 portant nomination de Monsieur Denis ROBIN, Directeur \ng\u00e9n\u00e9ral de l'Agence r\u00e9gionale de sant\u00e9 \u00cele-de-France \u00e0 compter du 29 avril 2024 ; \nVU l'arr\u00eat\u00e9 n\u00b0 DS 1 07/2024 en date du 27 juin  2024 portant d\u00e9l\u00e9gation de signature de \nMonsieur Denis ROBIN, Directeur g\u00e9n\u00e9ral de l'Agence r\u00e9gionale de sant\u00e9 \u00cele-de-France \u00e0 \nMadame Sophie MARTINON , Direct rice g\u00e9n\u00e9rale adjointe de l'Agence r\u00e9gionale de sant\u00e9 \n\u00cele-de-France ; \nVU la d\u00e9cision ARS n\u00b0 DVSS \u2013 QSPHARMBIO \u2013 2023/075 en date du 28 d\u00e9cembre 2023 \nportant renouvellement de l'au torisation de la pharmacie \u00e0 usage int\u00e9rieur de l'h\u00f4pital priv\u00e9 \nde Parly II ; \nVU la d\u00e9claration d\u00e9pos\u00e9e le 23 mai 2025 par la directrice de l'\u00e9tablissement, repr\u00e9sentant l\u00e9gal \nde la personne morale exploitant l'h\u00f4pital priv\u00e9 de Parly II,  en vue de modifier les \u00e9l\u00e9ments \nfigurant dans l'autorisation initiale de la pharmacie \u00e0 usage int\u00e9rieur de l'h\u00f4pital priv\u00e9 de \nParly II ; \nVU le rapport unique d'instruction en date du 27 juin 2025 \u00e9tabli par le pharmacien inspecteur de \nsant\u00e9 publique ; \nCONSIDERANT que les modifications des \u00e9l\u00e9ments de l'autorisation de la pharmacie \u00e0 usage \nint\u00e9rieur sollicit\u00e9es par l'h\u00f4pital priv\u00e9 de Parly II sont consid\u00e9r\u00e9es comme non \nsubstantielles au titre de l'article R. 5126 -32 du code de la sant\u00e9 publique  et \nconsistent en la modification provisoire des locaux de la pharmacie \u00e0 usage \nint\u00e9rieur dans le cadre de l'installation d'un second appareil IRM sur une partie \ndes locaux actuels de la pharmacie \u00e0 usage int\u00e9rieur.  \nAgence R\u00e9gionale de Sant\u00e9 - IDF-2025-08-07-00007 - D\u00e9cision n\u00b0 DVSS - QSPHARMBIO - 2025/068 portant modification de\nl'autorisation de la pharmacie \u00e0 usage int\u00e9rieur de l'h\u00f4pital priv\u00e9 de Parly II 23\n \nCette modification transitoire s'effectue dans l'attente de  la r\u00e9alisation du projet \nde d\u00e9m\u00e9nagement des locaux de la pharmacie \u00e0 usage int\u00e9rieur , afin d'assurer \nla continuit\u00e9 et la qualit\u00e9 des services durant cette p\u00e9riode ; \nCONSIDERANT \n \n \n \nque la pharmacie \u00e0 usage int\u00e9rieur disposera de locaux, de moyens en \npersonnel et en \u00e9quipements lui permettant d'assurer l'ensemble de ses \nmissions ; \nCONSIDERANT qu'il y a lieu de modifier l'autorisation de la pharmacie \u00e0 usage int\u00e9rieur pour \ntenir compte de cette modification ; \nDECIDE \n \nARTICLE 1 Est autoris\u00e9e la modification provisoire des locaux de la pharmacie \u00e0 usage \nint\u00e9rieur pour la r\u00e9alisation de ses missions. \n \nL'article 5 de l'autorisation de la pharmacie \u00e0 usage int\u00e9rieur de l'h\u00f4pital priv\u00e9 \nde Parly II n\u00b0 DVSS \u2013QSPHARMBIO \u2013 2023/075 en date du \n28 d\u00e9cembre 2023, est modifi\u00e9 comme suit : \n \nLes termes :  \n \n\u00ab les locaux principaux de la pharmacie au sous-sol du b\u00e2timent (258,9 m\u00b2) \u00bb \n \nSont remplac\u00e9s par les termes : \n \n\u00ab les locaux principaux de la pharmacie sont situ\u00e9s au niveau R-1 (270,5 m\u00b2) : \n \n- zone m\u00e9dicaments : 39,05 m\u00b2 ; \n- sas r\u00e9ception d\u00e9cartonnage/quarantaine : 22,8 m\u00b2 ; \n- zone dispositifs m\u00e9dicaux : 149,4 m\u00b2 ; \n- zone solut\u00e9s : 31,8 m\u00b2 ; \n- local produits inflammables : 2,6 m\u00b2 ; \n- bureau pharmacien : 10,15 m\u00b2 ; \n- zone de stockage fluides m\u00e9dicaux (bouteilles) : 3,1 m\u00b2 ; \n- zone dispositifs m\u00e9dicaux implantables provisoire : 11,6 m\u00b2 \u00bb. \n \nARTICLE 2 \n \nLes autres \u00e9l\u00e9ments de la d\u00e9cision n\u00b0 DVSS \u2013 QSPHARMBIO \u2013 2023/075 en \ndate du 28 d\u00e9cembre 2023  portant renouvellement de l'autorisation de la \npharmacie \u00e0 usage int\u00e9rieur, restent inchang\u00e9s. \nARTICLE 3 Un recours contentieux contre la pr\u00e9sente d\u00e9cision peut \u00eatre form\u00e9 aupr\u00e8s du \nTribunal administratif comp\u00e9tent. Le d\u00e9lai de recours est de deux mois \u00e0 \ncompter de la notification de la d\u00e9cision pour les int\u00e9ress\u00e9s ou de sa publication \npour les tiers. Cette juridiction peut notamment \u00eatre saisie via une requ\u00eate \nremise ou envoy\u00e9e au greffe du Tribunal administratif ou aussi par l'application \n\u00ab T\u00e9l\u00e9recours \u00bb accessible \u00e0 partir du site www.telerecours.fr.  \n \n \n \nAgence R\u00e9gionale de Sant\u00e9 - IDF-2025-08-07-00007 - D\u00e9cision n\u00b0 DVSS - QSPHARMBIO - 2025/068 portant modification de\nl'autorisation de la pharmacie \u00e0 usage int\u00e9rieur de l'h\u00f4pital priv\u00e9 de Parly II 24\n \nARTICLE 4 Les directeurs de l'Agence r\u00e9gionale de sant\u00e9 Ile -de-France sont charg\u00e9s, \nchacun en ce qui les concerne, de l'ex\u00e9cution de la pr\u00e9sente d\u00e9cision, qui sera \npubli\u00e9e au recueil des actes administratifs de la pr\u00e9fecture de la r\u00e9gion Ile -de-\nFrance. \n        \nFait \u00e0 Saint-Denis, le 7 ao\u00fbt 2025 \n \nLe Directeur g\u00e9n\u00e9ral \nde l'Agence r\u00e9gionale de sant\u00e9  \nIle-de-France \n \nSIGNE \n \nDenis ROBIN \nAgence R\u00e9gionale de Sant\u00e9 - IDF-2025-08-07-00007 - D\u00e9cision n\u00b0 DVSS - QSPHARMBIO - 2025/068 portant modification de\nl'autorisation de la pharmacie \u00e0 usage int\u00e9rieur de l'h\u00f4pital priv\u00e9 de Parly II 25\nAgence R\u00e9gionale de Sant\u00e9  - D\u00e9l\u00e9gation\nD\u00e9partementale de la Seine Saint-Denis\nIDF-2025-08-12-00011\nArr\u00eat\u00e9 n\u00b0DD93- 2025/011 DU 12 ao\u00fbt 2025\nPortant agr\u00e9ment du centre de sant\u00e9 (CDS) P\u00f4le\nSant\u00e9 et Ophtalmologique du 8 mai 1945 ayant\npour num\u00e9ro FINESS Etablissement 93 003 679 3\npour ses activit\u00e9s ophtalmologiques et\northoptiques \nAgence R\u00e9gionale de Sant\u00e9  - D\u00e9l\u00e9gation D\u00e9partementale de la Seine Saint-Denis - IDF-2025-08-12-00011 - Arr\u00eat\u00e9 n\u00b0DD93- 2025/011 DU\n12 ao\u00fbt 2025 Portant agr\u00e9ment du centre de sant\u00e9 (CDS) P\u00f4le Sant\u00e9 et Ophtalmologique du 8 mai 1945 ayant pour num\u00e9ro FINESS\nEtablissement 93 003 679 3 pour ses activit\u00e9s ophtalmologiques et orthoptiques \n26\nREPUBLIQUEFRANCAISELibert\u00e9\u00c9galit\u00e9Fraternit\u00e9\nAr\u00a9 D Agence R\u00e9gionale de Sant\u00e9\u00cele-de-France\n \n \nAGENCE R\u00c9GIONALE DE SANT\u00c9 D'\u00ceLE-DE-FRANCE \nARR\u00caT\u00c9 N\u00b0DD93\u2013 2025/011 \nPortant agr\u00e9ment du centre de sant\u00e9 (CDS) P\u00f4le Sant\u00e9 et Ophtalmologique du 8 mai 1945 ayant \npour num\u00e9ro FINESS Etablissement 93 003 679 3 pour ses activit\u00e9s ophtalmologiques et \northoptiques  \n \nLE DIRECTEUR G\u00c9N\u00c9RAL DE L'AGENCE R\u00c9GIONALE DE SANT\u00c9 D'\u00ceLE-DE-FRANCE \n \nVU le code de la sant\u00e9 publique, notamment ses articles L.  6323-1 et suivants et D.  6323-1 \u00e0 D.  6323-12 \nainsi que les dispositions de l'arr\u00eat\u00e9 du 27 f\u00e9vrier 2018 relatif aux centres de sant\u00e9 ; \n \nVU \n \n \nVU \nl'arr\u00eat\u00e9 du 10 avril 2024 portant nomination de Monsieur Denis ROBIN, directeur g\u00e9n\u00e9ral de l'Agence \nr\u00e9gionale de sant\u00e9 d'\u00cele-de-France, \u00e0 compter du 29 avril 2024 ; \n \nl'arr\u00eat\u00e9 DS N\u00b0014/2025 du 12 juin 2025 de Monsieur le directeur g\u00e9n\u00e9ral de l'Agence r\u00e9gionale de sant\u00e9 \nIle-de-France portant d\u00e9l\u00e9gation de signature \u00e0 Madame Emmanuelle LATOUR, directrice de la \nd\u00e9l\u00e9gation d\u00e9partementale de la Seine-Saint-Denis ; \n \nARRETE \n \nARTICLE 1 : \n \nLe centre de sant\u00e9 dont la raison sociale est P\u00f4le Sant\u00e9 et Ophtalmologique du 8 mai 1945 \nsitu\u00e9 \u00e0 l'adresse suivante 16 bis AVENUE LENINE, 93120 LA COURNEUVE \ndont le num\u00e9ro FINESS est 93 003 679 3 \net dont la raison sociale de l'organisme gestionnaire est P\u00d4LE SANTE DU 8 MAI 1945 \nsitu\u00e9 \u00e0 l'adresse suivante 16 bis AVENUE LENINE, 93120 LA COURNEUVE, \n \nEST AGR\u00c9\u00c9 pour ses activit\u00e9s ophtalmologiques et orthoptiques. \nCet agr\u00e9ment vaut autorisation de dispenser des soins aux assur\u00e9s sociaux dans le centre ou \nl'antenne concern\u00e9s.  \n  \nARTICLE 2 : Le pr\u00e9sent agr\u00e9ment est provisoire et d\u00e9livr\u00e9 pour une dur\u00e9e d'un an.  \n  \nARTICLE 3 : Un recours hi\u00e9rarchique contre cet arr\u00eat\u00e9 peut \u00eatre form\u00e9 par tout int\u00e9ress\u00e9  dans les deux \nmois \u00e0 compter de sa notification devant la Ministre de la Sant\u00e9 et de l'Acc\u00e8s aux Soins. \nCe recours hi\u00e9rarchique ne constitue pas un pr\u00e9alable obligatoire au recours contentieux, qui \npeut \u00eatre form\u00e9 devant le tribunal administratif comp\u00e9tent dans les deux mois suivant la \nnotification du pr\u00e9sent arr\u00eat\u00e9. \n \nARTICLE 4 : La Directrice de la d\u00e9l\u00e9gation d\u00e9partementale de Seine-Saint-Denis de l'Agence r\u00e9gionale de \nsant\u00e9 d'Ile-de-France est charg\u00e9e de l'ex\u00e9cution du pr\u00e9sent arr\u00eat\u00e9, qui sera publi\u00e9 au recueil \ndes actes administratifs de la pr\u00e9fecture de r\u00e9gion Ile-de-France.  \n \nFait \u00e0 Saint-Denis, le 12/08/2025 \n \nPour le Directeur g\u00e9n\u00e9ral de l'Agence R\u00e9gionale de \nSant\u00e9 d'Ile-de-France \n \n \nSIGN\u00c9  \n \nYann de KERGUENEC \n \nAgence R\u00e9gionale de Sant\u00e9  - D\u00e9l\u00e9gation D\u00e9partementale de la Seine Saint-Denis - IDF-2025-08-12-00011 - Arr\u00eat\u00e9 n\u00b0DD93- 2025/011 DU\n12 ao\u00fbt 2025 Portant agr\u00e9ment du centre de sant\u00e9 (CDS) P\u00f4le Sant\u00e9 et Ophtalmologique du 8 mai 1945 ayant pour num\u00e9ro FINESS\nEtablissement 93 003 679 3 pour ses activit\u00e9s ophtalmologiques et orthoptiques \n27\nDirection r\u00e9gionale et interd\u00e9partementale de\nl'h\u00e9bergement et du logement\nIDF-2025-09-01-00027\nArr\u00eat\u00e9 de tarification fixant la dotation globale\nde fonctionnement 2025 du CHRS ANRS Airial\n(95)\nDirection r\u00e9gionale et interd\u00e9partementale de l'h\u00e9bergement et du logement - IDF-2025-09-01-00027 - Arr\u00eat\u00e9 de tarification fixant la\ndotation globale de fonctionnement 2025 du CHRS ANRS Airial (95) 28\nPREFET _DE LA REGIOND'\u00ceLE-DE-FRANCELibert\u00e9Egalit\u00e9Fraternit\u00e9\nT\u00e9l. : 01 82 52 40 00 \nLe Ponant, 5 rue Leblanc, 75015 Paris \nwww.drihl.ile-de-france.developpement-durable.gouv.fr \n \n \n1/4 \n \n \n      Direction r\u00e9gionale et interd\u00e9partementale \nde l'H\u00e9bergement et du Logement \nDRIHL \n \n \n \n \nOp\u00e9rateur : AIRIAL - ANRS \nN\u00b0 SIRET :  775 659 501 000 57 \nN\u00b0 EJ  :   210 461 3063 \nARR\u00caT\u00c9 n \u00b0 \n \nLE PR\u00c9FET DE LA R\u00c9GION D'\u00ceLE-DE-FRANCE \nCOMMANDEUR DE LA L\u00c9GION D'HONNEUR \nOFFICIER DE L'ORDRE NATIONAL DU M\u00c9RITE \n \nVu   l'article 125 de la loi n\u00b0 2018 -1021 du 23 novembre 2018 portant \u00e9volution du logement, \nde l'am\u00e9nagement et du num\u00e9rique ; \nVu  la loi n\u00b02025 -127 du 14 f\u00e9vrier 2025 de finances pour 2025 \u2013 Mission Coh\u00e9sion des \nterritoires et logement \u2013 Programme 177 \u00ab H\u00e9bergement, parcours vers le logement et \ninsertion des personnes vuln\u00e9rables \u00bb ; \nVu  le code de l'action sociale et des familles, notamment les articles L 312 -1, L.313-11, L 314-1, \nL.314-4 \u00e0 L. 314-7 , L.345-1, R. 314-1 \u00e0 R. 314-43, R. 314-47 , R.314-49, R.314-50, R.314-55, R.314-\n82 \u00e0 R.314-93, R. 314-106 \u00e0 R.314-110 et R. 314-150 \u00e0 R. 314-156 ; \nVu  l'arr\u00eat\u00e9 du 5 septembre 2013 modifiant l'arr\u00eat\u00e9 du 22 octobre 2003 fixant les mod\u00e8les de \ndocuments relatifs \u00e0 la gestion budg\u00e9taire, comptable et financi\u00e8re des \u00e9tablissements et \nservices sociaux et m\u00e9dico-sociaux ; \nVu l'arr\u00eat\u00e9 du 12 mars 2018 fixant le mod\u00e8le du tableau d'analyse de l'activit\u00e9 et des co\u00fbts de \nl'enqu\u00eate nationale des co\u00fbts applicable a u secteur de l'accueil, de l'h\u00e9bergement et de \nl'insertion pr\u00e9vue aux articles L.345-1 et L322-8-1 du code de l'action sociale et des familles ; \nVu l'arr\u00eat\u00e9 du 25 octobre 2019 fixant le contenu du cahier des charges du contrat pluriannuel \nd'objectifs et de  moyens pr\u00e9vu \u00e0 l'article L. 313 -11-2 du code de l'action sociale et des \nfamilles pour les \u00e9tablissements mentionn\u00e9s \u00e0 l'article L. 345-1 du m\u00eame code ; \nVu l'accord du 4 juin 2024 relatif \u00e0 l'extension du S\u00e9gur dans le cadre de la politique salariale \nen lien avec la n\u00e9gociation sur la CCNUE dans le secteur sanitaire, social et m\u00e9dico-social \npriv\u00e9 \u00e0 but non lucratif, n\u00e9goci\u00e9 par les partenaires sociaux, agr\u00e9\u00e9 par la Convention \nnationale d'agr\u00e9ment du 20 juin 2024, \u00e9tendu par l'arr\u00eat\u00e9 du 5 ao\u00fbt 2024 ; \nVu l'arr\u00eat\u00e9 du 11 avril 2025 pris en application de l'article L.314 -4 du code de l'action sociale \net des familles fixant les dotations r\u00e9gionales limitatives relatives aux frais de \nfonctionnement des centres d'h\u00e9bergement et de r\u00e9insertion sociale (CHRS), publi\u00e9 JORF \nn\u00b00104 du 3 mai 2025 ; \nVu l'instruction NOR : ATDI2513550J du 6 mai 2025 relative \u00e0 la campagne budg\u00e9taire des \ncentres d'h\u00e9bergement et de r\u00e9insertion sociale (CHRS) pour l'ann\u00e9e 2025 publi\u00e9e au \nBulletin Officiel du Minist\u00e8re de la Transition Ecologique du 13 mai 2025 ; \nDirection r\u00e9gionale et interd\u00e9partementale de l'h\u00e9bergement et du logement - IDF-2025-09-01-00027 - Arr\u00eat\u00e9 de tarification fixant la\ndotation globale de fonctionnement 2025 du CHRS ANRS Airial (95) 29\nT\u00e9l. : 01 82 52 40 00 \nLe Ponant, 5 rue Leblanc, 75015 Paris \nwww.drihl.ile-de-france.developpement-durable.gouv.fr \n \n \n2/4 \n \nVu l'arr\u00eat\u00e9 pr\u00e9fectoral en date du  02/09/1987 autorisant la cr\u00e9ation de l'\u00e9tablissement \nl'AIRIAL assurant l'accueil des personnes en difficult\u00e9 relevant de l'article L 312 -1 alin\u00e9a 8 \ndu code de l'action sociale et des familles g\u00e9r\u00e9 par l'association ANRS ;  \nVu le contrat pluriann uel d'objectifs et de moyens (CPOM) pour la p\u00e9riode 2022 \u00e0 2026 \nconclu entre l'\u00c9tat et l'association ANRS ; \n \nARR\u00caTE \n \n \nArticle 1er : \n \nLa dotation globalis\u00e9e commune relative aux frais de fonctionnement pour 2025 des centres \nd'h\u00e9bergement et de r\u00e9insertion sociale (CHRS) compris dans le p\u00e9rim\u00e8tre du contrat pluriannuel \nd'objectifs et de moyens (CPOM) g\u00e9r\u00e9s par l'association ANRS, dont le si\u00e8ge social est situ\u00e9 18 avenue \nVictoria 75001 Paris, est fix\u00e9e, en application des dispositions du CPOM susvis\u00e9 et des relev\u00e9s de d\u00e9cisions \ndes comit\u00e9s de suivi du contrat, \u00e0 714 793,00 \u20ac. \n \nCette dotation int\u00e8gre le financement en ann\u00e9e pleine de la revalorisation \u00ab S\u00e9gur pour tous \u00bb pour 3,00 \nETP , soit 16 092,00 \u20ac. \n \nLe co\u00fbt moyen journalier \u00e0 la place des CHRS du CPOM pour l'exercice 2025 est de 42,57 \u20ac. Ce co\u00fbt est \ncalcul\u00e9 \u00e0 partir de la dotation globalis\u00e9e de financement allou\u00e9e pour 46 places sur u n fonctionnement \n\u00e0 365 jours. \n \nLa quote -part de la dotation globalis\u00e9e commune r\u00e9partie par \u00e9tablissement, \u00e0 titre pr\u00e9visionnel et \nindicatif, est annex\u00e9e au pr\u00e9sent arr\u00eat\u00e9. \n \nEn application de l'article R.314-107 du code de l'action sociale et des familles, la fraction forfaitaire \u00e9gale \nau douzi\u00e8me de la dotation globale de financement s'\u00e9l\u00e8ve \u00e0 59 566,08 \u20ac. \n \n \nArticle 2 : \n \nA compter de l'ann\u00e9e 2025, la dotation int\u00e8gre de mani\u00e8re p\u00e9renne le montant de la compensation \nvers\u00e9e par l'\u00c9tat au titre de l'extension de la revalorisation \u00ab S\u00e9gur \u00bb pour 3,00 ETP , soit 16 092,00 \u20ac \n \nCe montant est calcul\u00e9 sur une base forfaitaire s'\u00e9levant \u00e0 5 364 \u20ac en co\u00fbt charg\u00e9 annuel par ETP \u00e9ligible.   \n \nLa compensation contribue \u00e0 couvrir le co\u00fbt total pour l'employeur de l a revalorisation salariale des \npersonnels \u00e9ligibles (impact sur les cotisations patronales et impact sur les salaires bruts). L'organisme \ngestionnaire s'engage \u00e0 revaloriser effectivement les professionnels concern\u00e9s et \u00e0 affecter ces cr\u00e9dits \u00e0 \nla revalorisation salariale de ces salari\u00e9s. \n \n \nArticle 3 : \n \nCette dotation sera imput\u00e9e sur les cr\u00e9dits du programme 177 \u00ab H\u00e9bergement, parcours vers le logement \net insertion des personnes vuln\u00e9rables \u00bb de la mission \u00ab Coh\u00e9sion des territoires \u00bb. \n \n \n \n \nDirection r\u00e9gionale et interd\u00e9partementale de l'h\u00e9bergement et du logement - IDF-2025-09-01-00027 - Arr\u00eat\u00e9 de tarification fixant la\ndotation globale de fonctionnement 2025 du CHRS ANRS Airial (95) 30\nT\u00e9l. : 01 82 52 40 00 \nLe Ponant, 5 rue Leblanc, 75015 Paris \nwww.drihl.ile-de-france.developpement-durable.gouv.fr \n \n \n3/4 \n \nArticle 4 : \n \nEn 2023, le r\u00e9sultat global des CHRS compris dans le p\u00e9rim\u00e8tre du contrat pluriannuel d'objectifs et de \nmoyens (CPOM) g\u00e9r\u00e9s par l'association ANRS est de 107 384,46 \u20ac. A la suite du comit\u00e9 de suivi 2025 du \nCPOM, l'affectation de ce r\u00e9sultat s'op\u00e8re de la mani\u00e8re suivante : \n\u2212 107 384,46 \u20ac affect\u00e9s au financement de mesures d'investissement du CHRS l'AIRIAL ; \n \n \n \nArticle 5 : \n \nPour l'exercice budg\u00e9taire 2026, dans l'attente de la fixation de la dotation globale de financement, et \nen application du IV bis de l'article L.314-7 du CASF et de l'article D.314-106-1 du CASF, il est retenu une \ndotation provisoire d'un montant d e 714 793,00 \u20ac, correspondant \u00e0 la DGF 2025 hors CNR et r\u00e9sultats \n2023 repris neutralis\u00e9s. Le montant des acomptes mensuels s'\u00e9l\u00e8ve \u00e0 59 566,08 \u20ac. \n \n \nArticle 6 : \n \nLes recours dirig\u00e9s contre le pr\u00e9sent arr\u00eat\u00e9 doivent \u00eatre port\u00e9s devant le tribunal administratif de \nVersailles sis 56, avenue de Saint Cloud 78011 Versailles, dans le d\u00e9lai d'un mois \u00e0 compter de sa \npublication ou, pour les personnes auxquelles il sera notifi\u00e9, \u00e0 compter de sa notification. \n \n \nArticle 7 : \n \nLe Pr\u00e9fet de la r\u00e9gion d'\u00cele -de-France, Pr\u00e9fet de Paris et le directeur r\u00e9gional et interd\u00e9partemental de \nl'h\u00e9bergement et du logement d'\u00cele-de-France sont charg\u00e9s, chacun en ce qui le concerne, de l'ex\u00e9cution \ndu pr\u00e9sent arr\u00eat\u00e9 qui sera publi\u00e9 au recueil des actes administratifs de la pr\u00e9fecture de la r\u00e9gion d'\u00cele-de-\nFrance, pr\u00e9fecture de Paris. \n \n \nFait \u00e0 Paris, le 1 SEP 2025 \n \nPour le Pr\u00e9fet de la r\u00e9gion d'\u00cele-de-France, \nPr\u00e9fet de Paris et par d\u00e9l\u00e9gation \nLe Directeur adjoint \nDe l'H\u00e9bergement et du Logement \n \nSIGNE \n \nGuillaume MANGIN \n \nDirection r\u00e9gionale et interd\u00e9partementale de l'h\u00e9bergement et du logement - IDF-2025-09-01-00027 - Arr\u00eat\u00e9 de tarification fixant la\ndotation globale de fonctionnement 2025 du CHRS ANRS Airial (95) 31\nT\u00e9l. : 01 82 52 40 00 \nLe Ponant, 5 rue Leblanc, 75015 Paris \nwww.drihl.ile-de-france.developpement-durable.gouv.fr \n \n \n4/4 \n \nANNEXE 1 \n \nR\u00e9partition de la quote-part de la dotation globalis\u00e9e commune (DGC) 2025 par \u00e9tablissement \n \n \n \nDotation globalis\u00e9e commune 2025 \nCHRS Dept. Places Base \nreconductible \nS\u00e9gur pour \ntous \nCNR 2025 Dotation \n2025 \nAIRIAL 95 46 698 701,28 \u20ac 16 092,00 \u20ac 0,00 \u20ac 714 793,00 \u20ac \n \n \n \n \n \n \nDirection r\u00e9gionale et interd\u00e9partementale de l'h\u00e9bergement et du logement - IDF-2025-09-01-00027 - Arr\u00eat\u00e9 de tarification fixant la\ndotation globale de fonctionnement 2025 du CHRS ANRS Airial (95) 32\nDirection r\u00e9gionale et interd\u00e9partementale de\nl'h\u00e9bergement et du logement\nIDF-2025-09-01-00028\nArr\u00eat\u00e9 de tarification fixant la dotation globale\nde fonctionnement 2025 du CHRS APUI\nBeaumont (95)\nDirection r\u00e9gionale et interd\u00e9partementale de l'h\u00e9bergement et du logement - IDF-2025-09-01-00028 - Arr\u00eat\u00e9 de tarification fixant la\ndotation globale de fonctionnement 2025 du CHRS APUI Beaumont (95) 33\nPREFET _DE LA REGIOND'\u00ceLE-DE-FRANCELibert\u00e9Egalit\u00e9Fraternit\u00e9\nT\u00e9l. : 01 82 52 40 00 \nLe Ponant, 5 rue Leblanc, 75015 Paris \nwww.drihl.ile-de-france.developpement-durable.gouv.fr \n \n \n1/4 \n \n \n      Direction r\u00e9gionale et interd\u00e9partementale \nde l'H\u00e9bergement et du Logement \nDRIHL \n \n \n \n \nOp\u00e9rateur : Beaumont - APUI \nN\u00b0 SIRET : 311 916 241 000 20 \nN\u00b0 EJ :  210 461 3067 \nARR\u00caT\u00c9 n \u00b0 \n \nLE PR\u00c9FET DE LA R\u00c9GION D'\u00ceLE-DE-FRANCE \nCOMMANDEUR DE LA L\u00c9GION D'HONNEUR \nOFFICIER DE L'ORDRE NATIONAL DU M\u00c9RITE \n \n \nVu  l'article 125 de la loi n\u00b0 2018 -1021 du 23 novembre 2018 portant \u00e9volution du logement, \nde l'am\u00e9nagement et du num\u00e9rique ; \nVu  la loi n\u00b02025 -127 du 14 f\u00e9vrier 2025 de finances pour 2025 \u2013 Mission Coh\u00e9sion des \nterritoires et logement \u2013 Programme 177 \u00ab H\u00e9bergement, parcours vers le logement et \ninsertion des personnes vuln\u00e9rables \u00bb ; \nVu  le code de l'action sociale et des familles, notamment les articles L 312 -1, L.313-11, L 314-1, \nL.314-4 \u00e0 L. 314-7 , L.345-1, R. 314-1 \u00e0 R. 314-43, R. 314-47 , R.314-49, R.314-50, R.314-55, R.314-\n82 \u00e0 R.314-93, R. 314-106 \u00e0 R.314-110 et R. 314-150 \u00e0 R. 314-156 ; \nVu  l'arr\u00eat\u00e9 du 5 septembre 2013 modifiant l'arr\u00eat\u00e9 du 22 octobre 2003 fixant les mod\u00e8les de \ndocuments relatifs \u00e0 la gestion budg\u00e9taire, comptable et financi\u00e8re des \u00e9tablissements et \nservices sociaux et m\u00e9dico-sociaux ; \nVu l'arr\u00eat\u00e9 du 12 mars 2018 fixant le mod\u00e8le du tableau d'analyse de l'activit\u00e9 et des co\u00fbts de \nl'enqu\u00eate nationale des co\u00fbts applicable a u secteur de l'accueil, de l'h\u00e9bergement et de \nl'insertion pr\u00e9vue aux articles L.345-1 et L322-8-1 du code de l'action sociale et des familles ; \nVu l'arr\u00eat\u00e9 du 25 octobre 2019 fixant le contenu du cahier des charges du contrat pluriannuel \nd'objectifs et de  moyens pr\u00e9vu \u00e0 l'article L. 313 -11-2 du code de l'action sociale et des \nfamilles pour les \u00e9tablissements mentionn\u00e9s \u00e0 l'article L. 345-1 du m\u00eame code ; \nVu l'accord du 4 juin 2024 relatif \u00e0 l'extension du S\u00e9gur dans le cadre de la politique salariale \nen lien avec la n\u00e9gociation sur la CCNUE dans le secteur sanitaire, social et m\u00e9dico-social \npriv\u00e9 \u00e0 but non lucratif, n\u00e9goci\u00e9 par les partenaires sociaux, agr\u00e9\u00e9 par la Convention \nnationale d'agr\u00e9ment du 20 juin 2024, \u00e9tendu par l'arr\u00eat\u00e9 du 5 ao\u00fbt 2024 ; \nVu l'arr\u00eat\u00e9 du 11 avril 2025 pris en application de l'article L.314 -4 du code de l'action sociale \net des familles fixant les dotations r\u00e9gionales limitatives relatives aux frais de \nfonctionnement des centres d'h\u00e9bergement et de r\u00e9insertion sociale (CHRS), publi\u00e9 JORF \nn\u00b00104 du 3 mai 2025 ; \nVu l'instruction NOR : ATDI2513550J du 6 mai 2025 relative \u00e0 la campagne budg\u00e9taire des \ncentres d'h\u00e9bergement et de r\u00e9insertion sociale (CHRS) pour l'ann\u00e9e 2025 publi\u00e9e au \nBulletin Officiel du Minist\u00e8re de la Transition Ecologique du 13 mai 2025 ; \nDirection r\u00e9gionale et interd\u00e9partementale de l'h\u00e9bergement et du logement - IDF-2025-09-01-00028 - Arr\u00eat\u00e9 de tarification fixant la\ndotation globale de fonctionnement 2025 du CHRS APUI Beaumont (95) 34\nT\u00e9l. : 01 82 52 40 00 \nLe Ponant, 5 rue Leblanc, 75015 Paris \nwww.drihl.ile-de-france.developpement-durable.gouv.fr \n \n \n2/4 \n \nVu l'arr\u00eat\u00e9 pr\u00e9fectoral en date du  22/12/1981 a utorisant la cr\u00e9ation de l'\u00e9tablissement Les \nVillageoises de Beaumont  assurant l'accueil des personnes en difficult\u00e9 relevant de \nl'article L 312-1 alin\u00e9a 8 du code de l'action sociale et des familles g\u00e9r\u00e9 par l'association \nAPUI ; \nVu le contrat pluriannuel d'objectifs et de moyens (CPOM) pour la p\u00e9riode  2024 \u00e0 2028 \nconclu entre l'\u00c9tat et APUI ; \n \n \nARR\u00caTE \n \nArticle 1er : \n \nLa dotation globalis\u00e9e commune relative aux frais de fonctionnement pour 2025 des centres \nd'h\u00e9bergement et de r\u00e9insertion sociale (CHRS) compris dans le p\u00e9rim\u00e8tre du contrat pluriannuel \nd'objectifs et de moyens (CPOM) g\u00e9r\u00e9s par l'association APUI, dont le si\u00e8ge social est situ\u00e9 sis 34 rue de \nBoyenval 95460 Beaumont sur Oise , est fix\u00e9e, en application des dispositions du CPOM susvis\u00e9 et des \nrelev\u00e9s de d\u00e9cisions des comit\u00e9s de suivi du contrat, \u00e0 376 602,00 \u20ac. \n \nCette dotation int\u00e8gre le financement en ann\u00e9e pleine de la revalorisation \u00ab S\u00e9gur pour tous \u00bb pour 1,29 \nETP , soit 6 919,56 \u20ac. \n \nLe co\u00fbt moyen journalier \u00e0 la place des CHRS du CPOM pour l'exercice 2025 est de 34,39 \u20ac. Ce co\u00fbt est \ncalcul\u00e9 \u00e0 partir de la dotation globalis\u00e9e de financement allou\u00e9e pour 30 places sur un fonctionnement \n\u00e0 365 jours. \n \nLa quote -part de la dotation globalis\u00e9e commune r\u00e9partie par \u00e9tablissement, \u00e0 titre pr\u00e9visionnel et \nindicatif, est annex\u00e9e au pr\u00e9sent arr\u00eat\u00e9. \n \nEn application de l'article R.314-107 du code de l'action sociale et des familles, la fraction forfaitaire \u00e9gale \nau douzi\u00e8me de la dotation globale de financement s'\u00e9l\u00e8ve \u00e0 31 383,50 \u20ac. \n \nArticle 2 : \n \nA compter de l'ann\u00e9e 2025, la dotation int\u00e8gre de mani\u00e8re p\u00e9renne le montant de la compensation \nvers\u00e9e par l'\u00c9tat au titre de l'extension de la revalorisation \u00ab S\u00e9gur \u00bb pour 1,29 ETP , soit 6 919,56 \u20ac, \n \nCe montant est calcul\u00e9 sur une base forfaitaire s'\u00e9levant \u00e0 5 364 \u20ac en co\u00fbt charg\u00e9 annuel par ETP \u00e9ligible.   \n \nLa compensation contribue \u00e0 couvrir le co\u00fbt total pour l'employeur de la revalorisation salariale des \npersonnels \u00e9ligibles (impact sur les cotisa tions patronales et impact sur les salaires bruts). L'organisme \ngestionnaire s'engage \u00e0 revaloriser effectivement les professionnels concern\u00e9s et \u00e0 affecter ces cr\u00e9dits \u00e0 \nla revalorisation salariale de ces salari\u00e9s. \n \nArticle 3 : \n \nCette dotation sera imput\u00e9e sur les cr\u00e9dits du programme 177 \u00ab H\u00e9bergement, parcours vers le logement \net insertion des personnes vuln\u00e9rables \u00bb de la mission \u00ab Coh\u00e9sion des territoires \u00bb. \n \nArticle 4 : \n \nEn 2023, le r\u00e9sultat global des CHRS compris dans le p\u00e9rim\u00e8tre du contrat pluriannuel d'objectifs et de \nDirection r\u00e9gionale et interd\u00e9partementale de l'h\u00e9bergement et du logement - IDF-2025-09-01-00028 - Arr\u00eat\u00e9 de tarification fixant la\ndotation globale de fonctionnement 2025 du CHRS APUI Beaumont (95) 35\nT\u00e9l. : 01 82 52 40 00 \nLe Ponant, 5 rue Leblanc, 75015 Paris \nwww.drihl.ile-de-france.developpement-durable.gouv.fr \n \n \n3/4 \n \nmoyens (CPOM) g\u00e9r\u00e9s par  l'association APUI est de 33 490,86 \u20ac. A la suite du comit\u00e9 de suivi 2025 du \nCPOM, l'affectation de ce r\u00e9sultat s'op\u00e8re de la mani\u00e8re suivante : \n \n\u2212 33 490,86 \u20ac affect\u00e9s au financement de mesures d'investissement du CHRS Les villageoises de \nBeaumont \n \nArticle 5 : \n \nPour l'exercice budg\u00e9taire 2026, dans l'attente de la fixation de la dotation globale de financement, et \nen application du IV bis de l'article L.314 -7 du CASF et de l'article D.314-106-1 du CASF, il est retenu une \ndotation provisoire d'un montant de 376 602,00 \u20ac, correspondant \u00e0 la DGF 2025 hors CNR et r\u00e9sultats \n2023 repris neutralis\u00e9s. Le montant des acomptes mensuels s'\u00e9l\u00e8ve \u00e0 31 383,50 \u20ac. \n \nArticle 6 : \n \nLes recours dirig\u00e9s contre le pr\u00e9sent arr\u00eat\u00e9 doivent \u00eatre port\u00e9s devant le tribunal administratif de \nVersailles sis 56, avenue de Saint Cloud 78011 Versailles, dans le d\u00e9lai d'un mois \u00e0 compter de sa \npublication ou, pour les personnes auxquelles il sera notifi\u00e9, \u00e0 compter de sa notification. \n \nArticle 7 : \n \nLe Pr\u00e9fet de la r\u00e9gion d'\u00cele -de-France, Pr\u00e9fet de Paris et le directeur r\u00e9gional et interd\u00e9partemental de \nl'h\u00e9bergement et du logement d'\u00cele-de-France sont charg\u00e9s, chacun en ce qui le concerne, de l'ex\u00e9cution \ndu pr\u00e9sent arr\u00eat\u00e9 qui sera publi\u00e9 au recueil des actes administratifs de la pr\u00e9fecture de la r\u00e9gion d'\u00cele-de-\nFrance, pr\u00e9fecture de Paris. \n \n \nFait \u00e0 Paris, le 1 SEP 2025 \n \nPour le Pr\u00e9fet de la r\u00e9gion d'\u00cele-de-France, \nPr\u00e9fet de Paris et par d\u00e9l\u00e9gation \nLe Directeur adjoint \nDe l'H\u00e9bergement et du Logement \n \nSIGNE \n \nGuillaume MANGIN \n \nDirection r\u00e9gionale et interd\u00e9partementale de l'h\u00e9bergement et du logement - IDF-2025-09-01-00028 - Arr\u00eat\u00e9 de tarification fixant la\ndotation globale de fonctionnement 2025 du CHRS APUI Beaumont (95) 36\nT\u00e9l. : 01 82 52 40 00 \nLe Ponant, 5 rue Leblanc, 75015 Paris \nwww.drihl.ile-de-france.developpement-durable.gouv.fr \n \n \n4/4 \n \nANNEXE 1 \n \nR\u00e9partition de la quote-part de la dotation globalis\u00e9e commune (DGC) 2025 par \u00e9tablissement \n \n \n \nDotation globalis\u00e9e commune 2025 \nCHRS Dept. Places Base \nreconductible \nS\u00e9gur pour \ntous \nCNR 2025 Dotation \n2025 \nLes villageoises de \nBeaumont \n95 30 369 682,58 \u20ac 6 919,56 \u20ac 0,00 \u20ac 376 602,00 \u20ac \n \n \n \n \n \n \nDirection r\u00e9gionale et interd\u00e9partementale de l'h\u00e9bergement et du logement - IDF-2025-09-01-00028 - Arr\u00eat\u00e9 de tarification fixant la\ndotation globale de fonctionnement 2025 du CHRS APUI Beaumont (95) 37\nDirection r\u00e9gionale et interd\u00e9partementale de\nl'h\u00e9bergement et du logement\nIDF-2025-09-01-00022\nArr\u00eat\u00e9 de tarification fixant la dotation globale\nde fonctionnement 2025 du CHRS APUI Cergy \nDirection r\u00e9gionale et interd\u00e9partementale de l'h\u00e9bergement et du logement - IDF-2025-09-01-00022 - Arr\u00eat\u00e9 de tarification fixant la\ndotation globale de fonctionnement 2025 du CHRS APUI Cergy 38\nPREFET _DE LA REGIOND'\u00ceLE-DE-FRANCELibert\u00e9Egalit\u00e9Fraternit\u00e9\nT\u00e9l. : 01 82 52 40 00 \nLe Ponant, 5 rue Leblanc, 75015 Paris \nwww.drihl.ile-de-france.developpement-durable.gouv.fr \n \n \n1/4 \n \n \n      Direction r\u00e9gionale et interd\u00e9partementale \nde l'H\u00e9bergement et du Logement \nDRIHL \n \n \n \n \nOp\u00e9rateur : Cergy   - APUI \nN\u00b0 SIRET :  311 916 241 000 20 \nN\u00b0 EJ  :   210 461 3066 \nARR\u00caT\u00c9 n \u00b0 \n \nLE PR\u00c9FET DE LA R\u00c9GION D'\u00ceLE-DE-FRANCE \nCOMMANDEUR DE LA L\u00c9GION D'HONNEUR \nOFFICIER DE L'ORDRE NATIONAL DU M\u00c9RITE \n \nVu  l'article 125 de la loi n\u00b0 2018 -1021 du 23 novembre 2018 portant \u00e9volution du logement, \nde l'am\u00e9nagement et du num\u00e9rique ; \nVu  la loi n\u00b02025 -127 du 14 f\u00e9vrier 2025 de finances pour 2025 \u2013 Mission Coh\u00e9sion des \nterritoires et logement \u2013 Programme 177 \u00ab H\u00e9bergement, parcours vers le logement et \ninsertion des personnes vuln\u00e9rables \u00bb ; \nVu  le code de l'action sociale et des familles, notamment les articles L 312 -1, L.313-11, L 314-1, \nL.314-4 \u00e0 L. 314-7, L.345-1, R. 314-1 \u00e0 R. 314-43, R. 314-47 , R.314-49, R.314-50, R.314-55, R.314-\n82 \u00e0 R.314-93, R. 314-106 \u00e0 R.314-110 et R. 314-150 \u00e0 R. 314-156 ; \nVu  l'arr\u00eat\u00e9 du 5 septembre 2013 modifiant l'arr\u00eat\u00e9 du 22 octobre 2003 fixant les mod\u00e8les de \ndocuments relatifs \u00e0 la gestion budg\u00e9taire, comptable et financi\u00e8re des \u00e9tablissements et \nservices sociaux et m\u00e9dico-sociaux ; \nVu l'arr\u00eat\u00e9 du 12 mars 2018 fixant le mod\u00e8le du tableau d'analyse de l'activit\u00e9 et des co\u00fbts de \nl'enqu\u00eate nationale des co\u00fbts applicable au secteu r de l'accueil, de l'h\u00e9bergement et de \nl'insertion pr\u00e9vue aux articles L.345-1 et L322-8-1 du code de l'action sociale et des familles ; \nVu l'arr\u00eat\u00e9 du 25 octobre 2019 fixant le contenu du cahier des charges du contrat pluriannuel \nd'objectifs et de moyens pr\u00e9vu \u00e0 l'article L. 313 -11-2 du code de l'action sociale et des \nfamilles pour les \u00e9tablissements mentionn\u00e9s \u00e0 l'article L. 345-1 du m\u00eame code ; \nVu l'accord du 4 juin 2024 relatif \u00e0 l'extension du S\u00e9gur dans le cadre de la politique salariale \nen lien avec la n\u00e9gociation sur la CCNUE dans le secteur sanitaire, social et m\u00e9dico-social \npriv\u00e9 \u00e0 but non lucratif, n\u00e9goci\u00e9 par les partenaires sociaux, agr\u00e9\u00e9 par la Convention \nnationale d'agr\u00e9ment du 20 juin 2024, \u00e9tendu par l'arr\u00eat\u00e9 du 5 ao\u00fbt 2024 ; \nVu l'arr\u00eat\u00e9 du 11 avril 2025 pris en application de l'article L.314 -4 du code de l'action sociale \net des familles fixant les dotations r\u00e9gionales limitatives relatives aux frais de \nfonctionnement des centres d'h\u00e9bergement et de r\u00e9insertion sociale (CHRS), publi\u00e9 JORF \nn\u00b00104 du 3 mai 2025 ; \nVu l'instruction NOR : ATDI2513550J du 6 mai 2025 relative \u00e0 la campagne budg\u00e9taire des \ncentres d'h\u00e9bergement et de r\u00e9insertion sociale (CHRS) pour l'ann\u00e9e 2025 publi\u00e9e au \nBulletin Officiel du Minist\u00e8re de la Transition Ecologique du 13 mai 2025 ; \nDirection r\u00e9gionale et interd\u00e9partementale de l'h\u00e9bergement et du logement - IDF-2025-09-01-00022 - Arr\u00eat\u00e9 de tarification fixant la\ndotation globale de fonctionnement 2025 du CHRS APUI Cergy 39\nT\u00e9l. : 01 82 52 40 00 \nLe Ponant, 5 rue Leblanc, 75015 Paris \nwww.drihl.ile-de-france.developpement-durable.gouv.fr \n \n \n2/4 \n \nVu l'arr\u00eat\u00e9 pr\u00e9fectoral en date du  22/12/1981 a utorisant la cr\u00e9ation de l'\u00e9tablissement Les \nVillageoises de Cergy assurant l'accueil des personnes en difficult\u00e9 relevant de l'article L \n312-1 alin\u00e9a 8 du code de l'action sociale et des familles g\u00e9r\u00e9 par l'association APUI ; \nVu le contrat pluriannuel d'objectifs et de moyens (CPOM) pour la p\u00e9riode  2024 \u00e0 2028 \nconclu entre l'\u00c9tat et APUI ; \n \nARR\u00caTE \n \n \nArticle 1er : \n \nLa dotation globalis\u00e9e commune relative aux frais de fonctionnement pour 2025 des centres \nd'h\u00e9bergement et de r\u00e9insertion sociale (CHRS) compris dans le p\u00e9rim\u00e8tre du contrat pluriannuel \nd'objectifs et de moyens (CPOM) g\u00e9r\u00e9s par l'association APUI, dont le si\u00e8ge social est situ\u00e9 sis 9 rue de la \nJustice Mauve 95000 CERGY, est fix\u00e9e, en application des dispositions du CPOM susvis\u00e9 et des relev\u00e9s de \nd\u00e9cisions des comit\u00e9s de suivi du contrat, \u00e0 943 586,00 \u20ac. \n \nCette dotation int\u00e8gre le financement en ann\u00e9e pleine de la revalorisation dite \u00ab S\u00e9gur pour tous \u00bb pour \n1,50 ETP , soit 8 046,00 \u20ac. \n \nLe co\u00fbt moyen journalier \u00e0 la place des CHRS du CPOM pour l'exercice 2025 est de 42,38 \u20ac. Ce co\u00fbt est \ncalcul\u00e9 \u00e0 partir de la dotation globalis\u00e9e de financement allou\u00e9e pour 61 places sur un fonctionnement \n\u00e0 365 jours. \n \nLa quote -part de la dotation globalis\u00e9e commune r\u00e9partie par \u00e9tablissement, \u00e0 titre pr\u00e9visionnel et \nindicatif, est annex\u00e9e au pr\u00e9sent arr\u00eat\u00e9. \n \nEn application de l'article R.314-107 du code de l'action sociale et des familles, la fraction forfaitaire \u00e9gale \nau douzi\u00e8me de la dotation globale de financement s'\u00e9l\u00e8ve \u00e0 78 632,17 \u20ac. \n \n \nArticle 2 : \n \nA compter de l'ann\u00e9e 2025, la dotation int\u00e8gre de mani\u00e8re p\u00e9renne le montant de la compensation \nvers\u00e9e par l'\u00c9tat au titre de l'extension de la revalorisation \u00ab S\u00e9gur \u00bb pour 1,50 ETP , soit 8 046,00 \u20ac, \n \nCe montant est calcul\u00e9 sur une base forfaitaire s'\u00e9levant \u00e0 5 364 \u20ac en co\u00fbt charg\u00e9 annuel par ETP \u00e9ligible. \n \nLa compensation contribue \u00e0 couvrir le co\u00fbt total pour l'e mployeur de la revalorisation salariale des \npersonnels \u00e9ligibles (impact sur les cotisations patronales et impact sur les salaires bruts). L'organisme \ngestionnaire s'engage \u00e0 revaloriser effectivement les professionnels concern\u00e9s et \u00e0 affecter ces cr\u00e9dits \u00e0 \nla revalorisation salariale de ces salari\u00e9s. \n \n \nArticle 3 : \n \nCette dotation sera imput\u00e9e sur les cr\u00e9dits du programme 177 \u00ab H\u00e9bergement, parcours vers le logement \net insertion des personnes vuln\u00e9rables \u00bb de la mission \u00ab Coh\u00e9sion des territoires \u00bb. \n \n \nArticle 4 : \nDirection r\u00e9gionale et interd\u00e9partementale de l'h\u00e9bergement et du logement - IDF-2025-09-01-00022 - Arr\u00eat\u00e9 de tarification fixant la\ndotation globale de fonctionnement 2025 du CHRS APUI Cergy 40\nT\u00e9l. : 01 82 52 40 00 \nLe Ponant, 5 rue Leblanc, 75015 Paris \nwww.drihl.ile-de-france.developpement-durable.gouv.fr \n \n \n3/4 \n \n \nEn 2023, le r\u00e9sultat global des CHRS compris dans le p\u00e9rim\u00e8tre du contrat pluriannuel d'objectifs et de \nmoyens (CPOM) g\u00e9r\u00e9s par l'association APUI est de 115  670,34 \u20ac. A la suite du comit\u00e9 de suivi 2025 du \nCPOM, l'affectation de ce r\u00e9sultat s'op\u00e8re de la mani\u00e8re suivante : \n \n\u2212 115 670,34 \u20ac affect\u00e9s au financement de mesures d'investissement du CHRS Les villageoises de \nCergy \n \n \nArticle 5 : \n \nPour l'exercice budg\u00e9taire 2026, dans l'attente de la fixation de la dotation globale de financement, et \nen application du IV bis de l'article L.314 -7 du CASF et de l'article D.314-106-1 du CASF, il est retenu une \ndotation provisoire d'un montant de 943 586,00 \u20ac, correspondant \u00e0 la DGF 2025 hors CNR et r\u00e9sultats \n2023 repris neutralis\u00e9s. Le montant des acomptes mensuels s'\u00e9l\u00e8ve \u00e0 78 632,17 \u20ac. \n \n \nArticle 6 : \n \nLes recours dirig\u00e9s contre le pr\u00e9sent arr\u00eat\u00e9 doivent \u00eatre port\u00e9s devant le tribunal administratif de \nVersailles sis 56, avenue de Saint Cloud 78011  Versailles, dans le d\u00e9lai d'un mois \u00e0 compter de sa \npublication ou, pour les personnes auxquelles il sera notifi\u00e9, \u00e0 compter de sa notification. \n \n \nArticle 7 : \n \nLe Pr\u00e9fet de la r\u00e9gion d'\u00cele -de-France, Pr\u00e9fet de Paris et le directeur r\u00e9gional et interd\u00e9partemental de \nl'h\u00e9bergement et du logement d'\u00cele-de-France sont charg\u00e9s, chacun en ce qui le concerne, de l'ex\u00e9cution \ndu pr\u00e9sent arr\u00eat\u00e9 qui sera publi\u00e9 au recueil des actes administratifs de la pr\u00e9fecture de la r\u00e9gion d'\u00cele-de-\nFrance, pr\u00e9fecture de Paris. \n \n \nFait \u00e0 Paris, le 1 SEP 2025 \n \nPour le Pr\u00e9fet de la r\u00e9gion d'\u00cele-de-France, \nPr\u00e9fet de Paris et par d\u00e9l\u00e9gation \nLe Directeur adjoint \nDe l'H\u00e9bergement et du Logement \n \nSIGNE \n \nGuillaume MANGIN \n \nDirection r\u00e9gionale et interd\u00e9partementale de l'h\u00e9bergement et du logement - IDF-2025-09-01-00022 - Arr\u00eat\u00e9 de tarification fixant la\ndotation globale de fonctionnement 2025 du CHRS APUI Cergy 41\nT\u00e9l. : 01 82 52 40 00 \nLe Ponant, 5 rue Leblanc, 75015 Paris \nwww.drihl.ile-de-france.developpement-durable.gouv.fr \n \n \n4/4 \n \nANNEXE 1 \n \nR\u00e9partition de la quote-part de la dotation globalis\u00e9e commune (DGC) 2025 par \u00e9tablissement \n \n \n \n \nDotation globalis\u00e9e commune 2025 \nCHRS Dept. Places Base \nreconductible \nS\u00e9gur pour \ntous \nCNR 2025 Dotation \n2025 \nLes villageoises de \nCergy \n95 61 935 539,52 \u20ac 8 046,00 \u20ac \n \n0,00 \u20ac 943 586,00 \u20ac \n \n \n \n \n \n \n \nDirection r\u00e9gionale et interd\u00e9partementale de l'h\u00e9bergement et du logement - IDF-2025-09-01-00022 - Arr\u00eat\u00e9 de tarification fixant la\ndotation globale de fonctionnement 2025 du CHRS APUI Cergy 42\nDirection r\u00e9gionale et interd\u00e9partementale de\nl'h\u00e9bergement et du logement\nIDF-2025-09-01-00023\nArr\u00eat\u00e9 de tarification fixant la dotation globale\nde fonctionnement 2025 du CHRS ARS95 Les\nEcureuils \nDirection r\u00e9gionale et interd\u00e9partementale de l'h\u00e9bergement et du logement - IDF-2025-09-01-00023 - Arr\u00eat\u00e9 de tarification fixant la\ndotation globale de fonctionnement 2025 du CHRS ARS95 Les Ecureuils 43\nPREFET _DE LA REGIOND'\u00ceLE-DE-FRANCELibert\u00e9Egalit\u00e9Fraternit\u00e9\nT\u00e9l. : 01 82 52 40 00 \nLe Ponant, 5 rue Leblanc, 75015 Paris \nwww.drihl.ile-de-france.developpement-durable.gouv.fr \n \n \n1/4 \n \n \n      Direction r\u00e9gionale et interd\u00e9partementale \nde l'H\u00e9bergement et du Logement \nDRIHL \n \n \n \n \nOp\u00e9rateur : Les Ecureuils \u2013 ARS95 \nN\u00b0 SIRET :  304 707 979 000 23 \nN\u00b0 EJ  :   210 461 3060 \nARR\u00caT\u00c9 n \u00b0 \n \nLE PR\u00c9FET DE LA R\u00c9GION D'\u00ceLE-DE-FRANCE \nCOMMANDEUR DE LA L\u00c9GION D'HONNEUR \nOFFICIER DE L'ORDRE NATIONAL DU M\u00c9RITE \n \nVu  l'article 125 de la loi n\u00b0 2018 -1021 du 23 novembre 2018 portant \u00e9volution du logement, \nde l'am\u00e9nagement et du num\u00e9rique ; \nVu  la loi n\u00b02025 -127 du 14 f\u00e9vrier 2025 de finances pour 2025 \u2013 Mission Coh\u00e9sion des \nterritoires et logement \u2013 Programme 177 \u00ab H\u00e9bergement, parcours vers le logement et \ninsertion des personnes vuln\u00e9rables \u00bb ; \nVu  le code de l'action sociale et des familles, notamment les articles L 312 -1, L.313-11, L 314-1, \nL.314-4 \u00e0 L. 314-7 , L.345-1, R. 314-1 \u00e0 R. 314-43, R. 314-47 , R.314-49, R.314-50, R.314-55, R.314-\n82 \u00e0 R.314-93, R. 314-106 \u00e0 R.314-110 et R. 314-150 \u00e0 R. 314-156 ; \nVu  l'arr\u00eat\u00e9 du 5 septembre 2013 modifiant l'arr\u00eat\u00e9 du 22 octobre 2003 fixant les mod\u00e8les de \ndocuments relatifs \u00e0 la gestion budg\u00e9taire, comptable et financi\u00e8re des \u00e9tablissements et \nservices sociaux et m\u00e9dico-sociaux ; \nVu l'arr\u00eat\u00e9 du 12 mars 2018 fixant le mod\u00e8le du tableau d'analyse de l'activit\u00e9 et des co\u00fbts de \nl'enqu\u00eate nationale des co\u00fbts applicable a u secteur de l'accueil, de l'h\u00e9bergement et de \nl'insertion pr\u00e9vue aux articles L.345-1 et L322-8-1 du code de l'action sociale et des familles ; \nVu l'arr\u00eat\u00e9 du 25 octobre 2019 fixant le contenu du cahier des charges du contrat pluriannuel \nd'objectifs et de  moyens pr\u00e9vu \u00e0 l'article L. 313 -11-2 du code de l'action sociale et des \nfamilles pour les \u00e9tablissements mentionn\u00e9s \u00e0 l'article L. 345-1 du m\u00eame code ; \nVu l'accord du 4 juin 2024 relatif \u00e0 l'extension du S\u00e9gur dans le cadre de la politique salariale \nen lien avec la n\u00e9gociation sur la CCNUE dans le secteur sanitaire, social et m\u00e9dico-social \npriv\u00e9 \u00e0 but non lucratif, n\u00e9goci\u00e9 par les partenaires sociaux, agr\u00e9\u00e9 par la Convention \nnationale d'agr\u00e9ment du 20 juin 2024, \u00e9tendu par l'arr\u00eat\u00e9 du 5 ao\u00fbt 2024 ; \nVu l'arr\u00eat\u00e9 du 11 avril 2025 pris en application de l'article L.314 -4 du code de l'action sociale \net des familles fixant les dotations r\u00e9gionales limitatives relatives aux frais de \nfonctionnement des centres d'h\u00e9bergement et de r\u00e9insertion sociale (CHRS), publi\u00e9 JORF \nn\u00b00104 du 3 mai 2025 ; \nVu l'instruction NOR : ATDI2513550J du 6 mai 2025 relative \u00e0 la campagne budg\u00e9taire des \ncentres d'h\u00e9bergement et de r\u00e9insertion sociale (CHRS) pour l'ann\u00e9e 2025 publi\u00e9e au \nBulletin Officiel du Minist\u00e8re de la Transition Ecologique du 13 mai 2025 ; \nDirection r\u00e9gionale et interd\u00e9partementale de l'h\u00e9bergement et du logement - IDF-2025-09-01-00023 - Arr\u00eat\u00e9 de tarification fixant la\ndotation globale de fonctionnement 2025 du CHRS ARS95 Les Ecureuils 44\nT\u00e9l. : 01 82 52 40 00 \nLe Ponant, 5 rue Leblanc, 75015 Paris \nwww.drihl.ile-de-france.developpement-durable.gouv.fr \n \n \n2/4 \n \nVu l'arr\u00eat\u00e9 pr\u00e9fectoral en date du  01/01/2022 autorisant la cr\u00e9ation de l'\u00e9tablissement Les \nEcureuils assurant l'accueil des personnes en difficult\u00e9 relevant de l'article L 312-1 alin\u00e9a 8 \ndu code de l'action sociale et des familles g\u00e9r\u00e9 par l'association ARS 95  ;  \nVu le contrat pluriannuel d'objectifs et de moyens (CPOM) pour la p\u00e9riode  2022 \u00e0 2026  \nconclu entre l'\u00c9tat et ARS 95 ; \n \nARR\u00caTE \n \n \nArticle 1er : \n \nLa dotation globalis\u00e9e commune relative aux frais de fonctionnement pour 2025 des centres \nd'h\u00e9bergement et de r\u00e9insertion sociale (CHRS) compris dans le p\u00e9rim\u00e8tre du contrat pluriannuel \nd'objectifs et de moyens (CPOM) g\u00e9r\u00e9s par l'association ARS 95, dont le si\u00e8ge social est situ\u00e9 52 rue des \ngrandes Cotes 95310 SAINT OUEN L'AUMONE, est fix\u00e9e, en application des dispositions du CPOM susvis\u00e9 \net des relev\u00e9s de d\u00e9cisions des comit\u00e9s de suivi du contrat, \u00e0 1 677 996,66 \u20ac. \n \nCette dotation int\u00e8gre : \n\u2022 le financement en ann\u00e9e pleine de la revalorisation \u00ab  S\u00e9gur pour tous \u00bb pour 2,50 ETP , soit  13 410,00 \u20ac ; \n\u2022 des cr\u00e9dits non reconductibles (CNR) pour payer une partie de l'indemnit\u00e9 de licenciement d'un salari\u00e9 \nen incapacit\u00e9 de travail d'un montant de 12 248,66 \u20ac  ; \n \nLe co\u00fbt moyen journalier \u00e0 la place des CHRS du CPOM pour l'exercice 2025 est de  41,05 \u20ac. Ce co\u00fbt est \ncalcul\u00e9 \u00e0 partir de la dotation globalis\u00e9e de financement allou\u00e9e pour 112 places sur un fonctionnement \n\u00e0 365 jours. \n \nLa quote -part de la dotation globalis\u00e9e commune r\u00e9partie par \u00e9tablissement, \u00e0 titre pr\u00e9visionnel et \nindicatif, est annex\u00e9e au pr\u00e9sent arr\u00eat\u00e9. \n \nEn application de l'article R.314-107 du code de l'action sociale et des familles, la fraction forfaitaire \u00e9gale \nau douzi\u00e8me de la dotation globale de financement s'\u00e9l\u00e8ve \u00e0 139 833,06 \u20ac. \n \n \nArticle 2 : \n \nA compter de l'ann\u00e9e 2025, la dotation int\u00e8gre de mani\u00e8re p\u00e9renne le montant de la compensation \nvers\u00e9e par l'\u00c9tat au titre de l'extension de la revalorisation \u00ab S\u00e9gur \u00bb pour 2,50 ETP , soit 13 410,00 \u20ac, \n \nCe montant est calcul\u00e9 sur une base forfaitaire s'\u00e9levant \u00e0 5 364 \u20ac en co\u00fbt charg\u00e9 annuel par ETP \u00e9ligible.   \n \nLa compensation contribue \u00e0 couvrir le co\u00fbt total pour l'employeur de la revalorisation salariale des \npersonnels \u00e9ligibles (impac t sur les cotisations patronales et impact sur les salaires bruts). L'organisme \ngestionnaire s'engage \u00e0 revaloriser effectivement les professionnels concern\u00e9s et \u00e0 affecter ces cr\u00e9dits \u00e0 \nla revalorisation salariale de ces salari\u00e9s. \n \n \nArticle 3 : \n \nCette dotation sera imput\u00e9e sur les cr\u00e9dits du programme 177 \u00ab H\u00e9bergement, parcours vers le logement \net insertion des personnes vuln\u00e9rables \u00bb de la mission \u00ab Coh\u00e9sion des territoires \u00bb. \nDirection r\u00e9gionale et interd\u00e9partementale de l'h\u00e9bergement et du logement - IDF-2025-09-01-00023 - Arr\u00eat\u00e9 de tarification fixant la\ndotation globale de fonctionnement 2025 du CHRS ARS95 Les Ecureuils 45\nT\u00e9l. : 01 82 52 40 00 \nLe Ponant, 5 rue Leblanc, 75015 Paris \nwww.drihl.ile-de-france.developpement-durable.gouv.fr \n \n \n3/4 \n \n \n \nArticle 4 : \n \nEn 2023, le r\u00e9sultat global des CHRS compris dans le p \u00e9rim\u00e8tre du contrat pluriannuel d'objectifs et de \nmoyens (CPOM) g\u00e9r\u00e9s par l'association ARS 95 est de 3 238,44 \u20ac. A la suite du comit\u00e9 de suivi 2025 du \nCPOM, l'affectation de ce r\u00e9sultat s'op\u00e8re de la mani\u00e8re suivante : \n \n\u2212 3 238,44 \u20ac affect\u00e9s au financement de mesures d'investissement du CHRS  Les Ecureuils  ; \n \n \nArticle 5 : \n \nPour l'exercice budg\u00e9taire 2026, dans l'attente de la fixation de la dotation globale de financement, et \nen application du IV bis de l'article L.314 -7 du CASF et de l'article D.314-106-1 du CASF, il est retenu une \ndotation provisoire d'un montant de 1 665 748,00 \u20ac, correspondant \u00e0 la DGF 2025 hors CNR et r\u00e9sultats \n2023 repris neutralis\u00e9s. Le montant des acomptes mensuels s'\u00e9l\u00e8ve \u00e0 138 812,33 \u20ac. \n \n \nArticle 6 : \n \nLes recours dirig\u00e9s contre le pr\u00e9sent arr\u00eat\u00e9 doivent \u00eatre port\u00e9s devant le tribunal administratif de \nVersailles sis 56, avenue de Saint Cloud 78011 Versailles , dans le d\u00e9lai d'un mois \u00e0 compter de sa \npublication ou, pour les personnes auxquelles il sera notifi\u00e9, \u00e0 compter de sa notification. \n \n \nArticle 7 : \n \nLe Pr\u00e9fet de la r\u00e9gion d'\u00cele -de-France, Pr\u00e9fet de Paris et le directeur r\u00e9gional et interd\u00e9partemental de \nl'h\u00e9bergement et du logement d'\u00cele-de-France sont charg\u00e9s, chacun en ce qui le concerne, de l'ex\u00e9cution \ndu pr\u00e9sent arr\u00eat\u00e9 qui sera publi\u00e9 au recueil des actes administratifs de la pr\u00e9fecture de la r\u00e9gion d'\u00cele-de-\nFrance, pr\u00e9fecture de Paris. \n \n \nFait \u00e0 Paris, le 1 SEP 2025 \n \nPour le Pr\u00e9fet de la r\u00e9gion d'\u00cele-de-France, \nPr\u00e9fet de Paris et par d\u00e9l\u00e9gation \n \nLe Directeur adjoint \nde l'H\u00e9bergement et du Logement \n \nSIGNE \n \nGuillaume MANGIN \n \nDirection r\u00e9gionale et interd\u00e9partementale de l'h\u00e9bergement et du logement - IDF-2025-09-01-00023 - Arr\u00eat\u00e9 de tarification fixant la\ndotation globale de fonctionnement 2025 du CHRS ARS95 Les Ecureuils 46\nT\u00e9l. : 01 82 52 40 00 \nLe Ponant, 5 rue Leblanc, 75015 Paris \nwww.drihl.ile-de-france.developpement-durable.gouv.fr \n \n \n4/4 \n \nANNEXE 1 \n \nR\u00e9partition de la quote-part de la dotation globalis\u00e9e commune (DGC) 2025 par \u00e9tablissement \n \n \n \n \nDotation globalis\u00e9e commune 2025 \nCHRS Dept. Places Base \nreconductible \nS\u00e9gur pour \ntous \nCNR 2025 Dotation 2025 \n Les  Ecureuils 95 112 1 652 337 ,88 \u20ac 13 410,00 \u20ac 12 248,66 \u20ac  \n \n1 677 996, 66 \u20ac \n \n \n \n \n \n \nDirection r\u00e9gionale et interd\u00e9partementale de l'h\u00e9bergement et du logement - IDF-2025-09-01-00023 - Arr\u00eat\u00e9 de tarification fixant la\ndotation globale de fonctionnement 2025 du CHRS ARS95 Les Ecureuils 47\nDirection r\u00e9gionale et interd\u00e9partementale de\nl'h\u00e9bergement et du logement\nIDF-2025-09-01-00024\nArr\u00eat\u00e9 de tarification fixant la dotation globale\nde fonctionnement 2025 du CHRS ESPERER95 l\nEnsemble \nDirection r\u00e9gionale et interd\u00e9partementale de l'h\u00e9bergement et du logement - IDF-2025-09-01-00024 - Arr\u00eat\u00e9 de tarification fixant la\ndotation globale de fonctionnement 2025 du CHRS ESPERER95 l Ensemble 48\nPREFET _DE LA REGIOND'\u00ceLE-DE-FRANCELibert\u00e9Egalit\u00e9Fraternit\u00e9\nT\u00e9l. : 01 82 52 40 00 \nLe Ponant, 5 rue Leblanc, 75015 Paris \nwww.drihl.ile-de-france.developpement-durable.gouv.fr \n \n \n1/4 \n \n \n      Direction r\u00e9gionale et interd\u00e9partementale \nde l'H\u00e9bergement et du Logement \nDRIHL \n \n \n \n \nOp\u00e9rateur : L' Ensemble  \u2013  ESPERER 95 \nN\u00b0 SIRET :  323 450 270 000 91 \nN\u00b0 EJ  :   210 461 3061 \nARR\u00caT\u00c9 n \u00b0 \n \nLE PR\u00c9FET DE LA R\u00c9GION D'\u00ceLE-DE-FRANCE \nCOMMANDEUR DE LA L\u00c9GION D'HONNEUR \nOFFICIER DE L'ORDRE NATIONAL DU M\u00c9RITE \n \nVu  l'article 125 de la loi n\u00b0 2018 -1021 du 23 novembre 2018 portant \u00e9volution du logement, \nde l'am\u00e9nagement et du num\u00e9rique ; \nVu  la loi n\u00b02025 -127 du 14 f\u00e9vrier 2025 de finances pour 2025 \u2013 Mission Coh\u00e9sion des \nterritoires et logement \u2013 Programme 177 \u00ab H\u00e9bergement, parcours vers le logement et \ninsertion des personnes vuln\u00e9rables \u00bb ; \nVu  le code de l'action sociale et des familles, notamment les articles L 312 -1, L.313-11, L 314-1, \nL.314-4 \u00e0 L. 314-7 , L.345-1, R. 314-1 \u00e0 R. 314-43, R. 314-47 , R.314-49, R.314-50, R.314-55, R.314-\n82 \u00e0 R.314-93, R. 314-106 \u00e0 R.314-110 et R. 314-150 \u00e0 R. 314-156 ; \nVu  l'arr\u00eat\u00e9 du 5 septembre 2013 modifiant l'arr\u00eat\u00e9 du 22 octobre 2003 fixant les mod\u00e8les de \ndocuments relatifs \u00e0 la gestion budg\u00e9taire, comptable et financi\u00e8re des \u00e9tablissements et \nservices sociaux et m\u00e9dico-sociaux ; \nVu l'arr\u00eat\u00e9 du 12 mars 2018 fixant le mod\u00e8le du tableau d'analyse de l'activit\u00e9 et des co\u00fbts de \nl'enqu\u00eate nationale des co\u00fbts applicable au secteur de l'accueil, de l'h\u00e9bergement et de \nl'insertion pr\u00e9vue aux articles L.345-1 et L322-8-1 du code de l'action sociale et des familles ; \nVu l'arr\u00eat\u00e9 du 25 octobre 2019 fixant le contenu du cahier des charges du contrat pluriannuel \nd'objectifs et de moyens pr\u00e9vu \u00e0 l'article L. 313 -11-2 du code de l'action sociale et des \nfamilles pour les \u00e9tablissements mentionn\u00e9s \u00e0 l'article L. 345-1 du m\u00eame code ; \nVu l'accord du 4 juin 2024 relatif \u00e0 l'extension du S\u00e9gur dans le cadre de la politique salariale \nen lien avec la n\u00e9gociation sur la CCNUE dans le secteur sanitaire, social et m\u00e9dico-social \npriv\u00e9 \u00e0 but non lucratif, n\u00e9goci\u00e9 par les partenaires sociaux, agr\u00e9\u00e9 par la Convention \nnationale d'agr\u00e9ment du 20 juin 2024, \u00e9tendu par l'arr\u00eat\u00e9 du 5 ao\u00fbt 2024 ; \nVu l'arr\u00eat\u00e9 du 11 avril 2025 pris en application de l'article L.314 -4 du code de l'action sociale \net des familles fixant les dotations r\u00e9gionales limitatives relatives aux frais de \nfonctionnement des centres d'h\u00e9bergement et de r\u00e9insertion sociale (CHRS), publi\u00e9 JORF \nn\u00b00104 du 3 mai 2025 ; \nVu l'instruction NOR : ATDI2513550J du 6 mai 2025 relative \u00e0 la campagne budg\u00e9taire des \ncentres d'h\u00e9bergement et de r\u00e9insertion sociale (CHRS) pour l'ann\u00e9e 2025 publi\u00e9e au \nBulletin Officiel du Minist\u00e8re de la Transition Ecologique du 13 mai 2025 ; \nDirection r\u00e9gionale et interd\u00e9partementale de l'h\u00e9bergement et du logement - IDF-2025-09-01-00024 - Arr\u00eat\u00e9 de tarification fixant la\ndotation globale de fonctionnement 2025 du CHRS ESPERER95 l Ensemble 49\nT\u00e9l. : 01 82 52 40 00 \nLe Ponant, 5 rue Leblanc, 75015 Paris \nwww.drihl.ile-de-france.developpement-durable.gouv.fr \n \n \n2/4 \n \nVu l'arr\u00eat\u00e9 pr\u00e9fectoral en date  du 08/07/2019 autorisant la cr\u00e9ation de l'\u00e9tablissement \nL'Ensemble assurant l'accueil des personnes en difficult\u00e9 relevant de l'article L 312-1 alin\u00e9a \n8 du code de l'action sociale et des familles g\u00e9r\u00e9 par l'association ARS 95  ; \nVu le contrat pluriannuel d'objectifs et  de moyens (CPOM) pour la p\u00e9riode 2023 \u00e0 2027 \nconclu entre l'\u00c9tat et ESPERER 95  ; \n \nARR\u00caTE \n \n \nArticle 1er : \n \nLa dotation globalis\u00e9e commune relative aux frais de fonctionnement pour 2025 des centres \nd'h\u00e9bergement et de r\u00e9insertion sociale (CHRS) compris dans le p\u00e9rim\u00e8tre du contrat pluriannuel \nd'objectifs et de moyens (CPOM) g\u00e9r\u00e9s par l'association ESPERER  95, dont le si\u00e8ge social est situ\u00e9 1 \nancienne route de Rouen 95300 PONTOISE, est fix\u00e9e, en application des dispositions du CPOM susvis\u00e9 \net des relev\u00e9s de d\u00e9cisions des comit\u00e9s de suivi du contrat, \u00e0 1 902 857 ,00 \u20ac. \n \nCette dotation int\u00e8gre : \n\u2022 le financement en ann\u00e9e pleine de la revalorisation dite \u00ab  S\u00e9gur pour tous \u00bb pour 1,54 ETP ,                    soit \n8 260,56 \u20ac ; \n\u2022 des cr\u00e9dits non reconductibles (CNR) pour aider au recrutement d'un chef de service d'un montant de  \n10 000,00 \u20ac ; \n \nLe co\u00fbt moyen journalier \u00e0 la place des CHRS du CPOM pour l'exercice 2025 est de 35,23 \u20ac. Ce co\u00fbt est \ncalcul\u00e9 \u00e0 partir de la dotation globalis\u00e9e de financement allou\u00e9e pour 148 places sur un fonctionnement \n\u00e0 365 jours. \n \nLa quote -part de la dotation globalis\u00e9e commune r\u00e9partie par \u00e9tabli ssement, \u00e0 titre pr\u00e9visionnel et \nindicatif, est annex\u00e9e au pr\u00e9sent arr\u00eat\u00e9. \n \nEn application de l'article R.314-107 du code de l'action sociale et des familles, la fraction forfaitaire \u00e9gale \nau douzi\u00e8me de la dotation globale de financement s'\u00e9l\u00e8ve \u00e0 158 571,42 \u20ac. \n \n \nArticle 2 : \n \nA compter de l'ann\u00e9e 2025, la dotation int\u00e8gre de mani\u00e8re p\u00e9renne le montant de la compensation \nvers\u00e9e par l'\u00c9tat au titre de l'extension de la revalorisation \u00ab S\u00e9gur \u00bb pour 1,54 ETP , soit 8 260,56 \u20ac. \n \nCe montant est calcul\u00e9 sur une base forfaitaire s'\u00e9levant \u00e0 5 364 \u20ac en co\u00fbt charg\u00e9 annuel par ETP \u00e9ligible. \n \nLa compensation contribue \u00e0 couvrir le co\u00fbt total pour l'employeur de la revalorisation salariale des \npersonnels \u00e9ligibles (impact sur les cotisations patronales et impact sur les salaires bruts). L'organisme \ngestionnaire s'engage \u00e0 revaloriser effectivement les professionnels concern\u00e9s et \u00e0 affecter ces cr\u00e9dits \u00e0 \nla revalorisation salariale de ces salari\u00e9s. \n \n \nArticle 3 : \n \nCette dotation sera imput\u00e9e sur les cr\u00e9dits du programme 177 \u00ab H\u00e9bergement, parcours vers le logement \nDirection r\u00e9gionale et interd\u00e9partementale de l'h\u00e9bergement et du logement - IDF-2025-09-01-00024 - Arr\u00eat\u00e9 de tarification fixant la\ndotation globale de fonctionnement 2025 du CHRS ESPERER95 l Ensemble 50\nT\u00e9l. : 01 82 52 40 00 \nLe Ponant, 5 rue Leblanc, 75015 Paris \nwww.drihl.ile-de-france.developpement-durable.gouv.fr \n \n \n3/4 \n \net insertion des personnes vuln\u00e9rables \u00bb de la mission \u00ab Coh\u00e9sion des territoires \u00bb. \n \n \nArticle 4 : \n \nEn 2023, le r\u00e9sultat global des CHRS compris dans le p\u00e9rim\u00e8tre du contrat pluriannuel d'objectifs et de \nmoyens (CPOM) g\u00e9r\u00e9s par l'association ESPERER 95 est de 188 980,39 \u20ac. A la suite du comit\u00e9 de suivi 2025 \ndu CPOM, l'affectation de ce r\u00e9sultat s'op\u00e8re de la mani\u00e8re suivante : \n \n\u2212 188 980,39 \u20ac affect\u00e9s au financement de mesures d'investissement du CHRS L ' Ensemble ; \n \n \nArticle 5 : \n \nPour l'exercice budg\u00e9taire 2026, dans l'attente de la fixation de la dotation globale de financement, et \nen application du IV bis de l'article L.314 -7 du CASF et de l'article D.314-106-1 du CASF, il est retenu une \ndotation provisoire d'un montant de 1 892 857 ,00 \u20ac, correspondant \u00e0 la DGF 2025 hors CNR et r\u00e9sultats \n2023 repris neutralis\u00e9s. Le montant des acomptes mensuels s'\u00e9l\u00e8ve \u00e0 157 738,08 \u20ac. \n \n \nArticle 6 : \n \nLes recours dirig\u00e9s contre le pr\u00e9sent arr\u00eat\u00e9 doivent \u00eatre port\u00e9s devant le tribunal administratif de \nVersailles sis 56, avenue de Saint Cloud 78011 Versailles, dans le d\u00e9lai d'un mois \u00e0 compter de sa \npublication ou, pour les personnes auxquelles il sera notifi\u00e9, \u00e0 compter de sa notification. \n \n \nArticle 7 : \n \nLe Pr\u00e9fet de la r\u00e9gion d'\u00cele -de-France, Pr\u00e9fet de Paris et le directeur r\u00e9gional et interd\u00e9partemental de \nl'h\u00e9bergement et du logement d'\u00cele-de-France sont charg\u00e9s, chacun en ce qui le concerne, de l'ex\u00e9cution \ndu pr\u00e9sent arr\u00eat\u00e9 qui sera publi\u00e9 au recueil des actes administratifs de la pr\u00e9fecture de la r\u00e9gion d'\u00cele-de-\nFrance, pr\u00e9fecture de Paris. \n \n \nFait \u00e0 Paris, le 1 SEP \n \nPour le Pr\u00e9fet de la r\u00e9gion d'\u00cele-de-France, \nPr\u00e9fet de Paris et par d\u00e9l\u00e9gation \n \nLe Directeur adjoint \nDe l'H\u00e9bergement et du Logement \n \nSIGNE \n \nGuillaume MANGIN \n \nDirection r\u00e9gionale et interd\u00e9partementale de l'h\u00e9bergement et du logement - IDF-2025-09-01-00024 - Arr\u00eat\u00e9 de tarification fixant la\ndotation globale de fonctionnement 2025 du CHRS ESPERER95 l Ensemble 51\nT\u00e9l. : 01 82 52 40 00 \nLe Ponant, 5 rue Leblanc, 75015 Paris \nwww.drihl.ile-de-france.developpement-durable.gouv.fr \n \n \n4/4 \n \nANNEXE 1 \n \nR\u00e9partition de la quote-part de la dotation globalis\u00e9e commune (DGC) 2025 par \u00e9tablissement \n \n \n \nDotation globalis\u00e9e commune 2025 \nCHRS Dept. Places Base \nreconductible \nS\u00e9gur pour \ntous \nCNR 2025 Dotation \n2025 \n L' Ensemble 95 148 1 884 596,20 \u20ac 8 260,56 \u20ac 10 000,00 \u20ac 1 902 857 ,00 \u20ac \n \n \n \n \n \n \nDirection r\u00e9gionale et interd\u00e9partementale de l'h\u00e9bergement et du logement - IDF-2025-09-01-00024 - Arr\u00eat\u00e9 de tarification fixant la\ndotation globale de fonctionnement 2025 du CHRS ESPERER95 l Ensemble 52\nDirection r\u00e9gionale et interd\u00e9partementale de\nl'h\u00e9bergement et du logement\nIDF-2025-09-01-00025\nArr\u00eat\u00e9 de tarification fixant la dotation globale\nde fonctionnement 2025 du CHRS FRATERNITE\nST JEAN (95)\nDirection r\u00e9gionale et interd\u00e9partementale de l'h\u00e9bergement et du logement - IDF-2025-09-01-00025 - Arr\u00eat\u00e9 de tarification fixant la\ndotation globale de fonctionnement 2025 du CHRS FRATERNITE ST JEAN (95) 53\nE 3PREFET |DE LA REGIOND'\u00ceLE-DE-FRANCELibert\u00e9Egalit\u00e9Fraternit\u00e9\n \n \n     Direction r\u00e9gionale et interd\u00e9partementale de \nl'H\u00e9bergement et du Logement \nDRIHL \n \n \n \nCENTRE : Br\u00e9court - FRATERNITE SAINT JEAN \nN\u00b0 SIRET : 338 816 770 000 22 \nN\u00b0 EJ Chorus : 210 461 3064 \nARR\u00caT\u00c9 n \u00b0 \n \nLE PR\u00c9FET DE LA R\u00c9GION D'\u00ceLE-DE-FRANCE \nCOMMANDEUR DE LA L\u00c9GION D'HONNEUR \nOFFICIER DE L'ORDRE NATIONAL DU M\u00c9RITE \n \n \nVu  la loi n\u00b02025 -127 du 14 f\u00e9vrier 2025 de finances pour 2025 \u2013 Mission Coh\u00e9sion des \nterritoires et logement \u2013 Programme 177 \u00ab H\u00e9bergement, parcours vers le logement et \ninsertion des personnes vuln\u00e9rables \u00bb ; \nVu  le code de l'action sociale et des familles, notamment les articles L 312 -1, L.313-11, L 314-1, \nL.314-4 \u00e0 L. 314-7 , L.345-1, R. 314-1 \u00e0 R. 314-43, R. 314-47 , R.314-49, R.314-50, R.314-55, R.314-\n82 \u00e0 R.314-93, R. 314-106 \u00e0 R.314-110 et R. 314-150 \u00e0 R. 314-156 ; \nVu  l'arr\u00eat\u00e9 du 5 septembre 2013 modifiant l'arr\u00eat\u00e9 du 22 octobre 2003 fixant les mod\u00e8les de \ndocuments relatifs \u00e0 la gestion budg\u00e9taire, comptable et financi\u00e8re des \u00e9tablissements et \nservices sociaux et m\u00e9dico-sociaux ; \nVu l'arr\u00eat\u00e9 du 12 mars 2018 fixant le mod\u00e8le du tableau d'analyse de l'activit\u00e9 et des co\u00fbts de \nl'enqu\u00eate nationale des co\u00fbts applicable au secteur de l'accueil, de l'h\u00e9bergement et de \nl'insertion pr\u00e9vue aux articles L.345-1 et L322-8-1 du code de l'action sociale et des familles ; \nVu l'accord du 4 juin 2024 relatif \u00e0 l'extension du S\u00e9gur dans le cadre de la politique salariale \nen lien avec la n\u00e9gociation sur la CCNUE dans le secteur sanitaire, social et m\u00e9dico-social \npriv\u00e9 \u00e0 but non lucratif, n\u00e9goci\u00e9 par les partenaires sociaux, agr\u00e9\u00e9 par la Convention \nnationale d'agr\u00e9ment du 20 juin 2024, \u00e9tendu par l'arr\u00eat\u00e9 du 5 ao\u00fbt 2024 ; \nVu l'arr\u00eat\u00e9 du 11 avril 2025 pris en application de l'article L.314 -4 du code de l'action sociale \net des familles fixant  les dotations r\u00e9gionales limitatives relatives aux frais de \nfonctionnement des centres d'h\u00e9bergement et de r\u00e9insertion sociale (CHRS), publi\u00e9 JORF \nn\u00b00104 du 3 mai 2025 ; \nVu l'instruction NOR : ATDI2513550J du 6 mai 2025 relative \u00e0 la campagne budg\u00e9taire d es \ncentres d'h\u00e9bergement et de r\u00e9insertion sociale (CHRS) pour l'ann\u00e9e 2025 publi\u00e9e au \nBulletin Officiel du Minist\u00e8re de la Transition Ecologique du 13 mai 2025 ; \nVu l'arr\u00eat\u00e9 pr\u00e9fectoral en date du  27 juillet 2009 autorisant la cr\u00e9ation de l'\u00e9tablissement \nBr\u00e9court assurant l'accueil des personnes en difficult\u00e9 relevant de l'article L 312-1 alin\u00e9a 8 \ndu code de l'action sociale et des familles g\u00e9r\u00e9 par l'association FRATERNITE SAINT JEAN ; \nVu la convention au titre de l'aide sociale en date du 29 juillet 2009  conclue entre l'\u00c9tat et \nl'Association FRATERNITE SAINT JEAN ; \nVu  les propositions de modifications budg\u00e9taires et la d\u00e9cision d'attribution budg\u00e9taire du \nCHRS Br\u00e9court ; \nDirection r\u00e9gionale et interd\u00e9partementale de l'h\u00e9bergement et du logement - IDF-2025-09-01-00025 - Arr\u00eat\u00e9 de tarification fixant la\ndotation globale de fonctionnement 2025 du CHRS FRATERNITE ST JEAN (95) 54\n \n \n \n \nARR\u00caTE \n \n \n \nArticle 1er : \n \nLes d\u00e9penses et les recettes pr\u00e9visionnelles du CHRS Br\u00e9court d'une capacit\u00e9 de 10 places, sis Route de \nVallangoujard 95690 LEBBEVILLE sont autoris\u00e9es comme suit : \n \n \nGroupes fonctionnels Montants \nen Euros \nTotal \nen Euros \nD\u00e9penses \nGroupe I : \n D\u00e9penses aff\u00e9rentes \u00e0 \nl'exploitation courante \n \n56 976,82 \u20ac \n229 940,64 \u20ac \n \nGroupe II : \nD\u00e9penses aff\u00e9rentes au \npersonnel \n \n134 600,00 \u20ac \nGroupe III : \nD\u00e9penses aff\u00e9rentes \u00e0 la \nstructure \n \n34 849,96 \u20ac \nReport \u00e0 nouveau de l'exercice \nN-2 (d\u00e9ficit) 3 513,86 \u20ac \nRecettes \nGroupe I : \nProduits de la tarification \n \n197 790,64 \u20ac \n229 940,64 \u20ac \n \nGroupe II : \nAutres produits relatifs \u00e0 \nl'exploitation \n \n30 950,00 \u20ac \nGroupe III : \nProduits financiers, \nexceptionnels ou non \nencaissables \n \n1 200,00 \u20ac \nReport \u00e0 nouveau N-2 \n(exc\u00e9dent) 0,00 \u20ac \n \n \nArticle 2 : \n \nPour l'exercice 2025, la dotation globale de financement est fix\u00e9e \u00e0 197 790,64 \u20ac.  \n \nCette dotation int\u00e8gre la reprise d'un d\u00e9ficit de 3 513,86 \u20ac. \n \nLa fraction forfaitaire \u00e9gale, en application de l'article R. 314 -107 du code de l'action sociale et des \nDirection r\u00e9gionale et interd\u00e9partementale de l'h\u00e9bergement et du logement - IDF-2025-09-01-00025 - Arr\u00eat\u00e9 de tarification fixant la\ndotation globale de fonctionnement 2025 du CHRS FRATERNITE ST JEAN (95) 55\n \nfamilles, au douzi\u00e8me de la dotation globale de financement, s'\u00e9l\u00e8ve \u00e0 16 482,55 \u20ac. \n \nLe co\u00fbt journalier \u00e0 la place du CHRS pour l'exercice 2025 est de 54,19 \u20ac. Ce co\u00fbt est calcul\u00e9 \u00e0 partir de \nla dotation globale de financement allou\u00e9e pour la totalit\u00e9 des places et pour un fonctionnement \u00e0 365 \njours. \n \nArticle 3 : \n \nCette dotation sera imput\u00e9e sur les cr\u00e9dits du programme 177 \u00ab H\u00e9bergement, parcours vers le logement \net insertion des personnes vuln\u00e9rables \u00bb de la mission \u00ab Coh\u00e9sion des territoires \u00bb. \n \n \nArticle 4 : \n \nEn 2023, le r\u00e9sultat arr\u00eat\u00e9 du CHRS Br\u00e9court est un d\u00e9ficit de 3 513,86 \u20ac. Il est affect\u00e9 comme suit : \n\u2212 3 513,86 \u20ac repris par l'autorit\u00e9 de tarification ; \n \n \nArticle 5 : \n \nPour l'exercice budg\u00e9taire 2026, dans l'attente de la fixation de la dotation globale de financement, et \nen application du IV bis de l'article L.314 -7 du CASF et de l'article D.314-106-1 du CASF, il est retenu une \ndotation provisoire d'un montant de 194 27 6,78 \u20ac, correspondant \u00e0 la DGF 2025 hors CNR et r\u00e9sultats \n2023 repris neutralis\u00e9s. Le montant des acomptes mensuels s'\u00e9l\u00e8ve \u00e0 16 189,73 \u20ac. \n \n \nArticle 6 : \n \nLes recours dirig\u00e9s contre le pr\u00e9sent arr\u00eat\u00e9 doivent \u00eatre port\u00e9s de Versailles sis 56, avenue de Saint Cloud \n78011 Versailles, dans le d\u00e9lai d'un mois \u00e0 compter de sa publication ou, pour les personnes auxquelles il \nsera notifi\u00e9, \u00e0 compter de sa notification. \n \n \nArticle 7 : \n \nLe Pr\u00e9fet de la r\u00e9gion d'\u00cele -de-France, Pr\u00e9fet de Paris et le directeur r\u00e9gion al et interd\u00e9partemental de \nl'h\u00e9bergement et du logement d'\u00cele-de-France sont charg\u00e9s, chacun en ce qui le concerne, de l'ex\u00e9cution \ndu pr\u00e9sent arr\u00eat\u00e9 qui sera publi\u00e9 au recueil des actes administratifs de la pr\u00e9fecture de la r\u00e9gion d'\u00cele-de-\nFrance, pr\u00e9fecture de Paris. \n \n \nFait \u00e0 Paris, le 1SEP 2025 \n \nPour le Pr\u00e9fet de la r\u00e9gion d'\u00cele-de-France, \nPr\u00e9fet de Paris et par d\u00e9l\u00e9gation \n \nLe Directeur adjoint \nde l'H\u00e9bergement et du Logement \n \nSIGNE \n \nGuillaume MANGIN \n \nDirection r\u00e9gionale et interd\u00e9partementale de l'h\u00e9bergement et du logement - IDF-2025-09-01-00025 - Arr\u00eat\u00e9 de tarification fixant la\ndotation globale de fonctionnement 2025 du CHRS FRATERNITE ST JEAN (95) 56\n \n \nDirection r\u00e9gionale et interd\u00e9partementale de l'h\u00e9bergement et du logement - IDF-2025-09-01-00025 - Arr\u00eat\u00e9 de tarification fixant la\ndotation globale de fonctionnement 2025 du CHRS FRATERNITE ST JEAN (95) 57\nDirection r\u00e9gionale et interd\u00e9partementale de\nl'h\u00e9bergement et du logement\nIDF-2025-09-01-00026\nArr\u00eat\u00e9 de tarification fixant la dotation globale\nde fonctionnement 2025 du CHRS MAAVAR\nMegiddo (95)\nDirection r\u00e9gionale et interd\u00e9partementale de l'h\u00e9bergement et du logement - IDF-2025-09-01-00026 - Arr\u00eat\u00e9 de tarification fixant la\ndotation globale de fonctionnement 2025 du CHRS MAAVAR Megiddo (95) 58\nPREFET _DE LA REGIOND'\u00ceLE-DE-FRANCELibert\u00e9Egalit\u00e9Fraternit\u00e9\nT\u00e9l. : 01 82 52 40 00 \nLe Ponant, 5 rue Leblanc, 75015 Paris \nwww.drihl.ile-de-france.developpement-durable.gouv.fr \n \n \n1/4 \n \n                                                                                                                                                                                                                                                                                                                                                                                                                                                                                                                                                                                                                                                                                                                                                                                                                                                                                                                                                                                                                                                                                                                                                                                                                                                                                                                                                                                                                                                                                                                                                                                                                                                                                                                                                                                                                                                                                                                                                                                                                                                                                                                                                                                                                                                                                                                                                                                                                                                                                                                                                                                                                                                                                                                                                                                                                                                                                                                                                                                                                                                                                                                                                                                                                                                                                                                                                                                                                                                                                                                                                                                                                                                                                                                                                                                                                                                                                                                                                                                                                                                                                                                                                                                                                                                                                                                                                                                                                                                                                                                                                                                                                                                                                                                                                                                                                                                                                                                                                                                                                                                                                                                                                                                                                                                                                                                                                                                                                    \n      Direction r\u00e9gionale et interd\u00e9partementale \nde l'H\u00e9bergement et du Logement \nDRIHL \n \n \n \n \nOp\u00e9rateur : Megiddo \u2013 MAAVAR \nN\u00b0 SIRET :  800 554 875 000 16 \nN\u00b0 EJ  :   210 461 3065 \nARR\u00caT\u00c9 n \u00b0 \n \nLE PR\u00c9FET DE LA R\u00c9GION D'\u00ceLE-DE-FRANCE \nCOMMANDEUR DE LA L\u00c9GION D'HONNEUR \nOFFICIER DE L'ORDRE NATIONAL DU M\u00c9RITE \n \nVu  l'article 125 de la loi n\u00b0 2018 -1021 du 23 novembre 2018 portant \u00e9volution du logement, \nde l'am\u00e9nagement et du num\u00e9rique ; \nVu  la loi n\u00b02025 -127 du 14 f\u00e9vrier 2025 de finances pour 2025 \u2013 Mission Coh\u00e9sion des \nterritoires et logement \u2013 Programme 177 \u00ab H\u00e9bergement, parcours vers le logement et \ninsertion des personnes vuln\u00e9rables \u00bb ; \nVu  le code de l'action sociale et des familles, notamment les articles L 312-1, L.313-11, L 314-1, \nL.314-4 \u00e0 L. 314-7 , L.345-1, R. 314-1 \u00e0 R. 314-43, R. 314-47 , R.314-49, R.314-50, R.314-55, R.314-\n82 \u00e0 R.314-93, R. 314-106 \u00e0 R.314-110 et R. 314-150 \u00e0 R. 314-156 ; \nVu  l'arr\u00eat\u00e9 du 5 septembre 2013 modifiant l'arr\u00eat\u00e9 du 22 octobre 2003 fixant les mod\u00e8les de \ndocuments relatifs \u00e0 la gestion budg\u00e9taire, comptable et financi\u00e8re des \u00e9tablissements et \nservices sociaux et m\u00e9dico-sociaux ; \nVu l'arr\u00eat\u00e9 du 12 mars 2018 fixant le mod\u00e8le du tableau d'analyse de l'activit\u00e9 et des co\u00fbts de \nl'enqu\u00eate nationale des co\u00fbts applicable au secteur de l'accueil, de l'h\u00e9bergement et de \nl'insertion pr\u00e9vue aux articles L.345-1 et L322-8-1 du code de l'action sociale et des familles ; \nVu l'arr\u00eat\u00e9 du 25 octobre 2019 fixant le contenu du cahier des charges du contrat pluriannuel \nd'objectifs et de moyens pr\u00e9vu \u00e0 l'article L. 313 -11-2 du code de l'action sociale et des \nfamilles pour les \u00e9tablissements mentionn\u00e9s \u00e0 l'article L. 345-1 du m\u00eame code ; \nVu l'accord du 4 juin 2024 relatif \u00e0 l'extension du S\u00e9gur dans le cadre de la politique salariale \nen lien avec la n\u00e9gociation sur la CCNUE dans le secteur sanitaire, social et m\u00e9dico-social \npriv\u00e9 \u00e0 but non lucratif, n\u00e9goci\u00e9 par les partenaires sociaux, agr\u00e9\u00e9 par la Convention \nnationale d'agr\u00e9ment du 20 juin 2024, \u00e9tendu par l'arr\u00eat\u00e9 du 5 ao\u00fbt 2024 ; \nVu l'arr\u00eat\u00e9 du 11 avril 2025 pris en application de l'article L.314 -4 du code de l'action sociale \net des familles fixant les dotations r\u00e9gionales limitatives relatives aux frais de \nfonctionnement des centres d'h\u00e9bergement et de r\u00e9insertion sociale (CHRS), publi\u00e9 JORF \nn\u00b00104 du 3 mai 2025 ; \nVu l'instruction NOR : ATDI2513550J du 6 mai 2025 relative \u00e0 la campagne budg\u00e9taire des \ncentres d'h\u00e9bergement et de r\u00e9insertion sociale (CHRS) pour l'a nn\u00e9e 2025 publi\u00e9e au \nBulletin Officiel du Minist\u00e8re de la Transition Ecologique du 13 mai 2025 ; \nDirection r\u00e9gionale et interd\u00e9partementale de l'h\u00e9bergement et du logement - IDF-2025-09-01-00026 - Arr\u00eat\u00e9 de tarification fixant la\ndotation globale de fonctionnement 2025 du CHRS MAAVAR Megiddo (95) 59\nT\u00e9l. : 01 82 52 40 00 \nLe Ponant, 5 rue Leblanc, 75015 Paris \nwww.drihl.ile-de-france.developpement-durable.gouv.fr \n \n \n2/4 \n \nVu l'arr\u00eat\u00e9 pr\u00e9fectoral en date du  08/11/2000 autorisant la cr\u00e9ation de l'\u00e9tablissement \nMegiddo assurant l'accueil des personnes en difficult\u00e9 relevant de l'article L 312-1 alin\u00e9a 8 \ndu code de l'action sociale et des familles g\u00e9r\u00e9 par l'association MAAVAR  ; \nVu le contrat pluriannuel d'objectifs et de  moyens (CPOM) pour la p\u00e9riode  2024 \u00e0 2028 \nconclu entre l'\u00c9tat et l'association MAAVAR ; \n \nARR\u00caTE \n \n \n \nArticle 1er : \n \nLa dotation globalis\u00e9e commune relative aux frais de fonctionnement pour 2025 des centres \nd'h\u00e9bergement et de r\u00e9insertion sociale (CHRS) compris dans le p\u00e9rim\u00e8tre du contrat pluriannuel \nd'objectifs et de moyens (CPOM) g\u00e9r\u00e9s par l'association MAAVAR, dont le si\u00e8ge social est situ\u00e9 sis 10 -12 \nrue de la Bellevue 95350 Piscop, est fix\u00e9e, en application des dispositions du CPOM susvis\u00e9 et des relev\u00e9s \nde d\u00e9cisions des comit\u00e9s de suivi du contrat, \u00e0 656 341,00 \u20ac. \n \nCette dotation int\u00e8gre : \n\u2022 le financement en ann\u00e9e pl eine de la revalorisation dite \u00ab  S\u00e9gur pour tous  \u00bb pour 4,99 ETP , soit             \n26 766,36 \u20ac ; \n\u2022 des cr\u00e9dits non reconductibles (CNR) pour permettant l'augmentation du temps de travail de \nl'\u00e9ducatrice \u00e0 temps plein d'un montant de  3 000,00 \u20ac ; \n \nLe co\u00fbt moyen journalier \u00e0 la place des CHRS du CPOM pour l'exercice 2025 est de 39,96 \u20ac. Ce co\u00fbt est \ncalcul\u00e9 \u00e0 partir de la dotation globalis\u00e9e de financement allou\u00e9e pour 45 places sur un fonctionnement \n\u00e0 365 jours. \n \nLa quote -part de la dotation globalis\u00e9e commune r\u00e9partie par \u00e9tablissement, \u00e0 titre pr\u00e9visionnel et \nindicatif, est annex\u00e9e au pr\u00e9sent arr\u00eat\u00e9. \n \nEn application de l'article R.314-107 du code de l'action sociale et des familles, la fraction forfaitaire \u00e9gale \nau douzi\u00e8me de la dotation globale de financement s'\u00e9l\u00e8ve \u00e0 54 695,08 \u20ac. \n \n \nArticle 2 : \n \nA compter de l'ann\u00e9e 2025, la dotation int\u00e8gre de mani\u00e8re p\u00e9renne le montant de la compensation \nvers\u00e9e par l'\u00c9tat au titre de l'extension de la revalorisation \u00ab S\u00e9gur \u00bb pour 4,99 ETP , soit 26 766,36 \u20ac. \n \nCe montant est calcul\u00e9 sur une base forfaitaire s'\u00e9levant \u00e0 5 364 \u20ac en co\u00fbt charg\u00e9 annuel par ETP \u00e9ligible. \n \nLa compensation contribue \u00e0 couvrir le co\u00fbt total pour l'employeur de la revalorisation salariale des \npersonnels \u00e9ligibles (impact sur les co tisations patronales et impact sur les salaires bruts). L'organisme \ngestionnaire s'engage \u00e0 revaloriser effectivement les professionnels concern\u00e9s et \u00e0 affecter ces cr\u00e9dits \u00e0 \nla revalorisation salariale de ces salari\u00e9s. \n \n \n \nArticle 3 : \nDirection r\u00e9gionale et interd\u00e9partementale de l'h\u00e9bergement et du logement - IDF-2025-09-01-00026 - Arr\u00eat\u00e9 de tarification fixant la\ndotation globale de fonctionnement 2025 du CHRS MAAVAR Megiddo (95) 60\nT\u00e9l. : 01 82 52 40 00 \nLe Ponant, 5 rue Leblanc, 75015 Paris \nwww.drihl.ile-de-france.developpement-durable.gouv.fr \n \n \n3/4 \n \n \nCette dotation sera imput\u00e9e sur les cr\u00e9dits du programme 177 \u00ab H\u00e9bergement, parcours vers le logement \net insertion des personnes vuln\u00e9rables \u00bb de la mission \u00ab Coh\u00e9sion des territoires \u00bb. \n \n \nArticle 4 : \n \nEn 2023, le r\u00e9sultat global des CHRS compris dans le p\u00e9rim\u00e8t re du contrat pluriannuel d'objectifs et de \nmoyens (CPOM) g\u00e9r\u00e9s par l'association M AAVAR est de 53,74 \u20ac. A la suite du comit\u00e9 de suivi 2025 du \nCPOM, l'affectation de ce r\u00e9sultat s'op\u00e8re de la mani\u00e8re suivante : \n\u2212 53,74 \u20ac affect\u00e9s au financement de mesures d'investissement du CHRS Megiddo ; \n \n \nArticle 5 : \n \nPour l'exercice budg\u00e9taire 2026, dans l'attente de la fixation de la dotation globale de financement, et \nen application du IV bis de l'article L.314 -7 du CASF et de l'article D.314-106-1 du CASF, il est retenu une \ndotation provisoire d'un montant de  653 341,00 \u20ac, correspondant \u00e0 la DGF 2025 hors CNR et r\u00e9sultats \n2023 repris neutralis\u00e9s. Le montant des acomptes mensuels s'\u00e9leve \u00e0 54 445,08 \u20ac. \n \n \nArticle 6 : \n \nLes recours dirig\u00e9s contre le pr\u00e9sent arr\u00eat\u00e9 doivent \u00eatre port\u00e9s devant le tribunal administratif de \nVersailles sis 56, avenue de Saint Cloud 78011 Versailles , dans le d\u00e9lai d'un mois \u00e0 compter de sa \npublication ou, pour les personnes auxquelles il sera notifi\u00e9, \u00e0 compter de sa notification. \n \n \nArticle 7 : \n \nLe Pr\u00e9fet de la r\u00e9gion d'\u00cele -de-France, Pr\u00e9fet de Paris et le directeur r\u00e9gional et interd\u00e9partemental de \nl'h\u00e9bergement et du logement d'\u00cele-de-France sont charg\u00e9s, chacun en ce qui le concerne, de l'ex\u00e9cution \ndu pr\u00e9sent arr\u00eat\u00e9 qui sera publi\u00e9 au recueil des actes administratifs de la pr\u00e9fecture de la r\u00e9gion d'\u00cele-de-\nFrance, pr\u00e9fecture de Paris. \n \n \nFait \u00e0 Paris, le 1SEP 2025 \n \nPour le Pr\u00e9fet de la r\u00e9gion d'\u00cele-de-France, \nPr\u00e9fet de Paris et par d\u00e9l\u00e9gation \n \nLe Directeur adjoint \nde l'H\u00e9bergement et du Logement \n \nSIGNE \n \nGuillaume MANGIN \n \nDirection r\u00e9gionale et interd\u00e9partementale de l'h\u00e9bergement et du logement - IDF-2025-09-01-00026 - Arr\u00eat\u00e9 de tarification fixant la\ndotation globale de fonctionnement 2025 du CHRS MAAVAR Megiddo (95) 61\nT\u00e9l. : 01 82 52 40 00 \nLe Ponant, 5 rue Leblanc, 75015 Paris \nwww.drihl.ile-de-france.developpement-durable.gouv.fr \n \n \n4/4 \n \nANNEXE 1 \n \nR\u00e9partition de la quote-part de la dotation globalis\u00e9e commune (DGC) 2025 par \u00e9tablissement \n \n \n \nDotation globalis\u00e9e commune 2025 \nCHRS Dept. Places Base \nreconductible \nS\u00e9gur pour \ntous \nCNR 2025 Dotation \n2025 \nMegiddo 95 45 626 574,80 \u20ac 26 766,36 \u20ac 3 000,00 \u20ac 656 341,00 \u20ac \n \n \n \n \n \n \nDirection r\u00e9gionale et interd\u00e9partementale de l'h\u00e9bergement et du logement - IDF-2025-09-01-00026 - Arr\u00eat\u00e9 de tarification fixant la\ndotation globale de fonctionnement 2025 du CHRS MAAVAR Megiddo (95) 62\nDirection r\u00e9gionale et interd\u00e9partementale de\nl'environnement, de l'am\u00e9nagement et des\ntransports d'\u00cele-de-France\nIDF-2025-09-02-00001\nArr\u00eat\u00e9 n\u00b0 IDF-2025-\naccordant \u00e0 l'INSTITUT GUSTAVE ROUSSY\nl'agr\u00e9ment institu\u00e9 par l'article R.510-1 du code\nde l'urbanisme\nDirection r\u00e9gionale et interd\u00e9partementale de l'environnement, de l'am\u00e9nagement et des transports d'\u00cele-de-France -\nIDF-2025-09-02-00001 - Arr\u00eat\u00e9 n\u00b0 IDF-2025-\naccordant \u00e0 l'INSTITUT GUSTAVE ROUSSY\nl'agr\u00e9ment institu\u00e9 par l'article R.510-1 du code de l'urbanisme\n63\n|PREFET |DE LA REGIOND'\u00ceLE-DE-FRANCELibert\u00e9Egalit\u00e9Fraternit\u00e9\nDirection r\u00e9gionale et interd\u00e9partementale\nde l'environnement, de l'am\u00e9nagement et\ndes transports d'\u00cele-de-France\nARR\u00caT\u00c9 N\u00b0 IDF-2025-\naccordant \u00e0 l'INSTITUT GUSTAVE ROUSSY\nl'agr\u00e9ment institu\u00e9 par l'article R.510-1 du code de l'urbanisme\nLE PR\u00c9FET DE LA R\u00c9GION D'\u00ceLE-DE-FRANCE,\nPR\u00c9FET DE PARIS\nCOMMANDEUR DE LA L\u00c9GION D'HONNEUR\nOFFICIER DE L'ORDRE NATIONAL DU M\u00c9RITE\nVu le code de l'urbanisme et notamment ses articles L.510-1 \u00e0 L.510-4 et R.510-1 \u00e0 R.510-15 ;\nVu le  code  de  la  construction  et  de  l'habitation,  notamment  ses  articles  L.171-4,  L.174-1  et  R.174-22  \u00e0\nR.174- 32 ;\nVu la demande d'agr\u00e9ment pr\u00e9sent\u00e9e par l'INSTITUT GUSTAVE ROUSSY, r\u00e9ceptionn\u00e9e le 05/08/2025 et\nenregistr\u00e9e sous le num\u00e9ro 2025/119 ;\nConsid\u00e9rant  que  le  projet  est  soumis  au  respect  des  exigences  de  performance  \u00e9nerg\u00e9tique  et\nenvironnementale qui lui sont applicables ;\nConsid\u00e9rant que le projet s'inscrit dans la programmation de la ZAC Campus Grand Parc ;\nConsid\u00e9rant que l'artificialisation de la parcelle est compens\u00e9e \u00e0 l'\u00e9chelle de l'am\u00e9nagement de la ZAC qui\ngarantit la transformation d'une grande surface de parking imperm\u00e9able en espace de pleine terre ;\nConsid\u00e9rant que le projet conserve sur ses emprises 345m2 de pleine terre, pr\u00e9voit la plantation de 45 arbres\net la v\u00e9g\u00e9talisation de 1 347 m\u00b2 et de plus de 3 000 m\u00b2 de toiture ;\nConsid\u00e9rant que le projet sera raccord\u00e9 au r\u00e9seau de chaleur urbain et produira de l'\u00e9lectricit\u00e9 photovolta\u00efque\n(1 300 m\u00b2 de panneaux envisag\u00e9s) et qu'il pr\u00e9voit \u00e9galement l'utilisation de mat\u00e9riaux biosourc\u00e9s et le recyclage\ndes d\u00e9chets et mat\u00e9riaux de chantier ;\nSur proposition de la directrice r\u00e9gionale et interd\u00e9partementale de l'environnement, de l'am\u00e9nagement et des\ntransports ; \n \nARR\u00caTE\nArticle  1er :  L'agr\u00e9ment  pr\u00e9vu  par  les  articles  susvis\u00e9s  du  code  de  l'urbanisme  est  accord\u00e9  \u00e0\nl'INSTITUT GUSTAVE  ROUSSY,  en  vue  de  r\u00e9aliser  \u00e0  VILLEJUIF  (94 800),  rue  Camille  Desmoulins,  une\nop\u00e9ration de construction d'un ensemble immobilier \u00e0 destination principale de locaux d'activit\u00e9s scientifiques,\nd'une surface de plancher totale soumise \u00e0 l'agr\u00e9ment de 27 800 m\u00b2. \nImmeuble Le Ponant \u2013 5, rue Leblanc \u2013 75911 Paris Cedex 15\nT\u00e9l\u00e9phone : 01 82 52 40 00 1/2\nDirection r\u00e9gionale et interd\u00e9partementale de l'environnement, de l'am\u00e9nagement et des transports d'\u00cele-de-France -\nIDF-2025-09-02-00001 - Arr\u00eat\u00e9 n\u00b0 IDF-2025-\naccordant \u00e0 l'INSTITUT GUSTAVE ROUSSY\nl'agr\u00e9ment institu\u00e9 par l'article R.510-1 du code de l'urbanisme\n64\nArticle 2 : La surface de plancher totale agr\u00e9\u00e9e se compose comme suit : \nLocaux d'activit\u00e9s scientifiques : 27 800 m\u00b2 (construction)\nCes surfaces constituent un maximum susceptible d'\u00eatre r\u00e9duit en application des dispositions d'urbanisme.\nArticle 3 : Les locaux devront \u00eatre utilis\u00e9s uniquement en vue de l'exercice de l'activit\u00e9 d\u00e9finie \u00e0 l'article 2 du\npr\u00e9sent arr\u00eat\u00e9\nArticle 4 : La d\u00e9livrance des autorisations d'urbanisme \u00e9tant subordonn\u00e9e \u00e0 l'ensemble des r\u00e8gles r\u00e9gissant la\nmati\u00e8re, le pr\u00e9sent arr\u00eat\u00e9 ne pr\u00e9juge pas de cette d\u00e9livrance et il ne peut \u00eatre oppos\u00e9 aux objections \u00e9ventuelles\ntouchant notamment l'implantation, les volumes, la densit\u00e9, les nuisances, etc., qui pourraient \u00eatre faites par les\nservices charg\u00e9s d'instruire ces demandes.\nCes demandes, auxquelles sera annex\u00e9e une copie du pr\u00e9sent arr\u00eat\u00e9, devront \u00eatre d\u00e9pos\u00e9es dans le d\u00e9lai d'un\nan \u00e0 compter de la date de signature du pr\u00e9sent arr\u00eat\u00e9. Pass\u00e9 ce d\u00e9lai, le pr\u00e9sent arr\u00eat\u00e9 sera caduc.\nArticle 5 : La pr\u00e9sente d\u00e9cision sera notifi\u00e9e \u00e0 :\nINSTITUT GUSTAVE ROUSSY\n39 RUE CAMILLE DESMOULINS\n94 800 - VILLEJUIF \n \nArticle 6 : Le pr\u00e9fet du Val-de-Marne et la directrice r\u00e9gionale et interd\u00e9partementale de l'environnement, de\nl'am\u00e9nagement et des transports sont charg\u00e9s, pour ce qui les concerne, de l'ex\u00e9cution du pr\u00e9sent arr\u00eat\u00e9, qui\nest publi\u00e9 au recueil des actes administratifs de la pr\u00e9fecture de la r\u00e9gion.\nFait \u00e0 Paris, le 02/09/2025\n \nSIGN\u00c9\nPour le pr\u00e9fet de r\u00e9gion et par d\u00e9l\u00e9gation, \nLa Pr\u00e9f\u00e8te, Secr\u00e9taire g\u00e9n\u00e9rale aux politiques publiques\nMarie GAUTIER-MELLERAY\nVoies et d\u00e9lais de recours :\nLe pr\u00e9sent arr\u00eat\u00e9 peut faire l'objet d'un recours administratif dans un d\u00e9lai de deux mois, soit gracieux aupr\u00e8s du\npr\u00e9fet de la r\u00e9gion \u00cele-de-France, soit hi\u00e9rarchique aupr\u00e8s de la ministre charg\u00e9e du logement, plac\u00e9e aupr\u00e8s du\nministre de l'am\u00e9nagement du territoire et de la d\u00e9centralisation. Il peut \u00e9galement faire l'objet d'un recours\ndevant le tribunal administratif comp\u00e9tent dans les deux mois \u00e0 compter de sa notification en application des\ndispositions des articles R. 421-1 et suivants du code de justice administrative. Le tribunal administratif peut \u00eatre\nsaisi par l'application informatique \u00ab T\u00e9l\u00e9recours Citoyens \u00bb accessible par le site internet www.telerecours.fr. \nImmeuble Le Ponant \u2013 5, rue Leblanc \u2013 75911 Paris Cedex 15\nT\u00e9l\u00e9phone : 01 82 52 40 00 2/2\nDirection r\u00e9gionale et interd\u00e9partementale de l'environnement, de l'am\u00e9nagement et des transports d'\u00cele-de-France -\nIDF-2025-09-02-00001 - Arr\u00eat\u00e9 n\u00b0 IDF-2025-\naccordant \u00e0 l'INSTITUT GUSTAVE ROUSSY\nl'agr\u00e9ment institu\u00e9 par l'article R.510-1 du code de l'urbanisme\n65","date":"2025-09-02","first_seen_on":"2025-09-02T16:49:38+00:00","id":"82ee6ffb063baefdbf8e3f19dde5008c815ad27865afe08e1a00c6294a5ed9ed","name":"recueil-idf-006-2025-09-recueil-des-actes-administratifs-special  du 02.09.2025","pdf_creation_date":"2025-09-02T14:25:45+00:00","pdf_modification_date":null,"timezone":"Europe/Paris","url":"https://www.prefectures-regions.gouv.fr/ile-de-france/irecontenu/telechargement/130631/960622/file/recueil-idf-006-2025-09-recueil-des-actes-administratifs-special%20%20du%2002.09.2025.pdf"}
