{"administration":"pref30","administration_name":"Pr\u00e9fecture du Gard","content":"PR\u00c9FET\nDU GARD\nRECUEIL DES ACTES\nADMINISTRATIFS SP\u00c9CIAL\nN\u00b030-2025-219\nPUBLI\u00c9 LE 17 D\u00c9CEMBRE 2025\nSommaire\nAgence R\u00e9gionale de la Sant\u00e9- d\u00e9l\u00e9gation d\u00e9partementale du Gard\n/\n30-2025-12-15-00002 - Arr\u00eat\u00e9 ARS Occitanie portant organisation du\ntour d garde des transports sanitaires pour le  d\u00e9partement du  Gard -  1\ner semestre 2026 (44 pages) Page 3\nDirection territoriale de la protection judiciaire de la jeunesse - Gard et\nLoz\u00e8re (DTPJJ) (Nimes 30) /\n30-2025-12-17-00022 - Arr\u00eat\u00e9 portant modification de l'autorisation du\nLVA \"Maison Heureuse\" (3 pages) Page 48\n30-2025-12-17-00020 - ARRETE PORTANT TARIFICATION 2025 (4 pages) Page 52\n30-2025-12-17-00021 - ARRETE PORTANT TARIFICATION 2025 (4 pages) Page 57\nPrefecture du Gard / SAPSI\n30-2025-12-17-00023 - Arr\u00eat\u00e9 N\u00b030-2025-12-17-00023\nportant\ninterdiction des rassemblements festifs \u00e0 caract\u00e8re musical et\ninterdiction de circulation des poids lourds transportant du mat\u00e9riel de\nsons \u00e0 destination d'un rassemblement festif \u00e0 caract\u00e8re musical\nnon autoris\u00e9 dans le d\u00e9partement du Gard\ndu vendredi 19\nd\u00e9cembre au lundi 22 d\u00e9cembre 2025 (6 pages) Page 62\n2\nAgence R\u00e9gionale de la Sant\u00e9- d\u00e9l\u00e9gation\nd\u00e9partementale du Gard\n30-2025-12-15-00002\nArr\u00eat\u00e9 ARS Occitanie portant organisation du\ntour d garde des transports sanitaires pour le \nd\u00e9partement du  Gard -  1 er semestre 2026\nAgence R\u00e9gionale de la Sant\u00e9- d\u00e9l\u00e9gation d\u00e9partementale du Gard - 30-2025-12-15-00002 - Arr\u00eat\u00e9 ARS Occitanie portant organisation\ndu tour d garde des transports sanitaires pour le  d\u00e9partement du  Gard -  1 er semestre 2026 3\n|PREFETEDU GARD \u00a9 D Agence R\u00e9gionale de Sant\u00e9Libert\u00e9 Occitanie\u00c9galit\u00e9Fraternit\u00e9\nARRETE ARS Occitanie Portant organisation du tour de garde des transports sanitairespour le d\u00e9partement du Gard \u2014 1\u00b0 Semestre 2026LE DIRECTEUR GENERAL DE L'AGENCE REGIONALE DE SANTEOCCITANIEVU le code de la sant\u00e9 publique et notamment ses articles L 6311-1, L 6311-2, L 6312-1 \u00e0 L 6312-5,R 6311-2, R 6312-17-1 \u00e0 R 6312-23-2, R6312-29 \u00e0 R6312-43 ;VU la loi n\u00b02009-879 du 21 juillet 2009 portant r\u00e9forme de l'h\u00f4pital et relative aux patients, \u00e0 la sant\u00e9et aux territoires ;VU le d\u00e9cret n\u00b02010-336 du 31 mars 2010 portant cr\u00e9ation des agences r\u00e9gionales de sant\u00e9 ;VU le d\u00e9cret du 1\u00b0 avril 2010 portant nomination des directeurs g\u00e9n\u00e9raux des agences r\u00e9gionales desant\u00e9 ;VU le d\u00e9cret n\u00b02010-810 du 13juillet 2010 relatif au comit\u00e9 d\u00e9partemental de l'aide m\u00e9dicale urgente,de la permanence des soins et des transports sanitaires ;VU le d\u00e9cret n\u00b02012-1331 du 29 novembre 2012 modifiant certaines dispositions r\u00e9glementairesprises en application de la loi n\u00b02009-879 du 21 juillet 2009 portant r\u00e9forme de l'h\u00f4pital et relative auxpatients, \u00e0 la sant\u00e9 et aux territoires ;VU le d\u00e9cret n\u00b02015-1650 du 11 d\u00e9cembre 2015 adaptant les agences r\u00e9gionales de sant\u00e9 \u00e0 lanouvelle d\u00e9limitation des r\u00e9gions ;VU le d\u00e9cret du 20 avril 2022 portant nomination de Monsieur Didier Jaffre, Directeur g\u00e9n\u00e9ral del'Agence R\u00e9gionale de Sant\u00e9 Occitanie ;VU le d\u00e9cret n\u00b02022-631 du 22 avril 2022 portant r\u00e9forme des transports sanitaires urgents et de leurparticipation \u00e0 la garde ;VU le d\u00e9cret n\u00b02022-621 du 22 avril 2022 relatif aux actes de soins d'urgence relevant de lacomp\u00e9tence des sapeurs-pompiers ;VU l'arr\u00eat\u00e9 du 05 mai 2009 relatif \u00e0 la mise en \u0153uvre du r\u00e9f\u00e9rentiel SAMU-transports sanitairesportant organisation de la r\u00e9ponse ambulanci\u00e8re \u00e0 l'urgence pr\u00e9-hospitali\u00e9re ;VU l'arr\u00eat\u00e9 du 12 d\u00e9cembre 2017 fixant les caract\u00e9ristiques et les installations mat\u00e9rielles exig\u00e9espour les v\u00e9hicules affect\u00e9s aux transports sanitaires terrestres ;VU l'arr\u00eat\u00e9 du 22 avril 2022 fixant le montant et les modalit\u00e9s de versement de l'indemnit\u00e9 desubstitution pour la mobilisation d'un service d'incendie et de secours sur un secteur non couvert parune garde ambulanci\u00e8re ;VU l'arr\u00eat\u00e9 du 26 avril 2022 relatif aux plafonds d'heures de garde pour l'organisation de la gardepr\u00e9vue \u00e0 l'article R6312-19 du code de la sant\u00e9 publique ;VU l'arr\u00eat\u00e9 du 26 avril 2022 relatif aux crit\u00e8res, aux modalit\u00e9s de d\u00e9signation ainsi qu'aux obligationset missions de l'association des transports sanitaires d'urgence la plus repr\u00e9sentative au pland\u00e9partemental ;VU l'arr\u00eat\u00e9 n\u00b02022-3269 du 01 juillet 2022 fixant le cahier des charges pour l'organisation de la gardeet de la r\u00e9ponse \u00e0 la demande de transports sanitaires urgents dans le d\u00e9partement du Gard ;VU l'arr\u00eat\u00e9 n\u00b0 2023-4518 du 29 septembre 2023 modifiant le cahier des charges pour l'organisationde la garde et de la r\u00e9ponse \u00e0 la demande de transports sanitaires urgents dans le d\u00e9partement duGard ;\nrm\nAgence R\u00e9gionale de la Sant\u00e9- d\u00e9l\u00e9gation d\u00e9partementale du Gard - 30-2025-12-15-00002 - Arr\u00eat\u00e9 ARS Occitanie portant organisation\ndu tour d garde des transports sanitaires pour le  d\u00e9partement du  Gard -  1 er semestre 2026 4\nVU la circulaire DSC/DHOS/2009 n\u00b0192 du 14 octobre 2009 relative \u00e0 l'application de l'arr\u00eat\u00e9 du 24avril 2009 relatif \u00e0 la mise en \u0153uvre du r\u00e9f\u00e9rentiel portant sur l'organisation du secours \u00e0 personneset de l'aide m\u00e9dicale urgente et de l'arr\u00eat\u00e9 du 05 mai 2009 relatif \u00e0 la mise en \u0153uvre du r\u00e9f\u00e9rentielportant organisation de la r\u00e9ponse ambulanci\u00e9re \u00e0 l'urgence pr\u00e9-hospitali\u00e8re ;VU l'instruction interminist\u00e9rielle n\u00b0 DGOS/R2/DSS/DGSCGC/2022/144 du 13 mai 2022 relative \u00e0 lamise en \u0153uvre de la r\u00e9forme des transports sanitaires urgents et de la participation des entreprisesde transports sanitaires au service de garde ;VU la d\u00e9cision de l'ARS Occitanie n\u00b02023-5933 du 28 Novembre 2023 portant d\u00e9l\u00e9gation designature de Monsieur Didier Jaffre, Directeur g\u00e9n\u00e9ral de l'Agence R\u00e9gionale de Sant\u00e9 Occitanie \u00e0Monsieur Guillaume Dubois ;CONSIDERANT l'avis \u00e9mis par le sous-comit\u00e9 des transports sanitaires du CODAMUPS-TS du 04d\u00e9cembre 2025 ;SUR proposition du Directeur D\u00e9partemental de l'ARS du Gard ;ARRETEARTICLE 1 : La garde ambulanci\u00e8re d\u00e9partementale du Gard est assur\u00e9e aux jours et heuressuivants de 06h \u00e0 14h, de 14h \u00e0 22h et de 22h \u00e0 06h sur les secteurs : Al\u00e8s-Haute vall\u00e9es de la C\u00e8ze(03-04), Gard Rhodanien (05), Uz\u00e8ge (06), Grand N\u00eemes (GN), Terre de Camargue (10).Pour les secteurs du Viganais (01) et Anduze (02) les horaires sont de 08h \u00e0 20h. Un Inter-secteur(Le Vigan-Anduze) de 20h a 08h est mis en place.Pour le secteur du Beaucairois (07) les horaires sont de 06h \u00e0 14h et de 14h \u00e0 22h. Un Inter-secteur(Nimes) de 22h a 06h est mis en place.Les tableaux de garde par secteur joints en annexe sont valid\u00e9s pour les mois de janvier a juin 2026.ARTICLE 2 : Le tour de garde d\u00e9partemental s'impose aux entreprises de transports sanitaires pourles mois de janvier \u00e0 juin 2026 \u00e0 compter du 1\u00b0 janvier 2026 dans le respect du cahier des chargesrelatif \u00e0 l'organisation de la garde et de la r\u00e9ponse a la demande des transports sanitaires urgentsdans le d\u00e9partement du Gard.ARTICLE 3 : Le pr\u00e9sent arr\u00eat\u00e9 peut faire l'objet d'un recours contentieux aupr\u00e8s du tribunaladministratif territorialement comp\u00e9tent \u00e0 compter de sa publication au recueil des actesadministratifs des services de l'Etat.Le tribunal administratif peut \u00eatre saisi par l'application informatique \"T\u00e9l\u00e9recours citoyens\" accessiblepar le site internet www.telerecours.frARTICLE 4 : Le Directeur D\u00e9partemental de l'ARS du Gard est charg\u00e9 de l'ex\u00e9cution du pr\u00e9sentarr\u00eat\u00e9 qui sera publi\u00e9 au recueil des actes administratifs de la Pr\u00e9fecture du Gard.\nFait\u00e0 N\u00eemes,le | 5 DEC. 2025P./le Directeur G\u00e9n\u00e9ralde l'Agence R\u00e9gionale de Sant\u00e9 d'Occitanieet par d\u00e9l\u00e9gation,Le Diirec angestegental du Gard\nGuillaume DUBOIS\nnt\u00e9 OccitanieHale du GARD #230906 NIME\nAgence R\u00e9gionale de la Sant\u00e9- d\u00e9l\u00e9gation d\u00e9partementale du Gard - 30-2025-12-15-00002 - Arr\u00eat\u00e9 ARS Occitanie portant organisation\ndu tour d garde des transports sanitaires pour le  d\u00e9partement du  Gard -  1 er semestre 2026 5\nSheet3JANVIER2026\u2014_\u2014SecteurN\u00b04jourSecteur1&2nuit\nFeri\u00e9slundimardimercredijeudivendredisamedidimanchejours1z34Secteur1jourCIGALOISESCAAIGOUALASSISTANCESecteur2jourGARDONSGARDONSGARDONSGARDONSSec1&2nuitBERNARDBERNARDBERNARDBERNARDjours567891011Secteur1jourCACACIGALOISESVIGANAISESCACIGALOISESASSISTANCESecteur2jourGARDONSGARDONSGARDONSGARDONSGARDONSTHERONDTHERONDSec1&2nuitAIGOUALAIGOUALBRIGNOLOBRIGNOLOTHERONDTHERONDTHERONDjours12131415161718Secteur1jourCAVIGANAISESCACACIGALOISES|ASSISTANCEAIGOUALSecteur2jourGARDONSGARDONSGARDONSGARDONSGARDONSGARDONSGARDONSSec1&2nuitCEVENNCEVENNCEVENNCEVENNCEVENNCEVENNCEVENNjours19202122232425Secteur1jourCACIGALOISESVIGANAISESCACIGALOISES|VIGANAISES|ASSISTANCESecteur2jourGARDONSGARDONSGARDONSGARDONSGARDONSGARDONSGARDONSSec1&2nuitAIGOUALAIGOUALBRIGNOLOBRIGNOLOCAASSISTANCE|ASSISTANCEjours262728293031Secteur1jour|VIGANAISESCABRIGNOLOCIGALOISESCABRIGNOLOSecteur2jourGARDONSGARDONSGARDONSGARDONSGARDONSGARDONSSecl&2nuitBERNARDBERNARDBERNARDBERNARDBERNARDBERNARDPage1\nAgence R\u00e9gionale de la Sant\u00e9- d\u00e9l\u00e9gation d\u00e9partementale du Gard - 30-2025-12-15-00002 - Arr\u00eat\u00e9 ARS Occitanie portant organisation\ndu tour d garde des transports sanitaires pour le  d\u00e9partement du  Gard -  1 er semestre 2026 6\nSheet3\n\"wsSecteurN\u00b02jourSecteur1&2nuitlundimardimercredijeudivendredisamedidimanchejours1Secteur1jourASSISTANCESecteur2jourGARDONSSecl&2nuit\u2014EEBERNARD_jours2345678Secteur1jourCACACIGALOISESCIGALOISES|VIGANAISES|ASSISTANCE|ASSISTANCESecteur2jourGARDONSGARDONSGARDONSGARDONSGARDONSTHERONDTHERONDSeci&2nuitAIGOUALAIGOUALBRIGNOLOBRIGNOLOTHERONDTHERONDTHERONDjours9101112131415Secteur1jourCABRIGNOLOCIGALOISESCAAIGOUALCAVIGANAISESSecteur2jourGARDONSGARDONSGARDONSGARDONSGARDONSGARDONSGARDONSSec1&2nuitCEVENNCEVENNCEVENNCEVENNCEVENNCEVENNCEVENNjours16171819202122Secteur1jour|VIGANAISESCACACAVIGANAISES|CIGALOISES|VIGANAISESSecteur2jourGARDONSGARDONSGARDONSGARDONSGARDONSGARDONSGARDONSSecl&2nuitBRIGNOLOBRIGNOLOAIGOUALAIGOUALCAASSISTANCE|ASSISTANCEjours232425262728Secteur1jourBRIGNOLOCIGALOISESCACACAVIGANAISESSecteur2jourGARDONSGARDONSGARDONSGARDONSGARDONSGARDONSSec1&enuitBERNARDBERNARDBERNARDBERNARDBERNARDBERNARDPage2\nAgence R\u00e9gionale de la Sant\u00e9- d\u00e9l\u00e9gation d\u00e9partementale du Gard - 30-2025-12-15-00002 - Arr\u00eat\u00e9 ARS Occitanie portant organisation\ndu tour d garde des transports sanitaires pour le  d\u00e9partement du  Gard -  1 er semestre 2026 7\nSheet3SecteurN\u00b02jourSecteur1&2nuitlundimardimercredijeudivendredisamedidimanchejours1Secteur1jourASSISTANCESecteur2jourGARDONSSecl&2nuitBERNARD:jours2345678Secteur1jourCACIGALOISESCACACIGALOISES|ASSISTANCE|ASSISTANCESecteur2jourGARDONSGARDONSGARDONSGARDONSGARDONSTHERONDTHERONDSecl&2nuitAIGOUALAIGOUALBRIGNOLOBRIGNOLOTHERONDTHERONDTHERONDjours9101112_131415Secteur1jour|CIGALOISESCACACAVIGANAISES|BRIGNOLOBRIGNOLOSecteur2jourGARDONSGARDONSGARDONSGARDONSGARDONSGARDONSGARDONSSec1&2nuitCEVENNCEVENNCEVENNCEVENNCEVENNCEVENNCEVENNjours16171819202122Secteur1jourCAVIGANAISESCACIGALOISES|VIGANAISES|ASSISTANCE|CIGALOISESSecteur2jourGARDONSGARDONSGARDONSGARDONSGARDONSGARDONSGARDONSSec1&2nuitAIGOUALAIGOUALBRIGNOLOBRIGNOLOCAASSISTANCE|ASSISTANCEjours23242526272829Secteur1jourAIGOUALAIGOUALBRIGNOLOCIGALOISESCAASSISTANCE|VIGANAISESSecteur2jourGARDONSGARDONSGARDONSGARDONSGARDONSGARDONSGARDONSSecl&2nuitBERNARDBERNARDBERNARDBERNARDBERNARDBERNARDBERNARDjours3031Secteur1jour|VIGANAISES|VIGANAISESSecteur2jourGARDONSGARDONSSecl\u00e9&2nuitCACAPage3\nAgence R\u00e9gionale de la Sant\u00e9- d\u00e9l\u00e9gation d\u00e9partementale du Gard - 30-2025-12-15-00002 - Arr\u00eat\u00e9 ARS Occitanie portant organisation\ndu tour d garde des transports sanitaires pour le  d\u00e9partement du  Gard -  1 er semestre 2026 8\nSheet3AVRIL2026eeSecteurN\u00b02jourSecteur1&2nuitlundimardimercredijeudivendredisamedidimanchejours12345__|_Secteur1jourCIGALOISES....|VIGANAISES|.CA____|ASSISTANCE|VIGANAISES_Secteur2jourGARDONSGARDONSGARDONSGARDONSGARDONSSeci&2nuitCAAIGOUAL_AIGOUALBRIGNOLOBRIGNOLOjours=e789101112Secteur1jourAIGOUALCAVIGANAISESCABRIGNOLO|CIGALOISESASSISTANCESecteur2jourGARDONSGARDONSGARDONSGARDONSGARDONSGARDONSGARDONSSeci&2nuitCEVENNCEVENNCEVENNCEVENNCEVENNCEVENNCEVENNjours13141516171819Secteur1jourCACAVIGANAISESCACIGALOISES|VIGANAISES|ASSISTANCESecteur2jourGARDONSGARDONSGARDONSGARDONSGARDONSTHERONDTHERONDSec1&2nuitAIGOUALAIGOUALBRIGNOLOBRIGNOLOTHERONDTHERONDTHERONDjours20212223242526Secteur1jour|VIGANAISESAIGOUALCABRIGNOLO|CIGALOISES|ASSISTANCE|ASSISTANCESecteur2jourGARDONSGARDONSGARDONSGARDONSGARDONSGARDONSGARDONSSec1&2nuitBERNARDBERNARDBERNARDBERNARDBERNARDBERNARDBERNARDjours27282930Secteur1jour|CIGALOISES|VIGANAISESCACASecteur2jourGARDONSGARDONSGARDONSGARDONSSecl&2nuitAIGOUALAIGOUALBRIGNOLOBRIGNOLOPage4\nAgence R\u00e9gionale de la Sant\u00e9- d\u00e9l\u00e9gation d\u00e9partementale du Gard - 30-2025-12-15-00002 - Arr\u00eat\u00e9 ARS Occitanie portant organisation\ndu tour d garde des transports sanitaires pour le  d\u00e9partement du  Gard -  1 er semestre 2026 9\nSheet3MAI2026\naSecteurN\u00b02jourSecteur1&2nuitlundimardimercredijeudivendredisamedidimanchejours1<3Secteur1jourVIGANAISES|ASSISTANCE|CIGALOISES|Secteur2jourGARDONS|GARDONS|GARDONSSec1&2nuitCACAASSISTANCEjours4567oo910Secteur1jour|VIGANAISESAIGOUALBRIGNOLOCIGALOISESCAAIGOUALASSISTANCESecteur2jourGARDONSGARDONSGARDONSGARDONSGARDONSGARDONSGARDONSSec1&2nuitCEVENNCEVENNCEVENNCEVENNCEVENNCEVENNCEVENNjours11121314151617Secteur1jourCACACIGALOISESCACACIGALOISES|ASSISTANCESecteur2jourGARDONSGARDONSGARDONSGARDONSGARDONSTHERONDTHERONDSeci&2nuitAIGOUALAIGOUALBRIGNOLOBRIGNOLOTHERONDTHERONDTHERONDjours18192021222324Secteur1jourCABRIGNOLOCIGALOISESCAAIGOUAL|ASSISTANCE|VIGANAISESSecteur2jourGARDONSGARDONSGARDONSGARDONSGARDONSGARDONSGARDONSSect&2nuitBERNARDBERNARDBERNARDBERNARDBERNARDBERNARDBERNARDjours25262728293031Secteur1jour|VIGANAISES|CIGALOISESVIGANAISESCACIGALOISES|ASSISTANCE|ASSISTANCESecteur2jourGARDONSGARDONSGARDONSGARDONSGARDONSGARDONSGARDONSSecl&2nuitCACACAAIGOUALAIGOUALBRIGNOLOBRIGNOLOPage5\nAgence R\u00e9gionale de la Sant\u00e9- d\u00e9l\u00e9gation d\u00e9partementale du Gard - 30-2025-12-15-00002 - Arr\u00eat\u00e9 ARS Occitanie portant organisation\ndu tour d garde des transports sanitaires pour le  d\u00e9partement du  Gard -  1 er semestre 2026 10\nSheet3\napieSecteurN\u00b02jourSecteur1&2nuitlundimardimercredijeudivendredisamedidimanchejours12a4567Secteur1jourBRIGNOLOCIGALOISESCAAIGOUALCAVIGANAISESASSISTANCESecteur2jourGARDONSGARDONSGARDONSGARDONSGARDONSGARDONSGARDONSSecl&2nuitCEVENNCEVENNCEVENNCEVENNCEVENNCEVENNCEVENNjours891011121314SecteurIjour|CIGALOISES|VIGANAISESCACIGALOISES|VIGANAISES|ASSISTANCE|ASSISTANCE_Secteur2jourGARDONSGARDONSGARDONSGARDONSGARDONSTHERONDTHERONDSecl&2nuitAIGOUALAIGOUALBRIGNOLOBRIGNOLOTHERONDTHERONDTHERONDjours15161718192021Secteur1jour|CIGALOISESCAAIGOUALCAVIGANAISES|ASSISTANCEBRIGNOLOSecteur2jourGARDONSGARDONSGARDONSGARDONSGARDONSGARDONSGARDONSSec1&2nuitBERNARDBERNARDBERNARDBERNARDBERNARDBERNARDBERNARDjours22232425262728Secteur1jour|VIGANAISES|CIGALOISESCIGALOISESVIGANAISESCAASSISTANCECASecteur2jourGARDONSGARDONSGARDONSGARDONSGARDONSGARDONSGARDONSSec1&2nuitCACACAAIGOUALAIGOUALBRIGNOLOBRIGNOLOjours2930Secteur1jourCAAIGOUALSecteur2jourGARDONSGARDONSSec1&2nuitCEVENNCEVENNPage6\nAgence R\u00e9gionale de la Sant\u00e9- d\u00e9l\u00e9gation d\u00e9partementale du Gard - 30-2025-12-15-00002 - Arr\u00eat\u00e9 ARS Occitanie portant organisation\ndu tour d garde des transports sanitaires pour le  d\u00e9partement du  Gard -  1 er semestre 2026 11\nSECTEURALES-HAUTEVALLEEDELACEZEResponsablesecteur:JulienMartinezJANVIER2026LUNDIMARDI|MERCREDIJEUDIVENDREDI|SAMEDI|DIMANCHE12346h-14hROUSSELROUSSELSTHILAIRE6h-14h4SAISONSESFALYTISADML14h-22hMEDIDOCNAVARROMEDIDOCNAVARRO14h-22hBUISSONROUSSELFUMELFUMEL22h-6hARNALARNALCHARMASSON|CHARMASSON5678910116h-14h4SAISONSALYTIS6h-14hSTHILAIRESTHILAIREESFESFESFARNALBENZOUAOUI14h-22hNAVARRO4SAISONS4SAISONSPHILIPPEPHILIPPEPHILIPPERIBES14h-22hROUSSELROUSSELROUSSELROUSSELROUSSELMEDIDOCMEDIDOC22h-6hCHARMASSONMEDIDOCMEDIDOCMEDIDOCBUISSONBUISSONBUISSON121314151617186h-14hBENZOUAOUI|BENZOUAOUI6h-14h4SAISONSARNALARNALARNALBENZOUAOUIALYTISBUISSON14h-22hRIBESNAVARROROUSSELROUSSELROUSSELFUMELSTHILAIRE14h-22hNAVARROSTHILAIRE4SAISONSNAVARRONAVARROPHILIPPEPHILIPPE22h-6hCHARMASSON|CHARMASSON|CHARMASSON|CHARMASSON|CHARMASSON|CHARMASSON|CHARMASSON192021222324256h-14hBUISSONROUSSEL6h-14hNAVARRONAVARRONAVARROBUISSONBUISSON4SAISONSCHARMASSON14h-22hSTHILAIRE4SAISONS4SAISONSESFESFESFALYTIS14h-22hPHILIPPERIBESRIBESNAVARRONAVARRO|FUMELFUMEL22h-6hCHARMASSONMEDIDOCMEDIDOCMEDIDOCCHARMASSON|CHARMASSONMEDIDOC2627282930316h-14hFUMEL6h-14hROUSSELROUSSELROUSSELROUSSELROUSSELROUSSEL14h-22h4SAISONSARNALARNALARNALBENZOUAOUI|BENZOUAOUI14h-22hNAVARROSTHILAIRESTHILAIRESTHILAIREESFESF22h-6hMEDIDOCMEDIDOCMEDIDOCMEDIDOCMEDIDOCMEDIDOC\nAgence R\u00e9gionale de la Sant\u00e9- d\u00e9l\u00e9gation d\u00e9partementale du Gard - 30-2025-12-15-00002 - Arr\u00eat\u00e9 ARS Occitanie portant organisation\ndu tour d garde des transports sanitaires pour le  d\u00e9partement du  Gard -  1 er semestre 2026 12\nSECTEURALES-HAUTEVALLEEDELACEZEResponsablesecteur:JulienMartinez\nFEVRIER2026\nLUNDIMARDI|MERCREDI|JEUDIVENDREDI|SAMEDI|DIMANCHE\n1\n6h-14hFUMEL6h-14hMEDIDOC14h-22hBENZOUAOUI14h-22hESF22h-6hRIBES23456786h-14h4SAISONSALYTIS6h-14hMEDIDOCNAVARRONAVARRONAVARRONAVARRONAVARROFUMEL14h-22hNAVARRONAVARRONAVARROBUISSONBUISSONBUISSONROUSSEL14h-22hROUSSELROUSSEL4SAISONSARNALARNALARNALBENZOUAOUI22h-6hRIBESCHARMASSON|CHARMASSON|CHARMASSONSTHILAIRESTHILAIRESTHILAIRE91011121314156h-14hNAVARRONAVARRO6h-14hPHILIPPEPHILIPPEPHILIPPERIBESRIBESPHILIPPERIBES14h-22hROUSSELROUSSELROUSSELROUSSELROUSSELFUMELFUMEL14h-22hBENZOUAOUI|BENZOUAOUI4SAISONSNAVARRONAVARROBUISSONBUISSON22h-6hMEDIDOCMEDIDOCMEDIDOCALYTISALYTISALYTISARNAL161718192021226h-14hSTHILAIREESF6h-14hROUSSELROUSSELROUSSELSTHILAIRESTHILAIREESF4SAISONS14h-22hESFESFESFNAVARRONAVARRO4SAISONSADML14h-22hBUISSON4SAISONS4SAISONSROUSSELROUSSELROUSSELROUSSEL22h-6hARNALARNALCHARMASSON|CHARMASSON|CHARMASSONMEDIDOCMEDIDOC2324252627286h-14hARNAL6h-14hESFESF4SAISONS4SAISONS4SAISONSSTHILAIRE14h-22hPHILIPPEPHILIPPEPHILIPPERIBESRIBESNAVARRO14h-22hROUSSELROUSSELMEDIDOCNAVARRONAVARROMEDIDOC22h-6hMEDIDOCBUISSONBUISSONBUISSONCHARMASSON|CHARMASSON.\nAgence R\u00e9gionale de la Sant\u00e9- d\u00e9l\u00e9gation d\u00e9partementale du Gard - 30-2025-12-15-00002 - Arr\u00eat\u00e9 ARS Occitanie portant organisation\ndu tour d garde des transports sanitaires pour le  d\u00e9partement du  Gard -  1 er semestre 2026 13\nSECTEURALES-HAUTEVALLEEDELACEZEMARS2026Responsablesecteur:JulienMartinezLUNDI|MARDI|MERCREDI|JEUDIVENDREDI|SAMEDI|DIMANCHE|I6h-14hARNAL6h-14h>ALYTIS14h-22hNAVARRO14h-22hMEDIDOC22h-6hCHARMASSON23A56786h-14hNAVARRONAVARRO6h-14hARNALBENZOUAOUI|BENZOUAOUI|BENZOUAOUI|NAVARROARNALBENZOUAOOUI14h-22hROUSSELROUSSELROUSSELSTHILAIRESTHILAIRESTHILAIREESF14h-22h4SAISONS4SAISONSPHILIPPEPHILIPPEPHILIPPERIBESRIBES22h-6h|CHARMASSON|CHARMASSON|CHARMASSON|CHARMASSON|CHARMASSONMEDIDOCMEDIDOC9TOTi1213T4T56h-14h|ROUSSEL|CHARMASSON6h-14hBUISSONBUISSONBUISSONNAVARRONAVARROBUISSONADML14h-22hESFESF4SAISONS4SAISONS4SAISONSARNALARNAL14h-22hNAVARRONAVARROROUSSELROUSSELROUSSELSTHILAIRESTHILAIRE22h-6hMEDIDOCCHARMASSONMEDIDOCMEDIDOCCHARMASSONMEDIDOCMEDIDOC161718T92021226h-14hMEDIDOCMEDIDOC6h-14hROUSSELROUSSELROUSSELROUSSELNAVARROFUMELROUSSEL14h-22hARNALBENZOUAOUI|BENZOUAOUI|BENZOUAOUINAVARRONAVARRONAVARRO14h-22hSTHILAIREESFESFESF4SAISONSALYTISALYTIS22h-6hMEDIDOCMEDIDOCMEDIDOCRIBESRIBESCHARMASSON|CHRMASSON232425262728296h-14hPHILIPPEPHILIPPE6h-14hROUSSELROUSSEL4SAISONS4SAISONSPHILIPPEFUMELMEDIDOC14h-22hBUISSONBUISSONBUISSONROUSSELROUSSELROUSSELCHARMASSON14h-22hARNALARNALARNALBENZOUAOUI|BENZOUAOUI|BENZOUAOUINAVARRO22h-6h|CHARMASSONSTHILAIRESTHILAIRESTHILAIREMEDIDOCMEDIDOCMEDIDOC\n30316h-14h6h-14hRIBESRIBES14h-22hROUSSELROUSSEL14h-22hNAVARRONAVARRO22h-6hALYTISALYTISL\nAgence R\u00e9gionale de la Sant\u00e9- d\u00e9l\u00e9gation d\u00e9partementale du Gard - 30-2025-12-15-00002 - Arr\u00eat\u00e9 ARS Occitanie portant organisation\ndu tour d garde des transports sanitaires pour le  d\u00e9partement du  Gard -  1 er semestre 2026 14\nSECTEURALES-HAUTEVALLEEDELACEZEAVRIL2026Responsablesecteur:JulienMartinezLUNDIMARDIMERCREDIJEUDIVENDREDISAMEDIDIMANCHE123456h-14hROUSSELFUMEL6h-14hNAVARRONAVARROROUSSEL4SAISONSPHILIPPE14h-22hROUSSELROUSSELNAVARROMEDIDOCMEDIDOC14h-22hBUISSONBUISSONBUISSONFUMELROUSSEL22h-6hALYTISARNALARNALARNALCHARMASSON67891011126h-14hSTHILAIREMEDIDOC4SAISONS6h-14h4SAISONSSTHILAIRESTHILAIREESFESFNAVARROFUMEL14h-22hNAVARRONAVARRO4SAISONS4SAISONSPHILIPPEPHILIPPEPHILIPPE14h-22hROUSSELROUSSELROUSSELROUSSELROUSSELFUMELMEDIDOC22h-6h|CHARMASSON|CHARMASSONMEDIDOCMEDIDOCMEDIDOCBUISSONBUISSON131415161718196h-14h|BENZOUAOUI|BENZOUAOUI6h-14h4SAISONS4SAISONSARNALARNALARNALRIBES4SAISONS14h-22hRIBESRIBESNAVARRONAVARROROUSSELROUSSELROUSSEL14h-22h_NAVARRONAVARROROUSSELROUSSEL4SAISONSALYTISPHILIPPE22h-6hBUISSONCHARMASSON|CHARMASSON|CHARMASSON|CHARMASSON|CHARMASSON|CHARMASSON202122232425266h-14hBUISSONBUISSON6h-14hBENZOUAOUINAVARRONAVARRONAVARROBUISSONSTHILAIREARNAL14h-22hSTHILAIRESTHILAIRESTHILAIREESFESFESFADML14h-22hPHILIPPEPHILIPPERIBESRIBESNAVARROMEDIDOCROUSSEL22h-6h|CHARMASSON|CHARMASSONMEDIDOCMEDIDOCMEDIDOCCHARMASSON\u00a9MEDIDOC27282930\n6h-14h6h-14hROUSSELROUSSELROUSSELROUSSEL14h-22h4SAISONS4SAISONSARNALARNAL14h-22hNAVARRONAVARROSTHILAIRESTHILAIRE22h-6hMEDIDOCCHARMASSONMEDIDOCMEDIDOC\nAgence R\u00e9gionale de la Sant\u00e9- d\u00e9l\u00e9gation d\u00e9partementale du Gard - 30-2025-12-15-00002 - Arr\u00eat\u00e9 ARS Occitanie portant organisation\ndu tour d garde des transports sanitaires pour le  d\u00e9partement du  Gard -  1 er semestre 2026 15\nSECTEURALES-HAUTEVALLEEDELACEZE\u00a9\nMAI2026\nResponsablesecteur:JulienMartinezLUNDIMARDI|MERCREDIJEUDIVENDREDISAMEDIDIMANCHE1236h-14hFUMELFUMELFUMEL6h-14hNAVARROALYTISBUISSON14h-22hARNALBENZOUAOUIBENZOUAOUI14h-22hSTHILAIREESFESF22h-6hMEDIDOCMEDIDOCMEDIDOC456789106h-14hNAVARRONAVARROALYTIS6h-14hROUSSELNAVARRONAVARRONAVARROESFBENZOUAOUI4SA\u00cfSONS14h-22hBENZOUAOUINAVARRONAVARRONAVARROBUISSONBUISSONBUISSON14h-22hESFROUSSELROUSSEL4SAISONSARNALARNALARNAL22h-6hRIBESRIBESCHARMASSON|CHARMASSON|CHARMASSONSTHILAIRESTHILAIRE111213141516176h-14hPHILIPPERIBESRIBES6h-14h4SAISONSPHILIPPEPHILIPPE4SAISONSRIBESFUMELCHARMASSON14h-22hROUSSELROUSSELROUSSELFUMELROUSSELROUSSELFUMEL14h-22hBENZOUAOUIBENZOUAOUIBENZOUAOUINAVARRONAVARRONAVARRONAVARRO22h-6hSTHILAIREMEDIDOCMEDIDOCMEDIDOCALYTISALYTISALYTIS181920212223246h-14hSTHILAIRESTHILAIRE6h-14hNAVARROROUSSELROUSSELROUSSELSTHILAIREFUMELMEDIDOC14h-22hROUSSELESFESFESFNAVARRONAVARRO4SAISONS14h-22hBUISSONBUISSON4SAISONS4SAISONSROUSSELROUSSELROUSSEL22h-6hARNALARNALARNALCHARMASSON|CHARMASSON|CHARMASSONMEDIDOC252627282930316h-14hESFALYTISARNAL6h-14hRIBESESFESF4SAISONS4SAISONS4SAISONSPHILIPPE14h-22h4SAISONSPHILIPPEPHILIPPEPHILIPPERIBESRIBESMEDIDOC14h-22hROUSSELROUSSELROUSSELNAVARRONAVARROMEDIDOCADML22h-6hMEDIDOCMEDIDOCBUISSONBUISSONBUISSONCHARMASSON|CHARMASSON\nAgence R\u00e9gionale de la Sant\u00e9- d\u00e9l\u00e9gation d\u00e9partementale du Gard - 30-2025-12-15-00002 - Arr\u00eat\u00e9 ARS Occitanie portant organisation\ndu tour d garde des transports sanitaires pour le  d\u00e9partement du  Gard -  1 er semestre 2026 16\nSECTEURALES-HAUTEVALLEEDELACEZEJUIN2026-Responsablesecteur:JulienMartinezLUNDIMARDIMERCREDIJEUDIVENDREDISAMEDIDIMANCHE12345676h-14hNAVARRONAVARRO6h-14hARNALARNALBENZOUAOUIBENZOUAOUIBENZOUAOUIALYTIS4SAISONS14h-22hNAVARROROUSSELROUSSELROUSSELSTHILAIRESTHILAIRESTHILAIRE14h-22h4SAISONSNAVARRONAVARROPHILIPPEPHILIPPEPHILIPPERIBES22h-6hCHARMASSONCHARMASSONCHARMASSONCHARMASSONCHARMASSONCHARMASSONMEDIDOC8910111213146h-14hROUSSELROUSSEL6h-14hNAVARROBUISSONBUISSONBUISSONROUSSELNAVARROBUISSON14h-22hESFESFESF4SAISONS4SAISONSALYTISARNAL14h-22hRIBESROUSSELROUSSELROUSSELSTHILAIRESTHILAIREALYTIS22h-6hMEDIDOCMEDIDOCMEDIDOCMEDIDOCALYTISALYTISMEDIDOC151617181920216h-14hMEDIDOCMEDIDOC6h-14hROUSSELROUSSELROUSSELROUSSELROUSSELARNALSTHILAIRE14h-22hARNALARNALBENZOUAOUIBENZOUAOUIBENZOUAOUINAVARRONAVARRO14h-22hNAVARRONAVARROESFESFESFALYTISALYTIS22h-6hMEDIDOCMEDIDOCRIBESRIBESMEDIDOCMEDIDOCCHARMASSON222324252627286h-14hPHILIPPEPHILIPPE6h-14hESFNAVARRONAVARRO4SAISONS4SAISONSFUMEL4SAISONS14h-22hNAVARROBUISSONBUISSONBUISSONROUSSELROUSSELROUSSEL14h-22h4SAISONSARNALARNALARNALBENZOUAOUIBENZOUAOUIBENZOUAOUI22h-6hCHARMASSONCHARMASSONSTHILAIRESTHILAIRESTHILAIREMEDIDOCMEDIDOC\n29306h-14h6h-14hPHILIPPERIBES14h-22hROUSSELROUSSEL14h-22hNAVARRONAVARRO22h-6hMEDIDOCCHARMASSON\nAgence R\u00e9gionale de la Sant\u00e9- d\u00e9l\u00e9gation d\u00e9partementale du Gard - 30-2025-12-15-00002 - Arr\u00eat\u00e9 ARS Occitanie portant organisation\ndu tour d garde des transports sanitaires pour le  d\u00e9partement du  Gard -  1 er semestre 2026 17\nCALENDRIERDESGARDES-JANVIER2026SECTEURN\u00b05LUNDIMARDIMERCREDIJEUDIVENDREDISAMEDIDIMANCHE123&de6ha13hTILLIERTILLIERLACHARTREUSELESARENESde13ha20hRAOUXRAOUXLACHARTREUSELESARENESde20ha6hVIEUXPONTVIEUXPONTVIEUXPONTVIEUXPONT567891011de6h\u00e013hORSANNAISETILLIERTILLIERTILLIERTILLIERLACHARTREUSELESARENESde13h\u00e020hRAOUXRAOUXRAOUXRAOUXRAOUXLACHARTREUSELESARENESde20h\u00e06hSTCHRISTOPHE|VIEUXPONTVIEUXPONTVIEUXPONTVIEUXPONT|STCHRISTOPHE|STCHRISTOPHE12131415161718de6h\u00e013hTILLIERTILLIERTILLIERTILLIERTILLIERLACHARTREUSELESARENESde13h\u00e020hRAOUXRAOUXRAOUXRAOUXRAOUXLACHARTREUSELESARENESde20h\u00e06hSTCHRISTOPHE|VIEUXPONTVIEUXPONTVIEUXPONTVIEUXPONTVIEUXPONTVIEUXPONT19202122232425de6h\u00e013hTILLIERTILLIERTILLIERTILLIERTILLIERLACHARTREUSELESARENESde13h\u00e020hRAOUXRAOUXRAOUXRAOUXRAOUXLACHARTREUSELESARENESde20h\u00e06hSTCHRISTOPHE|VIEUXPONTVIEUXPONTVIEUXPONTVIEUXPONT|STCHRISTOPHE|STCHRISTOPHE262728293031de6h\u00e013hTILLIERTILLIERHEXAGONETILLIERTILLIERLACHARTRESUEde13h\u00e020hRAOUXRAOUXRAOUXRAOUXRAOUXLACHARTREUSEde20h\u00e06hSTCHRISTOPHEVIEUXPONTVIEUXPONTVIEUXPONTVIEUXPONTVIEUXPONT\nAgence R\u00e9gionale de la Sant\u00e9- d\u00e9l\u00e9gation d\u00e9partementale du Gard - 30-2025-12-15-00002 - Arr\u00eat\u00e9 ARS Occitanie portant organisation\ndu tour d garde des transports sanitaires pour le  d\u00e9partement du  Gard -  1 er semestre 2026 18\nCALENDRIERDESGARDES-FEVRIER2026SECTEURN\u00b05LUNDIMARDIMERCREDIJEUDIVENDREDISAMEDIDIMANCHE\n1\nde6h\u00e013hLESARENESde13h\u00e020hLESARENESde20h\u00e06hVIEUXPONT2345678de6h\u00e013hORSANNAISETILLIERTILLIERTILLIERTILLIERLACHARTRESUELESARENESde13h\u00e020hRAOUXRAOUXRAOUXRAOUXRAOUXLACHARTREUSELESARENESde20h\u00e06hSTCHRISTOPHEVIEUXPONTVIEUXPONT|VIEUXPONT|VIEUXPONT|STCHRISTOPHE|STCHRISTOPHE9101112131415de6h\u00e013hTILLIERTILLIERTILLIERTILLIERTILLIERLACHARTRESUELESARENESde13h\u00e020hRAOUXRAOUXRAOUXRAOUXRAOUXLACHARTREUSELESARENESde20h\u00e06hSTCHRISTOPHE|VIEUXPONT|VIEUXPONT|VIEUXPONT|VIEUXPONTVIEUXPONTVIEUXPONT16171819202122de6h\u00e013hTILLIERTILLIERTILLIERTILLIERTILLIERLACHARTRESUELESARENESde13h\u00e020hRAOUXRAOUXRAOUXRAOUXRAOUXLACHARTREUSELESARENESde20h\u00e06hSTCHRISTOPHEVIEUXPONT|VIEUXPONT|VIEUXPONT|VIEUXPONT|STCHRISTOPHE|STCHRISTOPHE232425262728de6h\u00e013hTILLIERTILLIERTILLIERTILLIERTILLIERLACHARTRESUEde13h\u00e020hRAOUXRAOUXRAOUXRAOUXRAOUXLACHARTREUSEde20h\u00e06hSTCHRISTOPHE|VIEUXPONT|VIEUXPONT|VIEUXPONT|VIEUXPONTVIEUXPONT\nAgence R\u00e9gionale de la Sant\u00e9- d\u00e9l\u00e9gation d\u00e9partementale du Gard - 30-2025-12-15-00002 - Arr\u00eat\u00e9 ARS Occitanie portant organisation\ndu tour d garde des transports sanitaires pour le  d\u00e9partement du  Gard -  1 er semestre 2026 19\nCALENDRIERDESGARDES-MARS2026SECTEURN\u00b05LUNDIMARDIMERCREDIJEUDIVENDREDISAMEDIDIMANCHE\n1\nde6h\u00e013hLESARENESde13h\u00e020hLESARENESde20h\u00e06hVIEUXPONT2345678de6ha13hORSANNAISETILLIERTILLIERTILLIERTILLIERLACHARTRESUELESARENESde13ha20hRAOUXRAOUXRAOUXRAOUXRAOUXLACHARTREUSELESARENESde20ha6hSTCHRISTOPHE|VIEUXPONT|VIEUXPONTVIEUXPONT|VIEUXPONT|STCHRISTOPHE|STCHRISTOPHE9101112131415de6ha13hTILLIERTILLIERTILLIERTILLIERTILLIERLACHARTRESUELESARENESde13ha20hRAOUXRAOUXRAOUXRAOUXRAOUXLACHARTREUSELESARENESde20ha6hSTCHRISTOPHE|VIEUXPONT|VIEUXPONTVIEUXPONT|VIEUXPONT|VIEUXPONTVIEUXPONT16171819202122de6ha13hTILLIERTILLIERTILLIERTILLIERTILLIERLACHARTRESUELESARENESde13ha20hRAOUXRAOUXRAOUXRAOUXRAOUXLACHARTREUSELESARENESde20ha6hSTCHRISTOPHE|VIEUXPONT|VIEUXPONTVIEUXPONT|VIEUXPONT|STCHRISTOPHE|STCHRISTOPHE23242526272829de6h\u00e013hTILLIERTILLIERTILLIERTILLIERTILLIERLACHARTRESUELESARENESde13h\u00e020hRAOUXRAOUXRAOUXRAOUXRAOUXLACHARTREUSELESARENESde20h\u00e06hSTCHRISTOPHE|VIEUXPONT|VIEUXPONTVIEUXPONT|VIEUXPONT|VIEUXPONTVIEUXPONT3031de6h\u00e013hTILLIERTILLIERde13h\u00e020hRAOUXRAOUXde20h\u00e06hSTCHRISTOPHE|VIEUXPONT\nAgence R\u00e9gionale de la Sant\u00e9- d\u00e9l\u00e9gation d\u00e9partementale du Gard - 30-2025-12-15-00002 - Arr\u00eat\u00e9 ARS Occitanie portant organisation\ndu tour d garde des transports sanitaires pour le  d\u00e9partement du  Gard -  1 er semestre 2026 20\nCALENDRIERDESGARDES-AVRIL2026SECTEURN\u00b05LUNDIMARDIMERCREDIJEUDIVENDREDISAMEDIDIMANCHE123&5de6ha13hTILLIERTILLIERTILLIERLACHARTREUSELESARENESde13ha20hRAOUXRAOUXRAOUXLACHARTREUSELESARENESde20ha6hVIEUXPONTVIEUXPONTVIEUXPONT|STCHRISTOPHE|STCHRISTOPHE6789101112de6h\u00e013hORSANNAISETILLIERTILLIERTILLIERTILLIERLACHARTREUSELESARENESde13h\u00e020hRAOUXRAOUXRAOUXRAOUXRAOUXLACHARTREUSELESARENESde20h\u00e06hSTCHRISTOPHE|VIEUXPONTVIEUXPONTVIEUXPONTVIEUXPONTVIEUXPONTVIEUXPONT13141516171819de6h\u00e013hTILLIERTILLIERTILLIERTILLIERTILLIERLACHARTREUSELESARENESde13h\u00e020hRAOUXRAOUXRAOUXRAOUXRAOUXLACHARTREUSELESARENESde20h\u00e06hSTCHRISTOPHEVIEUXPONTVIEUXPONTVIEUXPONTVIEUXPONT|STCHRISTOPHE|STCHRISTOPHE20212223242526de6h\u00e013hTILLIERTILLIERTILLIERTILLIERTILLIERLACHARTREUSELESARENESde13h\u00e020hRAOUXRAOUXRAOUXRAOUXRAOUXLACHARTREUSELESARENESde20h\u00e06hSTCHRISTOPHE|VIEUXPONTVIEUXPONTVIEUXPONTVIEUXPONTVIEUXPONTVIEUXPONT27282930de6h\u00e013hTILLIERTILLIERTILLIERTILLIERde13h\u00e020hRAOUXRAOUXRAOUXRAOUXde20h\u00e06hSTCHRISTOPHE|VIEUXPONTVIEUXPONTVIEUXPONT\nAgence R\u00e9gionale de la Sant\u00e9- d\u00e9l\u00e9gation d\u00e9partementale du Gard - 30-2025-12-15-00002 - Arr\u00eat\u00e9 ARS Occitanie portant organisation\ndu tour d garde des transports sanitaires pour le  d\u00e9partement du  Gard -  1 er semestre 2026 21\nSECTEURN\u00b05CALENDRIERDESGARDES-MAI2026LUNDIMARDIMERCREDIJEUDIVENDREDISAMEDIDIMANCHE123de6h\u00e013hTILLIERLACHARTRESUELESARENESde13h\u00e020hRAOUXLACHARTREUSELESARENESde20h\u00e06hVIEUXPONT|STCHRISTOPHE|STCHRISTOPHEa5678910de6ha13hORSANNAISETILLIERTILLIERTILLIERTILLIERLACHARTRESUELESARENESde13ha20hRAOUXRAOUXRAOUXRAOUXRAOUXLACHARTREUSELESARENESde20h\u00e06hSTCHRISTOPHE|VIEUXPONT|VIEUXPONTVIEUXPONT|VIEUXPONTVIEUXPONTVIEUXPONT11121314151617de6h\u00e013hTILLIERTILLIERTILLIERTILLIERTILLIERLACHARTRESUELESARENESde13h\u00e020hRAOUXRAOUXRAOUXRAOUXRAOUXLACHARTREUSELESARENESde20h\u00e06hSTCHRISTOPHE|VIEUXPONT|VIEUXPONTVIEUXPONT|VIEUXPONT|STCHRISTOPHE|STCHRISTOPHE18192021222324de6h\u00e013hTILLIERTILLIERTILLIERTILLIERTILLIERLACHARTRESUELESARENESde13h\u00e020hRAOUXRAOUXRAOUXRAOUXRAOUXLACHARTREUSELESARENESde20h\u00e06hSTCHRISTOPHE|VIEUXPONT|VIEUXPONTVIEUXPONT|VIEUXPONT|VIEUXPONTVIEUXPONT25262728293031de6h\u00e013hTILLIERTILLIERTILLIERTILLIERTILLIERLACHARTRESUELESARENESde13h\u00e020hRAOUXRAOUXRAOUXRAOUXRAOUXLACHARTREUSELESARENESde20h\u00e06hSTCHRISTOPHE|VIEUXPONT|VIEUXPONTVIEUXPONT|VIEUXPONT|STCHRISTOPHE|STCHRISTOPHE\nAgence R\u00e9gionale de la Sant\u00e9- d\u00e9l\u00e9gation d\u00e9partementale du Gard - 30-2025-12-15-00002 - Arr\u00eat\u00e9 ARS Occitanie portant organisation\ndu tour d garde des transports sanitaires pour le  d\u00e9partement du  Gard -  1 er semestre 2026 22\nCALENDRIERDESGARDES-JUIN2026SECTEURN\u00b05LUNDIMARDIMERCREDIJEUDIVENDREDISAMEDIDIMANCHE1234567de6h\u00e013hORSANNAISETILLIERTILLIERTILLIERTILLIERLACHARTRESUELESARENESde13h\u00e020hRAOUXRAOUXRAOUXRAOUXRAOUXLACHARTREUSELESARENESde20h\u00e06hSTCHRISTOPHE|VIEUXPONT|VIEUXPONTVIEUXPONTVIEUXPONTVIEUXPONTVIEUXPONT891011121314de6ha13hTILLIERTILLIERTILLIERTILLIERTILLIERLACHARTRESUELESARENESde13ha20hRAOUXRAOUXRAOUXRAOUXRAOUXLACHARTREUSELESARENESde20ha6hSTCHRISTOPHE|VIEUXPONT|VIEUXPONTVIEUXPONT|VIEUXPONT|STCHRISTOPHE|STCHRISTOPHE15161718192021de6ha13hTILLIERTILLIERTILLIERTILLIERTILLIERLACHARTRESUELESARENESde13ha20hRAOUXRAOUXRAOUXRAOUXRAOUXLACHARTREUSELESARENESde20h\u00e06hSTCHRISTOPHE|VIEUXPONT|VIEUXPONTVIEUXPONTVIEUXPONTVIEUXPONTVIEUXPONT22232425262728de6h\u00e013hTILLIERTILLIERTILLIERTILLIERTILLIERLACHARTRESUELESARENESde13h\u00e020hRAOUXRAOUXRAOUXRAOUXRAOUXLACHARTREUSELESARENESde20h\u00e06hSTCHRISTOPHE|VIEUXPONT|VIEUXPONTVIEUXPONT|VIEUXPONT|STCHRISTOPHE|STCHRISTOPHE\n2930de6h\u00e013hTILLIERTILLIERde13h\u00e020hRAOUXRAOUXde20h\u00e06hSTCHRISTOPHE|VIEUXPONT\nAgence R\u00e9gionale de la Sant\u00e9- d\u00e9l\u00e9gation d\u00e9partementale du Gard - 30-2025-12-15-00002 - Arr\u00eat\u00e9 ARS Occitanie portant organisation\ndu tour d garde des transports sanitaires pour le  d\u00e9partement du  Gard -  1 er semestre 2026 23\nDEGH-14H_DE22H-06HDE6H-14HDE14H-22HDE22H-06HDE6H-14HDE14H-22HDE22H-06HDE14H-22HDE22H-06HlundiNABAIS6NABAISNABAIS\n12NABAIS_piace19GaNABAIS_NABAIS_YARNNABAIS\n13DNASAHAENABAIS_20NABAISNABAISsaABEND|NABAIS_NABAISpais__NABAISmercredi7NABAISNABAISNABAIS14NABAISNABAISPES.NAN28NABAISDNasalsNABAISNABAISNABAIS_vendredi.AA\n8NABAISNABAISNABAIS|15NABAISABRIS= NABAISAB29NABAISJames\n2\n3\nNABAIS9NABAIS16NABAIS_NABAIS23NABAIS_\u00a9NABAIS|OONABAIS_30VOSNABAISNABAISNABAISNABAIS10NABAIS_NABAIS__NABAIS17NABAISiiaNABAIS|24__NABAISNABAIS31NABAISNABAISAMONSNABAIS_N\u00c9SNABAS.NABSS18NABAIS\u2014NABAIS25NABAISNABAIS\u2014NABAIS\nAgence R\u00e9gionale de la Sant\u00e9- d\u00e9l\u00e9gation d\u00e9partementale du Gard - 30-2025-12-15-00002 - Arr\u00eat\u00e9 ARS Occitanie portant organisation\ndu tour d garde des transports sanitaires pour le  d\u00e9partement du  Gard -  1 er semestre 2026 24\nDE6H-14HDE14H-22HDE22H-06HDE6H-14H|DE14H-22DE22H-06HDE6H-14HDE14H-22HherbiDE6H-14HDE14H-22HDE22H-06fDE14H-22HDE22H-06HlundiNABAISpeel9_NABAISNABAISNABAIS16RARESNABAIS23NABAISNABAISNABAIS\n3NABAISNABAISNABAIS10NABAISNABAISNABAIS\nCALENDRIERDEGARDE2023SECTEUR6mercrediNABAISNABAISNAS11NABAISNABAISNU.182NABAIS___NABAIS_NABAIS___NABAISNABAISNABAIS-NABAISos.NABAISNABAISNABAIS=NABAISNABAISNABAISaNABAISNABAISNABAIS26NABAISNABAISNABAISFEVRIER2026vendredisamedi\n1dimancheAbas_NABAIS|NABAIS13NABAISNABAIS_NABAIS_NABAIS_20NABAISNABAISNABAIS27NABAISNABAISNABAISN'iCNIAMAICNABAI)NABAIS_NABAISNABAIS14FADAIO21__NABAIS_NABAIS28NABAISNABAISNABAIS\n8NABAIS_AALS15NABAISNABAIS22 OONABAISNABAISNABAIS_PASSAaa\nAgence R\u00e9gionale de la Sant\u00e9- d\u00e9l\u00e9gation d\u00e9partementale du Gard - 30-2025-12-15-00002 - Arr\u00eat\u00e9 ARS Occitanie portant organisation\ndu tour d garde des transports sanitaires pour le  d\u00e9partement du  Gard -  1 er semestre 2026 25\nDE6H-14HDE14H-22HDE6H-14HDE14H-22HDE22H-06HDE6H-14HDE14n-22HDE22H-06HDE22H-06HDE22H-06HDE14H-22HNABAIS_NABAISNABAIS9NABAISNABAISNABAIS16NABAISNABAISNABAIS23.NABAISNABAISNABAIS30NABAISNABAISNABAISmardiaNABAISNABAISNABAIS10NABAISNABAISNABAIS24dap2 CALENDRIERDEGARDE2023SECTEUR6lundimercredijeudi\n4|NABAISBuOc11NABAISNABAISNABAIS18NABAIS\n____NABAIS\n25NABAIS\u2014aasecamelNABAIS_NABAISiainNABAIS12NABAISNABAISNABAIS19NABAISNABAIS_NABAISNABAISNABAISNABAISmars-25vendredi|NABAIS\u00a9NABAISNABAIS13NABAIS||NABAISNABAISseNABAISNABAISNABAISNASsamedidimanche1\n7_NABAISNABAISNABAIS14NABAISNABAISns28NABAISNABAIS\u2014\nNABAISNABAIS.NABAISNABAISNABAIS\u2014NABAISNABAISNABAISNABAISmamaNABAIS29NABAIS\nAgence R\u00e9gionale de la Sant\u00e9- d\u00e9l\u00e9gation d\u00e9partementale du Gard - 30-2025-12-15-00002 - Arr\u00eat\u00e9 ARS Occitanie portant organisation\ndu tour d garde des transports sanitaires pour le  d\u00e9partement du  Gard -  1 er semestre 2026 26\navr-25vendredisamediCALENDRIERDEGARDE2023SECTEUR6lundimardimercredijeudidimanche\nDE22H-06HDE6H-14HDE14H-22HDE22H-06HDE6H-14HDE14H-22HDE22H-06HDE22H-06HDE22H-06HDE6H-14H\u2014DNABAIS\n6NABAISNABAISNABAIS13NABAISNABAISNABAIS20NABAISRSA27NABAIS_NABAISNABAIS\nENABAISNABAIS|NABAIS14NABAISNABAIS21NABAISNABAIS28NABAISNABAISNABAIS\n1NABAISSABA8NABAINABAISNABAIS15NABAISNABAIS22\u2014NABAIS29Re_NABAB\u2014NABAISan\n2NABAISNABAISsa.cas9NABAISNABAISNABAIS16NABAISNABAISNABAIS23NABAISdimb|NABAISNABAISNABAIS\n310NABAISNABAISNABAISNABAISNABAISNABAIS24 NABAIS.AE4NABAISsworeESi11NABAISNABAISNABAIS\u2014NABAISee25NABALSAB\n5NABAISNABAIS12NABAIS|NABAISNABAIS19NABAISNABAIS26NABAIShat\nAgence R\u00e9gionale de la Sant\u00e9- d\u00e9l\u00e9gation d\u00e9partementale du Gard - 30-2025-12-15-00002 - Arr\u00eat\u00e9 ARS Occitanie portant organisation\ndu tour d garde des transports sanitaires pour le  d\u00e9partement du  Gard -  1 er semestre 2026 27\nCALENDRIERDEGARDE2023SECTEUR6DE14n-22hDE6H-14HDE14H-22HDE22H-06HDE14H-22HDEacheDE6H-14HDE14H-22HDE22H-06HlundiaNABAISilNABAISNABAISNABAIS18NABAISNABAISNABAIS25NABAISNABAISNABAISmardi5NABAISNABAISNABAIS12NABAISNABAISNABAIS_19NABAIS26NABAISNABAISmercredi_NABAISNABAISNABAIS13|NABAISNABAISane2027NABAISNABAIS\ny\u00c0\nAiABAICweA1\nr\nNABAISNABAIS14NABAISNABAIS_NABAIS21NABAIS____NABAIS___NABAIS28NABAIS\u2014NABAISNABAIS\nANABAISNABAISNABAIS8NABAISNABAISNABAIS16NABAISNABAIS_NABAIS_22eenNABAISmai-26vendredisamedi2NABAIS|NABAISHARAS9NABAISNABAISNABAIS_16NABAISNABAISSNS23\n_NABAIS29NABAISNABAIScoBATS30NABAISNABAISNABAISdimanche3\u2014\u2014ae10NABAISNABAISNABAIS17NABAISNABAISNABAIS24eeeaesERnnaNABAISNABAIS\nAgence R\u00e9gionale de la Sant\u00e9- d\u00e9l\u00e9gation d\u00e9partementale du Gard - 30-2025-12-15-00002 - Arr\u00eat\u00e9 ARS Occitanie portant organisation\ndu tour d garde des transports sanitaires pour le  d\u00e9partement du  Gard -  1 er semestre 2026 28\nDE14H-22HDE22H-06HDE6H-14HDE22H-06HDE6H-14HDE22H-06HDE22H-06HDE22H-06HDE14H-22HDE14H-22HDE6H-14H\u2014lundi18NABAISNABAISNABAIS15_NABAISNABAISNABAIS2229rentsNABAISmardi2NABAISNABAISNABAISxNABAISNABAISNABAIS16NABAISNABAISNABAIS23NABAISNABAISmn30NABAISNABAIS\n|CALENDRIERDEGARDE2023SECTEUR6mercredi3NABAISjeudia\nMONS10apa\u2014NABAIS-ES17NABAISNABAISNABAISNABAIS\n11NABAISNABAISNABAIS18NABAISNABAISNABAIS25NABAISni.)HAASNBANABAIS_____NABAIS| 5NABAISShen_NABAISsamedi6\nNABAISdimanche7\n12NABAISNABAISNABAIS19NABAISNAAieNABAIS\u2014\u00a9NABAISNABAISNABAIS|13NABAISNABAIS2027\n14NABAISNABAIS21NABAISNABAISABA28ADO_NABAIS\u2014\u2014\u2014ES\nAgence R\u00e9gionale de la Sant\u00e9- d\u00e9l\u00e9gation d\u00e9partementale du Gard - 30-2025-12-15-00002 - Arr\u00eat\u00e9 ARS Occitanie portant organisation\ndu tour d garde des transports sanitaires pour le  d\u00e9partement du  Gard -  1 er semestre 2026 29\nCALENDRIERDESGARDESjanvier-26SECTEURN\u00b07BEAUCAIRERESPONSABLESECTEUR:AMBULANCESASSISTANCESERVICEM.LoieCAZZULOentreprise1AMBULANCESA.A.S04.66.59.12.3447entreprise2AMBULANCESJERRISE04.66.59.56.284entreprise3BEAUCAIREAMBULANCES04.66.59.09.597entreprise3AMBULANCESMISTRAL06.23.53.10.774LUNDIMARDIMERCREDIJEUDIVENDREDISAMEDIDIMANCHE12.34|AMBULANCES~AMBULARAMBULANCES_de6ha14hAAS_AASare=eede14h\u00e022hErer\nde22h\u00e06hde6h\u00e014hde14h\u00e022hde22h\u00e06hde6h\u00e014h+AS_1=AASde14ha22h:AASdirasenlear\u00c0AASAn\nde22h\u00e06h|23FETEEe)AMBULANCES[|AMBULAN|AMBULANCES|~AMBULANCES:de6h\u00e014hRERUEN:ee|neerrrTTtoe\nde22h\u00e06hde6h\u00e014hCASONPtsctune|ue\nde14h\u00e022hde22h\u00e06h\nAgence R\u00e9gionale de la Sant\u00e9- d\u00e9l\u00e9gation d\u00e9partementale du Gard - 30-2025-12-15-00002 - Arr\u00eat\u00e9 ARS Occitanie portant organisation\ndu tour d garde des transports sanitaires pour le  d\u00e9partement du  Gard -  1 er semestre 2026 30\nCALENDRIERDESGARDESf\u00e9vrier-26SECTEURN\u00b07BEAUCAIRERESPONSABLESECTEUR:AMBULANCESASSISTANCESERVICEM,LoieCAZZULOenrepriss2AMBULANCESJERRISErererientreprise3BEAUCAIREAMBULANCES04.66.59.09.5912entreprise3AMBULANCESMISTRAL06.23.53.10.7736:LUNDIMARDIMERCREDIJEUDIVENDREDISAMEDI.DIMANCHE1\nde6h\u00e014hde14h\u00e022hde22h=de6h\u00e014hde14h\u00e022hde22hserde14ha22hDNan\nde22h\u00e06h\n|:1120h\"2%2de6h\u00e014heesdsINdeAtade14ha22hLRENeeaede22h+de6h\u00e014hde14h\u00e022hde22h\u00e06h\nAgence R\u00e9gionale de la Sant\u00e9- d\u00e9l\u00e9gation d\u00e9partementale du Gard - 30-2025-12-15-00002 - Arr\u00eat\u00e9 ARS Occitanie portant organisation\ndu tour d garde des transports sanitaires pour le  d\u00e9partement du  Gard -  1 er semestre 2026 31\nCALENDRIERDESGARDESSECTEURN\u00b07RESPONSABLESECTEUR:entreprise1AMBULANCESA.A.Sentreprise2AMBULANCESJERRISEentreprise3.BEAUCAIREAMBULANCESentreprise3AMBULANCESMISTRALBEAUCAIREAMBULANCESASSISTANCESERVICEM.LoicCAZZULO04.66.59.12.344704.66.59.56.28404.66.59.09.59706.23.53.10.774MERCREDIJEUDIVENDREDImars-26SAMEDIDIMANCHE\nde6ha14hde14ha22hde22h\u00e06hde6h\u00e014hde14h\u00e022hde22h\u00e06hde6h\u00e014hde14h\u00e022hde22h\u00e06hde6h\u00e014hde14h\u00e022hde22h\u00e06h\n1\nde6h\u00e014hde14h\u00e022hde22h\u00e06h\n|\nde6h\u00e014hde14h\u00e022hde22h\u00e06h\nAgence R\u00e9gionale de la Sant\u00e9- d\u00e9l\u00e9gation d\u00e9partementale du Gard - 30-2025-12-15-00002 - Arr\u00eat\u00e9 ARS Occitanie portant organisation\ndu tour d garde des transports sanitaires pour le  d\u00e9partement du  Gard -  1 er semestre 2026 32\nCALENDRIERDESGARDESBEAUCAIRESECTEURN\u00b07RESPONSABLESECTEUR:AMBULANCESASSISTANCESERVICEM.LoieCAZZULOavril-26\nentreprise1AMBULANCESA.A.S04.66.59.12.3442entreprise2AMBULANCESJERRISE04.66.59.56.284entreprise3BEAUCAIREAMBULANCES04.66.59.09.5910entreprise3.AMBULANCESMISTRAL06.23.53.10.774LUNDIMARDIMERCREDIJEUDIVENDREDISAMEDIDIMANCHE||1234|5de6h\u00e014hne.:|\nde14h\u00e022hde22h\u00e06hde6h\u00e014hde14h\u00e022hde22h\u00e06hde6h\u00e014hbarreASeedusde14h\u00e022hriqueAEn\nde22h\u00e06h|212223242526|\"AMBULANCES|AMBULANCES|.NCES|AMBULANCES|AMBULANCESde6ha14hAAS|AAS.AS|LASde14h\u00e022hAASAASene\nde22ha6hde6h\u00e014hFER|satousromede14h\u00e022hprpdarentrent\"ane\nde22ha6h\nAgence R\u00e9gionale de la Sant\u00e9- d\u00e9l\u00e9gation d\u00e9partementale du Gard - 30-2025-12-15-00002 - Arr\u00eat\u00e9 ARS Occitanie portant organisation\ndu tour d garde des transports sanitaires pour le  d\u00e9partement du  Gard -  1 er semestre 2026 33\nCALENDRIERDESGARDESmai-26SECTEURN\u00b07BEAUCAIRERESPONSABLESECTEUR:AMBULANCESASSISTANCESERVICEM.LoicCAZZULOentreprise1AMBULANCESA.A.S04.66.59.12.3442entreprise2AMBULANCESJERRISE04.66.59.56.284entreprise3BEAUCAIREAMBULANCES04.66.59.09.5942entreprise3.AMBULANCESMISTRAL06.23.53.10.774LUNDIMARDIMERCREDIJEUDIVENDREDISAMEDIDIMANCHE\nde6h\u00e014hde22h\u00e06hde6h\u00e014hde14h\u00e022hde22h\u00e06hde6h\u00e014hde14h\u00e022hde22h\u00e06hde6h\u00e014hde14h\u00e022hde22h\u00e06hde14h\u00e022hpireRUme:Fa|44.\nde22h\u00e06h\nAgence R\u00e9gionale de la Sant\u00e9- d\u00e9l\u00e9gation d\u00e9partementale du Gard - 30-2025-12-15-00002 - Arr\u00eat\u00e9 ARS Occitanie portant organisation\ndu tour d garde des transports sanitaires pour le  d\u00e9partement du  Gard -  1 er semestre 2026 34\nCALENDRIERDESGARDESSECTEURN\u00b07RESPONSABLESECTEUR:BEAUCAIREAMBULANCESASSISTANCESERVICEM.LoicCAZZULOjuin-26\nentreprise1AMBULANCESA.A.S04.66.59.12.3447entreprise2AMBULANCESJERRISE04.66.59.56.280entreprise3BEAUCAIREAMBULANCES04.66.59.09,599entreprise3AMBULANCESMISTRAL06.23.53.10.774LUNDIMARDIMERCREDIJEUDIVENDREDISAMEDIDIMANCHE423457|AMBULANCES|AMBULANCESAMBULANCES|AMBULANCES|AMBULANCES|eeiAMBULANCESde6ha14hAAS_AAS_AASeeeAAS___AAS;AMBULANCESAMBULANCESAMBULANCESAMBULANCES|AMBULANCES|AMBULANCESAMBULANCESde14h\u00e022hAAS\u20141\"AASAASAASAAS|AASAAS\nde22h\u00e06h|1011A213AMBULANCES|LANCES|ES|AMBULANCde6h\u00e014heapeigeeibisrineeCaealtCarersAMBULANCES|AMBULANCES|AMBU|AMBULANCES|AMBULANCESde14h\u00e022hsyPinsRAGrelerres\nde22h\u00e06h|15161718192021|AMBULANCES|AMBULANCES|AMBULANCES_BULANCES|AMBULANCES|AMBULANCES|AMBULANCESde6ha14h__AAS_AAS\u2014AAS__ASAAS.=|.ARS_MISTRAL||AMBULANCES|AMBULANCES|AMBULANCLANCES|AMBULANCES|AMBULANCES|AMBULANCESde14ha22hAASAASv.AAS-RASEAASMISTRAL\nde22ha6h|2223|2425262728de6ha14hAASAASASAASAAS\nde14h\u00e022hde22ha6h|29ETAMBULANCE\"ANCESde6h\u00e014hAnsNesAMBULANAMBULANCESde14h\u00e022hpajaede22ha6h\nAgence R\u00e9gionale de la Sant\u00e9- d\u00e9l\u00e9gation d\u00e9partementale du Gard - 30-2025-12-15-00002 - Arr\u00eat\u00e9 ARS Occitanie portant organisation\ndu tour d garde des transports sanitaires pour le  d\u00e9partement du  Gard -  1 er semestre 2026 35\nSAMUJANVIER2026Date6h/14h14h/22h22h/6hVendredi2CAMEDICALLAMBU30LAVAUNAGECIGALENALundi5MEDICALLAMBU30MONTAURYMONTAURYOPPIDUMAMBU30Mardi6AMBU30MONTAURYCABOUILLARGUESMONTAURYAMBU30Mercredi7NIMESAMBUAMBU30MONTAURYOPPIDUMFranceMONTAURYJeudi8MONTAURYAMBU30CABOUILLARGUESMONTAURYAMBU30Vendredi9MONTAURYAMBU30CANALAVAUNAGEMONTAURYLundi12MONTAURYAMBU30CAMONTAURYLAVAUNAGEAMBU30Mardi13MONTAURYAMBU30CABOUILLARGUESMONTAURYLAVAUNAGEMercredi14MONTAURYJERRISEAMBU30FranceOPPIDUMMONTAURYJeudi15MONTAURYAMBU30CABOUILLARGUESMONTAURYOPPIDUMVendredi16MONTAURYAMBU30CACIGALENALAVAUNAGELundi19MONTAURYAMBU30MONTAURYMONTAURYOPPIDUMAMBU30Mardi20MONTAURYAMBU30MONTAURYMONTAURYAMBU30OPPIDUMMercredi21JERRISEMEDICALLMONTAURYFranceOPPIDUMMONTAURYJeudi22MONTAURYAMBU30CACENTREMONTAURYAMBU30Vendredi23MONTAURYAMBU30AMBU30CENTRENALAVAUNAGELundi26MONTAURYAMBU30AMBU30MONTAURYMONTAURYLAVAUNAGEMardi27MONTAURYAMBU30CABOUILLARGUESMONTAURYAMBU30Mercredi28JERRISEMEDICALLMONTAURYFranceOPPIDUMMONTAURYJeudi29MONTAURYAMBU30MONTAURYCENTREBOUILLARGUESMONTAURYVendredi30MONTAURYAMBU30CANALAVAUNAGEMONTAURY\nAgence R\u00e9gionale de la Sant\u00e9- d\u00e9l\u00e9gation d\u00e9partementale du Gard - 30-2025-12-15-00002 - Arr\u00eat\u00e9 ARS Occitanie portant organisation\ndu tour d garde des transports sanitaires pour le  d\u00e9partement du  Gard -  1 er semestre 2026 36\nSAMUFEVRIER2026Date6h/14h14h/22h22h/6hLundi2MEDICALLAMBU30MONTAURYMONTAURYAMBU30LAVAUNAGEMardi3AMBU30MONTAURYCABOUILLARGUESMONTAURYAMBU30Mercredi4CACIGALEMEDICALLFranceLAVAUNAGEMONTAURYJeudi5MONTAURYCIGALEMONTAURYBOUILLARGUESMONTAURYAMBU30Vendredi6MONTAURYCACIGALENALAVAUNAGEMONTAURYLundi9NIMESAMBUMONTAURYAMBU30MONTAURYAMBU30OPPIDUMMardi10MONTAURYAMBU30CABOUILLARGUESMONTAURYCIGALEMercredi11CIGALEMONTAURYJERRISEOPPIDUMFranceMONTAURYJeudi12MONTAURYAMBU30CACENTREBOUILLARGUESMONTAURYVendredi13AMBU30MONTAURYNIMESAMBUNACENTRELAVAUNAGELundi16MEDICALLMONTAURYCIGALEMONTAURYLAVAUNAGECIGALEMardi17MONTAURYCIGALECABOUILLARGUESMONTAURYAMBU30Mercredi18JERRISEAMBU30MONTAURYFranceOPPIDUMMONTAURYJeudi19MONTAURYAMBU30AMBU30CENTREBOUILLARGUESMONTAURYVendredi20NIMESAMBUMONTAURYAMBU30NACENTREOPPIDUMLundi23MEDICALLMONTAURYAMBU30MONTAURYAMBU30CAMardi24MONTAURYAMBU30MONTAURYBOUILLARGUESMONTAURYAMBU30Mercredi25JERRISEAMBU30NIMESAMBUFranceLAVAUNAGEMONTAURYJeudi26CENTREMONTAURYCIGALECENTREBOUILLARGUESMONTAURYVendredi27MONTAURYCIGALEMONTAURYNAOPPIDUMMONTAURY\nAgence R\u00e9gionale de la Sant\u00e9- d\u00e9l\u00e9gation d\u00e9partementale du Gard - 30-2025-12-15-00002 - Arr\u00eat\u00e9 ARS Occitanie portant organisation\ndu tour d garde des transports sanitaires pour le  d\u00e9partement du  Gard -  1 er semestre 2026 37\nSAMUMARS20266h/14h14h/22h22h/6hLundi2MONTAURYCAAMBU30MONTAURYAMBU30LAVAUNAGEMardi3MONTAURYAMBU30MONTAURYBOUILLARGUESMONTAURYAMBU30Mercredi4MONTAURYJERRISEMEDICALLLAVAUNAGEFranceMONTAURYJeudi>MONTAURYCACIGALEBOUILLARGUESMONTAURYCIGALEVendredi6MONTAURYCIGALEMEDICALLNAOPPIDUMMONTAURYLundi9MONTAURYAMBU30CAMONTAURYOPPIDUMCIGALEMardi10MONTAURYAMBU30MONTAURYBOUILLARGUESMONTAURYAMBU30Mercredi11MONTAURYJERRISEMEDICALLFranceLAVAUNAGEMONTAURYJeudi12MONTAURYAMBU30CABOUILLARGUESMONTAURYAMBU30Vendredi13MONTAURYMEDICALLAMBU30NACENTREOPPIDUMLundi16MONTAURYCIGALEMEDICALLMONTAURYAMBU30MONTAURYMardi17MONTAURYCIGALECABOUILLARGUESMONTAURYAMBU30Mercredi18NIMESAMBUAMBU30MONTAURYFranceLAVAUNAGEMONTAURYJeudi19MONTAURYAMBU30MONTAURYCENTREBOUILLARGUESMONTAURYVendredi20MONTAURYNIMESAMBUAMBU30NACENTREOPPIDUMLundi23MONTAURYMEDICALLAMBU30MONTAURYAMBU30LAVAUNAGEMardi24MONTAURYAMBU30CABOUILLARGUESMONTAURYAMBU30Mercredi25AMBU30JERRISEMONTAURYCIGALEFranceLAVAUNAGEJeudi26CENTREMONTAURYCIGALECENTREBOUILLARGUESMONTAURYVendredi27MONTAURYNIMESAMBUCIGALECIGALENAOPPIDUMLundi30MONTAURYAMBU30MONTAURYMONTAURYAMBU30OPPIDUMMardi31MONTAURYAMBU30MONTAURYBOUILLARGUESMONTAURYAMBU30\nAgence R\u00e9gionale de la Sant\u00e9- d\u00e9l\u00e9gation d\u00e9partementale du Gard - 30-2025-12-15-00002 - Arr\u00eat\u00e9 ARS Occitanie portant organisation\ndu tour d garde des transports sanitaires pour le  d\u00e9partement du  Gard -  1 er semestre 2026 38\nSAMUAVRIL2026\nDate6h/14h14h/22h22h/6hMercredilerMONTAURYCAAMBU30FranceLAVAUNAGEMONTAURYJeudi2MONTAURYCIGALEMONTAURYBOUILLARGUESMONTAURYAMBU30Vendredi3MONTAURYCAAMBU30CIGALEOPPIDUMNAMardi7MONTAURYAMBU30CABOUILLARGUESMONTAURYCIGALEMercredi8MONTAURYJERRISEAMBU30FranceLAVAUNAGEMONTAURYJeudi9MONTAURYAMBU30CABOUILLARGUESMONTAURYCIGALEVendredi10MONTAURYMONTAURYAMBU30NALAVAUNAGELACIGALELundi13MONTAURYCIGALEMEDICALLMONTAURYOPPIDUMAMBU30Mardi14MONTAURYCIGALECABOUILLARGUESMONTAURYAMBU30Mercredi15JERRISEAMBU30MONTAURYFranceLAVAUNAGEMONTAURYJeudi16MONTAURYAMBU30AMBU30BOUILLARGUESMONTAURYCAVendredi17MONTAURYNIMESAMBUAMBU30NACENTREOPPIDUMLundi20MONTAURYMEDICALLAMBU30MONTAURYAMBU30LAVAUNAGEMardi21MONTAURYAMBU30AMBU30BOUILLARGUESMONTAURYLAVAUNAGEMercredi22MEDICALLAMBU30MONTAURYFranceCIGALELAVAUNAGEJeudi23MONTAURYCIGALECACENTREBOUILLARGUESMONTAURYVendredi24MEDICALLMONTAURYCIGALENAOPPIDUMMONTAURYLundi27NIMESAMBUMONTAURYAMBU30MONTAURYLAVAUNAGEAMBU30Mardi28MONTAURYAMBU30CABOUILLARGUESMONTAURYCIGALEMercredi29MEDICALLJERRISEMONTAURYMONTAURYLAVAUNAGECIGALEJeudi30CENTREMONTAURYAMBU30CENTREBOUILLARGUESMONTAURY\nAgence R\u00e9gionale de la Sant\u00e9- d\u00e9l\u00e9gation d\u00e9partementale du Gard - 30-2025-12-15-00002 - Arr\u00eat\u00e9 ARS Occitanie portant organisation\ndu tour d garde des transports sanitaires pour le  d\u00e9partement du  Gard -  1 er semestre 2026 39\nSAMUMAI2026\nDate6h/14h14h/22h22h/6hLundi4AMBU30MEDICALLMONTAURYMONTAURYAMBU30OPPIDUMMardi5AMBU30MONTAURYCABOUILLARGUESMONTAURYAMBU30Mercredi6AMBU30MEDICALLMONTAURYCIGALELAVAUNAGECAJeudi7AMBU30MONTAURYMONTAURYBOUILLARGUESMONTAURYAMBU30Lundi11MONTAURYCIGALEMEDICALLMONTAURYCAAMBU30Mardi12MONTAURYCIGALEMONTAURYBOUILLARGUESMONTAURYCIGALEMercredi13MONTAURYJERRISEAMBU30FranceLAVAUNAGEMONTAURYVendredi15NIMESAMBUMONTAURYCIGALENAOPPIDUMCALundi18CENTREMEDICALLMONTAURYMONTAURYCIGALECAMardi19MONTAURYAMBU30CABOUILLARGUESMONTAURYAMBU30Mercredi20JERRISEAMBU30NIMESAMBUFranceOPPIDUMMONTAURYJeudi21MONTAURYAMBU30AMBU30CENTREBOUILLARGUESMONTAURYVendredi22MONTAURYAMBU30MEDICALLCENTRENALAVAUNAGEMardi26MONTAURYAMBU30MONTAURYBOUILLARGUESMONTAURYAMBU30Mercredi27AMBU30FranceMONTAURYFranceLAVAUNAGEMONTAURYJeudi28MONTAURYAMBU30AMBU30CENTREBOUILLARGUESMONTAURYVendredi29MONTAURYCIGALEMEDICALLCIGALENAOPPIDUM\nAgence R\u00e9gionale de la Sant\u00e9- d\u00e9l\u00e9gation d\u00e9partementale du Gard - 30-2025-12-15-00002 - Arr\u00eat\u00e9 ARS Occitanie portant organisation\ndu tour d garde des transports sanitaires pour le  d\u00e9partement du  Gard -  1 er semestre 2026 40\nSAMUJUIN2026\nDate6h/14h14h/22h22h/6hlundilerMONTAURYMEDICALLCAMONTAURYAMBU30MONTAURYmardi2MONTAURYCIGALEMONTAURYBOUILLARGUESMONTAURYAMBU30mercredi3MONTAURYMEDICALLAMBU30LAVAUNAGEMONTAURYCIGALEjeudi4MONTAURYCIGALECABOUILLARGUESMONTAURYCIGALEvendredi5MONTAURYNIMESAMBUAMBU30NALAVAUNAGECAlundi8MONTAURYMEDICALLAMBU30MONTAURYOPPIDUMAMBU30mardi9MONTAURYAMBU30CAMONTAURYAMBU30Francemercredi10MONTAURYAMBU30JERRISELAVAUNAGEMONTAURYAMBU30jeudi11MONTAURYAMBU30CAMONTAURYAMBU30LAVAUNAGEvendredi12MONTAURYMEDICALLCENTRENACENTREMEDICALLlundi15MONTAURYNIMESAMBUCIGALEMONTAURYCIGALELAVAUNAGEmardi16MONTAURYCIGALECAMONTAURYCIGALEMONTAURYmercredi17AMBU30JERRISEMONTAURYFranceLAVAUNAGEMONTAURYjeudi18MONTAURYCENTREAMBU30CIGALECENTREMONTAURYvendredi19MONTAURYAMBU30CACENTRENAOPPIDUMlundi22MONTAURYMEDICALLAMBU30MONTAURYMONTAURYAMBU30mardi23MONTAURYAMBU30MONTAURYBOUILLARGUESMONTAURYAMBU30mercredi24AMBU30JERRISEMONTAURYFranceLAVAUNAGEMONTAURYjeudi25CENTREMONTAURYCIGALECENTREBOUILLARGUESMONTAURYvendredi26MONTAURYNIMESAMBUCIGALECENTRENAOPPIDUMlundi29MONTAURYMEDICALLAMBU30MONTAURYOPPIDUMAMBU30mardi30MONTAURYAMBU30MONTAURYBOUILLARGUESMONTAURYAMBU30\nAgence R\u00e9gionale de la Sant\u00e9- d\u00e9l\u00e9gation d\u00e9partementale du Gard - 30-2025-12-15-00002 - Arr\u00eat\u00e9 ARS Occitanie portant organisation\ndu tour d garde des transports sanitaires pour le  d\u00e9partement du  Gard -  1 er semestre 2026 41\nCALENDRIERDESGARDESSECTEURN\u00b010ResponsabledusecteurFranckDEFONTE06.20.94.52.60JANVIER2026\nDARDRCREDDDRED.\u00bbDIMA\noSemaine1234De6H\u00e014h00AMBU30MONDIALAMBU30DUMASDe14h\u00e022h00LUPIABYSSESABYSSESABYSSESDe22h\u00e006h00MIDIMIDISTGILLESMIDISemaine567891011De6H\u00e014h00DUMOULINDUMOULINMONDIALMONDIALDUMOULINMONDIALVANGHOHDe14h\u00e022h00DUMOULINDUMOULINABYSSESDUMOULINABYSSESABYSSESVANGHOHDe22ha06h00DUMASSOLEILMIDISTGILLESSOLEILVANGHOHMIDISemaine12131415161718De6H\u00e014h00MONDIALMONDIALMONDIALMONDIALAMBU30SOLEILLUPIDe14ha22h00LUPILUPIABYSSESLUPIABYSSESABYSSESABYSSESDe22h\u00e006h00DUMASMIDISTGILLESSOLEILMIDIMIDISTGILLESSemaine19202122232425De6H\u00e014h00MONDIALDUMOULINDUMOULINAMBU30ABCDUMOULINVANGHOH|De14h\u00e022h00DUMOULINDUMOULINMONDIALLUPIABCABYSSESVANGHOHDe22h\u00e006h00DUMASSOLEILMIDIMIDISTGILLESVANGHOHDUMASSemaine262728293031.De6H\u00e014h00ABCABCDUMOULINMONDIALAMBU30MONDIALDe14h\u00e022h00ABCABCAMBU30LUPIABYSSESABYSSESDe22h\u00e006h00DUMASSOLEILMIDIMIDISTGILLESVANGHOH\nAgence R\u00e9gionale de la Sant\u00e9- d\u00e9l\u00e9gation d\u00e9partementale du Gard - 30-2025-12-15-00002 - Arr\u00eat\u00e9 ARS Occitanie portant organisation\ndu tour d garde des transports sanitaires pour le  d\u00e9partement du  Gard -  1 er semestre 2026 42\nCALENDRIERDESGARDESSECTEURN\u00b010ResponsabledusecteurFranckDEFONTE06.20.94.52.60FEVRIER2026MERCREDIVENDREDISAMEDIDIMANCHESemaine1De6H\u00e014h00LUPIDe14h\u00e022h00ABYSSESDe22h\u00e006h00SOLEILSemaine23a5678De6H\u00e014h00ABCAMBU30MONDIALMONDIALDUMOULINABCVANGHOHDe14h\u00e022h00ABCLUPIABYSSESLUPIABYSSESABYSSESVANGHOHDe22h\u00e006h00DUMASMIDIMIDISTGILLESMIDIVANGHOHMIDISemaine9101112131415De6H\u00e014h00DUMOULINDUMOULINDUMOULINMONDIALAMBU30SOLEILVANGHOHDe14\u00e026h00DUMOULINDUMOULINAMBU30DUMOULINABYSSESABYSSES__ABYSSESDe22h\u00e006h00DUMASSTGILLESSOLEILMIDIMIDISTGILLESDUMASSemaine16171819202122De6H\u00e014h00ABCDUMOULINMONDIALMONDIALDUMOULINMONDIALVANGHOHDe14h\u00e022h00DUMOULINMONDIALABCDUMOULINDUMOULINABYSSESVANGHOHDe22h\u00e006h00DUMASSOLEILMIDIMIDISTGILLESVANGHOHMIDISemaine232425262728De6H\u00e014h00MONDIALMONDIALAMBU30MONDIALAMBU30MONDIALDe14h\u00e022h00LUPILUPIABYSSESABYSSESABYSSESABYSSESDe22h\u00e006h00DUMASSOLEILMIDISTGILLESSOLEILMIDI\nAgence R\u00e9gionale de la Sant\u00e9- d\u00e9l\u00e9gation d\u00e9partementale du Gard - 30-2025-12-15-00002 - Arr\u00eat\u00e9 ARS Occitanie portant organisation\ndu tour d garde des transports sanitaires pour le  d\u00e9partement du  Gard -  1 er semestre 2026 43\nCALENDRIERDESGARDESSECTEURN\u00b010ResponsabledusecteurFranckDEFONTE06.20.94.52.60MARS2026\n[Heures|MERCREDIVENDREDIDIMANCHESemaine1De6H\u00e014h00DUMASDe14h\u00e022h00ABYSSESDe22h\u00e006h00STGILLESSemaine2345678De6H\u00e014h00ABCDUMOULINMONDIALMONDIALDUMOULINAMBU30VANGHOHDe14h\u00e022h00ABCDUMOULINABYSSESAMBU30ABYSSESABYSSESVANGHOHDe22h\u00e006h00DUMASMIDIMIDISTGILLESSOLEILVANGHOHMIDISemaine9101112491415De6H\u00e014h00MONDIALDUMOULINDUMOULINMONDIALMONDIALLUPILUPIDe14h\u00e022h00ABCDUMOULINABYSSESABCAMBU30ABYSSESABYSSESDe22h\u00e006h00DUMASMID!MIDISTGILLESSOLEILMIDIMIDISemaine16171819202122De6H\u00e014h00MONDIALAMBU30MONDIALMONDIALDUMOULINABCVANGHOHDe14h\u00e022h00LUPILUPIABYSSESLUPIAMBU30ABYSSESVANGHOHDe22h\u00e006h00DUMASSTGILLESSOLEILMIDIMIDIVANGHOHMIDISemaine23242526272829De6H\u00e014h00ABCDUMOULINDUMOULINMONDIALABYSSESSOLEILVANGHOHDe14h\u00e022h00LUPIMONDIALMONDIALLUPIAMBU30ABYSSESABYSSESDe22h\u00e006h00DUMASSTGILLESSOLEILMIDIMIDISOLEILMIDISemaine3031De6H\u00e014h00DUMOULINDUMOULINDe14h\u00e022h00DUMOULINMONDIALDe22h\u00e006h00DUMASSTGILLES\nAgence R\u00e9gionale de la Sant\u00e9- d\u00e9l\u00e9gation d\u00e9partementale du Gard - 30-2025-12-15-00002 - Arr\u00eat\u00e9 ARS Occitanie portant organisation\ndu tour d garde des transports sanitaires pour le  d\u00e9partement du  Gard -  1 er semestre 2026 44\nCALENDRIERDESGARDESSECTEURN\u00b010ResponsabledusecteurFranckDEFONTE06.20.94.52.60\nAVRIL2026MERCREDIVENDREDISemaine1234De6H\u00e014h00MONDIALMONDIALDUMOULINMONDIALDUMASDe14h\u00e022h00ABYSSESABCDUMOULINABYSSESABYSSESDe22h\u00e006h00MIDIMIDISTGILLESSTGILLESVANGHOHSemaine6789101112De6H\u00e014h00MONDIALAMBU30MONDIALMONDIALMONDIALSOLEILVANGHOHDe14h\u00e022h00|ABYSSESLUPIABYSSESLUPIABYSSESABYSSESVANGHOHDe22h\u00e006h00DUMASSOLEILMIDIMIDISTGILLESVANGHOHSOLEILSemaine43141516171819De6H\u00e014h00DUMOULINDUMOULINMONDIALDUMOULINABCAMBU30VANGHOHDe14h\u00e022h00DUMOULINDUMOULINAMBU30LUPIABCABYSSESVANGHOHDe22h\u00e006h00DUMASSOLEILMIDIMIDISTGILLESVANGHOHMIDISemaine20212223242526De6H\u00e014h00ABCDUMOULINDUMOULINMONDIALABYSSESMONDIALABYSSESDe14h\u00e022h00ABCDUMOULINMONDIALABCMONDIALABYSSESLUPIDe22h\u00e006h00DUMASSOLEILMIDIMIDISTGILLESSTGILLESMIDISemaine27282930De6H\u00e014h00DUMOULINDUMOULINAMBU30AMBU30De14h\u00e022h00LUPIAMBU30ABYSSESLUPIDe22h\u00e006h00DUMASSOLEILMIDIMIDI\nAgence R\u00e9gionale de la Sant\u00e9- d\u00e9l\u00e9gation d\u00e9partementale du Gard - 30-2025-12-15-00002 - Arr\u00eat\u00e9 ARS Occitanie portant organisation\ndu tour d garde des transports sanitaires pour le  d\u00e9partement du  Gard -  1 er semestre 2026 45\nCALENDRIERDESGARDESSECTEURN\u00b010ResponsableMAI2026\ndusecteurFranckDEFONTE06.20.94.52.60aaee,eSrer,BARDRCRED\u00bbDREDABDIMASemaine123De6Ha14h00DUMOULINAMBU30VANGHOHDe14h\u00e022h00ABYSSESABYSSESABYSSESDe22h\u00e006h00MIDIMIDIDUMASSemaine45678910De6Ha14h00DUMOULINDUMOULINMONDIALAMBU30MONDIALAMBU30VANGHOHDei4ha@22h00|DUMOULINLUPIABYSSESDUMOULINABYSSESABYSSESVANGHOHDe22ha06h00DUMASSTGILLESSOLEILMIDIMIDIVANGHOHSTGILLESSemaine14121314151617De6Ha14h00DUMOULINDUMOULINMONDIALDUMOULINDUMOULINABCVANGHOHDe14h\u00e022h00MONDIALDUMOULINABCDUMOULINAMBU30ABYSSESVANGHOHDe22h\u00e006h00DUMASSOLEILMIDIMIDISTGILLESVANGHOHSTGILLESSemaine18192021222324De6H\u00e014h00MONDIALMONDIALMONDIALMONDIALMONDIALMONDIALABYSSESDe14h\u00e022h00LUPILUPIABYSSESLUPILUPIABYSSESLUPIDe22h\u00e006h00DUMASSOLEILMIDIMIDISTGILLESSOLEILDUMASSemaine25262728293031De6H\u00e014h00ABCABCMONDIALMONDIALDUMOULINSOLEILABYSSESDe14h\u00e022h00ABYSSESABCABCAMBU30AMBU30ABYSSESLUPIDe22ha06h00DUMASSOLEILMIDIMIDISTGILLESMIDIMIDI\nAgence R\u00e9gionale de la Sant\u00e9- d\u00e9l\u00e9gation d\u00e9partementale du Gard - 30-2025-12-15-00002 - Arr\u00eat\u00e9 ARS Occitanie portant organisation\ndu tour d garde des transports sanitaires pour le  d\u00e9partement du  Gard -  1 er semestre 2026 46\nCALENDRIERDESGARDESSECTEURN\u00b010Responsable\nJUIN2026\nduSecteurFranckDEFONTE06.20.94.52.60DNEeeDARDRCREDDDREDAMEDDIMA\nQSemaine1234567De6Ha14h00MONDIALDUMOULINDUMOULINMONDIALAMBU30ABYSSESABYSSESDe14ha22h00LUPIDUMOULINABCDUMOULINABYSSESABYSSESDUMASDe22h\u00e006h00DUMASDUMIDIDUMIDISTGILLESSOLEILDUMIDIDUMIDISemaine891011124314De6H\u00e014h00MONDIALAMBU30MONDIALMONDIALDUMOULINAMBU30VANGHOHDe14h\u00e022h00|LUPILUPIABYSSESLUPIABYSSESABYSSESVANGHOHDe22ha06h00DUMASDUMIDISTGILLESSOLEILDUMIDIVANGHOHDUMIDISemaine15161718192021De6H\u00e014h00DUMOULINDUMOULINMONDIALAMBU30ABYSSESSOLEILVANGHOHDe14h\u00e022h00DUMOULINMONDIALABYSSESDUMOULINMONDIALABYSSESVANGHOHDe22h\u00e906h00DUMASDUMIDISTGILLESSOLEILDUMIDIVANGHOHDUMIDISemaine22232425262728De6H\u00e014h00ABCABCDUMOULINMONDIALDUMOULINABCABYSSESDe14h\u00e022h00ABCABCMONDIALDUMOULINMONDIALABYSSESLUPIDe22h\u00e006h00DUMASSTGILLESSOLEILDUMIDIMIDISTGILLLESSTGILLESSemaine2930De6H\u00e014h00MONDIALAMBU30De14h\u00e022h00LUPILUPIDUMASSOLEILDe22h\u00e006h00\nAgence R\u00e9gionale de la Sant\u00e9- d\u00e9l\u00e9gation d\u00e9partementale du Gard - 30-2025-12-15-00002 - Arr\u00eat\u00e9 ARS Occitanie portant organisation\ndu tour d garde des transports sanitaires pour le  d\u00e9partement du  Gard -  1 er semestre 2026 47\nDirection territoriale de la protection judiciaire\nde la jeunesse - Gard et Loz\u00e8re (DTPJJ) (Nimes 30)\n30-2025-12-17-00022\nArr\u00eat\u00e9 portant modification de l'autorisation du\nLVA \"Maison Heureuse\"\nDirection territoriale de la protection judiciaire de la jeunesse - Gard et Loz\u00e8re (DTPJJ) (Nimes 30) - 30-2025-12-17-00022 - Arr\u00eat\u00e9\nportant modification de l'autorisation du LVA \"Maison Heureuse\" 48\nPREFET spDU GARD GARD\nFraternit\u00e9 -La Pr\u00e9sidenteDirection Territoriale de la Protection Judiciaire Direction G\u00e9n\u00e9rale Adjointe Des Solidarit\u00e9sde la Jeunesse Gard-Loz\u00e8re Direction Enfance et Petite EnfanceService de l'offre d'accueil6, rue du Mail Etablissementset Services Sociauxet M\u00e9dico-SociauxCS 94002 de la Protection de L'enfance30918 Nimes Cedex 2 3 rue Guillemette30044 N\u00eemes c\u00e9dex 9Affaire suivie par Rachid ZARI Affaire suivie par : Gwenola ADELIS& : 04 34 22 27 00 @ : 06 73 88 67 46courriel : dtpjj-nimes@justice.fr courriel : gwenola.adelis@gard.fr\n. ARRETEportant modification de l'autorisation duLieu de vie et d'accueil \u00ab MAISON HEUREUSE\u00bb \u00e0 Vicq le Fesq\nLE PREFET DU GARD LA PRESIDENTEChevalier de la L\u00e9gion d'honneur DU CONSEIL DEPARTEMENTALChevalier de l'ordre national de M\u00e9rite\nVu le code de l'action sociale et des familles (CASF) ;Vu le code civil et notamment ses articles 375 et suivants,Vu le code de la justice p\u00e9nale des mineurs,Vu le code g\u00e9n\u00e9ral des collectivit\u00e9s territoriales,Vu la loi n\u00b0 2002-2 du 2 janvier 2002 r\u00e9novant l'action sociale et m\u00e9dico-sociale,Vu le d\u00e9cret n\u00b0 2004-1444 du 23 d\u00e9cembre 2004 relatif aux conditions techniques minimalesd'organisation et de fonctionnement des lieux de vie et d'accueil mentionn\u00e9s au II de l'article L312-1 du code de l'action sociale et des familles,Vu l'arr\u00eat\u00e9 conjoint de la Pr\u00e9fecture du Gard et du Conseil d\u00e9partemental du Gard n\u00b02022-DEPE-77du 11 janvier 2023 portant renouvellement du l'autorisation du Lieu de Vie et d'Accueil\u00ab MAISON HEUREUSE \u00bb a Vicq Le Fesq d'une capacit\u00e9 de 5 places pour l'accueil de jeunes 13\u00e0 18 ans,Vu la d\u00e9lib\u00e9ration n\u00b003 du Conseil d\u00e9partemental en date du 18 novembre 2022, adoptant le Sch\u00e9mad\u00e9partemental des Solidarit\u00e9s Sociales 2022-2027, et plus particuli\u00e8rement, l'orientation n\u00b01 dusch\u00e9ma - Bien grandir \u00ab A chaque \u00e2ge, au plus pr\u00e8s des besoins des enfants \u00bb dont l'objectifstrat\u00e9gique est de \u00ab R\u00e9pondre \u00e0 tous les besoins de tous les enfants confi\u00e9s \u00e0 l'Aide sociale \u00e0l'enfance \u00bb, au travers du d\u00e9veloppement de l'offre d'accueil afin d'avoir une \u00ab solution pourchaque enfant \u00bb,\nDirection territoriale de la protection judiciaire de la jeunesse - Gard et Loz\u00e8re (DTPJJ) (Nimes 30) - 30-2025-12-17-00022 - Arr\u00eat\u00e9\nportant modification de l'autorisation du LVA \"Maison Heureuse\" 49\nConsid\u00e9rant le courrier en date du 7 juillet 2025 de Mr Vanmunster, responsable du Lieu de Vie etd'Accueil \u00ab MAISON HEUREUSE \u00bb sollicitant une modification de son autorisation,Consid\u00e9rant la visite du lieu de vie et d'accueil par la Protection Judiciaire de la Jeunesse Gard-Loz\u00e8rele 21 octobre 2025,Consid\u00e9rant l'avis favorable de la Protection Judiciaire de la Jeunesse Gard-Loz\u00e9re et du Conseild\u00e9partemental du Gard,Consid\u00e9rant que les conditions d'h\u00e9bergement permettent l'accueil de 6 jeunes de 8 \u00e0 21 ans,Sur proposition du Secr\u00e9taire G\u00e9n\u00e9ral de la Pr\u00e9fecture du Gard et du Directeur G\u00e9n\u00e9ral des Servicesdu D\u00e9partement,ARR\u00caTENTArticle 1\u00b0 : La capacite du Lieu de vie et d'accueil \u00ab MAISON HEUREUSE \u00bb situ\u00e9 a Vic leFesq 30260, 56 Grand rue, est fix\u00e9e \u00e0 6 places dont 1 place r\u00e9serv\u00e9e \u00e0 l'accueil de jeunes dansle cadre d'un relais.Article 2 : Cette structure est destin\u00e9e \u00e0 accueillir des jeunes mineurs ou majeurs mixtes de 8 \u00e021 ans, relevant de l'article L.222-5 du Code de l'action sociale et des familles, de l'article 375du Code Civil et du Code de la justice p\u00e9nale des mineurs.Article 3 : Ces jeunes peuvent pr\u00e9senter des troubles de la personnalit\u00e9 et du comportement,sont en situation de rupture familiale, de placement, scolaire ou de formation, connaissent desdifficult\u00e9s d'int\u00e9gration sociale et ne sont pas en mesure de s'inscrire dans l'imm\u00e9diat dans lesdispositifs et circuits existants.Article 4 : Le lieu de vie propose des s\u00e9jours de rupture (de 3 mois renouvelable une fois) \u00e0 desmineurs d\u00e9scolaris\u00e9s et leur permet de marquer une pause.Article 5 : Les caract\u00e9ristiques de l'\u00e9tablissement mentionn\u00e9 \u00e0 l'article 1 sont r\u00e9pertori\u00e9s aur\u00e9pertoire FINESS comme suit :\n| Capacit\u00e9Lieu devie | N\u00b0FINESS | Cat\u00e9gorie | picipiine | _ Mode de Client\u00e8le | totaleEtablissement fonctionnementautoris\u00e9e912MAISON es. [800] - [804]HEUREUSE . Enfants,56 Grand rue [462] LOS [11] Adolescents :. 300016094 | : protection H\u00e9bergement : jeunes de30260 Vic le Lieux de vie et jeunesde complet Internat , 8 \u00e0 21 ansFesq , majeurs ASEl'enfance et PI\nDirection territoriale de la protection judiciaire de la jeunesse - Gard et Loz\u00e8re (DTPJJ) (Nimes 30) - 30-2025-12-17-00022 - Arr\u00eat\u00e9\nportant modification de l'autorisation du LVA \"Maison Heureuse\" 50\nArticle 6 : Conform\u00e9ment \u00e0 l'arr\u00eat\u00e9 conjoint n\u00b0 2022-DEPE-77 de la Pr\u00e9fecture du Gard et duConseil d\u00e9partemental du Gard en date du 11 janvier 2023 portant renouvellement del'autorisation du Lieu de Vie et d' Accueil \u00ab MAISON HEUREUSE \u00bb, la validit\u00e9 de la pr\u00e9senteautorisation est fix\u00e9e 4 15 ans 4 compter du 11 janvier 2023, soit jusqu'au 10 janvier 2038.Article 7 : En applications des dispositions du III de l'article R. 314-36 du code de l'actionsociale et des familles, le pr\u00e9sent arr\u00e9t\u00e9 sera publi\u00e9 au recueil des actes administratifs de laPr\u00e9fecture et publi\u00e9 sur le site internet du Conseil d\u00e9partemental du Gard.Article 8 : Les recours \u00e9ventuels contre le pr\u00e9sent arr\u00e9t\u00e9 doivent \u00e9tre introduits dans le d\u00e9lai dedeux mois \u00e0 compter de sa notification ou de sa publication et adress\u00e9s aupr\u00e8s de l'instancesuivante : .Tribunal Administratif de Nimes16 avenue Feuch\u00e8res30941 N\u00eemesArticle 9 : Monsieur le Secr\u00e9taire G\u00e9n\u00e9ral de la Pr\u00e9fecture du Gard, Monsieur le DirecteurG\u00e9n\u00e9ral des Services du D\u00e9partement, Monsieur le Responsable du Lieu de Vie et d'Accueilsont charg\u00e9s chacun en ce qui les concerne de l'ex\u00e9cution du pr\u00e9sent arr\u00eat\u00e9.\nFait \u00e0 N\u00eemes, le\nLe Pr\u00e9fet La Pr\u00e9sidente du Conseil D\u00e9partemental\n~-\nURENLPERRIGOT\nDirection territoriale de la protection judiciaire de la jeunesse - Gard et Loz\u00e8re (DTPJJ) (Nimes 30) - 30-2025-12-17-00022 - Arr\u00eat\u00e9\nportant modification de l'autorisation du LVA \"Maison Heureuse\" 51\nDirection territoriale de la protection judiciaire\nde la jeunesse - Gard et Loz\u00e8re (DTPJJ) (Nimes 30)\n30-2025-12-17-00020\nARRETE PORTANT TARIFICATION 2025\nDirection territoriale de la protection judiciaire de la jeunesse - Gard et Loz\u00e8re (DTPJJ) (Nimes 30) - 30-2025-12-17-00020 - ARRETE\nPORTANT TARIFICATION 2025 52\nEuPREFETDU GARDLibert\u00e9 E =\u00c9galit\u00e9Fraternit\u00e9\nDirection Territoriale de la Protection Judiciaire Direction G\u00e9n\u00e9rale Adjointe Des Solidarit\u00e9sde la Jeunesse Gard-Loz\u00e8re Direction Enfance et Petite EnfanceService de l'offre d'accueil6, rue du Mail Etablissements et Services Sociaux et M\u00e9dico-SociauxCS 94002 de ia Protection de L'enfance3 rue Guillemette 30044 N\u00eemes c\u00e9dex 9Affaire suivie par : St\u00e9phanie LA ROCCA@ : 04 66 05 41 15courriel : stephanie.larocca@gard.fr\n30918 Nimes Cedex 2Affaire suivie par Rachid ZARI@ : 04 34 22 27 00courriel : dtpjj-nimes@justice.fr\nARRETEportant tarification 2025MECS LE MAS CAVAILLACMoli\u00e9res-Cavaillac\nLE PREFET DU GARD LA PRESIDENTEChevalier de la L\u00e9gion d'honneur DU CONSEIL DEPARTEMENTALChevalier de l'ordre national de M\u00e9rite\nVU le code de l'action sociale et des familles, notamment les articles L. 314-7-IV bis, R. 314-35, R 314-38 et R 314-108,VU Je code civil et notamment ses articles 375 et suivants,VU le code de la justice p\u00e9nale des mineurs,VU le code g\u00e9n\u00e9ral des collectivit\u00e9s territoriales,VU le d\u00e9cret n\u00b0 2025-135 du 14 f\u00e9vrier 2025 pris en application de l'article 44 de la loi organiquen\u00b0 2001-692 du ler ao\u00fbt 2001 au titre de la loi n\u00b0 2025-127 du 14 f\u00e9vrier 2025 de finances pour2025,VU l'arr\u00eat\u00e9 conjoint en date du 27 d\u00e9cembre 2016 portant renouvellement de l'autorisation de la MECSLE MAS CAVAILLAC, g\u00e9r\u00e9e par l'Association \u00ab ASSOCIATION EDUCATIVE DU MASCAVAILLAC \u00bb,VU l'arr\u00eat\u00e9 pr\u00e9fectoral du 6 mai 2022, portant renouvellement de l'habilitation justice del'\u00e9tablissement,VU l'arr\u00eat\u00e9 Conjoint en date du 31 octobre 2013, autorisant l'Association \u00ab ASSOCIATIONEDUCATIVE DU MAS CAVAILLAC \u00bb \u00e0 exercer des mesures d'Action Educative en MilieuOuvert selon une modalit\u00e9 renforc\u00e9e,VU la d\u00e9lib\u00e9ration n\u00b003 du Conseil d\u00e9partemental en date du 18 novembre 2022, adoptant le Sch\u00e9mad\u00e9partemental des Solidarit\u00e9s Sociales 2022-2027, et plus particuli\u00e8rement, l'orientation n\u00b01 dusch\u00e9ma - Bien grandir \u00ab A chaque \u00e2ge, au plus pr\u00e8s des besoins des enfants \u00bb dont l'objectifstrat\u00e9gique est de \u00ab R\u00e9pondre \u00e0 tous les besoins de tous les enfants confi\u00e9s \u00e0 l'Aide sociale \u00e0\nDirection territoriale de la protection judiciaire de la jeunesse - Gard et Loz\u00e8re (DTPJJ) (Nimes 30) - 30-2025-12-17-00020 - ARRETE\nPORTANT TARIFICATION 2025 53\nl'enfance \u00bb, au travers du d\u00e9veloppement de I' offre d'accueil afin d'avoir une \u00ab solution pour chaqueenfant \u00bb,VU la d\u00e9lib\u00e9ration n\u00b05 de la s\u00e9ance pl\u00e9ni\u00e8re du Conseil d\u00e9partemental du Gard en date du 10 janvier2025 adoptant le budget primitif principal 2025,VU les documents budg\u00e9taires et comptables pr\u00e9sent\u00e9s par la personne ayant qualit\u00e9 pour repr\u00e9senterl'\u00e9tablissement ci-apr\u00e8s,CONSIDERANT que la proc\u00e9dure contradictoire a \u00e9t\u00e9 respect\u00e9e,SUR RAPPORT du Directeur Territorial de la Protection Judiciaire de la Jeunesse Gard Loz\u00e8re et duDirecteur G\u00e9n\u00e9ral Adjoint charg\u00e9 des Solidarit\u00e9s ;SUR PROPOSITION du Secr\u00e9taire G\u00e9n\u00e9ral de la Pr\u00e9fecture du Gard et du Directeur G\u00e9n\u00e9ral des\nArticle 1\u00b0 :\nServices du D\u00e9partement,\nARRETENT\nPour l'exercice budg\u00e9taire 2025 les d\u00e9penses et les recettes pr\u00e9visionnelles sont autoris\u00e9es comme suit :Pour la section internat, SAPMN et Accueil de jour\nGroupes fonctionnels Montants Totalen Euros en EurosGroupe ID\u00e9penses aff\u00e9rentes \u00e0 l'exploitation courante 120 671,00: Groupe II :D\u00e9penses D\u00e9penses aff\u00e9rentes au personnel 954 465,00 1411 854,00Groupe III :D\u00e9penses aff\u00e9rentes \u00e0 la structure TESGroupe I:Produits de la tarification LRGroupe II:Recon Autres produits relatifs \u00e0 l'exploitation 0,00 lMn6S4-00Groupe III :Produits financiers et produits non encaissables 26 094,00Pour la section AEMO de la MECS Mas CavaillacGroupes fonctionnels Montants Totalen Euros en EurosGroupe ID\u00e9penses aff\u00e9rentes \u00e0 l'exploitation courante eseD\u00e9penses ig Ht . 504 060,00 629 937,00D\u00e9penses aff\u00e9rentes au personnelGroupe III : \u00e0D\u00e9penses aff\u00e9rentes \u00e0 la structure 89 513,00Groupe I:Produits de la tarification S2ES 00Groupe II :IOCERIES Autres produits relatifs \u00e0 l'exploitation 0,00 629 937,00Groupe III : 0.00Produits financiers et produits non encaissables ?\nPage 2 sur 4\nDirection territoriale de la protection judiciaire de la jeunesse - Gard et Loz\u00e8re (DTPJJ) (Nimes 30) - 30-2025-12-17-00020 - ARRETE\nPORTANT TARIFICATION 2025 54\nArticle 2 :Le montant total du r\u00e9sultat repris est: 0,00 \u20acArticle 3 :Pour l'exercice budg\u00e9taire 2025, la dotation annuelle de prix de journ\u00e9e globalis\u00e9e de la MECS LE MASCAVAILLAC due pour les ressortissants gardois de l'\u00e9tablissement est fix\u00e9e \u00e0 1 385 760,00 \u20acLe versement de cette dotation sera effectu\u00e9 par douzi\u00e8mes mensuels, soit 115 480,00 \u20ac, le vingti\u00e8me jourdu mois, ou si ce jour n'est pas ouvr\u00e9, le dernier jour ouvr\u00e9 pr\u00e9c\u00e9dent cette date.Pour l'exercice budg\u00e9taire 2025, la dotation annuelle de prix de journ\u00e9e globalis\u00e9e du service AEMO /AEMOR de la MECS LE MAS CAVAILLAC due pour les ressortissants gardois de l'\u00e9tablissement estfix\u00e9e \u00e0 629 937,00 \u20ac.Le versement de cette dotation sera effectu\u00e9 par douzi\u00e8mes mensuels, soit 52 494,75 \u20ac, le vingti\u00e8me jourdu mois, ou si ce jour n'est pas ouvr\u00e9, le dernier jour ouvr\u00e9 pr\u00e9c\u00e9dent cette date.La tarification des prestations de la MECS LE MAS CAVAILLAC est fix\u00e9e comme suit :Montant du prix de journ\u00e9epour les d\u00e9partements Montant annuel Montantext\u00e9rieurs et pour les de la dotation | mensuel deType de prestation aiements effectu\u00e9s par la PJJ globale la dotationPrix de | Prix de journ\u00e9e Gard globaleJourn\u00e9e au 1 d\u00e9cembre Gardmoyen 2025 2025Action \u00e9ducative en h\u00e9bergement 188.46 \u20ac 188.46\u20ac(internat)Action \u00e9ducative en SAPMN 68,24 \u20ac 68.24\u20ac | 138576000\u20ac| |? 820Accueil de jour 99,70 \u20ac 100.35\u20acAction Educative en Milieu OuvertAction Educative \u00e0 Domicile 18,97 \u20ac Eee; ; 7\" 629 937,00 \u20ac| 52 494,75 \u20acAction Educative en Milieu OuvertAction Educative 4 Domicile 26,86 \u20ac 27.65\u20acmodalit\u00e9 renforc\u00e9e\nArticle 4 :Ces tarifs, dont la date d'effet est pr\u00e9cis\u00e9e ci-dessus ont \u00e9t\u00e9 calcul\u00e9s conform\u00e9ment \u00e0 l'article R.314-35 duC.AS.F.Article 5 :Conform\u00e9ment aux dispositions des articles L. 314-7-IV bis, R. 314-35 et R. 314-38 du Code de l'ActionSociale et des Familles, dans le cas o\u00f9 les tarifs de l'\u00e9tablissement n'auraient pas \u00e9t\u00e9 arr\u00eat\u00e9s avant le 1\u00b0janvier 2026, la tarification en vigueur jusqu'alors sera reconduite sous r\u00e9serve de modifications apport\u00e9esult\u00e9rieurement par la Pr\u00e9sidente du Conseil d\u00e9partemental.Article 6 :\u00c0 compter du 1* janvier 2026, les prix de journ\u00e9e opposables aux d\u00e9partements ext\u00e9rieurs seront ceuxcorrespondant aux prix de Journ\u00e9e moyens 2025.Article 7 :Les recours \u00e9ventuels contre le pr\u00e9sent arr\u00eat\u00e9 doivent \u00eatre introduits dans un d\u00e9lai de 2 mois \u00e0 compter desa notification ou de sa publication et adress\u00e9s aupr\u00e8s de l'instance suivante :Tribunal administratif de Toulouse68 Rue Raymond IV Page 3 sur 4\nDirection territoriale de la protection judiciaire de la jeunesse - Gard et Loz\u00e8re (DTPJJ) (Nimes 30) - 30-2025-12-17-00020 - ARRETE\nPORTANT TARIFICATION 2025 55\nB.P. 700731068 Toulouse Cedex 07Article 8 :Une copie du pr\u00e9sent arr\u00eat\u00e9 sera notifi\u00e9e \u00e0 l'\u00e9tablissement ou au service concern\u00e9.Article 9 :En application des dispositions du III de l'article R.314-36 du C.A.S.F., le ou les tarifs fix\u00e9s \u00e0 l'article 3 dupr\u00e9sent arr\u00eat\u00e9 seront publi\u00e9s au recueil des actes administratifs de la Pr\u00e9fecture et sur le site internet duConseil D\u00e9partemental du Gard.Article 10 :Le Secr\u00e9taire G\u00e9n\u00e9ral de la Pr\u00e9fecture, le Directeur Territorial de la Protection Judiciaire de la JeunesseGard Loz\u00e8re, la Pr\u00e9sidente du Conseil D\u00e9partemental, la Payeuse D\u00e9partementale, Monsieur le Pr\u00e9sidentdu Conseil d'Administration de l'Etablissement, sont charg\u00e9s, chacun en ce qui le concerne, de l'ex\u00e9cutiondu pr\u00e9sent arr\u00eat\u00e9.\nFait \u00e0 Nimes, le 2 4 [AA 2025\nLE PREFET DU GARD LA PRESIDENTE DU CONSEIL DEPARTEMENTALDU YARDLe Pr\u00e9fet du Gard\nPage 4 sur 4\nDirection territoriale de la protection judiciaire de la jeunesse - Gard et Loz\u00e8re (DTPJJ) (Nimes 30) - 30-2025-12-17-00020 - ARRETE\nPORTANT TARIFICATION 2025 56\nDirection territoriale de la protection judiciaire\nde la jeunesse - Gard et Loz\u00e8re (DTPJJ) (Nimes 30)\n30-2025-12-17-00021\nARRETE PORTANT TARIFICATION 2025\nDirection territoriale de la protection judiciaire de la jeunesse - Gard et Loz\u00e8re (DTPJJ) (Nimes 30) - 30-2025-12-17-00021 - ARRETE\nPORTANT TARIFICATION 2025 57\nPREFETDU GARDLibert\u00e9\u00c9galit\u00e9Fraternit\u00e9\nDirection Territoriale de la Protection Judiciaire Direction G\u00e9n\u00e9rale Adjointe Des Solidarit\u00e9sde la Jeunesse Gard-Loz\u00e8re Direction Enfance et Petite EnfanceService de l'offre d'accueil6, rue du Mail Etablissements et Services Sociaux et M\u00e9dico-SoclauxCS 94002 de la Protection de L'enfance30918 Nimes Cedex 2 3 rue Guillemette 30044 N\u00eemes c\u00e9dex 9Affaire suivie par Rachid ZARI Affaire suivie par : St\u00e9phanie LA ROCCA@ : 04 34 22 27 00 & : 04 66 05 41 15courriel : dtpj-nimes@justice.fr courriel : stephanie.larocca@gard.fr\nARRETEportant tarification 2025MECS CLARENCEBagardLE PREFET DU GARD LA PRESIDENTEChevalier de la L\u00e9gion d'honneur DU CONSEIL DEPARTEMENTALChevalier de Pordre national de M\u00e9rite\nle code de l'action sociale et des familles, notamment les articles L. 314-7-IV bis, R. 314-35, R 314-38 et R 314-108,\na\nle code civil et notamment ses articles 375 et suivants,le code de la justice p\u00e9nale des mineurs,le code g\u00e9n\u00e9ral des collectivit\u00e9s territoriales,\nada\u00e9ale d\u00e9cret n\u00b0 2025-135 du 14 f\u00e9vrier 2025 pris en application de l'article 44 de la loi organiquen\u00b0 2001-692 du ler ao\u00fbt 2001 au titre de la loi n\u00b0 2025-127 du 14 f\u00e9vrier 2025 de finances pour2025,VU l'arr\u00eat\u00e9 n\u00b0 30/2016/12/27/014 en date du 27 d\u00e9cembre 2016, portant renouvellement de l'autorisationde la MECS CLARENCE, g\u00e9r\u00e9e par l'Association \u00ab CLAR-TES \u00bb,\n\u00a3l'arr\u00eat\u00e9 pr\u00e9fectoral du 1\u00b0 juillet 2025, portant renouvellement de l'habilitation justice del'\u00e9tablissement,VU l'arr\u00eat\u00e9 Conjoint en date du 31 octobre 2013, autorisant I' Association \u00ab CLAR-TES \u00bb \u00e0 exercer desmesures d'Action Educative en Milieu Ouvert selon une modalit\u00e9 renforc\u00e9e,VU l'arr\u00eat\u00e9 n\u00b0 30-2022-04-08-00010 de la Pr\u00e9sidente du Conseil d\u00e9partemental et de Madame la Pr\u00e9f\u00e8tedu Gard en date du 8 avril 2022, accordant des cr\u00e9dits suppl\u00e9mentaires \u00e0 la MECS LUMIERE ETJOIE \u00e0 N\u00eemes pour la prise en charge de mesures SAPMN sur ce territoire, pour un an, du lerJanvier au 31 d\u00e9cembre 2025,\nDirection territoriale de la protection judiciaire de la jeunesse - Gard et Loz\u00e8re (DTPJJ) (Nimes 30) - 30-2025-12-17-00021 - ARRETE\nPORTANT TARIFICATION 2025 58\nVU la d\u00e9lib\u00e9ration n\u00b003 du Conseil d\u00e9partemental en date du 18 novembre 2022, adoptant le Sch\u00e9mad\u00e9partemental des Solidarit\u00e9s Sociales 2022-2027, et plus particuli\u00e8rement, l'orientation n\u00b01 dusch\u00e9ma - Bien grandir \u00ab A chaque \u00e2ge, au plus pr\u00e8s des besoins des enfants \u00bb dont l'objectifstrat\u00e9gique est de \u00ab R\u00e9pondre \u00e0 tous les besoins de tous les enfants confi\u00e9s \u00e0 |'Aide sociale \u00e0l'enfance \u00bb, au travers du d\u00e9veloppement de |' offre d'accueil afin d'avoir une \u00ab solution pour chaqueenfant \u00bb,VU la d\u00e9lib\u00e9ration n\u00b05 de la s\u00e9ance pl\u00e9ni\u00e8re du Conseil d\u00e9partemental du Gard en date du 10 janvier2025 adoptant le budget primitif principal 2025,VU les documents budg\u00e9taires et comptables pr\u00e9sent\u00e9s par la personne ayant qualit\u00e9 pour repr\u00e9senterl'\u00e9tablissement ci-apr\u00e8s,CONSIDERANT que la proc\u00e9dure contradictoire a \u00e9t\u00e9 respect\u00e9e,SUR RAPPORT du Directeur Territorial de la Protection Judiciaire de la Jeunesse Gard Loz\u00e8re et duDirecteur G\u00e9n\u00e9ral Adjoint charg\u00e9 des Solidarit\u00e9s ;SUR PROPOSITION du Secr\u00e9taire G\u00e9n\u00e9ral de la Pr\u00e9fecture du Gard et du Directeur G\u00e9n\u00e9ral desServices du D\u00e9partement,\nARRETENT\nArticle 1\u00b0\" :Pour l'exercice budg\u00e9taire 2025 les d\u00e9penses et les recettes pr\u00e9visionnelles sont autoris\u00e9es comme suit :- Global mecsGroupes fonctionnels Montants Totalen Euros en EurosGroupe |D\u00e9penses aff\u00e9rentes \u00e0 l'exploitation courante 624 393,00D\u00e9penses [Orompelle 4489 956,00} 5588 284,00D\u00e9penses aff\u00e9rentes au personnelGroupe III :D\u00e9penses aff\u00e9rentes a la structure 473 935,00GroupeI :Produits de la tarification 5443 245,00Groupe II :Recettes Autres produits relatifs \u00e0 l'exploitation 123 500,00 5388 284,00Groupe II :Produits financiers et produits non encaissables 21 539,00service AEMO/AEMORGroupes fonctionnels Montants Totalen Euros en EurosGroupe ID\u00e9penses aff\u00e9rentes \u00e0 l'exploitation courante SOS UC: Groupe II: =D\u00e9penses D\u00e9penses aff\u00e9rentes au personnel 576 445,00 646 830,00Groupe III :D\u00e9penses aff\u00e9rentes \u00e0 la structure 23 582,00Groupe I:Produits de la tarification 1S 272.00Groupe II : ceRecestes Autres produits relatifs \u00e0 l'exploitation 1551,96 646 830,00Groupe III: 0.00Produits financiers et produits non encaissables ? Page 2 sur 4\nDirection territoriale de la protection judiciaire de la jeunesse - Gard et Loz\u00e8re (DTPJJ) (Nimes 30) - 30-2025-12-17-00021 - ARRETE\nPORTANT TARIFICATION 2025 59\nArticle 6 :A compter du 1\u00b0 janvier 2026, les prix de journ\u00e9e opposables aux d\u00e9partements ext\u00e9rieurs seront ceuxcorrespondant aux prix de journ\u00e9e moyens 2025.Article 7 :En compl\u00e9ment de la dotation annuelle de prix de journ\u00e9e globalis\u00e9e due pour les ressortissants gardois del'\u00e9tablissement, le versement d'une dotation exceptionnelle de 110 000 \u20ac (frais annexes compris) estallou\u00e9e \u00e0 la MECS CLARENCE, destin\u00e9e \u00e0 la prise en charge de nouvelles mesures SAPMN sur leterritoire d'Al\u00e8s, pour une p\u00e9riode d'un an, du 1\u00b0\" janvier 2025 au 31 d\u00e9cembre 2025Article 8 :Les recours \u00e9ventuels contre le pr\u00e9sent arr\u00eat\u00e9 doivent \u00eatre introduits dans un d\u00e9lai de 2 mois \u00e0 compter desa notification ou de sa publication et adress\u00e9s aupr\u00e8s de l'instance suivante :Tribunal administratif de Toulouse68 Rue Raymond IVB.P. 700731068 Toulouse Cedex 07Article 9 :Une copie du pr\u00e9sent arr\u00eat\u00e9 sera notifi\u00e9e \u00e0 l'\u00e9tablissement ou au service concern\u00e9.Article 10 :En application des dispositions du II] de l'article R.3 14-36 du C.A.S.F., le ou les tarifs fix\u00e9s \u00e0 l'article 3 dupr\u00e9sent arr\u00eat\u00e9 seront publi\u00e9s au recueil des actes administratifs de la Pr\u00e9fecture et sur le site internet duConseil D\u00e9partemental du Gard.Article 11 :Le Secr\u00e9taire G\u00e9n\u00e9ral de la Pr\u00e9fecture, le Directeur Territorial de la Protection Judiciaire de la JeunesseGard Loz\u00e8re, la Pr\u00e9sidente du Conseil D\u00e9partemental, la Payeuse D\u00e9partementale, Monsieur le Pr\u00e9sidentdu Conseil d' Administration de l'Etablissement, sont charg\u00e9s, chacun en ce qui le concerne, de l'ex\u00e9cutiondu pr\u00e9sent arr\u00eat\u00e9.\nFait \u00e0 Nimes, le 24/10(202S\nLE PREFET DU GARD LA PRESIDENTE DU CONSEIL DEPARTEMENTALDU S ARD\nPage 4 sur 4\nDirection territoriale de la protection judiciaire de la jeunesse - Gard et Loz\u00e8re (DTPJJ) (Nimes 30) - 30-2025-12-17-00021 - ARRETE\nPORTANT TARIFICATION 2025 60\nArticle 2 :Le montant total du r\u00e9sultat repris est: 0,00 \u20acArticle 3 : ,Pour l'exercice budg\u00e9taire 2025, la dotation annuelle de prix de journ\u00e9e globalis\u00e9e de la MECSCLARENCE due pour les ressortissants gardois de l'\u00e9tablissement est fix\u00e9e \u00e0 5 443 245,00 \u20acLe versement de cette dotation sera effectu\u00e9 par douzi\u00e8mes mensuels, soit 453 603,75 \u20ac, le vingti\u00e8me jourdu mois, ou si ce jour n'est pas ouvr\u00e9, le dernier jour ouvr\u00e9 pr\u00e9c\u00e9dent cette date.Pour l'exercice budg\u00e9taire 2025, la dotation annuelle de prix de journ\u00e9e globalis\u00e9e du service AEMO /AEMOR de la MECS CLARENCE due pour les ressortissants gardois de l'\u00e9tablissement est fix\u00e9e \u00e0645 279,00 \u20ac.Le versement de cette dotation sera effectu\u00e9 par douzi\u00e8mes mensuels, soit 53 773,25 \u20ac, le vingti\u00e8me jourdu mois, ou si ce jour n'est pas ouvr\u00e9, le dernier jour ouvr\u00e9 pr\u00e9c\u00e9dent cette date.\nLa tarification des prestations de la MECS CLARENCE est fix\u00e9e comme suit :Montant du prix de journ\u00e9epour les d\u00e9partements Montant de la | Montant annuel Montantext\u00e9rieurs et pour les dotation de la dotation | mensuel de laType de prestation paiements effectu\u00e9s par la PJJ Gard globale dotationPrix de | Prix de journ\u00e9e Gard globalejourn\u00e9e au 1FR Par section Gardmoyen 2025 | d\u00e9cembre 2025Action \u00e9ducative en h\u00e9bergement 207,31 \u20ac 207,31\u20ac | 2443 388.04 \u20ac(internat)Action \u00e9ducative en SAPMN 55,62 \u20ac 55,62 \u20ac 588 785,20 \u20acAccueil de jour 121,46 \u20ac 121,46 \u20ac 307 902,60 \u20acH\u00e9bergement externalis\u00e9(Majeurs) 90,07 \u20ac 90,07 \u20ac 281 121,83 \u20ac| 5443245,00\u20ac| 453 603,75 \u20acpoe eee eae 184,77 \u20ac 184,77\u20ac | 932917,76\u20ac(Re Cr\u00e9ation)piece! Beats Hetitanis 107,99 \u20ac 107,99\u20ac | 523749,03 \u20ac(Accueil Familles)SAPMN (0 \u00e0 6 ans) 113,54 \u20ac 113,54 \u20ac 0,00 \u20acAction Educative en Milieu OuvertAction Educative \u00e0 Domicile 11,23 \u20ac DER PME. : 7 645279,00\u20ac| 53 773.25 \u20acAction Educative en Milieu OuvertAction Educative 4 Domicile 26,88 \u20ac 26,88 \u20ac 235 494,57 \u20acmodalit\u00e9 renforc\u00e9e\nArticle d :Ces tarifs, dont la date d'effet est pr\u00e9cis\u00e9e ci-dessus ont \u00e9t\u00e9 calcul\u00e9s conform\u00e9ment \u00e0 l'article R.314-35 duC.A.S.F.Article 5 :Conform\u00e9ment aux dispositions des articles L. 314-7-IV bis, R. 314-35 et R. 314-38 du Code de l'ActionSociale et des Familles, dans le cas o\u00f9 les tarifs de l'\u00e9tablissement n'auraient pas \u00e9t\u00e9 arr\u00eat\u00e9s avant le 1\u00b0\u00b0janvier 2026, la tarification en vigueur jusqu'alors sera reconduite sous r\u00e9serve de modifications apport\u00e9esult\u00e9rieurement par la Pr\u00e9sidente du Conseil d\u00e9partemental.Page 3 sur 4\nDirection territoriale de la protection judiciaire de la jeunesse - Gard et Loz\u00e8re (DTPJJ) (Nimes 30) - 30-2025-12-17-00021 - ARRETE\nPORTANT TARIFICATION 2025 61\nPrefecture du Gard\n30-2025-12-17-00023\nArr\u00eat\u00e9 N\u00b030-2025-12-17-00023\nportant interdiction des rassemblements festifs \u00e0\ncaract\u00e8re musical et interdiction de circulation\ndes poids lourds transportant du mat\u00e9riel de\nsons \u00e0 destination d'un rassemblement festif \u00e0\ncaract\u00e8re musical non autoris\u00e9 dans le\nd\u00e9partement du Gard\ndu vendredi 19 d\u00e9cembre au lundi 22 d\u00e9cembre\n2025\nPrefecture du Gard - 30-2025-12-17-00023 - Arr\u00eat\u00e9 N\u00b030-2025-12-17-00023\nportant interdiction des rassemblements festifs \u00e0 caract\u00e8re musical et interdiction de circulation des poids lourds transportant du\nmat\u00e9riel de sons \u00e0 destination d'un rassemblement festif \u00e0 caract\u00e8re musical non autoris\u00e9 dans le d\u00e9partement du Gard\ndu vendredi 19 d\u00e9cembre au lundi 22 d\u00e9cembre 2025\n62\nCabinetad \u00abM Direction des s\u00e9curit\u00e9sDU GARD Service d'animation des politiques de s\u00e9curit\u00e9 int\u00e9rieureLibert\u00e9Egalit\u00e9Fraternit\u00e9\nArr\u00eat\u00e9 N\u00b030-2025-12-portant interdiction des rassemblements festifs \u00e0 caract\u00e8re musical et interdiction decirculation des poids lourds transportant du mat\u00e9riel de sons \u00e0 destination d'unrassemblement festif \u00e0 caract\u00e8re musical non autoris\u00e9 dans le d\u00e9partement du Garddu vendredi 19 d\u00e9cembre au lundi 22 d\u00e9cembre 2025Le Pr\u00e9fet,Chevalier de la L\u00e9gion d'Honneur,Officier de l'Ordre national du M\u00e9rite,Vu le Code de la s\u00e9curit\u00e9 int\u00e9rieure, notamment ses articles L.211-1, L.211-5 et suivants,L.211-15, R.211-2 et suivants et R.211-27 et suivants;Vu le Code de la route ;Vu le Code de la voirie routi\u00e9re ;Vu le Code g\u00e9n\u00e9ral de collectivit\u00e9s territoriales, notamment son article L.2215-1 ;Vu le Code p\u00e9nal, notamment son article 431-9;Vu le d\u00e9cret n\u00b02025-723 du 30juillet 2025 modifiant le d\u00e9cret n\u00b02004-374 du 29 avril 2004modifi\u00e9 relatif aux pouvoirs des pr\u00e9fets \u00e0 l'organisation et \u00e0 l'action des services de l'\u00c9tatdans les r\u00e9gions et les d\u00e9partements ;Vu le d\u00e9cret du Pr\u00e9sident de la R\u00e9publique du 13 juillet 2023, nommantMonsieur J\u00e9r\u00f4me BONET, pr\u00e9fet du Gard;Vu l'arr\u00eat\u00e9 pr\u00e9fectoral n\u00b030-2024-10-18-00007 du 18 octobre 2024 donnant d\u00e9l\u00e9gation designature a Monsieur Emile SOUMBO, sous-pr\u00e9fet de l'arrondissement d'Al\u00e9s ;Vu l'arr\u00eat\u00e9 pr\u00e9fectoral n\u00b030-2024-10-18-00008 du 18 octobre 2024 donnant d\u00e9l\u00e9gation designature \u00e0 Madame Anne LEVASSEUR, sous-pr\u00e9f\u00e8te de l'arrondissement du Vigan ;Vu l'arr\u00eat\u00e9 pr\u00e9fectoral n\u00b030-2024-10-18-00009 du 18 octobre 2024 donnant d\u00e9l\u00e9gation designature \u00e0 Madame Marie-Charlotte EUVRARD, sous-pr\u00e9f\u00e8te, directrice de cabinet dupr\u00e9fet du Gard ;Vu l'arr\u00eat\u00e9 pr\u00e9fectoral n\u00b030-2024-10-18-00005 du 18 octobre 2024 donnant d\u00e9l\u00e9gation designature \u00e0 Monsieur Yann GERARD, secr\u00e9taire g\u00e9n\u00e9ral de la pr\u00e9fecture du Gard,sous-pr\u00e9fet de l'arrondissement de N\u00eemes ;Vu l'arr\u00eat\u00e9 pr\u00e9fectoral n\u00b030-2024-10-18-00006 du 18 octobre 2024 donnant d\u00e9l\u00e9gation designature \u00e0 Monsieur Mathias NIEPS, sous-pr\u00e9fet, charg\u00e9 de mission aupr\u00e8s du pr\u00e9fet duGard, secr\u00e9taire g\u00e9n\u00e9ral adjoint de la pr\u00e9fecture du Gard;Vu l'arr\u00eat\u00e9 minist\u00e9riel du 16 avril 2021 relatif \u00e0 l'interdiction de circulation des v\u00e9hicules detransports de marchandises \u00e0 certaines p\u00e9riodes;\nPrefecture du Gard - 30-2025-12-17-00023 - Arr\u00eat\u00e9 N\u00b030-2025-12-17-00023\nportant interdiction des rassemblements festifs \u00e0 caract\u00e8re musical et interdiction de circulation des poids lourds transportant du\nmat\u00e9riel de sons \u00e0 destination d'un rassemblement festif \u00e0 caract\u00e8re musical non autoris\u00e9 dans le d\u00e9partement du Gard\ndu vendredi 19 d\u00e9cembre au lundi 22 d\u00e9cembre 2025\n63\nVu l'instruction minist\u00e9rielle du 16 juillet 2021 relative aux mesures \u00e0 mettre en \u0153uvre dansle cas de rassemblements festifs de jeunes de type festivals (tout type de musique) ou derassemblementsfestifs de type free party;Vu l'arr\u00eat\u00e9 pr\u00e9fectoral du 31 ao\u00fbt 2012 relatif \u00e0 l'emploi du feu dans le d\u00e9partement duGard ;Vu l'arr\u00eat\u00e9 pr\u00e9fectoral du 8 janvier 2013 relatif au d\u00e9broussaillement r\u00e9glementaire destin\u00e9\u00e0 diminuer l'intensit\u00e9 des incendies de for\u00eat et \u00e0 en limiter la propagation dans led\u00e9partement du Gard ;Consid\u00e9rant que selon les \u00e9l\u00e9ments d'informations disponibles, notamment lesinformations recueillies aupr\u00e8s des services de la Police Nationale, de la GendarmerieNationale du Gard, des rassemblements festifs a caract\u00e9re musical de type rave-party sontsusceptibles de regrouper plusieurs milliers de participants, sont a pr\u00e9voir dans led\u00e9partement du Gard;Consid\u00e9rant que plusieurs rassemblements festifs a caract\u00e9re musical de type rave-party;teknival, multi-sons, se sont d\u00e9roul\u00e9s partout sur le territoire national et que, notammentdans le d\u00e9partement du Gard, 4 rassemblements ont \u00e9t\u00e9 recens\u00e9s en 2023 et 1 en 2024 ;Consid\u00e9rant qu'un rassemblement musical ill\u00e9gal s'est tenu dans le d\u00e9partement du Garddu 19 au 22 avril 2025 r\u00e9unissant 3000 festivaliers, le risque qu'un tel \u00e9v\u00e9nement sereproduise sur le d\u00e9partement du Gard est par cons\u00e9quent av\u00e9r\u00e9 ;Consid\u00e9rant que des effectifs des forces de l'ordre ont \u00e9t\u00e9 pris a partie et bless\u00e9s lors de laprise de contact avec les organisateurs du rassemblement ill\u00e9gal du 19 au 22 avril 2025 ;Consid\u00e9rant qu'un rassemblement musical ill\u00e9gal regroupant 10 000 personnes s'est tenudans le d\u00e9partement du Lot du 7 au 11 mai 2025;Consid\u00e9rant qu'un rassemblement musical ill\u00e9gal regroupant environ 200 personnes s'esttenu dans le d\u00e9partement de la Loz\u00e8re du 29 mai 2025 occasionnant des heurts avec lesagriculteurs, n\u00e9cessitant l'intervention des forces de l'ordre ;Consid\u00e9rant qu'un rassemblement musical ill\u00e9gal regroupant environ 3000 personnes s'esttenu dans le d\u00e9partement de l'H\u00e9rault du 6 au 9 juin 2025 ;Consid\u00e9rant qu'un rassemblement musical ill\u00e9gal regroupant jusqu'\u00e0 12 000 personness'est tenu dans le d\u00e9partement de la Loz\u00e8re du 12 au 14 juillet 2025 ; qu'il a \u00e9t\u00e9 d\u00e9nombr\u00e953 bless\u00e9s l\u00e9gers, 41 personnes en urgence relative et une en urgence absolue;Consid\u00e9rant qu'un rassemblement musical ill\u00e9gal regroupant 1200 personnes s'est tenudans le d\u00e9partement de la Dr\u00f4me du 1\u00b0 au 4 ao\u00fbt 2025 dans un parc \u00e9olien, sur une zoneclass\u00e9e \u00ab zone naturelle d'int\u00e9r\u00eat \u00e9cologique, faunistique et floristique \u00bb ;Consid\u00e9rant qu'un rassemblement musical ill\u00e9gal regroupant 2500 personnes s'est tenudans le d\u00e9partement de l'Aude du 29 au 31 ao\u00fbt 2025 dans sur une zone class\u00e9e \u00ab Natura2000 \u00bbzone ayant subi des incendies en aovt 2025 ;Consid\u00e9rant qu'un rassemblement musical ill\u00e9gal s'est tenu du 27 au 28 septembre 2025dans le d\u00e9partement de l'H\u00e9rault;\nPrefecture du Gard - 30-2025-12-17-00023 - Arr\u00eat\u00e9 N\u00b030-2025-12-17-00023\nportant interdiction des rassemblements festifs \u00e0 caract\u00e8re musical et interdiction de circulation des poids lourds transportant du\nmat\u00e9riel de sons \u00e0 destination d'un rassemblement festif \u00e0 caract\u00e8re musical non autoris\u00e9 dans le d\u00e9partement du Gard\ndu vendredi 19 d\u00e9cembre au lundi 22 d\u00e9cembre 2025\n64\nConsid\u00e9rant qu'un rassemblement musical ill\u00e9gal s'est tenu du 11 au 12 octobre 2025dans le d\u00e9partement de l'H\u00e9rault ;Consid\u00e9rant l'installation, au cours de la nuit du samedi 29 au dimanche 30 novembre2025, d'un rassemblement festif non autoris\u00e9 se tenant sur le site de la salle de spectacleL'Usine, situ\u00e9e sur le territoire de la commune d'lstres (Bouches-du-Rh\u00f4ne) et ayantentrain\u00e9 des blessures sur 9 fonctionnaires de police ;Consid\u00e9rant que sur les dates concern\u00e9es par l'\u00e9v\u00e9nement projet\u00e9, les forces de l'ordre etles services de secours seront particuli\u00e8rement mobilis\u00e9s sur des \u00e9v\u00e9nementsconcomitants, notamment :Course \u2014 10\u00b0\" Ronde des P\u00e8res No\u00ebl \u00e0 Uz\u00e8s le 19 d\u00e9cembre,Aramon f\u00eate No\u00ebl le 19 d\u00e9cembre,No\u00ebl d'Antan \u00e0 Aimargues le 19 d\u00e9cembre,Grand march\u00e9 de No\u00ebl \u00e0 Bagnols-sur-C\u00e8ze le 19 d\u00e9cembre,Run & Smile \u00e0 Saint-Christol-l\u00e8s-Al\u00e8s le 19 d\u00e9cembre,F\u00eate des lumi\u00e8res \u00e0 Garrigues-Sainte-Eulalie le 19 d\u00e9cembre,Parade \u00ab Le man\u00e8ge enchant\u00e9 \u00bb \u00e0 Bagnols-sur-C\u00e9ze le 20 d\u00e9cembre,D\u00e9gustation et march\u00e9 de No\u00ebl \u00e0 Vauvert le 20 d\u00e9cembre,Brocantes de No\u00ebl \u00e0 Aigues-Mortes le 20 d\u00e9cembre,Les March\u00e9s de No\u00ebl \u00e0 Saint-Jean-du-Gard et Salindres le 20 d\u00e9cembre,\u00c9co-trail du patrimoine \u00e0 Rousson le 20 d\u00e9cembre,Parade des peluches \u00e0 Villeneuve-lez-Avignon le 20 d\u00e9cembre,March\u00e9 des saveurs \u00e0 Saint-Chaptes le 20 d\u00e9cembre,Le Grau No\u00ebl : balade en cal\u00e8che avec le p\u00e8re No\u00ebl au Grau-du-Roi le 21 d\u00e9cembre,Parade \u00ab What Elfes \u00bb \u00e0 Bagnols-sur-C\u00e8ze le 21 d\u00e9cembre,Spectacle son et lumi\u00e8re sur les fa\u00e7ades de l'h\u00f4tel de ville de Bagnols-sur-C\u00e8ze le 21d\u00e9cembre,Pastorale de Liouc 2025 le 21 d\u00e9cembre,La cr\u00e8che proven\u00e7ale de No\u00ebl 19\u00b0\" \u00e9dition \u00e0 Comps du 20 novembre au 21 d\u00e9cembre,Le march\u00e9 de No\u00ebl d'Origin \u00e0 Villeneuve-lez-Avignon du 24 novembre au 24 d\u00e9cembre,Le march\u00e9 de No\u00ebl \u00e0 N\u00eemes du 28 novembre au 4 janvier,Le 2\u00b0\"% Salon Santons, cr\u00e8ches et paysages \u00e0 Pont-Saint-Esprit du 29 novembre au 21d\u00e9cembre,Le No\u00ebl \u00e0 Al\u00e8s du 03 au 24 d\u00e9cembre,Le No\u00ebl enchant\u00e9 de Saint-Gilles du 06 au 31 d\u00e9cembre,No\u00ebl aux Bourgades \u00e0 Uz\u00e8s du 10 au 24 d\u00e9cembre,Patinoire & F\u00eate Foraine \u2014 40\u00b0\"\u00b0 \u00e9dition \u00e0 Uz\u00e8s du 13 d\u00e9cembre au 11 janvier,Grande piste de Roller sp\u00e9ciale f\u00eates \u00e0 Bagnols-sur-C\u00e8ze du 13 au 19 d\u00e9cembre,March\u00e9 et animation de No\u00ebl au Vigan du 14 au 24 d\u00e9cembre,Ligue des Champions et Championnat national PROA - Alliance Nimes-Montpellier Tennisde Table a Nimes du 18 au 21 d\u00e9cembre,Spectacle de mapping vid\u00e9o a Villeneuve-lez-Avignon du 18 au 28 d\u00e9cembre,Costi\u00e9res givr\u00e9es a Nimes du 19 au 20 d\u00e9cembre,1\u00b0 march\u00e9 de No\u00ebl du Domaine de Panery \u00e0 Pouzilhac du 19 au 21 d\u00e9cembre,Visite aux flambeaux de No\u00e9l aux Ar\u00e9nes de Nimes du 19 au 21 d\u00e9cembre,La F\u00e9erie de No\u00ebl \u00e0 Beaucaire du 20 au 28 d\u00e9cembre,No\u00ebl en Camargue \u00e0 Aigues-Mortes du 20 d\u00e9cembre au 4 janvier,L'Agora en f\u00eate au Grau-du-Roi du 21 au 31 d\u00e9cembre,ainsi que les f\u00eates traditionnelles sur l'ensemble du d\u00e9partement du Gard du 19d\u00e9cembre au 22 d\u00e9cembre 2025 inclus ;Consid\u00e9rant qu'\u00e0 ce jour aucune manifestation de ce type n'a fait l'objet d'une d\u00e9clarationpr\u00e9alable en pr\u00e9fecture du Gard, telle que pr\u00e9vue par l'article L.211-5 et suivants du Code\nPrefecture du Gard - 30-2025-12-17-00023 - Arr\u00eat\u00e9 N\u00b030-2025-12-17-00023\nportant interdiction des rassemblements festifs \u00e0 caract\u00e8re musical et interdiction de circulation des poids lourds transportant du\nmat\u00e9riel de sons \u00e0 destination d'un rassemblement festif \u00e0 caract\u00e8re musical non autoris\u00e9 dans le d\u00e9partement du Gard\ndu vendredi 19 d\u00e9cembre au lundi 22 d\u00e9cembre 2025\n65\nde la s\u00e9curit\u00e9 int\u00e9rieure, et qu'a d\u00e9faut d'une telle d\u00e9claration, l'organisation d'unemanifestation non d\u00e9clar\u00e9e est un d\u00e9lit pr\u00e9vu par l'article 431-9 alin\u00e9a 1 du Code p\u00e9nal ;Consid\u00e9rant que l'absence d'un tel formalisme, en plus de pas \u00eatre conforme auxdispositions pr\u00e9cit\u00e9es, ne permet pas de conna\u00eetre le niveau de s\u00e9curit\u00e9 du rassemblementprojet\u00e9, ni les mesures envisag\u00e9es par l'organisateur pour garantir la s\u00e9curit\u00e9, la salubrit\u00e9,l'hygi\u00e8ne et la tranquillit\u00e9 publique des personnes ainsi que le respect du droit depropri\u00e9t\u00e9 pour le ou les terrains occup\u00e9s ;Consid\u00e9rant qu'en l'absence de toute prise de contact pr\u00e9alable des organisateurs avec lesservices pr\u00e9fectoraux ou les collectivit\u00e9s territoriales concern\u00e9es, la missiond'accompagnement des organisateurs du rassemblement projet\u00e9, conduite par les servicesde l'\u00c9tat et pr\u00e9vue par instruction du 16juillet 2021, n'a pu \u00eatre mise en \u0153uvre ;Consid\u00e9rant les risques de troubles graves \u00e0 l'ordre public, \u00e0 la s\u00fbret\u00e9, \u00e0 la s\u00e9curit\u00e9 et \u00e0 lasalubrit\u00e9 publique que pr\u00e9senterait le d\u00e9roulement d'un rassemblement d\u00e9pourvu d'unservice d'ordre et d'un dispositif sanitaire, et auquel pourraient participer plusieurs milliersde personnes dans un lieu non am\u00e9nag\u00e9 pour recevoir ce type de rassemblement et n'afait l'objet d'aucune organisation pr\u00e9alable coordonn\u00e9e ;Consid\u00e9rant la n\u00e9cessit\u00e9 de pr\u00e9venir les risques de troubles \u00e0 l'ordre public et que lesmoyens appropri\u00e9s de lutte contre l'incendie et de secours aux personnes, ainsi qu'enmati\u00e8re de s\u00e9curit\u00e9 sanitaire et routi\u00e8re ne sont pas r\u00e9unis dans le cadre durassemblement projet\u00e9 ;Consid\u00e9rant que le regroupement de plus de 500 personnes dans des rassemblements nond\u00e9clar\u00e9s repr\u00e9sente un risque grave pour la s\u00e9curit\u00e9 des participants et qu'il y a lieu deprendre toutes les mesures n\u00e9cessaires;Consid\u00e9rant que dans ces circonstances, de tels rassemblements sont de nature \u00e0provoquer des troubles s\u00e9rieux \u00e0 l'ordre public et \u00e0 la tranquillit\u00e9 publique et qu'il y a lieude prendre toutes les mesures n\u00e9cessaires;Consid\u00e9rant la posture du plan VIGIPIRATE \u00e0 son stade maximal \u00ab Urgence attentat \u00bb surl'ensemble du territoire applicable depuis le 7 mai 2024, r\u00e9\u00e9valu\u00e9e le 13 juin 2025 en raisonde la d\u00e9gradation s\u00e9curitaire au Proche-Orient, laissant craindre une forme de polarisationpouvant engendrer des cons\u00e9quences sur le territoire national, notamment de possiblestroubles \u00e0 l'ordre public et actions cibl\u00e9es contre certaines communaut\u00e9s, leurs b\u00e2timentset repr\u00e9sentants symboliques; que par cons\u00e9quent les forces de s\u00e9curit\u00e9 sont fortementmobilis\u00e9es;Consid\u00e9rant que les forces de s\u00e9curit\u00e9 ainsi que les moyens de secours ne pourront faireface en termes de moyens, \u00e0 de telles manifestations susceptibles de s'installer sansautorisation pr\u00e9alable en divers points du d\u00e9partement;Consid\u00e9rant l'urgence \u00e0 pr\u00e9venir ces atteintes et \u00e0 assurer la s\u00e9curit\u00e9 des personnes et desbiens ;\nSur proposition de Madame la directrice de cabinet du pr\u00e9fet de Gard:\nPrefecture du Gard - 30-2025-12-17-00023 - Arr\u00eat\u00e9 N\u00b030-2025-12-17-00023\nportant interdiction des rassemblements festifs \u00e0 caract\u00e8re musical et interdiction de circulation des poids lourds transportant du\nmat\u00e9riel de sons \u00e0 destination d'un rassemblement festif \u00e0 caract\u00e8re musical non autoris\u00e9 dans le d\u00e9partement du Gard\ndu vendredi 19 d\u00e9cembre au lundi 22 d\u00e9cembre 2025\n66\nARRETEArticle 1 - La tenue des rassemblements festifs \u00e0 caract\u00e8re musical r\u00e9pondant al'ensemble des caract\u00e9ristiques \u00e9nonc\u00e9s \u00e0 l'article R.211-2 du Code de s\u00e9curit\u00e9 int\u00e9rieure,autres que ceux l\u00e9galement d\u00e9clar\u00e9s et autoris\u00e9s, est interdite sur l'ensemble dud\u00e9partement du Gard du vendredi 19 d\u00e9cembre 2025 \u00e0 08h00 au lundi 22 d\u00e9cembre 2025\u00e0 08h00.Article 2 - La circulation des v\u00e9hicules transportant du mat\u00e9riel susceptible d'\u00eatre utilis\u00e9pour un rassemblement festif non autoris\u00e9 est interdite durant la m\u00eame p\u00e9riode.Article 3 - Toute infraction au pr\u00e9sent arr\u00eat\u00e9 est passible de sanctions pr\u00e9vues par le Codep\u00e9nal et par les dispositions des articles L.211-15, R.211-30 du Code de la s\u00e9curit\u00e9 int\u00e9rieureet peut donner lieu notamment \u00e0 la saisie du mat\u00e9riel en vue de sa confiscation par letribunal.Article 4 - Le pr\u00e9sent arr\u00eat\u00e9 pr\u00e9fectoral entre en vigueur \u00e0 compter de sa publication aurecueil des actes administratifs de la pr\u00e9fecture du Gard.Article 5 - Le pr\u00e9sent arr\u00eat\u00e9 peut faire l'objet d'un recours gracieux aupr\u00e8s de Monsieur lepr\u00e9fet du Gard (Pr\u00e9fecture du Gard 30045 Nimes Cedex 9), d'un recours hi\u00e9rarchiqueadress\u00e9 \u00e0 Monsieur le ministre de l'Int\u00e9rieur place Beauvau 75008 Paris ou d'un recourscontentieux devant le tribunal administratif de N\u00eemes, dans un d\u00e9lai de deux mois suivantsa publication. Le tribunal administratif peut aussi \u00eatre saisi par l'application informatique\u00abTelerecours Citoyens\u00bb accessible par le site internet www.telerecours.fr.Article 6 - Madame la directrice de cabinet du pr\u00e9fet du Gard, Madame la sous-pr\u00e9f\u00e8te del'arrondissement du Vigan, Monsieur le sous-pr\u00e9fet de l'arrondissement d'Al\u00e9s, Monsieur lesecr\u00e9taire g\u00e9n\u00e9ral de la pr\u00e9fecture du Gard, Monsieur le secr\u00e9taire g\u00e9n\u00e9ral adjoint de lapr\u00e9fecture du Gard, Monsieur le Colonel, commandant le groupement de gendarmeried\u00e9partementale du Gard, Monsieur le directeur interd\u00e9partemental de la police nationaledu Gard, Monsieur le directeur interd\u00e9partemental de la police nationale du Vaucluse,Monsieur le directeur interd\u00e9partemental de la police nationale des Bouches du Rh\u00f4nesont charg\u00e9s, chacun en ce qui les concerne, de l'ex\u00e9cution du pr\u00e9sent arr\u00eat\u00e9.Nimes, le 4 7 DEC, 2025Le pr\u00e9fet, -\n\"\nPour le prety |Directric 4Marie-Charlotte EUVRARD\nPrefecture du Gard - 30-2025-12-17-00023 - Arr\u00eat\u00e9 N\u00b030-2025-12-17-00023\nportant interdiction des rassemblements festifs \u00e0 caract\u00e8re musical et interdiction de circulation des poids lourds transportant du\nmat\u00e9riel de sons \u00e0 destination d'un rassemblement festif \u00e0 caract\u00e8re musical non autoris\u00e9 dans le d\u00e9partement du Gard\ndu vendredi 19 d\u00e9cembre au lundi 22 d\u00e9cembre 2025\n67\nPrefecture du Gard - 30-2025-12-17-00023 - Arr\u00eat\u00e9 N\u00b030-2025-12-17-00023\nportant interdiction des rassemblements festifs \u00e0 caract\u00e8re musical et interdiction de circulation des poids lourds transportant du\nmat\u00e9riel de sons \u00e0 destination d'un rassemblement festif \u00e0 caract\u00e8re musical non autoris\u00e9 dans le d\u00e9partement du Gard\ndu vendredi 19 d\u00e9cembre au lundi 22 d\u00e9cembre 2025\n68","date":"2025-12-17","first_seen_on":"2025-12-17T17:19:28+00:00","id":"83020e17efb01a6fd8b3cc41f89497642f50889d7145c802e01785ce47240a03","name":"recueil-30-2025-219-special du 17 12 2025","pdf_creation_date":"2025-12-17T15:17:20+00:00","pdf_modification_date":null,"timezone":"Europe/Paris","url":"https://www.gard.gouv.fr/contenu/telechargement/66281/487560/file/recueil-30-2025-219-special%20du%2017%2012%202025.pdf"}
