{"administration":"prefidf","administration_name":"Pr\u00e9fecture de la r\u00e9gion \u00cele-de-France","content":"PREFECTURE\nREGION ILE DE\nFRANCE\nRECUEIL DES ACTES\nADMINISTRATIFS SP\u00c9CIAL\nN\u00b0IDF-064-2025-10\nPUBLI\u00c9 LE 29 OCTOBRE 2025\nSommaire\nAgence R\u00e9gionale de Sant\u00e9 /\nIDF-2025-10-20-00023 - Arr\u00eat\u00e9 n\u00b0  2025-275 portant autorisation de\ntransformation par requalification de 4 places d\u00e9ficiences intellectuelles\nen 4 places Troubles du Spectre de l'autisme (TSA) de l'Etablissement et\nService d'Aide par le Travail (ESAT) Paul Besson \u00e0 Etampes g\u00e9r\u00e9 par\nl'association Revivre (3 pages) Page 4\nIDF-2025-10-29-00002 - Arr\u00eat\u00e9 n\u00b0 2025-282 portant renouvellement\nd'autorisation de l'EHPAD R\u00e9sidence Oc\u00e9ane sis 23 rue\nWallenberg \u00e0 Paris (75019) g\u00e9r\u00e9 par la SAS \u00ab R\u00e9sidence Oc\u00e9ane\n\u00bb\n (3 pages) Page 8\nIDF-2025-10-29-00003 - Arr\u00eat\u00e9 n\u00b0 2025-283 portant renouvellement\nd'autorisation de l'EHPAD Les Gobelins sis 35-40 rue Le Brun \u00e0 Paris\n(75013) g\u00e9r\u00e9 par la SAS \u00ab R\u00e9sidence Les Gobelins EHPAD \u00bb\n (3\npages) Page 12\nIDF-2025-10-27-00008 - Arr\u00eat\u00e9 n\u00b0 2025-284 portant autorisation de\nregroupement de l'autorisation du Service d'Education Sp\u00e9ciale et de\nSoins \u00e0 Domicile (SESSAD) La Loupi\u00e8re au profit de l'Etablissement pour\nEnfant et Adolescents Polyhandicap\u00e9s (EEAP) La Loupi\u00e8re \u00e0 Meaux et\nd'une extension de 5 places au profit de cette plateforme g\u00e9r\u00e9e par\nl'association CESAP (4 pages) Page 16\nIDF-2025-10-28-00021 - Arr\u00eat\u00e9 n\u00b02025-270 portant autorisation\nd'extension de capacit\u00e9 de 32 \u00e0 36 places de l'Institut\nM\u00e9dico\u00e9ducatif (IME) Le Silence des Justes \u00e0 Paris 19\u00e8me g\u00e9r\u00e9\npar l'association Le Silence des Justes-Ohalei-Yaacov (4 pages) Page 21\nAgence R\u00e9gionale de Sant\u00e9 / Agence r\u00e9gionale de sant\u00e9\nd'Ile-de-France-Direction de l'Offre de Soins (DOS)\nIDF-2025-10-14-00017 - Arr\u00eat\u00e9 n\u00b0DOS 2025/4272 portant approbation\nl'avenant n\u00b07 \u00e0 la convention constitutive du Groupement de\nCoop\u00e9ration Sanitaire \u00ab LNA Sant\u00e9\u00bb (2 pages) Page 26\nIDF-2025-10-28-00020 - D\u00e9cision n\u00b0DOS 2025/4518 en date du\n28/10/2025 relative \u00e0 la demande pr\u00e9sent\u00e9e par l'Association\nNouvel Institut M\u00e9dico-Chirurgical Montsouris en vue de la confirmation\n\u00e0 son profit des autorisations initialement d\u00e9tenues par la Mutualit\u00e9\nFonction Publique Action Sant\u00e9 sur le site de l'Institut Mutualiste\nMontsouris (6 pages) Page 29\nIDF-2025-10-28-00019 - D\u00e9cision n\u00b0DOS 2025/4519 en date du\n28/10/2025 relative \u00e0 la demande pr\u00e9sent\u00e9e par la SAS SJE en vue de\nla confirmation \u00e0 son profit des autorisations initialement d\u00e9tenues par\nla SAS Clinique Saint-Jean l'Ermitage sur le site de la Clinique Saint-Jean\nl'Ermitage (4 pages) Page 36\n2\nAgence R\u00e9gionale de Sant\u00e9 - D\u00e9l\u00e9gation d\u00e9partementale de\nl'Essonne /\nIDF-2025-06-18-00008 - Arr\u00eat\u00e9 n\u00b0 ARS91-2025-OSV n\u00b06 portant\nautorisation de dispenser \u00e0 domicile de l'oxyg\u00e8ne \u00e0 usage m\u00e9dical\npour un site de rattachement d'une structure dispensatrice (2 pages) Page 41\nIDF-2025-07-09-00010 - Arr\u00eat\u00e9 n\u00b0 ARS91-2025-OSV n\u00b07 portant\nautorisation de transfert des activit\u00e9s de dispenser \u00e0 domicile de\nl'oxyg\u00e8ne \u00e0 usage m\u00e9dical pour un site de rattachement d'une\nstructure dispensatrice (3 pages) Page 44\n3\nAgence R\u00e9gionale de Sant\u00e9\nIDF-2025-10-20-00023\nArr\u00eat\u00e9 n\u00b0  2025-275 portant autorisation de\ntransformation par requalification de 4 places\nd\u00e9ficiences intellectuelles en 4 places Troubles\ndu Spectre de l'autisme (TSA) de l'Etablissement\net Service d'Aide par le Travail (ESAT) Paul\nBesson \u00e0 Etampes g\u00e9r\u00e9 par l'association Revivre\nAgence R\u00e9gionale de Sant\u00e9 - IDF-2025-10-20-00023 - Arr\u00eat\u00e9 n\u00b0  2025-275 portant autorisation de transformation par requalification de\n4 places d\u00e9ficiences intellectuelles en 4 places Troubles du Spectre de l'autisme (TSA) de l'Etablissement et Service d'Aide par le\nTravail (ESAT) Paul Besson \u00e0 Etampes g\u00e9r\u00e9 par l'association Revivre\n4\nEoREPUBLIQUEFRANCAISELibert\u00e9Egalit\u00e9Fraternit\u00e9 \u00a9 \u00bb Agence R\u00e9gionale de Sant\u00e9Ile-de-France\n \n \n \n \n \n \n \n \n \nAGENCE R\u00c9GIONALE DE SANT\u00c9 \u00ceLE-DE-FRANCE \n \nARRETE N\u00b0 2025 - 275 \n \n \nportant autorisation de transformation par requalification de 4 places d\u00e9ficiences \nintellectuelles en 4 places Troubles du Spectre de l'Autisme (TSA) de l'Etablissement et \nService d'Aide par le Travail (ESAT) Paul Besson, sis 1-7 Chemin de la Roche du temple \u00e0 \nEtampes (91150), \n \ng\u00e9r\u00e9 par l'association REVIVRE      \n \n \nLE DIRECTEUR G\u00c9N\u00c9RAL DE L'AGENCE R\u00c9GIONALE DE SANT\u00c9 \u00ceLE-DE-FRANCE \n \nVU le code de l'action sociale et des familles et notamment les article s L. 312 -1, L. 313 -1,   \nL. 314-3 et suivants ; \n \nVU        le d\u00e9cret du 10 avril 2024 portant nomination de Monsieur Denis ROBIN, Directeur \ng\u00e9n\u00e9ral de l'Agence r\u00e9gionale de sant\u00e9 \u00cele-de-France \u00e0 compter du 29 avril 2024 ; \n \nVU l'arr\u00eat\u00e9 DS N\u00b0115/2024 du 25 septembre 2024 portant d\u00e9l\u00e9gation de signature \u00e0 \nMadame St\u00e9phanie TALBOT, Directrice de l'autonomie ; \n \nVU l'arr\u00eat\u00e9 n\u00b0 DIRNOV-2023/08 de la Directrice g\u00e9n\u00e9rale de l'Agence r\u00e9gionale de sant\u00e9 \u00cele-\nde-France en date du 26 octobre 2023 portant adoption du cadre d'orientation \nstrat\u00e9gique 2018-2028 du projet r\u00e9gional de sant\u00e9 d'\u00cele-de-France ; \n \nVU l'arr\u00eat\u00e9 n\u00b0 DIRNOV-2023/09 de la Directrice g\u00e9n\u00e9rale de l'Agence r\u00e9gionale de sant\u00e9 \u00cele-\nde-France en date du 26 octobre 2023 portant adoption du sch\u00e9ma r\u00e9gional de sant\u00e9 \n2023-2028 du projet r\u00e9gional de sant\u00e9 d' \u00cele-de-France, modifi\u00e9 par l'arr\u00eat\u00e9 n\u00b0DIRNOV -\n2023/09 en date du 12 janvier 2024 ; \n \nVU l'arr\u00eat\u00e9 n\u00b0 2023 -346 de la Directrice g\u00e9n\u00e9rale de l'Agence r\u00e9gionale de sant\u00e9 \u00cele-de-\nFrance en date du 4 d\u00e9cembre 2023 \u00e9tablissant le programme interd\u00e9partemental \nd'accompagnement des handicaps et de la perte d'autonomie (PRIAC) 2023 -2027 pour \nla r\u00e9gion \u00cele-de-France ; \n \nVU l'arr\u00eat\u00e9 n\u00b0 91-920 du 1er ao\u00fbt 1991 portant autorisation de cr\u00e9ation d'un centre d'aide par \nle travail de 50 places \u00e0 Etampes ;  \n \nVU l'arr\u00eat\u00e9 n\u00b0 2017-204 du 5 juillet 2017 portant renouvellement de l'autorisation de l'ESAT \nPaul B esson destin\u00e9 \u00e0 prendre en charge des travailleurs adultes pr\u00e9sentant une \nd\u00e9ficience intellectuelle avec une capacit\u00e9 de 90 places ;  \n \nVU la demande de l'association formalis\u00e9e le 27 mars 2025 dans le cadre des n\u00e9gociations \nCPOM visant notamment \u00e0 reconna\u00eetre l'\u00e9volution du public accueilli en ESAT ; \n \nAgence R\u00e9gionale de Sant\u00e9 - IDF-2025-10-20-00023 - Arr\u00eat\u00e9 n\u00b0  2025-275 portant autorisation de transformation par requalification de\n4 places d\u00e9ficiences intellectuelles en 4 places Troubles du Spectre de l'autisme (TSA) de l'Etablissement et Service d'Aide par le\nTravail (ESAT) Paul Besson \u00e0 Etampes g\u00e9r\u00e9 par l'association Revivre\n5\n       2 \n \nCONSID\u00c9RANT  que le constat r\u00e9alis\u00e9 lors de la n\u00e9gociation de CPOM met en \u00e9vidence \nl'\u00e9volution du public accueilli en ESAT avec une augmentation des \ntravailleurs ayant un profil autistique diagnostiqu\u00e9  avec ou sans troubles \nassoci\u00e9s ;  \n  \nCONSID\u00c9RANT  qu'il r\u00e9pond \u00e0 un besoin de d\u00e9veloppement de l'offre m\u00e9dico -sociale \nidentifi\u00e9 sur le d\u00e9partement dans le cadre du diagnostic territorial partag\u00e9 \nr\u00e9alis\u00e9 dans le cadre du Plan Inclus'If 2030 ; \n \nCONSID\u00c9RANT qu'il est compatible avec les objectifs et r\u00e9pond aux besoins sociaux et \nm\u00e9dico-sociaux fix\u00e9s par le sch\u00e9ma r\u00e9gional de sant\u00e9 ;  \n \nCONSID\u00c9RANT qu'il satisfait aux r\u00e8gles d'organisation et de fonctionnement pr\u00e9vues par \nle code de l'action sociale et des familles ;  \n \nCONSID\u00c9RANT qu'il pr\u00e9sente un co\u00fbt de fonctionnement  en ann\u00e9e pleine compatible \navec le PRIAC  \u00cele-de-France et avec le montant de l'une des dotations \nmentionn\u00e9es \u00e0  l'article L . 314-3 du code de l'action sociale et des \nfamilles ; \n \nCONSID\u00c9RANT que l'Agence r\u00e9gionale de sant\u00e9 \u00cele-de-France dispose pour ce projet des \ncr\u00e9dits n\u00e9cessaires \u00e0 sa mise en \u0153uvre \u00e0 hauteur de 89 478 \u20ac au titre \ndes cr\u00e9dits CNH 50 000 solutions ; \n \n \n \n \nARR\u00caTE  \n \nARTICLE 1er :  L'autorisation visant \u00e0 la transformation  par requalification  de 4 places pour \npersonnes d\u00e9ficientes intellectuelles en 4 places pour personnes porteuses de \nTroubles du Spectre de l'Autisme (TSA)  de l'ESAT Paul Besson sis 1-7 Chemin de \nla Roche du temple \u00e0 Etampes (91150), est accord\u00e9e \u00e0 l'association Revivre dont le \nsi\u00e8ge social se situe Chemin de l'Ecorchoir \u00e0 Etampes (91150). \n \nARTICLE 2e :  La capacit\u00e9 totale de ce t \u00e9tablissement reste de 90 places destin\u00e9es \u00e0 des \npersonnes pr\u00e9sentant une d\u00e9ficience intellectuelle ou pr\u00e9sentant des TSA ainsi \nr\u00e9parties : \n\u2022 86 places pour d\u00e9ficients intellectuels ; \n\u2022 4 places pour personnes pr\u00e9sentant des TSA. \n \nDans la limite de cette capacit\u00e9, une souplesse est accord\u00e9e quant aux modalit\u00e9s \nd'organisation d'accompagnement de ces d\u00e9ficiences afin de r\u00e9pondre le plus \nfinement possible aux besoins des travailleurs accompagn\u00e9s. \n \nARTICLE 3e :  Conform\u00e9ment aux termes du dernier alin\u00e9a du I de l'article D. 312 -0-3 du code de \nl'action sociale et des familles, aucune sp\u00e9cialisation n'exclut la prise en charge de \npersonnes pr\u00e9sentant des troubles associ\u00e9s \u00e0 ceux qui font l'objet de la pr\u00e9sente \nautorisation.  \n \nARTICLE 4e :  Cette structure est r\u00e9pertori\u00e9e dans le Fichier National des Etablissements \nSanitaires et Sociaux (FINESS) de la fa\u00e7on suivante : \n \nN\u00b0 FINESS de l'\u00e9tablissement : 910814615 \nAgence R\u00e9gionale de Sant\u00e9 - IDF-2025-10-20-00023 - Arr\u00eat\u00e9 n\u00b0  2025-275 portant autorisation de transformation par requalification de\n4 places d\u00e9ficiences intellectuelles en 4 places Troubles du Spectre de l'autisme (TSA) de l'Etablissement et Service d'Aide par le\nTravail (ESAT) Paul Besson \u00e0 Etampes g\u00e9r\u00e9 par l'association Revivre\n6\n       3 \n \n \nCode cat\u00e9gorie : [246] - Etablissement et Service d'Aide par le Travail (E.S.A.T.) \n \nCode discipline :  [908] \u2013 Aide par le travail pour adultes handicap\u00e9s \n \n \nCode fonctionnement :  [21] \u2013 Accueil de jour \n \n90 places \nCode client\u00e8le : \n \n[117] \u2013 D\u00e9ficience intellectuelle \n[437] \u2013 Troubles du spectre de l'autisme \n86 places \n4 places \n \nCode mode de fixation des tarifs : 34 \u2013 dotation globale \n \nN\u00b0 FINESS du gestionnaire : 910000264 \n \nCode statut : 61 Association Loi 1901 non Reconnue d'Utilit\u00e9 Publique \n \n \nARTICLE 5e :   Conform\u00e9ment aux dispositions de l'article D. 313 -12-1 du code de l'action sociale \net des familles, la pr\u00e9sente autorisation est valable sous r\u00e9serve de la transmission  \n\u00e0 l 'autorit\u00e9 comp\u00e9tente, avant la date d'entr\u00e9e en service de la nouvelle capacit\u00e9 \nautoris\u00e9e, d'une d\u00e9claration sur l'honneur attestant de la conformit\u00e9 de \nl'\u00e9tablissement ou du service aux conditions techniques minimales d'organisation et \nde fonctionnement mentionn\u00e9es au II de l'article L. 312-1 du m\u00eame code. \n   \nARTICLE 6e :    Elle est caduque en l'absence d'ouverture au public de l'\u00e9tablissement ou du service \ndans un d\u00e9lai de quatre ans suivant la notification de la d\u00e9cision d'autorisation  \nconform\u00e9ment aux articles L. 313-1 et D. 313-7-2 du code de l'action sociale et des \nfamilles. \n \nARTICLE 7e :   Tout changement important dans l'activit\u00e9, l'installation, l'organisation, la direction ou \nle fonctionnement de l'\u00e9tablissement ou du service doit \u00eatre port\u00e9 \u00e0 la connaissance \nde l'autorit\u00e9 comp\u00e9tente. \n \nARTICLE 8e :  Un recours contre le pr\u00e9sent arr\u00eat\u00e9 peut \u00eatre form\u00e9 devant le tribunal administratif \ncomp\u00e9tent dans un d\u00e9lai de deux mois \u00e0 compter de sa notification ou, pour les \ntiers, \u00e0 compter de sa publication.   \n \nARTICLE 9e :   Le Directeur de la d\u00e9l\u00e9gation d\u00e9partementale de l'Essonne de l'Agence r\u00e9gionale de \nsant\u00e9 \u00cele-de-France est charg\u00e9 de l'ex\u00e9cution du pr\u00e9sent arr\u00eat\u00e9  qui sera publi\u00e9 au \nrecueil des actes administratifs de la R\u00e9gion \u00cele-de-France. \n \n       \n Fait \u00e0 Saint-Denis, le 20 oct. 2025 \n \n       \n Pour le Directeur g\u00e9n\u00e9ral \n de l'Agence r\u00e9gionale de sant\u00e9 \n \u00cele-de-France et par d\u00e9l\u00e9gation \nLa Directrice de l'autonomie  \n \n \n \nSt\u00e9phanie TALBOT \n \n \nSign\u00e9 \nAgence R\u00e9gionale de Sant\u00e9 - IDF-2025-10-20-00023 - Arr\u00eat\u00e9 n\u00b0  2025-275 portant autorisation de transformation par requalification de\n4 places d\u00e9ficiences intellectuelles en 4 places Troubles du Spectre de l'autisme (TSA) de l'Etablissement et Service d'Aide par le\nTravail (ESAT) Paul Besson \u00e0 Etampes g\u00e9r\u00e9 par l'association Revivre\n7\nAgence R\u00e9gionale de Sant\u00e9\nIDF-2025-10-29-00002\nArr\u00eat\u00e9 n\u00b0 2025-282 portant renouvellement\nd'autorisation de l'EHPAD R\u00e9sidence Oc\u00e9ane sis\n23 rue Wallenberg \u00e0 Paris (75019) g\u00e9r\u00e9 par la SAS\n\u00ab R\u00e9sidence Oc\u00e9ane \u00bb\nAgence R\u00e9gionale de Sant\u00e9 - IDF-2025-10-29-00002 - Arr\u00eat\u00e9 n\u00b0 2025-282 portant renouvellement d'autorisation de l'EHPAD R\u00e9sidence\nOc\u00e9ane sis 23 rue Wallenberg \u00e0 Paris (75019) g\u00e9r\u00e9 par la SAS \u00ab R\u00e9sidence Oc\u00e9ane \u00bb 8\nREPUBLIQUE A 4 \u0178FRAN\u00c7AISE \u00a9 DAgence R\u00e9gionale de Sant\u00e9 \"a PeiLibert\u00e9 lle-de-France PA R | SEgalit\u00e9Fraternit\u00e9\n \n \n \n \nARR\u00caT\u00c9 N\u00b0 2025 - 282 \nportant renouvellement d'autorisation \nde l'\u00e9tablissement d'h\u00e9bergement pour personnes \u00e2g\u00e9es d\u00e9pendantes  \n(EHPAD) R\u00e9sidence Oc\u00e9ane sis 23 rue Wallenberg \u00e0 Paris (75019)   \ng\u00e9r\u00e9 par la SAS \u00ab R\u00e9sidence Oc\u00e9ane \u00bb \n \n \nLE DIRECTEUR G\u00c9N\u00c9RAL DE L'AGENCE R\u00c9GIONALE DE SANT\u00c9 \u00ceLE-DE-FRANCE \nLA MAIRE DE PARIS \n \nVU le code de l' action sociale et des familles et notamment les articles L312 -1, L313 -1, L314 -3 et \nsuivants ;  \n \nVU le code g\u00e9n\u00e9ral des collectivit\u00e9s territoriales ; \n  \nVU le d\u00e9cret du 10 avril 2024 portant nomination de Monsieur Denis Robin, Directeur g\u00e9n\u00e9ral de l'Agence \nr\u00e9gionale de sant\u00e9 \u00cele-de-France, \u00e0 compter du 29 avril 2024 ; \n  \nVU l'arr\u00eat\u00e9 n\u00b0 DIRNOV -2023/08 du 26 octobre 2023 de la Directrice g\u00e9n\u00e9rale de l'Agence r\u00e9gionale de \nsant\u00e9 \u00cele-de-France portant modification du cadre d'orientation strat\u00e9gique 2018 -2028 du projet \nr\u00e9gional de sant\u00e9 \u00cele-de-France ; \n \nVU l'arr\u00eat\u00e9 n\u00b0 DIRNOV -2023/09 du 26 octobre 2023 de la Directrice g\u00e9n\u00e9rale de l'Agence r\u00e9gionale de \nsant\u00e9 \u00cele-de-France portant adoption du sch\u00e9ma r\u00e9gional de sant\u00e9 2023 -2028 du projet r\u00e9gional de \nsant\u00e9 \u00cele-de-France ; \n \nVU le Sch\u00e9ma Seniors \u00e0 Paris 2022-2026 adopt\u00e9 par le Conseil de Paris en date des 15 au 18 novembre \n2022 ; \n \nVU \n \nl'arr\u00eat\u00e9 n\u00b0 2023-162 de la Directrice g\u00e9n\u00e9rale de l'Agence r\u00e9gionale de sant\u00e9 \u00cele-de-France en date du \n19 juin 2023 \u00e9tablissant le programme interd\u00e9partemental d'accompagnement des handicaps et de la \nperte d'autonomie (PRIAC) 2022-2026 pour la r\u00e9gion \u00cele-de-France ; \n  \nVU l'arr\u00eat\u00e9 du 28 octobre 2003 portant autorisation de cr\u00e9ation d'un \u00e9tablissement pour personnes \u00e2g\u00e9es \nd\u00e9pendantes (EHPAD) de 106 places \u00ab R\u00e9sidence Oc\u00e9ane \u00bb ;  \n  \nVU l'arr\u00eat\u00e9 conjoint n\u00b0  2008-275-1 du 1 er octobre 2008  portant sur le transfert de la gestion de \nl'\u00e9tablissement pour personnes \u00e2g\u00e9es d\u00e9pendantes (EHPAD) R\u00e9sidence Oc\u00e9 ane, au profit de la \nSARL Oc\u00e9ane ; \n \nVU l'arr\u00eat\u00e9 conjoint n\u00b0  2019-170 du 16  juillet 2019  portant r\u00e9gularisation de l'autorisation de l'EHPAD \n\u00ab R\u00e9sidence Oc\u00e9ane \u00bb sis 23 rue Wallenberg \u00e0 Paris (75019) g\u00e9r\u00e9 par la SAS \u00ab R\u00e9sidence Oc\u00e9ane \u00bb ;   \n \n \nCONSID\u00c9RANT que le projet satisfait aux r\u00e8gles d'organisation et de fonctionnement pr\u00e9vues par le code \nde l'action sociale et des familles ;  \n \n \nARR\u00caTENT \n \nARTICLE 1er : L'autorisation de l'EHPAD R\u00e9sidence Oc\u00e9ane sis 23, rue Wallenberg \u00e0 Paris (75019), g\u00e9r\u00e9 \npar la SAS R\u00e9sidence Oc\u00e9ane, est renouvel\u00e9e.    \n  \nARTICLE 2e : La capacit\u00e9 totale de l'\u00e9tablissement est fix\u00e9e \u00e0 106 places d'h\u00e9bergement permanent.  \nAgence R\u00e9gionale de Sant\u00e9 - IDF-2025-10-29-00002 - Arr\u00eat\u00e9 n\u00b0 2025-282 portant renouvellement d'autorisation de l'EHPAD R\u00e9sidence\nOc\u00e9ane sis 23 rue Wallenberg \u00e0 Paris (75019) g\u00e9r\u00e9 par la SAS \u00ab R\u00e9sidence Oc\u00e9ane \u00bb 9\nGI\n  \nARTICLE 3e : Cette structure est r\u00e9pertori\u00e9e dans le Fichier National des Etablissements Sanitaires et \nSociaux (FINESS) de la fa\u00e7on suivante : \n \nN\u00b0 FINESS \u00e9tablissement : 75 002 171 9 \n \nCode cat\u00e9gorie : [500] EHPAD \n \nCode discipline : [924] Accueil pour Personnes \u00c2g\u00e9es  \nCode fonctionnement (type d'activit\u00e9) : [11] H\u00e9bergement Complet Internat  \nCode client\u00e8le : [711] Personnes Ag\u00e9es d\u00e9pendantes  \nCapacit\u00e9 : 64 \n \nCode discipline : [924] Accueil pour Personnes \u00c2g\u00e9es  \nCode fonctionnement (type d'activit\u00e9) : [11] H\u00e9bergement Complet Internat  \nCode client\u00e8le : [436] Personnes Alzheimer ou maladies apparent\u00e9es \nCapacit\u00e9 : 42 \n \nN\u00b0 FINESS gestionnaire : 75 004 444 8 \n \nCode statut : [95] SAS \n  \nARTICLE 4e : Cette autorisation est accord\u00e9e pour une dur\u00e9e de quinze ans \u00e0 compter d u 29 janvier \n2022 conform\u00e9ment \u00e0 l'article L.313 -1 du code de l'action sociale et des familles. Elle est \nrenouvel\u00e9e dans les conditions pr\u00e9vues \u00e0 l'article L. 313 -5 du code de l'action sociale et \ndes familles, au regard des r\u00e9sultats de l'\u00e9valuation externe mentionn\u00e9e \u00e0 l'article                                 \nL. 312-8 du m\u00eame code. \n \nARTICLE 5e : Tout changement important dans l'activit\u00e9, l'installation, l'organisation, la direction ou le \nfonctionnement de l'\u00e9tablissement ou du service doit \u00eatre port\u00e9 \u00e0 la connaissance des \nautorit\u00e9s comp\u00e9tentes. \n  \nARTICLE 6e : Un recours contre le pr\u00e9sent arr\u00eat\u00e9 peut \u00eatre form\u00e9 devant le tribunal administratif \ncomp\u00e9tent dans un d\u00e9lai de deux mois \u00e0 compter de sa notification.   \n  \nARTICLE 7e : Le Directeur de la D\u00e9l\u00e9gation d\u00e9partementale de Paris de l'Agence r\u00e9gionale de sant\u00e9                           \n\u00cele-de-France et la Directrice de la Direction des Solidarit\u00e9s de la Ville de Paris sont \ncharg\u00e9s, chacun en ce qui le concerne, de l'ex\u00e9cution du pr\u00e9sent arr\u00eat\u00e9 qui sera notifi\u00e9 au \ndemandeur, publi\u00e9 au recueil des actes administratifs de la R\u00e9gion \u00cele-de-France, ainsi que \nsur le portail des publications administratives de la Ville de Paris. \n \n \nFait \u00e0 Saint-Denis, le 29/10/2025 \n \nPour Le Directeur g\u00e9n\u00e9ral  \nde l'Agence r\u00e9gionale de sant\u00e9  \n\u00cele-de-France et par d\u00e9l\u00e9gation, \n \nLa Directrice de l'autonomie \n \n \nSt\u00e9phanie TALBOT \n  \n Pour la Maire de Paris  \nEt par d\u00e9l\u00e9gation,   \n \n \nLe Directeur Adjoint des Solidarit\u00e9s \n \n \nJacques BERGER \nAgence R\u00e9gionale de Sant\u00e9 - IDF-2025-10-29-00002 - Arr\u00eat\u00e9 n\u00b0 2025-282 portant renouvellement d'autorisation de l'EHPAD R\u00e9sidence\nOc\u00e9ane sis 23 rue Wallenberg \u00e0 Paris (75019) g\u00e9r\u00e9 par la SAS \u00ab R\u00e9sidence Oc\u00e9ane \u00bb 10\n \nAgence R\u00e9gionale de Sant\u00e9 - IDF-2025-10-29-00002 - Arr\u00eat\u00e9 n\u00b0 2025-282 portant renouvellement d'autorisation de l'EHPAD R\u00e9sidence\nOc\u00e9ane sis 23 rue Wallenberg \u00e0 Paris (75019) g\u00e9r\u00e9 par la SAS \u00ab R\u00e9sidence Oc\u00e9ane \u00bb 11\nAgence R\u00e9gionale de Sant\u00e9\nIDF-2025-10-29-00003\nArr\u00eat\u00e9 n\u00b0 2025-283 portant renouvellement\nd'autorisation de l'EHPAD Les Gobelins sis 35-40\nrue Le Brun \u00e0 Paris (75013) g\u00e9r\u00e9 par la SAS \u00ab\nR\u00e9sidence Les Gobelins EHPAD \u00bb\nAgence R\u00e9gionale de Sant\u00e9 - IDF-2025-10-29-00003 - Arr\u00eat\u00e9 n\u00b0 2025-283 portant renouvellement d'autorisation de l'EHPAD Les\nGobelins sis 35-40 rue Le Brun \u00e0 Paris (75013) g\u00e9r\u00e9 par la SAS \u00ab R\u00e9sidence Les Gobelins EHPAD \u00bb 12\nExREPUBLIQUEFRAN\u00c7AISE \u00a9 >Agence R\u00e9gionalede Sant\u00e9Libert\u00e9 \u00cele-de-France PA R | S\u00c9galit\u00e9Fraternit\u00e9\n  \n \n \n \n \nARR\u00caT\u00c9 N\u00b0 2025 - 283 \nportant renouvellement d'autorisation \nde l'\u00e9tablissement d'h\u00e9bergement pour personnes \u00e2g\u00e9es d\u00e9pendantes                             \n(EHPAD) Les Gobelins sis 35-40 rue Le Brun \u00e0 Paris (75013)  \ng\u00e9r\u00e9 par la SAS \u00ab R\u00e9sidence Les Gobelins EHPAD \u00bb \n \nLE DIRECTEUR G\u00c9N\u00c9RAL DE L'AGENCE R\u00c9GIONALE DE SANT\u00c9 \u00ceLE-DE-FRANCE \nLA MAIRE DE PARIS \n \n \nVU le code de l' action sociale et des familles et notamment les articles L312 -1, L313 -1, L314 -3 et \nsuivants ;  \n  \nVU le code g\u00e9n\u00e9ral des collectivit\u00e9s territoriales ; \n  \nVU Le d\u00e9cret du 10 avril 2024 portant nomination de Monsieur Denis Robin, Directeur g\u00e9n\u00e9ral de l'Agence \nr\u00e9gionale de sant\u00e9 \u00cele-de-France, \u00e0 compter du 29 avril 2024 ; \n  \nVU l'arr\u00eat\u00e9 n\u00b0 DIRNOV -2023/08 du 26 octobre 2023 de la Directrice g\u00e9n\u00e9rale de l'Agence r\u00e9gionale de \nsant\u00e9 \u00cele-de-France portant modification du cadre d'orientation strat\u00e9gique 2018 -2028 du projet \nr\u00e9gional de sant\u00e9 \u00cele-de-France ; \n \nVU l'arr\u00eat\u00e9 n\u00b0 DIRNOV -2023/09 du 26 octobre 2023 de la Directrice g\u00e9n\u00e9rale de l'Agence r\u00e9gionale de \nsant\u00e9 \u00cele-de-France portant adoption du sch\u00e9ma r\u00e9gional de sant\u00e9 2023 -2028 du projet r\u00e9gional de \nsant\u00e9 \u00cele-de-France ; \n \nVU le Sch\u00e9ma Seniors \u00e0 Paris 2022-2026 adopt\u00e9 par le Conseil de Paris en date des 15 au 18 novembre \n2022 ; \n  \nVU l'arr\u00eat\u00e9 n\u00b0 2023-162 de la Directrice g\u00e9n\u00e9rale de l'Agence r\u00e9gionale de sant\u00e9 \u00cele-de-France en date du \n19 juin 2023 \u00e9tablissant le programme interd\u00e9partemental d'accompagnement des handicaps et de la \nperte d'autonomie (PRIAC) 2022-2026 pour la r\u00e9gion \u00cele-de-France ; \n \nVU l'arr\u00eat\u00e9 n\u00b0 2008 -43-7 du 12 f\u00e9vrier 2008 portant autorisation de  cr\u00e9ation d'un \u00c9tablissement \nd'H\u00e9bergement pour Personnes \u00c2g\u00e9es D\u00e9pendantes (EHPAD) sis 35-40 rue Lebrun \u00e0 Paris 13\u00e8me de \n61 places d'h\u00e9bergement permanent et de 10 places d'accueil de jour, g\u00e9r\u00e9 par la SAS \u00ab R\u00e9sidence \nGobelins \u00bb ;  \n  \nVU l'arr\u00eat\u00e9 n\u00b0 2010 -54-23 du 23 f\u00e9vrier 2010 , autorisant l'extension d'un \u00c9tablissement d'H\u00e9bergement \npour Personnes \u00c2g\u00e9es D\u00e9pendantes (EHPAD) de 36 places d'h\u00e9bergement permanent sis 33 rue \nLebrun 75013 Paris, g\u00e9r\u00e9 par la SAS r\u00e9sidence les Gobelins ; \n  \nVU l'arr\u00eat\u00e9 n\u00b0  2019-169 du 16 juillet 2019, portant r\u00e9gulation de l'autorisation de l' \u00c9tablissement \nd'H\u00e9bergement pour Personnes \u00c2g\u00e9es D\u00e9pendantes (EHPAD) \u00ab Les Gobelins \u00bb sis 35-40, rue le Brun \n\u00e0 Paris (75013),  g\u00e9r\u00e9 par la SAS \u00ab R\u00e9sidence Les Gobelins EHPAD \u00bb ; \n  \nVU l'arr\u00eat\u00e9 n\u00b0 2023-DD75-059 du 13 novembre 2023, portant approbation de cession d'autorisation de 8 \nplaces d'h\u00e9bergement permanent de l'\u00e9tablissement d'h\u00e9bergement pour personnes \u00e2g\u00e9es \nd\u00e9pendantes (EHPAD) \u00ab  R\u00e9sidence Les Gobelins  \u00bb g\u00e9r\u00e9 par la SAS \u00ab  R\u00e9sidence Les Gobelins \nEHPAD \u00bb au b\u00e9n\u00e9fice de l'EHPAD \u00ab R\u00e9sidence Tiers-Temps Paris \u00bb g\u00e9r\u00e9 par la SAS \u00ab  Tiers Temps \nParis \u00bb ; \n \nAgence R\u00e9gionale de Sant\u00e9 - IDF-2025-10-29-00003 - Arr\u00eat\u00e9 n\u00b0 2025-283 portant renouvellement d'autorisation de l'EHPAD Les\nGobelins sis 35-40 rue Le Brun \u00e0 Paris (75013) g\u00e9r\u00e9 par la SAS \u00ab R\u00e9sidence Les Gobelins EHPAD \u00bb 13\nVU le rapport de la visite d'\u00e9valuation r\u00e9alis\u00e9e les 23 et 25 mai 2023 ; \n \n \n \nCONSID\u00c9RANT que les r\u00e9sultats de l'\u00e9valuation sont satisfaisants ; \n \nCONSID\u00c9RANT que le projet satisfait aux r\u00e8gles d'organisation et de fonctionnement pr\u00e9vues par le code \nde l'action sociale et des familles ;  \n \nCONSID\u00c9RANT qu'\u00e0 l'issue des travaux de l'EHPAD \u00ab  R\u00e9sidence Tiers-Temps \u00bb, l'EHPAD \u00ab R\u00e9sidence \nLes Gobelins  \u00bb fera l'objet d'un arr\u00eat\u00e9 de r\u00e9duction de capacit\u00e9 \u00e0 8 9 places \nd'h\u00e9bergement permanent ; \n \n \n \nARR\u00caTENT \n \n \nARTICLE 1er : L'autorisation de l'EHPAD Les Gobelins sis 35-40, rue Le Brun \u00e0 Paris (75013), g\u00e9r\u00e9 par \nla SAS \u00ab R\u00e9sidence Les Gobelins EHPAD \u00bb, est renouvel\u00e9e.    \n  \nARTICLE 2e : La capacit\u00e9 totale de l'\u00e9tablissement est fix\u00e9e \u00e0 97 places d'h\u00e9bergement permanent. \n  \nARTICLE 3e : Cette structure est r\u00e9pertori\u00e9e dans le Fichier National des Etablissements Sanitaires et \nSociaux (FINESS) de la fa\u00e7on suivante : \n \nN\u00b0 FINESS de l'\u00e9tablissement : 75 004 014 9 \n \nCode cat\u00e9gorie : [500] EHPAD \n \nCode discipline : [924] Accueil pour personnes \u00e2g\u00e9es \nCode fonctionnement (type d'activit\u00e9) : [11] H\u00e9bergement complet internat \nCode client\u00e8le : [711] Personnes \u00e2g\u00e9es d\u00e9pendantes  \nCapacit\u00e9 : 61 \n \nCode discipline : [924] Accueil pour personnes \u00e2g\u00e9es \nCode fonctionnement (type d'activit\u00e9) : [11] H\u00e9bergement complet internat \nCode client\u00e8le : [436] Personnes Alzheimer ou maladies apparent\u00e9es  \nCapacit\u00e9 : 36 \n                      \nN\u00b0 FINESS du gestionnaire : 75 004 009 9 \n \nCode statut : [95] SAS \n  \nARTICLE 4e : Cette autorisation est accord\u00e9e pour une dur\u00e9e de quinze ans \u00e0 compter du 13 f\u00e9vrier 2023 \nconform\u00e9ment \u00e0 l'article L.313 -1 du code de l'action sociale et des familles. Elle est \nrenouvel\u00e9e dans les conditions pr\u00e9vues \u00e0 l'article L. 313 -5 du code de l'action sociale et \ndes familles , au regard des r\u00e9sultats de l'\u00e9valuation externe mentionn\u00e9e \u00e0 l'article                            \nL. 312-8 du m\u00eame code. \n  \nARTICLE 5e : Tout changement important dans l'activit\u00e9, l'installation, l'organisation, la direction ou le \nfonctionnement de l'\u00e9tablissement ou du service doit \u00eatre port\u00e9 \u00e0 la connaissance des \nautorit\u00e9s comp\u00e9tentes. \n  \nARTICLE 6e : Un recours contre le pr\u00e9sent arr\u00eat\u00e9 peut \u00eatre form\u00e9 devant le tribunal administratif \ncomp\u00e9tent dans un d\u00e9lai de deux mois \u00e0 compter de sa notification.   \n  \n \n \nAgence R\u00e9gionale de Sant\u00e9 - IDF-2025-10-29-00003 - Arr\u00eat\u00e9 n\u00b0 2025-283 portant renouvellement d'autorisation de l'EHPAD Les\nGobelins sis 35-40 rue Le Brun \u00e0 Paris (75013) g\u00e9r\u00e9 par la SAS \u00ab R\u00e9sidence Les Gobelins EHPAD \u00bb 14\nARTICLE 7e : Le Directeur de la D\u00e9l\u00e9gation d\u00e9partementale de Paris de l'Agence r\u00e9gionale de sant\u00e9                           \n\u00cele-de-France et la Directrice de la Direction des Solidarit\u00e9s de la Ville de Paris sont \ncharg\u00e9s, chacun en ce qui le concerne, de l'ex\u00e9cution du pr\u00e9sent arr\u00eat\u00e9 qui sera notifi\u00e9 au \ndemandeur, publi\u00e9 au recueil des actes administratifs de la R\u00e9gion \u00cele-de-France, ainsi que \nsur le portail des publications administratives de la Ville de Paris. \n \n \n \nPour Le Directeur g\u00e9n\u00e9ral \nde l'Agence r\u00e9gionale de sant\u00e9 \n\u00cele-de-France et par d\u00e9l\u00e9gation, \n \nLa Directrice de l'autonomie \n \n \nPour la Maire de Paris  \nEt par d\u00e9l\u00e9gation,  \n \n  \nLe Directeur Adjoint des Solidarit\u00e9s \n \nSt\u00e9phanie TALBOT Jacques BERGER \n  \n  \n  \n \n \n \n  \n                                                            Fait \u00e0 Saint-Denis, le 29/10/2025 \n  \nAgence R\u00e9gionale de Sant\u00e9 - IDF-2025-10-29-00003 - Arr\u00eat\u00e9 n\u00b0 2025-283 portant renouvellement d'autorisation de l'EHPAD Les\nGobelins sis 35-40 rue Le Brun \u00e0 Paris (75013) g\u00e9r\u00e9 par la SAS \u00ab R\u00e9sidence Les Gobelins EHPAD \u00bb 15\nAgence R\u00e9gionale de Sant\u00e9\nIDF-2025-10-27-00008\nArr\u00eat\u00e9 n\u00b0 2025-284 portant autorisation de\nregroupement de l'autorisation du Service\nd'Education Sp\u00e9ciale et de Soins \u00e0 Domicile\n(SESSAD) La Loupi\u00e8re au profit de l'Etablissement\npour Enfant et Adolescents Polyhandicap\u00e9s\n(EEAP) La Loupi\u00e8re \u00e0 Meaux et d'une extension\nde 5 places au profit de cette plateforme g\u00e9r\u00e9e\npar l'association CESAP\nAgence R\u00e9gionale de Sant\u00e9 - IDF-2025-10-27-00008 - Arr\u00eat\u00e9 n\u00b0 2025-284 portant autorisation de regroupement de l'autorisation du\nService d'Education Sp\u00e9ciale et de Soins \u00e0 Domicile (SESSAD) La Loupi\u00e8re au profit de l'Etablissement pour Enfant et Adolescents\nPolyhandicap\u00e9s (EEAP) La Loupi\u00e8re \u00e0 Meaux et d'une extension de 5 places au profit de cette plateforme g\u00e9r\u00e9e par l'association CESAP\n16\nREPUBLIQUEFRANCAISELibert\u00e9Egalit\u00e9Fraternit\u00e9\n\u00a9 D Agence R\u00e9gionale de Sant\u00e9Ile-de-France\n \n \n \n \n \n1 sur 4 \n \n \n \n \nAGENCE R\u00c9GIONALE DE SANT\u00c9 \u00ceLE-DE-France \nARR\u00caT\u00c9 N\u00b02025 \u2013 284  \n \nPortant autorisation de regroupement de l'autorisation du Service d'Education Sp\u00e9ciale \net de Soins \u00e0 Domicile (SESSAD) la Loupi\u00e8re au profit de l'Etablissement pour Enfants \net Adolescents Polyhandicap\u00e9s (EEAP) la Loupi\u00e8re sis 1 chemin du Canal \u00e0 MEAUX \n(77100) et d'une extension de 5 places au profit de cette plateforme g\u00e9r\u00e9e par                                              \nl'Association CESAP \n \n \nLE DIRECTEUR G\u00c9N\u00c9RAL DE L'AGENCE R\u00c9GIONALE DE SANT\u00c9 D'\u00ceLE-DE-FRANCE \n \nVU le code de l'action sociale et des familles et notamment les articles L. 312-1, L. 313-1, \nL. 314-3 et suivants, R313-1 et suivants et D. 312-0-1 et suivants ; \n \nVU le d\u00e9cret du 10 avril 2024 portant attribution de fonctions de Monsieur Denis ROBIN, \ndirecteur g\u00e9n\u00e9ral de l'Agence r\u00e9gionale de sant\u00e9 d'\u00cele -de-France, \u00e0 compter 29 avril \n2024 ; \n \nVU l'arr\u00eat\u00e9 DS n\u00b0115/2024 du 25 septembre 2024 portant d\u00e9l\u00e9gation de signature \u00e0 \nMadame St\u00e9phanie TALBOT, Directrice de l'autonomie ; \n \nVU la d\u00e9cision de d\u00e9l\u00e9gation de signature du Directeur G\u00e9n\u00e9ral de l 'ARS vers Madame \nH\u00e9l\u00e8ne MARIE, la directrice de la d\u00e9l\u00e9gation d\u00e9partementale de Seine -et-Marne en \ndate du 29 avril 2024 ;  \n \nVU l'arr\u00eat\u00e9 n\u00b0 DIRNOV-2023/08 de la Directrice g\u00e9n\u00e9rale de l'Agence r\u00e9gionale de sant\u00e9 \n\u00cele-de-France en date du 26 octobre 2023 portant adoption du cadre d'orientation \nstrat\u00e9gique 2018-2028 du projet r\u00e9gional de sant\u00e9 d'\u00cele-de-France ; \n \nVU l'arr\u00eat\u00e9 n\u00b0 DIRNOV-2023/09 de la Directrice g\u00e9n\u00e9rale de l'Agence r\u00e9gionale de sant\u00e9 \n\u00cele-de-France en date du 26 octobre 2023 portant adoption du sch\u00e9ma r\u00e9gional de \nsant\u00e9 2023 -2028 du  projet r\u00e9gional de sant\u00e9 d'\u00cele -de-France, modifi\u00e9 par l'arr\u00eat\u00e9 \nn\u00b0DIRNOV-2023/09 en date du 12 janvier 2024 ; \n \nVU l'arr\u00eat\u00e9 n\u00b0 2023 -346 de la Directrice g\u00e9n\u00e9rale de l'Agence r\u00e9gionale de sant\u00e9 \u00cele -de-\nFrance en date du 04 d\u00e9cembre 2023 \u00e9tablissant le programme interd\u00e9partemental \nd'accompagnement des handicaps et de la perte d'autonomie (PRIAC) 2023-2027 pour \nla r\u00e9gion \u00cele-de-France ; \n \nVU l'arr\u00eat\u00e9 n\u00b086-1428 du 18 d\u00e9cembre 1986 autorisant le CESAP \u00e0 cr\u00e9er un Service de \nSoins et d'\u00c9ducation Sp\u00e9cialis\u00e9e \u00e0 Domicile dans chaque d\u00e9partement de la r\u00e9gion \u00cele-\nde-France recevant des enfants et adolescents polyhandicap\u00e9s des deux sexes, \u00e2g\u00e9s \nde 0 \u00e0 20 ans, permettant l'ouverture d'un SSESD d'une capacit\u00e9 totale de 50 \nplaces sur le territoire seine-et-marnais ; \n \nAgence R\u00e9gionale de Sant\u00e9 - IDF-2025-10-27-00008 - Arr\u00eat\u00e9 n\u00b0 2025-284 portant autorisation de regroupement de l'autorisation du\nService d'Education Sp\u00e9ciale et de Soins \u00e0 Domicile (SESSAD) La Loupi\u00e8re au profit de l'Etablissement pour Enfant et Adolescents\nPolyhandicap\u00e9s (EEAP) La Loupi\u00e8re \u00e0 Meaux et d'une extension de 5 places au profit de cette plateforme g\u00e9r\u00e9e par l'association CESAP\n17\n2 sur 4 \n \nVU l'arr\u00eat\u00e9 n\u00b093-1380 du 02 novembre 1993 autorisant le CESAP \u00e0 transformer le Service \nde Soins et d'\u00c9ducation Sp\u00e9cialis\u00e9e \u00e0 Domicile (SSESD) en Service de Soins et d'Aide \n\u00e0 Domicile (SSAD), modifi\u00e9 en date du 3 d\u00e9cembre 1993, avec maintien de la capacit\u00e9 \n\u00e0 50 places \u00e0 titre conservatoire ; \n \nVU l'arr\u00eat\u00e9 n\u00b099-884 du 05 mai 1999 portant autorisation de cr\u00e9ation d'un institut m\u00e9dico-\n\u00e9ducatif de 20 places pouvant prendre en charge des enfants polyhandicap\u00e9s, \u00e2g\u00e9s \nde 4 \u00e0 12 ans ; \n \nVU l'arr\u00eat\u00e9 n\u00b02002-168 du 23 juillet 2002 portant extension de 6 places de l'institut m\u00e9dico-\n\u00e9ducatif \u00ab La Loupi\u00e8re \u00bb, accueillant des enfants et adolescents des deux sexes, \u00e2g\u00e9s \nde 4 \u00e0 18 ans, en externat ;  \n \nVU l'arr\u00eat\u00e9 n\u00b00138/2009 du 25 juin 2009 portant extension de 24 places en semi -internat \nou externat et cr\u00e9ation de 20 places en internat pour enfants polyhandicap\u00e9s de 4 \u00e0 20 \nans ; \n \nVU    l'arr\u00eat\u00e9 n\u00b02018-172 du 16 octobre 2018 portant autorisation de requalification de l'IME \nLa Loupi\u00e8re en \u00c9tablissement pour Enfants et Adolescents Polyhandicap\u00e9s La \nLoupi\u00e8re, pour une capacit\u00e9 totale de 70 places ; \n \nVU l'arr\u00eat\u00e9 2024-209 du 06 ao\u00fbt 2024 portant autorisation d'extension de capacit\u00e9 de 70 \u00e0 \n72 places pour une Unit\u00e9 d'Enseignement Externalis\u00e9e Polyhandicap et une Unit\u00e9 \nd'Enseignement Externalis\u00e9e Polyhandicap Coll\u00e8ge, au profit de l'EEAP La Loupi\u00e8re ; \n \nVU l'avenant de prorogation du Contrat Pluriannuel d'Objectifs et de Moyens (CPOM) \n2019-2023, sign\u00e9 le 1er janvier 2024, pour une validit\u00e9 jusqu'au 31 d\u00e9cembre 2024 ; \n \nVU l'avenant de prorogation du Contrat Pluriannuel d'Objectifs et de Moyens (CPOM) \n2019-2023, sign\u00e9 le 06 novembre 2024, pour une validit\u00e9 jusqu'au 31 d\u00e9cembre 2025 ; \n \nVU la demande de l'association visant un fonctionnement en plateforme  de services \ncoordonn\u00e9s avec le regroupement des places de SESSAD la Loupi\u00e8re au profit de \nl'EEAP la Loupi\u00e8re ; \n \nVU la sectorisation g\u00e9ographique issue de la r\u00e9flexion men\u00e9e dans le cadre de la \ntransformation de l'offre \u00e0 destination des personnes relevant du groupe de d\u00e9ficiences \npolyhandicap et handicap moteur, d\u00e9terminant pour chacun des quatre organismes \ngestionnaires concern\u00e9s par cette offre, une zone d'intervention prioritaire dont la liste \ndes communes est partag\u00e9e avec les partenaires de la R\u00e9ponse Accompagn\u00e9e ; \n \n \nCONSID\u00c9RANT que la demande de l'association CESAP r\u00e9pond \u00e0 un besoin de \nd\u00e9veloppement de l'offre m\u00e9dico-sociale identifi\u00e9 sur le d\u00e9partement de \nla Seine-et-Marne pour les personnes concern\u00e9es par le polyhandicap \net le handicap moteur ; \n \nCONSIDERANT que la demande d'autorisation pr\u00e9sent\u00e9e dans le cadre de la \ntransformation de l'offre m\u00e9dico -sociale porte sur le transfert de  \nl'autorisation du SESSAD la Loupi\u00e8re au profit de l'EEAP la Loupi\u00e8re au \ntitre de la cr\u00e9ation d'une plateforme de services coordonn\u00e9s ; \n \nCONSIDERANT que ce projet permettra \u00e0 l'association CESAP d'ajuster son offre sur le \nterritoire en fonction des besoins rep\u00e9r\u00e9s dans le cadre du diagnostic \nterritorial partag\u00e9 \u00e9tabli en septembre 2023, par les op\u00e9rations \nsuivantes : \n- requalification de 6 places d'h\u00e9bergement en 6 places d'accueil \nde jour ; \nAgence R\u00e9gionale de Sant\u00e9 - IDF-2025-10-27-00008 - Arr\u00eat\u00e9 n\u00b0 2025-284 portant autorisation de regroupement de l'autorisation du\nService d'Education Sp\u00e9ciale et de Soins \u00e0 Domicile (SESSAD) La Loupi\u00e8re au profit de l'Etablissement pour Enfant et Adolescents\nPolyhandicap\u00e9s (EEAP) La Loupi\u00e8re \u00e0 Meaux et d'une extension de 5 places au profit de cette plateforme g\u00e9r\u00e9e par l'association CESAP\n18\n3 sur 4 \n \n- extension de 5 places toutes modalit\u00e9s ; \n \nCONSIDERANT qu'ainsi, la capacit\u00e9 totale de la plateforme de services coordonn\u00e9s est \nport\u00e9e \u00e0 132 places ; \n \nCONSIDERANT  que, dans ce cadre, au titre du transfert des autorisations de chaque \nESMS, les places de SESSAD (milieu ordinaire) deviennent une \nmodalit\u00e9 d'accompagnement de l'EEAP porteur de la plateforme  de \nservices coordonn\u00e9s, conform\u00e9ment au dernier alin\u00e9a du I de l'article L. \n312-1 du code de l'action sociale et des familles (CASF) ; \n \nCONSIDERANT  que cette plateforme de services coordonn\u00e9s propose la mise en place \nde toutes les modalit\u00e9s d'accompagnement (h\u00e9bergement permanent et \nh\u00e9bergement hors les murs, accueil de jour, accompagnement en milieu \nordinaire) fonctionnant en file active, de fa\u00e7on modulaire, \u00e0 temps plein \nou de mani\u00e8re s\u00e9quentielle, sans exclusion d'une modalit\u00e9 par rapport \n\u00e0 l'autre, dans une logique de parcours coordonn\u00e9 en fonction des \nbesoins de l'enfant et de sa famille et/ou de son repr\u00e9sentant l\u00e9gal ; \n \nCONSID\u00c9RANT  que cette plateforme de services coordonn\u00e9s est compatible avec les \nobjectifs et r\u00e9pond aux besoins  sociaux et m\u00e9dico-sociaux fix\u00e9s par le \nsch\u00e9ma r\u00e9gional de sant\u00e9 ;  \n \nCONSID\u00c9RANT qu'elle satisfait aux r\u00e8gles d'organisation et de fonctionnement pr\u00e9vues \npar le code de l'action sociale et des familles ; \n \nCONSID\u00c9RANT qu'elle pr\u00e9sente un co\u00fbt de fonctionnement en ann\u00e9e pleine compatible \navec le PRIAC \u00cele-de-France et avec le montant de l'une des dotations \nmentionn\u00e9es \u00e0 l'article L. 314 -3 du code de l'action sociale et des \nfamilles ; \n \nCONSID\u00c9RANT  que l'op\u00e9ration peut s'effectuer \u00e0 moyens constants et n'entra\u00eene donc \naucun surco\u00fbt ; \n \nARR\u00caTE  \n \n \nARTICLE 1er :   L'autorisation visant au fonctionnement en plateforme de services coordonn\u00e9s de \nl'EEAP La Loupi\u00e8re, sis 1 chemin du Canal \u00e0 MEAUX (77100) est accord\u00e9e \u00e0 \nl'association CESAP dont le si\u00e8ge social est situ\u00e9 au 62 rue de la Glaci\u00e8re \u00e0 Paris \n(75013). \n \nARTICLE 2e :   La capacit\u00e9 totale de la plateforme de services coordonn\u00e9s port\u00e9e par l'EEAP est \ndor\u00e9navant de 132 places toutes modalit\u00e9s d'accueil destin\u00e9es \u00e0 la prise en charge \nd'enfants et adolescents de 0 \u00e0 20 ans pr\u00e9sentant un polyhandicap ou un handicap \nmoteur, avec ou sans troubles associ\u00e9s, y compris des troubles du spectre \nautistique. \n \nARTICLE 3e :  Conform\u00e9ment aux termes du dernier alin\u00e9a du I de l'article D. 312-0-3 du code de \nl'action sociale et des familles, aucune sp\u00e9cialisation n'exclut la prise en charge de \npersonnes pr\u00e9sentant des troubles associ\u00e9s \u00e0 ceux qui font l'objet de la pr\u00e9sente \nautorisation. \n \nARTICLE 4e :  Cette structure est r\u00e9pertori\u00e9e dans le Fichier National des Etablissements \nSanitaires et Sociaux (FINESS) de la fa\u00e7on suivante :  \n \nN\u00b0 FINESS de l'\u00e9tablissement : 77 001 514 7 \n \nAgence R\u00e9gionale de Sant\u00e9 - IDF-2025-10-27-00008 - Arr\u00eat\u00e9 n\u00b0 2025-284 portant autorisation de regroupement de l'autorisation du\nService d'Education Sp\u00e9ciale et de Soins \u00e0 Domicile (SESSAD) La Loupi\u00e8re au profit de l'Etablissement pour Enfant et Adolescents\nPolyhandicap\u00e9s (EEAP) La Loupi\u00e8re \u00e0 Meaux et d'une extension de 5 places au profit de cette plateforme g\u00e9r\u00e9e par l'association CESAP\n19\n4 sur 4 \n \nCode cat\u00e9gorie : [188] \u2013  Etablissement pour Enfants ou Adolescents Polyhandicap\u00e9s \nCode discipline : [844] \u2013  Tous projets \u00e9ducatifs, p\u00e9dagogiques et th\u00e9rapeutiques \nCode          \nfonctionnement :  \n \nCode client\u00e8le :   \n \n[48] \u2013 Tous modes d'accueil et d'accompagnement  \n \n[414] \u2013 D\u00e9ficience Motrice \n[500] \u2013 Polyhandicap \n \n \n                   Capacit\u00e9 totale autoris\u00e9e : 132 places  \n \n                   N\u00b0 FINESS du gestionnaire : 75 081 582 1   \n \nCode mode de fixation des tarifs : [57] ARS / Dot. Globalis\u00e9e \n \nCode statut : [61] Association Loi 1901 reconnue d'utilit\u00e9 publique \n \nARTICLE 5e : La pr\u00e9sente autorisation est valable sous r\u00e9serve du r\u00e9sultat positif de la visite de \nconformit\u00e9 pr\u00e9vue par l'article L. 313-6 du code de l'action sociale et des familles. \n \nARTICLE 6e : Elle est caduque en l'absence d'ouverture au public de l'\u00e9tablissement dans un \nd\u00e9lai de quatre ans suivant la notification de la d\u00e9cision d'autorisation \nconform\u00e9ment aux articles L. 313 -1 et D . 313-7-2 du code de l'action sociale et \ndes familles. \n \nARTICLE 7e : Tout changement important dans l'activit\u00e9, l'installation, l'organisation, la direction \nou le fonctionnement de l'\u00e9tablissement  ou du service  doit \u00eatre port\u00e9 \u00e0 la \nconnaissance de l'autorit\u00e9 comp\u00e9tente. \n \nARTICLE 8e : Un recours contre le pr\u00e9sent arr\u00eat\u00e9 peut \u00eatre form\u00e9 devant le tribunal administratif \ncomp\u00e9tent dans un d\u00e9lai de deux mois \u00e0 compter de sa notification ou pour les \ntiers, \u00e0 compter de sa publication.   \n \nARTICLE 9e :  La directrice de la d\u00e9l\u00e9gation d\u00e9partementale de la Seine-et-Marne de l'Agence \nr\u00e9gionale de sant\u00e9 \u00cele-de-France est charg\u00e9e de l'ex\u00e9cution du pr\u00e9sent arr\u00eat\u00e9 qui \nsera publi\u00e9 aux recueils des actes administratifs de la R\u00e9gion \u00cele-de-France et du \nD\u00e9partement de la Seine-et-Marne. \n \n \n \n \n                                                                                        Fait \u00e0 Lieusaint, le 27 oct. 2025 \n \n                                                                                        Pour le Directeur g\u00e9n\u00e9ral \n          de l'Agence r\u00e9gionale de sant\u00e9 \n          \u00cele-de-France et par d\u00e9l\u00e9gation \n \n \n \n \n          H\u00e9l\u00e8ne MARIE \n          Directrice de la d\u00e9l\u00e9gation \nd\u00e9partementale de Seine-et-Marne\n   \nSign\u00e9 \nAgence R\u00e9gionale de Sant\u00e9 - IDF-2025-10-27-00008 - Arr\u00eat\u00e9 n\u00b0 2025-284 portant autorisation de regroupement de l'autorisation du\nService d'Education Sp\u00e9ciale et de Soins \u00e0 Domicile (SESSAD) La Loupi\u00e8re au profit de l'Etablissement pour Enfant et Adolescents\nPolyhandicap\u00e9s (EEAP) La Loupi\u00e8re \u00e0 Meaux et d'une extension de 5 places au profit de cette plateforme g\u00e9r\u00e9e par l'association CESAP\n20\nAgence R\u00e9gionale de Sant\u00e9\nIDF-2025-10-28-00021\nArr\u00eat\u00e9 n\u00b02025-270 portant autorisation\nd'extension de capacit\u00e9 de 32 \u00e0 36 places de\nl'Institut M\u00e9dico\u00e9ducatif (IME) Le Silence des\nJustes \u00e0 Paris 19\u00e8me g\u00e9r\u00e9 par l'association Le\nSilence des Justes-Ohalei-Yaacov\nAgence R\u00e9gionale de Sant\u00e9 - IDF-2025-10-28-00021 - Arr\u00eat\u00e9 n\u00b02025-270 portant autorisation d'extension de capacit\u00e9 de 32 \u00e0 36 places\nde l'Institut M\u00e9dico\u00e9ducatif (IME) Le Silence des Justes \u00e0 Paris 19\u00e8me g\u00e9r\u00e9 par l'association Le Silence des Justes-Ohalei-Yaacov 21\nREPUBLIQUEFRANCAISELibert\u00e9Egalit\u00e9Fraternit\u00e9\n\u00a9 > Agence R\u00e9gionale de Sant\u00e9Ile-de-France\n \n \n \n \n \n \n \n \n \n \nAGENCE R\u00c9GIONALE DE SANT\u00c9 \u00ceLE-DE-FRANCE \nARRETE N\u00b0 2025 - 270 \n  \nportant autorisation d'extension de capacit\u00e9 de 32 \u00e0 36 places de l'Institut M\u00e9dico-Educatif \n(IME) Le Silence des Justes sis 95 rue Petit \u00e0 Paris (75019), \n \n \n g\u00e9r\u00e9 par l'association Le Silence des Justes-Ohalei-Yaacov \n \n \n \nLE DIRECTEUR G\u00c9N\u00c9RAL DE L'AGENCE R\u00c9GIONALE DE SANT\u00c9 \u00ceLE-DE-FRANCE \n \nVU le code de l'action sociale et des familles et notamment les articles L. 312-1, L. 313-1, L. \n314-3 et suivants ; \n \nVU        le d\u00e9cret du 10 avril 2024 portant nomination de Monsieur Denis ROBIN, Directeur \nG\u00e9n\u00e9ral de l'Agence r\u00e9gionale de sant\u00e9 \u00cele-de-France \u00e0 compter du 29 avril 2024 ; \n \nVU l'arr\u00eat\u00e9 DS N\u00b0115/2024 du 25 septembre 2024 portant d\u00e9l\u00e9gation de signature \u00e0 Madame \nSt\u00e9phanie TALBOT, Directrice de l'autonomie ; \n \nVU l'arr\u00eat\u00e9 n\u00b0 DIRNOV-2023/08 de la Directrice g\u00e9n\u00e9rale de l'Agence r\u00e9gionale de sant\u00e9 \u00cele-\nde-France en date du 26 octobre 2023 portant adoption du cadre d'orientation strat\u00e9gique \n2018-2028 du projet r\u00e9gional de sant\u00e9 d'\u00cele-de-France ; \n \nVU l'arr\u00eat\u00e9 n\u00b0 DIRNOV-2023/09 de la Directrice g\u00e9n\u00e9rale de l'Agence r\u00e9gionale de sant\u00e9 \u00cele-\nde-France en date du 26 octobre 2023 portant adoption du sch\u00e9ma r\u00e9gional de sant\u00e9 \n2023-2028 du projet r\u00e9gional de sant\u00e9 d' \u00cele-de-France, modifi\u00e9 par l'arr\u00eat\u00e9 n\u00b0DIRNOV -\n2023/09 en date du 12 janvier 2024 ; \n \nVU l'arr\u00eat\u00e9 n\u00b0 2023  - 346 de la Directrice g\u00e9n\u00e9rale de l'Agence r\u00e9gionale de sant\u00e9 \u00cele-de-\nFrance en date du 4 d\u00e9cembre 2023 \u00e9tablissant le programme interd\u00e9partemental \nd'accompagnement des handicaps et de la perte d'autonomie (PRIAC) 2023-2027 pour la \nr\u00e9gion \u00cele-de-France ; \n \nVU l'arr\u00eat\u00e9 n\u00b0 2022- 40 du 23 mars 2022 portant autorisation de cr\u00e9ation d'un institut M\u00e9dico-\nEducatif (IME) de 32 places pour enfants et adolescents \u00e2g\u00e9s de 0 \u00e0 20 ans g\u00e9r\u00e9 par \nl'association Le Silence des Justes\u2013Ohalei-Yaacov ; \n \nVU la demande de l'association pour une extension de places sur le d\u00e9partement de la Seine-\nSaint-Denis pour r\u00e9pondre aux besoins des enfants ; \n \n \n \n \n  \nAgence R\u00e9gionale de Sant\u00e9 - IDF-2025-10-28-00021 - Arr\u00eat\u00e9 n\u00b02025-270 portant autorisation d'extension de capacit\u00e9 de 32 \u00e0 36 places\nde l'Institut M\u00e9dico\u00e9ducatif (IME) Le Silence des Justes \u00e0 Paris 19\u00e8me g\u00e9r\u00e9 par l'association Le Silence des Justes-Ohalei-Yaacov 22\n   \n \n       2 \n \nCONSID\u00c9RANT  que le projet  r\u00e9pond \u00e0 un besoin de d\u00e9veloppement de l'offre m\u00e9dico -\nsociale identifi\u00e9 sur  le d\u00e9partement de Seine -Saint-Denis pour les \npersonnes concern\u00e9es par des troubles du spectre de l'autisme ; \n \nCONSID\u00c9RANT qu'il est compatible avec les objectifs et r\u00e9pond aux besoins sociaux et \nm\u00e9dico-sociaux fix\u00e9s par le sch\u00e9ma r\u00e9gional de sant\u00e9 ;  \n \nCONSID\u00c9RANT qu'il satisfait aux r\u00e8gles d'organisation et de fonctionnement pr\u00e9vues par le \ncode de l'action sociale et des familles ;  \n \nCONSID\u00c9RANT qu'il pr\u00e9sente un co\u00fbt de fonctionnement en ann\u00e9e pleine compatible avec \nle PRIAC  \u00cele-de-France et avec le montant de l'une des dotations \nmentionn\u00e9es \u00e0 l'article L. 314-3 du code de l'action sociale et des familles ; \n \nCONSID\u00c9RANT que l'Agence r\u00e9gionale de sant\u00e9 \u00cele-de-France dispose pour ce projet des \ncr\u00e9dits n\u00e9cessaires \u00e0 sa mise en \u0153uvre \u00e0 hauteur de 488 229 \u20ac ; \n \nCONSIDERANT           qu'une convention entre le Silence des Justes \u2013Ohalei-Yaacov, la ville de \nParis, le Conseil d\u00e9partemental de l a Seine-Saint-Denis et l'Agence \nr\u00e9gionale de Sant\u00e9 \u00cele-de-France vient pr\u00e9ciser d'une part, le financement \nannuel attribu\u00e9 par les d\u00e9partements au titre de l'accueil des b\u00e9n\u00e9ficiaires \nconfi\u00e9s par le juge des enfants ou les services de l'aide sociale \u00e0 l'enfance \net relevant de leur responsabilit\u00e9 et, d'autre part les su rco\u00fbts li\u00e9s \u00e0 \nl'accompagnement des troubles du comportement des personnes \naccueillies financ\u00e9s par l'Agence r\u00e9gionale de sant\u00e9 d'\u00cele-de-France ;  \n       \n \n \n \nARR\u00caTE  \n \nARTICLE 1er :  L'autorisation visant \u00e0 l'extension de capacit\u00e9 de 4 places de l'IME Le Silence des \nJustes sis 95 rue Petit \u00e0 Paris (75019) est accord\u00e9e \u00e0 l'association Le Silence des \nJustes\u2013Ohalei-Yaacov dont le si\u00e8ge social est situ\u00e9 \u00e0 la m\u00eame adresse, pour \naccompagner les enfants de la Seine-Saint-Denis.   \n \nARTICLE 2e :    La capacit\u00e9 totale de cet \u00e9tablissement est dor\u00e9navant de 36 places destin\u00e9es \u00e0 des \nenfants, adolescents et jeunes adultes \u00e2g\u00e9s de 0 \u00e0 20 ans pr\u00e9sentant des troubles \ndu spectre de l'autisme , en internat 365 jours par an , dont 25 places pour le \nd\u00e9partement de la Seine-Saint-Denis et 11 places pour Paris, ainsi r\u00e9parties : \n \nL'accueil de jour de l'IME est situ\u00e9 aux adresses suivantes : \n- 18-26 rue Goubet \u00e0 Paris (75019) ; \n- 100 rue Petit \u00e0 Paris (75019) ; \n- 64 rue de Crim\u00e9e \u00e0 Paris (75019) ; \n- 60/64 rue du Landy \u00e0 La Plaine Saint-Denis (93210). \n \nLes places d'h\u00e9bergement se situent aux adresses suivantes : \n- 8/10 et 11 rue des Bl\u00e9s \u00e0 la Plaine Saint-Denis (93210) ; \n- 20 rue Jamin \u00e0 la Plaine Saint-Denis (93210) ; \n- 7 rue des Fruitiers \u00e0 la Plaine Saint-Denis (93210) ; \n- 185 Avenue du Pr\u00e9sident Wilson \u00e0 la Plaine Saint-Denis (93210) ; \n- 7A, 7B, 7C rue Guynemer \u00e0 Saint-Denis (93200) ; \n- 65 rue de la R\u00e9publique \u00e0 Saint-Denis (93200) ; \nAgence R\u00e9gionale de Sant\u00e9 - IDF-2025-10-28-00021 - Arr\u00eat\u00e9 n\u00b02025-270 portant autorisation d'extension de capacit\u00e9 de 32 \u00e0 36 places\nde l'Institut M\u00e9dico\u00e9ducatif (IME) Le Silence des Justes \u00e0 Paris 19\u00e8me g\u00e9r\u00e9 par l'association Le Silence des Justes-Ohalei-Yaacov 23\n   \n \n       3 \n \n- 8 rue Gibault \u00e0 Saint-Denis (93200) ; \n- 9 boulevard Jules Guesde \u00e0 Saint-Denis (93200) ; \n- 11 avenue Jean Moulin \u00e0 Saint-Denis (93200) ; \n- 25 rue des Ursulines \u00e0 Saint-Denis (93200) ; \n- 7 rue Arthur Fontaine \u00e0 Saint-Denis (93200) ; \n- 50 et 54 rue C\u00e9saria Evora \u00e0 Paris (75019) ; \n- 16 rue des Noyers \u00e0 Aubervilliers (93300) ; \n- 181 boulevard Macdonald \u00e0 Paris (75019) ; \n- 7 rue Curial \u00e0 Paris (75019). \n \nARTICLE 3e :  Conform\u00e9ment aux termes du dernier alin\u00e9a du I de l'article D. 312 -0-3 du code de \nl'action sociale et des familles, a ucune sp\u00e9cialisation n'exclut la prise en charge de \npersonnes pr\u00e9sentant des troubles associ\u00e9s \u00e0 ceux qui font l'objet de la pr\u00e9sente \nautorisation.  \n \nARTICLE 4e :  Cette structure est r\u00e9pertori\u00e9e dans le Fichier National des Etablissements Sanitaires \net Sociaux (FINESS) de la fa\u00e7on suivante : \n \nN\u00b0 FINESS de l'\u00e9tablissement : 750062986 \n \nCode \ncat\u00e9gorie : \n \n                183 \u2013 Institut M\u00e9dico-Educatif \n \nCode \ndiscipline :  \n \n844 \u2013 Tous projets \u00e9ducatifs \nth\u00e9rapeutiques et p\u00e9dagogiques \n \nCode \nfonctionnement  \n \n11 \u2013 H\u00e9bergement Complet Internat \n \n36 places \n \nCode client\u00e8le : \n \n437 \u2013 Troubles du spectre de l'autisme \n \n36 places \n  \n \nCode mode de fixation des tarifs : 57 \u2013 Dotation globalis\u00e9e dans le cadre d'un CPOM \n \nN\u00b0 FINESS du gestionnaire : 750037228 \n \nCode statut : 60 \u2013 Association Loi 1901 Non Reconnue d'Utilit\u00e9 Publique \n \n \nARTICLE 5e : Conform\u00e9ment aux dispositions de l'article D. 313-12-1 du code de l'action sociale et \ndes familles, la pr\u00e9sente autorisation est valable sous r\u00e9serve de la transmission, aux \nautorit\u00e9s comp\u00e9tentes , avant la date d'entr\u00e9e en service de la nouvelle capacit\u00e9 \nautoris\u00e9e, d'une d\u00e9claration sur l'honneur attestant de la conformit\u00e9 de \nl'\u00e9tablissement ou du service aux conditions techniques minimales d'organisation et \nde fonctionnement mentionn\u00e9es au II de l'article L. 312-1 du m\u00eame code. \n \nARTICLE 6e :    Elle est caduque en l'absence d'ouverture au public de l'\u00e9tablissement ou du service \ndans un d\u00e9lai de quatre ans suivant la notification de la d\u00e9cision d'autorisation  \nconform\u00e9ment aux articles L. 313-1 et D. 313-7-2 du code de l'action sociale et des \nfamilles. \n \nARTICLE 7e :   Tout changement important dans l'activit\u00e9, l'installation, l'organisation, la direction ou \nle fonctionnement de l'\u00e9tablissement ou du service doit \u00eatre port\u00e9 \u00e0 la connaissance \nde l'autorit\u00e9 comp\u00e9tente. \n \nAgence R\u00e9gionale de Sant\u00e9 - IDF-2025-10-28-00021 - Arr\u00eat\u00e9 n\u00b02025-270 portant autorisation d'extension de capacit\u00e9 de 32 \u00e0 36 places\nde l'Institut M\u00e9dico\u00e9ducatif (IME) Le Silence des Justes \u00e0 Paris 19\u00e8me g\u00e9r\u00e9 par l'association Le Silence des Justes-Ohalei-Yaacov 24\nage\n   \n \n       4 \n \nARTICLE 8e :  Un recours contre le pr\u00e9sent arr\u00eat\u00e9 peut \u00eatre form\u00e9 devant le tribunal administratif \ncomp\u00e9tent dans un d\u00e9lai de deux mois \u00e0 compter de sa notification ou, pour les tiers, \n\u00e0 compter de sa publication.   \n \nARTICLE 9e :   La Directrice de la d\u00e9l\u00e9gation d\u00e9partementale de Seine-Saint-Denis de l'Agence \nr\u00e9gionale de sant\u00e9 \u00cele-de-France est charg\u00e9e de l'ex\u00e9cution du pr\u00e9sent arr\u00eat\u00e9 qui sera \npubli\u00e9 au recueil des actes administratifs de la R\u00e9gion \u00cele-de-France. \n \n \n \n \n       \n Fait \u00e0 Saint-Denis, le 28 oct 2025  \n \n         \n Pour le Directeur g\u00e9n\u00e9ral \n de l'Agence r\u00e9gionale de sant\u00e9 \n \u00cele-de-France et par d\u00e9l\u00e9gation, \nLa directrice de l'autonomie  \n \n \n \n \n St\u00e9phanie TALBOT \n \n \n \nAgence R\u00e9gionale de Sant\u00e9 - IDF-2025-10-28-00021 - Arr\u00eat\u00e9 n\u00b02025-270 portant autorisation d'extension de capacit\u00e9 de 32 \u00e0 36 places\nde l'Institut M\u00e9dico\u00e9ducatif (IME) Le Silence des Justes \u00e0 Paris 19\u00e8me g\u00e9r\u00e9 par l'association Le Silence des Justes-Ohalei-Yaacov 25\nAgence R\u00e9gionale de Sant\u00e9\nIDF-2025-10-14-00017\nArr\u00eat\u00e9 n\u00b0DOS 2025/4272 portant approbation\nl'avenant n\u00b07 \u00e0 la convention constitutive du\nGroupement de Coop\u00e9ration Sanitaire \u00ab LNA\nSant\u00e9\u00bb\nAgence R\u00e9gionale de Sant\u00e9 - IDF-2025-10-14-00017 - Arr\u00eat\u00e9 n\u00b0DOS 2025/4272 portant approbation l'avenant n\u00b07 \u00e0 la convention\nconstitutive du Groupement de Coop\u00e9ration Sanitaire \u00ab LNA Sant\u00e9\u00bb 26\nEREPUBLIQUEFRAN\u00c7AISELibert\u00e9Egalit\u00e9Fraternit\u00e9\n@ D Agence R\u00e9gionale de Sant\u00e9lle-de-France\nAGENCE R\u00c9GIONALE DE SANT\u00c9 \u00ceLE-DE-FRANCE\nARR\u00caT\u00c9 N\u00b0DOS 2025/4272\nportant approbation l'avenant n\u00b07 \u00e0 la convention constitutive du Groupement de \nCoop\u00e9ration Sanitaire \u00ab LNA Sant\u00e9\u00bb\nLE DIRECTEUR G\u00c9N\u00c9RAL DE L'AGENCE R\u00c9GIONALE DE SANT\u00c9 \u00ceLE-DE-FRANCE\nVU le code de la sant\u00e9 publique et notamment les articles L.6133-1 et suivants et R. 6133-1 et\nsuivants ;\nVU l'arr\u00eat\u00e9 du 5 avril 2019 relatif aux groupements de coop\u00e9rations sanitaires ;\nVU le d\u00e9cret du 10 avril 2024 portant nomination de Monsieur Denis ROBIN, Directeur g\u00e9n\u00e9ral de\nl'Agence r\u00e9gionale de sant\u00e9 \u00cele-de-France \u00e0 compter du 29 avril 2024 ;\nVU l'arr\u00eat\u00e9 DS n\u00b0 034/2024 du 29 avril 2024 du Directeur g\u00e9n\u00e9ral de l'Agence r\u00e9gionale de sant\u00e9\n\u00cele-de-France, Monsieur Denis ROBIN, portant d\u00e9l\u00e9gation de signature \u00e0 Monsieur Arnaud\nCORVAISIER, Directeur de l'Offre de soins de l'ARS \u00cele-de-France ;\nVU l'arr\u00eat\u00e9 n\u00b009-05 du 11 f\u00e9vrier 2009 portant approbation de la convention constitutive du\nGroupement de Coop\u00e9ration sanitaire \u00ab Noble \u00e2ge \u00bb nouvellement nomm\u00e9 \u00ab LNA Sant\u00e9 \u00bb ;\nVU la d\u00e9lib\u00e9ration de l'assembl\u00e9e g\u00e9n\u00e9rale du GCS \u00ab LNA Sant\u00e9 \u00bb du 6 octobre adoptant la\nmodifications des membres ;\nVU l'avenant n\u00b0 7 \u00e0 la convention constitutive du GCS \u00ab LNA Sant\u00e9 \u00bb sign\u00e9 \u00e0 Paris, le 6 octobre\n2025\nCONSID\u00c9RANT que l'avenant n\u00b07 \u00e0 la convention du GCS \u00ab LNA Sant\u00e9 \u00bb respecte les dispositions\ndes articles L. 6133-1 et suivants et R. 6133-1 et suivants du code de la sant\u00e9\npublique ;\nARR\u00caTE\nARTICLE 1er : L'avenant n\u00b0 7 \u00e0 la convention constitutive du Groupement de Coop\u00e9ration Sanitaire \n\u00ab LNA Sant\u00e9 \u00bb est approuv\u00e9.\nARTICLE 2e : L'avenant approuve la modification du p\u00e9rim\u00e8tre des \u00e9tablissements de LNA ES\nparticipant au Groupement cons\u00e9cutive \u00e0 la fusion par absorption de la soci\u00e9t\u00e9 P\u00f4le de\nSant\u00e9 de Meaux en date du 1er janvier 2025. \nAgence R\u00e9gionale de Sant\u00e9 - IDF-2025-10-14-00017 - Arr\u00eat\u00e9 n\u00b0DOS 2025/4272 portant approbation l'avenant n\u00b07 \u00e0 la convention\nconstitutive du Groupement de Coop\u00e9ration Sanitaire \u00ab LNA Sant\u00e9\u00bb 27\n2\nARTICLE 3e : L'avenant approuve la modification de la liste des membres au groupement, en tenant\ncompte du retrait de l'\u00e9tablissement suivant :\n- L'\u00e9tablissement Les Jardins de l'Ourcq, situ\u00e9 2 bis rue d'Orgemont,\n77100 MEAUX\nARTICLE 4e : Le pr\u00e9sent arr\u00eat\u00e9 sera publi\u00e9 au recueil des actes administratifs de la pr\u00e9fecture de la\nr\u00e9gion \u00cele-de-France. Un recours contentieux contre le pr\u00e9sent arr\u00eat\u00e9 peut \u00eatre form\u00e9\naupr\u00e8s du Tribunal administratif comp\u00e9tent. Le d\u00e9lai de recours est de deux mois \u00e0\ncompter de sa notification pour les int\u00e9ress\u00e9s ou de sa publication pour les tiers.\nFait \u00e0 Saint-Denis, le\nLe Directeur g\u00e9n\u00e9ral\nde l'Agence r\u00e9gionale de sant\u00e9\n\u00cele-de-France\nPar d\u00e9l\u00e9gation, \nLe Directeur Adjoint de l'Offre de \nsoins\n \nAgence R\u00e9gionale de Sant\u00e9 - IDF-2025-10-14-00017 - Arr\u00eat\u00e9 n\u00b0DOS 2025/4272 portant approbation l'avenant n\u00b07 \u00e0 la convention\nconstitutive du Groupement de Coop\u00e9ration Sanitaire \u00ab LNA Sant\u00e9\u00bb 28\nAgence R\u00e9gionale de Sant\u00e9\nIDF-2025-10-28-00020\nD\u00e9cision n\u00b0DOS 2025/4518 en date du\n28/10/2025 relative \u00e0 la demande pr\u00e9sent\u00e9e par\nl'Association Nouvel Institut M\u00e9dico-Chirurgical\nMontsouris en vue de la confirmation \u00e0 son profit\ndes autorisations initialement d\u00e9tenues par la\nMutualit\u00e9 Fonction Publique Action Sant\u00e9 sur le\nsite de l'Institut Mutualiste Montsouris\nAgence R\u00e9gionale de Sant\u00e9 - IDF-2025-10-28-00020 - D\u00e9cision n\u00b0DOS 2025/4518 en date du 28/10/2025 relative \u00e0 la demande\npr\u00e9sent\u00e9e par l'Association Nouvel Institut M\u00e9dico-Chirurgical Montsouris en vue de la confirmation \u00e0 son profit des autorisations\ninitialement d\u00e9tenues par la Mutualit\u00e9 Fonction Publique Action Sant\u00e9 sur le site de l'Institut Mutualiste Montsouris\n29\nEREPUBLIQUEFRAN\u00c7AISELibert\u00e9Egalit\u00e9Fraternit\u00e9\n@ D Agence R\u00e9gionale de Sant\u00e9lle-de-France\nAGENCE R\u00c9GIONALE DE SANT\u00c9 \u00ceLE-DE-FRANCE\nD\u00c9CISION N\u00b0DOS-2025/4518\nLE DIRECTEUR G\u00c9N\u00c9RAL DE L'AGENCE R\u00c9GIONALE DE SANT\u00c9 \u00ceLE-DE-FRANCE\nVU le Code de la sant\u00e9 publique notamment les articles L.6122-1 et suivants, L.6123-1 et\nL.6124-1, R.6122-23 et suivants et en particulier les articles R.6122-35, R.6122-37, D.6121-10,\net D.6122-38 ;\nVU l'ordonnance n\u00b02021-583 du 12 mai 2021 portant modification du r\u00e9gime des autorisations\nd'activit\u00e9s de soins et des \u00e9quipements mat\u00e9riels lourds ; \nVU la loi n\u00b02023-1268 du 27 d\u00e9cembre 2023 visant \u00e0 am\u00e9liorer l'acc\u00e8s aux soins par l'engagement\nterritorial des professionnels, notamment ses articles 9 et 17 ;\nVU le d\u00e9cret du 10 avril 2024 portant nomination de Monsieur Denis ROBIN, Directeur g\u00e9n\u00e9ral de\nl'Agence r\u00e9gionale de sant\u00e9 d'\u00cele-de-France \u00e0 compter du 29 avril 2024 ;\nVU l'arr\u00eat\u00e9 n\u00b02023-171 du 27 juin 2023 de la Directrice g\u00e9n\u00e9rale de l'Agence r\u00e9gionale de sant\u00e9\n\u00cele-de-France portant d\u00e9limitation des zones donnant lieu \u00e0 la r\u00e9partition des activit\u00e9s de soins\net des \u00e9quipements mat\u00e9riels lourds ;\nVU l'arr\u00eat\u00e9 n\u00b0DIRNOV-2024/02 du 12 janvier 2024 modifiant l'arr\u00eat\u00e9 N\u00b0DIRNOV-2023/09 du\n26 octobre 2023 portant adoption du Sch\u00e9ma r\u00e9gional de sant\u00e9 du Projet r\u00e9gional de sant\u00e9\nd'\u00cele-de-France 2023-2028 ;\nVU l'arr\u00eat\u00e9 n\u00b0DESCOM-2025/19 du 30 juin 2025 portant r\u00e9vision du Sch\u00e9ma r\u00e9gional de sant\u00e9 du\nProjet r\u00e9gional de sant\u00e9 d'\u00cele-de-France 2023-2028 ;\nVU le jugement du Tribunal des activit\u00e9s \u00e9conomiques de Paris en date du 15 octobre 2025\narr\u00eatant le plan de cession partielle de la Mutualit\u00e9 Fonction Publique Action Sant\u00e9 Social, 3\nsquare Max Hymans 75015 Paris, en faveur de la soci\u00e9t\u00e9 FOCH SANTE INVESTISSEMENT\nET INTERNATIONAL (FSI), 40 rue Worth 92150 Suresnes, pour la reprise du site de l'Institut\nMutualiste Montsouris, 42 boulevard Jourdan 75014 Paris ; \nVU la demande du 23 octobre 2025 d\u00e9pos\u00e9e par l'Association Nouvel Institut M\u00e9dico-Chirurgical\nMontsouris, dont le si\u00e8ge social est situ\u00e9 au 42 boulevard Jourdan 75014 Paris, en vue de la\nconfirmation \u00e0 son profit des autorisations initialement d\u00e9tenues par la Mutualit\u00e9 Fonction\nPublique Action Sant\u00e9 sur le site de l'Institut Mutualiste Montsouris ;\nCONSID\u00c9RANT que la d\u00e9cision rendue par le Tribunal des activit\u00e9s \u00e9conomiques de Paris en date du\n15 octobre 2025 arr\u00eate le plan de cession partielle en faveur de la soci\u00e9t\u00e9 FOCH\nSANTE INVESTISSEMENT ET INTERNATIONAL (FSI) avec une entr\u00e9e en\njouissance \u00e0 compter du 1er novembre 2025 ;\nque le plan de cession inclut la reprise de l'ensemble des actifs dont les autorisations\nd'activit\u00e9s de soins et d'\u00e9quipements mat\u00e9riels lourds port\u00e9s par la Mutualit\u00e9 Fonction\nPublique Action Sant\u00e9 sur le site de l'Institut Mutualiste Montsouris (Finess\nET : 750150104), 42 boulevard Jourdan 75014 Paris ;\nque le tribunal confie \u00e0 la soci\u00e9t\u00e9 FSI la gestion de l'IMM, dans l'attente de\nl'accomplissement de tous les actes n\u00e9cessaires \u00e0 la r\u00e9alisation de la cession, en\napplication des dispositions de l'article L.642-8 du Code de commerce ;\nAgence R\u00e9gionale de Sant\u00e9 - IDF-2025-10-28-00020 - D\u00e9cision n\u00b0DOS 2025/4518 en date du 28/10/2025 relative \u00e0 la demande\npr\u00e9sent\u00e9e par l'Association Nouvel Institut M\u00e9dico-Chirurgical Montsouris en vue de la confirmation \u00e0 son profit des autorisations\ninitialement d\u00e9tenues par la Mutualit\u00e9 Fonction Publique Action Sant\u00e9 sur le site de l'Institut Mutualiste Montsouris\n30\n2\nque la soci\u00e9t\u00e9 FSI n'a pas vocation \u00e0 g\u00e9rer l'activit\u00e9 reprise et a pr\u00e9vu une facult\u00e9 de\nsubstitution constat\u00e9e par le tribunal ; ainsi, que l'Association Nouvel Institut M\u00e9dico-\nChirurgical Montsouris (Finess EJ : 750078115) a \u00e9t\u00e9 constitu\u00e9e en vue de la reprise ;\npar cons\u00e9quent, que la Pr\u00e9sidente de l'Association Nouvel Institut M\u00e9dico-Chirurgical\nest tenue d'ex\u00e9cuter le plan de cession, conform\u00e9ment aux engagements formul\u00e9s\ndans l'offre et en chambre du conseil, et notamment ceux rappel\u00e9s dans le dispositif\ndu jugement ;\nCONSID\u00c9RANT que l'Association Nouvel Institut M\u00e9dico-Chirurgical Montsouris, dont les membres\nfondateurs sont l'Association H\u00f4pital Foch et la Fondation Foch, a sollicit\u00e9\nl'habilitation d'\u00e9tablissement de sant\u00e9 priv\u00e9 d'int\u00e9r\u00eat collectif (ESPIC) ;\nCONSID\u00c9RANT que la Mutualit\u00e9 Fonction Publique Action Sant\u00e9 est titulaire sur le site de l'Institut\nMutualiste Montsouris des autorisations d'activit\u00e9s de soins de :\n- chirurgie, reconduite par d\u00e9cision du 12 septembre 2024 ;\n- traitement du cancer, reconduite par d\u00e9cision du 27 mai 2025 ;\n- activit\u00e9 interventionnelle sous imagerie m\u00e9dicale en cardiologie, reconduite\npar d\u00e9cision du 1er octobre 2024 ;\n- soins critiques, reconduite par d\u00e9cision du 14 novembre 2024 ;\n- m\u00e9decine, dont l'\u00e9ch\u00e9ance est fix\u00e9e au 1er octobre 2027 ;\n- chirurgie cardiaque, dont l'\u00e9ch\u00e9ance est fix\u00e9e au 30 juin 2027 ;\n- gyn\u00e9cologique-obst\u00e9trique, pour laquelle une demande de renouvellement a\n\u00e9t\u00e9 d\u00e9pos\u00e9e en date du 2 octobre 2025 ;\n- assistance m\u00e9dicale \u00e0 la procr\u00e9ation (AMP) incluant des activit\u00e9s \u00e0 vis\u00e9e\nm\u00e9dicale dont la date d'\u00e9ch\u00e9ance est fix\u00e9e au 28 ao\u00fbt 2033 et des activit\u00e9s\npour raisons non m\u00e9dicales d\u00e9livr\u00e9es le 14 novembre 2024 ;\n- psychiatrie pour laquelle une demande de r\u00e9-autorisation devra \u00eatre d\u00e9pos\u00e9e\nau cours de la p\u00e9riode d\u00e9di\u00e9e s'\u00e9tendant du 1 er novembre au 31 d\u00e9cembre\n2025 ;\n- traitement de l'insuffisance r\u00e9nale chronique par \u00e9puration extrar\u00e9nale  dont\nles \u00e9ch\u00e9ances sont fix\u00e9es au 20 avril 2033 pour l'h\u00e9modialyse en centre pour\nadultes et au 26 octobre 2034  pour l'h\u00e9modialyse en unit\u00e9 m\u00e9dicalis\u00e9e ;\nCONSID\u00c9RANT que la Mutualit\u00e9 Fonction Publique Action Sant\u00e9 exploite en propre des \u00e9quipements\nmat\u00e9riels lourds d'imagerie diagnostique (deux scanographes et un appareil d'IRM)\ndont l'autorisation a \u00e9t\u00e9 reconduite par d\u00e9cision du 2 octobre 2025 ;\npar ailleurs, que la Mutualit\u00e9 Fonction Publique Action Sant\u00e9 est partie prenante au\nGIE IRM Square Mutualit\u00e9 Montsouris (n\u00b0Finess EJ : 750060980), d\u00e9tenteur d'une\nautorisation d'exploiter des \u00e9quipements mat\u00e9riels lourds d'imagerie diagnostique sur\nle site de l'Institut Mutualiste Montsouris, avec un plateau technique incluant un\nappareil d'IRM ;\nCONSID\u00c9RANT que la confirmation des autorisations d'activit\u00e9 de soins implique le transfert de\nl'ensemble des autorisations administratives et r\u00e9glementaires n\u00e9cessaires \u00e0 leur\nexercice, ainsi que des reconnaissances contractuelles associ\u00e9es ;\nque les reconnaissances contractuelles d\u00e9tenues par la Mutualit\u00e9 Fonction Publique\nAction Sant\u00e9 pour le site de l'Institut Mutualiste Montsouris et inscrites au contrat\npluriannuel d'objectifs et de moyens de l'\u00e9tablissement seront rattach\u00e9es au profit de\nla nouvelle association : \n- Surveillance continue en hospitalisation compl\u00e8te ;\n- Orthog\u00e9nie ;\nCONSID\u00c9RANT que la Mutualit\u00e9 Fonction Publique Action Sant\u00e9 d\u00e9tient \u00e9galement les autorisations\nde :\n- pharmacie \u00e0 usage int\u00e9rieur de l'IMM, renouvel\u00e9e le 20 octobre 2023 ;\n- d\u00e9p\u00f4t de sang, renouvel\u00e9 le 27 juillet 2024 ;\n- fonctionnement d'un laboratoire de biologie m\u00e9dicale ;\nAgence R\u00e9gionale de Sant\u00e9 - IDF-2025-10-28-00020 - D\u00e9cision n\u00b0DOS 2025/4518 en date du 28/10/2025 relative \u00e0 la demande\npr\u00e9sent\u00e9e par l'Association Nouvel Institut M\u00e9dico-Chirurgical Montsouris en vue de la confirmation \u00e0 son profit des autorisations\ninitialement d\u00e9tenues par la Mutualit\u00e9 Fonction Publique Action Sant\u00e9 sur le site de l'Institut Mutualiste Montsouris\n31\n3\nCONSID\u00c9RANT que l'Association Nouvel Institut M\u00e9dico-Chirurgical Montsouris a sollicit\u00e9 la\nconfirmation \u00e0 son profit des autorisations pr\u00e9cit\u00e9es en application du jugement du\ntribunal ;\nCONSID\u00c9RANT qu'un plan de cession des actifs et des activit\u00e9s n'impacte pas l'effectivit\u00e9 et la dur\u00e9e\nde validit\u00e9 des autorisations initialement d\u00e9tenues et mises en \u0153uvre sur le site\nconcern\u00e9 par la reprise ; \nCONSID\u00c9RANT que la demande s'inscrit dans le cadre des dispositions de l'article L.6122-3 du Code\nde la sant\u00e9 publique qui pr\u00e9voit que \u00ab toute cession est soumise \u00e0 la confirmation de\nl'autorisation au b\u00e9n\u00e9fice du cessionnaire par l'Agence r\u00e9gionale de sant\u00e9 dans la\nr\u00e9gion dans laquelle se trouve l'autorisation c\u00e9d\u00e9e \u00bb ;\nCONSID\u00c9RANT que s'agissant d'une confirmation au sein du m\u00eame d\u00e9partement, la demande\nsusvis\u00e9e n'a pas d'incidence sur le bilan des objectifs quantitatifs de l'offre de soins\npour les autorisations d'activit\u00e9s de soins et d'\u00e9quipements mat\u00e9riels lourds\nd'imagerie diagnostique list\u00e9es sur le d\u00e9partement de Paris ;\nCONSID\u00c9RANT que la demande r\u00e9pond aux modalit\u00e9s requises en cas de confirmation des\nautorisations fix\u00e9es par l'article R.6122-35 du Code de la sant\u00e9 publique, et\nnotamment \u00ab qu'elle ne fait pas appara\u00eetre de modifications qui seraient de nature \u00e0\njustifier un refus d'autorisation en application des dispositions de l'article R.6122-34\nou qui seraient incompatibles avec le respect des conditions et engagements\nauxquels avait \u00e9t\u00e9 subordonn\u00e9e l'autorisation c\u00e9d\u00e9e \u00bb ;\nCONSID\u00c9RANT que le repreneur indique ne pas modifier les conditions techniques de fonctionnement\net d'implantation des autorisations initiales et conserver \u00e0 l'identique les parcours de\nprise en charge m\u00e9dicale ;\nqu'il s'engage \u00e0 ne pas modifier les caract\u00e9ristiques des projets tels qu'ils ont \u00e9t\u00e9\nautoris\u00e9s, \u00e0 respecter le cadre juridique applicable, \u00e0 respecter les effectifs et la\nqualification des personnels, \u00e0 respecter le montant des d\u00e9penses \u00e0 la charge de\nl'assurance maladie ou le volume d'activit\u00e9, en application de l'article L.6122-5 du\nCode de la sant\u00e9 publique, \u00e0 proc\u00e9der \u00e0 l'\u00e9valuation dans les conditions pr\u00e9vues aux\narticles R.6122-23 et R.6122-24 du Code de la sant\u00e9 publique ; \nCONSID\u00c9RANT que les garanties sont ainsi apport\u00e9es par l'Association Nouvel Institut M\u00e9dico-\nChirurgical Montsouris pour que le projet m\u00e9dical poursuivi continue \u00e0 participer \u00e0\nl'atteinte des objectifs du Projet r\u00e9gional de sant\u00e9 dans l'ensemble des domaines des\nactivit\u00e9s exerc\u00e9es \u00e0 ce jour sur le site de l'Institut Mutualiste Montsouris et\nconform\u00e9ment au projet de reprise d\u00e9pos\u00e9 aupr\u00e8s du Tribunal des activit\u00e9s\n\u00e9conomiques de Paris dans le cadre de cette proc\u00e9dure ;\nCONSID\u00c9RANT qu'en application de la d\u00e9cision de justice du Tribunal des activit\u00e9s \u00e9conomiques de\nParis, la continuit\u00e9 des soins des patients hospitalis\u00e9s ou programm\u00e9s au sein de\nl'Institut Mutualiste Montsouris doit \u00eatre garantie ; \nAgence R\u00e9gionale de Sant\u00e9 - IDF-2025-10-28-00020 - D\u00e9cision n\u00b0DOS 2025/4518 en date du 28/10/2025 relative \u00e0 la demande\npr\u00e9sent\u00e9e par l'Association Nouvel Institut M\u00e9dico-Chirurgical Montsouris en vue de la confirmation \u00e0 son profit des autorisations\ninitialement d\u00e9tenues par la Mutualit\u00e9 Fonction Publique Action Sant\u00e9 sur le site de l'Institut Mutualiste Montsouris\n32\n4\nD\u00c9CIDE\nARTICLE 1 : Les autorisations suivantes portant sur l'exercice d'activit\u00e9s de soins et l'exploitation\nd'\u00e9quipements mat\u00e9riels lourds,\n- Chirurgie adulte et bariatrique ;\n- Traitement du cancer ;\n- Chirurgie cardiaque ;\n- Activit\u00e9 interventionnelle sous imagerie m\u00e9dicale en cardiologie ;\n- Soins critiques ;\n- Gyn\u00e9cologique-obst\u00e9trique ;\n- Assistance m\u00e9dicale \u00e0 la procr\u00e9ation (AMP) ;\n- M\u00e9decine ;\n- Psychiatrie ;\n- Traitement de l'insuffisance r\u00e9nale chronique par \u00e9puration extrar\u00e9nale ;\n- Equipements mat\u00e9riels lourds d'imagerie diagnostique ;\ninitialement d\u00e9tenues par la Mutualit\u00e9 Fonction Publique Action Sant\u00e9 sur le site de\nl'Institut Mutualiste Montsouris (Finess ET : 750150104), 42 boulevard Jourdan 75014\nParis, sont confirm\u00e9es au b\u00e9n\u00e9fice de l'Association Nouvel Institut M\u00e9dico-Chirurgical\nMontsouris (Finess EJ : 750078115), dans la continuit\u00e9 de la d\u00e9cision du Tribunal des\nactivit\u00e9s \u00e9conomiques de Paris en date du 15 octobre 2025. \nARTICLE 2 : Les autorisations de Pharmacie \u00e0 usage int\u00e9rieur, de D\u00e9p\u00f4t de sang et de\nfonctionnement d'un Laboratoire de biologie m\u00e9dicale initialement d\u00e9tenues par la\nMutualit\u00e9 Fonction Publique Action Sant\u00e9 sur le site de l'Institut Mutualiste Montsouris\nsont confirm\u00e9es au b\u00e9n\u00e9fice de l'Association Nouvel Institut M\u00e9dico-Chirurgical\nMontsouris, dans la continuit\u00e9 de la d\u00e9cision du Tribunal des activit\u00e9s \u00e9conomiques de\nParis en date du 15 octobre 2025.\nARTICLE 3 : L'Association Nouvel Institut M\u00e9dico-Chirurgical Montsouris (Finess EJ : 750078115),\ndont le si\u00e8ge social est situ\u00e9 au 42 boulevard Jourdan 75014 Paris, est d\u00e9sormais\nd\u00e9tentrice des autorisations \u00e9voqu\u00e9es aux articles 1 et 2 (et d\u00e9taill\u00e9es en annexe) sur\nle site de l'Institut Mutualiste Montsouris (Finess ET : 750150104) \u00e0 compter du\n1er novembre 2025.\nARTICLE 4 : Les dur\u00e9es de validit\u00e9 des autorisations list\u00e9es ci-dessus ne sont pas modifi\u00e9es.\nARTICLE 5 : Cette d\u00e9cision peut faire l'objet d'un recours hi\u00e9rarchique aupr\u00e8s de la Ministre de la\nSant\u00e9, des Familles, de l'Autonomie et des Personnes Handicap\u00e9es par le demandeur\ndans un d\u00e9lai de deux mois \u00e0 compter de sa notification et par toute personne\nint\u00e9ress\u00e9e dans un d\u00e9lai de deux mois \u00e0 compter de sa publication. Ce recours\nhi\u00e9rarchique ne constitue pas un pr\u00e9alable obligatoire au recours contentieux, qui peut\n\u00eatre form\u00e9 devant le tribunal administratif comp\u00e9tent dans les deux mois suivant la\nnotification ou la publication de la pr\u00e9sente d\u00e9cision.\nARTICLE 6 : La pr\u00e9sente d\u00e9cision sera publi\u00e9e au recueil des actes administratifs de la pr\u00e9fecture\nde r\u00e9gion \u00cele-de-France.\nFait \u00e0 Saint-Denis,\nLe Directeur g\u00e9n\u00e9ral\nde l'Agence r\u00e9gionale de sant\u00e9\n\u00cele-de-France\n \nAgence R\u00e9gionale de Sant\u00e9 - IDF-2025-10-28-00020 - D\u00e9cision n\u00b0DOS 2025/4518 en date du 28/10/2025 relative \u00e0 la demande\npr\u00e9sent\u00e9e par l'Association Nouvel Institut M\u00e9dico-Chirurgical Montsouris en vue de la confirmation \u00e0 son profit des autorisations\ninitialement d\u00e9tenues par la Mutualit\u00e9 Fonction Publique Action Sant\u00e9 sur le site de l'Institut Mutualiste Montsouris\n33\n5\nAnnexe : Liste des autorisations confirm\u00e9es au b\u00e9n\u00e9fice de l'Association Nouvel \nInstitut M\u00e9dico-Chirurgical Montsouris (Finess EJ : 750078115) sur le site de l'Institut\nMutualiste Montsouris (Finess ET : 750150104)\nListe des autorisations\nChirurgie \nChirurgie adulte en hospitalisation \u00e0 temps complet et en \nambulatoire\n\uf0b7 Chirurgie maxillo-faciale, stomatologie et chirurgie \norale\n\uf0b7 Chirurgie orthop\u00e9dique et traumatologique \n\uf0b7 Chirurgie thoracique et cardiovasculaire \u00e0 \nl'exception de l'activit\u00e9 de soins de chirurgie \ncardiaque \n\uf0b7 Chirurgie vasculaire et endovasculaire\n\uf0b7 Chirurgie visc\u00e9rale et digestive\n\uf0b7 Chirurgie gyn\u00e9cologie obst\u00e9trique \u00e0 l'exception des \nactes li\u00e9s \u00e0 l'accouchement r\u00e9alis\u00e9s au titre de \nl'activit\u00e9 de soins mentionn\u00e9e au 3\u00b0 de l'article R. \n6122-25 \n\uf0b7 Chirurgie ophtalmologique \n\uf0b7 Chirurgie urologique \nChirurgie bariatrique en hospitalisation \u00e0 temps complet et \nen ambulatoire\nTraitement du cancer\n\uf0d8 Chirurgie des cancers : \n\uf0b7 B1 : Chirurgie oncologique visc\u00e9rale et digestive\ncomplexe, y compris les atteintes p\u00e9riton\u00e9ales,\ncomprenant les pratiques th\u00e9rapeutiques suivantes : \nChirurgie oncologique de l'\u0153sophage ou de la jonction\ngastro-\u0153sophagienne,\nChirurgie oncologique du foie, \nChirurgie oncologique de l'estomac,\nChirurgie oncologique du pancr\u00e9as, \nChirurgie oncologique du rectum\n\uf0b7 B2 : Chirurgie oncologique thoracique complexe,\ncomprenant la pratique de chirurgie des cancers de la\ntrach\u00e9e, des cancers envahissants le rachis, le c\u0153ur ou\nla paroi thoracique ;\n\uf0b7 B4 : Chirurgie oncologique urologique complexe,\ncomprenant les pratiques de chirurgie des cancers avec\natteinte vasculaire ou lombo-aortique ;\n\uf0b7 B5 : Chirurgie oncologique gyn\u00e9cologique complexe,\ncomprenant la chirurgie des cancers avec atteinte\np\u00e9riton\u00e9ale avec les pratiques th\u00e9rapeutiques ainsi que\nla PTS de chirurgie des cancers de l'ovaire ;\n\uf0b7 A6 : Chirurgie oncologique mammaire ;\n\uf0d8 Traitements m\u00e9dicamenteux syst\u00e9miques du cancer A,\nassurant les traitements m\u00e9dicamenteux syst\u00e9miques du\ncancer chez l'adulte, hors chimioth\u00e9rapies intensives\ncit\u00e9es en mention B ; \nChirurgie cardiaque\nAgence R\u00e9gionale de Sant\u00e9 - IDF-2025-10-28-00020 - D\u00e9cision n\u00b0DOS 2025/4518 en date du 28/10/2025 relative \u00e0 la demande\npr\u00e9sent\u00e9e par l'Association Nouvel Institut M\u00e9dico-Chirurgical Montsouris en vue de la confirmation \u00e0 son profit des autorisations\ninitialement d\u00e9tenues par la Mutualit\u00e9 Fonction Publique Action Sant\u00e9 sur le site de l'Institut Mutualiste Montsouris\n34\n6\nActivit\u00e9 interventionnelle sous imagerie\nm\u00e9dicale en cardiologie\n\uf0b7 Cardiopathies isch\u00e9miques et structurelles de l'adulte ;\n\uf0b7 Rythmologie interventionnelle : mention D comprenant,\nen sus des actes autoris\u00e9s en mention A, B et C, les\nactes \u00e0 haut risque de plaie cardiaque ou vasculaire et\nles actes de rythmologie r\u00e9alis\u00e9s chez un patient ayant\nune cardiopathie cong\u00e9nitale complexe ; \nSoins critiques \nModalit\u00e9 adultes :\n\uf0b7 R\u00e9animation et soins intensifs polyvalents, et de\nsp\u00e9cialit\u00e9 le cas \u00e9ch\u00e9ant \n\uf0b7 Soins intensifs de cardiologie (USIC) \nGyn\u00e9cologique-obst\u00e9trique, n\u00e9onatologie,\nr\u00e9animation n\u00e9onatale Gyn\u00e9cologie-obst\u00e9trique \u2013 maternit\u00e9 de type I\nAssistance m\u00e9dicale \u00e0 la procr\u00e9ation\n(AMP)\n- Activit\u00e9s cliniques :\nPr\u00e9l\u00e8vement d'ovocytes en vue d'une assistance m\u00e9dicale \u00e0\nla procr\u00e9ation ;\nPr\u00e9l\u00e8vement de spermatozo\u00efdes ;\nTransfert des embryons en vue de leur implantation ;\nPr\u00e9l\u00e8vement d'ovocytes en vue d'un don ;\n\u00ab Pr\u00e9l\u00e8vement d'ovocytes en vue de leur conversation pour\nla r\u00e9alisation ult\u00e9rieure d'une assistance m\u00e9dicale \u00e0 la\nprocr\u00e9ation en application de l'article L.2141-12 ; \n- Activit\u00e9s biologiques : \nRecueil, pr\u00e9paration et conservation du sperme en vue d'une\nins\u00e9mination artificielle ;\nActivit\u00e9s relatives \u00e0 la f\u00e9condation in vitro sans ou avec\nmicromanipulation, comprenant notamment :\n\uf0b7 le recueil, la pr\u00e9paration et la conservation du\nsperme ;\n\uf0b7 la pr\u00e9paration et la conservation des ovocytes ;\nPr\u00e9paration, conservation et mise \u00e0 disposition d'ovocytes\nen vue d'un don ;\nConservation des embryons en vue d'un projet parental ou\nen application du 2\u00b0 du II de l'article L. 2141-4 ;\n\u00ab Activit\u00e9s relatives \u00e0 la conservation des gam\u00e8tes en vue de\nla r\u00e9alisation ult\u00e9rieure d'une assistance m\u00e9dicale \u00e0 la\nprocr\u00e9ation en application de l'article L.2141-12, comprenant\nnotamment le recueil, la pr\u00e9paration et la conservation du\nsperme et la pr\u00e9paration et la conservation des ovocytes \u00bb ;\nM\u00e9decine M\u00e9decine en hospitalisation compl\u00e8te et en hospitalisation \u00e0\ntemps partiel de jour ou de nuit\nPsychiatrie Psychiatrie infanto-juv\u00e9nile\nTraitement de l'insuffisance r\u00e9nale\nchronique par \u00e9puration extrar\u00e9nale \uf0b7 H\u00e9modialyse en centre pour adultes\n\uf0b7 H\u00e9modialyse en centre m\u00e9dicalis\u00e9e (UDM) \nEquipements mat\u00e9riels lourds d'imagerie\ndiagnostique\n\uf0b7 2 scanographes\n\uf0b7 1 IRM\nPharmacie \u00e0 usage int\u00e9rieur\nD\u00e9p\u00f4t de sang\nAgence R\u00e9gionale de Sant\u00e9 - IDF-2025-10-28-00020 - D\u00e9cision n\u00b0DOS 2025/4518 en date du 28/10/2025 relative \u00e0 la demande\npr\u00e9sent\u00e9e par l'Association Nouvel Institut M\u00e9dico-Chirurgical Montsouris en vue de la confirmation \u00e0 son profit des autorisations\ninitialement d\u00e9tenues par la Mutualit\u00e9 Fonction Publique Action Sant\u00e9 sur le site de l'Institut Mutualiste Montsouris\n35\nAgence R\u00e9gionale de Sant\u00e9\nIDF-2025-10-28-00019\nD\u00e9cision n\u00b0DOS 2025/4519 en date du\n28/10/2025 relative \u00e0 la demande pr\u00e9sent\u00e9e par\nla SAS SJE en vue de la confirmation \u00e0 son profit\ndes autorisations initialement d\u00e9tenues par la\nSAS Clinique Saint-Jean l'Ermitage sur le site de la\nClinique Saint-Jean l'Ermitage\nAgence R\u00e9gionale de Sant\u00e9 - IDF-2025-10-28-00019 - D\u00e9cision n\u00b0DOS 2025/4519 en date du 28/10/2025 relative \u00e0 la demande\npr\u00e9sent\u00e9e par la SAS SJE en vue de la confirmation \u00e0 son profit des autorisations initialement d\u00e9tenues par la SAS Clinique Saint-Jean\nl'Ermitage sur le site de la Clinique Saint-Jean l'Ermitage\n36\nEREPUBLIQUEFRAN\u00c7AISELibert\u00e9Egalit\u00e9Fraternit\u00e9\n@ D Agence R\u00e9gionale de Sant\u00e9lle-de-France\nAGENCE R\u00c9GIONALE DE SANT\u00c9 \u00ceLE-DE-FRANCE\nD\u00c9CISION N\u00b0DOS-2025/4519\nLE DIRECTEUR G\u00c9N\u00c9RAL DE L'AGENCE R\u00c9GIONALE DE SANT\u00c9 \u00ceLE-DE-FRANCE\nVU le Code de la sant\u00e9 publique notamment les articles L.6122-1 et suivants, L.6123-1 et\nL.6124-1, R.6122-23 et suivants et en particulier les articles R.6122-35, R.6122-37, D.6121-10,\net D.6122-38 ;\nVU la loi n\u00b02023-1268 du 27 d\u00e9cembre 2023 visant \u00e0 am\u00e9liorer l'acc\u00e8s aux soins par l'engagement\nterritorial des professionnels, notamment ses articles 9 et 17 ;\nVU l'ordonnance n\u00b02021-583 du 12 mai 2021 portant modification du r\u00e9gime des autorisations\nd'activit\u00e9s de soins et des \u00e9quipements mat\u00e9riels lourds ; \nVU le d\u00e9cret du 10 avril 2024 portant nomination de Monsieur Denis ROBIN, Directeur g\u00e9n\u00e9ral de\nl'Agence r\u00e9gionale de sant\u00e9 d'\u00cele-de-France \u00e0 compter du 29 avril 2024 ;\nVU l'arr\u00eat\u00e9 n\u00b02023-171 du 27 juin 2023 de la Directrice g\u00e9n\u00e9rale de l'Agence r\u00e9gionale de sant\u00e9\n\u00cele-de-France portant d\u00e9limitation des zones donnant lieu \u00e0 la r\u00e9partition des activit\u00e9s de soins\net des \u00e9quipements mat\u00e9riels lourds ;\nVU l'arr\u00eat\u00e9 n\u00b0DIRNOV-2024/02 du 12 janvier 2024 modifiant l'arr\u00eat\u00e9 N\u00b0DIRNOV-2023/09 du\n26 octobre 2023 portant adoption du Sch\u00e9ma r\u00e9gional de sant\u00e9 du Projet r\u00e9gional de sant\u00e9\nd'\u00cele-de-France 2023-2028 ;\nVU l'arr\u00eat\u00e9 n\u00b0DESCOM-2025/19 du 30 juin 2025 portant r\u00e9vision du Sch\u00e9ma r\u00e9gional de sant\u00e9 du\nProjet r\u00e9gional de sant\u00e9 d'\u00cele-de-France 2023-2028 ;\nVU le jugement du Tribunal de commerce d'Evry en date du 23 octobre 2025 arr\u00eatant le plan de\ncession de l'entreprise exploit\u00e9e par la SAS Clinique Saint Jean l'Ermitage dont le si\u00e8ge social\nest situ\u00e9 272 avenue Marc Jacquet 77000 Melun, en faveur de la SAS Groupe Sant\u00e9 Victor\nPauchet, dont le si\u00e8ge social est situ\u00e9 45 rue Alexandre Dumas, 80 090 Amiens ; \nVU la demande d\u00e9pos\u00e9e par la SAS SJE (n\u00b0Finess EJ : 800023038), dont le si\u00e8ge social est situ\u00e9\n45 rue Alexandre Dumas 80090 Amiens, en vue de la confirmation \u00e0 son profit des autorisations\ninitialement d\u00e9tenues par la SAS Clinique Saint-Jean l'Ermitage (n\u00b0Finess EJ : 770000362) sur\nle site de la Clinique Saint-Jean l'Ermitage (n\u00b0Finess ET : 770300143), 272 avenue Marc\nJacquet 77000 Melun ;\nCONSID\u00c9RANT que la d\u00e9cision rendue par le Tribunal de commerce d'Evry en date du 23 octobre\n2025 arr\u00eate le plan de cession totale en faveur de la SAS Groupe Sant\u00e9 Victor\nPauchet avec une entr\u00e9e en jouissance \u00e0 compter du 1er novembre 2025 ;\nque le plan de cession inclut la reprise de l'ensemble des actifs, dont les autorisations\nd'activit\u00e9s de soins, port\u00e9s par la SAS Clinique Saint-Jean l'Ermitage sur le site de de\nla Clinique Saint-Jean l'Ermitage ;\nque le tribunal confie \u00e0 la SAS Groupe Sant\u00e9 Victor Pauchet la gestion de l'entreprise,\ndans l'attente de l'accomplissement de tous les actes n\u00e9cessaires \u00e0 la r\u00e9alisation de\nla cession, en application des dispositions de l'article L.642-8 du Code de commerce ;\nque la SAS Groupe Sant\u00e9 Victor Pauchet n'a pas vocation \u00e0 g\u00e9rer l'activit\u00e9 reprise et\na pr\u00e9vu une facult\u00e9 de substitution constat\u00e9e par le tribunal ; \nAgence R\u00e9gionale de Sant\u00e9 - IDF-2025-10-28-00019 - D\u00e9cision n\u00b0DOS 2025/4519 en date du 28/10/2025 relative \u00e0 la demande\npr\u00e9sent\u00e9e par la SAS SJE en vue de la confirmation \u00e0 son profit des autorisations initialement d\u00e9tenues par la SAS Clinique Saint-Jean\nl'Ermitage sur le site de la Clinique Saint-Jean l'Ermitage\n37\n2\nainsi, que la SAS SJE (Finess EJ : 800023038) a \u00e9t\u00e9 constitu\u00e9e sp\u00e9cialement pour\nla reprise de la clinique ; que le capital de cette nouvelle soci\u00e9t\u00e9 est d\u00e9tenu \u00e0 95%\npar le Groupe Sant\u00e9 Victor Pauchet et \u00e0 5% par la SASU Butler partenaire ;\nCONSID\u00c9RANT que la SAS Clinique Saint-Jean l'Ermitage est titulaire sur le site de la Clinique Saint-\nJean l'Ermitage des autorisations d'activit\u00e9s de soins suivantes :\n- M\u00e9decine, dont l'\u00e9ch\u00e9ance est fix\u00e9e au 20 juillet 2033 ;\n- Chirurgie, reconduite par d\u00e9cision du 10 ao\u00fbt 2024 ;\n- Traitement du cancer, reconduite par d\u00e9cision du 27 mai 2025 ;\nCONSID\u00c9RANT par ailleurs, que la SAS Clinique Saint-Jean l'Ermitage est partie prenante au GIE\nImagerie m\u00e9dicale du Sant\u00e9p\u00f4le 77 (IMSP77) (n\u00b0Finess EJ : 770021889), d\u00e9tenteur\nd'une autorisation d'exploiter des \u00e9quipements mat\u00e9riels lourds d'imagerie\ndiagnostique sur le site de la Clinique Saint-Jean l'Ermitage, avec un plateau\ntechnique incluant trois appareils d'IRM et trois scanners ;\nCONSID\u00c9RANT que la confirmation des autorisations d'activit\u00e9 de soins implique le transfert de\nl'ensemble des autorisations administratives et r\u00e9glementaires n\u00e9cessaires \u00e0 leur\nexercice, ainsi que des reconnaissances contractuelles associ\u00e9es ;\nque les reconnaissances contractuelles d\u00e9tenues par la SAS Clinique Saint-Jean\nl'Ermitage pour le site de la Clinique Saint-Jean l'Ermitage et inscrites au contrat\npluriannuel d'objectifs et de moyens de l'\u00e9tablissement seront rattach\u00e9es au profit de\nla SAS SJE : \n- lits de soins palliatifs ;\n- unit\u00e9 de surveillance continue adulte ;\nCONSID\u00c9RANT que la SAS Clinique Saint-Jean l'Ermitage d\u00e9tient \u00e9galement des autorisations de\nChirurgie esth\u00e9tique et de Pharmacie \u00e0 usage int\u00e9rieur (PUI) sur le site de la Clinique\nSaint-Jean l'Ermitage ;\nCONSID\u00c9RANT que la SAS SJE a sollicit\u00e9 la confirmation \u00e0 son profit des autorisations pr\u00e9cit\u00e9es en\napplication du jugement du tribunal ;\nCONSID\u00c9RANT qu'un plan de cession des actifs et des activit\u00e9s n'impacte pas l'effectivit\u00e9 et la dur\u00e9e\nde validit\u00e9 des autorisations d'activit\u00e9s de soins initialement d\u00e9tenues et mises en\n\u0153uvre sur le site concern\u00e9 par la reprise ;\nCONSID\u00c9RANT que la demande s'inscrit dans le cadre des dispositions de l'article L.6122-3 du Code\nde la sant\u00e9 publique qui pr\u00e9voit que \u00ab toute cession est soumise \u00e0 la confirmation de\nl'autorisation au b\u00e9n\u00e9fice du cessionnaire par l'Agence r\u00e9gionale de sant\u00e9 dans la\nr\u00e9gion dans laquelle se trouve l'autorisation c\u00e9d\u00e9e \u00bb ;\nCONSID\u00c9RANT que la demande r\u00e9pond aux modalit\u00e9s requises en cas de cession d'autorisation\nfix\u00e9es par l'article R.6122-35 du Code de la sant\u00e9 publique, et notamment \u00ab qu'elle\nne fait pas appara\u00eetre de modifications qui seraient de nature \u00e0 justifier un refus\nd'autorisation en application des dispositions de l'article R.6122-34 ou qui seraient\nincompatibles avec le respect des conditions et engagements auxquels avait \u00e9t\u00e9\nsubordonn\u00e9e l'autorisation c\u00e9d\u00e9e \u00bb ;\nCONSID\u00c9RANT que le repreneur indique ne pas modifier les conditions techniques de fonctionnement\net d'implantation des autorisations initiales et conserver \u00e0 l'identique les parcours de\nprise en charge m\u00e9dicale ;\nqu'il s'engage \u00e0 ne pas modifier les caract\u00e9ristiques des projets tels qu'ils ont \u00e9t\u00e9\nautoris\u00e9s, \u00e0 respecter le cadre juridique applicable, \u00e0 respecter les effectifs et la\nqualification des personnels, \u00e0 respecter le montant des d\u00e9penses \u00e0 la charge de\nl'assurance maladie ou le volume d'activit\u00e9, en application de l'article L.6122-5 du\nCode de la sant\u00e9 publique, \u00e0 proc\u00e9der \u00e0 l'\u00e9valuation dans les conditions pr\u00e9vues aux\narticles R.6122-23 et R.6122-24 du Code de la sant\u00e9 publique ; \nAgence R\u00e9gionale de Sant\u00e9 - IDF-2025-10-28-00019 - D\u00e9cision n\u00b0DOS 2025/4519 en date du 28/10/2025 relative \u00e0 la demande\npr\u00e9sent\u00e9e par la SAS SJE en vue de la confirmation \u00e0 son profit des autorisations initialement d\u00e9tenues par la SAS Clinique Saint-Jean\nl'Ermitage sur le site de la Clinique Saint-Jean l'Ermitage\n38\n3\nCONSID\u00c9RANT que les garanties sont ainsi apport\u00e9es par la SAS SJE pour que le projet m\u00e9dical\npoursuivi continue \u00e0 participer \u00e0 l'atteinte des objectifs du Projet r\u00e9gional de sant\u00e9\ndans l'ensemble des domaines des activit\u00e9s de soins exerc\u00e9es \u00e0 ce jour sur le site\nde la Clinique Saint-Jean l'Ermitage ;\nCONSID\u00c9RANT que la continuit\u00e9 des soins des patients hospitalis\u00e9s ou programm\u00e9s au sein de la\nClinique Saint-Jean l'Ermitage doit \u00eatre garantie ; \nD\u00c9CIDE\nARTICLE 1 : Les autorisations d'exercer les activit\u00e9s de soins suivantes :\n- M\u00e9decine ;\n- Chirurgie ;\n- Traitement du cancer ;\ninitialement d\u00e9tenues par la SAS Clinique Saint-Jean l'Ermitage (n\u00b0Finess EJ :\n770000362) sur le site de la Clinique Saint-Jean l'Ermitage (n\u00b0Finess ET : 770300143),\n272 avenue Marc Jacquet 77000 Melun, sont confirm\u00e9es au b\u00e9n\u00e9fice de la SAS SJE\n(n\u00b0Finess EJ : 800023038), dont le si\u00e8ge social est situ\u00e9 45 rue Alexandre Dumas,\n80 090 Amiens, dans la continuit\u00e9 de la d\u00e9cision du Tribunal de commerce d'Evry en\ndate du 23 octobre 2025.\nARTICLE 2 : Les autorisations de Chirurgie esth\u00e9tique et de Pharmacie \u00e0 usage int\u00e9rieur\ninitialement d\u00e9tenues par la SAS Clinique Saint-Jean l'Ermitage sur le site de la\nClinique Saint-Jean l'Ermitage sont confirm\u00e9es au b\u00e9n\u00e9fice de la SAS SJE, dans la\ncontinuit\u00e9 de la d\u00e9cision du Tribunal de commerce d'Evry en date du 23 octobre 2025.\nARTICLE 3 : La SAS SJE (n\u00b0Finess EJ : 800023038), dont le si\u00e8ge social est situ\u00e9 au 45 rue\nAlexandre Dumas 80090 Amiens, est d\u00e9sormais d\u00e9tentrice des autorisations \u00e9voqu\u00e9es\naux articles 1 et 2 (et d\u00e9taill\u00e9es en annexe) sur le site de la Clinique Saint-Jean\nl'Ermitage \u00e0 compter du 1er novembre 2025.\nARTICLE 4 : Les dur\u00e9es de validit\u00e9 des autorisations list\u00e9es ci-dessus ne sont pas modifi\u00e9es.\nARTICLE 5 : Cette d\u00e9cision peut faire l'objet d'un recours hi\u00e9rarchique aupr\u00e8s de la Ministre de la\nSant\u00e9, des Familles, de l'Autonomie et des Personnes Handicap\u00e9es par le demandeur\ndans un d\u00e9lai de deux mois \u00e0 compter de sa notification et par toute personne\nint\u00e9ress\u00e9e dans un d\u00e9lai de deux mois \u00e0 compter de sa publication. Ce recours\nhi\u00e9rarchique ne constitue pas un pr\u00e9alable obligatoire au recours contentieux, qui peut\n\u00eatre form\u00e9 devant le tribunal administratif comp\u00e9tent dans les deux mois suivant la\nnotification ou la publication de la pr\u00e9sente d\u00e9cision.\nARTICLE 6 : La pr\u00e9sente d\u00e9cision sera publi\u00e9e au recueil des actes administratifs de la pr\u00e9fecture\nde r\u00e9gion \u00cele-de-France.\nFait \u00e0 Saint-Denis,\nLe Directeur g\u00e9n\u00e9ral\nde l'Agence r\u00e9gionale de sant\u00e9\n\u00cele-de-France\n \nAgence R\u00e9gionale de Sant\u00e9 - IDF-2025-10-28-00019 - D\u00e9cision n\u00b0DOS 2025/4519 en date du 28/10/2025 relative \u00e0 la demande\npr\u00e9sent\u00e9e par la SAS SJE en vue de la confirmation \u00e0 son profit des autorisations initialement d\u00e9tenues par la SAS Clinique Saint-Jean\nl'Ermitage sur le site de la Clinique Saint-Jean l'Ermitage\n39\nEREPUBLIQUEFRAN\u00c7AISELibert\u00e9Egalit\u00e9Fraternit\u00e9\nAr@ D Agence R\u00e9gionale de Sant\u00e9\u00cele-de-France\nAnnexe : Liste des autorisations confirm\u00e9es au b\u00e9n\u00e9fice de\nla SAS SJE (n\u00b0Finess EJ : 800023038) sur le site \nde la Clinique Saint-Jean l'Ermitage (n\u00b0Finess ET : 770300143)\nListe des autorisations\nM\u00e9decine M\u00e9decine en hospitalisation \u00e0 temps partiel de jour ou de nuit\nChirurgie \nChirurgie adulte en hospitalisation \u00e0 temps complet et en \nambulatoire\n\uf0b7 Chirurgie maxillo-faciale, stomatologie et chirurgie \norale\n\uf0b7 Chirurgie orthop\u00e9dique et traumatologique \n\uf0b7 Chirurgie plastique, reconstructrice\n\uf0b7 Chirurgie vasculaire et endovasculaire\n\uf0b7 Chirurgie visc\u00e9rale et digestive\n\uf0b7 Chirurgie gyn\u00e9cologie obst\u00e9trique \u00e0 l'exception des \nactes li\u00e9s \u00e0 l'accouchement r\u00e9alis\u00e9s au titre de \nl'activit\u00e9 de soins mentionn\u00e9e au 3\u00b0 de l'article R. \n6122-25 \n\uf0b7 Chirurgie ophtalmologique \n\uf0b7 Chirurgie oto-rhino-laryngologie et cervico-faciale\n\uf0b7 Chirurgie urologie \nChirurgie bariatrique en hospitalisation \u00e0 temps complet et \nen ambulatoire\nTraitement du cancer\n\uf0d8 Chirurgie oncologique : \n\uf0b7 A1 : Chirurgie oncologique visc\u00e9rale et digestive\n\uf0b7 A4 : Chirurgie oncologique urologique \n\uf0b7 A6 : Chirurgie oncologique mammaire\n\uf0b7 A7 : Chirurgie oncologique indiff\u00e9renci\u00e9e\n\uf0d8 Traitements m\u00e9dicamenteux syst\u00e9miques du cancer A,\nassurant les traitements m\u00e9dicamenteux syst\u00e9miques du\ncancer chez l'adulte, hors chimioth\u00e9rapies intensives\ncit\u00e9es en mention B\nChirurgie esth\u00e9tique\nPharmacie \u00e0 usage int\u00e9rieur\nAgence R\u00e9gionale de Sant\u00e9 - IDF-2025-10-28-00019 - D\u00e9cision n\u00b0DOS 2025/4519 en date du 28/10/2025 relative \u00e0 la demande\npr\u00e9sent\u00e9e par la SAS SJE en vue de la confirmation \u00e0 son profit des autorisations initialement d\u00e9tenues par la SAS Clinique Saint-Jean\nl'Ermitage sur le site de la Clinique Saint-Jean l'Ermitage\n40\nAgence R\u00e9gionale de Sant\u00e9 - D\u00e9l\u00e9gation\nd\u00e9partementale de l'Essonne\nIDF-2025-06-18-00008\nArr\u00eat\u00e9 n\u00b0 ARS91-2025-OSV n\u00b06 portant\nautorisation de dispenser \u00e0 domicile de\nl'oxyg\u00e8ne \u00e0 usage m\u00e9dical pour un site de\nrattachement d'une structure dispensatrice\nAgence R\u00e9gionale de Sant\u00e9 - D\u00e9l\u00e9gation d\u00e9partementale de l'Essonne - IDF-2025-06-18-00008 - Arr\u00eat\u00e9 n\u00b0 ARS91-2025-OSV n\u00b06 portant\nautorisation de dispenser \u00e0 domicile de l'oxyg\u00e8ne \u00e0 usage m\u00e9dical pour un site de rattachement d'une structure dispensatrice 41\nREPUBLIQUEFRANCAISELibert\u00e9Egalit\u00e9Fraternit\u00e9 (@ D Agence R\u00e9gionale de Sant\u00e9Ile-de-France\n \n \n  \n \n \n \n \n  \nAGENCE R\u00c9GIONALE DE SANT\u00c9 ILE-DE-FRANCE \n \nARR\u00caT\u00c9 n\u00b0 ARS91-2025-OSV n\u00b06 \n \nportant autorisation de dispenser \u00e0 domicile de l'oxyg\u00e8ne \u00e0 usage m\u00e9dical pour un \nsite de rattachement d'une structure dispensatrice \n \nLE DIRECTEUR G\u00c9N\u00c9RAL DE L'AGENCE R\u00c9GIONALE DE SANT\u00c9 ILE-DE-FRANCE \n \n \nVU le code de sant\u00e9 publique, notamment ses articles L .4211-5, L.5232-3, R.4211-15, D.5232-1 et \nsuivants ; \n \nVU l'arr\u00eat\u00e9 en date du 16 juillet 2015 relatif aux bon nes pratiques de dispensation \u00e0 domicile de \nl'oxyg\u00e8ne \u00e0 usage m\u00e9dical ; \n \nVU le d\u00e9cret n\u00b0 2010-336 en date du 31 mars 2010 porta nt cr\u00e9ation des agences r\u00e9gionales de \nsant\u00e9 ; \n \nVU  le d\u00e9cret en date du 10 avril 2024 portant nominat ion de Monsieur Denis ROBIN, Directeur \ng\u00e9n\u00e9ral de l'Agence r\u00e9gionale de sant\u00e9 Ile-de-France \u00e0 compter du 29 avril 2024 ; \n \nVU l'arr\u00eat\u00e9 DS N\u00b0 006/2025 en date du 10 avril 2025 po rtant d\u00e9l\u00e9gation de signature de Monsieur \nDenis ROBIN, Directeur g\u00e9n\u00e9ral de l'Agence r\u00e9gional e de sant\u00e9 Ile-de-France \u00e0 Monsieur \nRichade FAHAS, directeur d\u00e9partemental de l'Essonne ; \n \nVU la demande re\u00e7ue compl\u00e8te le 18 f\u00e9vrier 2025, pr\u00e9se nt\u00e9e par la soci\u00e9t\u00e9 HANDIPHARM Ile-de-\nFrance, sise au 6B rue du Parc de Vergers \u00e0 TIGERY (91250), en vue d'obtenir l'autorisation de \ndispenser \u00e0 domicile de l'oxyg\u00e8ne \u00e0 usage m\u00e9dical p our le site de rattachement implant\u00e9 au 6B \nrue du Parc de Vergers \u00e0 TIGERY (91250) ; \n \nVU le rapport d'instruction en date du 27 mai 2025, et  sa conclusion d\u00e9finitive en date du 18 juin \n2025, \u00e9tablis par les pharmaciens instructeurs ; \n \nVU l'avis favorable du Conseil central de la Section D de l'ordre national des Pharmaciens en date du \n30 avril 2025 ;  \n \nCONSID\u00c9RANT les engagements pris par la soci\u00e9t\u00e9 HANDIPHARM Ile-de-France, notamment : \n- disposer d'un personnel en nombre et qualit\u00e9 suff isants, en ad\u00e9quation avec le \nnombre de patients pris en charge ; \n- r\u00e9diger une proc\u00e9dure relative aux conditions d'a cc\u00e8s aux  syst\u00e8mes \ninformatis\u00e9s ainsi qu'une proc\u00e9dure relative \u00e0 la m odification des donn\u00e9es du \nsyst\u00e8me informatis\u00e9 ; \n- remettre les contrats-types de sous-traitance ent re la structure HANDIPHARM \n\u00cele-de-France et une pharmacie d'officine ou une au tre structure dispensatrice, \nen conformit\u00e9 avec  les bonnes pratiques de dispensation \u00e0 domicile de  \nl'oxyg\u00e8ne \u00e0 usage m\u00e9dical (chapitre 7 et annexe 1). \n \n \nARR\u00caTE \n \nARTICLE 1  La soci\u00e9t\u00e9 HANDIPHARM Ile-de-France, dont le si\u00e8ge  social est situ\u00e9 au 6B rue \ndu Parc du Vergers \u00e0 TIGERY (91250), est autoris\u00e9e \u00e0 dispenser \u00e0 domicile de \nl'oxyg\u00e8ne \u00e0 usage m\u00e9dical pour le site de rattachem ent implant\u00e9 6B rue du Parc \n \n \n \n \n \n \n \n \nAgence R\u00e9gionale de Sant\u00e9 - D\u00e9l\u00e9gation d\u00e9partementale de l'Essonne - IDF-2025-06-18-00008 - Arr\u00eat\u00e9 n\u00b0 ARS91-2025-OSV n\u00b06 portant\nautorisation de dispenser \u00e0 domicile de l'oxyg\u00e8ne \u00e0 usage m\u00e9dical pour un site de rattachement d'une structure dispensatrice 42\n \n \n  \ndu Vergers \u00e0 TIGERY (91250), selon les modalit\u00e9s ra ppel\u00e9es dans le pr\u00e9sent \narr\u00eat\u00e9. \nARTICLE 2 L'aire g\u00e9ographique desservie comprend les d\u00e9partements suivants :  \n \n- \u00cele-de-France : Paris (75), Seine-et-Marne (77), Yvelines (78), Essonne (91), \nHauts-de-Seine (92), Seine-Saint-Denis (93), Val-de-Marne (94), Val d'Oise (95).  \n \ndans la limite d'un d\u00e9lai maximum d'intervention au  domicile des patients, de trois \nheures de route, en conditions usuelles de circulat ion, \u00e0 partir du site de \nrattachement concern\u00e9 par la pr\u00e9sente autorisation. \n \nARTICLE 3 Les locaux du site de rattachement d'une superficie  de 554m\u00b2 se d\u00e9composent de \nla mani\u00e8re suivante :  \n \nAu rez-de-chauss\u00e9e : \n-    une zone entrep\u00f4t de 268m\u00b2 ; \n-    une zone de retour/nettoyage/d\u00e9contamination/s ervice apr\u00e8s-vente de 94m\u00b2 ; \n    \n   A l'\u00e9tage : \n-    une zone de bureaux de 146m\u00b2 ; \n-    une zone entr\u00e9e, sanitaires, etc. de 46m\u00b2. \n  \n \nARTICLE 4 Toute modification substantielle des \u00e9l\u00e9ments de l 'autorisation devra faire l'objet \nd'une demande pr\u00e9alable d'autorisation aupr\u00e8s du Di recteur g\u00e9n\u00e9ral de l'Agence \nr\u00e9gionale Ile-de-France. Toute autre modification d evra faire l'objet d'une \nd\u00e9claration simple pr\u00e9alable. \n \nARTICLE 5 Le transfert total ou partiel des activit\u00e9s de dis pensation de l'oxyg\u00e8ne \u00e0 usage \nm\u00e9dical r\u00e9alis\u00e9es sur le site de rattachement de la  pr\u00e9sente autorisation vers \nd'autres locaux devra faire l'objet d'une nouvelle demande d'autorisation aupr\u00e8s du \nDirecteur g\u00e9n\u00e9ral de l'Agence r\u00e9gionale de sant\u00e9 Ile-de-France.  \n \nARTICLE 6 La structure dispensatrice est tenue de d\u00e9clarer a nnuellement son activit\u00e9 pour \nchaque site de rattachement, au plus tard le 31 mar s de chaque ann\u00e9e, aupr\u00e8s du \nDirecteur g\u00e9n\u00e9ral de l'Agence r\u00e9gionale de sant\u00e9 Ile-de-France. \n \nARTICLE 7 Un recours contentieux contre le pr\u00e9sent arr\u00eat\u00e9 pe ut \u00eatre form\u00e9 aupr\u00e8s du Tribunal \nadministratif territorialement comp\u00e9tent. Le d\u00e9lai de recours est de deux mois \u00e0 \ncompter de la notification du pr\u00e9sent arr\u00eat\u00e9 pour l es int\u00e9ress\u00e9s ou de sa \npublication pour les tiers. Cette juridiction peut notamment \u00eatre saisie via une \nrequ\u00eate remise ou envoy\u00e9e au greffe du Tribunal adm inistratif ou aussi par \nl'application \u00ab T\u00e9l\u00e9recours \u00bb accessible \u00e0 partir du site \nwww.telerecours.fr .  \nCe recours ne suspend pas l'application du pr\u00e9sent arr\u00eat\u00e9. \n \n \nARTICLE 8 Le Directeur g\u00e9n\u00e9ral de l'Agence r\u00e9gionale de sant \u00e9 Ile-de-France est charg\u00e9, de \nl'ex\u00e9cution du pr\u00e9sent arr\u00eat\u00e9 qui sera publi\u00e9 au re cueil des actes administratifs de \nla pr\u00e9fecture de la r\u00e9gion d'Ile-de-France. \n \n \n \nFait \u00e0 \u00c9vry-Courcouronnes, le 18 juin 2025 \n \nPour le Directeur g\u00e9n\u00e9ral de \nl'Agence r\u00e9gionale de sant\u00e9 \n\u00cele-de-France, \nLe Directeur d\u00e9partemental de l'Essonne \n \nSign\u00e9 \n \nRichade FAHAS \n \nAgence R\u00e9gionale de Sant\u00e9 - D\u00e9l\u00e9gation d\u00e9partementale de l'Essonne - IDF-2025-06-18-00008 - Arr\u00eat\u00e9 n\u00b0 ARS91-2025-OSV n\u00b06 portant\nautorisation de dispenser \u00e0 domicile de l'oxyg\u00e8ne \u00e0 usage m\u00e9dical pour un site de rattachement d'une structure dispensatrice 43\nAgence R\u00e9gionale de Sant\u00e9 - D\u00e9l\u00e9gation\nd\u00e9partementale de l'Essonne\nIDF-2025-07-09-00010\nArr\u00eat\u00e9 n\u00b0 ARS91-2025-OSV n\u00b07 portant\nautorisation de transfert des activit\u00e9s de\ndispenser \u00e0 domicile de l'oxyg\u00e8ne \u00e0 usage\nm\u00e9dical pour un site de rattachement d'une\nstructure dispensatrice\nAgence R\u00e9gionale de Sant\u00e9 - D\u00e9l\u00e9gation d\u00e9partementale de l'Essonne - IDF-2025-07-09-00010 - Arr\u00eat\u00e9 n\u00b0 ARS91-2025-OSV n\u00b07 portant\nautorisation de transfert des activit\u00e9s de dispenser \u00e0 domicile de l'oxyg\u00e8ne \u00e0 usage m\u00e9dical pour un site de rattachement d'une\nstructure dispensatrice\n44\nExREPUBLIQUEFRAN\u00c7AISELibert\u00e9Egalit\u00e9Fraternit\u00e9 AT\u00a9 D Agence R\u00e9gionale de Sant\u00e9lle-de-France\n \n \n  \n \n \n \n \n  \nAGENCE R\u00c9GIONALE DE SANT\u00c9 ILE-DE-FRANCE \nARR\u00c9T\u00c9 N\u00b0 ARS91-2025-OSV n\u00b07 \n \nportant autorisation de transfert des activit\u00e9s de dispenser \u00e0 domicile de l'oxyg\u00e8ne \u00e0 \nusage m\u00e9dical pour un site de rattachement d'une structure dispensatrice \n \n \nLE DIRECTEUR G\u00c9N\u00c9RAL DE L'AGENCE R\u00c9GIONALE DE SANT\u00c9 \u00ceLE-DE-FRANCE  \n \n \nVU le code de sant\u00e9 publique, notamment ses articles L .4211-5, L.5232-3, R.4211-15, D.5232-1 et \nsuivants ; \n \nVU l'arr\u00eat\u00e9 en date du 16 juillet 2015 relatif aux bon nes pratiques de dispensation \u00e0 domicile de \nl'oxyg\u00e8ne \u00e0 usage m\u00e9dical ; \n \nVU le d\u00e9cret n\u00b0 2010-336 en date du 31 mars 2010 porta nt cr\u00e9ation des agences r\u00e9gionales de \nsant\u00e9 ; \n \nVU  le d\u00e9cret du 10 avril 2024 portant nomination de M onsieur Denis ROBIN, Directeur g\u00e9n\u00e9ral de \nl'Agence r\u00e9gionale de sant\u00e9 \u00cele-de-France \u00e0 compter du 29 avril 2024 ; \n \nVU  l'arr\u00eat\u00e9 DS N\u00b0 015-2025 en date du 24 juin 2025 po rtant d\u00e9l\u00e9gation de signature de Monsieur \nDenis ROBIN, Directeur g\u00e9n\u00e9ral de l'Agence r\u00e9gional e de sant\u00e9 Ile-de-France \u00e0 Monsieur \nRichade FAHAS, directeur d\u00e9partemental de l'Essonne ; \n \nVU la demande re\u00e7ue compl\u00e8te le 12 mars 2025 pr\u00e9sent\u00e9e  par la soci\u00e9t\u00e9 ORKYN PHARMADOM, \nen vue de transf\u00e9rer l'ensemble des activit\u00e9s de di spensation \u00e0 domicile d'oxyg\u00e8ne \u00e0 usage \nm\u00e9dical du site de rattachement implant\u00e9 au 361 ave nue du G\u00e9n\u00e9ral de Gaulle \u00e0 Clamart \n(92140) vers un nouveau site de rattachement implan t\u00e9 au 66 avenue de la Plesse \u00e0 Villebon-\nsur-Yvette (91140) ; \n \nVU le rapport d'instruction en date du 19 mai 2025 et sa conclusion d\u00e9finitive en date du 26 juin \n2025 \u00e9tabli par le pharmacien instructeur ; \n \nVU l'avis favorable du Conseil central de la Section D  de l'ordre national des Pharmaciens en date \ndu 21 mai 2025 ; \n \nCONSID\u00c9RANT les engagements pris par la soci\u00e9t\u00e9 ORKYN PHARMADOM, notamment : \n \n- \u00e0 respecter les modalit\u00e9s de remplacement d\u00e9crite s dans le paragraphe 2.1.10 \ndes BPDO. A ce titre, un registre d\u00e9di\u00e9 sera mis en  place afin de tracer le \nremplacement du pharmacien responsable d\u00e8s l'ouvert ure du site de \nrattachement PHARMADOM VSY ; \n- \u00e0 disposer d\u00e8s l'ouverture du site de rattachemen t de PHARMADOM VSY d'un \nclasseur regroupant l'ensemble des documents couvra nt les op\u00e9rations list\u00e9es \naux points 1.2.1 des BPDOUM et conforme aux BPDOUM.  Ces documents \nseront r\u00e9dig\u00e9s \u00e0 l'ent\u00eate du site de rattachement d e PHARMADOM VSY et \nsign\u00e9s par le pharmacien responsable du site de rattachement ; \n- \u00e0 r\u00e9aliser des tests de QO et de PQ pour le nouve au site de Villebon-sur-\nYvette. Les documents de validation (protocoles, sc ripts de tests et rapport de \nvalidation) seront consultables sur le site interne t de la structure et tenus \u00e0 la \ndisposition de l'ARS IDF (mail du 06/06/2025) ; \n- \u00e0 disposer d'une prestation conforme aux BPDOUM a u jour de l'ouverture du \nsite de rattachement PHARMADOM VSY ; \n \n \n \n \n \nAgence R\u00e9gionale de Sant\u00e9 - D\u00e9l\u00e9gation d\u00e9partementale de l'Essonne - IDF-2025-07-09-00010 - Arr\u00eat\u00e9 n\u00b0 ARS91-2025-OSV n\u00b07 portant\nautorisation de transfert des activit\u00e9s de dispenser \u00e0 domicile de l'oxyg\u00e8ne \u00e0 usage m\u00e9dical pour un site de rattachement d'une\nstructure dispensatrice\n45\n \n \n  \n- \u00e0 tracer et archiver la prise de connaissance des  proc\u00e9dure par le personnel en \nposte ; \n- \u00e0 r\u00e9diger un nouveau contrat de sous-traitance po ur la sous-traitance de \nl'oxyg\u00e8ne liquide. Ce contrat sera sign\u00e9 entre les sites de rattachement \nconcern\u00e9s, faisant appara\u00eetre les autorisations d\u00e9l ivr\u00e9es par l'ARS pour ces \nsites et leurs aires g\u00e9ographiques autoris\u00e9s et eff ectives respectives. Dans ce \ncontrat, le pharmacien responsable du site de ratta chement PHARMADOM \nVSY sera d\u00e9sign\u00e9 comme porteur de la responsabilit\u00e9  de l'ensemble de \nl'activit\u00e9 de dispensation de l'oxyg\u00e8ne. \n \n \nARR\u00caTE \n \nARTICLE 1 La soci\u00e9t\u00e9 ORKYN PHARMADOM dont le si\u00e8ge social es t situ\u00e9 au 10 avenue \nAristide Briand \u00e0 Bagneux (92220), est autoris\u00e9e \u00e0 dispenser \u00e0 domicile de \nl'oxyg\u00e8ne \u00e0 usage m\u00e9dical pour le site de rattachem ent implant\u00e9 au 66 avenue de \nla Plesse \u00e0 Villebon-sur-Yvette (91140) selon les m odalit\u00e9s rappel\u00e9es dans le \npr\u00e9sent arr\u00eat\u00e9. \n \nARTICLE 2 L'aire g\u00e9ographique desservie comprend les d\u00e9parte ments suivants :  \n \n- Ile-de-France : Paris (75), Seine-et-Marne (77), Yvelines (78), Essonne (91), \nHauts-de-Seine (92), Seine-Saint-Denis (93), Val-de -Marne (94), \nVal d'Oise (95) ; \n \ndans la limite d'un d\u00e9lai maximum d'intervention au  domicile des patients, de trois \nheures de route, en conditions usuelles de circulat ion, \u00e0 partir du site de \nrattachement concern\u00e9 par la pr\u00e9sente autorisation. \n \nARTICLE 3 Les locaux du site de rattachement d'une superficie  de 476 m\u00b2 se d\u00e9composent de \nla mani\u00e8re suivante : \n \n au rez-de-chauss\u00e9e :  \n - stock : 295 m\u00b2 ; \n - zone de retour : 29 m\u00b2 ; \n - bureaux : 48 m\u00b2 ; \n \n au premier \u00e9tage :  \n -      bureaux : 104 m\u00b2. \n \nARTICLE 4 Toute modification substantielle des \u00e9l\u00e9ments de l' autorisation devra faire l'objet \nd'une demande pr\u00e9alable de modification de cette au torisation aupr\u00e8s du Directeur \ng\u00e9n\u00e9ral de l'Agence r\u00e9gionale de sant\u00e9 Ile-de-Franc e. Toute autre modification \ndevra faire l'objet d'une d\u00e9claration simple pr\u00e9alable. \n \nARTICLE 5 Le transfert total ou partiel des activit\u00e9s de dis pensation de l'oxyg\u00e8ne \u00e0 usage \nm\u00e9dical r\u00e9alis\u00e9es sur le site de rattachement de la  pr\u00e9sente autorisation vers \nd'autres locaux devra faire l'objet d'une nouvelle demande d'autorisation aupr\u00e8s du \nDirecteur g\u00e9n\u00e9ral de l'Agence r\u00e9gionale de sant\u00e9 Ile-de-France. \n \nARTICLE 6 La structure dispensatrice est tenue de d\u00e9clarer a nnuellement son activit\u00e9 pour \nchaque site de rattachement, au plus tard le 31 mar s de chaque ann\u00e9e, aupr\u00e8s du \nDirecteur g\u00e9n\u00e9ral de l'Agence r\u00e9gionale de sant\u00e9 Ile-de-France. \n \nARTICLE 7 Un recours contentieux contre le pr\u00e9sent arr\u00eat\u00e9 pe ut \u00eatre form\u00e9 aupr\u00e8s du Tribunal \nadministratif territorialement comp\u00e9tent. Le d\u00e9lai de recours est de deux mois \u00e0 \ncompter de la notification du pr\u00e9sent arr\u00eat\u00e9 pour l es int\u00e9ress\u00e9s ou de sa \npublication pour les tiers. Cette juridiction peut notamment \u00eatre saisie via une \nrequ\u00eate remise ou envoy\u00e9e au greffe du Tribunal adm inistratif ou aussi par \nl'application \u00ab T\u00e9l\u00e9recours \u00bb accessible \u00e0 partir du site www.telerecours.fr.  \nCe recours ne suspend pas l'application du pr\u00e9sent arr\u00eat\u00e9. \n \nAgence R\u00e9gionale de Sant\u00e9 - D\u00e9l\u00e9gation d\u00e9partementale de l'Essonne - IDF-2025-07-09-00010 - Arr\u00eat\u00e9 n\u00b0 ARS91-2025-OSV n\u00b07 portant\nautorisation de transfert des activit\u00e9s de dispenser \u00e0 domicile de l'oxyg\u00e8ne \u00e0 usage m\u00e9dical pour un site de rattachement d'une\nstructure dispensatrice\n46\n \n \n  \nARTICLE 8 Le Directeur g\u00e9n\u00e9ral de l'Agence r\u00e9gionale de sant\u00e9 Ile-de-France est charg\u00e9, de \nl'ex\u00e9cution du pr\u00e9sent arr\u00eat\u00e9 qui sera publi\u00e9 au recueil des actes administratifs de \nla pr\u00e9fecture de la r\u00e9gion d'Ile-de-France. \n \n \nFait \u00e0 \u00c9vry-Courcouronnes,  \nle 09 juillet 2025 \n \nPour le Directeur g\u00e9n\u00e9ral de \nl'Agence r\u00e9gionale de sant\u00e9 \n\u00cele-de-France, \nLe Directeur d\u00e9partemental de l'Essonne \n \n \n \n \n Richade FAHAS \n \nAgence R\u00e9gionale de Sant\u00e9 - D\u00e9l\u00e9gation d\u00e9partementale de l'Essonne - IDF-2025-07-09-00010 - Arr\u00eat\u00e9 n\u00b0 ARS91-2025-OSV n\u00b07 portant\nautorisation de transfert des activit\u00e9s de dispenser \u00e0 domicile de l'oxyg\u00e8ne \u00e0 usage m\u00e9dical pour un site de rattachement d'une\nstructure dispensatrice\n47","date":"2025-10-29","first_seen_on":"2025-10-29T18:04:49+00:00","id":"8399ab7d0950bf0e11121134c388199be276abe25d2b85009541a6ec99f02a95","name":"recueil-idf-064-2025-10-recueil-des-actes-administratifs-special du 29.10.2025","pdf_creation_date":"2025-10-29T16:01:47+00:00","pdf_modification_date":null,"timezone":"Europe/Paris","url":"https://www.prefectures-regions.gouv.fr/ile-de-france/irecontenu/telechargement/132223/970588/file/recueil-idf-064-2025-10-recueil-des-actes-administratifs-special%20du%2029.10.2025.pdf"}
