{"administration":"pref21","administration_name":"Pr\u00e9fecture de C\u00f4te-d\u2019Or","content":"PR\u00c9FET\nDE LA C\u00d4TE-D'OR\nRECUEIL DES ACTES\nADMINISTRATIFS\nN\u00b021-2025-183\nPUBLI\u00c9 LE 19 D\u00c9CEMBRE 2025\nSommaire\nDirection d\u00e9partementale de la protection des populations de la\nC\u00f4te-d'Or / Service Sant\u00e9 et Protections animales, Protection de\nl'Environnement\n21-2025-12-17-00002 - Arr\u00eat\u00e9 pr\u00e9fectoral n\u00b01805 du 17 d\u00e9cembre\n2025 modifiant l arr\u00eat\u00e9 n\u00b01676 du 20 novembre 2025\nd\u00e9terminant\nune zone r\u00e9glement\u00e9e suite \u00e0 une d\u00e9claration d infection d\ninfluenza aviaire hautement pathog\u00e8ne (8 pages) Page 4\nDirection d\u00e9partementale des territoires de la C\u00f4te-d'Or / Service de l'eau\net des risques\n21-2025-12-17-00001 - Arr\u00eat\u00e9 pr\u00e9fectoral n\u00b0 1836 du 17 d\u00e9cembre\n2025 portant d\u00e9claration d'int\u00e9r\u00eat g\u00e9n\u00e9ral pour la restauration de\nmares sur les communes d'Epernay-sous-Gevrey et Tart par le Syndicat du\nBassin versant de la Vouge (SBV). (8 pages) Page 13\n21-2025-12-18-00002 - Arr\u00eat\u00e9 pr\u00e9fectoral n\u00b0 1839 du 18 d\u00e9cembre\n2025 relatif \u00e0 l'exercice de la p\u00eache dans le d\u00e9partement de la\nC\u00f4te-d'Or pour l'ann\u00e9e 2026 (13 pages) Page 22\n21-2025-12-18-00004 - Arr\u00eat\u00e9 pr\u00e9fectoral n\u00b0 1841 du 18 d\u00e9cembre\n2025 modifiant l'arr\u00eat\u00e9 pr\u00e9fectoral n\u00b0 11265 du 23 d\u00e9cembre\n2021\nportant institution de la mise en r\u00e9serve quinquennale de cours\nd'eau, sections de cours d'eau ou plans d'eau dans le\nd\u00e9partement de la C\u00f4te d'Or pour les ann\u00e9es 2022-2027 (3 pages) Page 36\n21-2025-12-18-00003 - Arr\u00eat\u00e9 pr\u00e9fectoral permanent n\u00b0 1840 du 18\nd\u00e9cembre 2025 relatif \u00e0 l'exercice de la p\u00eache aux lignes de la\ncarpe de nuit dans le d\u00e9partement de la C\u00f4te-d'Or (5 pages) Page 40\nDirection d\u00e9partementale des territoires de la C\u00f4te-d'Or / Service Habitat\nMobilit\u00e9\n21-2025-12-17-00003 - AP 1838 portant d\u00e9rogation aux dispositions de\nl'article R-832-21 du code de la construction et de l'habitation concernant\nl'acc\u00e8s au conventionnement APL d'une extension de l'EHPAD dit \"site de\nChampmaillot\" sis 9 rue Jules Violle \u00e0 Dijon (2 pages) Page 46\nDirection d\u00e9partementale des territoires de la C\u00f4te-d'Or / Service\nS\u00e9curit\u00e9 et Education Routi\u00e8re\n21-2025-12-18-00005 - Arr\u00eat\u00e9 Pr\u00e9fectoral N\u00b01856 portant\nd\u00e9claration d'abandon de onze bateaux situ\u00e9s sur le Canal de\nBourgogne au port de Saint Usage (21) (3 pages) Page 49\nPr\u00e9fecture de la C\u00f4te-d'Or / Direction des Collectivit\u00e9s locales et des\nElections\n21-2025-12-17-00004 - Arr\u00eat\u00e9 pr\u00e9fectoral n\u00b0 1847 portant\nmodification de la commission de contr\u00f4le des listes \u00e9lectorales de la\ncommune de TROCHERES (1 page) Page 53\n2\n21-2025-12-17-00005 - Arr\u00eat\u00e9 pr\u00e9fectoral n\u00b0 1849 fixant la liste des\njournaux habilit\u00e9s \u00e0 publier les annonces judiciaires et l\u00e9gales dans le\nd\u00e9partement de la C\u00f4te-d'Or pour l'ann\u00e9e 2026 (3 pages) Page 55\n21-2025-12-17-00006 - Arr\u00eat\u00e9 pr\u00e9fectoral n\u00b0 1851 fixant la liste des\nservices de presse en ligne habilit\u00e9s \u00e0 publier les annonces judiciaires et\nl\u00e9gales dans le d\u00e9partement de la C\u00f4te-d'Or pour l'ann\u00e9e 2026 (3\npages) Page 59\nPr\u00e9fecture de la C\u00f4te-d'Or / Direction des s\u00e9curit\u00e9s\n21-2025-12-18-00001 - Arr\u00eat\u00e9 pr\u00e9fectoral N\u00b0 1845 autorisant les\nagents de la s\u00fbret\u00e9 ferroviaire de la SNCF \u00e0 proc\u00e9der \u00e0 des\npalpations de s\u00e9curit\u00e9 (2 pages) Page 63\n3\nDirection d\u00e9partementale de la protection des\npopulations de la C\u00f4te-d'Or\nService Sant\u00e9 et Protections animales, Protection\nde l'Environnement\n21-2025-12-17-00002\nArr\u00eat\u00e9 pr\u00e9fectoral n\u00b01805 du 17 d\u00e9cembre 2025\nmodifiant l arr\u00eat\u00e9 n\u00b01676 du 20 novembre 2025\nd\u00e9terminant une zone r\u00e9glement\u00e9e suite \u00e0 une\nd\u00e9claration d infection d influenza aviaire\nhautement pathog\u00e8ne\nDirection d\u00e9partementale de la protection des populations de la C\u00f4te-d'Or - 21-2025-12-17-00002 - Arr\u00eat\u00e9 pr\u00e9fectoral n\u00b01805 du 17\nd\u00e9cembre 2025 modifiant l arr\u00eat\u00e9 n\u00b01676 du 20 novembre 2025\nd\u00e9terminant une zone r\u00e9glement\u00e9e suite \u00e0 une d\u00e9claration d infection d influenza aviaire hautement pathog\u00e8ne\n4\nExPREFETDE LACOTE-D'ORLibert\u00e9Egalit\u00e9Fraternit\u00e9\nDirection d\u00e9partementale\nde la protection des populations\nArr\u00eat\u00e9 pr\u00e9fectoral n\u00b01805 du 17 d\u00e9cembre 2025 modifiant l'arr\u00eat\u00e9 n\u00b01676 du 20 novembre 2025\nd\u00e9terminant une zone r\u00e9glement\u00e9e suite \u00e0 une d\u00e9claration d'infection d'influenza aviaire hautement \npathog\u00e8ne\nLe pr\u00e9fet de la C\u00f4te-d'Or\nVu le r\u00e8glement (CE) n\u00b0 178/2002 du Parlement europ\u00e9en et du Conseil du 28 janvier 2002 \u00e9tablissant  \nles principes g\u00e9n\u00e9raux et les prescriptions g\u00e9n\u00e9rales de la l\u00e9gislation alimentaire, instituant l'Autorit\u00e9  \neurop\u00e9enne  de  s\u00e9curit\u00e9  des  aliments  et  fixant  les  proc\u00e9dures  relatives  \u00e0  la  s\u00e9curit\u00e9  des  denr\u00e9es \nalimentaires ;\nVu  le r\u00e8glement (CE) n\u00b0 852/2004 du Parlement europ\u00e9en et du Conseil du 29 avril 2004 relatif \u00e0  \nl'hygi\u00e8ne des denr\u00e9es alimentaires ;\nVU  le r\u00e8glement (CE) n\u00b0853/2004 du Parlement europ\u00e9en et du Conseil du 29 avril 2004 fixant des  \nr\u00e8gles sp\u00e9cifiques d'hygi\u00e8ne applicables aux denr\u00e9es alimentaires d'origine animale ;\nVU le r\u00e8glement (CE) n\u00b01069/2009 du Parlement europ\u00e9en et du Conseil du 21 octobre 2009 \u00e9tablissant \ndes  r\u00e8gles  sanitaires  applicables  aux  sous-produits  animaux  et  produits  d\u00e9riv\u00e9s  non  destin\u00e9s  \u00e0  la \nconsommation  humaine  et  abrogeant  le  r\u00e8glement  (CE)  n\u00b01774/2002  (r\u00e8glement  relatif  aux  sous-\nproduits animaux) ;\nVU  le  r\u00e8glement  (UE)  2016/429  du  Parlement  europ\u00e9en  et  du Conseil  du  9  mars  2016  relatif  aux \nmaladies animales transmissibles et modifiant et abrogeant certains actes dans le domaine de la sant\u00e9  \nanimale (\u00ab l\u00e9gislation sur la sant\u00e9 animale \u00bb) ;\nVU le r\u00e8glement d'ex\u00e9cution (UE) 2018/1882 de la Commission du 3 d\u00e9cembre 2018 sur l'application de \ncertaines dispositions en mati\u00e8re de pr\u00e9vention et de lutte contre les maladies \u00e0 des cat\u00e9gories de  \nmaladies r\u00e9pertori\u00e9es et \u00e9tablissant une liste des esp\u00e8ces et des groupes d'esp\u00e8ces qui pr\u00e9sentent un  \nrisque consid\u00e9rable du point de vue de la propagation de ces maladies r\u00e9pertori\u00e9es ;\nVU  le  r\u00e8glement  d\u00e9l\u00e9gu\u00e9  (UE)  2020/687  de  la  Commission  du  17  d\u00e9cembre  2019  compl\u00e9tant  le \nr\u00e8glement (UE) 2016/429 du Parlement europ\u00e9en et du Conseil en ce qui concerne les r\u00e8gles relatives \u00e0  \nla pr\u00e9vention de certaines maladies r\u00e9pertori\u00e9es et \u00e0 la lutte contre celles-ci ; \nVU  le  r\u00e8glement  d\u00e9l\u00e9gu\u00e9  (UE)  2020/688  de  la  Commission  du  17  d\u00e9cembre  2019  compl\u00e9tant  le \nr\u00e8glement (UE) 2016/429 du Parlement europ\u00e9en et du Conseil en ce qui concerne les conditions de  \npolice sanitaire applicables aux mouvements d'animaux terrestres et d'\u0153ufs \u00e0 couver dans l'Union ;\nVU  le  r\u00e8glement  d\u00e9l\u00e9gu\u00e9  (UE)  2020/689  de  la  Commission  du  17  d\u00e9cembre  2019  compl\u00e9tant  le \nr\u00e8glement  (UE)  2016/429  du  Parlement  europ\u00e9en  et  du  Conseil  en  ce  qui  concerne  les  r\u00e8gles \napplicables \u00e0 la surveillance, aux programmes d'\u00e9radication et au statut \u00ab  indemne \u00bb de certaines  \nmaladies r\u00e9pertori\u00e9es et \u00e9mergentes ; \nVU le Code rural et de la p\u00eache maritime, notamment ses articles L.201-4, L.221-1 \u00e0 L.221-8, L.223-1 \u00e0  \nL.223-8, R.223-3 \u00e0 R.223-12,  D.223-22-2 \u00e0 D.223-22-17 ;\nVU le Code de la justice administrative, notamment son article R. 421-1 et suivants ;\n1\nDirection d\u00e9partementale de protection des populations - 57 rue de Mulhouse - CS 53317 - 21033 Dijon CEDEX.\nT\u00e9l\u00a0: 03 80 29 44 44  -   courriel\u00a0: ddpp@cote-dor.gouv.fr          Site internet : http://www.cote-dor.gouv.fr\nDirection d\u00e9partementale de la protection des populations de la C\u00f4te-d'Or - 21-2025-12-17-00002 - Arr\u00eat\u00e9 pr\u00e9fectoral n\u00b01805 du 17\nd\u00e9cembre 2025 modifiant l arr\u00eat\u00e9 n\u00b01676 du 20 novembre 2025\nd\u00e9terminant une zone r\u00e9glement\u00e9e suite \u00e0 une d\u00e9claration d infection d influenza aviaire hautement pathog\u00e8ne\n5\nVU le d\u00e9cret n\u00b02004-374 du 29 avril 2004 modifi\u00e9, relatif aux pouvoirs des pr\u00e9fets, \u00e0 l'organisation et \u00e0  \nl'action des services de l'\u00c9tat dans les r\u00e9gions et d\u00e9partements ;\nVU le d\u00e9cret du 10  octobre 2024 portant nomination de  Monsieur Paul MOURIER en qualit\u00e9 de pr\u00e9fet \nde la C\u00f4te-d'Or ;\nVU l'arr\u00eat\u00e9 modifi\u00e9 du 5 juin 2000 relatif au registre d'\u00e9levage ;\nVU l'arr\u00eat\u00e9 du 30 mars 2001 modifi\u00e9 fixant les modalit\u00e9s de l'estimation des animaux abattus et des  \nproduits d\u00e9truits sur ordre de l'administration ;\nVU  l'arr\u00eat\u00e9 du 10 septembre 2001 modifi\u00e9 fixant des mesures financi\u00e8res relatives \u00e0 la lutte contre  \nl'influenza aviaire : maladie de Newcastle et influenza aviaire ;\nVU  l'arr\u00eat\u00e9 du 14 octobre 2005 fixant les r\u00e8gles g\u00e9n\u00e9rales de police sanitaire relatives aux produits  \nd'origine animale destin\u00e9s \u00e0 la consommation humaine ;\nVU l'arr\u00eat\u00e9 modifi\u00e9 du 14 mars 2018 relatif aux mesures de pr\u00e9vention de la propagation des maladies  \nanimales via le transport par v\u00e9hicules routiers d'oiseaux vivants ;\nVU l'arr\u00eat\u00e9  modifi\u00e9  du  29  septembre  2021  relatif  aux  mesures  de  bios\u00e9curit\u00e9  applicables  par  les \nop\u00e9rateurs et les professionnels li\u00e9s aux animaux dans les \u00e9tablissements d\u00e9tenant des volailles ou des  \noiseaux captifs dans le cadre de la pr\u00e9vention des maladies animales transmissibles aux animaux ou  \naux \u00eatres humains ;\nVU  l'arr\u00eat\u00e9 du 25 septembre 2023 relatif aux mesures de surveillance, de pr\u00e9vention, de lutte et de  \nvaccination contre l'influenza aviaire hautement pathog\u00e8ne (IAHP) ;\nVU l'arr\u00eat\u00e9 du 5 septembre 2025 modifiant l'arr\u00eat\u00e9 du 25 septembre 2023 relatif aux mesures de  \nsurveillance, de pr\u00e9vention, de lutte et de vaccination contre l'influenza aviaire hautement pathog\u00e8ne  \n(IAHP) ;\nVU l'arr\u00eat\u00e9 pr\u00e9fectoral de d\u00e9claration d'infection n\u00b0 1676 du 20 novembre 2025 ;\nCONSIDERANT la d\u00e9tection du virus de l'influenza aviaire hautement pathog\u00e8ne dans un \u00e9levage de \nvolailles  domestiques  du  d\u00e9partement  de  la  C\u00f4te-d'Or,  confirm\u00e9e  par  le  rapport  d'analyses \nn\u00b025111803712701 du 19/11/2025 ;\nCONSIDERANT le d\u00e9peuplement des animaux r\u00e9alis\u00e9 le 20/11/2025, le ramassage des cadavres par les  \nservices de l'\u00e9quarrissage et la r\u00e9alisation de la d\u00e9sinfection D0 le 20/11/2025 ; \nCONSIDERANT que des mesures d'\u00e9radication imm\u00e9diates doivent \u00eatre prises aussit\u00f4t que la maladie  \nest d\u00e9tect\u00e9e ;\nCONSIDERANT qu'il est essentiel de d\u00e9tecter pr\u00e9cocement la pr\u00e9sence du virus au sein d'autres \u00e9le -\nvages de volailles afin de pr\u00e9venir sa propagation entre \u00e9tablissements ;\nCONSIDERANT le d\u00e9lai \u00e9chu des 21 jours apr\u00e8s les op\u00e9rations pr\u00e9liminaires de nettoyage et d\u00e9sinfec -\ntion du dernier foyer et les r\u00e9sultats favorables \u00e0 la surveillance effectu\u00e9e en zone de protection ; \nSur proposition de monsieur le directeur d\u00e9partemental de la protection des populations de la C\u00f4te-\nd'Or ;\nARR\u00caTE :\nArticle 1er : D\u00e9finition\nUne zone r\u00e9glement\u00e9e est d\u00e9finie comme suit :\n- une zone de surveillance comprenant le territoire des communes list\u00e9es en annexe ;\n2\nDirection d\u00e9partementale de protection des populations - 57 rue de Mulhouse - CS 53317 - 21033 Dijon CEDEX.\nT\u00e9l\u00a0: 03 80 29 44 44  -   courriel\u00a0: ddpp@cote-dor.gouv.fr          Site internet : http://www.cote-dor.gouv.fr\nDirection d\u00e9partementale de la protection des populations de la C\u00f4te-d'Or - 21-2025-12-17-00002 - Arr\u00eat\u00e9 pr\u00e9fectoral n\u00b01805 du 17\nd\u00e9cembre 2025 modifiant l arr\u00eat\u00e9 n\u00b01676 du 20 novembre 2025\nd\u00e9terminant une zone r\u00e9glement\u00e9e suite \u00e0 une d\u00e9claration d infection d influenza aviaire hautement pathog\u00e8ne\n6\nArticle 2 : Lev\u00e9e de la zone de protection\nLa zone de protection est lev\u00e9e \u00e0 date de signature de ce pr\u00e9sent arr\u00eat\u00e9 pr\u00e9fectoral, soit \u00e0 minima 21  \njours apr\u00e8s l'abattage des animaux et la fin des op\u00e9rations pr\u00e9liminaires de nettoyage et d\u00e9sinfection  \ndu dernier foyer de la zone de protection effectu\u00e9s le 20/11/2025 et apr\u00e8s la r\u00e9alisation des visites dans \ntous  les  \u00e9tablissements  d\u00e9tenant  des  volailles  ou  oiseaux  captifs  permettant  de  conclure  \u00e0  une \nabsence de suspicion ou de cas d'influenza aviaire dans la zone.\nApr\u00e8s la lev\u00e9e de la zone de protection, les communes et les \u00e9tablissements concern\u00e9s restent soumis  \naux mesures de la zone de surveillance jusqu'\u00e0 la lev\u00e9e de cette derni\u00e8re.\nSection 1 : Mesures d\u00e9ploy\u00e9es dans la zone r\u00e9glement\u00e9e \nLes territoires de la zone r\u00e9glement\u00e9e sont soumis aux dispositions suivantes :\nArticle 3 : Recensement\n1\u00b0 Les responsables d'\u00e9tablissement \u00e0 finalit\u00e9 commerciale d\u00e9tenant des volailles ou oiseaux captifs se  \nd\u00e9clarent aupr\u00e8s de la Direction d\u00e9partementale de la protection des populations en mentionnant les  \neffectifs  des diff\u00e9rentes esp\u00e8ces.  Un  suivi  r\u00e9gulier  avec  contr\u00f4le  des  registres  est  effectu\u00e9  par  le \ndirecteur d\u00e9partemental de la protection des populations. \n2\u00b0 Dans les territoires plac\u00e9s en zone de protection, les \u00e9tablissements \u00e0 finalit\u00e9 non commerciale de  \nvolailles  se  d\u00e9clarent  aupr\u00e8s  des  mairies  ou  sur  Internet  via  la  proc\u00e9dure  suivante  : \nhttp://mesdemarches.agriculture.gouv.fr/, rubrique \u00ab Particulier \u00bb.\nArticle 4 : Mesures de bios\u00e9curit\u00e9\n1\u00b0  Les volailles et les oiseaux captifs sont mis \u00e0 l'abri, et leur alimentation et leur abreuvement sont  \nprot\u00e9g\u00e9s, selon les modalit\u00e9s d\u00e9finies aux articles 16 et 17 de l'arr\u00eat\u00e9 du 25 septembre 2023 susvis\u00e9 ; \n2\u00b0  L'acc\u00e8s  aux  \u00e9tablissements  situ\u00e9s  en  zone  de  surveillance  est  limit\u00e9  aux  seules  personnes \nindispensables \u00e0 la tenue de l'\u00e9levage. Ces personnes mettent en \u0153uvre les mesures de bios\u00e9curit\u00e9  \nindividuelles visant \u00e0 limiter le risque de diffuser la maladie, notamment par l'utilisation de v\u00eatements  \nde protection \u00e0 usage unique et, en cas de visite d'un \u00e9tablissement suspect, la prise de pr\u00e9cautions  \nsuppl\u00e9mentaires telles que douche, changement de tenue vestimentaire et nettoyage des bottes. Les  \n\u00e9tablissements tiennent un registre de toutes les personnes qui p\u00e9n\u00e8trent sur le site de l'exploitation ;\n3\u00b0 Le nettoyage et la d\u00e9sinfection des v\u00e9hicules sont effectu\u00e9s, sous la responsabilit\u00e9 du responsable  \nde l'\u00e9tablissement concern\u00e9, \u00e0 l'entr\u00e9e et \u00e0 la sortie de tous les \u00e9tablissements en lien avec l'\u00e9levage  \navicole  tels  que  les  \u00e9levages,  les  couvoirs,  abattoirs,  entrep\u00f4ts  ou  entreprises  de  sous-produits \nanimaux,  \u00e9quarrissages,  les  distributeurs  et  fabricants  d'aliments,  centre  d'emballage  d'\u0153ufs  ou \nproducteurs d'ovoproduits. \nLes tourn\u00e9es impliquant des zones de statuts diff\u00e9rents sont organis\u00e9es de fa\u00e7on \u00e0 commencer par les  \nzones de risque le plus faible pour s'achever dans les zones de risque le plus \u00e9lev\u00e9 ;\n4\u00b0 Les cadavres de volailles sont stock\u00e9s dans des containers \u00e9tanches et collect\u00e9s par l'\u00e9quarrisseur en \nrespectant les r\u00e8gles de bios\u00e9curit\u00e9. \nArticle 5 : Mesures de surveillance en \u00e9levage\n1\u00b0 Tous les d\u00e9tenteurs de volailles et d'oiseaux captifs font l'objet de visites v\u00e9t\u00e9rinaires dans un d\u00e9lai  \nprescrit par le directeur d\u00e9partemental de la protection des populations pour contr\u00f4ler l'\u00e9tat sanitaire  \ndes animaux par l'examen clinique, la v\u00e9rification des informations du registre d'\u00e9levage et le cas  \n\u00e9ch\u00e9ant, la r\u00e9alisation de pr\u00e9l\u00e8vements pour analyse de laboratoire ;\n2\u00b0 Toute apparition de signes cliniques \u00e9vocateurs d'influenza aviaire ou toute augmentation de la  \nmortalit\u00e9 ainsi que toute baisse importante dans les donn\u00e9es de production, telles que d\u00e9crites \u00e0  \nl'article 22 de l'arr\u00eat\u00e9 du 25 septembre 2023 susvis\u00e9, sont imm\u00e9diatement signal\u00e9es au directeur  \nd\u00e9partemental de la protection des populations par les responsables des \u00e9tablissements ;\n3\u00b0  Une surveillance est mise en place au moyen d'autocontr\u00f4les pour la recherche de l'Influenza  \naviaire par virologie dans les \u00e9tablissements commerciaux selon les modalit\u00e9s suivantes :\n3\nDirection d\u00e9partementale de protection des populations - 57 rue de Mulhouse - CS 53317 - 21033 Dijon CEDEX.\nT\u00e9l\u00a0: 03 80 29 44 44  -   courriel\u00a0: ddpp@cote-dor.gouv.fr          Site internet : http://www.cote-dor.gouv.fr\nDirection d\u00e9partementale de la protection des populations de la C\u00f4te-d'Or - 21-2025-12-17-00002 - Arr\u00eat\u00e9 pr\u00e9fectoral n\u00b01805 du 17\nd\u00e9cembre 2025 modifiant l arr\u00eat\u00e9 n\u00b01676 du 20 novembre 2025\nd\u00e9terminant une zone r\u00e9glement\u00e9e suite \u00e0 une d\u00e9claration d infection d influenza aviaire hautement pathog\u00e8ne\n7\na) Autocontr\u00f4les r\u00e9alis\u00e9s dans les \u00e9levages de palmip\u00e8des, \u00e0 l'exception du gibier \u00e0 plume et \u00e0   \nl'exception des stades \u00ab     futurs reproducteurs     \u00bb et \u00ab     reproducteurs     \u00bb     :  \n\u00c9chantillonnage Pr\u00e9l\u00e8vement Fr\u00e9quence\nTous les cadavres ramass\u00e9s  \ndans la limite de 5 cadavres\n\u00c9couvillon cloacal Une fois par semaine \nET A DEFAUT\nEnvironnement \nChiffonnette  poussi\u00e8res  s\u00e8che  \ndans  chaque  b\u00e2timent  d'animaux \nvivants \nUne fois par semaine\nb) Autocontr\u00f4les  r\u00e9alis\u00e9s  dans  les  \u00e9levages  de  gibier  \u00e0  plume  de  la  famille  des  anatid\u00e9s,  \u00e0   \nl'exception des stades \u00ab     futurs reproducteurs     \u00bb et \u00ab     reproducteurs     \u00bb     :  \n\u00c9chantillonnage Pr\u00e9l\u00e8vement Fr\u00e9quence\nTous les cadavres ramass\u00e9s  \ndans la limite de 5 cadavres\n\u00c9couvillon cloacal Une fois par semaine \nOU\n30 animaux vivants \n\u00c9couvillon cloacal et trach\u00e9al Tous les 15 jours\nc) Autocontr\u00f4les r\u00e9alis\u00e9s dans les \u00e9levages de \u00ab     reproducteurs     \u00bb et \u00ab     futurs reproducteurs     \u00bb de   \ntoutes esp\u00e8ces \n\u00c9chantillonnage Pr\u00e9l\u00e8vement Fr\u00e9quence\nTous les cadavres ramass\u00e9s \ndans la limite de 5 cadavres \n\u00c9couvillon cloacal Deux fois par semaine\nET\nEnvironnement\n5 chiffonnettes poussi\u00e8res s\u00e8che \nsur chaque b\u00e2timent, sur le \nmat\u00e9riel d'\u00e9levage au contact des \nanimaux, mangeoires, abreuvoirs, \nlignes de pipettes, parties \nsup\u00e9rieures des syst\u00e8me de \ndistribution\nDeux fois par semaine\nET\n20 animaux vivants\nEcouvillon cloacal \nPrise de sang\nTous les 15 jours\nUne fois par mois\nSection 2 : Mesures compl\u00e9mentaires pour les \u00e9tablissements situ\u00e9s dans la zone de surveillance\nSans pr\u00e9judice des dispositions de la section 1, les territoires plac\u00e9s en zone de surveillance sont  \nsoumis, aux mesures suivantes :\nArticle 6 : Mesures li\u00e9es \u00e0 la vaccination contre l'IAHP\nPour les volailles vaccin\u00e9es conform\u00e9ment \u00e0 l'article 47 de l'arr\u00eat\u00e9 du 25 septembre 2023 susvis\u00e9, les  \nmesures suivantes s'appliquent :\n1\u00b0 Les \u00e9tablissements d\u00e9tenant des volailles vaccin\u00e9es sont soumis \u00e0 une surveillance post-vaccination  \nactive renforc\u00e9e. Cette surveillance comporte la r\u00e9alisation de pr\u00e9l\u00e8vement pour analyse virologique  \n(rt-PCR) effectu\u00e9s sur 60 volailles vaccin\u00e9es par \u00e9couvillon trach\u00e9al ou oropharyng\u00e9 toutes les deux  \nsemaines.\n2\u00b0 Lors de la r\u00e9alisation de la vaccination des lots n'ayant pas termin\u00e9 le sch\u00e9ma vaccinal, un examen  \nclinique  par  le  v\u00e9t\u00e9rinaire  sanitaire  mandat\u00e9  est  r\u00e9alis\u00e9  avant  l'acte  vaccinal.  Lorsque  des  signes \n\u00e9vocateurs de la maladie sont observ\u00e9s, la vaccination est suspendue.\nPour  les  volailles  r\u00e9cemment  mises  en  place,  n'ayant  pas  encore  d\u00e9but\u00e9  leur  vaccination,  la \nvaccination est interdite.\n4\nDirection d\u00e9partementale de protection des populations - 57 rue de Mulhouse - CS 53317 - 21033 Dijon CEDEX.\nT\u00e9l\u00a0: 03 80 29 44 44  -   courriel\u00a0: ddpp@cote-dor.gouv.fr          Site internet : http://www.cote-dor.gouv.fr\nDirection d\u00e9partementale de la protection des populations de la C\u00f4te-d'Or - 21-2025-12-17-00002 - Arr\u00eat\u00e9 pr\u00e9fectoral n\u00b01805 du 17\nd\u00e9cembre 2025 modifiant l arr\u00eat\u00e9 n\u00b01676 du 20 novembre 2025\nd\u00e9terminant une zone r\u00e9glement\u00e9e suite \u00e0 une d\u00e9claration d infection d influenza aviaire hautement pathog\u00e8ne\n8\nArticle 7 : Mesures concernant les mouvements de volailles et d'oiseaux captifs\n1\u00b0  Les  rassemblements  de  volailles  ou  d'autres  oiseaux  captifs  tels  que  les  foires,  march\u00e9s  et  les \nexpositions sont interdits en zone de surveillance ;\n2\u00b0 Les mises en place et les mouvements de sortie d'\u00e9tablissement de volailles, poussins d'un jour et  \n\u0153ufs \u00e0 couver sont interdits en zone de surveillance.\nDes  d\u00e9rogations  individuelles  \u00e0  ces  interdictions  peuvent  \u00eatre  accord\u00e9es  par  le  directeur  \nd\u00e9partemental de la protection des populations.\n3\u00b0 Les mouvements de volailles vaccin\u00e9s et de leurs produits sont interdits en zone de surveillance. Des \nd\u00e9rogations individuelles \u00e0 ces interdictions peuvent \u00eatre accord\u00e9es par le directeur d\u00e9partemental de \nla protection des populations selon les conditions pr\u00e9vues aux articles 28, 29, 30, 33, 34, 37 et au point  \n1 de l'article 31 du r\u00e8glement d\u00e9l\u00e9gu\u00e9 (UE) 2020/687 susvis\u00e9.\nArticle 8 : Mesures concernant l'abattage en \u00e9tablissement non agr\u00e9\u00e9 (EANA)\n1\u00b0 L'abattage de volailles ou d'autres oiseaux captifs en EANA est interdit en zone de surveillance ;\n2\u00b0 Des d\u00e9rogations individuelles peuvent \u00eatre accord\u00e9es pour les EANA situ\u00e9s en zone de surveillance  \npar  le directeur d\u00e9partemental de la protection des populations,  \u00e0 la suite d'une analyse de risque  \ndont l'\u00e9valuation doit indiquer que le risque de propagation de la maladie est n\u00e9gligeable et sous  \nr\u00e9serve du respect des mesures de bios\u00e9curit\u00e9 en \u00e9levage ainsi que de la r\u00e9alisation d'un examen  \nclinique pr\u00e9alable par un v\u00e9t\u00e9rinaire sanitaire dont les conclusions sont favorables ;\n3\u00b0 Les mouvements et le transport des viandes et produits contenant des viandes issues d'animaux  \nabattus en EANA et provenant de zone de surveillance sont interdits. Des d\u00e9rogations concernant les  \nmouvements et le transport des viandes et produits contenant des viandes issues d'animaux abattus  \nen EANA peuvent \u00eatre accord\u00e9es sur le territoire national.\nArticle 9 : Mesures concernant les mouvements de denr\u00e9es\n1\u00b0 Les mouvements et le transport de denr\u00e9es alimentaires provenant de zone de surveillance et issues  \nde  volailles  ou  d'oiseaux  captifs  sont  interdits.  Des  d\u00e9rogations  individuelles  \u00e0  ces  interdictions \npeuvent \u00eatre accord\u00e9es par le  directeur d\u00e9partemental de la protection des populations , \u00e0 la suite  \nd'une analyse de risque dont l'\u00e9valuation doit indiquer que le risque de propagation de la maladie est \nn\u00e9gligeable et sous r\u00e9serve du respect des mesures suivantes :\n- Tous  les  mouvements  autoris\u00e9s  sont  effectu\u00e9s  sans  d\u00e9chargement,  ni  arr\u00eat  jusqu'au  \nd\u00e9chargement dans l'\u00e9tablissement de destination, en privil\u00e9giant les grands axes routiers ou  \nferroviaires, en \u00e9vitant de passer \u00e0 proximit\u00e9 d'\u00e9tablissements d\u00e9tenant des volailles ou des  \noiseaux captifs ;\n- Les volailles et oiseaux captifs provenant de zone de surveillance sont abattus s\u00e9par\u00e9ment des  \nvolailles et oiseaux captifs ne provenant pas de ces zones r\u00e9glement\u00e9es ou \u00e0 des moments  \ndiff\u00e9rents, de pr\u00e9f\u00e9rence en fin de journ\u00e9e de travail le jour de l'arriv\u00e9e ;\n- Les viandes et les produits contenant ces viandes obtenues \u00e0 partir de volailles vaccin\u00e9es issus  \nde zone de surveillance font l'objet d'un marquage sp\u00e9cifique et d'un traitement d'att\u00e9nuation  \nsi  n\u00e9cessaire  conform\u00e9ment  aux  dispositions  de  l'article  33  du  r\u00e8glement  (UE)  \nn\u00b02020/687 susvis\u00e9\n- Les  viandes  et  les  produits  contenant  des  viandes  issues  de  volailles  ou  d'oiseaux  captifs \nprovenant  de  zone  r\u00e9glement\u00e9e  et  destin\u00e9s  aux  \u00e9changes  intracommunautaires,  sont \naccompagn\u00e9s d'un certificat zoosanitaire conform\u00e9ment aux disposition de l'article 167 du  \nr\u00e8glement (UE) n\u00b0 2016/429.\nToutefois, cette interdiction ne s'applique pas dans les cas suivants :\n- Le mouvement des viandes de volailles ou d'oiseaux captifs issus d'\u00e9tablissements situ\u00e9s hors  \nde la zone de surveillance et produits en contenant, \u00e0 condition que les volailles et les oiseaux  \ncaptifs aient \u00e9t\u00e9 abattus s\u00e9par\u00e9ment des volailles et des oiseaux captifs en provenance de  \nzone  de  surveillance  et  que  les  viandes  aient  \u00e9t\u00e9  d\u00e9coup\u00e9es,  stock\u00e9es,  transform\u00e9es  et \ntransport\u00e9es  s\u00e9par\u00e9ment  de  celles  de  volailles  ou  d'oiseaux  captifs  en  provenance  \nd'\u00e9tablissements situ\u00e9s \u00e0 l'int\u00e9rieur de la zone de protection  ;\n- Le transport des viandes de volailles ou d'oiseaux captifs issus de l'\u00e9tablissement infect\u00e9 et des  \n\u00e9tablissements en liens \u00e9pid\u00e9miologiques produites et stock\u00e9es avant le 10 novembre 2025  soit \n21 jours avant la date estim\u00e9e de premi\u00e8re infection dans la zone de protection ;\n5\nDirection d\u00e9partementale de protection des populations - 57 rue de Mulhouse - CS 53317 - 21033 Dijon CEDEX.\nT\u00e9l\u00a0: 03 80 29 44 44  -   courriel\u00a0: ddpp@cote-dor.gouv.fr          Site internet : http://www.cote-dor.gouv.fr\nDirection d\u00e9partementale de la protection des populations de la C\u00f4te-d'Or - 21-2025-12-17-00002 - Arr\u00eat\u00e9 pr\u00e9fectoral n\u00b01805 du 17\nd\u00e9cembre 2025 modifiant l arr\u00eat\u00e9 n\u00b01676 du 20 novembre 2025\nd\u00e9terminant une zone r\u00e9glement\u00e9e suite \u00e0 une d\u00e9claration d infection d influenza aviaire hautement pathog\u00e8ne\n9\n- Le transport de viandes de volailles ou d'oiseaux captifs ayant subi le traitement appropri\u00e9  \nconform\u00e9ment \u00e0 l'annexe VII du r\u00e8glement d\u00e9l\u00e9gu\u00e9 (UE) n\u00b02020/687 de la Commission du 17  \nd\u00e9cembre 2019 susvis\u00e9 ;\n2\u00b0 Les sorties d'\u0153ufs de consommation depuis des \u00e9tablissements situ\u00e9s en zone de surveillance sont  \ninterdites. Des d\u00e9rogations individuelles \u00e0 ces interdictions peuvent \u00eatre accord\u00e9es par  le directeur  \nd\u00e9partemental de la protection des populations , \u00e0 la suite d'une analyse de risque dont l'\u00e9valuation  \ndoit indiquer que le risque de propagation de la maladie est n\u00e9gligeable et sous r\u00e9serve des conditions  \nsuivantes :\n- Tous  les  mouvements  autoris\u00e9s  sont  effectu\u00e9s  en  privil\u00e9giant  les  grands  axes  routiers  ou \nferroviaires, en \u00e9vitant de passer \u00e0 proximit\u00e9 d'\u00e9tablissements d\u00e9tenant des volailles ou des  \noiseaux  captifs  et  sans  d\u00e9chargement,  ni  arr\u00eat  (en-dehors  de  ceux  pr\u00e9vus  par  le  plan  de \ncollecte) jusqu'au d\u00e9chargement dans l'\u00e9tablissement de destination ;\n- Les  mouvements  sont  autoris\u00e9s  si  les  \u0153ufs  sont  stock\u00e9s,  transport\u00e9s  et  transform\u00e9s \ns\u00e9par\u00e9ment des \u0153ufs obtenus \u00e0 partir de volailles ou d'oiseaux captifs ne provenant pas de la  \nzone de surveillance ;\n- Les \u00e9tablissements du secteur alimentaire appliquent les mesures appropri\u00e9es d\u00e9finies par les  \nautorit\u00e9s fran\u00e7aises en vue de pr\u00e9venir la propagation de la maladie.\nToutefois, cette interdiction ne s'applique pas dans les cas suivants :\n- Le transport des \u0153ufs issus d'\u00e9tablissements situ\u00e9s hors de la zone de surveillance, \u00e0 condition  \nque les \u0153ufs aient \u00e9t\u00e9 stock\u00e9s et transport\u00e9s s\u00e9par\u00e9ment de ceux de volailles ou d'oiseaux  \ncaptifs en provenance d'\u00e9tablissements situ\u00e9s \u00e0 l'int\u00e9rieur la zone de surveillance ;\n- Le  transport  des  \u0153ufs  issus  de  l'\u00e9tablissement  infect\u00e9  et  des  \u00e9tablissements  en  liens \n\u00e9pid\u00e9miologiques produits et stock\u00e9s avan t le 10 novembre 2025 soit  21 jours avant la date  \nestim\u00e9e de premi\u00e8re infection dans la zone de protection.\nArticle 10 : Mesures concernant les sous-produits animaux\n1\u00b0 L'\u00e9pandage de lisier est interdit. \nLes mouvements de lisier sont interdits sauf si le produit est destin\u00e9 ou \u00e0 subi une transformation en  \nusine agr\u00e9\u00e9e situ\u00e9e dans la zone.\nL'exp\u00e9dition de ces sous-produits animaux \u00e0 destination d'une usine agr\u00e9e pour leur traitement, ou  \nleur entreposage temporaire en vue d'un traitement ult\u00e9rieur visant \u00e0 d\u00e9truire tout virus de l'influenza  \naviaire  \u00e9ventuellement  pr\u00e9sent  conform\u00e9ment  au  r\u00e8glement  (CE)  n\u00b01069/2009  susvis\u00e9,  peut  \u00eatre \nautoris\u00e9e par le directeur d\u00e9partemental de la protection des populations.\n2\u00b0 Les sous-produits animaux de cat\u00e9gorie 3 issus de volailles de la zone de surveillance et abattues en  \nabattoir implant\u00e9 \u00e0 l'int\u00e9rieur de la zone sont exclusivement destin\u00e9s \u00e0 un \u00e9tablissement agr\u00e9\u00e9 au titre  \ndu r\u00e8glement (CE) n\u00b01069/2009 susvis\u00e9 et qui produit des produits transform\u00e9s. L'envoi en centre de  \ncollecte ou en \u00e9tablissement fabriquant des aliments crus pour animaux familiers est interdit ;\n3\u00b0 L'usage \u00e0 l'\u00e9tat cru de volailles ou parties de volailles ou de denr\u00e9es animales issues de volailles  \nprovenant de la zone de surveillance, pour l'alimentation des animaux familiers et assimil\u00e9s (y compris  \nen zoo, parc zoologique, fauconnerie...) et des oiseaux carnivores et/ou n\u00e9crophages non d\u00e9tenus, est  \ninterdit ;\n4\u00b0  La  collecte  des  plumes  est  interdite,  sauf  d\u00e9rogation  individuelle  accord\u00e9e  par  le  directeur \nd\u00e9partemental de la protection des populations en cas de saturation des capacit\u00e9s de stockage, \u00e0  \ndestination d'une usine autoris\u00e9e \u00e0 les transformer.\nArticle 11 : Mesures concernant les activit\u00e9s cyn\u00e9g\u00e9tiques\n1\u00b0 Conform\u00e9ment \u00e0 l'annexe VI du r\u00e8glement (UE) 2020/687 susvis\u00e9 :\na) Le mouvement et le l\u00e2cher de gibiers \u00e0 plumes de la famille des phasianid\u00e9s et anatid\u00e9s est interdit ;\nb) Le transport des appelants pour la chasse au gibier d'eau sont interdits, quelle que soit la cat\u00e9gorie  \ndu d\u00e9tenteur ;\nc) L'utilisation des appelants pour la chasse au gibier d'eau sont interdits, quelle que soit la cat\u00e9gorie  \ndu d\u00e9tenteur ;\n2\u00b0 Sont interdites la chasse au gibier d'eau ainsi que la chasse au gibier \u00e0 plumes, dans les marais non  \nass\u00e9ch\u00e9s, sur les fleuves, rivi\u00e8res, canaux, r\u00e9servoirs, lacs, \u00e9tangs et nappes d'eau ; \n6\nDirection d\u00e9partementale de protection des populations - 57 rue de Mulhouse - CS 53317 - 21033 Dijon CEDEX.\nT\u00e9l\u00a0: 03 80 29 44 44  -   courriel\u00a0: ddpp@cote-dor.gouv.fr          Site internet : http://www.cote-dor.gouv.fr\nDirection d\u00e9partementale de la protection des populations de la C\u00f4te-d'Or - 21-2025-12-17-00002 - Arr\u00eat\u00e9 pr\u00e9fectoral n\u00b01805 du 17\nd\u00e9cembre 2025 modifiant l arr\u00eat\u00e9 n\u00b01676 du 20 novembre 2025\nd\u00e9terminant une zone r\u00e9glement\u00e9e suite \u00e0 une d\u00e9claration d infection d influenza aviaire hautement pathog\u00e8ne\n10\n3\u00b0 La cession \u00e0 titre gratuit ou on\u00e9reux des corps du gibier \u00e0 plumes tu\u00e9 par action de chasse et des  \nviandes et produits qui en sont issus est interdite dans la zone de surveillance.\nSection 3 : Dispositions finales\nArticle 12 : Lev\u00e9e des mesures\nLa zone de surveillance sera lev\u00e9e 9 jours apr\u00e8s la date de signature de ce pr\u00e9sent arr\u00eat\u00e9 apr\u00e8s la  \nr\u00e9alisation des visites, avec r\u00e9sultat favorable, parmi les \u00e9tablissements de la zone de surveillance  \npermettant de conclure \u00e0 une absence de suspicion ou de cas d'influenza aviaire dans la zone.\nArticle 13 : Dispositions p\u00e9nales\nLe non-respect des dispositions du pr\u00e9sent arr\u00eat\u00e9 constituent des infractions d\u00e9finies et r\u00e9prim\u00e9es par  \nles articles R. 228-1 \u00e0 R. 228-10 du Code rural et de la p\u00eache maritime.\nArticle 14 : Recours\nLe pr\u00e9sent arr\u00eat\u00e9 est susceptible de recours aupr\u00e8s du tribunal administratif de Dijon sous un d\u00e9lai de  \ndeux mois \u00e0 compter de sa publication, conform\u00e9ment aux dispositions des articles R.421-1 et suivants  \ndu code de justice administrative.\nArticle 15 : D\u00e9lai de mise en \u0153uvre\nLes dispositions du pr\u00e9sent arr\u00eat\u00e9 sont d'application imm\u00e9diate.\nLe secr\u00e9taire g\u00e9n\u00e9ral de la pr\u00e9fecture de la C\u00f4te-d'Or, le directeur d\u00e9partemental de la protection des  \npopulations, les maires des communes concern\u00e9es, le commandant du groupement de gendarmerie,  \nles v\u00e9t\u00e9rinaires sanitaires, sont responsables, chacun en ce qui le concerne, de l'application du pr\u00e9sent  \narr\u00eat\u00e9 qui sera publi\u00e9 au recueil des actes administratifs de la pr\u00e9fecture et affich\u00e9 dans les mairies  \nconcern\u00e9es.\n                                     Fait \u00e0 Dijon,\nPour le pr\u00e9fet et par d\u00e9l\u00e9gation\nLa secr\u00e9taire g\u00e9n\u00e9rale adjointe\nde la pr\u00e9fecture de C\u00f4te-d'Or\nSign\u00e9\nMagalie MALERBA\n7\nDirection d\u00e9partementale de protection des populations - 57 rue de Mulhouse - CS 53317 - 21033 Dijon CEDEX.\nT\u00e9l\u00a0: 03 80 29 44 44  -   courriel\u00a0: ddpp@cote-dor.gouv.fr          Site internet : http://www.cote-dor.gouv.fr\nDirection d\u00e9partementale de la protection des populations de la C\u00f4te-d'Or - 21-2025-12-17-00002 - Arr\u00eat\u00e9 pr\u00e9fectoral n\u00b01805 du 17\nd\u00e9cembre 2025 modifiant l arr\u00eat\u00e9 n\u00b01676 du 20 novembre 2025\nd\u00e9terminant une zone r\u00e9glement\u00e9e suite \u00e0 une d\u00e9claration d infection d influenza aviaire hautement pathog\u00e8ne\n11\nAnnexe  : Liste des communes situ  \u00e9es en zone de surveillance  \nCode Insee Commune\n21005 AISEREY\n21021 ARC-SUR-TILLE\n21028 ATH\u00c9E\n21057 BEIRE-LE-FORT\n21076 BINGES\n21103 BRAZEY-EN-PLAINE\n21105 BRESSEY-SUR-TILLE\n21106 BRETENI\u00c8RE\n21126 CESSEY-SUR-TILLE\n21130 CHAMBEIRE\n21138 CHAMPD\u00d4TRE\n21171 CHEVIGNY-SAINT-SAUVEUR\n21175 CIREY-L\u00c8S-PONTAILLER\n21183 COLLONGES-ET-PREMI\u00c8RES\n21209 COUTERNON\n21242 \u00c9CHIGEY\n21261 FAUVERNEY\n21292 GENLIS\n21320 IZIER\n21330 LABERGEMENT-FOIGNEY\n21337 LAMARCHE-SUR-SA\u00d4NE\n21351 LONGCHAMP\n21352 LONGEAULT-PLUVAULT\n21353 LONGECOURT-EN-PLAINE\n21367 MAGNY-MONTARLOT\n21370 MAGNY-SUR-TILLE\n21388 MARLIENS\n21440 MONTOT\n21452 NEUILLY-CRIMOLOIS\n21473 OUGES\n21487 PLUVET\n21515 QUETIGNY\n21521 REMILLY-SUR-TILLE\n21532 ROUVRES-EN-PLAINE\n21585 SAULON-LA-CHAPELLE\n21605 SENNECEY-L\u00c8S-DIJON\n21609 SOIRANS\n21623 TART\n21622 TART-LE-BAS\n21624 TELLECEY\n21632 THOREY-EN-PLAINE\n21643 TR\u00c9CLUN\n21645 TROUHANS\n21656 VARANGES\n21699 VILLERS-LES-POTS\n8\nDirection d\u00e9partementale de protection des populations - 57 rue de Mulhouse - CS 53317 - 21033 Dijon CEDEX.\nT\u00e9l\u00a0: 03 80 29 44 44  -   courriel\u00a0: ddpp@cote-dor.gouv.fr          Site internet : http://www.cote-dor.gouv.fr\nDirection d\u00e9partementale de la protection des populations de la C\u00f4te-d'Or - 21-2025-12-17-00002 - Arr\u00eat\u00e9 pr\u00e9fectoral n\u00b01805 du 17\nd\u00e9cembre 2025 modifiant l arr\u00eat\u00e9 n\u00b01676 du 20 novembre 2025\nd\u00e9terminant une zone r\u00e9glement\u00e9e suite \u00e0 une d\u00e9claration d infection d influenza aviaire hautement pathog\u00e8ne\n12\nDirection d\u00e9partementale des territoires de la\nC\u00f4te-d'Or\nService de l'eau et des risques\n21-2025-12-17-00001\nArr\u00eat\u00e9 pr\u00e9fectoral n\u00b0 1836 du 17 d\u00e9cembre 2025\nportant d\u00e9claration d'int\u00e9r\u00eat g\u00e9n\u00e9ral pour la\nrestauration de mares sur les communes\nd'Epernay-sous-Gevrey et Tart par le Syndicat du\nBassin versant de la Vouge (SBV).\nDirection d\u00e9partementale des territoires de la C\u00f4te-d'Or - 21-2025-12-17-00001 - Arr\u00eat\u00e9 pr\u00e9fectoral n\u00b0 1836 du 17 d\u00e9cembre 2025\nportant d\u00e9claration d'int\u00e9r\u00eat g\u00e9n\u00e9ral pour la restauration de mares sur les communes d'Epernay-sous-Gevrey et Tart par le Syndicat\ndu Bassin versant de la Vouge (SBV).\n13\nzsPREFETDELACOTE-D'ORLibert\u00e9Egalit\u00e9Fraternit\u00e9\nDirection d\u00e9partementale des territoires \nde la C\u00f4te-d'Or\nService de l'eau et des risques\nBureau police de l'eau\nAffaire suivie par : Christophe CHARTON\nT\u00e9l :03 80 29 44 32\nm\u00e9l : ddt-ser-pe@cote-dor.gouv.fr\nArr\u00eat\u00e9 pr\u00e9fectoral n\u00b0 1836 du 17 d\u00e9cembre 2025 portant d\u00e9claration d'int\u00e9r\u00eat g\u00e9n\u00e9ral pour la \nrestauration de mares sur les communes d'Epernay-sous-Gevrey et Tart par le Syndicat du  \nBassin versant de la Vouge (SBV)\nLe pr\u00e9fet de la C\u00f4te-d'Or\nVU le code de l'environnement et notamment les articles L211-7 , L.214-1 \u00e0 L.214-6, L.432-3 ainsi \nque les articles R.214-88 \u00e0 R.214-103;\nVU le code rural et de la p\u00eache maritime et notamment les articles L.151-36 \u00e0 L.151-40 ;\nVU la loi du 29 d\u00e9cembre 1892 relative aux dommages caus\u00e9s \u00e0 la propri\u00e9t\u00e9 priv\u00e9e par  \nl'ex\u00e9cution des travaux publics ;\nVU le sch\u00e9ma directeur d'am\u00e9nagement et de gestion des eaux (SDAGE) Rh\u00f4ne M\u00e9diterran\u00e9e  \nen vigueur ;\nVU le sch\u00e9ma d'am\u00e9nagement et de gestion des eaux (SAGE) du bassin versant de la Vouge ;\nVU l'arr\u00eat\u00e9 pr\u00e9fectoral n\u00b0 507/SG du 28 mars 2025 donnant d\u00e9l\u00e9gation de signature \u00e0 Mme  \nManuelle DUPUY, directrice d\u00e9partementale des territoires de la C\u00f4te-d'Or ;\nVU l'arr\u00eat\u00e9 pr\u00e9fectoral n\u00b0 1333 du 28 ao\u00fbt 2025 portant subd\u00e9l\u00e9gation de signature aux  \nagents de la direction d\u00e9partementale de la C\u00f4te-d'Or ;\nVU la d\u00e9claration d'int\u00e9r\u00eat g\u00e9n\u00e9ral re\u00e7ue le 12 novembre 2025, pr\u00e9sent\u00e9e par le Syndicat du  \nBassin  versant  de  la  Vouge  (SBV)  relative  \u00e0  la  restauration  de  mares  sur  les  communes \nd'Epernay-sous-Gevrey et Tart ;\nDirection d\u00e9partementale des territoires de la C\u00f4te-d'Or\n57 , rue de Mulhouse - BP 53317 - 21033 Dijon CEDEX\nT\u00e9l. : 03 80 29 44 44\nCourriel : ddt@cote-dor.gouv.fr - Site internet : http://www.cote-dor.gouv.fr\nDirection d\u00e9partementale des territoires de la C\u00f4te-d'Or - 21-2025-12-17-00001 - Arr\u00eat\u00e9 pr\u00e9fectoral n\u00b0 1836 du 17 d\u00e9cembre 2025\nportant d\u00e9claration d'int\u00e9r\u00eat g\u00e9n\u00e9ral pour la restauration de mares sur les communes d'Epernay-sous-Gevrey et Tart par le Syndicat\ndu Bassin versant de la Vouge (SBV).\n14\n2\nVU l'avis favorable de l'office fran\u00e7ais de la biodiversit\u00e9 en date du 1er d\u00e9cembre 2025 ;\nVU l'avis favorable de la Commission Locale de l'Eau (CLE) du Bassin de la Vouge en date du 5  \nd\u00e9cembre 2025 ;\nVU le courriel du syndicat du bassin de la vouge en date du 15 d\u00e9cembre 2025 indiquant qu'il  \nn'avait pas d'observation \u00e0 formuler sur le projet d'arr\u00eat\u00e9 pr\u00e9fectoral qui lui a \u00e9t\u00e9 soumis le 11  \nd\u00e9cembre 2025 au titre de la phase contradictoire ;\nCONSID\u00c9RANT la possibilit\u00e9, en application de l'article L.211-7 du code de l'environnement,  \npour les collectivit\u00e9s territoriales et leurs groupements de mettre en \u0153uvre l'ex\u00e9cution de  \ntous travaux pr\u00e9sentant un caract\u00e8re d'int\u00e9r\u00eat g\u00e9n\u00e9ral ou d'urgence et visant notamment  \nl'entretien  et  l'am\u00e9nagement  d'un  cours  d'eau  y  compris  les  acc\u00e8s  \u00e0  ce  cours  d'eau,  la \nprotection et la restauration des sites, des \u00e9cosyst\u00e8mes aquatiques et des zones humides ainsi \nque des formations bois\u00e9es riveraines  ;\nCONSID\u00c9RANT la n\u00e9cessit\u00e9 de pr\u00e9server les mares qui sont des habitats sensibles d'esp\u00e8ces \u00e0 \nenjeux de patrimonialit\u00e9, permettent la pr\u00e9servation de la qualit\u00e9 de l'eau et le maintien des  \nusages (abreuvement du b\u00e9tail et de la faune sauvage, r\u00e9serve \u00e0 incendie...) ;\nCONSID\u00c9RANT que les travaux projet\u00e9s permettent d'assurer l'entretien, la restauration des  \n\u00e9cosyst\u00e8mes aquatiques et le maintien des usages communs li\u00e9s \u00e0 l'eau ;\nCONSID\u00c9RANT que les interventions ainsi envisag\u00e9es pr\u00e9sentent bien un caract\u00e8re d'int\u00e9r\u00eat  \ng\u00e9n\u00e9ral tant du point de vue de l'environnement que du point de vue de la protection des  \nbiens et des personnes ;\nCONSID\u00c9RANT  que les travaux sont compatibles avec les orientations et les objectifs du  \nsch\u00e9ma directeur d'am\u00e9nagement et de gestion des eaux (SDAGE) Rh\u00f4ne M\u00e9diterran\u00e9e en  \nvigueur et du sch\u00e9ma d'am\u00e9nagement et de gestion des eaux (SAGE) du bassin versant de la  \nVouge  ;\nCONSID\u00c9RANT  qu'aux termes des dispositions de l'article L.151-37 du code rural et de la  \np\u00eache  maritime,  les  travaux  d'entretien  et  de  restauration  des  milieux  aquatiques  sont  \ndispens\u00e9s d'enqu\u00eate publique sous r\u00e9serve qu'ils n'entra\u00eenent aucune expropriation et que le  \nma\u00eetre d'ouvrage ne pr\u00e9voie pas de demander une participation financi\u00e8re aux personnes  \nint\u00e9ress\u00e9es ;\nCONSID\u00c9RANT que les travaux projet\u00e9s par le Syndicat du Bassin de la Vouge remplissent ces \nconditions et peuvent \u00eatre dispens\u00e9s d'enqu\u00eate publique ;\nSUR proposition de Madame la directrice d\u00e9partementale des territoires de la C\u00f4te-d'Or ;\nDirection d\u00e9partementale des territoires de la C\u00f4te-d'Or\n57 , rue de Mulhouse - BP 53317 - 21033 Dijon CEDEXT\u00e9l. : 03 80 29 44 44\nCourriel : ddt@cote-dor.gouv.fr - Site internet : http://www.cote-dor.gouv.fr\nDirection d\u00e9partementale des territoires de la C\u00f4te-d'Or - 21-2025-12-17-00001 - Arr\u00eat\u00e9 pr\u00e9fectoral n\u00b0 1836 du 17 d\u00e9cembre 2025\nportant d\u00e9claration d'int\u00e9r\u00eat g\u00e9n\u00e9ral pour la restauration de mares sur les communes d'Epernay-sous-Gevrey et Tart par le Syndicat\ndu Bassin versant de la Vouge (SBV).\n15\n3\nA R R E T E\nChapitre I : G\u00c9N\u00c9RALIT\u00c9S\nArticle 1  er   : habilitation du Syndicat du Bassin versant de la Vouge (SBV)  \nLe  Syndicat  du  Bassin  versant  de  la  Vouge  sis  25  Avenue  de  la  Gare,  21  220  Gevrey \nChambertin, est ma\u00eetre d'ouvrage des travaux de restauration de mares sur les communes  \nd'Epernay-sous-Gevrey et Tart.\nLes travaux seront ex\u00e9cut\u00e9s conform\u00e9ment au dossier dont il est pris acte et sont d\u00e9clar\u00e9s  \nd'int\u00e9r\u00eat g\u00e9n\u00e9ral en application de l'article L211-7 du code de l'environnement.\nArticle 2 : dur\u00e9e de validit\u00e9 de l'op\u00e9ration\nLes travaux devront \u00eatre achev\u00e9s dans un d\u00e9lai d e 3  ans \u00e0  compter de la notification du  \npr\u00e9sent arr\u00eat\u00e9. Pass\u00e9 ce d\u00e9lai, la pr\u00e9sente d\u00e9claration d'int\u00e9r\u00eat g\u00e9n\u00e9ral deviendra caduque.\nArticle 3 : prescriptions compl\u00e9mentaires\nEn application de l'article R214-40 du code de l'environnement, toute modification apport\u00e9e  \naux  ouvrages,  installations,  \u00e0  leur  mode  d'utilisation,  \u00e0  la  r\u00e9alisation  des  travaux  ou  \u00e0  \nl'am\u00e9nagement en r\u00e9sultant, \u00e0 l'exercice des activit\u00e9s ou \u00e0 leur voisinage et entra\u00eenant un  \nchangement  notable  des  \u00e9l\u00e9ments  du  dossier  doit  \u00eatre  port\u00e9e,  avant  r\u00e9alisation,  \u00e0  la  \nconnaissance du pr\u00e9fet qui peut exiger une nouvelle proc\u00e9dure.\nEn  application  de  l'article  R214-45  du  code  de  l'environnement,  le  changement  de  \nb\u00e9n\u00e9ficiaire doit \u00eatre d\u00e9clar\u00e9 au pr\u00e9fet par le nouveau b\u00e9n\u00e9ficiaire dans un d\u00e9lai de trois  \nmois, de m\u00eame, en cas de cessation d'activit\u00e9 d\u00e9finitive ou pour une p\u00e9riode sup\u00e9rieure \u00e0  \ndeux ans, l'exploitant est tenu d'en faire la d\u00e9claration au pr\u00e9fet dans un d\u00e9lai de trente jours.\nLe service de police de l'eau devra \u00eatre averti environ 15  jours \u00e0 l'avance de la date de d\u00e9but  \ndes travaux ainsi que de la date d'ach\u00e8vement des travaux. Les travaux et les conditions de  \nr\u00e9alisation doivent \u00eatre conformes au dossier d\u00e9pos\u00e9.\nL'inobservation des dispositions figurant dans le dossier d\u00e9pos\u00e9 ainsi que celles contenues  \ndans les prescriptions g\u00e9n\u00e9rales annex\u00e9es au pr\u00e9sent arr\u00eat\u00e9 pourra entra\u00eener l'application des  \nsanctions pr\u00e9vues \u00e0 l'article R216-12 du code de l'environnement.\nDirection d\u00e9partementale des territoires de la C\u00f4te-d'Or\n57 , rue de Mulhouse - BP 53317 - 21033 Dijon CEDEXT\u00e9l. : 03 80 29 44 44\nCourriel : ddt@cote-dor.gouv.fr - Site internet : http://www.cote-dor.gouv.fr\nDirection d\u00e9partementale des territoires de la C\u00f4te-d'Or - 21-2025-12-17-00001 - Arr\u00eat\u00e9 pr\u00e9fectoral n\u00b0 1836 du 17 d\u00e9cembre 2025\nportant d\u00e9claration d'int\u00e9r\u00eat g\u00e9n\u00e9ral pour la restauration de mares sur les communes d'Epernay-sous-Gevrey et Tart par le Syndicat\ndu Bassin versant de la Vouge (SBV).\n16\n4\nLes agents mentionn\u00e9s \u00e0 l'article L216-3 du code de l'environnement et notamment ceux  \ncharg\u00e9s de la police de l'eau et des milieux aquatiques auront libre acc\u00e8s aux installations \u00e0  \ntout moment, dans le cadre d'une recherche d'infraction.\nLe  pr\u00e9sent  arr\u00eat\u00e9  ne  dispense  en  aucun  cas  le  p\u00e9titionnaire  de  faire  les  d\u00e9clarations  ou \nd'obtenir les autorisations requises par d'autres r\u00e9glementations.\nLe b\u00e9n\u00e9ficiaire est tenu de contacter le propri\u00e9taire concern\u00e9 avant toute intervention sur  \nson terrain.\nArticle 4 : droit des tiers\nLes droits des tiers sont et demeurent express\u00e9ment r\u00e9serv\u00e9s.\nArticle 5 : financement des travaux\nLe co\u00fbt total du projet est estim\u00e9 \u00e0 14 400 \u20ac HT ;\nLe  montant  des  aides  apport\u00e9es  par  les  diff\u00e9rents  partenaires  financiers  du  Syndicat  ne \npourra d\u00e9passer 80 %.\nChapitre II : DESCRIPTION DES TRAVAUX FAISANT L'OBJET DE LA PR\u00c9SENTE \nD\u00c9CLARATION D'INT\u00c9R\u00caT G\u00c9N\u00c9RAL\nArticle 6 : emplacement des travaux\nLes travaux se situent sur les communes d'Epernay-sous-Gevrey et Tart :\nCommune / \nR\u00e9f\u00e9rence cadastrale\nNom du propri\u00e9taire Type d'op\u00e9ration\nEpernay-sous-Gevrey \nB 126\nCommune de Gilly-l\u00e8s-C\u00eeteaux Restauration d'une mare de 400 m\u00b2\nEpernay-sous-Gevrey \nB 128\nCommune de Gilly-l\u00e8s-C\u00eeteaux Restauration d'une mare de 700m\u00b2\nTart / ZC 31 Commune de Tart Restauration d'une mare de 270 m\u00b2\nTart / ZC 36 Commune de Tart Restauration d'une mare de 170m\u00b2\nDirection d\u00e9partementale des territoires de la C\u00f4te-d'Or\n57 , rue de Mulhouse - BP 53317 - 21033 Dijon CEDEXT\u00e9l. : 03 80 29 44 44\nCourriel : ddt@cote-dor.gouv.fr - Site internet : http://www.cote-dor.gouv.fr\nDirection d\u00e9partementale des territoires de la C\u00f4te-d'Or - 21-2025-12-17-00001 - Arr\u00eat\u00e9 pr\u00e9fectoral n\u00b0 1836 du 17 d\u00e9cembre 2025\nportant d\u00e9claration d'int\u00e9r\u00eat g\u00e9n\u00e9ral pour la restauration de mares sur les communes d'Epernay-sous-Gevrey et Tart par le Syndicat\ndu Bassin versant de la Vouge (SBV).\n17\n5\nArticle 7     : nature des travaux  \nLes travaux pour l'ensemble des restaurations des mares, sont r\u00e9alis\u00e9s majoritairement \u00e0 l'aide \nd'une pelleteuse et consisteront \u00e0 restaurer, curer et terrasser les berges des mares\nDes op\u00e9rations de d\u00e9broussaillage, d'abattage, dessouchage d'arbres, retalutage, nivellement  \nsont pr\u00e9vues.\nLes mares constituent un plan d'eau de type eau close sans connexion avec un cours d'eau.  \nLes mares se distinguent par une faible profondeur (inf\u00e9rieur \u00e0 2 m\u00e8tres) et de taille limit\u00e9  \ninf\u00e9rieur \u00e0 1000 m\u00b2. De part les variations de niveaux d'eau et parfois leur assec temporaire,  \nelles s'int\u00e8grent pour la plupart comme une zone humide et ont un v\u00e9ritablement int\u00e9r\u00eat  \n\u00e9cologique, en raison de leur richesse biologique et de la multitude de fonctions biophysiques \net sociales qu'elles remplissent.\nAinsi le SBV s'attachera \u00e0 r\u00e9aliser les travaux pour permettre que ces mares soient le plus  \nfonctionnelles possible afin de cr\u00e9er des habitats pour la biodiversit\u00e9 et pr\u00e9server la qualit\u00e9  \nde l'eau par exemple.\nArticle 8 : acc\u00e8s aux parcelles \u2013 servitude de libre passage \u2013 occupation temporaire de terrain\nConform\u00e9ment \u00e0 la loi du 29 d\u00e9cembre 1892 relative aux dommages caus\u00e9s \u00e0 la propri\u00e9t\u00e9  \npriv\u00e9e par l'ex\u00e9cution des travaux publics, l'occupation temporaire des terrains concern\u00e9s par \nle pr\u00e9sent projet est autoris\u00e9e.\nLes parcelles et le propri\u00e9taire concern\u00e9 par ces travaux sont rappel\u00e9s \u00e0 l'article 6 du pr\u00e9sent  \narr\u00eat\u00e9.\nSeuls les agents en charge de la r\u00e9alisation et de la surveillance des travaux, ainsi que, le cas  \n\u00e9ch\u00e9ant, les engins m\u00e9caniques n\u00e9cessaires \u00e0 leur r\u00e9alisation seront autoris\u00e9s \u00e0 p\u00e9n\u00e9trer les  \nparcelles priv\u00e9es, closes ou non closes \u00e0 l'exception des locaux d'habitation et des propri\u00e9t\u00e9s  \nattenantes aux habitations et closes par des murs ou par des cl\u00f4tures \u00e9quivalentes, suivant les \nusages du pays.\nChacun des agents concern\u00e9s sera en possession d'une copie certifi\u00e9e conforme du dit arr\u00eat\u00e9 \nqu'il devra pr\u00e9senter \u00e0 toute r\u00e9quisition.\nLes  interventions  pr\u00e9vues  ne  pourront  avoir  lieu  que  5  (cinq)  jours  apr\u00e8s  notification  au \npropri\u00e9taire des parcelles concern\u00e9es par les travaux, sauf accord express du propri\u00e9taire.\nArticle 9      : d\u00e9roulement du chantier  \nAu d\u00e9marrage des travaux, la direction d\u00e9partementale des territoires de la C\u00f4te d'Or et  \nl'office fran\u00e7ais de la biodiversit\u00e9 (OFB) seront inform\u00e9s au moins 15 jours \u00e0 l'avance.\n\u00c0 la fin des travaux, ces m\u00eames acteurs seront inform\u00e9s dans un d\u00e9lai de 2 mois.\nDirection d\u00e9partementale des territoires de la C\u00f4te-d'Or\n57 , rue de Mulhouse - BP 53317 - 21033 Dijon CEDEXT\u00e9l. : 03 80 29 44 44\nCourriel : ddt@cote-dor.gouv.fr - Site internet : http://www.cote-dor.gouv.fr\nDirection d\u00e9partementale des territoires de la C\u00f4te-d'Or - 21-2025-12-17-00001 - Arr\u00eat\u00e9 pr\u00e9fectoral n\u00b0 1836 du 17 d\u00e9cembre 2025\nportant d\u00e9claration d'int\u00e9r\u00eat g\u00e9n\u00e9ral pour la restauration de mares sur les communes d'Epernay-sous-Gevrey et Tart par le Syndicat\ndu Bassin versant de la Vouge (SBV).\n18\n6\nChapitre III : CONDITIONS DE R\u00c9ALISATION DES TRAVAUX\nArticle 10     : reconnaissance des lieux avant travaux \u2013 d\u00e9roulement des chantiers  \nUne reconnaissance des sites pourra avoir lieu en pr\u00e9sence des propri\u00e9taires. \nUn protocole fixant les mesures pratiques ainsi que le phasage des travaux en vue de la  \nprotection des milieux aquatiques sera \u00e9tabli.\nArticle 11     : Pr\u00e9servation des milieux aquatiques, de la faune et de la flore  \nLe stockage des hydrocarbures n\u00e9cessaires aux chantiers sera effectu\u00e9 en dehors du lit majeur \ndes cours d'eau et les risques de pollution des eaux seront pr\u00e9venus.\nLes mati\u00e8res de curage ne doivent pas \u00eatres stock\u00e9es en zones inondables, humides ou en  \nfortes pentes \u00e0 proximit\u00e9 du r\u00e9seau hydrographique. En outre, ces mati\u00e8res peuvent \u00eatre  \n\u00e9pandues aux bords des mares, de fa\u00e7on \u00e0 ce que les organismes restant puissent rejoindre  \nles mares ou \u00eatres r\u00e9utilis\u00e9es pour consolider les berges, \u00e0 condition que les produits de  \ncurage ne soient pas toxiques pour le milieu naturel. \nAucun  am\u00e9nagement  ne  peut  \u00eatre  effectu\u00e9  pour  modifier  substantiellement  les  \ncaract\u00e9ristiques des mares  comme augmenter la surface ou la profondeur en consid\u00e9rant  \nleur \u00e9tat d'origine. Toutefois, le reprofilage en pente douce des berges sera autoris\u00e9 et un  \ncertain degr\u00e9 d'incertitude sera tol\u00e9r\u00e9 notamment pour les mares ayant un fort taux de d\u00e9p\u00f4t \net d'envasement rendant difficile l'appr\u00e9ciation de la surface et la profondeur initiale. Dans  \ntous les cas, la profondeur restera inf\u00e9rieure \u00e0 2 m\u00e8tre au point le plus bas.\nLes travaux auront lieu aux moments les moins pr\u00e9judiciables dans les cycles biologiques des  \nesp\u00e8ces. Ainsi, les assecs seront privil\u00e9gi\u00e9s et les interventions ne pourront pas avoir lieu en  \npr\u00e9sence d'esp\u00e8ces \u00e0 enjeux sur site.\nDu 15 mars au 31 juillet, pendant la p\u00e9riode de nidification des oiseaux, les haies et les  \nbosquets,  notamment  aux  abords  des  mares,  ne  doivent  pas  \u00eatres  arrach\u00e9s  ou  taill\u00e9s.  \nToutefois, le d\u00e9broussaillage de la v\u00e9g\u00e9tation herbac\u00e9e,l'arrachage des plantes aquatiques et  \nle curage dans les mares sont autoris\u00e9s durant cette p\u00e9riode en veillant, le cas \u00e9ch\u00e9ant, \u00e0  \nlimiter les perturbations sur les oiseaux et les milieux aquatique.\nLes produits de coupes et tailles des ligneux pourront \u00eatre laiss\u00e9s sur place et notamment aux  \nabords des mares pour constituer des g\u00eetes pour la microfaune.\nDirection d\u00e9partementale des territoires de la C\u00f4te-d'Or\n57 , rue de Mulhouse - BP 53317 - 21033 Dijon CEDEXT\u00e9l. : 03 80 29 44 44\nCourriel : ddt@cote-dor.gouv.fr - Site internet : http://www.cote-dor.gouv.fr\nDirection d\u00e9partementale des territoires de la C\u00f4te-d'Or - 21-2025-12-17-00001 - Arr\u00eat\u00e9 pr\u00e9fectoral n\u00b0 1836 du 17 d\u00e9cembre 2025\nportant d\u00e9claration d'int\u00e9r\u00eat g\u00e9n\u00e9ral pour la restauration de mares sur les communes d'Epernay-sous-Gevrey et Tart par le Syndicat\ndu Bassin versant de la Vouge (SBV).\n19\n7\nArticle 12 : remise en \u00e9tat des lieux et suivi apr\u00e8s travaux \n\u00c0 l'ach\u00e8vement des travaux, les sites seront d\u00e9blay\u00e9s de tous mat\u00e9riels, mat\u00e9riaux et gravats.\n\u00c0 la fin des travaux, une visite des lieux sera organis\u00e9e sur l'initiative du b\u00e9n\u00e9ficiaire, pour  \nv\u00e9rifier la conformit\u00e9 des travaux avec les pr\u00e9sentes prescriptions.\nLe SBV ou une entreprise (y compris bureau d'\u00e9tude) mandat\u00e9e par le SBV, sont autoris\u00e9s \u00e0  \nacc\u00e9der au site apr\u00e8s la r\u00e9alisation des travaux pendant une dur\u00e9e de 3  ans \u00e0 compter de la  \nnotification du pr\u00e9sent arr\u00eat\u00e9 sous r\u00e9serve d'informer le propri\u00e9taire au moins 5 (cinq) jours \u00e0  \nl'avance. Ceci afin d'effectuer, au besoin, des op\u00e9rations ou inventaires faune-flore de suivi,  \nnotamment \u00e9cologique, de la fonctionnalit\u00e9 des mares.\nChapitre IV : PUBLICATION, D\u00c9LAIS DE RECOURS ET MESURES EX\u00c9CUTOIRES\nArticle 13     : Publication et information des tiers  \nLe pr\u00e9sent arr\u00eat\u00e9 \u00e9num\u00e9rant notamment les motifs qui ont fond\u00e9 la d\u00e9cision ainsi que les  \nprincipales prescriptions auxquelles cette op\u00e9ration est soumise, sera affich\u00e9 pendant une  \ndur\u00e9e minimale d'un mois aux mairies d'Epernay-sous-Gevrey et Tart.\nLe pr\u00e9sent arr\u00eat\u00e9 sera mis \u00e0 disposition du public sur le site internet des services de l'\u00c9tat en  \nC\u00f4te-d'Or http://www.cote-dor.gouv.fr pendant une dur\u00e9e d'au moins 6 mois.\nDirection d\u00e9partementale des territoires de la C\u00f4te-d'Or\n57 , rue de Mulhouse - BP 53317 - 21033 Dijon CEDEXT\u00e9l. : 03 80 29 44 44\nCourriel : ddt@cote-dor.gouv.fr - Site internet : http://www.cote-dor.gouv.fr\nDirection d\u00e9partementale des territoires de la C\u00f4te-d'Or - 21-2025-12-17-00001 - Arr\u00eat\u00e9 pr\u00e9fectoral n\u00b0 1836 du 17 d\u00e9cembre 2025\nportant d\u00e9claration d'int\u00e9r\u00eat g\u00e9n\u00e9ral pour la restauration de mares sur les communes d'Epernay-sous-Gevrey et Tart par le Syndicat\ndu Bassin versant de la Vouge (SBV).\n20\n8\nArticle 14 : ex\u00e9cution et publication\nLa directrice d\u00e9partementale des territoires de la C\u00f4te-d'Or et les  maires des communes  \nd'Epernay-sous-Gevrey et Tart sont charg\u00e9s, chacun en ce qui le concerne, de l'ex\u00e9cution du  \npr\u00e9sent arr\u00eat\u00e9 qui sera notifi\u00e9 au b\u00e9n\u00e9ficiaire  : Le Syndicat du Bassin versant de la Vouge  \n(SBV).\nUne  copie  du  pr\u00e9sent  arr\u00eat\u00e9  sera  adress\u00e9e  au  chef  du  service  d\u00e9partemental  de  l'office \nfran\u00e7ais pour la biodiversit\u00e9 et \u00e0 la commission locale de l'eau de la Vouge.\nFait \u00e0 Dijon, le 17 d\u00e9cembre 2025\nLe pr\u00e9fet,\nPour le pr\u00e9fet et par d\u00e9l\u00e9gation,\nLa directrice d\u00e9partementale des territoires\nPour la directrice et par d\u00e9l\u00e9gation,\nLe responsable du bureau police de l'eau,\nsign\u00e9 \nSt\u00e9phane MAGNIOL\nVoies et d\u00e9lais de recours\nDans les conditions de l'article R514-3-1 du code de l'environnement, la pr\u00e9sente d\u00e9cision est  \nsusceptible de recours contentieux devant le tribunal administratif de Dijon \u2013 22, rue d'Assas -\nBP 61616 - 21016 DIJON Cedex, par le p\u00e9titionnaire dans un d\u00e9lai de deux mois \u00e0 compter du  \njour o\u00f9 la pr\u00e9sente d\u00e9cision lui a \u00e9t\u00e9 notifi\u00e9e et par les tiers dans un d\u00e9lai de deux mois \u00e0  \ncompter de la publication ou de l'affichage de cette d\u00e9cision.\nLe tribunal administratif peut-\u00eatre saisi par un recours d\u00e9pos\u00e9 via l'application t\u00e9l\u00e9recours  \ncitoyens accessible par le site internet www.t\u00e9l\u00e9recours.fr .\nDans le m\u00eame d\u00e9lai de deux mois, le p\u00e9titionnaire peut pr\u00e9senter un recours gracieux. Le  \nsilence gard\u00e9 par l'administration pendant plus de deux mois sur la demande de recours  \ngracieux emporte d\u00e9cision implicite de rejet de cette demande conform\u00e9ment \u00e0 l'article  \nR421-2 du code de justice administrative. Celui-ci prolonge le d\u00e9lai de recours contentieux qui \ndoit \u00eatre introduit dans les deux mois suivant la r\u00e9ponse.\nDirection d\u00e9partementale des territoires de la C\u00f4te-d'Or\n57 , rue de Mulhouse - BP 53317 - 21033 Dijon CEDEXT\u00e9l. : 03 80 29 44 44\nCourriel : ddt@cote-dor.gouv.fr - Site internet : http://www.cote-dor.gouv.fr\nDirection d\u00e9partementale des territoires de la C\u00f4te-d'Or - 21-2025-12-17-00001 - Arr\u00eat\u00e9 pr\u00e9fectoral n\u00b0 1836 du 17 d\u00e9cembre 2025\nportant d\u00e9claration d'int\u00e9r\u00eat g\u00e9n\u00e9ral pour la restauration de mares sur les communes d'Epernay-sous-Gevrey et Tart par le Syndicat\ndu Bassin versant de la Vouge (SBV).\n21\nDirection d\u00e9partementale des territoires de la\nC\u00f4te-d'Or\nService de l'eau et des risques\n21-2025-12-18-00002\nArr\u00eat\u00e9 pr\u00e9fectoral n\u00b0 1839 du 18 d\u00e9cembre 2025\nrelatif \u00e0 l'exercice de la p\u00eache dans le\nd\u00e9partement de la C\u00f4te-d'Or pour l'ann\u00e9e 2026\nDirection d\u00e9partementale des territoires de la C\u00f4te-d'Or - 21-2025-12-18-00002 - Arr\u00eat\u00e9 pr\u00e9fectoral n\u00b0 1839 du 18 d\u00e9cembre 2025\nrelatif \u00e0 l'exercice de la p\u00eache dans le d\u00e9partement de la C\u00f4te-d'Or pour l'ann\u00e9e 2026 22\nzsPREFETDELACOTE-D'ORLibert\u00e9Egalit\u00e9Fraternit\u00e9\nDirection d\u00e9partementale des territoires\n de la C\u00f4te-d'Or\nService de l'eau et des risques\nBureau pr\u00e9servation de la qualit\u00e9 de l'eau et \ndes milieux aquatiques\nm\u00e9l\u00a0:\u00a0ddt-ser-ope@cote-dor.gouv.fr\nArr\u00eat\u00e9 pr\u00e9fectoral n\u00b0 1839 du 18 d\u00e9cembre 2025\nrelatif\u00a0\u00e0\u00a0l'exercice\u00a0de\u00a0la\u00a0p\u00eache\u00a0dans\u00a0le\u00a0d\u00e9partement\u00a0de\u00a0la\u00a0C\u00f4te-d'Or\u00a0pour\u00a0l'ann\u00e9e\u00a0\n2026\nLe\u00a0pr\u00e9fet\u00a0de\u00a0la\u00a0C\u00f4te-d'Or\nVU\u00a0le\u00a0titre\u00a0III\u00a0du\u00a0livre\u00a0IV\u00a0du\u00a0code\u00a0de\u00a0l'environnement\u00a0et\u00a0notamment\u00a0l'article\u00a0L.430-\u00a01\u00a0;\nVU\u00a0 l'arr\u00eat\u00e9\u00a0minist\u00e9riel\u00a0du\u00a08\u00a0d\u00e9cembre\u00a01988\u00a0fixant\u00a0la\u00a0liste\u00a0des\u00a0esp\u00e8ces\u00a0de\u00a0poissons\u00a0\nprot\u00e9g\u00e9es\u00a0sur\u00a0l'ensemble\u00a0du\u00a0territoire\u00a0;\nVU\u00a0le\u00a0plan\u00a0national\u00a0de\u00a0gestion\u00a0de\u00a0l'anguille\u00a0approuv\u00e9\u00a0par\u00a0d\u00e9cision\u00a0de\u00a0la\u00a0commission\u00a0\neurop\u00e9enne\u00a0du\u00a015\u00a0f\u00e9vrier\u00a02010\u00a0;\nVU\u00a0l'arr\u00eat\u00e9\u00a0pr\u00e9fectoral\u00a0n\u00b0\u00a0595\u00a0du\u00a031\u00a0ao\u00fbt\u00a02017\u00a0portant\u00a0classement\u00a0des\u00a0cours\u00a0d'eau,\u00a0canaux\u00a0\net\u00a0plans\u00a0d'eau\u00a0en\u00a0cat\u00e9gories\u00a0piscicoles\u00a0dans\u00a0le\u00a0d\u00e9partement\u00a0de\u00a0la\u00a0C\u00f4te-d'Or\u00a0;\nVU\u00a0l'arr\u00eat\u00e9\u00a0pr\u00e9fectoral\u00a0permanent\u00a0n\u00b0\u00a01840\u00a0du\u00a018\u00a0d\u00e9cembre\u00a02025\u00a0relatif\u00a0\u00e0\u00a0l'exercice\u00a0de\u00a0la\u00a0\np\u00eache\u00a0aux\u00a0lignes\u00a0de\u00a0la\u00a0carpe\u00a0de\u00a0nuit\u00a0dans\u00a0le\u00a0d\u00e9partement\u00a0de\u00a0la\u00a0C\u00f4te-d'Or\u00a0;\nVU\u00a0le\u00a0cahier\u00a0des\u00a0charges\u00a0pour\u00a0l'exploitation\u00a0du\u00a0droit\u00a0de\u00a0p\u00eache\u00a0de\u00a0l'\u00c9tat\u00a0\u00e9tabli\u00a0en\u00a0date\u00a0du\u00a0\n27\u00a0juin\u00a02022\u00a0pour\u00a0la\u00a0p\u00e9riode\u00a0du\u00a01er\u00a0janvier\u00a02023\u00a0au\u00a031\u00a0d\u00e9cembre\u00a02027\u00a0;\nVU\u00a0les\u00a0avis\u00a0\u00e9mis\u00a0du\u00a0groupe\u00a0technique\u00a0de\u00a0travail\u00a0d\u00e9partemental\u00a0consultatif\u00a0de\u00a0la\u00a0p\u00eache\u00a0\n(DDT, OFB, FDPPMA, Association D\u00e9partementale Agr\u00e9\u00e9e des P\u00eacheurs Amateurs aux Engins  \net  Filets  -ADAPAEF-,  Association  inter-d\u00e9partementale  des  P\u00eacheurs  Professionnels  de  la \nSa\u00f4ne, du Doubs et du Haut-Rh\u00f4ne, VNF)\u00a0;\nVU\u00a0l'avis\u00a0r\u00e9put\u00e9\u00a0favorable\u00a0de\u00a0l'Office\u00a0Fran\u00e7ais\u00a0de\u00a0la\u00a0Biodiversit\u00e9\u00a0;\nVU\u00a0l'avis\u00a0favorable\u00a0de\u00a0la\u00a0f\u00e9d\u00e9ration\u00a0de\u00a0C\u00f4te-d'Or\u00a0de\u00a0p\u00eache\u00a0et\u00a0de\u00a0protection\u00a0du\u00a0milieu\u00a0\naquatique\u00a0du\u00a06\u00a0novembre\u00a02025\u00a0;\n1\nDirection d\u00e9partementale des territoires de la C\u00f4te-d'Or - 21-2025-12-18-00002 - Arr\u00eat\u00e9 pr\u00e9fectoral n\u00b0 1839 du 18 d\u00e9cembre 2025\nrelatif \u00e0 l'exercice de la p\u00eache dans le d\u00e9partement de la C\u00f4te-d'Or pour l'ann\u00e9e 2026 23\nVU  l'avis \u00a0 r\u00e9put\u00e9 \u00a0 favorable \u00a0 de \u00a0 l'association \u00a0 interd\u00e9partementale \u00a0 des \u00a0 p\u00eacheurs\u00a0\nprofessionnels\u00a0de\u00a0la\u00a0Sa\u00f4ne,\u00a0du\u00a0Doubs\u00a0et\u00a0du\u00a0Haut-Rh\u00f4ne\u00a0;\nVU\u00a0l'avis\u00a0r\u00e9put\u00e9\u00a0favorable\u00a0de\u00a0la\u00a0commission\u00a0de\u00a0bassin\u00a0pour\u00a0la\u00a0p\u00eache\u00a0professionnelle;\nVU\u00a0la\u00a0consultation\u00a0du\u00a0public\u00a0sur\u00a0le\u00a0projet\u00a0d'arr\u00eat\u00e9\u00a0qui\u00a0s'est\u00a0d\u00e9roul\u00e9e\u00a0du\u00a014\u00a0novembre\u00a0au\u00a007\u00a0\nd\u00e9cembre\u00a02025\u00a0en\u00a0application\u00a0de\u00a0l'article\u00a0L\u00a0123-19-1\u00a0du\u00a0code\u00a0de\u00a0l'environnement\u00a0;\nVU\u00a0les\u00a0arr\u00eat\u00e9s\u00a0n\u00b0507/SG\u00a0du\u00a028\u00a0mars\u00a02025\u00a0donnant\u00a0d\u00e9l\u00e9gation\u00a0de\u00a0signature\u00a0\u00e0\u00a0Madame\u00a0\nManuelle\u00a0DUPUY,\u00a0directrice\u00a0d\u00e9partementale\u00a0des\u00a0territoires\u00a0et\u00a0n\u00b01333\u00a0du\u00a028\u00a0ao\u00fbt\u00a02025\u00a0\nportant\u00a0subd\u00e9l\u00e9gation\u00a0de\u00a0signature\u00a0aux\u00a0agents\u00a0de\u00a0la\u00a0direction\u00a0d\u00e9partementale\u00a0des\u00a0\nterritoires\u00a0;\nCONSIDERANT\u00a0que\u00a0la\u00a0pr\u00e9servation\u00a0des\u00a0milieux\u00a0aquatiques\u00a0et\u00a0la\u00a0protection\u00a0du\u00a0patrimoine\u00a0\npiscicole\u00a0sont\u00a0d'int\u00e9r\u00eat\u00a0g\u00e9n\u00e9ral\u00a0et\u00a0que\u00a0la\u00a0protection\u00a0du\u00a0patrimoine\u00a0piscicole\u00a0implique\u00a0une\u00a0\ngestion\u00a0\u00e9quilibr\u00e9e\u00a0des\u00a0ressources\u00a0piscicoles\u00a0dont\u00a0la\u00a0p\u00eache,\u00a0activit\u00e9\u00a0\u00e0\u00a0caract\u00e8re\u00a0social\u00a0et\u00a0\n\u00e9conomique\u00a0;\nCONSIDERANT\u00a0que\u00a0lorsque\u00a0les\u00a0caract\u00e9ristiques\u00a0locales\u00a0du\u00a0milieu\u00a0aquatique\u00a0justifient\u00a0des\u00a0\nmesures\u00a0particuli\u00e8res\u00a0de\u00a0protection\u00a0du\u00a0patrimoine\u00a0piscicole,\u00a0le\u00a0pr\u00e9fet\u00a0peut\u00a0interdire\u00a0la\u00a0\np\u00eache\u00a0d'une\u00a0ou\u00a0de\u00a0plusieurs\u00a0esp\u00e8ces\u00a0de\u00a0poissons\u00a0dans\u00a0certaines\u00a0parties\u00a0de\u00a0cours\u00a0d'eau\u00a0ou\u00a0\nde\u00a0plans\u00a0d'eau,\u00a0pendant\u00a0une\u00a0dur\u00e9e\u00a0qu'il\u00a0d\u00e9termine\u00a0;\nCONSIDERANT\u00a0que\u00a0le\u00a0pr\u00e9fet\u00a0peut,\u00a0en\u00a0fonction\u00a0des\u00a0caract\u00e9ristiques\u00a0de\u00a0d\u00e9veloppement\u00a0\ndes\u00a0poissons\u00a0dans\u00a0certains\u00a0cours\u00a0d'eau\u00a0de\u00a01ere\u00a0et\u00a02\u00e8me\u00a0cat\u00e9gorie,\u00a0porter\u00a0la\u00a0taille\u00a0minimum\u00a0\ndes\u00a0poissons\u00a0susceptibles\u00a0d'\u00eatre\u00a0p\u00each\u00e9s\u00a0jusqu'\u00e0\u00a00,30\u00a0m\u00a0pour\u00a0la\u00a0truite\u00a0et\u00a0l'omble\u00a0de\u00a0\nfontaine\u00a0et\u00a00,35\u00a0m\u00a0pour\u00a0l'ombre\u00a0commun\u00a0;\nCONSIDERANT\u00a0que\u00a0le\u00a0pr\u00e9fet\u00a0peut,\u00a0en\u00a0fonction\u00a0des\u00a0caract\u00e9ristiques\u00a0de\u00a0d\u00e9veloppement\u00a0\ndes\u00a0poissons\u00a0dans\u00a0certains\u00a0cours\u00a0d'eau,\u00a0r\u00e9duire\u00a0la\u00a0taille\u00a0minimum\u00a0des\u00a0truites\u00a0susceptibles\u00a0\nd'\u00eatre\u00a0p\u00each\u00e9es\u00a0;\nCONSIDERANT\u00a0que\u00a0le\u00a0pr\u00e9fet\u00a0peut,\u00a0en\u00a0fonction\u00a0des\u00a0caract\u00e9ristiques\u00a0de\u00a0d\u00e9veloppement\u00a0\ndes\u00a0poissons\u00a0dans\u00a0certains\u00a0plans\u00a0d'eau\u00a0et\u00a0cours\u00a0d'eau\u00a0de\u00a01\u00e8re\u00a0et\u00a0de\u00a02\u00e8me\u00a0cat\u00e9gorie,\u00a0porter\u00a0\nla\u00a0taille\u00a0minimum\u00a0des\u00a0brochets\u00a0susceptibles\u00a0d'\u00eatre\u00a0p\u00each\u00e9s\u00a0\u00e0\u00a00,60\u00a0m\u00a0;\nCONSIDERANT\u00a0que\u00a0le\u00a0pr\u00e9fet\u00a0peut,\u00a0en\u00a0fonction\u00a0des\u00a0caract\u00e9ristiques\u00a0de\u00a0d\u00e9veloppement\u00a0\ndes\u00a0poissons\u00a0dans\u00a0certains\u00a0plans\u00a0d'eau\u00a0et\u00a0cours\u00a0d'eau\u00a0de\u00a02\u00e8me\u00a0cat\u00e9gorie,\u00a0porter\u00a0la\u00a0taille\u00a0\nminimum\u00a0des\u00a0sandres\u00a0susceptibles\u00a0d'\u00eatre\u00a0p\u00each\u00e9s\u00a0\u00e0\u00a00,50\u00a0m\u00a0;\nCONSIDERANT\u00a0que\u00a0lorsque\u00a0les\u00a0caract\u00e9ristiques\u00a0locales\u00a0du\u00a0milieu\u00a0aquatique\u00a0justifient\u00a0des\u00a0\nmesures\u00a0particuli\u00e8res\u00a0de\u00a0protection\u00a0du\u00a0patrimoine\u00a0piscicole,\u00a0le\u00a0pr\u00e9fet\u00a0peut\u00a0diminuer\u00a0le\u00a0\nnombre\u00a0de\u00a0captures\u00a0autoris\u00e9es\u00a0dans\u00a0les\u00a0cours\u00a0d'eau\u00a0et\u00a0les\u00a0plans\u00a0d'eau\u00a0qu'il\u00a0d\u00e9signe\u00a0;\nCONSIDERANT\u00a0que\u00a0dans\u00a0certaines\u00a0parties\u00a0de\u00a0cours\u00a0d'eau\u00a0ou\u00a0de\u00a0plans\u00a0d'eau\u00a0le\u00a0pr\u00e9fet\u00a0peut\u00a0\ninterdire\u00a0l'emploi\u00a0de\u00a0certains\u00a0modes\u00a0ou\u00a0proc\u00e9d\u00e9s\u00a0de\u00a0p\u00eache,\u00a0limiter\u00a0l'emploi\u00a0des\u00a0lignes\u00a0des\u00a0\ntechniques\u00a0particuli\u00e8res\u00a0de\u00a0p\u00eache\u00a0ou\u00a0exiger\u00a0de\u00a0tout\u00a0p\u00eacheur\u00a0qu'il\u00a0remette\u00a0imm\u00e9diatement\u00a0\n\u00e0\u00a0l'eau\u00a0le\u00a0poisson\u00a0qu'il\u00a0capture\u00a0;\nCONSIDERANT\u00a0que\u00a0lorsque\u00a0les\u00a0caract\u00e9ristiques\u00a0locales\u00a0du\u00a0milieu\u00a0aquatique\u00a0justifient\u00a0des\u00a0\nmesures\u00a0particuli\u00e8res\u00a0de\u00a0protection\u00a0du\u00a0patrimoine\u00a0piscicole,\u00a0le\u00a0pr\u00e9fet\u00a0peut\u00a0interdire\u00a0la\u00a0\np\u00eache\u00a0en\u00a0marchant\u00a0dans\u00a0l'eau\u00a0dans\u00a0les\u00a0cours\u00a0d'eau\u00a0et\u00a0les\u00a0plans\u00a0d'eau\u00a0qu'il\u00a0d\u00e9signe\u00a0;\nCONSIDERANT\u00a0qu'il\u00a0appartient\u00a0au\u00a0pr\u00e9fet\u00a0de\u00a0fixer\u00a0la\u00a0p\u00e9riode\u00a0de\u00a0p\u00eache\u00a0de\u00a0la\u00a0grenouille\u00a0\nverte\u00a0et\u00a0de\u00a0la\u00a0grenouille\u00a0rousse\u00a0;\n2\nDirection d\u00e9partementale des territoires de la C\u00f4te-d'Or - 21-2025-12-18-00002 - Arr\u00eat\u00e9 pr\u00e9fectoral n\u00b0 1839 du 18 d\u00e9cembre 2025\nrelatif \u00e0 l'exercice de la p\u00eache dans le d\u00e9partement de la C\u00f4te-d'Or pour l'ann\u00e9e 2026 24\nCONSIDERANT\u00a0la\u00a0d\u00e9cision\u00a0du\u00a012\u00a0d\u00e9cembre\u00a02011\u00a0de\u00a0Voies\u00a0Navigables\u00a0de\u00a0France\u00a0interdisant\u00a0\nla\u00a0pratique\u00a0de\u00a0la\u00a0p\u00eache\u00a0\u00e0\u00a0la\u00a0bou\u00e9e,\u00a0ce\u00a0dispositif\u00a0cr\u00e9ant\u00a0une\u00a0entrave\u00a0\u00e0\u00a0la\u00a0navigation\u00a0et\u00a0\npouvant\u00a0\u00eatre\u00a0un\u00a0danger\u00a0pour\u00a0la\u00a0vie\u00a0des\u00a0personnes\u00a0;\nCONSIDERANT\u00a0la\u00a0liste\u00a0rouge\u00a0des\u00a0esp\u00e8ces\u00a0menac\u00e9es\u00a0en\u00a0France\u00a0datant\u00a0de\u00a02009\u00a0fournissant\u00a0\nune\u00a0base\u00a0scientifique\u00a0coh\u00e9rente\u00a0pour\u00a0guider\u00a0les\u00a0politiques\u00a0publiques\u00a0portant\u00a0sur\u00a0les\u00a0\nesp\u00e8ces\u00a0;\nCONSIDERANT\u00a0les\u00a0caract\u00e9ristiques\u00a0du\u00a0milieu\u00a0aquatique\u00a0communes\u00a0\u00e0\u00a0l'ensemble\u00a0des\u00a0cours\u00a0\nd'eau\u00a0et\u00a0plans\u00a0d'eau\u00a0du\u00a0d\u00e9partement\u00a0de\u00a0la\u00a0C\u00f4te-d'Or\u00a0et\u00a0les\u00a0caract\u00e9ristiques\u00a0particuli\u00e8res\u00a0\nde\u00a0certains\u00a0cours\u00a0d'eau\u00a0ou\u00a0plans\u00a0d'eau\u00a0;\nCONSIDERANT\u00a0la\u00a0fragmentation\u00a0et\u00a0la\u00a0r\u00e9duction\u00a0des\u00a0collections\u00a0d'habitats\u00a0n\u00e9cessaires\u00a0\u00e0\u00a0\nau\u00a0d\u00e9veloppement\u00a0des\u00a0esp\u00e8ces\u00a0;\nCONSIDERANT\u00a0 les \u00a0 menaces\u00a0 qui \u00a0 p\u00e8sent \u00a0 sur \u00a0 certaines \u00a0 populations \u00a0 piscicoles,\u00a0 et\u00a0\nnotamment\u00a0de\u00a0l'anguille,\u00a0de\u00a0la\u00a0truite\u00a0fario,\u00a0de\u00a0l'omble\u00a0de\u00a0fontaine,\u00a0de\u00a0l'ombre\u00a0commun,\u00a0du\u00a0\nbrochet,\u00a0des\u00a0\u00e9crevisses\u00a0autochtones,\u00a0des\u00a0grenouilles\u00a0vertes\u00a0et\u00a0rousses\u00a0;\nCONSIDERANT\u00a0 que\u00a0les\u00a0\u00e9tiages\u00a0s\u00e9v\u00e8res\u00a0des\u00a0ann\u00e9es\u00a0pr\u00e9c\u00e9dentes\u00a0ont\u00a0particuli\u00e8rement\u00a0\nalt\u00e9r\u00e9\u00a0les\u00a0peuplements\u00a0piscicoles\u00a0de\u00a0certains\u00a0cours\u00a0d'eau\u00a0du\u00a0d\u00e9partement\u00a0;\nCONSIDERANT\u00a0que\u00a0la\u00a0pression\u00a0de\u00a0p\u00eache\u00a0exerc\u00e9e\u00a0sur\u00a0la\u00a0truite\u00a0fario,\u00a0l'omble\u00a0de\u00a0fontaine,\u00a0\nl'ombre\u00a0commun,\u00a0le\u00a0sandre\u00a0et\u00a0le\u00a0brochet\u00a0occasionne\u00a0un\u00a0d\u00e9ficit\u00a0en\u00a0adultes\u00a0et\u00a0qu'il\u00a0convient\u00a0\nde\u00a0sauvegarder\u00a0les\u00a0g\u00e9niteurs\u00a0les\u00a0plus\u00a0fertiles\u00a0;\nCONSIDERANT\u00a0que\u00a0pour\u00a0assurer\u00a0une\u00a0recolonisation\u00a0naturelle,\u00a0il\u00a0convient\u00a0de\u00a0prendre\u00a0des\u00a0\nmesures\u00a0de\u00a0protection\u00a0pour\u00a0les\u00a0cat\u00e9gories\u00a0de\u00a0poissons\u00a0les\u00a0moins\u00a0r\u00e9silientes\u00a0et\u00a0subissant\u00a0\nune\u00a0forte\u00a0pression\u00a0de\u00a0p\u00eache,\u00a0\u00e0\u00a0savoir,\u00a0la\u00a0truite\u00a0fario\u00a0et\u00a0l'ombre\u00a0commun\u00a0;\nCONSIDERANT\u00a0 qu'il \u00a0 convient \u00a0 de \u00a0 fixer \u00a0 les \u00a0 r\u00e8gles \u00a0 d'une \u00a0 gestion \u00a0 permettant \u00a0 le\u00a0\nd\u00e9veloppement\u00a0de\u00a0la\u00a0p\u00eache\u00a0de\u00a0loisirs\u00a0dans\u00a0les\u00a0respects\u00a0des\u00a0esp\u00e8ces\u00a0piscicoles\u00a0et\u00a0du\u00a0milieu\u00a0\naquatique\u00a0;\nSUR\u00a0proposition\u00a0de\u00a0la\u00a0directrice\u00a0d\u00e9partementale\u00a0des\u00a0territoires\u00a0de\u00a0la\u00a0C\u00f4te-d'Or\u00a0;\nA R R \u00ca T E\nArticle 1er\nOutre\u00a0les\u00a0dispositions\u00a0directement\u00a0applicables\u00a0du\u00a0titre\u00a0III\u00a0du\u00a0livre\u00a0IV\u00a0du\u00a0code\u00a0de\u00a0\nl'environnement,\u00a0la\u00a0r\u00e9glementation\u00a0de\u00a0la\u00a0p\u00eache\u00a0dans\u00a0le\u00a0d\u00e9partement\u00a0de\u00a0la\u00a0C\u00f4te-d'Or\u00a0est\u00a0\nfix\u00e9e\u00a0conform\u00e9ment\u00a0aux\u00a0articles\u00a0suivants.\nArticle 2 \u2013 P\u00e9riodes de p\u00eache dans les eaux de 1\u00e8re cat\u00e9gorie\nConform\u00e9ment\u00a0aux\u00a0dispositions\u00a0de\u00a0l'article\u00a0R436-6\u00a0du\u00a0code\u00a0de\u00a0l'environnement,\u00a0la\u00a0p\u00eache\u00a0\nest\u00a0autoris\u00e9e\u00a0dans\u00a0les\u00a0cours\u00a0d'eau\u00a0de\u00a0premi\u00e8re\u00a0cat\u00e9gorie\u00a0du\u00a014\u00a0mars\u00a0au\u00a020\u00a0septembre\u00a02026\u00a0\ninclus.\nN\u00e9anmoins,\u00a0la\u00a0p\u00eache\u00a0est\u00a0interdite\u00a0dans\u00a0ces\u00a0cours\u00a0d'eau\u00a0les\u00a0jeudis\u00a0et\u00a0vendredis\u00a0jusqu'au\u00a030\u00a0\navril\u00a0de\u00a0l'ann\u00e9e\u00a0en\u00a0cours\u00a0inclus,\u00a0\u00e0\u00a0l'exception\u00a0des\u00a0jours\u00a0f\u00e9ri\u00e9s.\nLa\u00a0p\u00eache\u00a0de\u00a0l'ombre\u00a0commun\u00a0n'est\u00a0autoris\u00e9e\u00a0que\u00a0du\u00a016\u00a0mai\u00a0au\u00a020\u00a0septembre\u00a02026.\n3\nDirection d\u00e9partementale des territoires de la C\u00f4te-d'Or - 21-2025-12-18-00002 - Arr\u00eat\u00e9 pr\u00e9fectoral n\u00b0 1839 du 18 d\u00e9cembre 2025\nrelatif \u00e0 l'exercice de la p\u00eache dans le d\u00e9partement de la C\u00f4te-d'Or pour l'ann\u00e9e 2026 25\nLa\u00a0p\u00eache\u00a0du\u00a0brochet\u00a0n'est\u00a0autoris\u00e9e\u00a0que\u00a0du\u00a025\u00a0avril\u00a0au\u00a020\u00a0septembre\u00a02026\nLa\u00a0p\u00eache\u00a0des\u00a0grenouilles\u00a0vertes\u00a0et\u00a0rousses\u00a0n'est\u00a0autoris\u00e9e\u00a0que\u00a0du\u00a01er\u00a0juin\u00a0au\u00a020\u00a0septembre\u00a0\n2026.\nArticle 3 - P\u00e9riodes de p\u00eache dans les eaux de 2\u00e8me cat\u00e9gorie\nLa\u00a0p\u00eache\u00a0dans\u00a0les\u00a0eaux\u00a0de\u00a0deuxi\u00e8me\u00a0cat\u00e9gorie\u00a0est\u00a0autoris\u00e9e\u00a0toute\u00a0l'ann\u00e9e\u00a0pour\u00a0toutes\u00a0les\u00a0\nesp\u00e8ces\u00a0\u00e0\u00a0l'exception\u00a0des\u00a0esp\u00e8ces\u00a0suivantes\u00a0dont\u00a0les\u00a0p\u00e9riodes\u00a0de\u00a0p\u00eache\u00a0sont\u00a0limit\u00e9es\u00a0\ncomme\u00a0suit\u00a0:\n\u2022 Truite\u00a0fario\u00a0et\u00a0omble\u00a0de\u00a0fontaine\u00a0:\u00a0du\u00a014\u00a0mars\u00a0au\u00a020\u00a0septembre\u00a02026,\n\u2022 Truite\u00a0arc-en-ciel\u00a0:\u00a0du\u00a014\u00a0mars\u00a0au\u00a031\u00a0d\u00e9cembre\u00a02026,\n\u2022 Brochet\u00a0:\u00a0du\u00a01er\u00a0janvier\u00a0au\u00a025\u00a0janvier\u00a02026\u00a0et\u00a0du\u00a025\u00a0avril\u00a0au\u00a031\u00a0d\u00e9cembre\u00a0\n2026,\n\u2022 Sandre\u00a0:\u00a0du\u00a01er\u00a0janvier\u00a0au\u00a08\u00a0mars\u00a02026\u00a0et\u00a0du\u00a016\u00a0mai\u00a0au\u00a031\u00a0d\u00e9cembre\u00a02026,\n\u2022 Black-bass\u00a0:\u00a0du\u00a01er\u00a0janvier\u00a0au\u00a030\u00a0avril\u00a02026\u00a0et\u00a0du\u00a01er\u00a0juillet\u00a0au\u00a031\u00a0d\u00e9cembre\u00a0\n2026,\n\u2022 Ombre\u00a0commun\u00a0:\u00a0du\u00a016\u00a0mai\u00a0au\u00a031\u00a0d\u00e9cembre\u00a02026,\n\u2022 Grenouilles\u00a0(vertes\u00a0et\u00a0rousses)\u00a0:\u00a0du\u00a01er\u00a0juin\u00a0au\u00a031\u00a0d\u00e9cembre\u00a02026.\nArticle 4 - Protection des esp\u00e8ces     :  \n\u2022 \u00c9crevisse :\u00a0En\u00a0vue\u00a0de\u00a0prot\u00e9ger\u00a0les\u00a0populations\u00a0d'\u00e9crevisses\u00a0\u00e0\u00a0pattes\u00a0rouges,\u00a0\u00e0\u00a0\npattes\u00a0blanches\u00a0et\u00a0\u00e0\u00a0pattes\u00a0gr\u00eales,\u00a0leur\u00a0pr\u00e9l\u00e8vement\u00a0est\u00a0interdit\u00a0toute\u00a0\nl'ann\u00e9e.\n\u2022 Anguille :\u00a0En\u00a0vue\u00a0de\u00a0prot\u00e9ger\u00a0la\u00a0population\u00a0d'anguilles,\u00a0son\u00a0pr\u00e9l\u00e8vement\u00a0est\u00a0\ninterdit\u00a0toute\u00a0l'ann\u00e9e.\n\u2022 Grenouilles\u00a0:\u00a0Le\u00a0colportage,\u00a0la\u00a0vente,\u00a0la\u00a0mise\u00a0en\u00a0vente\u00a0ou\u00a0l'achat\u00a0de\u00a0\ngrenouilles\u00a0vertes,\u00a0qu'il\u00a0s'agisse\u00a0de\u00a0sp\u00e9cimens\u00a0vivants\u00a0ou\u00a0morts,\u00a0sont\u00a0\ninterdits\u00a0en\u00a0toute\u00a0p\u00e9riode\u00a0dans\u00a0les\u00a0conditions\u00a0d\u00e9termin\u00e9es\u00a0par\u00a0le\u00a0d\u00e9cret\u00a0du\u00a0\n25\u00a0novembre\u00a01977\u00a0pris\u00a0pour\u00a0application\u00a0de\u00a0la\u00a0loi\u00a0sur\u00a0la\u00a0protection\u00a0de\u00a0la\u00a0\nnature.\u00a0La\u00a0cession\u00a0\u00e0\u00a0titre\u00a0gratuit\u00a0ou\u00a0on\u00e9reux\u00a0de\u00a0sp\u00e9cimens\u00a0de\u00a0grenouilles\u00a0\nrousses,\u00a0 qu'il \u00a0 s'agisse\u00a0 d'individus \u00a0 vivants \u00a0 ou \u00a0 morts, \u00a0 est \u00a0 soumise \u00a0 \u00e0\u00a0\nautorisation\u00a0d\u00e9livr\u00e9e\u00a0suivant\u00a0les\u00a0conditions\u00a0fix\u00e9es\u00a0par\u00a0l'arr\u00eat\u00e9\u00a0minist\u00e9riel\u00a0du\u00a0\n05\u00a0juin\u00a01985.\n\u2022 Truite fario : En\u00a0vue\u00a0de\u00a0prot\u00e9ger\u00a0et\u00a0de\u00a0favoriser\u00a0l'implantation\u00a0de\u00a0la\u00a0truite\u00a0\nfario,\u00a0son\u00a0pr\u00e9l\u00e8vement\u00a0est\u00a0strictement\u00a0interdit\u00a0sur\u00a0l'int\u00e9gralit\u00e9\u00a0des\u00a0cours\u00a0\nd'eau\u00a0suivants\u00a0:\n\u2714 la\u00a0Bouzaize,\n\u2714 la\u00a0Rivierotte\u00a0dite\u00a0aussi\u00a0\u00ab\u00a0ruisseau\u00a0de\u00a0Courcelles\u00a0\u00bb,\n\u2714 la\u00a0Lacanche\u00a0et\u00a0ses\u00a0affluents,\n\u2714 la\u00a0Flaci\u00e8re\u00a0et\u00a0ses\u00a0affluents\n\u2714 la\u00a0Laigne\u00a0et\u00a0ses\u00a0affluents\n4\nDirection d\u00e9partementale des territoires de la C\u00f4te-d'Or - 21-2025-12-18-00002 - Arr\u00eat\u00e9 pr\u00e9fectoral n\u00b0 1839 du 18 d\u00e9cembre 2025\nrelatif \u00e0 l'exercice de la p\u00eache dans le d\u00e9partement de la C\u00f4te-d'Or pour l'ann\u00e9e 2026 26\nLe\u00a0pr\u00e9l\u00e8vement\u00a0de\u00a0la\u00a0truite\u00a0fario\u00a0est\u00a0\u00e9galement\u00a0interdit\u00a0sur\u00a0les\u00a0\nsections\u00a0de\u00a0cours\u00a0d'eau\u00a0suivants\u00a0:\n\u2714 La\u00a0Norges\u00a0de\u00a0sa\u00a0source\u00a0\u00e0\u00a0la\u00a0limite\u00a0communale\u00a0Couternon/Chevigny-Saint-\nSauveur,\n\u2714 L'Ignon\u00a0et\u00a0ses\u00a0affluents\u00a0du\u00a0pont\u00a0de\u00a0Frenois,\u00a0lieu-dit\u00a0\u00ab\u00a0Pr\u00e9\u00a0des\u00a0Iles\u00a0\u00bb\u00a0sur\u00a0la\u00a0\ncommune\u00a0de\u00a0Frenois\u00a0au\u00a0pont\u00a0de\u00a0la\u00a0d\u00e9partementale\u00a06\u00a0C\u00a0sur\u00a0la\u00a0commune\u00a0de\u00a0\nVillecomte,\n\u2714 L'Ignon\u00a0et\u00a0ses\u00a0affluents\u00a0de\u00a0la\u00a0limite\u00a0communale\u00a0Di\u00e9nay/Is-sur-Tille\u00a0\u00e0\u00a0la\u00a0\nconfluence\u00a0avec\u00a0la\u00a0Tille,\n\u2714 La\u00a0Tille\u00a0et\u00a0ses\u00a0affluents\u00a0\u00e0\u00a0l'exception\u00a0de\u00a0la\u00a0Venelle,\u00a0de\u00a0la\u00a0limite\u00a0communale\u00a0de\u00a0\nCussey-les-Forges\u00a0/\u00a0Marey-sur-Tille\u00a0\u00e0\u00a0la\u00a0limite\u00a0communale\u00a0Til-Ch\u00e2tel/Lux\u00a0puis\u00a0\nde\u00a0la\u00a0limite\u00a0communale\u00a0Beire-le-Ch\u00e2tel\u00a0/Arceau\u00a0\u00e0\u00a0la\u00a0limite\u00a0communale\u00a0Arc-\nsur-Tille/R\u00e9milly-sur-Tille,\n\u2714 La\u00a0Tille\u00a0de\u00a0Cussey,\u00a0de\u00a0la\u00a0limite\u00a0communale\u00a0de\u00a0Cussey\u00a0les\u00a0Forges/\u00a0Villemoron\u00a0\nau\u00a0pont\u00a0de\u00a0l'ancienne\u00a0voie\u00a0ferr\u00e9e\u00a0en\u00a0amont\u00a0de\u00a0la\u00a0confluence\u00a0avec\u00a0la\u00a0Tille\u00a0de\u00a0\nBussi\u00e8res\u00a0;\n\u2714 La\u00a0Tille,\u00a0de\u00a0la\u00a0limite\u00a0communale\u00a0entre\u00a0Genlis\u00a0et\u00a0Cessey-sur-Tille\u00a0en\u00a0amont\u00a0de\u00a0\nla\u00a0station\u00a0de\u00a0pompage\u00a0\u00e0\u00a0la\u00a0confluence\u00a0avec\u00a0la\u00a0Norges\u00a0\u00e0\u00a0l'aval\u00a0de\u00a0Pluvault.\n\u2714 L'Ouche\u00a0depuis\u00a0la\u00a0confluence\u00a0avec\u00a0le\u00a0Chamban\u00a0\u00e0\u00a0Bligny\u00a0sur\u00a0Ouche\u00a0\u00e0\u00a0la\u00a0limite\u00a0\ncommunale\u00a0Barbirey-sur-Ouche\u00a0/\u00a0Gissey-sur-Ouche\u00a0;\n\u2714 La\u00a0Vandenesse\u00a0depuis\u00a0le\u00a0bas\u00a0de\u00a0la\u00a0cimenterie\u00a0\u00e0\u00a0Crugey\u00a0jusqu'\u00e0\u00a0la\u00a0\nconfluence\u00a0avec\u00a0l'Ouche\u00a0\u00e0\u00a0Pont\u00a0d'Ouche\u00a0;\n\u2022 Ombre  commun :  En\u00a0vue\u00a0de\u00a0prot\u00e9ger\u00a0et\u00a0de\u00a0favoriser\u00a0l'implantation\u00a0de\u00a0l'ombre\u00a0\ncommun,\u00a0son\u00a0pr\u00e9l\u00e8vement\u00a0est\u00a0strictement\u00a0interdit\u00a0sur\u00a0les\u00a0sections\u00a0de\u00a0cours\u00a0d'eau\u00a0\nsuivants\u00a0:\n\u2714 La\u00a0Tille\u00a0et\u00a0ses\u00a0affluents\u00a0\u00e0\u00a0l'exception\u00a0de\u00a0la\u00a0Venelle,\u00a0de\u00a0la\u00a0limite\u00a0communale\u00a0de\u00a0\nCussey-les-Forges\u00a0/\u00a0Marey-sur-Tille\u00a0\u00e0\u00a0la\u00a0limite\u00a0communale\u00a0Marey-sur-Tille\u00a0/\u00a0\nVilley-sur-Tille,\u00a0puis\u00a0du\u00a0pont\u00a0de\u00a0la\u00a0ferme\u00a0de\u00a0la\u00a0Grange\u00a0Noire\u00a0\u00e0\u00a0Til-Chatel\u00a0\njusqu'\u00e0\u00a0la\u00a0limite\u00a0communale\u00a0Til-Chatel\u00a0/\u00a0Lux,\n\u2714 La\u00a0Tille,\u00a0de\u00a0la\u00a0limite\u00a0communale\u00a0entre\u00a0Genlis\u00a0et\u00a0Cessey-sur-Tille\u00a0en\u00a0amont\u00a0de\u00a0\nla\u00a0station\u00a0de\u00a0pompage\u00a0\u00e0\u00a0la\u00a0confluence\u00a0avec\u00a0la\u00a0Norges\u00a0\u00e0\u00a0l'aval\u00a0de\u00a0Pluvault,\n\u2714 La\u00a0Seine\u00a0depuis\u00a0le\u00a0pont\u00a0des\u00a0Romains\u00a0\u00e0\u00a0Etrochey\u00a0jusqu'\u00e0\u00a0la\u00a0confluence\u00a0du\u00a0\nruisseau\u00a0de\u00a0Courcelles.\nArticle 5 \u2013 Modes et proc\u00e9d\u00e9s de p\u00eache\nLa\u00a0p\u00eache\u00a0aux\u00a0engins\u00a0et\u00a0filets\u00a0est\u00a0autoris\u00e9e\u00a0uniquement\u00a0sur\u00a0le\u00a0domaine\u00a0public\u00a0selon\u00a0les\u00a0\nmodalit\u00e9s\u00a0du\u00a0cahier\u00a0des\u00a0charges\u00a0relatif\u00a0\u00e0\u00a0la\u00a0location\u00a0du\u00a0droit\u00a0de\u00a0p\u00eache\u00a0de\u00a0l'\u00c9tat.\nAfin\u00a0de\u00a0prot\u00e9ger\u00a0les\u00a0populations\u00a0de\u00a0sandre\u00a0et\u00a0de\u00a0brochet,\u00a0est\u00a0interdit\u00a0du\u00a09\u00a0mars\u00a0au\u00a024\u00a0avril\u00a0\n2026,\u00a0l'emploi\u00a0de\u00a0filets\u00a0de\u00a0type\u00a0araign\u00e9e\u00a0ou\u00a0de\u00a0type\u00a0tramail\u00a0ainsi\u00a0que\u00a0de\u00a0tous\u00a0autres\u00a0filets\u00a0\nmaillants\u00a0dont\u00a0la\u00a0maille\u00a0est\u00a0sup\u00e9rieure\u00a0\u00e0\u00a010\u00a0mm\u00a0de\u00a0c\u00f4t\u00e9\u00a0et\u00a0inf\u00e9rieure\u00a0\u00e0\u00a0135\u00a0mm\u00a0de\u00a0c\u00f4t\u00e9.\nL'emploi\u00a0d'une\u00a0seule\u00a0carafe\u00a0ou\u00a0bouteille,\u00a0par\u00a0p\u00eacheur,\u00a0utilis\u00e9e\u00a0simultan\u00e9ment\u00a0ou\u00a0non\u00a0avec\u00a0\nune\u00a0ou\u00a0plusieurs\u00a0lignes,\u00a0est\u00a0permise\u00a0dans\u00a0les\u00a0eaux\u00a0de\u00a01 \u00a0et\u00a02 \u00a0cat\u00e9gories\u00a0pour\u00a0la\u00a0capture\u00a0des\u02b3\u1d49 \u1d49 \u00a0\nvairons\u00a0et\u00a0autres\u00a0esp\u00e8ces\u00a0de\u00a0poissons\u00a0autoris\u00e9es\u00a0pour\u00a0servir\u00a0d'app\u00e2ts.\u00a0En\u00a0premi\u00e8re\u00a0\ncat\u00e9gorie,\u00a0cette\u00a0pratique\u00a0ne\u00a0peut\u00a0\u00eatre\u00a0exerc\u00e9e\u00a0que\u00a0pendant\u00a0les\u00a0p\u00e9riodes\u00a0de\u00a0p\u00eache\u00a0\nautoris\u00e9es.\u00a0La\u00a0contenance\u00a0de\u00a0la\u00a0carafe\u00a0ou\u00a0bouteille\u00a0ne\u00a0doit\u00a0pas\u00a0exc\u00e9der\u00a0deux\u00a0litres.\u00a0\nConcernant\u00a0la\u00a0capture\u00a0des\u00a0\u00e9crevisses\u00a0susceptibles\u00a0de\u00a0cr\u00e9er\u00a0des\u00a0d\u00e9s\u00e9quilibres\u00a0biologiques,\u00a0\nla\u00a0taille\u00a0minimale\u00a0des\u00a0mailles\u00a0des\u00a0balances\u00a0est\u00a0fix\u00e9e\u00a0\u00e0\u00a010\u00a0millim\u00e8tres.\n5\nDirection d\u00e9partementale des territoires de la C\u00f4te-d'Or - 21-2025-12-18-00002 - Arr\u00eat\u00e9 pr\u00e9fectoral n\u00b0 1839 du 18 d\u00e9cembre 2025\nrelatif \u00e0 l'exercice de la p\u00eache dans le d\u00e9partement de la C\u00f4te-d'Or pour l'ann\u00e9e 2026 27\nLa\u00a0p\u00eache\u00a0en\u00a0marchant\u00a0dans\u00a0l'eau\u00a0est\u00a0interdite\u00a0pendant\u00a0la\u00a0p\u00e9riode\u00a0allant\u00a0du\u00a014\u00a0mars\u00a0au\u00a015\u00a0\nmai\u00a02026,\u00a0dans\u00a0les\u00a0cours\u00a0d'eau\u00a0et\u00a0parties\u00a0de\u00a0cours\u00a0d'eau\u00a0de\u00a0premi\u00e8re\u00a0cat\u00e9gorie\u00a0suivants\u00a0:\u00a0\nl'Aube,\u00a0la\u00a0Seine,\u00a0la\u00a0B\u00e8ze,\u00a0la\u00a0Tille\u00a0\u00e0\u00a0l'aval\u00a0du\u00a0pont\u00a0de\u00a0la\u00a0route\u00a0D34\u00a0\u00e0\u00a0Cessey-sur-Tille,\u00a0et\u00a0la\u00a0\nNorges\u00a0\u00e0\u00a0l'aval\u00a0du\u00a0pont\u00a0de\u00a0l'autoroute\u00a0A39.\nDans\u00a0l'ensemble\u00a0des\u00a0sabli\u00e8res\u00a0et\u00a0plans\u00a0d'eau\u00a0f\u00e9d\u00e9raux,\u00a0la\u00a0p\u00eache\u00a0\u00e0\u00a0la\u00a0carpe\u00a0ne\u00a0peut\u00a0\u00eatre\u00a0\npratiqu\u00e9e\u00a0que\u00a0du\u00a0bord\u00a0\u00e0\u00a0l'aide\u00a0de\u00a0lignes\u00a0tendues\u00a0\u00e0\u00a0la\u00a0main\u00a0\u00e0\u00a0la\u00a0distance\u00a0maximale\u00a0du\u00a0jet\u00a0de\u00a0\ncanne.\u00a0Le\u00a0transport,\u00a0le\u00a0d\u00e9p\u00f4t\u00a0des\u00a0lignes\u00a0et\u00a0des\u00a0amorces\u00a0\u00e0\u00a0l'aide\u00a0d'une\u00a0embarcation\u00a0ou\u00a0tout\u00a0\nautre\u00a0moyen\u00a0m\u00e9canique\u00a0est\u00a0interdit.\u00a0Conform\u00e9ment\u00a0\u00e0\u00a0l'avant-dernier\u00a0alin\u00e9a\u00a0de\u00a0l'article\u00a06\u00a0\ndu\u00a0pr\u00e9sent\u00a0arr\u00eat\u00e9,\u00a0cette\u00a0restriction\u00a0s'applique\u00a0\u00e9galement\u00a0aux\u00a0r\u00e9servoirs\u00a0d'alimentation\u00a0du\u00a0\ncanal\u00a0de\u00a0Bourgogne.\n\u00c0\u00a0des\u00a0fins\u00a0de\u00a0gestion\u00a0du\u00a0patrimoine\u00a0piscicole\u00a0tout\u00a0en\u00a0conservant\u00a0un\u00a0int\u00e9r\u00eat\u00a0halieutique,\u00a0\ndes\u00a0dispositions\u00a0restrictives\u00a0sur\u00a0les\u00a0proc\u00e9d\u00e9s\u00a0et\u00a0modes\u00a0de\u00a0p\u00eache,\u00a0sur\u00a0certains\u00a0parcours,\u00a0\nsont\u00a0arr\u00eat\u00e9es\u00a0\u00e0\u00a0l'article\u00a09\u00a0du\u00a0pr\u00e9sent\u00a0arr\u00eat\u00e9.\u00a0\u00c0\u00a0ce\u00a0titre,\u00a0la\u00a0p\u00eache\u00a0en\u00a0\u00ab\u00a0p\u00eacher-rel\u00e2cher\u00a0\u00bb\u00a0est\u00a0\nd\u00e9finie\u00a0comme\u00a0suit\u00a0:\u00a0p\u00eache\u00a0\u00e0\u00a0la\u00a0canne\u00a0pratiqu\u00e9e\u00a0dans\u00a0le\u00a0but\u00a0de\u00a0sauvegarder\u00a0la\u00a0population\u00a0\npiscicole,\u00a0les\u00a0poissons\u00a0devant\u00a0\u00eatre\u00a0remis\u00a0\u00e0\u00a0l'eau\u00a0imm\u00e9diatement,\u00a0vivants\u00a0et\u00a0sans\u00a0aucune\u00a0\nmutilation.\nSur\u00a0les\u00a0parcours\u00a0en\u00a0\u00ab\u00a0p\u00eacher-rel\u00e2cher\u00a0\u00bb\u00a0\u00e0\u00a0vocation\u00a0\u00ab\u00a0carpodrome\u00a0\u00bb,\u00a0les\u00a0poissons\u00a0pourront\u00a0\n\u00eatre\u00a0stock\u00e9s\u00a0en\u00a0bourriche\u00a0anglaise\u00a0avant\u00a0d'\u00eatre\u00a0remis\u00a0\u00e0\u00a0l'eau\u00a0sur\u00a0le\u00a0lieu\u00a0de\u00a0capture,\u00a0vivants\u00a0\net\u00a0sans\u00a0aucune\u00a0mutilation.\u00a0Cette\u00a0disposition\u00a0n'est\u00a0pas\u00a0applicable\u00a0la\u00a0nuit.\nArticle 6     - Dispositions sp\u00e9cifiques au domaine public de l'\u00c9tat  \nSur\u00a0le\u00a0domaine\u00a0public\u00a0de\u00a0l'\u00c9tat,\u00a0toute\u00a0p\u00eache\u00a0est\u00a0rigoureusement\u00a0interdite\u00a0:\n\u2022 depuis\u00a0des\u00a0installations\u00a0portuaires\u00a0(pontons\u00a0fixes\u00a0ou\u00a0flottants,\u00a0passerelles,\u00a0\nembarcad\u00e8res,\u00a0quais)\u00a0et\u00a0depuis\u00a0la\u00a0rive\u00a0lorsque\u00a0celle-ci\u00a0est\u00a0am\u00e9nag\u00e9e\u00a0pour\u00a0\nles\u00a0bateaux\u00a0de\u00a0commerce\u00a0et\u00a0de\u00a0plaisance\u00a0;\n\u2022 \u00e0\u00a0l'aval\u00a0de\u00a0tous\u00a0les\u00a0ouvrages\u00a0sur\u00a0une\u00a0distance\u00a0de\u00a050\u00a0m\u00a0ainsi\u00a0qu'\u00e0\u00a0l'int\u00e9rieur\u00a0\ndes\u00a0ouvrages\u00a0de\u00a0franchissement\u00a0;\n\u2022 dans\u00a0les\u00a0rigoles\u00a0d'alimentation\u00a0des\u00a0canaux,\u00a0\u00e0\u00a0l'exception\u00a0de\u00a0celles\u00a0incluses\u00a0\ndans\u00a0les\u00a0lots\u00a0d\u00e9finis\u00a0par\u00a0le\u00a0cahier\u00a0des\u00a0charges\u00a0pour\u00a0l'exploitation\u00a0du\u00a0droit\u00a0de\u00a0\np\u00eache\u00a0de\u00a0l'\u00c9tat\u00a0\u00e9tabli\u00a0pour\u00a0la\u00a0p\u00e9riode\u00a0du\u00a01er\u00a0janvier\u00a02023\u00a0au\u00a031\u00a0d\u00e9cembre\u00a0\n2027;\n\u2022 aux\u00a0abords\u00a0des\u00a0prises\u00a0d'eau,\u00a0des\u00a0ouvrages\u00a0de\u00a0d\u00e9charge\u00a0et\u00a0des\u00a0centrales\u00a0\nhydro\u00e9lectriques,\u00a0dans\u00a0un\u00a0rayon\u00a0de\u00a020\u00a0m\u00a0;\n\u2022 depuis\u00a0les\u00a0ponts\u00a0;\n\u2022 sur\u00a0les\u00a0digues\u00a0des\u00a0barrages\u00a0de\u00a0Chazilly,\u00a0Grosbois,\u00a0du\u00a0Tillot\u00a0et\u00a0de\u00a0Pont-et-\nMass\u00e8ne.\n\u2022 dans\u00a0les\u00a0biefs\u00a0des\u00a0canaux\u00a0lorsque\u00a0la\u00a0hauteur\u00a0d'eau\u00a0est\u00a0inf\u00e9rieure\u00a0\u00e0\u00a01\u00a0m\u00e8tre\u00a0;\nLa\u00a0p\u00eache\u00a0\u00e0\u00a0la\u00a0bou\u00e9e\u00a0est\u00a0interdite\u00a0sur\u00a0l'ensemble\u00a0des\u00a0voies\u00a0navigables\u00a0du\u00a0domaine\u00a0public.\nLa\u00a0p\u00eache\u00a0pr\u00e9cit\u00e9e\u00a0comprend\u00a0tout\u00a0type\u00a0de\u00a0p\u00eache\u00a0\u00e0\u00a0la\u00a0bou\u00e9e,\u00a0y\u00a0compris\u00a0l'ancrage\u00a0de\u00a0la\u00a0ligne\u00a0\nsupport\u00a0sur\u00a0les\u00a0deux\u00a0rives,\u00a0sans\u00a0bou\u00e9e,\u00a0avec\u00a0un\u00a0poids\u00a0sur\u00a0le\u00a0bord\u00a0ou\u00a0m\u00eame\u00a0fix\u00e9e\u00a0\u00e0\u00a0un\u00a0tronc\u00a0\nd'arbre\u00a0et\u00a0le\u00a0placement\u00a0dans\u00a0le\u00a0cours\u00a0d'eau\u00a0de\u00a0plusieurs\u00a0bou\u00e9es\u00a0constitu\u00e9es\u00a0par\u00a0un\u00a0bidon\u00a0\nvide\u00a0auquel\u00a0une\u00a0ligne\u00a0tr\u00e8s\u00a0sommaire\u00a0est\u00a0fix\u00e9e.\n6\nDirection d\u00e9partementale des territoires de la C\u00f4te-d'Or - 21-2025-12-18-00002 - Arr\u00eat\u00e9 pr\u00e9fectoral n\u00b0 1839 du 18 d\u00e9cembre 2025\nrelatif \u00e0 l'exercice de la p\u00eache dans le d\u00e9partement de la C\u00f4te-d'Or pour l'ann\u00e9e 2026 28\nLa\u00a0p\u00eache\u00a0est\u00a0rigoureusement\u00a0interdite\u00a0lorsque\u00a0les\u00a0cotes\u00a0suivantes\u00a0dites\u00a0\u00ab\u00a0cotes\u00a0de\u00a0p\u00eache\u00a0\u00bb\u00a0\nsont\u00a0atteintes\u00a0:\u00a0Cercey\u00a0:\u00a05,40\u00a0m\u00a0\u2013\u00a0Chazilly\u00a0:\u00a09,00\u00a0m\u00a0\u2013\u00a0Grosbois\u00a0I\u00a0:\u00a07,75\u00a0m\u00a0\u2013\u00a0Grosbois\u00a0II\u00a0:\u00a011,00\u00a0\nm\u00a0-\u00a0\u00a0Panthier\u00a0:\u00a04,75\u00a0m\u00a0\u2013\u00a0Pont\u00a0:\u00a010,50\u00a0m\u00a0et\u00a0Le\u00a0Tillot\u00a0:\u00a05,45\u00a0m.\nDans\u00a0les\u00a0r\u00e9servoirs\u00a0d'alimentation\u00a0du\u00a0canal\u00a0de\u00a0Bourgogne,\u00a0la\u00a0p\u00eache\u00a0\u00e0\u00a0la\u00a0carpe\u00a0ne\u00a0peut\u00a0\u00eatre\u00a0\npratiqu\u00e9e\u00a0que\u00a0du\u00a0bord\u00a0\u00e0\u00a0l'aide\u00a0de\u00a0lignes\u00a0tendues\u00a0\u00e0\u00a0la\u00a0main\u00a0\u00e0\u00a0la\u00a0distance\u00a0maximale\u00a0du\u00a0jet\u00a0de\u00a0\ncanne.\u00a0Le\u00a0transport,\u00a0le\u00a0d\u00e9p\u00f4t\u00a0des\u00a0lignes\u00a0et\u00a0des\u00a0amorces\u00a0\u00e0\u00a0l'aide\u00a0d'une\u00a0embarcation\u00a0ou\u00a0tout\u00a0\nautre\u00a0moyen\u00a0m\u00e9canique\u00a0est\u00a0interdit.\nArticle 7 - Dispositions sp\u00e9cifiques aux tailles de capture de certaines esp\u00e8ces\nLa\u00a0taille\u00a0minimale\u00a0de\u00a0capture\u00a0de\u00a0la\u00a0truite\u00a0fario\u00a0est\u00a0fix\u00e9e\u00a0\u00e0\u00a00,30\u00a0m\u00a0dans\u00a0tous\u00a0les\u00a0cours\u00a0d'eau,\u00a0\ncanaux\u00a0et\u00a0plans\u00a0d'eau\u00a0du\u00a0d\u00e9partement,\u00a0\u00e0\u00a0l'exception\u00a0du\u00a0Tournesac,\u00a0de\u00a0la\u00a0Roman\u00e9e,\u00a0du\u00a0\nVernidard,\u00a0du\u00a0Cousin\u00a0et\u00a0de\u00a0ses\u00a0affluents\u00a0o\u00f9\u00a0la\u00a0taille\u00a0est\u00a0arr\u00eat\u00e9e\u00a0\u00e0\u00a00,23\u00a0m.\n\u2022 La\u00a0taille\u00a0minimale\u00a0de\u00a0capture\u00a0de\u00a0la\u00a0truite\u00a0arc-en-ciel\u00a0et\u00a0de\u00a0l'omble\u00a0de\u00a0\nfontaine\u00a0est\u00a0fix\u00e9e\u00a0\u00e0\u00a00,25\u00a0m\u00a0dans\u00a0tous\u00a0les\u00a0cours\u00a0d'eau,\u00a0canaux\u00a0et\u00a0plans\u00a0d'eau\u00a0\ndu\u00a0d\u00e9partement.\n\u2022 La\u00a0taille\u00a0minimale\u00a0de\u00a0capture\u00a0de\u00a0l'ombre\u00a0est\u00a0fix\u00e9e\u00a0\u00e0\u00a00,35\u00a0m\u00a0dans\u00a0tous\u00a0les\u00a0\ncours\u00a0d'eau,\u00a0canaux\u00a0et\u00a0plans\u00a0d'eau\u00a0du\u00a0d\u00e9partement.\n\u2022 La\u00a0taille\u00a0minimale\u00a0de\u00a0capture\u00a0du\u00a0brochet\u00a0est\u00a0fix\u00e9e\u00a0\u00e0\u00a00,60\u00a0m\u00a0dans\u00a0tous\u00a0les\u00a0\ncours\u00a0d'eau,\u00a0canaux\u00a0et\u00a0plans\u00a0d'eau\u00a0de\u00a0premi\u00e8re\u00a0et\u00a0de\u00a0deuxi\u00e8me\u00a0cat\u00e9gorie\u00a0\npiscicole\u00a0du\u00a0d\u00e9partement.\n\u2022 La\u00a0taille\u00a0minimale\u00a0de\u00a0capture\u00a0du\u00a0sandre\u00a0est\u00a0fix\u00e9e\u00a0\u00e0\u00a00,50\u00a0m\u00a0dans\u00a0tous\u00a0les\u00a0\ncours\u00a0d'eau,\u00a0canaux\u00a0et\u00a0plans\u00a0d'eau\u00a0de\u00a0deuxi\u00e8me\u00a0cat\u00e9gorie\u00a0piscicole\u00a0du\u00a0\nd\u00e9partement.\n\u2022 La\u00a0taille\u00a0minimale\u00a0de\u00a0capture\u00a0du\u00a0black-bass\u00a0est\u00a0fix\u00e9e\u00a0\u00e0\u00a00,30\u00a0m\u00a0dans\u00a0tous\u00a0les\u00a0\ncours\u00a0d'eau,\u00a0canaux\u00a0et\u00a0plans\u00a0d'eau\u00a0de\u00a0deuxi\u00e8me\u00a0cat\u00e9gorie\u00a0piscicole\u00a0du\u00a0\nd\u00e9partement.\n\u2022 La\u00a0taille\u00a0minimale\u00a0de\u00a0capture\u00a0des\u00a0grenouilles\u00a0verte\u00a0et\u00a0rousse\u00a0\u00e0\u00a00,08\u00a0m\u00a0dans\u00a0\ntous\u00a0les\u00a0cours\u00a0d'eau,\u00a0canaux\u00a0et\u00a0plans\u00a0d'eau\u00a0du\u00a0d\u00e9partement.\nArticle 8 - Quotas\nSalmonid\u00e9s\u00a0:\u00a0Dans\u00a0les\u00a0eaux\u00a0de\u00a0premi\u00e8re\u00a0et\u00a0deuxi\u00e8me\u00a0cat\u00e9gorie,\u00a0le\u00a0nombre\u00a0maximum\u00a0de\u00a0\ncaptures\u00a0de\u00a0salmonid\u00e9s\u00a0(truites\u00a0fario,\u00a0truites\u00a0arc-en-ciel,\u00a0ombles\u00a0de\u00a0fontaine\u00a0et\u00a0ombres\u00a0\ncommuns)\u00a0est\u00a0de\u00a06\u00a0par\u00a0jour\u00a0et\u00a0par\u00a0p\u00eacheur,\u00a0dont\u00a03\u00a0truites\u00a0fario\u00a0maximum\u00a0et\u00a01\u00a0ombre\u00a0\ncommun\u00a0maximum.\nCarnassiers\u00a0:\u00a0Dans\u00a0les\u00a0eaux\u00a0de\u00a0deuxi\u00e8me\u00a0cat\u00e9gorie,\u00a0le\u00a0nombre\u00a0de\u00a0captures\u00a0autoris\u00e9\u00a0de\u00a0\nsandres,\u00a0brochets\u00a0et\u00a0black-bass,\u00a0par\u00a0p\u00eacheur\u00a0de\u00a0loisir\u00a0et\u00a0par\u00a0jour,\u00a0est\u00a0fix\u00e9\u00a0\u00e0\u00a03,\u00a0dont\u00a01\u00a0\nbrochet\u00a0maximum.\nQuelque-soit\u00a0la\u00a0cat\u00e9gorie\u00a0piscicole,\u00a0le\u00a0nombre\u00a0de\u00a0capture\u00a0de\u00a0brochet\u00a0par\u00a0p\u00eacheur\u00a0de\u00a0loisir\u00a0\net\u00a0par\u00a0jour\u00a0ne\u00a0peut\u00a0\u00eatre\u00a0sup\u00e9rieur\u00a0\u00e0\u00a01.\n7\nDirection d\u00e9partementale des territoires de la C\u00f4te-d'Or - 21-2025-12-18-00002 - Arr\u00eat\u00e9 pr\u00e9fectoral n\u00b0 1839 du 18 d\u00e9cembre 2025\nrelatif \u00e0 l'exercice de la p\u00eache dans le d\u00e9partement de la C\u00f4te-d'Or pour l'ann\u00e9e 2026 29\nArticle 9 - Dispositions restrictives sur certains parcours\nParcours  \"p\u00eacher-rel\u00e2cher\"  toutes  esp\u00e8ces  piscicoles  sauf  truite  arc-en-ciel,  toutes  \ntechniques confondues :\n\u2022 Sur\u00a0les\u00a0\u00e9tangs\u00a0jumel\u00e9s\u00a0\u00a0G13/G14\u00a0\u00a0situ\u00e9s\u00a0sur\u00a0le\u00a0site\u00a0nomm\u00e9\u00a0\u00ab\u00a0Etang\u00a0d'Or\u00a0\u00bb\u00a0\nsitu\u00e9s\u00a0\u00e0\u00a0TAILLY\u00a0\u2013\u00a0La\u00a0truite\u00a0Beaunoise\u00a0-\u00a0\u00a0et\u00a0sur\u00a0l'Etang\u00a0communal\u00a0\u00ab\u00a0parcours\u00a0\nfamille\u00a0\u00bb\u00a0de\u00a0Vandenesse\u00a0en\u00a0Auxois\u00a0\u2013\u00a0AAPPMA\u00a0La\u00a0Vandenesse\u00a0-\u00a0la\u00a0p\u00eache\u00a0de\u00a0\ntoutes\u00a0esp\u00e8ces\u00a0piscicoles\u00a0ne\u00a0peut\u00a0\u00eatre\u00a0pratiqu\u00e9e\u00a0qu'en\u00a0\"p\u00eacher-rel\u00e2cher\"\u00a0\ntoutes\u00a0techniques\u00a0confondues,\u00a0\u00e0\u00a0l'exception\u00a0de\u00a0la\u00a0truite\u00a0arc-en-ciel.\n\u2022 Sur\u00a0l'Ouche\u00a0\u00e0\u00a0DIJON\u00a0et\u00a0LONGVIC\u00a0-\u00a0Union\u00a0Dijonnaise\u00a0des\u00a0Fervents\u00a0P\u00eacheurs.-\u00a0\nEn\u00a0aval\u00a0du\u00a0lac\u00a0Kir\u00a0et\u00a0jusqu'au\u00a0confluent\u00a0avec\u00a0le\u00a0Suzon\u00a0;\u00a0la\u00a0p\u00eache\u00a0de\u00a0toutes\u00a0\nesp\u00e8ces\u00a0piscicoles\u00a0ne\u00a0peut\u00a0\u00eatre\u00a0pratiqu\u00e9e\u00a0qu'en\u00a0\"p\u00eacher-rel\u00e2cher\"\u00a0toutes\u00a0\ntechniques\u00a0confondues,\u00a0\u00e0\u00a0l'exception\u00a0de\u00a0la\u00a0truite\u00a0arc-en-ciel.\nParcours \"p\u00eacher-rel\u00e2cher\" salmonid\u00e9s toutes techniques confondues :\nSur\u00a0les\u00a0parcours\u00a0suivants,\u00a0la\u00a0p\u00eache\u00a0des\u00a0salmonid\u00e9s\u00a0ne\u00a0peut\u00a0\u00eatre\u00a0pratiqu\u00e9e\u00a0qu'en\u00a0\"p\u00eacher-\nrel\u00e2cher\",\u00a0toutes\u00a0techniques\u00a0confondues,\u00a0et\u00a0sans\u00a0ardillon.\n\u2022 La\u00a0Tille\u00a0\u00e0\u00a0REMILLY-SUR-TILLE\u00a0\u2013\u00a0La\u00a0Truite\u00a0Bourguignonne\u00a0\u2013\u00a0Sur\u00a0700\u00a0m\u00e8tres\u00a0\nlin\u00e9aires\u00a0depuis\u00a0la\u00a0limite\u00a0communale\u00a0entre\u00a0Arc-sur-Tille\u00a0et\u00a0Remilly-sur-Tille\u00a0et\u00a0\njusqu'au\u00a0pont\u00a0de\u00a0la\u00a0RD\u00a034\u00a0;\n\u2022 La\u00a0Tille\u00a0\u00e0\u00a0TIL\u00a0CHATEL\u00a0-\u00a0La\u00a0Fario\u00a0de\u00a0Til\u00a0Ch\u00e2tel\u00a0\u2013\u00a0sur\u00a01700\u00a0m\u00e8tres\u00a0lin\u00e9aires\u00a0\nenviron,\u00a0de\u00a0la\u00a0station\u00a0d'\u00e9puration\u00a0de\u00a0Til-Chatel,\u00a0jusqu'\u00e0\u00a0la\u00a0limite\u00a0communale\u00a0\nentre\u00a0Til-Chatel\u00a0et\u00a0Lux\u00a0;\n\u2022 La\u00a0Tille\u00a0\u00e0\u00a0MAREY-SUR-TILLE\u00a0et\u00a0VILLEY-SUR-TILLE\u00a0\u2013\u00a0La\u00a0Fario\u00a0de\u00a0Til-Chatel\u00a0\u2013\u00a0sur\u00a0\n1900\u00a0m\u00e8tres\u00a0lin\u00e9aires\u00a0des\u00a0deux\u00a0rives,\u00a0de\u00a0la\u00a0confluence\u00a0de\u00a0la\u00a0source\u00a0de\u00a0\nBr\u00e9viaire\u00a0avec\u00a0la\u00a0Tille\u00a0(parcelle\u00a0ZM\u00a052)\u00a0jusqu'\u00e0\u00a0la\u00a0limite\u00a0communale\u00a0entre\u00a0\nMarey-sur-Tille\u00a0et\u00a0Villey-sur-Tille\u00a0puis\u00a0sur\u00a0une\u00a0distance\u00a0de\u00a0475\u00a0m\u00e8tres\u00a0\nlin\u00e9aires,\u00a0en\u00a0rive\u00a0droite\u00a0uniquement,\u00a0en\u00a0aval\u00a0de\u00a0la\u00a0limite\u00a0communale\u00a0entre\u00a0\nMarey-sur-Tille\u00a0et\u00a0Villey-sur-Tille\u00a0(parcelles\u00a0ZA\u00a047,\u00a048\u00a0et\u00a049\u00a0\u00e0\u00a0Villey-sur-Tille)\u00a0;\n\u2022 L'Ouche\u00a0\u00e0\u00a0NEUILLY-CRIMOLOIS,\u00a0ROUVRES-EN-PLAINE\u00a0et\u00a0FAUVERNEY\u00a0\u2013\u00a0\nF\u00e9d\u00e9ration\u00a0d\u00e9partementale\u00a0de\u00a0p\u00eache\u00a0et\u00a0de\u00a0protection\u00a0du\u00a0milieu\u00a0aquatique\u00a0\n\u2013\u00a0Sur\u00a08150\u00a0m\u00e8tres\u00a0lin\u00e9aires\u00a0environ,\u00a0sur\u00a0la\u00a0totalit\u00e9\u00a0du\u00a0territoire\u00a0des\u00a0\ncommunes\u00a0de\u00a0Neuilly-Crimolois,\u00a0Rouvres-en-Plaine\u00a0et\u00a0Fauverney\u00a0;\n\u2022 La \u00a0 B\u00e8ze\u00a0 \u00e0 \u00a0 NOIRON \u00a0 SUR \u00a0 BEZE, \u00a0 TANAY\u00a0 et \u00a0 MIREBEAU \u00a0\u2013\u00a0 La \u00a0 Truite\u00a0\nBourguignonne\u00a0\u2013\u00a0Depuis\u00a0la\u00a0limite\u00a0aval\u00a0de\u00a0la\u00a0r\u00e9serve\u00a0piscicole\u00a0en\u00a0aval\u00a0de\u00a0\nNoiron-sur-Beze,\u00a0jusqu'au\u00a0panneau\u00a0mat\u00e9rialisant\u00a0la\u00a0fin\u00a0du\u00a0\"p\u00eacher-rel\u00e2cher\",\u00a0\nsur\u00a01500\u00a0m\u00e8tres\u00a0lin\u00e9aires\u00a0;\n\u2022 La\u00a0B\u00e8ze\u00a0\u00e0\u00a0BEZE\u00a0\u2013\u00a0Source\u00a0de\u00a0B\u00e8ze\u00a0\u2013\u00a0En\u00a0amont\u00a0du\u00a0pont\u00a0de\u00a0Rome,\u00a0sur\u00a0une\u00a0\ndistance\u00a0de\u00a0290\u00a0m\u00e8tres\u00a0lin\u00e9aires,\u00a0en\u00a0rive\u00a0droite.\u00a0En\u00a0aval\u00a0des\u00a0propri\u00e9t\u00e9s\u00a0\npriv\u00e9es\u00a0du\u00a0Hameau\u00a0de\u00a0Rome,\u00a0sur\u00a0155\u00a0m\u00e8tres\u00a0lin\u00e9aires,\u00a0en\u00a0rive\u00a0droite\u00a0;\n\u2022 La\u00a0B\u00e8ze\u00a0\u00e0\u00a0BEZE\u00a0\u2013\u00a0Source\u00a0de\u00a0la\u00a0B\u00e8ze\u00a0\u2013\u00a0du\u00a01er\u00a0juillet\u00a02026\u00a0au\u00a031\u00a0ao\u00fbt\u00a02026\u00a0\ninclus,\u00a0sur\u00a0l'ensemble\u00a0du\u00a0parcours.\n\u2022 La\u00a0Laigne\u00a0\u00e0\u00a0LAIGNES\u00a0et\u00a0GRISELLES\u00a0\u2013\u00a0La\u00a0Laigne\u00a0\u2013\u00a0Depuis\u00a0le\u00a0pont\u00a0du\u00a0chemin\u00a0\ndu\u00a0moulin\u00a0neuf\u00a0en\u00a0aval\u00a0de\u00a0l'aire\u00a0pour\u00a0camping-car\u00a0\u00e0\u00a0Laignes\u00a0jusqu'au\u00a0moulin\u00a0\n8\nDirection d\u00e9partementale des territoires de la C\u00f4te-d'Or - 21-2025-12-18-00002 - Arr\u00eat\u00e9 pr\u00e9fectoral n\u00b0 1839 du 18 d\u00e9cembre 2025\nrelatif \u00e0 l'exercice de la p\u00eache dans le d\u00e9partement de la C\u00f4te-d'Or pour l'ann\u00e9e 2026 30\nde\u00a0Griselles\u00a0au\u00a0bout\u00a0situ\u00e9\u00a0\u00e0\u00a080\u00a0m\u00e8tres\u00a0en\u00a0aval\u00a0du\u00a0pont\u00a0rue\u00a0de\u00a0la\u00a0Laignes,\u00a0sur\u00a0\nune\u00a0distance\u00a0de\u00a02780\u00a0m\u00e8tres\u00a0lin\u00e9aires\u00a0;\n\u2022 L'Oze\u00a0\u00e0\u00a0GRESIGNY-SAINTE-REINE\u00a0-\u00a0Amicale\u00a0des\u00a0P\u00eacheurs\u00a0\u00e0\u00a0la\u00a0ligne\u00a0de\u00a0\nVenarey\u00a0\u2013\u00a0Depuis\u00a0l'ancien\u00a0pont\u00a0de\u00a0Gr\u00e9signy,\u00a0jusqu'au\u00a0pont\u00a0des\u00a0hulottes\u00a0\n(pont\u00a0sous\u00a0la\u00a0voie\u00a0ferr\u00e9e),\u00a0sur\u00a0une\u00a0distance\u00a0de\u00a01300\u00a0m\u00e8tres\u00a0lin\u00e9aires\u00a0;\n\u2022 Le\u00a0Rabutin\u00a0\u00e0\u00a0GRESIGNY-SAINTE-REINE\u00a0-\u00a0Amicale\u00a0des\u00a0P\u00eacheurs\u00a0\u00e0\u00a0la\u00a0ligne\u00a0de\u00a0\nVenarey\u00a0\u2013\u00a0Depuis\u00a0le\u00a0pont\u00a0sous\u00a0la\u00a0voie\u00a0ferr\u00e9e\u00a0jusqu'au\u00a0confluent\u00a0avec\u00a0l'Oze,\u00a0\nsur\u00a0une\u00a0distance\u00a0de\u00a0180\u00a0m\u00e8tres\u00a0lin\u00e9aires\u00a0;\n\u2022 La\u00a0Seine\u00a0\u00e0\u00a0VIX,\u00a0POTHIERES\u00a0et\u00a0VILLERS-PATRAS\u00a0\u2013\u00a0AAPPMA\u00a0de\u00a0Vix\u00a0et\u00a0de\u00a0\nChatillon\u00a0\u2013\u00a0Depuis\u00a0le\u00a0d\u00e9versoir\u00a0de\u00a0POTHIERES\u00a0jusqu'\u00e0\u00a0la\u00a0confluence\u00a0du\u00a0\nruisseau\u00a0de\u00a0Courcelles,\u00a0sur\u00a0une\u00a0distance\u00a0de\u00a01300\u00a0m\u00e8tres\u00a0lin\u00e9aires.\n\u2022 La\u00a0Bouzaize\u00a0\u00e0\u00a0LEVERNOIS\u00a0\u2013\u00a0La\u00a0Truite\u00a0Beaunoise\u00a0\u2013\u00a0depuis\u00a0la\u00a0limite\u00a0aval\u00a0de\u00a0\nl'Hostellerie\u00a0de\u00a0Levernois\u00a0jusqu'au\u00a0premier\u00a0foss\u00e9\u00a0situ\u00e9\u00a0en\u00a0aval\u00a0de\u00a0l'h\u00f4tel\u00a0\nColvert\u00a0;\n\u2022 La\u00a0Bouzaize\u00a0\u00e0\u00a0BEAUNE\u00a0\u2013\u00a0La\u00a0Truite\u00a0Beaunoise\u00a0-\u00a0du\u00a0moulin\u00a0Perpreuil\u00a0\u00e0\u00a0la\u00a0\nrocade\u00a0de\u00a0contournement\u00a0de\u00a0Beaune\u00a0(1250\u00a0m)\u00a0;\n\u2022 La\u00a0Seine\u00a0\u00e0\u00a0AISEY\u00a0SUR\u00a0SEINE\u00a0et\u00a0NOD\u00a0SUR\u00a0SEINE\u00a0\u2013\u00a0La\u00a0Truite\u00a0Bourguignonne\u00a0-\u00a0\ndu\u00a0pont\u00a0RD29\u00a0\u00e0\u00a0Aisey\u00a0sur\u00a0Seine\u00a0\u00e0\u00a0l'ouvrage\u00a0de\u00a0la\u00a0scierie\u00a0de\u00a0pierres\u00a0\u00e0\u00a0Nod\u00a0sur\u00a0\nSeine\u00a0(1500\u00a0m)\u00a0;\n\u2022 La\u00a0Seine\u00a0\u00e0\u00a0BREMUR\u00a0EN\u00a0VAUROIS\u00a0\u2013\u00a0La\u00a0Truite\u00a0Bourguignonne\u00a0\u2013\u00a0depuis\u00a0le\u00a0pont\u00a0\nsur\u00a0la\u00a0Seine\u00a0\u00e0\u00a0hauteur\u00a0des\u00a0forges\u00a0de\u00a0Chaineci\u00e8res\u00a0jusqu'au\u00a0vannage\u00a0priv\u00e9\u00a0du\u00a0\nch\u00e2teau\u00a0de\u00a0Bremur-et-Vaurois\u00a0situ\u00e9\u00a0jusqu'en\u00a0amont\u00a0du\u00a0village\u00a0(environ\u00a04\u00a0km\u00a0\nsur\u00a0les\u00a0deux\u00a0rives).\nParcours  \"p\u00eacher-rel\u00e2cher\"  salmonid\u00e9s  sauf  truite  arc-en-ciel,  toutes  techniques  \nconfondues :\nSur\u00a0les\u00a0parcours\u00a0suivants,\u00a0la\u00a0p\u00eache\u00a0des\u00a0salmonid\u00e9s,\u00a0\u00e0\u00a0l'exception\u00a0de\u00a0la\u00a0truite\u00a0arc-en-ciel,\u00a0ne\u00a0\npeut\u00a0\u00eatre\u00a0pratiqu\u00e9e\u00a0qu'en\u00a0\"p\u00eacher-rel\u00e2cher\",\u00a0toutes\u00a0techniques\u00a0confondues,\u00a0et\u00a0sans\u00a0\nardillon.\n\u2022 L'Ignon\u00a0\u00e0\u00a0LAMARGELLE\u00a0\u2013\u00a0La\u00a0Gaule\u00a0de\u00a0l'Ignon\u00a0\u2013\u00a0Sur\u00a0une\u00a0distance\u00a0de\u00a01000\u00a0\nm\u00e8tres\u00a0lin\u00e9aires\u00a0depuis\u00a0150\u00a0m\u00e8tres\u00a0en\u00a0aval\u00a0en\u00a0aval\u00a0du\u00a0confluent\u00a0du\u00a0Ru\u00a0de\u00a0\nCreux,\u00a0jusqu'\u00e0\u00a0210\u00a0m\u00e8tres\u00a0\u00e0\u00a0l'aval\u00a0de\u00a0la\u00a0limite\u00a0communale\u00a0entre\u00a0Lamargelle\u00a0\net\u00a0Fr\u00e9nois\u00a0;\n\u2022 L'Ignon\u00a0\u00e0\u00a0MOLOY\u00a0\u2013\u00a0AAPPMA\u00a0de\u00a0Tarsul\u00a0\u2013\u00a0Sur\u00a0une\u00a0distance\u00a0de\u00a03500\u00a0m\u00e8tres\u00a0\nlin\u00e9aires\u00a0depuis\u00a0la\u00a0limite\u00a0communale\u00a0entre\u00a0Frenois\u00a0et\u00a0Moloy\u00a0jusqu'au\u00a0Clos\u00a0\nNeuf,\u00a0entre\u00a0l'\u00e9tang\u00a0et\u00a0le\u00a0parc\u00a0Gouget,\u00a0sur\u00a0la\u00a0commune\u00a0de\u00a0Moloy\u00a0;\n\u2022 L'Ignon\u00a0\u00e0\u00a0COURTIVRON\u00a0et\u00a0TARSUL\u00a0-\u00a0AAPPMA\u00a0de\u00a0Tarsul\u00a0\u2013\u00a0Sur\u00a0une\u00a0distance\u00a0\nde\u00a04200\u00a0m\u00e8tres\u00a0lin\u00e9aires\u00a0limite\u00a0amont\u00a0au\u00a0droit\u00a0de\u00a0la\u00a0station\u00a0de\u00a0pompage\u00a0\u00e0\u00a0\nl'aval\u00a0de\u00a0Courtivron\u00a0jusqu'\u00e0\u00a0la\u00a0pessi\u00e8re\u00a0exploit\u00e9e\u00a0situ\u00e9e\u00a0\u00e0\u00a0100\u00a0m\u00e8tres\u00a0sous\u00a0la\u00a0\nconfluence\u00a0avec\u00a0le\u00a0foss\u00e9\u00a0de\u00a0Vaud\u00eeme\u00a0\u00e0\u00a0Tarsul\u00a0;\n\u2022 Le\u00a0Rhoin,\u00a0\u00e0\u00a0BOUILLAND\u00a0\u2013\u00a0AAPPMA\u00a0de\u00a0Bouilland\u00a0\u2013\u00a0Lieu-dit\u00a0\u00ab\u00a0Le\u00a0Pr\u00e9\u00a0aux\u00a0\nDames\u00a0\u00bb,\u00a0depuis\u00a0400\u00a0ml\u00a0en\u00a0aval\u00a0des\u00a0sources\u00a0du\u00a0Rhoin\u00a0jusqu'au\u00a0droit\u00a0de\u00a0la\u00a0\n9\nDirection d\u00e9partementale des territoires de la C\u00f4te-d'Or - 21-2025-12-18-00002 - Arr\u00eat\u00e9 pr\u00e9fectoral n\u00b0 1839 du 18 d\u00e9cembre 2025\nrelatif \u00e0 l'exercice de la p\u00eache dans le d\u00e9partement de la C\u00f4te-d'Or pour l'ann\u00e9e 2026 31\npetite\u00a0voie\u00a0communale\u00a0empierr\u00e9es,\u00a0sur\u00a0une\u00a0distance\u00a0de\u00a0350\u00a0m\u00e8tres\u00a0\nlin\u00e9aires\u00a0;\n\u2022 Le\u00a0Rhoin,\u00a0\u00e0\u00a0BOUILLAND\u00a0\u2013\u00a0AAPPMA\u00a0de\u00a0Bouilland\u00a0-\u00a0le\u00a0Rhoin\u00a0compris\u00a0entre\u00a0le\u00a0\ncarrefour\u00a0de\u00a0la\u00a0route\u00a0de\u00a0Beaune\u00a0et\u00a0la\u00a0rue\u00a0de\u00a0l'Eglise\u00a0(zone\u00a0du\u00a0pont\u00a0devant\u00a0le\u00a0\nrestaurant\u00a0de\u00a0l'Auberge\u00a0Saint\u00a0Martin)\u00a0et\u00a0le\u00a0carrefour\u00a0de\u00a0la\u00a0route\u00a0de\u00a0Beaune\u00a0\net\u00a0la\u00a0rue\u00a0de\u00a0la\u00a0Forge\u00a0(zone\u00a0du\u00a0pont\u00a0de\u00a0l'ancien\u00a0h\u00f4tel\u00a0du\u00a0Vieux\u00a0Moulin),\u00a0sur\u00a0\nune\u00a0distance\u00a0lin\u00e9aire\u00a0de\u00a0150\u00a0m\u00e8tres\u00a0;\n\u2022 Le\u00a0Rhoin\u00a0\u00e0\u00a0BOUILLAND\u00a0-\u00a0AAPPMA\u00a0de\u00a0Bouilland\u00a0-\u00a0lieu-dit\u00a0\u00ab\u00a0Le\u00a0Serbet\u00a0\u00bb,\u00a0\ndepuis\u00a0le\u00a0premier\u00a0pr\u00e9\u00a0\u00e0\u00a0l'aval\u00a0des\u00a0derniers\u00a0jardins\u00a0attenant\u00a0aux\u00a0habitations\u00a0\nde\u00a0Bouilland\u00a0jusqu'au\u00a0dernier\u00a0pr\u00e9\u00a0situ\u00e9\u00a0\u00e0\u00a0l'amont\u00a0imm\u00e9diat\u00a0du\u00a0Hameau\u00a0de\u00a0la\u00a0\nForge,\u00a0sur\u00a0une\u00a0distance\u00a0de\u00a0440\u00a0ml\u00a0;\n\u2022 le\u00a0Rhoin\u00a0\u00e0\u00a0BOUILLAND\u00a0-\u00a0AAPPMA\u00a0de\u00a0Bouilland\u00a0-\u00a0depuis\u00a0le\u00a0premier\u00a0pr\u00e9\u00a0\u00e0\u00a0\nl'aval\u00a0des\u00a0derniers\u00a0jardins\u00a0attenant\u00a0aux\u00a0habitations\u00a0de\u00a0Bouilland\u00a0au\u00a0lieu-dit\u00a0\n\"la\u00a0Forge\"\u00a0jusqu'\u00e0\u00a0la\u00a0fin\u00a0du\u00a0parcours\u00a0de\u00a0la\u00a0soci\u00e9t\u00e9\u00a0de\u00a0p\u00eache\u00a0de\u00a0Bouilland\u00a0qui\u00a0\ns'arr\u00eate\u00a0\u00e0\u00a0100m\u00a0en\u00a0amont\u00a0du\u00a0parcours\u00a0de\u00a0p\u00eache\u00a0priv\u00e9\u00a0de\u00a0Savigny\u00a0les\u00a0\nBeaune,\u00a0sur\u00a0une\u00a0distance\u00a0d'environ\u00a02000\u00a0m\u00e8tres\u00a0;\n\u2022 Le\u00a0Rabutin\u00a0\u00e0\u00a0BUSSY-LE\u00a0GRAND\u00a0et\u00a0GRESIGNY-SAINTE-REINE,\u00a0sur\u00a0la\u00a0totalit\u00e9\u00a0\nde\u00a0son\u00a0cours\u00a0;\n\u2022 L'Oze\u00a0\u00e0\u00a0BUSSY-LE\u00a0GRAND,\u00a0GRESIGNY-SAINTE-REINE,\u00a0MENETREEUX-LE-PITOIS\u00a0et\u00a0\nVENAREY-LES-LAUMES,\u00a0\u00a0du\u00a0pont\u00a0des\u00a0Romains\u00a0de\u00a0Ravouze\u00a0sur\u00a0la\u00a0commune\u00a0de\u00a0\nGr\u00e9signy-Sainte-Reine,\u00a0\u00e0\u00a0sa\u00a0confluence\u00a0avec\u00a0la\u00a0Brenne.\nParcours \"p\u00eacher-rel\u00e2cher\" carnassiers toutes techniques confondues\nSur\u00a0le\u00a0parcours\u00a0suivant,\u00a0la\u00a0p\u00eache\u00a0des\u00a0carnassiers\u00a0ne\u00a0peut\u00a0\u00eatre\u00a0pratiqu\u00e9e\u00a0qu'en\u00a0\"p\u00eacher-\nrel\u00e2cher\",\u00a0toutes\u00a0techniques\u00a0confondues\u00a0sans\u00a0ardillon.\n\u2022 Plans\u00a0d'eau\u00a0\u00ab\u00a0Etangs\u00a0d'Or\u00a0\u00bb\u00a0\u00e0\u00a0TAILLY\u00a0-\u00a0\u00a0La\u00a0Truite\u00a0Beaunoise\u00a0\u2013\u00a0Plans\u00a0d'eau\u00a0G1\u00a0\n(\u00e9tang\u00a0sauvage)\u00a0et\u00a0G3\u00a0(\u00e9tang\u00a0des\u00a0phragmites),\u00a0et\u00a0G15\u00a0(la\u00a0presqu'\u00eele\u00a0aux\u00a0\noiseaux)\u00a0;\n\u2022 La\u00a0Sa\u00f4ne\u00a0\u00e0\u00a0FLAMMERANS\u00a0-\u00a0La\u00a0Gaule\u00a0Auxonnaise\u00a0\u2013\u00a0Canal\u00a0de\u00a0d\u00e9rivation\u00a0de\u00a0la\u00a0\nSa\u00f4ne,\u00a0lot\u00a0n\u00b013\u00a0dans\u00a0sa\u00a0totalit\u00e9,\u00a0de\u00a0la\u00a0porte\u00a0de\u00a0garde\u00a0\u00e0\u00a0l'\u00e9cluse\u00a0de\u00a0Poncey\u00a0;\n\u2022 Canal\u00a0de\u00a0Bourgogne\u00a0\u00e0\u00a0VENAREY-LES-LAUMES\u00a0-\u00a0Amicale\u00a0des\u00a0P\u00eacheurs\u00a0\u00e0\u00a0la\u00a0\nligne\u00a0de\u00a0Venarey\u00a0\u2013\u00a0\u00a0Lot\u00a0n\u00b0\u00a055\u00a0-\u00a0bief\u00a0du\u00a0port\u00a0du\u00a0canal\u00a0\u00e0\u00a0Venarey\u00a0(56\u00a0Y)\u00a0;\n\u2022 Canal\u00a0de\u00a0Bourgogne\u00a0\u00e0\u00a0MUSSY-LA-FOSSE\u00a0et\u00a0POUILLENAY\u00a0-\u00a0Amicale\u00a0des\u00a0\nP\u00eacheurs\u00a0\u00e0\u00a0la\u00a0ligne\u00a0de\u00a0Venarey\u00a0\u2013\u00a0Lot\u00a0n\u00b0\u00a055\u00a0-\u00a0bief\u00a0dit\u00a0\u00ab\u00a0les\u00a0cerisiers\u00a0\u00bb\u00a0\u00a0(52\u00a0Y)\u00a0;\n\u2022 Canal\u00a0de\u00a0Bourgogne\u00a0\u00e0\u00a0MONTBARD\u00a0\u2013\u00a0L'Azerotte\u00a0de\u00a0Montbard\u00a0\u2013\u00a0lot\u00a0n\u00b049\u00a0\u2013\u00a0de\u00a0\nl'\u00e9cluse\u00a064\u00a0Y\u00a0\u00e0\u00a0l'\u00e9cluse\u00a065\u00a0Y\u00a0(environ\u00a00,7\u00a0km)\u00a0;\n\u2022 Canal\u00a0de\u00a0Bourgogne\u00a0\u00e0 \u00a0AUBAINE,\u00a0COLOMBIER,\u00a0CRUGEY,\u00a0THOREY-SUR-\nOUCHE-\u00a0Salmo\u00a0Club\u2013\u00a0lot\u00a0n\u00b074p2,\u00a0biefs\u00a0compris\u00a0entre\u00a0les\u00a0\u00e9cluses\u00a019S\u00a0et\u00a020S\u00a0;\n10\nDirection d\u00e9partementale des territoires de la C\u00f4te-d'Or - 21-2025-12-18-00002 - Arr\u00eat\u00e9 pr\u00e9fectoral n\u00b0 1839 du 18 d\u00e9cembre 2025\nrelatif \u00e0 l'exercice de la p\u00eache dans le d\u00e9partement de la C\u00f4te-d'Or pour l'ann\u00e9e 2026 32\n\u2022 La\u00a0Sa\u00f4ne,\u00a0\u00e0\u00a0MAXILLY-SUR-SA\u00d4NE\u00a0ET\u00a0HEUILLEY-SUR-SA\u00d4NE\u00a0\u2013\u00a0La\u00a0Gaule\u00a0\nd'Heuilley-sur-Sa\u00f4ne\u00a0\u2013\u00a0D\u00e9rivation\u00a0d'Heuilley,\u00a0lot\u00a0n\u00b0\u00a05,\u00a0entre\u00a0la\u00a0porte\u00a0de\u00a0garde\u00a0\net\u00a0l'\u00e9cluse\u00a0d'Heuilley\u00a0;\n\u2022 Sabli\u00e8re\u00a0f\u00e9d\u00e9rale\u00a0n\u00b06\u00a0de\u00a0BRESSEY\u00a0SUR\u00a0TILLE\u00a0\u2013\u00a0F\u00e9d\u00e9ration\u00a0d\u00e9partementale\u00a0\npour\u00a0la\u00a0p\u00eache\u00a0et\u00a0la\u00a0protection\u00a0du\u00a0milieu\u00a0aquatique.\u00a0Bassin\u00a0proche\u00a0de\u00a0la\u00a0\nroute\u00a0reliant\u00a0Couternon\u00a0\u00e0\u00a0Bressey-sur-Tille.\u00a011\u00a0hectares\u00a0;\n\u2022 Plan\u00a0d'eau\u00a0du\u00a0\u00ab\u00a0Nid\u00a0\u00e0\u00a0la\u00a0Caille\u00a0\u00bb\u00a0\u00e0\u00a0VENAREY\u00a0LES\u00a0LAUMES\u00a0\u2013\u00a0Amicale\u00a0de\u00a0\nVenarey\u00a0\u2013\u00a0Ensemble\u00a0du\u00a0site\u00a0;\n\u2022 L'Arman\u00e7on\u00a0\u00e0\u00a0MONTIGNY\u00a0SUR\u00a0ARMAN\u00c7ON\u00a0\u2013\u00a0Amicale\u00a0de\u00a0Semur\u00a0en\u00a0Auxois\u00a0\n-\u00a0Depuis\u00a0le\u00a0pont\u00a0de\u00a0la\u00a0D10\u00a0jusqu'\u00e0\u00a010\u00a0m\u00e8tres\u00a0en\u00a0amont\u00a0de\u00a0la\u00a0passerelle\u00a0\nfranchissant\u00a0l'Arman\u00e7on\u00a0en\u00a0amont\u00a0du\u00a0lac\u00a0de\u00a0Pont\u00a0(au\u00a0droit\u00a0du\u00a01er\u00a0pr\u00e9\u00a0en\u00a0\nrive\u00a0gauche\u00a0parcelle\u00a0D99)\u00a0(800m).\n\u2022 Sabli\u00e8re\u00a0de\u00a0Genlis\u00a0\u00e0\u00a0GENLIS\u00a0\u2013\u00a0AAPPMA\u00a0Tille\u00a0et\u00a0Norges\u00a0de\u00a0Genlis\u00a0\u2013\u00a0Ensemble\u00a0\ndu\u00a0site\u00a0;\nParcours \"p\u00eacher-rel\u00e2cher\" black bass\nSur\u00a0le\u00a0parcours\u00a0suivant,\u00a0la\u00a0p\u00eache\u00a0du\u00a0black-bass\u00a0ne\u00a0peut\u00a0\u00eatre\u00a0pratiqu\u00e9e\u00a0qu'en\u00a0\"p\u00eacher-\nrel\u00e2cher\"\u00a0:\n\u2022 Canal\u00a0entre\u00a0Champagne\u00a0et\u00a0Bourgogne,\u00a0\u00e0\u00a0La\u00a0VILLENEUVE-SUR-VINGEANNE,\u00a0\nPOUILLY-SUR-VINGEANNE\u00a0 et \u00a0 SAINT-SEINE-SUR-VINGEANNE,\u00a0 entre \u00a0 les\u00a0\n\u00e9cluses\u00a027\u00a0(La\u00a0Villeneuve)\u00a0et\u00a029\u00a0(Saint-Seine)\u00a0\u2013\u00a0(Lots\u00a0n\u00b0\u00a096\u00a0et\u00a097,\u00a0biefs\u00a0n\u00b0\u00a028\u00a0et\u00a0\n29)\u00a0;\n\u2022 Barrage-r\u00e9servoir\u00a0de\u00a0GROSBOIS-EN-MONTAGNE\u00a0\u2013\u00a0AAPPMA\u00a0de\u00a0Grosbois-en-\nMontagne.\u00a0Sur\u00a0la\u00a0totalit\u00e9\u00a0du\u00a0bassin\u00a0G2\u00a0;\n\u2022 Canal \u00a0 de \u00a0 Bourgogne \u00a0 \u00e0 \u00a0 COURCELLES-LES-MONTBARD, \u00a0 NOGENT-LES-\nMONTBARD,\u00a0MONTBARD\u00a0et\u00a0SAIN-REMY\u00a0\u2013\u00a0AAPPMA\u00a0l'Azerotte\u00a0de\u00a0Montbard\u00a0\n\u2013\u00a0Du\u00a0lot\u00a0n\u00b047\u00a0au\u00a0lot\u00a0n\u00b051,\u00a0de\u00a0l'\u00e9cluse\u00a061\u00a0Y\u00a0\u00e0\u00a0l'\u00e9cluse\u00a067\u00a0Y,\u00a0sur\u00a0une\u00a0distance\u00a0de\u00a0\n9000\u00a0m\u00a0;\n\u2022 Canal\u00a0de\u00a0Bourgogne\u00a0\u00e0\u00a0BRAZEY-EN-PLAINE\u00a0et\u00a0SAINT-USAGE\u00a0\u2013\u00a0AAPPMA\u00a0\nGaule\u00a0de\u00a0la\u00a0Belle\u00a0D\u00e9fense\u00a0\u2013\u00a0Bief\u00a076S,\u00a0compris\u00a0entre\u00a0les\u00a0\u00e9cluses\u00a075S\u00a0et\u00a076S\u00a0;\n\u2022 Lac\u00a0de\u00a0Gigny\u00a0\u00e0\u00a0Beaune\u00a0\u2013\u00a0AAPPMA\u00a0la\u00a0Truite\u00a0Beaunoise\u00a0\u2013\u00a0Sur\u00a0l'ensemble\u00a0du\u00a0\nsite\u00a0;\n\u2022 La\u00a0Sa\u00f4ne\u00a0\u00e0\u00a0SAINT\u00a0USAGE,\u00a0LOSNE,\u00a0PAGNY\u00a0LE\u00a0CH\u00c2TEAU\u00a0\u2013\u00a0AAPPMA\u00a0La\u00a0Gaule\u00a0\nde\u00a0la\u00a0Belle\u00a0D\u00e9fense\u00a0-\u00a0Lot\u00a0N\u00b025\u00a0en\u00a0partie\u00a0:\u00a0boucle\u00a0de\u00a0Chaugey\u00a0dans\u00a0son\u00a0\nint\u00e9gralit\u00e9.\n11\nDirection d\u00e9partementale des territoires de la C\u00f4te-d'Or - 21-2025-12-18-00002 - Arr\u00eat\u00e9 pr\u00e9fectoral n\u00b0 1839 du 18 d\u00e9cembre 2025\nrelatif \u00e0 l'exercice de la p\u00eache dans le d\u00e9partement de la C\u00f4te-d'Or pour l'ann\u00e9e 2026 33\nParcours \"p\u00eacher-rel\u00e2cher\" carpes\nSur\u00a0les\u00a0parcours\u00a0suivants,\u00a0la\u00a0p\u00eache\u00a0de\u00a0la\u00a0carpe\u00a0ne\u00a0peut\u00a0\u00eatre\u00a0pratiqu\u00e9e\u00a0qu'en\u00a0\"p\u00eacher-\nrel\u00e2cher\"\u00a0:\n\u2022 Plan\u00a0d'eau\u00a0de\u00a0MERCEUIL\u00a0\u2013\u00a0La\u00a0Truite\u00a0Beaunoise\u00a0\u2013\u00a0Plan\u00a0d'eau\u00a0G15\u00a0et\u00a0G16\u00a0;\n\u2022 Plans\u00a0d'eau\u00a0de\u00a0TAILLY\u00a0\u2013\u00a0La\u00a0Truite\u00a0Beaunoise\u00a0\u2013\u00a0Plan\u00a0d'eau\u00a0G1\u00a0(\u00e9tang\u00a0sauvage)\u00a0;\n\u2022 Lac\u00a0de\u00a0Gigny\u00a0-\u00a0La\u00a0Truite\u00a0Beaunoise\u00a0\u2013\u00a0Sur\u00a0l'ensemble\u00a0du\u00a0site\u00a0;\n\u2022 Plan\u00a0d'eau\u00a0du\u00a0\u00ab\u00a0Nid\u00a0\u00e0\u00a0la\u00a0Caille\u00a0\u00bb\u00a0\u00e0\u00a0VENAREY\u00a0LES\u00a0LAUMES\u00a0\u2013\u00a0Amicale\u00a0de\u00a0\nVenarey\u00a0\u2013\u00a0Ensemble\u00a0du\u00a0site.\u00a01.5\u00a0hectares.\n\u2022 L'ensemble\u00a0des\u00a0parcours\u00a0o\u00f9\u00a0la\u00a0p\u00eache\u00a0aux\u00a0lignes\u00a0de\u00a0la\u00a0carpe\u00a0peut\u00a0\u00eatre\u00a0\npratiqu\u00e9e\u00a0de\u00a0nuit\u00a0conform\u00e9ment\u00a0\u00e0\u00a0l'arr\u00eat\u00e9\u00a0pr\u00e9fectoral\u00a0en\u00a0vigueur\u00a0relatif\u00a0\u00e0\u00a0\nl'exercice\u00a0de\u00a0la\u00a0p\u00eache\u00a0aux\u00a0lignes\u00a0de\u00a0la\u00a0carpe\u00a0de\u00a0nuit\u00a0dans\u00a0le\u00a0d\u00e9partement\u00a0de\u00a0\nla\u00a0C\u00f4te-d'Or\u00a0;\nParcours \"p\u00eacher-rel\u00e2cher\" carpes \u00e0 vocation \u00ab carpodrome \u00bb\nSur\u00a0les\u00a0parcours\u00a0suivants,\u00a0la\u00a0p\u00eache\u00a0de\u00a0la\u00a0carpe\u00a0ne\u00a0peut\u00a0\u00eatre\u00a0pratiqu\u00e9e\u00a0qu'en\u00a0\"p\u00eacher-\nrel\u00e2cher\",\u00a0les\u00a0poissons\u00a0pouvant\u00a0\u00eatre\u00a0stock\u00e9s\u00a0momentan\u00e9ment,\u00a0de\u00a0jour\u00a0uniquement,\u00a0en\u00a0\nbourriche\u00a0anglaise\u00a0suivant\u00a0les\u00a0dispositions\u00a0du\u00a0dernier\u00a0alin\u00e9a\u00a0de\u00a0l'article\u00a05.\n\u2022 Canal\u00a0de\u00a0Bourgogne\u00a0\u00e0\u00a0ROUVRES-EN-PLAINE,\u00a0BRETENNIERE,\u00a0THOREY-EN-\nPLAINE\u00a0-\u00a0Union\u00a0Dijonnaise\u00a0des\u00a0Fervents\u00a0P\u00eacheurs\u00a0\u2013\u00a0Lots\u00a0n\u00b0\u00a096P2\u00a0et\u00a097\u00a0\u2013\u00a0Biefs\u00a0\ncompris\u00a0entre\u00a0les\u00a0\u00e9cluses\u00a064\u00a0S\u00a0et\u00a066\u00a0S\u00a0;\n\u2022 Canal\u00a0de\u00a0Bourgogne\u00a0\u00e0\u00a0THOISY-LE-DESERT\u00a0\u2013\u00a0l'AAPPMA\u00a0de\u00a0Pouilly-en-Auxois\u00a0\u2013\nLot\u00a0n\u00b0\u00a068\u00a0-\u00a0Bief\u00a0compris\u00a0entre\u00a0les\u00a0\u00e9cluses\u00a04\u00a0Y\u00a0et\u00a05\u00a0Y\u00a0;\n\u2022 Canal\u00a0de\u00a0Bourgogne\u00a0\u00e0\u00a0VANDENESSE-EN-AUXOIS\u00a0\u2013\u00a0La\u00a0Vandenesse\u00a0-\u00a0\u00a0Lot\u00a0n\u00b0\u00a0\n70\u00a0\u2013\u00a0Biefs\u00a0compris\u00a0entre\u00a0les\u00a0\u00e9cluses\u00a06\u00a0S\u00a0et\u00a09\u00a0S\u00a0;\n\u2022 Canal\u00a0de\u00a0Bourgogne\u00a0\u00e0\u00a0VELARS\u00a0SUR\u00a0OUCHE\u00a0\u2013\u00a0AAPPMA\u00a0de\u00a0Velars\u00a0sur\u00a0Ouche\u00a0\n\u2013\u00a0Bief\u00a046S,\u00a0compris\u00a0entre\u00a0les\u00a0\u00e9cluses\u00a045S\u00a0et\u00a046S.\nArticle 10 -  Date de validit\u00e9\nLe\u00a0pr\u00e9sent\u00a0arr\u00eat\u00e9\u00a0prendra\u00a0effet\u00a0au\u00a01er\u00a0janvier\u00a02026.\nL'arr\u00eat\u00e9\u00a0pr\u00e9fectoral\u00a0n\u00b01890\u00a0du\u00a019\u00a0d\u00e9cembre\u00a02024\u00a0relatif\u00a0\u00e0\u00a0l'exercice\u00a0de\u00a0la\u00a0p\u00eache\u00a0dans\u00a0le\u00a0\nd\u00e9partement\u00a0de\u00a0la\u00a0C\u00f4te-d'Or\u00a0en\u00a02025\u00a0est\u00a0abrog\u00e9.\n12\nDirection d\u00e9partementale des territoires de la C\u00f4te-d'Or - 21-2025-12-18-00002 - Arr\u00eat\u00e9 pr\u00e9fectoral n\u00b0 1839 du 18 d\u00e9cembre 2025\nrelatif \u00e0 l'exercice de la p\u00eache dans le d\u00e9partement de la C\u00f4te-d'Or pour l'ann\u00e9e 2026 34\nArticle 11 - Ex\u00e9cution\nLa\u00a0directrice\u00a0d\u00e9partementale\u00a0des\u00a0territoires\u00a0de\u00a0la\u00a0C\u00f4te-d'Or,\u00a0les\u00a0maires,\u00a0le\u00a0commandant\u00a0du\u00a0\ngroupement\u00a0de\u00a0gendarmerie\u00a0de\u00a0la\u00a0C\u00f4te-d'Or,\u00a0le\u00a0directeur\u00a0d\u00e9partemental\u00a0de\u00a0la\u00a0s\u00e9curit\u00e9\u00a0\npublique,\u00a0les\u00a0agents\u00a0de\u00a0l'office\u00a0fran\u00e7ais\u00a0de\u00a0la\u00a0biodiversit\u00e9\u00a0et\u00a0tous\u00a0les\u00a0agents\u00a0asserment\u00e9s\u00a0au\u00a0\ntitre\u00a0de\u00a0la\u00a0police\u00a0de\u00a0la\u00a0p\u00eache,\u00a0sont\u00a0charg\u00e9s\u00a0chacun\u00a0en\u00a0ce\u00a0qui\u00a0le\u00a0concerne,\u00a0de\u00a0l'ex\u00e9cution\u00a0du\u00a0\npr\u00e9sent\u00a0arr\u00eat\u00e9\u00a0qui\u00a0sera\u00a0ins\u00e9r\u00e9\u00a0au\u00a0recueil\u00a0des\u00a0actes\u00a0administratifs\u00a0de\u00a0la\u00a0pr\u00e9fecture\u00a0de\u00a0la\u00a0\nC\u00f4te-d'Or.\u00a0\nFait\u00a0\u00e0\u00a0Dijon,\u00a0le\u00a018\u00a0d\u00e9cembre\u00a02025\nPour\u00a0le\u00a0pr\u00e9fet\u00a0et\u00a0par\u00a0d\u00e9l\u00e9gation,\nPour\u00a0la\u00a0directrice\u00a0d\u00e9partementale\u00a0des\u00a0territoires\nLa\u00a0responsable\u00a0du\u00a0bureau\u00a0pr\u00e9servation\u00a0de\u00a0la\u00a0qualit\u00e9\nde\u00a0l'eau\u00a0et\u00a0des\u00a0milieux\u00a0aquatiques\nSign\u00e9\nPauline\u00a0SOUCHE-SUCHOVSKY\nVoies et d\u00e9lais de recours\nLe pr\u00e9sent arr\u00eat\u00e9 peut faire l'objet soit d'un recours gracieux aupr\u00e8s du pr\u00e9fet, soit d'un  \nrecours contentieux devant le tribunal administratif de Dijon (22 rue d'Assas \u2013BP 61916-  \n21016 Dijon Cedex) dans un d\u00e9lai maximum de 2 mois \u00e0 compter de la date de publication  \nau  recueil  des  actes  administratifs.  Le  tribunal  administratif  peut  \u00eatre  saisi  par  un \nrecours d\u00e9pos\u00e9 via l'application T\u00e9l\u00e9recours citoyens accessible par le site internet  \nwww.telerecours.fr.\n13\nDirection d\u00e9partementale des territoires de la C\u00f4te-d'Or - 21-2025-12-18-00002 - Arr\u00eat\u00e9 pr\u00e9fectoral n\u00b0 1839 du 18 d\u00e9cembre 2025\nrelatif \u00e0 l'exercice de la p\u00eache dans le d\u00e9partement de la C\u00f4te-d'Or pour l'ann\u00e9e 2026 35\nDirection d\u00e9partementale des territoires de la\nC\u00f4te-d'Or\nService de l'eau et des risques\n21-2025-12-18-00004\nArr\u00eat\u00e9 pr\u00e9fectoral n\u00b0 1841 du 18 d\u00e9cembre 2025\nmodifiant l'arr\u00eat\u00e9 pr\u00e9fectoral n\u00b0 11265 du 23\nd\u00e9cembre 2021\nportant institution de la mise en r\u00e9serve\nquinquennale de cours d'eau, sections de cours\nd'eau ou plans d'eau dans le d\u00e9partement de la\nC\u00f4te d'Or pour les ann\u00e9es 2022-2027\nDirection d\u00e9partementale des territoires de la C\u00f4te-d'Or - 21-2025-12-18-00004 - Arr\u00eat\u00e9 pr\u00e9fectoral n\u00b0 1841 du 18 d\u00e9cembre 2025\nmodifiant l'arr\u00eat\u00e9 pr\u00e9fectoral n\u00b0 11265 du 23 d\u00e9cembre 2021\nportant institution de la mise en r\u00e9serve quinquennale de cours d'eau, sections de cours d'eau ou plans d'eau dans le d\u00e9partement de\nla C\u00f4te d'Or pour les ann\u00e9es 2022-2027\n36\nzsPREFETDELACOTE-D'ORLibert\u00e9Egalit\u00e9Fraternit\u00e9\nDirection d\u00e9partementale des territoires\nde la C\u00f4te-d'Or\nService de l'eau et des risques\nBureau pr\u00e9servation de la qualit\u00e9 de l'eau et \ndes milieux aquatiques\nm\u00e9l\u00a0:\u00a0ddt-ser-ope@cote-dor.gouv.fr\nArr\u00eat\u00e9 pr\u00e9fectoral n\u00b0 1841 du 18 d\u00e9cembre 2025\nmodifiant\u00a0l'arr\u00eat\u00e9 pr\u00e9fectoral n\u00b0 11265 du 23 d\u00e9cembre 2021\nportant\u00a0institution\u00a0de\u00a0la\u00a0mise\u00a0en\u00a0r\u00e9serve\u00a0quinquennale\u00a0de\u00a0cours\u00a0d'eau,\u00a0sections\u00a0de\u00a0cours\u00a0\nd'eau\u00a0ou\u00a0plans\u00a0d'eau\u00a0dans\u00a0le\u00a0d\u00e9partement\u00a0de\u00a0la\u00a0C\u00f4te\u00a0d'Or\u00a0pour\u00a0les\u00a0ann\u00e9es\u00a02022-2027\nLe\u00a0pr\u00e9fet\u00a0de\u00a0la\u00a0C\u00f4te-d'Or\nVU\u00a0le\u00a0code\u00a0de\u00a0l'environnement,\u00a0et\u00a0notamment\u00a0ses\u00a0articles\u00a0L.436-12,\u00a0R.436-69,\u00a0R.436-73\u00a0et\u00a0\nR.436-74\u00a0;\nVU\u00a0les\u00a0avis\u00a0\u00e9mis\u00a0du\u00a0groupe\u00a0technique\u00a0de\u00a0travail\u00a0d\u00e9partemental\u00a0consultatif\u00a0de\u00a0la\u00a0p\u00eache\u00a0\n(DDT, OFB, FDPPMA, Association D\u00e9partementale Agr\u00e9\u00e9e des P\u00eacheurs Amateurs aux Engins  \net  Filets  -ADAPAEF-,  Association  inter-d\u00e9partementale  des  P\u00eacheurs  Professionnels  de  la \nSa\u00f4ne, du Doubs et du Haut-Rh\u00f4ne, VNF)\u00a0;\nVU\u00a0la\u00a0demande\u00a0du\u00a06\u00a0octobre\u00a02025\u00a0de\u00a0la\u00a0F\u00e9d\u00e9ration\u00a0de\u00a0C\u00f4te-d'Or\u00a0pour\u00a0la\u00a0P\u00eache\u00a0et\u00a0la\u00a0\nProtection\u00a0du\u00a0Milieu\u00a0Aquatique\u00a0;\nVU\u00a0l'avis\u00a0r\u00e9put\u00e9\u00a0favorable\u00a0de\u00a0l'Office\u00a0Fran\u00e7ais\u00a0de\u00a0la\u00a0Biodiversit\u00e9\u00a0;\nVU  l'avis \u00a0 r\u00e9put\u00e9 \u00a0 favorable \u00a0 de \u00a0 l'association \u00a0 interd\u00e9partementale \u00a0 des \u00a0 p\u00eacheurs\u00a0\nprofessionnels\u00a0de\u00a0la\u00a0Sa\u00f4ne,\u00a0du\u00a0Haut-Rh\u00f4ne\u00a0et\u00a0de\u00a0Franche-Comt\u00e9\u00a0;\nVU\u00a0l'avis\u00a0r\u00e9put\u00e9\u00a0favorable\u00a0de\u00a0Voies\u00a0navigables\u00a0de\u00a0France\u00a0;\nVU\u00a0la\u00a0consultation\u00a0du\u00a0public\u00a0sur\u00a0le\u00a0projet\u00a0d'arr\u00eat\u00e9\u00a0qui\u00a0s'est\u00a0d\u00e9roul\u00e9e\u00a0du\u00a014\u00a0novembre\u00a0au\u00a007\u00a0\nd\u00e9cembre\u00a02025\u00a0en\u00a0application\u00a0de\u00a0l'article\u00a0L\u00a0123-19-1\u00a0du\u00a0code\u00a0de\u00a0l'environnement\u00a0;\nVU\u00a0les\u00a0arr\u00eat\u00e9s\u00a0n\u00b0\u00a0507/SG\u00a0du\u00a028\u00a0mars\u00a02025\u00a0donnant\u00a0d\u00e9l\u00e9gation\u00a0de\u00a0signature\u00a0\u00e0\u00a0Madame\u00a0\nManuelle\u00a0DUPUY,\u00a0directrice\u00a0d\u00e9partementale\u00a0des\u00a0territoires\u00a0et\u00a0n\u00b0\u00a01333\u00a0du\u00a028\u00a0ao\u00fbt\u00a02025\u00a0\n1\nDirection d\u00e9partementale des territoires de la C\u00f4te-d'Or - 21-2025-12-18-00004 - Arr\u00eat\u00e9 pr\u00e9fectoral n\u00b0 1841 du 18 d\u00e9cembre 2025\nmodifiant l'arr\u00eat\u00e9 pr\u00e9fectoral n\u00b0 11265 du 23 d\u00e9cembre 2021\nportant institution de la mise en r\u00e9serve quinquennale de cours d'eau, sections de cours d'eau ou plans d'eau dans le d\u00e9partement de\nla C\u00f4te d'Or pour les ann\u00e9es 2022-2027\n37\nportant\u00a0subd\u00e9l\u00e9gation\u00a0de\u00a0signature\u00a0aux\u00a0agents\u00a0de\u00a0la\u00a0direction\u00a0d\u00e9partementale\u00a0des\u00a0\nterritoires\u00a0;\nCONSID\u00c9RANT\u00a0que\u00a0pour\u00a0favoriser\u00a0la\u00a0protection\u00a0et\u00a0la\u00a0reproduction\u00a0du\u00a0poisson,\u00a0le\u00a0pr\u00e9fet\u00a0\npeut\u00a0instituer\u00a0des\u00a0r\u00e9serves\u00a0de\u00a0p\u00eache\u00a0pour\u00a0une\u00a0dur\u00e9e\u00a0pouvant\u00a0aller\u00a0jusqu'\u00e0\u00a05\u00a0ann\u00e9es\u00a0\ncons\u00e9cutives\u00a0;\nCONSID\u00c9RANT\u00a0les\u00a0caract\u00e9ristiques\u00a0particuli\u00e8res\u00a0de\u00a0certains\u00a0cours\u00a0d'eau\u00a0ou\u00a0plans\u00a0d'eau\u00a0du\u00a0\nd\u00e9partement\u00a0de\u00a0la\u00a0C\u00f4te-d'Or\u00a0;\nCONSID\u00c9RANT\u00a0qu'il\u00a0convient\u00a0d'adapter\u00a0ou\u00a0de\u00a0renforcer\u00a0les\u00a0mesures\u00a0de\u00a0protection\u00a0sur\u00a0\ncertaines\u00a0sections\u00a0de\u00a0cours\u00a0d'eau\u00a0ou\u00a0plan\u00a0d'eau\u00a0;\nCONSID\u00c9RANT\u00a0la\u00a0fragmentation\u00a0et\u00a0la\u00a0r\u00e9duction\u00a0des\u00a0collections\u00a0d'habitats\u00a0n\u00e9cessaires\u00a0\u00e0\u00a0\nleur\u00a0d\u00e9veloppement\u00a0optimal,\u00a0il\u00a0convient\u00a0de\u00a0contenir\u00a0la\u00a0pression\u00a0de\u00a0p\u00eache\u00a0de\u00a0certaines\u00a0\nesp\u00e8ces\u00a0;\nSUR\u00a0proposition\u00a0de\u00a0la\u00a0directrice\u00a0d\u00e9partementale\u00a0des\u00a0territoires\u00a0de\u00a0la\u00a0C\u00f4te-d'Or\u00a0;\nA R R \u00ca T E\nArticle 1er\nL'arr\u00eat\u00e9\u00a0pr\u00e9fectoral\u00a0n\u00b0\u00a011265\u00a0du\u00a023\u00a0d\u00e9cembre\u00a02021\u00a0portant\u00a0institution\u00a0de\u00a0la\u00a0mise\u00a0en\u00a0r\u00e9serve\u00a0\nquinquennale\u00a0de\u00a0cours\u00a0d'eau,\u00a0sections\u00a0de\u00a0cours\u00a0d'eau\u00a0ou\u00a0plans\u00a0d'eau\u00a0dans\u00a0le\u00a0d\u00e9partement\u00a0\nde\u00a0la\u00a0C\u00f4te\u00a0d'Or\u00a0pour\u00a0les\u00a0ann\u00e9es\u00a02022-2027\u00a0est\u00a0modifi\u00e9\u00a0comme\u00a0suit\u00a0:\nModification de r\u00e9serve\nLa\u00a0R\u00e9serve\u00a0\u00ab\u00a0La\u00a0Laigne\u00a0\u00e0\u00a0Laignes,\u00a0sur\u00a0une\u00a0distance\u00a0de\u00a01200\u00a0ml,\u00a0de\u00a0l'aval\u00a0du\u00a0bassin\u00a0situ\u00e9\u00a0\u00e0\u00a0\nl'aval\u00a0imm\u00e9diat\u00a0de\u00a0la\u00a0r\u00e9surgence\u00a0jusqu'\u00e0\u00a0100\u00a0m\u00a0en\u00a0amont\u00a0de\u00a0la\u00a0station\u00a0d'\u00e9puration\u00a0\u00bb\u00a0est\u00a0\nremplac\u00e9e\u00a0par\u00a0:\u00a0\u00ab\u00a0La\u00a0Laigne\u00a0\u00e0\u00a0Laignes,\u00a0sur\u00a0une\u00a0distance\u00a0de\u00a0600\u00a0ml,\u00a0de\u00a0l'aval\u00a0du\u00a0bassin\u00a0situ\u00e9\u00a0\n\u00e0\u00a0l'aval\u00a0imm\u00e9diat\u00a0de\u00a0la\u00a0r\u00e9surgence\u00a0jusqu'au\u00a0pont\u00a0du\u00a0chemin\u00a0du\u00a0moulin\u00a0neuf\u00a0situ\u00e9\u00a0\u00e0\u00a0l'aval\u00a0de\u00a0\nl'aire\u00a0pour\u00a0camping-car\u00a0\u00bb\u00a0;\nLa\u00a0R\u00e9serve\u00a0\u00ab\u00a0Ruisseau\u00a0de\u00a0Marcenay,\u00a0sur\u00a0une\u00a0distance\u00a0de\u00a03365\u00a0ml\u00a0\u00e0\u00a0Laignes\u00a0et\u00a0Griselles,\u00a0de\u00a0\nl'aval\u00a0imm\u00e9diat\u00a0de\u00a0la\u00a0ferme\u00a0de\u00a0la\u00a0Lev\u00e9e\u00a0jusqu'au\u00a0pont\u00a0de\u00a0Griselles\u00a0(RD953)\u00a0\u00bb\u00a0est\u00a0remplac\u00e9e\u00a0\npar\u00a0:\u00a0\u00ab\u00a0Ruisseau\u00a0de\u00a0Marcenay,\u00a0sur\u00a0une\u00a0distance\u00a0de\u00a05100\u00a0ml\u00a0\u00e0\u00a0Marcenay,\u00a0Laignes\u00a0et\u00a0Griselles,\u00a0\nde\u00a0l'aval\u00a0imm\u00e9diat\u00a0du\u00a0lac\u00a0de\u00a0Marcenay\u00a0jusqu'au\u00a0pont\u00a0de\u00a0Griselles\u00a0(RD953)\u00a0\u00bb\u00a0;\nLe\u00a0tableau\u00a0en\u00a0annexe\u00a0du\u00a0pr\u00e9sent\u00a0arr\u00eat\u00e9\u00a0reprend\u00a0la\u00a0liste\u00a0des\u00a0r\u00e9serves\u00a0quinquennales\u00a0\nconsolid\u00e9e.\n2\nDirection d\u00e9partementale des territoires de la C\u00f4te-d'Or - 21-2025-12-18-00004 - Arr\u00eat\u00e9 pr\u00e9fectoral n\u00b0 1841 du 18 d\u00e9cembre 2025\nmodifiant l'arr\u00eat\u00e9 pr\u00e9fectoral n\u00b0 11265 du 23 d\u00e9cembre 2021\nportant institution de la mise en r\u00e9serve quinquennale de cours d'eau, sections de cours d'eau ou plans d'eau dans le d\u00e9partement de\nla C\u00f4te d'Or pour les ann\u00e9es 2022-2027\n38\nArticle 2     :  \nLes\u00a0r\u00e9serves\u00a0de\u00a0p\u00eache\u00a0doivent\u00a0\u00eatre\u00a0clairement\u00a0indiqu\u00e9es\u00a0sur\u00a0le\u00a0terrain\u00a0par\u00a0l'apposition\u00a0de\u00a0\npancartes,\u00a0compl\u00e9t\u00e9es\u00a0si\u00a0besoin\u00a0de\u00a0bou\u00e9es\u00a0en\u00a0pleine\u00a0eau.\u00a0Ces\u00a0dispositifs\u00a0doivent\u00a0\u00eatre\u00a0\ninstall\u00e9s\u00a0\u00e0\u00a0la\u00a0diligence\u00a0des\u00a0d\u00e9tenteurs\u00a0du\u00a0droit\u00a0de\u00a0p\u00eache,\u00a0au\u00a0moins\u00a0aux\u00a0limites\u00a0amont\u00a0et\u00a0\naval\u00a0des\u00a0sections\u00a0r\u00e9serv\u00e9es\u00a0ainsi\u00a0qu'\u00e0\u00a0tout\u00a0cheminement\u00a0habituel\u00a0des\u00a0p\u00eacheurs\u00a0pour\u00a0\nl'acc\u00e8s\u00a0aux\u00a0r\u00e9serves.\u00a0Des\u00a0pancartes\u00a0de\u00a0rappel\u00a0devront\u00a0par\u00a0ailleurs\u00a0\u00eatre\u00a0pos\u00e9es\u00a0au\u00a0minimum\u00a0\ntous\u00a0les\u00a0200\u00a0m\u00e8tres.\nArticle 3     :  \nLa\u00a0directrice\u00a0d\u00e9partementale\u00a0des\u00a0territoires\u00a0de\u00a0la\u00a0C\u00f4te-d'Or,\u00a0le\u00a0commandant\u00a0du\u00a0\ngroupement\u00a0de\u00a0gendarmerie\u00a0de\u00a0la\u00a0C\u00f4te-d'Or,\u00a0les\u00a0agents\u00a0de\u00a0l'office\u00a0fran\u00e7ais\u00a0pour\u00a0la\u00a0\nbiodiversit\u00e9,\u00a0et\u00a0tous\u00a0les\u00a0agents\u00a0asserment\u00e9s\u00a0au\u00a0titre\u00a0de\u00a0la\u00a0police\u00a0de\u00a0la\u00a0p\u00eache,\u00a0sont\u00a0charg\u00e9s\u00a0\nchacun\u00a0en\u00a0ce\u00a0qui\u00a0le\u00a0concerne,\u00a0de\u00a0l'ex\u00e9cution\u00a0du\u00a0pr\u00e9sent\u00a0arr\u00eat\u00e9\u00a0qui\u00a0sera\u00a0ins\u00e9r\u00e9\u00a0au\u00a0recueil\u00a0\ndes\u00a0actes\u00a0administratifs\u00a0de\u00a0la\u00a0pr\u00e9fecture\u00a0de\u00a0la\u00a0C\u00f4te-d'Or.\u00a0\nFait\u00a0\u00e0\u00a0Dijon,\u00a0le\u00a018\u00a0d\u00e9cembre\u00a02025\nPour\u00a0le\u00a0pr\u00e9fet\u00a0et\u00a0par\u00a0d\u00e9l\u00e9gation,\nPour\u00a0la\u00a0directrice\u00a0d\u00e9partementale\u00a0des\u00a0territoires\nLa\u00a0responsable\u00a0du\u00a0bureau\u00a0pr\u00e9servation\u00a0de\u00a0la\u00a0qualit\u00e9\nde\u00a0l'eau\u00a0et\u00a0des\u00a0milieux\u00a0aquatiques\nSign\u00e9\nPauline\u00a0SOUCHE-SUCHOVSKY\nVoies et d\u00e9lais de recours\nLe pr\u00e9sent arr\u00eat\u00e9 peut faire l'objet soit d'un recours gracieux aupr\u00e8s du pr\u00e9fet, soit d'un  \nrecours contentieux devant le tribunal administratif de Dijon (22 rue d'Assas \u2013BP 61916-  \n21016 Dijon Cedex) dans un d\u00e9lai maximum de 2 mois \u00e0 compter de la date de publication  \nau recueil des actes administratifs.\nLe tribunal administratif peut \u00eatre saisi par un recours d\u00e9pos\u00e9 via l'application T\u00e9l\u00e9recours  \ncitoyens accessible par le site internet www.telerecours.fr.\n3\nDirection d\u00e9partementale des territoires de la C\u00f4te-d'Or - 21-2025-12-18-00004 - Arr\u00eat\u00e9 pr\u00e9fectoral n\u00b0 1841 du 18 d\u00e9cembre 2025\nmodifiant l'arr\u00eat\u00e9 pr\u00e9fectoral n\u00b0 11265 du 23 d\u00e9cembre 2021\nportant institution de la mise en r\u00e9serve quinquennale de cours d'eau, sections de cours d'eau ou plans d'eau dans le d\u00e9partement de\nla C\u00f4te d'Or pour les ann\u00e9es 2022-2027\n39\nDirection d\u00e9partementale des territoires de la\nC\u00f4te-d'Or\nService de l'eau et des risques\n21-2025-12-18-00003\nArr\u00eat\u00e9 pr\u00e9fectoral permanent n\u00b0 1840 du 18\nd\u00e9cembre 2025 relatif \u00e0 l'exercice de la p\u00eache\naux lignes de la carpe de nuit dans le\nd\u00e9partement de la C\u00f4te-d'Or\nDirection d\u00e9partementale des territoires de la C\u00f4te-d'Or - 21-2025-12-18-00003 - Arr\u00eat\u00e9 pr\u00e9fectoral permanent n\u00b0 1840 du 18\nd\u00e9cembre 2025 relatif \u00e0 l'exercice de la p\u00eache aux lignes de la carpe de nuit dans le d\u00e9partement de la C\u00f4te-d'Or 40\nzsPREFETDELACOTE-D'ORLibert\u00e9Egalit\u00e9Fraternit\u00e9\nDirection d\u00e9partementale des territoires\nde la C\u00f4te-d'Or\nService de l'eau et des risques\nBureau pr\u00e9servation de la qualit\u00e9 de l'eau et \ndes milieux aquatiques\nm\u00e9l\u00a0:\u00a0ddt-ser-ope@cote-dor.gouv.fr\nArr\u00eat\u00e9 pr\u00e9fectoral permanent n\u00b0 1840 du 18 d\u00e9cembre 2025\nrelatif\u00a0\u00e0\u00a0l'exercice\u00a0de\u00a0la\u00a0p\u00eache\u00a0aux\u00a0lignes\u00a0de\u00a0la\u00a0carpe\u00a0de\u00a0nuit\u00a0dans\u00a0le\u00a0d\u00e9partement\u00a0\nde\u00a0la\u00a0C\u00f4te-d'Or\nLe\u00a0pr\u00e9fet\u00a0de\u00a0la\u00a0C\u00f4te-d'Or\nVU\u00a0le\u00a0code\u00a0de\u00a0l'environnement\u00a0et\u00a0notamment\u00a0les\u00a0articles\u00a0R.436-14\u00a0et\u00a0R.436-23\u00a0;\nVU\u00a0le\u00a0cahier\u00a0des\u00a0charges\u00a0pour\u00a0l'exploitation\u00a0du\u00a0droit\u00a0de\u00a0p\u00eache\u00a0de\u00a0l'\u00c9tat\u00a0\u00e9tabli\u00a0en\u00a0date\u00a0du\u00a0\n27\u00a0juin\u00a02022\u00a0pour\u00a0la\u00a0p\u00e9riode\u00a0du\u00a01er\u00a0janvier\u00a02023\u00a0au\u00a031\u00a0d\u00e9cembre\u00a02027\u00a0;\nVU\u00a0l'arr\u00eat\u00e9\u00a0pr\u00e9fectoral\u00a0n\u00b0\u00a01839\u00a0du\u00a018\u00a0d\u00e9cembre\u00a02025\u00a0relatif\u00a0\u00e0\u00a0l'exercice\u00a0de\u00a0la\u00a0p\u00eache\u00a0dans\u00a0le\u00a0\nd\u00e9partement\u00a0de\u00a0la\u00a0C\u00f4te-d'Or\u00a0en\u00a02025\u00a0;\nVU\u00a0la\u00a0d\u00e9cision\u00a0du\u00a012\u00a0d\u00e9cembre\u00a02011\u00a0de\u00a0Voies\u00a0navigables\u00a0de\u00a0France\u00a0interdisant\u00a0la\u00a0pratique\u00a0\nde\u00a0la\u00a0p\u00eache\u00a0\u00e0\u00a0la\u00a0bou\u00e9e,\u00a0de\u00a0dispositif\u00a0cr\u00e9ant\u00a0une\u00a0entrave\u00a0\u00e0\u00a0la\u00a0navigation\u00a0et\u00a0pouvant\u00a0\u00eatre\u00a0un\u00a0\ndanger\u00a0pour\u00a0la\u00a0vie\u00a0des\u00a0personnes\u00a0;\nVU\u00a0les\u00a0avis\u00a0\u00e9mis\u00a0du\u00a0groupe\u00a0technique\u00a0de\u00a0travail\u00a0d\u00e9partemental\u00a0consultatif\u00a0de\u00a0la\u00a0p\u00eache\u00a0\n(DDT, OFB, FDPPMA, Association D\u00e9partementale Agr\u00e9\u00e9e des P\u00eacheurs Amateurs aux Engins  \net  Filets  -ADAPAEF-,  Association  inter-d\u00e9partementale  des  P\u00eacheurs  Professionnels  de  la \nSa\u00f4ne, du Doubs et du Haut-Rh\u00f4ne, VNF)\u00a0;\nVU\u00a0l'avis\u00a0r\u00e9put\u00e9\u00a0favorable\u00a0de\u00a0l'Office\u00a0fran\u00e7ais\u00a0de\u00a0la\u00a0biodiversit\u00e9\u00a0;\nVU  l'avis \u00a0 r\u00e9put\u00e9 \u00a0 favorable \u00a0 de \u00a0 l'Association \u00a0 interd\u00e9partementale \u00a0 des \u00a0 p\u00eacheurs\u00a0\nprofessionnels\u00a0de\u00a0la\u00a0Sa\u00f4ne,\u00a0du\u00a0Doubs\u00a0et\u00a0du\u00a0Haut-Rh\u00f4ne\u00a0;\nVU\u00a0l'avis\u00a0r\u00e9put\u00e9\u00a0favorable\u00a0de\u00a0Voies\u00a0navigables\u00a0de\u00a0France\u00a0;\nVU\u00a0l'avis\u00a0favorable\u00a0du\u00a0Maire\u00a0de\u00a0GRIGNON\u00a0du\u00a027\u00a0octobre\u00a02025\u00a0et\u00a0l'avis\u00a0r\u00e9put\u00e9\u00a0favorable\u00a0\ndes\u00a0maires\u00a0de\u00a0CHARIGNY,\u00a0BENOISEY,\u00a0MUSSY-LA-FOSSE,\u00a0COURCELLES-LES-MONTBARD,\u00a0\nCHASSEY,\u00a0POUILLENAY,\u00a0MARIGNY-LE-CAHOUET,\u00a0VENAREY-LES-LAUMES\u00a0;\n1\nDirection d\u00e9partementale des territoires de la C\u00f4te-d'Or - 21-2025-12-18-00003 - Arr\u00eat\u00e9 pr\u00e9fectoral permanent n\u00b0 1840 du 18\nd\u00e9cembre 2025 relatif \u00e0 l'exercice de la p\u00eache aux lignes de la carpe de nuit dans le d\u00e9partement de la C\u00f4te-d'Or 41\nVU\u00a0la\u00a0consultation\u00a0du\u00a0public\u00a0sur\u00a0le\u00a0projet\u00a0d'arr\u00eat\u00e9\u00a0qui\u00a0s'est\u00a0d\u00e9roul\u00e9e\u00a0du\u00a014\u00a0novembre\u00a0au\u00a007\u00a0\nd\u00e9cembre\u00a02025\u00a0en\u00a0application\u00a0de\u00a0l'article\u00a0L\u00a0123-19-1\u00a0du\u00a0code\u00a0de\u00a0l'environnement\u00a0;\nVU\u00a0les\u00a0arr\u00eat\u00e9s\u00a0n\u00b0\u00a0507/SG\u00a0du\u00a028\u00a0mars\u00a02025\u00a0donnant\u00a0d\u00e9l\u00e9gation\u00a0de\u00a0signature\u00a0\u00e0\u00a0Madame\u00a0\nManuelle\u00a0DUPUY,\u00a0directrice\u00a0d\u00e9partementale\u00a0des\u00a0territoires\u00a0et\u00a0n\u00b0\u00a01333\u00a0du\u00a028\u00a0ao\u00fbt\u00a02025\u00a0\nportant\u00a0subd\u00e9l\u00e9gation\u00a0de\u00a0signature\u00a0aux\u00a0agents\u00a0de\u00a0la\u00a0direction\u00a0d\u00e9partementale\u00a0des\u00a0\nterritoires\u00a0;\nCONSIDERANT\u00a0que\u00a0le\u00a0pr\u00e9fet\u00a0peut\u00a0autoriser\u00a0la\u00a0p\u00eache\u00a0de\u00a0la\u00a0carpe\u00a0\u00e0\u00a0toute\u00a0heure\u00a0dans\u00a0les\u00a0\nparties\u00a0de\u00a0cours\u00a0d'eau\u00a0et\u00a0de\u00a0plans\u00a0d'eau\u00a0de\u00a02 \u00a0cat\u00e9gorie\u00a0et\u00a0pendant\u00a0une\u00a0p\u00e9riode\u00a0qu'il\u1d49 \u00a0\nd\u00e9termine\u00a0;\nCONSIDERANT\u00a0que\u00a0la\u00a0p\u00eache\u00a0de\u00a0la\u00a0carpe\u00a0de\u00a0nuit\u00a0contribue\u00a0au\u00a0d\u00e9veloppement\u00a0de\u00a0la\u00a0p\u00eache\u00a0\nde\u00a0loisir\u00a0dans\u00a0le\u00a0respect\u00a0des\u00a0esp\u00e8ces\u00a0piscicoles\u00a0et\u00a0du\u00a0milieu\u00a0aquatique,\u00a0sans\u00a0entraver\u00a0les\u00a0\nusages\u00a0premiers\u00a0du\u00a0domaine\u00a0public\u00a0fluvial,\u00a0et\u00a0sans\u00a0porter\u00a0atteinte\u00a0\u00e0\u00a0la\u00a0tranquillit\u00e9\u00a0\npublique\u00a0;\nSUR\u00a0proposition\u00a0de\u00a0la\u00a0directrice\u00a0d\u00e9partementale\u00a0des\u00a0territoires\u00a0de\u00a0la\u00a0C\u00f4te-d'Or\u00a0;\nA R R \u00ca T E\nArticle 1  er  \nLa\u00a0p\u00eache\u00a0aux\u00a0lignes\u00a0de\u00a0la\u00a0carpe\u00a0peut\u00a0\u00eatre\u00a0pratiqu\u00e9e\u00a0de\u00a0nuit,\u00a0du\u00a01er\u00a0avril\u00a0au\u00a030\u00a0novembre\u00a0\nsur\u00a0les\u00a0secteurs\u00a0suivants\u00a0:\nCanal de Bourgogne :\n\u2022 \u00e0\u00a0BOUHEY\u00a0et\u00a0CRUGEY\u00a0:\u00a0lots\u00a0n\u00b0\u00a072\u00a0et\u00a073,\u00a0de\u00a0l'\u00e9cluse\u00a017\u00a0S\u00a0\u00e0\u00a0l'\u00e9cluse\u00a014\u00a0S,\u00a0soit\u00a0\n2,488\u00a0Km.\n\u2022 \u00c0\u00a0CHATEAUNEUF,\u00a0SAINTE-SABINE\u00a0et\u00a0VANDENESSE-EN-AUXOIS\u00a0/\u00a0lot\u00a0n\u00b0\u00a071,\u00a0\nde\u00a0l'\u00e9cluse\u00a010\u00a0S\u00a0\u00e0\u00a0l'\u00e9cluse\u00a013\u00a0S.\n\u2022 \u00e0\u00a0COURCELLES-LES-MONTBARD,\u00a0NOGENT-LES-MONTBARD,\u00a0MONTBARD\u00a0et\u00a0\nSAINT-REMY\u00a0:\u00a0du\u00a0lot\u00a0n\u00b047\u00a0au\u00a0lot\u00a0n\u00b051,\u00a0de\u00a0l'\u00e9cluse\u00a061\u00a0Y\u00a0\u00e0\u00a0l'\u00e9cluse\u00a067\u00a0Y.\n\u2022 depuis\u00a0DIJON\u00a0jusqu'\u00e0\u00a0ROUVRES-EN-PLAINE\u00a0:\u00a0lots\u00a0n\u00b0\u00a092\u00a0\u00e0\u00a097,\u00a0de\u00a0l'\u00e9cluse\u00a055\u00a0S\u00a0\n\u00e0\u00a0\u00e9cluse\u00a067\u00a0S.\n\u2022 \u00e0\u00a0EGUILLY\u00a0et\u00a0GISSEY-LE-VIEIL\u00a0:\u00a0lot\u00a0n\u00b067,\u00a0de\u00a0l'\u00e9cluse\u00a0n\u00b0\u00a010\u00a0Y\u00a0\u00e0\u00a0l'\u00e9cluse\u00a0n\u00b0\u00a012\u00a0Y.\n\u2022 \u00e0\u00a0PONT-ROYAL\u00a0\u2013\u00a0Grand\u00a0bief\u00a0et\u00a0bief\u00a0de\u00a0PONT-ROYAL\u00a0\u2013\u00a0de\u00a0l'\u00e9cluse\u00a0aval\u00a016\u00a0Y\u00a0\u00e0\u00a0\nl'\u00e9cluse\u00a0amont\u00a012\u00a0Y.\n\u2022 \u00e0\u00a0VELARS-SUR-OUCHE\u00a0et\u00a0FLEUREY-SUR-OUCHE\u00a0:\u00a0lot\u00a0n\u00b086\u00a0et\u00a087\u00a0-\u00a0\u00a0de\u00a0l'\u00e9cluse\u00a0\n43\u00a0S\u00a0\u00e0\u00a0l'\u00e9cluse\u00a047\u00a0S.\n\u2022 \u00e0\u00a0PLOMBIERE-LES-DIJON\u00a0:\u00a0lot\u00a0n\u00b0\u00a089,\u00a0bief\u00a0compris\u00a0entre\u00a0les\u00a0\u00e9cluses\u00a050\u00a0S\u00a0et\u00a051\u00a0\nS\u00a0sur\u00a0la\u00a0rive\u00a0situ\u00e9e\u00a0en\u00a0contre-halage.\n2\nDirection d\u00e9partementale des territoires de la C\u00f4te-d'Or - 21-2025-12-18-00003 - Arr\u00eat\u00e9 pr\u00e9fectoral permanent n\u00b0 1840 du 18\nd\u00e9cembre 2025 relatif \u00e0 l'exercice de la p\u00eache aux lignes de la carpe de nuit dans le d\u00e9partement de la C\u00f4te-d'Or 42\n\u2022 A\u00a0CHARIGNY,\u00a0BENOISEY,\u00a0MUSSY-LA-FOSSE,\u00a0COURCELLES-LES-MONTBARD,\u00a0\nCHASSEY,\u00a0GRIGNON,\u00a0POUILLENAY,\u00a0MARIGNY-LE-CAHOUET,\u00a0VENAREY-LES-\nLAUMES,\u00a0:\u00a0lots\u00a0n\u00b052\u00a0\u00e0\u00a062,\u00a0biefs\u00a0compris\u00a0entre\u00a0les\u00a0\u00e9cluses\u00a016Y\u00a0et\u00a061Y\u00a0\u00e0\u00a0\nl'exception\u00a0des\u00a0biefs\u00a0suivants\u00a0:\u00a0bief\u00a058Y\u00a0(\u00e9cluses\u00a057\u00a0\u00e0\u00a058Y),\u00a0bief\u00a056Y\u00a0(\u00e9cluses\u00a0\n55\u00a0\u00e0\u00a056Y),\u00a0bief\u00a046Y\u00a0(\u00e9cluses\u00a045\u00a0\u00e0\u00a046Y),\u00a0bief\u00a031Y\u00a0(\u00e9cluses\u00a030\u00a0\u00e0\u00a031Y),\u00a0bief\u00a027Y\u00a0\n(\u00e9cluses\u00a026\u00a0\u00e0\u00a027Y)\u00a0;\nCanal entre Champagne et Bourgogne\n\u2022 \u00e0\u00a0COURCHAMP\u00a0\u2013\u00a0\u00a0Lot\u00a093,\u00a0bief\u00a0n\u00b0\u00a025,\u00a0rive\u00a0gauche\u00a0jusqu'\u00e0\u00a050\u00a0m\u00e8tres\u00a0en\u00a0aval\u00a0\ndu\u00a0port.\n\u2022 \u00e0\u00a0SAINT-MAURICE-SUR-VINGEANNE\u00a0\u2013\u00a0Lot\u00a0n\u00b0\u00a095\u00a0jusqu'\u00e0\u00a050\u00a0m\u00e8tres\u00a0en\u00a0amont\u00a0\nde\u00a0l'\u00e9cluse\u00a0de\u00a0Lavilleneuve,\u00a0rive\u00a0droite\u00a0(contre\u00a0halage).\n\u2022 \u00e0\u00a0LA\u00a0VILLENEUVE-SUR-VINGEANNE\u00a0\u2013\u00a0Lot\u00a0n\u00b0\u00a096\u00a0en\u00a0rive\u00a0droite,\u00a0du\u00a0pont\u00a0de\u00a0la\u00a0\nRD.105\u00a0jusqu'\u00e0\u00a0500\u00a0m\u00e8tres\u00a0en\u00a0aval.\n\u2022 POUILLY-SUR-VINGEANNE\u00a0:\u00a0\u2013\u00a0Lot\u00a097,\u00a0sur\u00a0le\u00a0bief\u00a0n\u00b029,\u00a0en\u00a0rive\u00a0droite\u00a0\nuniquement\u00a0depuis\u00a0le\u00a0pont\u00a0sur\u00a0la\u00a0D27g\u00a0et\u00a0sur\u00a0une\u00a0distance\u00a0de\u00a0250m.\n\u2022 SAINT-SEINE-SUR-VINGEANNE\u00a0:\u00a0-\u00a0Lot\u00a097,\u00a0sur\u00a0le\u00a0bief\u00a0n\u00b029,\u00a0en\u00a0rive\u00a0droite,\u00a0\ndepuis\u00a0400m\u00a0en\u00a0amont\u00a0de\u00a0l'\u00e9cluse\u00a0n\u00b029\u00a0de\u00a0Saint-Seine-sur-Vingeanne\u00a0et\u00a0sur\u00a0\nune\u00a0distance\u00a0de\u00a0250m,\u00a0port\u00a0inclus.\n\u2022 DAMPIERRE-ET-FLEE\u00a0:\u00a0lot\u00a0102,\u00a0sur\u00a0le\u00a0bief\u00a0n\u00b034,\u00a0en\u00a0rive\u00a0droite,\u00a0depuis\u00a0300\u00a0m\u00a0\nen\u00a0amont\u00a0du\u00a0pont\u00a0de\u00a0la\u00a0D27h\u00a0et\u00a0sur\u00a0une\u00a0distance\u00a0de\u00a0250\u00a0m.\n\u2022 BEAUMONT-SUR-VINGEANNE\u00a0:\u00a0lot\u00a0103,\u00a0sur\u00a0le\u00a0bief\u00a0n\u00b035,\u00a0sur\u00a0la\u00a0rive\u00a0droite,\u00a0\ndepuis\u00a0300m\u00a0en\u00a0amont\u00a0de\u00a0l'\u00e9cluse\u00a0n\u00b035\u00a0de\u00a0Beaumont-sur-Vingeanne\u00a0sur\u00a0une\u00a0\ndistance\u00a0de\u00a0250\u00a0m.\n\u2022 de\u00a0BEAUMONT-SUR-VINGEANNE\u00a0\u00e0\u00a0MAXILLY-\u00a0SUR-SAONE\u00a0:\u00a0sur\u00a0tout\u00a0le\u00a0\nparcours\u00a0compris\u00a0entre\u00a0les\u00a0lots\u00a0104\u00a0\u00e0\u00a0112,\u00a0soit\u00a0de\u00a0l'\u00e9cluse\u00a035\u00a0(Beaumont-Sur-\nVingeanne)\u00a0\u00e0\u00a0la\u00a0confluence\u00a0avec\u00a0la\u00a0Sa\u00f4ne\u00a0(Maxilly-Sur-Sa\u00f4ne).\nSa\u00f4ne\n\u2022 \u00e0\u00a0LAMARCHE-SUR-SAONE\u00a0\u2013\u00a0Lot\u00a0n\u00b010,\u00a0en\u00a0rive\u00a0gauche,\u00a0l'amont\u00a0du\u00a0pont\u00a0de\u00a0la\u00a0\nroute\u00a0de\u00a0Vielverge\u00a0(PK\u00a0245,500),\u00a0jusqu'\u00e0\u00a0l'arriv\u00e9e\u00a0de\u00a0la\u00a0voie\u00a0bleue\u00a0(PK\u00a0247,500\u00a0\nenviron).\n\u2022 \u00e0\u00a0AUXONNE,\u00a0PONCEY-LES-ATHEE\u00a0et\u00a0ATHEE\u00a0\u2013\u00a0Lots\u00a0n\u00b0\u00a014\u00a0et\u00a015\u00a0en\u00a0partie\u00a0\u2013\u00a0\nentre\u00a0les\u00a0PK\u00a0234\u00a0et\u00a0237.\n\u2022 \u00e0\u00a0HEUILLEY-SUR-SAONE\u00a0\u2013\u00a0Lot\u00a0n\u00b03\u00a0\u2013\u00a0rive\u00a0droite\u00a0uniquement,\u00a0entre\u00a0le\u00a0PK\u00a0\n260,300\u00a0et\u00a0le\u00a0barrage\u00a0fixe\u00a0d'Heuilley.\n\u2022 \u00e0 \u00a0 MAXILLY-SUR-SA\u00d4NE,\u00a0 PERRIGNY-SUR-L'OGNON\u00a0 et \u00a0 PONTAILLER-SUR-\nSAONE\u00a0\u2013\u00a0Lot\u00a0n\u00b06\u00a0et\u00a07,\u00a0entre\u00a0les\u00a0PK\u00a0254,500\u00a0et\u00a0251,375\u00a0(Pont\u00a0de\u00a0Pontailler-sur-\nSa\u00f4ne)\n\u2022 \u00e0\u00a0LABRUYERE-SUR-SAONE,\u00a0LECHATELET\u00a0et\u00a0GLANON\u00a0\u2013\u00a0lot\u00a0n\u00b0\u00a032,\u00a0sur\u00a0les\u00a0\ndeux\u00a0rives\u00a0entre\u00a0les\u00a0PK\u00a0194\u00a0et\u00a0196,5.\n3\nDirection d\u00e9partementale des territoires de la C\u00f4te-d'Or - 21-2025-12-18-00003 - Arr\u00eat\u00e9 pr\u00e9fectoral permanent n\u00b0 1840 du 18\nd\u00e9cembre 2025 relatif \u00e0 l'exercice de la p\u00eache aux lignes de la carpe de nuit dans le d\u00e9partement de la C\u00f4te-d'Or 43\n\u2022 \u00e0\u00a0LABRUYERE-SUR-SAONE\u00a0et\u00a0GLANON\u00a0\u2013\u00a0lot\u00a0n\u00b0\u00a033\u00a0\u2013\u00a0sur\u00a0les\u00a0deux\u00a0rives,\u00a0entre\u00a0\nles\u00a0PK\u00a0192\u00a0et\u00a0194.\n\u2022 \u00e0\u00a0\u00a0PONTAILLER\u00a0SUR\u00a0SAONE\u00a0\u2013\u00a0Lot\u00a0n\u00b0\u00a08,\u00a0en\u00a0rive\u00a0gauche,\u00a0entre\u00a0les\u00a0PK\u00a0249\u00a0et\u00a0\n250.\n\u2022 \u00e0\u00a0SAINT-SYMPHORIEN-SUR-SAONE,\u00a0ECHENON,\u00a0SAINT-USAGE\u00a0et\u00a0LOSNE\u00a0\u2013\u00a0\nLot\u00a0n\u00b0\u00a023\u00a0\u2013\u00a0Du\u00a0PK.\u00a0216\u00a0au\u00a0PK.\u00a0218,800.\n\u2022 \u00e0\u00a0TRUGNY\u00a0\u2013\u00a0Lot\u00a0n\u00b0\u00a037\u00a0\u2013\u00a0entre\u00a0le\u00a0PK\u00a0182\u00a0et\u00a0le\u00a0PK\u00a0184,100,\u00a0en\u00a0rive\u00a0gauche\u00a0\nuniquement.\nBrenne\n\u2022 \u00e0\u00a0MONTBARD\u00a0et\u00a0SAINT-REMY\u00a0\u2013\u00a0Limite\u00a0amont\u00a0:\u00a0Pont\u00a0SNCF\u00a0de\u00a0Montbard\u00a0\n(limite\u00a01\u00e8re/2\u00e8me\u00a0cat\u00e9gorie)\u00a0\u2013\u00a0Limite\u00a0aval\u00a0au\u00a0droit\u00a0de\u00a0la\u00a0sous\u00a0station\u00a0\n\u00e9lectrique\u00a0situ\u00e9e\u00a0en\u00a0amont\u00a0de\u00a0l'\u00e9cluse\u00a067\u00a0Y\u00a0\u00e0\u00a0SAINT-REMY\u00a0(Environ\u00a05000\u00a0\nm\u00e8tres\u00a0lin\u00e9aires).\nPlans d'eau\n\u00a0\n\u2022 Plans\u00a0d'eau\u00a0dits\u00a0de\u00a0Morteuil\u00a0\u2013\u00a0Commune\u00a0de\u00a0MERCEUIL\u00a0\u2013\u00a0La\u00a0Truite\u00a0Beaunoise\u00a0\n\u2013\u00a06\u00a0plans\u00a0d'eau\u00a0:\u00a0\u00ab\u00a0Etang\u00a0solitaire\u00a0\u00bb\u00a0et\u00a0plans\u00a0d'eau\u00a0associ\u00e9s.\n\u2022 Sabli\u00e8re\u00a0du\u00a0Letto\u00a0\u00e0\u00a0BEIRE\u00a0LE\u00a0CH\u00c2TEL\u00a0\u2013\u00a0F\u00e9d\u00e9ration\u00a0d\u00e9partementale\u00a0pour\u00a0la\u00a0\np\u00eache\u00a0et\u00a0la\u00a0protection\u00a0des\u00a0milieux\u00a0aquatiques\u00a0:\u00a0sur\u00a0l'ensemble\u00a0du\u00a0site.\n\u2022 Sabli\u00e8re\u00a0f\u00e9d\u00e9rale\u00a0n\u00b03\u00a0de\u00a0BRESSEY\u00a0SUR\u00a0TILLE\u00a0\u2013\u00a0F\u00e9d\u00e9ration\u00a0d\u00e9partementale\u00a0\npour\u00a0la\u00a0p\u00eache\u00a0et\u00a0la\u00a0protection\u00a0des\u00a0milieux\u00a0aquatiques\u00a0-\u00a0Bassin\u00a0proche\u00a0du\u00a0\nBois\u00a0de\u00a0Chevigny,\u00a0sur\u00a0l'ensemble\u00a0du\u00a0site.\n\u2022 Sabli\u00e8re\u00a0f\u00e9d\u00e9rale\u00a0n\u00b06\u00a0de\u00a0BRESSEY\u00a0SUR\u00a0TILLE\u00a0\u2013\u00a0F\u00e9d\u00e9ration\u00a0d\u00e9partementale\u00a0\npour\u00a0la\u00a0p\u00eache\u00a0et\u00a0la\u00a0protection\u00a0du\u00a0milieu\u00a0aquatique.\u00a0Bassin\u00a0proche\u00a0de\u00a0la\u00a0\nroute\u00a0reliant\u00a0Couternon\u00a0\u00e0\u00a0Bressey-sur-Tille.\u00a011\u00a0hectares,\u00a0sur\u00a0l'ensemble\u00a0du\u00a0\nsite.\n\u2022 Sabli\u00e8re\u00a0n\u00b06\u00a0de\u00a0BEIRE-LE-CHATEL\u00a0 \u00a0\u2013\u00a0F\u00e9d\u00e9ration\u00a0d\u00e9partementale\u00a0pour\u00a0la\u00a0\np\u00eache\u00a0et\u00a0la\u00a0protection\u00a0des\u00a0milieux\u00a0aquatiques\u00a0\u2013\u00a0sur\u00a0l'ensemble\u00a0du\u00a0site.\n\u2022 Les\u00a0Creux\u00a0de\u00a0Pontailler\u00a0\u2013\u00a0Plans\u00a0d'eau\u00a0dit\u00a0du\u00a0\u00ab\u00a0Paquier\u00a0du\u00a0Bois\u00a0\u00bb\u00a0\u00e0\u00a0\nPONTAILLER-SUR-SAONE,\u00a02\u00a0plans\u00a0d'eau\u00a0situ\u00e9s\u00a0au\u00a0sud\u00a0de\u00a0la\u00a0D959\u00a0parcelle\u00a0\nB233\u00a0et\u00a0parcelles\u00a0B226\u00a0et\u00a0B227.\nArticle 2\nLa\u00a0p\u00eache\u00a0n'est\u00a0autoris\u00e9e\u00a0qu'\u00e0\u00a0l'aide\u00a0de\u00a0lignes\u00a0plomb\u00e9es\u00a0munies\u00a0uniquement\u00a0d'app\u00e2ts\u00a0ou\u00a0de\u00a0\nbouillettes\u00a0d'origine\u00a0v\u00e9g\u00e9tale.\nArticle 3\nEn\u00a0vertu\u00a0de\u00a0l'article\u00a0R.436-14-5\u00b0\u00a0du\u00a0code\u00a0de\u00a0l'environnement,\u00a0les\u00a0poissons\u00a0captur\u00e9s\u00a0aux\u00a0\nlignes\u00a0doivent\u00a0\u00eatre\u00a0remis\u00a0\u00e0\u00a0l'eau\u00a0vivants\u00a0;\u00a0aucun\u00a0poisson\u00a0ne\u00a0peut\u00a0\u00eatre\u00a0maintenu\u00a0en\u00a0captivit\u00e9\u00a0\nou\u00a0transport\u00e9.\n4\nDirection d\u00e9partementale des territoires de la C\u00f4te-d'Or - 21-2025-12-18-00003 - Arr\u00eat\u00e9 pr\u00e9fectoral permanent n\u00b0 1840 du 18\nd\u00e9cembre 2025 relatif \u00e0 l'exercice de la p\u00eache aux lignes de la carpe de nuit dans le d\u00e9partement de la C\u00f4te-d'Or 44\nArticle 4\nPendant\u00a0les\u00a0p\u00e9riodes\u00a0de\u00a0ch\u00f4mage\u00a0des\u00a0canaux,\u00a0la\u00a0p\u00eache\u00a0est\u00a0interdite\u00a0dans\u00a0les\u00a0biefs\u00a0lorsque\u00a0\nla\u00a0hauteur\u00a0du\u00a0plan\u00a0d'eau\u00a0est\u00a0inf\u00e9rieure\u00a0\u00e0\u00a01\u00a0m.\nLa\u00a0p\u00eache\u00a0\u00e0\u00a0la\u00a0bou\u00e9e\u00a0est\u00a0interdite\u00a0sur\u00a0l'ensemble\u00a0des\u00a0voies\u00a0navigables\u00a0du\u00a0domaine\u00a0public.\u00a0\nLa\u00a0p\u00eache\u00a0pr\u00e9cit\u00e9e\u00a0comprend\u00a0tout\u00a0type\u00a0de\u00a0p\u00eache\u00a0\u00e0\u00a0la\u00a0bou\u00e9e,\u00a0y\u00a0compris\u00a0l'ancrage\u00a0de\u00a0la\u00a0ligne\u00a0\nsupport\u00a0sur\u00a0les\u00a0deux\u00a0rives,\u00a0sans\u00a0bou\u00e9e,\u00a0avec\u00a0un\u00a0poids\u00a0sur\u00a0le\u00a0bord\u00a0ou\u00a0m\u00eame\u00a0fix\u00e9e\u00a0\u00e0\u00a0un\u00a0tronc\u00a0\nd'arbre\u00a0et\u00a0le\u00a0placement\u00a0dans\u00a0le\u00a0cours\u00a0d'eau\u00a0de\u00a0plusieurs\u00a0bou\u00e9es\u00a0constitu\u00e9es\u00a0par\u00a0un\u00a0bidon\u00a0\nvide\u00a0auquel\u00a0une\u00a0ligne\u00a0tr\u00e8s\u00a0sommaire\u00a0est\u00a0fix\u00e9e.\nArticle 5\nLes\u00a0parcours\u00a0suscit\u00e9s\u00a0doivent\u00a0\u00eatre\u00a0clairement\u00a0indiqu\u00e9s\u00a0sur\u00a0le\u00a0terrain\u00a0par\u00a0l'apposition\u00a0de\u00a0\npancartes\u00a0install\u00e9es\u00a0par\u00a0les\u00a0d\u00e9tenteurs\u00a0du\u00a0droit\u00a0de\u00a0p\u00eache.\nArticle 6\nL'arr\u00eat\u00e9\u00a0pr\u00e9fectoral\u00a0n\u00b0\u00a01891\u00a0du\u00a019\u00a0d\u00e9cembre\u00a02024\u00a0relatif\u00a0\u00e0\u00a0l'exercice\u00a0de\u00a0la\u00a0p\u00eache\u00a0aux\u00a0lignes\u00a0\nde\u00a0la\u00a0carpe\u00a0de\u00a0nuit\u00a0dans\u00a0le\u00a0d\u00e9partement\u00a0de\u00a0la\u00a0C\u00f4te-d'Or\u00a0est\u00a0abrog\u00e9.\nArticle 7\nLa\u00a0directrice\u00a0d\u00e9partementale\u00a0des\u00a0territoires\u00a0de\u00a0la\u00a0C\u00f4te-d'Or,\u00a0les\u00a0maires,\u00a0le\u00a0commandant\u00a0du\u00a0\ngroupement\u00a0de\u00a0gendarmerie\u00a0de\u00a0la\u00a0C\u00f4te-d'Or,\u00a0les\u00a0agents\u00a0de\u00a0l'office\u00a0fran\u00e7ais\u00a0de\u00a0la\u00a0\nbiodiversit\u00e9,\u00a0les\u00a0gardes-p\u00eache\u00a0et\u00a0tous\u00a0les\u00a0agents\u00a0asserment\u00e9s\u00a0au\u00a0titre\u00a0de\u00a0la\u00a0police\u00a0de\u00a0la\u00a0\np\u00eache,\u00a0sont\u00a0charg\u00e9s\u00a0chacun\u00a0en\u00a0ce\u00a0qui\u00a0le\u00a0concerne,\u00a0de\u00a0l'ex\u00e9cution\u00a0du\u00a0pr\u00e9sent\u00a0arr\u00eat\u00e9\u00a0qui\u00a0\nsera\u00a0ins\u00e9r\u00e9\u00a0au\u00a0recueil\u00a0des\u00a0actes\u00a0administratifs\u00a0de\u00a0la\u00a0pr\u00e9fecture\u00a0de\u00a0la\u00a0C\u00f4te\u00a0d'Or.\u00a0\nFait\u00a0\u00e0\u00a0Dijon,\u00a0le\u00a018\u00a0d\u00e9cembre\u00a02025\nPour\u00a0le\u00a0pr\u00e9fet\u00a0et\u00a0par\u00a0d\u00e9l\u00e9gation,\nPour\u00a0la\u00a0directrice\u00a0d\u00e9partementale\u00a0des\u00a0territoires\nLa\u00a0responsable\u00a0du\u00a0bureau\u00a0pr\u00e9servation\u00a0de\u00a0la\u00a0qualit\u00e9\nde\u00a0l'eau\u00a0et\u00a0des\u00a0milieux\u00a0aquatiques\nSign\u00e9\nPauline\u00a0SOUCHE-SUCHOVSKY\nVoies et d\u00e9lais de recours\nLe pr\u00e9sent arr\u00eat\u00e9 peut faire l'objet soit d'un recours gracieux aupr\u00e8s du pr\u00e9fet, soit d'un  \nrecours contentieux devant le tribunal administratif de Dijon (22 rue d'Assas \u2013BP 61916-  \n21016 Dijon Cedex) dans un d\u00e9lai maximum de 2 mois \u00e0 compter de la date de publication  \nau recueil des actes administratifs.\nLe tribunal administratif peut \u00eatre saisi par un recours d\u00e9pos\u00e9 via l'application \nT\u00e9l\u00e9recours citoyens accessible par le site internet www.telerecours.fr.\n5\nDirection d\u00e9partementale des territoires de la C\u00f4te-d'Or - 21-2025-12-18-00003 - Arr\u00eat\u00e9 pr\u00e9fectoral permanent n\u00b0 1840 du 18\nd\u00e9cembre 2025 relatif \u00e0 l'exercice de la p\u00eache aux lignes de la carpe de nuit dans le d\u00e9partement de la C\u00f4te-d'Or 45\nDirection d\u00e9partementale des territoires de la\nC\u00f4te-d'Or\nService Habitat Mobilit\u00e9\n21-2025-12-17-00003\nAP 1838 portant d\u00e9rogation aux dispositions de\nl'article R-832-21 du code de la construction et\nde l'habitation concernant l'acc\u00e8s au\nconventionnement APL d'une extension de\nl'EHPAD dit \"site de Champmaillot\" sis 9 rue Jules\nViolle \u00e0 Dijon\nDirection d\u00e9partementale des territoires de la C\u00f4te-d'Or - 21-2025-12-17-00003 - AP 1838 portant d\u00e9rogation aux dispositions de\nl'article R-832-21 du code de la construction et de l'habitation concernant l'acc\u00e8s au conventionnement APL d'une extension de\nl'EHPAD dit \"site de Champmaillot\" sis 9 rue Jules Violle \u00e0 Dijon\n46\nEsPREFETDE LACOTE-D'ORLibert\u00e9Egalit\u00e9Fraternit\u00e9\nDirection d\u00e9partementale des territoires\nde la C\u00f4te-d'Or\nAffaire suivie par : Maryse Confuron\nService Habitat et construction\nBureau Logement social\net am\u00e9lioration du parc priv\u00e9\nT\u00e9l : 03.80.29.43.63\nm\u00e9l : maryse.confuron@cote-dor.gouv.fr\n           Dijon, le 17 d\u00e9cembre 2025\nArr\u00eat\u00e9 pr\u00e9fectoral n\u00b0 mille-huit-cent-trente-huit\nportant d\u00e9rogation aux dispositions de l'article R-832-21 du code de la construction et de \nl'habitation concernant l'acc\u00e8s au conventionnement APL d'une extension de l'EHPAD dit \n\u00ab site de Champmaillot \u00bb sis 9 rue Jules Violle \u00e0 Dijon\nLe pr\u00e9fet de la r\u00e9gion Bourgogne-Franche-Comt\u00e9\nPr\u00e9fet de la C\u00f4te-d'Or\nVU le code de la construction et de l'habitation (CCH), notamment l'article R 832-21 relatif aux  \nconditions d'assimilation des logements-foyers aux logements \u00e0 usage locatif,\nVU le d\u00e9cret n\u00b0 2004-374 du 29 avril 2004 modifi\u00e9 relatif aux pouvoirs des pr\u00e9fets, \u00e0 l'organisation et \n\u00e0 l'action des services de l'\u00c9tat dans les r\u00e9gions et d\u00e9partements,\nVU le d\u00e9cret n\u00b0 2020-412 du 8 avril 2020 relatif au droit de d\u00e9rogation reconnu au pr\u00e9fet, \nVU  la  circulaire  d'application  du  6  ao\u00fbt  2020  relative  \u00e0  la  d\u00e9volution  au  pr\u00e9fet  d'un  droit  de \nd\u00e9rogation aux normes r\u00e9glementaires, et l'instruction du secr\u00e9taire g\u00e9n\u00e9ral du MIOM du 23 mai  \n2023,\nVU la demande d\u00e9pos\u00e9e par le Centre Hospitalier Universitaire (CHU) de Dijon re\u00e7ue en pr\u00e9fecture  \nle 16 juin 2025 relative \u00e0 une demande de conventionnement APL pour une extension de l'EHPAD  \nexistant ci-dessus cit\u00e9,\nCONSIDERANT  les  r\u00e8gles  de  financement  fix\u00e9es  par  l'article  R  832-21  du  CCH  relatives  aux \nconditions  de  conventionnement  \u00e0  l'aide  personnalis\u00e9e  au  logement  (APL)  des  op\u00e9rations  de \nconstruction des logements-foyers, fixant notamment les subventions \u00e0 hauteur d'au moins 20  % du \nco\u00fbt de la construction vers\u00e9es par le minist\u00e8re de la Sant\u00e9 pour les constructions sans pr\u00eats aid\u00e9s, \nCONSIDERANT que les financements accord\u00e9s par l'Agence R\u00e9gionale de Sant\u00e9 pour un montant de \n700 000 \u20ac, et par la Caisse Nationale de Solidarit\u00e9 pour l'Autonomie \u00e0 hauteur  de 1 300 000 \u20ac, soit  \nune participation totale de 2 000 000 \u20ac de financements publics issus du minist\u00e8re de la Sant\u00e9,  \nrepr\u00e9sentent 16,23 % du co\u00fbt de la construction \u00e9valu\u00e9 \u00e0 12 322 221 \u20ac hors taxes, et ne permettent  \nDirection d\u00e9partementale des territoires de la C\u00f4te-d'Or\n57 , rue de Mulhouse - BP 53317 - 21033 Dijon CEDEX\nT\u00e9l. : 03 80 29 44 44\nCourriel : ddt@cote-dor.gouv.fr - Site internet : \nhttp://www.cote-dor.gouv.fr\nDirection d\u00e9partementale des territoires de la C\u00f4te-d'Or - 21-2025-12-17-00003 - AP 1838 portant d\u00e9rogation aux dispositions de\nl'article R-832-21 du code de la construction et de l'habitation concernant l'acc\u00e8s au conventionnement APL d'une extension de\nl'EHPAD dit \"site de Champmaillot\" sis 9 rue Jules Violle \u00e0 Dijon\n47\npas de remplir les conditions de l'article R 832-21 du CCH fixant la  participation de financements  \nissus du minist\u00e8re de la Sant\u00e9 \u00e0 hauteur de 20 % du co\u00fbt de la construction,\nCONSIDERANT que, en l'esp\u00e8ce, l'article R832-21 du CCH ne trouve pas \u00e0 s'appliquer et ne permet  \npas l'acc\u00e8s au conventionnement APL des logements, au d\u00e9triment des personnes aux ressources  \ntr\u00e8s  modestes,  et  que,  compte  tenu  des  circonstances  locales,  le  b\u00e9n\u00e9fice  de  la  d\u00e9rogation \npermettra de r\u00e9pondre au besoin de logement des personnes les plus d\u00e9munies \u00e0 des co\u00fbts de  \nredevances abordables, et ainsi d'assurer un principe d'\u00e9galit\u00e9 entre les r\u00e9sidents,\nCONSIDERANT  que l'int\u00e9r\u00eat g\u00e9n\u00e9ral du projet est justifi\u00e9 par le fait que la construction de ce  \nnouveau b\u00e2timent compl\u00e8te une structure existante d\u00e9j\u00e0 conventionn\u00e9e \u00e0 l'APL, et concourt \u00e0 une  \nd\u00e9marche  de  modernisation  et  d'humanisation  engag\u00e9e  par  le  CHU  de  Dijon  depuis  plusieurs \nann\u00e9es afin d'am\u00e9liorer l'accueil des personnes \u00e2g\u00e9es,\nCONSIDERANT  que  la  pr\u00e9sente  d\u00e9rogation  n'est  pas  incompatible  avec  les  engagements \neurop\u00e9ens et internationaux de la France,\nCONSIDERANT que la pr\u00e9sente d\u00e9rogation ne porte pas atteinte aux int\u00e9r\u00eats de la d\u00e9fense ou \u00e0 la  \ns\u00e9curit\u00e9 des personnes et des biens, ni une atteinte disproportionn\u00e9e aux objectifs poursuivis par  \nles dispositions auxquelles il est d\u00e9rog\u00e9,\nSUR proposition de madame la directrice d\u00e9partementale des territoires de C\u00f4te-d'Or,\nA R R \u00ca T E\nARTICLE 1er :  Il est d\u00e9rog\u00e9 aux dispositions de l'article R 832-21 du code de la construction et de  \nl'habitation relatives au taux de participation du minist\u00e8re de la sant\u00e9 exig\u00e9 pour conventionner \u00e0  \nl'aide personnalis\u00e9e au logement le nouveau b\u00e2timent de l'EHPAD du site de \u00ab  Champmaillot \u00bb, et \npour ce seul site concern\u00e9,\nARTICLE 2 :  La pr\u00e9sente d\u00e9rogation est d\u00e9livr\u00e9e au b\u00e9n\u00e9fice du centre hospitalier universitaire de  \nDijon-Bourgogne agissant en qualit\u00e9 de propri\u00e9taire-gestionnaire de l'EHPAD sis 9 rue Jules Violle \u00e0  \nDijon, dit \u00ab site Champmaillot \u00bb, \nARTICLE 3  :  En suite du pr\u00e9sent arr\u00eat\u00e9, une convention APL sera sign\u00e9e entre l'\u00c9tat et le centre  \nhospitalier universitaire de Dijon-Bourgogne, \nARTICLE 4 : Conform\u00e9ment aux articles R.421-1 et R.421-5 du code de justice administrative, dans  \nun d\u00e9lai de deux mois \u00e0 compter de la notification du pr\u00e9sent arr\u00eat\u00e9, le b\u00e9n\u00e9ficiaire peut adresser  \nun  recours  gracieux  \u00e0  M.  le  Pr\u00e9fet  de  la  C\u00f4te  d'Or.\nEn  cas  de  rejet  du  recours  gracieux,  qui  intervient  de  mani\u00e8re  implicite  en  cas  d'absence  de \nr\u00e9ponse de l'administration dans un d\u00e9lai de deux mois, un recours contentieux devant le tribunal  \nadministratif de Dijon peut \u00eatre form\u00e9 dans les deux mois suivant la date du rejet. \nARTICLE 5 : Le secr\u00e9taire g\u00e9n\u00e9ral de la Pr\u00e9fecture de C\u00f4te d'Or et la directrice d\u00e9partementale des  \nTerritoires de C\u00f4te d'Or sont charg\u00e9s, chacun(e) en ce qui le (la) concerne, de l'ex\u00e9cution du pr\u00e9sent \narr\u00eat\u00e9 qui sera publi\u00e9 au recueil des actes administratifs de la C\u00f4te d'Or.\nFait \u00e0 Dijon, le 17 d\u00e9cembre 2025\nLe pr\u00e9fet,\nSign\u00e9\nPaul MOURIER\nDirection d\u00e9partementale des territoires de la C\u00f4te-d'Or\n57 , rue de Mulhouse - BP 53317 - 21033 Dijon CEDEX\nT\u00e9l. : 03 80 29 44 44\nCourriel : ddt@cote-dor.gouv.fr - Site internet : \nhttp://www.cote-dor.gouv.fr\nDirection d\u00e9partementale des territoires de la C\u00f4te-d'Or - 21-2025-12-17-00003 - AP 1838 portant d\u00e9rogation aux dispositions de\nl'article R-832-21 du code de la construction et de l'habitation concernant l'acc\u00e8s au conventionnement APL d'une extension de\nl'EHPAD dit \"site de Champmaillot\" sis 9 rue Jules Violle \u00e0 Dijon\n48\nDirection d\u00e9partementale des territoires de la\nC\u00f4te-d'Or\nService S\u00e9curit\u00e9 et Education Routi\u00e8re\n21-2025-12-18-00005\nArr\u00eat\u00e9 Pr\u00e9fectoral N\u00b01856 portant d\u00e9claration\nd'abandon de onze bateaux situ\u00e9s sur le Canal\nde Bourgogne au port de Saint Usage (21)\nDirection d\u00e9partementale des territoires de la C\u00f4te-d'Or - 21-2025-12-18-00005 - Arr\u00eat\u00e9 Pr\u00e9fectoral N\u00b01856 portant d\u00e9claration\nd'abandon de onze bateaux situ\u00e9s sur le Canal de Bourgogne au port de Saint Usage (21) 49\nEnPREFETDE LACOTE-D'ORLibert\u00e9Egalit\u00e9Fraternit\u00e9\nDirection d\u00e9partementale des territoires\nde la C\u00f4te-d'Or\nService de la s\u00e9curit\u00e9 et de l'\u00e9ducation routi\u00e8re\nBureau de la s\u00e9curit\u00e9 routi\u00e8re\nArr\u00eat\u00e9 Pr\u00e9fectoral N\u00b01856\nportant d\u00e9claration d'abandon de onze bateaux situ\u00e9s sur le Canal de Bourgogne au port de \nSaint Usage (21)\nLe pr\u00e9fet de la r\u00e9gion Bourgogne-Franche-Comt\u00e9\nPr\u00e9fet de la C\u00f4te-d'Or \nVU le Code g\u00e9n\u00e9ral de la propri\u00e9t\u00e9 des personnes publiques, notamment l'article L.1127-3 ;\nVU le Code des transports et notamment l'article L.4311-1 et R.4313-14 et suivants ; \nVU le  d\u00e9cret  n\u00b0  2004-374  du  29  avril  2004  modifi\u00e9  relatif  aux  pouvoirs  des  pr\u00e9fets,  \u00e0 \nl'organisation et \u00e0 l'action des services de l'\u00c9tat dans les r\u00e9gions et les d\u00e9partements ;\nVU le d\u00e9cret du 10 octobre 2024 portant nomination du pr\u00e9fet de la r\u00e9gion Bourgogne-\nFranche-Comt\u00e9, pr\u00e9fet de la C\u00f4te-d'Or - M. MOURIER (Paul) ;\nVU le d\u00e9cret du 6 mars 2025 portant nomination de la directrice de cabinet du pr\u00e9fet de la  \nr\u00e9gion Bourgogne-Franche-Comt\u00e9, pr\u00e9fet de la C\u00f4te-d'Or - Mme CONTRECIVILE (Aur\u00e9lie) ;\nVU les constats d'\u00e9tat d'abandon dress\u00e9s le 6 f\u00e9vrier 2025 et affich\u00e9s le m\u00eame jour par un  \nagent asserment\u00e9 concernant les bateaux portant les devises suivantes  : BAIKAL immatricul\u00e9 \nE95667 ;  EL  GUAPO  sans  immatriculation  apparente ;  LA  BOURGUIGNONNE  immatricul\u00e9 \nLY22921 ; L'AIGLE immatricul\u00e9 LY16216  ; LOUHANS immatricul\u00e9 LY11404  ; LUPPE immatricul\u00e9 \nGOL 15  ; MARE sans immatriculation apparente  ; POPOL, sans immatriculation apparente  ; \nQUEEN B immatricul\u00e9 SSR 130712  ; ROB JOB sans immatriculation apparente et VROUWE  \nELISABETH sans immatriculation apparente ; stationnant hors d'eau, sans autorisation, en rive \ngauche du canal de Bourgogne au port de Saint-Usage, sur le domaine public fluvial confi\u00e9 \u00e0  \nVNF ;\nVU l'avis favorable de Madame le Maire de Saint-Usage en date du 9 d\u00e9cembre 2025 ;\nDirection d\u00e9partementale des territoires de la C\u00f4te-d'Or\n57, rue de Mulhouse - BP 53317 - 21033 Dijon CEDEX\nT\u00e9l. : 03 80 29 44 44\nCourriel : ddt@cote-dor.gouv.fr \nDirection d\u00e9partementale des territoires de la C\u00f4te-d'Or - 21-2025-12-18-00005 - Arr\u00eat\u00e9 Pr\u00e9fectoral N\u00b01856 portant d\u00e9claration\nd'abandon de onze bateaux situ\u00e9s sur le Canal de Bourgogne au port de Saint Usage (21) 50\nCONSID\u00c9RANT  qu'aucun  propri\u00e9taire,  gardien  ou  conducteur  ne  s'est  manifest\u00e9  pour  \nproposer  des  mesures  permettant  de  mettre  fin  \u00e0  l'absence  d'autorisation  d'occuper  le \ndomaine public fluvial et \u00e0 l'\u00e9tat d'abandon dudit bateau ;\nCONSID\u00c9RANT qu'en raison de son \u00e9tat d'abandon constat\u00e9, le bateau porte atteinte \u00e0  \nl'int\u00e9grit\u00e9 du domaine confi\u00e9 ;\nCONSID\u00c9RANT  le  courrier  de  la  Soci\u00e9t\u00e9  H2O,  titulaire  d'une  convention  d'occupation \ntemporaire  du  domaine  public  fluvial,  et  demandant  le  transfert  de  propri\u00e9t\u00e9  des  onze \nbateaux \u00e0 son profit ;\nSUR proposition de Monsieur le Directeur territorial de voies navigables de France Centre -  \nBourgogne ;\nARR\u00caTE\nArticle 1er : \nLes bateaux portant les devises suivantes :\n- BAIKAL immatricul\u00e9 E95667 ;\n- EL GUAPO sans immatriculation apparente ;\n- LA BOURGUIGNONNE immatricul\u00e9 LY22921 ;\n- L'AIGLE immatricul\u00e9 LY16216 ;\n- LOUHANS immatricul\u00e9 LY11404 ;\n- LUPPE immatricul\u00e9 GOL 15 ;\n- MARE sans immatriculation apparente ;\n- POPOL, sans immatriculation apparente ;\n- QUEEN B immatricul\u00e9 SSR 130712 ;\n- ROB JOB sans immatriculation apparente ;\n- VROUWE ELISABETH sans immatriculation apparente ;\nEt stationnant hors d'eau, sans autorisation, au port de Saint-Usage, en rive gauche du canal  \nde Bourgogne sont d\u00e9clar\u00e9s \u00e0 l'\u00e9tat d'abandon sur le domaine public fluvial confi\u00e9 en gestion  \n\u00e0 la Soci\u00e9t\u00e9 H2O par Voies navigables de France en vertu d'une convention d'occupation  \ntemporaire.\nArticle 2 : \nLes propri\u00e9t\u00e9s desdits bateaux seront transf\u00e9r\u00e9es \u00e0 la Soci\u00e9t\u00e9 H2O, dans le cadre de leur  \nconvention d'occupation temporaire du domaine public fluvial, qui pourra proc\u00e9der \u00e0 leur  \nvente  sous  r\u00e9serve  des  droits  des  cr\u00e9anciers  privil\u00e9gi\u00e9s  et  hypoth\u00e9caires,  ou  \u00e0  leur  \ndestruction, si la valeur marchande ne justifie pas la mise en vente, \u00e0 l'expiration d'un d\u00e9lai de \ndeux mois \u00e0 compter de la date du pr\u00e9sent arr\u00eat\u00e9.\nArticle 3 : \nLe pr\u00e9sent arr\u00eat\u00e9 sera publi\u00e9 au recueil des actes administratifs de la Pr\u00e9fecture de la C\u00f4te-\nd'Or. \nDirection d\u00e9partementale des territoires de la C\u00f4te-d'Or\n57, rue de Mulhouse - BP 53317 - 21033 Dijon CEDEX\nT\u00e9l. : 03 80 29 44 44\nCourriel : ddt@cote-dor.gouv.fr \nDirection d\u00e9partementale des territoires de la C\u00f4te-d'Or - 21-2025-12-18-00005 - Arr\u00eat\u00e9 Pr\u00e9fectoral N\u00b01856 portant d\u00e9claration\nd'abandon de onze bateaux situ\u00e9s sur le Canal de Bourgogne au port de Saint Usage (21) 51\nLe pr\u00e9sent arr\u00eat\u00e9 peut faire l'objet d'un recours contentieux devant le tribunal administratif  \nde Dijon dans un d\u00e9lai de deux mois \u00e0 compter de sa publication. Un recours peut \u00eatre  \nd\u00e9pos\u00e9  via  l'application  \u00ab  T\u00e9l\u00e9recours  citoyens  \u00bb  accessible  par  le  site  internet  \nwww.telerecours.fr.\nCopie du pr\u00e9sent arr\u00eat\u00e9 sera transmise pour information \u00e0 :\n- Voies Navigables de France \u2013 Direction territoriale Centre Bourgogne\n- Mairie de SAINT USAGE\nFait \u00e0 Dijon le 18 d\u00e9cembre 2025\nLe Pr\u00e9fet,\nPour le Pr\u00e9fet et par d\u00e9l\u00e9gation,\nLa directrice de cabinet\nSIGNE\n      Aur\u00e9lie CONTRECIVILE\nDirection d\u00e9partementale des territoires de la C\u00f4te-d'Or\n57, rue de Mulhouse - BP 53317 - 21033 Dijon CEDEX\nT\u00e9l. : 03 80 29 44 44\nCourriel : ddt@cote-dor.gouv.fr \nDirection d\u00e9partementale des territoires de la C\u00f4te-d'Or - 21-2025-12-18-00005 - Arr\u00eat\u00e9 Pr\u00e9fectoral N\u00b01856 portant d\u00e9claration\nd'abandon de onze bateaux situ\u00e9s sur le Canal de Bourgogne au port de Saint Usage (21) 52\nPr\u00e9fecture de la C\u00f4te-d'Or\nDirection des Collectivit\u00e9s locales et des\nElections \n21-2025-12-17-00004\nArr\u00eat\u00e9 pr\u00e9fectoral n\u00b0 1847 portant modification\nde la commission de contr\u00f4le des listes\n\u00e9lectorales de la commune de TROCHERES\nPr\u00e9fecture de la C\u00f4te-d'Or - 21-2025-12-17-00004 - Arr\u00eat\u00e9 pr\u00e9fectoral n\u00b0 1847 portant modification de la commission de contr\u00f4le des\nlistes \u00e9lectorales de la commune de TROCHERES 53\nExPREFETDE LACOTE-D'ORLibert\u00e9Egalit\u00e9Fraternit\u00e9\nSECR\u00c9TARIAT G\u00c9N\u00c9RAL\nDirection des collectivit\u00e9s locales et des \u00e9lections\nBureau des \u00e9lections et de la r\u00e9glementation\nAffaire suivie par : Delphine CHERDON\nT\u00e9l : 03 80 44 65 42\nm\u00e9l : delphine.cherdon@cote-dor.gouv.fr\nARRETE PREFECTORAL n\u00b0 1847 du 17 d\u00e9cembre 2025\nportant modification de la commission de contr\u00f4le des listes \u00e9lectorales de la commune \nDe TROCHERES\nLe Pr\u00e9fet de la r\u00e9gion Bourgogne-Franche-Comt\u00e9\nPr\u00e9fet de la C\u00f4te-d'Or\nVU le code \u00e9lectoral, notamment, ses articles L. 19 et R7 \u00e0 R11 ;\nVU  l'arr\u00eat\u00e9 pr\u00e9fectoral  n\u00b0 107  du 25  f\u00e9vrier  2019  modifi\u00e9  par  l'arr\u00eat\u00e9  du 21  mars 2019  portant\nnomination des membres de la commission de contr\u00f4le des listes \u00e9lectorales dans les communes du\nd\u00e9partement de la C\u00f4te d'Or ;\nVU l'arr\u00eat\u00e9 pr\u00e9fectoral n\u00b0 29 du 4 janvier 2024 portant renouvellement des commissions de contr\u00f4le\ndes listes \u00e9lectorales des communes de l'arrondissement de DIJON ;\nVU l'arr\u00eat\u00e9 pr\u00e9fectoral n\u00b0 813 / SG du 13 juin 2025 donnant d\u00e9l\u00e9gation de signature \u00e0 Monsieur\nDenis BRUEL secr\u00e9taire g\u00e9n\u00e9ral de la pr\u00e9fecture de la C\u00f4te-d'Or ;\nVU la demande de Madame la maire de TROCHERES de d\u00e9signer le suppl\u00e9ant de Madame Julie\nBRAMON, conseill\u00e8re municipale \u00e0 la commission de contr\u00f4le des listes \u00e9lectorales de sa commune ;\nSUR proposition du Secr\u00e9taire G\u00e9n\u00e9ral de la pr\u00e9fecture de la C\u00f4te d'Or ;\nA R R E T E\nArticle 1er  \u2013  Monsieur Vincent DELORME n\u00e9 le 15 ao\u00fbt 1973 au CREUSOT (Sa\u00f4ne-et-Loire), conseiller\nmunicipal, est nomm\u00e9 membre suppl\u00e9ant \u00e0 la commission de contr\u00f4le des listes \u00e9lectorales de la\ncommune de TROCHERES conform\u00e9ment \u00e0 la p\u00e9riode de validit\u00e9 de l'arr\u00eat\u00e9 pr\u00e9fectoral  n\u00b0 29 du 4\njanvier 2024 mentionn\u00e9 ci-dessus.\nArticle 2 \u2013  Le Secr\u00e9taire G\u00e9n\u00e9ral de la Pr\u00e9fecture de la C\u00f4te d'Or et Madame la maire de TROCHERES\nsont charg\u00e9s, chacun en ce qui le concerne, de l'ex\u00e9cution du pr\u00e9sent arr\u00eat\u00e9 qui sera publi\u00e9 au recueil\ndes actes administratifs de la pr\u00e9fecture de la C\u00f4te d'Or.\nFait \u00e0 Dijon, le 17 d\u00e9cembre 2025\nLe Pr\u00e9fet,\nPour le Pr\u00e9fet et par d\u00e9l\u00e9gation,\nLe secr\u00e9taire g\u00e9n\u00e9ral\n                                                Sign\u00e9                   Denis BRUEL\nPr\u00e9fecture de la C\u00f4te-d'Or \n53 rue de la Pr\u00e9fecture - 21041 DIJON cedex\nt\u00e9l : 03 80 44 64 00 \nSite internet : http://www.cote-dor.gouv.fr\nPr\u00e9fecture de la C\u00f4te-d'Or - 21-2025-12-17-00004 - Arr\u00eat\u00e9 pr\u00e9fectoral n\u00b0 1847 portant modification de la commission de contr\u00f4le des\nlistes \u00e9lectorales de la commune de TROCHERES 54\nPr\u00e9fecture de la C\u00f4te-d'Or\nDirection des Collectivit\u00e9s locales et des\nElections \n21-2025-12-17-00005\nArr\u00eat\u00e9 pr\u00e9fectoral n\u00b0 1849 fixant la liste des\njournaux habilit\u00e9s \u00e0 publier les annonces\njudiciaires et l\u00e9gales dans le d\u00e9partement de la\nC\u00f4te-d'Or pour l'ann\u00e9e 2026\nPr\u00e9fecture de la C\u00f4te-d'Or - 21-2025-12-17-00005 - Arr\u00eat\u00e9 pr\u00e9fectoral n\u00b0 1849 fixant la liste des journaux habilit\u00e9s \u00e0 publier les\nannonces judiciaires et l\u00e9gales dans le d\u00e9partement de la C\u00f4te-d'Or pour l'ann\u00e9e 2026 55\nDE LACOTE-D'ORLibert\u00e9Egalit\u00e9Fraternit\u00e9\nSECRETARIAT GENERAL\n                                           DIRECTION DES COLLECTIVITES LOCALES ET DES ELECTIONS\nBureau des \u00e9lections et de la r\u00e9glementation\nAffaire suivie par : Delphine CHERDON\nT\u00e9l : 03 80 44 65 42\nm\u00e9l : delphine.cherdon@cote-dor.gouv.fr\nArr\u00eat\u00e9 pr\u00e9fectoral n\u00b0 1849 du 17 d\u00e9cembre 2025\nfixant la liste des journaux habilit\u00e9s \u00e0 publier les annonces judiciaires et l\u00e9gales dans le d\u00e9partement de la\nC\u00f4te-d'Or pour l'ann\u00e9e 2026\nLe Pr\u00e9fet de la r\u00e9gion Bourgogne-Franche-Comt\u00e9\nPr\u00e9fet de la C\u00f4te-d'Or\nVU la loi n\u00b0 55-4 du 4 janvier 1955 modifi\u00e9e concernant les annonces judiciaires et l\u00e9gales ; \nVU la loi n\u00b0 86-897 du 1er ao\u00fbt 1986 portant r\u00e9forme du r\u00e9gime juridique de la presse ;\nVU le d\u00e9cret 2009-1340 du 29 octobre 2009 pris pour l'application de l'article 1er de la loi n\u00b0 86-897 du\n1er ao\u00fbt 1986 portant r\u00e9forme du r\u00e9gime juridique de la presse ;\nVU le d\u00e9cret n\u00b0 2019-1216 du 21 novembre 2019 relatif aux annonces judiciaires et l\u00e9gales ;\nVU l'arr\u00eat\u00e9 du 22 d\u00e9cembre 2016 modifiant l'arr\u00eat\u00e9 du 21 d\u00e9cembre 2012 relatif au tarif annuel et aux\nmodalit\u00e9s de publication des annonces judiciaires et l\u00e9gales ;\nVU le d\u00e9cret n\u00b0 2022-1393 du 31 octobre 2022 modifiant le d\u00e9cret n\u00b0 2019-1216 du 21 novembre 2019\nrelatif aux annones judiciaires et l\u00e9gales ;\nVU l'arr\u00eat\u00e9 pr\u00e9fectoral n\u00b0 813 / SG du 13 juin 2025 donnant d\u00e9l\u00e9gation de signature \u00e0 Monsieur Denis\nBRUEL secr\u00e9taire g\u00e9n\u00e9ral de la pr\u00e9fecture de la C\u00f4te-d'Or ;\nVU les demandes d'inscription sur la liste d\u00e9partementale des journaux autoris\u00e9s \u00e0 publier les annonces\njudiciaires et l\u00e9gales pr\u00e9sent\u00e9es par les directeurs des journaux ou leurs repr\u00e9sentants ;\nVU les justificatifs fournis \u00e0 l'appui ;\nCONSIDERANT que les publications cit\u00e9es r\u00e9pondent aux crit\u00e8res fix\u00e9s par les textes ;\nSUR proposition du Secr\u00e9taire G\u00e9n\u00e9ral de la pr\u00e9fecture de la C\u00f4te-d'Or ;\nPr\u00e9fecture de la C\u00f4te-d'Or \n53 rue de la Pr\u00e9fecture - 21041 DIJON cedex\nt\u00e9l : 03 80 44 64 00 \nSite internet : http://www.cote-dor.gouv.fr\nPr\u00e9fecture de la C\u00f4te-d'Or - 21-2025-12-17-00005 - Arr\u00eat\u00e9 pr\u00e9fectoral n\u00b0 1849 fixant la liste des journaux habilit\u00e9s \u00e0 publier les\nannonces judiciaires et l\u00e9gales dans le d\u00e9partement de la C\u00f4te-d'Or pour l'ann\u00e9e 2026 56\nA R R E T E\nArticle 1er : La liste des journaux habilit\u00e9s \u00e0 publier pour l'ann\u00e9e 2026 les annonces judiciaires et l\u00e9gales\nest fix\u00e9e comme suit :\nPour l'ensemble du d\u00e9partement de la C\u00f4te d'Or :\nQUOTIDIEN     : - Le Bien Public - 7 boulevard Chanoine Kir - 21000 DIJON\nHEBDOMADAIRES :\n- Le Ch\u00e2tillonnais et l'Auxois - 24 rue Mar\u00e9chal de Lattre de Tassigny - 21400 CHATILLON-sur-SEINE\n- L'Auxois Libre - 11 rue Notre-Dame - 21140 SEMUR-en-AUXOIS\n- Terres de Bourgogne - 1 rue des Coulots - 21110 BRETENIERE\nArticle 2     :  Pour \u00eatre admis \u00e0 recevoir des annonces judiciaires et l\u00e9gales,  ces journaux  justifient  des\nconditions suivantes :\n\u2022 \u00eatre inscrit sur les registres de la commission paritaire des publications et agences de presse,\n\u2022 ne pas avoir pour objet principal la diffusion de messages publicitaires ou d'annonces,\n\u2022 \u00eatre \u00e9dit\u00e9 depuis plus de 6 mois,\n\u2022 comporter un volume substantiel d'informations g\u00e9n\u00e9rales, judiciaires ou techniques originales\nd\u00e9di\u00e9es au d\u00e9partement et renouvel\u00e9es sur une base au moins hebdomadaire,\n\u2022 justifier d'une diffusion payante minimale de 1 980 exemplaires pour le d\u00e9partement de la C\u00f4te\nd'Or.\nArticle    3     : Le tarif des annonces, forfaitaire ou calcul\u00e9 en fonction du nombre de caract\u00e8res ou de\nlignes, est fix\u00e9 chaque ann\u00e9e, apr\u00e8s avis des organisations professionnelles les plus repr\u00e9sentatives des\nentreprises de presse, par arr\u00eat\u00e9 conjoint des ministres charg\u00e9s de la communication et de l'\u00e9conomie.\nCe tarif, commun aux publications de presse et aux services de presse en ligne, qui peut varier selon les\nd\u00e9partements, tient compte notamment des co\u00fbts pertinents et tend progressivement \u00e0 limiter la\ndisparit\u00e9 des tarifs et int\u00e9grer les \u00e9conomies rendues possibles par la num\u00e9risation. \nArticle    4   :  Toutes les annonces judiciaires et l\u00e9gales relatives \u00e0 un m\u00eame acte, contrat ou proc\u00e9dure\ndevront \u00eatre ins\u00e9r\u00e9es dans le m\u00eame journal. Le choix des journaux appartient aux parties qui ont seules\nle  droit  de  d\u00e9signer  celui  ou  ceux  des  journaux  dans  lesquels  elles  entendent  faire  para\u00eetre  leurs\nannonces judiciaires et l\u00e9gales.\nArticle   5  : Devront  \u00eatre  ins\u00e9r\u00e9es  gratuitement,  dans  un  des  journaux  \u00e9num\u00e9r\u00e9s  \u00e0  l'article  1er,  les\nannonces  et  publications  qui  seraient  n\u00e9cessaires  pour  la  publicit\u00e9  ou  la  validit\u00e9  des  contrats  et\nproc\u00e9dures dans les affaires suivies par application de la loi n\u00b0 91-647 du 10 juillet 1991 sur l'aide\njuridique et des textes subs\u00e9quents.\nArticle    6   : Tous les journaux vis\u00e9s dans l'article 1 er ins\u00e9reront dans chaque num\u00e9ro, gratuitement, un\navis faisant conna\u00eetre qu'ils sont autoris\u00e9s, en vertu du pr\u00e9sent arr\u00eat\u00e9, \u00e0 publier les annonces judiciaires\net l\u00e9gales en mati\u00e8re de proc\u00e9dure civile et de commerce ainsi que les actes de soci\u00e9t\u00e9.\nPr\u00e9fecture de la C\u00f4te-d'Or \n53 rue de la Pr\u00e9fecture - 21041 DIJON cedex\nt\u00e9l : 03 80 44 64 00 \nSite internet : http://www.cote-dor.gouv.fr\nPr\u00e9fecture de la C\u00f4te-d'Or - 21-2025-12-17-00005 - Arr\u00eat\u00e9 pr\u00e9fectoral n\u00b0 1849 fixant la liste des journaux habilit\u00e9s \u00e0 publier les\nannonces judiciaires et l\u00e9gales dans le d\u00e9partement de la C\u00f4te-d'Or pour l'ann\u00e9e 2026 57\n                                                                                                   \nArticle   7   : Les annonces judiciaires et l\u00e9gales seront group\u00e9es sous une rubrique sp\u00e9ciale imprim\u00e9e en\ncaract\u00e8res tr\u00e8s apparents.\nL'exemplaire certifi\u00e9, destin\u00e9 \u00e0 servir de pi\u00e8ce justificative \u00e0 l'insertion, sera fourni par l'\u00e9diteur au\nm\u00eame prix que le num\u00e9ro de la publication, augment\u00e9 \u00e9ventuellement des frais d'\u00e9tablissement et\nd'exp\u00e9dition.  En  cas  d'enregistrement  dudit  exemplaire  aupr\u00e8s  du  tribunal  de  commerce,  les  frais\nd'enregistrement seront factur\u00e9s \u00e0 l'auteur de l'annonce.\nArticle    8   :  La publication des annonces judiciaires et l\u00e9gales ne peut  avoir lieu que dans l'\u00e9dition\nr\u00e9guli\u00e8re des journaux \u00e0 l'exclusion de toute \u00e9dition, tirage, ou suppl\u00e9ment sp\u00e9cial contenant  seul\nl'insertion de ces annonces. Les num\u00e9ros r\u00e9guliers ou suppl\u00e9mentaires devront \u00eatre num\u00e9rot\u00e9s en une\nseule s\u00e9rie et d'apr\u00e8s la suite des nombres, \u00e0 l'exclusion de tous num\u00e9ros bis, ter, etc.\nPour assurer le contr\u00f4le ,  un exemplaire de chaque num\u00e9ro sans exception, devra \u00eatre adress\u00e9 d\u00e8s sa\nparution \u00e0 la Pr\u00e9fecture \u2013 Bureau des \u00e9lections et de la r\u00e9glementation.\nArticle   9   : Les remises ou ristournes, de quelque nature ou sous quelque forme que ce soit, demeurent\ninterdites, sous peine de retrait de l'habilitation. \nArticle   10   : L'habilitation accord\u00e9e par le pr\u00e9sent arr\u00eat\u00e9 pourra \u00eatre retir\u00e9e :\n\u2022 \u00e0 tout journal modifiant sa p\u00e9riodicit\u00e9 ou interrompant sa publication,\n\u2022 \u00e0 tout journal dont la diffusion effective (abonnement et vente au num\u00e9ro) ne conf\u00e9rerait\nplus aux annonces l\u00e9gales la publicit\u00e9 exig\u00e9e par la loi,\n\u2022 \u00e0   tout   journal   qui   ne   remplirait   plus   les   conditions   prescrites   par  la  loi  n\u00b0  55.4  du\n\u2022 4 janvier 1955 modifi\u00e9e.\n\u2022 \u00e0 tout journal qui ne se conformerait pas aux prescriptions contenues dans le pr\u00e9sent arr\u00eat\u00e9.\nArticle 1  1   : Le secr\u00e9taire g\u00e9n\u00e9ral de la pr\u00e9fecture de la C\u00f4te d'Or est charg\u00e9 de l'ex\u00e9cution du pr\u00e9sent\narr\u00eat\u00e9, qui sera ins\u00e9r\u00e9 au recueil des actes administratifs de la pr\u00e9fecture et sera notifi\u00e9 \u00e0 :\n- M. le Procureur G\u00e9n\u00e9ral, Pr\u00e8s la Cour d'Appel de DIJON\n- M. le Procureur de la R\u00e9publique, Pr\u00e8s le Tribunal Judiciaire de DIJON\n- M. le Pr\u00e9sident de la Chambre d\u00e9partementale des notaires \u00e0 DIJON\n- M. le Pr\u00e9sident du Tribunal de Commerce de DIJON\n- MMES. les Directrices et MM. les Directeurs des journaux concern\u00e9s.\nDijon, le 17 d\u00e9cembre 2025\nLe Pr\u00e9fet,\nPour le Pr\u00e9fet et par d\u00e9l\u00e9gation,\nLe secr\u00e9taire g\u00e9n\u00e9ral\n                                                 Sign\u00e9                   Denis BRUEL\n                                                                        \n Voies et d\u00e9lais de recours : le pr\u00e9sent arr\u00eat\u00e9 peut faire l'objet, dans un d\u00e9lai de deux mois suivant sa publication, d'un recours\ngracieux aupr\u00e8s du pr\u00e9fet de la C\u00f4te-d'Or, d'un recours hi\u00e9rarchique aupr\u00e8s du ministre de l'Int\u00e9rieur - Direction de la\nmodernisation et de l'action territoriale \u2013 Place Beauvau \u2013 75008 Paris, ou d'un recours contentieux aupr\u00e8s du tribunal\nadministratif de DIJON \u2013 22, rue d'Assas BP61616 DIJON Cedex\nPr\u00e9fecture de la C\u00f4te-d'Or \n53 rue de la Pr\u00e9fecture - 21041 DIJON cedex\nt\u00e9l : 03 80 44 64 00 \nSite internet : http://www.cote-dor.gouv.fr\nPr\u00e9fecture de la C\u00f4te-d'Or - 21-2025-12-17-00005 - Arr\u00eat\u00e9 pr\u00e9fectoral n\u00b0 1849 fixant la liste des journaux habilit\u00e9s \u00e0 publier les\nannonces judiciaires et l\u00e9gales dans le d\u00e9partement de la C\u00f4te-d'Or pour l'ann\u00e9e 2026 58\nPr\u00e9fecture de la C\u00f4te-d'Or\nDirection des Collectivit\u00e9s locales et des\nElections \n21-2025-12-17-00006\nArr\u00eat\u00e9 pr\u00e9fectoral n\u00b0 1851 fixant la liste des\nservices de presse en ligne habilit\u00e9s \u00e0 publier les\nannonces judiciaires et l\u00e9gales dans le\nd\u00e9partement de la C\u00f4te-d'Or pour l'ann\u00e9e 2026\nPr\u00e9fecture de la C\u00f4te-d'Or - 21-2025-12-17-00006 - Arr\u00eat\u00e9 pr\u00e9fectoral n\u00b0 1851 fixant la liste des services de presse en ligne habilit\u00e9s \u00e0\npublier les annonces judiciaires et l\u00e9gales dans le d\u00e9partement de la C\u00f4te-d'Or pour l'ann\u00e9e 2026 59\nExPREFETDE LACOTE-D'ORLibert\u00e9Egalit\u00e9Fraternit\u00e9\nSECRETARIAT GENERAL\nDIRECTION DES COLLECTIVITES LOCALES ET DES ELECTIONS\nBureau des \u00e9lections et de la r\u00e9glementation\nAffaire suivie par : Delphine CHERDON\nT\u00e9l : 03 80 44 65 42\nm\u00e9l : delphine.cherdon@cote-dor.gouv.fr\nArr\u00eat\u00e9 pr\u00e9fectoral n\u00b0 1851 du 17 d\u00e9cembre 2025\nfixant la liste des services de presse en ligne habilit\u00e9s \u00e0 publier les annonces judiciaires et l\u00e9gales dans le\nd\u00e9partement de la C\u00f4te-d'Or pour l'ann\u00e9e 2026\nLe Pr\u00e9fet de la r\u00e9gion Bourgogne-Franche-Comt\u00e9\nPr\u00e9fet de la C\u00f4te-d'Or\nVU la loi n\u00b0 55-4 du 4 janvier 1955 modifi\u00e9e concernant les annonces judiciaires et l\u00e9gales ;\nVU la loi n\u00b0 86-897 du 1er ao\u00fbt 1986 portant r\u00e9forme du r\u00e9gime juridique de la presse ;\nVU le d\u00e9cret 2009-1340 du 29 octobre 2009 pris pour l'application de l'article 1er de la loi n\u00b0 86-897 du\n1er ao\u00fbt 1986 portant r\u00e9forme du r\u00e9gime juridique de la presse ;\nVU le d\u00e9cret n\u00b0 2012-1547 du 28 d\u00e9cembre 2012 relatif \u00e0 l'insertion des annonces judiciaires l\u00e9gales\nportant sur les soci\u00e9t\u00e9s et fonds de commerce dans une base de donn\u00e9es num\u00e9rique centrale ;\nVU le d\u00e9cret n\u00b0 2019-1216 du 21 novembre 2019 relatif aux annonces judiciaires et l\u00e9gales ;\nVU le d\u00e9cret n\u00b0 2022-1393 du 31 octobre 2022 modifiant le d\u00e9cret n\u00b0 2019-1216 du 21 novembre 2019\nrelatif aux annonces judiciaires et l\u00e9gales ;\nVU l'arr\u00eat\u00e9 du 22 d\u00e9cembre 2016 modifiant l'arr\u00eat\u00e9 du 21 d\u00e9cembre 2012 relatif au tarif annuel et aux\nmodalit\u00e9s de publication des annonces judiciaires et l\u00e9gales ;\nVU l'arr\u00eat\u00e9 pr\u00e9fectoral n\u00b0 813 / SG du 13 juin 2025 donnant d\u00e9l\u00e9gation de signature \u00e0 Monsieur\nDenis BRUEL secr\u00e9taire g\u00e9n\u00e9ral de la pr\u00e9fecture de la C\u00f4te-d'Or ;\nPr\u00e9fecture de la C\u00f4te-d'Or \n53 rue de la Pr\u00e9fecture - 21041 DIJON cedex\nt\u00e9l : 03 80 44 64 00 \nSite internet : http://www.cote-dor.gouv.fr\nPr\u00e9fecture de la C\u00f4te-d'Or - 21-2025-12-17-00006 - Arr\u00eat\u00e9 pr\u00e9fectoral n\u00b0 1851 fixant la liste des services de presse en ligne habilit\u00e9s \u00e0\npublier les annonces judiciaires et l\u00e9gales dans le d\u00e9partement de la C\u00f4te-d'Or pour l'ann\u00e9e 2026 60\nVU les demandes d'inscription des services de presse en ligne habilit\u00e9s \u00e0 publier les annonces judiciaires\net l\u00e9gales pr\u00e9sent\u00e9es par les directeurs des journaux ou leurs repr\u00e9sentants ;\nVU les justificatifs fournis \u00e0 l'appui ;\nCONSIDERANT que les publications cit\u00e9es r\u00e9pondent aux crit\u00e8res fix\u00e9s par les textes ;\nSUR proposition du secr\u00e9taire g\u00e9n\u00e9ral de la pr\u00e9fecture de la C\u00f4te-d'Or ;\nA R R E T E \nArticle 1er : La liste des services de presse en ligne habilit\u00e9s \u00e0 publier dans le d\u00e9partement de la C\u00f4te-\nd'Or pour l'ann\u00e9e 2026 les annonces judiciaires et l\u00e9gales est fix\u00e9e comme suit :\n- lebienpublic.com\n- lagazettefrance.fr \n- actu.fr\n- lesechos.fr\n- journal-du-palais.fr\n- agribourgogne.fr\n- info-chalon.com\n- lejdc.fr\n- macommune.info\n- 20Minutes.fr\n- lanouvellerepublique.fr\n- creusot-infos.com\nArticle 2 : Pour \u00eatre admis \u00e0 recevoir les annonces l\u00e9gales, un journal en ligne doit remplir les conditions\nsuivantes :\n\u2022 \u00eatre inscrit \u00e0 la commission paritaire des publications et agences de presse,\n\u2022 ne pas avoir pour objet principal la diffusion de messages publicitaires ou d'annonces,\n\u2022 \u00eatre \u00e9dit\u00e9 depuis plus de six mois,\n\u2022 comporter un volume substantiel d'informations g\u00e9n\u00e9rales, judiciaires ou techniques originales\nd\u00e9di\u00e9es au d\u00e9partement et renouvel\u00e9es sur la base au moins hebdomadaire,\n\u2022 soit   justifier d'une diffusion payante correspondant \u00e0 une vente effective par abonnement fix\u00e9e\npour le d\u00e9partement de la C\u00f4te-d'Or \u00e0 1 980 exemplaires par le d\u00e9cret n\u00b0 2022-1393 du 31\noctobre 2022,\n\u2022 soit   justifier d'une fr\u00e9quentation, exprim\u00e9e en nombre de visites hebdomadaires, au moins \u00e9gale\naux minimas fix\u00e9s pour le d\u00e9partement de la C\u00f4te-d'Or \u00e0 9 900 visites par le d\u00e9cret n\u00b0 2022-1393\ndu 31 octobre 2022 susvis\u00e9.\nArticle   3   : La diffusion payante et la fr\u00e9quentation sont certifi\u00e9es par un organisme offrant la garantie\nde moyens d'investigation suffisants et notoirement reconnu comme tel. Le respect des minimas peut\n\u00e9galement \u00eatre attest\u00e9 par un commissaire aux comptes ou par un professionnel inscrit au tableau de\nl'ordre des experts comptables.\nPr\u00e9fecture de la C\u00f4te-d'Or \n53 rue de la Pr\u00e9fecture - 21041 DIJON cedex\nt\u00e9l : 03 80 44 64 00 \nSite internet : http://www.cote-dor.gouv.fr\nPr\u00e9fecture de la C\u00f4te-d'Or - 21-2025-12-17-00006 - Arr\u00eat\u00e9 pr\u00e9fectoral n\u00b0 1851 fixant la liste des services de presse en ligne habilit\u00e9s \u00e0\npublier les annonces judiciaires et l\u00e9gales dans le d\u00e9partement de la C\u00f4te-d'Or pour l'ann\u00e9e 2026 61\nArticle   4   : L'habilitation accord\u00e9e par le pr\u00e9sent arr\u00eat\u00e9 pourra \u00eatre retir\u00e9e si le journal en ligne habilit\u00e9 \u00e0\npublier des annonces judiciaires et l\u00e9gales ne remplit plus, en cours d'ann\u00e9e, les conditions exig\u00e9es par\nla loi et ses textes d'application.\nArticle   5   : Le secr\u00e9taire g\u00e9n\u00e9ral de la pr\u00e9fecture de la C\u00f4te-d'Or  est charg\u00e9 de l'ex\u00e9cution du pr\u00e9sent\narr\u00eat\u00e9, qui sera ins\u00e9r\u00e9 au recueil des actes administratifs de la pr\u00e9fecture et sera notifi\u00e9 \u00e0 :\n- M. le Procureur G\u00e9n\u00e9ral, Pr\u00e8s la Cour d'Appel de DIJON\n- M. le Procureur de la R\u00e9publique, Pr\u00e8s le Tribunal Judiciaire de DIJON\n- M. le Pr\u00e9sident de la Chambre d\u00e9partementale des notaires \u00e0 DIJON\n- M. le Pr\u00e9sident du Tribunal de Commerce de DIJON\n- MMES. les Directrices et MM. Les Directeurs des journaux en ligne concern\u00e9s.\nDijon, le 17 d\u00e9cembre 2025\nLe Pr\u00e9fet,\nPour le pr\u00e9fet et par d\u00e9l\u00e9gation,\nLe secr\u00e9taire g\u00e9n\u00e9ral\n                                                Sign\u00e9           Denis BRUEL\n Voies et d\u00e9lais de recours : le pr\u00e9sent arr\u00eat\u00e9 peut faire l'objet, dans un d\u00e9lai de deux mois suivant sa publication, d'un recours\ngracieux aupr\u00e8s du pr\u00e9fet de la C\u00f4te-d'Or, d'un recours hi\u00e9rarchique aupr\u00e8s du ministre de l'Int\u00e9rieur - Direction de la\nmodernisation et de l'action territoriale \u2013 Place Beauvau \u2013 75008 Paris, ou d'un recours contentieux aupr\u00e8s du tribunal\nadministratif de DIJON \u2013 22, rue d'Assas BP61616 DIJON Cedex\n                        \nPr\u00e9fecture de la C\u00f4te-d'Or \n53 rue de la Pr\u00e9fecture - 21041 DIJON cedex\nt\u00e9l : 03 80 44 64 00 \nSite internet : http://www.cote-dor.gouv.fr\nPr\u00e9fecture de la C\u00f4te-d'Or - 21-2025-12-17-00006 - Arr\u00eat\u00e9 pr\u00e9fectoral n\u00b0 1851 fixant la liste des services de presse en ligne habilit\u00e9s \u00e0\npublier les annonces judiciaires et l\u00e9gales dans le d\u00e9partement de la C\u00f4te-d'Or pour l'ann\u00e9e 2026 62\nPr\u00e9fecture de la C\u00f4te-d'Or\nDirection des s\u00e9curit\u00e9s\n21-2025-12-18-00001\nArr\u00eat\u00e9 pr\u00e9fectoral N\u00b0 1845 autorisant les agents\nde la s\u00fbret\u00e9 ferroviaire de la SNCF \u00e0 proc\u00e9der \u00e0\ndes palpations de s\u00e9curit\u00e9\nPr\u00e9fecture de la C\u00f4te-d'Or - 21-2025-12-18-00001 - Arr\u00eat\u00e9 pr\u00e9fectoral N\u00b0 1845 autorisant les agents de la s\u00fbret\u00e9 ferroviaire de la SNCF \u00e0\nproc\u00e9der \u00e0 des palpations de s\u00e9curit\u00e9 63\nEnPREFETDE LACOTE-D'ORLibert\u00e9Egalit\u00e9Fraternit\u00e9\nDirection des s\u00e9curit\u00e9s\nArr\u00eat\u00e9 pr\u00e9fectoral N\u00b0 1845\nautorisant les agents de la s\u00fbret\u00e9 ferroviaire de la SNCF\n\u00e0 proc\u00e9der \u00e0 des palpations de s\u00e9curit\u00e9\nLe pr\u00e9fet de la C\u00f4te-d'Or\nVU le code des transports, et notamment son article L. 2251-9 ;\nVU le code de la s\u00e9curit\u00e9 int\u00e9rieure, et notamment son article L. 613-2 ;\nVU le d\u00e9cret n\u00b0 2004-374 du 29 avril 2004 modifi\u00e9 relatif aux pouvoirs des pr\u00e9fets, \u00e0 l'organisation\net \u00e0 l'action des services de l'\u00c9tat dans les r\u00e9gions et d\u00e9partements ;\nVU le d\u00e9cret n\u00b02016-1281 du 28 septembre 2016 modifiant le d\u00e9cret n\u00b02007-1322 du 7 septembre\n2007 relatif \u00e0 l'exercice des missions de services internes de s\u00e9curit\u00e9 de la SNCF et de la r\u00e9gie\nautonome des transports parisiens ;\nVU l'arr\u00eat\u00e9 pr\u00e9fectoral n\u00b01010/SG du 2 juillet 2025 donnant d\u00e9l\u00e9gation de signature \u00e0 M me Aur\u00e9lie\nCONTRECIVILE,  sous-pr\u00e9f\u00e8te,  directrice  de  cabinet  du  pr\u00e9fet  de  la  r\u00e9gion  Bourgogne-Franche-\nComt\u00e9, pr\u00e9fet de la C\u00f4te-d'Or ;\nVU la demande formul\u00e9e par Madame DARMENDRAIL, directrice de la zone de s\u00fbret\u00e9 Est \u00e0 la\nSNCF en date du 16 d\u00e9cembre 2025 ;\nCONSID\u00c9RANT qu'en  application  des dispositions de l'article L.  613-2 du code de la s\u00e9curit\u00e9\nint\u00e9rieure, les agents de la s\u00fbret\u00e9 ferroviaire de la SNCF, ne peuvent r\u00e9aliser des palpations de\ns\u00e9curit\u00e9 dans les gares et autres emprises de la SNCF que dans la limite de la dur\u00e9e et des lieux ou\ncat\u00e9gories  de  lieux  d\u00e9termin\u00e9s  par  arr\u00eat\u00e9  constatant  les  circonstances  particuli\u00e8res  li\u00e9es  \u00e0\nl'existence de menaces graves pour la s\u00e9curit\u00e9 publique ;\nCONSID\u00c9RANT le  maintien  de  la  posture  VIGIPIRATE  au  niveau  \u00ab  URGENCE  ATTENTAT \u00bb  sur\nl'ensemble du territoire au 1er juillet 2025 ; \nCONSID\u00c9RANT  que les troubles et altercations repr\u00e9sentent une relative augmentation en gare\navec une hausse de 36 % de cas d'introductions d'objets dangereux ;\nCONSID\u00c9RANT la n\u00e9cessit\u00e9 de pr\u00e9venir toute introduction d'armes ou d'objets dangereux en gare\nde Dijon ;\nCONSID\u00c9RANT que  ces  circonstances  justifient  la  mise  en  \u0153uvre  de  mesures  de  contr\u00f4le\nrenforc\u00e9es, notamment la possibilit\u00e9 de faire proc\u00e9der par des agents de la s\u00fbret\u00e9 ferroviaire de la\nSNCF \u00e0 des palpations de s\u00e9curit\u00e9 ;\nPr\u00e9fecture de la C\u00f4te-d'Or - 21-2025-12-18-00001 - Arr\u00eat\u00e9 pr\u00e9fectoral N\u00b0 1845 autorisant les agents de la s\u00fbret\u00e9 ferroviaire de la SNCF \u00e0\nproc\u00e9der \u00e0 des palpations de s\u00e9curit\u00e9 64\nARR\u00caTE\nArticle 1er  :  Les agents du service interne de s\u00e9curit\u00e9 (SIS s\u00fbret\u00e9 ferroviaire) de la SNCF sont\nautoris\u00e9s \u00e0 proc\u00e9der, avec le consentement des personnes, \u00e0 des palpations de s\u00e9curit\u00e9.\nCette autorisation s'applique en gare de Dijon, du vendredi 19 d\u00e9cembre 2025 au lundi 5 janvier\n2026 inclus.\nArticle 2  : La sous-pr\u00e9f\u00e8te, directrice de cabinet du pr\u00e9fet de la r\u00e9gion Bourgogne-Franche-Comt\u00e9,\npr\u00e9fet de la C\u00f4te d'Or, le directeur interd\u00e9partemental de la police nationale et la directrice de la\nzone Est  de  la s\u00fbret\u00e9  ferroviaire  de  la SNCF sont  charg\u00e9s,  chacun  en  ce qui le  concerne,  de\nl'ex\u00e9cution du pr\u00e9sent arr\u00eat\u00e9 qui sera publi\u00e9 au recueil des actes administratifs de la pr\u00e9fecture, et\ndont une copie sera adress\u00e9e \u00e0 monsieur le procureur de la R\u00e9publique pr\u00e8s le tribunal judiciaire\nde Dijon.\nFait \u00e0 Dijon, le 18 d\u00e9cembre 2025\nLe pr\u00e9fet,\nPour le pr\u00e9fet et par d\u00e9l\u00e9gation,\nLa directrice de cabinet\nORIGNAL SIGN\u00c9\nAur\u00e9lie CONTRECIVILE\nD\u00c9LAIS ET VOIES DE RECOURS\nLe pr\u00e9sent arr\u00eat\u00e9 peut \u00eatre contest\u00e9 selon les voies de recours et dans les d\u00e9lais mentionn\u00e9s ci-dessous.\nDans les deux mois \u00e0 compter de la notification du pr\u00e9sent arr\u00eat\u00e9, les recours suivants peuvent \u00eatre introduits :\n- un recours gracieux adress\u00e9 \u00e0 : Pr\u00e9fecture de la C\u00f4te-d'Or - Direction des S\u00e9curit\u00e9s - Bureau de la d\u00e9fense et de la s\u00e9curit\u00e9 \u2013 Polices administratives - \n53 rue de la Pr\u00e9fecture - 21041 Dijon Cedex\n- un recours hi\u00e9rarchique adress\u00e9 \u00e0 M. le Ministre de l'Int\u00e9rieur - Secr\u00e9tariat G\u00e9n\u00e9ral - Place Beauvau -75800 Paris Cedex 08\n- un recours contentieux adress\u00e9 au Tribunal Administratif de Dijon - 22 rue d'Assas - BP 61616 - 21016 Dijon Cedex\nLe tribunal administratif peut \u00eatre saisi par un recours d\u00e9pos\u00e9 via l'application T\u00e9l\u00e9recours citoyens accessible par le site internet www.t\u00e9l\u00e9recours.fr.\nCe recours juridictionnel doit \u00eatre d\u00e9pos\u00e9 au plus tard avant l'expiration du 2 e mois suivant la date de notification de la d\u00e9cision contest\u00e9e (ou bien\ndu 2e mois suivant la date du rejet du recours gracieux ou hi\u00e9rarchique).\nPr\u00e9fecture de la C\u00f4te-d'Or - 21-2025-12-18-00001 - Arr\u00eat\u00e9 pr\u00e9fectoral N\u00b0 1845 autorisant les agents de la s\u00fbret\u00e9 ferroviaire de la SNCF \u00e0\nproc\u00e9der \u00e0 des palpations de s\u00e9curit\u00e9 65","date":"2025-12-19","first_seen_on":"2025-12-19T17:19:48+00:00","id":"83bac946658677e6d520aa5a651aa2879ee8d8a15f6ce83814c29d858eb7d6b2","name":"RAA n\u00b0 183 du 19 d\u00e9cembre 2025","pdf_creation_date":"2025-12-19T15:15:17+00:00","pdf_modification_date":null,"timezone":"Europe/Paris","url":"https://www.cote-dor.gouv.fr/contenu/telechargement/25277/193425/file/recueil-21-2025-183-recueil-des-actes-administratifs.pdf"}
