{"administration":"pref83","administration_name":"Pr\u00e9fecture du Var","content":"VAR\nRECUEIL DES ACTES\nADMINISTRATIFS\nN\u00b083-2025-035\nPUBLI\u00c9 LE  5 F\u00c9VRIER 2025\nSommaire\nDirection d\u00e9partementale des territoires et de la mer du Var / Service\nhabitat r\u00e9novation urbaine de la DDTM\n83-2025-02-05-00003 - ARR\u00caT\u00c9 PR\u00c9FECTORAL\nDDTM/SHRU/N\u00b02025-04 du 5 f\u00e9vrier 2025\nd\u00e9l\u00e9guant l'exercice\ndu droit de pr\u00e9emption urbain\n\u00e0 l'\u00c9tablissement Public Foncier\nProvence-Alpes-C\u00f4te\u00a0d'Azur pour l'acquisition\nd'un bien\nsitu\u00e9 342 boulevard Enseigne de Vaisseau Gu\u00e9s \u00e0 Toulon (83000)\nen\napplication de l'article L. 210-1 du code de l'urbanisme. (2 pages) Page 3\nDirection d\u00e9partementale des territoires et de la mer du Var / Service\nplanifications et prospective de la DDTM\n83-2025-01-29-00003 - 20250123 AP designation RPU raa (1 page) Page 6\nPr\u00e9fecture du VAR / Direction de la coordination des politiques publiques\net de l'appui territorial\n83-2025-02-05-00001 - ARR\u00caT\u00c9 PR\u00c9FECTORAL n\u00b02025/03 /MCI du 5\nf\u00e9vrier 2025 portant d\u00e9l\u00e9gation de signature \u00e0 Mme M\u00e9lanie\nCOLLAR, directrice de la coordination des politiques publiques et de\nl'appui territorial de la pr\u00e9fecture du Var (3 pages) Page 8\n2\nDirection d\u00e9partementale des territoires et de la\nmer du Var\n83-2025-02-05-00003\nARR\u00caT\u00c9 PR\u00c9FECTORAL DDTM/SHRU/N\u00b02025-04\ndu 5 f\u00e9vrier 2025\nd\u00e9l\u00e9guant l'exercice du droit de pr\u00e9emption\nurbain\n\u00e0 l'\u00c9tablissement Public Foncier\nProvence-Alpes-C\u00f4te\u00a0d'Azur pour l'acquisition\nd'un bien situ\u00e9 342 boulevard Enseigne de\nVaisseau Gu\u00e9s \u00e0 Toulon (83000)\nen application de l'article L. 210-1 du code de\nl'urbanisme.\nDirection d\u00e9partementale des territoires et de la mer du Var - 83-2025-02-05-00003 - ARR\u00caT\u00c9 PR\u00c9FECTORAL DDTM/SHRU/N\u00b02025-04\ndu 5 f\u00e9vrier 2025\nd\u00e9l\u00e9guant l'exercice du droit de pr\u00e9emption urbain\n\u00e0 l'\u00c9tablissement Public Foncier Provence-Alpes-C\u00f4te\u00a0d'Azur pour l'acquisition\nd'un bien situ\u00e9 342 boulevard Enseigne de Vaisseau Gu\u00e9s \u00e0 Toulon (83000)\nen application de l'article L. 210-1 du code de l'urbanisme.\n3\n=mPREFETDU VARLibert\u00e9Egalit\u00e9Fraternit\u00e9\nARR\u00caT\u00c9 PR\u00c9FECTORAL DDTM/SHRU/N\u00b02024-75 du 29 octobre 2024\nd\u00e9l\u00e9guant l'exercice du droit de pr\u00e9emption urbain \u00e0 l'\u00c9tablissement Public Foncier \nProvence-Alpes-C\u00f4te d'Azur pour l'acquisition d'un bien sis avenue Emile Zola \u00e0 \nLa Seyne-sur-Mer (83500) en application de l'article L. 210-1 du code de l'urbanisme.\nLe pr\u00e9fet du Var,\nVu le code de la construction et de l'habitation et notamment ses articles L.302-5 \u00e0 L.302-9-2 \net R.302-14 \u00e0 R.302-26 ;\nVu le code de l'urbanisme et notamment son article L. 210-1 ;\nVu l'arr\u00eat\u00e9 pr\u00e9fectoral DDTM/SHRU/N\u00b02023-106 du 20 d\u00e9cembre 2023 pronon\u00e7ant la carence  \nd\u00e9finie par l'article L. 302-9-1 du code de la construction et de l'habitation au titre de la  \np\u00e9riode triennale 2020-2022 pour la commune de La Seyne-sur-Mer ;\nVu le plan local d'urbanisme de la commune de La Seyne-sur-Mer approuv\u00e9 le 15 d\u00e9cembre  \n2010, modifi\u00e9 ;\nVu la d\u00e9lib\u00e9ration n\u00b0DEL/10/332 du conseil municipal de la commune de La Seyne-sur-Mer du  \n15 d\u00e9cembre 2010 instituant un droit de pr\u00e9emption urbain simple ;\nVu la d\u00e9lib\u00e9ration n\u00b0DEL/10/333 du conseil municipal de la commune de La Seyne-sur-Mer du  \n15 d\u00e9cembre 2010 instituant un droit de pr\u00e9emption urbain renforc\u00e9 ;\nVu la d\u00e9lib\u00e9ration n\u00b022/06/182 du conseil municipal de la commune de La Seyne-sur-Mer du  \n28 juin 2022 actualisant le p\u00e9rim\u00e8tre du droit de pr\u00e9emption urbain renforc\u00e9 ;\nVu la convention habitat \u00e0 caract\u00e8re multisites m\u00e9tropolitaine sign\u00e9e les 30 novembre 2018 et \n17 d\u00e9cembre 2018 entre la M\u00e9tropole Toulon Provence M\u00e9diterran\u00e9e et l'\u00c9tablissement Public \nFoncier Provence-Alpes-C\u00f4te d'Azur ;\nVu la d\u00e9claration d'intention d'ali\u00e9ner (DIA) n\u00b0 745/2023 souscrite par Ma\u00eetre Virginie Halter, \nNotaire, Boulevard du 11 novembre 1918 \u2013 83  330 Le Beausset, r e\u00e7ue en mairie de La Seyne-\nsur-Mer le 25 juillet 2024, portant sur la vente d'un bien sis avenue Emile Zola \u00e0 La Seyne-sur-\nMer (83 500) sur les parcelles cadastr\u00e9es AH531, AH556, AH557 et AH558, au prix de vente  \nhors commission de 730 000 \u20ac , selon les modalit\u00e9s stipul\u00e9es dans la DIA ;\nConsid\u00e9rant que l'acquisition du bien, situ\u00e9 avenue Emile Zola \u00e0 La Seyne-sur-Mer (83 500), sur \nles parcelles cadastr\u00e9es AH531, AH556, AH557 et AH558,  par l'\u00c9tablissement Public Foncier  \nProvence Alpes C\u00f4te d'Azur participe \u00e0 la r\u00e9alisation d'op\u00e9rations d'am\u00e9nagement ou de  \nconstruction permettant la r\u00e9alisation des objectifs d\u00e9termin\u00e9s en application du premier  \nalin\u00e9a de l'article L.302- 8 du code de la construction et de l'habitation ;\n1/2\nDirection d\u00e9partementale\ndes territoires et de la mer du Var\nDirection d\u00e9partementale des territoires et de la mer du Var - 83-2025-02-05-00003 - ARR\u00caT\u00c9 PR\u00c9FECTORAL DDTM/SHRU/N\u00b02025-04\ndu 5 f\u00e9vrier 2025\nd\u00e9l\u00e9guant l'exercice du droit de pr\u00e9emption urbain\n\u00e0 l'\u00c9tablissement Public Foncier Provence-Alpes-C\u00f4te\u00a0d'Azur pour l'acquisition\nd'un bien situ\u00e9 342 boulevard Enseigne de Vaisseau Gu\u00e9s \u00e0 Toulon (83000)\nen application de l'article L. 210-1 du code de l'urbanisme.\n4\nConsid\u00e9rant que l'action partenariale entre la M\u00e9tropole de Toulon Provence M\u00e9diterran\u00e9e et \nl'\u00c9tablissement  Public  Foncier  Provence-Alpes-C\u00f4te  d'Azur  se  d\u00e9cline  par  la  volont\u00e9  de \nfavoriser et d'acc\u00e9l\u00e9rer l'atteinte des objectifs de production de logements sociaux ;\nConsid\u00e9rant le  d\u00e9lai  de  deux  mois  \u00e0  compter  de  la  communication  de  la  d\u00e9claration \nd'intention d'ali\u00e9ner pour faire part aux propri\u00e9taires de l'intention d'acqu\u00e9rir en application  \ndu droit de pr\u00e9emption ;\nConsid\u00e9rant la demande de pi\u00e8ces compl\u00e9mentaires et de visite faite le 20 septembre 2024 ;\nConsid\u00e9rant les pi\u00e8ces compl\u00e9mentaires re\u00e7ues le 4 octobre 2024 ;\nConsid\u00e9rant la r\u00e9alisation de la visite du bien le 4 octobre 2024 ;\nSur proposition du directeur d\u00e9partemental des territoires et de la mer du Var,\nARR\u00caTE \nArticle   1  er  \nL'exercice du droit de pr\u00e9emption pour l'acquisitio n du bien d\u00e9fini \u00e0 l'article 2 est d\u00e9l\u00e9gu\u00e9 \u00e0  \nl'\u00c9tablissement Public Foncier Provence-Alpes-C\u00f4te d'Azur en application de  l'article L.210 -1 \ndu code de l'urbanisme.\nLe bien acquis contribuera \u00e0 la r\u00e9alisation des objectifs fix\u00e9s en application du premier alin\u00e9a  \nde l'article L.302-8 du code de la construction et de l'habitation.\nArticle 2\nLe bien concern\u00e9 par le pr\u00e9sent arr\u00eat\u00e9, situ\u00e9 avenue Emile Zola \u00e0 La Seyne-sur-Mer (83 500) sur \nles parcelles cadastr\u00e9es AH531, AH556, AH557 , et AH558, est un t\u00e8nement immobilier avec  \nterrain attenant sur une assiette fonci\u00e8re d'une superficie 1 916 m\u00b2.\nArticle 3\nLe Secr\u00e9taire G\u00e9n\u00e9ral de la Pr\u00e9fecture du Var et le Directeur D\u00e9partemental des Territoires et \nde la Mer du Var sont charg\u00e9s, chacun en ce qui le concerne, de l'ex\u00e9cution du pr\u00e9sent arr\u00eat\u00e9  \nqui sera publi\u00e9 au Recueil des Actes Administratifs de l'\u00c9tat et notifi\u00e9 aux int\u00e9ress\u00e9s.\nFait \u00e0 Toulon, le 29 octobre 2024\nPour le Pr\u00e9fet et par d\u00e9l\u00e9gation,\nLe secr\u00e9taire g\u00e9n\u00e9ral\nSIGN\u00c9\nLucien GIUDICELLI\nD\u00e9lais et voies de recours :\nConform\u00e9ment \u00e0 l'article R 421-1 du code de justice administrative, la pr\u00e9sente d\u00e9cision peut faire l'objet d'un recours contentieux, dans le d\u00e9lai de  \ndeux mois \u00e0 compter de sa notification, devant le tribunal administratif de Toulon. Elle peut \u00e9galement faire l'objet d'un recours gracieux aupr\u00e8s de  \nMonsieur le Pr\u00e9fet du Var. Cette d\u00e9marche interrompt le d\u00e9lai de recours contentieux, ce dernier devant \u00eatre introduit dans le d\u00e9lai de deux mois  \nsuivant une d\u00e9cision implicite ou explicite de l'autorit\u00e9 comp\u00e9tente (le silence de l'administration pendant un d\u00e9lai de deux mois valant d\u00e9cision  \nimplicite de rejet). Le tribunal administratif peut \u00eatre saisi par l'application informatique \u00ab  T\u00e9l\u00e9recours citoyens \u00bb accessible par le site inte rnet \nwww.telerecours.fr.\n2/2\nDirection d\u00e9partementale des territoires et de la mer du Var - 83-2025-02-05-00003 - ARR\u00caT\u00c9 PR\u00c9FECTORAL DDTM/SHRU/N\u00b02025-04\ndu 5 f\u00e9vrier 2025\nd\u00e9l\u00e9guant l'exercice du droit de pr\u00e9emption urbain\n\u00e0 l'\u00c9tablissement Public Foncier Provence-Alpes-C\u00f4te\u00a0d'Azur pour l'acquisition\nd'un bien situ\u00e9 342 boulevard Enseigne de Vaisseau Gu\u00e9s \u00e0 Toulon (83000)\nen application de l'article L. 210-1 du code de l'urbanisme.\n5\nDirection d\u00e9partementale des territoires et de la\nmer du Var\n83-2025-01-29-00003\n20250123 AP designation RPU raa\nDirection d\u00e9partementale des territoires et de la mer du Var - 83-2025-01-29-00003 - 20250123 AP designation RPU raa 6\n=mPREFETDU VARLibert\u00e9Egalit\u00e9Fraternit\u00e9\nDirection d\u00e9partementale\ndes territoires et de la mer du Var\nARR\u00caT\u00c9 PR\u00c9FECTORAL n\u00b0 DDTM/SPP/PSIGALE/2025-1 du 29 janvier 2025\nPortant nomination du r\u00e9f\u00e9rent pr\u00e9fectoral \u00e0 l'instruction des projets de \nd\u00e9veloppement des \u00e9nergies renouvelables et des projets industriels n\u00e9cessaires \u00e0 la \ntransition \u00e9nerg\u00e9tique\nLe pr\u00e9fet du Var,\nVu la loi n\u00b0 2023-175 du 10 mars 2023 relative \u00e0 l'acc\u00e9l\u00e9ration de la production d'\u00e9nergies  \nrenouvelables et notamment son article 15 codifi\u00e9 \u00e0 l'article L. 141-5-3 du Code de l'\u00c9nergie ;\nVu le Code de l'environnement, notamment son article L. 181-28-10 ;\nVu  le d\u00e9cret du pr\u00e9sident de la R\u00e9publique du 13 juillet 2023 portant nomination de M  \nPhilippe Mah\u00e9, en qualit\u00e9 de pr\u00e9fet du d\u00e9partement du Var ;\nVu le d\u00e9cret du pr\u00e9sident de la R\u00e9publique du 14 novembre 2024 portant nomination de  \nMme Anne C\u00e9cile VIALLE , en qualit\u00e9 de sous-pr\u00e9f\u00e8te de l'arrondissement de Brignoles ;\nARR\u00caTE\nArticle 1     :\nMme Anne C\u00e9cile VIALLE , sous-pr\u00e9f\u00e8te de l'arrondissement de Brignoles, est nomm\u00e9 r\u00e9f\u00e9rent \npr\u00e9fectoral \u00e0 l'instruction des projets de d\u00e9veloppement des \u00e9nergies renouvelables et des  \nprojets industriels n\u00e9cessaires \u00e0 la transition \u00e9nerg\u00e9tique en application de l'article L. 181-28-\n10 du Code de l'environnement.\nArticle 2     :\nLe pr\u00e9sent arr\u00eat\u00e9 sera notifi\u00e9 \u00e0 l'int\u00e9ress\u00e9 et publi\u00e9 au recueil des actes administratifs de la  \npr\u00e9fecture du Var.\nArticle 3     : D\u00e9lais et voies de recours\nLe pr\u00e9sent arr\u00eat\u00e9 est susceptible de faire l'objet d'un recours contentieux devant le Tribunal  \nadministratif de Toulon dans un d\u00e9lai de deux mois \u00e0 compter de sa notification.\nCe recours contentieux peut \u00eatre adress\u00e9 par voie postale ou par l'application informatique  \nT\u00e9l\u00e9recours, accessible par le lien : https://www.telerecours.fr.\nFait \u00e0 Toulon, \nLe Pr\u00e9fet\nPhilippe MAHE\n1/1\nDirection d\u00e9partementale des territoires et de la mer du Var - 83-2025-01-29-00003 - 20250123 AP designation RPU raa 7\nPr\u00e9fecture du VAR\n83-2025-02-05-00001\nARR\u00caT\u00c9 PR\u00c9FECTORAL n\u00b02025/03 /MCI du 5\nf\u00e9vrier 2025 portant d\u00e9l\u00e9gation de signature \u00e0\nMme M\u00e9lanie COLLAR, directrice de la\ncoordination des politiques publiques et de\nl'appui territorial de la pr\u00e9fecture du Var\nPr\u00e9fecture du VAR - 83-2025-02-05-00001 - ARR\u00caT\u00c9 PR\u00c9FECTORAL n\u00b02025/03 /MCI du 5 f\u00e9vrier 2025 portant d\u00e9l\u00e9gation de signature \u00e0\nMme M\u00e9lanie COLLAR, directrice de la coordination des politiques publiques et de l'appui territorial de la pr\u00e9fecture du Var 8\n=mPREFETDU VARLibert\u00e9Egalit\u00e9Fraternit\u00e9\nDirection de la coordination des politiques publiques\net de l'appui territorial\nMission de coordination interminist\u00e9rielle\nARR\u00caT\u00c9 PR\u00c9FECTORAL n\u00b02025/03 /MCI du 5 f\u00e9vrier 2025\nportant d\u00e9l\u00e9gation de signature \u00e0 Mme M\u00e9lanie COLLAR,\ndirectrice de la coordination des politiques publiques\net de l'appui territorial de la pr\u00e9fecture du Var\nLe Pr\u00e9fet du Var,\nOfficier de la L\u00e9gion d'Honneur\nVu la loi n\u00b0 82-213 du 2 mars 1982 modifi\u00e9e relative aux droits et libert\u00e9s des communes, des  \nd\u00e9partements et des r\u00e9gions ;\nVu la loi n\u00b0 83-8 du 7 janvier 1983 modifi\u00e9e relative \u00e0 la r\u00e9partition des comp\u00e9tences entre les  \ncommunes, les d\u00e9partements, les r\u00e9gions et l'\u00c9tat ;\nVu  la  loi  d'orientation  n\u00b0  92-125  du  6  f\u00e9vrier  1992  modifi\u00e9e  relative  \u00e0  l'administration \nterritoriale de la R\u00e9publique ;\nVu la loi n\u00b0 2004-809 du 13 ao\u00fbt 2004 modifi\u00e9e relative aux libert\u00e9s et responsabilit\u00e9s locales ;\nVu le d\u00e9cret n\u00b0 97-34 du 15 janvier 1997 modifi\u00e9 relatif \u00e0 la d\u00e9concentration des d\u00e9cisions  \nadministratives individuelles ;\nVu  le  d\u00e9cret  n\u00b0  2004-374  du  29  avril  2004  modifi\u00e9  relatif  aux  pouvoirs  des  pr\u00e9fets,  \u00e0 \nl'organisation et \u00e0 l'action des services de l'\u00c9tat dans les r\u00e9gions et d\u00e9partements ;\nVu  le  d\u00e9cret  n\u00b0  2007-1488  du  17  octobre  2007  modifi\u00e9  relatif  \u00e0  l'emploi  de  conseiller \nd'administration de l'int\u00e9rieur et de l'outre-mer ;\nVu le d\u00e9cret n\u00b0 2015-510 du 7 mai 2015 portant charte de la d\u00e9concentration ;\nVu  le  d\u00e9cret  du  Pr\u00e9sident  de  la  R\u00e9publique  du  15  avril  2022  portant  nomination  de \nM.  Lucien  GIUDICELLI,  secr\u00e9taire  g\u00e9n\u00e9ral  de  la  pr\u00e9fecture  du  Var,  sous-pr\u00e9fet  de \nl'arrondissement de Toulon ; \nVu  le  d\u00e9cret  du  Pr\u00e9sident  de  la  R\u00e9publique  du  13  juillet  2023  portant  nomination  de \nM. Philippe MAHE, pr\u00e9fet du Var ;\nVu  l'arr\u00eat\u00e9  pr\u00e9fectoral  n\u00b0  2024/43/MCI  du  30  d\u00e9cembre  2024  portant  organisation  des \nservices de la pr\u00e9fecture du Var ;\nVu l'arr\u00eat\u00e9 n\u00b0 U13155110985329 du 30 d\u00e9cembre 2024 du minist\u00e8re de l'Int\u00e9rieur portant  \nnomination  de  Mme  M\u00e9lanie  COLLAR  dans  un  emploi  fonctionnel  de  conseiller \nd'administration de l'Int\u00e9rieur et de l'outre-mer (CAIOM) \u00e0 compter du 1er f\u00e9vrier 2025 ;\n1\nPr\u00e9fecture du VAR - 83-2025-02-05-00001 - ARR\u00caT\u00c9 PR\u00c9FECTORAL n\u00b02025/03 /MCI du 5 f\u00e9vrier 2025 portant d\u00e9l\u00e9gation de signature \u00e0\nMme M\u00e9lanie COLLAR, directrice de la coordination des politiques publiques et de l'appui territorial de la pr\u00e9fecture du Var 9\nVu l'arr\u00eat\u00e9 n\u00b0 U13155110985414  du 30 d\u00e9cembre 2024 du minist\u00e8re de l'Int\u00e9rieur  portant \naffectation de Mme M\u00e9lanie COLLAR, conseill\u00e8re d'administration de l'Int\u00e9rieur et de l'outre-\nmer,  sur  l'emploi  de  directrice  de  la  coordination  des  politiques  publiques  et  de  l'appui \nterritorial de la pr\u00e9fecture du Var \u00e0 compter du 1er f\u00e9vrier 2025 ;\nSur proposition du secr\u00e9taire g\u00e9n\u00e9ral de la pr\u00e9fecture ; \nARR\u00caTE :\nARTICLE 1er : D\u00e9l\u00e9gation est donn\u00e9e \u00e0 Mme M\u00e9lanie COLLAR , conseill\u00e8re d'administration de \nl'Int\u00e9rieur  et  de  l'outre-mer,  directrice  de  la  coordination  des  politiques  publiques  et  de \nl'appui territorial, aux fins de signer, dans la limite des attributions de cette direction,  tous \nactes,  documents  et  correspondances  ne  pr\u00e9sentant  pas  un  caract\u00e8re  d\u00e9cisionnel,  \u00e0 \nl'exclusion des requ\u00eates et m\u00e9moires aupr\u00e8s des juridictions, des lettres circulaires et des  \nlettres personnelles aux \u00e9lus.\nARTICLE 2  : D\u00e9l\u00e9gation est \u00e9galement donn\u00e9e \u00e0  Mme M\u00e9lanie COLLAR,  aux fins de signer,  \ndans la limite des attributions de cette direction,  les actes \u00e9num\u00e9r\u00e9s ci-apr\u00e8s, \u00e0 l'exception  \ndes d\u00e9cisions d\u00e9favorables ou portant retrait d'autorisation :\na)  les  r\u00e9c\u00e9piss\u00e9s  de  d\u00e9clarations  d'installations  class\u00e9es  pour  la  protection  de \nl'environnement,  de  d\u00e9clarations  de  transports  de  d\u00e9chets,  de  d\u00e9clarations  de \ncourtage ou n\u00e9goce de d\u00e9chets ;\nb) les d\u00e9rogations \u00e0 la r\u00e9glementation sur le bruit pour travaux de nuit ;\nc) les certifications conformes des actes des Domaines ;\nd) les actes de  gestion financi\u00e8re des  subventions d'investissement accord\u00e9es par le  \npr\u00e9fet et li\u00e9es \u00e0 l'investissement des collectivit\u00e9s et \u00e0 l'am\u00e9nagement du territoire (hors \ncontrat de plan \u00c9tat-R\u00e9gion) :  DSIL \u2013 DSID - FNADT \u2013 DETR \u2013 MSAP \u2013 Intemp\u00e9ries \u2013  \nFonds  vert  et  toutes  autres  subventions  dont  la  gestion  financi\u00e8re  rel\u00e8ve  de  la \ndirection.\nARTICLE  3 :  D\u00e9l\u00e9gation de  signature  est  donn\u00e9e  \u00e0 M.  David  DOLIQUE,  attach\u00e9  principal \nd'administration de l'\u00c9tat, adjoint \u00e0 la directrice,  chef du bureau de l'environnement et du  \nd\u00e9veloppement durable, pour les actes vis\u00e9s \u00e0 l'article 1er dans les limites des attributions de  \nce bureau et pour les attributions mentionn\u00e9es aux a) et b) de l'article 2.\nEn cas d'absence ou d'emp\u00eachement de M. David DOLIQUE, la d\u00e9l\u00e9gation de signature est  \nexerc\u00e9e dans les m\u00eames conditions par Mme Catherine FALOURD, attach\u00e9e d'administration  \nde l'\u00c9tat, adjointe au chef du bureau.\nARTICLE  4 : D\u00e9l\u00e9gation de  signature  est  donn\u00e9e  \u00e0 Mme  Anne-laure  BARREIRO,  attach\u00e9e \nprincipale d'administration de l'\u00c9tat,  cheffe du bureau  du d\u00e9veloppement des territoires , \npour les actes vis\u00e9s \u00e0 l'article 1er dans les limites des attributions de ce bureau.\nARTICLE  5 :  D\u00e9l\u00e9gation  de  signature  est  donn\u00e9e  \u00e0  Mme  Viviane  SCHULER, attach\u00e9e  \nd'administration de l'\u00c9tat, cheffe de la mission de coordination interminist\u00e9rielle,  pour les  \nactes vis\u00e9s \u00e0 l'article 1er ci-dessus relevant des missions de ce service et pour l'attribution  \nmentionn\u00e9e au c) de l'article 2. \n2\nPr\u00e9fecture du VAR - 83-2025-02-05-00001 - ARR\u00caT\u00c9 PR\u00c9FECTORAL n\u00b02025/03 /MCI du 5 f\u00e9vrier 2025 portant d\u00e9l\u00e9gation de signature \u00e0\nMme M\u00e9lanie COLLAR, directrice de la coordination des politiques publiques et de l'appui territorial de la pr\u00e9fecture du Var10\nARTICLE 6  : D\u00e9l\u00e9gation de signature est donn\u00e9e \u00e0 Mme Catherine LEPECUCHEL, attach\u00e9e  \nd'administration de l'\u00c9tat, cheffe du bureau des subventions d'investissement, pour les actes  \nvis\u00e9s \u00e0 l'article 1er dans les limites des attributions de ce bureau et pour les attributions  \nmentionn\u00e9es aux d) de l'article 2.\nARTICLE 7 : En cas d'absence ou d'emp\u00eachement de Mme M\u00e9lanie COLLAR, la d\u00e9l\u00e9gation qui  \nlui est consentie aux articles 1 er et 2 du pr\u00e9sent arr\u00eat\u00e9, est exerc\u00e9e dans les m\u00eames conditions  \npar :\n\u2022 M.  David  DOLIQUE,  attach\u00e9  principal  d'administration  de  l'\u00c9tat,  adjoint  au \ndirecteur, chef du bureau de l'environnement et du d\u00e9veloppement durable.\nARTICLE 8  : L'arr\u00eat\u00e9 pr\u00e9fectoral n\u00b02024/47/MCI du 22 octobre 2024 portant d\u00e9l\u00e9gation de  \nsignature \u00e0 M. David DOLIQUE pour assurer l'int\u00e9rim du directeur de la coordination des  \npolitiques publiques et de l'appui territorial est abrog\u00e9.\n  \nARTICLE 9  : Le  secr\u00e9taire g\u00e9n\u00e9ral de la pr\u00e9fecture  et le  directeur de la coordination des  \npolitiques publiques et de l'appui territorial sont charg\u00e9s, chacun en ce qui le concerne, de  \nl'ex\u00e9cution  du  pr\u00e9sent  arr\u00eat\u00e9  qui sera  publi\u00e9  au  recueil  des  actes  administratifs  de  la \npr\u00e9fecture du Var.\nFait \u00e0 Toulon, le 5 f\u00e9vrier 2025\nLe Pr\u00e9fet du VAR\nSign\u00e9\nPhilippe MAH\u00c9\n3\nPr\u00e9fecture du VAR - 83-2025-02-05-00001 - ARR\u00caT\u00c9 PR\u00c9FECTORAL n\u00b02025/03 /MCI du 5 f\u00e9vrier 2025 portant d\u00e9l\u00e9gation de signature \u00e0\nMme M\u00e9lanie COLLAR, directrice de la coordination des politiques publiques et de l'appui territorial de la pr\u00e9fecture du Var11","date":"2025-02-05","first_seen_on":"2025-02-05T17:29:17+00:00","id":"83cf2739a110e2760a5d433f39971dbc5d410d6e62d95cad241efe73efce8362","name":"RAA N\u00b035 du 5 f\u00e9vrier 2025","pdf_creation_date":"2025-02-05T16:17:55+00:00","pdf_modification_date":null,"timezone":"CET","url":"https://www.var.gouv.fr/contenu/telechargement/39120/257201/file/RAA%20N%C2%B035%20du%205%20f%C3%A9vrier%202025%20Non%20nominatif.pdf"}
