{"administration":"prefidf","administration_name":"Pr\u00e9fecture de la r\u00e9gion \u00cele-de-France","content":"PREFECTURE\nREGION ILE DE\nFRANCE\nRECUEIL DES ACTES\nADMINISTRATIFS SP\u00c9CIAL\nN\u00b0IDF-036-2025-11\nPUBLI\u00c9 LE 21 NOVEMBRE 2025\nSommaire\nAgence R\u00e9gionale de Sant\u00e9 /\nIDF-2025-11-17-00011 - Arr\u00eat\u00e9 2025-286 portant autorisation de\ntransformation par requalification de 20 places d\u00e9ficience intellectuelle\nen 20 places Troubles du spectre de l'autisme (TSA) de l'Etablissement et\nService d'Accompagnement par le Travail (ESAT) L\u00e9opold Bellan \u00e0 Paris\n13\u00e8me g\u00e9r\u00e9 par la Fondation L\u00e9opold Bellan (3 pages) Page 4\nIDF-2025-11-18-00007 - Arr\u00eat\u00e9 conjoint 2025-DD94-46 portant\nrenouvellement de l'autorisation du Service d'Accompagnement\nM\u00e9dico-social pour Adultes handicaps (SAMSAH) du Parc \u00e0\nSaint-Maur-des-Foss\u00e9s et g\u00e9r\u00e9 par l'association Union pour la\nD\u00e9fense de la Sant\u00e9 Mentale (UDSM) (3 pages) Page 8\nIDF-2025-11-17-00012 - Arr\u00eat\u00e9 conjoint n\u00b02025-DD94-45 portant\nrenouvellement de l'autorisation de l'Etablissement d'Accueil\nM\u00e9dicalis\u00e9 (EAM) \"SILVAE\" \u00e0 Villecresnes g\u00e9r\u00e9 par la Fondation\ndes Amis de l'Atelier (3 pages) Page 12\nIDF-2025-11-12-00007 - Arr\u00eat\u00e9 n\u00b0 2025-310 portant requalification du \nSPASAD ASAD en SAD mixte sis \u00e0 Paris (75010) \ng\u00e9r\u00e9 par\nl'association ASAD \n (4 pages) Page 16\nIDF-2025-11-12-00008 - Arr\u00eat\u00e9 n\u00b0 2025-311 portant requalification du \nSPASAD FOSAD en SAD mixte sis \u00e0 Paris (75006)\ng\u00e9r\u00e9 par\nl'association FOSAD \n (4 pages) Page 21\nIDF-2025-11-12-00009 - Arr\u00eat\u00e9 n\u00b0 2025-312 portant requalification du     \nSPASAD Notre Village en SAD mixte sis \u00e0 Paris (75015) g\u00e9r\u00e9 par\nl'association Notre Village\n  (4 pages) Page 26\nIDF-2025-11-17-00010 - Arr\u00eat\u00e9 n\u00b02025-285 portant autorisation\nd'extension de la file active du centre m\u00e9dico-psycho-p\u00e9dagogique\n(CMPP) Marx Dormoy \u00e0 Massy (91300) g\u00e9r\u00e9 par l'association\nd\u00e9partementale des pupilles de l'enseignement public de l'Essonne\n(ADPEP91) (3 pages) Page 31\nIDF-2025-11-18-00006 - Arr\u00eat\u00e9 n\u00b02025-DD94-47 portant\nrenouvellement de l'autorisation du Service d'Education Sp\u00e9ciale et de\nSoins \u00e0 Domicile (SESSAD) ARELIA \u00e0 Villeneuve-Saint-Georges g\u00e9r\u00e9\npar l'association \"Actions et Ressources pour l'Inclusion Sociale par le Soin\net l'Education\" (ARISSE) (4 pages) Page 35\nAgence R\u00e9gionale de Sant\u00e9 / Agence r\u00e9gionale de sant\u00e9\nd'Ile-de-France-Direction de la Veille et S\u00e9curit\u00e9 Sanitaire\nIDF-2025-11-20-00009 - D\u00e9cision n\u00b0 DVSS - QSPHARMBIO - 2025 /\n120\nportant renouvellement de l'autorisation de la pharmacie \u00e0\nusage int\u00e9rieur\ndu Centre d'H\u00e9modialyse de l'Estr\u00e9e (3 pages) Page 40\n2\nIDF-2025-11-19-00008 - D\u00e9cision n\u00b0 DVSS - QSPHARMBIO - 2025 /\n137\nportant renouvellement de l'autorisation de la pharmacie \u00e0\nusage int\u00e9rieur de la Clinique de Pierrefitte-sur-Seine (3 pages) Page 44\nIDF-2025-11-19-00007 - D\u00e9cision n\u00b0 DVSS - QSPHARMBIO -\n2025/104\nportant modification de l'autorisation n\u00b0 DVSS -\nQSPHARMBIO - 2024/043 de la pharmacie \u00e0 usage int\u00e9rieur de\nl'h\u00f4pital priv\u00e9 de l'Ouest Parisien (2 pages) Page 48\nRectorat de la r\u00e9gion acad\u00e9mique d'Ile-de-France, rectorat de\nl'acad\u00e9mie de Paris /\nIDF-2025-11-17-00013 - Arr\u00eat\u00e9 n\u00b0 2025-170-RRA portant agr\u00e9ment au\ntitre de la Jeunesse et de l'\u00c9ducation Populaire pour l'association PARIS\nUNIVERSITE CLUB (PUC) - SDJES de Paris  (2 pages) Page 51\nIDF-2025-11-17-00014 - Arr\u00eat\u00e9 n\u00b0 2025-171-RRA portant reconnaissance\ndu tronc commun d'agr\u00e9ment d'une association PARIS UNIVERSITE\nCLUB (PUC) - SDJES de Paris (2 pages) Page 54\n3\nAgence R\u00e9gionale de Sant\u00e9\nIDF-2025-11-17-00011\nArr\u00eat\u00e9 2025-286 portant autorisation de\ntransformation par requalification de 20 places\nd\u00e9ficience intellectuelle en 20 places Troubles\ndu spectre de l'autisme (TSA) de l'Etablissement\net Service d'Accompagnement par le Travail\n(ESAT) L\u00e9opold Bellan \u00e0 Paris 13\u00e8me g\u00e9r\u00e9 par la\nFondation L\u00e9opold Bellan\nAgence R\u00e9gionale de Sant\u00e9 - IDF-2025-11-17-00011 - Arr\u00eat\u00e9 2025-286 portant autorisation de transformation par requalification de 20\nplaces d\u00e9ficience intellectuelle en 20 places Troubles du spectre de l'autisme (TSA) de l'Etablissement et Service d'Accompagnement\npar le Travail (ESAT) L\u00e9opold Bellan \u00e0 Paris 13\u00e8me g\u00e9r\u00e9 par la Fondation L\u00e9opold Bellan\n4\nREPUBLIQUEFRAN\u00c7AISELibert\u00e9Egalit\u00e9Fraternit\u00e9 \u00a9 > Agence R\u00e9gionale de Sant\u00e9Ile-de-France\n \n \n \n \n \n \n \n \n \nAGENCE R\u00c9GIONALE DE SANT\u00c9 \u00ceLE-DE-FRANCE \n \nARRETE N\u00b0 2025 - 286 \n \nportant autorisation de transformation par requalification de 20 places d\u00e9ficience \nintellectuelle en 20 places Troubles du spectre de l'autisme (TSA) de l'Etablissement et \nService d'Accompagnement par le Travail (ESAT) L\u00e9opold Bellan sis 5 rue Jean S\u00e9bastien \nBach \u00e0 Paris (75013),  \n \ng\u00e9r\u00e9 par la Fondation L\u00e9opold Bellan     \n \n \n \nLE DIRECTEUR G\u00c9N\u00c9RAL DE L'AGENCE R\u00c9GIONALE DE SANT\u00c9 \u00ceLE-DE-FRANCE \n \n \nVU le code de l'action sociale et des familles et notamment les articles L. 312 -1, L. 313-1, L. \n314-3 et suivants ; \n \nVU        le d\u00e9cret du 10 avril 2024 portant nomination de Monsieur Denis ROBIN, Directeur g\u00e9n\u00e9ral \nde l'Agence r\u00e9gionale de sant\u00e9 \u00cele-de-France \u00e0 compter du 29 avril 2024 ; \n \nVU l'arr\u00eat\u00e9 DS N\u00b0115/2024 du 25 septembre 2024 portant d\u00e9l\u00e9gation de signature \u00e0 Madame \nSt\u00e9phanie TALBOT, Directrice de l'autonomie ; \n \nVU l'arr\u00eat\u00e9 n\u00b0 DIRNOV-2023/08 de la Directrice g\u00e9n\u00e9rale de l'Agence r\u00e9gionale de sant\u00e9 \u00cele-\nde-France en date du 26 octobre 2023 portant adoption du cadre d'orientation strat\u00e9gique \n2018-2028 du projet r\u00e9gional de sant\u00e9 d'\u00cele-de-France ; \n \nVU l'arr\u00eat\u00e9 n\u00b0 DIRNOV-2023/09 de la Directrice g\u00e9n\u00e9rale de l'Agence r\u00e9gionale de sant\u00e9 \u00cele-\nde-France en date du 26 octobre 2023 portant adoption du sch\u00e9ma r\u00e9gional de sant\u00e9 \n2023-2028 du projet r\u00e9gional de sant\u00e9 d'\u00cele -de-France, modifi\u00e9 par l'arr\u00eat\u00e9 n\u00b0DIRNOV -\n2023/09 en date du 12 janvier 2024 ; \n \nVU l'arr\u00eat\u00e9 n\u00b0 2023-346 de la Directrice g\u00e9n\u00e9rale de l'Agence r\u00e9gionale de sant\u00e9 \u00cele-de-France \nen date du 4 d\u00e9cembre 2023 \u00e9tablissant le programme interd\u00e9partemental \nd'accompagnement des handicaps et de la perte d'autonomie (PRIAC) 2023-2027 pour la \nr\u00e9gion \u00cele-de-France ; \n \nVU       l'arr\u00eat\u00e9 n\u00b02011-19 portant autorisation d'extension de 15 places de l'ESAT L\u00e9opold Bellan, \nportant ainsi la capacit\u00e9 \u00e0 82 places ; \n \nVU la demande de la Fondation L\u00e9opold Bellan visant \u00e0 la transformation par requalification \nde 20 places d\u00e9ficience intellectuelle en 20 places TSA ; \n \n \n \n \nAgence R\u00e9gionale de Sant\u00e9 - IDF-2025-11-17-00011 - Arr\u00eat\u00e9 2025-286 portant autorisation de transformation par requalification de 20\nplaces d\u00e9ficience intellectuelle en 20 places Troubles du spectre de l'autisme (TSA) de l'Etablissement et Service d'Accompagnement\npar le Travail (ESAT) L\u00e9opold Bellan \u00e0 Paris 13\u00e8me g\u00e9r\u00e9 par la Fondation L\u00e9opold Bellan\n5\n       2 \n \nCONSID\u00c9RANT   que ce projet s'inscrit dans la transformation des ESAT et la poursuite des \ndynamiques d'inclusion pour des jeunes avec autisme pour lesquels un \n\u00e9tayage dans la d\u00e9finition de leur projet professionnel est n\u00e9cessaire ;  \n \nCONSID\u00c9RANT  que le projet r\u00e9pond \u00e0 un besoin de d\u00e9veloppement de l'offre m\u00e9dico -\nsociale identifi\u00e9 sur le d\u00e9partement de Paris ; \n \nCONSID\u00c9RANT qu'il est compatible avec les objectifs et r\u00e9pond aux besoins sociaux et \nm\u00e9dico-sociaux fix\u00e9s par le sch\u00e9ma r\u00e9gional de sant\u00e9 ;  \n \nCONSID\u00c9RANT qu'il satisfait aux r\u00e8gles d'organisation et de fonctionnement pr\u00e9vues par le \ncode de l'action sociale et des familles ;  \n \nCONSID\u00c9RANT qu'il pr\u00e9sente un co\u00fbt de fonctionnement en ann\u00e9e pleine compatible avec \nle PRIAC \u00cele -de-France et avec le montant de l'une des dotations \nmentionn\u00e9es \u00e0 l'article L. 314-3 du code de l'action sociale et des familles ; \n \nCONSID\u00c9RANT que l'Agence r\u00e9gionale de sant\u00e9 \u00cele-de-France dispose pour ce projet des \ncr\u00e9dits n\u00e9cessaires \u00e0 sa mise en \u0153uvre \u00e0 hauteur de 120 000 \u20ac. \n \n \n \nARR\u00caTE  \n \nARTICLE 1er : L'autorisation visant \u00e0 la transformation par requalification de 20 places d\u00e9ficience \nintellectuelle en 20 places TSA de l'ESAT L\u00e9opold Bellan sis 5 rue Jean S\u00e9bastien \nBach \u00e0 Paris (75013) destin\u00e9es \u00e0 accueillir des adultes \u00e0 partir de 20 ans, est \naccord\u00e9e \u00e0 la Fondation L\u00e9opold Bellan  dont le si\u00e8ge social se situe au 64 Rue du \nRocher \u00e0 Paris (75008). \n \nARTICLE 2e :  La capacit\u00e9 totale de l'ESAT L\u00e9opold Bellan est maintenue \u00e0 82 places d'accueil de \njour destin\u00e9es \u00e0 des adultes, ainsi r\u00e9parties : \n \n\u2022 62 places pour adultes d\u00e9ficients intellectuels ; \n\u2022 20 places pour adultes porteurs de TSA. \n \nARTICLE 3e :  Conform\u00e9ment aux termes du dernier alin\u00e9a du I de l'article D. 312 -0-3 du code de \nl'action sociale et des familles, aucune sp\u00e9cialisation n'exclut la prise en charge de \npersonnes pr\u00e9sentant des troubles associ\u00e9s \u00e0 ceux qui font l'objet de la pr\u00e9sente \nautorisation.  \n \nARTICLE 4e :  Cette structure est r\u00e9pertori\u00e9e dans le Fichier National des Etablissements Sanitaires \net Sociaux (FINESS) de la fa\u00e7on suivante : \n \nN\u00b0 FINESS de l'\u00e9tablissement : 75 071 048 5 \n \nCode cat\u00e9gorie : \n \n[246] \u2013 ESAT  \nCode discipline : [908] \u2013 Aide par le travail pour adultes handicap\u00e9s  \n \nCode fonctionnement : \n \n[21] \u2013 Accueil de jour  \n \n \n82 places \nCode client\u00e8le : [117] \u2013 D\u00e9ficience intellectuelle \n[437] \u2013 Troubles du spectre de l'autisme \n62 places \n20 places \nAgence R\u00e9gionale de Sant\u00e9 - IDF-2025-11-17-00011 - Arr\u00eat\u00e9 2025-286 portant autorisation de transformation par requalification de 20\nplaces d\u00e9ficience intellectuelle en 20 places Troubles du spectre de l'autisme (TSA) de l'Etablissement et Service d'Accompagnement\npar le Travail (ESAT) L\u00e9opold Bellan \u00e0 Paris 13\u00e8me g\u00e9r\u00e9 par la Fondation L\u00e9opold Bellan\n6\nsig\"\n       3 \n \n \n \nCode mode de fixation des tarifs : [34] ARS / DG dotation globale \n \nN\u00b0 FINESS du gestionnaire : 75 072 060 9 \n \nCode statut : [63] - Fondation \n \nARTICLE 5e :   Conform\u00e9ment aux dispositions de l'article D. 313-12-1 du code de l'action sociale et \ndes familles, la pr\u00e9sente autorisation est valable sous r\u00e9serve de la transmission, aux \nautorit\u00e9s comp\u00e9tentes, avant la date d'entr\u00e9e en service de la nouvelle capacit\u00e9 \nautoris\u00e9e, d'une d\u00e9claration sur l'honneur attestant de la conformit\u00e9 de \nl'\u00e9tablissement ou du service aux conditions techniques minimales d'organisation et \nde fonctionnement mentionn\u00e9es au II de l'article L. 312-1 du m\u00eame code. \n \nARTICLE 6e :   Elle est caduque en l'absence d'ouverture au public de l'\u00e9tablissement ou du service \ndans un d\u00e9lai de quatre ans suivant la notification de la d\u00e9cision d'autorisation \nconform\u00e9ment aux articles L. 313-1 et D. 313-7-2 du code de l'action sociale et des \nfamilles. \n \nARTICLE 7e :   Tout changement important dans l'activit\u00e9, l'installation, l'organisation, la direction ou \nle fonctionnement de l'\u00e9tablissement ou du service doit \u00eatre port\u00e9 \u00e0 la connaissance \nde l'autorit\u00e9 comp\u00e9tente. \n \nARTICLE 8e :  Un recours contre le pr\u00e9sent arr\u00eat\u00e9 peut \u00eatre form\u00e9 devant le tribunal administratif \ncomp\u00e9tent dans un d\u00e9lai de deux mois \u00e0 compter de sa notification ou, pour les tiers, \n\u00e0 compter de sa publication.   \n \nARTICLE 9e :   Le Directeur de la d\u00e9l\u00e9gation d\u00e9partementale de Paris de l'Agence r\u00e9gionale de sant\u00e9 \n\u00cele-de-France est charg\u00e9 de l'ex\u00e9cution du pr\u00e9sent arr\u00eat\u00e9 qui sera publi\u00e9 au recueil \ndes actes administratifs de la R\u00e9gion \u00cele-de-France. \n \n \n \n        Fait \u00e0 Saint-Denis, le 17 nov. 2025  \n \n Pour le Directeur g\u00e9n\u00e9ral  \n de l'Agence r\u00e9gionale de sant\u00e9  \n  \u00cele-de-France et par d\u00e9l\u00e9gation \n                                       \n \n \n \n  St\u00e9phanie TALBOT \n \n   \n \n \n \nAgence R\u00e9gionale de Sant\u00e9 - IDF-2025-11-17-00011 - Arr\u00eat\u00e9 2025-286 portant autorisation de transformation par requalification de 20\nplaces d\u00e9ficience intellectuelle en 20 places Troubles du spectre de l'autisme (TSA) de l'Etablissement et Service d'Accompagnement\npar le Travail (ESAT) L\u00e9opold Bellan \u00e0 Paris 13\u00e8me g\u00e9r\u00e9 par la Fondation L\u00e9opold Bellan\n7\nAgence R\u00e9gionale de Sant\u00e9\nIDF-2025-11-18-00007\nArr\u00eat\u00e9 conjoint 2025-DD94-46 portant\nrenouvellement de l'autorisation du Service\nd'Accompagnement M\u00e9dico-social pour Adultes\nhandicaps (SAMSAH) du Parc \u00e0\nSaint-Maur-des-Foss\u00e9s et g\u00e9r\u00e9 par l'association\nUnion pour la D\u00e9fense de la Sant\u00e9 Mentale\n(UDSM)\nAgence R\u00e9gionale de Sant\u00e9 - IDF-2025-11-18-00007 - Arr\u00eat\u00e9 conjoint 2025-DD94-46 portant renouvellement de l'autorisation du\nService d'Accompagnement M\u00e9dico-social pour Adultes handicaps (SAMSAH) du Parc \u00e0 Saint-Maur-des-Foss\u00e9s et g\u00e9r\u00e9 par\nl'association Union pour la D\u00e9fense de la Sant\u00e9 Mentale (UDSM)\n8\nREPUBLIQUEFRAN\u00c7AISELibert\u00e9Egalit\u00e9Fraternit\u00e9\nVAR VAL deAVAMARNELe D\u00e9partementAr@ D Agence R\u00e9gionale de Sant\u00e9lle-de-France\n \n                                                                                 \n \n                                              \n \n \n \nAGENCE R\u00c9GIONALE DE SANT\u00c9 \u00ceLE-DE-FRANCE \nD\u00c9PARTEMENT DU VAL-DE-MARNE \n \nArr\u00eat\u00e9 conjoint 2025 - DD94 - 46 \n  \n \nPortant renouvellement de l'autorisation du Service d'Accompagnement M\u00e9dico-Social \npour Adultes Handicap\u00e9s (SAMSAH) du Parc sis 15 Av. de Lattre de Tassigny, 94100 Saint-\nMaur-des-Foss\u00e9s et g\u00e9r\u00e9 l'association  \nUnion pour la D\u00e9fense de la Sant\u00e9 Mentale (UDSM) \n \n \n \nLE DIRECTEUR G\u00c9N\u00c9RAL DE L'AGENCE R\u00c9GIONALE DE SANT\u00c9 \u00ceLE-DE-FRANCE \nLE PR\u00c9SIDENT DU D\u00c9PARTEMENT DU VAL-DE-MARNE \n \n \nVU le Code de l'action sociale et des familles et notamment les articles L. 312-1, L. 313-1,   \nL. 314-3 et suivants ; \n \nVU le Code g\u00e9n\u00e9ral des collectivit\u00e9s territoriales  et notamment les articles L. 3411 -1 et \nsuivants ; \n \nVU      le d\u00e9cret du 10 avril 2024  portant nomination de M onsieur Denis ROBIN , Direct eur \ng\u00e9n\u00e9rale de l'Agence r\u00e9gionale de sant\u00e9 \u00cele-de-France \u00e0 compter du 29 avril 2024 ; \n \nVU l'arr\u00eat\u00e9 du 29 avril 2024 n\u00b0 DS 046/2024 portant d\u00e9l\u00e9gation de signature du Directeur \ng\u00e9n\u00e9ral de l'Agence r\u00e9gionale de sant\u00e9 \u00cele-de-France vers le directeur de la d\u00e9l\u00e9gation du \nD\u00e9partement du Val-de-Marne ; \n \nVU le proc\u00e8s -verbal de la s\u00e9ance du Conseil d\u00e9partemental en date du 1 er juillet 2021, \nd\u00e9clarant \u00e9lu pr\u00e9sident du Val-de-Marne Monsieur, Olivier CAPITANIO ; \n \nVU l'arr\u00eat\u00e9 n\u00b0 DIRNOV-2023/08 de la Directrice g\u00e9n\u00e9rale de l'Agence r\u00e9gionale de sant\u00e9 \u00cele-\nde-France en date du 26 octobre 2023 portant adoption du cadre d'orientation strat\u00e9gique \n2018-2028 du projet r\u00e9gional de sant\u00e9 d'\u00cele-de-France ; \n \nVU l'arr\u00eat\u00e9 n\u00b0 DIRNOV-2023/09 de la Directrice g\u00e9n\u00e9rale de l'Agence r\u00e9gionale de sant\u00e9 \u00cele-\nde-France en date du 26 octobre 2023 portant adoption du sch\u00e9ma r\u00e9gional de sant\u00e9 \n2023-2028 du projet r\u00e9gional de sant\u00e9 d' \u00cele-de-France, modifi\u00e9 par l'arr\u00eat\u00e9 N\u00b0DIRNOV -\n2023/09 en date du 12 janvier 2024 ; \n \nVU l'arr\u00eat\u00e9 n\u00b02023-346 de la Directrice g\u00e9n\u00e9rale de l'Agence r\u00e9gionale de sant\u00e9 \u00cele-de-France \nen date du  4 d\u00e9cembre 202 3 \u00e9tablissant le programme interd\u00e9partemental \nd'accompagnement des handicaps et de la perte d'autonomie (PRIAC) 2023-2027 pour la \nr\u00e9gion \u00cele-de-France ; \n \nVU  la d\u00e9lib\u00e9ration n\u00b0 2020 -7-3.2.30 du 14 d\u00e9cembre 2020 adopt\u00e9e par le Conseil \nD\u00e9partemental du Val-de-Marne et relative au Sch\u00e9ma pour l'autonomie \u00e0 destination des \npersonnes \u00e2g\u00e9es, des personnes en situation de handicap et de leurs aidants (2020 -\n2025) ; \n \nAgence R\u00e9gionale de Sant\u00e9 - IDF-2025-11-18-00007 - Arr\u00eat\u00e9 conjoint 2025-DD94-46 portant renouvellement de l'autorisation du\nService d'Accompagnement M\u00e9dico-social pour Adultes handicaps (SAMSAH) du Parc \u00e0 Saint-Maur-des-Foss\u00e9s et g\u00e9r\u00e9 par\nl'association Union pour la D\u00e9fense de la Sant\u00e9 Mentale (UDSM)\n9\n2 \n \nVU l'arr\u00eat\u00e9 conjoint N\u00b02010 / 200 portant autorisation de cr\u00e9ation \u00e0 hauteur de 20 places d'un \nservice d'accompagnement m\u00e9dico-social pour adultes handicap\u00e9s (SAMSAH) \u00e0 Saint -\nMaur-des-Foss\u00e9s g\u00e9r\u00e9 par l'association UDSM ; \n \n \nVU l'arr\u00eat\u00e9 N\u00b02018 \u2013 174 portant autorisation d'extension de capacit\u00e9 de 20 \u00e0 26 places au \nSAMSAH du Parc \u00e0 Saint -Maur-des-Foss\u00e9s (94) g\u00e9r\u00e9 par l'association \u00ab  Union pour la \nD\u00e9fense de la Sant\u00e9 Mentale \u00bb (UDSM) ; \n \nVU  les conclusions du rapporteur de l'\u00e9valuation adress\u00e9es \u00e0 l'Agence r\u00e9gionale de sant\u00e9 \u00cele-\nde-France et au D\u00e9partement du Val-de-Marne le 10 janvier 2024 ;  \n \n \n \nCONSID\u00c9RANT que les \u00e9l\u00e9ments pr\u00e9sent\u00e9s dans le rapport d'\u00e9valuation et le plan d'action \nsont satisfaisants ;  \n \nCONSID\u00c9RANT          que ce renouvellement d'autorisation peut s'effectuer \u00e0 moyens constants \net n'entraine donc aucun surco\u00fbt ; \n \n \nARRETENT \n \n \nARTICLE 1er :  L'autorisation d\u00e9livr\u00e9e \u00e0 l'association UDSM relative \u00e0 la gestion d u SAMSAH \u00ab du \nParc \u00bb sis 15 Av. de Lattre de Tassigny, 94100 Saint -Maur-des-Foss\u00e9s destin\u00e9e \u00e0 \naccompagner des adultes \u00e0 partir de 20 ans, est renouvel\u00e9e \u00e0 compter du 16 novembre \n2025, pour une dur\u00e9e de 15 ans. \n \n \nARTICLE 2e :  La capacit\u00e9 totale du SAMSAH du Parc est de 26 places destin\u00e9es \u00e0 prendre en charge \ndes adultes \u00e0 partir de 20 ans ;  \n \n \nARTICLE 3e :  Conform\u00e9ment aux termes du dernier alin\u00e9a du I de l'article D. 312 -0-3 du Code de \nl'action sociale et des familles, aucune sp\u00e9cialisation n'exclut la prise en charge de \npersonnes pr\u00e9sentant des troubles associ\u00e9s \u00e0 ceux qui font l'objet de la pr\u00e9sente \nautorisation.  \n \n \nARTICLE 4e :   Cette structure est r\u00e9pertori\u00e9e dans le Fichier National des Etablissements Sanitaires \net Sociaux (FINESS) de la fa\u00e7on suivante : \n \n \nN\u00b0 FINESS de l'\u00e9tablissement : 94 001 672 8 \n \nCode cat\u00e9gorie : [445] Service d'accompagnement m\u00e9dico-social \nadultes handicap\u00e9s  \n \nCode discipline :  [966] Accueil et accompagnement m\u00e9dicalis\u00e9 \npersonnes handicap\u00e9es :  \n \nCode fonctionnement :  [16] Prestation en milieu ordinaire 26 places \n \nCode client\u00e8le : [206] Handicap psychique \nAgence R\u00e9gionale de Sant\u00e9 - IDF-2025-11-18-00007 - Arr\u00eat\u00e9 conjoint 2025-DD94-46 portant renouvellement de l'autorisation du\nService d'Accompagnement M\u00e9dico-social pour Adultes handicaps (SAMSAH) du Parc \u00e0 Saint-Maur-des-Foss\u00e9s et g\u00e9r\u00e9 par\nl'association Union pour la D\u00e9fense de la Sant\u00e9 Mentale (UDSM)\n10\nsig\"Sig\n3 \n \n  \nCode mode de fixation des \ntarifs : \n \n[09] ARS / CD Mixte \nN\u00b0 FINESS du gestionnaire : 94 072 140 0 \n \nCode statut : [61] Association Loi 1901 Reconnue d'Utilit\u00e9 \nPublique \n \n \nARTICLE 5 e :   Tout changement important dans l'activit\u00e9, l'installation, l'organisation, la direction ou \nle fonctionnement de l'\u00e9tablissement ou du service doit \u00eatre port\u00e9 \u00e0 la connaissance \ndu Directeur g\u00e9n\u00e9ral de l'Agence r\u00e9gionale de sant\u00e9 \u00cele-de-France et au Pr\u00e9sident du \nD\u00e9partement du Val-de-Marne. \n \n \nARTICLE 6e : Un recours contre le pr\u00e9sent arr\u00eat\u00e9 peut \u00eatre form\u00e9 devant le tribunal administratif \ncomp\u00e9tent dans un d\u00e9lai de deux mois \u00e0 compter de sa notification ou, pour les tiers, \n\u00e0 compter de sa publication.   \n \n \nARTICLE 7e :    Le Directeur de la d\u00e9l\u00e9gation d\u00e9partementale du Val-de-Marne de l'Agence r\u00e9gional de \nsant\u00e9 \u00cele-de-France et le Pr\u00e9sident du D\u00e9partement du Val -de-Marne sont charg\u00e9s , \nchacun en ce qui le concerne, de l'ex\u00e9cution du pr\u00e9sent arr\u00eat\u00e9 qui sera publi\u00e9 aux \nrecueils des actes administratifs de la R\u00e9gion \u00cele-de-France et du D\u00e9partement du Val-\nde-Marne. \n \n \n         \nFait \u00e0 Cr\u00e9teil, le 18 novembre 2025 \n \n \n \n \nPour le Directeur g\u00e9n\u00e9ral \nDe l'Agence r\u00e9gionale de sant\u00e9  \n\u00cele-de-France et par d\u00e9l\u00e9gation  \nLe Directeur de la d\u00e9l\u00e9gation \nd\u00e9partementale du Val-de-Marne  \n \n Le Pr\u00e9sident  \ndu D\u00e9partement du Val-de-Marne \n \n \n \n \n \n \nEric VECHARD \n \n  \n \n \n \n \nOlivier CAPITANIO \n \n \nAgence R\u00e9gionale de Sant\u00e9 - IDF-2025-11-18-00007 - Arr\u00eat\u00e9 conjoint 2025-DD94-46 portant renouvellement de l'autorisation du\nService d'Accompagnement M\u00e9dico-social pour Adultes handicaps (SAMSAH) du Parc \u00e0 Saint-Maur-des-Foss\u00e9s et g\u00e9r\u00e9 par\nl'association Union pour la D\u00e9fense de la Sant\u00e9 Mentale (UDSM)\n11\nAgence R\u00e9gionale de Sant\u00e9\nIDF-2025-11-17-00012\nArr\u00eat\u00e9 conjoint n\u00b02025-DD94-45 portant\nrenouvellement de l'autorisation de\nl'Etablissement d'Accueil M\u00e9dicalis\u00e9 (EAM)\n\"SILVAE\" \u00e0 Villecresnes g\u00e9r\u00e9 par la Fondation des\nAmis de l'Atelier\nAgence R\u00e9gionale de Sant\u00e9 - IDF-2025-11-17-00012 - Arr\u00eat\u00e9 conjoint n\u00b02025-DD94-45 portant renouvellement de l'autorisation de\nl'Etablissement d'Accueil M\u00e9dicalis\u00e9 (EAM) \"SILVAE\" \u00e0 Villecresnes g\u00e9r\u00e9 par la Fondation des Amis de l'Atelier 12\nVAL deMARNELe D\u00e9partementQue a 4FRANCAISE@ D Agence R\u00e9gionale de Sant\u00e9Libert\u00e9 EB\u00c9galit\u00e9 Ile-de-FranceFraternit\u00e9 AVA\n \n                                                                                 \n \n                                                                                                                        \n \n \n \nAGENCE R\u00c9GIONALE DE SANTE \u00cele-de-France \nD\u00c9PARTEMENT DU VAL-DE-MARNE \n \nArr\u00eat\u00e9 conjoint n\u00b0 2025-DD94-45 \n  \n \nPortant renouvellement de l'autorisation de l'Etablissement d'Accueil M\u00e9dicalis\u00e9 (EAM) \n\u00ab SILVAE \u00bb sis 68 Rue d'Yerres situ\u00e9 \u00e0 Villecresnes (94 440), g\u00e9r\u00e9 par la Fondation des \nAmis de l'Atelier \n \n \n \nLE DIRECTEUR G\u00c9N\u00c9RAL DE L'AGENCE R\u00c9GIONALE DE SANT\u00c9 \u00ceLE-DE-FRANCE \nLE PR\u00c9SIDENT DU DEPARTEMENT DU VAL-DE-MARNE \n \n \nVU le Code de l'action sociale et des familles et notamment les articles L. 312-1, L. 313-1,   \nL. 314-3 et suivants ; \n \nVU le Code g\u00e9n\u00e9ral des collectivit\u00e9s territoriales  ; notamment les articles L. 3411 -1 et \nsuivants ; \n \nVU      le d\u00e9cret du 10 avril 2024 portant nomination de Monsieur Denis ROBIN, Directeur g\u00e9n\u00e9ral \nde l'Agence r\u00e9gionale de sant\u00e9 \u00cele-de-France \u00e0 compter du 29 avril 2024 ; \n \nVU l'arr\u00eat\u00e9 du 29 avril 2024 n\u00b0 DS 046/2024 portant d\u00e9l\u00e9gation de signature du Directeur \ng\u00e9n\u00e9ral de l'Agence r\u00e9gionale de sant\u00e9 \u00cele-de-France vers le Directeur de la d\u00e9l\u00e9gation \nd\u00e9partementale du Val-de-Marne et en cas d'absence vers le  Directeur adjoint de la \nd\u00e9l\u00e9gation d\u00e9partementale du Val-de-Marne ; \n \nVU le proc\u00e8s -verbal de la s\u00e9ance du Conseil d\u00e9partemental en date du 1 er juillet 2021, \nd\u00e9clarant \u00e9lu pr\u00e9sident du Val-de-Marne Monsieur, Olivier CAPITANIO ; \n \nVU l'arr\u00eat\u00e9 n\u00b0 DIRNOV-2023/08 de la Directrice g\u00e9n\u00e9rale de l'Agence r\u00e9gionale de sant\u00e9 Ile-\nde-France en date du 26 octobre 2023 portant adoption du cadre d'orientation strat\u00e9gique \n2018-2028 du projet r\u00e9gional de sant\u00e9 d'Ile-de-France ; \n \nVU l'arr\u00eat\u00e9 n\u00b0 DIRNOV-2023/09 de la Directrice g\u00e9n\u00e9rale de l'Agence r\u00e9gionale de sant\u00e9 Ile-\nde-France en date du 26 octobre 2023 portant adoption du sch\u00e9ma r\u00e9gional de sant\u00e9 \n2023-2028 du projet r\u00e9gional de sant\u00e9 d'Ile-de-France, modifi\u00e9 par l'arr\u00eat\u00e9 N\u00b0DIRNOV -\n2023/09 en date du 12 janvier 2024 ; \n \nVU l'arr\u00eat\u00e9 n\u00b02023-346 de la Directrice g\u00e9n\u00e9rale de l'Agence r\u00e9gionale de sant\u00e9 \u00cele-de-France \nen date du  4 d\u00e9cembre 202 3 \u00e9tablissant le programme interd\u00e9partemental \nd'accompagnement des handicaps et de la perte d'autonomie (PRIAC) 2023-2027 pour la \nr\u00e9gion Ile-de-France ; \n \nVU  la d\u00e9lib\u00e9ration n\u00b0 2020 -7-3.2.30 du 14 d\u00e9cembre 2020 adopt\u00e9e par le Conseil \nD\u00e9partemental du Val-de-Marne et relative au Sch\u00e9ma pour l'autonomie \u00e0 destination des \npersonnes \u00e2g\u00e9es, des personnes en situation de handicap et de leurs aidants (2020 -\n2025) ; \n \nAgence R\u00e9gionale de Sant\u00e9 - IDF-2025-11-17-00012 - Arr\u00eat\u00e9 conjoint n\u00b02025-DD94-45 portant renouvellement de l'autorisation de\nl'Etablissement d'Accueil M\u00e9dicalis\u00e9 (EAM) \"SILVAE\" \u00e0 Villecresnes g\u00e9r\u00e9 par la Fondation des Amis de l'Atelier 13\n2 \n \nVU l'arr\u00eat\u00e9 n\u00b0 2010-201 du 16 Novembre 2010, portant autorisation de cr\u00e9ation \u00e0 hauteur de               \n48 places d'un foyer d'accueil m\u00e9dicalis\u00e9  (FAM) SILVAE \u00e0 Villecresnes g\u00e9r\u00e9 par \nl'association \u00ab les Amis de l'Atelier \u00bb ; \n \n \nVU  les conclusions du rapporteur de l'\u00e9valuation externe adress\u00e9es \u00e0 l' Agence r\u00e9gionale de \nsant\u00e9 \u00cele-de-France et au D\u00e9partement du Val-de-Marne le 19 juillet 2024 ;  \n \n \nCONSID\u00c9RANT que les \u00e9l\u00e9ments pr\u00e9sent\u00e9s dans le rapport d'\u00e9valuation et le plan d'action \nsont satisfaisants ;  \n \nCONSID\u00c9RANT          que ce renouvellement d'autorisation peut s'effectuer \u00e0 moyens constants \net n'entraine donc aucun surco\u00fbt ; \n \n \nARR\u00caTENT \n \n \nARTICLE 1er :  L'autorisation d\u00e9livr\u00e9e \u00e0 la Fondation des Amis de l'Atelier relative \u00e0 la gestion de \nl'Etablissement d'Accueil M\u00e9dicalis\u00e9 (EAM)  SILVAE sis 68 Rue d'Yerres situ\u00e9 \u00e0 \nVillecresnes (94 440) est renouvel\u00e9e \u00e0 compter du 17 Novembre 2025 pour une dur\u00e9e \nde 15 ans. \n \n \nARTICLE 2e :  La capacit\u00e9 totale de l'Etablissement d'Accueil M\u00e9dicalis\u00e9 (EAM)  SILVAE est de 4 8 \nplaces destin\u00e9es \u00e0 prendre en charge des adultes \u00e0 partir de 20 ans r\u00e9parties comme \nsuit : \n- 38 places d'h\u00e9bergement \n- 2 places d'accueil temporaire avec h\u00e9bergement \n- 8 places d'accueil de jour \n \n \nARTICLE 3e :  Conform\u00e9ment aux termes du dernier alin\u00e9a du I de l'article D. 312 -0-3 du Code de \nl'action sociale et des familles, aucune sp\u00e9cialisation n'exclut la prise en charge de \npersonnes pr\u00e9sentant des troubles associ\u00e9s \u00e0 ceux qui font l'objet de la pr\u00e9sente \nautorisation.  \n \nARTICLE 4e :   Cette structure est r\u00e9pertori\u00e9e dans le Fichier National des Etablissements Sanitaires \net Sociaux (FINESS) de la fa\u00e7on suivante : \n \n \nN\u00b0 FINESS de l'\u00e9tablissement : 94 001 667 8 \n \nCode cat\u00e9gorie : [448] Etablissement d'accueil m\u00e9dicalis\u00e9 \n \nCode discipline :  [966] Accueil et accompagnement m\u00e9dicalis\u00e9 \npersonnes handicap\u00e9es \n \nCode fonctionnement :  [11] H\u00e9bergement Complet Internat : 38 places \n[40] Accueil temporaire avec h\u00e9bergement : 2 \nplaces \n[21] Accueil de jour : 8 places \nAgence R\u00e9gionale de Sant\u00e9 - IDF-2025-11-17-00012 - Arr\u00eat\u00e9 conjoint n\u00b02025-DD94-45 portant renouvellement de l'autorisation de\nl'Etablissement d'Accueil M\u00e9dicalis\u00e9 (EAM) \"SILVAE\" \u00e0 Villecresnes g\u00e9r\u00e9 par la Fondation des Amis de l'Atelier 14\n(70 sige'\n3 \n \n \nCode client\u00e8le : [206] Handicap psychique \n  \nCode mode de fixation des \ntarifs : \n \n[09] ARS / CD Mixte \nN\u00b0 FINESS du gestionnaire : 92 000 141 9 \n \nCode statut : [63] Fondation \n \n \n \nARTICLE 5 e :   Tout changement important dans l'activit\u00e9, l'installation, l'organisation, la direction ou \nle fonctionnement de l'\u00e9tablissement ou du service doit \u00eatre port\u00e9 \u00e0 la connaissance \ndu Directeur g\u00e9n\u00e9ral de l'Agence r\u00e9gionale de sant\u00e9 Ile-de-France et au Pr\u00e9sident du \nD\u00e9partement du Val-de-Marne. \n \nARTICLE 6e : Un recours contre le pr\u00e9sent arr\u00eat\u00e9 peut \u00eatre form\u00e9 devant le tribunal administratif \ncomp\u00e9tent dans un d\u00e9lai de deux mois \u00e0 compter de sa notification ou, pour les tiers, \n\u00e0 compter de sa publication.   \n \nARTICLE 7e :    Le Directeur de la d\u00e9l\u00e9gation d\u00e9partementale du Val-de-Marne de l'Agence r\u00e9gional de \nsant\u00e9 \u00cele-de-France et le Pr\u00e9sident du D\u00e9partement du Val -de-Marne sont charg\u00e9s , \nchacun en ce qui le concerne, de l'ex\u00e9cution du pr\u00e9sent arr\u00eat\u00e9 qui sera publi\u00e9 aux \nrecueils des actes administratifs de la R\u00e9gion \u00cele-de-France et du D\u00e9partement du Val-\nde-Marne. \n \n         \nFait \u00e0 Cr\u00e9teil, le 17 Novembre 2025 \n \n \n \n \nPour le Directeur g\u00e9n\u00e9ral  \nde l'Agence r\u00e9gionale de sant\u00e9  \n\u00cele-de-France et par d\u00e9l\u00e9gation  \nLe Directeur adjoint de la d\u00e9l\u00e9gation \nd\u00e9partementale du Val-de-Marne \n \n \n \n \n \nDr Matthieu BOUSSARIE \n \nLe Pr\u00e9sident  \ndu D\u00e9partement du Val-de-Marne \n \n \n \n \n \n \n \n \nOlivier CAPITANIO \n \n \n \n \n \n \n  \n \n \nAgence R\u00e9gionale de Sant\u00e9 - IDF-2025-11-17-00012 - Arr\u00eat\u00e9 conjoint n\u00b02025-DD94-45 portant renouvellement de l'autorisation de\nl'Etablissement d'Accueil M\u00e9dicalis\u00e9 (EAM) \"SILVAE\" \u00e0 Villecresnes g\u00e9r\u00e9 par la Fondation des Amis de l'Atelier 15\nAgence R\u00e9gionale de Sant\u00e9\nIDF-2025-11-12-00007\nArr\u00eat\u00e9 n\u00b0 2025-310 portant requalification du \nSPASAD ASAD en SAD mixte sis \u00e0 Paris (75010) \ng\u00e9r\u00e9 par l'association ASAD \nAgence R\u00e9gionale de Sant\u00e9 - IDF-2025-11-12-00007 - Arr\u00eat\u00e9 n\u00b0 2025-310 portant requalification du  SPASAD ASAD en SAD mixte sis \u00e0\nParis (75010) \ng\u00e9r\u00e9 par l'association ASAD \n16\nREPUBLIQUE A 4 \u0178FRAN\u00c7AISE \u00a9 D Agence R\u00e9gionale de Sant\u00e9 VILLE DELibert\u00e9 \u00cele-de-France PA R l SEgalit\u00e9Fraternit\u00e9\n  \n \n \n \n \n \n \n \nARR\u00caT\u00c9 N\u00b0 2025 - 310 \nportant requalification du Service polyvalent d'aide et de soins \u00e0 domicile (SPASAD) \nASAD en Service autonomie \u00e0 domicile proposant des activit\u00e9s d'aide et de soins \ninfirmiers (SAD mixte) sis au 132 rue du Faubourg Saint Denis \u00e0 Paris (75010)  \ng\u00e9r\u00e9 par l'association ASAD  \n \nLE DIRECTEUR G\u00c9N\u00c9RAL DE L'AGENCE R\u00c9GIONALE DE SANT\u00c9 \u00ceLE-DE-FRANCE \nLA MAIRE DE PARIS  \n \n \nVU le code de l'action sociale et des familles et notamment les articles L312-1, L312-7, L313-1-3 ; \n \nVU le code g\u00e9n\u00e9ral des collectivit\u00e9s territoriales ; \n \nVU  le d\u00e9cret n\u00b0 2023 -608 du 13 juillet 2023 relatif aux services autonomie \u00e0 domicile et notamment son \narticle 4  \n \nVU  \n \n \nVU \n \n \nVU \nle d\u00e9cret du 10 avril 2024 portant nomination de Monsieur Denis ROBIN, Directeur g\u00e9n\u00e9ral de l'Agence \nr\u00e9gionale de sant\u00e9 \u00cele-de-France \u00e0 compter du 29 avril 2024 ; \n \nl'arr\u00eat\u00e9 DS N\u00b0115/2024 du 25 septembre 2024 portant d\u00e9l\u00e9gation de signature \u00e0 Madame St\u00e9phanie \nTALBOT, Directrice de l'autonomie ; \n \nl'arr\u00eat\u00e9 de d\u00e9l\u00e9gation de signature \u00e0 Monsieur Jacques BERGER, Directeur adjoint des Solidarit\u00e9s de \nla Ville de Paris ; \n \nVU l'arr\u00eat\u00e9 n\u00b0 DIRNOV -2023/08 du 26 octobre 2023 de la Directrice g\u00e9n\u00e9rale de l'Agence r\u00e9gionale de \nsant\u00e9 \u00cele-de-France portant modification du cadre d'orientation strat\u00e9gique 2018-2028 du projet r\u00e9gional \nde sant\u00e9 \u00cele-de-France ; \n \nVU l'arr\u00eat\u00e9 n\u00b0 DIRNOV -2023/09 du 26 octobre 2023 de la Directrice g\u00e9n\u00e9rale de l'Agence r\u00e9gionale de \nsant\u00e9 \u00cele-de-France portant adoption du sch\u00e9ma r\u00e9gional de sant\u00e9 2023 -2028 du projet r\u00e9gional de \nsant\u00e9 \u00cele-de-France ; \n \nVU \n \nle Sch\u00e9ma Seniors \u00e0 Paris 2022 -2026 adopt\u00e9 par le Conseil de Paris en date des 15 au 18 novembre \n2022 ; \n \nVU \n \n \n \nl'arr\u00eat\u00e9 n\u00b0 2023-162 de la Directrice g\u00e9n\u00e9rale de l'Agence r\u00e9gionale de sant\u00e9 \u00cele-de-France en date du \n19 juin 2023 \u00e9tablissant le programme interd\u00e9partemental d'accompagnement des handicaps et de la \nperte d'autonomie (PRIAC) 2022-2026 pour la r\u00e9gion \u00cele-de-France ; \nVU l'arr\u00eat\u00e9 conjoint n\u00b0 2007-178_87 du 27 juin 2007 accordant la d\u00e9nomination de service polyvalent d'aide \net de soins \u00e0 domicile aux services de soins infirmiers \u00e0 domicile et au service d'aide et \nd'accompagnement de l'ASAD, sis ensemble 132 rue du Faubourg Saint Denis dans le 10 \u00e8me \narrondissement de Paris ; \n \nVU l'arr\u00eat\u00e9 conjoint n\u00b0 2016-155 du 16 juin 2016 portant regroupement des autorisations et modification des \ncapacit\u00e9s des deux services polyvalents d'aide et de soins \u00e0 domicile pour personnes \u00e2g\u00e9es et \nhandicap\u00e9es de Paris g\u00e9r\u00e9s par l'association ASAD Paris Centre et ASAD 9 -10, portant sa capacit\u00e9 \ntotale \u00e0 327 places ; \nAgence R\u00e9gionale de Sant\u00e9 - IDF-2025-11-12-00007 - Arr\u00eat\u00e9 n\u00b0 2025-310 portant requalification du  SPASAD ASAD en SAD mixte sis \u00e0\nParis (75010) \ng\u00e9r\u00e9 par l'association ASAD \n17\n \n \n \nVU le renouvellement de l'autorisation de l'association ASAD \u00e0 g\u00e9rer un SPASAD , accord\u00e9e par courrier \nconjoint ARS/Ville de Paris du 28 novembre 2019, jusqu'au 27 juin 2032 ; \n \nVU l'arr\u00eat\u00e9 n\u00b0 2022-159 du 20 septembre 2022 portant autorisation de diminution de capacit\u00e9 de 327 \u00e0 305 \nplaces au SPASAD de l'ASAD, sis 132 rue du Faubourg Saint Denis \u00e0 Paris X\u00e8me, g\u00e9r\u00e9 par l'association \nASAD ;  \n \nVU la demande du gestionnaire actuel visant \u00e0 cr\u00e9er un Service autonomie \u00e0 domicile proposant des \nactivit\u00e9s d'aide et de soins infirmiers (SAD mixte) par requalification du SPASAD ; \n \n \nCONSID\u00c9RANT l'avis favorable \u00e9mis par les services de l'Agence r\u00e9gionale de sant\u00e9 \u00cele-de-France et la \nVille de Paris pour la requalification du SPASAD de l'ASAD en SAD mixte ; \nCONSID\u00c9RANT que l'identification d'une offre minimale d'activit\u00e9 en soin pour le SAD ASAD, au sein du \nterritoire DAC pr\u00e9existant et faisant partie de sa zone d'intervention, plus large et dont la \nd\u00e9limitation est l'objet du pr\u00e9sent arr\u00eat\u00e9, permettra d'\u00e9viter des zones blanches sur le \nterritoire garantissant \u00e0 chaque Parisien une \u00e9galit\u00e9 d'acc\u00e8s aux dispositifs ; \n \nCONSID\u00c9RANT que le projet satisfait aux r\u00e8gles d'organisation et de fonctionnement pr\u00e9vues par le code \nde l'action sociale et des familles et au d\u00e9cret n\u00b0 2023-608 du 13 juillet 2023 ; \n \n \nARR\u00caTENT \n \n \nARTICLE 1er : L'autorisation de requalification du SPASAD ASAD sis au 132 rue du Faubourg Saint Denis \n\u00e0 Paris (75010) en SAD mixte est accord\u00e9e au profit de l'association ASAD.  \n \nCette autorisation vaut habilitation \u00e0 l'aide sociale l\u00e9gale. \n \n \nARTICLE 2e : \n \nLa capacit\u00e9 totale du SAD mixte sur le volet soins est fix\u00e9e \u00e0 305 places r\u00e9parties de la \nmani\u00e8re suivante : \n- 283 places destin\u00e9es aux personnes \u00e2g\u00e9es \n- 12 places destin\u00e9es aux personnes handicap\u00e9es \n- 10 places au titre de l'\u00e9quipe sp\u00e9cialis\u00e9e Alzheimer.  \n \nSur le volet aide et accompagnement \u00e0 domicile, le SAD mixte intervient en mode \nprestataire aupr\u00e8s des personnes \u00e2g\u00e9es et /ou en situation de handicap sans limitation \nquant au nombre de personnes accompagn\u00e9es. \n \n \nARTICLE 3e : Le SAD ASAD est autoris\u00e9 \u00e0 intervenir pour l'activit\u00e9 d'aide, d'accompagnement et de soins \nsur le territoire de Paris qui constitue sa zone d'intervention.  \n \nLe service organise ses prestations de soins \u00e0 hauteur minimale de 80% de sa capacit\u00e9 sur \nles territoires suivants : \n- DAC CENTRE couvrant les 1er, 2\u00e8me, 3\u00e8me, 4\u00e8me, 5\u00e8me et 6\u00e8me arrondissements de \nParis \n- DAC NORD-EST couvrant les 9\u00e8me, 10\u00e8me et 19\u00e8me arrondissements de Paris. \n \n  \nAgence R\u00e9gionale de Sant\u00e9 - IDF-2025-11-12-00007 - Arr\u00eat\u00e9 n\u00b0 2025-310 portant requalification du  SPASAD ASAD en SAD mixte sis \u00e0\nParis (75010) \ng\u00e9r\u00e9 par l'association ASAD \n18\n \n \n \n \nARTICLE 4e : \n \n \n \n \nCette structure est r\u00e9pertori\u00e9e dans le Fichier National des Etablissements Sanitaires et \nSociaux (FINESS) de la fa\u00e7on suivante : \n \n \n \nEntit\u00e9 juridique Association ASAD \nAdresse 132 rue du Faubourg Saint Denis \u2013 75010 PARIS   \nN\u00b0 FINESS EJ 75 082 912 9 \nStatut 60 - Association Loi 1901 non R.U.P \nEtablissement SAD ASAD \nAdresse 132 rue du Faubourg Saint Denis \u2013 75010 PARIS   \nN\u00b0 FINESS ET 75 082 913 7 \nCat\u00e9gorie 209 - SAAS  \n \nEquipements :  \n \n \n \n \nPublic \nconcern\u00e9 \nTriplet \u00e0 s\u00e9lectionner \nCapacit\u00e9 \nDiscipline Mode de \nfonctionnement Client\u00e8le \n \n \n \nPersonnes \n\u00e2g\u00e9es \n \n358 - Soins \u00e0 \ndomicile \n16 \u2013 Prestation \nen milieu \nordinaire \n700 \u2013 Personnes \n\u00e2g\u00e9es \n \n283 \n357 \u2013 Act. Soins \nAccomp.R\u00e9h \n(ESA) \n16 \u2013 Prestation \nen milieu \nordinaire \n436 \u2013 Alzheimer, mal \nappar \n \n10 \n469 \u2013 Aide \u00e0 \ndomicile \n \n16 \u2013 Prestation \nen milieu \nordinaire \n700 \u2013 Personnes \n\u00e2g\u00e9es \nSans \nobjet \n \n \nPersonnes \nhandicap\u00e9es \n358 - Soins \u00e0 \ndomicile \n16 \u2013 Prestation \nen milieu \nordinaire \n010 \u2013 Personnes \nhandicap\u00e9es/Toutes \nd\u00e9ficiences \n \n12 \n \n469 \u2013 Aide \u00e0 \ndomicile \n16 \u2013 Prestation \nen milieu \nordinaire \n010 \u2013 Personnes \nhandicap\u00e9es/Toutes \nd\u00e9ficiences \nSans \nobjet \n \n \n \nARTICLE 5e : Le pr\u00e9sent arr\u00eat\u00e9 est sans effet concernant la dur\u00e9e d'autorisation accord\u00e9e \u00e0 \nl'\u00e9tablissement jusqu'au 27 juin 2032 et conform\u00e9ment aux conditions pr\u00e9vues aux articles \nL.312-8 et L.313-5 du code de l'action sociale et des familles. \n  \n \nARTICLE 6e : Tout changement important dans l'activit\u00e9, l'installation, l'organisation, la direction ou le \nfonctionnement de l'\u00e9tablissement ou du service doit \u00eatre port\u00e9 \u00e0 la connaissance des \nautorit\u00e9s comp\u00e9tentes. \n  \n \nARTICLE 7e : Un recours contre le pr\u00e9sent arr\u00eat\u00e9 peut \u00eatre form\u00e9 devant le tribunal administratif comp\u00e9tent \ndans un d\u00e9lai de deux mois \u00e0 compter de sa notification.   \n  \n  \nAgence R\u00e9gionale de Sant\u00e9 - IDF-2025-11-12-00007 - Arr\u00eat\u00e9 n\u00b0 2025-310 portant requalification du  SPASAD ASAD en SAD mixte sis \u00e0\nParis (75010) \ng\u00e9r\u00e9 par l'association ASAD \n19\nsigGI\n \n \n \n \nARTICLE 8e : \n \n \n \n \nLe Directeur de la D\u00e9l\u00e9gation d\u00e9partementale de Paris de l'Agence r\u00e9gionale de sant\u00e9                    \n\u00cele-de-France et la Directrice des Solidarit\u00e9s de la Ville de Paris sont charg\u00e9s de l'ex\u00e9cution \ndu pr\u00e9sent arr\u00eat\u00e9 qui sera notifi\u00e9 au demandeur, publi\u00e9 au recueil des actes administratifs \nde la R\u00e9gion \u00cele-de-France ainsi que sur le portail des publications administratives de la Ville \nde Paris. \n \n \n \n \nFait \u00e0 Saint-Denis, le 12/11/2025 \n \nPour le Directeur g\u00e9n\u00e9ral  \nde l'Agence r\u00e9gionale de sant\u00e9  \n\u00cele-de-France et par d\u00e9l\u00e9gation \n \nSt\u00e9phanie TALBOT \nDirectrice de l'Autonomie \n \n  \n Pour la Maire de Paris  \nEt par d\u00e9l\u00e9gation,   \n \n \nJacques BERGER \nLe Directeur adjoint des solidarit\u00e9s \n \n \n \nAgence R\u00e9gionale de Sant\u00e9 - IDF-2025-11-12-00007 - Arr\u00eat\u00e9 n\u00b0 2025-310 portant requalification du  SPASAD ASAD en SAD mixte sis \u00e0\nParis (75010) \ng\u00e9r\u00e9 par l'association ASAD \n20\nAgence R\u00e9gionale de Sant\u00e9\nIDF-2025-11-12-00008\nArr\u00eat\u00e9 n\u00b0 2025-311 portant requalification du \nSPASAD FOSAD en SAD mixte sis \u00e0 Paris (75006)\ng\u00e9r\u00e9 par l'association FOSAD \nAgence R\u00e9gionale de Sant\u00e9 - IDF-2025-11-12-00008 - Arr\u00eat\u00e9 n\u00b0 2025-311 portant requalification du  SPASAD FOSAD en SAD mixte sis \u00e0\nParis (75006)\ng\u00e9r\u00e9 par l'association FOSAD \n21\nVILLE DEFRAN CAI SE @ D Agence R\u00e9gionale de Sant\u00e9 FA R | SLibert\u00e9 \u00cele-de-France\u00c9galit\u00e9Fraternit\u00e9\n \n \n \n \n \n \n \nARR\u00caT\u00c9 N\u00b0 2025 \u2013 311 \n \nportant requalification du Service polyvalent d'aide et de soins \u00e0 domicile  \n(SPASAD) FOSAD en Service autonomie \u00e0 domicile proposant des activit\u00e9s                         \nd'aide et de soins infirmiers (SAD mixte) sis au 1 rue Princesse \u00e0 Paris (75006) \ng\u00e9r\u00e9 par l'association FOSAD  \n \nLE DIRECTEUR G\u00c9N\u00c9RAL DE L'AGENCE R\u00c9GIONALE DE SANT\u00c9 \u00ceLE-DE-FRANCE \nLA MAIRE DE PARIS  \n \n \nVU le code de l'action sociale et des familles et notamment les articles L312-1, L312-7, L313-1-3 ; \n \nVU le code g\u00e9n\u00e9ral des collectivit\u00e9s territoriales ; \n \nVU  le d\u00e9cret n\u00b0 2023 -608 du 13 juillet 2023 relatif aux services autonomie \u00e0 domicile et notamment son \narticle 4 ; \n \nVU  \n \n \nVU \n \n \nVU \nle d\u00e9cret du 10 avril 2024 portant nomination de Monsieur Denis ROBIN, Directeur g\u00e9n\u00e9ral de l'Agence \nr\u00e9gionale de sant\u00e9 \u00cele-de-France \u00e0 compter du 29 avril 2024 ; \n \nl'arr\u00eat\u00e9 DS N\u00b0115/2024 du 25 septembre 2024 portant d\u00e9l\u00e9gation de signature \u00e0 Madame St\u00e9phanie \nTALBOT, Directrice de l'autonomie ; \n \nl'arr\u00eat\u00e9 de d\u00e9l\u00e9gation de signature \u00e0 Monsieur Jacques BERGER, Directeur adjoint des Solidarit\u00e9s de \nla Ville de Paris ; \n \nVU l'arr\u00eat\u00e9 n\u00b0 DIRNOV -2023/08 du 26 octobre 2023 de la Directrice g\u00e9n\u00e9rale de l'Agence r\u00e9gionale de \nsant\u00e9 \u00cele-de-France portant modification du cadre d'orientation strat\u00e9gique 2018-2028 du projet r\u00e9gional \nde sant\u00e9 \u00cele-de-France ; \n \nVU l'arr\u00eat\u00e9 n\u00b0 DIRNOV -2023/09 du 26 octobre 2023 de la Directrice g\u00e9n\u00e9rale de l'Agence r\u00e9gionale de \nsant\u00e9 \u00cele-de-France portant adoption du sch\u00e9ma r\u00e9gional de sant\u00e9 2023 -2028 du projet r\u00e9gional de \nsant\u00e9 \u00cele-de-France ; \n \nVU \n \nle Sch\u00e9ma Seniors \u00e0 Paris 2022 -2026 adopt\u00e9 par le Conseil de Paris en date des 15 au 18 novembre \n2022 ; \n \nVU \n \n \n \nl'arr\u00eat\u00e9 n\u00b0 2023-162 de la Directrice g\u00e9n\u00e9rale de l'Agence r\u00e9gionale de sant\u00e9 \u00cele-de-France en date du \n19 juin 2023 \u00e9tablissant le programme interd\u00e9partemental d'accompagnement des handicaps et de la \nperte d'autonomie (PRIAC) 2022-2026 pour la r\u00e9gion \u00cele-de-France ; \n \nVU l'arr\u00eat\u00e9 conjoint du 23 juillet 2007, accordant la d\u00e9nomination de Service Polyvalent d'Aide et de Soins \n\u00e0 domicile (SPASAD) aux trois Services de Soins Infirmiers \u00e0 Domicile (SSIAD) et au Service d'Aide et \nd'Accompagnement \u00e0 Domicile (SAAD) g\u00e9r\u00e9s par l'association FOSAD ; \n \nVU l'arr\u00eat\u00e9 pr\u00e9fectoral du 16 juin 2008 fixant la capacit\u00e9 totale du service de Service de Soins Infirmiers \u00e0 \nDomicile (SSIAD) pour personnes \u00e2g\u00e9es et handicap\u00e9es de Paris 13\u00e8me arrondissement \u00e0 95 places ; \n \n \nAgence R\u00e9gionale de Sant\u00e9 - IDF-2025-11-12-00008 - Arr\u00eat\u00e9 n\u00b0 2025-311 portant requalification du  SPASAD FOSAD en SAD mixte sis \u00e0\nParis (75006)\ng\u00e9r\u00e9 par l'association FOSAD \n22\nVU l'arr\u00eat\u00e9 pr\u00e9fectoral du 20 novembre 2009 fixant la capacit\u00e9 totale du Service de Soins Infirmiers \u00e0 \nDomicile (SSIAD) pour personnes \u00e2g\u00e9es et handicap\u00e9es de Paris 5\u00e8me \u00e0 90 places ; \n  \nVU l'arr\u00eat\u00e9 pr\u00e9fectoral du 31 d\u00e9cembre 2010 fixant la capacit\u00e9 totale du Service de Soins Infirmiers \u00e0 \nDomicile (SSIAD) pour personne \u00e2g\u00e9e et handicap\u00e9es de Paris 6 \u00e8me arrondissement \u00e0 95 places \ncomprenant une Equipe Sp\u00e9cialis\u00e9e Alzheimer (ESA) de 10 places ; \n \nVU l'arr\u00eat\u00e9 conjoint n\u00b0 2014 -224 du 14 novembre 2014 portant regroupement des autorisations de deux \nService de Soins Infirmiers \u00e0 Domicile et d'un Service Polyvalent d'Aide et de Soins \u00e0 domicile pour \npersonnes \u00e2g\u00e9es et handicap\u00e9es de Paris d\u00e9tenues par l'Association FOSAD  ayant pour capacit\u00e9 260 \nplaces pour personnes \u00e2g\u00e9es, 10 places pour personne handicap\u00e9es et 10 places d'ESA  ; \n \nVU l'arr\u00eat\u00e9 n\u00b0 2017-486 du 30 d\u00e9cembre 2017 portant modification de la capacit\u00e9 des places de SSIAD du \nService Polyvalent d'Aide et de Soins \u00e0 domicile pour personnes \u00e2g\u00e9es e t handicap\u00e9es FOSAD g\u00e9r\u00e9 \npar l'association FOSAD, portant la capacit\u00e9 totale du SSIAD \u00e0 270 places pour personnes \u00e2g\u00e9es et 10 \nplaces d'ESA ; \n \nVU  l'arr\u00eat\u00e9 conjoint n\u00b0 2023 -19 du 14 f\u00e9vrier 2023 portant renouvellement d 'autorisation du SP ASAD \nFOSAD pour 15 ans \u00e0 compter du 24 juillet 2022 ; \n \nVU la demande du gestionnaire actuel visant \u00e0 cr\u00e9er un Service autonomie \u00e0 domicile proposant des \nactivit\u00e9s d'aide et de soins infirmiers (SAD mixte) par requalification du SPASAD ; \n \n  \n \nCONSID\u00c9RANT l'avis favorable \u00e9mis par les services de l'Agence r\u00e9gionale de sant\u00e9 \u00cele-de-France et la \nVille de Paris pour la requalification du SPASAD en SAD mixte ; \nCONSID\u00c9RANT l'identification d'une offre minimale d'activit\u00e9 en soin pour le SAD FOSAD, au sein du \nterritoire DAC pr\u00e9existant et faisant partie de sa zone d'intervention, plus large et dont la \nd\u00e9limitation est l'objet du pr\u00e9sent arr\u00eat\u00e9, permettra d'\u00e9viter des zones blanches sur le \nterritoire garantissant \u00e0 chaque Parisien une \u00e9galit\u00e9 d'acc\u00e8s aux dispositifs ; \n \nCONSID\u00c9RANT que le projet satisfait aux r\u00e8gles d'organisation et de fonctionnement pr\u00e9vues par le code \nde l'action sociale et des familles et au d\u00e9cret n\u00b0 2023-608 du 13 juillet 2023 ; \n \n \n \nARR\u00caTENT \n \n \nARTICLE 1er : \n \n \n \nL'autorisation de requalification du SPASAD FOSAD sis au 1 rue Princesse \u00e0 Paris (75006) \nen SAD mixte est accord\u00e9e au profit de l'association FOSAD.                                                                                                          \nCette autorisation vaut habilitation \u00e0 l'aide sociale l\u00e9gale. \n  \nARTICLE 2e : \n \nLa capacit\u00e9 totale du SAD mixte sur le volet soins e st fix\u00e9e \u00e0 280 places r\u00e9parties de la \nmani\u00e8re suivante : \n- 270 places destin\u00e9es aux personnes \u00e2g\u00e9es \n- 10 places d'Equipe Sp\u00e9cialis\u00e9 Alzheimer.                                                                                         \nSur le volet aide et accompagnement \u00e0 domicile, le SAD mixte intervient en mode prestataire \naupr\u00e8s des personnes \u00e2g\u00e9es et/ou en situation de handicap sans limitation quant au nombre \nde personnes accompagn\u00e9es. \n  \nAgence R\u00e9gionale de Sant\u00e9 - IDF-2025-11-12-00008 - Arr\u00eat\u00e9 n\u00b0 2025-311 portant requalification du  SPASAD FOSAD en SAD mixte sis \u00e0\nParis (75006)\ng\u00e9r\u00e9 par l'association FOSAD \n23\nARTICLE 3e : Le SAD FOSAD est autoris\u00e9 \u00e0 intervenir pour l'activit\u00e9 d'aide, d'accompagnement et de soins \nsur le territoire de Paris qui constitue sa zone d'intervention.  \n \nLe service organise ses prestations de soins \u00e0 hauteur minimale de 80% de sa capacit\u00e9 sur \nle territoire suivant : \n- DAC CENTRE couvrant les 1er, 2\u00e8me, 3\u00e8me, 4\u00e8me, 5\u00e8me, et 6\u00e8me arrondissements \nde Paris   \n- DAC SUD couvrant les 13\u00e8me et 14\u00e8me arrondissements de Paris. \n \n  \nARTICLE 4e : Cette structure est r\u00e9pertori\u00e9e dans le Fichier National des Etablissements Sanitaires et \nSociaux (FINESS) de la fa\u00e7on suivante : \n \nEntit\u00e9 juridique  Association FOSAD \nAdresse  1 rue Princesse \u2013 75006 PARIS      \nN\u00b0 FINESS EJ  75 080 459 3 \nStatut  60 - Association Loi 1901 non R.U.P \nEtablissement  SAD FOSAD \nAdresse  1 rue Princesse \u2013 75006 PARIS      \nN\u00b0 FINESS ET  75 080 136 7 \nCat\u00e9gorie  209 - SAAS  \n \n \nEquipements :  \n \n \n \n \nPublic \nconcern\u00e9 \nTriplet \u00e0 s\u00e9lectionner \nCapacit\u00e9 \nDiscipline Mode de \nfonctionnement Client\u00e8le \n \n \n \nPersonnes \n\u00e2g\u00e9es \n \n358 - Soins \u00e0 \ndomicile \n16 \u2013 Prestation \nen milieu \nordinaire \n700 \u2013 Personnes \n\u00e2g\u00e9es \n \n270 \n357 \u2013 Act. Soins \nAccomp.R\u00e9h \n(ESA) \n16 \u2013 Prestation \nen milieu \nordinaire \n436 \u2013 Alzheimer, mal \nappar \n \n10 \n469 \u2013 Aide \u00e0 \ndomicile \n \n16 \u2013 Prestation \nen milieu \nordinaire \n700 \u2013 Personnes \n\u00e2g\u00e9es \nSans \nobjet \nPersonnes \nhandicap\u00e9es \n \n469 \u2013 Aide \u00e0 \ndomicile \n16 \u2013 Prestation \nen milieu \nordinaire \n010 \u2013 Personnes \nhandicap\u00e9es/Toutes \nd\u00e9ficiences \nSans \nobjet \n  \n \nARTICLE 5e : Le pr\u00e9sent arr\u00eat\u00e9 est sans effet concernant la dur\u00e9e d'autorisation accord\u00e9e \u00e0 \nl'\u00e9tablissement jusqu'au 23 juillet 2037 et conform\u00e9ment aux conditions pr\u00e9vues aux articles \nL.312-8 et L.313-5 du code de l'action sociale et des familles. \n \n  \nARTICLE 6e : Tout changement important dans l'activit\u00e9, l'installation, l'organisation, la direction ou le \nfonctionnement de l'\u00e9tablissement ou du service doit \u00eatre port\u00e9 \u00e0 la connaissance des \nautorit\u00e9s comp\u00e9tentes. \nAgence R\u00e9gionale de Sant\u00e9 - IDF-2025-11-12-00008 - Arr\u00eat\u00e9 n\u00b0 2025-311 portant requalification du  SPASAD FOSAD en SAD mixte sis \u00e0\nParis (75006)\ng\u00e9r\u00e9 par l'association FOSAD \n24\nGI sig\n  \nARTICLE 7e : Un recours contre le pr\u00e9sent arr\u00eat\u00e9 peut \u00eatre form\u00e9 devant le tribunal administratif comp\u00e9tent \ndans un d\u00e9lai de deux mois \u00e0 compter de sa notification.   \n \n  \nARTICLE 8e : Le Directeur de la D\u00e9l\u00e9gation d\u00e9partementale de Paris de l'Agence r\u00e9gionale de sant\u00e9                  \n\u00cele-de-France et la Directrice des Solidarit\u00e9s de la Ville de Paris sont charg\u00e9s de l'ex\u00e9cution \ndu pr\u00e9sent arr\u00eat\u00e9 qui sera notifi\u00e9 au demandeur, publi\u00e9 au recueil des actes administratifs \nde la R\u00e9gion \u00cele-de-France ainsi que sur le portail des publications administratives de la Ville \nde Paris. \n \n \n \n \nFait \u00e0 Saint-Denis, le 12/11/2025 \n \n \nPour le Directeur g\u00e9n\u00e9ral  \nde l'Agence r\u00e9gionale de sant\u00e9  \n\u00cele-de-France et par d\u00e9l\u00e9gation \n \nSt\u00e9phanie TALBOT \nDirectrice de l'Autonomie \n \n Pour la Maire de Paris  \nEt par d\u00e9l\u00e9gation,   \n \n \nJacques BERGER \nLe Directeur adjoint des solidarit\u00e9s \n \n \nAgence R\u00e9gionale de Sant\u00e9 - IDF-2025-11-12-00008 - Arr\u00eat\u00e9 n\u00b0 2025-311 portant requalification du  SPASAD FOSAD en SAD mixte sis \u00e0\nParis (75006)\ng\u00e9r\u00e9 par l'association FOSAD \n25\nAgence R\u00e9gionale de Sant\u00e9\nIDF-2025-11-12-00009\nArr\u00eat\u00e9 n\u00b0 2025-312 portant requalification du       \n             SPASAD Notre Village en SAD mixte sis \u00e0\nParis (75015) g\u00e9r\u00e9 par l'association Notre Village\n \nAgence R\u00e9gionale de Sant\u00e9 - IDF-2025-11-12-00009 - Arr\u00eat\u00e9 n\u00b0 2025-312 portant requalification du                     SPASAD Notre Village en\nSAD mixte sis \u00e0 Paris (75015) g\u00e9r\u00e9 par l'association Notre Village\n \n26\n|  \u0178REPUBLIQUE VILLE DEFRAN\u00c7AISE \u00a9 D Agence R\u00e9gionale de Sant\u00e9 p A R | SLibert\u00e9 Ile-de-France\u00c9galit\u00e9Fraternit\u00e9\n \n \n \n \n \nARR\u00caT\u00c9 N\u00b0 2025 - 312 \nportant requalification du Service polyvalent d'aide et de soins \u00e0 domicile                        \n(SPASAD) Notre Village en Service autonomie \u00e0 domicile proposant des activit\u00e9s d'aide \net de soins infirmiers (SAD mixte) sis au 13 rue Bargue \u00e0 Paris (75015) \ng\u00e9r\u00e9 par l'association Notre Village \n \nLE DIRECTEUR G\u00c9N\u00c9RAL DE L'AGENCE R\u00c9GIONALE DE SANT\u00c9 \u00ceLE-DE-FRANCE \nLA MAIRE DE PARIS  \n \n \nVU le code de l'action sociale et des familles et notamment les articles L312-1, L312-7, L313-1-3 ; \n \nVU le code g\u00e9n\u00e9ral des collectivit\u00e9s territoriales ; \n \nVU  le d\u00e9cret n\u00b0 2023 -608 du 13 juillet 2023 relatif aux services autonomie \u00e0 domicile et notamment son \narticle 4 ; \n \nVU  \n \n \nVU \n \n \nVU \nle d\u00e9cret du 10 avril 2024 portant nomination de Monsieur Denis ROBIN, Directeur g\u00e9n\u00e9ral de l'Agence \nr\u00e9gionale de sant\u00e9 \u00cele-de-France \u00e0 compter du 29 avril 2024 ; \n \nl'arr\u00eat\u00e9 DS N\u00b0115/2024 du 25 septembre 2024 portant d\u00e9l\u00e9gation de signature \u00e0 Madame St\u00e9phanie \nTALBOT, Directrice de l'autonomie ; \n \nl'arr\u00eat\u00e9 de d\u00e9l\u00e9gation de signature \u00e0 Monsieur Jacques BERGER, Directeur adjoint des Solidarit\u00e9s de \nla Ville de Paris ; \n \nVU l'arr\u00eat\u00e9 n\u00b0 DIRNOV -2023/08 du 26 octobre 2023 de la Directrice g\u00e9n\u00e9rale de l'Agence r\u00e9gionale de \nsant\u00e9 \u00cele-de-France portant modification du cadre d'orientation strat\u00e9gique 2018-2028 du projet r\u00e9gional \nde sant\u00e9 \u00cele-de-France ; \n \nVU l'arr\u00eat\u00e9 n\u00b0 DIRNOV -2023/09 du 26 octobre 2023 de la Directrice g\u00e9n\u00e9rale de l'Agence r\u00e9gionale de \nsant\u00e9 \u00cele-de-France portant adoption du sch\u00e9ma r\u00e9gional de sant\u00e9 2023 -2028 du projet r\u00e9gional de \nsant\u00e9 \u00cele-de-France ; \n \nVU \n \nle Sch\u00e9ma Seniors \u00e0 Paris 2022 -2026 adopt\u00e9 par le Conseil de Paris en date des 15 au 18 novembre \n2022 ; \n \nVU \n \n \n \nl'arr\u00eat\u00e9 n\u00b0 2023-162 de la Directrice g\u00e9n\u00e9rale de l'Agence r\u00e9gionale de sant\u00e9 \u00cele-de-France en date du \n19 juin 2023 \u00e9tablissant le programme interd\u00e9partemental d'accompagnement des handicaps et de la \nperte d'autonomie (PRIAC) 2022-2026 pour la r\u00e9gion \u00cele-de-France ; \n \nVU l'arr\u00eat\u00e9 pr\u00e9fectoral n\u00b0 2004-350-2 du 15 d\u00e9cembre 2004 autorisant la cr\u00e9ation d'un Service de soins \ninfirmiers \u00e0 domicile (SSIAD) sis au 13  rue Bargue \u00e0 Paris (75015) g\u00e9r\u00e9 par l 'association Notre Village \npour une capacit\u00e9 de 100 places pour personnes \u00e2g\u00e9es ; \n \nVU l'arr\u00eat\u00e9 pr\u00e9fectoral n\u00b0 2005 -262-4 du 19 septembre 2005 portant autorisation d'extension de 3 places \naffect\u00e9es \u00e0 la prise en charge des personne handicap\u00e9es portant la capacit\u00e9 du SSIAD \u00e0 103 places \ndont 100 places pour personnes \u00e2g\u00e9es et 3 places affect\u00e9es \u00e0 la prise en charge des personnes \u00e2g\u00e9es ; \n \nVU l'arr\u00eat\u00e9 pr\u00e9fectoral n\u00b0 2006-214-6 du 2 ao\u00fbt 2006 portant sur la r\u00e9partition de la capacit\u00e9 du SSIAD Notre \nVillage en 99 places affect\u00e9es \u00e0 la prise en charge des personnes \u00e2g\u00e9es et 4 places affect\u00e9es \u00e0 la prise \nen charge des personnes handicap\u00e9es ; \nAgence R\u00e9gionale de Sant\u00e9 - IDF-2025-11-12-00009 - Arr\u00eat\u00e9 n\u00b0 2025-312 portant requalification du                     SPASAD Notre Village en\nSAD mixte sis \u00e0 Paris (75015) g\u00e9r\u00e9 par l'association Notre Village\n \n27\nVU l'arr\u00eat\u00e9 conjoint n\u00b0 2007-178-93 du 27 juin 2007 accordant la d\u00e9nomination de SPASAD au Service de \nsoins infirmiers \u00e0 domicile (SSIAD) et au Service d'aide et d'accompagnement \u00e0 domicile (SAAD) sis \nensemble au 13 rue Bargue - 75015 Paris g\u00e9r\u00e9 par l'association Notre Village ; \n \nVU l'arr\u00eat\u00e9 conjoint n\u00b0 2019-99 du 2 mai 2019 portant autorisation de modification de la capacit\u00e9 du \nSPASAD de Paris d\u00e9tenue par l'association Notre Village, portant sa capacit\u00e9 totale \u00e0 103 places pour \npersonnes \u00e2g\u00e9es ; \n \nVU le courrier conjoint de l'Agence r\u00e9gionale de sant\u00e9 et de la Ville de Paris du 28 novembre 2019 portant \nrenouvellement de l'autorisation du SPASAD jusqu'au 27 juin 2022 ; \n \nVU  l'arr\u00eat\u00e9 conjoint n\u00b0 2023 -18 portant renouvellement d'autorisation d u SPASAD g\u00e9r\u00e9 par l'association \nNotre Village pour 15 ans \u00e0 compter du 28 juin 2022 ; \n \nVU la demande du gestionnaire actuel visant \u00e0 cr\u00e9er un Service autonomie \u00e0 domicile proposant des \nactivit\u00e9s d'aide et de soins infirmiers (SAD mixte) par requalification du SPASAD ; \n \n \nCONSID\u00c9RANT l'avis favorable \u00e9mis par les services de l'Agence r\u00e9gionale de sant\u00e9 \u00cele-de-France et la \nVille de Paris pour la requalification du SPASAD en SAD mixte ; \nCONSID\u00c9RANT l'identification d'une offre minimale d'activit\u00e9 en soin pour le SAD Notre Village, au sein du \nterritoire DAC pr\u00e9existant et faisant partie de sa zone d'intervention, plus large et dont la \nd\u00e9limitation est l'objet du pr\u00e9sent arr\u00eat\u00e9, permettra d'\u00e9viter des zones blanches sur le \nterritoire garantissant \u00e0 chaque Parisien une \u00e9galit\u00e9 d'acc\u00e8s aux dispositifs  ; \n \nCONSID\u00c9RANT que le projet satisfait aux r\u00e8gles d'organisation et de fonctionnement pr\u00e9vues par le code \nde l'action sociale et des familles et au d\u00e9cret n\u00b0 2023-608 du 13 juillet 2023 ; \n \n \nARR\u00caTENT \n \n \nARTICLE 1er : L'autorisation de requalification du SPASAD Notre Village sis au 13 rue Bargue \u00e0 Paris \n(75015) en SAD mixte est accord\u00e9e au profit de l'association Notre Village.  \n \nCette autorisation vaut habilitation \u00e0 l'aide sociale l\u00e9gale. \n \n \nARTICLE 2e : \n \nLa capacit\u00e9 totale du SAD mixte sur le volet soins est fix\u00e9e \u00e0 103 places pour personnes \n\u00e2g\u00e9es.  \n \nSur le volet aide et accompagnement \u00e0 domicile, le SAD mixte intervient en mode prestataire \naupr\u00e8s des personnes \u00e2g\u00e9es et/ou en situation de handicap sans limitation quant au nombre \nde personnes accompagn\u00e9es. \n \n \nARTICLE 3e : Le SAD Notre Village est autoris\u00e9 \u00e0 intervenir pour l'activit\u00e9 d'aide, d'accompagnement et \nde soins sur le territoire de Paris qui constitue sa zone d'intervention.  \n \nLe service organise ses prestations de soins \u00e0 hauteur minimale de 80% de sa capacit\u00e9 sur \nle territoire suivant : \n-  DAC OUEST couvrant les 7\u00e8me, 15\u00e8me et 16\u00e8me arrondissements de Paris \n \n  \nAgence R\u00e9gionale de Sant\u00e9 - IDF-2025-11-12-00009 - Arr\u00eat\u00e9 n\u00b0 2025-312 portant requalification du                     SPASAD Notre Village en\nSAD mixte sis \u00e0 Paris (75015) g\u00e9r\u00e9 par l'association Notre Village\n \n28\nARTICLE 4e : Cette structure est r\u00e9pertori\u00e9e dans le Fichier National des Etablissements Sanitaires et \nSociaux (FINESS) de la fa\u00e7on suivante : \n \nEntit\u00e9 juridique Association Notre Village \nAdresse  13 rue Bargue \u2013 75015 PARIS    \nN\u00b0 FINESS EJ  75 002 077 8  \nStatut  60 - Association Loi 1901 non R.U.P \nEtablissement SAD Notre Village \nAdresse  13 rue Bargue \u2013 75015 PARIS    \nN\u00b0 FINESS ET  75 002 029 9 \nCat\u00e9gorie  209 - SAAS  \n \n \nEquipements :  \n \n \n \nPublic \nconcern\u00e9 \nTriplet \u00e0 s\u00e9lectionner \nCapacit\u00e9 \nDiscipline Mode de \nfonctionnement Client\u00e8le \nPersonnes \n\u00e2g\u00e9es \n358 - Soins \u00e0 \ndomicile \n16 \u2013 Prestation en \nmilieu ordinaire \n700 \u2013 Personnes \n\u00e2g\u00e9es 103 \n469 \u2013 Aide \u00e0 \ndomicile \n16 \u2013 Prestation en \nmilieu ordinaire \n700 \u2013 Personnes \n\u00e2g\u00e9es \nSans \nobjet \nPersonnes \nhandicap\u00e9es \n469 \u2013 Aide \u00e0 \ndomicile \n16 \u2013 Prestation en \nmilieu ordinaire \n010 \u2013 Personnes \nhandicap\u00e9es/Toutes \nd\u00e9ficiences \nSans \nobjet \n \n \n \nARTICLE 5e : Le pr\u00e9sent arr\u00eat\u00e9 est sans effet concernant la dur\u00e9e d'autorisation accord\u00e9e \u00e0 \nl'\u00e9tablissement jusqu'au 27 juin 2037 et conform\u00e9ment aux conditions pr\u00e9vues aux articles \nL.312-8 et L.313-5 du code de l'action sociale et des familles. \n \n  \nARTICLE 6e : Tout changement important dans l'activit\u00e9, l'installation, l'organisation, la direction ou le \nfonctionnement de l'\u00e9tablissement ou du service doit \u00eatre port\u00e9 \u00e0 la connaissance des \nautorit\u00e9s comp\u00e9tentes. \n \n  \nARTICLE 7e : Un recours contre le pr\u00e9sent arr\u00eat\u00e9 peut \u00eatre form\u00e9 devant le tribunal administratif comp\u00e9tent \ndans un d\u00e9lai de deux mois \u00e0 compter de sa notification.   \n  \n  \nAgence R\u00e9gionale de Sant\u00e9 - IDF-2025-11-12-00009 - Arr\u00eat\u00e9 n\u00b0 2025-312 portant requalification du                     SPASAD Notre Village en\nSAD mixte sis \u00e0 Paris (75015) g\u00e9r\u00e9 par l'association Notre Village\n \n29\nsigsig\nARTICLE 8e : Le Directeur de la D\u00e9l\u00e9gation d\u00e9partementale de Paris de l'Agence r\u00e9gionale de sant\u00e9                     \n\u00cele-de-France et la Directrice des Solidarit\u00e9s de la Ville de Paris sont charg\u00e9s de l'ex\u00e9cution \ndu pr\u00e9sent arr\u00eat\u00e9 qui sera notifi\u00e9 au demandeur, publi\u00e9 au recueil des actes administratifs \nde la R\u00e9gion \u00cele-de-France ainsi que sur le portail des publications administratives de la Ville \nde Paris. \n \n \n \nFait \u00e0 Saint-Denis, le 12/11/2025 \n \nPour le Directeur g\u00e9n\u00e9ral  \nde l'Agence r\u00e9gionale de sant\u00e9  \n\u00cele-de-France et par d\u00e9l\u00e9gation \n \n \nSt\u00e9phanie TALBOT \nDirectrice de l'Autonomie \n Pour la Maire de Paris  \nEt par d\u00e9l\u00e9gation,   \n \n \n \nJacques BERGER \nLe Directeur adjoint des solidarit\u00e9s \n \nAgence R\u00e9gionale de Sant\u00e9 - IDF-2025-11-12-00009 - Arr\u00eat\u00e9 n\u00b0 2025-312 portant requalification du                     SPASAD Notre Village en\nSAD mixte sis \u00e0 Paris (75015) g\u00e9r\u00e9 par l'association Notre Village\n \n30\nAgence R\u00e9gionale de Sant\u00e9\nIDF-2025-11-17-00010\nArr\u00eat\u00e9 n\u00b02025-285 portant autorisation\nd'extension de la file active du centre\nm\u00e9dico-psycho-p\u00e9dagogique (CMPP) Marx\nDormoy \u00e0 Massy (91300) g\u00e9r\u00e9 par l'association\nd\u00e9partementale des pupilles de l'enseignement\npublic de l'Essonne (ADPEP91)\nAgence R\u00e9gionale de Sant\u00e9 - IDF-2025-11-17-00010 - Arr\u00eat\u00e9 n\u00b02025-285 portant autorisation d'extension de la file active du centre\nm\u00e9dico-psycho-p\u00e9dagogique (CMPP) Marx Dormoy \u00e0 Massy (91300) g\u00e9r\u00e9 par l'association d\u00e9partementale des pupilles de\nl'enseignement public de l'Essonne (ADPEP91)\n31\nREPUBLIQUEFRANCAISELibert\u00e9Egalit\u00e9Fraternit\u00e9\ne \u00bb Agence R\u00e9gionale de Sant\u00e9Ile-de-France\n \n \n \n \n \n \n \n \nAGENCE R\u00c9GIONALE DE SANT\u00c9 \u00ceLE-DE-FRANCE \n \nARRETE N\u00b0 2025 - 285 \n  \nportant autorisation d'extension de la file active du centre m\u00e9dico-psycho-p\u00e9dagogique \n(CMPP) Marx Dormoy sis 42 rue Marx Dormoy \u00e0 Massy (91300), \n \ng\u00e9r\u00e9 par l'association d\u00e9partementale des pupilles de l'enseignement public de l'Essonne \n(ADPEP 91) \n \n \n \nLE DIRECTEUR G\u00c9N\u00c9RAL DE L'AGENCE R\u00c9GIONALE DE SANT\u00c9 \u00ceLE-DE-FRANCE \n \nVU le code de l'action sociale et des familles et notamment les article s L. 312 -1, L. 313-1,   \nL. 314-3 et suivants ; \n \nVU        le d\u00e9cret du 10 avril 2024 portant nomination de Monsieur Denis ROBIN, Directeur \ng\u00e9n\u00e9ral de l'Agence r\u00e9gionale de sant\u00e9 \u00cele-de-France \u00e0 compter du 29 avril 2024 ; \n \nVU l'arr\u00eat\u00e9 DS N\u00b0 115/2024 du 2 5 septembre 2024 portant d\u00e9l\u00e9gation de signature \u00e0 \nMadame St\u00e9phanie TALBOT, Directrice de l'autonomie ; \n \nVU l'arr\u00eat\u00e9 n\u00b0 DIRNOV-2023/08 de la Directrice g\u00e9n\u00e9rale de l'Agence r\u00e9gionale de sant\u00e9 \u00cele-\nde-France en date du 26 octobre 2023 portant adoption du cadre d'orientation \nstrat\u00e9gique 2018-2028 du projet r\u00e9gional de sant\u00e9 d'\u00cele-de-France ; \n \nVU l'arr\u00eat\u00e9 n\u00b0 DIRNOV-2023/09 de la Directrice g\u00e9n\u00e9rale de l'Agence r\u00e9gionale de sant\u00e9 \u00cele-\nde-France en date du 26 octobre 2023 portant adoption du sch\u00e9ma r\u00e9gional de sant\u00e9 \n2023-2028 du projet r\u00e9gional de sant\u00e9 d' \u00cele-de-France, modifi\u00e9 par l'arr\u00eat\u00e9 n\u00b0DIRNOV -\n2023/09 en date du 12 janvier 2024 ; \n \nVU l'arr\u00eat\u00e9 n\u00b0 2023 -346 de la Directrice g\u00e9n\u00e9rale de l'Agence r\u00e9gionale de sant\u00e9 \u00cele-de-\nFrance en date du 4 d\u00e9cembre 2023 \u00e9tablissant le programme interd\u00e9partemental \nd'accompagnement des handicaps et de la perte d'autonomie (PRIAC) 2023 -2027 pour \nla r\u00e9gion \u00cele-de-France ; \n \nVU le courrier en date du 5 janvier 2017 portant renouvellement  de l'autorisation du CMPP \nMarx Dormoy de Massy ; \n \nVU la demande de l'association  d\u00e9pos\u00e9e le 12 f\u00e9vrier 2025 visant \u00e0 l'extension du CMPP \nMarx Dormoy par la cr\u00e9ation d'un site secondaire \u00e0 Chilly-Mazarin ; \n \n \n \n \nCONSID\u00c9RANT  que ce projet vient renforcer l'offre en CMPP du territoire o\u00f9 les besoins \nsont av\u00e9r\u00e9s, tous les CMPP affichant des listes d'attente ; \n \nAgence R\u00e9gionale de Sant\u00e9 - IDF-2025-11-17-00010 - Arr\u00eat\u00e9 n\u00b02025-285 portant autorisation d'extension de la file active du centre\nm\u00e9dico-psycho-p\u00e9dagogique (CMPP) Marx Dormoy \u00e0 Massy (91300) g\u00e9r\u00e9 par l'association d\u00e9partementale des pupilles de\nl'enseignement public de l'Essonne (ADPEP91)\n32\n       2 \n \nCONSID\u00c9RANT que ce projet est d'autant plus n\u00e9cessaire sur la commune de Chilly-\nMazarin o\u00f9 l'acc\u00e8s aux soins constitue un axe fort du contrat de ville sign\u00e9 \navec l'ARS ; \n \nCONSID\u00c9RANT  que le projet r\u00e9pond \u00e0 un besoin de d\u00e9veloppement de l'offre m\u00e9dico -\nsociale identifi\u00e9 sur le d\u00e9partement de l'Essonne ;  \n \nCONSID\u00c9RANT qu'il est compatible avec les objectifs et r\u00e9pond aux besoins sociaux et \nm\u00e9dico-sociaux fix\u00e9s par le sch\u00e9ma r\u00e9gional de sant\u00e9 ;  \n \nCONSID\u00c9RANT qu'il satisfait aux r\u00e8gles d'organisation et de fonctionnement pr\u00e9vues par \nle code de l'action sociale et des familles ;  \n \nCONSID\u00c9RANT qu'il pr\u00e9sente un co\u00fbt de fonctionnement  en ann\u00e9e pleine compatible \navec le PRIAC  \u00cele-de-France et avec le montant de l'une des dotations \nmentionn\u00e9es \u00e0  l'article L . 314-3 du code de l'action sociale et des \nfamilles ; \n \nCONSID\u00c9RANT que l'Agence r\u00e9gionale de sant\u00e9 \u00cele-de-France dispose pour ce projet des \ncr\u00e9dits n\u00e9cessaires \u00e0 sa mise en \u0153uvre \u00e0 hauteur de 318 670 \u20ac ; \n \n \n \nARR\u00caTE  \n \nARTICLE 1er :  L'autorisation visant \u00e0 l'extension de la file active du Centre M\u00e9dico -Psycho-\nP\u00e9dagogique (CMPP) Marx Dormoy sis 42 rue Marx Dormoy \u00e0 Massy (91300), par la \ncr\u00e9ation d 'un site secondaire \u00e0 Chilly-Mazarin, destin\u00e9 \u00e0 accueillir des  enfants et \njeunes adultes \u00e2g\u00e9s de 0 \u00e0 20 ans, est accord\u00e9e, dans la limite des cr\u00e9dits octroy\u00e9s, \n\u00e0 l'ADPEP 91  dont le si\u00e8ge social se situe Boulevard de France \u00e0 Evry -\nCourcouronnes (91000). \n \nARTICLE 2e :  Le CMPP Marx Dormoy est destin\u00e9 \u00e0 prendre en charge des enfants , des \nadolescents et des jeunes adultes \u00e2g\u00e9s de 0 \u00e0 20 ans pr\u00e9sentant tous types de \nd\u00e9ficiences sur son site principal sis 42 ru e Marx Dormoy \u00e0 Massy (91300) et sur \nson nouveau site secondaire sis 37 Avenue du G\u00e9n\u00e9ral De Gaulle \u00e0 Chilly -Mazarin \n(91380). \n \nARTICLE 3e :  Conform\u00e9ment aux termes du dernier alin\u00e9a du I de l'article D. 312 -0-3 du code de \nl'action sociale et des familles, a ucune sp\u00e9cialisation n'exclut la prise en charge de \npersonnes pr\u00e9sentant des troubles associ\u00e9s \u00e0 ceux qui font l'objet de la pr\u00e9sente \nautorisation.  \n \nARTICLE 4e :  Cette structure est r\u00e9pertori\u00e9e dans le Fichier National des Etablissements \nSanitaires et Sociaux (FINESS) de la fa\u00e7on suivante : \n \nN\u00b0 FINESS principal du CMPP Marx Dormoy \u00e0 Massy : 910680180  \n \nCode cat\u00e9gorie : [189] \u2013 Centre M\u00e9dico-Psycho-P\u00e9dagogique (CMPP) \n \nCode discipline :  [320] \u2013 Activit\u00e9 CMPP \n \nCode fonctionnement : [47] \u2013 Accueil de jour et accompagnement en milieu ordinaire  \nCode client\u00e8le : [010] \u2013 tous types de D\u00e9ficiences Personnes Handicap\u00e9es  \nAgence R\u00e9gionale de Sant\u00e9 - IDF-2025-11-17-00010 - Arr\u00eat\u00e9 n\u00b02025-285 portant autorisation d'extension de la file active du centre\nm\u00e9dico-psycho-p\u00e9dagogique (CMPP) Marx Dormoy \u00e0 Massy (91300) g\u00e9r\u00e9 par l'association d\u00e9partementale des pupilles de\nl'enseignement public de l'Essonne (ADPEP91)\n33\nsigh\"\n       3 \n \n \nN\u00b0 FINESS secondaire de l'antenne situ\u00e9e \u00e0 Chilly-Mazarin : 910028539 \n \nCode cat\u00e9gorie : [189] \u2013 Centre M\u00e9dico-Psycho-P\u00e9dagogique \n \nCode discipline :  \n \n[320] \u2013 Activit\u00e9 CMPP  \nCode fonctionnement : [47] \u2013 Accueil de jour et accompagnement en milieu ordinaire \n \n \nCode client\u00e8le : \n \n[010] \u2013 tous types de D\u00e9ficiences Personnes Handicap\u00e9es  \n \nCode mode de f ixation des tarifs  : 05 \u2013 ARS \u00e9tablissements m\u00e9dico-sociaux \u2013 non \nfinanc\u00e9s dotation globale \n \nN\u00b0 FINESS du gestionnaire : 910707660 \n \nCode statut : 60 \u2013 Association Loi 1901 non reconnue d'utilit\u00e9 publique \n \nARTICLE 5e :  La pr\u00e9sente autorisation est valable sous r\u00e9serve du r\u00e9sultat positif de la visite de \nconformit\u00e9 pr\u00e9vue par l'article L. 313-6 du code de l'action sociale et des familles.  \n \nARTICLE 6e :   Elle est caduque en l'absence d'ouverture au public de l'\u00e9tablissement ou du service \ndans un d\u00e9lai de quatre ans suivant la notification de la d\u00e9cision d'autorisation  \nconform\u00e9ment aux articles L. 313-1 et D. 313-7-2 du code de l'action sociale et des \nfamilles. \n \nARTICLE 7e :   Tout changement important dans l'activit\u00e9, l'installation, l'organisation, la direction ou \nle fonctionnement de l'\u00e9tablissement ou du service doit \u00eatre port\u00e9 \u00e0 la connaissance \nde l'autorit\u00e9 comp\u00e9tente. \n \nARTICLE 8e :  Un recours contre le pr\u00e9sent arr\u00eat\u00e9 peut \u00eatre form\u00e9 devant le tribunal administratif \ncomp\u00e9tent dans un d\u00e9lai de deux mois \u00e0 compter de sa notification ou, pour les \ntiers, \u00e0 compter de sa publication.  \n \nARTICLE 9e :   Le Directeur de la d\u00e9l\u00e9gation d\u00e9partementale de l'Essonne de l'Agence r\u00e9gionale de \nsant\u00e9 \u00cele-de-France est charg\u00e9 de l'ex\u00e9cution du pr\u00e9sent arr\u00eat\u00e9  qui sera publi\u00e9 au \nrecueil des actes administratifs de la R\u00e9gion \u00cele-de-France. \n \n \n \n        Fait \u00e0 Saint-Denis, le 17 nov. 2025 \n \n Pour le Directeur g\u00e9n\u00e9ral  \n de l'Agence r\u00e9gionale de sant\u00e9  \n  \u00cele-de-France et par d\u00e9l\u00e9gation \nLa Directrice de l'autonomie \n             \n \n \n \n    St\u00e9phanie TALBOT \n \n   \nAgence R\u00e9gionale de Sant\u00e9 - IDF-2025-11-17-00010 - Arr\u00eat\u00e9 n\u00b02025-285 portant autorisation d'extension de la file active du centre\nm\u00e9dico-psycho-p\u00e9dagogique (CMPP) Marx Dormoy \u00e0 Massy (91300) g\u00e9r\u00e9 par l'association d\u00e9partementale des pupilles de\nl'enseignement public de l'Essonne (ADPEP91)\n34\nAgence R\u00e9gionale de Sant\u00e9\nIDF-2025-11-18-00006\nArr\u00eat\u00e9 n\u00b02025-DD94-47 portant renouvellement\nde l'autorisation du Service d'Education Sp\u00e9ciale\net de Soins \u00e0 Domicile (SESSAD) ARELIA \u00e0\nVilleneuve-Saint-Georges g\u00e9r\u00e9 par l'association\n\"Actions et Ressources pour l'Inclusion Sociale\npar le Soin et l'Education\" (ARISSE)\nAgence R\u00e9gionale de Sant\u00e9 - IDF-2025-11-18-00006 - Arr\u00eat\u00e9 n\u00b02025-DD94-47 portant renouvellement de l'autorisation du Service\nd'Education Sp\u00e9ciale et de Soins \u00e0 Domicile (SESSAD) ARELIA \u00e0 Villeneuve-Saint-Georges g\u00e9r\u00e9 par l'association \"Actions et Ressources\npour l'Inclusion Sociale par le Soin et l'Education\" (ARISSE)\n35\nREPUBLIQUEFRAN\u00c7AISELibert\u00e9\u00c9galit\u00e9Fraternit\u00e9 e \u00bb Agence R\u00e9gionale de Sant\u00e9Ile-de-France\n \n \n \n \n \n \n \n \n \n \nAGENCE R\u00c9GIONALE DE SANT\u00c9 \u00ceLE-DE-FRANCE \n \nARRETE 2025-DD94-47           \n  \nportant renouvellement de l'autorisation du Service d'Education Sp\u00e9ciale et de Soins \u00e0 \nDomicile (SESSAD) ARELIA sis 11 rue Beauregard \u00e0 Villeneuve-Saint-Georges (94190)  \ng\u00e9r\u00e9 par l'association \u00ab Actions et Ressources pour l'Inclusion Sociale par le Soin et \nl'Education \u00bb (ARISSE)   \n \n \nLE DIRECTEUR G\u00c9N\u00c9RAL DE L'AGENCE R\u00c9GIONALE DE SANT\u00c9 \u00ceLE-DE-FRANCE \n \n \nVU le code de l'action sociale et des familles et notamment les articles L. 312-1, L. 313-1,  L. \n314-3 et suivants ; \n \nVU        le d\u00e9cret du 10 avril 2024 portant nomination de Monsieur Denis ROBIN, Directeur g\u00e9n\u00e9ral \nde l'Agence r\u00e9gionale de sant\u00e9 \u00cele-de-France \u00e0 compter du 29 avril 2024 ; \n \nVU l'arr\u00eat\u00e9 du 29 avril 2024 n\u00b0 DS 046/2024 portant d\u00e9l\u00e9gation de signature du Directeur \ng\u00e9n\u00e9ral de l'Agence r\u00e9gionale de sant\u00e9 \u00cele-de-France vers le directeur de la d\u00e9l\u00e9gation du \nD\u00e9partement du Val-de-Marne ; \n \nVU l'arr\u00eat\u00e9 n\u00b0 DIRNOV-2023/08 de la Directrice g\u00e9n\u00e9rale de l'Agence r\u00e9gionale de sant\u00e9 \u00cele-\nde-France en date du 26 octobre 2023 portant adoption du cadre d'orientation strat\u00e9gique \n2018-2028 du projet r\u00e9gional de sant\u00e9 d'\u00cele-de-France ; \n \nVU l'arr\u00eat\u00e9 n\u00b0 DIRNOV-2023/09 de la Directrice g\u00e9n\u00e9rale de l'Agence r\u00e9gionale de sant\u00e9 \u00cele-\nde-France en date du 26 octobre 2023 portant adoption du sch\u00e9ma r\u00e9gional de sant\u00e9 \n2023-2028 du projet r\u00e9gional de sant\u00e9 d' \u00cele-de-France, modifi\u00e9 par l'arr\u00eat\u00e9 n\u00b0DIRNOV -\n2023/09 en date du 12 janvier 2024 ; \n \nVU l'arr\u00eat\u00e9 n\u00b0 2023-346 de la Directrice g\u00e9n\u00e9rale de l'Agence r\u00e9gionale de sant\u00e9 \u00cele-de-France \nen date du 4 d\u00e9cembre 2023 \u00e9tablissant le programme interd\u00e9partemental \nd'accompagnement des handicaps et de la perte d'autonomie (PRIAC) 2023-2027 pour la \nr\u00e9gion \u00cele-de-France ; \n \nVU l'arr\u00eat\u00e9 n\u00b02011-207 du 21 d\u00e9cembre 2011 autorisant le fonctionnement et l'implantation \ndu Service d'Education Sp\u00e9ciale et de Soins \u00e0 Domicile (SESSAD) ARELIA \u00e0 Villeneuve-\nSaint-Georges g\u00e9r\u00e9 par l'association \u00ab Actions et Ressources pour l'Inclusion Sociale par \nle Soin et l'Education \u00bb (ARISSE) ; \n \nVU l'arr\u00eat\u00e9 n\u00b02023-152 du 26 juin 2023 portant autorisation d'extension de capacit\u00e9 de 30 \u00e0 \n44 places du Service d'Education Sp\u00e9ciale et de Soins \u00e0 Domicile (SESSAD) ARELIA sis \n\u00e0 Villeneuve-Saint-Georges ; \n  \n \nAgence R\u00e9gionale de Sant\u00e9 - IDF-2025-11-18-00006 - Arr\u00eat\u00e9 n\u00b02025-DD94-47 portant renouvellement de l'autorisation du Service\nd'Education Sp\u00e9ciale et de Soins \u00e0 Domicile (SESSAD) ARELIA \u00e0 Villeneuve-Saint-Georges g\u00e9r\u00e9 par l'association \"Actions et Ressources\npour l'Inclusion Sociale par le Soin et l'Education\" (ARISSE)\n36\n       2 \n \nVU l'arr\u00eat\u00e9 n\u00b02024-106 du 7 juin 2024 portant autorisation d'extension de capacit\u00e9 de 44 \u00e0 74 \nplaces du Service d'Education Sp\u00e9ciale et de Soins \u00e0 Domicile (SESSAD) ARELIA  sis \u00e0 \nVilleneuve-Saint-Georges ; \n \nVU les conclusions du rapporteur de l'\u00e9valuation externe adress\u00e9es \u00e0 l'Agence r\u00e9gionale de \nsant\u00e9 \u00cele-de-France le 18 octobre 2024 ; \n \n \n \nCONSID\u00c9RANT        que les \u00e9l\u00e9ments pr\u00e9sent\u00e9s dans le rapport d'\u00e9valuation et le plan d'action \nsont satisfaisants ;  \n \nCONSID\u00c9RANT  que ce renouvellement d'autorisation peut s'effectuer \u00e0 moyens constants \net n'entraine donc aucun surco\u00fbt ; \n \n      \n \nARR\u00caTE  \n \n \nARTICLE 1er : L'autorisation d\u00e9livr\u00e9e \u00e0  l'association ARISSE  relative \u00e0 la gestion d u SESSAD \nARELIA sis 11 rue Beauregard \u00e0 Villeneuve -Saint-Georges (94190)  destin\u00e9e \u00e0 \naccueillir des enfants et jeunes adultes \u00e2g\u00e9s de 0 \u00e0 20 ans est renouvel\u00e9e \u00e0 compter \ndu 21 d\u00e9cembre 2026 pour une dur\u00e9e de quinze ans. \n \n \nARTICLE 2e :  La capacit\u00e9 totale du SESSAD ARELIA  est de 74 places destin\u00e9es \u00e0 un public \npr\u00e9sentant des Troubles du Neurod\u00e9veloppement (TND) r\u00e9parties comme suit : \n- 60 places pour enfants et jeunes adultes concern\u00e9s par des TND \u00e2g\u00e9s de 0 \u00e0 20 \nans (dont 9 places TSA d\u00e9di\u00e9es \u00e0 de l'accompagnement pr\u00e9coce) ; \n- 7 places de DAR permettant d'accueillir 7 \u00e0 10 enfants TSA d'\u00e2ge \u00e9l\u00e9mentaire \nscolaris\u00e9s au sein du Groupe scolaire Saint -Exup\u00e9ry B \u00e0 Villeneuve -Saint-\nGeorges ; \n- 7 places d'UEMA destin\u00e9es \u00e0 des enfants TSA \u00e2g\u00e9s de 3 \u00e0 6 ans \n \n \nARTICLE 3e : Conform\u00e9ment aux termes du dernier alin\u00e9a du I de l'article D. 312 -0-3 du code de \nl'action sociale et des familles, a ucune sp\u00e9cialisation n'exclut la prise en charge de \npersonnes pr\u00e9sentant des troubles associ\u00e9s \u00e0 ceux qui font l'objet de la pr\u00e9sente \nautorisation.  \n \n \nARTICLE 4e : Cette structure est r\u00e9pertori\u00e9e dans le Fichier National des Etablissements Sanitaires \net Sociaux (FINESS) de la fa\u00e7on suivante : \n \n \n \nN\u00b0 FINESS de l'\u00e9tablissement : 94 001 563 9 \n \nCode \ncat\u00e9gorie : \n[182] - SESSAD \nCode \ndiscipline :  \n \n[841] \u2013 Accompagnement dans \nl'acquisition de l'autonomie et la \nscolarisation \n \nAgence R\u00e9gionale de Sant\u00e9 - IDF-2025-11-18-00006 - Arr\u00eat\u00e9 n\u00b02025-DD94-47 portant renouvellement de l'autorisation du Service\nd'Education Sp\u00e9ciale et de Soins \u00e0 Domicile (SESSAD) ARELIA \u00e0 Villeneuve-Saint-Georges g\u00e9r\u00e9 par l'association \"Actions et Ressources\npour l'Inclusion Sociale par le Soin et l'Education\" (ARISSE)\n37\n       3 \n \n \n \n \n \n \n[844] \u2013 Tous projets \u00e9ducatifs, \nth\u00e9rapeutiques et p\u00e9dagogiques \n[840] \u2013 Accompagnement pr\u00e9coce de \njeunes enfants \nCode \nfonctionnement  \n \n[16] \u2013 Prestation en milieu ordinaire \n: \n \nCode client\u00e8le : \n \n[437] \u2013 Troubles du spectre de \nl'autisme \n[207] \u2013 Handicap cognitif sp\u00e9cifique \n \n \n67 \nplaces \n \nCode : UEMA  \n \nCode \ndiscipline :  \n \n[840] \u2013 Accompagnement pr\u00e9coce de \njeunes enfants \n \nCode \nfonctionnement   \n \n[21] \u2013 Accueil de jour  \nCode client\u00e8le : \n \n[437] \u2013 Troubles du spectre de \nl'autisme \n7 \nplaces \n \nCode mode de fixation des tarifs : 57 ARS Dot.Glob \n \nN\u00b0 FINESS du gestionnaire : 78 002 011 1 \n \nCode statut : 60 - Association Loi 1901 non reconnue d'utilit\u00e9 publique \n \n \nARTICLE 5e :   Tout changement important dans l'activit\u00e9, l'installation, l'organisation, la direction ou \nle fonctionnement de l'\u00e9tablissement ou du service doit \u00eatre port\u00e9 \u00e0 la connaissance \nde l'autorit\u00e9 comp\u00e9tente. \n \n \nARTICLE 6e :  Un recours contre le pr\u00e9sent arr\u00eat\u00e9 peut \u00eatre form\u00e9 devant le tribunal administratif \ncomp\u00e9tent dans un d\u00e9lai de deux mois \u00e0 compter de sa notification ou, pour les tiers, \n\u00e0 compter de sa publication.   \n \n \n  \nAgence R\u00e9gionale de Sant\u00e9 - IDF-2025-11-18-00006 - Arr\u00eat\u00e9 n\u00b02025-DD94-47 portant renouvellement de l'autorisation du Service\nd'Education Sp\u00e9ciale et de Soins \u00e0 Domicile (SESSAD) ARELIA \u00e0 Villeneuve-Saint-Georges g\u00e9r\u00e9 par l'association \"Actions et Ressources\npour l'Inclusion Sociale par le Soin et l'Education\" (ARISSE)\n38\nsigh\"\n       4 \n \nARTICLE 7e :   Le Directeur de la d\u00e9l\u00e9gation d\u00e9partementale du Val-de-Marne de l'Agence r\u00e9gionale \nde sant\u00e9 \u00cele-de-France est charg\u00e9 de l'ex\u00e9cution du pr\u00e9sent arr\u00eat\u00e9 qui sera publi\u00e9 au \nrecueil des actes administratifs de la R\u00e9gion \u00cele-de-France. \n \n       \n Fait \u00e0 Cr\u00e9teil, le 18 novembre 2025 \n \n Pour le Directeur g\u00e9n\u00e9ral \n de l'Agence r\u00e9gionale de sant\u00e9 \n \u00cele-de-France et par d\u00e9l\u00e9gation \nLe Directeur adjoint de la \nD\u00e9l\u00e9gation d\u00e9partementale du \nVal-de-Marne \n \n \n \n \n \n \n Dr Matthieu BOUSSARIE \nAgence R\u00e9gionale de Sant\u00e9 - IDF-2025-11-18-00006 - Arr\u00eat\u00e9 n\u00b02025-DD94-47 portant renouvellement de l'autorisation du Service\nd'Education Sp\u00e9ciale et de Soins \u00e0 Domicile (SESSAD) ARELIA \u00e0 Villeneuve-Saint-Georges g\u00e9r\u00e9 par l'association \"Actions et Ressources\npour l'Inclusion Sociale par le Soin et l'Education\" (ARISSE)\n39\nAgence R\u00e9gionale de Sant\u00e9\nIDF-2025-11-20-00009\nD\u00e9cision n\u00b0 DVSS - QSPHARMBIO - 2025 / 120\nportant renouvellement de l'autorisation de la\npharmacie \u00e0 usage int\u00e9rieur\ndu Centre d'H\u00e9modialyse de l'Estr\u00e9e\nAgence R\u00e9gionale de Sant\u00e9 - IDF-2025-11-20-00009 - D\u00e9cision n\u00b0 DVSS - QSPHARMBIO - 2025 / 120\nportant renouvellement de l'autorisation de la pharmacie \u00e0 usage int\u00e9rieur\ndu Centre d'H\u00e9modialyse de l'Estr\u00e9e\n40\nREPUBLIQUEFRANCAISELibert\u00e9Egalit\u00e9Fraternit\u00e9\ne \u00bb Agence R\u00e9gionale de Sant\u00e9Ile-de-France\n \n \n1 / 3 \n \n \nAGENCE R\u00c9GIONALE DE SANTE \u00ceLE-DE-FRANCE \nD\u00c9CISION n\u00b0 DVSS - QSPHARMBIO - 2025 / 120 \nportant renouvellement de l'autorisation de la pharmacie \u00e0 usage int\u00e9rieur  \ndu Centre d'H\u00e9modialyse de l'Estr\u00e9e \n \nLE DIRECTEUR G\u00c9N\u00c9RAL DE L'AGENCE R\u00c9GIONALE DE SANT\u00c9 \u00ceLE-DE-FRANCE \n \nVU le code de la sant\u00e9 publique  et notamment les articles L.5126 -1 \u00e0 L.5126 -11 ainsi que les \narticles R.5126-1 \u00e0 R.5126-62 ;  \n \nVU l'ordonnance n\u00b0 2016-1729 en date du 15 d\u00e9cembre 2016 relative aux pharmacies \u00e0 usage \nint\u00e9rieur prise en application de l'article 204 de la loi n\u00b0 2016-41 en date du 26 janvier 2016 de \nmodernisation de notre syst\u00e8me de sant\u00e9 en sa version modifi\u00e9e par l'ordonnance \nn\u00b0 2020- 1407 en date du 18 novembre 2020 relative aux missions des agences r\u00e9gionales de \nsant\u00e9 ; \n \nVU le d\u00e9cret n\u00b0 2019-489 en date du 21 mai 2019 modifi\u00e9 relatif aux pharmacies \u00e0 usage int\u00e9rieur \npris en application de l'ordonnance n\u00b02016-1729, notamment son article 4 ; \n \nVU  l'arr\u00eat\u00e9 en date du 22 juin 2001 relatif aux bonnes pratiques de pharmacie hospitali\u00e8re ; \n \nVU  la d\u00e9cision en date du 21 juillet 2023, prise en application des articles L.5121-1 et L.5121-5 du \ncode de la sant\u00e9 publique, relative aux bonnes pratiques de pr\u00e9paration ; \n \nVU  le d\u00e9cret en date du 10 avril 2024 portant nomination de  Monsieur Denis ROBIN, Direct eur \ng\u00e9n\u00e9ral de l'Agence r\u00e9gionale de sant\u00e9 \u00cele-de-France \u00e0 compter du 29 avril 2024 ;  \n \nVU l'arr\u00eat\u00e9 n\u00b0 DS 107/2024 en date du 27 juin 2024 portant d\u00e9l\u00e9gation de signature de \nMonsieur Denis ROBIN, Directeur g\u00e9n\u00e9ral de l'Agence r\u00e9gionale de sant\u00e9 Ile -de-France \u00e0 \nMadame Sophie MARTINON, Directrice g\u00e9n\u00e9rale adjointe de l'Agence   r\u00e9gionale  de  sant\u00e9 \nIle-de-France ; \n \nVU  l'arr\u00eat\u00e9 de l'Agence r\u00e9gionale de l'hospitalisation Ile -de-France en date du 29 mai 2008 ayant \nautoris\u00e9 la cr\u00e9ation d'une pharmacie \u00e0 usage int\u00e9rieur sous le n\u00b0 H. 508 au sein d u Centre \nd'H\u00e9modialyse de l'Estr\u00e9e, sis 35 rue d'Amiens \u00e0 Stains (93240) ;  \n \nVU  la demande d\u00e9pos\u00e9e le 28 mai 2025  par le directeur de l'\u00e9tablissement, en vue du \nrenouvellement, au titre de l'article 4 du d\u00e9cret n\u00b0  2019-489 en date du 21 mai 2019 modifi\u00e9 \nrelatif aux pharmacies \u00e0 usage int\u00e9rieur, de l'autorisation de la pharmacie \u00e0 usage int\u00e9rieur \nconcernant les missions g\u00e9n\u00e9rales ainsi que les actions de pharmacie clinique, telles que \nd\u00e9finies \u00e0 l'article L.5126 -1 du code de la sant\u00e9 publique, afin de r\u00e9pondre aux besoins \npharmaceutiques des personnes prises en charge ; \n \nVU  le rapport d'instruction en date du 6 octobre  2025 et la conclusion d\u00e9finitive en date du \n20 octobre 2025 \u00e9tablis par le pharmacien inspecteur de sant\u00e9 publique ;  \n \nVU  l'avis favorable du Conseil central de la section H de l'Ordre des pharmaciens  en date du \n14 octobre 2025 ;  \n \n \n \nAgence R\u00e9gionale de Sant\u00e9 - IDF-2025-11-20-00009 - D\u00e9cision n\u00b0 DVSS - QSPHARMBIO - 2025 / 120\nportant renouvellement de l'autorisation de la pharmacie \u00e0 usage int\u00e9rieur\ndu Centre d'H\u00e9modialyse de l'Estr\u00e9e\n41\n \n2 / 3 \n \nCONSID\u00c9RANT  \n \n \nles engagements pris par l'\u00e9tablissement \u00e0 la suite du rapport d' instruction du \npharmacien inspecteur de sant\u00e9 publique notamment :  \n \n- mettre en place les moyens et les \u00e9quipements n\u00e9cessaires pour assurer la \nconservation des produits de sant\u00e9 en atmosph\u00e8re ambiante ou dirig\u00e9e dans \ndes conditions optimales garantissant leur qualit\u00e9,  \n- r\u00e9organiser et d'optimiser la gestion et le stockage des dispositifs m\u00e9dicaux \net des solut\u00e9s de dialyse pour \u00e9viter d'en alt\u00e9rer la qualit\u00e9, \n- fixer une utilisation limit\u00e9e \u00e0 deux mois apr\u00e8s ouverture des bidons de \nd\u00e9sinfectant des g\u00e9n\u00e9rateurs ; \n \nCONSID\u00c9RANT que le Centre d'H\u00e9modialyse de l'Estr\u00e9e, sous r\u00e9serve du respect des engagements \npris, dispose de locaux, de moyens en personnel, de moyens en \u00e9quipement et d'un \nsyst\u00e8me d'information, conform\u00e9ment aux articles R.5126-8 et R.5126-14 du code de \nla sant\u00e9 publique, lui permettant d'assurer l'ensemble des missions sollicit\u00e9es ; \n \n \nDECIDE  \n \n \nARTICLE 1 La pharmacie \u00e0 usage int\u00e9rieur implant\u00e9e au sein du Centre d'H\u00e9modialyse de l'Estr\u00e9e \nn\u00b0 FINESS EJ : 930014378 - n\u00b0 FINESS ET : 930014428, sis 35, rue d'Amiens \u00e0 Stains \n(93240) est autoris\u00e9e \u00e0 exercer les missions cit\u00e9es aux articles suivants. \n \nARTICLE 2 La pharmacie \u00e0 usage int\u00e9rieur assurera pour son propre compte, dans la limite du \nrespect des conditions r\u00e8glementaires fix\u00e9es pour leur exercice au regard du statut de \nl'\u00e9tablissement au sein duquel elle est \u00e9tablie, les missions g\u00e9n\u00e9rales ainsi que les \nactions de pharmacie clinique, telles que d\u00e9finies \u00e0 l'article L.5126 -1 du code de la \nsant\u00e9 publique, afin de r\u00e9pondre aux besoins pharmaceutiques des personnes prises \nen charge. \n \nARTICLE 3 La pharmacie \u00e0 usage int\u00e9rieur est i mplant\u00e9e dans des locaux d'une superficie totale \nde 140 m\u00b2, comprenant :  \n \nau rez-de-jardin du b\u00e2timent Estr\u00e9e 2 : \n \n- pharmacie \u00e0 usage int\u00e9rieur centrale : 26 m\u00b2 ; \n- annexe 1 \u2013 stockage des consommables du centre lourd : 29 m\u00b2 ; \n- annexe 3 \u2013 traitement d'eau du centre lourd : 20 m\u00b2 ; \n \nau rez-de-jardin du b\u00e2timent Estr\u00e9e 3 :  \n \n- annexe 2 \u2013 stockage des consommables de l'unit\u00e9 de dialyse m\u00e9dicalis\u00e9e et \nde l'unit\u00e9 d'auto-dialyse : 34 m\u00b2 ; \n- annexe 4 - traitement d'eau de l'unit\u00e9 de dialyse m\u00e9dicalis\u00e9e / unit\u00e9 d'auto-\ndialyse : 19 m\u00b2 ; \n- annexe 5 \u2013 stockage de l'acide ac\u00e9tique de l'unit\u00e9 de dialyse m\u00e9dicalis\u00e9e / \nunit\u00e9 d'auto-dialyse : 12 m\u00b2. \n \nARTICLE 4 \n \nLe temps de pr\u00e9sence du pharmacien charg\u00e9 de la g\u00e9rance, de dix demi-journ\u00e9es par \nsemaine, est en conformit\u00e9 avec les dispositions de l'article R.5126 -39 du code de la \nsant\u00e9 publique. \nAgence R\u00e9gionale de Sant\u00e9 - IDF-2025-11-20-00009 - D\u00e9cision n\u00b0 DVSS - QSPHARMBIO - 2025 / 120\nportant renouvellement de l'autorisation de la pharmacie \u00e0 usage int\u00e9rieur\ndu Centre d'H\u00e9modialyse de l'Estr\u00e9e\n42\n \n3 / 3 \n \nARTICLE 5 Un recours contentieux contre la pr\u00e9sente d\u00e9cision peut \u00eatre form\u00e9 aupr\u00e8s du Tribunal \nadministratif comp\u00e9tent. Le d\u00e9lai de recours est de deux mois \u00e0 compter de la \nnotification de la d\u00e9cision pour les int\u00e9ress\u00e9s ou de sa publication pour les tiers. Cette \njuridiction peut notamment \u00eatre saisie via une requ\u00eate remise ou envoy\u00e9e au greffe du \nTribunal administratif ou aussi par l'application \u00ab  T\u00e9l\u00e9recours \u00bb accessible \u00e0 partir du \nsite www.telerecours.fr.  \nARTICLE 6 Les Directeurs de l'Agence r\u00e9gionale de sant\u00e9 \u00cele-de-France sont charg\u00e9s, chacun en \nce qui les concerne, de l'ex\u00e9cution de la pr\u00e9sente d\u00e9cision, qui sera publi\u00e9e au recueil \ndes actes administratifs de la Pr\u00e9fecture de r\u00e9gion \u00cele-de-France. \n \nFait \u00e0 Saint-Denis, le 20 novembre 2025 \n \nLe Directeur g\u00e9n\u00e9ral \nde l'Agence r\u00e9gionale de sant\u00e9  \n\u00cele-de-France \n \nSIGNE \nAgence R\u00e9gionale de Sant\u00e9 - IDF-2025-11-20-00009 - D\u00e9cision n\u00b0 DVSS - QSPHARMBIO - 2025 / 120\nportant renouvellement de l'autorisation de la pharmacie \u00e0 usage int\u00e9rieur\ndu Centre d'H\u00e9modialyse de l'Estr\u00e9e\n43\nAgence R\u00e9gionale de Sant\u00e9\nIDF-2025-11-19-00008\nD\u00e9cision n\u00b0 DVSS - QSPHARMBIO - 2025 / 137\nportant renouvellement de l'autorisation de la\npharmacie \u00e0 usage int\u00e9rieur de la Clinique de\nPierrefitte-sur-Seine\nAgence R\u00e9gionale de Sant\u00e9 - IDF-2025-11-19-00008 - D\u00e9cision n\u00b0 DVSS - QSPHARMBIO - 2025 / 137\nportant renouvellement de l'autorisation de la pharmacie \u00e0 usage int\u00e9rieur de la Clinique de Pierrefitte-sur-Seine 44\nREPUBLIQUEFRANCAISELibert\u00e9Egalit\u00e9Fraternit\u00e9\ne \u00bb Agence R\u00e9gionale de Sant\u00e9Ile-de-France\n \n \n1 / 3 \n \n \n \n \nAGENCE R\u00c9GIONALE DE SANTE \u00ceLE-DE-FRANCE \nD\u00c9CISION n\u00b0 DVSS - QSPHARMBIO - 2025 / 137 \nportant renouvellement de l'autorisation de la pharmacie \u00e0 usage int\u00e9rieur  \nde la Clinique de Pierrefitte-sur-Seine \n \nLE DIRECTEUR G\u00c9N\u00c9RAL DE L'AGENCE R\u00c9GIONALE DE SANT\u00c9 \u00ceLE-DE-FRANCE \n \n \nVU le code de la sant\u00e9 publique  et notamment les articles L.5126 -1 \u00e0 L.5126 -11 ainsi que les \narticles R.5126-1 \u00e0 R.5126-62 ;  \n \nVU l'ordonnance n\u00b0 2016-1729 en date du 15 d\u00e9cembre 2016 relative aux pharmacies \u00e0 usage \nint\u00e9rieur prise en application de l'article 204 de la loi n\u00b0 2016-41 en date du 26 janvier 2016 de \nmodernisation de notre syst\u00e8me de sant\u00e9 en sa version modifi\u00e9e par l'ordonnance \nn\u00b0 2020- 1407 en date du 18 novembre 2020 relative aux missions des agences r\u00e9gionales de \nsant\u00e9 ; \n \nVU le d\u00e9cret n\u00b0 2019-489 en date du 21 mai 2019 modifi\u00e9 relatif aux pharmacies \u00e0 usage int\u00e9rieur \npris en application de l'ordonnance n\u00b0 2016-1729, notamment son article 4 ; \n \nVU  l'arr\u00eat\u00e9 en date du 22 juin 2001 relatif aux bonnes pratiques de pharmacie hospitali\u00e8re ; \n \nVU  la d\u00e9cision en date du 21 juillet 2023, prise en application des articles L.5121-1 et L.5121-5 du \ncode de la sant\u00e9 publique, relative aux bonnes pratiques de pr\u00e9paration ; \n \nVU  le d\u00e9cret en date du 10 avril 2024 portant nomination de  Monsieur Denis ROBIN, Direct eur \ng\u00e9n\u00e9ral de l'Agence r\u00e9gionale de sant\u00e9 \u00cele-de-France \u00e0 compter du 29 avril 2024 ;  \n \nVU l'arr\u00eat\u00e9 n\u00b0 DS 107/2024 en date du 27 juin 2024 portant d\u00e9l\u00e9gation de signature de \nMonsieur Denis ROBIN, Directeur g\u00e9n\u00e9ral de l'Agence r\u00e9gionale de sant\u00e9 Ile -de-France \u00e0 \nMadame Sophie MARTINON,  Directrice  g\u00e9n\u00e9rale  adjointe de l'Agence r\u00e9gionale de sant\u00e9 \nIle-de-France ; \n \nVU  l'arr\u00eat\u00e9 pr\u00e9fectoral en date du 25 juillet 2008 ayant autoris\u00e9 la cr\u00e9ation d'une pharmacie \u00e0 usage \nint\u00e9rieur sous le n\u00b0 H. 608 au sein de la clinique de Pierrefitte-sur-Seine, sise 32, avenue Victor \nHugo \u00e0 Pierrefitte-sur-Seine (93380) ; \n  \nVU  la demande d\u00e9pos\u00e9e le 16 mai 2025 et compl\u00e9t\u00e9e le 21 mai 2025  par le directeur de \nl'\u00e9tablissement, repr\u00e9sentant l\u00e9gal de la personne morale exploitant l a clinique de Pierrefitte -\nsur-Seine, en vue du renouvellement, au titre de  l'article 4 du d\u00e9cret n\u00b0  2019-489 en date du \n21 mai 2019 modifi\u00e9 relatif aux pharmacies \u00e0 usage int\u00e9rieur, de l'autorisation de la pharmacie \n\u00e0 usage int\u00e9rieur concernant  les missions g\u00e9n\u00e9rales ainsi que les actions de pharmacie \nclinique, telles que d\u00e9finies \u00e0 l'article L.5126 -1 du code de la sant\u00e9 publique, afin de r\u00e9pondre \naux besoins pharmaceutiques des personnes prises en charge ;  \n \n \n \n \nAgence R\u00e9gionale de Sant\u00e9 - IDF-2025-11-19-00008 - D\u00e9cision n\u00b0 DVSS - QSPHARMBIO - 2025 / 137\nportant renouvellement de l'autorisation de la pharmacie \u00e0 usage int\u00e9rieur de la Clinique de Pierrefitte-sur-Seine 45\n \n2 / 3 \n \nVU  la demande d\u00e9pos\u00e9e le 16 mai 2025 et compl\u00e9t\u00e9e le 21 mai 2025  par le directeur  de \nl'\u00e9tablissement, repr\u00e9sentant l\u00e9gal de la personne morale exploitant  la  clinique  de  Pierrefitte-\nsur-Seine, en vue du renouvellement, au titre de l'article 4  du d\u00e9cret n\u00b0  2019-489 en date du \n21 mai 2019 modifi\u00e9 relatif aux pharmacies \u00e0 usage int\u00e9rieur, de l'autorisation de la pharmacie \n\u00e0 usage int\u00e9rieur concernant l'activit\u00e9 suivante assur\u00e9e pour son propre compte :  \n \n- la pr\u00e9paration de doses \u00e0 administrer de m\u00e9dicaments mentionn\u00e9s \u00e0 \nl'article L.4211-1 du code de la sant\u00e9 publique ; \n \nVU  le rapport d'instruction en date du 24 juillet 2025  et la conclusion d\u00e9finitive en date du \n22 octobre 2025 \u00e9tablis par le pharmacien inspecteur de sant\u00e9 publique ; \n  \nVU  l'avis favorable du Conseil central de la section H de l'Ordre des pharmaciens  en date du \n5 octobre 2025 ;  \n  \nCONSID\u00c9RANT  \n \n \nl'engagement pris par l'\u00e9tablissement \u00e0 la suite du rapport d' instruction du \npharmacien inspecteur de sant\u00e9 publique notamment :  \n \n- int\u00e9grer le traitement des non -conformit\u00e9s au sein de chaque proc\u00e9dure \nconcern\u00e9e ; \n \nCONSIDERANT  \n \nqu'il est attendu la mise en \u0153uvre par l'\u00e9tablissement des mesures suivantes  : \n \n- d\u00e9noncer la convention sign\u00e9e avec la pharmacie du Grand Stade ; \n- int\u00e9grer la fiche de fonction de Madame Rodiyath BAMBA au syst\u00e8me de \ngestion documentaire ; \n- mettre \u00e0 jour r\u00e9guli\u00e8rement la cartographie des risques afin de garantir une \n\u00e9valuation continue et pertinente des vuln\u00e9rabilit\u00e9s et des mesures de \nma\u00eetrise associ\u00e9es ; \n \nCONSID\u00c9RANT que la clinique de Pierrefitte -sur-Seine, sous r\u00e9serve du respect des engagements \npris et de la mise en \u0153uvre des mesures attendues, dispose de locaux, de moyens \nen personnel, de moyens en \u00e9quipement et d'un syst\u00e8me d'information, \nconform\u00e9ment aux articles R.5126 -8 et R.5126-14 du code de la sant\u00e9 publique , lui \npermettant d'assurer l'ensemble des missions et l'activit\u00e9 sollicit\u00e9es ; \n  \nDECIDE  \n \nARTICLE 1 La pharmacie \u00e0 usage int\u00e9rieur implant\u00e9e au sein de la clinique de Pierrefitte-sur-Seine \n(n\u00b0 FINESS EJ  : 930009139  - n\u00b0 FINESS ET  : 930009188 ), sis e 32, avenue Victor \nHugo \u00e0 Pierrefitte-sur-Seine (93380), est autoris\u00e9e \u00e0 exercer les missions et l'activit\u00e9 \ncit\u00e9es aux articles suivants. \n \nARTICLE 2 La pharmacie \u00e0 usage int\u00e9rieur assurera pour son propre compte, dans la limite du \nrespect des conditions r\u00e8glementaires fix\u00e9es pour leur exercice au regard du statut de \nl'\u00e9tablissement au sein duquel elle est \u00e9tablie  les mi ssions g\u00e9n\u00e9rales ainsi que les \nactions de pharmacie clinique, telles que d\u00e9finies \u00e0 l'article L.5126 -1 du code de la \nsant\u00e9 publique, afin de r\u00e9pondre aux besoins pharmaceutiques des personnes prises \nen charge ;  \n \n \nAgence R\u00e9gionale de Sant\u00e9 - IDF-2025-11-19-00008 - D\u00e9cision n\u00b0 DVSS - QSPHARMBIO - 2025 / 137\nportant renouvellement de l'autorisation de la pharmacie \u00e0 usage int\u00e9rieur de la Clinique de Pierrefitte-sur-Seine 46\n \n3 / 3 \n \nARTICLE 3 La pharmacie  \u00e0 usage int\u00e9rieur  assurera, pour son propre compte , l'activit\u00e9 \nmentionn\u00e9e \u00e0 l'article R.5126-9 du code de la sant\u00e9 publique :  \n- la pr\u00e9paration de doses \u00e0 administrer de m\u00e9dicaments mentionn\u00e9s \u00e0 \nl'article L. 4211-1 du m\u00eame code : \n\u2981 proc\u00e9d\u00e9 de pr\u00e9paration de doses \u00e0 administrer : manuel ; \n\u2981 type de doses pr\u00e9par\u00e9es : pilulier individuel nominatif ; \n\u2981 op\u00e9rations r\u00e9alis\u00e9es : sur\u00e9tiquetage  des blisters de m\u00e9dicaments non \npr\u00e9sent\u00e9s en conditionnement unitaire. \n \nARTICLE 4 La pharmacie \u00e0 usage int\u00e9rieur est implant\u00e9e dans des locaux d'une superficie totale \nde 76,1 m\u00b2, comprenant :  \n \n- zone de r\u00e9ception, quarantaine, d\u00e9cartonnage : 9,9 m\u00b2 ; \n- zone de stockage : 49,2 m\u00b2 ; \n- zone administrative : 12,95 m\u00b2 ; \n- zone pr\u00e9paration de doses \u00e0 administrer : 4,05 m\u00b2. \n \nARTICLE 5  \n \nLe temps de pr\u00e9sence du pharmacien charg\u00e9 de la g\u00e9rance de dix demi-journ\u00e9es par \nsemaine est en conformit\u00e9 avec les dispositions de l'article R.5126 -39 du code de la \nsant\u00e9 publique \n \n \nARTICLE 6  Un recours contentieux contre la pr\u00e9sente d\u00e9cision peut \u00eatre form\u00e9 aupr\u00e8s du Tribunal \nadministratif comp\u00e9tent. Le d\u00e9lai de recours est de deux mois \u00e0 compter de la \nnotification de la d\u00e9cision pour les int\u00e9ress\u00e9s ou de sa publication pour les tiers. Cette \njuridiction peut notamment \u00eatre saisie via une requ\u00eate remise ou envoy\u00e9e au greffe du \nTribunal administratif ou aussi par l'application \u00ab  T\u00e9l\u00e9recours \u00bb accessible \u00e0 partir du \nsite www.telerecours.fr.  \nARTICLE 7  Les Directeurs de l'Agence r\u00e9gionale de sant\u00e9 \u00cele-de-France sont charg\u00e9s, chacun en \nce qui les concerne, de l'ex\u00e9cution de la pr\u00e9sente d\u00e9cision, qui sera publi\u00e9e au recueil \ndes actes administratifs de la Pr\u00e9fecture de r\u00e9gion \u00cele-de-France. \n \nFait \u00e0 Saint-Denis, le 19 novembre 2025 \n \nLe Directeur g\u00e9n\u00e9ral \nde l'Agence r\u00e9gionale de sant\u00e9  \n\u00cele-de-France \n \nSIGNE \nAgence R\u00e9gionale de Sant\u00e9 - IDF-2025-11-19-00008 - D\u00e9cision n\u00b0 DVSS - QSPHARMBIO - 2025 / 137\nportant renouvellement de l'autorisation de la pharmacie \u00e0 usage int\u00e9rieur de la Clinique de Pierrefitte-sur-Seine 47\nAgence R\u00e9gionale de Sant\u00e9\nIDF-2025-11-19-00007\nD\u00e9cision n\u00b0 DVSS - QSPHARMBIO - 2025/104\nportant modification de l'autorisation n\u00b0 DVSS -\nQSPHARMBIO - 2024/043 de la pharmacie \u00e0\nusage int\u00e9rieur de l'h\u00f4pital priv\u00e9 de l'Ouest\nParisien\nAgence R\u00e9gionale de Sant\u00e9 - IDF-2025-11-19-00007 - D\u00e9cision n\u00b0 DVSS - QSPHARMBIO - 2025/104\nportant modification de l'autorisation n\u00b0 DVSS - QSPHARMBIO - 2024/043 de la pharmacie \u00e0 usage int\u00e9rieur de l'h\u00f4pital priv\u00e9 de\nl'Ouest Parisien\n48\nREPUBLIQUEFRANCAISELibert\u00e9Egalit\u00e9Fraternit\u00e9\ne \u00bb Agence R\u00e9gionale de Sant\u00e9Ile-de-France\n \n \n \n \n \n \n \n \nAGENCE R\u00c9GIONALE DE SANTE \u00ceLE-DE-FRANCE \nD\u00c9CISION n\u00b0 DVSS - QSPHARMBIO \u2013 2025/104 \nportant modification de l'autorisation n\u00b0 DVSS \u2013 QSPHARMBIO \u2013 2024/043 \nde la pharmacie \u00e0 usage int\u00e9rieur de l'h\u00f4pital priv\u00e9 de l'Ouest Parisien \nLE DIRECTEUR G\u00c9N\u00c9RAL DE L'AGENCE R\u00c9GIONALE DE SANTE \u00ceLE-DE-FRANCE \n \nVU le code de la sant\u00e9 publique (CSP) et notamment les articles L.5126 -1 \u00e0 L.5126-11 ainsi que \nles articles R.5126-1 \u00e0 R.5126-49 \u00e0 62 ; \nVU l'arr\u00eat\u00e9 du 22 juin 2001 relatif aux bonnes pratiques de pharmacie hospitali\u00e8re ; \nVU la d\u00e9cision du 21 juillet 2023, prise en application des articles L.5121 -1 et L.5121-5 du code \nde la sant\u00e9 publique, relative aux bonnes pratiques de pr\u00e9paration ; \nVU le d\u00e9cret du 10 avril 2024 portant nomination de Monsieur Denis ROBIN, Directeur g\u00e9n\u00e9ral de \nl'Agence r\u00e9gionale de sant\u00e9 \u00cele-de-France \u00e0 compter du 29 avril 2024 ; \nVU l'arr\u00eat\u00e9 n\u00b0 DS 107/2024 en date du 27 juin 2024 portant d\u00e9l\u00e9gation de signature de \nMonsieur Denis ROBIN, Directeur g\u00e9n\u00e9ral de l'Agence r\u00e9gionale de sant\u00e9 Ile -de-France \u00e0 \nMadame Sophie MARTINON, Directrice g\u00e9n\u00e9rale   adjointe de l'Agence  r\u00e9gionale de sant\u00e9 \nIle-de-France ; \nVU la d\u00e9cision n\u00b0 DVSS \u2013 QSPHARMBIO \u2013 2024/043 date du 18 avril 2024  ayant renouvel\u00e9 \nl'autorisation de la pharmacie \u00e0 usage int\u00e9rieur (PUI) au sein de  l'h\u00f4pital priv\u00e9 de l'Ouest \nParisien sis 14, avenue Castiglione Del Lago \u00e0 Trappes (78190) ; \nVU la d\u00e9cision n\u00b0 DVSS \u2013 QSPHARMBIO \u2013 2025/086 en date du 2 octobre 2025 ayant autoris\u00e9 \nla pharmacie \u00e0 usage int\u00e9rieur de l'h\u00f4pital priv\u00e9 d'Antony sis 1, rue Velpeau \u00e0 Antony (92160) \n\u00e0 r\u00e9aliser l'activit\u00e9 de reconstitution de s m\u00e9dicaments anticanc\u00e9reux sous forme st\u00e9rile \ninjectable pour le compte de l'h\u00f4pital priv\u00e9 de l'Ouest Parisien, objet de la pr\u00e9sente d\u00e9cision ; \nVU la convention sign\u00e9e le 9 avril 2025 par le directeur de l'\u00e9tablissement, concernant la demande \nde sous-traitance de l'activit\u00e9 de reconstitution de s m\u00e9dicaments anticanc\u00e9reux sous forme \nst\u00e9rile injectable, par la pharmacie \u00e0 usage int\u00e9rieur de l'h\u00f4pital priv\u00e9 d'Antony (HPA) ; \nCONSIDERANT que ce tte modification est non  substantielle, conform\u00e9ment au  I de \nl'article R. 5126- 32 du code de la sant\u00e9 publique ;  \nCONSIDERANT  que ce tte modification permet de faire r\u00e9aliser l'activit\u00e9 de reconstitution de s \nm\u00e9dicaments anticanc\u00e9reux sous forme st\u00e9rile injectable , par la pharmacie \u00e0 \nusage int\u00e9rieur de l'h\u00f4pital priv\u00e9 d'Antony ; \n \nDECIDE \n \nARTICLE 1 La pharmacie \u00e0 usage int\u00e9rieur  de l'h\u00f4pital priv\u00e9 de l'Ouest Parisien sis 14, \navenue Castiglione Del Lago \u00e0 Trappes (78190) , est autoris\u00e9e \u00e0 confier la \nr\u00e9alisation de l'activit\u00e9 de reconstitution de s m\u00e9dicaments anticanc\u00e9reux sous \nforme st\u00e9rile injectable , \u00e0 la  pharmacie \u00e0 usage int\u00e9rieur de l'h\u00f4pital priv\u00e9 \nd'Antony sis 1, rue Velpeau \u00e0 Antony (92160). \n \nAgence R\u00e9gionale de Sant\u00e9 - IDF-2025-11-19-00007 - D\u00e9cision n\u00b0 DVSS - QSPHARMBIO - 2025/104\nportant modification de l'autorisation n\u00b0 DVSS - QSPHARMBIO - 2024/043 de la pharmacie \u00e0 usage int\u00e9rieur de l'h\u00f4pital priv\u00e9 de\nl'Ouest Parisien\n49\n \n \nARTICLE 2 La dur\u00e9e de cette sous -traitance est subordonn\u00e9e \u00e0 l'autorisation octroy\u00e9e \u00e0 \nl'h\u00f4pital priv\u00e9 d'Antony, pour la r\u00e9alisation de l'activit\u00e9 de reconstitution de \nsp\u00e9cialit\u00e9s pharmaceutiques st\u00e9riles, contenant des substances dangereuses \npour le personnel et l'environnement. \n \nARTICLE 3 Un recours contentieux contre la pr\u00e9sente d\u00e9cision peut \u00eatre form\u00e9 aupr\u00e8s du \nTribunal administratif comp\u00e9tent. Le d\u00e9lai de recours est de deux mois \u00e0 compter \nde la notification de la d\u00e9cision pour les int\u00e9ress\u00e9s ou de sa publication pour les \ntiers. Cette j uridiction peut notamment \u00eatre saisie via une requ\u00eate remise ou \nenvoy\u00e9e au greffe du Tribunal administratif ou aussi par l'application \n\u00ab T\u00e9l\u00e9recours \u00bb accessible \u00e0 partir du site www.telerecours.fr. \nARTICLE 4 Les directeurs de l'Agence r\u00e9gionale de sant\u00e9 \u00cele -de-France sont charg\u00e9s, \nchacun en ce qui les concerne, de l'ex\u00e9cution de la pr\u00e9sente d\u00e9cision, qui sera \npubli\u00e9e au recueil des actes administratifs de la Pr\u00e9fecture de r\u00e9gion \u00cele -de-\nFrance. \n        \n \nFait \u00e0 Saint-Denis, le 19 novembre 2025 \n \nLe Directeur g\u00e9n\u00e9ral \nde l'Agence r\u00e9gionale de sant\u00e9  \n\u00cele-de-France \n \nSIGNE \nAgence R\u00e9gionale de Sant\u00e9 - IDF-2025-11-19-00007 - D\u00e9cision n\u00b0 DVSS - QSPHARMBIO - 2025/104\nportant modification de l'autorisation n\u00b0 DVSS - QSPHARMBIO - 2024/043 de la pharmacie \u00e0 usage int\u00e9rieur de l'h\u00f4pital priv\u00e9 de\nl'Ouest Parisien\n50\nRectorat de la r\u00e9gion acad\u00e9mique\nd'Ile-de-France, rectorat de l'acad\u00e9mie de Paris\nIDF-2025-11-17-00013\nArr\u00eat\u00e9 n\u00b0 2025-170-RRA portant agr\u00e9ment au\ntitre de la Jeunesse et de l'\u00c9ducation Populaire\npour l'association PARIS UNIVERSITE CLUB (PUC)\n- SDJES de Paris \nRectorat de la r\u00e9gion acad\u00e9mique d'Ile-de-France, rectorat de l'acad\u00e9mie de Paris - IDF-2025-11-17-00013 - Arr\u00eat\u00e9 n\u00b0 2025-170-RRA\nportant agr\u00e9ment au titre de la Jeunesse et de l'\u00c9ducation Populaire pour l'association PARIS UNIVERSITE CLUB (PUC) - SDJES de Paris 51\nREGION ACADEMIQUE\u00ceLE-DE-FRANCELibert\u00e9Egalit\u00e9Fraternit\u00e9\n  \n \nService d\u00e9partemental \u00e0 la jeunesse,  \n\u00e0 l'engagement et aux sports de Paris  \n  \n \n \n \nService D\u00e9partemental \u00e0 la Jeunesse, \u00e0 l'Engagement et aux Sports de Paris  \n6/8 rue Eug\u00e8ne Oudin\u00e9 \u2013 CS 81360 - 75634 PARIS CEDEX 13 \n \n \n \n \n  \n \nARR\u00caT\u00c9 N\u00b02025-170-RRA  \nportant agr\u00e9ment au titre de la Jeunesse et de l'\u00c9ducation Populaire \n \nLA RECTRICE DE LA R\u00c9GION ACAD\u00c9MIQUE \u00ceLE-DE-FRANCE \nRECTRICE DE PARIS \nCHANCELIERE DES UNIVERSIT\u00c9S DE PARIS  \nET D'\u00ceLE-DE-FRANCE  \n \nVu la loi n\u00b0 2001-624 du 17 juillet 2001 portant diverses dispositions d'ordre social, \u00e9ducatif et culturel et notamment \nson article 8 ;  \nVu le d\u00e9cret n\u00b0 2002-571 du 22 avril 2002 pris pour l'application du premier alin\u00e9a de l'article 8 de la loi n\u00b0 2001-624 \net relatif \u00e0 l'agr\u00e9ment des associations de jeunesse et d'\u00e9ducation populaire ;  \nVu le d\u00e9cret n\u00b0 2019-838 du 19 ao\u00fbt 2019 portant diverses mesures de simplification pour le minist\u00e8re de l'\u00e9ducation \nnationale et de la jeunesse ; \nVu le d\u00e9cret du Pr\u00e9sident de la R\u00e9publique du 12 mars 2025 nommant Mme Julie BENETTI, rectrice de la r\u00e9gion \nacad\u00e9mique \u00cele-de-France, rectrice de l'acad\u00e9mie de Paris ;  \nVu l'arr\u00eat\u00e9 n\u00b02020-32 du 21 d\u00e9cembre 2020 modifi\u00e9 portant organisation de la d\u00e9l\u00e9gation r\u00e9gionale acad\u00e9mique \u00e0 \nla jeunesse, \u00e0 l'engagement et aux sports et des services d\u00e9partementaux \u00e0 la jeunesse, \u00e0 l'engagement et aux sports; \nVu le protocole r\u00e9gional d\u00e9partemental conclu entre le pr\u00e9fet de la r\u00e9gion d'Ile -de-France, pr\u00e9fet de Paris, et le \nrecteur de la r\u00e9gion acad\u00e9mique d'Ile-de-France, recteur de l'acad\u00e9mie de Paris, le 24 d\u00e9cembre 2020 ; \nVu l'arr\u00eat\u00e9 n\u00b0 75-2025-03-26-00004 du 26 mars 2025 portant d\u00e9l\u00e9gation du pr\u00e9fet de la r\u00e9gion d'Ile-de-France, pr\u00e9fet \nde Paris \u00e0 Mme Julie BENETTI, rectrice de la r\u00e9gion acad\u00e9mique Ile -de-France, rectrice de l'acad\u00e9mie de Paris, en \nmati\u00e8re administrative ; \n \nVu l'arr\u00eat\u00e9 minist\u00e9riel du 4 mai 2021 nommant Mme Jeanne DELACOURT dans l'emploi de conseill\u00e8re du directeur \nacad\u00e9mique des services de l'\u00e9ducation en mati\u00e8re de jeunesse, d'engagement et de sports de Paris ; \n \nVu le d\u00e9cret du Pr\u00e9sident de la R\u00e9publique du 26 f\u00e9vrier 2025 portant nomination de M. Laurent NOE en qualit\u00e9 de \ndirecteur de l'acad\u00e9mie de Paris ;  \n \nVu l'arr\u00eat\u00e9 n\u00b0 2025 -033-RRA du 27 mars 2025 portant subd\u00e9l\u00e9gation de signature en mati\u00e8re administrative de la \nrectrice de la r\u00e9gion acad\u00e9mique Ile-de-France, rectrice de l'acad\u00e9mie de Paris pour la mise en \u0153uvre des missions \nde jeunesse, d'engagement et de sports ;  \n \n \nCONSIDERANT \n \nConsid\u00e9rant la demande compl\u00e8te formul\u00e9e par l'association en date du 09/09/2025 ; \n \nConsid\u00e9rant que les \u00e9l\u00e9ments pr\u00e9sent\u00e9s par l'association sont de nature \u00e0 remplir les conditions r\u00e9glementaires \nrelatives \u00e0 l'agr\u00e9ment des associations de jeunesse et d'\u00e9ducation populaire ; \n \n \n \n \n \nRectorat de la r\u00e9gion acad\u00e9mique d'Ile-de-France, rectorat de l'acad\u00e9mie de Paris - IDF-2025-11-17-00013 - Arr\u00eat\u00e9 n\u00b0 2025-170-RRA\nportant agr\u00e9ment au titre de la Jeunesse et de l'\u00c9ducation Populaire pour l'association PARIS UNIVERSITE CLUB (PUC) - SDJES de Paris 52\n \n \n2 \nARRETE \n \nArticle 1 : \nL'agr\u00e9ment au titre des associations de jeunesse et d'\u00e9ducation populaire est attribu\u00e9 \u00e0 l'association : \n \nPARIS UNIVERSIT\u00c9 CLUB \n \nRNA : W759000074 \n \ndont le si\u00e8ge social est situ\u00e9 \u00e0 : 17 avenue de Pierre de Coubertin 75013 - Paris \n \ndont l'objet statutaire est :  \n \n- De permettre \u00e0 ses membres la pratique d'activit\u00e9s physiques, sportives et d'expression, et la participation \n\u00e0 des comp\u00e9titions sportives ; \n- De travailler au d\u00e9veloppement de la pratique de l'\u00e9ducation physique et du sport \u00e0 l'universit\u00e9 ; \n- De favoriser l'acc\u00e8s de tous \u00e0 la pratique de tous les sports dans le cadre universitaire, civil et corporatif ; \n- De promouvoir des actions \u00e9ducatives, culturelles et sociales \u00e0 destination de ses membres ; \n- D'organiser des actions de formation professionnelle li\u00e9es, notamment, aux m\u00e9tiers du sport ; \n- D'entretenir parmi ses membres des relations d'\u00e9change et de convivialit\u00e9. \n \nLe num\u00e9ro de l'agr\u00e9ment \u00e0 rappeler dans les correspondances avec l'administration est le suivant :  \n2025-JEP-75-52 \n \nArticle 2 :  \nL'association mentionn\u00e9e ci -dessus est tenue d'informer sans d\u00e9lai l'autorit\u00e9 publique comp\u00e9tente de tout \nchangement relatif aux crit\u00e8res d'attribution du pr\u00e9sent agr\u00e9ment et notamment les changements de si\u00e8ge social, \nde statuts et de repr\u00e9sentant l\u00e9gal. \n \nArticle 3 : \nL'association mentionn\u00e9e ci -dessus tiendra \u00e0 disposition de l'administration, dans le cadre d'un contr\u00f4le, tout \ndocument justifiant de l'agr\u00e9ment et no tamment les proc\u00e8s-verbaux d'assembl\u00e9e g\u00e9n\u00e9rale, les rapports financiers \ndes exercices \u00e9coul\u00e9s et les rapports annuels d'activit\u00e9s. \n \nArticle 4 : \nCet agr\u00e9ment de jeunesse et d'\u00e9ducation populaire n'est valide que si l'association mentionn\u00e9e ci-dessus d\u00e9tient un \ntronc commun d'agr\u00e9ment en cours de validit\u00e9. \n \nArticle 5 :  \nL'arr\u00eat\u00e9 entre en vigueur \u00e0 compter de la date de sa publication et pour une dur\u00e9e de cinq ans. \n \nArticle 6 : \nLa cheffe du service d\u00e9partemental \u00e0 la jeunesse, \u00e0 l'engagement et aux sports de Paris est charg\u00e9e de l'ex\u00e9cution \ndu pr\u00e9sent arr\u00eat\u00e9 qui sera publi\u00e9 au recueil des actes administratifs de la pr\u00e9fecture de r\u00e9gion d'\u00cele -de-France, \npr\u00e9fecture de Paris. \n \nFait \u00e0 Paris, le 17/11/2025 \n \n \n \n \n \n \n \n \n \nPour la rectrice, et par subd\u00e9l\u00e9gation, \nla conseill\u00e8re du directeur de l'acad\u00e9mie de Paris, \ncheffe du service d\u00e9partemental \u00e0 la jeunesse, \u00e0 \nl'engagement et aux sports de Paris \n \nSign\u00e9 \nJeanne DELACOURT  \n \nRectorat de la r\u00e9gion acad\u00e9mique d'Ile-de-France, rectorat de l'acad\u00e9mie de Paris - IDF-2025-11-17-00013 - Arr\u00eat\u00e9 n\u00b0 2025-170-RRA\nportant agr\u00e9ment au titre de la Jeunesse et de l'\u00c9ducation Populaire pour l'association PARIS UNIVERSITE CLUB (PUC) - SDJES de Paris 53\nRectorat de la r\u00e9gion acad\u00e9mique\nd'Ile-de-France, rectorat de l'acad\u00e9mie de Paris\nIDF-2025-11-17-00014\nArr\u00eat\u00e9 n\u00b0 2025-171-RRA portant reconnaissance\ndu tronc commun d'agr\u00e9ment d'une association\nPARIS UNIVERSITE CLUB (PUC) - SDJES de Paris\nRectorat de la r\u00e9gion acad\u00e9mique d'Ile-de-France, rectorat de l'acad\u00e9mie de Paris - IDF-2025-11-17-00014 - Arr\u00eat\u00e9 n\u00b0 2025-171-RRA\nportant reconnaissance du tronc commun d'agr\u00e9ment d'une association PARIS UNIVERSITE CLUB (PUC) - SDJES de Paris 54\nREGION ACADEMIQUE\u00ceLE-DE-FRANCELibert\u00e9\u00c9galit\u00e9Fraternit\u00e9\n  \n \nService d\u00e9partemental \u00e0 la jeunesse,  \n\u00e0 l'engagement et aux sports de Paris  \n \n \n \n \nService D\u00e9partemental \u00e0 la Jeunesse, \u00e0 l'Engagement et aux Sports de Paris  \n6/8 rue Eug\u00e8ne Oudin\u00e9 \u2013 CS 81360 - 75634 PARIS CEDEX 13 \n \n \n \n \n              ARR\u00caT\u00c9 N\u00b02025-171-RRA \nportant reconnaissance du tronc commun d'agr\u00e9ment d'une association \n \nLA RECTRICE DE LA R\u00c9GION ACAD\u00c9MIQUE \u00ceLE-DE-FRANCE \nRECTRICE DE PARIS \nCHANCELIERE DES UNIVERSIT\u00c9S DE PARIS  \nET D'\u00ceLE-DE-FRANCE  \n \n \nVU  la loi n\u00b0 2000 -321 du 12 avril 2000 modifi\u00e9e relative aux droits des citoyens dans leurs relations avec les \nadministrations et notamment son article 25-1 ; \nVU le d\u00e9cret n\u00b0 2017 -908 du  6 mai 2017 portant diverses dispositions relatives au r\u00e9gime juridique des \nassociations, des fondations, des fonds de dotation et des organismes faisant appel public \u00e0 la g\u00e9n\u00e9rosit\u00e9 \net notamment ses articles 15 \u00e0 21 ; \nVU le d\u00e9cret du Pr\u00e9sident de la R\u00e9publique du 12 mars 2025 nommant Mme Julie BENETTI, rectrice de la r\u00e9gion \nacad\u00e9mique \u00cele-de-France, rectrice de l'acad\u00e9mie de Paris ;  \nVU l'arr\u00eat\u00e9 n\u00b02020 -32 du 21 d\u00e9cembre 2020 modifi\u00e9 portant organisation de la d\u00e9l\u00e9gation r\u00e9gionale \nacad\u00e9mique \u00e0 la jeunesse, \u00e0 l'engagement et aux sports et des services d\u00e9partementaux \u00e0 la jeunesse, \u00e0 \nl'engagement et aux sports ; \nVU le protocole r\u00e9gional d\u00e9partemental conclu entre le pr\u00e9fet de la r\u00e9gion d'Ile -de-France, pr\u00e9fet de Paris, et \nle recteur de la r\u00e9gion acad\u00e9mique d'Ile-de-France, recteur de l'acad\u00e9mie de Paris, le 24 d\u00e9cembre 2020; \n \nVU l'arr\u00eat\u00e9 n\u00b0 75-2025-03-26-00004 du 26 mars 2025 portant d\u00e9l\u00e9gation du pr\u00e9fet de la r\u00e9gion d'Ile-de-France, \npr\u00e9fet de Paris \u00e0 Mme Julie BENETTI, rectrice de la r\u00e9gion acad\u00e9mique Ile-de-France, rectrice de l'acad\u00e9mie \nde Paris, en mati\u00e8re administrative ; \n \nVU  l'arr\u00eat\u00e9 minist\u00e9riel du 4 mai 2021 nommant Mme Jeanne DELACOURT dans l'emploi de conseill\u00e8re du \ndirecteur acad\u00e9mique des services de l'\u00e9ducation en mati\u00e8re de jeunesse, d'engagemen t et de sports de \nParis ; \n \nVU  le d\u00e9cret du Pr\u00e9sident de la R\u00e9publique du 26 f\u00e9vrier 2025 portant nomination de M. Laurent NOE en qualit\u00e9 \nde directeur de l'acad\u00e9mie de Paris ;  \n \nVU l'arr\u00eat\u00e9 n\u00b0 2025-033-RRA du 27 mars 2025 portant subd\u00e9l\u00e9gation de signature en mati\u00e8re administrative de \nla rectrice de la r\u00e9gion acad\u00e9mique Ile -de-France, rectrice de l'acad\u00e9mie de Paris  ; pour la mise en \u0153uvre \ndes missions de jeunesse, d'engagement et de sports ;  \n \nCONSIDERANT \n \nConsid\u00e9rant que les \u00e9l\u00e9ments present\u00e9s par l'association sont de nature \u00e0 justifier le respect des conditions portant \nsur le tronc commun d'agr\u00e9ment , notamment: la libert\u00e9 de conscience de ses membres, le respect du principe de \nnon-discrimination, un mode de fonctionnement d\u00e9mocratique, une gestion financi\u00e8re transparente, permettre \nl'\u00e9gal acc\u00e8s des hommes, des femmes et des jeunes aux instances dirigeantes et respecter le contrat d'engagement \nr\u00e9publicain; \nRectorat de la r\u00e9gion acad\u00e9mique d'Ile-de-France, rectorat de l'acad\u00e9mie de Paris - IDF-2025-11-17-00014 - Arr\u00eat\u00e9 n\u00b0 2025-171-RRA\nportant reconnaissance du tronc commun d'agr\u00e9ment d'une association PARIS UNIVERSITE CLUB (PUC) - SDJES de Paris 55\n \n \n2 \n \nARRETE \n \nArticle 1 : \nL'association suivante est r\u00e9put\u00e9e satisfaire aux conditions portant sur le tronc commun d'agr\u00e9ment : \n \nPARIS UNIVERSIT\u00c9 CLUB \n \nRNA: W759000074 \n \ndont le si\u00e8ge social est situ\u00e9 \u00e0 : 17 avenue de Pierre de Coubertin 75013 - Paris \n \n \nArticle 2 :  \nL'arr\u00eat\u00e9 entre en vigueur \u00e0 compter de la date de sa publication et pour une dur\u00e9e de cinq ans. \n \nArticle 3 : \nL'association mentionn\u00e9e ci -dessus est tenue d'informer sans d\u00e9lai l'autorit\u00e9 publique comp\u00e9tente de tout \nchangement relatif aux crit\u00e8res d'attribution de la pr\u00e9sente reconnaissance et notamment les changements de si\u00e8ge \nsocial, de statuts et de repr\u00e9sentant l\u00e9gal. \n \nArticle 4 : \nL'association mentionn\u00e9e ci -dessus tiendra \u00e0 disposition de l'administration, dans le cadre d'un contr\u00f4le, tout \ndocument justifiant de la reconnaissance du tronc commun et notamment les proc\u00e8s -verbaux d'assembl\u00e9 e \ng\u00e9n\u00e9rale, les rapports financiers des exercices \u00e9coul\u00e9s et les rapports annuels d'activit\u00e9s. \n \nArticle 5 : \nLa cheffe du service d\u00e9partemental \u00e0 la jeunesse, \u00e0 l'engagement et aux sports de Paris  est charg\u00e9e de l'ex\u00e9cution \ndu pr\u00e9sent arr\u00eat\u00e9 qui sera publi\u00e9  au recueil des actes administratifs de la pr\u00e9fecture de r\u00e9gion d'\u00cele -de-France, \npr\u00e9fecture de Paris. \n \nFait \u00e0 Paris, le 17/11/2025 \n \n \n \n \n \n \n \n \n \n \n \n \nPour la rectrice, et par subd\u00e9l\u00e9gation, \nla conseill\u00e8re du directeur de l'acad\u00e9mie de Paris, \ncheffe du service d\u00e9partemental \u00e0 la jeunesse, \u00e0 \nl'engagement et aux sports de Paris \n \nSign\u00e9 \n \nJeanne DELACOURT  \n \n \n \n \n \nRectorat de la r\u00e9gion acad\u00e9mique d'Ile-de-France, rectorat de l'acad\u00e9mie de Paris - IDF-2025-11-17-00014 - Arr\u00eat\u00e9 n\u00b0 2025-171-RRA\nportant reconnaissance du tronc commun d'agr\u00e9ment d'une association PARIS UNIVERSITE CLUB (PUC) - SDJES de Paris 56","date":"2025-11-21","first_seen_on":"2025-11-21T18:17:18+00:00","id":"83ec739449809970083eac9387f77ebae2ae80b627c8c1d909a70ef073170304","name":"recueil-idf-036-2025-11-recueil-des-actes-administratifs-special du 21.11.2025","pdf_creation_date":"2025-11-21T15:57:03+00:00","pdf_modification_date":null,"timezone":"Europe/Paris","url":"https://www.prefectures-regions.gouv.fr/ile-de-france/irecontenu/telechargement/132873/974761/file/recueil-idf-036-2025-11-recueil-des-actes-administratifs-special%20du%2021.11.2025.pdf"}
