{"administration":"pref72","administration_name":"Pr\u00e9fecture de la Sarthe","content":"SARTHE\nRECUEIL DES ACTES\nADMINISTRATIFS SP\u00c9CIAL\nN\u00b072-2024-01-001\nPUBLI\u00c9 LE  2 JANVIER 2024\nSommaire\nDDETS / Mission d'appui \u00e0 la transversalit\u00e9 et \u00e0 la territorialisation\n72-2023-10-31-00001 - Subdelegation signature generale DDETS\nmodification octobre 2023-3.odt (7 pages) Page 3\nDirection Interr\u00e9gionale des Douanes Bretagne, Pays de la Loire / P\u00f4le Action\nEconomique\n72-2024-01-02-00001 - DECISION DE FERMETURE DEFINITIVE D'UN DEBIT\nDE TABAC ORDINAIRE PERMANENT SUR LA COMMUNE DE LA FLECHE (72)\n(1 page) Page 11\n2\nDDETS\n72-2023-10-31-00001\nSubdelegation signature generale DDETS\nmodification octobre 2023-3.odt\nDDETS - 72-2023-10-31-00001 - Subdelegation signature generale DDETS modification octobre 2023-3.odt 3\nPREFETDE LA SARTHELibert\u00e9Egalit\u00e9Fraternit\u00e9\nDirection d\u00e9partementale\nde l'emploi, du travail et des solidarit\u00e9s\nARR\u00caT\u00c9 PR\u00c9FECTO RAL N \u00b0 du 31 octobre 2023\nArr\u00eat\u00e9 du 31 octobre 2023 portant subd\u00e9l\u00e9gation de signature de M. Jean-Michel LOUYER,\ndirecteur d\u00e9partemental de l'emploi, du travail et des solidarit\u00e9s de la Sarthe\nLe Pr\u00e9fet de la Sarthe\nChevalier de la L\u00e9gion d'honneur\nChevalier de l'Ordre national du m\u00e9rite\nVU le code de l'action sociale et des familles ;\nVU le code de la construction et de l'habitation ;\nVU le code de la sant\u00e9 publique ;\nVU le code de la s\u00e9curit\u00e9 sociale ;\nVU le code du travail\u00a0;\n\u00a0\nVU la loi n\u00b0 82-213 du 2 mars 1982 modifi\u00e9e relative aux droits et libert\u00e9s des communes, des\nd\u00e9partements et des r\u00e9gions ;\nVU la loi d'orientation n\u00b0 92-125 du 6 f\u00e9vrier 1992, relative \u00e0 l'administration territoriale de la pr\u00e9fecture\u00a0;\nVU les lois n\u00b0 83-8 du 7 janvier 1983 et n\u00b0 83-663 du 22 juillet 1983 relatives \u00e0 la r\u00e9partition de\ncomp\u00e9tences entre les communes, les d\u00e9partements, les r\u00e9gions et l'\u00c9tat ;\nVU la loi n\u00b0 83-634 du 13 juillet 1983 modifi\u00e9e portant droits et obligations des fonctionnaires\u00a0;\nVU la loi n\u00b0 84-16 du 11 janvier 1984 modifi\u00e9e portant dispositions statutaires relatives \u00e0 la fonction\npublique de l'\u00c9tat\u00a0;\n\u00a0\nVU la loi d'orientation n\u00b0 92-125 du 6 f\u00e9vrier 1992 relative \u00e0 l'administration territoriale de la R\u00e9publique \nVU la loi n\u00b0 2001-2 du 3janvier 2001 relative \u00e0la r\u00e9sorption de l'emploi pr\u00e9caire et \u00e0lamodernisation du\nrecrutement dans la fonction publique ainsi qu'au temps de t ravail dans la fonction publique\nterritoriale\u00a0;\nVU la loi n\u00b0 2004-809 du 13 ao\u00fbt 2004 relative aux libert\u00e9s et responsabilit\u00e9s locales\u00a0;\nVU le d\u00e9cret n\u00b0 74-930 du 6 novembre 1974 modifi\u00e9 portant organisation de la tutelle d'\u00c9tat et de la\ncuratelle d'\u00c9tat\u00a0;\nVU le d\u00e9cret n\u00b0 82-389 du 10 mai 1982 modifi\u00e9 relatif aux pouvoirs des pr\u00e9fets et \u00e0 l'action des services\net organismes publics de l'\u00c9tat dans les d\u00e9partements ;\nT\u00e9l : 02 72 16 43 00\nMail : ddets@sarthe.gouv.fr\n19 Boulevard Paixhans \u2013 CS 51912 - 72019 LE MANS Cedex 2\nDDETS - 72-2023-10-31-00001 - Subdelegation signature generale DDETS modification octobre 2023-3.odt 4\nVU le d\u00e9cret n\u00b0 82-390 du 10 mai 1982 modifi\u00e9 relatif aux pouvoirs des pr\u00e9fets de r\u00e9gion, \u00e0 l'action des\nservices et organismes publics de l'\u00c9tat dans la r\u00e9gion et au x d\u00e9cisions de l'\u00c9tat en mati\u00e8re\nd'investissement public ;\nVUled\u00e9cretn\u00b082-453du28mai1982relatif \u00e0l'hygi\u00e8neet\u00e0la s\u00e9curit\u00e9dutravailainsiqu'\u00e0lapr\u00e9vention\nm\u00e9dicale dans la fonction publique\u00a0;\nVU le d\u00e9cret n\u00b0 92-604 du 1er juillet 1992 portant charte de d\u00e9concentration, notamment son article 4 ;\nVU le d\u00e9cret n\u00b0 92-738 du 27 juillet 1992 portant d\u00e9concentration en mati\u00e8re de gestion des personnels\ndescorpscommunsdecat\u00e9goriesCetDdesservicesext\u00e9rieur sdutravail,del'emploietdelaformation\nprofessionnelle et des services ext\u00e9rieurs des affaires sanitaires et sociales ;\nVU le d\u00e9cret n\u00b0 92-1057 du 25 septembre 1992 portant d\u00e9concentration en mati\u00e8re de gestion des\npersonnels de certains corps des cat\u00e9gories A et B des services ext\u00e9rieurs du minist\u00e8re du travail, de\nl'emploi et de la formation professionnelle ;\nVU le d\u00e9cret n\u00b0 97-34 du 15 janvier 1997 relatif \u00e0 la d\u00e9concentration des d\u00e9cisions administratives\nindividuelles ;\nVU le d\u00e9cret n\u00b0 2004-374 du 29 avril 2004 modifi\u00e9 relatif aux pouvoirs des pr\u00e9fets, \u00e0 l'organisation et \u00e0\nl'action des services de l'\u00c9tat dans les r\u00e9gions et d\u00e9partements ;\nVU le d\u00e9cret n\u00b0 2008-158 du 22 f\u00e9vrier 2008 relatif \u00e0 la suppl\u00e9ance des pr\u00e9fets de r\u00e9gion et \u00e0 la\nd\u00e9l\u00e9gation de signature des pr\u00e9fets et des hauts-commissaires de la R\u00e9publique en Polyn\u00e9sie Fran\u00e7aise\net en Nouvelle-Cal\u00e9donie ;\nVU le d\u00e9cret n\u00b0 2009-360 du 31 mars 2009 relatif aux emplois de direction de l'administration\nterritoriale de l'\u00c9tat ;\nVU le d\u00e9cret n\u00b0 2009-1484 du 3 d\u00e9cembre 2009 modifi\u00e9 relatif a ux directions d\u00e9partementales\ninterminist\u00e9rielles ;\nVU le d\u00e9cret n\u00b02020-1545 du 9 d\u00e9cembre 2020 relatif \u00e0 l'organisation et aux missions des directions\nr\u00e9gionales de l'\u00e9conomie, de l'emploi, du travail et des solidarit\u00e9s, des directions d\u00e9partementales de\nl'emploi du travail et des solidarit\u00e9s, des directions d\u00e9partementales de l'emploi, du travail, des\nsolidarit\u00e9s et de la protection des populations\u00a0;\nVU le d\u00e9cret du 15 f\u00e9vrier 2022 nommant M. Emmanuel AUBRY pr\u00e9fet de la Sarthe ;\nVU l'arr\u00eat\u00e9 interminist\u00e9riel du 27 juillet 1992 portant d\u00e9l\u00e9gation de pouvoirs en mati\u00e8re de gestion des\npersonnels des corps communs de cat\u00e9gories C et D des services ext\u00e9rieurs du travail, de l'emploi et de\nla formation professionnelle et des services ext\u00e9rieurs des affaires sanitaires et sociales ;\nVU l'arr\u00eat\u00e9 interminist\u00e9riel du 15 janvier 2010 portant r\u00e8glement de comptabilit\u00e9 publique du minist\u00e8re\ndu travail,des relations sociales,de la famille,de la solidarit\u00e9et de laville et du minist\u00e8rede l'\u00e9conomie,\nde l'industrie et de l'emploi pour la d\u00e9signation des ordonnateurs secondaires et de leurs d\u00e9l\u00e9gu\u00e9s ;\nVU l'arr\u00eat\u00e9 minist\u00e9riel du 25 septembre 1992 portant d\u00e9l\u00e9gation de pouvoirs en mati\u00e8re de gestion des\npersonnels de certains corps de cat\u00e9gories A et B des services ext\u00e9rieurs du travail, de l'emploi et de la\nformation professionnelle ;\nVU l'arr\u00eat\u00e9 pr\u00e9fectoral du 21 septembre 2023 portant organisation de la direction d\u00e9partementale de\nl'emploi, du travail et des solidarit\u00e9s de la Sarthe ;\nT\u00e9l : 02 72 16 43 00\nMail : ddets@sarthe.gouv.fr\n19 Boulevard Paixhans \u2013 CS 51912 - 72019 LE MANS Cedex 2\nDDETS - 72-2023-10-31-00001 - Subdelegation signature generale DDETS modification octobre 2023-3.odt 5\nVU l'arr\u00eat\u00e9delaPremi\u00e8reministreetduministredel'int\u00e9rie uretdesoutre-merendatedu21ao\u00fbt2023\nportant nomination dans les directions d\u00e9partementales interminist\u00e9rielles et nommant M. Jean-Michel\nLOUYER, directeur du travail, directeur d\u00e9partemental de l'emploi, du travail et des solidarit\u00e9s de la\nSarthe \u00e0 compter du 18 septembre 2023 ;\nVU l'arr\u00eat\u00e9 du premier ministre et du ministre de l'int\u00e9rieur en date du 22 mars 2021, portant\nnomination dans les directions d\u00e9partementales interminist\u00e9rielles, nommant M. Thierry GENTES,\ndirecteur d\u00e9partemental adjoint de l'emploi, du travail et des solidarit\u00e9s de la Sarthe ;\nVU l'arr\u00eat\u00e9 du ministre de l'int\u00e9rieur en date du 21 juin 2021, portant nomination dans les directions\nd\u00e9partementales interminist\u00e9rielles, nommant M. Philipp e RAFFLEGEAU, directeur d\u00e9partemental\nadjoint de l'emploi, du travail et des solidarit\u00e9s de la Sarthe ;\nVU l'arr\u00eat\u00e9 n\u00b0 DCPPAT 2023-0193 du 14 septembre 2023 portantd\u00e9l\u00e9gation de signature \u00e0 M. Jean-\nMichel LOUYER, directeur d\u00e9partemental de l'emploi, du travail et des solidarit\u00e9s de la Sarthe\u00a0;\nVU l'arr\u00eat\u00e9 n\u00b0 72-2023-09-21-00002 du 21 septembre 2023 portant subd\u00e9l\u00e9gation de signature de M.\nJean-Michel LOUYER, directeur d\u00e9partemental de l'emploi, du travail et des solidarit\u00e9s de la Sarthe ;\nA R R \u00ca T E\nARTICLE  \n1   er   : L'arr\u00eat\u00e9 pr\u00e9-cit\u00e9 n\u00b0 72-2023-09-21-00002 du 21 septembre2023 portant subd\u00e9l\u00e9gation de\nsignature de M. Jean-Michel LOUYER, directeur d\u00e9partemental de l'emploi, du travail et des solidarit\u00e9s\nde la Sarthe, est abrog\u00e9. \nARTICLE 2\n : En vertu de l'article 44 du d\u00e9cret du 29 avril 2004 susvis\u00e9, d\u00e9l\u00e9gation de signature est\ndonn\u00e9e \u00e0 M. Thierry GENTES et \u00e0 M. Philippe RAFFLEGEAU, directeurs d\u00e9partementaux adjoints de\nl'emploi, du travail et des solidarit\u00e9s de la Sarthe, \u00e0 l'effet de signer, dans le cadre de leurs attributions\net comp\u00e9tences, l'ensemble des actes ou d\u00e9cisions, list\u00e9s dans l'arr\u00eat\u00e9 n\u00b0 DCPPAT 2023-0193 du\n14 septembre 2023 portant d\u00e9l\u00e9gation de signature \u00e0 M. Jean-Michel LOUYER,directeur d\u00e9partemental\nde l'emploi, du travail et des solidarit\u00e9s de la Sarthe.\nCette d\u00e9l\u00e9gation inclut les d\u00e9cisions individuelles n\u00e9gatives ou de refus.\nARTICLE 3\u00a0:Conform\u00e9ment\u00e0l'annexedel'arr\u00eat\u00e9n\u00b02023-0193du14sept embre2023portantd\u00e9l\u00e9gation\nde signature \u00e0 M. Jean-Michel LOUYER, d\u00e9l\u00e9gation de signature est donn\u00e9e aux agents d\u00e9sign\u00e9s ci-\ndessous\u00a0:\n- M. David ALLAIN, responsable du p\u00f4le h\u00e9bergement et logement\nCONTINGENT PREFECTORAL\nLes correspondances relatives \u00e0 la gestion du contingent pr\u00e9fectoral.\nCOMMISSION DE MEDIATION DALO\nLes d\u00e9cisions relatives au fonctionnement de la commissionde m\u00e9diation, \u00e0 l'\u00e9laboration, au\nsuivi et \u00e0 l'animation du plan d\u00e9partemental d'action pour l e logement des personnes\nd\u00e9favoris\u00e9es.\nLes notifications des avis de relogements aux bailleurs en application des d\u00e9cisions de la\ncommission de m\u00e9diation, et tous courriers n\u00e9cessaires au bon fonctionnement de cette\ncommission.\nEXPULSIONS LOCATIVES\nLes correspondances relatives au fonctionnement du secr\u00e9tariat de la commission sp\u00e9cialis\u00e9e de\ncoordination des actions de pr\u00e9vention des expulsions locatives (CCAPEX).\nLes proc\u00e9dures de pr\u00e9vention des expulsions locatives.\nLes correspondances relatives \u00e0 la gestion des expulsions.\nBUDGET ET GESTION DES CHRS\nT\u00e9l : 02 72 16 43 00\nMail : ddets@sarthe.gouv.fr\n19 Boulevard Paixhans \u2013 CS 51912 - 72019 LE MANS Cedex 2\nDDETS - 72-2023-10-31-00001 - Subdelegation signature generale DDETS modification octobre 2023-3.odt 6\nLes actes pr\u00e9paratoires \u00e0 l'instruction des propositions budg\u00e9taires en vue de la fixation des prix\nde journ\u00e9e, dotations globales et dotations soins dans les \u00e9tablissements et services sociaux,\npublics et priv\u00e9s.\nLes actes pr\u00e9paratoires \u00e0 l'instruction des propositions budg\u00e9taires en vue de la fixation des\ndotations globales dans les \u00e9tablissements et services sociaux priv\u00e9s.\nLes actes pr\u00e9paratoires \u00e0 l'approbation des pr\u00e9visions annuelles de d\u00e9penses et de recettes\nd'exploitation, de la variation du tableau des effectifs ainsi que des op\u00e9rations d'investissement\nayant une incidence financi\u00e8re sur le budget d'exploitation des \u00e9tablissements sociaux, publics\net priv\u00e9s pr\u00e9vus \u00e0 l'article L. 314-7 du code de l'aide sociale et des familles.\nLesactespr\u00e9paratoiresaucontr\u00f4ledescomptesadministra tifset\u00e0l'affectationdesr\u00e9sultatsdes\n\u00e9tablissements sociaux, publics et priv\u00e9s pr\u00e9vus \u00e0 l'article L. 314-1 et L. 314-6 du code de l'aide\nsociale et des familles.\nL'instruction des dossiers de cr\u00e9ation,d'extension et de fermeture des \u00e9tablissements et services\nsociaux,publics et priv\u00e9srelevant dela comp\u00e9tence de l'Etatpr\u00e9vue au Codede l'aide socialeet\ndes familles.\nLes d\u00e9cisions d'admission \u00e0 l'aide sociale dans les centresd'h\u00e9bergement et de r\u00e9insertion\nsociale pr\u00e9vues \u00e0 l'article L.113-3-1 du code de l'action sociale et des familles.\nHEBERGEMENT DES DEMANDEURS D'ASILE\nL'admission en centres d'accueil pour demandeurs d'asile pr\u00e9vue au code de l'action sociale et\ndes familles.\nLes actes pr\u00e9paratoires \u00e0 l'instruction des propositions budg\u00e9taires en vue de la fixation des prix\nde journ\u00e9e, dotations globales et dotations soins dans les \u00e9tablissements et services sociaux,\npublics et priv\u00e9s.\nLes actes pr\u00e9paratoires \u00e0 l'approbation des pr\u00e9visions annuelles de d\u00e9penses et de recettes\nd'exploitation, de la variation du tableau des effectifs ainsi que des op\u00e9rations d'investissement\nayant une incidence financi\u00e8re sur le budget d'exploitation des \u00e9tablissements sociaux, publics\net priv\u00e9s pr\u00e9vus \u00e0 l'article L. 314-7 du code de l'aide sociale et des familles.\nLesactespr\u00e9paratoiresaucontr\u00f4ledescomptesadministra tifset\u00e0l'affectationdesr\u00e9sultatsdes\n\u00e9tablissements sociaux, publics et priv\u00e9s pr\u00e9vus \u00e0 l'article L. 314-1 et L. 314-6 du code de l'aide\nsociale et des familles.\nAIDE SOCIALE\nL'inscription d'hypoth\u00e8ques et les r\u00e9cup\u00e9rations sur successions des b\u00e9n\u00e9ficiaires de l'aide\nsociale pr\u00e9vues \u00e0 l'article L. 241-3-2 du code de l'action sociale et des familles.\nLes prestationsd'aidesocialeaux personnessansdomicile desecourspr\u00e9vuesauxarticles L.111-1\net L. 121-7 du code de l'action sociale et des familles.\nLOGEMENT TEMPORAIRE ET ACCOMPAGNE\nL'instruction des dossiers de cr\u00e9ation, d'extension et de fermeture de dispositifs de logements\ntemporaires (r\u00e9sidences sociales), de logements accompag n\u00e9s (pensions de familles) et\nd'interm\u00e9diation locative.\nL'instruction des aides aux associations logeant \u00e0 titre temporaire des personnes d\u00e9favoris\u00e9es -\nALT (conventions) pr\u00e9vue au code de la s\u00e9curit\u00e9 sociale.\n- Mme Nathalie MARTINEZ, p\u00f4le h\u00e9bergement et logement\nEXPULSIONS LOCATIVES\nLes correspondances relatives au fonctionnement du secr\u00e9tariat de la commission sp\u00e9cialis\u00e9e de\ncoordination des actions de pr\u00e9vention des expulsions locatives (CCAPEX).\nT\u00e9l : 02 72 16 43 00\nMail : ddets@sarthe.gouv.fr\n19 Boulevard Paixhans \u2013 CS 51912 - 72019 LE MANS Cedex 2\nDDETS - 72-2023-10-31-00001 - Subdelegation signature generale DDETS modification octobre 2023-3.odt 7\nLes proc\u00e9dures de pr\u00e9vention des expulsions locatives \u00e0 l'e xception des propositions de\nconcours de la force publique.\nLes correspondances relatives \u00e0 la gestion des expulsions.\n- Mme B\u00e9atrice DE MIOLLIS, responsable du p\u00f4le insertion par l'emploi et entreprises\nLes actes relatifs \u00e0 la mise en \u0153uvre de l'activit\u00e9 partielle :\n-   Activit\u00e9 partielle de droit commun : tout acte relatif \u00e0 sa mise en \u0153uvre.\n- Activit\u00e9partielle delonguedur\u00e9e(APLD) :toutacte relat if\u00e0sa miseen\u0153uvre,\u00e0l'exception de\nla d\u00e9cision de validation/homologation de la demande initiale de recours au dispositif.\nLes actes cons\u00e9cutifs aux d\u00e9cisions de la commission d\u00e9partementale d'attribution et de suivi\nconstitu\u00e9e dans le cadre de la \u00ab garantie jeunes \u00bb.\nLes d\u00e9cisions concernant l'agr\u00e9ment des associations et entreprises exer\u00e7ant leurs activit\u00e9s dans\nle domaine des services \u00e0 la personne.\n- Mme V\u00e9ronique SOUBEIRAN, p\u00f4le insertion par l'emploi et entreprises\nLes actes relatifs \u00e0 la mise en \u0153uvre de l'activit\u00e9 partielle :\n-  Activit\u00e9 partielle de droit commun : tout acte relatif \u00e0 sa mise en \u0153uvre.\n-Activit\u00e9 partielle de longue dur\u00e9e (APLD) : tout acte relatif \u00e0 sa mise en \u0153uvre, \u00e0 l'exception de\nla d\u00e9cision de validation/homologation de la demande initiale de recours au dispositif.\n- M. Cyril PLOT, responsable du p\u00f4le inclusion sociale et int\u00e9gration\nLes actes relatifs \u00e0 l'exercice de la tutelle des pupilles del'Etat pr\u00e9vus \u00e0 l'article L. 224-6 \u00e0 L. 224-\n12 et L.225-1 du code de l'action sociale et des familles.\nLes actes d'administration des deniers pupillaires pr\u00e9vus\u00e0 l'article L. 224-9 du code de l'action\nsociale et des familles.\nLes d\u00e9cisions et courriers relatifs au secr\u00e9tariat du Conseil de famille pr\u00e9vus au code de l'action\nsociale et des familles.\nLatarificationdesservicesjudiciaires\u00e0laprotectionju ridiquedesmajeursetserviced\u00e9l\u00e9gu\u00e9aux\nprestations familiales, pr\u00e9vue \u00e0 l'article R314-4 du code de l'action sociale et des familles.\nL'inscription d'hypoth\u00e8ques et les r\u00e9cup\u00e9rations sur successions des b\u00e9n\u00e9ficiaires de l'aide\nsociale pr\u00e9vues \u00e0 l'article L. 241-3-2 du code de l'action sociale et des familles.\nDiverses prestations d'aide sociale aux personnes sans domicile de secours pr\u00e9vues aux articles\nL. 111-1 et L. 121-7 du code de l'action sociale et des familles.\nLes actes pr\u00e9paratoires \u00e0 l'instruction des propositions budg\u00e9taires en vue de la fixation des \ndotations globales dans les \u00e9tablissements et services sociaux priv\u00e9s.\nLes actesdegestion etlesecr\u00e9tariatducomit\u00e9 m\u00e9dicaletde s commissionsder\u00e9formepr\u00e9vusau\nd\u00e9cret n\u00b086-442 du 14 mars 1986 relatif \u00e0 la d\u00e9signation des m\u00e9decins agr\u00e9\u00e9s,\u00e0 l'organisation des\ncomit\u00e9s m\u00e9dicaux et des commissions de r\u00e9forme aux conditions d'aptitude physique pour\nl'admission aux emplois publics et au r\u00e9gime de cong\u00e9s maladie des fonctionnaires.\nT\u00e9l : 02 72 16 43 00\nMail : ddets@sarthe.gouv.fr\n19 Boulevard Paixhans \u2013 CS 51912 - 72019 LE MANS Cedex 2\nDDETS - 72-2023-10-31-00001 - Subdelegation signature generale DDETS modification octobre 2023-3.odt 8\nLes d\u00e9cisions d'attribution et la d\u00e9livrance des cartes mobilit\u00e9 inclusion stationnement aux\norganismes assurant le transport collectif de personnes handicap\u00e9es pr\u00e9vues \u00e0 la loi n\u00b0 2016 \u2013\n1321 du 7 octobre 2016, article R. 241-21 du code de l'action sociale et des familles.\nLes actes de gestion et les documents relatifs au fonctionnement de la mission.\nLesactesn\u00e9cessaires\u00e0l'instructiondesdossiersdedeman dedesubventiond\u00e9pos\u00e9saupr\u00e8sde la\nMission interminist\u00e9rielle de lutte contre les drogues et les conduites addictives (MILDECA).\n- Mme Mich\u00e8le LEMONNIER, p\u00f4le inclusion sociale et int\u00e9gration\nLesactesrelatifs\u00e0l'exercicedelatutelledespupillesde l'Etatpr\u00e9vu\u00e0l'articleL.224-6\u00e0L.224-12\net L.225-1 du code de l'action sociale et des familles.\nLes actes d'administration des deniers pupillaires pr\u00e9vus\u00e0 l'article L. 224-9 du code de l'action\nsociale et des familles.\nLes d\u00e9cisions et courriers relatifs au secr\u00e9tariat du Conseil de famille pr\u00e9vus au code de l'action\nsociale et des familles.\nLes actesdegestion etlesecr\u00e9tariatducomit\u00e9 m\u00e9dicaletde s commissionsder\u00e9formepr\u00e9vusau\nd\u00e9cret n\u00b086-442 du 14 mars 1986 relatif \u00e0 la d\u00e9signation des m\u00e9decins agr\u00e9\u00e9s,\u00e0 l'organisation des\ncomit\u00e9s m\u00e9dicaux et des commissions de r\u00e9forme aux conditions d'aptitude physique pour\nl'admission aux emplois publics et au r\u00e9gime de cong\u00e9s maladie des fonctionnaires.\n- Mme Le\u00efla LOUHIBI, charg\u00e9e de communication\nLesactesrelatifs\u00e0l'exercicedelatutelledespupillesde l'Etatpr\u00e9vu\u00e0l'articleL.224-6\u00e0L.224-12\net L.225-1 du code de l'action sociale et des familles.\nLes actes d'administration des deniers pupillaires pr\u00e9vus\u00e0 l'article L. 224-9 du code de l'action\nsociale et des familles.\nLes d\u00e9cisions et courriers relatifs au secr\u00e9tariat du Conseil de famille pr\u00e9vus au code de l'action\nsociale et des familles.\nCette d\u00e9l\u00e9gation inclut les d\u00e9cisions individuelles n\u00e9gatives ou de refus.\nARTICLE  \n 4   \u00a0: Sont exclues des d\u00e9l\u00e9gations\u00a0susmentionn\u00e9es :\n les circulaires aux maires,\n les correspondances adress\u00e9es aux cabinets minist\u00e9riels, ainsi que celles adress\u00e9es aux\nadministrations centrales, les correspondances adress\u00e9es au pr\u00e9fet de r\u00e9gion,\n les correspondances adress\u00e9es aux pr\u00e9sidents des conseilsr\u00e9gional et d\u00e9partemental, ainsi\nque les r\u00e9ponses aux interventions des parlementaires. \nles correspondances courantes ne sont pas vis\u00e9es par cette exclusion.\n les m\u00e9moires introductifs d'instance et m\u00e9moires en r\u00e9ponse.\nARTICLE  5    : Le pr\u00e9fet peut mettre fin \u00e0 tout ou partie de la d\u00e9l\u00e9gation accord\u00e9e \u00e0 M. Jean-Michel\nLOUYER ainsi qu'aux subd\u00e9l\u00e9gations s'y rapportant, le cas \u00e9ch\u00e9ant.\nT\u00e9l : 02 72 16 43 00\nMail : ddets@sarthe.gouv.fr\n19 Boulevard Paixhans \u2013 CS 51912 - 72019 LE MANS Cedex 2\nDDETS - 72-2023-10-31-00001 - Subdelegation signature generale DDETS modification octobre 2023-3.odt 9\nARTICLE 6 \u00a0: Le directeur d\u00e9partemental de l'emploi, du travail et des s olidarit\u00e9s est charg\u00e9 de\nl'ex\u00e9cutiondu pr\u00e9sentarr\u00eat\u00e9,dontl'originalsera adress \u00e9aupr\u00e9fet etquiserapubli\u00e9au recueildesactes\nadministratifs de la pr\u00e9fecture de la Sarthe.\nPour le Pr\u00e9fet et par d\u00e9l\u00e9gation,\nle Directeur D\u00e9partemental\nde l'emploi, du travail et des solidarit\u00e9s\nSIGNE\nJean-Michel LOUYER\nT\u00e9l : 02 72 16 43 00\nMail : ddets@sarthe.gouv.fr\n19 Boulevard Paixhans \u2013 CS 51912 - 72019 LE MANS Cedex 2\nDDETS - 72-2023-10-31-00001 - Subdelegation signature generale DDETS modification octobre 2023-3.odt 10\nDirection Interr\u00e9gionale des Douanes Bretagne,\nPays de la Loire\n72-2024-01-02-00001\nDECISION DE FERMETURE DEFINITIVE D'UN\nDEBIT DE TABAC ORDINAIRE PERMANENT SUR\nLA COMMUNE DE LA FLECHE (72)\nDirection Interr\u00e9gionale des Douanes Bretagne, Pays de la Loire - 72-2024-01-02-00001 - DECISION DE FERMETURE DEFINITIVE D'UN\nDEBIT DE TABAC ORDINAIRE PERMANENT SUR LA COMMUNE DE LA FLECHE (72) 11\n. s \u2014 e\nFRAN\u00c7AISELibert\u00e9\u00c9galit\u00e9Fraternit\u00e9\n                                                                                                                      \n                                                                                                                            Direction g\u00e9n\u00e9rale des douanes\n                         et droits indirects\nD\u00c9CISION DE FERMETURE DEFINITIVE\nD'UN D\u00c9BIT DE TABAC ORDINAIRE PERMANENT\nSUR LA COMMUNE DE LA FLECHE (72)\n            Le directeur interr\u00e9gional des douanes et droits indirects \u00e0 Nantes \nVu l'article 568 du code g\u00e9n\u00e9ral des imp\u00f4ts ;\nVu le d\u00e9cret n\u00b02010-720 du 28 juin 2010 modifi\u00e9 relatif \u00e0 l'exercice du monopole de la vente au d\u00e9tail des\ntabacs manufactur\u00e9s, et notamment ses articles 8 et 37 ;\nConsid\u00e9rant la situation du r\u00e9seau local des d\u00e9bitants de tabac ;\nConsid\u00e9rant que la F\u00e9d\u00e9ration des buralistes de Sarthe a \u00e9t\u00e9 inform\u00e9e ;\nD\u00c9CIDE\nla fermeture d\u00e9finitive au 02/01/2024 du d\u00e9bit de tabac ordinaire permanent immatricul\u00e9 7200493R sis 7,\navenue de Verron sur la commune de La Fl\u00e8che (72200).\nFait \u00e0 Nantes, le 2 janvier 2024,\nP/L'administrateur sup\u00e9rieur des douanes,\n           directeur interr\u00e9gional de Bretagne, Pays de la Loire,\nLe chef du p\u00f4le action \u00e9conomique,\nSIGNE\n Jean-Thierry ROUAIX\nDirection interr\u00e9gionale des douanes de Bretagne, Pays de la Loire,\n7 place Mellinet\nBP 78410\n44184 NANTES CEDEX 4\nCette d\u00e9cision peut faire l'objet d'un recours contentieux devant le Tribunal administratif de Nantes, territorialement comp\u00e9tent, dans les\ndeux mois suivant la date de publication de la d\u00e9cision.\nDirection Interr\u00e9gionale des Douanes Bretagne, Pays de la Loire - 72-2024-01-02-00001 - DECISION DE FERMETURE DEFINITIVE D'UN\nDEBIT DE TABAC ORDINAIRE PERMANENT SUR LA COMMUNE DE LA FLECHE (72) 12","date":"2024-01-08","first_seen_on":"2025-08-30T22:01:16+00:00","id":"83f891233146b349b19c8a3eede2528368fab04db16cae9297f1c3dfbd227838","name":"RAA n\u00b01 du 2 janvier 2024","pdf_creation_date":"2024-01-02T15:56:57+00:00","pdf_modification_date":"2024-01-02T15:58:39+00:00","timezone":"Europe/Paris","url":"https://www.sarthe.gouv.fr/contenu/telechargement/18746/120303/file/RAA%20n%C2%B01%20du%202%20janvier%202024.pdf"}
