{"administration":"prefidf","administration_name":"Pr\u00e9fecture de la r\u00e9gion \u00cele-de-France","content":"PREFECTURE\nREGION ILE DE\nFRANCE\nRECUEIL DES ACTES\nADMINISTRATIFS SP\u00c9CIAL\n(NOMINATIFS)\nN\u00b0IDF-056-2026-01\nPUBLI\u00c9 LE 29 JANVIER 2026\nSommaire\nAgence R\u00e9gionale de Sant\u00e9 / Agence r\u00e9gionale de sant\u00e9\nd'Ile-de-France-Cellule officines de pharmacie\nIDF-2026-01-26-00022 - Arr\u00eat\u00e9 n\u00b0 DOS/EFF/OFF/2026/05 constatant la\ncaducit\u00e9 d'une licence d'une officine de pharmacie (2 pages) Page 3\nIDF-2026-01-26-00023 - Arr\u00eat\u00e9 n\u00b0 DOS/EFF/OFF/2026/06 constatant la\ncaducit\u00e9 d'une licence d'une officine de pharmacie (2 pages) Page 6\nIDF-2026-01-26-00024 - Arr\u00eat\u00e9 n\u00b0 DOS/EFF/OFF/2026/07 constatant la\ncessation d\u00e9finitive d'activit\u00e9 d'une officine de pharmacie (1\npage) Page 9\nIDF-2026-01-28-00002 - Arr\u00eat\u00e9 n\u00b0 DOS/EFF/OFF/2026/08 constatant la\ncaducit\u00e9 d'une licence d'une officine de pharmacie (2 pages) Page 11\nIDF-2026-01-28-00001 - Arr\u00eat\u00e9 n\u00b0 DOS/EFF/OFF/2026/09 constatant la\ncessation d\u00e9finitive d'activit\u00e9 d'une officine de pharmacie (1\npage) Page 14\nAgence R\u00e9gionale de Sant\u00e9 / Agence r\u00e9gionale de sant\u00e9\nd'Ile-de-France-Direction de l'Offre de Soins (DOS)\nIDF-2026-01-27-00022 - Acte de d\u00e9claration n\u00b0 DOS - 2026 /\n592\nportant fonctionnement du laboratoire de biologie m\u00e9dicale\ncommun du Groupement Hospitalier de Territoire Grand-Paris Nord-Est sis\n10 rue du G\u00e9n\u00e9ral Leclerc 93370 MONTFERMEIL\n (3 pages) Page 16\nDirection r\u00e9gionale et interd\u00e9partementale de l'\u00e9conomie, de l'emploi,\ndu travail et des solidarit\u00e9s d'\u00cele-de-France / P\u00f4le Politique du travail\nIDF-2026-01-29-00002 - D\u00e9cision n\u00b0 2026-014 du 29 janvier\n2026\nportant affectation des agents de contr\u00f4le dans les unit\u00e9s de\ncontr\u00f4le et gestion des int\u00e9rims de l'Unit\u00e9 d\u00e9partementale des\nHauts-de-Seine de la DRIEETS d'Ile-de-France (6 pages) Page 20\nPr\u00e9fecture de la R\u00e9gion d'Ile de France, Pr\u00e9fecture de Paris  / Bureau\ndes \u00e9lections du m\u00e9c\u00e9nat et de la r\u00e9gl\u00e9mentation \u00e9conomique\nIDF-2026-01-29-00001 - Arr\u00eat\u00e9 pr\u00e9fectoral modifiant n\u00b0\nIDF-2025-01-22-00002 portant renouvellement de la composition CCA de\nCr\u00e9teil  (3 pages) Page 27\n2\nAgence R\u00e9gionale de Sant\u00e9\nIDF-2026-01-26-00022\nArr\u00eat\u00e9 n\u00b0 DOS/EFF/OFF/2026/05 constatant la\ncaducit\u00e9 d'une licence d'une officine de\npharmacie\nAgence R\u00e9gionale de Sant\u00e9 - IDF-2026-01-26-00022 - Arr\u00eat\u00e9 n\u00b0 DOS/EFF/OFF/2026/05 constatant la caducit\u00e9 d'une licence d'une\nofficine de pharmacie 3\nREPUBLIQUEFRANCAISELibert\u00e9Egalit\u00e9Fraternit\u00e9\ne \u00bb Agence R\u00e9gionale de Sant\u00e9Ile-de-France\n \n \n \nAGENCE R\u00c9GIONALE DE SANT\u00c9 \u00ceLE-DE-FRANCE \nARR\u00caT\u00c9 N\u00b0 DOS/EFF/OFF/2026/05 constatant la caducit\u00e9 d'une licence d'une officine de \npharmacie \n \n \n \nLE DIRECTEUR G\u00c9N\u00c9RAL DE L'AGENCE R\u00c9GIONALE DE SANT\u00c9 \u00ceLE-DE-FRANCE \n \nVU le code de la sant\u00e9 publique ; \n \nVU le d\u00e9cret du 10 avril 2024 portant nomination de Monsieur Denis ROBIN, Directeur g\u00e9n\u00e9ral de l'Agence r\u00e9gionale \nde sant\u00e9 \u00cele-de-France, \u00e0 compter du 29 avril 2024 ;  \n \nVU l'arr\u00eat\u00e9 n\u00b0 DS 034/2024 du 29 avril 2024, publi\u00e9 le 30 avril 2024, portant d\u00e9l\u00e9gation de signature du Directeur \ng\u00e9n\u00e9ral de l'Agence r\u00e9gionale de sant\u00e9 \u00cele -de-France \u00e0 Monsieur  Arnaud CORVAISIER, Directeur de l'offre de \nsoins et \u00e0 plusieurs de ses collaborateurs ; \n \nVU l'arr\u00eat\u00e9 en date du 03 avril 1944, portant octroi de la licence n\u00b093#000406 \u00e0 l'officine de pharmacie sise 21 avenue \nJean-Jaur\u00e8s \u00e0 Gagny (93220) ; \n \nVU l'arr\u00eat\u00e9 n\u00b0 DOS/EFF/OFF/2025-75 en date du 16 juillet 2025 ayant autoris\u00e9 le regroupement de deux officines de \npharmacie et octroyant la licence n\u00b0 93#002581 \u00e0 l'officine de pharmacie issue du regroupement sise 4 avenue \nHenri Barbusse \u00e0 Gagny (93220) ; \n \nVU \n \nla d\u00e9claration en date du 09 d\u00e9cembre 2025  par laquelle Monsieur Jean NEIL informe l'Agence r\u00e9gionale de \nsant\u00e9 de l'ouverture effective au public de l'officine sise 4 avenue Henri Barbusse \u00e0 Gagny (93220) suite  au \nregroupement et restitue la licence n\u00b0 93#000406 ; \n \n \nCONSIDERANT que l'officine  de pharmacie  issue du regroupement autoris\u00e9 par arr\u00eat\u00e9 du 16 juillet 2025 \nsusvis\u00e9, sise 4 avenue Henri Barbusse \u00e0 Gagny (93220)  et exploit\u00e9e sous la licence \nn\u00b093#002581, est effectivement ouverte au public \u00e0 compter du 16 octobre 2025 ; \n \nCONSIDERANT que l'ouverture au public de l'officine exploit\u00e9e sous la licence n\u00b0 93#002581 entra\u00eene la \ncaducit\u00e9 de la licence n\u00b093#000406 ;  \n \nCONSIDERANT qu'il y a lieu de constater cette caducit\u00e9 ; \n \n \nARR\u00caTE \n \n \nARTICLE 1er : Est constat\u00e9e, \u00e0 compter du 16 octobre 2025 , la caducit\u00e9 de la licence n\u00b0 93#000406, \ndu fait de l'ouverture effective au public, sous la licence n\u00b0 93#002581, de l'officine de \npharmacie issue du  regroupement de deux officines vers le local sis 4 avenue Henri \nBarbusse \u00e0 Gagny (93220). \n \n \n \n \nAgence R\u00e9gionale de Sant\u00e9 - IDF-2026-01-26-00022 - Arr\u00eat\u00e9 n\u00b0 DOS/EFF/OFF/2026/05 constatant la caducit\u00e9 d'une licence d'une\nofficine de pharmacie 4\n \n \nARTICLE 2e : Un recours contentieux contre le pr\u00e9sent arr\u00eat\u00e9 peut \u00eatre form\u00e9 aupr\u00e8s du tribunal \nadministratif comp\u00e9tent. Le d\u00e9lai de recours est de deux mois \u00e0 compter de la \nnotification de l'arr\u00eat\u00e9 pour les int\u00e9ress\u00e9s ou de sa publication pour les tiers.  \n \nARTICLE 3e : Le Directeur g\u00e9n\u00e9ral de l'Agence r\u00e9gionale de sant\u00e9 \u00cele-de-France est charg\u00e9 de \nl'ex\u00e9cution du pr\u00e9sent arr\u00eat\u00e9 qui sera publi\u00e9 au recueil des actes administratifs de la \npr\u00e9fecture de la r\u00e9gion \u00cele-de-France. \n        \n \nFait \u00e0 Saint-Denis, le 26 janvier 2026 \n \nPour le Directeur g\u00e9n\u00e9ral \nde l'Agence r\u00e9gionale de sant\u00e9  \n\u00cele-de-France \n \net par d\u00e9l\u00e9gation, \n \nLe Directeur du P\u00f4le Efficience, \nSign\u00e9 \nFabien P\u00c9RUS  \nAgence R\u00e9gionale de Sant\u00e9 - IDF-2026-01-26-00022 - Arr\u00eat\u00e9 n\u00b0 DOS/EFF/OFF/2026/05 constatant la caducit\u00e9 d'une licence d'une\nofficine de pharmacie 5\nAgence R\u00e9gionale de Sant\u00e9\nIDF-2026-01-26-00023\nArr\u00eat\u00e9 n\u00b0 DOS/EFF/OFF/2026/06 constatant la\ncaducit\u00e9 d'une licence d'une officine de\npharmacie\nAgence R\u00e9gionale de Sant\u00e9 - IDF-2026-01-26-00023 - Arr\u00eat\u00e9 n\u00b0 DOS/EFF/OFF/2026/06 constatant la caducit\u00e9 d'une licence d'une\nofficine de pharmacie 6\nREPUBLIQUEFRANCAISELibert\u00e9Egalit\u00e9Fraternit\u00e9 e \u00bb Agence R\u00e9gionale de Sant\u00e9Ile-de-France\n \n \n \n \n \nAGENCE R\u00c9GIONALE DE SANT\u00c9 \u00ceLE-DE-FRANCE \nARR\u00caT\u00c9 N\u00b0 DOS/EFF/OFF/2026/06 constatant la caducit\u00e9 d'une licence d'une officine de \npharmacie \nLE DIRECTEUR G\u00c9N\u00c9RAL DE L'AGENCE R\u00c9GIONALE DE SANT\u00c9 \u00ceLE-DE-FRANCE \n \n \n \nVU le code de la sant\u00e9 publique ; \n \nVU le d\u00e9cret du 10 avril 2024 portant nomination de Monsieur Denis ROBIN, Directeur g\u00e9n\u00e9ral de l'Agence r\u00e9gionale \nde sant\u00e9 \u00cele-de-France, \u00e0 compter du 29 avril 2024 ;  \n \nVU l'arr\u00eat\u00e9 n\u00b0 DS 034/2024 du 29 avril 2024, publi\u00e9 le 30 avril 2024, portant d\u00e9l\u00e9gation de signature du Directeur \ng\u00e9n\u00e9ral de l'Agence r\u00e9gionale de sant\u00e9 \u00cele -de-France \u00e0 Monsieur  Arnaud CORVAISIER, Directeur de l'offre de \nsoins et \u00e0 plusieurs de ses collaborateurs ; \n \nVU l'arr\u00eat\u00e9 en date du 17 juin 1991, portant octroi de la licence n\u00b077#000478 \u00e0 l'officine de pharmacie sise 10 Grande \nRue \u00e0 Torcy (77200) ; \n \nVU l'arr\u00eat\u00e9 n\u00b0  DOS/EFF/OFF/2024-114 en date du 29 octobre 2024  ayant autoris\u00e9 le transfert  d'une officine  de \npharmacie du 10 Grande Rue  \u00e0 Magny -le-Hongre (77700) vers l a ZAC du Courtalin, \u00e0 l'angle de la rue de \nl'Epinette et de la rue des Grouettes \u00e0 Magny-le-Hongre (77700) et octroyant la licence n\u00b077#000627 \u00e0 l'officine \nde pharmacie ainsi transf\u00e9r\u00e9e ; \n \nVU \n \nla d\u00e9claration en date du 19 d\u00e9cembre 2025 par laquelle Monsieur Jean-Luc GENIN informe l'Agence r\u00e9gionale \nde sant\u00e9 de l'ouverture effective au public de l'officine de pharmacie sise ZAC du Courtalin, \u00e0 l'angle de la rue de \nl'Epinette et de la rue des Grouettes \u00e0 Magny -le-Hongre (77700) suite \u00e0 transfert et restitue la licence  \nn\u00b0 77#000478 ; \n \n \n \nCONSIDERANT que l'officine de pharmacie issue du transfert autoris\u00e9 par arr\u00eat\u00e9 du 29 octobre 2024 susvis\u00e9 , sise \nZAC du Courtalin, \u00e0 l'angle de la rue de l'Epinette et de la rue des Grouettes \u00e0 Magny -le-Hongre \n(77700)  et exploit\u00e9e sous la licence n\u00b077#000627, est effectivement ouverte au public \u00e0 compter du \n01 janvier 2026 ; \n \nCONSIDERANT que l'ouverture au public de l'officine exploit\u00e9e sous la licence n\u00b077#000627 entra\u00eene la caducit\u00e9 de \nla licence n\u00b077#000478 ;  \n \nCONSIDERANT qu'il y a lieu de constater cette caducit\u00e9 ; \n \n \nARR\u00caTE \n \n \nARTICLE 1er : Est constat\u00e9e, \u00e0 compter du 01 janvier 2026, la caducit\u00e9 de la licence n\u00b0 77#000478, du fait de \nl'ouverture effective au public, sous la licence n\u00b0 77#000627, de l'officine de pharmacie issue du \ntransfert vers le local sis la ZAC du Courtalin, \u00e0 l'angle de la rue de l'Epinette et de la rue des \nGrouettes \u00e0 Magny-le-Hongre (77700). \n \n  \nAgence R\u00e9gionale de Sant\u00e9 - IDF-2026-01-26-00023 - Arr\u00eat\u00e9 n\u00b0 DOS/EFF/OFF/2026/06 constatant la caducit\u00e9 d'une licence d'une\nofficine de pharmacie 7\n \nARTICLE 2e : Un recours contentieux contre le pr\u00e9sent arr\u00eat\u00e9 peut \u00eatre form\u00e9 aupr\u00e8s du tribunal administratif \ncomp\u00e9tent. Le d\u00e9lai de recours est de deux mois \u00e0 compter de la notification de l'arr\u00eat\u00e9 pour les \nint\u00e9ress\u00e9s ou de sa publication pour les tiers. \n \nARTICLE 3e : Le Directeur g\u00e9n\u00e9ral de l'Agence r\u00e9gionale de sant\u00e9 \u00cele-de-France est charg\u00e9 de l'ex\u00e9cution du \npr\u00e9sent arr\u00eat\u00e9 qui sera publi\u00e9 au recueil des actes administratifs de la pr\u00e9fecture de la r\u00e9gion \u00cele-de-\nFrance. \nFait \u00e0 Saint-Denis, le 26 janvier 2026 \n \nPour le Directeur g\u00e9n\u00e9ral \nde l'Agence r\u00e9gionale de sant\u00e9  \n\u00cele-de-France \n \net par d\u00e9l\u00e9gation, \n \nLe Directeur du P\u00f4le Efficience, \nSign\u00e9 \nFabien P\u00c9RUS  \nAgence R\u00e9gionale de Sant\u00e9 - IDF-2026-01-26-00023 - Arr\u00eat\u00e9 n\u00b0 DOS/EFF/OFF/2026/06 constatant la caducit\u00e9 d'une licence d'une\nofficine de pharmacie 8\nAgence R\u00e9gionale de Sant\u00e9\nIDF-2026-01-26-00024\nArr\u00eat\u00e9 n\u00b0 DOS/EFF/OFF/2026/07 constatant la\ncessation d\u00e9finitive d'activit\u00e9 d'une officine de\npharmacie\nAgence R\u00e9gionale de Sant\u00e9 - IDF-2026-01-26-00024 - Arr\u00eat\u00e9 n\u00b0 DOS/EFF/OFF/2026/07 constatant la cessation d\u00e9finitive d'activit\u00e9 d'une\nofficine de pharmacie 9\nEuREPUBLIQUEFRAN\u00c7AISELibert\u00e9\u00c9galit\u00e9Fraternit\u00e9 \u00a9 D Agence R\u00e9gionale de Sant\u00e9\u00cele-de-France\n \n \nAGENCE R\u00c9GIONALE DE SANT\u00c9 \u00ceLE-DE-FRANCE \nARR\u00caT\u00c9 N\u00b0 DOS/EFF/OFF/2026/07 constatant la cessation d\u00e9finitive d'activit\u00e9 d'une \nofficine de pharmacie \n \n \nLE DIRECTEUR G\u00c9N\u00c9RAL DE L'AGENCE R\u00c9GIONALE DE SANT\u00c9 \u00ceLE-DE-FRANCE \n \nVU le code de la sant\u00e9 publique  et notamment ses articles L. 5125 -21, L. 5125 -22,  \nR. 5125-30 et R. 5132-37 ; \n \nVU le d\u00e9cret du 10 avril 2024 portant nomination de Monsieur Denis ROBIN, Directeur g\u00e9n\u00e9ral de l'Agence \nr\u00e9gionale de sant\u00e9 \u00cele-de-France, \u00e0 compter du 29 avril 2024 ;  \n \nVU l'arr\u00eat\u00e9 n\u00b0 DS 034/2024 du 29 avril 2024, publi\u00e9 le 30 avril 2024, portant d\u00e9l\u00e9gation de signature du \nDirecteur g\u00e9n\u00e9ral de l'Agence r\u00e9gionale de sant\u00e9 \u00cele -de-France \u00e0 Monsieur Arnaud CORVAISIER, \nDirecteur de l'offre de soins et \u00e0 plusieurs de ses collaborateurs ;  \n \nVU l'arr\u00eat\u00e9 en date du 11 novembre 1942 portant octroi de la licence n\u00b075#000229 \u00e0 l'officine de pharmacie \nsise 12 rue Emilio Castellar \u00e0 Paris (75012) ; \n \nVU l'avis favorable du Directeur g\u00e9n\u00e9ral de l'Agence r\u00e9gionale de sant\u00e9 \u00cele-de-France en date du  12 juin \n2025 pr\u00e9alablement \u00e0 une op\u00e9ration de restructuration du r\u00e9seau officinal au sein du  \n12\u00e8me arrondissement de Paris (75012) ; \n \nVU la d\u00e9claration  en date du 19 d\u00e9cembre 2025 par l aquelle Monsieur Eric BODINET  informe de la \ncessation d\u00e9finitive de l'activit\u00e9 de l'officine de pharmacie sise 12 rue Emilio Castellar \u00e0 Paris (75012)  \ndont il est titulaire et restitue la licence correspondante ; \n \nCONSIDERANT que le titulaire d\u00e9clare cesser d\u00e9finitivement l'activit\u00e9 de l'officine \u00e0 compter du  \n31 d\u00e9cembre 2025 ;  \n \nARR\u00caTE \n \nARTICLE 1er : La cessation d\u00e9finitive d'activit\u00e9 \u00e0 compter du  31 d\u00e9cembre 2025 de l'officine de pharmacie \nexploit\u00e9e par Monsieur Eric BODINET sise 12 rue Emilio Castellar \u00e0 Paris (75012) est constat\u00e9e. \n \nLa licence n\u00b075#000229 est caduque \u00e0 compter de cette date. \n \nARTICLE 2e : Un recours contentieux contre le pr\u00e9sent arr\u00eat\u00e9 peut \u00eatre form\u00e9 aupr\u00e8s du tribunal administratif \ncomp\u00e9tent. Le d\u00e9lai de recours est de deux mois \u00e0 compter de la notification de l'arr\u00eat\u00e9 pour les \nint\u00e9ress\u00e9s ou de sa publication pour les tiers. \n \nARTICLE 3e : Le Directeur g\u00e9n\u00e9ral de l'Agence r\u00e9gionale de sant\u00e9 \u00cele-de-France est charg\u00e9 de l'ex\u00e9cution du \npr\u00e9sent arr\u00eat\u00e9 qui sera publi\u00e9 au recueil des actes administratifs de la pr\u00e9fecture de la r\u00e9gion   \n\u00cele-de-France. \n        \nFait \u00e0 Saint-Denis, le 26 janvier 2026 \n \nPour le Directeur g\u00e9n\u00e9ral \nde l'Agence r\u00e9gionale de sant\u00e9  \n\u00cele-de-France \n \net par d\u00e9l\u00e9gation, \n \nLe Directeur du P\u00f4le Efficience, \nSign\u00e9 \nFabien P\u00c9RUS  \nAgence R\u00e9gionale de Sant\u00e9 - IDF-2026-01-26-00024 - Arr\u00eat\u00e9 n\u00b0 DOS/EFF/OFF/2026/07 constatant la cessation d\u00e9finitive d'activit\u00e9 d'une\nofficine de pharmacie 10\nAgence R\u00e9gionale de Sant\u00e9\nIDF-2026-01-28-00002\nArr\u00eat\u00e9 n\u00b0 DOS/EFF/OFF/2026/08 constatant la\ncaducit\u00e9 d'une licence d'une officine de\npharmacie\nAgence R\u00e9gionale de Sant\u00e9 - IDF-2026-01-28-00002 - Arr\u00eat\u00e9 n\u00b0 DOS/EFF/OFF/2026/08 constatant la caducit\u00e9 d'une licence d'une\nofficine de pharmacie 11\nREPUBLIQUEFRANCAISELibert\u00e9Egalit\u00e9Fraternit\u00e9\ne \u00bb Agence R\u00e9gionale de Sant\u00e9Ile-de-France\n \n \n \nAGENCE R\u00c9GIONALE DE SANT\u00c9 \u00ceLE-DE-FRANCE \nARR\u00caT\u00c9 N\u00b0 DOS/EFF/OFF/2026/08 constatant la caducit\u00e9 d'une licence d'une officine de \npharmacie \n \n \nLE DIRECTEUR G\u00c9N\u00c9RAL DE L'AGENCE R\u00c9GIONALE DE SANT\u00c9 \u00ceLE-DE-FRANCE \n \nVU le code de la sant\u00e9 publique ; \n \nVU le d\u00e9cret du 10 avril 2024 portant nomination de Monsieur Denis ROBIN, Directeur g\u00e9n\u00e9ral de l'Agence r\u00e9gionale \nde sant\u00e9 \u00cele-de-France, \u00e0 compter du 29 avril 2024 ;  \n \nVU l'arr\u00eat\u00e9 n\u00b0 DS 034/2024 du 29 avril 2024, publi\u00e9 le 30 avril 2024, portant d\u00e9l\u00e9gation de signature du Directeur \ng\u00e9n\u00e9ral de l'Agence r\u00e9gionale de sant\u00e9 \u00cele -de-France \u00e0 Monsieur  Arnaud CORVAISIER, Directeur de l'offre de \nsoins et \u00e0 plusieurs de ses collaborateurs ; \n \nVU l'arr\u00eat\u00e9 en date du 29 mai 1968, portant octroi de la licence n\u00b093#000212 \u00e0 l'officine de pharmacie sise 4 avenue \nHenri Barbusse A Gagny (93220) ; \n \nVU l'arr\u00eat\u00e9 n\u00b0 DOS/EFF/OFF/25-75 en date du 16 juillet 2025 ayant autoris\u00e9 le regroupement de deux officines de \npharmacie et octroyant la licence n\u00b0 93#002581 \u00e0 l'officine issue du regroupement sise 4 avenue Henri Barbusse \n\u00e0 Gagny (93220) ; \n \nVU \n \nla d\u00e9claration en date du 09 d\u00e9cembre 2025  par laquelle Madame Samah CHOAY, \u00e9pouse SORIAL  informe \nl'Agence r\u00e9gionale de sant\u00e9 de l'ouverture effective au public de l'officine sise 4 avenue Henri Barbusse \u00e0 Gagny \n(93220) suite au regroupement et restitue la licence n\u00b0 93#000212 ; \n \n \nCONSIDERANT que l'officine  de pharmacie  issue du regroupement autoris\u00e9 par arr\u00eat\u00e9 du 16 juillet 2025 \nsusvis\u00e9, sise 4 avenue Henri Barbusse \u00e0 Gagny (93220)  et exploit\u00e9e sous la licence \nn\u00b093#002581, est effectivement ouverte au public \u00e0 compter du 16 octobre 2025 ; \n \nCONSIDERANT que l'ouverture au public de l'officine exploit\u00e9e sous la licence n\u00b0 93#002581 entra\u00eene la \ncaducit\u00e9 de la licence n\u00b093#000212 ;  \n \nCONSIDERANT qu'il y a lieu de constater cette caducit\u00e9 ; \n \n \nARR\u00caTE \n \n \nARTICLE 1er : Est constat\u00e9e, \u00e0 compter du 16 octobre 2025 , la caducit\u00e9 de la licence n\u00b0 93#000212, \ndu fait de l'ouverture effective au public, sous la licence n\u00b0 93#002581, de l'officine de \npharmacie issue du  regroupement de deux officines vers le local sis 4 avenue Henri \nBarbusse \u00e0 Gagny (93220). \n \nARTICLE 2e : Un recours contentieux contre le pr\u00e9sent arr\u00eat\u00e9 peut \u00eatre form\u00e9 aupr\u00e8s du tribunal \nadministratif comp\u00e9tent. Le d\u00e9lai de recours est de deux mois \u00e0 compter de la \nnotification de l'arr\u00eat\u00e9 pour les int\u00e9ress\u00e9s ou de sa publication pour les tiers.  \n \nAgence R\u00e9gionale de Sant\u00e9 - IDF-2026-01-28-00002 - Arr\u00eat\u00e9 n\u00b0 DOS/EFF/OFF/2026/08 constatant la caducit\u00e9 d'une licence d'une\nofficine de pharmacie 12\n \n \nARTICLE 3e : Le Directeur g\u00e9n\u00e9ral de l'Agence r\u00e9gionale de sant\u00e9 \u00cele-de-France est charg\u00e9 de \nl'ex\u00e9cution du pr\u00e9sent arr\u00eat\u00e9 qui sera publi\u00e9 au recueil des actes administratifs de la \npr\u00e9fecture de la r\u00e9gion \u00cele-de-France. \n        \n \n \nFait \u00e0 Saint-Denis, le 28 janvier 2026 \n \nPour le Directeur g\u00e9n\u00e9ral \nde l'Agence r\u00e9gionale de sant\u00e9  \n\u00cele-de-France \n \net par d\u00e9l\u00e9gation, \n \nLe Directeur du P\u00f4le Efficience, \nSign\u00e9 \nFabien P\u00c9RUS  \nAgence R\u00e9gionale de Sant\u00e9 - IDF-2026-01-28-00002 - Arr\u00eat\u00e9 n\u00b0 DOS/EFF/OFF/2026/08 constatant la caducit\u00e9 d'une licence d'une\nofficine de pharmacie 13\nAgence R\u00e9gionale de Sant\u00e9\nIDF-2026-01-28-00001\nArr\u00eat\u00e9 n\u00b0 DOS/EFF/OFF/2026/09 constatant la\ncessation d\u00e9finitive d'activit\u00e9 d'une officine de\npharmacie\nAgence R\u00e9gionale de Sant\u00e9 - IDF-2026-01-28-00001 - Arr\u00eat\u00e9 n\u00b0 DOS/EFF/OFF/2026/09 constatant la cessation d\u00e9finitive d'activit\u00e9 d'une\nofficine de pharmacie 14\nEuREPUBLIQUEFRAN\u00c7AISELibert\u00e9\u00c9galit\u00e9Fraternit\u00e9 \u00a9 D Agence R\u00e9gionale de Sant\u00e9\u00cele-de-France\n \n \nAGENCE R\u00c9GIONALE DE SANT\u00c9 \u00ceLE-DE-FRANCE \nARR\u00caT\u00c9 N\u00b0 DOS/EFF/OFF/2026/09 constatant la cessation d\u00e9finitive d'activit\u00e9 d'une \nofficine de pharmacie \n \nLE DIRECTEUR G\u00c9N\u00c9RAL DE L'AGENCE R\u00c9GIONALE DE SANT\u00c9 \u00ceLE-DE-FRANCE \n \nVU le code de la sant\u00e9 publique  et notamment ses articles L. 5125 -21, L. 5125 -22,  \nR. 5125-30 et R. 5132-37 ; \n \nVU le d\u00e9cret du 10 avril 2024 portant nomination de Monsieur Denis ROBIN, Directeur g\u00e9n\u00e9ral de l'Agence \nr\u00e9gionale de sant\u00e9 \u00cele-de-France, \u00e0 compter du 29 avril 2024 ;  \n \nVU l'arr\u00eat\u00e9 n\u00b0 DS 034/2024 du 29 avril 2024, publi\u00e9 le 30 avril 2024, portant d\u00e9l\u00e9gation de signature du \nDirecteur g\u00e9n\u00e9ral de l'Agence r\u00e9gionale de sant\u00e9 \u00cele -de-France \u00e0 Monsieur Arnaud CORVAISIER, \nDirecteur de l'offre de soins et \u00e0 plusieurs de ses collaborateurs ;  \n \nVU l'arr\u00eat\u00e9 en date du 7 novembre 1963 portant octroi de la licence n\u00b093#002117 \u00e0 l'officine de pharmacie \nsise 33 rue du Clos Fran\u00e7ais \u00e0 Montreuil-sous-Bois (93100) ; \n \nVU l'avis favorable d u Directeur g\u00e9n\u00e9ral de l'Agence r\u00e9gionale de sant\u00e9 \u00cele-de-France en date du   \n09 septembre 2025 pr\u00e9alablement \u00e0 une op\u00e9ration de restructuration du r\u00e9seau officinal au sein de la \ncommune de Montreuil-sous-Bois (93100) ; \n \nVU la d\u00e9claration en date du 19 d\u00e9cembre 2025 par laquelle Monsieur Pierre Jean Richard TSIBA informe \nde la cessation d\u00e9finitive de l'activit\u00e9 de l'officine de pharmacie sise 33 rue du Clos Fran\u00e7ais \u00e0 Montreuil-\nsous-Bois (93100) dont il est titulaire et restitue la licence correspondante ; \n \nCONSIDERANT que le titulaire d\u00e9clare cesser d\u00e9finitivement l'activit\u00e9 de l'officine \u00e0 compter du 19 d\u00e9cembre \n2025 ;  \n \nARR\u00caTE \n \nARTICLE 1er : La cessation d\u00e9finitive d'activit\u00e9 \u00e0 compter du  19 d\u00e9cembre 2025  de l'officine de pharmacie \nexploit\u00e9e par Monsieur Pierre TSIBA sise 33 rue du Clos Fran\u00e7ais \u00e0 Montreuil-sous-Bois (93100) \nest constat\u00e9e. \n \nLa licence n\u00b093#002117 est caduque \u00e0 compter de cette date. \n \nARTICLE 2e : Un recours contentieux contre le pr\u00e9sent arr\u00eat\u00e9 peut \u00eatre form\u00e9 aupr\u00e8s du tribunal administratif \ncomp\u00e9tent. Le d\u00e9lai de recours est de deux mois \u00e0 compter de la notification de l'arr\u00eat\u00e9 pour les \nint\u00e9ress\u00e9s ou de sa publication pour les tiers. \n \nARTICLE 3e : Le Directeur g\u00e9n\u00e9ral de l'Agence r\u00e9gionale de sant\u00e9 \u00cele-de-France est charg\u00e9 de l'ex\u00e9cution du \npr\u00e9sent arr\u00eat\u00e9 qui sera publi\u00e9 au recueil des actes administratifs de la pr\u00e9fecture de la r\u00e9gion   \n\u00cfle-de-France. \n        \nFait \u00e0 Saint-Denis, le 28 janvier 2026 \n \nPour le Directeur g\u00e9n\u00e9ral \nde l'Agence r\u00e9gionale de sant\u00e9  \n\u00cele-de-France \n \net par d\u00e9l\u00e9gation, \n \nLe Directeur du P\u00f4le Efficience, \nSign\u00e9 \nFabien P\u00c9RUS  \nAgence R\u00e9gionale de Sant\u00e9 - IDF-2026-01-28-00001 - Arr\u00eat\u00e9 n\u00b0 DOS/EFF/OFF/2026/09 constatant la cessation d\u00e9finitive d'activit\u00e9 d'une\nofficine de pharmacie 15\nAgence R\u00e9gionale de Sant\u00e9\nIDF-2026-01-27-00022\nActe de d\u00e9claration n\u00b0 DOS - 2026 / 592\nportant fonctionnement du laboratoire de\nbiologie m\u00e9dicale commun du Groupement\nHospitalier de Territoire Grand-Paris Nord-Est sis\n10 rue du G\u00e9n\u00e9ral Leclerc 93370 MONTFERMEIL\nAgence R\u00e9gionale de Sant\u00e9 - IDF-2026-01-27-00022 - Acte de d\u00e9claration n\u00b0 DOS - 2026 / 592\nportant fonctionnement du laboratoire de biologie m\u00e9dicale commun du Groupement Hospitalier de Territoire Grand-Paris Nord-Est\nsis 10 rue du G\u00e9n\u00e9ral Leclerc 93370 MONTFERMEIL\n16\nREPUBLIQUEFRANCAISELibert\u00e9Egalit\u00e9Fraternit\u00e9\nAr\u00a9 D Agence R\u00e9gionale de Sant\u00e9Ile-de-France\n1 / 3 \n \n \n \n \nAGENCE R\u00c9GIONALE DE SANT\u00c9 \u00ceLE-DE-FRANCE \n \n \nActe de d\u00e9claration n\u00b0 DOS \u2013 2026 / 592 \nportant fonctionnement du laboratoire de biologie m\u00e9dicale commun du Groupement \nHospitalier de Territoire Grand-Paris Nord-Est sis 10 rue du G\u00e9n\u00e9ral Leclerc 93370 \nMONTFERMEIL \n \n \nLE DIRECTEUR G\u00c9N\u00c9RAL DE L'AGENCE R\u00c9GIONALE DE SANT\u00c9 \u00ceLE-DE-FRANCE \n \n \nVU Le code de la sant\u00e9 publique et notamment le livre II de la sixi\u00e8me partie ; \nVU La loi n\u00b0 2013-442 du 30 mai 2013 portant r\u00e9forme de la biologie m\u00e9dicale et ratifiant l'ordonnance \nn\u00b02010-49 du 13 janvier 2010 relative \u00e0 la biologie m\u00e9dicale ; \nVU Le d\u00e9cret n\u00b0 2016-46 du 26 janvier 2016 relatif \u00e0 la biologie m\u00e9dicale ; \nVU Le d\u00e9cret du 10 avril 2024 portant nomination de Monsieur Denis ROBIN, Directeur g\u00e9n\u00e9ral de l'Agence \nR\u00e9gionale de sant\u00e9 Ile-de-France, \u00e0 compter du 29 avril 2024 ; \nVU L'arr\u00eat\u00e9 n\u00b0 DS-2024/0034 du 29 avril 2024 portant d\u00e9l\u00e9gation de signature du Directeur g\u00e9n\u00e9ral de \nl'Agence r\u00e9gionale de sant\u00e9 Ile-de-France \u00e0 Monsieur Arnaud CORVAISIER, Directeur de l'offre de \nsoins, et \u00e0 diff\u00e9rents collaborateurs ; \nVU L'arr\u00eat\u00e9 n\u00b0 DOS-2025/4010 en date du 17 octobre 2025 portant fusion-absorption du Centre \nHospitalier Intercommunal Robert Ballanger, du Groupe Hospitalier Intercommunal Le Raincy-\nMontfermeil et du Centre Hospitalier Andr\u00e9 Gr\u00e9goire, renomm\u00e9s Groupement Hospitalier de Territoire \nGrand Paris Nord-Est (GHT GPNE), ensemble d'\u00e9tablissements publics de sant\u00e9 ; \n \nCONSIDERANT \n \nLa demande d\u00e9pos\u00e9e le 30 d\u00e9cembre 2025 et compl\u00e9t\u00e9e le 12 janvier 2026 par Madame \nAnne PONT, directrice des achats au sein du Groupement Hospitalier de Territoire Grand \nParis Nord-Est (GHT GPNE), sis 10 rue du G\u00e9n\u00e9ral Leclerc 93370 MONTFERMEIL, afin \nd'acter : \n \n- La constitution d'un laboratoire de biologie m\u00e9dicale commun aux trois \u00e9tablissements de \nsant\u00e9 membres du Groupement Hospitalier de Territoire Grand Paris Nord-Est (GHT \nGPNE), dans le cadre de la fusion-absorption du Centre Hospitalier Intercommunal Robert \nBallanger, du Groupe Hospitalier Intercommunal Le Raincy-Montfermeil et du Centre \nHospitalier Andr\u00e9 Gr\u00e9goire, \u00e0 effet au 1er janvier 2026 ;  \n \n \nCONSIDERANT \n \n  \n \n \n \n \n \n \n \n \n \nCONSIDERANT \nLa r\u00e9alisation de la fusion-absorption, \u00e0 effet au 1er janvier 2026, des \u00e9tablissements \npublics de sant\u00e9 suivants : \n- Le Centre Hospitalier Intercommunal Robert Ballanger (n\u00b0 FINESS EJ 93 011 006 9), \ndont le si\u00e8ge social est situ\u00e9 Boulevard Robert Ballanger 93602 AULNAY-SOUS-\nBOIS ; \n- Le Centre Hospitalier Andr\u00e9 Gr\u00e9goire (n\u00b0 FINESS EJ 93 011 003 6), dont le si\u00e8ge \nsocial est situ\u00e9 56 boulevard de la Boissi\u00e8re 93100 MONTREUIL ; \nPar : \n- Le Groupe Hospitalier Intercommunal Le Raincy-Montfermeil (n\u00b0 FINESS EJ \n93 002 148 0), dont le si\u00e8ge social est situ\u00e9 10 rue G\u00e9n\u00e9ral Leclerc 93370 \nMONTFERMEIL ; \n \nQu'\u00e0 l'issue de cette op\u00e9ration, la raison sociale de l'\u00e9tablissement unique r\u00e9sultant de la \nfusion-absorption est le Groupement Hospitalier de Territoire Grand Paris Nord-Est (GHT \nAgence R\u00e9gionale de Sant\u00e9 - IDF-2026-01-27-00022 - Acte de d\u00e9claration n\u00b0 DOS - 2026 / 592\nportant fonctionnement du laboratoire de biologie m\u00e9dicale commun du Groupement Hospitalier de Territoire Grand-Paris Nord-Est\nsis 10 rue du G\u00e9n\u00e9ral Leclerc 93370 MONTFERMEIL\n17\nREPUBLIQUEFRANCAISELibert\u00e9Egalit\u00e9Fraternit\u00e9\nAr\u00a9 D Agence R\u00e9gionale de Sant\u00e9Ile-de-France\n2 / 3 \n \n \n \nGPNE), dont le si\u00e8ge social est 10 rue du G\u00e9n\u00e9ral Leclerc, 93370 MONTFERMEIL ; que \ncet \u00e9tablissement conserve le num\u00e9ro FINESS EJ du Groupe Hospitalier Intercommunal \nLe Raincy-Montfermeil soit le n\u00b0 93 002 148 0 et que les num\u00e9ros FINESS g\u00e9ographiques \ndes sites secondaires demeurent inchang\u00e9s ; \n \nCONSIDERANT \n \nLa liste de l'ensemble des biologistes m\u00e9dicaux et la liste des examens de biologie \nm\u00e9dicale pratiqu\u00e9s sur les trois sites hospitaliers ; \nCONSIDERANT La copie de l'attestation d'accr\u00e9ditation n\u00b0 8-4115 r\u00e9v.9 d\u00e9livr\u00e9e par le COFRAC au \nlaboratoire de biologie m\u00e9dicale du GHI Le Raincy Montfermeil \u00e0 MONTFERMEIL, ayant \npour date de prise d'effet le 1er juillet 2025 et pour date de fin de validit\u00e9 le 30 juin 2030 ; \nCONSIDERANT La copie de l'attestation d'accr\u00e9ditation n\u00b0 8-3128 r\u00e9v.12 d\u00e9livr\u00e9e par le COFRAC au \nlaboratoire de biologie m\u00e9dicale du CHI Robert Ballanger \u00e0 AULNAY-SOUS-BOIS, ayant \npour date de prise d'effet le 25 juin 2024 et pour date de fin de validit\u00e9 le 31 ao\u00fbt 2027 ; \nCONSIDERANT La copie de l'attestation d'accr\u00e9ditation n\u00b0 8-3148 r\u00e9v.10 d\u00e9livr\u00e9e par le COFRAC au \nlaboratoire de biologie m\u00e9dicale du GHI Andr\u00e9 Gr\u00e9goire \u00e0 MONTREUIL, ayant pour date \nde prise d'effet le 12 mars 2025 et pour date de fin de validit\u00e9 le 29 f\u00e9vrier 2028 ; \n \nPREND ACTE DE LA DECLARATION : \n \n \nARTICLE 1er : Le laboratoire de biologie m\u00e9dicale commun exploit\u00e9 par le Groupement Hospitalier de \nTerritoire Grand-Paris Nord-Est sis 10 rue du G\u00e9n\u00e9ral Leclerc 93370 MONTFERMEIL et \nenregistr\u00e9 dans le fichier FINESS EJ sous le n\u00b0 93 002 148 0, fonctionne depuis le 1er janvier \n2026 sur les trois sites ci-dessous : \n \n1. Le site principal et si\u00e8ge social   \nSite hospitalier Le Raincy Montfermeil \u00e0 Montfermeil \n10 rue du G\u00e9n\u00e9ral Leclerc 93370 MONTFERMEIL \nSite pr\u00e9, analytique et post-analytique \nOuvert au public 24h/24  \nPratiquant les activit\u00e9s de biochimie (biochimie g\u00e9n\u00e9rale et sp\u00e9cialis\u00e9e, g\u00e9n\u00e9tique \nconstitutionnelle), immunologie-h\u00e9matologie (h\u00e9matocytologie, h\u00e9mostase, immuno-\nh\u00e9matologie) et microbiologie (bact\u00e9riologie, parasitologie-mycologie, s\u00e9rologie \ninfectieuse, virologie) \nN\u00b0 FINESS ET en cat\u00e9gorie 355 : 93 000 028 6 \n \n2. Site hospitalier Andr\u00e9 Gr\u00e9goire \u00e0 Montreuil \n56, Boulevard de la Boissi\u00e8re 93100 MONTREUIL \nSite pr\u00e9, analytique et post-analytique \nOuvert au public 24h/24  \nPratiquant les activit\u00e9s de biochimie (biochimie g\u00e9n\u00e9rale et sp\u00e9cialis\u00e9e), immunologie-\nh\u00e9matologie (h\u00e9matocytologie, h\u00e9mostase, immuno-h\u00e9matologie) et microbiologie \n(bact\u00e9riologie, parasitologie-mycologie, s\u00e9rologie infectieuse, virologie) \nN\u00b0 FINESS ET en cat\u00e9gorie 355 : 93 000 030 2 \n \n3. Site hospitalier Robert Ballanger \u00e0 Aulnay-sous-Bois \nBoulevard Robert Ballanger 93600 AULNAY-SOUS-BOIS  \nSite pr\u00e9, analytique et post-analytique \nOuvert au public 24h/24  \nPratiquant les activit\u00e9s de biochimie (biochimie g\u00e9n\u00e9rale et sp\u00e9cialis\u00e9e), immunologie-\nh\u00e9matologie (h\u00e9matocytologie, h\u00e9mostase, immuno-h\u00e9matologie, allergie, auto-\nimmunit\u00e9) et microbiologie (bact\u00e9riologie, parasitologie-mycologie, s\u00e9rologie \ninfectieuse, virologie) \nN\u00b0 FINESS ET en cat\u00e9gorie 355 : 93 000 033 6  \n \n \nAgence R\u00e9gionale de Sant\u00e9 - IDF-2026-01-27-00022 - Acte de d\u00e9claration n\u00b0 DOS - 2026 / 592\nportant fonctionnement du laboratoire de biologie m\u00e9dicale commun du Groupement Hospitalier de Territoire Grand-Paris Nord-Est\nsis 10 rue du G\u00e9n\u00e9ral Leclerc 93370 MONTFERMEIL\n18\nREPUBLIQUEFRANCAISELibert\u00e9Egalit\u00e9Fraternit\u00e9\nAre > Agence R\u00e9gionale de Sant\u00e9\u00cele-de-France\n3 / 3 \n \n \n \n La liste des biologistes m\u00e9dicaux est la suivante : \n \n- Dr Marion CHALLIER, pharmacien, biologiste-responsable du laboratoire de biologie \nm\u00e9dicale commun  \n \nSite hospitalier Andr\u00e9 Gr\u00e9goire \u00e0 Montreuil : \n- Dr Marion CHALLIER, pharmacien biologiste, responsable du site  \n- Dr Raya HARICH, pharmacien biologiste                  \n- Dr Nelly BEAUHAIRE, pharmacien biologiste                                        \n- Dr Hela FEKIH, m\u00e9decin biologiste                           \n- Dr Yohan HABABOU, pharmacien biologiste                                          \n- Dr Ahmed ASHRIN, pharmacien biologiste                                           \n \nSite hospitalier Le Raincy Montfermeil \u00e0 Montfermeil : \n- Dr Mounia SLAOUI, pharmacien biologiste, responsable du site                                         \n- Dr Nawel AIT AMMAR, m\u00e9decin biologiste                   \n- Dr Anne DELAVAL PETIT, pharmacien biologiste                                   \n- Dr Alain GRENIER, pharmacien biologiste                                         \n- Dr Caroline JOUBREL-GUYOT, pharmacien biologiste                                           \n- Dr Fela HABBAK, pharmacien biologiste                                          \n \nSite hospitalier Robert Ballanger \u00e0 Aulnay-sous-Bois : \n- Dr Lydia MAISONNEUVE, m\u00e9decin biologiste, responsable du site                    \n- Dr Ang\u00e9lique CHAUVINEAU-GRENIER, pharmacien biologiste             \n- Dr Elodie COLLIN, pharmacien biologiste                        \n- Dr C\u00e9cile LEPRINCE, pharmacien biologiste                       \n- Dr Ang\u00e8le LI, pharmacien biologiste                            \n- D Mourad MERZOUK, pharmacien biologiste                       \n- Dr Huong Thi Ngoc PORCHERET, m\u00e9decin biologiste                      \n \n \nARTICLE 2e : \n \n \n \nUn recours contentieux contre le pr\u00e9sent acte de d\u00e9claration peut \u00eatre form\u00e9 aupr\u00e8s du tribunal \nadministratif comp\u00e9tent. Le d\u00e9lai de recours est de deux mois \u00e0 compter de sa notification pour \nles int\u00e9ress\u00e9s ou de sa publication pour les tiers. \n \nARTICLE 3e : Le directeur du P\u00f4le Efficience de l'Agence r\u00e9gionale de sant\u00e9 Ile-de-France est charg\u00e9 de \nl'ex\u00e9cution du pr\u00e9sent acte de d\u00e9claration qui sera publi\u00e9 au recueil des actes administratifs \nde la pr\u00e9fecture de la r\u00e9gion Ile-de-France. \nFait \u00e0 Saint-Denis, le 27 janvier 2026 \n \n \nPour le Directeur g\u00e9n\u00e9ral \nde l'Agence r\u00e9gionale de sant\u00e9  \nIle-de-France \n \nPar d\u00e9l\u00e9gation, \nLe directeur du P\u00f4le Efficience \n \n  \nFabien P\u00c9RUS \n \n \nAgence R\u00e9gionale de Sant\u00e9 - IDF-2026-01-27-00022 - Acte de d\u00e9claration n\u00b0 DOS - 2026 / 592\nportant fonctionnement du laboratoire de biologie m\u00e9dicale commun du Groupement Hospitalier de Territoire Grand-Paris Nord-Est\nsis 10 rue du G\u00e9n\u00e9ral Leclerc 93370 MONTFERMEIL\n19\nDirection r\u00e9gionale et interd\u00e9partementale de\nl'\u00e9conomie, de l'emploi, du travail et des\nsolidarit\u00e9s d'\u00cele-de-France\nIDF-2026-01-29-00002\nD\u00e9cision n\u00b0 2026-014 du 29 janvier 2026\nportant affectation des agents de contr\u00f4le dans\nles unit\u00e9s de contr\u00f4le et gestion des int\u00e9rims de\nl'Unit\u00e9 d\u00e9partementale des Hauts-de-Seine de la\nDRIEETS d'Ile-de-France\nDirection r\u00e9gionale et interd\u00e9partementale de l'\u00e9conomie, de l'emploi, du travail et des solidarit\u00e9s d'\u00cele-de-France -\nIDF-2026-01-29-00002 - D\u00e9cision n\u00b0 2026-014 du 29 janvier 2026\nportant affectation des agents de contr\u00f4le dans les unit\u00e9s de contr\u00f4le et gestion des int\u00e9rims de l'Unit\u00e9 d\u00e9partementale des\nHauts-de-Seine de la DRIEETS d'Ile-de-France\n20\nMINISTEREDU TRAVAILET DES SOLIDARITESLibert\u00e9Egalit\u00e9Fraternit\u00e9\n \nDRIEETS Ile-de-France  \n32 rue Jean Jaur\u00e8s  \n93200 SAINT-DENIS                                                                                                                                                                                                                                  1 / 6 \n  \nDirection r\u00e9gionale et interd\u00e9partementale \nde l'\u00e9conomie, de l'emploi, \ndu travail et des solidarit\u00e9s  \nd'Ile de France \n \n \n \n \n \nD\u00e9cision n\u00b0 2026-014 du 29 janvier 2026 \nportant affectation des agents de contr\u00f4le dans les unit\u00e9s de contr\u00f4le et gestion des int\u00e9rims \nde l'Unit\u00e9 d\u00e9partementale des Hauts-de-Seine de la DRIEETS d'Ile-de-France \n \n \nLe directeur r\u00e9gional et interd\u00e9partemental de l'\u00e9conomie, de l'emploi, du travail et des solidarit\u00e9s  d'Ile-\nde-France, \n \nVu le code du travail, notamment ses articles R 8122-1 et suivants.  \n \nVu l'arr\u00eat\u00e9 interminist\u00e9riel du 12 ao\u00fbt  2025 nommant Fabrice MASI directeur r\u00e9gional et \ninterd\u00e9partemental de l'\u00e9conomie, de l'emploi, du travail et des solidarit\u00e9s d'\u00cele -de-France \u00e0 compter du \n25 ao\u00fbt 2025, \n \nVu l'arr\u00eat\u00e9 minist\u00e9riel du 25 mars 2024 portant cr\u00e9ation et r\u00e9partition des unit\u00e9s de contr\u00f4le de \nl'inspection du travail,  \n \nVu la d\u00e9cision n\u00b0 2025-199 du 5 novembre 2025 du directeur r\u00e9gional et interd\u00e9partemental de l'\u00e9conomie, \nde l'emploi, du travail et des solidarit\u00e9s d'Ile de France relative \u00e0 la localisation et \u00e0 la d\u00e9limitation des \nunit\u00e9s de contr\u00f4le et des sections d'inspection du travail de l'unit\u00e9 d\u00e9partementale des Hauts -de-Seine. \n \nD\u00c9CIDE : \n \nARTICLE 1er  \n \nSont nomm\u00e9s comme responsables des unit\u00e9s de contr\u00f4le de l' unit\u00e9 d\u00e9partementale des Hauts-de-Seine \nles agents suivants : \n \n- Unit\u00e9 de contr\u00f4le n\u00b0 1 : Madame Adeline GAZZOLA, directrice adjointe du travail, par int\u00e9rim. \n \n- Unit\u00e9 de contr\u00f4le n\u00b0 2 : Monsieur William WYTS, directeur adjoint du travail. \n \n- Unit\u00e9 de contr\u00f4le n\u00b0 3 : Madame Sylvie GUINOT, directrice adjointe du travail.  \n \n- Unit\u00e9 de contr\u00f4le n\u00b0 4 : Madame Samya KAMALI, directrice adjoint du travail. \n \n- Unit\u00e9 de contr\u00f4le n\u00b0 5 : Madame Adeline GAZZOLA, directrice adjointe du travail. \n \n- Unit\u00e9 de contr\u00f4le n\u00b0 6 : Madame Lydia SAOULI, directrice adjointe du travail. \n \n- Unit\u00e9 de contr\u00f4le n\u00b0 7 : Madame Sylvie GUINOT, directrice adjointe du travail, par int\u00e9rim.  \n \n \nDirection r\u00e9gionale et interd\u00e9partementale de l'\u00e9conomie, de l'emploi, du travail et des solidarit\u00e9s d'\u00cele-de-France -\nIDF-2026-01-29-00002 - D\u00e9cision n\u00b0 2026-014 du 29 janvier 2026\nportant affectation des agents de contr\u00f4le dans les unit\u00e9s de contr\u00f4le et gestion des int\u00e9rims de l'Unit\u00e9 d\u00e9partementale des\nHauts-de-Seine de la DRIEETS d'Ile-de-France\n21\n \n2 / 6 \n \nARTICLE 2  \n \nSans pr\u00e9judice des dispositions de l'article R.8122-10 I du code du travail et conform\u00e9ment aux dispositions \nde l'article R.8122-11 du code du travail encadrant la r\u00e9partition organisationnelle des contr\u00f4les et juridique \nrelative aux d\u00e9cisions administratives et pouvoirs relevant de la comp\u00e9tence exclusive des inspecteurs du \ntravail dans les sections confi\u00e9es \u00e0 un contr\u00f4leur du travail, sont affect\u00e9s dans les sections d'inspection de \nl'unit\u00e9 d\u00e9partementale des Hauts-de-Seine les agents suivants : \n \nUnit\u00e9 de contr\u00f4le n\u00b0 1 \n \nSection 1-1 : Madame Val\u00e9rie LABATUT, inspectrice du travail.  \n \nSection 1-2 : Madame Delphine SARRASIN, inspectrice du travail. \n \nSection 1-3 : Madame Leslie SALATA, inspectrice du travail. \n \nSection 1- 4 : Monsieur Virigile GARSMEUR, inspecteur du travail.   \n \nSection 1-5 : Madame Christine ONNEE, inspectrice du travail. \n \nSection 1-6 : Madame Lisa ROUZIER, inspectrice du travail. \n \nSection 1-7 : Madame Lisa ROUZIER, inspectrice du travail, par int\u00e9rim.  \n \nSection 1-8 : Madame Suzanne BRUNELLI, inspectrice du travail. \n \nUnit\u00e9 de contr\u00f4le n\u00b0 2 \n \nSection 2-1 : Madame Caroline COLIN, inspectrice du travail. \n \nMadame Caroline COLIN  est \u00e9galement comp\u00e9tente pour le contr\u00f4le des \u00e9tablissements de transports \nroutiers situ\u00e9s 26, quai Charles Pasqua \u00e0 Levallois-Perret. \n \nSection 2-2 : Monsieur Timoth\u00e9e MASSON, inspecteur du travail. \n \nSection 2-3 : Monsieur Th\u00e9o NUGUES-SCHONFELD, inspecteur du travail. \n \nSection 2-4 : Monsieur Farouk DJEBARA, inspecteur du travail. \n \nSection 2-5 : Monsieur Timoth\u00e9e MASSON, inspecteur du travail, par int\u00e9rim. \n \nSection 2-6 : Monsieur Nolit DASYLVA, inspecteur du travail.  \n \nSection 2-7 : Monsieur William WYTS, Directeur adjoint du travail, par int\u00e9rim. \n \nSection 2-8 : Madame Marie-Agn\u00e8s YAPO, inspectrice du travail. \n \nSection 2-9 : Madame Marjorie CARO, inspectrice du travail.  \n \nSection 2-10 : Madame Manon DEMIGNE, inspectrice du travail. \n \nSection 2-11 : Monsieur Nosr-Eddine SEGHILI, inspecteur du travail. \nDirection r\u00e9gionale et interd\u00e9partementale de l'\u00e9conomie, de l'emploi, du travail et des solidarit\u00e9s d'\u00cele-de-France -\nIDF-2026-01-29-00002 - D\u00e9cision n\u00b0 2026-014 du 29 janvier 2026\nportant affectation des agents de contr\u00f4le dans les unit\u00e9s de contr\u00f4le et gestion des int\u00e9rims de l'Unit\u00e9 d\u00e9partementale des\nHauts-de-Seine de la DRIEETS d'Ile-de-France\n22\n \n3 / 6 \nSection 2-12 : Monsieur Youssef CHEHADY, inspecteur du travail. \n \nUnit\u00e9 de contr\u00f4le n\u00b0 3 \n \nSection 3-1 : Madame St\u00e9phanie QUECHON, inspectrice du travail. \n \nSection 3-2 : Madame Ouarda SAOULA, inspectrice du travail. \n \nSection 3-3 : Monsieur Ronan LE VERGE, inspecteur du travail. \n \nSection 3-4 : Monsieur Guillaume THENOZ, inspecteur du travail. \n \nSection 3-5 : Monsieur Simon MAES, inspecteur du travail. \n \nSection 3-6 : Madame Sylvie BOBIN, inspectrice du travail.  \n \nSection 3-7 : Madame St\u00e9phanie HUDE, inspectrice du travail.  \n \nSection 3-8 : Monsieur Fr\u00e9d\u00e9ric PICARD, inspecteur du travail. \n \nSection 3-9 : Monsieur Philippe GARNEAU, contr\u00f4leur du travail. \n \nMonsieur Simon MAES , inspecteur du travail, est charg\u00e9 du contr\u00f4le des \u00e9tablissements d'au moins 50 \nsalari\u00e9s. \nIl est en outre comp\u00e9tent sur cette section pour prendre les d\u00e9cisions relevant de la comp\u00e9tence exclusive \nde l'inspecteur du travail en vertu de dispositions l\u00e9gislatives ou r\u00e9glementaires.  \n \nSection 3-10 : Monsieur Fr\u00e9d\u00e9ric PICARD, inspecteur du travail, par int\u00e9rim. \n \nSection 3-11 : Monsieur Ronan LE VERGE, inspecteur du travail, par int\u00e9rim. \n \nSection 3-12 : Monsieur Gaspard CHEVRIER, inspecteur du travail. \n \nUnit\u00e9 de contr\u00f4le n\u00b0 4 \n \nSection 4-1 : Monsieur Beno\u00eet GOUEL, inspecteur du travail, par int\u00e9rim.  \n \nSection 4-2 : Madame B\u00e9n\u00e9dicte MALAVASI, inspectrice du travail. \n \nSection 4-3 : Monsieur Mathieu DUCELIER, inspecteur du travail. \n \nSection 4-4 : Madame B\u00e9n\u00e9dicte MALAVASI, inspectrice du travail, par int\u00e9rim. \n \nSection 4-5 : Madame Martine JULAUD, inspectrice du travail.  \n \nSection 4-6 : Monsieur Mathieu DUCELIER, inspecteur du travail, par int\u00e9rim. \n \nSection 4 -7 : Madame Anna TCHADJA -ADJE, inspect rice du travail . En cas d'emp\u00eachement, Monsieur \nSimon MAUGER. \n \nSection 4-8 : Monsieur Simon MAUGER, inspecteur du travail. \n \nSection 4-9 : Madame In\u00e8s WERTHEIMER, inspectrice du travail. \nDirection r\u00e9gionale et interd\u00e9partementale de l'\u00e9conomie, de l'emploi, du travail et des solidarit\u00e9s d'\u00cele-de-France -\nIDF-2026-01-29-00002 - D\u00e9cision n\u00b0 2026-014 du 29 janvier 2026\nportant affectation des agents de contr\u00f4le dans les unit\u00e9s de contr\u00f4le et gestion des int\u00e9rims de l'Unit\u00e9 d\u00e9partementale des\nHauts-de-Seine de la DRIEETS d'Ile-de-France\n23\n \n4 / 6 \n \nSection 4-10 : Monsieur Beno\u00eet GOUEL, inspecteur du travail.  \n \nSection 4-11 : Madame Aur\u00e9lie LEHOUX, inspectrice du travail. \n \nSection 4-12 : Monsieur Richard BOUDET, inspecteur du travail. \n \nSection 4-13 : Monsieur Richard BOUDET, inspecteur du travail, par int\u00e9rim. \n \nUnit\u00e9 de contr\u00f4le n\u00b0 5 \n \nSection 5-1 : Monsieur St\u00e9phane GRIMALDI, inspecteur du travail.  \n \nSection 5-2 : Monsieur Benoit CHOPPIN, inspecteur du travail.  \n \nSection 5-3 : Madame Anne BOULANGER, inspectrice du travail.  \n \nSection 5 -4 : Madame Alexia JOUZEL , inspectr ice du travail.  En cas d'emp\u00eachement, Madame Camille \nLARBANET MONTUSCLAT. \n \nSection 5-5 : Monsieur David BLOYS, contr\u00f4leur du travail. \n \nMonsieur Youssef CHEHADY, inspecteur du travail, est charg\u00e9 du contr\u00f4le des \u00e9tablissements d'au moins \n50 salari\u00e9s. \nIl est en outre comp\u00e9tent sur cette section pour prendre les d\u00e9cisions relevant de la comp\u00e9tence exclusive \nde l'inspecteur du travail en vertu de dispositions l\u00e9gislatives ou r\u00e9glementaires, par int\u00e9rim.  \n \nSection 5-6 : Monsieur David BLOYS contr\u00f4leur du travail, par int\u00e9rim.  \n \nMonsieur Beno\u00eet CHOPPIN , inspecteur du travail, est charg\u00e9e du contr\u00f4le des \u00e9tablissements d'au moins \n50 salari\u00e9s. \nIl est en outre comp\u00e9tent sur cette section pour prendre les d\u00e9cisions relevant de la comp\u00e9tence exclusive \nde l'inspecteur du travail en vertu de dispositions l\u00e9gislatives ou r\u00e9glementaires, par int\u00e9rim.  \n \nSection 5-7 : Madame Audrey RAMASAWMY, contr\u00f4leur du travail.  Madame Audrey RAMASAWMY est en \noutre comp\u00e9tente pour les chantiers de la section 5-1. \n \nMadame Anne-V\u00e9ronique PENSEREAU, inspectrice du travail, est charg\u00e9e du contr\u00f4le des \u00e9tablissements \nd'au moins 50 salari\u00e9s. \nElle est en outre comp\u00e9tente sur cette section pour prendre, les d\u00e9cisions relevant de la comp\u00e9tence \nexclusive de l'inspecteur du travail en vertu de dispositions l\u00e9gislatives ou r\u00e9glementaires.  \n \nSection 5-8 : Madame Anne-V\u00e9ronique PENSEREAU, inspectrice du travail. \n \nSection 5-9 : Madame Francine LAURENT, inspectrice du travail. \n \nSection 5-10 : Madame Camille LARBANET-MONTUSCLAT, inspectrice du travail. \n \nSection 5-11 : Madame Francine LAURENT, inspectrice du travail, par int\u00e9rim. \n \nUnit\u00e9 de contr\u00f4le n\u00b0 6 \n \nSection 6-1 : Monsieur Gilles FERNANDES, inspecteur du travail, par int\u00e9rim. \nDirection r\u00e9gionale et interd\u00e9partementale de l'\u00e9conomie, de l'emploi, du travail et des solidarit\u00e9s d'\u00cele-de-France -\nIDF-2026-01-29-00002 - D\u00e9cision n\u00b0 2026-014 du 29 janvier 2026\nportant affectation des agents de contr\u00f4le dans les unit\u00e9s de contr\u00f4le et gestion des int\u00e9rims de l'Unit\u00e9 d\u00e9partementale des\nHauts-de-Seine de la DRIEETS d'Ile-de-France\n24\n \n5 / 6 \n \nSection 6-2 : Madame Audrey COLLOBERT-MASSA, inspectrice du travail. \n \nSection 6-3 : Madame Laure BONDUELLE, inspectrice du travail. \n \nSection 6-4 : Madame Laurence LEPROVOST, inspectrice du travail \n \nSection 6-5 : Madame Laure BONDUELLE, inspectrice du travail, par int\u00e9rim. \n \nSection 6-6 : Monsieur William RICHETON, inspecteur du travail.  En cas d'emp\u00eachement, Monsieur Farid \nOUNISSI, inspecteur du travail. \n \nSection 6-7 : Monsieur Farid OUNISSI, inspecteur du travail. \n \nSection 6-8 : Monsieur Gilles FERNANDES, inspecteur du travail. \n \nSection 6-9 : Monsieur Hubert GOURDET, inspecteur du travail.  \n \nUnit\u00e9 de contr\u00f4le n\u00b0 7 \n \nSection 7-1 : Madame Soizic DUPIRE, inspectrice du travail.  \n \nSection 7-2 : Madame Lise FRIQUET, inspectrice du travail. \n \nSection 7-3 : Madame Anne Charlotte BONNEFONT, inspectrice du travail.  \n \nSection 7-4 : Madame Oc\u00e9ane DELATTRE, inspectrice du travail. \n \nSection 7-5 : Monsieur Jean-Fran\u00e7ois GOS, inspecteur du travail. \n \nSection 7-6 : Madame Sophie ALGALARRONDO, inspectrice du travail. \n \nSection 7-7 : Monsieur Ludovic FOLY, inspecteur du travail. \n \nSection 7-8 : Monsieur Norbert MAHON, inspecteur du travail.  \n \nSection 7-9 : Madame M\u00e9lina SIERRA, inspectrice du travail.  \n \nARTICLE 3 \n \nEn cas d'absence ou d'emp\u00eachement d'un directeur adjoint du travail, d'un inspecteur ou contr\u00f4leur du \ntravail charg\u00e9 des actions d'inspection de la l\u00e9gislation du travail dans les sections d'inspection du travail \nen application de l'article 2, l'int\u00e9rim est organis\u00e9 selon les modalit\u00e9s ci-apr\u00e8s : \n \n- Int\u00e9rim des directeurs-adjoints du travail et des inspecteurs du travail : \n \nL'int\u00e9rim d'un directeur -adjoint du travail ou d'un inspecteur du travail absent ou emp\u00each\u00e9 sera \nprioritairement assur\u00e9 par un inspecteur du travail charg\u00e9 des actions d'inspection de la l\u00e9gislation du \ntravail dans les sections d'inspection du travail, en application de l'article 2, \u00e0 d\u00e9faut  par un responsable \nd'unit\u00e9 de contr\u00f4le d\u00e9sign\u00e9 \u00e0 l'article 1 et le cas \u00e9ch\u00e9ant par un contr\u00f4leur du travail, tous deux charg\u00e9s \ndes actions d'inspection de la l\u00e9gislation du travail dans les sections d'inspection du travail, en application \nde l'article 2 pour les \u00e9tablissements de moins de 50 salari\u00e9s. \n \nDirection r\u00e9gionale et interd\u00e9partementale de l'\u00e9conomie, de l'emploi, du travail et des solidarit\u00e9s d'\u00cele-de-France -\nIDF-2026-01-29-00002 - D\u00e9cision n\u00b0 2026-014 du 29 janvier 2026\nportant affectation des agents de contr\u00f4le dans les unit\u00e9s de contr\u00f4le et gestion des int\u00e9rims de l'Unit\u00e9 d\u00e9partementale des\nHauts-de-Seine de la DRIEETS d'Ile-de-France\n25\n \n6 / 6 \n- Int\u00e9rim des contr\u00f4leurs du travail : \n \nL'int\u00e9rim d'un contr\u00f4leur du travail absent ou emp\u00each\u00e9 sera assur\u00e9 par un inspecteur du travail ou un \ncontr\u00f4leur du travail charg\u00e9 des actions d'inspection de la l\u00e9gislation du travail dans les sections \nd'inspection du travail, en application de l'article 2. Lorsque l'int\u00e9rim est assur\u00e9 par un contr\u00f4leur du travail, \nles pouvoirs de d\u00e9cision administrative relevant de la comp\u00e9tence exclusive d'un inspecteur du travail sont \nconfi\u00e9s \u00e0 un inspecteur du travail charg\u00e9 des actions d'inspection de la l\u00e9gislation du travail dans les \nsections d'inspection du travail en application de l'article 2 ou \u00e0 un responsable d'unit\u00e9 de contr\u00f4le d\u00e9sign\u00e9 \n\u00e0 l'article 1, auxquels le contr\u00f4le des \u00e9tablissements de plus de 50 salari\u00e9s peut \u00eatre confi\u00e9. \n \nARTICLE 4  \n \nEn cas d'absence ou d'emp\u00eachement d'un des responsables d'unit\u00e9 de contr\u00f4le d\u00e9sign\u00e9s \u00e0 l'article 1, \nl'int\u00e9rim est confi\u00e9 prioritairement \u00e0 un autre responsable d'unit\u00e9 de contr\u00f4le d\u00e9sign\u00e9s \u00e0 l'article 1, \u00e0 d\u00e9faut \n\u00e0 Monsieur J\u00e9r\u00f4me SAJOT, directeur du travail. \n \nARTICLE 5  \n \nConform\u00e9ment aux dispositions de l'article R.8122-10 du code du travail, les agents mentionn\u00e9s aux articles \n1 et 2 participent, lorsque l'action le rend n\u00e9cessaire, aux actions d'inspection de la l\u00e9gislation du travail \nsur le territoire de l'Unit\u00e9 d\u00e9partem entale de la DRIEETS \u00e0 laquelle est rattach\u00e9e l'unit\u00e9 de contr\u00f4le o\u00f9 ils \nsont affect\u00e9s. \n \nARTICLE 6 \n \nLa pr\u00e9sente d\u00e9cision prend effet \u00e0 la date du 2 f\u00e9vrier 2026 et abroge la d\u00e9cision n\u00b0 2026-001 du 07 janvier \n2026 portant affectation des agents de contr\u00f4le dans les unit\u00e9s de contr\u00f4le et gestion des  int\u00e9rims de \nl'unit\u00e9 d\u00e9partementale des Hauts-de-Seine de la DRIEETS d'Ile-de-France. \n \nARTICLE 7 \n \nLe directeur r\u00e9gional et interd\u00e9partemental de l'\u00e9conomie, de l'emploi, du travail et des solidarit\u00e9s d'Ile -\nde-France est charg\u00e9 de l'application de la pr\u00e9sente d\u00e9cision, qui sera publi\u00e9e au recueil des actes \nadministratifs de la r\u00e9gion Ile-de-France.  \n \n \n \nFait \u00e0 Saint-Denis, le 29 janvier 2026 \nLe directeur r\u00e9gional et interd\u00e9partemental de \nl'\u00e9conomie, de l'emploi, du travail et des solidarit\u00e9s, \n \n \nSIGN\u00c9 \n \nFabrice MASI \nDirection r\u00e9gionale et interd\u00e9partementale de l'\u00e9conomie, de l'emploi, du travail et des solidarit\u00e9s d'\u00cele-de-France -\nIDF-2026-01-29-00002 - D\u00e9cision n\u00b0 2026-014 du 29 janvier 2026\nportant affectation des agents de contr\u00f4le dans les unit\u00e9s de contr\u00f4le et gestion des int\u00e9rims de l'Unit\u00e9 d\u00e9partementale des\nHauts-de-Seine de la DRIEETS d'Ile-de-France\n26\nPr\u00e9fecture de la R\u00e9gion d'Ile de France,\nPr\u00e9fecture de Paris \nIDF-2026-01-29-00001\nArr\u00eat\u00e9 pr\u00e9fectoral modifiant n\u00b0\nIDF-2025-01-22-00002 portant renouvellement\nde la composition CCA de Cr\u00e9teil \nPr\u00e9fecture de la R\u00e9gion d'Ile de France, Pr\u00e9fecture de Paris  - IDF-2026-01-29-00001 - Arr\u00eat\u00e9 pr\u00e9fectoral modifiant n\u00b0\nIDF-2025-01-22-00002 portant renouvellement de la composition CCA de Cr\u00e9teil 27\nCabinet\nService de la coordination des affaires parisiennes\nBureau des \u00e9lections, du m\u00e9c\u00e9nat et de la r\u00e9glementation \u00e9conomique\nArr\u00eat\u00e9 pr\u00e9fectoral n\u00b0\nmodifiant l'arr\u00eat\u00e9 n\u00b0 IDF-2025-01-22-00002 portant renouvellement de la composition de la\ncommission de concertation charg\u00e9e de donner un avis sur les questions relatives aux contrats\npass\u00e9s avec les \u00e9tablissements d'enseignement priv\u00e9s de l'acad\u00e9mie de Cr\u00e9teil\nLe pr\u00e9fet de la r\u00e9gion d'\u00cele-de-France,\nPr\u00e9fet de Paris,\nGrand Officier de la L\u00e9gion d'honneur,\nOfficier de l'ordre national du M\u00e9rite\nVu le code de l'\u00e9ducation et notamment les articles  L. 442-10, L. 442-11 et R. 442-63 et\nsuivants,\nVu la circulaire du ministre de l'\u00e9ducation nationa le et du ministre de l'int\u00e9rieur et de la\nd\u00e9centralisation du 9 d\u00e9cembre 1985 relative \u00e0 la m ise en place des commissions de\nconcertation,\nVu la circulaire interminist\u00e9rielle du 13 juillet 1990 relative au renouvellement des commissions\nde concertation,\nVu l'arr\u00eat\u00e9 pr\u00e9fectoral n\u00b0 IDF-2025-01-22-00002 du 22 janvier 2025 modifi\u00e9, portant\nrenouvellement de la commission de concertation cha rg\u00e9e de donner un avis sur les\nquestions relatives aux contrats pass\u00e9s avec les \u00e9t ablissements d'enseignement priv\u00e9s de\nl'acad\u00e9mie de Cr\u00e9teil,\nVu les propositions de la rectrice de l'acad\u00e9mie de Cr\u00e9teil ;\nSur proposition de la pr\u00e9f\u00e8te, secr\u00e9taire g\u00e9n\u00e9rale aux politiques publiques de la pr\u00e9fecture de\nr\u00e9gion d'\u00eele-de-France, pr\u00e9fecture de paris\u00a0;\ncourriel : pr\u00e9f-elections@paris.gouv.fr \u2013 site internet : www.ile-de-france.gouv.fr\n5 rue Leblanc 75911 PARIS cedex 15 T\u00e9l. : 01.82.52.40.00\nPr\u00e9fecture de la R\u00e9gion d'Ile de France, Pr\u00e9fecture de Paris  - IDF-2026-01-29-00001 - Arr\u00eat\u00e9 pr\u00e9fectoral modifiant n\u00b0\nIDF-2025-01-22-00002 portant renouvellement de la composition CCA de Cr\u00e9teil 28\nARRETE :\nArticler 1er\nL'article 1 de l'arr\u00eat\u00e9 n\u00b0 IDF-2025-01-22-00002 du 22 janvier 2025 est modifi\u00e9 comme suit\u00a0:\nI- AU TITRE DES PERSONNES D\u00c9SIGN\u00c9ES PAR L'\u00c9TAT\nc) \u2013 Quatre repr\u00e9sentants des services acad\u00e9miques\nEn qualit\u00e9 de titulaires\nEn qualit\u00e9 de suppl\u00e9ants\nMonsieur Pascal FOURESTIER\nInspecteur d'acad\u00e9mie \u2013 directeur acad\u00e9mique\nadjoint des services de l'\u00e9ducation nationale \nde Seine-Saint-Denis\nFlorent AUCOURIER\nInspecteur d'acad\u00e9mie - directeur \nacad\u00e9mique adjoint des services de \nl'\u00e9ducation nationale de Seine-Saint-Denis\nMonsieur Benjamin ROYANNEZ\nInspecteur d'acad\u00e9mie - directeur acad\u00e9mique \nadjoint des services de l'\u00e9ducation nationale \nde Seine-et-Marne\nMadame Christele GUYONNET\nSecr\u00e9taire G\u00e9n\u00e9rale de la direction des \nservices d\u00e9partementaux de l'\u00c9ducation \nnationale de Seine-et-Marne\nd) \u2013 Trois personnalit\u00e9s qualifi\u00e9es\nEn qualit\u00e9 de titulaires\nEn qualit\u00e9 de suppl\u00e9ants\nMadame C\u00e9cile NICOL\nDirectrice r\u00e9gionale acad\u00e9mique \u00e0 la\nJeunesse, \u00e0 l'engagement et aux sports\nd'Ile de France\nMadame Alexandra NO\u00cbL\nD\u00e9l\u00e9gu\u00e9e r\u00e9gionale acad\u00e9mique adjointe \u00e0 la\njeunesse, \u00e0 l'engagement et aux sports\nMonsieur Jean PHALIAH\nCoordinateur territorial de Seine-Saint-Denis\nMadame Amandine OUDART\nDirectrice R\u00e9gionale\ncourriel : pr\u00e9f-elections@paris.gouv.fr \u2013 site internet : www.ile-de-france.gouv.fr\n5 rue Leblanc 75911 PARIS cedex 15 T\u00e9l. : 01.82.52.40.00\n2\nPr\u00e9fecture de la R\u00e9gion d'Ile de France, Pr\u00e9fecture de Paris  - IDF-2026-01-29-00001 - Arr\u00eat\u00e9 pr\u00e9fectoral modifiant n\u00b0\nIDF-2025-01-22-00002 portant renouvellement de la composition CCA de Cr\u00e9teil 29\nArticle 2\nL'article 2 de l'arr\u00eat\u00e9 n\u00b0 IDF-2025-01-22-00002 du 22 janvier 2025 est modifi\u00e9 comme suit\u00a0:\nAU TITRE DES REPR\u00c9SENTANTS DES \u00c9TABLISSEMENTS D'ENSEIGNEMENT PRIV\u00c9S\na)- Chefs d'\u00e9tablissement d'enseignement priv\u00e9\nEn qualit\u00e9 de titulaires\nEn qualit\u00e9 de suppl\u00e9ants\nMonsieur Jean-Marc FIZAINE\nRepr\u00e9sentant(e) des directeurs\nMonsieur Marc DELASTRE\nRepr\u00e9sentant(e) des directeurs\nMadame Marie-Georges ROCTON-SCHULTZ\nRepr\u00e9sentante des directeurs\nMadame Pascaline LONGUET\nRepr\u00e9sentant(e) des directeurs\nLe reste demeure sans changement.\nArticle 3\nLa pr\u00e9f\u00e8te, directrice de cabinet du pr\u00e9fet de la r \u00e9gion d'\u00cele-de-France, pr\u00e9fet de Paris et la\nrectrice de l'acad\u00e9mie de Cr\u00e9teil, sont charg\u00e9s, ch acun en ce qui le concerne, de l'ex\u00e9cution\ndu pr\u00e9sent arr\u00eat\u00e9 qui sera publi\u00e9 au recueil des ac tes administratifs de la pr\u00e9fecture de la\nr\u00e9gion d'\u00cele-de-France, pr\u00e9fecture de Paris.\nFait \u00e0 Paris, le\nLe pr\u00e9fet de R\u00e9gion \u00cele-de-France,\nPr\u00e9fet de paris\nSign\u00e9\nMarc GUILLAUME\ncourriel : pr\u00e9f-elections@paris.gouv.fr \u2013 site internet : www.ile-de-france.gouv.fr\n5 rue Leblanc 75911 PARIS cedex 15 T\u00e9l. : 01.82.52.40.00\n3\nPr\u00e9fecture de la R\u00e9gion d'Ile de France, Pr\u00e9fecture de Paris  - IDF-2026-01-29-00001 - Arr\u00eat\u00e9 pr\u00e9fectoral modifiant n\u00b0\nIDF-2025-01-22-00002 portant renouvellement de la composition CCA de Cr\u00e9teil 30","date":"2026-01-29","first_seen_on":"2026-01-29T18:20:21+00:00","id":"855e9e631c3e7dddb8a00832aaf69e6ebfa1d56b3309e825938b24626c5b89b4","name":"recueil-idf-056-2026-01-RAA-nominatifs du 29.01.2026","pdf_creation_date":"2026-01-29T15:55:41+00:00","pdf_modification_date":null,"timezone":"Europe/Paris","url":"https://www.prefectures-regions.gouv.fr/ile-de-france/irecontenu/telechargement/135051/988837/file/recueil-idf-056-2026-01-RAA-nominatifs%20du%2029.01.2026.pdf"}
