{"administration":"pref75","administration_name":"Pr\u00e9fecture de Paris","content":"PREFECTURE\nDE PARIS\nRECUEIL DES ACTES\nADMINISTRATIFS SP\u00c9CIAL\nN\u00b075-2026-234\nPUBLI\u00c9 LE 22 AVRIL 2026\nSommaire\nAgence R\u00e9gionale de Sant\u00e9 d'Ile-de-France / D\u00e9l\u00e9gation\nD\u00e9partementale de Paris\n75-2026-04-21-00007 - D\u00e9cision n\u00b0DSP-SE-2026-2104-01 ouvrant un\nappel \u00e0 candidatures pour la d\u00e9signation d'hydrog\u00e9ologues\nagr\u00e9\u00e9s en\nmati\u00e8re d'hygi\u00e8ne publique (2 pages) Page 4\nDirection r\u00e9gionale et interd\u00e9partementale de l'h\u00e9bergement et du\nlogement / Unit\u00e9 d\u00e9partementale de  Paris\n75-2026-04-22-00002 - Arr\u00eat\u00e9 n\u00b0 :\nportant agr\u00e9ment de\nl'Association les OEuvres de la Mie de Pain au titre de\nl'interm\u00e9diation locative et gestion locative sociale (2 pages) Page 7\n75-2026-04-22-00009 - Arr\u00eat\u00e9 n\u00b0\u00a0:\nportant agr\u00e9ment de\nl'Association les OEuvres de la Mie de Pain au titre de l'ing\u00e9nierie\nsociale, financi\u00e8re et technique. (2 pages) Page 10\n75-2026-04-22-00005 - Arr\u00eat\u00e9 n\u00b0\u00a0:\nportant agr\u00e9ment de\nl'Association Sauvegarde de l'Adolescence au titre de\nl'ing\u00e9nierie sociale, financi\u00e8re et technique. (2 pages) Page 13\n75-2026-04-22-00004 - Arr\u00eat\u00e9 n\u00b0\u00a0:\nportant agr\u00e9ment de\nl'Association Sauvegarde de l'Adolescence au titre de\nl'interm\u00e9diation locative et gestion locative sociale. (2 pages) Page 16\nPr\u00e9fecture de Police / Cabinet\n75-2026-04-20-00014 - Arr\u00eat\u00e9 2026-00437 du 20  avril 2026 autorisant la\ncaptation, l'enregistrement et la transmission d'images au moyen\nd'une cam\u00e9ra install\u00e9e sur des a\u00e9ronefs dans le Val-de-Marne (94)\nles 21 et 22 avril 2026 (4 pages) Page 19\n75-2026-04-22-00001 - Arr\u00eat\u00e9 2026-00451 du 22 avril 2026  autorisant la\ncaptation, l'enregistrement et la transmission d'images au moyen\nd'une cam\u00e9ra install\u00e9e sur des a\u00e9ronefs en Seine-Saint-Denis (93)\nle 24 avril 2026 (5 pages) Page 24\n75-2026-04-22-00008 - Arr\u00eat\u00e9 n\u00b0 2026-00452 modifiant provisoirement\nle stationnement et la circulation dans plusieurs voies de Paris 16\u00e8me et\nde Boulogne-Billancourt \u00e0 l'occasion de la rencontre de football entre\nles \u00e9quipes du Paris Football Club et du Lille Olympique Sporting Club le\n26 avril 2026 (5 pages) Page 30\n75-2026-04-22-00006 - Arr\u00eat\u00e9 n\u00b02026-00454 instituant un\np\u00e9rim\u00e8tre de protection et diff\u00e9rentes mesures de police \u00e0\nl'occasion de la 31\u00e8me journ\u00e9e du championnat de France de\nfootball de Ligue 1 au stade Jean Bouin le dimanche 26 avril 2026 (6 pages) Page 36\n2\n75-2026-04-22-00007 - Arr\u00eat\u00e9 n\u00b02026-00455 autorisant la captation,\nl'enregistrement et la transmission d'images au moyen de cam\u00e9ras\ninstall\u00e9es sur des a\u00e9ronefs \u00e0 l'occasion de la 31\u00e8me journ\u00e9e du\nchampionnat de France de football de Ligue 1 au stade Jean Bouin le\ndimanche 26 avril 2026 (5 pages) Page 43\n75-2026-04-22-00010 - Arr\u00eat\u00e9 n\u00b02026-00457 modifiant provisoirement\nle stationnement dans certaines voies des arrondissements \u00e0 Paris Centre,\n10\u00e8me , 11\u00e8me et 12\u00e8me \u00e0 l'occasion de la manifestation\nrevendicative du 1er mai 2026\n (6 pages) Page 49\n3\nAgence R\u00e9gionale de Sant\u00e9 d'Ile-de-France\n75-2026-04-21-00007\nD\u00e9cision n\u00b0DSP-SE-2026-2104-01 ouvrant un\nappel \u00e0 candidatures pour la d\u00e9signation\nd'hydrog\u00e9ologues agr\u00e9\u00e9s en\nmati\u00e8re d'hygi\u00e8ne publique\nAgence R\u00e9gionale de Sant\u00e9 d'Ile-de-France - 75-2026-04-21-00007 - D\u00e9cision n\u00b0DSP-SE-2026-2104-01 ouvrant un appel \u00e0 candidatures\npour la d\u00e9signation d'hydrog\u00e9ologues agr\u00e9\u00e9s en\nmati\u00e8re d'hygi\u00e8ne publique\n4\nREPUBLIQUEFRANCAISELibert\u00e9Egalit\u00e9Fraternit\u00e9\n\u00a9 \u00bb Agence R\u00e9gionale de Sant\u00e9Ile-de-France\n \n   \n \n \n \n \n \nAGENCE R\u00c9GIONALE DE SANT\u00c9 \u00ceLE-DE-FRANCE \nD\u00c9CISION n\u00b0 DSP-SE-2026-2104-01 \nOuvrant un appel \u00e0 candidatures pour la d\u00e9signation d'hydrog\u00e9ologues agr\u00e9\u00e9s en \nmati\u00e8re d'hygi\u00e8ne publique \n \nLE DIRECTEUR G\u00c9N\u00c9RAL DE L'AGENCE R\u00c9GIONALE DE SANT\u00c9 \u00ceLE-DE-FRANCE \n \n \nVU le code de la sant\u00e9 publique, et notamment la partie l\u00e9gislative : s\u00e9curit\u00e9 sanitaire des eaux et \ndes aliments, articles L 1321.2 \u00e0 L 1321.14 ; \n \nVU le d\u00e9cret n\u00b0 2010-336 du 31 mars 2010 portant cr\u00e9ation des agences r\u00e9gionales de sant\u00e9 ; \n \nVU \n \n \nVU \n \n \nVU \n \n \n \nVU \nle d\u00e9cret du 10 avril 2024 portant nomination de Monsieur Denis ROBIN, Directeur g\u00e9n\u00e9ral de \nl'Agence r\u00e9gionale de sant\u00e9 Ile-de-France \u00e0 compter du 29 avril 2024 ; \n \nl'arr\u00eat\u00e9 n\u00b0 DS N\u00b0 N\u00b0012/2026  portant d\u00e9l\u00e9gation de signature \u00e0 Monsieur J\u00e9r\u00f4me FOUCAUD, \nDirecteur de la sant\u00e9 publique, \u00e0 effet de signer tous les actes relevant de sa direction  ;  \n \nl'arr\u00eat\u00e9 du ministre du travail, de l'emploi et de la sant\u00e9 en date du 15 mars 2011 relatif aux  \nmodalit\u00e9s d'agr\u00e9ment, de d\u00e9signation et de consultation des hydrog\u00e9ologues agr\u00e9\u00e9s en \nmati\u00e8re d'hygi\u00e8ne publique ;  \n \nla d\u00e9cision n\u00b0 DSP -SE-2021-72 \u00e9tablissant la liste des hydrog\u00e9ologues agr\u00e9\u00e9s au titre de \nl'hygi\u00e8ne publique dans les d\u00e9partements d'\u00cele -de-France, des coordonnateurs \nd\u00e9partementaux et de leurs suppl\u00e9ants \u00e9ventuels ;  \n \n \n \n \nD\u00c9CIDE \n \n \nARTICLE 1er : L'appel \u00e0 candidatures pour la d\u00e9signation des hydrog\u00e9ologues agr\u00e9\u00e9s en mati\u00e8re \nd'hygi\u00e8ne publique dans chacun des huit d\u00e9partements de la r\u00e9gion \u00cele-de-France est \nd\u00e9clar\u00e9 ouvert \u00e0 partir du 27 avril 2026 et sera clos le 17 mai 2026.  \n \n  \nARTICLE 2 : \n \n \n \n \n \n \n \nL'agr\u00e9ment d'hydrog\u00e9ologue en mati\u00e8re d'hygi\u00e8ne publique peut \u00eatre accord\u00e9 \u00e0 toute \npersonne pr\u00e9sentant les dipl\u00f4mes et une exp\u00e9rience suffisante en mati\u00e8re de \ng\u00e9ologie et d'hydrog\u00e9ologie.  \nL'agr\u00e9ment d'hydrog\u00e9ologue en mati\u00e8re d'hygi\u00e8ne publique ne peut \u00eatre accord\u00e9 :  \n- dans le d\u00e9partement o\u00f9 ils exercent leurs fonctions, pour les hydrog\u00e9ologues \nagents des services d\u00e9partementaux et r\u00e9gionaux de l'Etat ou exer\u00e7ant pour un \nconseil d\u00e9partemental ou r\u00e9gional,  \n- dans les d\u00e9partements situ\u00e9s en tout ou en partie \u00e0 l'int\u00e9rieur de la zone de \nAgence R\u00e9gionale de Sant\u00e9 d'Ile-de-France - 75-2026-04-21-00007 - D\u00e9cision n\u00b0DSP-SE-2026-2104-01 ouvrant un appel \u00e0 candidatures\npour la d\u00e9signation d'hydrog\u00e9ologues agr\u00e9\u00e9s en\nmati\u00e8re d'hygi\u00e8ne publique\n5\nSigne\n   \n \n2 \n \n \n \n \n \n \n \nARTICLE 3 : \n \n \n \nARTICLE 4 : \n \n \n \n \nARTICLE 5 : \ncomp\u00e9tence de l'agence de l'eau, pour les hydrog\u00e9ologues exer\u00e7ant dans une \nagence de l'eau,  \n- dans un d\u00e9partement o\u00f9 intervient leur organisme, pour les hydrog\u00e9ologues \nexer\u00e7ant leur activit\u00e9 principale au sein d'un organisme de production ou de \ndistribution d'eau.  \n \nLe dossier de demande d'agr\u00e9ment peut \u00eatre t\u00e9l\u00e9charg\u00e9 sur le site de l'Agence \nr\u00e9gionale de sant\u00e9 Ile-de-France \u00e0 l'adresse suivante : \nhttps://www.iledefrance.ars.sante.fr/liste-appels-projet-candidature \n \nLe dossier de demande d'agr\u00e9ment (acte de candidature, dossier d'information et \ncharte d\u00fbment compl\u00e9t\u00e9s) devra \u00eatre adress\u00e9 par voie \u00e9lectronique (documents sign\u00e9s \npar le candidat puis num\u00e9ris\u00e9s avant envoi) \u00e0 david.lepine@ars.sante.fr et ARS-IDF-\nSE@ars.sante.fr Un accus\u00e9 de r\u00e9ception sera envoy\u00e9 par la m\u00eame voie au candidat. \n \nLe directeur g\u00e9n\u00e9ral de l'Agence r\u00e9gionale de sant\u00e9 Ile -de-France est charg\u00e9 de \nl'ex\u00e9cution de la pr\u00e9sente d\u00e9cision, qui sera publi\u00e9e au recueil des actes administratifs \nde chacun des huit d\u00e9partements \u00cele-de-France. \n \n \n \n \nFait \u00e0 Saint-Denis, le 21/04/2026 \n \nLe Directeur g\u00e9n\u00e9ral  \nde l'Agence r\u00e9gionale de sant\u00e9 \n\u00cele-de-France \n \n \nPar d\u00e9l\u00e9gation, \nLe Directeur de la Sant\u00e9 publique \n \n \n \n \n \nJ\u00e9r\u00f4me FOUCAUD \n \n \n \n \n \n \n \n \n \n \n \n \n \n  \nAgence R\u00e9gionale de Sant\u00e9 d'Ile-de-France - 75-2026-04-21-00007 - D\u00e9cision n\u00b0DSP-SE-2026-2104-01 ouvrant un appel \u00e0 candidatures\npour la d\u00e9signation d'hydrog\u00e9ologues agr\u00e9\u00e9s en\nmati\u00e8re d'hygi\u00e8ne publique\n6\nDirection r\u00e9gionale et interd\u00e9partementale de\nl'h\u00e9bergement et du logement\n75-2026-04-22-00002\nArr\u00eat\u00e9 n\u00b0 :\nportant agr\u00e9ment de l'Association les OEuvres de\nla Mie de Pain au titre de l'interm\u00e9diation\nlocative et gestion locative sociale\nDirection r\u00e9gionale et interd\u00e9partementale de l'h\u00e9bergement et du logement - 75-2026-04-22-00002 - Arr\u00eat\u00e9 n\u00b0 :\nportant agr\u00e9ment de l'Association les OEuvres de la Mie de Pain au titre de l'interm\u00e9diation locative et gestion locative sociale 7\nService Accueil H\u00e9bergement Insertion\nBureau de l'Insertion par le Logement\nArr\u00eat\u00e9 n\u00b0\u00a0:\nportant agr\u00e9ment de \nl'Association les \u0152uvres de la Mie de Pain au titre de l'interm\u00e9diation locative et gestion \nlocative sociale.\nLE PR\u00c9FET de la R\u00c9GION D'\u00ceLE \u2013 DE \u2013 FRANCE\nPR\u00c9FET de PARIS\nGrand Officier de la L\u00e9gion d'Honneur\nOfficier de l'Ordre National du M\u00e9rite\nVu   la loi n\u00b0 2009-323 du 25 mars 2009 de mobilisation pour le logement et la lutte contre l'exclusion\u00a0;\nVu   le d\u00e9cret n\u00b0 2009-1684 du 30 d\u00e9cembre 2009 relatif aux agr\u00e9ments des organismes exer\u00e7ant des activit\u00e9s en \nfaveur du logement et de l'h\u00e9bergement des personnes d\u00e9favoris\u00e9es\u00a0;\nVu  le d\u00e9cret du pr\u00e9sident de la r\u00e9publique en date du 22 juillet 2020 portant nomination de Monsieur Marc \nGUILLAUME en qualit\u00e9 de pr\u00e9fet du d\u00e9partement de Paris\u00a0;\nVu la circulaire du 29 septembre 2015 relative aux relations entre les pouvoirs publics et les associations\u00a0;\nVu  la circulaire du 6 septembre 2010 relative aux agr\u00e9ments des organismes agissant en faveur du logement et \nde l'h\u00e9bergement des personnes d\u00e9favoris\u00e9es\u00a0;\nVu  la d\u00e9cision n\u00b0 2026-12 du 17 mars 2026 portant subd\u00e9l\u00e9gation de signature en mati\u00e8re administrative \u00e0 \nMadame Marthe POMMIE, directrice r\u00e9gionale et interd\u00e9partementale adjointe de l'h\u00e9bergement et du \nlogement de la r\u00e9gion \u00cele-de-France, directrice de l'unit\u00e9 d\u00e9partementale de Paris\u00a0;\n \nVu la demande d'agr\u00e9ment du 26 mars 2026 de l'Association les \u0152uvres de la Mie de Pain aupr\u00e8s du Pr\u00e9fet de \nParis, en vue d'exercer les activit\u00e9s vis\u00e9es \u00e0 l'article R 365-1-3\u00b0 du code de la construction et de l'habitation\u00a0:\nLa gestion de r\u00e9sidences sociales mentionn\u00e9e \u00e0 l'article R.353-165-1.\nCONSID\u00c9RANT la capacit\u00e9 de l'Association les \u0152uvres de la Mie de Pain \u00e0 exercer les activit\u00e9s objet du pr\u00e9sent \nagr\u00e9ment, compte-tenu de ses statuts, de ses comp\u00e9tenc es des moyens dont elle dispose dans le d\u00e9partement \nde Paris ainsi que du soutien de la FAS, de l'UNAFO et de l'URI OPPS auxquelles elle adh\u00e8re\u00a0;\nDirection r\u00e9gionale et interd\u00e9partementale de l'h\u00e9bergement et du logement - 75-2026-04-22-00002 - Arr\u00eat\u00e9 n\u00b0 :\nportant agr\u00e9ment de l'Association les OEuvres de la Mie de Pain au titre de l'interm\u00e9diation locative et gestion locative sociale 8\nARR\u00caTE\nArticle 1  \ne\n  \nr\nL'agr\u00e9ment au titre de l'interm\u00e9diation locative et gestion locative sociale est accord\u00e9 \u00e0 l'Association les \u0152uvres \nde la Mie de Pain  pour les activit\u00e9s vis\u00e9es \u00e0 l'article R 365-1-3\u00b0 du code de la construction et de l'habitation\u00a0:\nLa gestion de r\u00e9sidences sociales mentionn\u00e9e \u00e0 l'article R.353-165-1.\nArticle 2\nL'Association les \u0152uvres de la Mie de Pain est agr\u00e9\u00e9e pour l'exercice des activit\u00e9s mentionn\u00e9es \u00e0 l'ar ticle 1er dans \nle territoire du d\u00e9partement de Paris.\nArticle 3\nCet agr\u00e9ment est d\u00e9livr\u00e9 pour une dur\u00e9e de 5 \u00a0ans renouvelable. Il prend effet \u00e0 partir du 13 avril  2026\nArticle 4\nL'Association les \u0152uvres de la Mie de Pain est tenue d'adresser annuellement au Pr\u00e9fet de Paris  un compte-rendu \nde l'activit\u00e9, objet du pr\u00e9sent agr\u00e9ment, ainsi que ses comptes financiers, conform\u00e9ment \u00e0 l'article R 365-7 du  \nCCH. Elle doit \u00e9galement lui notifier toute modificat ion statutaire.\nLe Pr\u00e9fet de Paris peut \u00e0 tout moment contr\u00f4ler les con ditions d'exercice de l'activit\u00e9 de l'organisme.\nArticle 5\nLe pr\u00e9sent agr\u00e9ment peut \u00eatre retir\u00e9 \u00e0 tout moment par  le Pr\u00e9fet de Paris, si les conditions de d\u00e9livrance d e \nl'agr\u00e9ment ne sont plus satisfaites ou s'il est constat \u00e9 un manquement grave et r\u00e9p\u00e9t\u00e9 aux obligations de \nl'organisme. Ce retrait ne pourra \u00eatre prononc\u00e9 qu'apr\u00e8s avoir mis les dirigeants de l'organisme en mesure d e \npr\u00e9senter leurs observations.\nArticle 6\nle pr\u00e9sent arr\u00eat\u00e9 peut faire l'objet d'un recours contentieux devant le tribunal administratif dans un d\u00e9lai de \ndeux mois, \u00e0 compter de la date de sa notification au bailleur social mentionn\u00e9 \u00e0 l'article 1 er du pr\u00e9sent arr\u00eat\u00e9 et,\npour les tiers, \u00e0 compter de la date de sa publication  au recueil des actes administratifs.\nArticle 7\nLe pr\u00e9fet de la r\u00e9gion \u00cele-de-France, Pr\u00e9fet de Paris et la Directrice de l'unit\u00e9 d\u00e9partementale de Paris de la  \ndirection r\u00e9gionale interd\u00e9partementale de l'h\u00e9bergement et du logement sont charg\u00e9s, de chacun en ce qui le \nconcerne de l'ex\u00e9cution du pr\u00e9sent arr\u00eat\u00e9 qui sera publi\u00e9 au recueil des actes administratifs.\n \n \n                                                                                                                         Fait \u00e0 Paris le 22 avril 2026\nDirectrice r\u00e9gionale et interd\u00e9partementale\nadjointe  de  l'h\u00e9bergement  et  du  logement\nde  la  r\u00e9gion  \u00cele-de-France,  directrice  de\nl'unit\u00e9 d\u00e9partementale de Paris\n \n                                                                                                                          SIGNE\n         \n                                                                                                                        Marthe POMMIE\nDirection r\u00e9gionale et interd\u00e9partementale de l'h\u00e9bergement et du logement - 75-2026-04-22-00002 - Arr\u00eat\u00e9 n\u00b0 :\nportant agr\u00e9ment de l'Association les OEuvres de la Mie de Pain au titre de l'interm\u00e9diation locative et gestion locative sociale 9\nDirection r\u00e9gionale et interd\u00e9partementale de\nl'h\u00e9bergement et du logement\n75-2026-04-22-00009\nArr\u00eat\u00e9 n\u00b0\u00a0:\nportant agr\u00e9ment de l'Association les OEuvres de\nla Mie de Pain au titre de l'ing\u00e9nierie sociale,\nfinanci\u00e8re et technique.\nDirection r\u00e9gionale et interd\u00e9partementale de l'h\u00e9bergement et du logement - 75-2026-04-22-00009 - Arr\u00eat\u00e9 n\u00b0\u00a0:\nportant agr\u00e9ment de l'Association les OEuvres de la Mie de Pain au titre de l'ing\u00e9nierie sociale, financi\u00e8re et technique. 10\nService Accueil H\u00e9bergement Insertion\nBureau de l'Insertion par le Logement\nArr\u00eat\u00e9 n\u00b0\u00a0:\nportant agr\u00e9ment de l'Association les \u0152uvres de la Mie de Pain au titre de l'ing\u00e9nierie sociale, financi\u00e8re et technique.\nLE PR\u00c9FET de la R\u00c9GION D'\u00ceLE \u2013 DE \u2013 FRANCE\nPR\u00c9FET de PARIS\nGrand Officier de la L\u00e9gion d'Honneur\nOfficier de l'Ordre National du M\u00e9rite\nVu   la loi n\u00b0 2009-323 du 25 mars 2009 de mobilisation pour le logement et la lutte contre l'exclusion\u00a0;\nVu   le d\u00e9cret n\u00b0 2009-1684 du 30 d\u00e9cembre 2009 relatif aux agr\u00e9ments des organismes exer\u00e7ant des activit\u00e9s en faveur du \nlogement et de l'h\u00e9bergement des personnes d\u00e9favoris\u00e9es\u00a0;\nVu  le d\u00e9cret du pr\u00e9sident de la r\u00e9publique en date du 22 juillet 2020 portant nomination de Monsieur Marc GUILLAUME en \nqualit\u00e9 de pr\u00e9fet du d\u00e9partement de Paris\u00a0;\nVu la circulaire du 29 septembre 2015 relative aux relations entre les pouvoirs publics et les associations\u00a0;\nVu  la circulaire du 6 septembre 2010 relative aux agr\u00e9ments des organismes agissant en faveur du logement et de \nl'h\u00e9bergement des personnes d\u00e9favoris\u00e9es\u00a0;\nVu  la d\u00e9cision n\u00b0 2026-12 du 17 mars 2026 portant subd\u00e9l\u00e9gation de signature en mati\u00e8re administrative \u00e0 Madame Marthe \nPOMMIE directrice r\u00e9gionale et interd\u00e9partementale adjointe de l'h\u00e9bergement et du logement de la r\u00e9gion \u00cele-de-France, \ndirectrice de l'unit\u00e9 d\u00e9partementale de Paris\u00a0;\n \nVu  la demande d'agr\u00e9ment d\u00e9pos\u00e9e par l'Association les \u0152uvres de la Mie de Pain du 26 mars 2026 aupr\u00e8s du Pr\u00e9fet de Paris, \nen vue d'exercer les activit\u00e9s vis\u00e9es \u00e0 l'article R 365-1-2\u00b0 du code de la construction et de l'habitation\u00a0:\nL'accompagnement social des personnes pour favoriser leur acc\u00e8s ou leur maintien dans le logement, r\u00e9alis\u00e9 principalement dans \nle cadre du plan d\u00e9partemental d'action pour le logement et l'h\u00e9bergement des personnes d\u00e9favoris\u00e9es.\nL'assistance aux personnes qui forment un recours amiable devant la commission de m\u00e9diation ou un recours contentieux devant \nle tribunal administratif aux fins de reconnaissance du droit au logement opposable.\nLa recherche de logements en vue de leur location \u00e0 des personnes d\u00e9favoris\u00e9es.\nLa participation aux commissions d'attribution des organismes d'habitations \u00e0 loyer mod\u00e9r\u00e9 mentionn\u00e9e \u00e0 l'article L.441-2.\nCONSID\u00c9RANT la capacit\u00e9 de l'Association les \u0152uvres de la Mie de Pain \u00e0 exercer les activit\u00e9s objet du pr\u00e9sent agr\u00e9ment \ncompte-tenu de ses statuts, de ses comp\u00e9tences des moyens dont elle dispose dans le d\u00e9partement de Paris,\u00a0ainsi que du \nsoutien de la FAS, de l'UNAFO et de l'URIOPPS auxquelles elle adh\u00e8re\u00a0;\nT\u00e9l : 00 00 00 00 00 \nLe Ponant, 5 rue Leblanc, 75015 Paris\nwww.drihl.ile-de-france.developpement-durable.gouv.fr\nDirection r\u00e9gionale et interd\u00e9partementale de l'h\u00e9bergement et du logement - 75-2026-04-22-00009 - Arr\u00eat\u00e9 n\u00b0\u00a0:\nportant agr\u00e9ment de l'Association les OEuvres de la Mie de Pain au titre de l'ing\u00e9nierie sociale, financi\u00e8re et technique. 11\nARR\u00caTE\nArticle 1er\nL'agr\u00e9ment au titre de l'ing\u00e9nierie sociale, financi\u00e8re et technique est renouvel\u00e9 \u00e0 de l'Association les \u0152uvres de la Mie de Pain\n pour les activit\u00e9s vis\u00e9es \u00e0 l'article R 365-1-2\u00b0 du code de la construction et de l'habitation\u00a0:\nL'accompagnement social des personnes pour favoriser leur acc\u00e8s ou leur maintien dans le logement, r\u00e9alis\u00e9 principalement dans \nle cadre du plan d\u00e9partemental d'action pour le logement et l'h\u00e9bergement des personnes d\u00e9favoris\u00e9es.\nL'assistance aux personnes qui forment un recours amiable devant la commission de m\u00e9diation ou un recours contentieux devant \nle tribunal administratif aux fins de reconnaissance du droit au logement opposable.\nLa recherche de logements en vue de leur location \u00e0 des personnes d\u00e9favoris\u00e9es.\nLa participation aux commissions d'attribution des organismes d'habitations \u00e0 loyer mod\u00e9r\u00e9 mentionn\u00e9e \u00e0 l'article L.441-2.\nArticle 2\nL'Association les \u0152uvres de la Mie de Pain est agr\u00e9\u00e9e pour l'exercice des activit\u00e9s mentionn\u00e9es \u00e0 l'article 1er dans le territoire \ndu d\u00e9partement de Paris.\nArticle 3\nCet agr\u00e9ment est d\u00e9livr\u00e9 pour une dur\u00e9e de 5\u00a0ans renouvelable. Il prend effet \u00e0 partir du 13 avril 2026.\nArticle 4\nL'Association les \u0152uvres de la Mie de Pain est tenue d'adresser annuellement au Pr\u00e9fet de Paris un compte-rendu de l'activit\u00e9, \nobjet du pr\u00e9sent agr\u00e9ment, ainsi que ses comptes financiers, conform\u00e9ment \u00e0 l'article R 365-7 du CCH. Elle doit \u00e9galement lui \nnotifier toute modification statutaire.\nLe Pr\u00e9fet de Paris peut \u00e0 tout moment contr\u00f4ler les conditions d'exercice de l'activit\u00e9 de l'organisme.\nArticle 5\nLe pr\u00e9sent agr\u00e9ment peut-\u00eatre retir\u00e9 \u00e0 tout moment par le Pr\u00e9fet de Paris, si les conditions de d\u00e9livrance de l'agr\u00e9ment ne sont \nplus satisfaites ou s'il est constat\u00e9 un manquement grave et r\u00e9p\u00e9t\u00e9 aux obligations de l'organisme. Ce retrait ne pourra \u00eatre \nprononc\u00e9 qu'apr\u00e8s avoir mis les dirigeants de l'organisme en mesure de pr\u00e9senter leurs observations.\nArticle 6\nLe pr\u00e9sent arr\u00eat\u00e9 peut faire l'objet d'un recours contentieux devant le tribunal administratif dans un d\u00e9lai de deux mois, \u00e0 \ncompter de la date de sa notification au bailleur social mentionn\u00e9 \u00e0 l'article 1\ner\n du pr\u00e9sent arr\u00eat\u00e9 et, pour tiers, \u00e0 compter de la\ndate de sa publication au recueil des actes administratifs.\nArticle 7\nLe pr\u00e9fet de la r\u00e9gion \u00cele-de-France, Pr\u00e9fet de Paris et la Directrice de l'unit\u00e9 d\u00e9partementale de Paris de la direction r\u00e9gionale \ninterd\u00e9partementale de l'h\u00e9bergement et du logement sont charg\u00e9s, de chacun en ce qui le concerne de l'ex\u00e9cution du \npr\u00e9sent arr\u00eat\u00e9 qui sera publi\u00e9 au recueil des actes administratifs.\nFait \u00e0 Paris, le 22avril 2026\nDirectrice r\u00e9gionale et interd\u00e9partementale \nadjointe de l'h\u00e9bergement et du logement de la \nr\u00e9gion \u00cele-de-France, directrice de l'unit\u00e9 \nd\u00e9partementale de Paris \nSIGNE\nMarthe POMMIE\nT\u00e9l : 00 00 00 00 00 \nLe Ponant, 5 rue Leblanc, 75015 Paris\nwww.drihl.ile-de-france.developpement-durable.gouv.fr\nDirection r\u00e9gionale et interd\u00e9partementale de l'h\u00e9bergement et du logement - 75-2026-04-22-00009 - Arr\u00eat\u00e9 n\u00b0\u00a0:\nportant agr\u00e9ment de l'Association les OEuvres de la Mie de Pain au titre de l'ing\u00e9nierie sociale, financi\u00e8re et technique. 12\nDirection r\u00e9gionale et interd\u00e9partementale de\nl'h\u00e9bergement et du logement\n75-2026-04-22-00005\nArr\u00eat\u00e9 n\u00b0\u00a0:\nportant agr\u00e9ment de l'Association Sauvegarde\nde l'Adolescence au titre de l'ing\u00e9nierie sociale,\nfinanci\u00e8re et technique.\nDirection r\u00e9gionale et interd\u00e9partementale de l'h\u00e9bergement et du logement - 75-2026-04-22-00005 - Arr\u00eat\u00e9 n\u00b0\u00a0:\nportant agr\u00e9ment de l'Association Sauvegarde de l'Adolescence au titre de l'ing\u00e9nierie sociale, financi\u00e8re et technique. 13\nService Accueil H\u00e9bergement Insertion\nBureau de l'Insertion par le Logement\nArr\u00eat\u00e9 n\u00b0\u00a0:\nportant  agr\u00e9ment  de  l'Association\n Sauvegarde  de  l'Adolescence  au  titre  de  l'ing\u00e9nierie  sociale,  financi\u00e8re  et\ntechnique.\nLE PR\u00c9FET de la R\u00c9GION D'\u00ceLE \u2013 DE \u2013 FRANCE\nPR\u00c9FET de PARIS\nGrand Officier de la L\u00e9gion d'Honneur\nOfficier de l'Ordre National du M\u00e9rite\nVu   la loi n\u00b0 2009-323 du 25 mars 2009 de mobilisation pour le logement et la lutte contre l'exclusion\u00a0;\nVu   le d\u00e9cret n\u00b0 2009-1684 du 30 d\u00e9cembre 2009 relatif aux agr\u00e9ments des organismes exer\u00e7ant des activit\u00e9s en\nfaveur du logement et de l'h\u00e9bergement des personnes d\u00e9favoris\u00e9es\u00a0;\nVu  le d\u00e9cret du pr\u00e9sident de la r\u00e9publique en date du 22 juillet 2020 portant nomination de Monsieur Marc\nGUILLAUME en qualit\u00e9 de pr\u00e9fet du d\u00e9partement de Paris\u00a0;\nVu la circulaire du 29 septembre 2015 relative aux relations entre les pouvoirs publics et les associations\u00a0;\nVu  la circulaire du 6 septembre 2010 relative aux agr\u00e9 ments des organismes agissant en faveur du logement  et\nde l'h\u00e9bergement des personnes d\u00e9favoris\u00e9es\u00a0;\nVu  la d\u00e9cision n\u00b0 2026-12 du 17 mars 2026 portant su bd\u00e9l\u00e9gation de signature en mati\u00e8re administrative \u00e0\nMadame Marthe POMMIE directrice r\u00e9gionale et interd\u00e9partementale adjointe de l'h\u00e9bergement et du logement\nde la r\u00e9gion \u00cele-de-France, directrice de l'unit\u00e9 d\u00e9partementale de Paris\u00a0;\n \nVu  la demande d'agr\u00e9ment d\u00e9pos\u00e9e par l'Association Sauvegarde de l'Adolescence du 10 mars 2026 aupr\u00e8s du\nPr\u00e9fet  de  Paris,  en  vue  d'exercer  les  activit\u00e9s  vis\u00e9es  \u00e0  l'article  R  365-1-2\u00b0  du  code  de  la  construction  et  de\nl'habitation\u00a0:\nL'accompagnement  social  des  personnes  pour  favoriser  leur  acc\u00e8s  ou  leur  maintien  dans  le  logement,  r\u00e9alis\u00e9\nprincipalement dans le cadre du plan d\u00e9partemental d'acti on pour le logement et l'h\u00e9bergement des personnes\nd\u00e9favoris\u00e9es.\nCONSID\u00c9RANT la capacit\u00e9 de l'Association Sauvegarde de l'Adolescence \u00e0 exercer les activit\u00e9s objet du pr\u00e9sent\nagr\u00e9ment compte-tenu de ses statuts, de ses comp\u00e9tences  des moyens dont elle dispose dans le d\u00e9partement\nde Paris\u00a0;\nT\u00e9l : 00 00 00 00 00 \nLe Ponant, 5 rue Leblanc, 75015 Paris\nwww.drihl.ile-de-france.developpement-durable.gouv.fr\nDirection r\u00e9gionale et interd\u00e9partementale de l'h\u00e9bergement et du logement - 75-2026-04-22-00005 - Arr\u00eat\u00e9 n\u00b0\u00a0:\nportant agr\u00e9ment de l'Association Sauvegarde de l'Adolescence au titre de l'ing\u00e9nierie sociale, financi\u00e8re et technique. 14\nARR\u00caTE\nArticle 1er\nL'agr\u00e9ment au titre de  l'ing\u00e9nierie sociale, financi \u00e8re et technique  est renouvel\u00e9 \u00e0  l'Association Sauvegarde de\nl'Adolescence pour les activit\u00e9s vis\u00e9es \u00e0 l'article R 365-1-2\u00b0 du code de la construction et de l'habitation\u00a0:\nL'accompagnement  social  des  personnes  pour  favoriser  leur  acc\u00e8s  ou  leur  maintien  dans  le  logement,  r\u00e9alis\u00e9\nprincipalement dans le cadre du plan d\u00e9partemental d'acti on pour le logement et l'h\u00e9bergement des personnes\nd\u00e9favoris\u00e9es.\nArticle 2\nL'Association Sauvegarde de l'Adolescence  est agr\u00e9\u00e9e pour l'exercice des activit\u00e9s mentionn\u00e9es \u00e0 l 'article 1er\ndans le territoire du d\u00e9partement de Paris.\nArticle 3\nCet agr\u00e9ment est d\u00e9livr\u00e9 pour une dur\u00e9e de 5 \u00a0ans renouvelable. Il prend effet \u00e0 partir du 16 mars  2026.\nArticle 4\nL'Association Sauvegarde de l'Adolescence est tenue d'adresser annuellement au Pr\u00e9fet de Paris  un compte-rendu\nde l'activit\u00e9, objet du pr\u00e9sent agr\u00e9ment, ainsi que ses comptes financiers, conform\u00e9ment \u00e0 l'article R 365-7 du\nCCH. Elle doit \u00e9galement lui notifier toute modificat ion statutaire.\nLe Pr\u00e9fet de Paris peut \u00e0 tout moment contr\u00f4ler les co nditions d'exercice de l'activit\u00e9 de l'organisme.\nArticle 5\nLe pr\u00e9sent agr\u00e9ment peut-\u00eatre retir\u00e9 \u00e0 tout moment pa r le Pr\u00e9fet de  Paris, si les conditions de d\u00e9livrance  de\nl'agr\u00e9ment  ne  sont  plus  satisfaites  ou  s'il est consta t\u00e9  un  manquement  grave  et  r\u00e9p\u00e9t\u00e9  aux  obligations  de\nl'organisme. Ce retrait ne pourra \u00eatre prononc\u00e9 qu'ap r\u00e8s avoir mis les dirigeants de l'organisme en mesure de\npr\u00e9senter leurs observations.\nArticle 6\nLe pr\u00e9sent arr\u00eat\u00e9 peut faire l'objet d'un recours  conte ntieux devant le tribunal administratif dans un d\u00e9lai de\ndeux mois, \u00e0 compter de la date de sa notification a u bailleur social mentionn\u00e9 \u00e0 l'article 1\ner\n du pr\u00e9sent arr\u00eat\u00e9 et,\npour tiers, \u00e0 compter de la date de sa publication au  recueil des actes administratifs.\nArticle 7\nLe pr\u00e9fet de la r\u00e9gion \u00cele-de-France, Pr\u00e9fet de Paris et la Directrice  de l'unit\u00e9 d\u00e9partementale de Paris de l a\ndirection r\u00e9gionale interd\u00e9partementale de l'h\u00e9bergement  et du logement sont charg\u00e9s, de chacun en ce qui le\nconcerne de l'ex\u00e9cution du pr\u00e9sent arr\u00eat\u00e9 qui sera publi\u00e9 au recueil des actes administratifs.\nFait \u00e0 Paris, le 22 avril 2026\nDirectrice r\u00e9gionale et interd\u00e9partementale \nadjointe de l'h\u00e9bergement et du logement \nde la r\u00e9gion \u00cele-de-France, directrice de \nl'unit\u00e9 d\u00e9partementale de Paris \nSIGNE\nMarthe POMMIE\nT\u00e9l : 00 00 00 00 00 \nLe Ponant, 5 rue Leblanc, 75015 Paris\nwww.drihl.ile-de-france.developpement-durable.gouv.fr\nDirection r\u00e9gionale et interd\u00e9partementale de l'h\u00e9bergement et du logement - 75-2026-04-22-00005 - Arr\u00eat\u00e9 n\u00b0\u00a0:\nportant agr\u00e9ment de l'Association Sauvegarde de l'Adolescence au titre de l'ing\u00e9nierie sociale, financi\u00e8re et technique. 15\nDirection r\u00e9gionale et interd\u00e9partementale de\nl'h\u00e9bergement et du logement\n75-2026-04-22-00004\nArr\u00eat\u00e9 n\u00b0\u00a0:\nportant agr\u00e9ment de l'Association Sauvegarde\nde l'Adolescence au titre de l'interm\u00e9diation\nlocative et gestion locative sociale.\nDirection r\u00e9gionale et interd\u00e9partementale de l'h\u00e9bergement et du logement - 75-2026-04-22-00004 - Arr\u00eat\u00e9 n\u00b0\u00a0:\nportant agr\u00e9ment de l'Association Sauvegarde de l'Adolescence au titre de l'interm\u00e9diation locative et gestion locative sociale. 16\nService Accueil H\u00e9bergement Insertion\nBureau de l'Insertion par le Logement\nArr\u00eat\u00e9 n\u00b0\u00a0:\nportant agr\u00e9ment de l'Association Sauvegarde de l'Adolescence au titre de l'interm\u00e9diation locative et gestion\nlocative sociale.\nLE PR\u00c9FET de la R\u00c9GION D'\u00ceLE \u2013 DE \u2013 FRANCE\nPR\u00c9FET de PARIS\nGrand Officier de la L\u00e9gion d'Honneur\nOfficier de l'Ordre National du M\u00e9rite\nVu   la loi n\u00b0 2009-323 du 25 mars 2009 de mobilisation pour le logement et la lutte contre l'exclusion\u00a0;\nVu   le d\u00e9cret n\u00b0 2009-1684 du 30 d\u00e9cembre 2009 relatif aux agr\u00e9ments des organismes exer\u00e7ant des activit\u00e9s en\nfaveur du logement et de l'h\u00e9bergement des personnes d\u00e9favoris\u00e9es\u00a0;\nVu  le d\u00e9cret du pr\u00e9sident de la r\u00e9publique en date du 22 juillet 2020 portant nomination de Monsieur Marc\nGUILLAUME en qualit\u00e9 de pr\u00e9fet du d\u00e9partement de Paris\u00a0;\nVu la circulaire du 29 septembre 2015 relative aux relations entre les pouvoirs publics et les associations\u00a0;\nVu  la circulaire du 6 septembre 2010 relative aux agr\u00e9 ments des organismes agissant en faveur du logement  et\nde l'h\u00e9bergement des personnes d\u00e9favoris\u00e9es\u00a0;\nVu  la d\u00e9cision n\u00b0 2026-12 du 17 mars 2026 portant su bd\u00e9l\u00e9gation de signature en mati\u00e8re administrative \u00e0\nMadame  Marthe  POMMIE,  directrice r\u00e9gionale  et  inter d\u00e9partementale  adjointe  de  l'h\u00e9bergement  et  du\nlogement de la r\u00e9gion \u00cele-de-France, directrice de l'unit\u00e9 d\u00e9partementale de Paris\u00a0;\n \nVu  la demande d'agr\u00e9ment du 10 mars 2026 de  l'Association Sauvegarde de l'Adolescence  aupr\u00e8s du Pr\u00e9fet de\nParis, en vue d'exercer les activit\u00e9s vis\u00e9es \u00e0 l'article R 365-1-3\u00b0 du code de la construction et de l'habitation\u00a0:\nLocation de logements en vue de l'h\u00e9bergement de pe rsonnes d\u00e9favoris\u00e9es dans les conditions de l'artic le L.851-1\ndu code de la s\u00e9curit\u00e9 sociale.\nCONSID\u00c9RANT la capacit\u00e9 de l'Association Sauvegarde de l'Adolescence \u00e0 exercer les activit\u00e9s objet du pr\u00e9sent\nagr\u00e9ment, compte-tenu de ses statuts, de ses comp\u00e9ten ces des moyens dont elle dispose dans le d\u00e9partement\nde Paris.\nDirection r\u00e9gionale et interd\u00e9partementale de l'h\u00e9bergement et du logement - 75-2026-04-22-00004 - Arr\u00eat\u00e9 n\u00b0\u00a0:\nportant agr\u00e9ment de l'Association Sauvegarde de l'Adolescence au titre de l'interm\u00e9diation locative et gestion locative sociale. 17\nARR\u00caTE\nArticle 1  \ne\n  \nr\nL'agr\u00e9ment au titre de l'interm\u00e9diation locative et g estion locative sociale est accord\u00e9 \u00e0 l'Association Sauvegarde\nde l'Adolescence pour les activit\u00e9s vis\u00e9es \u00e0 l'article R 365-1-3\u00b0 du code de la construction et de l'habitation\u00a0:\nLocation de logements en vue de l'h\u00e9bergement de pe rsonnes d\u00e9favoris\u00e9es dans les conditions de l'artic le L.851-1\ndu code de la s\u00e9curit\u00e9 sociale.\nArticle 2\nl'Association Sauvegarde de l'Adolescence est agr\u00e9\u00e9e pour l'exercice des activit\u00e9s mentionn\u00e9es \u00e0 l 'article 1er dans\nle territoire du d\u00e9partement de Paris.\nArticle 3\nCet agr\u00e9ment est d\u00e9livr\u00e9 pour une dur\u00e9e de 5 \u00a0ans renouvelable. Il prend effet \u00e0 partir du 16 mars  2026\nArticle 4\nl'Association Sauvegarde de l'Adolescence  est tenue d'adresser annuellement au Pr\u00e9fet de Paris  un compte-\nrendu de l'activit\u00e9, objet du pr\u00e9sent agr\u00e9ment, ainsi q ue ses comptes financiers, conform\u00e9ment \u00e0 l'article R 365-\n7 du CCH. Elle doit \u00e9galement lui notifier toute modif ication statutaire.\nLe Pr\u00e9fet de Paris peut \u00e0 tout moment contr\u00f4ler les con ditions d'exercice de l'activit\u00e9 de l'organisme.\nArticle 5\nLe pr\u00e9sent agr\u00e9ment peut \u00eatre retir\u00e9 \u00e0 tout moment par le Pr\u00e9fet de Paris, si les conditions de d\u00e9livrance de\nl'agr\u00e9ment  ne  sont  plus  satisfaites  ou  s'il est consta t\u00e9  un  manquement  grave  et  r\u00e9p\u00e9t\u00e9  aux  obligations  de\nl'organisme. Ce retrait ne pourra \u00eatre prononc\u00e9 qu'ap r\u00e8s avoir mis les dirigeants de l'organisme en mesure de\npr\u00e9senter leurs observations.\nArticle 6\nle pr\u00e9sent arr\u00eat\u00e9 peut faire l'objet d'un recours conten tieux devant le tribunal administratif dans un d\u00e9lai de\ndeux mois, \u00e0 compter de la date de sa notification a u bailleur social mentionn\u00e9 \u00e0 l'article 1 er du pr\u00e9sent arr\u00eat\u00e9 et,\npour les tiers, \u00e0 compter de la date de sa publication  au recueil des actes administratifs.\nArticle 7\nLe pr\u00e9fet de la r\u00e9gion \u00cele-de-France, Pr\u00e9fet de Paris et la Directrice  de l'unit\u00e9 d\u00e9partementale de Paris de l a\ndirection r\u00e9gionale interd\u00e9partementale de l'h\u00e9bergement  et du logement sont charg\u00e9s, de chacun en ce qui le\nconcerne de l'ex\u00e9cution du pr\u00e9sent arr\u00eat\u00e9 qui sera publi\u00e9 au recueil des actes administratifs.\n \n                                                                                                                                         Fait \u00e0 Paris le 22 avril 2026\nDirectrice r\u00e9gionale et interd\u00e9partementale \nadjointe de l'h\u00e9bergement et du logement \nde la r\u00e9gion \u00cele-de-France, directrice de \nl'unit\u00e9 d\u00e9partementale de Paris\n               \n             SIGNE\n \n                                                                                                                                        Marthe POMMIE\nDirection r\u00e9gionale et interd\u00e9partementale de l'h\u00e9bergement et du logement - 75-2026-04-22-00004 - Arr\u00eat\u00e9 n\u00b0\u00a0:\nportant agr\u00e9ment de l'Association Sauvegarde de l'Adolescence au titre de l'interm\u00e9diation locative et gestion locative sociale. 18\nPr\u00e9fecture de Police\n75-2026-04-20-00014\nArr\u00eat\u00e9 2026-00437 du 20  avril 2026 autorisant la\ncaptation, l'enregistrement et la transmission\nd'images au moyen d'une cam\u00e9ra install\u00e9e sur\ndes a\u00e9ronefs dans le Val-de-Marne (94) les 21 et\n22 avril 2026\nPr\u00e9fecture de Police - 75-2026-04-20-00014 - Arr\u00eat\u00e9 2026-00437 du 20  avril 2026 autorisant la captation, l'enregistrement et la\ntransmission d'images au moyen d'une cam\u00e9ra install\u00e9e sur des a\u00e9ronefs dans le Val-de-Marne (94) les 21 et 22 avril 2026 19\nPREFECTUREDE POLICELibert\u00e9Egalit\u00e9Fraternit\u00e9\nLUa\nCABINET DU PREFET\nArr\u00eat\u00e9 n\u00b02026-00437\nautorisant la captation, l'enregistrement et la transmission d'images au moyen d'une cam\u00e9ra \ninstall\u00e9e sur des a\u00e9ronefs dans le Val-de-Marne (94) les 21 et 22 avril 2026\nLe pr\u00e9fet de police,\nVu le code de la s\u00e9curit\u00e9 int\u00e9rieure, notamment ses articles L. 242-1 \u00e0 L. \u00a0242-8 et R.\u00a0242-8 \u00e0 R.  \n242-15 ;\nVu  le  d\u00e9cret  n\u00b0  2004-374  modifi\u00e9  du  29  avril  2004  relatif  aux  pouvoirs  des  pr\u00e9fets,  \u00e0  \nl'organisation et \u00e0 l'action des services de l'\u00c9tat dans les r\u00e9gions et d\u00e9partements, notamment  \nson article 73 ;\nVu l'arr\u00eat\u00e9 du 19 avril 2023 relatif au nombre maximal de cam\u00e9ras install\u00e9es sur des a\u00e9ronefs  \npouvant \u00eatre simultan\u00e9ment utilis\u00e9es dans chaque d\u00e9partement et collectivit\u00e9 d'outre-mer\u00a0;\nVu  l'instruction  minist\u00e9rielle  NOR  IOMD2311883J  du  30  avril  2023  relative  \u00e0  la  proc\u00e9dure \nd'autorisation  des  cam\u00e9ras  install\u00e9es  sur  des  a\u00e9ronefs  pour  des  missions  de  police  \nadministrative\u00a0;\nVu  le d\u00e9cret du 22 octobre 2025 par lequel M. Patrice FAURE, administrateur de l'Etat du  \ntroisi\u00e8me grade, directeur de cabinet du Pr\u00e9sident de la R\u00e9publique, est nomm\u00e9 pr\u00e9fet de  \npolice (groupe I), \u00e0 compter du 23 octobre 2025\u00a0;\nVu la demande en date du 20 avril 2026 form\u00e9e par la direction territoriale de la s\u00e9curit\u00e9 de  \nproximit\u00e9  du  Val-de-Marne  visant  \u00e0  obtenir  l'autorisation  de  capter,  d'enregistrer  et  de  \ntransmettre des images au moyen de deux cam\u00e9ras install\u00e9es sur des a\u00e9ronefs t\u00e9l\u00e9-pilot\u00e9s afin  \nd'assurer la pr\u00e9vention des atteintes \u00e0 la s\u00e9curit\u00e9 des personnes et des biens sur la commune  \nd'Orly (94) les 21 et 22 avril 2026 ;\nConsid\u00e9rant que les dispositions du I de l'article L. 242-5 du code de la s\u00e9curit\u00e9 int\u00e9rieure  \npermettent aux forces de s\u00e9curit\u00e9 int\u00e9rieure, dans l'exercice de leurs missions de pr\u00e9vention  \ndes atteintes \u00e0 l'ordre public et de protection de la s\u00e9curit\u00e9 des personnes et des biens, de  \nproc\u00e9der \u00e0 la captation, \u00e0 l'enregistrement et \u00e0 la transmission d'images au moyen de cam\u00e9ras  \ninstall\u00e9es sur des a\u00e9ronefs aux fins d'assurer la pr\u00e9vention des atteintes \u00e0 la s\u00e9curit\u00e9 des  \npersonnes et des biens dans des lieux particuli\u00e8rement expos\u00e9s ;\nConsid\u00e9rant que des op\u00e9rations de s\u00e9curisation sont pr\u00e9vues les 21 et 22 avril 2026 dans un  \nsecteur sensible situ\u00e9e sur la commune d'Orly, suite \u00e0 des \u00e9pisodes de violences urbaines,  \ng\u00e9n\u00e9rant  de  graves  troubles  \u00e0  l'ordre  public  et  entra\u00eenant  des  nuisances  importantes  au  \nquotidien pour les habitants de la cit\u00e9 des aviateurs  ; qu'il est \u00e9tabli que les forces de l'ordre  \nont \u00e9t\u00e9 cibl\u00e9es par des jets de mortiers d'artifice  ; que le regroupement d'individus hostiles  \naux  policiers  a  \u00e9t\u00e9  constat\u00e9  ;  que  le  recours  ponctuel  aux  cam\u00e9ras  a\u00e9roport\u00e9es  permet  \nd'appuyer l'action et le d\u00e9ploiement des effectifs de police sur le terrain \u00e0 l'occasion des  \nop\u00e9rations de s\u00e9curisation et d'adapter le dispositif de s\u00e9curit\u00e9 le cas \u00e9ch\u00e9ant, pour pr\u00e9venir  \nou faire cesser les troubles \u00e0 l'ordre public\u00a0;\n1\nPr\u00e9fecture de Police - 75-2026-04-20-00014 - Arr\u00eat\u00e9 2026-00437 du 20  avril 2026 autorisant la captation, l'enregistrement et la\ntransmission d'images au moyen d'une cam\u00e9ra install\u00e9e sur des a\u00e9ronefs dans le Val-de-Marne (94) les 21 et 22 avril 2026 20\nConsid\u00e9rant  que  le  recours  ponctuel  aux  cam\u00e9ras  a\u00e9roport\u00e9es  permet  de  disposer  d'une \nvision en grand angle tout en limitant l'engagement des forces au sol afin d'\u00e9viter les menaces  \npour leur int\u00e9grit\u00e9 physique, d'anticiper les vell\u00e9it\u00e9s d'actions violentes group\u00e9es pouvant les  \nviser  et,  le  cas  \u00e9ch\u00e9ant,  d'organiser  de  mani\u00e8re  r\u00e9active  et  efficace  leur  d\u00e9ploiement  \nop\u00e9rationnel, notamment en cas de mouvement de foule ou d'actions violentes de groupes  \nd'individus ; qu'il n'existe pas de dispositif moins intrusif permettant de parvenir aux m\u00eames  \nfins ;\nConsid\u00e9rant que la demande de la direction territoriale de la s\u00e9curit\u00e9 de proximit\u00e9 du Val-de-\nMarne porte sur l'engagement de deux cam\u00e9ras a\u00e9roport\u00e9es qui pourront \u00eatre en vol en vue  \nde capter, d'enregistrer et de transmettre des images \u00a0; que les aires survol\u00e9es sont strictement \nlimit\u00e9es aux zones o\u00f9 des troubles \u00e0 l'ordre public sont susceptibles de se produire \u00a0; que la  \ndur\u00e9e de l'autorisation demand\u00e9e n'appara\u00eet pas disproportionn\u00e9e au regard de la finalit\u00e9  \npoursuivie ;\nSur proposition de la direction territoriale de la s\u00e9curit\u00e9 de proximit\u00e9 du Val-de-Marne,\nARRETE\u00a0:\nArticle  1er \u2013 La  captation,  l'enregistrement  et  la  transmission  d'images  par  la  direction  \nterritoriale de la s\u00e9curit\u00e9 de proximit\u00e9 du Val-de-Marne sont autoris\u00e9s dans le d\u00e9partement du  \nVal-de-Marne (94) \u00e0 l'occasion des op\u00e9rations susvis\u00e9es au titre de \u00a0la pr\u00e9vention des atteintes  \n\u00e0 la s\u00e9curit\u00e9 des personnes et des biens.\nArticle  2  \u2013 Le  nombre  maximal  de  cam\u00e9ras  pouvant  proc\u00e9der  simultan\u00e9ment  \u00e0  des  \nenregistrements est fix\u00e9 \u00e0 2 cam\u00e9ras embarqu\u00e9es sur des a\u00e9ronefs t\u00e9l\u00e9-pilot\u00e9s.\nArticle  3 \u2013 La pr\u00e9sente  autorisation  s'applique sur la commune d'Orly,  conform\u00e9ment  au  \np\u00e9rim\u00e8tre g\u00e9ographique figurant sur le plan en annexe au pr\u00e9sent arr\u00eat\u00e9.\nArticle 4 \u2013 La pr\u00e9sente autorisation est d\u00e9livr\u00e9e les 21 et 22 avril 2026, chaque jour de 21h00 \u00e0  \n23h59, pour la mise en \u0153uvre de la finalit\u00e9 pr\u00e9cit\u00e9e.\nArticle 5  \u2013 Le registre mentionn\u00e9 \u00e0 l'article L. 242-4 du code de la s\u00e9curit\u00e9 int\u00e9rieure est  \ntransmis au pr\u00e9fet de police, \u00e0 l'issue de la p\u00e9riode d'autorisation.\nArticle 6 \u2013 Le pr\u00e9fet du Val-de-Marne, le pr\u00e9fet, directeur du cabinet du pr\u00e9fet de police et le  \ndirecteur de la s\u00e9curit\u00e9 de proximit\u00e9 de l'agglom\u00e9ration parisienne sont charg\u00e9s, chacun en ce  \nqui le concerne, de l'ex\u00e9cution du pr\u00e9sent arr\u00eat\u00e9 qui entrera en vigueur d\u00e8s l'affichage aux  \nportes  de  la  pr\u00e9fecture  de  police  et  sera  publi\u00e9  aux  recueils  des  actes  administratifs  du \nd\u00e9partement de Paris et de la pr\u00e9fecture du Val-de-Marne.\nFait \u00e0 Paris, le 20 avril 2026\nSIGNE\nPour le pr\u00e9fet de police\nLe sous-pr\u00e9fet, directeur adjoint de cabinet\nCharles BARBIER\n2026-00437 2\nPr\u00e9fecture de Police - 75-2026-04-20-00014 - Arr\u00eat\u00e9 2026-00437 du 20  avril 2026 autorisant la captation, l'enregistrement et la\ntransmission d'images au moyen d'une cam\u00e9ra install\u00e9e sur des a\u00e9ronefs dans le Val-de-Marne (94) les 21 et 22 avril 2026 21\nAnnexe de l'arr\u00eat\u00e9 n\u00b02026-00437 du 20 avril 2026\nVOIES ET DELAIS DE RECOURS\n_______________________\nSi vous estimez devoir contester la pr\u00e9sente autorisation, il vous est possible, dans un d\u00e9lai de deux \nmois \u00e0 compter de la date de son affichage ou de sa publication\u00a0:\n- soit de saisir d'un RECOURS GRACIEUX\nle Pr\u00e9fet de Police\n7/9, boulevard du Palais - 75195 PARIS RP\n- ou de former un RECOURS HIERARCHIQUE\n  aupr\u00e8s du Ministre de l'int\u00e9rieur et des outre-mer\n  Direction des libert\u00e9s publiques et des affaires juridiques\n  place Beauvau - 75008 PARIS\n- soit de saisir d'un RECOURS CONTENTIEUX\nle Tribunal administratif comp\u00e9tent\nAucune de ces voies et recours ne suspend l'application de la pr\u00e9sente d\u00e9cision.\nLes  recours  GRACIEUX  et  HIERARCHIQUE  doivent  \u00eatre  \u00e9crits,  exposer  les  arguments  ou  faits  \nnouveaux et comprendre la copie de la d\u00e9cision contest\u00e9e.\nLe recours contentieux, qui vise \u00e0 contester la LEGALITE de la pr\u00e9sente d\u00e9cision, doit \u00e9galement  \n\u00eatre \u00e9crit et exposer votre argumentation juridique.\nSi vous n'aviez pas de r\u00e9ponse \u00e0 votre recours GRACIEUX ou HIERARCHIQUE dans un d\u00e9lai de deux \nmois \u00e0 compter de la r\u00e9ception de votre recours par l'administration, votre demande devra \u00eatre  \nconsid\u00e9r\u00e9e comme rejet\u00e9e (d\u00e9cision implicite de rejet).\nEn cas de rejet des RECOURS GRACIEUX ou HIERARCHIQUE, le Tribunal administratif peut \u00eatre  \nsaisi d'un recours contentieux dans le d\u00e9lai de deux mois \u00e0 compter de la date de la d\u00e9cision de  \nrejet.\n2026-00437 3\nPr\u00e9fecture de Police - 75-2026-04-20-00014 - Arr\u00eat\u00e9 2026-00437 du 20  avril 2026 autorisant la captation, l'enregistrement et la\ntransmission d'images au moyen d'une cam\u00e9ra install\u00e9e sur des a\u00e9ronefs dans le Val-de-Marne (94) les 21 et 22 avril 2026 22\n2026-00437 4\nPr\u00e9fecture de Police - 75-2026-04-20-00014 - Arr\u00eat\u00e9 2026-00437 du 20  avril 2026 autorisant la captation, l'enregistrement et la\ntransmission d'images au moyen d'une cam\u00e9ra install\u00e9e sur des a\u00e9ronefs dans le Val-de-Marne (94) les 21 et 22 avril 2026 23\nPr\u00e9fecture de Police\n75-2026-04-22-00001\nArr\u00eat\u00e9 2026-00451 du 22 avril 2026  autorisant la\ncaptation, l'enregistrement et la transmission\nd'images au moyen d'une cam\u00e9ra install\u00e9e sur\ndes a\u00e9ronefs en Seine-Saint-Denis (93) le 24 avril\n2026\nPr\u00e9fecture de Police - 75-2026-04-22-00001 - Arr\u00eat\u00e9 2026-00451 du 22 avril 2026  autorisant la captation, l'enregistrement et la\ntransmission d'images au moyen d'une cam\u00e9ra install\u00e9e sur des a\u00e9ronefs en Seine-Saint-Denis (93) le 24 avril 2026 24\n\\|Ill\u00e0oeIa\n \nCABINET DU PREFET \n \n \n  \n \nArr\u00eat\u00e9 n\u00b02026-00451  \nautorisant la captation, l'enregistrement et la transmission d'images au moyen d'une cam\u00e9ra \ninstall\u00e9e sur des a\u00e9ronefs en Seine-Saint-Denis (93) le 24 avril 2026  \n \n \n \nLe pr\u00e9fet de police,  \n \nVu le code de la s\u00e9curit\u00e9 int\u00e9rieure, notamment ses articles L. 242-1 \u00e0 L.  242-8 et R.  242-8 \u00e0 R.  242-\n15  ; \n \nVu le d\u00e9cret n\u00b0 2004-374 modifi\u00e9 du 29 avril 2004 r elatif aux pouvoirs des pr\u00e9fets, \u00e0 \nl'organisation et \u00e0 l'action des services de l'\u00c9tat dans les r\u00e9gions et d\u00e9partements, notamment \nson article 73 ; \n \nVu l'arr\u00eat\u00e9 du 19 avril 2023 relatif au nombre maxi mal de cam\u00e9ras install\u00e9es sur des a\u00e9ronefs \npouvant \u00eatre simultan\u00e9ment utilis\u00e9es dans chaque d\u00e9partement et collectivit\u00e9 d'outre-mer  ; \n \nVu l'instruction minist\u00e9rielle NOR IOMD2311883J du 30 avril 2023 relative \u00e0 la proc\u00e9dure \nd'autorisation des cam\u00e9ras install\u00e9es sur des a\u00e9ron efs pour des missions de police \nadministrative  ; \n \nVu le d\u00e9cret du 22 octobre 2025 par lequel M. Patri ce FAURE, administrateur de l'\u00c9tat du \ntroisi\u00e8me grade, directeur de cabinet du Pr\u00e9sident de la R\u00e9publique, est nomm\u00e9 pr\u00e9fet de \npolice (groupe I), \u00e0 compter du 23 octobre 2025  ; \n \nVu la demande en date du 21 avril 2026 form\u00e9e par l a direction territoriale de la s\u00e9curit\u00e9 de \nproximit\u00e9 de la Seine-Saint-Denis visant \u00e0 obtenir l'autorisation de capter, d'enregistrer et de \ntransmettre des images au moyen de deux cam\u00e9ras ins tall\u00e9es sur des a\u00e9ronefs t\u00e9l\u00e9-pilot\u00e9s \nafin d'assurer la pr\u00e9vention des atteintes \u00e0 la s\u00e9c urit\u00e9 des personnes et des biens sur la \ncommune de Sevran (93) le 24 avril 2026 ; \n \nConsid\u00e9rant que les dispositions du I de l'article L. 242-5 du code de la s\u00e9curit\u00e9 int\u00e9rieure \npermettent aux forces de s\u00e9curit\u00e9 int\u00e9rieure, dans l'exercice de leurs missions de pr\u00e9vention \ndes atteintes \u00e0 l'ordre public et de protection de la s\u00e9curit\u00e9 des personnes et des biens, de \nproc\u00e9der \u00e0 la captation, \u00e0 l'enregistrement et \u00e0 la  transmission d'images au moyen de \ncam\u00e9ras install\u00e9es sur des a\u00e9ronefs aux fins d'assu rer la pr\u00e9vention des atteintes \u00e0 la s\u00e9curit\u00e9 \ndes personnes et des biens dans des lieux particuli\u00e8rement expos\u00e9s ; \n \nConsid\u00e9rant qu'une op\u00e9ration de s\u00e9curisation est pr\u00e9vue le 24 avril 2026 dans le secteur de la \ncit\u00e9 des Beaudottes situ\u00e9 sur la commune de Sevran,  suite \u00e0 des \u00e9pisodes de violences \nurbaines, ayant g\u00e9n\u00e9r\u00e9 de graves troubles \u00e0 l'ordre  public et entra\u00eenant des nuisances \nimportantes au quotidien pour les habitants de la c it\u00e9 ; que les forces de l'ordre sont \nfr\u00e9quemment prises \u00e0 partie et cibl\u00e9es par des proj ectiles ; que le regroupement d'individus \nhostiles aux policiers a \u00e9t\u00e9 constat\u00e9 ; que le reco urs ponctuel aux cam\u00e9ras a\u00e9roport\u00e9es \npermet d'appuyer l'action et le d\u00e9ploiement des eff ectifs de police sur le terrain \u00e0 l'occasion \nPr\u00e9fecture de Police - 75-2026-04-22-00001 - Arr\u00eat\u00e9 2026-00451 du 22 avril 2026  autorisant la captation, l'enregistrement et la\ntransmission d'images au moyen d'une cam\u00e9ra install\u00e9e sur des a\u00e9ronefs en Seine-Saint-Denis (93) le 24 avril 2026 25\n \n2 \n2026-00451 \ndes op\u00e9rations de s\u00e9curisation et d'adapter le disp ositif de s\u00e9curit\u00e9 le cas \u00e9ch\u00e9ant, pour \npr\u00e9venir ou faire cesser les troubles \u00e0 l'ordre public  ; \n \nConsid\u00e9rant que le recours ponctuel aux cam\u00e9ras a\u00e9r oport\u00e9es permet de disposer d'une \nvision en grand angle tout en limitant l'engagement des forces au sol afin d'\u00e9viter les menaces \npour leur int\u00e9grit\u00e9 physique, d'anticiper les vell\u00e9 it\u00e9s d'actions violentes group\u00e9es pouvant les \nviser et, le cas \n \u00e9ch\u00e9ant, d'organiser de mani\u00e8re r\u00e9active et efficac e leur d\u00e9ploiement \nop\u00e9rationnel, notamment en cas de mouvement de foul e ou d'actions violentes de groupes \nd'individus ; qu'il n'existe pas de dispositif moin s intrusif permettant de parvenir aux m\u00eames \nfins ; \n \nConsid\u00e9rant que la demande de la direction territor iale de la s\u00e9curit\u00e9 de proximit\u00e9 de la \nSeine-Saint-Denis porte sur l'engagement de deux ca m\u00e9ras a\u00e9roport\u00e9es qui pourront \u00eatre en \nvol en vue de capter, d'enregistrer et de transmett re des images  ; que les aires survol\u00e9es sont \nstrictement limit\u00e9es aux zones o\u00f9 des troubles \u00e0 l' ordre public sont susceptibles de se \nproduire  ; que la dur\u00e9e de l'autorisation demand\u00e9e n'appara\u00eet pas disproportionn\u00e9e au regard \nde la finalit\u00e9 poursuivie ; \n \nSur proposition de la direction territoriale de la s\u00e9curit\u00e9 de proximit\u00e9 de la Seine-Saint-Denis, \n \n \nARRETE  : \n \n \nArticle 1 \ner  \u2013 La captation, l'enregistrement et la transmission d'images par la direction \nterritoriale de la s\u00e9curit\u00e9 de proximit\u00e9 de la Sein e-Saint-Denis sont autoris\u00e9s dans le \nd\u00e9partement de la Seine-Saint-Denis (93) \u00e0 l'occasi on des op\u00e9rations susvis\u00e9es au titre de  la \npr\u00e9vention des atteintes \u00e0 la s\u00e9curit\u00e9 des personnes et des biens . \n \nArticle 2  \u2013 Le nombre maximal de cam\u00e9ras pouvant proc\u00e9der simu ltan\u00e9ment \u00e0 des \nenregistrements est fix\u00e9 \u00e0 deux cam\u00e9ras embarqu\u00e9es sur des a\u00e9ronefs t\u00e9l\u00e9-pilot\u00e9s.  \n \nArticle 3  \u2013 La pr\u00e9sente autorisation s'applique sur la commune  de Sevran, conform\u00e9ment au \np\u00e9rim\u00e8tre g\u00e9ographique figurant sur le plan en annexe au pr\u00e9sent arr\u00eat\u00e9.  \n \nArticle 4  \u2013 La pr\u00e9sente autorisation est d\u00e9livr\u00e9e le vendredi 24 avril 2026, de 16h00 \u00e0 19h00, \npour la mise en \u0153uvre de la finalit\u00e9 pr\u00e9cit\u00e9e.  \n \nArticle 5  \u2013 Le registre mentionn\u00e9 \u00e0 l'article L. 242-4 du code  de la s\u00e9curit\u00e9 int\u00e9rieure est \ntransmis au pr\u00e9fet de police, \u00e0 l'issue de la p\u00e9riode d'autorisation.  \n \nArticle 6 \u2013 Le pr\u00e9fet de la Seine-Saint-Denis, le pr\u00e9fet, direc teur du cabinet du pr\u00e9fet de \npolice et le directeur de la s\u00e9curit\u00e9 de proximit\u00e9 de l'agglom\u00e9ration parisienne sont charg\u00e9s, \nchacun en ce qui le concerne, de l'ex\u00e9cution du pr\u00e9 sent arr\u00eat\u00e9 qui entrera en vigueur d\u00e8s \nl'affichage aux portes de la pr\u00e9fecture de police e t sera publi\u00e9 aux recueils des actes \nadministratifs du d\u00e9partement de Paris et de la pr\u00e9fecture de la Seine-Saint-Denis.  \n \n \nFait \u00e0 Paris, le 22 avril 2026  \n \nSIGN\u00c9  \nPour le pr\u00e9fet de police  \nPr\u00e9fecture de Police - 75-2026-04-22-00001 - Arr\u00eat\u00e9 2026-00451 du 22 avril 2026  autorisant la captation, l'enregistrement et la\ntransmission d'images au moyen d'une cam\u00e9ra install\u00e9e sur des a\u00e9ronefs en Seine-Saint-Denis (93) le 24 avril 2026 26\n \n3 \n2026-00451 \nLe sous-pr\u00e9fet, directeur adjoint du cabinet  \nCharles BARBIER  \n \nPr\u00e9fecture de Police - 75-2026-04-22-00001 - Arr\u00eat\u00e9 2026-00451 du 22 avril 2026  autorisant la captation, l'enregistrement et la\ntransmission d'images au moyen d'une cam\u00e9ra install\u00e9e sur des a\u00e9ronefs en Seine-Saint-Denis (93) le 24 avril 2026 27\n \n4 \n2026-00451 \n \nAnnexe de l'arr\u00eat\u00e9 n\u00b0 2026-00451 du 22 avril 2026  \n \n \n \nVOIES ET D\u00c9LAIS DE RECOURS \n \n_______________________  \n \n \n \nSi vous estimez devoir contester la pr\u00e9sente autori sation, il vous est possible, dans un d\u00e9lai de \ndeux mois \u00e0 compter de la date de son affichage ou de sa publication  :\n \n \n \n- soit de saisir d'un RECOURS GRACIEUX \n \nle Pr\u00e9fet de Police  \n7/9, boulevard du Palais - 75195 PARIS RP  \n \n- ou de former un RECOURS HI\u00c9RARCHIQUE \n \n  aupr\u00e8s du Ministre de l'int\u00e9rieur et des outre-mer  \n  Direction des libert\u00e9s publiques et des affaires juridiques  \n  place Beauvau - 75008 PARIS  \n \n- soit de saisir d'un RECOURS CONTENTIEUX \n \nle Tribunal administratif comp\u00e9tent  \n \n \nAucune de ces voies et recours ne suspend l'application de la pr\u00e9sente d\u00e9cision. \n \n \nLes recours GRACIEUX et HI\u00c9RARCHIQUE doivent \u00eatre \u00e9c rits, exposer les arguments ou faits \nnouveaux et comprendre la copie de la d\u00e9cision contest\u00e9e. \n \n \nLe recours contentieux, qui vise \u00e0 contester la L\u00c9GALI T\u00c9 de la pr\u00e9sente d\u00e9cision, doit \u00e9galement \n\u00eatre \u00e9crit et exposer votre argumentation juridique. \n \n \nSi vous n'aviez pas de r\u00e9ponse \u00e0 votre recours GRAC IEUX ou HI\u00c9RARCHIQUE dans un d\u00e9lai de \ndeux mois \u00e0 compter de la r\u00e9ception de votre recour s par l'administration, votre demande devra \n\u00eatre consid\u00e9r\u00e9e comme rejet\u00e9e (d\u00e9cision implicite de rejet). \n \n \nEn cas de rejet des RECOURS GRACIEUX ou HI\u00c9RARCHIQU E, le Tribunal administratif peut \u00eatre \nsaisi d'un recours contentieux dans le d\u00e9lai de deu x mois \u00e0 compter de la date de la d\u00e9cision de \nrejet. \n \n \n \n \n \n \n \n \nPr\u00e9fecture de Police - 75-2026-04-22-00001 - Arr\u00eat\u00e9 2026-00451 du 22 avril 2026  autorisant la captation, l'enregistrement et la\ntransmission d'images au moyen d'une cam\u00e9ra install\u00e9e sur des a\u00e9ronefs en Seine-Saint-Denis (93) le 24 avril 2026 28\na).=\u2014\n4\n\" i fac d +\n| 1 @ Oo}4 \u2014 \" \u00a2= \u2014 Pan (/ 3 mt\n \n5 \n2026-00451 \n \n \n \n \nPr\u00e9fecture de Police - 75-2026-04-22-00001 - Arr\u00eat\u00e9 2026-00451 du 22 avril 2026  autorisant la captation, l'enregistrement et la\ntransmission d'images au moyen d'une cam\u00e9ra install\u00e9e sur des a\u00e9ronefs en Seine-Saint-Denis (93) le 24 avril 2026 29\nPr\u00e9fecture de Police\n75-2026-04-22-00008\nArr\u00eat\u00e9 n\u00b0 2026-00452 modifiant provisoirement\nle stationnement et la circulation dans plusieurs\nvoies de Paris 16\u00e8me et de Boulogne-Billancourt \u00e0\nl'occasion de la rencontre de football entre les\n\u00e9quipes du Paris Football Club et du Lille\nOlympique Sporting Club le 26 avril 2026\nPr\u00e9fecture de Police - 75-2026-04-22-00008 - Arr\u00eat\u00e9 n\u00b0 2026-00452 modifiant provisoirement le stationnement et la circulation dans\nplusieurs voies de Paris 16\u00e8me et de Boulogne-Billancourt \u00e0 l'occasion de la rencontre de football entre les \u00e9quipes du Paris Football\nClub et du Lille Olympique Sporting Club le 26 avril 2026\n30\nPREFECTUREDE POLICELibert\u00e9Egalit\u00e9Fraternit\u00e9\nAtLeG\nCABINET DU PR\u00c9FET\nParis, le 22 avril 2026\nARRETE N\u00b02026-00452\nmodifiant provisoirement le stationnement et la circulation dans plusieurs voies \nde Paris 16\u00e8me et de Boulogne-Billancourt \u00e0 l'occasion de la rencontre de football entre les \n\u00e9quipes du Paris Football Club et du Lille Olympique Sporting Club le 26 avril 2026\nLE PR\u00c9FET DE POLICE\nVu le code g\u00e9n\u00e9ral des collectivit\u00e9s territoriales, notamment ses articles L.2512-13 et  \nL.2512-14 II ;\nVu  le  code  de  la  route,  notamment  ses  articles  L.325-1  \u00e0  L.325-3,  R.411-8  et\nR.411-25\u00a0;\nVu le code de l'action sociale et des familles, notamment son article L.241-3\u00a0;\nVu l'avis de la Ville de Paris en date du 16 avril 2026 ;\nVu l'avis de la Ville de Boulogne-Billancourt en date du 16 avril 2026 ;\nConsid\u00e9rant l'organisation de la rencontre entre les \u00e9quipes du Paris Football Club et  \ndu Lille Olympique Sporting Club dans  le cadre de la 31 \u00e8me journ\u00e9e de la Ligue 1 de football,  \nqui se d\u00e9roulera le 26 avril 2026 au stade Jean Bouin \u00e0 Paris 16\u00e8me\u00a0;\nConsid\u00e9rant  que pour  assurer  le  bon  d\u00e9roulement  de cet  \u00e9v\u00e8nement  ainsi  que  la  \ns\u00e9curit\u00e9 du public et des participants, il convient de prendre des mesures de restriction du  \nstationnement et de la circulation le 26 avril 2026, dans plusieurs voies de Paris 16 \u00e8me et de  \nBoulogne-Billancourt\u00a0;\nSur proposition du directeur de l'ordre public et de la circulation\u00a0:\nA R R E T E \nArticle 1  er  \nLe stationnement de tout type de v\u00e9hicule est interdit le 26 avril 2026 de 08h00 \u00e0  \n21h00, dans les voies et portions de voies suivantes de Paris 16\u00e8me et de Boulogne-Billancourt\u00a0:\n- rue Nungesser et Coli, entre l'avenue de la Porte Molitor et la place de l'Europe\u00a0;\n- all\u00e9e Charles Brennus\u00a0;\n- avenue du G\u00e9n\u00e9ral Sarrail, entre la rue Raffa\u00eblli et la rue Lecomte du No\u00fcy\u00a0;\n- rue Lecomte du No\u00fcy\u00a0;\n- avenue du Parc des Princes, entre l'avenue du G\u00e9n\u00e9ral Sarrail et la rue de l'Arioste\u00a0;\nPr\u00e9fecture de Police - 75-2026-04-22-00008 - Arr\u00eat\u00e9 n\u00b0 2026-00452 modifiant provisoirement le stationnement et la circulation dans\nplusieurs voies de Paris 16\u00e8me et de Boulogne-Billancourt \u00e0 l'occasion de la rencontre de football entre les \u00e9quipes du Paris Football\nClub et du Lille Olympique Sporting Club le 26 avril 2026\n31\n- rue du Commandant Guilbaud, de la place de l'Europe \u00e0 la rue du Parc\u00a0;\n- place de l'Europe\u00a0;\n- rue Claude Farr\u00e8re\u00a0;\n- rue Joseph Bernard, de la rue de La Tourelle \u00e0 la rue Nungesser et Coli ; \n- avenue de la porte Molitor, c\u00f4t\u00e9 impair, entre la rue Nungesser et Coli et le boule -\nvard d'Auteuil ;\n- place de la porte Molitor entre l'avenue de la porte Molitor et l'avenue du G\u00e9n\u00e9ral  \nSarrail ;\n- avenue Gordon Bennett, dans sa moiti\u00e9 sud, des deux c\u00f4t\u00e9s de la voie ;\n- boulevard d'Auteuil, entre l'avenue Robert Schuman et la rue de la Tourelle ;\n- rue de la Tourelle, entre le boulevard d'Auteuil et la rue Joseph Bernard.\nCes voies et portions de voies figurent en annexe 2 au pr\u00e9sent arr\u00eat\u00e9.\nArticle 2\nLa circulation de tout type de v\u00e9hicule est interdite le 26 avril 2026 de 14h15 \u00e0 21h00,  \ndans les voies et portions de voies suivantes de Paris 16\u00e8me et de Boulogne-Billancourt\u00a0:\n- rue Nungesser et Coli, entre l'avenue de la Porte Molitor et la place de l'Europe\u00a0;\n- all\u00e9e Charles Brennus\u00a0;\n- avenue du G\u00e9n\u00e9ral Sarrail, entre la rue Raffa\u00eblli et la rue Lecomte du No\u00fcy\u00a0;\n- rue Lecomte du No\u00fcy\u00a0;\n- avenue du Parc des Princes,\u00a0entre l'avenue du G\u00e9n\u00e9ral Sarrail et la rue de l'Arioste\u00a0;\n- rue du Commandant Guilbaud, entre la place de l'Europe et la rue du Parc\u00a0;\n- place de l'Europe\u00a0;\n- rue Claude Farr\u00e8re\u00a0;\n- rue Joseph Bernard, de la rue de La Tourelle \u00e0 la rue Nungesser et Coli ;\n- avenue Gordon Bennett.\nCes voies et portions de voies figurent en annexe 2 au pr\u00e9sent arr\u00eat\u00e9.\nArticle 3\nSeuls les v\u00e9hicules des personnes titulaires de la carte \u00ab \u00a0mobilit\u00e9 inclusion\u00a0\u00bb portant la \nmention \u00ab\u00a0stationnement pour personnes handicap\u00e9es \u00a0\u00bb, telle que mentionn\u00e9e dans l'article  \nL.241-3 du code de l'action sociale et des familles, sont autoris\u00e9s \u00e0 stationner et \u00e0 circuler rue  \ndu Commandant Guilbaud, de la place de l'Europe \u00e0 la rue du Parc, \u00e0 Paris 16 \u00e8me, lors des  \nplages horaires pr\u00e9cit\u00e9es.\n          2\nPr\u00e9fecture de Police - 75-2026-04-22-00008 - Arr\u00eat\u00e9 n\u00b0 2026-00452 modifiant provisoirement le stationnement et la circulation dans\nplusieurs voies de Paris 16\u00e8me et de Boulogne-Billancourt \u00e0 l'occasion de la rencontre de football entre les \u00e9quipes du Paris Football\nClub et du Lille Olympique Sporting Club le 26 avril 2026\n32\nArticle 4\nSans pr\u00e9judice des sanctions p\u00e9nales auxquelles s'exposent les personnes en infraction \navec les dispositions du pr\u00e9sent arr\u00eat\u00e9, les v\u00e9hicules ayant servi \u00e0 commettre ces infractions  \npeuvent \u00eatre immobilis\u00e9s et mis en fourri\u00e8re dans les conditions pr\u00e9vues aux articles L.325-1 \u00e0  \nL.325-3 du code de la route.\nArticle 5\nLes  dispositions  du  pr\u00e9sent  arr\u00eat\u00e9  ne  sont  pas  applicables  aux  v\u00e9hicules  d'int\u00e9r\u00eat \ng\u00e9n\u00e9ral prioritaires au sens des dispositions de l'article R.311-1 6.5 du code de la route.\nArticle 6\nLe  directeur  de  l'ordre  public  et  de  la  circulation,  le  directeur  de  la  s\u00e9curit\u00e9  de  \nproximit\u00e9 de l'agglom\u00e9ration parisienne de la pr\u00e9fecture de Police, le directeur de la voirie et  \ndes d\u00e9placements et le directeur de la police municipale et de la pr\u00e9vention de la Ville de  \nParis sont charg\u00e9s, chacun en ce qui le concerne, de l'ex\u00e9cution du pr\u00e9sent arr\u00eat\u00e9 qui entrera  \nen vigueur \u00e0 compter de son affichage aux portes de la pr\u00e9fecture de Police (1 rue de Lut\u00e8ce).  \nIl sera \u00e9galement affich\u00e9 aux portes de la mairie et du commissariat de l'arrondissement  \nconcern\u00e9 et sera publi\u00e9 au recueil des actes administratifs de la pr\u00e9fecture de la r\u00e9gion d'\u00cele-\nde-France, pr\u00e9fecture de Paris et de la pr\u00e9fecture de Police et sur le site internet de la  \npr\u00e9fecture de Police de Paris : www.prefecturedepolice.interieur.gouv.fr. \nPour le pr\u00e9fet de Police,\nLe sous-pr\u00e9fet, directeur adjoint \ndu cabinet\nS I G N \u00c9\nCharles BARBIER\n          3\nPr\u00e9fecture de Police - 75-2026-04-22-00008 - Arr\u00eat\u00e9 n\u00b0 2026-00452 modifiant provisoirement le stationnement et la circulation dans\nplusieurs voies de Paris 16\u00e8me et de Boulogne-Billancourt \u00e0 l'occasion de la rencontre de football entre les \u00e9quipes du Paris Football\nClub et du Lille Olympique Sporting Club le 26 avril 2026\n33\nANNEXE 1 A L'ARRETE N\u00b02026-00452             du         22 AVRIL 2026\nVOIES ET D\u00c9LAIS DE RECOURS\n_______________________\nSi vous estimez devoir contester la pr\u00e9sente d\u00e9cision, il vous est possible, dans un d\u00e9lai de  \ndeux mois \u00e0 compter de la date de son affichage\u00a0:\n- soit de saisir d'un RECOURS GRACIEUX\nle pr\u00e9fet de Police de Paris\n7/9, boulevard du Palais - 75195 PARIS RP\n- ou de former un RECOURS HI\u00c9RARCHIQUE\n  aupr\u00e8s du ministre de l'Int\u00e9rieur \n  Direction des libert\u00e9s publiques et des affaires juridiques\n  place Beauvau - 75008 PARIS\n- soit de saisir d'un RECOURS CONTENTIEUX\nle tribunal administratif comp\u00e9tent\nAucune de ces voies et recours ne suspend l'application de la pr\u00e9sente d\u00e9cision.\nLes recours GRACIEUX et HI\u00c9RARCHIQUE doivent \u00eatre \u00e9crits, exposer les arguments ou faits  \nnouveaux et comprendre la copie de la d\u00e9cision contest\u00e9e.\nLe  recours  contentieux,  qui  vise  \u00e0  contester  la  L\u00c9GALIT\u00c9  de  la  pr\u00e9sente  d\u00e9cision,  doit  \n\u00e9galement \u00eatre \u00e9crit et exposer votre argumentation juridique.\nSi vous n'aviez pas de r\u00e9ponse \u00e0 votre recours GRACIEUX ou HI\u00c9RARCHIQUE dans un d\u00e9lai  \nde  deux  mois  \u00e0  compter  de  la  r\u00e9ception  de  votre  recours  par  l'administration,  votre  \ndemande devra \u00eatre consid\u00e9r\u00e9e comme rejet\u00e9e (d\u00e9cision implicite de rejet).\nEn cas de rejet des RECOURS GRACIEUX ou HI\u00c9RARCHIQUE, le tribunal administratif peut  \n\u00eatre saisi d'un recours contentieux dans le d\u00e9lai de deux mois \u00e0 compter de la date de la  \nd\u00e9cision de rejet.\n          4\nPr\u00e9fecture de Police - 75-2026-04-22-00008 - Arr\u00eat\u00e9 n\u00b0 2026-00452 modifiant provisoirement le stationnement et la circulation dans\nplusieurs voies de Paris 16\u00e8me et de Boulogne-Billancourt \u00e0 l'occasion de la rencontre de football entre les \u00e9quipes du Paris Football\nClub et du Lille Olympique Sporting Club le 26 avril 2026\n34\n1 1!'\nBR WTeRDICTIONDE STATIONNEMENT \u00a9Le Dimanche 26 Avril 2026 de 08h00 \u00e0 21h00hEE\u00c0 (J INTERDICTIONDE CIRCULATIONLe Dimanche 26 Avril 2026 de 14h15 \u00e0 21h00\nsf\n~.\n7; ~ te; ~~\n-\u2014\n= j-= j ,. : Z\nLe |\nL a /.LP \u00b0TM~...\u2014\u2014\u2014=~\u2014 ~D\";\nj \u00cb\n-- >\nwon !au\n17'tiffsifibsi\n~\n!c\nANNEXE 2 A L'ARR\u00caT\u00c9 N\u00b02026-00452       du   22 AVRIL 2026\n          5\nPr\u00e9fecture de Police - 75-2026-04-22-00008 - Arr\u00eat\u00e9 n\u00b0 2026-00452 modifiant provisoirement le stationnement et la circulation dans\nplusieurs voies de Paris 16\u00e8me et de Boulogne-Billancourt \u00e0 l'occasion de la rencontre de football entre les \u00e9quipes du Paris Football\nClub et du Lille Olympique Sporting Club le 26 avril 2026\n35\nPr\u00e9fecture de Police\n75-2026-04-22-00006\nArr\u00eat\u00e9 n\u00b02026-00454 instituant un p\u00e9rim\u00e8tre de\nprotection et diff\u00e9rentes mesures de police \u00e0\nl'occasion de la 31\u00e8me journ\u00e9e du championnat\nde France de football de Ligue 1 au stade Jean\nBouin le dimanche 26 avril 2026\nPr\u00e9fecture de Police - 75-2026-04-22-00006 - Arr\u00eat\u00e9 n\u00b02026-00454 instituant un p\u00e9rim\u00e8tre de protection et diff\u00e9rentes mesures de\npolice \u00e0 l'occasion de la 31\u00e8me journ\u00e9e du championnat de France de football de Ligue 1 au stade Jean Bouin le dimanche 26 avril\n2026\n36\nPREFECTURE (ap>DE POLICELibert\u00e9 \u00e0 4Egalit\u00e9Fraternit\u00e9\nCABINET DU PREFET\nArr\u00eat\u00e9 n\u00b02026-00454\ninstituant un p\u00e9rim\u00e8tre de protection et diff\u00e9rentes mesures de police \u00e0 l'occasion de la \n31\u00e8me journ\u00e9e du championnat de France de football de Ligue 1 au stade Jean Bouin le \ndimanche 26 avril 2026\nLe pr\u00e9fet de police,\nVu  le  code  g\u00e9n\u00e9ral  des  collectivit\u00e9s  territoriales,  notamment  ses  articles  L.  2215-1,  \nL. 2512-13 et L. 2512-14 ;\nVu le code p\u00e9nal\u00a0;\nVu le code de proc\u00e9dure p\u00e9nale\u00a0;\nVu le code la route, notamment son article L. 411-2\u00a0;\nVu le code rural et de la p\u00eache maritime, notamment ses articles L. 211-11 et L.\u00a0211\u00a0-12\u00a0;\nVu le code de la s\u00e9curit\u00e9 int\u00e9rieure, notamment ses articles L. 122-1, L. 122-2 , \u00a0L.\u00a0226-1, \nL.\u00a0611-1 et L. 613-2\u00a0;\nVu le d\u00e9cret n\u00b0 2004-374 du 29 avril 2004 modifi\u00e9 relatif aux pouvoirs des pr\u00e9fets, \u00e0  \nl'organisation  et  \u00e0  l'action  des  services  de  l'Etat  dans  les  r\u00e9gions  et  d\u00e9partements,  \nnotamment ses articles 70, 72, et 73 ;\nVu le d\u00e9cret du 22 octobre 2025 par lequel M. Patrice FAURE, administrateur de l'Etat du  \ntroisi\u00e8me grade, directeur de cabinet du Pr\u00e9sident de la R\u00e9publique, est nomm\u00e9 pr\u00e9fet de  \npolice (groupe I), \u00e0 compter du 23 octobre 2025\u00a0;\nConsid\u00e9rant  que,  en  application  des  articles  L.122-1  et  L.  122-2  du  code  de  s\u00e9curit\u00e9  \nint\u00e9rieure et 72 et 73 du d\u00e9cret du 29 avril 2004 susvis\u00e9, le pr\u00e9fet de police a la charge de  \nl'ordre public, notamment la pr\u00e9vention des atteintes \u00e0 la s\u00e9curit\u00e9 des personnes et des  \nbiens, dans les d\u00e9partements de Paris et des Hauts-de-Seine ;\nConsid\u00e9rant  que,  en  application  du  3\u00b0  de  l'article  L.  2215-1  du  code  g\u00e9n\u00e9ral  des  \ncollectivit\u00e9s  territoriales,  le  repr\u00e9sentant  de  l'Etat  dans  le  d\u00e9partement  est  seul  \ncomp\u00e9tent pour prendre les mesures relatives \u00e0 l'ordre, \u00e0 la s\u00fbret\u00e9, \u00e0 la s\u00e9curit\u00e9 et \u00e0 la  \nsalubrit\u00e9 publiques, dont le champ d'application exc\u00e8de le territoire d'une commune \u00a0; \nque, conform\u00e9ment \u00e0 l'article 73 du d\u00e9cret du 29 avril 2004 susvis\u00e9, le pr\u00e9fet de police  \nexerce dans le d\u00e9partement des Hauts-de-Seine les attributions d\u00e9volues au repr\u00e9sentant  \nde l'Etat dans le d\u00e9partement par l'article L. 2215-1 ;\nConsid\u00e9rant que, en application de l'article L. 226-1 du code de la s\u00e9curit\u00e9 int\u00e9rieure, le  \npr\u00e9fet de police peut, en vue d'assurer la s\u00e9curit\u00e9 d'un lieu ou d'un \u00e9v\u00e9nement expos\u00e9 \u00e0  \nun risque d'actes de terrorisme \u00e0 raison de sa nature et de l'ampleur de sa fr\u00e9quentation,  \ninstituer  par  arr\u00eat\u00e9  motiv\u00e9  un  p\u00e9rim\u00e8tre  de  protection  au  sein  duquel  l'acc\u00e8s  et  la  \ncirculation des personnes sont r\u00e9glement\u00e9s \u00a0; que cet arr\u00eat\u00e9 peut autoriser les agents  \n1\nPr\u00e9fecture de Police - 75-2026-04-22-00006 - Arr\u00eat\u00e9 n\u00b02026-00454 instituant un p\u00e9rim\u00e8tre de protection et diff\u00e9rentes mesures de\npolice \u00e0 l'occasion de la 31\u00e8me journ\u00e9e du championnat de France de football de Ligue 1 au stade Jean Bouin le dimanche 26 avril\n2026\n37\nmentionn\u00e9s  aux  2\u00b0  \u00e0  4\u00b0  de  l'article  16  du  code  de  proc\u00e9dure  p\u00e9nale  et,  sous  la  \nresponsabilit\u00e9 de ces agents,  ceux mentionn\u00e9s \u00e0 l'article 20 et aux 1\u00b0, 1\u00b0bis et 1\u00b0ter de  \nl'article 21 du m\u00eame code \u00e0 proc\u00e9der,  au sein d'un p\u00e9rim\u00e8tre de protection, avec le  \nconsentement  des  personnes  faisant  l'objet  de  ces  v\u00e9rifications,  \u00e0  des  palpations  de  \ns\u00e9curit\u00e9 ainsi qu'\u00e0 l'inspection visuelle et \u00e0 la fouille des bagages, ainsi qu'\u00e0 la visite des  \nv\u00e9hicules susceptibles de p\u00e9n\u00e9trer au sein de ce p\u00e9rim\u00e8tre \u00a0; qu'aux termes de l'article 73  \ndu d\u00e9cret du 29 avril 2004 susvis\u00e9, le pr\u00e9fet de police exerce dans le d\u00e9partement des  \nHauts-de-Seine les attributions d\u00e9volues au repr\u00e9sentant de l'Etat dans le d\u00e9partement  \npar l'article L. 226-1 du code de la s\u00e9curit\u00e9 int\u00e9rieure\u00a0;\nConsid\u00e9rant que, en application de l'article L. 613-2 du code de la s\u00e9curit\u00e9 int\u00e9rieure, les  \npersonnes physiques exer\u00e7ant l'activit\u00e9 mentionn\u00e9e au 1\u00b0 de l'article L. 611-1 du m\u00eame code \npeuvent, lorsqu'un p\u00e9rim\u00e8tre de protection a \u00e9t\u00e9 institu\u00e9 en application de l'article L.\u00a0226-1 \ndu m\u00eame code, proc\u00e9der, avec le consentement expr\u00e8s des personnes, \u00e0 des palpations  \nde s\u00e9curit\u00e9 ;\nConsid\u00e9rant que se tiendra, le dimanche 26 avril 2026 \u00e0 17h15, un match de football pour  \nle compte de la 31\u00e8me journ\u00e9e du championnat de football de Ligue 1 au stade Jean Bouin \u00e0  \nParis 16\u00e8me, qui opposera les \u00e9quipes du Paris Football Club (Paris FC) et du Lille Olympique  \nSporting Club (LOSC)\u00a0; qu'\u00e0 cette occasion, un nombre important de supporters ainsi que  \ndes  personnalit\u00e9s  seront  pr\u00e9sents  aux  abords  et  \u00e0  l'int\u00e9rieur  du  stade \u00a0;  que  dans  le \ncontexte  actuel  de  menace  tr\u00e8s  \u00e9lev\u00e9e,  cette  rencontre  sportive  est  susceptible  de  \nconstituer une cible privil\u00e9gi\u00e9e et symbolique pour des actes de nature terroriste\u00a0;\nConsid\u00e9rant que plusieurs attentats ou tentatives d'attentats r\u00e9cents traduisent le niveau  \n\u00e9lev\u00e9  de  la  menace  terroriste  actuelle  en  France  dans  le  cadre  du  plan  VIGIPIRATE  \n\u00ab\u00a0urgence attentat \u00bb en vigueur sur l'ensemble du territoire national depuis le 24 mars  \n2024\u00a0;\nConsid\u00e9rant qu'il appartient \u00e0 l'autorit\u00e9 de police comp\u00e9tente de prendre les mesures  \nadapt\u00e9es, n\u00e9cessaires et proportionn\u00e9es visant \u00e0 garantir la s\u00e9curit\u00e9 des personnes et des  \nbiens  pendant  cet  \u00e9v\u00e8nement \u00a0;  que  la  mise  en  place  d'un  p\u00e9rim\u00e8tre  de  protection  \ncomprenant diff\u00e9rentes mesures de police \u00e0 l'occasion du match de Ligue 1 entre le Paris  \nFC et le LOSC au stade Jean Bouin \u00e0 Paris 16 \u00e8me le dimanche 26 avril 2026 r\u00e9pond \u00e0 ces  \nobjectifs\u00a0;\nARRETE :\nTITRE PREMIER\nINSTITUTION D'UN P\u00c9RIM\u00c8TRE DE PROTECTION  \nArticle 1 er \u2013 Le dimanche 26 avril 2026 de 14h15 \u00e0 20h00 est institu\u00e9 un p\u00e9rim\u00e8tre de  \nprotection au sein duquel l'acc\u00e8s et la circulation des personnes sont r\u00e9glement\u00e9s dans les \nconditions fix\u00e9es par le pr\u00e9sent arr\u00eat\u00e9.\nArticle  2  \u2013 Le  p\u00e9rim\u00e8tre  de  protection  institu\u00e9  par  l'article  1 er du  pr\u00e9sent  arr\u00eat\u00e9  est  \nd\u00e9limit\u00e9 selon la cartographie en annexe.\nArticle 3 \u2013 Les points d'acc\u00e8s au p\u00e9rim\u00e8tre, sur lesquels des dispositifs de pr\u00e9-filtrage et de \nfiltrage sont mis en place, sont situ\u00e9s\u00a0:\n- \u00e0 l'angle form\u00e9 par l'avenue du G\u00e9n\u00e9ral-Sarrail, la rue Raffa\u00eblli (c\u00f4t\u00e9 impair) et l'all\u00e9e  \nCharles Brennus \u00e0 Paris 16\u00e8me ;\n2026-00454 2\nPr\u00e9fecture de Police - 75-2026-04-22-00006 - Arr\u00eat\u00e9 n\u00b02026-00454 instituant un p\u00e9rim\u00e8tre de protection et diff\u00e9rentes mesures de\npolice \u00e0 l'occasion de la 31\u00e8me journ\u00e9e du championnat de France de football de Ligue 1 au stade Jean Bouin le dimanche 26 avril\n2026\n38\n- rue Lecomte du No\u00fcy \u00e0 Paris 16\u00e8me\u00a0;\n- avenue du Parc des Princes \u00e0 Paris 16\u00e8me \u00e0 hauteur de la rue de l'Arioste\u00a0;\n- \u00e0  l'angle  form\u00e9  par  la  rue  du  Parc  \u00e0  Boulogne-Billancourt  (92)  et  la  rue  du  \nCommandant Guilbaud \u00e0 Paris 16\u00e8me\u00a0;\n- place de l'Europe \u00e0 Boulogne-Billancourt (92), dans sa partie comprise entre la rue  \nMarcel Loyau \u00e0 Boulogne-Billancourt (92) et le rond-point de la place de l'Europe \u00e0  \nParis 16\u00e8me\u00a0;\n- \u00e0  l'angle  form\u00e9  par  la  rue  Joseph  Bernard  et  la  rue  de  la  Tourelle  \u00e0  Boulogne-\nBillancourt (92)\u00a0;\n- \u00e0 l'angle form\u00e9 par la rue Nungesser et Coli et l'avenue de la Porte Molitor \u00e0 Paris  \n16\u00e8me\u00a0.\nTITRE II\nMESURES DE POLICE APPLICABLES \u00c0 L'INT\u00c9RIEUR DU P\u00c9RIM\u00c8TRE DE PROTECTION\nArticle 4 \u2013 Dans le p\u00e9rim\u00e8tre institu\u00e9 et durant la p\u00e9riode mentionn\u00e9e par l'article 1 er, les \nmesures suivantes sont applicables\u00a0:\n1\u00b0 Mesures applicables aux usagers de la voie publique\u00a0:\na) Sont interdits\u00a0:\n- Tout rassemblement de nature revendicative ;\n-  Le  port,  le  transport  et  l'utilisation  des  artifices  de  divertissement,  des  articles  \npyrotechniques, des armes \u00e0 feu, y compris factices, et des munitions, ainsi que de  \ntous objets susceptibles de constituer une arme au sens de l'article 132-75 du code  \np\u00e9nal  ou  pouvant  servir  de  projectile  pr\u00e9sentant  un  danger  pour  la  s\u00e9curit\u00e9  des  \npersonnes et des biens\u00a0;\n- L'acc\u00e8s des animaux dangereux au sens des articles L. 211-11 et suivants du code rural  \net de la p\u00eache maritime, en particulier les chiens des 1\u00e8re et 2\u00e8me cat\u00e9gories\u00a0;\nb) Les  personnes ont l'obligation, pour acc\u00e9der par les points de pr\u00e9-filtrage et de  \nfiltrage pr\u00e9vus \u00e0 l'article 3 ou circuler \u00e0 l'int\u00e9rieur du p\u00e9rim\u00e8tre, de se soumettre, \u00e0 la  \ndemande  des  agents  autoris\u00e9s  par  le  pr\u00e9sent  arr\u00eat\u00e9  \u00e0  proc\u00e9der  \u00e0  ces  v\u00e9rifications,  \u00e0 \nl'inspection visuelle des bagages et \u00e0 leur fouille, ainsi qu'\u00e0 des palpations de s\u00e9curit\u00e9 et,  \nexclusivement par des officiers de police judiciaire et, sous leur responsabilit\u00e9, par des  \nagents  de  police  judiciaire  et  agents  de  police  judiciaire  adjoints,  \u00e0  la  visite  de  leur  \nv\u00e9hicule\u00a0;\nc)  Les  personnes  qui,  pour  des  raisons  professionnelles,  de  r\u00e9sidence  ou  familiales  \ndoivent acc\u00e9der \u00e0 l'int\u00e9rieur du p\u00e9rim\u00e8tre de protection et y circuler, sont invit\u00e9es \u00e0 se  \nsignaler aupr\u00e8s de l'autorit\u00e9 de police sur place afin de pouvoir faire l'objet d'une mesure  \nde filtrage adapt\u00e9e\u00a0;\n2\u00b0 Mesures accordant des comp\u00e9tences suppl\u00e9mentaires aux personnels charg\u00e9s de la  \ns\u00e9curit\u00e9\u00a0:\n- Les officiers de police judiciaire mentionn\u00e9s aux 2\u00b0 \u00e0 4\u00b0 de l'article 16 du code de  \nproc\u00e9dure  p\u00e9nale  et,  sous  leur  responsabilit\u00e9,  les  agents  de  police  judiciaire  \nmentionn\u00e9s  \u00e0  l'article  20  du  m\u00eame  code  sont  autoris\u00e9s  \u00e0  proc\u00e9der,  avec  le  \nconsentement des personnes faisant l'objet de ces v\u00e9rifications, \u00e0 des palpations de  \n2026-00454 3\nPr\u00e9fecture de Police - 75-2026-04-22-00006 - Arr\u00eat\u00e9 n\u00b02026-00454 instituant un p\u00e9rim\u00e8tre de protection et diff\u00e9rentes mesures de\npolice \u00e0 l'occasion de la 31\u00e8me journ\u00e9e du championnat de France de football de Ligue 1 au stade Jean Bouin le dimanche 26 avril\n2026\n39\ns\u00e9curit\u00e9, \u00e0 l'inspection visuelle des bagages et \u00e0 leur fouille, ainsi qu'\u00e0 la visite des  \nv\u00e9hicules\u00a0;\n- Les personnes exer\u00e7ant l'activit\u00e9 mentionn\u00e9e au 1\u00b0 de l'article L. 611-1 du code de la  \ns\u00e9curit\u00e9  int\u00e9rieure  peuvent,  aux  points  de  filtrage,  proc\u00e9der,  sous  l'autorit\u00e9  des  \nofficiers de police judiciaire et aupr\u00e8s des agents de police judiciaire qu'ils assistent et  \navec le consentement expr\u00e8s des personnes, outre \u00e0 l'inspection visuelle des bagages  \net \u00e0 leur fouille, \u00e0 des palpations de s\u00e9curit\u00e9.\nArticle 5 \u2013 Sans pr\u00e9judice des sanctions p\u00e9nales auxquelles s'exposent les personnes en  \ninfraction avec les dispositions du pr\u00e9sent titre,  celles qui refusent de se soumettre \u00e0  \nl'inspection visuelle de leurs bagages \u00e0 main, \u00e0 leur fouille, \u00e0 des palpations de s\u00e9curit\u00e9 ou \n\u00e0 la visite de leur v\u00e9hicule  peuvent se voir interdire l'acc\u00e8s au p\u00e9rim\u00e8tre institu\u00e9 par  \nl'article 1er ou \u00eatre conduites \u00e0 l'ext\u00e9rieur de celui-ci.\nTITRE III\nDISPOSITIONS FINALES\nArticle 6  \u2013 Le pr\u00e9fet des Hauts-de-Seine, le pr\u00e9fet, directeur de cabinet du pr\u00e9fet de  \npolice, le directeur de l'ordre public et de la circulation et le directeur de la s\u00e9curit\u00e9 de  \nproximit\u00e9 de l'agglom\u00e9ration parisienne sont charg\u00e9s, chacun en ce qui le concerne, de  \nl'ex\u00e9cution  du  pr\u00e9sent  arr\u00eat\u00e9  qui  sera  publi\u00e9  aux  recueils  des  actes  administratifs  du \nd\u00e9partement de la Paris et de la pr\u00e9fecture des Hauts-de-Seine, consultable sur le site  \ninternet  de  la  pr\u00e9fecture  de  police  ( https://www.prefecturedepolice.interieur.gouv.fr), \ntransmis aux procureurs de la R\u00e9publique pr\u00e8s les tribunaux judiciaires de Paris et de  \nNanterre et communiqu\u00e9 aux maires de Paris et de Boulogne-Billancourt.\nFait \u00e0 Paris, le 22 avril 2026\nSIGNE\nPour le pr\u00e9fet de police\nLe sous-pr\u00e9fet, le directeur adjoint de cabinet\nCharles BARBIER\n2026-00454 4\nPr\u00e9fecture de Police - 75-2026-04-22-00006 - Arr\u00eat\u00e9 n\u00b02026-00454 instituant un p\u00e9rim\u00e8tre de protection et diff\u00e9rentes mesures de\npolice \u00e0 l'occasion de la 31\u00e8me journ\u00e9e du championnat de France de football de Ligue 1 au stade Jean Bouin le dimanche 26 avril\n2026\n40\nAnnexe de l'arr\u00eat\u00e9 n\u00b02026-00454 du 22 avril 2026\nVOIES ET DELAIS DE RECOURS\n_______________________\nSi vous estimez devoir contester le pr\u00e9sent arr\u00eat\u00e9, il vous est possible, dans un  \nd\u00e9lai de deux mois \u00e0 compter de son affichage ou de sa publication au recueil des actes  \nadministratifs du d\u00e9partement de Paris :\n-  soit de saisir d'un RECOURS GRACIEUX\nle Pr\u00e9fet de Police\n7/9, boulevard du Palais - 75195 PARIS RP\n- ou de former un RECOURS HIERARCHIQUE\n  aupr\u00e8s du Ministre de l'int\u00e9rieur\n  Direction des libert\u00e9s publiques et des affaires juridiques\n  place Beauvau - 75008 PARIS\n- soit de saisir d'un RECOURS CONTENTIEUX\nle Tribunal administratif comp\u00e9tent\nAucune de ces voies et recours ne suspend l'application de la pr\u00e9sente d\u00e9cision.\nLes  recours  GRACIEUX  et  HIERARCHIQUE  doivent  \u00eatre  \u00e9crits,  exposer  les  \narguments ou faits nouveaux et comprendre la copie de l'arr\u00eat\u00e9 contest\u00e9.\nLe  recours  CONTENTIEUX,  qui  vise  \u00e0  contester  la  LEGALITE  de  la  pr\u00e9sente  \nd\u00e9cision, doit \u00e9galement \u00eatre \u00e9crit et exposer votre argumentation juridique.\nSi vous n'aviez pas de r\u00e9ponse \u00e0 votre recours GRACIEUX ou HIERARCHIQUE  \ndans un d\u00e9lai de deux mois \u00e0 compter de la r\u00e9ception de votre recours par l'administration, \nvotre demande devra \u00eatre consid\u00e9r\u00e9e comme rejet\u00e9e (d\u00e9cision implicite de rejet).\nEn  cas  de  rejet  des  recours  GRACIEUX  ou  HIERARCHIQUE,  le  Tribunal  \nadministratif peut \u00eatre saisi d'un recours contentieux dans le d\u00e9lai de deux mois \u00e0 compter  \nde la date de la d\u00e9cision de rejet.\n2026-00454 5\nPr\u00e9fecture de Police - 75-2026-04-22-00006 - Arr\u00eat\u00e9 n\u00b02026-00454 instituant un p\u00e9rim\u00e8tre de protection et diff\u00e9rentes mesures de\npolice \u00e0 l'occasion de la 31\u00e8me journ\u00e9e du championnat de France de football de Ligue 1 au stade Jean Bouin le dimanche 26 avril\n2026\n41\nER ap. DIRECTION DEDE POLICE L'ORDRE PUBLICre ET DE LA CIRCULATION\nFESTenwd Soe ore< TE\n\"Ve Preaux cacyre ge .\n2026-00454 6\nPr\u00e9fecture de Police - 75-2026-04-22-00006 - Arr\u00eat\u00e9 n\u00b02026-00454 instituant un p\u00e9rim\u00e8tre de protection et diff\u00e9rentes mesures de\npolice \u00e0 l'occasion de la 31\u00e8me journ\u00e9e du championnat de France de football de Ligue 1 au stade Jean Bouin le dimanche 26 avril\n2026\n42\nPr\u00e9fecture de Police\n75-2026-04-22-00007\nArr\u00eat\u00e9 n\u00b02026-00455 autorisant la captation,\nl'enregistrement et la transmission d'images au\nmoyen de cam\u00e9ras install\u00e9es sur des a\u00e9ronefs \u00e0\nl'occasion de la 31\u00e8me journ\u00e9e du championnat\nde France de football de Ligue 1 au stade Jean\nBouin le dimanche 26 avril 2026\nPr\u00e9fecture de Police - 75-2026-04-22-00007 - Arr\u00eat\u00e9 n\u00b02026-00455 autorisant la captation, l'enregistrement et la transmission d'images\nau moyen de cam\u00e9ras install\u00e9es sur des a\u00e9ronefs \u00e0 l'occasion de la 31\u00e8me journ\u00e9e du championnat de France de football de Ligue 1 au\nstade Jean Bouin le dimanche 26 avril 2026\n43\nExPREFECTUREDE POLICELibert\u00e9Egalit\u00e9Fraternit\u00e9\nniqGi\nCABINET DU PREFET\nArr\u00eat\u00e9 n\u00b02026-00455\nautorisant la captation, l'enregistrement et la transmission d'images au moyen de cam\u00e9ras \ninstall\u00e9es sur des a\u00e9ronefs \u00e0 l'occasion de la 31\u00e8me journ\u00e9e du championnat de France de \nfootball de Ligue 1 au stade Jean Bouin le dimanche 26 avril 2026\nLe pr\u00e9fet de police,\nVu le code de la s\u00e9curit\u00e9 int\u00e9rieure, notamment ses articles L. 242-1 \u00e0 L. \u00a0242-8 et R. \u00a0242-8 \u00e0 \nR.\u00a0242-15 ;\nVu  le  d\u00e9cret  n\u00b0  2004-374  du  29  avril  2004  modifi\u00e9  relatif  aux  pouvoirs  des  pr\u00e9fets,  \u00e0  \nl'organisation  et  \u00e0  l'action  des  services  de  l'Etat  dans  les  r\u00e9gions  et  d\u00e9partements,  \nnotamment ses articles 70, 72 et 73 ;\nVu l'arr\u00eat\u00e9 du 19 avril 2023 relatif au nombre maximal de cam\u00e9ras install\u00e9es sur des a\u00e9ronefs  \npouvant \u00eatre simultan\u00e9ment utilis\u00e9es dans chaque d\u00e9partement et collectivit\u00e9 d'outre-mer\u00a0;\nVu l'instruction minist\u00e9rielle NOR IOMD2311883J du 30 avril 2023 relative \u00e0 la proc\u00e9dure  \nd'autorisation  des  cam\u00e9ras  install\u00e9es  sur  des  a\u00e9ronefs  pour  des  missions  de  police  \nadministrative\u00a0;\nVu le d\u00e9cret du 22 octobre 2025 par lequel M. Patrice FAURE, administrateur de l'Etat du  \ntroisi\u00e8me grade, directeur de cabinet du Pr\u00e9sident de la R\u00e9publique, est nomm\u00e9 pr\u00e9fet de  \npolice (groupe I), \u00e0 compter du 23 octobre 2025\u00a0;\nVu la demande en date du 16 avril 2026  form\u00e9e par la direction de l'ordre public et de la  \ncirculation  visant  \u00e0  obtenir  l'autorisation  de  capter,  d'enregistrer  et  de  transmettre  des \nimages au moyen de deux cam\u00e9ras install\u00e9es sur des a\u00e9ronefs t\u00e9l\u00e9-pilot\u00e9s afin d'assurer la  \npr\u00e9vention  des  atteintes  \u00e0  la  s\u00e9curit\u00e9  des  personnes  et  des  biens,  la  s\u00e9curit\u00e9  des  \nrassemblements,  la  pr\u00e9vention  d'actes  de  terrorisme  ainsi  que  la  r\u00e9gulation  des  flux  de \ntransport \u00e0 l'occasion de la 31\u00e8me journ\u00e9e du championnat de France de football de Ligue 1 le  \ndimanche 26 avril 2026 au stade Jean Bouin \u00e0 Paris 16\u00e8me\u00a0;\nConsid\u00e9rant que les dispositions du I de l'article L. 242-5 du code de la s\u00e9curit\u00e9 int\u00e9rieure  \npermettent aux forces de s\u00e9curit\u00e9 int\u00e9rieure, dans l'exercice de leurs missions de pr\u00e9vention  \ndes atteintes \u00e0 l'ordre public et de protection de la s\u00e9curit\u00e9 des personnes et des biens, de  \nproc\u00e9der  \u00e0  la  captation,  \u00e0  l'enregistrement  et  \u00e0  la  transmission  d'images  au  moyen  de  \ncam\u00e9ras install\u00e9es sur des a\u00e9ronefs aux fins d'assurer la pr\u00e9vention des atteintes \u00e0 la s\u00e9curit\u00e9  \ndes  personnes  et  des  biens  dans  des  lieux  particuli\u00e8rement  expos\u00e9s,  la  s\u00e9curit\u00e9  des  \nrassemblements de personnes sur la voie publique ainsi que l'appui des personnels au sol, en  \nvue de leur permettre de maintenir ou de r\u00e9tablir l'ordre public lorsque ces rassemblements  \nsont susceptibles d'entra\u00eener des troubles graves \u00e0 l'ordre public, la pr\u00e9vention d'actes de  \nterrorisme et la r\u00e9gulation des flux de transport\u00a0;\n1\nPr\u00e9fecture de Police - 75-2026-04-22-00007 - Arr\u00eat\u00e9 n\u00b02026-00455 autorisant la captation, l'enregistrement et la transmission d'images\nau moyen de cam\u00e9ras install\u00e9es sur des a\u00e9ronefs \u00e0 l'occasion de la 31\u00e8me journ\u00e9e du championnat de France de football de Ligue 1 au\nstade Jean Bouin le dimanche 26 avril 2026\n44\nConsid\u00e9rant que se tiendra, le dimanche 26 avril 2026 \u00e0 17h15, un match de football pour le  \ncompte de la 31\u00e8me journ\u00e9e du championnat de football de Ligue 1 au stade Jean Bouin \u00e0 Paris \n16\u00e8me,  qui  opposera  les  \u00e9quipes  du  Paris  Football  Club  (Paris  FC)  et  du  Lille  Olympique  \nSporting Club (LOSC) \u00a0; qu'\u00e0 cette occasion, un nombre important de supporters ainsi que  \ndes  personnalit\u00e9s  seront  pr\u00e9sents  aux  abords  et  \u00e0  l'int\u00e9rieur  du  stade \u00a0;  que  19  000  \nspectateurs y sont attendus ; qu'il convient \u00e0 ce titre d'assurer la s\u00e9curit\u00e9 des personnes, des  \nbiens et des rassemblements, ainsi que la r\u00e9gulation des flux de transport et de pr\u00e9venir les  \ntroubles \u00e0 l'ordre public ;\nConsid\u00e9rant \u00e9galement que plusieurs attentats ou tentatives d'attentats r\u00e9cents traduisent le \nniveau \u00e9lev\u00e9 de la menace terroriste actuelle en France , dans le cadre du plan VIGIPIRATE  \n\u00ab\u00a0urgence attentat\u00a0\u00bb en vigueur sur l'ensemble du territoire national \u00a0; que cette rencontre  \nsportive est susceptible de constituer une cible privil\u00e9gi\u00e9e et symbolique pour des actes de  \nnature terroriste\u00a0;\nConsid\u00e9rant,  en  outre,  qu'au-del\u00e0  de  la  seule  s\u00e9curisation  du  match  qui  fait  l'objet  de  \nmesures de police sur le fondement de l'article L. \u00a0226-1 du code de la s\u00e9curit\u00e9 int\u00e9rieure et  \npour lequel un service d'ordre est mis en place par la direction de l'ordre public et de la  \ncirculation, il est n\u00e9cessaire de disposer d'un moyen de surveillance permettant de s\u00e9curiser  \nla voie publique en amont et  en aval de cet \u00e9v\u00e8nement  pour  pr\u00e9venir  ou mettre fin \u00e0  \nd'\u00e9ventuelles  rixes  entre  spectateurs  et  personnes,  \u00e0  des  atteintes  \u00e0  la  s\u00e9curit\u00e9  des  \npersonnes et des biens, se pr\u00e9munir contre d'\u00e9ventuels actes terroristes et \u00a0r\u00e9guler les flux de \ntransport autour de l'enceinte jusqu'\u00e0 l'\u00e9vacuation totale des spectateurs \u00e0 l'issue de la  \nrencontre\u00a0;\nConsid\u00e9rant que le recours \u00e0 des cam\u00e9ras a\u00e9roport\u00e9es permet de disposer d'une vision en  \ngrand angle tout en limitant l'engagement des forces au sol, et le cas \u00e9ch\u00e9ant, d'organiser de  \nmani\u00e8re  r\u00e9active  et  efficace  leur  d\u00e9ploiement  op\u00e9rationnel,  notamment  en  cas  de  \nmouvement de foule ou d'actions violentes de groupes d'individus \u00a0; qu'il n'existe pas de  \ndispositif moins intrusif permettant de parvenir aux m\u00eames fins\u00a0;\nConsid\u00e9rant que la demande de la direction de l'ordre public et de la circulation porte sur  \nl'engagement de deux cam\u00e9ras a\u00e9roport\u00e9es qui pourront \u00eatre en vol simultan\u00e9ment en vue  \nde  capter,  d'enregistrer  et  de  transmettre  des  images \u00a0;  que  les  aires  survol\u00e9es  sont  \nstrictement  limit\u00e9es  aux  zones  o\u00f9  des  troubles  \u00e0  l'ordre  public  sont  susceptibles  de  se  \nproduire\u00a0; que  la  dur\u00e9e  de  l'autorisation  demand\u00e9e  n'appara\u00eet  pas  disproportionn\u00e9e  au  \nregard des finalit\u00e9s poursuivies\u00a0;\nSur proposition du directeur de l'ordre public et de la circulation,\nARRETE\u00a0:\nArticle 1 er \u2013 La captation, l'enregistrement et la transmission d'images par la direction de  \nl'ordre public et de la circulation sont autoris\u00e9s \u00e0 Paris et dans les Hauts-de-Seine \u00e0 l'occasion \nde la rencontre de football susvis\u00e9e aux titres de\u00a0:\n- la pr\u00e9vention des atteintes \u00e0 la s\u00e9curit\u00e9 des personnes et des biens\u00a0;\n- la s\u00e9curit\u00e9 des rassemblements\u00a0;\n- la pr\u00e9vention d'actes de terrorisme\u00a0;\n2026-00455 2\nPr\u00e9fecture de Police - 75-2026-04-22-00007 - Arr\u00eat\u00e9 n\u00b02026-00455 autorisant la captation, l'enregistrement et la transmission d'images\nau moyen de cam\u00e9ras install\u00e9es sur des a\u00e9ronefs \u00e0 l'occasion de la 31\u00e8me journ\u00e9e du championnat de France de football de Ligue 1 au\nstade Jean Bouin le dimanche 26 avril 2026\n45\n- la r\u00e9gulation des flux de transport.\nArticle  2  \u2013  Le  nombre  maximal  de  cam\u00e9ras  pouvant  proc\u00e9der  simultan\u00e9ment  \u00e0  des  \nenregistrements est fix\u00e9 \u00e0 2 cam\u00e9ras embarqu\u00e9es sur des a\u00e9ronefs t\u00e9l\u00e9-pilot\u00e9s.\nArticle 3 \u2013 La pr\u00e9sente autorisation s'applique au p\u00e9rim\u00e8tre g\u00e9ographique figurant sur le plan \nen annexe au pr\u00e9sent arr\u00eat\u00e9.\nArticle 4 \u2013 La pr\u00e9sente autorisation est d\u00e9livr\u00e9e le dimanche 26 avril 2026 de 14h15 \u00e0 21h00  \npour l'ensemble des finalit\u00e9s pr\u00e9cit\u00e9es.\nArticle 5  \u2013 L'information du public est assur\u00e9e par la publication du pr\u00e9sent arr\u00eat\u00e9 aux  \nrecueils des actes administratifs mentionn\u00e9s \u00e0 l'article 7, sa mise en ligne sur le site internet  \nde la pr\u00e9fecture de police ainsi que par une information sur les r\u00e9seaux sociaux.\nArticle 6  \u2013 Le registre mentionn\u00e9 \u00e0 l'article L. 242-4 du code de la s\u00e9curit\u00e9 int\u00e9rieure est  \ntransmis au pr\u00e9fet de police, \u00e0 l'issue de la p\u00e9riode d'autorisation.\nArticle 7 \u2013 Le pr\u00e9fet des Hauts-de-Seine, le pr\u00e9fet, directeur de cabinet du pr\u00e9fet de police  \net  le  directeur  de  l'ordre  public  et  de  la  circulation  sont  charg\u00e9s,  chacun  en  ce  qui  le \nconcerne,  de  l'ex\u00e9cution  du  pr\u00e9sent  arr\u00eat\u00e9  qui  sera  publi\u00e9  aux  recueils  des  actes  \nadministratifs du d\u00e9partement de Paris et de la pr\u00e9fecture des Hauts-de-Seine et consultable \nsur  le  site  internet  de  la  pr\u00e9fecture  de  police  \n(https://www.prefecturedepolice.interieur.gouv.fr).\nFait \u00e0 Paris, le 22 avril 2026\nSIGNE\nPour le pr\u00e9fet de police\nLe sous-pr\u00e9fet, le directeur adjoint de cabinet\nCharles BARBIER\n2026-00455 3\nPr\u00e9fecture de Police - 75-2026-04-22-00007 - Arr\u00eat\u00e9 n\u00b02026-00455 autorisant la captation, l'enregistrement et la transmission d'images\nau moyen de cam\u00e9ras install\u00e9es sur des a\u00e9ronefs \u00e0 l'occasion de la 31\u00e8me journ\u00e9e du championnat de France de football de Ligue 1 au\nstade Jean Bouin le dimanche 26 avril 2026\n46\nAnnexe de l'arr\u00eat\u00e9 n\u00b02026-00455 du 22 avril 2026\nVOIES ET DELAIS DE RECOURS\n_______________________\nSi vous estimez devoir contester la pr\u00e9sente autorisation, il vous est possible, dans un d\u00e9lai  \nde deux mois \u00e0 compter de la date de son affichage ou de sa publication\u00a0:\n-  soit de saisir d'un RECOURS GRACIEUX\nle Pr\u00e9fet de Police\n7/9, boulevard du Palais - 75195 PARIS RP\n- ou de former un RECOURS HIERARCHIQUE\n  aupr\u00e8s du Ministre de l'int\u00e9rieur et des outre-mer\n  Direction des libert\u00e9s publiques et des affaires juridiques\n  place Beauvau - 75008 PARIS\n- soit de saisir d'un RECOURS CONTENTIEUX\n                            le Tribunal administratif comp\u00e9tent\nAucune de ces voies et recours ne suspend l'application de la pr\u00e9sente d\u00e9cision.\nLes recours GRACIEUX et HIERARCHIQUE doivent \u00eatre \u00e9crits, exposer les arguments \nou faits nouveaux et comprendre la copie de la d\u00e9cision contest\u00e9e.\nLe recours contentieux, qui vise \u00e0 contester la LEGALITE de la pr\u00e9sente d\u00e9cision, doit \n\u00e9galement \u00eatre \u00e9crit et exposer votre argumentation juridique.\nSi vous n'aviez pas de r\u00e9ponse \u00e0 votre recours GRACIEUX ou HIERARCHIQUE dans un \nd\u00e9lai de deux mois \u00e0 compter de la r\u00e9ception de votre recours par l'administration, \nvotre demande devra \u00eatre consid\u00e9r\u00e9e comme rejet\u00e9e (d\u00e9cision implicite de rejet).\nEn cas de rejet des RECOURS GRACIEUX ou HIERARCHIQUE, le Tribunal administratif \npeut \u00eatre saisi d'un recours contentieux dans le d\u00e9lai de deux mois \u00e0 compter de la \ndate de la d\u00e9cision de rejet.\n2026-00455 4\nPr\u00e9fecture de Police - 75-2026-04-22-00007 - Arr\u00eat\u00e9 n\u00b02026-00455 autorisant la captation, l'enregistrement et la transmission d'images\nau moyen de cam\u00e9ras install\u00e9es sur des a\u00e9ronefs \u00e0 l'occasion de la 31\u00e8me journ\u00e9e du championnat de France de football de Ligue 1 au\nstade Jean Bouin le dimanche 26 avril 2026\n47\nE ]PREFECTURE -a\u00aeDE POLICELibert\u00e9\u00c9galit\u00e9Fraternit\u00e9\nDIRECTION DEL'ORDRE PUBLICET DE LA CIRCULATIONZONE DE SURVOL DRONE\nPARIS FG\n'UEDI\n| fade ,oland }# a \u00c0Garros FA Stade{ | , Roland. / , Garros\nj Su : 1\nNitro, ? 3 } *ee ; f\n=\n=oetu\nest |\na\nowennoe Lg4 see  oe\n~ Rond-pol Seco Anctre Mow\nROUTE 5\u20ac La \u00e0 ee\n* \u20aca  roomed\nA A\n\u00a9 4\u00c0 mem oot\nmu\nBOULEVARD D'AUTEUR *\nsoreweeyevtwe\nwa aad 1 BNAcas \u00a9pea nc anna'Saomnes930 24\nPm 0AVE 06 vanter.\n= \u00c818:\nts  =E+  =\n3 =\npssyun GUVATINGS\nBou, yeeaRay *\n2026-00455 5\nPr\u00e9fecture de Police - 75-2026-04-22-00007 - Arr\u00eat\u00e9 n\u00b02026-00455 autorisant la captation, l'enregistrement et la transmission d'images\nau moyen de cam\u00e9ras install\u00e9es sur des a\u00e9ronefs \u00e0 l'occasion de la 31\u00e8me journ\u00e9e du championnat de France de football de Ligue 1 au\nstade Jean Bouin le dimanche 26 avril 2026\n48\nPr\u00e9fecture de Police\n75-2026-04-22-00010\nArr\u00eat\u00e9 n\u00b02026-00457 modifiant provisoirement\nle stationnement dans certaines voies des\narrondissements \u00e0 Paris Centre, 10\u00e8me , 11\u00e8me et\n12\u00e8me \u00e0 l'occasion de la manifestation\nrevendicative du 1er mai 2026\nPr\u00e9fecture de Police - 75-2026-04-22-00010 - Arr\u00eat\u00e9 n\u00b02026-00457 modifiant provisoirement le stationnement dans certaines voies des\narrondissements \u00e0 Paris Centre, 10\u00e8me , 11\u00e8me et 12\u00e8me \u00e0 l'occasion de la manifestation revendicative du 1er mai 2026 49\nje \\an(.)Nhail a. QS\n \n  CABINET DU PREFET \n \nParis, le 22 avril 2026  \n \nArr\u00eat\u00e9 n\u00b02026-00457  \nmodifiant provisoirement le stationnement \ndans certaines voies des arrondissements \u00e0 Paris Centre, 10 \u00e8me  , 11 \u00e8me  et 12 \u00e8me  \n\u00e0 l'occasion de la manifestation revendicative du 1 er  mai 2026 \n \nLE PREFET DE POLICE \n \n \nVu le code g\u00e9n\u00e9ral des collectivit\u00e9s territoriales,  notamment ses articles L.2512-13 \net L.2512-14  ; \nVu le code de la route, notamment ses articles L.32 5-1 \u00e0 L.325-3, R.411-8 et \nR.411-25  ; \nVu l'avis de la Ville de Paris en date du 22 avril 2026  ;   \nConsid\u00e9rant la tenue d'une manifestation revendicative le 1 \ner  mai 2026  ; \nConsid\u00e9rant que cette manifestation implique de pre ndre des mesures provisoires \nde stationnement n\u00e9cessaires \u00e0 son bon d\u00e9roulement et destin\u00e9es \u00e0 assurer la s\u00e9curit\u00e9 \ndes personnes et des biens pendant le temps correspondant \u00e0 la tenue de celle-ci  ; \nSur proposition du directeur de l'ordre public et de la circulation  : \nA R R \u00ca T E \nArticle 1 er   \nLe stationnement de tout type de v\u00e9hicule est inter dit du 30 avril 2026 \u00e0 22h00 \njusqu'au 1 er  mai 2026 \u00e0 20h00, dans les voies et portions de voies suivantes \u00e0 Paris Centre, \n10 \u00e8me , 11 \u00e8me et 12 \u00e8me  : \n- place de la R\u00e9publique ; \n- boulevard Voltaire ; \n- place L\u00e9on Blum ; \n- place de la Nation ; \n- boulevard Saint-Martin, entre le n\u00b001 et le n\u00b013 Bis ;  \n- rue du Temple, entre le n\u00b0172 et le n\u00b0180 ; \nPr\u00e9fecture de Police - 75-2026-04-22-00010 - Arr\u00eat\u00e9 n\u00b02026-00457 modifiant provisoirement le stationnement dans certaines voies des\narrondissements \u00e0 Paris Centre, 10\u00e8me , 11\u00e8me et 12\u00e8me \u00e0 l'occasion de la manifestation revendicative du 1er mai 2026 50\n \n- rue Beranger, entre le n\u00b020 et le n\u00b026 ; \n- boulevard de Magenta, entre le n\u00b001 et le n\u00b012 ; \n- rue Beaurepaire, entre le n\u00b001 et le n\u00b008 ; \n- rue L\u00e9on Jouhaux, entre la place de la R\u00e9publique et la Rue Yves Toudic ; \n- avenue de la R\u00e9publique, entre la place de la R\u00e9publique et la Rue de Malte ; \n- rue Rampon, entre le Boulevard Voltaire et la rue de Malte ; \n- rue Amelot, entre le n\u00b0140 et le boulevard Voltaire ; \n- rue Jean-Pierre Timbaud, entre la rue du Grand Prieur\u00e9 et la rue Amelot ; \n- rue de Crussol, entre le n\u00b011 et le n\u00b037 ; \n- rue Oberkampf, entre le n\u00b018 et le n\u00b030 ; \n- passage Saint-Pierre Amelot, entre le n\u00b012 et le boulevard Richard Lenoir ; \n- rue Saint-S\u00e9bastien, entre le n\u00b038 et le n\u00b050 ; \n- boulevard Richard Lenoir, entre le n\u00b081 et le n\u00b091 ; \n- rue Saint-Ambroise, entre le n\u00b005 et le boulevard Voltaire ; \n- rue de Lacharriere, entre le n\u00b06 et le boulevard Voltaire ; \n- impasse Truillot, entre le n\u00b013 et le boulevard Voltaire ; \n- rue Popincourt, entre le Boulevard Voltaire et la rue de l'Asile Popincourt ; \n- rue du Chemin Vert, entre la rue Popincourt et l'avenue Parmentier ; \n- rue Sedaine, entre la rue Popincourt et l'avenue Parmentier ; \n- rue Camille Desmoulins, entre la place L\u00e9on Blum et la Cit\u00e9 Industrielle ; \n- avenue Ledru Rollin, entre le n\u00b0164 et la place L\u00e9on Blum ; \n- rue Richard Lenoir, entre le n\u00b052 et le boulevard Voltaire ;  \n- passage Viallet, entre la rue Richard Lenoir et le boulevard  Voltaire ; \n- rue Mercoeur, entre le n\u00b009 et le boulevard Voltaire ; \n- rue de Belfort, entre le n\u00b009 et boulevard Voltaire ; \n- rue Fran\u00e7ois de Neufchateau, entre le n\u00b003 et le n\u00b011 ; \n- rue Gobert, entre le n\u00b004 et le n\u00b014 ; \n- cit\u00e9 de Phalsbourg, entre le n\u00b001 et le n\u00b005 ; \nPr\u00e9fecture de Police - 75-2026-04-22-00010 - Arr\u00eat\u00e9 n\u00b02026-00457 modifiant provisoirement le stationnement dans certaines voies des\narrondissements \u00e0 Paris Centre, 10\u00e8me , 11\u00e8me et 12\u00e8me \u00e0 l'occasion de la manifestation revendicative du 1er mai 2026 51\n \n- rue de Charonne, entre le n\u00b0102 et le n\u00b0116 ; \n- rue de Chanzy, entre la rue Bouvier et le boulevard Voltaire ; \n- rue L\u00e9on Frot, entre le boulevard Voltaire et la Cit\u00e9 Beauharnais ; \n- impasse Delepine ; \n- rue Alexandre Dumas, entre le n\u00b001 et le n\u00b007 ; \n- rue Bouvier, entre le n\u00b05 et la rue des Boulets ; \n- rue des Boulets, entre le boulevard Voltaire et de la cit\u00e9 Touzy ; \n- cit\u00e9 Voltaire, entre le n\u00b007 et le boulevard Voltaire ; \n- rue Voltaire, entre le n\u00b0 01 et le n\u00b0 07 ; \n- passage Dumas, entre le n\u00b001 et le n\u00b005 ; \n- jardin de l'impasse des jardiniers ; \n- passage Guenot, entre le n\u00b01 et le n\u00b02 Bis ;  \n- rue Guenot, entre le n\u00b001 et le n\u00b006 ; \n- rue de Montreuil, entre le n\u00b068 et le n\u00b099 ; \n- rue des Immeubles industriels, entre le n\u00b016 et le boulevard Voltaire ; \n- avenue Philippe Auguste, entre le n\u00b010 et la place de la Nation ; \n- avenue de Taillebourg, entre le n\u00b009 Bis et la place de la Nation ; \n- contre-all\u00e9e du boulevard de Charonne, entre la pla ce de la Nation et la place \ndes Antilles ; \n- avenue du Tr\u00f4ne, entre la place de la Nation et le boulevard de Picpus ; \n- avenue du Bel Air, entre la place de la Nation et la rue du Pensionnat ; \n- rue Fabre d'\u00c9glantine, entre le n\u00b008 et la place de la Nation ; \n- rue Jaucourt, entre la place de la Nation et la rue de Picpus ; \n- avenue Dorian, entre la place de la Nation et de la rue de Picpus ; \n- boulevard Diderot, entre la place de la Nation et la rue de Picpus ; \n- rue du Faubourg Saint-Antoine, entre la place de la  Nation et la rue des \nimmeubles industriels. \nCes voies et portions de voies figurent en annexe 2 au pr\u00e9sent arr\u00eat\u00e9. \n \nPr\u00e9fecture de Police - 75-2026-04-22-00010 - Arr\u00eat\u00e9 n\u00b02026-00457 modifiant provisoirement le stationnement dans certaines voies des\narrondissements \u00e0 Paris Centre, 10\u00e8me , 11\u00e8me et 12\u00e8me \u00e0 l'occasion de la manifestation revendicative du 1er mai 2026 52\n \n \n \n \nArticle 2  \nSans pr\u00e9judice des sanctions p\u00e9nales auxquelles s'e xposent les personnes en \ninfraction avec les dispositions du pr\u00e9sent arr\u00eat\u00e9,  les v\u00e9hicules ayant servi \u00e0 commettre \nces infractions peuvent \u00eatre immobilis\u00e9s et mis en fourri\u00e8re dans les conditions pr\u00e9vues \naux articles L.325-1 \u00e0 L.325-3 du code de la route. \nArticle 3  \nLes dispositions du pr\u00e9sent arr\u00eat\u00e9 ne sont pas appl icables aux v\u00e9hicules d'int\u00e9r\u00eat \ng\u00e9n\u00e9ral prioritaires au sens des dispositions de l'article R.311-1 6.5 du code de la route.  \nArticle 4  \nLes mesures pr\u00e9vues par le pr\u00e9sent arr\u00eat\u00e9 peuvent \u00ea tre avanc\u00e9es, \u00e9largies, lev\u00e9es \nou r\u00e9tablies sur d\u00e9cision prise par le repr\u00e9sentant  sur place de l'autorit\u00e9 de police si les \ncirconstances les rendent n\u00e9cessaires.  \nArticle 5  \nLe directeur de l'ordre public et de la circulation , le directeur de la s\u00e9curit\u00e9 de \nproximit\u00e9 de l'agglom\u00e9ration parisienne de la Pr\u00e9fecture de Police, le directeur de la voirie et \ndes d\u00e9placements et le directeur de la police municipale et de la pr\u00e9vention de la Ville de Paris \nsont charg\u00e9s, chacun en ce qui le concerne, de l'ex\u00e9cution du pr\u00e9sent arr\u00eat\u00e9 qui entrera en \nvigueur \u00e0 compter de son affichage aux portes de la pr\u00e9fecture de police (1 rue de Lut\u00e8ce). Il \nsera \u00e9galement affich\u00e9 aux portes de la mairie et d u commissariat des arrondissements \nconcern\u00e9s et sera publi\u00e9 au recueil des actes administratifs de la pr\u00e9fecture de la r\u00e9gion d'\u00cele-\nde-France, pr\u00e9fecture de Paris et de la pr\u00e9fecture de police et sur le site internet de la \npr\u00e9fecture de police de Paris : www.prefecturedepolice.interieur.gouv.fr.  \nLe pr\u00e9fet de police, \nLe sous-pr\u00e9fet,  \nDirecteur adjoint du cabinet \nCharles BARBIER \n \nSIGNE \n \nPr\u00e9fecture de Police - 75-2026-04-22-00010 - Arr\u00eat\u00e9 n\u00b02026-00457 modifiant provisoirement le stationnement dans certaines voies des\narrondissements \u00e0 Paris Centre, 10\u00e8me , 11\u00e8me et 12\u00e8me \u00e0 l'occasion de la manifestation revendicative du 1er mai 2026 53\n \n \nANNEXE A L 'ARRETE N \u00b02026-00457     DU 22  AVRIL 2026  \n \n \n \nVOIES ET DELAIS DE RECOURS \n \n_______________________ \n \n \n \nSi vous estimez devoir contester la pr\u00e9sente d\u00e9cisi on, il vous est possible, dans un d\u00e9lai de \ndeux mois \u00e0 compter de la date de son affichage  : \n \n \n- soit de saisir d'un RECOURS GRACIEUX \nle pr\u00e9fet de Police \n7/9, boulevard du Palais - 75195 PARIS RP \n \n- ou de former un RECOURS HIERARCHIQUE \n  aupr\u00e8s du ministre de l'Int\u00e9rieur \n  Direction des libert\u00e9s publiques et des affaires juridiques \n  place Beauvau - 75008 PARIS \n \n- soit de saisir d'un RECOURS CONTENTIEUX \n  le tribunal Administratif comp\u00e9tent \n \n \n \nAucune de ces voies et recours ne suspend l'application de la pr\u00e9sente d\u00e9cision. \n \nLes recours GRACIEUX et HIERARCHIQUE doivent \u00eatre \u00e9 crits, exposer les arguments ou faits \nnouveaux et comprendre la copie de la d\u00e9cision contest\u00e9e. \n \nLe recours contentieux, qui vise \u00e0 contester la LEG ALITE de la pr\u00e9sente d\u00e9cision, doit \n\u00e9galement \u00eatre \u00e9crit et exposer votre argumentation juridique. \n \nSi vous n'aviez pas de r\u00e9ponse \u00e0 votre recours GRAC IEUX ou HIERARCHIQUE dans un d\u00e9lai \nde deux mois \u00e0 compter de la r\u00e9ception de votre rec ours par l'administration, votre \ndemande devra \u00eatre consid\u00e9r\u00e9e comme rejet\u00e9e (d\u00e9cision implicite de rejet). \n \nEn cas de rejet des RECOURS GRACIEUX ou HIERARCHIQU E, le tribunal administratif peut \n\u00eatre saisi d'un recours contentieux dans le d\u00e9lai d e deux mois \u00e0 compter de la date de la \nd\u00e9cision de rejet.  \n \n \n \n \n \nPr\u00e9fecture de Police - 75-2026-04-22-00010 - Arr\u00eat\u00e9 n\u00b02026-00457 modifiant provisoirement le stationnement dans certaines voies des\narrondissements \u00e0 Paris Centre, 10\u00e8me , 11\u00e8me et 12\u00e8me \u00e0 l'occasion de la manifestation revendicative du 1er mai 2026 54\niauVINCENNES\n2 oFFE|+|LarsNATION\nCUSFr><\nfn CENTRECOMMERCIALlun ann22 'Rue\n. Bre!rs DE\nDIRECTION DE\n7\nTMA\nLA\nET DE LA CIRCULATION\nEr{\\AVEUE\"dre)\nEVENEMENTSINTERSYNDICALE - FETE DU TRAVAIL\nOFFICE\nJourn\u00e9e du Vendredi 1* mai 2026\nA LALibert\u00e9\u00c9galit\u00e9Fraternit\u00e9\na4\nohLE-.| $=aae$ag=e\u00e0L4\n78 1948\nLLY\"e]ie\u00c0Deee]\u00e0\nE\n=\nNNNU,xe *bsVATen ONKeKah4\u20ac\u00c8fNE\n=\n<ZAATWAeat|AATecez=-=saneaussnTE[ausacs\n8(NEsise=)CaETLeeVSAes~\"SaraNunol.oeGS=p\u00c0\nESaeeSo\u00e0eons=\"\u2014oe.ar:/=#27MasayNivagJE\"Te}2.'\u2014\nyt\nASNNN SALC\u00aeVA Sspouanes >DV CENTRALES\nLSRLLysouseoTE\u00e07Z\nfe\n>7->.os\n \nANNEXE 2 A L'ARR\u00caT\u00c9 N\u00b0 2026-00457                             du 22 avril 2026  \n \n \n \nPr\u00e9fecture de Police - 75-2026-04-22-00010 - Arr\u00eat\u00e9 n\u00b02026-00457 modifiant provisoirement le stationnement dans certaines voies des\narrondissements \u00e0 Paris Centre, 10\u00e8me , 11\u00e8me et 12\u00e8me \u00e0 l'occasion de la manifestation revendicative du 1er mai 2026 55","date":"2026-04-22","first_seen_on":"2026-04-22T17:35:01+00:00","id":"8577c427e89a95f972fc7de083388e3b719efc53080cf04f8f0221caa457326f","name":"recueil-75-2026-234-recueil-des-actes-administratifs-special du 22.04.2026","pdf_creation_date":"2026-04-22T14:51:09+00:00","pdf_modification_date":null,"timezone":"Europe/Paris","url":"https://www.prefectures-regions.gouv.fr/ile-de-france/irecontenu/telechargement/137270/1003023/file/recueil-75-2026-234-recueil-des-actes-administratifs-special%20du%2022.04.2026.pdf"}
