{"administration":"pref69","administration_name":"Pr\u00e9fecture du Rh\u00f4ne","content":"PR\u00c9F\u00c8TE\nDU RH\u00d4NE\nRECUEIL DES ACTES\nADMINISTRATIFS SP\u00c9CIAL\nN\u00b069-2025-336\nPUBLI\u00c9 LE 19 D\u00c9CEMBRE 2025\nSommaire\n01-69_DTPJJ_Direction territoriale de la protection judiciaire de la jeunesse\nde l'Ain et du Rh\u00f4ne /\n69-2025-12-17-00005 - Arr\u00eat\u00e9 conjoint portant fixation du prix de\njourn\u00e9e 2025 de l'\u00e9tablissement A2 (PRADO) - N\u00b0 DTPJJ SAH 2025 12\n19 06 (2 pages) Page 4\n69-2025-12-17-00006 - Arr\u00eat\u00e9 conjoint portant fixation du prix de\njourn\u00e9e 2025 de l'\u00e9tablissement Cantin (PRADO) - N\u00b0 DTPJJ SAH 2025\n12 19 04 (2 pages) Page 7\n69-2025-12-17-00007 - Arr\u00eat\u00e9 conjoint portant fixation du prix de\njourn\u00e9e 2025 de l'\u00e9tablissement D\u00e9mi-Lune (PRADO) - N\u00b0 DTPJJ SAH\n2025 12 19 02 (2 pages) Page 10\n69-2025-12-17-00008 - Arr\u00eat\u00e9 conjoint portant fixation du prix de\njourn\u00e9e 2025 de l'\u00e9tablissement L'autre chance (PRADO) - N\u00b0 DTPJJ\nSAH 2025 12 19 03 (2 pages) Page 13\n69-2025-12-17-00009 - Arr\u00eat\u00e9 conjoint portant fixation du prix de\njourn\u00e9e 2025 de l'\u00e9tablissement Les Aliz\u00e9s (PRADO) - N\u00b0 DTPJJ SAH\n2025 12 19 05 (2 pages) Page 16\n69-2025-12-17-00004 - Arr\u00eat\u00e9 conjoint portant fixation du prix de\njourn\u00e9e 2025 de l'\u00e9tablissement SAFRen (PRADO) - N\u00b0 DTPJJ SAH 2025\n12 19 01 (2 pages) Page 19\n69_DDETS_Direction d\u00e9partementale de l'emploi du travail et des\nsolidarit\u00e9s /\n69-2025-10-24-00010 - Arr\u00eat\u00e9 pr\u00e9fectoral n\u00b0\nDDETS-HIS-ISPL-2025-10-24-16 portant agr\u00e9ment de l'association\nLAHSO au titre des activit\u00e9s d'ing\u00e9nierie sociale, financi\u00e8re et\ntechnique (2 pages) Page 22\n69-2025-10-24-00009 - Arr\u00eat\u00e9 pr\u00e9fectoral n\u00b0\nDDETS-HIS-ISPL-2025-10-24-17 portant agr\u00e9ment de l'association\nLAHSO pour les activit\u00e9s d'interm\u00e9diation locative et de gestion\nlocative sociale (2 pages) Page 25\n69-2025-12-18-00010 - Arr\u00eat\u00e9 pr\u00e9fectoral n\u00b0\nDDETS-HIS-ISPL-2025-12-18-16 du 18 d\u00e9cembre 2025 portant agr\u00e9ment\nde la Fondation ACOLEA au titre de l'interm\u00e9diation locative et de la\ngestion locative sociale  (2 pages) Page 28\n69_DDT_Direction d\u00e9partementale des territoires du Rh\u00f4ne /\n69-2025-12-19-00004 - Arr\u00eat\u00e9 pr\u00e9fectoral portant approbation des\nr\u00e8glements de s\u00e9curit\u00e9 de l'exploitation des r\u00e9seaux de tramways et\nm\u00e9tros de Lyon (2 pages) Page 31\n2\n69_Pr\u00e9f_Pr\u00e9fecture du Rh\u00f4ne / Direction de la s\u00e9curit\u00e9 et de la\nprotection civile\n69-2025-12-19-00007 - AP du 19 d\u00e9cembre 2025 portant autorisation\nexploitation syst\u00e8me vid\u00e9oprotection - CARREFOUR ECULLY - Ecully  (2\npages) Page 34\n69-2025-12-19-00009 - AP du 19 d\u00e9cembre 2025 portant autorisation\nexploitation syst\u00e8me vid\u00e9oprotection - Commune de\nCollonges-au-Mont-d'Or   (2 pages) Page 37\n69-2025-12-19-00008 - AP du 19 d\u00e9cembre 2025 portant autorisation\nexploitation syst\u00e8me vid\u00e9oprotection - Commune de\nNeuvelle-sur-Sa\u00f4ne  (2 pages) Page 40\n69-2025-12-19-00006 - Arr\u00eat\u00e9 pr\u00e9fectoral protoxyde d'azote (3 pages) Page 43\n69_Pr\u00e9f_Pr\u00e9fecture du Rh\u00f4ne / Direction des affaires juridiques et de\nl'administration locale\n69-2025-12-17-00003 - Arr\u00eat\u00e9 pr\u00e9fectoral                                                     \ndu 17 d\u00e9cembre 2025\nautorisant l'association reconnue\nd'utilit\u00e9 publique d\u00e9nomm\u00e9e\n\u00ab\u00a0FOYER NOTRE-DAME DES\nSANS-ABRI\u00a0\u00bb\n\u00e0 effectuer une qu\u00eate sur la voie publique en 2026 (2\npages) Page 47\n69-2025-12-19-00003 - Arr\u00eat\u00e9 pr\u00e9fectoral du 19 d\u00e9cembre 2025\nmettant fin aux comp\u00e9tences du syndicat mixte de r\u00e9alisation Lyon\nBeaujolais Rh\u00f4ne Technoparc\n\u00ab LYBERTEC \u00bb (2 pages) Page 50\n69-2025-12-18-00008 - Liste  des commissaires enqu\u00eateurs 2026 (3 pages) Page 53\n84_ARS_Agence R\u00e9gionale de Sant\u00e9 Auvergne-Rh\u00f4ne-Alpes /\n69-2025-12-19-00005 - 20251219 Arr\u00eat\u00e9 garde ambulanci\u00e8re f\u00e9v-mai\n2026 RAA (2 pages) Page 57\n84_DREAL_Direction r\u00e9gionale de l'environnement, de l'am\u00e9nagement et\ndu logement d'Auvergne-Rh\u00f4ne-Alpes / Secr\u00e9tariat G\u00e9n\u00e9ral\n69-2025-12-18-00009 - Arr\u00eat\u00e9 interpr\u00e9fectoral\nn\u00b0DREAL-AURA-EHN-2025-10 portant d\u00e9rogation aux dispositions de\nl'article L.411-1 du code de l'environnement pour\u00a0capture suivie\nd'un rel\u00e2cher imm\u00e9diat sur place d'esp\u00e8ces animales\nprot\u00e9g\u00e9es (amphibiens, insectes et reptiles) et pr\u00e9l\u00e8vement,\ntransport, utilisation, d\u00e9tention et destruction de mat\u00e9riel biologique\nd'esp\u00e8ces animales prot\u00e9g\u00e9es (insectes) (8 pages) Page 60\n84_EMIZSE_Etat major interminist\u00e9riel de zone Sud-Est / Bureau\nadministration et soutien\n69-2025-12-18-00007 - 20251218-apz-reouverture-A41 (1 page) Page 69\n3\n01-69_DTPJJ_Direction territoriale de la\nprotection judiciaire de la jeunesse de l'Ain et du\nRh\u00f4ne\n69-2025-12-17-00005\nArr\u00eat\u00e9 conjoint portant fixation du prix de\njourn\u00e9e 2025 de l'\u00e9tablissement A2 (PRADO) - N\u00b0\nDTPJJ SAH 2025 12 19 06\n01-69_DTPJJ_Direction territoriale de la protection judiciaire de la jeunesse de l'Ain et du Rh\u00f4ne - 69-2025-12-17-00005 - Arr\u00eat\u00e9\nconjoint portant fixation du prix de journ\u00e9e 2025 de l'\u00e9tablissement A2 (PRADO) - N\u00b0 DTPJJ SAH 2025 12 19 06 4\nE =PR\u00c9F\u00c8TE M\u00c9TROPOLEDU RHONE GRAND HA)Libert\u00e9\u00c9galit\u00e9Fraternit\u00e9Direction interr\u00e9gionale de la Protection D\u00e9l\u00e9gation Solidarit\u00e9s, Habitat et \u00c9ducationJudiciaire de la Jeunesse Centre-Est Direction de la pr\u00e9vention et de la protection deDirection territoriale Rh\u00f4ne-Ain l'enfance33 rue Moncey Unit\u00e9 tarification69003 LYON CS 3356969505 LYON CEDEX 03Arr\u00eat\u00e9 n\u00b0DTPJJ_SAH-2025\" ]2._\\9_06 Arr\u00e9t\u00e9 n\u00b02025-DSHE-DPPE-12-0001ARRETE CONJOINTcommune : Collonges-au-Mont-d'Orobjet: Prix de journ\u00e9e - Exercice 2025 - Dispositif Foyer \u00c9tablissement A2 sise 6 Avenue de la Gare de l'associationPRADO EDUCATIONLe Pr\u00e9sident de la M\u00e9tropole de Lyon, et la Pr\u00e9f\u00e9te de la Zone de d\u00e9fense et de s\u00e9curit\u00e9 sud-est, Pr\u00e9f\u00e9te de la r\u00e9gionAuvergne Rh\u00f4ne-Alpes, Pr\u00e9f\u00e9te du Rh\u00f4ne, Commandeur de la L\u00e9gion d'honneur, Commandeur de l'Ordre national duM\u00e9rite,Vu le code g\u00e9n\u00e9ral des collectivit\u00e9s territoriales ;Vu le code de l'action sociale et des familles et notamment :- les articles L.314-1 et suivants relatifs aux dispositions financi\u00e8res applicables aux\u00e9tablissements et services sociaux et m\u00e9dico-sociaux ;- les articles R.314-1 et suivants relatifs \u00e0 la gestion budg\u00e9taire, comptable et financi\u00e8re, et auxmodalit\u00e9s de financement et de tarification des \u00e9tablissements et services sociaux et m\u00e9dico-sociaux \u00e9num\u00e9r\u00e9s au | del'article L.312-1 du m\u00eame code ;Vu les articles 375 \u00e0 375-8 du code civil relatifs \u00e0 l'assistance \u00e9ducative ;' Vu l'ordonnance n\u00b0 45-1845 du 18 ao\u00fbt 1945 relative au remboursement aux institutions des frais d'entretienet d'\u00e9ducation des mineurs d\u00e9linquants;Vu le d\u00e9cret n\u00b0 2010-214 du 2 mars 2010 relatif au ressort territorial, \u00e0 l'organisation et aux attributions desservices d\u00e9concentr\u00e9s de la Protection Judiciaire de la Jeunesse;Vu l'arr\u00eat\u00e9 du Ministre de la justice du 19 d\u00e9cembre 2003 relatif aux modes de tarification applicables auxprestations d'action \u00e9ducative d\u00e9livr\u00e9es par les \u00e9tablissements et services concourant \u00e0 la protection judiciaire de lajeunesse et sous comp\u00e9tence tarifaire conjointe du repr\u00e9sentant de l'\u00c9tat dans le d\u00e9partement et du pr\u00e9sident du Conseilg\u00e9n\u00e9ral ;Vu la d\u00e9lib\u00e9ration du Conseil de la M\u00e9tropole de Lyon n\u00b0 2023-1979 du 16 d\u00e9cembre 2024 fixant l'\u00e9volutionde l'enveloppe de tarification 2025 des structures de l'aide \u00e0 l'enfance ;Vu la circulaire du 16 juillet 2024 relative \u00e0 la campagne budg\u00e9taire 2024 des \u00e9tablissements et servicesconcourant \u00e0 la mission de protection judiciaire de la jeunesse ;Vu l'arr\u00eat\u00e9 du Pr\u00e9sident de la M\u00e9tropole n\u00b0 2022-03-07-R-0231 du 7 mars 2022 donnant d\u00e9l\u00e9gation designature \u00e0 madame Lucie VACHER, Vice-Pr\u00e9sidente ;Vu les propositions budg\u00e9taires et leurs annexes pr\u00e9sent\u00e9es, au titre de l'exercice 2025, par Monsieur DenisPOINAS Pr\u00e9sident de l'association gestionnaire PRADO EDUCATION pour l'\u00e9tablissement mentionn\u00e9 \u00e0 l'article 1 dupr\u00e9sent arr\u00eat\u00e9 ;Vu la lettre de proc\u00e9dure contradictoire \u00e9crite du 3 d\u00e9cembre 2025 ;Vu les rapports du Directeur Territorial de la protection judiciaire de la jeunesse pour le d\u00e9partement duRh\u00f4ne agissant par d\u00e9l\u00e9gation de la Directrice interr\u00e9gionale de la protection judiciaire de la jeunesse Centre-Est et de laDirectrice g\u00e9n\u00e9rale adjointe d\u00e9l\u00e9gu\u00e9e aux solidarit\u00e9s, \u00e0 l'habitat et \u00e0 l'\u00e9ducation ;\nPage 1 sur 2\n01-69_DTPJJ_Direction territoriale de la protection judiciaire de la jeunesse de l'Ain et du Rh\u00f4ne - 69-2025-12-17-00005 - Arr\u00eat\u00e9\nconjoint portant fixation du prix de journ\u00e9e 2025 de l'\u00e9tablissement A2 (PRADO) - N\u00b0 DTPJJ SAH 2025 12 19 06 5\nSur proposition de Monsieur le Pr\u00e9fet, Secr\u00e9taire g\u00e9n\u00e9ral de la Pr\u00e9fecture du Rh\u00f4ne, Pr\u00e9fet d\u00e9l\u00e9gu\u00e9 pourl'\u00e9galit\u00e9 des chances et de Madame la Directrice g\u00e9n\u00e9rale d\u00e9l\u00e9gu\u00e9e au d\u00e9veloppement solidaire, \u00e0 l'habitat et \u00e0l'\u00e9ducation; arr\u00eatentArticle1 - Pour l'exercice budg\u00e9taire de l'ann\u00e9e 2025, les charges et les produits pr\u00e9visionnels Dispositif Foyer del'\u00e9tablissement A2 sont autoris\u00e9s comme suit :Groupes fonctionnels Montants (en \u20ac) Total (en \u20ac)groupe |charges aff\u00e9rentes \u00e0 l'exploitation courante 126 833,01groupe II :charges _|charges aff\u00e9rentes au personnel 775 915,35 1 228 488,44groupe III :d\u00e9penses aff\u00e9rentes a la structure 325 740,08groupe | :produits de la tarification 1 161 312,53groupe II :produits autres produits relatifs \u00e0 l'exploitation 63 038,91 1 228 488,44groupe Ill :produits financiers et produits non encaissables 4 137,00\nArticle 2 - Le prix de journ\u00e9e pr\u00e9cis\u00e9 \u00e0 l'article 3 est calcul\u00e9 en tenant compte de la reprise du r\u00e9sultat suivant :- N\u00e9antArticle 3 - Le prix de journ\u00e9e applicable \u00e0 compter du 1\u00b0 d\u00e9cembre 2025 au Dispositif Foyer au A2 est fix\u00e9 \u00e0 111,92 \u20ac.Article 4 - Du 1\u00b0 janvier au 30 novembre 2025, les recettes relatives \u00e0 la facturation des prix de journ\u00e9e sont liquid\u00e9es etper\u00e7ues dans les conditions arr\u00eat\u00e9es par l'arr\u00eat\u00e9 de reconduction \u00e9tabli au 01/01/2025.Article 5 - \u00c0 compter du 1\u00b0 janvier 2026, le prix de journ\u00e9e de reconduction provisoire est fix\u00e9 \u00e0 209,32 \u20ac.Article 6 - Le pr\u00e9sent arr\u00eat\u00e9 peut faire l'objet, dans un d\u00e9lai de deux mois \u00e0 compter de sa notification et de sa publication,soit d'un recours gracieux devant le Pr\u00e9sident de la M\u00e9tropole - Direction Pr\u00e9vention et protection de l'enfance, soit d'unrecours contentieux devant le Tribunal administratif de Lyon - 184 rue Duguesclin 69433 Lyon cedex 03, en application desarticles R 421-1 et suivants du code de justice administrative ou au moyen de l'application informatique \u00ab T\u00e9l\u00e9recourscitoyens \u00bb accessible par le site internet www.telerecours.fr.Article 7 - Monsieur le Pr\u00e9fet, Secr\u00e9taire g\u00e9n\u00e9ral de la Pr\u00e9fecture du Rh\u00f4ne, Pr\u00e9fet d\u00e9l\u00e9gu\u00e9 pour l'\u00e9galit\u00e9 des chances, laDirectrice g\u00e9n\u00e9rale et le Comptable public \u2014 Service de gestion comptable de Lyon Ville et M\u00e9tropole et Madame laDirectrice interr\u00e9gionale de la protection judiciaire de la jeunesse Centre-Est sont charg\u00e9s, chacun en ce qui le concerne,de l'ex\u00e9cution du pr\u00e9sent arr\u00eat\u00e9 qui sera applicable apr\u00e8s affichage et publication au recueil des actes administratifs de lapr\u00e9fecture du Rh\u00f4ne. Une ampliation sera notifi\u00e9e au destinataire du pr\u00e9sent arr\u00eat\u00e9.\nLyon, le /? / 12 [2025La Pr\u00e9f\u00e8te, Pour le Pr\u00e9sident,Pour la Pr\u00e9f\u00e4te La Vice-Pr\u00e9sidente d\u00e9l\u00e9gu\u00e9eLe Prats: 2. -_Pr\u00e9fet cain TA g\u00e9n\u00e9ral,a  fh wae\nFabricice ROSY Lucie VACHER\nPage 2 sur 2\n01-69_DTPJJ_Direction territoriale de la protection judiciaire de la jeunesse de l'Ain et du Rh\u00f4ne - 69-2025-12-17-00005 - Arr\u00eat\u00e9\nconjoint portant fixation du prix de journ\u00e9e 2025 de l'\u00e9tablissement A2 (PRADO) - N\u00b0 DTPJJ SAH 2025 12 19 06 6\n01-69_DTPJJ_Direction territoriale de la\nprotection judiciaire de la jeunesse de l'Ain et du\nRh\u00f4ne\n69-2025-12-17-00006\nArr\u00eat\u00e9 conjoint portant fixation du prix de\njourn\u00e9e 2025 de l'\u00e9tablissement Cantin (PRADO)\n- N\u00b0 DTPJJ SAH 2025 12 19 04\n01-69_DTPJJ_Direction territoriale de la protection judiciaire de la jeunesse de l'Ain et du Rh\u00f4ne - 69-2025-12-17-00006 - Arr\u00eat\u00e9\nconjoint portant fixation du prix de journ\u00e9e 2025 de l'\u00e9tablissement Cantin (PRADO) - N\u00b0 DTPJJ SAH 2025 12 19 04 7\nPREFETE METROPOLEDU RHONELibert\u00e9Egalit\u00e9Fraternit\u00e9Direction interr\u00e9gionale de la Protection D\u00e9l\u00e9gation Solidarit\u00e9s, Habitat et EducationJudiciaire de la Jeunesse Centre-Est Direction de la pr\u00e9vention et de la protection deDirection territoriale Rh\u00f4ne-Ain l'enfance33 rue Moncey Unit\u00e9 tarification69003 LYON CS 3356969505 LYON CEDEX 03Arr\u00eat\u00e9 n\u00b0DTPJJ_SAH-2025_j219 _04 Arr\u00eat\u00e9 n\u00b02025-DSHE-DPPE-12-0002ARR\u00caT\u00c9 CONJOINTcommune : Fontaines-Saint-Martinobjet: Prix de journ\u00e9e - Exercice 2025 - Dispositif Foyer \u00c9tablissement Cantin sise 185 Rue Charles Laroche del'association PRADO EDUCATIONLe Pr\u00e9sident de la M\u00e9tropole de Lyon, et la Pr\u00e9f\u00e9te de la Zone de d\u00e9fense et de s\u00e9curit\u00e9 sud-est, Pr\u00e9f\u00e9te de la r\u00e9gionAuvergne Rh\u00f4ne-Alpes, Pr\u00e9f\u00e9te du Rh\u00f4ne, Commandeur de la L\u00e9gion d'honneur, Commandeur de l'Ordre national duM\u00e9rite,Vu le code g\u00e9n\u00e9ral des collectivit\u00e9s territoriales ;Vu le code de l'action sociale et des familles et notamment :- les articles L.314-1 et suivants relatifs aux dispositions financi\u00e8res applicables aux\u00e9tablissements et services sociaux et m\u00e9dico-sociaux ;- les articles R.314-1 et suivants relatifs \u00e0 la gestion budg\u00e9taire, comptable et financi\u00e8re, et auxmodalit\u00e9s de financement et de tarification des \u00e9tablissements et services sociaux et m\u00e9dico-sociaux \u00e9num\u00e9r\u00e9s au | del'article L.312-1 du m\u00eame code ;Vu les articles 375 a 375-8 du code civil relatifs \u00e0 l'assistance \u00e9ducative ;Vu l'ordonnance n\u00b0 45-1845 du 18 ao\u00fbt 1945 relative au remboursement aux institutions des frais d'entretienet d'\u00e9ducation des mineurs d\u00e9linquants ;Vu le d\u00e9cret n\u00b0 2010-214 du 2 mars 2010 relatif au ressort territorial, \u00e0 l'organisation et aux attributions desservices d\u00e9concentr\u00e9s de la Protection Judiciaire de la Jeunesse ;Vu l'arr\u00eat\u00e9 du Ministre de la justice du 19 d\u00e9cembre 2003 relatif aux modes de tarification applicables auxprestations d'action \u00e9ducative d\u00e9livr\u00e9es par les \u00e9tablissements et services concourant \u00e0 la protection judiciaire de lajeunesse et sous comp\u00e9tence tarifaire conjointe du repr\u00e9sentant de l'\u00c9tat dans le d\u00e9partement et du pr\u00e9sident du Conseilg\u00e9n\u00e9ral ; Vu la d\u00e9lib\u00e9ration du Conseil de la M\u00e9tropole de Lyon n\u00b0 2023-1979 du 16 d\u00e9cembre 2024 fixant l'\u00e9volutionde l'enveloppe de tarification 2025 des structures de l'aide \u00e0 l'enfance ;Vu la circulaire du 16 juillet 2024 relative \u00e0 la campagne budg\u00e9taire 2024 des \u00e9tablissements et servicesconcourant \u00e0 la mission de protection judiciaire de la jeunesse ; |Vu l'arr\u00eat\u00e9 du Pr\u00e9sident de la M\u00e9tropole n\u00b0 2022-03-07-R-0231 du 7 mars 2022 donnant d\u00e9l\u00e9gation designature \u00e0 madame Lucie VACHER, Vice-Pr\u00e9sidente ;Vu les propositions budg\u00e9taires et leurs annexes pr\u00e9sent\u00e9es, au titre de l'exercice 2025, par Monsieur DenisPOINAS Pr\u00e9sident de l'association gestionnaire PRADO EDUCATION pour l'\u00e9tablissement mentionn\u00e9 \u00e0 l'article 1 dupr\u00e9sent arr\u00eat\u00e9 ;Vu la lettre de proc\u00e9dure contradictoire \u00e9crite du 3 d\u00e9cembre 2025 ;Vu les rapports du Directeur Territorial de la protection judiciaire de la jeunesse pour le d\u00e9partement duRh\u00f4ne agissant par d\u00e9l\u00e9gation de la Directrice interr\u00e9gionale de la protection judiciaire de la jeunesse Centre-Est et de laDirectrice g\u00e9n\u00e9rale adjointe d\u00e9l\u00e9gu\u00e9e aux solidarit\u00e9s, \u00e0 l'habitat et \u00e0 l'\u00e9ducation ;\nPage 1 sur 2 \"\u00c0\n01-69_DTPJJ_Direction territoriale de la protection judiciaire de la jeunesse de l'Ain et du Rh\u00f4ne - 69-2025-12-17-00006 - Arr\u00eat\u00e9\nconjoint portant fixation du prix de journ\u00e9e 2025 de l'\u00e9tablissement Cantin (PRADO) - N\u00b0 DTPJJ SAH 2025 12 19 04 8\nSur proposition de Monsieur le Pr\u00e9fet, Secr\u00e9taire g\u00e9n\u00e9ral de la Pr\u00e9fecture du Rh\u00f4ne, Pr\u00e9fet d\u00e9l\u00e9gu\u00e9 pourl\u00e9galit\u00e9 des chances et de Madame la Directrice g\u00e9n\u00e9rale d\u00e9l\u00e9gu\u00e9e au d\u00e9veloppement solidaire, \u00e0 l'habitat et \u00e0l'\u00e9ducation ; arr\u00eatentArticle1 - Pour l'exercice budg\u00e9taire de l'ann\u00e9e 2025, les charges et les produits pr\u00e9visionnels du Dispositif Foyer del'\u00e9tablissement Cantin sont autoris\u00e9s comme suit :Groupes fonctionnels Montants (en \u20ac) Total (en \u20ac)groupe |charges aff\u00e9rentes \u00e0 l'exploitation courante 123 527,98groupe II :charges _|charges aff\u00e9rentes au personnel 866 469,90 1 232 554,02groupe Ill :d\u00e9penses aff\u00e9rentes a la structure 242 556,14groupe| :produits de la tarification 1 166 663,23groupe II :produits autres produits relatifs \u00e0 l'exploitation 63 864,79 1 232 554,02groupe III :produits financiers et produits non encaissables 2 026,00\nArticle 2 - Le prix de journ\u00e9e pr\u00e9cis\u00e9 a l'article 3 est calcul\u00e9 en tenant compte de la reprise du r\u00e9sultat suivant :- N\u00e9antArticle 3 - Le prix de journ\u00e9e applicable \u00e0 compter du 1\u00b0 d\u00e9cembre 2025 au Dispositif Foyer au Cantin est fix\u00e9 \u00e0 191,65 \u20ac.Article 4 - Du 1\u00b0 janvier au 30 novembre 2025, les recettes relatives \u00e0 la facturation des prix de journ\u00e9e sont liquid\u00e9es etper\u00e7ues dans les conditions arr\u00eat\u00e9es par l'arr\u00eat\u00e9 de reconduction \u00e9tabli au 01/01/2025.Article 5 - \u00c0 compter du 1\u00b0 janvier 2026, le prix de journ\u00e9e de reconduction provisoire est fix\u00e9 \u00e0 210,29 \u20ac.Article 6 - Le pr\u00e9sent arr\u00eat\u00e9 peut faire l'objet, dans un d\u00e9lai de deux mois \u00e0 compter de sa notification et de sa publication,soit d'un recours gracieux devant le Pr\u00e9sident de la M\u00e9tropole - Direction Pr\u00e9vention et protection de l'enfance, soit d'unrecours contentieux devant le Tribunal administratif de Lyon - 184 rue Duguesclin 69433 Lyon cedex 03, en application desarticles R 421-1 et suivants du code de justice administrative ou au moyen de l'application informatique \u00ab T\u00e9l\u00e9recourscitoyens \u00bb accessible par le site internet www.telerecours.fr.Article 7 - Monsieur le Pr\u00e9fet, Secr\u00e9taire g\u00e9n\u00e9ral de la Pr\u00e9fecture du Rh\u00f4ne, Pr\u00e9fet d\u00e9l\u00e9gu\u00e9 pour l'\u00e9galit\u00e9 des chances, laDirectrice g\u00e9n\u00e9rale et le Comptable public \u2014 Service de gestion comptable de Lyon Ville et M\u00e9tropole et Madame laDirectrice interr\u00e9gionale de la protection judiciaire de la jeunesse Centre-Est sont charg\u00e9s, chacun en ce qui le concerne,de l'ex\u00e9cution du pr\u00e9sent arr\u00eat\u00e9 qui sera applicable apr\u00e8s affichage et publication au recueil des actes administratifs de lapr\u00e9fecture du Rh\u00f4ne. Une ampliation sera notifi\u00e9e au destinataire du pr\u00e9sent arr\u00eat\u00e9.\nLyon, le j9/12 [2025La Pr\u00e9f\u00e8te, Pour le Pr\u00e9sident,La Vice-Pr\u00e9sidente d\u00e9l\u00e9gu\u00e9e\nFabrice ROSAY Lucie VACHER\nPage 2 sur 2\n01-69_DTPJJ_Direction territoriale de la protection judiciaire de la jeunesse de l'Ain et du Rh\u00f4ne - 69-2025-12-17-00006 - Arr\u00eat\u00e9\nconjoint portant fixation du prix de journ\u00e9e 2025 de l'\u00e9tablissement Cantin (PRADO) - N\u00b0 DTPJJ SAH 2025 12 19 04 9\n01-69_DTPJJ_Direction territoriale de la\nprotection judiciaire de la jeunesse de l'Ain et du\nRh\u00f4ne\n69-2025-12-17-00007\nArr\u00eat\u00e9 conjoint portant fixation du prix de\njourn\u00e9e 2025 de l'\u00e9tablissement D\u00e9mi-Lune\n(PRADO) - N\u00b0 DTPJJ SAH 2025 12 19 02\n01-69_DTPJJ_Direction territoriale de la protection judiciaire de la jeunesse de l'Ain et du Rh\u00f4ne - 69-2025-12-17-00007 - Arr\u00eat\u00e9\nconjoint portant fixation du prix de journ\u00e9e 2025 de l'\u00e9tablissement D\u00e9mi-Lune (PRADO) - N\u00b0 DTPJJ SAH 2025 12 19 02 10\naPREFETE METROPOLEDU RHONELibert\u00e9Egalit\u00e9Fraternit\u00e9Direction interr\u00e9gionale de la Protection D\u00e9l\u00e9gation Solidarit\u00e9s, Habitat et \u00c9ducationJudiciaire de la Jeunesse Centre-Est Direction de la pr\u00e9vention et de la protection deDirection territoriale Rh\u00f4ne-Ain l'enfance33 rue Moncey Unit\u00e9 tarification69003 LYON CS 3356969505 LYON CEDEX 03Arr\u00eat\u00e9 n\u00b0DTPJJ_SAH-2025_}2 \u00b004_01 Arr\u00eat\u00e9 n\u00b02025-DSHE-DPPE-12-0003ARR\u00caT\u00c9 CONJOINTcommune : Tassin-la-Demi-Luneobjet : Prix de journ\u00e9e - Exercice 2025 - Dispositif Foyer \u00c9tablissement Demi-Lune sise 21 Chemin de la Pomme BP 36de l'association PRADO EDUCATIONLe Pr\u00e9sident de la M\u00e9tropole de Lyon, et la Pr\u00e9f\u00e8te de la Zone de d\u00e9fense et de s\u00e9curit\u00e9 sud-est, Pr\u00e9f\u00e9te de la r\u00e9gionAuvergne Rh\u00f4ne-Alpes, Pr\u00e9f\u00e8te du Rh\u00f4ne, Commandeur de la L\u00e9gion d'honneur, Commandeur de l'Ordre national duM\u00e9rite,Vu le code g\u00e9n\u00e9ral des collectivit\u00e9s territoriales ;Vu le code de l'action sociale et des familles et notamment :- les articles L.314-1 et suivants relatifs aux dispositions financi\u00e8res applicables aux\u00e9tablissements et services sociaux et m\u00e9dico-sociaux ;- les articles R.314-1 et suivants relatifs \u00e0 la gestion budg\u00e9taire, comptable et financi\u00e8re, et auxmodalit\u00e9s de financement et de tarification des \u00e9tablissements et services sociaux et m\u00e9dico-sociaux \u00e9num\u00e9r\u00e9s au | del'article L.312-1 du m\u00eame code ;Vu les articles 375 \u00e0 375-8 du code civil relatifs \u00e0 l'assistance \u00e9ducative ;Vu l'ordonnance n\u00b0 45-1845 du 18 ao\u00fbt 1945 relative au remboursement aux institutions des frais d'entretienet d'\u00e9ducation des mineurs d\u00e9linquants ;Vu le d\u00e9cret n\u00b0 2010-214 du 2 mars 2010 relatif au ressort territorial, \u00e0 l'organisation et aux attributions desservices d\u00e9concentr\u00e9s de la Protection Judiciaire de la Jeunesse ;Vu l'arr\u00eat\u00e9 du Ministre de la justice du 19 d\u00e9cembre 2003 relatif aux modes de tarification applicables auxprestations d'action \u00e9ducative d\u00e9livr\u00e9es par les \u00e9tablissements et services concourant \u00e0 la protection judiciaire de lajeunesse et sous comp\u00e9tence tarifaire conjointe du repr\u00e9sentant de l'\u00c9tat dans le d\u00e9partement et du pr\u00e9sident du Conseilg\u00e9n\u00e9ral ; Vu la d\u00e9lib\u00e9ration du Conseil de la M\u00e9tropole de Lyon n\u00b0 2023-1979 du 16 d\u00e9cembre 2024 fixant l'\u00e9volutionde l'enveloppe de tarification 2025 des structures de l'aide \u00e0 l'enfance ;Vu la circulaire du 16 juillet 2024 relative \u00e0 la campagne budg\u00e9taire 2024 des \u00e9tablissements et servicesconcourant \u00e0 la mission de protection judiciaire de la jeunesse ;Vu l'arr\u00eat\u00e9 du Pr\u00e9sident de la M\u00e9tropole n\u00b0 2022-03-07-R-0231 du 7 mars 2022 donnant d\u00e9l\u00e9gation designature \u00e0 madame Lucie VACHER, Vice-Pr\u00e9sidente ;Vu les propositions budg\u00e9taires et leurs annexes pr\u00e9sent\u00e9es, au titre de l'exercice 2025, par Monsieur DenisPOINAS Pr\u00e9sident de l'association gestionnaire PRADO EDUCATION pour l'\u00e9tablissement mentionn\u00e9 \u00e0 l'article 1 dupr\u00e9sent arr\u00eat\u00e9 ;Vu la lettre de proc\u00e9dure contradictoire \u00e9crite du 3 d\u00e9cembre 2025 ;Vu les rapports du Directeur Territorial de la protection judiciaire de la jeunesse pour le d\u00e9partement duRh\u00f4ne agissant par d\u00e9l\u00e9gation de la Directrice interr\u00e9gionale de la protection judiciaire de la jeunesse Centre-Est et de laDirectrice g\u00e9n\u00e9rale adjointe d\u00e9l\u00e9gu\u00e9e aux solidarit\u00e9s, \u00e0 l'habitat et \u00e0 l'\u00e9ducation ;\nPage 1 sur 2\n01-69_DTPJJ_Direction territoriale de la protection judiciaire de la jeunesse de l'Ain et du Rh\u00f4ne - 69-2025-12-17-00007 - Arr\u00eat\u00e9\nconjoint portant fixation du prix de journ\u00e9e 2025 de l'\u00e9tablissement D\u00e9mi-Lune (PRADO) - N\u00b0 DTPJJ SAH 2025 12 19 02 11\nSur proposition de Monsieur le Pr\u00e9fet, Secr\u00e9taire g\u00e9n\u00e9ral de la Pr\u00e9fecture du Rh\u00f4ne, Pr\u00e9fet d\u00e9l\u00e9gu\u00e9 pourl'\u00e9galit\u00e9 des chances et de Madame la Directrice g\u00e9n\u00e9rale d\u00e9l\u00e9gu\u00e9e au d\u00e9veloppement solidaire, \u00e0 l'habitat et al'\u00e9ducation; arr\u00eatentArticle1 - Pour l'exercice budg\u00e9taire de l'ann\u00e9e 2025, les charges et les produits pr\u00e9visionnels du Dispositif Foyer del'\u00e9tablissement Demi-Lune sont autoris\u00e9s comme suit :Groupes fonctionnels Montants (en \u20ac) Total (en \u20ac)groupe |charges aff\u00e9rentes \u00e0 l'exploitation courante 80 370,00groupe || :charges {charges aff\u00e9rentes au personnel 471 692,00 763 219,00groupe Ill :d\u00e9penses aff\u00e9rentes \u00e0 la structure 211 157,00groupe| :produits de la tarification 949 980,00groupe Il:produits autres produits relatifs \u00e0 l'exploitation 0,00 950 156,00groupe II] :produits financiers et produits non encaissables 176,00\nArticle 2 - Le prix de journ\u00e9e pr\u00e9cis\u00e9 \u00e0 l'article 3 est calcul\u00e9 en tenant compte de la reprise du r\u00e9sultat suivant :- D\u00e9ficit : 186 937,00 \u20acArticle 3 - Le prix de journ\u00e9e applicable \u00e0 compter du 1\u00b0 d\u00e9cembre 2025 du Dispositif Foyer au Demi-Lune est fix\u00e9 \u00e02 300,60 \u20ac.Article 4 - Du 1\u00b0 janvier au 30 novembre 2025, les recettes relatives \u00e0 la facturation des prix de journ\u00e9e sont liquid\u00e9es etper\u00e7ues dans les conditions arr\u00eat\u00e9es par l'arr\u00eat\u00e9 de reconduction \u00e9tabli au 01/01/2025.Article 5 - \u00c0 compter du 1\u00b0 janvier 2026, le prix de journ\u00e9e de reconduction provisoire est fix\u00e9 \u00e0 462,95 \u20ac.Article 6 - Le pr\u00e9sent arr\u00eat\u00e9 peut faire l'objet, dans un d\u00e9lai de deux mois \u00e0 compter de sa notification et de sa publication,soit d'un recours gracieux devant le Pr\u00e9sident de la M\u00e9tropole - Direction Pr\u00e9vention et protection de l'enfance, soit d'unrecours contentieux devant le Tribunal administratif de Lyon - 184 rue Duguesclin 69433 Lyon cedex 03, en application desarticles R 421-1 et suivants du code de justice administrative ou au moyen de l'application informatique \u00ab T\u00e9l\u00e9recourscitoyens \u00bb accessible par le site internet www.telerecours.fr.Article 7 - Monsieur le Pr\u00e9fet, Secr\u00e9taire g\u00e9n\u00e9ral de la Pr\u00e9fecture du Rh\u00f4ne, Pr\u00e9fet d\u00e9l\u00e9gu\u00e9 pour l'\u00e9galit\u00e9 des chances, laDirectrice g\u00e9n\u00e9rale et le Comptable public \u2014 Service de gestion comptable de Lyon Ville et M\u00e9tropole et Madame laDirectrice interr\u00e9gionale de la protection judiciaire de la jeunesse Centre-Est sont charg\u00e9s, chacun en ce qui le concerne,de l'ex\u00e9cution du pr\u00e9sent arr\u00eat\u00e9 qui sera applicable apr\u00e8s affichage et publication au recueil des actes administratifs de lapr\u00e9fecture du Rh\u00f4ne. Une ampliation sera notifi\u00e9e au destinataire du pr\u00e9sent arr\u00eat\u00e9.\nLyon, le 19/12 / 2025La Pr\u00e9f\u00e8te, Pour le Pr\u00e9sident,La Vice-Pr\u00e9sidente d\u00e9l\u00e9gu\u00e9eLe p-CHS\nLucie VACHER\nPage 2 sur 2\n01-69_DTPJJ_Direction territoriale de la protection judiciaire de la jeunesse de l'Ain et du Rh\u00f4ne - 69-2025-12-17-00007 - Arr\u00eat\u00e9\nconjoint portant fixation du prix de journ\u00e9e 2025 de l'\u00e9tablissement D\u00e9mi-Lune (PRADO) - N\u00b0 DTPJJ SAH 2025 12 19 02 12\n01-69_DTPJJ_Direction territoriale de la\nprotection judiciaire de la jeunesse de l'Ain et du\nRh\u00f4ne\n69-2025-12-17-00008\nArr\u00eat\u00e9 conjoint portant fixation du prix de\njourn\u00e9e 2025 de l'\u00e9tablissement L'autre chance\n(PRADO) - N\u00b0 DTPJJ SAH 2025 12 19 03\n01-69_DTPJJ_Direction territoriale de la protection judiciaire de la jeunesse de l'Ain et du Rh\u00f4ne - 69-2025-12-17-00008 - Arr\u00eat\u00e9\nconjoint portant fixation du prix de journ\u00e9e 2025 de l'\u00e9tablissement L'autre chance (PRADO) - N\u00b0 DTPJJ SAH 2025 12 19 03 13\nenPREFETEDU RHONE METROPOLELibert\u00e9\u00c9galit\u00e9Fraternit\u00e9Direction interr\u00e9gionale de la Protection D\u00e9l\u00e9gation Solidarit\u00e9s, Habitat et \u00c9ducationJudiciaire de la Jeunesse Centre-Est Direction de la pr\u00e9vention et de la protection deDirection territoriale Rh\u00f4ne-Ain l'enfance33 rue Moncey Unit\u00e9 tarification69003 LYON CS 3356969505 LYON CEDEX 03Arr\u00eat\u00e9 n\u00b0DTPJJ_SAH-2025_ |.|4_03 Arr\u00eat\u00e9 n\u00b02025-DSHE-DPPE-12-0004ARR\u00caT\u00c9 CONJOINTcommune : Villeurbanneobjet: Prix de journ\u00e9e - Exercice 2025 - Dispositif Centre d'Enseignement Professionnel \u00c9tablissement L'Autre Chancesise 7 rue des Fleurs \u00e0 Villeurbanne de l'association PRADO EDUCATIONLe Pr\u00e9sident de la M\u00e9tropole de Lyon, et la Pr\u00e9f\u00e9te de la Zone de d\u00e9fense et de s\u00e9curit\u00e9 sud-est, Pr\u00e9f\u00e9te de la r\u00e9gionAuvergne Rh\u00f4ne-Alpes, Pr\u00e9f\u00e9te du Rh\u00f4ne, Commandeur de la L\u00e9gion d'honneur, Commandeur de l'Ordre national duM\u00e9rite,Vu le code g\u00e9n\u00e9ral des collectivit\u00e9s territoriales ;Vu le code de l'action sociale et des familles et notamment :- les articles L.314-1 et suivants relatifs aux dispositions financi\u00e8res applicables aux\u00e9tablissements et services sociaux et m\u00e9dico-sociaux ;- les articles R.314-1 et suivants relatifs a la gestion budg\u00e9taire, comptable et financi\u00e9re, et auxmodalit\u00e9s de financement et de tarification des \u00e9tablissements et services sociaux et m\u00e9dico-sociaux \u00e9num\u00e9r\u00e9s au | del'article L.312-1 du m\u00eame code ;Vu les articles 375 \u00e0 375-8 du code civil relatifs \u00e0 l'assistance \u00e9ducative ;Vu lordonnance n\u00b0 45-1845 du 18 ao\u00fbt 1945 relative au remboursement aux institutions des frais d'entretienet d'\u00e9ducation des mineurs d\u00e9linquants ;Vu le d\u00e9cret n\u00b0 2010-214 du 2 mars 2010 relatif au ressort territorial, \u00e0 l'organisation et aux attributions desservices d\u00e9concentr\u00e9s de la Protection Judiciaire de la Jeunesse ;Vu l'arr\u00eat\u00e9 du Ministre de la justice du 19 d\u00e9cembre 2003 relatif aux modes de tarification applicables auxprestations d'action \u00e9ducative d\u00e9livr\u00e9es par les \u00e9tablissements et services concourant \u00e0 la protection judiciaire de lajeunesse et sous comp\u00e9tence tarifaire conjointe du repr\u00e9sentant de l'\u00c9tat dans le d\u00e9partement et du pr\u00e9sident du Conseilg\u00e9n\u00e9ral ; Vu la d\u00e9lib\u00e9ration du Conseil de la M\u00e9tropole de Lyon n\u00b0 2023-1979 du 16 d\u00e9cembre 2024 fixant l'\u00e9volutionde l'enveloppe de tarification 2025 des structures de l'aide \u00e0 l'enfance ;Vu la circulaire du 16 juillet 2024 relative \u00e0 la campagne budg\u00e9taire 2024 des \u00e9tablissements et servicesconcourant \u00e0 la mission de protection judiciaire de la jeunesse ;Vu l'arr\u00eat\u00e9 du Pr\u00e9sident de la M\u00e9tropole n\u00b0 2022-03-07-R-0231 du 7 mars 2022 donnant d\u00e9l\u00e9gation designature \u00e0 madame Lucie VACHER, Vice-Pr\u00e9sidente ;Vu les propositions budg\u00e9taires et leurs annexes pr\u00e9sent\u00e9es, au titre de l'exercice 2025, par Monsieur DenisPOINAS Pr\u00e9sident de l'association gestionnaire PRADO EDUCATION pour l'\u00e9tablissement mentionn\u00e9 \u00e0 l'article 1 dupr\u00e9sent arr\u00eat\u00e9 ;Vu la lettre de proc\u00e9dure contradictoire \u00e9crite du 3 d\u00e9cembre 2025 ;Vu les rapports du Directeur Territorial de la protection judiciaire de la jeunesse pour le d\u00e9partement duRh\u00f4ne agissant par d\u00e9l\u00e9gation de la Directrice interr\u00e9gionale de la protection judiciaire de la jeunesse Centre-Est et de laDirectrice g\u00e9n\u00e9rale adjointe d\u00e9l\u00e9gu\u00e9e aux solidarit\u00e9s, \u00e0 l'habitat et \u00e0 l'\u00e9ducation ;\nPage 1 sur 2\n01-69_DTPJJ_Direction territoriale de la protection judiciaire de la jeunesse de l'Ain et du Rh\u00f4ne - 69-2025-12-17-00008 - Arr\u00eat\u00e9\nconjoint portant fixation du prix de journ\u00e9e 2025 de l'\u00e9tablissement L'autre chance (PRADO) - N\u00b0 DTPJJ SAH 2025 12 19 03 14\nSur proposition de Monsieur le Pr\u00e9fet, Secr\u00e9taire g\u00e9n\u00e9ral de la Pr\u00e9fecture du Rh\u00f4ne, Pr\u00e9fet d\u00e9l\u00e9gu\u00e9 pourl'\u00e9galit\u00e9 des chances et de Madame la Directrice g\u00e9n\u00e9rale d\u00e9l\u00e9gu\u00e9e au d\u00e9veloppement solidaire, a l'habitat et \u00e0l'\u00e9ducation ; .arr\u00e9tentArticle1 - Pour l'exercice budg\u00e9taire de l'ann\u00e9e 2025, les charges et les produits pr\u00e9visionnels du Dispositif Centred'Enseignement Professionnel de l'\u00e9tablissement L'Autre Chance sont autoris\u00e9s comme suit :Groupes fonctionnels Montants (en \u20ac) Total (en \u20ac)groupe |charges aff\u00e9rentes \u00e0 l'exploitation courante 168 488,32groupe II :charges [charges aff\u00e9rentes au personnel 1 078 419,80 1 667 834,20groupe Ill :d\u00e9penses aff\u00e9rentes \u00e0 la structure 420 926,08groupe| :produits de la tarification 1 588 618,01groupe || :produits autres produits relatifs \u00e0 l'exploitation 77 916,19 1 667 834,20groupe Ill :produits financiers et produits non encaissables 1 300,00\nArticle 2 - Le prix de journ\u00e9e pr\u00e9cis\u00e9 \u00e0 l'article 3 est calcul\u00e9 en tenant compte de la reprise du r\u00e9sultat suivant :- N\u00e9antArticle3- Le prix de journ\u00e9e applicable \u00e0 compter du 1\u00b0 d\u00e9cembre 2025 du Dispositif Centre d'EnseignementProfessionnel au L'Autre Chance est fix\u00e9 \u00e0 186,60 \u20ac.Article 4 - Du 1\u00b0 janvier au 30 novembre 2025, les recettes relatives \u00e0 la facturation des prix de journ\u00e9e sont liquid\u00e9es etper\u00e7ues dans les conditions arr\u00eat\u00e9es par l'arr\u00eat\u00e9 de reconduction \u00e9tabli au 01/01/2025.Article 5 - \u00c0 compter du 1\u00b0 janvier 2026, le prix de journ\u00e9e de reconduction provisoire est fix\u00e9 \u00e0 148,89 \u20ac.Article 6 - Le pr\u00e9sent arr\u00eat\u00e9 peut faire l'objet, dans un d\u00e9lai de deux mois \u00e0 compter de sa notification et de sa publication,soit d'un recours gracieux devant le Pr\u00e9sident de la M\u00e9tropole - Direction Pr\u00e9vention et protection de l'enfance, soit d'unrecours contentieux devant le Tribunal administratif de Lyon - 184 rue Duguesclin 69433 Lyon cedex 03, en application desarticles R 421-1 et suivants du code de justice administrative ou au moyen de l'application informatique \u00ab T\u00e9l\u00e9recourscitoyens \u00bb accessible par le site internet www.telerecours.fr.Article 7 - Monsieur le Pr\u00e9fet, Secr\u00e9taire g\u00e9n\u00e9ral de la Pr\u00e9fecture du Rh\u00f4ne, Pr\u00e9fet d\u00e9l\u00e9gu\u00e9 pour l'\u00e9galit\u00e9 des chances, laDirectrice g\u00e9n\u00e9rale et le Comptable public \u2014 Service de gestion comptable de Lyon Ville et M\u00e9tropole et Madame laDirectrice interr\u00e9gionale de la protection judiciaire de la jeunesse Centre-Est sont charg\u00e9s, chacun en ce qui le concerne,de l'ex\u00e9cution du pr\u00e9sent arr\u00eat\u00e9 qui sera applicable apr\u00e8s affichage et publication au recueil des actes administratifs de lapr\u00e9fecture du Rh\u00f4ne. Une ampliation sera notifi\u00e9e au destinataire du pr\u00e9sent arr\u00eat\u00e9.\nLyon, le 1} /12 / 2025La Pr\u00e9f\u00e8te, Pour le Pr\u00e9sident,ee La Vice-Pr\u00e9sidente d\u00e9l\u00e9gu\u00e9ek A Pr\u00e9fateLe Prater <1.DlIEGLE Daur isa general,7\" S23! 12 385 chances| mi \"is Lucie VACHERFabrice ROSAy\nPage 2 sur 2\n01-69_DTPJJ_Direction territoriale de la protection judiciaire de la jeunesse de l'Ain et du Rh\u00f4ne - 69-2025-12-17-00008 - Arr\u00eat\u00e9\nconjoint portant fixation du prix de journ\u00e9e 2025 de l'\u00e9tablissement L'autre chance (PRADO) - N\u00b0 DTPJJ SAH 2025 12 19 03 15\n01-69_DTPJJ_Direction territoriale de la\nprotection judiciaire de la jeunesse de l'Ain et du\nRh\u00f4ne\n69-2025-12-17-00009\nArr\u00eat\u00e9 conjoint portant fixation du prix de\njourn\u00e9e 2025 de l'\u00e9tablissement Les Aliz\u00e9s\n(PRADO) - N\u00b0 DTPJJ SAH 2025 12 19 05\n01-69_DTPJJ_Direction territoriale de la protection judiciaire de la jeunesse de l'Ain et du Rh\u00f4ne - 69-2025-12-17-00009 - Arr\u00eat\u00e9\nconjoint portant fixation du prix de journ\u00e9e 2025 de l'\u00e9tablissement Les Aliz\u00e9s (PRADO) - N\u00b0 DTPJJ SAH 2025 12 19 05 16\nE 3PR\u00c9F\u00c8TE M\u00c9TROPOLEDU RH\u00d4NELibert\u00e9\u00c9galit\u00e9Fraternit\u00e9Direction interr\u00e9gionale de la Protection D\u00e9l\u00e9gation Solidarit\u00e9s, Habitat et \u00c9ducationJudiciaire de la Jeunesse Centre-Est Direction de la pr\u00e9vention et de la protection deDirection territoriale Rh\u00f4ne-Ain l'enfance33 rue Moncey Unit\u00e9 tarification69003 LYON CS 3356969505 LYON CEDEX 03Arr\u00eat\u00e9 n\u00b0DTPJJ_SAH-2025_|}. _14_DS Arr\u00eat\u00e9 n\u00b02025-DSHE-DPPE-12-0005ARR\u00caT\u00c9 CONJOINTcommune : Saint-Romain-au-Mont-d'Orobjet: Prix de journ\u00e9e - Exercice 2025 - Dispositif MECS \u00c9tablissement Les Aliz\u00e9s sise Maison d'enfants les Aliz\u00e9s del'association PRADO EDUCATIONLe Pr\u00e9sident de la M\u00e9tropole de Lyon, et la Pr\u00e9f\u00e9te de la Zone de d\u00e9fense et de s\u00e9cunt\u00e9 sud-est, Pr\u00e9f\u00e9te de la r\u00e9gionAuvergne Rh\u00f4ne-Alpes, Pr\u00e9f\u00e9te du Rh\u00f4ne, Commandeur de la L\u00e9gion d'honneur, Commandeur de l'Ordre national duM\u00e9rite,Vu le code g\u00e9n\u00e9ral des collectivit\u00e9s territoriales ;Vu le code de l'action sociale et des familles et notamment :- les articles L.314-1 et suivants relatifs aux dispositions financi\u00e8res applicables aux\u00e9tablissements et services sociaux et m\u00e9dico-sociaux ;- les articles R.314-1 et suivants relatifs \u00e0 la gestion budg\u00e9taire, comptable et financi\u00e8re, et auxmodalit\u00e9s de financement et de tarification des \u00e9tablissements et services sociaux et m\u00e9dico-sociaux \u00e9num\u00e9r\u00e9s au | del'article L.312-1 du m\u00eame code ;Vu les articles 375 \u00e0 375-8 du code civil relatifs \u00e0 l'assistance \u00e9ducative ;Vu l'ordonnance n\u00b0 45-1845 du 18 ao\u00fbt 1945 relative au remboursement aux institutions des frais d'entretienet d'\u00e9ducation des mineurs d\u00e9linquants ;Vu le d\u00e9cret n\u00b0 2010-214 du 2 mars 2010 relatif au ressort territorial, \u00e0 l'organisation et aux attributions desservices d\u00e9concentr\u00e9s de la Protection Judiciaire de la Jeunesse ;Vu l'arr\u00eat\u00e9 du Ministre de la justice du 19 d\u00e9cembre 2003 relatif aux modes de tarification applicables auxprestations d'action \u00e9ducative d\u00e9livr\u00e9es par les \u00e9tablissements et services concourant \u00e0 la protection judiciaire de lajeunesse et sous comp\u00e9tence tarifaire conjointe du repr\u00e9sentant de l'\u00c9tat dans le d\u00e9partement et du pr\u00e9sident du Conseilg\u00e9n\u00e9ral ; Vu la d\u00e9lib\u00e9ration du Conseil de la M\u00e9tropole de Lyon n\u00b0 2023-1979 du 16 d\u00e9cembre 2024 fixant l'\u00e9volutionde l'enveloppe de tarification 2025 des structures de l'aide \u00e0 l'enfance ;Vu la circulaire du 16 juillet 2024 relative \u00e0 la campagne budg\u00e9taire 2024 des \u00e9tablissements et servicesconcourant \u00e0 la mission de protection judiciaire de la jeunesse ;Vu larr\u00eat\u00e9 du Pr\u00e9sident de la M\u00e9tropole n\u00b0 2022-03-07-R-0231 du 7 mars 2022 donnant d\u00e9l\u00e9gation designature \u00e0 madame Lucie VACHER, Vice-Pr\u00e9sidente;Vu les propositions budg\u00e9taires et leurs annexes pr\u00e9sent\u00e9es, au titre de l'exercice 2025, par Monsieur DenisPOINAS Pr\u00e9sident de l'association gestionnaire PRADO EDUCATION pour l'\u00e9tablissement mentionn\u00e9 \u00e0 l'article 1 dupr\u00e9sent arr\u00eat\u00e9;Vu la lettre de proc\u00e9dure contradictoire \u00e9crite du 3 d\u00e9cembre 2025 ;Vu les rapports du Directeur Territorial de la protection judiciaire de la jeunesse pour le d\u00e9partement duRh\u00f4ne agissant par d\u00e9l\u00e9gation de la Directrice interr\u00e9gionale de la protection judiciaire de la jeunesse Centre-Est et de laDirectrice g\u00e9n\u00e9rale adjointe d\u00e9l\u00e9gu\u00e9e aux solidarit\u00e9s, \u00e0 l'habitat et \u00e0 l'\u00e9ducation;\nPage 1 sur 2\n01-69_DTPJJ_Direction territoriale de la protection judiciaire de la jeunesse de l'Ain et du Rh\u00f4ne - 69-2025-12-17-00009 - Arr\u00eat\u00e9\nconjoint portant fixation du prix de journ\u00e9e 2025 de l'\u00e9tablissement Les Aliz\u00e9s (PRADO) - N\u00b0 DTPJJ SAH 2025 12 19 05 17\nSur proposition de Monsieur le Pr\u00e9fet, Secr\u00e9taire g\u00e9n\u00e9ral de la Pr\u00e9fecture du Rh\u00f4ne, Pr\u00e9fet d\u00e9l\u00e9gu\u00e9 pourl'\u00e9galit\u00e9 des chances et de Madame la Directrice g\u00e9n\u00e9rale d\u00e9l\u00e9gu\u00e9e au d\u00e9veloppement solidaire, \u00e0 l'habitat et \u00e0l'\u00e9ducation; arr\u00eatentArticle1 - Pour l'exercice budg\u00e9taire de l'ann\u00e9e 2025, les charges et les produits pr\u00e9visionnels du Dispositif MECS del'\u00e9tablissement Les Aliz\u00e9s sont autoris\u00e9s comme suit :Groupes fonctionnels Montants (en \u20ac) Total (en \u20ac)groupe |charges aff\u00e9rentes \u00e0 l'exploitation courante 274 648,00groupe || :charges charges aff\u00e9rentes au personnel 1 679 524,84 2 408 828,56groupe Ill :d\u00e9penses aff\u00e9rentes \u00e0 la structur\u00e9 454 655,72groupe | :produits de la tarification 2 403 302,00groupe II :produits autres produits relatifs \u00e0 l'exploitation 110 059,51 2 520 211,51groupe III :produits financiers et produits non encaissables 6 850,00\nArticle 2 - Le prix de journ\u00e9e pr\u00e9cis\u00e9 \u00e0 l'article 3 est calcul\u00e9 en tenant compte de la reprise du r\u00e9sultat suivant :- D\u00e9ficit: 111 382,95 \u20ac.Article 3 - Le prix de journ\u00e9e applicable \u00e0 compter du 1\u00b0 d\u00e9cembre 2025 au Dispositif MECS au Les Aliz\u00e9s est fix\u00e9 a378,10 \u20ac.Article 4 - Du 1\u00b0 janvier au 30 novembre 2025, les recettes relatives \u00e0 la facturation des prix de journ\u00e9e sont liquid\u00e9es etper\u00e7ues dans les conditions arr\u00eat\u00e9es par l'arr\u00eat\u00e9 de reconduction \u00e9tabli au 01/01/2025.Article 5 - \u00c0 compter du 1\u00b0 janvier 2026, le prix de journ\u00e9e de reconduction provisoire est fix\u00e9 \u00e0 252,26 \u20ac.Article 6 - Le pr\u00e9sent arr\u00eat\u00e9 peut faire l'objet, dans un d\u00e9lai de deux mois \u00e0 compter de sa notification et de sa publication,soit d'un recours gracieux devant le Pr\u00e9sident de la M\u00e9tropole - Direction Pr\u00e9vention et protection de l'enfance, soit d'unrecours contentieux devant le Tribunal administratif de Lyon - 184 rue Duguesclin 69433 Lyon cedex 03, en application desarticles R 421-1 et suivants du code de justice administrative ou au moyen de l'application informatique \u00ab T\u00e9l\u00e9recourscitoyens \u00bb accessible par le site internet www.telerecours.fr.Article 7 - Monsieur le Pr\u00e9fet, Secr\u00e9taire g\u00e9n\u00e9ral de la Pr\u00e9fecture du Rh\u00f4ne, Pr\u00e9fet d\u00e9l\u00e9gu\u00e9 pour l'\u00e9galit\u00e9 des chances, laDirectrice g\u00e9n\u00e9rale et le Comptable public \u2014 Service de gestion comptable de Lyon Ville et M\u00e9tropole et Madame laDirectrice interr\u00e9gionale de la protection judiciaire de la jeunesse Centre-Est sont charg\u00e9s, chacun en ce qui le concerne,de l'ex\u00e9cution du pr\u00e9sent arr\u00eat\u00e9 qui sera applicable apr\u00e8s affichage et publication au recueil des actes administratifs de lapr\u00e9fecture du Rh\u00f4ne. Une ampliation sera notifi\u00e9e au destinataire du pr\u00e9sent arr\u00eat\u00e9.\nLyon, le 17/12 / 2025La Pr\u00e9f\u00e8te, Pour le Pr\u00e9sident,Our 18 Pr\u00e9f\u00e8te. La Vice-Pr\u00e9sidente d\u00e9l\u00e9gu\u00e9er'$lel SecretaireIESUE jh T\u00e9sal\u00e9n\u00e9ral,t\u00e9 desghancesFabrice ROSAY\" Lucie VACHER\nPage 2 sur 2\n01-69_DTPJJ_Direction territoriale de la protection judiciaire de la jeunesse de l'Ain et du Rh\u00f4ne - 69-2025-12-17-00009 - Arr\u00eat\u00e9\nconjoint portant fixation du prix de journ\u00e9e 2025 de l'\u00e9tablissement Les Aliz\u00e9s (PRADO) - N\u00b0 DTPJJ SAH 2025 12 19 05 18\n01-69_DTPJJ_Direction territoriale de la\nprotection judiciaire de la jeunesse de l'Ain et du\nRh\u00f4ne\n69-2025-12-17-00004\nArr\u00eat\u00e9 conjoint portant fixation du prix de\njourn\u00e9e 2025 de l'\u00e9tablissement SAFRen (PRADO)\n- N\u00b0 DTPJJ SAH 2025 12 19 01\n01-69_DTPJJ_Direction territoriale de la protection judiciaire de la jeunesse de l'Ain et du Rh\u00f4ne - 69-2025-12-17-00004 - Arr\u00eat\u00e9\nconjoint portant fixation du prix de journ\u00e9e 2025 de l'\u00e9tablissement SAFRen (PRADO) - N\u00b0 DTPJJ SAH 2025 12 19 01 19\nExPR\u00c9F\u00c8TEDU RH\u00d4NE M\u00c9TROPOLELibert\u00e9\u00c9galit\u00e9Fraternit\u00e9Direction interr\u00e9gionale de la Protection D\u00e9l\u00e9gation Solidarit\u00e9s, Habitat et \u00c9ducationJudiciaire de la Jeunesse Centre-Est Direction de la pr\u00e9vention et de la protection deDirection territoriale Rh\u00f4ne-Ain l'enfance33 rue Moncey Unit\u00e9 tarification69003 LYON CS 3356969505 LYON CEDEX 03Arr\u00eat\u00e9 n\u00b0DTPJJ: SAH-2025_ |) _|9_0! Arr\u00eat\u00e9 n\u00b02025-DSHE-DPPE-12-0006ARR\u00caT\u00c9 CONJOINTcommune : Lyon 3\u00e8meobjet: Prix de journ\u00e9e - Exercice 2025- Dispositif Accueil Externalis\u00e9 \u00c9tablissement SAFRen 2 rue de l'Humilit\u00e9 del'association PRADO EDUCATIONLe Pr\u00e9sident de la M\u00e9tropole de Lyon, et la Pr\u00e9f\u00e9te de la Zone de d\u00e9fense et de s\u00e9cunt\u00e9 sud-est, Pr\u00e9f\u00e9te de la r\u00e9gionAuvergne Rh\u00f4ne-Alpes, Pr\u00e9f\u00e9te du Rh\u00f4ne, Commandeur de la L\u00e9gion d'honneur, Commandeur de l'Ordre national duM\u00e9rite,Vu le code g\u00e9n\u00e9ral des collectivit\u00e9s territoriales ;Vu le code de l'action sociale et des familles et notamment :- les articles L.314-1 et suivants relatifs aux dispositions financi\u00e8res applicables aux\u00e9tablissements et services sociaux et m\u00e9dico-sociaux ;- les articles R.314-1 et suivants relatifs \u00e0 la gestion budg\u00e9taire, comptable et financi\u00e8re, et auxmodalit\u00e9s de financement et de tarification des \u00e9tablissements et services sociaux et m\u00e9dico-sociaux \u00e9num\u00e9r\u00e9s au | del'article L.312-1 du m\u00eame code ;Vu les articles 375 \u00e0 375-8 du code civil relatifs \u00e0 l'assistance \u00e9ducative ;Vu l'ordonnance n\u00b0 45-1845 du 18 ao\u00fbt 1945 relative au remboursement aux institutions des frais d'entretienet d'\u00e9ducation des mineurs d\u00e9linquants ;Vu le d\u00e9cret n\u00b0 2010-214 du 2 mars 2010 relatif au ressort territorial, \u00e0 l'organisation et aux attributions desservices d\u00e9concentr\u00e9s de la Protection Judiciaire de la Jeunesse ;Vu l'arr\u00eat\u00e9 du Ministre de la justice du 19 d\u00e9cembre 2003 relatif aux modes de tarification applicables auxprestations d'action \u00e9ducative d\u00e9livr\u00e9es par les \u00e9tablissements et services concourant \u00e0 la protection judiciaire de lajeunesse et sous comp\u00e9tence tarifaire conjointe du repr\u00e9sentant de l'\u00c9tat dans le d\u00e9partement et du pr\u00e9sident du Conseilg\u00e9n\u00e9ral ;Vu la d\u00e9lib\u00e9ration du Conseil de la M\u00e9tropole de Lyon n\u00b0 2023-1979 du 16 d\u00e9cembre 2024 fixant l'\u00e9volutionde l'enveloppe de tarification 2025 des structures de l'aide \u00e0 l'enfance ;Vu la circulaire du 16 juillet 2024 relative \u00e0 la campagne budg\u00e9taire 2024 des \u00e9tablissements et servicesconcourant \u00e0 la mission de protection judiciaire de la jeunesse ;Vu l'arr\u00eat\u00e9 du Pr\u00e9sident de la M\u00e9tropole n\u00b0 2022-03-07-R-0231 du 7 mars 2022 donnant d\u00e9l\u00e9gation designature \u00e0 madame Lucie VACHER, Vice-Pr\u00e9sidente ;Vu les propositions budg\u00e9taires et leurs annexes pr\u00e9sent\u00e9es, au titre de l'exercice 2025, par Monsieur DenisPOINAS Pr\u00e9sident de l'association gestionnaire PRADO \u00c9DUCATION pour l'\u00e9tablissement mentionn\u00e9 \u00e0 l'article 1 dupr\u00e9sent arr\u00eat\u00e9;Vu la lettre de proc\u00e9dure contradictoire \u00e9crite du 3 d\u00e9cembre 2025 :Vu les rapports du Directeur Territorial de la protection judiciaire de la jeunesse pour le d\u00e9partement duRh\u00f4ne agissant par d\u00e9l\u00e9gation de la Directrice interr\u00e9gionale de la protection judiciaire de la jeunesse Centre-Est et de laDirectrice g\u00e9n\u00e9rale adjointe d\u00e9l\u00e9gu\u00e9e aux solidarit\u00e9s, \u00e0 l'habitat et \u00e0 l'\u00e9ducation ;\nPage 1 sur 2\n01-69_DTPJJ_Direction territoriale de la protection judiciaire de la jeunesse de l'Ain et du Rh\u00f4ne - 69-2025-12-17-00004 - Arr\u00eat\u00e9\nconjoint portant fixation du prix de journ\u00e9e 2025 de l'\u00e9tablissement SAFRen (PRADO) - N\u00b0 DTPJJ SAH 2025 12 19 01 20\nSur proposition de Monsieur le Pr\u00e9fet, Secr\u00e9taire g\u00e9n\u00e9ral de la Pr\u00e9fecture du Rh\u00f4ne, Pr\u00e9fet d\u00e9l\u00e9gu\u00e9 pourl\u00e9galit\u00e9 des chances et de Madame la Directrice g\u00e9n\u00e9rale d\u00e9l\u00e9gu\u00e9e au d\u00e9veloppement solidaire, \u00e0 l'habitat et \u00e0l'\u00e9ducation ; arr\u00eatentArticle 1 - Pour l'exercice budg\u00e9taire de l'ann\u00e9e 2025, les charges et les produits pr\u00e9visionnels du Dispositif AccueilExternalis\u00e9 de l'\u00e9tablissement SAFRen sont autoris\u00e9s comme suit :Groupes fonctionnels Montants (en \u20ac) Total (en \u20ac)groupe |charges aff\u00e9rentes \u00e0 l'exploitation courante 15 936,03groupe II :charges |charges aff\u00e9rentes au personnel 400 973,78 511 341,13groupe Ill :d\u00e9penses aff\u00e9rentes a la structure 94 431,32groupe| :produits de la tarification 486 524,38groupe II :produits autres produits relatifs \u00e0 l'exploitation 22 937,75 511 341,13groupe Ill :produits financiers et produits non encaissables 1 879,00\nArticle 2 - Le prix de journ\u00e9e pr\u00e9cis\u00e9 \u00e0 l'article 3 est calcul\u00e9 en tenant compte de la reprise du r\u00e9sultat suivant :- N\u00e9antArticle 3 - Le prix de journ\u00e9e applicable \u00e0 compter du 1\u00b0 d\u00e9cembre 2025 au Dispositif Accueil Externalis\u00e9 au SAFRen estfix\u00e9 \u00e0 25,85 \u20ac.Article 4 - Du 1\u00b0 janvier au 30 novembre 2025, les recettes relatives \u00e0 la facturation des prix de journ\u00e9e sont liquid\u00e9es etper\u00e7ues dans les conditions arr\u00eat\u00e9es par l'arr\u00eat\u00e9 de reconduction \u00e9tabli au 01/01/2025.Article 5 - \u00c0 compter du 1\u00b0 janvier 2026, le prix de journ\u00e9e de reconduction provisoire est fix\u00e9 \u00e0 53,97 \u20ac.Article 6 - Le pr\u00e9sent arr\u00eat\u00e9 peut faire l'objet, dans un d\u00e9lai de deux mois \u00e0 compter de sa notification et de sa publication,soit d'un recours gracieux devant le Pr\u00e9sident de la M\u00e9tropole - Direction Pr\u00e9vention et protection de l'enfance, soit d'unrecours contentieux devant le Tribunal administratif de Lyon - 184 rue Duguesclin 69433 Lyon cedex 03, en application desarticles R 421-1 et suivants du code de justice administrative ou au moyen de l'application informatique \u00ab T\u00e9l\u00e9recourscitoyens \u00bb accessible par le site internet www.telerecours.fr.Article 7 - Monsieur le Pr\u00e9fet, Secr\u00e9taire g\u00e9n\u00e9ral de la Pr\u00e9fecture du Rh\u00f4ne, Pr\u00e9fet d\u00e9l\u00e9gu\u00e9 pour l'\u00e9galit\u00e9 des chances, laDirectrice g\u00e9n\u00e9rale et le Comptable public \u2014 Service de gestion comptable de Lyon Ville et M\u00e9tropole et Madame laDirectrice interr\u00e9gionale de la protection judiciaire de la jeunesse Centre-Est sont charg\u00e9s, chacun en ce qui le concerne,de l'ex\u00e9cution du pr\u00e9sent arr\u00eat\u00e9 qui sera applicable apr\u00e8s affichage et publication au recueil des actes administratifs de lapr\u00e9fecture du Rh\u00f4ne. Une ampliation sera notifi\u00e9e au destinataire du pr\u00e9sent arr\u00eat\u00e9.\nLyon, le 13/12 /2025La Pr\u00e9f\u00e8te, Pour le Pr\u00e9sident,Pour la Prag La Vice-Pr\u00e9sidente d\u00e9l\u00e9gu\u00e9e\n2 n-4.\"20 \u00a9~~Fabrice ROQSAY Lucie VACHER\nPage 2 sur 2\n01-69_DTPJJ_Direction territoriale de la protection judiciaire de la jeunesse de l'Ain et du Rh\u00f4ne - 69-2025-12-17-00004 - Arr\u00eat\u00e9\nconjoint portant fixation du prix de journ\u00e9e 2025 de l'\u00e9tablissement SAFRen (PRADO) - N\u00b0 DTPJJ SAH 2025 12 19 01 21\n69_DDETS_Direction d\u00e9partementale de\nl'emploi du travail et des solidarit\u00e9s\n69-2025-10-24-00010\nArr\u00eat\u00e9 pr\u00e9fectoral n\u00b0\nDDETS-HIS-ISPL-2025-10-24-16 portant agr\u00e9ment\nde l'association LAHSO au titre des activit\u00e9s\nd'ing\u00e9nierie sociale, financi\u00e8re et technique\n69_DDETS_Direction d\u00e9partementale de l'emploi du travail et des solidarit\u00e9s - 69-2025-10-24-00010 - Arr\u00eat\u00e9 pr\u00e9fectoral n\u00b0\nDDETS-HIS-ISPL-2025-10-24-16 portant agr\u00e9ment de l'association LAHSO au titre des activit\u00e9s d'ing\u00e9nierie sociale, financi\u00e8re et\ntechnique\n22\nesPREFETEDU RHONELibert\u00e9Egalit\u00e9Fraternit\u00e9\nDIRECTION D\u00c9PARTEMENTALE DE L'EMPLOI, DU TRAVAIL ET DES \nSOLIDARIT\u00c9S\nPOLE\n H\u00c9BERGEMENT ET INCLUSION SOCIALE\nSERVICE INSERTION SOCIALE ET PARCOURS VERS LE LOGEMENT\nArr\u00eat\u00e9 n\u00b0 DDETS-HIS-ISPL-2025-10-24-16\nPortant agr\u00e9ment de l'association LAHSO\nau titre de l'article L365-3 du code de la construction et de \nl'habitation\nLa Pr\u00e9f\u00e8te de la r\u00e9gion Auvergne- Rh\u00f4ne-Alpes,\nPr\u00e9f\u00e8te de la zone de d\u00e9fense et de s\u00e9curit\u00e9 Sud-Est,\nPr\u00e9f\u00e8te du Rh\u00f4ne\nCommandeur de la l\u00e9gion d'honneur\nCommandeur de l'ordre national du m\u00e9rite\nVU la loi n\u00b0 2009-323 du 25 mars 2009 de mobilisati on pour le logement et de lutte contre\nl'exclusion,\nVU le code de la construction et de l'habitation et notamment l'article L365-3 et l'article R365-1-2\u00b0\ndans sa r\u00e9daction issue du d\u00e9cret n\u00b02010-398 du 22 avril 2010 \u2013 art.1,\nVU le d\u00e9cret n\u00b0 2009-1684 du 30 d\u00e9cembre 2009 relatif aux agr\u00e9ments des organismes exer\u00e7ant des\nactivit\u00e9s en faveur du logement et de l'h\u00e9bergement des personnes d\u00e9favoris\u00e9es,\nVU la circulaire du 6 septembre 2010 relative aux a gr\u00e9ments des organismes agissant en faveur du\nlogement et de l'h\u00e9bergement des personnes d\u00e9favoris\u00e9es,\nCONSID\u00c9RANT le dossier transmis le 13 juin 2025 par le repr\u00e9sentant l\u00e9gal de l'association \nLAHSO, sise 259 rue Paul Bert 69003 LYON,  et d\u00e9clar\u00e9 complet le 16 juin 2025,\nSUR proposition de Monsieur le directeur d\u00e9partemental de l'emploi, du travail et des solidarit\u00e9s,\n.../ \u2026\n                    DDETS   8/10 rue du Nord  69625 VILLEURBANNE cedex\n69_DDETS_Direction d\u00e9partementale de l'emploi du travail et des solidarit\u00e9s - 69-2025-10-24-00010 - Arr\u00eat\u00e9 pr\u00e9fectoral n\u00b0\nDDETS-HIS-ISPL-2025-10-24-16 portant agr\u00e9ment de l'association LAHSO au titre des activit\u00e9s d'ing\u00e9nierie sociale, financi\u00e8re et\ntechnique\n23\nARRETE\nArticle 1  e  r : \nL'organisme \u00e0 gestion d\u00e9sint\u00e9ress\u00e9e, d\u00e9nomm\u00e9 LAHSO,  association de loi 1901, est agr\u00e9\u00e9 au titre\nde l'article R365-1-2\u00b0 du code de la construction e t de l'habitation, pour les activit\u00e9s d'ing\u00e9nierie\nsociale, financi\u00e8re et technique mentionn\u00e9es ci-dessous : \n1. les activit\u00e9s d'accueil, de conseils, d'assistanc e (assistance \u00e0 ma\u00eetrise d'ouvrage avec ou\nsans mission technique, ma\u00eetrise d'\u0153uvre) pour l'am \u00e9lioration ou l'adaptation de l'habitat\nconduites en faveur des personnes d\u00e9favoris\u00e9es ou des personnes \u00e2g\u00e9es et handicap\u00e9es\n2. l'accompagnement social des personnes pour favori ser leur acc\u00e8s ou leur maintien dans le\nlogement\n3. l'assistance  des  requ\u00e9rants  dans  les  proc\u00e9dures  d u  droit  au  logement  opposable\n   devant les commissions de m\u00e9diation ou les tribunaux administratifs\n4. la recherche de logements adapt\u00e9s\nArticle 2 : \nL'agr\u00e9ment est d\u00e9livr\u00e9 pour une dur\u00e9e de 5 ans reno uvelable et est valable dans le d\u00e9partement du\nRh\u00f4ne  et  la  M\u00e9tropole  de  Lyon.  L'agr\u00e9ment  peut  \u00eatre retir\u00e9  \u00e0  tout  moment  par  l'autorit\u00e9\nadministrative  comp\u00e9tente  si  l'organisme  ne  satisfait  plus  aux  conditions  de  d\u00e9livrance  de\nl'agr\u00e9ment ou s'il est constat\u00e9 un manquement grave ou r\u00e9p\u00e9t\u00e9 \u00e0 ses obligations.\nLe retrait est prononc\u00e9 apr\u00e8s avoir mis les dirigea nts de l'organisme en mesure de pr\u00e9senter leurs\nobservations.\nArticle 3\n : \nUn compte-rendu de l'activit\u00e9 concern\u00e9e et les comp tes financiers de l'organisme seront adress\u00e9s\nannuellement \u00e0 l'autorit\u00e9 administrative comp\u00e9tente qui a d\u00e9livr\u00e9 l'agr\u00e9ment.\nCette derni\u00e8re peut \u00e0 tout moment contr\u00f4ler les con ditions d'exercice de l'activit\u00e9 de l'organisme.\nToute modification statutaire est notifi\u00e9e sans d\u00e9lai \u00e0 l'autorit\u00e9 administrative.\nArticle 4 : \nLe pr\u00e9sent arr\u00eat\u00e9 peut faire l'objet d'un recours d evant le tribunal administratif de Lyon sis, 184,\nrue Duguesclin \u2013 69433 LYON Cedex 3 - dans les deux  mois suivant sa publication au recueil des\nactes administratifs de la Pr\u00e9fecture du Rh\u00f4ne.\nLe tribunal administratif peut \u00eatre saisi d'une requ\u00eate d\u00e9pos\u00e9e sur le site www.telerecours.fr\n.\nLe m\u00eame recours peut \u00eatre exerc\u00e9 par l'association gestionnaire dans le d\u00e9lai de deux mois \u00e0\ncompter de la notification du pr\u00e9sent arr\u00eat\u00e9.\nArticle 5\n : \nLe  pr\u00e9fet,  secr\u00e9taire  g\u00e9n\u00e9ral de  la  pr\u00e9fecture,  pr\u00e9fet  d\u00e9l\u00e9gu\u00e9  pour  l'\u00e9galit\u00e9  des  chances,  et  le\ndirecteur d\u00e9partemental de l'emploi, du travail et des solidarit\u00e9s, sont en charge, chacun en ce qui\nles concerne, de l'ex\u00e9cution du pr\u00e9sent arr\u00eat\u00e9 qui sera publi\u00e9 au recueil des actes administratifs de\nla pr\u00e9fecture.\nFait \u00e0 Lyon, le 24 octobre 2025\nLe pr\u00e9fet,\nSecr\u00e9taire g\u00e9n\u00e9ral,\nPr\u00e9fet d\u00e9l\u00e9gu\u00e9 pour l'\u00e9galit\u00e9 des chances\nFabrice ROSAY\n69_DDETS_Direction d\u00e9partementale de l'emploi du travail et des solidarit\u00e9s - 69-2025-10-24-00010 - Arr\u00eat\u00e9 pr\u00e9fectoral n\u00b0\nDDETS-HIS-ISPL-2025-10-24-16 portant agr\u00e9ment de l'association LAHSO au titre des activit\u00e9s d'ing\u00e9nierie sociale, financi\u00e8re et\ntechnique\n24\n69_DDETS_Direction d\u00e9partementale de\nl'emploi du travail et des solidarit\u00e9s\n69-2025-10-24-00009\nArr\u00eat\u00e9 pr\u00e9fectoral n\u00b0\nDDETS-HIS-ISPL-2025-10-24-17 portant agr\u00e9ment\nde l'association LAHSO pour les activit\u00e9s\nd'interm\u00e9diation locative et de gestion locative\nsociale\n69_DDETS_Direction d\u00e9partementale de l'emploi du travail et des solidarit\u00e9s - 69-2025-10-24-00009 - Arr\u00eat\u00e9 pr\u00e9fectoral n\u00b0\nDDETS-HIS-ISPL-2025-10-24-17 portant agr\u00e9ment de l'association LAHSO pour les activit\u00e9s d'interm\u00e9diation locative et de gestion\nlocative sociale\n25\nZsPREFETEDU RHONELibert\u00e9Egalit\u00e9Fraternit\u00e9\nDIRECTION D\u00c9PARTEMENTALE DE L'EMPLOI, DU TRAVAIL ET DES \nSOLIDARIT\u00c9S\nPOLE\n H\u00c9BERGEMENT ET INCLUSION SOCIALE\nSERVICE INSERTION SOCIALE ET PARCOURS VERS LE LOGEMENT\nArr\u00eat\u00e9 n\u00b0 DDETS-HIS-ISPL-2025-10-24-17\nPortant agr\u00e9ment de l'association LAHSO\nau titre de l'article L365-4 du code de la construction et de \nl'habitation\nLa Pr\u00e9f\u00e8te de la r\u00e9gion Auvergne- Rh\u00f4ne-Alpes,\nPr\u00e9f\u00e8te de la zone de d\u00e9fense et de s\u00e9curit\u00e9 Sud-Est,\nPr\u00e9f\u00e8te du Rh\u00f4ne\nCommandeur de la l\u00e9gion d'honneur\nCommandeur de l'ordre national du m\u00e9rite\nVU  la  loi  n\u00b0  2009-323  du  25  mars  2009  de  mobilisation  pour  le  logement  et  de  lutte  contre\nl'exclusion,\nVU le code de la construction et de l'habitation et  notamment l'article L365-4 et l'article R365-1-3\u00b0\ndans sa r\u00e9daction issue du d\u00e9cret n\u00b02010-398 du 22 avril 2010 \u2013 art.1,\nVU le d\u00e9cret n\u00b02009-1684 du 30 d\u00e9cembre 2009 relati f aux agr\u00e9ments des organismes exer\u00e7ant des\nactivit\u00e9s en faveur du logement et de l'h\u00e9bergement des personnes d\u00e9favoris\u00e9es,\nVU la circulaire du 6 septembre 2010 relative aux a gr\u00e9ments des organismes agissant en faveur du\nlogement et de l'h\u00e9bergement des personnes d\u00e9favoris\u00e9es,\nCONSID\u00c9RANT le dossier transmis le 13 juin 2025 par le repr\u00e9sentant l\u00e9gal de l'association \nLAHSO, sise 259 rue Paul Bert 69003 LYON,  et d\u00e9clar\u00e9 complet le 16 juin 2025,\nSUR proposition de Monsieur le directeur d\u00e9partemental de l'emploi, du travail et des solidarit\u00e9s,\n\u2026/\u2026\n                         DDETS   8/10 rue du Nord  69625 VILLEURBANNE cedex\n69_DDETS_Direction d\u00e9partementale de l'emploi du travail et des solidarit\u00e9s - 69-2025-10-24-00009 - Arr\u00eat\u00e9 pr\u00e9fectoral n\u00b0\nDDETS-HIS-ISPL-2025-10-24-17 portant agr\u00e9ment de l'association LAHSO pour les activit\u00e9s d'interm\u00e9diation locative et de gestion\nlocative sociale\n26\nARRETE\nArticle 1  e  r : \nL'organisme \u00e0 gestion d\u00e9sint\u00e9ress\u00e9e, d\u00e9nomm\u00e9 LAHSO,  association de loi 1901 , est agr\u00e9\u00e9 au titre\nde l'article R365-1-3\u00b0 du code de la construction e t de l'habitation pour les activit\u00e9s d'interm\u00e9diati on\nlocative et de gestion locative sociale mentionn\u00e9es ci-apr\u00e8s :\n1. la location de logements en vue de leur sous-loca tion aupr\u00e8s d'un organisme agr\u00e9\u00e9 pour\nson activit\u00e9 de ma\u00eetrise d'ouvrage ou d'un organisme HLM\n2. la location de logements en vue de leur sous-loca tion aupr\u00e8s de bailleurs autres que des\norganismes HLM : il s'agit notamment des bailleurs priv\u00e9s, personnes physiques ou\nmorales, des soci\u00e9t\u00e9s d'\u00e9conomie mixte et des collectivit\u00e9s locales\n3. la location de logements en vue de l'h\u00e9bergement de personnes d\u00e9favoris\u00e9es aupr\u00e8s d'un\norganisme conventionn\u00e9 \u00e0 l'allocation logement temporaire (ALT) : le d\u00e9cret ne pr\u00e9voit\nd'agr\u00e9ment  que  dans  le  cas  o\u00f9  l'organisme  qui  loue  les  logements  aux  fins\nd'h\u00e9bergement a conclu une convention ALT\nArticle 2 : \nL'agr\u00e9ment est d\u00e9livr\u00e9 pour une dur\u00e9e de 5 ans reno uvelable et est valable dans le d\u00e9partement du\nRh\u00f4ne  et  la  M\u00e9tropole  de  Lyon.  L'agr\u00e9ment  peut  \u00eatre  retir\u00e9  \u00e0  tout  moment  par  l'autorit\u00e9\nadministrative comp\u00e9tente si l'organisme ne satisfa it plus aux conditions de d\u00e9livrance de l'agr\u00e9ment\nou s'il est constat\u00e9 un manquement grave ou r\u00e9p\u00e9t\u00e9 \u00e0 ses obligations. \nLe retrait est prononc\u00e9 apr\u00e8s avoir mis les dirigea nts de l'organisme en mesure de pr\u00e9senter leurs\nobservations.\nArticle 3\n : \nUn compte-rendu de l'activit\u00e9 concern\u00e9e et les comp tes financiers de l'organisme seront adress\u00e9s\nannuellement \u00e0 l'autorit\u00e9 administrative comp\u00e9tente qui a d\u00e9livr\u00e9 l'agr\u00e9ment.\nCette derni\u00e8re peut \u00e0 tout moment contr\u00f4ler les con ditions d'exercice de l'activit\u00e9 de l'organisme.\nToute modification statutaire est notifi\u00e9e sans d\u00e9lai \u00e0 l'autorit\u00e9 administrative.\nArticle 4 : \nLe pr\u00e9sent arr\u00eat\u00e9 peut faire l'objet d'un recours d evant le tribunal administratif de Lyon sis, 184, r ue\nDuguesclin \u2013 69433 LYON Cedex 3 - dans les deux moi s suivant sa publication au recueil des actes\nadministratifs de la Pr\u00e9fecture du Rh\u00f4ne.\nLe tribunal administratif peut \u00eatre saisi d'une requ\u00eate d\u00e9pos\u00e9e sur le site \nwww.telerecours.fr.\nLe m\u00eame recours peut \u00eatre exerc\u00e9 par l'association gestionnaire dans le d\u00e9lai de deux mois \u00e0 compter\nde la notification du pr\u00e9sent arr\u00eat\u00e9.\nArticle 5\n : \nLe pr\u00e9fet, secr\u00e9taire g\u00e9n\u00e9ral de la pr\u00e9fecture, pr\u00e9 fet d\u00e9l\u00e9gu\u00e9 pour l'\u00e9galit\u00e9 des chances, et le direc teur\nd\u00e9partemental de l'emploi, du travail et des solida rit\u00e9s sont en charge, chacun en ce qui les concerne ,\nde l'ex\u00e9cution du pr\u00e9sent arr\u00eat\u00e9 qui sera publi\u00e9 au recueil des actes administratifs de la Pr\u00e9fecture.\nFait \u00e0 Lyon, le 24 octobre 2025\nLe pr\u00e9fet,\nSecr\u00e9taire g\u00e9n\u00e9ral,\nPr\u00e9fet d\u00e9l\u00e9gu\u00e9 pour l'\u00e9galit\u00e9 des chances\nFabrice ROSAY\n69_DDETS_Direction d\u00e9partementale de l'emploi du travail et des solidarit\u00e9s - 69-2025-10-24-00009 - Arr\u00eat\u00e9 pr\u00e9fectoral n\u00b0\nDDETS-HIS-ISPL-2025-10-24-17 portant agr\u00e9ment de l'association LAHSO pour les activit\u00e9s d'interm\u00e9diation locative et de gestion\nlocative sociale\n27\n69_DDETS_Direction d\u00e9partementale de\nl'emploi du travail et des solidarit\u00e9s\n69-2025-12-18-00010\nArr\u00eat\u00e9 pr\u00e9fectoral n\u00b0\nDDETS-HIS-ISPL-2025-12-18-16 du 18 d\u00e9cembre\n2025 portant agr\u00e9ment de la Fondation ACOLEA\nau titre de l'interm\u00e9diation locative et de la\ngestion locative sociale \n69_DDETS_Direction d\u00e9partementale de l'emploi du travail et des solidarit\u00e9s - 69-2025-12-18-00010 - Arr\u00eat\u00e9 pr\u00e9fectoral n\u00b0\nDDETS-HIS-ISPL-2025-12-18-16 du 18 d\u00e9cembre 2025 portant agr\u00e9ment de la Fondation ACOLEA au titre de l'interm\u00e9diation locative\net de la gestion locative sociale \n28\nEsPREFETEDU RHONELibert\u00e9Egalit\u00e9Fraternit\u00e9\nDIRECTION D\u00c9PARTEMENTALE DE L'EMPLOI, DU TRAVAIL ET DES \nSOLIDARIT\u00c9S\nPOLE\n H\u00c9BERGEMENT ET INCLUSION SOCIALE\nSERVICE INSERTION SOCIALE ET PARCOURS VERS LE LOGEMENT\nArr\u00eat\u00e9 n\u00b0 DDETS-HIS-ISPL-2025-12-18-16\nPortant agr\u00e9ment de la Fondation ACOLEA\nau titre de l'article L365-4 du code de la construction et de \nl'habitation\nLa Pr\u00e9f\u00e8te de la r\u00e9gion Auvergne-Rh\u00f4ne-Alpes,\nPr\u00e9f\u00e8te de la zone de d\u00e9fense et de s\u00e9curit\u00e9 Sud-Est,\nPr\u00e9f\u00e8te du Rh\u00f4ne\nCommandeur de la l\u00e9gion d'honneur\nCommandeur de l'ordre national du m\u00e9rite\nVU la  loi  n\u00b0  2009-323  du  25  mars  2009  de  mobilisation pour  le  logement  et  de  lutte  contre\nl'exclusion,\nVU le code de la construction et de l'habitation et n otamment l'article L365-4 et l'article R365-1-3\u00b0\ndans sa r\u00e9daction issue du d\u00e9cret n\u00b02010-398 du 22 avril 2010 \u2013 art.1,\nVU le d\u00e9cret n\u00b02009-1684 du 30 d\u00e9cembre 2009 relatif aux agr\u00e9ments des organismes exer\u00e7ant des\nactivit\u00e9s en faveur du logement et de l'h\u00e9bergement des personnes d\u00e9favoris\u00e9es,\nVU la circulaire du 6 septembre 2010 relative aux agr \u00e9ments des organismes agissant en faveur du\nlogement et de l'h\u00e9bergement des personnes d\u00e9favoris\u00e9es,\nCONSID\u00c9RANT le dossier transmis le 25 septembre 2025 par le repr\u00e9sentant l\u00e9gal de la Fondation \nACOLEA, sise 14 rue de Montbrillant \u00e0 Lyon 3,  et d\u00e9clar\u00e9 complet le 13 octobre 2025,\nSUR proposition de monsieur le directeur d\u00e9partemental de l'emploi, du travail et des solidarit\u00e9s,\n\u2026/\u2026\n                         DDETS   8/10 rue du Nord  69625 VILLEURBANNE cedex\n69_DDETS_Direction d\u00e9partementale de l'emploi du travail et des solidarit\u00e9s - 69-2025-12-18-00010 - Arr\u00eat\u00e9 pr\u00e9fectoral n\u00b0\nDDETS-HIS-ISPL-2025-12-18-16 du 18 d\u00e9cembre 2025 portant agr\u00e9ment de la Fondation ACOLEA au titre de l'interm\u00e9diation locative\net de la gestion locative sociale \n29\nARRETE\nArticle 1  e  r : \nL'organisme \u00e0 gestion d\u00e9sint\u00e9ress\u00e9e, d\u00e9nomm\u00e9 Fondation ACOLEA et reconnu d'utilit\u00e9 publique, est\nagr\u00e9\u00e9 au titre de l'article R365-1-3\u00b0 du code de la  construction et de l'habitation pour les activit\u00e9s\nd'interm\u00e9diation locative et de gestion locative sociale mentionn\u00e9es ci-apr\u00e8s :\n1. la location de logements en vue de leur sous-locati on aupr\u00e8s d'un organisme agr\u00e9\u00e9 pour\nson activit\u00e9 de ma\u00eetrise d'ouvrage ou d'un organisme HLM\n2. la location de logements en vue de leur sous-locati on aupr\u00e8s de bailleurs autres que des\norganismes HLM : il s'agit notamment des bailleurs priv\u00e9s, personnes physiques ou\nmorales, des soci\u00e9t\u00e9s d'\u00e9conomie mixte et des collectivit\u00e9s locales\nArticle 2 : \nL'agr\u00e9ment est d\u00e9livr\u00e9 pour une dur\u00e9e de 5 ans reno uvelable et est valable dans le d\u00e9partement du\nRh\u00f4ne  et  la  M\u00e9tropole  de  Lyon.  L'agr\u00e9ment  peut  \u00eatre  retir\u00e9  \u00e0  tout  moment  par  l'autorit\u00e9\nadministrative comp\u00e9tente si l'organisme ne satisfa it plus aux conditions de d\u00e9livrance de l'agr\u00e9ment\nou s'il est constat\u00e9 un manquement grave ou r\u00e9p\u00e9t\u00e9 \u00e0 ses obligations. \nLe retrait est prononc\u00e9 apr\u00e8s avoir mis les dirigea nts de l'organisme en mesure de pr\u00e9senter leurs\nobservations.\nArticle 3\n : \nUn compte-rendu de l'activit\u00e9 concern\u00e9e et les comp tes financiers de l'organisme seront adress\u00e9s\nannuellement \u00e0 l'autorit\u00e9 administrative comp\u00e9tente qui a d\u00e9livr\u00e9 l'agr\u00e9ment.\nCette derni\u00e8re peut \u00e0 tout moment contr\u00f4ler les con ditions d'exercice de l'activit\u00e9 de l'organisme.\nToute modification statutaire est notifi\u00e9e sans d\u00e9lai \u00e0 l'autorit\u00e9 administrative.\nArticle 4 : \nLe pr\u00e9sent arr\u00eat\u00e9 peut faire l'objet d'un recours d evant le tribunal administratif de Lyon sis, 184, r ue\nDuguesclin \u2013 69433 LYON Cedex 3 - dans les deux moi s suivant sa publication au recueil des actes\nadministratifs de la Pr\u00e9fecture du Rh\u00f4ne.\nLe tribunal administratif peut \u00eatre saisi d'une requ\u00eate d\u00e9pos\u00e9e sur le site \nwww.telerecours.fr.\nLe m\u00eame recours peut \u00eatre exerc\u00e9 par l'association gestionnaire dans le d\u00e9lai de deux mois \u00e0 compter\nde la notification du pr\u00e9sent arr\u00eat\u00e9.\nArticle 5\n : \nLe pr\u00e9fet, secr\u00e9taire g\u00e9n\u00e9ral de la pr\u00e9fecture, pr\u00e9 fet d\u00e9l\u00e9gu\u00e9 pour l'\u00e9galit\u00e9 des chances, et le direc teur\nd\u00e9partemental de l'emploi, du travail et des solida rit\u00e9s sont en charge, chacun en ce qui les concerne ,\nde l'ex\u00e9cution du pr\u00e9sent arr\u00eat\u00e9 qui sera publi\u00e9 au recueil des actes administratifs de la Pr\u00e9fecture.\nFait \u00e0 Lyon, le 18 d\u00e9cembre 2025\nLe pr\u00e9fet,\nSecr\u00e9taire g\u00e9n\u00e9ral,\nPr\u00e9fet d\u00e9l\u00e9gu\u00e9 pour l'\u00e9galit\u00e9 des chances\nFabrice ROSAY\n69_DDETS_Direction d\u00e9partementale de l'emploi du travail et des solidarit\u00e9s - 69-2025-12-18-00010 - Arr\u00eat\u00e9 pr\u00e9fectoral n\u00b0\nDDETS-HIS-ISPL-2025-12-18-16 du 18 d\u00e9cembre 2025 portant agr\u00e9ment de la Fondation ACOLEA au titre de l'interm\u00e9diation locative\net de la gestion locative sociale \n30\n69_DDT_Direction d\u00e9partementale des\nterritoires du Rh\u00f4ne\n69-2025-12-19-00004\nArr\u00eat\u00e9 pr\u00e9fectoral portant approbation des\nr\u00e8glements de s\u00e9curit\u00e9 de l'exploitation des\nr\u00e9seaux de tramways et m\u00e9tros de Lyon\n69_DDT_Direction d\u00e9partementale des territoires du Rh\u00f4ne - 69-2025-12-19-00004 - Arr\u00eat\u00e9 pr\u00e9fectoral portant approbation des\nr\u00e8glements de s\u00e9curit\u00e9 de l'exploitation des r\u00e9seaux de tramways et m\u00e9tros de Lyon 31\nesPREFETEDU RHONELibert\u00e9Egalit\u00e9Fraternit\u00e9\nDirection d\u00e9partementale\ndes territoires\nArr\u00eat\u00e9 pr\u00e9fectoral n\u00b0                                                  du                                              portant approbation \ndes r\u00e8glements de s\u00e9curit\u00e9 de l'exploitation des r\u00e9seaux tramways et m\u00e9tros de Lyon\nLa Pr\u00e9f\u00e8te de la R\u00e9gion Auvergne-Rh\u00f4ne-Alpes,\nPr\u00e9f\u00e8te de la Zone de d\u00e9fense et de s\u00e9curit\u00e9 sud-est,\nPr\u00e9f\u00e8te du Rh\u00f4ne,\nCommandeur de la L\u00e9gion d'honneur,\nCommandeur de l'ordre national du M\u00e9rite,\nVU le code des transports,\nVU le d\u00e9cret n\u00b02003-425 du 9 mai 2003 relatif \u00e0 la s\u00e9curit\u00e9 des transports publics guid\u00e9s,\nVU le d\u00e9cret n\u00b02004-374 du 29  avril 2004 relatif aux pouvoirs des pr\u00e9fets, \u00e0 l'organisation et \u00e0 l'action  \ndes services de l'\u00c9tat dans les r\u00e9gions et d\u00e9partements, modifi\u00e9 par les d\u00e9crets n\u00b02010-146 du 16 f\u00e9vrier \n2010 et n\u00b02012-16 du 5 janvier 2012,\nVU le d\u00e9cret n\u00b02010-1580 du 17 d\u00e9cembre 2010 relatif au service technique des remont\u00e9es m\u00e9caniques  \net des transports guid\u00e9s,\nVU le d\u00e9cret n\u00b02017-440 du 30 mars 2017 relatif \u00e0 la s\u00e9curit\u00e9 des transports publics guid\u00e9s,\nVU le d\u00e9cret en conseil des ministres du 11 janvier 2023 portant nomination de la pr\u00e9f\u00e8te de la r\u00e9gion  \nAuvergne-Rh\u00f4ne-Alpes, pr\u00e9f\u00e8te de la zone de d\u00e9fense et de s\u00e9curit\u00e9 Sud-Est, pr\u00e9f\u00e8te du Rh\u00f4ne  - Mme \nBUCCIO (Fabienne),\nVU le d\u00e9cret en conseil des ministres du 15 mai 2025 portant nomination du pr\u00e9fet, secr\u00e9taire g\u00e9n\u00e9ral  \nde la pr\u00e9fecture du Rh\u00f4ne, pr\u00e9fet d\u00e9l\u00e9gu\u00e9 pour l'\u00e9galit\u00e9 des chances aupr\u00e8s de la pr\u00e9f\u00e8te de la r\u00e9gion  \nAuvergne-Rh\u00f4ne-Alpes, pr\u00e9f\u00e8te de la zone de d\u00e9fense et de s\u00e9curit\u00e9 Sud-Est, pr\u00e9f\u00e8te du Rh\u00f4ne \u2013 M.  \nROSAY (Fabrice)\nVU l'arr\u00eat\u00e9 du 23  mai 2003 modifi\u00e9 relatif aux dossiers de s\u00e9curit\u00e9 des syst\u00e8mes de transports publics  \nguid\u00e9s urbains,\nVU la circulaire du 6  juillet 2011 relative \u00e0 l'organisation du contr\u00f4le des syst\u00e8mes de transports et de  \nl'instruction  des  dossiers  entre  le  service  technique  des  remont\u00e9es  m\u00e9caniques  et  des  transports \nguid\u00e9s, les pr\u00e9fets et leurs services, en application du d\u00e9cret du 17 d\u00e9cembre 2010,\nCONSID\u00c9RANT la  version  du  r\u00e8glement  de  s\u00e9curit\u00e9  de  l'exploitation  dans  sa  version  E2  du \n7 d\u00e9cembre 2023 relatif aux lignes de funiculaires du r\u00e9seau de Lyon,\nCONSID\u00c9RANT l'avis favorable du bureau Sud-Est du service technique des remont\u00e9es m\u00e9caniques et  \ndes transports guid\u00e9s en date du 1er d\u00e9cembre 2025,\n1/2\n69_DDT_Direction d\u00e9partementale des territoires du Rh\u00f4ne - 69-2025-12-19-00004 - Arr\u00eat\u00e9 pr\u00e9fectoral portant approbation des\nr\u00e8glements de s\u00e9curit\u00e9 de l'exploitation des r\u00e9seaux de tramways et m\u00e9tros de Lyon 32\nSur proposition du directeur d\u00e9partemental des territoires\nARR\u00caTE\nArticle     1     :\nLe  r\u00e8glement de s\u00e9curit\u00e9 de l'exploitation des lignes de M\u00e9tro A-B-C-D du r\u00e9seau de Lyon indice A  \nd'octobre 2025, est approuv\u00e9.\nArticle     2     :   \nLe r\u00e8glement de s\u00e9curit\u00e9 de l'exploitation des lignes de tramway T1, T2, T4, T5 et T6 du r\u00e9seau de Lyon  \nindice A d'octobre 2025, est approuv\u00e9.\nArticle     3     :  \nLe r\u00e8glement de s\u00e9curit\u00e9 de l'exploitation des lignes de tramway T3 et T7 du r\u00e9seau de Lyon indice A  \nd'octobre 2025, est approuv\u00e9.\nArticle     4     :   \nLe r\u00e8glement de s\u00e9curit\u00e9 de l'exploitation du service de tramway Rh\u00f4nexpress du r\u00e9seau de Lyon indice \n8.2 du 10 octobre 2025, est approuv\u00e9.\nArticle     5     :\nLes versions ant\u00e9rieures des  r\u00e8glements de s\u00e9curit\u00e9 de l'exploitation des lignes de funiculaires, des  \nlignes du r\u00e9seau m\u00e9tros, tramway urbains, tramway p\u00e9riurbains et du service de tramway Rh\u00f4nexpress  \ndu r\u00e9seau de Lyon sont abrog\u00e9es.\nFait \u00e0 Lyon, le \nPour la Pr\u00e9f\u00e8te du Rh\u00f4ne,\nLe Pr\u00e9fet Secr\u00e9taire g\u00e9n\u00e9ral,\nPr\u00e9fet d\u00e9l\u00e9gu\u00e9 pour l'\u00e9galit\u00e9 des chances\nFabrice ROSAY\nD\u00e9lais et voies de recours :\nConform\u00e9ment \u00e0 l'article R.421-1 du code de justice administrative, la pr\u00e9sente d\u00e9cision peut faire l'objet  \nd'un recours contentieux, dans le d\u00e9lai de deux mois \u00e0 compter de sa notification, devant le tribunal  \nadministratif  de  Lyon  (184,  rue  Duguesclin  \u2013  69  433  Lyon  Cedex  03,  ou  sur  l'application  \nwww.telerecours.fr). Elle peut \u00e9galement faire l'objet d'un recours gracieux aupr\u00e8s de Madame la Pr\u00e9f\u00e8te  \ndu Rh\u00f4ne. Cette d\u00e9marche interrompt le d\u00e9lai de recours contentieux, ce dernier devant \u00eatre introduit  \ndans le d\u00e9lai de deux mois suivant une d\u00e9cision implicite ou explicite de l'autorit\u00e9 comp\u00e9tente (le silence  \nde l'administration pendant un d\u00e9lai de deux mois valant d\u00e9cision implicite de rejet).\n2/2\n69_DDT_Direction d\u00e9partementale des territoires du Rh\u00f4ne - 69-2025-12-19-00004 - Arr\u00eat\u00e9 pr\u00e9fectoral portant approbation des\nr\u00e8glements de s\u00e9curit\u00e9 de l'exploitation des r\u00e9seaux de tramways et m\u00e9tros de Lyon 33\n69_Pr\u00e9f_Pr\u00e9fecture du Rh\u00f4ne\n69-2025-12-19-00007\nAP du 19 d\u00e9cembre 2025 portant autorisation\nexploitation syst\u00e8me vid\u00e9oprotection -\nCARREFOUR ECULLY - Ecully \n69_Pr\u00e9f_Pr\u00e9fecture du Rh\u00f4ne - 69-2025-12-19-00007 - AP du 19 d\u00e9cembre 2025 portant autorisation exploitation syst\u00e8me\nvid\u00e9oprotection - CARREFOUR ECULLY - Ecully 34\nEPR\u00c9F\u00c8TEDU RH\u00d4NELibert\u00e9Egalit\u00e9Fraternit\u00e9\nPr\u00e9fecture\nDirection de la s\u00e9curit\u00e9 et de la protection civile\nBureau des polices administratives\nDossier 08P-200\nArr\u00eat\u00e9 portant autorisation d'exploitation d'un syst\u00e8me de vid\u00e9oprotection\nLa Pr\u00e9f\u00e8te du Rh\u00f4ne\nCommandeur de la L\u00e9gion d'Honneur\nCommandeur de l'ordre national du M\u00e9rite\nVU le code de s\u00e9curit\u00e9 int\u00e9rieure et notamment ses articles L.223-1 \u00e0 L.223-9, L.251-1 \u00e0 L.255-1, ainsi que ses articles  \nR.251-7 et suivants; \nVU l'arr\u00eat\u00e9 minist\u00e9riel du 3 ao\u00fbt 2007 portant d\u00e9finition des normes techniques des syst\u00e8mes de vid\u00e9osurveillance;\nVU le d\u00e9cret en Conseil des Ministres du 11 janvier 2023 portant nomination de Madame Fabienne BUCCIO, pr\u00e9f\u00e8te de  \nla r\u00e9gion Auvergne-Rh\u00f4ne-Alpes, pr\u00e9f\u00e8te de la zone de d\u00e9fense et de s\u00e9curit\u00e9 Sud-Est, pr\u00e9f\u00e8te du Rh\u00f4ne (hors classe)  ;\nVU le d\u00e9cret du 6 novembre 2024 portant nomination de Monsieur Antoine GUERIN, pr\u00e9fet d\u00e9l\u00e9gu\u00e9 pour la d\u00e9fense et la  \ns\u00e9curit\u00e9 aupr\u00e8s de la pr\u00e9f\u00e8te de la r\u00e9gion Auvergne-Rh\u00f4ne-Alpes, pr\u00e9f\u00e8te de la zone de d\u00e9fense et de s\u00e9curit\u00e9 Sud-Est,  \npr\u00e9f\u00e8te du Rh\u00f4ne ;\nVU l'arr\u00eat\u00e9  pr\u00e9fectoral  n\u00b069-2025-10-13-00011  du  13  octobre  2025  portant  d\u00e9l\u00e9gation  de  signature  \u00e0  M  Antoine \nGUERIN, pr\u00e9fet d\u00e9l\u00e9gu\u00e9 pour la d\u00e9fense et la s\u00e9curit\u00e9 aupr\u00e8s de pr\u00e9f\u00e8te de la r\u00e9gion Auvergne-Rh\u00f4ne-Alpes, pr\u00e9f\u00e8te de la \nzone de d\u00e9fense et de s\u00e9curit\u00e9 Sud-Est, pr\u00e9f\u00e8te du Rh\u00f4ne ;\nVU la demande pr\u00e9sent\u00e9e par le responsable service s\u00e9curit\u00e9 de la soci\u00e9t\u00e9 CARREFOUR ECULLY en vue d'obtenir  \nl'autorisation de fonctionnement d'un syst\u00e8me de vid\u00e9oprotection;\nConsid\u00e9rant l'avis favorable \u00e9mis par la Commission d\u00e9partementale de vid\u00e9oprotection le 19/12/2025;\nConsid\u00e9rant que le syst\u00e8me de vid\u00e9oprotection est conforme \u00e0 la r\u00e9glementation ;\nSur proposition de Monsieur le Directeur de la S\u00e9curit\u00e9 et de la Protection Civile.\nARR\u00caTE\nArticle 1er : Le fonctionnement du syst\u00e8me de vid\u00e9oprotection, situ\u00e9 avenue du Bon Pasteur \u00e0 Ecully (69130) qui fait  \nl'objet de la demande pr\u00e9sent\u00e9e par le responsable service s\u00e9curit\u00e9 de la soci\u00e9t\u00e9 CARREFOUR ECULLY est autoris\u00e9 pour  \n273 cam\u00e9ras int\u00e9rieures et 27 cam\u00e9ras ext\u00e9rieures sous r\u00e9serve des obligations suivantes : \n- le d\u00e9lai de conservation des images est limit\u00e9 \u00e0 30 jours ;\n- le traitement des images \u00e0 l'\u00e9tranger est formellement interdit ;\n- le titulaire de l'autorisation doit tenir un registre mentionnant les enregistrements r\u00e9alis\u00e9s, la date de destruction des  \nimages et le cas \u00e9ch\u00e9ant la date de leur transmission au parquet ;\n- les personnes charg\u00e9es du traitement du syst\u00e8me de vid\u00e9oprotection sont habilit\u00e9es \u00e0 le faire par le p\u00e9titionnaire ;\n- les personnes habilit\u00e9es \u00e0 acc\u00e9der aux images doivent correspondre \u00e0 celles mentionn\u00e9es dans la d\u00e9claration, elles sont  \nd\u00e9sign\u00e9es par leur identit\u00e9 et/ou leur fonction, toute modification de ces personnes doit \u00eatre faite aupr\u00e8s des services  \npr\u00e9fectoraux ;\n   Pr\u00e9fecture du Rh\u00f4ne \u2013 \n   69419 Lyon cedex 03 \n  04 72 61 61 61\n  www.rhone.gouv.fr 1/2\nLyon, le 19 d\u00e9cembre 2025\n69_Pr\u00e9f_Pr\u00e9fecture du Rh\u00f4ne - 69-2025-12-19-00007 - AP du 19 d\u00e9cembre 2025 portant autorisation exploitation syst\u00e8me\nvid\u00e9oprotection - CARREFOUR ECULLY - Ecully 35\n- les forces de s\u00e9curit\u00e9 de l'\u00c9tat sont habilit\u00e9es \u00e0 acc\u00e9der aux images en temps r\u00e9el et \u00e0 visionner les enregistrements sur le  \nlieu de traitement des images et une r\u00e9quisition \u00e9crite est n\u00e9cessaire pour toute extraction d'images ;\n- le responsable de la mise en \u0153uvre du syst\u00e8me doit s'assurer que des consignes tr\u00e8s pr\u00e9cises soient donn\u00e9es sur la  \nconfidentialit\u00e9 des images capt\u00e9es et/ou enregistr\u00e9es \u00e0 toutes les personnes concern\u00e9es ;\n- l'acc\u00e8s \u00e0 la salle de visionnage, d'enregistrement et de traitement des images, doit \u00eatre  strictement interdit  \u00e0 toute  \npersonne  qui  n'aura  pas  \u00e9t\u00e9  pr\u00e9alablement  habilit\u00e9e  et  autoris\u00e9e  par  l'autorit\u00e9  responsable  du  syst\u00e8me  ou  de  son \nexploitation ;\n- les cam\u00e9ras ne doivent en aucun cas visionner les zones privatives aux alentours, toutes mesures de protection comme un  \nsyst\u00e8me de masquage ou de \u00ab  floutage \u00bb (notamment pour les lieux privatifs film\u00e9s \u00e0 titre accessoire) doivent \u00eatre prises  \nafin de ne porter, en aucune mani\u00e8re, atteinte \u00e0 l'intimit\u00e9 de la vie priv\u00e9e des riverains qui peuvent se trouver dans leur  \nchamp de vision.\n- l'information du public de l'existence du syst\u00e8me de vid\u00e9oprotection dans la commune, la qualit\u00e9 et les coordonn\u00e9es du  \nresponsable de ce syst\u00e8me doivent appara\u00eetre de mani\u00e8re claire et permanente, l'affichage doit-\u00eatre suffisant et conforme  \nau mod\u00e8le joint \u00e0 la demande ;\n- le syst\u00e8me de vid\u00e9oprotection ne peut pas servir \u00e0 alimenter un fichier nominatif .\nArticle 2 : Les finalit\u00e9s du syst\u00e8me de vid\u00e9oprotection pour lequel la pr\u00e9sente autorisation est d\u00e9livr\u00e9e sont la pr\u00e9vention des  \natteintes \u00e0 la s\u00e9curit\u00e9 des personnes et des biens dans des lieux, ainsi que dans des \u00e9tablissements ouverts au public,  \nparticuli\u00e8rement  expos\u00e9s  \u00e0  des  risques  d'agression  et  de  vol,  la  protection  des  abords  imm\u00e9diats  des  b\u00e2timents  et  des \ninstallations des commer\u00e7ants dans des lieux expos\u00e9s \u00e0 des risques d'agression et de vol, la lutte contre la d\u00e9marque inconnue,  \nla pr\u00e9vention d'actes de terroristes, la pr\u00e9vention des risques naturels ou technologiques, le secours aux personnes et la  \nd\u00e9fense contre l'incendie.\nArticle 3     : Le titulaire de l'autorisation est tenu d'informer pr\u00e9alablement la pr\u00e9f\u00e8te du Rh\u00f4ne de la date de mise en service du  \nsyst\u00e8me de vid\u00e9oprotection et, le cas \u00e9ch\u00e9ant, du d\u00e9placement des cam\u00e9ras.\nArticle 4 :  Les agents des forces de s\u00e9curit\u00e9 de l'\u00c9tat et du Service D\u00e9partemental M\u00e9tropolitain d'Incendie et de Secours du  \nRh\u00f4ne individuellement d\u00e9sign\u00e9s et d\u00fbment habilit\u00e9s sont destinataires des enregistrements et des images, dans les conditions  \nd\u00e9finies par les conventions de partenariat relatives \u00e0 la vid\u00e9oprotection urbaine conclues le cas \u00e9ch\u00e9ant entre la commune et  \nl'\u00c9tat ou entre la commune et le SDMIS.\nArticle 5 : Toute modification des donn\u00e9es figurant dans le dossier administratif et technique de cette autorisation doit faire  \nl'objet d'une demande de modification d'autorisation aupr\u00e8s des services pr\u00e9fectoraux. La non-ex\u00e9cution de ces dispositions  \nentra\u00eene le retrait de cette autorisation, sans pr\u00e9judice des sanctions p\u00e9nales pr\u00e9vues.\nArticle  6 :  La  pr\u00e9sente  autorisation  est  valable  pour  une  dur\u00e9e  de  cinq  ans  et  devra  faire  l'objet  d'une  demande  de \nrenouvellement quatre mois avant la fin de son \u00e9ch\u00e9ance. \nLe droit d'acc\u00e8s aux informations enregistr\u00e9es est r\u00e9gi par les dispositions de l'article L. 253-5 et des articles R.253-3 et  \nR.253-4 du code de la s\u00e9curit\u00e9 int\u00e9rieure.\nArticle 7 : Le fait de proc\u00e9der \u00e0 des enregistrements de vid\u00e9oprotection sans autorisation, de ne pas les d\u00e9truire dans le d\u00e9lai  \npr\u00e9vu, de les falsifier, d'entraver l'action de la commission d\u00e9partementale de vid\u00e9oprotection ou de la Commission Nationale  \nInformatique et Libert\u00e9s, de faire acc\u00e9der des personnes non habilit\u00e9es aux images ou d'utiliser ces images \u00e0 d'autres fins que  \ncelles pour lesquelles elles sont autoris\u00e9es est puni de trois ans d'emprisonnement et de 45000 euros d'amende sans pr\u00e9judice  \ndes dispositions des articles 226-1 du code p\u00e9nal.\nArticle 8 : le Directeur de la s\u00e9curit\u00e9 et de la protection civile et le responsable service s\u00e9curit\u00e9 de la soci\u00e9t\u00e9 CARREFOUR  \nECULLY , chacun en ce qui le concerne, est charg\u00e9 de l'ex\u00e9cution du pr\u00e9sent arr\u00eat\u00e9 et qui sera publi\u00e9 au recueil des actes  \nadministratifs de la pr\u00e9fecture du Rh\u00f4ne.\n Pour la Pr\u00e9f\u00e8te, \nle directeur de la s\u00e9curit\u00e9 et de la protection civile\n       Ernest MOUTOUSSAMY\nSi vous entendez contester le pr\u00e9sent arr\u00eat\u00e9, vous pouvez utiliser les voies de recours suivantes :\n- un recours gracieux motiv\u00e9 peut \u00eatre adress\u00e9 aupr\u00e8s de mes services dans un d\u00e9lai de deux mois \u00e0 compter de la notification du pr\u00e9sent arr\u00eat\u00e9,\n- un recours hi\u00e9rarchique peut \u00eatre introduit aupr\u00e8s de M. le Ministre de l'Int\u00e9rieur, Direction des libert\u00e9s publiques et Affaires juridiques, Bureau des polices Administratives,\nEn l'absence de r\u00e9ponse dans un d\u00e9lai de deux mois \u00e0 compter de la r\u00e9ception de votre recours, celui-ci doit \u00eatre consid\u00e9r\u00e9 comme implicitement rejet\u00e9.\n- un recours contentieux : aupr\u00e8s du Tribunal Administratif de Lyon dans un d\u00e9lai de deux mois \u00e0 compter de la notification du pr\u00e9sent arr\u00eat\u00e9 ou \u00e0 partir de la d\u00e9cision\nImplicite ou explicite de rejet du recours gracieux ou hi\u00e9rarchique. Le tribunal administratif peut \u00eatre saisi d'une requ\u00eate d\u00e9pos\u00e9e sur le site www.telerecours.fr            2/2\n69_Pr\u00e9f_Pr\u00e9fecture du Rh\u00f4ne - 69-2025-12-19-00007 - AP du 19 d\u00e9cembre 2025 portant autorisation exploitation syst\u00e8me\nvid\u00e9oprotection - CARREFOUR ECULLY - Ecully 36\n69_Pr\u00e9f_Pr\u00e9fecture du Rh\u00f4ne\n69-2025-12-19-00009\nAP du 19 d\u00e9cembre 2025 portant autorisation\nexploitation syst\u00e8me vid\u00e9oprotection -\nCommune de Collonges-au-Mont-d'Or  \n69_Pr\u00e9f_Pr\u00e9fecture du Rh\u00f4ne - 69-2025-12-19-00009 - AP du 19 d\u00e9cembre 2025 portant autorisation exploitation syst\u00e8me\nvid\u00e9oprotection - Commune de Collonges-au-Mont-d'Or  37\nEPR\u00c9F\u00c8TEDU RH\u00d4NELibert\u00e9Egalit\u00e9Fraternit\u00e9\nPr\u00e9fecture\nDirection de la s\u00e9curit\u00e9 et de la protection civile\nBureau des polices administratives\nDossier 20083281\nArr\u00eat\u00e9 portant autorisation d'exploitation d'un syst\u00e8me de vid\u00e9oprotection\nLa Pr\u00e9f\u00e8te du Rh\u00f4ne\nCommandeur de la L\u00e9gion d'Honneur\nCommandeur de l'ordre national du M\u00e9rite\nVU le code de s\u00e9curit\u00e9 int\u00e9rieure et notamment ses articles L.223-1 \u00e0 L.223-9, L.251-1 \u00e0 L.255-1, ainsi que ses articles  \nR.251-7 et suivants; \nVU l'arr\u00eat\u00e9 minist\u00e9riel du 3 ao\u00fbt 2007 portant d\u00e9finition des normes techniques des syst\u00e8mes de vid\u00e9osurveillance;\nVU le d\u00e9cret en Conseil des Ministres du 11 janvier 2023 portant nomination de Madame Fabienne BUCCIO, pr\u00e9f\u00e8te de  \nla r\u00e9gion Auvergne-Rh\u00f4ne-Alpes, pr\u00e9f\u00e8te de la zone de d\u00e9fense et de s\u00e9curit\u00e9 Sud-Est, pr\u00e9f\u00e8te du Rh\u00f4ne (hors classe)  ;\nVU le d\u00e9cret du 6 novembre 2024 portant nomination de Monsieur Antoine GUERIN, pr\u00e9fet d\u00e9l\u00e9gu\u00e9 pour la d\u00e9fense et la  \ns\u00e9curit\u00e9 aupr\u00e8s de la pr\u00e9f\u00e8te de la r\u00e9gion Auvergne-Rh\u00f4ne-Alpes, pr\u00e9f\u00e8te de la zone de d\u00e9fense et de s\u00e9curit\u00e9 Sud-Est,  \npr\u00e9f\u00e8te du Rh\u00f4ne ;\nVU l'arr\u00eat\u00e9  pr\u00e9fectoral  n\u00b069-2025-10-13-00011  du  13  octobre  2025  portant  d\u00e9l\u00e9gation  de  signature  \u00e0  M  Antoine \nGUERIN, pr\u00e9fet d\u00e9l\u00e9gu\u00e9 pour la d\u00e9fense et la s\u00e9curit\u00e9 aupr\u00e8s de pr\u00e9f\u00e8te de la r\u00e9gion Auvergne-Rh\u00f4ne-Alpes, pr\u00e9f\u00e8te de la \nzone de d\u00e9fense et de s\u00e9curit\u00e9 Sud-Est, pr\u00e9f\u00e8te du Rh\u00f4ne ;\nVU la demande pr\u00e9sent\u00e9e par le Maire de la commune de COLLONGES-AU-MONT-D'OR dont la mairie est situ\u00e9e  \nplace de la Mairie 69660 en vue d'obtenir l'autorisation de fonctionnement d'un syst\u00e8me de vid\u00e9oprotection;\nConsid\u00e9rant l'avis favorable \u00e9mis par la Commission d\u00e9partementale de vid\u00e9oprotection le 19/12/2025;\nConsid\u00e9rant que le syst\u00e8me de vid\u00e9oprotection est conforme \u00e0 la r\u00e9glementation ;\nSur proposition de Monsieur le Directeur de la S\u00e9curit\u00e9 et de la Protection Civile.\nARR\u00caTE\nArticle 1er : Le fonctionnement du syst\u00e8me de vid\u00e9oprotection, qui fait l'objet de la demande pr\u00e9sent\u00e9e par le Maire de la  \ncommune  de  COLLONGES-AU-MONT-D'OR  dont  la  mairie  est  situ\u00e9e  place  de  la  Mairie  69660  est  autoris\u00e9  pour \n56 cam\u00e9ras visionnant la voie publique sous r\u00e9serve des obligations suivantes : \n- le d\u00e9lai de conservation des images est limit\u00e9 \u00e0 15 jours ;\n- le traitement des images \u00e0 l'\u00e9tranger est formellement interdit ;\n- le titulaire de l'autorisation doit tenir un registre mentionnant les enregistrements r\u00e9alis\u00e9s, la date de destruction des  \nimages et le cas \u00e9ch\u00e9ant la date de leur transmission au parquet ;\n- les personnes charg\u00e9es du traitement du syst\u00e8me de vid\u00e9oprotection sont habilit\u00e9es \u00e0 le faire par le p\u00e9titionnaire ;\n- les personnes habilit\u00e9es \u00e0 acc\u00e9der aux images doivent correspondre \u00e0 celles mentionn\u00e9es dans la d\u00e9claration, elles sont  \nd\u00e9sign\u00e9es par leur identit\u00e9 et/ou leur fonction, toute modification de ces personnes doit \u00eatre faite aupr\u00e8s des services  \npr\u00e9fectoraux ;\n- les forces de s\u00e9curit\u00e9 de l'\u00c9tat sont habilit\u00e9es \u00e0 acc\u00e9der aux images en temps r\u00e9el et \u00e0 visionner les enregistrements sur le  \nlieu de traitement des images et une r\u00e9quisition \u00e9crite est n\u00e9cessaire pour toute extraction d'images ;\n   Pr\u00e9fecture du Rh\u00f4ne \u2013 \n   69419 Lyon cedex 03 \n  04 72 61 61 61\n  www.rhone.gouv.fr 1/2\nLyon, le 19 d\u00e9cembre 2025\n69_Pr\u00e9f_Pr\u00e9fecture du Rh\u00f4ne - 69-2025-12-19-00009 - AP du 19 d\u00e9cembre 2025 portant autorisation exploitation syst\u00e8me\nvid\u00e9oprotection - Commune de Collonges-au-Mont-d'Or  38\n- le responsable de la mise en \u0153uvre du syst\u00e8me doit s'assurer que des consignes tr\u00e8s pr\u00e9cises soient donn\u00e9es sur la  \nconfidentialit\u00e9 des images capt\u00e9es et/ou enregistr\u00e9es \u00e0 toutes les personnes concern\u00e9es ;\n- l'acc\u00e8s \u00e0 la salle de visionnage, d'enregistrement et de traitement des images, doit \u00eatre  strictement interdit  \u00e0 toute  \npersonne  qui  n'aura  pas  \u00e9t\u00e9  pr\u00e9alablement  habilit\u00e9e  et  autoris\u00e9e  par  l'autorit\u00e9  responsable  du  syst\u00e8me  ou  de  son \nexploitation ;\n- les cam\u00e9ras ne doivent en aucun cas visionner les zones privatives aux alentours, toutes mesures de protection comme un  \nsyst\u00e8me de masquage ou de \u00ab  floutage \u00bb (notamment pour les lieux privatifs film\u00e9s \u00e0 titre accessoire) doivent \u00eatre prises  \nafin de ne porter, en aucune mani\u00e8re, atteinte \u00e0 l'intimit\u00e9 de la vie priv\u00e9e des riverains qui peuvent se trouver dans leur  \nchamp de vision.\n- l'information du public de l'existence du syst\u00e8me de vid\u00e9oprotection dans la commune, la qualit\u00e9 et les coordonn\u00e9es du  \nresponsable de ce syst\u00e8me doivent appara\u00eetre de mani\u00e8re claire et permanente, l'affichage doit-\u00eatre suffisant et conforme  \nau mod\u00e8le joint \u00e0 la demande ;\n- le syst\u00e8me de vid\u00e9oprotection ne peut pas servir \u00e0 alimenter un fichier nominatif .\nArticle 2 : Les finalit\u00e9s du syst\u00e8me de vid\u00e9oprotection pour lequel la pr\u00e9sente autorisation est d\u00e9livr\u00e9e sont la protection des  \nb\u00e2timents et installations publics et de leurs abords, la constatation des infractions aux r\u00e8gles de la circulation, la pr\u00e9vention  \ndes atteintes \u00e0 la s\u00e9curit\u00e9 des personnes et des biens dans des lieux, ainsi que dans des \u00e9tablissements ouverts au public,  \nparticuli\u00e8rement expos\u00e9s \u00e0 des risques d'agression et de vol ou de trafic de stup\u00e9fiant, la pr\u00e9vention et constatation des  \ninfractions relatives \u00e0 l'abandon d'ordures, de d\u00e9chets, de mat\u00e9riaux ou d'autres objets, la pr\u00e9vention d'actes de terrorisme.\nArticle   3     : Un d\u00e9port d'images et d'acc\u00e8s aux enregistrements est mis en place vers la Gendarmerie de Fontaines-sur-Sa\u00f4ne au  \n1 rue du Stade \u00e0 Fontaines-sur-Sa\u00f4ne (69660).\nArticle   4     : Le titulaire de l'autorisation est tenu d'informer pr\u00e9alablement la pr\u00e9f\u00e8te du Rh\u00f4ne de la date de mise en service du  \nsyst\u00e8me de vid\u00e9oprotection et, le cas \u00e9ch\u00e9ant, du d\u00e9placement des cam\u00e9ras.\nArticle   5   :  Les agents des forces de s\u00e9curit\u00e9 de l'\u00c9tat et du Service D\u00e9partemental M\u00e9tropolitain d'Incendie et de Secours du  \nRh\u00f4ne individuellement d\u00e9sign\u00e9s et d\u00fbment habilit\u00e9s sont destinataires des enregistrements et des images, dans les conditions  \nd\u00e9finies par les conventions de partenariat relatives \u00e0 la vid\u00e9oprotection urbaine conclues le cas \u00e9ch\u00e9ant entre la commune et  \nl'\u00c9tat ou entre la commune et le SDMIS.\nArticle   6   : Toute modification des donn\u00e9es figurant dans le dossier administratif et technique n\u00b0 20083281 de cette autorisation \ndoit faire l'objet d'une demande de modification d'autorisation aupr\u00e8s des services pr\u00e9fectoraux. La non-ex\u00e9cution de ces  \ndispositions entra\u00eene le retrait de cette autorisation, sans pr\u00e9judice des sanctions p\u00e9nales pr\u00e9vues.\nArticle    7   :  La  pr\u00e9sente  autorisation  est  valable  pour  une  dur\u00e9e  de  cinq  ans  et  devra  faire  l'objet  d'une  demande  de \nrenouvellement quatre mois avant la fin de son \u00e9ch\u00e9ance.\nLe droit d'acc\u00e8s aux informations enregistr\u00e9es est r\u00e9gi par les dispositions de l'article L. 253-5 et des articles R.253-3 et  \nR.253-4 du code de la s\u00e9curit\u00e9 int\u00e9rieure.\nArticle   8   : Le fait de proc\u00e9der \u00e0 des enregistrements de vid\u00e9oprotection sans autorisation, de ne pas les d\u00e9truire dans le d\u00e9lai  \npr\u00e9vu, de les falsifier, d'entraver l'action de la commission d\u00e9partementale de vid\u00e9oprotection ou de la Commission Nationale  \nInformatique et Libert\u00e9s, de faire acc\u00e9der des personnes non habilit\u00e9es aux images ou d'utiliser ces images \u00e0 d'autres fins que  \ncelles pour lesquelles elles sont autoris\u00e9es est puni de trois ans d'emprisonnement et de 45000 euros d'amende sans pr\u00e9judice  \ndes dispositions des articles 226-1 du code p\u00e9nal.\nArticle   9   : le Directeur de la s\u00e9curit\u00e9 et de la protection civile et le Maire de la commune de COLLONGES-AU-MONT-D'OR, \nchacun en ce qui le concerne, est charg\u00e9 de l'ex\u00e9cution du pr\u00e9sent arr\u00eat\u00e9 dont copie sera adress\u00e9e au maire, et qui sera publi\u00e9  \nau recueil des actes administratifs de la pr\u00e9fecture du Rh\u00f4ne.\nPour la Pr\u00e9f\u00e8te, et par d\u00e9l\u00e9gation,\nle directeur de la s\u00e9curit\u00e9 et de la protection civile\nErnest MOUTOUSSAMY\nSi vous entendez contester le pr\u00e9sent arr\u00eat\u00e9, vous pouvez utiliser les voies de recours suivantes :\n- un recours gracieux motiv\u00e9 peut \u00eatre adress\u00e9 aupr\u00e8s de mes services dans un d\u00e9lai de deux mois \u00e0 compter de la notification du pr\u00e9sent arr\u00eat\u00e9,\n- un recours hi\u00e9rarchique peut \u00eatre introduit aupr\u00e8s de M. le Ministre de l'Int\u00e9rieur, Direction des libert\u00e9s publiques et Affaires juridiques, Bureau des polices Administratives,\nEn l'absence de r\u00e9ponse dans un d\u00e9lai de deux mois \u00e0 compter de la r\u00e9ception de votre recours, celui-ci doit \u00eatre consid\u00e9r\u00e9 comme implicitement rejet\u00e9.\n- un recours contentieux : aupr\u00e8s du Tribunal Administratif de Lyon dans un d\u00e9lai de deux mois \u00e0 compter de la notification du pr\u00e9sent arr\u00eat\u00e9 ou \u00e0 partir de la d\u00e9cision\nImplicite ou explicite de rejet du recours gracieux ou hi\u00e9rarchique. Le tribunal administratif peut \u00eatre saisi d'une requ\u00eate d\u00e9pos\u00e9e sur le site www.telerecours.fr            2/2\n69_Pr\u00e9f_Pr\u00e9fecture du Rh\u00f4ne - 69-2025-12-19-00009 - AP du 19 d\u00e9cembre 2025 portant autorisation exploitation syst\u00e8me\nvid\u00e9oprotection - Commune de Collonges-au-Mont-d'Or  39\n69_Pr\u00e9f_Pr\u00e9fecture du Rh\u00f4ne\n69-2025-12-19-00008\nAP du 19 d\u00e9cembre 2025 portant autorisation\nexploitation syst\u00e8me vid\u00e9oprotection -\nCommune de Neuvelle-sur-Sa\u00f4ne \n69_Pr\u00e9f_Pr\u00e9fecture du Rh\u00f4ne - 69-2025-12-19-00008 - AP du 19 d\u00e9cembre 2025 portant autorisation exploitation syst\u00e8me\nvid\u00e9oprotection - Commune de Neuvelle-sur-Sa\u00f4ne 40\nEPR\u00c9F\u00c8TEDU RH\u00d4NELibert\u00e9Egalit\u00e9Fraternit\u00e9\nPr\u00e9fecture\nDirection de la s\u00e9curit\u00e9 et de la protection civile\nBureau des polices administratives\nDossier 20110354\nArr\u00eat\u00e9 portant autorisation d'exploitation d'un syst\u00e8me de vid\u00e9oprotection\nLa Pr\u00e9f\u00e8te du Rh\u00f4ne\nCommandeur de la L\u00e9gion d'Honneur\nCommandeur de l'ordre national du M\u00e9rite\nVU le code de s\u00e9curit\u00e9 int\u00e9rieure et notamment ses articles L.223-1 \u00e0 L.223-9, L.251-1 \u00e0 L.255-1, ainsi que ses articles  \nR.251-7 et suivants; \nVU l'arr\u00eat\u00e9 minist\u00e9riel du 3 ao\u00fbt 2007 portant d\u00e9finition des normes techniques des syst\u00e8mes de vid\u00e9osurveillance;\nVU le d\u00e9cret en Conseil des Ministres du 11 janvier 2023 portant nomination de Madame Fabienne BUCCIO, pr\u00e9f\u00e8te de  \nla r\u00e9gion Auvergne-Rh\u00f4ne-Alpes, pr\u00e9f\u00e8te de la zone de d\u00e9fense et de s\u00e9curit\u00e9 Sud-Est, pr\u00e9f\u00e8te du Rh\u00f4ne (hors classe)  ;\nVU le d\u00e9cret du 6 novembre 2024 portant nomination de Monsieur Antoine GUERIN, pr\u00e9fet d\u00e9l\u00e9gu\u00e9 pour la d\u00e9fense et la  \ns\u00e9curit\u00e9 aupr\u00e8s de la pr\u00e9f\u00e8te de la r\u00e9gion Auvergne-Rh\u00f4ne-Alpes, pr\u00e9f\u00e8te de la zone de d\u00e9fense et de s\u00e9curit\u00e9 Sud-Est,  \npr\u00e9f\u00e8te du Rh\u00f4ne ;\nVU l'arr\u00eat\u00e9  pr\u00e9fectoral  n\u00b069-2025-10-13-00011  du  13  octobre  2025  portant  d\u00e9l\u00e9gation  de  signature  \u00e0  M  Antoine \nGUERIN, pr\u00e9fet d\u00e9l\u00e9gu\u00e9 pour la d\u00e9fense et la s\u00e9curit\u00e9 aupr\u00e8s de pr\u00e9f\u00e8te de la r\u00e9gion Auvergne-Rh\u00f4ne-Alpes, pr\u00e9f\u00e8te de la \nzone de d\u00e9fense et de s\u00e9curit\u00e9 Sud-Est, pr\u00e9f\u00e8te du Rh\u00f4ne ;\nVU la demande pr\u00e9sent\u00e9e par le Maire de la commune de NEUVILLE-SUR-SAONE dont la mairie est situ\u00e9e place du  \n8 Mai 1945 69250 en vue d'obtenir l'autorisation de fonctionnement d'un syst\u00e8me de vid\u00e9oprotection;\nConsid\u00e9rant l'avis favorable \u00e9mis par la Commission d\u00e9partementale de vid\u00e9oprotection le 19/12/2025;\nConsid\u00e9rant que le syst\u00e8me de vid\u00e9oprotection est conforme \u00e0 la r\u00e9glementation ;\nSur proposition de Monsieur le Directeur de la S\u00e9curit\u00e9 et de la Protection Civile.\nARR\u00caTE\nArticle 1er : Le fonctionnement du syst\u00e8me de vid\u00e9oprotection, qui fait l'objet de la demande pr\u00e9sent\u00e9e par le Maire de la  \ncommune de NEUVILLE-SUR-SAONE dont la mairie est situ\u00e9e place du 8 Mai 1945 69250 est autoris\u00e9 pour 28 cam\u00e9ras \nvisionnant la voie publique sous r\u00e9serve des obligations suivantes : \n- le d\u00e9lai de conservation des images est limit\u00e9 \u00e0 30 jours ;\n- le traitement des images \u00e0 l'\u00e9tranger est formellement interdit ;\n- le titulaire de l'autorisation doit tenir un registre mentionnant les enregistrements r\u00e9alis\u00e9s, la date de destruction des  \nimages et le cas \u00e9ch\u00e9ant la date de leur transmission au parquet ;\n- les personnes charg\u00e9es du traitement du syst\u00e8me de vid\u00e9oprotection sont habilit\u00e9es \u00e0 le faire par le p\u00e9titionnaire ;\n- les personnes habilit\u00e9es \u00e0 acc\u00e9der aux images doivent correspondre \u00e0 celles mentionn\u00e9es dans la d\u00e9claration, elles sont  \nd\u00e9sign\u00e9es par leur identit\u00e9 et/ou leur fonction, toute modification de ces personnes doit \u00eatre faite aupr\u00e8s des services  \npr\u00e9fectoraux ;\n- les forces de s\u00e9curit\u00e9 de l'\u00c9tat sont habilit\u00e9es \u00e0 acc\u00e9der aux images en temps r\u00e9el et \u00e0 visionner les enregistrements sur le  \nlieu de traitement des images et une r\u00e9quisition \u00e9crite est n\u00e9cessaire pour toute extraction d'images ;\n   Pr\u00e9fecture du Rh\u00f4ne \u2013 \n   69419 Lyon cedex 03 \n  04 72 61 61 61\n  www.rhone.gouv.fr 1/2\nLyon, le 19 d\u00e9cembre 2025\n69_Pr\u00e9f_Pr\u00e9fecture du Rh\u00f4ne - 69-2025-12-19-00008 - AP du 19 d\u00e9cembre 2025 portant autorisation exploitation syst\u00e8me\nvid\u00e9oprotection - Commune de Neuvelle-sur-Sa\u00f4ne 41\n- le responsable de la mise en \u0153uvre du syst\u00e8me doit s'assurer que des consignes tr\u00e8s pr\u00e9cises soient donn\u00e9es sur la  \nconfidentialit\u00e9 des images capt\u00e9es et/ou enregistr\u00e9es \u00e0 toutes les personnes concern\u00e9es ;\n- l'acc\u00e8s \u00e0 la salle de visionnage, d'enregistrement et de traitement des images, doit \u00eatre  strictement interdit  \u00e0 toute  \npersonne  qui  n'aura  pas  \u00e9t\u00e9  pr\u00e9alablement  habilit\u00e9e  et  autoris\u00e9e  par  l'autorit\u00e9  responsable  du  syst\u00e8me  ou  de  son \nexploitation ;\n- les cam\u00e9ras ne doivent en aucun cas visionner les zones privatives aux alentours, toutes mesures de protection comme un  \nsyst\u00e8me de masquage ou de \u00ab  floutage \u00bb (notamment pour les lieux privatifs film\u00e9s \u00e0 titre accessoire) doivent \u00eatre prises  \nafin de ne porter, en aucune mani\u00e8re, atteinte \u00e0 l'intimit\u00e9 de la vie priv\u00e9e des riverains qui peuvent se trouver dans leur  \nchamp de vision.\n- l'information du public de l'existence du syst\u00e8me de vid\u00e9oprotection dans la commune, la qualit\u00e9 et les coordonn\u00e9es du  \nresponsable de ce syst\u00e8me doivent appara\u00eetre de mani\u00e8re claire et permanente, l'affichage doit-\u00eatre suffisant et conforme  \nau mod\u00e8le joint \u00e0 la demande ;\n- le syst\u00e8me de vid\u00e9oprotection ne peut pas servir \u00e0 alimenter un fichier nominatif .\nArticle 2 : Les finalit\u00e9s du syst\u00e8me de vid\u00e9oprotection pour lequel la pr\u00e9sente autorisation est d\u00e9livr\u00e9e sont la protection des  \nb\u00e2timents et installations publics et de leurs abords, la pr\u00e9vention des atteintes \u00e0 la s\u00e9curit\u00e9 des personnes et des biens dans des \nlieux, ainsi que dans des \u00e9tablissements ouverts au public, particuli\u00e8rement expos\u00e9s \u00e0 des risques d'agression et de vol ou de  \ntrafic de stup\u00e9fiant, la pr\u00e9vention et constatation des infractions relatives \u00e0 l'abandon d'ordures, de d\u00e9chets, de mat\u00e9riaux ou  \nd'autres objets.\nArticle   3     : Le titulaire de l'autorisation est tenu d'informer pr\u00e9alablement la pr\u00e9f\u00e8te du Rh\u00f4ne de la date de mise en service du  \nsyst\u00e8me de vid\u00e9oprotection et, le cas \u00e9ch\u00e9ant, du d\u00e9placement des cam\u00e9ras.\nArticle   4   :  Les agents des forces de s\u00e9curit\u00e9 de l'\u00c9tat et du Service D\u00e9partemental M\u00e9tropolitain d'Incendie et de Secours du  \nRh\u00f4ne individuellement d\u00e9sign\u00e9s et d\u00fbment habilit\u00e9s sont destinataires des enregistrements et des images, dans les conditions  \nd\u00e9finies par les conventions de partenariat relatives \u00e0 la vid\u00e9oprotection urbaine conclues le cas \u00e9ch\u00e9ant entre la commune et  \nl'\u00c9tat ou entre la commune et le SDMIS.\nArticle   5   : Toute modification des donn\u00e9es figurant dans le dossier administratif et technique n\u00b0 20110354 de cette autorisation \ndoit faire l'objet d'une demande de modification d'autorisation aupr\u00e8s des services pr\u00e9fectoraux. La non-ex\u00e9cution de ces  \ndispositions entra\u00eene le retrait de cette autorisation, sans pr\u00e9judice des sanctions p\u00e9nales pr\u00e9vues.\nArticle    6   :  La  pr\u00e9sente  autorisation  est  valable  pour  une  dur\u00e9e  de  cinq  ans  et  devra  faire  l'objet  d'une  demande  de \nrenouvellement quatre mois avant la fin de son \u00e9ch\u00e9ance.\nLe droit d'acc\u00e8s aux informations enregistr\u00e9es est r\u00e9gi par les dispositions de l'article L. 253-5 et des articles R.253-3 et  \nR.253-4 du code de la s\u00e9curit\u00e9 int\u00e9rieure.\nArticle   7   : Le fait de proc\u00e9der \u00e0 des enregistrements de vid\u00e9oprotection sans autorisation, de ne pas les d\u00e9truire dans le d\u00e9lai  \npr\u00e9vu, de les falsifier, d'entraver l'action de la commission d\u00e9partementale de vid\u00e9oprotection ou de la Commission Nationale  \nInformatique et Libert\u00e9s, de faire acc\u00e9der des personnes non habilit\u00e9es aux images ou d'utiliser ces images \u00e0 d'autres fins que  \ncelles pour lesquelles elles sont autoris\u00e9es est puni de trois ans d'emprisonnement et de 45000 euros d'amende sans pr\u00e9judice  \ndes dispositions des articles 226-1 du code p\u00e9nal.\nArticle    8   :  le Directeur  de la s\u00e9curit\u00e9 et de la protection civile et le Maire de la commune de NEUVILLE-SUR-SAONE,  \nchacun en ce qui le concerne, est charg\u00e9 de l'ex\u00e9cution du pr\u00e9sent arr\u00eat\u00e9 dont copie sera adress\u00e9e au maire, et qui sera publi\u00e9  \nau recueil des actes administratifs de la pr\u00e9fecture du Rh\u00f4ne.\nPour la Pr\u00e9f\u00e8te, et par d\u00e9l\u00e9gation,\nle directeur de la s\u00e9curit\u00e9 et de la protection civile\nErnest MOUTOUSSAMY\nSi vous entendez contester le pr\u00e9sent arr\u00eat\u00e9, vous pouvez utiliser les voies de recours suivantes :\n- un recours gracieux motiv\u00e9 peut \u00eatre adress\u00e9 aupr\u00e8s de mes services dans un d\u00e9lai de deux mois \u00e0 compter de la notification du pr\u00e9sent arr\u00eat\u00e9,\n- un recours hi\u00e9rarchique peut \u00eatre introduit aupr\u00e8s de M. le Ministre de l'Int\u00e9rieur, Direction des libert\u00e9s publiques et Affaires juridiques, Bureau des polices Administratives,\nEn l'absence de r\u00e9ponse dans un d\u00e9lai de deux mois \u00e0 compter de la r\u00e9ception de votre recours, celui-ci doit \u00eatre consid\u00e9r\u00e9 comme implicitement rejet\u00e9.\n- un recours contentieux : aupr\u00e8s du Tribunal Administratif de Lyon dans un d\u00e9lai de deux mois \u00e0 compter de la notification du pr\u00e9sent arr\u00eat\u00e9 ou \u00e0 partir de la d\u00e9cision\nImplicite ou explicite de rejet du recours gracieux ou hi\u00e9rarchique. Le tribunal administratif peut \u00eatre saisi d'une requ\u00eate d\u00e9pos\u00e9e sur le site www.telerecours.fr            2/2\n69_Pr\u00e9f_Pr\u00e9fecture du Rh\u00f4ne - 69-2025-12-19-00008 - AP du 19 d\u00e9cembre 2025 portant autorisation exploitation syst\u00e8me\nvid\u00e9oprotection - Commune de Neuvelle-sur-Sa\u00f4ne 42\n69_Pr\u00e9f_Pr\u00e9fecture du Rh\u00f4ne\n69-2025-12-19-00006\nArr\u00eat\u00e9 pr\u00e9fectoral protoxyde d'azote\n69_Pr\u00e9f_Pr\u00e9fecture du Rh\u00f4ne - 69-2025-12-19-00006 - Arr\u00eat\u00e9 pr\u00e9fectoral protoxyde d'azote 43\n| | Direction de la s\u00e9curit\u00e9 et dePREFETE la protection civileDU RHONELibert\u00e9Egalit\u00e9Fraternit\u00e9Bureau des polices administratives\n_ ARR\u00caT\u00c9 PREFECTORAL N\u00b0r\u00e9glementant la d\u00e9tention et la consommation de protoxyde d'azotedans le d\u00e9partement du Rh\u00f4neLa Pr\u00e9f\u00e8te de la Zone de d\u00e9fense et de s\u00e9curit\u00e9 sud-est,Pr\u00e9f\u00e8te de la R\u00e9gion Auvergne-Rh\u00f4ne-Alpes,Pr\u00e9f\u00e8te du Rh\u00f4ne,Commandeur de la L\u00e9gion d'honneur,Commandeur de l'ordre national du M\u00e9riteVu le code g\u00e9n\u00e9ral des collectivit\u00e9s territoriales, et notamment ses articles L.2214-1 \u00e0 L.2214-4 et L.2215-1 ;Vu le code de la sant\u00e9 publique, et notamment son livre VI ;Vu le code p\u00e9nal, et notamment ses articles R. 610-5, R. 632-1, R. 634-2 et R. 644-2 ;Vu le code de proc\u00e9dure p\u00e9nale ;Vu le code de la s\u00e9curit\u00e9 int\u00e9rieure;Vu la loi n\u00b0 2021-695 du 1er juin 2021 tendant \u00e0 pr\u00e9venir les usages dangereux du protoxyde d'azote ;Vu le d\u00e9cret n\u00b0 2010-146 du 16 f\u00e9vrier 2010 modifiant le d\u00e9cret n\u00b0 2004-374 du 29 avril 2004 relatif auxpouvoirs des pr\u00e9fets, \u00e0 l'organisation et \u00e0 l'action des services de l'\u00c9tat dans les r\u00e9gions et d\u00e9partements ;Vu le d\u00e9cret du 11 janvier 2023 portant nomination de Mme Fabienne BUCCIO en qualit\u00e9 de pr\u00e9f\u00e8te de lar\u00e9gion Auvergne-Rh\u00f4ne-Alpes, pr\u00e9f\u00e8te de la zone de d\u00e9fense et de s\u00e9curit\u00e9 Sud-Est, pr\u00e9f\u00e8te du Rh\u00f4ne(hors classe) ;Consid\u00e9rant qu'en application de l'article L.3611-1 du code de la sant\u00e9 publique, le fait de provoquer unmineur \u00e0 faire un usage d\u00e9tourn\u00e9 d'un produit de consommation courante pour en obtenir des effetspsychoactifs est puni de 15 000 euros d'amende ;Consid\u00e9rant qu'en application de l'article L.3611-3 du code de la sant\u00e9 publique, il est interdit de vendreou d'offrir 4 un mineur du protoxyde d'azote, quel qu'en soit le conditionnement, que la personne quic\u00e9de un produit contenant un tel gaz exige du cessionnaire qu'il \u00e9tablisse la preuve de sa majorit\u00e9, que lessites de commerce \u00e9lectronique doivent sp\u00e9cifier l'interdiction de la vente aux mineurs de ce produit surles pages permettant de proc\u00e9der a un achat en ligne de ce produit, quel que soit son conditionnement ;Consid\u00e9rant qu'en application de ce m\u00e9me article, il est \u00e9galement interdit de vendre et de distribuertout produit sp\u00e9cifiquement destin\u00e9 a faciliter l'extraction de protoxyde d'azote afin d'en obtenir deseffets psychoactifs, que la violation des interdictions pr\u00e9vues au pr\u00e9sent article est punie de 3 750\u20acd'amende;Consid\u00e9rant que le fait de d\u00e9poser ill\u00e9galement des d\u00e9chets, ordures et autres mat\u00e9riaux sur la voiepublique en vertu des articles R.632-1, R.634-2 et R.644-2 du code p\u00e9nal est passible d'une amende detroisi\u00e8me et quatri\u00e8me classe;Consid\u00e9rant que le protoxyde d'azote, aussi connu sous le nom de \u00ab gaz hilarant \u00bb, est un gaz \u00e0 usagecourant dans les cartouches pour siphon \u00e0 chantilly, des a\u00e9rosols d'air sec ou des bonbonnes utilis\u00e9es enAdresse postale: Pr\u00e9fecture du Rh\u00f4ne - 69419 Lyon cedex 03 Accueil du public: 18 rue de Bonnel 69003 LyonPour conna\u00eetre nos horaires et nos modalit\u00e9s d'accueil: internet: www.rhone.gouv.fr ou t\u00e9l.: 04 72 61 61 61 (co\u00fbt d'un appel local)\n69_Pr\u00e9f_Pr\u00e9fecture du Rh\u00f4ne - 69-2025-12-19-00006 - Arr\u00eat\u00e9 pr\u00e9fectoral protoxyde d'azote 44\nm\u00e9decine et dans l'industrie, qui sont depuis quelque temps d\u00e9tourn\u00e9s de leurs usages l\u00e9gaux et initiauxpour ses propri\u00e9t\u00e9s euphorisantes en France et sur le territoire du d\u00e9partement du Rh\u00f4ne ;Consid\u00e9rant que l'usage d\u00e9tourn\u00e9 du protoxyde d'azote (N20) est un ph\u00e9nom\u00e8ne identifi\u00e9 depuis denombreuses ann\u00e9es, notamment dans le milieu festif et qu'il conna\u00eet depuis 2019 une recrudescenceinqui\u00e9tante chez les jeunes, parfois en dehors de tout contexte festif, accentuant la banalisation de sonusage ; |Consid\u00e9rant que les autorit\u00e9s sanitaires alertent sur les dangers de cette pratique qui expose \u00e0 deuxtypes de risques :\u2014 des risques imm\u00e9diats : asphyxie par manque d'oxyg\u00e8ne, perte de connaissance, br\u00fblure par le froid dugaz expuls\u00e9 de la cartouche, perte du r\u00e9flexe de toux (risque de fausse route), d\u00e9sorientations, vertiges,risque de chute ;- des risques en cas d'utilisation r\u00e9guli\u00e8re et/ou \u00e0 forte dose : atteinte de la moelle \u00e9pini\u00e8re, carence envitamine B12, an\u00e9mie, troubles psychiques et AVC ;Consid\u00e9rant que cette pratique se d\u00e9veloppe massivement et r\u00e9guli\u00e8rement en divers lieux de l'espacepublic, multipliantles comportements anormalement agit\u00e9s de certaines personnes et occasionnant destroubles \u00e0 la s\u00e9curit\u00e9, \u00e0 la tranquillit\u00e9 et \u00e0 la salubrit\u00e9 publiques notamment caract\u00e9ris\u00e9s par desnuisances sonores, des attroupements et des rixes ;Consid\u00e9rant que l'\u00e9volution des pratiques de consommation du protoxyde d'azote, qui constitued\u00e9sormais la troisi\u00e8me substance la plus consomm\u00e9e hors le tabac et l'alcool, alors m\u00eame qu'il a faitl'objet d'une inscription sur la liste des substances v\u00e9n\u00e9neuses par arr\u00eat\u00e9 du 17 ao\u00fbt 2001 portantclassement sur les listes des substances v\u00e9n\u00e9neuses ; que les signalements tant des services de police etde gendarmerie que des associations et des \u00e9lus quant \u00e0 la banalisation de l'usage intensif de ce produitne cessent d'augmenter depuis plusieurs mois ;Consid\u00e9rant que la consommation de ce produit par inhalation constitue une atteinte \u00e0 la sant\u00e9 et qu'ils'av\u00e8re n\u00e9cessaire de prendre des mesures de protection contre les risques provoqu\u00e9s par son usager\u00e9cr\u00e9atif;Consid\u00e9rant que par ailleurs les troubles \u00e0 la s\u00e9curit\u00e9 publique et \u00e0 la s\u00e9curit\u00e9 routi\u00e8re caus\u00e9e par desindividus se r\u00e9unissant en \u00e9tat \u00e9vident d'intoxication au protoxyde d'azote ;Consid\u00e9rant que cet usage d\u00e9tourn\u00e9 du produit est g\u00e9n\u00e9rateur d'une pollution environnementaler\u00e9currente, visible et incitative qui peut s'av\u00e9rer dangereuse pour les usagers de la voie publique etnotamment les pi\u00e9tons, au vu des d\u00e9p\u00f4ts sauvages des ballons de baudruche servant au transfert du gazet de cartouches de gaz usag\u00e9es, jonchant le sol de l'espace public : parcs, jardins et aux abords des\u00e9tablissements scolaires ;Consid\u00e9rant par ailleurs qu'il est r\u00e9guli\u00e8rement constat\u00e9, \u00e0 l'occasion de rassemblements festifs \u00e0caract\u00e8re musical tels que teknival et rave-party, la consommation de protoxyde d'azote par lesparticipants ainsi que l'abandon sauvage de contenants ;Consid\u00e9rant en outre, que les services de police et de gendarmerie du d\u00e9partement du Rh\u00f4ne signalentr\u00e9guli\u00e8rement des faits li\u00e9s \u00e0 la consommation de protoxyde d'azote, qu'il s'agisse de violences physiquesou de d\u00e9gradations de biens dans lesquels la consommation de protoxyde d'azote a \u00e9t\u00e9 en jeu, mais aussid'infractions au code de la route li\u00e9es \u00e0 cette consommation ou d'abandon de bonbonnes sur la voiepublique; .Consid\u00e9rant que le Centre d'Addictovigilance de Lyon signale une forte \u00e9volution en 2020 puis 2021 desdossiers relatifs au protoxyde d'azote r\u00e9pertori\u00e9s par le centre d'addictovigilance de Lyon;Consid\u00e9rant que les donn\u00e9es disponibles du rapport TREND 2023 (Tendances R\u00e9centes et NouvellesDrogues), pilot\u00e9 par l'Observatoire fran\u00e7ais des drogues et des tendances addictives (OFDT) pour laM\u00e9tropole de Lyon indiquent depuis 2020 une diffusion rapide du protoxyde d'azote dans des milieuxvari\u00e9s : espaces festifs commerciaux (clubs, bars, soir\u00e9es \u00e9tudiantes), free parties, mais surtout dans lesespaces publics de proximit\u00e9 (parkings, halls, berges, v\u00e9hicules), notamment dans les quartiers deVilleurbanne, Vaulx-en-Velin, V\u00e9nissieux et Gerland ;\nAdresse postale : Pr\u00e9fecture du Rh\u00f4ne - 69419 Lyon cedex 03 Accueil du public : 18 rue de Bonnel 69003 LyonPour conna\u00eetre nos horaires et nos modalit\u00e9s d'accueil : internet : www.rhone.gouv.fr ou t\u00e9l. : 04 72 61 61 61 (co\u00fbt d'un appel local)\n69_Pr\u00e9f_Pr\u00e9fecture du Rh\u00f4ne - 69-2025-12-19-00006 - Arr\u00eat\u00e9 pr\u00e9fectoral protoxyde d'azote 45\nConsid\u00e9rant les quatre accidents de la route mortels survenus dans le d\u00e9partement du Rh\u00f4ne en 2021 aVilleurbanne, en 2024 \u00e0 Champagne-au-Mont-d'Or et en 2025 \u00e0 V\u00e9nissieux et \u00e0 Solaize dis \u00e0 des causesmultiples dont le protoxyde d'azote retrouv\u00e9 dans des ballons et des bonbonnes pr\u00e9sents dans lesv\u00e9hicules;Consid\u00e9rant la saisie le 9 d\u00e9cembre 2025 de 500 kgs de bonbonnes de protoxyde d'azote par les agentsde la douane de Villefranche sur Sa\u00f4ne dans le cadre d'un contr\u00f4le ;Consid\u00e9rant que 25 tonnes de bonbonnes de gaz hilarant ont \u00e9t\u00e9 collect\u00e9es sur la M\u00e9tropole de Lyon en2023:Consid\u00e9rant que plus de 7 tonnes de bonbonnes de gaz vides de protoxyde d'azote ont \u00e9t\u00e9 collect\u00e9espar les services de la M\u00e9tropole de Lyon en 2024;Consid\u00e9rant qu'il appartient \u00e0 l'autorit\u00e9 de police comp\u00e9tente de pr\u00e9venir les risques d'atteinte \u00e0 la sant\u00e9et \u00e0 la salubrit\u00e9 publiques, touchant notamment la population des jeunes, par des mesures adapt\u00e9es,n\u00e9cessaires et proportionn\u00e9es; qu'une mesure qui encadre la consommation et la d\u00e9tention deprotoxyde d'azote r\u00e9pond \u00e0 cet objectif, notamment \u00e0 l'approche des f\u00eates de fin d'ann\u00e9e ;Sur proposition de Monsieur le pr\u00e9fet d\u00e9l\u00e9gu\u00e9 pour la d\u00e9fense et la s\u00e9curit\u00e9 du Rh\u00f4ne;\nARR\u00caT\u00c9Article 1: La d\u00e9tention, le port, le transport, l'utilisation et la consommation de protoxyde d'azote, sousquelque forme que ce soit (cartouches, ballons, bouteilles ou tout autre contenant), \u00e0 des fins r\u00e9cr\u00e9ativesd\u00e9tourn\u00e9es, sont interdits sur l'ensemble des voies et espaces publics du d\u00e9partement du Rh\u00f4ne \u00e0compter du 19 d\u00e9cembre 2025 jusqu'au 19juin 2026 inclus.Article 2: Conform\u00e9ment \u00e0 l'article L3611-1 du Code de la sant\u00e9 publique, il est interdit de vendre oud'offrir \u00e0 un mineur du protoxyde d'azote, quel qu'en soit le conditionnement. La personne qui c\u00e8de unproduit contenant un tel gaz exige du cessionnaire qu'il \u00e9tablisse la preuve de sa majorit\u00e9.Article 3 : Le d\u00e9p\u00f4t ou l'abandon sur la voie publique ou sur l'espace public de cartouches d'aluminium,bonbonnes et bouteilles contenant ou ayant contenu du protoxyde d'azote ou tout autre r\u00e9cipient souspression contenant ou ayant contenu ce gaz, sans motif l\u00e9gitime, est interdit.Article 4 : Le pr\u00e9sent arr\u00eat\u00e9 ne s'applique pas aux usages professionnels ou m\u00e9dicaux d\u00fbment justifi\u00e9s duprotoxyde d'azote.Article 5 : Les infractions au pr\u00e9sent arr\u00eat\u00e9 seront constat\u00e9es, poursuivies et r\u00e9prim\u00e9es conform\u00e9mentaux lois et r\u00e8glements en vigueur. Les forces de l'ordre sont autoris\u00e9es \u00e0 proc\u00e9der \u00e0 la saisie descontenants de protoxyde d'azote.Article 6 : Le directeur de cabinet de la pr\u00e9f\u00e8te, le directeur interd\u00e9partemental de la police nationale, laColonelle commandant le groupement de gendarmerie d\u00e9partementale du Rh\u00f4ne, le sous-pr\u00e9fet del'arrondissement de Villefranche-sur-Sa\u00f4ne et les maires du d\u00e9partement du Rh\u00f4ne sont charg\u00e9s, chacunen ce qui le concerne, de l'ex\u00e9cution du pr\u00e9sent arr\u00eat\u00e9 qui sera publi\u00e9 au recueil des actes administratifsde la pr\u00e9fecture et notifi\u00e9 au Procureur de la R\u00e9publique de Lyon.: La pr\u00e9f\u00e8te du Rh\u00f4ne,\nVoies et d\u00e9lais de recours : \u2014Si vous entendez contester le pr\u00e9sent arr\u00e9t\u00e9, vous pouvez utiliser les voies de recours suivantes :- Un recours gracieux motiv\u00e9 peut \u00e9tre adress\u00e9 aupr\u00e9s de mes services dans un d\u00e9lai de deux mois 4 compter de la notification du pr\u00e9sent arr\u00e9te ;- Un recours hi\u00e9rarchique peut \u00eatre introduit aupr\u00e8s de Monsieur le ministre l'int\u00e9rieur, Direction des libert\u00e9s publiques et des affaires juridiques, Cabinet, Bureau despolices administratives. En l'absence de r\u00e9ponse de l'administration dans un d\u00e9lai de deux mois \u00e0 compter de la date de r\u00e9ception de votre recours, celui-ci doit \u00eatreconsid\u00e9r\u00e9 comme implicitement rejet\u00e9.- Un recours contentieux : aupr\u00e8s du tribunal administratif de Lyon dans un d\u00e9lai de deux mois \u00e0 compter de la notification du pr\u00e9sent arr\u00eat\u00e9 notamment via le sitewww.telerecours.f.Adresse postale : Pr\u00e9fecture du Rh\u00f4ne - 69419 Lyon cedex 03 Accueil du public : 18 rue de Bonnel 69003 LyonPour conna\u00eetre nos horaires et nos modalit\u00e9s d'accueil : internet : www.rhone.gouv.fr ou t\u00e9l. : 04 72 61 61 61 (co\u00fbt d'un appel local)\n69_Pr\u00e9f_Pr\u00e9fecture du Rh\u00f4ne - 69-2025-12-19-00006 - Arr\u00eat\u00e9 pr\u00e9fectoral protoxyde d'azote 46\n69_Pr\u00e9f_Pr\u00e9fecture du Rh\u00f4ne\n69-2025-12-17-00003\nArr\u00eat\u00e9 pr\u00e9fectoral                                                       \n                             du 17 d\u00e9cembre 2025\nautorisant l'association reconnue d'utilit\u00e9\npublique d\u00e9nomm\u00e9e\n\u00ab\u00a0FOYER NOTRE-DAME DES SANS-ABRI\u00a0\u00bb\n\u00e0 effectuer une qu\u00eate sur la voie publique en\n2026\n69_Pr\u00e9f_Pr\u00e9fecture du Rh\u00f4ne - 69-2025-12-17-00003 - Arr\u00eat\u00e9 pr\u00e9fectoral                                                                                     du 17\nd\u00e9cembre 2025\nautorisant l'association reconnue d'utilit\u00e9 publique d\u00e9nomm\u00e9e\n\u00ab\u00a0FOYER NOTRE-DAME DES SANS-ABRI\u00a0\u00bb\n\u00e0 effectuer une qu\u00eate sur la voie publique en 2026\n47\nEPR\u00c9F\u00c8TEDU RH\u00d4NELibert\u00e9\u00c9galit\u00e9Fraternit\u00e9\nDirection des Affaires Juridiqueset de l'Administration LocaleBureau des r\u00e9glementations,des \u00e9lections et des associationsAffaire suivie par : Mme V\u00e9ronique VOLAYT\u00e9l. : 04 72 61 65 30Courriel : pref-fondations-dons-legs@rhone.gouv.fr\nArr\u00eat\u00e9 pr\u00e9fectoral n\u00b0 du 17 d\u00e9cembre 2025autorisant l'association reconnue d'utilit\u00e9 publique d\u00e9nomm\u00e9e\u00ab FOYER NOTRE-DAME DES SANS-ABRI \u00bb\u00e0 effectuer une qu\u00eate sur la voie publique en 2026\nLa Pr\u00e9f\u00e8te de la R\u00e9gion Auvergne-Rh\u00f4ne-Alpes,Pr\u00e9f\u00e8te de la Zone de d\u00e9fense et de s\u00e9curit\u00e9 sud-est,Pr\u00e9f\u00e8te du Rh\u00f4ne,Commandeur de la L\u00e9gion d'honneur,Commandeur de l'ordre national du M\u00e9rite,\nVU les articles L. 2212-2 et L. 2215-1 du code g\u00e9n\u00e9ral des collectivit\u00e9s territoriales ;VU la loi du 1\u00b0 juillet 1901 relative au contrat d'association ;VU la loi n\u00b0 91-772 du 7 ao\u00fbt 1991 relative au cong\u00e9 de repr\u00e9sentation en faveur des associations et desmutuelles et au contr\u00f4le des comptes des organismes faisant appel \u00e0 la g\u00e9n\u00e9rosit\u00e9 publique ;VU le d\u00e9cret n\u00b0 2019-504 du 22 mai 2019 fixant les seuils de la d\u00e9claration pr\u00e9alable et d'\u00e9tablissementdu compte d'emploi annuel des ressources collect\u00e9es aupr\u00e8s du public par les organismes faisant appelpublic \u00e0 la g\u00e9n\u00e9rosit\u00e9 ;VU l'arr\u00eat\u00e9 pr\u00e9fectoral n\u00b0 182 du 1% octobre 1951 portant r\u00e9glementation des appels \u00e0 la g\u00e9n\u00e9rosit\u00e9publique dans le d\u00e9partement du Rh\u00f4ne ;VU la demande d'autorisation pour qu\u00e9ter sur la voie publique les 28 f\u00e9vrier et 1% mars 2026, parvenueen pr\u00e9fecture le 1\u00b0' d\u00e9cembre 2025, pr\u00e9sent\u00e9e par le Pr\u00e9sident de l'association \u00ab FOYER NOTRE-DAMEDES SANS-ABRI \u00bb dont le si\u00e8ge est situ\u00e9 \u00e0 LYON 7\u00b0\" - 3, rue du P\u00e8re Chevrier ;VU le calendrier pr\u00e9visionnel 2026 du minist\u00e8re de l'int\u00e9rieur ;CONSID\u00c9RANT la reconnaissance d'utilit\u00e9 publique de l'association et les dates fix\u00e9es pour cette qu\u00eate ;Sur proposition du Pr\u00e9fet, Secr\u00e9taire G\u00e9n\u00e9ral de la Pr\u00e9fecture du Rh\u00f4ne, Pr\u00e9fet d\u00e9l\u00e9gu\u00e9 pour l'\u00e9galit\u00e9 deschances,\nPr\u00e9fecture du Rh\u00f4ne18 Rue de Bonnel69 419 LYON CEDEX 03T\u00e9l:0472616161www.rhone.gouv.fr 1/2\n69_Pr\u00e9f_Pr\u00e9fecture du Rh\u00f4ne - 69-2025-12-17-00003 - Arr\u00eat\u00e9 pr\u00e9fectoral                                                                                     du 17\nd\u00e9cembre 2025\nautorisant l'association reconnue d'utilit\u00e9 publique d\u00e9nomm\u00e9e\n\u00ab\u00a0FOYER NOTRE-DAME DES SANS-ABRI\u00a0\u00bb\n\u00e0 effectuer une qu\u00eate sur la voie publique en 2026\n48\nARRETE\nArticle 1\u00b0: L'association reconnue d'utilit\u00e9 publique d\u00e9nomm\u00e9e \u00ab FOYER NOTRE DAME DES SANS-ABRI \u00bbest autoris\u00e9e \u00e0 effectuer une qu\u00eate sur la voie publique, sur tout le territoire du d\u00e9partement du Rh\u00f4ne,les 28 f\u00e9vrier et 1\u00b0 mars 2026, au profit des \u0153uvres de cette association.Article 2 : Les personnes habilit\u00e9es \u00e0 qu\u00eater doivent porter de fa\u00e7on ostensible, une carte portant surfond blanc, les indications suivantes :RECTO: l'oeuvre au profit de laquelle la collecte est organis\u00e9e et la date de la qu\u00eate.VERSO: le nom et le pr\u00e9nom du titulaire.Article 3: Le Pr\u00e9sident de l'association devra produire l'\u00e9tat des recettes de la qu\u00eate et les d\u00e9pensesengag\u00e9es, ainsi que le compte-rendu d\u00e9taill\u00e9 de la destination donn\u00e9e aux fonds recueillis.Article 4 : D\u00e9lais et voies de recoursConform\u00e9ment \u00e0 l'article R. 421-1 du Code de justice administrative, la pr\u00e9sente d\u00e9cision peut fairel'objet d'un recours contentieux, dans le d\u00e9lai de deux mois \u00e0 compter de sa notification, devant letribunal administratif de Lyon (184, rue Duguesclin - 69433 Lyon Cedex 03, ou sur l'applicationwww.telerecours.fr). Elle peut \u00e9galement faire l'objet d'un recours gracieux aupr\u00e8s de Madame la Pr\u00e9f\u00e8tedu Rh\u00f4ne. Cette d\u00e9marche interrompt le d\u00e9lai de recours contentieux, ce dernier devant \u00eatre introduitdans le d\u00e9lai de deux mois suivant une d\u00e9cision implicite ou explicite de l'autorit\u00e9 comp\u00e9tente (le silencede l'administration pendant un d\u00e9lai de deux mois valant d\u00e9cision implicite de rejet).Article 5: Le Pr\u00e9fet, Secr\u00e9taire g\u00e9n\u00e9ral de la pr\u00e9fecture du Rh\u00f4ne, Pr\u00e9fet d\u00e9l\u00e9gu\u00e9 pour l'\u00e9galit\u00e9 deschances, les maires, le Directeur interd\u00e9partemental de la Police Nationale du Rh\u00f4ne, la Colonelle,commandant le groupe de gendarmerie du Rh\u00f4ne, sont charg\u00e9s, chacun en ce qui le concerne, del'ex\u00e9cution du pr\u00e9sent arr\u00eat\u00e9 qui sera publi\u00e9 au recueil des actes administratifs.\nLa Pr\u00e9f\u00e8te,Le pr\u00e9fet,Secr\u00e9taire g\u00e9n\u00e9ral,Pr\u00e9fet d\u00e9l\u00e9gu\u00e9 pour l'\u00e9galit\u00e9 des chances,\nSign\u00e9 : Fabrice ROSAY\n2/2\n69_Pr\u00e9f_Pr\u00e9fecture du Rh\u00f4ne - 69-2025-12-17-00003 - Arr\u00eat\u00e9 pr\u00e9fectoral                                                                                     du 17\nd\u00e9cembre 2025\nautorisant l'association reconnue d'utilit\u00e9 publique d\u00e9nomm\u00e9e\n\u00ab\u00a0FOYER NOTRE-DAME DES SANS-ABRI\u00a0\u00bb\n\u00e0 effectuer une qu\u00eate sur la voie publique en 2026\n49\n69_Pr\u00e9f_Pr\u00e9fecture du Rh\u00f4ne\n69-2025-12-19-00003\nArr\u00eat\u00e9 pr\u00e9fectoral du 19 d\u00e9cembre 2025\nmettant fin aux comp\u00e9tences du syndicat mixte\nde r\u00e9alisation Lyon Beaujolais Rh\u00f4ne Technoparc\n\u00ab LYBERTEC \u00bb\n69_Pr\u00e9f_Pr\u00e9fecture du Rh\u00f4ne - 69-2025-12-19-00003 - Arr\u00eat\u00e9 pr\u00e9fectoral du 19 d\u00e9cembre 2025 mettant fin aux comp\u00e9tences du\nsyndicat mixte de r\u00e9alisation Lyon Beaujolais Rh\u00f4ne Technoparc\n\u00ab LYBERTEC \u00bb\n50\nesPREFETEDU RHONELibert\u00e9Egalit\u00e9Fraternit\u00e9\nDirection des Affaires Juridiques\net de l'Administration Locale\nBureau du Contr\u00f4le de L\u00e9galit\u00e9\net de l'Intercommunalit\u00e9\nArr\u00eat\u00e9 pr\u00e9fectoral n\u00b069-2025-12-                                                     du 19 d\u00e9cembre 2025               \nmettant fin aux comp\u00e9tences du syndicat mixte de r\u00e9alisation Lyon Beaujolais Rh\u00f4ne Technoparc \n\u00ab LYBERTEC \u00bb \nLa Pr\u00e9f\u00e8te de la R\u00e9gion Auvergne-Rh\u00f4ne-Alpes,\nPr\u00e9f\u00e8te de la Zone de d\u00e9fense et de s\u00e9curit\u00e9 sud-est,\nPr\u00e9f\u00e8te du Rh\u00f4ne,\nCommandeur de la L\u00e9gion d'honneur,\nCommandeur de l'ordre national du M\u00e9rite,\nVU le Code G\u00e9n\u00e9ral des Collectivit\u00e9s Territoriales (CGCT) et notamment les articles L.5731-3 L.5721-7 , \nL.5211-25-1 et L.5211-26 ;\nVU  l'arr\u00eat\u00e9  pr\u00e9fectoral  n\u00b05061  du  23  octobre  2007  autorisant  la  cr\u00e9ation  du  Syndicat  mixte  de \nr\u00e9alisation Lyon Beaujolais Rh\u00f4ne Technoparc \u00ab LYBERTEC \u00bb ;\nVU les arr\u00eat\u00e9s pr\u00e9fectoraux n\u00b05493 du 5 novembre 2008, n\u00b0994 du 25 janvier 2012 et n\u00b0 69-2018-12-20-\n008 du 20 d\u00e9cembre 2018 relatifs \u00e0 la modification des statuts et comp\u00e9tences du syndicat mixte de  \nr\u00e9alisation Lyon Beaujolais Rh\u00f4ne Technoparc \u00ab LYBERTEC \u00bb ;\nVU  les d\u00e9lib\u00e9rations par lesquelles les organes d\u00e9lib\u00e9rants de la communaut\u00e9 de communes Sa\u00f4ne-\nBeaujolais  et  de  la  chambre  de  commerce  et  d'industrie  de  la  r\u00e9gion  Auvergne-Rh\u00f4ne-Alpes \nrepr\u00e9sent\u00e9e  par la  chambre  de  commerce  et  d'industrie  locale  Beaujolais  membres  du  syndicat \nLYBERTEC :\n-  Se prononcent favorablement sur le principe d'une dissolution du syndicat\n- Approuvent la signature du protocole de dissolution amiable entre la CCSB et la CCI fixant les  \nconditions financi\u00e8res et mat\u00e9rielles de la dissolution;\n- Sollicitent l'intervention d'un arr\u00eat\u00e9 pr\u00e9fectoral mettant fin aux comp\u00e9tences du syndicat au 31  \nd\u00e9cembre 2025 ;\n- Sollicitent l'intervention ult\u00e9rieure (2026) d'un arr\u00eat\u00e9 actant de la dissolution et de la liquidation du  \nsyndicat \u00e0 l'issue de l'approbation, par son organe d\u00e9lib\u00e9rant, du compte administratif 2025 ;\nCONSID\u00c9RANT que les conditions de majorit\u00e9 requises pour engager la proc\u00e9dure de dissolution du  \nsyndicat LYBERTEC sont remplies ;\nSur proposition de Monsieur le Sous-Pr\u00e9fet de l'arrondissement de Villefranche sur Sa\u00f4ne\nARR\u00caTE\nPr\u00e9fecture du Rh\u00f4ne\n18 Rue de Bonnel\n69419 LYON CEDEX 03\nT\u00e9l : 04 72 61 61 61\nwww.rhone.gouv.fr 1/2\n69_Pr\u00e9f_Pr\u00e9fecture du Rh\u00f4ne - 69-2025-12-19-00003 - Arr\u00eat\u00e9 pr\u00e9fectoral du 19 d\u00e9cembre 2025 mettant fin aux comp\u00e9tences du\nsyndicat mixte de r\u00e9alisation Lyon Beaujolais Rh\u00f4ne Technoparc\n\u00ab LYBERTEC \u00bb\n51\nArticle     1   : Il est mis fin \u00e0 l'exercice des comp\u00e9tences du syndicat mixte  de r\u00e9alisation Lyon Beaujolais  \nRh\u00f4ne Technoparc \u00ab LYBERTEC \u00bb ainsi qu'\u00e0 son r\u00e9gime fiscal et \u00e0 ses droits \u00e0 percevoir les dotations de  \nl'\u00c9tat au 31 d\u00e9cembre 2025. \nIl est act\u00e9 du transfert de l'actif et du passif du syndicat Lybertec au profit de la  communaut\u00e9 de  \ncommunes Sa\u00f4ne-Beaujolais au 31 d\u00e9cembre 2025.\nLe pr\u00e9sent arr\u00eat\u00e9 entra\u00eene la mise en \u0153uvre de l'article L.5211-25-1 du Code G\u00e9n\u00e9ral des collectivit\u00e9s  \nterritoriales.\nArticle     2   : Le syndicat mixte de r\u00e9alisation Lyon Beaujolais Rh\u00f4ne Technoparc \u00ab LYBERTEC \u00bb conserve sa \npersonnalit\u00e9 morale pour les seuls besoins de sa dissolution, prononc\u00e9e par arr\u00eat\u00e9 pr\u00e9fectoral \u00e0 l'issue  \nde l'approbation, par son organe d\u00e9lib\u00e9rant, du compte administratif 2025 ;\nArticle     3   :  Des  arr\u00eat\u00e9s  ult\u00e9rieurs  d\u00e9termineront,  en  tant  que  de  besoin,  les  dispositions  rendues \nn\u00e9cessaires par la dissolution du syndicat. \nArticle 4 : Le Sous-Pr\u00e9fet de l'arrondissement de Villefranche-sur-Sa\u00f4ne, le Pr\u00e9sident du syndicat Mixte  \nde r\u00e9alisation Lyon Beaujolais Rh\u00f4ne Technoparc \u00ab  LYBERTEC \u00bb, le Pr\u00e9sident de la communaut\u00e9 de  \ncommunes  Sa\u00f4ne-Beaujolais,  le  Pr\u00e9sident  de  la  chambre  de  commerce  et  d'industrie  de  r\u00e9gion \nAuvergne-Rh\u00f4ne-Alpes  repr\u00e9sent\u00e9 par le Pr\u00e9sident de la chambre de commerce et d'industrie locale  \nBeaujolais sont charg\u00e9s, chacun en ce qui le concerne, de l'ex\u00e9cution du pr\u00e9sent arr\u00eat\u00e9 qui sera ins\u00e9r\u00e9  \nau recueil des actes administratifs de la pr\u00e9fecture du Rh\u00f4ne.\nFait \u00e0 Villefranche-sur-Sa\u00f4ne le 19 d\u00e9cembre 2025\nPour la Pr\u00e9f\u00e8te de la R\u00e9gion Auvergne-Rh\u00f4ne-Alpes,\nPr\u00e9f\u00e8te du Rh\u00f4ne,\nSign\u00e9 le Sous-Pr\u00e9fet de Villefranche-sur-Sa\u00f4ne\nJean-Marc GALLAND\nD\u00e9lais et voies de recours :\nConform\u00e9ment \u00e0 l'article R.421-1 du code de justice administrative, la pr\u00e9sente d\u00e9cision peut faire l'objet  \nd'un recours contentieux, dans le d\u00e9lai de deux mois \u00e0 compter de sa notification, devant le tribunal  \nadministratif  de  Lyon  (184,  rue  Duguesclin  \u2013  69 \u00a0433  Lyon  Cedex  03,  ou  sur  l'application  \nwww.telerecours.fr). Elle peut \u00e9galement faire l'objet d'un recours gracieux aupr\u00e8s de Madame la Pr\u00e9f\u00e8te  \ndu Rh\u00f4ne. Cette d\u00e9marche interrompt le d\u00e9lai de recours contentieux, ce dernier devant \u00eatre introduit  \ndans le d\u00e9lai de deux mois suivant une d\u00e9cision implicite ou explicite de l'autorit\u00e9 comp\u00e9tente (le silence  \nde l'administration pendant un d\u00e9lai de deux mois valant d\u00e9cision implicite de rejet).\n2/2\n69_Pr\u00e9f_Pr\u00e9fecture du Rh\u00f4ne - 69-2025-12-19-00003 - Arr\u00eat\u00e9 pr\u00e9fectoral du 19 d\u00e9cembre 2025 mettant fin aux comp\u00e9tences du\nsyndicat mixte de r\u00e9alisation Lyon Beaujolais Rh\u00f4ne Technoparc\n\u00ab LYBERTEC \u00bb\n52\n69_Pr\u00e9f_Pr\u00e9fecture du Rh\u00f4ne\n69-2025-12-18-00008\nListe  des commissaires enqu\u00eateurs 2026\n69_Pr\u00e9f_Pr\u00e9fecture du Rh\u00f4ne - 69-2025-12-18-00008 - Liste  des commissaires enqu\u00eateurs 2026 53\nPREFETEDU RHONELibert\u00e9Egalit\u00e9Fraternit\u00e9\nListe des commissaires enqu\u00eateurs du\nd\u00e9partement du Rh\u00f4ne et de la m\u00e9tropole de Lyon\npour l'ann\u00e9e 2026\nLa commission d\u00e9partementale charg\u00e9e\nd'\u00e9tablir la liste d'aptitude aux fonctions\nde commissaire enqu\u00eateur\nVu le Code de l'expropriation pour cause d'utilit\u00e9 publique ;\nVu le Code de l'environnement et notamment ses articles L. 123-4 et R.123-34 \u00e0 R.123-43 ;\nVu le Code des relations entre le public et l'administration et notamment ses articles R.133-3 et\nsuivants ;\nVu l'arr\u00eat\u00e9 pr\u00e9fectoral n\u00b0 69.2020.11.06.004 du 6 novembre 2020 portant composition de la\ncommission d\u00e9partementale charg\u00e9e d'\u00e9tablir la liste d'aptitude aux fonctions de commissaire\nenqu\u00eateur, modifi\u00e9 par arr\u00eat\u00e9 n\u00b0 69.2023.06.19.00020 du 19 juin 2023 ;\nVu l'arr\u00eat\u00e9 pr\u00e9fectoral n\u00b0 69-2025-10-24-00004 du 24 octobre 2025 portant renouvellement de la\ncomposition de la commission d\u00e9partementale-m\u00e9tropolitaine charg\u00e9e d'\u00e9tablir la liste d'aptitude\naux fonctions de commissaire enqu\u00eateur ;    \n                                                                          \nVu les candidatures re\u00e7ues au titre de l'inscription et de la r\u00e9inscription sur la liste d'aptitude\n2025 ;\nVu les d\u00e9lib\u00e9rations du 26 novembre 2025 de la commission d\u00e9partementale charg\u00e9e d'\u00e9tablir la\nliste  d'aptitude  aux  fonctions  de  commissaire  enqu\u00eateur  arr\u00eatant  la  liste  des  personnes\nsusceptibles de se voir confier pendant l'ann\u00e9e 2026 la charge d'enqu\u00eates publiques ;\nDECIDE\nArticle 1er \u2013  La liste d'aptitude aux fonctions de commissaire enqu\u00eateur du d \u00e9partement du\nRh\u00f4ne  et  de  la  m\u00e9tropole  de  Lyon  est arr\u00eat\u00e9e,  pour  l'ann\u00e9e  2026,  comme  suit  (en  gras,\npersonnes nouvellement inscrites):\nAdresse postale : Pr\u00e9fecture du Rh\u00f4ne  \u2013 69419 Lyon cedex 03 \nAccueil du public :  Pr\u00e9fecture du Rh\u00f4ne \u2013 18 rue de Bonnel \u2013 69003 Lyon\nPour conna\u00eetre nos horaires et nos modalit\u00e9s d'accueil : internet : www.rhone.gouv.fr ou t\u00e9l. : 04 72 61 61 61 (co\u00fbt d'un appel local)\n69_Pr\u00e9f_Pr\u00e9fecture du Rh\u00f4ne - 69-2025-12-18-00008 - Liste  des commissaires enqu\u00eateurs 2026 54\nNOM Pr\u00e9nom Qualit\u00e9\nM. Alain A VITABILE Consultant-formateur en urbanisme et am\u00e9nagement\nM. Fran\u00e7ois A VRILLON Retrait\u00e9 \u2013   Ing\u00e9nieur Centrale M\u00e9dit\u00e9rann\u00e9e \u2013 Ancien \ndirecteur des syst\u00e8mes d'information \u00ab Production \nFerroviaire \u00bb de la SNCF \nM. Robert ALLOGNET Retrait\u00e9 de la fonction publique hospitali\u00e8re\nM. Jean-Louis BAGLAN Retrait\u00e9 \u2013 ancien directeur acad\u00e9mique de l'\u00e9ducation \nnationale\nM. Philippe BERNET Retrait\u00e9 \u2013 Ing\u00e9nieur ECAM\nM. Jean-Pierre BIONDA Retrait\u00e9 \u2013 Ing\u00e9nieur en chef des ponts, eaux et for\u00eats\nM. Alain BOROWSKI\nRetrait\u00e9 \u2013 Attach\u00e9 hors classe de la fonction publique \nterritoriale \nM. Michel BOUNIOL Retrait\u00e9 de l'\u00c9ducation nationale\nMme Martine BOYE FLOTTES Retrait\u00e9e \u2013  Architecte urbaniste g\u00e9n\u00e9rale de l'\u00c9tat\nMme Karine BUFFAT-PIQUET Conseil en environnement, am\u00e9nagement et urbanisme\nMme Nathalie BUREAU Fonctionnaire territorial \u2013 DGS de la commune de \nSavigny (69210)     \nM. Pierre CALZAT Directeur des relations institutionnelles D\u00e9l\u00e9gation \nr\u00e9gionale EDF en Rh\u00f4ne-Alpes et m\u00e9diateur \nprofessionnel\nM. Jean-Jack CEGARRA Professeur universitaire \u2013 enseignant chercheur\nMme Fran\u00e7oise CHARDIGNY Ing\u00e9nieur \u00e9cologue\nM. Michel CORRENOZ Retrait\u00e9 -  Ing\u00e9nieur chimiste \nMme Marie-Jeanne COURTIER Retrait\u00e9e \u2013 Juriste du minist\u00e8re de l'Int\u00e9rieur\nM. Julien DALLEMAGNE Urbaniste \u2013 Dirigeant de la soci\u00e9t\u00e9 URBAN'ME\nM. Jean-Louis DELFAU Retrait\u00e9 \u2013 Conservateur des Hypoth\u00e8ques honoraire\nM. Herv\u00e9 FIQUET Retrait\u00e9 \u2013 Directeur d'organisations professionnelles \nagricoles\nM. Jean-Claude GALLETY Retrait\u00e9 \u2013 Architecte et urbaniste de l'Etat\nM. Renaud GERGONDET Architecte et urbaniste\nM. G\u00e9rard GIRIN\n                            \nRetrait\u00e9 \u2013 Ing\u00e9nieur environnement \u2013 Maire honoraire \nde Sarcey\nM. Maurice GIROUDON Retrait\u00e9 \u2013 Ing\u00e9nieur des \u00e9tudes et techniques d'arme-\nment\nM. Fabrice GORY Retrait\u00e9 \u2013  Ing\u00e9nieur \u00e9lectricit\u00e9 et m\u00e9canique \u2013 Pilote \nd'Affaires/Directeur projets RTE\nM. Gilbert HALEPIAN Retrait\u00e9 \u2013 Cadre de direction commerciale\nMme Fran\u00e7oise LARTIGUE-\nPEYROU\nRetrait\u00e9e  \u2013 Ing\u00e9nieure de recherche en \u00e9valuation \nenvironnementale\nMme Laurence LEMAITRE\n                        \nIng\u00e9nieur agronome sp\u00e9cialis\u00e9e en \u00e9cologie et \nstatistiques appliqu\u00e9es \nM. Bernard LO CASCIO Cadre \u2013  responsable Hygi\u00e8ne-S\u00e9curit\u00e9-Environnement \nM. Gaston MARTIN Retrait\u00e9 \u2013 Ing\u00e9nieur civil des ponts et chauss\u00e9es\nM. Serge MONNIER Retrait\u00e9 \u2013 Cadre de la fonction publique d'\u00c9tat\nMme Claire MORAND Ing\u00e9nieur de l'\u00c9cole des mines \u2013 Chef d'entreprise de \nconseil dans le domaine de l'\u00e9nergie\nM. Claude MORTIER Retrait\u00e9  \u2013 Ing\u00e9nieur ENSAM\nM. Pierre-Henry PIQUET Conseil aux entreprises et collectivit\u00e9s locales en \nenvironnement\n2\n69_Pr\u00e9f_Pr\u00e9fecture du Rh\u00f4ne - 69-2025-12-18-00008 - Liste  des commissaires enqu\u00eateurs 2026 55\nMme Audrey RANCHIN\nAncienne cadre, en disponibilit\u00e9, de la fonction \npublique territoriale\nM. Herv\u00e9 REYMOND Retrait\u00e9 \u2013 Coordonnateur projets\nM. Robert TODESCHINI\n                                              \nRetrait\u00e9 \u2013 Inspecteur divisionnaire des finances \npubliques\nM. Yves V ALENTIN Retrait\u00e9 \u2013 Charg\u00e9 de s\u00e9curit\u00e9 dans l'industrie\nM. Olivier ZABOROWSKI\nRetrait\u00e9  \u2013 Attach\u00e9 hors classe du minist\u00e8re de \nl'\u00e9conomie et des finances\n                                                                                     \nArticle 2  \u2013 la pr\u00e9sente liste est publi\u00e9e au recueil des actes administratifs de la pr\u00e9fecture du\nRh\u00f4ne et peut \u00eatre consult\u00e9e \u00e0 la pr\u00e9fecture du Rh\u00f4ne (direction des affaires juridiques et de\nl'administration locale) ainsi qu'au greffe du tribunal administratif de Lyon.\nLyon, le 18 d\u00e9cembre 2025\nLe Pr\u00e9sident de la commission,\nPremier Vice-Pr\u00e9sident du Tribunal Administratif\n     Juan SEGADO\n3\n69_Pr\u00e9f_Pr\u00e9fecture du Rh\u00f4ne - 69-2025-12-18-00008 - Liste  des commissaires enqu\u00eateurs 2026 56\n84_ARS_Agence R\u00e9gionale de Sant\u00e9\nAuvergne-Rh\u00f4ne-Alpes\n69-2025-12-19-00005\n20251219 Arr\u00eat\u00e9 garde ambulanci\u00e8re f\u00e9v-mai\n2026 RAA\n84_ARS_Agence R\u00e9gionale de Sant\u00e9 Auvergne-Rh\u00f4ne-Alpes - 69-2025-12-19-00005 - 20251219 Arr\u00eat\u00e9 garde ambulanci\u00e8re f\u00e9v-mai 2026\nRAA 57\nEMREPUBLIQUEFRAN CA ISE @ D Agence R\u00e9gionale de Sant\u00e9Libert\u00e9 Auvergne-Rh\u00f4ne-AlpesEgalit\u00e9Fraternit\u00e9\nArr\u00eat\u00e9 n\u00b0 2025-10-0252Fixant l'organisation de la garde d\u00e9partementale assurant la permanence des transports sanitairesdu d\u00e9partement du Rh\u00f4ne et de la M\u00e9tropole de Lyon dans le cadre de l'urgence pr\u00e9hospitali\u00e8resectoris\u00e9e pour la p\u00e9riode du 1\u00b0 f\u00e9vrier 2026 au 31 mai 2026\nLa directrice g\u00e9n\u00e9rale de l'agence r\u00e9gionale de sant\u00e9 Auvergne-Rh\u00f4ne-Alpes\nVu le code de la sant\u00e9 publique et notamment les articles L 6312-1 \u00e0 L 6314-1 et R. 6312-16 \u00e0 R. 6312-23;Vu la loi n\u00b0 86-11 du 6janvier 1986 relative a l'aide m\u00e9dicale urgente et aux transports sanitaires ;Vu la loi n\u00b0 2009-879 du 21 janvier 2009 ;Vu le d\u00e9cret n\u00b0 2005-840 du 20juillet 2005 modifi\u00e9 ;Vu le d\u00e9cret n\u00b0 2010-344 du 31 mars 2010 ;Vu l'arr\u00eat\u00e9 du 26 avril 2022 relatif aux plafonds d'heures de garde pour l'organisation de la gardepr\u00e9vue \u00e0 l'article R. 6312-19 du code de la sant\u00e9 publique;Vu l'arr\u00eat\u00e9 n\u00b0 2025-17-0042 du 30 janvier 2025 portant modification du cahier des charges pourl'organisation de la garde et de la r\u00e9ponse \u00e0 la demande de transports sanitaires urgents dans led\u00e9partement du Rh\u00f4ne, applicable au 1\u00b0 f\u00e9vrier 2025 ;Vu l'instruction interminist\u00e9rielle n\u00b0 DGOS/R2/DSS/DGSCGC/2022/144 du 13 mai 2022 relative \u00e0 lamise en \u0153uvre de la r\u00e9forme des transports sanitaires urgents et de la participation des entreprisesde transports sanitaires au service de garde ;Consid\u00e9rant la proposition de tableaux de garde transmise par l'ATSU 69 ;Sur proposition de monsieur le directeur de la d\u00e9l\u00e9gation d\u00e9partementale du Rh\u00f4ne et de laM\u00e9tropole de Lyon,\nCourrier : CS 93383 - 69418 Lyon cedex 0304 72 34 74 00www.auvergne-rhone-alpes.ars.sante.fr\n Conform\u00e9ment au r\u00e8glement (UE) 2016/679 du Parlement europ\u00e9en et \u00e0 la loi n\u00b0 78-17 du 6 janvier 1978 modifi\u00e9e relative \u00e0 l'informatique, aux fichiers et aux libert\u00e9s, vous pouvez acc\u00e9der aux donn\u00e9es vous concernant ou demander leur effacement. Vous disposez \u00e9galement d'un droit d'opposition, d'un droit de rectification et d'un droit \u00e0 la limitation du traitement de vos donn\u00e9es. Pour exercer ces droits, vous pouvez contacter le D\u00e9l\u00e9gu\u00e9 \u00e0 la protection des donn\u00e9es de l'ARS (ars-ara-dpd@ars.sante.fr). \n84_ARS_Agence R\u00e9gionale de Sant\u00e9 Auvergne-Rh\u00f4ne-Alpes - 69-2025-12-19-00005 - 20251219 Arr\u00eat\u00e9 garde ambulanci\u00e8re f\u00e9v-mai 2026\nRAA 58\nARRETE\nARTICLE 1 : Les tableaux de la garde ambulanci\u00e9re du d\u00e9partement du Rh\u00f4ne par secteur sontarr\u00eat\u00e9s conform\u00e9ment aux dispositions des documents joints en annexe pour la p\u00e9riode du 1\u00b0f\u00e9vrier 2026 au 31 mai 2026.ARTICLE 2 : Conform\u00e9ment aux dispositions r\u00e9glementaires concernant les obligations desentreprises agr\u00e9\u00e9es pour l'accomplissement des transports sanitaires, les entreprises d\u00e9sign\u00e9es parsecteur en fonction de leurs moyens mat\u00e9riels et humains dans les tableaux de garde, sont tenuesd'assurer cette garde.ARTICLE 3 : Toute personne int\u00e9ress\u00e9e dispose d'un d\u00e9lai de deux mois pour introduire contre lapr\u00e9sente d\u00e9cision un recours gracieux aupr\u00e8s de l'agence r\u00e9gionale de sant\u00e9 Auvergne Rh\u00f4ne-Alpesou contentieux aupr\u00e8s du tribunal administratif de Lyon 184 rue Duguesclin - 69433 LYON cedex 3.ARTICLE 4 : Monsieur le directeur de la d\u00e9l\u00e9gation d\u00e9partementale du Rh\u00f4ne et de la M\u00e9tropole deLyon et l'association des transports sanitaires urgents sont charg\u00e9s, chacun en ce qui les concerne,de l'ex\u00e9cution du pr\u00e9sent arr\u00eat\u00e9, qui sera publi\u00e9 au recueil des actes administratifs de la Pr\u00e9fecturedu Rh\u00f4ne.\nLyon, le 19 d\u00e9cembre 2025\nPour la directrice g\u00e9n\u00e9rale et par d\u00e9l\u00e9gation,Philippe GUETAT\n \n84_ARS_Agence R\u00e9gionale de Sant\u00e9 Auvergne-Rh\u00f4ne-Alpes - 69-2025-12-19-00005 - 20251219 Arr\u00eat\u00e9 garde ambulanci\u00e8re f\u00e9v-mai 2026\nRAA 59\n84_DREAL_Direction r\u00e9gionale de\nl'environnement, de l'am\u00e9nagement et du\nlogement d'Auvergne-Rh\u00f4ne-Alpes\n69-2025-12-18-00009\nArr\u00eat\u00e9 interpr\u00e9fectoral\nn\u00b0DREAL-AURA-EHN-2025-10 portant d\u00e9rogation\naux dispositions de l'article L.411-1 du code de\nl'environnement pour\u00a0capture suivie d'un\nrel\u00e2cher imm\u00e9diat sur place d'esp\u00e8ces animales\nprot\u00e9g\u00e9es (amphibiens, insectes et reptiles) et\npr\u00e9l\u00e8vement, transport, utilisation, d\u00e9tention et\ndestruction de mat\u00e9riel biologique d'esp\u00e8ces\nanimales prot\u00e9g\u00e9es (insectes)\n84_DREAL_Direction r\u00e9gionale de l'environnement, de l'am\u00e9nagement et du logement d'Auvergne-Rh\u00f4ne-Alpes - 69-2025-12-18-00009\n- Arr\u00eat\u00e9 interpr\u00e9fectoral n\u00b0DREAL-AURA-EHN-2025-10 portant d\u00e9rogation aux dispositions de l'article L.411-1 du code de\nl'environnement pour\u00a0capture suivie d'un rel\u00e2cher imm\u00e9diat sur place d'esp\u00e8ces animales prot\u00e9g\u00e9es (amphibiens, insectes et reptiles)\net pr\u00e9l\u00e8vement, transport, utilisation, d\u00e9tention et destruction de mat\u00e9riel biologique d'esp\u00e8ces animales prot\u00e9g\u00e9es (insectes)\n60\nE 3PR\u00c9F\u00c8TEDE LA R\u00c9GIONAUVERGNE-RHONE-ALPESLibert\u00e9Egalit\u00e9Fraternit\u00e9\nLyon, le 18 d\u00e9cembre 2025\nArr\u00eat\u00e9 interpr\u00e9fectoral n\u00b0DREAL-AURA-EHN-2025-10\nportant d\u00e9rogation aux dispositions de l'article L.411-1 du code de l'environnement pour\u00a0: \ncapture suivie d'un rel\u00e2cher imm\u00e9diat sur place d'esp\u00e8ces animales prot\u00e9g\u00e9es \n(amphibiens, insectes et reptiles)\net pr\u00e9l\u00e8vement, transport, utilisation, d\u00e9tention et destruction de mat\u00e9riel biologique d'esp\u00e8ces\nanimales prot\u00e9g\u00e9es (insectes)\nB\u00e9n\u00e9ficiaire\u00a0: Bureau d'\u00e9tudes Am\u00e9ten\nLA PR\u00c9F\u00c8TE DE L'AIN,\nChevalier de la L\u00e9gion d'honneur\nOfficier de l'ordre national du M\u00e9rite\nLE PR\u00c9FET DE L'ALLIER\nChevalier de l'ordre national du M\u00e9rite\nLE PR\u00c9FET DE L'ARD\u00c8CHE\nLE PR\u00c9FET DU CANTAL,\nOfficier de l'ordre national du M\u00e9rite\nLA PR\u00c9F\u00c8TE DE LA DR\u00d4ME\nChevalier de la L\u00e9gion d'honneur\nChevalier de l'ordre national du M\u00e9rite\nLA PR\u00c9F\u00c8TE DE L'IS\u00c8RE,\nChevalier de la L\u00e9gion d'honneur\nChevalier de l'ordre national du M\u00e9rite\nLE PR\u00c9FET DE LA HAUTE-LOIRE\nChevalier de l'ordre national du M\u00e9rite\nChevalier de l'ordre du M\u00e9rite agricole\nLE PR\u00c9FET DU PUY-DE-D\u00d4ME\nChevalier de la L\u00e9gion d'honneur\nChevalier de l'ordre national du M\u00e9rite\nLA PR\u00c9F\u00c8TE DE LA R\u00c9GION AUVERGNE-RH\u00d4NE-ALPES\nPR\u00c9F\u00c8TE DU RH\u00d4NE\nCommandeur de la L\u00e9gion d'honneur\nCommandeur de l'ordre national du M\u00e9rite\nLA PR\u00c9F\u00c8TE DE LA SAVOIE,\nChevalier de la L\u00e9gion d'honneur\nOfficier de l'ordre national du M\u00e9rite\nAdresse postale : 69453 LYON CEDEX 06\nStandard : 04 26 28 60 00 - www.auvergne-rhone-alpes.developpement-durable.gouv.fr page 1/8\nDirection r\u00e9gionale de l'environnement,\nde l'am\u00e9nagement et du logement\nAuvergne-Rh\u00f4ne-Alpes\n84_DREAL_Direction r\u00e9gionale de l'environnement, de l'am\u00e9nagement et du logement d'Auvergne-Rh\u00f4ne-Alpes - 69-2025-12-18-00009\n- Arr\u00eat\u00e9 interpr\u00e9fectoral n\u00b0DREAL-AURA-EHN-2025-10 portant d\u00e9rogation aux dispositions de l'article L.411-1 du code de\nl'environnement pour\u00a0capture suivie d'un rel\u00e2cher imm\u00e9diat sur place d'esp\u00e8ces animales prot\u00e9g\u00e9es (amphibiens, insectes et reptiles)\net pr\u00e9l\u00e8vement, transport, utilisation, d\u00e9tention et destruction de mat\u00e9riel biologique d'esp\u00e8ces animales prot\u00e9g\u00e9es (insectes)\n61\nVU le code de l'environnement, et notamment ses articles L.163-5, L.411-1, L.411-1A, L.411-2 et R.411-1 \u00e0\nR.411-14\u00a0;\nVU le code des relations entre le public et l'administration, et notamment ses articles L.221-2, L.221-3\u00a0;\nVU l'arr\u00eat\u00e9  interminist\u00e9riel  du  19  f\u00e9vrier  2007  modifi\u00e9  fixant  les  conditions  de  demande  et\nd'instruction des d\u00e9rogations d\u00e9finies au 4\u00b0 de l'article L. 411-2 du code de l'environnement portant\nsur les esp\u00e8ces de faune et de flore sauvages prot\u00e9g\u00e9es\u00a0;\nVU l'arr\u00eat\u00e9 interminist\u00e9riel du 23 avril 2007 fixant la liste des insectes prot\u00e9g\u00e9s sur l'ensemble du\nterritoire et les modalit\u00e9s de leur protection\u00a0;\nVU l'arr\u00eat\u00e9 interminist\u00e9riel du 18 d\u00e9cembre 2014 fixant les conditions et limites dans lesquelles des\nd\u00e9rogations \u00e0 l'interdiction de capture de sp\u00e9cimens d'esp\u00e8ces animales prot\u00e9g\u00e9es peuvent  \u00eatre\naccord\u00e9es par les pr\u00e9fets pour certaines op\u00e9rations pour lesquelles la capture est suivie d'un rel\u00e2cher\nimm\u00e9diat sur place ; \nVU l'arr\u00eat\u00e9 interminist\u00e9riel du 8 janvier 2021 fixant la liste des amphibiens et des reptiles repr\u00e9sent\u00e9s\nsur le territoire m\u00e9tropolitain prot\u00e9g\u00e9s sur l'ensemble du territoire national et les modalit\u00e9s de leur\nprotection\u00a0;\nVU l'arr\u00eat\u00e9 pr\u00e9fecto ral n\u00b001-2025-05-28-00001 du 28 mai 2025 portant d\u00e9l\u00e9gation de signature \u00e0\nM.\u00a0Renaud DURAND, directeur r\u00e9gional par int\u00e9rim de l'environnement, de l'am\u00e9nagement et du\nlogement Auvergne-Rh\u00f4ne-Alpes, dans le ressort du d\u00e9partement de l'Ain\u00a0;\nVU  l'arr\u00eat\u00e9  pr\u00e9fectoral  n\u00b0  DREAL-SG-2025-117  du  06  novembre  2025  portant  subd\u00e9l\u00e9gation  de\nsignature aux agents de la direction r\u00e9gionale de l'environnement, de l'am\u00e9nagement et du logement\n(DREAL) Auvergne-Rh\u00f4ne-Alpes pour les comp\u00e9tences g\u00e9n\u00e9rales et techniques pour le d\u00e9partement\nde l'Ain\u00a0;\nVU l'arr\u00eat\u00e9 pr\u00e9fectoral n\u00b0916/2025 du 09 mai 2025 conf\u00e9rant d\u00e9l\u00e9gation de signature \u00e0  M.\u00a0Renaud\nDURAND, directeur r\u00e9gional par int\u00e9rim  de l'environnement, de l'am\u00e9nagement et du logement Au -\nvergne-Rh\u00f4ne-Alpes, dans le ressort du d\u00e9partement de l'Allier\u00a0;\nVU l'arr\u00eat\u00e9  pr\u00e9fectoral  n\u00b0DREAL-SG-2025-118  du  07  novembre  2025  portant  subd\u00e9l\u00e9gation  de\nsignature  aux  agents  de  la  DREAL  Auvergne-Rh\u00f4ne-Alpes  pour  les  comp\u00e9tences  g\u00e9n\u00e9rales  et\ntechniques, pour le d\u00e9partement de l'Allier\u00a0;\nVU l'arr\u00eat\u00e9 pr\u00e9fecto ral n\u00b007-2025-08-25-00033 du 25 ao\u00fbt 2025 portant d\u00e9l\u00e9gation de signature \u00e0\nM.\u00a0Renaud DURAND, directeur r\u00e9gional par int\u00e9rim de l'environnement, de l'am\u00e9nagement et du\nlogement Auvergne-Rh\u00f4ne-Alpes, dans le ressort du d\u00e9partement de l'Ard\u00e8che\u00a0;\nVU  l'arr\u00eat\u00e9  pr\u00e9fectoral  n\u00b0DREAL-SG-2025-119  du  07  novembre  2025  portant  subd\u00e9l\u00e9gation  de\nsignature aux agents de la direction r\u00e9gionale de l'environnement, de l'am\u00e9nagement et du logement\n(DREAL) Auvergne-Rh\u00f4ne-Alpes pour les comp\u00e9tences g\u00e9n\u00e9rales et techniques pour le d\u00e9partement\nde l'Ard\u00e8che\u00a0;\nVU l'arr\u00eat\u00e9 pr\u00e9fectoral n\u00b02025-582 du 12  mai 2025 portant  d\u00e9l\u00e9gation de signature \u00e0  M.\u00a0Renaud\nDURAND,  directeur  r\u00e9gional  par  int\u00e9rim de l'environnement,  de l'am\u00e9nagement  et  du  logement\nAuvergne-Rh\u00f4ne-Alpes dans le ressort du d\u00e9partement du Cantal\u00a0;\nVU l'arr\u00eat\u00e9  pr\u00e9fectoral  n\u00b0  DREAL-SG-2025-120  du  07  novembre  2025  portant  subd\u00e9l\u00e9gation  de\nsignature  aux  agents  de  la  DREAL  Auvergne-Rh\u00f4ne-Alpes  pour  les  comp\u00e9tences  g\u00e9n\u00e9rales  et\ntechniques, pour le d\u00e9partement du Cantal\u00a0;\nVU l'arr\u00eat\u00e9 pr\u00e9fectoral n\u00b026 2025-09-02-00016 du 02 septembre 2025 portant d\u00e9l\u00e9gation de signature\n\u00e0  M.\u00a0Renaud DURAND, directeur r\u00e9gional par int\u00e9rim  de l'environnement, de l'am\u00e9nagement et du\nlogement Auvergne-Rh\u00f4ne-Alpes pour le d\u00e9partement de la Dr\u00f4me\u00a0;\nVU l'arr\u00eat\u00e9  pr\u00e9fectoral  n\u00b0DREAL-SG-2025-121  du  07  novembre  2025  portant  subd\u00e9l\u00e9gation  de\nsignature aux agents de la direction r\u00e9gionale de l'environnement, de l'am\u00e9nagement et du logement\nAdresse postale : 69453 LYON CEDEX 06\nStandard : 04 26 28 60 00 - www.auvergne-rhone-alpes.developpement-durable.gouv.fr page 2/8\n84_DREAL_Direction r\u00e9gionale de l'environnement, de l'am\u00e9nagement et du logement d'Auvergne-Rh\u00f4ne-Alpes - 69-2025-12-18-00009\n- Arr\u00eat\u00e9 interpr\u00e9fectoral n\u00b0DREAL-AURA-EHN-2025-10 portant d\u00e9rogation aux dispositions de l'article L.411-1 du code de\nl'environnement pour\u00a0capture suivie d'un rel\u00e2cher imm\u00e9diat sur place d'esp\u00e8ces animales prot\u00e9g\u00e9es (amphibiens, insectes et reptiles)\net pr\u00e9l\u00e8vement, transport, utilisation, d\u00e9tention et destruction de mat\u00e9riel biologique d'esp\u00e8ces animales prot\u00e9g\u00e9es (insectes)\n62\n(DREAL) Auvergne-Rh\u00f4ne-Alpes pour les comp\u00e9tences g\u00e9n\u00e9rales et techniques pour le d\u00e9partement\nde la Dr\u00f4me\u00a0;\nVU l'arr\u00eat\u00e9 pr\u00e9fe ctoral n\u00b038-2025-05-16-00006 du 16 mai 2025 portant  d\u00e9l\u00e9gation de signature \u00e0\nM.Renaud  DURAND,  directeur r\u00e9gional  par  int\u00e9rim  de l'environnement, de l'am\u00e9nagement et du\nlogement Auvergne-Rh\u00f4ne-Alpes pour le d\u00e9partement de l'Is\u00e8re\u00a0;\nVU l'arr\u00eat\u00e9  pr\u00e9fectoral  n\u00b0DREAL-SG-2025-123  du  07  novembre  2025  portant  subd\u00e9l\u00e9gation  de\nsignature aux agents de la direction r\u00e9gionale de l'environnement, de l'am\u00e9nagement et du logement\n(DREAL) Auvergne-Rh\u00f4ne-Alpes pour les comp\u00e9tences g\u00e9n\u00e9rales et techniques pour le d\u00e9partement\nde l'Is\u00e8re\u00a0;\nVU l'arr\u00eat\u00e9 pr\u00e9fectoral SG/COORDINATION 2025-24 du 26 mai 2025 portant d\u00e9l\u00e9gation de signature\nM.\u00a0Renaud DURAND, directeur r\u00e9gional par int\u00e9rim  de l'environnement, de l'am\u00e9nagement et du\nlogement Auvergne-Rh\u00f4ne-Alpes, dans le ressort du d\u00e9partement de la Haute-Loire\u00a0;\nVU l'arr\u00eat\u00e9  pr\u00e9fectoral  n\u00b0DREAL-SG-2025-125  du  07  novembre  2025  portant  subd\u00e9l\u00e9gation  de\nsignature  aux  agents  de  la  DREAL  Auvergne-Rh\u00f4ne-Alpes  pour  les  comp\u00e9tences  g\u00e9n\u00e9rales  et\ntechniques pour le d\u00e9partement de la Haute-Loire\u00a0;\nVU l'arr\u00eat\u00e9 pr\u00e9fectoral n\u00b020250752 du 15 mai 2025 portant d\u00e9l\u00e9gation de signature \u00e0  M.\u00a0Renaud\nDURAND,  directeur  r\u00e9gional  par  int\u00e9rim  de l'environnement,  de l'am\u00e9nagement  et  du  logement\nAuvergne-Rh\u00f4ne-Alpes, dans le ressort du d\u00e9partement du Puy-de-D\u00f4me\u00a0;\nVU l'arr\u00eat\u00e9  pr\u00e9fectoral  n\u00b0DREAL-SG-2025-126  du  04  novembre  2025  portant  subd\u00e9l\u00e9gation  de\nsignature  aux  agents  de  la  DREAL  Auvergne-Rh\u00f4ne-Alpes  pour  les  comp\u00e9tences  g\u00e9n\u00e9rales  et\ntechniques pour le d\u00e9partement du Puy-de-D\u00f4me\u00a0;\nVU l'arr\u00eat\u00e9 pr\u00e9fectoral n\u00b069-2025-05-09-00003 du 09 mai 2025 portant d\u00e9l\u00e9gation de signature \u00e0\nM.\u00a0Renaud DURAND, directeur r\u00e9gional par int\u00e9rim  de l'environnement, de l'am\u00e9nagement et du\nlogement de la r\u00e9gion Auvergne-Rh\u00f4ne-Alpes dans le ressort du d\u00e9partement du Rh\u00f4ne\u00a0;\nVU l'arr\u00eat\u00e9 pr\u00e9fectoral n\u00b0DREAL-SG-2025-126 du 04 novembre 2025 portant subd\u00e9l\u00e9gation de signature\naux agents de la DREAL Auvergne-Rh\u00f4ne-Alpes pour les comp\u00e9tences g\u00e9n\u00e9rales et techniques pour le\nd\u00e9partement du Rh\u00f4ne\u00a0;\nVU l'arr\u00eat\u00e9  pr\u00e9fectoral  DCL-PEJ  n\u00b046-2025  du  11  juillet  2025  portant  d\u00e9l\u00e9gation  de  signature  \u00e0\nM.Renaud  DURAND,  directeur r\u00e9gional  par  int\u00e9rim de l'environnement, de l'am\u00e9nagement  et du\nlogement Auvergne-Rh\u00f4ne-Alpes, dans le ressort du d\u00e9partement de la Savoie\u00a0;\nVU l'arr\u00eat\u00e9 pr\u00e9fectoral n\u00b0DREAL-SG-2025-128 du 07 novembre 2025 portant subd\u00e9l\u00e9gation de signature\naux agents de la direction r\u00e9gionale de l'environnement, de l'am\u00e9nagement et du logement  (DREAL)\nAuvergne-Rh\u00f4ne-Alpes  pour  les  comp\u00e9tences  g\u00e9n\u00e9rales  et  techniques  pour  le  d\u00e9partement  de  la\nSavoie\u00a0; \nVU les lignes directrices de la DREAL Auvergne-Rh\u00f4ne-Alpes du 30 octobre 2017 pr\u00e9cisant la nature\ndes d\u00e9cisions individuelles, notamment dans le cadre des d\u00e9rogations \u00e0 la protection des esp\u00e8ces,\nsoumises  ou  non  \u00e0  participation  du  public,  au  vu  de  leur  incidence  sur  la  protection  de\nl'environnement, dans l'ensemble des d\u00e9partements de la r\u00e9gion Auvergne-Rh\u00f4ne-Alpes\u00a0;\nVU  la demande  de d\u00e9rogation pou r la capture suivi e d'un rel\u00e2cher imm\u00e9diat sur place d'esp\u00e8ces\nanimales prot\u00e9g\u00e9es et  le pr\u00e9l\u00e8vement, le transport, l'utilisation, la d\u00e9tention et la destruction de\nmat\u00e9riel  biologique  d'esp\u00e8ces  animales  prot\u00e9g\u00e9es  d\u00e9pos\u00e9e  le  14  f\u00e9vrier  2025  et  compl\u00e9t\u00e9e  le\n08\u00a0ocotbre 2025 par le bureau d'\u00e9tudes Am\u00e9ten\u00a0;\nVU  le  projet  d'arr\u00eat\u00e9  transmis  le  09  octobre  2025  au  p\u00e9titionnaire,  et  sa  r\u00e9ponse  du\n05\u00a0d\u00e9cembre\u00a02025\u00a0;\nAdresse postale : 69453 LYON CEDEX 06\nStandard : 04 26 28 60 00 - www.auvergne-rhone-alpes.developpement-durable.gouv.fr page 3/8\n84_DREAL_Direction r\u00e9gionale de l'environnement, de l'am\u00e9nagement et du logement d'Auvergne-Rh\u00f4ne-Alpes - 69-2025-12-18-00009\n- Arr\u00eat\u00e9 interpr\u00e9fectoral n\u00b0DREAL-AURA-EHN-2025-10 portant d\u00e9rogation aux dispositions de l'article L.411-1 du code de\nl'environnement pour\u00a0capture suivie d'un rel\u00e2cher imm\u00e9diat sur place d'esp\u00e8ces animales prot\u00e9g\u00e9es (amphibiens, insectes et reptiles)\net pr\u00e9l\u00e8vement, transport, utilisation, d\u00e9tention et destruction de mat\u00e9riel biologique d'esp\u00e8ces animales prot\u00e9g\u00e9es (insectes)\n63\nCONSID\u00c9RANT que la pr\u00e9sente demande est d\u00e9pos\u00e9e\u00a0:\n\u2022 dans l'int\u00e9r\u00eat de la protection de la faune et de la flore sauvages et de la conservation des\nhabitats naturels\u00a0;\n\u2022 pour permettre, dans des conditions strictement contr\u00f4l\u00e9es, d'une mani\u00e8re s\u00e9lective et dans\nune  mesure  limit\u00e9e,  la  prise  ou  la  d\u00e9tention  d'un  nombre  limit\u00e9  et  sp\u00e9cifi\u00e9  de  certains\nsp\u00e9cimens\u00a0;\nCONSID\u00c9RANT qu'il n'existe pas d'autre solution satisfaisante\u00a0;\nCONSID\u00c9RANT que la d\u00e9rogation ne nuit pas au maintien, dans un \u00e9tat de conservation favorable,\ndes populations d'esp\u00e8ces prot\u00e9g\u00e9es concern\u00e9es dans leur aire de r\u00e9partition naturelle compte tenu\ndes prescriptions mises en \u0153uvre, telles que d\u00e9taill\u00e9es \u00e0 l'article 2 ci-apr\u00e8s\u00a0;\nCONSID\u00c9RANT que les personnes habilit\u00e9es disposent de la comp\u00e9tence pour la mise en \u0153uvre des\nop\u00e9rations consid\u00e9r\u00e9es\u00a0;\nSUR proposition du directeur r\u00e9gional de l'Environnement, de l'Am\u00e9nagement et du Logement de la\nr\u00e9gion Auvergne-Rh\u00f4ne-Alpes\u00a0;\nARR\u00caTE\nARTICLE 1\u00a0: B\u00e9n\u00e9ficiaire de l'autorisation et objet\u00a0 \nDans  le  cadre  de ses  actions  d'inventaires  et  de  suivis  d'esp\u00e8ces  animales  prot\u00e9g\u00e9es,  le  bureau\nd'\u00e9tudes Am\u00e9ten, dont le si\u00e8ge social est situ\u00e9 80 avenue Jean Jaur\u00e8s \u00e0 EYBENS (38320), est autoris\u00e9 \u00e0\npratiquer, dans le cadre d\u00e9fini aux articles 2 et suivants du pr\u00e9sent arr\u00eat\u00e9\u00a0:\n\u2022 la capture suivie d'un rel\u00e2cher imm\u00e9diat sur place d'esp\u00e8ces animales prot\u00e9g\u00e9es\u00a0:\n> AMPHIBIENS\nEnsemble des esp\u00e8ces potentiellement pr\u00e9sentes dans le p\u00e9rim\u00e8tre d'\u00e9tude, \u00e0 l'exception des\nesp\u00e8ces list\u00e9es \u00e0 l'arr\u00eat\u00e9 minist\u00e9riel du 9 juillet 1999 (esp\u00e8ces menac\u00e9es d'extinction)\n> INSECTES\nL\u00e9pidopt\u00e8res rhopaloc\u00e8res, col\u00e9opt\u00e8res, odonates (dont exuvies) et orthopt\u00e8res \npotentiellement pr\u00e9sents dans le p\u00e9rim\u00e8tre d'\u00e9tude\n> REPTILES\nEnsemble des esp\u00e8ces potentiellement pr\u00e9sentes dans le p\u00e9rim\u00e8tre d'\u00e9tude, \u00e0 l'exception des\nesp\u00e8ces list\u00e9es \u00e0 l'arr\u00eat\u00e9 minist\u00e9riel du 9 juillet 1999 (esp\u00e8ces menac\u00e9es d'extinction)\n\u2022 le pr\u00e9l\u00e8vement, le transport, l'utilisation, la d\u00e9tention et la destruction de mat\u00e9riel biologique\nd'esp\u00e8ces animales prot\u00e9g\u00e9es\u00a0:\n> INSECTES\nEnsemble des exuvies d'odonates et individus (ou fragments) de col\u00e9opt\u00e8res et l\u00e9pidopt\u00e8res \ntrouv\u00e9s morts potentiellement pr\u00e9sents dans le p\u00e9rim\u00e8tre d'\u00e9tude\nARTICLE 2\u00a0: Prescriptions techniques\n> Lieu d'intervention \u00a0:  d\u00e9partements de l'Ain,  Allier,  Ard\u00e8che,  Cantal, Dr\u00f4me,  Is\u00e8re, Haute-Loire,\nPuy-de-D\u00f4me, Rh\u00f4ne et Savoie.\nAdresse postale : 69453 LYON CEDEX 06\nStandard : 04 26 28 60 00 - www.auvergne-rhone-alpes.developpement-durable.gouv.fr page 4/8\n84_DREAL_Direction r\u00e9gionale de l'environnement, de l'am\u00e9nagement et du logement d'Auvergne-Rh\u00f4ne-Alpes - 69-2025-12-18-00009\n- Arr\u00eat\u00e9 interpr\u00e9fectoral n\u00b0DREAL-AURA-EHN-2025-10 portant d\u00e9rogation aux dispositions de l'article L.411-1 du code de\nl'environnement pour\u00a0capture suivie d'un rel\u00e2cher imm\u00e9diat sur place d'esp\u00e8ces animales prot\u00e9g\u00e9es (amphibiens, insectes et reptiles)\net pr\u00e9l\u00e8vement, transport, utilisation, d\u00e9tention et destruction de mat\u00e9riel biologique d'esp\u00e8ces animales prot\u00e9g\u00e9es (insectes)\n64\n> Protocole\u00a0:\nLe b\u00e9n\u00e9ficiaire proc\u00e8de \u00e0 des inventaires de population d'esp\u00e8ces animales sauvages dans le cadre\nde\u00a0:\n\u2022 l'\u00e9valuation  pr\u00e9alable  et  du  suivi  des  impacts  sur  la  biodiversit\u00e9  de  projets  de  travaux,\nd'ouvrages et d'am\u00e9nagements. Les protocoles d'inventaires sont \u00e9tablis par des personnes\nmorales  ou  physiques  d\u00fbment  mandat\u00e9es  par  les  responsables  des  projets  de  travaux,\nd'ouvrages et d'am\u00e9nagements, pour la r\u00e9alisation de tels inventaires,\n\u2022 l'\u00e9laboration ou du suivi de plans, de sch\u00e9mas, de programmes ou d'autres documents de\nplanification  n\u00e9cessitant  l'acquisition  de  connaissances  ou  visant  \u00e0  la  pr\u00e9servation  du\npatrimoine naturel pr\u00e9vus par des dispositions du code de l'environnement. Les protocoles\nd'inventaires sont \u00e9tablis par des personnes morales ou physiques d\u00fbment mandat\u00e9es par\nl'autorit\u00e9  d\u00e9sign\u00e9e  par  le  code  de  l'environnement  pour  \u00e9laborer  le  plan,  le  sch\u00e9ma,  le\nprogramme ou le document de planification consid\u00e9r\u00e9.\nLes op\u00e9rations de capture sont strictement limit\u00e9es \u00e0 ce qui est n\u00e9cessaire pour atteindre l'objectif\nrecherch\u00e9.\nLe protocole d'inventaire permet de qualifier correctement le niveau des populations et l'importance\nde celles-ci au regard de l'\u00e9tat de conservation des esp\u00e8ces concern\u00e9es en tenant compte de leur\nbiologie et de leurs cycles biologiques.\nARTICLE 2.1\u00a0: Modalit\u00e9s de capture\nLes modalit\u00e9s de capture sont les suivantes\u00a0:\n\u2022 les captures et manipulations sont r\u00e9alis\u00e9es uniquement en cas de n\u00e9cessit\u00e9, sur des dur\u00e9es\nles plus courtes possible\u00a0;\n\u2022 les  animaux  captur\u00e9s  sont  manipul\u00e9s  d\u00e9licatement,  prot\u00e9g\u00e9s  contre  les  temp\u00e9ratures\nextr\u00eames et rel\u00e2ch\u00e9s imm\u00e9diatement apr\u00e8s identification sur le lieu de capture\u00a0;\n\u2022 aucune manipulation d'\u0153ufs n'est effectu\u00e9e\u00a0;\n\u2022 les filets et \u00e9puisettes sont v\u00e9rifi\u00e9s, avant chaque utilisation, afin qu'ils ne comportent aucun\n\u00e9l\u00e9ment pouvant blesser les individus\u00a0;\n\u2022 les animaux ne sont pas captur\u00e9s en phase de copulation ou de ponte\u00a0;\n\u2022 les captures sont r\u00e9alis\u00e9es selon des modalit\u00e9s et \u00e0 l'aide de moyens n'occasionnant aucune\nblessure ni mutilation aux animaux captur\u00e9s\u00a0;\n\u2022 aucune op\u00e9ration de marquage n'est r\u00e9alis\u00e9e\u00a0;\n\u2022 capture manuelle \u00e0 l'aide d'un filet entomologique ou d'une \u00e9puisette pour identification en\ncas de n\u00e9cessit\u00e9\u00a0;\n\u2022 aucune capture l\u00e9tale n'est r\u00e9alis\u00e9e\u00a0;\nModalit\u00e9s sp\u00e9cifiques concernant   les amphibiens  \u00a0  :  \n\u2022 inventaires et captures pratiqu\u00e9s de jour ou de nuit\u00a0;\n\u2022 r\u00e9alisation de p\u00eaches au troubleau par \u00e9chantillonnage sur les sites les moins fragiles ou, en\ncas de n\u00e9cessit\u00e9, pose de nasses en soir\u00e9e et relev\u00e9 le lendemain matin\u00a0;\n\u2022 photographie de la face ventrale des individus adultes captur\u00e9s (Sonneur \u00e0 ventre jaune ou\nTriton cr\u00eat\u00e9 notamment)\u00a0;\n\u2022 afin de limiter  la diss\u00e9mination de chytridiomycose et  d'autres maladies (ranaviroses),  les\nprescriptions du protocole d'hygi\u00e8ne pour le contr\u00f4le des maladies des amphibiens dans la\nAdresse postale : 69453 LYON CEDEX 06\nStandard : 04 26 28 60 00 - www.auvergne-rhone-alpes.developpement-durable.gouv.fr page 5/8\n84_DREAL_Direction r\u00e9gionale de l'environnement, de l'am\u00e9nagement et du logement d'Auvergne-Rh\u00f4ne-Alpes - 69-2025-12-18-00009\n- Arr\u00eat\u00e9 interpr\u00e9fectoral n\u00b0DREAL-AURA-EHN-2025-10 portant d\u00e9rogation aux dispositions de l'article L.411-1 du code de\nl'environnement pour\u00a0capture suivie d'un rel\u00e2cher imm\u00e9diat sur place d'esp\u00e8ces animales prot\u00e9g\u00e9es (amphibiens, insectes et reptiles)\net pr\u00e9l\u00e8vement, transport, utilisation, d\u00e9tention et destruction de mat\u00e9riel biologique d'esp\u00e8ces animales prot\u00e9g\u00e9es (insectes)\n65\nnature \u00e0 destination des op\u00e9rateurs de terrain1\n, sont scrupuleusement respect\u00e9es.\nModalit\u00e9s sp\u00e9cifiques concernant les reptiles  \u00a0  :  \n\u2022 recherche \u00e0 vue privil\u00e9gi\u00e9e\u00a0;\n\u2022 capture manuelle de certains sp\u00e9cimens pour identification, en cas de n\u00e9cessit\u00e9.\nModalit\u00e9s sp\u00e9cifiques concernant les insectes  \u00a0  :  \n\u2022 capture au filet entomologique pour identification en cas de n\u00e9cessit\u00e9\u00a0;\n\u2022 les odonates sont maintenus par les ailes tandis que les rhopaloc\u00e8res sont observ\u00e9s \u00e0 travers le\nfilet pour ne pas endommager leurs \u00e9cailles.\nARTICLE 2.2  \u00a0  : Modalit\u00e9s de pr\u00e9l\u00e8vement, transport, utilisation, d\u00e9tention et destruction de mat\u00e9riel\nbiologique\nLes modalit\u00e9s de pr\u00e9l\u00e8vement , transport, utilisation, d\u00e9tention et destruction d e mat\u00e9riel biologique\nsont les suivantes\u00a0:\n\u2022 collecte du mat\u00e9riel biologique in situ, identification sur site \u00e0 l'aide d'une loupe ou photographies\npour une identification ult\u00e9rieure le cas \u00e9ch\u00e9ant, et repositionnement sur le lieu de pr\u00e9l\u00e8vement.\nU  niquement en cas de n\u00e9cessit\u00e9  \u00a0:\n\u2022 stockage des exuvies d'odonates et individus (ou fragments) de col\u00e9opt\u00e8res et l\u00e9pidopt\u00e8res trouv\u00e9s\nmorts dans des r\u00e9cipients avec une \u00e9tiquette indiquant le lieu, la date et l'observateur\u00a0;\n\u2022 transport entre le lieu de pr\u00e9l\u00e8vement et le bureau d'\u00e9tudes Am\u00e9ten, situ\u00e9 sur la commune de\nEYBENS pour identification\u00a0;\n\u2022 conservation dans des piluliers ou des bo\u00eetes sp\u00e9cifiques \u00e9tiquet\u00e9s et destruction d\u00e8s la fin de\nl'identification.\nLa pression d'inventaire maximale annuelle est \u00e9valu\u00e9e \u00e0 100 \u00a0jours de terrain par d\u00e9partement, avec\nl'intervention possible de quatre personnes proc\u00e9dant simultan\u00e9ment aux op\u00e9rations.\nARTICLE 3\u00a0: Personnes habilit\u00e9es\u00a0\nLes personnes habilit\u00e9es pour r\u00e9aliser les op\u00e9rations sont au sein du bureau d'\u00e9tudes Am\u00e9ten\u00a0: \n\u2022 Nicolas GUILLERMAZ, \u00e9cologue \u2013 charg\u00e9 d'\u00e9tudes faune, titulaire d'un master \u00c9cologie, diag-\nnostic et gestion des \u00e9cosyst\u00e8mes\u00a0;\n\u2022 Alix DIDON, charg\u00e9e d'\u00e9tudes faune, titulaire d'un master \u00c9quipement, protection et gestion \ndes milieux de montagne\u00a0;\n\u2022 Coline VEROT, charg\u00e9e d'\u00e9tudes faune, titulaire d'un master Biodiversit\u00e9, \u00e9cologie et \u00e9volu-\ntion\u00a0;\n\u2022 Vincent RIGAUD, chef de projets, titulaire d'un brevet de technicien sup\u00e9rieur (BTS) Gestion \net protection de la nature et d'un dipl\u00f4me d'ing\u00e9nieure g\u00e9n\u00e9raliste.\nLes personnes habilit\u00e9es sont porteuses de la pr\u00e9sente autorisation lors des op\u00e9rations vis\u00e9es, et sont\ntenues de la pr\u00e9senter \u00e0 toute demande des agents commissionn\u00e9s au titre de l'environnement.\nPour tenir compte des mouvements de personnel, le  bureau d'\u00e9tudes Am\u00e9ten  doit communiquer\nannuellement  \u00e0  la  DREAL Auvergne-Rh\u00f4ne-Alpes  (service  Eau,  Hydro\u00e9lectricit\u00e9  et  Nature  /  p\u00f4le\n1 Miaud C., 2014 - Protocole d'hygi\u00e8ne pour le contr\u00f4le des maladies des amphibiens dans la nature \u00e0 destination des op\u00e9ra -\nteurs de terrain. Agence de l'eau Rh\u00f4ne-M\u00e9diterran\u00e9e Corse, Universit\u00e9 de Savoie et \u00c9cole pratique des Hautes \u00c9tudes\n(eds), 7 p.\nAdresse postale : 69453 LYON CEDEX 06\nStandard : 04 26 28 60 00 - www.auvergne-rhone-alpes.developpement-durable.gouv.fr page 6/8\n84_DREAL_Direction r\u00e9gionale de l'environnement, de l'am\u00e9nagement et du logement d'Auvergne-Rh\u00f4ne-Alpes - 69-2025-12-18-00009\n- Arr\u00eat\u00e9 interpr\u00e9fectoral n\u00b0DREAL-AURA-EHN-2025-10 portant d\u00e9rogation aux dispositions de l'article L.411-1 du code de\nl'environnement pour\u00a0capture suivie d'un rel\u00e2cher imm\u00e9diat sur place d'esp\u00e8ces animales prot\u00e9g\u00e9es (amphibiens, insectes et reptiles)\net pr\u00e9l\u00e8vement, transport, utilisation, d\u00e9tention et destruction de mat\u00e9riel biologique d'esp\u00e8ces animales prot\u00e9g\u00e9es (insectes)\n66\nPr\u00e9servation des milieux et des esp\u00e8ces - pme.ehn.dreal-ara@developpement-durable.gouv.fr), la liste\ndes personnels charg\u00e9s de la mise en \u0153uvre de la pr\u00e9sente autorisation.\nARTICLE 4\u00a0: Dur\u00e9e de validit\u00e9 de l'autorisation\nCette autorisation est valable jusqu'au 31 d\u00e9cembre 2030, sous r\u00e9serve stricte de la transmission des\nrapports annuels sur la mise en \u0153uvre de la d\u00e9rogation au cours de l'ann\u00e9e pr\u00e9c\u00e9dente mentionn\u00e9s \u00e0\nl'article 5 ci-apr\u00e8s. La non transmission desdits rapports dans les d\u00e9lais indiqu\u00e9s rend caduque la\npr\u00e9sente d\u00e9rogation. Toute demande de prolongation de la pr\u00e9sente d\u00e9rogation doit \u00eatre d\u00e9pos\u00e9e\navant le 30 juin 2030.\nARTICLE 5\u00a0: Mise \u00e0 disposition des donn\u00e9es\nLe b\u00e9n\u00e9ficiaire met ses donn\u00e9es d'observation d'esp\u00e8ces \u00e0 disposition de la DREAL Auvergne-Rh\u00f4ne-\nAlpes  dans  les  conditions  d\u00e9finies  par  le  syst\u00e8me  d'information  sur  la  nature  et  les  paysages,\nnotamment en ce qui concerne les r\u00e8gles de d\u00e9p\u00f4t, de format de donn\u00e9es et de fichiers applicables\naux  m\u00e9tadonn\u00e9es  et  donn\u00e9es  \u00e9l\u00e9mentaire  d'\u00e9change  relatives  aux  occurrences  d'observation\nd'esp\u00e8ces.\nLe b\u00e9n\u00e9ficiaire adresse \u00e0 la DREAL Auvergne-Rh\u00f4ne-Alpes (service Eau, Hydro\u00e9lectricit\u00e9 et Nature /\np\u00f4le Pr\u00e9servation des milieux et des esp\u00e8ces  -  pme.ehn.dreal-ara@developpement-durable.gouv.fr),\nchaque ann\u00e9e avant le 31 mars , un rapport sur la mise en \u0153uvre de la d\u00e9rogation au cours de l'ann\u00e9e\npr\u00e9c\u00e9dente. \nCe rapport comprend\u00a0:\n\u2022 le nombre d'op\u00e9rations conduites sous couvert de la d\u00e9rogation ;\n\u2022 les dates et les lieux par commune des op\u00e9rations ;\n\u2022 les esp\u00e8ces ou groupes d'esp\u00e8ces dont la pr\u00e9sence a \u00e9t\u00e9 identifi\u00e9e ;\n\u2022 le  nombre  de  sp\u00e9cimens  captur\u00e9s  de  chaque  esp\u00e8ce,  le  sexe  lorsque  ce  dernier  est\nd\u00e9terminable et les lieux de capture-rel\u00e2cher\u00a0;\n\u2022 une photographie des faces ventrales et dorsales des individus de Tritons cr\u00eat\u00e9s pour les\nop\u00e9rations r\u00e9alis\u00e9es dans le d\u00e9partement de l'Ain, sur le pays de Gex, en pr\u00e9cisant le nom de\nla commune et du lieu-dit\u00a0;\n\u2022 le nombre d'animaux morts au cours des op\u00e9rations ;\n\u2022 le nombre d'animaux non vis\u00e9s dans la d\u00e9rogation et n\u00e9anmoins pris dans les mat\u00e9riels de\ncapture au cours des op\u00e9rations\u00a0;\n\u2022 le cas \u00e9ch\u00e9ant,  l'\u00e9volution de la liste  des personnels  charg\u00e9s de la mise en \u0153uvre de la\npr\u00e9sente autorisation (article 3), et la justification de leurs comp\u00e9tences.\nARTICLE 6\u00a0: Contr\u00f4les\nLa mise en \u0153uvre des prescriptions du pr\u00e9sent arr\u00eat\u00e9 peut faire l'objet de contr\u00f4les par les agents\nhabilit\u00e9s.\nARTICLE 7\u00a0: Sanctions\nLe  non-respect  des  prescriptions  du  pr\u00e9sent  arr\u00eat\u00e9  est  passible  des  sanctions  pr\u00e9vues  pour  les\ninfractions  p\u00e9nales  d\u00e9finies  et  r\u00e9prim\u00e9es  par  les  articles  L.415-3  et  R.415-1  du  code  de\nl'environnement.\nAdresse postale : 69453 LYON CEDEX 06\nStandard : 04 26 28 60 00 - www.auvergne-rhone-alpes.developpement-durable.gouv.fr page 7/8\n84_DREAL_Direction r\u00e9gionale de l'environnement, de l'am\u00e9nagement et du logement d'Auvergne-Rh\u00f4ne-Alpes - 69-2025-12-18-00009\n- Arr\u00eat\u00e9 interpr\u00e9fectoral n\u00b0DREAL-AURA-EHN-2025-10 portant d\u00e9rogation aux dispositions de l'article L.411-1 du code de\nl'environnement pour\u00a0capture suivie d'un rel\u00e2cher imm\u00e9diat sur place d'esp\u00e8ces animales prot\u00e9g\u00e9es (amphibiens, insectes et reptiles)\net pr\u00e9l\u00e8vement, transport, utilisation, d\u00e9tention et destruction de mat\u00e9riel biologique d'esp\u00e8ces animales prot\u00e9g\u00e9es (insectes)\n67\nARTICLE 8\u00a0: Autres l\u00e9gislations et r\u00e9glementations\nLa pr\u00e9sente d\u00e9cision ne dispense pas de l'obtention d'autres accords ou autorisations par ailleurs\nn\u00e9cessaires pour la r\u00e9alisation de l'op\u00e9ration susmentionn\u00e9e et du respect des autres dispositions\nl\u00e9gislatives et r\u00e9glementaires susceptibles d'\u00eatre applicables sur les espaces prot\u00e9g\u00e9s du territoire\nd'\u00e9tude.\nARTICLE 9\u00a0: Voies et d\u00e9lais de recours \nLa pr\u00e9sente d\u00e9cision peut faire l'objet d'un recours dans les deux mois qui suivent sa  publication ou\nsa notification\u00a0:\n\u2022 par la voie d'un recours administratif. L'absence de r\u00e9ponse dans le d\u00e9lai de deux mois fait\nna\u00eetre une d\u00e9cision implicite de rejet, qui peut elle-m\u00eame faire l'objet d'un recours devant le\ntribunal administratif comp\u00e9tent,\n\u2022 par la voie d'un recours contentieux devant le tribunal administratif comp\u00e9tent,\n\u2022 par l'application T\u00e9l\u00e9recours citoyens accessible via le site internet www.telerecours.fr.\nARTICLE 10\u00a0: Ex\u00e9cution \nM. le directeur r\u00e9gional de l'environnement, de l'am\u00e9nagement et du logement Auvergne-Rh\u00f4ne-Alpes,\nMM. les chefs des services d\u00e9partementaux de l'Office fran\u00e7ais de la biodiversit\u00e9 de l'Ain, de l'Allier,\nde l'Ard\u00e8che, du Cantal, de la Dr\u00f4me, de l'Is\u00e8re, de la Haute-Loire, du Puy -de-D\u00f4me, du Rh\u00f4ne et de\nla Savoie,\nsont charg\u00e9s, chacun en ce qui le concerne, de l'ex\u00e9cution du pr\u00e9sent arr\u00eat\u00e9 qui sera notifi\u00e9 au\nb\u00e9n\u00e9ficiaire et  publi\u00e9 au  recueil  des actes  administratifs des  pr\u00e9fectures  de l'Ain,  de l'Allier,  de\nl'Ard\u00e8che, du Cantal, de la Dr\u00f4me, de l'Is\u00e8re, de la Haute-Loire, du Puy -de-D\u00f4me, du Rh\u00f4ne et de la\nSavoie.\nPour les Pr\u00e9fets et par d\u00e9l\u00e9gation,\nLa cheffe de service d\u00e9l\u00e9gu\u00e9e\nEau, Hydro\u00e9lectricit\u00e9 et Nature\nSIGNE\nLaurence DAYET\nAdresse postale : 69453 LYON CEDEX 06\nStandard : 04 26 28 60 00 - www.auvergne-rhone-alpes.developpement-durable.gouv.fr page 8/8\n84_DREAL_Direction r\u00e9gionale de l'environnement, de l'am\u00e9nagement et du logement d'Auvergne-Rh\u00f4ne-Alpes - 69-2025-12-18-00009\n- Arr\u00eat\u00e9 interpr\u00e9fectoral n\u00b0DREAL-AURA-EHN-2025-10 portant d\u00e9rogation aux dispositions de l'article L.411-1 du code de\nl'environnement pour\u00a0capture suivie d'un rel\u00e2cher imm\u00e9diat sur place d'esp\u00e8ces animales prot\u00e9g\u00e9es (amphibiens, insectes et reptiles)\net pr\u00e9l\u00e8vement, transport, utilisation, d\u00e9tention et destruction de mat\u00e9riel biologique d'esp\u00e8ces animales prot\u00e9g\u00e9es (insectes)\n68\n84_EMIZSE_Etat major interminist\u00e9riel de zone\nSud-Est\n69-2025-12-18-00007\n20251218-apz-reouverture-A41\n84_EMIZSE_Etat major interminist\u00e9riel de zone Sud-Est - 69-2025-12-18-00007 - 20251218-apz-reouverture-A41 69\n| |PREFETEDE LA ZONEDE D\u00c9FENSE |ET DE S\u00c9CURIT\u00c9SUD-ESTLibert\u00e9Egalit\u00e9Fraternit\u00e9\n \n \n\u00c9tat-Major Interminist\u00e9riel \nde zone de d\u00e9fense et de s\u00e9curit\u00e9 Sud-Est \n \nArr\u00eat\u00e9 zonal n\u00b0   \nlevant l'ensemble des interdictions de circulation prises sur le r\u00e9seau routier national de la zone de d\u00e9fense et de \ns\u00e9curit\u00e9 Sud-Est \n \nLA PR\u00c9F\u00c8TE DE LA ZONE DE D\u00c9FENSE ET DE S\u00c9CURIT\u00c9 SUD-EST \nPR\u00c9F\u00c8TE DE LA R\u00c9GION AUVERGNE-RH\u00d4NE-ALPES \nPR\u00c9F\u00c8TE DU RH\u00d4NE \nCommandeur de la L\u00e9gion d'honneur \nCommandeur de l'ordre national du M\u00e9rite \n \n \nVu le code g\u00e9n\u00e9ral des collectivit\u00e9s territoriales, \nVu le code de la route, et notamment l'article R. 411-18, \nVu le code de la voirie routi\u00e8re, \nVu le code de la d\u00e9fense, \nVu le code de la s\u00e9curit\u00e9 int\u00e9rieure, \nVu le code p\u00e9nal, \nVu l'arr\u00eat\u00e9 du 24 novembre 1967 modifi\u00e9 relatif \u00e0 la signalisation des routes et autoroutes, \nVu l'arr\u00eat\u00e9 du 16 avril 2021 relatif \u00e0 l'interdiction de la circulation des v\u00e9hicules de transport de marchandises \u00e0 certaines \np\u00e9riodes, \nVu l'arr\u00eat\u00e9 n\u00b0 69-2025-12-18-00003 du 18/12/2025 portant interdiction de circulation sur le r\u00e9seau routier national de la \nzone de d\u00e9fense et de s\u00e9curit\u00e9 Sud-Est, \n \nConsid\u00e9rant l'am\u00e9lioration des conditions de circulation   l'A41, il y a lieu de lever l'ensembl e les interdictions de \ncirculation prises dans le cadre de l'arr\u00eat\u00e9 du n\u00b0 69-2025-12-18-00003 du 18/12/2025, \n \n \nARR\u00caTE \n \n \nArticle 1 : \nL'ensemble des interdictions de circulation prises dans le cadre de l'arr\u00eat\u00e9 du n\u00b0 69-2025-12-18-00003 du 18/12/2025 \nsont lev\u00e9es. \n \n \nArticle 2: \nLe pr\u00e9sent arr\u00eat\u00e9 entre en vigueur \u00e0 compter du 18/12/2025 \u00e0 18h45 . \n \nArticle 3 : \nLes pr\u00e9fets des d\u00e9partements de la zone de d\u00e9fense et de s\u00e9curit\u00e9 Sud -Est, les directeurs d\u00e9partementaux de la s\u00e9curit\u00e9 \npublique, les commandants des groupe ments de gendarmerie d\u00e9partementale, le commandant de la compagnie \nautorouti\u00e8re des CRS Auvergne-Rh\u00f4ne-Alpes, les responsables gestionnaires des r\u00e9seaux routiers impact\u00e9s, sont charg\u00e9s, \nchacun en ce qui le concerne, de l'ex\u00e9cution du pr\u00e9sent arr\u00eat\u00e9 qui ser a publi\u00e9 au recueil des actes administratifs de la \npr\u00e9fecture de zone de d\u00e9fense et de s\u00e9curit\u00e9 Sud-Est. \n \n\u00c0 Lyon, le 18/12/2025 \n \nLe pr\u00e9fet d\u00e9l\u00e9gu\u00e9 \u00e0 la d\u00e9fense et \u00e0 la s\u00e9curit\u00e9 \n \n \nAntoine GU\u00c9RIN \n84_EMIZSE_Etat major interminist\u00e9riel de zone Sud-Est - 69-2025-12-18-00007 - 20251218-apz-reouverture-A41 70","date":"2025-12-19","first_seen_on":"2025-12-19T18:03:08+00:00","id":"85a09847b9284b13bb426e6944a39462bdf4863a437f1b0df054cdbc2ad38db8","name":"RAA_69-2025-336-191225","pdf_creation_date":"2025-12-19T15:36:04+00:00","pdf_modification_date":"2025-12-19T15:36:36+00:00","timezone":"Europe/Paris","url":"https://www.rhone.gouv.fr/contenu/telechargement/66630/448748/file/RAA_69-2025-336-191225.pdf"}
