{"administration":"pref37","administration_name":"Pr\u00e9fecture d\u2019Indre-et-Loire","content":"INDRE-ET-LOIRE\nRECUEIL DES ACTES\nADMINISTRATIFS SP\u00c9CIAL\nN\u00b037-2025-09078\nPUBLI\u00c9 LE 17 SEPTEMBRE 2025\nSommaire\nPr\u00e9fecture d'Indre et Loire /\n37-2025-09-11-00013 - D\u00e9l\u00e9gation sp\u00e9ciale p\u00f4le ressources (2 pages) Page 3\n2\nPr\u00e9fecture d'Indre et Loire\n37-2025-09-11-00013\nD\u00e9l\u00e9gation sp\u00e9ciale p\u00f4le ressources\nPr\u00e9fecture d'Indre et Loire - 37-2025-09-11-00013 - D\u00e9l\u00e9gation sp\u00e9ciale p\u00f4le ressources 3\n\u2022\n\u2022\n\u2022\n\u2022\n\u2022\nPr\u00e9fecture d'Indre et Loire - 37-2025-09-11-00013 - D\u00e9l\u00e9gation sp\u00e9ciale p\u00f4le ressources 4\n\u2022\n\u2022\n\u2022\n\u2022\n\u2022\n\u2022\n\u2022\n\u2022\n\u2022\nFait \u00e0 TOURS, le 11 septembre 2025\nsign\u00e9\nChristian PICHEVIN\nPr\u00e9fecture d'Indre et Loire - 37-2025-09-11-00013 - D\u00e9l\u00e9gation sp\u00e9ciale p\u00f4le ressources 5","date":"2025-09-17","first_seen_on":"2025-09-17T10:19:56+00:00","id":"85b0bd1654ef40fd51ddbf9eb495e264d38b92f8a531382349d1f66eb054b975","name":"2025-09-17 RAA sp\u00e9cial Arr\u00eat\u00e9 d\u00e9l\u00e9gation sp\u00e9ciale p\u00f4le ressources","pdf_creation_date":"2025-09-17T09:46:14+00:00","pdf_modification_date":null,"timezone":"Europe/Paris","url":"https://www.indre-et-loire.gouv.fr/contenu/telechargement/47126/325610/file/2025-09-17%20RAA%20sp%C3%A9cial%20Arr%C3%AAt%C3%A9%20d%C3%A9l%C3%A9gation%20sp%C3%A9ciale%20p%C3%B4le%20ressources.pdf"}
