{"administration":"pref13","administration_name":"Pr\u00e9fecture des Bouches-du-Rh\u00f4ne","content":"BOUCHES-DU-\nRH\u00d4NE\nRECUEIL DES ACTES\nADMINISTRATIFS SP\u00c9CIAL\nN\u00b013-2025-367\nPUBLI\u00c9 LE  2 D\u00c9CEMBRE 2025\nSommaire\nDDETS 13 /\n13-2025-12-01-00062 - R\u00e9c\u00e9piss\u00e9 de d\u00e9claration au titre des\nServices \u00e0 la Personne au b\u00e9n\u00e9fice de   Madame TAILLIER Edwige en\nqualit\u00e9 d'entrepreneur individuel situ\u00e9 30 Ronde Alpilles - 13118\nISTRES (2 pages) Page 4\nDirection R\u00e9gionale des Douanes /\n13-2025-12-01-00068 - D\u00e9cision de d\u00e9l\u00e9gation 2025-4 du directeur\ninterr\u00e9gional des douanes de PACA-Corse pour les d\u00e9cisions autorisant\nles agents de la direction1 \u00e0 b\u00e9n\u00e9ficier de la protection l\u00e9gale de\nl'identit\u00e9 des agents des douanes pr\u00e9vue \u00e0 l'article L.286 BA du\nlivre des proc\u00e9dures fiscales (2 pages) Page 7\nDRFIP PACA et des Bouches-du-Rh\u00f4ne  /\n13-2025-12-02-00003 - Arr\u00eat\u00e9 portant subd\u00e9l\u00e9gation de\nsignature\nen mati\u00e8re de gestion des successions (3 pages) Page 10\n13-2025-12-02-00001 - Arr\u00eat\u00e9 portant subd\u00e9l\u00e9gation de signature du\npouvoir adjudicateur et d'ordonnancement secondaire (5 pages) Page 14\n13-2025-12-02-00004 - Arr\u00eat\u00e9 portant subd\u00e9l\u00e9gation de signature en\nmati\u00e8re de gestion domaniale (2 pages) Page 20\n13-2025-12-02-00002 - D\u00e9cision de la responsable du PPR portant\nd\u00e9l\u00e9gation de signature aux agents du CGF bloc 3 (3 pages) Page 23\nPr\u00e9fecture des Bouches-du-Rhone /\n13-2025-12-01-00069 - Arr\u00eat\u00e9 du 1er d\u00e9cembre 2025\nfixant la\ncomposition du jury professionnel pour la titularisation d'un agent\ncontractuel handicap\u00e9 dans le corps des adjoints administratifs du\nminist\u00e8re de l'Int\u00e9rieur et de l'outre-mer au titre de l'ann\u00e9e\n2024 (2 pages) Page 27\nPr\u00e9fecture des Bouches-du-Rhone / Direction de la Citoyennet\u00e9, de la\nL\u00e9galit\u00e9 et de l'Environnement\n13-2025-12-02-00006 - ARR\u00caT\u00c9 du 02 DECEMBRE 2025\nportant\nhabilitation sous le n\u00b0 25-13-0582 de la soci\u00e9t\u00e9 d\u00e9nomm\u00e9e\n\u00ab\u00a0FUNEXTRANS\u00a0\u00bb sise \u00e0 LE PUY-SAINTE-REPARADE (13610) dans le\ndomaine fun\u00e9raire (2 pages) Page 30\n13-2025-12-01-00067 - ARR\u00caT\u00c9 du 1er DECEMBRE 2025\nportant\nhabilitation sous le n\u00b0 25-13-0142 de la soci\u00e9t\u00e9 d\u00e9nomm\u00e9e\n\u00ab\u00a0POMPES FUNEBRES JDS\u00a0\u00bb sise \u00e0 Marseille (13004) dans le domaine\nfun\u00e9raire (2 pages) Page 33\n13-2025-12-01-00065 - ARR\u00caT\u00c9 du 1er DECEMBRE 2025\nportant\nhabilitation sous le n\u00b0 25-13-0340 de l'entreprise individuelle\nd\u00e9nomm\u00e9e \n\u00ab\u00a0OLIVE MATTHIEU\u00a0\u00bb sise \u00e0 Marseille (13009)\nexploit\u00e9e par M. Matthieu OLIVE \ndans le domaine fun\u00e9raire (2 pages) Page 36\n2\n13-2025-12-01-00066 - ARR\u00caT\u00c9 du 1er DECEMBRE 2025\nportant\nmodification de l'habilitation N\u00b0 24-13-0489 de l'\u00e9tablissement\nsecondaire de la SAS \u00ab\u00a0FUNECAP SUD-EST \u00bb d\u00e9nomm\u00e9\n\u00ab\u00a0ROC' ECLERC \u00bb sis \u00e0 Marseille (13004), \ndans le domaine\nfun\u00e9raire  (2 pages) Page 39\n13-2025-11-28-00019 - ARR\u00caT\u00c9 du 28 NOVEMBRE 2025\nportant\nhabilitation sous le n\u00b0 25-13-0581 de l'\u00e9tablissement secondaire de la\nsoci\u00e9t\u00e9 \u00ab\u00a0FUNECAP SUD-EST\u00bb exploit\u00e9 sous l'enseigne \u00ab\nROC' ECLERC  \u00bb \nsis \u00e0 Aix-en-Provence (13100), dans le domaine\nfun\u00e9raire (2 pages) Page 42\nSecr\u00e9tariat G\u00e9n\u00e9ral Commun 13 /\n13-2025-12-02-00007 - 13 Arr\u00eat\u00e9 subd\u00e9l\u00e9g DBorde RNS 02-12-2025 (4\npages) Page 45\n13-2025-12-02-00008 - DS Maquette DSAC S\u00e9curit\u00e9 a\u00e9roportuaire (3\npages) Page 50\nSecr\u00e9tariat g\u00e9n\u00e9ral pour l'administration du minist\u00e8re de\nl'int\u00e9rieur /\n13-2025-12-01-00064 - Arr\u00eat\u00e9 du 1er d\u00e9cembre 2025 donnant\nd\u00e9l\u00e9gation d'ordonnancement secondaire - SGZDS (12 pages) Page 54\n13-2025-12-01-00063 - Arr\u00eat\u00e9 du 1er d\u00e9cembre 2025 portant\nd\u00e9l\u00e9gation de signature \u00e0 M. Romain DELMON,\nsecr\u00e9taire\ng\u00e9n\u00e9ral de la zone de d\u00e9fense et de s\u00e9curit\u00e9 Sud aupr\u00e8s du\npr\u00e9fet de la r\u00e9gion  Provence-Alpes-C\u00f4te d'Azur, pr\u00e9fet de la\nzone de d\u00e9fense et de s\u00e9curit\u00e9 Sud, pr\u00e9fet des\nBouches-du-Rh\u00f4ne, pr\u00e9fet de police des Bouches-du-Rh\u00f4ne (25 pages) Page 67\n3\nDDETS 13\n13-2025-12-01-00062\nR\u00e9c\u00e9piss\u00e9 de d\u00e9claration au titre des Services \u00e0\nla Personne au b\u00e9n\u00e9fice de   Madame TAILLIER\nEdwige en qualit\u00e9 d'entrepreneur individuel situ\u00e9\n30 Ronde Alpilles - 13118 ISTRES\nDDETS 13 - 13-2025-12-01-00062 - R\u00e9c\u00e9piss\u00e9 de d\u00e9claration au titre des Services \u00e0 la Personne au b\u00e9n\u00e9fice de   Madame TAILLIER\nEdwige en qualit\u00e9 d'entrepreneur individuel situ\u00e9 30 Ronde Alpilles - 13118 ISTRES 4\nEnPREFETDES BOUCHES-DU-RHONELibert\u00e9Egalit\u00e9Fraternit\u00e9\n \nDirection D\u00e9partementale\nde l'Emploi, du Travail\n et des Solidarit\u00e9s\ndes Bouches du Rh\u00f4ne\nP\u00f4le \u00c9conomie Emploi Entreprises\nD\u00e9partement Insertion Professionnelle\n      R\u00e9c\u00e9piss\u00e9 de d\u00e9claration n\u00b0 \n                   d'un organisme de services \u00e0 la personne\n                      enregistr\u00e9 sous le N\u00b0 SAP522610278\nVu  le  code  du  travail  et  notamment les articles  L.7231-1  \u00e0  L.7233-2,  R.7232-16  \u00e0 \nR.7232-22, D.7231-1 et D.7233-1 \u00e0 D.7233-5,\nLe pr\u00e9fet de la R\u00e9gion Provence-Alpes-C\u00f4te d'Azur  Pr\u00e9fet de la Zone de D\u00e9fense et \nde S\u00e9curit\u00e9 Sud,  Pr\u00e9fet des Bouches-du-Rh\u00f4ne,\nCONSTATE\nQu'une d\u00e9claration d'activit\u00e9s de Services \u00e0 la Personne a \u00e9t\u00e9 d\u00e9pos\u00e9e aupr\u00e8s de la  \nDirection D\u00e9partementale de l'Emploi, du Travail et des Solidarit\u00e9s des Bouches-du-\nRh\u00f4ne  le,  13  novembre  2025  par  Madame TAILLIER  Edwige  en  qualit\u00e9  \nd'entrepreneur individuel situ\u00e9 30 Ronde Alpilles - 13118 ISTRES et enregistr\u00e9 sous le  \nN\u00b0 SAP522610278 pour les activit\u00e9s suivantes en mode prestataire :\n  \u2022   Entretien de la maison et travaux m\u00e9nagers \nToute  modification  concernant  les  activit\u00e9s  exerc\u00e9es  devra  faire  l'objet  d'une  \nd\u00e9claration modificative pr\u00e9alable.\nSous r\u00e9serve d'\u00eatre exerc\u00e9es \u00e0 titre exclusif au profit de particuliers, \u00e0 leur domicile  \n(ou sous r\u00e9serve d'une comptabilit\u00e9 s\u00e9par\u00e9e pour les personnes morales dispens\u00e9es  \nde cette condition), ces activit\u00e9s ouvrent droit au b\u00e9n\u00e9fice des dispositions des  \narticles L.7233-2 du code du travail et L.241-10 du code de la s\u00e9curit\u00e9 sociale dans les  \nconditions pr\u00e9vues par ces articles.\nLes effets de la d\u00e9claration courent \u00e0 compter du jour du d\u00e9p\u00f4t de la d\u00e9claration  \nsous r\u00e9serve des dispositions de  l'article R.7232-18 du code du travail.\nEn application  des articles L.7232-1 et R.7232-1 \u00e0 R.7232-15, les activit\u00e9s n\u00e9cessitant  \nun  agr\u00e9ment  (I  de  l'article  D.7231-1  du  code  du  travail)  n'ouvrent  droit  \u00e0  ces \ndispositions  que  si  la  structure  a  pr\u00e9alablement  obtenu  l'agr\u00e9ment  ou  le  \nDDETS 13 - 13-2025-12-01-00062 - R\u00e9c\u00e9piss\u00e9 de d\u00e9claration au titre des Services \u00e0 la Personne au b\u00e9n\u00e9fice de   Madame TAILLIER\nEdwige en qualit\u00e9 d'entrepreneur individuel situ\u00e9 30 Ronde Alpilles - 13118 ISTRES 5\nrenouvellement  de  cet  agr\u00e9ment  dans  le  ou  les  d\u00e9partements  d'exercice  de  ses \nactivit\u00e9s.\nDe m\u00eame, en application de l'article D.312-6-2 du code de l'action sociale et des  \nfamilles, les activit\u00e9s n\u00e9cessitant une autorisation n'ouvrent droit \u00e0 ces dispositions  \nque si l'organisme a pr\u00e9alablement obtenu l'autorisation ou le renouvellement de  \ncette autorisation.\nLe pr\u00e9sent r\u00e9c\u00e9piss\u00e9 n'est pas limit\u00e9 dans le temps.  La d\u00e9claration a une port\u00e9e  \nnationale.\nL'enregistrement de la d\u00e9claration peut \u00eatre retir\u00e9 dans les conditions fix\u00e9es aux  \narticles R.7232-20 \u00e0 R.7232-22 du code du travail.\nLe pr\u00e9sent r\u00e9c\u00e9piss\u00e9 sera publi\u00e9 au Recueil des Actes Administratifs de la Pr\u00e9fecture  \ndes Bouches-du-Rh\u00f4ne.\n                                                                             Fait \u00e0 Marseille, le 1er d\u00e9cembre 2025\nPour le Pr\u00e9fet et par d\u00e9l\u00e9gation,\nPar emp\u00eachement de la Directrice D\u00e9par-\ntementale de l'Emploi, du Travail et des \nSolidarit\u00e9s des Bouches-du-Rh\u00f4ne   \nLa Responsable du d\u00e9partement de \nl'Insertion Professionnel,\nSign\u00e9\nElodie CARITEY\n55 boulevard P\u00e9rier \u2013 13415 cedex 20 MARSEILLE Cedex 20 - T\u00e9l\u00e9phone : 04.91.57.96.00 \nMel : ddets-sap@bouches-du-rhone.gouv.fr\n2\nDDETS 13 - 13-2025-12-01-00062 - R\u00e9c\u00e9piss\u00e9 de d\u00e9claration au titre des Services \u00e0 la Personne au b\u00e9n\u00e9fice de   Madame TAILLIER\nEdwige en qualit\u00e9 d'entrepreneur individuel situ\u00e9 30 Ronde Alpilles - 13118 ISTRES 6\nDirection R\u00e9gionale des Douanes\n13-2025-12-01-00068\nD\u00e9cision de d\u00e9l\u00e9gation 2025-4 du directeur\ninterr\u00e9gional des douanes de PACA-Corse pour\nles d\u00e9cisions autorisant les agents de la\ndirection1 \u00e0 b\u00e9n\u00e9ficier de la protection l\u00e9gale de\nl'identit\u00e9 des agents des douanes pr\u00e9vue \u00e0\nl'article L.286 BA du livre des proc\u00e9dures fiscales\nDirection R\u00e9gionale des Douanes - 13-2025-12-01-00068 - D\u00e9cision de d\u00e9l\u00e9gation 2025-4 du directeur interr\u00e9gional des douanes de\nPACA-Corse pour les d\u00e9cisions autorisant les agents de la direction1 \u00e0 b\u00e9n\u00e9ficier de la protection l\u00e9gale de l'identit\u00e9 des agents des\ndouanes pr\u00e9vue \u00e0 l'article L.286 BA du livre des proc\u00e9dures fiscales\n7\nDECISION DU DIRECTEUR INTERREGIONAL DES DOUANES ET DROITS INDIRECTSDE PROVENCE-ALPES-COTE D'AZUR-CORSE! |PORTANT DELEGATION DE SIGNATURE(N\u00b004-2025)\nVU le livre des proc\u00e9dures fiscales et notamment ses articles L.286 BA et R*286 BA-1 ;\nArticle 1'=\u2014 Recoivent d\u00e9l\u00e9gation permanente \u00e0 l'effet de signer en mon nom, et dans la limite de leursattributions, les agents ayant au moins le grade de directeur des services douaniers ou un grade \u00e9quivalentdont les nom, pr\u00e9nom et grade sont repris en annexe de la pr\u00e9sente d\u00e9cision, pour les d\u00e9cisions autorisant lesagents de la direction' \u00e0 b\u00e9n\u00e9ficier de la protection l\u00e9gale de l'identit\u00e9 des agents des douanes pr\u00e9vue \u00e0l'article L.286 BA du livre des proc\u00e9dures fiscales, en cas de risque pour leur vie, leur int\u00e9grit\u00e9 physique oucelles de leurs proches, en mati\u00e8re de contributions indirectes.Article 2 \u2014 La pr\u00e9sente d\u00e9cision et son annexe, sont publi\u00e9es au recueil des actes administratifs dud\u00e9partement du si\u00e8ge de la direction interr\u00e9gionale et de celui du b\u00e9n\u00e9ficiaire de la d\u00e9l\u00e9gation de signature sice b\u00e9n\u00e9ficiaire est en poste dans un d\u00e9partement diff\u00e9rent de celui du si\u00e8ge de la direction.\nFait \u00e0 Marseille, le 1\u00b0 d\u00e9cembre 2025Original sign\u00e9Franck TESTANIERE\n| Retenir la mention ad\u00e9quate selon la direction concern\u00e9e [interr\u00e9gion, direction r\u00e9gionale dans les d\u00e9partementsd'outre-mer (DOM) ou direction \u00e0 comp\u00e9tence nationale]\nNwll s'agit ici, selon le cas, des directions interr\u00e9gionales, directions r\u00e9gionales (pour les DOM) et directions acomp\u00e9tence nationale.\nDirection R\u00e9gionale des Douanes - 13-2025-12-01-00068 - D\u00e9cision de d\u00e9l\u00e9gation 2025-4 du directeur interr\u00e9gional des douanes de\nPACA-Corse pour les d\u00e9cisions autorisant les agents de la direction1 \u00e0 b\u00e9n\u00e9ficier de la protection l\u00e9gale de l'identit\u00e9 des agents des\ndouanes pr\u00e9vue \u00e0 l'article L.286 BA du livre des proc\u00e9dures fiscales\n8\nANNEXEA LA DECISION N\u00b02025/4 DU DIRECTEUR INTERREGIONAL DES DOUANES ET DROITS INDIRECTSDE PROVENCE ALPES-COTE D'AZUR-CORSE 'PORTANT DELEGATION DE SIGNATURE POUR LES D\u00c9CISIONS AUTORISANT LES AGENTS DE LA DIRECT! ION? A B\u00c9N\u00c9FICIER DE LA PROTECTION L\u00c9GALE DE L'IDENTIT\u00c9 DESAGENTS DES DOUANES PR\u00c9VUE \u00c0 L'ARTICLE L286 BA DU LIVRE DES PROCEDURES FISCALES, EN CAS DE RISQUE POUR LEUR VIE, LEUR INTEGRITE PHYSIQUE OU CELLES DELEURS PROCHES, EN MATIERE DE CONTRIBUTIONS INDIRECTES,pu 1 D\u00c9CEMBRE 2025\n-\nNom pr\u00e9nom GradePERUILHE G\u00e9rard DIRECTEUR DES SERVICES DOUANIERS IERE CLSOULA Myriam DIRECTEUR DES SERVICES DOUANIERS IERE CLLAFAGE Svlvic DIRECTEUR PPAL SERVICES DOUANIERSPASQUIER Alexandra DIRECTEUR DES SERVICES DOUANIERS IERE CLLACHAUX Michacl DIRECTEUR DES SERVICES DOUANIERS IERE CLDUREL St\u00e9phane DIRECTEUR DES SERVICES DOUANIERS IERE CLSALES J\u00e9r\u00f4me DIRECTEUR DES SERVICES DOUANIERS 2ECLPAPAZIAN Alexis DIRECTEUR DES SERVICES DOUANIERS 2E CLVERDURON Samantha DIRECTEUR DES SERVICES DOUANIERS 2ECLLECOMTE Sonia DIRECTEUR DES SERVICES DOUANIERS 2ECL\nLe\nQUENEHERVE Anne-Gaclle DIRECTEUR DES SERVICES DOUANIERS JERE CL\n1 Retenir la mention ad\u00e9quate selon la direction concern\u00e9e [interr\u00e9gion, direction r\u00e9gionale dans les d\u00e9partements d'outre-mer - DOM - o\u00f9 direction \u00e0 comp\u00e9tence nationale].2 Ils'agit ici, selon le cas, desdirections interr\u00e9gionales, directions r\u00e9gionales (pour les DOM) et directions \u00e0 comp\u00e9tence nationale.\nDirection R\u00e9gionale des Douanes - 13-2025-12-01-00068 - D\u00e9cision de d\u00e9l\u00e9gation 2025-4 du directeur interr\u00e9gional des douanes de\nPACA-Corse pour les d\u00e9cisions autorisant les agents de la direction1 \u00e0 b\u00e9n\u00e9ficier de la protection l\u00e9gale de l'identit\u00e9 des agents des\ndouanes pr\u00e9vue \u00e0 l'article L.286 BA du livre des proc\u00e9dures fiscales\n9\nDRFIP PACA et des Bouches-du-Rh\u00f4ne \n13-2025-12-02-00003\nArr\u00eat\u00e9 portant subd\u00e9l\u00e9gation de signature\nen mati\u00e8re de gestion des successions\nDRFIP PACA et des Bouches-du-Rh\u00f4ne  - 13-2025-12-02-00003 - Arr\u00eat\u00e9 portant subd\u00e9l\u00e9gation de signature\nen mati\u00e8re de gestion des successions 10\nExREPUBLIQUEFRAN\u00c7AISELibert\u00e9Egalit\u00e9Fraternit\u00e9\nTFINANCES PUBLIQUES\nDIRECTION G\u00c9N\u00c9RALE DES FINANCES PUBLIQUES\nDIRECTION R\u00c9GIONALE DES FINANCES PUBLIQUES\nDE PROVENCE-ALPES-COTE D'AZUR\nET DES BOUCHES-DU-RH\u00d4NE\n16, Rue Borde\n13 357 Marseille Cedex 20\nArr\u00eat\u00e9 portant subd\u00e9l\u00e9gation de signature\nen mati\u00e8re de gestion des successions\nLa directrice r\u00e9gionale des Finances publiques\nde Provence-Alpes-C\u00f4te d'Azur et du d\u00e9partement des Bouches-du-Rh\u00f4ne,\nLe pr\u00e9fet du d\u00e9partement des Bouches-du-Rh\u00f4ne,\nVu le d\u00e9cret n\u00b0 2004-374 du 29 avril 2004 relatif a ux pouvoirs des pr\u00e9fets, \u00e0 l'organisation et \u00e0 l'ac tion des\nservices de L'\u00c9tat dans les r\u00e9gions et d\u00e9partements ;\nVu le d\u00e9cret n\u00b0 2008-310 du 3 avril 2008 relatif \u00e0 la direction g\u00e9n\u00e9rale des Finances publiques ;\nVu le d\u00e9cret n\u00b0 2009-707 du 16 juin 2009 relatif aux services d\u00e9concentr\u00e9s de la direction g\u00e9n\u00e9rale des Finances\npubliques ;\nVu l'arr\u00eat\u00e9 interminist\u00e9riel du 23 d\u00e9cembre 2006 relatif \u00e0 l'organisation de la gestion de patrimoines priv\u00e9s et\nde biens priv\u00e9s, modifi\u00e9 par l'arr\u00eat\u00e9 interminist\u00e9riel du 21 d\u00e9cembre 2007 ;\nVu le code civil, notamment les articles 809 et suivants ;\nVu le code de proc\u00e9dure civile, notamment ses articles 1342 et suivants ;\nVu l'arr\u00eat\u00e9 pr\u00e9fectoral n\u00b013-2025-12-01-00038 du pr\u00e9fet des Bouches-du-Rh\u00f4ne en date du 1\ner d\u00e9cembre 2025\ndonnant d\u00e9l\u00e9gation de signature \u00e0 Mme Catherine BRI GANT, directrice r\u00e9gionale des Finances publiques d e\nProvence-Alpes-C\u00f4te d'Azur et du d\u00e9partement des Bouches-du-Rh\u00f4ne, \u00e0 l'effet de signer, dans la limite de ses\nattributions et comp\u00e9tences, tous les actes se rapp ortant \u00e0 l'administration provisoire des succession s non\nr\u00e9clam\u00e9es, \u00e0 la curatelle des successions vacantes,  \u00e0 la gestion et \u00e0 la liquidation des successions e n\nd\u00e9sh\u00e9rence dans le d\u00e9partement des Bouches-du-Rh\u00f4ne ;\nARRETE\nArt. 1 :  La d\u00e9l\u00e9gation de signature qui est conf\u00e9r\u00e9e \u00e0 Mme Catherine BRIGANT, directrice r\u00e9gionale des\nFinances publiques de Provence-Alpes-C\u00f4te d'Azur et du d\u00e9partement des Bouches-du-Rh\u00f4ne, par l'article  1er\nde l'arr\u00eat\u00e9 du 1er d\u00e9cembre 2025 accordant d\u00e9l\u00e9gation de signature \u00e0 Mme Catherine BRIGANT, \u00e0 l'effet de\nsigner, dans la limite de ses attributions et comp\u00e9 tences, tous les actes se rapportant \u00e0 l'administra tion\nprovisoire des successions non r\u00e9clam\u00e9es, \u00e0 la curatelle des successions vacantes, \u00e0 la gestion et \u00e0 la liquidation\ndes successions en d\u00e9sh\u00e9rence dans le d\u00e9partement des Bouches-du-Rh\u00f4ne, sera exerc\u00e9e par M. Yvan HUART,\nresponsable du p\u00f4le gestion publique et par M. C\u00e9dric BLIN, adjoint au responsable du p\u00f4le gestion publique.\n1/3\nDRFIP PACA et des Bouches-du-Rh\u00f4ne  - 13-2025-12-02-00003 - Arr\u00eat\u00e9 portant subd\u00e9l\u00e9gation de signature\nen mati\u00e8re de gestion des successions 11\nArt. 2 : En cas d'absence ou d'emp\u00eachement, la m\u00eame d\u00e9l\u00e9gat ion sera exerc\u00e9e par Mme G\u00e9raldine BAZIN,\nadministratrice des Finances publiques adjointe, responsable de la Division de l'\u00e9valuation domaniale et de la\ngestion des patrimoines priv\u00e9s, ou \u00e0 son d\u00e9faut par  Mme Isabelle THERON, inspectrice divisionnaire des\nFinances publiques, adjointe \u00e0 la responsable de la  Division de l'\u00e9valuation domaniale et de la gestion des\npatrimoines priv\u00e9s.\nArt. 3 : D\u00e9l\u00e9gation de signature est donn\u00e9e aux personnes in diqu\u00e9es en annexe du pr\u00e9sent arr\u00eat\u00e9, sans\nlimitation de montant, \u00e0 l'effet de signer :\n\u2013 tous les courriers, y compris les demandes de prise de possession de valeurs et autres biens d\u00e9tenus par des\ntiers relatifs \u00e0 l'administration provisoire des su ccessions non r\u00e9clam\u00e9es ou \u00e0 la curatelle des succe ssions\nvacantes\n(\u00b9) dont la gestion a \u00e9t\u00e9 confi\u00e9e au domaine ;\n\u2013 les inventaires pr\u00e9vus \u00e0 l'article 1344 du code de proc\u00e9dure civile ;\n\u2013 les re\u00e7us et d\u00e9charges d'objets, papiers, or, bij oux, sommes d'argent, carnets de caisse d'\u00e9pargne, titres et\nvaleurs mobili\u00e8res ;\n\u2013 les r\u00e9quisitions et proc\u00e8s-verbaux de lev\u00e9e de scell\u00e9s.\nArt. 4 : D\u00e9l\u00e9gation de signature est donn\u00e9e aux personnes et dans la limite des montants indiqu\u00e9s en annexe\ndu pr\u00e9sent arr\u00eat\u00e9, \u00e0 l'effet de signer :\n\u2013 tous les actes administratifs se rapportant \u00e0 l'a ppr\u00e9hension, la gestion et la liquidation des succe ssions, y\ncompris en d\u00e9sh\u00e9rence, qui ont \u00e9t\u00e9 confi\u00e9es au Domaine ;\n\u2013 la d\u00e9livrance de legs particuliers ;\n\u2013 la r\u00e9gularisation des actes notari\u00e9s engag\u00e9s par le d\u00e9funt de son vivant ;\n\u2013 la signature des actes notari\u00e9s relatifs aux cessions immobili\u00e8res.\nArt. 5 : D\u00e9l\u00e9gation est \u00e9galement donn\u00e9e aux personnes indiqu\u00e9es en annexe du pr\u00e9sent arr\u00eat\u00e9, sans limitation\nde montant, \u00e0 effet de proc\u00e9der \u00e0 l'ouverture de to us coffres-forts lou\u00e9s par une personne dont\nl'administration et la liquidation de la succession a \u00e9t\u00e9 confi\u00e9e au Domaine, et d'en retirer les objets qui y sont\ncontenus.\nArt. 6 :  Le pr\u00e9sent arr\u00eat\u00e9 abroge l'arr\u00eat\u00e9 n\u00b013-2025-11-14- 00004 du 14 novembre 2025 publi\u00e9 au recueil des\nactes administratifs sp\u00e9cial n\u00b013-2025-346 du 14 novembre 2025.\nArt. 7 : Le pr\u00e9sent arr\u00eat\u00e9 sera publi\u00e9 au recueil des actes administratifs de la pr\u00e9fecture.\n\u00c0 Marseille, le 2 d\u00e9cembre 2025\nLa directrice r\u00e9gionale des Finances publiques de\nProvence-Alpes-C\u00f4te d'Azur et du d\u00e9partement\ndes Bouches-du-Rh\u00f4ne\nSign\u00e9\nCatherine BRIGANT\n(\u00b9) pr\u00e9vus aux articles 810 et suivants du code civil pour les d\u00e9c\u00e8s post\u00e9rieurs au 01/01/2007 (Loi du 23 juin 2006) et aux anciens articles 811 et\nsuivants du code civil pour les d\u00e9c\u00e8s ant\u00e9rieurs au 01/01/2007 (Loi du 20 novembre 1940 et arr\u00eat\u00e9 du 2 novembre 1971).\n2/3\nDRFIP PACA et des Bouches-du-Rh\u00f4ne  - 13-2025-12-02-00003 - Arr\u00eat\u00e9 portant subd\u00e9l\u00e9gation de signature\nen mati\u00e8re de gestion des successions 12\nANNEXE 1 : Liste des subd\u00e9l\u00e9gataires\nNOM \u2013 Pr\u00e9nom Grade Montant maximum de la\nsubd\u00e9l\u00e9gation\n(en \u20ac)\nBAZIN G\u00e9raldine Administratrice des Finances\npubliques adjointe (AFIPA) Sans limite de montant\nTHERON Isabelle Inspecteur divisionnaire\n(IDIV) Sans limite de montant\nDEMATHIEUX Jean-Marc Inspecteur 300 000 \u20ac\nGROS Laurent Inspecteur 300 000 \u20ac\nCOLIN Guillaume Contr\u00f4leur Principal 50 000 \u20ac\nBONDU Johanna Contr\u00f4leur 50 000 \u20ac\nDAGNEAUX Sandrine Contr\u00f4leur 30 000 \u20ac\nMONTEAU St\u00e9phanie Contr\u00f4leur 30 000 \u20ac\n3/3\nDRFIP PACA et des Bouches-du-Rh\u00f4ne  - 13-2025-12-02-00003 - Arr\u00eat\u00e9 portant subd\u00e9l\u00e9gation de signature\nen mati\u00e8re de gestion des successions 13\nDRFIP PACA et des Bouches-du-Rh\u00f4ne \n13-2025-12-02-00001\nArr\u00eat\u00e9 portant subd\u00e9l\u00e9gation de signature du\npouvoir adjudicateur et d'ordonnancement\nsecondaire\nDRFIP PACA et des Bouches-du-Rh\u00f4ne  - 13-2025-12-02-00001 - Arr\u00eat\u00e9 portant subd\u00e9l\u00e9gation de signature du pouvoir adjudicateur et\nd'ordonnancement secondaire 14\nExREPUBLIQUEFRAN\u00c7AISELibert\u00e9Egalit\u00e9Fraternit\u00e9\nTFINANCES PUBLIQUES\nDIRECTION G\u00c9N\u00c9RALE DES FINANCES PUBLIQUES\nDIRECTION R\u00c9GIONALE DES FINANCES PUBLIQUES\nDE PROVENCE-ALPES-COTE D'AZUR\nET DES BOUCHES-DU-RH\u00d4NE\n16, Rue Borde\n13 357 Marseille Cedex 20\nArr\u00eat\u00e9 portant subd\u00e9l\u00e9gation de signature\nPouvoir adjudicateur / Ordonnancement secondaire\nLa responsable du p\u00f4le pilotage et ressources\nde la direction r\u00e9gionale des Finances publiques de Provence-Alpes-C\u00f4te d'Azur\net du d\u00e9partement des Bouches-du-Rh\u00f4ne,\nVu le d\u00e9cret n\u00b0 2004-374 du 29 avril 2004, relatif aux pouvoirs des pr\u00e9fets, \u00e0 l'organisation et \u00e0 l'a ction des\nservices de l'\u00c9tat dans les r\u00e9gions et les d\u00e9partem ents et notamment son article 38, modifi\u00e9 par le d\u00e9 cret\nn\u00b02010-687 du 24 juin 2010 ;\nVu le d\u00e9cret n\u00b0 2009-707 du 16 juin 2009 modifi\u00e9 relatif aux services d\u00e9concentr\u00e9s de la direction g\u00e9n\u00e9rale des\nFinances publiques ;\nVu le d\u00e9cret n\u00b0 2012-1246 du 7 novembre 2012 relatif \u00e0 la gestion budg\u00e9taire et comptable publique ;\nVu le d\u00e9cret du 18 f\u00e9vrier 2020 portant nomination de Mme Andr\u00e9e AMMIRATI, administratrice g\u00e9n\u00e9rale de s\nFinances publiques, et l'affectant \u00e0 la direction r \u00e9gionale des Finances publiques de Provence-Alpes-C \u00f4te\nd'Azur et du d\u00e9partement des Bouches-du-Rh\u00f4ne ;\nVu l'arr\u00eat\u00e9 minist\u00e9riel du 9 juin 2010 portant cr\u00e9a tion de la direction r\u00e9gionale des Finances publiqu es de\nProvence \u2212 Alpes-C\u00f4te d'Azur et du d\u00e9partement des Bouches-du-Rh\u00f4ne ;\nVu l'arr\u00eat\u00e9 pr\u00e9fectoral n\u00b013-2025-12-01-00037 du 1\ner d\u00e9cembre 2025 donnant d\u00e9l\u00e9gation de signature \u00e0\nMadame Catherine BRIGANT, directrice r\u00e9gionale des Finances publiques de Provence-Alpes-C\u00f4te d'Azur et du\nd\u00e9partement des Bouches-du-Rh\u00f4ne et \u00e0 Madame Andr\u00e9e AMMIRATI, administratrice de l'\u00c9tat, responsable du\np\u00f4le pilotage et ressources, pour les actes relevant du pouvoir adjudicateur ;\nVu l'arr\u00eat\u00e9 pr\u00e9fectoral n\u00b013-2025-12-01-00035 du 1 er d\u00e9cembre 2025 donnant d\u00e9l\u00e9gation de signature en\nmati\u00e8re d'ordonnancement secondaire \u00e0 Madame Andr\u00e9e AMMIRATI, administratrice de l'\u00c9tat, responsable du\np\u00f4le pilotage et ressources de la direction r\u00e9gionale des Finances publiques de Provence-Alpes-C\u00f4te d'Azur et\ndu d\u00e9partement des Bouches-du-Rh\u00f4ne ;\n1/5\nDRFIP PACA et des Bouches-du-Rh\u00f4ne  - 13-2025-12-02-00001 - Arr\u00eat\u00e9 portant subd\u00e9l\u00e9gation de signature du pouvoir adjudicateur et\nd'ordonnancement secondaire 15\nArticle 1 : D\u00e9l\u00e9gation de signature est donn\u00e9e aux personnes dont les noms suivent :\nGRADE NOM PR\u00c9NOM\nAdministrateur de l'\u00c9tat BEAUVIEUX Camille\nAdministrateur de l'\u00c9tat BOTTO Jean-Louis\nAdministrateur de l'\u00c9tat NIEL Jean-Marc\nAdministrateur des Finances publiques adjoint DAGUSE Catherine\nAdministrateur des Finances publiques adjoint KOEHL N atacha\nAdministrateur des Finances publiques adjoint RACOUC HOT Christophe\nAdministrateur des Finances publiques adjoint ROUCOU LE Olivier\nInspecteur principal des Finances publiques FABRE Ali ne\nInspecteur principal des Finances publiques HOUOT Thi erry\nInspecteur principal des Finances publiques KORAICH A fafe\nInspecteur principal des Finances publiques PEYRARD G uillaume\nInspecteur divisionnaire des Finances publiques GAMB INI Christine\nInspecteur divisionnaire des Finances publiques JEAN GEORGES Nathalie\nInspecteur divisionnaire des Finances publiques RAYN AUD Sandrine\nInspecteur divisionnaire des Finances publiques WILL IG St\u00e9phane\nInspecteur des Finances publiques CHEVALIER \u00c9ric \nInspecteur des Finances publiques DAYAN Val\u00e9rie\nInspecteur des Finances publiques DELONCA Chantal\nInspecteur des Finances publiques EL JAOUADI Ramzi\nInspecteur des Finances publiques FRAUCIEL Maryline\nInspecteur des Finances publiques HAUTCLOCQ Laurent\nInspecteur des Finances publiques LE Jessica\nInspecteur des Finances publiques LE PIMPEC Emmanuell e\nInspecteur des Finances publiques MARY \u00c9lodie\nInspecteur des Finances publiques NOBLE Lisa\nInspecteur des Finances publiques RUDELIN Alexandre\nInspecteur des Finances publiques VERGUES Isabelle\n\u00e0 l'effet de :\n\u2794 signer, dans la limite de leurs attributions et com p\u00e9tences, tout document, acte, d\u00e9cision, contrat,\nconclusion, m\u00e9moire et, d'une fa\u00e7on plus g\u00e9n\u00e9rale, tous les actes relevant du pouvoir adjudicateur et tous\nles actes se traduisant par l'ordonnancement de d\u00e9penses ou de recettes se rapportant au fonctionnement\nou \u00e0 l'\u00e9quipement de la direction r\u00e9gionale des fin ances publiques de Provence-Alpes-C\u00f4te d'Azur et du\nd\u00e9partement des Bouches-du-Rh\u00f4ne, ainsi que l'ordon nancement de toute recette se rapportant aux\nattributions et activit\u00e9s de la direction r\u00e9gionale  des finances publiques de Provence-Alpes-C\u00f4te d'Azur et\ndu d\u00e9partement des Bouches-du-Rh\u00f4ne ;\n\u2794 recevoir les cr\u00e9dits des programmes suivants :\nn\u00b0 156 \u00ab Gestion fiscale et financi\u00e8re de L'\u00c9tat et du secteur public local \u00bb\nn\u00b0 218 \u00ab Conduite et pilotage des politiques \u00e9conomiques et financi\u00e8res \u00bb\nn\u00b0 348 \u00ab Performance et r\u00e9silience des b\u00e2timents de l'\u00c9tat et des op\u00e9rateurs \u00bb\nn\u00b0 723 \u00ab Op\u00e9rations immobili\u00e8res et entretien des b\u00e2timents de l'\u00c9tat \u00bb\n2/5\nDRFIP PACA et des Bouches-du-Rh\u00f4ne  - 13-2025-12-02-00001 - Arr\u00eat\u00e9 portant subd\u00e9l\u00e9gation de signature du pouvoir adjudicateur et\nd'ordonnancement secondaire 16\n\u2794 proc\u00e9der \u00e0 l'ordonnancement secondaire des recettes et des d\u00e9penses de l'\u00c9tat imput\u00e9es sur les titres 2, 3\net 5 des programmes pr\u00e9cit\u00e9s.\nCette d\u00e9l\u00e9gation porte sur l'engagement, la liquida tion et le mandatement des d\u00e9penses, ainsi que sur\nl'\u00e9mission et la signature des titres de recettes.\n\u2794 signer, dans la limite de leurs attributions et com p\u00e9tences, toute d\u00e9claration de conformit\u00e9 en mati\u00e8r e\nd'op\u00e9rations d'inventaire et, d'une fa\u00e7on plus g\u00e9n\u00e9rale, tous les actes se traduisant par la constatat ion des\ndroits et obligations et l'inventaire des biens se rapportant \u00e0 l'activit\u00e9 financi\u00e8re de la direction r\u00e9gionale\ndes finances publiques de Provence-Alpes-C\u00f4te d'Azur et du d\u00e9partement des Bouches-du-Rh\u00f4ne ;\nArticle 2 \u2013 D\u00e9l\u00e9gation de signature est donn\u00e9e aux personnes dont les noms suivent :\nGRADE NOM PR\u00c9NOM\nInspecteur des Finances publiques FRAUCIEL Maryline\nAgent administratif principal des Finances publiques ENTAKLI Halim\nAgent administratif des Finances publiques BENYAHIA S \u00e9lima\n\u00e0 l'effet de :\n\u2013 initier les demandes d'achat dans Chorus ;\n\u2013 saisir le service fait dans Chorus Formulaire.\nArticle 3 \u2013 D\u00e9l\u00e9gation de signature est donn\u00e9e aux personnes dont les noms suivent :\nGRADE NOM PR\u00c9NOM\nInspecteur divisionnaire des Finances publiques JEAN GEORGES Nathalie\nInspecteur divisionnaire des Finances publiques WILL IG St\u00e9phane\nInspecteur des Finances publiques LE PIMPEC Emmanuell e\nInspecteur des Finances publiques LE Jessica\nContr\u00f4leur des Finances publiques JANAUDY Laurent\nContr\u00f4leur des Finances publiques RAGGI Fran\u00e7oise\nContr\u00f4leur des Finances publiques NOUAR Lilia\nContr\u00f4leur des Finances publiques GARNIER Sabrina\nContr\u00f4leur principal des Finances publiques LE GALL B enoit\nContractuelle B GROZEA-MEMBRIBE Gabriela\nAgent administratif des Finances publiques MARCEL Ali cia\nAgent administratif des Finances publiques AMICO Clai re\n\u00e0 l'effet de :\n\u2013 valider les demandes d'achat dans Chorus Formulaires ;\n\u2013 cr\u00e9er des tiers clients dans la base tiers chorus ;\n\u2013 valider le service fait dans Chorus Formulaire ;\n\u2013 r\u00e9aliser des demandes de factures externes, inter nes et des recettes au comptant ainsi que des\ndemandes de r\u00e9tablissement de cr\u00e9dit sur les progra mmes n\u00b0 156 \u00ab Gestion fiscale et financi\u00e8re de\nl'\u00c9tat et du secteur public local \u00bb et n\u00b0 218 \u00ab Con duite et pilotage des politiques \u00e9conomique et\nfinanci\u00e8re \u00bb dans Chorus et dans Chorus formulaires.\n3/5\nDRFIP PACA et des Bouches-du-Rh\u00f4ne  - 13-2025-12-02-00001 - Arr\u00eat\u00e9 portant subd\u00e9l\u00e9gation de signature du pouvoir adjudicateur et\nd'ordonnancement secondaire 17\nArticle 4 \u2013 D\u00e9l\u00e9gation de signature est donn\u00e9e aux personnes dont les noms suivent :\nGRADE NOM PRENOM\nContr\u00f4leur principal des Finances publiques DOISELET Pascale\nContr\u00f4leur principal des Finances publiques PERAZITC H H\u00e9l\u00e8ne\nContr\u00f4leur des Finances publiques ALLIAUD Catherine\nContr\u00f4leur des Finances publiques YOHIA Monique\n\u00e0 l'effet de :\n\u2013 valider le tableau des titres de perception dans Chorus Formulaires ;\n\u2013 saisir les demandes d'annulation des titres de perception dans Chorus Formulaires ;\n\u2013 saisir les demandes de cr\u00e9ation de titres manuels de perception dans Chorus Formulaires ;\n\u2013 r\u00e9aliser des demandes de factures externes, internes et des recettes au comptant.\nArticle 5 \u2013  D\u00e9l\u00e9gation de signature est donn\u00e9e aux personnes e n fonction au sein du secteur Gestion-\nValorisation du P\u00f4le R\u00e9gional de l'Immobilier de l'\u00c9tat et dont les noms suivent :\nGRADE NOM PR\u00c9NOM\nInspecteur des Finances publiques BOCASSIAN Nathalie\nInspecteur des Finances publiques BRUNIAUX-RAMONET He rv\u00e9\nInspecteur des Finances publiques CHIGRI Zineb\nInspecteur des Finances publiques COPPA Erika\nInspecteur des Finances publiques EL-HATTAB Yassine\nInspecteur des Finances publiques MARTRA Charl\u00e8ne\nInspecteur des Finances publiques MUSCATELLI Orane\nInspecteur des Finances publiques PATANE St\u00e9phanie\nInspecteur des Finances publiques SCOTTI C\u00e9line\nInspecteur des Finances publiques TRAMONI Olivier\nContr\u00f4leur des Finances publiques MERCIER Jennifer\n\u00e0 l'effet de :\n\u2013 Initier les demandes d'achat dans Chorus Formulaires ;\n\u2013 Valider le service fait dans Chorus Formulaires ;\nArticle 6 \u2013 D\u00e9l\u00e9gation de signature est donn\u00e9e aux personnes en fonction \u00e0 la division des ressources\nhumaines, de la formation et du recrutement et dont les noms suivent :\nGRADE NOM PR\u00c9NOM\nAgent administratif des Finances publiques ROMAN Maur ice\npour le remboursement des frais de d\u00e9placement et l'utilisation des portails de r\u00e9servation en ligne des billets\nde transport ferroviaire et billets d'avion.\n4/5\nDRFIP PACA et des Bouches-du-Rh\u00f4ne  - 13-2025-12-02-00001 - Arr\u00eat\u00e9 portant subd\u00e9l\u00e9gation de signature du pouvoir adjudicateur et\nd'ordonnancement secondaire 18\nArticle 7 \u2013 Cet arr\u00eat\u00e9 abroge l'arr\u00eat\u00e9 n\u00b013-2025-11-12-00013 d u 12 novembre 2025 publi\u00e9 au recueil des actes\nadministratifs sp\u00e9cial n\u00b013-2025-334 du 13 novembre 2025.\nLe pr\u00e9sent arr\u00eat\u00e9 sera publi\u00e9 au recueil des actes administratifs du d\u00e9partement.\n\u00c0 Marseille, le 2 d\u00e9cembre 2025\nL'administratrice de l'\u00c9tat,\nresponsable du p\u00f4le pilotage et ressources\nde la direction r\u00e9gionale des Finances publiques de\nProvence-Alpes-C\u00f4te d'Azur et du d\u00e9partement\ndes Bouches-du-Rh\u00f4ne\nSign\u00e9\nAndr\u00e9e AMMIRATI\n5/5\nDRFIP PACA et des Bouches-du-Rh\u00f4ne  - 13-2025-12-02-00001 - Arr\u00eat\u00e9 portant subd\u00e9l\u00e9gation de signature du pouvoir adjudicateur et\nd'ordonnancement secondaire 19\nDRFIP PACA et des Bouches-du-Rh\u00f4ne \n13-2025-12-02-00004\nArr\u00eat\u00e9 portant subd\u00e9l\u00e9gation de signature en\nmati\u00e8re de gestion domaniale\nDRFIP PACA et des Bouches-du-Rh\u00f4ne  - 13-2025-12-02-00004 - Arr\u00eat\u00e9 portant subd\u00e9l\u00e9gation de signature en mati\u00e8re de gestion\ndomaniale 20\nREPUBLIQUEFRANCAISELibert\u00e9Egalit\u00e9Fraternit\u00e9\nTFINANCES PUBLIQUES\nDIRECTION G\u00c9N\u00c9RALE DES FINANCES PUBLIQUES\nDIRECTION R\u00c9GIONALE DES FINANCES PUBLIQUES\nDE PROVENCE-ALPES-COTE D'AZUR\nET DES BOUCHES-DU-RH\u00d4NE\n16, Rue Borde\n13 357 Marseille Cedex 20\nArr\u00eat\u00e9 portant subd\u00e9l\u00e9gation de signature\nen mati\u00e8re de gestion domaniale\nLa directrice r\u00e9gionale des Finances publiques\nde Provence-Alpes-C\u00f4te d'Azur et du d\u00e9partement des Bouches-du-Rh\u00f4ne,\nLe pr\u00e9fet de la r\u00e9gion Provence-Alpes-C\u00f4te d'Azur, pr\u00e9fet des Bouches-du-Rh\u00f4ne,\nVu le d\u00e9cret n\u00b0 2004-374 du 29 avril 2004 relatif a ux pouvoirs des pr\u00e9fets, \u00e0 l'organisation et \u00e0 l'ac tion des\nservices de L'\u00c9tat dans les r\u00e9gions et d\u00e9partements ;\nVu le d\u00e9cret n\u00b0 2008-310 du 3 avril 2008 relatif \u00e0 la direction g\u00e9n\u00e9rale des Finances publiques ;\nVu le d\u00e9cret n\u00b0 2009-707 du 16 juin 2009 relatif aux services d\u00e9concentr\u00e9s de la direction g\u00e9n\u00e9rale des Finances\npubliques ;\nVu l'arr\u00eat\u00e9 pr\u00e9fectoral n\u00b013-2025-12-01-00034 du pr\u00e9fet des Bouches-du-Rh\u00f4ne en date du 1\ner d\u00e9cembre 2025\ndonnant d\u00e9l\u00e9gation de signature \u00e0 Mme Catherine BRI GANT, directrice r\u00e9gionale des Finances publiques d e\nProvence-Alpes-C\u00f4te d'Azur et du d\u00e9partement des Bouches-du-Rh\u00f4ne ;\nArr\u00eate :\nArt. 1er. - La d\u00e9l\u00e9gation de signature qui est conf\u00e9r\u00e9e \u00e0 Mm e Catherine BRIGANT, directrice r\u00e9gionale des\nFinances publiques de Provence-Alpes-C\u00f4te d'Azur et  du d\u00e9partement des Bouches-du-Rh\u00f4ne, par l'article\n1er de l'arr\u00eat\u00e9 du 1er d\u00e9cembre 2025 accordant d\u00e9l\u00e9gation de signature \u00e0 Mme Catherine BRIGANT sera exerc\u00e9e\npar M. Jean-Marc NIEL, responsable du p\u00f4le r\u00e9gional  de l'immobilier de l'\u00c9tat, s'agissant des op\u00e9ratio ns\nsuivantes :\nNum\u00e9ro Nature des attributions R\u00e9f\u00e9rences\n1\nToutes op\u00e9rations se rapportant \u00e0 la\npassation et \u00e0 la signature au nom de\nL'\u00c9tat  des  actes  de  gestion,\nd'utilisation et de cession des biens\ndomaniaux.\nArt. L 3112-1, L. 3212-2, R. 1111-2, R. 2123-2, R. 2123-8,\nR. 2222-1, R. 2222-6, R. 2222-9, R. 2222-15, R. 2222-24,\nR. 3211-3, R. 3211-4, R. 3211-6, R. 3211-7, R. 3211-25, R.\n3211-26, R. 3211-39, R. 3211-44 R. 3212-1 du code\ng\u00e9n\u00e9ral de la propri\u00e9t\u00e9 des personnes publiques, art.\nA. 116 du code du domaine de L'\u00c9tat, art. R. 322-8- 1\ndu code de l'environnement.\n2\nPassation au nom de L'\u00c9tat des actes\nd'acquisition, de prise en location\nd'immeubles et de droits immobiliers\nou de fonds de commerce int\u00e9ressant\nles services publics civils ou militaires\nde L'\u00c9tat.\nArt. R. 1212-1 et R. 4111-8 du code g\u00e9n\u00e9ral de la\npropri\u00e9t\u00e9 des personnes publiques.\n1/2\nDRFIP PACA et des Bouches-du-Rh\u00f4ne  - 13-2025-12-02-00004 - Arr\u00eat\u00e9 portant subd\u00e9l\u00e9gation de signature en mati\u00e8re de gestion\ndomaniale 21\n3\nAutorisation d'incorporation au \ndomaine public des biens du domaine \npriv\u00e9 de L'\u00c9tat.\nArt. R. 2111-1 du code g\u00e9n\u00e9ral de la propri\u00e9t\u00e9 des\npersonnes publiques.\n4\nToutes op\u00e9rations se rapportant \u00e0 la\npassation et \u00e0 la signature des\nconventions  d'utilisation  avec  le\nservice ou l'\u00e9tablissement utilisateur.\nArt. R. 2313-3 et R. 4121-2 du code g\u00e9n\u00e9ral de la\npropri\u00e9t\u00e9 des personnes publiques\n5 Attribution  des  concessions  de\nlogements.\nArt. R. 2124-67, R. 2222-18 et R. 4121-3 du code\ng\u00e9n\u00e9ral de la propri\u00e9t\u00e9 des personnes publiques. \n6\nInstances domaniales de toute nature\nautres que celles qui se rapportent \u00e0\nl'assiette et au recouvrement des\ndroits,  redevances  et  produits\ndomaniaux.\nArt. R. 2331-1-1\u00b0 et 2\u00b0, R. 2331-2, R. 2331-3, R. 2331-4,\nR. 2331-5, R. 2331-6, R. 3231-1, R. 3231-2 et R. 41 11-11\ndu code g\u00e9n\u00e9ral de la propri\u00e9t\u00e9 des personnes\npubliques.\nArt. 2. - En cas d'absence ou d'emp\u00eachement, la m\u00eame d\u00e9l\u00e9g ation sera exerc\u00e9e par M. Olivier ROUCOULE,\nadministrateur des Finances publiques adjoint, adjo int au responsable du p\u00f4le r\u00e9gional de l'immobilier  de\nl'\u00c9tat, ou \u00e0 d\u00e9faut par M. Thierry HOUOT, inspecteu r principal des Finances publiques ou Mme Sandrine\nRAYNAUD, inspectrice divisionnaire des Finances publiques, en qualit\u00e9 d'adjoints.\nArt. 3. \u2212 Le pr\u00e9sent arr\u00eat\u00e9 abroge l'arr\u00eat\u00e9 n\u00b013-2025-11-1 4-00005 du 14 novembre 2025 publi\u00e9 au recueil des\nactes administratifs sp\u00e9cial n\u00b013-2025-346 du 14 novembre 2025.\nArt. 4 \u2212 Le pr\u00e9sent arr\u00eat\u00e9 sera publi\u00e9 au recueil des actes administratifs de la pr\u00e9fecture.\n\u00c0 Marseille, le 2 d\u00e9cembre 2025\nLa directrice r\u00e9gionale des Finances publiques de\nProvence-Alpes-C\u00f4te d'Azur et du d\u00e9partement\ndes Bouches-du-Rh\u00f4ne\nSign\u00e9\nCatherine BRIGANT\n2/2\nDRFIP PACA et des Bouches-du-Rh\u00f4ne  - 13-2025-12-02-00004 - Arr\u00eat\u00e9 portant subd\u00e9l\u00e9gation de signature en mati\u00e8re de gestion\ndomaniale 22\nDRFIP PACA et des Bouches-du-Rh\u00f4ne \n13-2025-12-02-00002\nD\u00e9cision de la responsable du PPR portant\nd\u00e9l\u00e9gation de signature aux agents du CGF bloc\n3\nDRFIP PACA et des Bouches-du-Rh\u00f4ne  - 13-2025-12-02-00002 - D\u00e9cision de la responsable du PPR portant d\u00e9l\u00e9gation de signature aux\nagents du CGF bloc 3 23\nExREPUBLIQUEFRAN\u00c7AISELibert\u00e9Egalit\u00e9Fraternit\u00e9\nTtFINANCES PUBLIQUES\nDIRECTION G\u00c9N\u00c9RALE DES FINANCES PUBLIQUES\nDIRECTION R\u00c9GIONALE DES FINANCES PUBLIQUES\nDE PROVENCE-ALPES-COTE D'AZUR\nET DES BOUCHES-DU-RH\u00d4NE\n16, Rue Borde\n13 357 Marseille Cedex 20\nD\u00e9cision de la responsable du p\u00f4le pilotage et ressources\nportant d\u00e9l\u00e9gation de signature aux agents du centre de gestion financi\u00e8re bloc 3 plac\u00e9 sous l'autorit\u00e9 de la\ndirectrice r\u00e9gionale des Finances publiques de Provence \u2212 Alpes-C\u00f4te d'Azur et du d\u00e9partement des\nBouches-du-Rh\u00f4ne,\nLa responsable du p\u00f4le pilotage et ressources de la direction r\u00e9gionale des Finances publiques de Provence-\nAlpes-C\u00f4te d'Azur et du d\u00e9partement des Bouches-du-Rh\u00f4ne,\nVu le d\u00e9cret n\u00b0 2004-374 du 29 avril 2004 modifi\u00e9 r elatif aux pouvoirs des pr\u00e9fets, \u00e0 l'organisation e t \u00e0\nl'action des services de l'\u00c9tat dans les r\u00e9gions et les d\u00e9partements, notamment ses articles 38, 43 et 44 ;\nVu le d\u00e9cret n\u00b0 2009-208 du 20 f\u00e9vrier 2009 modifi\u00e9  relatif au statut particulier des administrateurs des\nFinances publiques ;\nVu le d\u00e9cret n\u00b0 2009-707 du 16 juin 2009 modifi\u00e9 re latif aux services d\u00e9concentr\u00e9s de la direction g\u00e9n \u00e9rale\ndes Finances publiques ;\nVu le d\u00e9cret n\u00b0 2012-1246 du 7 novembre 2012 modifi\u00e9 relatif \u00e0 la gestion budg\u00e9taire et comptable publique,\nnotamment son article 86-1 ;\nVu le d\u00e9cret du 18 f\u00e9vrier 2020 portant nomination de Mme Andr\u00e9e AMMIRATI, administratrice g\u00e9n\u00e9rale des\nFinances publiques, et l'affectant \u00e0 la direction r \u00e9gionale des Finances publiques de Provence-Alpes-C \u00f4te\nd'Azur et du d\u00e9partement des Bouches-du-Rh\u00f4ne ;\nVu l'arr\u00eat\u00e9 minist\u00e9riel du 21 d\u00e9cembre 2022 portant  nomination de Mme Andr\u00e9e AMMIRATI en tant que\ncheffe de p\u00f4le \u00e0 la direction r\u00e9gionale des Finances publiques de Provence-Alpes-C\u00f4te d'Azur ;\nVu l'arr\u00eat\u00e9 minist\u00e9riel du 21 d\u00e9cembre 2023 portant renouvellement de Mme Andr\u00e9e AMMIRATI en tant que\ncheffe de p\u00f4le \u00e0 la direction r\u00e9gionale des Finance s publiques de Provence-Alpes-C\u00f4te d'Azur jusqu'au\n31 d\u00e9cembre 2026 ;\nVu l'arr\u00eat\u00e9 pr\u00e9fectoral n\u00b0 13-2025-12-01-00035 du 1\ner d\u00e9cembre 2025 donnant d\u00e9l\u00e9gation de signature en\nmati\u00e8re d'ordonnancement secondaire \u00e0 Mme Andr\u00e9e AM MIRATI, administratrice de l'\u00c9tat, responsable du\np\u00f4le pilotage et ressources de la direction r\u00e9giona le des Finances publiques de Provence-Alpes-C\u00f4te d'Azur\net du d\u00e9partement des Bouches-du-Rh\u00f4ne.\nD\u00e9cide :\nArticle 1er\nD\u00e9l\u00e9gation est donn\u00e9e \u00e0 l'effet de signer tous acte s relatifs \u00e0 l'ex\u00e9cution des op\u00e9rations de d\u00e9penses  pour\nlesquelles j'ai re\u00e7u d\u00e9l\u00e9gation par arr\u00eat\u00e9 pr\u00e9fecto ral du 1 er d\u00e9cembre 2025 susvis\u00e9, dans la limite de leurs\nattributions au sein du centre de gestion financi\u00e8re, \u00e0 :\n- Mme Delphine PEYRE, inspectrice divisionnaire des  Finances publiques, responsable du centre de gesti on\nfinanci\u00e8re (CGF) bloc 3 ;\n- Mme C\u00e9cile BARCELLONA, inspectrice des Finances publiques, adjointe de la responsable du CGF bloc 3 ;\n- Mme Marina ALARCON, contr\u00f4leuse des Finances publ iques, charg\u00e9e de prestations comptables et\nfinanci\u00e8res ;\n- Mme Isabelle BENCHAOULIA, contr\u00f4leuse des Finance s publiques, charg\u00e9e de prestations comptables et\nfinanci\u00e8res ;\n- M. Fabien BOTTALE, contr\u00f4leur des Finances publiques, charg\u00e9 de prestations comptables et financi\u00e8res ;\n1/3\nDRFIP PACA et des Bouches-du-Rh\u00f4ne  - 13-2025-12-02-00002 - D\u00e9cision de la responsable du PPR portant d\u00e9l\u00e9gation de signature aux\nagents du CGF bloc 3 24\n- M. Laurent BONNET, contr\u00f4leur des Finances publiques, r\u00e9f\u00e9rent ;\n- M. Philippe CERVI, contr\u00f4leur des Finances publiques, r\u00e9f\u00e9rent ;\n- Mme  Fabienne GARIGLIO, contr\u00f4leuse des Finances p ubliques,  charg\u00e9e de prestations comptables et\nfinanci\u00e8res ;\n- M. St\u00e9phane JANIN, contr\u00f4leur des Finances publiques, charg\u00e9 de prestations comptables et financi\u00e8res ;\n- Mme C\u00e9line MASEGOSA, contr\u00f4leuse des Finances publiques, r\u00e9f\u00e9rente ;\n- Mme Fabienne VERCUEIL, contr\u00f4leuse des Finances p ubliques, charg\u00e9e de prestations comptables et\nfinanci\u00e8res ;\n- M. Christophe DOLLE, contr\u00f4leur des Finances publiques, charg\u00e9 de prestations comptables et financi\u00e8res ;\n- M. Nicolas BOSIO, agent administratif des Finance s publiques,  charg\u00e9 de prestations comptables et\nfinanci\u00e8res ;\n- Mme Val\u00e9rie CARULLO, agente administrative des Finances publiques, charg\u00e9e de prestations comptables et\nfinanci\u00e8res ;\n- M. Fr\u00e9d\u00e9ric CICCARELLI, agent principal des Finan ces publiques,  charg\u00e9 de prestations comptables et\nfinanci\u00e8res ;\n- Mme Souad DHAHERI, agente administrative des Fina nces publiques, charg\u00e9e de prestations comptables e t\nfinanci\u00e8res ;\n- Mme Adeline ROBLES, agente administrative des Fin ances publiques, charg\u00e9e de prestations comptables et\nfinanci\u00e8res ;\n- Mme Tifany ROY, agente administrative des Finance s publiques, charg\u00e9e de prestations comptables et\nfinanci\u00e8res ;\n- M. Arnaud MARTINEZ, agent technique principal des  Finances publiques, charg\u00e9 de prestations comptabl es\net financi\u00e8res.\n- Mme Agn\u00e8s SUELVES, agente administrative des Fina nces publiques, charg\u00e9e de prestations comptables e t\nfinanci\u00e8res ;\n- Mme Delphine ROSE, agente administrative des Fina nces publiques, charg\u00e9e de prestations comptables e t\nfinanci\u00e8res ;\n- Mme Sabrina ZEMOULIA, agente contractuelle des Finances publiques, charg\u00e9e de prestations comptables et\nfinanci\u00e8res\n- M. G\u00e9rard DI CARLO, contr\u00f4leur des Finances publiques, \u00e9quipier de renfort ;\n- Mme C\u00e9line GUILLET, contr\u00f4leuse des Finances publiques, \u00e9quipi\u00e8re de renfort.\nArticle 2\nD\u00e9l\u00e9gation de signature est donn\u00e9e en tant que responsables de la Comptabilit\u00e9 Auxiliaire des Immobilisations\n\u00e0 :\n- Mme Delphine PEYRE, inspectrice divisionnaire des Finances publiques ;\n- Mme C\u00e9cile BARCELLONA, inspectrice des Finances publiques ;\n- Mme Marina ALARCON, contr\u00f4leuse des Finances publiques ;\n- Mme Isabelle BENCHAOULIA, contr\u00f4leuse des Finances publiques ;\n- M. St\u00e9phane JANIN, contr\u00f4leur des Finances publiques.\n2/3\nDRFIP PACA et des Bouches-du-Rh\u00f4ne  - 13-2025-12-02-00002 - D\u00e9cision de la responsable du PPR portant d\u00e9l\u00e9gation de signature aux\nagents du CGF bloc 3 25\nArticle 3\nPar d\u00e9rogation \u00e0 l'article 1er, demeurent r\u00e9serv\u00e9s \u00e0 ma signature les actes de prescription de ces op\u00e9rations.\nArticle 4\nLa pr\u00e9sente d\u00e9cision abroge l'acte n\u00b0 13-2025-11-12 -00014 du 12 novembre 2025 publi\u00e9 au recueil des ac tes\nadministratifs n\u00b013-2025-334 du 13 novembre 2025.\nLa pr\u00e9sente d\u00e9cision sera publi\u00e9e au recueil des actes administratifs de la pr\u00e9fecture des Bouches du Rh\u00f4ne.\n\u00c0 Marseille, le 2 d\u00e9cembre 2025\nL'administratrice de l'\u00c9tat,\nresponsable du p\u00f4le pilotage et ressources de la\ndirection r\u00e9gionale des Finances publiques de\nProvence-Alpes-C\u00f4te d'Azur et du d\u00e9partement\ndes Bouches-du-Rh\u00f4ne\nSign\u00e9\nAndr\u00e9e AMMIRATI\n3/3\nDRFIP PACA et des Bouches-du-Rh\u00f4ne  - 13-2025-12-02-00002 - D\u00e9cision de la responsable du PPR portant d\u00e9l\u00e9gation de signature aux\nagents du CGF bloc 3 26\nPr\u00e9fecture des Bouches-du-Rhone\n13-2025-12-01-00069\nArr\u00eat\u00e9 du 1er d\u00e9cembre 2025\nfixant la composition du jury professionnel pour\nla titularisation d'un agent contractuel\nhandicap\u00e9 dans le corps des adjoints\nadministratifs du minist\u00e8re de l'Int\u00e9rieur et de\nl'outre-mer au titre de l'ann\u00e9e 2024\nPr\u00e9fecture des Bouches-du-Rhone - 13-2025-12-01-00069 - Arr\u00eat\u00e9 du 1er d\u00e9cembre 2025\nfixant la composition du jury professionnel pour la titularisation d'un agent contractuel handicap\u00e9 dans le corps des adjoints\nadministratifs du minist\u00e8re de l'Int\u00e9rieur et de l'outre-mer au titre de l'ann\u00e9e 2024\n27\nPREFETDES BOUCHES-DU-RHONELibert\u00e9Egalit\u00e9Fraternit\u00e9\n  Secr\u00e9tariat G\u00e9n\u00e9ral Commun\nService des Ressources Humaines\nMission du d\u00e9veloppement des ressources humaines\nArr\u00eat\u00e9 du 1er d\u00e9cembre 2025\nfixant la composition du jury professionnel pour la titularisation d'un agent contractuel \nhandicap\u00e9 dans le corps des adjoints administratifs du minist\u00e8re de l'Int\u00e9rieur et de l'outre-mer \nau titre de l'ann\u00e9e 2024\nLe pr\u00e9fet de la r\u00e9gion Provence-Alpes-C\u00f4te-d'Azur\npr\u00e9fet de la zone de d\u00e9fense et de s\u00e9curit\u00e9 Sud, \npr\u00e9fet des Bouches-du-Rh\u00f4ne\nVu le code g\u00e9n\u00e9ral de la fonction publique ;\nVu le d\u00e9cret n\u00b086-83 du 17 janvier 1986 modifi\u00e9 relatif aux dispositions g\u00e9n\u00e9rales applicables  \naux agents titulaires de l'\u00c9tat pris pour l'application de l'article 7 de la loi n\u00b084-16 du 11 janvier  \nmodifi\u00e9e portant dispositions statutaires relatives \u00e0 la fonction publique de l'\u00c9tat ;\nVu  le  d\u00e9cret  n\u00b095-979  du  25  ao\u00fbt  1995  modifi\u00e9  relatif  au  recrutement  des  travailleurs \nhandicap\u00e9s dans la fonction publique pris pour l'application de l'article 27 de la loi n\u00b084-16 du  \n11 janvier 1984 modifi\u00e9e portant dispositions statutaires relatives \u00e0 la fonction publique de  \nl'\u00c9tat, notamment son article 8 ;\nVu le d\u00e9cret du 19 novembre 2025 portant nomination de monsieur Jacques WITKOWSKI\nen qualit\u00e9 de pr\u00e9fet de la r\u00e9gion Provence-Alpes-C\u00f4te d'Azur, pr\u00e9fet de la zone de d\u00e9fense \net de s\u00e9curit\u00e9 Sud, pr\u00e9fet des Bouches-du-Rh\u00f4ne ;\nVu le d\u00e9cret du 31 janvier 2025 portant nomination de monsieur Fr\u00e9d\u00e9ric POISOT en qualit\u00e9 de  \nsecr\u00e9taire g\u00e9n\u00e9ral de la pr\u00e9fecture des Bouches-du-Rh\u00f4ne, sous-pr\u00e9fet de Marseille ;\nSur proposition du secr\u00e9taire g\u00e9n\u00e9ral de la pr\u00e9fecture des Bouches-du-Rh\u00f4ne, chef-lieu de la  \nr\u00e9gion Provence-Alpes-C\u00f4te-d'Azur ;\nA R R \u00ca T E\nArticle 1 : Le jury professionnel pour la titularisation d'un agent contractuel handicap\u00e9 dans le  \ncorps des adjoints administratifs du minist\u00e8re de l'Int\u00e9rieur et de l'outre-mer recrut\u00e9 au titre de  \nl'ann\u00e9e 2024 est compos\u00e9 comme suit : \n- Madame Nathalie ARTAUD, r\u00e9f\u00e9rente handicap \u00e0 la pr\u00e9fecture des Bouches-du-Rh\u00f4ne ;\n- Madame Christelle LUDET, cheffe du bureau des ressources humaines et accompagnement \u00e0  \nla DIPN des Bouches-du-Rh\u00f4ne ;\n- Monsieur Rachid OUHAMMI, adjoint au chef du service d'appui num\u00e9rique \u00e0 la DIPN des  \nBouches-du-Rh\u00f4ne.\nPr\u00e9fecture des Bouches-du-Rh\u00f4ne, Place F\u00e9lix Baret - CS 80001 \u2013 13282 Marseille Cedex 06 -\u2013 T\u00e9l\u00e9phone : 04.84.35.40.00 \u2013 T\u00e9l\u00e9copie : 04.84.35.48.55\nPr\u00e9fecture des Bouches-du-Rhone - 13-2025-12-01-00069 - Arr\u00eat\u00e9 du 1er d\u00e9cembre 2025\nfixant la composition du jury professionnel pour la titularisation d'un agent contractuel handicap\u00e9 dans le corps des adjoints\nadministratifs du minist\u00e8re de l'Int\u00e9rieur et de l'outre-mer au titre de l'ann\u00e9e 2024\n28\nArticle  2 :  Le  secr\u00e9taire  g\u00e9n\u00e9ral  de  la  pr\u00e9fecture  des  Bouches-du-Rh\u00f4ne  est  charg\u00e9  de \nl'ex\u00e9cution du pr\u00e9sent arr\u00eat\u00e9.\n            Fait \u00e0 Marseille, le 1er d\u00e9cembre 2025\nPour le pr\u00e9fet et par d\u00e9l\u00e9gation,\nLe secr\u00e9taire g\u00e9n\u00e9ral\nSIGN\u00c9\nFr\u00e9d\u00e9ric POISOT\nConform\u00e9ment  aux  dispositions  des  articles  R.421-1  et  suivants  du  code  de  justice \nadministrative,  cet  arr\u00eat\u00e9  peut  faire  l'objet  d'un  recours  contentieux  devant  le  tribunal \nadministratif, dans un d\u00e9lai de deux mois courant \u00e0 compter de sa notification.\nLa  juridiction  administrative  comp\u00e9tente  peut-\u00eatre  saisie  par  l'application  \u00ab T\u00e9l\u00e9recours \ncitoyen \u00bb accessible \u00e0 partir du site www.telerecours.fr\nPr\u00e9fecture des Bouches-du-Rh\u00f4ne, Place F\u00e9lix Baret - CS 80001 \u2013 13282 Marseille Cedex 06 -\u2013 T\u00e9l\u00e9phone : 04.84.35.40.00 \u2013 T\u00e9l\u00e9copie : 04.84.35.48.55\nPr\u00e9fecture des Bouches-du-Rhone - 13-2025-12-01-00069 - Arr\u00eat\u00e9 du 1er d\u00e9cembre 2025\nfixant la composition du jury professionnel pour la titularisation d'un agent contractuel handicap\u00e9 dans le corps des adjoints\nadministratifs du minist\u00e8re de l'Int\u00e9rieur et de l'outre-mer au titre de l'ann\u00e9e 2024\n29\nPr\u00e9fecture des Bouches-du-Rhone\n13-2025-12-02-00006\nARR\u00caT\u00c9 du 02 DECEMBRE 2025\nportant habilitation sous le n\u00b0 25-13-0582 de la\nsoci\u00e9t\u00e9 d\u00e9nomm\u00e9e \u00ab\u00a0FUNEXTRANS\u00a0\u00bb sise \u00e0 LE\nPUY-SAINTE-REPARADE (13610) dans le domaine\nfun\u00e9raire\nPr\u00e9fecture des Bouches-du-Rhone - 13-2025-12-02-00006 - ARR\u00caT\u00c9 du 02 DECEMBRE 2025\nportant habilitation sous le n\u00b0 25-13-0582 de la soci\u00e9t\u00e9 d\u00e9nomm\u00e9e \u00ab\u00a0FUNEXTRANS\u00a0\u00bb sise \u00e0 LE PUY-SAINTE-REPARADE (13610) dans le\ndomaine fun\u00e9raire\n30\nPREFETDES BOUCHES-DU-RHONELibert\u00e9Egalit\u00e9Fraternit\u00e9\nDIRECTION DE LA CITOYENNETE\nDE LA LEGALITE ET DE L'ENVIRONNEMENT\nBureau des \u00e9lections et de la r\u00e9glementation\nDCLE/BER/FUN/BC/2025/RAA N\u00b0                            \nARR\u00caT\u00c9 du 02 DECEMBRE 2025\nportant habilitation sous le n\u00b0 25-13-0582 de la soci\u00e9t\u00e9 d\u00e9nomm\u00e9e \u00ab FUNEXTRANS \u00bb sise \u00e0 \nLE PUY-SAINTE-REPARADE (13610) dans le domaine fun\u00e9raire\nLe pr\u00e9fet de la r\u00e9gion Provence-Alpes-C\u00f4te d'Azur\n         pr\u00e9fet de la zone de d\u00e9fense et de s\u00e9curit\u00e9 Sud\n                       pr\u00e9fet des Bouches-du-Rh\u00f4ne\n              \nVu le code g\u00e9n\u00e9ral des collectivit\u00e9s territoriales (CGCT), notamment les articles L2223-19 et  L2223-\n23 ;\nVu la loi n\u00b02008-1350 du 19 d\u00e9cembre 2008 relative \u00e0 la l\u00e9gislation fun\u00e9raire ;\nVu l'ordonnance n\u00b0 2005-855 du 28 juillet 2005 relative aux op\u00e9rations fun\u00e9raires, notamment l'article \n1 - \u00a7 IV ;\nVu le d\u00e9cret n\u00b0 2004-374 du 29 avril 2004 relatif aux pouvoirs des pr\u00e9fets, \u00e0 l'organisation et \u00e0 l'action  \ndes services de l'Etat dans les r\u00e9gions et d\u00e9partements ;\nVu le d\u00e9cret du 19 novembre 2025 portant nomination de monsieur Jacques WITKOWSKI en qualit\u00e9  \nde pr\u00e9fet de la r\u00e9gion Provence-Alpes-C\u00f4te d'Azur, pr\u00e9fet de la zone de d\u00e9fense et de s\u00e9curit\u00e9 Sud,  \npr\u00e9fet des Bouches-du-Rh\u00f4ne ;\nVu le d\u00e9cret du 31 janvier 2025 portant nomination de monsieur Fr\u00e9d\u00e9ric POISOT en qualit\u00e9 de  \nsecr\u00e9taire g\u00e9n\u00e9ral de la pr\u00e9fecture des Bouches-du-Rh\u00f4ne, sous-pr\u00e9fet de Marseille ;\nVu le d\u00e9cret n\u00b02012-608 du 30 avril 2012 relatif aux dipl\u00f4mes dans le secteur fun\u00e9raire ;\nVu l'arr\u00eat\u00e9 du 30 avril 2012 portant application du d\u00e9cret susvis\u00e9 ;\nVu le d\u00e9cret n\u00b02020-917 du 28 juillet 2020 relatif \u00e0 la dur\u00e9e de l'habilitation dans le secteur fun\u00e9raire ;\nVu la demande re\u00e7ue le 30 octobre 2025 de M. Ga\u00ebtan FAILLA pr\u00e9sident sollicitant l'habilitation dans  \nle domaine fun\u00e9raire de la soci\u00e9t\u00e9 d\u00e9nomm\u00e9e \u00ab FUNEXTRANS \u00bb sise 493 chemin de la garde \u00e0 LE PUY-\nSAINTE-REPARADE (13610) ;\nConsid\u00e9rant que M. Ga\u00ebtan FAILLA pr\u00e9sident, atteste de son inscription en formation de conseiller  \nfun\u00e9raire et dirigeant d'entreprise fun\u00e9raire, afin de remplir les conditions de dipl\u00f4me mentionn\u00e9es \u00e0  \nl'article L.2223-25.1 du CGCT dans un d\u00e9lai d'un an \u00e0 compter de la pr\u00e9sente habilitation ;\nConsid\u00e9rant que la demande est constitu\u00e9e conform\u00e9ment \u00e0 la l\u00e9gislation en vigueur et compl\u00e8te le  \n02 d\u00e9cembre 2025 ;\nSur proposition du secr\u00e9taire g\u00e9n\u00e9ral de la pr\u00e9fecture des Bouches-du-Rh\u00f4ne ;\nPr\u00e9fecture des Bouches-du-Rhone - 13-2025-12-02-00006 - ARR\u00caT\u00c9 du 02 DECEMBRE 2025\nportant habilitation sous le n\u00b0 25-13-0582 de la soci\u00e9t\u00e9 d\u00e9nomm\u00e9e \u00ab\u00a0FUNEXTRANS\u00a0\u00bb sise \u00e0 LE PUY-SAINTE-REPARADE (13610) dans le\ndomaine fun\u00e9raire\n31\nARR\u00caTE\nArticle 1  er     : La soci\u00e9t\u00e9 d\u00e9nomm\u00e9e \u00ab  FUNEXTRANS \u00bb sise 493 chemin de la Garde \u00e0 LE PUY-SAINTE-\nREPARADE (13610)  exploit\u00e9e par M. Ga\u00ebtan FAILLA pr\u00e9sident, est habilit\u00e9e sous le  N\u00b0 25-13-0582  \u00e0  \ncompter de la date du pr\u00e9sent arr\u00eat\u00e9, pour exercer sur l'ensemble du territoire national les activit\u00e9s  \nfun\u00e9raires suivantes :\n\u27a2 Jusqu'au 02 d\u00e9cembre 2030   :  \n\u2022 transport des corps avant et apr\u00e8s mise en bi\u00e8re\n\u2022 organisation des obs\u00e8ques\n\u2022 soins de conservation (en sous-traitance)\n\u2022 fourniture des housses, de cercueils et de leurs accessoires int\u00e9rieurs et ext\u00e9rieurs ainsi que des  \nurnes cin\u00e9raires \n\u2022 fourniture des corbillards et de voitures de deuil \n\u2022 fourniture  de  personnel,  des  objets  et  prestations  n\u00e9cessaires  aux  obs\u00e8ques,  inhumations,  \nexhumations et cr\u00e9mations\nArticle 2  :L'habilitation est accord\u00e9e  pour 5 ans  \u00e0 compter de la date du pr\u00e9sent arr\u00eat\u00e9, et  sous \nr\u00e9serve de l'obtention du dipl\u00f4me de conseiller fun\u00e9raire et dirigeant d'entreprise fun\u00e9raire dans un  \nd\u00e9lai d'un an \u00e0 compter de la d\u00e9livrance du pr\u00e9sent arr\u00eat\u00e9. \nLa demande de renouvellement devra \u00eatre demand\u00e9e deux mois avant son \u00e9ch\u00e9ance.\nArticle 3  : L'op\u00e9rateur fun\u00e9raire habilit\u00e9 peut confier \u00e0 un ou plusieurs sous-traitants la r\u00e9alisation de  \ntout ou partie des prestations relevant du service ext\u00e9rieur des pompes fun\u00e8bres. Ce dernier doit \u00eatre  \nhabilit\u00e9 pour la prestation qu'il sous-traite ; de m\u00eame que les sous-traitants doivent \u00eatre habilit\u00e9s pour \nchacune des prestations du service ext\u00e9rieur qu'ils fournissent de mani\u00e8re habituelle aux familles. A  \nd\u00e9faut du respect de ces prescriptions, leur responsabilit\u00e9 conjointe pourra \u00eatre mise en cause.\nArticle 4 :  La pr\u00e9sente habilitation peut \u00eatre suspendue pour une dur\u00e9e maximum d'un an ou retir\u00e9e  \npar le pr\u00e9fet du d\u00e9partement o\u00f9 les faits auront \u00e9t\u00e9 constat\u00e9s, conform\u00e9ment aux dispositions de  \nl'article L2223-25 du code g\u00e9n\u00e9ral des collectivit\u00e9s territoriales, pour les motifs suivants :\n1\u00b0 non-respect des dispositions du code g\u00e9n\u00e9ral des collectivit\u00e9s territoriales auxquelles sont soumises \nles r\u00e9gies, entreprises ou associations habilit\u00e9es conform\u00e9ment \u00e0 l'article L 2223-23,\n2\u00b0 non-exercice ou cessation d'exercice des activit\u00e9s au titre desquelles elle a \u00e9t\u00e9 d\u00e9livr\u00e9e,\n3\u00b0 atteinte \u00e0 l'ordre public ou danger pour la salubrit\u00e9 publique.\nDans le cas d'un d\u00e9l\u00e9gataire, le retrait de l'habilitation entra\u00eene la d\u00e9ch\u00e9ance des d\u00e9l\u00e9gations.\nArticle 5  :  La pr\u00e9sente d\u00e9cision peut faire l'objet, dans un d\u00e9lai de deux mois \u00e0 compter de sa  \nnotification,  d'un  recours  gracieux  aupr\u00e8s  de  mes  services,  d'un  recours  hi\u00e9rarchique  aupr\u00e8s  de \nmonsieur  le  ministre  de  l'int\u00e9rieur,  d'un  recours  contentieux  devant  le  tribunal  administratif  de \nMarseille (31 rue Jean-Fran\u00e7ois LECA, 13002 Marseille)  ; la juridiction administrative comp\u00e9tente peut  \naussi \u00eatre saisie par l'application T\u00e9l\u00e9recours accessible \u00e0 partir du site www.telerecours.fr.\nArticle  6 :  Le  secr\u00e9taire  g\u00e9n\u00e9ral  de  la  pr\u00e9fecture  des  Bouches-du-Rh\u00f4ne,  le  sous-pr\u00e9fet  d'Aix-en-\nProvence,  le  colonel  commandant  le  groupement  de  gendarmerie  des  Bouches-du-Rh\u00f4ne  sont  \ncharg\u00e9s, chacun en ce qui le concerne, de l'ex\u00e9cution du pr\u00e9sent arr\u00eat\u00e9 qui sera publi\u00e9 au recueil des  \nactes administratifs.\nFait \u00e0 Marseille, le 02 DECEMBRE 2025\n             Pour le pr\u00e9fet,\nL'adjointe au chef de bureau\n                   SIGNE\nVirginie DUPOUY-RAVETLLAT\nPr\u00e9fecture des Bouches-du-Rhone - 13-2025-12-02-00006 - ARR\u00caT\u00c9 du 02 DECEMBRE 2025\nportant habilitation sous le n\u00b0 25-13-0582 de la soci\u00e9t\u00e9 d\u00e9nomm\u00e9e \u00ab\u00a0FUNEXTRANS\u00a0\u00bb sise \u00e0 LE PUY-SAINTE-REPARADE (13610) dans le\ndomaine fun\u00e9raire\n32\nPr\u00e9fecture des Bouches-du-Rhone\n13-2025-12-01-00067\nARR\u00caT\u00c9 du 1er DECEMBRE 2025\nportant habilitation sous le n\u00b0 25-13-0142 de la\nsoci\u00e9t\u00e9 d\u00e9nomm\u00e9e\n \u00ab\u00a0POMPES FUNEBRES JDS\u00a0\u00bb sise \u00e0 Marseille\n(13004) dans le domaine fun\u00e9raire\nPr\u00e9fecture des Bouches-du-Rhone - 13-2025-12-01-00067 - ARR\u00caT\u00c9 du 1er DECEMBRE 2025\nportant habilitation sous le n\u00b0 25-13-0142 de la soci\u00e9t\u00e9 d\u00e9nomm\u00e9e\n \u00ab\u00a0POMPES FUNEBRES JDS\u00a0\u00bb sise \u00e0 Marseille (13004) dans le domaine fun\u00e9raire\n33\nPREFETDES BOUCHES-DU-RHONELibert\u00e9Egalit\u00e9Fraternit\u00e9\nDIRECTION DE LA CITOYENNETE\nDE LA LEGALITE ET DE L'ENVIRONNEMENT\nBureau des \u00e9lections et de la r\u00e9glementation\nDCLE/BER/FUN/BC/2025/RAA N\u00b0                            \nARR\u00caT\u00c9 du 1er DECEMBRE 2025\nportant habilitation sous le n\u00b0 25-13-0142 de la soci\u00e9t\u00e9 d\u00e9nomm\u00e9e\n \u00ab POMPES FUNEBRES JDS \u00bb sise \u00e0 Marseille (13004) dans le domaine fun\u00e9raire\n \nLe pr\u00e9fet de la r\u00e9gion Provence-Alpes-C\u00f4te d'Azur\n         pr\u00e9fet de la zone de d\u00e9fense et de s\u00e9curit\u00e9 Sud\n                       pr\u00e9fet des Bouches-du-Rh\u00f4ne\n              \nVu le code g\u00e9n\u00e9ral des collectivit\u00e9s territoriales (CGCT), notamment les articles L2223-19 et  L2223-\n23 ;\nVu la loi n\u00b02008-1350 du 19 d\u00e9cembre 2008 relative \u00e0 la l\u00e9gislation fun\u00e9raire ;\nVu l'ordonnance n\u00b0 2005-855 du 28 juillet 2005 relative aux op\u00e9rations fun\u00e9raires, notamment l'article \n1 - \u00a7 IV ;\nVu le d\u00e9cret n\u00b0 2004-374 du 29 avril 2004 relatif aux pouvoirs des pr\u00e9fets, \u00e0 l'organisation et \u00e0 l'action  \ndes services de l'Etat dans les r\u00e9gions et d\u00e9partements ;\nVu le d\u00e9cret du 19 novembre 2025 portant nomination de monsieur Jacques WITKOWSKI en qualit\u00e9  \nde pr\u00e9fet de la r\u00e9gion Provence-Alpes-C\u00f4te d'Azur, pr\u00e9fet de la zone de d\u00e9fense et de s\u00e9curit\u00e9 Sud,  \npr\u00e9fet des Bouches-du-Rh\u00f4ne ;\nVu le d\u00e9cret du 31 janvier 2025 portant nomination de monsieur Fr\u00e9d\u00e9ric POISOT en qualit\u00e9 de  \nsecr\u00e9taire g\u00e9n\u00e9ral de la pr\u00e9fecture des Bouches-du-Rh\u00f4ne, sous-pr\u00e9fet de Marseille ;\nVu le d\u00e9cret n\u00b02012-608 du 30 avril 2012 relatif aux dipl\u00f4mes dans le secteur fun\u00e9raire ;\nVu l'arr\u00eat\u00e9 du 30 avril 2012 portant application du d\u00e9cret susvis\u00e9 ;\nVu le d\u00e9cret n\u00b02020-917 du 28 juillet 2020 relatif \u00e0 la dur\u00e9e de l'habilitation dans le secteur fun\u00e9raire ;\nVu l'arr\u00eat\u00e9 n\u00b0 19-13-0142 du pr\u00e9fet des Bouches-du-Rh\u00f4ne en date du 13 d\u00e9cembre 2019 portant  \nhabilitation dans  le  domaine  fun\u00e9raire  jusqu'au  13  d\u00e9cembre  2025\nde la sarl d\u00e9nomm\u00e9e \u00ab POMPES FUNEBRES JDS \u00bb sise 2 rue Antoine Pons \u00e0 Marseille (13004) ;\nVu la demande re\u00e7ue le 20 octobre 2025 de Mme Soth\u00e9a BUN et M. David BONVENTRE co-g\u00e9rants  \nsollicitant le renouvellement de l'habilitation susvis\u00e9e \u00e0 son \u00e9ch\u00e9ance ;\nConsid\u00e9rant que la demande est constitu\u00e9e conform\u00e9ment \u00e0 la l\u00e9gislation en vigueur et compl\u00e8te le  \n1er d\u00e9cembre 2025 ;\nSur proposition du secr\u00e9taire g\u00e9n\u00e9ral de la pr\u00e9fecture des Bouches-du-Rh\u00f4ne ;\nPr\u00e9fecture des Bouches-du-Rhone - 13-2025-12-01-00067 - ARR\u00caT\u00c9 du 1er DECEMBRE 2025\nportant habilitation sous le n\u00b0 25-13-0142 de la soci\u00e9t\u00e9 d\u00e9nomm\u00e9e\n \u00ab\u00a0POMPES FUNEBRES JDS\u00a0\u00bb sise \u00e0 Marseille (13004) dans le domaine fun\u00e9raire\n34\nARR\u00caTE\nArticle 1  er     : La soci\u00e9t\u00e9 d\u00e9nomm\u00e9e \u00ab  POMPES FUNEBRES JDS  \u00bb sise 2 rue Antoine Pons \u00e0 Marseille  \n(13004)  dirig\u00e9e  par  Mme  Soth\u00e9a  BUN  et  M.  David  BONVENTRE  co-g\u00e9rants  est  habilit\u00e9e  sous  le \nN\u00b0 25-13-0142  \u00e0 compter de la date du pr\u00e9sent arr\u00eat\u00e9, pour exercer sur l'ensemble du territoire  \nnational les activit\u00e9s fun\u00e9raires suivantes :\n\u27a2 Jusqu'au 1  er   d\u00e9cembre 2030   :  \n\u2022 transport des corps avant et apr\u00e8s mise en bi\u00e8re  (en sous-traitance)\n\u2022 organisation des obs\u00e8ques\n\u2022 soins de conservation (en sous-traitance)\n\u2022 fourniture des housses, de cercueils et de leurs accessoires int\u00e9rieurs et ext\u00e9rieurs ainsi que des  \nurnes cin\u00e9raires \n\u2022 fourniture des corbillards et de voitures de deuil (en sous-traitance)\n\u2022 fourniture  de  personnel,  des  objets  et  prestations  n\u00e9cessaires  aux  obs\u00e8ques,  inhumations,  \nexhumations et cr\u00e9mations  (en sous-traitance)\nArticle 2 : L'habilitation est accord\u00e9e pour 5 ans \u00e0 compter de la date du pr\u00e9sent arr\u00eat\u00e9. La demande  \nde renouvellement devra \u00eatre adress\u00e9e deux mois avant son \u00e9ch\u00e9ance.\nArticle 3  : L'arr\u00eat\u00e9 du pr\u00e9fet des Bouches-du-Rh\u00f4ne N\u00b0 19-13-0142 du 13 d\u00e9cembre 2019 est abrog\u00e9 \u00e0  \ncompter de la date du pr\u00e9sent arr\u00eat\u00e9.\nArticle 4  : L'op\u00e9rateur fun\u00e9raire habilit\u00e9 peut confier \u00e0 un ou plusieurs sous-traitants la r\u00e9alisation de  \ntout ou partie des prestations relevant du service ext\u00e9rieur des pompes fun\u00e8bres. Ce dernier doit \u00eatre  \nhabilit\u00e9 pour la prestation qu'il sous-traite ; de m\u00eame que les sous-traitants doivent \u00eatre habilit\u00e9s pour \nchacune des prestations du service ext\u00e9rieur qu'ils fournissent de mani\u00e8re habituelle aux familles. A  \nd\u00e9faut du respect de ces prescriptions, leur responsabilit\u00e9 conjointe pourra \u00eatre mise en cause.\nArticle 5 :  La pr\u00e9sente habilitation peut \u00eatre suspendue pour une dur\u00e9e maximum d'un an ou retir\u00e9e  \npar le pr\u00e9fet du d\u00e9partement o\u00f9 les faits auront \u00e9t\u00e9 constat\u00e9s, conform\u00e9ment aux dispositions de  \nl'article L2223-25 du code g\u00e9n\u00e9ral des collectivit\u00e9s territoriales, pour les motifs suivants :\n1\u00b0 non-respect des dispositions du code g\u00e9n\u00e9ral des collectivit\u00e9s territoriales auxquelles sont soumises \nles r\u00e9gies, entreprises ou associations habilit\u00e9es conform\u00e9ment \u00e0 l'article L 2223-23,\n2\u00b0 non-exercice ou cessation d'exercice des activit\u00e9s au titre desquelles elle a \u00e9t\u00e9 d\u00e9livr\u00e9e,\n3\u00b0 atteinte \u00e0 l'ordre public ou danger pour la salubrit\u00e9 publique.\nDans le cas d'un d\u00e9l\u00e9gataire, le retrait de l'habilitation entra\u00eene la d\u00e9ch\u00e9ance des d\u00e9l\u00e9gations.\nArticle 6  :  La pr\u00e9sente d\u00e9cision peut faire l'objet, dans un d\u00e9lai de deux mois \u00e0 compter de sa  \nnotification,  d'un  recours  gracieux  aupr\u00e8s  de  mes  services,  d'un  recours  hi\u00e9rarchique  aupr\u00e8s  de \nmonsieur  le  ministre  de  l'int\u00e9rieur,  d'un  recours  contentieux  devant  le  tribunal  administratif  de \nMarseille (31 rue Jean-Fran\u00e7ois LECA, 13002 Marseille)  ; la juridiction administrative comp\u00e9tente peut  \naussi \u00eatre saisie par l'application T\u00e9l\u00e9recours accessible \u00e0 partir du site www.telerecours.fr.\nArticle 7 : Le secr\u00e9taire g\u00e9n\u00e9ral de la pr\u00e9fecture des Bouches-du-Rh\u00f4ne, le directeur d\u00e9partemental de \nla s\u00e9curit\u00e9 publique des Bouches-du-Rh\u00f4ne sont charg\u00e9s, chacun en ce qui le concerne, de l'ex\u00e9cution  \ndu pr\u00e9sent arr\u00eat\u00e9 qui sera publi\u00e9 au recueil des actes administratifs.\nFait \u00e0 Marseille, le 1er DECEMBRE 2025\n                     Pour le pr\u00e9fet,\nL'adjointe au chef de bureau\n                   SIGNE\nVirginie DUPOUY-RAVETLLAT\nPr\u00e9fecture des Bouches-du-Rhone - 13-2025-12-01-00067 - ARR\u00caT\u00c9 du 1er DECEMBRE 2025\nportant habilitation sous le n\u00b0 25-13-0142 de la soci\u00e9t\u00e9 d\u00e9nomm\u00e9e\n \u00ab\u00a0POMPES FUNEBRES JDS\u00a0\u00bb sise \u00e0 Marseille (13004) dans le domaine fun\u00e9raire\n35\nPr\u00e9fecture des Bouches-du-Rhone\n13-2025-12-01-00065\nARR\u00caT\u00c9 du 1er DECEMBRE 2025\nportant habilitation sous le n\u00b0 25-13-0340 de\nl'entreprise individuelle d\u00e9nomm\u00e9e \n\u00ab\u00a0OLIVE MATTHIEU\u00a0\u00bb sise \u00e0 Marseille (13009)\nexploit\u00e9e par M. Matthieu OLIVE \ndans le domaine fun\u00e9raire\nPr\u00e9fecture des Bouches-du-Rhone - 13-2025-12-01-00065 - ARR\u00caT\u00c9 du 1er DECEMBRE 2025\nportant habilitation sous le n\u00b0 25-13-0340 de l'entreprise individuelle d\u00e9nomm\u00e9e \n\u00ab\u00a0OLIVE MATTHIEU\u00a0\u00bb sise \u00e0 Marseille (13009) exploit\u00e9e par M. Matthieu OLIVE \ndans le domaine fun\u00e9raire\n36\nPREFETDES BOUCHES-DU-RHONELibert\u00e9Egalit\u00e9Fraternit\u00e9\nDIRECTION DE LA CITOYENNETE\nDE LA LEGALITE ET DE L'ENVIRONNEMENT\nBureau des \u00e9lections et de la r\u00e9glementation\nDCLE/BER/FUN/BC/2025/RAA N\u00b0                            \nARR\u00caT\u00c9 du 1er DECEMBRE 2025\nportant habilitation sous le n\u00b0 25-13-0340 de l'entreprise individuelle d\u00e9nomm\u00e9e \n\u00ab OLIVE MATTHIEU \u00bb sise \u00e0 Marseille (13009) exploit\u00e9e par M. Matthieu OLIVE \ndans le domaine fun\u00e9raire\nLe pr\u00e9fet de la r\u00e9gion Provence-Alpes-C\u00f4te d'Azur\n         pr\u00e9fet de la zone de d\u00e9fense et de s\u00e9curit\u00e9 Sud\n                       pr\u00e9fet des Bouches-du-Rh\u00f4ne\n              \nVu le code g\u00e9n\u00e9ral des collectivit\u00e9s territoriales (CGCT), notamment les articles L2223-19 et  L2223-\n23 ;\nVu la loi n\u00b02008-1350 du 19 d\u00e9cembre 2008 relative \u00e0 la l\u00e9gislation fun\u00e9raire ;\nVu l'ordonnance n\u00b0 2005-855 du 28 juillet 2005 relative aux op\u00e9rations fun\u00e9raires, notamment l'article \n1 - \u00a7 IV ;\nVu le d\u00e9cret n\u00b0 2004-374 du 29 avril 2004 relatif aux pouvoirs des pr\u00e9fets, \u00e0 l'organisation et \u00e0 l'action  \ndes services de l'Etat dans les r\u00e9gions et d\u00e9partements ;\nVu le d\u00e9cret du 19 novembre 2025 portant nomination de monsieur Jacques WITKOWSKI en qualit\u00e9  \nde pr\u00e9fet de la r\u00e9gion Provence-Alpes-C\u00f4te d'Azur, pr\u00e9fet de la zone de d\u00e9fense et de s\u00e9curit\u00e9 Sud,  \npr\u00e9fet des Bouches-du-Rh\u00f4ne ;\nVu le d\u00e9cret du 31 janvier 2025 portant nomination de monsieur Fr\u00e9d\u00e9ric POISOT en qualit\u00e9 de  \nsecr\u00e9taire g\u00e9n\u00e9ral de la pr\u00e9fecture des Bouches-du-Rh\u00f4ne, sous-pr\u00e9fet de Marseille ;\nVu le d\u00e9cret n\u00b02012-608 du 30 avril 2012 relatif aux dipl\u00f4mes dans le secteur fun\u00e9raire ;\nVu l'arr\u00eat\u00e9 du 30 avril 2012 portant application du d\u00e9cret susvis\u00e9 ;\nVu le d\u00e9cret n\u00b02020-917 du 28 juillet 2020 relatif \u00e0 la dur\u00e9e de l'habilitation dans le secteur fun\u00e9raire ;\nVu l'arr\u00eat\u00e9 n\u00b0 20-13-0340 du pr\u00e9fet des Bouches-du-Rh\u00f4ne en date du 7 d\u00e9cembre 2020 portant  \nhabilitation dans  le  domaine  fun\u00e9raire  jusqu'au  7  d\u00e9cembre  2025  de  de  l'entreprise  individuelle \nd\u00e9nomm\u00e9e  OLIVE  MATTHIEU  sise  38  all\u00e9e  des  Pins  \u00e0  Marseille  (13009)  ;\nVu la demande re\u00e7ue le 31 octobre 2025 de M. Matthieu OLIVE sollicitant le renouvellement de  \nl'habilitation susvis\u00e9e \u00e0 son \u00e9ch\u00e9ance ;\nVu que M. Matthieu OLIVE pr\u00e9sident d\u00e9clare exercer l'activit\u00e9 de fossoyeur, porteur \u00e0 l'exclusion de  \ntoute autre activit\u00e9 relevant du service ext\u00e9rieur des pompes fun\u00e8bres, l'int\u00e9ress\u00e9 est r\u00e9put\u00e9 satisfaire  \naux conditions d'aptitude professionnelle vis\u00e9es en l'esp\u00e8ce \u00e0 l'article R2223-42 du code g\u00e9n\u00e9ral des  \ncollectivit\u00e9s territoriales ;\nPr\u00e9fecture des Bouches-du-Rhone - 13-2025-12-01-00065 - ARR\u00caT\u00c9 du 1er DECEMBRE 2025\nportant habilitation sous le n\u00b0 25-13-0340 de l'entreprise individuelle d\u00e9nomm\u00e9e \n\u00ab\u00a0OLIVE MATTHIEU\u00a0\u00bb sise \u00e0 Marseille (13009) exploit\u00e9e par M. Matthieu OLIVE \ndans le domaine fun\u00e9raire\n37\nConsid\u00e9rant que la demande est constitu\u00e9e conform\u00e9ment \u00e0 la l\u00e9gislation en vigueur et compl\u00e8te le  \n1er d\u00e9cembre 2025 ;\nSur proposition du secr\u00e9taire g\u00e9n\u00e9ral de la pr\u00e9fecture des Bouches-du-Rh\u00f4ne ;\nARR\u00caTE\nArticle 1  er     : L'entreprise individuelle d\u00e9nomm\u00e9e \u00ab OLIVE MATTHIEU \u00bb exploit\u00e9e par M. Matthieu OLIVE \nPr\u00e9sident sise  38  all\u00e9e  des  Pins  \u2013  La  grande  Candelle  \u00e0  Marseille  (13009)  est  habilit\u00e9e  sous  le  \nN\u00b0 25-13-0340  \u00e0 compter de la date du pr\u00e9sent arr\u00eat\u00e9, pour exercer sur l'ensemble du territoire  \nnational les activit\u00e9s fun\u00e9raires suivantes :\nJusqu'au 1  er   d\u00e9cembre 2030   :  \n\u2022 fourniture  de  personnel,  des  objets  et  prestations  n\u00e9cessaires  aux  obs\u00e8ques,  inhumations,  \nexhumations et cr\u00e9mations\nArticle 2 : L'habilitation est accord\u00e9e pour 5 ans \u00e0 compter de la date du pr\u00e9sent arr\u00eat\u00e9. La demande  \nde renouvellement devra \u00eatre adress\u00e9e deux mois avant son \u00e9ch\u00e9ance.\nArticle 3  : L'arr\u00eat\u00e9 du pr\u00e9fet des Bouches-du-Rh\u00f4ne N\u00b0 20-13-0340 du 7 d\u00e9cembre 2025 est abrog\u00e9 \u00e0  \ncompter de la date du pr\u00e9sent arr\u00eat\u00e9.\nArticle 4  : L'op\u00e9rateur fun\u00e9raire habilit\u00e9 peut confier \u00e0 un ou plusieurs sous-traitants la r\u00e9alisation de  \ntout ou partie des prestations relevant du service ext\u00e9rieur des pompes fun\u00e8bres. Ce dernier doit \u00eatre  \nhabilit\u00e9 pour la prestation qu'il sous-traite ; de m\u00eame que les sous-traitants doivent \u00eatre habilit\u00e9s pour \nchacune des prestations du service ext\u00e9rieur qu'ils fournissent de mani\u00e8re habituelle aux familles. A  \nd\u00e9faut du respect de ces prescriptions, leur responsabilit\u00e9 conjointe pourra \u00eatre mise en cause.\nArticle 5 :  La pr\u00e9sente habilitation peut \u00eatre suspendue pour une dur\u00e9e maximum d'un an ou retir\u00e9e  \npar le pr\u00e9fet du d\u00e9partement o\u00f9 les faits auront \u00e9t\u00e9 constat\u00e9s, conform\u00e9ment aux dispositions de  \nl'article L2223-25 du code g\u00e9n\u00e9ral des collectivit\u00e9s territoriales, pour les motifs suivants :\n1\u00b0 non-respect des dispositions du code g\u00e9n\u00e9ral des collectivit\u00e9s territoriales auxquelles sont soumises \nles r\u00e9gies, entreprises ou associations habilit\u00e9es conform\u00e9ment \u00e0 l'article L 2223-23,\n2\u00b0 non-exercice ou cessation d'exercice des activit\u00e9s au titre desquelles elle a \u00e9t\u00e9 d\u00e9livr\u00e9e,\n3\u00b0 atteinte \u00e0 l'ordre public ou danger pour la salubrit\u00e9 publique.\nDans le cas d'un d\u00e9l\u00e9gataire, le retrait de l'habilitation entra\u00eene la d\u00e9ch\u00e9ance des d\u00e9l\u00e9gations.\nArticle 6  :  La pr\u00e9sente d\u00e9cision peut faire l'objet, dans un d\u00e9lai de deux mois \u00e0 compter de sa  \nnotification,  d'un  recours  gracieux  aupr\u00e8s  de  mes  services,  d'un  recours  hi\u00e9rarchique  aupr\u00e8s  de \nmonsieur  le  ministre  de  l'int\u00e9rieur,  d'un  recours  contentieux  devant  le  tribunal  administratif  de \nMarseille (31 rue Jean-Fran\u00e7ois LECA, 13002 Marseille)  ; la juridiction administrative comp\u00e9tente peut  \naussi \u00eatre saisie par l'application T\u00e9l\u00e9recours accessible \u00e0 partir du site www.telerecours.fr.\nArticle 7 : Le secr\u00e9taire g\u00e9n\u00e9ral de la pr\u00e9fecture des Bouches-du-Rh\u00f4ne, le directeur d\u00e9partemental de \nla s\u00e9curit\u00e9 publique des Bouches-du-Rh\u00f4ne sont charg\u00e9s, chacun en ce qui le concerne, de l'ex\u00e9cution  \ndu pr\u00e9sent arr\u00eat\u00e9 qui sera publi\u00e9 au recueil des actes administratifs.\nFait \u00e0 Marseille, le 1er DECEMBRE 2030\n             Pour le pr\u00e9fet,\nL'adjointe au chef de bureau\n                   SIGNE\nVirginie DUPOUY-RAVETLLAT\nPr\u00e9fecture des Bouches-du-Rhone - 13-2025-12-01-00065 - ARR\u00caT\u00c9 du 1er DECEMBRE 2025\nportant habilitation sous le n\u00b0 25-13-0340 de l'entreprise individuelle d\u00e9nomm\u00e9e \n\u00ab\u00a0OLIVE MATTHIEU\u00a0\u00bb sise \u00e0 Marseille (13009) exploit\u00e9e par M. Matthieu OLIVE \ndans le domaine fun\u00e9raire\n38\nPr\u00e9fecture des Bouches-du-Rhone\n13-2025-12-01-00066\nARR\u00caT\u00c9 du 1er DECEMBRE 2025\nportant modification de l'habilitation N\u00b0\n24-13-0489 de l'\u00e9tablissement secondaire de la\nSAS \u00ab\u00a0FUNECAP SUD-EST \u00bb d\u00e9nomm\u00e9 \u00ab\u00a0ROC'\nECLERC \u00bb sis \u00e0 Marseille (13004), \ndans le domaine fun\u00e9raire \nPr\u00e9fecture des Bouches-du-Rhone - 13-2025-12-01-00066 - ARR\u00caT\u00c9 du 1er DECEMBRE 2025\nportant modification de l'habilitation N\u00b0 24-13-0489 de l'\u00e9tablissement secondaire de la SAS \u00ab\u00a0FUNECAP SUD-EST \u00bb d\u00e9nomm\u00e9\n\u00ab\u00a0ROC' ECLERC \u00bb sis \u00e0 Marseille (13004), \ndans le domaine fun\u00e9raire \n39\nPREFETDES BOUCHES-DU-RHONELibert\u00e9Egalit\u00e9Fraternit\u00e9\nDIRECTION DE LA CITOYENNETE\nDE LA LEGALITE ET DE L'ENVIRONNEMENT\nBureau des \u00e9lections et de la r\u00e9glementation\nDCLE/BER/FUN/BC/2025/RAA N\u00b0                            \nARR\u00caT\u00c9 du 1er DECEMBRE 2025\nportant modification de l'habilitation N\u00b0 24-13-0489 de l'\u00e9tablissement secondaire de la SAS \n\u00ab FUNECAP SUD-EST \u00bb d\u00e9nomm\u00e9 \u00ab ROC' ECLERC \u00bb sis \u00e0 Marseille (13004), \ndans le domaine fun\u00e9raire \n \nLe pr\u00e9fet de la r\u00e9gion Provence-Alpes-C\u00f4te d'Azur\n         pr\u00e9fet de la zone de d\u00e9fense et de s\u00e9curit\u00e9 Sud\n                       pr\u00e9fet des Bouches-du-Rh\u00f4ne\nVu le code g\u00e9n\u00e9ral des collectivit\u00e9s territoriales (CGCT), notamment les articles L2223-19 et  L2223-\n23 ;\nVu la loi n\u00b02008-1350 du 19 d\u00e9cembre 2008 relative \u00e0 la l\u00e9gislation fun\u00e9raire ;\nVu l'ordonnance n\u00b0 2005-855 du 28 juillet 2005 relative aux op\u00e9rations fun\u00e9raires, notamment l'article \n1 - \u00a7 IV ;\nVu le d\u00e9cret n\u00b0 2004-374 du 29 avril 2004 relatif aux pouvoirs des pr\u00e9fets, \u00e0 l'organisation et \u00e0 l'action  \ndes services de l'Etat dans les r\u00e9gions et d\u00e9partements ;\nVu le d\u00e9cret du 19 novembre 2025 portant nomination de monsieur Jacques WITKOWSKI en qualit\u00e9  \nde pr\u00e9fet de la r\u00e9gion Provence-Alpes-C\u00f4te d'Azur, pr\u00e9fet de la zone de d\u00e9fense et de s\u00e9curit\u00e9 Sud,  \npr\u00e9fet des Bouches-du-Rh\u00f4ne ;\nVu le d\u00e9cret du 31 janvier 2025 portant nomination de monsieur Fr\u00e9d\u00e9ric POISOT en qualit\u00e9 de  \nsecr\u00e9taire g\u00e9n\u00e9ral de la pr\u00e9fecture des Bouches-du-Rh\u00f4ne, sous-pr\u00e9fet de Marseille ;\nVu le d\u00e9cret n\u00b02012-608 du 30 avril 2012 relatif aux dipl\u00f4mes dans le secteur fun\u00e9raire ;\nVu l'arr\u00eat\u00e9 du 30 avril 2012 portant application du d\u00e9cret susvis\u00e9 ;\nVu le d\u00e9cret n\u00b02020-917 du 28 juillet 2020 relatif \u00e0 la dur\u00e9e de l'habilitation dans le secteur fun\u00e9raire ;\nVu  l'arr\u00eat\u00e9  n\u00b024-13-0489  du  pr\u00e9fet  des  Bouches-du-Rh\u00f4ne  en  date  du  22  mars  2024,  portant  \nhabilitation dans  le  domaine  fun\u00e9raire  jusqu'au  22  mars  2029,\nde  l'\u00e9tablissement  secondaire  de  la  SAS  \u00ab  FUNECAP  SUD-EST \u00bb  d\u00e9nomm\u00e9  \u00ab POMPES  FUNEBRES \nPHENIX \u00bb sis 1 avenue Mar\u00e9chal Juin \u00e0 Marseille (13004) ;\nVu la demande \u00e9lectronique du 20 novembre 2025 de M. Gr\u00e9gory LECOUTEUX directeur ex\u00e9cutif  \nsollicitant  la  modification  de  l'habilitation  susvis\u00e9e  suite  au  changement  d'enseigne  de  \nl'\u00e9tablissement ;\nVu l'extrait KBIS en date du 19 novembre 2025 attestant que l'\u00e9tablissement est d\u00e9sormais exploit\u00e9  \nsous le nom commercial \u00ab ROC' ECLERC \u00bb ;\nPr\u00e9fecture des Bouches-du-Rhone - 13-2025-12-01-00066 - ARR\u00caT\u00c9 du 1er DECEMBRE 2025\nportant modification de l'habilitation N\u00b0 24-13-0489 de l'\u00e9tablissement secondaire de la SAS \u00ab\u00a0FUNECAP SUD-EST \u00bb d\u00e9nomm\u00e9\n\u00ab\u00a0ROC' ECLERC \u00bb sis \u00e0 Marseille (13004), \ndans le domaine fun\u00e9raire \n40\nConsid\u00e9rant que le dossier de demande de modification de l'habilitation est complet et conforme en  \ndate du 1er d\u00e9cembre 2025 ;\nSur proposition du secr\u00e9taire g\u00e9n\u00e9ral de la pr\u00e9fecture des Bouches-du-Rh\u00f4ne ;\nARR\u00caTE\nArticle  1  er     :  Les  dispositions  de  l'article  1  de  l'arr\u00eat\u00e9  pr\u00e9fectoral  n\u00b0  24-13-0489  sont  modifi\u00e9es  et \nremplac\u00e9es par les dispositions suivantes  : \n\u00ab L'\u00e9tablissement secondaire de la SAS d\u00e9nomm\u00e9e  \u00bbFUNECAP SUD-EST  \u00bb exploit\u00e9 sous l'enseigne  \n\u00ab  ROC'ECLERC \u00bb  sis  1  boulevard  Mar\u00e9chal  Juin  \u00e0  Marseille  (13004),  repr\u00e9sent\u00e9  par  M.  Gr\u00e9gory  \nLECOUTEUX  directeur  ex\u00e9cutif,  est  habilit\u00e9  sous  le\nN\u00b0 24-13-0489  \u00e0 compter de la date du pr\u00e9sent arr\u00eat\u00e9, pour exercer sur l'ensemble du territoire  \nnational les activit\u00e9s fun\u00e9raires suivantes :\n\u27a2 Jusqu'au 22 mars 2029   :  \n\uf0d8 transport des corps avant et apr\u00e8s mise en bi\u00e8re\n\uf0d8 organisation des obs\u00e8ques\n\uf0d8 soins de conservation (en sous-traitance)\n\uf0d8 fourniture  de  housses,  des  cercueils  et  de  leurs  accessoires  int\u00e9rieurs  et  \next\u00e9rieurs ainsi que des urnes cin\u00e9raires\n\uf0d8 fourniture des corbillards et des voitures de deuil\n\uf0d8 fourniture de personnel, des objets et prestations n\u00e9cessaires aux obs\u00e8ques,  \ninhumations, exhumations et cr\u00e9mations \u00bb\nArticle  2  :  Les  dispositions  de  l'article  2  de  l'arr\u00eat\u00e9  pr\u00e9fectoral  n\u00b0  24-13-0489  sont  modifi\u00e9es  et \nremplac\u00e9es par les dispositions suivantes  : \n\u00abL'habilitation  est  accord\u00e9e  jusqu'au  22  mars  2029.  La  demande  de  renouvellement  devra  \u00eatre \neffectu\u00e9e deux mois avant son \u00e9ch\u00e9ance\u00bb.\nArticle 3  : Le reste de l'arr\u00eat\u00e9 n\u00b0 24-13-0489 est sans changement.\nArticle 4  :  La pr\u00e9sente d\u00e9cision peut faire l'objet, dans un d\u00e9lai de deux mois \u00e0 compter de sa  \nnotification,  d'un  recours  gracieux  aupr\u00e8s  de  mes  services,  d'un  recours  hi\u00e9rarchique  aupr\u00e8s  de \nmonsieur  le  ministre  de  l'int\u00e9rieur,  d'un  recours  contentieux  devant  le  tribunal  administratif  de \nMarseille (31 rue Jean-Fran\u00e7ois LECA, 13002 Marseille)  ; la juridiction administrative comp\u00e9tente peut  \naussi \u00eatre saisie par l'application T\u00e9l\u00e9recours accessible \u00e0 partir du site www.telerecours.fr.\nArticle 5 : Le secr\u00e9taire g\u00e9n\u00e9ral de la pr\u00e9fecture des Bouches-du-Rh\u00f4ne, le directeur d\u00e9partemental de \nla s\u00e9curit\u00e9 publique des Bouches-du-Rh\u00f4ne sont charg\u00e9s, chacun en ce qui le concerne, de l'ex\u00e9cution  \ndu pr\u00e9sent arr\u00eat\u00e9 qui sera publi\u00e9 au recueil des actes administratifs.\nFait \u00e0 Marseille, le 1er DECEMBRE 2025\n                     Pour le pr\u00e9fet,\nL'adjointe au chef de bureau\n                   SIGNE\nVirginie DUPOUY-RAVETLLAT\nPr\u00e9fecture des Bouches-du-Rhone - 13-2025-12-01-00066 - ARR\u00caT\u00c9 du 1er DECEMBRE 2025\nportant modification de l'habilitation N\u00b0 24-13-0489 de l'\u00e9tablissement secondaire de la SAS \u00ab\u00a0FUNECAP SUD-EST \u00bb d\u00e9nomm\u00e9\n\u00ab\u00a0ROC' ECLERC \u00bb sis \u00e0 Marseille (13004), \ndans le domaine fun\u00e9raire \n41\nPr\u00e9fecture des Bouches-du-Rhone\n13-2025-11-28-00019\nARR\u00caT\u00c9 du 28 NOVEMBRE 2025\nportant habilitation sous le n\u00b0 25-13-0581 de\nl'\u00e9tablissement secondaire de la soci\u00e9t\u00e9\n\u00ab\u00a0FUNECAP SUD-EST\u00bb exploit\u00e9 sous l'enseigne \u00ab\nROC' ECLERC  \u00bb \nsis \u00e0 Aix-en-Provence (13100), dans le domaine\nfun\u00e9raire\nPr\u00e9fecture des Bouches-du-Rhone - 13-2025-11-28-00019 - ARR\u00caT\u00c9 du 28 NOVEMBRE 2025\nportant habilitation sous le n\u00b0 25-13-0581 de l'\u00e9tablissement secondaire de la soci\u00e9t\u00e9 \u00ab\u00a0FUNECAP SUD-EST\u00bb exploit\u00e9 sous l'enseigne \u00ab\nROC' ECLERC  \u00bb \nsis \u00e0 Aix-en-Provence (13100), dans le domaine fun\u00e9raire\n42\nPREFETDES BOUCHES-DU-RHONELibert\u00e9Egalit\u00e9Fraternit\u00e9\nDIRECTION DE LA CITOYENNETE\nDE LA LEGALITE ET DE L'ENVIRONNEMENT\nBureau des \u00e9lections et de la r\u00e9glementation\nDCLE/BER/FUN/BC/2025/RAA N\u00b0                            \nARR\u00caT\u00c9 du 28 NOVEMBRE 2025\nportant habilitation sous le n\u00b0 25-13-0581 de l'\u00e9tablissement secondaire de la soci\u00e9t\u00e9 \n\u00ab FUNECAP SUD-EST\u00bb exploit\u00e9 sous l'enseigne \u00ab ROC' ECLERC  \u00bb \nsis \u00e0 Aix-en-Provence (13100), dans le domaine fun\u00e9raire\nLe pr\u00e9fet de la r\u00e9gion Provence-Alpes-C\u00f4te d'Azur\n         pr\u00e9fet de la zone de d\u00e9fense et de s\u00e9curit\u00e9 Sud\n                       pr\u00e9fet des Bouches-du-Rh\u00f4ne\n            \nVu le code g\u00e9n\u00e9ral des collectivit\u00e9s territoriales (CGCT), notamment les articles L2223-19 et  L2223-\n23 ;\nVu la loi n\u00b02008-1350 du 19 d\u00e9cembre 2008 relative \u00e0 la l\u00e9gislation fun\u00e9raire ;\nVu l'ordonnance n\u00b0 2005-855 du 28 juillet 2005 relative aux op\u00e9rations fun\u00e9raires, notamment l'article \n1 - \u00a7 IV ;\nVu le d\u00e9cret n\u00b0 2004-374 du 29 avril 2004 relatif aux pouvoirs des pr\u00e9fets, \u00e0 l'organisation et \u00e0 l'action  \ndes services de l'Etat dans les r\u00e9gions et d\u00e9partements ;\nVu le d\u00e9cret du 19 novembre 2025 portant nomination de monsieur Jacques WITKOWSKI en qualit\u00e9  \nde pr\u00e9fet de la r\u00e9gion Provence-Alpes-C\u00f4te d'Azur, pr\u00e9fet de la zone de d\u00e9fense et de s\u00e9curit\u00e9 Sud,  \npr\u00e9fet des Bouches-du-Rh\u00f4ne ;\nVu le d\u00e9cret du 31 janvier 2025 portant nomination de monsieur Fr\u00e9d\u00e9ric POISOT en qualit\u00e9 de  \nsecr\u00e9taire g\u00e9n\u00e9ral de la pr\u00e9fecture des Bouches-du-Rh\u00f4ne, sous-pr\u00e9fet de Marseille ;\nVu le d\u00e9cret n\u00b02012-608 du 30 avril 2012 relatif aux dipl\u00f4mes dans le secteur fun\u00e9raire ;\nVu l'arr\u00eat\u00e9 du 30 avril 2012 portant application du d\u00e9cret susvis\u00e9 ;\nVu le d\u00e9cret n\u00b02020-917 du 28 juillet 2020 relatif \u00e0 la dur\u00e9e de l'habilitation dans le secteur fun\u00e9raire ;\nVu la demande re\u00e7ue le 26 novembre 2025 de M. Gr\u00e9gory LECOUTEUX directeur ex\u00e9cutif de la SAS  \nFUNECAP SUD-EST sollicitant l'habilitation dans le domaine fun\u00e9raire de l'\u00e9tablissement secondaire  \nd\u00e9nomm\u00e9 \u00ab ROC' ECLERC \u00bb sis 10 avenue Pasteur \u00e0 Aix-en-Provence (13100) ;\nConsid\u00e9rant que la demande est constitu\u00e9e conform\u00e9ment \u00e0 la l\u00e9gislation en vigueur et compl\u00e8te le  \n28 novembre 2025 ;\nSur proposition du secr\u00e9taire g\u00e9n\u00e9ral de la pr\u00e9fecture des Bouches-du-Rh\u00f4ne ;\nPr\u00e9fecture des Bouches-du-Rhone - 13-2025-11-28-00019 - ARR\u00caT\u00c9 du 28 NOVEMBRE 2025\nportant habilitation sous le n\u00b0 25-13-0581 de l'\u00e9tablissement secondaire de la soci\u00e9t\u00e9 \u00ab\u00a0FUNECAP SUD-EST\u00bb exploit\u00e9 sous l'enseigne \u00ab\nROC' ECLERC  \u00bb \nsis \u00e0 Aix-en-Provence (13100), dans le domaine fun\u00e9raire\n43\nARR\u00caTE\nArticle 1  er     :  L'\u00e9tablissement secondaire de la soci\u00e9t\u00e9 \u00ab  FUNECAP SUD-EST \u00bb exploit\u00e9 sous l'enseigne  \n\u00ab ROC'  ECLERC  \u00bb  sis  10  avenue  Pasteur  \u00e0  Aix-en-Provence  (13100)  repr\u00e9sent\u00e9  par  M.  Gr\u00e9gory  \nLecouteux directeur ex\u00e9cutif, est habilit\u00e9 sous le  N\u00b0 25-13-0581  \u00e0 compter de la date du pr\u00e9sent  \narr\u00eat\u00e9, pour exercer sur l'ensemble du territoire national les activit\u00e9s fun\u00e9raires suivantes :\n\u2794 Jusqu'au 28 novembre 2030   :  \n\u2022 transport des corps avant et apr\u00e8s mise en bi\u00e8re\n\u2022 organisation des obs\u00e8ques\n\u2022 soins de conservation (en sous-traitance)\n\u2022 fourniture des housses, de cercueils et de leurs accessoires int\u00e9rieurs et ext\u00e9rieurs ainsi que des  \nurnes cin\u00e9raires \n\u2022 fourniture des corbillards et des voitures de deuil \n\u2022 fourniture  de  personnel,  des  objets  et  prestations  n\u00e9cessaires  aux  obs\u00e8ques,  inhumations,  \nexhumations et cr\u00e9mations\nArticle 2 : L'habilitation est accord\u00e9e pour 5 ans \u00e0 compter de la date du pr\u00e9sent arr\u00eat\u00e9. La demande  \nde renouvellement devra \u00eatre adress\u00e9e deux mois avant son \u00e9ch\u00e9ance.\nArticle 3  : L'op\u00e9rateur fun\u00e9raire habilit\u00e9 peut confier \u00e0 un ou plusieurs sous-traitants la r\u00e9alisation de  \ntout ou partie des prestations relevant du service ext\u00e9rieur des pompes fun\u00e8bres. Ce dernier doit \u00eatre  \nhabilit\u00e9 pour la prestation qu'il sous-traite ; de m\u00eame que les sous-traitants doivent \u00eatre habilit\u00e9s pour \nchacune des prestations du service ext\u00e9rieur qu'ils fournissent de mani\u00e8re habituelle aux familles. A  \nd\u00e9faut du respect de ces prescriptions, leur responsabilit\u00e9 conjointe pourra \u00eatre mise en cause.\nArticle 4 :  La pr\u00e9sente habilitation peut \u00eatre suspendue pour une dur\u00e9e maximum d'un an ou retir\u00e9e  \npar le pr\u00e9fet du d\u00e9partement o\u00f9 les faits auront \u00e9t\u00e9 constat\u00e9s, conform\u00e9ment aux dispositions de  \nl'article L2223-25 du code g\u00e9n\u00e9ral des collectivit\u00e9s territoriales, pour les motifs suivants :\n1\u00b0 non-respect des dispositions du code g\u00e9n\u00e9ral des collectivit\u00e9s territoriales auxquelles sont soumises \nles r\u00e9gies, entreprises ou associations habilit\u00e9es conform\u00e9ment \u00e0 l'article L 2223-23,\n2\u00b0 non-exercice ou cessation d'exercice des activit\u00e9s au titre desquelles elle a \u00e9t\u00e9 d\u00e9livr\u00e9e,\n3\u00b0 atteinte \u00e0 l'ordre public ou danger pour la salubrit\u00e9 publique.\nDans le cas d'un d\u00e9l\u00e9gataire, le retrait de l'habilitation entra\u00eene la d\u00e9ch\u00e9ance des d\u00e9l\u00e9gations.\nArticle 5  :  La pr\u00e9sente d\u00e9cision peut faire l'objet, dans un d\u00e9lai de deux mois \u00e0 compter de sa  \nnotification,  d'un  recours  gracieux  aupr\u00e8s  de  mes  services,  d'un  recours  hi\u00e9rarchique  aupr\u00e8s  de \nmonsieur  le  ministre  de  l'int\u00e9rieur,  d'un  recours  contentieux  devant  le  tribunal  administratif  de \nMarseille (31 rue Jean-Fran\u00e7ois LECA, 13002 Marseille)  ; la juridiction administrative comp\u00e9tente peut  \naussi \u00eatre saisie par l'application T\u00e9l\u00e9recours accessible \u00e0 partir du site www.telerecours.fr.\nArticle  6 :  Le  secr\u00e9taire  g\u00e9n\u00e9ral  de  la  pr\u00e9fecture  des  Bouches-du-Rh\u00f4ne,  le  sous-pr\u00e9fet  d'Aix-en-\nProvrence, le directeur d\u00e9partement de la s\u00e9curit\u00e9 publique des Bouches-du-Rh\u00f4ne sont charg\u00e9s,  \nchacun en ce qui le concerne, de l'ex\u00e9cution du pr\u00e9sent arr\u00eat\u00e9 qui sera publi\u00e9 au recueil des actes  \nadministratifs.\nFait \u00e0 Marseille, le 28 NOVEMBRE 2025\n             Pour le pr\u00e9fet,\nL'adjointe au chef de bureau\n                   SIGNE\nVirginie DUPOUY-RAVETLLAT\nPr\u00e9fecture des Bouches-du-Rhone - 13-2025-11-28-00019 - ARR\u00caT\u00c9 du 28 NOVEMBRE 2025\nportant habilitation sous le n\u00b0 25-13-0581 de l'\u00e9tablissement secondaire de la soci\u00e9t\u00e9 \u00ab\u00a0FUNECAP SUD-EST\u00bb exploit\u00e9 sous l'enseigne \u00ab\nROC' ECLERC  \u00bb \nsis \u00e0 Aix-en-Provence (13100), dans le domaine fun\u00e9raire\n44\nSecr\u00e9tariat G\u00e9n\u00e9ral Commun 13\n13-2025-12-02-00007\n13 Arr\u00eat\u00e9 subd\u00e9l\u00e9g DBorde RNS 02-12-2025\nSecr\u00e9tariat G\u00e9n\u00e9ral Commun 13 - 13-2025-12-02-00007 - 13 Arr\u00eat\u00e9 subd\u00e9l\u00e9g DBorde RNS 02-12-2025 45\nPREFETDES BOUCHES-DU-RHONELibert\u00e9Egalit\u00e9Fraternit\u00e9\nDIRECTION  INTERDEPARTEMENTALE\nDES ROUTES MEDITERRANEE\nArr\u00eat\u00e9 portant subd\u00e9l\u00e9gation de signature \naux agents de la direction interd\u00e9partementale des routes M\u00e9diterran\u00e9e\nen mati\u00e8re de police de circulation, conservation du domaine public et priv\u00e9 \nattach\u00e9 au  R\u00e9seau National Structurant (RNS)\nLe directeur interd\u00e9partemental des routes M\u00e9diterran\u00e9e\nVu le code g\u00e9n\u00e9ral des collectivit\u00e9s territoriales\u00a0;\nVu le Code g\u00e9n\u00e9ral de la propri\u00e9t\u00e9 des personnes publiques\u00a0;\nVu le code de la route\u00a0;\nVu le code de la voirie routi\u00e8re\u00a0;\nVu le Code de l'\u00c9nergie\u00a0;\nVu le Code des postes de t\u00e9l\u00e9communications \u00e9lectroniques\u00a0;\nVu le Code de l'Environnement\u00a0;\nVu le Code de l'Expropriation\u00a0;\nVu le Code de la d\u00e9fense R 1311-1 et suivants\u00a0;\nVu la loi n\u00b0 82-213 du 2 mars 1982 modifi\u00e9e relative aux droits et libert\u00e9s des communes,\ndes d\u00e9partements et des r\u00e9gions\u00a0;\nVu la loi n\u00b0 2004-809 du 13 ao\u00fbt 2004 relative aux libert\u00e9s et responsabilit\u00e9s locales\u00a0;\nVu le d\u00e9cret n\u00b0 2004-374 du 29 avril 2004 modifi\u00e9 par le d\u00e9cret n\u00b02010-146 du 16 f\u00e9vrier\n2010,  relatif  aux  pouvoirs  des  pr\u00e9fets,  \u00e0  l'organisation  et  \u00e0  l'action  des  services  et\norganismes publics de l'\u00e9tat dans les r\u00e9gions et d\u00e9partements\u00a0;\nVu  le  d\u00e9cret  n\u00b0  2006-304  du  16  mars  2006  portant  cr\u00e9ation  des  directions\ninterd\u00e9partementales des routes\u00a0;\nSecr\u00e9tariat G\u00e9n\u00e9ral Commun 13 - 13-2025-12-02-00007 - 13 Arr\u00eat\u00e9 subd\u00e9l\u00e9g DBorde RNS 02-12-2025 46\nVu  le  d\u00e9cret  du  Pr\u00e9sident  de  la  R\u00e9publique  en  date  du  19  novembre  2025  portant\nnomination de Monsieur Jacques WITKOWSKI en qualit\u00e9 de pr\u00e9fet de la r\u00e9gion Provence-\nAlpes-C\u00f4te d'Azur, pr\u00e9fet de la zone de d\u00e9fense et de s\u00e9curit\u00e9 Sud, pr\u00e9fet des Bouches-du-\nRh\u00f4ne\u00a0;\nVu l'arr\u00eat\u00e9  interminist\u00e9riel  du  29  mai  2006  portant  constitution  des  directions\ninterd\u00e9partementales des routes, notamment son article 7 fixant le ressort territorial et le\nsi\u00e8ge de la direction interd\u00e9partementale des routes M\u00e9diterran\u00e9e\u00a0;\nVu l'arr\u00eat\u00e9 pr\u00e9fectoral du 14 novembre 2006 transf\u00e9rant la responsabilit\u00e9 du r\u00e9seau routier\nnational  structurant  situ\u00e9  dans  le  d\u00e9partement  des  Bouches-du-Rh\u00f4ne  \u00e0  la  direction\ninterd\u00e9partementale des routes M\u00e9diterran\u00e9e\u00a0;\nVu l'arr\u00eat\u00e9 du 21 juillet 2017 portant organisation de la direction interd\u00e9partementale des\nroutes M\u00e9diterran\u00e9e\u00a0;\nVu  l'arr\u00eat\u00e9  du  ministre  de  la  transition  \u00e9cologique  du  8  d\u00e9cembre  2020  portant\nnomination  de  Monsieur  Denis  BORDE,  directeur  interd\u00e9partemental  des  routes\nM\u00e9diterran\u00e9e ;\nVu l'arr\u00eat\u00e9 pr\u00e9fectoral n\u00b013-2025-12-01-00026 du 01 d\u00e9cembre 2025 portant d\u00e9l\u00e9gation de\nsignature \u00e0 Monsieur Denis BORDE, directeur interd\u00e9partemental des routes M\u00e9diterran\u00e9e,\nen mati\u00e8re de police de circulation, conservation du domaine public et priv\u00e9 attach\u00e9 au\nR\u00e9seau National Structurant (RNS)\u00a0;\nVu l'arr\u00eat\u00e9 pr\u00e9fectoral n\u00b013-2025-11-14-00001 du 14 novembre 2025 portant subd\u00e9l\u00e9gation\nde signature aux agents de la direction interd\u00e9partementale des routes M\u00e9diterran\u00e9e en\nmati\u00e8re de police de circulation,  conservation du domaine public et priv\u00e9 attach\u00e9 au\nR\u00e9seau National Structurant (RNS)\nARR\u00caTE\nARTICLE 1\nDans  le  cadre  des  dispositions  de  l'article  1er  de  l'arr\u00eat\u00e9  n\u00b013-2025-12-01-00026  du  01\nd\u00e9cembre 2025   portant d\u00e9l\u00e9gation de signature \u00e0 Monsieur Denis B ORDE, en mati\u00e8re de\npolice de circulation, conservation du domaine public et priv\u00e9 attach\u00e9 au R\u00e9seau National\nStructurant (RNS), en cas d'absence ou d'emp\u00eachement de ce dernier, les d\u00e9l\u00e9gations de\nsignature qui lui sont conf\u00e9r\u00e9es seront exerc\u00e9es par Monsieur St\u00e9phane LEROUX, directeur\nadjoint en charge de l'ing\u00e9nierie, et par  Monsieur Cyrille CORDIER, directeur adjoint en\ncharge de l'exploitation.\nARTICLE 2\nD\u00e9l\u00e9gation de signature est donn\u00e9e , \u00e0 l'effet de signer dans le cadre de leurs attributions\nrespectives,  les  d\u00e9cisions  vis\u00e9es  \u00e0  l'article  1er  de  l'arr\u00eat\u00e9  n\u00b013-2025-12-01-00026  du  01\nd\u00e9cembre 2025 portant d\u00e9l\u00e9gation de signature \u00e0 Monsieur D enis BORDE, en mati\u00e8re de\npolice de circulation, conservation du domaine public et priv\u00e9 attach\u00e9 au R\u00e9seau National\nSecr\u00e9tariat G\u00e9n\u00e9ral Commun 13 - 13-2025-12-02-00007 - 13 Arr\u00eat\u00e9 subd\u00e9l\u00e9g DBorde RNS 02-12-2025 47\nStructurant (RNS), aux agents de la DIRMED d\u00e9sign\u00e9s dans l'annexe 1  selon les conditions\nde cette m\u00eame annexe.\nARTICLE 3\nLa  signature  et  la  qualit\u00e9  du  chef  de  service  d\u00e9l\u00e9gataire  et  des  fonctionnaires\nd\u00e9l\u00e9gataires  devront  \u00eatre  pr\u00e9c\u00e9d\u00e9es  de  la  mention  suivante\u00a0:  Pour  le  pr\u00e9fet  et  par\nd\u00e9l\u00e9gation.\nARTICLE 4\nL'arr\u00eat\u00e9 pr\u00e9fectoral n\u00b013-2025-11-14-00001 du 14 novembre 2025  portant subd\u00e9l\u00e9gation\nde signature aux agents de la direction interd\u00e9partementale des routes M\u00e9diterran\u00e9e en\nmati\u00e8re de police de circulation, conservation du domaine public et priv\u00e9 attach\u00e9 au\nR\u00e9seau National Structurant est caduc.\nARTICLE 5\nLe directeur interd\u00e9partemental des routes M\u00e9diterran\u00e9e est charg\u00e9 de l'ex\u00e9cution du\npr\u00e9sent arr\u00eat\u00e9 qui sera notifi\u00e9 aux int\u00e9ress\u00e9s et publi\u00e9 au Recueil des Actes Administratifs\nde la pr\u00e9fecture des Bouches-du-Rh\u00f4ne.\nFait \u00e0 Marseille, le \nLe pr\u00e9fet\nPour le pr\u00e9fet et par d\u00e9l\u00e9gation,\nLe directeur interd\u00e9partemental des routes \nM\u00e9diterran\u00e9e\n              \n                Denis BORDE\nSecr\u00e9tariat G\u00e9n\u00e9ral Commun 13 - 13-2025-12-02-00007 - 13 Arr\u00eat\u00e9 subd\u00e9l\u00e9g DBorde RNS 02-12-2025 48\nAnnexe 1 \u00e0 l'arr\u00eat\u00e9 de subd\u00e9l\u00e9gation de signature DIRM\u00e9d.relatif au pouvoir de police et a la conservation du domaine public et priv\u00e9 attach\u00e9 au RNS.R\u00e9f\u00e9rence : arr\u00e9t\u00e9 pr\u00e9fectoral n\u00b0 13-2025-12-01-00026 du 01 d\u00e9cembre 2025 portant d\u00e9l\u00e9gation de signature 4 Monsieur Denis BORDEdirecteur interd\u00e9partemental des routes M\u00e9diterran\u00e9e en mati\u00e9re de police de circulation, conservation du domaine public et priv\u00e9attach\u00e9 au R\u00e9seau National Structurant (RNS)D\u00e9partement des BOUCHES-DU-RHONESERVICENOM PRENOM FONCTION\nExploitation\nA1 | A2 | A3 | A4 | B1 | B2* | C1 | C2 | C3 | C4 | C5 | D1 E1Chef du SPEP (service politiques deSPEP Alix DREZET l'exploitant et programmationrouti\u00e8re)SPEP Catherine BARRAT' Adjointe au chef du SPEPSPEP David MANSUELLE ! Adjoint au Chef du SPEPSPEP Fr\u00e9d\u00e9ric PASCAL Chef du p\u00f4le conservation dupatrimoine du SPEPDU Matthieu CANAC Chef du DUDU Alm\u00e9ria SENECAT2 Adjointe au chef du DU et cheffedu CIGTDRC R\u00e9gis VALDEYRON Chef du district DRCDRC Yannick MAZAURIN? Adjoint au Chef du DRCCharg\u00e9 de mission grands travaux5DU Bruno FOUQOU & programmation budg\u00e9taireou Michel PELLETS Responsable Entretien et\n1 en cas d'absence ou d'emp\u00e9chement justifi\u00e9 du chef du SPEP2 en cas d'absence ou d'emp\u00eachement justifi\u00e9 du chef du district du DU3 en cas d'absence ou d'emp\u00eachement justifi\u00e9 du chef du DRC4 en cas d'absence ou d'emp\u00eachement justifi\u00e9 de la DIRECTION5 en cas d'absence ou d'emp\u00eachement justifi\u00e9 du chef de district et de son adjointe et/ou en cas d'astreinteLe Directeur Interd\u00e9partemental des Routes M\u00e9diterran\u00e9e\nDenis BORDE\n\u25aa \u25aa \u25aa \u25aa \u25aa \u25aa \u25aa \u25aa \u25aa \u25aa \u25aa \u25aa \u25aa\n\u25aa \u25aa \u25aa \u25aa \u25aa \u25aa \u25aa \u25aa \u25aa \u25aa \u25aa \u25aa \u25aa\n\u25aa \u25aa \u25aa \u25aa \u25aa \u25aa \u25aa \u25aa \u25aa \u25aa \u25aa \u25aa \u25aa\n\u25aa \u25aa \u25aa \u25aa\n\u25aa \u25aa \u25aa \u25aa \u25aa \u25aa \u25aa \u25aa \u25aa \u25aa \u25aa \u25aa \u25aa\n\u25aa \u25aa \u25aa \u25aa \u25aa \u25aa \u25aa \u25aa \u25aa \u25aa \u25aa \u25aa \u25aa\n\u25aa \u25aa \u25aa \u25aa \u25aa \u25aa \u25aa \u25aa \u25aa \u25aa \u25aa \u25aa \u25aa\n\u25aa \u25aa \u25aa \u25aa \u25aa \u25aa \u25aa \u25aa \u25aa \u25aa \u25aa \u25aa\n\u25aa\n\u25aa\nSecr\u00e9tariat G\u00e9n\u00e9ral Commun 13 - 13-2025-12-02-00007 - 13 Arr\u00eat\u00e9 subd\u00e9l\u00e9g DBorde RNS 02-12-2025 49\nSecr\u00e9tariat G\u00e9n\u00e9ral Commun 13\n13-2025-12-02-00008\nDS Maquette DSAC S\u00e9curit\u00e9 a\u00e9roportuaire\nSecr\u00e9tariat G\u00e9n\u00e9ral Commun 13 - 13-2025-12-02-00008 - DS Maquette DSAC S\u00e9curit\u00e9 a\u00e9roportuaire 50\nPREFETDES BOUCHES-DU-RHONELibert\u00e9Egalit\u00e9Fraternit\u00e9\nSecr\u00e9tariat g\u00e9n\u00e9ral commun\n_________________________________________________________________________________\nArr\u00eat\u00e9 portant d\u00e9l\u00e9gation de signature\n\u00e0 Madame Emmanuelle BLANC,\ndirectrice de la direction interr\u00e9gionale de la S\u00e9curit\u00e9 de l'Aviation Civile Sud-Est\n_________________________________________________________________________________\nLe Pr\u00e9fet de la r\u00e9gion Provence-Alpes-C\u00f4te d'Azur\nPr\u00e9fet de la zone de d\u00e9fense et de s\u00e9curit\u00e9 Sud\nPr\u00e9fet des Bouches-du-Rh\u00f4ne\nVu le code des transports ;\nVu la loi n\u00b0 82-213 du 2 mars 1982 modifi\u00e9e relative aux droits et libert\u00e9s des communes,  \ndes d\u00e9partements et des r\u00e9gions, notamment son article 34 ;\nVu le d\u00e9cret n\u00b0 97-34 du 15 janvier 1997 modifi\u00e9 relatif \u00e0 la d\u00e9concentration des d\u00e9cisions  \nadministratives individuelles ;\nVu le d\u00e9cret n\u00b0 97-1198 du 19 d\u00e9cembre 1997 modifi\u00e9 pris pour l'application aux ministres  \ncharg\u00e9s de transition \u00e9cologique et solidaire, de la coh\u00e9sion des territoires et des relations  \navec les collectivit\u00e9s territoriales du premier alin\u00e9a de l'article 2 du d\u00e9cret n\u00b0 97-34 du 15  \njanvier 1997 relatif \u00e0 la d\u00e9concentration des d\u00e9cisions administratives individuelles ;\nVu le d\u00e9cret n\u00b0 2004-374 du 29 avril 2004 modifi\u00e9, relatif aux pouvoirs des pr\u00e9fets, \u00e0  \nl'organisation et \u00e0 l'action des services de l'Etat dans les r\u00e9gions et les d\u00e9partements,  \nnotamment ses articles 78-1, 78-2 et 78-3 ;\nVu le d\u00e9cret n\u00b0 2008-1299 du 11 d\u00e9cembre 2008 modifi\u00e9 portant cr\u00e9ation de la direction  \nde la s\u00e9curit\u00e9 de l'aviation civile ;\nVu le d\u00e9cret du Pr\u00e9sident de la R\u00e9publique en date du 19 novembre 2025 portant  \nnomination de Monsieur  Jacques WITKOWSKI en qualit\u00e9 de pr\u00e9fet de la r\u00e9gion  \nProvence-Alpes-C\u00f4te  d'Azur,  pr\u00e9fet  de  la  zone  de  d\u00e9fense  et  de  s\u00e9curit\u00e9  Sud, \npr\u00e9fet des Bouches-du-Rh\u00f4ne ;\nVu l'arr\u00eat\u00e9 en date du 20 octobre 2022 nommant Mme Emmanuelle BLANC, ing\u00e9nieure en  \nchef des ponts, des eaux et des for\u00eats, en qualit\u00e9 de directrice de la s\u00e9curit\u00e9 de l'aviation  \ncivile Sud-Est \u00e0 compter du 15 novembre 2022 ;\nVu la d\u00e9cision du 8 juillet 2025 portant organisation de la direction interr\u00e9gionale de la  \ns\u00e9curit\u00e9 de l'Aviation civile Sud Est,\nPlace F\u00e9lix Baret - CS 80001  \u2013 13282 Marseille Cedex 06\nT\u00e9l\u00e9phone : 04.84.35.40.00\nwww.bouches-du-rhone.gouv.fr\nSecr\u00e9tariat G\u00e9n\u00e9ral Commun 13 - 13-2025-12-02-00008 - DS Maquette DSAC S\u00e9curit\u00e9 a\u00e9roportuaire 51\nSur proposition du Secr\u00e9taire G\u00e9n\u00e9ral de la pr\u00e9fecture des Bouches-du-Rh\u00f4ne,\nA R R E T E\nArticle 1\nD\u00e9l\u00e9gation de signature est donn\u00e9e, pour ce qui concerne le d\u00e9partement des Bouches-\ndu-Rh\u00f4ne, \u00e0 Madame Emmanuelle BLANC, ing\u00e9nieure g\u00e9n\u00e9rale des ponts, des eaux et des  \nfor\u00eats, directrice de la direction interr\u00e9gionale de la s\u00e9curit\u00e9 de l'Aviation Civile Sud-Est, \u00e0  \nl'effet de signer dans la limite de ses attributions :\n1)  Les d\u00e9cisions de d\u00e9rogations au niveau minimal de survol, \u00e0 l'exception du survol des  \nagglom\u00e9rations  ou  rassemblements  de  personnes  ou  d'animaux  en  plein  air,  prises  en \napplication des dispositions des articles R. 6211-3 et R. 6211-4 du code des transports ;\n2) Les d\u00e9cisions de d\u00e9livrance, de refus, de suspension et de retrait des agr\u00e9ments des  \npersonnels charg\u00e9s de la mise en \u0153uvre du service de sauvetage et de lutte contre les  \nincendies d'a\u00e9ronefs sur les a\u00e9rodromes de Marseille-Provence et d'Aix-Les Milles, prises en \napplication des dispositions de l'article D. 6332-14 du code des transports ;\n3) Les d\u00e9cisions de d\u00e9livrance des autorisations d'acc\u00e8s au c\u00f4t\u00e9 piste des a\u00e9rodromes du  \nd\u00e9partement des Bouches-du-Rh\u00f4ne, prises en application des dispositions de l'article R. \n6342-14 du code des transports ;\n4) Les d\u00e9cisions, prises en application des dispositions de l'article R. 6342-24 du code des  \ntransports, de d\u00e9livrance des titres de circulation des personnes permettant l'acc\u00e8s et la  \ncirculation en zone de s\u00fbret\u00e9 \u00e0 acc\u00e8s r\u00e9glement\u00e9 des a\u00e9rodromes du d\u00e9partement des  \nBouches-du-Rh\u00f4ne, et les d\u00e9cisions de d\u00e9livrance des titres de circulation dans certaines  \ninstallations \u00e0 usage a\u00e9ronautique pr\u00e9vues \u00e0 l'article 2 de l'arr\u00eat\u00e9 du 26 novembre 2007  \npris en application du d\u00e9cret n\u00b0 2007-775 du 9 mai 2007 relatif \u00e0 la s\u00fbret\u00e9 de l'aviation  \ncivile ;\n5) Les d\u00e9cisions de d\u00e9livrance des habilitations pr\u00e9alables \u00e0 l'acc\u00e8s des personnes en zone  \nde s\u00fbret\u00e9 \u00e0 acc\u00e8s r\u00e9glement\u00e9 des a\u00e9rodromes du d\u00e9partement des Bouches-du-Rh\u00f4ne, \u00e0  \ncertaines  installations  \u00e0  usage  a\u00e9ronautique,  ou  des  personnes  ayant  acc\u00e8s  aux  \napprovisionnements de bord s\u00e9curis\u00e9s ainsi qu'au fret, aux colis postaux ou au courrier  \npostal s\u00e9curis\u00e9 par un agent habilit\u00e9 ou ayant fait l'objet de contr\u00f4les de s\u00fbret\u00e9 par un  \nchargeur connu et identifi\u00e9s comme devant \u00eatre achemin\u00e9s par voie a\u00e9rienne, prises en  \napplication des articles L. 6342-3, R. 6342-19 et R. 6342-20 du code des transports ;\n6)  Les  d\u00e9cisions  de  r\u00e9tention  d'a\u00e9ronef  fran\u00e7ais  ou  \u00e9tranger  qui  ne  remplit  pas  les \nconditions  pr\u00e9vues  par  la  sixi\u00e8me  partie  du  code  des  transports  pour  se  livrer  \u00e0  la \ncirculation a\u00e9rienne ou dont le pilote a commis une infraction au sens de ce code, prises  \nen application des dispositions de l'article L. 6231-1 du code des transports.\nArticle 2\nEn application de l'article 6 du d\u00e9cret n\u00b0 2008-1299 modifi\u00e9 du 11 d\u00e9cembre 2008 susvis\u00e9,  \nla d\u00e9l\u00e9gation qui est consentie \u00e0 Madame Emmanuelle BLANC \u00e0 l'article 1 er pourra \u00eatre  \nexerc\u00e9e par :\n2 / 3\nSecr\u00e9tariat G\u00e9n\u00e9ral Commun 13 - 13-2025-12-02-00008 - DS Maquette DSAC S\u00e9curit\u00e9 a\u00e9roportuaire 52\n1\u00b0  Mme  Val\u00e9rie  FULCRAND-VINCENT,  adjointe  \u00e0  la  directrice,  charg\u00e9e  des  affaires \ntechniques ;\n2\u00b0  M.  Benjamin  VIALARD,  chef  de  la  division  op\u00e9rations  a\u00e9riennes,  pour  les  actes \nmentionn\u00e9s au 1) et 6) de l'article 1er.\n3\u00b0 M. Gilles DARBOS, chef de la division a\u00e9roports et navigation a\u00e9rienne, pour les actes  \nmentionn\u00e9s au 2) de l'article 1er ;\n4\u00b0 M. Gilles RAYMOND, chef de la division s\u00fbret\u00e9, pour les d\u00e9cisions mentionn\u00e9es aux 3), 4) \net 5) de l'article 1er ;\n5\u00b0  M.  S\u00e9bastien  FROMENT,  adjoint  au  chef  de  la  division  s\u00fbret\u00e9,  pour  les  d\u00e9cisions \nmentionn\u00e9es aux 3), 4) et 5) de l'article 1er ;\n6\u00b0 M. Julien CARRILLO, inspecteur de la surveillance s\u00fbret\u00e9, pour les d\u00e9cisions mentionn\u00e9es \naux 3), 4) et 5) de l'article 1er ;\n7\u00b0 M. Erik DELMAS, inspecteur de la surveillance s\u00fbret\u00e9, pour les d\u00e9cisions mentionn\u00e9es  \naux 3), 4) et 5) de l'article 1er ;\n8\u00b0 M.  Gontran  FONTAINE,  inspecteur  de  la  surveillance  s\u00fbret\u00e9,  pour  les  d\u00e9cisions \nmentionn\u00e9es aux 3), 4) et 5) de l'article 1er ;\n9\u00b0 Mme  Estelle  MASSIEUX,  inspecteur  de  la  surveillance  s\u00fbret\u00e9,  pour  les  d\u00e9cisions \nmentionn\u00e9es aux 3), 4) et 5) de l'article 1er ;\n10\u00b0  Mme  Isabelle  MELLOUL,  inspecteur  de  la  surveillance  s\u00fbret\u00e9,  pour  les  d\u00e9cisions \nmentionn\u00e9es aux 3), 4) et 5) de l'article 1er.\nArticle 3\nLe pr\u00e9sent arr\u00eat\u00e9 entrera en vigueur le lendemain de sa publication, date \u00e0 partir de  \nlaquelle toutes les dispositions ant\u00e9rieures et contraires au pr\u00e9sent arr\u00eat\u00e9 seront caduques.\nArticle 4\nLe secr\u00e9taire g\u00e9n\u00e9ral de la pr\u00e9fecture des Bouches-du-Rh\u00f4ne et la directrice de la direction \ninterr\u00e9gionale de la s\u00e9curit\u00e9 de l'Aviation Civile Sud-Est sont charg\u00e9s, chacun en ce qui le  \nconcerne,  de  l'ex\u00e9cution  du  pr\u00e9sent  arr\u00eat\u00e9  qui  sera  publi\u00e9  au  recueil  des  actes \nadministratifs de la pr\u00e9fecture des Bouches-du-Rh\u00f4ne.\nFait \u00e0 Marseille, le 1er d\u00e9cembre 2025\nLe pr\u00e9fet,\nSign\u00e9\nJacques Witkowski\n3 / 3\nSecr\u00e9tariat G\u00e9n\u00e9ral Commun 13 - 13-2025-12-02-00008 - DS Maquette DSAC S\u00e9curit\u00e9 a\u00e9roportuaire 53\nSecr\u00e9tariat g\u00e9n\u00e9ral pour l'administration du\nminist\u00e8re de l'int\u00e9rieur\n13-2025-12-01-00064\nArr\u00eat\u00e9 du 1er d\u00e9cembre 2025 donnant\nd\u00e9l\u00e9gation d'ordonnancement secondaire -\nSGZDS\nSecr\u00e9tariat g\u00e9n\u00e9ral pour l'administration du minist\u00e8re de l'int\u00e9rieur - 13-2025-12-01-00064 - Arr\u00eat\u00e9 du 1er d\u00e9cembre 2025 donnant\nd\u00e9l\u00e9gation d'ordonnancement secondaire - SGZDS 54\n|PREFETDE LA ZONEDE D\u00c9FENSE |ET DE S\u00c9CURIT\u00c9SUDLibert\u00e9Egalit\u00e9Fraternit\u00e9\nSecr\u00e9tariat g\u00e9n\u00e9ral de la zone de d\u00e9fense et de s\u00e9curit\u00e9 Sud\nSecr\u00e9tariat g\u00e9n\u00e9ral pour l'administration\n du minist\u00e8re de l'Int\u00e9rieur Sud\nArr\u00eat\u00e9 du 1er d\u00e9cembre 2025 donnant d\u00e9l\u00e9gation d'ordonnancement secondaire\nLe secr\u00e9taire g\u00e9n\u00e9ral \nde la zone de d\u00e9fense et de s\u00e9curit\u00e9 Sud,\nVu la loi organique n\u00b02001-692 du 1er ao\u00fbt 2001 modifi\u00e9e relative aux lois de finances ;\nVu le code de la d\u00e9fense ;\nVu le code de la s\u00e9curit\u00e9 int\u00e9rieure ;\nVu le d\u00e9cret n\u00b02012-1151 du 15 octobre 2012 modifi\u00e9 relatif \u00e0 l'organisation et \u00e0 l'action des\nservices de l'\u00c9tat dans le d\u00e9partement des Bouches-du-Rh\u00f4ne ;\nVu le d\u00e9cret n\u00b02012-1246 du 7 novembre 2012 modifi\u00e9 relatif \u00e0 la gestion budg\u00e9taire et\ncomptable publique ;\nVu le d\u00e9cret n\u00b02014-296 du 6 mars 2014 relatif aux secr\u00e9tariats g\u00e9n\u00e9raux pour l'administration\ndu minist\u00e8re de l'Int\u00e9rieur et modifiant diverses dispositions du code de la d\u00e9fense et de la\ns\u00e9curit\u00e9 int\u00e9rieure ;\nVu le d\u00e9cret du 26 ao\u00fbt 2025 portant nomination de M. Romain DELMON, en qualit\u00e9 de\nsecr\u00e9taire g\u00e9n\u00e9ral de la zone de d\u00e9fense et de s\u00e9curit\u00e9 Sud aupr\u00e8s du pr\u00e9fet de la r\u00e9gion\nProvence-Alpes-C\u00f4te d'Azur, pr\u00e9fet de la zone de d\u00e9fense et de s\u00e9curit\u00e9 Sud, pr\u00e9fet des\nBouches-du-Rh\u00f4ne ;\nVu l'arr\u00eat\u00e9 interminist\u00e9riel du 8 d\u00e9cembre 1993 modifi\u00e9 portant r\u00e8glement de comptabilit\u00e9\npour la d\u00e9signation des ordonnateurs secondaires et de leurs d\u00e9l\u00e9gu\u00e9s ;\nVu l'arr\u00eat\u00e9 minist\u00e9riel du 6 mars 2014 portant organisation des secr\u00e9tariats g\u00e9n\u00e9raux pour\nl'administration du minist\u00e8re de l'Int\u00e9rieur ;\nVu  l'arr\u00eat\u00e9  minist\u00e9riel  du  16  mai  2023  portant  r\u00e9int\u00e9gration  de  Monsieur  David\nPREUD'HOMME en qualit\u00e9 de secr\u00e9taire g\u00e9n\u00e9ral adjoint pour l'administration du minist\u00e8re de\nl'Int\u00e9rieur Sud \u00e0 compter du 1er ao\u00fbt 2023 ;\nVu l'arr\u00eat\u00e9 pr\u00e9fectoral du 24 juillet 2014 portant organisation du secr\u00e9tariat g\u00e9n\u00e9ral pour\nl'administration du minist\u00e8re de l'Int\u00e9rieur (SGAMI) de la zone de d\u00e9fense et de s\u00e9curit\u00e9 Sud ;\nSecr\u00e9tariat g\u00e9n\u00e9ral pour l'administration du minist\u00e8re de l'int\u00e9rieur - 13-2025-12-01-00064 - Arr\u00eat\u00e9 du 1er d\u00e9cembre 2025 donnant\nd\u00e9l\u00e9gation d'ordonnancement secondaire - SGZDS 55\nVu l'arr\u00eat\u00e9 pr\u00e9fectoral du 1 er d\u00e9cembre 2025 portant d\u00e9l\u00e9gation de signature \u00e0 Monsieur\nRomain DELMON, secr\u00e9taire g\u00e9n\u00e9ral de la zone de d\u00e9fense et de s\u00e9curit\u00e9 Sud ;\nVu les d\u00e9l\u00e9gations de gestion pour l'ordonnancement secondaire des recettes et des d\u00e9 -\npenses de l'\u00c9tat imput\u00e9es sur les programmes  129,152, 161, 176, 207, 216, 303, 348, 349, 354,\n362, 363, 723, 780 ;\nSur proposition du secr\u00e9taire g\u00e9n\u00e9ral adjoint pour l'administration du minist\u00e8re de l'Int\u00e9rieur\nSud ; \nConsid\u00e9rant que la d\u00e9l\u00e9gation d'ordonnancement secondaire ne transmet pas au d\u00e9l\u00e9gataire\nla qualit\u00e9 d'ordonnateur ; \nConsid\u00e9rant que la responsabilit\u00e9 de l'ordonnateur reste donc au niveau du d\u00e9l\u00e9gant, ce qui\nengage  les  d\u00e9l\u00e9gataires  et  agents  autoris\u00e9s  \u00e0  exercer  les  missions  d'ordonnancement\nsecondaire \u00e0 la v\u00e9rification de l'habilitation \u00e0 signer de tous les actes qu'ils re\u00e7oivent en\ntraitement,\nA R R E T E\nArticle 1 portant sur les missions relevant du programme 176 police nationale, pour la zone\nde d\u00e9fense et de s\u00e9curit\u00e9 Sud :\nArticle  1-1  : Donne  d\u00e9l\u00e9gation  aux  agents  suivants  pour  r\u00e9aliser,  dans  CHORUS,  la\nprogrammation et le pilotage des cr\u00e9dits relevant du programme 176 : \n- BOP n\u00b0 7 \u2013 BOP zone de d\u00e9fense et de s\u00e9curit\u00e9 Sud en qualit\u00e9 de RBOP d\u00e9l\u00e9gu\u00e9 du 0176-\nDsud ;\n- BOP n\u00b0 1 \u2013 \u00ab  Commandement, soutien et logistique  \u00bb en qualit\u00e9 de RUO du centre financier\n0176-CCSC-DM13.\n\uf0b7 Monsieur  David  PREUD'HOMME,  secr\u00e9taire  g\u00e9n\u00e9ral  adjoint  pour  l'administration  du\nminist\u00e8re de l'Int\u00e9rieur Sud ;\n\uf0b7 Monsieur S\u00e9bastien TRUET, attach\u00e9 hors classe d'administration de l'\u00c9tat, directeur de\nl'administration g\u00e9n\u00e9rale et des finances ;\n\uf0b7 Monsieur  Fr\u00e9d\u00e9ric  BAILH\u00c9,  attach\u00e9  hors  classe  d'administration  de  l'\u00c9tat,  conseiller\nd'administration du minist\u00e8re de l'Int\u00e9rieur, directeur adjoint de l'administration g\u00e9n\u00e9rale\net des finances ;\n\uf0b7 Monsieur Jean-Pierre CARL\u00c9, attach\u00e9 hors classe d'administration de l'\u00c9tat, chef du bureau\ndu budget ;\n\uf0b7 Monsieur Laurent LUCZAK, attach\u00e9 d'administration de l'\u00c9tat, adjoint au chef du bureau du\nbudget ;\n\uf0b7 Madame Sylvie HOARAU, secr\u00e9taire administrative de classe normale, cheffe de la section\nprogramme 176 \u2013 BOP 7 ;\n\uf0b7 Major Eric BALZARINI, section programme 176 \u2013 BOP 7 ;\n\uf0b7 Madame Julie LUCAS, secr\u00e9taire administrative de classe normale, adjointe \u00e0 la cheffe de la\nsection programme 176 \u2013 BOP 7 ;\nSecr\u00e9tariat g\u00e9n\u00e9ral pour l'administration du minist\u00e8re de l'int\u00e9rieur - 13-2025-12-01-00064 - Arr\u00eat\u00e9 du 1er d\u00e9cembre 2025 donnant\nd\u00e9l\u00e9gation d'ordonnancement secondaire - SGZDS 56\n\uf0b7 Madame Liliane BROTO, secr\u00e9taire administrative de classe normale, cheffe de section\nprogramme 176 \u2013 BOP 1 ;\n\uf0b7 Madame  V\u00e9ronique  PELLERIN,  adjointe  administrative  principale  de  1\u00e8re  classe,\nprogramme 176 \u2013 BOP 7.\n\uf0b7 Madame Christelle HENRY, adjointe administrative principale de 2\u00e8me classe, programme\n176 \u2013 BOP 7 ;\n\uf0b7 Madame Justine BIET, adjointe administrative principale 2  classe, \u1d49 programme 176 \u2013 BOP 1 ;\n\uf0b7 Madame Ana\u00efs ROCH, adjointe administrative principale de 2\u00e8me classe, programme 176 \u2013\nBOP 7.\nArticle 1-2 : Donne d\u00e9l\u00e9gation aux agents suivants pour  exprimer les besoins relevant des cr\u00e9 -\ndits de fonctionnement engag\u00e9s sur le centre financier  0176-CCSC-DM13 qui leur ont \u00e9t\u00e9\nadress\u00e9s par les chefs de services d\u00fbment habilit\u00e9s, dans la limite des montants fix\u00e9s pour\nchacun d'eux, ainsi qu'\u00e0 constater et certifier le service fait :\nNOM Pr\u00e9nom NOM Pr\u00e9nom NOM Pr\u00e9nom\nABDECHCHAFI Marine AHMED Natacha ARNOLDY Florence\n AMIRATY V\u00e9ronique BALZARINI Eric BATIFOULIER Nicolas\nIVALDI  M\u00e9lina  affect\u00e9e  le  1er  novembre\n2025 BEURDELEY Henri BONIFAY Anthony\nBOUWE Lie BROTO Liliane CAMBON Marie-Ange\nCARACCI Jeremie CARL\u00c9 Jean-Pierre CARLI Catherine\nCOLLIGNON Genevi\u00e8ve COSTE St\u00e9phanie ESTEVE Micha\u00ebl\nFABIE Cyril GONZALEZ Fran\u00e7ois HENRY Christelle\nHOARAU Sylvie HEDHLI Amal  KADDOUCHE Sophie\nDE BRITO CARVALHOSO Laura (DR2A) ILLIANO Cl\u00e9mence LE BERRE-LACHAUX Sophie (Cezoc)\nLABARDE Jean-Pierre LATTARD Christophe  LUCAS Julie\nLUCZAK Laurent  LONGUETEAU Vanaraj MARTIN Andr\u00e9a\nMOUNIER Sandra NADEAU Sandrine ORPHELIN Audrey\n PASQUIER Vincent  PELLERIN V\u00e9ronique PERINI Jacques\nORICELLI Gabrielle AMRI Farida REYNIER B\u00e9atrice\nROCH Ana\u00ees PATARD G\u00e9raldine SAUGEZ Lo\u00efc\nSECCHI Nadia\nVALLICCIONI Caroline SAID A\u00efssatou\nBIET Justine BEDDAR Hocine DIXMIER Val\u00e9rie\nCette  proc\u00e9dure  d\u00e9mat\u00e9rialis\u00e9e  sera  effectu\u00e9e  sur  l'interface  informatique  CHORUS\nFormulaires et, le cas \u00e9ch\u00e9ant, sur des formulaires papiers.\nSecr\u00e9tariat g\u00e9n\u00e9ral pour l'administration du minist\u00e8re de l'int\u00e9rieur - 13-2025-12-01-00064 - Arr\u00eat\u00e9 du 1er d\u00e9cembre 2025 donnant\nd\u00e9l\u00e9gation d'ordonnancement secondaire - SGZDS 57\nArticle 1-3 : Donne d\u00e9l\u00e9gation aux  agents suivants pour effectuer le pilotage des cr\u00e9dits du\ncentre de co\u00fbt relevant du centre financier 0176-CCSC-CPFE et pour constater et certifier le\nservice fait sur ce centre financier et le centre financier 0152-CDGN-CDRH :\n\uf0b7 Monsieur  S\u00e9bastien  TRUET,  attach\u00e9  hors  classe  d'administration  de  l'\u00c9tat,  directeur  de\nl'administration g\u00e9n\u00e9rale et des finances ;\n\uf0b7 Monsieur  Fr\u00e9d\u00e9ric  BAILH\u00c9,  attach\u00e9  hors  classe  d'administration  de  l'\u00c9tat,  conseiller\nd'administration du minist\u00e8re de l'Int\u00e9rieur, directeur adjoint de l'administration g\u00e9n\u00e9rale et\ndes finances ;\n\uf0b7 M.  Cyrille  CAMUGLI,  attach\u00e9  principal  d'administration  de  l'\u00c9tat,  chef  du  bureau  du\ncontentieux et du conseil juridique ;\n\uf0b7 Mme H\u00e9l\u00e8ne MARTINEZ, attach\u00e9e principale d'administration de l'\u00c9tat, adjointe au chef du\nbureau du contentieux et du conseil juridiques ;\n\uf0b7 Mme  Louise  ABASSI,  attach\u00e9e  d'administration  de  l'\u00c9tat,  cheffe  du  p\u00f4le  contentieux\nadministratif et conseil juridique ;\n\uf0b7 Mme  La\u00ebtitia  BEDNARZ,  secr\u00e9taire  administrative  de  classe  exceptionnelle,  cheffe  de  la\nsection indemnisation et recouvrement ;\n\uf0b7 Mme  Anne  BERNARD,  secr\u00e9taire  administrative  de  classe  normale,  cheffe  de  la  section\nprotection juridique.\nArticle 2  portant sur les missions  relevant du programme 216 conduite et pilotage des\npolitiques de l'int\u00e9rieur, pour la zone de d\u00e9fense et de s\u00e9curit\u00e9 Sud:\nArticle  2-1 :  Donne  d\u00e9l\u00e9gations  aux  agents  suivants  pour  r\u00e9aliser,  dans  CHORUS,  la\nprogrammation et le pilotage des cr\u00e9dits relevant du programme 216 \u00ab  Conduite et Pilotage\ndes Politiques de l'Int\u00e9rieur \u00bb RUO du centre financier 0216-CSGA-Dsud :\n\uf0b7 Monsieur David PREUD'HOMME, secr\u00e9taire g\u00e9n\u00e9ral adjoint pour l'administration du minist\u00e8re\nde l'Int\u00e9rieur Sud ;\n\uf0b7 Monsieur  S\u00e9bastien  TRUET,  attach\u00e9  hors  classe  d'administration  de  l'\u00c9tat,  directeur  de\nl'administration g\u00e9n\u00e9rale et des finances ;\n\uf0b7 Monsieur  Fr\u00e9d\u00e9ric  BAILH\u00c9,  attach\u00e9  hors  classe  d'administration  de  l'\u00c9tat,  conseiller\nd'administration du minist\u00e8re de l'Int\u00e9rieur, directeur adjoint de l'administration g\u00e9n\u00e9rale et\ndes finances ;\n\uf0b7 Monsieur Jean-Pierre CARL\u00c9, attach\u00e9 hors classe d'administration de l'\u00c9tat, chef du bureau du\nbudget ;\n\uf0b7 Monsieur Laurent LUCZAK, attach\u00e9 d'administration de l'\u00c9tat, adjoint au chef du bureau du\nbudget ;\n\uf0b7 Capitaine David CURATOLO, chef du p\u00f4le programme 216 et 303, bureau du budget  ;\n\uf0b7 Madame Anna-Dea PINNA, attach\u00e9e d'administration de l'\u00c9tat, adjointe au chef du p\u00f4le\nprogramme 216 et 303, bureau du budget ;\n\uf0b7 Madame Sonia ROUMANE, adjointe administrative principale de 1\u00e8re classe ;\n\uf0b7 Madame QUBRI Hakima, adjointe administrative principale de 2\u00e8me classe.\nArticle 2-2  :  Donne d\u00e9l\u00e9gations aux a gents suivants pou r exprimer les besoins  relevant des\ncr\u00e9dits de fonctionnement du SGAMI Sud, sur le centre financier 0216-CSGA-DSud qui leur\nSecr\u00e9tariat g\u00e9n\u00e9ral pour l'administration du minist\u00e8re de l'int\u00e9rieur - 13-2025-12-01-00064 - Arr\u00eat\u00e9 du 1er d\u00e9cembre 2025 donnant\nd\u00e9l\u00e9gation d'ordonnancement secondaire - SGZDS 58\nont \u00e9t\u00e9 adress\u00e9s par les chefs de services d\u00fbment habilit\u00e9s, dans la limite des montants fix\u00e9s\npour chacun d'eux, ainsi qu'\u00e0 constater et certifier le service fait :\nNOM Pr\u00e9nom NOM Pr\u00e9nom NOM Pr\u00e9nom\nABDECHCHAFI Marine AMARI Fadila AOURI Samia\nBAUMIER Marie-Odile PINNA Anna-Dea BEDDAR Hocine\nBONPAIN Patricia  BOUGUERN Najet SALLES David\nCARL\u00c9 Jean-Pierre CASELLA Marjorie VIALARS Marion\nCOLLIGNON Genevi\u00e8ve CURATOLO David DE OLIVEIRA Val\u00e9rie\nDIXMIER Val\u00e9rie ESTEVE Michael FABIE Cyril\nGACQUER Jean-Philippe ZAKARIA Assaendi VALLICCIONI Caroline\nDE BRITO CARVALHOSO Laura (DR2A) FENECH Laetitia GUERRA Lysiane\nILLIANO Cl\u00e9mence QUBRI Hakima HEDHLI Amal\nISSAUTIER Laurent JULLIEN Corinne LATTARD Christophe\n LUCZAK Laurent MALECKI Jaroslaw ORICELLI Gabrielle\nTARROUX Sandrra MOUNIER Sandra NADEAU Sandrine\nMOSCATELLI Muriel DJAOU Halima HOANG Clarisse\nNOURI Anissa ORPHELIN Audrey PICAVET H\u00e9l\u00e8ne\nRAIBALDI Bernadette REGLIONI Jenifer ROUMANE Sonia\nSABATE-DUMONTEIL Karine VICARI Eric SAUGEZ Lo\u00efc\nSCHMERBER Bernadette SECCHI Nadia STOUVENEL Camille\nTAORMINA Alain LABARDE Jean-Pierre SAID A\u00efssatou\nVERDIER Patricia VERZENI Thierry\nCette proc\u00e9dure d\u00e9mat\u00e9rialis\u00e9e sera effectu\u00e9e sur l'interface informatique CHORUS Formu -\nlaires et, le cas \u00e9ch\u00e9ant, sur des formulaires papiers.\nArticle 2-3 : Donne d\u00e9l\u00e9gations aux a gents suivants pou r effectuer le pilotage des cr\u00e9dits de\nl'UO contentieux police et gendarmerie, centre financier  : 0216-CAJC-DSUDet pour constater\net certifier le service fait :\n\uf0b7 Monsieur S\u00e9bastien TRUET, attach\u00e9 hors classe d'administration de l'\u00c9tat, directeur de\nl'administration g\u00e9n\u00e9rale et des finances ;\n\uf0b7 Monsieur  Fr\u00e9d\u00e9ric  BAILH\u00c9,  attach\u00e9  hors  classe  d'administration  de  l'\u00c9tat,  conseiller\nd'administration du minist\u00e8re de l'Int\u00e9rieur, directeur adjoint de l'administration g\u00e9n\u00e9rale\net des finances ;\n\uf0b7 M.  Cyrille  CAMUGLI,  attach\u00e9  principal  d'administration  de  l'\u00c9tat,  chef  du  bureau  du\ncontentieux et du conseil juridique ;\n\uf0b7 Mme H\u00e9l\u00e8ne MARTINEZ, attach\u00e9e principale d'administration de l'\u00c9tat, adjointe au chef du\nbureau du contentieux et du conseil juridiques ;\n\uf0b7 Mme  Louisa ABASSI,  attach\u00e9e  d'administration  de  l'\u00c9tat,  cheffe  du  p\u00f4le  contentieux\nadministratif et conseil juridique ; \nSecr\u00e9tariat g\u00e9n\u00e9ral pour l'administration du minist\u00e8re de l'int\u00e9rieur - 13-2025-12-01-00064 - Arr\u00eat\u00e9 du 1er d\u00e9cembre 2025 donnant\nd\u00e9l\u00e9gation d'ordonnancement secondaire - SGZDS 59\n\uf0b7 Mme La\u00ebtitia BEDNARZ, secr\u00e9taire administrative de classe exceptionnelle, cheffe de la \nsection indemnisation et recouvrement ;\n\uf0b7 Mme Anne BERNARD, secr\u00e9taire administrative de classe normale, cheffe de la section\nprotection juridique.\nArticle 2-4 : Donne d\u00e9l\u00e9gations aux agents suivants pour certifier le service fait concernant les\nfrais de mission et de formation engag\u00e9s par les personnels du SGAMI Sud dans le cadre du\nprogramme 216 :\n\uf0b7 Monsieur S\u00e9bastien TRUET, attach\u00e9 hors classe d'administration de l'\u00c9tat, directeur de l'admi-\nnistration g\u00e9n\u00e9rale et des finances ;\n\uf0b7 Monsieur Fr\u00e9d\u00e9ric BAILH\u00c9, attach\u00e9 hors classe d'administration de l'\u00c9tat, conseiller d'adminis-\ntration du minist\u00e8re de l'Int\u00e9rieur, directeur adjoint de l'administration g\u00e9n\u00e9rale et des fi -\nnances ;\n\uf0b7 Monsieur Jean-Pierre CARL\u00c9, attach\u00e9 hors classe d'administration de l'\u00c9tat, chef du bureau du\nbudget ;\n\uf0b7 Monsieur Laurent LUCZAK, attach\u00e9 d'administration de l'\u00c9tat, adjoint au chef du bureau du\nbudget ;\n\uf0b7 Madame Liliane BROTO, secr\u00e9taire administrative de classe normale, cheffe de section pro -\ngramme 176 \u2013 BOP 1 ;\n\uf0b7 Madame C\u00e9cile HAMOUDI, secr\u00e9taire administrative de classe normale, CHORUS DT ;\n\uf0b7 Madame C\u00e9cile FLORES, adjointe administrative principale seconde classe, CHORUS DT ;\n\uf0b7 Madame Karine SABATE-DUMONTEIL, conseill\u00e8re d'administration de l'int\u00e9rieur et de l'outre-\nmer, d\u00e9l\u00e9gu\u00e9e territoriale de Toulouse ;\n\uf0b7 Madame  Sandrine  TARROUX,  secr\u00e9taire  administratif,  d\u00e9l\u00e9gation  territoriale  de  Toulouse\ncheffe du p\u00f4le administration g\u00e9n\u00e9rale ; \n\uf0b7 Madame Carine MAZZOLO, d\u00e9l\u00e9gation territoriale de Toulouse.\nArticle 3 portant sur les missions relevant du programme 303 lutte contre l'immigration\nirr\u00e9guli\u00e8re, pour la zone de d\u00e9fense et de s\u00e9curit\u00e9 Sud :\nArticle  3-1  : Donne  d\u00e9l\u00e9gations  aux  agents  suivants  pour effectuer,  dans  CHORUS, la\nprogrammation et le pilotage des cr\u00e9dits relatifs au fonctionnement des centres de r\u00e9tention\nadministrative relevant du centre financier 0303-CLII-DSud du programme 303:\n\uf0b7 Monsieur  S\u00e9bastien  TRUET,  attach\u00e9  hors  classe  d'administration  de  l'\u00c9tat,  directeur  de\nl'administration g\u00e9n\u00e9rale et des finances ;\n\uf0b7 Monsieur  Fr\u00e9d\u00e9ric  BAILH\u00c9,  attach\u00e9  hors  classe  d'administration  de  l'\u00c9tat,  conseiller\nd'administration du minist\u00e8re de l'Int\u00e9rieur, directeur adjoint de l'administration g\u00e9n\u00e9rale et\ndes finances ;\n\uf0b7 Monsieur Jean-Pierre CARL\u00c9, attach\u00e9 hors classe d'administration de l'\u00c9tat, chef du bureau du\nbudget ;\n\uf0b7 Monsieur Laurent LUCZAK, attach\u00e9 d'administration de l'\u00c9tat, adjoint au chef du bureau du\nbudget ;\n\uf0b7 Capitaine David CURATOLO, chef du p\u00f4le programme 216 et 303, bureau du budget  ;\n\uf0b7 Madame Anna-Dea PINNA, attach\u00e9e d'administration de l'\u00c9tat, adjointe au chef de p\u00f4le du\nprogramme 216 et 303, bureau du budget ;\n\uf0b7 Madame \u00c9lodie BAROZZI, adjointe administrative principale de 2eclasse ;\n\uf0b7 Madame PATRICOLA Carole, secr\u00e9taire administrative principale de 2eclasse .\nSecr\u00e9tariat g\u00e9n\u00e9ral pour l'administration du minist\u00e8re de l'int\u00e9rieur - 13-2025-12-01-00064 - Arr\u00eat\u00e9 du 1er d\u00e9cembre 2025 donnant\nd\u00e9l\u00e9gation d'ordonnancement secondaire - SGZDS 60\nArticle 3-2 :  Donne d\u00e9l\u00e9gations aux a gents suivants pou r exprimer les besoins  relevant des\ncr\u00e9dits de fonctionnement du SGAMI Sud, sur le centre fi nancier 0303-CLII-DSud qui leur ont\n\u00e9t\u00e9 adress\u00e9s par les chefs de services d\u00fbment habilit\u00e9s, dans la limite des montants fix\u00e9s pour\nchacun d'eux, ainsi qu'\u00e0 constater et certifier le service fait :\nNOM Pr\u00e9nom NOM Pr\u00e9nom NOM Pr\u00e9nom\nBAROZZI Elodie CARL\u00c9 Jean-Pierre CURATOLO David\nPINNA Anna-Dea LUCZAK Laurent PATRICOLA Carole\nArticle 4 portant sur les missions du centre de services partag\u00e9s CHORUS, pour la zone de\nd\u00e9fense et de s\u00e9curit\u00e9 Sud \u2013 MI 5PLTF013\nArticle 4-1 : Donne d\u00e9l\u00e9gations aux agents suivants pour proc\u00e9der \u00e0 l'ordonnancement secon-\ndaire des d\u00e9penses et des recettes de l'\u00c9tat imput\u00e9es sur les programmes 129,152, 161, 176,\n207, 216, 303, 348, 349, 354, 362, 363, 723, 780:\n\uf0b7 M. S\u00e9bastien TRUET, attach\u00e9 hors classe d'administration de l'\u00c9tat, directeur de l'adminis -\ntration g\u00e9n\u00e9rale et des finances ;\n\uf0b7 M. Fr\u00e9d\u00e9ric BAILH\u00c9, attach\u00e9 hors classe d'administration de l'\u00c9tat, directeur adjoint de\nl'administration g\u00e9n\u00e9rale et des finances ;\n\uf0b7 Mme Sylvie BERNARDINI, attach\u00e9e principale d'administration de l'\u00c9tat, cheffe du centre\nde services partag\u00e9s CHORUS ;\n\uf0b7 Mme Jeanine MAWIT, attach\u00e9e d'administration de l'\u00c9tat, adjointe \u00e0 la cheffe du centre de\nservices partag\u00e9s CHORUS ;\n\uf0b7 M. Micka\u00ebl TALLARICO, attach\u00e9 d'administration de l'\u00c9tat, chef du bureau de la perfor -\nmance financi\u00e8re du centre de services partag\u00e9s CHORUS ;\n\uf0b7 M. Aur\u00e9lien WAECHTER, attach\u00e9 principal d'administration de l'\u00c9tat, chef du bureau des\nd\u00e9penses courantes du centre de services partag\u00e9s CHORUS.\nArticle 4-2  : Donne d\u00e9l\u00e9gations aux agents  list\u00e9s dans  l'annexe 1  relevant du centre de ser -\nvices partag\u00e9s CHORUS, ainsi que du bureau du budget, aux fins d'ex\u00e9cution dans CHORUS\ndes d\u00e9cisions des services prescripteurs, et en particulier pour :\n\uf0d8 la saisie :\n\uf0b7 des engagements juridiques (gestionnaire des engagements juridiques- GEJ) ;\n\uf0b7 des demandes de paiement (gestionnaire des demandes de paiement-GDP) ;\n\uf0b7 des engagements de tiers (gestionnaire des engagements de tiers) ;\n\uf0b7 des recettes non fiscales (gestionnaire de recette) ;\n\uf0b7 de la comptabilit\u00e9 auxiliaire des immobilisations (gestionnaire des fiches d'immobilisa -\ntion) ;\n\uf0b7 de la certification du service fait (certificateur du service fait) ;\n\uf0d8 la validation :\n\uf0b7 des engagements juridiques (responsable des engagements juridiques-REJ) ;\n\uf0b7 des demandes de paiement (responsable des demandes de paiement-RDP) ;\n\uf0b7 des engagements de tiers (responsable des engagements de tiers) ;\nSecr\u00e9tariat g\u00e9n\u00e9ral pour l'administration du minist\u00e8re de l'int\u00e9rieur - 13-2025-12-01-00064 - Arr\u00eat\u00e9 du 1er d\u00e9cembre 2025 donnant\nd\u00e9l\u00e9gation d'ordonnancement secondaire - SGZDS 61\n\uf0b7 des recettes non fiscales (responsable de la recette) ;\n\uf0b7 de la comptabilit\u00e9 auxiliaire des immobilisations (responsable de la comptabilit\u00e9 auxiliaire\ndes immobilisations \u2013 RCAI).\nARTICLE  5  portant d\u00e9penses de personnel, de frais de changement de r\u00e9sidence et de frais\nm\u00e9dicaux.\n5-1 :  Donne d\u00e9l\u00e9gations aux a gents suivants pour  proc\u00e9der \u00e0 l'ordonnancement secondaire\ndes d\u00e9penses de l'\u00c9tat et uniquement :\n\uf0b7 pour le minist\u00e8re 209, programmes 152, 216, 161, 176, 232 et 354,\n\uf0b7 pour le minist\u00e8re 245, programme 147,\n\uf0b7 pour le minist\u00e8re 250, programme 148,\n\uf0b7 en vue de la liquidation des d\u00e9penses de titre II hors PSOP et de la liquidation des\nfrais de changement de r\u00e9sidence : \n\uf0b7 Madame Nadia SECCHI, conseill\u00e8re d'administration du minist\u00e8re de l'In -\nt\u00e9rieur, directrice des ressources humaines,\n\uf0b7 Madame Caroline VALLICCIONI,  attach\u00e9e principale d'administration de\nl'\u00c9tat,  adjointe \u00e0 la directrice des ressources humaines (\u00e0 compter du 1er d\u00e9 -\ncembre 2025),\n\uf0b7 Madame Sandrine GUINTI, attach\u00e9e principale d'administration de l'\u00c9tat,\ncheffe du p\u00f4le d'expertise et de services,\n\uf0b7 Madame  Marie-Christelle  TRISTANI,  attach\u00e9e  d'administration  de  l'\u00c9tat,\nadjointe \u00e0 la cheffe du p\u00f4le d'expertise et de services.\n \n5-2  : Dans le cadre de la  pr\u00e9-liquidation des r\u00e9mun\u00e9rations  en mode gestion int\u00e9gr\u00e9e du\nsyst\u00e8me d'information RH, donne d\u00e9l\u00e9gations aux a gents suivants pour  signer les certificats\nou pi\u00e8ces justificatives adress\u00e9s au comptable :\n\uf0b7 Madame  Nadia  SECCHI,  attach\u00e9e  principale  d'administration  de  l'\u00c9tat,  conseill\u00e8re\nd'administration du minist\u00e8re de l'Int\u00e9rieur, directrice des ressources humaines ;\n\uf0b7 Madame Caroline VALLICCIONI, attach\u00e9e principale d'administration de l'\u00c9tat, adjointe \u00e0\nla directrice des ressources humaines (\u00e0 compter du 1er d\u00e9cembre 2025) ;\n\uf0b7 Madame Ad\u00e8le BOUFELDJA, attach\u00e9e d'administration de l'\u00c9tat, cheffe du bureau des\npersonnels administratifs, techniques et scientifiques concernant les policiers adjoints ;\n\uf0b7 Madame  Fanny  ARTERO, attach\u00e9e  d'administration  de  l'\u00c9tat,  adjointe  \u00e0  la  cheffe  du\nbureau des personnels administratifs, techniques et scientifiques concernant l es policiers\nadjoints ;\n\uf0b7 Monsieur Michel BOURELLY, attach\u00e9 principal d'administration de l'\u00c9tat, chef du bureau\ndes actifs\n\uf0b7 Madame Fabienne ROUCAIROL, attach\u00e9e principale d'administration de l'\u00c9tat, adjointe\nau  chef  du  bureau  des  actifs,  concernant  les  personnels  r\u00e9servistes  et  l'avantage\nsp\u00e9cifique d'anciennet\u00e9 ; \n\uf0b7 Madame Camille CHEVALLIER, attach\u00e9e d'administration de l'\u00c9tat, cheffe du bureau des\ncontractuels.\n5-3 : Donne d\u00e9l\u00e9gations aux agents suivants pour r\u00e9aliser la programmation et le pilotage des\ncr\u00e9dits relatifs aux frais m\u00e9dicaux, ainsi qu'\u00e0 la constatation et la certification du service fait :\n\uf0b7 Madame  Nadia  SECCHI,  conseill\u00e8re  d'administration  du  minist\u00e8re  de  l'Int\u00e9rieur,\ndirectrice des ressources humaine ;\nSecr\u00e9tariat g\u00e9n\u00e9ral pour l'administration du minist\u00e8re de l'int\u00e9rieur - 13-2025-12-01-00064 - Arr\u00eat\u00e9 du 1er d\u00e9cembre 2025 donnant\nd\u00e9l\u00e9gation d'ordonnancement secondaire - SGZDS 62\n\uf0b7 Madame  Caroline  VALLICCIONI,  attach\u00e9e  principale  d'administration  de  l'\u00c9tat,\nadjointe \u00e0 la directrice des ressources humaines (\u00e0 compter du 1er d\u00e9cembre 2025) ;\n\uf0b7 Madame Isabelle FAU, attach\u00e9e principale d'administration de l'\u00c9tat, cheffe du bureau\ndes affaires m\u00e9dicales et sociales ;\n\uf0b7 Monsieur  Jean-Laurent  GASPARD,  attach\u00e9  d'administration  de  l'\u00c9tat,  adjoint  \u00e0  la\ncheffe du bureau des affaires m\u00e9dicales et sociales.\n \n5-4 : Au titre de la d\u00e9l\u00e9gation territoriale de Toulouse, donne d\u00e9l\u00e9gations aux agents suivants\npour la constatation et certification du service fait des frais m\u00e9dicaux :\n\uf0b7 Madame  Nadia  SECCHI,  conseill\u00e8re  d'administration  du  minist\u00e8re  de  l'Int\u00e9rieur,\ndirectrice des ressources humaines ;\n\uf0b7 Madame  Caroline  VALLICCIONI,  attach\u00e9e  principale  d'administration  de  l'\u00c9tat,\nadjointe \u00e0 la directrice des ressources humaines (\u00e0 compter du 1er d\u00e9cembre 2025) ;\n\uf0b7 Madame Isabelle PEREZ, attach\u00e9e d'administration de l'\u00c9tat , adjointe \u00e0 la cheffe du\nbureau des affaires sociales.\nARTICLE   6  \nL'arr\u00eat\u00e9  du 10  novembre  2025  portant  d\u00e9l\u00e9gation  d'ordonnancement  secondaire  des\nrecettes et des d\u00e9penses imput\u00e9es sur le budget de l'\u00c9tat au titre des diff\u00e9rents programmes\nex\u00e9cut\u00e9s par le SGAMI Sud et le Centre de Services Partag\u00e9s SGAMI Sud est abrog\u00e9.\nARTICLE   7  \nLe secr\u00e9taire g\u00e9n\u00e9ral adjoint pour l'administration du minist\u00e8re de l'Int\u00e9rieur Sud est charg\u00e9\nde  l'ex\u00e9cution  du  pr\u00e9sent  arr\u00eat\u00e9  qui  sera  publi\u00e9  au  recueil  des  actes  administratifs  des\npr\u00e9fectures chefs-lieux des r\u00e9gions PACA, Occitanie et Corse.\nFait \u00e0 Marseille, le 1er d\u00e9cembre 2025\nSign\u00e9\nRomain DELMON\nLe secr\u00e9taire g\u00e9n\u00e9ral de la zone\n                                                                                      de d\u00e9fense et de s\u00e9curit\u00e9 Sud\nSecr\u00e9tariat g\u00e9n\u00e9ral pour l'administration du minist\u00e8re de l'int\u00e9rieur - 13-2025-12-01-00064 - Arr\u00eat\u00e9 du 1er d\u00e9cembre 2025 donnant\nd\u00e9l\u00e9gation d'ordonnancement secondaire - SGZDS 63\nAnnexe 1 :\nListe des agents habilit\u00e9s \u00e0 l'article 4-2 aux fins d'ex\u00e9cution dans CHORUS des d\u00e9cisions des services prescripteurs\nSAISIE VALIDATION\nNom Pr\u00e9nom GEJ GDP\nGestionnaires\ndes engage-\nment de Tiers\nGestion-\nnaire de\nrecette\nGestion-\nnaire des\nfiches\nd'immobi-\nlisation\nCerti-\nfica-\nteur\ndu ser-\nvice\nfait\nREJ RDP\nResponsable\ndes engage-\nment de Tiers\nRespon-\nsable\nde la re-\ncette\nRC\nAI\nAPELIAN Josiane X X X X X X X\nBERNARDINI Sylvie X X X\nBOSC Alice X X X X X\nBOUET Marl\u00e8ne X X X X X X\nBRUNA Val\u00e9rie X X X\nBUADES Emilie X X\nCARACENA Laura X X X X X X\nCASTELAIN\n(MATHIEUX) Elisabeth X X X X X X\nCAUSSAT Elsa X X X\nCELENTANO Anne X X X X X X\nCHAKRI Zaineb X X X X X\nCHAURIS Jos\u00e9e-Laure X X X X X X\nCOGNE Beno\u00eet X X X X X\nCORNEVIN V\u00e9ronique X X X X\nCOURCIER Coralie X X X\nDAL Sylvie X X X X X X X X\nDECKERT Lydie X X X X\nDEGEILH Isabelle X X X X\nDEKHIL Farida X X X X\nDEMMANE-\nDEBBIH Im\u00e8ne X X X X X\nDI-MARTINO Fabio X X X\nDINOT Anne-Marie X X X X X X X X\nDJERIBIE Ida X X X X X\nDOUNA Sandy X X X X X X\nED-DOUAZI Nassima X X X X X\nENGEL Nathalie X X X X X\nESCOUBET Romain X X X X X\nETIENNE GER-\nMAN H\u00e9l\u00e8ne X X X X X X X X X\nFANISE Magali X X X X\nFATAN\n(ABIDALLAH) Amira X X X X\nFORTUNATO Joe X X X X X\nGABOURG Martiny X X X X X X X X X\nGACONIER Sylvie X X X X X X X\nGALIBERT Jean-Paul X X X X X X X X\nGALIBERT V\u00e9ronique X X X X X X\nSecr\u00e9tariat g\u00e9n\u00e9ral pour l'administration du minist\u00e8re de l'int\u00e9rieur - 13-2025-12-01-00064 - Arr\u00eat\u00e9 du 1er d\u00e9cembre 2025 donnant\nd\u00e9l\u00e9gation d'ordonnancement secondaire - SGZDS 64\nAnnexe 1 :\nListe des agents habilit\u00e9s \u00e0 l'article 4-2 aux fins d'ex\u00e9cution dans CHORUS des d\u00e9cisions des services prescripteurs\nSAISIE VALIDATION\nNom Pr\u00e9nom GEJ GDP\nGestion-\nnaires des\nengagement\nde Tiers\nGestion-\nnaire de\nrecette\nGestionnaire\ndes fiches\nd'immobilisa-\ntion\nCertifica-\nteur du ser-\nvice fait\nREJ RDP\nResponsable des\nengagement de\nTiers\nRespon-\nsable\nde la re-\ncette\nRC\nAI\nGANGAI Solange X X X X X X\nGARNIER Nathalie X X X X\nGELLIBERT Isabelle X X X X\nGRANDIN Catherine X X X X X X X X X\nGRAZIANI Anthony X X X\nHASSANI Kahina X X X\nHERNANDEZ Emmanuel X X X X X\nHNACIPAN Schulz X X X X X X X X X\nHULMANN Jessica X X X X\nIBERSIENE\n(COURTY) Soazig X X X X X X X X X X\nJEBALI Wafa X X X X X X\nKUNCEVICIUS Muriel X X X\nLUCETTE Lauranne X X X X X X\nLUCIANAZ Val\u00e9rie X X X\nMACRET Sophie X X X X X X\nMANCINO Gwendo-\nline X X X X\nMARQUOIN LA-\nROUI Isabelle X X X X X X X X\nMARTIN Isabelle X X X X X\nMAS Morgane X X X X\nMATTEI Magali X X X X X\nMAWIT Jeanine X X X\nMEJRI Ibtisame X X X X X X\nMESNARD C\u00e9line X X X X\nMOHAMADI In\u00e8s X X X\nMONETA-\nBILLARDELLO C\u00e9cile X X X X\nNABEL Amar X X X X\nNABIL Rajae X X X X X X\nOULION Tony X X X X\nPALMERINI Alicia X X X X X X X X X\nPARODI Sandra X X X X\nPASCAL Sarah X X X X\nPELUSO Virginie X X X X X X\nPERRIER Emilie X X X X X\nPEYRE Guilhem X X X X X X\nPLANTEL-IM-\nBAULT Laura X X X X\nPRUDHOMME Sandy X X X X X X X X\nSecr\u00e9tariat g\u00e9n\u00e9ral pour l'administration du minist\u00e8re de l'int\u00e9rieur - 13-2025-12-01-00064 - Arr\u00eat\u00e9 du 1er d\u00e9cembre 2025 donnant\nd\u00e9l\u00e9gation d'ordonnancement secondaire - SGZDS 65\nRASOANARIVO Damien X X X X\nAnnexe 1 :\nListe des agents habilit\u00e9s \u00e0 l'article 4-2 aux fins d'ex\u00e9cution dans CHORUS des d\u00e9cisions des services prescripteurs\nSAISIE VALIDATION\nNom Pr\u00e9nom GEJ GDP\nGestion-\nnaires\ndes en-\ngage-\nment de\nTiers\nGes-\ntion-\nnaire\nde re-\ncette\nGestion-\nnaire des\nfiches\nd'immobi-\nlisation\nCertifica-\nteur du\nservice fait\nREJ RDP\nRespon-\nsable des\nengage-\nment de\nTiers\nResponsable\nde la recette\nRC\nAI\nRENAULT C\u00e9line X X X X X X X X\nRIFFARD Elisabeth X X X X\nROBLES Ana\u00efs X X X X X\nROCH Monique X X X X X X\nROMANELLI Laurent X X X X X\nROSSELLO Christophe X X X X X\nRUGGIU Audrey X X X X\nRUGGIU Pierrette X X X X\nSABA Sonia X X X\nSALOMONE Fabien X X X\nSALVATI La\u00ebtitia X X X\nSAMII La\u00efla X X X X X\nSEHABA Sarah X X X X\nSERAFINO\n(OUTAIDELT) Nelya X X X X X\nSINTES Julie X X X\nTALLARICO Micka\u00ebl X X X X X X\nTAPON Melissa X X X X X X\nTEROOATEA Raimere X X X X X X X\nTRIGANCE (\u00e0 \ncompter du \n08/12/2025)\nM\u00e9lissa X X X X X\nVALLETTE Kimberley X X X X X\nVANNIER\n(PISCHEDDA) Ang\u00e9lique X X X X\nVILLECROZE Val\u00e9rie X X X X X X X X X\nWAECHTER Aur\u00e9lien X X X\nWRANKOVICS Fouzia X X X X\nSecr\u00e9tariat g\u00e9n\u00e9ral pour l'administration du minist\u00e8re de l'int\u00e9rieur - 13-2025-12-01-00064 - Arr\u00eat\u00e9 du 1er d\u00e9cembre 2025 donnant\nd\u00e9l\u00e9gation d'ordonnancement secondaire - SGZDS 66\nSecr\u00e9tariat g\u00e9n\u00e9ral pour l'administration du\nminist\u00e8re de l'int\u00e9rieur\n13-2025-12-01-00063\nArr\u00eat\u00e9 du 1er d\u00e9cembre 2025 portant d\u00e9l\u00e9gation\nde signature \u00e0 M. Romain DELMON,\nsecr\u00e9taire g\u00e9n\u00e9ral de la zone de d\u00e9fense et de\ns\u00e9curit\u00e9 Sud aupr\u00e8s du pr\u00e9fet de la r\u00e9gion \nProvence-Alpes-C\u00f4te d'Azur, pr\u00e9fet de la zone\nde d\u00e9fense et de s\u00e9curit\u00e9 Sud, pr\u00e9fet des\nBouches-du-Rh\u00f4ne, pr\u00e9fet de police des\nBouches-du-Rh\u00f4ne\nSecr\u00e9tariat g\u00e9n\u00e9ral pour l'administration du minist\u00e8re de l'int\u00e9rieur - 13-2025-12-01-00063 - Arr\u00eat\u00e9 du 1er d\u00e9cembre 2025 portant\nd\u00e9l\u00e9gation de signature \u00e0 M. Romain DELMON,\nsecr\u00e9taire g\u00e9n\u00e9ral de la zone de d\u00e9fense et de s\u00e9curit\u00e9 Sud aupr\u00e8s du pr\u00e9fet de la r\u00e9gion  Provence-Alpes-C\u00f4te d'Azur, pr\u00e9fet de la\nzone de d\u00e9fense et de s\u00e9curit\u00e9 Sud, pr\u00e9fet des Bouches-du-Rh\u00f4ne, pr\u00e9fet de police des Bouches-du-Rh\u00f4ne\n67\nPREFETDE LA ZONEDE DEFENSE |ET DE SECURITESUDLibert\u00e9Egalit\u00e9Fraternit\u00e9\nSecr\u00e9tariat g\u00e9n\u00e9ral de la zone de d\u00e9fense et de s\u00e9curit\u00e9 Sud\nSecr\u00e9tariat g\u00e9n\u00e9ral pour l'administration\ndu minist\u00e8re de l'Int\u00e9rieur Sud\nArr\u00eat\u00e9 du 1er d\u00e9cembre 2025 portant d\u00e9l\u00e9gation de signature \u00e0\nM. Romain DELMON,\nsecr\u00e9taire g\u00e9n\u00e9ral de la zone de d\u00e9fense et de s\u00e9curit\u00e9 Sud aupr\u00e8s du pr\u00e9fet de la r\u00e9gion\nProvence-Alpes-C\u00f4te d'Azur, pr\u00e9fet de la zone de d\u00e9fense et de s\u00e9curit\u00e9 Sud, pr\u00e9fet des\nBouches-du-Rh\u00f4ne, pr\u00e9fet de police des Bouches-du-Rh\u00f4ne\nLe pr\u00e9fet de la r\u00e9gion Provence-Alpes-C\u00f4te d'Azur,\npr\u00e9fet de la zone de d\u00e9fense et de s\u00e9curit\u00e9 Sud,\npr\u00e9fet des Bouches-du-Rh\u00f4ne,\npr\u00e9fet de police des Bouches-du-Rh\u00f4ne,\nVu la loi organique n\u00b0 2001-692 du 1er ao\u00fbt 2001 modifi\u00e9e relative aux lois de finances ;\nVu le code de la d\u00e9fense ;\nVu le code de la s\u00e9curit\u00e9 Int\u00e9rieure ;\nVu le code du sport ;\nVu le code de la sant\u00e9 publique ;\nVu le code g\u00e9n\u00e9ral des collectivit\u00e9s territoriales ;\nVu la loi n\u00b082-213 du 2 mars 1982 modifi\u00e9e relative aux droits et libert\u00e9s des communes,\ndes d\u00e9partements et des r\u00e9gions ;\nVu  la  loi  n\u00b02011-267  du  14  mars  2011  d'orientation  et  de  programmation  pour  la\nperformance  de  la  s\u00e9curit\u00e9  Int\u00e9rieure  modifi\u00e9e  pour  partie  par  le  code  de  s\u00e9curit\u00e9\nInt\u00e9rieure ;\nVu la loi de finances n\u00b0 2017-1837 du 30 d\u00e9cembre 2017 pour 2018 ; \nVu l'ordonnance n\u00b02012-351 du 12 mars 2012, relative \u00e0 la partie l\u00e9gislative du code de\ns\u00e9curit\u00e9 Int\u00e9rieure ; \nSecr\u00e9tariat g\u00e9n\u00e9ral pour l'administration du minist\u00e8re de l'int\u00e9rieur - 13-2025-12-01-00063 - Arr\u00eat\u00e9 du 1er d\u00e9cembre 2025 portant\nd\u00e9l\u00e9gation de signature \u00e0 M. Romain DELMON,\nsecr\u00e9taire g\u00e9n\u00e9ral de la zone de d\u00e9fense et de s\u00e9curit\u00e9 Sud aupr\u00e8s du pr\u00e9fet de la r\u00e9gion  Provence-Alpes-C\u00f4te d'Azur, pr\u00e9fet de la\nzone de d\u00e9fense et de s\u00e9curit\u00e9 Sud, pr\u00e9fet des Bouches-du-Rh\u00f4ne, pr\u00e9fet de police des Bouches-du-Rh\u00f4ne\n68\nVu  le  d\u00e9cret  n\u00b086-442  du  14  mars  1986  relatif  \u00e0  la  d\u00e9signation  des  m\u00e9decins  agr\u00e9\u00e9s,\n\u00e0 l'organisation des conseils m\u00e9dicaux, aux conditions d'aptitude physique pour l'admission\naux  emplois  publics  et  au  r\u00e9gime  de  cong\u00e9s  de  maladie  des\nfonctionnaires ;\nVu  le  d\u00e9cret  n\u00b095-1197  du  6  novembre  1995  portant  d\u00e9concentration  en  mati\u00e8re  de\ngestion  des  personnels  de  la  police  nationale  modifi\u00e9  par  le  d\u00e9cret  n\u00b096-1141  du  24\nd\u00e9cembre 1996 et par le d\u00e9cret n\u00b0 2005-1723 du 30 d\u00e9cembre 2005 ;\nVu le d\u00e9cret 2006-1780 du 23 d\u00e9cembre 2006 portant d\u00e9l\u00e9gation de pouvoir en mati\u00e8re de\nrecrutement et de gestion de certains personnels relevant du minist\u00e8re de l'Int\u00e9rieur ;\nVu le d\u00e9cret n\u00b097-1999 du 5 mars 1997 modifi\u00e9 relatif au remboursement de certaines\n        d\u00e9penses support\u00e9es par les forces de police et de gendarmerie ;\nVu le d\u00e9cret n\u00b02004-112 du 6 f\u00e9vrier 2004 relatif \u00e0 l'organisation des actions de l'\u00c9tat en\nmer ;\nVu  le  d\u00e9cret  n\u00b02004-374  du  29  avril  2004  modifi\u00e9  relatif  aux  pouvoirs  des  pr\u00e9fets,  \u00e0\nl'organisation et \u00e0 l'action des services de l'\u00c9tat dans les r\u00e9gions et les d\u00e9partements ;\nVu  le  d\u00e9cret  n\u00b0  2004-1339  du  7  d\u00e9cembre  2004  relatif  \u00e0  la  d\u00e9concentration  de  la\nrepr\u00e9sentation de l'\u00c9tat devant les tribunaux administratifs dans les litiges n\u00e9s de d\u00e9cisions\nprises par les pr\u00e9fets sous l'autorit\u00e9 desquels sont plac\u00e9s les SGAP ;\nVu le d\u00e9cret n\u00b02018-1075 du 03 d\u00e9cembre 2018 portant partie r\u00e9glementaire du code de la\ncommande publique ;\nVu le d\u00e9cret n\u00b02006-1780 du 23 d\u00e9cembre 2006 portant d\u00e9l\u00e9gation de pouvoir en mati\u00e8re\nde recrutement et de gestion de certains personnels relevant du minist\u00e8re de l'Int\u00e9rieur ;\nVu le d\u00e9cret n\u00b02009-1725 du 30 d\u00e9cembre 2009 modifiant certaines dispositions relatives\naux d\u00e9l\u00e9gations de pouvoir en mati\u00e8re de recrutement et de gestion de certains personnels\ndu minist\u00e8re de l'Int\u00e9rieur ;\nVu le d\u00e9cret n\u00b0 2010-224 du 4 mars 2010 relatif aux pouvoirs des pr\u00e9fets de zone de\nd\u00e9fense et de s\u00e9curit\u00e9 ;\nVu le d\u00e9cret n\u00b02012-1151 du 15 octobre 2012 relatif \u00e0 l'organisation et \u00e0 l'action des services\nde l'\u00c9tat dans le d\u00e9partement des Bouches-du-Rh\u00f4ne ;\nVu le d\u00e9cret n\u00b0 2012-1246 du 7 novembre 2012 relatif \u00e0 la gestion budg\u00e9taire et comptable\npublique ;\nVu  le  d\u00e9cret  n\u00b02014-296  du  6  mars  2014  relatif  aux  secr\u00e9tariats  g\u00e9n\u00e9raux  pour\nl'administration du minist\u00e8re de l'Int\u00e9rieur et modifiant diverses dispositions du code de la\nd\u00e9fense et de la s\u00e9curit\u00e9 Int\u00e9rieure ;\nSecr\u00e9tariat g\u00e9n\u00e9ral pour l'administration du minist\u00e8re de l'int\u00e9rieur - 13-2025-12-01-00063 - Arr\u00eat\u00e9 du 1er d\u00e9cembre 2025 portant\nd\u00e9l\u00e9gation de signature \u00e0 M. Romain DELMON,\nsecr\u00e9taire g\u00e9n\u00e9ral de la zone de d\u00e9fense et de s\u00e9curit\u00e9 Sud aupr\u00e8s du pr\u00e9fet de la r\u00e9gion  Provence-Alpes-C\u00f4te d'Azur, pr\u00e9fet de la\nzone de d\u00e9fense et de s\u00e9curit\u00e9 Sud, pr\u00e9fet des Bouches-du-Rh\u00f4ne, pr\u00e9fet de police des Bouches-du-Rh\u00f4ne\n69\nVu le d\u00e9cret n\u00b0 2015-1625 du 10 d\u00e9cembre 2015 relatif \u00e0 la composition des zones de\nd\u00e9fense et de s\u00e9curit\u00e9, des r\u00e9gions de gendarmerie et des groupements de gendarmerie\nd\u00e9partementale ;\nVu  le  d\u00e9cret  n\u00b0  2016-1937  du  29  d\u00e9cembre  2016  portant  r\u00e9partition  des  cr\u00e9dits  et\nd\u00e9couverts autoris\u00e9s par la loi n\u00b0 2016-1917 pr\u00e9cit\u00e9e ;\nVu le d\u00e9cret du 9 janvier 2024 portant nomination de M. Arnaud VIEULES, coordonnateur\npour  la  s\u00e9curit\u00e9  aupr\u00e8s  des  pr\u00e9fets  de  Haute-Corse  et  de  Corse-du-Sud  et  charg\u00e9  de\nmission aupr\u00e8s du pr\u00e9fet de Corse, pr\u00e9fet de la Corse-du-Sud, et du pr\u00e9fet de la Haute-\nCorse ;\nVu le d\u00e9cret du 26 ao\u00fbt 2025 portant nomination de M. Romain DELMON, en qualit\u00e9 de\nsecr\u00e9taire g\u00e9n\u00e9ral de la zone de d\u00e9fense et de s\u00e9curit\u00e9 Sud aupr\u00e8s du pr\u00e9fet de la r\u00e9gion\nProvence-Alpes-C\u00f4te d'Azur, pr\u00e9fet de la zone de d\u00e9fense et de s\u00e9curit\u00e9 Sud, pr\u00e9fet des\nBouches-du-Rh\u00f4ne ;\nVu  le  d\u00e9cret  du  pr\u00e9sident  de  la  R\u00e9publique  en  date  du  19  novembre  2025  portant\nnomination de Monsieur Jacques WITKOWSKI en qualit\u00e9 de pr\u00e9fet de la r\u00e9gion Provence-\nAlpes-C\u00f4te d'Azur, pr\u00e9fet de la zone de d\u00e9fense et de s\u00e9curit\u00e9 Sud, pr\u00e9fet des Bouches-du-\nRh\u00f4ne, en outre pr\u00e9fet de police des Bouches-du-Rh\u00f4ne ;\nVu l'arr\u00eat\u00e9 interminist\u00e9riel du 8 d\u00e9cembre 1993 modifi\u00e9 portant r\u00e8glement de comptabilit\u00e9\npour la d\u00e9signation des ordonnateurs secondaires et de leurs d\u00e9l\u00e9gu\u00e9s ;\nVu  l'arr\u00eat\u00e9  minist\u00e9riel  du  30  d\u00e9cembre  2005  portant  d\u00e9concentration  en  mati\u00e8re  de\ngestion des fonctionnaires actifs des services de la police nationale ;\nVu l'arr\u00eat\u00e9 minist\u00e9riel du 30 d\u00e9cembre 2005 modifi\u00e9 portant d\u00e9concentration en mati\u00e8re\nde gestion des fonctionnaires des corps administratifs, techniques et scientifiques de la\npolice nationale ;\nVu l'arr\u00eat\u00e9 minist\u00e9riel du 8 octobre 2009 instituant des commissions consultatives paritaires\ncomp\u00e9tentes \u00e0 l'\u00e9gard des adjoints de s\u00e9curit\u00e9 recrut\u00e9s en application de l'article 36 de la\nloi n\u00b0 95-73 du 21 janvier 1995 d'orientation et de programmation relative \u00e0 la s\u00e9curit\u00e9 ;\nVu l'arr\u00eat\u00e9 minist\u00e9riel du 30 d\u00e9cembre 2009 portant d\u00e9l\u00e9gation de pouvoir en mati\u00e8re de\nrecrutement et de gestion des personnels administratifs du minist\u00e8re de l'Int\u00e9rieur, de\nl'outre-mer et des collectivit\u00e9s territoriales ;\nVu l'arr\u00eat\u00e9 minist\u00e9riel du 30 d\u00e9cembre 2009 portant d\u00e9l\u00e9gation de pouvoir en mati\u00e8re de\nrecrutement et de gestion de certains personnels techniques et sp\u00e9cialis\u00e9s du minist\u00e8re de\nl'Int\u00e9rieur, de l'outre-mer et des collectivit\u00e9s territoriales ;\nVu l'arr\u00eat\u00e9 minist\u00e9riel du 6 mars 2014 portant organisation des secr\u00e9tariats g\u00e9n\u00e9raux pour\nl'administration du minist\u00e8re de l'Int\u00e9rieur ;\nVu l'arr\u00eat\u00e9 minist\u00e9riel du 26 janvier 2015 portant d\u00e9l\u00e9gation de pouvoir en mati\u00e8re de\nrecrutement et de gestion de certains ouvriers d'\u00c9tat du minist\u00e8re de l'Int\u00e9rieur ;\nSecr\u00e9tariat g\u00e9n\u00e9ral pour l'administration du minist\u00e8re de l'int\u00e9rieur - 13-2025-12-01-00063 - Arr\u00eat\u00e9 du 1er d\u00e9cembre 2025 portant\nd\u00e9l\u00e9gation de signature \u00e0 M. Romain DELMON,\nsecr\u00e9taire g\u00e9n\u00e9ral de la zone de d\u00e9fense et de s\u00e9curit\u00e9 Sud aupr\u00e8s du pr\u00e9fet de la r\u00e9gion  Provence-Alpes-C\u00f4te d'Azur, pr\u00e9fet de la\nzone de d\u00e9fense et de s\u00e9curit\u00e9 Sud, pr\u00e9fet des Bouches-du-Rh\u00f4ne, pr\u00e9fet de police des Bouches-du-Rh\u00f4ne\n70\nVu l'arr\u00eat\u00e9 minist\u00e9riel du 26 janvier 2015 portant d\u00e9l\u00e9gation de pouvoir en mati\u00e8re de\nrecrutement et de gestion des personnels administratifs du minist\u00e8re de l'Int\u00e9rieur ;\nVu l'arr\u00eat\u00e9 minist\u00e9riel du 26 janvier 2015 portant d\u00e9l\u00e9gation de pouvoir en mati\u00e8re de\nrecrutement et de gestion de certains personnels techniques et sp\u00e9cialis\u00e9s du minist\u00e8re de\nl'Int\u00e9rieur ;\nVu  l'arr\u00eat\u00e9  minist\u00e9riel  du  27  janvier  2015  fixant  les  modalit\u00e9s  de  recrutement  et  de\nformation des adjoints de s\u00e9curit\u00e9 au titre du d\u00e9veloppement d'activit\u00e9 pour l'emploi des\njeunes ;\nVu l'arr\u00eat\u00e9 minist\u00e9riel du 27 janvier 2015 modifiant l'arr\u00eat\u00e9 du 24 ao\u00fbt 2000 fixant les droits\net obligations des adjoints de s\u00e9curit\u00e9 recrut\u00e9s au titre du d\u00e9veloppement d'activit\u00e9 pour\nl'emploi des jeunes ;\nVu  l'arr\u00eat\u00e9  minist\u00e9riel  du  16  mai  2023  portant  r\u00e9int\u00e9gration  de  Monsieur  David\nPREUD'HOMME en qualit\u00e9 de secr\u00e9taire g\u00e9n\u00e9ral adjoint pour l'administration du minist\u00e8re\nde l'Int\u00e9rieur \u00e0 Marseille \u00e0 compter du 1er ao\u00fbt 2023.\nVu l'arr\u00eat\u00e9 du 18 juillet 2013 relatif \u00e0 l'organisation et aux attributions des \u00e9chelons de\ncommandement de la gendarmerie nationale en m\u00e9tropole ;\nVu l'arr\u00eat\u00e9 pr\u00e9fectoral du 24 juillet 2014 portant organisation du secr\u00e9tariat g\u00e9n\u00e9ral pour\nl'administration du minist\u00e8re de l'Int\u00e9rieur (SGAMI) de la zone de d\u00e9fense et de s\u00e9curit\u00e9\nSud ;\nVu l'arr\u00eat\u00e9 pr\u00e9fectoral du 20 avril 2017 portant cr\u00e9ation du centre zonal op\u00e9rationnel de\ncrise (CeZOC) ;\nVu la d\u00e9cision de la DGGN n\u00b051 917 du 16 juillet 2014 portant changement de rattachement\norganique des centres de soutien automobiles de la gendarmerie (CSAG) au sein de la\nr\u00e9gion de gendarmerie zone de d\u00e9fense et de s\u00e9curit\u00e9 Sud ;\nSur proposition du secr\u00e9taire g\u00e9n\u00e9ral de la zone de d\u00e9fense et de s\u00e9curit\u00e9 Sud,\nA R R E T E\nARTICLE 1 :\nDe donner d\u00e9l\u00e9gation  \u00e0 M.  Romain DELMON , secr\u00e9taire g\u00e9n\u00e9ral de la zone de d\u00e9fense et de\ns\u00e9curit\u00e9 Sud, pour :\n\u2013 toutes mati\u00e8res relevant des missions g\u00e9n\u00e9rales du pr\u00e9fet de la zone de d\u00e9fense et de s\u00e9curit\u00e9\nSud, \u00e0 l'exception de l'approbation des plans zonaux ;\n\u2013 la gestion op\u00e9rationnelle d\u00e9concentr\u00e9e des forces mobiles de la zone de d\u00e9fense et de\ns\u00e9curit\u00e9 Sud conform\u00e9ment aux dispositions des articles R.122-10 et R.122-11 du code de la\ns\u00e9curit\u00e9 Int\u00e9rieure ;\nSecr\u00e9tariat g\u00e9n\u00e9ral pour l'administration du minist\u00e8re de l'int\u00e9rieur - 13-2025-12-01-00063 - Arr\u00eat\u00e9 du 1er d\u00e9cembre 2025 portant\nd\u00e9l\u00e9gation de signature \u00e0 M. Romain DELMON,\nsecr\u00e9taire g\u00e9n\u00e9ral de la zone de d\u00e9fense et de s\u00e9curit\u00e9 Sud aupr\u00e8s du pr\u00e9fet de la r\u00e9gion  Provence-Alpes-C\u00f4te d'Azur, pr\u00e9fet de la\nzone de d\u00e9fense et de s\u00e9curit\u00e9 Sud, pr\u00e9fet des Bouches-du-Rh\u00f4ne, pr\u00e9fet de police des Bouches-du-Rh\u00f4ne\n71\n\u2013 l'animation et la coordination des organismes zonaux relevant des comp\u00e9tences d\u00e9volues \u00e0\nl'\u00e9tat-major interminist\u00e9riel de zone (EMIZ), au centre zonal op\u00e9rationnel de crise (CeZOC) et\nau secr\u00e9tariat g\u00e9n\u00e9ral pour l'administration du minist\u00e8re de l'Int\u00e9rieur de la zone de d\u00e9fense et\nde s\u00e9curit\u00e9 sud (SGAMI).\nEn ce qui concerne les actes relatifs \u00e0 la commande publique pass\u00e9s par le secr\u00e9tariat g\u00e9n\u00e9ral\npour  l'administration  du  minist\u00e8re  de  l'Int\u00e9rieur  (SGAMI)  sud,  en  sa  qualit\u00e9  de  pouvoir\nadjudicateur,  de donner d\u00e9l\u00e9gation  \u00e0 M. Romain DELMON, secr\u00e9taire g\u00e9n\u00e9ral de la zone de\nd\u00e9fense et de s\u00e9curit\u00e9 Sud, jusqu'\u00e0 3 000 000 \u20ac HT pour :\n\u2013 les op\u00e9rations immobili\u00e8res financ\u00e9es sur les programmes 152, 161, 176, 216, 303, 362, 348,\n349, 363 et 723 sur l'ensemble de la zone de d\u00e9fense et de s\u00e9curit\u00e9 Sud,\n\u2013 les  op\u00e9rations  immobili\u00e8res  financ\u00e9es  au  titre  de  l'entretien  des  b\u00e2timents  de  l'\u00c9tat\n\u00ab programme 723 \u00bb pour le compte des services de police implant\u00e9s dans la r\u00e9gion Provence-\nAlpes-C\u00f4te d'Azur,\n\u2013 les march\u00e9s de fonctionnement sup\u00e9rieurs \u00e0 40  000 \u20ac HT financ\u00e9s sur les programmes 176,\n161,152, 216 et 303, 362 et 363,\n\u2013 les op\u00e9rations num\u00e9riques financ\u00e9es sur les programmes 161, 207 et 303.\nEn tant que responsable de budget op\u00e9rationnel de programme (RBOP) zonal 176,  de donner\nd\u00e9l\u00e9gation \u00e0  M.  Romain  DELMON pour  recevoir  et  r\u00e9partir  les  cr\u00e9dits  vers  les  unit\u00e9s\nop\u00e9rationnelles, et proc\u00e9der \u00e0 des r\u00e9-allocations en cours d'exercice budg\u00e9taire.\nEn tant que responsable d'unit\u00e9s op\u00e9rationnelles (RUO),  de donner d\u00e9l\u00e9gation  \u00e0 M.  Romain\nDELMON pour proc\u00e9der \u00e0 l'ordonnancement secondaire des recettes et des d\u00e9penses de l'\u00c9tat\ndans le champ de comp\u00e9tence du SGAMI Sud, concernant les programmes suivants :\n\u2013 176 Police nationale,\n\u2013 216 Conduite et pilotage des politiques de l'Int\u00e9rieur,\n\u2013 303 Immigration et asile,\n\u2013 362 Plan de relance \u2013 \u00e9cologie.\nARTICLE 2     :\n2.1 - En application de l'article R. 122-51 du code de la s\u00e9curit\u00e9 int\u00e9rieure, d\u00e9l\u00e9gation est donn\u00e9e\n\u00e0 M. Romain DELMON, secr\u00e9taire g\u00e9n\u00e9ral de la zone de d\u00e9fense et de s\u00e9curit\u00e9 Sud, en ce qui\nconcerne les missions relatives \u00e0 la protection de la for\u00eat m\u00e9diterran\u00e9enne, \u00e0 l'effet de signer\ntous  documents,  \u00e0  l'exception  des  instructions  g\u00e9n\u00e9rales  et  des  d\u00e9cisions  \u00e0  caract\u00e8re\nr\u00e9glementaire  et  de  prendre  toute  d\u00e9cision  de  r\u00e9partition  des  cr\u00e9dits  allou\u00e9s  au  titre  des\nsubventions d'\u00c9tat sur la D\u00e9fense des For\u00eats Contre l'Incendie (DFCI) du programme 149 du\nminist\u00e8re  de  l'agriculture  et  de  la  souverainet\u00e9  alimentaire  (ligne  budg\u00e9taire  149-26-04).\nD\u00e9l\u00e9gation lui est donn\u00e9e \u00e9galement pour l'ordonnancement secondaire des d\u00e9penses sur la\nligne budg\u00e9taire 149-26-04 (centres financiers 0149-C001-DPFM).\nPour l'exercice de ses attributions, M. Romain DELMON dispose de la d\u00e9l\u00e9gation \u00e0 la protection\nde la for\u00eat m\u00e9diterran\u00e9enne (DPFM).\nSecr\u00e9tariat g\u00e9n\u00e9ral pour l'administration du minist\u00e8re de l'int\u00e9rieur - 13-2025-12-01-00063 - Arr\u00eat\u00e9 du 1er d\u00e9cembre 2025 portant\nd\u00e9l\u00e9gation de signature \u00e0 M. Romain DELMON,\nsecr\u00e9taire g\u00e9n\u00e9ral de la zone de d\u00e9fense et de s\u00e9curit\u00e9 Sud aupr\u00e8s du pr\u00e9fet de la r\u00e9gion  Provence-Alpes-C\u00f4te d'Azur, pr\u00e9fet de la\nzone de d\u00e9fense et de s\u00e9curit\u00e9 Sud, pr\u00e9fet des Bouches-du-Rh\u00f4ne, pr\u00e9fet de police des Bouches-du-Rh\u00f4ne\n72\n2.2 - En cas d'absence ou d'emp\u00eachement de M. Romain DELMON, la d\u00e9l\u00e9gation de signature\nest donn\u00e9e aux charg\u00e9s de mission de la DPFM, Mme Ondine LE FUR, ing\u00e9nieure divisionnaire de\nl'agriculture  et  de  l'environnement,  le  lieutenant-colonel  Michel  MAUFROY,  Mme  Sandrine\nCANAS, ing\u00e9nieure divisionnaire de l'agriculture et de l'environnement et M. Laurent FIAT,\ning\u00e9nieur en chef des ponts, des eaux et des for\u00eats, pour signer tous documents et pi\u00e8ces\ncomptables relevant de leurs attributions, \u00e0 l'exclusion des instructions g\u00e9n\u00e9rales, des d\u00e9cisions\n\u00e0  caract\u00e8re  r\u00e9glementaire  et  des  courriers  adress\u00e9s  aux  ministres,  aux  pr\u00e9fets  et  aux  \u00e9lus.\nD\u00e9l\u00e9gation  leur  est  \u00e9galement  donn\u00e9e  donner  pour  l'ordonnancement  secondaire  des\nd\u00e9penses  sur  la  ligne  budg\u00e9taire  149-26-04  centre  financier  0149-C001-DPFM. Pour  les\ndemandes  d'achat  et  de  subvention,  ainsi  que  pour  les  constatations  de  service  fait  dans\nChorus Formulaires, d\u00e9l\u00e9gation est donn\u00e9e  \u00e0 Mmes Ondine LE FUR et Sandrine CANAS pour la\nsaisie et la validation.\nARTICLE 3 :\nEn cas d'absence ou d'emp\u00eachement de M. Romain DELMON, de donner d\u00e9l\u00e9gation, pour ce\nqui concerne l'\u00e9tat-major interminist\u00e9riel de zone, \u00e0 l'inspecteur g\u00e9n\u00e9ral Jean-Yves NOISETTE,\nchef de l'\u00e9tat-major interminist\u00e9riel de la zone de d\u00e9fense et de s\u00e9curit\u00e9 Sud.\nEn cas d'absence ou d'emp\u00eachement de l'inspecteur g\u00e9n\u00e9ral Jean-Yves NOISETTE, chef de\nl'\u00e9tat-major interminist\u00e9riel de la zone de d\u00e9fense et de s\u00e9curit\u00e9 Sud,  de donner d\u00e9l\u00e9gation au\nlieutenant-colonel Christophe RATINAUD, adjoint au chef de l'\u00c9tat-major interminist\u00e9riel de la\nzone de d\u00e9fense et de s\u00e9curit\u00e9 Sud.\nEn l'absence du chef de l' \u00c9tat-major et de son adjoint, de donner d\u00e9l\u00e9gation de signature au\nchef COZ de permanence sur les sujets op\u00e9rationnels suivants et d\u00e8s lors que l'urgence de la\nsituation l'impose :\n- les messages de commandement du COZ ;\n- les arr\u00eat\u00e9s de mesures de police administrative du plan zonal de gestion de trafic ;\n- les demandes de concours aux arm\u00e9es.\nARTICLE 4     :\nEn  cas  d'absence  ou  d'emp\u00eachement  de  M.  Romain  DELMON,  de  donner  d\u00e9l\u00e9gation  de\nsignature :\npour la gestion administrative et financi\u00e8re du Centre zonal Op\u00e9rationnel de Crise (CeZOC), et\npour l'engagement de d\u00e9penses n'exc\u00e9dant pas 5 000 \u20ac HT, \u00e0 :\n\u2013 Mme  Florence  ARNOLDY,  attach\u00e9e  d'administration  de  l'\u00c9tat  hors-classe,  directrice  de\ncabinet du CeZOC ;\n\u2013 Mme Sophie LE BERRE-LACHAUX, attach\u00e9e d'administration de l'\u00c9tat hors classe, directrice\nde cabinet adjointe du CeZOC.\nPour la signature des ordres de mission des personnels affect\u00e9s \u00e0 l'\u00c9tat-major interminist\u00e9riel de\nla zone de d\u00e9fense et de s\u00e9curit\u00e9 Sud, \u00e0 :\n\u2013 l'inspecteur g\u00e9n\u00e9ral Jean-Yves NOISETTE, chef de l'\u00c9tat-major interminist\u00e9riel de la zone de\nd\u00e9fense et de s\u00e9curit\u00e9 Sud,\nSecr\u00e9tariat g\u00e9n\u00e9ral pour l'administration du minist\u00e8re de l'int\u00e9rieur - 13-2025-12-01-00063 - Arr\u00eat\u00e9 du 1er d\u00e9cembre 2025 portant\nd\u00e9l\u00e9gation de signature \u00e0 M. Romain DELMON,\nsecr\u00e9taire g\u00e9n\u00e9ral de la zone de d\u00e9fense et de s\u00e9curit\u00e9 Sud aupr\u00e8s du pr\u00e9fet de la r\u00e9gion  Provence-Alpes-C\u00f4te d'Azur, pr\u00e9fet de la\nzone de d\u00e9fense et de s\u00e9curit\u00e9 Sud, pr\u00e9fet des Bouches-du-Rh\u00f4ne, pr\u00e9fet de police des Bouches-du-Rh\u00f4ne\n73\n\u2013 au lieutenant-colonel Christophe RATINAUD, adjoint au chef de l'\u00c9tat-major interminist\u00e9riel\nde la zone de d\u00e9fense et de s\u00e9curit\u00e9 Sud.\nARTICLE 5 :\nDe  donner  d\u00e9l\u00e9gation  de  signature  \u00e0  M.  Romain  DELMON,  \u00e0  l'effet  de  signer  les  arr\u00eat\u00e9s,\nd\u00e9cisions, lettres et notes dans les mati\u00e8res \u00e9num\u00e9r\u00e9es ci-apr\u00e8s :\n\u2013 gestion  administrative  et  financi\u00e8re  des  personnels  de  la  police  nationale,  des  syst\u00e8mes\nd'information et de communication, des services techniques et des ouvriers d'\u00c9tat du minist\u00e8re\nde l'Int\u00e9rieur, des personnels administratifs affect\u00e9s en p\u00e9rim\u00e8tre police, des personnels de la\npolice scientifique ainsi que des personnels plac\u00e9s dans le dispositif de r\u00e9serve op\u00e9rationnelle ;\n\u2013 gestion  administrative  et  financi\u00e8re  des  personnels  civils  affect\u00e9s  dans  les  services\nd\u00e9concentr\u00e9s de la gendarmerie nationale de la zone de d\u00e9fense et de s\u00e9curit\u00e9 Sud ;\n\u2013 gestion  administrative  et  financi\u00e8re  des  personnels  civils  affect\u00e9s  dans  les  services\nd\u00e9concentr\u00e9s du SGAMI Sud ;\n\u2013 pr\u00e9-liquidation de la paie des personnels du minist\u00e8re de l'Int\u00e9rieur affect\u00e9s dans le ressort\nterritorial de la zone de d\u00e9fense et de s\u00e9curit\u00e9 Sud ;\n\u2013 organisation  et  fonctionnement  des  commissions  administratives  paritaires  comp\u00e9tentes\npour les agents relevant du corps d'encadrement et d'application, des agents sp\u00e9cialis\u00e9s de\npolice  technique  et  scientifique,  des  cat\u00e9gories  B  et  C  techniques,  au  sein  de  la  zone  de\nd\u00e9fense et de s\u00e9curit\u00e9 Sud ;\n\u2013 prise  des  sanctions  du  premier  groupe  pour  les  agents  relevant  des  corps  d'adjoint\nadministratif, de secr\u00e9taire administratif de l'Int\u00e9rieur et d'attach\u00e9 d'administration de l'\u00c9tat\naffect\u00e9s au SGAMI Sud et dans les services d\u00e9concentr\u00e9s de la police nationale au sein de la\nzone de d\u00e9fense et de s\u00e9curit\u00e9 Sud ;\n\u2013 prise des sanctions du premier groupe pour les agents relevant des corps d'adjoint technique\nde  l'Int\u00e9rieur,  de  contr\u00f4leur  des  services  techniques,  d'ing\u00e9nieur  des  services  techniques,\nd'agent SIC, de technicien SIC et d'ing\u00e9nieur SIC, affect\u00e9s au SGAMI Sud et dans les services\nd\u00e9concentr\u00e9s de la police nationale au sein de la zone de d\u00e9fense et de s\u00e9curit\u00e9 Sud ;\n\u2013  prise de l'ensemble des sanctions disciplinaires pour les policiers adjoints affect\u00e9s au sein de\nla zone de d\u00e9fense et s\u00e9curit\u00e9 Sud ; \n\u2013 prise de l'ensemble des sanctions pour les policiers r\u00e9servistes affect\u00e9s au sein de la zone de\nd\u00e9fense et de S\u00e9curit\u00e9 Sud ; \n\u2013 organisation et fonctionnement des commissions consultatives paritaires si\u00e9geant en conseil\nde discipline comp\u00e9tentes pour les contractuels recrut\u00e9s au niveau zonal en tant que policiers\nadjoints et cadets de la r\u00e9publique ;\n\u2013 organisation  et  fonctionnement  des  comit\u00e9s  m\u00e9dicaux  interd\u00e9partementaux  pour  les\nfonctionnaires de police actifs ;\n\u2013 organisation des dialogues sociaux d'avancement des ouvriers d'\u00c9tat ;\n\u2013 gestion  administrative,  financi\u00e8re,  du  fonctionnement  et  du  mat\u00e9riel  du  BOP  n\u00b07  du\nprogramme 176, de l'unit\u00e9 op\u00e9rationnelle (UO) 0216-CSGA-DSud et de l'UO 0176-CCSC-DM13 ;\n\u2013 recrutement et formation des personnels actifs de police, des personnels techniques ;\n scientifiques et contractuels du minist\u00e8re de l'Int\u00e9rieur dont notamment les policiers adjoints\net les cadets de la r\u00e9publique ;\n\u2013 repr\u00e9sentation de l'\u00c9tat en mati\u00e8re contentieuse devant les juridictions administratives ;\nSecr\u00e9tariat g\u00e9n\u00e9ral pour l'administration du minist\u00e8re de l'int\u00e9rieur - 13-2025-12-01-00063 - Arr\u00eat\u00e9 du 1er d\u00e9cembre 2025 portant\nd\u00e9l\u00e9gation de signature \u00e0 M. Romain DELMON,\nsecr\u00e9taire g\u00e9n\u00e9ral de la zone de d\u00e9fense et de s\u00e9curit\u00e9 Sud aupr\u00e8s du pr\u00e9fet de la r\u00e9gion  Provence-Alpes-C\u00f4te d'Azur, pr\u00e9fet de la\nzone de d\u00e9fense et de s\u00e9curit\u00e9 Sud, pr\u00e9fet des Bouches-du-Rh\u00f4ne, pr\u00e9fet de police des Bouches-du-Rh\u00f4ne\n74\n\u2013 protection juridique des personnels actifs, scientifiques, techniques et administratifs relevant\ndes services de la police nationale ; \n\u2013 protection juridique des personnels du SGAMI, hors instruction par la DLPAJ ;\n\u2013 r\u00e9paration des dommages accidentels, hors accident de la circulation impliquant un v\u00e9hicule\nadministratif ou tiers, ou r\u00e9sultant d'un accident de service et recouvrement des d\u00e9bours de\nl'\u00c9tat r\u00e9sultant d'accidents ou d'actes volontaires ;\n\u2013 institution, modification ou fermeture des r\u00e9gies d'avances et de recettes pour les services\nrelevant du SGAMI de la zone de d\u00e9fense et de s\u00e9curit\u00e9 Sud ainsi que la nomination et la\ncessation de fonction des r\u00e9gisseurs, des mandataires suppl\u00e9ants et des mandataires ;\n\u2013 pr\u00e9paration et conduite d'op\u00e9rations immobili\u00e8res de la police nationale et de la gendarmerie\nnationale et, \u00e0 la demande des pr\u00e9fets de d\u00e9partement de la zone de d\u00e9fense et de s\u00e9curit\u00e9\nSud, la gestion des op\u00e9rations immobili\u00e8res des autres services du minist\u00e8re de l'Int\u00e9rieur ;\n\u2013 en tant que repr\u00e9sentant du pouvoir adjudicateur les actes relatifs \u00e0 la commande publique\npass\u00e9s  pour  les  besoins  logistiques,  techniques  et  immobiliers  de  fonctionnement  et\nd'investissement de la zone de d\u00e9fense et de s\u00e9curit\u00e9 Sud ;\n\u2013 en mati\u00e8re financi\u00e8re et comptable  : les protocoles transactionnels, les mandats et ordres de\npaiement, les bordereaux d'\u00e9mission, les titres de recettes, les ordres de reversement et pi\u00e8ces\ncomptables de tous ordres, les formules rendant ex\u00e9cutoires les titres de perception \u00e9mis pour\nle  recouvrement  des  cr\u00e9ances  de  l'\u00c9tat,  \u00e9trang\u00e8res  \u00e0  l'imp\u00f4t  et  aux  domaines,  entrant\nnormalement dans les attributions du secr\u00e9tariat g\u00e9n\u00e9ral pour l'administration du minist\u00e8re de\nl'Int\u00e9rieur. Sont exclues de la d\u00e9l\u00e9gation, la r\u00e9quisition du comptable et la possibilit\u00e9 de passer\noutre le visa du contr\u00f4leur financier r\u00e9gional ;\n\u2013 les  arr\u00eat\u00e9s,  les  d\u00e9cisions,  les  pi\u00e8ces  comptables  (contrats,  bons  de  commande)  et  actes\nrelevant des attributions de la direction des syst\u00e8mes d'information et de communication, \u00e0\nl'exception des rapports aux ministres.\nARTICLE 6     :  \nDe  donner  d\u00e9l\u00e9gation  \u00e0  M.  David  PREUD'HOMME,  secr\u00e9taire  g\u00e9n\u00e9ral  adjoint  pour\nl'administration du minist\u00e8re de l'Int\u00e9rieur de la zone de d\u00e9fense et de s\u00e9curit\u00e9 Sud, \u00e0 l'effet de\nsigner les actes relatifs \u00e0 la commande publique dans la limite de 500 000 \u20ac HT.\nEn cas d'absence ou d'emp\u00eachement de M. Romain DELMON, de donner la d\u00e9l\u00e9gation qui lui\nest  consentie,  \u00e0  l'article  5  et  aux  paragraphes  deux  et  trois  de  l'article  1,  \u00e0 M.  David\nPREUD'HOMME, secr\u00e9taire g\u00e9n\u00e9ral adjoint pour l'administration du minist\u00e8re de l'Int\u00e9rieur de la\nzone de d\u00e9fense et de s\u00e9curit\u00e9 Sud, sauf pour l'\u00e9l\u00e9vation des conflits aupr\u00e8s du tribunal des\nconflits et pour les actes relatifs \u00e0 la commande publique pour lesquels la limite de 500  000 \u20ac\nHT pr\u00e9c\u00e9demment consentie reste d'application.\nARTICLE 7     :  \nEn cas d'absence ou d'emp\u00eachement de M. David PREUD'HOMME,  de donner d\u00e9l\u00e9gation de\nsignature, pour tous arr\u00eat\u00e9s, d\u00e9cisions, lettres et notes \u00e9tablis par la direction des ressources\nhumaines, ainsi que pour les documents administratifs et financiers d'un montant maximal de\n40 000 euros H T, pour les d\u00e9penses et les recettes relevant du hors titre 2,  \u00e0 Mme Nadia\nSECCHI, conseill\u00e8re d'administration de l'Int\u00e9rieur, directrice des ressources humaines ;\nSecr\u00e9tariat g\u00e9n\u00e9ral pour l'administration du minist\u00e8re de l'int\u00e9rieur - 13-2025-12-01-00063 - Arr\u00eat\u00e9 du 1er d\u00e9cembre 2025 portant\nd\u00e9l\u00e9gation de signature \u00e0 M. Romain DELMON,\nsecr\u00e9taire g\u00e9n\u00e9ral de la zone de d\u00e9fense et de s\u00e9curit\u00e9 Sud aupr\u00e8s du pr\u00e9fet de la r\u00e9gion  Provence-Alpes-C\u00f4te d'Azur, pr\u00e9fet de la\nzone de d\u00e9fense et de s\u00e9curit\u00e9 Sud, pr\u00e9fet des Bouches-du-Rh\u00f4ne, pr\u00e9fet de police des Bouches-du-Rh\u00f4ne\n75\nPar  ailleurs,  en  cas  d'absence  ou  d'emp\u00eachement  de  Mme  Nadia  SECCHI,  de  donner\nd\u00e9l\u00e9gation,  dans  la  limite  de  leurs  attributions  respectives  (actes  et  d\u00e9cisions  courantes\nrelevant  de  la  gestion  financi\u00e8re  et  administrative  de  leurs  bureaux,  correspondances\ncourantes) \u00e0 :\n\u2013 Mme  Caroline  VALLICCIONI,  attach\u00e9e  principale  d'administration  de  l'\u00c9tat, adjointe  \u00e0  la\ndirectrice des ressources humaines (\u00e0 compter du 1er d\u00e9cembre 2025) ;\n\u2013 M.  Michel  BOURELLY,  attach\u00e9  principal  d'administration  de  l'\u00c9tat,  chef  du  bureau  des\npersonnels actifs ;\n\u2013  Mme Fabienne ROUC AIROL, attach\u00e9e principale d'administration de l'\u00c9tat, adjointe au chef\ndu bureau des personnels actifs ;\n\u2013 M. Olivier COTE, attach\u00e9 d'administration de l'\u00c9tat, chef du bureau du recrutement ;\n\u2013 Mme Zahra BETRAOUI, attach\u00e9e d'administration de l'\u00c9tat, adjointe au chef du recrutement\nde l'\u00c9tat ;\n\u2013 Mme  Sandrine  GUINTI,  attach\u00e9e  principale  d'administration  de  l'\u00c9tat,  cheffe  du  p\u00f4le\nd'expertise et de services ;\n\u2013 Mme Marie-C\u00e9line TRISTANI, attach\u00e9e d'administration de l'\u00c9tat, adjointe \u00e0 la cheffe du p\u00f4le\nd'expertise et de services ;\n\u2013 Mme  Camille  CHEVALLIER,  attach\u00e9e  d'administration  de  l'\u00c9tat,  cheffe  du  bureau  des\ncontractuels ;\n\u2013 Mme Ad\u00e8le BOUFELDJA, attach\u00e9e d'administration de l'\u00c9tat, cheffe du bureau des personnels\nadministratifs, techniques et scientifiques ;\n\u2013 Mme Fanny ARTERO, attach\u00e9e d'administration de l'\u00c9tat, adjointe \u00e0 la cheffe du bureau des\npersonnels administratifs, techniques et scientifiques ;\n\u2013 Mme  Catherine  ALBERGNE,  attach\u00e9e  d'administration  de  l'\u00c9tat,  cheffe  du  bureau  des\nressources humaines SGAMI ;\n\u2013 Mme Diane TARIZZO, attach\u00e9e d'administration de l'\u00c9tat, adjointe \u00e0 la cheffe de bureau des\nressources humaines SGAMI ; \n\u2013 Mme  Isabelle  FAU,  attach\u00e9e  principale  d'administration  de  l'\u00c9tat,  cheffe  du  bureau  des\naffaires m\u00e9dicales et sociales ;\n\u2013 M. Jean-Laurent GASPARD, attach\u00e9 d'administration de l'\u00c9tat, adjoint \u00e0 la cheffe du bureau\ndes affaires m\u00e9dicales et sociales ;\n\u2013 Mme Natalie VILALTA, attach\u00e9e principale d'administration de l'\u00c9tat, cheffe du bureau des\npersonnels et du recrutement \u00e0 la d\u00e9l\u00e9gation territoriale de Toulouse ;\n\u2013 M. Cyril FURLAN, secr\u00e9taire administratif de classe normale, chef de section et adjoint \u00e0 la\ncheffe  du  bureau  des  personnels  actifs  et  du  recrutement  \u00e0  la  d\u00e9l\u00e9gation  territoriale  de\nToulouse ;\n\u2013 Mme  Marie-Laurence  MAXIMIN,  secr\u00e9taire  administrative  de  classe  sup\u00e9rieure,  cheffe  de\nsection  et  adjointe  \u00e0  la  cheffe  du  bureau  des  personnels  actifs  et  du  recrutement  \u00e0  la\nd\u00e9l\u00e9gation territoriale de Toulouse ;\n\u2013 Mme Isabelle PEREZ, attach\u00e9e d'administration de l'\u00c9tat, adjointe \u00e0 la cheffe du bureau des\naffaires sociales \u00e0 la d\u00e9l\u00e9gation territoriale de Toulouse.\nSecr\u00e9tariat g\u00e9n\u00e9ral pour l'administration du minist\u00e8re de l'int\u00e9rieur - 13-2025-12-01-00063 - Arr\u00eat\u00e9 du 1er d\u00e9cembre 2025 portant\nd\u00e9l\u00e9gation de signature \u00e0 M. Romain DELMON,\nsecr\u00e9taire g\u00e9n\u00e9ral de la zone de d\u00e9fense et de s\u00e9curit\u00e9 Sud aupr\u00e8s du pr\u00e9fet de la r\u00e9gion  Provence-Alpes-C\u00f4te d'Azur, pr\u00e9fet de la\nzone de d\u00e9fense et de s\u00e9curit\u00e9 Sud, pr\u00e9fet des Bouches-du-Rh\u00f4ne, pr\u00e9fet de police des Bouches-du-Rh\u00f4ne\n76\nARTICLE 8     :  \n8.1 - De donner d\u00e9l\u00e9gation \u00e0 M. S\u00e9bastien TRUET, attach\u00e9 hors classe d'administration de l'\u00c9tat,\ndirecteur de l'administration g\u00e9n\u00e9rale et des finances \u00e0 l'effet de signer les actes relatifs \u00e0 la\ncommande publique dans la limite de 250 000 \u20ac HT et les d\u00e9clarations de sous-traitance.\nEn  cas  d'absence  ou  d'emp\u00eachement  de  M.  S\u00e9bastien  TRUET,  attach\u00e9  hors  classe\nd'administration de l'\u00c9tat, directeur de l'administration g\u00e9n\u00e9rale et des finances,  de donner\nd\u00e9l\u00e9gation  de signature  \u00e0 M. Fr\u00e9d\u00e9ric BAILHE, attach\u00e9 hors classe d'administration de l'\u00c9tat,\nconseiller d'administration de l'Int\u00e9rieur, directeur adjoint de l'administration g\u00e9n\u00e9rale et des\nfinances, pour signer les actes relatifs \u00e0 la commande publique dans la limite de 25 0 000 \u20ac HT\net les d\u00e9clarations de sous-traitance.\nDe donner d\u00e9l\u00e9gation \u00e0 l'effet de signer les actes relatifs \u00e0 la commande publique dans la limite\nde 40 000 \u20ac HT \u00e0 :\n\u2013 M.  Jean-Pierre  CARL\u0116,  attach\u00e9  hors  classe  d'administration  de  l'\u00c9tat,  chef  du  bureau  du\nbudget ;\n\u2013 M. Laurent LUCZAK, attach\u00e9 d'administration de l'\u00c9tat, adjoint au chef du bureau du budget ;\n\u2013 M. David CURATOLO, capitaine OCTAGN, chef du p\u00f4le programmes 216 et 303, Bureau du\nBudget ;\n\u2013 Mme  Anna-Dea  PINNA,  attach\u00e9e  d'administration  de  l'\u00c9tat,  adjointe  au  chef  de  p\u00f4le\nprogramme 216 et 303, Bureau du Budget ;\n\u2013 Mme Muriel MOSCATELLI, attach\u00e9e d'administration de l'\u00c9tat, cheffe du bureau de l'appui au\npilotage ;\n\u2013 Mme Sania BOUSOUKA, attach\u00e9e principale d'administration de l'\u00c9tat, cheffe du bureau de la\ncommande publique et des achats ;\n\u2013 Mme Zahia NASR, attach\u00e9e d'administration de l'\u00c9tat, adjointe \u00e0 la cheffe du bureau de la\ncommande publique et des achats, cheffe du p\u00f4le politique et performance des achats.\nDe donner d\u00e9l\u00e9gation \u00e0 l'effet de signer les actes relatifs \u00e0 la commande publique dans la limite\nde 5 000 \u20ac HT \u00e0 :\n\u2013 Mme Sylvie HOARAU, secr\u00e9taire administrative de classe normale ;\n\u2013 Mme Liliane BROTO, secr\u00e9taire administrative de classe normale.\n8.2 - En cas d'absence ou d'emp\u00eachement de M. David PREUD'HOMME, de donner d\u00e9l\u00e9gation\nde signature \u00e0 M. S\u00e9bastien TRUET, attach\u00e9 hors classe d'administration de l'\u00c9tat, directeur de\nl'administration g\u00e9n\u00e9rale et des finances pour :\n\u2013 les documents financiers et administratifs \u00e9tablis par la direction de l'administration g\u00e9n\u00e9rale\net des finances, ainsi que l es arr\u00eat\u00e9s de concessions de logement au profit des personnels\nrelevant de la direction g\u00e9n\u00e9rale de la police nationale et les actes de location pass\u00e9s pour les\nbesoins des services de police relevant de son p\u00e9rim\u00e8tre (dans la limite de 250 000 \u20ac),\n\u2013 la repr\u00e9sentation de l'\u00c9tat en mati\u00e8re contentieuse devant les juridictions administratives,\n\u2013 la protection juridique des personnels de la police nationale et r\u00e9paration des pr\u00e9judices\ncaus\u00e9s \u00e0 ses agents lors de leurs missions ou du fait de leur qualit\u00e9,\n\u2013 la r\u00e9paration des dommages accidentels subis par les personnels et le recouvrement des\nd\u00e9bours de l'\u00c9tat r\u00e9sultant d'accidents ou d'actes volontaires.\nSecr\u00e9tariat g\u00e9n\u00e9ral pour l'administration du minist\u00e8re de l'int\u00e9rieur - 13-2025-12-01-00063 - Arr\u00eat\u00e9 du 1er d\u00e9cembre 2025 portant\nd\u00e9l\u00e9gation de signature \u00e0 M. Romain DELMON,\nsecr\u00e9taire g\u00e9n\u00e9ral de la zone de d\u00e9fense et de s\u00e9curit\u00e9 Sud aupr\u00e8s du pr\u00e9fet de la r\u00e9gion  Provence-Alpes-C\u00f4te d'Azur, pr\u00e9fet de la\nzone de d\u00e9fense et de s\u00e9curit\u00e9 Sud, pr\u00e9fet des Bouches-du-Rh\u00f4ne, pr\u00e9fet de police des Bouches-du-Rh\u00f4ne\n77\nEn  cas  d'absence  ou  d'emp\u00eachement  de  M.  S\u00e9bastien  TRUET,  attach\u00e9  hors  classe\nd'administration de l'\u00c9tat, directeur de l'administration g\u00e9n\u00e9rale et des finances,  de donner\nd\u00e9l\u00e9gation, dans la limite de leurs attributions respectives, \u00e0 :\n\u2013 M. Fr\u00e9d\u00e9ric BAILHE, attach\u00e9 hors classe d'administration de l'\u00c9tat,  conseiller d'administration\nde l'Int\u00e9rieur, directeur adjoint de l'administration g\u00e9n\u00e9rale et des finances ;\n\u2013 Mme Muriel MOSCATELLI, attach\u00e9e d'administration de l'\u00c9tat, cheffe du bureau de l'appui au\npilotage ;\n\u2013  M.  Jean-Pierre  CARL\u0116,  attach\u00e9  hors  classe  d'administration  de  l'\u00c9tat,  chef  du  bureau  du\nbudget ;\n\u2013 M. Laurent LUCZAK, attach\u00e9 d'administration de l'\u00c9tat, adjoint au chef du bureau du budget ;\n\u2013 Capitaine David CURATOLO, chef du p\u00f4le programmes 216 et 303, bureau du budget ;\n\u2013 Mme Sylvie BERNARDINI, attach\u00e9e principale d'administration de l'\u00c9tat, cheffe du centre de\nServices Partag\u00e9s ;\n\u2013 Mme Jeanine MAWIT , attach\u00e9e d'administration de l'\u00c9tat, adjointe \u00e0 la cheffe du centre de\nservices partag\u00e9s ;\n\u2013 M. Aur\u00e9lien WAECHTER, attach\u00e9 principal d'administration de l'\u00c9tat, chef du bureau des\nd\u00e9penses courantes (centre de services partag\u00e9s) ;\n\u2013 Mme MACRET Sophie , attach\u00e9e d'administration de l'\u00c9tat, adjointe au chef du bureau des\nd\u00e9penses courantes ;\n\u2013 M.  Cyrille  CAMUGLI,  attach\u00e9  principal  d'administration  de  l'\u00c9tat,  chef  du  bureau  du\ncontentieux et du conseil juridique ;\n\u2013 Mme H\u00e9l\u00e8ne MARTINEZ, attach\u00e9e principale d'administration de l'\u00c9tat, adjointe au chef du\nbureau  du  contentieux  et  du  conseil  juridique,  cheffe  du  p\u00f4le  protection  juridique,\nindemnisation et recouvrement ;\n\u2013\u00a0Mme  Louisa  ABASSI,  attach\u00e9e  d'administration  de  l'\u00c9tat,  cheffe  du  p\u00f4le  contentieux\nadministratif et conseil juridique ;\n\u2013 Mme  L\u00e6titia  BEDNARZ,  secr\u00e9taire  administrative  de  classe  exceptionnelle,  cheffe  de  la\nsection indemnisation et recouvrement ;\n\u2013 Mme  Anne  BERNARD,  secr\u00e9taire  administrative  de  classe  normale,  cheffe  de  la  section\nprotection juridique.\n8.3 -  De  donner d\u00e9l\u00e9gation  de  signature  aux  fins  de  signer  les  bons  de  transport  et\nd'h\u00e9bergement aux personnes suivantes  : M. S\u00e9bastien TRUET, M. Fr\u00e9d\u00e9ric BAILH\u00c9  , M. Jean-\nPierre CARLE,  M. Laurent LUCZAK,  Mme C\u00e9cile HAMOUDI, Mm e C \u00e9cile FLORES , Mme Liliane\nBROTO, Mme Karine SABATE-DUMONTEIL, Mme Sandra TARROUX, Mme Carine MAZZOLO, M.\nSt\u00e9phane MENUSIER, Mme Claire FERNANDES.\nARTICLE 9     :  \n9.1 - D ans le cadre de l'ex\u00e9cution du programme 216, de donner d\u00e9l\u00e9gation de signature  aux\ngestionnaires budg\u00e9taires de l'UO SGAMI Sud et des centres de co\u00fbts qui la composent selon\nles groupes utilisateurs joints en  annexe 1 , afin de saisir les demandes d'achat dans Chorus\nFormulaires, de les valider le cas \u00e9ch\u00e9ant et de constater et certifier le service fait.\nDe donner autorisation aux agents de l'UO SGAMI Sud d\u00e9tenteurs d'une carte achat de niveau 1\net/ou de niveau 3 \u00e0 effectuer des commandes et \u00e0  constater et certifier  le service fait, en\nrespectant le plafond par achat qui lui est allou\u00e9, et selon la liste jointe en annexe 2.\nSecr\u00e9tariat g\u00e9n\u00e9ral pour l'administration du minist\u00e8re de l'int\u00e9rieur - 13-2025-12-01-00063 - Arr\u00eat\u00e9 du 1er d\u00e9cembre 2025 portant\nd\u00e9l\u00e9gation de signature \u00e0 M. Romain DELMON,\nsecr\u00e9taire g\u00e9n\u00e9ral de la zone de d\u00e9fense et de s\u00e9curit\u00e9 Sud aupr\u00e8s du pr\u00e9fet de la r\u00e9gion  Provence-Alpes-C\u00f4te d'Azur, pr\u00e9fet de la\nzone de d\u00e9fense et de s\u00e9curit\u00e9 Sud, pr\u00e9fet des Bouches-du-Rh\u00f4ne, pr\u00e9fet de police des Bouches-du-Rh\u00f4ne\n78\nLe d\u00e9tenteur de la carte achat de niveau 1 n'est pas autoris\u00e9 \u00e0 :\n\uf0b7 r\u00e9aliser  des  achats  aupr\u00e8s  de  fournisseurs  titulaires  de  march\u00e9s  publics  en  dehors  des\nfournitures non pr\u00e9vues dans ces march\u00e9s ;\n\uf0b7 d\u00e9roger \u00e0 la r\u00e8gle des march\u00e9s publics, en achetant des fournitures ou services faisant l'objet\nd'un march\u00e9 \u00e0 un fournisseur autre que le titulaire du march\u00e9 (achat de fournitures de bureau\nen grande surface ou sur des sites commerciaux).\n9.2 - De donner d\u00e9l\u00e9gation pour effectuer le pilotage des cr\u00e9dits de l'UO contentieux police et\ngendarmerie, centre financier : 0216-CACJ-DSud, et pour signer les demandes de r\u00e8glement sur\nce centre financier et les centres financiers 0176-CCSC-CPFE et 0152-CDGN-CDRH :\n\u2022 \u00e0 M. David PREUD'HOMME,  secr\u00e9taire g\u00e9n\u00e9ral adjoint pour l'administration du minist\u00e8re d'\nl'Int\u00e9rieur, \u00e0 hauteur de 250 000 \u20ac ;\n\u2022 \u00e0  M.  S\u00e9bastien  TRUET,  attach\u00e9  hors  classe  d'administration  de  l'\u00c9tat,  directeur  de\nl'administration g\u00e9n\u00e9rale et des finances \u00e0 hauteur de 100 000 \u20ac ;\n\u2022 \u00e0  M.  Fr\u00e9d\u00e9ric  BAILHE,  attach\u00e9  hors  classe  d'administration  de  l'\u00c9tat,  conseiller\nd'administration  de  l'Int\u00e9rieur,  directeur  adjoint  de  l'administration  g\u00e9n\u00e9rale  et  des\nfinances, \u00e0 hauteur de 100 000 \u20ac ;\n\u2022 \u00e0 M. Cyrille CAMUGLI, attach\u00e9 d'administration de l'\u00c9tat, chef du bureau du contentieux et\ndu conseil juridique, jusqu'\u00e0 25 000\u20ac ;\n\u2022 \u00e0 Mme H\u00e9l\u00e8ne MARTINEZ, attach\u00e9e principale d'administration de l'\u00c9tat, adjointe au chef du\nbureau du contentieux et du conseil juridique, jusqu'\u00e0 25 000 \u20ac ;\n\u2022 \u00e0 Mme Louise ABASSI, attach\u00e9e d'administration de l'\u00c9tat, jusqu'\u00e0 10 000 \u20ac ;\n\u2022 \u00e0 Mme La\u00ebtitia BEDNARZ, secr\u00e9taire administrative de classe exceptionnelle, jusqu'\u00e0 1 500 \u20ac ;\n\u2022 \u00e0 Mme Anne BERNARD, secr\u00e9taire administrative de classe normale, jusqu'\u00e0 1 500 \u20ac.\nARTICLE 10     :  \nEn cas d'absence ou d'emp\u00eachement de M. David PREUD'HOMME,  de donner  d\u00e9l\u00e9gation de\nsignature \u00e0 M. Redha DETAILLER-KHALED, ing\u00e9nieur en chef CE, directeur de l'immobilier, et en\ncas d'absence ou d'emp\u00eachement de ce dernier \u00e0 M. Gil ZANARDI, ing\u00e9nieur chef des services\ntechniques, directeur adjoint de l'immobilier.\nEn cas d'absence ou d'emp\u00eachement simultan\u00e9s de M. Redha DETAILLER-KHALED, directeur de\nl'immobilier, de M. Gil ZANARDI, directeur adjoint de l'immobilier, de donner d\u00e9l\u00e9gation, dans\nla limite de leurs attributions respectives et uniquement pour les march\u00e9s publics immobiliers\nd'un montant inf\u00e9rieur \u00e0 40 000 \u20ac HT \u00e0 :\n\u2013 M. Fr\u00e9d\u00e9ric MAGNEN, ing\u00e9nieur des services techniques,  chef du bureau r\u00e9gional des affaires\nimmobili\u00e8res PACA-Corse \u00e0 la direction de l'immobilier,\n\u2013 M. Zaher KHERBACHE, ing\u00e9nieur des services techniques, chef adjoint du bureau r\u00e9gional des\naffaires immobili\u00e8res PACA-Corse,\n\u2013 M.  Alain  FERR\u00c9,  ing\u00e9nieur  principal  des  services  techniques,  chef  du  bureau  r\u00e9gional  des\naffaires immobili\u00e8res Occitanie,\n\u2013 Mme  Marianne  STROH,  ing\u00e9nieure  des  services  techniques,  cheffe  adjointe  du  bureau\nr\u00e9gional des affaires immobili\u00e8res Occitanie.\nEn cas d'absence ou d'emp\u00eachement simultan\u00e9 de M. Redha DETAILLER-KHALED, directeur de\nl'immobilier, de M. Gil ZANARDI, directeur adjoint de l'immobilier, de donner d\u00e9l\u00e9gation \u00e0 Mme\nSecr\u00e9tariat g\u00e9n\u00e9ral pour l'administration du minist\u00e8re de l'int\u00e9rieur - 13-2025-12-01-00063 - Arr\u00eat\u00e9 du 1er d\u00e9cembre 2025 portant\nd\u00e9l\u00e9gation de signature \u00e0 M. Romain DELMON,\nsecr\u00e9taire g\u00e9n\u00e9ral de la zone de d\u00e9fense et de s\u00e9curit\u00e9 Sud aupr\u00e8s du pr\u00e9fet de la r\u00e9gion  Provence-Alpes-C\u00f4te d'Azur, pr\u00e9fet de la\nzone de d\u00e9fense et de s\u00e9curit\u00e9 Sud, pr\u00e9fet des Bouches-du-Rh\u00f4ne, pr\u00e9fet de police des Bouches-du-Rh\u00f4ne\n79\nBernadette RAIBALDI , agent contractuel de cat\u00e9gorie A,  cheffe du bureau zonal des affaires\ng\u00e9n\u00e9rales  pour  les  domaines  relevant  de  son  activit\u00e9  au  sein  de  la  direction  de\nl'immobilier pour :\n\u2013 les  certificats  administratifs  n\u00e9cessaires  pour  le  traitement  de  l'ex\u00e9cution  financi\u00e8res  des\nmarch\u00e9s,\n\u2013 les exemplaires uniques d\u00e9livr\u00e9s aux entreprises pour cessions de cr\u00e9ances ou demandes de\nnantissement,\n\u2013 les autorisations d'absence pour les agents plac\u00e9s sous son autorit\u00e9,\n\u2013 les agr\u00e9ments des sous-traitants et les avenants sans incidence financi\u00e8re,\n\u2013 les d\u00e9comptes g\u00e9n\u00e9raux d\u00e9finitifs (DGD).\nEn cas d'absence ou d'emp\u00eachement de Mme Bernadette RAIBALDI, de donner d\u00e9l\u00e9gation \u00e0 M.\nEric  VICARI,  agent  contractuel  de  cat\u00e9gorie  A,  chef  adjoint  du  bureau  zonal  des  affaires\ng\u00e9n\u00e9rales. En cas d'absence ou d'emp\u00eachement simultan\u00e9s de Mme Bernadette RAIBALDI  et de\nM. Eric VICARI, de donner d\u00e9l\u00e9gation \u00e0 Mme Bernadette SCHMERBER, adjointe administrative\nprincipale de 1  classe, cheffe de p\u00f4le financier zonal.\u02b3\u1d49\nARTICLE 11     :  \nEn cas d'absence ou d'emp\u00eachement de M. David PREUD'HOMME, de donner d\u00e9l\u00e9gation, pour\nles documents administratifs et financiers \u00e9tablis par la direction de l'\u00e9quipement et de la\nlogistique et les march\u00e9s d'\u00e9quipement et de logistique d'un montant inf\u00e9rieur \u00e0 40 000 \u20ac HT et\nles  avenants  y  aff\u00e9rents, \u00e0  la  lieutenante-colonelle  Malika  BENYETTOU,  directrice  de\nl'\u00e9quipement et de la logistique.\nEn  cas  d'absence  ou  d'emp\u00eachement  de  la  lieutenante-colonelle  Malika  BENYETTOU,  de\ndonner d\u00e9l\u00e9gation  \u00e0 M. Didier BOREL, ing\u00e9nieur en chef  des services techniques , directeur\nadjoint de l'\u00e9quipement et de la logistique.\nEn cas d'absence ou d'emp\u00eachement de  la l ieutenante-colonelle Malika BENYETTOU et  de M.\nDidier  BOREL, de  donner d\u00e9l\u00e9gation , dans  la  limite  de  leurs  attributions  respectives  et\nuniquement pour les march\u00e9s d'\u00e9quipement et de logistique inf\u00e9rieurs \u00e0 15 000  \u20ac HT, \u00e0 :\n\u2013 M. Christophe LATTARD, attach\u00e9 d'administration de l' \u00c9tat, chef du bureau administration\nfinances ;\n\u2013 Mme  Myriam  BOUTTEROUMA,  attach\u00e9e  principale  d'administration  de  l'\u00c9tat,  cheffe  du\nbureau zonal armement munitions et \u00e9quipements ; \n\u2013 M. Thomas LAMADON, ing\u00e9nieur des services techniques, chef du bureau zonal des moyens\nmobiles et \u00e0 M. Nicolas CHARFE, ing\u00e9nieur des services techniques, adjoint du chef du bureau\nzonal des moyens mobiles ;\n\u2013 M. Bruno LAFAGE, attach\u00e9 principal d'administration de l'\u00c9tat, chef du bureau de l'armement,\ndes munitions et des \u00e9quipements sur le site de la direction de l'\u00e9quipement et de la logistique\n\u00e0 Colomiers ;\n\u2013 M. Thierry VERZENI, ing\u00e9nieur principal des services techniques, chef de l'antenne logistique\nde Montpellier et chef du service local automobile 34.\nEn cas d'absence ou d'emp\u00eachement de la lieutenante-colonelle Malika BENYETTOU, de M.\nDidier BOREL, de M. Christophe LATTARD, de Mme Myriam BOUTTEROUMA, de M. Thomas\nSecr\u00e9tariat g\u00e9n\u00e9ral pour l'administration du minist\u00e8re de l'int\u00e9rieur - 13-2025-12-01-00063 - Arr\u00eat\u00e9 du 1er d\u00e9cembre 2025 portant\nd\u00e9l\u00e9gation de signature \u00e0 M. Romain DELMON,\nsecr\u00e9taire g\u00e9n\u00e9ral de la zone de d\u00e9fense et de s\u00e9curit\u00e9 Sud aupr\u00e8s du pr\u00e9fet de la r\u00e9gion  Provence-Alpes-C\u00f4te d'Azur, pr\u00e9fet de la\nzone de d\u00e9fense et de s\u00e9curit\u00e9 Sud, pr\u00e9fet des Bouches-du-Rh\u00f4ne, pr\u00e9fet de police des Bouches-du-Rh\u00f4ne\n80\nLAMADON, de donner d\u00e9l\u00e9gation de signature, dans le cadre exclusif des commandes relatives\n\u00e0 leurs attributions respectives et dans la limite de 3 000 \u20ac HT :\n\u2013 Pour le site de la direction de l'\u00e9quipement et de la logistique \u00e0 Marseille (13) \u00e0 Mme Sandrine\nNADEAU, M.  Bernard  DAMERY,  M.  Bertrand  DECLE,  M.  Pascal  COLLIGNON,  M.  Anthony\nDELBECQ,  Mme  Genevi\u00e8ve  COLLIGNON,  M.  Vanaraj  LONGUETEAU,  M.  Anthony  BONIFAY,\nMajor Olivier ROGE (CSAG) et    Major Emmanuel GUIBAL   ;\nPour le site de la direction de l'\u00e9quipement et de la logistique de FOS (13) \u00e0 M. Patrick DIAZ et\nMme Lydie MADDALENA ;\n\u2013 Pour le site de la direction de l'\u00e9quipement et de la logistique \u00e0 Nice (06), \u00e0 M. Julien LEMESLE,\nM.  Raymond  MONTALBANO,  M.  J\u00e9r\u00e9mie  CARRACI,  M.  Sandro  SCIACCA,  Mme  G\u00e9raldine\nPATARD, Major Michel LACANAL (CSAG) ;  \n\u2013 Pour le site de la direction de l'\u00e9quipement et de la logistique \u00e0 Toulouse (31), \u00e0 M. Nicolas\nGRIMAL, M. Fr\u00e9d\u00e9ric RICARD, Mme Marie-Ange CAMBON ;\n- Pour le site de la direction de l'\u00e9quipement et de la logistique \u00e0 Montpellier (34), \u00e0 M. Vincent\nPASCUITO, M. \u00c9ric PIERRE, au major Arnaud STERCQZ et \u00e0 M. Carlos LOURENCO ;\n\u2013 Pour le site de la direction de l'\u00e9quipement et de la logistique \u00e0 Perpignan (66), \u00e0 M. Jean-Luc\nDESBORDES, M. Emmanuel GUYET, l'adjudant-chef Eric MAXIME ;\n\u2013 Pour le site de la direction de l'\u00e9quipement et de la logistique \u00e0 Ajaccio (2A),  \u00e0  M. Pascal\nDREANO, M. Eric VACCA, M. Nicolas MANKO, M. Jacques PERINI , M. Fr\u00e9d\u00e9ric POLI et au major\nLionel MERCIER (CSAG) ;\n\u2013 Pour le site de la direction de l'\u00e9quipement et de la logistique \u00e0 Furiani (2B),  \u00e0 M. Pascal\nDREANO, M. S\u00e9bastien MARIANI,M. Damien BOUCHER et M. Thierry  ANZIANI ;\n\u2013 Pour le site de la direction de l'\u00e9quipement et de la logistique \u00e0 Borgo (2B), \u00e0  l'adjudant-chef\nEric PIQUEMAL et l'adjudant-chef St\u00e9phane TURPAIN ;\n\u2013 Pour  le  site  de  la  direction  de  l'\u00e9quipement  et  de  la  logistique  \u00e0  Digne-les-Bains  (04),  \u00e0\nl'adjudant-chef Florent BURILLIER et l'adjudant Beno\u00eet PREVERAUD ;\n\u2013 Pour  le  site  de  la  direction  de  l'\u00e9quipement  et  de  la  logistique  \u00e0  Gap  (05),  \u00e0  l'adjudant\nSt\u00e9phane PARDON et  l'adjudant Christophe REECHT ;\n\u2013 Pour  le  site  de  la  direction  de  l'\u00e9quipement  et  de  la  logistique  \u00e0  Hy\u00e8res  (83),  S\u00e9bastien\nFROGER et l'adjudant-chef Christophe COLIN ;\n\u2013 Pour le site de la direction de l'\u00e9quipement et de la logistique \u00e0 Orange (84), au major Thierry\nASTRAND ;\n\u2013 Pour le site de la direction de l'\u00e9quipement et de la logistique \u00e0 Carcassonne (11), au Major\nFrancis LENDROIT, \u00e0 l'adjudant-chef Philippe BARBAZA ;\n\u2013 Pour le site de la direction de l'\u00e9quipement et de la logistique \u00e0 N\u00eemes (30), au major Gilles\nMAJOREL et l'adjudant Lionel OUTIN ;\n\u2013 Pour le site de la direction de l'\u00e9quipement et de la logistique \u00e0 Mende (48), \u00e0 l'adjudant-chef\nS\u00e9bastien BERTRAND et l'adjudant Eric HUGON ;\n\u2013 Pour le site de la direction de l'\u00e9quipement et de la logistique \u00e0 Foix (09), au major St\u00e9phane\nRUIZ et \u00e0 l'adjudant S\u00e9bastien VANDART ;\n\u2013 Pour le site de la direction de l'\u00e9quipement et de la logistique \u00e0 Rodez (12), \u00e0 l'adjudant-chef\nChristophe GAYRAUD et l'adjudant-chef Yvan CAZEAUX ;\n\u2013 Pour le site de la direction de l'\u00e9quipement et de la logistique \u00e0 Auch (32),  \u00e0 l'adjudant-chef\nFabrice DAVID et l'adjudant Micka\u00ebl RIOU ;\n\u2013 Pour le site de la direction de l'\u00e9quipement et de la logistique \u00e0 Cahors (46), \u00e0 l'adjudant-chef\nJo\u00ebl ODDOS ;\n\u2013 Pour le site de la direction de l'\u00e9quipement et de la logistique \u00e0 Tarbes (65), au major Jacques\nDA FONSECA et \u00e0 l'adjudant Fr\u00e9d\u00e9ric BAYAC ;\n\u2013 Pour  le  site  de  la  direction  de  l'\u00e9quipement  et  de  la  logistique  \u00e0  Albi  (81),  \u00e0 l'adjudant\nSecr\u00e9tariat g\u00e9n\u00e9ral pour l'administration du minist\u00e8re de l'int\u00e9rieur - 13-2025-12-01-00063 - Arr\u00eat\u00e9 du 1er d\u00e9cembre 2025 portant\nd\u00e9l\u00e9gation de signature \u00e0 M. Romain DELMON,\nsecr\u00e9taire g\u00e9n\u00e9ral de la zone de d\u00e9fense et de s\u00e9curit\u00e9 Sud aupr\u00e8s du pr\u00e9fet de la r\u00e9gion  Provence-Alpes-C\u00f4te d'Azur, pr\u00e9fet de la\nzone de d\u00e9fense et de s\u00e9curit\u00e9 Sud, pr\u00e9fet des Bouches-du-Rh\u00f4ne, pr\u00e9fet de police des Bouches-du-Rh\u00f4ne\n81\nChristophe CARAYON et l'adjudant Fr\u00e9d\u00e9ric FREJAFOND ;\n\u2013 Pour le site de la direction de l'\u00e9quipement et de la logistique \u00e0 Montauban (82), \u00e0  l'adjudant-\nchef David ROSSI et l'adjudant Eric MONDY.\nARTICLE 12     :  \nEn cas d'absence ou d'emp\u00eachement de M. David PREUD'HOMME,  de donner  d\u00e9l\u00e9gation  de\nsignature \u00e0 M. Nicolas BOUTTE, ing\u00e9nieur SIC hors classe, directeur des syst\u00e8mes d'information\net de communication pour :\n\uf0b7 la passation et l'ex\u00e9cution des march\u00e9s publics SIC d'un montant inf\u00e9rieur \u00e0 40  000 \u20ac HT\net les avenants y aff\u00e9rents ;\n\uf0b7 la signature des actes relatifs \u00e0 l'ex\u00e9cution des march\u00e9s publics SIC lorsque ceux-ci ne\nmodifient ni les co\u00fbts ni les d\u00e9lais pr\u00e9vus dans les pi\u00e8ces contractuelles.\nEn cas d'absence et d'emp\u00eachement de M. Nicolas BOUTTE, ing\u00e9nieur SIC hors classe, directeur\ndes syst\u00e8mes d'information et de communication, de donner d\u00e9l\u00e9gation \u00e0 M. Fabrice BRACCI,\ning\u00e9nieur SIC hors classe, directeur adjoint des syst\u00e8mes d'information et de communication .\nEn cas d'absence et d'emp\u00eachement de M. Nicolas BOUTTE, de donner d\u00e9l\u00e9gation \u00e0 M. Jacques\nSARAMON, ing\u00e9nieur principal SIC, pour les actes de la d\u00e9l\u00e9gation territoriale de Toulouse\nrelevant du domaine de comp\u00e9tence fonctionnelle et territoriale de la direction des syst\u00e8mes\nd'information et de communication, et  \u00e0 M. Fabrice BRACCI, pour les actes des antennes\nlogistiques de Nice et de Montpellier  relevant du domaine de comp\u00e9tence fonctionnelle et\nterritoriale de la direction des syst\u00e8mes d'information et de communication.\nEn cas d'absence ou d'emp\u00eachement de M.  Nicolas BOUTTE ,  de donner  d\u00e9l\u00e9gation \u00e0  M. Cyr\nBUONO, ing\u00e9nieur principal SIC, dans les limites de ses attributions au sein de la direction des\nsyst\u00e8mes  d'information  et  de  communication  et  pour  l'engagement  de  d\u00e9penses  de\nfonctionnement de la DSIC n'exc\u00e9dant pas 5 000 \u20ac HT.\nARTICLE 13     :  \nEn cas d'absence ou d'emp\u00eachement de  M. David PREUD'HOMME,  de donner  d\u00e9l\u00e9gation  de\nsignature  pour  les  engagements  juridiques  des  d\u00e9penses  concernant  le  budget  propre  des\nd\u00e9l\u00e9gations territoriales, r\u00e9gionales et des antennes logistiques, dans la limite de 40 000 \u20ac par\nacte et \u00e0 l'exclusion des d\u00e9penses imput\u00e9es sur les lignes budg\u00e9taires EQ41 (habillement et\ntenues) et EQ32 (plateforme zonale d'\u00e9talonnage des cin\u00e9mom\u00e8tres) sur le centre de co\u00fbt de la\nd\u00e9l\u00e9gation territoriale de Toulouse :\n\u2013 pour  ce  qui  concerne  la  d\u00e9l\u00e9gation  territoriale  de  Toulouse  \u00e0  Mme  Karine  SABATE-\nDUMONTEIL, conseill\u00e8re d'administration de l'Int\u00e9rieur, cheffe de la d\u00e9l\u00e9gation territoriale de\nToulouse ;\n\u2013 pour ce qui concerne la d\u00e9l\u00e9gation r\u00e9gionale d'Ajaccio  \u00e0 Mme Val\u00e9rie DIXMIER, attach\u00e9e\nd'administration de l'\u00c9tat, cheffe de la d\u00e9l\u00e9gation r\u00e9gionale de Corse ; et en son absence \u00e0 Mme\nAudrey  ORPHELIN,  secr\u00e9taire  administrative  de  classe  normale,  cheffe  du  service  local\nadministratif ;\n\u2013 pour ce qui concerne l'antenne de Nice \u00e0 M. Jean-Philippe GACQUER, ing\u00e9nieur des services\ntechniques hors classe, chef de l'antenne de Nice ;\n\u2013 pour ce qui concerne l'antenne de Montpellier  \u00e0 M. Thierry VERZENI chef de l'antenne de\nMontpellier.\nSecr\u00e9tariat g\u00e9n\u00e9ral pour l'administration du minist\u00e8re de l'int\u00e9rieur - 13-2025-12-01-00063 - Arr\u00eat\u00e9 du 1er d\u00e9cembre 2025 portant\nd\u00e9l\u00e9gation de signature \u00e0 M. Romain DELMON,\nsecr\u00e9taire g\u00e9n\u00e9ral de la zone de d\u00e9fense et de s\u00e9curit\u00e9 Sud aupr\u00e8s du pr\u00e9fet de la r\u00e9gion  Provence-Alpes-C\u00f4te d'Azur, pr\u00e9fet de la\nzone de d\u00e9fense et de s\u00e9curit\u00e9 Sud, pr\u00e9fet des Bouches-du-Rh\u00f4ne, pr\u00e9fet de police des Bouches-du-Rh\u00f4ne\n82\nEn leur qualit\u00e9 de chef d'\u00e9tablissement et de site, en tant que responsable de la s\u00e9curit\u00e9 des\npersonnes  et  des  biens  et  des  conditions  d'hygi\u00e8ne  et  de  s\u00e9curit\u00e9  au  travail,  de  donner\nd\u00e9l\u00e9gation de signature pour la gestion courante de l'\u00e9tablissement :\n\u2013 pour ce qui concerne le site de Sainte-Marthe \u00e0 M. David PREUD'HOMME, secr\u00e9taire g\u00e9n\u00e9ral\nadjoint pour l'administration du minist\u00e8re de l'Int\u00e9rieur de la zone de d\u00e9fense et de s\u00e9curit\u00e9\nSud ;\n\u2013 pour ce qui concerne le site de Noilly Prat,  \u00e0 la lieutenante-colonelle Malika BENYETTOU,\ndirectrice de l'\u00e9quipement et de la logistique ;\n\u2013 pour  ce  qui  concerne  le  site  d'Alphonse  Allais,  \u00e0  M.  S\u00e9bastien  TRUET,  directeur  de\nl'administration g\u00e9n\u00e9rale et des finances ; \n\u2013 pour  ce  qui  concerne  la  d\u00e9l\u00e9gation  territoriale  de  Toulouse,  \u00e0  Mme  Karine  SABATE-\nDUMONTEIL, cheffe de la d\u00e9l\u00e9gation territoriale de Toulouse ;\n\u2013 pour ce qui concerne la d\u00e9l\u00e9gation r\u00e9gionale d'Ajaccio,  \u00e0 Mme Val\u00e9rie DIXMIER, attach\u00e9e\nd'administration de l'\u00c9tat, cheffe de la d\u00e9l\u00e9gation r\u00e9gionale de Corse ; \n\u2013 pour ce qui concerne  l'antenne de Nice, \u00e0 M. Jean-Philippe GACQUER, ing\u00e9nieur des services\ntechniques, chef de l'antenne de Nice par int\u00e9rim ;\n\u2013 pour ce qui concerne l'antenne de Montpellier, \u00e0 M. Thierry VERZENI, chef de l'antenne de\nMontpellier.\nARTICLE 14     :  \nEn cas d'absence ou d'emp\u00eachement de M. David PREUD'HOMME,  de donner  d\u00e9l\u00e9gation  de\nsignature \u00e0 M. Fran\u00e7ois MICHEL, m\u00e9decin inspecteur zonal pour l'ensemble des documents\nadministratifs et financiers \u00e9tablis par les services m\u00e9dicaux statutaires de la zone de d\u00e9fense\net de s\u00e9curit\u00e9 Sud.\nEn son absence ou en cas d'emp\u00eachement, de donner d\u00e9l\u00e9gation :\n\u2013 \u00e0 M. Jean CECCALDI, m\u00e9decin inspecteur r\u00e9gional adjoint ;\n\u2013 \u00e0 Mme Anne MOUILLARD, cheffe du service m\u00e9dical statutaire et de contr\u00f4le de la d\u00e9l\u00e9gation\nterritoriale de Toulouse, pour les d\u00e9partements de l'Ari\u00e8ge, du Tarn, du Gers, de la Haute-\nGaronne, du Lot, des Hautes-Pyr\u00e9n\u00e9es, de l'Aveyron et du Tarn-et-Garonne ;\n\u2013 \u00e0 M. Paul MARCAGGI, m\u00e9decin inspecteur r\u00e9gional adjoint ; \n\u2013 \u00e0 M. Claude TRIAL, m\u00e9decin inspecteur r\u00e9gional adjoint.\nARTICLE 15     :  \nEn cas d'absence ou d'emp\u00eachement de  M. David PREUD'HOMME, de donner d\u00e9l\u00e9gation, dans\nles  domaines  relevant  du  cabinet  du  SGAMI \u00e0  Mme  Camille  STOUVENEL,  attach\u00e9e\nd'administration  de  l'\u00c9tat,  cheffe  de  cabinet,  pour  l'engagement  de  d\u00e9penses  de\nfonctionnement du cabinet n'exc\u00e9dant pas 10 000 \u20ac HT.\nEn cas d'absence ou d'emp\u00eachement de Mme Camille STOUVENEL, de donner d\u00e9l\u00e9gation, dans\nles  limites  de  ses  attributions  au  sein  du  cabinet  et  pour  l'engagement  de  d\u00e9penses  de\nfonctionnement du cabinet n'exc\u00e9dant pas 10 000 \u20ac HT, \u00e0 :\n\u2013 Mme Marjorie CASELLA, secr\u00e9taire administrative de classe sup\u00e9rieure, adjointe \u00e0 la cheffe du\nbureau des affaires g\u00e9n\u00e9rales.\nSecr\u00e9tariat g\u00e9n\u00e9ral pour l'administration du minist\u00e8re de l'int\u00e9rieur - 13-2025-12-01-00063 - Arr\u00eat\u00e9 du 1er d\u00e9cembre 2025 portant\nd\u00e9l\u00e9gation de signature \u00e0 M. Romain DELMON,\nsecr\u00e9taire g\u00e9n\u00e9ral de la zone de d\u00e9fense et de s\u00e9curit\u00e9 Sud aupr\u00e8s du pr\u00e9fet de la r\u00e9gion  Provence-Alpes-C\u00f4te d'Azur, pr\u00e9fet de la\nzone de d\u00e9fense et de s\u00e9curit\u00e9 Sud, pr\u00e9fet des Bouches-du-Rh\u00f4ne, pr\u00e9fet de police des Bouches-du-Rh\u00f4ne\n83\nARTICLE 16     :  \nEn cas d'absence ou d'emp\u00eachement de M. David PREUD'HOMME,  de donner  d\u00e9l\u00e9gation  de\nsignature, pour  les  documents  administratifs  et  financiers  \u00e9tablis  par  les  services  actifs  de\ns\u00e9curit\u00e9 Int\u00e9rieure, \u00e0 M. Arnaud VIEULES, sous-pr\u00e9fet, coordonnateur pour la s\u00e9curit\u00e9 en Corse.\nEn  cas  d'absence  ou  d'emp\u00eachement  de  M.  Arnaud  VIEULES,  de  donner d\u00e9l\u00e9gation ,  \u00e0\nl'exception  des  arr\u00eat\u00e9s,  protocoles  transactionnels  \u00e9labor\u00e9s  dans  le  cadre  d'un  march\u00e9,\naccords-cadres et march\u00e9s , au c ommissaire divisionnaire Nicolas RODILLON, coordonnateur\nadjoint pour la s\u00e9curit\u00e9 en Corse.\nARTICLE 17     :  \nDans le cadre de l 'ex\u00e9cution du BOP \u00ab  Immigration et Asile \u00bb, programme 303, action 3, en cas\nd'absence ou d'emp\u00eachement de M. David PREUD'HOMME, de donner d\u00e9l\u00e9gation de signature\n\u00e0  M.  S\u00e9bastien  TRUET,  attach\u00e9  hors  classe  d'administration  de  l'\u00c9tat,  directeur  de\nl'administration g\u00e9n\u00e9rale et des finances, afin de signer :\n\u2022 les actes juridiques concernant les d\u00e9penses de fonctionnement des locaux et centres de\nr\u00e9tentions inf\u00e9rieures \u00e0 250 000 \u20ac HT,\n\u2022 les  engagements  juridiques  pris  dans  le  cadre  d'un  march\u00e9  notifi\u00e9,  y  compris  les\ncommandes pass\u00e9es \u00e0 l'UGAP, dans la limite de 500 000 \u20ac HT.\nEn  cas  d'absence  de  M.  S\u00e9bastien  TRUET,  attach\u00e9  hors  classe  d'administration  de  l'\u00c9tat,\ndirecteur de l'administration g\u00e9n\u00e9rale et des finances, de donner d\u00e9l\u00e9gation \u00e0 :\n\u2013 M. Fr\u00e9d\u00e9ric BAILHE, attach\u00e9 hors classe d'administration de l'\u00c9tat,  conseiller d'administration\nde l'Int\u00e9rieur, directeur adjoint de l'administration g\u00e9n\u00e9rale et des finances ;\n\u2013 M.  Jean-Pierre  CARL\u0116,  attach\u00e9  hors  classe  d'administration  de  l'\u00c9tat,  chef  du  bureau  du\nbudget, dans la limite de 40 000 \u20ac HT ; \n\u2013 M.  Laurent  LUCZAK,  attach\u00e9  d'administration  de  l'\u00c9tat,  adjoint  au  chef  du  bureau  du\nbudget, dans la limite de 40 000 \u20ac HT ;\n\u2013 Capitaine David CURATOLO, chef du p\u00f4le programme 216 et 303, bureau du budget, dans la\nlimite de 40 000 \u20ac HT ; \n\u2013 Mme Anna-Dea PINNA, attach\u00e9e d'administration, adjointe au chef du p\u00f4le programme 216\net 303 bureau du budget, dans la limite de 40 000 \u20ac HT ;     \n\u2013 Mme Muriel MOSCATELLI, attach\u00e9e d'administration de l'\u00c9tat, cheffe du bureau de l'appui au\npilotage, dans la limite de 40 000 \u20ac HT.\nARTICLE 18\nL'arr\u00eat\u00e9 du 10 novembre 2025 portant organisation de la zone de d\u00e9fense et de s\u00e9curit\u00e9 Sud est\nabrog\u00e9.\nSecr\u00e9tariat g\u00e9n\u00e9ral pour l'administration du minist\u00e8re de l'int\u00e9rieur - 13-2025-12-01-00063 - Arr\u00eat\u00e9 du 1er d\u00e9cembre 2025 portant\nd\u00e9l\u00e9gation de signature \u00e0 M. Romain DELMON,\nsecr\u00e9taire g\u00e9n\u00e9ral de la zone de d\u00e9fense et de s\u00e9curit\u00e9 Sud aupr\u00e8s du pr\u00e9fet de la r\u00e9gion  Provence-Alpes-C\u00f4te d'Azur, pr\u00e9fet de la\nzone de d\u00e9fense et de s\u00e9curit\u00e9 Sud, pr\u00e9fet des Bouches-du-Rh\u00f4ne, pr\u00e9fet de police des Bouches-du-Rh\u00f4ne\n84\nARTICLE 19     :  \nLe secr\u00e9taire g\u00e9n\u00e9ral de la zone de d\u00e9fense et de s\u00e9curit\u00e9 Sud et le secr\u00e9taire g\u00e9n\u00e9ral  adjoint\npour l'administration du minist\u00e8re de l'Int\u00e9rieur sont charg\u00e9s, chacun en ce qui le concerne, de\nl'ex\u00e9cution du pr\u00e9sent arr\u00eat\u00e9  qui entrera en vigueur \u00e0 compter du 1er d\u00e9cembre 2025, date \u00e0\npartir de laquelle toutes les dispositions ant\u00e9rieures et contraires au pr\u00e9sent arr\u00eat\u00e9 seront\ncaduques, et sera publi\u00e9 au recueil des actes administratifs des pr\u00e9fectures chefs-lieux des\nr\u00e9gions Provence-Alpes-C\u00f4te d'Azur et Occitanie, ainsi que de la collectivit\u00e9 territoriale de\nCorse.                                                                               \n                                   \nFait \u00e0 Marseille, le 1er d\u00e9cembre 2025\nSign\u00e9\nLe pr\u00e9fet,\nJacques WITKOWSKI\nSecr\u00e9tariat g\u00e9n\u00e9ral pour l'administration du minist\u00e8re de l'int\u00e9rieur - 13-2025-12-01-00063 - Arr\u00eat\u00e9 du 1er d\u00e9cembre 2025 portant\nd\u00e9l\u00e9gation de signature \u00e0 M. Romain DELMON,\nsecr\u00e9taire g\u00e9n\u00e9ral de la zone de d\u00e9fense et de s\u00e9curit\u00e9 Sud aupr\u00e8s du pr\u00e9fet de la r\u00e9gion  Provence-Alpes-C\u00f4te d'Azur, pr\u00e9fet de la\nzone de d\u00e9fense et de s\u00e9curit\u00e9 Sud, pr\u00e9fet des Bouches-du-Rh\u00f4ne, pr\u00e9fet de police des Bouches-du-Rh\u00f4ne\n85\nAnnexe 1\nListe de gestionnaires/valideurs CHORUS FORMULAIRE\nUO 0216-CSGA-DSud - 0176-CCSC-DM13\nService Nom Pr\u00e9nom saisie validation\nDEL 34 ABDECHCHAFI MARINE O O\nDI AMARI FADILA O O\nCeZOC AMRI Farida O O\nDI AOURI SAMIA O O\nCeZOC ARNOLDY Florence O O\nDAGF BB BALZARINI ERIC O O\nDAGF BB BAROZZI \u00c9LODIE O O\nCAB BAUMIER MARIE-ODILE O O\nDEL BEDDAR HOCINE O\nCeZOC BEURDELEY Henri O O\nDAGF BB BIET JUSTINE O O\nCAB BONICI EMMANUELLE O\nDAGF-BB BROTO LILIANE O O\nDI BONPAIN PATRICIA O O\nDSIC Toulouse BORDELONGUE JEAN-BERNARD O O\nDRT31 BOUAZZA DALILA O\nDI BOUGUERN NAJET O O\nDRT31 CAMBON MARIE-ANGE O O\nCAB CASELLA MARJORIE O O\nDEL COLLIGNON GENEVI\u00c8VE O O\nDAGF-BB CURATOLO DAVID O O\nCAB DARNIS MORGANE O\nDRT31 DE LLOBET MAGALI O O\nSecr\u00e9tariat g\u00e9n\u00e9ral pour l'administration du minist\u00e8re de l'int\u00e9rieur - 13-2025-12-01-00063 - Arr\u00eat\u00e9 du 1er d\u00e9cembre 2025 portant\nd\u00e9l\u00e9gation de signature \u00e0 M. Romain DELMON,\nsecr\u00e9taire g\u00e9n\u00e9ral de la zone de d\u00e9fense et de s\u00e9curit\u00e9 Sud aupr\u00e8s du pr\u00e9fet de la r\u00e9gion  Provence-Alpes-C\u00f4te d'Azur, pr\u00e9fet de la\nzone de d\u00e9fense et de s\u00e9curit\u00e9 Sud, pr\u00e9fet des Bouches-du-Rh\u00f4ne, pr\u00e9fet de police des Bouches-du-Rh\u00f4ne\n86\nDSIC DE OLIVEIRA VALERIE O O\nDAGF  BAP DI MEO L\u00c6TITIA O O\nDEL DORU ROLAND O O\nDSIC DJAOU HALIMA O O\nDRT34 ESTEVE MICHAEL O O\nDI FENECH L\u00c6TITIA O\nDAGF-BB HAMOUDI C\u00c9CILE O O\nDSIC HOANG CLARISSE O O\nDAGF-BB FLORES C\u00c9CILE O O\nDI GUERRA LYSIANE O\nDSIC ISSAUTIER LAURENT O O\nDI JULLIEN CORINNE O O\nANT06 LABARDE JEAN-PIERRE O O\nCeZOC LE BERRE-LACHAUX Sophie o o\nDI MALECKI JAROSLAW O O\nCEZOC MARTIN ANDREA O O\nDT31 MAZZOLO CARINE O O\nDT31 MENUSIER ST\u00c9PHANE O O\nDEL LONGUETEAU VANARAJ O O\nDRT MOUNIER SANDRA O\nDAGF NEUVILLE LAURENCE O O\nDAGF BB PINNA ANNA-DEA O O\nDAGF BB QUBRI HAKIMA O -\nDI REGLIONI JENNIFER O O\nDEL06 REVENGA MONIQUE O\nDAGF BB ROUMANE SONIA O O\nDRH SAUGEZ LO\u00cfC O O\nDRH VALLICCIONI CAROLINE O O\nSecr\u00e9tariat g\u00e9n\u00e9ral pour l'administration du minist\u00e8re de l'int\u00e9rieur - 13-2025-12-01-00063 - Arr\u00eat\u00e9 du 1er d\u00e9cembre 2025 portant\nd\u00e9l\u00e9gation de signature \u00e0 M. Romain DELMON,\nsecr\u00e9taire g\u00e9n\u00e9ral de la zone de d\u00e9fense et de s\u00e9curit\u00e9 Sud aupr\u00e8s du pr\u00e9fet de la r\u00e9gion  Provence-Alpes-C\u00f4te d'Azur, pr\u00e9fet de la\nzone de d\u00e9fense et de s\u00e9curit\u00e9 Sud, pr\u00e9fet des Bouches-du-Rh\u00f4ne, pr\u00e9fet de police des Bouches-du-Rh\u00f4ne\n87\nDI RAIBALDI BERNADETTE O O\nCAB SALLES DAVID O O\nDI SCHMERBER BERNADETTE O O\nDI SFREGOLA NOEL O\nDEL NADEAU SANDRINE O O\nPP VALLON MARIE-FLORE O\nDEL  et DT31 VIALARS MARION O O\nDAGF BB PATRICOLA CAROLE O O\nDAGF BB HOARAU SYLVIE O O\nDAGF BB LUCZAK LAURENT O O\nDEL 31 MAZZOLO CARINE O O\nDEL 31 MENUSIER STEPHANE O O\nDI ZAKARIA ASSAENDI O O\nDR CORSE ORPHELIN AUDREY O O\nDR CORSE BAUWENS NATHALIE O O\nDR CORSE ORICELLI GABRIELLE O O\nDR CORSE DIXMIER VALERIE O O\nDI VICARI ERIC O O\nSecr\u00e9tariat g\u00e9n\u00e9ral pour l'administration du minist\u00e8re de l'int\u00e9rieur - 13-2025-12-01-00063 - Arr\u00eat\u00e9 du 1er d\u00e9cembre 2025 portant\nd\u00e9l\u00e9gation de signature \u00e0 M. Romain DELMON,\nsecr\u00e9taire g\u00e9n\u00e9ral de la zone de d\u00e9fense et de s\u00e9curit\u00e9 Sud aupr\u00e8s du pr\u00e9fet de la r\u00e9gion  Provence-Alpes-C\u00f4te d'Azur, pr\u00e9fet de la\nzone de d\u00e9fense et de s\u00e9curit\u00e9 Sud, pr\u00e9fet des Bouches-du-Rh\u00f4ne, pr\u00e9fet de police des Bouches-du-Rh\u00f4ne\n88\nAnnexe 2\nListe des porteurs de carte d'achats\nUO CCSC-DM13 P176 \nNOM TITULAIRE PR\u00c9NOM TITULAIRE\nMontant maximum par \ntransaction\nNiveau UO\nABOU S\u00e9bastien 2000\u20ac 1 bis SGAMI/DEL/SLA13 \nAHMED NATACHA 20 000 \u20ac 3 DEL MARSEILLE\nALEJANDRO CHRISTINE 500 \u20ac 1 et 1 bis CMC\nAMIRATY V\u00c9RONIQUE 20 000 \u20ac 1 et 1 bis PP13\nANZIANI THIERRY 500 \u20ac 3 SGAMI DEL FURIANI\nARNOLDY FLORENCE 2 000 \u20ac 1 et 3 CEZOC\nASTOIN CHRISTOPHE  2 000 \u20ac 1 et 3 PP13\nBARASCUT ELIE 20 000 \u20ac 3 DEL MONTPELLIER\nBATIFOULIER NICOLAS 12 000 \u20ac 3 SGAMI Sud/DEL/BMM/SLA 06\nBONIFAY ANTHONY 10 000 \u20ac 3 DEL\nBOUWE LIE 10 000 \u20ac 3 DEL MARSEILLE\nCAMBON MARIE-ANGE 8 000 \u20ac 3 DEL\nCHAKRI HICHAM 2 000 \u20ac 1 et 1 bis PP13\nCARACCI Jeremie 2000\u20ac 1 bis ANT06/DEL -ANT34 \nCOLLIGNON PASCAL 2 000 \u20ac 1 bis DEL MARSEILLE\nCOURNAC NICOLAS 2 000 \u20ac 1bis DEL\nCOUTURIER ROBERT 2 000 \u20ac 1bis et 3 DEL MONTPELLIER\nDELBECQ ANTHONY 2 000 \u20ac 1 bis DEL MARSEILLE\nDELMON Romain 2 000\u20ac 1 CeZOC\nDENIS CHRISTIAN 2 000 \u20ac 1 bis DEL AJACCIO\nDESBORDES JEAN-LUC 20 000 \u20ac 3 DEL PERPIGNAN\nDIAZ PATRICK 20 000 \u20ac 1 bis et  3 DEL MARSEILLE\nDITNAN KEVIN 10 000 \u20ac 3 DEL COLOMIERS\nFLORO JEAN-CHRISTOPHE 20 000 \u20ac 1  et 3 DEL MARSEILLE\nFONTAINE S\u00c9BASTIEN 20 000 \u20ac 3 DEL MARSEILLE\nFOURC S\u00c9BASTIEN 2 000 \u20ac 3 SLA 66\nSecr\u00e9tariat g\u00e9n\u00e9ral pour l'administration du minist\u00e8re de l'int\u00e9rieur - 13-2025-12-01-00063 - Arr\u00eat\u00e9 du 1er d\u00e9cembre 2025 portant\nd\u00e9l\u00e9gation de signature \u00e0 M. Romain DELMON,\nsecr\u00e9taire g\u00e9n\u00e9ral de la zone de d\u00e9fense et de s\u00e9curit\u00e9 Sud aupr\u00e8s du pr\u00e9fet de la r\u00e9gion  Provence-Alpes-C\u00f4te d'Azur, pr\u00e9fet de la\nzone de d\u00e9fense et de s\u00e9curit\u00e9 Sud, pr\u00e9fet des Bouches-du-Rh\u00f4ne, pr\u00e9fet de police des Bouches-du-Rh\u00f4ne\n89\nGANGAI MICHEL 12 000 \u20ac 3 DEL MARSEILLE\nGAROFALO CHRISTOPHE 20 000 \u20ac 3 DEL MONTPELLIER\nGRAL GR\u00c9GORY 10 000 \u20ac 3 ANTENNE DE NICE\nGUEZELLO LAURA 2 000\u20ac 1 et 3 Pref2A CSC\nGUILLOT LAURENT 20 000 \u20ac 3 DEL MONTPELLIER\nGUYET EMMANUEL 10 000 \u20ac 3 DEL\nISONI JO\u00cbL 10 000 \u20ac 3\nSGAMI DR2A MAGASIN \nAUTOMOBILE\nKRUMB JEAN-PIERRE 20 000 \u20ac 3 DEL COLOMIERS\nLONGUETEAU VANARAJ 2 000 \u20ac 1 bis\nSGAMI Sud / DEL/ BZMM/ PAZ/ \nMAGASIN\nMADDALENA LYDIE 5 000 \u20ac 3 DEL MARSEILLE\nMARIANI S\u00c9BASTIEN 10 000 \u20ac 3 SGAMI DEL FURIANI\nMEHADJI FARID 500 \u20ac 3 CMC\nNOISETTE JEAN-YVES 2 000 \u20ac 1 CEZOC\nPERINI JACQUES 10 000 \u20ac 1 SGAMI Sud DEL BMM\nPIERRE ERIC 20 000 \u20ac 3 DEL MONTPELLIER\nPOLI FR\u00c9D\u00c9RIC 10 000 \u20ac 3 SGAMI DR2A MAGASIN AUTO\nGUYET EMMANUEL 2000\u20ac 1bis DEL DM13 \nPRUNIER S\u00c9BASTIEN 20 000 \u20ac 3 DEL\nRODILLON NICOLAS 2 000 \u20ac 3 PREF2A CSC\nSAUGEZ LO\u00cfC 2 000 \u20ac 3 DRH\nSCIACCA SANDRO 1 200 \u20ac 3 DEL NICE\nSIMON Corinne 2000\u20ac 1FDR PP13/DM13 \nSPADOLA LORENZO 15 000 \u20ac 3 Pr\u00e9fecture de police\nSUSINI PASCAL 10000 \u20ac 3 DEL\nVIEULES ARNAUD 2 000\u20ac 1 SGAMI DR2A\nVINEL NICOLAS 20 000 \u20ac 3 DEL COLOMIERS\nSecr\u00e9tariat g\u00e9n\u00e9ral pour l'administration du minist\u00e8re de l'int\u00e9rieur - 13-2025-12-01-00063 - Arr\u00eat\u00e9 du 1er d\u00e9cembre 2025 portant\nd\u00e9l\u00e9gation de signature \u00e0 M. Romain DELMON,\nsecr\u00e9taire g\u00e9n\u00e9ral de la zone de d\u00e9fense et de s\u00e9curit\u00e9 Sud aupr\u00e8s du pr\u00e9fet de la r\u00e9gion  Provence-Alpes-C\u00f4te d'Azur, pr\u00e9fet de la\nzone de d\u00e9fense et de s\u00e9curit\u00e9 Sud, pr\u00e9fet des Bouches-du-Rh\u00f4ne, pr\u00e9fet de police des Bouches-du-Rh\u00f4ne\n90\nListe des d\u00e9tenteurs de carte d'achats\nUO CSGA-DSud P216 \nNom des Titulaires\nPr\u00e9nom des\nTitulaires\nMontant max par\ntransaction\nNIVEAU UO\nBAILHE FR\u00c9D\u00c9RIC 2 000 \u20ac 1 DAGF\nBAUMIER-LEVEQUE MARIE-ODILE 2 000 \u20ac 1 CABINET\nBENYETTOU MALIKA  2 000 \u20ac 1 et 3 DEL\nBORDELONGUE JEAN-BERNARD 500 \u20ac 1 DSIC\nBOREL DIDIER 2 000 \u20ac 1 et 1 bis DEL\nBOUTTE NICOLAS 2 000 \u20ac 1 et 1 bis DSIC\nBOUZID AICHA 2 500 \u20ac 1 et  1Bis DAGF\nBRACCI FABRICE 2 000 \u20ac 1 et 1 bis DSIC\nBUONO CYR 500 \u20ac 1 bis DSIC\nCASELLA MARJORIE 2 000 \u20ac 1 et 3 SGAMI Sud CABINET\nCOUTON FR\u00c9D\u00c9RIC 500 \u20ac 3 CABINET\nCOUTURIER Robert 2000 \u20ac 1 bis ANT34 P216 \nDI MEO LAETITA  2 000 \u20ac 1 bis DAGF\nDIDONNA CATHERINE 2 000 \u20ac 3  DAGF\nDIXMIER VAL\u00c9RIE 2 000 \u20ac 1 et 3 SGAMI Sud DR2A\nDJAOU HALIMA 2 000 \u20ac 3 DSIC\nGACQUER JEAN-PHILIPPE 2 000 \u20ac 1 ANTENNE DE NICE\nLABARDE JEAN-PIERRE 2 000\u20ac 1 bis et 3 ANT06\nLATTARD CHRISTOPHE 1 000 \u20ac 3 DEL\nMARCHIEN Guillaume 2 000 \u20ac 3 DSIC\nMONGIU PATRICIA 500 \u20ac 3 DI\nNADEAU SANDRINE 2 000 \u20ac 1 bis DEL\nORPHELIN AUDREY 1000 \u20ac 1 DR2A\nPREUD'HOMME DAVID 2 000 \u20ac 1 CABINET\nRIVIERE ANTHONY 500 \u20ac 1 CABINET\nSecr\u00e9tariat g\u00e9n\u00e9ral pour l'administration du minist\u00e8re de l'int\u00e9rieur - 13-2025-12-01-00063 - Arr\u00eat\u00e9 du 1er d\u00e9cembre 2025 portant\nd\u00e9l\u00e9gation de signature \u00e0 M. Romain DELMON,\nsecr\u00e9taire g\u00e9n\u00e9ral de la zone de d\u00e9fense et de s\u00e9curit\u00e9 Sud aupr\u00e8s du pr\u00e9fet de la r\u00e9gion  Provence-Alpes-C\u00f4te d'Azur, pr\u00e9fet de la\nzone de d\u00e9fense et de s\u00e9curit\u00e9 Sud, pr\u00e9fet des Bouches-du-Rh\u00f4ne, pr\u00e9fet de police des Bouches-du-Rh\u00f4ne\n91\nSABATE KARINE 2 000 \u20ac 1 et 1 bis DT31\nSAUGEZ LO\u00cfC 2 000 \u20ac 3 DRH\nSECCHI Nadia 2 000 \u20ac 1 et 3 DRH\nVALLICCIONI\n(\u00e0 compter du 01/12/2025)\nCaroline 2 000 \u20ac 1 et 3 DRH\nSTOUVENEL CAMILLE 2 000 \u20ac 1 et 3 CABINET\nKHALED DETAILLER Redha 2 000 \u20ac 1 DI     \nTAORMINA ALAIN 1 000 \u20ac 1 CABINET\nTRUET S\u00c9BASTIEN 2000 \u20ac 1 et 1Bis DAGF\nVERZENI THIERRY 10 000 \u20ac 1 DEL ANT34 \nVIALARS MARION 1 000 \u20ac 1 et 3 DT31\nZANARDI GIL 2 000 \u20ac 3 DI\nSecr\u00e9tariat g\u00e9n\u00e9ral pour l'administration du minist\u00e8re de l'int\u00e9rieur - 13-2025-12-01-00063 - Arr\u00eat\u00e9 du 1er d\u00e9cembre 2025 portant\nd\u00e9l\u00e9gation de signature \u00e0 M. Romain DELMON,\nsecr\u00e9taire g\u00e9n\u00e9ral de la zone de d\u00e9fense et de s\u00e9curit\u00e9 Sud aupr\u00e8s du pr\u00e9fet de la r\u00e9gion  Provence-Alpes-C\u00f4te d'Azur, pr\u00e9fet de la\nzone de d\u00e9fense et de s\u00e9curit\u00e9 Sud, pr\u00e9fet des Bouches-du-Rh\u00f4ne, pr\u00e9fet de police des Bouches-du-Rh\u00f4ne\n92","date":"2025-12-02","first_seen_on":"2025-12-02T15:10:16+00:00","id":"85f82768c192832d5926f381c0f0961476c2a1eef464b340817766cc792eca3d","name":"recueil-13-2025-367-recueil-des-actes-administratifs-special du 02 d\u00e9cembre 2025","pdf_creation_date":"2025-12-02T15:04:57+00:00","pdf_modification_date":"2025-12-02T15:05:45+00:00","timezone":"Europe/Paris","url":"https://www.bouches-du-rhone.gouv.fr/contenu/telechargement/62159/437599/file/recueil-13-2025-367-recueil-des-actes-administratifs-special%20du%2002%20d%C3%A9cembre%202025.pdf"}
