{"administration":"pref21","administration_name":"Pr\u00e9fecture de C\u00f4te-d\u2019Or","content":"PR\u00c9FET\nDE LA C\u00d4TE-D'OR\nRECUEIL DES ACTES\nADMINISTRATIFS SP\u00c9CIAL\nN\u00b021-2024-028\nPUBLI\u00c9 LE  7 F\u00c9VRIER 2024\nSommaire\nDirection d\u00e9partementale de l'emploi, du travail et des solidarit\u00e9s de\nC\u00f4te-d'Or /\n21-2024-02-06-00003 - R\u00e9c\u00e9piss\u00e9 D\u00e9claration Modificative\nSAP/919544650\nSCDC BEAUNE EURL - COUSIN Daniel (2 pages) Page 4\n21-2024-01-31-00009 - R\u00e9c\u00e9piss\u00e9 D\u00e9claration SAP/983912643\nBORDERELLE\nAlexandra (2 pages) Page 7\nDirection d\u00e9partementale des territoires de la C\u00f4te-d'Or / Cellule \u00c9ducation\nrouti\u00e8re\n21-2024-02-01-00004 - Arr\u00eat\u00e9 n\u00b0 269 Portant cr\u00e9ation d\u25a1un \u00e9tablissement\nd\u25a1enseignement de la conduite automobile d\u00e9nomm\u00e9 \u00ab\u00a0SARL\nSAINT-BERNARD\u00a0\u00bb - situ\u00e9 14, rue de la Maladi\u00e8re \u25a1 21220 BROCHON (3\npages) Page 10\n21-2024-02-06-00001 - Arr\u00eat\u00e9 N\u00b0 289\nPortant cr\u00e9ation d\u25a1un \u00e9tablissement\nd\u25a1enseignement de la conduite automobile d\u00e9nomm\u00e9 \u00abAuto-\u00c9cole des\nChil\u00e8nes\u00a0\u00bb - situ\u00e9 74 bis, route de Savigny \u25a1 21200 BEAUNE (3 pages) Page 14\nDirection d\u00e9partementale des territoires de la C\u00f4te-d'Or / Service de l'eau et\ndes risques\n21-2024-02-05-00006 - RAA AP267 MeD 20240205 (3 pages) Page 18\nDirection d\u00e9partementale des territoires de la C\u00f4te-d'Or / Service\nPr\u00e9servation et Am\u00e9nagement de l'Espace (SPAE)\n21-2024-02-05-00007 - Arr\u00eat\u00e9 pr\u00e9fectoral du 5 f\u00e9vrier 2024 portant\nmodification de l\u25a1arr\u00eat\u00e9 du 20 juin 2023 portant renouvellement du bureau\nde l'association fonci\u00e8re de CORGOLOIN (2 pages) Page 22\nDirection d\u00e9partementale des territoires de la C\u00f4te-d'Or / Service S\u00e9curit\u00e9 et\nEducation Routi\u00e8re\n21-2024-02-03-00001 - Arr\u00eat\u00e9 n\u00b0261portant dispositions particuli\u00e8res de\ncirculation sur le r\u00e9seau autoroutier en C\u00f4te-d\u25a1Or \u00e0 l\u25a1occasion des\nmanifestations des agriculteurs (2 pages) Page 25\nDRAAF Bourgogne-Franche-Comt\u00e9 / Service r\u00e9gional de la for\u00eat et du bois\n21-2024-02-05-00001 - Arr\u00eat\u00e9 portant approbation de l'am\u00e9nagement de la\nfor\u00eat communale de Charey-Sur-Seine pour la p\u00e9riode 2024-2043 (2 pages) Page 28\n21-2024-02-05-00002 - Arr\u00eat\u00e9 portant approbation de l'am\u00e9nagement de la\nfor\u00eat communale de Montigny-Mornay-La-Villeneuve-Sur-Vingeanne pour la\np\u00e9riode 2023-2042 (4 pages) Page 31\n21-2024-02-05-00003 - Arr\u00eat\u00e9 portant approbation de l'am\u00e9nagement de la\nfor\u00eat communale de Saint-Jean-de-Boeuf pour la p\u00e9riode 2023-2042 avec\napplication du 2\u00b0 de l'article L122-7 du code forestier (4 pages) Page 36\n2\n21-2024-02-05-00004 - Arr\u00eat\u00e9 portant approbation de l'am\u00e9nagement de la\nfor\u00eat communale de Terrefondr\u00e9e pour la p\u00e9riode 2023-2042 avec\napplication du 2\u00b0 de l'article L122-7 du code forestier (4 pages) Page 41\n21-2024-02-05-00005 - Arr\u00eat\u00e9 portant approbation de l'am\u00e9nagement de la\nfor\u00eat communale de Val-Suzon pour la p\u00e9riode 2023-2042 avec application\ndu 2\u00b0 de l'article L122-7 du code forestier (4 pages) Page 46\nDREAL Ile-de-France /\n21-2024-02-02-00005 - Arr\u00eat\u00e9 n\u00b0 IDF-2024-02-02-00001 pr\u00e9cisant les\ndispositions d'encadrement de la p\u00eache des poissons migrateurs du bassin\nSeine-Normandie pour la p\u00e9riode 2024-2025. (8 pages) Page 51\nDRFiP Bourgogne Franche-Comt\u00e9 /\n21-2024-02-06-00002 - D\u00e9l\u00e9gation \u00e9valuation\ndomaniale/assiette/recouvrement (3 pages) Page 60\nPr\u00e9fecture de la C\u00f4te-d'Or /\n21-2024-02-05-00008 - Arr\u00eat\u00e9 pr\u00e9fectoral n\u00b0 262 du 5 f\u00e9vrier 2024\nd\u00e9limitant la zone de protection de l'aire d'alimentation du captage de la\nsource Sous Moulin du Mont situ\u00e9e sur la commune de Minot et exploit\u00e9e\npar la mairie de Minot.  (3 pages) Page 64\nPr\u00e9fecture de la C\u00f4te-d'Or / Direction des Collectivit\u00e9s locales et des\nElections\n21-2024-02-06-00004 - Arr\u00eat\u00e9 pr\u00e9fectoral n\u00b0 294 portant renouvellement\ndes membres de la commission d\u00e9partementales de conciliation en\nmati\u00e8re de baux d'immeubles ou locaux \u00e0 usage commercial, industriel ou\nartisanal (3 pages) Page 68\n3\nDirection d\u00e9partementale de l'emploi, du travail\net des solidarit\u00e9s de C\u00f4te-d'Or\n21-2024-02-06-00003\nR\u00e9c\u00e9piss\u00e9 D\u00e9claration Modificative\nSAP/919544650\nSCDC BEAUNE EURL - COUSIN Daniel\nDirection d\u00e9partementale de l'emploi, du travail et des solidarit\u00e9s de C\u00f4te-d'Or - 21-2024-02-06-00003 - R\u00e9c\u00e9piss\u00e9 D\u00e9claration\nModificative SAP/919544650\nSCDC BEAUNE EURL - COUSIN Daniel\n4\n= :' Direction D\u00e9partementale de l'Emploi,PREFET du Travail et des Solidarit\u00e9s - DDETSDE LACOTE-D'ORLibert\u00e9Egalit\u00e9Fraternit\u00e9\nAffaire suivie par Robert TOFFOLI Dijon, le.6/02/2024Contr\u00f4leur du Travail \u2014 P\u00f4le Emploi - Coh\u00e9sion Territoriale, -T\u00e9l : 03 80 45 75 07 // 06 99 59 63 57m\u00e9l : robert.toffoli@cote-dor.gouv.fr' SCDC BEAUNE EURL-SENIOR COMPAGNIEMr COUSIN Daniel21 Rue de Lorraine21200 BEAUNERECEPISSE DE DECLARATION MODIFICATIVEd'un Organisme de Services \u00e0 la PersonneEnregistr\u00e9 sous le n\u00b0 SAP/919544650\nLe Pr\u00e9fet de la C\u00f4te-d'Or, et par subd\u00e9l\u00e9gation du Directeur D\u00e9partemental de la DDETS, la Cheffe du P\u00f4leEmploi et Coh\u00e9sion Territoriale/ La Responsable de l'Unit\u00e9 Formation, Emploi, InsertionVU la loi n\u00b0 2015-1776 du 28 d\u00e9cembre 2015 relative \u00e0 l'adaptation de la soci\u00e9t\u00e9 au vieillissement, |VU le d\u00e9cret n\u00b0 2016-750 du 6 juin 2016 relatif \u00e0 la liste des activit\u00e9s de services \u00e0 la personne soumises \u00e0agr\u00e9ment ou \u00e0 autorisation dans le cadre du r\u00e9gime commun de la d\u00e9claration,VU le code du travail et notamment les articles L 7231-1 \u00e0 L 7233-2, R 7232-16 \u00e0 R 7232-22, D7231-1 et D7233-1 \u00e0 D 7233-5.ConstateQu'une d\u00e9claration d'activit\u00e9s de services \u00e0 la person'ne a \u00e9t\u00e9 accord\u00e9e par la DDETS de C\u00f4te d'Or, le 23 janvier2023, \u00e0 l'EURL SCDC BEAUNE \u2014 SENIOR COMPAGNIE, dont le si\u00e8ge social est situ\u00e9 au 21 Rue de Lorraine,21200 BEAUNE et enregistr\u00e9e sous le n\u00b0 SAP/919544650.A la suite de la demande de d\u00e9claration modificative n\u00b01106560 du 31 janvier 2024, une nouvelle d\u00e9clarationmodificative s'applique pour les activit\u00e9s suivantes \u00e0 l'exclusion de toute autre :Prestations relevant de la seule d\u00e9claration - mode prestataire :- Entretien de la maison et travaux m\u00e9nagers ;- Petits travaux de jardinage, y compris les travaux de d\u00e9broussaillage ;- Travaux de petit bricolage dits \u00ab homme toutes mains \u00bb ;- Pr\u00e9paration de repas \u00e0 domicile, y compris le temps pass\u00e9 aux courses ;- Livraison de courses \u00e0 domicile, prestation soumise \u00e0 l'offre globale de services (OGS) ;- Maintenance, entretien et vigilance temporaires, \u00e0 domicile, de la r\u00e9sidence principale et secondaire ;\nDDETS 21. 21 Bd Voltaire BP 81110 - 21011 DIJON CedexT\u00e9l : 03 80 45 75 45 (Accueil)www cote-dor.gouv.fr\nDirection d\u00e9partementale de l'emploi, du travail et des solidarit\u00e9s de C\u00f4te-d'Or - 21-2024-02-06-00003 - R\u00e9c\u00e9piss\u00e9 D\u00e9claration\nModificative SAP/919544650\nSCDC BEAUNE EURL - COUSIN Daniel\n5\n- Assistance administrative a domicile ;- T\u00e9l\u00e9assistance et visio assistance (Modification) ;- Prestation de conduite du v\u00e9hicule personnel des personnes qui ont besoin d'une aide personnelle temporaire(hors PA/PH), du domicile au travail, sur le lieu de vacances, pour les d\u00e9marches administratives, prestationsoumise \u00e0 l'offre globale de services (OGS) ;- Accompagnement des personnes qui ont besoin d'une aide personnelle temporaire (hors PA/PH), dans leursd\u00e9placements en dehors de leur domicile (promenades, aide \u00e0 la mobilit\u00e9 et au transport, actes de la viecourante), prestation soumise \u00e0 l'offre globale de /services (OGS) ;- Assistance aux personnes qui ont besoin temporairement d'une aide personnelle \u00e0 leur domicile (hors PA/PH).\nPrestations relevant de l'agr\u00e9ment en mode mandataire pour le d\u00e9partement de la C\u00f4te d'Or (21) :- Assistance dans les actes quotidiens de la vie ou aide \u00e0 l'insertion sociale aux personnes \u00e2g\u00e9es et auxpersonnes handicap\u00e9es ou atteintes de pathologies chroniques qui ont besoin de telles prestations \u00e0 domicile, \u00e0l'exclusion d'actes de soins relevant d'actes m\u00e9dicaux ;- Accompagnement des personnes \u00e2g\u00e9es, des personnes handicap\u00e9es ou atteintes de pathologies chroniques,dans leurs d\u00e9placements en dehors de leur domicile (promenades, aide \u00e0 la mobilit\u00e9 et au transport, actes de lavie courante) \u00e0 la condition que la prestation soit comprise dans une offre globale de services incluant uneactivit\u00e9 effectu\u00e9e \u00e0 domicile ;- Prestation de conduite du v\u00e9hicule personnel des personnes \u00e2g\u00e9es, des personnes handicap\u00e9es ouatteintes de pathologies chroniques du domicile au travail, sur le lieu de vacances, pour les d\u00e9marchesadministratives ;Toute modification concernant les activit\u00e9s exerc\u00e9es devra faire l'objet d'une d\u00e9claration modificative pr\u00e9alable.Sous r\u00e9serve d'\u00eatre exerc\u00e9es \u00e0 titre exclusif ou de tenir une comptabilit\u00e9 s\u00e9par\u00e9e pour les organismes pouvantd\u00e9roger \u00e0 la condition d'activit\u00e9 exclusive (art L 7232-1-2 Code Trav), ces activit\u00e9s ouvrent droit au b\u00e9n\u00e9fice desdispositions des articles L. 7233-2 du code du travail et L. 241-10 du code de la s\u00e9curit\u00e9 sociale dans lesconditions pr\u00e9vues par ces articles.L'enregistrement de la d\u00e9claration peut \u00eatre retir\u00e9 dans les conditions fix\u00e9es aux articles R.7232-20 \u00e0 R.7232-22du code du travail.Le pr\u00e9sent r\u00e9c\u00e9piss\u00e9 n'est pas limit\u00e9 dans le temps et sera publi\u00e9 au recueil des actes administratifs de lapr\u00e9fecture de la C\u00f4te d'Or.\nPour le Pr\u00e9fet de C\u00f4te d'Or,Et par subd\u00e9l\u00e9gation du Directeur D\u00e9partementalemp\u00e9ch\u00e9,La Cheffe du P\u00f4le Emploi et Coh\u00e9sion TerritorialeSIGNEFabienne BAILLY\nDDETS 21, 21 Bd Voltaire, BP 81110 - 21011 DIJON CedexT\u00e9l : 03 80 45 75 45 (Accueil)www.cote-dor.gouv.fr\nDirection d\u00e9partementale de l'emploi, du travail et des solidarit\u00e9s de C\u00f4te-d'Or - 21-2024-02-06-00003 - R\u00e9c\u00e9piss\u00e9 D\u00e9claration\nModificative SAP/919544650\nSCDC BEAUNE EURL - COUSIN Daniel\n6\nDirection d\u00e9partementale de l'emploi, du travail\net des solidarit\u00e9s de C\u00f4te-d'Or\n21-2024-01-31-00009\nR\u00e9c\u00e9piss\u00e9 D\u00e9claration SAP/983912643\nBORDERELLE Alexandra\nDirection d\u00e9partementale de l'emploi, du travail et des solidarit\u00e9s de C\u00f4te-d'Or - 21-2024-01-31-00009 - R\u00e9c\u00e9piss\u00e9 D\u00e9claration\nSAP/983912643\nBORDERELLE Alexandra\n7\nE :' Direction D\u00e9partementale de l'Emploi,PREFET du Travail et des Solidarit\u00e9s - DDETSDE LACOTE-D'ORijert\u00e9Egalit\u00e9Fraternit\u00e9\nAffaire suivie par Robert TOFFOLI Dijon, le 31/01/2024Contr\u00f4leur du Travail \u2014 P\u00f4le Emploi-Coh\u00e9sion Territoriale,T\u00e9l : 03 80 45 75 07 // 06 99 59 63 57m\u00e9l : robert.toffoli@cote-dor.gouv.frMme BORDERELLE Alexandra29 Rue Balzac21000 DIJON\nRECEPISSE DE DECLARATIONd'un Organisme de Services a la PersonneEnregistr\u00e9 sous le n\u00b0 SAP/983912643\nLe Pr\u00e9fet de la C\u00f4te-d'Or, et par subd\u00e9l\u00e9gation du Directeur D\u00e9partemental de la DDETS, la Cheffedu P\u00f4le Emploi et Coh\u00e9sion Territoriale, ;\nVU la loi n\u00b0 2015-1776 du 28 d\u00e9cembre 2015 relative \u00e0 l'adaptation de la soci\u00e9t\u00e9 au vieillissement,VU le d\u00e9cret n\u00b0 2016-750 du 6 juin 2016 relatif \u00e0 la liste des activit\u00e9s de services \u00e0 la personnesoumises \u00e0 agr\u00e9ment ou \u00e0 autorisation dans le cadre du r\u00e9gime commun de la d\u00e9claration,VU le code du travail et notamment les articles L 7231-1 \u00e0 L 7233-2, R 7232-16 \u00e0 R 7232-22, D7231-1 et D 7233-1 \u00e0 D 7233-5. '\nConstate\nQu'une d\u00e9claration d'activit\u00e9s de services \u00e0 la personne a \u00e9t\u00e9 d\u00e9pos\u00e9e sous le n\u00b0 1100700 aupres dela DDETS de la C\u00e9te d'Or, le 29 janvier 2024, par Mme BORDERELLE Alexandra, dans le cadred'une entreprise individuelle, repr\u00e9sent\u00e9e par Mme BORDERELLE Alexandra, dont le si\u00e8ge social estsitu\u00e9 au 29 Rue Balzac \u2014 21000 DIJON et enregistr\u00e9e sous le n\u00b0 SAP/983912643 pour l'activit\u00e9suivante \u00e0 l'exclusion de toute autre :\n- Entretien de la maison et travaux m\u00e9nagers.\nDirection d\u00e9partementale de l'emploi, du travail et des solidarit\u00e9s de C\u00f4te-d'Or - 21-2024-01-31-00009 - R\u00e9c\u00e9piss\u00e9 D\u00e9claration\nSAP/983912643\nBORDERELLE Alexandra\n8\nCette activit\u00e9 est exerc\u00e9e en qualit\u00e9 de prestataire.L'\u00e9tablissement principal, \u00e9galement si\u00e8ge social, se situe \u00e0 I'adresse ci-dessus et poss\u00e8de le num\u00e9roSIRET suivant, 983 912 643 00019.Toute modification concernant l'activit\u00e9 exerc\u00e9e devra faire l'objet d'une d\u00e9claration modificativepr\u00e9alable.Sous r\u00e9serve d'\u00eatre exerc\u00e9e \u00e0 titre exclusif ou de tenir une comptabilit\u00e9 s\u00e9par\u00e9e pour les organismespouvant d\u00e9roger \u00e0 la condition d'activit\u00e9 exclusive (art L 7232-1-2 Code Trav), cette activit\u00e9 ouvredroit au b\u00e9n\u00e9fice des dispositions des articles L. 7233-2 du code du travail et L. 241-10 du code de las\u00e9curit\u00e9 sociale dans les conditions pr\u00e9vues par ces articles.Les effets de la d\u00e9claration courent \u00e0 compter du jour de d\u00e9p\u00f4t de la demande, conform\u00e9ment \u00e0l'article R.7232-18 du code du travail.L'enregistrement de la d\u00e9claration peut \u00e9tre retir\u00e9 dans les conditions fix\u00e9es aux articles R.7232-20 \u00e0R.7232-22 du codedu travail.Le pr\u00e9sent r\u00e9c\u00e9piss\u00e9 n'est pas limit\u00e9 dans le temps et sera publi\u00e9 au recueil des actes administratifsde la pr\u00e9fecture de la C\u00f4te d'Or.\nPour le Pr\u00e9fet de C\u00f4te d'OrEt par subd\u00e9l\u00e9gation du Directeur D\u00e9partemental emp\u00e9ch\u00e9,La Responsable de l' Unit\u00e9, Formation, Emploi et Insertion,SIGNEMarie BEGRAND\nDirection d\u00e9partementale de l'emploi, du travail et des solidarit\u00e9s de C\u00f4te-d'Or - 21-2024-01-31-00009 - R\u00e9c\u00e9piss\u00e9 D\u00e9claration\nSAP/983912643\nBORDERELLE Alexandra\n9\nDirection d\u00e9partementale des territoires de la\nC\u00f4te-d'Or\nCellule \u00c9ducation routi\u00e8re\n21-2024-02-01-00004\nArr\u00eat\u00e9 n\u00b0 269 Portant cr\u00e9ation d\u25a1un\n\u00e9tablissement d\u25a1enseignement de la conduite\nautomobile d\u00e9nomm\u00e9 \u00ab\u00a0SARL\nSAINT-BERNARD\u00a0\u00bb - situ\u00e9 14, rue de la Maladi\u00e8re\n\u25a1 21220 BROCHON\nDirection d\u00e9partementale des territoires de la C\u00f4te-d'Or - 21-2024-02-01-00004 - Arr\u00eat\u00e9 n\u00b0 269 Portant cr\u00e9ation d\u25a1un \u00e9tablissement\nd\u25a1enseignement de la conduite automobile d\u00e9nomm\u00e9 \u00ab\u00a0SARL SAINT-BERNARD\u00a0\u00bb - situ\u00e9 14, rue de la Maladi\u00e8re \u25a1 21220 BROCHON 10\nExPREFETDE LACOTE-D'ORL,z'berte'Egalit\u00e9Fraternit\u00e9\nDirection d\u00e9partementale des territoires\nde la C\u00f4te-d'Or\nService de la S\u00e9curit\u00e9 et de l'\u00c9ducation\nBureau de l'\u00c9ducation Routi\u00e8re\nT\u00e9l : 03 80 29 42 84\nm\u00e9l : ddt-ber@cote-dor.gouv.fr     \nDijon, le 1er f\u00e9vrier 2024\nArr\u00eat\u00e9 N\u00b0 269\nPortant cr\u00e9ation d'un \u00e9tablissement d'enseignement de la conduite automobile d\u00e9nomm\u00e9\n\u00ab SARL SAINT-BERNARD \u00bb - situ\u00e9 14, rue de la Maladi\u00e8re \u2013 21220 BROCHON\nLe pr\u00e9fet de la C\u00f4te-d'Or\nVU le code de la route, notamment ses articles R.213-1 \u00e0 R.213-9;\nVU l'ordonnance n\u00b0 2014-1090 du 26 septembre 2014 relative \u00e0 la mise en accessibilit\u00e9 des\n\u00e9tablissements recevant du public, des transports publics, des b\u00e2timents d'habitation et\nde la voirie pour des personnes handicap\u00e9es ;\nVU la loi n\u00b0 2015-990 du 06 ao\u00fbt 2015 pour la croissance, l'activit\u00e9 et l'\u00e9galit\u00e9 des chances\n\u00e9conomiques, et notamment son article 23 modifiant l'article L213-1 du code de la route ;\nVU l'arr\u00eat\u00e9 du 8 janvier 2001 relatif \u00e0 l'exploitation des \u00e9tablissements d'enseignement, \u00e0\ntitre on\u00e9reux, de la conduite des v\u00e9hicules \u00e0 moteur et de la s\u00e9curit\u00e9 routi\u00e8re ;\nVU l'arr\u00eat\u00e9 du 08 janvier 2001 cr\u00e9ant un registre national de l'enseignement de la conduite\ndes v\u00e9hicules \u00e0 moteur et de la s\u00e9curit\u00e9 routi\u00e8re\nVU l'arr\u00eat\u00e9 pr\u00e9fectoral n\u00b0 1438/SG du 29 septembre 2023 donnant d\u00e9l\u00e9gation de signature\n\u00e0 Madame Florence LAUBIER, directrice d\u00e9partementale des territoires de C\u00f4te-d'Or ;\nDirection d\u00e9partementale des territoires de la C\u00f4te-d'Or\n57 rue de Mulhouse- BP 53317 - 21033 DIJON cedex\nt\u00e9l : 03 80 29 44 44 \u2013 Courriel : ddt@cote-dor.gouv.fr\nDirection d\u00e9partementale des territoires de la C\u00f4te-d'Or - 21-2024-02-01-00004 - Arr\u00eat\u00e9 n\u00b0 269 Portant cr\u00e9ation d\u25a1un \u00e9tablissement\nd\u25a1enseignement de la conduite automobile d\u00e9nomm\u00e9 \u00ab\u00a0SARL SAINT-BERNARD\u00a0\u00bb - situ\u00e9 14, rue de la Maladi\u00e8re \u25a1 21220 BROCHON 11\n2\nVU l'arr\u00eat\u00e9 pr\u00e9fectoral n\u00b0 1440 du 2 octobre 2023  portant subd\u00e9l\u00e9gation de signature aux\nagents de la direction d\u00e9partementale des territoires de la C\u00f4te-d'Or ;\nConsid\u00e9rant la demande pr\u00e9sent\u00e9e  le 29 janvier 2024,  par M onsieur Thomas WILLEMS-\nBORTOLI, e n qualit\u00e9 de repr\u00e9sentant de l'\u00e9tablissement d'enseignement de la conduite\nautomobile et de la s\u00e9curit\u00e9 routi\u00e8re  \u00abSARL SAINT-BERNARD\u00bb , en vu e d' \u00eatre autoris\u00e9 \u00e0\nexploiter un \u00e9tablissement d'enseignement, \u00e0 titre on\u00e9reux, de la conduite des v\u00e9hicules \u00e0\nmoteur et de la s\u00e9curit\u00e9 routi\u00e8re ;\nConsid\u00e9rant que la demande remplit les conditions r\u00e9glementaires ;\nSUR proposition de la directrice d\u00e9partementale des territoires de la C\u00f4te-d'Or ;\nARR\u00caTE\nArticle 1er  : Monsieur Thomas WILLEMS-BORTOLI est autoris\u00e9 \u00e0 exploiter sous le N\u00b0 E 24\n021  0002.0, un  \u00e9tablissement  d'enseignement,  \u00e0  titre  on\u00e9reux,  de  la  conduite  des\nv\u00e9hicules \u00e0 moteur et de la s\u00e9curit\u00e9 routi\u00e8re, d\u00e9nomm\u00e9 \u00abSARL SAINT-BERNARD\u00bb situ\u00e9 14,\nrue de la Maladi\u00e8re \u2013 21220 BROCHON.\nArticle 2  : Cet agr\u00e9ment est d\u00e9livr\u00e9 pour une dur\u00e9e de cinq ans \u00e0 compter de la date du\npr\u00e9sent arr\u00eat\u00e9.\nSur demande de l'exploitant pr\u00e9sent\u00e9e deux mois avant la date d'expiration de la validit\u00e9\nde son agr\u00e9ment, celui-ci sera renouvel\u00e9 si les conditions requises sont remplies.\nArticle 3  :  L'\u00e9tablissement  est habilit\u00e9,  au  vu des  autorisations  d'enseigner  fournies,  \u00e0\ndispenser les formations aux cat\u00e9gories de permis suivantes :\n\u27a2 AM Cyclo, A1, A2 \n\u27a2 B / B1, AM-Quadri l\u00e9ger\nArticle 4 : Le pr\u00e9sent agr\u00e9ment n'est valable que pour l'exploitation d'un \u00e9tablissement, \u00e0\ntitre personnel par son titulaire, sous r\u00e9serve de l'application des prescriptions de l'arr\u00eat\u00e9\nminist\u00e9riel du 8 janvier 2001 susvis\u00e9.\nArticle 5 :  En cas de  changement d'adresse ou toute reprise de ce local par un autre\nexploitant, une nouvelle demande d'agr\u00e9men t  devra \u00eatre pr\u00e9sent\u00e9e deux mois avant la\ndate du changement ou de la reprise.\nDirection d\u00e9partementale des territoires de la C\u00f4te-d'Or\n57 rue de Mulhouse- BP 53317 - 21033 DIJON cedex\nt\u00e9l : 03 80 29 44 44 \u2013 Courriel : ddt@cote-dor.gouv.fr\nDirection d\u00e9partementale des territoires de la C\u00f4te-d'Or - 21-2024-02-01-00004 - Arr\u00eat\u00e9 n\u00b0 269 Portant cr\u00e9ation d\u25a1un \u00e9tablissement\nd\u25a1enseignement de la conduite automobile d\u00e9nomm\u00e9 \u00ab\u00a0SARL SAINT-BERNARD\u00a0\u00bb - situ\u00e9 14, rue de la Maladi\u00e8re \u25a1 21220 BROCHON 12\n3\nArticle 6 : Pour toute transformation du local d'activit\u00e9, tout abandon ou toute extension\nd'une  formation,  l'exploitant  est  tenu  d'adresser  une  demande  de  modification  du\npr\u00e9sent arr\u00eat\u00e9.\nArticle  7:  Le  nombre  de  personnes  susceptibles  d'\u00eatre  admises  simultan\u00e9ment  dans\nl'\u00e9tablissement, y compris l'enseignant, est fix\u00e9 \u00e0 19 personnes.\nArticle 8  : L'agr\u00e9ment peut \u00eatre \u00e0 tout moment suspendu ou retir\u00e9 selon les conditions\nfix\u00e9es par les articles 12 \u00e0 14 de l'arr\u00eat\u00e9 susvis\u00e9.\nArticle 9  : Le pr\u00e9sent agr\u00e9ment et toute d\u00e9cision affectant sa validit\u00e9 seront enregistr\u00e9es\ndans le registre national de l'enseignement de la conduite des v\u00e9hicules \u00e0 moteur et de la\ns\u00e9curit\u00e9 routi\u00e8re cr\u00e9\u00e9 par l'arr\u00eat\u00e9 du 8 janvier 2001. Conform\u00e9ment \u00e0 la loi n\u00b0 78-17 du 06\njanvier 1978 relative \u00e0 l'informatique, aux fichiers et aux libert\u00e9s, toute personne peut\nobtenir communication et, le cas \u00e9ch\u00e9ant, rectification ou suppression des informations\nla concernant, en s'adressant au Bureau de l'\u00c9ducation Routi\u00e8re \u2013 DDT 21.\nArticle 10 : Le pr\u00e9sent arr\u00eat\u00e9 peut faire l'objet d'un recours contentieux devant le tribunal\nadministratif de Dijon dans un d\u00e9lai de deux mois \u00e0 compter de sa publication. Un recours\npeut  \u00eatre  d\u00e9pos\u00e9  via  l'application  T\u00e9l\u00e9recours  citoyens  accessible  par  le  site  internet\nwww.telerecours.fr  .  \nArticle  11 :  Le  secr\u00e9taire  g\u00e9n\u00e9ral  de  la  pr\u00e9fecture  de  la  C\u00f4te-d'Or  et  la  directrice\nd\u00e9partementale des territoires sont charg\u00e9s, chacun en ce qui les concerne, de l'ex\u00e9cution\ndu pr\u00e9sent arr\u00eat\u00e9, qui sera publi\u00e9 au recueil des actes administratifs de la pr\u00e9fecture de\nC\u00f4te-d'Or, et dont copie sera adress\u00e9e \u00e0 Monsieur Thomas WILLEMS-BORTOLI.\nFait \u00e0 Dijon, le 1er f\u00e9vrier 2024\nLa directrice d\u00e9partementale des territoires,\nPour la directrice et par d\u00e9l\u00e9gation,\nLa d\u00e9l\u00e9gu\u00e9e \u00e0 l'\u00e9ducation routi\u00e8re,\nORIGINAL SIGN\u00c9\nJulie SEVILLA\nDirection d\u00e9partementale des territoires de la C\u00f4te-d'Or\n57 rue de Mulhouse- BP 53317 - 21033 DIJON cedex\nt\u00e9l : 03 80 29 44 44 \u2013 Courriel : ddt@cote-dor.gouv.fr\nDirection d\u00e9partementale des territoires de la C\u00f4te-d'Or - 21-2024-02-01-00004 - Arr\u00eat\u00e9 n\u00b0 269 Portant cr\u00e9ation d\u25a1un \u00e9tablissement\nd\u25a1enseignement de la conduite automobile d\u00e9nomm\u00e9 \u00ab\u00a0SARL SAINT-BERNARD\u00a0\u00bb - situ\u00e9 14, rue de la Maladi\u00e8re \u25a1 21220 BROCHON 13\nDirection d\u00e9partementale des territoires de la\nC\u00f4te-d'Or\nCellule \u00c9ducation routi\u00e8re\n21-2024-02-06-00001\nArr\u00eat\u00e9 N\u00b0 289\nPortant cr\u00e9ation d\u25a1un \u00e9tablissement\nd\u25a1enseignement de la conduite automobile\nd\u00e9nomm\u00e9 \u00abAuto-\u00c9cole des Chil\u00e8nes\u00a0\u00bb - situ\u00e9 74\nbis, route de Savigny \u25a1 21200 BEAUNE\nDirection d\u00e9partementale des territoires de la C\u00f4te-d'Or - 21-2024-02-06-00001 - Arr\u00eat\u00e9 N\u00b0 289\nPortant cr\u00e9ation d\u25a1un \u00e9tablissement d\u25a1enseignement de la conduite automobile d\u00e9nomm\u00e9 \u00abAuto-\u00c9cole des Chil\u00e8nes\u00a0\u00bb - situ\u00e9 74 bis,\nroute de Savigny \u25a1 21200 BEAUNE\n14\nExPREFETDE LACOTE-D'ORL,z'berte'Egalit\u00e9Fraternit\u00e9\nDirection d\u00e9partementale des territoires\nde la C\u00f4te-d'Or\nService de la S\u00e9curit\u00e9 et de l'\u00c9ducation\nBureau de l'\u00c9ducation Routi\u00e8re\nT\u00e9l : 03 80 29 42 84\nm\u00e9l : ddt-ber@cote-dor.gouv.fr     \nDijon, le 6 f\u00e9vrier 2024\nArr\u00eat\u00e9 N\u00b0 289\nPortant cr\u00e9ation d'un \u00e9tablissement d'enseignement de la conduite automobile d\u00e9nomm\u00e9\n\u00abAuto-\u00c9cole des Chil\u00e8nes \u00bb - situ\u00e9 74 bis, route de Savigny \u2013 21200 BEAUNE\nLe pr\u00e9fet de la C\u00f4te-d'Or\nVU le code de la route, notamment ses articles R.213-1 \u00e0 R.213-9;\nVU l'ordonnance n\u00b0 2014-1090 du 26 septembre 2014 relative \u00e0 la mise en accessibilit\u00e9 des\n\u00e9tablissements recevant du public, des transports publics, des b\u00e2timents d'habitation et\nde la voirie pour des personnes handicap\u00e9es ;\nVU la loi n\u00b0 2015-990 du 06 ao\u00fbt 2015 pour la croissance, l'activit\u00e9 et l'\u00e9galit\u00e9 des chances\n\u00e9conomiques, et notamment son article 23 modifiant l'article L213-1 du code de la route ;\nVU l'arr\u00eat\u00e9 du 8 janvier 2001 relatif \u00e0 l'exploitation des \u00e9tablissements d'enseignement, \u00e0\ntitre on\u00e9reux, de la conduite des v\u00e9hicules \u00e0 moteur et de la s\u00e9curit\u00e9 routi\u00e8re ;\nVU l'arr\u00eat\u00e9 du 08 janvier 2001 cr\u00e9ant un registre national de l'enseignement de la conduite\ndes v\u00e9hicules \u00e0 moteur et de la s\u00e9curit\u00e9 routi\u00e8re\nVU l'arr\u00eat\u00e9 pr\u00e9fectoral n\u00b0 1438/SG du 29 septembre 2023 donnant d\u00e9l\u00e9gation de signature\n\u00e0 Madame Florence LAUBIER, directrice d\u00e9partementale des territoires de C\u00f4te-d'Or ;\nDirection d\u00e9partementale des territoires de la C\u00f4te-d'Or\n57 rue de Mulhouse- BP 53317 - 21033 DIJON cedex\nt\u00e9l : 03 80 29 44 44 \u2013 Courriel : ddt@cote-dor.gouv.fr\nDirection d\u00e9partementale des territoires de la C\u00f4te-d'Or - 21-2024-02-06-00001 - Arr\u00eat\u00e9 N\u00b0 289\nPortant cr\u00e9ation d\u25a1un \u00e9tablissement d\u25a1enseignement de la conduite automobile d\u00e9nomm\u00e9 \u00abAuto-\u00c9cole des Chil\u00e8nes\u00a0\u00bb - situ\u00e9 74 bis,\nroute de Savigny \u25a1 21200 BEAUNE\n15\n2\nVU l'arr\u00eat\u00e9 pr\u00e9fectoral n\u00b0 1440 du 2 octobre 2023 portant subd\u00e9l\u00e9gation de signature aux\nagents de la direction d\u00e9partementale des territoires de la C\u00f4te-d'Or ;\nConsid\u00e9rant la demande pr\u00e9sent\u00e9e le 25 janvier 2024  par M onsieur Jonathan FEVRIER en\nqualit\u00e9 de repr\u00e9sentant de l'\u00e9tablissement d'enseignement de la conduite automobile et\nde la s\u00e9curit\u00e9 routi\u00e8re  \u00abAuto-\u00c9cole des Chil\u00e8nes\u00bb , en vu e d' \u00eatre autoris\u00e9 \u00e0 exploiter un\n\u00e9tablissement d'enseignement, \u00e0 titre on\u00e9reux, de la conduite des v\u00e9hicules \u00e0 moteur et\nde la s\u00e9curit\u00e9 routi\u00e8re ;\nConsid\u00e9rant que la demande remplit les conditions r\u00e9glementaires ;\nSUR proposition de la directrice d\u00e9partementale des territoires de la C\u00f4te-d'Or ;\nARR\u00caTE\nArticle 1er : Monsieur Jonathan FEVRIER est autoris\u00e9 \u00e0 exploiter sous le N\u00b0 E 24 021 0003 0 \nun \u00e9tablissement d'enseignement, \u00e0 titre on\u00e9reux, de la conduite des v\u00e9hicules \u00e0 moteur \net de la s\u00e9curit\u00e9 routi\u00e8re, d\u00e9nomm\u00e9 \u00abAuto-\u00c9cole des Chil\u00e8nes\u00bb situ\u00e9  74 bis, route de \nSavigny \u2013 21200 BEAUNE ;\nArticle 2 : Cet agr\u00e9ment est d\u00e9livr\u00e9 pour une dur\u00e9e de cinq ans \u00e0 compter de la date du \npr\u00e9sent arr\u00eat\u00e9.\nSur demande de l'exploitant pr\u00e9sent\u00e9e deux mois avant la date d'expiration de la validit\u00e9 \nde son agr\u00e9ment, celui-ci sera renouvel\u00e9 si les conditions requises sont remplies.\nAr  ticle   3     :   L'\u00e9tablissement  est habilit\u00e9,  au  vu des  autorisations  d'enseigner  fournies,  \u00e0\ndispenser les formations aux cat\u00e9gories de permis suivantes :\n\u27a2 AM Cyclo \n\u27a2 A1\n\u27a2 A2\n\u27a2 A \n\u27a2 B / B1 / AM-Quadri l\u00e9ger \n\u27a2 BE\nArticle 4 : Le pr\u00e9sent agr\u00e9ment n'est valable que pour l'exploitation d'un \u00e9tablissement, \u00e0\ntitre personnel par son titulaire, sous r\u00e9serve de l'application des prescriptions de l'arr\u00eat\u00e9\nminist\u00e9riel du 8 janvier 2001 susvis\u00e9.\nDirection d\u00e9partementale des territoires de la C\u00f4te-d'Or\n57 rue de Mulhouse- BP 53317 - 21033 DIJON cedex\nt\u00e9l : 03 80 29 44 44 \u2013 Courriel : ddt@cote-dor.gouv.fr\nDirection d\u00e9partementale des territoires de la C\u00f4te-d'Or - 21-2024-02-06-00001 - Arr\u00eat\u00e9 N\u00b0 289\nPortant cr\u00e9ation d\u25a1un \u00e9tablissement d\u25a1enseignement de la conduite automobile d\u00e9nomm\u00e9 \u00abAuto-\u00c9cole des Chil\u00e8nes\u00a0\u00bb - situ\u00e9 74 bis,\nroute de Savigny \u25a1 21200 BEAUNE\n16\n3\nArticle 5 :  En cas de  changement d'adresse ou toute reprise de ce local par un autre\nexploitant, une nouvelle demande d'agr\u00e9men t  devra \u00eatre pr\u00e9sent\u00e9e deux mois avant la\ndate du changement ou de la reprise.\nArticle 6 : Pour toute transformation du local d'activit\u00e9, tout abandon ou toute extension\nd'une  formation,  l'exploitant  est  tenu  d'adresser  une  demande  de  modification  du\npr\u00e9sent arr\u00eat\u00e9.\nArticle  7:  Le  nombre  de  personnes  susceptibles  d'\u00eatre  admises  simultan\u00e9ment  dans\nl'\u00e9tablissement, y compris l'enseignant, est fix\u00e9 \u00e0 19 personnes.\nArticle 8  : L'agr\u00e9ment peut \u00eatre \u00e0 tout moment suspendu ou retir\u00e9 selon les conditions\nfix\u00e9es par les articles 12 \u00e0 14 de l'arr\u00eat\u00e9 susvis\u00e9.\nArticle 9  : Le pr\u00e9sent agr\u00e9ment et toute d\u00e9cision affectant sa validit\u00e9 seront enregistr\u00e9es\ndans le registre national de l'enseignement de la conduite des v\u00e9hicules \u00e0 moteur et de la\ns\u00e9curit\u00e9 routi\u00e8re cr\u00e9\u00e9 par l'arr\u00eat\u00e9 du 08 janvier 2001. Conform\u00e9ment \u00e0 la loi n\u00b0 78-17 du 06\njanvier 1978 relative \u00e0 l'informatique, aux fichiers et aux libert\u00e9s, toute personne peut\nobtenir communication et, le cas \u00e9ch\u00e9ant, rectification ou suppression des informations\nla concernant, en s'adressant au Bureau de l'\u00c9ducation Routi\u00e8re \u2013 DDT 21.\nArticle 10 : Le pr\u00e9sent arr\u00eat\u00e9 peut faire l'objet d'un recours contentieux devant le tribunal\nadministratif de Dijon dans un d\u00e9lai de deux mois \u00e0 compter de sa publication. Un recours\npeut  \u00eatre  d\u00e9pos\u00e9  via  l'application  T\u00e9l\u00e9recours  citoyens  accessible  par  le  site  internet\nwww.telerecours.fr  .  \nArticle  11 :  Le  secr\u00e9taire  g\u00e9n\u00e9ral  de  la  pr\u00e9fecture  de  la  C\u00f4te-d'Or  et  la  directrice\nd\u00e9partementale des territoires sont charg\u00e9s, chacun en ce qui les concerne, de l'ex\u00e9cution\ndu pr\u00e9sent arr\u00eat\u00e9, qui sera publi\u00e9 au recueil des actes administratifs de la pr\u00e9fecture de\nC\u00f4te-d'Or, et dont copie sera adress\u00e9e \u00e0 Monsieur Jonathan FEVRIER.\nFait \u00e0 Dijon, le 6 f\u00e9vrier 2024\nLa directrice d\u00e9partementale des territoires,\nPour la directrice et par d\u00e9l\u00e9gation,\nLa d\u00e9l\u00e9gu\u00e9e \u00e0 l'\u00e9ducation routi\u00e8re,\nOriginal sign\u00e9\nJulie SEVILLA\nDirection d\u00e9partementale des territoires de la C\u00f4te-d'Or\n57 rue de Mulhouse- BP 53317 - 21033 DIJON cedex\nt\u00e9l : 03 80 29 44 44 \u2013 Courriel : ddt@cote-dor.gouv.fr\nDirection d\u00e9partementale des territoires de la C\u00f4te-d'Or - 21-2024-02-06-00001 - Arr\u00eat\u00e9 N\u00b0 289\nPortant cr\u00e9ation d\u25a1un \u00e9tablissement d\u25a1enseignement de la conduite automobile d\u00e9nomm\u00e9 \u00abAuto-\u00c9cole des Chil\u00e8nes\u00a0\u00bb - situ\u00e9 74 bis,\nroute de Savigny \u25a1 21200 BEAUNE\n17\nDirection d\u00e9partementale des territoires de la\nC\u00f4te-d'Or\nService de l'eau et des risques\n21-2024-02-05-00006\nRAA AP267 MeD 20240205\nDirection d\u00e9partementale des territoires de la C\u00f4te-d'Or - 21-2024-02-05-00006 - RAA AP267 MeD 20240205 18\nExPREFETDE LACOTE-D'ORL,z'bert\u00e9Egalit\u00e9Fraternit\u00e9\nDirection d\u00e9partementale des territoires\nde la C\u00f4te-d'Or\nService de l'eau et des risques\nBureau pr\u00e9servation de la qualit\u00e9 de l'eau et\ndes milieux aquatiques\nT\u00e9l : 03.80.29.42.39\nm\u00e9l : ddt-ser-ope@cote-dor.gouv.fr\nArr\u00eat\u00e9 pr\u00e9fectoral n\u00b0 267 du 05 f\u00e9vrier 2024\nportant mise en demeure \u00e0 l'encontre de la Communaut\u00e9 de communes\nde Gevrey-Chambertin et Nuits-Saint-Georges\n(syst\u00e8mes d'assainissement collectif de BROCHON, FLAGEY-ECHEZEAUX et QUINCEY)\nLe pr\u00e9fet de la C\u00f4te-d'Or\nVU la directive CEE 91/271 du 21 mai 1991, relative au traitement des eaux r\u00e9siduaires urbaines ; \nVU le Code de l'environnement, notamment les articles,  L 171-1 \u00e0 L 171-12, L.211-1, L.214-1 et suivants,\nR.214-1, R.211-22 et suivants, R.171-1 et R.214-49 ;\nVU le Code g\u00e9n\u00e9ral des collectivit\u00e9s territoriales, et notamment ses articles L.2224-7 \u00e0 L.2224-12 ;\nVU l'arr\u00eat\u00e9 minist\u00e9riel du 21 juillet 2015 modifi\u00e9 relatif aux syst\u00e8mes d'assainissement collectif et aux\ninstallations  d'assainissement  non  collectif,  \u00e0  l'exception  des  installations  d'assainissement  non\ncollectif recevant une charge brute de pollution organique inf\u00e9rieure ou \u00e9gale \u00e0 1,2 kg/j de DB05 ;\nVU le Sch\u00e9ma directeur de gestion et d'am\u00e9nagement des eaux (SDAGE) Rh\u00f4ne-M\u00e9diterran\u00e9e en\nvigueur ;\nVU l'arr\u00eat\u00e9 pr\u00e9fectoral n\u00b0  1092 du 16 septembre 2022  portant compl\u00e9ment \u00e0 l'arr\u00eat\u00e9 pr\u00e9fectoral\nn\u00b0752 du 16 novembre 2017 autorisant au titre de l'article L.214-3 du code de  l'environnement\nl'exploitation de la station de traitement des eaux us\u00e9es de BROCHON ;\nVU l'arr\u00eat\u00e9 pr\u00e9fectoral n\u00b0  1098 du 16 septembre 2022  portant compl\u00e9ment \u00e0 l'arr\u00eat\u00e9 pr\u00e9fectoral\nn\u00b0751 du 16 novembre 2017  autorisant  au titre de l'article L.214-3  du code de l'environnement\nl'exploitation de la station de traitement des eaux us\u00e9es de FLAGEY-ECHEZEAUX ;\nVU l'arr\u00eat\u00e9 pr\u00e9fectoral n\u00b0  1099 du 16 septembre 2022  portant compl\u00e9ment \u00e0 l'arr\u00eat\u00e9 pr\u00e9fectoral\nn\u00b027  du  11  janvier  2018  autorisant  au  titre  de  l'article  L.214-3  du  code  de  l'environnement\nl'exploitation de la station de traitement des eaux us\u00e9es de QUINCEY ;\nVU l'arr\u00eat\u00e9 pr\u00e9fectoral n\u00b0 1438/SG du 29 septembre 2023 donnant d\u00e9l\u00e9gation de signature \u00e0 M me\nFlorence LAUBIER, directrice d\u00e9partementale des territoires de la C\u00f4te-d'Or ;\nVU  l'arr\u00eat\u00e9 n\u00b043 du  10 janvier 2024  portant d\u00e9l\u00e9gation de signature aux agents de la direction\nd\u00e9partementale des territoires de la C\u00f4te-d'Or ;\n1/3\nDirection d\u00e9partementale des territoires de la C\u00f4te-d'Or\n57 , rue de Mulhouse - BP 53317 - 21033 Dijon CEDEX\nT\u00e9l. : 03 80 29 44 44\nC/ourriel : ddt@cote-dor.gouv.fr - Site internet : \nhttp://www.cote-dor.gouv.fr\nDirection d\u00e9partementale des territoires de la C\u00f4te-d'Or - 21-2024-02-05-00006 - RAA AP267 MeD 20240205 19\nVU le  Rapport  en  Manquement  Administratif  (RMA)  du  05  d\u00e9cembre  2023 transmis  \u00e0  la\nCommunaut\u00e9 de communes de Gevrey-Chambertin et Nuits-Saint-Georges pour manquement \u00e0\nl'obligation  de  r\u00e9aliser  des  campagnes  de  recherche  de  micropolluants sur  les  syst\u00e8mes  de\ntraitement des eaux us\u00e9es de BROCHON, FLAGEY-ECHEZEAUX et QUINCEY ;\nVU la communication du projet d'arr\u00eat\u00e9 de mise en demeure \u00e0 la Communaut\u00e9 de communes de\nGevrey-Chambertin et Nuits-Saint-Georges en date du 15 d\u00e9cembre 2023 ;\nVU l'absence d'observation de la Communaut\u00e9 de communes de Gevrey-Chambertin et Nuits-Saint-\nGeorges en date du 26 d\u00e9cembre 2023 ;\nCONSID\u00c9RANT le  principe  de  protection  des  eaux  contre  toute  pollution  par  d\u00e9versements,\n\u00e9coulements, rejets, d\u00e9p\u00f4ts directs ou indirects de mati\u00e8res de toute nature et plus g\u00e9n\u00e9ralement\npar tout fait susceptible de provoquer ou d'accro\u00eetre la d\u00e9gradation des eaux en modifiant leurs\ncaract\u00e9ristiques  physiques,  chimiques,  biologiques  ou  bact\u00e9riologiques,  qu'il  s'agisse  des  eaux\nsuperficielles, souterraines ou des eaux de la mer dans la limite des eaux territoriales ;\nCONSID\u00c9RANT que la Communaut\u00e9 d e communes de Gevrey-Chambertin et Nuits-Saint-Georges\nassure la comp\u00e9tence assainissement collectif sur son territoire ;\nCONSID\u00c9RANT que les articles 2 des arr\u00eat\u00e9s pr\u00e9fectoraux n\u00b0 1092, 1098 et 1099 du 16 septembre\n2022 prescrivent la r\u00e9alisation d'une campagne de recherche de micro-polluants sur la p\u00e9riode 2022-\n2023 et que l'\u00e9ventuel compl\u00e9ment de diagnostic vers l'amont doit quant \u00e0 lui \u00eatre remis le 31\nd\u00e9cembre 2024 au plus tard, conform\u00e9ment aux articles 5 de ces m\u00eames arr\u00eat\u00e9s ;\nCONSID\u00c9RANT que la Communaut\u00e9 de communes de Gevrey-Chambertin et Nuits-Saint-Georges\nn'a pas r\u00e9alis\u00e9 de campagne de recherche de micro-polluants sur les eaux brutes et trait\u00e9es des\nsyst\u00e8mes de traitement des eaux us\u00e9es de BROCHON, FLAGEY-ECHEZEAUX et QUINCEY sur la\np\u00e9riode 2022-2023 ;\nCONSID\u00c9RANT que ce constat constitue un manquement aux dispositions des articles 2 des arr\u00eat\u00e9s\npr\u00e9fectoraux n\u00b0 1092, 1098 et 1099 du 16 septembre 2022 ;\nCONSID\u00c9RANT que le pr\u00e9fet peut faire application de l'article L.171-8 du Code de l'environnement\net notamment arr\u00eater une ou plusieurs sanctions administrative ;\nCONSID\u00c9RANT que face \u00e0 ce manquement, il convient de faire application des dispositions de\nl'article L.171-8 du code de l'environnement en mettant en demeure la Communaut\u00e9 de communes\nde Gevrey-Chambertin et Nuits-Saint-Georges de respecter les dispositions des arr\u00eat\u00e9s pr\u00e9fectoraux\nsusvis\u00e9s,  tout  en  adaptant  les  d\u00e9lais,  afin  d'assurer  la  protection  des  int\u00e9r\u00eats  prot\u00e9g\u00e9s  par  la\ndirective CEE 91/271 du 21 mai 1991 et par les articles L.211-1 pour la loi sur l'eau du code de\nl'environnement ;\nSUR proposition de Madame la directrice d\u00e9partementale des territoires de la C\u00f4te-d'Or ;\nARR\u00caTE\nArticle 1er : Objet de la mise en demeure\nLa Communaut\u00e9 de communes de Gevrey-Chambertin et Nuits-Saint-Georges, ma\u00eetre d'ouvrage, est\nmise en demeure de :\n-  r\u00e9aliser l es campagnes de recherche de micro-polluants  sur  l'ann\u00e9e 2024  sur  les syst\u00e8mes de\ntraitement des eaux us\u00e9es de BROCHON, FLAGEY-ECHEZEAUX et QUINCEY ;\n- transmettre les r\u00e9sultats des campagnes  pour chaque syst\u00e8me d'assainissement dans les m\u00eames\nconditions  que  la  transmission  de  l'autosurveillance  classique,  sans  d\u00e9passer  le\n30 novembre 2024 au plus tard ;\n2/3\nDirection d\u00e9partementale des territoires de la C\u00f4te-d'Or - 21-2024-02-05-00006 - RAA AP267 MeD 20240205 20\n- r\u00e9aliser l'\u00e9ventuel compl\u00e9ment de diagnostic vers l'amont sur un ou plusieurs de ces trois syst\u00e8mes\nd'assainissement avant le 30 septembre 2025 au plus tard.\nArticle 2 : Sanctions financi\u00e8res \nLe non-respect des prescriptions dans les d\u00e9lais fix\u00e9s \u00e0 l'article 1er du pr\u00e9sent arr\u00eat\u00e9 pourra conduire\n\u00e0 une astreinte journali\u00e8re.\nArticle 3 : Information des tiers\nEn vue de l'information des tiers, le pr\u00e9sent arr\u00eat\u00e9 est publi\u00e9 sur le site internet des services de l'\u00c9tat\ndans le d\u00e9partement pendant une dur\u00e9e minimale de deux mois et publi\u00e9 au recueil des actes\nadministratifs de la pr\u00e9fecture.\nArticle 4 : Voies et d\u00e9lais de recours.\nLe pr\u00e9sent arr\u00eat\u00e9 peut faire l'objet d'un recours contentieux devant le tribunal administratif de\nDijon dans un d\u00e9lai maximum de 2 mois \u00e0 compter de sa notification. Le tribunal administratif peut\n\u00eatre saisi par un recours d\u00e9pos\u00e9 via l'application T\u00e9l\u00e9recours citoyens accessible par le site internet\nwww.telerecours.fr \nArticle 5 : Ex\u00e9cution et publication.\nLa directrice d\u00e9partementale des territoires de la C\u00f4te-d'Or,  le chef du service d\u00e9partemental de\nl'Office  fran\u00e7ais  pour  la  biodiversit\u00e9  (OFB),  sont  charg\u00e9s,  chacun  en  ce  qui  le  concerne,  de\nl'ex\u00e9cution du pr\u00e9sent arr\u00eat\u00e9.\nFait \u00e0 DIJON, le 05 f\u00e9vrier 2024\nPour le pr\u00e9fet et par d\u00e9l\u00e9gation,\nLa directrice d\u00e9partementale des territoires\net par d\u00e9l\u00e9gation,\nLe chef du service de l'eau et des risques,\nSign\u00e9\nYann DUFOUR.\n  \n3/3\nDirection d\u00e9partementale des territoires de la C\u00f4te-d'Or - 21-2024-02-05-00006 - RAA AP267 MeD 20240205 21\nDirection d\u00e9partementale des territoires de la\nC\u00f4te-d'Or\nService Pr\u00e9servation et Am\u00e9nagement de\nl'Espace (SPAE)\n21-2024-02-05-00007\nArr\u00eat\u00e9 pr\u00e9fectoral du 5 f\u00e9vrier 2024 portant\nmodification de l\u25a1arr\u00eat\u00e9 du 20 juin 2023 portant\nrenouvellement du bureau de l'association\nfonci\u00e8re de CORGOLOIN\nDirection d\u00e9partementale des territoires de la C\u00f4te-d'Or - 21-2024-02-05-00007 - Arr\u00eat\u00e9 pr\u00e9fectoral du 5 f\u00e9vrier 2024 portant\nmodification de l\u25a1arr\u00eat\u00e9 du 20 juin 2023 portant renouvellement du bureau de l'association fonci\u00e8re de CORGOLOIN 22\nExPREFETDE LACOTE-D'ORL,z'bert\u00e9Egalit\u00e9Fraternit\u00e9\nDirection d\u00e9partementale des territoires\nde la C\u00f4te-d'Or\nArr\u00eat\u00e9 pr\u00e9fectoral du 5 f\u00e9vrier 2024\nportant modification de l'arr\u00eat\u00e9 du 20 juin 2023\nportant renouvellement du bureau de l'association fonci\u00e8re de CORGOLOIN\nLe Pr\u00e9fet de la C\u00f4te-d'Or\nVU le code rural et de la p\u00eache maritime, notamment ses articles L121-1 \u00e0 L121-26 ; L123-1 \u00e0\nL123-35 ; L131-1 et L133-1 \u00e0 L133-7 ; R131-1 et R133-1 \u00e0 R133-15 ;\nVU l'arr\u00eat\u00e9 pr\u00e9fectoral n\u00b0 431 DDA du 18 juin 1975  portant constitution de l'association\nfonci\u00e8re ;\nVU l'arr\u00eat\u00e9 pr\u00e9fectoral du 20 juin 2017 portant renouvellement du bureau de l'association\nfonci\u00e8re ;\nVU  l'arr\u00eat\u00e9 pr\u00e9fectoral du 11 juillet 2018 modifiant l'arr\u00eat\u00e9 pr\u00e9fectoral du 20 juin 2017\nportant renouvellement du bureau de l'association fonci\u00e8re ;\nVU l'arr\u00eat\u00e9 pr\u00e9fectoral du 20 juin 2023 portant renouvellement du bureau de l'association \nfonci\u00e8re de CORGOLOIN ;\nVU l'arr\u00eat\u00e9 pr\u00e9fectoral n\u00b0 1205/SG du 17 octobre 2022 donnant d\u00e9l\u00e9gation de signature \u00e0\nMme Florence LAUBIER directrice d\u00e9partementale des territoires de la C\u00f4te-d'Or ;\nVU l'arr\u00eat\u00e9 pr\u00e9fectoral n\u00b0 43 du 10 janvier 2024 portant d\u00e9l\u00e9gation de signature aux agents\nde la direction d\u00e9partementale de la C\u00f4te-d'Or ;\nVU le courrier du pr\u00e9sident de l'association fonci\u00e8re de Corgoloin du 22 janvier  2024\nmentionnant des erreurs dans l'orthographe et les pr\u00e9noms de deux membres du bureau\nd\u00e9sign\u00e9s dans le courrier de la Chambre d'agriculture du 25 avril 2023 ;\nSUR proposition de la directrice d\u00e9partementale des territoires ;\nA R R \u00ca T E\n1\nDirection d\u00e9partementale des territoires de la C\u00f4te-d'Or\n57 , rue de Mulhouse - BP 53317 - 21033 Dijon CEDEX\nT\u00e9l. : 03 80 29 44 44\nCourriel : ddt@cote-dor.gouv.fr - Site internet : \nhttp://www.cote-dor.gouv.fr\nDirection d\u00e9partementale des territoires de la C\u00f4te-d'Or - 21-2024-02-05-00007 - Arr\u00eat\u00e9 pr\u00e9fectoral du 5 f\u00e9vrier 2024 portant\nmodification de l\u25a1arr\u00eat\u00e9 du 20 juin 2023 portant renouvellement du bureau de l'association fonci\u00e8re de CORGOLOIN 23\nARTICLE 1  er   : \nL'article 1er de l'arr\u00eat\u00e9 pr\u00e9fectoral du 20 juin 2023 p ortant renouvellement du bureau de\nl'association fonci\u00e8re de CORGOLOIN  est modifi\u00e9 comme suit :\nSont  nomm\u00e9s  membres  du  bureau  de  l'association  fonci\u00e8re  de  CORGOLOIN pour  une\np\u00e9riode de six ans :\n* le maire de la commune ou un conseiller municipal d\u00e9sign\u00e9 par lui ;\n* les propri\u00e9taires dont les noms suivent\nd\u00e9sign\u00e9s par le conseil municipal d\u00e9sign\u00e9s par la chambre d'agriculture\nJean-Michel TACCARD Pierre-Etienne RION\nDidier ALLEXANT Damien GACHOT\nCharles BILLOT Ir\u00e8ne LENOIR\nMichel SAUVAIN Ludovic PERTUZOT\nDidier GUILLEMARD Philippe SAUVAIN\n* la directrice d\u00e9partementale des territoires de la C\u00f4te-d'Or ou son repr\u00e9sentant, avec voix\nconsultative.\nARTICLE   2     : \nLes autres articles demeurent inchang\u00e9s.\nARTICLE 3     : \nCette d\u00e9cision peut \u00eatre contest\u00e9e devant le tribunal administratif de Dijon dans un d\u00e9lai\nde 2 mois \u00e0 compter de sa publication.\nARTICLE 4 : \nLa directrice d\u00e9partementale des territoires de la C\u00f4te-d'Or, le pr\u00e9sident de l'association\nfonci\u00e8re  de  CORGOLOIN et  l e maire  de  la  commune  de  CORGOLOIN, sont  charg\u00e9s,\nchacun en ce qui le concerne, de l'ex\u00e9cution des dispositions du pr\u00e9sent arr\u00eat\u00e9 qui sera\npubli\u00e9 au recueil des actes administratifs de la pr\u00e9fecture, notifi\u00e9 \u00e0 chacun des membres\nde l'association fonci\u00e8re et affich\u00e9 dans la commune de CORGOLOIN.\nFait \u00e0 Dijon, le 5 f\u00e9vrier 2024\nPour le pr\u00e9fet et par d\u00e9l\u00e9gation,\nPour la directrice d\u00e9partementale,\nle responsable du bureau nature, \nsites et \u00e9nergies renouvelables,\nsign\u00e9 : Laurent TISNE\n2\nDirection d\u00e9partementale des territoires de la C\u00f4te-d'Or - 21-2024-02-05-00007 - Arr\u00eat\u00e9 pr\u00e9fectoral du 5 f\u00e9vrier 2024 portant\nmodification de l\u25a1arr\u00eat\u00e9 du 20 juin 2023 portant renouvellement du bureau de l'association fonci\u00e8re de CORGOLOIN 24\nDirection d\u00e9partementale des territoires de la\nC\u00f4te-d'Or\nService S\u00e9curit\u00e9 et Education Routi\u00e8re\n21-2024-02-03-00001\nArr\u00eat\u00e9 n\u00b0261portant dispositions particuli\u00e8res de\ncirculation sur le r\u00e9seau autoroutier en\nC\u00f4te-d\u25a1Or \u00e0 l\u25a1occasion des manifestations des\nagriculteurs\nDirection d\u00e9partementale des territoires de la C\u00f4te-d'Or - 21-2024-02-03-00001 - Arr\u00eat\u00e9 n\u00b0261portant dispositions particuli\u00e8res de\ncirculation sur le r\u00e9seau autoroutier en C\u00f4te-d\u25a1Or \u00e0 l\u25a1occasion des manifestations des agriculteurs 25\n=PREFETDE LACOTE-D'ORLibert\u00e9Egalit\u00e9Fraternit\u00e9\nDirection d\u00e9partementale des territoires\nde la C\u00f4te-d'Or\nDijon, le 3 f\u00e9vrier 2024\nArr\u00eat\u00e9 n\u00b0261\nportant dispositions particuli\u00e8res de circulation sur le r\u00e9seau autoroutier en C\u00f4te-d'Or \u00e0\nl'occasion des manifestations des agriculteurs\nLe pr\u00e9fet de la r\u00e9gion Bourgogne-Franche-Comt\u00e9\nPr\u00e9fet de la C\u00f4te-d'Or\nVU le code de la route, et notamment les articles R. 411-18, R.421-1 \u00e0 R421-10  ,\nVU le d\u00e9cret n\u00b02005-1499 du 5 d\u00e9cembre 2005 relatif \u00e0 la consistance du r\u00e9seau national,\nVU le d\u00e9cret n\u00b02004-374 du 29 avril 2004 relatif aux pouvoirs des pr\u00e9fets, \u00e0 l'organisation et \u00e0\nl'action des services de l'\u00c9tat dans les r\u00e9gions et les d\u00e9partements,\nVU le d\u00e9cret du 26 septembre  2022  nommant Monsieur Franck ROBINE,  pr\u00e9fet de la r\u00e9gion\nBourgogne-Franche-Comt\u00e9, Pr\u00e9fet de la C\u00f4te d'Or  ;\nVU l'arr\u00eat\u00e9 interminist\u00e9riel du 24 novembre 1967 modifi\u00e9, relatif \u00e0 la signalisation des routes et\nautoroutes,\nVU l'arr\u00eat\u00e9 pr\u00e9fectoral n\u00b0151/SG  du 18 janvier 2024  donnant  d\u00e9l\u00e9gation  de signature  \u00e0 Mme\nAmelle GHAYOU, sous-pr\u00e9f\u00e8te, secr\u00e9taire g\u00e9n\u00e9rale adjointe de la pr\u00e9fecture,\nVU le mouvement  social des professionnels de l'agriculture  d\u00e9but\u00e9  le 25  janvier  2024  sur le\nd\u00e9partement de la C\u00f4te-d'Or,\nConsid\u00e9rant qu'il y a lieu de r\u00e9tablir la circulation sur l'autoroute A31,\nARR\u00caTE\nArticle 1er :\nL'arr\u00eat\u00e9 pr\u00e9fectoral n\u00b0 228 du 31 janvier 2024 est abrog\u00e9.\nDirection d\u00e9partementale des territoires de la C\u00f4te-d'Or\n57, rue de Mulhouse - BP 53317 - 21033 Dijon CEDEX\nT\u00e9l. : 03 80 29 44 44\nCourriel : ddt@cote-dor.gouv.fr\nDirection d\u00e9partementale des territoires de la C\u00f4te-d'Or - 21-2024-02-03-00001 - Arr\u00eat\u00e9 n\u00b0261portant dispositions particuli\u00e8res de\ncirculation sur le r\u00e9seau autoroutier en C\u00f4te-d\u25a1Or \u00e0 l\u25a1occasion des manifestations des agriculteurs 26\nArticle 2 :\nA compter du 3 f\u00e9vrier 2024 \u00e0 08h00, la  circulation  est rouverte  sur l'autoroute A 31 entre le\ndiffuseur n\u00b0 4  d'ARC-SUR-TILLE e t  la limite administrative de la Haute Marne et de la C\u00f4te-d'Or\ndans les deux sens de circulation.\nArticle 3 : \nLes  services  de  gendarmerie  et  d'APRR  pourront,  en  fonction  des  circonstances,  all\u00e9ger  ou\nrenforcer les mesures pr\u00e9vues et prendre toutes initiatives utiles afin de pourvoir \u00e0 la s\u00e9curit\u00e9 des\nusagers de l'autoroute et faciliter l'\u00e9coulement de la circulation.\nArticle 4 : \nDes mesures d'information des usagers seront prises par le canal  :\n\u2022 de messages sur les Panneaux \u00e0 Messages Variables (PMV) situ\u00e9s en section courante de\nl'autoroute,\n\u2022 de messages sur PMVA situ\u00e9 en entr\u00e9e des gares de p\u00e9age,\n\u2022 de messages sur \u00abAutoroute Info 107.7\u00bb,\n\u2022 du service d'information vocale autoroutier,\n\u2022 du site internet www.aprr.fr.\nArticle 5 : \nLe pr\u00e9sent arr\u00eat\u00e9 peut faire l'objet d'un recours gracieux aupr\u00e8s du pr\u00e9fet et/ou d'un recours\ncontentieux devant le tribunal administratif dans un d\u00e9lai de 2 mois \u00e0 compter de sa notification.\nLe  tribunal  administratif  peut  \u00eatre  saisi  par  un  recours  d\u00e9pos\u00e9  via  l'application  T\u00e9l\u00e9recours\ncitoyens accessible par le site internet www.telerecours.fr \u00bb.\nArticle 6 : \n- le Directeur de Cabinet du pr\u00e9fet de la C\u00f4te-d'Or,\n- le Pr\u00e9sident du Conseil D\u00e9partemental de C\u00f4te-d'Or,\n- le Pr\u00e9sident de Dijon M\u00e9tropole,\n- le Directeur d'exploitation d'APRR,\n- le Commandant de la R\u00e9gion de Gendarmerie de Bourgogne-Franche-Comt\u00e9 et du Groupement\nde C\u00f4te-d'Or,\n- le Directeur  Interd\u00e9partemental  de  la  Police  Nationale,  sont  charg\u00e9s,  chacun  en  ce  qui  le\nconcerne, de l'ex\u00e9cution du pr\u00e9sent arr\u00eat\u00e9.\nLe pr\u00e9sent arr\u00eat\u00e9 sera publi\u00e9 au recueil des actes administratifs de la Pr\u00e9fecture de C\u00f4te d'Or.\nUne copie du pr\u00e9sent arr\u00eat\u00e9 sera adress\u00e9e pour information:\n- au Directeur G\u00e9n\u00e9ral des Infrastructures des Transports et de la Mer du MTES,\n- au Directeur D\u00e9partemental des Services d'Incendie et de Secours de la C\u00f4te-d'Or,\n- au SAMU de Dijon,\n- aux pr\u00e9fectures de la zone de d\u00e9fense Est et de la Haute-Marne.\nFait \u00e0 Dijon, le 3 f\u00e9vrier 2024\nLe pr\u00e9fet,\npour le pr\u00e9fet et par d\u00e9l\u00e9gation,\nla sous-pr\u00e9f\u00e8te secr\u00e9taire g\u00e9n\u00e9rale adjointe\nORIGINAL SIGNE\nAmelle GHAYOU\nDirection d\u00e9partementale des territoires de la C\u00f4te-d'Or\n57, rue de Mulhouse - BP 53317 - 21033 Dijon CEDEX\nT\u00e9l. : 03 80 29 44 44\nCourriel : ddt@cote-dor.gouv.fr\nDirection d\u00e9partementale des territoires de la C\u00f4te-d'Or - 21-2024-02-03-00001 - Arr\u00eat\u00e9 n\u00b0261portant dispositions particuli\u00e8res de\ncirculation sur le r\u00e9seau autoroutier en C\u00f4te-d\u25a1Or \u00e0 l\u25a1occasion des manifestations des agriculteurs 27\nDRAAF Bourgogne-Franche-Comt\u00e9\nService r\u00e9gional de la for\u00eat et du bois\n21-2024-02-05-00001\nArr\u00eat\u00e9 portant approbation de l'am\u00e9nagement\nde la for\u00eat communale de Charey-Sur-Seine pour\nla p\u00e9riode 2024-2043\nDRAAF Bourgogne-Franche-Comt\u00e9 - 21-2024-02-05-00001 - Arr\u00eat\u00e9 portant approbation de l'am\u00e9nagement de la for\u00eat communale de\nCharey-Sur-Seine pour la p\u00e9riode 2024-2043 28\nPREFET | Direction r\u00e9gionale de l'alimentation,E\u00cb\u00c8\u00ca\u00c6\u00cb\u00ca\u0152EN de l'agriculture et de la for\u00eatFRANCHE-COMT\u00c9 Bourgogne-Franche-Comt\u00e9Libert\u00e9 Service r\u00e9gional de la for\u00eat et du bois\u00c9galit\u00e9Fraternit\u00e9\nD\u00e9partement : C\u00d4TE-D'ORFor\u00eat communale de CHARREY-SUR-SEINEContenance cadastrale : 171,0245 haSurface de gestion : 171,02 haR\u00e9vision du document d'am\u00e9nagement :2024-2043Arr\u00eat\u00e9 d'am\u00e9nagement n\u00b024 - 2024- OZ -05- O% 4portant approbation du document d'am\u00e9nagement de la for\u00eat communalede Charrey-Sur-Seine pour la p\u00e9riode 2024-2043Le Pr\u00e9fet de la r\u00e9gion BOURGOGNE-FRANCHE-COMT\u00c9,Pr\u00e9fet de la C\u00f4te d'OrVU les articles L124-1,1\u00b0, L212-1, L212-2, D212-1, D212-2, R212-3, D212-5,2\u00b0, D214-15, etD214-16 du Code Forestier :VU l'article R212-4 du Code Forestier ;VU le sch\u00e9ma r\u00e9gional d'am\u00e9nagement de la r\u00e9gion Bourgogne, arr\u00eat\u00e9 en date du 05/12/2011 ;VU l'approbation du conseil municipal de Charrey-sur-Seine en date du 02/08/2023, vis\u00e9 par laSous-pr\u00e9fecture de Montbard le 14/09/2023, donnant son accord au projet d'am\u00e9nagementforestier qui lui a \u00e9t\u00e9 pr\u00e9sent\u00e9 ;VU le d\u00e9cret n\u00b0 2004-374 du 29 avril 2004 modifi\u00e9 relatif aux pouvoirs des pr\u00e9fets, \u00e0l'organisation et \u00e0 l'action des services de l'Etat dans les r\u00e9gions et d\u00e9partements ;VU le d\u00e9cret du 26 septembre 2022 nommant M. Franck ROBINE, pr\u00e9fet de la r\u00e9gion Bour-gogne-Franche-Comt\u00e9;VU l'arr\u00eat\u00e9 pr\u00e9fectoral n\u00b0 22-631 BAG du 24 octobre 2022 portant delegatlon de signature duPr\u00e9fet \u00e0 Madame Marie-Jeanne FOTR\u00c9\u2014- MULLER et la d\u00e9cision n\u00b0 2023-11 DRAAF-BFC du 31 octobre 2023, portant subd\u00e9l\u00e9gation\u00e0 Monsieur Pierre LAMBARE;SUR proposition du Directeur Territorial de l'Office National des For\u00eats ;SUR proposition de la Directrice R\u00e9gionale de l'Alimentation, de l'Agriculture et de la For\u00eat ;\nARR\u00caTEArticle 1\" : La for\u00e9t communale de CHARREY-SUR-SEINE (C\u00d4TE-D'OR), d'une contenancede 171,02 ha, est affect\u00e9e prioritairement \u00e0 la fonction de production ligneuse et \u00e0 la fonction\u00e9cologique, tout en assurant sa fonction sociale et de protection physique, dans le cadre d'unegestion durable multifonctionnelle.Article 2 : Cette for\u00eat comprend une partie bois\u00e9e de 168,71 ha, actuellement compos\u00e9e de ch\u00eanesessile ou p\u00e9doncul\u00e9 (67 %), h\u00e9tre (15 %), \u00e9rable champ\u00e9tre (8 %), charme (5 %), fruitiers (3 %),pin Sylvestre (2 %). Le reste, soit 2,31 ha, est constitu\u00e9 de diverses emprises (route foresti\u00e9re..).Les peuplements susceptibles de production ligneuse seront trait\u00e9s en conversion en futaie\nDRAAF Bourgogne-Franche-Comt\u00e9 - 21-2024-02-05-00001 - Arr\u00eat\u00e9 portant approbation de l'am\u00e9nagement de la for\u00eat communale de\nCharey-Sur-Seine pour la p\u00e9riode 2024-2043 29\nirr\u00e9guli\u00e8re sur 91,81 ha, en futaie r\u00e9guli\u00e9re dont conversion en futaie r\u00e9guli\u00e8re sur 65,41 ha et enattente sans traitement d\u00e9fini sur 7,24 ha.Les essences-objectif, qui d\u00e9terminent sur le long terme les choix de gestion de ces peuplements,seront tr\u00e9s majoritairement feuillues : prioritairement, le ch\u00e9ne sessile, ainsi qu'un cort\u00e8ge defeuillus et r\u00e9sineux divers dans les zones n\u00e9cessitant un renouvellement rapide. N\u00e9anmoins,compte tenu de l'incertitude actuelle sur l'\u00e9volution des changements climatiques, ces choixd'essences pourront \u00eatre modui\u00e9s en cours d'application de l'am\u00e9nagement pour assurerl'adaptation du choix de chaque essence-objectif, aux \u00e9volutions des connaissances en mati\u00e8re dechangements climatiques et d'adaptation des essences \u00e0 ces changements.Les autres essences seront favoris\u00e9es comme essences-objectif associ\u00e9es ou comme essencesd'accompagnement, dans la limite de leur adaptation aux conditions stationnelles futures.Article 3 : Pendant une dur\u00e9e de 20 ans (2024 \u2014 2043) :- La for\u00eat sera divis\u00e9e en dix groupes de gestion := Un groupe de reconstitution, d'une contenance de 3,48 ha en sylviculture, qui serontrenouvel\u00e9s \u00e0 l'aide de plantations feuillues et r\u00e9sineuses ;\u00ab Deux groupes d'am\u00e9lioration, d'une contenance totale de 55,59 ha en sylviculture, quiseront parcourus par des coupes selon une rotation variant de 6 \u00e0 15 ans en fonction dela croissance des peuplements ;= Trois groupes de futaie irr\u00e9guli\u00e8re, d'une contenance totale de 91,81 ha ensylviculture, qui seront parcourus par des coupes visant \u00e0 se rapprocher, puis demaintenir une structure \u00e9quilibr\u00e9e, selon une rotation variant de 10 \u00e0 20 ans enfonction de la croissance des peuplements ;= Un groupe d'attente, d'une contenance de 7,24 ha en sylviculture, qui sera laiss\u00e9 encroissance libre sur la p\u00e9riode ;\" Un groupe d'ilots de vieillissement trait\u00e9 en futaie r\u00e9guli\u00e8re,de 6,34 ha en sylviculture,qui fera l'objet d'une gestion sp\u00e9cifique, au profit de la biodiversit\u00e9 ;\u00ab Un groupe d'ilots de s\u00e9nescence, d'une contenance de 4,25 ha, qui sera laiss\u00e9 \u00e0 son\u00e9volution naturelle, au profit de la biodiversit\u00e9 ;= Un groupe hors sylviculture, constitu\u00e9 de diverses emprises, d'une contenance de2,31 ha, qui sera laiss\u00e9 en l'\u00e9tat.- l'Office National des For\u00eats informera r\u00e9guli\u00e8rement le Conseil Municipal de Charrey-sur-Seine de l'\u00e9tat de l'\u00e9quilibre sylvo-cyn\u00e9g\u00e9tique dans la for\u00eat entrainant la n\u00e9cessit\u00e9 de prot\u00e9gertous les plants qui pourraient \u00eatre mis en place, et ce dernier mettra en \u0153uvre toutes les mesuresn\u00e9cessaires \u00e0 son r\u00e9tablissement suivant la capacit\u00e9 d'accueil, et en s'assurant en particulier que leniveau des demandes de plans de chasse concernant la for\u00eat est en nette augmentation comptetenu de l'\u00e9volution des populations de grand gibier et des d\u00e9g\u00e2ts constat\u00e9s sur les peuplements ;- les mesures d\u00e9finies par les consignes nationales de gestion visant \u00e0 la pr\u00e9servation de labiodiversit\u00e9 courante (notamment la conservation d'arbres isol\u00e9s \u00e0 cavit\u00e9s ou s\u00e9nescents) ainsiqu'a la pr\u00e9servation des sols et des eaux de surface, seront syst\u00e9matiquement mises en \u0153uvre.Article 4 : La Directrice R\u00e9gionale de l'Alimentation, de l'Agriculture, et de la For\u00eat, et leDirecteur Territorial de l'Office National des For\u00eats sont charg\u00e9s, chacun en ce qui le concerne,de l'ex\u00e9cution du pr\u00e9sent arr\u00eat\u00e9, qui sera publi\u00e9 au recueil des actes administratifs de lapr\u00e9fecture de COTE-D'OR. \u00c7Besan\u00e7on, le (5 fevuiia 2024Pour le Pr\u00e9fet de la R\u00e9gion Bourgogne-Franche-Comt\u00e9 et par d\u00e9l\u00e9gation,La Directrice R\u00e9gionale de l'Alimentation, de l'Agriculture et de la For\u00e9tet par subdele('atl/&lL'adjoint au Chef du Service \u00cbeg__lonal de la:l}oret et du BoisPierr\u00e9 LAMBAR/\"\nDRAAF Bourgogne-Franche-Comt\u00e9 - 21-2024-02-05-00001 - Arr\u00eat\u00e9 portant approbation de l'am\u00e9nagement de la for\u00eat communale de\nCharey-Sur-Seine pour la p\u00e9riode 2024-2043 30\nDRAAF Bourgogne-Franche-Comt\u00e9\nService r\u00e9gional de la for\u00eat et du bois\n21-2024-02-05-00002\nArr\u00eat\u00e9 portant approbation de l'am\u00e9nagement\nde la for\u00eat communale de\nMontigny-Mornay-La-Villeneuve-Sur-Vingeanne\npour la p\u00e9riode 2023-2042\nDRAAF Bourgogne-Franche-Comt\u00e9 - 21-2024-02-05-00002 - Arr\u00eat\u00e9 portant approbation de l'am\u00e9nagement de la for\u00eat communale de\nMontigny-Mornay-La-Villeneuve-Sur-Vingeanne pour la p\u00e9riode 2023-2042 31\nPREFET | Direction r\u00e9gionale de I'alimentation,E\u00e4\u00e0\u00e2\u00e2\u00e4\u00e2ll\\':l)EN de l'agriculture et de la for\u00eatFRANCHE-COMT\u00c9 Bourgogne-FrancheComt\u00e9r\u00e9beulf Service r\u00e9gional de la for\u00eat et du bois\u00c9galit\u00e9Fraternit\u00e9\nD\u00e9partement : C\u00d4TE-D'ORFor\u00eat communale de MONTIGNY-MORNAY-LA VILLENEUVE-SUR-VINGEANNEContenance cadastrale : 581,4554 haSurface de gestion : 581,46 haR\u00e9vision du document d'am\u00e9nagement : 2023-2042Arr\u00eat\u00e9 d'am\u00e9nagement n\u00b021. 20 24- 02 -0- COOO\u00cbportant approbation du document d'Am\u00e9nagement de la for\u00eat communale deMontigny-Mornay-la-Villeneuve-sur-Vingeanne pour la p\u00e9riode 2023-2042\nLe Pr\u00e9fet de lar\u00e9gion BOURGOGNE-FRANCHE-COMTE,Pr\u00e9fet de la C\u00f4te d'Or\nVU es articles L124-1,1\u00b0, L212-1, L212-2, D212-1, D212-2, R212-3. D212-5,2\u00b0; D214-15, etD214-16 du Code Forestier ;VU le sch\u00e9ma r\u00e9gional d'am\u00e9nagement de la r\u00e9gion Bourgogne, arr\u00e9t\u00e9 en date du 05/12/2011 :VU la D\u00e9lib\u00e9ration du Conseil Municipal de Montigny-Mornay-la Villeneuve-sur-Vingeanneen date du 19/06/2023, vis\u00e9 par la Pr\u00e9fecture de Dijon le 04/07/2023, donnant son accordau projet d'am\u00e9nagement forestier qui lui a \u00e9t\u00e9 pr\u00e9sent\u00e9 ;VU le d\u00e9cret n\u00b0 2004-374 du 29 avril 2004 modifi\u00e9 relatif aux pouvoirs des pr\u00e9fets, \u00e0l'organisation et \u00e0 l'action des services de l'Etat dans les r\u00e9gions et d\u00e9partements :VU le d\u00e9cret du 26 septembre 2022 nommant M. Franck ROBINE, pr\u00e9fet de la r\u00e9gion Bour-gogne-Franche-Comt\u00e9 ;VU l'arr\u00eat\u00e9 pr\u00e9fectoral n\u00b0 22-631 BAG du 24 octobre 2022 portant d\u00e9l\u00e9gation de signature duPr\u00e9fet \u00e0 Madame Marie-Jeanne FOTRE \u2014 MULLER et la d\u00e9cision n\u00b02023-11 DRAAF-BFC du 31 octobre 2023, portant subd\u00e9l\u00e9gation \u00e0 Monsieur Pierre LAMBARE:SUR proposition du Directeur Territorial de l'Office National des For\u00eats :SUR proposition de la Directrice R\u00e9gionale de l'Alimentation, de l'Agriculture et de la For\u00e9t ;\nARR\u00caTE\nArticle 1\" : La for\u00e9t communale de MONTIGNY-MORNAY (C\u00d4TE-D'OR), d'une contenancede 581,46 ha, est affect\u00e9e prioritairement \u00e0 la fonction de production ligneuse et \u00e0 la fonction\u00e9cologique, tout en assurant sa fonction sociale et de protection physique, dans le cadre d'unegestion durable multifonctionnelle.Article 2 : Cette for\u00eat comprend une partie bois\u00e9e de 571,69 ha, actuellement compos\u00e9e deCh\u00eane sessile (41%), Charme (19%), H\u00eatre (11%), Autres R\u00e9sineux (8%), Ch\u00eane p\u00e9doncul\u00e9(5%), Fruitiers (3%) et Autres Feuillus (13%). Le reste, soit 9,77 ha, est constitu\u00e9 de routesforesti\u00e8res et de vides boisables.\nDRAAF Bourgogne-Franche-Comt\u00e9 - 21-2024-02-05-00002 - Arr\u00eat\u00e9 portant approbation de l'am\u00e9nagement de la for\u00eat communale de\nMontigny-Mornay-La-Villeneuve-Sur-Vingeanne pour la p\u00e9riode 2023-2042 32\nLes peuplements susceptibles de production ligneuse seront trait\u00e9s en Futaie r\u00e9guli\u00e8re etconversion sur 333,12 ha, et Futaie irr\u00e9guli\u00e9re et conversion sur 242,82 ha.En dehors des surfaces consacr\u00e9es aux tests en gestion, les essences-objectif, qui d\u00e9terminent surle long terme les grands choix de gestion de ces peuplements, seront prioritairement, le Ch\u00eanesessile, le Ch\u00e9ne p\u00e9doncul\u00e9, le Pin noir d'Autriche et, dans une moindre mesure, I'Erablesycomore, le Merisier, le Robinier, le Douglas, le M\u00e9l\u00e8ze d'Europe, le Pin maritime et le Pinsylvestre. N\u00e9anmoins, compte tenu de l'incertitude actuelle sur l'\u00e9volution des changementsclimatiques en cours, ces choix d'essences pourront \u00eatre modul\u00e9s en cours d'application del'am\u00e9nagement pour assurer l'adaptation du choix de chaque essence-objectif, ou grouped'essences-objectif, aux \u00e9volutions des connaissances en mati\u00e8re de changements climatiques etd'adaptation des essences \u00e0 ces changements.Sur les surfaces consacr\u00e9es aux tests en gestion pour l'adaptation des essences aux changementsclimatiques, les essences-objectif seront choisies au moment de la mise en \u0153uvre de cesplantations parmi un panel d'essences adapt\u00e9es au vu des connaissances actualis\u00e9es sur leschangements climatiques et sur le comportement de ces essences.Les autres essences seront favoris\u00e9es comme essences-objectif associ\u00e9es ou comme essencesd'accompagnement, dans la limite de leur adaptation aux conditions stationnelles futures.Article 3 : Pendant une dur\u00e9e de 20 ans (2023 \u2014 2042) :- La for\u00e9t sera divis\u00e9e en dix groupes de gestion :\u00ab Un groupe de r\u00e9g\u00e9n\u00e9ration, d'une contenance de 41.49 ha en sylviculture, au seinduquel 36,15ha seront nouvellement ouverts en r\u00e9g\u00e9n\u00e9ration, 39,80 ha serontparcourus par une coupe d\u00e9finitive au cours de la p\u00e9riode ;\" Un groupe de jeunesse, d'une contenance de 14,83 ha en sylviculture, qui fera l'objetdes travaux n\u00e9cessaires \u00e0 l'\u00e9ducation des peuplements ;\u00bb Quatre groupes d'am\u00e9lioration, d'une contenance totale de 273,41 ha en sylviculture,qui seront parcourus par des coupes selon une rotation de variant de 7 \u00e0 16 ans enfonction de la croissance des peuplements := Un groupe de futaie irr\u00e9guli\u00e8re, d'une contenance de 242,82 ha en sylviculture, quisera parcouru par des coupes visant \u00e0 maintenir une structure \u00e9quilibr\u00e9e, selon unerotation de 10 \u00e0 16 ans en fonction de la croissance des peuplements ;\" Un groupe d'flots de vieillissement trait\u00e9 en conversion \u00e0 la Futaie r\u00e9guli\u00e8re, d'unecontenance de 3,39 ha en sylviculture, qui fera l'objet d'une gestion sp\u00e9cifique, auprofit de la biodiversit\u00e9 ;\u00ab Un groupe d'int\u00e9r\u00eat \u00e9cologique g\u00e9n\u00e9ral d'une contenance de 1,53 ha, qui sera laiss\u00e9 \u00e0son \u00e9volution naturelle ;\u00ab Un groupe constitu\u00e9 des emprises de routes foresti\u00e8res, d'une contenance de 3,99 ha,qui sera laiss\u00e9 en l'\u00e9tat.- 2 places de retournement et 460 m de routes empierr\u00e9es seront cr\u00e9\u00e9es afin d'am\u00e9liorer ladesserte du massif ;- l'Office National des For\u00eats informera r\u00e9guli\u00e8rement le Conseil Municipal de la communede MONTIGNY MORNAY VILLENEUVE de l'\u00e9tat de l'\u00e9quilibre sylvo-cyn\u00e9g\u00e9tique dans la fo-r\u00eat, et ce dernier mettra en \u0153uvre toutes les mesures n\u00e9cessaires \u00e0 son maintien suivant la capaci-t\u00e9 d'accueil, et en s'assurant en particulier que le niveau des demandes de plans de chasse concer-nant la for\u00eat est adapt\u00e9 compte tenu de l'\u00e9volution des populations de grand gibier et des d\u00e9g\u00e2tsconstat\u00e9s sur les peuplements;- les mesures d\u00e9finies par les consignes nationales de gestion visant \u00e0 la pr\u00e9servation de labiodiversit\u00e9 courante (notamment la conservation d'arbres isol\u00e9s \u00e0 cavit\u00e9s, morts, ou s\u00e9nescents)\nDRAAF Bourgogne-Franche-Comt\u00e9 - 21-2024-02-05-00002 - Arr\u00eat\u00e9 portant approbation de l'am\u00e9nagement de la for\u00eat communale de\nMontigny-Mornay-La-Villeneuve-Sur-Vingeanne pour la p\u00e9riode 2023-2042 33\nainsi qu'\u00e0 la pr\u00e9servation des sols et des eaux de surface, seront syst\u00e9matiquement mises en\u0153uvre.\nArticle 4 : La Directrice R\u00e9gionale de l'Alimentation, de l'Agriculture, et de la For\u00eat, et leDirecteur Territorial de l'Office National des For\u00eats sont charg\u00e9s, chacun en ce qui le concerne,de l'ex\u00e9cution du pr\u00e9sent arr\u00eat\u00e9, qui sera publi\u00e9 au recueil des actes administratifs de lapr\u00e9fecture de COTE-D'OR.Besan\u00e7on, le OS f\u00e9lm'u_ 2oyPour le Pr\u00e9fet de la R\u00e9gion Bourgogne-Franche-Comt\u00e9 et par d\u00e9l\u00e9gation,La Directrice R\u00e9gionale de l'Alimentation, de 1'Agriculture et de la For\u00e9tet par subd\u00e9l\u00e9gation,L'adjoint au Chefdu Service R\u00e9giofialde la For\u00eat et du Bois= P/lerre LAMBAR\u00c9 _\u2014/\nDRAAF Bourgogne-Franche-Comt\u00e9 - 21-2024-02-05-00002 - Arr\u00eat\u00e9 portant approbation de l'am\u00e9nagement de la for\u00eat communale de\nMontigny-Mornay-La-Villeneuve-Sur-Vingeanne pour la p\u00e9riode 2023-2042 34\nDRAAF Bourgogne-Franche-Comt\u00e9 - 21-2024-02-05-00002 - Arr\u00eat\u00e9 portant approbation de l'am\u00e9nagement de la for\u00eat communale de\nMontigny-Mornay-La-Villeneuve-Sur-Vingeanne pour la p\u00e9riode 2023-2042 35\nDRAAF Bourgogne-Franche-Comt\u00e9\nService r\u00e9gional de la for\u00eat et du bois\n21-2024-02-05-00003\nArr\u00eat\u00e9 portant approbation de l'am\u00e9nagement\nde la for\u00eat communale de Saint-Jean-de-Boeuf\npour la p\u00e9riode 2023-2042 avec application du\n2\u00b0 de l'article L122-7 du code forestier\nDRAAF Bourgogne-Franche-Comt\u00e9 - 21-2024-02-05-00003 - Arr\u00eat\u00e9 portant approbation de l'am\u00e9nagement de la for\u00eat communale de\nSaint-Jean-de-Boeuf pour la p\u00e9riode 2023-2042 avec application du 2\u00b0 de l'article L122-7 du code forestier 36\nPR\u00c9FET _ Direction r\u00e9gionale de l'alimentation,DE LA REGION de l'agriculture et de la for\u00eatBOURGOGNE- !FRANCHE-COMTE Bourgogne-Franche-Comt\u00e9Libert\u00e9 Service r\u00e9gional de la for\u00e9t et du boisgaitlFraternit\u00e9D\u00e9partement : C\u00d4TE-D'ORFor\u00eat communale de SAINT-JEAN-DE-BOEUFContenance cadastrale : 520,5187 haSurface de gestion : 520,52 haR\u00e9vision du document d'am\u00e9nagement :2023-2042Arr\u00eat\u00e9 d'am\u00e9nagement n\u00b02A- 20Z24_ 02 -05\u2014 oco05portant approbation du document d'Am\u00e9nagement de la for\u00eat communalede Saint-Jean-De-B\u0153uf pour la p\u00e9riode 2023-2042avec application du 2\u00b0 de l'article L122-7 du code forestierLePr\u00e9fetdelar\u00e9gionBOURGOGNE-FRANCHE-COMT\u00c9,Pr\u00e9fet de la C\u00f4te d'OrVU les articles L124-1,1\u00b0, 1.212-1, L212-2, D212-1. D212-2, R212-3. D212-5,2\u00b0, D214-15, etD214-16 du Code Forestier ;VU es articles LI122-7, L122-8, R122-23 et R122-24 du Code Forestier ;VU es articles LA14-4 et R414-19 du Code de l'Environnement ;VU e sch\u00e9ma r\u00e9gional d'am\u00e9nagement de la r\u00e9gion Bourgogne, arr\u00eat\u00e9 en date du 05/12/2011 ;VU la d\u00e9lib\u00e9ration du Conseil Municipal de Saint-Jean-De-B\u0153uf en date du 08/02/2023, vis\u00e9par la Pr\u00e9fecture de Dijon le 02/03/2023, donnant son accord au projet d'am\u00e9nagementforestier qui lui a \u00e9t\u00e9 pr\u00e9sent\u00e9, et demandant le b\u00e9n\u00e9fice des articles L122-7 et L122-8 ducode forestier au titre de la r\u00e9glementation de Natura 2000 ;VU le d\u00e9cret n\u00b0 2004-374 du 29 avril 2004 modifi\u00e9 relatif aux pouvoirs des pr\u00e9fets, \u00e0l'organisation \u00a2t \u00e0 l'action des services de l'Etat dans les r\u00e9gions et d\u00e9partements :VU le d\u00e9cret du 26 septembre 2022 nommant M. Franck ROBINE, pr\u00e9fet de la r\u00e9gion Bour-gogne-Franche-Comt\u00e9 ;VU l'arr\u00eat\u00e9 pr\u00e9fectoral n\u00b0 22-631 BAG du 24 octobre 2022 portant d\u00e9l\u00e9gation de signature duPr\u00e9fet \u00e0 Madame Marie-Jeanne FOTRE \u2014 MULLER et la d\u00e9cision n\u00b02023-11 DRAAF-BFC du 31 octobre 2023, portant subd\u00e9l\u00e9gation \u00e0 Monsieur Pierre LAMBARE;SUR proposition du Directeur Territorial de l'Office National des For\u00eats ;SUR. proposition de la Directrice R\u00e9gionale de I' Alimentation, de l'Agriculture et de la For\u00e9t ;\nARR\u00caTEArticle 1 : La for\u00eat communale de SAINT-JEAN-DE-BOEUF (C\u00d4TE-D'OR), d'une contenancede 520,52 ha, est affect\u00e9e prioritairement \u00e0 la fonction de production ligneuse et \u00e0 la fonction\u00e9cologique, tout en assurant sa fonction sociale et de protection physique, dans le cadre d'unegestion durable multifonctionnelle.Article 2 : Cette for\u00eat comprend une partie bois\u00e9e de 516,36 ha, actuellement compos\u00e9e deCh\u00eane indig\u00e8ne (50%), H\u00eatre (13%), Autres Feuillus (11%), Charme (11%). Erable champ\u00eatre\nDRAAF Bourgogne-Franche-Comt\u00e9 - 21-2024-02-05-00003 - Arr\u00eat\u00e9 portant approbation de l'am\u00e9nagement de la for\u00eat communale de\nSaint-Jean-de-Boeuf pour la p\u00e9riode 2023-2042 avec application du 2\u00b0 de l'article L122-7 du code forestier 37\n(8%), Fr\u00eane (6%), Autres R\u00e9sineux (1%). Le reste, soit 2,82 ha, est constitu\u00e9 d'emprises deroutes foresti\u00e8res et d'une ancienne carri\u00e8re.Les peuplements susceptibles de production ligneuse seront trait\u00e9s en Attente sans traitementd\u00e9fini sur 284,29 ha, conversion en futaie irr\u00e9guli\u00e8re sur 137,16 ha, Taillis-sous-futaie (TSF) sur43.89 ha et Futaie r\u00e9guli\u00e8re sur 19,96 ha.Les essences principales objectifs qui d\u00e9terminent sur le long terme les grands choix de gestionde ces peuplements seront le Ch\u00eane sessile (201,01 ha). Les autres essences - hormis le Fr\u00eane(chalarose) \u2014 seront favoris\u00e9es comme essences objectif associ\u00e9es (H\u00e9tre: vuln\u00e9rabilit\u00e9 auxchangements climatiques).Article 3 : Pendant une dur\u00e9e de 20 ans (2023 \u2014 2042) :- La for\u00eat sera divis\u00e9e en 8 groupes de gestion := Un groupe de r\u00e9g\u00e9n\u00e9ration, d'une contenance de 16,97 ha en sylviculture, au seinduquel 1,00 ha seront nouvellement ouverts en r\u00e9g\u00e9n\u00e9ration, 15,58 ha seront parcouruspar une coupe d\u00e9finitive au cours de la p\u00e9riode ;= Un groupe de jeunesse, d'une contenance de 2,99 ha en sylviculture, qui fera l'objetdes travaux n\u00e9cessaires \u00e0 l'\u00e9ducation des peuplements et qui pourra \u00eatre parcouru parune premi\u00e8re coupe d'\u00e9claircie en fin de p\u00e9riode :\" Un groupe de futaie irr\u00e9guli\u00e8re, d'une contenance de 137,16 ha en sylviculture, quisera parcouru par des coupes visant \u00e0 se rapprocher d'une structure \u00e9quilibr\u00e9e, selonune rotation variant de 12 \u00e0 15 ans en fonction de la croissance des peuplements :\" Un groupe de taillis sous futaie, d'une contenance de 43,89 ha en sylviculture, qui feral'objet de coupes selon une rotation de 60 ans ;= Un groupe d'attente, d'une contenance de 284,29 ha en sylviculture, qui sera laiss\u00e9 encroissance libre sur la p\u00e9riode ;= Un groupe d'ilots de s\u00e9nescence, d'une contenance de 9,16 ha, qui sera laiss\u00e9 \u00e0 son\u00e9volution naturelle, au profit de la biodiversit\u00e9 ;= Un groupe d'int\u00e9r\u00e9t \u00e9cologique g\u00e9n\u00e9ral d'une contenance de 4,27 ha, qui sera laiss\u00e9 \u00e0son \u00e9volution naturelle ;= Un groupe constitu\u00e9 d'emprises de routes foresti\u00e8res et d'une ancienne carri\u00e8re, d'unecontenance de 2,82 ha, qui sera laiss\u00e9 en l'\u00e9tat.- l'Office National des For\u00eats informera r\u00e9guli\u00e8rement le Conseil Municipal de la COMMUNEde ST JEAN DE BOEUF de l'\u00e9tat de d\u00e9s\u00e9quilibre sylvo-cyn\u00e9g\u00e9tique dans la for\u00eat entrainant la- n\u00e9cessit\u00e9 de prot\u00e9ger tous les plants qui pourraient \u00eatre mis en place, et ce dernier mettra en\u0153uvre toutes les mesures n\u00e9cessaires \u00e0 son r\u00e9tablissement suivant la capacit\u00e9 d'accueil, et en s'as-surant en particulier que le niveau des demandes de plans de chasse concernant la for\u00eat est adapt\u00e9compte tenu de l'\u00e9volution des populations de grand gibier et des d\u00e9g\u00e2ts constat\u00e9s sur les peuple-ments;- les mesures d\u00e9finies par les consignes nationales de gestion visant \u00e0 la pr\u00e9servation de labiodiversit\u00e9 courante (notamment la conservation d'arbres isol\u00e9s \u00e0 cavit\u00e9s, morts, ou s\u00e9nescents)ainsi qu'a la pr\u00e9servation des sols et des eaux de surface, seront syst\u00e9matiquement mises en\u0153uvre.Article 4: Le document d'am\u00e9nagement de la for\u00eat communale de SAINT-JEAN-DE-BOEUF,pr\u00e9sentement arr\u00eat\u00e9, est approuv\u00e9 par application du 2\u00b0 de l'article L122-7 du code forestier, pour leprogramme de coupes et de travaux sylvicoles, au titre :- de la r\u00e9glementation propre \u00e0 Natura 2000 relative \u00e0 la ZPS FR2612001 \u00ab Arri\u00e8re-C\u00f4te deDijon et de Beaune \u00bb, instaur\u00e9e au titre de la Directive europ\u00e9enne \u00ab Oiseaux \u00bb ; consid\u00e9rantque la for\u00eat est situ\u00e9e pour 100 % de sa surface dans le site NATURA 2000.\nDRAAF Bourgogne-Franche-Comt\u00e9 - 21-2024-02-05-00003 - Arr\u00eat\u00e9 portant approbation de l'am\u00e9nagement de la for\u00eat communale de\nSaint-Jean-de-Boeuf pour la p\u00e9riode 2023-2042 avec application du 2\u00b0 de l'article L122-7 du code forestier 38\nArticle 5 : La Directrice R\u00e9gionale de l'Alimentation, de l'Agriculture, et de la For\u00e9t, et leDirecteur Territorial de l'Office National des For\u00eats sont charg\u00e9s, chacun en ce qui le concerne,de l'ex\u00e9cution du pr\u00e9sent arr\u00eat\u00e9. qui sera publi\u00e9 au recueil des actes administratifs de lapr\u00e9fecture de C\u00d4TE-D'OR.Besan\u00e7on, le 9s f\u00f9uu_ eyPour le Pr\u00e9fet de la R\u00e9gion Bourgogne-Franche-Comt\u00e9 et par d\u00e9l\u00e9gation,La Directrice R\u00e9gionale de l'Alimentation, de l'Agriculture et de la For\u00eatet par subd\u00e9l\u00e9gation,L'adjoint au Chef du Service R\u00e7'g\u00abim\u00ffe la For\u00eat et du Bois0/ \u20147d 7 MPierre L\u00c0MB@\u00c9' \u2014\nDRAAF Bourgogne-Franche-Comt\u00e9 - 21-2024-02-05-00003 - Arr\u00eat\u00e9 portant approbation de l'am\u00e9nagement de la for\u00eat communale de\nSaint-Jean-de-Boeuf pour la p\u00e9riode 2023-2042 avec application du 2\u00b0 de l'article L122-7 du code forestier 39\nDRAAF Bourgogne-Franche-Comt\u00e9 - 21-2024-02-05-00003 - Arr\u00eat\u00e9 portant approbation de l'am\u00e9nagement de la for\u00eat communale de\nSaint-Jean-de-Boeuf pour la p\u00e9riode 2023-2042 avec application du 2\u00b0 de l'article L122-7 du code forestier 40\nDRAAF Bourgogne-Franche-Comt\u00e9\nService r\u00e9gional de la for\u00eat et du bois\n21-2024-02-05-00004\nArr\u00eat\u00e9 portant approbation de l'am\u00e9nagement\nde la for\u00eat communale de Terrefondr\u00e9e pour la\np\u00e9riode 2023-2042 avec application du 2\u00b0 de\nl'article L122-7 du code forestier\nDRAAF Bourgogne-Franche-Comt\u00e9 - 21-2024-02-05-00004 - Arr\u00eat\u00e9 portant approbation de l'am\u00e9nagement de la for\u00eat communale de\nTerrefondr\u00e9e pour la p\u00e9riode 2023-2042 avec application du 2\u00b0 de l'article L122-7 du code forestier 41\nPR\u00c9FET | Direction r\u00e9gionale de l'alimentation,\u00cb\u00cb\u00c8\u00ca\u00cb\u00cb\u00ca\u00cbEN de l'agriculture et de la for\u00eatFRANCHE-COMT\u00c9 Bourgogne-Franche-Comt\u00e9Libert\u00e9 Service r\u00e9gional de la for\u00eat et du boisEgalit\u00e9Fraternit\u00e9\nD\u00e9partement : C\u00d4TE-D'ORFor\u00eat communale de TERREFONDR\u00c9EContenance cadastrale : 553,4020 haSurface de gestion : 553,40 haR\u00e9vision du document d'am\u00e9nagement :2023-2042Arr\u00eat\u00e9 d'am\u00e9nagement n\u00b021_2024- 2 -05- mc:04portant approbation du document d'Am\u00e9nagement de la for\u00eatcommunale de Terrefondr\u00e9e pour la p\u00e9riode 2023-2042avec application du 2\u00b0 de l'article L122-7 du code forestierLe Pr\u00e9fet de lar\u00e9gion BOURGOGNE-FRANCHE-COMT\u00c9,Pr\u00e9fet de la C\u00f4te d'OrVU les articles L124-1,1\u00b0, L212-1, L212-2, D212-1, D212-2, R212-3, D212-5,2\u00b0, D214-15, etD214-16 du Code Forestier ;VU es articles L122-7, L122-8, R122-23 et R122-24 du Code Forestier :VU es articles L331-4 et R331-19 du Code de l'Environnement :VU es articles L414-4 et R414-19 du Code de l'Environnement ;VU e sch\u00e9ma r\u00e9gional d'am\u00e9nagement de la r\u00e9gion Bourgogne, arr\u00eat\u00e9 en date du 05/12/2011 ;VU l'avis du Directeur du Parc national de for\u00eats en date du 1\" septembre 2023;VU - la d\u00e9lib\u00e9ration du Conseil municipal de Terrefondr\u00e9e en date du 24 f\u00e9vrier 2023, vis\u00e9 par laPr\u00e9fecture de Dijon le 27 avril 2024, donnant son accord au projet d'am\u00e9nagement forestierqui lui a \u00e9t\u00e9 pr\u00e9sent\u00e9, et demandant le b\u00e9n\u00e9fice des articles L122-7 et L122-8 du codeforestier au titre de la r\u00e9glementation Natura 2000 et du Parc national de for\u00eats ;VU le d\u00e9cret n\u00b0 2004-374 du 29 avril 2004 modifi\u00e9 relatif aux pouvoirs des pr\u00e9fets, \u00e0l'organisation et \u00e0 l'action des services de l'Etat dans les r\u00e9gions et d\u00e9partements ;VU le d\u00e9cret du 26 septembre 2022 nommant M. Franck ROBINE, pr\u00e9fet de la r\u00e9gion Bour-gogne-Franche-Comt\u00e9 ;VU l'arr\u00eat\u00e9 pr\u00e9fectoral n\u00b0 22-631 BAG du 24 octobre 2022 portant d\u00e9l\u00e9gation de signature duPr\u00e9fet \u00e0 Madame Marie-Jeanne FOTRE \u2014 MULLER et la d\u00e9cision n\u00b02023-11 DRAAF-BFC du 31 octobre 2023, portant subd\u00e9l\u00e9gation \u00e0 Monsieur Pierre LAMBAR\u00c9:SUR proposition du Directeur Territorial de l'Office National des For\u00eats ;SUR proposition de la Directrice R\u00e9gionale de l'Alimentation, de l'Agriculture et de la For\u00eat :\nARR\u00caTEArticle I\": La for\u00eat communale de TERREFONDR\u00c9E (C\u00d4TE\u2014D'OR), d'une conienance de553,40 ha, est affect\u00e9e prioritairement \u00e0 la fonction de production ligneuse et \u00e0 la fonction\nDRAAF Bourgogne-Franche-Comt\u00e9 - 21-2024-02-05-00004 - Arr\u00eat\u00e9 portant approbation de l'am\u00e9nagement de la for\u00eat communale de\nTerrefondr\u00e9e pour la p\u00e9riode 2023-2042 avec application du 2\u00b0 de l'article L122-7 du code forestier 42\n\u00e9cologique, tout en assurant sa fonction sociale et de protection physique, dans le cadre d'unegestion durable multifonctionnelle.Article 2 : Cette for\u00e9t comprend une partie bois\u00e9e de 552,64 ha, actuellement compos\u00e9e de H\u00eatre(79%), Ch\u00eane indig\u00e8ne (19%), Autres R\u00e9sineux (2%). Le reste, soit 0,76 ha, est constitu\u00e9d'emprises.Les peuplements susceptibles de production ligneuse seront trait\u00e9s en Futaie irr\u00e9guli\u00e8re dontconversion en futaie irr\u00e9guli\u00e8re sur 480,18 ha, Futaie r\u00e9guli\u00e8re dont conversion en futaier\u00e9guli\u00e8re sur 50,96 ha, Attente sans traitement d\u00e9fini sur 17,71 ha.Les essences-objectif, qui d\u00e9terminent sur le long terme les grands choix de gestion de cespeuplements, seront tr\u00e8s majoritairement feuillues : prioritairement, le ch\u00eane sessile et, dans unemoindre mesure, le h\u00eatre. Les essences-objectif r\u00e9sineuses resteront localis\u00e9es et tr\u00e8s minoritairessur la for\u00eat : C\u00e8dre de l'Atlas et Pin sylvestre. N\u00e9anmoins, compte tenu de l'incertitude actuellesur l'\u00e9volution des changements climatiques en cours, ces choix d'essences pourront \u00eatremodul\u00e9s en cours d'application de l'am\u00e9nagement pour assurer l'adaptation du choix de chaqueessence-objectif, ou groupe d'essences-objectif, aux \u00e9volutions des connaissances en mati\u00e8re dechangements climatiques et d'adaptation des essences \u00e0 ces changements.Les autres essences seront favoris\u00e9es comme essences d'accompagnement, dans la limite de leuradaptation aux conditions stationnelles futures.Article 3 : Pendant une dur\u00e9e de 20 ans (2023 \u2014 2042) :- La for\u00eat sera divis\u00e9e en neuf groupes de gestion :\"\u00bb Un groupe de r\u00e9g\u00e9n\u00e9ration, d'une contenance de 9,92 ha en sylviculture, qui serontnouvellement ouverts en r\u00e9g\u00e9n\u00e9ration, et parcourus par une coupe d\u00e9finitive au coursde la p\u00e9riode ;= Un groupe de jeunesse, d'une contenance de 7,52 ha en sylviculture, qui fera l'objetdes travaux n\u00e9cessaires \u00e0 l'\u00e9ducation des peuplements ;\u00ab Deux groupes d'am\u00e9lioration, d'une \u00e9ontenance totale de 33,52 ha en sylviculture, quisera seront parcourus par des coupes selon une rotation variant de 6 \u00e0 10 ans enfonction de la croissance des peuplements ;= Deux groupes de futaie irr\u00e9guli\u00e9re, d'une contenance de 480,18 ha en sylviculture, quiseront parcourus par des coupes visant \u00e0 se rapprocher d'une structure \u00e9quilibr\u00e9e, selonune rotation variant de 10 \u00e0 15 ans en fonction de la croissance des peuplements ;= Un groupe d'attente, d'une contenance de 17,71 ha en sylviculture, qui sera laiss\u00e9 encroissance libre sur la p\u00e9riode ;= Un groupe d'int\u00e9r\u00eat \u00e9cologique g\u00e9n\u00e9ral d'une contenance de 3,79 ha, qui sera laiss\u00e9 \u00e0son \u00e9volution naturelle ;= Un groupe constitu\u00e9 d'emprises, d'une contenance de 0,76 ha, qui sera laiss\u00e9 en l'\u00e9tat.- 1,34 km de routes foresti\u00e8res, 2,656 km de pistes \u00e0 tracteur et 2 places de d\u00e9p\u00f4t serontcr\u00e9\u00e9s afin d'am\u00e9liorer la desserte du massif :- l'Office National des For\u00eats informera r\u00e9guli\u00e8rement le Conseil Municipal de TERREFON-DREE de l'\u00e9tat de d\u00e9s\u00e9quilibre sylvo cyn\u00e9g\u00e9tique dans la for\u00eat entrainant la n\u00e9cessit\u00e9 de prot\u00e9gertous les plants qui pourraient \u00eatre mis en place, et ce dernier mettra en \u0153uvre toutes les mesuresn\u00e9cessaires \u00e0 son r\u00e9tablissement suivant la capacit\u00e9 d'accueil, et en s'assurant en particulier que leniveau des demandes de plans de chasse concernant la for\u00eat est en nette augmentation comptetenu de l'\u00e9volution des populations de grand gibier et des d\u00e9g\u00e2ts constat\u00e9s sur les peuplements;- les mesures d\u00e9finies par les consignes nationales de gestion visant \u00e0 la pr\u00e9servation de labiodiversit\u00e9 courante (notamment la conservation d'arbres isol\u00e9s \u00e0 cavit\u00e9s, morts, ou s\u00e9nescents)ainsi qu'\u00e0 la pr\u00e9servation des sols et des caux de surface, seront syst\u00e9matiquement mises en\u0153uvre.\nDRAAF Bourgogne-Franche-Comt\u00e9 - 21-2024-02-05-00004 - Arr\u00eat\u00e9 portant approbation de l'am\u00e9nagement de la for\u00eat communale de\nTerrefondr\u00e9e pour la p\u00e9riode 2023-2042 avec application du 2\u00b0 de l'article L122-7 du code forestier 43\nArticle4: Le document d'am\u00e9nagement de la for\u00eat communale de TERREFONDREE,pr\u00e9sentement arr\u00eat\u00e9, est approuv\u00e9 par application du 2\u00b0 de l'article L122-7 du code forestier, pour leprogramme de coupes et de travaux sylvicoles, \u00e0 l'exclusion des travaux d'infrastructure, au titre :- de la r\u00e9glementation propre \u00e0 Natura 2000 relative \u00e0 la ZPS FR2612003 \u00ab Massifs forestierset vall\u00e9es du ch\u00e2tillonnais \u00bb, instaur\u00e9e au titre de la Directive europ\u00e9enne \u00ab Oiseaux \u00bb ;consid\u00e9rant que la for\u00eat est situ\u00e9e pour 100 % de sa surface dans le site NATURA 2000;- de la r\u00e9glementation propre aux parcs nationaux consid\u00e9rant que 26 % de sa surface sont enc\u0153ur pour le Parc national de for\u00e9ts :Article 5 : La Directrice R\u00e9gionale de l'Alimentation, de l'Agriculture, et de la For\u00eat, et leDirecteur Territorial de l'Office National des For\u00eats sont charg\u00e9s, chacun en ce qui le concerne,de l'ex\u00e9cution du pr\u00e9sent arr\u00eat\u00e9, qui sera publi\u00e9 au recueil des actes administratifs de lapr\u00e9fecture de C\u00d4TE-D'OR.Besan\u00e7on, le OS fz}mju 2024Pour le Pr\u00e9fet de la R\u00e9gion Bourgogne-Franche-Comt\u00e9 et par d\u00e9l\u00e9gation.La Directrice R\u00e9gionale de l'Alimentation, de I'Agriculture et de la For\u00e9tet par subd\u00e9l\u00e9gation,L'adjoint au Chef du Service R\u00e9giona? de la For\u00e9t et du Bois\n/ /6 \u0391i/er\u0153 L}}l\\\u00e4B\u00e2f-:cR'\u00c8//'fi=\nDRAAF Bourgogne-Franche-Comt\u00e9 - 21-2024-02-05-00004 - Arr\u00eat\u00e9 portant approbation de l'am\u00e9nagement de la for\u00eat communale de\nTerrefondr\u00e9e pour la p\u00e9riode 2023-2042 avec application du 2\u00b0 de l'article L122-7 du code forestier 44\nDRAAF Bourgogne-Franche-Comt\u00e9 - 21-2024-02-05-00004 - Arr\u00eat\u00e9 portant approbation de l'am\u00e9nagement de la for\u00eat communale de\nTerrefondr\u00e9e pour la p\u00e9riode 2023-2042 avec application du 2\u00b0 de l'article L122-7 du code forestier 45\nDRAAF Bourgogne-Franche-Comt\u00e9\nService r\u00e9gional de la for\u00eat et du bois\n21-2024-02-05-00005\nArr\u00eat\u00e9 portant approbation de l'am\u00e9nagement\nde la for\u00eat communale de Val-Suzon pour la\np\u00e9riode 2023-2042 avec application du 2\u00b0 de\nl'article L122-7 du code forestier\nDRAAF Bourgogne-Franche-Comt\u00e9 - 21-2024-02-05-00005 - Arr\u00eat\u00e9 portant approbation de l'am\u00e9nagement de la for\u00eat communale de\nVal-Suzon pour la p\u00e9riode 2023-2042 avec application du 2\u00b0 de l'article L122-7 du code forestier 46\nP\u00cb\u00c9F\u00c6L\u00c9 ey Direction r\u00e9gionale de I'alimentation,SEF G de l'agriculture et de la for\u00e9tBOURGOGNE- . \u00bbFRANCHE-COMT\u00c9 Bourgogne-Franche-Comt\u00e9\u00cb\u00cb\u00cb-\u00cb Service r\u00e9gional de la for\u00eat et du boisFraternit\u00e9D\u00e9partement : C\u00d4TE-D'ORFor\u00eat communale de VAL-SUZONContenance cadastrale : 279,5358 haSurface de gestion : 279,53 haR\u00e9vision du document d'am\u00e9nagement :2023-2042Arr\u00eat\u00e9 d'am\u00e9nagement n\u00b0 Q A. 202L_-02-0%.0000 5portant approbation du document d'Am\u00e9nagement de la for\u00e9tcommunale de Val-Suzon pour la p\u00e9riode 2023-2042avec application du 2\u00b0 de l'article L122-7 du code forestierLe Pr\u00e9fet de la r\u00e9gionBOURGOGNE-FRANCHE-COMT\u00c9,Pr\u00e9fet de la C\u00f4te d'OrVU les articles L124-1,1\u00b0, L212-1, L212-2, D212-1, D212-2, R212-3, D212-5,2\u00b0, D214-15, etD214-16 du Code Forestier ;VU es articles L122-7, L122-8, R122-23 et R122-24 du Code Forestier ;VU les articles 1.341-1 et R341-9 du Code de l'Environnement ;VU es articles L414-4 et R414-19 du Code de l'Environnement ;VU l'article L621-32 et R621-96 du code du Patrimoine ;VU le sch\u00e9ma r\u00e9gional d'am\u00e9nagement de la r\u00e9gion Bourgogne, arr\u00eat\u00e9 en date du 05/12/2011 :VU l'autorisation du ministre de l'\u00e9cologie du d\u00e9veloppement durable et de l'\u00e9nergie en date du25/07/2023 ;VU la d\u00e9lib\u00e9ration du conseil municipal de Val-Suzon en date du 11/09/2023, vis\u00e9 par laPr\u00e9fecture de C\u00f4te d'Or le 15/09/2023, donnant son accord au projet d'am\u00e9nagementforestier qui lui a \u00e9t\u00e9 pr\u00e9sent\u00e9, et demandant le b\u00e9n\u00e9fice des articles L122-7 et L122-8 ducode forestier au titre de la r\u00e9glementation Natura 2000 et du Site class\u00e9 :VU le d\u00e9cret n\u00b0 2004-374 du 29 avril 2004 modifi\u00e9 relatif aux pouvoirs des pr\u00e9fets, \u00e0l'organisation et \u00e0 l'action des services de l'Etat dans les r\u00e9gions et d\u00e9partements ;VU le d\u00e9cret du 26 septembre 2022 nommant M. Franck ROBINE, pr\u00e9fet de la r\u00e9gion Bour-gogne-Franche-Comt\u00e9 :VU l'arr\u00eat\u00e9 pr\u00e9fectoral n\u00b0 22-631 BAG du 24 octobre 2022 portant d\u00e9l\u00e9gation de signature duPr\u00e9fet \u00e0 Madame Marie-Jeanne FOTRE \u2014 MULLER et la d\u00e9cision n\u00b02023-11 DRAAF-BFC du 31 octobre 2023, portant subd\u00e9l\u00e9gation \u00e0 Monsieur Pierre LAMBARE :SUR proposition du Directeur Territorial de l'Office National des For\u00eats ;SUR proposition de la Directrice R\u00e9gionale de I' Alimentation, de l'Agriculture et de la For\u00e9t :\nARR\u00caTEArticle 1\": La for\u00e9t communale de VAL-SUZON (C\u00d4TE-D'OR), d'une contenance de279,53 ha, est affect\u00e9e prioritairement \u00e0 la fonction de production ligneuse et \u00e0 la fonction\nDRAAF Bourgogne-Franche-Comt\u00e9 - 21-2024-02-05-00005 - Arr\u00eat\u00e9 portant approbation de l'am\u00e9nagement de la for\u00eat communale de\nVal-Suzon pour la p\u00e9riode 2023-2042 avec application du 2\u00b0 de l'article L122-7 du code forestier 47\n\u00e9cologique, tout en assurant sa fonction sociale, dans le cadre d'une gestion durablemuitifonctionnelle.Article 2 : Cette for\u00eat comprend une partie bois\u00e9e de 277,06 ha, actuellement compos\u00e9e deCh\u00eane sessile (46 %), Ch\u00e9ne pubescent (10 %), H\u00e9tre (9 %), Divers Feuillus (34 %), Pin noir d'Autriche (1 %). Le reste, soit 2,47 ha, est constitu\u00e9 d'emprises, pelouses, friches, \u00e9boulis, bancsde roches et culture \u00e0 gibier.Les peuplements susceptibles de production ligneuse seront trait\u00e9s en Taillis-sous-futaie (TSF)sur 181,76 ha, Futaie irr\u00e9guli\u00e8re dont conversion en futaie irr\u00e9guli\u00e8re sur 14,42 ha, Attente sanstraitement d\u00e9fini sur 6,14 ha.En dehors des surfaces consacr\u00e9es aux tests en gestion, les essences-objectif, qui d\u00e9terminent surle long terme les grands choix de gestion de ces peuplements, seront tr\u00e8s majoritairementfeuillues : prioritairement, le Ch\u00eane sessile et, dans une moindre mesure, le Tilleul \u00e0 grandesfeuilles, les \u00e9rables, les alisiers. N\u00e9anmoins, compte tenu de l'incertitude actuelle sur l'\u00e9volutiondes changements climatiques en cours, ces choix d'essences pourront \u00eatre modul\u00e9s en coursd'application de l'am\u00e9nagement pour assurer l'adaptation du choix de chaque essence-objectif,ou groupe d'essences-objectif, aux \u00e9volutions des connaissances en mati\u00e8re de changementsclimatiques et d'adaptation des essences \u00e0 ces changements.Sur les surfaces consacr\u00e9es aux tests en gestion pour l'adaptation des essences aux changementsclimatiques, les essences-objectif seront choisies au moment de la mise en \u0153uvre de cesplantations parmi un panel d'essences adapt\u00e9es au vu des connaissances actualis\u00e9es sur leschangements climatiques et sur le comportement de ces essences.Les autres essences seront favoris\u00e9es comme essences-objectif associ\u00e9es ou comme essencesd'accompagnement, dans la limite de leur adaptation aux conditions stationnelles futures.Article 3 : Pendant une dur\u00e9e de 20 ans (2023 \u2014 2042) :- I.a for\u00e9t sera divis\u00e9e en sept groupes de gestion := Un groupe de futaie irr\u00e9guli\u00e8re, d'une contenance de 14,42 ha en sylviculture, qui seraparcouru par des coupes visant \u00e0 se rapprocher d'une structure \u00e9quilibr\u00e9e, selon unerotation de 15 ans ;= Un groupe de taillis sous futaie, d'une contenance de 181,76 ha en sylviculture, quifera l'objet de coupes selon une rotation de 60 ans ;= Un groupe d'attente, d'une contenance de 6,14 ha en sylviculture, qui sera laiss\u00e9 encroissance libre sur la p\u00e9riode := Un groupe d'ilots de s\u00e9nescence, d'une contenance de 2,08 ha, qui sera laiss\u00e9 \u00e0 son\u00e9volution naturelle, au profit de la biodiversit\u00e9 ;= Un groupe d'int\u00e9r\u00eat \u00e9cologique g\u00e9n\u00e9ral d'une contenance de 72,54 ha, qui sera laiss\u00e9 \u00e0son \u00e9volution naturelle ;= Un groupe d'int\u00e9r\u00eat \u00e9cologique particulier d'une contenance de 1,94 ha, dans lequeldes travaux ou des coupes pour favoriser la biodiversit\u00e9 sont possibles ;= Un groupe constitu\u00e9 d'une emprise de ligne \u00e9lectrique, d'une contenance de 0,65 ha,qui sera laiss\u00e9 en l'\u00e9tat.- l'Office National des For\u00eats informera r\u00e9guli\u00e8rement le Conseil Municipal de la communede VAL SUZON de l'\u00e9tat de d\u00e9s\u00e9quilibre sylvo cyn\u00e9g\u00e9tique dans la for\u00eat entrainant la n\u00e9cessit\u00e9de prot\u00e9ger tous les plants qui pourraient \u00eatre mis en place, et ce dernier mettra en \u0153uvre toutesles mesures n\u00e9cessaires \u00e0 son r\u00e9tablissement suivant la capacit\u00e9 d'accueil, et en s'assurant en par-ticulier que le niveau des demandes de plans de chasse concernant la for\u00eat est adapt\u00e9 compte tenude I'\u00e9volution des populations de grand gibier et des d\u00e9g\u00e2ts constat\u00e9s sur les peuplements;- les mesures d\u00e9finies par les consignes nationales de gestion visant \u00e0 la pr\u00e9servation de labiodiversit\u00e9 courante (notamment la conservation d'arbres isol\u00e9s \u00e0 cavit\u00e9s, morts, ou s\u00e9nescents)\nDRAAF Bourgogne-Franche-Comt\u00e9 - 21-2024-02-05-00005 - Arr\u00eat\u00e9 portant approbation de l'am\u00e9nagement de la for\u00eat communale de\nVal-Suzon pour la p\u00e9riode 2023-2042 avec application du 2\u00b0 de l'article L122-7 du code forestier 48\nainsi qu'a la pr\u00e9servation des sols et des eaux de surface, seront syst\u00e9matiquement mises enCeuvre.\nArticle 4 : Le document d'am\u00e9nagement de la for\u00eat communale de VAL-SUZON, pr\u00e9sentementarr\u00eat\u00e9, est approuv\u00e9 par application du 2\u00b0 de l'article L122-7 du code forestier, pour le programmede coupes et de travaux sylvicoles :- \u00e0 la ZPS n\u00b0FR2600957 \u00ab Milieux forestiers, prairies et pelouses de la Vall\u00e9e du Suzon \u00bb,instaur\u00e9e au titre de la Directive europ\u00e9enne \u00ab Oiseaux \u00bb ; consid\u00e9rant que la for\u00eat est situ\u00e9e pour16 % de sa surface dans le site NATURA 2000 ;- de la r\u00e9glementation propre au site class\u00e9 \u00ab Val-Suzon \u00bb qui englobe la totalit\u00e9 de la for\u00eat.Article 5 : La Directrice R\u00e9gionale de l'Alimentation, de l'Agriculture, et de la For\u00eat, et leDirecteur Territorial de l'Office National des For\u00eats sont charg\u00e9s, chacun en ce qui le concerne,de l'ex\u00e9cution du pr\u00e9sent arr\u00eat\u00e9, qui sera publi\u00e9 au recueil des actes administratifs de lapr\u00e9fecture de COTE-D'OR.Besan\u00e7on, le $ (FI'W\u0152\"\u2014 2okPour le Pr\u00e9fet de la R\u00e9gion Bourgogne-Franche-Comt\u00e9 et par d\u00e9l\u00e9gation,La Directrice R\u00e9gionale de l'Alimentation, de l'Agriculture et de la For\u00eatet par subd\u00e9l\u00e9gation,L'adjoint au Chef du Service R\u00e9gionalde _lq)For\u00eat et du Bois\nDRAAF Bourgogne-Franche-Comt\u00e9 - 21-2024-02-05-00005 - Arr\u00eat\u00e9 portant approbation de l'am\u00e9nagement de la for\u00eat communale de\nVal-Suzon pour la p\u00e9riode 2023-2042 avec application du 2\u00b0 de l'article L122-7 du code forestier 49\nDRAAF Bourgogne-Franche-Comt\u00e9 - 21-2024-02-05-00005 - Arr\u00eat\u00e9 portant approbation de l'am\u00e9nagement de la for\u00eat communale de\nVal-Suzon pour la p\u00e9riode 2023-2042 avec application du 2\u00b0 de l'article L122-7 du code forestier 50\nDREAL Ile-de-France\n21-2024-02-02-00005\nArr\u00eat\u00e9 n\u00b0 IDF-2024-02-02-00001 pr\u00e9cisant les\ndispositions d'encadrement de la p\u00eache des\npoissons migrateurs du bassin Seine-Normandie\npour la p\u00e9riode 2024-2025.\nDREAL Ile-de-France - 21-2024-02-02-00005 - Arr\u00eat\u00e9 n\u00b0 IDF-2024-02-02-00001 pr\u00e9cisant les dispositions d'encadrement de la p\u00eache des\npoissons migrateurs du bassin Seine-Normandie pour la p\u00e9riode 2024-2025. 51\nPR\u00c9FET |DE LA R\u00c9GIOND'\u00ceLE-DE-FRANCELibert\u00e9Egalit\u00e9Fraternit\u00e9\nDirection r\u00e9gionale et interd\u00e9partementale\nde l'environnement, de l'am\u00e9nagement\net des transports d'\u00cele-de-France\nARR\u00caT\u00c9 N\u00b0    \npr\u00e9cisant les dispositions d'encadrement de la p\u00eache des poissons migrateurs\ndu bassin Seine-Normandie pour la p\u00e9riode 2024-2025\nLE PR\u00c9FET DE LA R\u00c9GION D'\u00ceLE-DE-FRANCE\nPR\u00c9FET DE PARIS\nPR\u00c9FET COORDONNATEUR DU BASSIN SEINE-NORMANDIE\nCOMMANDEUR DE LA L\u00c9GION D'HONNEUR\nOFFICIER DE L'ORDRE NATIONAL DU M\u00c9RITE\nVU le code de l'environnement, livre IV, titre III, parties l\u00e9gislatives et r\u00e9glementaires  ; notamment le\nchapitre VI et l'article R. 436-6 ;\nVU le code des transports, livre III, titre III, chapitre III portant r\u00e8glement g\u00e9n\u00e9ral de police des ports\nmaritimes ;\nVU le d\u00e9cret du 22 juillet 2020 portant nomination de Monsieur Marc GUILLAUME en qualit\u00e9 de pr\u00e9fet\nde la r\u00e9gion d'\u00cele-de-France, pr\u00e9fet de Paris ;\nVU l'arr\u00eat\u00e9 minist\u00e9riel du 26 novembre 1987 fixant la liste des cours d'eau ou parties de cours d'eau\nclass\u00e9s comme cours d'eau \u00e0 truite de mer ;\nVU l'arr\u00eat\u00e9 minist\u00e9riel du 26 novembre 1987 fixant la liste des cours d'eau ou parties de cours d'eau\nclass\u00e9s comme cours d'eau \u00e0 saumon ;\nVU  l'arr\u00eat\u00e9  interminist\u00e9riel  du  28  octobre  2013  modifi\u00e9  relatif  aux  dates  de  p\u00eache  de  l'anguille\neurop\u00e9enne (Anguilla anguilla) de moins de 12 centim\u00e8tres ;\nVU  l'arr\u00eat\u00e9  interminist\u00e9riel  du  5  f\u00e9vrier  2016  modifi\u00e9  relatif  aux  p\u00e9riodes  de  p\u00eache  de  l'anguille\neurop\u00e9enne (Anguilla anguilla) aux stades d'anguille jaune et d'anguille argent\u00e9e ; \nVU l'arr\u00eat\u00e9 minist\u00e9riel du 1er juillet 2019 portant approbation de la d\u00e9lib\u00e9ration n\u00b0  B37/2019 du Comit\u00e9\nnational des p\u00eaches maritimes et des \u00e9levages marins fixant les conditions d'exercice de la p\u00eache dans\nles estuaires et de la p\u00eache des poissons amphihalins (CMEA) ;\nVU l'arr\u00eat\u00e9 minist\u00e9ri el d u 19 juin 2023 portant nouvelles dates de p\u00eache de l'anguille europ\u00e9enne\n(Anguilla anguilla) au stade d'anguille jaune en domaine maritime en Atlantique ;\nVU l'arr\u00eat\u00e9 minist\u00e9riel du 3 ao\u00fbt 2023 portant approbation de la d\u00e9lib\u00e9ration n\u00b0  B58/2023 du Comit\u00e9\nnational des p\u00eaches maritimes et des \u00e9levages marins portant contingent de licences et de droits\nd'acc\u00e8s aux bassins pour la p\u00eache dans les estuaires et la p\u00eache des poissons amphihalins (CMEA) pour\nla p\u00e9riode 2023-2024 ;\nVU l'arr\u00eat\u00e9 minist\u00e9riel du 19 octobre 2023 portant nouvelles dates de p\u00eache de l'anguille europ\u00e9enne\n(Anguilla  anguilla)  aux  stades  d'anguille  de  moins  de  douze  centim\u00e8tres  en  domaine  maritime  en\nAtlantique ;\nVU  l'arr\u00eat\u00e9  pr\u00e9fectoral  n\u00b0 DEDD-08-0101  du  23  janvier  2008  portant  interdiction  de  la  p\u00eache  des\nanguilles (Anguilla anguilla) dans les eaux maritimes littorales du d\u00e9partement de la Seine-Maritime et\ndans le fleuve Seine en vue de la consommation et de la commercialisation ;\n1/8\nIDF-2024-02-02-00001\nDREAL Ile-de-France - 21-2024-02-02-00005 - Arr\u00eat\u00e9 n\u00b0 IDF-2024-02-02-00001 pr\u00e9cisant les dispositions d'encadrement de la p\u00eache des\npoissons migrateurs du bassin Seine-Normandie pour la p\u00e9riode 2024-2025. 52\nVU  l'arr\u00eat\u00e9 pr\u00e9fectoral du 25 janvier 2008 portant interdiction de la p\u00eache des anguilles ( Anguilla\nanguilla) dans les eaux maritimes littorales du d\u00e9partement du Calvados et dans le fleuve Seine en vue\nde la consommation et de la commercialisation ;\nVU  l'arr\u00eat\u00e9 pr\u00e9fectoral  n\u00b0 DDSV-08-104  du 16  juillet  2008  interdisant,  en vue de la consommation\nhumaine ou animale, la p\u00eache, la d\u00e9tention, le d\u00e9barquement, le transport, la cession \u00e0 titre on\u00e9reux\nou gratuit des anguilles (Anguilla anguilla) de taille \u00e9gale ou sup\u00e9rieure \u00e0 12 cm dans le d\u00e9partement de\nl'Eure ;\nVU l'arr\u00eat\u00e9 pr\u00e9fectoral permanent modifi\u00e9 du 07 mars 2016 r\u00e9glementant l'exercice de la p\u00eache en eau\ndouce dans le d\u00e9partement du Calvados ;\nVU  l'arr\u00eat\u00e9 inter-pr\u00e9fectoral n\u00b0 \u00a0IDF-2016-06-16-005 du 16 juin 2016 pr\u00e9cisant les limites de l'unit\u00e9 de\ngestion de l'anguille du bassin Seine-Normandie ;\nVU l'arr\u00eat\u00e9 pr\u00e9fectoral n\u00b0\u00a0IDF-2021-12-20-00007 du 20 d\u00e9cembre 2021 approuvant le plan de gestion des\npoissons migrateurs du bassin Seine-Normandie pour la p\u00e9riode 2022-2027 ;\nVU  l'arr\u00eat\u00e9  pr\u00e9fectoral  n\u00b0 IDF-2022-02-07-00005  du  07  f\u00e9vrier  2022  pr\u00e9cisant  les  dispositions\nd'encadrement de la p\u00eache des poissons migrateurs du bassin Seine-Normandie pour la p\u00e9riode 2022-\n2023 ;\nVU  l'arr\u00eat\u00e9 pr\u00e9fectoral n\u00b0 IDF-2022-07-19-00005 du 19 juillet 2022 de monsieur le pr\u00e9fet de la r\u00e9gion\nd'\u00cele-de-France  portant  d\u00e9l\u00e9gation  de  signature  \u00e0  Mme  Emmanuelle  GAY,  directrice  r\u00e9gionale  et\ninterd\u00e9partementale  de  l'environnement,  de  l'am\u00e9nagement  et  des  transports  d'\u00cele-de-France,\nd\u00e9l\u00e9gu\u00e9e de bassin Seine-Normandie, en mati\u00e8re administrative ;\nVU l 'arr\u00eat\u00e9 pr\u00e9fectoral  n\u00b0 148/2023  du 29 ao\u00fbt  2023  rendant  obligatoire  la d\u00e9lib\u00e9ration n\u00b0  2023/E-\nCMEA-13 r\u00e9glementant la p\u00eache des esp\u00e8ces estuariennes et des poissons amphihalins dans la partie\nmaritime  des  fleuves  et  rivi\u00e8res  de  Normandie  du  Comit\u00e9  r\u00e9gional  des  p\u00eaches  maritimes  et  des\n\u00e9levages marins (CRPMEM) de Normandie ;\nVU la  consultation  des  membres  du  comit\u00e9  de  gestion  des  poissons  migrateurs  du  bassin  Seine-\nNormandie (COGEPOMI) et l'avis rendu par le COGEPOMI en pl\u00e9ni\u00e8re du 28 novembre 2023 ;\nVU les  avis des f\u00e9d\u00e9rations d\u00e9partementales de p\u00eache et de protection du milieu aquatique de la\nr\u00e9gion Normandie et de la Somme ;\nVU la consultation du public r\u00e9alis\u00e9e entre le 27 d\u00e9cembre 2023 et le 17 janvier 2024 inclus\u00a0;\nCONSID\u00c9RANT  la n\u00e9cessit\u00e9 de pr\u00e9server certaines esp\u00e8ces amphihalines au regard de leur \u00e9tat de\nconservation, en particulier les saumons, les aloses et les lamproies, en limitant leurs captures ;\nCONSID\u00c9RANT que, dans l 'attente des r\u00e9sultats de l'\u00e9tude RENOSAUM (R\u00e9novation de la strat\u00e9gie de\ngestion du saumon) men\u00e9e sur le bassin Seine-Normandie, il convient de reconduire les dispositions de\nl'arr\u00eat\u00e9 n\u00b0 IDF-2022-02-07-00005 du 07 f\u00e9vrier 2022 relatives au saumon pour une p\u00e9riode de deux ans\n(2024-2025), \u00e0 l'exception de la Vire et de la Touques compte tenu de la fragilit\u00e9 des populations de\nsaumons sur ces cours d'eau ; \nSUR  proposition  de  la  directrice  r\u00e9gionale  et  interd\u00e9partementale  de  l'environnement,  de\nl'am\u00e9nagement et des transports d'\u00cele-de-France, d\u00e9l\u00e9gu\u00e9e de bassin Seine Normandie\u00a0;\nARR\u00caTE\nArticle 1 : Champ d'application\nLes dispositions d'encadrement de l'exercice de la p\u00eache des poissons migrateurs amphihalins arr\u00eat\u00e9es\npour la p\u00e9riode  2024-2025 par le pr\u00e9sident du comit\u00e9 de gestion des poissons migrateurs du bassin\nSeine-Normandie, \u00e0 destination des pr\u00e9fets de d\u00e9partement d'une part, et au pr\u00e9fet de la r\u00e9gion\nNormandie,  comp\u00e9tent  en  mati\u00e8re  de  p\u00eache  maritime  d'autre  part,  sont  expos\u00e9es  ci-apr\u00e8s.  Ces\ndispositions sont valables pour les ann\u00e9es 2024 \u00e0 2025.\nLes  dispositions  ci-apr\u00e8s  doivent  \u00eatre  consid\u00e9r\u00e9es  comme  des  mesures  a  minima.  Les  pr\u00e9fets  de\nd\u00e9partement ou le pr\u00e9fet de r\u00e9gion comp\u00e9tent en mati\u00e8re de p\u00eache maritime sont habilit\u00e9s \u00e0 prendre\n2/8\nDREAL Ile-de-France - 21-2024-02-02-00005 - Arr\u00eat\u00e9 n\u00b0 IDF-2024-02-02-00001 pr\u00e9cisant les dispositions d'encadrement de la p\u00eache des\npoissons migrateurs du bassin Seine-Normandie pour la p\u00e9riode 2024-2025. 53\ndes mesures plus limitatives que celles expos\u00e9es dans les tableaux d\u00e9partementaux en particulier pour\nl'application de l'article R. 436-57 du code de l'environnement sur les p\u00e9riodes d'ouverture de la p\u00eache\net ce, en fonction du contexte local.\nSeul  l'article  R. 436-63  du  code  de  l'environnement,  sur  la  limitation  de  p\u00eache  par  les  totaux\nadmissibles de captures (TAC) et les quotas \u00e9ventuels li\u00e9s, rel\u00e8ve exclusivement de la comp\u00e9tence du\npr\u00e9fet coordonnateur de bassin, pr\u00e9sident du comit\u00e9 de gestion des poissons migrateurs.\nEn tout \u00e9tat de cause, les pr\u00e9fets sont invit\u00e9s \u00e0 rendre compte de la transcription des mesures \u00e9dict\u00e9es\npar le comit\u00e9 de gestion des poissons migrateurs ou de leur renforcement \u00e9ventuel aupr\u00e8s du Pr\u00e9fet\ncoordonnateur de bassin, pr\u00e9sident dudit comit\u00e9. Le pr\u00e9fet de r\u00e9gion comp\u00e9tent en mati\u00e8re de p\u00eache\nmaritime veille \u00e0 adopter des p\u00e9riodes d'ouverture de la p\u00eache des poissons migrateurs amphihalins en\naval de la limite de salure des eaux (LSE) qui soient identiques \u00e0 celles applicables \u00e0 la p\u00eache en eau\ndouce.\nArticle 2     :   P\u00e9riodes d'ouvertures g\u00e9n\u00e9rales\nA/ ANGUILLES\nEn eau douce  : amont de la\nlimite de salure des eaux (LSE)\nEn eau saum\u00e2tre  : entre LSE et limite de\nl'unit\u00e9 de gestion anguille (UGA) Seine-\nNormandie\nAnguille < 12 cm\n(civelle) P\u00eache interdite\nP\u00eache de loisir interdite\nP\u00eache professionnelle \u00e0 pied interdite\nP\u00eache professionnelle embarqu\u00e9e :\nAutoris\u00e9e du 1er f\u00e9vrier au 15 avril\nLes  captures  r\u00e9alis\u00e9es  durant  certaines\np\u00e9riodes  d\u00e9finies  par  arr\u00eat\u00e9  minist\u00e9riel  ne\npeuvent \u00eatre commercialis\u00e9es qu'au titre du\nquota et sous-quota destin\u00e9 au march\u00e9 du\nrepeuplement.\nSeuls les p\u00eacheurs professionnels embarqu\u00e9s\ntitulaires d'une licence CMEA (contingent\u00e9e)\net d'un droit de p\u00eache sp\u00e9cifique  \u00ab civelle \u00bb\npeuvent  pr\u00e9tendre  exercer  cette  p\u00eache\nuniquement \u00e0 bord de leur embarcation.\nLe COGEPOMI prend acte de l'existence d'un\nsous-contingent  de  9  droits  de  p\u00eache\nsp\u00e9cifique  \u00ab civelles \u00bb dans les estuaires sur\nsa  juridiction  pour  la  p\u00e9riode  2023-2024\n(licences CMEA).\nAnguille argent\u00e9e P\u00eache interdite toute l'ann\u00e9e\nAnguille jaune Cours d'eau en 1re cat\u00e9gorie : du\n2e samedi de mars au 15 juillet\nCours d'eau en 2e cat\u00e9gorie : du\n15 f\u00e9vrier au 15 juillet\nP\u00eache de loisir de nuit interdite\nLa p\u00eache de l'anguille jaune est\ninterdite sur la Touques.\nP\u00eache de loisir interdite\nP\u00eache professionnelle \u00e0 pied interdite\nP\u00eache professionnelle embarqu\u00e9e :\nAutoris\u00e9e du 15 f\u00e9vrier 2024 au 31 mai 2024\nLa  p\u00eache  de  l'anguille  jaune  est  interdite\ndans les d\u00e9partements de la Seine-Maritime\net du Calvados jusqu'au port d'Arromanches.\n3/8\nDREAL Ile-de-France - 21-2024-02-02-00005 - Arr\u00eat\u00e9 n\u00b0 IDF-2024-02-02-00001 pr\u00e9cisant les dispositions d'encadrement de la p\u00eache des\npoissons migrateurs du bassin Seine-Normandie pour la p\u00e9riode 2024-2025. 54\nL'anguille jaune est interdite \u00e0 la\nconsommation,  \u00e0  la  d\u00e9tention,\nau transport, \u00e0 la vente ou \u00e0 la\ncession  dans  les  d\u00e9partements\nde l'Eure et  de Seine-Maritime .\nToute anguille  captur\u00e9e  doit\n\u00eatre  imm\u00e9diatement  remise  \u00e0\nl'eau.\nSeuls les p\u00eacheurs professionnels embarqu\u00e9s\ntitulaires d'une licence CMEA (contingent\u00e9e)\net d'un droit de p\u00eache sp\u00e9cifique  \u00ab Anguille\njaune \u00bb peuvent  pr\u00e9tendre  exercer  cette\np\u00eache  uniquement  \u00e0  bord  de  leur\nembarcation. \nLe COGEPOMI prend acte de l 'existence d'un\nsous-contingent  de  5  droits  de  p\u00eache\nsp\u00e9cifique  \u00ab  anguille  jaune  \u00bb  dans  les\nestuaires sous sa juridiction pour la p\u00e9riode\n2023-2024 (licences CMEA).\nCes dates sont susceptibles d'\u00eatre modifi\u00e9es au cours de la p\u00e9riode 2024-2025 par de nouveaux arr\u00eat\u00e9s\nnationaux qui s'imposeront au pr\u00e9sent arr\u00eat\u00e9.\nLa p\u00eache de loisir de l'anguille en domaine maritime en aval de la LSE est interdite \u00e0 tous ses stades de\nd\u00e9veloppement.\nB/ ALOSES (alose feinte et grande alose)\nEn eau douce (amont de la LSE), l'ouverture de la p\u00eache est permanente sur tout le bassin, except\u00e9e\ndans les d\u00e9partements :\n\u2022 de la Manche et du Calvados, o\u00f9 ses p\u00e9riodes de p\u00eache sont fix\u00e9es entre le 1er avril et le 15 juillet par\nles pr\u00e9fets de d\u00e9partement comp\u00e9tents ;\n\u2022 du bassin de la Seine jusqu 'au barrage de Suresnes (Hauts-de-Seine) et de l'Oise, o\u00f9 il est demand\u00e9\naux pr\u00e9fets de d\u00e9partements d' interdire la p\u00eache de l'alose , compte tenu de la chute des effectifs\ndepuis 3 ans.\nEn eau saum\u00e2tre (aval de la LSE), la p\u00eache est autoris\u00e9e toute l'ann\u00e9e. Pour la p\u00eache professionnelle,\nseuls les p\u00eacheurs professionnels titulaires d'une licence CMEA (contingent\u00e9e) et d'un droit de p\u00eache\nsp\u00e9cifique \u00ab Autres esp\u00e8ces amphihalines \u00bb peuvent pr\u00e9tendre exercer cette p\u00eache.\nC/ LAMPROIES (lamproie marine et lamproie fluviatile)\nLa p\u00eache des lamproies est  interdite sur tout le bassin  en eau douce (amont de la LSE) et en eau\nsaum\u00e2tre (aval de la LSE), compte tenu de la chute des effectifs ces derni\u00e8res ann\u00e9es.\nArticle 3 : P\u00e9riodes d'ouvertures et limitations de p\u00eache sp\u00e9cifiques du Saumon Atlantique (SAT) et de\nla Truite de Mer (TRM)\n\uf0b7 Limitations de la p\u00eache du saumon Atlantique\nLa p\u00eache au saumon est autoris\u00e9e sur les cours d'eau du bassin Seine-Normandie pour lesquels un Total\nautoris\u00e9 de capture (TAC) a \u00e9t\u00e9 d\u00e9fini. Pour ces cours d'eau, en cas d'atteinte du TAC, la p\u00eache du\nsaumon est ferm\u00e9e. \u00c0 d\u00e9faut de TAC, la p\u00eache au saumon est interdite.\nLe TAC concerne les saumons ayant s\u00e9journ\u00e9 plusieurs hivers en mer (SAT PHM) et les saumons ayant\npass\u00e9 un seul hiver en mer (castillons). Ces saumons sont distingu\u00e9s comme suit :\n\uf0b7 cours d'eau de la Manche et du Calvados  : les saumons de printemps (SAT PHM) mesurent plus\nde 67 cm - les castillons mesurent jusqu'\u00e0 67 cm inclus.\n\uf0b7 cours d'eau de la Seine-Maritime : les saumons de printemps (SAT PHM) mesurent plus de 70 cm\n- les castillons mesurent jusqu'\u00e0 70 cm inclus.\nDes quotas individuels annuels fixant un nombre maximal de saumons par p\u00eacheur, au-del\u00e0 duquel le\np\u00eacheur  n'est  plus  autoris\u00e9  \u00e0  poursuivre  la  p\u00eache  au  saumon,  peuvent  \u00eatre  instaur\u00e9s  par  arr\u00eat\u00e9\npr\u00e9fectoral d\u00e9partemental.\n4/8\nDREAL Ile-de-France - 21-2024-02-02-00005 - Arr\u00eat\u00e9 n\u00b0 IDF-2024-02-02-00001 pr\u00e9cisant les dispositions d'encadrement de la p\u00eache des\npoissons migrateurs du bassin Seine-Normandie pour la p\u00e9riode 2024-2025. 55\n\uf0b7 Modalit\u00e9s de d\u00e9clarations des captures :\nConform\u00e9ment \u00e0 l'article R.  436-65 du code de l'environnement, toute personne qui est en action de\np\u00eache  du  saumon  Atlantique  doit  d\u00e9tenir  une  marque  d'identification  non  utilis\u00e9e et  son  carnet\nnominatif de p\u00eache. D\u00e8s la capture d'un saumon, et avant de le transporter, elle doit fixer sur le\npoisson une marque d'identification et remplir toutes les rubriques de son carnet nominatif. Chaque\ncapture doit \u00eatre t\u00e9l\u00e9-d\u00e9clar\u00e9e sur le site www.declarationpeche.fr dans un d\u00e9lai maximal de deux jours\nouvr\u00e9s suivant la date de capture du saumon.\n\uf0b7 P\u00e9riodes d'ouverture de la p\u00eache : \nLes p\u00e9riodes d'ouverture de la p\u00eache pour le SAT et la TRM, ainsi que les valeurs des diff\u00e9rents TAC\nsont fournies dans le tableau de synth\u00e8se ci-dessous.\nAmont LSE et estuaire (entre LSE et LTM)\nP\u00e9riode d'ouverture SAT et TRM\n(SAT PHM = SAT de printemps) TAC et quotas\nD\u00c9PARTEMENT DE LA MANCHE (SAT PHM = SAT > 67 cm)\nSaumon Atlantique :\nSaumons de printemps PHM (plus de 67     cm)     :  \n- SEE, SELUNE, SIENNE : du 2\u00e8me samedi de mars au \n2\u00e8me dimanche de juin\n- VIRE : du dernier samedi d'avril au 2\u00e8me dimanche \nde juin\n- AUTRES COURS D'EAU : p\u00eache interdite\nCastillons (de 50     cm \u00e0 67     cm)     :  \n- SEE, SELUNE, SIENNE, VIRE : du 2\u00e8me samedi de \njuillet au 3\u00e8me dimanche de septembre\n- AUTRES COURS D'EAU : p\u00eache interdite\nTotal admissible de captures pour SAT en \nnombre d'\u0153ufs / SAT PHM / castillons\n- Mise en place d'un TAC commun SEE-\nSELUNE :\n1 236 365 / 105 / 535\n- SIENNE : 689 568 / 52 / 322\n- VIRE : 127 642/ 0 / 60\n(*)\nTruite de mer :\n- VIRE : du dernier samedi d'avril au 3 \u00e8me dimanche\nde septembre\n- AUTRES COURS D'EAU  : forte recommandation de\nsynchronisation  des  dates  d'ouverture  et  de\nfermeture notamment dans le cas d'une fermeture\nSAT une fois le quota atteint\nD\u00c9PARTEMENT DU CALVADOS (SAT PHM = SAT > 67 cm)\nSaumon Atlantique :\n- TOUQUES : du dernier samedi d'avril au dernier \ndimanche d'octobre\n- VIRE : dispositions identiques \u00e0 celles du \nd\u00e9partement de la Manche (ci-dessus)\n- AUTRES COURS D'EAU : p\u00eache interdite\nTotal  admissible  de  captures  pour  SAT  en\nnombre d'\u0153ufs / SAT PHM / castillons\n- TOUQUES : 25 381 / 0 / 8\n(*)\nTruite de mer :\n-  TOUQUES,  DIVES,  ORNE,  SEULLES :  du  dernier\nsamedi d'avril au dernier dimanche d'octobre\n- VIRE : dispositions identiques \u00e0 celles du \nd\u00e9partement de la Manche (ci-contre)\n- AUTRES COURS D'EAU : du dernier samedi d'avril \nau 3\u00e8me dimanche de septembre\nD\u00c9PARTEMENT DE L'ORNE\nSaumon  Atlantique  et  truite  de  mer \u00a0:  p\u00eache\ninterdite\n5/8\nDREAL Ile-de-France - 21-2024-02-02-00005 - Arr\u00eat\u00e9 n\u00b0 IDF-2024-02-02-00001 pr\u00e9cisant les dispositions d'encadrement de la p\u00eache des\npoissons migrateurs du bassin Seine-Normandie pour la p\u00e9riode 2024-2025. 56\nD\u00c9PARTEMENT DE L'EURE (sans axe Seine)\nSaumon Atlantique : p\u00eache interdite\nTruite de mer  : du dernier samedi d'avril au dernier\ndimanche d'octobre\n(*)\nD\u00c9PARTEMENT DE LA SEINE-MARITIME ET DE LA SOMME (sans axe Seine)\n(SAT PHM = SAT > 70 cm)\nSaumon Atlantique :\n- BRESLE et  BASSIN  DE l'ARQUES  (Arques,  Eaulne,\nB\u00e9thune,  Varenne)  :  du  dernier  samedi  d'avril  au\ndernier dimanche d'octobre.\n- AUTRES COURS D'EAU : p\u00eache interdite.\nTAC conservatoire pour SAT PHM / castillons :\n- ARQUES : 2 / 8 \n- BRESLE : 2 / 8 \n(*)\nTruite de mer  : du dernier samedi d'avril au dernier\ndimanche d'octobre.\nConform\u00e9ment au r\u00e8glement particulier de police du port du Tr\u00e9port, toute p\u00eache est interdite\nsur le canal entre la station salmonicole de Eu et le Tr\u00e9port.\nForte recommandation d'interdiction de la p\u00eache au ver lors de la prolongation automnale (apr\u00e8s\nla fermeture g\u00e9n\u00e9rale en premi\u00e8re cat\u00e9gorie).\nAXE SEINE DANS LES D\u00c9PARTEMENTS DE L'EURE ET DE LA SEINE-MARITIME\nSaumon Atlantique : p\u00eache interdite\nTruite de mer  : du dernier samedi d'avril au dernier\ndimanche d'octobre\n(*)\nAUTRES D\u00c9PARTEMENTS DU BASSIN\nSaumon Atlantique et truite de mer\u00a0: p\u00eache interdite.\n(*) A d\u00e9faut de TAC, la p\u00eache au saumon est interdite.\nPour  l'ensemble  des  d\u00e9partements,  le  port  et  l'usage  de  la  gaffe  est  interdit  pour  la  p\u00eache  des\nsalmonid\u00e9s migrateurs.\nEn eau saum\u00e2tre (aval de la LSE), les p\u00eacheurs professionnels pouvant pr\u00e9tendre exercer la p\u00eache des\nsalmonid\u00e9s migrateurs doivent \u00eatre titulaires d'une licence CMEA (contingent\u00e9e) et d'un droit de p\u00eache\nsp\u00e9cifique  \u00ab Salmonid\u00e9s  migrateurs \u00bb.  Chaque  capture  doit  \u00eatre  marqu\u00e9e  \u00e0  l'aide  d'une  marque\nsp\u00e9ciale num\u00e9rot\u00e9e \u00e9dit\u00e9e par le CNPMEM.\nArticle 4 : Tailles minimales de capture\nLes poissons des esp\u00e8ces pr\u00e9cis\u00e9es ci-apr\u00e8s ne peuvent  \u00eatre p\u00each\u00e9s et doivent \u00eatre remis \u00e0 l'eau\nimm\u00e9diatement apr\u00e8s leur capture si leur longueur est inf\u00e9rieure \u00e0 :\n\uf0b7 35 cm pour la truite de mer\n\uf0b7 50 cm pour le saumon Atlantique\n\uf0b7 30 cm pour les aloses\n6/8\nDREAL Ile-de-France - 21-2024-02-02-00005 - Arr\u00eat\u00e9 n\u00b0 IDF-2024-02-02-00001 pr\u00e9cisant les dispositions d'encadrement de la p\u00eache des\npoissons migrateurs du bassin Seine-Normandie pour la p\u00e9riode 2024-2025. 57\nArticle 5 : R\u00e9serves de p\u00eache\n- Arr\u00eat\u00e9 pr\u00e9fectoral n\u00b0134/2022 du 05 septembre 2022 portant mises en r\u00e9serves de p\u00eache pour\nles poissons migrateurs dans la r\u00e9gion Normandie\nManche :\n- Arr\u00eat\u00e9 minist\u00e9riel du 1er octobre 1984 cr\u00e9ant une r\u00e9serve de p\u00eache salmonid\u00e9s (SAT/TRM) dans\nla partie Est de la baie du Mont-Saint-Michel\n- Arr\u00eat\u00e9 minist\u00e9riel du 24 f\u00e9vrier 1982 cr\u00e9ant des mises en r\u00e9serve dans la partie maritime de la\nVire, la Sienne et la Soulles\n-\nCalvados :\n- Arr\u00eat\u00e9 minist\u00e9riel du 12 octobre 1984 instituant deux r\u00e9serves de p\u00eache dans la partie maritime\nde la rivi\u00e8re Orne\n- Arr\u00eat\u00e9 pr\u00e9fectoral n\u00b0134/2022 du 05 septembre 2022 portant mises en r\u00e9serves de p\u00eache pour\nles poissons migrateurs dans la r\u00e9gion Normandie\n- Arr\u00eat\u00e9 pr\u00e9fectoral du 03 mars 2023 modifiant l 'arr\u00eat\u00e9 pr\u00e9fectoral permanent du 07 mars 2016\nr\u00e9glementant l'exercice de la p\u00eache en eau douce dans le d\u00e9partement du Calvados\n-\nSeine-Maritime :\n- Arr\u00eat\u00e9 minist\u00e9riel du 18 mai 1984 cr\u00e9ant des r\u00e9serves de p\u00eache dans la zone maritime des\nrivi\u00e8res Y\u00e8res, Scie, Saane, Durdent, le Dun et dans une partie des ports de F\u00e9camp, de Dieppe\net du Tr\u00e9port\n- Arr\u00eat\u00e9  pr\u00e9fectoral  du  11  f\u00e9vrier  1992  relatif  la  protection  des  poissons  migrateurs  \u00e0\nl'embouchure des rivi\u00e8res de la r\u00e9gion Haute-Normandie\n- Arr\u00eat\u00e9  pr\u00e9fectoral  du  12  f\u00e9vrier  1992  relatif  \u00e0  la  protection  des  salmonid\u00e9s  migrateurs  \u00e0\nl'embouchure des rivi\u00e8res de la r\u00e9gion de Haute-Normandie, interdisant la p\u00eache au filet dans\nles parties de rivage et parties maritimes des rivi\u00e8res Y\u00e8res, Scie, Saane, Durdent et le Dun, et\ninterdisant toute p\u00eache dans une partie du port du Tr\u00e9port\n- Arr\u00eat\u00e9 du 26 ao\u00fbt 2021 autorisant la mise en place d'une r\u00e9serve temporaire de p\u00eache sur le\nport de F\u00e9camp de 2022 \u00e0 2026\nSeine-Maritime et Somme :\n- Arr\u00eat\u00e9 inter-pr\u00e9fectoral du 21 d\u00e9cembre 2023 portant prorogation jusqu 'au 31 d\u00e9cembre 2024\nde l'arr\u00eat\u00e9 du 27 janvier 2020 instaurant une r\u00e9serve temporaire de p\u00eache sur la Bresle (canal\nentre la ville du Tr\u00e9port et la ville d'Eu)\nEure :\n- Arr\u00eat\u00e9 pr\u00e9fectoral du 19 f\u00e9vrier 2018 cr\u00e9ant une r\u00e9serve de p\u00eache dans la Risle maritime\nArticle 6 : D\u00e9lais et voies de recours\nLe pr\u00e9sent arr\u00eat\u00e9 peut faire l'objet, dans un d\u00e9lai de deux mois \u00e0 compter de sa date de publication :\n\u2022 d'un recours gracieux, adress\u00e9 \u00e0 Monsieur le Pr\u00e9fet de la r\u00e9gion \u00cele-de-France, coordonnateur du\nbassin Seine-Normandie ;\n\u2022 d'un recours hi\u00e9rarchique, adress\u00e9 \u00e0 Monsieur le Ministre de la transition \u00e9cologique et de la\ncoh\u00e9sion des territoires ;\n\u2022 d'un recours contentieux, en saisissant le tribunal administratif de Paris (7 Rue de Jouy, 75004\nParis). Le tribunal administratif peut \u00e9galement \u00eatre saisi via le site Internet : www.telerecours.fr\nDans les deux premiers cas, le silence de l'administration vaut rejet implicite au terme d'un d\u00e9lai de\ndeux mois. Apr\u00e8s un recours gracieux ou hi\u00e9rarchique, le d\u00e9lai du recours contentieux ne court qu'\u00e0\ncompter du rejet explicite ou implicite de l'un de ces recours.\n7/8\nDREAL Ile-de-France - 21-2024-02-02-00005 - Arr\u00eat\u00e9 n\u00b0 IDF-2024-02-02-00001 pr\u00e9cisant les dispositions d'encadrement de la p\u00eache des\npoissons migrateurs du bassin Seine-Normandie pour la p\u00e9riode 2024-2025. 58\nArticle 7 : Ex\u00e9cution et publication\nLes  pr\u00e9fets  des  d\u00e9partements  du  bassin  Seine-Normandie,  le  pr\u00e9fet,  le  secr\u00e9taire  g\u00e9n\u00e9ral  de  la\npr\u00e9fecture  de  la  r\u00e9gion  d'\u00cele-de-France  et  la  directrice  r\u00e9gionale  et  interd\u00e9partementale  de\nl'environnement,  de  l'am\u00e9nagement et  des  transports d'\u00cele-de-France,  d\u00e9l\u00e9gu\u00e9e  de  bassin  Seine-\nNormandie, sont charg\u00e9s, chacun en ce qui le concerne, de l'ex\u00e9cution du pr\u00e9sent arr\u00eat\u00e9 qui sera\npubli\u00e9 au recueil des actes administratifs de la pr\u00e9fecture de la r\u00e9gion d'\u00cele-de-France et de ceux des\npr\u00e9fectures de d\u00e9partement du bassin.\nFait \u00e0 Paris, le 02 f\u00e9vrier 2024\nLe Pr\u00e9fet de la r\u00e9gion d'\u00cele-de-France\nPr\u00e9fet de Paris\nPr\u00e9fet coordonnateur du bassin Seine-Normandie,\npar d\u00e9l\u00e9gation la Directrice r\u00e9gionale et\ninterd\u00e9partementale de l'environnement, de\nl'am\u00e9nagement et des transports d'\u00cele-de-France,\nD\u00e9l\u00e9gu\u00e9e de bassin\nSign\u00e9\nEmmanuelle GAY\n8/8\nDREAL Ile-de-France - 21-2024-02-02-00005 - Arr\u00eat\u00e9 n\u00b0 IDF-2024-02-02-00001 pr\u00e9cisant les dispositions d'encadrement de la p\u00eache des\npoissons migrateurs du bassin Seine-Normandie pour la p\u00e9riode 2024-2025. 59\nDRFiP Bourgogne Franche-Comt\u00e9\n21-2024-02-06-00002\nD\u00e9l\u00e9gation \u00e9valuation\ndomaniale/assiette/recouvrement\nDRFiP Bourgogne Franche-Comt\u00e9 - 21-2024-02-06-00002 - D\u00e9l\u00e9gation \u00e9valuation domaniale/assiette/recouvrement 60\nREPUBLIQUEFRANCAISELibert\u00e9Egalit\u00e9Fraternit\u00e9\nTFINANCES PUBLIQUES\nDIRECTION G\u00c9N\u00c9RALE DES FINANCES PUBLIQUES \nDIRECTION R\u00c9GIONALE DES FINANCES PUBLIQUES DE BOURGOGNE-\nFRANCHE-COMT\u00c9 ET DU D\u00c9PARTEMENT DE LA C\u00d4TE-D'OR\nL'administratrice de l'Etat, \ndirectrice r\u00e9gionale des finances publiques de Bourgogne-Franche-Comt\u00e9 et du\nd\u00e9partement de la C\u00f4te-d'Or\nVU le code g\u00e9n\u00e9ral de la propri\u00e9t\u00e9 des personnes publiques, notamment ses articles\nD. 1212-25, D. 2312-8, D. 3221-4, D. 3221-16, D. 3222-1 et D. 4111-9 ;\nVU le d\u00e9cret n\u00b0 2004-374 du 29 avril 2004 modifi\u00e9 relatif aux pouvoirs des pr\u00e9fets,\n\u00e0  l'organisation  et  \u00e0  l'action  des  services  de  l'Etat  dans  les  r\u00e9gions  et  d\u00e9partements,\nnotamment le 3\u00b0 du I de l'article 33 ;\nVU le d\u00e9cret n\u00b0 2008-309 du 3 avril 2008 portant dispositions transitoires relatives\n\u00e0 la direction g\u00e9n\u00e9rale des finances publiques ;\nVU le d\u00e9cret n\u00b0 2009-707 du 16 juin 2009 relatif aux services d\u00e9concentr\u00e9s de la\ndirection g\u00e9n\u00e9rale des finances publiques, notamment ses articles 3 et 4 modifi\u00e9s par le d\u00e9cret\nn\u00b0 2017-1255 du 8 ao\u00fbt 2017 relatif aux missions d'\u00e9valuations domaniales et de politique\nimmobili\u00e8re des services d\u00e9concentr\u00e9s de la direction g\u00e9n\u00e9rale des finances publiques;\nVU l'arr\u00eat\u00e9 du ministre de l'action et des comptes publics du 8 ao\u00fbt 2017 relatif \u00e0\nl'organisation des missions d'\u00e9valuations domaniales.\nVU le d\u00e9cret n\u00b0 2011-1612 du 22 novembre 2011 relatif aux premi\u00e8res, deuxi\u00e8me,\ntroisi\u00e8me et quatri\u00e8me parties r\u00e9glementaires du code g\u00e9n\u00e9ral de la propri\u00e9t\u00e9 des personnes\npubliques ;\nVU le  d\u00e9cret  du  5  d\u00e9cembre  2022  portant  nomination  de  Mme  H\u00e9l\u00e8ne\nCROCQUEVIEILLE, administratrice de  l'Etat,  en  qualit\u00e9  de  directrice  r\u00e9gionale  des  finances\npubliques de Bourgogne-Franche-Comt\u00e9 et du d\u00e9partement de la C\u00f4te-d'Or ;\nVU la d\u00e9cision du directeur g\u00e9n\u00e9ral des finances publiques en date du 5 d\u00e9cembre 2022\nfixant au 20 d\u00e9cembre 2022   la date d'installation de Mme H\u00e9l\u00e8ne CROCQUEVIEILLE dans les\nfonctions  de  directrice  r\u00e9gionale  des  finances  publiques  de  Bourgogne-Franche-Comt\u00e9  et  du\nd\u00e9partement de la C\u00f4te-d'Or ;\nARR\u00caTE\nArticle     1  er   : D\u00e9l\u00e9gation  de signature  est donn\u00e9e dans les  conditions et  limites  fix\u00e9es par la\npr\u00e9sente d\u00e9cision en son article 2, \u00e0 l'effet de :\n1 - \u00e9mettre, au nom de l'administration, les avis d'\u00e9valuation domaniale ;\n2  -  fixer  l'assiette  et  liquider  les  conditions  financi\u00e8res  des  op\u00e9rations  de  gestion  et\nd'ali\u00e9nation des biens de l'\u00c9tat ;\nDRFiP Bourgogne Franche-Comt\u00e9 - 21-2024-02-06-00002 - D\u00e9l\u00e9gation \u00e9valuation domaniale/assiette/recouvrement 61\n3 - suivre les instances relatives \u00e0 l'assiette et au recouvrement des produits et redevances\ndomaniaux  ainsi  qu'au  recouvrement  de  toutes  sommes  quelconques  dont  la  perception\nincombe au comptable charg\u00e9 des produits domaniaux (articles R. 2331-5, R. 2331-6 et 3\u00b0 de\nl'article R. 2331-1 du code g\u00e9n\u00e9ral de la propri\u00e9t\u00e9 des personnes publiques).\nArticle 2.  : La d\u00e9l\u00e9gation vis\u00e9e \u00e0 l'article 1 er s'exercera dans les limites indiqu\u00e9es au profit des\nd\u00e9l\u00e9gataires suivants :\n Point 1 : \u00e9valuations\nMme Dominique DIMEY, \nadministratrice de l'Etat\nRe\u00e7oit d\u00e9l\u00e9gation \u00e0 hauteur de :\n-  2 500 000 \u20ac  (deux millions cinq cent\nmille  euros)  pour  les  \u00e9valuations  en\nvaleur v\u00e9nale ;\n- 200 000 \u20ac (deux cent mille euros) pour\nles estimations en valeur locative.\nRe\u00e7oit d\u00e9l\u00e9gation sans limitation de montant\nen cas d'emp\u00eachement ou d'absence de Mme\nH\u00e9l\u00e8ne CROCQUEVIEILLE\nM. \u00c9tienne LEPAGE,\nadministrateur de l'Etat\nM. Jean-Luc GRANDJACQUET, \nadministrateur de l'Etat\nMme Armelle BURDY,\nadministratrice de l'Etat\nRe\u00e7oivent  d\u00e9l\u00e9gation  sans  limitation  de\nmontant en cas d'emp\u00eachement ou d'absence\nde Mme H\u00e9l\u00e8ne CROCQUEVIEILLE  et de\nMme Dominique DIMEY.\nMme Val\u00e9rie HENRY, \nadministratrice des finances publiques adjointe\nRe\u00e7oit d\u00e9l\u00e9gation \u00e0 hauteur de :\n1 000 000 \u20ac  (un million d'euros) pour\nles \u00e9valuations en valeur v\u00e9nale \n76  000  \u20ac (soixante  seize  mille  euros)\npour les estimations en valeur locative.\nM. Val\u00e9ry JEANNIN, chef de service comptable \ndes finances publiques\nMme Marie-Th\u00e9r\u00e8se DARREAU, Inspecteur \ndivisionnaire des finances publiques\nRe\u00e7oivent  d\u00e9l\u00e9gation  \u00e0  hauteur  des\nmontants fix\u00e9s pour Mme Val\u00e9rie HENRY\nen  cas  d'emp\u00eachement  ou  d'absence  de\ncelle-ci.\nM. Cl\u00e9ment BOUVOT,\ninspecteur des finances publiques\nM. Yves-Gr\u00e9gory DELPLANQUE,\ninspecteur des finances publiques\nMme Emmanuelle DEHEDIN-SAUVANET,\ninspectrice des finances publiques\nM. Laurent DUCHATEL,\ninspecteur des finances publiques\nMme Florie DAVID,\ninspectrice des finances publiques\nRe\u00e7oivent  d\u00e9l\u00e9gation  pour  \u00e9mettre\nexclusivement,  au  nom  de  l'administration,\nles avis d'\u00e9valuation domaniale \u00e0 hauteur de :\n500 000 \u20ac  (cinq cents mille euros) pour\nles \u00e9valuations en valeur v\u00e9nale ;\n30 000 \u20ac  (trente mille  euros) pour les\n\u00e9valuations en valeur locative.\nDRFiP Bourgogne Franche-Comt\u00e9 - 21-2024-02-06-00002 - D\u00e9l\u00e9gation \u00e9valuation domaniale/assiette/recouvrement 62\n5igh\u00ae\n- Points 2 et 3 : \nMme Dominique DIMEY, \nadministratrice de l'Etat\nM. \u00c9tienne LEPAGE, \nadministrateur de l'Etat\nMme Armelle BURDY,\nadministratrice de l'Etat\nM. Val\u00e9ry JEANNIN, chef de service \ncomptable des finances publiques\nMme Marie-Th\u00e9r\u00e8se DARREAU,   \ninspectrice divisionnaire des finances publiques\nRe\u00e7oivent  d\u00e9l\u00e9gation  avec  facult\u00e9  pour  chacun\nd'eux d'agir s\u00e9par\u00e9ment et sur sa seule signature.\nArticle  3     :   N'entrent  pas dans le  cadre de  cette  d\u00e9l\u00e9gation  les \u00e9valuations  exceptionnelles  ou\nsensibles, en raison de la personnalit\u00e9 du consultant ou d'\u00e9ventuelles implications \u00e9trang\u00e8res \u00e0\nl'\u00e9valuation proprement dite.\nArticle 4     : Toutes dispositions ant\u00e9rieures \u00e0 celles du pr\u00e9sent arr\u00eat\u00e9 sont abrog\u00e9es.\nArticle 5     :    Le pr\u00e9sent arr\u00eat\u00e9  sera publi\u00e9 au Recueil des actes administratifs et affich\u00e9 dans les\nlocaux  de  la  Direction  r\u00e9gionale  des  finances  publiques  de  Bourgogne  Franche-Comt\u00e9  et  du\nd\u00e9partement de la C\u00f4te-d'Or.\nFait \u00e0 Dijon, le 6 f\u00e9vrier 2024\nH\u00e9l\u00e8ne CROCQUEVIEILLE\nDRFiP Bourgogne Franche-Comt\u00e9 - 21-2024-02-06-00002 - D\u00e9l\u00e9gation \u00e9valuation domaniale/assiette/recouvrement 63\nPr\u00e9fecture de la C\u00f4te-d'Or\n21-2024-02-05-00008\nArr\u00eat\u00e9 pr\u00e9fectoral n\u00b0 262 du 5 f\u00e9vrier 2024\nd\u00e9limitant la zone de protection de l'aire\nd'alimentation du captage de la source Sous\nMoulin du Mont situ\u00e9e sur la commune de Minot\net exploit\u00e9e par la mairie de Minot. \nPr\u00e9fecture de la C\u00f4te-d'Or - 21-2024-02-05-00008 - Arr\u00eat\u00e9 pr\u00e9fectoral n\u00b0 262 du 5 f\u00e9vrier 2024 d\u00e9limitant la zone de protection de\nl'aire d'alimentation du captage de la source Sous Moulin du Mont situ\u00e9e sur la commune de Minot et exploit\u00e9e par la mairie de\nMinot. \n64\nPREFETDE LACOTE-D'ORL'z'bert\u00e9Egalit\u00e9Fraternit\u00e9\nDirection d\u00e9partementale des territoires\nde la C\u00f4te-d'Or\nAffaire suivie par :\nService de l'eau et des risques\nBureau  pr\u00e9servation de la qualit\u00e9 de l'eau \net des milieux aquatiques\nT\u00e9l : 03.80. 29 42 22\nm\u00e9l :  ddt-ser-ope@cote-dor.gouv.fr\nArr\u00eat\u00e9 pr\u00e9fectoral n\u00b0 262 du 5 f\u00e9vrier 2024 \n d\u00e9limitant la zone de protection de l'aire d'alimentation du captage de la source Sous\nMoulin du Mont situ\u00e9e sur la commune de Minot  et exploit\u00e9e par la mairie de Minot\nLe Pr\u00e9fet de la C\u00f4te-d'Or\nVU la directive 2000/60/CE du parlement europ\u00e9en et du conseil du 23 octobre 2000 \u00e9tablissant\nun cadre pour une politique communautaire dans le domaine de l'eau et notamment les articles 6\net 7 ;\nVU la directive 2006/118/CE  du parlement europ\u00e9en et du conseil  du 12 d\u00e9cembre 2006 sur la\nprotection des eaux souterraines contre la pollution et la d\u00e9t\u00e9rioration ;\nVU le code de l'environnement et notamment les articles L 120-1, L 211-1 \u00e0 L211-3, L211-7 et L212-1 ;\nVU le code rural et de la p\u00eache maritime et notamment les articles R114-1 \u00e0 R114-10 ;\nVU   l'arr\u00eat\u00e9 du 23 mars 2022 portant approbation du sch\u00e9ma directeur d'am\u00e9nagement et de\ngestion des eaux (SDAGE) du bassin Seine-Normandie et arr\u00eatant le programme pluriannuel de\nmesures ;\nVU l'avis de la chambre d'agriculture de C\u00f4te-d'Or du 15 janvier 2024  ;\nVU l'avis de l'agence r\u00e9gionale de sant\u00e9 de Bourgogne-Franche-Comt\u00e9 du 6 d\u00e9cembre 2023;\nVU l'avis de l' EPAGE SEQUANA du 16 janvier 2024;\nVU l a  synth\u00e8se  des  observations  du  public  d\u00e9pos\u00e9e  lors  de  la  consultation  r\u00e9alis\u00e9e  du  23\nnovembre 2023 au 22 d\u00e9cembre 2023 ;\n1\nDirection d\u00e9partementale des territoires de la C\u00f4te-d'Or\n57 , rue de Mulhouse - BP 53317 - 21033 Dijon CEDEX\nT\u00e9l. : 03 80 29 44 44\nCourriel : ddt@cote-dor.gouv.fr - Site internet : \nhttp://www.cote-dor.gouv.fr\nPr\u00e9fecture de la C\u00f4te-d'Or - 21-2024-02-05-00008 - Arr\u00eat\u00e9 pr\u00e9fectoral n\u00b0 262 du 5 f\u00e9vrier 2024 d\u00e9limitant la zone de protection de\nl'aire d'alimentation du captage de la source Sous Moulin du Mont situ\u00e9e sur la commune de Minot et exploit\u00e9e par la mairie de\nMinot. \n65\nVU l'avis du comit\u00e9 d\u00e9partemental de l'environnement et des risques sanitaires et technologiques\n(CODERST) du 19 d\u00e9cembre 2023 ;\nCONSIDERANT que l'autorit\u00e9 administrative peut d\u00e9limiter afin d'y \u00e9tablir un programme\nd'actions, des zones o \u00f9 il est n\u00e9cessaire d'assurer la protection quantitative et qualitative\ndes aires d' alimentation de s captages d'eau potable d'une importance particuli\u00e8re pour\nl'approvisionnement actuel et futur ;\nCONSIDERANT que la qualit\u00e9 de l'eau de la source est d\u00e9grad\u00e9e par des concentrations\nen  nitrates  r\u00e9guli\u00e8rement  sup\u00e9rieures  \u00e0  50  mg/L  depuis  2016,  des  concentrations  en\nbentazone ayant d\u00e9pass\u00e9 la norme des 0,1 g/L en 2019 ainsi que la pr\u00e9sence de plusieurs\u00b5\nmol\u00e9cules en quantit\u00e9 inf\u00e9rieure \u00e0 la norme des 0,1 g/L\u00b5  ;\nCONSIDERANT que la source Sous Moulin du Mont est concern\u00e9e par une proc\u00e9dure pr\u00e9-\ncontentieuse engag\u00e9e par la commission europ\u00e9enne contre la France ;\nCONSIDERANT que les \u00e9tudes hydrog\u00e9ologiques, r\u00e9alis\u00e9es, sous ma\u00eetrise d'ouvrage de la\ncommune,  par  le  bureau  d'\u00e9tudes  Sciences  Environnement,  finalis\u00e9es  en  2020  et  le\ndiagnostic agricole, r\u00e9alis\u00e9 par la chambre d'agriculture de C\u00f4te-d'Or, transmis en 2021\nont permis d'identifier une zone d'action pertinente pour l'application du programme\nd'action ;\nCONSIDERANT qu' \u00e0 toutes fins utiles, il convient de d\u00e9limiter l'aire d'alimentation du\ncaptage et sa zone de protection ;\nSUR proposition du secr\u00e9taire g\u00e9n\u00e9ral de la pr\u00e9fecture de la C\u00f4te-d'Or ;\nA R R \u00ca T E\nARTICLE 1er : Aire d'alimentation de captage\nL' aire d' alimentation du captage (A.A.C.) de la source Sous Moulin du Mont a une superficie de 95\nhectares et s'\u00e9tend sur les communes de Minot et Salives.\nARTICLE 2 : Zone protection de l'aire d'alimentation de captage\nLa zone de protection de l'aire d'alimentation  du captage (ZPAAC)  d e la source Sous\nMoulin  du  Mont,  situ\u00e9e sur  la  commune  de  Minot  est  d\u00e9limit\u00e9e conform\u00e9ment  au\ndocument graphique joint en  annexe au pr\u00e9sent arr\u00eat\u00e9. Elle correspond int\u00e9gralement \u00e0\nl'aire d'alimentation du captage de la source Sous Moulin d'une surface de 95 hectares. \nCette zone de protection de l'aire d'alimentation de captage pourra faire l'objet d'un programme\nd'action  agricole  pour  la  protection  des  eaux  destin\u00e9es  \u00e0  la  consommation  humaine,\nconform\u00e9ment aux articles R114-6 \u00e0 R114-10 du code rural.\n2\nDirection d\u00e9partementale des territoires de la C\u00f4te-d'Or\n57 , rue de Mulhouse - BP 53317 - 21033 Dijon CEDEX\nT\u00e9l. : 03 80 29 44 44\nCourriel : ddt@cote-dor.gouv.fr - Site internet : \nhttp://www.cote-dor.gouv.fr\nPr\u00e9fecture de la C\u00f4te-d'Or - 21-2024-02-05-00008 - Arr\u00eat\u00e9 pr\u00e9fectoral n\u00b0 262 du 5 f\u00e9vrier 2024 d\u00e9limitant la zone de protection de\nl'aire d'alimentation du captage de la source Sous Moulin du Mont situ\u00e9e sur la commune de Minot et exploit\u00e9e par la mairie de\nMinot. \n66\nARTICLE 3:  Voies et d\u00e9lais de recours\nLe pr\u00e9sent arr\u00eat\u00e9 peut faire l'objet d'un recours contentieux devant le tribunal administratif de\nDijon dans un d\u00e9lai de deux mois \u00e0 compter de sa publication au recueil des actes administratifs\nde la pr\u00e9fecture de la C\u00f4te-d'Or.\nLe tribunal administratif peut \u00eatre saisi par un recours d\u00e9pos\u00e9 via l'application T\u00e9l\u00e9recours citoyens\naccessible par le site internet www.telerecours.fr.\nARTICLE 4 : Publication et information des tiers\nLe pr\u00e9sent arr\u00eat\u00e9 sera notifi\u00e9 \u00e0 la commune de Minot, ma\u00eetre d'ouvrage, charge \u00e0 elle, en cas de\ntransfert de comp\u00e9tence, de transmettre le pr\u00e9sent arr\u00eat\u00e9 au nouveau ma\u00eetre d'ouvrage.\nIl sera publi\u00e9 au recueil des actes administratifs de la pr\u00e9fecture de la C\u00f4te-d'Or et mis \u00e0 la\ndisposition du public sur le portail des services de l'\u00c9tat en C\u00f4te-d'Or pendant une dur\u00e9e minimale\nd'un an.\nIl sera affich\u00e9 en mairie dans les communes de Minot et Salives.\nARTICLE 5 : Ex\u00e9cution\nLe secr\u00e9taire g\u00e9n\u00e9ral de la pr\u00e9fecture de la C\u00f4te-d'Or, la directrice d\u00e9partementale des territoires\nde la C\u00f4te-d'Or, les maires de Minot et Salives sont charg\u00e9s, chacun en ce qui le concerne, de\nl'ex\u00e9cution du pr\u00e9sent arr\u00eat\u00e9 . \nLe Pr\u00e9fet\npour le pr\u00e9fet et par d\u00e9l\u00e9gation\nLe secr\u00e9taire g\u00e9n\u00e9ral\nSign\u00e9\nYohann MOUGENOT\n3\nPr\u00e9fecture de la C\u00f4te-d'Or - 21-2024-02-05-00008 - Arr\u00eat\u00e9 pr\u00e9fectoral n\u00b0 262 du 5 f\u00e9vrier 2024 d\u00e9limitant la zone de protection de\nl'aire d'alimentation du captage de la source Sous Moulin du Mont situ\u00e9e sur la commune de Minot et exploit\u00e9e par la mairie de\nMinot. \n67\nPr\u00e9fecture de la C\u00f4te-d'Or\nDirection des Collectivit\u00e9s locales et des\nElections \n21-2024-02-06-00004\nArr\u00eat\u00e9 pr\u00e9fectoral n\u00b0 294 portant\nrenouvellement des membres de la commission\nd\u00e9partementales de conciliation en mati\u00e8re de\nbaux d'immeubles ou locaux \u00e0 usage\ncommercial, industriel ou artisanal\nPr\u00e9fecture de la C\u00f4te-d'Or - 21-2024-02-06-00004 - Arr\u00eat\u00e9 pr\u00e9fectoral n\u00b0 294 portant renouvellement des membres de la commission\nd\u00e9partementales de conciliation en mati\u00e8re de baux d'immeubles ou locaux \u00e0 usage commercial, industriel ou artisanal 68\nExPREFETDE LACOTE-D'ORLibert\u00e9Egalit\u00e9Fraternit\u00e9\nSECR\u00c9TARIAT G\u00c9N\u00c9RAL\nDirection des Collectivi\u00e9s Locales et des Elections\nBureau des \u00e9lections et de la r\u00e9glementation\nAffaire suivie par : Delphine CHERDON\nT\u00e9l : 03 80 44 65 42\nm\u00e9l : delphine.cherdon@cote-dor.gouv.fr\nARRETE PREFECTORAL N\u00b0 294 du 6 f\u00e9vrier 2024\nportant renouvellement des membres de la commission d\u00e9partementale de conciliation en mati\u00e8re de\nbaux d'immeubles ou locaux \u00e0 usage commercial, industriel ou artisanal  \nLe Pr\u00e9fet de la r\u00e9gion Bourgogne-Franche-Comt\u00e9\nPr\u00e9fet de la C\u00f4te-d'Or\nVU le code de commerce et notamment les articles L.145-35, D.145-12 \u00e0 D. 145-19 ;\nVU la loi n\u00b0 88-18 du 5 janvier 1988 relative au renouvellement des baux commerciaux ;\nVU le d\u00e9cret n\u00b0 88-694 du 9 mai 1988 relatif aux commissions d\u00e9partementales de\nconciliation  en  mati\u00e8re  de  baux  d'immeubles  ou  locaux  \u00e0  usage  commercial,  industriel  ou\nartisanal ;\nVU l'arr\u00eat\u00e9  pr\u00e9fectoral  n\u00b0  1198  du  9  d\u00e9cembre  2020  portant  renouvellement  des\nmembres de la commission d\u00e9partementale de conciliation en mati\u00e8re de baux d'immeubles ou\nlocaux \u00e0 usage commercial, industriel ou artisanal ;\nVU les d\u00e9signations faites par la Chambre de Commerce et d'Industrie de C\u00f4te-d'Or\net par la Chambre de M\u00e9tiers et de l'Artisanat R\u00e9gion Bourgogne Franche-Comt\u00e9 ;\nVU les d\u00e9signations faites par la  Chambre  Syndicale des  Agents  Immobiliers de la\nC\u00f4te-d'Or et par la Chambre Syndicale des Propri\u00e9taires et Copropri\u00e9taires de C\u00f4te-d'Or ;\nVU la candidature de M. Guy BORNOT  ;\nVU la candidature de Mme Chantal DUBREUIL ;\nSUR proposition du Secr\u00e9taire G\u00e9n\u00e9ral de la pr\u00e9fecture de la C\u00f4te d'Or ;\nA R R E T E\nPr\u00e9fecture de la C\u00f4te-d'Or \n53 rue de la Pr\u00e9fecture - 21041 DIJON cedex\nt\u00e9l : 03 80 44 64 00 \nSite internet : http://www.cote-dor.gouv.fr\nPr\u00e9fecture de la C\u00f4te-d'Or - 21-2024-02-06-00004 - Arr\u00eat\u00e9 pr\u00e9fectoral n\u00b0 294 portant renouvellement des membres de la commission\nd\u00e9partementales de conciliation en mati\u00e8re de baux d'immeubles ou locaux \u00e0 usage commercial, industriel ou artisanal 69\nArticle 1er :  La commission d\u00e9partementale de conciliation en mati\u00e8re de baux d'immeubles ou\nlocaux \u00e0 usage commercial, industriel ou artisanal de C\u00f4te d'Or est renouvel\u00e9e comme\nsuit :\nPour les repr\u00e9sentants qualifi\u00e9s     :\nPr\u00e9sident t  itulaire   : M. Guy BORNOT\nPr\u00e9sidente s  uppl\u00e9ant  e   : Mme Chantal DUBREUIL\nPour les repr\u00e9sentants des locataires     :\nMembres d\u00e9sign\u00e9s par la Chambre de Commerce et d'Industrie de C\u00f4te-d'Or\nTitulaire : M. Vincent LONGUEVILLE\nSuppl\u00e9ant : M. Michael RENAUD\nMembres d\u00e9sign\u00e9s par la    C  hambre de    M  \u00e9tiers et de l'  A  rtisanat    R\u00e9gion   Bourgogne Franche-\nComt\u00e9\nTitulaire : Mme Ghyslaine LANCLUME\nSuppl\u00e9ant  e   : Mme Elisabeth MAYOL\nPour les repr\u00e9sentants des bailleurs     : \nMembres d\u00e9sign\u00e9s par la Chambre Syndicale des Agents Immobiliers de la C\u00f4te-d'Or\nTitulaire : M. Philippe MAITRE\nSuppl\u00e9ant : M. Fr\u00e9d\u00e9ric POUHIN\nMembres d\u00e9sign\u00e9s par la Chambre Syndicale des Propri\u00e9taires et Copropri\u00e9taires de C\u00f4te-\nd'Or\nTitulaire : M. Patrick RAISON\nSuppl\u00e9ant : M. Claude NADIN\nArticle 2  : Les membres de la commission d\u00e9partementale de conciliation en mati\u00e8re de baux\nd'immeubles ou locaux \u00e0 usage commercial, industriel ou artisanal de C\u00f4te d'Or sont\nnomm\u00e9s pour une dur\u00e9e de trois ans renouvelable, \u00e0 compter du pr\u00e9sent arr\u00eat\u00e9.\nArticle 3 : L'arr\u00eat\u00e9 pr\u00e9fectoral n\u00b0 1198 du 9 d\u00e9cembre 2020 portant renouvellement des membres\nde la commission d\u00e9partementale de conciliation en mati\u00e8re de baux d'immeubles ou\nlocaux \u00e0 usage commercial, industriel ou artisanal est abrog\u00e9.\nArticle 4  : L e Secr\u00e9taire  G\u00e9n\u00e9ral de la pr\u00e9fecture de la C\u00f4te-d'Or est charg\u00e9 de l'ex\u00e9cution du\npr\u00e9sent arr\u00eat\u00e9 qui sera publi\u00e9 au recueil des actes administratifs de la pr\u00e9fecture de la\nC\u00f4te-d'Or  et  dont  copie  sera  transmise  aux  membres  titulaires  et  suppl\u00e9ants,  aux\norganismes qui ont \u00e9t\u00e9 appel\u00e9s \u00e0 d\u00e9signer des repr\u00e9sentants, \u00e0 Madame la Pr\u00e9sidente du\nTribunal Judiciaire de Dijon et \u00e0 Monsieur le Ministre de l'Economie, des Finances et de la\nSouverainet\u00e9 industrielle et num\u00e9rique.\nFait \u00e0 Dijon, le 6 f\u00e9vrier 2024\nLe Pr\u00e9fet,\nPour le Pr\u00e9fet et par d\u00e9l\u00e9gation,\nLe Secr\u00e9taire G\u00e9n\u00e9ral\n                                                       Sign\u00e9         Johann MOUGENOT\nPr\u00e9fecture de la C\u00f4te-d'Or \n53 rue de la Pr\u00e9fecture - 21041 DIJON cedex\nt\u00e9l : 03 80 44 64 00 \nSite internet : http://www.cote-dor.gouv.fr\nPr\u00e9fecture de la C\u00f4te-d'Or - 21-2024-02-06-00004 - Arr\u00eat\u00e9 pr\u00e9fectoral n\u00b0 294 portant renouvellement des membres de la commission\nd\u00e9partementales de conciliation en mati\u00e8re de baux d'immeubles ou locaux \u00e0 usage commercial, industriel ou artisanal 70\nExPREFETDE LACOTE-D'ORLibert\u00e9Egalit\u00e9Fraternit\u00e9\nSECR\u00c9TARIAT G\u00c9N\u00c9RAL\nDirection des Collectivi\u00e9s Locales et des Elections\nPr\u00e9fecture de la C\u00f4te-d'Or \n53 rue de la Pr\u00e9fecture - 21041 DIJON cedex\nt\u00e9l : 03 80 44 64 00 \nSite internet : http://www.cote-dor.gouv.fr\nPr\u00e9fecture de la C\u00f4te-d'Or - 21-2024-02-06-00004 - Arr\u00eat\u00e9 pr\u00e9fectoral n\u00b0 294 portant renouvellement des membres de la commission\nd\u00e9partementales de conciliation en mati\u00e8re de baux d'immeubles ou locaux \u00e0 usage commercial, industriel ou artisanal 71","date":"2024-02-07","first_seen_on":"2025-09-14T08:18:37+00:00","id":"870266e3d7b8ae1403f9ba7692c5923a209e2108ef9241d7ce4fc4bd88d4476a","name":"RAA n\u00b0 028 du 07 f\u00e9vrier 2024","pdf_creation_date":"2024-02-07T15:01:05+00:00","pdf_modification_date":null,"timezone":"Europe/Paris","url":"https://www.cote-dor.gouv.fr/contenu/telechargement/20610/157813/file/recueil-21-2024-028-recueil-des-actes-administratifs-special.pdf"}
