{"administration":"pref21","administration_name":"Pr\u00e9fecture de C\u00f4te-d\u2019Or","content":"PR\u00c9FET\nDE LA C\u00d4TE-D'OR\nRECUEIL DES ACTES\nADMINISTRATIFS SP\u00c9CIAL\nN\u00b021-2025-127\nPUBLI\u00c9 LE 18 SEPTEMBRE 2025\nSommaire\nDirection d\u00e9partementale des territoires de la C\u00f4te-d'Or / Service\nS\u00e9curit\u00e9 et Education Routi\u00e8re\n21-2025-09-15-00005 - AP 1423 20250915 RAA M274\nCampagneRenouvellementSignalisationHorizontaleS39 (10 pages) Page 3\nPr\u00e9fecture de la C\u00f4te-d'Or / Direction des Collectivit\u00e9s locales et des\nElections\n21-2025-07-10-00007 - Arr\u00eat\u00e9 pr\u00e9fectoral 1414  portant\nRENOUVELLEMENT de l'habilitation de la soci\u00e9t\u00e9 Pompes Fun\u00e8bres\nMichel GREY (2 pages) Page 14\nPr\u00e9fecture de la C\u00f4te-d'Or / Direction des s\u00e9curit\u00e9s\n21-2025-09-17-00003 - Arr\u00eat\u00e9 pr\u00e9fectoral N\u00b01422 portant interdiction\ntemporaire d'un festival de Black Metal n\u00e9onazi (3 pages) Page 17\n2\nDirection d\u00e9partementale des territoires de la\nC\u00f4te-d'Or\nService S\u00e9curit\u00e9 et Education Routi\u00e8re\n21-2025-09-15-00005\nAP 1423 20250915 RAA M274\nCampagneRenouvellementSignalisationHorizont\naleS39\nDirection d\u00e9partementale des territoires de la C\u00f4te-d'Or - 21-2025-09-15-00005 - AP 1423 20250915 RAA M274\nCampagneRenouvellementSignalisationHorizontaleS39 3\nzsPREFETDELACOTE-D'ORLibert\u00e9Egalit\u00e9Fraternit\u00e9\nDirection d\u00e9partementale des territoires\nde la C\u00f4te-d'Or\nService de la S\u00e9curit\u00e9 et de l'\u00c9ducation Routi\u00e8re\nBureau de la S\u00e9curit\u00e9 Routi\u00e8re\n Dijon, le 15 septembre 2025    \nArr\u00eat\u00e9 N\u00b0 1423\nportant r\u00e9glementation temporaire de la circulation pour la r\u00e9alisation de travaux de \nrenouvellement de signalisation horizontale sur la M274 dans les 2 sens de circulation du \nPR0+000 au PR 12+000 sur les communes de Longvic, Dijon, Ruffey-les-Echirey, Ahuy, \nFontaine-les-Dijon, Daix, Talant, Plombi\u00e8res-les-Dijon et Saint-Apollinaire.\nLe pr\u00e9fet de la C\u00f4te-d'Or\nVU le Code de la Route ;\nVU le Code de la Voirie Routi\u00e8re ;\nVU la loi n\u00b02022-217 du 21 f\u00e9vrier 2022 relative \u00e0 la diff\u00e9renciation, la d\u00e9centralisation, la  \nd\u00e9concentration et portant diverses mesures de simplification de l'action publique locale ;\nVU le d\u00e9cret en Conseil d'\u00c9tat du 6 f\u00e9vrier 1980 d\u00e9clarant d'utilit\u00e9 publique la construction \nde la rocade Est de Dijon et lui conf\u00e9rant le statut de route express ;\nVU le d\u00e9cret 2009- 615 du 3 juin 2009 modifi\u00e9, fixant la liste des routes class\u00e9es \u00e0 grande  \ncirculation ;\nVU le d\u00e9cret n\u00b02022-459 du 30 mars 2022 fixant la liste des voies non conc\u00e9d\u00e9es du  \ndomaine  public  routier  national  qui  peuvent  \u00eatre  transf\u00e9r\u00e9es  aux  d\u00e9partements  et \nm\u00e9tropoles ou mises \u00e0 disposition des r\u00e9gions dans les conditions pr\u00e9vues aux articles 38  \net 40 de la loi n\u00b02022-217 du 21 f\u00e9vrier 2022 ;\nVU le d\u00e9cret du 10 octobre 2024 nommant Paul MOURIER, pr\u00e9fet de la r\u00e9gion Bourgogne-\nFranche-Comt\u00e9, pr\u00e9fet de la C\u00f4te-d'Or ;\nDirection d\u00e9partementale des territoires de la C\u00f4te-d'Or\n57 rue de Mulhouse- BP 53317 - 21033 DIJON cedex\nt\u00e9l : 03 80 29 44 44 \u2013 Courriel : ddt@cote-dor.gouv.fr\nDirection d\u00e9partementale des territoires de la C\u00f4te-d'Or - 21-2025-09-15-00005 - AP 1423 20250915 RAA M274\nCampagneRenouvellementSignalisationHorizontaleS39 4\n2/10\nVU  l'arr\u00eat\u00e9 interminist\u00e9riel du 24 novembre 1967 modifi\u00e9, relatif \u00e0 la signalisation des  \nroutes et autoroutes ;\nVU  l'arr\u00eat\u00e9 interminist\u00e9riel du 6 novembre 1992 modifi\u00e9, approuvant les dispositions de  \nl'instruction interminist\u00e9rielle sur la signalisation routi\u00e8re ;\nVU  l'arr\u00eat\u00e9  pr\u00e9fectoral  n\u00b021-2023-05-02-00002  du  2  mai  2023  relatif  au  transfert  \u00e0  la \nM\u00e9tropole de Dijon de sections de routes et autoroutes class\u00e9es dans le domaine public  \nroutier national ;\nVU  l'arr\u00eat\u00e9 pr\u00e9fectoral n\u00b0 1010 /SG du 02 juillet 2025 donnant d\u00e9l\u00e9gation de signature \u00e0  \nMadame Aur\u00e9lie CONTRECIVILE, directrice de cabinet du pr\u00e9fet de la C\u00f4te-d'Or ;\nVU la note du 23 janvier 2025 du Minist\u00e8re de l'Am\u00e9nagement du Territoire et de la  \nD\u00e9centralisation,  Minist\u00e8re  charg\u00e9  des  Transports,  fixant  le  calendrier  des  jours  hors \nchantiers pour l'ann\u00e9e 2025 ;\nVU la demande pr\u00e9sent\u00e9e par la M\u00e9tropole de Dijon - CEI de Dijon le 22 juillet 2025 ;\nVU l'avis favorable de la soci\u00e9t\u00e9 d'autoroute APRR en date du 29 juillet 2025 ;\nVU l'avis r\u00e9put\u00e9 favorable de la Direction Interd\u00e9partementale de la Police Nationale ;\nVU l'avis r\u00e9put\u00e9 favorable du Groupement D\u00e9partemental de Gendarmerie ;\nCONSID\u00c9RANT que pendant les travaux de  renouvellement de signalisation horizontale  \nr\u00e9alis\u00e9s sur le r\u00e9seau de la M274 il y a lieu de pr\u00e9ciser les conditions de circulation afin de  \npr\u00e9venir tout risque d'accident, de faciliter la bonne ex\u00e9cution des travaux et d'assurer un  \n\u00e9coulement satisfaisant du trafic ;\nCONSID\u00c9RANT que la section concern\u00e9e par les travaux est situ\u00e9e hors agglom\u00e9ration ;\nSUR proposition de Madame la Directrice D\u00e9partementale des Territoires de la C\u00f4te-d'Or ;\nARR\u00caTE\nArticle 1 :\nLes travaux  d'entretien concernent la M274 dans  les 2 sens  de circulation (Paris-Lyon et  \nLyon-Paris), du PR0+000 et PR12+000.\nLes  dispositions  du  pr\u00e9sent  arr\u00eat\u00e9  s'appliqueront  les  nuits  de  21h  \u00e0  6h  du  lundi  22 \nseptembre au vendredi 26 septembre 2025.\nDirection d\u00e9partementale des territoires de la C\u00f4te-d'Or\n57 rue de Mulhouse- BP 53317 - 21033 DIJON cedex\nt\u00e9l : 03 80 29 44 44 \u2013 Courriel : ddt@cote-dor.gouv.fr\nDirection d\u00e9partementale des territoires de la C\u00f4te-d'Or - 21-2025-09-15-00005 - AP 1423 20250915 RAA M274\nCampagneRenouvellementSignalisationHorizontaleS39 5\n3/10\nArticle 2 :\nPendant l'ex\u00e9cution des travaux ci-dessus d\u00e9sign\u00e9s sur la M274, la circulation s'effectuera  \ndans les conditions suivantes :\n\u2013 Phase 1 : 1 nuit du lundi 22 au mardi 23 septembre 2025\nCoupure d'axe et fermeture de bretelles\nLa M274 sera ferm\u00e9e \u00e0 la circulation dans le sens Lyon->Paris du PR0+000 (sortie par  \nbretelle  n\u00b01  de  l'\u00e9changeur  n\u00b047  Beauregard)  au  PR7+000  (retour  par  la  bretelle  2  de \nl'\u00e9changeur n\u00b042 de l'Arc) :\n\u2022 Fermeture de la section courante par APRR du PR32D de l'A311 au PR 0+000 de la  \nM274.\n\u2022 Fermeture des bretelles n\u00b02, 3 et 6 de l'\u00e9changeur n\u00b047 de Beauregard (PR0+010),\n\u2022 Fermeture  de  la  bretelle  d'entr\u00e9e  n\u00b04  de  l'\u00e9changeur  n\u00b045  de  Franche-Comt\u00e9 \n(PR4+250) par APRR,\n\u2022 Fermeture  des  bretelles  d'entr\u00e9es  n\u00b02  des  \u00e9changeurs  n\u00b045  Franche-Comt\u00e9 \n(PR4+250), n\u00b044 de Mirande (PR5+340) et n\u00b043 de Quetigny (PR5+625),\n\u2022 Neutralisation de la voie de droite sur la M905 de l'intersection avec la rue de  \nNeuilly (M905B) et le PR0+000 de l'A39.\nDes d\u00e9viations seront mises en place \u00e0 l'attention des usagers depuis l'\u00e9changeur n\u00b047 de  \nBeauregard (PR0+010) :\n\ue00c depuis l'\u00e9changeur n\u00b047 Beauregard (PR0+010) :\n\u2022 M122A Bd de Beauregard,\n\u2022 M124 Bd Eiffel,\n\u2022 M124 Bd des Industries,\n\u2022 M996 Route de Dijon,\n\u2022 Av de l'Europe,\n\u2022 Bd de Chicago,\n\u2022 M905,\n\u2022 A39 sortie n\u00b02 Neuilly l\u00e8s Dijon,\n\u2022 M905B (Av du Mont Blanc),\n\u2022 M122A (Route de Chevigny),\n\u2022 M107 (Route de Dijon, Bd J Jaur\u00e8s),\n\u2022 M125 (Bd de l'Europe),\n\u2022 M125D,\n\u2022 M700,\n\u2022 retour M274 via B2 de l'\u00e9changeur n\u00b042 ARC (PR6+830).\n\ue00c depuis l'\u00e9changeur n\u00b045 Franche-Comt\u00e9 (PR4+250 ) :\n\u2022 B2 ferm\u00e9e :\n\u2022 A39 sortie n\u00b02 Neuilly l\u00e8s Dijon,\n\u2022 M905B (Av du Mont Blanc),\n\u2022 M122A (Route de Chevigny),\n\u2022 M107 (Route de Dijon, Bd J Jaur\u00e8s),\n\u2022 M125 (Bd de l'Europe),\n\u2022 M125D,\nDirection d\u00e9partementale des territoires de la C\u00f4te-d'Or\n57 rue de Mulhouse- BP 53317 - 21033 DIJON cedex\nt\u00e9l : 03 80 29 44 44 \u2013 Courriel : ddt@cote-dor.gouv.fr\nDirection d\u00e9partementale des territoires de la C\u00f4te-d'Or - 21-2025-09-15-00005 - AP 1423 20250915 RAA M274\nCampagneRenouvellementSignalisationHorizontaleS39 6\n4/10\n\u2022 M700,\n\u2022 retour M274 via B2 de l'\u00e9changeur n\u00b042 ARC (PR6+830).\n\ue00c depuis l'\u00e9changeur n\u00b045 Franche-Comt\u00e9 (PR4+250) :\n\u2022 B4 ferm\u00e9e :\n\u2022 bretelle n\u00b06, n\u00b07 de l'\u00e9changeur n\u00b045 de Franche-Comt\u00e9,\n\u2022 A39 sortie n\u00b02 Neuilly l\u00e8s Dijon,\n\u2022 M905B (Av du Mont Blanc),\n\u2022 M122A (Route de Chevigny),\n\u2022 M107 (Route de Dijon, Bd J Jaur\u00e8s),\n\u2022 M125 (Bd de l'Europe),\n\u2022 M125D,\n\u2022 M700,\n\u2022 retour M274 via B2 de l'\u00e9changeur n\u00b042 ARC (PR6+830).\n\ue00c depuis l'\u00e9changeur n\u00b044 Mirande (PR5+340) :\n\u2022 B2 ferm\u00e9e :\n\u2022 M126 (Rue Pierre de Coubertin),\n\u2022 Rue Alain Bombard,\n\u2022 Rue Champeau,\n\u2022 M125 (Bd de l'Europe),\n\u2022 M125D,\n\u2022 M700,\n\u2022 retour M274 via B2 de l'\u00e9changeur n\u00b042 ARC (PR6+830).\n\ue00c depuis l'\u00e9changeur n\u00b043 Qu\u00e9tigny (PR5+625) :\n\u2022 B2 ferm\u00e9e :\n\u2022 Rue Alain Bombard,\n\u2022 Rue Champeau,\n\u2022 M125 (Bd de l'Europe),\n\u2022 M125D,\n\u2022 M700,\n\u2022 retour M274 via B2 de l'\u00e9changeur n\u00b042 ARC (PR6+830).\n\u2013 Phase 2 : 1 nuit du mardi 23 au mercredi 24 septembre 2025\nCoupure d'axe et fermetures de bretelles\nLa  M274  sera  ferm\u00e9e  \u00e0  la  circulation  dans  le  sens  Lyon->Paris  du  PR5+700  (sortie  par \nbretelle 1 de l'\u00e9changeur n\u00b042 Arc) au PR13+200 (retour par l'\u00e9changeur n\u00b037 Ahuy) :\n\u2022 Fermeture de la bretelle d'entr\u00e9e n\u00b02 de l'\u00e9changeur n\u00b043 Qu\u00e9tigny (PR5+625),\n\u2022 Fermeture  des  bretelles  d'entr\u00e9es  n\u00b02  des  \u00e9changeurs  n\u00b042  Arc  (PR6+830),  n\u00b040 \nMalines (PR9+625), n\u00b039 Valmy (PR11+350) et n\u00b038 Pompidou (PR12+070),\n\u2022 Fermeture de la section courante sens Lyon->Paris au PR5+700.\nDes d\u00e9viations seront mises en place \u00e0 l'attention des usagers :\n\ue00c depuis l'\u00e9changeur n\u00b043 Qu\u00e9tigny (PR5+625) :\n\u2022 Rue Alain Bombard,\n\u2022 Rue Champeau,\nDirection d\u00e9partementale des territoires de la C\u00f4te-d'Or\n57 rue de Mulhouse- BP 53317 - 21033 DIJON cedex\nt\u00e9l : 03 80 29 44 44 \u2013 Courriel : ddt@cote-dor.gouv.fr\nDirection d\u00e9partementale des territoires de la C\u00f4te-d'Or - 21-2025-09-15-00005 - AP 1423 20250915 RAA M274\nCampagneRenouvellementSignalisationHorizontaleS39 7\n5/10\n\u2022 M125 (Bd de l'Europe),\n\u2022 M125D,\n\u2022 M700,\n\u2022 Rue Jean Moulin,\n\u2022 Rond point du 8 mai 1945,\n\u2022 Av Champollion,\n\u2022 Bd des Martyrs de la R\u00e9sistance,\n\u2022 Place Saint-Exupery,\n\u2022 Bd Pascal,\n\u2022 Bd Gallieni,\n\u2022 M107A (route d'Ahuy),\n\u2022 retour M274 via \u00e9changeur n\u00b037 Ahuy (PR13+050).\n\ue00c depuis l'\u00e9changeur n\u00b042 de l'Arc (PR6+830) :\n\u2022 Rue Jean Moulin,\n\u2022 Rond point du 8 mai 1945,\n\u2022 Av Champollion,\n\u2022 Bd des Martyrs de la R\u00e9sistance,\n\u2022 Place Saint-Exupery,\n\u2022 Bd Pascal,\n\u2022 Bd Gallieni,\n\u2022 M107A (route d'Ahuy),\n\u2022 retour M274 via \u00e9changeur n\u00b037 Ahuy (PR13+050).\n\ue00c depuis l'\u00e9changeur n\u00b040 de Malines (PR9+625) :\n\u2022 Rue de Malines,\n\u2022 Rue du Dr Quignard,\n\u2022 Av de Mayence,\n\u2022 Av de Dallas,\n\u2022 Bd des Martyrs de la R\u00e9sistance,\n\u2022 Place Saint-Exupery,\n\u2022 Bd Pascal,\n\u2022 Bd Gallieni,\n\u2022 M107A (route d'Ahuy),\n\u2022 retour M274 via \u00e9changeur n\u00b037 Ahuy (PR13+050).\n\ue00c depuis l'\u00e9changeur n\u00b039 Valmy (PR11+350) :\n\u2022 Parc Commercial de la Toison d'Or,\n\u2022 Rue de Colchide,\n\u2022 Bd W Churchill,\n\u2022 Rue de Malines,\n\u2022 Rue Dr Quignard,\n\u2022 Rue de Mayence,\n\u2022 Av de Dallas,\n\u2022 Bd des Martyrs de la R\u00e9sistance,\n\u2022 Place Saint-Exupery\n\u2022 Bd Pascal,\n\u2022 Bd Gallieni,\nDirection d\u00e9partementale des territoires de la C\u00f4te-d'Or\n57 rue de Mulhouse- BP 53317 - 21033 DIJON cedex\nt\u00e9l : 03 80 29 44 44 \u2013 Courriel : ddt@cote-dor.gouv.fr\nDirection d\u00e9partementale des territoires de la C\u00f4te-d'Or - 21-2025-09-15-00005 - AP 1423 20250915 RAA M274\nCampagneRenouvellementSignalisationHorizontaleS39 8\n6/10\n\u2022 M107A (route d'Ahuy),\n\u2022 retour M274 via \u00e9changeur n\u00b037 Ahuy (PR13+050).\n\ue00c depuis l'\u00e9changeur n\u00b038 Pompidou (PR12+070) :\n\u2022 Av de Langres,\n\u2022 Av du Drapeau,\n\u2022 Bd Gallieni,\n\u2022 M107A (route d'Ahuy),\n\u2022 retour M274 via \u00e9changeur n\u00b037 Ahuy (PR13+050). \nRestriction de circulation\nNeutralisation  des  voies  rapides  et  lentes  par  balisage  FLR  (fl\u00e8che  de  rabattement \nlumineuse) 500m en amont de la bretelle de sortie obligatoire n\u00b01 de l'\u00e9changeur n\u00b042 de \nl'Arc (PR6+830) de la M274.\n\u2013 Phase 3 : 1 nuit du mercredi 24 au jeudi 25 septembre 2025\nCoupure d'axe et fermetures de bretelles\nLa M274 sera ferm\u00e9e \u00e0 la circulation dans le sens  Paris->Lyon du  PR 4+500 (sortie par  \nbretelle n\u00b05 de l'\u00e9changeur n\u00b045 Franche-Comt\u00e9) au PR0+000 (retour par la bretelle n\u00b06 de  \nl'\u00e9changeur n\u00b047 Beauregard) :\n\u2022 Fermeture des bretelles n\u00b0 6 et 8 de l'\u00e9changeur n\u00b045 de Franche-Comt\u00e9 (PR4+250)  \net de la bretelle n\u00b05 de l'\u00e9changeur n\u00b047 de Beauregard (PR0+010).\nDes d\u00e9viations seront mises en place \u00e0 l'attention des usagers :\n\ue00c depuis l'\u00e9changeur n\u00b045 Franche-Comt\u00e9 (PR4+250) sortie par B5 et B6 ferm\u00e9e :\n\u2022 M905,\n\u2022 Bd de Chicago,\n\u2022 Av de l'Europe,\n\u2022 M996 Route de Dijon,\n\u2022 M124 Bd des Industries,\n\u2022 M124 Bd Eiffel,\n\u2022 M122A Bd de Beauregard,\n\u2022 M122R,\n\u2022 RP de Palissy,\n\u2022 M122R,\n\u2022 retour par B6 de l'\u00e9changeur n\u00b047 de Beauregard (PR0+010).\n\ue00c depuis l'\u00e9changeur n\u00b045 de Franche-Comt\u00e9 (PR4+250), B8 ferm\u00e9e :\n\u2022 M905,\n\u2022 A39 sortie n\u00b02 (Sennecey-les-Dijon),\n\u2022 M905B (Av du Mont Blanc),\n\u2022 M905,\n\u2022 Bd de Chicago,\n\u2022 Av de l'Europe,\n\u2022 M996 Route de Dijon,\n\u2022 M124 Bd des Industries,\n\u2022 M124 Bd Eiffel,\nDirection d\u00e9partementale des territoires de la C\u00f4te-d'Or\n57 rue de Mulhouse- BP 53317 - 21033 DIJON cedex\nt\u00e9l : 03 80 29 44 44 \u2013 Courriel : ddt@cote-dor.gouv.fr\nDirection d\u00e9partementale des territoires de la C\u00f4te-d'Or - 21-2025-09-15-00005 - AP 1423 20250915 RAA M274\nCampagneRenouvellementSignalisationHorizontaleS39 9\n7/10\n\u2022 M122A Bd de Beauregard,\n\u2022 M122R,\n\u2022 RP de Palissy,\n\u2022 M122R,\n\u2022 retour par B6 de l'\u00e9changeur n\u00b047 de Beauregard (PR0+010).\n\ue00c depuis l'\u00e9changeur n\u00b047 de Beauregard (PR0+010), B5 ferm\u00e9e :\n\u2022 M122R,\n\u2022 RP de Palissy,\n\u2022 M122R,\n\u2022 retour par B6 de l'\u00e9changeur n\u00b047 de Beauregard (PR0+010).\nRestriction de circulation\nNeutralisation  des  voies  rapides  et  lentes  par  balisage  FLR  (fl\u00e8che  de  rabattement \nlumineuse) 500m en amont de la bretelle de sortie obligatoire n\u00b05 de l'\u00e9changeur n\u00b045  \nFranche-Comt\u00e9 (PR4+250) de la M274.\n\ue00c \u2013 Phase 4 : 1 nuit du jeudi 25 au vendredi 26 septembre 2025\nCoupure d'axe et fermeture de bretelles.\nLa M274 sera ferm\u00e9e \u00e0 la circulation dans le sens  Paris->Lyon du PR13+300 (sortie par  \nl'\u00e9changeur n\u00b037 Ahuy) au PR7+000 (retour par la bretelle 4 de l'\u00e9changeur n\u00b042 Arc) :\n\u2022 Fermeture des bretelles d'entr\u00e9es n\u00b04 des \u00e9changeurs n\u00b037 Ahuy (PR13+050), n\u00b038  \nPompidou (PR12+070), n\u00b039 Valmy (PR11+350) et n\u00b040 Malines (PR9+625),\n\u2022 Fermeture du shunt Centre Commercial de la Toison d'Or/M274.\n\u2022 Fermeture de la bretelle d'entr\u00e9e n\u00b03 de l'\u00e9changeur n\u00b041 Cracovie (PR8+530),\n\u2022 Fermeture de la section courante sens Paris->Lyon au PR13+150.\nDes d\u00e9viations seront mises en place \u00e0 l'attention des usagers :\n\ue00c depuis l'\u00e9changeur n\u00b037 Ahuy (PR13+050) :\n\u2022 M107A Route d'Ahuy, \n\u2022 Bd Gallieni,\n\u2022 Bd Pascal,\n\u2022 Place Saint Exupery,\n\u2022 Bd des Martyrs de la R\u00e9sistance,\n\u2022 Av Champollion,\n\u2022 Rond point du 8 mai 1945,\n\u2022 Rue Jean Moulin,\n\u2022 Retour M274 via bretelle n\u00b04 \u00e9changeur n\u00b042 de l'ARC (PR6+830).\n\ue00c depuis l'\u00e9changeur n\u00b038 Pompidou (PR12+070) :\n\u2022 Av de Langres,\n\u2022 Av du Drapeau,\n\u2022 Bd Pascal,\n\u2022 Place Saint Exupery,\n\u2022 Bd des Martyrs de la R\u00e9sistance,\n\u2022 Av Champollion,\n\u2022 Rond point du 8 mai 1945,\n\u2022 Rue Jean Moulin,\nDirection d\u00e9partementale des territoires de la C\u00f4te-d'Or\n57 rue de Mulhouse- BP 53317 - 21033 DIJON cedex\nt\u00e9l : 03 80 29 44 44 \u2013 Courriel : ddt@cote-dor.gouv.fr\nDirection d\u00e9partementale des territoires de la C\u00f4te-d'Or - 21-2025-09-15-00005 - AP 1423 20250915 RAA M274\nCampagneRenouvellementSignalisationHorizontaleS39 10\n8/10\n\u2022 Retour M274 via bretelle n\u00b04 \u00e9changeur n\u00b042 de l'ARC (PR6+830).\n\ue00c depuis l'\u00e9changeur n\u00b039 Valmy (PR11+350) :\n\u2022 Parc Commercial de la Toison d'Or,\n\u2022 Bd W Churchill,\n\u2022 Rue de Malines,\n\u2022 Rue Dr Quignard,\n\u2022 Rue de Mayence,\n\u2022 Av de Dallas,\n\u2022 Bd des Martyrs de la R\u00e9sistance,\n\u2022 Av Champollion,\n\u2022 Rond point du 8 mai 1945,\n\u2022 Rue Jean Moulin,\n\u2022 retour M274 via bretelle n\u00b04 \u00e9changeur n\u00b042 de l'ARC (PR6+830).\n\ue00c depuis l'\u00e9changeur n\u00b040 de Malines (PR9+625) :\n\u2022 Rue du Dr Quignard,\n\u2022 Rue de Mayence,\n\u2022 Av de Dallas,\n\u2022 Av de Champollion,\n\u2022 Rond point du 8 mai 1945,\n\u2022 Rue Jean Moulin,\n\u2022 retour M274 via bretelle n\u00b04 \u00e9changeur n\u00b042 de l'ARC (PR6+830).\n\ue00c depuis l'\u00e9changeur n\u00b041 Cracovie (PR8+530) :\n\u2022 Rue de Cracovie,\n\u2022 Av de Dallas,\n\u2022 Av de Champollion,\n\u2022 Rond point du 8 mai 1945,\n\u2022 Rue Jean Moulin,\n\u2022 retour M274 via bretelle n\u00b04 \u00e9changeur n\u00b042 de l'ARC (PR6+830).\nArticle 3 :\nCertaines  phases  pr\u00e9paratoires  ou  de  mise  en  place  de  la  signalisation  du  chantier \npourront  n\u00e9cessiter  des  r\u00e9ductions  momentan\u00e9es  de  chauss\u00e9e  ou  des  interruptions \ncourtes de circulation.\nArticle 4 :\nSur le parcours des sections soumises \u00e0 ces restrictions provisoires, les conducteurs des  \nv\u00e9hicules devront le cas \u00e9ch\u00e9ant, se conformer aux indications des services de police, des \nservices de secours ou des agents du CEI de Dijon M\u00e9tropole , tant en ce qui concerne le  \ntrajet \u00e0 suivre que l'arr\u00eat s'il leur est prescrit.\nArticle 5 :\nLe passage des convois exceptionnels sera interdit sur l'itin\u00e9raire de d\u00e9viation.\nDirection d\u00e9partementale des territoires de la C\u00f4te-d'Or\n57 rue de Mulhouse- BP 53317 - 21033 DIJON cedex\nt\u00e9l : 03 80 29 44 44 \u2013 Courriel : ddt@cote-dor.gouv.fr\nDirection d\u00e9partementale des territoires de la C\u00f4te-d'Or - 21-2025-09-15-00005 - AP 1423 20250915 RAA M274\nCampagneRenouvellementSignalisationHorizontaleS39 11\n9/10\nArticle 6 :\nLa signalisation r\u00e9glementaire, conforme \u00e0 l'instruction interminist\u00e9rielle (Livre I \u2013 8e partie) \napprouv\u00e9e par arr\u00eat\u00e9 interminist\u00e9riel le 6 novembre 1992 et aux manuels du chef de  \nchantier, sera fournie, mise en place et maintenue par le CEI de Dijon.\nArticle 7 :\nLes infractions au pr\u00e9sent arr\u00eat\u00e9 seront constat\u00e9es par proc\u00e8s-verbaux dress\u00e9s par les  \nforces de l'ordre.\nArticle 8 :\nLors de l'ach\u00e8vement des travaux et avant le r\u00e9tablissement normal de la circulation, la  \nchauss\u00e9e devra \u00eatre propre et satisfaire aux conditions normales de s\u00e9curit\u00e9.\nArticle 9 :\nLe pr\u00e9sent arr\u00eat\u00e9 sera affich\u00e9 aux abords imm\u00e9diats du chantier.\nArticle 10 :\nLe pr\u00e9sent arr\u00eat\u00e9 peut faire l'objet d'un recours gracieux aupr\u00e8s du pr\u00e9fet et/ou d'un  \nrecours contentieux devant le tribunal administratif dans un d\u00e9lai de 2 mois \u00e0 compter de  \nsa notification.\nLe tribunal administratif peut \u00eatre saisi par un recours d\u00e9pos\u00e9 via l'application T\u00e9l\u00e9recours  \ncitoyens accessible par le site internet www.telerecours.fr \u00bb.\nArticle 11 :\n- La Directrice de Cabinet du pr\u00e9fet de la C\u00f4te-d'Or,\n- Le Pr\u00e9sident de Dijon M\u00e9tropole,\n- Le Directeur Interd\u00e9partemental de la Police Nationale,\nsont charg\u00e9s, chacun en ce qui le concerne, de l'ex\u00e9cution du pr\u00e9sent arr\u00eat\u00e9.\nLe pr\u00e9sent arr\u00eat\u00e9 sera publi\u00e9 au recueil des actes administratifs de la Pr\u00e9fecture de la C\u00f4te-\nd'Or.\nUne copie du pr\u00e9sent arr\u00eat\u00e9 sera adress\u00e9e pour information :\n- au  Commandant  de  la  R\u00e9gion  de  Gendarmerie  de  Bourgogne-Franche-Comt\u00e9,  \ncommandant du groupement de la C\u00f4te-d'Or,\n- au Service D\u00e9partemental d'Incendie et de Secours de la C\u00f4te-d'Or,\n - \u00e0 la direction du SAMU de Dijon,\n- au CEI de Dijon M\u00e9tropole,\n- \u00e0 la direction de l'exploitation de Dijon M\u00e9tropole,\n- \u00e0 la direction d\u00e9partementale des territoires de la Sa\u00f4ne-et-Loire, service des transports  \nexceptionnels,\nDirection d\u00e9partementale des territoires de la C\u00f4te-d'Or\n57 rue de Mulhouse- BP 53317 - 21033 DIJON cedex\nt\u00e9l : 03 80 29 44 44 \u2013 Courriel : ddt@cote-dor.gouv.fr\nDirection d\u00e9partementale des territoires de la C\u00f4te-d'Or - 21-2025-09-15-00005 - AP 1423 20250915 RAA M274\nCampagneRenouvellementSignalisationHorizontaleS39 12\n10/10\n- aux  communes  de  Longvic,  Dijon,  Ruffey-les-Echirey,  Ahuy,  Fontaine-les-Dijon,  Daix, \nTalant, Plombi\u00e8res-les-Dijon et Saint-Apollinaire.\nFait \u00e0 Dijon, le 15 septembre 2025\nLe pr\u00e9fet,\nPour le pr\u00e9fet et par d\u00e9l\u00e9gation ,\nLa directrice de cabinet,\nSIGN\u00c9\nAur\u00e9lie CONTRECIVILE\nDirection d\u00e9partementale des territoires de la C\u00f4te-d'Or\n57 rue de Mulhouse- BP 53317 - 21033 DIJON cedex\nt\u00e9l : 03 80 29 44 44 \u2013 Courriel : ddt@cote-dor.gouv.fr\nDirection d\u00e9partementale des territoires de la C\u00f4te-d'Or - 21-2025-09-15-00005 - AP 1423 20250915 RAA M274\nCampagneRenouvellementSignalisationHorizontaleS39 13\nPr\u00e9fecture de la C\u00f4te-d'Or\nDirection des Collectivit\u00e9s locales et des\nElections \n21-2025-07-10-00007\nArr\u00eat\u00e9 pr\u00e9fectoral 1414  portant\nRENOUVELLEMENT de l'habilitation de la soci\u00e9t\u00e9\nPompes Fun\u00e8bres Michel GREY\nPr\u00e9fecture de la C\u00f4te-d'Or - 21-2025-07-10-00007 - Arr\u00eat\u00e9 pr\u00e9fectoral 1414  portant RENOUVELLEMENT de l'habilitation de la soci\u00e9t\u00e9\nPompes Fun\u00e8bres Michel GREY 14\nExPREFETDE LACOTE-D'ORLibert\u00e9Egalit\u00e9Fraternit\u00e9\nSECR\u00c9TARIAT G\u00c9N\u00c9RAL\nDirection des Collectivit\u00e9s Locales et des Elections \n    Dijon, le 10 juillet 2025\nArr\u00eat\u00e9 N\u00b0\nPortant renouvellement de l'habilitation dans le domaine fun\u00e9raire de la soci\u00e9t\u00e9\n \u00abPompes Fun\u00e8bres Marbrerie Michel GREY  \u00bb\nLe Pr\u00e9fet de la r\u00e9gion Bourgogne-Franche-Comt\u00e9\nPr\u00e9fet de la C\u00f4te-d'Or\nVU le  Code  G\u00e9n\u00e9ral  des  Collectivit\u00e9s  Territoriales  et  notamment  les  dispositions  des  articles  \nL 2223-19 \u00e0 L 2223-30, R 2223-40 \u00e0 R 2223-65 et D 2223-34 \u00e0 D 2223-39 relatifs \u00e0 l'habilitation fun\u00e9raire ;\nVU le d\u00e9cret n\u00b0 2020-917 du 28 juillet 2020 relatif \u00e0 la dur\u00e9e de l'habilitation dans le secteur fun\u00e9raire et \u00e0\nla housse mortuaire ;\nVU  l'arr\u00eat\u00e9 pr\u00e9fectoral n\u00b0 424 du 12 avril 2021 portant renouvellement de l'habilitation dans le domaine\nfun\u00e9raire de la soci\u00e9t\u00e9 Pompes Fun\u00e8bres Marbrerie Michel GREY sise 2 rue de la Rieppe \u00e0 MIREBEAU\nSUR BEZE (21310) ;\nVU  la demande et les documents pr\u00e9sent\u00e9s par M. Christophe GREY, g\u00e9rant en vue de demander le\nrenouvellement de l'habilitation dans le domaine fun\u00e9raire de la soci\u00e9t\u00e9 sus-vis\u00e9e ;\nVU l'arr\u00eat\u00e9 pr\u00e9fectoral n\u00b0 813 / SG du 13 juin 2025 donnant d\u00e9l\u00e9gation de signature \u00e0 M.  Denis BRUEL,\nSecr\u00e9taire G\u00e9n\u00e9ral de la Pr\u00e9fecture de la C\u00f4te d'Or ;\nCONSIDERANT  que  cette  entreprise  remplit  les  conditions  pour  obtenir  le  renouvellement  de  son\nhabilitation dans le domaine fun\u00e9raire ;\nSUR proposition du Secr\u00e9taire G\u00e9n\u00e9ral de la Pr\u00e9fecture de la C\u00f4te d'Or ;\nARRETE\nArticle 1er : La soci\u00e9t\u00e9 Pompes Fun\u00e8bres Marbrerie Michel GREY sise 2 rue de la Rieppe \u00e0 MIREBEAU\nSUR BEZE (21310), g\u00e9r\u00e9e par M. Christophe GREY est habilit\u00e9e pour exercer les activit\u00e9s suivantes :\n- organisation des obs\u00e8ques,\n- fourniture des corbillards et des voitures de deuil,\n- fourniture des cercueils aux familles (et de leurs accessoires int\u00e9rieurs et ext\u00e9rieurs), des housses\net des urnes cin\u00e9raires,\n- transport de corps avant et apr\u00e8s mise en bi\u00e8re,\n-  soins de conservations effectu\u00e9s par un sous-traitant habilit\u00e9,\n- fourniture des personnels et des objets et prestations n\u00e9cessaires aux obs\u00e8ques, inhumations,\nexhumations et cr\u00e9mations,\nPr\u00e9fecture de la C\u00f4te-d'Or \n53 rue de la Pr\u00e9fecture - 21041 DIJON cedex\nt\u00e9l : 03 80 44 64 00 \nSite internet : http://www.cote-dor.gouv.fr\nPr\u00e9fecture de la C\u00f4te-d'Or - 21-2025-07-10-00007 - Arr\u00eat\u00e9 pr\u00e9fectoral 1414  portant RENOUVELLEMENT de l'habilitation de la soci\u00e9t\u00e9\nPompes Fun\u00e8bres Michel GREY 15\n- gestion et utilisation d'une chambre fun\u00e9raire.\nArticle 2 : Le num\u00e9ro de l'habilitation est le 21-21-0014.\nArticle 3 : La pr\u00e9sente habilitation est accord\u00e9e pour une dur\u00e9e de 5 ans soit jusqu'au 10 juillet 2030.\nArticle 4  : Pour b\u00e9n\u00e9ficier de la pr\u00e9sente habilitation jusqu'\u00e0 son terme, M. Christophe GREY devra\nd\u00e9clarer tout changement dans les informations contenues dans la demande d'habilitation dans un d\u00e9lai de\ndeux mois notamment en ce qui concerne les attestations de conformit\u00e9 des v\u00e9hicules fun\u00e9raires.\nArticle 5 : La pr\u00e9sente habilitation pourra \u00eatre suspendue pour une dur\u00e9e maximum d'un an ou retir\u00e9e,\napr\u00e8s mise en demeure, par le repr\u00e9sentant de l'\u00c9tat dans le d\u00e9partement o\u00f9 les faits auront \u00e9t\u00e9 constat\u00e9s,\npour les motifs suivants :\n- non-respect des dispositions du pr\u00e9sent code auxquelles sont soumises les r\u00e9gies, entreprises ou\nassociations habilit\u00e9es conform\u00e9ment \u00e0 l'article L 2223-23,\n- non-exercice ou cessation d'exercice des activit\u00e9s au titre desquelles elle a \u00e9t\u00e9 d\u00e9livr\u00e9e,\n- atteinte \u00e0 l'ordre public ou danger pour la salubrit\u00e9 publique.\nArticle 6 : Dans un d\u00e9lai de deux mois \u00e0 compter de sa notification ou de la publication au recueil des\nactes administratifs de la pr\u00e9fecture, la pr\u00e9sente d\u00e9cision peut faire l'objet d'un recours  conform\u00e9ment aux\ndispositions de l'article R 421-1 et suivants du code de justice administrative:\n- le recours gracieux adress\u00e9 \u00e0 M. le Pr\u00e9fet du d\u00e9partement de la C\u00f4te d'Or  (53 rue de la Pr\u00e9fecture\n\u2013 21041 DIJON CEDEX),\n- le recours hi\u00e9rarchique adress\u00e9 au ministre comp\u00e9tent dans le domaine consid\u00e9r\u00e9,\n- le recours contentieux en saisissant le Tribunal Administratif (22 rue d'Assas \u2013 21000 DIJON).\nArticle 7  :  Le secr\u00e9taire g\u00e9n\u00e9ral de la pr\u00e9fecture de la C\u00f4te d'Or est charg\u00e9 de l'ex\u00e9cution du pr\u00e9sent\narr\u00eat\u00e9 qui sera publi\u00e9 au recueil des actes administratifs de la Pr\u00e9fecture de la C\u00f4te d'Or dont copie sera\nremise \u00e0 :\n- M. Christophe GREY, g\u00e9rant de la Soci\u00e9t\u00e9 Pompes Fun\u00e8bres Michel GREY, \n- M. le maire de MIREBEAU SUR BEZE,\n- M. le G\u00e9n\u00e9ral commandant la r\u00e9gion de Gendarmerie et le Groupement de C\u00f4te d'Or ;\n          - Mme la Directrice G\u00e9n\u00e9rale de l'Agence R\u00e9gionale de Sant\u00e9 de Bourgogne-Franche-Comt\u00e9.\nLE PREFET\n     Pour le Pr\u00e9fet et par d\u00e9l\u00e9gation\nLe Secr\u00e9taire G\u00e9n\u00e9ral\nsign\u00e9 : Denis BRUEL\nPr\u00e9fecture de la C\u00f4te-d'Or \n53 rue de la Pr\u00e9fecture - 21041 DIJON cedex\nt\u00e9l : 03 80 44 64 00 \nSite internet : http://www.cote-dor.gouv.fr\nPr\u00e9fecture de la C\u00f4te-d'Or - 21-2025-07-10-00007 - Arr\u00eat\u00e9 pr\u00e9fectoral 1414  portant RENOUVELLEMENT de l'habilitation de la soci\u00e9t\u00e9\nPompes Fun\u00e8bres Michel GREY 16\nPr\u00e9fecture de la C\u00f4te-d'Or\nDirection des s\u00e9curit\u00e9s\n21-2025-09-17-00003\nArr\u00eat\u00e9 pr\u00e9fectoral N\u00b01422 portant interdiction\ntemporaire d'un festival de Black Metal n\u00e9onazi\nPr\u00e9fecture de la C\u00f4te-d'Or - 21-2025-09-17-00003 - Arr\u00eat\u00e9 pr\u00e9fectoral N\u00b01422 portant interdiction temporaire d'un festival de Black\nMetal n\u00e9onazi 17\nEnPREFETDE LACOTE-D'ORLibert\u00e9Egalit\u00e9Fraternit\u00e9\nDirection des s\u00e9curit\u00e9s\nBureau d\u00e9fense et s\u00e9curit\u00e9\nArr\u00eat\u00e9 pr\u00e9fectoral N\u00b01422\nportant interdiction temporaire d'un festival de Black Metal n\u00e9onazi\nLe pr\u00e9fet de la C\u00f4te-d'Or\nVu la constitution, notamment son Pr\u00e9ambule ;\nVu la convention europ\u00e9enne de sauvegarde des droits de l'Homme et des libert\u00e9s fondamentales du 4\nnovembre 1950 ;\nVu le code P\u00e9nal, notamment ses articles 322-11-1, 431-3 et suivants et R. 644-4 ;\nVu le code g\u00e9n\u00e9ral des collectivit\u00e9s territoriales, notamment l'article L.2215-1 ;\nVu la loi du 30 juin 1881 sur la libert\u00e9 de r\u00e9union ;\nVu le code de la s\u00e9curit\u00e9 int\u00e9rieure, notamment ses articles L.211-5 \u00e0 L.211-8, L.211-15, R. 211-2 \u00e0 R.211-9,\net R.211-27 \u00e0 R.211-30 ;\nVu la loi du 29 juillet 1881 sur la libert\u00e9 de la presse, et notamment ses articles 23, 24 et 24 bis ;\nVu le d\u00e9cret n\u00b02004-374 du 29 avril 2004 modifi\u00e9 relatif aux pouvoirs des pr\u00e9fets, \u00e0 l'organisation et \u00e0\nl'action des services de l'\u00c9tat dans les r\u00e9gions et les d\u00e9partements ;\nVU l'arr\u00eat\u00e9 pr\u00e9fectoral n\u00b01010/SG du 02 juillet 2025 donnant d\u00e9l\u00e9gation de signature \u00e0 madame Aur\u00e9lie\nCONTRECIVILE, sous-pr\u00e9f\u00e8te, directrice de cabinet du pr\u00e9fet de la r\u00e9gion Bourgogne Franche-Comt\u00e9,\npr\u00e9fet de C\u00f4te-d'Or ;\nConsid\u00e9rant que, m\u00eame en l'absence de circonstances locales particuli\u00e8res, il appartient \u00e0 l'autorit\u00e9\ninvestie du pouvoir de police de prendre les mesures n\u00e9cessaires, adapt\u00e9es et proportionn\u00e9es pour\npr\u00e9venir une atteinte \u00e0 l'ordre public, dont le respect de la dignit\u00e9 de la personne humaine constitue\nl'une  des  composantes ;  qu'il  appartient  en  outre  \u00e0  la  m\u00eame  autorit\u00e9  de  prendre  les  mesures\nn\u00e9cessaires,  adapt\u00e9es  et  proportionn\u00e9es  pour  pr\u00e9venir  la  commission  des  infractions  p\u00e9nales\nsusceptibles de constituer un trouble \u00e0 l'ordre public sans porter atteinte excessive \u00e0 l'exercice par les\ncitoyens de leurs libert\u00e9s fondamentales  ; qu'\u00e0 ce titre, le Pr\u00e9fet du d\u00e9partement peut prendre toute\nmesure n\u00e9cessaire dont le champ d'application exc\u00e8de le territoire d'une commune ;\nConsid\u00e9rant que, selon les \u00e9l\u00e9ments d'information disponibles et concordants, un festival de musique\nd\u00e9nomm\u00e9 \u00ab Black Metal Blitzkrieg V2  \u00bb est pr\u00e9vu le samedi 20 septembre dans la r\u00e9gion Grand Est ainsi\nque le mentionne une affiche distribu\u00e9e dans un cercle d'initi\u00e9s de la mouvance n\u00e9onazie  ; que six\ngroupes  venus  d'Allemagne  de  Finlande  et  de  Pologne  devraient  se  produire  devant  pr\u00e8s  de  300\npersonnes ; que le lien entre cet \u00e9v\u00e9nement, l'id\u00e9ologie nazie et le Troisi\u00e8me Reich ne fait aucun doute  ;\nque  cette  id\u00e9ologie  et  ce  r\u00e9gime  politique  reposent  sur  une  classification  raciale,  x\u00e9nophobe  et\nPr\u00e9fecture de la C\u00f4te-d'Or - 21-2025-09-17-00003 - Arr\u00eat\u00e9 pr\u00e9fectoral N\u00b01422 portant interdiction temporaire d'un festival de Black\nMetal n\u00e9onazi 18\nantis\u00e9mite ayant abouti \u00e0 la mise en place de camps d'extermination au cours de la Seconde\nGuerre Mondiale ;\nConsid\u00e9rant qu'aucune d\u00e9claration pr\u00e9alable n'a \u00e9t\u00e9 d\u00e9pos\u00e9e, pr\u00e9cisant le nombre pr\u00e9visible de\nparticipants  ainsi  que  les  mesures  envisag\u00e9es  par  l'organisateur  pour  garantir  la  s\u00e9curit\u00e9,  la\nsalubrit\u00e9, l'hygi\u00e8ne et la tranquillit\u00e9 publiques alors m\u00eame qu'il en a l'obligation dans le d\u00e9lai d'un\nmois avant la date pr\u00e9vue de la manifestation ;\nConsid\u00e9rant que  par  un  arr\u00eat\u00e9  n\u00b02025-1862  du  15  septembre  2025,  le  Pr\u00e9fet  de  la  Meuse  a\nprononc\u00e9 l'interdiction temporaire de ce festival de Black m\u00e9tal sur l'ensemble du territoire de son\nd\u00e9partement \u00e0 compter du vendredi 19 septembre 2025 16  h jusqu'au lundi 22 septembre 2025 \u00e0\n08 h ;\nConsid\u00e9rant qu'il  ressort  des  \u00e9l\u00e9ments  d'information  disponibles  et  concordants  que  pour\n\u00e9chapper \u00e0 cette mesure d'interdiction, les organisateurs envisagent la d\u00e9localisation de cette\nmanifestation dans d'autres d\u00e9partements, notamment dans la r\u00e9gion Bourgogne-Franche-Comt\u00e9\navec l'intention manifeste de brouiller les pistes sur son lieu ;\nConsid\u00e9rant ainsi,  qu'eu  \u00e9gard  \u00e0  la  communication  et  l'organisation  d\u00e9ploy\u00e9es,  ce  festival  est\nsusceptible de donner lieu \u00e0 des propos incitant \u00e0 la haine raciale et \u00e0 la violence \u00e0 l'encontre de\ncertains groupes de personnes, en particulier la communaut\u00e9 juive, ainsi qu'\u00e0 l'apologie de crimes\ncommis  par  les  nazis  durant  la  Seconde  Guerre  Mondiale,  notamment  la  Shoah ;  que  cette\nmanifestation constitue, par son objet m\u00eame, un trouble majeur \u00e0 l'ordre public en raison de\nl'atteinte port\u00e9e \u00e0 la dignit\u00e9 humaine par l'id\u00e9ologie qu'elle promeut et du trouble des consciences\nque provoquent les id\u00e9es ainsi d\u00e9fendues ;\nConsid\u00e9rant que, pour les m\u00eames motifs, il existe des raisons s\u00e9rieuses de penser que la tenue de\nce festival est de nature \u00e0 donner lieu \u00e0 des propos et gestes p\u00e9nalement r\u00e9prim\u00e9s, notamment par\nl'article 24 de la loi du 29 juillet 1881 sur la libert\u00e9 de la presse ;\nConsid\u00e9rant que les organisateurs de ce festival ne sont pas identifi\u00e9s et conservent le secret sur le\nlieu  de  cet  \u00e9v\u00e9nement ;  qu'en  raison  de  leur  volont\u00e9  de  dissimulation,  le  terrain  ou  le  local\nsusceptible d'accueillir ce festival n'est pas connu ;\nConsid\u00e9rant la n\u00e9cessit\u00e9 de pr\u00e9venir le risque \u00e9lev\u00e9 de troubles \u00e0 l'ordre public, le nombre \u00e9lev\u00e9 de\npersonnes attendues dans ce type de rassemblements, les moyens appropri\u00e9s en mati\u00e8re de lutte\ncontre l'incendie et de secours aux personnes, ainsi qu'en mati\u00e8re de s\u00e9curit\u00e9 sanitaire et routi\u00e8re\nqui ne peuvent \u00eatre r\u00e9unis, et que, dans ces conditions, ledit rassemblement comporte des risques\ns\u00e9rieux de d\u00e9sordres et d'atteinte \u00e0 la s\u00fbret\u00e9 des personnes ;\nConsid\u00e9rant que, dans les circonstances de l'esp\u00e8ce, la nature et les conditions d'organisation de\nce rassemblement sont de nature \u00e0 provoquer des troubles \u00e0 l'ordre et \u00e0 la tranquillit\u00e9 publics ;\nConsid\u00e9rant en outre, l'urgence \u00e0 pr\u00e9venir les risques d'atteinte \u00e0 l'ordre et \u00e0 la tranquillit\u00e9 publics\net les pouvoirs de police administrative g\u00e9n\u00e9rale que le pr\u00e9fet tient des dispositions de l'article\nL. 2215-1 susvis\u00e9 du code g\u00e9n\u00e9ral des collectivit\u00e9s territoriales ;\nConsid\u00e9rant que dans ces circonstances, l'interdiction du festival \u00ab  Black Metal Blitzkrieg V2 \u00bb et de\ntoute  autre  manifestation  relevant  de  la  mouvance  n\u00e9onazie  appara\u00eet  adapt\u00e9e,  n\u00e9cessaire  et\nproportionn\u00e9e pour assurer la pr\u00e9servation de l'ordre public ;\nSur proposition  de madame la directrice de cabinet du pr\u00e9fet de la r\u00e9gion Bourgogne-Franche-\nComt\u00e9, pr\u00e9fet de la C\u00f4te-d'Or ;\nPr\u00e9fecture de la C\u00f4te-d'Or - 21-2025-09-17-00003 - Arr\u00eat\u00e9 pr\u00e9fectoral N\u00b01422 portant interdiction temporaire d'un festival de Black\nMetal n\u00e9onazi 19\nARR\u00caTE\nArticle 1 er : Le festival  \u00ab Black Metal Blitzkrieg V2  \u00bb ou toute autre manifestation relevant de la\nmouvance n\u00e9onazie est interdit sur tout le territoire du d\u00e9partement de la C\u00f4te d'Or, \u00e0 compter du\nvendredi 19 septembre 2025 16h00, jusqu'au lundi 22 septembre 2025 \u00e0 08h00.\nArticle  2  : Toute  infraction  au  pr\u00e9sent  arr\u00eat\u00e9  sera  constat\u00e9e  et  r\u00e9prim\u00e9e,  s 'agissant  des\norganisateurs,  dans  les  conditions  fix\u00e9es  par  l'article  431-9  du  code  P\u00e9nal,  \u00e0  savoir  six  mois\nd'emprisonnement et de 7 500 euros d'amende et, s'agissant des participants, par l'article R. 644-4\ndu m\u00eame code instituant une contravention de quatri\u00e8me classe. \nArticle  3 :  Le  pr\u00e9sent  arr\u00eat\u00e9  peut  faire  l'objet,  dans  un  d\u00e9lai  de  deux  mois  \u00e0  compter  de  sa\npublication, d'un recours contentieux devant le tribunal administratif de Dijon qui peut \u00eatre assorti\nd'un recours en r\u00e9f\u00e9r\u00e9 pr\u00e9vu par l'article L. 521-2 du code de justice administrative.\nArticle 4 : Le secr\u00e9taire g\u00e9n\u00e9ral de la pr\u00e9fecture de la C\u00f4te-d'Or, la directrice de cabinet du pr\u00e9fet\nde la r\u00e9gion Bourgogne-Franche-Comt\u00e9, pr\u00e9fet de la C\u00f4te-d'Or, le g\u00e9n\u00e9ral commandant la r\u00e9gion\nde  gendarmerie  de  Bourgogne-Franche-Comt\u00e9,  commandant  le  groupement  de  gendarmerie\nd\u00e9partementale de la C\u00f4te-d'Or et le directeur interd\u00e9partemental de la police nationale de la\nC\u00f4te-d'Or sont charg\u00e9s, chacun en ce qui le concerne, de l'ex\u00e9cution du pr\u00e9sent arr\u00eat\u00e9 qui sera\npubli\u00e9 au recueil des actes administratifs de la pr\u00e9fecture et adress\u00e9 pour copie \u00e0 monsieur le\nprocureur de la R\u00e9publique pr\u00e8s le tribunal judiciaire de Dijon.\nFait \u00e0 Dijon, le 17 septembre 2025\nLe pr\u00e9fet,\nPour le pr\u00e9fet et par d\u00e9l\u00e9gation, \nLa sous-pr\u00e9f\u00e8te, directrice de cabinet,\nORIGNAL SIGN\u00c9\nAur\u00e9lie CONTRECIVILE\nPr\u00e9fecture de la C\u00f4te-d'Or - 21-2025-09-17-00003 - Arr\u00eat\u00e9 pr\u00e9fectoral N\u00b01422 portant interdiction temporaire d'un festival de Black\nMetal n\u00e9onazi 20","date":"2025-09-18","first_seen_on":"2025-09-18T10:10:26+00:00","id":"88cfce85d6bb7e0e4f7c8c93aba518525b1cc5e2715d6f4a690001b72ce024db","name":"RAA n\u00b0 127 du 18 septembre 2025","pdf_creation_date":"2025-09-18T08:43:48+00:00","pdf_modification_date":null,"timezone":"Europe/Paris","url":"https://www.cote-dor.gouv.fr/contenu/telechargement/24262/184505/file/recueil-21-2025-127-recueil-des-actes-administratifs-special.pdf"}
