{"administration":"prefidf","administration_name":"Pr\u00e9fecture de la r\u00e9gion \u00cele-de-France","content":"PREFECTURE\nREGION ILE DE\nFRANCE\nRECUEIL DES ACTES\nADMINISTRATIFS SP\u00c9CIAL\n(NOMINATIFS)\nN\u00b0IDF-002-2026-01\nPUBLI\u00c9 LE  5 JANVIER 2026\nSommaire\nAgence R\u00e9gionale de Sant\u00e9 / Agence r\u00e9gionale de sant\u00e9\nd'Ile-de-France-Cellule officines de pharmacie\nIDF-2025-12-18-00026 - Arr\u00eat\u00e9 n\u00b0 DOS/EFF/OFF/2025/131 constatant la\ncaducit\u00e9 d'une licence d'une officine de pharmacie\n (1 page) Page 3\nIDF-2025-12-18-00029 - Arr\u00eat\u00e9 n\u00b0 DOS/EFF/OFF/2025/132 portant\nmodification de l'arr\u00eat\u00e9 N\u00b0 DOS/EFF/OFF/2024/114 du 29 octobre\n2024 ayant autoris\u00e9 l'installation par transfert\n (2 pages) Page 5\nIDF-2025-12-18-00028 - Arr\u00eat\u00e9 n\u00b0 DOS/EFF/OFF/2025/133 constatant la\ncaducit\u00e9 d'une licence d'une officine de pharmacie\n (2 pages) Page 8\nIDF-2025-12-18-00027 - Arr\u00eat\u00e9 n\u00b0 DOS/EFF/OFF/2025/134 constatant la\ncaducit\u00e9 d'une licence d'une officine de pharmacie\n (2 pages) Page 11\nDirection r\u00e9gionale et interd\u00e9partementale de l'alimentation, de\nl'agriculture et de la for\u00eat d'Ile de France / Service R\u00e9gional d'Economie\nAgricole\nIDF-2025-12-30-00003 - Autorisations tacites du pr\u00e9fet de la r\u00e9gion\n\u00cele-de-France relatifs au L. 333-2 du code rural et de la p\u00eache maritime\n(loi dite Sempastous) (1 page) Page 14\nMission nationale de contr\u00f4le et d'audit des organismes de s\u00e9curit\u00e9\nsociale  / Antenne Paris\nIDF-2026-01-01-00001 - Arr\u00eat\u00e9 du 1er janvier 2026 portant nomination\ndes membres de l'instance r\u00e9gionale de la protection sociale des\ntravailleurs ind\u00e9pendants d'Ile-de-France (Arr\u00eat\u00e9 initial IRPSTI\nIle-de-France)  (4 pages) Page 16\n2\nAgence R\u00e9gionale de Sant\u00e9\nIDF-2025-12-18-00026\nArr\u00eat\u00e9 n\u00b0 DOS/EFF/OFF/2025/131 constatant la\ncaducit\u00e9 d'une licence d'une officine de\npharmacie\nAgence R\u00e9gionale de Sant\u00e9 - IDF-2025-12-18-00026 - Arr\u00eat\u00e9 n\u00b0 DOS/EFF/OFF/2025/131 constatant la caducit\u00e9 d'une licence d'une\nofficine de pharmacie 3\nREPUBLIQUEFRANCAISELibert\u00e9\u00c9galit\u00e9Fraternit\u00e9 \u00a9 \u00bb Agence R\u00e9gionale de Sant\u00e9Ile-de-France\n \n \nAGENCE R\u00c9GIONALE DE SANT\u00c9 \u00ceLE-DE-FRANCE \nARR\u00caT\u00c9 N\u00b0 DOS/EFF/OFF/2025/131  \nconstatant la caducit\u00e9 d'une licence d'une officine de pharmacie \n \nLE DIRECTEUR G\u00c9N\u00c9RAL DE L'AGENCE R\u00c9GIONALE DE SANT\u00c9 \u00ceLE-DE-FRANCE \n \nVU le code de la sant\u00e9 publique ; \n \nVU le d\u00e9cret du 10 avril 2024 portant nomination de Monsieur Denis ROBIN, Directeur g\u00e9n\u00e9ral de l'Agence R\u00e9gionale \nde Sant\u00e9 (ARS) \u00cele-de-France, \u00e0 compter du 29 avril 2024 ;  \n \nVU l'arr\u00eat\u00e9 n\u00b0 DS 034/2024 du 29 avril 2024, publi\u00e9 le 30 avril 2024, portant d\u00e9l\u00e9gation de signature du Directeur \ng\u00e9n\u00e9ral de l'ARS \u00cele-de-France \u00e0 Monsieur Arnaud CORVAISIER, Directeur de l'Offre de soins et \u00e0 plusieurs de \nses collaborateurs ; \n \nVU l'arr\u00eat\u00e9 en date du 27 novembre 1964 , portant octroi de la licence n\u00b0 77#000204 \u00e0 l'officine de pharmacie  sise  \n13 rue de l'Avenir \u00e0 Longueville (77650) ; \n \nVU l'arr\u00eat\u00e9 n\u00b0 DOS/EFF/OFF/2025-60 en date du 16 mai 2025 ayant autoris\u00e9 le transfert d'une officine de pharmacie \nvers le 24 route de Bray \u00e0 Longueville (77650) et octroyant la licence n\u00b077#000629 \u00e0 l'officine de pharmacie ainsi \ntransf\u00e9r\u00e9e ; \n \nVU \n \nla d\u00e9claration en date du 13 novembre 2025 par laquelle Madame Carine PICCOLO informe l'Agence r\u00e9gionale \nde sant\u00e9 de l'ouverture effective au public de l'officine sise 24 route de Bray \u00e0 Longueville (77650) suite \u00e0 transfert \net restitue la licence n\u00b0 77#000204 ; \n \nCONSIDERANT que l'officine de pharmacie issue du transfert autoris\u00e9 par arr\u00eat\u00e9 du 16 mai 2025 susvis\u00e9 , sise 24 \nroute de Bray \u00e0 Longueville (77650) et  exploit\u00e9e sous la licence n\u00b0 77#000629, est effectivement \nouverte au public \u00e0 compter du 08 d\u00e9cembre 2025 ; \n \nCONSIDERANT que l'ouverture au public de l'officine exploit\u00e9e sous la licence n\u00b077#000629 entra\u00eene la caducit\u00e9 de \nla licence n\u00b077#000204 ;  \n \nCONSIDERANT qu'il y a lieu de constater cette caducit\u00e9 ; \n \n \nARR\u00caTE \n \nARTICLE 1er : Est constat\u00e9e, \u00e0 compter du 08 d\u00e9cembre 2025 , la caducit\u00e9 de la licence n\u00b0 77#000204, du fait  \nde l'ouverture effective au public, sous la licence n\u00b0 77#000629, de l'officine de pharmacie issue  \ndu transfert vers le local sis 24 route de Bray \u00e0 Longueville (77650). \n \nARTICLE 2e : Un recours contentieux contre le pr\u00e9sent arr\u00eat\u00e9 peut \u00eatre form\u00e9 aupr\u00e8s du tribunal administratif \ncomp\u00e9tent. Le d\u00e9lai de recours est de deux mois \u00e0 compter de la notification de l'arr\u00eat\u00e9 pour les \nint\u00e9ress\u00e9s ou de sa publication pour les tiers. \n \nARTICLE 3e : Le Directeur g\u00e9n\u00e9ral de l'Agence r\u00e9gionale de sant\u00e9 \u00cele-de-France est charg\u00e9 de l'ex\u00e9cution  \ndu pr\u00e9sent arr\u00eat\u00e9 qui sera publi\u00e9 au recueil des actes administratifs de la pr\u00e9fecture de la r\u00e9gion \n\u00cele-de-France.         \nFait \u00e0 Saint-Denis, le 18 d\u00e9cembre 2025 \n \nLe Directeur g\u00e9n\u00e9ral \nde l'Agence r\u00e9gionale de sant\u00e9  \n\u00cele-de-France \n \nPar d\u00e9l\u00e9gation \n \nLe Directeur du P\u00f4le Efficience \n \nSIGN\u00c9 \n \nFabien P\u00c9RUS \n \nAgence R\u00e9gionale de Sant\u00e9 - IDF-2025-12-18-00026 - Arr\u00eat\u00e9 n\u00b0 DOS/EFF/OFF/2025/131 constatant la caducit\u00e9 d'une licence d'une\nofficine de pharmacie 4\nAgence R\u00e9gionale de Sant\u00e9\nIDF-2025-12-18-00029\nArr\u00eat\u00e9 n\u00b0 DOS/EFF/OFF/2025/132 portant\nmodification de l'arr\u00eat\u00e9 N\u00b0\nDOS/EFF/OFF/2024/114 du 29 octobre 2024 ayant\nautoris\u00e9 l'installation par transfert\nAgence R\u00e9gionale de Sant\u00e9 - IDF-2025-12-18-00029 - Arr\u00eat\u00e9 n\u00b0 DOS/EFF/OFF/2025/132 portant modification de l'arr\u00eat\u00e9 N\u00b0\nDOS/EFF/OFF/2024/114 du 29 octobre 2024 ayant autoris\u00e9 l'installation par transfert 5\nREPUBLIQUEFRANCAISELibert\u00e9Egalit\u00e9Fraternit\u00e9\n\u00a9 D Agence R\u00e9gionale de Sant\u00e9\u00cele-de-France\n \n \n1/1 \nAGENCE R\u00c9GIONALE DE SANT\u00c9 \u00ceLE-DE-FRANCE \nARR\u00caT\u00c9 N\u00b0 DOS/EFF/OFF/2025/132 \n  \nportant modification de l'arr\u00eat\u00e9 N\u00b0 DOS/EFF/OFF/2024/114 du 29 octobre 2024  \nayant autoris\u00e9 l'installation par transfert \n \nLE DIRECTEUR G\u00c9N\u00c9RAL DE L'AGENCE R\u00c9GIONALE DE SANT\u00c9 \u00ceLE-DE-FRANCE  \n \nVU le d\u00e9cret du 10 avril 2024 portant nomination de Monsieur Denis ROBIN, Directeur g\u00e9n\u00e9ral de l'Agence r\u00e9gionale \nde sant\u00e9 \u00cele-de-France, \u00e0 compter du 29 avril 2024. \n \nVU l'arr\u00eat\u00e9 n\u00b0 DS 034/2024 du 29 avril 2024, publi\u00e9 le 30 avril 2024, portant d\u00e9l\u00e9gation de signature du Directeur \ng\u00e9n\u00e9ral de l'Agence r\u00e9gionale de sant\u00e9 \u00cele -de-France \u00e0 Monsieur Arnaud CORVAISIER, Directeur de l' Offre de \nsoins et \u00e0 plusieurs de ses collaborateurs ;  \n \nVU  l'arr\u00eat\u00e9 en date du 29 octobre 2024  portant octroi de la licence n\u00b077#000627 \u00e0 la suite de son installation par \ntransfert \u00e0 l'angle de la rue de l'Epinette et de la rue des Grouettes \u00e0 Magny-le-Hongre (77700) ; \n \nVU la demande en date du 14 novembre 2025 par laquelle Monsieur Jean-Luc GENIN sollicite la modification de la \nlicence n\u00b0 77#000627 ; \n \nCONSIDERANT \n \n \n \nque la Mairie de Magny-le-Hongre (77700)  a proc\u00e9d\u00e9 \u00e0 un num\u00e9rotage rectificatif au sein  de la \ncommune ; \nCONSIDERANT \n \nqu'il convient de tenir compte de cette nouvelle num\u00e9rotation et que l'arr\u00eat\u00e9 de la licence de cr\u00e9ation \nn\u00b0 77#000627 de l'officine de pharmacie dont Monsieur Jean -Luc GENIN est titulaire, en date du  \n29 octobre 2024, doit \u00eatre rectifi\u00e9 en cons\u00e9quence ; \n \nCONSIDERANT que les conditions d'exploitation de l'officine dont Monsieur Jean-Luc GENIN est titulaire sont pour \nle reste inchang\u00e9es ; \nARR\u00caTE \n \nARTICLE1er : \n \n \nL'arr\u00eat\u00e9 en date du 29 octobre 2024, autorisant l'installation par transfert de l'officine de pharmacie de \nMonsieur Jean-Luc GENIN est modifi\u00e9 comme suit, \n \nLes termes :   \n\u00ab angle de la rue de l'Epinette et de la rue de Grouettes \u00e0 Magny-le-Hongre (77700) \u00bb \n \nsont remplac\u00e9s par les termes : \n\u00ab 28 rue de l'Epinette \u00e0 Magny-le-Hongre (77700) \u00bb \n \nLe reste sans changement. \nARTICLE 2e : Un recours contentieux contre le pr\u00e9sent arr\u00eat\u00e9 peut \u00eatre form\u00e9 aupr\u00e8s du Tribunal administratif \ncomp\u00e9tent. Le d\u00e9lai de recours est de deux mois \u00e0 compter de la notification de l'arr\u00eat\u00e9 pour les \nint\u00e9ress\u00e9s ou de sa publication pour les tiers. \n \nARTICLE 3e : Le Directeur  g\u00e9n\u00e9ral de l'Agence r\u00e9gionale de sant\u00e9 \u00cele-de-France est charg\u00e9 de l'ex\u00e9cution du \npr\u00e9sent arr\u00eat\u00e9 qui sera publi\u00e9 au recueil des actes administratifs de la pr\u00e9fecture de la r\u00e9gion  \nIle-de-France. \n \nFait \u00e0 Saint-Denis, le 18 d\u00e9cembre 2025 \n \nLe Directeur g\u00e9n\u00e9ral \nde l'Agence r\u00e9gionale de sant\u00e9  \n\u00cele-de-France \n \nPar d\u00e9l\u00e9gation \n \nLe Directeur du P\u00f4le Efficience \n \nSIGN\u00c9 \n \nFabien P\u00c9RUS \nAgence R\u00e9gionale de Sant\u00e9 - IDF-2025-12-18-00029 - Arr\u00eat\u00e9 n\u00b0 DOS/EFF/OFF/2025/132 portant modification de l'arr\u00eat\u00e9 N\u00b0\nDOS/EFF/OFF/2024/114 du 29 octobre 2024 ayant autoris\u00e9 l'installation par transfert 6\n2/2 \n \n \nAgence R\u00e9gionale de Sant\u00e9 - IDF-2025-12-18-00029 - Arr\u00eat\u00e9 n\u00b0 DOS/EFF/OFF/2025/132 portant modification de l'arr\u00eat\u00e9 N\u00b0\nDOS/EFF/OFF/2024/114 du 29 octobre 2024 ayant autoris\u00e9 l'installation par transfert 7\nAgence R\u00e9gionale de Sant\u00e9\nIDF-2025-12-18-00028\nArr\u00eat\u00e9 n\u00b0 DOS/EFF/OFF/2025/133 constatant la\ncaducit\u00e9 d'une licence d'une officine de\npharmacie\nAgence R\u00e9gionale de Sant\u00e9 - IDF-2025-12-18-00028 - Arr\u00eat\u00e9 n\u00b0 DOS/EFF/OFF/2025/133 constatant la caducit\u00e9 d'une licence d'une\nofficine de pharmacie 8\nREPUBLIQUEFRANCAISELibert\u00e9Egalit\u00e9Fraternit\u00e9\ne \u00bb Agence R\u00e9gionale de Sant\u00e9Ile-de-France\n \n \n1/2 \nAGENCE R\u00c9GIONALE DE SANT\u00c9 \u00ceLE-DE-FRANCE \n \nARR\u00caT\u00c9 N\u00b0 DOS/EFF/OFF/2025/133  \nconstatant la caducit\u00e9 d'une licence d'une officine de pharmacie \n \nLE DIRECTEUR G\u00c9N\u00c9RAL DE L'AGENCE R\u00c9GIONALE DE SANT\u00c9 \u00ceLE-DE-FRANCE \n \nVU le code de la sant\u00e9 publique ; \n \nVU le d\u00e9cret du 10 avril 2024 portant nomination de Monsieur Denis ROBIN, Directeur g\u00e9n\u00e9ral de l'Agence r\u00e9gionale \nde sant\u00e9 \u00cele-de-France, \u00e0 compter du 29 avril 2024 ;  \n \nVU l'arr\u00eat\u00e9 n\u00b0 DS 034/2024 du 29 avril 2024, publi\u00e9 le 30 avril 2024, portant d\u00e9l\u00e9gation de signature du Directeur \ng\u00e9n\u00e9ral de l'Agence r\u00e9gionale de sant\u00e9 \u00cele-de-France \u00e0 Monsieur Arnaud CORVAISIER, Directeur de l'Offre de \nsoins et \u00e0 plusieurs de ses collaborateurs ; \n \nVU l'arr\u00eat\u00e9 en date du 30 juin 1943 , portant octroi de la licence n\u00b0 78#000100 \u00e0 l' officine de pharmacie  sise  \n6 rue Gambetta \u00e0 MANTES-LA-JOLIE (78200) ; \n \nVU l'arr\u00eat\u00e9 n\u00b0 DOS/EFF/OFF/2025-66 en date du 20 juin 2025 ayant autoris\u00e9 le regroupement de deux officines  \nde ph armacie et octroyant la licence  n\u00b078#001325 \u00e0 l'officin e de pharmacie  issue du regroupement , \nsise 6 rue Gambetta \u00e0 MANTES-LA-JOLIE (78200) ; \n \nVU \n \nla d\u00e9claration en date du 04 novembre 2025 par laquelle Madame Olivia TEMBO informe l'Agence r\u00e9gionale de \nsant\u00e9 de l'ouverture effective au public de l'officine sise 6 rue Gambetta \u00e0 MANTES-LA-JOLIE (78200) suite au \nregroupement et restitue la licence n\u00b078#000100 ; \n \n \nCONSIDERANT que l'officine de pharmacie issue du regroupement autoris\u00e9 par arr\u00eat\u00e9 du 20 juin 2025 susvis\u00e9, \nsise 6 rue Gambetta \u00e0 MANTES-LA-JOLIE (78200) et exploit\u00e9e sous la licence n\u00b0 78#001325, \nest effectivement ouverte au public \u00e0 compter du 7 novembre 2025 ; \n \nCONSIDERANT que l'ouverture au public de l'officine exploit\u00e9e sous la licence n\u00b078#001325 entra\u00eene la caducit\u00e9 \nde la licence n\u00b078#000100 ;  \n \nCONSIDERANT qu'il y a lieu de constater cette caducit\u00e9 ; \n \n \n \nARR\u00caTE \n \n \nARTICLE 1er : Est constat\u00e9e, \u00e0 compter du 07 novembre 2025, la caducit\u00e9 de la licence n\u00b078#000100, du fait \nde l'ouverture effective au public, sous la licence n\u00b078#001325, de l'officine de pharmacie issue \ndu regroupement de deux officines vers le local sis 6 rue Gambetta \u00e0 Mantes-la-Jolie (78200). \n \n \nAgence R\u00e9gionale de Sant\u00e9 - IDF-2025-12-18-00028 - Arr\u00eat\u00e9 n\u00b0 DOS/EFF/OFF/2025/133 constatant la caducit\u00e9 d'une licence d'une\nofficine de pharmacie 9\n \nARTICLE 2e : Un recours contentieux contre le pr\u00e9sent arr\u00eat\u00e9 peut \u00eatre form\u00e9 aupr\u00e8s du tribunal administratif \ncomp\u00e9tent. Le d\u00e9lai de recours est de deux mois \u00e0 compter de la notification de l'arr\u00eat\u00e9 pour les \nint\u00e9ress\u00e9s ou de sa publication pour les tiers. \n \nARTICLE 3e : Le Directeur g\u00e9n\u00e9ral de l'Agence r\u00e9gionale de sant\u00e9 \u00cele-de-France est charg\u00e9 de l'ex\u00e9cution  \ndu pr\u00e9sent arr\u00eat\u00e9 qui sera publi\u00e9 au recueil des actes administratifs de la pr\u00e9fecture de la r\u00e9gion \n\u00cele-de-France. \n        \n \nFait \u00e0 Saint-Denis, le 18 d\u00e9cembre 2025 \n \n \nLe Directeur g\u00e9n\u00e9ral \nde l'Agence r\u00e9gionale de sant\u00e9  \n\u00cele-de-France \n \nPar d\u00e9l\u00e9gation \n \nLe Directeur du P\u00f4le Efficience \n \nSIGN\u00c9 \n \nFabien P\u00c9RUS \nAgence R\u00e9gionale de Sant\u00e9 - IDF-2025-12-18-00028 - Arr\u00eat\u00e9 n\u00b0 DOS/EFF/OFF/2025/133 constatant la caducit\u00e9 d'une licence d'une\nofficine de pharmacie 10\nAgence R\u00e9gionale de Sant\u00e9\nIDF-2025-12-18-00027\nArr\u00eat\u00e9 n\u00b0 DOS/EFF/OFF/2025/134 constatant la\ncaducit\u00e9 d'une licence d'une officine de\npharmacie\nAgence R\u00e9gionale de Sant\u00e9 - IDF-2025-12-18-00027 - Arr\u00eat\u00e9 n\u00b0 DOS/EFF/OFF/2025/134 constatant la caducit\u00e9 d'une licence d'une\nofficine de pharmacie 11\nREPUBLIQUEFRANCAISELibert\u00e9Egalit\u00e9Fraternit\u00e9\ne \u00bb Agence R\u00e9gionale de Sant\u00e9Ile-de-France\n \n \n \nAGENCE R\u00c9GIONALE DE SANT\u00c9 \u00ceLE-DE-FRANCE \n \nARR\u00caT\u00c9 N\u00b0 DOS/EFF/OFF/2025/134  \nconstatant la caducit\u00e9 d'une licence d'une officine de pharmacie \n \nLE DIRECTEUR G\u00c9N\u00c9RAL DE L'AGENCE R\u00c9GIONALE DE SANT\u00c9 \u00ceLE-DE-FRANCE \n \nVU le code de la sant\u00e9 publique ; \n \nVU le d\u00e9cret du 10 avril 2024 portant nomination de Monsieur Denis ROBIN, Directeur g\u00e9n\u00e9ral de l'Agence r\u00e9gionale \nde sant\u00e9 \u00cele-de-France, \u00e0 compter du 29 avril 2024 ;  \n \nVU l'arr\u00eat\u00e9 n\u00b0 DS 034/2024 du 29 avril 2024, publi\u00e9 le 30 avril 2024, portant d\u00e9l\u00e9gation de signature du Directeur \ng\u00e9n\u00e9ral de l'Agence r\u00e9gionale de sant\u00e9 \u00cele -de-France \u00e0 Monsieur  Arnaud CORVAISIER, Directeur de l' Offre  \nde soins et \u00e0 plusieurs de ses collaborateurs ; \n \nVU l'arr\u00eat\u00e9 en date du  30 juin 1943 , portant octroi de la licence n\u00b0 78#000104 \u00e0 l' officine de pharmacie  sise  \n38 rue Portes aux Saints \u00e0 Mantes-la-Ville (78200) ; \n \nVU l'arr\u00eat\u00e9 n\u00b0 DOS/EFF/OFF/2025-66 en date du 20 juin 2025 ayant autoris\u00e9 le regroupement de deux officines de \npharmacie et octroyant la licence  n\u00b0 78#001325 \u00e0 l'officin e de pharmacie  issue du regroupement , sise  \n6 rue Gambetta \u00e0 Mantes-la-Jolie (78200) ; \n \nVU \n \nla d\u00e9claration en date du 04 novembre 2025 par laquelle Madame LESUEUR et Monsieur LEREDU informent \nl'Agence r\u00e9gionale de sant\u00e9 de l'ouverture effective au public de l'officine sise 6 rue Gambetta \u00e0 Mantes-la-Jolie \n(78200) suite au regroupement et restitue la licence n\u00b0 78#000104 ; \n \n \n \nCONSIDERANT que l'officine  de pharmacie  issue du regroupement autoris\u00e9 par arr\u00eat\u00e9 du  20 juin 2025  \nsusvis\u00e9, sise 6 rue Gambetta \u00e0 Mantes -la-Jolie (78200) et exploit\u00e9e sous la licence \nn\u00b078#001325, est effectivement ouverte au public \u00e0 compter du 07 novembre 2025 ; \n \nCONSIDERANT que l'ouverture au public de l'officine exploit\u00e9e sous la licence n\u00b0 78#001325 entra\u00eene la \ncaducit\u00e9 de la licence n\u00b078#000104 ;  \n \nCONSIDERANT qu'il y a lieu de constater cette caducit\u00e9 ; \n \n \n \nARR\u00caTE \n \n \nARTICLE 1er : Est constat\u00e9e, \u00e0 compter du 07 novembre 2025 , la caducit\u00e9 de la licence n\u00b0 78#000104,  \ndu fait de l'ouverture effective au public, sous la licence n\u00b0 78#001325, de l'officine de \npharmacie issue du  regroupement de deux officines  vers le local sis 6 rue Gambetta  \n\u00e0 Mantes-la-Jolie (78200). \n \nAgence R\u00e9gionale de Sant\u00e9 - IDF-2025-12-18-00027 - Arr\u00eat\u00e9 n\u00b0 DOS/EFF/OFF/2025/134 constatant la caducit\u00e9 d'une licence d'une\nofficine de pharmacie 12\n \n \nARTICLE 2e : Un recours contentieux contre le pr\u00e9sent arr\u00eat\u00e9 peut \u00eatre form\u00e9 aupr\u00e8s du tribunal \nadministratif comp\u00e9tent. Le d\u00e9lai de recours est de deux mois \u00e0 compter de la notification de \nl'arr\u00eat\u00e9 pour les int\u00e9ress\u00e9s ou de sa publication pour les tiers. \n \nARTICLE 3e : Le Directeur g\u00e9n\u00e9ral de l'Agence r\u00e9gionale de sant\u00e9 \u00cele-de-France est charg\u00e9 de l'ex\u00e9cution \ndu pr\u00e9sent arr\u00eat\u00e9 qui sera publi\u00e9 au recueil des actes administratifs de la pr\u00e9fecture de la \nr\u00e9gion \u00cele-de-France. \n \n \nFait \u00e0 Saint-Denis, le 18 d\u00e9cembre 2025 \n \n \nLe Directeur g\u00e9n\u00e9ral \nde l'Agence r\u00e9gionale de sant\u00e9  \n\u00cele-de-France \n \nPar d\u00e9l\u00e9gation \n \nLe Directeur du P\u00f4le Efficience \n \nSIGN\u00c9 \n \nFabien P\u00c9RUS \n \nAgence R\u00e9gionale de Sant\u00e9 - IDF-2025-12-18-00027 - Arr\u00eat\u00e9 n\u00b0 DOS/EFF/OFF/2025/134 constatant la caducit\u00e9 d'une licence d'une\nofficine de pharmacie 13\nDirection r\u00e9gionale et interd\u00e9partementale de\nl'alimentation, de l'agriculture et de la for\u00eat d'Ile\nde France\nIDF-2025-12-30-00003\nAutorisations tacites du pr\u00e9fet de la r\u00e9gion\n\u00cele-de-France relatifs au L. 333-2 du code rural et\nde la p\u00eache maritime (loi dite Sempastous)\nDirection r\u00e9gionale et interd\u00e9partementale de l'alimentation, de l'agriculture et de la for\u00eat d'Ile de France - IDF-2025-12-30-00003 -\nAutorisations tacites du pr\u00e9fet de la r\u00e9gion \u00cele-de-France relatifs au L. 333-2 du code rural et de la p\u00eache maritime (loi dite\nSempastous)\n14\nD\u00e9nomination sociale N\u00b0 SIREN D\u00e9nomination sociale N\u00b0 SIREN\nOS7525003101 GVF les Abeilles 514542877\nDomaine \nBerthelemot Brigitte - \nSCE\n388723314 19/06/2025 19/10/2025\nPARIS le 30 12 2025 La chef du service r\u00e9gionale d'\u00e9conomie agricole\nSign\u00e9\nPublication par voie d'extrait des autorisations tacites du pr\u00e9fet de la r\u00e9gion \u00cele-de-France relatifs au L. 333-2 du code rural et de la p\u00eache maritime (loi \ndite Sempastous)\nN\u00b0 dossier\nSoci\u00e9t\u00e9 faisant l'objet de la prise de \ncontr\u00f4le \nPersonne autoris\u00e9e \u00e0 la prise de \ncontr\u00f4le Date de l'accus\u00e9 r\u00e9ception \nde la SAFER Date de l'autorisation\nDirection r\u00e9gionale et interd\u00e9partementale de l'alimentation, de l'agriculture et de la for\u00eat d'Ile de France - IDF-2025-12-30-00003 -\nAutorisations tacites du pr\u00e9fet de la r\u00e9gion \u00cele-de-France relatifs au L. 333-2 du code rural et de la p\u00eache maritime (loi dite\nSempastous)\n15\nMission nationale de contr\u00f4le et d'audit des\norganismes de s\u00e9curit\u00e9 sociale \nIDF-2026-01-01-00001\nArr\u00eat\u00e9 du 1er janvier 2026 portant nomination\ndes membres de l'instance r\u00e9gionale de la\nprotection sociale des travailleurs ind\u00e9pendants\nd'Ile-de-France (Arr\u00eat\u00e9 initial IRPSTI Ile-de-France)\nMission nationale de contr\u00f4le et d'audit des organismes de s\u00e9curit\u00e9 sociale  - IDF-2026-01-01-00001 - Arr\u00eat\u00e9 du 1er janvier 2026 portant\nnomination des membres de l'instance r\u00e9gionale de la protection sociale des travailleurs ind\u00e9pendants d'Ile-de-France (Arr\u00eat\u00e9 initial\nIRPSTI Ile-de-France) \n16\n \nPage 1 sur 4 \n \nMission nationale de contr\u00f4le et d'audit des organismes de s\u00e9curit\u00e9 sociale \nR\u00e9gions Ile-de-France et Centre-Val de Loire \n  mnc-antenne-paris@sante.gouv.fr   \n21, rue Miollis \u2013 75015 PARIS \n \n \n \n \n \n \n \n \n \nMinist\u00e8re du travail et des solidarit\u00e9s \nMinist\u00e8re de la sant\u00e9, des familles, de l'autonomie et des personnes handicap\u00e9es \n \n \nARR\u00caT\u00c9 du 1er janvier 2026 portant nomination des membres de l'instance r\u00e9gionale de la protection \nsociale des travailleurs ind\u00e9pendants d'Ile-de-France \n \nLe ministre du travail et des solidarit\u00e9s \nLa ministre de la sant\u00e9, des familles, de l'autonomie et des personnes handicap\u00e9es \n \nVU le code de la s\u00e9curit\u00e9 sociale et notamment les articles L. 612-4, L. 612-6 et R. 612-1 ; \n \nVU l'arr\u00eat\u00e9 du 20 novembre 2024 portant d\u00e9l\u00e9gation de signature \u00e0 Monsieur Th\u00e9ophile TOSSAVI, Adjoint Chef \nd'antenne des r\u00e9gions Ile -de-France et Centre Val -de-Loire de la m ission nationale de contr\u00f4le et d'audit des \norganismes de s\u00e9curit\u00e9 sociale ; \n \nVU l'arr\u00eat\u00e9 du 20 octobre 2025 relatif \u00e0 la liste des organisations repr\u00e9sentatives des travailleurs ind\u00e9pendants et \n\u00e0 la r\u00e9partition des si\u00e8ges au sein des instances du conseil de la protection sociale des travailleurs ind\u00e9pendants ; \n \nVU les d\u00e9signations formul\u00e9es par les organisations et institutions habilit\u00e9es. \n \nARR\u00caTENT \n \nArticle 1er \nSont nomm\u00e9s membres de l'instance r\u00e9gionale de la protection sociale des travailleurs ind\u00e9pendants d'Ile-de-\nFrance : \n \n1\u00b0 En tant que repr\u00e9sentants des travailleurs ind\u00e9pendants actifs \n \nSur d\u00e9signation de l'Union des entreprises de proximit\u00e9 (U2P) : \n \nTitulaires : \n- Monsieur Mouhssine BERRADA  \n- Madame Isabelle BERTHE  \n- Monsieur Philippe GOSSELIN  \n- Madame Soraya MECILI MEHENNAOUI  \n- Madame Sandrine VILLETTE  \n- Madame Audrey YARGUI  \n- Si\u00e8ge vacant  \n \nSuppl\u00e9ants : \n- Madame Adeline KAMENI  \n- Monsieur Eric LUMBIERES  \n- Madame Emmanuelle SALUSTRO  \nArr\u00eat\u00e9 initial  \n \nPosition SDAC du 31/12/2025 \u2013 16h35 \nMission nationale de contr\u00f4le et d'audit des organismes de s\u00e9curit\u00e9 sociale  - IDF-2026-01-01-00001 - Arr\u00eat\u00e9 du 1er janvier 2026 portant\nnomination des membres de l'instance r\u00e9gionale de la protection sociale des travailleurs ind\u00e9pendants d'Ile-de-France (Arr\u00eat\u00e9 initial\nIRPSTI Ile-de-France) \n17\n \n \n Page 2 sur 4 \n  \n \n \n \n \n- Madame Sandrine ZANIDACHE  \n- Si\u00e8ge vacant  \n- Si\u00e8ge vacant  \n- Si\u00e8ge vacant \n \n \n \nSur d\u00e9signation de la Conf\u00e9d\u00e9ration des Petites et Moyennes Entreprises (CPME) : \nTitulaires : \n- Madame Maria DA SILVA  \n- Monsieur Frank DELVAU  \n- Madame Anne-Laure PASTRE  \n- Madame Roxane PERRAU \n \nSuppl\u00e9ants : \n- Si\u00e8ge vacant \n- Si\u00e8ge vacant \n- Si\u00e8ge vacant \n- Si\u00e8ge vacant \n \nSur d\u00e9signation de la F\u00e9d\u00e9ration Nationale des Auto-Entrepreneurs (FNAE) : \n \nTitulaires : \n- Monsieur Laurent HILY  \n- Madame Laetitia LOUBIERE \n \nSuppl\u00e9ants : \n- Monsieur Gr\u00e9goire LECLERCQ  \n- Monsieur Tristan SADEGHI    \n \nSur d\u00e9signation de la Chambre Nationale des Professions Lib\u00e9rales (CNPL) : \n \nTitulaires : \n- Madame Pascale GASTON  \n- Monsieur Ma\u00ebl MONFORT \n \nSuppl\u00e9ants : \n- Madame Carine GRADEL  \n- Si\u00e8ge vacant       \n \n2\u00b0 En tant que repr\u00e9sentants des travailleurs ind\u00e9pendants retrait\u00e9s \n \nSur d\u00e9signation de l'Union des entreprises de proximit\u00e9 (U2P) : \n \nTitulaires : \n- Madame Janine ADAM  \n- Monsieur Marcel BENEZET  \n- Madame No\u00eblle SARAGA   \n \nMission nationale de contr\u00f4le et d'audit des organismes de s\u00e9curit\u00e9 sociale  - IDF-2026-01-01-00001 - Arr\u00eat\u00e9 du 1er janvier 2026 portant\nnomination des membres de l'instance r\u00e9gionale de la protection sociale des travailleurs ind\u00e9pendants d'Ile-de-France (Arr\u00eat\u00e9 initial\nIRPSTI Ile-de-France) \n18\n \n \n Page 3 sur 4 \n  \n \n \n \n \n \n \n \nSuppl\u00e9ants : \n- Monsieur Bernard CARLIER  \n- Monsieur Dominique EURY  \n- Si\u00e8ge vacant   \n \nSur d\u00e9signation de la Conf\u00e9d\u00e9ration des Petites et Moyennes Entreprises (CPME) : \n \nTitulaires : \n- Monsieur Pascal FAURIAT  \n- Si\u00e8ge vacant    \n \nSuppl\u00e9ants : \n- Si\u00e8ge vacant \n- Si\u00e8ge vacant \n \n \nSur d\u00e9signation de la F\u00e9d\u00e9ration Nationale des Auto-Entrepreneurs (FNAE) : \n \nTitulaire : \n- Monsieur Albert NAHAMA \n \nSuppl\u00e9ant : \n- Monsieur Jacques LAURENT \n \n \nSur d\u00e9signation de la Chambre Nationale des Professions Lib\u00e9rales (CNPL) : \n \nTitulaire : \n- Monsieur Jacques LANG \n \nSuppl\u00e9ant : \n- Monsieur Renaud NADJAHI \n \n \n \n \n \n \n \n \n \n \n \n \n \n \n \nMission nationale de contr\u00f4le et d'audit des organismes de s\u00e9curit\u00e9 sociale  - IDF-2026-01-01-00001 - Arr\u00eat\u00e9 du 1er janvier 2026 portant\nnomination des membres de l'instance r\u00e9gionale de la protection sociale des travailleurs ind\u00e9pendants d'Ile-de-France (Arr\u00eat\u00e9 initial\nIRPSTI Ile-de-France) \n19\n \n \n Page 4 sur 4 \n  \n \n \n \n \nArticle 2 \n \nL'adjoint au chef d'antenne des r\u00e9gions Ile-de-France et Centre-Val de Loire de la Mission nationale de contr\u00f4le \net d'audit des organismes de s\u00e9curit\u00e9 sociale est charg\u00e9 de l'ex\u00e9cution du pr\u00e9sent arr\u00eat\u00e9, qui sera publi\u00e9 au recueil \ndes actes administratifs de la pr\u00e9fecture de la r\u00e9gion Ile-de-France. \n \n \n                                                                                 Fait \u00e0 Paris, le 1er janvier 2026 \n \n \n \n   \n \nLe ministre du Travail et des Solidarit\u00e9s \n \nPour le ministre et par d\u00e9l\u00e9gation : \n \n              Sign\u00e9 \n \n            Th\u00e9ophile TOSSA VI \n \n \nLa ministre de la Sant\u00e9, des Familles, de \nl'Autonomie et des Personnes handicap\u00e9es \n \nPour la ministre et par d\u00e9l\u00e9gation : \n \nSign\u00e9 \n            Th\u00e9ophile TOSSA VI \n \n \n \n \n             \n \n              \n \n \n \n \n \n \n \n \n \nMission nationale de contr\u00f4le et d'audit des organismes de s\u00e9curit\u00e9 sociale  - IDF-2026-01-01-00001 - Arr\u00eat\u00e9 du 1er janvier 2026 portant\nnomination des membres de l'instance r\u00e9gionale de la protection sociale des travailleurs ind\u00e9pendants d'Ile-de-France (Arr\u00eat\u00e9 initial\nIRPSTI Ile-de-France) \n20","date":"2026-01-05","first_seen_on":"2026-01-05T18:14:11+00:00","id":"894f565699943d3106bfb7117d04d146e1afeba9fdd24f029eecd04f44d11179","name":"recueil-idf-002-2026-01-RAA-nominatifs du 05.01.2026","pdf_creation_date":"2026-01-05T16:11:23+00:00","pdf_modification_date":null,"timezone":"Europe/Paris","url":"https://www.prefectures-regions.gouv.fr/ile-de-france/irecontenu/telechargement/134258/983842/file/recueil-idf-002-2026-01-RAA-nominatifs%20du%2005.01.2026.pdf"}
