{"administration":"pref21","administration_name":"Pr\u00e9fecture de C\u00f4te-d\u2019Or","content":"PR\u00c9FET\nDE LA C\u00d4TE-D'OR\nRECUEIL DES ACTES\nADMINISTRATIFS\nN\u00b021-2025-003\nPUBLI\u00c9 LE  4 JANVIER 2025\nSommaire\nPr\u00e9fecture de la C\u00f4te-d'Or / Direction des s\u00e9curit\u00e9s\n21-2025-01-04-00001 - Impressio\n   Arr\u00eat\u00e9 N\u00b0 10\nportant\nr\u00e9glementation temporaire de la circulation\n le r\u00e9seau routier de la\nC\u00f4te d'Or n (3 pages) Page 3\n2\nPr\u00e9fecture de la C\u00f4te-d'Or\nDirection des s\u00e9curit\u00e9s\n21-2025-01-04-00001\nImpressio\n   Arr\u00eat\u00e9 N\u00b0 10\nportant r\u00e9glementation temporaire de la\ncirculation\n le r\u00e9seau routier de la C\u00f4te d'Or n\nPr\u00e9fecture de la C\u00f4te-d'Or - 21-2025-01-04-00001 - Impressio\n   Arr\u00eat\u00e9 N\u00b0 10\nportant r\u00e9glementation temporaire de la circulation\n le r\u00e9seau routier de la C\u00f4te d'Or n\n3\nExPREFETDE LACOTE-D'ORLibert\u00e9Egalit\u00e9Fraternit\u00e9\nLe 4 janvier 2025\n   Arr\u00eat\u00e9 N\u00b0 10\nportant r\u00e9glementation temporaire de la circulation\n le r\u00e9seau routier de la C\u00f4te d'Or \nLe pr\u00e9fet de la r\u00e9gion Bourgogne-Franche-Comt\u00e9\nPr\u00e9fet de la C\u00f4te-d'Or\nVU le code g\u00e9n\u00e9ral des collectivit\u00e9s territoriales ;\nVU le code de la route, et notamment l'article R. 411-18 ;\nVU  le code de la voirie routi\u00e8re ;\nVU  le code g\u00e9n\u00e9ral des collectivit\u00e9s territoriales ;\nVU  le code p\u00e9nal ;\nVU  le code de la s\u00e9curit\u00e9 int\u00e9rieure, et notamment les articles R*122-2 et suivants relatifs aux  \npouvoirs des pr\u00e9fets de zone de d\u00e9fense et de s\u00e9curit\u00e9 ;\nVU  la loi n\u00b02004-811 du 13 ao\u00fbt 2004 modifi\u00e9e relatif \u00e0 la modernisation de la s\u00e9curit\u00e9 civile ;\nVU  le d\u00e9cret n\u00b0 2005-1499 du minist\u00e8re des transports, de l'\u00e9quipement, du tourisme et de la  \nmer du 05 d\u00e9cembre 2005 relatif \u00e0 la consistance du r\u00e9seau routier national ;\nVU  le d\u00e9cret n\u00b0 2004-374 du 29 avril 2004 relatif aux pouvoirs des pr\u00e9fets, \u00e0 l'organisation et  \n\u00e0 l'action des services de l'\u00c9tat dans les r\u00e9gions et d\u00e9partements ;\nVU l'arr\u00eat\u00e9 du 22 d\u00e9cembre 2020 relatif ausx interdictions compl\u00e9mentaires de circulation  \ndes v\u00e9hicules de transport de mati\u00e8res dangereuses ;\nVU le d\u00e9cret n\u00b02002-84 du 16 janvier 2002 relatif aux pouvoirs du pr\u00e9fet de zone ;\nVU la  circulaire  du  28  d\u00e9cembre  2011  relative  \u00e0  la  gestion  de  la  circulation  routi\u00e8re  : \npr\u00e9paration et gestion des situations de crises routi\u00e8res ;\nPr\u00e9fecture de la C\u00f4te-d'Or - 21-2025-01-04-00001 - Impressio\n   Arr\u00eat\u00e9 N\u00b0 10\nportant r\u00e9glementation temporaire de la circulation\n le r\u00e9seau routier de la C\u00f4te d'Or n\n4\nVU l'arr\u00eat\u00e9 du 16 avril 2021 relatif \u00e0 l'interdiction de circulation des v\u00e9hicules de transport de  \nmarchandises \u00e0 certaines p\u00e9riodes ;\nVU la note technique interminist\u00e9rielle du 20 mai 2016 relative au renfort de la participation  \ndes DREAL de zone et des DIR de zone au dispositif de veille, de pr\u00e9-crise et d'assistance \u00e0 la  \ngestion de crise comme cons\u00e9quence de la suppression des centres r\u00e9gionaux d'information  \net de coordination routi\u00e8re et du centre national d'information routi\u00e8re ;\nVU  la note technique (Zone Est) du 10 juillet 2017 relative aux modalit\u00e9s de gestion des  \n\u00e9v\u00e9nements zonaux de circulation routi\u00e8re ;\n \nVU l'arr\u00eat\u00e9 pr\u00e9fectoral zonal n\u00b0 2020-08/EMIZ du 12 novembre 2020 relatif \u00e0 la gestion des  \n\u00e9v\u00e8nements zonaux de circulation routi\u00e8re ;\nVU  l'arr\u00eat\u00e9 pr\u00e9fectoral zonal n\u00b02025-01/EMIZ du 04 janvier 2025 portant r\u00e9glementation  \nde la circulation des v\u00e9hicules sur le r\u00e9seau routier structurant.\nConsid\u00e9rant les informations m\u00e9t\u00e9orologiques \u00e9mises par les services de M\u00e9t\u00e9o-France pour  \nla p\u00e9riode du 04/01/2025-16h00 au 04/01/2025-22h00 dans le d\u00e9partement de la C\u00f4te d'Or ;\nConsid\u00e9rant que les chutes de neige ou des pluies vergla\u00e7antes sont susceptibles d'entra\u00eener  \nune forte d\u00e9gradation des conditions de circulation particuli\u00e8rement pour les poids lourds.\nConsid\u00e9rant que l a s\u00e9curit\u00e9 routi\u00e8re n\u00e9cessite temporairement la prescription de mesures  \nparticuli\u00e8res,\nSur proposition de la Mme la directrice d\u00e9partementale des territoires \nARR\u00caTE\nArticle 1er : La circulation des v\u00e9hicules articul\u00e9s, trains doubles ou ensemble de v\u00e9hicules \nayant un Poids Total Autoris\u00e9 en Charge ou un poids total roulant autoris\u00e9 de plus 7,5 tonnes \nest suspendue dans les deux sens de circulation sur l'ensemble des routes d\u00e9sign\u00e9es ci-apr\u00e8s, \n\u00e0 compter du 04/01/2025 de 16h \u00e0 22h :\nA31, A36, A39, A6, A38, M274.\nArticle 2 : Les v\u00e9hicules en circulation concern\u00e9s vis\u00e9s \u00e0 l'article 1 devront stationner en tout \nlieu possible sur indication des forces de l'ordre et suivre les instructions de ces derni\u00e8res.\nArticle 3 : Les prescriptions figurant \u00e0 l'article 1 ne s'appliquent pas aux v\u00e9hicules, des forces \nde l'ordre, de la s\u00e9curit\u00e9 civile, de transports urbains, aux v\u00e9hicules d'incendie et de secours, \naux v\u00e9hicules des gestionnaires du r\u00e9seau routier, aux v\u00e9hicules des entreprises travaillant \npour ceux-ci, ainsi qu'aux v\u00e9hicules de d\u00e9pannage, de remorquage et de levage agr\u00e9\u00e9s sur le \nr\u00e9seau routier et aux v\u00e9hicules assurant des transports d'urgence.\nPr\u00e9fecture de la C\u00f4te-d'Or - 21-2025-01-04-00001 - Impressio\n   Arr\u00eat\u00e9 N\u00b0 10\nportant r\u00e9glementation temporaire de la circulation\n le r\u00e9seau routier de la C\u00f4te d'Or n\n5\nExPREFETDE LACOTE-D'ORLibert\u00e9Egalit\u00e9Fraternit\u00e9\nArticle 4 : Le Sous Pr\u00e9f\u00e8t ou  directeur de cabinet du  pr\u00e9fet, le directeur d\u00e9partemental de la \nS\u00e9curit\u00e9 Publique, le Colonel Commandant le Groupement de Gendarmerie de la C\u00f4te d'Or \nsont charg\u00e9s, chacun en ce qui le concerne, de l'ex\u00e9cution du pr\u00e9sent arr\u00eat\u00e9.\nFait \u00e0 Dijon, le 04/01/2025\nLe PREFET\nPour le pr\u00e9fet et par d\u00e9l\u00e9gtation,\nLa secr\u00e9taire g\u00e9n\u00e9rale adjointe\nSIGNE\nAmelle GHAYOU\nPr\u00e9fecture de la C\u00f4te-d'Or - 21-2025-01-04-00001 - Impressio\n   Arr\u00eat\u00e9 N\u00b0 10\nportant r\u00e9glementation temporaire de la circulation\n le r\u00e9seau routier de la C\u00f4te d'Or n\n6","date":"2025-01-04","first_seen_on":"2025-09-13T22:53:55+00:00","id":"8980e6d756dbcf1fc3a58e8a49a5c5a1dbcfd39f5cb87c986884177f198d2de3","name":"RAA n\u00b0 003 du 04 janvier 2025","pdf_creation_date":"2025-01-04T17:25:50+00:00","pdf_modification_date":null,"timezone":"Europe/Paris","url":"https://www.cote-dor.gouv.fr/contenu/telechargement/22601/172771/file/recueil-21-2025-003-recueil-des-actes-administratifs.pdf"}
