{"administration":"pref21","administration_name":"Pr\u00e9fecture de C\u00f4te-d\u2019Or","content":"PR\u00c9FET\nDE LA C\u00d4TE-D'OR\nRECUEIL DES ACTES\nADMINISTRATIFS SP\u00c9CIAL\nN\u00b021-2025-123\nPUBLI\u00c9 LE 12 SEPTEMBRE 2025\nSommaire\nCentre Hospitalier de la Haute C\u00f4te-d'Or /\n21-2025-09-08-00010 - D\u00e9cision n\u00b02025-18 Portant d\u00e9l\u00e9gations de\nsignature de la Directrice du CH de Semur-en-Auxois, du CH de la Haute\nC\u00f4te d'Or, et de L'EHPAD de Moutiers-Saint-Jean \u00e0 compter du\n15/09/2025. (10 pages) Page 5\nCentre Hospitalier de Semur-en-Auxois /\n21-2025-09-08-00009 - D\u00e9cision n\u00b02025-18 Portant d\u00e9l\u00e9gations de\nsignature de la Directice du CH de Semur-en-Auxois, du CH de la Haute\nC\u00f4te d'Or et de l'EHPAD de Moutiers-Saint-Jean \u00e0 compter du\n15/09/2025. (10 pages) Page 16\nDirection d\u00e9partementale de l'emploi, du travail et des solidarit\u00e9s de\nC\u00f4te-d'Or /\n21-2025-09-12-00004 - Arr\u00eat\u00e9 portant Agr\u00e9ment SAP - Expansion 21\nAuxonne (4 pages) Page 27\n21-2025-09-12-00006 - Arr\u00eat\u00e9 portant modification d'agr\u00e9ment SAP -\nExpansion 21 Beaune (3 pages) Page 32\n21-2025-09-09-00011 - Arr\u00eat\u00e9 portant renouvellement d'agr\u00e9ment SAP\n- CLT SERVICES (3 pages) Page 36\n21-2025-09-12-00007 - d\u00e9claration Vieira Da Silva SAPn\u00b0991215989 (2\npages) Page 40\n21-2025-09-12-00002 - R\u00e9c\u00e9piss\u00e9 d\u00e9claration modificative SAP -\nEXPANSION 21 AUXONNE n\u00b0 SAP/921464475 (2 pages) Page 43\n21-2025-09-12-00005 - R\u00e9c\u00e9piss\u00e9 d\u00e9claration modificative SAP -\nEXPANSION 21 BEAUNE (2 pages) Page 46\n21-2025-09-09-00010 - R\u00e9c\u00e9piss\u00e9 d\u00e9claration SAP n\u00b0915127260 -\nREMY Pauline (2 pages) Page 49\n21-2025-09-12-00009 - R\u00e9c\u00e9piss\u00e9 d\u00e9claration SAP n\u00b0942306218 -\nBONNET Guillaume (2 pages) Page 52\n21-2025-09-12-00001 - R\u00e9c\u00e9piss\u00e9 d\u00e9claration SAP n\u00b0989043823 -\nLEQUET Patrick (2 pages) Page 55\n21-2025-09-12-00010 - R\u00e9c\u00e9piss\u00e9 d\u00e9claration SAP n\u00b0991028754 -\nAHMED HOUMADI Mouzna (2 pages) Page 58\n21-2025-09-09-00009 - R\u00e9c\u00e9piss\u00e9 d\u00e9claration SAP n\u00b0991106261 -\nRACLET Anne-Marie (2 pages) Page 61\n21-2025-09-12-00008 - R\u00e9c\u00e9piss\u00e9 sign\u00e9 EL JENDKAOUI ZAHRA\nn\u00b0SAP991023474  (2 pages) Page 64\n21-2025-09-12-00003 - R\u00e9c\u00e9piss\u00e9 sign\u00e9 GRIVOT GARDEN\nn\u00b0SAP989475140 (2 pages) Page 67\n2\nDirection d\u00e9partementale des territoires de la C\u00f4te-d'Or / Service\n\u00c9conomie Agricole et Environnement des Exploitations\n21-2025-05-22-00010 - D\u00e9cision pr\u00e9fecorale de retrait de l'agr\u00e9ment\ndu GAEC ROBIN (2 pages) Page 70\n21-2025-04-14-00011 - D\u00e9cision pr\u00e9fectorale de retrait de l'agr\u00e9ment\ndu GAEC de la grange Emery (2 pages) Page 73\n21-2025-05-22-00009 - D\u00e9cision pr\u00e9fectorale de retrait de l'agr\u00e9ment\ndu GAEC de la petite Dree (2 pages) Page 76\n21-2025-05-22-00008 - D\u00e9cision pr\u00e9fectorale de retrait de l'agr\u00e9ment\ndu GAEC de la Rente de bray (2 pages) Page 79\n21-2025-01-21-00010 - D\u00e9cision pr\u00e9fectorale de retrait de l'agr\u00e9ment\ndu GAEC des Menclas (2 pages) Page 82\n21-2025-04-24-00005 - D\u00e9cision pr\u00e9fectorale de retrait de l'agr\u00e9ment\ndu GAEC les cordins (2 pages) Page 85\n21-2025-06-17-00003 - D\u00e9cision pr\u00e9fectorale de retrait de l'agr\u00e9ment\ndu GAEC NEAULT (2 pages) Page 88\n21-2025-04-14-00012 - D\u00e9cision pr\u00e9fectorale de retrait de l'agr\u00e9ment\ndu GAEC NIOT (2 pages) Page 91\nDirection d\u00e9partementale des territoires de la C\u00f4te-d'Or / Service\nPr\u00e9servation et Am\u00e9nagement de l'Espace (SPAE)\n21-2025-09-10-00001 - Arr\u00eat\u00e9 pr\u00e9fectoral du 10 septembre\n2025\nportant renouvellement de l'agr\u00e9ment de l'association les\nAmis de la terre C\u00f4te-d'Or\nau titre de la protection de\nl'environnement (2 pages) Page 94\nDirection d\u00e9partementale des territoires de la C\u00f4te-d'Or / Service\nS\u00e9curit\u00e9 et Education Routi\u00e8re\n21-2025-09-09-00008 - AP 1388 20250909 RAA M274\nExerciceAnnuelTunnelTalant (5 pages) Page 97\n21-2025-09-11-00003 - AP 1399 20250911 RAA ALYCE A6A38 (3 pages) Page 103\nPr\u00e9fecture de la C\u00f4te-d'Or / Direction de la coordination, des politiques\npubliques et de l'appui territorial\n21-2025-09-08-00007 - arr\u00eat\u00e9 pr\u00e9fectoral de r\u00e9alisation de travaux\nd'office pour la mise en s\u00e9curit\u00e9 du site de la   SCMB BLISS \u00e0\nMONTBARD (3 pages) Page 107\n21-2025-09-08-00008 - arr\u00eat\u00e9 pr\u00e9fectoral portant occupation des sols\nsur l'ancien site de SCMB BLISS \u00e0 MONTBARD (4 pages) Page 111\nPr\u00e9fecture de la C\u00f4te-d'Or / Direction des Collectivit\u00e9s locales et des\nElections\n21-2025-09-04-00002 - Arr\u00eat\u00e9 pr\u00e9fectoral n\u00b0 1373 portant\nmodification de la commission de contr\u00f4le des listes \u00e9lectorales de la\ncommune de BELLEFOND (1 page) Page 116\n3\n21-2025-08-29-00005 - Arr\u00eat\u00e9 pr\u00e9fectoral portant restitution de la\ncomp\u00e9tence facultative cr\u00e9ation, gestion et entretien de la chambre\nfun\u00e9raire de la communaut\u00e9 de communes Tille et Venelle (4 pages) Page 118\nPr\u00e9fecture de la C\u00f4te-d'Or / P\u00f4le juridique inter-services\n21-2025-09-11-00002 - Arr\u00eat\u00e9 pr\u00e9fectoral N\u00b0  1394  du   11 septembre\n2025  donnant d\u00e9l\u00e9gation de signature \u00e0 Madame Mathilde\nMARMIER,\nDirectrice G\u00e9n\u00e9rale de l'Agence R\u00e9gionale de Sant\u00e9 de\nBourgogne-Franche-Comt\u00e9, \n               pour la C\u00f4te-d'Or (4 pages) Page 123\nSous-pr\u00e9fecture de Beaune / P\u00f4le Collectivit\u00e9s locales\n21-2025-09-11-00004 - Arr\u00eat\u00e9 pr\u00e9fectoral 09-25 autorisation The\nMosquitos Drag Race sign\u00e9 (4 pages) Page 128\n4\nCentre Hospitalier de la Haute C\u00f4te-d'Or\n21-2025-09-08-00010\nD\u00e9cision n\u00b02025-18 Portant d\u00e9l\u00e9gations de\nsignature de la Directrice du CH de\nSemur-en-Auxois, du CH de la Haute C\u00f4te d'Or,\net de L'EHPAD de Moutiers-Saint-Jean \u00e0 compter\ndu 15/09/2025.\nCentre Hospitalier de la Haute C\u00f4te-d'Or - 21-2025-09-08-00010 - D\u00e9cision n\u00b02025-18 Portant d\u00e9l\u00e9gations de signature de la Directrice\ndu CH de Semur-en-Auxois, du CH de la Haute C\u00f4te d'Or, et de L'EHPAD de Moutiers-Saint-Jean \u00e0 compter du 15/09/2025. 5\nHPAD Saint-SauveurRobert Morlevat SEMUR EN AUXOIS Ch\u00e2tillon-Montbard-Saulieu-Alise-Vitteaux MOUTIERS SAINT JEANCentre Hospitalier CH de la HAUTE C\u00d4TE-D'OR \u00e7 _ B,\n \n \n \n \n \n \nDECISION n\u00b0 2025-18 \n \n \nDELEGATIONS DE SIGNATURE DE LA DIRECTRICE \n \n \nLa Directrice du Centre Hospitalier de Semur -en-Auxois, du Centre Hospitalier de la Haute \nC\u00f4te-d'Or et de l'EHPAD \u00ab Saint Sauveur \u00bb de Moutiers-Saint-Jean \n \n- Vu le Code de la Sant\u00e9 Publique, et notamment les articles L.6143-7, D.6143-33 \u00e0 D.6143-36, et \nR.6143-38 ; \n \n- Vu le Code de l'Action Sociale et des Familles et notamment les articles L.315 -17 et D 315-67 \u00e0 \nD 315-71 ; \n \n- Vu l'arr\u00eat\u00e9 du Centre National de Gestion du 20 octobre 2023 portant d \u00e9signation de Madame \nS\u00e9vena RELLAND en qualit\u00e9 de Directrice des Centres Hospitaliers de Semur -en-Auxois, de la \n\u00ab Haute C\u00f4te-d'Or \u00bb \u00e0 Vitteaux et de l'EHPAD de Moutiers -Saint-Jean \u00e0 compter du 23 octobre \n2023 ; \n \n- Vu la Convention de Direction commune entre le Centre Hospitalier de Semur -en-Auxois, le \nCentre Hospitalier de la Haute C\u00f4te -d'Or et l'EHPAD \u00ab  Saint Sauveur \u00bb de Moutiers -Saint-Jean \ndat\u00e9e du 24 f\u00e9vrier 2023 \u00e0 effet \u00e0 la date de nomination du (de la) Directeur-trice commun(e) aux \ntrois \u00e9tablissements par le Centre National de Gestion ; \n \n- Vu la d\u00e9cision n\u00b02025-16 du 29 juillet 2025 portant d\u00e9l\u00e9gations de la Directrice ; \n \n- Consid\u00e9rant l'organisation des \u00e9tablissements et la n\u00e9cessit\u00e9 d'assurer la continuit\u00e9 de leur \nfonctionnement. \n \n \nDECIDE  \n \n \nArticle 1 : DELEGATIONS PRESIDENCE DU DIRECTOIRE \n \nEn cas d'absence ou d'emp\u00eachement de la Directrice,  \n \nMme le Docteur Sund\u00e9 KILIC, Pr\u00e9sidente de la Commission M\u00e9dicale d'Etablissement du \nCentre Hospitalier de Semur -en-Auxois, Vice -Pr\u00e9sidente du Directoire du Centre  Hospitalier de \nSemur-en-Auxois, est autoris\u00e9e \u00e0 signer tous actes et d\u00e9cisions relatifs \u00e0 la conduite g\u00e9n\u00e9rale \ndu Centre Hospitalier de Semur -en-Auxois et relevant de la comp\u00e9tence de la Directrice pris en \nsa qualit\u00e9 de Pr\u00e9sidente du Directoire du Centre Hospitalier de Semur-en-Auxois. \n \nM. le Docteur Samuel FOTCHUONT, Pr\u00e9sident de la Commission M\u00e9dicale \nd'Etablissement du Centre Hospitalier de la Haute C\u00f4te -d'Or, Vice -Pr\u00e9sident du Directoire du \nCentre Hospitalier de la Haute C\u00f4te -d'Or, est autoris\u00e9 \u00e0 signe r tous actes et d\u00e9cisions relatifs \u00e0 \nla conduite g\u00e9n\u00e9rale du Centre Hospitalier de la Haute C\u00f4te -d'Or et relevant de la comp\u00e9tence \nde la Directrice pris en sa qualit\u00e9 de Pr\u00e9sidente du Directoire du Centre Hospitalier de la Haute \nC\u00f4te-d'Or. \n \nCentre Hospitalier de la Haute C\u00f4te-d'Or - 21-2025-09-08-00010 - D\u00e9cision n\u00b02025-18 Portant d\u00e9l\u00e9gations de signature de la Directrice\ndu CH de Semur-en-Auxois, du CH de la Haute C\u00f4te d'Or, et de L'EHPAD de Moutiers-Saint-Jean \u00e0 compter du 15/09/2025. 6\n \n \n    2/10 \nArticle 2 : DELEGATIONS ORDONNATEURS \n \nEn cas d'absence ou d'emp\u00eachement de la Directrice, Mme Marie -Laure BENOIST, \nDirectrice d'h\u00f4pital, charg\u00e9e des affaires financi\u00e8res du Centre Hospitalier de Semur -en-Auxois, \ndu Centre de la Haute C\u00f4te -d'Or et de l'EHPAD \u00ab  Saint Sauve ur \u00bb de Moutiers -Saint-Jean, est \nautoris\u00e9e pour les trois \u00e9tablissements en direction commune \u00e0 signer tous actes li\u00e9s \u00e0 la \nfonction d'ordonnateur.  \n \nEn cas d'absence ou d'emp\u00eachement simultan\u00e9 de la Directrice  et de Mme Marie -Laure \nBENOIST,  \n- Mme La\u00ebtitia CLERGET, Attach\u00e9e ; \n- M. Thibaud TARDIT, Attach\u00e9 ; \n- M. Patrice COMPAROT, Adjoint  des cadres ; \n \nsont autoris\u00e9s \u00e0 signer tous actes li\u00e9s \u00e0 la fonction d'ordonnateur du Centre Hospitalier de \nSemur-en-Auxois, du Centre Hospitalier de la Haute C\u00f4te -d'Or et de l'EH PAD \u00ab Saint Sauveur \u00bb \nde Moutiers-Saint-Jean.  \n \nArticle 3 : DELEGATIONS FONCTIONNELLES  \n \nEn cas d'absence ou d'emp\u00eachement de la Directrice, sont \u00e9tablies les d\u00e9l\u00e9gations \nfonctionnelles suivantes  :  \n \n\u2022 Achats G\u00e9n\u00e9raux, Logistique, Services Techniques, Restauration \n \nEn cas  d'absence ou d'emp\u00eachement de la Directrice, M. Alexandre SYNORADZKI, \nDirecteur achats, logistique et services techniques du Centre Hospitalier de Semur -en-Auxois, \ndu Centre Hospitalier de la Haute C\u00f4te -d'Or et de l'EHPAD \u00ab  Saint Sauveur \u00bb de Moutiers-Saint-\nJean est autoris\u00e9 pour les trois \u00e9tablissements en direction commune \u00e0 signer tous actes et \ncorrespondances relatifs aux achats g\u00e9n\u00e9raux, \u00e0 la logistique, aux services techniques, et aux \ntravaux des \u00e9tablissements en direction commune.  \n \nEn cas d'absence ou d'emp\u00eachement simultan\u00e9 de la Directrice et de M. Alexandre \nSYNORADZKI, Directeur achats, logistique et services techniques, M. Jean -Pierre VIDAL, \nIng\u00e9nieur, est autoris\u00e9 \u00e0 signer les actes et correspondances susmentionn\u00e9s pour le Centre \nHospitalier de Semur-en-Auxois et pour l'EHPAD \u00ab  Saint Sauveur \u00bb de Moutiers-Saint-Jean.   \n \nEn cas d'absence ou d'emp\u00eachement simultan\u00e9 de la Directrice et de M. Alexandre \nSYNORADZKI, Mme Genevi\u00e8ve POLACK, Adjointe des cadres, est autoris\u00e9e \u00e0 signer les act es \net correspondances susmentionn\u00e9s pour le Centre Hospitalier de la Haute C\u00f4te -d'Or.  \n \n\u2022 Affaires g\u00e9n\u00e9rales, Autorisations d'activit\u00e9 de soins et m\u00e9dico -sociales du \nCentre Hospitalier de Semur -en-Auxois, du Centre Hospitalier de la Haute \nC\u00f4te-d'Or et de l'EHPAD \u00ab Saint Sauveur \u00bb de Moutiers-Saint-Jean \n \nEn cas d'absence ou d'emp\u00eachement de la Directrice,  \n- Mme Sylvie BOURGEOIS, Attach\u00e9e principale,  Directrice d\u00e9l\u00e9gu\u00e9e de p\u00f4les et en charge \ndes affaires g\u00e9n\u00e9rales  pour les trois \u00e9tablissements en direction commu ne ;  \n- Mme Anouck MICHEL, Attach\u00e9e principale, Directrice d\u00e9l\u00e9gu\u00e9e de p\u00f4les et en charge des \naffaires g\u00e9n\u00e9rales  pour les trois \u00e9tablissements en direction commune  ; \n- Mme Emily OZENFANT,  Directrice d'h\u00f4pital, Directrice d\u00e9l\u00e9gu\u00e9e de p\u00f4les et en charge des \naffaires g\u00e9n\u00e9rales pour les trois \u00e9tablissements en direction commune  ; \n \nsont autoris\u00e9es \u00e0 signer tous actes  et corre spondances relatifs aux affaires g\u00e9n\u00e9rales, aux \nadmissions et aux autorisations sanitaires et m\u00e9dico -sociales du Centre Hospitalier de Semur -\nCentre Hospitalier de la Haute C\u00f4te-d'Or - 21-2025-09-08-00010 - D\u00e9cision n\u00b02025-18 Portant d\u00e9l\u00e9gations de signature de la Directrice\ndu CH de Semur-en-Auxois, du CH de la Haute C\u00f4te d'Or, et de L'EHPAD de Moutiers-Saint-Jean \u00e0 compter du 15/09/2025. 7\n \n \n    3/10 \nen-Auxois, du Centre Hospitalier de la Haute C\u00f4te -d'Or et de l'EHPAD \u00ab  Saint Sauveur  \u00bb de \nMoutiers-Saint-Jean. \n \nEn cas d'absence ou d'emp\u00eachement de la Directrice,  \n- Mme Marie-Laure BENOIST, Directrice d'h\u00f4pital  ; \n- Mme Sylvie BOURGEOIS, Attach\u00e9e  principale ; \n- Mme Julie GERVREAU, Directrice d'h\u00f4pital  ; \n- M. Jean-Christophe HOMA, Attach\u00e9  ; \n- M. Nicolas MARTENET, Directeur d'h\u00f4pital  ; \n- Mme Anouck MICHEL, Attach\u00e9e principale ; \n- Mme Emily OZENFANT, Directrice d'h\u00f4pital  ; \n- Mme Catherine PATENOTTE, Attach\u00e9e  ; \n- M. Ludovic ROUSSELET, Directeur des soins  ; \n- M. Alexandre SYNORADZKI, Directeur achats, logis tique et services techniques  ; \n \nsont autoris\u00e9s \u00e0 signer tous ac tes et correspondances relatifs aux soins sans consentement.  \n \n\u2022 Communication  \n \nEn cas d'absence ou d'emp\u00eachement de la  Directrice, Mme Eve BENICHOU, \nTechnicienne sup\u00e9rieure, Responsable de la co mmunication, est autoris\u00e9e \u00e0 signer tous actes et \ncorrespondances relatifs \u00e0 la communication du Centre Hospitalier de Semur -en-Auxois, du \nCentre Hospitalier de la Haute C\u00f4te -d'Or et de l'EHPAD \u00ab  Saint Sauveur  \u00bb de Moutiers -Saint-\nJean.  \n \nEn cas d'absence o u d'emp\u00eachement de la Directrice et de Mme Eve BENICHOU, Mme \nFanny MARTINEAU, Technicienne sup\u00e9rieure, charg\u00e9e de la communication, est autoris\u00e9e \u00e0 \nsigner tous actes et corresponda nces relatifs \u00e0 la communication du Centre Hospitalier de \nSemur-en-Auxois, du Centre Hospitalier de la Haute C\u00f4te -d'Or et de l'EHPAD \u00ab  Saint Sauveur \u00bb \nde Moutiers-Saint-Jean.  \n \n\u2022 D\u00e9veloppement durable  \n \nEn cas d'absence ou d'emp\u00eachement de la Directrice, Mme  Eve BENICHOU, \nTechnicienne sup\u00e9rieure, Responsable du d\u00e9veloppement durable , est autoris\u00e9e \u00e0 signer tous \nactes et correspondances relatifs  au d\u00e9veloppement durable du Centre Hospitalier de Semur -en-\nAuxois, du Centre Hospitalier de la Haute C\u00f4te -d'Or et de  l'EHPAD \u00ab  Saint Sauveur  \u00bb de \nMoutiers-Saint-Jean. \n \n\u2022 Evaluation, Qualit\u00e9  et Gestion des Risques  \n \nEn cas d'absence ou d'emp\u00eachement de la Dire ctrice, Mme Julie GERVREAU, Directrice \nd'h\u00f4pital, charg\u00e9e de l'\u00e9valuation, de la qualit\u00e9 et de la gestion des risqu es du Centre Hospitalier \nde Semur -en-Auxois, du Centre Hospitalier de la Haute  C\u00f4te-d'Or et de l'EHPAD                \n\u00ab Saint Sauveur  \u00bb de Mo utiers-Saint-Jean, est autoris\u00e9e pour les trois \u00e9tablissements en \ndirection commune \u00e0 signer tous actes et correspo ndances relatifs au management de la qualit\u00e9, \naux proc\u00e9dures d'\u00e9valuation, d'a ccr\u00e9ditation, de certification ainsi que ceux relatifs \u00e0 la ges tion \ndes risques.  \n \nEn cas d'absence ou d'emp\u00eachement simultan\u00e9 de la Directrice et de  Mme Julie \nGERVREAU, Mme St\u00e9p hanie BEUGNON, Ing\u00e9nieure,  est autoris\u00e9e \u00e0 signer pour les trois  \n\u00e9tablissements en direction commune  tous actes et correspondances  susmentionn\u00e9s. \n \nEn cas d'absence ou d'emp\u00eachement simultan\u00e9 de la Directrice , de Mme Julie \nGERVREAU, et de Mme S t\u00e9phanie BEUG NON, M. le Docteur Joseph HELOU, Praticien \nHospitalier, Coordonnateur de la gestion des ri sques associ\u00e9s aux soins, est autoris\u00e9 \u00e0 signer \nCentre Hospitalier de la Haute C\u00f4te-d'Or - 21-2025-09-08-00010 - D\u00e9cision n\u00b02025-18 Portant d\u00e9l\u00e9gations de signature de la Directrice\ndu CH de Semur-en-Auxois, du CH de la Haute C\u00f4te d'Or, et de L'EHPAD de Moutiers-Saint-Jean \u00e0 compter du 15/09/2025. 8\n \n \n    4/10 \ntous actes et c orrespondances relatifs \u00e0 l'\u00e9valuation, \u00e0 la qualit\u00e9 et de la gestion des risques \nassoci\u00e9s aux soins du  Centre Hospitalier de Semur -en-Auxois et de l'EHPAD \u00ab  Saint Sauveur  \u00bb \nde Moutiers-Saint-Jean. \n \nEn cas d'absence ou d'emp\u00eachement simultan\u00e9 de la Directrice , de Mme Julie \nGERVREAU et de Mme St\u00e9phanie BEUGNON , Mme le Docteur Isabelle MIGNET, Praticienne \nHospitali\u00e8re, Coordonnatri ce de la gestion des risques associ\u00e9s aux soins, est autoris\u00e9e \u00e0  signer \ntous actes et correspondances relatifs \u00e0 l'\u00e9valuation, \u00e0 la qualit\u00e9 et de la gestion des risques \nassoci\u00e9s aux soins du Centre Hospitalier de la Haute C\u00f4te -d'Or. \n \n\u2022 Finances, Facturation et Contr\u00f4le de gestion \n \n En cas d'absence ou d'emp\u00eachement de la Directrice, Mme Marie -Laure BENOIST, \nDirectrice d'h\u00f4pital, charg\u00e9e des affaires financi\u00e8res du Centre Hospitalier de Semur -en-Auxois, \ndu Centre Hospitalier de la Haute C\u00f4te-d'Or et de l'EHPAD \u00ab  Saint Sauveur \u00bb de Moutiers-Saint-\nJean est autoris\u00e9e pour les trois \u00e9tablissements en direction commune \u00e0 signer tous actes et \ncorrespondances relatifs \u00e0 la gestion financi\u00e8re et \u00e0 la gestion admi nistrative des patients et des \nr\u00e9sidents de ces \u00e9tablissements  mais \u00e9galement de proc\u00e9der pour le compte de ces \n\u00e9tablissements, aux tirages et remboursements des lignes tr\u00e9sorerie ainsi qu'aux tirages et \nremboursements dans le cadre de la phase de mobilisation d'emprunts . \n \nEn cas d'abs ence ou d'emp\u00eachement simultan\u00e9 de la Directrice et de Mme Marie -Laure \nBENOIST,  \n- Mme La\u00ebtitia CLERGET , Attach\u00e9e , M. Thibaud TARDIT,  Attach\u00e9, et M. Patrice \nCOMPAROT, Adjoint  des cadres s ont autoris\u00e9s \u00e0 signer tous a ctes et correspondances \nsusmentionn\u00e9s pour le Centre Hospitalier de Semur -en-Auxois, le Centre Hospitalier de la Haute \nC\u00f4te-d'Or et pour l'EHPAD \u00ab  Saint Sauveur \u00bb de Moutiers-Saint-Jean.  \n- Mme Florence BARRIER, Adjointe des cadr es, est autoris\u00e9e \u00e0 signer to us actes relatifs \u00e0 la \ngestion administrati ve des patients et des r\u00e9sidents pour le Centre Hospitalier de Semur -en-\nAuxois et pour l'EHPAD \u00ab  Saint Sauveur \u00bb de Moutiers-Saint-Jean. \n \nEn cas d'absence ou d'emp\u00eachement de Mme Flore nce BARRIER, Mme Caroline DAM IEN, \nAdjointe des cadres, est autoris\u00e9e \u00e0 s igner tous actes relatifs \u00e0 la gestion administrative des \npatients et des r\u00e9sidents pour le Centre Hospitalier de Semur -en-Auxois et pour l'EHPAD \u00ab  Saint \nSauveur \u00bb de Moutiers-Saint-Jean. \n \n- Mme Claudine KERSERHO , Adjointe des cadres, est autoris\u00e9e \u00e0 signer t ous actes relatifs \u00e0 \nla gestion administrative des patients et des r\u00e9sidents pour le Centre Hospitalier de la Haute \nC\u00f4te-d'Or. \n \nEn cas d'absence ou d'emp\u00eachement de Mme Claudine KERSERHO , Mme S\u00e9verine \nJACQUINET, Ag ent administratif, est autoris\u00e9e \u00e0 signer t ous actes relatifs \u00e0 la gestion \nadministrative des patients et des r\u00e9sidents pour le Centre Hospitalier de la Haute C\u00f4te -d'Or. \n \n \n\u2022 Institut des Formations Param\u00e9dicales de Haute C\u00f4te-d'Or (IFP) \n \nEn cas d'absence ou d'emp\u00eachement de la Directrice, M. Ludov ic ROU SSELET, \nDirecteur des soins en charge de l'Institut des Formations Param\u00e9dicales de Haute C\u00f4te -d'Or, \nest autoris\u00e9 \u00e0 signer tous actes et correspondances relatifs au fonctionnement d e l'IFP du \nCentre Hospitalier  de Semur-en-Auxois. \n \nEn cas d'absence o u d'em p\u00eachement simultan\u00e9 de la Directrice et de M. Ludovic \nROUSSELET, Mme Corinne BECARD, Cadre sup\u00e9rieure de sant\u00e9, a d\u00e9l\u00e9gation pour signer les \nactes et correspondances susmentionn\u00e9s.  \n \nCentre Hospitalier de la Haute C\u00f4te-d'Or - 21-2025-09-08-00010 - D\u00e9cision n\u00b02025-18 Portant d\u00e9l\u00e9gations de signature de la Directrice\ndu CH de Semur-en-Auxois, du CH de la Haute C\u00f4te d'Or, et de L'EHPAD de Moutiers-Saint-Jean \u00e0 compter du 15/09/2025. 9\n \n \n    5/10 \n \n \n\u2022 Ressources Humaines, personnels m\u00e9dicaux et non m\u00e9dicaux \n \nEn cas d'a bsence ou d'emp\u00eachement de la Directrice, M. Nicolas MARTENET, Directeur \nd'h\u00f4pital charg\u00e9 des Ressources Humaines, est autoris\u00e9 \u00e0 signer tous actes et correspondances \nrelatifs \u00e0 la gestio n et \u00e0 la r\u00e9mun\u00e9ration du p ersonnel m\u00e9dical et non m\u00e9dical du Centre \nHospitalier de Semur -en-Auxois, du Centre Hospitalier de la Haute C\u00f4te -d'Or et de l'EHPAD \n\u00ab Saint Sauveur  \u00bb de Moutiers -Saint-Jean, \u00e0 l'exception des nominations et des actes ou \ncorrespondances concernant des membr es des Directoires du Centre Hospitalier d e Semur-en-\nAuxois et du Centre Hospitalier de la Haute C\u00f4te -d'Or et du Comit\u00e9 de direction commune.  \n \nEn cas d'absence ou d'emp\u00eachement simultan\u00e9 de la Directrice et de M. Nicolas \nMARTENET,  \n \n- M. Jean -Christophe HOM A, Attach\u00e9, et Mme Catherine PATENOTTE, Attach \u00e9e, sont \nautoris\u00e9s \u00e0 signer les actes et correspondances susmentionn\u00e9s pour le Centre Hospitalier de \nSemur-en-Auxois et pour l'EHPAD \u00ab  Saint Sauveur \u00bb de Moutiers-Saint-Jean. \n- M. Philippe KENNEL, Attach\u00e9, et Mme  Val\u00e9rie DAUVERGNE, Attach\u00e9e, sont autoris\u00e9s \u00e0  \nsigner les actes et correspondances susmentionn\u00e9s pour le Cent re Hospitalier de la Haute   \nC\u00f4te-d'Or. \n- Mme Catherine PATENOTTE, Attach\u00e9e, est autoris\u00e9e \u00e0 signer les actes et correspondances \nrelatifs \u00e0 la gestio n du rec rutement du personnel m\u00e9dical pour les  trois \u00e9tablissements en \ndirection commune. \n \nEn cas d'absence ou d'emp\u00eachement de la Directrice, M. Nicolas MARTENET a, par \nailleurs, pour les trois \u00e9tablissements en direction commune, d\u00e9l\u00e9gation pour  \n- assurer les fonctions de Pr\u00e9sident d es CSE, \u00e9tablir, avec les secr\u00e9taires, l'o rdre du jour des \nr\u00e9unions, convoquer l'instance, dialoguer avec les repr\u00e9sentants des personnels, les informer et \nles consulter ; \n- assurer les fonctions de Pr\u00e9sident des F3SCT, \u00e9 tablir, avec les secr\u00e9taires, l'ordre  du jour \ndes r\u00e9un ions, convoquer l'instanc e, dialoguer avec les repr\u00e9sentants des personnels, les \ninformer et les consulter.  \n \n\u2022 Soins param\u00e9dicaux \n \nM. Ludovic ROUSSELET, Directeur des Soins charg\u00e9 de la coordination des s oins du \nCentre Hospitalier de Semur -en-Auxois, du Cent re Hospitalier de la Haut e C\u00f4te -d'Or et de \nl'EHPAD \u00ab Saint Sauveur \u00bb de Moutiers-Saint-Jean, est autoris\u00e9 pour les trois \u00e9tablissements en \ndirection commune \u00e0 signer tous actes et correspondances relati fs \u00e0 l'organisation du travail des \npersonnels soignant s, des personnels affect\u00e9 s dans les secr\u00e9tariats m\u00e9dicaux, et des \npersonnels socio -\u00e9ducatifs et \u00e0 leur affectation, ainsi que les actes li\u00e9s au fonctionnement des \nCSIRMT du CH de Semur -en-Auxois et du CH de la Haute C\u00f4te-d'Or.  \n \nEn cas d'absence ou d'emp\u00eachement de M. Ludovic ROUS SELET,  \n- Mme Christelle ACEZAT, Cadre sup\u00e9rieure de sant\u00e9, a d\u00e9l\u00e9gation pour signer les actes et \ncorrespondances susmentionn\u00e9s pour le Centre Hospitalier de Semur -en-Auxois et l' EHPAD \n\u00ab Saint Sauveur \u00bb de Moutiers-Saint-Jean ; \n- M. Mo hamed KOBEISSI, Cadre sup \u00e9rieur de sant\u00e9, a d\u00e9l\u00e9gation pour signer les actes et \ncorrespondances susmentionn\u00e9s pour le Centre Hospitalier de la Haute C\u00f4te -d'Or. \n \n \n \n \n \n \nCentre Hospitalier de la Haute C\u00f4te-d'Or - 21-2025-09-08-00010 - D\u00e9cision n\u00b02025-18 Portant d\u00e9l\u00e9gations de signature de la Directrice\ndu CH de Semur-en-Auxois, du CH de la Haute C\u00f4te d'Or, et de L'EHPAD de Moutiers-Saint-Jean \u00e0 compter du 15/09/2025. 10\n \n \n    6/10 \n\u2022 Syst\u00e8me d'information \n \nEn cas d'absence o u d'emp\u00ea chement de la Directrice, M. S\u00e9bastien VI TEAU, Ing\u00e9nieur, \nResponsable d u syst\u00e8me d'information du Centre Hospitalier de Semur -en-Auxois, du Centre \nHospitalier de la Haute C\u00f4te -d'Or et de l'EHPAD \u00ab  Saint Sauveur  \u00bb de Moutiers -Saint-Jean est \nautoris\u00e9 \u00e0 signe r tous actes et correspond ances relatifs au syst\u00e8me d'information des t rois \n\u00e9tablissements en direction commune dans le cadre, le cas \u00e9ch\u00e9ant, des proc\u00e9dures applicables \nau sein du GHT 21-52. \n \nEn cas d'absence ou d'emp\u00eachement simultan\u00e9 de la Direc trice et  de M. S\u00e9bastien \nVITEAU,  \n \n- Mme Sabrine KN IDIL, Ing\u00e9nieure informatique, M . Charles GUENEAU, Technicien \nSup\u00e9rieur Hospitalier, et M. Olivier HOARAU, Technicien Sup\u00e9rieur Hospitalier sont autoris\u00e9s \u00e0 \nsigner tous actes et correspondances relatifs au sys t\u00e8me d 'information logiciels du Ce ntre \nHospitalier de Semur -en-Auxois, du Centr e Hospitalier de la Haute C\u00f4te -d'Or et de l'EHPAD \n\u00ab Saint Sauveur \u00bb de Moutiers-Saint-Jean. \n \n- M. Jean-Pascal CHAMPRENAULT, T echnicien Sup\u00e9rieur Hospitalier et M. Kevin CHARLIN , \nTechnicien Sup\u00e9rieur Hospitalier sont autoris\u00e9s \u00e0 signer tous actes et correspondances relatifs \nau syst\u00e8me d'information infra et r\u00e9seaux du Centre Hospitalier de Semur -en-Auxois, du Centre \nHospitalier de la Haute C\u00f4te-d'Or et de l'EHPAD \u00ab  Saint Sauveur \u00bb de Moutiers-Saint-Jean. \n \nArticle 4  : DELEGATIONS  ACHATS DANS LE CADRE DES PROCEDURES \nAPPLICABLES AU GHT 21-52 \n \n\u2022 Achats G\u00e9n\u00e9raux, Logistique, Services Techniques, Restauration \n \nEn cas d'absence ou d'emp\u00each ement de la Directrice, M. Alexandre SYNORADZK I, \nDirecteur a chats, logistique et services techniques a d\u00e9l\u00e9gation pour les trois \u00e9tablissements en \ndirection commune pour signer tous actes relatifs \u00e0 l'ex\u00e9cution des march\u00e9s se rapportant aux \nachats g\u00e9n\u00e9raux , \u00e0 la logistique, aux services techniques et aux op\u00e9rations de travaux retrac\u00e9es \naux comptes 21 et 2 3, y compris les actes relatifs \u00e0 l'acceptation de sous -traitants.  \n \nEn cas d'absence ou d'emp\u00eachement simultan\u00e9 de la Dir ectrice et de M. Alexandre \nSYNORADZKI,   \n- M. Jean -Pierre VIDAL, Ing\u00e9nieur, est autoris\u00e9 \u00e0 sign er tous actes relatifs \u00e0 l'ex\u00e9cution des \nmarch\u00e9s se rapportant aux achats g\u00e9n\u00e9raux, \u00e0 la logistique, aux servic es techniques pour le \nCentre Hosp italier de Semur -en-Auxois et pour l'EHPAD \u00ab  Saint Sauveur  \u00bb de Moutiers -Saint-\nJean.   \n- Mme Genevi\u00e8ve POLACK, Adj ointe des cadres, est autoris\u00e9e \u00e0 signer tous actes relatifs \u00e0 \nl'ex\u00e9cution des march\u00e9s se rapportant aux achats  g\u00e9n\u00e9raux, \u00e0 la logistique, aux s ervices \ntechniques pour le Centre Hospitalier de la Haute C\u00f4te-d'Or.  \n \nEn cas d'absence ou d'emp\u00eachement simulta n\u00e9 de la Directrice et de M. Alexandre \nSYNORADZKI, Directeur achats, logistique et services techniques, sont au toris\u00e9s \u00e0 signer tous \nactes relatifs \u00e0 l'ex\u00e9cution des march\u00e9s \u00e9tant pr\u00e9cis\u00e9 qu e le montant par bons de commande est \nlimit\u00e9 \u00e0 cinq mille euros (5  000 euros TTC) dans le cadre des proc\u00e9du res d'achat applicables au \nsein du GHT 21-52 : \n- Mme Morgane ROULOIS, Technicienne hospita li\u00e8re pour la cuisine centrale du Centre \nHospitalier de Semur -en-Auxois, \n- M. S\u00e9bastien GAUDUBOIS, Technicien  hospitalier, pour la cuisine de l'EHPAD \u00ab  Saint \nSauveur \u00bb de Moutiers-Saint-Jean, \n- M. Pascal MONSAT, Te chnicien hospitalier, pour la cuisine centrale  de Montbard.  \n  \nCentre Hospitalier de la Haute C\u00f4te-d'Or - 21-2025-09-08-00010 - D\u00e9cision n\u00b02025-18 Portant d\u00e9l\u00e9gations de signature de la Directrice\ndu CH de Semur-en-Auxois, du CH de la Haute C\u00f4te d'Or, et de L'EHPAD de Moutiers-Saint-Jean \u00e0 compter du 15/09/2025. 11\n \n \n    7/10 \nEn cas d'absence ou d'emp\u00eachement de M. Pascal MO NSAT, M. J\u00e9r\u00f4me JOURNAUX, Ouvrier \nprincipal qualifi\u00e9 est autoris\u00e9 \u00e0 signer tous actes relatifs \u00e0 l'ex\u00e9 cution de s march\u00e9s pour la \ncuisine central e de Montbard \u00e9tant pr\u00e9cis\u00e9 que le montant par  bons de commande est limit\u00e9 \u00e0 \ncinq mille euros (5 000 euros TTC) dans le cadre des proc\u00e9dures d'achat appl icables au sein du \nGHT 21-52. \n- M. Claude ROUSSEAU, Technicien hospitalier, pour la cuisine de VITTEAUX.  \nEn cas d'absence ou d'emp\u00eachement simultan\u00e9 de  M. Claude ROUSSEAU, M. Jean -Fran\u00e7ois \nMEULNET, Ouvrier principal, est autoris\u00e9 \u00e0 signer tous actes relatifs  \u00e0 l'ex\u00e9cution des march\u00e9s \npour la cuisine de VITTEAUX, \u00e9tant  pr\u00e9cis\u00e9 que le montant par bons de comman de est limit\u00e9 \u00e0 \ncinq mille euros (5 000 euros TTC) dans le cadre des proc\u00e9dures d'achat applicables au sein du \nGHT 21-52. \n \n\u2022 Communication  \n \nEn cas d'absen ce ou d'emp\u00eachement de la Directrice, Mme Eve BENICHOU, \nTechnicienne s up\u00e9rieure, Responsable de la comm unication des trois \u00e9tablissements en \ndirection commune, a d\u00e9l\u00e9gation pour signer tous actes relatifs \u00e0 l'ex\u00e9cut ion des march\u00e9s se \nrapportant \u00e0 la commun ication des \u00e9tablissements en direction commune \u00e9tant pr\u00e9cis\u00e9  que le \nmontant par bons de commande est l imit\u00e9 \u00e0 dix mille euros (10 000 euros TTC) dan s le cadre \ndes proc\u00e9dures d'achat applicables au sein du GHT 21 -52. \n \n\u2022 D\u00e9veloppement durable  \n \nEn cas d'absen ce ou d'emp\u00eachement de la Directrice, Mme Eve BENICHOU, \nTechnicienne s up\u00e9rieure, Responsable du d\u00e9velop pement durable des trois \u00e9tablissements en \ndirection commune, a d\u00e9l\u00e9gation pour signer tous actes relatifs \u00e0 l'e x\u00e9cution des march\u00e9s se \nrapportant au d\u00e9v eloppement durable des \u00e9tablissements en direction commune, \u00e9 tant pr\u00e9c is\u00e9 \nque le montant par bons de co mmande est limit\u00e9 \u00e0 dix mille euros (10 000 eu ros TTC) dans le \ncadre des proc\u00e9dures d'achat applicables au sein du GHT 21-52. \n \n\u2022 Affaires g\u00e9n\u00e9rales   \n \nEn cas d'absence ou d'emp\u00eachement de la Directrice,  \n- Mme Anouck M ICHEL, Attach\u00e9e principale, Directrice d\u00e9l \u00e9gu\u00e9e de p\u00f4les et en charge des \naffaires g\u00e9n\u00e9rales pour les trois \u00e9tablissements en direction commune  ; \n- Mme Sylv ie BOURGEOIS, Attach\u00e9e principale, Direct rice d\u00e9l\u00e9gu\u00e9e de p\u00f4les et en charge \ndes affaires g\u00e9n\u00e9rales pour les trois \u00e9tablissements en direction c ommune ; \n- Mme Emily OZENFANT , Directrice d'h\u00f4pital, Directrice d\u00e9l\u00e9gu\u00e9e de p\u00f4les et en charge des \naffaires g\u00e9n\u00e9rales pour les trois \u00e9tablissements en dire ction commune ; \n \nont d\u00e9l\u00e9gation pour signer tous actes relati fs \u00e0 l'ex\u00e9cution des march\u00e9s se rapportant  aux p\u00f4les \ndu Centre Hospitalier de Semur -en-Auxois, du  Centre Hospitalier de la H aute C\u00f4te -d'Or et de \nl'EHPAD \u00ab Saint Sauveur \u00bb, \u00e9tant pr\u00e9cis\u00e9 que le mo ntant par bons de commande est limit\u00e9 \u00e0 dix \nmille euros (10 0 00 euros TTC) dans le cadre des proc\u00e9dures  d'achat applicables au sein du \nGHT 21-52. \n \n\u2022 Evaluation, Qualit\u00e9, Gestion des Risques  \n \nEn cas d'absence ou d'emp \u00eachement de la D irectrice, Mme Julie GERV REAU, Directrice \nd'h\u00f4pital, charg\u00e9e de l'\u00e9valuation, de la qu alit\u00e9 et de la gestion des risques du Cent re Hospitalier \nde Semur -en-Auxois, du Centre Hosp italier de la Haute C\u00f4te -d'Or et de l'EHPAD                \n\u00ab Saint Sauveur  \u00bb de  Moutiers-Saint-Jean, a d \u00e9l\u00e9gation pour signer tous actes relatifs \u00e0 \nl'ex\u00e9cution des m arch\u00e9s se rapportant \u00e0 l'\u00e9valuation, \u00e0 la qualit\u00e9 et \u00e0 la gestion des risques pour \nles \u00e9tablissements en direction commune, \u00e9tant pr\u00e9cis\u00e9 que le montant p ar bons de comma nde \nest limit\u00e9 \u00e0 dix mill e euros (10 000 euros TTC) dans le cadre des proc\u00e9dures d'ach at applicables \nau sein du GHT 21-52. \nCentre Hospitalier de la Haute C\u00f4te-d'Or - 21-2025-09-08-00010 - D\u00e9cision n\u00b02025-18 Portant d\u00e9l\u00e9gations de signature de la Directrice\ndu CH de Semur-en-Auxois, du CH de la Haute C\u00f4te d'Or, et de L'EHPAD de Moutiers-Saint-Jean \u00e0 compter du 15/09/2025. 12\n \n \n    8/10 \n \n\u2022 Institut des Formations Param\u00e9dicales de Haute C\u00f4te-d'Or (IFP) \n \nEn cas d'absence ou d'emp\u00eachement de la Directrice, M. Ludovic ROUSS ELET, \nDirecteur des soins  en charge de l'Institut des Formations Param\u00e9dicales de Haut e C\u00f4te-d'Or, a \nd\u00e9l\u00e9gation pour signer tous  actes relatifs \u00e0 l'ex\u00e9cution des march\u00e9s se rapp ortant \u00e0 l'IFP du \nCentre Hospitalier de Semur -en-Auxois, \u00e9tant pr\u00e9cis\u00e9 que le montant par bons de comman de est \nlimit\u00e9 \u00e0 dix mille euros (10 000 euros TTC) dans le ca dre des proc\u00e9dures d'achat applicables au \nsein du GHT 21-52. \n \n\u2022 Laboratoire \n \nM. le Docteur Je an-Fran\u00e7ois PIQUES, responsable du Laboratoire du Centre Hospit alier \nde Semur -en-Auxois, est autoris\u00e9 \u00e0 signer tous actes relatifs \u00e0 l'ex\u00e9cution des march\u00e9s se \nrapportant au laboratoire du Centre Hospitalier  de Semur -en-Auxois, dans le cadre, le cas \n\u00e9ch\u00e9ant, des proc\u00e9dures applicables au sein du GHT 21 -52.  \n \nEn cas d' absence ou d'emp \u00eachement de M. le Docteur  Jean-Fran\u00e7ois PIQUES, M. Thierry \nFERNANDES, Cadre de sant\u00e9, est autoris\u00e9 \u00e0 signer tous actes relatifs \u00e0 l'ex\u00e9cution des \nmarch\u00e9s se rapportant au labora toire du Centre Hospitalier de Semur -en-Auxois, dans le cadre, \nle cas \u00e9ch\u00e9ant, des proc\u00e9dures applicable s au sein du GHT 21-52. \n \n\u2022 Pharmacie \n \nMme le Docteur Morgane RI GAUD-LEBOUVIER, Praticienne hospitali\u00e8re, charg\u00e9e de la \ng\u00e9rance de la Pharmacie \u00e0 Usage Int \u00e9rieur du Centre Hospitalier de Semur -en-Auxois, a \nd\u00e9l\u00e9gation p our engager et l iquider les d\u00e9penses li\u00e9e s aux approvisionnements \npharmaceutiques du Centre Hospitalie r de Semur -en-Auxois, dans le cadre, le ca s \u00e9ch\u00e9ant, des \nproc\u00e9dures applicables au sein du GHT 21-52.  \n \nEn cas d'absence ou d'emp\u00eachement de Mme le Docteu r Morgane                              \nRIGAUD-LEBOUVIER, M. le Docteur  Baptiste RIGAUD, Praticien hosp italier, a d\u00e9l\u00e9gation pour \nengager et liquider les d\u00e9penses li\u00e9es aux approvisionnements su smentionn\u00e9s. \n \nEn cas d'absence ou d'emp\u00eachement simultan\u00e9 de Mm e le Docteur Mor gane                 \nRIGAUD-LEBOUVIER et de M. le Docteur Baptiste RIGAUD, Mme  le Docteur Catherine GODY, \nPraticienne hospitali\u00e8 re et Mme le Docteur Val\u00e9rie SAURON, Praticienne hospitali\u00e8re, ont \nd\u00e9l\u00e9gation pour engager et liquider les d\u00e9pen ses li\u00e9es aux ap provisionnements susmenti onn\u00e9s \ndu Centre Hospitalier de Semur -en-Auxois. \n \nM. le Docteu r Bertrand RENAUD, Praticien  hospitalier, charg\u00e9 de la g\u00e9rance de la \nPharmacie \u00e0 Usage I nt\u00e9rieur du Centre Hospitalier de la Haute C\u00f4te -d'Or, a d\u00e9l\u00e9gation  pour \nengager et  liquider les d\u00e9penses li \u00e9es aux approvisionnements pharmaceutiques du Centre \nHospitalier de la Haute C\u00f4te -d'Or, dans le cadre, le cas \u00e9ch\u00e9ant, des proc\u00e9dures applicables au \nsein du GHT 21-52.  \n \nEn cas d'absence de M. le Docteur Bertrand RENAUD, Mme le Doc teur Isabelle \nMIGNET, Praticienne hospitali\u00e8re, a d\u00e9l\u00e9gation pour engager et liquider les d\u00e9penses li\u00e9es aux \napprovisionnements susmentionn\u00e9s du Centre Hospitalier de la Haute C\u00f4te -d'Or. \n \n \n \n \n \n \n \nCentre Hospitalier de la Haute C\u00f4te-d'Or - 21-2025-09-08-00010 - D\u00e9cision n\u00b02025-18 Portant d\u00e9l\u00e9gations de signature de la Directrice\ndu CH de Semur-en-Auxois, du CH de la Haute C\u00f4te d'Or, et de L'EHPAD de Moutiers-Saint-Jean \u00e0 compter du 15/09/2025. 13\n \n \n    9/10 \n\u2022 Ressources Humaines, personnels m\u00e9dicaux et non m\u00e9di caux \n \nEn cas d'a bsence ou d'emp\u00eache ment de la Directrice, M. Nicolas MARTENET, Directeur \nd'h\u00f4pital charg\u00e9 des Ressources Humaines a d\u00e9l\u00e9gation p our les trois \u00e9tablissements en \ndirection commune pour engager et liquider les d\u00e9penses li\u00e9es \u00e0 la gestion des r essources \nhumaines, \u00e9tant pr\u00e9cis\u00e9 q ue le montant par bons de commande est limit\u00e9 \u00e0 dix mille eur os             \n(10 000 euros TTC) dans le cadre des proc\u00e9dures d'achat applicables au sein du GHT 21 -52. \n \nEn cas d'absence ou d'emp\u00eachement simultan\u00e9 de la Directrice et de  M. Nicolas \nMARTENET,  \n- M. Jean -Christophe HOMA, Attach\u00e9,  et Mme Catherine PATENOTTE,  Attach\u00e9e, ont \nd\u00e9l\u00e9gation pour engager et liquider les d\u00e9pen ses li\u00e9es \u00e0 la gestion des ressources humaines des \ntrois \u00e9tablissements en direction commune \u00e9tant pr\u00e9cis\u00e9 que l e montant par bo ns de commande \nest limit\u00e9 \u00e0 dix mille euros (10 000 euros TTC) dans le cadre des p roc\u00e9dures d'achat applicables \nau sein du GHT 21-52. \n \n\u2022 Soins param\u00e9dicaux \n \nEn cas d'absence ou d'emp\u00eachement de la Directrice, M. Ludovic ROUSSELET, \nDirecteur d es soins, charg\u00e9  de la coordination des soins, a d\u00e9l\u00e9gation pour les trois \n\u00e9tablissements en direc tion commune pour signer tous actes relatifs \u00e0  l'ex\u00e9cution des march\u00e9s \nse rapportant \u00e0 la direction des soins \u00e9tant pr\u00e9cis\u00e9 que le montant par bons de command e est \nlimit\u00e9 \u00e0 d ix mille euros (10 000 euros TTC) dans le cadre des proc\u00e9dures d'ach at applicables au \nsein du GHT 21-52. \n \n\u2022 Syst\u00e8me d'information \n \nEn cas d'absence ou d'emp\u00eachement de la Directrice, M. S\u00e9bastien VITEAU, Ing\u00e9nieur, \nResponsable du syst\u00e8me d'in formation des tr ois \u00e9ta blissements en direction commune, a \nd\u00e9l\u00e9gation pour signer to us actes relat ifs \u00e0 l'ex\u00e9cution des march\u00e9s se rapportant \u00e0 la direction \ndu syst\u00e8me d'information des \u00e9tablissements en direction commune, \u00e9tant pr\u00e9cis\u00e9 que le \nmontant par bons de commande  est li mit\u00e9 \u00e0 dix m ille euros (10 000 euros TTC) dans le cadre \ndes proc\u00e9dures d'achat applicables au sein du GHT 21 -52. \n \nArticle 5 : DELEGATIONS ASTREINTES DE DIRECTION \n \nDans le cadre de leur participation \u00e0 l'astreinte de direction du Cent re Hospitalier d e \nSemur-en-Auxois et de l'EHPAD \u00ab Saint Sauveur \u00bb de Moutiers-Saint-Jean, et/ou \u00e0 l'astreinte de \ndirection du Centre Hospitalier  de la Haute C\u00f4te-d'Or et durant cette derni\u00e8re,  \n \n- Mme Marie-Laure BENOIST, Directrice d'h\u00f4pital  ; \n- Mme Sylvie BOURGEOIS, Attach\u00e9e principale ; \n- Mme Julie GERVREAU, Directrice d'h\u00f4pital  ; \n- M. Jean-Christophe HOMA, Attach\u00e9  ; \n- M. Nicolas MARTENET, Directeur d'h\u00f4 pital ; \n- Mme Anouck MICHEL, Attach\u00e9e  principale ; \n- Mme Emily OZENFANT, Directrice d'h\u00f4pital  ; \n- Mme Catherine PATENO TTE, Attach\u00e9e ; \n- M. Ludovic ROUSSELET, Directeur des soins  ; \n- M. Alexandre SYNORADZKI,  Directeur achats, logistique et services techniques  ; \n \ndisposent chacun(e) d'une d\u00e9l\u00e9gation de signature permettant de signer en lieu et place de la \nDirectrice, \u00e0 l'except ion des actes qu i rel\u00e8v ent de sa qu alit\u00e9 de Pr\u00e9sidente du Directoire du \nCentre Hospi talier de Semur -en-Auxois et/ou Pr\u00e9sidente du Directoire du Centre Hospitalier de \nla Haute C\u00f4te -d'Or, tous les actes et d\u00e9cisions urgents indispensables au bon fonctionneme nt \ndes services,  au res pect du prin cipe de continuit\u00e9 des soins, de sauvegarde des p ersonnes et \nCentre Hospitalier de la Haute C\u00f4te-d'Or - 21-2025-09-08-00010 - D\u00e9cision n\u00b02025-18 Portant d\u00e9l\u00e9gations de signature de la Directrice\ndu CH de Semur-en-Auxois, du CH de la Haute C\u00f4te d'Or, et de L'EHPAD de Moutiers-Saint-Jean \u00e0 compter du 15/09/2025. 14\n \n \n   10/10 \ndes biens ainsi qu'au maintien des installations  et \u00e9quipements de l'\u00e9tablissement durant leur \ngarde administrative, notamment les signalements d'\u00e9v\u00e8nements ind \u00e9sirables aux autorit\u00e9s. \n \n \nArticle 6 : DISPOSITIONS GENERALES \n \nCette d\u00e9l\u00e9gation est assortie de l'obligation pour les d\u00e9l\u00e9gataires :  \n- de respecter les proc\u00e9dures r\u00e8glementaires en vigueur ou les proc\u00e9dures mises en place,  \n- de n'engager les d\u00e9penses que dans la limite des cr \u00e9dits a utoris\u00e9s par  le compte \nbudg\u00e9taire du dernier \u00e9tat pr\u00e9visionne l des recettes et des d\u00e9penses ou d\u00e9cision \nmodificative approuv\u00e9, \n- de rendre compte \u00e0 la Directrice des actes pris dans l'exercice de sa d\u00e9l\u00e9gation.  \n \nLes titulaires de cette  d\u00e9l\u00e9gation r\u00e9f\u00e8 reront \u00e0 M me la Dir ectrice, des \u00e9ventuelles \ndifficult\u00e9s rencontr\u00e9es dans l'application de la pr\u00e9sente d\u00e9l\u00e9gation.  \n \nLes signature s des agents vis\u00e9s par la pr\u00e9sente d\u00e9cision doivent \u00eatre pr\u00e9c\u00e9d\u00e9es de la \nmention \u00ab Pour La Directrice, S\u00e9vena RE LLAND, et par d\u00e9 l\u00e9gation \u00bb, suivie du grade et/ou des \nfonctions, du pr\u00e9nom et du nom  du signataire. \n \nLes titulaires de cette d\u00e9l\u00e9gation ont la r esponsabilit\u00e9 des op\u00e9rations qu'ils effectuent \ndans le cadre de cette d\u00e9l\u00e9gation ou de leurs fonctions et sont c harg\u00e9s d'assurer  le contr\u00f4le de \nl'ensemble des agents qui interviennent dans les pro c\u00e9dures concern\u00e9es. \n \nLa pr\u00e9sente d\u00e9cision prend effet au 1er ao\u00fbt 2025, date de son affichage dans les locaux \ndes \u00e9tablissements en direction commune. Elle prend fin lors d u changement de fonction du \nd\u00e9l\u00e9gant ou d'un des d\u00e9l\u00e9gataires.  \n \nLa pr\u00e9sente d\u00e9cision  annule et remplace, \u00e0 compter du 15 septembre  2025, la d\u00e9cision \ndu Centre Hospitalier de Semur -en-Auxois, du Centre Hospitalier de la Haute C\u00f4te -d'Or et de \nl'EHPAD \u00ab Saint Sauveur \u00bb de Moutiers-Saint-Jean n\u00b02025-16 du 29 juillet 2025. \n \nElle fera l'objet d 'une publication au recueil des actes administratifs du d\u00e9part ement de la           \nC\u00f4te-d'Or, et sera port\u00e9e \u00e0 la connaissance du Tr\u00e9sorier, de l'Agence R\u00e9gionale de Sant\u00e9 \nBourgogne Franche -Comt\u00e9, du Conseil D\u00e9partemental de C\u00f4te -d'Or, des Conseils de \nSurveillance du CH de Semur -en-Auxois et du Centre Hospitalier de  la Haute C\u00f4te -d'Or, et du \nConseil d'Administration de l'EHPAD \u00ab  Saint Sauveur  \u00bb de Moutiers -Saint-Jean. Elle es t \n\u00e9galement transmise \u00e0 chaque d\u00e9l\u00e9gataire. \n \n \nFait \u00e0 Semur-en-Auxois, le 08 septembre 2025 \n \n \n                     La Directrice, \n \n \n                      S\u00e9vena RELLAND \n \n \n \nDestinataires  : D\u00e9l\u00e9gataires et subd\u00e9l\u00e9gataires  ; Dossier de d\u00e9l\u00e9gation de signature (D irection) ; Tr\u00e9sorier ; ARS BFC ; CD21 \nCentre Hospitalier de la Haute C\u00f4te-d'Or - 21-2025-09-08-00010 - D\u00e9cision n\u00b02025-18 Portant d\u00e9l\u00e9gations de signature de la Directrice\ndu CH de Semur-en-Auxois, du CH de la Haute C\u00f4te d'Or, et de L'EHPAD de Moutiers-Saint-Jean \u00e0 compter du 15/09/2025. 15\nCentre Hospitalier de Semur-en-Auxois\n21-2025-09-08-00009\nD\u00e9cision n\u00b02025-18 Portant d\u00e9l\u00e9gations de\nsignature de la Directice du CH de\nSemur-en-Auxois, du CH de la Haute C\u00f4te d'Or\net de l'EHPAD de Moutiers-Saint-Jean \u00e0 compter\ndu 15/09/2025.\nCentre Hospitalier de Semur-en-Auxois - 21-2025-09-08-00009 - D\u00e9cision n\u00b02025-18 Portant d\u00e9l\u00e9gations de signature de la Directice du\nCH de Semur-en-Auxois, du CH de la Haute C\u00f4te d'Or et de l'EHPAD de Moutiers-Saint-Jean \u00e0 compter du 15/09/2025. 16\nHPAD Saint-SauveurRobert Morlevat SEMUR EN AUXOIS Ch\u00e2tillon-Montbard-Saulieu-Alise-Vitteaux MOUTIERS SAINT JEANCentre Hospitalier CH de la HAUTE C\u00d4TE-D'OR \u00e7 _ B,\n \n \n \n \n \n \nDECISION n\u00b0 2025-18 \n \n \nDELEGATIONS DE SIGNATURE DE LA DIRECTRICE \n \n \nLa Directrice du Centre Hospitalier de Semur -en-Auxois, du Centre Hospitalier de la Haute \nC\u00f4te-d'Or et de l'EHPAD \u00ab Saint Sauveur \u00bb de Moutiers-Saint-Jean \n \n- Vu le Code de la Sant\u00e9 Publique, et notamment les articles L.6143-7, D.6143-33 \u00e0 D.6143-36, et \nR.6143-38 ; \n \n- Vu le Code de l'Action Sociale et des Familles et notamment les articles L.315 -17 et D 315-67 \u00e0 \nD 315-71 ; \n \n- Vu l'arr\u00eat\u00e9 du Centre National de Gestion du 20 octobre 2023 portant d \u00e9signation de Madame \nS\u00e9vena RELLAND en qualit\u00e9 de Directrice des Centres Hospitaliers de Semur -en-Auxois, de la \n\u00ab Haute C\u00f4te-d'Or \u00bb \u00e0 Vitteaux et de l'EHPAD de Moutiers -Saint-Jean \u00e0 compter du 23 octobre \n2023 ; \n \n- Vu la Convention de Direction commune entre le Centre Hospitalier de Semur -en-Auxois, le \nCentre Hospitalier de la Haute C\u00f4te -d'Or et l'EHPAD \u00ab  Saint Sauveur \u00bb de Moutiers -Saint-Jean \ndat\u00e9e du 24 f\u00e9vrier 2023 \u00e0 effet \u00e0 la date de nomination du (de la) Directeur-trice commun(e) aux \ntrois \u00e9tablissements par le Centre National de Gestion ; \n \n- Vu la d\u00e9cision n\u00b02025-16 du 29 juillet 2025 portant d\u00e9l\u00e9gations de la Directrice ; \n \n- Consid\u00e9rant l'organisation des \u00e9tablissements et la n\u00e9cessit\u00e9 d'assurer la continuit\u00e9 de leur \nfonctionnement. \n \n \nDECIDE  \n \n \nArticle 1 : DELEGATIONS PRESIDENCE DU DIRECTOIRE \n \nEn cas d'absence ou d'emp\u00eachement de la Directrice,  \n \nMme le Docteur Sund\u00e9 KILIC, Pr\u00e9sidente de la Commission M\u00e9dicale d'Etablissement du \nCentre Hospitalier de Semur -en-Auxois, Vice -Pr\u00e9sidente du Directoire du Centre  Hospitalier de \nSemur-en-Auxois, est autoris\u00e9e \u00e0 signer tous actes et d\u00e9cisions relatifs \u00e0 la conduite g\u00e9n\u00e9rale \ndu Centre Hospitalier de Semur -en-Auxois et relevant de la comp\u00e9tence de la Directrice pris en \nsa qualit\u00e9 de Pr\u00e9sidente du Directoire du Centre Hospitalier de Semur-en-Auxois. \n \nM. le Docteur Samuel FOTCHUONT, Pr\u00e9sident de la Commission M\u00e9dicale \nd'Etablissement du Centre Hospitalier de la Haute C\u00f4te -d'Or, Vice -Pr\u00e9sident du Directoire du \nCentre Hospitalier de la Haute C\u00f4te -d'Or, est autoris\u00e9 \u00e0 signe r tous actes et d\u00e9cisions relatifs \u00e0 \nla conduite g\u00e9n\u00e9rale du Centre Hospitalier de la Haute C\u00f4te -d'Or et relevant de la comp\u00e9tence \nde la Directrice pris en sa qualit\u00e9 de Pr\u00e9sidente du Directoire du Centre Hospitalier de la Haute \nC\u00f4te-d'Or. \n \nCentre Hospitalier de Semur-en-Auxois - 21-2025-09-08-00009 - D\u00e9cision n\u00b02025-18 Portant d\u00e9l\u00e9gations de signature de la Directice du\nCH de Semur-en-Auxois, du CH de la Haute C\u00f4te d'Or et de l'EHPAD de Moutiers-Saint-Jean \u00e0 compter du 15/09/2025. 17\n \n \n    2/10 \nArticle 2 : DELEGATIONS ORDONNATEURS \n \nEn cas d'absence ou d'emp\u00eachement de la Directrice, Mme Marie -Laure BENOIST, \nDirectrice d'h\u00f4pital, charg\u00e9e des affaires financi\u00e8res du Centre Hospitalier de Semur -en-Auxois, \ndu Centre de la Haute C\u00f4te -d'Or et de l'EHPAD \u00ab  Saint Sauve ur \u00bb de Moutiers -Saint-Jean, est \nautoris\u00e9e pour les trois \u00e9tablissements en direction commune \u00e0 signer tous actes li\u00e9s \u00e0 la \nfonction d'ordonnateur.  \n \nEn cas d'absence ou d'emp\u00eachement simultan\u00e9 de la Directrice  et de Mme Marie -Laure \nBENOIST,  \n- Mme La\u00ebtitia CLERGET, Attach\u00e9e ; \n- M. Thibaud TARDIT, Attach\u00e9 ; \n- M. Patrice COMPAROT, Adjoint  des cadres ; \n \nsont autoris\u00e9s \u00e0 signer tous actes li\u00e9s \u00e0 la fonction d'ordonnateur du Centre Hospitalier de \nSemur-en-Auxois, du Centre Hospitalier de la Haute C\u00f4te -d'Or et de l'EH PAD \u00ab Saint Sauveur \u00bb \nde Moutiers-Saint-Jean.  \n \nArticle 3 : DELEGATIONS FONCTIONNELLES  \n \nEn cas d'absence ou d'emp\u00eachement de la Directrice, sont \u00e9tablies les d\u00e9l\u00e9gations \nfonctionnelles suivantes  :  \n \n\u2022 Achats G\u00e9n\u00e9raux, Logistique, Services Techniques, Restauration \n \nEn cas  d'absence ou d'emp\u00eachement de la Directrice, M. Alexandre SYNORADZKI, \nDirecteur achats, logistique et services techniques du Centre Hospitalier de Semur -en-Auxois, \ndu Centre Hospitalier de la Haute C\u00f4te -d'Or et de l'EHPAD \u00ab  Saint Sauveur \u00bb de Moutiers-Saint-\nJean est autoris\u00e9 pour les trois \u00e9tablissements en direction commune \u00e0 signer tous actes et \ncorrespondances relatifs aux achats g\u00e9n\u00e9raux, \u00e0 la logistique, aux services techniques, et aux \ntravaux des \u00e9tablissements en direction commune.  \n \nEn cas d'absence ou d'emp\u00eachement simultan\u00e9 de la Directrice et de M. Alexandre \nSYNORADZKI, Directeur achats, logistique et services techniques, M. Jean -Pierre VIDAL, \nIng\u00e9nieur, est autoris\u00e9 \u00e0 signer les actes et correspondances susmentionn\u00e9s pour le Centre \nHospitalier de Semur-en-Auxois et pour l'EHPAD \u00ab  Saint Sauveur \u00bb de Moutiers-Saint-Jean.   \n \nEn cas d'absence ou d'emp\u00eachement simultan\u00e9 de la Directrice et de M. Alexandre \nSYNORADZKI, Mme Genevi\u00e8ve POLACK, Adjointe des cadres, est autoris\u00e9e \u00e0 signer les act es \net correspondances susmentionn\u00e9s pour le Centre Hospitalier de la Haute C\u00f4te -d'Or.  \n \n\u2022 Affaires g\u00e9n\u00e9rales, Autorisations d'activit\u00e9 de soins et m\u00e9dico -sociales du \nCentre Hospitalier de Semur -en-Auxois, du Centre Hospitalier de la Haute \nC\u00f4te-d'Or et de l'EHPAD \u00ab Saint Sauveur \u00bb de Moutiers-Saint-Jean \n \nEn cas d'absence ou d'emp\u00eachement de la Directrice,  \n- Mme Sylvie BOURGEOIS, Attach\u00e9e principale,  Directrice d\u00e9l\u00e9gu\u00e9e de p\u00f4les et en charge \ndes affaires g\u00e9n\u00e9rales  pour les trois \u00e9tablissements en direction commu ne ;  \n- Mme Anouck MICHEL, Attach\u00e9e principale, Directrice d\u00e9l\u00e9gu\u00e9e de p\u00f4les et en charge des \naffaires g\u00e9n\u00e9rales  pour les trois \u00e9tablissements en direction commune  ; \n- Mme Emily OZENFANT,  Directrice d'h\u00f4pital, Directrice d\u00e9l\u00e9gu\u00e9e de p\u00f4les et en charge des \naffaires g\u00e9n\u00e9rales pour les trois \u00e9tablissements en direction commune  ; \n \nsont autoris\u00e9es \u00e0 signer tous actes  et corre spondances relatifs aux affaires g\u00e9n\u00e9rales, aux \nadmissions et aux autorisations sanitaires et m\u00e9dico -sociales du Centre Hospitalier de Semur -\nCentre Hospitalier de Semur-en-Auxois - 21-2025-09-08-00009 - D\u00e9cision n\u00b02025-18 Portant d\u00e9l\u00e9gations de signature de la Directice du\nCH de Semur-en-Auxois, du CH de la Haute C\u00f4te d'Or et de l'EHPAD de Moutiers-Saint-Jean \u00e0 compter du 15/09/2025. 18\n \n \n    3/10 \nen-Auxois, du Centre Hospitalier de la Haute C\u00f4te -d'Or et de l'EHPAD \u00ab  Saint Sauveur  \u00bb de \nMoutiers-Saint-Jean. \n \nEn cas d'absence ou d'emp\u00eachement de la Directrice,  \n- Mme Marie-Laure BENOIST, Directrice d'h\u00f4pital  ; \n- Mme Sylvie BOURGEOIS, Attach\u00e9e  principale ; \n- Mme Julie GERVREAU, Directrice d'h\u00f4pital  ; \n- M. Jean-Christophe HOMA, Attach\u00e9  ; \n- M. Nicolas MARTENET, Directeur d'h\u00f4pital  ; \n- Mme Anouck MICHEL, Attach\u00e9e principale ; \n- Mme Emily OZENFANT, Directrice d'h\u00f4pital  ; \n- Mme Catherine PATENOTTE, Attach\u00e9e  ; \n- M. Ludovic ROUSSELET, Directeur des soins  ; \n- M. Alexandre SYNORADZKI, Directeur achats, logis tique et services techniques  ; \n \nsont autoris\u00e9s \u00e0 signer tous ac tes et correspondances relatifs aux soins sans consentement.  \n \n\u2022 Communication  \n \nEn cas d'absence ou d'emp\u00eachement de la  Directrice, Mme Eve BENICHOU, \nTechnicienne sup\u00e9rieure, Responsable de la co mmunication, est autoris\u00e9e \u00e0 signer tous actes et \ncorrespondances relatifs \u00e0 la communication du Centre Hospitalier de Semur -en-Auxois, du \nCentre Hospitalier de la Haute C\u00f4te -d'Or et de l'EHPAD \u00ab  Saint Sauveur  \u00bb de Moutiers -Saint-\nJean.  \n \nEn cas d'absence o u d'emp\u00eachement de la Directrice et de Mme Eve BENICHOU, Mme \nFanny MARTINEAU, Technicienne sup\u00e9rieure, charg\u00e9e de la communication, est autoris\u00e9e \u00e0 \nsigner tous actes et corresponda nces relatifs \u00e0 la communication du Centre Hospitalier de \nSemur-en-Auxois, du Centre Hospitalier de la Haute C\u00f4te -d'Or et de l'EHPAD \u00ab  Saint Sauveur \u00bb \nde Moutiers-Saint-Jean.  \n \n\u2022 D\u00e9veloppement durable  \n \nEn cas d'absence ou d'emp\u00eachement de la Directrice, Mme  Eve BENICHOU, \nTechnicienne sup\u00e9rieure, Responsable du d\u00e9veloppement durable , est autoris\u00e9e \u00e0 signer tous \nactes et correspondances relatifs  au d\u00e9veloppement durable du Centre Hospitalier de Semur -en-\nAuxois, du Centre Hospitalier de la Haute C\u00f4te -d'Or et de  l'EHPAD \u00ab  Saint Sauveur  \u00bb de \nMoutiers-Saint-Jean. \n \n\u2022 Evaluation, Qualit\u00e9  et Gestion des Risques  \n \nEn cas d'absence ou d'emp\u00eachement de la Dire ctrice, Mme Julie GERVREAU, Directrice \nd'h\u00f4pital, charg\u00e9e de l'\u00e9valuation, de la qualit\u00e9 et de la gestion des risqu es du Centre Hospitalier \nde Semur -en-Auxois, du Centre Hospitalier de la Haute  C\u00f4te-d'Or et de l'EHPAD                \n\u00ab Saint Sauveur  \u00bb de Mo utiers-Saint-Jean, est autoris\u00e9e pour les trois \u00e9tablissements en \ndirection commune \u00e0 signer tous actes et correspo ndances relatifs au management de la qualit\u00e9, \naux proc\u00e9dures d'\u00e9valuation, d'a ccr\u00e9ditation, de certification ainsi que ceux relatifs \u00e0 la ges tion \ndes risques.  \n \nEn cas d'absence ou d'emp\u00eachement simultan\u00e9 de la Directrice et de  Mme Julie \nGERVREAU, Mme St\u00e9p hanie BEUGNON, Ing\u00e9nieure,  est autoris\u00e9e \u00e0 signer pour les trois  \n\u00e9tablissements en direction commune  tous actes et correspondances  susmentionn\u00e9s. \n \nEn cas d'absence ou d'emp\u00eachement simultan\u00e9 de la Directrice , de Mme Julie \nGERVREAU, et de Mme S t\u00e9phanie BEUG NON, M. le Docteur Joseph HELOU, Praticien \nHospitalier, Coordonnateur de la gestion des ri sques associ\u00e9s aux soins, est autoris\u00e9 \u00e0 signer \nCentre Hospitalier de Semur-en-Auxois - 21-2025-09-08-00009 - D\u00e9cision n\u00b02025-18 Portant d\u00e9l\u00e9gations de signature de la Directice du\nCH de Semur-en-Auxois, du CH de la Haute C\u00f4te d'Or et de l'EHPAD de Moutiers-Saint-Jean \u00e0 compter du 15/09/2025. 19\n \n \n    4/10 \ntous actes et c orrespondances relatifs \u00e0 l'\u00e9valuation, \u00e0 la qualit\u00e9 et de la gestion des risques \nassoci\u00e9s aux soins du  Centre Hospitalier de Semur -en-Auxois et de l'EHPAD \u00ab  Saint Sauveur  \u00bb \nde Moutiers-Saint-Jean. \n \nEn cas d'absence ou d'emp\u00eachement simultan\u00e9 de la Directrice , de Mme Julie \nGERVREAU et de Mme St\u00e9phanie BEUGNON , Mme le Docteur Isabelle MIGNET, Praticienne \nHospitali\u00e8re, Coordonnatri ce de la gestion des risques associ\u00e9s aux soins, est autoris\u00e9e \u00e0  signer \ntous actes et correspondances relatifs \u00e0 l'\u00e9valuation, \u00e0 la qualit\u00e9 et de la gestion des risques \nassoci\u00e9s aux soins du Centre Hospitalier de la Haute C\u00f4te -d'Or. \n \n\u2022 Finances, Facturation et Contr\u00f4le de gestion \n \n En cas d'absence ou d'emp\u00eachement de la Directrice, Mme Marie -Laure BENOIST, \nDirectrice d'h\u00f4pital, charg\u00e9e des affaires financi\u00e8res du Centre Hospitalier de Semur -en-Auxois, \ndu Centre Hospitalier de la Haute C\u00f4te-d'Or et de l'EHPAD \u00ab  Saint Sauveur \u00bb de Moutiers-Saint-\nJean est autoris\u00e9e pour les trois \u00e9tablissements en direction commune \u00e0 signer tous actes et \ncorrespondances relatifs \u00e0 la gestion financi\u00e8re et \u00e0 la gestion admi nistrative des patients et des \nr\u00e9sidents de ces \u00e9tablissements  mais \u00e9galement de proc\u00e9der pour le compte de ces \n\u00e9tablissements, aux tirages et remboursements des lignes tr\u00e9sorerie ainsi qu'aux tirages et \nremboursements dans le cadre de la phase de mobilisation d'emprunts . \n \nEn cas d'abs ence ou d'emp\u00eachement simultan\u00e9 de la Directrice et de Mme Marie -Laure \nBENOIST,  \n- Mme La\u00ebtitia CLERGET , Attach\u00e9e , M. Thibaud TARDIT,  Attach\u00e9, et M. Patrice \nCOMPAROT, Adjoint  des cadres s ont autoris\u00e9s \u00e0 signer tous a ctes et correspondances \nsusmentionn\u00e9s pour le Centre Hospitalier de Semur -en-Auxois, le Centre Hospitalier de la Haute \nC\u00f4te-d'Or et pour l'EHPAD \u00ab  Saint Sauveur \u00bb de Moutiers-Saint-Jean.  \n- Mme Florence BARRIER, Adjointe des cadr es, est autoris\u00e9e \u00e0 signer to us actes relatifs \u00e0 la \ngestion administrati ve des patients et des r\u00e9sidents pour le Centre Hospitalier de Semur -en-\nAuxois et pour l'EHPAD \u00ab  Saint Sauveur \u00bb de Moutiers-Saint-Jean. \n \nEn cas d'absence ou d'emp\u00eachement de Mme Flore nce BARRIER, Mme Caroline DAM IEN, \nAdjointe des cadres, est autoris\u00e9e \u00e0 s igner tous actes relatifs \u00e0 la gestion administrative des \npatients et des r\u00e9sidents pour le Centre Hospitalier de Semur -en-Auxois et pour l'EHPAD \u00ab  Saint \nSauveur \u00bb de Moutiers-Saint-Jean. \n \n- Mme Claudine KERSERHO , Adjointe des cadres, est autoris\u00e9e \u00e0 signer t ous actes relatifs \u00e0 \nla gestion administrative des patients et des r\u00e9sidents pour le Centre Hospitalier de la Haute \nC\u00f4te-d'Or. \n \nEn cas d'absence ou d'emp\u00eachement de Mme Claudine KERSERHO , Mme S\u00e9verine \nJACQUINET, Ag ent administratif, est autoris\u00e9e \u00e0 signer t ous actes relatifs \u00e0 la gestion \nadministrative des patients et des r\u00e9sidents pour le Centre Hospitalier de la Haute C\u00f4te -d'Or. \n \n \n\u2022 Institut des Formations Param\u00e9dicales de Haute C\u00f4te-d'Or (IFP) \n \nEn cas d'absence ou d'emp\u00eachement de la Directrice, M. Ludov ic ROU SSELET, \nDirecteur des soins en charge de l'Institut des Formations Param\u00e9dicales de Haute C\u00f4te -d'Or, \nest autoris\u00e9 \u00e0 signer tous actes et correspondances relatifs au fonctionnement d e l'IFP du \nCentre Hospitalier  de Semur-en-Auxois. \n \nEn cas d'absence o u d'em p\u00eachement simultan\u00e9 de la Directrice et de M. Ludovic \nROUSSELET, Mme Corinne BECARD, Cadre sup\u00e9rieure de sant\u00e9, a d\u00e9l\u00e9gation pour signer les \nactes et correspondances susmentionn\u00e9s.  \n \nCentre Hospitalier de Semur-en-Auxois - 21-2025-09-08-00009 - D\u00e9cision n\u00b02025-18 Portant d\u00e9l\u00e9gations de signature de la Directice du\nCH de Semur-en-Auxois, du CH de la Haute C\u00f4te d'Or et de l'EHPAD de Moutiers-Saint-Jean \u00e0 compter du 15/09/2025. 20\n \n \n    5/10 \n \n \n\u2022 Ressources Humaines, personnels m\u00e9dicaux et non m\u00e9dicaux \n \nEn cas d'a bsence ou d'emp\u00eachement de la Directrice, M. Nicolas MARTENET, Directeur \nd'h\u00f4pital charg\u00e9 des Ressources Humaines, est autoris\u00e9 \u00e0 signer tous actes et correspondances \nrelatifs \u00e0 la gestio n et \u00e0 la r\u00e9mun\u00e9ration du p ersonnel m\u00e9dical et non m\u00e9dical du Centre \nHospitalier de Semur -en-Auxois, du Centre Hospitalier de la Haute C\u00f4te -d'Or et de l'EHPAD \n\u00ab Saint Sauveur  \u00bb de Moutiers -Saint-Jean, \u00e0 l'exception des nominations et des actes ou \ncorrespondances concernant des membr es des Directoires du Centre Hospitalier d e Semur-en-\nAuxois et du Centre Hospitalier de la Haute C\u00f4te -d'Or et du Comit\u00e9 de direction commune.  \n \nEn cas d'absence ou d'emp\u00eachement simultan\u00e9 de la Directrice et de M. Nicolas \nMARTENET,  \n \n- M. Jean -Christophe HOM A, Attach\u00e9, et Mme Catherine PATENOTTE, Attach \u00e9e, sont \nautoris\u00e9s \u00e0 signer les actes et correspondances susmentionn\u00e9s pour le Centre Hospitalier de \nSemur-en-Auxois et pour l'EHPAD \u00ab  Saint Sauveur \u00bb de Moutiers-Saint-Jean. \n- M. Philippe KENNEL, Attach\u00e9, et Mme  Val\u00e9rie DAUVERGNE, Attach\u00e9e, sont autoris\u00e9s \u00e0  \nsigner les actes et correspondances susmentionn\u00e9s pour le Cent re Hospitalier de la Haute   \nC\u00f4te-d'Or. \n- Mme Catherine PATENOTTE, Attach\u00e9e, est autoris\u00e9e \u00e0 signer les actes et correspondances \nrelatifs \u00e0 la gestio n du rec rutement du personnel m\u00e9dical pour les  trois \u00e9tablissements en \ndirection commune. \n \nEn cas d'absence ou d'emp\u00eachement de la Directrice, M. Nicolas MARTENET a, par \nailleurs, pour les trois \u00e9tablissements en direction commune, d\u00e9l\u00e9gation pour  \n- assurer les fonctions de Pr\u00e9sident d es CSE, \u00e9tablir, avec les secr\u00e9taires, l'o rdre du jour des \nr\u00e9unions, convoquer l'instance, dialoguer avec les repr\u00e9sentants des personnels, les informer et \nles consulter ; \n- assurer les fonctions de Pr\u00e9sident des F3SCT, \u00e9 tablir, avec les secr\u00e9taires, l'ordre  du jour \ndes r\u00e9un ions, convoquer l'instanc e, dialoguer avec les repr\u00e9sentants des personnels, les \ninformer et les consulter.  \n \n\u2022 Soins param\u00e9dicaux \n \nM. Ludovic ROUSSELET, Directeur des Soins charg\u00e9 de la coordination des s oins du \nCentre Hospitalier de Semur -en-Auxois, du Cent re Hospitalier de la Haut e C\u00f4te -d'Or et de \nl'EHPAD \u00ab Saint Sauveur \u00bb de Moutiers-Saint-Jean, est autoris\u00e9 pour les trois \u00e9tablissements en \ndirection commune \u00e0 signer tous actes et correspondances relati fs \u00e0 l'organisation du travail des \npersonnels soignant s, des personnels affect\u00e9 s dans les secr\u00e9tariats m\u00e9dicaux, et des \npersonnels socio -\u00e9ducatifs et \u00e0 leur affectation, ainsi que les actes li\u00e9s au fonctionnement des \nCSIRMT du CH de Semur -en-Auxois et du CH de la Haute C\u00f4te-d'Or.  \n \nEn cas d'absence ou d'emp\u00eachement de M. Ludovic ROUS SELET,  \n- Mme Christelle ACEZAT, Cadre sup\u00e9rieure de sant\u00e9, a d\u00e9l\u00e9gation pour signer les actes et \ncorrespondances susmentionn\u00e9s pour le Centre Hospitalier de Semur -en-Auxois et l' EHPAD \n\u00ab Saint Sauveur \u00bb de Moutiers-Saint-Jean ; \n- M. Mo hamed KOBEISSI, Cadre sup \u00e9rieur de sant\u00e9, a d\u00e9l\u00e9gation pour signer les actes et \ncorrespondances susmentionn\u00e9s pour le Centre Hospitalier de la Haute C\u00f4te -d'Or. \n \n \n \n \n \n \nCentre Hospitalier de Semur-en-Auxois - 21-2025-09-08-00009 - D\u00e9cision n\u00b02025-18 Portant d\u00e9l\u00e9gations de signature de la Directice du\nCH de Semur-en-Auxois, du CH de la Haute C\u00f4te d'Or et de l'EHPAD de Moutiers-Saint-Jean \u00e0 compter du 15/09/2025. 21\n \n \n    6/10 \n\u2022 Syst\u00e8me d'information \n \nEn cas d'absence o u d'emp\u00ea chement de la Directrice, M. S\u00e9bastien VI TEAU, Ing\u00e9nieur, \nResponsable d u syst\u00e8me d'information du Centre Hospitalier de Semur -en-Auxois, du Centre \nHospitalier de la Haute C\u00f4te -d'Or et de l'EHPAD \u00ab  Saint Sauveur  \u00bb de Moutiers -Saint-Jean est \nautoris\u00e9 \u00e0 signe r tous actes et correspond ances relatifs au syst\u00e8me d'information des t rois \n\u00e9tablissements en direction commune dans le cadre, le cas \u00e9ch\u00e9ant, des proc\u00e9dures applicables \nau sein du GHT 21-52. \n \nEn cas d'absence ou d'emp\u00eachement simultan\u00e9 de la Direc trice et  de M. S\u00e9bastien \nVITEAU,  \n \n- Mme Sabrine KN IDIL, Ing\u00e9nieure informatique, M . Charles GUENEAU, Technicien \nSup\u00e9rieur Hospitalier, et M. Olivier HOARAU, Technicien Sup\u00e9rieur Hospitalier sont autoris\u00e9s \u00e0 \nsigner tous actes et correspondances relatifs au sys t\u00e8me d 'information logiciels du Ce ntre \nHospitalier de Semur -en-Auxois, du Centr e Hospitalier de la Haute C\u00f4te -d'Or et de l'EHPAD \n\u00ab Saint Sauveur \u00bb de Moutiers-Saint-Jean. \n \n- M. Jean-Pascal CHAMPRENAULT, T echnicien Sup\u00e9rieur Hospitalier et M. Kevin CHARLIN , \nTechnicien Sup\u00e9rieur Hospitalier sont autoris\u00e9s \u00e0 signer tous actes et correspondances relatifs \nau syst\u00e8me d'information infra et r\u00e9seaux du Centre Hospitalier de Semur -en-Auxois, du Centre \nHospitalier de la Haute C\u00f4te-d'Or et de l'EHPAD \u00ab  Saint Sauveur \u00bb de Moutiers-Saint-Jean. \n \nArticle 4  : DELEGATIONS  ACHATS DANS LE CADRE DES PROCEDURES \nAPPLICABLES AU GHT 21-52 \n \n\u2022 Achats G\u00e9n\u00e9raux, Logistique, Services Techniques, Restauration \n \nEn cas d'absence ou d'emp\u00each ement de la Directrice, M. Alexandre SYNORADZK I, \nDirecteur a chats, logistique et services techniques a d\u00e9l\u00e9gation pour les trois \u00e9tablissements en \ndirection commune pour signer tous actes relatifs \u00e0 l'ex\u00e9cution des march\u00e9s se rapportant aux \nachats g\u00e9n\u00e9raux , \u00e0 la logistique, aux services techniques et aux op\u00e9rations de travaux retrac\u00e9es \naux comptes 21 et 2 3, y compris les actes relatifs \u00e0 l'acceptation de sous -traitants.  \n \nEn cas d'absence ou d'emp\u00eachement simultan\u00e9 de la Dir ectrice et de M. Alexandre \nSYNORADZKI,   \n- M. Jean -Pierre VIDAL, Ing\u00e9nieur, est autoris\u00e9 \u00e0 sign er tous actes relatifs \u00e0 l'ex\u00e9cution des \nmarch\u00e9s se rapportant aux achats g\u00e9n\u00e9raux, \u00e0 la logistique, aux servic es techniques pour le \nCentre Hosp italier de Semur -en-Auxois et pour l'EHPAD \u00ab  Saint Sauveur  \u00bb de Moutiers -Saint-\nJean.   \n- Mme Genevi\u00e8ve POLACK, Adj ointe des cadres, est autoris\u00e9e \u00e0 signer tous actes relatifs \u00e0 \nl'ex\u00e9cution des march\u00e9s se rapportant aux achats  g\u00e9n\u00e9raux, \u00e0 la logistique, aux s ervices \ntechniques pour le Centre Hospitalier de la Haute C\u00f4te-d'Or.  \n \nEn cas d'absence ou d'emp\u00eachement simulta n\u00e9 de la Directrice et de M. Alexandre \nSYNORADZKI, Directeur achats, logistique et services techniques, sont au toris\u00e9s \u00e0 signer tous \nactes relatifs \u00e0 l'ex\u00e9cution des march\u00e9s \u00e9tant pr\u00e9cis\u00e9 qu e le montant par bons de commande est \nlimit\u00e9 \u00e0 cinq mille euros (5  000 euros TTC) dans le cadre des proc\u00e9du res d'achat applicables au \nsein du GHT 21-52 : \n- Mme Morgane ROULOIS, Technicienne hospita li\u00e8re pour la cuisine centrale du Centre \nHospitalier de Semur -en-Auxois, \n- M. S\u00e9bastien GAUDUBOIS, Technicien  hospitalier, pour la cuisine de l'EHPAD \u00ab  Saint \nSauveur \u00bb de Moutiers-Saint-Jean, \n- M. Pascal MONSAT, Te chnicien hospitalier, pour la cuisine centrale  de Montbard.  \n  \nCentre Hospitalier de Semur-en-Auxois - 21-2025-09-08-00009 - D\u00e9cision n\u00b02025-18 Portant d\u00e9l\u00e9gations de signature de la Directice du\nCH de Semur-en-Auxois, du CH de la Haute C\u00f4te d'Or et de l'EHPAD de Moutiers-Saint-Jean \u00e0 compter du 15/09/2025. 22\n \n \n    7/10 \nEn cas d'absence ou d'emp\u00eachement de M. Pascal MO NSAT, M. J\u00e9r\u00f4me JOURNAUX, Ouvrier \nprincipal qualifi\u00e9 est autoris\u00e9 \u00e0 signer tous actes relatifs \u00e0 l'ex\u00e9 cution de s march\u00e9s pour la \ncuisine central e de Montbard \u00e9tant pr\u00e9cis\u00e9 que le montant par  bons de commande est limit\u00e9 \u00e0 \ncinq mille euros (5 000 euros TTC) dans le cadre des proc\u00e9dures d'achat appl icables au sein du \nGHT 21-52. \n- M. Claude ROUSSEAU, Technicien hospitalier, pour la cuisine de VITTEAUX.  \nEn cas d'absence ou d'emp\u00eachement simultan\u00e9 de  M. Claude ROUSSEAU, M. Jean -Fran\u00e7ois \nMEULNET, Ouvrier principal, est autoris\u00e9 \u00e0 signer tous actes relatifs  \u00e0 l'ex\u00e9cution des march\u00e9s \npour la cuisine de VITTEAUX, \u00e9tant  pr\u00e9cis\u00e9 que le montant par bons de comman de est limit\u00e9 \u00e0 \ncinq mille euros (5 000 euros TTC) dans le cadre des proc\u00e9dures d'achat applicables au sein du \nGHT 21-52. \n \n\u2022 Communication  \n \nEn cas d'absen ce ou d'emp\u00eachement de la Directrice, Mme Eve BENICHOU, \nTechnicienne s up\u00e9rieure, Responsable de la comm unication des trois \u00e9tablissements en \ndirection commune, a d\u00e9l\u00e9gation pour signer tous actes relatifs \u00e0 l'ex\u00e9cut ion des march\u00e9s se \nrapportant \u00e0 la commun ication des \u00e9tablissements en direction commune \u00e9tant pr\u00e9cis\u00e9  que le \nmontant par bons de commande est l imit\u00e9 \u00e0 dix mille euros (10 000 euros TTC) dan s le cadre \ndes proc\u00e9dures d'achat applicables au sein du GHT 21 -52. \n \n\u2022 D\u00e9veloppement durable  \n \nEn cas d'absen ce ou d'emp\u00eachement de la Directrice, Mme Eve BENICHOU, \nTechnicienne s up\u00e9rieure, Responsable du d\u00e9velop pement durable des trois \u00e9tablissements en \ndirection commune, a d\u00e9l\u00e9gation pour signer tous actes relatifs \u00e0 l'e x\u00e9cution des march\u00e9s se \nrapportant au d\u00e9v eloppement durable des \u00e9tablissements en direction commune, \u00e9 tant pr\u00e9c is\u00e9 \nque le montant par bons de co mmande est limit\u00e9 \u00e0 dix mille euros (10 000 eu ros TTC) dans le \ncadre des proc\u00e9dures d'achat applicables au sein du GHT 21-52. \n \n\u2022 Affaires g\u00e9n\u00e9rales   \n \nEn cas d'absence ou d'emp\u00eachement de la Directrice,  \n- Mme Anouck M ICHEL, Attach\u00e9e principale, Directrice d\u00e9l \u00e9gu\u00e9e de p\u00f4les et en charge des \naffaires g\u00e9n\u00e9rales pour les trois \u00e9tablissements en direction commune  ; \n- Mme Sylv ie BOURGEOIS, Attach\u00e9e principale, Direct rice d\u00e9l\u00e9gu\u00e9e de p\u00f4les et en charge \ndes affaires g\u00e9n\u00e9rales pour les trois \u00e9tablissements en direction c ommune ; \n- Mme Emily OZENFANT , Directrice d'h\u00f4pital, Directrice d\u00e9l\u00e9gu\u00e9e de p\u00f4les et en charge des \naffaires g\u00e9n\u00e9rales pour les trois \u00e9tablissements en dire ction commune ; \n \nont d\u00e9l\u00e9gation pour signer tous actes relati fs \u00e0 l'ex\u00e9cution des march\u00e9s se rapportant  aux p\u00f4les \ndu Centre Hospitalier de Semur -en-Auxois, du  Centre Hospitalier de la H aute C\u00f4te -d'Or et de \nl'EHPAD \u00ab Saint Sauveur \u00bb, \u00e9tant pr\u00e9cis\u00e9 que le mo ntant par bons de commande est limit\u00e9 \u00e0 dix \nmille euros (10 0 00 euros TTC) dans le cadre des proc\u00e9dures  d'achat applicables au sein du \nGHT 21-52. \n \n\u2022 Evaluation, Qualit\u00e9, Gestion des Risques  \n \nEn cas d'absence ou d'emp \u00eachement de la D irectrice, Mme Julie GERV REAU, Directrice \nd'h\u00f4pital, charg\u00e9e de l'\u00e9valuation, de la qu alit\u00e9 et de la gestion des risques du Cent re Hospitalier \nde Semur -en-Auxois, du Centre Hosp italier de la Haute C\u00f4te -d'Or et de l'EHPAD                \n\u00ab Saint Sauveur  \u00bb de  Moutiers-Saint-Jean, a d \u00e9l\u00e9gation pour signer tous actes relatifs \u00e0 \nl'ex\u00e9cution des m arch\u00e9s se rapportant \u00e0 l'\u00e9valuation, \u00e0 la qualit\u00e9 et \u00e0 la gestion des risques pour \nles \u00e9tablissements en direction commune, \u00e9tant pr\u00e9cis\u00e9 que le montant p ar bons de comma nde \nest limit\u00e9 \u00e0 dix mill e euros (10 000 euros TTC) dans le cadre des proc\u00e9dures d'ach at applicables \nau sein du GHT 21-52. \nCentre Hospitalier de Semur-en-Auxois - 21-2025-09-08-00009 - D\u00e9cision n\u00b02025-18 Portant d\u00e9l\u00e9gations de signature de la Directice du\nCH de Semur-en-Auxois, du CH de la Haute C\u00f4te d'Or et de l'EHPAD de Moutiers-Saint-Jean \u00e0 compter du 15/09/2025. 23\n \n \n    8/10 \n \n\u2022 Institut des Formations Param\u00e9dicales de Haute C\u00f4te-d'Or (IFP) \n \nEn cas d'absence ou d'emp\u00eachement de la Directrice, M. Ludovic ROUSS ELET, \nDirecteur des soins  en charge de l'Institut des Formations Param\u00e9dicales de Haut e C\u00f4te-d'Or, a \nd\u00e9l\u00e9gation pour signer tous  actes relatifs \u00e0 l'ex\u00e9cution des march\u00e9s se rapp ortant \u00e0 l'IFP du \nCentre Hospitalier de Semur -en-Auxois, \u00e9tant pr\u00e9cis\u00e9 que le montant par bons de comman de est \nlimit\u00e9 \u00e0 dix mille euros (10 000 euros TTC) dans le ca dre des proc\u00e9dures d'achat applicables au \nsein du GHT 21-52. \n \n\u2022 Laboratoire \n \nM. le Docteur Je an-Fran\u00e7ois PIQUES, responsable du Laboratoire du Centre Hospit alier \nde Semur -en-Auxois, est autoris\u00e9 \u00e0 signer tous actes relatifs \u00e0 l'ex\u00e9cution des march\u00e9s se \nrapportant au laboratoire du Centre Hospitalier  de Semur -en-Auxois, dans le cadre, le cas \n\u00e9ch\u00e9ant, des proc\u00e9dures applicables au sein du GHT 21 -52.  \n \nEn cas d' absence ou d'emp \u00eachement de M. le Docteur  Jean-Fran\u00e7ois PIQUES, M. Thierry \nFERNANDES, Cadre de sant\u00e9, est autoris\u00e9 \u00e0 signer tous actes relatifs \u00e0 l'ex\u00e9cution des \nmarch\u00e9s se rapportant au labora toire du Centre Hospitalier de Semur -en-Auxois, dans le cadre, \nle cas \u00e9ch\u00e9ant, des proc\u00e9dures applicable s au sein du GHT 21-52. \n \n\u2022 Pharmacie \n \nMme le Docteur Morgane RI GAUD-LEBOUVIER, Praticienne hospitali\u00e8re, charg\u00e9e de la \ng\u00e9rance de la Pharmacie \u00e0 Usage Int \u00e9rieur du Centre Hospitalier de Semur -en-Auxois, a \nd\u00e9l\u00e9gation p our engager et l iquider les d\u00e9penses li\u00e9e s aux approvisionnements \npharmaceutiques du Centre Hospitalie r de Semur -en-Auxois, dans le cadre, le ca s \u00e9ch\u00e9ant, des \nproc\u00e9dures applicables au sein du GHT 21-52.  \n \nEn cas d'absence ou d'emp\u00eachement de Mme le Docteu r Morgane                              \nRIGAUD-LEBOUVIER, M. le Docteur  Baptiste RIGAUD, Praticien hosp italier, a d\u00e9l\u00e9gation pour \nengager et liquider les d\u00e9penses li\u00e9es aux approvisionnements su smentionn\u00e9s. \n \nEn cas d'absence ou d'emp\u00eachement simultan\u00e9 de Mm e le Docteur Mor gane                 \nRIGAUD-LEBOUVIER et de M. le Docteur Baptiste RIGAUD, Mme  le Docteur Catherine GODY, \nPraticienne hospitali\u00e8 re et Mme le Docteur Val\u00e9rie SAURON, Praticienne hospitali\u00e8re, ont \nd\u00e9l\u00e9gation pour engager et liquider les d\u00e9pen ses li\u00e9es aux ap provisionnements susmenti onn\u00e9s \ndu Centre Hospitalier de Semur -en-Auxois. \n \nM. le Docteu r Bertrand RENAUD, Praticien  hospitalier, charg\u00e9 de la g\u00e9rance de la \nPharmacie \u00e0 Usage I nt\u00e9rieur du Centre Hospitalier de la Haute C\u00f4te -d'Or, a d\u00e9l\u00e9gation  pour \nengager et  liquider les d\u00e9penses li \u00e9es aux approvisionnements pharmaceutiques du Centre \nHospitalier de la Haute C\u00f4te -d'Or, dans le cadre, le cas \u00e9ch\u00e9ant, des proc\u00e9dures applicables au \nsein du GHT 21-52.  \n \nEn cas d'absence de M. le Docteur Bertrand RENAUD, Mme le Doc teur Isabelle \nMIGNET, Praticienne hospitali\u00e8re, a d\u00e9l\u00e9gation pour engager et liquider les d\u00e9penses li\u00e9es aux \napprovisionnements susmentionn\u00e9s du Centre Hospitalier de la Haute C\u00f4te -d'Or. \n \n \n \n \n \n \n \nCentre Hospitalier de Semur-en-Auxois - 21-2025-09-08-00009 - D\u00e9cision n\u00b02025-18 Portant d\u00e9l\u00e9gations de signature de la Directice du\nCH de Semur-en-Auxois, du CH de la Haute C\u00f4te d'Or et de l'EHPAD de Moutiers-Saint-Jean \u00e0 compter du 15/09/2025. 24\n \n \n    9/10 \n\u2022 Ressources Humaines, personnels m\u00e9dicaux et non m\u00e9di caux \n \nEn cas d'a bsence ou d'emp\u00eache ment de la Directrice, M. Nicolas MARTENET, Directeur \nd'h\u00f4pital charg\u00e9 des Ressources Humaines a d\u00e9l\u00e9gation p our les trois \u00e9tablissements en \ndirection commune pour engager et liquider les d\u00e9penses li\u00e9es \u00e0 la gestion des r essources \nhumaines, \u00e9tant pr\u00e9cis\u00e9 q ue le montant par bons de commande est limit\u00e9 \u00e0 dix mille eur os             \n(10 000 euros TTC) dans le cadre des proc\u00e9dures d'achat applicables au sein du GHT 21 -52. \n \nEn cas d'absence ou d'emp\u00eachement simultan\u00e9 de la Directrice et de  M. Nicolas \nMARTENET,  \n- M. Jean -Christophe HOMA, Attach\u00e9,  et Mme Catherine PATENOTTE,  Attach\u00e9e, ont \nd\u00e9l\u00e9gation pour engager et liquider les d\u00e9pen ses li\u00e9es \u00e0 la gestion des ressources humaines des \ntrois \u00e9tablissements en direction commune \u00e9tant pr\u00e9cis\u00e9 que l e montant par bo ns de commande \nest limit\u00e9 \u00e0 dix mille euros (10 000 euros TTC) dans le cadre des p roc\u00e9dures d'achat applicables \nau sein du GHT 21-52. \n \n\u2022 Soins param\u00e9dicaux \n \nEn cas d'absence ou d'emp\u00eachement de la Directrice, M. Ludovic ROUSSELET, \nDirecteur d es soins, charg\u00e9  de la coordination des soins, a d\u00e9l\u00e9gation pour les trois \n\u00e9tablissements en direc tion commune pour signer tous actes relatifs \u00e0  l'ex\u00e9cution des march\u00e9s \nse rapportant \u00e0 la direction des soins \u00e9tant pr\u00e9cis\u00e9 que le montant par bons de command e est \nlimit\u00e9 \u00e0 d ix mille euros (10 000 euros TTC) dans le cadre des proc\u00e9dures d'ach at applicables au \nsein du GHT 21-52. \n \n\u2022 Syst\u00e8me d'information \n \nEn cas d'absence ou d'emp\u00eachement de la Directrice, M. S\u00e9bastien VITEAU, Ing\u00e9nieur, \nResponsable du syst\u00e8me d'in formation des tr ois \u00e9ta blissements en direction commune, a \nd\u00e9l\u00e9gation pour signer to us actes relat ifs \u00e0 l'ex\u00e9cution des march\u00e9s se rapportant \u00e0 la direction \ndu syst\u00e8me d'information des \u00e9tablissements en direction commune, \u00e9tant pr\u00e9cis\u00e9 que le \nmontant par bons de commande  est li mit\u00e9 \u00e0 dix m ille euros (10 000 euros TTC) dans le cadre \ndes proc\u00e9dures d'achat applicables au sein du GHT 21 -52. \n \nArticle 5 : DELEGATIONS ASTREINTES DE DIRECTION \n \nDans le cadre de leur participation \u00e0 l'astreinte de direction du Cent re Hospitalier d e \nSemur-en-Auxois et de l'EHPAD \u00ab Saint Sauveur \u00bb de Moutiers-Saint-Jean, et/ou \u00e0 l'astreinte de \ndirection du Centre Hospitalier  de la Haute C\u00f4te-d'Or et durant cette derni\u00e8re,  \n \n- Mme Marie-Laure BENOIST, Directrice d'h\u00f4pital  ; \n- Mme Sylvie BOURGEOIS, Attach\u00e9e principale ; \n- Mme Julie GERVREAU, Directrice d'h\u00f4pital  ; \n- M. Jean-Christophe HOMA, Attach\u00e9  ; \n- M. Nicolas MARTENET, Directeur d'h\u00f4 pital ; \n- Mme Anouck MICHEL, Attach\u00e9e  principale ; \n- Mme Emily OZENFANT, Directrice d'h\u00f4pital  ; \n- Mme Catherine PATENO TTE, Attach\u00e9e ; \n- M. Ludovic ROUSSELET, Directeur des soins  ; \n- M. Alexandre SYNORADZKI,  Directeur achats, logistique et services techniques  ; \n \ndisposent chacun(e) d'une d\u00e9l\u00e9gation de signature permettant de signer en lieu et place de la \nDirectrice, \u00e0 l'except ion des actes qu i rel\u00e8v ent de sa qu alit\u00e9 de Pr\u00e9sidente du Directoire du \nCentre Hospi talier de Semur -en-Auxois et/ou Pr\u00e9sidente du Directoire du Centre Hospitalier de \nla Haute C\u00f4te -d'Or, tous les actes et d\u00e9cisions urgents indispensables au bon fonctionneme nt \ndes services,  au res pect du prin cipe de continuit\u00e9 des soins, de sauvegarde des p ersonnes et \nCentre Hospitalier de Semur-en-Auxois - 21-2025-09-08-00009 - D\u00e9cision n\u00b02025-18 Portant d\u00e9l\u00e9gations de signature de la Directice du\nCH de Semur-en-Auxois, du CH de la Haute C\u00f4te d'Or et de l'EHPAD de Moutiers-Saint-Jean \u00e0 compter du 15/09/2025. 25\n \n \n   10/10 \ndes biens ainsi qu'au maintien des installations  et \u00e9quipements de l'\u00e9tablissement durant leur \ngarde administrative, notamment les signalements d'\u00e9v\u00e8nements ind \u00e9sirables aux autorit\u00e9s. \n \n \nArticle 6 : DISPOSITIONS GENERALES \n \nCette d\u00e9l\u00e9gation est assortie de l'obligation pour les d\u00e9l\u00e9gataires :  \n- de respecter les proc\u00e9dures r\u00e8glementaires en vigueur ou les proc\u00e9dures mises en place,  \n- de n'engager les d\u00e9penses que dans la limite des cr \u00e9dits a utoris\u00e9s par  le compte \nbudg\u00e9taire du dernier \u00e9tat pr\u00e9visionne l des recettes et des d\u00e9penses ou d\u00e9cision \nmodificative approuv\u00e9, \n- de rendre compte \u00e0 la Directrice des actes pris dans l'exercice de sa d\u00e9l\u00e9gation.  \n \nLes titulaires de cette  d\u00e9l\u00e9gation r\u00e9f\u00e8 reront \u00e0 M me la Dir ectrice, des \u00e9ventuelles \ndifficult\u00e9s rencontr\u00e9es dans l'application de la pr\u00e9sente d\u00e9l\u00e9gation.  \n \nLes signature s des agents vis\u00e9s par la pr\u00e9sente d\u00e9cision doivent \u00eatre pr\u00e9c\u00e9d\u00e9es de la \nmention \u00ab Pour La Directrice, S\u00e9vena RE LLAND, et par d\u00e9 l\u00e9gation \u00bb, suivie du grade et/ou des \nfonctions, du pr\u00e9nom et du nom  du signataire. \n \nLes titulaires de cette d\u00e9l\u00e9gation ont la r esponsabilit\u00e9 des op\u00e9rations qu'ils effectuent \ndans le cadre de cette d\u00e9l\u00e9gation ou de leurs fonctions et sont c harg\u00e9s d'assurer  le contr\u00f4le de \nl'ensemble des agents qui interviennent dans les pro c\u00e9dures concern\u00e9es. \n \nLa pr\u00e9sente d\u00e9cision prend effet au 1er ao\u00fbt 2025, date de son affichage dans les locaux \ndes \u00e9tablissements en direction commune. Elle prend fin lors d u changement de fonction du \nd\u00e9l\u00e9gant ou d'un des d\u00e9l\u00e9gataires.  \n \nLa pr\u00e9sente d\u00e9cision  annule et remplace, \u00e0 compter du 15 septembre  2025, la d\u00e9cision \ndu Centre Hospitalier de Semur -en-Auxois, du Centre Hospitalier de la Haute C\u00f4te -d'Or et de \nl'EHPAD \u00ab Saint Sauveur \u00bb de Moutiers-Saint-Jean n\u00b02025-16 du 29 juillet 2025. \n \nElle fera l'objet d 'une publication au recueil des actes administratifs du d\u00e9part ement de la           \nC\u00f4te-d'Or, et sera port\u00e9e \u00e0 la connaissance du Tr\u00e9sorier, de l'Agence R\u00e9gionale de Sant\u00e9 \nBourgogne Franche -Comt\u00e9, du Conseil D\u00e9partemental de C\u00f4te -d'Or, des Conseils de \nSurveillance du CH de Semur -en-Auxois et du Centre Hospitalier de  la Haute C\u00f4te -d'Or, et du \nConseil d'Administration de l'EHPAD \u00ab  Saint Sauveur  \u00bb de Moutiers -Saint-Jean. Elle es t \n\u00e9galement transmise \u00e0 chaque d\u00e9l\u00e9gataire. \n \n \nFait \u00e0 Semur-en-Auxois, le 08 septembre 2025 \n \n \n                     La Directrice, \n \n \n                      S\u00e9vena RELLAND \n \n \n \nDestinataires  : D\u00e9l\u00e9gataires et subd\u00e9l\u00e9gataires  ; Dossier de d\u00e9l\u00e9gation de signature (D irection) ; Tr\u00e9sorier ; ARS BFC ; CD21 \nCentre Hospitalier de Semur-en-Auxois - 21-2025-09-08-00009 - D\u00e9cision n\u00b02025-18 Portant d\u00e9l\u00e9gations de signature de la Directice du\nCH de Semur-en-Auxois, du CH de la Haute C\u00f4te d'Or et de l'EHPAD de Moutiers-Saint-Jean \u00e0 compter du 15/09/2025. 26\nDirection d\u00e9partementale de l'emploi, du travail\net des solidarit\u00e9s de C\u00f4te-d'Or\n21-2025-09-12-00004\nArr\u00eat\u00e9 portant Agr\u00e9ment SAP - Expansion 21\nAuxonne\nDirection d\u00e9partementale de l'emploi, du travail et des solidarit\u00e9s de C\u00f4te-d'Or - 21-2025-09-12-00004 - Arr\u00eat\u00e9 portant Agr\u00e9ment SAP\n- Expansion 21 Auxonne 27\nPREFETDE LACOTE-D'ORLibert\u00e9\u00c9galit\u00e9Fraternit\u00e9\nDirection D\u00e9partementale de l'Emploi, \ndu Travail et des Solidarit\u00e9s - DDETS \nDDETS 21, 6 rue Chancelier de l'Hospital - 21000 DIJON  \nT\u00e9l. : 03 80 68 30 00 (Accueil) \nwww.cote-dor.gouv.fr \n \nAffaire suivie par Sophie LACROIX                                         Dijon, le 12/09/2025 \nP\u00f4le Emploi-Coh\u00e9sion Territoriale, \nT\u00e9l : 03 80 45 75 07 // 06 84 89 20 33 \nMail : sophie.lacroix@cote-dor.gouv.fr \n  EXPANSION 21 AUXONNE \nMme MARQUES Adeline  \n14 rue Thiers \n21130 AUXONNE \n \nARRETE PORTANT DECISION D'AGREMENT \n pour un Organisme de Services \u00e0 la Personne (OSP) \nEnregistr\u00e9 sous le n\u00b0 SAP/ 921464475 \n \n \nLe pr\u00e9fet de la C\u00f4te-d'Or, et par d\u00e9l\u00e9gation de la Directrice D\u00e9partementale de la DDETS de C\u00f4te \nd'Or, la Cheffe du P\u00f4le Emploi et Coh\u00e9sion Territoriale, Fabienne BAILLY \n \n \nVu la loi n\u00b02010-853 du 23 Juillet 2010 relative aux r\u00e9seaux consulaires, au commerce et \u00e0 l'artisanat \net aux services (article 31) ; \nVu les d\u00e9crets n\u00b02011-1132 et n\u00b02011-1133 du 20 septembre 2011 modifiant certaines dispositions du \ncode du travail relatives au ch\u00e8que emploi-service universel et aux services \u00e0 la personne ; \nVu le code du travail, notamment ses articles L. 7231-1 \u00e0 L 7232-9, L 7233-1 \u00e0 L 7233-8, R. 7232-1 \u00e0 \nR. 7232-22, D. 7231-1 et D.7233-1 \u00e0 D.7233-1 ; \nVu l'arr\u00eat\u00e9 du 24 novembre 2023 fixant le cahier des charges (C.C) pr\u00e9vu \u00e0 l'article R.7232-6 du code \ndu travail, lors de la demande/renouvellement d'un agr\u00e9ment services \u00e0 la personne (SAP) ; \nVu la circulaire du 3 janvier 2025 portant sur les activit\u00e9s de services \u00e0 la personne, d\u00e9claration et \nagr\u00e9ment ; \nVu le d\u00e9cret du 10 octobre 2024 nommant Monsieur Paul MOURIER, Pr\u00e9fet de la r\u00e9gion Bourgogne-\nFranche-Comt\u00e9 (BFC), Pr\u00e9fet de la C\u00f4te d'Or (21) ; \nVu l'arr\u00eat\u00e9 pr\u00e9fectoral n\u00b01657 du 28 octobre 2024 portant d\u00e9l\u00e9gation de signature \u00e0  Mme Armelle \nLEON, Directrice D\u00e9partementale de la DDETS de C\u00f4te d'Or ; \nVu l'arr\u00eat\u00e9 n\u00b0004/DDETS du 6 novembre 2024 \u2013 Pr\u00e9fecture de la C\u00f4te d'Or, portant subd\u00e9l\u00e9gation de \nsignature ; \n \nVu la demande d'agr\u00e9ment de services \u00e0 la personne (SAP) d\u00e9pos\u00e9e sous le n\u00b0 1993700 dans NOVA \nle 25 juin 2025 par l'entreprise EXPANSION 21 AUXONNE, SIREN 921 464 475, dont le si\u00e8ge social \nest situ\u00e9 14 rue Thiers 21130 AUXONNE ; \nVu la responsable, Mme MARQUES Adeline ; \nVu le t\u00e9l\u00e9chargement des pi\u00e8ces obligatoires dans l'application NOVA le 25 juin 2025 ; \nVu le courriel du 25 ao\u00fbt 2025 de la DDETS 21 adress\u00e9 \u00e0 l'entreprise EXPANSION 21 AUXONNE \nportant sur les observations des pi\u00e8ces re\u00e7ues et/ou manquantes ; \nDirection d\u00e9partementale de l'emploi, du travail et des solidarit\u00e9s de C\u00f4te-d'Or - 21-2025-09-12-00004 - Arr\u00eat\u00e9 portant Agr\u00e9ment SAP\n- Expansion 21 Auxonne 28\nDDETS 21, 6 rue Chancelier de l'Hospital - 21000 DIJON  \nT\u00e9l. : 03 80 68 30 00 (Accueil) \nwww.cote-dor.gouv.fr \nVu les r\u00e9ponses de l'entreprise EXPANSION 21 AUXONNE le 4 septembre 2025 marquant la \nv\u00e9rification de compl\u00e9tude et de conformit\u00e9 des pi\u00e8ces re\u00e7ues ainsi que le d\u00e9but du d\u00e9lai d'instruction \nde trois mois ; \nVu la demande d'avis au Conseil D\u00e9partemental pour la garde d'enfants de moins de 3 ans et de moins \nde 18 ans handicap\u00e9s \u00e0 domicile d\u00e9pos\u00e9 le 21 juillet 2025 ; \nVu l'avis d\u00e9favorable du Conseil D\u00e9partemental transmis le 12 ao\u00fbt 2025 ; \n  \n\u2026\u2026\u2026\u2026.. \nConsid\u00e9rant que le Pr\u00e9fet accorde l'agr\u00e9ment lorsque la personne morale qui en fait la demande \ndispose en propre ou au sein du r\u00e9seau dont il fait partie, des moyens humains, mat\u00e9riels et financiers \npermettant de satisfaire l'objet pour lequel l'agr\u00e9ment est sollicit\u00e9 (art R 7232-6 Code du Travail) ; \nConsid\u00e9rant qu'un organisme de services \u00e0 la personne (OSP) doit respecter le cahier des charges \net son annexe, d\u00e9finis \u00e0 l'arr\u00eat\u00e9 du 24 novembre 2023 pr\u00e9vu par l'article R 7232-6 du Code du Travail ; \nConsid\u00e9rant que le mode d'intervention est le mode mandataire ; \nConsid\u00e9rant que l'instruction de la demande a notamment port\u00e9 sur la v\u00e9rification de la qualification \ndu personnel pr\u00e9vue au point 58 du cahier des charges ; \nConsid\u00e9rant que ce dernier d\u00e9finit la qualification pour le mandataire ou son r\u00e9f\u00e9rent ; \nConsid\u00e9rant que la personne assurant cette fonction sera Mme MARQUES Adeline (mandataire) ; \nConsid\u00e9rant que l'instruction de la demande doit \u00e9galement porter sur la v\u00e9rification de la qualification \ndu personnel intervenant pr\u00e9vue au point 59 du cahier des charges ; \nConsid\u00e9rant que dans tous les cas, le gestionnaire d\u00e9termine si la prestation attendue est en \nad\u00e9quation avec les comp\u00e9tences et les moyens qu'il peut mettre en \u0153uvre. Lorsque le gestionnaire \nn'est pas en capacit\u00e9 de r\u00e9pondre \u00e0 la demande du client, il l'oriente vers une structure plus adapt\u00e9e \nen substitution ou en compl\u00e9ment (point 50 Cahier des Charges) ; \nConsid\u00e9rant que le mandataire v\u00e9rifie \u00e9galement que l'intervention sous ce mode est adapt\u00e9e \u00e0 la \nr\u00e9alit\u00e9 de la situation de la personne et que son \u00e9tat lui permet d'assurer les responsabilit\u00e9s inh\u00e9rentes \n\u00e0 son statut d'employeur (point 47 Cahier des Charges) et qu'un diagnostic des besoins du particulier \nemployeur est r\u00e9alis\u00e9 (point 51 Cahier des Charges) ; \n \n \n \nARR\u00caTE \n \n \n Article 1 :  \nL'agr\u00e9ment services \u00e0 la personne (SAP) est accord\u00e9 \u00e0 l'entreprise EXPANSION 21 AUXONNE, \nSIREN 921 464 475, situ\u00e9e 14 rue Thiers 21130 AUXONNE, pour une dur\u00e9e de cinq ans \u00e0 compter \nde la date du 12 septembre 2025 ; \nsous r\u00e9serve que les intervenants recrut\u00e9s par la soci\u00e9t\u00e9 remplissent les conditions  et les qualifications \npr\u00e9vues par le cahier des charges (article 59 Cahier des Charges.) ; \net qu'ils soient en nombre suffisant pour assurer la continuit\u00e9 de service (article 35 Cahier des Charges) \net respecter leur engagement, m\u00eame en cas d'indisponibilit\u00e9 de l'intervenant (maladie, cong\u00e9,\u2026) y \ncompris les samedis, dimanches et jours f\u00e9ri\u00e9es si la structure s'y est engag\u00e9e ; \nSuite au calendrier de recrutement transmis en date d u 04 septembre 2025, l'entreprise \nEXPANSION 21 AUXONNE devra transmettre \u00e0 la DDETS 21 dans un d\u00e9lai de 3 mois l'ensemble \ndes CV et dipl\u00f4mes des personnels recrut\u00e9s. \n \n \nDirection d\u00e9partementale de l'emploi, du travail et des solidarit\u00e9s de C\u00f4te-d'Or - 21-2025-09-12-00004 - Arr\u00eat\u00e9 portant Agr\u00e9ment SAP\n- Expansion 21 Auxonne 29\nDDETS 21, 6 rue Chancelier de l'Hospital - 21000 DIJON  \nT\u00e9l. : 03 80 68 30 00 (Accueil) \nwww.cote-dor.gouv.fr \nArticle 2 :  \nLa demande de renouvellement devra \u00eatre d\u00e9pos\u00e9e dans les conditions fix\u00e9es par l'article R.7232-9 \ndu Code du Travail et au plus tard, trois mois avant la fin de l'agr\u00e9ment ; \n \nArticle 3 :  \nCet agr\u00e9ment couvre les activit\u00e9s ci-dessous pour le d\u00e9partement de la C\u00f4te d'Or (21), en mode \nmandataire : \n- Assistance dans les actes quotidiens de la vie ou aide \u00e0 l'insertion sociale aux personnes \u00e2g\u00e9es \net aux personnes handicap\u00e9es ou atteintes de pathologies chroniques qui ont besoin de telles \nprestations \u00e0 domicile, \u00e0 l'exclusion d'actes de soins relevant d'actes m\u00e9dicaux ; \n  \n- Accompagnement des personnes \u00e2g\u00e9es, des personnes handicap\u00e9es ou atteintes de pathologies \nchroniques, dans leurs d\u00e9placements en dehors de leur domicile (promenades, aide \u00e0 la mobilit\u00e9 et au \ntransport, actes de la vie courante) \u00e0 la condition que la prestation soit comprise dans une offre globale \nde services incluant une activit\u00e9 effectu\u00e9e \u00e0 domicile ; \n \n- Prestation de conduite du v\u00e9hicule personnel des personnes \u00e2g\u00e9es, des personnes handicap\u00e9es \nou atteintes de pathologies chroniques du domicile au travail, sur le lieu de vacances, pour les \nd\u00e9marches administratives ; \n \nAinsi que les activit\u00e9s ci-dessous pour le d\u00e9partement de la C\u00f4te d'Or (21), en mode prestataire : \n- Garde d'enfants de moins de 3 ans et de moins de 18 ans handicap\u00e9s \u00e0 domicile \n- Accompagnement des enfants de moins de 3 ans ou de moins de 18 ans handicap\u00e9s \n \nArticle 4 :  \nSi l'organisme envisage de fournir des activit\u00e9s ou de fonctionner selon des modes d'intervention autres \nque ceux pour lesquels il est agr\u00e9\u00e9 ou de d\u00e9ployer ses activit\u00e9s sur un d\u00e9partement autre que celui pour \nlequel il est agr\u00e9\u00e9, il devra solliciter une modification pr\u00e9alable de son agr\u00e9ment ; \nLa demande devra pr\u00e9ciser les modifications envisag\u00e9es et les moyens nouveaux correspondants dans \nles conditions fix\u00e9es par la r\u00e9glementation. L'ouverture d'un nouvel \u00e9tablissement ou d'un nouveau local \nd'accueil dans un d\u00e9partement pour lequel il est agr\u00e9\u00e9 devra \u00e9galement faire l'objet d'une information \npr\u00e9alable aupr\u00e8s de la DDETS ; \n \nArticle 5 :  \nLe pr\u00e9sent agr\u00e9ment pourra \u00eatre retir\u00e9 (R 7232-12 Code du Travail) si l'organisme agr\u00e9\u00e9 : \n\u2022 cesse de remplir les conditions ou de respecter les obligations mentionn\u00e9es aux articles R.7232-4 \u00e0 \nR.7232-9 du code du travail, \n\u2022 ne respecte pas les dispositions l\u00e9gales relatives  \u00e0 la sant\u00e9 et \u00e0 la s\u00e9curit\u00e9 au travail, \n\u2022 exerce d'autres activit\u00e9s ou sur d'autres d\u00e9partements que ceux mentionn\u00e9s dans le pr\u00e9sent arr\u00eat\u00e9, \n\u2022 ne transmet pas au pr\u00e9fet comp\u00e9tent avant la fin du premier semestre de l'ann\u00e9e, le bilan quantitatif \net qualitatif de l'activit\u00e9 exerc\u00e9e au titre de l'ann\u00e9e \u00e9coul\u00e9e ; \n \nArticle 6 :  \nCet agr\u00e9ment n'ouvre pas droit aux avantages fiscaux et sociaux  fix\u00e9s par l'article L.  7233-2 du \ncode du travail et L. 241-10 du code de la s\u00e9curit\u00e9 sociale. Conform\u00e9ment \u00e0 l'article L.7232-1-1 du Code \ndu Travail, pour ouvrir droit \u00e0 ces dispositions, l'organisme doit se d\u00e9clarer et n'exercer que les activit\u00e9s \nd\u00e9clar\u00e9es, \u00e0 l'exclusion de toute autre (ou tenir une comptabilit\u00e9 s\u00e9par\u00e9e pour les organismes dispens\u00e9s \nde cette condition par l'article L. 7232-1-2) ; \n \nDirection d\u00e9partementale de l'emploi, du travail et des solidarit\u00e9s de C\u00f4te-d'Or - 21-2025-09-12-00004 - Arr\u00eat\u00e9 portant Agr\u00e9ment SAP\n- Expansion 21 Auxonne 30\nDDETS 21, 6 rue Chancelier de l'Hospital - 21000 DIJON  \nT\u00e9l. : 03 80 68 30 00 (Accueil) \nwww.cote-dor.gouv.fr \nArticle 7 : \nLe pr\u00e9sent arr\u00eat\u00e9 sera publi\u00e9 au recueil des actes administratifs de la Pr\u00e9fecture (art R 7232 -18 \nCode du Travail). \n \n \nPour le Pr\u00e9fet de D\u00e9partement et par \nsubd\u00e9l\u00e9gation du Directeur D\u00e9partemental de la \nDDETS de C\u00f4te d'Or, \nLa Responsable de l'Unit\u00e9, Formation, Emploi et \nInsertion, \nSIGNE \n          Marie BEGRAND   \nDirection d\u00e9partementale de l'emploi, du travail et des solidarit\u00e9s de C\u00f4te-d'Or - 21-2025-09-12-00004 - Arr\u00eat\u00e9 portant Agr\u00e9ment SAP\n- Expansion 21 Auxonne 31\nDirection d\u00e9partementale de l'emploi, du travail\net des solidarit\u00e9s de C\u00f4te-d'Or\n21-2025-09-12-00006\nArr\u00eat\u00e9 portant modification d'agr\u00e9ment SAP -\nExpansion 21 Beaune\nDirection d\u00e9partementale de l'emploi, du travail et des solidarit\u00e9s de C\u00f4te-d'Or - 21-2025-09-12-00006 - Arr\u00eat\u00e9 portant modification\nd'agr\u00e9ment SAP - Expansion 21 Beaune 32\nPREFETDE LACOTE-D'ORLibert\u00e9\u00c9galit\u00e9Fraternit\u00e9\nDirection D\u00e9partementale de l'Emploi, \ndu Travail et des Solidarit\u00e9s - DDETS \nDDETS 21, 6 rue Chancelier de l'Hospital - 21000 DIJON  \nT\u00e9l. : 03 80 68 30 00 (Accueil) \nwww.cote-dor.gouv.fr \n \nAffaire suivie par Sophie LACROIX                                         Dijon, le 09/09/2025 \nP\u00f4le Emploi-Coh\u00e9sion Territoriale, \nT\u00e9l : 03 80 45 75 07 // 06 84 89 20 33 \nMail : sophie.lacroix@cote-dor.gouv.fr \n  EXPANSION 21 BEAUNE \nM. DULAS L\u00e9o \n9 route de Seurre \n21200 BEAUNE \n \nARRETE PORTANT MODIFICATION D'AGREMENT \n pour un Organisme de Services \u00e0 la Personne (OSP) \nEnregistr\u00e9 sous le n\u00b0 SAP/ 920793882 \n \n \nLe pr\u00e9fet de la C\u00f4te-d'Or, et par d\u00e9l\u00e9gation de la Directrice D\u00e9partementale de la DDETS de C\u00f4te \nd'Or, la Cheffe du P\u00f4le Emploi et Coh\u00e9sion Territoriale, Fabienne BAILLY \n \n \nVu la loi n\u00b02010-853 du 23 Juillet 2010 relative aux r\u00e9seaux consulaires, au commerce et \u00e0 l'artisanat \net aux services (article 31) ; \nVu les d\u00e9crets n\u00b02011-1132 et n\u00b02011-1133 du 20 septembre 2011 modifiant certaines dispositions du \ncode du travail relatives au ch\u00e8que emploi-service universel et aux services \u00e0 la personne ; \nVu le code du travail, notamment ses articles L. 7231-1 \u00e0 L 7232-9, L 7233-1 \u00e0 L 7233-8, R. 7232-1 \u00e0 \nR. 7232-22, D. 7231-1 et D.7233-1 \u00e0 D.7233-1 ; \nVu l'arr\u00eat\u00e9 du 24 novembre 2023 fixant le cahier des charges (C.C) pr\u00e9vu \u00e0 l'article R.7232-6 du code \ndu travail, lors de la demande/renouvellement d'un agr\u00e9ment services \u00e0 la personne (SAP) ; \nVu la circulaire du 3 janvier 2025 portant sur les activit\u00e9s de services \u00e0 la personne, d\u00e9claration et \nagr\u00e9ment ; \nVu le d\u00e9cret du 10 octobre 2024 nommant Monsieur Paul MOURIER, Pr\u00e9fet de la r\u00e9gion Bourgogne-\nFranche-Comt\u00e9 (BFC), Pr\u00e9fet de la C\u00f4te d'Or (21) ; \nVu l'arr\u00eat\u00e9 pr\u00e9fectoral n\u00b01657 du 28 octobre 2024 portant d\u00e9l\u00e9gation de signature \u00e0  Mme Armelle \nLEON, Directrice D\u00e9partementale de la DDETS de C\u00f4te d'Or ; \nVu l'arr\u00eat\u00e9 n\u00b0004/DDETS du 6 novembre 2024 \u2013 Pr\u00e9fecture de la C\u00f4te d'Or, portant subd\u00e9l\u00e9gation de \nsignature ; \nVu la demande d'agr\u00e9ment de services \u00e0 la personne (SAP) d\u00e9pos\u00e9e sous le n\u00b0 2371440 dans NOVA \nle 25 juin 2025 par l'entreprise EXPANSION 21 BEAUNE, SIREN 920 793 882, dont le si\u00e8ge social est \nsitu\u00e9 9 route de Seurre 21200 BEAUNE; \nVu le responsable, M. DULAS L\u00e9o ; \nVu le t\u00e9l\u00e9chargement des pi\u00e8ces obligatoires dans l'application NOVA le 25 juin 2025 ; \nVu le courriel du 28 ao\u00fbt 2025 de la DDETS 21 adress\u00e9 \u00e0 l'entreprise EXPANSION 21 BEAUNE portant \nsur les observations des pi\u00e8ces re\u00e7ues et/ou manquantes ; \nDirection d\u00e9partementale de l'emploi, du travail et des solidarit\u00e9s de C\u00f4te-d'Or - 21-2025-09-12-00006 - Arr\u00eat\u00e9 portant modification\nd'agr\u00e9ment SAP - Expansion 21 Beaune 33\nDDETS 21, 6 rue Chancelier de l'Hospital - 21000 DIJON  \nT\u00e9l. : 03 80 68 30 00 (Accueil) \nwww.cote-dor.gouv.fr \nVu les r\u00e9ponses de l'entreprise EXPANSION 21 BEAUNE le 9 septembre 2025 marquant la v\u00e9rification \nde compl\u00e9tude et de conformit\u00e9 des pi\u00e8ces re\u00e7ues ainsi que le d\u00e9but du d\u00e9lai d'instruction de trois \nmois ; \nVu la demande de compl\u00e9ment via le courriel du 9 septembre 2025 et la r\u00e9ponse  de l'entreprise \nEXPANSION 21 BEAUNE le 9 septembre 2025 ; \n\u2026\u2026\u2026\u2026.. \nConsid\u00e9rant que le Pr\u00e9fet accorde l'agr\u00e9ment lorsque la personne morale qui en fait la demande \ndispose en propre ou au sein du r\u00e9seau dont il fait partie, des moyens humains, mat\u00e9riels et financiers \npermettant de satisfaire l'objet pour lequel l'agr\u00e9ment est sollicit\u00e9 (art R 7232-6 Code du Travail) ; \nConsid\u00e9rant qu'un organisme de services \u00e0 la personne (OSP) doit r especter le cahier des charges \net son annexe, d\u00e9finis \u00e0 l'arr\u00eat\u00e9 du 24 novembre 2023 pr\u00e9vu par l'article R 7232-6 du Code du Travail ; \nConsid\u00e9rant que le mode d'intervention est le mode mandataire ; \nConsid\u00e9rant que l'instruction de la demande a notamment p ort\u00e9 sur la v\u00e9rification de la qualification \ndu personnel pr\u00e9vue au point 58 du cahier des charges ; \nConsid\u00e9rant que ce dernier d\u00e9finit la qualification pour le mandataire ou son r\u00e9f\u00e9rent ; \nConsid\u00e9rant que la personne assurant cette fonction sera M. DULAS L\u00e9o (mandataire) ; \nConsid\u00e9rant que l'instruction de la demande doit \u00e9galement porter sur la v\u00e9rification de la qualification \ndu personnel intervenant pr\u00e9vue au point 59 du cahier des charges ; \nConsid\u00e9rant que dans tous les cas, le gestionnaire d\u00e9termine si  la prestation attendue est en \nad\u00e9quation avec les comp\u00e9tences et les moyens qu'il peut mettre en \u0153uvre. Lorsque le gestionnaire \nn'est pas en capacit\u00e9 de r\u00e9pondre \u00e0 la demande du client, il l'oriente vers une structure plus adapt\u00e9e \nen substitution ou en compl\u00e9ment (point 50 Cahier des Charges) ; \nConsid\u00e9rant que le mandataire v\u00e9rifie \u00e9galement que l'intervention sous ce mode est adapt\u00e9e \u00e0 la \nr\u00e9alit\u00e9 de la situation de la personne et que son \u00e9tat lui permet d'assurer les responsabilit\u00e9s inh\u00e9rentes \n\u00e0 son statut d'employeur (point 47 Cahier des Charges) et qu'un diagnostic des besoins du particulier \nemployeur est r\u00e9alis\u00e9 (point 51 Cahier des Charges) ; \n \n \nARR\u00caTE \n \n Article 1 :  \nL'agr\u00e9ment services \u00e0 la personne (SAP) accord\u00e9 \u00e0 l'entreprise EXPANSION 21 BEAUNE, SIREN 920 \n793 882, situ\u00e9e 9 route de Seurre 21200 BEAUNE, est modifi\u00e9, jusqu'\u00e0 la fin de l'agr\u00e9ment initial \nd\u00e9livr\u00e9 le 31 mars 2023, soit jusqu'au 31 mars 2028 ; \nsous r\u00e9serve que les intervenants recrut\u00e9s par la soci\u00e9t\u00e9 remplissent les conditions  et les qualifications \npr\u00e9vues par le cahier des charges (article 59 Cahier des Charges.) ; \net qu'ils soient en nombre suffisant pour assurer la continuit\u00e9 de service (article 35 Cahier des Charges) \net respecter leur engagement, m\u00eame en cas d'indisponibilit\u00e9 de l'i ntervenant (maladie, cong\u00e9,\u2026) y \ncompris les samedis, dimanches et jours f\u00e9ri\u00e9es si la structure s'y est engag\u00e9e. \nAinsi, l'entreprise EXPANSION 21 BEAUNE devra transmettre \u00e0 la DDETS 21 dans un d\u00e9lai de 3 \nmois l'ensemble des CV et dipl\u00f4mes des personnels recrut\u00e9s. \n \nArticle 2 :  \nLa demande de renouvellement devra \u00eatre d\u00e9pos\u00e9e dans les conditions fix\u00e9es par l'article R.7232-9 \ndu Code du Travail et au plus tard, trois mois avant la fin de l'agr\u00e9ment ; \n \nArticle 3 :  \nDirection d\u00e9partementale de l'emploi, du travail et des solidarit\u00e9s de C\u00f4te-d'Or - 21-2025-09-12-00006 - Arr\u00eat\u00e9 portant modification\nd'agr\u00e9ment SAP - Expansion 21 Beaune 34\nDDETS 21, 6 rue Chancelier de l'Hospital - 21000 DIJON  \nT\u00e9l. : 03 80 68 30 00 (Accueil) \nwww.cote-dor.gouv.fr \nCet agr\u00e9ment couvre les activit\u00e9s ci-dessous pour le d\u00e9partement de la C\u00f4te d'Or (21), en mode \nmandataire : \n- Assistance dans les actes quotidiens de la vie ou aide \u00e0 l'insertion sociale aux personnes \u00e2g\u00e9es \net aux personnes handicap\u00e9es ou atteintes de pathologies chroniques qui ont besoin de telles \nprestations \u00e0 domicile, \u00e0 l'exclusion d'actes de soins relevant d'actes m\u00e9dicaux ; \n  \n- Accompagnement des personnes \u00e2g\u00e9es, des personnes handicap\u00e9es ou atteintes de pathologies \nchroniques, dans leurs d\u00e9placements en dehors de leur domicile (promenades, aide \u00e0 la mobilit\u00e9 et au \ntransport, actes de la vie courante) \u00e0 la condition que la prestation soit comprise dans une offre globale \nde services incluant une activit\u00e9 effectu\u00e9e \u00e0 domicile ; \n \n- Prestation de conduite du v\u00e9hicule personnel des personnes \u00e2g\u00e9es, des personnes handicap\u00e9es \nou atteintes de pathologies chroniques du domicile au travail, sur le lieu de vacances, pour les \nd\u00e9marches administratives ; \nArticle 4 :  \nSi l'organisme envisage de fournir des activit\u00e9s ou de fonctionner selon des modes d'intervention autres \nque ceux pour lesquels il est agr\u00e9\u00e9 ou de d\u00e9ployer ses activit\u00e9s sur un d\u00e9partement autre que celui pour \nlequel il est agr\u00e9\u00e9, il devra solliciter une modification pr\u00e9alable de son agr\u00e9ment ; \nLa demande devra pr\u00e9ciser les modifications envisag\u00e9es et les moyens nouveaux correspondants dans \nles conditions fix\u00e9es par la r\u00e9glementation. L'ouverture d'un nouvel \u00e9tablissement ou d'un nouveau local \nd'accueil dans un d\u00e9partement pour lequel il est agr\u00e9\u00e9 devra \u00e9galement faire l'objet d'une information \npr\u00e9alable aupr\u00e8s de la DDETS ; \nArticle 5 :  \nLe pr\u00e9sent agr\u00e9ment pourra \u00eatre retir\u00e9 (R 7232-12 Code du Travail) si l'organisme agr\u00e9\u00e9 : \n\u2022 cesse de remplir les conditions ou de respecter les obligations mentionn\u00e9es aux articles R.7232-4 \u00e0 \nR.7232-9 du code du travail, \n\u2022 ne respecte pas les dispositions l\u00e9gales relatives  \u00e0 la sant\u00e9 et \u00e0 la s\u00e9curit\u00e9 au travail, \n\u2022 exerce d'autres activit\u00e9s ou sur d'autres d\u00e9partements que ceux mentionn\u00e9s dans le pr\u00e9sent arr\u00eat\u00e9, \n\u2022 ne transmet pas au pr\u00e9fet comp\u00e9tent avant la fin du premier semestre de l'ann\u00e9e, le bilan quantitatif \net qualitatif de l'activit\u00e9 exerc\u00e9e au titre de l'ann\u00e9e \u00e9coul\u00e9e ; \nArticle 6 :  \nCet agr\u00e9ment n'ouvre pas droit aux avantages fiscaux et sociaux  fix\u00e9s par l'article L.  7233-2 du \ncode du travail et L. 241-10 du code de la s\u00e9curit\u00e9 sociale. Conform\u00e9ment \u00e0 l'article L.7232-1-1 du Code \ndu Travail, pour ouvrir droit \u00e0 ces dispositions, l'organisme doit se d\u00e9clarer et n'exercer que les activit\u00e9s \nd\u00e9clar\u00e9es, \u00e0 l'exclusion de toute autre (ou tenir une comptabilit\u00e9 s\u00e9par\u00e9e pour les organismes dispens\u00e9s \nde cette condition par l'article L. 7232-1-2) ; \nArticle 7 : \nLe pr\u00e9sent arr\u00eat\u00e9 sera publi\u00e9 au recueil des actes administratifs de la Pr\u00e9fecture (art R 7232 -18 \nCode du Travail). \n \nPour le Pr\u00e9fet de D\u00e9partement et par \nsubd\u00e9l\u00e9gation du Directeur D\u00e9partemental de la \nDDETS de C\u00f4te d'Or, \nLa Responsable de l'Unit\u00e9, Formation, Emploi et \nInsertion, \nSIGNE \n          Marie BEGRAND   \nDirection d\u00e9partementale de l'emploi, du travail et des solidarit\u00e9s de C\u00f4te-d'Or - 21-2025-09-12-00006 - Arr\u00eat\u00e9 portant modification\nd'agr\u00e9ment SAP - Expansion 21 Beaune 35\nDirection d\u00e9partementale de l'emploi, du travail\net des solidarit\u00e9s de C\u00f4te-d'Or\n21-2025-09-09-00011\nArr\u00eat\u00e9 portant renouvellement d'agr\u00e9ment SAP -\nCLT SERVICES\nDirection d\u00e9partementale de l'emploi, du travail et des solidarit\u00e9s de C\u00f4te-d'Or - 21-2025-09-09-00011 - Arr\u00eat\u00e9 portant\nrenouvellement d'agr\u00e9ment SAP - CLT SERVICES 36\nPREFETDE LACOTE-D'ORLibert\u00e9\u00c9galit\u00e9Fraternit\u00e9\nDirection D\u00e9partementale de l'Emploi, \ndu Travail et des Solidarit\u00e9s - DDETS \nDDETS 21, 6 rue Chancelier de l'Hospital - 21000 DIJON  \nT\u00e9l. : 03 80 68 30 00 (Accueil) \nwww.cote-dor.gouv.fr \n \nAffaire suivie par Sophie LACROIX                                         Dijon, le 09/09/2025 \nP\u00f4le Emploi-Coh\u00e9sion Territoriale, \nT\u00e9l : 03 80 45 75 07 // 06 84 89 20 33 \nMail : sophie.lacroix@cote-dor.gouv.fr \n  CLT SERVICES \nM. GONCALVES Carlos \n25 rue de Lorraine \n21200 BEAUNE \n \nARRETE PORTANT RENOUVELLEMENT D'AGREMENT \n pour un Organisme de Services \u00e0 la Personne (OSP) \nEnregistr\u00e9 sous le n\u00b0 SAP/ 882907348 \n \n \nLe pr\u00e9fet de la C\u00f4te-d'Or, et par d\u00e9l\u00e9gation de la Directrice D\u00e9partementale de la DDETS de C\u00f4te \nd'Or, la Cheffe du P\u00f4le Emploi et Coh\u00e9sion Territoriale, Fabienne BAILLY \n \n \nVu la loi n\u00b02010-853 du 23 Juillet 2010 relative aux r\u00e9seaux consulaires, au commerce et \u00e0 l'artisanat \net aux services (article 31) ; \nVu les d\u00e9crets n\u00b02011-1132 et n\u00b02011-1133 du 20 septembre 2011 modifiant certaines dispositions du \ncode du travail relatives au ch\u00e8que emploi-service universel et aux services \u00e0 la personne ; \nVu le code du travail, notamment ses articles L. 7231-1 \u00e0 L 7232-9, L 7233-1 \u00e0 L 7233-8, R. 7232-1 \u00e0 \nR. 7232-22, D. 7231-1 et D.7233-1 \u00e0 D.7233-1 ; \nVu l'arr\u00eat\u00e9 du 24 novembre 2023 fixant le cahier des charges (C.C) pr\u00e9vu \u00e0 l'article R.7232-6 du code \ndu travail, lors de la demande/renouvellement d'un agr\u00e9ment services \u00e0 la personne (SAP) ; \nVu la circulaire du 3 janvier 2025 portant sur les activit\u00e9s de services \u00e0 la personne, d\u00e9claration et \nagr\u00e9ment ; \nVu le d\u00e9cret du 10 octobre 2024 nommant Monsieur Paul MOURIER, Pr\u00e9fet de la r\u00e9gion Bourgogne-\nFranche-Comt\u00e9 (BFC), Pr\u00e9fet de la C\u00f4te d'Or (21) ; \nVu l'arr\u00eat\u00e9 pr\u00e9fectoral n\u00b01657 du 28 octobre 2024 portant d\u00e9l\u00e9gation de signature \u00e0  Mme Armelle \nLEON, Directrice D\u00e9partementale de la DDETS de C\u00f4te d'Or ; \nVu l'arr\u00eat\u00e9 n\u00b0004/DDETS du 6 novembre 2024 \u2013 Pr\u00e9fecture de la C\u00f4te d'Or, portant subd\u00e9l\u00e9gation de \nsignature ; \nVu le pr\u00e9c\u00e9dent agr\u00e9ment d\u00e9livr\u00e9 le 29 octobre 2020 pour une p\u00e9riode de 5 ans ; \nVu la demande de renouvellement d'agr\u00e9ment de services \u00e0 la personne (SAP) d\u00e9pos\u00e9e sous le n\u00b0 \n2362760 dans NOVA le 25 juillet 2025 par l'entreprise CLT SERVICES, SIREN 882  907 348, dont le \nsi\u00e8ge social est situ\u00e9 25 rue de Lorraine 21200 BEAUNE ; \nVu le t\u00e9l\u00e9chargement des pi\u00e8ces obligatoires dans l'application NOVA le 25 juillet 2025 ; \nVu le courriel du 28 ao\u00fbt 2025 de la DDETS 21 adress\u00e9 \u00e0 l'entreprise CLT SERVICES portant sur les \nobservations des pi\u00e8ces re\u00e7ues et/ou manquantes ; \nVu les r\u00e9ponses de l'entreprise CLT SERVICES le 2 et 3 septembre 2025 marquant la v\u00e9rification de \ncompl\u00e9tude et de conformit\u00e9 des pi\u00e8ces re\u00e7ues ainsi que le d\u00e9but du d\u00e9lai d'instruction de trois mois ; \nDirection d\u00e9partementale de l'emploi, du travail et des solidarit\u00e9s de C\u00f4te-d'Or - 21-2025-09-09-00011 - Arr\u00eat\u00e9 portant\nrenouvellement d'agr\u00e9ment SAP - CLT SERVICES 37\nDDETS 21, 6 rue Chancelier de l'Hospital - 21000 DIJON  \nT\u00e9l. : 03 80 68 30 00 (Accueil) \nwww.cote-dor.gouv.fr \nVu la demande de compl\u00e9ment via le courriel du 8 septembre 2025 et la r\u00e9ponse de l'entreprise CLT \nSERVICES le 8 septembre 2025 ; \n\u2026\u2026\u2026\u2026.. \nConsid\u00e9rant que le Pr\u00e9fet accorde l'agr\u00e9ment lorsque la pers onne morale qui en fait la demande \ndispose en propre ou au sein du r\u00e9seau dont il fait partie, des moyens humains, mat\u00e9riels et financiers \npermettant de satisfaire l'objet pour lequel l'agr\u00e9ment est sollicit\u00e9 (art R 7232-6 Code du Travail) ; \nConsid\u00e9rant qu'un organisme de services \u00e0 la personne (OSP) doit respecter le cahier des charges \net son annexe, d\u00e9finis \u00e0 l'arr\u00eat\u00e9 du 24 novembre 2023 pr\u00e9vu par l'article R 7232-6 du Code du Travail ; \nConsid\u00e9rant que le mode d'intervention est le mode mandataire ; \nConsid\u00e9rant que l'instruction de la demande a notamment port\u00e9 sur la v\u00e9rification de la qualification \ndu personnel pr\u00e9vue au point 58 du cahier des charges ; \nConsid\u00e9rant que ce dernier d\u00e9finit la qualification pour le mandataire ou son r\u00e9f\u00e9rent ; \nConsid\u00e9rant que la personne assurant cette fonction sera M. GONCALVES Carlos (mandataire) ; \nConsid\u00e9rant que l'instruction de la demande doit \u00e9galement porter sur la v\u00e9rification de la qualification \ndu personnel intervenant pr\u00e9vue au point 59 du cahier des charges ; \nConsid\u00e9rant que dans tous les cas, le gestionnaire d\u00e9termine si la prestation attendue est en \nad\u00e9quation avec les comp\u00e9tences et les moyens qu'il peut mettre en \u0153uvre. Lorsque le gestionnaire \nn'est pas en capacit\u00e9 de r\u00e9pondre \u00e0 la demande du client, il l'o riente vers une structure plus adapt\u00e9e \nen substitution ou en compl\u00e9ment (point 50 Cahier des Charges) ; \nConsid\u00e9rant que le mandataire v\u00e9rifie \u00e9galement que l'intervention sous ce mode est adapt\u00e9e \u00e0 la \nr\u00e9alit\u00e9 de la situation de la personne et que son \u00e9tat lui permet d'assurer les responsabilit\u00e9s inh\u00e9rentes \n\u00e0 son statut d'employeur (point 47 Cahier des Charges) et qu'un diagnostic des besoins du particulier \nemployeur est r\u00e9alis\u00e9 (point 51 Cahier des Charges) ; \n \n \nARR\u00caTE \n \n Article 1 :  \nLa demande de renouvellement d'agr\u00e9ment services \u00e0 la personne (SAP) est accord\u00e9 \u00e0 l'entreprise \nCLT SERVICES, SIREN 882 907 348, situ\u00e9e 25 rue de Lorraine 21200 BEAUNE, pour une dur\u00e9e de \ncinq ans \u00e0 compter de la date du 9 septembre 2025 ; \nsous r\u00e9serve que les intervenants recrut\u00e9s par la soci\u00e9t\u00e9 remplissent les conditions  et les qualifications \npr\u00e9vues par le cahier des charges (article 59 Cahier des Charges.) ; \net qu'ils soient en nombre suffisant pour assurer la continuit\u00e9 de service (article 35 Cahier des Charges) \net respecter leur engagement, m\u00eame en cas d'indisponibilit\u00e9 de l'intervenant (maladie, cong\u00e9,\u2026) y \ncompris les samedis, dimanches et jours f\u00e9ri\u00e9es si la structure s'y est engag\u00e9e ; \n \nArticle 2 :  \nLa demande de renouvellement devra \u00eatre d\u00e9pos\u00e9e dans les conditions fix\u00e9es par l'article R.7232-9 \ndu Code du Travail et au plus tard, trois mois avant la fin de l'agr\u00e9ment ; \n \nArticle 3 :  \nCet agr\u00e9ment couvre les activit\u00e9s ci-dessous pour le d\u00e9partement de la C\u00f4te d'Or (21), en mode \nmandataire : \n- Assistance dans les actes quotidiens de la vie ou aide \u00e0 l'insertion sociale aux personnes \u00e2g\u00e9es \net aux personnes handicap\u00e9es ou atteintes de pathologies chroniques qui ont besoin de telles \nprestations \u00e0 domicile, \u00e0 l'exclusion d'actes de soins relevant d'actes m\u00e9dicaux ; \n  \nDirection d\u00e9partementale de l'emploi, du travail et des solidarit\u00e9s de C\u00f4te-d'Or - 21-2025-09-09-00011 - Arr\u00eat\u00e9 portant\nrenouvellement d'agr\u00e9ment SAP - CLT SERVICES 38\nDDETS 21, 6 rue Chancelier de l'Hospital - 21000 DIJON  \nT\u00e9l. : 03 80 68 30 00 (Accueil) \nwww.cote-dor.gouv.fr \n- Accompagnement des personnes \u00e2g\u00e9es, des personnes handicap\u00e9es ou atteintes de pathologies \nchroniques, dans leurs d\u00e9placements en dehors de leur domicile (promenades, aide \u00e0 la mobilit\u00e9 et au \ntransport, actes de la vie courante) \u00e0 la condition que la prestation soit comprise dans une offre globale \nde services incluant une activit\u00e9 effectu\u00e9e \u00e0 domicile ; \n \n- Prestation de conduite du v\u00e9hicule personnel des personnes \u00e2g\u00e9es, des personnes handicap\u00e9es \nou atteintes de pathologies chroniques du domicile au travail, sur le lieu de vacances, pour les \nd\u00e9marches administratives ; \nArticle 4 :  \nSi l'organisme envisage de fournir des activit\u00e9s ou de fonctionner selon des modes d'intervention autres \nque ceux pour lesquels il est agr\u00e9\u00e9 ou de d\u00e9ployer ses activit\u00e9s sur un d\u00e9partement autre que celui pour \nlequel il est agr\u00e9\u00e9, il devra solliciter une modification pr\u00e9alable de son agr\u00e9ment ; \nLa demande devra pr\u00e9ciser les modifications envisag\u00e9es et les moyens nouveaux correspondants dans \nles conditions fix\u00e9es par la r\u00e9glementation. L'ouverture d'un nouvel \u00e9tablissement ou d'un nouveau local \nd'accueil dans un d\u00e9partement pour lequel il est agr\u00e9\u00e9 devra \u00e9galement faire l'objet d'une information \npr\u00e9alable aupr\u00e8s de la DDETS ; \nArticle 5 :  \nLe pr\u00e9sent agr\u00e9ment pourra \u00eatre retir\u00e9 (R 7232-12 Code du Travail) si l'organisme agr\u00e9\u00e9 : \n\u2022 cesse de remplir les conditions ou de respecter les obligations mentionn\u00e9es aux articles R.7232-4 \u00e0 \nR.7232-9 du code du travail, \n\u2022 ne respecte pas les dispositions l\u00e9gales relatives  \u00e0 la sant\u00e9 et \u00e0 la s\u00e9curit\u00e9 au travail, \n\u2022 exerce d'autres activit\u00e9s ou sur d'autres d\u00e9partements que ceux mentionn\u00e9s dans le pr\u00e9sent arr\u00eat\u00e9, \n\u2022 ne transmet pas au pr\u00e9fet comp\u00e9tent avant la fin du premier semestre de l'ann\u00e9e, le bilan quantitatif \net qualitatif de l'activit\u00e9 exerc\u00e9e au titre de l'ann\u00e9e \u00e9coul\u00e9e ; \nArticle 6 :  \nCet agr\u00e9ment n'ouvre pas droit aux avantages fiscaux et sociaux  fix\u00e9s par l'article L.  7233-2 du \ncode du travail et L. 241-10 du code de la s\u00e9curit\u00e9 sociale. Conform\u00e9ment \u00e0 l'article L.7232-1-1 du Code \ndu Travail, pour ouvrir droit \u00e0 ces dispositions, l'organisme doit se d\u00e9clarer et n'exercer que les activit\u00e9s \nd\u00e9clar\u00e9es, \u00e0 l'exclusion de toute autre (ou tenir une comptabilit\u00e9 s\u00e9par\u00e9e pour les organismes dispens\u00e9s \nde cette condition par l'article L. 7232-1-2) ; \nArticle 7 : \nLe pr\u00e9sent arr\u00eat\u00e9 sera publi\u00e9 au recueil des actes administratifs de la Pr\u00e9fecture (art R 7232 -18 \nCode du Travail). \n \nPour le Pr\u00e9fet de D\u00e9partement et par \nsubd\u00e9l\u00e9gation du Directeur D\u00e9partemental de la \nDDETS de C\u00f4te d'Or, \nLa Responsable de l'Unit\u00e9, Formation, Emploi et \nInsertion, \nSIGNE \n          Marie BEGRAND   \nDirection d\u00e9partementale de l'emploi, du travail et des solidarit\u00e9s de C\u00f4te-d'Or - 21-2025-09-09-00011 - Arr\u00eat\u00e9 portant\nrenouvellement d'agr\u00e9ment SAP - CLT SERVICES 39\nDirection d\u00e9partementale de l'emploi, du travail\net des solidarit\u00e9s de C\u00f4te-d'Or\n21-2025-09-12-00007\nd\u00e9claration Vieira Da Silva SAPn\u00b0991215989\nDirection d\u00e9partementale de l'emploi, du travail et des solidarit\u00e9s de C\u00f4te-d'Or - 21-2025-09-12-00007 - d\u00e9claration Vieira Da Silva\nSAPn\u00b0991215989 40\nEnPREFETDE LACOTE-D'ORLibert\u00e9Egalit\u00e9Fraternit\u00e9\nR\u00e9c\u00e9piss\u00e9 de d\u00e9clarationd'un organisme de services \u00e0 la personneenregistr\u00e9 sous le N\u00b0 SAP991215989Vu le code du travail et notamment les articles L.7231-1 \u00e0 L.7233-2, R.7232-16 \u00e0 R.7232-22,D.7231-1 et D.7233-1 \u00e0 D.7233-5;Vu la demande de d\u00e9claration d\u00e9pos\u00e9e par l'organisme , 35 rue jean baptiste baudin21000 Dijon, le 12/09/25 ;Le pr\u00e9fet de C\u00f4te-d'OrConstate :Qu'une d\u00e9claration d'activit\u00e9s de services \u00e0 la personne a \u00e9t\u00e9 d\u00e9pos\u00e9e aupr\u00e8s du serviceinstructeur de C\u00f4te-d'Or , le 12/09/25 par Mme. Vieira Da Silva El\u00e9onore en qualit\u00e9 dedirigeant(e), pour l'organisme dont l'\u00e9tablissement principal est situ\u00e9 35 rue jean baptistebaudin 21000 Dijon et enregistr\u00e9 sous le N\u00b0 SAP991215989 pour les activit\u00e9s suivantes :< Soutien scolaire ou cours \u00e0 domicile (mode d'intervention Prestataire)Toute modification concernant les activit\u00e9s exerc\u00e9es devra faire l'objet d'une d\u00e9clarationmodificative pr\u00e9alable.]Sous r\u00e9serve d'\u00eatre exerc\u00e9es a titre exclusif (ou sous r\u00e9serve d'une comptabilit\u00e9 s\u00e9par\u00e9e pourles personnes morales dispens\u00e9es de cette condition), ces activit\u00e9s ouvrent droit au b\u00e9n\u00e9ficedes dispositions des articles L. 7233-2 du code du travail et L.241-10 du code de la s\u00e9curit\u00e9sociale dans les conditions pr\u00e9vues par ces articles.Les effets de la d\u00e9claration courent \u00e0 compter du jour du d\u00e9p\u00f4t de la d\u00e9claration sousr\u00e9serve des dispositions de l'article R.7232-18 du code du travail. Le pr\u00e9sent r\u00e9c\u00e9piss\u00e9 n'estpas limit\u00e9 dans le temps. La d\u00e9claration a une port\u00e9e nationale.Le cas \u00e9ch\u00e9ant:En application des articles L.7232-1 et R.7232-1 \u00e0 R.7232-15, les activit\u00e9s n\u00e9cessitant unagr\u00e9ment (I de l'article D.7231-1 du code du travail) n'ouvrent droit \u00e0 ces dispositions quesi 'organisme a pr\u00e9alablement obtenu l'agr\u00e9ment ou le renouvellement de cet agr\u00e9mentdans le ou les d\u00e9partement(s) d'exercice de ses activit\u00e9s.\nDirection D\u00e9partementale de l'Emploi, \ndu Travail et des Solidarit\u00e9s - DDETS \nDDETS 21, 6 Rue Chancelier de l'Hospital - 21000 DIJON  \nT\u00e9l. : 03 80 68 30 00 (Accueil) \nwww.cote-dor.gouv.fr \nAffaire suivie par Marie B\u00e9grand                          Dijon, le 12/09/2025     \nUnit\u00e9 Formation Emploi Insertion, \nT\u00e9l : 03 80 68 39 04 // 07 63 24 34 60 \nCourriel : marie.begrand@cote-dor.gouv.fr     Madame Vieira Da Silva \n          35 rue JeanBaptiste Baudin \n21000 Dijon \n \n                     \n \n \n \n \n \n \n \nDirection d\u00e9partementale de l'emploi, du travail et des solidarit\u00e9s de C\u00f4te-d'Or - 21-2025-09-12-00007 - d\u00e9claration Vieira Da Silva\nSAPn\u00b0991215989 41\nDe m\u00eame, en application de l'article D.312-6-2 du code de l'action sociale et des familles,les activit\u00e9s n\u00e9cessitant une autorisation n'ouvrent droit \u00e0 ces dispositions que sil'organisme a pr\u00e9alablement obtenu l'autorisation ou le renouvellement de cetteautorisation.L'enregistrement de la d\u00e9claration peut \u00eatre retir\u00e9 dans les conditions fix\u00e9es aux articlesR.7232-20 \u00e0 R.7232-22 du code du travail.Le pr\u00e9sent r\u00e9c\u00e9piss\u00e9 sera publi\u00e9 au recueil des actes administratifs de la pr\u00e9fecture.Le pr\u00e9sent r\u00e9c\u00e9piss\u00e9 peut, \u00e0 compter de sa notification, faire l'objet d'un recours gracieuxaupr\u00e8s service instructeur de C\u00f4te-d'Or ou d'un recours hi\u00e9rarchique adress\u00e9 au ministrecharg\u00e9 de l'\u00e9conomie - Direction g\u00e9n\u00e9rale des entreprises \u2014 sous-direction des servicesmarchands, 61 Boulevard Vincent Auriol, 75703 PARIS CEDEX 13.Il peut \u00e9galement faire l'objet d'un recours contentieux dans un d\u00e9lai de deux mois \u00e0compter de sa notification aupr\u00e8s du tribunal administratif .Le tribunal administratif peut aussi \u00eatre saisi par l'application informatique \u00ab T\u00e9l\u00e9recourscitoyen \u00bb accessible sur le site internet http://www.telerecours.fr/En cas de rejet du recours gracieux ou hi\u00e9rarchique ou en l'absence de r\u00e9ponse \u00e0 ce recours(rejet implicite), un recours contentieux devant le tribunal administratif peut \u00e9galement \u00eatreform\u00e9 contre la d\u00e9cision initiale dans un d\u00e9lai de deux mois \u00e0 compter de ce rejet.\nDDETS 21, 6 Rue Chancelier de l'Hospital - 21000 DIJON  \nT\u00e9l. : 03 80 68 30 00 (Accueil) \nwww.cote-dor.gouv.fr \n \n \n \n \n \n \nPour le Pr\u00e9fet de C\u00f4te d'Or \nEt par subd\u00e9l\u00e9gation de \nla Directrice D\u00e9partementale emp\u00each\u00e9e, \n   \nLa Responsable de l'Unit\u00e9, Formation, Emploi et Insertion, \nSign\u00e9 \nMarie BEGRAND \nDirection d\u00e9partementale de l'emploi, du travail et des solidarit\u00e9s de C\u00f4te-d'Or - 21-2025-09-12-00007 - d\u00e9claration Vieira Da Silva\nSAPn\u00b0991215989 42\nDirection d\u00e9partementale de l'emploi, du travail\net des solidarit\u00e9s de C\u00f4te-d'Or\n21-2025-09-12-00002\nR\u00e9c\u00e9piss\u00e9 d\u00e9claration modificative SAP -\nEXPANSION 21 AUXONNE n\u00b0 SAP/921464475\nDirection d\u00e9partementale de l'emploi, du travail et des solidarit\u00e9s de C\u00f4te-d'Or - 21-2025-09-12-00002 - R\u00e9c\u00e9piss\u00e9 d\u00e9claration\nmodificative SAP - EXPANSION 21 AUXONNE n\u00b0 SAP/921464475 43\nPREFETDE LACOTE-D'ORLibert\u00e9\u00c9galit\u00e9Fraternit\u00e9\nDirection D\u00e9partementale de l'Emploi, \ndu Travail et des Solidarit\u00e9s - DDETS \n \nDDETS 21, 21 Bd Voltaire, BP 81110 - 21011 DIJON Cedex \nT\u00e9l. : 03 80 45 75 45 (Accueil) \nwww.cote-dor.gouv.fr \nAffaire suivie par Sophie LACROIX                            Dijon, le 12/09/2025 \nP\u00f4le Emploi Coh\u00e9sion Territoriale \nT\u00e9l : 03 80 45 78 10 // 06 46 79 36 50 \nCourriel : sophie.lacroix@cote-dor.gouv.fr \nEXPANSION 21 AUXONNE \nMme MARQUES Adeline  \n14 rue Thiers \n21130 AUXONNE \n \nRECEPISSE DE DECLARATION MODIFICATIVE \nd'un Organisme de Services \u00e0 la Personne \nEnregistr\u00e9 sous le n\u00b0 SAP/921464475 \n \n \nLe Pr\u00e9fet de la C\u00f4te-d'Or, et par subd\u00e9l\u00e9gation du Directeur D\u00e9partemental de la DDETS, la Cheffe du P\u00f4le \nEmploi et Coh\u00e9sion Territoriale/ La Responsable de l'Unit\u00e9 Formation, Emploi, Insertion  \n \nVU la loi n\u00b0 2015-1776 du 28 d\u00e9cembre 2015 relative \u00e0 l'adaptation de la soci\u00e9t\u00e9 au vieillissemen t, \n \nVU le d\u00e9cret n\u00b0 2016 -750 du 6 juin 2016 relatif \u00e0 la liste des activit\u00e9s de services \u00e0 la personne soumises \u00e0 \nagr\u00e9ment ou \u00e0 autorisation dans le cadre du r\u00e9gime commun de la d\u00e9claration,  \n \nVU le code du travail et notamment les articles L 7231-1 \u00e0 L 7233-2,  R 7232-16 \u00e0 R 7232-22, D7231-1 et D 7233-\n1 \u00e0 D 7233-5. \n \nConstate \n \nQu'une d\u00e9claration d'activit\u00e9s de services \u00e0 la personne a \u00e9t\u00e9 accord\u00e9e par la DDETS de C\u00f4te d'Or, le 15 \nd\u00e9cembre 2022, \u00e0 l'entreprise EXPANSION 21 AUXONNE, dont le si\u00e8ge social est  situ\u00e9 au 14 rue Thiers 21130 \nAUXONNE, SIREN 921 464 475 dont la responsable est Mme MARQUES Adeline. \n \nA la suite de la demande d'agr\u00e9ment du 25 juin 2025, une nouvelle d\u00e9claration modificative s'applique pour les \nactivit\u00e9s suivantes \u00e0 l'exclusion de toute autre :  \n \nActivit\u00e9s relevant de la d\u00e9claration \u2013 mode prestataire : \n1. Garde d'enfants de plus de 3 ans \u00e0 domicile; \n2. Soutien scolaire ou cours \u00e0 domicile \n3. Accompagnement des enfants de plus de 3 ans dans leurs d\u00e9placements \n4. Entretien de la maison et travaux m\u00e9nagers \n5. Pr\u00e9paration de repas \u00e0 domicile \n6. Livraison de courses \u00e0 domicile \n7. Maintenance, entretien et vigilance temporaires \u00e0 domicile \n8. Assistance administrative \u00e0 domicile \n9. Accompagnement des personnes pr\u00e9sentant une invalidit\u00e9 temporaire  \nDirection d\u00e9partementale de l'emploi, du travail et des solidarit\u00e9s de C\u00f4te-d'Or - 21-2025-09-12-00002 - R\u00e9c\u00e9piss\u00e9 d\u00e9claration\nmodificative SAP - EXPANSION 21 AUXONNE n\u00b0 SAP/921464475 44\nDDETS 21, 6 rue Chancelier de l'Hospital - 21000 DIJON  \nT\u00e9l. : 03 80 68 30 00 (Accueil) \nwww.cote-dor.gouv.fr \n10. Assistance aux personnes ayant besoin d'une aide temporaire \u00e0 leur domicile  \n \n \nActivit\u00e9s relevant de l'agr\u00e9ment, sur le territoire de la C\u00f4te d'Or uniquement \u2013 mode mandataire : \n11. Garde d'enfants de moins de 3 ans et de moins de 18 ans handicap\u00e9s \u00e0 domicile \n12. Accompagnement des enfants de moins de 3 ans ou de moins de 18 ans handicap\u00e9s  \n13. Assistance dans les actes quotidiens de la vie ou aide \u00e0 l'insertion sociale, aux personnes \u00e2g\u00e9es et aux \npersonnes handicap\u00e9es ou atteintes de pathologies chroniques, qui ont besoin de telles prestations \u00e0 \ndomicile ; \n14. Accompagnement des personn es \u00e2g\u00e9es, des personnes handicap\u00e9es ou atteintes de pathologies \nchroniques, dans leurs d\u00e9placements en dehors de leur domicile (promenades, aide \u00e0 la mobilit\u00e9 et au \ntransport, actes de la vie courante). Prestation soumise \u00e0 l'offre globale de services  ; \n15. Prestation de conduite du v\u00e9hicule personnel des personnes \u00e2g\u00e9es, des personnes handicap\u00e9es ou \natteintes de pathologies chroniques, du domicile au travail, sur le lieu de vacances, pour les d\u00e9marches \nadministratives. Prestation soumise \u00e0 l'offre globale de services. \n \nToute modification concernant les activit\u00e9s exerc\u00e9es devra faire l'objet d'une d\u00e9claration modificative pr\u00e9alable.  \nL'\u00e9tablissement principal, SIRET, 921 464 475 00018 est quant \u00e0 lui situ\u00e9 au 14 rue Thiers 21130 AUXONNE.  \nSous r\u00e9serve d'\u00eatre exerc \u00e9es \u00e0 titre exclusif ou de tenir une comptabilit\u00e9 s\u00e9par\u00e9e pour les organismes pouvant \nd\u00e9roger \u00e0 la condition d'activit\u00e9 exclusive (art L 7232 -1-2 Code Trav), ces activit\u00e9s ouvrent droit au b\u00e9n\u00e9fice des \ndispositions des articles L. 7233-2 du code du travail et L. 241-10 du code de la s\u00e9curit\u00e9 sociale dans les conditions \npr\u00e9vues par ces articles. \nL'enregistrement de la d\u00e9claration peut \u00eatre retir\u00e9 dans les conditions fix\u00e9es aux articles R.7232 -20 \u00e0 R.7232-22 \ndu code du travail. \nLe pr\u00e9sent r\u00e9c\u00e9piss\u00e9 n'est pas limit\u00e9 dans le temps et sera publi\u00e9 au recueil des actes administratifs de la \npr\u00e9fecture de la C\u00f4te d'Or. \nPour le Pr\u00e9fet de C\u00f4te d'Or, \nEt par subd\u00e9l\u00e9gation du Directeur D\u00e9partemental \nemp\u00each\u00e9, \n La Responsable de l'Unit\u00e9, Formation, Emploi et \nInsertion, \n \nSIGNE \n \nMarie BEGRAND   \nDirection d\u00e9partementale de l'emploi, du travail et des solidarit\u00e9s de C\u00f4te-d'Or - 21-2025-09-12-00002 - R\u00e9c\u00e9piss\u00e9 d\u00e9claration\nmodificative SAP - EXPANSION 21 AUXONNE n\u00b0 SAP/921464475 45\nDirection d\u00e9partementale de l'emploi, du travail\net des solidarit\u00e9s de C\u00f4te-d'Or\n21-2025-09-12-00005\nR\u00e9c\u00e9piss\u00e9 d\u00e9claration modificative SAP -\nEXPANSION 21 BEAUNE\nDirection d\u00e9partementale de l'emploi, du travail et des solidarit\u00e9s de C\u00f4te-d'Or - 21-2025-09-12-00005 - R\u00e9c\u00e9piss\u00e9 d\u00e9claration\nmodificative SAP - EXPANSION 21 BEAUNE 46\nPREFETDE LACOTE-D'ORLibert\u00e9\u00c9galit\u00e9Fraternit\u00e9\nDirection D\u00e9partementale de l'Emploi, \ndu Travail et des Solidarit\u00e9s - DDETS \n \nDDETS 21, 21 Bd Voltaire, BP 81110 - 21011 DIJON Cedex \nT\u00e9l. : 03 80 45 75 45 (Accueil) \nwww.cote-dor.gouv.fr \nAffaire suivie par Sophie LACROIX                            Dijon, le 12/09/2025 \nP\u00f4le Emploi Coh\u00e9sion Territoriale \nT\u00e9l : 03 80 45 78 10 // 06 46 79 36 50 \nCourriel : sophie.lacroix@cote-dor.gouv.fr \nEXPANSION 21 BEAUNE \nM. DULAS L\u00e9o \n9 route de Seurre \n21200 BEAUNE \n \nRECEPISSE DE DECLARATION MODIFICATIVE \nd'un Organisme de Services \u00e0 la Personne \nEnregistr\u00e9 sous le n\u00b0 SAP/920793882 \n \n \nLe Pr\u00e9fet de la C\u00f4te-d'Or, et par subd\u00e9l\u00e9gation du Directeur D\u00e9partemental de la DDETS, la Cheffe du P\u00f4le \nEmploi et Coh\u00e9sion Territoriale/ La Responsable de l'Unit\u00e9 Formation, Emploi, Insertion  \n \nVU la loi n\u00b0 2015-1776 du 28 d\u00e9cembre 2015 relative \u00e0 l'adaptation de la soci\u00e9t\u00e9 au vieillissement,  \n \nVU le d\u00e9cret n\u00b0 2016 -750 du 6 juin 2016 relatif \u00e0 la liste des activit\u00e9s de services \u00e0 la personne soumises \u00e0 \nagr\u00e9ment ou \u00e0 autorisation dans le cadre du r\u00e9gime commun de la d\u00e9claration,  \n \nVU le code du travail et notamment les articles L 7231-1 \u00e0 L 7233-2,  R 7232-16 \u00e0 R 7232-22, D7231-1 et D 7233-\n1 \u00e0 D 7233-5. \n \nConstate \n \nQu'une d\u00e9claration d'activit\u00e9s de services \u00e0 la personne a \u00e9t\u00e9 accord\u00e9e par la DDETS de C\u00f4te d'Or, le 31 mars \n2023, \u00e0 l'entreprise EXPANSION 21 BEAUNE, dont le si\u00e8ge social est situ\u00e9 au 9 route de Seurre 21200 BEAUNE, \nSIREN 920 793 882 dont le responsable est M. DULAS L\u00e9o. \n \nA la suite de la demande d'agr\u00e9ment du 25 juin 2025, une nouvelle d\u00e9claration modificative s'applique pour les \nactivit\u00e9s suivantes \u00e0 l'exclusion de toute autre :  \n \nActivit\u00e9s relevant de la d\u00e9claration \u2013 mode prestataire : \n1. Garde d'enfants de plus de 3 ans \u00e0 domicile; \n2. Soutien scolaire ou cours \u00e0 domicile \n3. Accompagnement des enfants de plus de 3 ans dans leurs d\u00e9placements \n4. Entretien de la maison et travaux m\u00e9nagers \n5. Pr\u00e9paration de repas \u00e0 domicile \n6. Livraison de courses \u00e0 domicile \n7. Maintenance, entretien et vigilance temporaires \u00e0 domicile \n8. Assistance administrative \u00e0 domicile \n9. Accompagnement des personnes pr\u00e9sentant une invalidit\u00e9 temporaire  \nDirection d\u00e9partementale de l'emploi, du travail et des solidarit\u00e9s de C\u00f4te-d'Or - 21-2025-09-12-00005 - R\u00e9c\u00e9piss\u00e9 d\u00e9claration\nmodificative SAP - EXPANSION 21 BEAUNE 47\nDDETS 21, 6 rue Chancelier de l'Hospital - 21000 DIJON  \nT\u00e9l. : 03 80 68 30 00 (Accueil) \nwww.cote-dor.gouv.fr \n10. Assistance aux personnes ayant besoin d'une aide temporaire \u00e0 leur domicile  \n \nActivit\u00e9s relevant de l'agr\u00e9ment, sur le territoire de la C\u00f4te d'Or uniquement \u2013 mode mandataire : \n1. Garde d'enfants de moins de 3 ans et de moins de 18 ans handicap\u00e9s \u00e0 domicile ;  \n2. Accompagnement des enfants de moins de 3 ans ou de moins de 18 ans handicap\u00e9s   \n3. Assistance dans les actes quotidiens de la vie ou aide \u00e0 l'insertion sociale, aux personnes \u00e2g\u00e9es et aux \npersonnes handicap\u00e9es ou atteintes de pathologies chroniques, qui ont besoin de telles prestations \u00e0 \ndomicile ; \n4. Accompagnement des personnes \u00e2g\u00e9es, d es personnes handicap\u00e9es ou atteintes de pathologies \nchroniques, dans leurs d\u00e9placements en dehors de leur domicile (promenades, aide \u00e0 la mobilit\u00e9 et au \ntransport, actes de la vie courante). Prestation soumise \u00e0 l'offre globale de services  ; \n5. Prestation de  conduite du v\u00e9hicule personnel des personnes \u00e2g\u00e9es, des personnes handicap\u00e9es ou \natteintes de pathologies chroniques, du domicile au travail, sur le lieu de vacances, pour les d\u00e9marches \nadministratives. Prestation soumise \u00e0 l'offre globale de services. \n \nToute modification concernant les activit\u00e9s exerc\u00e9es devra faire l'objet d'une d\u00e9claration modificative pr\u00e9alable.  \nL'\u00e9tablissement principal, SIRET, 920 793 882 00019 est quant \u00e0 lui situ\u00e9 au 9 route de Seurre 21200 BEAUNE.  \nSous r\u00e9serve d'\u00eatre exerc\u00e9es \u00e0 ti tre exclusif ou de tenir une comptabilit\u00e9 s\u00e9par\u00e9e pour les organismes pouvant \nd\u00e9roger \u00e0 la condition d'activit\u00e9 exclusive (art L 7232 -1-2 Code Trav), ces activit\u00e9s ouvrent droit au b\u00e9n\u00e9fice des \ndispositions des articles L. 7233-2 du code du travail et L. 241-10 du code de la s\u00e9curit\u00e9 sociale dans les conditions \npr\u00e9vues par ces articles. \nL'enregistrement de la d\u00e9claration peut \u00eatre retir\u00e9 dans les conditions fix\u00e9es aux articles R.7232 -20 \u00e0 R.7232-22 \ndu code du travail. \nLe pr\u00e9sent r\u00e9c\u00e9piss\u00e9 n'est pas limit\u00e9 d ans le temps et sera publi\u00e9 au recueil des actes administratifs de la \npr\u00e9fecture de la C\u00f4te d'Or. \nPour le Pr\u00e9fet de C\u00f4te d'Or, \nEt par subd\u00e9l\u00e9gation du Directeur D\u00e9partemental \nemp\u00each\u00e9, \n La Responsable de l'Unit\u00e9, Formation, Emploi et \nInsertion, \n \nSIGNE \n \nMarie BEGRAND   \nDirection d\u00e9partementale de l'emploi, du travail et des solidarit\u00e9s de C\u00f4te-d'Or - 21-2025-09-12-00005 - R\u00e9c\u00e9piss\u00e9 d\u00e9claration\nmodificative SAP - EXPANSION 21 BEAUNE 48\nDirection d\u00e9partementale de l'emploi, du travail\net des solidarit\u00e9s de C\u00f4te-d'Or\n21-2025-09-09-00010\nR\u00e9c\u00e9piss\u00e9 d\u00e9claration SAP n\u00b0915127260 - REMY\nPauline\nDirection d\u00e9partementale de l'emploi, du travail et des solidarit\u00e9s de C\u00f4te-d'Or - 21-2025-09-09-00010 - R\u00e9c\u00e9piss\u00e9 d\u00e9claration SAP\nn\u00b0915127260 - REMY Pauline 49\nPREFETDE LACOTE-D'ORLibert\u00e9\u00c9galit\u00e9Fraternit\u00e9\nDirection D\u00e9partementale de l'Emploi, \ndu Travail et des Solidarit\u00e9s - DDETS \nDDETS 21, 6 rue Chancelier de l'Hospital - 21000 DIJON  \nT\u00e9l. : 03 80 68 30 00 (Accueil) \nwww.cote-dor.gouv.fr \nAffaire suivie par Sophie LACROIX                          Dijon, le 09/09/2025 \nP\u00f4le Emploi-Coh\u00e9sion Territoriale, \nT\u00e9l : 03 80 68 39 25 // 06 84 89 20 33 \nCourriel : sophie.lacroix@cote-dor.gouv.fr \nMme REMY Pauline \n5 rue aux Clous \n21200 VIGNOLES \n \n \n \nRECEPISSE DE DECLARATION \nd'un Organisme de Services \u00e0 la Personne \nEnregistr\u00e9 sous le n\u00b0 SAP/ 915127260 \n \n \nLe Pr\u00e9fet de la C\u00f4te-d'Or, et par subd\u00e9l\u00e9gation de la Directrice D\u00e9partementale de la DDETS, la \nCheffe du P\u00f4le Emploi et Coh\u00e9sion Territoriale/la Responsable de l'Unit\u00e9 Formation, Emploi, Insertion \n \n \n \nVU la loi n\u00b0 2015-1776 du 28 d\u00e9cembre 2015 relative \u00e0 l'adaptation de la soci\u00e9t\u00e9 au vieillissement, \n \nVU le d\u00e9cret n\u00b0 2016-750 du 6 juin 2016 relatif \u00e0 la liste des activit\u00e9s de services \u00e0 la personne soumises \n\u00e0 agr\u00e9ment ou \u00e0 autorisation dans le cadre du r\u00e9gime commun de la d\u00e9claration, \n \nVU le code du travail et notamment les articles L 7231-1 \u00e0 L 7233-2, R 7232-16 \u00e0 R 7232-22, D7231-1 \net D 7233-1 \u00e0 D 7233-5. \n \n \nConstate \n \nQu'une d\u00e9claration d'activit\u00e9s de services \u00e0 la personne a \u00e9t\u00e9 d\u00e9pos\u00e9e sous le n\u00b0 2414520 aupr\u00e8s de \nla DDETS de la C\u00f4te d'Or, le 05/09/2025, par Mme REMY Pauline dans le cadre d'une micro-entreprise \nrepr\u00e9sent\u00e9e par Mme REMY Pauline, dont le si\u00e8ge social est situ\u00e9 5 rue aux Clous 21200 VIGNOLES \net enregistr\u00e9e sous le n\u00b0 SAP/ 915127260 pour les activit\u00e9s suivantes \u00e0 l'exclusion de toute autre :  \n \n1. Soutien scolaire ou cours \u00e0 domicile \n \nCette activit\u00e9 est exerc\u00e9e en qualit\u00e9 de prestataire. \nL'\u00e9tablissement principal, \u00e9galement si\u00e8ge social, se situe \u00e0 l'adresse ci-dessus et poss\u00e8de le num\u00e9ro \nSIRET suivant, 915 127 260 00023. \nToute modification concernant l'activit\u00e9 exerc\u00e9e devra faire l'objet d'une d\u00e9cla ration modificative \npr\u00e9alable. \nDirection d\u00e9partementale de l'emploi, du travail et des solidarit\u00e9s de C\u00f4te-d'Or - 21-2025-09-09-00010 - R\u00e9c\u00e9piss\u00e9 d\u00e9claration SAP\nn\u00b0915127260 - REMY Pauline 50\nDDETS 21, 6 rue Chancelier de l'Hospital - 21000 DIJON  \nT\u00e9l. : 03 80 68 30 00 (Accueil) \nwww.cote-dor.gouv.fr \nSous r\u00e9serve d'\u00eatre exerc\u00e9e \u00e0 titre exclusif (ou sous r\u00e9serve d'une comptabilit\u00e9 s\u00e9par\u00e9e pour les \npersonnes morales dispens\u00e9es de cette condition), ces activit\u00e9s ouvrent droit au b\u00e9n\u00e9fice des \ndispositions des articles L. 7233-2 du code du travail et L. 241 -10 du code de la s\u00e9curit\u00e9 sociale dans \nles conditions pr\u00e9vues par ces articles. \nLes effets de la d\u00e9claration courent \u00e0 compter du jour de d\u00e9p\u00f4t de la demande, conform\u00e9ment \u00e0 l'article \nR.7232-18 du code du travail. \nL'enregistrement de la d\u00e9claration peut \u00eatre retir\u00e9 dans les conditions fix\u00e9es aux articles R.7232 -20 \u00e0 \nR.7232-22 du code du travail. \nLe pr\u00e9sent r\u00e9c\u00e9piss\u00e9 n'est pas limit\u00e9 dans le temps et sera publi\u00e9 au recueil des actes administratifs de \nla pr\u00e9fecture de la C\u00f4te d'Or. \n \nPour le Pr\u00e9fet de C\u00f4te d'Or \nEt par subd\u00e9l\u00e9gation de \nla Directrice D\u00e9partementale emp\u00each\u00e9e, \n   \nLa Responsable de l'Unit\u00e9 Formation, Emploi, Insertion \nSIGNE   \nMarie BEGRAND \nDirection d\u00e9partementale de l'emploi, du travail et des solidarit\u00e9s de C\u00f4te-d'Or - 21-2025-09-09-00010 - R\u00e9c\u00e9piss\u00e9 d\u00e9claration SAP\nn\u00b0915127260 - REMY Pauline 51\nDirection d\u00e9partementale de l'emploi, du travail\net des solidarit\u00e9s de C\u00f4te-d'Or\n21-2025-09-12-00009\nR\u00e9c\u00e9piss\u00e9 d\u00e9claration SAP n\u00b0942306218 -\nBONNET Guillaume\nDirection d\u00e9partementale de l'emploi, du travail et des solidarit\u00e9s de C\u00f4te-d'Or - 21-2025-09-12-00009 - R\u00e9c\u00e9piss\u00e9 d\u00e9claration SAP\nn\u00b0942306218 - BONNET Guillaume 52\nPREFETDE LACOTE-D'ORLibert\u00e9\u00c9galit\u00e9Fraternit\u00e9\nDirection D\u00e9partementale de l'Emploi, \ndu Travail et des Solidarit\u00e9s - DDETS \nDDETS 21, 6 rue Chancelier de l'Hospital - 21000 DIJON  \nT\u00e9l. : 03 80 68 30 00 (Accueil) \nwww.cote-dor.gouv.fr \nAffaire suivie par Sophie LACROIX                          Dijon, le 12/09/2025 \nP\u00f4le Emploi-Coh\u00e9sion Territoriale, \nT\u00e9l : 03 80 68 39 25 // 06 84 89 20 33 \nCourriel : sophie.lacroix@cote-dor.gouv.fr \nM. BONNET Guillaume \n21 rue Chanzy \n21000 DIJON \n \n \n \nRECEPISSE DE DECLARATION \nd'un Organisme de Services \u00e0 la Personne \nEnregistr\u00e9 sous le n\u00b0 SAP/ 942306218 \n \n \nLe Pr\u00e9fet de la C\u00f4te-d'Or, et par subd\u00e9l\u00e9gation de la Directrice D\u00e9partementale de la DDETS, la \nCheffe du P\u00f4le Emploi et Coh\u00e9sion Territoriale/la Responsable de l'Unit\u00e9 Formation, Emploi, Insertion \n \n \n \nVU la loi n\u00b0 2015-1776 du 28 d\u00e9cembre 2015 relative \u00e0 l'adaptation de la soci\u00e9t\u00e9 au vieillissement, \n \nVU le d\u00e9cret n\u00b0 2016-750 du 6 juin 2016 relatif \u00e0 la liste des activit\u00e9s de services \u00e0 la personne soumises \n\u00e0 agr\u00e9ment ou \u00e0 autorisation dans le cadre du r\u00e9gime commun de la d\u00e9claration, \n \nVU le code du travail et notamment les articles L 7231-1 \u00e0 L 7233-2, R 7232-16 \u00e0 R 7232-22, D7231-1 \net D 7233-1 \u00e0 D 7233-5. \n \n \nConstate \n \nQu'une d\u00e9claration d'activit\u00e9s de services \u00e0 la personne a \u00e9t\u00e9 d\u00e9pos\u00e9e sous le n\u00b0 2457260 aupr\u00e8s de \nla DDETS de la C\u00f4te d'Or, le 24/07/2025, par BONNET Guillaume dans le cadre d'une micro-entreprise \nrepr\u00e9sent\u00e9e par BONNET Guillaume, dont le si\u00e8ge social est situ\u00e9 21 rue Chanzy  21000 DIJON et \nenregistr\u00e9e sous le n\u00b0 SAP/ 942306218 pour les activit\u00e9s suivantes \u00e0 l'exclusion de toute autre :  \n \n1. Soutien scolaire ou cours \u00e0 domicile \n \nCette activit\u00e9 est exerc\u00e9e en qualit\u00e9 de prestataire. \nL'\u00e9tablissement principal, \u00e9galement si\u00e8ge social, se situe \u00e0 l'adresse ci-dessus et poss\u00e8de le num\u00e9ro \nSIRET suivant, 942 306 218 00010. \nToute modification concernant l'activit\u00e9 exerc\u00e9e devra faire l'objet d'une d\u00e9clarati on modificative \npr\u00e9alable. \nDirection d\u00e9partementale de l'emploi, du travail et des solidarit\u00e9s de C\u00f4te-d'Or - 21-2025-09-12-00009 - R\u00e9c\u00e9piss\u00e9 d\u00e9claration SAP\nn\u00b0942306218 - BONNET Guillaume 53\nDDETS 21, 6 rue Chancelier de l'Hospital - 21000 DIJON  \nT\u00e9l. : 03 80 68 30 00 (Accueil) \nwww.cote-dor.gouv.fr \nSous r\u00e9serve d'\u00eatre exerc\u00e9e \u00e0 titre exclusif (ou sous r\u00e9serve d'une comptabilit\u00e9 s\u00e9par\u00e9e pour les \npersonnes morales dispens\u00e9es de cette condition), ces activit\u00e9s ouvrent droit au b\u00e9n\u00e9fice des \ndispositions des articles L. 7233-2 du code du travail et L. 241 -10 du code de la s\u00e9curit\u00e9 sociale dans \nles conditions pr\u00e9vues par ces articles. \nLes effets de la d\u00e9claration courent \u00e0 compter du jour de d\u00e9p\u00f4t de la demande, conform\u00e9ment \u00e0 l'article \nR.7232-18 du code du travail. \nL'enregistrement de la d\u00e9claration peut \u00eatre retir\u00e9 dans les conditions fix\u00e9es aux articles R.7232 -20 \u00e0 \nR.7232-22 du code du travail. \nLe pr\u00e9sent r\u00e9c\u00e9piss\u00e9 n'est pas limit\u00e9 dans le temps et sera publi\u00e9 au recueil des actes administratifs de \nla pr\u00e9fecture de la C\u00f4te d'Or. \n \nPour le Pr\u00e9fet de C\u00f4te d'Or \nEt par subd\u00e9l\u00e9gation de \nla Directrice D\u00e9partementale emp\u00each\u00e9e, \n   \nLa Responsable de l'Unit\u00e9 Formation, Emploi, Insertion \nSIGNE  \nMarie BEGRAND \nDirection d\u00e9partementale de l'emploi, du travail et des solidarit\u00e9s de C\u00f4te-d'Or - 21-2025-09-12-00009 - R\u00e9c\u00e9piss\u00e9 d\u00e9claration SAP\nn\u00b0942306218 - BONNET Guillaume 54\nDirection d\u00e9partementale de l'emploi, du travail\net des solidarit\u00e9s de C\u00f4te-d'Or\n21-2025-09-12-00001\nR\u00e9c\u00e9piss\u00e9 d\u00e9claration SAP n\u00b0989043823 -\nLEQUET Patrick\nDirection d\u00e9partementale de l'emploi, du travail et des solidarit\u00e9s de C\u00f4te-d'Or - 21-2025-09-12-00001 - R\u00e9c\u00e9piss\u00e9 d\u00e9claration SAP\nn\u00b0989043823 - LEQUET Patrick 55\nPREFETDE LACOTE-D'ORLibert\u00e9\u00c9galit\u00e9Fraternit\u00e9\nDirection D\u00e9partementale de l'Emploi, \ndu Travail et des Solidarit\u00e9s - DDETS \nDDETS 21, 6 rue Chancelier de l'Hospital - 21000 DIJON  \nT\u00e9l. : 03 80 68 30 00 (Accueil) \nwww.cote-dor.gouv.fr \nAffaire suivie par Sophie LACROIX                          Dijon, le 12/09/2025 \nP\u00f4le Emploi-Coh\u00e9sion Territoriale, \nT\u00e9l : 03 80 68 39 25 // 06 84 89 20 33 \nCourriel : sophie.lacroix@cote-dor.gouv.fr \nM. LEQUET Patrick \n5 impasse du Lavoir \n21600 OUGES \n \n \n \nRECEPISSE DE DECLARATION \nd'un Organisme de Services \u00e0 la Personne \nEnregistr\u00e9 sous le n\u00b0 SAP/989043823 \n \n \nLe Pr\u00e9fet de la C\u00f4te-d'Or, et par subd\u00e9l\u00e9gation de la Directrice D\u00e9partementale de la DDETS, la \nCheffe du P\u00f4le Emploi et Coh\u00e9sion Territoriale/la Responsable de l'Unit\u00e9 Formation, Emploi, Insertion \n \n \n \nVU la loi n\u00b0 2015-1776 du 28 d\u00e9cembre 2015 relative \u00e0 l'adaptation de la soci\u00e9t\u00e9 au vieillissement, \n \nVU le d\u00e9cret n\u00b0 2016-750 du 6 juin 2016 relatif \u00e0 la liste des activit\u00e9s de services \u00e0 la personne soumises \n\u00e0 agr\u00e9ment ou \u00e0 autorisation dans le cadre du r\u00e9gime commun de la d\u00e9claration, \n \nVU le code du travail et notamment les articles L 7231-1 \u00e0 L 7233-2, R 7232-16 \u00e0 R 7232-22, D7231-1 \net D 7233-1 \u00e0 D 7233-5. \n \n \nConstate \n \nQu'une d\u00e9claration d'activit\u00e9s de services \u00e0 la personne a \u00e9t\u00e9 d\u00e9pos\u00e9e sous le n\u00b0 2486380 aupr\u00e8s de \nla DDETS de la C\u00f4te d'Or, le 20/08/2025, par M. LEQUET Patrick, dans le cadre de la micro-entreprise \n\"Les2tvelocargo\" repr\u00e9sent\u00e9e par M. LEQUET Patrick, dont le si\u00e8ge social est situ\u00e9 5 impasse du Lavoir \n21600 OUGES et enregistr\u00e9e sous le n\u00b0 SAP/ 989043823 pour les activit\u00e9s suivantes \u00e0 l'exclusion de \ntoute autre :  \n \n1. Entretien de la maison et travaux m\u00e9nagers  \n2. Travaux de petit bricolage  \n3. Livraison de courses \u00e0 domicile \n4.  Assistance aux personnes ayant besoin d'une aide temporaire \u00e0 leur domicile plus de 3 ans \n\u00e0 domicile   \n \nDirection d\u00e9partementale de l'emploi, du travail et des solidarit\u00e9s de C\u00f4te-d'Or - 21-2025-09-12-00001 - R\u00e9c\u00e9piss\u00e9 d\u00e9claration SAP\nn\u00b0989043823 - LEQUET Patrick 56\nDDETS 21, 6 rue Chancelier de l'Hospital - 21000 DIJON  \nT\u00e9l. : 03 80 68 30 00 (Accueil) \nwww.cote-dor.gouv.fr \nCes activit\u00e9s sont exerc\u00e9es en qualit\u00e9 de prestataire. \nL'\u00e9tablissement principal, \u00e9galement si\u00e8ge social, se situe \u00e0 l'adresse ci-dessus et poss\u00e8de le num\u00e9ro \nSIRET suivant, 989 043 823 00016. \nToute modificatio n concernant l'activit\u00e9 exerc\u00e9e devra faire l'objet d'une d\u00e9claration modificative \npr\u00e9alable. \nSous r\u00e9serve d'\u00eatre exerc\u00e9e \u00e0 titre exclusif (ou sous r\u00e9serve d'une comptabilit\u00e9 s\u00e9par\u00e9e pour les \npersonnes morales dispens\u00e9es de cette condition), ces activit\u00e9s ouvrent droit au b\u00e9n\u00e9fice des \ndispositions des articles L. 7233-2 du code du travail et L. 241 -10 du code de la s\u00e9curit\u00e9 sociale dans \nles conditions pr\u00e9vues par ces articles. \nLes effets de la d\u00e9claration courent \u00e0 compter du jour de d\u00e9p\u00f4t de la demande, conform\u00e9ment \u00e0 l'article \nR.7232-18 du code du travail. \nL'enregistrement de la d\u00e9claration peut \u00eatre retir\u00e9 dans les conditions fix\u00e9es aux articles R.7232 -20 \u00e0 \nR.7232-22 du code du travail. \nLe pr\u00e9sent r\u00e9c\u00e9piss\u00e9 n'est pas limit\u00e9 dans le temps et sera publi\u00e9 au recueil des actes administratifs de \nla pr\u00e9fecture de la C\u00f4te d'Or. \n \nPour le Pr\u00e9fet de C\u00f4te d'Or \nEt par subd\u00e9l\u00e9gation de \nla Directrice D\u00e9partementale emp\u00each\u00e9e, \n   \nLa Responsable de l'Unit\u00e9 Formation, Emploi, Insertion \nSIGNE  \nMarie BEGRAND \nDirection d\u00e9partementale de l'emploi, du travail et des solidarit\u00e9s de C\u00f4te-d'Or - 21-2025-09-12-00001 - R\u00e9c\u00e9piss\u00e9 d\u00e9claration SAP\nn\u00b0989043823 - LEQUET Patrick 57\nDirection d\u00e9partementale de l'emploi, du travail\net des solidarit\u00e9s de C\u00f4te-d'Or\n21-2025-09-12-00010\nR\u00e9c\u00e9piss\u00e9 d\u00e9claration SAP n\u00b0991028754 -\nAHMED HOUMADI Mouzna\nDirection d\u00e9partementale de l'emploi, du travail et des solidarit\u00e9s de C\u00f4te-d'Or - 21-2025-09-12-00010 - R\u00e9c\u00e9piss\u00e9 d\u00e9claration SAP\nn\u00b0991028754 - AHMED HOUMADI Mouzna 58\nPREFETDE LACOTE-D'ORLibert\u00e9\u00c9galit\u00e9Fraternit\u00e9\nDirection D\u00e9partementale de l'Emploi, \ndu Travail et des Solidarit\u00e9s - DDETS \nDDETS 21, 6 rue Chancelier de l'Hospital - 21000 DIJON  \nT\u00e9l. : 03 80 68 30 00 (Accueil) \nwww.cote-dor.gouv.fr \nAffaire suivie par Sophie LACROIX                          Dijon, le 12/09/2025 \nP\u00f4le Emploi-Coh\u00e9sion Territoriale, \nT\u00e9l : 03 80 68 39 25 // 06 84 89 20 33 \nCourriel : sophie.lacroix@cote-dor.gouv.fr \nMme AHMED HOUMADI Mouzna  \n5 all\u00e9e Thann \n21000 DIJON \n \n \n \nRECEPISSE DE DECLARATION \nd'un Organisme de Services \u00e0 la Personne \nEnregistr\u00e9 sous le n\u00b0 SAP/ 991028754 \n \n \nLe Pr\u00e9fet de la C\u00f4te-d'Or, et par subd\u00e9l\u00e9gation de la Directrice D\u00e9partementale de la DDETS, la \nCheffe du P\u00f4le Emploi et Coh\u00e9sion Territoriale/la Responsable de l'Unit\u00e9 Formation, Emploi, Insertion \n \n \n \nVU la loi n\u00b0 2015-1776 du 28 d\u00e9cembre 2015 relative \u00e0 l'adaptation de la soci\u00e9t\u00e9 au vieillissement, \n \nVU le d\u00e9cret n\u00b0 2016-750 du 6 juin 2016 relatif \u00e0 la liste des activit\u00e9s de services \u00e0 la personne soumises \n\u00e0 agr\u00e9ment ou \u00e0 autorisation dans le cadre du r\u00e9gime commun de la d\u00e9claration, \n \nVU le code du travail et notamment les articles L 7231-1 \u00e0 L 7233-2, R 7232-16 \u00e0 R 7232-22, D7231-1 \net D 7233-1 \u00e0 D 7233-5. \n \n \nConstate \n \nQu'une d\u00e9claration d'activit\u00e9s de services \u00e0 la personne a \u00e9t\u00e9 d\u00e9pos\u00e9e sous le n\u00b0 2609660 aupr\u00e8s de \nla DDETS de la C\u00f4te d'Or, le 09/09/2025, par Mme AHMED HOUMADI Mouzna dans le cadre d'une \nentreprise individuelle repr\u00e9sent\u00e9e par Mme AHMED HOUMADI Mouzna, dont le si\u00e8ge social est situ\u00e9 \n5 all\u00e9e Thann 21000 DIJON et enregistr\u00e9e sous le n\u00b0 SAP/  991028754 pour les activit\u00e9s suivantes \u00e0 \nl'exclusion de toute autre :  \n \n1. Entretien de la maison et travaux m\u00e9nagers \n \nCette activit\u00e9 est exerc\u00e9e en qualit\u00e9 de prestataire. \nL'\u00e9tablissement principal, \u00e9galement si\u00e8ge social, se situe \u00e0 l'adresse ci-dessus et poss\u00e8de le num\u00e9ro \nSIRET suivant, 991 028 754 00018. \nDirection d\u00e9partementale de l'emploi, du travail et des solidarit\u00e9s de C\u00f4te-d'Or - 21-2025-09-12-00010 - R\u00e9c\u00e9piss\u00e9 d\u00e9claration SAP\nn\u00b0991028754 - AHMED HOUMADI Mouzna 59\nDDETS 21, 6 rue Chancelier de l'Hospital - 21000 DIJON  \nT\u00e9l. : 03 80 68 30 00 (Accueil) \nwww.cote-dor.gouv.fr \nToute modification concernant l'activit\u00e9 exerc\u00e9e devra faire l'objet d'une d\u00e9claration modificative \npr\u00e9alable. \nSous r\u00e9serve d'\u00eatre exerc\u00e9e \u00e0 titre exclusif (ou sous r\u00e9serve d'une comptabilit\u00e9 s\u00e9par\u00e9e pour les \npersonnes morales dispens\u00e9es de cette condition), ces activit\u00e9s ouvrent droit au b\u00e9n\u00e9fice des \ndispositions des articles L. 7233-2 du code du travail et L. 241-10 du code de la s\u00e9curit\u00e9 sociale dans \nles conditions pr\u00e9vues par ces articles. \nLes effets de la d\u00e9claration courent \u00e0 compter du jour de d\u00e9p\u00f4t de la demande, conform\u00e9ment \u00e0 l'article \nR.7232-18 du code du travail. \nL'enregistrement de la d\u00e9claration peut \u00eatre retir\u00e9 dans les conditions fix\u00e9es aux articles R.7232 -20 \u00e0 \nR.7232-22 du code du travail. \nLe pr\u00e9sent r\u00e9c\u00e9piss\u00e9 n'est pas limit\u00e9 dans le temps et sera publi\u00e9 au recueil des actes administratifs de \nla pr\u00e9fecture de la C\u00f4te d'Or. \n \nPour le Pr\u00e9fet de C\u00f4te d'Or \nEt par subd\u00e9l\u00e9gation de \nla Directrice D\u00e9partementale emp\u00each\u00e9e, \n   \nLa Responsable de l'Unit\u00e9 Formation, Emploi, Insertion \nSIGNE  \nMarie BEGRAND \nDirection d\u00e9partementale de l'emploi, du travail et des solidarit\u00e9s de C\u00f4te-d'Or - 21-2025-09-12-00010 - R\u00e9c\u00e9piss\u00e9 d\u00e9claration SAP\nn\u00b0991028754 - AHMED HOUMADI Mouzna 60\nDirection d\u00e9partementale de l'emploi, du travail\net des solidarit\u00e9s de C\u00f4te-d'Or\n21-2025-09-09-00009\nR\u00e9c\u00e9piss\u00e9 d\u00e9claration SAP n\u00b0991106261 - RACLET\nAnne-Marie\nDirection d\u00e9partementale de l'emploi, du travail et des solidarit\u00e9s de C\u00f4te-d'Or - 21-2025-09-09-00009 - R\u00e9c\u00e9piss\u00e9 d\u00e9claration SAP\nn\u00b0991106261 - RACLET Anne-Marie 61\nPREFETDE LACOTE-D'ORLibert\u00e9\u00c9galit\u00e9Fraternit\u00e9\nDirection D\u00e9partementale de l'Emploi, \ndu Travail et des Solidarit\u00e9s - DDETS \nDDETS 21, 6 rue Chancelier de l'Hospital - 21000 DIJON  \nT\u00e9l. : 03 80 68 30 00 (Accueil) \nwww.cote-dor.gouv.fr \nAffaire suivie par Sophie LACROIX                          Dijon, le 09/09/2025 \nP\u00f4le Emploi-Coh\u00e9sion Territoriale, \nT\u00e9l : 03 80 68 39 25 // 06 84 89 20 33 \nCourriel : sophie.lacroix@cote-dor.gouv.fr \nMme RACLET Anne-Marie \n5 rue du vieux coll\u00e8ge \n21000 DIJON \n \n \n \nRECEPISSE DE DECLARATION \nd'un Organisme de Services \u00e0 la Personne \nEnregistr\u00e9 sous le n\u00b0 SAP/ 991106261 \n \n \nLe Pr\u00e9fet de la C\u00f4te-d'Or, et par subd\u00e9l\u00e9gation de la Directrice D\u00e9partementale de la DDETS, la \nCheffe du P\u00f4le Emploi et Coh\u00e9sion Territoriale/la Responsable de l'Unit\u00e9 Formation, Emploi, Insertion \n \n \n \nVU la loi n\u00b0 2015-1776 du 28 d\u00e9cembre 2015 relative \u00e0 l'adaptation de la soci\u00e9t\u00e9 au vieillissement, \n \nVU le d\u00e9cret n\u00b0 2016-750 du 6 juin 2016 relatif \u00e0 la liste des activit\u00e9s de services \u00e0 la personne soumises \n\u00e0 agr\u00e9ment ou \u00e0 autorisation dans le cadre du r\u00e9gime commun de la d\u00e9claration, \n \nVU le code du travail et notamment les articles L 7231-1 \u00e0 L 7233-2, R 7232-16 \u00e0 R 7232-22, D7231-1 \net D 7233-1 \u00e0 D 7233-5. \n \n \nConstate \n \nQu'une d\u00e9claration d'activit\u00e9s de services \u00e0 la personne a \u00e9t\u00e9 d\u00e9pos\u00e9e sous le n\u00b0 2602880 aupr\u00e8s de \nla DDETS de la C\u00f4te d'Or, le 0 8/09/2025, par Mme RACLET Anne-Marie dans le cadre d'une micro -\nentreprise repr\u00e9sent\u00e9e par Mme RACLET Anne-Marie, dont le si\u00e8ge social est situ\u00e9 5 rue du vieux \ncollege 21000 DIJON et enregistr\u00e9e sous le n\u00b0 SAP/ 991106261 pour les activit\u00e9s suivantes \u00e0 l'exclusion \nde toute autre :  \n \n1. Soutien scolaire ou cours \u00e0 domicile \n \nCette activit\u00e9 est exerc\u00e9e en qualit\u00e9 de prestataire. \nL'\u00e9tablissement principal, \u00e9galement si\u00e8ge social, se situe \u00e0 l'adresse ci-dessus et poss\u00e8de le num\u00e9ro \nSIRET suivant, 991 106 261 00019. \nDirection d\u00e9partementale de l'emploi, du travail et des solidarit\u00e9s de C\u00f4te-d'Or - 21-2025-09-09-00009 - R\u00e9c\u00e9piss\u00e9 d\u00e9claration SAP\nn\u00b0991106261 - RACLET Anne-Marie 62\nDDETS 21, 6 rue Chancelier de l'Hospital - 21000 DIJON  \nT\u00e9l. : 03 80 68 30 00 (Accueil) \nwww.cote-dor.gouv.fr \nToute modification concernant l'activit\u00e9 exerc\u00e9e devra faire l'objet d'une d\u00e9clarati on modificative \npr\u00e9alable. \nSous r\u00e9serve d'\u00eatre exerc\u00e9e \u00e0 titre exclusif (ou sous r\u00e9serve d'une comptabilit\u00e9 s\u00e9par\u00e9e pour les \npersonnes morales dispens\u00e9es de cette condition), ces activit\u00e9s ouvrent droit au b\u00e9n\u00e9fice des \ndispositions des articles L. 7233-2 du code du travail et L. 241 -10 du code de la s\u00e9curit\u00e9 sociale dans \nles conditions pr\u00e9vues par ces articles. \nLes effets de la d\u00e9claration courent \u00e0 compter du jour de d\u00e9p\u00f4t de la demande, conform\u00e9ment \u00e0 l'article \nR.7232-18 du code du travail. \nL'enregistrement de la d\u00e9claration peut \u00eatre retir\u00e9 dans les conditions fix\u00e9es aux articles R.7232 -20 \u00e0 \nR.7232-22 du code du travail. \nLe pr\u00e9sent r\u00e9c\u00e9piss\u00e9 n'est pas limit\u00e9 dans le temps et sera publi\u00e9 au recueil des actes administratifs de \nla pr\u00e9fecture de la C\u00f4te d'Or. \n \nPour le Pr\u00e9fet de C\u00f4te d'Or \nEt par subd\u00e9l\u00e9gation de \nla Directrice D\u00e9partementale emp\u00each\u00e9e, \n   \nLa Responsable de l'Unit\u00e9 Formation, Emploi, Insertion \nSIGNE  \nMarie BEGRAND \nDirection d\u00e9partementale de l'emploi, du travail et des solidarit\u00e9s de C\u00f4te-d'Or - 21-2025-09-09-00009 - R\u00e9c\u00e9piss\u00e9 d\u00e9claration SAP\nn\u00b0991106261 - RACLET Anne-Marie 63\nDirection d\u00e9partementale de l'emploi, du travail\net des solidarit\u00e9s de C\u00f4te-d'Or\n21-2025-09-12-00008\nR\u00e9c\u00e9piss\u00e9 sign\u00e9 EL JENDKAOUI ZAHRA\nn\u00b0SAP991023474 \nDirection d\u00e9partementale de l'emploi, du travail et des solidarit\u00e9s de C\u00f4te-d'Or - 21-2025-09-12-00008 - R\u00e9c\u00e9piss\u00e9 sign\u00e9 EL\nJENDKAOUI ZAHRA n\u00b0SAP991023474 64\nEnPREFETDE LACOTE-D'ORLibert\u00e9Egalit\u00e9Fraternit\u00e9\nEL JENDKAOUI ZAHRA\nR\u00e9c\u00e9piss\u00e9 de d\u00e9clarationd'un organisme de services a la personneenregistr\u00e9 sous le N\u00b0 SAP991023474Vu le code du travail et notamment les articles L.7231-1 \u00e0 L.7233-2, R.7232-16 \u00e0 R.7232-22,D.7231-1 et D.7233-1 \u00e0 D.7233-5;Vu la demande de d\u00e9claration d\u00e9pos\u00e9e par l'organisme , 44 AVENUE ARISTIDE BRIAND21000 DIJON, le 12/09/25;Le pr\u00e9fet de C\u00f4te-d'OrConstate :Qu'une d\u00e9claration d'activit\u00e9s de services \u00e0 la personne a \u00e9t\u00e9 d\u00e9pos\u00e9e aupr\u00e8s du serviceinstructeur de C\u00f4te-d'Or , le 12/09/25 par Mme. EL JENDKAOUI ZAHRA en qualit\u00e9 dedirigeant(e), pour l'organisme dont l'\u00e9tablissement principal est situ\u00e9 44 AVENUE ARISTIDEBRIAND 21000 DIJON et enregistr\u00e9 sous le N\u00b0 SAP991023474 pour les activit\u00e9s suivantes :< Entretien de la maison et travaux m\u00e9nagers (mode d'intervention Prestataire)Toute modification concernant les activit\u00e9s exerc\u00e9es devra faire l'objet d'une d\u00e9clarationmodificative pr\u00e9alable.]Sous r\u00e9serve d'\u00eatre exerc\u00e9es a titre exclusif (ou sous r\u00e9serve d'une comptabilit\u00e9 s\u00e9par\u00e9e pourles personnes morales dispens\u00e9es de cette condition), ces activit\u00e9s ouvrent droit au b\u00e9n\u00e9ficedes dispositions des articles L. 7233-2 du code du travail et L.241-10 du code de la s\u00e9curit\u00e9sociale dans les conditions pr\u00e9vues par ces articles.Les effets de la d\u00e9claration courent \u00e0 compter du jour du d\u00e9p\u00f4t de la d\u00e9claration sousr\u00e9serve des dispositions de l'article R.7232-18 du code du travail. Le pr\u00e9sent r\u00e9c\u00e9piss\u00e9 n'estpas limit\u00e9 dans le temps. La d\u00e9claration a une port\u00e9e nationale.Le cas \u00e9ch\u00e9ant:En application des articles L.7232-1 et R.7232-1 \u00e0 R.7232-15, les activit\u00e9s n\u00e9cessitant unagr\u00e9ment (I de l'article D.7231-1 du code du travail) n'ouvrent droit \u00e0 ces dispositions quesi 'organisme a pr\u00e9alablement obtenu l'agr\u00e9ment ou le renouvellement de cet agr\u00e9mentdans le ou les d\u00e9partement(s) d'exercice de ses activit\u00e9s.\nDirection D\u00e9partementale de l'Emploi, \ndu Travail et des Solidarit\u00e9s - DDETS \nDDETS 21, 6 Rue Chancelier de l'Hospital - 21000 DIJON  \nT\u00e9l. : 03 80 68 30 00 (Accueil) \nwww.cote-dor.gouv.fr \nAffaire suivie par Marie B\u00e9grand                          Dijon, le 12/09/2025     \nUnit\u00e9 Formation Emploi Insertion, \nT\u00e9l : 03 80 68 39 04 // 07 63 24 34 60 \nCourriel : marie.begrand@cote-dor.gouv.fr     \n  \n          35 rue JeanBaptiste Baudin \n21000 Dijon \n \n                     \n \n \n  \n \n \n \n \n \n \n  \n \nDirection d\u00e9partementale de l'emploi, du travail et des solidarit\u00e9s de C\u00f4te-d'Or - 21-2025-09-12-00008 - R\u00e9c\u00e9piss\u00e9 sign\u00e9 EL\nJENDKAOUI ZAHRA n\u00b0SAP991023474 65\nDe m\u00eame, en application de l'article D.312-6-2 du code de l'action sociale et des familles,les activit\u00e9s n\u00e9cessitant une autorisation n'ouvrent droit \u00e0 ces dispositions que sil'organisme a pr\u00e9alablement obtenu l'autorisation ou le renouvellement de cetteautorisation.L'enregistrement de la d\u00e9claration peut \u00eatre retir\u00e9 dans les conditions fix\u00e9es aux articlesR.7232-20 \u00e0 R.7232-22 du code du travail.Le pr\u00e9sent r\u00e9c\u00e9piss\u00e9 sera publi\u00e9 au recueil des actes administratifs de la pr\u00e9fecture.Le pr\u00e9sent r\u00e9c\u00e9piss\u00e9 peut, \u00e0 compter de sa notification, faire l'objet d'un recours gracieuxaupr\u00e8s service instructeur de C\u00f4te-d'Or ou d'un recours hi\u00e9rarchique adress\u00e9 au ministrecharg\u00e9 de l'\u00e9conomie - Direction g\u00e9n\u00e9rale des entreprises \u2014 sous-direction des servicesmarchands, 61 Boulevard Vincent Auriol, 75703 PARIS CEDEX 13.Il peut \u00e9galement faire l'objet d'un recours contentieux dans un d\u00e9lai de deux mois \u00e0compter de sa notification aupr\u00e8s du tribunal administratif .Le tribunal administratif peut aussi \u00eatre saisi par l'application informatique \u00ab T\u00e9l\u00e9recourscitoyen \u00bb accessible sur le site internet http://www.telerecours.fr/En cas de rejet du recours gracieux ou hi\u00e9rarchique ou en l'absence de r\u00e9ponse \u00e0 ce recours(rejet implicite), un recours contentieux devant le tribunal administratif peut \u00e9galement \u00eatreform\u00e9 contre la d\u00e9cision initiale dans un d\u00e9lai de deux mois \u00e0 compter de ce rejet.\nDDETS 21, 6 Rue Chancelier de l'Hospital - 21000 DIJON  \nT\u00e9l. : 03 80 68 30 00 (Accueil) \nwww.cote-dor.gouv.fr \n \n \n \n \n \n \nPour le Pr\u00e9fet de C\u00f4te d'Or \nEt par subd\u00e9l\u00e9gation de \nLa Directrice D\u00e9partementale emp\u00each\u00e9e, \n   \nLa Responsable de l'Unit\u00e9, Formation, Emploi et Insertion, \nSign\u00e9 \nMarie BEGRAND \nDirection d\u00e9partementale de l'emploi, du travail et des solidarit\u00e9s de C\u00f4te-d'Or - 21-2025-09-12-00008 - R\u00e9c\u00e9piss\u00e9 sign\u00e9 EL\nJENDKAOUI ZAHRA n\u00b0SAP991023474 66\nDirection d\u00e9partementale de l'emploi, du travail\net des solidarit\u00e9s de C\u00f4te-d'Or\n21-2025-09-12-00003\nR\u00e9c\u00e9piss\u00e9 sign\u00e9 GRIVOT GARDEN\nn\u00b0SAP989475140\nDirection d\u00e9partementale de l'emploi, du travail et des solidarit\u00e9s de C\u00f4te-d'Or - 21-2025-09-12-00003 - R\u00e9c\u00e9piss\u00e9 sign\u00e9 GRIVOT\nGARDEN n\u00b0SAP989475140 67\nEnPREFETDE LACOTE-D'ORLibert\u00e9Egalit\u00e9Fraternit\u00e9\nR\u00e9c\u00e9piss\u00e9 de d\u00e9clarationd'un organisme de services \u00e0 la personneenregistr\u00e9 sous le N\u00b0 SAP989475140Vu le code du travail et notamment les articles L.7231-1 \u00e0 L.7233-2, R.7232-16 \u00e0 R.7232-22,D.7231-1 et D.7233-1 \u00e0 D.7233-5;Vu la demande de d\u00e9claration d\u00e9pos\u00e9e par l'organisme Grivot Garden, 5 Rue Descarri\u00e8res 21700 Corgoloin, le 12/09/25 ;Le pr\u00e9fet de C\u00f4te-d'OrConstate :Qu'une d\u00e9claration d'activit\u00e9s de services \u00e0 la personne a \u00e9t\u00e9 d\u00e9pos\u00e9e aupr\u00e8s du serviceinstructeur de C\u00f4te-d'Or , le 12/09/25 par M. Yohan Grivot en qualit\u00e9 de dirigeant(e), pourl'organisme Grivot Garden dont l'\u00e9tablissement principal est situ\u00e9 5 Rue Des carri\u00e8res 21700Corgoloin et enregistr\u00e9 sous le N\u00b0 SAP989475140 pour les activit\u00e9s suivantes :< Petits travaux de jardinage (mode d'intervention Prestataire)Toute modification concernant les activit\u00e9s exerc\u00e9es devra faire l'objet d'une d\u00e9clarationmodificative pr\u00e9alable.]Sous r\u00e9serve d'\u00eatre exerc\u00e9es a titre exclusif (ou sous r\u00e9serve d'une comptabilit\u00e9 s\u00e9par\u00e9e pourles personnes morales dispens\u00e9es de cette condition), ces activit\u00e9s ouvrent droit au b\u00e9n\u00e9ficedes dispositions des articles L. 7233-2 du code du travail et L.241-10 du code de la s\u00e9curit\u00e9sociale dans les conditions pr\u00e9vues par ces articles.Les effets de la d\u00e9claration courent \u00e0 compter du jour du d\u00e9p\u00f4t de la d\u00e9claration sousr\u00e9serve des dispositions de l'article R.7232-18 du code du travail. Le pr\u00e9sent r\u00e9c\u00e9piss\u00e9 n'estpas limit\u00e9 dans le temps. La d\u00e9claration a une port\u00e9e nationale.Le cas \u00e9ch\u00e9ant:En application des articles L.7232-1 et R.7232-1 \u00e0 R.7232-15, les activit\u00e9s n\u00e9cessitant unagr\u00e9ment (I de l'article D.7231-1 du code du travail) n'ouvrent droit \u00e0 ces dispositions quesi 'organisme a pr\u00e9alablement obtenu l'agr\u00e9ment ou le renouvellement de cet agr\u00e9ment\nDirection D\u00e9partementale de l'Emploi, \ndu Travail et des Solidarit\u00e9s - DDETS \nDDETS 21, 6 Rue Chancelier de l'Hospital - 21000 DIJON  \nT\u00e9l. : 03 80 68 30 00 (Accueil) \nwww.cote-dor.gouv.fr \nAffaire suivie par Marie B\u00e9grand                          Dijon, le 12/09/2025     \nUnit\u00e9 Formation Emploi Insertion, \nT\u00e9l : 03 80 68 39 04 // 07 63 24 34 60 \nCourriel : marie.begrand@cote-dor.gouv.fr     Monsieur Yohan Grivot \n          Grivot Garden \n          5 rue des carriers \n          21700 Corgoloin \n \n                     \n \n \n \n \n \n \nDirection d\u00e9partementale de l'emploi, du travail et des solidarit\u00e9s de C\u00f4te-d'Or - 21-2025-09-12-00003 - R\u00e9c\u00e9piss\u00e9 sign\u00e9 GRIVOT\nGARDEN n\u00b0SAP989475140 68\ndans le ou les d\u00e9partement(s) d'exercice de ses activit\u00e9s.De m\u00eame, en application de l'article D.312-6-2 du code de l'action sociale et des familles,les activit\u00e9s n\u00e9cessitant une autorisation n'ouvrent droit \u00e0 ces dispositions que sil'organisme a pr\u00e9alablement obtenu l'autorisation ou le renouvellement de cetteautorisation.L'enregistrement de la d\u00e9claration peut \u00eatre retir\u00e9 dans les conditions fix\u00e9es aux articlesR.7232-20 \u00e0 R.7232-22 du code du travail.Le pr\u00e9sent r\u00e9c\u00e9piss\u00e9 sera publi\u00e9 au recueil des actes administratifs de la pr\u00e9fecture.Le pr\u00e9sent r\u00e9c\u00e9piss\u00e9 peut, \u00e0 compter de sa notification, faire l'objet d'un recours gracieuxaupr\u00e8s service instructeur de C\u00f4te-d'Or ou d'un recours hi\u00e9rarchique adress\u00e9 au ministrecharg\u00e9 de l'\u00e9conomie - Direction g\u00e9n\u00e9rale des entreprises \u2014 sous-direction des servicesmarchands, 61 Boulevard Vincent Auriol, 75703 PARIS CEDEX 13.Il peut \u00e9galement faire l'objet d'un recours contentieux dans un d\u00e9lai de deux mois \u00e0compter de sa notification aupr\u00e8s du tribunal administratif .Le tribunal administratif peut aussi \u00eatre saisi par l'application informatique \u00ab T\u00e9l\u00e9recourscitoyen \u00bb accessible sur le site internet http://www.telerecours.fr/En cas de rejet du recours gracieux ou hi\u00e9rarchique ou en l'absence de r\u00e9ponse \u00e0 ce recours(rejet implicite), un recours contentieux devant le tribunal administratif peut \u00e9galement \u00eatreform\u00e9 contre la d\u00e9cision initiale dans un d\u00e9lai de deux mois \u00e0 compter de ce rejet.\nDDETS 21, 6 Rue Chancelier de l'Hospital - 21000 DIJON  \nT\u00e9l. : 03 80 68 30 00 (Accueil) \nwww.cote-dor.gouv.fr \n \n \n \n \n \n \n \nPour le Pr\u00e9fet de C\u00f4te d'Or \nEt par subd\u00e9l\u00e9gation de \nla Directrice D\u00e9partementale emp\u00each\u00e9e, \n   \nLa Responsable de l'Unit\u00e9, Formation, Emploi et Insertion, \nSign\u00e9 \nMarie BEGRAND \nDirection d\u00e9partementale de l'emploi, du travail et des solidarit\u00e9s de C\u00f4te-d'Or - 21-2025-09-12-00003 - R\u00e9c\u00e9piss\u00e9 sign\u00e9 GRIVOT\nGARDEN n\u00b0SAP989475140 69\nDirection d\u00e9partementale des territoires de la\nC\u00f4te-d'Or\nService \u00c9conomie Agricole et Environnement des\nExploitations\n21-2025-05-22-00010\nD\u00e9cision pr\u00e9fecorale de retrait de l'agr\u00e9ment du\nGAEC ROBIN\nDirection d\u00e9partementale des territoires de la C\u00f4te-d'Or - 21-2025-05-22-00010 - D\u00e9cision pr\u00e9fecorale de retrait de l'agr\u00e9ment du\nGAEC ROBIN 70\nDirection d\u00e9partementale des territoires\nde la C\u00f4te-d'Or\nService \u00c9conomie Agricole\net Environnement des Exploitations\nBureau foncier, exploitants et contr\u00f4les\nAffaire suivie par : Ingrid COUTANT\nT\u00e9l : 03 80 29 44 71\nm\u00e9l : ddt-modif-exploitation@cote-dor.gouv.fr Dijon le 22 mai 2025\nD\u00e9cision pr\u00e9fectorale de retrait de l'agr\u00e9ment\nd'un groupement agricole d'exploitation en commun\nLe Pr\u00e9fet de la C\u00f4te-d'Or\nVu le code rural et de la p\u00eache maritime et notamment les articles L. 323-1 et suivants, ainsi que les  \narticles R. 323-1 et suivants ;\nVu  le d\u00e9cret  du 10 octobre 2024 nommant Monsieur Paul MOURIER, pr\u00e9fet de r\u00e9gion Bourgogne-  \nFranche-Comt\u00e9, pr\u00e9fet de la C\u00f4te d'Or ;\nVu la loi n\u00b02014-1170 du 13 octobre 2014 d'avenir pour l'agriculture, l'alimentation et la for\u00eat ;\nVu le d\u00e9cret 2014-1515 du 15 d\u00e9cembre 2014, relatif aux conditions d'acc\u00e8s des groupements agricoles  \nd'exploitation en commun (GAEC) totaux aux aides de la politique agricole commune ;\nVu le  d\u00e9cret  n\u00b02015-215  du  25  f\u00e9vrier  2015  relatif  aux  conditions  et  modalit\u00e9s  d'agr\u00e9ment  des \ngroupements  agricoles  d'exploitation  en  commun  et  portant  diverses  dispositions  d'adaptation \nr\u00e9glementaire,\nVu le  d\u00e9cret  n\u00b02015-216  du  25  f\u00e9vrier  2015  relatif  \u00e0  l'agr\u00e9ment  en  tant  que  groupement  agricole \nd'exploitation en commun ;\nVu l'arr\u00eat\u00e9 minist\u00e9riel du 24 mars 2015, relatif aux statuts types des GAEC et au dossier de demande  \nd'agr\u00e9ment ;\nVu l'arr\u00eat\u00e9 pr\u00e9fectoral n\u00b0507/SG du 28 mars 2025  donnant d\u00e9l\u00e9gation de signature \u00e0  Mme Manuelle  \nDUPUY, directrice d\u00e9partementale des territoires de la C\u00f4te-d'Or ;\nVu l'arr\u00eat\u00e9  n\u00b0512  du  7  avril  2025 portant  subd\u00e9l\u00e9gation  de  signature  aux  agents  de  la  direction \nd\u00e9partementale des territoires de la C\u00f4te-d'Or ;\nVu  l'arr\u00eat\u00e9 pr\u00e9fectoral n\u00b0 359 du 15 f\u00e9vrier 2024 relatif \u00e0 la composition de la section sp\u00e9cialis\u00e9e \u00ab  \nstructures, \u00e9conomie et GAEC \u00bb de la Commission D\u00e9partementale d'Orientation de l'Agriculture de la  \nC\u00f4te d'Or ;\nVu les modifications statutaires d\u00e9pos\u00e9es par le GAEC ROBIN sis 11 rue de la mont\u00e9e du clos , 21490 \nVAROIS ET CHAIGNOT le 20/02/2025.\nVu l'avis favorable de la section sp\u00e9cialis\u00e9e \u00ab structures, \u00e9conomie et GAEC \u00bb  du 17/04/2025.\n1\nDirection d\u00e9partementale des territoires de la C\u00f4te-d'Or - 21-2025-05-22-00010 - D\u00e9cision pr\u00e9fecorale de retrait de l'agr\u00e9ment du\nGAEC ROBIN 71\nConsid\u00e9rant les modifications suivantes :\n\u2022 Agr\u00e9ment de Monsieur Matthieu FRANET,\n\u2022 Cession de parts sociales,\n\u2022 Cessation d'activit\u00e9 de Monsieur Dominique ROBIN et d\u00e9mission de ses fonctions de g\u00e9rant,\n\u2022 Cessation d'activit\u00e9 de Monsieur Emmanuel ROBIN et d\u00e9mission de ses fonctions de g\u00e9rant,\n\u2022 Transformation du GAEC en EARL,\n\u2022 Nouvelles r\u00e8gles statutaires,\n\u2022 Modification de la d\u00e9nomination sociale,\n\u2022 Confirmation de la g\u00e9rance,\n\u2022 Effets de la transformation,\n\u2022 Formalit\u00e9s \u00e0 accomplir.\nConsid\u00e9rant que ces modifications ont pour cons\u00e9quence la transformation du GAEC en EARL.\nLE PR\u00c9FET D\u00c9CIDE\nArticle  1 :  L'agr\u00e9ment n\u00b0  1334 en  date  du 01/06/2018  du GAEC  ROBIN  est  retir\u00e9  \u00e0  compter  du \n01/01/2025.\nArticle     2     :   La pr\u00e9sente d\u00e9cision est publi\u00e9e au recueil des actes administratifs des services de l'\u00c9tat de  \nla C\u00f4te-d'Or. Le groupement proc\u00e8de aux formalit\u00e9s de communication et de publication d'usage  \nconform\u00e9ment \u00e0 l'article R.323-23 du code rural et de la p\u00eache maritime. \nArticle 3     : d\u00e9lais et voies de recours\nCette d\u00e9cision peut \u00eatre contest\u00e9e dans les deux mois qui suivent sa notification par un recours  \nadministratif pr\u00e9alable obligatoire aupr\u00e8s du ministre charg\u00e9 de l'agriculture.  L'absence de r\u00e9ponse  \ndans un d\u00e9lai de deux mois faisant na\u00eetre une d\u00e9cision implicite de rejet qui peut elle-m\u00eame \u00eatre  \nd\u00e9f\u00e9r\u00e9e au tribunal administratif de Dijon dans les deux mois suivants. Le tribunal administratif peut  \n\u00eatre saisi par courrier (de pr\u00e9f\u00e9rence en recommand\u00e9 avec accus\u00e9 de r\u00e9ception) ou par la voie de  \nl'application \"TELERECOURS citoyens\" sur le site www. telerecours.fr.\nArticle 4     :   ex\u00e9cution\nMonsieur le secr\u00e9taire g\u00e9n\u00e9ral de la pr\u00e9fecture de la C\u00f4te-d'Or, Madame la directrice d\u00e9partementale  \ndes territoires de la C\u00f4te-d'Or sont charg\u00e9s, chacun en ce qui les concerne, de l'ex\u00e9cution de la  \npr\u00e9sente d\u00e9cision. \nPour le pr\u00e9fet et par subd\u00e9l\u00e9gation,\nLa cheffe du service \u00e9conomie agricole \net environnement des exploitations\n             \n               SIGNE\nMarie KIENTZ\n2\nDirection d\u00e9partementale des territoires de la C\u00f4te-d'Or - 21-2025-05-22-00010 - D\u00e9cision pr\u00e9fecorale de retrait de l'agr\u00e9ment du\nGAEC ROBIN 72\nDirection d\u00e9partementale des territoires de la\nC\u00f4te-d'Or\nService \u00c9conomie Agricole et Environnement des\nExploitations\n21-2025-04-14-00011\nD\u00e9cision pr\u00e9fectorale de retrait de l'agr\u00e9ment du\nGAEC de la grange Emery\nDirection d\u00e9partementale des territoires de la C\u00f4te-d'Or - 21-2025-04-14-00011 - D\u00e9cision pr\u00e9fectorale de retrait de l'agr\u00e9ment du\nGAEC de la grange Emery 73\nDirection d\u00e9partementale des territoires\nde la C\u00f4te-d'Or\nService \u00c9conomie Agricole\net Environnement des Exploitations\nBureau foncier, exploitants et contr\u00f4les\nAffaire suivie par : Ingrid COUTANT\nT\u00e9l : 03 80 29 44 71\nm\u00e9l : ddt-modif-exploitation@cote-dor.gouv.fr Dijon le 14/04/2025\nD\u00e9cision pr\u00e9fectorale de retrait de l'agr\u00e9ment\nd'un groupement agricole d'exploitation en commun\nLe Pr\u00e9fet de la C\u00f4te-d'Or\nVu le code rural et de la p\u00eache maritime et notamment les articles L. 323-1 et suivants, ainsi que les  \narticles R. 323-1 et suivants ;\nVu  le d\u00e9cret  du 10 octobre 2024 nommant Monsieur Paul MOURIER, pr\u00e9fet de r\u00e9gion Bourgogne-  \nFranche-Comt\u00e9, pr\u00e9fet de la C\u00f4te d'Or ;\nVu la loi n\u00b02014-1170 du 13 octobre 2014 d'avenir pour l'agriculture, l'alimentation et la for\u00eat ;\nVu le d\u00e9cret 2014-1515 du 15 d\u00e9cembre 2014, relatif aux conditions d'acc\u00e8s des groupements agricoles  \nd'exploitation en commun (GAEC) totaux aux aides de la politique agricole commune ;\nVu le  d\u00e9cret  n\u00b02015-215  du  25  f\u00e9vrier  2015  relatif  aux  conditions  et  modalit\u00e9s  d'agr\u00e9ment  des \ngroupements  agricoles  d'exploitation  en  commun  et  portant  diverses  dispositions  d'adaptation \nr\u00e9glementaire,\nVu le  d\u00e9cret  n\u00b02015-216  du  25  f\u00e9vrier  2015  relatif  \u00e0  l'agr\u00e9ment  en  tant  que  groupement  agricole \nd'exploitation en commun ;\nVu l'arr\u00eat\u00e9 minist\u00e9riel du 24 mars 2015, relatif aux statuts types des GAEC et au dossier de demande  \nd'agr\u00e9ment ;\nVu l'arr\u00eat\u00e9 pr\u00e9fectoral n\u00b075/SG du 14 janvier 2025 donnant d\u00e9l\u00e9gation de signature \u00e0 Madame Nadine  \nMUCKENSTURM, directrice d\u00e9partementale des territoires de la C\u00f4te-d'Or par int\u00e9rim ;\nVu l'arr\u00eat\u00e9  n\u00b081  du  20  janvier  2025  portant  d\u00e9l\u00e9gation  de  signature  aux  agents  de  la  direction \nd\u00e9partementale des territoires de la C\u00f4te-d'Or ;\nVu l'arr\u00eat\u00e9 pr\u00e9fectoral n\u00b0 359 du 15 f\u00e9vrier 2024 relatif \u00e0 la composition de la section sp\u00e9cialis\u00e9e \u00ab \nstructures, \u00e9conomie et GAEC \u00bb de la Commission D\u00e9partementale d'Orientation de l'Agriculture de la \nC\u00f4te d'Or ;\nVu les modifications statutaires d\u00e9pos\u00e9es par le GAEC DE LA GRANGE EMERY sis LA GRANGE EMERY  \n21400 CHATILLON SUR SEINE , le 01/04/2025.\n1\nDirection d\u00e9partementale des territoires de la C\u00f4te-d'Or - 21-2025-04-14-00011 - D\u00e9cision pr\u00e9fectorale de retrait de l'agr\u00e9ment du\nGAEC de la grange Emery 74\nConsid\u00e9rant les modifications suivantes :\n\uf02d Transformation du GAEC en SCEA,\nConsid\u00e9rant que ces modifications ont pour cons\u00e9quence la transformation du GAEC en SCEA.\nLE PR\u00c9FET D\u00c9CIDE\nArticle 1  : L' agr\u00e9ment n\u00b0  1059 en date du  28/04/2000  du GAEC DE LA GRANGE EMERY  est retir\u00e9 \u00e0  \ncompter du 31/12/2024.\nArticle     2     :   La pr\u00e9sente d\u00e9cision est publi\u00e9e au recueil des actes administratifs des services de l'\u00c9tat de  \nla C\u00f4te-d'Or. Le groupement proc\u00e8de aux formalit\u00e9s de communication et de publication d'usage  \nconform\u00e9ment \u00e0 l'article R.323-23 du code rural et de la p\u00eache maritime. \nArticle 3     : d\u00e9lais et voies de recours\nCette d\u00e9cision peut \u00eatre contest\u00e9e dans les deux mois qui suivent sa notification par un recours  \nadministratif pr\u00e9alable obligatoire aupr\u00e8s du ministre charg\u00e9 de l'agriculture.  L'absence de r\u00e9ponse  \ndans un d\u00e9lai de deux mois faisant na\u00eetre une d\u00e9cision implicite de rejet qui peut elle-m\u00eame \u00eatre  \nd\u00e9f\u00e9r\u00e9e au tribunal administratif de Dijon dans les deux mois suivants. Le tribunal administratif peut  \n\u00eatre saisi par courrier (de pr\u00e9f\u00e9rence en recommand\u00e9 avec accus\u00e9 de r\u00e9ception) ou par la voie de  \nl'application \"TELERECOURS citoyens\" sur le site www. telerecours.fr.\nArticle 4     :   ex\u00e9cution\nMonsieur le secr\u00e9taire g\u00e9n\u00e9ral de la pr\u00e9fecture de la C\u00f4te-d'Or, Madame la directrice d\u00e9partementale  \ndes territoires de la C\u00f4te-d'Or sont charg\u00e9s, chacun en ce qui les concerne, de l'ex\u00e9cution de la  \npr\u00e9sente d\u00e9cision. \nPour le pr\u00e9fet et par subd\u00e9l\u00e9gation,\nLa cheffe du service \u00e9conomie agricole \net environnement des exploitations\n              SIGNE\nMarie KIENTZ\n2\nDirection d\u00e9partementale des territoires de la C\u00f4te-d'Or - 21-2025-04-14-00011 - D\u00e9cision pr\u00e9fectorale de retrait de l'agr\u00e9ment du\nGAEC de la grange Emery 75\nDirection d\u00e9partementale des territoires de la\nC\u00f4te-d'Or\nService \u00c9conomie Agricole et Environnement des\nExploitations\n21-2025-05-22-00009\nD\u00e9cision pr\u00e9fectorale de retrait de l'agr\u00e9ment du\nGAEC de la petite Dree\nDirection d\u00e9partementale des territoires de la C\u00f4te-d'Or - 21-2025-05-22-00009 - D\u00e9cision pr\u00e9fectorale de retrait de l'agr\u00e9ment du\nGAEC de la petite Dree 76\nDirection d\u00e9partementale des territoires\nde la C\u00f4te-d'Or\nService \u00c9conomie Agricole\net Environnement des Exploitations\nBureau foncier, exploitants et contr\u00f4les\nAffaire suivie par : Ingrid COUTANT\nT\u00e9l : 03 80 29 44 71\nm\u00e9l : ddt-modif-exploitation@cote-dor.gouv.fr Dijon le 22 mai 2025\nD\u00e9cision pr\u00e9fectorale de retrait de l'agr\u00e9ment\nd'un groupement agricole d'exploitation en commun\nLe Pr\u00e9fet de la C\u00f4te-d'Or\nVu le code rural et de la p\u00eache maritime et notamment les articles L. 323-1 et suivants, ainsi que les  \narticles R. 323-1 et suivants ;\nVu  le d\u00e9cret  du 10 octobre 2024 nommant Monsieur Paul MOURIER, pr\u00e9fet de r\u00e9gion Bourgogne-  \nFranche-Comt\u00e9, pr\u00e9fet de la C\u00f4te d'Or ;\nVu la loi n\u00b02014-1170 du 13 octobre 2014 d'avenir pour l'agriculture, l'alimentation et la for\u00eat ;\nVu le d\u00e9cret 2014-1515 du 15 d\u00e9cembre 2014, relatif aux conditions d'acc\u00e8s des groupements agricoles  \nd'exploitation en commun (GAEC) totaux aux aides de la politique agricole commune ;\nVu le  d\u00e9cret  n\u00b02015-215  du  25  f\u00e9vrier  2015  relatif  aux  conditions  et  modalit\u00e9s  d'agr\u00e9ment  des \ngroupements  agricoles  d'exploitation  en  commun  et  portant  diverses  dispositions  d'adaptation \nr\u00e9glementaire,\nVu le  d\u00e9cret  n\u00b02015-216  du  25  f\u00e9vrier  2015  relatif  \u00e0  l'agr\u00e9ment  en  tant  que  groupement  agricole \nd'exploitation en commun ;\nVu l'arr\u00eat\u00e9 minist\u00e9riel du 24 mars 2015, relatif aux statuts types des GAEC et au dossier de demande  \nd'agr\u00e9ment ;\nVu l'arr\u00eat\u00e9 pr\u00e9fectoral n\u00b0507/SG du 28 mars 2025  donnant d\u00e9l\u00e9gation de signature \u00e0  Mme Manuelle  \nDUPUY, directrice d\u00e9partementale des territoires de la C\u00f4te-d'Or ;\nVu l'arr\u00eat\u00e9  n\u00b0512  du  7  avril  2025 portant  subd\u00e9l\u00e9gation  de  signature  aux  agents  de  la  direction \nd\u00e9partementale des territoires de la C\u00f4te-d'Or ;\nVu  l'arr\u00eat\u00e9 pr\u00e9fectoral n\u00b0 359 du 15 f\u00e9vrier 2024 relatif \u00e0 la composition de la section sp\u00e9cialis\u00e9e \u00ab  \nstructures, \u00e9conomie et GAEC \u00bb de la Commission D\u00e9partementale d'Orientation de l'Agriculture de la  \nC\u00f4te d'Or ;\nVu les  modifications  statutaires  d\u00e9pos\u00e9es  par  le  GAEC  DE  LA  PETITE  DREE  sis  21340  MOLINOT \nle 04/03/2025.\n1\nDirection d\u00e9partementale des territoires de la C\u00f4te-d'Or - 21-2025-05-22-00009 - D\u00e9cision pr\u00e9fectorale de retrait de l'agr\u00e9ment du\nGAEC de la petite Dree 77\nConsid\u00e9rant les modifications suivantes :\n\u2022 Constatation du capital en euros,\n\u2022 R\u00e9duction de la valeur nominale de la part sociale,\n\u2022 Cessation d'activit\u00e9 de Monsieur Joseph POULLEAU et d\u00e9mission de ses fonctions de co-g\u00e9rant,\n\u2022 Annulation de parts sociales d\u00e9tenues par Monsieur Joseph POULLEAU,\n\u2022 R\u00e9duction du capital social avec retrait partiel d'actif,\n\u2022 Modifications statutaires corr\u00e9latives,\n\u2022 Transformation du GAEC en EARL,\n\u2022 Nouvelles r\u00e8gles statutaires,\n\u2022 Modification de la d\u00e9nomination sociale,\n\u2022 Pr\u00e9cision de l'adresse de si\u00e8ge social,\n\u2022 Confirmation de la g\u00e9rance,\n\u2022 Effets de la transformation,\n\u2022 Formalit\u00e9s \u00e0 accomplir.\nConsid\u00e9rant que ces modifications ont pour cons\u00e9quence la transformation du GAEC en EARL.\nLE PR\u00c9FET D\u00c9CIDE\nArticle 1 : L'agr\u00e9ment n\u00b0 918 en date du 28/04/1994 du GAEC DE LA PETITE DREE est retir\u00e9 \u00e0 compter \ndu 01/01/2025.\nArticle     2     :   La pr\u00e9sente d\u00e9cision est publi\u00e9e au recueil des actes administratifs des services de l'\u00c9tat de  \nla C\u00f4te-d'Or. Le groupement proc\u00e8de aux formalit\u00e9s de communication et de publication d'usage  \nconform\u00e9ment \u00e0 l'article R.323-23 du code rural et de la p\u00eache maritime. \nArticle 3     : d\u00e9lais et voies de recours\nCette d\u00e9cision peut \u00eatre contest\u00e9e dans les deux mois qui suivent sa notification par un recours  \nadministratif pr\u00e9alable obligatoire aupr\u00e8s du ministre charg\u00e9 de l'agriculture.  L'absence de r\u00e9ponse  \ndans un d\u00e9lai de deux mois faisant na\u00eetre une d\u00e9cision implicite de rejet qui peut elle-m\u00eame \u00eatre  \nd\u00e9f\u00e9r\u00e9e au tribunal administratif de Dijon dans les deux mois suivants. Le tribunal administratif peut  \n\u00eatre saisi par courrier (de pr\u00e9f\u00e9rence en recommand\u00e9 avec accus\u00e9 de r\u00e9ception) ou par la voie de  \nl'application \"TELERECOURS citoyens\" sur le site www. telerecours.fr.\nArticle 4     :   ex\u00e9cution\nMonsieur le secr\u00e9taire g\u00e9n\u00e9ral de la pr\u00e9fecture de la C\u00f4te-d'Or, Madame la directrice d\u00e9partementale  \ndes territoires de la C\u00f4te-d'Or sont charg\u00e9s, chacun en ce qui les concerne, de l'ex\u00e9cution de la  \npr\u00e9sente d\u00e9cision. \nPour le pr\u00e9fet et par subd\u00e9l\u00e9gation,\nLa cheffe du service \u00e9conomie agricole \net environnement des exploitations\n             SIGNE\nMarie KIENTZ\n2\nDirection d\u00e9partementale des territoires de la C\u00f4te-d'Or - 21-2025-05-22-00009 - D\u00e9cision pr\u00e9fectorale de retrait de l'agr\u00e9ment du\nGAEC de la petite Dree 78\nDirection d\u00e9partementale des territoires de la\nC\u00f4te-d'Or\nService \u00c9conomie Agricole et Environnement des\nExploitations\n21-2025-05-22-00008\nD\u00e9cision pr\u00e9fectorale de retrait de l'agr\u00e9ment du\nGAEC de la Rente de bray\nDirection d\u00e9partementale des territoires de la C\u00f4te-d'Or - 21-2025-05-22-00008 - D\u00e9cision pr\u00e9fectorale de retrait de l'agr\u00e9ment du\nGAEC de la Rente de bray 79\nDirection d\u00e9partementale des territoires\nde la C\u00f4te-d'Or\nService \u00c9conomie Agricole\net Environnement des Exploitations\nBureau foncier, exploitants et contr\u00f4les\nAffaire suivie par : Ingrid COUTANT\nT\u00e9l : 03 80 29 44 71\nm\u00e9l : ddt-modif-exploitation@cote-dor.gouv.fr Dijon le 22 mai 2025\nD\u00e9cision pr\u00e9fectorale de retrait de l'agr\u00e9ment\nd'un groupement agricole d'exploitation en commun\nLe Pr\u00e9fet de la C\u00f4te-d'Or\nVu le code rural et de la p\u00eache maritime et notamment les articles L. 323-1 et suivants, ainsi que les  \narticles R. 323-1 et suivants ;\nVu  le d\u00e9cret  du 10 octobre 2024 nommant Monsieur Paul MOURIER, pr\u00e9fet de r\u00e9gion Bourgogne-  \nFranche-Comt\u00e9, pr\u00e9fet de la C\u00f4te d'Or ;\nVu la loi n\u00b02014-1170 du 13 octobre 2014 d'avenir pour l'agriculture, l'alimentation et la for\u00eat ;\nVu le d\u00e9cret 2014-1515 du 15 d\u00e9cembre 2014, relatif aux conditions d'acc\u00e8s des groupements agricoles  \nd'exploitation en commun (GAEC) totaux aux aides de la politique agricole commune ;\nVu le  d\u00e9cret  n\u00b02015-215  du  25  f\u00e9vrier  2015  relatif  aux  conditions  et  modalit\u00e9s  d'agr\u00e9ment  des \ngroupements  agricoles  d'exploitation  en  commun  et  portant  diverses  dispositions  d'adaptation \nr\u00e9glementaire,\nVu le  d\u00e9cret  n\u00b02015-216  du  25  f\u00e9vrier  2015  relatif  \u00e0  l'agr\u00e9ment  en  tant  que  groupement  agricole \nd'exploitation en commun ;\nVu l'arr\u00eat\u00e9 minist\u00e9riel du 24 mars 2015, relatif aux statuts types des GAEC et au dossier de demande  \nd'agr\u00e9ment ;\nVu l'arr\u00eat\u00e9 pr\u00e9fectoral n\u00b0507/SG du 28 mars 2025  donnant d\u00e9l\u00e9gation de signature \u00e0  Mme Manuelle  \nDUPUY, directrice d\u00e9partementale des territoires de la C\u00f4te-d'Or ;\nVu l'arr\u00eat\u00e9  n\u00b0512  du  7  avril  2025 portant  subd\u00e9l\u00e9gation  de  signature  aux  agents  de  la  direction \nd\u00e9partementale des territoires de la C\u00f4te-d'Or ;\nVu  l'arr\u00eat\u00e9 pr\u00e9fectoral n\u00b0 359 du 15 f\u00e9vrier 2024 relatif \u00e0 la composition de la section sp\u00e9cialis\u00e9e \u00ab  \nstructures, \u00e9conomie et GAEC \u00bb de la Commission D\u00e9partementale d'Orientation de l'Agriculture de la  \nC\u00f4te d'Or ;\nVu les modifications statutaires d\u00e9pos\u00e9es par le GAEC DE LA RENTE DE BRAY sis 33 route de Troyes  \n21121 DAROIS, le 06/05/2025.\n1\nDirection d\u00e9partementale des territoires de la C\u00f4te-d'Or - 21-2025-05-22-00008 - D\u00e9cision pr\u00e9fectorale de retrait de l'agr\u00e9ment du\nGAEC de la Rente de bray 80\nConsid\u00e9rant les modifications suivantes :\n\u2022 Augmentation du capital social,\n\u2022 Agr\u00e9ment de deux nouveaux associ\u00e9s,\n\u2022 Transformation du groupement agricole d'exploitation en commun GAEC DE LA RENTE DE  \nBRAY en Soci\u00e9t\u00e9 Civile d'Exploitation Agricole,\n\u2022 Nomination de la g\u00e9rance,\n\u2022 Transfert du si\u00e8ge social de la soci\u00e9t\u00e9,\n\u2022 Accomplissement des formalit\u00e9s,\n\u2022 Pouvoirs pour l'accomplissement des formalit\u00e9s,\n\u2022 D\u00e9claration pour l'enregistrement.\nConsid\u00e9rant que ces modifications ont pour cons\u00e9quence la transformation du GAEC en SCEA.\nLE PR\u00c9FET D\u00c9CIDE\nArticle 1  : L' agr\u00e9ment n\u00b0 287  en date du  30/10/1979  du GAEC  DE LA RENTE DE BRAY  est retir\u00e9 \u00e0  \ncompter du 31/03/2025.\nArticle     2     :   La pr\u00e9sente d\u00e9cision est publi\u00e9e au recueil des actes administratifs des services de l'\u00c9tat de  \nla C\u00f4te-d'Or. Le groupement proc\u00e8de aux formalit\u00e9s de communication et de publication d'usage  \nconform\u00e9ment \u00e0 l'article R.323-23 du code rural et de la p\u00eache maritime. \nArticle 3     : d\u00e9lais et voies de recours\nCette d\u00e9cision peut \u00eatre contest\u00e9e dans les deux mois qui suivent sa notification par un recours  \nadministratif pr\u00e9alable obligatoire aupr\u00e8s du ministre charg\u00e9 de l'agriculture.  L'absence de r\u00e9ponse  \ndans un d\u00e9lai de deux mois faisant na\u00eetre une d\u00e9cision implicite de rejet qui peut elle-m\u00eame \u00eatre  \nd\u00e9f\u00e9r\u00e9e au tribunal administratif de Dijon dans les deux mois suivants. Le tribunal administratif peut  \n\u00eatre saisi par courrier (de pr\u00e9f\u00e9rence en recommand\u00e9 avec accus\u00e9 de r\u00e9ception) ou par la voie de  \nl'application \"TELERECOURS citoyens\" sur le site www. telerecours.fr.\nArticle 4     :   ex\u00e9cution\nMonsieur le secr\u00e9taire g\u00e9n\u00e9ral de la pr\u00e9fecture de la C\u00f4te-d'Or, Madame la directrice d\u00e9partementale  \ndes territoires de la C\u00f4te-d'Or sont charg\u00e9s, chacun en ce qui les concerne, de l'ex\u00e9cution de la  \npr\u00e9sente d\u00e9cision. \nPour le pr\u00e9fet et par subd\u00e9l\u00e9gation,\nLa cheffe du service \u00e9conomie agricole \net environnement des exploitations\n              \n             SIGNE\nMarie KIENTZ\n2\nDirection d\u00e9partementale des territoires de la C\u00f4te-d'Or - 21-2025-05-22-00008 - D\u00e9cision pr\u00e9fectorale de retrait de l'agr\u00e9ment du\nGAEC de la Rente de bray 81\nDirection d\u00e9partementale des territoires de la\nC\u00f4te-d'Or\nService \u00c9conomie Agricole et Environnement des\nExploitations\n21-2025-01-21-00010\nD\u00e9cision pr\u00e9fectorale de retrait de l'agr\u00e9ment du\nGAEC des Menclas\nDirection d\u00e9partementale des territoires de la C\u00f4te-d'Or - 21-2025-01-21-00010 - D\u00e9cision pr\u00e9fectorale de retrait de l'agr\u00e9ment du\nGAEC des Menclas 82\nDirection d\u00e9partementale des territoires\nde la C\u00f4te-d'Or\nService \u00c9conomie Agricole\net Environnement des Exploitations\nBureau foncier, exploitants et contr\u00f4les\nAffaire suivie par : Ingrid COUTANT\nT\u00e9l : 03 80 29 44 71\nm\u00e9l : ddt-modif-exploitation@cote-dor.gouv.fr Dijon, le 21/01/2025\nD\u00e9cision pr\u00e9fectorale de retrait de l'agr\u00e9ment\nd'un groupement agricole d'exploitation en commun\nLe Pr\u00e9fet de la C\u00f4te-d'Or\nVu le code rural et de la p\u00eache maritime et notamment les articles L. 323-1 et suivants, ainsi que les  \narticles R. 323-1 et suivants ;\nVu  le d\u00e9cret  du 10 octobre 2024 nommant Monsieur Paul MOURIER, pr\u00e9fet de r\u00e9gion Bourgogne-  \nFranche-Comt\u00e9, pr\u00e9fet de la C\u00f4te d'Or ;\nVu la loi n\u00b02014-1170 du 13 octobre 2014 d'avenir pour l'agriculture, l'alimentation et la for\u00eat ;\nVu le d\u00e9cret 2014-1515 du 15 d\u00e9cembre 2014, relatif aux conditions d'acc\u00e8s des groupements agricoles  \nd'exploitation en commun (GAEC) totaux aux aides de la politique agricole commune ;\nVu le  d\u00e9cret  n\u00b02015-215  du  25  f\u00e9vrier  2015  relatif  aux  conditions  et  modalit\u00e9s  d'agr\u00e9ment  des \ngroupements  agricoles  d'exploitation  en  commun  et  portant  diverses  dispositions  d'adaptation \nr\u00e9glementaire,\nVu le  d\u00e9cret  n\u00b02015-216  du  25  f\u00e9vrier  2015  relatif  \u00e0  l'agr\u00e9ment  en  tant  que  groupement  agricole \nd'exploitation en commun ;\nVu l'arr\u00eat\u00e9 minist\u00e9riel du 24 mars 2015, relatif aux statuts types des GAEC et au dossier de demande  \nd'agr\u00e9ment ;\nVu l'arr\u00eat\u00e9 pr\u00e9fectoral n\u00b01659/SG du 29 octobre 2024 donnant d\u00e9l\u00e9gation de signature \u00e0 Mme Florence \nLAUBIER, directrice d\u00e9partementale des territoires de la C\u00f4te-d'Or ;\nVu l'arr\u00eat\u00e9 n\u00b0 1660 du 30 octobre 2024 portant d\u00e9l\u00e9gation de signature aux agents de la direction  \nd\u00e9partementale des territoires de la C\u00f4te-d'Or ;\nVu  l'arr\u00eat\u00e9 pr\u00e9fectoral n\u00b0 359 du 15 f\u00e9vrier 2024 relatif \u00e0 la composition de la section sp\u00e9cialis\u00e9e \u00ab  \nstructures, \u00e9conomie et GAEC \u00bb de la Commission D\u00e9partementale d'Orientation de l'Agriculture de la  \nC\u00f4te d'Or ;\nVu les modifications statutaires d\u00e9pos\u00e9es par le GAEC DES MENCLAS sis Meursauges 21450 AMPILLY  \nLES BORDES, le 27/11/2024\n1\nDirection d\u00e9partementale des territoires de la C\u00f4te-d'Or - 21-2025-01-21-00010 - D\u00e9cision pr\u00e9fectorale de retrait de l'agr\u00e9ment du\nGAEC des Menclas 83\nConsid\u00e9rant les modifications suivantes :\n\u2022 Transformation du GAEC en EARL,\n\u2022 Nouvelles r\u00e8gles statutaires,\n\u2022 Modification de la d\u00e9nomination sociale,\n\u2022 Confirmation de la g\u00e9rance,\n\u2022 Effets de la transformation,\n\u2022 Formalit\u00e9s \u00e0 accomplir.\nConsid\u00e9rant que ces modifications ont pour cons\u00e9quence la transformation du GAEC en EARL.\nLE PR\u00c9FET D\u00c9CIDE\nArticle 1 : L'agr\u00e9ment n\u00b0 1151 en date du 17/02/2004 du  GAEC DES MENCLAS est retir\u00e9 \u00e0 compter du  \n01/11/2024.\nArticle     2     :   La pr\u00e9sente d\u00e9cision est publi\u00e9e au recueil des actes administratifs des services de l'\u00c9tat de  \nla C\u00f4te-d'Or. Le groupement proc\u00e8de aux formalit\u00e9s de communication et de publication d'usage  \nconform\u00e9ment \u00e0 l'article R.323-23 du code rural et de la p\u00eache maritime. \nArticle 3     : d\u00e9lais et voies de recours\nCette d\u00e9cision peut \u00eatre contest\u00e9e dans les deux mois qui suivent sa notification par un recours  \nadministratif pr\u00e9alable obligatoire aupr\u00e8s du ministre charg\u00e9 de l'agriculture.  L'absence de r\u00e9ponse  \ndans un d\u00e9lai de deux mois faisant na\u00eetre une d\u00e9cision implicite de rejet qui peut elle-m\u00eame \u00eatre  \nd\u00e9f\u00e9r\u00e9e au tribunal administratif de Dijon dans les deux mois suivants. Le tribunal administratif peut  \n\u00eatre saisi par courrier (de pr\u00e9f\u00e9rence en recommand\u00e9 avec accus\u00e9 de r\u00e9ception) ou par la voie de  \nl'application \"TELERECOURS citoyens\" sur le site www. telerecours.fr.\nArticle 4     :   ex\u00e9cution\nMonsieur le secr\u00e9taire g\u00e9n\u00e9ral de la pr\u00e9fecture de la C\u00f4te-d'Or, Madame la directrice d\u00e9partementale  \ndes territoires de la C\u00f4te-d'Or sont charg\u00e9s, chacun en ce qui les concerne, de l'ex\u00e9cution de la  \npr\u00e9sente d\u00e9cision. \nPour le pr\u00e9fet et par subd\u00e9l\u00e9gation,\nLa cheffe du service \u00e9conomie agricole \net environnement des exploitations\n               SIGNE\nMarie KIENTZ\n2\nDirection d\u00e9partementale des territoires de la C\u00f4te-d'Or - 21-2025-01-21-00010 - D\u00e9cision pr\u00e9fectorale de retrait de l'agr\u00e9ment du\nGAEC des Menclas 84\nDirection d\u00e9partementale des territoires de la\nC\u00f4te-d'Or\nService \u00c9conomie Agricole et Environnement des\nExploitations\n21-2025-04-24-00005\nD\u00e9cision pr\u00e9fectorale de retrait de l'agr\u00e9ment du\nGAEC les cordins\nDirection d\u00e9partementale des territoires de la C\u00f4te-d'Or - 21-2025-04-24-00005 - D\u00e9cision pr\u00e9fectorale de retrait de l'agr\u00e9ment du\nGAEC les cordins 85\nDirection d\u00e9partementale des territoires\nde la C\u00f4te-d'Or\nService \u00c9conomie Agricole\net Environnement des Exploitations\nBureau foncier, exploitants et contr\u00f4les\nAffaire suivie par : Ingrid COUTANT\nT\u00e9l : 03 80 29 44 71\nm\u00e9l : ddt-modif-exploitation@cote-dor.gouv.fr Dijon, le 24 avril 2025\nD\u00e9cision pr\u00e9fectorale de retrait de l'agr\u00e9ment\nd'un groupement agricole d'exploitation en commun\nLe Pr\u00e9fet de la C\u00f4te-d'Or\nVu le code rural et de la p\u00eache maritime et notamment les articles L. 323-1 et suivants, ainsi que les  \narticles R. 323-1 et suivants ;\nVu  le d\u00e9cret  du 10 octobre 2024 nommant Monsieur Paul MOURIER, pr\u00e9fet de r\u00e9gion Bourgogne-  \nFranche-Comt\u00e9, pr\u00e9fet de la C\u00f4te d'Or ;\nVu la loi n\u00b02014-1170 du 13 octobre 2014 d'avenir pour l'agriculture, l'alimentation et la for\u00eat ;\nVu le d\u00e9cret 2014-1515 du 15 d\u00e9cembre 2014, relatif aux conditions d'acc\u00e8s des groupements agricoles  \nd'exploitation en commun (GAEC) totaux aux aides de la politique agricole commune ;\nVu le  d\u00e9cret  n\u00b02015-215  du  25  f\u00e9vrier  2015  relatif  aux  conditions  et  modalit\u00e9s  d'agr\u00e9ment  des \ngroupements  agricoles  d'exploitation  en  commun  et  portant  diverses  dispositions  d'adaptation \nr\u00e9glementaire,\nVu le  d\u00e9cret  n\u00b02015-216  du  25  f\u00e9vrier  2015  relatif  \u00e0  l'agr\u00e9ment  en  tant  que  groupement  agricole \nd'exploitation en commun ;\nVu l'arr\u00eat\u00e9 minist\u00e9riel du 24 mars 2015, relatif aux statuts types des GAEC et au dossier de demande  \nd'agr\u00e9ment ;\nVu l'arr\u00eat\u00e9 pr\u00e9fectoral n\u00b0507/SG du 28 mars 2025  donnant d\u00e9l\u00e9gation de signature \u00e0  Mme Manuelle  \nDUPUY, directrice d\u00e9partementale des territoires de la C\u00f4te-d'Or ;\nVu l'arr\u00eat\u00e9  n\u00b0512  du  7  avril  2025 portant  subd\u00e9l\u00e9gation  de  signature  aux  agents  de  la  direction \nd\u00e9partementale des territoires de la C\u00f4te-d'Or ;\nVu l'arr\u00eat\u00e9 pr\u00e9fectoral n\u00b0 359 du 15 f\u00e9vrier 2024 relatif \u00e0 la composition de la section sp\u00e9cialis\u00e9e \u00ab \nstructures, \u00e9conomie et GAEC \u00bb de la Commission D\u00e9partementale d'Orientation de l'Agriculture de la \nC\u00f4te d'Or ;\nConsid\u00e9rant l'avis de d\u00e9c\u00e8s du 03/02/2024 de Michel BOUSSARD, associ\u00e9  d\u00e9c\u00e9d\u00e9 le 02/02/2024  du \nGAEC LES CORDINS sis Les Cordins 21210 SAINT DIDIER ;\nConsid\u00e9rant la proc\u00e9dure contradictoire du 11/02/2025 ;\nConsid\u00e9rant les  observations  orales  formul\u00e9es  le  17/02/2025  dans  le  cadre  de  la  proc\u00e9dure \ncontradictoire ;\nConsid\u00e9rant l'avis de la CDOA du 17/04/2025; \nDirection d\u00e9partementale des territoires de la C\u00f4te-d'Or - 21-2025-04-24-00005 - D\u00e9cision pr\u00e9fectorale de retrait de l'agr\u00e9ment du\nGAEC les cordins 86\nConstate que le GAEC LES CORDINS ne fonctionne plus conform\u00e9ment aux dispositions du code rural  \net de la p\u00eache maritime sus-mentionn\u00e9es ;\nConsid\u00e9rant que ces modifications ont pour cons\u00e9quence le retrait d'agr\u00e9ment du GAEC.\nLE PR\u00c9FET D\u00c9CIDE\nArticle 1  : L'agr\u00e9ment n\u00b0 1226  en date du 06/06/2013 du  GAEC LES CORDINS est retir\u00e9 \u00e0 compter du  \n02/02/2024.\nArticle     2     :   La pr\u00e9sente d\u00e9cision est publi\u00e9e au recueil des actes administratifs des services de l'\u00c9tat de  \nla C\u00f4te-d'Or. Le groupement proc\u00e8de aux formalit\u00e9s de communication et de publication d'usage  \nconform\u00e9ment \u00e0 l'article R.323-23 du code rural et de la p\u00eache maritime. \nArticle 3     : d\u00e9lais et voies de recours\nCette d\u00e9cision peut \u00eatre contest\u00e9e dans les deux mois qui suivent sa notification par un recours  \nadministratif pr\u00e9alable obligatoire aupr\u00e8s du ministre charg\u00e9 de l'agriculture.  L'absence de r\u00e9ponse  \ndans un d\u00e9lai de deux mois faisant na\u00eetre une d\u00e9cision implicite de rejet qui peut elle-m\u00eame \u00eatre  \nd\u00e9f\u00e9r\u00e9e au tribunal administratif de Dijon dans les deux mois suivants. Le tribunal administratif peut  \n\u00eatre saisi par courrier (de pr\u00e9f\u00e9rence en recommand\u00e9 avec accus\u00e9 de r\u00e9ception) ou par la voie de  \nl'application \"TELERECOURS citoyens\" sur le site www. telerecours.fr.\nArticle 4     :   ex\u00e9cution\nMonsieur le secr\u00e9taire g\u00e9n\u00e9ral de la pr\u00e9fecture de la C\u00f4te-d'Or, Madame la directrice d\u00e9partementale  \ndes territoires de la C\u00f4te-d'Or sont charg\u00e9s, chacun en ce qui les concerne, de l'ex\u00e9cution de la  \npr\u00e9sente d\u00e9cision. \nPour le pr\u00e9fet et par subd\u00e9l\u00e9gation,\nLa cheffe du service \u00e9conomie agricole \net environnement des exploitations\n              SIGNE\nMarie KIENTZ\nDirection d\u00e9partementale des territoires de la C\u00f4te-d'Or - 21-2025-04-24-00005 - D\u00e9cision pr\u00e9fectorale de retrait de l'agr\u00e9ment du\nGAEC les cordins 87\nDirection d\u00e9partementale des territoires de la\nC\u00f4te-d'Or\nService \u00c9conomie Agricole et Environnement des\nExploitations\n21-2025-06-17-00003\nD\u00e9cision pr\u00e9fectorale de retrait de l'agr\u00e9ment du\nGAEC NEAULT\nDirection d\u00e9partementale des territoires de la C\u00f4te-d'Or - 21-2025-06-17-00003 - D\u00e9cision pr\u00e9fectorale de retrait de l'agr\u00e9ment du\nGAEC NEAULT 88\nDirection d\u00e9partementale des territoires\nde la C\u00f4te-d'Or\nService \u00c9conomie Agricole\net Environnement des Exploitations\nBureau Foncier, exploitants et contr\u00f4les\nAffaire suivie par : Olivia PREIRA\nT\u00e9l : 03 80 29 43 52\nm\u00e9l : ddt-modif-exploitation@cote-dor.gouv.fr Dijon, le 17 juin 2025\nD\u00e9cision pr\u00e9fectorale de retrait de l'agr\u00e9ment\nd'un groupement agricole d'exploitation en commun\nLe Pr\u00e9fet de la C\u00f4te-d'Or\nVu la loi n\u00b02014-1170 du 13 octobre 2014 d'avenir pour l'agriculture, l'alimentation et la for\u00eat ;\nVu le code rural et de la p\u00eache maritime et notamment les articles L. 323-1 et suivants, ainsi que les  \narticles R. 323-1 et suivants ;\nVu le d\u00e9cret 2014-1515 du 15 d\u00e9cembre 2014, relatif aux conditions d'acc\u00e8s des groupements agricoles  \nd'exploitation en commun (GAEC) totaux aux aides de la politique agricole commune ;\nVu le  d\u00e9cret  n\u00b02015-215  du  25  f\u00e9vrier  2015  relatif  aux  conditions  et  modalit\u00e9s  d'agr\u00e9ment  des \ngroupements  agricoles  d'exploitation  en  commun  et  portant  diverses  dispositions  d'adaptation \nr\u00e9glementaire,\nVu le  d\u00e9cret  n\u00b02015-216  du  25  f\u00e9vrier  2015  relatif  \u00e0  l'agr\u00e9ment  en  tant  que  groupement  agricole \nd'exploitation en commun ;\nVu l'arr\u00eat\u00e9 minist\u00e9riel du 24 mars 2015, relatif aux statuts types des GAEC et au dossier de demande  \nd'agr\u00e9ment ;\nVu l'arr\u00eat\u00e9 pr\u00e9fectoral n\u00b0507/SG du 28 mars 2025  donnant d\u00e9l\u00e9gation de signature \u00e0  Mme Manuelle  \nDUPUY, directrice d\u00e9partementale des territoires de la C\u00f4te-d'Or ;\nVu l'arr\u00eat\u00e9  n\u00b0512  du  7  avril  2025 portant  subd\u00e9l\u00e9gation  de  signature  aux  agents  de  la  direction \nd\u00e9partementale des territoires de la C\u00f4te-d'Or ;\nVu l'arr\u00eat\u00e9  pr\u00e9fectoral  n\u00b0359  du  15  f\u00e9vrier  2024  relatif  \u00e0  la  composition  de  la  section  sp\u00e9cialis\u00e9e \n\u00ab structures, \u00e9conomie et GAEC \u00bb de la Commission d\u00e9partementale d'Orientation de l'Agriculture,\nVu la proc\u00e9dure contradictoire pr\u00e9alable au retrait de l'agr\u00e9ment du GAEC du 21 janvier 2025 ;\nVu l'avis de la section sp\u00e9cialis\u00e9e \u00ab structures, \u00e9conomie et GAEC \u00bb de la Commission d\u00e9partementale  \nd'Orientation de l'Agriculture du 17 avril 2025,\nConsid\u00e9rant:\n-l'absence de r\u00e9ponse du GAEC \u00e0 la mise en demeure du 15 juillet 2024;\n-l'absence de r\u00e9ponse du GAEC \u00e0 la proc\u00e9dure contradictoire du retrait de la transparence du 21 janvier \n2025;\n-l'absence de remise en conformit\u00e9 des conditions de fonctionnement du GAEC;\n-l'absence de r\u00e9ponse du GAEC \u00e0 la proc\u00e9dure contradictoire du retrait de l'agr\u00e9ment du 22 mai 2025.\n1\nDirection d\u00e9partementale des territoires de la C\u00f4te-d'Or - 21-2025-06-17-00003 - D\u00e9cision pr\u00e9fectorale de retrait de l'agr\u00e9ment du\nGAEC NEAULT 89\nLE PR\u00c9FET D\u00c9CIDE\nArticle 1 : L'agr\u00e9ment n\u00b0951 en date du 13 d\u00e9cembre 1995 du GAEC NEAULT est retir\u00e9 \u00e0 compter de ce \njour.\nArticle     2     :   La pr\u00e9sente d\u00e9cision est publi\u00e9e au recueil des actes administratifs des services de l'\u00c9tat de  \nla C\u00f4te-d'Or. Le groupement proc\u00e8de aux formalit\u00e9s de communication et de publication d'usage  \nconform\u00e9ment \u00e0 l'article R.323-23 du code rural et de la p\u00eache maritime. \nArticle 3     : d\u00e9lais et voies de recours\nCette d\u00e9cision peut \u00eatre contest\u00e9e dans les deux mois qui suivent sa notification par un recours  \nadministratif pr\u00e9alable obligatoire aupr\u00e8s du ministre charg\u00e9 de l'agriculture.  L'absence de r\u00e9ponse  \ndans un d\u00e9lai de deux mois faisant na\u00eetre une d\u00e9cision implicite de rejet qui peut elle-m\u00eame \u00eatre  \nd\u00e9f\u00e9r\u00e9e au tribunal administratif de Dijon dans les deux mois suivants. Le tribunal administratif peut  \n\u00eatre saisi par courrier (de pr\u00e9f\u00e9rence en recommand\u00e9 avec accus\u00e9 de r\u00e9ception) ou par la voie de  \nl'application \"TELERECOURS citoyens\" sur le site www. telerecours.fr.\nArticle 4     :   ex\u00e9cution\nMonsieur le secr\u00e9taire g\u00e9n\u00e9ral de la pr\u00e9fecture de la C\u00f4te-d'Or, Madame la directrice d\u00e9partementale  \ndes territoires de la C\u00f4te-d'Or sont charg\u00e9s, chacun en ce qui les concerne, de l'ex\u00e9cution de la  \npr\u00e9sente d\u00e9cision. \nPour le pr\u00e9fet et par subd\u00e9l\u00e9gation,\nLa cheffe du service \u00e9conomie agricole \net environnement des exploitations\n               SIGNE\nMarie KIENTZ\n2\nDirection d\u00e9partementale des territoires de la C\u00f4te-d'Or - 21-2025-06-17-00003 - D\u00e9cision pr\u00e9fectorale de retrait de l'agr\u00e9ment du\nGAEC NEAULT 90\nDirection d\u00e9partementale des territoires de la\nC\u00f4te-d'Or\nService \u00c9conomie Agricole et Environnement des\nExploitations\n21-2025-04-14-00012\nD\u00e9cision pr\u00e9fectorale de retrait de l'agr\u00e9ment du\nGAEC NIOT\nDirection d\u00e9partementale des territoires de la C\u00f4te-d'Or - 21-2025-04-14-00012 - D\u00e9cision pr\u00e9fectorale de retrait de l'agr\u00e9ment du\nGAEC NIOT 91\nDirection d\u00e9partementale des territoires\nde la C\u00f4te-d'Or\nService \u00c9conomie Agricole\net Environnement des Exploitations\nBureau foncier, exploitants et contr\u00f4les\nAffaire suivie par : Ingrid COUTANT\nT\u00e9l : 03 80 29 44 71\nm\u00e9l : ddt-modif-exploitation@cote-dor.gouv.fr Dijon le 14/04/2025\nD\u00e9cision pr\u00e9fectorale de retrait de l'agr\u00e9ment\nd'un groupement agricole d'exploitation en commun\nLe Pr\u00e9fet de la C\u00f4te-d'Or\nVu le code rural et de la p\u00eache maritime et notamment les articles L. 323-1 et suivants, ainsi que les  \narticles R. 323-1 et suivants ;\nVu  le d\u00e9cret  du 10 octobre 2024 nommant Monsieur Paul MOURIER, pr\u00e9fet de r\u00e9gion Bourgogne-  \nFranche-Comt\u00e9, pr\u00e9fet de la C\u00f4te d'Or ;\nVu la loi n\u00b02014-1170 du 13 octobre 2014 d'avenir pour l'agriculture, l'alimentation et la for\u00eat ;\nVu le d\u00e9cret 2014-1515 du 15 d\u00e9cembre 2014, relatif aux conditions d'acc\u00e8s des groupements agricoles  \nd'exploitation en commun (GAEC) totaux aux aides de la politique agricole commune ;\nVu le  d\u00e9cret  n\u00b02015-215  du  25  f\u00e9vrier  2015  relatif  aux  conditions  et  modalit\u00e9s  d'agr\u00e9ment  des \ngroupements  agricoles  d'exploitation  en  commun  et  portant  diverses  dispositions  d'adaptation \nr\u00e9glementaire,\nVu le  d\u00e9cret  n\u00b02015-216  du  25  f\u00e9vrier  2015  relatif  \u00e0  l'agr\u00e9ment  en  tant  que  groupement  agricole \nd'exploitation en commun ;\nVu l'arr\u00eat\u00e9 minist\u00e9riel du 24 mars 2015, relatif aux statuts types des GAEC et au dossier de demande  \nd'agr\u00e9ment ;\nVu l'arr\u00eat\u00e9 n\u00b0 75 / SG du 14 janvier 2025 donnant d\u00e9l\u00e9gation de signature \u00e0 Mme Nadine Muckensturm,  \ndirectrice d\u00e9partementale des territoires de la C\u00f4te-d'Or par int\u00e9rim ;\nVu  l'arr\u00eat\u00e9 n\u00b0 379 du 6 mars 2025 portant subd\u00e9l\u00e9gation de signature aux agents de la direction  \nd\u00e9partementale des territoires de C\u00f4te-d'Or ;\nVu  l'arr\u00eat\u00e9 pr\u00e9fectoral n\u00b0 359 du 15 f\u00e9vrier 2024 relatif \u00e0 la composition de la section sp\u00e9cialis\u00e9e \u00ab  \nstructures, \u00e9conomie et GAEC \u00bb de la Commission D\u00e9partementale d'Orientation de l'Agriculture de la  \nC\u00f4te d'Or ;\nVu les modifications statutaires d\u00e9pos\u00e9es par le GAEC NIOT sis 21820 CHIVRES, le 17/02/2025.\n1\nDirection d\u00e9partementale des territoires de la C\u00f4te-d'Or - 21-2025-04-14-00012 - D\u00e9cision pr\u00e9fectorale de retrait de l'agr\u00e9ment du\nGAEC NIOT 92\nConsid\u00e9rant les modifications suivantes :\n\uf02d Cessation d'activit\u00e9 de Christine NIOT ;\n\uf02d transformation du GAEC en SCEA ;\n\uf02d nouvelles r\u00e8gles statutaires ;\n\uf02d modification de la d\u00e9nomination sociale ;\n\uf02d nomination de la g\u00e9rance ;\n\uf02d effets de la transformation ;\n\uf02d formalit\u00e9s \u00e0 accomplir.\nConsid\u00e9rant que ces modifications ont pour cons\u00e9quence la transformation du GAEC en SCEA.\nLE PR\u00c9FET D\u00c9CIDE\nArticle 1 : L'agr\u00e9ment n\u00b0 468 en date du 30/03/1982 du GAEC NIOT est retir\u00e9 \u00e0 compter du 01/01/2025.\nArticle     2     :   La pr\u00e9sente d\u00e9cision est publi\u00e9e au recueil des actes administratifs des services de l'\u00c9tat de  \nla C\u00f4te-d'Or. Le groupement proc\u00e8de aux formalit\u00e9s de communication et de publication d'usage  \nconform\u00e9ment \u00e0 l'article R.323-23 du code rural et de la p\u00eache maritime. \nArticle 3     : d\u00e9lais et voies de recours\nCette d\u00e9cision peut \u00eatre contest\u00e9e dans les deux mois qui suivent sa notification par un recours  \nadministratif pr\u00e9alable obligatoire aupr\u00e8s du ministre charg\u00e9 de l'agriculture.  L'absence de r\u00e9ponse  \ndans un d\u00e9lai de deux mois faisant na\u00eetre une d\u00e9cision implicite de rejet qui peut elle-m\u00eame \u00eatre  \nd\u00e9f\u00e9r\u00e9e au tribunal administratif de Dijon dans les deux mois suivants. Le tribunal administratif peut  \n\u00eatre saisi par courrier (de pr\u00e9f\u00e9rence en recommand\u00e9 avec accus\u00e9 de r\u00e9ception) ou par la voie de  \nl'application \"TELERECOURS citoyens\" sur le site www. telerecours.fr.\nArticle 4     :   ex\u00e9cution\nMonsieur le secr\u00e9taire g\u00e9n\u00e9ral de la pr\u00e9fecture de la C\u00f4te-d'Or, Madame la directrice d\u00e9partementale  \ndes territoires de la C\u00f4te-d'Or sont charg\u00e9s, chacun en ce qui les concerne, de l'ex\u00e9cution de la  \npr\u00e9sente d\u00e9cision. \nPour le pr\u00e9fet et par subd\u00e9l\u00e9gation,\nLa cheffe du service \u00e9conomie agricole \net environnement des exploitations\n              SIGNE\nMarie KIENTZ\n2\nDirection d\u00e9partementale des territoires de la C\u00f4te-d'Or - 21-2025-04-14-00012 - D\u00e9cision pr\u00e9fectorale de retrait de l'agr\u00e9ment du\nGAEC NIOT 93\nDirection d\u00e9partementale des territoires de la\nC\u00f4te-d'Or\nService Pr\u00e9servation et Am\u00e9nagement de\nl'Espace (SPAE)\n21-2025-09-10-00001\nArr\u00eat\u00e9 pr\u00e9fectoral du 10 septembre 2025\nportant renouvellement de l'agr\u00e9ment de\nl'association les Amis de la terre C\u00f4te-d'Or\nau titre de la protection de l'environnement\nDirection d\u00e9partementale des territoires de la C\u00f4te-d'Or - 21-2025-09-10-00001 - Arr\u00eat\u00e9 pr\u00e9fectoral du 10 septembre 2025\nportant renouvellement de l'agr\u00e9ment de l'association les Amis de la terre C\u00f4te-d'Or\nau titre de la protection de l'environnement\n94\nExPREFETDE LACOTE-D'ORL,z'bert\u00e9Egalit\u00e9Fraternit\u00e9\nDirection d\u00e9partementale des territoires\nde la C\u00f4te-d'Or\nArr\u00eat\u00e9 pr\u00e9fectoral du 10 septembre 2025\nportant renouvellement de l'agr\u00e9ment de l'association \nles Amis de la terre C\u00f4te-d'Or\nau titre de la protection de l'environnement\nLe pr\u00e9fet de la C\u00f4te-d'Or\nVU le code de l'environnement et notamment ses articles L.141-1 et suivants et R. 141-1 et suivants ;\nVU l'arr\u00eat\u00e9 minist\u00e9riel du 12 juillet 2011 relatif \u00e0 la composition du dossier de demande d'agr\u00e9ment  \nau titre de la protection de l'environnement, du dossier de renouvellement de l'agr\u00e9ment et \u00e0 la  \nliste des documents \u00e0 fournir annuellement ;\nVU le courrier de la Direction d\u00e9partementale des territoires de la C\u00f4te-d'Or du 19 janvier 2021  \nnotifiant une d\u00e9cision implicite d'agr\u00e9ment \u00e0 compter du 24 d\u00e9cembre 2020 pour une p\u00e9riode de  \ncinq ans ;\nVU la demande d\u00e9clar\u00e9e compl\u00e8te le 5 mai 2025 par laquelle l'a ssociation Les Amis de la terre  \nC\u00f4te-d'Or sollicite le renouvellement de son agr\u00e9ment dans un cadre d\u00e9partemental ;\nVU l'avis favorable implicite du Procureur de la R\u00e9publique pr\u00e8s le Tribunal judiciaire de Dijon en  \ndate du 6 juillet 2025 ;\nVU l'avis favorable de la direction r\u00e9gionale de l'environnement, de l'am\u00e9nagement et du logement  \nde Bourgogne-Franche-Comt\u00e9 du 3 juillet 2025 ;\nCONSIDERANT  que l'as sociation Les Amis de la terre C\u00f4te-d'Or  remplit le crit\u00e8re d'anciennet\u00e9  \nn\u00e9cessaire et que, par son objet statutaire, rel\u00e8ve d'un des domaines mentionn\u00e9s \u00e0 l'article L.141-1  \ndu code de l'environnement pour solliciter l'agr\u00e9ment au titre de la protection de l'environnement ;\nCONSIDERANT qu'une association agr\u00e9\u00e9e doit, au regard de l'article R.141-2, alin\u00e9as 2\u00b0 \u00e0 5\u00b0, du  \ncode de l'environnement, disposer d'un nombre suffisant de membres eu \u00e9gard au cadre territorial  \nde  son  activit\u00e9,  de  l'exercice  d'une  activit\u00e9  non  lucrative  et  d'une  gestion  d\u00e9sint\u00e9ress\u00e9e,  d'un \nfonctionnement  conforme  \u00e0  ses  statuts,  de  garanties  de  r\u00e9gularit\u00e9  en  mati\u00e8re  financi\u00e8re  et \ncomptable;\nCONSIDERANT que l'association Les Amis de la terre C\u00f4te-d'Or remplit ces conditions ;\nSUR proposition de Madame la directrice d\u00e9partementale des territoires ;\nDirection d\u00e9partementale des territoires de la C\u00f4te-d'Or - 21-2025-09-10-00001 - Arr\u00eat\u00e9 pr\u00e9fectoral du 10 septembre 2025\nportant renouvellement de l'agr\u00e9ment de l'association les Amis de la terre C\u00f4te-d'Or\nau titre de la protection de l'environnement\n95\nA R R E T E\nArticle 1  er  \nL'association Les Amis de la terre C\u00f4te-d'Or, dont le si\u00e8ge se situe Maison des associations, 2 rue des \nCorroyeurs, 21068 Dijon Cedex, est agr\u00e9\u00e9e au titre de l'article L.141-1 du code de l'environnement.\nArticle 2\nLe pr\u00e9sent agr\u00e9ment est accord\u00e9 dans un cadre d\u00e9partemental pour une dur\u00e9e de 5 ans \u00e0 compter  \ndu 24 d\u00e9cembre 2025, terme de l'agr\u00e9ment en cours.\nArticle 3\nLe pr\u00e9sent arr\u00eat\u00e9 peut faire l'objet d'un recours contentieux devant le tribunal administratif de  \nDijon  \u2013 22  rue  d'Assas,  21000  DIJON  - dans  un  d\u00e9lai  de  deux  mois  \u00e0 compter  de  sa  date  de \npublication au recueil des actes administratifs. \nLe tribunal administratif peut \u00eatre saisi par un recours d\u00e9pos\u00e9 via l'application T\u00e9l\u00e9recours citoyens \naccessible par le site internet \u00ab www.telerecours.fr \u00bb.\nArticle 4\nM. le secr\u00e9taire g\u00e9n\u00e9ral de la pr\u00e9fecture de la C\u00f4te-d'Or et Mme la directrice d\u00e9partementale des  \nterritoires sont charg\u00e9s de l'ex\u00e9cution du pr\u00e9sent arr\u00eat\u00e9  qui sera notifi\u00e9 \u00e0 l 'association Les Amis de  \nla terre C\u00f4te-d'Or, transmis pour information au greffe du tribunal judiciaire int\u00e9ress\u00e9 et publi\u00e9 au \nrecueil des actes administratifs de la pr\u00e9fecture de la C\u00f4te-d'Or.\nFait \u00e0 Dijon, le 10 septembre 2025\nLe pr\u00e9fet,\nSign\u00e9 : Paul MOURIER\nDirection d\u00e9partementale des territoires de la C\u00f4te-d'Or - 21-2025-09-10-00001 - Arr\u00eat\u00e9 pr\u00e9fectoral du 10 septembre 2025\nportant renouvellement de l'agr\u00e9ment de l'association les Amis de la terre C\u00f4te-d'Or\nau titre de la protection de l'environnement\n96\nDirection d\u00e9partementale des territoires de la\nC\u00f4te-d'Or\nService S\u00e9curit\u00e9 et Education Routi\u00e8re\n21-2025-09-09-00008\nAP 1388 20250909 RAA M274\nExerciceAnnuelTunnelTalant\nDirection d\u00e9partementale des territoires de la C\u00f4te-d'Or - 21-2025-09-09-00008 - AP 1388 20250909 RAA M274\nExerciceAnnuelTunnelTalant 97\nExPREFETDE LACOTE-D'ORL,z'berte'Egalit\u00e9Fraternit\u00e9\nDirection d\u00e9partementale des territoires\nde la C\u00f4te-d'Or\nService de la S\u00e9curit\u00e9 et de l'\u00c9ducation Routi\u00e8re\nBureau de la S\u00e9curit\u00e9 Routi\u00e8re\n Dijon, le 9 septembre 2025 \nArr\u00eat\u00e9 N\u00b0 1388\nportant r\u00e9glementation temporaire de la circulation pour la r\u00e9alisation de l'exercice annuel \ndu tunnel de Talant entra\u00eenant des fermetures d'axes, dans les 2 sens de circulation du \nPR13+200 au PR18+300, sur les communes de Longvic, Dijon, Ruffey-les-Echirey, Ahuy, \nFontaine-les-Dijon, Daix, Talant, Plombi\u00e8res-les-Dijon et Saint-Apollinaire.\nLe pr\u00e9fet de la C\u00f4te-d'Or\nVU le Code de la Route ;\nVU le Code de la Voirie Routi\u00e8re ;\nVU la loi n\u00b02022-217 du 21 f\u00e9vrier 2022 relative \u00e0 la diff\u00e9renciation, la d\u00e9centralisation, la  \nd\u00e9concentration et portant diverses mesures de simplification de l'action publique locale ;\nVU le d\u00e9cret en Conseil d'\u00c9tat du 6 f\u00e9vrier 1980 d\u00e9clarant d'utilit\u00e9 publique la construction \nde la rocade Est de Dijon et lui conf\u00e9rant le statut de route express ;\nVU le d\u00e9cret 2009- 615 du 3 juin 2009 modifi\u00e9, fixant la liste des routes class\u00e9es \u00e0 grande  \ncirculation ;\nVU le d\u00e9cret n\u00b02022-459 du 30 mars 2022 fixant la liste des voies non conc\u00e9d\u00e9es du  \ndomaine  public  routier  national  qui  peuvent  \u00eatre  transf\u00e9r\u00e9es  aux  d\u00e9partements  et \nm\u00e9tropoles ou mises \u00e0 disposition des r\u00e9gions dans les conditions pr\u00e9vues aux articles 38  \net 40 de la loi n\u00b02022-217 du 21 f\u00e9vrier 2022 ;\nVU le d\u00e9cret du 10 octobre 2024 nommant Paul MOURIER, pr\u00e9fet de la r\u00e9gion Bourgogne-\nFranche-Comt\u00e9, pr\u00e9fet de la C\u00f4te-d'Or ;\nVU  l'arr\u00eat\u00e9 interminist\u00e9riel du 24 novembre 1967 modifi\u00e9, relatif \u00e0 la signalisation des  \nroutes et autoroutes ;\nVU  l'arr\u00eat\u00e9 interminist\u00e9riel du 6 novembre 1992 modifi\u00e9, approuvant les dispositions de  \nl'instruction interminist\u00e9rielle sur la signalisation routi\u00e8re ;\nVU  l'arr\u00eat\u00e9  pr\u00e9fectoral  n\u00b021-2023-05-02-00002  du  2  mai  2023  relatif  au  transfert  \u00e0  la \nM\u00e9tropole de Dijon de sections de routes et autoroutes class\u00e9es dans le domaine public  \nroutier national ;\nDirection d\u00e9partementale des territoires de la C\u00f4te-d'Or\n57 rue de Mulhouse- BP 53317 - 21033 DIJON cedex\nt\u00e9l : 03 80 29 44 44 \u2013 Courriel : ddt@cote-dor.gouv.fr\nDirection d\u00e9partementale des territoires de la C\u00f4te-d'Or - 21-2025-09-09-00008 - AP 1388 20250909 RAA M274\nExerciceAnnuelTunnelTalant 98\n2/5\nVU  l'arr\u00eat\u00e9 pr\u00e9fectoral n\u00b0 1010 /SG du 02 juillet 2025 donnant d\u00e9l\u00e9gation de signature \u00e0  \nMadame Aur\u00e9lie CONTRECIVILE, directrice de cabinet du pr\u00e9fet de la C\u00f4te-d'Or ;\nVU la note du 23 janvier 2025 du Minist\u00e8re de l'Am\u00e9nagement du Territoire et de la  \nD\u00e9centralisation,  Minist\u00e8re  charg\u00e9  des  Transports,  fixant  le  calendrier  des  jours  hors \nchantiers pour l'ann\u00e9e 2025 ;\nVU la demande pr\u00e9sent\u00e9e par la M\u00e9tropole de Dijon - CEI de Dijon le 22 juillet 2025 ;\nVU l'avis r\u00e9put\u00e9 favorable de la Direction Interd\u00e9partementale de la Police Nationale ;\nCONSID\u00c9RANT que pendant la r\u00e9alisation de l'exercice annuel du tunnel de Talant, M274, \nil y a lieu de pr\u00e9ciser les conditions de circulation afin de pr\u00e9venir tout risque d'accident,  \nde faciliter la bonne ex\u00e9cution de l'exercice et d'assurer un \u00e9coulement satisfaisant du  \ntrafic ;\nCONSID\u00c9RANT que la section concern\u00e9e par les travaux est situ\u00e9e hors agglom\u00e9ration ;\nSUR proposition de Madame la Directrice D\u00e9partementale des Territoires de la C\u00f4te-d'Or ;\nARR\u00caTE\nArticle 1 :\nL'exercice se d\u00e9roulera dans les 2 sens de circulation (Paris-Lyon et Lyon-Paris), sur la M274, \ntunnel de Talant, du PR13+200 au PR18+300.\nLes  dispositions  du  pr\u00e9sent  arr\u00eat\u00e9  s'appliqueront  la  nuit  du  mercredi  24  au  jeudi  25 \nseptembre 2025 de 20h \u00e0 6h.\nArticle 2 :\nPendant l'ex\u00e9cution de l'exercice ci-dessus d\u00e9sign\u00e9 , la circulation s'effectuera dans les  \nconditions suivantes :\nCoupure d'axe et fermetures de bretelles\nLa M274 sera ferm\u00e9e \u00e0 la circulation de l'\u00e9changeur n\u00b037 Ahuy (PR13+050) \u00e0 l'\u00e9changeur  \nn\u00b034 Plombi\u00e8res les Dijon (PR18+262) dans les 2 sens de circulation :\n\u25e6 \u00c9changeur n\u00b034 Plombi\u00e8res les Dijon : fermeture de la section courante au PR \n18+275 sens Paris\u2192Lyon,\n\u25e6 \u00c9changeur n\u00b035 de Talant : fermeture de la section courante au PR 16+250 sens \nLyon->Paris et PR16+225 sens Paris\u2192Lyon,\n\u25e6 \u00c9changeur n\u00b037 Ahuy : fermeture de la section courante au PR13+200 sens Lyon-\n>Paris et de la bretelle d'entr\u00e9e n\u00b02.\nDes d\u00e9viations seront mises en place \u00e0 l'attention des usagers :\nEn direction de Lyon, depuis l'\u00e9changeur :\n\u25e6 n\u00b034 Plombi\u00e8res (PR18+262)     :  \n\u25aa M905,\nDirection d\u00e9partementale des territoires de la C\u00f4te-d'Or\n57 rue de Mulhouse- BP 53317 - 21033 DIJON cedex\nt\u00e9l : 03 80 29 44 44 \u2013 Courriel : ddt@cote-dor.gouv.fr\nDirection d\u00e9partementale des territoires de la C\u00f4te-d'Or - 21-2025-09-09-00008 - AP 1388 20250909 RAA M274\nExerciceAnnuelTunnelTalant 99\n3/5\n\u25aa Bd de l'Ouest,\n\u25aa Bd de Ch\u00e8vre Morte,\n\u25aa Bd des Clomiers,\n\u25aa Bd Fran\u00e7ois Pompon,\n\u25aa Bd des Aiguillottes,\n\u25aa Bd des Allobroges,\n\u25aa Bd Mar\u00e9chal Gallieni,\n\u25aa Bd Pascal,\n\u25aa Place Saint Exup\u00e9ry,\n\u25aa Bd Joffre,\n\u25aa M974 (av de Langres),\n\u25aa retour sur M274 via l'\u00e9changeur n\u00b038 Pompidou (PR12+070).\n\u25e6 n\u00b035 Talant (PR16+400)     :  \n\u25aa M971 (Bd de Troyes),\n\u25aa Bd Fran\u00e7ois Pompon,\n\u25aa Bd des Aiguillottes,\n\u25aa Bd des Allobroges,\n\u25aa Bd Mar\u00e9chal Gallieni,\n\u25aa Bd Pascal,\n\u25aa Place Saint-Exup\u00e9ry,\n\u25aa Bd Joffre,\n\u25aa M974 (av de Langres),\n\u25aa retour sur M274 via l'\u00e9changeur n\u00b038 Pompidou (PR12+070).\nEn direction de Paris, depuis l'\u00e9changeur :\n\u25e6 n\u00b037 Ahuy (PR13+050)     :  \n\u25aa M274,\n\u25aa \u00c9changeur n\u00b038 Pompidou bretelle n\u00b03,\n\u25aa M974 (av de Langres/ av du Drapeau),\n\u25aa Bd Mar\u00e9chal Gallieni,\n\u25aa Bd des Allobroges,\n\u25aa Bd des Aiguillottes,\n\u25aa Bd Fran\u00e7ois Pompon,\n\u25aa Bd des Clomiers,\n\u25aa Bd de Ch\u00e8vre Morte,\n\u25aa Bd de l'Ouest,\n\u25aa M905,\n\u25aa retour sur M274 via l'\u00e9changeur n\u00b034 Plombi\u00e8res (PR18+262).\n\u25e6 n\u00b035 Talant (PR16+400)     :  \n\u25aa M971 (Bd de Troyes),\n\u25aa Bd des Clomiers,\n\u25aa Bd de Ch\u00e8vre Morte,\n\u25aa Bd de l'Ouest,\n\u25aa M905,\n\u25aa retour sur M274 via l'\u00e9changeur n\u00b034 Plombi\u00e8res (PR18+262).\nDirection d\u00e9partementale des territoires de la C\u00f4te-d'Or\n57 rue de Mulhouse- BP 53317 - 21033 DIJON cedex\nt\u00e9l : 03 80 29 44 44 \u2013 Courriel : ddt@cote-dor.gouv.fr\nDirection d\u00e9partementale des territoires de la C\u00f4te-d'Or - 21-2025-09-09-00008 - AP 1388 20250909 RAA M274\nExerciceAnnuelTunnelTalant 100\n4/5\nArticle 3 :\nCertaines  phases  pr\u00e9paratoires  ou  de  mise  en  place  de  la  signalisation  du  chantier \npourront  n\u00e9cessiter  des  r\u00e9ductions  momentan\u00e9es  de  chauss\u00e9e  ou  des  interruptions \ncourtes de circulation.\nArticle 4 :\nSur le parcours des sections soumises \u00e0 ces restrictions provisoires, les conducteurs des  \nv\u00e9hicules devront le cas \u00e9ch\u00e9ant, se conformer aux indications des services de police, des \nservices de secours ou des agents du CEI de Dijon M\u00e9tropole , tant en ce qui concerne le  \ntrajet \u00e0 suivre que l'arr\u00eat s'il leur est prescrit.\nArticle 5 :\nLe passage des convois exceptionnels sera interdit sur l'itin\u00e9raire de d\u00e9viation.\nArticle 6 :\nLa signalisation r\u00e9glementaire, conforme \u00e0 l'instruction interminist\u00e9rielle (Livre I \u2013 8e partie) \napprouv\u00e9e par arr\u00eat\u00e9 interminist\u00e9riel le 6 novembre 1992 et aux manuels du chef de  \nchantier, sera fournie, mise en place et maintenue par le CEI de Dijon.\nArticle 7 :\nLes infractions au pr\u00e9sent arr\u00eat\u00e9 seront constat\u00e9es par proc\u00e8s-verbaux dress\u00e9s par les  \nforces de l'ordre.\nArticle 8 :\nLors de l'ach\u00e8vement de l'exercice et avant le r\u00e9tablissement normal de la circulation, la  \nchauss\u00e9e devra \u00eatre propre et satisfaire aux conditions normales de s\u00e9curit\u00e9.\nArticle 9 :\nLe pr\u00e9sent arr\u00eat\u00e9 sera affich\u00e9 aux abords imm\u00e9diats du chantier.\nArticle 10 :\nLe pr\u00e9sent arr\u00eat\u00e9 peut faire l'objet d'un recours gracieux aupr\u00e8s du pr\u00e9fet et/ou d'un  \nrecours contentieux devant le tribunal administratif dans un d\u00e9lai de 2 mois \u00e0 compter de  \nsa notification.\nLe tribunal administratif peut \u00eatre saisi par un recours d\u00e9pos\u00e9 via l'application T\u00e9l\u00e9recours  \ncitoyens accessible par le site internet www.telerecours.fr \u00bb.\nArticle 11 :\n- La Directrice de Cabinet du pr\u00e9fet de la C\u00f4te-d'Or,\n- Le Pr\u00e9sident de Dijon M\u00e9tropole,\n- Le Directeur Interd\u00e9partemental de la Police Nationale,\nsont charg\u00e9s, chacun en ce qui le concerne, de l'ex\u00e9cution du pr\u00e9sent arr\u00eat\u00e9.\nDirection d\u00e9partementale des territoires de la C\u00f4te-d'Or\n57 rue de Mulhouse- BP 53317 - 21033 DIJON cedex\nt\u00e9l : 03 80 29 44 44 \u2013 Courriel : ddt@cote-dor.gouv.fr\nDirection d\u00e9partementale des territoires de la C\u00f4te-d'Or - 21-2025-09-09-00008 - AP 1388 20250909 RAA M274\nExerciceAnnuelTunnelTalant 101\n5/5\nLe pr\u00e9sent arr\u00eat\u00e9 sera publi\u00e9 au recueil des actes administratifs de la Pr\u00e9fecture de la C\u00f4te-\nd'Or.\nUne copie du pr\u00e9sent arr\u00eat\u00e9 sera adress\u00e9e pour information :\n- au  Commandant  de  la  R\u00e9gion  de  Gendarmerie  de  Bourgogne-Franche-Comt\u00e9,  \ncommandant du groupement de la C\u00f4te-d'Or,\n- au Service D\u00e9partemental d'Incendie et de Secours de la C\u00f4te-d'Or,\n - \u00e0 la direction du SAMU de Dijon,\n- au CEI de Dijon M\u00e9tropole,\n- \u00e0 la direction de l'exploitation de Dijon M\u00e9tropole,\n- \u00e0 la direction d\u00e9partementale des territoires de la Sa\u00f4ne-et-Loire, service des transports  \nexceptionnels,\n- aux  communes  de  Longvic,  Dijon,  Ruffey-les-Echirey,  Ahuy,  Fontaine-les-Dijon,  Daix, \nTalant, Plombi\u00e8res-les-Dijon et Saint-Apollinaire.\nFait \u00e0 Dijon, le 9 septembre 2025\nLe pr\u00e9fet,\nPour le pr\u00e9fet et par d\u00e9l\u00e9gation ,\nLa directrice de cabinet,\nSIGN\u00c9\nAur\u00e9lie CONTRECIVILE\nDirection d\u00e9partementale des territoires de la C\u00f4te-d'Or\n57 rue de Mulhouse- BP 53317 - 21033 DIJON cedex\nt\u00e9l : 03 80 29 44 44 \u2013 Courriel : ddt@cote-dor.gouv.fr\nDirection d\u00e9partementale des territoires de la C\u00f4te-d'Or - 21-2025-09-09-00008 - AP 1388 20250909 RAA M274\nExerciceAnnuelTunnelTalant 102\nDirection d\u00e9partementale des territoires de la\nC\u00f4te-d'Or\nService S\u00e9curit\u00e9 et Education Routi\u00e8re\n21-2025-09-11-00003\nAP 1399 20250911 RAA ALYCE A6A38\nDirection d\u00e9partementale des territoires de la C\u00f4te-d'Or - 21-2025-09-11-00003 - AP 1399 20250911 RAA ALYCE A6A38 103\nExPREFETDE LACOTE-D'ORLibert\u00e9Egalit\u00e9Fraternit\u00e9\nDirection d\u00e9partementale des territoires\nde la C\u00f4te-d'Or\nService de la S\u00e9curit\u00e9 et de l'\u00c9ducation Routi\u00e8re\nBureau de la S\u00e9curit\u00e9 Routi\u00e8re\nDijon, le 11 septembre 2025\nArr\u00eat\u00e9 n\u00b0 1399\nportant r\u00e9glementation temporaire de la circulation sur l'autoroute A6 pour la r\u00e9alisation \nd'une enqu\u00eate de circulation routi\u00e8re \u00e0 la barri\u00e8re de p\u00e9age de Pouilly-en-Auxois, sens \nPouilly/Dijon.\nLe pr\u00e9fet de la C\u00f4te-d'Or\nVU le Code de la voirie routi\u00e8re, et notamment ses articles L 111-1, D 111-2 et D 111-3 ;\nVU le d\u00e9cret 2004-374 du 29 avril 2004 relatif aux pouvoirs des pr\u00e9fets, \u00e0 l'organisation et \u00e0  \nl'action des services de l'\u00c9tat dans les r\u00e9gions et les d\u00e9partements ;\nVU le code de la route ;\nVU l'arr\u00eat\u00e9 du 24 novembre 1967 modifi\u00e9 relatif \u00e0 la signalisation des routes et autoroutes ;\nVU l'arr\u00eat\u00e9 pr\u00e9fectoral n\u00b0507 du 28 mars 2025 donnant d\u00e9l\u00e9gation de signature \u00e0 Madame  \nManuelle DUPUY, Directrice D\u00e9partementale des Territoires ; \nVU l'arr\u00eat\u00e9 pr\u00e9fectoral n\u00b01333 du 28 ao\u00fbt 2025 portant d\u00e9l\u00e9gation de signature aux agents de \nla Direction D\u00e9partementale des Territoires de la C\u00f4te-d'Or ; \nVU la lettre d'intention de r\u00e9alisation d'enqu\u00eates Origine/Destination sur le r\u00e9seau APRR  \n\u00e9mise par la Direction G\u00e9n\u00e9rale des Infrastructures, des Transports et des Mobilit\u00e9s en date  \ndu 9 septembre 2025 autorisant la Soci\u00e9t\u00e9 ALYCE a effectu\u00e9 la r\u00e9alisation de ces enqu\u00eates ;\nVU la demande en date du 7 ao\u00fbt 2025 de la soci\u00e9t\u00e9 ALYCE ;  \nVU l'avis favorable de M. le directeur d'exploitation d'APRR en date du 27 ao\u00fbt 2025 ;\nDirection d\u00e9partementale des territoires de la C\u00f4te-d'Or\n57, rue de Mulhouse - BP 53317 - 21033 Dijon CEDEX\nT\u00e9l. : 03 80 29 44 44\nCourriel : ddt@cote-dor.gouv.fr\nDirection d\u00e9partementale des territoires de la C\u00f4te-d'Or - 21-2025-09-11-00003 - AP 1399 20250911 RAA ALYCE A6A38 104\nVU  l'avis favorable du Conseil D\u00e9partemental de la C\u00f4te-d'Or en date du 1 er  septembre \n2025 ;\nCONSID\u00c9RANT que l'enqu\u00eate a pour objet l'observation de l'origine et de la destination des  \nusagers passant au droit de la barri\u00e8re de p\u00e9age et n\u00e9cessite de r\u00e9glementer la circulation aux \nabords  des  postes  d'enqu\u00eate  situ\u00e9s  sur  l'autoroute  A6,  barri\u00e8re  de  p\u00e9age  de  Pouilly-en-\nAuxois, sens Pouilly/Dijon ;\nSUR proposition de Madame la Directrice D\u00e9partementale des Territoires de la C\u00f4te-d'Or ;\nARR\u00caTE\nArticle 1\nLa soci\u00e9t\u00e9 ALYCE est autoris\u00e9e \u00e0 r\u00e9aliser une enqu\u00eate de circulation routi\u00e8re sur le r\u00e9seau  \nautoroutier de l'A6 \u00e0 la barri\u00e8re de p\u00e9age de Pouilly-en-Auxois, sens Pouilly/Dijon le mardi 16 \nseptembre 2025 de 7h \u00e0 19h.\nEn cas d'\u00e9v\u00e8nements exceptionnels, l'enqu\u00eate pourra \u00eatre report\u00e9e sur une journ\u00e9e parmi les  \njeudi 18, mardi 23, jeudi 25, mardi 30 septembre 2025 ou jeudi 2, mardi 7, jeudi 9, mardi 14 ou \njeudi 16 octobre 2025 dans les m\u00eames conditions. Le prestataire sera alors tenu d'en informer \npar courriel la direction d\u00e9partementale des territoires de la C\u00f4te-d'Or ainsi que les services  \nconsult\u00e9s pour la signature de cet arr\u00eat\u00e9.\nArticle 2\nPour la r\u00e9alisation d'une enqu\u00eate routi\u00e8re sur la voie publique, la circulation de tous les  \nv\u00e9hicules circulant dans le sens P ouilly/Dijon au droit de la gare de p\u00e9age de Pouilly-en-\nAuxois, est r\u00e9glement\u00e9e par un dispositif existant ou \u00e0 installer provisoirement sur l'autoroute \nA6,  afin  de  permettre  l'\u00e9tablissement  du  poste  d'enqu\u00eate  situ\u00e9  au  niveau  du  p\u00e9age \nconform\u00e9ment aux dispositions fix\u00e9es par la soci\u00e9t\u00e9  Autoroutes Paris Rhin-Rh\u00f4ne (APRR) , \ngestionnaire de l'autoroute A6.\nArticle 3\nCes dispositifs ne s'appliquent pas aux d\u00e9placements li\u00e9s aux missions de s\u00e9curit\u00e9 exerc\u00e9es  \npar les personnels de police, de gendarmerie, ainsi qu'aux v\u00e9hicules de secours.\nArticle 4\nL'enqu\u00eate a pour objet l'observation de l'origine et de la destination des usagers passant au  \ndroit de la barri\u00e8re de p\u00e9age. En ce sens, elle  n\u00e9cessitera donc l'arr\u00eat des usagers. L'enqu\u00eate  \nse d\u00e9roule sous le contr\u00f4le technique de la soci\u00e9t\u00e9 ALYCE et de la Soci\u00e9 t\u00e9 Autoroutes Paris  \nRhin-Rh\u00f4ne (APRR) concessionnaire de l'autoroute A6.\nArticle 5\nEn application de l'article R432-7 du Code de la route, les personnels des administrations ou  \ndes entreprises appel\u00e9s \u00e0 mettre en \u0153uvre l'enqu\u00eate sont sp\u00e9cialement autoris\u00e9s \u00e0 disposer  \nle  mat\u00e9riel  n\u00e9cessaire  sur  le  domaine  public  autoroutier,  dans  les  zones  requises  par \nl'application des articles 2 et 3 du pr\u00e9sent arr\u00eat\u00e9, et \u00e0 y circuler \u00e0 pied. Le d\u00e9tenteur du  \npouvoir de police et le gestionnaire de la voirie en sont inform\u00e9s.\nDirection d\u00e9partementale des territoires de la C\u00f4te-d'Or\n57, rue de Mulhouse - BP 53317 - 21033 Dijon CEDEX\nT\u00e9l. : 03 80 29 44 44\nCourriel : ddt@cote-dor.gouv.fr\nDirection d\u00e9partementale des territoires de la C\u00f4te-d'Or - 21-2025-09-11-00003 - AP 1399 20250911 RAA ALYCE A6A38 105\nArticl  e 6  \nLe pr\u00e9sent arr\u00eat\u00e9 peut faire l'objet d'un recours gracieux aupr\u00e8s du pr\u00e9fet et/ou d'un recours  \ncontentieux  devant  le  tribunal  administratif  dans  un  d\u00e9lai  de  2  mois  \u00e0  compter  de  sa \nnotification.\nLe tribunal administratif peut \u00eatre saisi par un recours d\u00e9pos\u00e9 via l'application T\u00e9l\u00e9recours  \ncitoyens accessible par le site internet www.telerecours.fr \u00bb.\nArti  cle 7  \n- La Directrice de Cabinet du pr\u00e9fet de la C\u00f4te-d'Or,\n- Le  Commandant  de  la  R\u00e9gion  de  Gendarmerie  de  Bourgogne-Franche-Comt\u00e9  et  du \nGroupement de C\u00f4te-d'Or,\n- Le Directeur d'exploitation d'APRR,\n- La soci\u00e9t\u00e9 ALYCE,\nsont charg\u00e9s, chacun en ce qui le concerne, de l'ex\u00e9cution du pr\u00e9sent arr\u00eat\u00e9.\nLe pr\u00e9sent arr\u00eat\u00e9 sera publi\u00e9 au recueil des actes administratifs de la Pr\u00e9fecture de la C\u00f4te-\nd'Or.\nUne copie du pr\u00e9sent arr\u00eat\u00e9 sera adress\u00e9e pour information :\n- au Directeur G\u00e9n\u00e9ral des Infrastructures des Transports et de la Mer des MATTE,\n- \u00e0 Monsieur le Pr\u00e9sident du Conseil D\u00e9partemental de la C\u00f4te-d'Or,\n- au Directeur D\u00e9partemental des Services d'Incendie et de Secours de la C\u00f4te-d'Or,\n- au SAMU de Dijon.\nDIJON, le 11 septembre 2025\nLe pr\u00e9fet,\nPour le pr\u00e9fet et par d\u00e9l\u00e9gation,\n La Directrice D\u00e9partementale des Territoires,\nSIGN\u00c9\nManuelle DUPUY\nDirection d\u00e9partementale des territoires de la C\u00f4te-d'Or\n57, rue de Mulhouse - BP 53317 - 21033 Dijon CEDEX\nT\u00e9l. : 03 80 29 44 44\nCourriel : ddt@cote-dor.gouv.fr \nDirection d\u00e9partementale des territoires de la C\u00f4te-d'Or - 21-2025-09-11-00003 - AP 1399 20250911 RAA ALYCE A6A38 106\nPr\u00e9fecture de la C\u00f4te-d'Or\nDirection de la coordination, des politiques\npubliques et de l'appui territorial\n21-2025-09-08-00007\narr\u00eat\u00e9 pr\u00e9fectoral de r\u00e9alisation de travaux\nd'office pour la mise en s\u00e9curit\u00e9 du site de la  \nSCMB BLISS \u00e0 MONTBARD\nPr\u00e9fecture de la C\u00f4te-d'Or - 21-2025-09-08-00007 - arr\u00eat\u00e9 pr\u00e9fectoral de r\u00e9alisation de travaux d'office pour la mise en s\u00e9curit\u00e9 du site\nde la   SCMB BLISS \u00e0 MONTBARD 107\nENPR\u00c9FETDE LACOTE-D'ORLibert\u00e9Egalit\u00e9Fraternit\u00e9\nDirection R\u00e9gionale de l'Environnement,\nde l'Am\u00e9nagement et du Logement\nBourgogne-Franche-Comt\u00e9\nArr\u00eat\u00e9 Pr\u00e9fectoral N\u00b0 1362 DU 8 septembre 2025\nchargeant l'agence de la transition \u00e9cologique (ADEME) de la r\u00e9alisation de travaux d'office pour la \nmise en s\u00e9curit\u00e9 du site de la soci\u00e9t\u00e9 SCMB BLISS, situ\u00e9 sur le territoire de la commune de \nMontbard\nLe Pr\u00e9fet de la C\u00f4te-d'Or,\nVU  le Code de l'Environnement \u2013 parties l\u00e9gislatives et r\u00e9glementaires, en particulier ses articles  \nL. 171-8, L. 171-11, L. 172-1, L. 211-1, L. 511-1, L. 541-3, L. 556-3 et R. 512-75-1 ;\nVU  l'arr\u00eat\u00e9  pr\u00e9fectoral  du  4  juin  1970,  autorisant  la  SCMB  BLISS \u00e0  exploiter  un  atelier  de \nchaudronnerie \u2013 soudure, sur le territoire de la commune de Montbard ;\nVU l'arr\u00eat\u00e9 pr\u00e9fectoral du 1er septembre 2016 mettant en demeure la SCP V\u00e9ronique THIEBAUT, en  \nsa  qualit\u00e9  de  mandataire  judiciaire  en  charge  de  la  liquidation  judiciaire  de  la  SCMB  BLISS, \nimplant\u00e9e sur le territoire de la commune de Montbard, de r\u00e9aliser toutes les mesures pr\u00e9vues pour \nla mise en s\u00e9curit\u00e9 du site de ladite soci\u00e9t\u00e9, conform\u00e9ment aux dispositions de l'article R.512-39-1  \ndu Code de l'environnement ;\nVU  l'avis du 17 mai 2023 relatif au processus d'intervention de l'ADEME en contexte de sites \u00e0  \nresponsables d\u00e9faillants ;\nVU le jugement en date du 5 juillet 2011 par lequel le tribunal de Commerce de Dijon a ouvert une  \nproc\u00e9dure de liquidation judiciaire \u00e0 l'encontre de la  SCMB BLISS et a d\u00e9sign\u00e9 la SCP V\u00e9ronique  \nTHIEBAUT, en qualit\u00e9 de liquidateur judiciaire ;\nVU  le courrier en date du 19 mai 2021 par lequel la SCP V\u00e9ronique THIEBAUT informe que la  \nliquidation judiciaire est imp\u00e9cunieuse ;\nVU  les rapports de l'inspecteur des installations class\u00e9es pour la protection de l'environnement  \nrelatifs aux visites sur site des 14 novembre 2022 et 13 juin 2023 ;\nVU  le  rapport  du  28  novembre  2023  pr\u00e9sentant  la  restitution  des  conditions  techniques  et \nfinanci\u00e8res pour l'intervention de l'ADEME sur le site de la  SCMB BLISS , transmis par l'ADEME \u00e0  \nl'inspection des installations class\u00e9es pour la protection de l'environnement le 12 d\u00e9cembre 2023 ;\nVU  le rapport du  19 mars  2024 de l'inspecteur des installations class\u00e9es pour la protection de  \nl'environnement relatif \u00e0 l'analyse du rapport du 28 novembre 2023 susvis\u00e9 ;\nVU les projets d'arr\u00eat\u00e9s pr\u00e9fectoraux de travaux d'office et d'occupation des sols transmis pour avis \n\u00e0 l'ADEME en date du 27 f\u00e9vrier 2024 ;\nVU les observations formul\u00e9es par l'ADEME en date du 9 avril 2024 ;\nVU  le courrier de la direction g\u00e9n\u00e9rale de la pr\u00e9vention des risques en date du 25 juillet 2025  \ndonnant  son  accord  au  pr\u00e9fet  de  la  C\u00f4te-d'Or  pour  confier  \u00e0  l'ADEME  la  r\u00e9alisation  d'une \nintervention de mise en s\u00e9curit\u00e9 du site ;\nCONSID\u00c9RANT  que les proc\u00e9dures engag\u00e9es \u00e0 l'encontre du responsable l\u00e9gal du site n'ont pas  \npermis d'aboutir \u00e0 la mise en s\u00e9curit\u00e9 du site de la soci\u00e9t\u00e9 SCMB BLISS ;\nCONSID\u00c9RANT  que la  SCP V\u00e9ronique THIEBAUT, charg\u00e9 par le tribunal de Commerce de Dijon  \ndans son jugement du 5 juillet 2011 de la liquidation du site de la soci\u00e9t\u00e9 SCMB BLISS \u00e0 Montbard, a \n1/3\nPr\u00e9fecture de la C\u00f4te-d'Or - 21-2025-09-08-00007 - arr\u00eat\u00e9 pr\u00e9fectoral de r\u00e9alisation de travaux d'office pour la mise en s\u00e9curit\u00e9 du site\nde la   SCMB BLISS \u00e0 MONTBARD 108\npr\u00e9sent\u00e9 les \u00e9l\u00e9ments justifiant de l'imp\u00e9cuniosit\u00e9 de la liquidation judiciaire \u00e0 l'inspection  des \ninstallations class\u00e9es pour la protection de l'environnement dans son  courrier en date du 19 mai  \n2021 susvis\u00e9 ;\nCONSID\u00c9RANT que dans son rapport du 13 juin 2023 susvis\u00e9, l'inspection des installations class\u00e9es  \nconstate que la mise en s\u00e9curit\u00e9 du site ne pourra \u00eatre consid\u00e9r\u00e9e comme achev\u00e9e qu'\u00e0 l'issue de  \nl'\u00e9vacuation des polluants et mat\u00e9riaux pollu\u00e9s, et de la caract\u00e9risation des niveaux de pollution sur \nsite pouvant impacter les enjeux \u00e0 proximit\u00e9 ;\nCONSID\u00c9RANT que la situation constat\u00e9e constitue une atteinte aux int\u00e9r\u00eats prot\u00e9g\u00e9s vis\u00e9s aux  \narticles  L. 211-1  et  L. 511-1  du  Code  de  l'environnement,  notamment  au  vu  de  la  sensibilit\u00e9 \nenvironnementale du lieu d'implantation de l'installation, en raison de la proximit\u00e9 imm\u00e9diate de la \nrivi\u00e8re \u00ab  la Brenne  \u00bb dont la nappe alluviale est susceptible d'\u00eatre vuln\u00e9rable \u00e0 une pollution en  \nprovenance du site, et de la pr\u00e9sence d'habitations et de jardins familiaux ;\nCONSID\u00c9RANT que l'ADEME a transmis \u00e0 l'inspection des installations class\u00e9es pour la protection  \nde  l'environnement  son  rapport  du  28  novembre  2023  susvis\u00e9,  pr\u00e9sentant  la  restitution  des \nconditions techniques et financi\u00e8res pour une intervention visant \u00e0 compl\u00e9ter la mise en s\u00e9curit\u00e9  \ndu site et caract\u00e9riser les pollutions potentielles g\u00e9n\u00e9r\u00e9es par le site SCMB BLISS ;\nCONSID\u00c9RANT  que toutes les autres proc\u00e9dures administratives possibles ont \u00e9t\u00e9 engag\u00e9es sans  \nque l'atteinte aux int\u00e9r\u00eats prot\u00e9g\u00e9s n'ait \u00e9t\u00e9 corrig\u00e9e, et qu'il convient donc de charger l'ADEME des \nop\u00e9rations de mise en s\u00e9curit\u00e9 ;\nSUR proposition du Secr\u00e9taire G\u00e9n\u00e9ral de la pr\u00e9fecture de la C\u00f4te-d'Or :\nA R R \u00ca T E\nARTICLE 1.\nMesures d'office\nIl est proc\u00e9d\u00e9 \u00e0 l'ex\u00e9cution des travaux suivants, aux frais des personnes physiques ou morales  \nresponsables du site d'implantation de la soci\u00e9t\u00e9 SCMB BLISS, sur le site d'implantation de SCMB \nBLISS, sis sur le territoire de la commune de Montbard :\n\u2022 Actions et diagnostics pr\u00e9alables aux op\u00e9rations de mise en s\u00e9curit\u00e9.\n\u2022 \u00c9vacuation et traitement des d\u00e9chets dangereux et non dangereux pr\u00e9sents \u00e0 l'int\u00e9rieur et \u00e0 \nl'ext\u00e9rieur du b\u00e2timent pr\u00e9sentant un risque de pollution ou d'incendie et d'impacts sur les  \npersonnes et l'environnement, notamment :\n\u25e6 d\u00e9gazage, inertage et \u00e9vacuation de 3 cuves de fioul lourd ;\n\u25e6 vidange et nettoyage des fosses de r\u00e9tention des machines-outils ;\n\u25e6 \u00e9vacuation des d\u00e9chets pr\u00e9sentant un risque de pollution de l'environnement et/ou  \nd'incendie.\n\u2022 Sur  site,  v\u00e9rification  des  impacts  sur  le  milieu  souterrain  au  droit  des  installations \npotentiellement polluantes et sur les vecteurs de transfert (eau souterraine), notamment :\n\u25e6 analyses des sols au droit des 3 cuves de fioul ;\n\u25e6 cr\u00e9ation des nouveaux ouvrages pi\u00e9zom\u00e9triques n\u00e9cessaires, notamment \u00e0 proximit\u00e9  \nimm\u00e9diate des fosses ennoy\u00e9es et en aval hydrog\u00e9ologique imm\u00e9diat des 3 cuves de  \nfioul lourd ;\n\u25e6 2  campagnes  d'investigations  et  de  surveillance  des  eaux  souterraines  au regard  de \npollutions potentielles.\n\u2022 Enqu\u00eate de quartier et \u00e9tude de vuln\u00e9rabilit\u00e9 de la nappe avec :\n\u25e6 Synth\u00e8se du contexte hydrog\u00e9ologique ;\n\u25e6 Recensement des ouvrages d'acc\u00e8s \u00e0 la nappe et de leurs usages hors site ;\n\u25e6 R\u00e9alisation de 2 campagnes de pr\u00e9l\u00e8vements et analyses des eaux souterraines au droit  \ndes ouvrages recens\u00e9s hors site, lors de p\u00e9riodes hydrog\u00e9ologiques diff\u00e9rentes.\n\u00c0 l'issue de la r\u00e9alisation des travaux, un rapport de synth\u00e8se sera adress\u00e9 \u00e0 M. le Pr\u00e9fet de la C\u00f4te-\nd'Or et aux services de l'inspection des installations class\u00e9es pour la protection de l'environnement  \n2/3\nPr\u00e9fecture de la C\u00f4te-d'Or - 21-2025-09-08-00007 - arr\u00eat\u00e9 pr\u00e9fectoral de r\u00e9alisation de travaux d'office pour la mise en s\u00e9curit\u00e9 du site\nde la   SCMB BLISS \u00e0 MONTBARD 109\npr\u00e9sentant  les  op\u00e9rations  r\u00e9alis\u00e9es,  ainsi  que  les  propositions  de  mesures  de  gestion  \ncompl\u00e9mentaires qui s'av\u00e9reraient n\u00e9cessaires.\nARTICLE 2.\nEx\u00e9cution des travaux\nL'agence de la transition \u00e9cologique (ADEME) est charg\u00e9e de l'application du pr\u00e9sent arr\u00eat\u00e9, pour  \nex\u00e9cuter ou faire ex\u00e9cuter les mesures prescrites \u00e0 l'article 1er.\nARTICLE 3.\nPublicit\u00e9s et notification\nEn vue de l'information des tiers, le pr\u00e9sent arr\u00eat\u00e9 est publi\u00e9 au recueil des actes administratifs de  \nla pr\u00e9fecture de la C\u00f4te-d'Or.\nLe pr\u00e9sent arr\u00eat\u00e9 fait l'objet d'un affichage en mairie pendant un mois par les soins de Mme le  \nmaire de Montbard.\nLe pr\u00e9sent arr\u00eat\u00e9 est notifi\u00e9 \u00e0 l'ADEME.\nARTICLE 4.\nVoies et d\u00e9lais de recours\nLa pr\u00e9sente d\u00e9cision est susceptible de faire l'objet d'un recours gracieux aupr\u00e8s des services de la  \npr\u00e9fecture  de  la  C\u00f4te-d'Or  ainsi  que  d'un  recours  hi\u00e9rarchique  aupr\u00e8s  du  ministre  charg\u00e9  de \nl'environnement dans le d\u00e9lai de deux mois \u00e0 compter de la notification ou de la publication du  \npr\u00e9sent arr\u00eat\u00e9.\nLa pr\u00e9sente d\u00e9cision est soumise \u00e0 un contentieux de pleine juridiction. Elle peut \u00eatre d\u00e9f\u00e9r\u00e9e \u00e0 la  \njuridiction administrative comp\u00e9tente, le tribunal administratif de Dijon, dans les d\u00e9lais pr\u00e9vus \u00e0  \nl'article R. 421-1 du Code de justice administrative, \u00e0 savoir dans un d\u00e9lai de deux mois \u00e0 compter  \nde la notification ou de la publication du pr\u00e9sent arr\u00eat\u00e9.\nLe tribunal administratif peut \u00eatre saisi d'un recours d\u00e9pos\u00e9 via l'application T\u00e9l\u00e9recours citoyens,  \naccessible par le site Internet www.telerecours.fr.\nARTICLE 5.\nModalit\u00e9s d'ex\u00e9cution\nUne copie du pr\u00e9sent arr\u00eat\u00e9 est adress\u00e9e \u00e0 :\n- M. le Secr\u00e9taire G\u00e9n\u00e9ral de la pr\u00e9fecture de la C\u00f4te-d'Or ;\n- M. le sous-pr\u00e9fet de Montbard ;\n- Mme le maire de Montbard ;\n- M. le directeur r\u00e9gional de l'environnement, de l'am\u00e9nagement et du logement de la r\u00e9gion  \nBourgogne-Franche-Comt\u00e9 ;\n- M. le directeur d\u00e9partemental des territoires de la C\u00f4te-d'Or ;\n- M. le directeur d\u00e9partemental de la C\u00f4te-d'Or de l'agence r\u00e9gionale de sant\u00e9 de Bourgogne-\nFranche-Comt\u00e9 ;\n- M. le directeur d\u00e9partemental des services d'incendie et de secours de la C\u00f4te-d'Or ;\n- M. le colonel, commandant le groupement de gendarmerie de la C\u00f4te-d'Or ;\n- M. le chef de l'unit\u00e9 d\u00e9partementale C\u00f4te-d'Or de la direction r\u00e9gionale de l'environnement, de \nl'am\u00e9nagement et du logement Bourgogne-Franche-Comt\u00e9 ;\ncharg\u00e9s,  chacun  en  ce  qui  le  concerne,  d'en  assurer  l'application  et  l'ex\u00e9cution.  Chacun  des \nresponsables charg\u00e9s de l'ex\u00e9cution des prestations doit \u00eatre muni d'une ampliation du pr\u00e9sent  \narr\u00eat\u00e9 qu'il est tenu de pr\u00e9senter \u00e0 toute r\u00e9quisition.\nFait \u00e0 Dijon, le\n                                                                                                                 Le pr\u00e9fet \nPour le pr\u00e9fet et par d\u00e9l\u00e9gation\nLe secr\u00e9taire g\u00e9n\u00e9ral\nsign\u00e9\nDenis BRUEL\n3/3\nPr\u00e9fecture de la C\u00f4te-d'Or - 21-2025-09-08-00007 - arr\u00eat\u00e9 pr\u00e9fectoral de r\u00e9alisation de travaux d'office pour la mise en s\u00e9curit\u00e9 du site\nde la   SCMB BLISS \u00e0 MONTBARD 110\nPr\u00e9fecture de la C\u00f4te-d'Or\nDirection de la coordination, des politiques\npubliques et de l'appui territorial\n21-2025-09-08-00008\narr\u00eat\u00e9 pr\u00e9fectoral portant occupation des sols\nsur l'ancien site de SCMB BLISS \u00e0 MONTBARD\nPr\u00e9fecture de la C\u00f4te-d'Or - 21-2025-09-08-00008 - arr\u00eat\u00e9 pr\u00e9fectoral portant occupation des sols sur l'ancien site de SCMB BLISS \u00e0\nMONTBARD 111\nENPR\u00c9FETDE LACOTE-D'ORLibert\u00e9Egalit\u00e9Fraternit\u00e9\nDirection R\u00e9gionale de l'Environnement,\nde l'Am\u00e9nagement et du Logement\nBourgogne-Franche-Comt\u00e9\nArr\u00eat\u00e9 Pr\u00e9fectoral N\u00b0 1363 DU 8 septembre 2025\nportant autorisation d'occupation temporaire des sols sur l'ancien site de la soci\u00e9t\u00e9 SCMB BLISS, \nsitu\u00e9 sur le territoire de la commune de Montbard\nLe Pr\u00e9fet de la C\u00f4te-d'Or,\nVU le Code de l'Environnement, notamment ses articles L. 171-8, L. 541-3 et L. 556-3 ;\nVU le Code de justice administrative, notamment son article R. 532-1 ;\nVU la loi du 29 d\u00e9cembre 1892 relative aux dommages caus\u00e9s \u00e0 la propri\u00e9t\u00e9 priv\u00e9e par l'ex\u00e9cution  \ndes travaux publics ;\nVU la loi n\u00b0 43-374 du 6 juillet 1943 relative \u00e0 l'ex\u00e9cution des travaux g\u00e9od\u00e9siques et cadastraux et \u00e0 \nla conservation des signaux, bornes et rep\u00e8res, modifi\u00e9e et valid\u00e9e par la loi n\u00b057-391 du 28 mars  \n1957 ; \nVU l'arr\u00eat\u00e9 pr\u00e9fectoral n\u00b0                        du                                       prescrivant l'ex\u00e9cution de travaux \nd'office sur l'ancien site de la soci\u00e9t\u00e9 SCMB BLISS sur la commune de Montbard, et confiant la  \nma\u00eetrise d'ouvrage desdits travaux \u00e0 l'agence de la transition \u00e9cologique (ADEME) ;\nVU le d\u00e9cret n\u00b02004-374 du 29 avril 2004 modifi\u00e9 relatif aux pouvoirs des Pr\u00e9fets, \u00e0 l'organisation et \n\u00e0 l'action des services de l'\u00c9tat dans les r\u00e9gions et les d\u00e9partements ; \nCONSID\u00c9RANT que les proc\u00e9dures engag\u00e9es \u00e0 l'encontre du responsable l\u00e9gal du site n'ont pas  \npermis d'aboutir \u00e0 la mise en s\u00e9curit\u00e9 du site de la soci\u00e9t\u00e9 SCMB BLISS ;\nCONSID\u00c9RANT que la situation constat\u00e9e constitue une atteinte aux int\u00e9r\u00eats prot\u00e9g\u00e9s vis\u00e9s aux  \narticles L. 211-1 et L. 511-1 du Code de l'environnement ;\nCONSID\u00c9RANT la n\u00e9cessit\u00e9 de proc\u00e9der \u00e0 la mise en s\u00e9curit\u00e9 du site ;\nCONSID\u00c9RANT les d\u00e9lais n\u00e9cessaires \u00e0 la r\u00e9alisation des travaux de mise en s\u00e9curit\u00e9 du site par l'ADEME ;\nSUR proposition du Secr\u00e9taire G\u00e9n\u00e9ral de la pr\u00e9fecture de la C\u00f4te-d'Or :\nA R R \u00ca T E\nARTICLE 1.\nAutorisation de p\u00e9n\u00e9tration ou d'occupation des parcelles\nLes repr\u00e9sentants de l'agence de la transition \u00e9cologique (ADEME), ainsi que ceux des prestataires  \nmandat\u00e9s par cet organisme, sont autoris\u00e9s \u00e0 p\u00e9n\u00e9trer ou occuper, pour une dur\u00e9e de 48  mois, les \n1/4\nPr\u00e9fecture de la C\u00f4te-d'Or - 21-2025-09-08-00008 - arr\u00eat\u00e9 pr\u00e9fectoral portant occupation des sols sur l'ancien site de SCMB BLISS \u00e0\nMONTBARD 112\nparcelles du site d'implantation de la soci\u00e9t\u00e9  SCMB BLISS sur la commune de  Montbard, afin de  \nproc\u00e9der \u00e0 l'ex\u00e9cution des op\u00e9rations mentionn\u00e9es dans l'arr\u00eat\u00e9 pr\u00e9fectoral de travaux d'office  \nsusvis\u00e9, et notamment : \n\u2022 Actions et diagnostics pr\u00e9alables aux op\u00e9rations de mise en s\u00e9curit\u00e9.\n\u2022 \u00c9vacuation et traitement des d\u00e9chets dangereux et non dangereux pr\u00e9sents \u00e0 l'int\u00e9rieur et \u00e0 \nl'ext\u00e9rieur du b\u00e2timent pr\u00e9sentant un risque de pollution ou d'incendie et d'impacts sur les  \npersonnes et l'environnement, notamment :\n\u25e6 d\u00e9gazage, inertage et \u00e9vacuation de 3 cuves de fioul lourd ;\n\u25e6 vidange et nettoyage des fosses de r\u00e9tention des machines-outils ;\n\u25e6 \u00e9vacuation des d\u00e9chets pr\u00e9sentant un risque de pollution de l'environnement et/ou  \nd'incendie.\n\u2022 Sur  site,  v\u00e9rification  des  impacts  sur  le  milieu  souterrain  au  droit  des  installations \npotentiellement polluantes et sur les vecteurs de transfert (eau souterraine), notamment :\n\u25e6 analyses des sols au droit des 3 cuves de fioul ;\n\u25e6 cr\u00e9ation des nouveaux ouvrages pi\u00e9zom\u00e9triques n\u00e9cessaires, notamment \u00e0 proximit\u00e9  \nimm\u00e9diate des fosses ennoy\u00e9es et en aval hydrog\u00e9ologique imm\u00e9diat des 3 cuves de  \nfioul lourd ;\n\u25e6 2  campagnes  d'investigations  et  de  surveillance  des  eaux  souterraines  au regard  de \npollutions potentielles.\n\u2022 Enqu\u00eate de quartier et \u00e9tude de vuln\u00e9rabilit\u00e9 de la nappe avec :\n\u25e6 Synth\u00e8se du contexte hydrog\u00e9ologique ;\n\u25e6 Recensement des ouvrages d'acc\u00e8s \u00e0 la nappe et de leurs usages hors site ;\n\u25e6 R\u00e9alisation de 2 campagnes de pr\u00e9l\u00e8vements et analyses des eaux souterraines au droit  \ndes ouvrages recens\u00e9s hors site, lors de p\u00e9riodes hydrog\u00e9ologiques diff\u00e9rentes.\nIl s'agit de la parcelle cadastrale 000AW0012 (plan fourni en annexe 1), d'une superficie d'environ  \n30 000 m\u00b2.\nL'acc\u00e8s au site se fera par sa partie nord, situ\u00e9 au 7 avenue du mar\u00e9chal Leclerc. \n\u00c0 cet effet, sans pr\u00e9judice des dispositions de la loi du 29 d\u00e9cembre 1892, ils peuvent effectuer  \ntoutes les op\u00e9rations que la r\u00e9alisation de ces travaux rend indispensables.\nARTICLE 2.\nInterdiction de perturber l'ex\u00e9cution des prestations\nLes propri\u00e9taires ou locataires des parcelles doivent suspendre toute intervention de nature \u00e0  \nperturber la r\u00e9alisation des op\u00e9rations mentionn\u00e9es par l'arr\u00eat\u00e9 pr\u00e9fectoral de travaux d'office  \nsusvis\u00e9.\nARTICLE 3.\nPr\u00e9vention et r\u00e8glement des dommages\nDes \u00e9tats des lieux faisant l'objet d'un proc\u00e8s-verbal contradictoire sont \u00e9tablis en pr\u00e9sence des  \npropri\u00e9taires des terrains ou de leurs repr\u00e9sentants et de l'ADEME.\n\u00c0  l'issue  des  op\u00e9rations  mentionn\u00e9es  dans  l'arr\u00eat\u00e9  pr\u00e9fectoral  de  travaux  d'office  susvis\u00e9, \nconform\u00e9ment \u00e0 la loi du 29 d\u00e9cembre 1892 susvis\u00e9e, tout dommage caus\u00e9 \u00e0 la propri\u00e9t\u00e9 en raison  \nde l'ex\u00e9cution des op\u00e9rations peut \u00eatre pris en charge par l'ADEME.\n\u00c0 d\u00e9faut d'entente amiable, leur montant est fix\u00e9 par le tribunal administratif comp\u00e9tent.\nARTICLE 4.\nP\u00e9remption de la d\u00e9cision\nLa pr\u00e9sente autorisation est p\u00e9rim\u00e9e de plein droit si elle n'est pas suivie d'effet dans les six mois \u00e0  \ncompter de sa date d'application.\nARTICLE 5.\n2/4\nPr\u00e9fecture de la C\u00f4te-d'Or - 21-2025-09-08-00008 - arr\u00eat\u00e9 pr\u00e9fectoral portant occupation des sols sur l'ancien site de SCMB BLISS \u00e0\nMONTBARD 113\nPublicit\u00e9s et notification\nEn vue de l'information des tiers, le pr\u00e9sent arr\u00eat\u00e9 est publi\u00e9 au recueil des actes administratifs de  \nla pr\u00e9fecture de la C\u00f4te-d'Or.\nLe pr\u00e9sent arr\u00eat\u00e9 fait l'objet d'un affichage en mairie pendant un mois par les soins de Mme le  \nmaire de Montbard.\nLe pr\u00e9sent arr\u00eat\u00e9 est notifi\u00e9 \u00e0 l'ADEME et au propri\u00e9taire de la parcelle la soci\u00e9t\u00e9 BOURGONORM.\nARTICLE 6.\nVoies et d\u00e9lais de recours\nLa pr\u00e9sente d\u00e9cision est susceptible de faire l'objet d'un recours gracieux aupr\u00e8s des services de la  \npr\u00e9fecture  de  la  C\u00f4te-d'Or ainsi  que  d'un  recours  hi\u00e9rarchique  aupr\u00e8s  du  ministre  charg\u00e9  de \nl'environnement dans le d\u00e9lai de deux mois \u00e0 compter de la notification ou de la publication du  \npr\u00e9sent arr\u00eat\u00e9.\nLa pr\u00e9sente d\u00e9cision est soumise \u00e0 un contentieux de pleine juridiction. Elle peut \u00eatre d\u00e9f\u00e9r\u00e9e \u00e0 la  \njuridiction administrative comp\u00e9tente, le tribunal administratif de Dijon, dans les d\u00e9lais pr\u00e9vus \u00e0  \nl'article R. 421-1 du Code de justice administrative, \u00e0 savoir dans un d\u00e9lai de deux mois \u00e0 compter  \nde la notification ou de la publication du pr\u00e9sent arr\u00eat\u00e9.\nLe tribunal administratif peut \u00eatre saisi d'un recours d\u00e9pos\u00e9 via l'application T\u00e9l\u00e9recours citoyens,  \naccessible par le site Internet www.telerecours.fr.\nARTICLE 7 .\nModalit\u00e9s d'ex\u00e9cution\nUne copie du pr\u00e9sent arr\u00eat\u00e9 est adress\u00e9e \u00e0 :\n- M. le sous-pr\u00e9fet de Montbard ;\n- Mme le maire de Montbard ;\n- M. le directeur r\u00e9gional de l'environnement, de l'am\u00e9nagement et du logement de la r\u00e9gion  \nBourgogne-Franche-Comt\u00e9 ;\n- M. le directeur d\u00e9partemental des services d'incendie et de secours de la C\u00f4te-d'Or ;\n- M. le commandant le groupement de gendarmerie de la C\u00f4te-d'Or ;\n- M. le  chef  de  l'unit\u00e9  d\u00e9partementale  de  la  C\u00f4te-d'Or de  la  direction  r\u00e9gionale  de  \nl'environnement, de l'am\u00e9nagement et du logement Bourgogne-Franche-Comt\u00e9 ;\ncharg\u00e9s,  chacun  en  ce  qui  le  concerne,  d'en  assurer  l'application  et  l'ex\u00e9cution.  Chacun  des \nresponsables charg\u00e9s de l'ex\u00e9cution des prestations doit \u00eatre muni d'une ampliation du pr\u00e9sent  \narr\u00eat\u00e9 qu'il est tenu de pr\u00e9senter \u00e0 toute r\u00e9quisition.\nFait \u00e0 Dijon,\n                                                             Le pr\u00e9fet\nPour le pr\u00e9fet et par d\u00e9l\u00e9gation\nLe secr\u00e9taire g\u00e9n\u00e9ral\nsign\u00e9\nDenis BRUEL\n3/4\nPr\u00e9fecture de la C\u00f4te-d'Or - 21-2025-09-08-00008 - arr\u00eat\u00e9 pr\u00e9fectoral portant occupation des sols sur l'ancien site de SCMB BLISS \u00e0\nMONTBARD 114\nANNEXE 1 \u2013 Plan des parcelles cadastrales\n4/4\nPr\u00e9fecture de la C\u00f4te-d'Or - 21-2025-09-08-00008 - arr\u00eat\u00e9 pr\u00e9fectoral portant occupation des sols sur l'ancien site de SCMB BLISS \u00e0\nMONTBARD 115\nPr\u00e9fecture de la C\u00f4te-d'Or\nDirection des Collectivit\u00e9s locales et des\nElections \n21-2025-09-04-00002\nArr\u00eat\u00e9 pr\u00e9fectoral n\u00b0 1373 portant modification\nde la commission de contr\u00f4le des listes\n\u00e9lectorales de la commune de BELLEFOND\nPr\u00e9fecture de la C\u00f4te-d'Or - 21-2025-09-04-00002 - Arr\u00eat\u00e9 pr\u00e9fectoral n\u00b0 1373 portant modification de la commission de contr\u00f4le des\nlistes \u00e9lectorales de la commune de BELLEFOND 116\nExPREFETDE LACOTE-D'ORLibert\u00e9Egalit\u00e9Fraternit\u00e9\nSECR\u00c9TARIAT G\u00c9N\u00c9RAL\nDirection des collectivit\u00e9s locales et des \u00e9lections\nBureau des \u00e9lections et de la r\u00e9glementation\nAffaire suivie par : Delphine CHERDON\nT\u00e9l : 03 80 44 65 42\nm\u00e9l : delphine.cherdon@cote-dor.gouv.fr\nARRETE PREFECTORAL n\u00b0 1373 du 4 septembre 2025\nportant modification de la commission de contr\u00f4le des listes \u00e9lectorales de la commune \nDe BELLEFOND\nLe Pr\u00e9fet de la r\u00e9gion Bourgogne-Franche-Comt\u00e9\nPr\u00e9fet de la C\u00f4te-d'Or\nVU le code \u00e9lectoral, notamment, ses articles L. 19 et R7 \u00e0 R11 ;\nVU l'arr\u00eat\u00e9 pr\u00e9fectoral n\u00b0 107 du 25 f\u00e9vrier 2019 modifi\u00e9 par l'arr\u00eat\u00e9 du 21 mars 2019 portant nomination des\nmembres de la commission de contr\u00f4le des listes \u00e9lectorales dans les communes du d\u00e9partement de la C\u00f4te\nd'Or ;\nVU l'arr\u00eat\u00e9 pr\u00e9fectoral n\u00b0 29 du 4 janvier 2024  portant renouvellement des commissions de contr\u00f4le des listes\n\u00e9lectorales des communes de l'arrondissement de DIJON ;\nVU l'arr\u00eat\u00e9 pr\u00e9fectoral n\u00b0 813 / SG du 13 juin 2025 donnant d\u00e9l\u00e9gation de signature \u00e0 Monsieur Denis BRUEL\nsecr\u00e9taire g\u00e9n\u00e9ral de la pr\u00e9fecture de la C\u00f4te-d'Or ;\nVU la demande de Monsieur le Maire de BELLEFOND de d\u00e9signer un nouveau membre \u00e0 la commission de\ncontr\u00f4le  des  listes  \u00e9lectorales  de  sa  commune en  remplacement  de  Monsieur  Fr\u00e9d\u00e9ric  ARMENJON,\nd\u00e9missionnaire ;\nSUR proposition du Secr\u00e9taire G\u00e9n\u00e9ral de la pr\u00e9fecture de la C\u00f4te d'Or ;\nA R R E T E\nArticle 1er \u2013  Madame Elodie TOURATIER n\u00e9e LEVEAU le 26 ao\u00fbt 1975 \u00e0 TROYES (Aube), conseill\u00e8re municipale, est\nnomm\u00e9e  membre  \u00e0  la  commission  de  contr\u00f4le  des  listes  \u00e9lectorales  de  la  commune  de  BELLEFOND\nconform\u00e9ment \u00e0 la p\u00e9riode de validit\u00e9 de l'arr\u00eat\u00e9 pr\u00e9fectoral n\u00b029 du 4 janvier 2024 mentionn\u00e9 ci-dessus.\nArticle 2 \u2013  Le Secr\u00e9taire G\u00e9n\u00e9ral de la Pr\u00e9fecture de la C\u00f4te d'Or et le maire de BELLEFOND sont charg\u00e9s, chacun\nen ce qui le concerne, de l'ex\u00e9cution du pr\u00e9sent arr\u00eat\u00e9 qui sera publi\u00e9 au recueil des actes administratifs de la\npr\u00e9fecture de la C\u00f4te d'Or.\nFait \u00e0 Dijon, le 4 septembre 2025\nLe Pr\u00e9fet,\nPour le Pr\u00e9fet et par d\u00e9l\u00e9gation,\nLe secr\u00e9taire g\u00e9n\u00e9ral\n                                                              Sign\u00e9                  Denis BRUEL\nPr\u00e9fecture de la C\u00f4te-d'Or \n53 rue de la Pr\u00e9fecture - 21041 DIJON cedex\nt\u00e9l : 03 80 44 64 00 \nSite internet : http://www.cote-dor.gouv.fr\nPr\u00e9fecture de la C\u00f4te-d'Or - 21-2025-09-04-00002 - Arr\u00eat\u00e9 pr\u00e9fectoral n\u00b0 1373 portant modification de la commission de contr\u00f4le des\nlistes \u00e9lectorales de la commune de BELLEFOND 117\nPr\u00e9fecture de la C\u00f4te-d'Or\nDirection des Collectivit\u00e9s locales et des\nElections \n21-2025-08-29-00005\nArr\u00eat\u00e9 pr\u00e9fectoral portant restitution de la\ncomp\u00e9tence facultative cr\u00e9ation, gestion et\nentretien de la chambre fun\u00e9raire de la\ncommunaut\u00e9 de communes Tille et Venelle\nPr\u00e9fecture de la C\u00f4te-d'Or - 21-2025-08-29-00005 - Arr\u00eat\u00e9 pr\u00e9fectoral portant restitution de la comp\u00e9tence facultative cr\u00e9ation,\ngestion et entretien de la chambre fun\u00e9raire de la communaut\u00e9 de communes Tille et Venelle 118\nExPREFETDE LACOTE-D'ORLibert\u00e9Egalit\u00e9Fraternit\u00e9\nDIRECTION DES COLLECTIVIT\u00c9S LOCALES ET DES \u00c9LECTIONS\nBUREAU DES COLLECTIVIT\u00c9S LOCALES\nAffaire suivie par : Yohan CHORYNSKI\nT\u00e9l : 03.80.44.66.13\nm\u00e9l : yohan.chorynski@cote-dor.gouv.fr\nArr\u00eat\u00e9 pr\u00e9fectoral\nportant restitution de la comp\u00e9tence facultative \u00ab cr\u00e9ation, gestion et entretien de la \nchambre fun\u00e9raire \u00bb de la communaut\u00e9 de communes Tille et Venelle\nLe pr\u00e9fet de la r\u00e9gion Bourgogne-Franche-Comt\u00e9\nPr\u00e9fet de la C\u00f4te-d'Or\nVU le code g\u00e9n\u00e9ral des collectivit\u00e9s territoriales, et notamment ses articles L. 5211-5, L. 5211-17-1, et L.  \n5214-16 ; \nVU le d\u00e9cret n\u00b0 2004-374 du 29 avril 2004 relatif aux pouvoirs des pr\u00e9fets, \u00e0 l'organisation et \u00e0 l'action  \ndes services de l'\u00c9tat dans les r\u00e9gions et d\u00e9partements ; \nVU l'arr\u00eat\u00e9 pr\u00e9fectoral du 12 d\u00e9cembre 2016 portant cr\u00e9ation d'un nouvel \u00e9tablissement public de  \ncoop\u00e9ration intercommunale issu de la fusion des communaut\u00e9s de communes des sources de la Tille  \net du canton de Selongey, d\u00e9nomm\u00e9 \u00ab  communaut\u00e9 de communes Tille et Venelle  \u00bb, \u00e0 compter du 1 er \njanvier 2017 ; \nVU les arr\u00eat\u00e9s modificatifs du 27 d\u00e9cembre 2017 , du 29 juin 2021 et du 25 novembre 2024 ; \nVU l'arr\u00eat\u00e9 pr\u00e9fectoral n\u00b0 813/SG du 13 juin 2025 donnant d\u00e9l\u00e9gation de signature \u00e0 Monsieur Denis  \nBRUEL, secr\u00e9taire g\u00e9n\u00e9ral de la pr\u00e9fecture de la C\u00f4te-d'Or ; \nVU la d\u00e9lib\u00e9ration n\u00b0 25D04-19 de la communaut\u00e9 de communes Tille et Venelle du 15 avril 2025  \nrelative \u00e0 la restitution de la comp\u00e9tence \u00ab cr\u00e9ation, gestion et entretien de la chambre fun\u00e9raire \u00bb ; \nVU les d\u00e9lib\u00e9rations adopt\u00e9es par les conseils municipaux des communes membres de la communaut\u00e9  \nde communes Tille et Venelle, en ce compris la d\u00e9lib\u00e9ration de l'organe d\u00e9lib\u00e9rant de la commune  \ndont la population est sup\u00e9rieure au quart de la population totale de la communaut\u00e9 de communes  \n(Selongey),  pendant  le  d\u00e9lai  de  consultation  pr\u00e9vu  \u00e0  l'article  L.  5211-17-1  du  code  g\u00e9n\u00e9ral  des \ncollectivit\u00e9s territoriales ;\nCONSID\u00c9RANT que  les  conditions  de  majorit\u00e9  requises  par  le  code  g\u00e9n\u00e9ral  des  collectivit\u00e9s \nterritoriales sont remplies ;\nSUR proposition de la secr\u00e9taire g\u00e9n\u00e9rale adjointe de la pr\u00e9fecture de la C\u00f4te-d'Or ; \nPr\u00e9fecture de la C\u00f4te-d'Or \u2013 \nBureau des Collectivit\u00e9s Locales et des Elections - 53 rue de la Pr\u00e9fecture \u2013 21041 DIJON cedex\nm\u00e8l : pref-bali@cote-dor.gouv.\nSite internet : http://www.cote-dor.gouv.fr\nPr\u00e9fecture de la C\u00f4te-d'Or - 21-2025-08-29-00005 - Arr\u00eat\u00e9 pr\u00e9fectoral portant restitution de la comp\u00e9tence facultative cr\u00e9ation,\ngestion et entretien de la chambre fun\u00e9raire de la communaut\u00e9 de communes Tille et Venelle 119\nARR\u00caTE\nArticle  1er :  \u00c0 compter  du  lendemain  de  la  publication  du  pr\u00e9sent  arr\u00eat\u00e9  au  recueil  des  actes \nadministratifs  de  la  pr\u00e9fecture  de  C\u00f4te-d'Or,  la  comp\u00e9tence  facultative  de  la  communaut\u00e9  de \ncommunes Tille et Venelle en mati\u00e8re de \u00ab  cr\u00e9ation, gestion et entretien de la chambre fun\u00e9raire \u00bb est \nrestitu\u00e9e aux communes membres de la communaut\u00e9 de communes, dont les statuts sont modifi\u00e9s  \nconform\u00e9ment \u00e0 l'annexe qui est jointe au pr\u00e9sent arr\u00eat\u00e9.\nArticle 2 : Le reste est sans changement. \nArticle 3 : En application des dispositions des articles R. 421-1, R. 421-5 et R. 312-1 du code de justice  \nadministrative, le pr\u00e9sent arr\u00eat\u00e9 peut faire l'objet d'un recours contentieux dans un d\u00e9lai de deux mois  \n\u00e0  compter  de  sa  publication  aupr\u00e8s  du  Tribunal  Administratif  de  Dijon,  \n22 rue d'Assas - BP 61616 - 21016 Dijon ou greffe.ta-dijon@juradm.fr. \nArticle 4 :  Le secr\u00e9taire g\u00e9n\u00e9ral de la pr\u00e9fecture de la C\u00f4te-d'Or, le pr\u00e9sident de la communaut\u00e9 de  \ncommunes  Tille  et  Venelle,  les  maires  des  communes  d'Avot,  Barjon,  Boussenois,  Busserotte-et-\nMontenaille, Bussi\u00e8res, Chazeuil, Courlon, Cussey-les-Forges, Foncegrive, Fraignot et Vesvrotte, Grancey-\nle-Ch\u00e2teau-Neuvelle, Le Meix, Orville, Sacquenay, Salives, Selongey, Vernois-l\u00e8s-Vesvres et V\u00e9ronnes  \nsont charg\u00e9s, chacun en ce qui le concerne, de l'ex\u00e9cution du pr\u00e9sent arr\u00eat\u00e9 qui sera publi\u00e9 au recueil  \ndes actes administratifs de la pr\u00e9fecture et dont copie sera adress\u00e9e, pour information \u00e0 :\n\u2022 Mme la directrice r\u00e9gionale des finances publiques de la Bourgogne-Franche-Comt\u00e9 et de la  \nC\u00f4te-d'Or ;\n\u2022 M. le pr\u00e9sident de la chambre r\u00e9gionale des comptes de Bourgogne-Franche Comt\u00e9 ; \n\u2022 M. le directeur des archives d\u00e9partementales de la C\u00f4te-d'Or ;\n\u2022 Mme la directrice d\u00e9partementale des territoires ;\n\u2022 M. le directeur g\u00e9n\u00e9ral de l'agence r\u00e9gionale de sant\u00e9 de Bourgogne-Franche-Comt\u00e9. \nFait \u00e0 Dijon, le 29 ao\u00fbt 2025\nLe pr\u00e9fet, \npour le pr\u00e9fet et par d\u00e9l\u00e9gation, \nla secr\u00e9taire g\u00e9n\u00e9rale adjointe, \nOriginal sign\u00e9\nMagalie MALERBA\nPr\u00e9fecture de la C\u00f4te-d'Or \u2013 \nBureau des Collectivit\u00e9s Locales et des Elections - 53 rue de la Pr\u00e9fecture \u2013 21041 DIJON cedex\nm\u00e8l : pref-bali@cote-dor.gouv.\nSite internet : http://www.cote-dor.gouv.fr\nPr\u00e9fecture de la C\u00f4te-d'Or - 21-2025-08-29-00005 - Arr\u00eat\u00e9 pr\u00e9fectoral portant restitution de la comp\u00e9tence facultative cr\u00e9ation,\ngestion et entretien de la chambre fun\u00e9raire de la communaut\u00e9 de communes Tille et Venelle 120\nTl! | eVen ePorte de BourgogCOMMUNAUTE DE COMMUNES\nCOMP\u00c9TENCES DE LA COMMUNAUT\u00c9 DE COMMUNES TILLE & \nVENELLE \nR\u00c9VISION STATUTAIRE ADOPT\u00c9E EN CONSEIL COMMUNAUTAIRE \nD\u00e9lib\u00e9ration n\u00b025D04-19\n1- Comp\u00e9tences obligatoires :   \nEn mati\u00e8re d'am\u00e9nagement : \n- Am\u00e9nagement de l'espace pour la conduite d'actions d'int\u00e9r\u00eat communautaire ; \n- Sch\u00e9ma de coh\u00e9rence territoriale et sch\u00e9ma de secteur ; \n- Plan local d'urbanisme, document d'urbanisme en tenant lieu et carte communale\nEn mati\u00e8re de d\u00e9veloppement \u00e9conomique : \n- Actions de d\u00e9veloppement \u00e9conomique dans les conditions pr\u00e9vues \u00e0 l'article L. \n4251-17 ; \n- Cr\u00e9ation, am\u00e9nagement, entretien et gestion de zones d'activit\u00e9 industrielle, \ncommerciale, tertiaire, artisanale, touristique, portuaire ou a\u00e9roportuaire ; \n- Politique locale du commerce et soutien aux activit\u00e9s commerciales d'int\u00e9r\u00eat \ncommunautaire ; \n- Promotion du tourisme, dont la cr\u00e9ation d'offices de tourisme sans pr\u00e9judice de \nl'animation touristique qui est une comp\u00e9tence partag\u00e9e, au sens de l'article L. \n1111-4, avec les communes membres de l'\u00e9tablissement public de coop\u00e9ration \nintercommunale \u00e0 fiscalit\u00e9 propre ;\nGestion des milieux aquatiques et pr\u00e9vention des inondations, dans les conditions pr\u00e9vues \u00e0 \nl'article L. 211-7 du code de l'environnement ;\nCr\u00e9ation, am\u00e9nagement, entretien et gestion des aires d'accueil des gens du voyage et des \nterrains familiaux locatifs d\u00e9finis aux 1\u00b0 \u00e0 3\u00b0 du II de l'article 1er de la loi n\u00b0 2000-614 du 5 \njuillet 2000 relative \u00e0 l'accueil et \u00e0 l'habitat des gens du voyage ;\nCollecte et traitement des d\u00e9chets des m\u00e9nages et d\u00e9chets assimil\u00e9s ;\n2- Comp\u00e9tences suppl\u00e9mentaires :  \nLes comp\u00e9tences suppl\u00e9mentaires pr\u00e9vues par la loi et soumises \u00e0 la d\u00e9finition d 'un int\u00e9r\u00eat \ncommunautaire : \n- Protection et mise en valeur de l'environnement, le cas \u00e9ch\u00e9ant dans le cadre de \nsch\u00e9mas d\u00e9partementaux et soutien aux actions de ma\u00eetrise de la demande d'\u00e9nergie \n;\n- Politique du logement et du cadre de vie \nEn mati\u00e8re de politique de la ville : \u00e9laboration du diagnostic du territoire et d\u00e9finition \ndes orientations du contrat de ville ; animation et coordination des dispositifs \ncontractuels de d\u00e9veloppement urbain, de d\u00e9veloppement local et d'insertion \n\u00e9conomique et sociale ainsi que des dispositifs locaux de pr\u00e9vention de la \nd\u00e9linquance ; programmes d'actions d\u00e9finis dans le contrat de ville ;\nPr\u00e9fecture de la C\u00f4te-d'Or - 21-2025-08-29-00005 - Arr\u00eat\u00e9 pr\u00e9fectoral portant restitution de la comp\u00e9tence facultative cr\u00e9ation,\ngestion et entretien de la chambre fun\u00e9raire de la communaut\u00e9 de communes Tille et Venelle 121\n- Action sociale d'int\u00e9r\u00eat communautaire.\n- Participation \u00e0 une convention France Services et d\u00e9finition des obligations de \nservice public y aff\u00e9rentes en application de l'article 27-2 de la loi n\u00b0 2000-321 du 12 \navril 2000 relative aux droits des citoyens dans leurs relations avec les \nadministrations.\n3- Comp\u00e9tences facultatives :  \nAssainissement non collectif : les contr\u00f4les \n- De conception, d'implantation et de bonne ex\u00e9cution sur les installations neuves ou \nr\u00e9habilit\u00e9es,\n- Du bon fonctionnement.\nInterconnexion \u2013 ressource de Pavillon : \n- Production et stockage d'eau issue de la ressource de Pavillon ;\n- Protection de la ressource de Pavillon (sur la commune de Grancey le Ch\u00e2teau) ;\n- Transport d'eau et ventes d'eau en gros de la ressource de Pavillon ;\nEau et milieux aquatiques : \n- La ma\u00eetrise des eaux pluviales et de ruissellement ou la lutte contre l'\u00e9rosion des sols \n(4\u00b0 de l'article L. 211-7 du Code de l'environnement) ;\n- La protection et la conservation des eaux superficielles et souterraines (7\u00b0 de l'article \nL. 211-7 du Code de l'environnement)\n- La mise en place et l'exploitation de dispositifs de surveillance de la ressource en eau \net des milieux aquatiques (11\u00b0 de l'article L. 211-7 du Code de l'environnement)\n- L'animation et la concertation dans le domaine de la gestion et de la protection de la \nressource en eau et des milieux aquatiques dans un sous-bassin ou un groupement \nde sous-bassins, ou dans un syst\u00e8me aquif\u00e8re, correspondant \u00e0 une unit\u00e9 \nhydrographique (12\u00b0 de l'article L. 211-7 du Code de l'environnement) ;\nAffaires culturelles :\n- Soutien aux manifestations et actions culturelles reconnues de rayonnement \nintercommunal et au-del\u00e0 ;\n- Participation financi\u00e8re au fonctionnement de l'Ecole de Musique intercommunautaire \nLa communaut\u00e9 de communes Tille et Venelle est habilit\u00e9e, dans le respect des r\u00e8gles en \nvigueur, \u00e0 r\u00e9aliser des prestations de services pour les structures intercommunales voisines ;\nDe mani\u00e8re g\u00e9n\u00e9rale, la Communaut\u00e9 de communes Tille et Venelle est autoris\u00e9e \u00e0 adh\u00e9rer \n\u00e0 toute structure intercommunale ou \u00e9tablissement public dont les enjeux sont en coh\u00e9rence \navec les orientations de d\u00e9veloppement de la Communaut\u00e9 de communes.\nMobilit\u00e9 : la Communaut\u00e9 de communes Tille & Venelle est autorit\u00e9 organisatrice de la \nmobilit\u00e9 (AOM)\nPr\u00e9fecture de la C\u00f4te-d'Or - 21-2025-08-29-00005 - Arr\u00eat\u00e9 pr\u00e9fectoral portant restitution de la comp\u00e9tence facultative cr\u00e9ation,\ngestion et entretien de la chambre fun\u00e9raire de la communaut\u00e9 de communes Tille et Venelle 122\nPr\u00e9fecture de la C\u00f4te-d'Or\nP\u00f4le juridique inter-services\n21-2025-09-11-00002\nArr\u00eat\u00e9 pr\u00e9fectoral N\u00b0  1394  du   11 septembre\n2025  donnant d\u00e9l\u00e9gation de signature \u00e0\nMadame Mathilde MARMIER,\nDirectrice G\u00e9n\u00e9rale de l'Agence R\u00e9gionale de\nSant\u00e9 de Bourgogne-Franche-Comt\u00e9, \n               pour la C\u00f4te-d'Or\nPr\u00e9fecture de la C\u00f4te-d'Or - 21-2025-09-11-00002 - Arr\u00eat\u00e9 pr\u00e9fectoral N\u00b0  1394  du   11 septembre 2025  donnant d\u00e9l\u00e9gation de\nsignature \u00e0 Madame Mathilde MARMIER,\nDirectrice G\u00e9n\u00e9rale de l'Agence R\u00e9gionale de Sant\u00e9 de Bourgogne-Franche-Comt\u00e9, \n               pour la C\u00f4te-d'Or\n123\n.\nE/ .PREFET | SECR\u00c9TARIAT G\u00c9N\u00c9RALDE LA Direction de la coordination des politiques publiquesCOTE-D'OR et de I'appui territorialLibert\u00e9 'Egalit\u00e9Fraternit\u00e9\nArr\u00e9t\u00e9 pr\u00e9fectoral N\u00b0 1394 du 11 septembre 2025donnant d\u00e9l\u00e9gation de signature a Madame Mathilde MARMIER,Directrice G\u00e9n\u00e9rale de l'Agence R\u00e9gionale de Sant\u00e9 de Bourgogne-Franche-Comte,' pour la C\u00f4te-d'OrLe pr\u00e9fet de la C\u00f4te-d'OrVu le code de la sant\u00e9 publique;Vu le code de la d\u00e9fense 'Vu le code g\u00e9n\u00e9ral des collectivit\u00e9s territoriales ;Vu le code de I'environnement :Vu le code de la consommation ;Vu le code du travail ; |Vu le code de l'action sociale et des familles ;Vu le code de l'entr\u00e9e et du s\u00e9jour des \u00e9trangers et du droit d'asile ;Vu la loi n\u00b0 2009-879 du 21 juillet 2009 portant r\u00e9forme de l'h\u00f4pital et relative aux patients, \u00e0la sant\u00e9 et aux territoires ;Vu la loi n\u00b0 2015-29 du 16 janvier 2015 relative \u00e0 la d\u00e9limitation des r\u00e9gions, aux \u00e9lectionsr\u00e9gionales et d\u00e9partementales et modifiant le calendrier \u00e9lectoral ;Vu l'ordonnance n\u00b0 2010-177 du 23 f\u00e9vrier 2010 de coordihation pour la loi n\u00b02009-879 du21 juillet 2009 portant r\u00e9forme de l'h\u00f4pital et relative aux patients, \u00e0 la sant\u00e9 et aux territoiresVu I'ordonnance n\u00b0 2015-1620 du 10 d\u00e9cembre 2015 adaptant les agences r\u00e9gionales desant\u00e9 et les unions r\u00e9gionales de professionnels de sant\u00e9 \u00e0 la nouvelle d\u00e9limitation desr\u00e9gions ;Vu le d\u00e9cret n\u00b0 2004-374 du 29 avril 2004 relatif aux pouvoirs des pr\u00e9fets, \u00e0 l'organisation et\u00e0 l'action des services de l'\u00c9tat dans les r\u00e9gions et d\u00e9partements, modifi\u00e9 par le d\u00e9cret n\u00b02010-146 du 16 f\u00e9vrier 2010 par le d\u00e9cret n\u00b0 2010-687 du 24 juin 2010 et le D\u00e9cret n\u00b0 2025-723 du 30 juillet 2025; 'Vu le d\u00e9cret n\u00b0 2008-158 du 22 f\u00e9vrier 2008 relatif \u00e0 la suppl\u00e9ance des pr\u00e9fets de r\u00e9gion et \u00e0la d\u00e9l\u00e9gation de signature des pr\u00e9fets et hauts commissaires de la R\u00e9publique en Polyn\u00e9siefran\u00e7aise et en Nouvelle-Cal\u00e9donie ;\n1/4\nPr\u00e9fecture de la C\u00f4te-d'Or - 21-2025-09-11-00002 - Arr\u00eat\u00e9 pr\u00e9fectoral N\u00b0  1394  du   11 septembre 2025  donnant d\u00e9l\u00e9gation de\nsignature \u00e0 Madame Mathilde MARMIER,\nDirectrice G\u00e9n\u00e9rale de l'Agence R\u00e9gionale de Sant\u00e9 de Bourgogne-Franche-Comt\u00e9, \n               pour la C\u00f4te-d'Or\n124\nVu le d\u00e9cret n\u00b0 2025-724 du 30 juillet 2025 \u00e9tendant le pouvonr de d\u00e9rogation reconnu aupr\u00e9fet et pris pour l'application du d\u00e9cret modifiant le d\u00e9cret n\u00b0 2004-374 du 29 avril 2004relatif aux pouvoirs des pr\u00e9fets, \u00e0 l'organisation et \u00e0 l'action des services de l'Etat dans lesr\u00e9gions et d\u00e9partements;\nVu le d\u00e9cret n\u00b0 2009-176 du 16 f\u00e9vrier 2009 modifiant le d\u00e9cret n\u00b0 64-805 du 29 juillet 1964fixant les dispositions r\u00e9glementaires applicables aux pr\u00e9fets ;Vu le d\u00e9cret n\u00b0 2010-336 du 31 mars 2010 portant cr\u00e9ation des agences r\u00e9gionales de sant\u00e9Vu le d\u00e9cret n\u00b0 2010-338 du 31 mars 2010 relatif aux relations entre les repr\u00e9sentants del'\u00c9tat dans le d\u00e9partement, dans la zone de d\u00e9fense et dans la R\u00e9gion et l'agence r\u00e9gionalede sant\u00e9 pour I'application des articles L.435-1, L.435-2 et L.435-7 du code de la sant\u00e9publique;Vu le d\u00e9cret n\u00b0 2010-344 du 31 mars 2010 tirant les cons\u00e9quences, au niveaur\u00e9glementaire, de l'intervention de la loi n\u00b02009-879 du 21 juillet 2009 portant r\u00e9forme del'h\u00f4pital.et relative aux patients, \u00e0 la sant\u00e9 et aux territoires ;Vu le d\u00e9cret n\u00b0 2015-1650 du 11 d\u00e9cembre 2015 adaptant les agences r\u00e9gionales de sant\u00e9\u00e0 la nouvelle d\u00e9limitation des r\u00e9gions et prorogeant le mandat des unlons r\u00e9gionales deprofessionnels de sant\u00e9 regroupant les infirmiers;Vu Ie d\u00e9cret du 10 octobre 2024 nommant Mon3|eur Paul MOURIER, pr\u00e9fet de la r\u00e9gionA Bourgogne Franche-Comt\u00e9, pr\u00e9fet de la C\u00f4te d'Or;Vu le d\u00e9cret du 30 juillet 2025 nommant Madame Mathilde MARMIER, directrice generale del'agence r\u00e9gionale de sant\u00e9 de Bourgogne-Franche-Comt\u00e9 \u00e0 compter du 21 novembre2022;Vu la d\u00e9cision d'organisation n\u00b0 2024-018 du directeur g\u00e9n\u00e9ral de l'agence r\u00e9gionale desant\u00e9 de Bourgogne-Franche-Comt\u00e9 portant organisation de l'ARS Bourgogne- Franche-'Comt\u00e9 en date du 1er mars 2024;Vu la d\u00e9cision n\u00b0 2024-041 portant nomination de l'\u00e9quipe d'encadrement de l'agencer\u00e9gionale de sant\u00e9 de Bourgogne-Franche-Comt\u00e9 en date du 27 juin 2024 ;Vu le protocole sign\u00e9 le 28 ao\u00fbt 2017 entre la Pr\u00e9f\u00e8te de la C\u00f4te-d'Or et le Directeur G\u00e9n\u00e9ralde 'ARS de Bourgogne-Franche-Comt\u00e9 ;Sur proposition du secr\u00e9taire g\u00e9n\u00e9ral de la Pr\u00e9fecture de la C\u00f4te-d'Or.\nARR\u00caTEArticle 1:L'arr\u00eat\u00e9 pr\u00e9fectoral N\u00b0 1358 du 8 ao\u00fbt 2024 donnant d\u00e9l\u00e9gation de signature \u00e0 M. COIPLET,directeur g\u00e9n\u00e9ral de l'agence r\u00e9gionale de sant\u00e9 de Bourgogne-Franche-Comt\u00e9 et toutesdispositions ant\u00e9rieures sont abrog\u00e9s.\n2/4\nPr\u00e9fecture de la C\u00f4te-d'Or - 21-2025-09-11-00002 - Arr\u00eat\u00e9 pr\u00e9fectoral N\u00b0  1394  du   11 septembre 2025  donnant d\u00e9l\u00e9gation de\nsignature \u00e0 Madame Mathilde MARMIER,\nDirectrice G\u00e9n\u00e9rale de l'Agence R\u00e9gionale de Sant\u00e9 de Bourgogne-Franche-Comt\u00e9, \n               pour la C\u00f4te-d'Or\n125\nArticle 2 :D\u00e9l\u00e9gation est donn\u00e9e \u00e0 Madame Mathilde MARMIER, directrice g\u00e9n\u00e9rale de l'agencer\u00e9gionale de sant\u00e9 de Bourgogne-Franche-Comt\u00e9, pour le d\u00e9partement de la C\u00f4te-d'Or, \u00e0l'effet de signer dans le cadre de ses attributions et comp\u00e9tences, les actes d'instruction,correspondances administratives relevant des domaines d'activit\u00e9s pr\u00e9vues par le protocoleaux chapitres suivants : |\na) Chapitre | du titre Il du protocole vis\u00e9, ci-dessus, concernant les soins psychiatriques sansconsentement : pour aviser les autorit\u00e9s et les personnes mentionn\u00e9es \u00e0 l'article L 3213-9 duCode de la sant\u00e9 publique de toute d\u00e9cision prise pour les patients.b) Chapitre II du titre Il du protocole vis\u00e9, ci-dessus, listant les proc\u00e9dures pour lesquelles lesactes d'instructions et les correspondances administratives sont d\u00e9l\u00e9gu\u00e9es au directeurg\u00e9n\u00e9ral de |'agence r\u00e9gionale de la sant\u00e9 par le pr\u00e9fet de d\u00e9partement, dans les domainessuivants :- Eaux destin\u00e9es \u00e0 la consommation humaine,- Eaux min\u00e9rales naturelles,- Eaux conditionn\u00e9es,- Eaux de loisirs,- Salubrit\u00e9 des immeubles et risques sanitaires associ\u00e9s dans les b\u00e2timents accueillant dupublic, ' '- Amiante,- Plomb et saturnisme infantile,- Nuisances sonores,- D\u00e9chets d'activit\u00e9 de soins,- Radionucl\u00e9ides naturels,- Rayonnements non ionisants,Article 3 :En cas d'absence ou d'emp\u00eachement de Madame Mathilde MARMIER, directrice g\u00e9n\u00e9rale. de l'ARS Bourgogne Franche-Comt\u00e9, d\u00e9l\u00e9gation de signature est donn\u00e9e :Pour l'ensemble des actes vis\u00e9s \u00e0 l'article 1\u00b0\" :- Monsieur Mohamed SI ABDALLAH, directeur g\u00e9n\u00e9ral adjoint de I'ARS Bourgogne-Franche-Comt\u00e9, - ' _Pour l'article 1er a) concernant les soins psychiatriques sans consentement :- Mme Sophie VALDENAIRE-RATTO, Secr\u00e9taire g\u00e9n\u00e9rale, ARS Bourgogne-Franche-Comte, '- M. Alexandre ZILIO, adjoint du d\u00e9partement des affaires juridiques,- Mme Nassima RABEI, adjointe du d\u00e9partement des affaires juridiques,Pour l'article 1er b) concernant les mati\u00e8res suivantes :- Eaux destin\u00e9es \u00e0 la consommation humaine,- Eaux min\u00e9rales naturelles,- Eaux conditionn\u00e9es,- Eaux de loisirs,\n3/4\nPr\u00e9fecture de la C\u00f4te-d'Or - 21-2025-09-11-00002 - Arr\u00eat\u00e9 pr\u00e9fectoral N\u00b0  1394  du   11 septembre 2025  donnant d\u00e9l\u00e9gation de\nsignature \u00e0 Madame Mathilde MARMIER,\nDirectrice G\u00e9n\u00e9rale de l'Agence R\u00e9gionale de Sant\u00e9 de Bourgogne-Franche-Comt\u00e9, \n               pour la C\u00f4te-d'Or\n126\n- Salubrit\u00e9 des immeubles et risques sanitaires associ\u00e9s dans les batlments accueillant.dupublic,- Amiante,- Plomb et saturnisme infantile,- Nuisances sonores,- D\u00e9chets d'activit\u00e9 de soins, Radionucl\u00e9ides naturels,- Rayonnements non ionisants.\nLes agents suivants de l'ARS re\u00e7oivent d\u00e9l\u00e9gation de signature- Monsieur Eric LALAURIE, adjoint au directeur de la sant\u00e9 publique, chef du d\u00e9partementPr\u00e9vention Sant\u00e9 Environnement,- Madame Genevieve FRIBOURG, adjointe au directeur de la sante publique, cheffe dud\u00e9partement Veille et S\u00e9curit\u00e9 Sanltalre- Monsieur Bruno MAESTRI et Mme Estelle BECHEROT, adjoints au chef du departementpr\u00e9vention sant\u00e9 environnement de l'ARS Bourgogne-Franche-Comt\u00e9,- Madame Graziella MIDELET, responsable de l'unit\u00e9 territoriale sant\u00e9 environnement dud\u00e9partement de la C\u00f4te-d'Or- Monsieur Bertrand DANIEL, ing\u00e9nieur d'\u00e9tude sanitaire de l'unit\u00e9 territoriale sant\u00e9environnement du d\u00e9partement de la C\u00f4te d'Or- Madame C\u00e9lia FIABANE, ing\u00e9nieure d'\u00e9tude sanitaire de l'unit\u00e9 territoriale santeenvironnement du d\u00e9partement de la C\u00f4te d'OrArticle 4 :Cet arr\u00eat\u00e9 prend effet \u00e0 compter de sa publication au recueil des actes administratifs de lapr\u00e9fecture de la C\u00f4te-d'Or.Article 5 :Le pr\u00e9sent arr\u00eat\u00e9 peut faire l'objet d'un recours contentieux devant le tribunal administratifcomp\u00e9tent dans un d\u00e9lai de deux mois \u00e0 compter de sa publication. Ce recours peut \u00eatred\u00e9pose via l'application \u00ab t\u00e9l\u00e9recours citoyens \u00bb, accessible par le site internet:www.telerecours.fr. ; | |Article 6 :Le Secr\u00e9taire G\u00e9n\u00e9ral de la Pr\u00e9fecture de la C\u00f4te d''Or et la Directrice G\u00e9n\u00e9rale de l'AgenceR\u00e9gionale de Sant\u00e9 de Bourgogne-Franche-Comt\u00e9 sont charg\u00e9s, chacun en ce qui leconcerne, de I'ex\u00e9cution du pr\u00e9sent arr\u00eat\u00e9 qui sera publi\u00e9 au recueil des actes admlmstratlfsde la Pr\u00e9fecture de la C\u00f4te d'Or\nFait \u00e0 Dijon, le 11/09/25Le pr\u00e9fet, |SIGNEPaul MOURIER\n4/4\nPr\u00e9fecture de la C\u00f4te-d'Or - 21-2025-09-11-00002 - Arr\u00eat\u00e9 pr\u00e9fectoral N\u00b0  1394  du   11 septembre 2025  donnant d\u00e9l\u00e9gation de\nsignature \u00e0 Madame Mathilde MARMIER,\nDirectrice G\u00e9n\u00e9rale de l'Agence R\u00e9gionale de Sant\u00e9 de Bourgogne-Franche-Comt\u00e9, \n               pour la C\u00f4te-d'Or\n127\nSous-pr\u00e9fecture de Beaune\nP\u00f4le Collectivit\u00e9s locales\n21-2025-09-11-00004\nArr\u00eat\u00e9 pr\u00e9fectoral 09-25 autorisation The\nMosquitos Drag Race sign\u00e9\nSous-pr\u00e9fecture de Beaune - 21-2025-09-11-00004 - Arr\u00eat\u00e9 pr\u00e9fectoral 09-25 autorisation The Mosquitos Drag Race sign\u00e9 128\nEx SOUS-PR\u00c9FECTUREPR\u00c9FET | DE BEAUNEDE LAC\u00d4TE-D'ORLibert\u00e9\u00c9galit\u00e9Fraternit\u00e9\nAffaire suivie par C\u00e9cile RAVRY ' Beaune, le 11 septembre 2025T\u00e9l : 03 45 43 80 11m\u00e9l : cecile.ravry@cote-dor.gouv.frArr\u00eat\u00e9 pr\u00e9fectoral n\u00b0 1 367portant autorisation de la manifestation sportiveavec participation de v\u00e9hicules terrestres \u00e0 moteurd\u00e9nomm\u00e9e Mosquitos Drag Race et organis\u00e9e les 13 et 14 septembre 2025, \u00e0Liernais, sur le site de l'a\u00e9rodrome de Saulieu-Liernais\nLe sous-pr\u00e9fet de Beaune\nVU le code de la route, notamment ses articles R. 411-5 et R. 411-10 ;VU le code du sport, notamment ses articlesL. 331-1 \u00e0 L. 331-12, L. 332 1 \u00e0 L. 332-21, R. 331-18\u00e0 R. 33145-1, A. 331-16\u00e0 \u00c0. 331-23et A. 331-32;VU le code de l'environnement, notamment ses articles R. 414-19 \u00e0 R. 414-26 ;VU le d\u00e9cret n\u00b0 2010-365 du 9 avril 2010 relatif\u00e0 l'\u00e9valuation des incidences Natura 2000 :VU le d\u00e9cret du 6 juillet 2023 du Pr\u00e9sident de la R\u00e9publique portant nomination de M. Ben0|t BYRSKI,souspr\u00e9fet de Beaune;VU l'arr\u00eat\u00e9 pr\u00e9fectoral n\u00b0 815/SG du 13 juin 2025 donnant d\u00e9l\u00e9gation de signature \u00e0 M. Beno\u00eet BYRSKIsousprefet de Beaune;VU l'arr\u00eat\u00e9 pr\u00e9fectoral du 11 septembre 2025 autorisant le d\u00e9classement de la zone r\u00e9serv\u00e9e de l'a\u00e9rodromede Saulieu-Liernais du 12 au 15 septembre 2025 \u00e0 l'occasion d'une rencontre automobile avec testsd'acc\u00e9l\u00e9ration ;VU l'arr\u00eat\u00e9 temporaire n\u00b0 25-T-00 du septembre 2025 du pr\u00e9sident du conseil d\u00e9partemental de la C\u00f4te-d'Orportant r\u00e9glementation du stationnement et de la circulation sur la RD 106, sur le territoire des communes deSaint-Martin-de-La-Mer et de Liernais;VU les r\u00e8gles techniques et de s\u00e9curit\u00e9 des parcours d'acc\u00e9l\u00e9ration \u00e9dict\u00e9es par la f\u00e9d\u00e9ration fran\u00e7aise desport automobile (FFSA), mises \u00e0 jour en 2025 ;VU la demande re\u00e7ue le 18 ao\u00fbt 2025 sur la plateforme SIMS et amend\u00e9e le 29 ao\u00fbt 2025 par MonsieurEmmanuel MONTAGNE aux fins d'obtenir l'autorisation d'organiser une manifestation sportive aveccomp\u00e9tition comportant la pr\u00e9sence de v\u00e9hicules terrestres \u00e0 moteur d\u00e9nomm\u00e9e \u00ab Mosquitos Drag Race \u00bbles samedi 13 et dimanche 14 septembre 2025, sur la piste de l'a\u00e9rodrome de Saulieu-Liernais, \u00e0 Liernais ;\nSous-pr\u00e9fecture de Beaune - 21-2025-09-11-00004 - Arr\u00eat\u00e9 pr\u00e9fectoral 09-25 autorisation The Mosquitos Drag Race sign\u00e9 129\n2VU l'autorisation accord\u00e9e le 20 ao\u00fbt 2025 par Monsieur Andr\u00e9 BUISSON, pr\u00e9sident de l'a\u00e9roclub deSaulieuLiernais Parc r\u00e9gional du Morvan, gestionnaire de l'a\u00e9rodrome de Saulieu-Liernais, \u00e0 MonsieurEmmanuel MONTAGNE, pr\u00e9sident de I'association The Mosquitos Street and Race, afin d'organiser unerencontre sportive publique sur l'emprise de l'a\u00e9rodrome de Saulieu-Liernais les 13 et 14 septembre 2025 ;VU l'attestation de pr\u00e9sence du docteur Richard CHAMPEAUX sur le site de la manifestation sportive, dat\u00e9edu 18 ao\u00fbt 2025 ;VU l'attestation de pr\u00e9sence d''une ambulance et de son \u00e9quipage \u00e9tablie le 19 ao\u00fbt 2025 par la SASAmbulance du Serein- Jussieu Secours;VU l'attestation de pr\u00e9sence du 21 ao\u00fbt 2025 de DP4S Secours relative \u00e0 la mise en place d'un dispositifpr\u00e9visionnel de secours (DPS); ,VU l'attestation de police d'assvurance \u00e9tablie par AXA le 18 ao\u00fbt 2025 g\u00e0rantissant la responsabilit\u00e9 civile deThe Mosquitos Street Race pour I'\u00e9preuve sus-vis\u00e9e, du 12 septembre 2025 \u00e0 12 h au 14 septembre 2025 \u00e019h;VU le r\u00e8glement particulier de la manifestation re\u00e7u le 29 ao\u00fbt 2025 ;VU l'avis favorable du conseil d\u00e9partemental de la C\u00f4te-d'Or en date du 27 ao\u00fbt 2025;VU I'avis favorable de M. le maire de Liernais en date du 20 ao\u00fbt 2025;VU l'avis favorable du service d\u00e9partemental \u00ab jeunesse, engagement sport \u00bb en date du 25 ao\u00fbt 2025 de ladirection des services d\u00e9partementaux de l'\u00e9ducation nationale de C\u00f4te d'Or ;VU le permis d'organisation n\u00b0 606 d\u00e9livr\u00e9 le 30 juillet 2025 par la FFSA ;VU l'avis favorable de la commission d\u00e9partementale de s\u00e9curit\u00e9 routi\u00e8re - section sp\u00e9cialis\u00e9e \"\u00e9preuves etcomp\u00e9titions sportives\" lors de la consultation en ligne lanc\u00e9e le 21 ao\u00fbt 2025;\" CONSID\u00c9RANT que le dossier est complet :Sur proposition du secr\u00e9taire g\u00e9n\u00e9ral de la sous-pr\u00e9fecture de Beaune ;\nARRETE :\nArticle 1er : Monsieur Emmanuel MONTAGNE est autoris\u00e9 \u00e0 organiser une manifestation sportive avec- participation de v\u00e9hicules terrestres \u00e0 moteur avec comp\u00e9tition, d\u00e9nomm\u00e9e \"Mosquitos Drag Race \", les 13 et14 ao\u00fbt 2025, \u00e0 Liernais, sur le site de I'a\u00e9rodrome de Saulieu-Liernais, conform\u00e9ment aux modalit\u00e9sexpos\u00e9es dans la demande susvis\u00e9e.La pr\u00e9sente manifestation sportive comprend \u00e9galement la cat\u00e9gorie junior dragster.Article 2: La pr\u00e9sente autorisation est d\u00e9livr\u00e9e sous r\u00e9serve du respect des droits des tiers et de la stricteobservation des dispositions des textes pr\u00e9cit\u00e9s.Article 3: La manifestation sportive est ouverte \u00e0 80 particip\u00e0nts maximum.Article 4 : La manifestation sportive se d\u00e9roule dans le strict respect des r\u00e8gles techniques et de s\u00e9curit\u00e9(RTS) des parcours d'acc\u00e9l\u00e9ration \u00e9dict\u00e9es par la f\u00e9d\u00e9ration fran\u00e7aise de sport automobile et en vigueur aumoment de la course. Le commissaire technique de la course doit notamment contr\u00f4ler que tous les pilotesont les \u00e9quipements de protection et protections vestimentaires adapt\u00e9s et pr\u00e9vus par la r\u00e9glementation pourchacune des cat\u00e9gories, telles que d\u00e9finies par la FFSA, avant de participer \u00e0 la course.\nSous-pr\u00e9fecture de Beaune - 21-2025-09-11-00004 - Arr\u00eat\u00e9 pr\u00e9fectoral 09-25 autorisation The Mosquitos Drag Race sign\u00e9 130\n3Article 5 : |l n'y a aucune zone de contact entre le public et les v\u00e9hicules des participants avec moteur allum\u00e9.D'une mani\u00e8re g\u00e9n\u00e9rale, la zone du public doit \u00eatre dispos\u00e9e et s\u00e9curis\u00e9e de telle mani\u00e8re que le public soittoujours en s\u00e9curit\u00e9, m\u00e9me si un engin sortait de piste. Les distances de s\u00e9curit\u00e9 entre la zone \u00ab public \u00bb et lapiste doivent \u00eatre respect\u00e9es et des blocs en b\u00e9ton et barri\u00e8res sont mis en place.Article 6 : Cette manifestation sportive est r\u00e9serv\u00e9e aux automobiles. Aucune moto et aucun quad n'estautoris\u00e9 \u00e0 participer.Article 7 : Seuls deux v\u00e9hicules appartenant \u00e0 une m\u00eame cat\u00e9gorie, telle que d\u00e9finie par les r\u00e8gles techniqueset de s\u00e9curit\u00e9 de la FFSA, peuvent concourir 'un contre l'autre. Il est interdit que deux v\u00e9hicules appartenant\u00e0 des cat\u00e9gories FFSA diff\u00e9rentes s'affrontent.Article 8: L'organisateur doit assurer et garantir l'acc\u00e8s et une circulation ais\u00e9e pour les engins de secours etde lutte contre l'incendie. _En cas d'accident entra\u00eenant le sauvetage ou l'\u00e9vacuation de personnes, l'organisateur doit pr\u00e9venir lessapeurs-pompiers qui interviennent par appel au 18 ou au 112.La piste doit \u00eatre am\u00e9nag\u00e9e de fa\u00e7on \u00e0 ce que les spectateurs, les autres personnes en lien avec I'organisation(commissaires, secouristes...) soient prot\u00e9g\u00e9es en cas de sortie de piste d'un engin.L'organisateur fait preuve d'une vigilance particuli\u00e8re pour surveiller et pr\u00e9venir tout d\u00e9part de feu sur les zonesde stationnement. Des extincteurs sont positionn\u00e9s \u00e0 proximit\u00e9 de ces zones.Aucun barbecue n'est autoris\u00e9 sur 'ensemble du site o\u00f9 se d\u00e9roule la manifestation sportive.Article 9: La manifestation est soumise \u00e0 \u00e9valuation des incidences Natura 2000 de part sa nature. Il n'estpas fait opposition de celle-ci sous r\u00e9serve des prescriptions suivantes :- le circuit et les acc\u00e8s doivent \u00e9tre balis\u00e9s afin de canaliser les participants et le public spectateur en dehorsdes secteurs qui leur sont d\u00e9di\u00e9s,- les stockages de produits dommageables pour I environnement sont s\u00e9curis\u00e9s;- le d\u00e9p\u00f4t d'ordures en dehors des zones pr\u00e9vues \u00e0 cet effet est interdit. Les d\u00e9chets doivent \u00eatre ramass\u00e9s,ramen\u00e9s et tri\u00e9s ;- les feux, le bivouac, le camping sont interdits;-les v\u00e9hicules doivent stationn\u00e9s sur des surfaces imperm\u00e9abilis\u00e9es de fa\u00e7on \u00e0 \u00e9viter les fuitesd'hydrocarbures dans I'environnement.Article 10 : L'organisateur doit prendre toute disposition pour limiter les nuisances aupr\u00e8s des riverains dusite. Ces derniers peuvent faire appel \u00e0 la gendarmerie nationale (appel du 17) s'ils constatent des nuisancesafin que la gendarmerie nationale puisse y mettre un terme dans les plus brefs d\u00e9lais.Article 11: L'organisateur technique atteste (mod\u00e8le d'attestation jointe) que l'ensemble des mesures sontprises conform\u00e9ment aux prescriptions contenues dans l'arr\u00eat\u00e9 pr\u00e9fectoral d'autorisation de la manifestation.L'organisateur technique est charg\u00e9 de v\u00e9rifier et d'exiger, avant le commencement de la manifestation, quel'ensemble des conditions mises \u00e0 l'octroi de la pr\u00e9sente autorisation est effectivement respect\u00e9 et d'interdirela manifestation si ces conditions ne sont pas remplies.L'attestation ci-jointe est obligatoirement transmise imm\u00e9diatement \u00e0 la sous-pr\u00e9fecture de Beaune par courriel\u00e0 l'adresse : sp-beaune@cote-dor.gouv.fr.Article 12: La pr\u00e9sente autorisation ne devient d\u00e9finitive, les \u00e9preuves et essais ne peuvent d\u00e9buter, qu'apr\u00e8sl'accomplissement de ces formalit\u00e9s, sous r\u00e9serve de la stricte application des normes fix\u00e9es par lesr\u00e8glements \u00e9tablis par la f\u00e9d\u00e9ration fran\u00e7aise de sport automobile.Article 13: En aucun cas la responsabilit\u00e9 de l'Etat et celle de la commune ne peuvent \u00e9tre engag\u00e9es et aucunrecours ne peut \u00e9ventuellement \u00eatre exerc\u00e9 contre eux.Article 14: Avant la comp\u00e9tition, les organisateurs doivent interroger M\u00e9t\u00e9o France (notamment par le biaisdu r\u00e9pondeur t\u00e9l\u00e9phonique : 08.99.71.02.21 ou par internet : www.meteofrance.com) afin de conna\u00eetre lacouleur de la carte de vigilance m\u00e9t\u00e9o et prendre toute mesure adapt\u00e9e. Dans l'hypoth\u00e8se d'une carte orangeou rouge, il leur appartient de prendre les dlsposmons qui s'imposent (voire d'annuler la manifestation) etd'informer l'autorit\u00e9 municipale.\nSous-pr\u00e9fecture de Beaune - 21-2025-09-11-00004 - Arr\u00eat\u00e9 pr\u00e9fectoral 09-25 autorisation The Mosquitos Drag Race sign\u00e9 131\n4Article 15: La pr\u00e9sente autorisation est accord\u00e9e sous r\u00e9serve que l'organisateur prenne \u00e0 sa charge les fraisn\u00e9cessit\u00e9s par la mise en place des dispositifs destin\u00e9s au maintien de la s\u00e9curit\u00e9 \u00e0 l'occasion du d\u00e9roulementde l'\u00e9preuve et assure la r\u00e9paration des dommages, d\u00e9gradations, modifications de toutes sortes de la voiepublique ou de ses d\u00e9pendances, imputables aux concurrents, aux organisateurs ou \u00e0 leurs pr\u00e9pos\u00e9s.Article 16: La pr\u00e9sente autorisation peut \u00e9tre suspendue ou rapport\u00e9e \u00e0 tout moment s'il appara\u00eet que lesconditions de s\u00e9curit\u00e9 ne se trouvent plus r\u00e9unies ou que l'organisateur, malgr\u00e9 la mise en demeure qui lui enest faite par l'autorit\u00e9 administrative, ne respecte plus ou ne fait plus respecter par les participants et lesspectateurs des dispositions pr\u00e9vues par le r\u00e8glement particulier de la manifestation en vue de leur protection.Article 17: La commission d\u00e9partementale de la s\u00e9curit\u00e9 routi\u00e8re (CDSR) de la C\u00f4te-d'Or effectue une visitesur site le samedi 13 septembre 2025 \u00e0 9h00, avant le d\u00e9but de I'\u00e9preuve.Article 18: Le sous-pr\u00e9fet de l'arrondissement de Beaune, le pr\u00e9sident du conseil d\u00e9partemental de laC\u00f4ted'Or, le maire de Liernais, le directeur d\u00e9partemental des services d'incendie et de secours, le directeurdes services d\u00e9partementaux de I'\u00e9ducation nationale, la directrice d\u00e9partementale des territoires, la cheffed'escadron commandant la compagnie de gendarmerie de Montbard, sont charg\u00e9s, chacun en ce qui leconcerne, de l'ex\u00e9cution du pr\u00e9sent arr\u00eat\u00e9 dont copie sera adress\u00e9e aux repr\u00e9sentants d\u00e9partementaux de laf\u00e9d\u00e9ration fran\u00e7aise de sport automobile et \u00e0 l'organisateur.Le pr\u00e9sent arr\u00eat\u00e9 sera publi\u00e9 au recueil des actes administratifs de la pr\u00e9fecture de la C\u00f4te-d'Or.\nLe sous-pr\u00e9fet de Beaune,\nsign\u00e9\nBenoit BYRSKI\nANNEXES:-plans du circuit, ;-arr\u00eat\u00e9 du pr\u00e9sident du conseil d\u00e9partemental portant r\u00e9glementation du stationnement et de lacirculation sur le RD 106, commune de Liernais,-arr\u00eat\u00e9 pr\u00e9fectoral autorisant l'acc\u00e8s \u00e0 la zone r\u00e9serv\u00e9e de l'a\u00e9rodrome de Saulieu-Liernais, \u00e0 .I'occasion de la manifestation sportive motoris\u00e9e d\u00e9nomm\u00e9e \u00ab The Mosquitos Drag Race \u00bb les 13 et14 septembre 2025, --attestation de l'organisateur technique\nSous-pr\u00e9fecture de Beaune - 21-2025-09-11-00004 - Arr\u00eat\u00e9 pr\u00e9fectoral 09-25 autorisation The Mosquitos Drag Race sign\u00e9 132","date":"2025-09-12","first_seen_on":"2025-09-13T20:51:46+00:00","id":"89828378f26bbee9e528e2bc452cdb5e8c9da47f22977d2708ca8843449ef9be","name":"RAA n\u00b0 123 du 12 septembre 2025","pdf_creation_date":"2025-09-12T14:20:37+00:00","pdf_modification_date":null,"timezone":"Europe/Paris","url":"https://www.cote-dor.gouv.fr/contenu/telechargement/24219/184179/file/recueil-21-2025-123-recueil-des-actes-administratifs-special.pdf"}
