{"administration":"pref83","administration_name":"Pr\u00e9fecture du Var","content":"VAR\nRECUEIL DES ACTES\nADMINISTRATIFS\nN\u00b083-2024-005\nPUBLI\u00c9 LE 21 F\u00c9VRIER 2024\nSommaire\nAgence r\u00e9gionale de sant\u00e9 du Var / Direction de l'ARS du var\n83-2024-02-19-00003 - Arr\u00eat\u00e9 fixant la composition nominative du conseil\nde surveillance du centre hospitalier de Pierrefeu du var (3 pages) Page 3\nDirection d\u00e9partementale des territoires et de la mer du Var / Service\nplanifications et prospective de la DDTM\n83-2024-02-16-00001 - Arr\u00eate pr\u00e9fectoral n\u00b0 DDTM-SPP-PAU-2024-01 du 16\nf\u00e9vrier 2024 (2 pages) Page 7\nPr\u00e9fecture du VAR / Direction de la citoyennet\u00e9 et de la l\u00e9galit\u00e9\n83-2024-01-02-00001 - Arr\u00eat\u00e9 n\u00b0DCL/BERG/2023/499 du 02 janvier 2024\nmodifiant l'arr\u00eat\u00e9 n\u00b0DCL/BERG/2022/260 du 22 juillet 2022 portant\nrenouvellement d'agr\u00e9ment de l'entreprise individuelle \"MONBUR'O\", sise \u00e0\nla Seyne-sur-Mer (83500), pour exercer l'activit\u00e9 de domiciliation\nd'entreprises. (2 pages) Page 10\nPr\u00e9fecture du VAR / Direction des s\u00e9curit\u00e9s\n83-2024-02-21-00002 - AP 2024-02-002 du 21 f\u00e9vrier 2024 portant\nr\u00e9glementation temporaire de la circulation sur l'autoroute A57 sur le\nterritoire des communes de Solli\u00e8s-Pont, Cuers et Puget-Ville. (3 pages) Page 13\n83-2024-02-21-00001 - ARR\u00caT\u00c9 PR\u00c9FECTORAL n\u00b0 2024_02_DS_SIDPC_08\n\nrelatif au renouvellement de l\u25a1agr\u00e9ment de s\u00e9curit\u00e9 civile de type\n\u00ab\u00a0D.DPS Pe \u00e0 Ge\u00bb\n pour l\u25a1Union D\u00e9partementale des Sapeurs-Pompiers\ndu Var (UDSP83) (2 pages) Page 17\n83-2024-02-21-00003 - CERTIFICAT DE COMP\u00c9TENCES DE FORMATEURS\n\nEN PREMIERS SECOURS\n (C.C.F.P.S.) jury FNMNS ASV (2 pages) Page 20\n83-2024-02-21-00004 - CERTIFICAT DE COMP\u00c9TENCES DE FORMATEURS\n\nEN PR\u00c9VENTION ET SECOURS CIVIQUES\n (C.C.F.P.S.C.) Jury Education\nNationale (2 pages) Page 23\n2\nAgence r\u00e9gionale de sant\u00e9 du Var\n83-2024-02-19-00003\nArr\u00eat\u00e9 fixant la composition nominative du\nconseil de surveillance du centre hospitalier de\nPierrefeu du var\nAgence r\u00e9gionale de sant\u00e9 du Var - 83-2024-02-19-00003 - Arr\u00eat\u00e9 fixant la composition nominative du conseil de surveillance du\ncentre hospitalier de Pierrefeu du var 3\nREPUBLIQUE\nFRANCAISE\nijerte'\nEgalit\u00e9\nFraternit\u00e9Al\n@ D Agence  R\u00e9gionale  de Sant\u00e9\nProvence-Alpes\nC\u00f4te d'Azur\n  \n \n \n \n \nAgence r\u00e9gionale de sant\u00e9 Provence-Alpes-C\u00f4te d'Azur - D\u00e9l\u00e9gation d\u00e9partementale du Var \u2013 Immeuble TOVA 2 - 177 boulevard du \nDocteur Charles Barnier \u2013 CS 31302 - 83076 Toulon Cedex \nT\u00e9l. : 04 13 55 89 02 / Fax : 04 13 55 80 40 / www.ars.paca.sante.fr \nPage 1 / 3 \n \n \n \nARRETE du 19 f\u00e9vrier 2024  \n \nfixant la composition nominative du conseil de surveillance \ndu centre hospitalier Henri Gu\u00e9rin situ\u00e9 \u00e0 Pierrefeu du Var (VAR) \n \n \n \nLE DIRECTEUR DE L'AGENCE REGIONALE DE SANTE DE PROVENCE, ALPES, COTE D'AZUR \n \n \n \nVu le code de la sant\u00e9 publique, notamment ses articles L.6143-5, L.6143-6, R.6143-1 \u00e0 R.6143-4 et R.6143-\n12 ; \n \nVu la loi n\u00b0 2009-879 du 21 juillet 2009 portant r\u00e9forme de l'h\u00f4pital et relative aux patients, \u00e0 la sant\u00e9 et aux \nterritoires ; \n \nVu l'ordonnance n\u00b0 2010-177 du 23 f\u00e9vrier 2010 de coordination avec la loi n\u00b02099-879 du 21 juillet 2009 \nportant r\u00e9forme de l'h\u00f4pital et relative aux patients, \u00e0 la sant\u00e9 et aux territoires ; \n \nVu le d\u00e9cret n\u00b0 2010-336 du 31 mars 2010 portant cr\u00e9ation des agences r\u00e9gionales de sant\u00e9 ; \n \nVu le d\u00e9cret n\u00b0 2010-344 du 31 mars 2010 tirant les cons\u00e9quences, au niveau r\u00e9glementaire, de l'intervention \nde la loi n\u00b0 2009-879 du 21 juillet 2009 portant r\u00e9forme de l'h\u00f4pital et relative aux patients, \u00e0 la sant\u00e9 et aux \nterritoires ; \n \nVu le d\u00e9cret n\u00b02010-361 du 8 avril 2010 relatif aux conseils de surveillance des \u00e9tablissements publics de \nsant\u00e9 ; \n \nVu le d\u00e9cret du 14 septembre 2022 portant cessation de fonctions de Monsieur Philippe DE MESTER \u00e0 \ncompter du 14 septembre 2022 et nomination de Monsieur Denis ROBIN, directeur g\u00e9n\u00e9ral de l'Agence \nr\u00e9gionale de sant\u00e9 Provence-Alpes-C\u00f4te d'Azur \u00e0 compter du 03 octobre 2022 ; \n \nVu l'arr\u00eat\u00e9 du 28 avril 2023 portant d\u00e9l\u00e9gation de signature \u00e0 Monsieur S\u00e9bastien MONI\u00c9, directeur de la \nd\u00e9l\u00e9gation d\u00e9partementale du Var de l'Agence r\u00e9gionale de sant\u00e9 Provence-Alpes-C\u00f4te d'Azur ;  \n \nVu l'arr\u00eat\u00e9 ARS PACA du 30 novembre 2023 fixant la composition nominative du conseil de surveillance du \ncentre hospitalier Henri Gu\u00e9rin de Pierrefeu du Var ; \n \n \n \n \nARRETE \n \n \n \nArticle 1er : L'arr\u00eat\u00e9 ARS PACA du 30 novembre 2023 fixant la composition nominative du conseil de \nsurveillance du centre hospitalier Henri Gu\u00e9rin de Pierrefeu du Var est modifi\u00e9 ainsi qu'il suit : \n \n \nI. Sont membres du conseil de surveillance avec voix d\u00e9lib\u00e9rative : \n \n3\u00b0) En qualit\u00e9 de personnalit\u00e9 qualifi\u00e9e \n \n Agence r\u00e9gionale de sant\u00e9 du Var - 83-2024-02-19-00003 - Arr\u00eat\u00e9 fixant la composition nominative du conseil de surveillance du\ncentre hospitalier de Pierrefeu du var 4\n \nAgence r\u00e9gionale de sant\u00e9 Provence-Alpes-C\u00f4te d'Azur - D\u00e9l\u00e9gation d\u00e9partementale du Var \u2013 Immeuble TOVA 2 - 177 boulevard du \nDocteur Charles Barnier \u2013 CS 31302 - 83076 Toulon Cedex \nT\u00e9l. : 04 13 55 89 02 / Fax : 04 13 55 80 40 / www.ars.paca.sante.fr \nPage 2 / 3 \n-- Madame Genevi\u00e8ve AVON, personnalit\u00e9 qualifi\u00e9e d\u00e9sign\u00e9e par Monsieur le Pr\u00e9fet du Var en \nremplacement de Madame Marie-Danielle MARIA; \n \n \nArticle 2 : Le conseil de surveillance du centre hospitalier Henri Gu\u00e9rin sis quartier Barnenq, 83390 Pierrefeu \ndu Var (VAR), \u00e9tablissement public de sant\u00e9 de ressort d\u00e9partemental est compos\u00e9 des membres ci-apr\u00e8s : \n \n \nI. Sont membres du conseil de surveillance avec voix d\u00e9lib\u00e9rative : \n \n1\u00b0) En qualit\u00e9 de repr\u00e9sentant des collectivit\u00e9s territoriales : \n \n \n- Monsieur Patrick MARTINELLI, Maire de Pierrefeu du Var, membre de droit ; \n \n- Monsieur Jean-Bernard KISTON, conseiller communautaire, repr\u00e9sentant de la communaut\u00e9 des \ncommunes M\u00e9diterran\u00e9e Porte des Maures ;  \n \n- Madame Pricilla BRACCO, conseiller communautaire, repr\u00e9sentant de la communaut\u00e9 des \ncommunes M\u00e9diterran\u00e9e Porte des Maures ;  \n \n- Monsieur Jean-Martin GUISIANO, conseiller d\u00e9partemental, repr\u00e9sentant le pr\u00e9sident du conseil \nd\u00e9partemental du Var ; \n \n- Madame V\u00e9ronique BACCINO, conseiller d\u00e9partemental, repr\u00e9sentant le pr\u00e9sident du conseil \nd\u00e9partemental du Var ; \n \n \n2\u00b0) En qualit\u00e9 de repr\u00e9sentant du personnel \n \n \n- Monsieur Christophe REINERO, repr\u00e9sentant de la commission de soins infirmiers, de r\u00e9\u00e9ducation et \nm\u00e9dico-techniques ; \n \n- Monsieur le Dr Nizar KADOUR, repr\u00e9sentant de la commission m\u00e9dicale d'\u00e9tablissement ; \n \n- Monsieur le Dr Philippe GARCIA, repr\u00e9sentant de la commission m\u00e9dicale d'\u00e9tablissement ; \n \n- Deux membres d\u00e9sign\u00e9s par les organisations syndicales les plus repr\u00e9sentatives compte tenu des \nr\u00e9sultats obtenus lors des \u00e9lections au comit\u00e9 technique d'\u00e9tablissement ;  \u00e0 d\u00e9signer  \n \n \n3\u00b0) En qualit\u00e9 de personnalit\u00e9 qualifi\u00e9e \n \n \n- Monsieur Alain PRADIER, personnalit\u00e9 qualifi\u00e9e d\u00e9sign\u00e9e par le directeur g\u00e9n\u00e9ral de l'Agence \nr\u00e9gionale de sant\u00e9 de Provence-Alpes-C\u00f4te d'Azur ; \n \n- Personnalit\u00e9 qualifi\u00e9e d\u00e9sign\u00e9e par le directeur g\u00e9n\u00e9ral de l'Agence r\u00e9gionale de sant\u00e9 de Provence-\nAlpes-C\u00f4te d'Azur ; \u00e0 d\u00e9signer  \n \n- Madame Genevi\u00e8ve AVON, personnalit\u00e9 qualifi\u00e9e d\u00e9sign\u00e9e par Monsieur le pr\u00e9fet du Var ; \n \n- Madame Christine DUMEZ, de l'Union nationale de familles et amis de personnes malades et/ou \nhandicap\u00e9es psychiques, repr\u00e9sentant des usagers d\u00e9sign\u00e9 par Monsieur le pr\u00e9fet du Var ; \n \n- Personnalit\u00e9 qualifi\u00e9e, repr\u00e9sentant des usagers d\u00e9sign\u00e9 par Monsieur le pr\u00e9fet du Var ; \u00e0 d\u00e9signer \n \n \nII. Sont membres du conseil de surveillance avec voix consultative : \n \n- Monsieur le Dr Herv\u00e9 De PERETTI, pr\u00e9sident de la commission m\u00e9dicale d'\u00e9tablissement, vice \npr\u00e9sident du directoire du centre hospitalier Henri Gu\u00e9rin ; Agence r\u00e9gionale de sant\u00e9 du Var - 83-2024-02-19-00003 - Arr\u00eat\u00e9 fixant la composition nominative du conseil de surveillance du\ncentre hospitalier de Pierrefeu du var 5\n \nAgence r\u00e9gionale de sant\u00e9 Provence-Alpes-C\u00f4te d'Azur - D\u00e9l\u00e9gation d\u00e9partementale du Var \u2013 Immeuble TOVA 2 - 177 boulevard du \nDocteur Charles Barnier \u2013 CS 31302 - 83076 Toulon Cedex \nT\u00e9l. : 04 13 55 89 02 / Fax : 04 13 55 80 40 / www.ars.paca.sante.fr \nPage 3 / 3 \n \n- Le directeur g\u00e9n\u00e9ral de l'Agence r\u00e9gionale de sant\u00e9 de Provence-Alpes-C\u00f4te d'Azur ; \n \n- Monsieur le Dr Vincent FOURNEL, repr\u00e9sentant de la structure charg\u00e9e de la r\u00e9flexion d'\u00e9thique au \nsein du centre hospitalier Henri Gu\u00e9rin de Pierrefeu du Var ; \n \n- Le directeur de la caisse d'Assurance maladie de Toulon ; \n \n \nArticle 3 : La dur\u00e9e des fonctions des membres du conseil de surveillance est fix\u00e9e \u00e0 cinq ans sous r\u00e9serve \ndes dispositions particuli\u00e8res pr\u00e9vues \u00e0 l'article R.6143-12 du code de la sant\u00e9 publique. \n \n \nArticle 4 : Un recours contentieux peur \u00eatre form\u00e9 aupr\u00e8s du tribunal administratif territorialement comp\u00e9tent \ndans un d\u00e9lai franc de deux mois \u00e0 compter de la notification du pr\u00e9sent arr\u00eat\u00e9 pour les int\u00e9ress\u00e9s ou de sa \npublication pour les tiers. \n \n \nArticle 5 : Le directeur g\u00e9n\u00e9ral de l'Agence r\u00e9gionale de sant\u00e9 de Provence-Alpes-C\u00f4te d'Azur, le directeur \nde la d\u00e9l\u00e9gation d\u00e9partementale du Var et le directeur du centre hospitalier Henri Gu\u00e9rin de Pierrefeu du Var \nsont charg\u00e9s, chacun en ce qui le concerne, de l'ex\u00e9cution du pr\u00e9sent arr\u00eat\u00e9 qui sera publi\u00e9 au recueil des \nactes administratifs de la pr\u00e9fecture de la r\u00e9gion Provence-Alpes-C\u00f4te d'Azur et de la pr\u00e9fecture du \nd\u00e9partement du Var. \n \n \n \n \nToulon, le 19 f\u00e9vrier 2024 \n \n \nPour le directeur de l'agence  \nr\u00e9gionale de sant\u00e9 PACA \nLe directeur d\u00e9partemental du Var \n \nSign\u00e9 \n \nS\u00e9batien MONI\u00c9 Agence r\u00e9gionale de sant\u00e9 du Var - 83-2024-02-19-00003 - Arr\u00eat\u00e9 fixant la composition nominative du conseil de surveillance du\ncentre hospitalier de Pierrefeu du var 6\nDirection d\u00e9partementale des territoires et de la\nmer du Var\n83-2024-02-16-00001\nArr\u00eate pr\u00e9fectoral n\u00b0 DDTM-SPP-PAU-2024-01 du\n16 f\u00e9vrier 2024\nDirection d\u00e9partementale des territoires et de la mer du Var - 83-2024-02-16-00001 - Arr\u00eate pr\u00e9fectoral n\u00b0 DDTM-SPP-PAU-2024-01 du\n16 f\u00e9vrier 2024 7\nDirection d\u00e9partementale des territoires et de la mer du Var - 83-2024-02-16-00001 - Arr\u00eate pr\u00e9fectoral n\u00b0 DDTM-SPP-PAU-2024-01 du\n16 f\u00e9vrier 2024 8\nConsid\u00e9rant  que  l'am\u00e9nagement  de la ZAC  est achev\u00e9  ;\nSur  proposition  de Monsieur  le Secr\u00e9taire  G\u00e9n\u00e9ral  de la pr\u00e9fecture  du Var,\nARR\u00caTE\nArticle  1\u00b0\": La ZAC  du Domaine  Saint-Martin  institu\u00e9e  par  arr\u00e9t\u00e9  pr\u00e9fectoral  du 25 novembre\n1981  susvis\u00e9  est supprim\u00e9e  sur le territoire  de la commune  de Gassin.\nArticle  2: Les dispositions  du plan  local  d'urbanisme  de la commune  de Gassin,  approuv\u00e9  le\n18 juin  2009  et ses modifications  successives  sont  maintenues  \u00e0 l'int\u00e9rieur  de la zone  et la\ntaxe  d'am\u00e9nagement  est r\u00e9tablie  de plein  droit.\nArticle  3: Le pr\u00e9sent  arr\u00eat\u00e9  sera  affich\u00e9  pendant  un mois  en mairie  de Gassin.\nCet  affichage  fera  l'objet  d'une  mention  en caract\u00e8res  apparents  dans  un journal  diffus\u00e9  dans\nle d\u00e9partement.\nLe dossier  sera  mis  \u00e0 disposition  du public  sur le site  internet  de la pr\u00e9fecture  du Var\n(www.var.gouv.fr).\nArticle  4: D\u00e9lais  et voies  de recours\nConform\u00e9ment  aux  articles  R. 421-1  et R. 421-5  du code  de la justice  administrative,  le pr\u00e9sent\narr\u00e9t\u00e9  peut  faire  I'objet  d'un  recours  contentieux  devant  le Tribunal  administratif  de Toulon\ndans  un d\u00e9lai  de deux  mois  a compter  de sa notification.\nIl est \u00e9galement  susceptible  de faire  I'objet  d'un  recours  gracieux  aupr\u00e8s  de mes  services  ainsi\nque  d'un  recours  hi\u00e9rarchique  aupr\u00e8s  du Ministre  dans  le m\u00eame  d\u00e9lai.  Un recours  contentieux\npeut  ensuite  \u00eatre  form\u00e9  aupr\u00e8s  du Tribunal  administratif  de Toulon  dans  le d\u00e9lai  de deux\nmois  suivant  le rejet  explicite  ou implicite  du recours  gracieux  ou hi\u00e9rarchique.\nArticle  5:\nLe Secr\u00e9taire  g\u00e9n\u00e9ral  de la pr\u00e9fecture  du Var,  monsieur  le maire  de Gassin,  le directeur\nd\u00e9partemental  des  territoires  et de la mer  du Var,  sont  charg\u00e9s,  chacun  en ce qui le concerne,\nde l'ex\u00e9cution  du pr\u00e9sent  arr\u00e9t\u00e9  qui sera  publi\u00e9  au recueil  des  actes  administratifs  de la\npr\u00e9fecture  du Var.\nFait,  le 16 f\u00e9vrier  2024\nPour  le Pr\u00e9fet  et par  d\u00e9l\u00e9gation,\nle secr\u00e9taire  g\u00e9n\u00e9ral\nSign\u00e9  : Lucien  GIUDICELLI\n2/2\nDirection d\u00e9partementale des territoires et de la mer du Var - 83-2024-02-16-00001 - Arr\u00eate pr\u00e9fectoral n\u00b0 DDTM-SPP-PAU-2024-01 du\n16 f\u00e9vrier 2024 9\nPr\u00e9fecture du VAR\n83-2024-01-02-00001\nArr\u00eat\u00e9 n\u00b0DCL/BERG/2023/499 du 02 janvier 2024\nmodifiant l'arr\u00eat\u00e9 n\u00b0DCL/BERG/2022/260 du 22\njuillet 2022 portant renouvellement d'agr\u00e9ment\nde l'entreprise individuelle \"MONBUR'O\", sise \u00e0 la\nSeyne-sur-Mer (83500), pour exercer l'activit\u00e9 de\ndomiciliation d'entreprises.\nPr\u00e9fecture du VAR - 83-2024-01-02-00001 - Arr\u00eat\u00e9 n\u00b0DCL/BERG/2023/499 du 02 janvier 2024 modifiant l'arr\u00eat\u00e9 n\u00b0DCL/BERG/2022/260\ndu 22 juillet 2022 portant renouvellement d'agr\u00e9ment de l'entreprise individuelle \"MONBUR'O\", sise \u00e0 la Seyne-sur-Mer (83500), pour\nexercer l'activit\u00e9 de domiciliation d'entreprises.10\nPREFET  Direction  de la citoyennet\u00e9  et de la l\u00e9galit\u00e9\nDU  VAR  Bureau  des  \u00e9lections  et de la r\u00e9glementation  g\u00e9n\u00e9rale\nLibert\u00e9\n\u00c9galit\u00e9\nFraternit\u00e9\nARRETE  n\u00b0 DCL/BERG/2023/499  du 0 Z JAN. 2924\nmodifiant  l'arr\u00eat\u00e9  n\u00b0 DCL/BERG/2022/260  du 22 juillet  2022  portant\nrenouvellement  d'agr\u00e9ment  de I'entreprise  individuelle  \u00ab MONBUR'O  \u00bb,\nsise  \u00e0 La Seyne-sur-Mer  (83500),  pour  exercer  l''activit\u00e9  de domiciliation  d'entreprises.\nLe Pr\u00e9fet  du Var,\nVu le code  de commerce,  notamn'ient  ses articles  L. 123-11-2  \u00e0 L. 123-11-5,  L. 123-11-7,  et R. 123-\n166-1  et suivants  ;\nVu le code  mon\u00e9taire  et financier,  notamment  ses articles  L. 561-37  \u00e0 L. 561-43  et R. 561-39  et\nsuivants  ;\nVu le d\u00e9cret  n\u00b0 2009-1535  du 10 d\u00e9cembre  2009  d\u00e9finissant  les modalit\u00e9s  de contr\u00f4le  du\nrespect  des  obligations  relatives  \u00e0 la lutte  contre  le blanchiment  de capitaux  et le\nfinancement  du terrorisme  par  les personnes  mentionn\u00e9es  aux  8\u00b0, 9\u00b0 et 15\u00b0 de l'article  L. 561-\n2 du code  mon\u00e9taire  et financier  et relatif  \u00e0 la commission  nationale  des  sanctions  ;\nVu le d\u00e9cret  du Pr\u00e9sident  de la R\u00e9publique  du 13 juillet  2023  portant  nomination  de Monsieur\nPhilippe  MAH\u00c9,  pr\u00e9fet  du Var  ;\nVu l'arr\u00eat\u00e9  du 22 juillet  2022,  portant  renouvellement  d'agr\u00e9ment  de l'entreprise  individuelle\n\u00ab MONBUR'O  \u00bb, sise  \u00e0 La Seyne-sur-Mer  (83500),  pour  exercer  l'activit\u00e9  de domiciliation\nd'entreprises  ;\nVu l'arr\u00eat\u00e9  pr\u00e9fectoral  n\u00b0 2023/47/MCI  du 21 ao\u00fbt  2023  portant  d\u00e9l\u00e9gation  de signature  \u00e0\nMonsieur  Lucien  GIUDICELLI,  secr\u00e9taire  g\u00e9n\u00e9ral  de la pr\u00e9fecture  du Var,  sous-pr\u00e9fet  de\nl'arrondissement  de Toulon  ;\nVu l'arr\u00e9t\u00e9  pr\u00e9fectoral  n\u00b0 2023/53/MCI  du 21 ao\u00fbt  2023  portant  d\u00e9l\u00e9gation  de signature  \u00e0\nMonsieur  Thibaut  DARGON,  directeur  de la citoyennet\u00e9  et de la l\u00e9galit\u00e9  de la pr\u00e9fecture  du\nVar  ; _\nVu le courriel  re\u00e7u  le 06 novembre  2023,  \u00e0 la pr\u00e9fecture  du Var,  et les pi\u00e8ces  justificatives  qui\ny sont  annex\u00e9es,  par laquelle  la soci\u00e9t\u00e9  Monbur'o,  demande  la modification  de son  agr\u00e9ment,\nen d\u00e9clarant  le changement  de forme  juridique  de la soci\u00e9t\u00e9  ;\nConsid\u00e9rant  que  le dossier  de la demande  susvis\u00e9e  comporte  toutes  les justifications  requises\npar  la r\u00e9glementation  ;\nSur proposition  du secr\u00e9taire  g\u00e9n\u00e9ral  de la pr\u00e9fecture,\n1/2\nPr\u00e9fecture du VAR - 83-2024-01-02-00001 - Arr\u00eat\u00e9 n\u00b0DCL/BERG/2023/499 du 02 janvier 2024 modifiant l'arr\u00eat\u00e9 n\u00b0DCL/BERG/2022/260\ndu 22 juillet 2022 portant renouvellement d'agr\u00e9ment de l'entreprise individuelle \"MONBUR'O\", sise \u00e0 la Seyne-sur-Mer (83500), pour\nexercer l'activit\u00e9 de domiciliation d'entreprises.11\nARRETE\nArticle  1 : L'article  1 de l'arr\u00eat\u00e9  du 22 juillet  2022  susvis\u00e9  est modifi\u00e9  comme  suit  :\nLa SAS  \u00ab MONBUR'O  \u00bb, repr\u00e9sent\u00e9e  par  sa pr\u00e9sidente  Madame  Catherine  MAYEUX  (\u00e9pouse\nDE BERAIL),  et dont  le si\u00e8ge  social  est  situ\u00e9  837  B All\u00e9e  de Paris  \u00e0 La Seyne-sur-Mer  (83500),\nest agr\u00e9\u00e9e  pour  exercer  l'activit\u00e9  de domiciliation  d'entreprises.\nArticle  2 : Le reste  est sans  changement.\nArticle  3 :Le secr\u00e9taire  g\u00e9n\u00e9ral  de la pr\u00e9fecture  est charg\u00e9  de l'ex\u00e9cution  du pr\u00e9sent  arr\u00eat\u00e9\nqui  sera  publi\u00e9  au recueil  des  actes  administratifs  de la pr\u00e9fecture  du Var.\nFait \u00e0 Toulon,le  \u2014 0 2 JAN  2024\nPour  le prefey  etgpar  d\u00e9l\u00e9gation,\nDans  un d\u00e9lai  de deux  mois  \u00e0 compter  de la date  de notification  du pr\u00e9sent  arr\u00eat\u00e9,  les recours  suivants  peuvent  \u00eatre  mtrodunts\nconform\u00e9ment  aux  dispositions  des  articles  R. 421-1  et suivants  du code  de justice  administrative  :\n- UN recours  gracieux,  adress\u00e9  \u00e0 : M. le pr\u00e9fet  du Var  - Bd du 112\u00b0TM  r\u00e9giment  d'infanterie-  CS 31209  - 83070  TOULON  CEDEX\nDans  ce cas,  le silence  de l'administration  vaut  rejet  implicite  au terme  d'un  d\u00e9lai  de deux  mois.\nApr\u00e8s  un recours  gracieux  ou hi\u00e9rarchique,  le d\u00e9lai  du recours  contentieux  ne court  qu'\u00e0  compter  du rejet  explicite  ou\nimplicite  de I'un  des  recours.\n- Un recours  contentieux,  en saisissant  le Tribunal  Administratif  de Toulon  : 5 rue  Racine  -BP  40510  - 83 041  TOULON  CEDEX  9\nLe tribunal  administratif  peut  \u00eatre  saisi  par  l'application  informatique  \u00ab T\u00e9l\u00e9recours  citoyens  \u00bb accessible  par  le site  internet\n\u00ab www.telerecours.fr  \u00bb.\n2/2\nPr\u00e9fecture du VAR - 83-2024-01-02-00001 - Arr\u00eat\u00e9 n\u00b0DCL/BERG/2023/499 du 02 janvier 2024 modifiant l'arr\u00eat\u00e9 n\u00b0DCL/BERG/2022/260\ndu 22 juillet 2022 portant renouvellement d'agr\u00e9ment de l'entreprise individuelle \"MONBUR'O\", sise \u00e0 la Seyne-sur-Mer (83500), pour\nexercer l'activit\u00e9 de domiciliation d'entreprises.12\nPr\u00e9fecture du VAR\n83-2024-02-21-00002\nAP 2024-02-002 du 21 f\u00e9vrier 2024 portant\nr\u00e9glementation temporaire de la circulation sur\nl'autoroute A57 sur le territoire des communes\nde Solli\u00e8s-Pont, Cuers et Puget-Ville.\nPr\u00e9fecture du VAR - 83-2024-02-21-00002 - AP 2024-02-002 du 21 f\u00e9vrier 2024 portant r\u00e9glementation temporaire de la circulation sur\nl'autoroute A57 sur le territoire des communes de Solli\u00e8s-Pont, Cuers et Puget-Ville. 13\nEn\nPREFET\nDU  VAR\nL,iberte'\nEgalit\u00e9\nFraternit\u00e9\nDirection des s\u00e9curit\u00e9s\nService de l'\u00e9ducation et\nde la s\u00e9curit\u00e9 routi\u00e8res\nP\u00f4le \u00e9tudes et ing\u00e9nierie\nARR\u00caT\u00c9 PR\u00c9FECTORAL n\u00b0 2024-02-002 ESC du 21 f\u00e9vrier 2024  02/07/2020\nportant r\u00e9glementation temporaire de la circulation sur l'autoroute A57\nsur le territoire des communes de Solli\u00e8s-Pont, Cuers et Puget-Ville\nLe Pr\u00e9fet du Var,\nVu le Code de la route  ;\nVu le Code de la voirie routi\u00e8re  ;\nVu le d\u00e9cret du 29 novembre 1982 approuvant la convention de concession pass\u00e9e entre\nl'\u00c9tat et la soci\u00e9t\u00e9 de l'autoroute Est\u00e9rel, C\u00f4te d'Azur, Provence Alpes (ESCOTA) en vue de\nla  construction,  de  l'entretien  et  de  l'exploitation  des  autoroutes  conc\u00e9d\u00e9es  et  ses\navenants ult\u00e9rieurs  ;\nVu  le  d\u00e9cret  n\u00b0  2015-1045  du  21  ao\u00fbt  2015  approuvant  le  transfert  de  la  travers\u00e9e\nautorouti\u00e8re  de  Toulon  entre  l'\u00c9tat  et  la  soci\u00e9t\u00e9  des  autoroutes  Est\u00e9rel,  C\u00f4te  d'Azur,\nProvence Alpes (ESCOTA)  ;\nVu  l'arr\u00eat\u00e9 interminist\u00e9riel du 24 novembre 1967 relatif \u00e0 la signalisation des routes et\nautoroutes et des textes subs\u00e9quents  ;\nVu l'arr\u00eat\u00e9 pr\u00e9fectoral n\u00b0 2461 en date du 17 mars 2014, portant approbation du Plan de\ngestion et de Trafic de la liaison A50 / A57 et des itin\u00e9raires associ\u00e9s  ;\nVu  l'arr\u00eat\u00e9 pr\u00e9fectoral n\u00b0 2020-12-001 BR du 16 d\u00e9cembre 2020, portant modification de\nl'arr\u00eat\u00e9 pr\u00e9fectoral n\u00b0 2523 du 20 mars 2018, portant r\u00e9glementation de la circulation des\nv\u00e9hicules de transport de bois ronds dans le d\u00e9partement du Var  ;\nVu l'arr\u00eat\u00e9 pr\u00e9fectoral  n\u00b0 2021-03-001 PC  en date du 23 mars 2021, portant modification de\nl'arr\u00eat\u00e9 pr\u00e9fectoral  n\u00b0 2483 en date du 23 f\u00e9vrier 2016, portant r\u00e9glementation de la police\nde la circulation sur l'autoroute A57  ;\nVu l'arr\u00eat\u00e9 pr\u00e9fectoral n\u00b0 2023-06-004 ESC en date du 26 juin 2023, autorisant l'ouverture\nde chantiers d'entretien courant ou de r\u00e9paration sur les autoroutes A8, A50 et A57 dans la\ntravers\u00e9e du d\u00e9partement du Var  ;\nVu l'arr\u00eat\u00e9 pr\u00e9fectoral n\u00b0  2024/04/MCI du 9 f\u00e9vrier 2024  portant d\u00e9l\u00e9gation de signature \u00e0\nMme  Agn\u00e8s  BONJEAN,  sous-pr\u00e9f\u00e8te  charg\u00e9e  de  mission,  secr\u00e9taire  g\u00e9n\u00e9rale  adjointe,\nassurant l'int\u00e9rim du directeur de cabinet du pr\u00e9fet du Var \u00e0 compter du 12 f\u00e9vrier 2024  ;\nVu la note technique du 14 avril 2016 du Minist\u00e8re de l'Environnement, de l'\u00c9nergie et de la\nMer (DGITM/DIT) relative \u00e0 la coordination des chantiers sur le r\u00e9seau routier national\n(RRN) ;\nVu  le r\u00e8glement d'exploitation de la soci\u00e9t\u00e9 des autoroutes ESCOTA en date du 27 juin\n2023 ;\nVu la demande de la soci\u00e9t\u00e9 des autoroutes ESCOTA en date du 03 janvier 2024;\nVu  l'avis  favorable  de  la  Direction  G\u00e9n\u00e9rale  des  Infrastructures,  des  Transports  et des\nMobilit\u00e9s sur le dossier d'exploitation sous chantier n\u00b0 2024-001 en date du  04 janvier 2024 ;\nVu l'avis favorable du conseil d\u00e9partemental du Var en date du  09 janvier 2024  ;\nVu l'avis favorable de la commune de Sollies-Pont en date du 20 f\u00e9vrier 2024,\nVu l'avis favorable de la commune de Cuers en date du 21 f\u00e9vrier 2024.\nArr\u00eat\u00e9 pr\u00e9fectoral n\u00b0 2024 -02-002 ESC Page 1/3\nPr\u00e9fecture du VAR - 83-2024-02-21-00002 - AP 2024-02-002 du 21 f\u00e9vrier 2024 portant r\u00e9glementation temporaire de la circulation sur\nl'autoroute A57 sur le territoire des communes de Solli\u00e8s-Pont, Cuers et Puget-Ville. 14\nConsid\u00e9rant  que pour  assurer la s\u00e9curit\u00e9 des  usagers de  l'autoroute,  des  agents  de  la\nsoci\u00e9t\u00e9 des autoroutes Est\u00e9rel, C\u00f4te d'Azur, Provence Alpes (ESCOTA) et des personnels de\nl'entreprise charg\u00e9s d'effectuer les travaux d'abattage d'arbres ainsi que les modifications\ndes dispositifs de retenue, il convient de r\u00e9glementer la circulation sur le territoire du\nd\u00e9partement du Var sur l'A57 ,  dans le sens Nice vers Toulon, les semaines 09/2024 et\n10/2024, la semaine 11/2024 constitue la semaine de r\u00e9serve.\nSur proposition de la sous-pr\u00e9f\u00e8te charg\u00e9e de mission, secr\u00e9taire g\u00e9n\u00e9rale adjointe, \nassurant l'int\u00e9rim du directeur de cabinet du pr\u00e9fet du Var,\nARR\u00caTE :\nArticle 1er : En raison des travaux d'abattage d'arbres ainsi que des modifications des\ndispositifs de retenue, au niveau des bretelles d'entr\u00e9es des diffuseurs n\u00b0 10 \u00ab  Puget-Ville \u00bb\nau PR 21.000 et n\u00b09 \u00ab  Cuers \u00bb au PR 17 .500 sur l'autoroute A57 , la circulation des v\u00e9hicules\nest r\u00e9glement\u00e9e, dans le sens Nice vers Toulon comme suit  : \n- du lundi 26 f\u00e9vrier 2024 au 01 mars 2024 (semaine 09/2024), pour la bretelle d'entr\u00e9e du\ndiffuseur n\u00b010 \u00ab puget-Ville \u00bb, les semaines 10/2024 et 11/2024 sont des semaines de r\u00e9serve.\n- du lundi 04 mars 2024 au vendredi 08 mars 2024 (semaine 10/2024), pour la bretelle\nd'entr\u00e9e du diffuseur n\u00b009 \u00ab  Cuers \u00bb, la semaine 11/2024 constitue la semaine de r\u00e9serve. \nArticle 2     :   Les travaux se d\u00e9roulent \u00e0 raison de quatre nuits par semaine, du lundi \u00e0 21h00\nau vendredi \u00e0 05h00, hors week-end, hors jours f\u00e9ri\u00e9s et jours hors chantiers.\nAutoroute A57\nFermeture de la bretelle d'entr\u00e9e du diffuseur n\u00b010 \u00ab  Puget-Ville \u00bb (PR 21.000)\nDans le sens Nice vers Toulon\nLes 4 nuits, de 21h00 \u00e0 05h00, du lundi 26 f\u00e9vrier 2024 au vendredi 01 mars 2024 \nLes semaines 10/2024 et 11/2024 constituent les semaines de r\u00e9serve.\nItin\u00e9raire de d\u00e9viation  :\nLes usagers ne pouvant emprunter la bretelle d'entr\u00e9e du diffuseur n\u00b010 \u00ab  Puget-Ville \u00bb (PR \n21.000) devront poursuivre sur la RD97 jusqu'\u00e0 la bretelle d'entr\u00e9e n\u00b010 \u00ab  Puget-Ville \u00bb (PR \n21.500).   \nAutoroute A57\nFermeture de la bretelle d'entr\u00e9e du diffuseur n\u00b009 \u00ab  Cuers \u00bb (PR 17 .500)\nDans le sens Nice vers Toulon\nLes 4 nuits, de 21h00 \u00e0 05h00 du lundi 04 mars 2024 au vendredi 08 mars 2024\nLa semaine 11 constitue la semaine de r\u00e9serve \nItin\u00e9raire de d\u00e9viation  :\nLes usagers ne pouvant emprunter la bretelle d'entr\u00e9e du diffuseur n\u00b009 \u00ab  Cuers \u00bb (PR 17 .500),\ndevront poursuivre sur la RD 97 jusqu'au rond-point des Andues et prendre la bretelle \nd'entr\u00e9e du diffuseur n\u00b008 \u00ab  Zone Artisanale \u00bb (PR 14.800). \nEn provenance de la ZAC des Bousquets, tous les v\u00e9hicules devront poursuivre sur l'avenue \ndes Bousquets en direction de Pierrefeu-du-Var, prendre la D14 jusqu'au rond-point du \ndiffuseur n\u00b010 et prendre la bretelle d'entr\u00e9e n\u00b010 \u00ab  Puget-Ville \u00bb (PR 21.500) vers Toulon. \nArr\u00eat\u00e9 pr\u00e9fectoral n\u00b0 2024-02-002- ESC Page 2/3Pr\u00e9fecture du VAR - 83-2024-02-21-00002 - AP 2024-02-002 du 21 f\u00e9vrier 2024 portant r\u00e9glementation temporaire de la circulation sur\nl'autoroute A57 sur le territoire des communes de Solli\u00e8s-Pont, Cuers et Puget-Ville. 15\nArticle 3 :  Au regard des contraintes de phasage, l'arr\u00eat\u00e9 pr\u00e9fectoral n\u00b0 2023-06-004 en\ndate  du  26  juin  2023  autorisant  l'ouverture  de  chantiers  d'entretien  courant  ou  de\nr\u00e9paration sur les autoroutes A8, A50 et A57 dans la travers\u00e9e du d\u00e9partement du Var est\nd\u00e9rog\u00e9 comme suit :\nL'inter-distance, de jour comme de nuit, avec tout chantier n\u00e9cessaire \u00e0 l'entretien de\nl'autoroute A57 est ramen\u00e9e \u00e0 z\u00e9ro (0) kilom\u00e8tre pendant la dur\u00e9e de ces travaux, dans le\nsens de circulation de Nice vers Toulon.\nArticle 4 : Une information concernant l'avancement des travaux ainsi que le planning\npr\u00e9visionnel de fermetures de bretelles sera transmise  \u00e0 chaque fin de semaine, le vendredi\navant 9h00, aux destinataires suivants  :\n\uf0b7Pr\u00e9fecture du Var (pref-derogations-routes@var.gouv.fr)\n\uf0b7Conseil d\u00e9partemental du Var (bce@var.fr)\n\uf0b7Direction d\u00e9partementale des territoires et de la mer du Var\n\uf0b7Radio Vinci-Autoroutes (107 .7)\nArticle  5  : La  sous-pr\u00e9f\u00e8te  charg\u00e9e  de  mission,  secr\u00e9taire  g\u00e9n\u00e9rale  adjointe,  assurant\nl'int\u00e9rim du directeur de cabinet du pr\u00e9fet du Var , le pr\u00e9sident du conseil d\u00e9partemental\ndu  Var,   le  commandant  du  groupement  de  Gendarmerie  d\u00e9partementale  du  Var,  le\ndirecteur d\u00e9partemental des services d'incendie et de secours du Var,  le directeur de la\ndirection interd\u00e9partementale de la Police nationale du Var,  le maire des communes de\nSolli\u00e8s-Pont,  Cuers,  Puget-Ville,  le  directeur  de  la  soci\u00e9t\u00e9  des  autoroutes  Est\u00e9rel,  C\u00f4te\nd'Azur, Provence Alpes, sont charg\u00e9s, chacun en ce qui le concerne, de l'ex\u00e9cution du\npr\u00e9sent arr\u00eat\u00e9 qui sera publi\u00e9 au recueil des actes administratifs de la pr\u00e9fecture du Var.\nFait \u00e0 Toulon, le 21 f\u00e9vrier 2024\nPour le pr\u00e9fet et par d\u00e9l\u00e9gation,\n La cheffe du service\nde l'\u00e9ducation et de la s\u00e9curit\u00e9 routi\u00e8res\nSign\u00e9e : Sophie BARASTIER\nArr\u00eat\u00e9 pr\u00e9fectoral n\u00b0 2024-02-002- ESC Page 3/3Conform\u00e9ment aux dispositions de l'article R. 421-1 et suivants du code de justice administrative, le \npr\u00e9sent arr\u00eat\u00e9 peut faire l'objet dans un d\u00e9lai de deux mois \u00e0 compter de sa parution  :\n\u2013  d'un recours administratif (recours gracieux aupr\u00e8s du pr\u00e9fet du Var ou recours hi\u00e9rarchique aupr\u00e8s du ministre \nde l'int\u00e9rieur)\n\u2013 d'un recours contentieux devant le tribunal administratif de Toulon. Le tribunal administratif peut \u00eatre saisi par \nl'application informatique \u00ab  T\u00e9l\u00e9recours citoyens  \u00bb accessible par le site Internet www.telerecours.frPr\u00e9fecture du VAR - 83-2024-02-21-00002 - AP 2024-02-002 du 21 f\u00e9vrier 2024 portant r\u00e9glementation temporaire de la circulation sur\nl'autoroute A57 sur le territoire des communes de Solli\u00e8s-Pont, Cuers et Puget-Ville. 16\nPr\u00e9fecture du VAR\n83-2024-02-21-00001\nARR\u00caT\u00c9 PR\u00c9FECTORAL n\u00b0 2024_02_DS_SIDPC_08\nrelatif au renouvellement de l\u25a1agr\u00e9ment de\ns\u00e9curit\u00e9 civile de type \u00ab\u00a0D.DPS Pe \u00e0 Ge\u00bb\n pour l\u25a1Union D\u00e9partementale des\nSapeurs-Pompiers du Var (UDSP83)\nPr\u00e9fecture du VAR - 83-2024-02-21-00001 - ARR\u00caT\u00c9 PR\u00c9FECTORAL n\u00b0 2024_02_DS_SIDPC_08 \nrelatif au renouvellement de l\u25a1agr\u00e9ment de s\u00e9curit\u00e9 civile de type \u00ab\u00a0D.DPS Pe \u00e0 Ge\u00bb\n pour l\u25a1Union D\u00e9partementale des Sapeurs-Pompiers du Var (UDSP83)17\nEx\nPREFET\nDU  VAR\nL'z'berte'\nEgalit\u00e9\nFraternit\u00e9\nCabinet du pr\u00e9fet\nDirection des s\u00e9curit\u00e9s\nService interminist\u00e9riel de d\u00e9fense et protection civile \nARR\u00caT\u00c9 PR\u00c9FECTORAL n\u00b0 2024_02_DS_SIDPC_08  \nrelatif au renouvellement de l'agr\u00e9ment de s\u00e9curit\u00e9 civile de type \u00ab  D.DPS Pe \u00e0 Ge\u00bb\n pour l'Union D\u00e9partementale des Sapeurs-Pompiers du Var (UDSP83)\nLe Pr\u00e9fet du Var,\nVu le code de la s\u00e9curit\u00e9 int\u00e9rieure, notamment ses articles L.725-1, L.725-3 et R.725-1 \u00e0 R.725-\n13;\nVu le d\u00e9cret n\u00b02017-908 du 06 mai 2017 portant notamment diverses dispositions relatives au\nr\u00e9gime juridique des associations, articles 15 \u00e0 21  ;\nVu l'arr\u00eat\u00e9 du 27 f\u00e9vrier 2017 relatif \u00e0 l'agr\u00e9ment des associations de s\u00e9curit\u00e9 civile pour les\ndispositifs pr\u00e9visionnels de secours, d\u00e9nomm\u00e9 agr\u00e9ment \u00ab  D \u00bb ;\nVu l'arr\u00eat\u00e9  du  7  novembre  2006  fixant  le  r\u00e9f\u00e9rentiel  national  relatif  aux  dispositifs\npr\u00e9visionnels de secours  ; \nVu l'arr\u00eat\u00e9 pr\u00e9fectoral n\u00b02024/04/MCI du 09 f\u00e9vrier 2024 portant d\u00e9l\u00e9gation de signature de\nMme Agn\u00e8s BONJEAN, sous-pr\u00e9f\u00e8te charg\u00e9e de mission, secr\u00e9taire g\u00e9n\u00e9rale adjointe, assurant\nl'int\u00e9rim du directeur de cabinet du pr\u00e9fet du Var \u00e0 compter du 12 f\u00e9vrier 2024.\nVu la demande d'agr\u00e9ment pr\u00e9sent\u00e9e le 30 janvier 2024 par M. Jean-Luc DECITRE, pr\u00e9sident\nde l'association \u00abUnion D\u00e9partementale des Sapeurs-Pompiers du Var (UDSP83  ) \u00bb;\nVu les pi\u00e8ces r\u00e9glementaires vers\u00e9es au dossier;\nSur proposition de Madame la sous-pr\u00e9f\u00e8te charg\u00e9e de mission, secr\u00e9taire g\u00e9n\u00e9rale adjointe, \ndirectrice de cabinet du pr\u00e9fet du Var par int\u00e9rim  ; \n1/2\nPr\u00e9fecture du VAR - 83-2024-02-21-00001 - ARR\u00caT\u00c9 PR\u00c9FECTORAL n\u00b0 2024_02_DS_SIDPC_08 \nrelatif au renouvellement de l\u25a1agr\u00e9ment de s\u00e9curit\u00e9 civile de type \u00ab\u00a0D.DPS Pe \u00e0 Ge\u00bb\n pour l\u25a1Union D\u00e9partementale des Sapeurs-Pompiers du Var (UDSP83)18\nARR\u00caTE:\nArticle 1er: L'UDSP83 est agr\u00e9\u00e9e au niveau d\u00e9partemental pour une dur\u00e9e de 3 ans \u00e0 compter\ndu 22 f\u00e9vrier 2024, pour la mission d\u00e9finie ci-dessous  :\nD : dispositifs pr\u00e9visionnels de secours de petite \u00e0 grande envergure (DPS-Pe \u00e0 Ge)+activit\u00e9s\naquatiques.\nCet agr\u00e9ment d\u00e9partemental autorise la tenue de DPS par l'association uniquement dans les\nlimites g\u00e9ographiques du d\u00e9partement du Var.\nArticle 2: L'agr\u00e9ment accord\u00e9 par le pr\u00e9sent arr\u00eat\u00e9 peut \u00eatre retir\u00e9 ou abrog\u00e9 notamment en\ncas de non-respect d'une des conditions fix\u00e9es par les articles R.725-1 \u00e0 R.725-11 du Code de la\nS\u00e9curit\u00e9 Int\u00e9rieure susvis\u00e9s, et dans les formes pr\u00e9vues par le code des relations entre le\npublic et l'administration.\nArticle 3: L'UDSP83 s'engage \u00e0 signaler sans d\u00e9lai, au pr\u00e9fet, toute modification substantielle \ndes \u00e9l\u00e9ments au vu desquels l'agr\u00e9ment a \u00e9t\u00e9 accord\u00e9.\nArticle 4: La sous-pr\u00e9f\u00e8te charg\u00e9e de mission, secr\u00e9taire g\u00e9n\u00e9rale adjointe, directrice de \ncabinet du pr\u00e9fet du Var par int\u00e9rim,  est charg\u00e9e de l'ex\u00e9cution du pr\u00e9sent arr\u00eat\u00e9, qui sera \npubli\u00e9 au recueil des actes administratifs et notifi\u00e9 \u00e0 l' Union D\u00e9partementale des Sapeurs-\nPompiers du Var.\nFait \u00e0 Toulon, le 21 f\u00e9vrier 2024\nPour le pr\u00e9fet et par d\u00e9l\u00e9gation\nLa sous-pr\u00e9f\u00e8te charg\u00e9e de mission, \nsecr\u00e9taire g\u00e9n\u00e9rale adjointe\nAgn\u00e8s BONJEAN\n1 Dans un d\u00e9lai de deux mois \u00e0 compter de la date de la notification ou de la publication du pr\u00e9sent arr\u00eat\u00e9 au recueil des actes administratifs de la pr\u00e9fecture, les recours suivants peuvent \u00eatre introduits conform\u00e9ment aux dispositions des articles R. 421-1 et suivants du code de justice administrative :\u2013 un recours gracieux, adress\u00e9 \u00e0  :M. le Pr\u00e9fet du Var \u2013 Boulevard du 112 \u00e8me r\u00e9giment d'infanterie \u2013 CS 31  209 \u2013 83 070 TOULON CEDEX\u2013 un recours hi\u00e9rarchique, adress\u00e9  au(x) ministre(s) concern\u00e9(s)  ;Dans ces deux cas, le silence de l'Administration vaut rejet implicite au terme d'un d\u00e9lai de deux mois.Apr\u00e8s un recours gracieux ou hi\u00e9rarchique, le d\u00e9lai du recours contentieux ne court qu'\u00e0 compter du rejet explicite ou implicite de l'un de ces recours.\u2013 un recours contentieux, en saisissant le Tribunal Administratif de Toulon  : 5 rue Racine -BP 40 510 \u2013 83 041 TOULON CEDEX 9. Le tribunaladministratif peut \u00e9galement \u00eatre saisi par l'application informatique \"T\u00e9l\u00e9recours citoyens\", accessible par le site internet www.telerecours.fr.\n2/2Pr\u00e9fecture du VAR - 83-2024-02-21-00001 - ARR\u00caT\u00c9 PR\u00c9FECTORAL n\u00b0 2024_02_DS_SIDPC_08 \nrelatif au renouvellement de l\u25a1agr\u00e9ment de s\u00e9curit\u00e9 civile de type \u00ab\u00a0D.DPS Pe \u00e0 Ge\u00bb\n pour l\u25a1Union D\u00e9partementale des Sapeurs-Pompiers du Var (UDSP83)19\nPr\u00e9fecture du VAR\n83-2024-02-21-00003\nCERTIFICAT DE COMP\u00c9TENCES DE FORMATEURS\nEN PREMIERS SECOURS\n (C.C.F.P.S.) jury FNMNS ASV\nPr\u00e9fecture du VAR - 83-2024-02-21-00003 - CERTIFICAT DE COMP\u00c9TENCES DE FORMATEURS \nEN PREMIERS SECOURS\n (C.C.F.P.S.) jury FNMNS ASV20\nPREFET\nDU  VAR\nLibert\u00e9\nEgalit\u00e9\nFraternit\u00e9\nCabinet du pr\u00e9fet\nDirection des s\u00e9curit\u00e9s\nService interminist\u00e9riel de d\u00e9fense et protection civiles\n CERTIFICAT DE COMP\u00c9TENCES DE FORMATEURS \nEN PREMIERS SECOURS\n (C.C.F.P.S.)\nPROC\u00c8S VERBAL\nLe 21 f\u00e9vrier 2024, de  13h00 \u00e0 15h00,\nle  jury  constitu\u00e9,  conform\u00e9ment  \u00e0  l'arr\u00eat\u00e9  du  4  septembre  2012,  par  l'arr\u00eat\u00e9\nn\u00b02024-01-DS-SIDPC-05 du 25 janvier 2024  d\u00e9signant le jury d\u00e9partemental pour\nl'examen  des  dossiers  de  candidature  pour  l'attribution  du  Certificat  de\nComp\u00e9tences de Formateur en Premiers Secours, s'est r\u00e9uni pour examiner les\ndossiers  des  candidats  de l'Aqua-Sauvetage-Varois  CDF  FNMNS  ASV83  sous  la\npr\u00e9sidence de M. Mounir BELLAHSEN,  formateur de formateurs .\nParticipaient aux travaux du jury  :\nNom Pr\u00e9nom     :  Qualit\u00e9     :  \nNon requis (cf consigne DGSCGC) M\u00c9DECIN\nVal\u00e9rie GACHON FORMATEUR DE FORMATEURS\nDamien SPIESS FORMATEUR DE FORMATEURS\nFlavia BURIDANT FORMATEUR DE FORMATEURS\nMicha\u00ebl NIRLO FORMATEUR DE FORMATEURS (Suppl\u00e9ant))\nNombre de candidats ayant \u00e9t\u00e9 d\u00e9clar\u00e9s admis  : 07\nEn application de l'article 6 du d\u00e9cret n\u00b092-514 du 12 juin 1992, modifi\u00e9, la liste des\ncandidats re\u00e7us \u00e0 l'examen de formateur en premiers secours est publi\u00e9e par le\npr\u00e9fet au recueil des actes administratifs.\nAdresse postale : Pr\u00e9fecture du Var - Boulevard du 112\u00e8me R.I. - CS 31209 - 83070 TOULON CEDEX \u2013\nAccueil t\u00e9l\u00e9phonique : 04 94 18 83 83 \u2013 Horaires d'ouverture et modalit\u00e9s d'accueil sur le portail Internet : http://www.var.gouv.fr    \nPr\u00e9fecture du VAR - 83-2024-02-21-00003 - CERTIFICAT DE COMP\u00c9TENCES DE FORMATEURS \nEN PREMIERS SECOURS\n (C.C.F.P.S.) jury FNMNS ASV21\nFORMATEUR EN PREMIERS SECOURS  (FPS)\nSESSION du 12 au 16 f\u00e9vrier 2024\nPR\u00c9NOMNOM NaissanceOrganisme \nformateur FPS/\nFPSCR\u00e9sultatn\u00b0Dipl\u00f4me\nDateLieuD\u00e9p\nJordanBRUN23/03/92Ambilly74FNMNS\nASV83FPSADMIS83-2024-033\nJ\u00e9r\u00f4meJULIEN22/04/80Gassin83FNMNS\nASV83FPSADMIS83-2024-034\nMicha\u00eblLEVY17/05/78Saint-Ouen93FNMNS\nASV83FPSADMIS83-2024-035\nYvanMAGNE22/06/01Brignoles83FNMNS\nASV83FPSADMIS83-2024-036\nGr\u00e9goryMARKAI13/01/92Aubagne13FNMNS\nASV83FPSADMIS83-2024-037\nAmbreSORET27/11/97Reims51FNMNS\nASV83FPSADMIS83-2024-038\nMariusVANNUCCI14/03/95Marseille 8\u00b013FNMNS\nASV83FPSADMIS83-2024-039\nLe Pr\u00e9sident     : Mounir BELLAHSEN\nOriginal sign\u00e9\nLes membres du jury     :\nVal\u00e9rie GACHON\nFlavia BURIDANTDamien SPIESS\nMicha\u00ebl NIRLO\nOriginal sign\u00e9\nPV  CCFPS CDF FNMNS ASV83- 21 f\u00e9vrier 2024- page 2 /2Pr\u00e9fecture du VAR - 83-2024-02-21-00003 - CERTIFICAT DE COMP\u00c9TENCES DE FORMATEURS \nEN PREMIERS SECOURS\n (C.C.F.P.S.) jury FNMNS ASV22\nPr\u00e9fecture du VAR\n83-2024-02-21-00004\nCERTIFICAT DE COMP\u00c9TENCES DE FORMATEURS\nEN PR\u00c9VENTION ET SECOURS CIVIQUES\n (C.C.F.P.S.C.) Jury Education Nationale\nPr\u00e9fecture du VAR - 83-2024-02-21-00004 - CERTIFICAT DE COMP\u00c9TENCES DE FORMATEURS \nEN PR\u00c9VENTION ET SECOURS CIVIQUES\n (C.C.F.P.S.C.) Jury Education Nationale23\nPREFET\nDU  VAR\nLibert\u00e9\nEgalit\u00e9\nFraternit\u00e9\nCabinet du pr\u00e9fet\nDirection des s\u00e9curit\u00e9s\nService interminist\u00e9riel de d\u00e9fense et protection civiles\n CERTIFICAT DE COMP\u00c9TENCES DE FORMATEURS \nEN PR\u00c9VENTION ET SECOURS CIVIQUES\n (C.C.F.P.S.C.)\nPROC\u00c8S VERBAL\nLe 21 f\u00e9vrier 2024, de  15h00 \u00e0 17h00,\nle  jury  constitu\u00e9,  conform\u00e9ment  \u00e0  l'arr\u00eat\u00e9  du  4  septembre  2012,  par  l'arr\u00eat\u00e9\nn\u00b02024-01-DS-SIDPC-06 du 25 janvier 2024  d\u00e9signant le jury d\u00e9partemental pour\nl'examen  des  dossiers  de  candidature  pour  l'attribution  du  Certificat  de\nComp\u00e9tences de Formateur en Pr\u00e9vention et Secours Civiques, s'est r\u00e9uni pour\nexaminer les dossiers des candidats  de l'Education Nationale-Rectorat acad\u00e9mie\nde Nice sous la pr\u00e9sidence de M. Damien SPIESS,  formateur de formateurs .\nParticipaient aux travaux du jury  :\nNom Pr\u00e9nom     :  Qualit\u00e9     :  \nNon requis (cf consigne DGSCGC) M\u00c9DECIN\nMicha\u00ebl NIRLO FORMATEUR DE FORMATEURS\nVal\u00e9rie GACHON FORMATEUR DE FORMATEURS\nFlavia BURIDANT FORMATEUR DE FORMATEURS\nMounir BELLAHSEN FORMATEUR DE FORMATEURS (Suppl\u00e9ant))\nNombre de candidats ayant \u00e9t\u00e9 d\u00e9clar\u00e9s admis  : 14\nEn application de l'article 6 du d\u00e9cret n\u00b092-514 du 12 juin 1992, modifi\u00e9, la liste des\ncandidats re\u00e7us \u00e0 l'examen de formateur en pr\u00e9vention et secours civiques est\npubli\u00e9e par le pr\u00e9fet au recueil des actes administratifs.\nAdresse postale : Pr\u00e9fecture du Var - Boulevard du 112\u00e8me R.I. - CS 31209 - 83070 TOULON CEDEX \u2013\nAccueil t\u00e9l\u00e9phonique : 04 94 18 83 83 \u2013 Horaires d'ouverture et modalit\u00e9s d'accueil sur le portail Internet : http://www.var.gouv.fr    \nPr\u00e9fecture du VAR - 83-2024-02-21-00004 - CERTIFICAT DE COMP\u00c9TENCES DE FORMATEURS \nEN PR\u00c9VENTION ET SECOURS CIVIQUES\n (C.C.F.P.S.C.) Jury Education Nationale24\nFORMATEUR EN PR\u00c9VENTION ET SECOURS CIVIQUES   (FPSC)\nSESSION du 19 janvier au 02 f\u00e9vrier 2024\nPR\u00c9NOMNOM NaissanceOrganisme \nformateur FPS/\nFPSCR\u00e9sultatn\u00b0Dipl\u00f4me\nDateLieuD\u00e9p\nVirginieAUFRAY11/03/80Marseille 12\u00b013EN-NICEFPSCADMIS83-2024- 019\nLaurenceBRUNSON21/05/77Sedan8EN-NICEFPSCADMIS83-2024- 020\nBorisCAUBERT17/09/80Ollioules83EN-NICEFPSCADMIS83-2024- 021\nAnne-\nSophieBOULL\u00c9 \u00e9p\nCHAMPY06/08/88Ch\u00e2lons-sur-\nMarne51EN-NICEFPSCADMIS83-2024- 022\nSt\u00e9phaneCR\u00c9PIN12/04/74Clermont-Ferrand 63EN-NICEFPSCADMIS83-2024- 023\nChlo\u00e9GAUDEL11/12/84Laxou54EN-NICEFPSCADMIS83-2024- 024\nAmbreROCHE \u00e9p\nGIOVANNANGELI27/05/94Toulon83EN-NICEFPSCADMIS83-2024- 025\nBaptisteGUERRY28/02/91La Seyne-sur-Mer83EN-NICEFPSCADMIS83-2024- 026\nDavidLAVENS29/04/75Roubaix59EN-NICEFPSCADMIS83-2024- 027\nYa\u00eblBENAROUS \u00e9p\nMARCHAND24/09/72D\u00e9cines-Charpieu 69EN-NICEFPSCADMIS83-2024- 028\nCharl\u00e8neMOUTAUD-\nTRICCA07/11/96Toulon83EN-NICEFPSCADMIS83-2024- 029\nAur\u00e9lieROYER16/11/75Arles13EN-NICEFPSCADMIS83-2024- 030\nFrancisVIALET08/05/89Lons-le-Saunier39EN-NICEFPSCADMIS83-2024- 031\nEstherVREVIN27/02/90Toulon83EN-NICEFPSCADMIS83-2024- 032\nLe Pr\u00e9sident     : Damien SPIESS\nOriginal sign\u00e9\nLes membres du jury     :\nMicha\u00ebl NIRLO\nFlavia BURIDANTVal\u00e9rie GACHON\nMounir BELLAHSEN\nOriginal sign\u00e9\nPV  CCFPSC EN-NICE- 21 f\u00e9vrier 2024- page 2 /2Pr\u00e9fecture du VAR - 83-2024-02-21-00004 - CERTIFICAT DE COMP\u00c9TENCES DE FORMATEURS \nEN PR\u00c9VENTION ET SECOURS CIVIQUES\n (C.C.F.P.S.C.) Jury Education Nationale25","date":"2024-02-21","first_seen_on":"2024-08-21T10:58:40+00:00","id":"89c65f2f6ebce6d0b84405341adeb8f459c77593213f78e4f81500637aeb7b0c","name":"RAA N\u00b0005 du 21 f\u00e9vrier 2024","pdf_creation_date":"2024-02-21T14:28:39+00:00","pdf_modification_date":null,"timezone":"Europe/Paris","url":"https://www.var.gouv.fr/contenu/telechargement/33292/222015/file/RAA%20N%C2%B0005%20du%2021%20f%C3%A9vrier%202024%20NON%20Nominatif.pdf"}
