{"administration":"prefidf","administration_name":"Pr\u00e9fecture de la r\u00e9gion \u00cele-de-France","content":"PREFECTURE\nREGION ILE DE\nFRANCE\nRECUEIL DES ACTES\nADMINISTRATIFS SP\u00c9CIAL\nN\u00b0IDF-026-2025-04\nPUBLI\u00c9 LE  9 AVRIL 2025\nSommaire\nRectorat de la r\u00e9gion acad\u00e9mique d'Ile-de-France, rectorat de\nl'acad\u00e9mie de Paris /\nIDF-2025-04-04-00024 - Arr\u00eat\u00e9 n\u00b02025-015-RRA portant\nsubd\u00e9l\u00e9gation de signature en mati\u00e8re\nd'ordonnancement\nsecondaire pour les budgets op\u00e9rationnels\nde programme (BOP)\nn\u00b0150, 163, 214, 219, 348, 349 et 362 (3 pages) Page 3\n2\nRectorat de la r\u00e9gion acad\u00e9mique\nd'Ile-de-France, rectorat de l'acad\u00e9mie de Paris\nIDF-2025-04-04-00024\nArr\u00eat\u00e9 n\u00b02025-015-RRA portant subd\u00e9l\u00e9gation de\nsignature en mati\u00e8re\nd'ordonnancement secondaire pour les budgets\nop\u00e9rationnels\nde programme (BOP) n\u00b0150, 163, 214, 219, 348,\n349 et 362\nRectorat de la r\u00e9gion acad\u00e9mique d'Ile-de-France, rectorat de l'acad\u00e9mie de Paris - IDF-2025-04-04-00024 - Arr\u00eat\u00e9 n\u00b02025-015-RRA\nportant subd\u00e9l\u00e9gation de signature en mati\u00e8re\nd'ordonnancement secondaire pour les budgets op\u00e9rationnels\nde programme (BOP) n\u00b0150, 163, 214, 219, 348, 349 et 362\n3\nREGION ACADEMIQUEILE-DE-FRANCELibert\u00e9Egalit\u00e9Fraternit\u00e9\n \n1 \n                                                          \n \n \n \n \n \n \n \n \n \n \n \n \nArr\u00eat\u00e9 n\u00b02025-015-RRA portant subd\u00e9l\u00e9gation de signature en mati\u00e8re \nd'ordonnancement secondaire pour les budgets op\u00e9rationnels \nde programme (BOP) n\u00b0150, 163, 214, 219, 348, 349 et 362 \n \nLA RECTRICE DE LA REGION ACADEMIQUE \u00ceLE-DE-FRANCE, \n RECTRICE DE L'ACAD\u00c9MIE DE PARIS \nCHANCELI\u00c8RE DES UNIVERSIT\u00c9S DE PARIS  \nET D'\u00ceLE-DE-FRANCE  \nVu la loi organique n o 2001-692 du 1 er ao\u00fbt 2001 modifi\u00e9e relative aux lois de finances  ; \nVu le code de l'\u00e9ducation et notamment les articles R222-19 et suivants ; \nVu le code de la commande publique ; \nVu la loi n\u00b0 68-1250 du 31 d\u00e9cembre 1968 modifi\u00e9e relative \u00e0 la prescription des cr\u00e9ances sur l'Etat, les \nd\u00e9partements, les communes et les \u00e9tablissements publics ; \nVu la loi no 72-619 du 5 juillet 1972 modifi\u00e9e portant cr\u00e9ation et organisation des r\u00e9gions, notamment son \narticle 21-1 ; \nVu la loi n \u00b0 82-213 du 2 mars 1982 modifi\u00e9e relative aux droits et libert\u00e9s des communes, des \nd\u00e9partements et des r\u00e9gions, et notamment son article 34  ; \nVu le d\u00e9cret n\u00b0 98-81 du 11 f\u00e9vrier 1998 modifi\u00e9 ; \nVu le d\u00e9cret n\u00b0 99-89 du 8 f\u00e9vrier 1999 modifi\u00e9 pris pour l'application de l'article 3 du d\u00e9cret n o 98-81 du \n11 f\u00e9vrier 1998 ; \nVu le d\u00e9cret n\u00b0 2004-374 du 29 avril 2004 modifi\u00e9 relatif aux pouvoirs des pr\u00e9fets, \u00e0 l'organisation et \u00e0 \nl'action des services de l'Etat dans les r\u00e9gions et d\u00e9partements ; \nVu le d\u00e9cret no 2010-687 du 24 juin 2010 modifi\u00e9 relatif \u00e0 l'organisation et aux missions des  services de \nl'Etat dans la r\u00e9gion et les d\u00e9partements d'Ile-de-France ; \nVu le d\u00e9cret n \u00b0 2012-1246 du 7 novembre 2012  modifi\u00e9 relatif \u00e0 la gestion budg\u00e9taire et comptable \npublique ; \nVu le d\u00e9cret n\u00b0 2019 -1200 du 20 novembre 2019 relatif \u00e0 l'organisation des services d\u00e9concentr\u00e9s des \nministres charg\u00e9s de l'\u00e9ducation nationale et de l'enseignement sup\u00e9rieur, de la recherche et de  \nl'innovation ; \nVu l'arr\u00eat\u00e9 du 3 juillet 2009 portant r\u00e8glement de comptabilit\u00e9 pour la d\u00e9signation des ordonnateurs \nsecondaires et de leurs d\u00e9l\u00e9gu\u00e9s en ce qui concerne le minist\u00e8re de l'\u00e9ducation nationale ; \nVu l'arr\u00eat\u00e9 du 2 2 d\u00e9cembre 2022  relatif aux r\u00e8gles de la comptabilit\u00e9 budg\u00e9taire de l'Etat pris en \napplication de l'article 54 du d\u00e9cret 2012-1246 du 7 novembre 2012 modifi\u00e9 relatif \u00e0 la gestion budg\u00e9taire \net comptable publique ; \nVu le d\u00e9cret du 22 juillet 2020 portant nomination de M. Marc GUILLAUME en qualit\u00e9 de pr\u00e9fet de la \nr\u00e9gion d'\u00cele-de-France, pr\u00e9fet de Paris ;  \nVu le d\u00e9cret du Pr\u00e9sident de la R\u00e9publique du 12 mars 2025 portant nomination de Mme Julie BENETTI \nen qualit\u00e9 de rectrice de la r\u00e9gion acad\u00e9mique \u00cele-de-France, rectrice de l'acad\u00e9mie de Paris ; \n \nRectorat de la r\u00e9gion acad\u00e9mique d'Ile-de-France, rectorat de l'acad\u00e9mie de Paris - IDF-2025-04-04-00024 - Arr\u00eat\u00e9 n\u00b02025-015-RRA\nportant subd\u00e9l\u00e9gation de signature en mati\u00e8re\nd'ordonnancement secondaire pour les budgets op\u00e9rationnels\nde programme (BOP) n\u00b0150, 163, 214, 219, 348, 349 et 362\n4\n \n2 \n \nVu l'arr\u00eat\u00e9 interminist\u00e9riel en date du 31 janvier 2025 nommant M. Fabien OPPERMANN dans l'emploi de \nsecr\u00e9taire g\u00e9n\u00e9ral de la r\u00e9gion acad\u00e9mique \u00cele-de-France ; \nVu l'arr\u00eat\u00e9 du pr\u00e9fet de la r\u00e9gion Ile-de-France n\u00b0 IDF-2025-03-26-00004 du 26 mars 2025 portant d\u00e9l\u00e9gation \nde signature \u00e0 Mme Julie BENETTI, rectrice de la r\u00e9gion acad\u00e9mique \u00cele -de-France, rectrice de l'acad\u00e9mie de \nParis, en mati\u00e8re d'ordonnancement secondaire ; \nVu l'arr\u00eat\u00e9 du pr\u00e9fet de la r\u00e9gion Ile-de-France n\u00b0 IDF-2025-03-26-00005 du 26 mars 2025 portant d\u00e9l\u00e9gation \nde signature \u00e0 Mme Julie BENETTI, rectrice de la r\u00e9gion acad\u00e9mique \u00cele -de-France, rectrice de l'acad\u00e9mie de \nParis, en mati\u00e8re d'ordonnancement secondaire sur les programmes de la mission \u00ab Plan de relance \u00bb ; \nVu l'arr\u00eat\u00e9 du pr\u00e9fet de la r\u00e9gion Ile-de-France n\u00b0 IDF-2025-03-26-00006 du 26 mars 2025 portant d\u00e9l\u00e9gation \nde signature \u00e0 Mme Julie BENETTI, rectrice de la r\u00e9gion acad\u00e9mique \u00cele -de-France, rectrice de l'acad\u00e9mie de \nParis, en mati\u00e8re d'ordonnancement secondaire sur le programme 348 ; \nVu la d\u00e9cision  minist\u00e9rielle n\u00b0ESRF2036756S du 21 d\u00e9cembre 2020 par l aquelle le responsable de \nprogramme du minist\u00e8re de l'Enseignement sup\u00e9rieur, de la Recherche et de l'Innovation nomme le \nrecteur de la r\u00e9gion acad\u00e9mique d'\u00cele-de-France, recteur de l'acad\u00e9mie de Paris en qualit\u00e9 de responsable \nde budget op\u00e9rationnel de programme et d'unit\u00e9s op\u00e9rationnelles du programme 150 ; \nVu la d\u00e9cision minist\u00e9rielle n\u00b0MENF2036122S du 11 d\u00e9cembre 2020 par laquelle le respon sable de \nprogramme du minist\u00e8re de l'Education nationale, de la Jeunesse et des Sports nomme le recteur de la \nr\u00e9gion acad\u00e9mique d'\u00cele-de-France, recteur de l'acad\u00e9mie de Paris en qualit\u00e9 de responsable de budget \nop\u00e9rationnel de programme et d'unit\u00e9s op\u00e9rationnelles du programme 214 ; \nVu les d\u00e9cisions NOR MENF2033683S du 27 novembre 2020 et NOR MENV2406106S du 11 mars 2024 par \nlesquelles les responsables de programme du minist\u00e8re de l'Enseignement sup\u00e9rieur, de la Recherche et \nde l'Innovation nomment le Rect eur de la r\u00e9gion acad\u00e9mique \u00cele -de-France, Recteur de l'acad\u00e9mie de \nParis en qualit\u00e9 de responsable de responsable de budget  op\u00e9rationnel de programmes et d'unit\u00e9s \nop\u00e9rationnelles des programmes \u00ab Jeunesse et vie associative \u00bb (n\u00b0163) et \u00ab Sports \u00bb (n\u00b0219) ;  \nVu la convention de d\u00e9l\u00e9gation de gestion du 18 d\u00e9cembre 2020 entre le minist\u00e8re de l'Economie et des \nFinances et le minist\u00e8re de l'Education nationale et de la Jeunesse relative au programme 362 ; \nVu la convention du 5 juillet 2024 entre la d\u00e9l\u00e9gation g\u00e9n\u00e9rale \u00e0 l'enseignement sup\u00e9rieur et \u00e0 l'insertion \nprofessionnelle et la r\u00e9gion acad\u00e9mique Ile de France relative \u00e0 la subd\u00e9l\u00e9gation de gestion et \u00e0 \nl'utilisation des cr\u00e9dits du programme 348 ; \nVu la convention du 15 juillet 2024 entre le secr\u00e9tariat g\u00e9 n\u00e9ral du minist\u00e8re de l'Education nationale et \nde la Jeunesse et la r\u00e9gion acad\u00e9mique Ile de France relative \u00e0 la subd\u00e9l\u00e9gation de gestion et \u00e0 l'utilisation \ndes cr\u00e9dits du programme 349 ; \nVu la convention de d\u00e9l\u00e9gation de gestion du 21 mars 2025 entre la R\u00e9gion acad\u00e9mique \u00cele-de-France et \nl'Acad\u00e9mie de Paris relative \u00e0 l'ex\u00e9cution financi\u00e8re des comp\u00e9tences de la r\u00e9gion acad\u00e9mique ; \nARRETE \n \nARTICLE 1er : \nConform\u00e9ment \u00e0 la convention de d\u00e9l\u00e9gation de gestion du 21 mars 2025 susvis\u00e9e, d ans les limites \ndes attributions de la division des affaires financi\u00e8res (DAF) de l'acad\u00e9mie de Paris, pour les op\u00e9rations \nli\u00e9es aux programmes et aux unit\u00e9s op\u00e9rationnelles cit\u00e9s \u00e0 l'annexe n\u00b01 de la convention de \nd\u00e9l\u00e9gation de gestion susvis\u00e9e , d\u00e9l\u00e9gation est donn\u00e9e  \u00e0 M. J\u00e9r\u00f4me POISON, chef de la division des \naffaires financi\u00e8res, \u00e0 l'effet de signer, au titre des op\u00e9rations de validation : \n- les engagements juridiques, \n- les certifications du service fait, \n- les demandes de paiement, \n- les ordres de recette aff\u00e9rents imput\u00e9s sur les titres 2, 3, 5, 6 de la loi du 1er ao\u00fbt 2001. \n \nEn cas d'absence ou d'emp\u00eachement de M. J\u00e9r\u00f4me POISON, chef de la division des affaires \nfinanci\u00e8res, la d\u00e9l\u00e9gation de signature qui lui est donn\u00e9e au titre au pr\u00e9sent article sera exerc\u00e9e par \nMme Marianne BICORNE, adjointe au chef de division. \n \n  \nRectorat de la r\u00e9gion acad\u00e9mique d'Ile-de-France, rectorat de l'acad\u00e9mie de Paris - IDF-2025-04-04-00024 - Arr\u00eat\u00e9 n\u00b02025-015-RRA\nportant subd\u00e9l\u00e9gation de signature en mati\u00e8re\nd'ordonnancement secondaire pour les budgets op\u00e9rationnels\nde programme (BOP) n\u00b0150, 163, 214, 219, 348, 349 et 362\n5\n \n3 \nARTICLE 2 : \nEn cas d'absence ou d'emp\u00eachement de M. J\u00e9r\u00f4me POISON, chef de la division des affaires \nfinanci\u00e8res, la d\u00e9l\u00e9gation de signature qui lui est donn\u00e9e aux articles pr\u00e9c\u00e9dents sera exerc\u00e9e, au \ntravers des seuls actes de validation CHORUS, dans la limite de leurs attributions, par : \n \n- M. J\u00e9r\u00f4me BIHRY, SAENES ; \n- M. Laurent CHEKOUN, SAENES ; \n- M. Charles CHICOT, AAE ;  \n- M. Florent DI CARLO, AAE ; \n- Mme Daniela LOGIN, SAENES ; \n- Mme Sandy LECLERC, SAENES ; \n- M. Philippe LUKOMSKI, SAENES ; \n- Mme Feiza MEDJAHDI, SAENES ; \n- Mme B\u00e9atrice MERCIER ;  \n- Mme Florence NOTARIANNI, SAENES ; \n- Mme Aur\u00e9lie OBITZ, SAENES ; \n- Mme Julienne THRASIBULE, SAENES.  \n \nARTICLE 3 : \nLe secr\u00e9taire g\u00e9n\u00e9ral de la r\u00e9gion acad\u00e9mique \u00cele-de-France et la secr\u00e9taire g\u00e9n\u00e9rale de l'acad\u00e9mie \nde Paris sont charg\u00e9s, chacun en ce qui les concerne, de l'ex\u00e9cution du pr\u00e9sent arr\u00eat\u00e9 qui sera publi\u00e9 \nau recueil des actes administratifs de la pr\u00e9fecture de r\u00e9gion \u00cele-de-France, pr\u00e9fecture de Paris. \nFait \u00e0 Paris, le 4 avril 2025 \nLa rectrice de la r\u00e9gion acad\u00e9mique d'\u00cele-de-France, \nRectrice de l'acad\u00e9mie de Paris, \nChanceli\u00e8re des universit\u00e9s de Paris et d'\u00cele-de France \n \n \n                                                                        Sign\u00e9 \n \nJulie BENETTI \n \nRectorat de la r\u00e9gion acad\u00e9mique d'Ile-de-France, rectorat de l'acad\u00e9mie de Paris - IDF-2025-04-04-00024 - Arr\u00eat\u00e9 n\u00b02025-015-RRA\nportant subd\u00e9l\u00e9gation de signature en mati\u00e8re\nd'ordonnancement secondaire pour les budgets op\u00e9rationnels\nde programme (BOP) n\u00b0150, 163, 214, 219, 348, 349 et 362\n6","date":"2025-04-09","first_seen_on":"2025-04-09T19:08:31+00:00","id":"89e1195137c50a5bb44044decae7623ec0991bcdd96d3ed9adb2ef1e1c170274","name":"recueilDS-idf-026-2025-04-recueil-des-actes-administratifs-special du 09.04.2025","pdf_creation_date":"2025-04-09T18:28:52+00:00","pdf_modification_date":null,"timezone":"Europe/Paris","url":"https://www.prefectures-regions.gouv.fr/ile-de-france/irecontenu/telechargement/126924/937089/file/recueilDS-idf-026-2025-04-recueil-des-actes-administratifs-special%20du%2009.04.2025.pdf"}
