{"administration":"pref80","administration_name":"Pr\u00e9fecture de la Somme","content":"PR\u00c9FET\nDE LA SOMME\nRECUEIL DES ACTES\nADMINISTRATIFS SP\u00c9CIAL\nN\u00b02024-235\nPUBLI\u00c9 LE  4 D\u00c9CEMBRE 2024\nSommaire\nCentre Hospitalier d'Amiens /\n80-2024-12-03-00003 - D\u00e9cision n\u00b0166-24 D\u00e9saffectation et\nd\u00e9classement du domaine public hospitalier du site Nord  du CHU\nAmiens-Picardie (\"emprise hors BNF\"). (2 pages) Page 3\nDirection d\u00e9partementale de l'emploi, du travail et des solidarit\u00e9s de\nla Somme (DDETS Somme) /\n80-2024-12-02-00002 - ARRETE DE DEROGATION AU REPOS DOMINICAL -\nAUCHAN RETAIL AGRO (3 pages) Page 6\n80-2024-12-02-00001 - ARRETE DE DEROGATION AU REPOS DOMINICAL -\nAUCHAN RETAIL SERVICES (3 pages) Page 10\nDirection d\u00e9partementale des finances publiques de la Somme /\nSecr\u00e9tariat de direction\n80-2024-12-02-00004 - D\u00e9l\u00e9gation de signature en mati\u00e8re de\ncontentieux et de gracieux fiscal du service des imp\u00f4ts des particuliers\nd'Amiens (4 pages) Page 14\nDirection Interr\u00e9gionale Grand Nord de la Protection Judiciaire de la\nJeunesse /\n80-2024-11-06-00003 - Arr\u00eat\u00e9 portant fixation du montant du tarif\njournalier 2024 pour le CER Ressources ADSEA (4 pages) Page 19\n80-2024-11-15-00006 - Arr\u00eat\u00e9 portant fixation du montant du tarif\njournalier 2024 pour le service MJIE Yves Le Febvre (4 pages) Page 24\n2\nCentre Hospitalier d'Amiens\n80-2024-12-03-00003\nD\u00e9cision n\u00b0166-24 D\u00e9saffectation et\nd\u00e9classement du domaine public hospitalier du\nsite Nord  du CHU Amiens-Picardie (\"emprise\nhors BNF\").\nCentre Hospitalier d'Amiens - 80-2024-12-03-00003 - D\u00e9cision n\u00b0166-24 D\u00e9saffectation et d\u00e9classement du domaine public hospitalier\ndu site Nord  du CHU Amiens-Picardie (\"emprise hors BNF\"). 3\nGroupe  Hospitalier  de Territoire\nSomme  Littoral  Sud CHU\nAMIENS\nPICARDIE\nDECISION  N\u00b0166-24\nD\u00e9saffectation  et d\u00e9classement  du domaine  public  hospitalier\ndu site  Nord  du CHU  Amiens-Picardie  ( \u00ab emprise  hors  BNF  \u00bb)\nCompl\u00e9ment  de la D\u00e9cision  n\u00b0162-23  du 15 novembre  2023\nLE DIRECTEUR  GENERAL,\nCHEVALIER  DE LA LEGION  D'HONNEUR,\nVu les Dispositions  de l'article  L2141-1  du Code  g\u00e9n\u00e9ral  de la propri\u00e9t\u00e9  des  personnes  publiques  ;\nVu l'Avis  favorable  du Conseil  de Surveillance  en date  du 21 juin  2023  ;\nVu la D\u00e9cision  n\u00b0162-23  du 15 novembre  2023  du Centre  Hospitalier  Universitaire  Amiens-Picardie\nrelative  au d\u00e9classement  et a la d\u00e9saffectation  du domaine  public  hospitalier  de l'ensemble\nimmobilier  du site  Nord  du CHU  Amiens-Picardie  et de ses  biens  meubles  acquis  avant  2006  ;\nVu le plan  de bornage  et de reconnaissance  de limites  de propri\u00e9t\u00e9  \u00e9tabli  par  M. Louis  CANTET,\nG\u00e9om\u00e8tre-Expert,  en date  du 30 octobre  2023,  ci-annex\u00e9,  relatif  \u00e0 la propri\u00e9t\u00e9  correspondante  \u00e0\nl'ensemble  immobilier  du site  Nord  ;\nVu la vente  du 06 d\u00e9cembre  2023  au b\u00e9n\u00e9fice  de l'Etablissement  Public  Foncier  des  Hauts-de-\nFrance  des  parcelles  cadastrales  d\u00e9di\u00e9es  \u00e0 la future  annexe  de la BNF,  partie  dite  \u00ab emprise  BNF  \u00bb,\nainsi  que  la promesse  de vente  du m\u00eame  jour  au m\u00eame  b\u00e9n\u00e9ficiaire  des  parcelles  subs\u00e9quentes,\npartie  dite  \u00ab emprise  hors  BNF  \u00bb ;\nVu les missions  de service  public  d\u00e9volues  \u00e0 un \u00e9tablissement  public  de sant\u00e9  d\u00e9finies  par  les\ndispositions  des  articles  L6111-1,  L6112-2  et L6142-1  du Code  de la Sant\u00e9  Publique  ;\nVu la synth\u00e8se  \u00e9tablie  par  le cabinet  Ernst  and  Young,  soci\u00e9t\u00e9  d'avocats  confirmant  la possibilit\u00e9  de\nconstater  la cessation  de l'utilisation  du bien  pour  les besoins  du service  public  et \u00e0 l'usage  direct\ndu public  et donc  sa d\u00e9saffectation,  ind\u00e9pendamment  du maintien  temporaire  d'une  activit\u00e9\nadministrative  dans  des  locaux  \u00e0 seul  usage  de bureaux,  ceux-ci,  ainsi  que  leurs  acc\u00e8s  et parkings\nattenant  formant  un ensemble  indivisible  relevant  du domaine  priv\u00e9  du CHU  Amiens-Picardie  ;\nVu le constat  du 02 d\u00e9cembre  2024  de Ma\u00eetre  Adeline  ABAUZIT,  Commissaire  de Justice,\npermettant  d'\u00e9tablir  \u00e0 cette  date  l'acc\u00e8s  limit\u00e9  et contr\u00f4l\u00e9  du site  Nord  et le seul  usage  de bureaux\ndes  locaux  minoritairement  encore  occup\u00e9s  par  des  services  administratifs  n'accueillant  aucun\npublic  ;\nVu le caract\u00e8re  tr\u00e8s  temporaire  de cette  occupation  r\u00e9siduelle  par lesdits  services,  les\nd\u00e9m\u00e9nagements  du personnel  \u00e9tant  achev\u00e9s  \u00e0 la date  du 21 d\u00e9cembre  2024  ;\nCentre  Hospitalier  Universitaire  Amiens  - Picardie  La  =\n80054  Amiens  Cedex  1 e www.chu-amiens.fr\nCentre Hospitalier d'Amiens - 80-2024-12-03-00003 - D\u00e9cision n\u00b0166-24 D\u00e9saffectation et d\u00e9classement du domaine public hospitalier\ndu site Nord  du CHU Amiens-Picardie (\"emprise hors BNF\"). 4\nVu qu'\u00e0  compter  de cette  date,  seuls  des  \u00e9quipements  mobiliers  resteront  \u00e0 d\u00e9m\u00e9nager  selon  le\ncalendrier  pr\u00e9visionnel  annex\u00e9  \u00e0 la pr\u00e9sente  pr\u00e9voyant  une  lib\u00e9ration  totale  effective  au 28 f\u00e9vrier\n2025  ;\nConsid\u00e9rant  que  l'ensemble  immobilier  du site  Nord  restant  propri\u00e9t\u00e9  \u00e0 ce jour  du CHU  Amiens-\nPicardie,  dite  \u00ab emprise  hors  BNF  \u00bb, n'est  plus  affect\u00e9  \u00e0 un service  public  ou \u00e0 usage  direct  du public\ndepuis  le 02 d\u00e9cembre  2024  ;\nConsid\u00e9rant  qu'il  y a lieu  de constater  la d\u00e9saffectation  des  parcelles  cadastr\u00e9es  concern\u00e9es  et de\nprononcer  leur  d\u00e9classement  du domaine  public  selon  le tableau  ci-apr\u00e8s  :\nSection  | N\u00b0 Lieudit  Surface\nBS 112  34 rue Terral  00 ha 02 a 14 ca\nBS 113  36 rue Terral  00 ha 02 a 21 ca\nBS 114  38 rue Terral  00 ha 02 a 26 ca\nBS 115  40 rue Terral  00 ha 05 a 42 ca\nBS 116  44 rue Terral  00 ha 01 a97  ca\nBS 117  46 rue Terral  00 ha 01 a 97 ca\nBS 118  48 rue Terral  00 ha 02 a 01 ca\nBS 120  52 rue Terral  00 ha 01 a 97 ca\nBS 122  56 rue Terral  00 ha 03 a 54 ca\nBS 359  54 rue Terral  00 ha 01 a 67 ca\nBS 360  54 rue Terral  00 ha 00 a 02 ca\nBS 439  1 Place  Victor  Pauchet  00 ha 00 a 11 ca\nBS 441  1 Place  Victor  Pauchet  08 ha 27 a 98 ca\nConsid\u00e9rant  qu'il  en est de m\u00eame  pour  la partie  non  cadastr\u00e9e  figurant  au plan  de bornage  et de\nreconnaissance  de limites  \u00e9tabli  par  M. Louis  CANTET,  G\u00e9om\u00e8tre-Expert  en date  du 30 octobre\n2023,  ci-annex\u00e9  ;\nDECIDE  :\nArticle  1\u00b0\nA compter  de la pr\u00e9sente  D\u00e9cision,  et conform\u00e9ment  \u00e0 l'avis  du Conseil  de Surveillance  du 21 juin\n2023,  est prononc\u00e9  le d\u00e9classement  du domaine  public  hospitalier  de l'ensemble  immobilier  ci-\ndessus  d\u00e9sign\u00e9  d\u00e9saffect\u00e9  \u00e0 la date  du 02 d\u00e9cembre  2024  ;\nArticle  2\nA compter  de la pr\u00e9sente  D\u00e9cision,  l'ensemble  immobilier  ci-dessus  d\u00e9sign\u00e9  appartient  en\ncons\u00e9quence  au domaine  priv\u00e9  du CHU  Amiens-Picardie  et peut  faire  l'objet  d'une  ali\u00e9nation  ;\nArticle  3\nLa pr\u00e9sente  D\u00e9cision  sera  publi\u00e9e  au Recueil  des  Actes  Administratifs  du D\u00e9partement  de la Somme\net transmise  pour  information  au Directeur  G\u00e9n\u00e9ral  de ARS  des  Hauts-de-France.\nFait  \u00e0 Amiens,  le 03 d\u00e9cembre  2024\n\\yy\nDidie?  RENAUT\nDirecteur  G\u00e9n\u00e9ralCENTRE\nHOSPITALIER\nUNIVERSITAIRE\nCentre Hospitalier d'Amiens - 80-2024-12-03-00003 - D\u00e9cision n\u00b0166-24 D\u00e9saffectation et d\u00e9classement du domaine public hospitalier\ndu site Nord  du CHU Amiens-Picardie (\"emprise hors BNF\"). 5\nDirection d\u00e9partementale de l'emploi, du travail\net des solidarit\u00e9s de la Somme (DDETS Somme)\n80-2024-12-02-00002\nARRETE DE DEROGATION AU REPOS\nDOMINICAL - AUCHAN RETAIL AGRO\nDirection d\u00e9partementale de l'emploi, du travail et des solidarit\u00e9s de la Somme (DDETS Somme) - 80-2024-12-02-00002 - ARRETE DE\nDEROGATION AU REPOS DOMINICAL - AUCHAN RETAIL AGRO 6\nOE LA SOMME  Direction  d\u00e9partementale  de l'emploi\nLibert\u00e9 du travail  et des solidarit\u00e9s  de la Somme\n\u00c9galit\u00e9\nFraternit\u00e9\nARR\u00caT\u00c9\nportant  d\u00e9rogation  au principe  du repos  dominical\nLE PR\u00c9FET  DE LA SOMME\nCHEVALIER  DE LA L\u00c9GION  D'HONNEUR\nVu le code  du travail,  et notamment  ses articles  L. 3131-1,  L. 3132-1  \u00e0 L. 3132-3,  L. 3132-20,  L. 3132-\n21, L. 3132-23,  L.3132-25-4,  R. 3132-  16, R. 3132-17  et R.3172-2;  \u00a9\nVu le d\u00e9cret  n\u00b0 2004-374  du 29 avril  2004  modifi\u00e9  relatif  aux  pouvoirs  des pr\u00e9fets  et a\nl'organisation  et \u00e0 l'action  des services  de l'\u00c9tat  dans  les r\u00e9gions  et d\u00e9partements  ;\nVu le d\u00e9cret  n\u00b0 2020-1545  du 9 d\u00e9cembre  2020  relatif  \u00e0 l'organisation  des  missions  des  directions\nr\u00e9gionales  de l'\u00e9conomie,  de l'emploi,  du travail  et des solidarit\u00e9s,  des directions\nd\u00e9partementales  de l'emploi,  du travail  et des  solidarit\u00e9s  et des  directions  de l'emploi  du travail,\ndes  solidarit\u00e9s  et de la protection  des  populations  ;\nVu le d\u00e9cret  du 13 juillet  2023  portant  nomination  de M. Rollon  MOUCHEL-BLAISOT,  pr\u00e9fet  de la\nSomme  ;\nVu le d\u00e9cret  du 21 juillet  2023  portant  nomination  de M. Emmanuel  MOULARD,  administrateur\nde l'\u00c9tat  du deuxi\u00e8me  grade,  secr\u00e9taire  g\u00e9n\u00e9ral  de la pr\u00e9fecture  de la Somme;\nVu l'arr\u00eat\u00e9  pr\u00e9fectoral  du 15 janvier  2024  portant  d\u00e9l\u00e9gation  de signature  \u00e0 M. Emmanuel\nMOULARD,  administrateur  de l'\u00c9tat  du deuxi\u00e8me  grade,  secr\u00e9taire  g\u00e9n\u00e9ral  de la pr\u00e9fecture  de la\nSomme  ;\nVu la demande  du 9 octobre  2024,  re\u00e7ue  le 14 octobre  suivant,  de la soci\u00e9t\u00e9  AUCHAN  RETAIL\nAGRO  (ARA)  situ\u00e9e  200  rue de la recherche  CS 10636  \u00e0 VILLENEUVE  D'ASCQ  (59656),  laquelle\nsollicite  l'autorisation  de faire  travailler  1 salari\u00e9  de son  \u00e9tablissement  le dimanche\n22 d\u00e9cembre  2024  au sein  du SCOFEL  de SAINT-SAUVEUR  (80470);\n.Vu  l'acte  de volontariat  du salari\u00e9  concern\u00e9  ;\nVu l'accord  d'entreprise  sur l'organisation  et l'am\u00e9nagement  du temps  de travail  du 10 avril  2013  ;\nVu la d\u00e9cision  unilat\u00e9rale  du 11 octobre  2024  et le r\u00e9sultat  du r\u00e9f\u00e9rendum  concernant  cette\nd\u00e9cision  unilat\u00e9rale  ;\nVu l'avis  favorable  du comit\u00e9  social  et \u00e9conomique  du 14 f\u00e9vrier  2024  :\nVu les consultations  effectu\u00e9es  aupr\u00e8s  de la chambre  de commerce  et d'industrie  Amiens\nPicardie  Hauts-de-France,  de la mairie  de Saint-Sauveur,  et des organisations  patronales  et\nsalariales  int\u00e9ress\u00e9es  ;\nDirection d\u00e9partementale de l'emploi, du travail et des solidarit\u00e9s de la Somme (DDETS Somme) - 80-2024-12-02-00002 - ARRETE DE\nDEROGATION AU REPOS DOMINICAL - AUCHAN RETAIL AGRO 7\nVu l'avis  favorable  de la CPME  Somme,  de la mairie  de Saint-Sauveur,  de l'Union  d\u00e9partementale\nde la CFE-CGC  Somme  ;\nVu l'avis  favorable  du MEDEF  de la Somme,  sous  r\u00e9serve  que  les salari\u00e9s  soient  volontaires  ;\nVu l'avis  d\u00e9favorable  de la CFTC  de la Somme  ;\nConsid\u00e9rant  que  selon  les dispositions  de l'article  L.3132-20  du code  du travail,  une  d\u00e9rogation\nau repos  dominical  des  salari\u00e9s  peut  \u00eatre  accord\u00e9e  \u00ab lorsqu'il  est \u00e9tabli  que  le repos  simultan\u00e9,  le\ndimanche,  de tous  les salari\u00e9s  d'un  \u00e9tablissement  serait  pr\u00e9judiciable  au public  ou compromet-\ntrait  le fonctionnement  normal  de cet \u00e9tablissement  \u00bb ; |\nConsid\u00e9rant  que  la soci\u00e9t\u00e9  AUCHAN  RETAIL  AGRO  (ARA),  souhaite  faire  travailler  un salari\u00e9,\nacheteur  et manager  vente  approvisionnement  sur le p\u00e9rim\u00e8tre  fruits  et l\u00e9gumes,  le dimanche\n22 d\u00e9cembre  2024,  au sein  du SCOFEL  situ\u00e9  \u00e0 SAINT-SAUVEUR  (80470);\nConsid\u00e9rant  que l'entreprise  justifie  sa demande  de faire travailler  son salari\u00e9  le dimanche  22 d\u00e9-\ncembre  2024  par :\n- l'accompagnement  des  clients  dans  le choix  des  produits  ;\n- Un volume  inhabituel  de vente  des  fruits  et l\u00e9gumes  le dimanche  22 d\u00e9cembre  2024  g\u00e9n\u00e9rant\nun chiffre  d'affaire  important  (6%  du chiffre  d'affaire  du mois  de d\u00e9cembre)  ;\n- l'obligation  de garantir,  aux  clients  des  diff\u00e9rentes  enseignes  approvisionn\u00e9es,  des  produits  frais\net de qualit\u00e9  ;\n- la difficult\u00e9  de conserver  correctement  les fruits  et l\u00e9gumes  d\u00e9pendant  des conditions  de sto-\nckage  et des  variations  de temp\u00e9ratures  ;\n- une  capacit\u00e9  de stockage  en magasin  non  dimensionn\u00e9e  pour  cette  journ\u00e9e  exceptionnelle.\nConsid\u00e9rant  qu'en  faisant  travailler  un acheteur  et manager  vente  approvisionnement  sur le p\u00e9ri-\nm\u00e8tre  fruits  et l\u00e9gumes  le dimanche  22 d\u00e9cembre  2024,  l'entreprise  apporte  une  solution  com-\nmerciale  et logistique  \u00e0 ses clients  en livrant  au plus  vite  et le plus  souvent  possible  tout  en pr\u00e9-\nservant  la qualit\u00e9  des  fruits  et l\u00e9gumes.\nConsid\u00e9rant  que  par cons\u00e9quent  la pr\u00e9sente  demande  s'inscrit  bien  dans  le cadre  des  disposi-\ntions  des  articles  L. 3132-20  et suivants  du code  du travail  ;\nSur  proposition  de la directrice  adjointe  d\u00e9partementale  de l'emploi,  du travail  et des  solidarit\u00e9s\nde la Somme  ;\nARR\u00caTE\nArticle  1\u00b0': La demande  de d\u00e9rogation  aux  dispositions  des  articles  L.3132-  3 et suivants  du code\nsusvis\u00e9,  pr\u00e9sent\u00e9e  par  la soci\u00e9t\u00e9  AUCHAN  RETAIL  AGRO  (ARA),  et concernant  1 salari\u00e9,  pour  tra-\nvailler  au sein  du SCOFEL  de Saint-Sauveur  est accept\u00e9e  pour  le dimanche  22 d\u00e9cembre  2024.\nPendant  cette  p\u00e9riode,  le repos  devra  \u00eatre  donn\u00e9  selon  l'une  des  modalit\u00e9s  suivantes  :\na) Un autre  jour  que  le dimanche  \u00e0 tous  les salari\u00e9s  de l'\u00e9tablissement  ;\nb) du dimanche  midi  au lundi  midi  ;\nc) le dimanche  apr\u00e8s-midi  avec  un repos  compensateur  d'une  journ\u00e9e  par  roulement  et par  quin-\nzaine  ;\n2/3\nDirection d\u00e9partementale de l'emploi, du travail et des solidarit\u00e9s de la Somme (DDETS Somme) - 80-2024-12-02-00002 - ARRETE DE\nDEROGATION AU REPOS DOMINICAL - AUCHAN RETAIL AGRO 8\nd) par  roulement  a tout  ou partie  des  salari\u00e9s.\nArticle  2: Conform\u00e9ment  aux  dispositions  de l'article  L.3132-25-4  du code  susvis\u00e9,  seuls  les sala-\nri\u00e9s  volontaires,  ayant  donn\u00e9  leur  accord  par  \u00e9crit  \u00e0 leur  employeur,  peuvent  travailler  le di- _\n_ manche  pr\u00e9cit\u00e9.\nLe refus  d'un  salari\u00e9  de travailler  le dimanche  ne constitue  ni une  faute,  ni un motif  de licencie-\nment  et ne peut  entra\u00eener  aucune  mesure  discriminatoire  dans  le cadre  de l'ex\u00e9cution  de son\ncontrat  de travail.  Un tel refus  du salari\u00e9  ne saurait  non  plus  justifier  son  \u00e9cartement  d'une  proc\u00e9-\ndure  d'embauche.\nLe salari\u00e9  peut  changer  d'avis  sur son  acceptation  ou son  refus  de travailler  le dimanche.\nArticle  3 : Conform\u00e9ment  aux  dispositions  de l'article  R. 3172-2  du code  susvis\u00e9,  un registre  sp\u00e9-\ncial  mentionnera  pour  le salari\u00e9  concern\u00e9,  le jour  choisi  pour  le repos.  Ce registre  sera  tenu\nconstamment  \u00e0 la disposition  de l'inspecteur  du travail  charg\u00e9  du contr\u00f4le  de l'\u00e9tablissement.\nArticle  4 : Le salari\u00e9  priv\u00e9  de repos  dominical  b\u00e9n\u00e9ficiera  d'un  repos  compensateur  et percevra\npour  ce jour  de travail  une  r\u00e9mun\u00e9ration  au moins  \u00e9gale  au double  de la r\u00e9mun\u00e9ration  normale-\nment  due  pour  une  dur\u00e9e  \u00e9quivalente,  sous  r\u00e9serve  de dispositions  plus  favorables  d'une  conven-\ntion  ou d'un  accord  collectif  applicable.\nArticle  5.: En application  des  articles  L. 3132-1  et L. 3132-2  du code  susvis\u00e9,  un salari\u00e9  ne pourra\n\u00eatre  occup\u00e9  plus  de six jours  par  semaine  et le repos  hebdomadaire  devra  avoir  une  dur\u00e9e  mini-\nmale  de 24 heures  cons\u00e9cutives  auxquelles  s'ajouteront  les 11 heures  cons\u00e9cutives  de repos  quo-\ntidien  pr\u00e9vues  \u00e0 l'article  L. 3131-1  du m\u00eame  code.\nLes dispositions  du code  du travail  sur la dur\u00e9e  du travail  (notamment  les dur\u00e9es  maximales  de\ntravail)  et les repos  demeurent  applicables.\nArticle  6: Le pr\u00e9sent  arr\u00eat\u00e9  peut  faire  l'objet,  dans  un d\u00e9lai  de deux  mois  \u00e0 compter  de sa date\nde notification  d'un:\n- recours  contentieux  aupr\u00e8s  du tribunal  administratif  (14 rue Lemerchier  -CS  81114-  80011\nAMIENS  Cedex  01) qui peut  \u00eatre  saisi  via l'application  \u00ab T\u00e9l\u00e9recours  citoyen  \u00bb accessible  sur le\nsite  internet  www.telerecours.fr\n- recours  hi\u00e9rarchique  aupr\u00e8s  du ministre  du minist\u00e8re  du travail,  et de l'emploi  \u2014 direction  g\u00e9n\u00e9-\nrale  du travail  - 14 avenue  Duquesne  \u2014 75007  PARIS.\nArticle  7 : Le secr\u00e9taire  g\u00e9n\u00e9ral  de la pr\u00e9fecture  de la Somme  et la directrice  ajointe  d\u00e9partemen-\ntale  de l'emploi,  du travail  et des  solidarit\u00e9s  de la Somme  sont  charg\u00e9s,  chacun  en ce qui le\nconcerne,  de l'ex\u00e9cution  du pr\u00e9sent  arr\u00eat\u00e9  qui sera  notifi\u00e9  aux demandeurs  et publi\u00e9  au recueil\ndes  actes  administratifs  de la pr\u00e9fecture  de la Somme.\n02 DEC. 2024Amiens,  le\nPour  le pr\u00e9fet  \u00e9tipar  d\u00e9l\u00e9gation,\nLe secr\u00e9taire  g\u00e9n\u00e9ral\nfi.\nEmmanuel  MOULARD\n3/3\nDirection d\u00e9partementale de l'emploi, du travail et des solidarit\u00e9s de la Somme (DDETS Somme) - 80-2024-12-02-00002 - ARRETE DE\nDEROGATION AU REPOS DOMINICAL - AUCHAN RETAIL AGRO 9\nDirection d\u00e9partementale de l'emploi, du travail\net des solidarit\u00e9s de la Somme (DDETS Somme)\n80-2024-12-02-00001\nARRETE DE DEROGATION AU REPOS\nDOMINICAL - AUCHAN RETAIL SERVICES\nDirection d\u00e9partementale de l'emploi, du travail et des solidarit\u00e9s de la Somme (DDETS Somme) - 80-2024-12-02-00001 - ARRETE DE\nDEROGATION AU REPOS DOMINICAL - AUCHAN RETAIL SERVICES 10\nrel  Direction  d\u00e9partementale  de l'emploiDE LA SOMME  . Su ecLibert\u00e9  du travail  et des  solidarit\u00e9s  de la Somme\n\u00c9galit\u00e9\nFraternit\u00e9\nARR\u00caT\u00c9\nportant  d\u00e9rogation  au principe  du repos  dominical\nLE PR\u00c9FET  DE LA SOMME\nCHEVALIER  DE LA L\u00c9GION  D'HONNEUR\nVu le code  du travail,  et notamment  ses articles  L. 3131-1,  L. 3132-1  \u00e0 L. 3132-3,  L. 3132-20,  L. 3132-\n21, L. 3132-23,  L.3132-25-4,  R. 3132-16,  R. 3132-17  et R.3172-2  ;\nVu le d\u00e9cret  n\u00b0 2004-374  du 29 avril  2004  modifi\u00e9  relatif  aux  pouvoirs  des  pr\u00e9fets  et a\nl'organisation  et \u00e0 l'action  des  services  de l'\u00c9tat  dans  les r\u00e9gions  et d\u00e9partements  ;\nVu le d\u00e9cret  n\u00b0 2020-1545  du 9 d\u00e9cembre  2020  relatif  \u00e0 l'organisation  des  missions  des  directions\nr\u00e9gionales  de l'\u00e9conomie,  de l'emploi,  du travail  et des  solidarit\u00e9s,  des  directions\nd\u00e9partementales  de l'emploi,  du travail  et des  solidarit\u00e9s  et des  directions  de l'emploi  du travail,\ndes  solidarit\u00e9s  et de la protection  des  populations  ;\nVu le d\u00e9cret  du 13 juillet  2023  portant  nomination  de M. Rollon  MOUCHEL-BLAISOT,  pr\u00e9fet  de la\nSomme;\nVu le d\u00e9cret  du 21 juillet  2023  portant  nomination  de M. Emmanuel  MOULARD,  administrateur\nde l'\u00c9tat  du deuxi\u00e8me  grade,  secr\u00e9taire  g\u00e9n\u00e9ral  de la pr\u00e9fecture  de la Somme;\nVu l'arr\u00eat\u00e9  pr\u00e9fectoral  du 15 janvier  2024  portant  d\u00e9l\u00e9gation  de signature  \u00e0 M. Emmanuel\nMOULARD,  administrateur  de l'\u00c9tat  du deuxi\u00e8me  grade,  secr\u00e9taire  g\u00e9n\u00e9ral  de la pr\u00e9fecture  de la\nSomme  ;\nVu la demande  du 9 octobre  2024,  re\u00e7ue  le 14 octobre  suivant,  de la soci\u00e9t\u00e9  AUCHAN  RETAIL\nSERVICES  (ARS)  situ\u00e9e  200  rue de la recherche  CS 10636  \u00e0 VILLENEUVE  D'ASCQ  (59656),  laquelle\nsollicite  l'autorisation  de faire  travailler  1 salari\u00e9  de son  \u00e9tablissement  le dimanche\n22 d\u00e9cembre  2024  au sein  du SCOFEL  de SAINT-SAUVEUR  (80470)  ;\nVu l'acte  de volontariat  du salari\u00e9  concern\u00e9  ;\nVu l'accord  d'entreprise  sur l'organisation  et l'am\u00e9nagement  du temps  de travail  du 10 avril  2013;\nVu la d\u00e9cision  unilat\u00e9rale  du 11 octobre  2024  et le r\u00e9sultat  du r\u00e9f\u00e9rendum  concernant  cette\nd\u00e9cision  unilat\u00e9rale  ;\nVu l'avis  favorable  du comit\u00e9  social  et \u00e9conomique  du 14 f\u00e9vrier  2024;\nDirection d\u00e9partementale de l'emploi, du travail et des solidarit\u00e9s de la Somme (DDETS Somme) - 80-2024-12-02-00001 - ARRETE DE\nDEROGATION AU REPOS DOMINICAL - AUCHAN RETAIL SERVICES 11\nVu les consultations  effectu\u00e9es  aupr\u00e8s  de la chambre  de commerce  et d'industrie  Amiens\nPicardie  Hauts-de-France,  de la mairie  de Saint-Sauveur,  et des  organisations  patronales  et\nsalariales  int\u00e9ress\u00e9es  ;\nVu l'avis  favorable  de la CPME  Somme,  de la mairie  de Saint-Sauveur,  de l'union  d\u00e9partementale\nde la CFE-CGC  Somme;\nVu l'avis  favorable  du MEDEF  de la Somme,  sous  r\u00e9serve  que  les salari\u00e9s  soient  volontaires  ;\nConsid\u00e9rant  que  selon  les dispositions  de l'article  L.3132-20  du code  du travail,  une  d\u00e9rogation\nau repos  dominical  des  salari\u00e9s  peut  \u00eatre  accord\u00e9e  \u00ab lorsqu'il  est \u00e9tabli  que  le repos  simultan\u00e9,  le\ndimanche,  de tous  les salari\u00e9s  d'un  \u00e9tablissement  serait  pr\u00e9judiciable  au public  ou compromet-\ntrait  le fonctionnement  normal  de cet \u00e9tablissement  \u00bb ;\nConsid\u00e9rant  que  la soci\u00e9t\u00e9  AUCHAN  RETAIL  SERVICES  (ARS),  souhaite  faire  travailler  un agr\u00e9eur,\nsalari\u00e9  contr\u00f4lant  la qualit\u00e9  des  fruits  et l\u00e9gumes  sur les plateformes  bureaux  d'achats  et fruits  et\nl\u00e9gumes,  le dimanche  22 d\u00e9cembre  2024,  au sein  du SCOFEL  situ\u00e9  \u00e0 SAINT-SAUVEUR  (80470)  ;\nConsid\u00e9rant  que  l'entreprise  justifie  sa demande  de faire  travailler  son  salari\u00e9  le dimanche  22 d\u00e9-\ncembre  2024  par  :\n- un volume  inhabituel  de vente  des  fruits  et l\u00e9gumes  le dimanche  22 d\u00e9cembre  2024  g\u00e9n\u00e9rant\nun chiffre  d'affaire  important  (6%  du chiffre  d'affaire  du mois  de d\u00e9cembre)  ;\n- obligation  de garantir,  aux  clients  des  diff\u00e9rentes  enseignes  approvisionn\u00e9es,  des  produits  frais\net de qualit\u00e9  ;\n- la difficult\u00e9  de conserver  correctement  les fruits  et l\u00e9gumes  d\u00e9pendant  des  conditions  de sto-\nckage  et des  variations  de temp\u00e9ratures  ;\n- Une  capacit\u00e9  de stockage  en magasin  non  dimensionn\u00e9e  pour  cette  journ\u00e9e  exceptionnelle.\nConsid\u00e9rant  qu'en  faisant  travailler  un agr\u00e9eur  le dimanche  22 d\u00e9cembre  2024,  |' entreprise  | ap-\nporte  une  solution  commerciale  et logistique  \u00e0 ses clients  en livrant  au plus  vite  et le plus  souvent\npossible  tout  en pr\u00e9servant  la qualit\u00e9  des  fruits  et l\u00e9gumes.\nConsid\u00e9rant  que  par cons\u00e9quent  la pr\u00e9sente  demande  s'inscrit  bien  dans  le cadre  des disposi-\ntions  des  articles  L. 3132-20  et suivants  du code  du travail  ;\nSur  proposition  de la directrice  adjointe  d\u00e9partementale  de l'emploi,  du travail  et des  solidarit\u00e9s\nde la Somme;\nARR\u00caTE\nArticle  1\u00b0: La demande  de d\u00e9rogation  aux  dispositions  des  articles  L.3132-  3 et suivants  du code\nsusvis\u00e9,  pr\u00e9sent\u00e9e  par  la soci\u00e9t\u00e9  AUCHAN  RETAIL  SERVICES  (ARS)  concernant  1 salari\u00e9  pour  tra-\nvailler  au sein  du SCOFEL  de Saint-Sauveur  est accept\u00e9e  pour  le dimanche  22 d\u00e9cembre  2024.\nPendant  cette  p\u00e9riode,  le repos  devra  \u00eatre  donn\u00e9  selon  l'une  des  modalit\u00e9s  suivantes  :\na) un autre  jour que le dimanche  \u00e0 tous les ne:  de |' \u00e9tablissement  ;\nb) du dimanche  midi  au lundi  midi  ;\nc) le dimanche  apr\u00e8s-midi  avec  un repos  compensateur  d'une  journ\u00e9e  par  roulement  et par  quin-\nzaine  ;\nd) par  roulement  a tout  ou partie  des  salari\u00e9s.  .\n2/3\nDirection d\u00e9partementale de l'emploi, du travail et des solidarit\u00e9s de la Somme (DDETS Somme) - 80-2024-12-02-00001 - ARRETE DE\nDEROGATION AU REPOS DOMINICAL - AUCHAN RETAIL SERVICES 12\nArticle  2: Conform\u00e9ment  aux  dispositions  de l'article  L.3132-25-4  du code  susvis\u00e9,  seuls  les sala-\nri\u00e9s  volontaires,  ayant  donn\u00e9  leur  accord  par  \u00e9crit  \u00e0 leur  employeur,  peuvent  travailler  le di-\nmanche  pr\u00e9cit\u00e9.\nLe refus  d'un  salari\u00e9  de travailler  le dimanche  ne constitue  ni une  faute,  ni un motif  de licencie-\nment  et ne peut  entra\u00eener  aucune  mesure  discriminatoire  dans  le cadre  de l'ex\u00e9cution  de son\ncontrat  de travail.  Un tel refus  du salari\u00e9  ne saurait  non  plus  justifier  son  \u00e9cartem\u00e9nt  d'une  proc\u00e9-\ndure  d'embauche.\nLe salari\u00e9  peut  changer  d'avis  sur son  acceptation  ou son  refus  de travailler  le dimanche.\nArticle  3 : Conform\u00e9ment  aux  dispositions  de l'article  R. 3172-2  du code  susvis\u00e9,  un registre  sp\u00e9-\ncial  mentionnera  pour  le salari\u00e9  concern\u00e9,  le jour  choisi  pour  le repos.  Ce registre  sera  tenu\nconstamment  \u00e0 la disposition  de l'inspecteur  du travail  charg\u00e9  du contr\u00f4le  de l'\u00e9tablissement.\nArticle  4 : Le salari\u00e9  priv\u00e9  de repos  dominical  b\u00e9n\u00e9ficiera  d'un  repos  compensateur  et percevra\npour  ce jour  de travail  une  r\u00e9mun\u00e9ration  au moins  \u00e9gale  au double  de la r\u00e9mun\u00e9ration  normale-\nment  due  pour  une  dur\u00e9e  \u00e9quivalente,  sous  r\u00e9serve  de dispositions  plus  favorables  d'une  conven-\ntion  ou d'un  accord  collectif  applicable.\nArticle  5 : En application  des  articles  L. 3132-1  et L. 3132-2  du code  susvis\u00e9,  un salari\u00e9  ne pourra\n\u00eatre  occup\u00e9  plus  de six jours  par semaine  et le repos  hebdomadaire  devra  avoir  une  dur\u00e9e  mini-\nmale  de 24 heures  cons\u00e9cutives  auxquelles  s'ajouteront  les 11 heures  cons\u00e9cutives  de repos  quo-\ntidien  pr\u00e9vues  \u00e0 l'article  L. 3131-1  du m\u00eame  code.\nLes dispositions  du code  du travail  sur la dur\u00e9e  du travail  (notamment  les dur\u00e9es  maximales  de\ntravail)  et les repos  demeurent  applicables.\nArticle  6: Le pr\u00e9sent  arr\u00eat\u00e9  peut  faire  l'objet,  dans  un d\u00e9lai  de deux  mois  \u00e0 compter  de sa date\nde notification  d'un:\n- recours  contentieux  aupr\u00e8s  du tribunal  administratif  (14 rue  Lemerchier  -CS  81114-  80011\nAMIENS  Cedex  01) qui peut  \u00eatre  saisi  via l'application  \u00ab T\u00e9l\u00e9recours  citoyen  \u00bb accessible  sur le\nsite  internet  www.telerecours.fr\n. - recours  hi\u00e9rarchique  aupr\u00e8s  du ministre  du minist\u00e8re  du travail,  et de l'emploi  \u2014 direction  g\u00e9n\u00e9-\nrale  du travail  - 14 avenue  Duquesne  \u2014 75007  PARIS.\nArticle  7 : Le secr\u00e9taire  g\u00e9n\u00e9ral  de la pr\u00e9fecture  de la Somme  et la directrice  ajointe  d\u00e9partemen-\ntale  de l'emploi,  du travail  et des  solidarit\u00e9s  de la Somme  sont  charg\u00e9s,  chacun  en ce qui le\nconcerne,  de l'ex\u00e9cution  du pr\u00e9sent  arr\u00eat\u00e9  qui sera  notifi\u00e9  aux  demandeurs  et publi\u00e9  au recueil\ndes  actes  administratifs  de la pr\u00e9fecture  de la Somme,\nAmiens,  le (2? DEC,  2024\nPour  le pr\u00e9fet  ar d\u00e9l\u00e9gation,\nLe secr\u00e9taire  g\u00e9n\u00e9ral  .\nEmmanuel  MOULARD\n3/3\nDirection d\u00e9partementale de l'emploi, du travail et des solidarit\u00e9s de la Somme (DDETS Somme) - 80-2024-12-02-00001 - ARRETE DE\nDEROGATION AU REPOS DOMINICAL - AUCHAN RETAIL SERVICES 13\nDirection d\u00e9partementale des finances\npubliques de la Somme\n80-2024-12-02-00004\nD\u00e9l\u00e9gation de signature en mati\u00e8re de\ncontentieux et de gracieux fiscal du service des\nimp\u00f4ts des particuliers d'Amiens\nDirection d\u00e9partementale des finances publiques de la Somme - 80-2024-12-02-00004 - D\u00e9l\u00e9gation de signature en mati\u00e8re de\ncontentieux et de gracieux fiscal du service des imp\u00f4ts des particuliers d'Amiens 14\nER\nREPUBLIQUE\nFRANCAISE\nLibert\u00e9\nEgalit\u00e9\nFraternit\u00e9T\nFINANCES  PUBLIQUES\nDirection g\u00e9n\u00e9rale des Finances publiques\nCentre des Finances publiques d'Amiens\nService des imp\u00f4ts des particuliers d'Amiens\n1-3, rue Pierre Rollin\n80023 AMIENS CEDEX  3\nT\u00e9l\u00e9phone : 03 22 46 83 83\nM\u00e9l. : sip.amiens@dgfip.finances.gouv.fr\nD\u00c9L\u00c9GATION DE SIGNATURE\nLe chef de service comptable, responsable du service des imp\u00f4ts des particuliers d'Amiens,\nVu le code g\u00e9n\u00e9ral des imp\u00f4ts, et notamment l'article  408 de son annexe  II et les articles 212 \u00e0 217\nde son annexe IV ;\nVu le livre des proc\u00e9dures fiscales, et notamment les articles L.  247 , L. 257 A et R* 247-4 et suivants  ;\nVu  le  d\u00e9cret  n\u00b0 2008-309  du  3 avril  2008  portant  diverses  dispositions  relatives  \u00e0  la  direction\ng\u00e9n\u00e9rale des finances publiques  ;\nVu le d\u00e9cret n\u00b0 2009-707 du 16 juin 2009 relatif aux services d\u00e9concentr\u00e9s de la direction g\u00e9n\u00e9rale\ndes finances publiques  ;\nVu le d\u00e9cret n\u00b0 2012-1246 du 7 novembre 2012 relatif \u00e0 la gestion budg\u00e9taire et comptable publique,\net notamment son article  16 ;\nArr\u00eate :\nArticle 1er\nD\u00e9l\u00e9gation de signature est donn\u00e9e \u00e0 M. Ga\u00eb tan SEGUELA, inspecteur divisionnaire des finances\npubliques, responsable adjoint du service des imp\u00f4ts des particuliers d'Amiens, \u00e0 l'effet de signer  :\n1\u00b0)dans la limite de 60  000 \u20ac, en mati\u00e8re de contentieux fiscal d'assiette, les d\u00e9cisions d'admission\ntotale, d'admission partielle ou de rejet, de d\u00e9gr\u00e8vement ou restitution d'office  ;\n2\u00b0)en mati\u00e8re de gracieux fiscal, les d\u00e9cisions portant remise, mod\u00e9ration, transaction ou rejet\ndans la limite de 60  000 \u20ac ;\n3\u00b0)les documents n\u00e9cessaires \u00e0 l'ex\u00e9cution comptable des d\u00e9cisions contentieuses et gracieuses,\nsans limitation de montant  ;\n4\u00b0)au nom et sous la responsabilit\u00e9 du comptable soussign\u00e9, \na)les d\u00e9cisions relatives aux demandes de d\u00e9lai de paiement, sans limitation de dur\u00e9e et\nde montant ;\nb)les avis de mise en recouvrement et les mises en demeure de payer  ;\nc)l'ensemble des actes relatifs au recouvrement, et notamment les actes de poursuites et\nles d\u00e9clarations de cr\u00e9ances ainsi que pour ester en justice  ;\nd)tous actes d'administration et de gestion du service.\nDirection d\u00e9partementale des finances publiques de la Somme - 80-2024-12-02-00004 - D\u00e9l\u00e9gation de signature en mati\u00e8re de\ncontentieux et de gracieux fiscal du service des imp\u00f4ts des particuliers d'Amiens 15\nArticle 2\nD\u00e9l\u00e9gation de signature est donn\u00e9e \u00e0 Mme Anne-Sophie DEVISMES, inspectrice des finances publiques,\nM.  Camille  BEAUBOIS  et  M.  Benjamin  LEMOINE,  inspecteurs  des  finances  publiques,  exer\u00e7ant  les\nfonctions d'adjoints au sein du service des imp\u00f4ts des particuliers d'Amiens, \u00e0 l'effet de signer  :\n1\u00b0)en mati\u00e8re de contentieux fiscal d'assiette, les d\u00e9cisions d'admission totale, d'admission partielle\nou de rejet, de d\u00e9gr\u00e8vement ou restitution d'office, dans la limite de 30  000 \u20ac, ;\n2\u00b0)en mati\u00e8re de gracieux fiscal, les d\u00e9cisions portant remise, mod\u00e9ration, transaction ou rejet dans la\nlimite de 10 000 \u20ac ;\n3\u00b0)les documents n\u00e9cessaires \u00e0 l'ex\u00e9cution comptable des d\u00e9cisions contentieuses et gracieuses, sans\nlimitation de montant  ;\n4\u00b0)au nom et sous la responsabilit\u00e9 du comptable soussign\u00e9, \na)les d\u00e9cisions relatives aux demandes de d\u00e9lai de paiement, le d\u00e9lai accord\u00e9 ne pouvant\nexc\u00e9der 12 mois et porter sur une somme sup\u00e9rieure \u00e0 10  000 \u20ac ;\nb)les avis de mise en recouvrement et les mises en demeure de payer  ;\nc)l'ensemble des actes relatifs au recouvrement, et notamment les actes de poursuites et les\nd\u00e9clarations de cr\u00e9ances ainsi que pour ester en justice  ;\nd)tous actes d'administration et de gestion du service.\nArticle 3\nD\u00e9l\u00e9gation de signature est donn\u00e9e \u00e0 M.  Laurent LEFEBVRE, inspecteur des finances publiques, charg\u00e9\nde mission aupr\u00e8s du service des imp\u00f4ts des particuliers d'Amiens, \u00e0 l'effet de signer  :\n1\u00b0)en mati\u00e8re de contentieux fiscal d'assiette, les d\u00e9cisions d'admission totale, d'admission partielle\nou de rejet, de d\u00e9gr\u00e8vement ou restitution d'office, dans la limite de 10  000 \u20ac ;\n2\u00b0)en mati\u00e8re de gracieux fiscal, les d\u00e9cisions portant remise, mod\u00e9ration, transaction ou rejet dans la\nlimite de 3 000 \u20ac ;\nArticle 4\nD\u00e9l\u00e9gation de signature est donn\u00e9e aux agents des finances publiques de cat\u00e9gorie B d\u00e9sign\u00e9s ci-apr\u00e8s\n\u00e0 l'effet de signer :\n1\u00b0)en mati\u00e8re de contentieux fiscal d'assiette, les d\u00e9cisions d'admission totale, d'admission partielle\nou de rejet, de d\u00e9gr\u00e8vement ou restitution d'office, et en mati\u00e8re de gracieux fiscal, les d\u00e9cisions\nportant remise, mod\u00e9ration ou rejet, dans la limite pr\u00e9cis\u00e9e dans le tableau ci-dessous  ;\n2\u00b0)les  d\u00e9cisions  gracieuses,  relatives  aux  p\u00e9nalit\u00e9s  et  aux  frais  de  poursuites,  portant  remise,\nmod\u00e9ration ou rejet, dans la limite pr\u00e9cis\u00e9e dans le tableau ci-dessous  ;\n3\u00b0)les d\u00e9cisions relatives aux demandes de d\u00e9lai de paiement, dans les limites de dur\u00e9e et de montant\nindiqu\u00e9es dans le tableau ci-apr\u00e8s  ;\n4\u00b0)l'ensemble des actes relatifs au recouvrement, et notamment les avis de mise en recouvrement, les\nmises  en demeure  de  payer,  les  actes  de poursuites  et  les d\u00e9clarations  de  cr\u00e9ances,  selon la\nmention pr\u00e9cis\u00e9e dans le tableau ci-dessous  ;Direction d\u00e9partementale des finances publiques de la Somme - 80-2024-12-02-00004 - D\u00e9l\u00e9gation de signature en mati\u00e8re de\ncontentieux et de gracieux fiscal du service des imp\u00f4ts des particuliers d'Amiens 16\nNom et pr\u00e9nom\ndes agentsLimite des\nd\u00e9cisions\ncontentieuses et\ngracieuses\nrelatives \u00e0\nl'assietteLimite des\nd\u00e9cisions\ngracieuses\nrelatives aux\nmajorations et\naux frais de\npoursuitesDur\u00e9e maximale\ndes d\u00e9lais de\npaiementSomme\nmaximale pour\nlaquelle un d\u00e9lai\nde paiement\npeut \u00eatre\naccord\u00e9Signature des\nactes relatifs au\nrecouvrement\nBEGHADID Virginie 10 0001 00010 mois10 000oui\nBOMBLE Mehdi 10 000300*3 mois3 000*\nBOUGHZALA Amel 10 0001 00010 mois10 000oui\nBOURGEOIS S\u00e9bastien 10 0001 00010 mois10 000oui\nBROGNIART S\u00e9verine 10 0001 00010 mois10 000oui\nDEBIENNE Florina 10 000300*3 mois3 000*\nDURVIN Renaud 10 0001 00010 mois10 000oui\nFONTAINE Pauline 10 000300*3 mois3 000*\nFOUEST Romuald 10 0001 00010 mois10 000oui\nHODIN Jos\u00e9e 10 000300*3 mois3 000*\nLANDRY Virginie 10 000300*3 mois3 000*\nLEDUC Aymeric 10 0001 00010 mois10 000oui\nLEJEUNE H\u00e9l\u00e8ne 10 0001 00010 mois10 000oui\nLELIEVRE Erwann 10 000300*3 mois3 000*\nMESSIAEN Pascale 10 000300*3 mois3 000*\nPERRIN Patricia 10 000300*3 mois3 000*\nRAOUL DES ESSARTS  Jean-Charles 10 0001 00010 mois10 000oui\nRIBAUCOURT Sabine 10 000300*3 mois3 000*\nROUSSEAU Patrice 10 0001 00010 mois10 000oui\n* Suivant exclusivement les proc\u00e9dures dites simplifi\u00e9es d'octroi des d\u00e9lais et de remise de majoration (PSOD et\nPSRM).\nArticle 5\nD\u00e9l\u00e9gation de signature est donn\u00e9e aux agents des finances publiques de cat\u00e9gorie C d\u00e9sign\u00e9s ci-apr\u00e8s\n\u00e0 l'effet de signer :\n1\u00b0)en mati\u00e8re de contentieux fiscal d'assiette, les d\u00e9cisions d'admission totale, d'admission partielle\nou de rejet, de d\u00e9gr\u00e8vement ou restitution d'office, et en mati\u00e8re de gracieux fiscal, les d\u00e9cisions\nportant remise, mod\u00e9ration ou rejet, dans la limite pr\u00e9cis\u00e9e dans le tableau ci-dessous  ;\n2\u00b0)les  d\u00e9cisions  gracieuses,  relatives  aux  p\u00e9nalit\u00e9s  et  aux  frais  de  poursuites,  portant  remise,\nmod\u00e9ration ou rejet, dans la limite pr\u00e9cis\u00e9e dans le tableau ci-dessous  ;\n3\u00b0)les d\u00e9cisions relatives aux demandes de d\u00e9lai de paiement, dans les limites de dur\u00e9e et de montant\nindiqu\u00e9es dans le tableau ci-apr\u00e8s  ;\n4\u00b0)l'ensemble des actes relatifs au recouvrement, et notamment les avis de mise en recouvrement, les\nmises  en demeure  de  payer,  les  actes  de poursuites  et  les d\u00e9clarations  de  cr\u00e9ances,  selon la\nmention pr\u00e9cis\u00e9e dans le tableau ci-dessous  ;Direction d\u00e9partementale des finances publiques de la Somme - 80-2024-12-02-00004 - D\u00e9l\u00e9gation de signature en mati\u00e8re de\ncontentieux et de gracieux fiscal du service des imp\u00f4ts des particuliers d'Amiens 17\nNom et pr\u00e9nom\ndes agentsLimite des\nd\u00e9cisions\ncontentieuses et\ngracieuses\nrelatives \u00e0\nl'assietteLimite des\nd\u00e9cisions\ngracieuses\nrelatives aux\nmajorations et\naux frais de\npoursuitesDur\u00e9e maximale\ndes d\u00e9lais de\npaiementSomme\nmaximale pour\nlaquelle un d\u00e9lai\nde paiement\npeut \u00eatre\naccord\u00e9Signature des\nactes relatifs au\nrecouvrement\nBELLET Gwena\u00eblle 2 0003006 mois3 000oui\nBROCQUEVIELLE Annie 2 000300*3 mois3 000*\nCAZIER S\u00e9verine 2 000300*3 mois3 000*\nCHIRACHE Florentina 2 000300*3 mois3 000*\nCUVILLIEZ Jean-Christophe 2 000300*3 mois3 000*\nDUSSART Aline 2 000300*3 mois3 000*\nGUERCIF Priscilla 2 000300*3 mois3 000*\nLAGACHE Sabine 2 000300*3 mois3 000*\nLE GALL \u00c9lodie 2 000300*3 mois3 000*\nLEROUX Romane 2 000300*3 mois3 000*\nLONGUET DE BAERE V\u00e9ronique 2 0003006 mois3 000oui\nMERIOUA Gebril 2 000300*3 mois3 000*\nNAUD Laurent 2 0003006 mois3 000oui\nPAUMIER Christophe 2 000300*3 mois3 000*\nPETIT L\u00e9a 2 000300*3 mois3 000*\nPORQUET Florian 2 000300*3 mois3 000*\nROBERT Maryline 2 000300*3 mois3 000*\nSABATIER Ludivine 2 0003006 mois3 000oui\nSELLIER V\u00e9ronique 2 000300*3 mois3 000*\nTOTET Laurence 2 000300*3 mois3 000*\n* Suivant exclusivement les proc\u00e9dures dites simplifi\u00e9es d'octroi des d\u00e9lais et de remise de majoration (PSOD et\nPSRM).\nArticle 6\nLe pr\u00e9sent arr\u00eat\u00e9 sera publi\u00e9 au recueil des actes administratifs du d\u00e9partement de la Somme.\nFait \u00e0 Amiens le 2 d\u00e9cembre 2024\nLe chef de service comptable,\nresponsable du service des imp\u00f4ts des particuliers\nd'Amiens\nWilliam WILMORT\nDirection d\u00e9partementale des finances publiques de la Somme - 80-2024-12-02-00004 - D\u00e9l\u00e9gation de signature en mati\u00e8re de\ncontentieux et de gracieux fiscal du service des imp\u00f4ts des particuliers d'Amiens 18\nDirection Interr\u00e9gionale Grand Nord de la\nProtection Judiciaire de la Jeunesse\n80-2024-11-06-00003\nArr\u00eat\u00e9 portant fixation du montant du tarif\njournalier 2024 pour le CER Ressources ADSEA\nDirection Interr\u00e9gionale Grand Nord de la Protection Judiciaire de la Jeunesse - 80-2024-11-06-00003 - Arr\u00eat\u00e9 portant fixation du\nmontant du tarif journalier 2024 pour le CER Ressources ADSEA 19\nPREFET  Direction  de la Protection  Judiciaire  de la Jeunesse\nDE LA SOMME  Direction  Interr\u00e9gionale  Grand  Nord\nPa\nFraternit\u00e9\nARRETE\nportant  fixation  du montant  du tarif  journalier  2024  pour  le service  Centre  \u00e9ducatif  renforc\u00e9\n(CER)  \u00ab Ressources  \u00bb g\u00e9r\u00e9  par l'association  ADSEA\nLE PREFET  DE LA SOMME\nCHEVALIER  DE LA LEGION  D'HONNEUR\nVU le code  de l'action  sociale  et des familles  et notamment  ses articles  L.314-1  et\nsuivants,  L.351-1  \u00e0 L.351-7,  R.314-1  et suivants,  R.351-1  et R.351-15  ;\nVU le code  de justice  p\u00e9nale  des  mineurs  ;\nVU l'ordonnance  n\u00b0 2005-1477  du 1\u00b0 d\u00e9cembre  2005,  portant  diverses  dispositions\nrelatives  aux  proc\u00e9dures  d'admission  \u00e0 l'aide  sociale  et aux  \u00e9tablissements  et\nservices  sociaux  et m\u00e9dico-sociaux  ;\nVU le d\u00e9cret  n\u00b0 2004-374  du 29 avril  2004  modifi\u00e9  relatif  au pouvoir  des pr\u00e9fets,  \u00e0\nl'organisation  et \u00e0 l'action  des  services  de l'\u00c9tat  dans  les r\u00e9gions  et les\nd\u00e9partements  ;\nVU le d\u00e9cret  n\u00b02011-1967  du 26 d\u00e9cembre  2011  relatif  \u00e0 la tarification  des\n\u00e9tablissements  et services  accueillant  des mineurs  ou des majeurs  de moins  de\nvingt  et un ans confi\u00e9s  par l'autorit\u00e9  judiciaire  (article  R.314-126  CASF)  ;\nVU le d\u00e9cret  n\u00b02012-1246  du 7 novembre  2012  modifi\u00e9  relatif  \u00e0 la gestion  budg\u00e9taire\net comptable  publique  ;\nVU le d\u00e9cret  du 13 juillet  2023  portant  nomination  du pr\u00e9fet  de la Somme,  M. Rollon\nMOUCHEL-BLAISOT  ;\nVU le d\u00e9cret  du 3 janvier  2024  portant  nomination  de M. Victor  JOZON,  sous-pr\u00e9fet,\ndirecteur  de cabinet  du pr\u00e9fet  de la Somme\nVU l'arr\u00eat\u00e9  du Garde  des Sceaux,  Ministre  de la Justice  et des Libert\u00e9s  du 1\u00b0\nd\u00e9cembre  2005  portant  modification  de l'arr\u00eat\u00e9  du 19 d\u00e9cembre  2003  relatif  aux\nmodes  de tarification  applicables  aux  prestations  d'action  \u00e9ducative  d\u00e9livr\u00e9es  par\nles \u00e9tablissements  et services  concourant  \u00e0 la protection  judiciaire  de la jeunesse\net sous  comp\u00e9tence  tarifaire  exclusive  du repr\u00e9sentant  de l'\u00c9tat  dans  le\nd\u00e9partement  ; :\nDirection Interr\u00e9gionale Grand Nord de la Protection Judiciaire de la Jeunesse - 80-2024-11-06-00003 - Arr\u00eat\u00e9 portant fixation du\nmontant du tarif journalier 2024 pour le CER Ressources ADSEA 20\nVU\nVU\nVU\nVU\nVU\nVU\nVU\nSUR\nSURl'arr\u00eat\u00e9  pr\u00e9fectoral  du 22 d\u00e9cembre  2010  habilitant  le Centre  Educatif  Renforc\u00e9,\nau titre  du d\u00e9cret  n\u00b0 88-949  du 6 octobre  1988  modifi\u00e9  relatif  \u00e0 l'habilitation  des\npersonnes  physiques,  \u00e9tablissements,  services  ou organismes  publics  ou priv\u00e9s\nauxquels  l'autorit\u00e9  judiciaire  confie  habituellement  des  mineurs  ou l'ex\u00e9cution  de\nmesures  les concernant  ;\nl'arr\u00eat\u00e9  pr\u00e9fectoral  du 18 mai  2017  portant  modification  de l'arr\u00eat\u00e9  du 1\u00b0 ao\u00fbt\n2000  autorisant  la cr\u00e9ation  d'un  service  d\u00e9nomm\u00e9  Centre  \u00c9ducatif  Renforc\u00e9\n\u00ab Ressources\u00bb,  sis chemin  des  vignes  80094  - AMIENS  cedex,  g\u00e9r\u00e9  par\nl'Association  D\u00e9partementale  de la Sauvegarde  de l'Enfance  et de l'Adolescence\n(ADSEA)  et destin\u00e9  \u00e0 accueillir  des  mineurs  plac\u00e9s  dans  le cadre  de l'ordonnance\ndu 2 f\u00e9vrier  1945;\nl'arr\u00eat\u00e9  pr\u00e9fectoral  du 15 janvier  2024  portant  d\u00e9l\u00e9gation  de signature  \u00e0\nM. Victor  JOZON,  sous-pr\u00e9fet,  directeur  de cabinet  du pr\u00e9fet  de la Somme;\nle courrier  transmis  le 31 octobre  2023  par lequel  la personne  ayant  qualit\u00e9  pour\nrepr\u00e9senter  le Centre  Educatif  Renforc\u00e9  de l'Association  ADSEA  a adress\u00e9  ses\npropositions  budg\u00e9taires  et leurs  annexes  pour  l'exercice  2024;\nle rapport  du directeur  interr\u00e9gional  de la protection  judiciaire  de la jeunesse\nGrand  Nord  transmis  par courrier  du 8 ao\u00fbt  2024  ;\nles observations  transmises  par  courrier  du 12 septembre  2024  en r\u00e9ponse  au\nrapport  budg\u00e9taire  ;\nla proc\u00e9dure  contradictoire  du directeur  interr\u00e9gional  de la protection  judiciaire\nde la jeunesse  Grand  Nord  transmis  par courrier  du 25 octobre  2024;\nproposition  du directeur  interr\u00e9gional  de la protection  judiciaire  de la jeunesse\nGrand  Nord  ;\nproposition  du secr\u00e9taire  g\u00e9n\u00e9ral  de la pr\u00e9fecture  de la Somme;;\nARRETE\nArticle  1\u00b0 :\nPour  l'exercice  budg\u00e9taire  2024,  les recettes  et les d\u00e9penses  pr\u00e9visionnelles  du Centre\nEducatif  Renforc\u00e9  sont  autoris\u00e9es  comme  suit  pour  une  activit\u00e9  pr\u00e9visionnelle  de 1609\njourn\u00e9es  :\n' Montants  TotalGroupes  fonctionnelsen Euros  en Euros\nGroupe  |:\nD\u00e9penses  aff\u00e9rentes  \u00e0 l'exploitation  cou-  | 100  494,57  \u20ac\nrante\nD\u00e9penses  Groupe  II:\nD\u00e9penses  aff\u00e9rentes  au personnel  ill 900 43415  \u20ac\nGroupe  Ill:\nD\u00e9penses  aff\u00e9rentes  a la structure  WOR WG  a2 \u00ae\nD\u00e9ficit  de la section  d'exploitation  n-2 0,00  \u20ac\nDirection Interr\u00e9gionale Grand Nord de la Protection Judiciaire de la Jeunesse - 80-2024-11-06-00003 - Arr\u00eat\u00e9 portant fixation du\nmontant du tarif journalier 2024 pour le CER Ressources ADSEA 21\nGroupe  |: |\nProduits  de la tarification  875 805,04  \u20ac\nGroupe  Il: Sn e\nRecettes  Autres  produits  relatifs  \u00e0 l'exploitation  !\nGroupe  Ill: 900 43415  \u20ac\nProduits  financiers  et produits  non  en-  2 527,92  \u20ac\ncaissables\nExc\u00e9dent  de la section  d'exploitation  n-2 0,00  \u20ac\nD\u00e9penses  refus\u00e9es  sur l'exercice  (ann\u00e9e)  * | 22 101,19  \u20ac\n* Conform\u00e9ment  \u00e0 l'article  R314-52  du code  de l'action  sociale  et des familles,  l'autorit\u00e9  tient\ncompte  des  d\u00e9penses  refus\u00e9es  dans  la fixation  des  produits  de tarification.\nArticle  2 :\nPour  l'exercice  budg\u00e9taire  2024,  le prix  de journ\u00e9e  du CER  \u00abRessources\u00bb  g\u00e9r\u00e9  par\nl'association  ADSEA  est fix\u00e9  comme  suit  \u00e0 compter  du 1\" novembre  2024:  |\nMontant  en euros  du Montant  en euros  du prix  de journ\u00e9e\nType  de prestation  prix de journ\u00e9e  \u00e0 compter  du 1\u00b0 novembre  2024\nH\u00e9bergement  544,32  \u20ac 477,70  \u20ac\nDirection Interr\u00e9gionale Grand Nord de la Protection Judiciaire de la Jeunesse - 80-2024-11-06-00003 - Arr\u00eat\u00e9 portant fixation du\nmontant du tarif journalier 2024 pour le CER Ressources ADSEA 22\nPour  l'exercice  budg\u00e9taire  2025,  dans  l'hypoth\u00e8se  o\u00f9 la tarification  n'aurait  pas  \u00e9t\u00e9  arr\u00eat\u00e9e\nau 1\u00b0 janvier  2025,  il sera  fait  application  du prix  de journ\u00e9e  moyen  2024  \u00e0 compter  du 1\u00b0\njanvier  2025  et jusqu'\u00e0  la notification  de l'arr\u00eat\u00e9  de tarification  2025,  soit  544,32  \u20ac.\nArticle  3 :\nLes recours  dirig\u00e9s  contre  le pr\u00e9sent  arr\u00eat\u00e9  doivent  \u00eatre  port\u00e9s  devant  le tribunal\ninterr\u00e9gional  de la tarification  sanitaire  et sociale  sis 6 rue  du Haut  Bourgeois  C.O.\n50015  - 54035  NANCY  Cedex,  dans  le d\u00e9lai  franc  d'un  mois  \u00e0 compter  de sa publication\nou, pour  les personnes  auxquelles  il sera  notifi\u00e9,  \u00e0 compter  de sa notification.\nArticle  4 :\nUne  copie  conforme  du pr\u00e9sent  arr\u00eat\u00e9  sera  notifi\u00e9e  \u00e0 l'\u00e9tablissement  ou au service\nconcern\u00e9.\nArticle  5 :\nLe directeur  de cabinet  du pr\u00e9fet  de la Somme  et le directeur  interr\u00e9gional  de la protection\njudiciaire  de la jeunesse  Grand  Nord  sont  charg\u00e9s,  chacun  en ce qui le concerne,  de |\nl'ex\u00e9cution  du pr\u00e9sent  arr\u00eat\u00e9,  qui sera  publi\u00e9  au recueil  des  actes  administratifs  de la\npr\u00e9fecture  de la Somme.\nAmiens,  le 0 6 NOV, 2024\nPour  le pr\u00e9fet  et par  d\u00e9l\u00e9gation,\nLe sous-pr\u00e9fet,  diregteur  de cabinet,\nVi ZON\nDirection Interr\u00e9gionale Grand Nord de la Protection Judiciaire de la Jeunesse - 80-2024-11-06-00003 - Arr\u00eat\u00e9 portant fixation du\nmontant du tarif journalier 2024 pour le CER Ressources ADSEA 23\nDirection Interr\u00e9gionale Grand Nord de la\nProtection Judiciaire de la Jeunesse\n80-2024-11-15-00006\nArr\u00eat\u00e9 portant fixation du montant du tarif\njournalier 2024 pour le service MJIE Yves Le\nFebvre\nDirection Interr\u00e9gionale Grand Nord de la Protection Judiciaire de la Jeunesse - 80-2024-11-15-00006 - Arr\u00eat\u00e9 portant fixation du\nmontant du tarif journalier 2024 pour le service MJIE Yves Le Febvre 24\nPREFET  Direction  de la Protection  Judiciaire  de la Jeunesse\nDE LA SOMME  Direction  Interr\u00e9gionale  Grand  Nord\nLibert\u00e9\n\u00c9galit\u00e9\nFraternit\u00e9\nARR\u00caT\u00c9\nportant  fixation  du montant  du tarif  journalier  2024  pour  le service  MJIE  g\u00e9r\u00e9  par\nVU\nVU\nVU\nVU\nVU\nVU\nVU\nVU'association  Yves  Le Febvre.\nLE PR\u00c9FET  DE LA SOMME\nCHEVALIER  DE LA LEGION  D'HONNEUR\nle code  de l'action  sociale  et des  familles  ? et notamment  ses articles\nL.314-1  et suivants,  L.351-1  \u00e0 L.351-7,  R.314-1  et suivants,  R.351-1  et\nR.351-15  ;\nl'ordonnance  n\u00b0 2005-1477  du 1* d\u00e9cembre  2005,  portant  diverses\ndispositions  relatives  aux proc\u00e9dures  d'admission  \u00e0 l'aide  sociale  et\naux  \u00e9tablissements  et services  sociaux  et m\u00e9dico-sociaux  ;\nle d\u00e9cret  n\u00b0 2004-374  du 29 avril  2004  modifi\u00e9  relatif  au pouvoir  des\npr\u00e9fets,  \u00e0 l'organisation  et \u00e0 l'action  des  services  de l'\u00c9tat  dans  les\nr\u00e9gions  et les d\u00e9partements  ;\nle d\u00e9cret  n\u00b02012-1246  du 7 novembre  2012  modifi\u00e9  relatif  \u00e0 la\ngestion  budg\u00e9taire  et comptable  publique  ;\nle d\u00e9cret  du 13 juillet  2023  portant  nomination  du pr\u00e9fet  de la\nSomme,  M. Rollon  MOUCHEL-BLAISOT  ;\nle d\u00e9cret  du 21 juillet  2023  portant  nomination  de M. Emmanuel\nMOULARD,  administrateur  de l'\u00c9tat  du deuxi\u00e8me  grade,  secr\u00e9taire\ng\u00e9n\u00e9ral  de la pr\u00e9fecture  de la Somme  ;\nl'arr\u00eat\u00e9  minist\u00e9riel  du 30 janvier  1960  relatif  aux  examens  m\u00e9dicaux,\npsychiatriques  et psychologiques  effectu\u00e9s  par expertise  ou dans  un\nservice  de consultation  public  ou priv\u00e9  et observation  en milieu\nouvert  ;\nl'arr\u00eat\u00e9  du Garde  des  Sceaux,  ministre  de la Justice,  du 1\u00b0 d\u00e9cembre\n2005  portant  modification  de l'arr\u00eat\u00e9  du 19 d\u00e9cembre  2003  relatif\naux  modes  de tarification  applicables  aux  prestations  d'action\n\u00e9ducative  d\u00e9livr\u00e9es  par les \u00e9tablissements  et services  concourant  \u00e0\nla protection  judiciaire  de la jeunesse  et sous  comp\u00e9tence  tarifaire\nexclusive  du repr\u00e9sentant  de l'\u00c9tat  dans  le d\u00e9partement  ;\nDirection Interr\u00e9gionale Grand Nord de la Protection Judiciaire de la Jeunesse - 80-2024-11-15-00006 - Arr\u00eat\u00e9 portant fixation du\nmontant du tarif journalier 2024 pour le service MJIE Yves Le Febvre 25\nVU l'arr\u00eat\u00e9  du Garde  des Sceaux,  ministre  de la Justice  et des Libert\u00e9s  du\n2 f\u00e9vrier  2011  portant  cr\u00e9ation  de la mesure  judiciaire  d'investigation\n\u00e9ducative  ;\nVU l'arr\u00eat\u00e9  pr\u00e9fectoral  du 24 janvier  2012  portant  autorisation  de\ntransformation  du service  d'investigation  et d'orientation  \u00e9ducative\ng\u00e9r\u00e9  par l'association  Yves  Le Febvre  en un service  d'investigation\n\u00e9ducative  ;\nVU l'arr\u00eat\u00e9  pr\u00e9fectoral  du 15 janvier  2024  portant  d\u00e9l\u00e9gation  de signature\n\u00e0 M. Emmanuel  MOULARD,  administrateur  de l'\u00c9tat  du deuxi\u00e8me\ngrade,  secr\u00e9taire  g\u00e9n\u00e9ral  de la pr\u00e9fecture  de la Somme  ;\nVU le courrier  en date  du 25 octobre  2023  par lequel  la personne  ayant\nqualit\u00e9  pour  repr\u00e9senter  le service  d'investigation  \u00e9ducative  de\nl'Association  Yves  Le Febvre  a adress\u00e9  ses propositions  budg\u00e9taires\net leurs  annexes  pour  l'exercice  2024  ;\nVU le rapport  du directeur  interr\u00e9gional  de la protection  judiciaire  de la\njeunesse  Grand  Nord  transmis  par courrier  du 1% ao\u00fbt  2024  ;\nVU le courrier  du 8 juillet  2024  par lequel  la personne  ayant  qualit\u00e9  pour\nrepr\u00e9senter  le service  d'investigation  \u00e9ducative  a adress\u00e9  ses obser-\nvations  sur les propositions  budg\u00e9taires  pour  l'exercice  2024  ;\nVU la r\u00e9ponse  transmise  par courrier  recommand\u00e9  du directeur\ninterr\u00e9gional  de la protection  judiciaire  de la jeunesse  Grand-Nord  du\n25 octobre  2024  ;\nSUR  proposition  du directeur  interr\u00e9gional  de la protection  judiciaire  de\nla jeunesse  Grand  Nord;\nSUR  proposition  du secr\u00e9taire  g\u00e9n\u00e9ral  de la pr\u00e9fecture  de la Somme  ;\nARRETE\nArticle  1\u00b0\nPour  l'exercice  budg\u00e9taire  2024,  les recettes  et les d\u00e9penses  pr\u00e9visionnelles\ndu Service  d'investigation  Educative  sont  autoris\u00e9es  comme  suit,  pour  une\nactivit\u00e9  pr\u00e9visionnelle  de 245  jeunes  suivis  :\n| Montants  Total\nGroupes  fonctionnelsen Euros  en Euros\nD\u00e9penses  Groupe  |:\nD\u00e9penses  aff\u00e9rentes  \u00e0 l'exploitation  cou-  15 965,49  \u20ac| 752 843,61  \u20ac\nrante\nGroupe  ll: 609  127,84  \u20ac\nD\u00e9penses  aff\u00e9rentes  au personnel\nDirection Interr\u00e9gionale Grand Nord de la Protection Judiciaire de la Jeunesse - 80-2024-11-15-00006 - Arr\u00eat\u00e9 portant fixation du\nmontant du tarif journalier 2024 pour le service MJIE Yves Le Febvre 26\nGroupe  lil :D\u00e9penses  aff\u00e9rentes  \u00e0 la structure  PRESS\nD\u00e9ficit  de la section  d'exploitation  n-2\nGroupe  |:\nProduits  de la tarification  HP  tale\nGroupe  II: 0.00  \u20ac\nRecettes  Autres  produits  relatifs  \u00e0 l'exploitation  !\nGroupe  III: 752  843,61  \u20ac\nProduits  financiers  et produits  non  en- 22 000,00  \u20ac\ncaissables\nExc\u00e9dent  de la section  d'exploitation  de l'exercice  2022  0,00  \u20ac\nD\u00e9penses  refus\u00e9es  sur l'exercice  2022  * 2 528,17  \u20ac\n* Conform\u00e9ment  \u00e0 l'article  R314-52  du code  de l'action  sociale  et des familles,  l'auto-\nrit\u00e9 tient  compte  des  d\u00e9penses  refus\u00e9es  dans  la fixation  des  produits  de tarification.\nArticle  2\nPour  l'exercice  budg\u00e9taire  2024,  le prix  de la mesure  du Service  Investigation\nEducative  g\u00e9r\u00e9  par  l'association  Yves  Le Febvre  est fix\u00e9,  comme  suit  a compter\ndu 1\u00b0 novembre  2024  :\nMontant  en euros  du\nType  de prestation  | Montant  en Euros  | prix  de l'acte  \u00e0 compter\ndu prix  de l'acte  du\n1\u00b0 novembre  2024\nEx\u00e9cution  de mesures\nqe  res 2972,72\u20ac  3 375,25  \u20ac\nInvestigation\n\u00e9ducative\nPour  l'exercice  budg\u00e9taire  2025,  et dans  l'hypoth\u00e8se  o\u00f9 la tarification  n'aurait\npas  \u00e9t\u00e9  arr\u00eat\u00e9e  au 1\u00b0 janvier  2025,  il sera  fait  application  du prix  de journ\u00e9e\nmoyen  2024  \u00e0 compter  du 1\u00b0 janvier  2025  et jusqu'\u00e0  la notification  de l'arr\u00eat\u00e9\nde tarification  2025,  soit  2 972,72  \u20ac.\nArticle  3\nLes recours  contre  le pr\u00e9sent  arr\u00eat\u00e9  doivent  \u00eatre  port\u00e9s  devant  le tribunal\ninterr\u00e9gional  de la tarification  sanitaire  et sociale  sis 6 rue  du Haut  Bourgeois\nC.O.  50015  - 54035  NANCY  Cedex,  dans  le d\u00e9lai  franc  d'un  mois  \u00e0 compter  de\nsa publication  ou, pour  les personnes  auxquelles  il sera  notifi\u00e9,  \u00e0 compter  de\nsa notification.\nArticle  4\nUne  copie  conforme  du pr\u00e9sent  arr\u00eat\u00e9  sera  notifi\u00e9e  \u00e0 l'\u00e9tablissement  ou au\nservice  concern\u00e9.\nDirection Interr\u00e9gionale Grand Nord de la Protection Judiciaire de la Jeunesse - 80-2024-11-15-00006 - Arr\u00eat\u00e9 portant fixation du\nmontant du tarif journalier 2024 pour le service MJIE Yves Le Febvre 27\nArticle  5\nLe secr\u00e9taire  g\u00e9n\u00e9ral  de la pr\u00e9fecture  de la Somme  et le directeur\ninterr\u00e9gional  de la protection  judiciaire  de la jeunesse  Grand  Nord  sont\ncharg\u00e9s,  chacun  en ce qui le concerne,  de l'ex\u00e9cution  du pr\u00e9sent  arr\u00eat\u00e9  qui\nsera publi\u00e9  au recueil  des actes  administratifs  de l\u00e0 pr\u00e9fecture  de la Somme.\nFait \u00e0 Amiens,  45 NOV.  2024\nPour  le pr\u00e9fet  et par d\u00e9l\u00e9gation\nLe secr\u00e9t\u00e4ire  g\u00e9n\u00e9ral\nC\nEmmanuel  MOULARD\nDirection Interr\u00e9gionale Grand Nord de la Protection Judiciaire de la Jeunesse - 80-2024-11-15-00006 - Arr\u00eat\u00e9 portant fixation du\nmontant du tarif journalier 2024 pour le service MJIE Yves Le Febvre 28","date":"2024-12-04","first_seen_on":"2024-12-04T17:34:03+00:00","id":"8a378e95043fcae94b29287242849777e38d4414fd535052ddda6ef9ed694216","name":"RAA n\u00b0235 sp\u00e9cial du 4 d\u00e9cembre 2024","pdf_creation_date":"2024-12-04T16:33:20+00:00","pdf_modification_date":null,"timezone":"CET","url":"https://www.somme.gouv.fr/contenu/telechargement/50205/333602/file/recueil-2024-235-recueil-des-actes-administratifs-special.pdf"}
