{"administration":"pref30","administration_name":"Pr\u00e9fecture du Gard","content":"PR\u00c9FET\nDU GARD\nRECUEIL DES ACTES\nADMINISTRATIFS SP\u00c9CIAL\nN\u00b030-2025-012\nPUBLI\u00c9 LE 17 JANVIER 2025\nSommaire\nAgence R\u00e9gionale de la Sant\u00e9- d\u00e9l\u00e9gation d\u00e9partementale du Gard\n/\n30-2025-01-07-00007 - Arr\u00eat\u00e9 2025-0349 portant habilitation du Centre\nHospitalier de N\u00eemes en qualit\u00e9 de centre de lutte antiberculeuse   (3\npages) Page 4\nDirection D\u00e9partementale des Tetrritoires et de la Mer du Gard /\n30-2025-01-10-00006 - Arr\u00eat\u00e9 portant prescriptions sp\u00e9cifiques \u00e0\nd\u00e9claration au titre de l'article L214-3 du code de l'environnement\nconcernant la cr\u00e9ation de 2 b\u00e2timents d'activit\u00e9 quartier des\nSableyes sur la commune de Villeneuve les Avignon  (6 pages) Page 8\n30-2025-01-16-00005 - ART 20241217 mesures protection predation 2025\nRAA (6 pages) Page 15\nDirection D\u00e9partementale des Tetrritoires et de la Mer du Gard / SERVICE\nAMENAGEMENT TERRITORIAL CEVENNES\n30-2025-01-16-00002 - arr\u00eat\u00e9 d'opposition \u00e0 une d\u00e9claration\npr\u00e9alable n\u00b0 DP 030 234 24 A0010 d\u00e9pos\u00e9e par SAS CENTRALE\nSOLAIRE UNO DU GARD pour l'installation d'une centrale agrivolta\u00efque\nau sol sur la commune de ST-BENEZET (3 pages) Page 22\nDirection des Services D\u00e9partementaux de l'Education Nationale du Gard /\n30-2025-01-14-00002 - ARRETE PORTANT AGREMENT DE JEUNESSE ET\nD'EDUCATION POPULAIRE ASSOCIATION LO QUINTET (2 pages) Page 26\n30-2025-01-15-00002 - arr\u00eat\u00e9 portant agr\u00e9ment d\u00e9partemental\nd'une association sportive - association rando cano\u00eb kayak de\nVallabr\u00e8gues (2 pages) Page 29\nPrefecture du Gard /\n30-2025-01-15-00016 - ARR\u00caT\u00c9 PR\u00c9FECTORAL DE MODIFICATION\nVIDEOPROTECTION CREDIT AGRICOLE (DAB) LE GRAU DU ROI 2025 (2\npages) Page 32\n30-2025-01-15-00018 - ARR\u00caT\u00c9 PR\u00c9FECTORAL DE MODIFICATION\nVIDEOPROTECTION CREDIT AGRICOLE - GOELANDS - NIMES 2025 (2\npages) Page 35\n30-2025-01-15-00015 - ARR\u00caT\u00c9 PR\u00c9FECTORAL DE MODIFICATION\nVIDEOPROTECTION HYPER U ALES 2025 (2 pages) Page 38\n30-2025-01-15-00011 - ARR\u00caT\u00c9 PR\u00c9FECTORAL DE MODIFICATION\nVIDEOPROTECTION MAIRIE ARAMON 2025 (6 pages) Page 41\n30-2025-01-15-00012 - ARR\u00caT\u00c9 PR\u00c9FECTORAL DE MODIFICATION\nVIDEOPROTECTION MAIRIE CAVEIRAC 2025 (6 pages) Page 48\n2\n30-2025-01-15-00013 - ARR\u00caT\u00c9 PR\u00c9FECTORAL DE MODIFICATION\nVIDEOPROTECTION MAIRIE LANGLADE 2025 (8 pages) Page 55\n30-2025-01-15-00014 - ARR\u00caT\u00c9 PR\u00c9FECTORAL DE MODIFICATION\nVIDEOPROTECTION MAIRIE MARGUERITTES 2025 (10 pages) Page 64\n30-2025-01-15-00019 - ARR\u00caT\u00c9 PR\u00c9FECTORAL DE MODIFICATION\nVIDEOPROTECTION TABAC L'AS DE COEUR PONT ST ESPRIT 2025 (2 pages) Page 75\n30-2025-01-15-00017 - ARR\u00caT\u00c9 PR\u00c9FECTORAL DE MODIFICATION\nVIDEOPROTECTION ZARA NIMES 2025 (2 pages) Page 78\nPrefecture du Gard / Cabinet du pr\u00e9fet\n30-2025-01-17-00001 - Arr\u00eat\u00e9 portant attribution de la m\u00e9daille pour\nacte de courage et de d\u00e9vouement (1 page) Page 81\nSous Pr\u00e9fecture d'Al\u00e8s /\n30-2025-01-15-00030 - AP Portant DUP 15 01 2025 sign\u00e9 (8 pages) Page 83\n3\nAgence R\u00e9gionale de la Sant\u00e9- d\u00e9l\u00e9gation\nd\u00e9partementale du Gard\n30-2025-01-07-00007\nArr\u00eat\u00e9 2025-0349 portant habilitation du Centre\nHospitalier de N\u00eemes en qualit\u00e9 de centre de\nlutte antiberculeuse  \nAgence R\u00e9gionale de la Sant\u00e9- d\u00e9l\u00e9gation d\u00e9partementale du Gard - 30-2025-01-07-00007 - Arr\u00eat\u00e9 2025-0349 portant habilitation du\nCentre Hospitalier de N\u00eemes en qualit\u00e9 de centre de lutte antiberculeuse  4\nREPUBLIQUE\nFRANCAISE\nLibert\u00e9\nEgalit\u00e9\nFraternit\u00e9Ar\n\u00a9 D Agence  R\u00e9gionale  de Sant\u00e9\nOccitanie\n  \n \n \n \n \n \n \n \nArr\u00eat\u00e9 n\u00b0 2025-0349 portant habilitation du centre hospitalier universitaire de N\u00eemes  en qualit\u00e9 de \ncentre de lutte antituberculeuse  \n \nLe Directeur G\u00e9n\u00e9ral de l'Agence R\u00e9gionale de Sant\u00e9 Occitanie  \n \nVu le code de la sant\u00e9 publique , notamment ses  articles L.  3112 -1 \u00e0 L. 3112 -3 et D. 3112 -6 \u00e0 D. 3112 -11-\n4 ; \n \nVu le d\u00e9cret du 20 avril 2022 portant nomination de Monsieur Didier JAFFRE, Directeur G\u00e9n\u00e9ral de \nl'Agence R\u00e9gionale de Sant\u00e9 Occitanie  ;  \n \nVu l'arr\u00eat\u00e9 du 1er d\u00e9cembre 2010 modifi\u00e9 fixant le contenu du rapport d'activit\u00e9 et de performance en \napplication des articles D. 3111 -25 et D. 3112 -10 du code de la sant\u00e9 publique  ;  \n \nVu l'arr\u00eat\u00e9 du 27 novembre 2020 relatif aux centres de lutte contre la tuberculose  ;  \n \nVu l'arr\u00eat\u00e9 n\u00b0 2022 -0528  du 11 f\u00e9vrier 2022  portant habilitation du centre hospitalier universitaire de N\u00eemes  \nen qualit\u00e9 de centre de lutte contre la tuberculose  ;  \n \nVu l'instruction n\u00b0  DGS/SP2/2020/224 du 8 d\u00e9cembre 2020 relative \u00e0 la mise en place de la r\u00e9forme des \ncentres de lutte antituberculeuse ;  \n \nConsid\u00e9rant  la demande pr\u00e9sent\u00e9e par l e Centre hospitalier universitaire de N\u00eemes le 02 septembre  2024 \nd'habilitation en qualit\u00e9 de centre de lutte antituberculeuse (CLAT)  ;  \n \n \nARR\u00caTE  \n \nArticle 1er \nLe centre h ospitalier  universitaire  de N\u00eemes est habilit\u00e9 en qualit\u00e9 de centre de lutte antituberculeuse (CLAT) \npour trois ans \u00e0 compter d u 11 f\u00e9vrier 2025 . \nLa pr\u00e9sente habilitation a pour objet de permettre d'exercer pour les usagers les activit\u00e9s suivantes  : \n- Les enqu\u00eates autour d'un c as de tuberculose et le suivi  ; \n- Les d\u00e9pistages cibl\u00e9s de la tuberculose aupr\u00e8s des populations \u00e0 risque  ; \n- Le suivi m\u00e9dical et la d\u00e9livrance des m\u00e9dicaments n\u00e9cessaires au traitement de la tuberculose et \ndes infections tuberculeuses latentes des personnes \u00e9loign\u00e9es des syst\u00e8mes de pr\u00e9vention  et de \nsoins, de fa\u00e7on gratuite  ; \n- La contribution au suivi m\u00e9dical et m\u00e9dicosocial des personn es trait\u00e9es pour une tuberculose ou \npour une infection tuberculeuse latente et participent \u00e0 leur coordination jusqu'\u00e0 l'issue de \ntraitement  ; \n- La vaccination gratuit e par le vaccin antituberculeux  ; \n \nAgence R\u00e9gionale de la Sant\u00e9- d\u00e9l\u00e9gation d\u00e9partementale du Gard - 30-2025-01-07-00007 - Arr\u00eat\u00e9 2025-0349 portant habilitation du\nCentre Hospitalier de N\u00eemes en qualit\u00e9 de centre de lutte antiberculeuse  5\n 2 - Les actions de pr\u00e9vention aupr\u00e8s des personnes prises en  charge, en particul ier l'aide au sevrage \ntabagique  ; \n- Un bilan pr\u00e9ventif aux populations \u00e9loign\u00e9es des syst\u00e8mes de pr\u00e9vention et de soins et un \naccompagnement dans les d\u00e9marches n\u00e9cessaires \u00e0 la  reconnaissance de leurs droits  ; \n- La contribution, en collabor ation avec l'Agence r\u00e9gionale de sant\u00e9 et l'Agence nationale de sant\u00e9 \npublique, \u00e0 la surveillance de la tuberculose par la d\u00e9claration obligatoire des cas et la \ndocumentation des cas de tuberculose maladie et des issues de traitement et des cas d 'Infection  \ntuberculeuse latente  ; \n- L'accueil, l'\u00e9coute, l'information le conseil et l'orientation des publics par des actions individuelles et \ncollectives  ; \n- La promotion et la diffusion des informations et bonnes pratiques professionnelles aupr\u00e8s des \nprofessionnels d e sant\u00e9 int\u00e9ress\u00e9s.  \n \nArticle 2  \nLe site principal du CLAT est implant\u00e9 dans les locaux du centre  hospitalier universitaire de N\u00eemes , b\u00e2timent \nCar\u00e9meau plateau,  place Professeur Robert Debr\u00e9 ,30029 N \u00eemes  cedex 9 . \nLe CLAT dispose de deux  antennes  :  \n- Centre hospitalier d'Al\u00e8s-C\u00e9vennes , avenue du Docteur Jean Goubert, 301 00 Al\u00e8s ; \n- Centre hospitalier de Bagnols -Sur-C\u00e8ze , avenue Alphonse Daudet , 30200 Bagnols -Sur-C\u00e8ze  ; \n \nArticle 3  \nLes modalit\u00e9s de fonctionnement et de financement de l'activit\u00e9 sont fix\u00e9es  par voie contractuelle entre le \ndirecteur g\u00e9n\u00e9ral de l'agence r\u00e9gionale de sant\u00e9 et le directeur g\u00e9n\u00e9ral du centre hospitalier  universitaire \ndu site principal du CLAT , pour la dur\u00e9e de l'habilitation.  \n \nArticle 4  \nLe directeur g\u00e9n\u00e9ral du centre hospitalier universitaire porte \u00e0 la connaissance du directeur g\u00e9n\u00e9ral de \nl'agence r\u00e9gionale de sant\u00e9 toute modification des modalit\u00e9s d'organisation et de fonctionnement du centre \nintervenant post\u00e9rieurement \u00e0 l'habilitation. Le directeur g\u00e9n\u00e9ral de l'agence r\u00e9gional e de sant\u00e9 appr\u00e9cie si \ncette modification n\u00e9cessite celle du pr\u00e9sent arr\u00eat\u00e9 et des documents contractuels relatifs \u00e0 l'activit\u00e9.  \n \nArticle 5  \nLe directeur g\u00e9n\u00e9ral du centre hospitalier  universitaire fournit annuellement au directeur g\u00e9n\u00e9ral de l'agence \nr\u00e9gio nale de sant\u00e9 un rapport d'activit\u00e9 et de performance selon un mod\u00e8le fix\u00e9 par l'arr\u00eat\u00e9 minist\u00e9riel du \n1er d\u00e9cembre 2010 modifi\u00e9 susvis\u00e9.  \n \nArticle 6  \nLorsque les modalit\u00e9s de fonctionnement d'un CLAT ne permettent plus de r\u00e9pondre aux obligations fix\u00e9es \naux articles D.3112 -7 et D.3112 -8 susvis\u00e9s, le directeur g\u00e9n\u00e9ral de l'agence r\u00e9gionale de sant\u00e9 met en \ndemeure l'\u00e9tablissement habilit\u00e9 de s'y conformer dans le d\u00e9lai qu'il fixe.  \nEn cas d'urgence tenant \u00e0 la s\u00e9curit\u00e9 des usagers, l'habilitation peut \u00eatre sus pendue  sans d\u00e9lai.  \nSi la mise en demeure n'est pas suivie d'effet dans le d\u00e9lai imparti, l'habilitation peut \u00eatre retir\u00e9e.  \nLa demande de renouvellement de l'habilitation est adress\u00e9e par le responsable d u centre hospitalier \nportant le site principal  au directeur g\u00e9n\u00e9ral de l'agence r\u00e9gionale de sant\u00e9 au plus tard quatre mois avant \nl'\u00e9ch\u00e9ance de l'habilitation en vigueur. Le renouvellement est accord\u00e9, pour une dur\u00e9e de cinq ans, par le \ndirecteur g\u00e9n\u00e9ral de l'agence r\u00e9gionale de sant\u00e9, en tenant  compte des  \u00e9l\u00e9ments mentionn\u00e9s au II de \nl'article D. 3112 -8 du code de la sant\u00e9 publique  et apr\u00e8s \u00e9valuation de l'activit\u00e9 du centre et, le cas \u00e9ch\u00e9ant, \napr\u00e8s une visite sur site par un agent mentionn\u00e9 \u00e0 l'article L. 1421 -1 du code pr\u00e9cit\u00e9 . Agence R\u00e9gionale de la Sant\u00e9- d\u00e9l\u00e9gation d\u00e9partementale du Gard - 30-2025-01-07-00007 - Arr\u00eat\u00e9 2025-0349 portant habilitation du\nCentre Hospitalier de N\u00eemes en qualit\u00e9 de centre de lutte antiberculeuse  6\n 3  \nArticle 7  \nLe pr\u00e9sent  arr\u00eat\u00e9 peut faire l'objet, dans un d\u00e9lai de deux mois suivant sa publication au recueil des actes \nadministratifs, d'un recours contentieux aupr\u00e8s du tribunal administratif territorialement comp\u00e9tent. Le \ntribunal administratif peut \u00eatre saisi par l'applica tion informatique \u00ab  t\u00e9l\u00e9recours citoyens  \u00bb accessible sur le \nsite www.telerecours.fr .  \n \nArticle 8  \nLa Directrice de la sant\u00e9 publique et le directeur d e la d\u00e9l\u00e9gation d\u00e9partementale d u Gard  de l'Agence \nR\u00e9gionale de Sant\u00e9 Occitanie sont charg\u00e9s, chacun en ce qui les concerne, de l'ex\u00e9cution d u pr\u00e9sent \narr\u00eat\u00e9 qui sera publi\u00e9 au recueil des actes de la Pr\u00e9fecture de la R\u00e9gion Occitanie  et du d\u00e9partement du \nGard .  \n \n \n \nFait \u00e0 Montpellier, le 07 janvier  2025 \n \n \nLe Directeur G\u00e9n\u00e9ral  \n \n \n \nDidier JAFFRE  \n \n Agence R\u00e9gionale de la Sant\u00e9- d\u00e9l\u00e9gation d\u00e9partementale du Gard - 30-2025-01-07-00007 - Arr\u00eat\u00e9 2025-0349 portant habilitation du\nCentre Hospitalier de N\u00eemes en qualit\u00e9 de centre de lutte antiberculeuse  7\nDirection D\u00e9partementale des Tetrritoires et de\nla Mer du Gard\n30-2025-01-10-00006\nArr\u00eat\u00e9 portant prescriptions sp\u00e9cifiques \u00e0\nd\u00e9claration au titre de l'article L214-3 du code de\nl'environnement concernant la cr\u00e9ation de 2\nb\u00e2timents d'activit\u00e9 quartier des Sableyes sur la\ncommune de Villeneuve les Avignon \nDirection D\u00e9partementale des Tetrritoires et de la Mer du Gard - 30-2025-01-10-00006 - Arr\u00eat\u00e9 portant prescriptions sp\u00e9cifiques \u00e0\nd\u00e9claration au titre de l'article L214-3 du code de l'environnement concernant la cr\u00e9ation de 2 b\u00e2timents d'activit\u00e9 quartier des\nSableyes sur la commune de Villeneuve les Avignon 8\nE |\nPREFET\nDU GARD\nLibert\u00e9\nEgalit\u00e9\nFraternit\u00e9\nDirection d\u00e9partementale\ndes territoires et de la mer\nService Eau et Risques\nARRETE N\u00b0 \nPortant prescriptions sp\u00e9cifiques \u00e0 d\u00e9claration \nau titre de l'article L.214-3 du code de l'environnement \nconcernant la cr\u00e9ation de 2 b\u00e2timents d'activit\u00e9 quartier des Sableyes\n sur la commune de Villeneuve-les-Avignon\n \nLe Pr\u00e9fet du Gard\nChevalier de la l\u00e9gion d'honneur\nChevalier de l'ordre national du m\u00e9rite \nVu la directive n\u00b0 2000/60/CE du Parlement Europ\u00e9en et du Conseil du 23 octobre 2000, \u00e9tablissant un\ncadre pour une politique communautaire dans le domaine de l'eau.\nVu le code de l'environnement.\nVu le code civil.\nVu Le d\u00e9cret du 13 juillet 2023 nommant M. J\u00e9r\u00f4me BONET, pr\u00e9fet du Gard  ;\nVu L'arr\u00eat\u00e9  pr\u00e9fectoral  n\u00b0  30-2024-03-21-00007  du  21/03/2024   portant  d\u00e9l\u00e9gation  de  signature  \u00e0  M.\nS\u00e9bastien FERRA, directeur d \u00e9partemental des territoires et de la mer (DDTM) du Gard  ;\nVu la d\u00e9cision  de M. S\u00e9bastien FERRA, directeur d\u00e9partemental des territoires et de la mer du Gard,\nportant subd\u00e9l\u00e9gation de signature aux agents de la direction d\u00e9partementale des territoires et de la mer\ndu Gard ;\nVu L'arr\u00eat\u00e9 n\u00b022-064 du pr\u00e9fet coordonnateur de bassin du 21 mars 2022 portant approbation du Sch\u00e9ma\nDirecteur d'Am\u00e9nagement et de Gestion des Eaux (SDAGE) 2022-2027 du bassin Rh\u00f4ne M\u00e9diterran\u00e9e  ;\nVu le dossier de d\u00e9claration d\u00e9pos\u00e9 au titre de l'article L214-3 du code de l'environnement par la soci\u00e9t\u00e9\nMontaigne  Promotion  enregistr\u00e9  sous  le  n\u00b030-2023-0100011795  et  relatif  \u00e0  la  construction  de  deux\nb\u00e2timents d'activit\u00e9 quartier des Sableyes sur la commune de Villeneuve-les-Avignon  ;\nVu le courrier de non-opposition du 9 Mai 2023 au dossier loi sur l'eau 30-2023-0100011795  ;\nVu le dossier de demande de modification de la d\u00e9claration initiale pr\u00e9sent\u00e9 par Montaigne Promotion 42,\nrue  du  Commandant  Rolland  93350  Le  Bourget  enregistr\u00e9  au  titre  de  l'article  L.  214-3  du  code  de\n1/6\nDirection D\u00e9partementale des Tetrritoires et de la Mer du Gard - 30-2025-01-10-00006 - Arr\u00eat\u00e9 portant prescriptions sp\u00e9cifiques \u00e0\nd\u00e9claration au titre de l'article L214-3 du code de l'environnement concernant la cr\u00e9ation de 2 b\u00e2timents d'activit\u00e9 quartier des\nSableyes sur la commune de Villeneuve les Avignon 9\nl'environnement le 5 novembre 2024, sous le n\u00b0 30-2024-000399 et relatif \u00e0  la cr\u00e9ation de 2 b\u00e2timents\nd'activit\u00e9 quartier des Sableyes sur la commune de Villeneuve-les-Avignon  ;\nVu le  projet  d'arr\u00eat\u00e9  de  prescriptions  sp\u00e9cifiques  \u00e0  d\u00e9claration  relatif  \u00e0  la  cr\u00e9ation  de  2  b\u00e2timents\nd'activit\u00e9 quartier des Sableyes pr\u00e9sent\u00e9  par  Montaigne Promotion 42, rue du Commandant Rolland\n93350  Le  Bourget  sur  la  commune  de  Villeneuve-les-Avignon  transmis  le  21  /  11  /  2024  pour  avis  et\nobservations \u00e9ventuelles sur les prescriptions et le projet d'arr\u00eat\u00e9 dans un d\u00e9lai de 3 mois  ; \nCONSID\u00c9RANT que le p\u00e9titionnaire a \u00e9mis un avis favorable dans le d\u00e9lai qui lui est r\u00e9glementairement\nimparti dat\u00e9 du 17/ 12  / 2024 sur le projet d'arr\u00eat\u00e9 de prescriptions sp\u00e9cifiques \u00e0 d\u00e9claration qui lui a \u00e9t\u00e9\ntransmis ;\nCONSID\u00c9RANT que l'\u00e9tude hydraulique pour l'exondement et du secteur a \u00e9t\u00e9 valid\u00e9e par les services de\nl'Etat en date du 24 juin 2024  ;\nCONSID\u00c9RANT que pour rendre le projet compatible avec les  int\u00e9r\u00eats mentionn\u00e9s \u00e0 l'article L.  211-1 du\ncode de l'environnement, il y a lieu de fixer des prescriptions sp\u00e9cifiques concernant  la prise en compte\ndu syst\u00e8me d'exondement et le fonctionnement des ouvrages.\nSUR PROPOSITION  de M. le Directeur D\u00e9partemental des Territoires et de la Mer du Gard\nARRETE\n TITRE I : OBJET DE LA DECLARATION\nARTICLE 1 : Objet de la d\u00e9claration\nIl est donn\u00e9 acte \u00e0 Montaigne Promotion 42, rue du Commandant Rolland 93350 Le Bourget  repr\u00e9sent\u00e9e\npar   sont  pr\u00e9sident  M.  Serge  De  Oliverira,  ci-apr\u00e8s  d\u00e9nomm\u00e9  le  b\u00e9n\u00e9ficiaire  de  sa  d\u00e9claration  en\napplication de l'art icle L 214-3 du code de l'environnement, sous r\u00e9serve des prescriptions \u00e9nonc\u00e9es aux\narticles suivants, concernant :\n                                       La cr\u00e9ation de 2 b\u00e2timents d'activit\u00e9 quartier des Sableyes\n sur la commune de Villeneuve-les-Avignon\nLes ouvrages constitutifs \u00e0 ces am\u00e9nagements rentrent dans la nomenclature des op\u00e9rations soumises \u00e0\nd\u00e9claration au titre de l'article L.214-3 du code de l'environnement. \n TITRE II : PRESCRIPTIONS TECHNIQUES\nARTICLE 2 : Prescriptions relatives aux ouvrages\nLa  r\u00e9alisation  et  le  dimensionnement  des  ouvrages  sont  en  tous  points  conformes  au  dossier  de\nd\u00e9claration 30-2023-01000011795, les modifications apport\u00e9es par le pr\u00e9sent arr\u00eat\u00e9 compl\u00e8tent mais ne se\nsubstituent pas au dossier initial valid\u00e9 le 9 mai 2023 et respectent les prescriptions des articles ci-apr\u00e8s.\n \nAnnexe 1 : plan du syst\u00e8me d'exondement \nAnnexe 2 : plan de masse g\u00e9n\u00e9ral du projet\nARTICLE 2.1 : R\u00e8gles sp\u00e9cifiques de conception et dimensionnement du syst\u00e8me d'exondement\n- Mise en place de deux foss\u00e9s ( BR1 ) d'interception des \u00e9coulements en provenance du Nord plac\u00e9s en\nbordure Nord  de la parcelle pour un volume de 32 m\u00b3  qui fonctionnent par infiltration  .\n- Mise en place de bassin en caisson enterr\u00e9 ( BR2 ) d'interception des \u00e9coulements c\u00f4t\u00e9 Nord et Est de\nl'op\u00e9ration, le bassin stocke le surplus des \u00e9coulements des eaux de ruissellement capt\u00e9 par le foss\u00e9 Nord\n2/6Direction D\u00e9partementale des Tetrritoires et de la Mer du Gard - 30-2025-01-10-00006 - Arr\u00eat\u00e9 portant prescriptions sp\u00e9cifiques \u00e0\nd\u00e9claration au titre de l'article L214-3 du code de l'environnement concernant la cr\u00e9ation de 2 b\u00e2timents d'activit\u00e9 quartier des\nSableyes sur la commune de Villeneuve les Avignon 10\npar l'interm\u00e9diaire d'une surverse ainsi que les eaux de ruissellement du secteur Est via une noue de\nr\u00e9cup\u00e9ration des eaux. Le volume minimal du bassin est de 145 m\u00b3. La vidange s'effectue par infiltration.\n- Mise en place d'un bassin a\u00e9rien  ( BR3 )  au Sud du projet pour l'interception des \u00e9coulements en\nprovenance du Nord et de l'Est. Le volume du bassin de r\u00e9tention du bassin Sud-Est est augment\u00e9 de 190\nm\u00b3.\n-Mise en place d'\u00e9l\u00e9ments caissons enterr\u00e9s ( BR4 ) en compl\u00e9ment du bassin central pour un volume de 7\nm\u00b3.\n-Mise en place d'\u00e9l\u00e9ments caissons enterr\u00e9s ( BR5 )  en compl\u00e9ment du bassin Ouest des b\u00e2timents pour\ninterception des eaux de ruissellent de l'Ouest de l'op\u00e9ration pour un volume de 10 m\u00b3.\nARTICLE 2.2 : Dimensionnement du projet  \nSecteur du projet V olume de compensation\n\u00e0 l'imperm\u00e9abilisationV olume pour\nexondement V olume total des\nouvrages\nSBV ouest 285 m\u00b3 10 m\u00b3 295 m\u00b3\nSBV central 422 m\u00b3 7 m\u00b3 429 m\u00b3\nSBV est 224 m\u00b3 145 m\u00b3 422 m\u00b3\nSBV sud 767 m\u00b3 190 m\u00b3 957 m\u00b3\nARTICLE 3 : Entretien\nLa prestation d'entretien des ouvrages nouveaux ou am\u00e9lior\u00e9s sera conforme au dossier DLE initial 30-\n2023-01000011795.\nARTICLE 4: Incident ou accident\nLe b\u00e9n\u00e9ficiaire proc\u00e8de \u00e0 ses frais et charges aux mesures \u00e0 mettre en \u0153uvre en cas d'incident ou \nd'accident ou de pollution des eaux pendant la phase travaux ou fonctionnement des ouvrages et \nam\u00e9nagements objets du pr\u00e9sent arr\u00eat\u00e9. En cas de pollution accidentelle, les services de la Police de l'Eau \n(DDTM et OFB) sont imm\u00e9diatement inform\u00e9s.\nTITRE III : PRESCRIPTIONS GENERALES\nARTICLE 5 : Modifications de prescriptions\nSi le b\u00e9n\u00e9ficiaire veut obtenir la modification de certaines des prescriptions sp\u00e9cifiques applicables \u00e0\nl'installation, il en fait la demande au pr\u00e9fet, qui statue alors par arr\u00eat\u00e9.\nLe silence gard\u00e9 par l'administration pendant plus de trois mois sur la demande du d\u00e9clarant vaut d\u00e9cision\nde rejet.\nARTICLE 6 : Conformit\u00e9 au dossier et modifications\nLes installations, objet du pr\u00e9sent arr\u00eat\u00e9 sont situ\u00e9es, install\u00e9es et exploit\u00e9es conform\u00e9ment aux plans et\ncontenu du dossier de demande de d\u00e9claration non contraires aux dispositions du pr\u00e9sent arr\u00eat\u00e9.\nToute modification apport\u00e9e aux ouvrages, installations, \u00e0 leur mode d'utilisation, \u00e0 la r\u00e9alisation des\ntravaux ou \u00e0 l'am\u00e9nagement en r\u00e9sultant, \u00e0 l'exercice des activit\u00e9s ou \u00e0 leur voisinage et entra\u00eenant un\nchangement notable des \u00e9l\u00e9ments du dossier de d\u00e9claration initiale   doit \u00eatre port\u00e9, avant sa r\u00e9alisation \u00e0\nla connaissance du pr\u00e9fet qui peut exiger une nouvelle d\u00e9claration. Lorsque le b\u00e9n\u00e9fice de l'autorisation\nest transmis \u00e0 une personne diff\u00e9rente de celle not\u00e9e sur le pr\u00e9sent arr\u00eat\u00e9, le nouveau b\u00e9n\u00e9ficiaire en\ninforme le Service Eau et Risques de la DDTM du Gard dans un d\u00e9lai de 3 mois.\n3/6Direction D\u00e9partementale des Tetrritoires et de la Mer du Gard - 30-2025-01-10-00006 - Arr\u00eat\u00e9 portant prescriptions sp\u00e9cifiques \u00e0\nd\u00e9claration au titre de l'article L214-3 du code de l'environnement concernant la cr\u00e9ation de 2 b\u00e2timents d'activit\u00e9 quartier des\nSableyes sur la commune de Villeneuve les Avignon 11\nARTICLE 7 : Validit\u00e9 de la d\u00e9claration\nEn application de l'article R214-40-3 du code de l'environnement, la d\u00e9claration cesse de produire effet,\nsauf demande justifi\u00e9e de prorogation, si l'ouvrage n'est pas construit ou pas mis service dans le d\u00e9lai de  3\nans \u00e0 compter de la notification du pr\u00e9sent arr\u00eat\u00e9.\nARTICLE 8 : Autres r\u00e9glementations\nLe pr\u00e9sent arr\u00eat\u00e9 ne dispense en aucun cas le b\u00e9n\u00e9ficiaire de faire les d\u00e9clarations ou d'obtenir les\nautorisations requises par d'autres r\u00e9glementations.\nARTICLE 9 : Voies et d\u00e9lais de recours\nLe pr\u00e9sent arr\u00eat\u00e9 est susceptible de recours devant le tribunal administratif territorialement comp\u00e9tent,\nconform\u00e9ment \u00e0 l'article R514-3-1 du Code de l'environnement dans les conditions suivantes  :\n1\u00b0 Par les p\u00e9titionnaires ou exploitants, dans un d\u00e9lai de deux mois \u00e0 compter du jour o\u00f9 la d\u00e9cision leur a\n\u00e9t\u00e9 notifi\u00e9e ;\n2\u00b0 Par les tiers int\u00e9ress\u00e9s en raison des inconv\u00e9nients ou des dangers pour les int\u00e9r\u00eats mentionn\u00e9s \u00e0\nl'article 211-1 du code de l'environnement dans un d\u00e9lai de deux mois \u00e0 compter de l'affichage en mairie\ndans les conditions pr\u00e9vues \u00e0 l'article R214-37 du code de l'environnement ou la publication de la d\u00e9cision\nsur le site internet de la pr\u00e9fecture dans les conditions d\u00e9finies au m\u00eame article.\nLe  d\u00e9lai  court  \u00e0  compter  de  la  derni\u00e8re  formalit\u00e9  accomplie.  Si  l'affichage  constitue  cette  derni\u00e8re\nformalit\u00e9, le d\u00e9lai court \u00e0 compter du premier jour d'affichage de la d\u00e9cision.\nLes tiers peuvent \u00e9galement d\u00e9poser une r\u00e9clamation apr\u00e8s la mise en service, aux seules fins de contester\nl'insuffisance ou l'inadaptation des prescriptions de l'arr\u00eat\u00e9 : le pr\u00e9fet dispose de 2 mois pour y r\u00e9pondre.\nEn cas de rejet implicite ou explicite, les int\u00e9ress\u00e9s disposent d'un d\u00e9lai de 2 mois pour se pourvoir contre\ncette d\u00e9cision.\nLe  tribunal  administratif  peut  aussi  \u00eatre  saisi  par  l'application  informatique  \u00ab  telerecours  citoyens  \u00bb\naccessible par le site internet www.telerecours.fr\nARTICLE 10 : Publication et information des tiers\nUne copie du pr\u00e9sent arr\u00eat\u00e9 sera transmise \u00e0 la mairie de la commune de Villeneuve-les-Avignon , pour\naffichage pendant une dur\u00e9e minimale d'un mois, \nCes informations seront  mises \u00e0 disposition du public sur le site Internet de la pr\u00e9fecture du  GARD\npendant une dur\u00e9e d'au moins 6 mois.\nARTICLE 11 : Droits des tiers\nLes droits des tiers sont et demeurent express\u00e9ment r\u00e9serv\u00e9s.\nARTICLE 12 : Ex\u00e9cution\nLe secr\u00e9taire g\u00e9n\u00e9ral de la pr\u00e9fecture du Gard, le maire de la commune de Villeneuve-les-Avignon,  le\ndirecteur d\u00e9partemental des territoires et de la mer du Gard, le chef du service d\u00e9partemental de l'Office\nFran\u00e7ais pour la Biodiversit\u00e9 du Gard,  sont charg\u00e9s, chacun en ce qui le concerne, de l'ex\u00e9cution du\npr\u00e9sent arr\u00eat\u00e9 qui sera publi\u00e9 au recueil des actes administratifs de la pr\u00e9fecture du Gard, et dont une\ncopie sera tenue \u00e0 la disposition du public dans la mairie de Villeneuve-les-Avignon .\n                                                                  A N\u00eemes, le 10/01/2025                              \n                                                        Le Pr\u00e9fet\nPour le pr\u00e9fet et par d\u00e9l\u00e9gation, \nle directeur d\u00e9partemental des territoires \net de la mer du Gard\nPour le directeur et par d\u00e9l\u00e9gation, \nle chef du service eau et risques \nSIGNE\nVincent COURTRAY\n4/6Direction D\u00e9partementale des Tetrritoires et de la Mer du Gard - 30-2025-01-10-00006 - Arr\u00eat\u00e9 portant prescriptions sp\u00e9cifiques \u00e0\nd\u00e9claration au titre de l'article L214-3 du code de l'environnement concernant la cr\u00e9ation de 2 b\u00e2timents d'activit\u00e9 quartier des\nSableyes sur la commune de Villeneuve les Avignon 12\nAAf Volume =LZ|Volume = 190 m\u00b0SALINI IMMOBILIERLa Duranne - Domaine Le TourillonB\u00e2timent B12 \"Heliosis\"13 100 AIX EN PROVENCEpra |me- | / 7 / %= EVolume = 32 m\u00b0 |es LI L\u00e9gende :[Volume = 145 m\u00b0) = HhOuvrage de gestion desPio} ot || Ouvrage de surverse. | ruissellements des eaux pluvialesBranchement sur BR3R\u00e9tention a\u00e9rienneR\u00e9tention enterr\u00e9 type SAULEdES Caniveau gril | || Noue d'interception |7 | des \u00e9coulements Est~) Regard de visite EP 800\n\u2014| HD Regard avaloir 50x50YYW.LLLLC,LL, LyYi YyYjL CLi\"Vip Yj7yyy 7 CZ ty LD YyYy _ Yj 12 _ YjWY YI VVYY Yh4 4 Y Vy Mii: YY yyy; ty=U GjY YyWs MMMETUDE DE RUISSELLEMENT DANS LE CADRE D'UN PROJET DE A2CONSTRUCTION a \u201430 400 VILLENEUVE-LES-AVIGNON COTEPLAN DE PRINCIPE DE GESTION DES EAUX DE RUISSELLEMENT PHASE: _\nAnnexe 1\n5/6\nDirection D\u00e9partementale des Tetrritoires et de la Mer du Gard - 30-2025-01-10-00006 - Arr\u00eat\u00e9 portant prescriptions sp\u00e9cifiques \u00e0\nd\u00e9claration au titre de l'article L214-3 du code de l'environnement concernant la cr\u00e9ation de 2 b\u00e2timents d'activit\u00e9 quartier des\nSableyes sur la commune de Villeneuve les Avignon 13\n\u2014\u2014\u2014LEO  peydey  uns)  LE\u2014 aoe TECONSTRUCTION DE DEUX BATIMENTS D'ACTIVITES - LES SABLEYES - VILLENEUVE LES AVIGNONPLAN D'EXECUTION 1/750e\nAnnexe 2\n6/6\nDirection D\u00e9partementale des Tetrritoires et de la Mer du Gard - 30-2025-01-10-00006 - Arr\u00eat\u00e9 portant prescriptions sp\u00e9cifiques \u00e0\nd\u00e9claration au titre de l'article L214-3 du code de l'environnement concernant la cr\u00e9ation de 2 b\u00e2timents d'activit\u00e9 quartier des\nSableyes sur la commune de Villeneuve les Avignon 14\nDirection D\u00e9partementale des Tetrritoires et de\nla Mer du Gard\n30-2025-01-16-00005\nART 20241217 mesures protection predation\n2025 RAA\nDirection D\u00e9partementale des Tetrritoires et de la Mer du Gard - 30-2025-01-16-00005 - ART 20241217 mesures protection predation\n2025 RAA 15\nPREFET\nDU GARD\nLibert\u00e9\nEgalit\u00e9\nFraternit\u00e9\nDirection d\u00e9partementale\ndes territoires et de la mer\nService Environnement et For\u00eat\nARR\u00caT\u00c9 n\u00b0 30-2025-01-16-00005\nrelatif \u00e0 l'aide \u00e0 la protection des exploitations et des troupeaux contre la pr\u00e9dation du loup\n (cercles 1, 2 et 3) pour l'ann\u00e9e 2025\nLe pr\u00e9fet du Gard\nChevalier de la L\u00e9gion d'honneur,\nChevalier de l'ordre national du M\u00e9rite\nVu le r\u00e8glement (UE) n\u00b0 2021/2115 du Parlement europ\u00e9en et du Conseil du 2 d\u00e9cembre 2021 \u00e9tablissant  \ndes r\u00e8gles r\u00e9gissant l'aide aux plans strat\u00e9giques devant \u00eatre \u00e9tablis par les Etats membres dans le cadre  \nde  la  politique  agricole  commune  (plans  strat\u00e9giques  relevant  de  la  PAC)  et  financ\u00e9s  par  le  Fonds  \neurop\u00e9en agricole de garantie (FEAGA) et par le Fonds europ\u00e9en agricole pour le d\u00e9veloppement rural  \n(FEADER), et abrogeant les r\u00e8glements (UE) n\u00b0 1305/2013 et (UE) n\u00b0 1307/2013 ;\nVu le r\u00e8glement (UE) n\u00b0 2021/2116 du Parlement europ\u00e9en et du Conseil du 2 d\u00e9cembre 2021 relatif au  \nfinancement, \u00e0 la gestion et au suivi de la politique agricole commune et abrogeant le r\u00e8glement (UE) n\u00b0  \n1306/2013 ;\nVu la d\u00e9cision d'ex\u00e9cution de la Commission europ\u00e9enne du 31 ao\u00fbt 2022 portant approbation du plan  \nstrat\u00e9gique relevant de la PAC 2023-2027 de la France en vue d'un soutien de l'Union financ\u00e9 par le Fonds  \neurop\u00e9en agricole de garantie et le Fonds europ\u00e9en agricole pour le d\u00e9veloppement rural ;\nVu le code rural et de la p\u00eache maritime,\nVu le  d\u00e9cret  n\u00b0  2018-514  du  25  juin  2018  relatif  aux  subventions  de  l'Etat  pour  des  projets  \nd'investissement ;\nVu le d\u00e9cret n\u00b02022-1756 du 30 d\u00e9cembre 2022 relatif \u00e0 l'aide \u00e0 la protection des exploitations et des\ntroupeaux contre la pr\u00e9dation du loup et de l'ours ;\nVu l'arr\u00eat\u00e9 minist\u00e9riel du 30 d\u00e9cembre 2022 relatif \u00e0 l'aide \u00e0 la protection des exploitations et des  \ntroupeaux contre la pr\u00e9dation du loup et de l'ours  ;\nVu l'avis favorable de la pr\u00e9f\u00e8te coordinatrice du plan national d'actions sur le loup et les activit\u00e9s  \nd'\u00e9levage ;\nVu l'arr\u00eat\u00e9 pr\u00e9fectoral du 21 mars 2024, publi\u00e9 au R.A.A. n\u00b0 30-2024-03-21-00007 portant d\u00e9l\u00e9gation de  \nsignature  en  mati\u00e8re  d'administration  g\u00e9n\u00e9rale  \u00e0  M.  S\u00e9bastien  FERRA,  directeur  d\u00e9partemental  des  \nterritoires et de la mer  ainsi que la d\u00e9cision n\u00b02023-SF-AG03 publi\u00e9e au R.A.A. n\u00b0 30-2024-070 du 25 avril  \n2024 portant subd\u00e9l\u00e9gation de signature en mati\u00e8re d'administration g\u00e9n\u00e9rale  ;\n1/689, rue Weber \u2013 30907 NIMES CEDEX 2\nT\u00e9l : 04 66 62 62 00 - Fax  : 04 66 23 28 79 - www.gard.gouv.fr\nDirection D\u00e9partementale des Tetrritoires et de la Mer du Gard - 30-2025-01-16-00005 - ART 20241217 mesures protection predation\n2025 RAA 16\nCONSID\u00c9RANT les  donn\u00e9es  relatives  au  suivi  de  l'esp\u00e8ce  et  la  liste  des  constats  de  dommages  \nindemnis\u00e9s en 2023 et 2024 et des indices relev\u00e9s en 2023  et 2024 ;\nSUR PROPOSITION  du directeur d\u00e9partemental des territoires et de la mer du Gard,\nARR\u00caTE\nARTICLE 1 :\nConform\u00e9ment  \u00e0  l'article  3  de  l'arr\u00eat\u00e9  minist\u00e9riel  du  30  d\u00e9cembre  2022  susvis\u00e9,  les  communes  o\u00f9  \ns'applique l'aide \u00e0 la protection des exploitations et des troupeaux contre la pr\u00e9dation du loup sont ainsi  \nclass\u00e9es pour l'ann\u00e9e 2025 (cartographie en annexe)  :\nLe cercle 1 comprend 21 communes :\n\u2022dont 8 communes sur le secteur des Causses gardois  :\n\u25e6Alzon\n\u25e6Arre\n\u25e6Arrigas\n\u25e6Blandas\n\u25e6Campestre-et-Luc\n\u25e6Montdardier\n\u25e6Rogues\n\u25e6Vissec\n\u20223 communes sur le secteur proche du Mont Loz\u00e8re  :\n\u25e6Concoules\n\u25e6G\u00e9nolhac\n\u25e6Ponteils-et-Br\u00e9sis\n\u20224 communes sur le secteur du Mont Aigoual  :\n\u25e6Dourbies\n\u25e6Lanu\u00e9jols\n\u25e6Saint-Sauveur-Camprieu\n\u25e6Val d'Aigoual\n\u20226 communes sur le secteur Costi\u00e8res/Camargue  :\n\u25e6Aubord\n\u25e6Beauvoisin\n\u25e6Caissargues\n\u25e6G\u00e9n\u00e9rac\n\u25e6Saint-Gilles\n\u25e6Vauvert\nLe cercle 2 comprend 93 communes :\n\u2022dont 3 communes limitrophes de l'Aveyron:\n\u25e6Causse B\u00e9gon\n\u25e6Revens\n\u25e6Tr\u00e8ves\n\u20225 communes proches du secteur des Causses gardois :\n\u25e6Aumessas\n\u25e6Bez-et-Esparon\n\u25e6Moli\u00e8res Cavaillac\n\u25e6Pommiers\n\u25e6Saint-Laurent-le-Minier\n2/689, rue Weber \u2013 30907 NIMES CEDEX 2\nT\u00e9l : 04 66 62 62 00 - Fax  : 04 66 23 28 79 - www.gard.gouv.frDirection D\u00e9partementale des Tetrritoires et de la Mer du Gard - 30-2025-01-16-00005 - ART 20241217 mesures protection predation\n2025 RAA 17\n\u202218 communes sur le secteur de l'Aigoual  :\n\u25e6Arphy\n\u25e6Av\u00e8ze\n\u25e6Br\u00e9au-Mars\n\u25e6Colognac\n\u25e6La Salle\n\u25e6L'Estr\u00e9chure\n\u25e6Les Plantiers\n\u25e6Mandagout\n\u25e6Peyrolles\n\u25e6Saint-Andr\u00e9-de-Majencoules\n\u25e6Saint-Andr\u00e9-de-Valborgne\n\u25e6Sainte-Croix-de-Caderle\n\u25e6Saint-Jean-du-Gard\n\u25e6Saint-Martial\n\u25e6Saint-Roman-de-Codi\u00e8res\n\u25e6Saumane\n\u25e6Soudorgues\n\u25e6Sum\u00e8ne\n\u202211 communes sur le secteur proche du Mont Loz\u00e8re  :\n\u25e6Aujac\n\u25e6Bonnevaux\n\u25e6Branoux-les-Taillades\n\u25e6Chambon\n\u25e6Chamborigaud\n\u25e6La Grand Combe\n\u25e6Lamelouze\n\u25e6Les Salles du Gardon\n\u25e6Malons-et-Elze\n\u25e6Sainte-C\u00e9cile-d'Andorge\n\u25e6S\u00e9n\u00e9chas\n\u20226 communes dans le secteur du Bois des Lens  :\n\u25e6Aigremont\n\u25e6Canaules-et-Argenti\u00e8re\n\u25e6Puechredon\n\u25e6Saint-Jean-de-Serres\n\u25e6Saint-Th\u00e9odorit\n\u25e6Savignargues\n\u202211 communes sur le secteur proche de Lussan  : \n\u25e6All\u00e8gre-les-Fumades\n\u25e6Bouquet\n\u25e6Fons-sur-Lussan\n\u25e6Fontar\u00e8ches\n\u25e6La Brugui\u00e8re\n\u25e6Lussan\n\u25e6M\u00e9jannes-le-Clap\n\u25e6Rivi\u00e8res\n\u25e6Saint-Laurent-la-Vern\u00e8de\n\u25e6Saint-Quentin-la-Poterie\n\u25e6Verfeuil\n3/689, rue Weber \u2013 30907 NIMES CEDEX 2\nT\u00e9l : 04 66 62 62 00 - Fax  : 04 66 23 28 79 - www.gard.gouv.frDirection D\u00e9partementale des Tetrritoires et de la Mer du Gard - 30-2025-01-16-00005 - ART 20241217 mesures protection predation\n2025 RAA 18\n\u202239 communes sur le secteur Costi\u00e8res / Camargue  / Vistrenque / Vall\u00e9e du Rh\u00f4ne:\n\u25e6Aigues-Mortes \n\u25e6Aimargues\n\u25e6Aramon\n\u25e6Beaucaire\n\u25e6Bellegarde\n\u25e6Bernis\n\u25e6Comps\n\u25e6Domazan\n\u25e6Est\u00e9zargues\n\u25e6Fourn\u00e8s\n\u25e6Fourques\n\u25e6Garons\n\u25e6Jonqui\u00e8res-Saint-Vincent\n\u25e6Les Angles\n\u25e6Le Cailar\n\u25e6Le Grau du Roi\n\u25e6L\u00e9denon\n\u25e6Manduel\n\u25e6Milhaud\n\u25e6Montfrin\n\u25e6Meynes\n\u25e6N\u00eemes\n\u25e6Pujaut\n\u25e6Redessan\n\u25e6Remoulins\n\u25e6Rochefort-du-Gard\n\u25e6Saint-Bonnet-du-Gard\n\u25e6Saint-Laurent-d'Aigouze\n\u25e6Saint-Victor-la-Coste\n\u25e6Saze\n\u25e6Sernhac\n\u25e6Tavel\n\u25e6Th\u00e9ziers\n\u25e6Uchaud\n\u25e6Vallabr\u00e8gues\n\u25e6Valligui\u00e8res\n\u25e6Verg\u00e8ze\n\u25e6Vestric-et-Candiac\n\u25e6Villeneuve-l\u00e8s-Avignon\nLe cercle 3 comprend toutes les autres communes du d\u00e9partement du Gard.\nARTICLE 2 : \nLe pr\u00e9sent arr\u00eat\u00e9 entre en vigueur \u00e0 sa date de signature et cesse de produire ses effets au 31 d\u00e9cembre\n2025 \u00e0 minuit.\nARTICLE 3 :\nLes \u00e9leveurs ou leurs regroupements conduisant leurs troupeaux dans ces communes sont \u00e9ligibles aux  \naides \u00e0 la protection contre la pr\u00e9dation dans les conditions d\u00e9finies par le  d\u00e9cret n\u00b0 2022-1756 du 30  \nd\u00e9cembre 2022 relatif \u00e0 l'aide \u00e0 la protection des exploitations et des troupeaux contre la pr\u00e9dation du  \nloup et de l'ours.  \n4/689, rue Weber \u2013 30907 NIMES CEDEX 2\nT\u00e9l : 04 66 62 62 00 - Fax  : 04 66 23 28 79 - www.gard.gouv.frDirection D\u00e9partementale des Tetrritoires et de la Mer du Gard - 30-2025-01-16-00005 - ART 20241217 mesures protection predation\n2025 RAA 19\nARTICLE 4 :\nLa  pr\u00e9sente  d\u00e9cision  est  susceptible  de  faire  l'objet  d'un  recours  contentieux  devant  le  tribunal  \nadministratif de N\u00eemes dans un d\u00e9lai de deux mois \u00e0 compter de sa publication. Elle est \u00e9galement  \nsusceptible de faire l'objet d'un recours gracieux aupr\u00e8s de la pr\u00e9f\u00e8te ainsi que d'un recours hi\u00e9rarchique  \naupr\u00e8s du Ministre dans le m\u00eame d\u00e9lai. Un recours contentieux peut ensuite \u00eatre form\u00e9 aupr\u00e8s du  \ntribunal administratif de N\u00eemes dans le d\u00e9lai de deux mois suivant le rejet explicite ou implicite du  \nrecours gracieux ou hi\u00e9rarchique. La juridiction administrative peut \u00eatre saisie par voie postale ou par  \nl'application \u00ab T\u00e9l\u00e9recours citoyens \u00bb accessible par le site internet https://www.telerecours.fr\nARTICLE 5 :\nLe secr\u00e9taire g\u00e9n\u00e9ral de la pr\u00e9fecture du Gard, le directeur d\u00e9partemental des territoires et de la mer  \nsont charg\u00e9s, chacun en ce qui les concerne, de l'ex\u00e9cution du pr\u00e9sent arr\u00eat\u00e9 qui sera publi\u00e9 au recueil  \ndes actes administratifs de la pr\u00e9fecture du Gard.\nN\u00eemes, le 16/01/2025\nPour le pr\u00e9fet et par d\u00e9l\u00e9gation, le \ndirecteur d\u00e9partemental des \nterritoires et de la mer du Gard,\nSIGNE\nS\u00e9bastien FERRA\n5/689, rue Weber \u2013 30907 NIMES CEDEX 2\nT\u00e9l : 04 66 62 62 00 - Fax  : 04 66 23 28 79 - www.gard.gouv.frDirection D\u00e9partementale des Tetrritoires et de la Mer du Gard - 30-2025-01-16-00005 - ART 20241217 mesures protection predation\n2025 RAA 20\nZonage  d'\u00e9ligibilit\u00e9  \u00e0 la mesure\nprotection  des  troupeaux  contre\nla pr\u00e9dation  - ann\u00e9e  2025\nE,3\n0008D D OQ wg\n6/689, rue Weber \u2013 30907 NIMES CEDEX 2\nT\u00e9l : 04 66 62 62 00 - Fax  : 04 66 23 28 79 - www.gard.gouv.fr\nDirection D\u00e9partementale des Tetrritoires et de la Mer du Gard - 30-2025-01-16-00005 - ART 20241217 mesures protection predation\n2025 RAA 21\nDirection D\u00e9partementale des Tetrritoires et de\nla Mer du Gard\n30-2025-01-16-00002\narr\u00eat\u00e9 d'opposition \u00e0 une d\u00e9claration pr\u00e9alable\nn\u00b0 DP 030 234 24 A0010 d\u00e9pos\u00e9e par SAS\nCENTRALE SOLAIRE UNO DU GARD pour\nl'installation d'une centrale agrivolta\u00efque au sol\nsur la commune de ST-BENEZET\nDirection D\u00e9partementale des Tetrritoires et de la Mer du Gard - 30-2025-01-16-00002 - arr\u00eat\u00e9 d'opposition \u00e0 une d\u00e9claration\npr\u00e9alable n\u00b0 DP 030 234 24 A0010 d\u00e9pos\u00e9e par SAS CENTRALE SOLAIRE UNO DU GARD pour l'installation d'une centrale\nagrivolta\u00efque au sol sur la commune de ST-BENEZET22\ndossier  n\u00b0 DP 030 234 24 A0010Ex\nPR\u00c9FET  date de d\u00e9p\u00f4t  : 09 octobre  2024\nDU GARD  . demandeur  : SAS CENTRALE  SOLAIRE  UNO  DU\nLibert\u00e9  GARD,  repr\u00e9sent\u00e9  par Monsieur  BOURRELIER\n\u00c9galit\u00e9  Jean-Claude\n=  pour : Construction  d'une  centrale  agrivoltaique\nadresse  terrain  : Combe  Courte,  \u00e0 Saint-B\u00e9n\u00e9zet\n(30350)\nARR\u00caT\u00c9  N\u00b0\nd'opposition  \u00e0 une  d\u00e9claration  pr\u00e9alable\nau nom  de l'\u00c9tat\nLe pr\u00e9fet  de Gard,\nChevalier  de la L\u00e9gion  d'honneur,\nChevalier  de l'ordre  national  du M\u00e9rite,\nVu la d\u00e9claration  pr\u00e9alable  pr\u00e9sent\u00e9e  le 09 octobre  2024  par SAS CENTRALE  SOLAIRE  UNO  DU\nGARD,  repr\u00e9sent\u00e9  par  BOURRELIER  Jean-Claude  demeurant  1-5 RUE  Jean  Monnet,  Nogent-sur-Marne\n(94130);  .\nVu l'objet  de la d\u00e9claration  :\n* pour  la construction  d'une  centrale  agrivolta\u00efque  ;\n* sur un terrain  situ\u00e9  Combe  Courte,  \u00e0 Saint-B\u00e9n\u00e9zet  (30350)  ;\n* pour  une  surface  de plancher  cr\u00e9\u00e9e  de 14 m?;\nVu le code  de l'urbanisme  ;\nVu le code  rural  et de la p\u00eache  maritime  ;\nVu les pi\u00e9ces  fournies  en date  du 22/11/2024  ;\nVu la carte  d'al\u00e9as  feu de for\u00eat  (MTDA)  du 17/09/2021  port\u00e9e  \u00e0 connaissance  de la commune  le\n11/10/2021  ;\nVu le port\u00e9  a connaissance  du 19/04/2011  concernant  l'\u00e9volution  du zonage  sismique  dans  le Gard  :\nVu la lettre  du pr\u00e9fet  du Gard  du 08/04/2011  valant  port\u00e9  \u00e0 connaissance  concernant  le risque\nretrait  gonflement  d'argile\nVu l'avis conforme  d\u00e9favorable  de Commission  d\u00e9partementale  de pr\u00e9servation  des espaces\nnaturels,  agricoles  et forestiers  en date  du 08/01/2025  (copie  annex\u00e9e)  ;\nVu l'avis  favorable  avec  prescriptions  du service  d\u00e9partemental  d'incendie  et de secours  du Gard  en\ndate  du 11/10/2024  (copie  annex\u00e9e)  ;\nVu l'avis  d\u00e9favorable  de l'institut  national  de l'origine  et de la qualit\u00e9  en date  du | 18/12/2024  (copie\nannex\u00e9e)  ;\nVu l'avis  favorable  du maire  de Saint-B\u00e9n\u00e9zet  en date  du 18/10/2024  ;\nVu l'avis  r\u00e9put\u00e9  favorable  du maire  de Cassagnoles  ;\nVu l'avis  r\u00e9put\u00e9  favorable  du maire  de L\u00e9dignan  ;\nVu l'avis  favorable  avec  prescriptions  du maire  de Maru\u00e9jols  les Gardon  en date  du 30/10/2024  ;\nConsid\u00e9rant  les dispositions  de l'article  L111-27  du code  de l'urbanisme  qui stipule  que  sont\nconsid\u00e9r\u00e9es  comme  n\u00e9cessaires  \u00e0 l'exploitation  agricole,  pour  l'application  des  articles  L. 111-4,  L.\n151-11  et L. 161-4  du pr\u00e9sent  code,  les installations  agrivolta\u00efques  au sens  de l'article  L. 314-36  du\ncode  de l'\u00e9nergie.\nConsid\u00e9rant  que  l'article  L.314-36  du code  de l'\u00e9nergie  pr\u00e9cise  que  |.-Une  installation  agrivoltaique\nest une  installation  de production  d'\u00e9lectricit\u00e9  utilisant  l'\u00e9nergie  radiative  du soleil  et dont  les\nmodules  sont  situ\u00e9s  sur une  parcelle  agricole  o\u00f9 ils contribuent  durablement  \u00e0 l'installation,  au\n. Maintien  ou au d\u00e9veloppement  d'une  production  agricole  ;\nIl.-Est  consid\u00e9r\u00e9e  comme  agrivolta\u00efque  une  installation  qui apporte  directement  \u00e0 la parcelle\n_ agricole  au moins  l'un  des  services  suivants,  en garantissant  \u00e0 un agriculteur  actif  ou \u00e0 une\nDirection D\u00e9partementale des Tetrritoires et de la Mer du Gard - 30-2025-01-16-00002 - arr\u00eat\u00e9 d'opposition \u00e0 une d\u00e9claration\npr\u00e9alable n\u00b0 DP 030 234 24 A0010 d\u00e9pos\u00e9e par SAS CENTRALE SOLAIRE UNO DU GARD pour l'installation d'une centrale\nagrivolta\u00efque au sol sur la commune de ST-BENEZET23\nexploitation  agricole  a vocation  p\u00e9dagogique  g\u00e9r\u00e9e  par un \u00e9tablissement  relevant  du titre  ler du\nlivre  VIII  du code  rural  et de la p\u00eache  maritime  une  production  agricole  significative  et un revenu\ndurable  en \u00e9tant  issu  : 1\u00b0 L'am\u00e9lioration  du potentiel  et de l'impact  agronomiques  ; 2\u00b0 L'adaptation\nau changement  climatique  ; 3\u00b0 La protection  contre  les al\u00e9as  ; 4\u00b0 L'am\u00e9lioration  du bien-\u00eatre\nanimal  ;\nI.-Ne  peut  pas  \u00eatre  consid\u00e9r\u00e9e  comme.  agrivoltaique  une  installation  qui porte  une  atteinte\nsubstantielle  \u00e0 l'un  des  services  mentionn\u00e9s  aux  1\u00b0 \u00e0 4\u00b0 du II ou une  atteinte  limit\u00e9e  \u00e0 deux  de ces\nservices.IV.-Ne peut pas \u00eatre consid\u00e9r\u00e9e  comme  | agrivolta\u00efque  une installation  qui pr\u00e9sente  au moins l'une\ndes  caract\u00e9ristiques  suivantes  :\n1\u00b0 Elle ne permet  pas \u00e0 la production  agricole  d'\u00eatre  l'activit\u00e9  principale  de la parcelle  agricole  ; 2\u00b0\nElle  n'est  pas  r\u00e9versible  ;\nV.-Un d\u00e9cret  en Conseil  d'Etat  d\u00e9termine  les modalit\u00e9s  d'application  du pr\u00e9sent  attica.  Il pr\u00e9cise\nles services  mentionn\u00e9s  aux  1\u00b0 \u00e0 4\u00b0 du Il ainsi  qu'une  m\u00e9thodologie  d\u00e9finissant  la production\nagricole  significative  et le revenu  durable  en \u00e9tant  issu  [...];\nConsid\u00e9rant  que  l'article  R.314-117  du code  de l'\u00e9nergie  pr\u00e9cise  que  le revenu  issu  de la production\nagricole  est consid\u00e9r\u00e9  comme  durable  lorsque  la moyenne  des revenus  issus  de la vente  des\nproductions  v\u00e9g\u00e9tales  et animales  de l'exploitation  agricole  apr\u00e8s  l'implantation  de l'installation\nagrivoltaique  n'est  pas inf\u00e9rieure  \u00e0 la moyenne  des  revenus  issus  de la vente  des  productions\nv\u00e9g\u00e9tales  et animales  de l'exploitation  agricole  avant  l'implantation  de l'installation  agrivoltaique,\nen tenant  compte  de l'\u00e9volution  de la situation  \u00e9conomique  g\u00e9n\u00e9rale  et de l'exploitation,  selon  des\nmodalit\u00e9s  d\u00e9finies  par  arr\u00eat\u00e9  ;\nConsid\u00e9rant  que  le projet  consiste  en la construction  d'une  centrale  agrivolta\u00efque  sur une  parcelle\nde p\u00e2turage  pour  ovins  de 1,3 ha ;\nConsid\u00e9rant  qu'aucune  \u00e9tude  pr\u00e9alable  agricole  telle que requise  par Vraie  D.12-1-20  du code\nrural  et de la p\u00eache  maritime  n'est  fournie  par  le p\u00e9titionnaire  ;\nConsid\u00e9rant  que  les \u00e9l\u00e9ments  du dossier  n'apportent  pas  d'\u00e9l\u00e9ments  \u00e9conomiques  sur\n'exploitation  en situation  actuels  et future,  notamment  les revenus  agricoles  actuels  et attendus  ;\nConsid\u00e9rant  que le crit\u00e8re  de durabilit\u00e9  du revenu  issu de la production  agricole  n'est pas v\u00e9rifi\u00e9  et\nque  le projet  ne d\u00e9montre  ainsi  pas  son  caract\u00e8re  agrivolta\u00efque  ;\nConsid\u00e9rant  par cons\u00e9quent,  que le projet ne respecte  pas les dispositions  de l'article  LAN 27 du\ncode  de l'urbanisme  ;\nConsid\u00e9rant  que  l'article  L111-3  du code  de l'urbanisme  dispose  qu'en  l'absence  de plan  local\nd'urbanisme,  de tout  document  d'urbanisme  en tenant  lieu  ou de carte  communale,  les\nconstructions  ne peuvent  \u00eatre  autoris\u00e9es  que  dans  les parties  urbanis\u00e9es  de la commune  ;\nConsid\u00e9rant  que  le terrain  du projet  se situe  \u00e0 environ  2,5 km du centre  de Saint-B\u00e9n\u00e9zet  et \u00e0\nenviron  1,25  km de Maru\u00e9jols-les-Gardon  dont  il est s\u00e9par\u00e9  par  des  voies  et une  vaste  plaine  agricole\nvierge  de toute  construction  ;\nConsid\u00e9rant  que  le projet  se situe  \u00e0 proximit\u00e9  d'une  seule  construction  existante  au sein  d'une\nvaste  plaine  \u00e0 vocation  agricole  ;\nConsid\u00e9rant  en cons\u00e9quence  que  le projet  se trouve  en denors  des  parties  urbanis\u00e9es  de la\ncommune  ;\nConsid\u00e9rant  par cons\u00e9quent,  que  le projet  ne respecte  pas les dispositions  de l'article  L111-3  du\ncode  de l'urbanisme  ;\nConsid\u00e9rant  qu'en application  de l'article  L111-4 du code de l'urbanisme,  peuvent  toutefois  \u00eatre\nautoris\u00e9s  en dehors  des  parties  urbanis\u00e9es  de la commune  :\n1\u00b0 L'adaptation,  le changement  de destination,  la r\u00e9fection,  l'extension  des  constructions  existantes\n.ou la construction  de b\u00e2timents  nouveaux  \u00e0 usage  d'habitation  \u00e0 l'int\u00e9rieur  du p\u00e9rim\u00e8tre\nDirection D\u00e9partementale des Tetrritoires et de la Mer du Gard - 30-2025-01-16-00002 - arr\u00eat\u00e9 d'opposition \u00e0 une d\u00e9claration\npr\u00e9alable n\u00b0 DP 030 234 24 A0010 d\u00e9pos\u00e9e par SAS CENTRALE SOLAIRE UNO DU GARD pour l'installation d'une centrale\nagrivolta\u00efque au sol sur la commune de ST-BENEZET24\nregroupant  les b\u00e2timents  d'une  ancienne  exploitation  agricole,  dans  le respect  des  traditions\narchitecturales  locales  ;\n2\u00b0 Les constructions  et installations  n\u00e9cessaires  \u00e0 l'exploitation  agricole,  \u00e0 des  \u00e9quipements\ncollectifs  d\u00e8s  lors  qu'elles  ne sont  pas  incompatibles  avec  l'exercice  d'une  activit\u00e9  agricole,\npastorale  ou foresti\u00e8re  sur le terrain  sur lequel  elles  sont  implant\u00e9es,  \u00e0 la r\u00e9alisation  d'aires  d'accueil\nou de terrains  de passage  des  gens  du voyage,  \u00e0 la mise  en valeur  des  ressources  naturelles  et \u00e0 la :\nr\u00e9alisation  d'op\u00e9rations  d'int\u00e9r\u00eat  national  ;\n2\u00b0 bis Les constructions  et installations  n\u00e9cessaires  \u00e0 la transformation,  au conditionnement  et \u00e0 la\ncommercialisation  des  produits  agricoles,  lorsque  ces  activit\u00e9s  constituent  le prolongement  de\nl'acte  de production  et d\u00e8s  lors  qu'elles  ne sont  pas  incompatibles  avec  l'exercice  d'une  activit\u00e9\nagricole,  pastorale  ou foresti\u00e8re  sur le terrain  sur lequel  elles  sont  implant\u00e9es.  Ces  constructions  et\ninstallations  ne peuvent  pas  \u00eatre  autoris\u00e9es  dans  les zones  naturelles,  ni porter  atteinte  \u00e0 la\nsauvegarde  des  espaces  naturels  et des  paysages.  L'autorisation  d'urbanisme  est soumise  pour  avis  \u00e0\nla commission  d\u00e9partementale  de la pr\u00e9servation  des  espaces  naturels,  agricoles  et forestiers  ;\n3\u00b0 Les constructions  et installations  incompatibles  avec  le voisinage  des zones  habit\u00e9es  et\nl'extension  mesur\u00e9e  des  constructions  et installations  existantes  ;\n4\u00b0 L\u00e8s constructions  ou installations,  sur d\u00e9lib\u00e9ration  motiv\u00e9e  du conseil  municipal,  si celui-ci\nconsid\u00e8re  que  l'int\u00e9r\u00eat  de la commune,  en particulier  pour  \u00e9viter  une  diminution  de la population\ncommunale,  le justifie,  d\u00e8s  lors  qu'elles  ne portent  pas  atteinte  \u00e0 la sauvegarde  des  espaces  naturels\net des  paysages,  \u00e0 la salubrit\u00e9  et \u00e0 la s\u00e9curit\u00e9  publiques,  qu'elles  n'entra\u00eenent  pas  un surcro\u00eet\nimportant  de d\u00e9penses  publiques  et que  le projet  n'est  pas  contraire  aux  objectifs  vis\u00e9s  \u00e0 l'article\nL101-2  et aux  dispositions  des  chapitres  | et Il du titre  Il du livre  ler ou aux  directives  territoriales\nd'am\u00e9nagement  pr\u00e9cisant  leurs  modalit\u00e9s  d'application  ;\nConsid\u00e9rant  que  le projet  concerne  un agriculteur  actuellement  cotisant  solidaire  \u00e0 la MSA,  dont  le\ncheptel  total  porte  sur 7 brebis  ;\nConsid\u00e9rant  que  la r\u00e9alit\u00e9  et le caract\u00e8re  significatif  de l'activit\u00e9  agricole  ne sont  pas  d\u00e9montr\u00e9es,\nnon  plus  que  le caract\u00e8re  n\u00e9cessaire  de la construction  par  rapport  \u00e0 cette  activit\u00e9  ;\nConsid\u00e9rant  par  cons\u00e9quent,  que  le projet  ne r\u00e9pond  \u00e0 aucune  des  exceptions  list\u00e9es  \u00e0 l'article\nL111-4  du code  de l'urbanisme  ;\nConsid\u00e9rant  en cons\u00e9quence  que  le projet  ne respecte  pas  les dispositions  l\u00e9gislatives  et\nr\u00e9glementaires  applicables  ;\nARR\u00caTE\nArticle  1\nIl est fait OPPOSITION  \u00e0 la d\u00e9claration  pr\u00e9alable.\nLa pr\u00e9sente  d\u00e9cision  peut  faire  l'objet  d'un  recours  contentiebx  devant  le tribunal  administratif\nterritorialement  comp\u00e9tent  dans  le d\u00e9lai  de deux  mois  \u00e0 compter  de la date  de sa notification.\nCe recours  peut  \u00eatre  effectu\u00e9  au moyen  de l'application  informatique  \"T\u00e9l\u00e9recours  citoyens\"\naccessible  par  le site  internet  www.telerecours.fr.\nDirection D\u00e9partementale des Tetrritoires et de la Mer du Gard - 30-2025-01-16-00002 - arr\u00eat\u00e9 d'opposition \u00e0 une d\u00e9claration\npr\u00e9alable n\u00b0 DP 030 234 24 A0010 d\u00e9pos\u00e9e par SAS CENTRALE SOLAIRE UNO DU GARD pour l'installation d'une centrale\nagrivolta\u00efque au sol sur la commune de ST-BENEZET25\nDirection des Services D\u00e9partementaux de\nl'Education Nationale du Gard\n30-2025-01-14-00002\nARRETE PORTANT AGREMENT DE JEUNESSE ET\nD'EDUCATION POPULAIRE ASSOCIATION LO\nQUINTET\nDirection des Services D\u00e9partementaux de l'Education Nationale du Gard - 30-2025-01-14-00002 - ARRETE PORTANT AGREMENT DE\nJEUNESSE ET D'EDUCATION POPULAIRE ASSOCIATION LO QUINTET 26\nE LA . Service  d\u00e9partemental  a la jeunesse,  a\nACADEMIE  peporit:  a  l'engagement  et aux sports\nDE MONTPELLIER  du Gard\nLibert\u00e9\n\u00c9galit\u00e9\nFraternit\u00e9\nArr\u00eat\u00e9  n\u00b0 du\nPortant  agr\u00e9ment  d\u00e9partemental  de jeunesse  et d'\u00e9ducation  populaire  de\nl'association  LO QUINQUET\nVu la loi n\u00b0 2001-624  du 17 juillet  2001  et en particulier  l'article  8 relatif  \u00e0 l'agr\u00e9ment  des  associations  de\njeunesse  et d'\u00e9ducation  populaire,  modifi\u00e9  par la loi n\u00b0 2021-1109  du 24 ao\u00fbt  2021  confortant  le respect  des\nprincipes  de la R\u00e9publique\nVu la loi n\u00b0 2000-321  du 12 avril  2000  relative  aux  droits  des  citoyens  dans  leurs  relations  avec  les\nadministrations  ;\nVu le d\u00e9cret  n\u00b0 2002-571  du 22 avril  2002  portant  application  du premier  alin\u00e9a  de l'article  8 de la loi n\u00b0 2001-\n624  du 17 juillet  2001  et relatif  \u00e0 l'agr\u00e9ment  des  associations  de jeunesse  et d'\u00e9ducation  populaire  ;\nVu le d\u00e9cret  n\u00b0 2017-908  du 6 mai  2017  portant  application  de l'article  25-1  de la loi n\u00b0 2000-321  du 12 avril\n2000  relative  aux  droits  des  citoyens  dans  leurs  relations  avec  les administrations  ;\nVu le d\u00e9cret  n\u00b0 2021-1947  du 31 d\u00e9cembre  2021  pris  pour  l'application  de l'article  10-1  de la loi n\u00b0 2000-321  du\n12 avril  2000  et approuvant  le contrat  d'engagement  r\u00e9publicain  des  associations  et fondations  b\u00e9n\u00e9ficiant\nde subventions  publiques  ou d'un  agr\u00e9ment  de l'Etat  ;\nVu le d\u00e9cret  du 5 f\u00e9vrier  2020 portant  nomination  de Mme Sophie  B\u00c9JEAN,  rectrice  de la r\u00e9gion acad\u00e9mique\nOccitanie,  rectrice  de l'acad\u00e9mie  de Montpellier,  chanceli\u00e9re  des  universit\u00e9s  ;\nVu le d\u00e9cret  du 28 ao\u00fbt  2023  portant  nomination  de M. Christophe  MAUNY  directeur  acad\u00e9mique  des\nservices  de l'\u00e9ducation  nationale  du Gard  ;\nConsid\u00e9rant  le dossier  de demande  (renouvellement)  d'agr\u00e9ment  transmis  par  l'association  ci- Eau\nd\u00e9sign\u00e9e  ;\nConsid\u00e9rant  que  l'association  ci-dessous  d\u00e9sign\u00e9e  respecte  les crit\u00e8res  du tronc  commun  d'agr\u00e9ment  des\nassociations,  comme  attest\u00e9  par  l'arr\u00eat\u00e9  n\u00b0 30-2025-01-08-00004,\nConsid\u00e9rant  l'engagement  de respect  du contrat  d'engagement  r\u00e9publicain  formalis\u00e9  par  l'association  dans\nle cadre  de sa demande  d'agr\u00e9ment  ;\nArticle  1\u00b0: l'agr\u00e9ment  d\u00e9partemental  de jeunesse  et d'\u00e9ducation  populaire  (JEP)  pr\u00e9vu  par le d\u00e9cret  du 22\navril  2022  susvis\u00e9  est accord\u00e9  \u00e0 |' association  : LO QUINQUET\nSi\u00e8ge  social:  MONOBLET  30170\nNum\u00e9ro  RNA:  W303000334\nNum\u00e9ro  d'agr\u00e9ment  : 30/JEP/06/24\nArticle  2 : l'agr\u00e9ment  JEP de l'association  LO QUINQUET  est accord\u00e9  pour  une  dur\u00e9e  de cing  ans \u00e0 compter\nde la date  de publication  du pr\u00e9sent  arr\u00eat\u00e9.\nArr\u00eat\u00e9  Jeunesse  Education  Populaire  n\u00b0 30/JEP/06/24\nDirection des Services D\u00e9partementaux de l'Education Nationale du Gard - 30-2025-01-14-00002 - ARRETE PORTANT AGREMENT DE\nJEUNESSE ET D'EDUCATION POPULAIRE ASSOCIATION LO QUINTET 27\nArticle  3 : l'association  LO QUINQUET  est r\u00e9put\u00e9e  satisfaire  aux  conditions  de l'article  25-1  de la loi 2021-624\ndu 17 juillet  2001  modifi\u00e9e.  L'association  peut  se pr\u00e9valoir  du respect  de ces  conditions  dans  le cadre  de\ntoutes  proc\u00e9dures  d'agr\u00e9ment  pr\u00e9vue  par  la l\u00e9gislation  pendant  une  p\u00e9riode  de cing  ans  \u00e0 compter  de la\ndate  de publication  du pr\u00e9sent  arr\u00e9t\u00e9.  .\nArticle  4: l'association  LO QUINQUET  adressera  chaque  ann\u00e9e  au service  d\u00e9partemental  \u00e0 la jeunesse,  \u00e0\nl'engagement  et aux  sports  du Gard,  le proc\u00e8s-verbal  de l'assembl\u00e9e  g\u00e9n\u00e9rale,  le rapport  financier  de\nl'exercice  \u00e9coul\u00e9,  le rapport  annuel  d'activit\u00e9s.\nL'association  mentionn\u00e9e  ci-dessus  informera  le service  d\u00e9partemental  \u00e0 la jeunesse,  \u00e0 l'engagement,  et aux\nsports  du Gard,  de toute  modification  de statuts,  de changement  de si\u00e8ge  social,  de composition  du bureau.\nArticle  5: le pr\u00e9sent  arr\u00eat\u00e9  est susceptible,  dans  un d\u00e9lai  de deux  mois  \u00e0 compter  de sa notification,  de\nfaire  l'objet  :\n-soit  d'un  recours  gracieux  devant  l'auteur  de la d\u00e9cision,\n-soit  d'un  recours  hi\u00e9rarchique,\n-soit  s'Un  recours  contentieux  devant  le tribunal  administratif  de Montpellier.  Le tribunal  administratif  peut\naussi  \u00eatre  saisi  par  l'application  informatique  \u00abT\u00e9l\u00e9recours  Citoyens\u00bb  accessible  sur le site\nwww.telerecours.fr.  .\nEn cas  de rejet  implicite  ou explicite  du recours  gracieux  ou hi\u00e9rarchique,  selon  les dispositions  de l'article\nR.421-1  du code  de justice  administrative,  Un recours  contentieux  peut  \u00eatre  exerc\u00e9  dans  un d\u00e9lai  de deux  mois\n\u00e0 compter  de ce rejet.\nArticle  6: le directeur  acad\u00e9mique  des  services  de l'Education  nationale  du Gard  est charg\u00e9  de l'ex\u00e9cution\ndu pr\u00e9sent  arr\u00eat\u00e9  qui  sera  publi\u00e9  au recueil  des  actes  administratifs  de la pr\u00e9fecture  et notifi\u00e9  aux int\u00e9ress\u00e9s.\nArticle  7 : le pr\u00e9sent  arr\u00eat\u00e9  portant  agr\u00e9ment  d\u00e9partemental  de jeunesse  et d'\u00e9ducation  populaire\nde l'association  LO QUINQUET  abroge  l'arr\u00eat\u00e9  n\u00b0 30-2025-01-05-00005.\nFait \u00e0 N\u00eemes,  le Ak Jar  de K\nLe directeur  acad\u00e9mique  des services\nde l'\u00e9ducation  nationale  du Gard\nM. Christophe  MAUNY\nArr\u00e9t\u00e9  Jeunesse  Education  Populaire  n\u00b0 30/JEP/06/24\nDirection des Services D\u00e9partementaux de l'Education Nationale du Gard - 30-2025-01-14-00002 - ARRETE PORTANT AGREMENT DE\nJEUNESSE ET D'EDUCATION POPULAIRE ASSOCIATION LO QUINTET 28\nDirection des Services D\u00e9partementaux de\nl'Education Nationale du Gard\n30-2025-01-15-00002\narr\u00eat\u00e9 portant agr\u00e9ment d\u00e9partemental d'une\nassociation sportive - association rando cano\u00eb\nkayak de Vallabr\u00e8gues\nDirection des Services D\u00e9partementaux de l'Education Nationale du Gard - 30-2025-01-15-00002 - arr\u00eat\u00e9 portant agr\u00e9ment\nd\u00e9partemental d'une association sportive - association rando cano\u00eb kayak de Vallabr\u00e8gues 29\n| | Service  d\u00e9partemental  \u00e0 la jeunesse,  \u00e0\nPR\u00c9FET  l'engagement  et aux sports  du Gard\nDU GARD  |\nLibert\u00e9\nEgalit\u00e9\nFraternit\u00e9\nARRETE  PREFECTORAL  N\u00b0\ndu 15 JAN. 2025\nPORTANT  AGREEMENT  DEPARTEMENTAL  D'UNE  ASSOCIATION  SPORTIVE\nLe pr\u00e9fet  du Gard\nChevalier  de l'ordre  de la L\u00e9gion  d'honneur\nChevalier  de l'ordre  national  du M\u00e9rite\nVu la loi n\u00b0 2021-1109  du 24 ao\u00fbt  2021  confortant  le respect  des  principes  de la R\u00e9publique  ;\nVu les articles  L121-4  et R121-1  et suivants  du code  du sport  relatifs  \u00e0 l'agr\u00e9ment  des\nassociations  sportives  ;\nVu les articles  R.222-17,  R.222-17-1  et R.222-20  du code  de l'\u00e9ducation  ;\nVu le d\u00e9cret  du 13 juillet  2023  portant  nomination  du pr\u00e9fet  du Gard  - M. BONET  (J\u00e9r\u00f4me);\nVu le d\u00e9cret  n\u00b0 2021-1947  du 31 d\u00e9cembre  2021  pris pour  l'application  de l'article  10-1 de la\nloi n\u00b0 2000-321  du 12 avril  2000  et approuvant  le contrat  d'engagement  r\u00e9publicain  des\nassociations  et fondations  b\u00e9n\u00e9ficiant  de subventions  publiques  ou d'un  agr\u00e9ment  de\nl'Etat  ;\nVu le d\u00e9cret  n\u00b0 2022-877  du 10 juin  2022  relatif  aux  conditions  d'attribution  et de retrait  de\nl'agr\u00e9ment  accord\u00e9  aux  associations  et aux  f\u00e9d\u00e9rations  sportives  ;\nVu le d\u00e9cret  n\u00b0 2020-1542  du 9 d\u00e9cembre  2020  relatif  aux  comp\u00e9tences  des  autorit\u00e9s\nacad\u00e9miques  dans  le domaine  des  politiques  de la jeunesse,  de l'\u00e9ducation  populaire,  de la\nvie associative,  de l'engagement  civique  et des sports  et \u00e0 l'organisation  des services  charg\u00e9s\nde leur  mise  en \u0153uvre  ; :\nVu le d\u00e9cret  n\u00b0 2020-1543  du 9 d\u00e9cembre  2020  relatifs  aux services  d\u00e9concentr\u00e9s  du\nminist\u00e8re  de l'\u00e9ducation  nationale,  de la jeunesse  et des  sports  et du minist\u00e8re  de\nl'enseignement  sup\u00e9rieur,  de la recherche  et de l'innovation  ;\nVu l'arr\u00eat\u00e9  du 18 d\u00e9cembre  2020  portant  organisation  de la direction  de r\u00e9gion  acad\u00e9mique\n\u00e0 la jeunesse,  \u00e0 l'engagement  et aux  sports  Occitanie  et des  services  d\u00e9partementaux  de la\njeunesse,  de l'engagement  et des  sports  de la r\u00e9gion  Occitanie  ;\nVu l'arr\u00eat\u00e9  n\u00b0 30-2024-12-18-00003  portant  reconnaissance  du tronc  commun  d'agr\u00e9ment\nde l'association  Rando  Cano\u00eb  Kayak  de Vallabr\u00e8gues  ;\nDirection des Services D\u00e9partementaux de l'Education Nationale du Gard - 30-2025-01-15-00002 - arr\u00eat\u00e9 portant agr\u00e9ment\nd\u00e9partemental d'une association sportive - association rando cano\u00eb kayak de Vallabr\u00e8gues 30\nConsid\u00e9rant  le dossier  de demande  d'agr\u00e9ment  pr\u00e9sent\u00e9  par  l'association  Rando  Cano\u00eb\nKayak  de Vallabr\u00e8gues  ;\nConsid\u00e9rant  que  l'association  remplit  bien  les conditions  requises  ;\nSur  proposition  du chef  du service  d\u00e9partemental  \u00e0 la jeunesse,  \u00e0 l'engagement  et aux  sportsJ \u00e9\nARRETE\nArticle  17 : l'agr\u00e9ment  pr\u00e9vu  par  l'article  L121-4  du code  du sport  est accord\u00e9  \u00e0\nl'association  dont  le nom  suit  : Association  Rando  Cano\u00eb  Kayak  de Vallabr\u00e8gues  (RNA  :\nW302012718)\nArticle  2 : cet  agr\u00e9ment  est attribu\u00e9  pour  une  dur\u00e9e  de 5 ans  sauf  si l'association  ne\nremplit  plus  les conditions  qui lui ont  permis  d'obtenir  l'agr\u00e9ment  sport.\nArticle  3 : l'agr\u00e9ment  peut  \u00eatre  retir\u00e9  lorsque  l'association  qui en b\u00e9n\u00e9ficie  ne justifie  plus\ndu respect  des conditions  pr\u00e9vues  pour  son attribution  rappel\u00e9s  au R121-3  du code  du\nsport.\nArticle  4: l'association  mentionn\u00e9e  ci-dessus  adressera  chaque  ann\u00e9e  au service\nd\u00e9partemental  \u00e0 la jeunesse,  \u00e0 l'engagement,  et aux  sports,  le proc\u00e8s-verbal  de l'assembl\u00e9e\ng\u00e9n\u00e9rale,  le rapport  financier  de l'exercice  \u00e9coul\u00e9,  le rapport  annuel  d'activit\u00e9s.\nArticle  5: l'association  mentionn\u00e9e  ci-dessus  informera  au service  d\u00e9partemental  \u00e0 la\nJeunesse,  \u00e0 l'engagement,  et aux  sports,  de toute  modification  de statuts,  de changement\nde si\u00e8ge  social,  de composition  du bureau.\nArticle  6 : le pr\u00e9sent  arr\u00eat\u00e9  est susceptible,  dans  un d\u00e9lai  de deux  mois  \u00e0 compter  de sa\nnotification,  de faire  l'objet  :\n-soit  d'un  recours  gracieux  devant  l'auteur  de la d\u00e9cision,\n-soit  d'un  recours  hi\u00e9rarchique  aupr\u00e8s  du ministre  d\u00e9missionnaire  charg\u00e9  de sports,  - 95\navenue  de France  - 75650  Paris  cedex  13 ; |\n-soit  s'Un  recours  contentieux  devant  le tribunal  administratif  de Nimes  - 16 avenue\nFeuch\u00e8res,  30000  N\u00eemes.  Le tribunal  administratif  peut  aussi  \u00eatre  saisi  par l'application\ninformatique  \u00ab T\u00e9l\u00e9recours  Citoyens  \u00bb accessible  sur le site  www.telerecours.fr  .\nEn cas  de rejet  implicite  ou explicite  du recours  gracieux  ou hi\u00e9rarchique,  selon  les\ndispositions  de l'article  R.421-1  du code  de justice  administrative,  un recours  contentieux\npeut  \u00eatre  exerc\u00e9  dans  un d\u00e9lai  de deux  mois  \u00e0 compter  de ce rejet.\nArticle  7 : le chef  du service  d\u00e9partemental  \u00e0 la jeunesse,  \u00e0 l'engagement  et aux  sports  est\ncharg\u00e9  de l'ex\u00e9cution  du pr\u00e9sent  arr\u00eat\u00e9  qui sera  publi\u00e9  au recueil  des  actes  administratifs  de\nla Pr\u00e9fecture  et notifi\u00e9  aux  int\u00e9ress\u00e9s.\nPour  le prefet,\n__\u2014\"\u00cee  secr\u00e9taije  g\u00e9n\u00e9ral\n; TT  Cc.\nweia ee\n\u2014\u2014\u2014  Yann GERAR\nDirection des Services D\u00e9partementaux de l'Education Nationale du Gard - 30-2025-01-15-00002 - arr\u00eat\u00e9 portant agr\u00e9ment\nd\u00e9partemental d'une association sportive - association rando cano\u00eb kayak de Vallabr\u00e8gues 31\nPrefecture du Gard\n30-2025-01-15-00016\nARR\u00caT\u00c9 PR\u00c9FECTORAL DE MODIFICATION\nVIDEOPROTECTION CREDIT AGRICOLE (DAB) LE\nGRAU DU ROI 2025\nPrefecture du Gard - 30-2025-01-15-00016 - ARR\u00caT\u00c9 PR\u00c9FECTORAL DE MODIFICATION VIDEOPROTECTION CREDIT AGRICOLE (DAB)\nLE GRAU DU ROI 2025 32\nPREFET  ; ;DU GARD  | Cabinet  du Pr\u00e9fet\nLite  Direction  des S\u00e9curit\u00e9s\n\u00c9raternit\u00e9  Service  d'Animation  des  Politiques  de S\u00e9curit\u00e9  Int\u00e9rieure\nBureau  des  Polices  Administratives\nArr\u00eat\u00e9  n\u00b0 30-2025-01-15-032\nportant  modification  de l'autorisation  de fonctionnement  d'un  syst\u00e8me  de vid\u00e9oprotection\nLe pr\u00e9fet  du gard,\n_ Chevalier  de la L\u00e9gion  d'Honneur,\nChevalier  de l'Ordre  National  du M\u00e9rite,\nVu le titre  V du livre  II de la partie  l\u00e9gislative  et de la partie  r\u00e9glementaire  du code  de la\ns\u00e9curit\u00e9  int\u00e9rieure  ;\nVu le code  civil  et notamment  son  article  9;\nVu le nouveau  code  p\u00e9nal  et notamment  son  article  226-1  ;\nVu le d\u00e9cret  n\u00b0 2015-489  du 29 avril 2015 relatif  \u00e0 la vid\u00e9oprotection  3\nVu le d\u00e9cret  du 13 juillet  2023 nommant  M. J\u00e9r\u00f4me  BONET,  pr\u00e9fet  du Gard;\nVu l'arr\u00eat\u00e9  minist\u00e9riel  et la circulaire  du 3 ao\u00fbt  2007  portant  d\u00e9finition  des normes  techniques\ndes  syst\u00e8mes  de vid\u00e9oprotection  ;\nVu l'arr\u00eat\u00e9  pr\u00e9fectoral  n\u00b02019289-080  du 16 octobre  2019  portant  autorisation  de\nfonctionnement  d'un  syst\u00e8me  de vid\u00e9oprotection  ; . :\nVu l'arr\u00eat\u00e9  pr\u00e9fectoral  n\u00b0 30-2024-10-18-00009  du 18 octobre  2024  donnant  d\u00e9l\u00e9gation  de signa-\nture  \u00e0 Mme  Marie-Charlotte  EUVRARD,  sous-pr\u00e9f\u00e8te,  directrice  de cabinet  du pr\u00e9fet  du\nGard  ;\nVu l'arr\u00eat\u00e9  pr\u00e9fectoral  n\u00b0 30-2024-11-28-00004  du 28 novembre  2024  donnant  d\u00e9l\u00e9gation  de si-\ngnature  \u00e0 M. Franck  LACOSTE,  directeur  des s\u00e9curit\u00e9s,  directeur  adjoint  de cabinet  du pr\u00e9fet\ndu Gard;  |\nVu la circulaire  n\u00b0 INT  D09/00057/C  du 12 mars  2009  relative  aux  conditions  de d\u00e9ploiement\ndes  syst\u00e8mes  de vid\u00e9oprotection  ;\nVu la demande  de modification  de fonctionnement  d'un  syst\u00e8me  de vid\u00e9oprotection\npr\u00e9sent\u00e9e  par le responsable  des personnes  et des biens  pour  l'\u00e9tablissement  CREDIT\nAGRICOLE  (DAB)  sise  60 quai  du Moussaillon  au GRAU  DU ROI;\nVu l'avis  du r\u00e9f\u00e9rent  s\u00fbret\u00e9  ;\nVu l'avis  de la commission  d\u00e9partementale  des syst\u00e8mes  de vid\u00e9oprotection  r\u00e9unie  le 11\nd\u00e9cembre  2024  ;\nSur proposition  de la directrice  de cabinet  du pr\u00e9fet  du Gard.\nPrefecture du Gard - 30-2025-01-15-00016 - ARR\u00caT\u00c9 PR\u00c9FECTORAL DE MODIFICATION VIDEOPROTECTION CREDIT AGRICOLE (DAB)\nLE GRAU DU ROI 2025 33\n'Arr\u00eate  :\nArticle  1 : Le responsable  des personnes  et des biens  pour  l'\u00e9tablissement  CR\u00c9DIT  AGRICOLE\n(DAB)  du GRAU  DU ROI  est autoris\u00e9  \u00e0 modifier  son  syst\u00e8me  de vid\u00e9oprotection.  Cette\nautorisation  est valable  pour  une  dur\u00e9e  de cinq  ans  renouvelable.\nLa pr\u00e9sente  autorisation  est d\u00e9livr\u00e9e  sans  pr\u00e9judice  des  droits  des  tiers.\nCette  modification  intervient  sur l'installation  de vid\u00e9oprotection  pr\u00e9c\u00e9demment  autoris\u00e9e\npar  arr\u00eat\u00e9  pr\u00e9fectoral  n\u00b020198289-080  susvis\u00e9.\nArticle  2: les modifications  portent  sur la suppression  des  6 cam\u00e9ras  int\u00e9rieures  et le\nmaintient  de la cam\u00e9ra  ext\u00e9rieure  soit  un total  d'une  cam\u00e9ra  ext\u00e9rieure.\nArticle  3: Le reste  des dispositions  pr\u00e9vues  par l'arr\u00eat\u00e9  n\u00b02019289-080  du 16 octobre  2019\ndemeure  applicable.\nArticle  4 : la directrice  de cabinet  du pr\u00e9fet  du Gard,  le directeur  interd\u00e9partemental  de la\npolice  nationale  du Gard,  le commandant  du groupement  de gendarmerie  du Gard  sont\ncharg\u00e9s,  chacun  en ce qui le concerne,  de l'ex\u00e9cution  du pr\u00e9sent  arr\u00eat\u00e9  qui sera publi\u00e9  au\nrecueil  des  actes  administratifs  de la pr\u00e9fecture.  Un exemplaire  de cette  d\u00e9cision  sera  notifi\u00e9\naux  p\u00e9titionnaires  ainsi  qu'\u00e0  la mairie  d'implantation.\njamiu  CoeS\nMarie-Charlotte EUVRARD\nPrefecture du Gard - 30-2025-01-15-00016 - ARR\u00caT\u00c9 PR\u00c9FECTORAL DE MODIFICATION VIDEOPROTECTION CREDIT AGRICOLE (DAB)\nLE GRAU DU ROI 2025 34\nPrefecture du Gard\n30-2025-01-15-00018\nARR\u00caT\u00c9 PR\u00c9FECTORAL DE MODIFICATION\nVIDEOPROTECTION CREDIT AGRICOLE -\nGOELANDS - NIMES 2025\nPrefecture du Gard - 30-2025-01-15-00018 - ARR\u00caT\u00c9 PR\u00c9FECTORAL DE MODIFICATION VIDEOPROTECTION CREDIT AGRICOLE -\nGOELANDS - NIMES 2025 35\nPREFET  . \u00e9\nDU GARD  Cabinet  du Pr\u00e9fet\nLibert\u00e9  | Direction  des  S\u00e9curit\u00e9s\nPraterni\u00e9t  Service  d'Animation  des Politiques  de S\u00e9curit\u00e9  Int\u00e9rieure\nBureau  des  Polices  Administratives\nArr\u00eat\u00e9  n\u00b0 30-2025-01-15-033\nportant  modification  de l'autorisation  de fonctionnement  d'un  syst\u00e8me  de vid\u00e9oprotection\nLe pr\u00e9fet  du gard,\nChevalier  de la L\u00e9gion  d'Honneur,\nChevalier  de l'Ordre  National  du M\u00e9rite,\nVu le titre  V du livre  Il de la partie  l\u00e9gislative  et de la partie  r\u00e9glementaire  du code  de la\ns\u00e9curit\u00e9  int\u00e9rieure  ;\nVu le code  civil et notamment  son article  9 :\nVu le nouveau  code  p\u00e9nal  et notamment  son  article  226-1  ;\nVu le d\u00e9cret  n\u00b0 2015-489  du 29 avril 2015 relatif  a la vid\u00e9oprotection  ;\nVu le d\u00e9cret  du 13 juillet  2023  nommant  M. J\u00e9r6me  BONET,  pr\u00e9fet  du Gard  ;\nVu l'arr\u00eat\u00e9  minist\u00e9riel  et la circulaire  du 3 ao\u00fbt  2007  portant  d\u00e9finition  des normes  techniques\ndes  syst\u00e8mes  de vid\u00e9oprotection  ;\nVu l'arr\u00eat\u00e9  pr\u00e9fectoral  n\u00b02011283-0029  du 10 octobre  2011  portant  autorisation  de\nfonctionnement  d'un  syst\u00e8me  de vid\u00e9oprotection  ;\nVu l'arr\u00eat\u00e9  pr\u00e9fectoral  n\u00b02017100-022  du 10 avril  2017  portant  renouvellement  de\nfonctionnement  d'un  syst\u00e8me  de vid\u00e9oprotection  ;\nVu l'arr\u00eat\u00e9  pr\u00e9fectoral  n\u00b0 30-2024-10-18-00009  du 18 octobre  2024  donnant  d\u00e9l\u00e9gation  de signa-\nture  \u00e0 Mme  Marie-Charlotte  EUVRARD,  sous-pr\u00e9f\u00e8te,  directrice  de cabinet  du pr\u00e9fet  du\nGard  ;\nVu l'arr\u00eat\u00e9  pr\u00e9fectoral  n\u00b0 30-2024-11-28-00004  du 28 novembre  2024  donnant  d\u00e9l\u00e9gation  de si-\ngnature  \u00e0 M. Franck  LACOSTE,  directeur  des  s\u00e9curit\u00e9s,  directeur  adjoint  de cabinet  du pr\u00e9fet\ndu Gard  ;\nVu la circulaire  n\u00b0 INT p09/00057/C  du 12 mars 2009 relative  aux conditions  de d\u00e9ploiement\ndes  syst\u00e8mes  de vid\u00e9oprotection  ;\nVu la demande  de modification  de fonctionnement  d'un  syst\u00e8me  de vid\u00e9oprotection\npr\u00e9sent\u00e9e  par le responsable  des  personnes  et des  biens  pour  l'\u00e9tablissement  CREDIT\nAGRICOLE  sise 195 rue des Go\u00e9lands  \u00e0 N\u00ceMES  ;\nVu l'avis  du r\u00e9f\u00e9rent  s\u00fbret\u00e9  ;\nVu l'avis  de la commission  d\u00e9partementale  des  syst\u00e8mes  de vid\u00e9oprotection  r\u00e9unie  le 11\nd\u00e9cembre  2024  ;\nSur proposition  de la directrice  de cabinet  du pr\u00e9fet  du Gard.\nPrefecture du Gard - 30-2025-01-15-00018 - ARR\u00caT\u00c9 PR\u00c9FECTORAL DE MODIFICATION VIDEOPROTECTION CREDIT AGRICOLE -\nGOELANDS - NIMES 2025 36\nArr\u00e9te:\nArticle  1: Le responsable  des personnes  et des biens  pour  l'\u00e9tablissement  CREDIT  AGRICOLE\nde NIMES  est autoris\u00e9  \u00e0 modifier  son syst\u00e8me  de vid\u00e9oprotection.  Cette  autorisation  est\nvalable  pour  une  dur\u00e9e  de cing  ans  renouvelable.\nLa pr\u00e9sente  autorisation  est d\u00e9livr\u00e9e  sans  pr\u00e9judice  des  droits  des  tiers.\n_ Cette  modification  intervient  sur l'installation  de vid\u00e9oprotection  pr\u00e9c\u00e9demment  autoris\u00e9e\npar  arr\u00eat\u00e9  pr\u00e9fectoral  n\u00b02017100-022  du 10 avril  2017  susvis\u00e9.\nArticle  2: les modifications  portent  sur l'extension  du syst\u00e8me  par  1 cam\u00e9ra  ext\u00e9rieure\nsuppl\u00e9mentaire  soit  un total  de 5 cam\u00e9ras  int\u00e9rieures  et  1 cam\u00e9ra  ext\u00e9rieure.\nArticle  3: Le reste  des  dispositions  pr\u00e9vues  par l'arr\u00eat\u00e9  n\u00b02017100-022  du 10 avril  2017\ndemeure  applicable.\nArticle  4 : la directrice  de cabinet  du pr\u00e9fet  du Gard,  le directeur  interd\u00e9partemental  de la\npolice  nationale  du Gard,  le commandant  du groupement  de gendarmerie  du Gard  sont\ncharg\u00e9s,  chacun  en ce qui le concerne,  de l'ex\u00e9cution  du pr\u00e9sent  arr\u00eat\u00e9  qui sera  publi\u00e9  au\nrecueil  des  actes  administratifs  de la pr\u00e9fecture.  Un exemplaire  de cette  d\u00e9cision  sera  notifi\u00e9\naux  p\u00e9titionnaires  ainsi  qu'\u00e0  la mairie  d'implantation.\n2 bray 2%Nimes, le AS jaw vier oa\nLe Pr\u00e9ffite pr\u00e9tet\nla sous-pr\u00e9f\u00e8te\nsees  ge de cabinet\nMarie-Charlotte EUVRARD\nPrefecture du Gard - 30-2025-01-15-00018 - ARR\u00caT\u00c9 PR\u00c9FECTORAL DE MODIFICATION VIDEOPROTECTION CREDIT AGRICOLE -\nGOELANDS - NIMES 2025 37\nPrefecture du Gard\n30-2025-01-15-00015\nARR\u00caT\u00c9 PR\u00c9FECTORAL DE MODIFICATION\nVIDEOPROTECTION HYPER U ALES 2025\nPrefecture du Gard - 30-2025-01-15-00015 - ARR\u00caT\u00c9 PR\u00c9FECTORAL DE MODIFICATION VIDEOPROTECTION HYPER U ALES 2025 38\nPREFET  | |\nDU GARD  :_ Cabinet  du Pr\u00e9fet\nLibert\u00e9  Direction  des S\u00e9curit\u00e9s\nFraternit  Service  d'Animation  des Politiques  de S\u00e9curit\u00e9  Int\u00e9rieure\nBureau  des  Polices  Administratives\nArr\u00e9t\u00e9  n\u00b0 30-2025-01-15-031\nportant  modification  de l'autorisation  de fonctionnement  d'un  syst\u00e8me  de vid\u00e9oprotection\nLe pr\u00e9fet  du gard,\nChevalier  de la L\u00e9gion  d'Honneur,\nChevalier  de l'Ordre  National  du M\u00e9rite,\nVu le titre  V du livre  Il de la partie  l\u00e9gislative  et de la partie  r\u00e9glementaire  du code  de la\ns\u00e9curit\u00e9  int\u00e9rieure  ;\nVu le code  civil  et notamment  son article  9;\nVu le nouveau  code  p\u00e9nal  et notamment  son article  226-1  ;\nVu le d\u00e9cret  n\u00b0 2015-489  du 29 avril 2015 relatif  a la vid\u00e9oprotection  ;\nVu le d\u00e9cret  du 13 juillet 2023 nommant  M. J\u00e9r\u00f4me  BONET,  pr\u00e9fet du Gard :\nVu l'arr\u00eat\u00e9  minist\u00e9riel  et la circulaire  du 3 ao\u00fbt  2007  portant  d\u00e9finition  des normes  techniques\ndes  syst\u00e8mes  de vid\u00e9oprotection  ;\nVu l'arr\u00eat\u00e9  pr\u00e9fectoral  n\u00b02017044-058  du 13 f\u00e9vrier 2017 portant  autorisation  de\nfonctionnement  d'un  syst\u00e8me  de vid\u00e9oprotection  ;\nVu l'arr\u00eat\u00e9  pr\u00e9fectoral  n\u00b02022186-064  du 5 juillet 2022 portant  renouvellement  d'un sst\u00e9nie\nde vid\u00e9oprotection  ;\nVu l'arr\u00eat\u00e9  pr\u00e9fectoral  n\u00b0 30-2024-10-18-00009  du 18 octobre  2024 donnant  d\u00e9l\u00e9gation  de signa-\nture  \u00e0 Mme  Marie-Charlotte  EUVRARD,  sous-pr\u00e9f\u00e8te,  directrice  de cabinet  du pr\u00e9fet  du\nGard  ;\nVu l'arr\u00eat\u00e9  pr\u00e9fectoral  n\u00b0 30-2024-11-28-00004  du 28 novembre  2024  donnant  d\u00e9l\u00e9gation  de si-\ngnature  \u00e0 M. Franck  LACOSTE,  directeur  des s\u00e9curit\u00e9s,  directeur  de cabinet  adjoint  du pr\u00e9fet\ndu Gard;\nVu la circulaire  n\u00b0 INT D09/00057/C  du 12 mars  2009  relative  aux conditions  de d\u00e9ploiement\ndes  syst\u00e8mes  de vid\u00e9oprotection  ;\nVu la demande  de modification  de fonctionnement  d'un  syst\u00e8me  de vid\u00e9oprotection  |\npr\u00e9sent\u00e9e  par l'\u00e9tablissement  HYPER  U sise avenue  Olivier  Serres  \u00e0 ALES  ;\nVu l'avis  du r\u00e9f\u00e9rent  s\u00fbret\u00e9  ;\nVu l'avis  de la commission  d\u00e9partementale  aes syst\u00e8mes  de vid\u00e9oprotection  r\u00e9unie  le 11\nd\u00e9cembre  2024  ;\nSur proposition  de la directrice  de cabinet  du pr\u00e9fet  du Gard.\nPrefecture du Gard - 30-2025-01-15-00015 - ARR\u00caT\u00c9 PR\u00c9FECTORAL DE MODIFICATION VIDEOPROTECTION HYPER U ALES 2025 39\nArr\u00e9te:\nArticle  1: L'\u00e9tablissement  HYPER  U d'ALES  est autoris\u00e9  \u00e0 modifier  son  syst\u00e8me  de\nvid\u00e9oprotection.  Cette  autorisation  est valable  pour  une  dur\u00e9e  de cing  ans  renouvelable.\nLa pr\u00e9sente  autorisation  est d\u00e9livr\u00e9e  sans  pr\u00e9judice  des  droits  des  tiers.\nCette  modification  intervient  sur l'installation  de vid\u00e9oprotection  pr\u00e9c\u00e9demment  autoris\u00e9e\npar  arr\u00eat\u00e9  pr\u00e9fectoral  n\u00b02022186-064  du 5 juillet  2022  susvis\u00e9.  -\nArticle  2 : les modifications  portent  sur l'extension  du syst\u00e8me  par  19 cam\u00e9ras  int\u00e9rieures  et 7\ncam\u00e9ras  ext\u00e9rieures  suppl\u00e9mentaires  soit  un total  de 56 cam\u00e9ras  int\u00e9rieures  et 18 cam\u00e9ras\next\u00e9rieures.\nArticle  3: Le reste  des  dispositions  pr\u00e9vues  par  l'arr\u00eat\u00e9  n\u00b02022186-064  du 5 juillet  2022\ndemeure  applicable.  |\nArticle  4 : la directrice  de cabinet  du pr\u00e9fet  du Gard,  le directeur  interd\u00e9partemental  de la\npolice  nationale  du Gard,  le commandant  du groupement  de gendarmerie  du Gard  sont\ncharg\u00e9s,  chacun  en ce qui le concerne,  de l'ex\u00e9cution  du pr\u00e9sent  arr\u00eat\u00e9  qui sera  publi\u00e9  au\nrecueil  des  actes  administratifs  de la pr\u00e9fecture.  Un exemplaire  de cette  d\u00e9cision  sera  notifi\u00e9\naux  p\u00e9titionnaires  ainsi  qu'\u00e0  la mairie  d'implantation.\nLouve  Zo\u00e8SNimes, le / \u00a9 dune  Cae\nLe pr\u00e9fet,\nla sous-pf3  > Le\nPate  ce de wae\nMarie-Charlotte  EUVRARD\nPrefecture du Gard - 30-2025-01-15-00015 - ARR\u00caT\u00c9 PR\u00c9FECTORAL DE MODIFICATION VIDEOPROTECTION HYPER U ALES 2025 40\nPrefecture du Gard\n30-2025-01-15-00011\nARR\u00caT\u00c9 PR\u00c9FECTORAL DE MODIFICATION\nVIDEOPROTECTION MAIRIE ARAMON 2025\nPrefecture du Gard - 30-2025-01-15-00011 - ARR\u00caT\u00c9 PR\u00c9FECTORAL DE MODIFICATION VIDEOPROTECTION MAIRIE ARAMON 2025 41\n|\nRFA\nPR\u00c9FET  '\nDU  GARD  | | Cabinet  du Pr\u00e9fet\nLibert  _ Direction  des S\u00e9curit\u00e9s\nGEE  . n . ele  ' ' . fa so\u00a2Fratornit\u00e9  a  | Service  d'Animation  des Politiques  de S\u00e9curit\u00e9  Int\u00e9rieure\nBureau  des  Polices  Administratives\nArr\u00eat\u00e9  n\u00b0 30-2025-01-15-04\nportant  modification  de l'autorisation  de fonctionnement  d'un  syst\u00e8me  de vid\u00e9oprotection\nLe pr\u00e9fet  du gard,\nChevalier  de la L\u00e9gion  d'Honneur,\nChevalier  de l'Ordre  National  du M\u00e9rite,\n_ Vu le titre  V du livre  Il de la partie  l\u00e9gislative  et de la partie  r\u00e9glementaire  du code  de la\ns\u00e9curit\u00e9  int\u00e9rieure  ;\nVu le code  civil  et notamment  son  article  9 ;\nVu le nouveau  code  p\u00e9nal  et notamment  son  article  226-1  ;\nVu le d\u00e9cret  n\u00b0 2015-489  du 29 avril 2015 relatif \u00e0 la vid\u00e9oprotection  ;\nVu le d\u00e9cret  du 13 juillet  2023  nommant  M. J\u00e9r\u00f4me  BONET,  pr\u00e9fet  du Gard  ;\nVu l'arr\u00eat\u00e9  minist\u00e9riel  et la circulaire  du 3 ao\u00fbt  2007  portant  d\u00e9finition  des normes  techniques\ndes  syst\u00e8mes  de vid\u00e9oprotection  ;\nVu l'arr\u00eat\u00e9  pr\u00e9fectoral  n\u00b02014342-0012  du 8 d\u00e9cembre  2014  portant  autorisation  de\nfonctionnement  d'un  syst\u00e8me  de vid\u00e9oprotection  ;\nVu l'arr\u00eat\u00e9  pr\u00e9fectoral  n\u00b02018100-039  = 10 avril  2018  portant  modification  d'un  one  de\nvid\u00e9oprotection  ;\nVu l'arr\u00eat\u00e9  pr\u00e9fectoral  n\u00b0 30-2024-10-18-00009  du 18 octobre  2024  donnant  d\u00e9l\u00e9gation  de signa-\nture  a Mme  Marie-Charlotte  EUVRARD,  sous-pr\u00e9f\u00e9te,  directrice  de cabinet  du pr\u00e9fet  du\nGard;\nVu l'arr\u00eat\u00e9  pr\u00e9fectoral  n\u00b0 30-2024-11-28-00004  du 28 novembre  2024 donnant  d\u00e9l\u00e9gation  de si-\ngnature  \u00e0 M. Franck  LACOSTE,  directeur  des  s\u00e9curit\u00e9s,  directeur  de cabinet  adjoint  du pr\u00e9fet\ndu Gard  ;\nVu la circulaire  n\u00b0 INT  D09/00057/C  du 12 mars  2009  relative  aux  conditions  de d\u00e9ploiement\ndes  syst\u00e8mes  de vid\u00e9oprotection  ;\nVu la demande  de modification  de fonctionnement  d'un  syst\u00e8me  de vid\u00e9oprotection\npr\u00e9sent\u00e9e  par la mairie  d'ARAMON  ;\nVu l'avis  du r\u00e9f\u00e9rent  s\u00fbret\u00e9  ;\nVu l'avis  de la commission  d\u00e9partementale  des  syst\u00e8mes  de vid\u00e9oprotection  r\u00e9unie  le 11\nd\u00e9cembre  2024  ;\nSur proposition  de la directrice  de cabinet  du pr\u00e9fet  du Gard.\nPrefecture du Gard - 30-2025-01-15-00011 - ARR\u00caT\u00c9 PR\u00c9FECTORAL DE MODIFICATION VIDEOPROTECTION MAIRIE ARAMON 2025 42\nArr\u00eate  :\nArticle  1: La mairie  d'ARAMON  est autoris\u00e9e  \u00e0 modifier  son syst\u00e8me  de vid\u00e9oprotection.\nCette  autorisation  est valable  pour  une  dur\u00e9e  de cinq  ans renouvelable.\n'La pr\u00e9sente  autorisation  est d\u00e9livr\u00e9e  sans  pr\u00e9judice  des  droits  des  tiers.\nCette  modification  intervient  sur l'installation  de vid\u00e9oprotection  pr\u00e9c\u00e9demment  autoris\u00e9e\npar arr\u00eat\u00e9  pr\u00e9fectoral  n\u00b0 2018100-039  du 10 avril  2018  susvis\u00e9.\nArticle  2 : les modifications  portent  sur l'extension  du syst\u00e8me  par 8 cam\u00e9ras  voie  publique\nsuppl\u00e9mentaires  soit  un total  de 32 cam\u00e9ras  voie  publique.  :\nArticle  3: Le reste  des dispositions  pr\u00e9vues  par l'arr\u00eat\u00e9  n\u00b0 2018100-039  du 10 avril  2018\ndemeure  applicable.\nArticle  4: la directrice  de cabinet  du pr\u00e9fet  du Gard,  le directeur  interd\u00e9partemental  de la\npolice  nationale  du Gard,  le commandant  du groupement  de gendarmerie  du Gard  sont\ncharg\u00e9s,  chacun  en ce qui le concerne,  de l'ex\u00e9cution  du pr\u00e9sent  arr\u00eat\u00e9  qui sera  publi\u00e9  au\nrecueil  des actes  administratifs  de la pr\u00e9fecture.  Un exemplaire  de cette  d\u00e9cision  sera  notifi\u00e9\nau maire  de la commune  d'ARAMON.\nN\u00eemes, le \u00c0 S a Unde lors\nPrefecture du Gard - 30-2025-01-15-00011 - ARR\u00caT\u00c9 PR\u00c9FECTORAL DE MODIFICATION VIDEOPROTECTION MAIRIE ARAMON 2025 43\nMAIRIE  D'ARAMON\nLISTE  DES  CAMERAS  PRECONISEES\nCAMERA  1 Angle  de la Rue  Pitot  et Place  de |'Eglise  :\nUne  cam\u00e9ra  d\u00f4me  motoris\u00e9e  PTZ implant\u00e9e  sur une habitation  au n\u00b02 de la place  de\nl'\u00e9glise.\nCAMERAS  Angle  place  Ledru  Rollin  Cours  Victor  Hugo:\n2et3\nUne  cam\u00e9ra  multi-capteur  associ\u00e9e  \u00e0 une  cam\u00e9ra  PTZ  sont  install\u00e9es  \u00e0 l'angle  des\nhalles  permettra  de visionner  le flux  pi\u00e9ton  et routier  de de cette  zone  et d'en  assu-\nrer la protection  lors  d'\u00e9v\u00e8nements.\nCAMERAS  Jardin  des  enfants  et Avenue  Jean  Moulin  :\n4et5\nUne  cam\u00e9ra  multi-capteur  associ\u00e9e  a une  cam\u00e9ra  PTZ  sont  install\u00e9es  en bordure  du\nparking  de mani\u00e8re  \u00e0 visionner  l'ensemble  de la zone  de stationnement.\nCAMERA  6 Parking  Police  Municipale  :\nUne  cam\u00e9ra  fixe  multi-capteurs  implant\u00e9e  sur un m\u00e2t  en bordure  de parking  de ma-\nni\u00e8re  \u00e0 visionner  la partie  Nord  Est de la zone  de stationnement.\nCAMERA  7 Halle  des  sports  :\nUne  cam\u00e9ra  d\u00f4me  motoris\u00e9e  PTZ'implant\u00e9e  sur un m\u00e2t  d'\u00e9clairage  public  pour  vi-\nsualiser  la partie  arri\u00e8re  de la halle  des  sports  et une  partie  du parking.\nCAMERA  8 Boulevard  CHANZY\nUne  cam\u00e9ra  fixe  multi-capteurs  implant\u00e9e  sur un m\u00e2t  d'\u00e9clairage  public  permet  la vi-\nsualisation  de ce parking  et le suivi  du flux  routier.\nCAMERA  9 Place  Hoche  :\nUne  cam\u00e9ra  fixe  champ  large  implant\u00e9e  en bordure  du parking  sur un cand\u00e9labre  de\nfa\u00e7on  \u00e0 visionner  l'ensemble  de la place.\nCAMERAS  Intersection  Avenue  de la Lib\u00e9ration  / Bd Gambetta  :\n10 et 11\nUne  cam\u00e9ra  multi-capteur  associ\u00e9e  \u00e0 une  cam\u00e9ra  PTZ  sont  install\u00e9es  sur un cand\u00e9-\nlabre  d'\u00e9clairage  public  au niveau  de l'intersection  de la Lib\u00e9ration  et Bd Gambetta\npermet  de visionner  en direction  du Bd Gambetta\nCAMERA  12 | Avenue  Jean  Moulin  et Entr\u00e9e  Tennis:\nUne  cam\u00e9ra  d\u00f4me  motoris\u00e9e  PTZ implant\u00e9e  sur un m\u00e2t  en bordure  de l'avenue  Jean\nmoulin  pour  s\u00e9curiser  les abords  imm\u00e9diats  du coll\u00e8ge  Henri  Pitot  et suivre  les diff\u00e9-\nrents  flux routiers  et pi\u00e9tons  \u00e0 hauteur  de cette  entr\u00e9e/sortie  de la ville.\nCAMERAS  Parking  R\u00e9publique  / Avenue  de N\u00eemes  :\n13 et 14\nUne  cam\u00e9ra  multi-capteur  associ\u00e9e  \u00e0 une  cam\u00e9ra  PTZ  sont  install\u00e9es  sur un m\u00e2t  du\nparking  de la R\u00e9publique  permet  de suivre  les flux  de circulation  et de renforcer  le ni-\nveau  de suret\u00e9  de cette  zone  de stationnement.\nCAMERA  15 Intersection  Avenue  de la lib\u00e9ration  / Chemin  des  Aires  :\nPrefecture du Gard - 30-2025-01-15-00011 - ARR\u00caT\u00c9 PR\u00c9FECTORAL DE MODIFICATION VIDEOPROTECTION MAIRIE ARAMON 2025 44\nUne  cam\u00e9ra  multi-capteurs  *4 (360)  install\u00e9e  sur un mat  \u00e9lectrique  permet  de visua-\nliser  le flux  routier  et pi\u00e9ton  de cette  zone.\nCAMERA  16 | Intersection  Bd Chanzy  / Rue  Colonel  Denfert  Rochereau  :\nUne  cam\u00e9ra  d\u00f4me  motoris\u00e9e  PTZ implant\u00e9e  sur un mat  a l'angle  de la rue Colonel\nDenfert  Rochereau  et du Bd Chanzy  pour  permettre  de suivre  les flux  routier  et pi\u00e9-\nton dans  ce secteur  de la ville.\nCAMERAS  Avenue  Jean  Moulin  et Ar\u00e8nes  :\n17 et 18\nUne  cam\u00e9ra  fixe multi-capteurs  *4 (360\u00b0)  associ\u00e9e  \u00e0 une  cam\u00e9ra  d\u00f4me  motoris\u00e9e\nPTZ install\u00e9es  sur un m\u00e2t  d'\u00e9clairage  public  permette  de visualiser  le flux routier  et\npi\u00e9ton  de cette  zone  et d'assurer  la protection  du parking  et des ar\u00e8nes.\nCAMERAS  19 | Place  de Choisity  :\nUne  cam\u00e9ra  fixe multi-capteurs  *4 (360\u00b0)  install\u00e9e  en fa\u00e7ade  d'habitation  (\u00e9clairage\npublic)  permettra  de visualiser  le flux  pi\u00e9ton  et routiers  de cette  place  et d'en  assurer\nla s\u00e9curit\u00e9  notamment  lors d'\u00e9v\u00e9nement.\nCAMERAS  Intersection  Rue  Emile  Jamais  et Route  de Th\u00e9ziers  :\n20 et 21\nUne  cam\u00e9ra  multi-capteurs  *4 (360\u00b0)  associ\u00e9e  a une  cam\u00e9ra  PTZ sont  install\u00e9es  sur\nun mat  d'\u00e9clairage  public  permettra  de visualiser  le flux  routier  et pi\u00e9ton  de cette\nzone  et d'assurer  la s\u00e9curit\u00e9  du parking  et de l'\u00e9cole  situ\u00e9s  a proximit\u00e9.\nCAMERAS  Ecole  Paluns  / Avenue  St Martin  :\n22 et 23\nUne  cam\u00e9ra  fixe multi-capteurs  *4 (360\u00b0)  associ\u00e9e  \u00e0 une cam\u00e9ra  d\u00f4me  motoris\u00e9e\nPTZ install\u00e9es  sur un m\u00e2t  d'\u00e9clairage  public  permettront  de visualiser  le flux routier\net pi\u00e9ton  de cette  zone  et d'assurer  la protection  du parking  jouxtant  l'\u00e9cole,  la zone\nd'accueil  des enfants  et le point  d'apport  volontaire.\nCAMERAS  Avenue  de Verdun  et centre  de Loisirs  :\n24 et 25\nUne  cam\u00e9ra  fixe multi-capteurs  *4 (360\u00b0)  associ\u00e9e  \u00e0 une cam\u00e9ra  d\u00f4me  motoris\u00e9e\nPTZ install\u00e9es  sur un m\u00e2t  d'\u00e9clairage  public  permettront  de visualiser  le flux  routier\net pi\u00e9ton  de cette  zone  et d'assurer  la protection  du parking  jouxtant  le b\u00e2timent\ncommunal  des associations,  l'entr\u00e9e  de ce b\u00e2timent  et le centre  de loisirs.\nCAMERAS  Intersection  Rue  de la Lib\u00e9ration  et Avenue  Jean-Jacques  Rousseau  :\n26 et 27\nUne  cam\u00e9ra  multi-capteurs  *4 (360\u00b0)  associ\u00e9e  \u00e0 une  cam\u00e9ra  PTZ sont  install\u00e9es  sur\nun m\u00e2t  d'\u00e9clairage  public  au plus  pr\u00e8s  de cette  intersection  permettra  de visualiser  le\nflux  pi\u00e9ton  et routier  de cette  entr\u00e9e/sortie  de commune.\nCAMERA  Intersection  Chemin  du Rh\u00f4ne  / Bassin  d'Orage  :\n28\nUne  cam\u00e9ra  fixe multi-capteurs  *4 (360\u00b0)  install\u00e9e  sur un m\u00e2t  neuf  au plus  pr\u00e8s  de\ncette  intersection  permettra  de suivre  le flux  routier  et pi\u00e9ton  de cette  zone  qui per-\nmet  de contourner  la commune.\nCAMERA  Intersection  Bd Gambetta  / Rue  Pitot  /Cours  Victor  Hugo:\n29\nUne  cam\u00e9ra  fixe multi-capteurs  *4 (360\u00b0)  install\u00e9e  sur un m\u00e2t  d'\u00e9clairage  public  per-\nPrefecture du Gard - 30-2025-01-15-00011 - ARR\u00caT\u00c9 PR\u00c9FECTORAL DE MODIFICATION VIDEOPROTECTION MAIRIE ARAMON 2025 45\nmettra  de suivre  le flux  routier  et pi\u00e9ton  de cette  zone,  de la place  et agira  de concert\navec  la cam\u00e9ra  num\u00e9ro  2.\nCAMERAS\n30,31,32Intersection  Chemin  du Rh\u00f4ne  / Ave  Genarl  De Gaulle  / Chemin  du Mas  Rouge\nDeux  cam\u00e9ras  fixe  seront  install\u00e9es  sur un m\u00e2t  d'\u00e9clairage  public  situ\u00e9  dans  le rond-\npoint  et permettront  de visualiser  le chemin  du mas  Rouge  et l'Avenue  du G\u00e9n\u00e9ral\nDe Gaulle  en direction  de la route  de Beaucaire.\nUne  cam\u00e9ra  fixe  grand  angle  install\u00e9e  sur l'autre  mat  d'\u00e9clairage  public  situ\u00e9  dans  le\nrond-point  permettra  de visualiser  le chemin  du Rh\u00f4ne  et l'Avenue  du G\u00e9n\u00e9ral  De\nGaulle.\nPrefecture du Gard - 30-2025-01-15-00011 - ARR\u00caT\u00c9 PR\u00c9FECTORAL DE MODIFICATION VIDEOPROTECTION MAIRIE ARAMON 2025 46\nPrefecture du Gard - 30-2025-01-15-00011 - ARR\u00caT\u00c9 PR\u00c9FECTORAL DE MODIFICATION VIDEOPROTECTION MAIRIE ARAMON 2025 47\nPrefecture du Gard\n30-2025-01-15-00012\nARR\u00caT\u00c9 PR\u00c9FECTORAL DE MODIFICATION\nVIDEOPROTECTION MAIRIE CAVEIRAC 2025\nPrefecture du Gard - 30-2025-01-15-00012 - ARR\u00caT\u00c9 PR\u00c9FECTORAL DE MODIFICATION VIDEOPROTECTION MAIRIE CAVEIRAC 2025 48\n|\nPREFET  ; |DU GARD  | | Cabinet  du Pr\u00e9fet\nsun | | Direction  des S\u00e9curit\u00e9s\nFraternit\u00e9  Service  d'Animation  des Politiques  de S\u00e9curit\u00e9  Int\u00e9rieure\nBureau  des  Polices  Administratives\nArr\u00eat\u00e9  n\u00b0 30-2025-01-15-05\nportant  modification  de l'autorisation  de fonctionnement  d'un  syst\u00e8me  de vid\u00e9oprotection\nLe pr\u00e9fet  du gard,\nChevalier  de la L\u00e9gion  d'Honneur,\nChevalier  de l'Ordre  National  du M\u00e9rite,\nVu le titre V du livre II de la partie l\u00e9gislative  et de la partie r\u00e9glementaire  du code de la\ns\u00e9curit\u00e9  int\u00e9rieure  ;\nVu le code  civil et notamment  son article  9 ;\nVu le nouveau  code  p\u00e9nal  et notamment  son article  226-1  ;\nVu le d\u00e9cret n\u00b0 2015-489  du 29 avril 2015 relatif \u00e0 la vid\u00e9oprotection  ;\nVu le d\u00e9cret  du 13 juillet  2023  nommant  M. J\u00e9r\u00f4me  BONET,  pr\u00e9fet  du Gard;\nVu l'arr\u00eat\u00e9  minist\u00e9riel  et la circulaire  du 3 ao\u00fbt 2007 portant  d\u00e9finition  des normes  techniqtes\ndes  syst\u00e8mes  de vid\u00e9oprotection  ;\nVu l'arr\u00eat\u00e9  pr\u00e9fectoral  n\u00b0 2022186-033  du 5 juillet  2022  portant  autorisation  de\nfonctionnement  d'un  syst\u00e8me  de vid\u00e9oprotection  ;\nVu l'arr\u00eat\u00e9  pr\u00e9fectoral  n\u00b0 30-2024-10-18-00009  du 18 octobre  2024  donnant  d\u00e9l\u00e9gation  de signa-\nture  \u00e0 Mme  Marie-Charlotte  EUVRARD,  sous-pr\u00e9f\u00e8te,  directrice  de cabinet  du pr\u00e9fet  du\nGard;\nVu l'arr\u00eat\u00e9  pr\u00e9fectoral  n\u00b0 30-2024-11-28-00004  du 28 novembre  2024  donnant  d\u00e9l\u00e9gation  de si-\ngnature  \u00e0 M. Franck  LACOSTE,  directeur  des s\u00e9curit\u00e9s,  directeur  de cabinet  adjoint  du pr\u00e9fet\ndu Gard;\nVu la circulaire  n\u00b0 INT D09/00057/C  du 12 mars  2009  relative  aux conditions  de d\u00e9ploiement\ndes syst\u00e8mes  de vid\u00e9oprotection  ;\nVu la demande  de modification  de fonctionnement  d'un syst\u00e8me  de vid\u00e9oprotection\npr\u00e9sent\u00e9e  par la mairie  de CAVEIRAC  ; |\nVu l'avis  du r\u00e9f\u00e9rent  s\u00fbret\u00e9  ;\nVu l'avis  de la commission  d\u00e9partementale  des syst\u00e8mes  de vid\u00e9oprotection  r\u00e9unie  le 11\nd\u00e9cembre  2024  ;\nSur proposition  de la directrice  de cabinet  du pr\u00e9fet  du Gard.\nPrefecture du Gard - 30-2025-01-15-00012 - ARR\u00caT\u00c9 PR\u00c9FECTORAL DE MODIFICATION VIDEOPROTECTION MAIRIE CAVEIRAC 2025 49\nArr\u00eate  :\nArticle  1: La mairie  de CAVEIRAC  est autoris\u00e9e  \u00e0 modifier  son syst\u00e8me  de vid\u00e9oprotection.\nCette  autorisation  est valable  pour  une dur\u00e9e  de cinq  ans renouvelable.\nLa pr\u00e9sente  autorisation  est d\u00e9livr\u00e9e  sans  pr\u00e9judice  des droits  des tiers.\nCette  modification  intervient  sur l'installation  de vid\u00e9oprotection  pr\u00e9c\u00e9demment  autoris\u00e9e\npar arr\u00eat\u00e9  pr\u00e9fectoral  n\u00b0 2022186-033  du 5 juillet  2022  susvis\u00e9.\nArticle  2: les modifications  portent  sur l'extension  du syst\u00e8me  par 1 cam\u00e9ra  int\u00e9rieure  et 6\ncam\u00e9ras  voie  publique  suppl\u00e9mentaires  soit un total  de 27 cam\u00e9ras.\nArticle  3: Le reste  des dispositions  pr\u00e9vues  par l'arr\u00eat\u00e9  n\u00b0 2022186-033  du 5 juillet  2022\ndemeure  applicable.\nArticle  4 : la directrice  de cabinet  du pr\u00e9fet  du Gard,  le directeur  interd\u00e9partemental  de la\npolice  nationale  du Gard,  le commandant  du groupement  de gendarmerie  du Gard  sont\ncharg\u00e9s,  chacun  en ce qui le concerne,  de l'ex\u00e9cution  du pr\u00e9sent  arr\u00eat\u00e9  qui sera publi\u00e9  au\nrecueil  des actes  administratifs  de la pr\u00e9fecture.  Un exemplaire  de cette  d\u00e9cision  sera notifi\u00e9\nau maire  de la commune  de CAVEIRAC.\nNimes,  le |1S gave  27S\nPrefecture du Gard - 30-2025-01-15-00012 - ARR\u00caT\u00c9 PR\u00c9FECTORAL DE MODIFICATION VIDEOPROTECTION MAIRIE CAVEIRAC 2025 50\nNon  install\u00e9eNum\u00e9rota-  Liste  des cam\u00e9ras  pr\u00e9sentes  et futures  sur  CAVEIRAC\ntion\nCam\u00e9ra  1 Place  du Jet d'eau  RD 103 (H\u00f4tel-de-ville  ) (CAV  Mairie)\nEn service  Une  cam\u00e9ra  d\u00f4me  motoris\u00e9e  PTZ  install\u00e9e  sur un m\u00e2t  d\u00e9di\u00e9  \u00e0 la vid\u00e9oprotection,\n\u00e0 implanter  \u00e0 hauteur  de la place  du jet d'eau  pour  suivre  les flux  routiers  et pi\u00e9tons\net s\u00e9curiser  les abords  imm\u00e9diats  du parvis  de l'H\u00f4tel-de-ville  (place  du ch\u00e2teau).\nCam\u00e9ra  2 Intersection  de la route  de Clarensac  \u2014 RD 103 all\u00e9es  du Parc  et des Ar\u00e8nes\nEn service  (CAV  Services  Techniques)  |\nUne  cam\u00e9ra  d\u00f4me  motoris\u00e9e  PTZ  install\u00e9e  \u00e0 l'angle  de la route  de Clarensac\n| RD103  et de l'all\u00e9e  des Ar\u00e8nes  sur le b\u00e2timent  des ateliers  municipaux  pour  per-\nmettre  de s\u00e9curiser  la partie  arri\u00e8re  de la mairie  et de suivre  les diff\u00e9rents  flux  de\ncirculation  dans  ce quartier  de la ville.\nCam\u00e9ra  3 Parking  des ar\u00e8nes  (Foyer  G. Dayan  ) (CAV  Ar\u00e8nes)\nUne  cam\u00e9ra  d\u00f4me  motoris\u00e9e  PTZ  install\u00e9e  \u00e0 l'angle  du foyer  communal  G. Dayan\n(c\u00f4t\u00e9  ar\u00e8nes)  permettant  de s\u00e9curiser  ce lieu  de spectacles  populaires  et permettre\nde suivre  les flux  routiers  et pi\u00e9tons  sur le petit  parking  am\u00e9nag\u00e9  entre  l'entr\u00e9e  des\nar\u00e8nes  et l'avenue  \u00e9ponyme.\nCam\u00e9ras  4 et\n5\n4 non  install\u00e9e\n5 en serviceParking  (intersection  chemin  de la fontaine  d'Arc/all\u00e9es  des  Ar\u00e8nes  et A.\nMassip)  (CAV  Fontaine  d'Arc  \u2014 CAV  Fontaine  d' Are 2)\nCam\u00e9ras  d\u00f4mes  motoris\u00e9e  PTZ  install\u00e9es  sur le parking  du chemin  de la fontaine\nd'Arc  pour  permettre  de renforcer  la s\u00fbret\u00e9  de cet espace  public.  Les  capteurs  se-\nront  install\u00e9s  pour  l'un  \u00e0 l'intersection  du chemin  de la Fontaine  d'Arc  et de l'all\u00e9e\nAdeline  Massip  et pour  le second  sur le parking  (c\u00f4t\u00e9  all\u00e9e  des ar\u00e8nes).\nCam\u00e9ra  6\nEn serviceAvenue  chemin  Neuf  RD  103  / Rue  des  \u00e9coles  (M\u00e9diath\u00e8que)(CAV  M\u00e9dia-\nth\u00e8que)\nCam\u00e9ra  d\u00f4me  motoris\u00e9  PTZ  install\u00e9e  sur la pergola  m\u00e9tallique  install\u00e9e  sur le\ntrottoir  devant  la M\u00e9diath\u00e8que  chemin  Neuf  RD 103 pour  s\u00e9curiser  les abords  im-\nm\u00e9diats  de ce b\u00e2timent  communal  et permettre  de compl\u00e9ter  le champ  de vision\nde la cam\u00e9ra  D1 sur le chemin  neuf.\nCam\u00e9ra  7\nPas  install\u00e9eAvenue  Chemin  Neuf  RD  103  /Rue  des  \u00e9coles  (CAV  M\u00e9diath\u00e8que  2)\nUne  cam\u00e9ra  fixe  install\u00e9e  sur le m\u00eame  b\u00e2timent  que  la cam\u00e9ra  6 permettant  le sui-\nvi en continu  de l'ensemble  des flux  routiers  et pi\u00e9tons  qui empruntent  depuis  le\nchemin  neuf  la rue des \u00e9coles.\nCam\u00e9ra  8\nEn serviceImpasse  Emile  Pouytes  ( Groupe  scolaire  / cr\u00e8che  ) (CAV  Ecole)\nUne  cam\u00e9ra  d\u00f4me  motoris\u00e9  PTZ  install\u00e9e  sur la fa\u00e7ade  de l'\u00e9cole  \u00e9l\u00e9mentaire  per-\nmettant  de s\u00e9curiser  les abords  imm\u00e9diats  de la cr\u00e8che,  des \u00e9coles  maternelle  et\n\u00e9l\u00e9mentaire,  et le local  de la jeunesse.  Cette  cam\u00e9ra  permettra  de renforcer  la s\u00e9-\ncurit\u00e9  des personnes  et des jeunes  enfants  aux entr\u00e9es  et sorties  des classes,  im-\nPrefecture du Gard - 30-2025-01-15-00012 - ARR\u00caT\u00c9 PR\u00c9FECTORAL DE MODIFICATION VIDEOPROTECTION MAIRIE CAVEIRAC 2025 51\npasse  Emile  Pouytes.\nCam\u00e9ra  9 et\n10\nEn serviceRD 40 route  de Sommi\u00e8res  - rond-point  du centre  commercial  \"Portes  de la\nVaunage''-  (CAV  Rte  de Sommi\u00e8res  VPI)  - (CAV  Rte de Sommi\u00e8res  FIX)\nUne  cam\u00e9ra  fixe  VPI  n\u00b009  (CAV  Rte  de Sommi\u00e9res  VPI)  : (permettant  de vi-\nsualiser  les plaques  d'immatriculation)  est install\u00e9e  sur un mat  d'\u00e9clairage  implan-\nt\u00e9 sur le rond-point  de la RD 40 a proximit\u00e9  du centre  commercial  des \"Portes  de\nla Vaunage\"  permettant  de suivre  les flux  de circulation  entrant  dans  la commune\npar le RD 40 (route  de Sommi\u00e9res).  Elle  est associ\u00e9e  \u00e0 la cam\u00e9ra  fixe  contextuelle\nn\u00b010  (CAV  Rte de Sommi\u00e8res  FIX).\nLa cam\u00e9ra  fixe contextuelle  n\u00b010 est install\u00e9e  sur le m\u00e9me mat d'\u00e9clairage  pu-\nblic que la cam\u00e9ra  fixe  VPI  n\u00b009  (CAV  Rte de Sommi\u00e8res  VPI)  \u00e0 laquelle  elle est\nassoci\u00e9e  et permet  de suivre  les flux  pi\u00e9tons  et routiers  sur la RD40  (Route  de\nSommi\u00e8res).\nCam\u00e9ra  11\nEn serviceAngle  rue Emile  Pouytes  / Rond  point  RD 40 (CAV  Intermarch\u00e9  360)\nLa cam\u00e9ra  fixe  multicapteurs  360\u00b0  n\u00b011,  install\u00e9e  sur un m\u00e2t  sur le rond-point\nde la RD 40 cot\u00e9  Sommi\u00e8res,  \u00e0 l'angle  form\u00e9  par le rond-point  et la rue Emile\nPouytes,  permettant  de visualiser  la RD 40 sortie  Sommi\u00e8res,  la RD 40 entr\u00e9e  de\nCaveirac  et la rue Emile  Pouytes  en direction  du groupe  scolaire.\n: Cam\u00e9ra  12\net 13\nEn serviceRond  point  RD 40 route  de N\u00eemes  (CAV  Rte de Nimes  VPI)  (CAV  Rte de\nNimes  FIX)\nLa Cam\u00e9ra  fixe  VPI  n\u00b012  (CAV  Rte de Nimes  VPI),  permettant  de visualiser  les\nplaques  d'immatriculation,  est install\u00e9e  sur un m\u00e2t  d'\u00e9clairage  implant\u00e9  sur le\nrond-point  de la RD 40 au niveau  de l'intersection  du chemin  de la Bergerie  sur le\nm\u00eame  support  de la Cam\u00e9ra  n\u00b013  fixe  contextuelle  \u00e0 laquelle  elle est associ\u00e9e.\nElle  permettra  de faire  un focus  sur les plaques  d'immatriculation  des v\u00e9hicules\nentrant  dans  la ville  par la RD 40, en provenance  de Nimes.\nLa Cam\u00e9ra  fixe contextuelle  n\u00b013  (CAV  Rte de Nimes  \u2014 FIX),  install\u00e9e  sur le\nm\u00eame  m\u00e2t  d'\u00e9clairage  public  que la cam\u00e9ra  fixe  VPI  n\u00b012  (CAV  Rte de N\u00eemes  \u2014\nVPI),  \u00e0 laquelle  elle est associ\u00e9e.  Elle  permet  de visualiser  les flux  routiers  des v\u00e9-\nhicules  entrant  dans  la ville  par la RD 40, en provenance  de N\u00eemes.\nCam\u00e9ra  14\net 15\nEn serviceEntr\u00e9e  chemins  de Vermaciel  / Rond-Point  RD 40 (CAV  Ch.  De Vermaciel\nVPI)  (CAV  Ch.  De Vermaciel  FIX)\nLa Cam\u00e9ra  fixe  (VPI)  n\u00b014  (CAV  Ch.  De Vermciel  VPI)  permettant  de visuali-\nser les plaques  d'immatriculation,  est install\u00e9e  sur le m\u00eame  m\u00e2t  que la cam\u00e9ra  fixe\ncontextuelle  n\u00b015  (CAV  Ch. De Vermaciel  FIX)  ; ce m\u00e2t  est situ\u00e9  en bordure  du\nchemin  de Vermaciel,  en sortie  du rond-point  de la RD 40 et orient\u00e9e  en direction\ndu chemin  de Vermaciel  et visualisera  les deux  sens  de circulation.\nLa Cam\u00e9ra  fixe  contextuelle  n\u00b015  (CAV  Ch. De Vermciel  FIX)  est install\u00e9e  sur\nle m\u00eame  m\u00e2t que la cam\u00e9ra  fixe (VPI)  n\u00b014  (CAV  Ch. De Vermaciel  VPI)  situ\u00e9  en\nbordure  du chemin  de Vermaciel,  en sortie  du rond-point  de la RD 40 et orient\u00e9e\nen direction  du chemin  de Vermaciel  et permet  de visualiser  les flux  pi\u00e9tons  et\nroutiers  sur ce Chemin.\nCam\u00e9ra  16\net 17\nEn serviceEntr\u00e9e  chemin  de Juiniperaie  / Chemin  de Vermaciel  (CAV  Ch.  de Juinipe-\nraie  VPI)  (CAV  Ch.  de Juiniperaie  FIx)\nLa Cam\u00e9ra  fixe  (VPI)  n\u00b016  (CAV  Ch. de Juiniperaie  VPI),  permettant  de vi-\nPrefecture du Gard - 30-2025-01-15-00012 - ARR\u00caT\u00c9 PR\u00c9FECTORAL DE MODIFICATION VIDEOPROTECTION MAIRIE CAVEIRAC 2025 52\nsualiser  les plaques  d'immatriculations  est install\u00e9e  sur un mat  a hauteur  du rond-\npoint  form\u00e9e  par l'intersection  du chemin  de Vermaciel  et du chemin  de Juinipe-\nrai, m\u00eame  support  que la cam\u00e9ra  fixe  contextuelle  n\u00b017  (Cav  Ch. De Juiniperaie  \u2014\nFIX)  a laquelle  elle est associ\u00e9e.  Elle  est orient\u00e9e  en direction  du chemin  de Juini-\nperaie.  |\nLa Cam\u00e9ra  fixe  contextuelle  n\u00b017  (CAV  Ch.  de Juiniperaie  FIX),  est install\u00e9e\nsur le m\u00eame  m\u00e2t,  que  la cam\u00e9ra  fixe  (VPI)  n\u00b016  (Cav  Ch. De juiniperaie  \u2014 VPI)  \u00e0\nlaquelle  elle est associ\u00e9e  ; m\u00e2t  situ\u00e9  \u00e0 hauteur  du rond-point  form\u00e9  par l'intersec-\ntion  du chemin  de Vermaciel  et du chemin  de Juiniperai.  Elle  est orient\u00e9e  en direc-\ntion  du chemin  de Juiniperaie  et permet  d'y visualiser  les flux  routiers  et pi\u00e9tons\nainsi  que dans  le rond-point  pr\u00e9-cit\u00e9  afin  de pr\u00e9venir  les atteintes  aux biens.\nCam\u00e9ra  18\nEn serviceIntersection  des chemins  de la Bergerie  et du S\u00e9maphore  (CAV  Bergerie)\nCam\u00e9ra  d\u00f4me  motoris\u00e9  PTZ-install\u00e9e  sur un m\u00e2t  implant\u00e9  en bordure  de l'inter-\nsection  des chemins  de la Bergerie  et du S\u00e9maphore  pour  permettre  le suivi  des\nflux  routier  et pi\u00e9ton  dans  ce secteur  de la commune.\nCam\u00e9ras  19\net 20\nEn service\nla cam\u00e9ra  fixe  contextuelle  n\u00b020  \u00e0 laquelle  elle est associ\u00e9e.  Elle  permet  de faireIntersection  RD 103 (Rte  de Clarensac)/chemin  des Coteaux  de la Vaunage\n(CAV  Rte  de Clarensac  VPI)  (CAV  Rte  de Clarensac  FIX)\nLa Cam\u00e9ra  fixe  (VPI)  n\u00b019  (CAV  Rte  de Clarensac  VPI):  est install\u00e9e  sur un |\nmat  d'\u00e9clairage  implant\u00e9  en bordure  de la RD 103 (route  de Clarensac)  au niveau\nde l'intersection  avec  le chemin  des Coteaux  de la Vaunage,  m\u00eame  m\u00e2t  supportant\nun focus  sur les plaques  d'immatriculation  des v\u00e9hicules  circulant  dans  les deux\nsens  sur la RD103  a cet endroit.\nLa Cam\u00e9ra  fixe  contextuelle  n\u00b020  (CAV  Rte  de Clarensac  FIX):  est install\u00e9e\nsur un le m\u00eame  m\u00e2t  d'\u00e9clairage  public  que celui  supportant  la cam\u00e9ra  n\u00b019  fixe\n(VPI)  (CAV  Rte de Clarensac  VPI)  \u00e0 laquelle  elle est associ\u00e9e,  en bordure  de la\nRD 103 (route  de Clarensac)  au niveau  de l'intersection  avec  le chemin  des Co-\nteaux  de la Vaunage.  Elle  permet  de suivre  l'ensemble  des flux  routiers  et pi\u00e9tons\nsur la RD103  (Sortie  Route  de Clarensac).\nCam\u00e9ra  21 -\nPTZ\nEn serviceIntersection  all\u00e9e  Antoine  de Robert  et chemin  du S\u00e9maphore  (CAV  Caver-\nnel).  |\nCam\u00e9ra  d\u00f4me  PTZ  motoris\u00e9e,  install\u00e9e  sur un m\u00e2t  situ\u00e9  \u00e0 l'angle  de ces deux\naxes,  permettant  de visualiser  l'entr\u00e9e  du quartier  Cavermel  par l'all\u00e9e  Antoine  de\nRobert  et le chemin  du S\u00e9maphore.\nCam\u00e9ra  22 -\n360  -\nCam\u00e9ra  23 -\nVPI-\nEn service(CAV  PEPINIERE  VPDIntersection  rue  de la p\u00e9pini\u00e9re  / Rue  Gabriel  Gosse  (CAV  PEPINIERE  360)\nCAV  PEPINIERE  -360-  : Une  cam\u00e9ra  fixe  multi-capteurs  360\u00b0  sera  install\u00e9e  sur\nun nouveau  mat  a proximit\u00e9  de cette  intersection,  permettra  de visualiser  le flux\nroutier  et pi\u00e9ton  se trouvant  Rue  de la P\u00e9pini\u00e8re,  Rue  Gabriel  Gosse  et de prot\u00e9ger\nle Parking  du lotissement  situ\u00e9  \u00e0 proximit\u00e9.\nCAV  PEPINIERE  -VPI-  : Une  cam\u00e9ra  fixe  (VPI)  visualisant  les plaques  d'im-\nmatriculations,  install\u00e9e  sur le m\u00eame  mat  que la cam\u00e9ra  22, permettra  de suivre\nl'ensemble  du trafic  routier  entrant  et sortant  de la commune  par cet axe.\nCam\u00e9ra  24 \u2014\n360Intersection  Chemin  de Caganson  / Chemin  de Bernis  (CAV  Caganson  -360-)\nLa cam\u00e9ra  fixe  multi-capteurs  360\u00b0  n\u00b024  : sera  install\u00e9e  au plus  pr\u00e8s  de l'inter-\nPrefecture du Gard - 30-2025-01-15-00012 - ARR\u00caT\u00c9 PR\u00c9FECTORAL DE MODIFICATION VIDEOPROTECTION MAIRIE CAVEIRAC 2025 53\nE LARWIO\"[Ln  Serviee section  sur un mat d'\u00e9clairage  public.  Elle  permettra  de visualiser  le flux  routiers\net pi\u00e9tons  se trouvant  sur le chemin  de Bernis,  \u00e0 l'intersection  avec  la rue des per-\n| drix  et d'assurer  la protection  de la voie  verte  se trouvant  \u00e0 cette  intersection.\nProgramm\u00e9eCam\u00e9ra  25 \u2014 | Intersection  Chemin  de Vacquerolle  / Chemin  de la Bergerie.  (CAV  Vacque-\nPTZ  rolles)\nEn service  Une  cam\u00e9ra  fixe  Ptz n\u00b025  : est install\u00e9e  sur un mat  d'\u00e9clairage  public  au niveau\nde l'intersection  du Chemin  de Vacquerolles  et du Chemin  de la Bergerie.  Elle\npermettra  de visualiser  les flux  routiers  et pi\u00e9tons  empruntant  le chemin  de Vac-\nquerolle,  le Chemin  de la Sarriette  et le chemin  de la Bergerie.  |\nCam\u00e9ra  26 \u2014 | Passage  Police  Municipale  (CAV  Passage  PM  - 180)\n180 Une  cam\u00e9ra  fixe  multicapteurs  180\u00b0  n\u00b026  avec  dome  anti  vandalisme  sera  ins-\nProgramm\u00e9e  | tall\u00e9e  dans  le futur  passage  devant  les locaux  de la Police  Municipale  situ\u00e9e  en\ndessous  de la Mairie  entre  l'All\u00e9e  des Ar\u00e8nes  et l'Avenue  du Chemin  Neuf\n(D103).  Elle  permettra  de visualiser  le flux  pi\u00e9tons  dans  ce passage  et l'entr\u00e9e  des\nlocaux  de la Police  Municipale,  et d'y pr\u00e9venir  les atteintes  aux biens  et aux per-\nsonnes  et les d\u00e9tournements  d'espace.\nCam\u00e9ra  27 \u2014 | Intersection  D40  \u2014 D103  (CAV  Intersection  D40/D103  \u2014 360)\n360  Une  cam\u00e9ra  fixe  multicapteurs  360\u00b0  n\u00b027  : sera  install\u00e9e  sur un cand\u00e9labre\nd'\u00e9clairage  public  existant  situ\u00e9  \u00e0 hauteur  de l'intersection  de la D40  et de la\nD103.  Elle  permettra  de visualiser  les flux  routiers  et pi\u00e9tons  en ces lieux,  dont\nl'abri-bus,  les feux  tricolores  (souvent  victimes)  et la rue du Sable  pour  dissuader\nles atteintes  aux biens  et aux personnes  et les d\u00e9tournements  d'espace.\nPrefecture du Gard - 30-2025-01-15-00012 - ARR\u00caT\u00c9 PR\u00c9FECTORAL DE MODIFICATION VIDEOPROTECTION MAIRIE CAVEIRAC 2025 54\nPrefecture du Gard\n30-2025-01-15-00013\nARR\u00caT\u00c9 PR\u00c9FECTORAL DE MODIFICATION\nVIDEOPROTECTION MAIRIE LANGLADE 2025\nPrefecture du Gard - 30-2025-01-15-00013 - ARR\u00caT\u00c9 PR\u00c9FECTORAL DE MODIFICATION VIDEOPROTECTION MAIRIE LANGLADE 202555\n| 3\nPREFET  | | | \u00c0\nDU GARD  | Cabinet  du Pr\u00e9fet\nLibert\u00e9  Direction  des  S\u00e9curit\u00e9s\nFraternit\u00e9  | Service  d'Animation  des Politiques  de S\u00e9curit\u00e9  Int\u00e9rieure\nBureau  des  Polices  Administratives\nArr\u00eat\u00e9  n\u00b0 30-2025-01-15-06\nportant  modification  de l'autorisation  de fonctionnement  d'un  syst\u00e8me  de vid\u00e9oprotection\nLe pr\u00e9fet  du gard,\nChevalier  de la L\u00e9gion  d'Honneur,\nChevalier  de l'Ordre  National  du M\u00e9rite,\nVu le titre  V du livre  Il de la partie  l\u00e9gislative  et de la partie  r\u00e9glementaire  du code  de la\ns\u00e9curit\u00e9  int\u00e9rieure  ;\nVu le code civil et notamment  can article  9;\nVu le nouveau  anole p\u00e9nal et notamment  son article 226-1 ;\nVu le d\u00e9cret  n\u00b0 2015-489  du 29 avril  2015  relatif  \u00e0 la vid\u00e9oprotection  ;\n| Vu le d\u00e9cret  du 13 juillet 2023 \u2014  M. J\u00e9r\u00f4me  BONET,  pr\u00e9fet du Gard ;\nVu l'arr\u00eat\u00e9  minist\u00e9riel  et la circulaire  du 3 ao\u00fbt  2007  portant  d\u00e9finition  des  normes  techniques\ndes  syst\u00e8mes  de vid\u00e9oprotection  ;\nVu l'arr\u00eat\u00e9  pr\u00e9fectoral  n\u00b0 2019289-076  du 16 octobre  2019  portant  autorisation  de\nfonctionnement  d'un  syst\u00e8me  de vid\u00e9oprotection  ;\nVu l'arr\u00eat\u00e9  pr\u00e9fectoral  n\u00b0 30-2024-10-18-00009  du 18 octobre  2024  donnant  d\u00e9l\u00e9gation  de signa-\nture  \u00e0 Mme  Marie-Charlotte  EUVRARD,  sous-pr\u00e9f\u00e8te,  directrice  de cabinet  du pr\u00e9fet  du\nGard;\nVu l'arr\u00eat\u00e9  pr\u00e9fectoral  n\u00b0 30-2024-11-28-00004  du 28 novembre  2024  donnant  d\u00e9l\u00e9gation  de si-\ngnature  \u00e0 M. Franck  LACOSTE,  directeur  des  s\u00e9curit\u00e9s,  directeur  de cabinet  adjoint  du pr\u00e9fet\ndu Gard;\nVu la circulaire  n\u00b0 INT  D09/00057/C  du 12 mars  2009  relative  aux  conditions  de d\u00e9ploiement\ndes  syst\u00e8mes  de vid\u00e9oprotection  ;\nVu la demande  de modification  de fonctionnement  d'un  syst\u00e8me  de vid\u00e9oprotection\npr\u00e9sent\u00e9e  par  la mairie  de LANGLADE  ;\nVu l'avis  du r\u00e9f\u00e9rent  s\u00fbret\u00e9  ;\nVu l'avis  de la commission  d\u00e9partementale  des  syst\u00e8mes  de vid\u00e9oprotection  r\u00e9unie  le 11\nd\u00e9cembre  2024  ;\nSur  proposition  de la directrice  de cabinet  du pr\u00e9fet  du Gard.\nPrefecture du Gard - 30-2025-01-15-00013 - ARR\u00caT\u00c9 PR\u00c9FECTORAL DE MODIFICATION VIDEOPROTECTION MAIRIE LANGLADE 202556\nArr\u00eate  :\nArticle  1 : La mairie  de LANGLADE  est autoris\u00e9e  \u00e0 modifier  son syst\u00e8me  de vid\u00e9oprotection.\nCette  autorisation  est valable  pour  une dur\u00e9e  de cinq  ans renouvelable.\nLa pr\u00e9sente  autorisation  est d\u00e9livr\u00e9e  sans  pr\u00e9judice  des droits  des tiers.\nCette  modification  intervient  sur l'installation  de vid\u00e9oprotection  pr\u00e9c\u00e9demment  autoris\u00e9e\npar arr\u00eat\u00e9  pr\u00e9fectoral  n\u00b0 2019289-076  du 16 octobre  2019  susvis\u00e9.\nArticle  2 : les modifications  portent  sur l'extension  du syst\u00e8me  par 23 cam\u00e9ras  voie publique\nsuppl\u00e9mentaires  soit  un total  de 38 cam\u00e9ras.\nArticle  3: Le reste des dispositions  pr\u00e9vues  par l'arr\u00eat\u00e9  n\u00b0 2019289-  076 du 16 octobre  2019\ndemeure  applicable.\nArticle  4: la directrice  de cabinet  du pr\u00e9fet  du Gard,  le directeur  interd\u00e9partemental  de la\npolice  nationale  du Gard,  le commandant  du groupement  de gendarmerie  du Gard  sont\ncharg\u00e9s,  chacun  en ce qui le concerne,  de l'ex\u00e9cution  du pr\u00e9sent  arr\u00eat\u00e9  qui sera  publi\u00e9  au\nrecueil  des actes  administratifs  de la pr\u00e9fecture.  Un exemplaire  de cette  d\u00e9cision  sera notifi\u00e9\nau maire  de la commune  de LANGLADE.\nN\u00eemes, le A s \\ox wie oa \u00e9s\nMarie-Charlotte EUVRARD\nPrefecture du Gard - 30-2025-01-15-00013 - ARR\u00caT\u00c9 PR\u00c9FECTORAL DE MODIFICATION VIDEOPROTECTION MAIRIE LANGLADE 202557\nListe  des cam\u00e9ras  pr\u00e9sentes  et futures  sur  LANGLADE Num\u00e9rota-\ntion\nCam\u00e9ra  01 Place  du Visago:  |\nEn service La cam\u00e9ra  n\u00b001  (LAN  Visago):  D\u00f4me  motoris\u00e9  PTZ  sera  install\u00e9e  sur le mur  sup-\nport  de la fresque.  Elle  visualise  la place  dans  son ensemble  : parking,  commerces,\nvoie  d'acc\u00e8s.  Elle  permet  de suivre  en direct  les diverses  manifestations  et chercher\ndu renseignement  de pr\u00e9cision  dans  la foule  ou sur un \u00e9v\u00e9nement  particulier  (dont  le\nd\u00e9tournement  d'espaces  par les jeunes  de la commune).\nCam\u00e9ras  02\n\u00e0 04\nEn serviceCarrefour  RD14/  Impasse  des Canabi\u00e8res  - Chemin  des Cousses  (prochaine-\nment  Chemin  de I' Abrivado)/Voie  Verte\nLa Cam\u00e9ra  n\u00b002  (LAN  Rd14  VPI)  : fixe  de circulation  \u00e0 champ  \u00e9troit  VPI  est im-\nplant\u00e9e  sur un m\u00e2t  \u00e0 l'angle  de la route  D14  et de la voie  verte.  Elle  visualise  l'axe\nroutier  dans  les deux  sens  de circulation.  Cette  cam\u00e9ra  sera  d\u00e9plac\u00e9e,  d\u00e9s la fin des\ntravaux,  vers  le nouveau  parc  d'activit\u00e9  concert\u00e9  et sera  associ\u00e9e  \u00e0 une  cam\u00e9ra  fixe\ncontextuelle  n\u00b032.\nLa Cam\u00e9ra  n\u00b003  (LAN  Voie  verte  360)  : fixe  multicapteurs  360\u00b0  et la Cam\u00e9ra\nn\u00b004  (LAN  Voie  verte)  : PTZ  motoris\u00e9e  sont  implant\u00e9es  sur le m\u00eame  m\u00e2t,  situ\u00e9  sur\nle RD 14 \u00e0 l'intersection  avec  l'impasse  des Canabi\u00e8res-Chemin  des Cousses  (pro-\nchainement  Chemin  de I' Abrivado)  et de la voie  verte,  m\u00eame  support  que la cam\u00e9ra\n(LAN  Rd14  VPI)  n\u00b002.  Elles  visualisent,  de fa\u00e7on  compl\u00e9mentaire,  l'intersection\nde la voie  verte  avec  la route  D14  et une  partie  de la place  o\u00f9 se d\u00e9roule  la f\u00eate  vo-\ntive.  Un capteur  servira  \u00e0 fournir  les \u00e9l\u00e9ments  contextuels  de la cam\u00e9ra  fixe  VPI\nn\u00b002  pour  s\u00e9curiser  les usagers  de la voie  verte  et les participants  \u00e0 la f\u00eate  votive.\nCam\u00e9ras\n05  \u00e0 07\n| C5 et C6 En\nservice\nC7program-\nm\u00e9eSalle  Socio-Culturelle\nLa Cam\u00e9ra  n\u00b005  (LAN  salle  Socioculturelle  360)  : fixe  multicapteurs  360\u00b0  et la\nCam\u00e9ra  n\u00b006  (LAN  salle  socioculturelle):  PTZ  motoris\u00e9e  sont  implant\u00e9es  sur le\nm\u00eame  angle  Nord-Est  de la Salle  Socio-Culturelle.  Elles  visualisent,  de fa\u00e7on  com-\npl\u00e9mentaire,  les flux  pi\u00e9tons  et routiers  sur la partie  Nord  et Est de ce b\u00e2timent,  l'Im-\npasse  Jean  Cavalier,  son  parking  et les abords,  permettant  de pr\u00e9venir  les atteintes\naux  biens  et aux  personnes  et les d\u00e9tournements  d'espace.\nLa Cam\u00e9ra  n\u00b007  (LAN  salle  Socioculturelle2  360)  : fixe  multicapteurs  360\u00b0  sera\nimplant\u00e9e  sur l'angle  Sud-Est  de la Salle  Socio-Culturelle.  Elle  visualise,  de fa\u00e7on\ncompl\u00e9mentaire,  les flux  pi\u00e9tons  et routiers  sur la partie  Sud,  Ouest  et Est de ce b\u00e2ti-\nment,  et le boulodrome,  permettant  de pr\u00e9venir,  en ces lieux,  les atteintes  aux  biens\net aux  personnes  et les d\u00e9tournements  d'espace.\nCam\u00e9ras\n08 \u00e0 11\nWe  garuiin  SETVICEC\u0153ur  de village\nLa Cam\u00e9ra  n\u00b008  (LAN  Mairie  360)  : fixe  multicapteurs  360\u00b0  et la Cam\u00e9ra  n\u00b009\n(LAN  Mairie):  PTZ  motoris\u00e9e  sont  implant\u00e9es  sur le m\u00eame  cand\u00e9labre  d'\u00e9clairage\npublic  situ\u00e9  au bord  de la D14  entre  la Place  de la Mairie  et le Chemin  de Saint  Dio-\nnisy.  Elles  visualisent,  de fa\u00e7on  compl\u00e9mentaire,  les flux  pi\u00e9tons  et routiers  sur la\nD14,  la Place  de la Mairie  et le Chemin  de Saint  Dionisy,  tout  en permettant  sur la\nMairie,  la Poste  et une  partie  des commerces,  d'y pr\u00e9venir  les atteintes  aux  biens  et\naux  personnes  et les d\u00e9tournements  d'espace.\nLa Cam\u00e9ra  n\u00b010  (LAN  Centre  Commercial  360)  : fixe  multicapteurs  360\u00b0  et la\nCam\u00e9ra  n\u00b011  (LAN  Centre  Commercial):  PTZ  motoris\u00e9e  sont  implant\u00e9es  sur le\nm\u00eame  cand\u00e9labre  d'\u00e9clairage  public  situ\u00e9  \u00e0 l'est  de la Place  de la Mairie.  Elles  vi-\nPrefecture du Gard - 30-2025-01-15-00013 - ARR\u00caT\u00c9 PR\u00c9FECTORAL DE MODIFICATION VIDEOPROTECTION MAIRIE LANGLADE 202558\nsualisent,  de fa\u00e7on  compl\u00e9mentaire,  les flux  pi\u00e9tons  et routiers  sur la Place  de la\nMairie  et sur |' Esplanade,  tout  en permettant  en ces lieux  et sur les commerces,  d'y\npr\u00e9venir  les atteintes  aux biens  et aux personnes  et les d\u00e9tournements  d' espace.\nCam\u00e9ras\n12 et 13\na  comit\u00e9mn  serviceGroupe  Scolaire:\nLa Cam\u00e9ra  n\u00b012  (LAN  Groupe  Scolaire  360):  fixe  multicapteurs  360\u00b0  et la Ca-\nm\u00e9ra  n\u00b013  (LAN  Groupe  Scolaire):  D\u00f4me  PTZ  motoris\u00e9e  sont  implant\u00e9es  sur le\nm\u00eame  m\u00e2t  d'\u00e9clairage  aux abords  de l'entr\u00e9e  principale  de l'\u00e9cole  (entr\u00e9e  princi-\npale).  Ces  deux  cam\u00e9ras  compl\u00e9mentaires  dans  leurs  actions,  permettent  de visuali-\nser le parking,  les abords  de l'\u00e9cole  ainsi  que les voies  d'acc\u00e8s  \u00e0 cette  derni\u00e8re  et a\npour  but de lutter  efficacement  contre  les d\u00e9tournements  d'espaces,  vols  et d\u00e9grada-\ntions  sur le groupe  scolaire  et permettra  de pr\u00e9venir  du risque  terroriste.  |\nCam\u00e9ras\n14 et 15\nEn serviceRoute  des Pin\u00e8des/Chemin  des Combes  |\nLa cam\u00e9ra  n\u00b014  (LAN  Pin\u00e9des  Fix):  fixe  mixte  VPF/contextuelle  est implant\u00e9e\nsur un m\u00e2ts  situ\u00e9  sur la Route  des Pin\u00e8des  \u00e0 l'intersection  avec  le Chemin  des\nCombes  m\u00eame  support  que la cam\u00e9ra  n\u00b015  (LAN  Rte  Pin\u00e8de  VPI)  de circulation\n\u00e0 champ  \u00e9troit  \u00e0 laquelle  elle est associ\u00e9e.  Elles  sont  orient\u00e9es  vers  le Chemin  des\nCombes  permettant  de visualiser  les flux  tout  en permettant  de faire  un focus  sur les\nplaques  d'immatriculation  des v\u00e9hicules  y circulant  afin  de pr\u00e9venir  les atteintes\naux  biens  et aux  personnes.\nCam\u00e9ra  16\nEn serviceMoulin  \u00e0 Vent  :\nLa Cam\u00e9ra  n\u00b016  : PTZ  motoris\u00e9e  est implant\u00e9e  sur le moulin  \u00e0 vent  ( ou sur un m\u00e2t\ndans  le cadre  de la protection  du patrimoine).  Elle  visualise  le terrain  vague  o\u00f9 se d\u00e9-\nroule  les manifestations  culturelles  (festival  de musique,  f\u00eate  de la musique)  et lutter\nefficacement  contre  les d\u00e9tournements  d'espaces,  les atteintes  aux personnes  dont  le\nrisque  terroriste.\nCam\u00e9ras\n17 et 18\nEn serviceRoute  de Saint-Dionisy\nLa cam\u00e9ra  n\u00b017  (LAN  Che  St Dionisy  Fix):  fixe  contextuelle  est implant\u00e9e  sur un\nm\u00e2t  situ\u00e9  au croisement  du Chemin  de Saint-Dionisy  et du Chemin  de Font  Barin,\nm\u00eame  support  que la cam\u00e9ra  n\u00b018  (LAN  Che  St Dionisy  VPI)  de circulation  \u00e0\nchamp  \u00e9troit  VPI  \u00e0 laquelle  elle est associ\u00e9e.  Elles  sont  orient\u00e9es  en direction  de\nSAINT  DIONISY  et visualisent  cet axe et ses flux,  dans  les deux  sens  de circulation,\ntout  en permettant  de faire  un focus  sur les plaques  d'immatriculation  des v\u00e9hicules\nafin  de pr\u00e9venir  les atteintes  aux  biens  et aux  personnes.\nCam\u00e9ras  Chemin  de Font  Barin\n19 et 20 La cam\u00e9ra  n\u00b019  (LAN  Chemin  de Font  Barin  Fix):  fixe  contextuelle  est implan-\nEn service  t\u00e9e sur un m\u00e2t  situ\u00e9  au croisement  de la Route  de Saint-Dionisy  et du Chemin  de\nFont  Barin,  m\u00eame  support  que  la cam\u00e9ra  n\u00b020  (LAN  Chemin  de Font  Barin  VPI)\nde circulation  \u00e0 champ  \u00e9troit  VPI  \u00e0 laquelle  elle est associ\u00e9e.  Elles  sont  orient\u00e9es  en\ndirection  du Chemin  de Font  Barin  et visualisent  cet axe et ses flux,  dans  les deux\nsens  de circulation,  tout  en permettant  de faire  un focus  sur les plaques  d'immatricu-\nlation  des v\u00e9hicules  afin  de pr\u00e9venir  les atteintes  aux  biens  et aux personnes.\nCam\u00e9ras  Route  de Nages  D137  (R\u00e9servoir)\n21 \u00e0 24 La cam\u00e9ra  n\u00b021  (LAN  Rte  de Nage  R\u00e9servoir  Fix):  fixe  mixte  VPFcontextuelle\n| ea Pe Hw  Cr  ;mn  service est implant\u00e9e  sur la Route  de Nage  D137  un cand\u00e9labre  d'\u00e9clairage  public,  situ\u00e9\nPrefecture du Gard - 30-2025-01-15-00013 - ARR\u00caT\u00c9 PR\u00c9FECTORAL DE MODIFICATION VIDEOPROTECTION MAIRIE LANGLADE 202559\nentre  le Chemin  des Lauzi\u00e9res  et le Chemin  du R\u00e9servoir,  m\u00e9me  support  que  la ca-\nm\u00e9ra  n\u00b022  (LAN  Rte  de Nage  VPI)  de circulation  \u00e0 champ  \u00e9troit  \u00e0 laquelle  elle est\nassoci\u00e9e.  Elles  sont  orient\u00e9es  vers  la sortie  de la commune  et visualisent  la Route  de\nNage  D137  et ses flux,  dans  les deux  sens  de circulation,  tout  en permettant  de faire\nun focus  sur les plaques  d'immatriculation  des v\u00e9hicules  y circulant  afin de pr\u00e9venir\nles atteintes  aux  biens  et aux  personnes.\nRoute  de Nages  D137/  Chemin  des Lauzi\u00e8res  |\nLa cam\u00e9ra  n\u00b023  (LAN  Lauzi\u00e9res  Fix):  fixe  a4xte-VPF/contextuelle  est implant\u00e9e\nsur la Route  de Nage  D137  un cand\u00e9labre  d'\u00e9clairage  public,  situ\u00e9  entre  le Chemin\ndes Lauzi\u00e8res  et l'Impasse  du R\u00e9servoir,  m\u00eame  support  que  la cam\u00e9ra  n\u00b024  (LAN\nLauzi\u00e8res  VPI)  de circulation  \u00e0 champ  \u00e9troit  \u00e0 laquelle  elle est associ\u00e9e.  Elles  sont\norient\u00e9es  vers  l'intersection  form\u00e9e  la D137  et le Chemin  des Lauzi\u00e8res  et visua-\nlisent  ce carrefour  et ses flux,  dans  les deux  sens  de circulation,  tout  en permettant\nde faire  un focus  sur les plaques  d'immatriculation  des v\u00e9hicules  y circulant  afin  de\n| pr\u00e9venir  les atteintes  aux  biens  et aux  personnes.\nCam\u00e9ras\n25 et 26\nEn serviceLa Route  de Bernis  D14\nLa cam\u00e9ra  n\u00b025  (LAN  Rte  Bernis  Fix):  fixe  mixte-VPcontextuelle  est implant\u00e9e\nen bordure  de l'axe  de la Route  de Bernis  sur la D14  sur un poteau  d'\u00e9clairage  public\nexistant,  m\u00eame  support  que  la cam\u00e9ra  n\u00b026  (LAN  Rte  Bernis  VPI)  de circulation  \u00e0\nchamp  \u00e9troit  \u00e0 laquelle  elle est associ\u00e9e.  Elles  visualisent  cet axe et ses flux,  dans  les\ndeux  sens  de circulation,  au niveau  du panneau  de sortie  d'agglom\u00e9ration,  tout  en\npermettant  de faire  un focus  sur les plaques  d'immatriculation  des v\u00e9hicules  afin  de\npr\u00e9venir  les atteintes  aux biens  et aux  personnes.  |\nCam\u00e9ras\n27 et 28\nEn serviceCarrefour  D14/D137/Chemin  de Vigne  Croze\nLa cam\u00e9ra  n\u00b027  (LAN  Vigne  Croze  360)  : fixe  multicapteurs  360\u00b0  contextuelle  est\nimplant\u00e9e  sur un m\u00e2t  \u00e0 l'angle  form\u00e9  par le carrefour  D137,  la D14  et le Chemin  de\nVigne  Croze,  m\u00eame  support  que la cam\u00e9ra  n\u00b028  (LAN  Vigne  Croze  VPI)  de circu-\nlation  \u00e0 champ  \u00e9troit  (VPI)  \u00e0 laquelle  elle est associ\u00e9e.  Elle  permet  de pr\u00e9venir  les\natteintes  aux biens  et aux personnes  et de visualiser  le carrefour  pr\u00e9-cit\u00e9  et ses abords\net les flux  pi\u00e9tons  et routiers.\nLa cam\u00e9ra  n\u00b028  (LAN  Vigne  Croze  VPI)  : fixe  de circulation  \u00e0 champ  \u00e9troit  (VPI)\nest implant\u00e9e  sur un m\u00e2t  \u00e0 l'angle  form\u00e9  par le carrefour  D137,  la D14  et le Chemin\nVigne  Croze,  m\u00eame  support  que la cam\u00e9ra  n\u00b027  (LAN  Rte  Vigne  Croze  360)  fixe\nmulticapteurs  360\u00b0  contextuelle  \u00e0 laquelle  elle est associ\u00e9e.  Elle  permet  de faire  un\nfocus  sur les plaques  d'immatriculation  des v\u00e9hicules  circulant  sur le Chemin  de\nVigne  Croze.\nCam\u00e9ra  29\nProgramm\u00e9eChemin  des Aires/  Chemin  des Lavandi\u00e8res\nLa cam\u00e9ra  n\u00b029  (LAN  Ecole  Chemin  fix) : fixe  \u00e0 champ  large  est implant\u00e9e  sur un\ncand\u00e9labre  d'\u00e9clairage  public  existant  situ\u00e9  \u00e0 l'intersection  entre  le Chemin  des\nAires  et de la rue des Lavandi\u00e8res  face  \u00e0 l'Ecole  du Chemin.  Elle  permettra  de pro-\nt\u00e9ger  dans  le cadre  Vigipirate  cette  \u00e9cole,  de pr\u00e9venir  les atteintes  aux biens  et aux\npersonnes  et les d\u00e9tournements  d'espace  et de visualiser,  en ces lieux,  les flux  pi\u00e9-\ntons  et routiers.\nCam\u00e9ra  30\nProgramm\u00e9eComplexe  Sportif\nLa cam\u00e9ra  n\u00b030  (LAN  Complexe  Sportif  360)  : fixe  multicapteurs  360\u00b0  est im-\nPrefecture du Gard - 30-2025-01-15-00013 - ARR\u00caT\u00c9 PR\u00c9FECTORAL DE MODIFICATION VIDEOPROTECTION MAIRIE LANGLADE 202560\nplant\u00e9e  sur un cand\u00e9labre  d'\u00e9clairage  public  existant  situ\u00e9  \u00e0 l'intersection  du Che-\nmin  des Lauzi\u00e8res  et de l'Impasse  de la Cabr\u00e9.  Elle  permettra  de pr\u00e9venir  les at-\nteintes  aux  biens  et aux  personnes  et les d\u00e9tournements  d'espace  sur le complexe\nsportif  et de visualiser,  en ces lieux,  les flux  pi\u00e9tons  et routiers..\nCam\u00e9ras\n31 et 32\nProgram-\nm\u00e9esChemin  des  Cousse  (Prochainement  Chemin  de l'Abrivado/Chemin  des Tama-\nris/  Voie  Verte/Chemin  de I' Aire  Vieille\nLa Cam\u00e9ra  n\u00b031  (LAN  Chemin  Cousses  360)  : fixe  multicapteurs  360\u00b0  contex-\ntuelle  sera  implant\u00e9e  sur un nouveau  cand\u00e9labre  d'\u00e9clairage  public  qui sera\ninstall\u00e9  \u00e0 l'intersection  de la Chemin  des Cousses  (prochainement  Chemin  de\nl'Abrivado),  du Chemin  des Tamaris,  de la voie  verte  et du Chemin  de |'Aire\nVieille,  m\u00eame  support  que la cam\u00e9ra  (LAN  Chemin  Cousses  VPI)  n\u00b032  : fixe  de\ncirculation  \u00e0 champ  \u00e9troit  VPI  \u00e0 laquelle  elle est associ\u00e9e.  Elle  permettra  de pr\u00e9venir,\nsur ces axes,  les atteintes  aux  biens  et aux  personnes,  les d\u00e9tournements  d'espace  et\nd'y visualiser  les flux  pi\u00e9tons  et routiers.\nLa Cam\u00e9ra  n\u00b032  (LAN  Chemin  Cousses  VPI)  : fixe  de circulation  \u00e0 champ  \u00e9troit\nVPI  sera  implant\u00e9e  sur un nouveau  cand\u00e9labre  d'\u00e9clairage  public  qui sera\ninstall\u00e9  \u00e0 l'intersection  du Chemin  des Cousses,  du Chemin  des Tamaris,  de la voie\nverte  et du Chemin  de |' Aire  Vieille,  , de l'impasse  des Canabi\u00e8res,  de la voie  verte\net de la Chemin  des Aires  Vieilles,  m\u00e9me  support  que  la cam\u00e9ra  (LAN  Chemin\nCousses  360)  n\u00b031_:  fixe  multicapteurs  360\u00b0  contextuelle,  \u00e0 laquelle  elle  est asso-\nci\u00e9e.  Elle  sera  orient\u00e9e  vers  le Chemin  des Aires  Vieilles  et permettra  de faire  un fo-\ncus sur les plaques  d'immatriculation  des v\u00e9hicules  circulant  par cet axe.  Elle  sera  o\nrient\u00e9e  vers  le Chemin  de |' Aire  Vieille  |\nCam\u00e9ras\n33 et 34\nProgram-\nm\u00e9esParking  Relais  1 \u2014- Chemin  des Rouzaous\nLa cam\u00e9ra  n\u00b033  (LAN  Parking  Relais  1 360):  fixe  multicapteurs  360\u00b0  contex-\ntuelle  sera  implant\u00e9e  sur un nouveau  cand\u00e9labre  d'\u00e9clairage  public  situ\u00e9  sur le Che-\nmin  des Rouzaous  \u00e0 l'entr\u00e9e  du parking  co-voiturage  m\u00eame  support  que la cam\u00e9ra\nn\u00b034  (LAN  Parking  Relais  1 VPI)  de circulation  \u00e0 champ  \u00e9troit  VPI  \u00e0 laquelle  elle\nest associ\u00e9e.  Elles  permettront  de pr\u00e9venir  les atteintes  aux  biens  et aux personnes,\nles d\u00e9tournements  d'espace  et de visualiser  les flux  pi\u00e9tons  et routiers  sur le Chemin\ndes Rouzaous  et le parking  Co-voiturage.  La Cam\u00e9ra  n\u00b034  (LAN  Parking  Relais  1\nVPI)  sera orient\u00e9e  en direction  du rond-Point  de la D40  et permettra  de faire  un fo-\ncus sur les plaques  d'immatriculation  des v\u00e9hicules  circulant  sur le Chemin  des\nRouzaous.\nCam\u00e9ras\n35 \u00e0 37\nProgram-\nm\u00e9esArr\u00eat  de Bus/  Route  des Pin\u00e8des/Chemin  des Rouzaous/D40\nLa cam\u00e9ra  n\u00b035  (LAN  Arr\u00eat  de Bus  360)  : fixe  multicapteurs  360\u00b0  contextuelle\net la Cam\u00e9ra  n\u00b036  (LAN  Arr\u00eat  de bus)  : d\u00f4me  PTZ  motoris\u00e9e  seront  im-\nplant\u00e9es  sur un nouveau  m\u00e2t  situ\u00e9  Route  des Pin\u00e8des  au niveau  des arr\u00eats  de bus de\nla D40,  m\u00eame  support  \u00e9galement  que la cam\u00e9ra  n\u00b037  (LAN  Arr\u00eat  de Bus  VPI)  de\ncirculation  \u00e0 champ  \u00e9troit  (VPI)  \u00e0 laquelle  la cam\u00e9ra  n\u00b035  est associ\u00e9e.  La C35  et la\nC36  permettront,  de fa\u00e7on  compl\u00e9mentaire,  en ces lieux  et sur le rond-point  de la\nD40,  de pr\u00e9venir  les atteintes  aux  biens  et aux  personnes  et d'y visualiser  les flux\npi\u00e9tons  et routiers.  |\nLa cam\u00e9ra  n\u00b037  (LAN  Arr\u00eat  de Bus  VPI)  : fixe  de circulation  \u00e0 champ  \u00e9troit  (VPI)\nsera implant\u00e9e  sur un nouveau  m\u00e2t situ\u00e9  Route  des Pin\u00e8des  au niveau  des arr\u00eats  de\nbus de la D40,  m\u00eame  support  \u00e9galement  que  la cam\u00e9ra  n\u00b035  (LAN  Arr\u00eat  de Bus\n360)  fixe  multicapteurs  360\u00b0  contextuelle  \u00e0 laquelle  elle  est associ\u00e9e.  Elle  permet-\nPrefecture du Gard - 30-2025-01-15-00013 - ARR\u00caT\u00c9 PR\u00c9FECTORAL DE MODIFICATION VIDEOPROTECTION MAIRIE LANGLADE 202561\ntra de faire  un focus  sur les plaques  d'immatriculation  des v\u00e9hicules  circulant  sur la\nRoute  des Pin\u00e9des  dans  les deux  sens.\n| Cam\u00e9ras  Parking  Relais  2\n38 La cam\u00e9ra  n\u00b038  (LAN  Parking  Relais  2 360)  : fixe  multicapteurs  360\u00b0  sera  im-.\nProgramm\u00e9e  | plant\u00e9e  sur un mat  fix\u00e9  \u00e0 l'angle  Nord-Est  du futur  local  de repos  de la soci\u00e9t\u00e9  de bus\nsitu\u00e9  \u00e0 l'entr\u00e9e  du Parking  Relais  2. Elle permettra  de pr\u00e9venir  les atteintes  aux\nbiens  et aux  personnes  et les d\u00e9tournements  d'espace  sur ce futur  parking  et sur le lo-\ncal de repos  des conducteurs  de bus et d'y visualiser,  en ces lieux,  les flux  pi\u00e9tons  et\nroutiers.\nPrefecture du Gard - 30-2025-01-15-00013 - ARR\u00caT\u00c9 PR\u00c9FECTORAL DE MODIFICATION VIDEOPROTECTION MAIRIE LANGLADE 202562\nPrefecture du Gard - 30-2025-01-15-00013 - ARR\u00caT\u00c9 PR\u00c9FECTORAL DE MODIFICATION VIDEOPROTECTION MAIRIE LANGLADE 202563\nPrefecture du Gard\n30-2025-01-15-00014\nARR\u00caT\u00c9 PR\u00c9FECTORAL DE MODIFICATION\nVIDEOPROTECTION MAIRIE MARGUERITTES\n2025\nPrefecture du Gard - 30-2025-01-15-00014 - ARR\u00caT\u00c9 PR\u00c9FECTORAL DE MODIFICATION VIDEOPROTECTION MAIRIE MARGUERITTES\n2025 64\nEw  |\nPR\u00c9FET  : \u00a3Cabinet  du Pr\u00e9fetDU GARD  . \u00b0 _\nLiber  Direction  des  S\u00e9curit\u00e9s\nEgatite  . i . . ele  . oe ' # a ae\nFraternit\u00e9  Service  d'Animation  des  Politiques  de S\u00e9curit\u00e9  Int\u00e9rieure\nBureau  des  Polices  Administratives\nArr\u00eat\u00e9  n\u00b0 30-2025-01-15-07\nportant  modification  de l'autorisation  de fonctionnement  d'un  syst\u00e8me  de vid\u00e9oprotection\nLe pr\u00e9fet  du gard,\nChevalier  de la L\u00e9gion  d'Honneur,\nChevalier  de l'Ordre  National  du M\u00e9rite,\nVu le titre  V du livre  II de la partie  l\u00e9gislative  et de la partie  r\u00e9glementaire  du code  de la\ns\u00e9curit\u00e9  int\u00e9rieure  ;\nVu le code  civil  et notamment  son  article  9 ;\nVu le nouveau  code  p\u00e9nal  et notamment  son  article  226-1  ;\nVu le d\u00e9cret  n\u00b0 2015-489  du 29 avril 2015 relatif a la vid\u00e9oprotection  ;\nVu le d\u00e9cret  du 13 juillet  2023  nommant  M. J\u00e9r\u00f4me  BONET,  pr\u00e9fet  du Gard  ;\nVu l'arr\u00eat\u00e9  minist\u00e9riel  et la circulaire  du 3 ao\u00fbt  2007  portant  d\u00e9finition  des  normes  techniques\ndes  syst\u00e8mes  de vid\u00e9oprotection  ;\nVu l'arr\u00eat\u00e9  pr\u00e9fectoral  n\u00b0 2019345-028  du 11 d\u00e9cembre  2019  portant  autorisation  de\nfonctionnement  d'un  syst\u00e8me.de  vid\u00e9oprotection  ;\nVu l'arr\u00eat\u00e9  pr\u00e9fectoral  n\u00b0 2022061-030  du 2 mars  2022  portant  modification  d'un  syst\u00e8me  de\nvid\u00e9oprotection  ; |\nVu l'arr\u00eat\u00e9  pr\u00e9fectoral  n\u00b0 30-2024-10-18-00009  du 18 octobre  2024  donnant  d\u00e9l\u00e9gation  de signa-\nture  \u00e0 Mme  Marie-  Charlotte  EUVRARD,  sous-  pr\u00e9f\u00e9te,  directrice  de cabinet  du pr\u00e9fet  du\nGard;\nVu l'arr\u00eat\u00e9  pr\u00e9fectoral  n\u00b0 30-2024-11-28-00004  du 28 novembre  2024  donnant  d\u00e9l\u00e9gation  de si-\ngnature  \u00e0 M. Franck  LACOSTE,  directeur  des  s\u00e9curit\u00e9s,  directeur  de cabinet  adjoint  du pr\u00e9fet\ndu Gard;\nVu la circulaire  n\u00b0 INT  D09/00057/C  du 12 mars  2009  relative  aux  conditions  de d\u00e9ploiement\ndes  syst\u00e8mes  de vid\u00e9oprotection  ;\nVu la demande  de modification  de fonctionnement  d'un  syst\u00e8me  de vid\u00e9oprotection\npr\u00e9sent\u00e9e  par  la mairie  de MARGUERITTES  ;\nVu l'avis  du r\u00e9f\u00e9rent  s\u00fbret\u00e9  ;\nVu l'avis  de la commission  d\u00e9partementale  des  syst\u00e8mes  de vid\u00e9oprotection  r\u00e9unie  le 11\nd\u00e9cembre  2024  ;\nSur proposition  de la directrice  de cabinet  du pr\u00e9fet  du Gard.\nPrefecture du Gard - 30-2025-01-15-00014 - ARR\u00caT\u00c9 PR\u00c9FECTORAL DE MODIFICATION VIDEOPROTECTION MAIRIE MARGUERITTES\n2025 65\nArr\u00eate  :\nArticle  1: La mairie  de MARGUERITTES  est autoris\u00e9e  \u00e0 modifier  son syst\u00e8me  de\nvid\u00e9oprotection.  Cette  autorisation  est valable  pour  une  dur\u00e9e  de cinq  ans renouvelable.\nLa pr\u00e9sente  autorisation  est d\u00e9livr\u00e9e  sans  pr\u00e9judice  des droits  des tiers.\nCette modification  intervient  sur l'installation  de vid\u00e9oprotection  Dr\u00e9cddiemment  autoris\u00e9e\npar arr\u00eat\u00e9  pr\u00e9fectoral  n\u00b0 2022061-030  du 2 mars  2022  susvis\u00e9.  \u2014\nArticle  2 : les modifications  portent  sur l'extension  du syst\u00e8me  par 3 cam\u00e9ras  int\u00e9rieures  et 2\ncam\u00e9ras  voie  publique  suppl\u00e9mentaires  soit  un total  de 72 cam\u00e9ras.\nArticle  3: Le reste des dispositions  pr\u00e9vues  par l'arr\u00eat\u00e9  n\u00b0 2022061-030  du 2 mars 2022\ndemeure  applicable.  |\nArticle  4: la directrice  de cabinet  du pr\u00e9fet  du Gard,  le directeur  interd\u00e9partemental  de la\npolice  nationale  du Gard,  le commandant  du groupement  de gendarmerie  du Gard  sont\ncharg\u00e9s,  chacun  en ce qui le concerne,  de l'ex\u00e9cution  du pr\u00e9sent  arr\u00eat\u00e9  qui sera  publi\u00e9  au\nrecueil  des actes  administratifs  de la pr\u00e9fecture.  Un exemplaire  de cette  d\u00e9cision  sera  notifi\u00e9\nau maire  de la commune  de MARGUERITTES.\nN\u00eemes, le AS jax Vee lo\u00e9sS\nMarie-Charl\u00e8ke  EUVRARD\nPrefecture du Gard - 30-2025-01-15-00014 - ARR\u00caT\u00c9 PR\u00c9FECTORAL DE MODIFICATION VIDEOPROTECTION MAIRIE MARGUERITTES\n2025 66\nNum\u00e9rota-  Liste  des  cam\u00e9ras  pr\u00e9sentes  et futures  sur MARGUERITTES\ntion\nCam\u00e9ra  01\nEn service  14 Rue  Gustave  de Chanaleilles  (place  de la mairie)  (MAR  Mairie):\nCam\u00e9ra  d\u00f4me  implant\u00e9e  \u00e0 l'angle  de la maison  de retraite  de mani\u00e8re  \u00e0 visionner\nl'ensemble  de la place  de la mairie.  |\nCam\u00e9ra  02\nEn service  47 avenue  de Provence  (Intersection  avec  l'avenue  F. Pertus)  . (MAR  Provence\nfixe):\n_Cam\u00e9ra  fixe  multicapteurs  implant\u00e9e  sur l'habitation  du 47 avenue  de Provence.\nElle  permettra  de visionner  les flux  pi\u00e9tons  et routiers  en direction  de l'avenue  de\nProvence  \u00e0 hauteur  du centre  commercial  du Ventoux,  en direction  de l'avenue\nCharles  de Gaulle,  en direction  de l'avenue  Ferdinand  Pertus  et en direction  de la\nPlace  du Ventoux.\nCam\u00e9ra  03 \u00e0\n05 Centre  commercial  du Ventoux  (MAR  Ventoux  1 fixe  - MAR  Ventoux  2 fixe  \u2014\nEn service  MAR  Ventoux  3 fixe):\nTrois  capteurs  vid\u00e9o  sont  install\u00e9es  sur la fa\u00e7ade  d'une  construction  situ\u00e9e  \u00e0 l'angle\ndu parking  du centre  commercial  du Ventoux  et de la voie  pi\u00e9tonne  ouverte  reliant  le\nparking  \u00e0 la rue Vincent.  Ces  cam\u00e9ras  permettent  un suivi  en continu  de l'ensemble\ndes flux  de circulation  dans  ce secteur  sensible  de la ville.\nCam\u00e9ra  06\nAvenue  Charles  De Gaulle  (MAR  Charles  de Gaulle  fixe): En service\nCam\u00e9ra  fixe  est implant\u00e9e  sur un cand\u00e9labre  d'\u00e9clairage  de l'avenue  Charles  de\nGaulle  pour  visionner  tout  d\u00e9placement  sur la voie  publique  en direction  du centre-\nville.\nCam\u00e9ras  07\nEn service Rue  Vincent  (MAR  Vincent  fixe):\nCam\u00e9ra  fixe  est install\u00e9e  sur un cand\u00e9labre  d'\u00e9clairage  pour  suivre  les flux  pi\u00e9tons  et\nroutiers  \u00e0 hauteur  de l'intersection  avec  l'avenue  Charles  de Gaulle  (\u00e0 hauteur  de\nl'abri  bus).\nCam\u00e9ras  08\nEn service Intersection  avenues  de Genest  et Mazeirac  / rue  du Canabou  (MAR  Canabou\nfixe):  |\nCam\u00e9ra  fixe  est install\u00e9e  sur un cand\u00e9labre  d'\u00e9clairage  rue de Canabou  pour  suivre\nles flux  de circulation  \u00e0 hauteur  de l'intersection  avec  les avenues  de Genest  et de\nMazeirac\nCam\u00e9ras  09\net 10 Rond-point  rue Vincent  / rue de Clarensargues  (MAR  Clarensargues  1 fixe \u2014\nEn service  MAR  Vincent  3107):\nDeux  cam\u00e9ras  fixes  install\u00e9es  sur un cand\u00e9labre  d'\u00e9clairage  situ\u00e9  au centre  du rond-\npoint  de la rue Vincent  et rue de Clarensargues  pour  suivre  les flux  de circulation  en\ndirection  de ces deux  art\u00e8res  du centre-ville.\nCam\u00e9ra  11 Rue  des  Vendangeurs  (MAR  Vendangeurs  fixe  3111)  (coupl\u00e9e  \u00e0 la C38):\nEn service  Cam\u00e9ra  fixe  implant\u00e9e  sur un cand\u00e9labre  d'\u00e9clairage  et orient\u00e9e  en direction  du\ncentre-ville  pour  suivre  les diff\u00e9rents  flux  de circulation.\nCam\u00e9ra  12 Rue  des anciens  Combattants  (MAR  Anciens  Combattants  fixe)  (coupl\u00e9e  \u00e0 la\nPrefecture du Gard - 30-2025-01-15-00014 - ARR\u00caT\u00c9 PR\u00c9FECTORAL DE MODIFICATION VIDEOPROTECTION MAIRIE MARGUERITTES\n2025 67\nEn service  C33):  !\nCam\u00e9ra  fixe  install\u00e9e  \u00e0 l'entr\u00e9e  de la ville  sur un cand\u00e9labre  d'\u00e9clairage  et visionne  la\nrue des Anciens  Combattants  en direction  de l'intersection  avec  la rue de Moul\u00e8s.\nCam\u00e9ra  13 |\nEn service  Intersection  Rue  Bouhage  Boualam  /rue  Daudet  (MAR  Daudet  fixe):\nCam\u00e9ra  fixe install\u00e9e  sur un cand\u00e9labre  en bordure  de la rue Daudet  permettant  de\nvisionner  les flux  de circulation  \u00e0 hauteur  de l'intersection  avec  la rue Bouhage\nBoualam  (en direction  de la sortie  de la ville  RD 135).\nCam\u00e9ra  14\nEn service  Avenue  Cl\u00e9ment  Adler  (MAR  ZA TEC  1 fixe)\n(Zone  d'activit\u00e9  du TEC  - c\u00f4t\u00e9  RD 135 /Nimes)  :\nCam\u00e9ra  fixe  install\u00e9e  sur un cand\u00e9labre  d'\u00e9clairage  pour  suivre  les flux  de circulation\nsur l'avenue  Cl\u00e9ment  Adler  en direction  du RD 135 \u2014 Nimes.\nCam\u00e9ras  15\nRond-point  de l'avenue  Cl\u00e9ment  Adler/Avenue  Magellan  (Zone  d'activit\u00e9  du En service\nTEC  - c\u00f4t\u00e9  RD 135 route  d'Uz\u00e9s)  (MAR  ZA TEC  2 fixe):\nCam\u00e9ra  fixe install\u00e9e  sur un cand\u00e9labre  d'\u00e9clairage  situ\u00e9  en bordure  du rond-point  de\nl'avenue  Cl\u00e9ment  Adler  et de la route  d'Uz\u00e8s  -RD135-  pour  suivre  les flux de circula-\ntion  entrants  et sortants  de la ville.\nCam\u00e9ra  16 |\nEn service  Rue  des C\u00e9vennes  (poste  de la Police  Municipale)  (MAR  PM fixe):\nCam\u00e9ra  fixe  install\u00e9e  sur un cand\u00e9labre  d'\u00e9clairage  pour  suivre  les flux  de circula-\ntion  de l'entr\u00e9e  du poste  de la Police  Municipale  |\nCam\u00e9ras  17\n\u00e0 19\nEn servicePassage  de l'Arceau  de Saint  Gervasy  (MAR  Arceau  St Gervasy  1 fixe - MAR\nArceau  St Gervasy  2 fixe  - MAR  Arceau  st Gervasy  3 fixe):\n| Trois  cam\u00e9ras  fixes  permettent  de suivre  les diff\u00e9rents  flux  de circulation  qui em-\npruntent  un \u00e9troit  passage  pour  cheminer  sous  des habitations  entre  la rue J. Pascal  et\nla rue Saint  Joseph  (arri\u00e8re  de l'\u00e9glise)\nCam\u00e9ras  20\net 21 Piscine  municipale  (MAR  Piscine  1 fixe - MAR  Piscine  2 fixe):\nEn service  Deux  cam\u00e9ras  fixes  int\u00e9rieures  install\u00e9es  dans  le hall d'entr\u00e9e  de la piscine  et dans  la\nsalle  o\u00f9 sont  install\u00e9s  les casiers  qui servent  de vestiaires  aux utilisateurs.\nCam\u00e9ras  _22\net 23 Piscine  municipale.  (MAR  Piscine  3 fixe \u2014- MAR  Piscine  4 fixe):\nEn service  Deux  cam\u00e9ras  fixes  ext\u00e9rieures  permettant  de visionner  l'eau  des deux  bassins  de na-\ntation.\nCam\u00e9ras  24\n\u00e0 27\nEn serviceSalle  polyvalente  (plaine  de Peyrouse)  (MAR  Salle  polyvalente  1 fixe  - MAR\nSalle  polyvalente  2 fixe  -MAR  Salle  polyvalente  3 fixe  - MAR  salle  polyvalente  4\nfixe):\nUn capteur  fixe sera  implant\u00e9  sur un m\u00e2t \u00e0 l'entr\u00e9e  du parking  de la salle  polyvalente\nc\u00f4t\u00e9  plaine  de Peyrouse.  Un deuxi\u00e8me  capteur  fixe  est install\u00e9  sur un nouveau  m\u00e2t du\nm\u00eame  c\u00f4t\u00e9  du b\u00e2timent  pour  visionner  la fa\u00e7ade  de la salle  polyvalente.  Deux  cam\u00e9-\nras fixes  sont  install\u00e9es  sur un m\u00eame  m\u00e2t (c\u00f4t\u00e9  stade  de rugby)  afin  de compl\u00e9ter  ce\ndispositif  de vid\u00e9oprotection  install\u00e9  aux abords  imm\u00e9diats  de la salle  polyvalente.\nCam\u00e9ras  28\n\u00e0 30\nEn serviceHalle  des Sports  (rue  des C\u00e9vennes)  : (MAR  Halle  des sports  fixe 1- MAR  Halle\ndes sports-MAR  Halle  des sports  1)\nPrefecture du Gard - 30-2025-01-15-00014 - ARR\u00caT\u00c9 PR\u00c9FECTORAL DE MODIFICATION VIDEOPROTECTION MAIRIE MARGUERITTES\n2025 68\nUne  cam\u00e9ra  int\u00e9rieure  sera  install\u00e9e  dans  le hall  d'entr\u00e9e  de la Halle  des sports  (c\u00f4t\u00e9\nrue des C\u00e9vennes)  permettant  de suivre  les flux  entrant  et sortant  de ce b\u00e2timent\ncommunal.\nUne  cam\u00e9ra  d\u00f4me  motoris\u00e9e  install\u00e9e  sur un cand\u00e9labre  d'\u00e9clairage  public  \u00e0 l'angle\nde la rue des C\u00e9vennes  et du parking  de la piscine  permet  de suivre  les flux  de circu-\nlation  aux abords  imm\u00e9diats  de la Halle  des sports  (c\u00f4t\u00e9  locaux  du club  de tir \u00e0 l'arc\net rue des C\u00e9vennes).\nUne  cam\u00e9ra  d\u00f4me  motoris\u00e9e  est implant\u00e9e  sur un nouveau  m\u00e2t  (c\u00f4t\u00e9  courts  de ten-\nnis)  pour  permettre  de visionner  de face  l'entr\u00e9e  spectateurs  de la halle  des sports  et\nles flux de circulation  sur cette  partie  arri\u00e8re  du b\u00e2timent  municipal.\nCam\u00e9ra  31\nEn  service  M\u00e9diath\u00e8que  Simone  Veil  (rue  de la Travette)  (MAR  M\u00e9diath\u00e8que):\nCam\u00e9ra  d\u00f4me  motoris\u00e9e  sera  implant\u00e9e  sur le cand\u00e9labre  d'\u00e9clairage  situ\u00e9  \u00e0 hauteur\nde l'intersection  de la rue de la Travette  et de la rue de l'Amandier  pour  suivre  les flux\nde circulation  \u00e0 hauteur  de l'entr\u00e9e  de la M\u00e9diath\u00e8que  et sur le parking  situ\u00e9  devant  le\ngroupe  scolaire  de Marcieu.\nCam\u00e9ra  32\nEn service  Ar\u00e8nes  (intersection  chemin  de Rodilhan,  rue  de Baroncelli  et rue  du Langue-\ndoc)  .(MAR  Ar\u00e8nes):\nCam\u00e9ra  d\u00f4me  motoris\u00e9e  sera  install\u00e9e  sur la fa\u00e7ade  des ar\u00e8nes  (angle  du chemin  de\nRodilhan  et de la rue du Languedoc)  pour  suivre  les diff\u00e9rents  flux  de circulation  \u00e0\nhauteur  de cette  intersection  et sur la place  am\u00e9nag\u00e9e  avec  piste  de danse  et buvette\nen lieu  et place  de l'ancien  stade.\nCam\u00e9ra  33 |\nEn service  Rue  des  Anciens  Combattants  (MAR  Anciens  combattants  VPI):\nCam\u00e9ra  fixe  visualisation  des plaques  d'immatriculation  (VPI),  implant\u00e9e  sur le\nm\u00eame  support  que  la cam\u00e9ra  12, permettra  de visualiser  l'entr\u00e9e  de la commune  par\nla Rue  des Anciens  Combattants  depuis  la D135.\nCam\u00e9ras  34\net 35 Rond-Point  Charles  de Gaulle  (MAR  Charles  de Gaulle  Fixe  - MAR  Charles  de\nEn service  Gaulle  VPI)\nCam\u00e9ra  fixe  contextuelle  implant\u00e9e  sur un m\u00e2t  d'\u00e9clairage  public  situ\u00e9  au niveau  du\nrond-point  Charles  de Gaulle,  associ\u00e9e  \u00e0 une  cam\u00e9ra  fixe  visualisation  des plaques\nd'immatriculation  (VPI),  permettront  de visualiser  l'entr\u00e9e  de la commune  par la\nRue  de Paris  Charles  de Gaulle  depuis  la N86.\nCam\u00e9ras  36\net 37 Avenue  de la Camargue  (MAR  Camargue  FIXE  - MAR  Camargue  VPI)\nEn service  Cam\u00e9ra  fixe  contextuelle  implant\u00e9e  sur un cand\u00e9labre  d'\u00e9clairage  public  situ\u00e9  au ni-\nveau  du croisement  de l' Avenue  de Camargue  et de |' Avenue  de la Gare,  associ\u00e9e  \u00e0\nune  cam\u00e9ra  fixe  visualisation  des plaques  d'immatriculation  (VPI),  permettront  de\nvisualiser  l'entr\u00e9e  de la commune  par le Chemin  des Canaux.\nCam\u00e9ra  38 :\nEn service  Rue  des  Vendangeurs  (MAR  Vendangeurs  VPI):\nCam\u00e9ra  fixe  visualisation  des plaques  d'immatriculation  (VPI),  implant\u00e9e  sur le\nm\u00eame  support  que  la cam\u00e9ra  11, permettra  de visualiser  l'entr\u00e9e  de la commune  par\nla route  de St Gervazy.\nCam\u00e9ras  39\net 40 : Z.A  DU  TEC  (MAR  ZA TEC  3 FIXE  - MAR  ZA TEC  3 VPI)\nEn service  Cam\u00e9ra  fixe  contextuelle  implant\u00e9e  sur le m\u00eame  cand\u00e9labre  que  la cam\u00e9ra  14 asso-\nPrefecture du Gard - 30-2025-01-15-00014 - ARR\u00caT\u00c9 PR\u00c9FECTORAL DE MODIFICATION VIDEOPROTECTION MAIRIE MARGUERITTES\n2025 69\nci\u00e9e  \u00e0 une cam\u00e9ra  fixe  visualisation  des plaques  d'immatriculation  (VPI)  , permet-\ntront  de visualiser  l'entr\u00e9e  de la ZAC  depuis  D135  (c\u00f4t\u00e9  Nimes).\nCam\u00e9ras  41\net 42 :\nEn serviceCarrefour  Rue  Daudet  \u2014 Rue  des Hirondelles  \u2014 Rue  des 4 Vents  (Mars  4 Vents\n360  \u2014 MARS  4 Vents  VPI)  :\nLa Cam\u00e9ra  n\u00b041  multicapteurs  (x 4) implant\u00e9e  sur un cand\u00e9labre  d'\u00e9clairage  public\nsitu\u00e9  au niveau  du carrefour,  associ\u00e9e  a la cam\u00e9ra  n\u00b042  fixe  visualisation  des plaques\nd'immatriculation  (VPI),  permettront  de visualiser  l'\u00e9ntr\u00e9e  de la commune  par la\nRue  Daudet  depuis  la D135  sur la Rue  Daudet  en direction  de la D135,  de la Rue  des\nHirondelles,  de la Rue  des Quatre  vents,  de la Rue  Daudet  en direction  du centre-\nville  |\nCam\u00e9ra  43 \u00e0\n46:\nEn serviceIntersection  Chemin  bas  \u2014 All\u00e9e  de la Picholine  (MAR  Chemin  Bas  Fixe  1 et 2 \u2014\nMAR  Chemin  Bas  VPI  1 et 2)\nC46-C47  : 1 Cam\u00e9ra  fixe  contextuelle  implant\u00e9e  sur un cand\u00e9labre  d'\u00e9clairage  pu-\nblic  situ\u00e9  au niveau  de |' intersection,  associ\u00e9e  \u00e0 une cam\u00e9ra  fixe  visualisation  de\nplaques  d'immatriculation  (VPI),  permettront  de visualiser  l'entr\u00e9e  de la commune\npar le Chemin  bas de Marguerittes.  |\nC48-C49  : Cam\u00e9ras  fixes  contextuelles  implant\u00e9es  sur le m\u00eame  cand\u00e9labre  d'\u00e9clai-\nrage  public  situ\u00e9  au niveau  de l'intersection,  associ\u00e9e  \u00e0 une cam\u00e9ra  fixe  visualisation\nde plaques  d'immatriculation  (VPI),  permettront  de visualiser  la sortie  de la com-\nmune  par le Chemin  bas de Marguerties  au niveau  de l'intersection  avec  l'all\u00e9e  de la\nPicholine.  |\nCam\u00e9ras  47\net 48 :\nEn serviceChemin  de Redessan  (MAR  Ch. De Redessan  FIXE  - MAR  Ch. De Redessan  VPI)\nCam\u00e9ra  fixe  contextuelle  implant\u00e9e  sur un cand\u00e9labre  d'\u00e9clairage  public  situ\u00e9  au ni-\nveau  de l'intersection  du Chemin  de Redessan  et de la Rue  Mireille,  associ\u00e9e  \u00e0 une\ncam\u00e9ra  fixe  visualisation  de plaques  d'immatriculation  , permettront  de visualiser\nl'entr\u00e9e  de la commune  par le Chemin  de Redessan.\nCam\u00e9ras  49\net 50 :\nEn ServiceRoute  de Poulx  (MAR  Rte de Poulx  FIXE  - MAR  Rte de Poulx  VPI)\nCam\u00e9ra  fixe  contextuelle  implant\u00e9e  sur un m\u00e2t  neuf  situ\u00e9  \u00e0 hauteur  de la brigade  de\ngendarmerie,  associ\u00e9e  \u00e0 une cam\u00e9ra  fixe  visualisation  de plaques  d'immatriculation,\npermettront  de visualiser  l'entr\u00e9e  de la commune  par la route  de Poulx.\nCam\u00e9ras  51\net 52 :\nEn ServiceMarch\u00e9  (MAR  March\u00e9  1 - MAR  March\u00e9  2)\nCam\u00e9ra  fixe multicapteurs  (x4) implant\u00e9e  sur un cand\u00e9labre  d'\u00e9clairage  public  situ\u00e9\nau niveau  du carrefour  Avenue  Ferdinand  Pertus,  Avenue  du Plaisir,  Avenue  de\nN\u00eemes,  Avenue  des C\u00e9vennes,  associ\u00e9e  \u00e0 une cam\u00e9ra  d\u00f4me  motoris\u00e9  (PTZ)  pour\nl'identification,  permettant  de visionner  de l' Avenue  du Plaisir,  de l' Avenue  de\nN\u00eemes,  Rue  des C\u00e9vennes  et de l' Avenue  Ferdinand  Pertus  (march\u00e9).\nCam\u00e9ra  53 :\nEn Service | Z.A Du Tec  \u2014 Avenue  Magellan  (MAR  Magellan)\nCam\u00e9ra  fixe multicapteurs  (x4) implant\u00e9e  sur un cand\u00e9labre  d'\u00e9clairage  public  situ\u00e9\nau niveau  du croisement  de l' Avenue  de Magellan  et de l'All\u00e9e  Jacques  Cartier  per-\nmettant  de visionner  : les flux  pi\u00e9tons  et routiers  de l' Avenue  Magellan  depuis  la |\nD135,  les flux  pi\u00e9tons  et routiers  de |' All\u00e9e  Jacques  Cartier  vers  la Gendarmerie,  les\nflux  pi\u00e9tons  et routiers  de la Rue  Gariguette,  les flux  pi\u00e9tons  et routiers  de l' Avenue\nMagellan  vers  l'entreprise  Baumel  (voie  sans  issue).\nCam\u00e9ra  54 :\nEn Service Ecole  Peyrouse  (MAR  Ecole  Peyrouse)\nPrefecture du Gard - 30-2025-01-15-00014 - ARR\u00caT\u00c9 PR\u00c9FECTORAL DE MODIFICATION VIDEOPROTECTION MAIRIE MARGUERITTES\n2025 70\nCam\u00e9ra  fixe  multicapteurs  (x4)  implant\u00e9e  sur un m\u00e2t  neuf  situ\u00e9  a l'angle  de la Rue\nMarcel  Bonafoux  et de l' Avenue  de N\u00eemes  permettant  de visionner  : les flux  pi\u00e9tons\net routiers  de 1' Avenue  de Nimes  depuis  le centre-ville,  les flux  pi\u00e9tons  et routiers  de\nl' Avenue  de Nimes  en direction  du D135,  les flux  pi\u00e9tons  et routiers  en direction  de\nla salle  polyvalente,  le parking  de l'\u00e9cole  Peyrouse\nCam\u00e9ra  55 :\nProgramm\u00e9e  | Zone  de la Ponche  Sud  (MAR  Zone  Ponche  Sud)\nCam\u00e9ra  d\u00f4me  motoris\u00e9  (PTZ)  implant\u00e9e  sur un cand\u00e9labre  d'\u00e9clairage  public  situ\u00e9\nau niveau  du rond-point  de la N86,  dans  la contre-all\u00e9e  de la zone,  permettant  de vi-\nsionner  l'acc\u00e8s  \u00e0 la zone  et l'arr\u00eat  de bus.\nCam\u00e9ra  56: |\nSquare  des associations  (MAR  Associations) En service\nCam\u00e9ra  fixe  (180\u00b0)  sera  install\u00e9e  sur un m\u00e2t  situ\u00e9  au niveau  du portail  d'acc\u00e8s  du\nsquare  et permet  de visualiser  l'espace  v\u00e9g\u00e9talis\u00e9  du square  ainsi  que ses installa-\ntions.  |\nCam\u00e9ra  57 :\nEn serviceRue  des C\u00e9vennes  (MAR  C\u00e9vennes  360 )\nCam\u00e9ra  fixe  multicapteurs  implant\u00e9e  sur un mat  situ\u00e9  en bordure  de la Rue  des C\u00e9-\nvennes  au niveau  du Square  des associations  qui permet  de visionner  les flux  pi\u00e9tons\net routiers  sur la rue des C\u00e9vennes  en direction  du Coll\u00e8ge,  form\u00e9e  par la rue de la\nTravette  et la rue des Cevennes  en direction  du c\u0153ur  du village,  la Rue  des Cevennes\nau niveau  du Square  des associations  ainsi  que la porte  d'entr\u00e9e  du ch\u00e2teau  d' Eau.\nCam\u00e9ra  58 :\nEn service Square  Apollinaire  (MAR  Apollinaire  360)\nCam\u00e9ra  fixe  multicapteurs  implant\u00e9e  sur un m\u00e2t  situ\u00e9  en bordure  du Square  Rue\nApollinaire.  Elle  permet  de voir  les flux  pi\u00e9tons  et routiers  de la rue Apollinaire,  en\ndirection  de la rue des Vendangeurs,  celle  en direction  de la rue Paul  Eluard,  le\nSquare  et ses installations,  sur le chemin  et au niveau  de la passerelle  du Canabou.\nCam\u00e9ras  59\net 60\nProgram-\nm\u00e9esRue  du Scarab\u00e9e  (MAR  Scarabee  Fixe  \u2014- MAR  Scarabee  Vpi)\nLa Cam\u00e9ra  n\u00b056  fixe  contextuelle  sera  install\u00e9e  sur le cand\u00e9labre  d' \u00e9clairage  public\nexistant  \u00e0 hauteur  du 5 rue du Scarab\u00e9e.  Elle  sera  orient\u00e9e  sur la rue du Scarab\u00e9e  vers\nentr\u00e9e  du village  et permettra,  associ\u00e9e  \u00e0 la cam\u00e9ra  n\u00b057,  d'avoir  une  vue contex-\ntuelle  sur les flux  pi\u00e9tons  et v\u00e9hicules  afin  de pr\u00e9venir  les atteintes  aux  biens.\nLa Cam\u00e9ra  n\u00b057  de circulation  \u00e0 champs  \u00e9troit  sera  install\u00e9e  sur le m\u00eame  cand\u00e9-\nlabre  d'\u00e9clairage  public  existant  \u00e0 hauteur  du 5 rue du Scarab\u00e9e  que  la cam\u00e9ra  n\u00b056\ncontextuelle  \u00e0 laquelle  elle  est associ\u00e9e.  Elle  sera  orient\u00e9e  sur la rue du Scarab\u00e9e  vers\nl'entr\u00e9e  du village  et permettra  de faire  un focus  sur les plaques  d'immatriculation\ndes v\u00e9hicules  circulant  sur cette  voie.\nCam\u00e9ra  61\nProgramm\u00e9e Intersection  rue  de Languedoc/Rue  du Biou  Lou  Rami/Lavoir  (MAR  Lavoir\n360)\nLa Cam\u00e9ra  n\u00b058  fixe  multicapteurs  sera  install\u00e9e  sur un nouveau  cand\u00e9labre\nd'\u00e9clairage  public  situ\u00e9  \u00e0 l'angle  de l'intersection  Rue  du Languedoc  et de la Rue  du\nBiou  Lou  Rami  au niveau  du Lavoir.  Elle  permettra  de prot\u00e9ger,  des atteintes  aux\nbiens  et des d\u00e9tournements  d'espace,  le lavoir,  le terrain  de p\u00e9tanques  et les abords\nPrefecture du Gard - 30-2025-01-15-00014 - ARR\u00caT\u00c9 PR\u00c9FECTORAL DE MODIFICATION VIDEOPROTECTION MAIRIE MARGUERITTES\n2025 71\ndes ar\u00e8nes.  Plus  g\u00e9n\u00e9ralement,  elle  permettra  de visualiser  les flux  routiers  et pi\u00e9tons\nen ces lieux  et sur les rues  du Languedoc  et de la Rue  du Biou  Loui  Rami.\nCam\u00e9ras  62\net 63 Ecole  Genestet  (MAR  Genestet  01 - MAR  Genestet  02)\nProgram-  Les  cam\u00e9ras  n\u00b059  et 60 : deux  cam\u00e9ras  fixes  seront  install\u00e9es  sur la fa\u00e7ade  Nord  de\nm\u00e9es  l'\u00e9cole  Maternelle  Genestet  donnant  sur la rue Pierre  de Coubertin.  Elles  permettront\nde prot\u00e9ger  dans  le cadre  Vigipirate,  contre  les atteintes  aux  biens  et les d\u00e9tourne-\nments  d'espace,  l'entr\u00e9e  et les abords  de cette  \u00e9cole  sur la Rue  Pierre  de Coubertin.\nPlus  g\u00e9n\u00e9ralement,  elles  permettront  de visualiser  les flux  pi\u00e9tons  et routiers  sur la\nrue Pierre  de Coubertin.  |\nCam\u00e9ra  64\nProgramm\u00e9e  | Zone  de la Ponche  Sud/  chemin  de la Granelle  (MAR  Ponche  Granelle)\n| La Cam\u00e9ra  n\u00b061  d\u00f4me  motoris\u00e9  (PTZ)  implant\u00e9e  sur un cand\u00e9labre  d'\u00e9clairage  pu-\nblic  existant  situ\u00e9  sur la contre-all\u00e9e  de la Ponche  Sud  de la D6086  \u00e0 hauteur  du ga-\nrage  Truck  Volvo,  face  au Chemin  de la Granelle.  Elle  permettra  de visualiser  les\nflux  et routiers  sur cette  contre-all\u00e9e,  sur la D6086  et sur le chemin  de la Granelle,\ntout  en y r\u00e9alisant  des zooms  all\u00e9s  et retours.  Plus  g\u00e9n\u00e9ralement,  cette  cam\u00e9ra  per-\nmettra  de prot\u00e9ger  contre  les atteintes  aux  biens,  les diff\u00e9rentes  entreprises  pr\u00e9sentes\ndans  la zone.\nCam\u00e9ra  65 |\nProgramm\u00e9e  | Intersection  Avenue  du Mill\u00e9naire/Rue  des  Genets  (MAR\nLa Cam\u00e9ra  n\u00b065  (MAR  Place  Martin):  Fixe  multicapteurs  implant\u00e9e  sur un can-\nd\u00e9labre  d'\u00e9clairage  public  existant  situ\u00e9  \u00e0 l'intersection  de l' Avenue  du Mill\u00e9naire  et\nde la Rue  des Gen\u00eats  sur la Place  Alphonse  Martin.  Elle  permettra  de pr\u00e9venir  les at-\nteintes  aux  biens  et aux  personnes  \u00e0 l'entr\u00e9e\nCam\u00e9ra  66 Rue  de Rachalans/Entr\u00e9e  Ouest  du Parc\nProgramm\u00e9e  | La Cam\u00e9ra  n\u00b066  (MAR  Rachalans  180):  Fixe  multicapteurs  implant\u00e9e  sur un can-\nd\u00e9labre  d'\u00e9clairage  public  existant  situ\u00e9  sur la rue de Rachalans  au niveau  de l'entr\u00e9e\nOuest  du Parc.  Elle  permettra  de pr\u00e9venir,  en ces lieux,  les atteintes  aux  biens  et aux\npersonnes,  les d\u00e9tournements  d'espace  et d'y visualiser  les flux  routiers  et pi\u00e9tons\nCam\u00e9ras  67\net 68\nProgram-\nm\u00e9esdans  la rue pr\u00e9cit\u00e9e  et du parc  en compl\u00e9ment  de la cam\u00e9ra  n\u00b067  du Parc.\nParc  Magne\nLa Cam\u00e9ra  n\u00b067  (MAR  Parc  Magne  360)  : Fixe  multicapteurs  360  implant\u00e9e  sur\nun cand\u00e9labre  d'\u00e9clairage  public  neuf,  m\u00eame  support  que  la cam\u00e9ra  n\u00b068  D\u00f4me  PTZ\n\u00e0 laquelle  elle  est associ\u00e9e.  Elle  permet  dans  ce parc  de dissuader  les atteintes  aux\nbiens  et aux  personnes,  les d\u00e9tournements  d'espace  et d'y visualiser  les flux  en ces\nlieux.\n. La Cam\u00e9ra  n\u00b068  (MAR  Parc  Magne)  : d\u00f4me  PTZ  implant\u00e9e  sur un cand\u00e9labre\nd'\u00e9clairage  public  neuf,  m\u00eame  support  que  la cam\u00e9ra  n\u00b067  fixe  multicapteurs  360\u00b0  \u00e0\nlaquelle  elle  est associ\u00e9e.  Elle  permet  dans  ce parc  de dissuader  les atteintes  aux\nbiens  et aux  personnes,  les d\u00e9tournements  d'espace  et d'y visualiser  les flux  en ces\nlieux  en r\u00e9alisant  des zooms  permettant  d' aller  l'information  au plus  pr\u00e8s.  En r\u00e9gime\nnormal,  elle  pourra  \u00eatre  orient\u00e9e  vers  l'entr\u00e9e  Sud-Est  du Parc.\nCam\u00e9ras  69\net 70\nProgram-Entr\u00e9e  Genestet\nLa Cam\u00e9ra  n\u00b069  (MAR  Entr\u00e9e  Genestet  360)  : Fixe  multicapteurs  360  contex-\nPrefecture du Gard - 30-2025-01-15-00014 - ARR\u00caT\u00c9 PR\u00c9FECTORAL DE MODIFICATION VIDEOPROTECTION MAIRIE MARGUERITTES\n2025 72\nm\u00e9es tuelle  implant\u00e9e  sur un cand\u00e9labre  d'\u00e9clairage  public,  m\u00eame  support  que  la cam\u00e9ra\nn\u00b070  fixe  de circulation  \u00e0 champs  \u00e9troit  (VPI)  \u00e0 laquelle  elle est associ\u00e9e.  Elle  permet\ndans  l' Avenue  Genestet  et de l'entr\u00e9e  depuis  la RD6086  de dissuader  les atteintes\naux  biens  et aux  personnes  et d'y visualiser  les flux  en ces lieux.  Elle  prot\u00e9gera  ial\nlement  les points  d'apports  volontaires.\nLa Cam\u00e9ra  n\u00b070  (MAR  Entr\u00e9e  Genestet  VPI)  : fixe  de circulation  \u00e0 champ  \u00e9troit\n(VPI)  implant\u00e9e  sur un cand\u00e9labre  d'\u00e9clairage  public,  m\u00e9me  support  que  la cam\u00e9ra\nn\u00b069  fixe  multicapteurs  360\u00b0  contextuelle  \u00e0 laquelle  elle  est associ\u00e9e.  Elle  permet  de\nfaire  un focus  sur les plaques  d'immatriculation  des v\u00e9hicules  circulant  sur l'acc\u00e8s\nde |' Avenue  Genestet  depuis  la RD6086.\nCam\u00e9ras  71\net 72\nProgram-\nm\u00e9esEntr\u00e9e  Rue  des Aubes\nLa Cam\u00e9ra  n\u00b071 (MAR  Entr\u00e9e  Aubes  fixe) : Fixe contextuelle  implant\u00e9e  sur un\ncand\u00e9labre,  m\u00eame  support  que  la cam\u00e9ra  n\u00b072  fixe  de circulation  \u00e0 champs  \u00e9troit\n(VPI)  \u00e0 laquelle  elle est associ\u00e9e.  Elle  permet  dans  la rue des Aubes  en direction  de\nl'entr\u00e9e  de la RD6086  de dissuader  les atteintes  aux biens  et aux personnes  et d'y vi-\nsualiser  les flux  routiers  et pi\u00e9tons  en ces lieux.\nLa Cam\u00e9ra  n\u00b072  (MAR  Entr\u00e9e  Aubes  VPI)  : fixe  de circulation  \u00e0 champ  \u00e9troit\n(VPI)  implant\u00e9e  sur un cand\u00e9labre,  m\u00eame  support  que  la cam\u00e9ra  n\u00b071  fixe  contex-\ntuelle  \u00e0 laquelle  elle  est associ\u00e9e.  Elle  permet  de faire  un focus  sur les plaques  d'im-\nmatriculation  des v\u00e9hicules  circulant  sur l'acc\u00e8s  \u00e0 la rue des Aubes  depuis  la\nRD6086.\nPrefecture du Gard - 30-2025-01-15-00014 - ARR\u00caT\u00c9 PR\u00c9FECTORAL DE MODIFICATION VIDEOPROTECTION MAIRIE MARGUERITTES\n2025 73\nPrefecture du Gard - 30-2025-01-15-00014 - ARR\u00caT\u00c9 PR\u00c9FECTORAL DE MODIFICATION VIDEOPROTECTION MAIRIE MARGUERITTES\n2025 74\nPrefecture du Gard\n30-2025-01-15-00019\nARR\u00caT\u00c9 PR\u00c9FECTORAL DE MODIFICATION\nVIDEOPROTECTION TABAC L'AS DE COEUR\nPONT ST ESPRIT 2025\nPrefecture du Gard - 30-2025-01-15-00019 - ARR\u00caT\u00c9 PR\u00c9FECTORAL DE MODIFICATION VIDEOPROTECTION TABAC L'AS DE COEUR\nPONT ST ESPRIT 2025 75\nPREFET  | |\nDU GARD  Cabinet  du Pr\u00e9fet\nLibert  Direction  des  S\u00e9curit\u00e9s\nFraternit\u00e9  Service  d'Animation  des Politiques  de S\u00e9curit\u00e9  Int\u00e9rieure\nBureau  des  Polices  Administratives\nArr\u00eat\u00e9  n\u00b0 30-2025-01-15-035\nportant  modification  de l'autorisation  de fonctionnement  d'un  syst\u00e8me  de vid\u00e9oprotection\n| Le pr\u00e9fet  du gard,\nChevalier  de la L\u00e9gion  d'Honneur,\nChevalier  de l'Ordre  National  du M\u00e9rite,\nVu le titre  V du livre Il de la partie  l\u00e9gislative  et de la partie  r\u00e9glementaire  du code  de la\ns\u00e9curit\u00e9  int\u00e9rieure  ;\nVu le code  civil  et notamment  son  article  9;\nVu le nouveau  code p\u00e9nal  et notamment  son article  226-1 ;\nVu le d\u00e9cret  n\u00b0 2015-489  du 29 avril 2015  relatif  ala vid\u00e9oprotection  ;\nVu le d\u00e9cret  du 13 juillet  2023 nommant  M. J\u00e9r\u00f4me  BONET,  pr\u00e9fet  du Gard;\nVu l'arr\u00eat\u00e9  minist\u00e9riel  et la circulaire  du 3 ao\u00fbt  2007  portant  d\u00e9finition  des  normes  techniques\ndes  syst\u00e8mes  de vid\u00e9oprotection  ;\nVu l'arr\u00eat\u00e9  pr\u00e9fectoral  n\u00b02021202-052  du 21 juillet  2021  portant  autorisation  de\nfonctionnement  d'un  syst\u00e8me  de vid\u00e9oprotection  ;\nVu l'arr\u00eat\u00e9  pr\u00e9fectoral  n\u00b0 30-2024-10-18-00009  du 18 octobre  2024 donnant  d\u00e9l\u00e9gation  de signa-\nture  \u00e0 Mme  Marie-Charlotte  EUVRARD,  sous-pr\u00e9f\u00e8te,  directrice  de cabinet  du pr\u00e9fet  du\nGard  ;\nVu l'arr\u00eat\u00e9  pr\u00e9fectoral  n\u00b0 30-2024-11-28-00004  du 28 novembre  2024  donnant  d\u00e9l\u00e9gation  de si-\ngnature  \u00e0 M. Franck  LACOSTE,  directeur  des s\u00e9curit\u00e9s,  directeur  adjoint  de cabinet  du pr\u00e9fet\ndu Gard  ;\nVu la circulaire  n\u00b0 INT  D09/00057/C  du 12 mars  2009  relative  aux  conditions  de d\u00e9ploiement\ndes  syst\u00e8mes  de vid\u00e9oprotection  ; |\nVu la demande  de modification  de fonctionnement  d'un  syst\u00e8me  de vid\u00e9oprotection\npr\u00e9sent\u00e9e  par l'\u00e9tablissement  TABAC  L'AS  DE C\u0152UR  de PONT  SAINT  ESPRIT  ;\nVu l'avis  du r\u00e9f\u00e9rent  s\u00fbret\u00e9  ;\nVu l'avis  de la commission  d\u00e9partementale  des syst\u00e8mes  de vid\u00e9oprotection  r\u00e9unie  le 11\nd\u00e9cembre  2024  ;\nSur proposition  de la directrice  de cabinet  du pr\u00e9fet  du Gard.\nPrefecture du Gard - 30-2025-01-15-00019 - ARR\u00caT\u00c9 PR\u00c9FECTORAL DE MODIFICATION VIDEOPROTECTION TABAC L'AS DE COEUR\nPONT ST ESPRIT 2025 76\nArr\u00e9te  :\nArticle  1: L'\u00e9tablissement  TABAC  L'AS  DE CCEUR  de PONT  SAINT  ESPRIT  est autoris\u00e9  a\nmodifier  son  syst\u00e8me  de vid\u00e9oprotection.  Cette  autorisation  est valable  pour  une  dur\u00e9e  de\ncinq  ans  renouvelable.\nLa pr\u00e9sente  autorisation  est d\u00e9livr\u00e9e  sans  pr\u00e9judice  des  droits  des  tiers.\nCette  modification  intervient  sur l'installation  de vid\u00e9oprotection  pr\u00e9c\u00e9demment  autoris\u00e9e\npar  arr\u00eat\u00e9  pr\u00e9fectoral  n\u00b02021202-052  du 21 juillet  2021  susvis\u00e9.\nArticle  2 : les modifications  portent  sur le floutage  des  2 cam\u00e9ras  ext\u00e9rieures.\nArticle  3: Le reste  des dispositions  pr\u00e9vues  par l'arr\u00eat\u00e9  n\u00b02021202-052  du 21 juillet  2021\ndemeure  applicable.\nArticle  4 : la directrice  de cabinet  du pr\u00e9fet  du Gard,  le directeur  interd\u00e9partemental  de la\npolice  nationale  du Gard,  le commandant  du groupement  de gendarmerie  du Gard  sont\ncharg\u00e9s,  chacun  en ce qui le concerne,  de l'ex\u00e9cution  du pr\u00e9sent  arr\u00eat\u00e9  qui sera  publi\u00e9  au\nrecueil  des  actes  administratifs  de la pr\u00e9fecture.  Un exemplaire  de cette  d\u00e9cision  sera  notifi\u00e9\naux  p\u00e9titionnaires  ainsi  qu'\u00e0  la mairie  d'implantation.\nLA da T2N\u00eemes, le JS {ous Le\nMarie-Charlotte  EUVRARD\nPrefecture du Gard - 30-2025-01-15-00019 - ARR\u00caT\u00c9 PR\u00c9FECTORAL DE MODIFICATION VIDEOPROTECTION TABAC L'AS DE COEUR\nPONT ST ESPRIT 2025 77\nPrefecture du Gard\n30-2025-01-15-00017\nARR\u00caT\u00c9 PR\u00c9FECTORAL DE MODIFICATION\nVIDEOPROTECTION ZARA NIMES 2025\nPrefecture du Gard - 30-2025-01-15-00017 - ARR\u00caT\u00c9 PR\u00c9FECTORAL DE MODIFICATION VIDEOPROTECTION ZARA NIMES 2025 78\nPREFET  | |\nDU GARD  Cabinet  du Pr\u00e9fet\nLiber  | | Direction  des  S\u00e9curit\u00e9s\nFraternit\u00e9  Service  d'Animation  des Politiques  de S\u00e9curit\u00e9  Int\u00e9rieure\nBureau  des  Polices  Administratives\nArr\u00eat\u00e9  n\u00b0 30-2025-01-15-034\nportant  modification  de l'autorisation  de fonctionnement  d'un syst\u00e8me  de viddoprotestion\nLe pr\u00e9fet  du gard,\nChevalier  de la L\u00e9gion  d'Honneur,\nChevalier  de l'Ordre  National  du M\u00e9rite,\nVu le titre  V du livre  Il de la partie  l\u00e9gislative  et de la partie  r\u00e9glementaire  du code  de la\ns\u00e9curit\u00e9  int\u00e9rieure  ;\nVu le code  civil  et notamment  son  article  9;\nVu le nouveau  code  p\u00e9nal  et notamment  son  article  226-1  ;\nVu le d\u00e9cret  n\u00b0 2015-489  du 29 avril  2015  relatif  a la vid\u00e9oprotection  ;\nVu le d\u00e9cret  du 13 juillet  2023  nommant  M. J\u00e9r\u00f4me  BONET,  des  du Gard;\nVu l'arr\u00eat\u00e9  minist\u00e9riel  et la circulaire  du 3 ao\u00fbt 2007 portant  c d\u00e9finition  des normes  techniques\ndes  syst\u00e8mes  de vid\u00e9oprotection  ;\nVu l'arr\u00eat\u00e9  pr\u00e9fectoral  n\u00b02012144-0037  du 23 mai  2012  portant  autorisation  de\nfonctionnement  d'un  syst\u00e8me  de vid\u00e9oprotection  ;\nVu l'arr\u00eat\u00e9  pr\u00e9fectoral  n\u00b02017192-010  du 11 juillet  2017  portant  modification  d'un  syst\u00e8me  de\nvid\u00e9oprotection  ;\nVu l'arr\u00eat\u00e9  pr\u00e9fectoral  n\u00b02023338-009  du 4 d\u00e9cembre  2023  portant  renouvellement  d un\nsyst\u00e8me  de vid\u00e9oprotection  ;\nVu l'arr\u00eat\u00e9  pr\u00e9fectoral  n\u00b0 30-2024-10-18-00009  du 18 octobre  2024  donnant  d\u00e9l\u00e9gation  de signa-\nture  \u00e0 Mme  Marie-Charlotte  EUVRARD,  sous-pr\u00e9f\u00e8te,  directrice  de cabinet  du pr\u00e9fet  du\nGard  ;\nVu l'arr\u00eat\u00e9  pr\u00e9fectoral  n\u00b0 30-2024-11-28-00004  du 28 novembre  2024  donnant  d\u00e9l\u00e9gation  de si-\ngnature  \u00e0 M. Franck  LACOSTE,  directeur  des  s\u00e9curit\u00e9s,  directeur  adjoint  de cabinet  du pr\u00e9fet\ndu Gard  ;\nVu la circulaire  n\u00b0 INT  D09/00057/C  du 12 mars  2009  relative  aux  conditions  de d\u00e9ploiement\ndes  syst\u00e8mes  de vid\u00e9oprotection  ;\nVu la demande  de modification  de fonctionnement  d'un  syst\u00e8me  de vid\u00e9oprotection\npr\u00e9sent\u00e9e  par la directrice  g\u00e9n\u00e9rale  de l'\u00e9tablissement  ZARA  de NIMES  ;\nVu l'avis  du r\u00e9f\u00e9rent  s\u00fbret\u00e9  ;\nVu l'avis  de la commission  d\u00e9partementale  des  syst\u00e8mes  de vid\u00e9oprotection  r\u00e9unie  le 11\nd\u00e9cembre  2024  ;\nSur proposition  de la directrice  de cabinet  du pr\u00e9fet  du Gard.\nPrefecture du Gard - 30-2025-01-15-00017 - ARR\u00caT\u00c9 PR\u00c9FECTORAL DE MODIFICATION VIDEOPROTECTION ZARA NIMES 2025 79\nArr\u00e9te:\nArticle  1: L'\u00e9tablissement  ZARA  de NIMES  est autoris\u00e9  \u00e0 modifier  son syst\u00e8me  de\nvid\u00e9oprotection.  Cette  autorisation  est valable  pour  une  dur\u00e9e  de cing  ans  renouvelable.\nLa pr\u00e9sente  autorisation  est d\u00e9livr\u00e9e  sans  pr\u00e9judice  des  droits  des  tiers.\nCette  modification  intervient  sur l'installation  de vid\u00e9oprotection  pr\u00e9c\u00e9demment  autoris\u00e9e\npar  arr\u00eat\u00e9  pr\u00e9fectoral  n\u00b02023338-009  du 4 d\u00e9cembre  2023  susvis\u00e9.\nArticle  2: les modifications  portent  sur l'extension  du syst\u00e8me  par  7 cam\u00e9ras  int\u00e9rieures\nsuppl\u00e9mentaires  soit  un total  de 19 cam\u00e9ras  int\u00e9rieures.\nArticle  3: Le reste  des  dispositions  pr\u00e9vues  par  l'arr\u00eat\u00e9  n\u00b02023338-009  du 4 d\u00e9cembre  2023\ndemeure  applicable.\nArticle  4: la directrice  de cabinet  du pr\u00e9fet  du Gard,  le directeur  interd\u00e9partemental  de la\npolice  nationale  du Gard,  le commandant  du groupement  de gendarmerie  du Gard  sont\ncharg\u00e9s,  chacun  en ce qui le concerne,  de l'ex\u00e9cution  du pr\u00e9sent  arr\u00eat\u00e9  qui sera  publi\u00e9  au\nrecueil  des  actes  administratifs  de la pr\u00e9fecture.  Un exemplaire  de cette  d\u00e9cision  sera  notifi\u00e9\naux  p\u00e9titionnaires  ainsi  qu'\u00e0  la mairie  d'implantation.\n7 TSNimes,  le ,/ jones  tt\nMarie-Charlotte  EUVRARD\nPrefecture du Gard - 30-2025-01-15-00017 - ARR\u00caT\u00c9 PR\u00c9FECTORAL DE MODIFICATION VIDEOPROTECTION ZARA NIMES 2025 80\nPrefecture du Gard\n30-2025-01-17-00001\nArr\u00eat\u00e9 portant attribution de la m\u00e9daille pour\nacte de courage et de d\u00e9vouement\nPrefecture du Gard - 30-2025-01-17-00001 - Arr\u00eat\u00e9 portant attribution de la m\u00e9daille pour acte de courage et de d\u00e9vouement 81\nPREFET  Cabinet  du pr\u00e9fetDU GARD  y VE\npar  Bureau  de la repr\u00e9sentation  de l'\u00c9tat\n\u00c9galit\u00e9\nFraternit\u00e9\nArr\u00eat\u00e9  N\u00b0\nportant  attribution  d'une  lettre  de f\u00e9licitations  avec  mention  honorable\npour  acte  de courage  et de d\u00e9vouement\nLe pr\u00e9fet\n' chevalier  de la L\u00e9gion  d'honneur,\nchevalier  de l'ordre  national  du M\u00e9rite,\nVu le d\u00e9cret  du 16 novembre  1901  modifi\u00e9  par  le d\u00e9cret  du 9 d\u00e9cembre  1924  ;\nVu le d\u00e9cret  n\u00b070.221  du 17 mars  1970  portant  d\u00e9concentration  en mati\u00e8re  d'attribution  d'une  lettre\nde f\u00e9licitations  avec  mention  honorable  pour  acte  de courage  et de d\u00e9vouement  ;\nVu le rapport  du 3 janvier  2025  du colonel  hors  classe,  directeur  d\u00e9partemental  des  services  d'incendie\net de secours  du Gard  par int\u00e9rim,  duquel  il ressort  que,  le 11 octobre  2024,  trois  sapeurs-pompiers  du\ncentre  de secours  de L\u00e9dignan,  l'adjudant-chef  Mathieu  MAURIN,  le caporal  Florian  DELAY  et le sapeur\nSylvain  CANUT,  ont  proc\u00e9d\u00e9  \u00e0 un sauvetage  et \u00e0 une  \u00e9vacuation  particuli\u00e8rement  complexe  d'une\n_victime  pi\u00e9g\u00e9e  dans  son  v\u00e9hicule,  immerg\u00e9  sous  l'eau  dans  le lit du Gardon;\nConsid\u00e9rant  le courage  et la pers\u00e9v\u00e9rance  dont  les trois  sapeurs-pompiers  ont  fait  preuve  lors  de cette\nintervention  ;\nSur  proposition  de Madame  la sous-pr\u00e9f\u00e8te,  directrice  de cabinet  du pr\u00e9fet  du Gard;\nARR\u00caTE\nArticle  1 : Une lettre  de f\u00e9licitations  avec mention  honorable  pour acte de courage  et de d\u00e9vouement\nest d\u00e9cern\u00e9e  a:\n- M. Mathieu  MAURIN,  adjudant-chef\n- M. Florian  DELAY,  caporal\n- M. Sylvain  CANUT,  sapeur  2\u00b0\"\u00b0  classe\nArticle  2: Madame  la sous-pr\u00e9f\u00e8te,  directrice  de cabinet  et le colonel  hors-classe,  directeur\nd\u00e9partemental  des services  d'incendie  et de secours  du Gard  par int\u00e9rim,  sont  charg\u00e9s  de l'ex\u00e9cution\ndu pr\u00e9sent  arr\u00eat\u00e9  qui sera  publi\u00e9  au recueil  des actes  administratifs  de la pr\u00e9fecture  du Gard.\n17 JAN, 2025\nNimes,  le\n_ke pr\u00e9fet,  TT\na\na\nCT  J\u00e9f\u00f4me  BONET\na\nPrefecture du Gard - 30-2025-01-17-00001 - Arr\u00eat\u00e9 portant attribution de la m\u00e9daille pour acte de courage et de d\u00e9vouement 82\nSous Pr\u00e9fecture d'Al\u00e8s\n30-2025-01-15-00030\nAP Portant DUP 15 01 2025 sign\u00e9\nSous Pr\u00e9fecture d'Al\u00e8s - 30-2025-01-15-00030 - AP Portant DUP 15 01 2025 sign\u00e9 83\nE Sous-pr\u00e9fecture  d'Al\u00e9s\nGARD  Bureau  des collectivit\u00e9s  territoriales\nLibert\u00e9 et du d\u00e9veloppement  local\npeel  Arr\u00e9t\u00e9  n\u00b0 30-2025-\nportant  d\u00e9claration  d'utilit\u00e9  publique  et parcellaire  pour  l'instauration  des  servitudes  pour  le\npassage  de canalisations  publiques  d'assainissement  en terrain  priv\u00e9,  n\u00e9cessaire  au projet  de\ncr\u00e9ation  d'une  station  intercommunale  de traitement  des  eaux  us\u00e9es  (STEU)  de La Grand'Combe\npour  les communes  de La Grand'Combe,  Branoux-les-Taillades,  Cendras,  Les-Salles-du-Gardon  et\nSainte-C\u00e9cile  d'Andorge.\nLe pr\u00e9fet  du Gard\nChevalier  de la l\u00e9gion  d'Honneur,\nCh\u00e9valier  de l'ordre  national  du M\u00e9rite\nVu le code  de l'expropriation  pour  cause  d'utilit\u00e9  publique,  et notamment  ses articles  L.110-1,\nL.112-1,  R.111-1  \u00e0 R.112-24,  R.122-7,  R.131-6  \u00e0 7;\nVu le code  de l'environnement  et notamment  ses articles  L.181-1  et suivants  et L.514-3  ;\nVu le code  rural  de la p\u00eache  maritime  et notamment  ses articles  L.152-1  \u00e0 2 et R.152-1  \u00e0 R.152-15\nVu le code  de l'urbanisme  et notamment  ses articles  L.151-43  et R.151-51\nVu le code  des relations  entre  le public  et l'administration  et notamment  ses articles  L.134-1  a 2,\nR.134-3  \u00e0 R.134-32  ; |\nVu le code  g\u00e9n\u00e9ral  des  collectivit\u00e9s  territoriales  ;\nVu le d\u00e9cret  du 13 juillet  2023  nommant  M. J\u00e9r\u00f4me  BONET,  pr\u00e9fet  du Gard.\nVu le d\u00e9cret  du 24 avril  2024  nommant  M. Yann  GERARD,  secr\u00e9taire  g\u00e9n\u00e9ral  de la pr\u00e9fecture  du\nGard,  sous-pr\u00e9fet  de N\u00eemes  ;\nVu la d\u00e9cision  du 9 ao\u00fbt  et la d\u00e9lib\u00e9ration  du 13 d\u00e9cembre  2023  de l'assembl\u00e9e  d\u00e9lib\u00e9rante  de la\ncommunaut\u00e9  d'agglom\u00e9ration  (CA)  Al\u00e8s  Agglom\u00e9ration  approuvant  l'ouverture  de l'enqu\u00eate\nconjointe  pr\u00e9alable  \u00e0 l'autorisation  environnementale,  la d\u00e9claration  d'utilit\u00e9  publique  (DUP)  et\nparcellaire  pour  le projet  de cr\u00e9ation  cit\u00e9  en objet  ;\nVu la demande  de d\u00e9claration  d'utilit\u00e9  publique  et parcellaire,  re\u00e7ue  par la direction\nd\u00e9partementale  des  territoires  et de la mer  du Gard  n\u00b0 0100032511,  re\u00e7ues  en sous-pr\u00e9fecture\nd'Al\u00e9s  les 19 avril  2024  ;\nVu les estimations  sommaires  et globales  r\u00e9alis\u00e9es  par  le p\u00f4le  d'\u00e9valuation  domaniale  de la\ndirection  d\u00e9partementale  des  finances  publiques  du Gard  sur le montant  des  acquisitions\nfonci\u00e8res  \u00e0 envisager  ;\nVu la d\u00e9cision  n\u00b0 E24000056/30  du 2 juillet  2024  de Monsieur  le pr\u00e9sident  du tribunal\nadministratif  de Nimes  relative  \u00e0 la d\u00e9signation  du commissaire-enqu\u00e9teur  ;\nVu l'arr\u00eat\u00e9  pr\u00e9fectoral  n\u00b0 30-2024-24-08-04  du 6 ao\u00fbt  2024  prescrivant  l'ouverture  conjointe\nd'une  enqu\u00eate  publique  pr\u00e9alable,  \u00e0 l'autorisation  environnementale  et \u00e0 la d\u00e9claration  d'utilit\u00e9\npublique  et parcellaire,  relative  au projet  de cr\u00e9ation  de la STEU  La Grand'Combe  ;\nVu les pi\u00e8ces  constatant  que  l'arr\u00eat\u00e9  d'enqu\u00eate  \u00e9nonc\u00e9  ci-dessus  a \u00e9t\u00e9 publi\u00e9,  affich\u00e9  en mairie  et\nins\u00e9r\u00e9s  dans  2 journaux  du d\u00e9partement,  huit  jours  au moins  avant  le d\u00e9but  de l'enqu\u00eate  et\nrappel\u00e9s  dans  les huit  premiers  jours  de celle-ci,  et le dossier  d'enqu\u00eate  publique  publi\u00e9  sur les\nsites  Internet  de la communaut\u00e9  d'agglom\u00e9ration  \u2014 Al\u00e8s  agglom\u00e9ration  et de la pr\u00e9fecture  du\nGard;\nSous Pr\u00e9fecture d'Al\u00e8s - 30-2025-01-15-00030 - AP Portant DUP 15 01 2025 sign\u00e9 84\nVu le dossier  d'enqu\u00eate  mis \u00e0 disposition  du public  en mairie  de Laval-Pradel,  La Grand'Combe  et\nLes-Salles-du-Gardon  pendant  31 jours  cons\u00e9cutifs,  soit  du lundi  9 septembre  2024  \u00e0 08h00  au\n. mercredi  9 octobre  2024  \u00e0 17h00  et les registres  correspondants  ;\nVu les rapports  d'enqu\u00eates  et les conclusions  motiv\u00e9es  pour  chaque  enqu\u00eate,  \u00e9tablis  et sign\u00e9s  le\n. 17 novembre  2024  par  le commissaire-enqu\u00eateur,  documents  d\u00e9pos\u00e9s  en sous-pr\u00e9fecture,  en\noriginal  avec  les registres  d'enqu\u00eate  cl\u00f4tur\u00e9s  et ses annexes,  le 17 octobre  2024  ;\nVu les avis  favorables  \u00e0 la d\u00e9claration  d'utilit\u00e9  publique  et parcellaire  n\u00e9cessaires  au projet  de\ncr\u00e9ation  d'une  STEU  de La Grand'Combe  pour  les communes  de La Grand'Combe,  Branoux-les-\nTaillades,  Cendras,  Les-Salles-du-Gardon  et Sainte-C\u00e9cile  d'Andorge,  \u00e9mis  le 17 octobre  2024  par\nle commissaire-enqu\u00eateur  et communiqu\u00e9s  a la communaut\u00e9  d'agglom\u00e9ration  - Al\u00e8s\nAgglom\u00e9ration  ainsi  qu'aux  communes  cit\u00e9es  par  courriers  du 19 novembre  2024  ;\nVu la d\u00e9claration  de projet  de la communaut\u00e9  d'agglom\u00e9ration  - Al\u00e8s  Agglom\u00e9ration  sur\nl'op\u00e9ration  susvis\u00e9e  prise  par d\u00e9lib\u00e9ration  du 18 d\u00e9cembre  2024  ;\nConsid\u00e9rant  que |' op\u00e9ration  de cr\u00e9ation  d'une  STEU de La Grand'Combe  pr\u00e9sente  un caract\u00e8re\nd'utilit\u00e9  publique  vis-\u00e0-vis  de la s\u00e9curit\u00e9  et de la protection  des  personnes  ;\nSur  proposition  du sous-pr\u00e9fet  d'Al\u00e9s  ;\nArr\u00eate  :\nArticle  1: d\u00e9claration  d'utilit\u00e9  publique  du projet\nSont  d\u00e9clar\u00e9s  d'utilit\u00e9  publique,  au profit  de la communaut\u00e9  d'agglom\u00e9ration  - Al\u00e8s\nAgglom\u00e9ration,  conform\u00e9ment  aux  motifs  et consid\u00e9rations  tels  que  soumis  \u00e0 enqu\u00eate  publique,\nla cr\u00e9ation  d'une  station  intercommunale  de traitement  des  eaux  us\u00e9es  de La Grand'Combe.\nLa r\u00e9alisation  de ces  travaux  permettra  de mettre  en conformit\u00e9  les syst\u00e8mes  actuels\nd'assainissement  form\u00e9s  par  les stations  d'\u00e9puration  de l'Habitarelle,  de Cendras  et de La Fav\u00e9de.\nArticle  2 : acquisition  \u00e0 l'amiable  et voie  d'expropriation  des  propri\u00e9t\u00e9s\nLa communaut\u00e9  d'agglom\u00e9ration  - Al\u00e8s  Agglom\u00e9ration  est autoris\u00e9e  \u00e0 acqu\u00e9rir  soit  \u00e0 l'amiable,\nsoit  s'il y a lieu  par  voie  d'expropriation,  dans  des  formes  prescrites  par  le code  de l'expropriation\npour  cause  d'utilit\u00e9  publique,  les parties  de propri\u00e9t\u00e9s  n\u00e9cessaires  \u00e0 la r\u00e9alisation  de cette\nop\u00e9ration  et recens\u00e9es  dans  les dossiers  soumis  \u00e0 l'enqu\u00eate.\nLa proc\u00e9dure  d'expropriation  des  propri\u00e9t\u00e9s  devra  \u00eatre  accomplie  dans  un d\u00e9lai  maximal  de cinq\nans  \u00e0 compter  de la date  de signature  du pr\u00e9sent  arr\u00eat\u00e9,  sauf  prorogation  de celui-ci  \u00e0 l'issue  de\ncette  p\u00e9riode  et pour  la m\u00eame  dur\u00e9e.\nLa pr\u00e9sente  d\u00e9claration  d'utilit\u00e9  publique  deviendra  caduque  \u00e0 l'expiration  d'un  d\u00e9lai  de 5 ans  \u00e0\ncompter  de la publication  du pr\u00e9sent  arr\u00eat\u00e9,  ou de dix ans dans  l'\u00e9ventualit\u00e9  de sa prorogation.\nLes expropriations  \u00e9ventuellement  n\u00e9cessaires  devront  \u00eatre  r\u00e9alis\u00e9es  dans  ce d\u00e9lai.\nArticle  3 : cessibilit\u00e9\nLes immeubles  d\u00e9sign\u00e9s  dans  l'\u00e9tat  parcellaire  ci-annex\u00e9,  n\u00e9cessaires  \u00e0 la r\u00e9alisation  du projet  vis\u00e9\n\u00e0 l'article  1\", sont  d\u00e9clar\u00e9s  cessibles  au profit  de la communaut\u00e9  d'agglom\u00e9ration  - Al\u00e8s\nAgglom\u00e9ration.\nCette  d\u00e9claration  de cessibilit\u00e9  sera caduque  \u00e0 l'expiration  du d\u00e9lai de six mois \u00e0 compter  de la\ndate  du pr\u00e9sent  arr\u00eat\u00e9.\nSous Pr\u00e9fecture d'Al\u00e8s - 30-2025-01-15-00030 - AP Portant DUP 15 01 2025 sign\u00e9 85\nArticle  4 : affichage  et notification  du pr\u00e9sent  arr\u00eat\u00e9\nLe pr\u00e9sent  arr\u00eat\u00e9  sera:\n- notifi\u00e9  par les soins  de la Communaut\u00e9  d'Agglom\u00e9ration  - Al\u00e8s  Agglom\u00e9ration  aux  propri\u00e9taires\nint\u00e9ress\u00e9s,  sous  pli recommand\u00e9  avec  demande  d'avis  de r\u00e9ception.  Il sera  justifi\u00e9  de\nl''accomplissement  de cette  formalit\u00e9  par la production  des copies  certifi\u00e9es  conformes  des\nlettres  d'envoi  recommand\u00e9es  et des accus\u00e9s  de r\u00e9ception;  |\n- publi\u00e9  par les soins  de la Communaut\u00e9  d'Agglom\u00e9ration  - Al\u00e8s  Agglom\u00e9ration  voie  d'affiches\npendant  une  dur\u00e9e  minimale  d'un  mois  \u00e0 compter  de sa publication  (l'insertion  de la mention  de\ncet affichage  en caract\u00e8res  apparents  sera  diffus\u00e9  dans  un journal  dans  le d\u00e9partement)  ;\n\u2014 publi\u00e9  par les soins  des maires  des communes  susvis\u00e9es,  par voie  d'affiches,  notamment  aux\nportes  des mairies  et \u00e9ventuellement  par tout  autres  proc\u00e9d\u00e9s.  Il sera  justifi\u00e9  de\nl'accomplissement  de cette  formalit\u00e9  par la production  d'un  certificat  \u00e9tabli  par les maires  ;\n- publi\u00e9  au recueil  des  actes  administratifs  de la pr\u00e9fecture  du Gard.\nArticle  5 : recours\nLe pr\u00e9sent  arr\u00eat\u00e9  peut  faire  l'objet,  dans  un d\u00e9lai  de deux  mois  \u00e0 compter  de sa publication,  soit\nd'un  recours  gracieux  aupr\u00e8s  du pr\u00e9fet  du Gard,  soit  d'un  recours  hi\u00e9rarchique  aupr\u00e8s  du ministre\nde l'Int\u00e9rieur.  Il peut  \u00e9galement  faire  |' objet  d'un  recours  contentieux  aupr\u00e8s  du tribunal\nadministratif  de N\u00eemes,  soit  :\n- directement,  en l'absence  de recours  pr\u00e9alable,  dans  un d\u00e9lai  de deux  mois  \u00e0 compter  de sa\npublication  ;\n- \u00e0 l'issue  d'un  recours  pr\u00e9alable,  dans  le d\u00e9lai  de deux  mois  \u00e0 compter  de la date  de notification\nde la r\u00e9ponse  obtenue  de l'administration,  ou au terme  d'un  silence  gard\u00e9  par celle-ci  pendant\ndeux  mois  \u00e0 compter  de la r\u00e9ception  de la demande  ;\n- concernant  la cessibilit\u00e9,  ce d\u00e9lai  court  \u00e0 compter  de la notification  faite  par l'expropriant  aux\npersonnes  int\u00e9ress\u00e9es  par lettre  recommand\u00e9e  avec  accus\u00e9  de r\u00e9ception.\nArticle  6 : communication  du rapport  et des  conclusions\nLes personnes  int\u00e9ress\u00e9es  pourront  obtenir  communication  du rapport  et des conclusions\nmotiv\u00e9es  du commissaire-enqu\u00eateur  en s'adressant  \u00e0 la communaut\u00e9  d'agglom\u00e9ration  - Al\u00e8s\nAgglom\u00e9ration.  Ces  documents  seront  \u00e9galement  consultables  sur le site Internet  des services  de\nl'\u00c9tat  dans  le Gard  (www.gard.gouv.fr)  rubrique  \u00ab publications-enqu\u00eates  publiques  \u00bb.\nArticle  7 : ex\u00e9cution  et diffusion  du pr\u00e9sent  arr\u00eat\u00e9\nMonsieur  le secr\u00e9taire  g\u00e9n\u00e9ral  de la pr\u00e9fecture  du Gard,  monsieur  le directeur  d\u00e9partemental  des\nterritoires  et de la mer  du Gard,  monsieur  le pr\u00e9sident  de la communaut\u00e9  d'agglom\u00e9ration  - Al\u00e8s\nAgglom\u00e9ration,  les maires  des  communes  concern\u00e9s  par le projet,  ainsi  que  le commissaire-\nenqu\u00eateur,  sont  charg\u00e9s,  chacun  en ce qui le concerne,  de l'ex\u00e9cution  du pr\u00e9sent  arr\u00eat\u00e9,  qui sera\npubli\u00e9  au recueil  des actes  administratifs  de la pr\u00e9fecture  du Gard.\nN\u00eemes,  le\nLe pr\u00e9fet,\nONET \u00a9>J\u00e9r\nSous Pr\u00e9fecture d'Al\u00e8s - 30-2025-01-15-00030 - AP Portant DUP 15 01 2025 sign\u00e9 86\nSous Pr\u00e9fecture d'Al\u00e8s - 30-2025-01-15-00030 - AP Portant DUP 15 01 2025 sign\u00e9 87\nLU GLL zUl 081 S9S/UCG/) zU 612 2 682 Fy |uopses np sayjes se7| Z0s0\u00a2 | L[ul pL 99sIUEqn zU 0G9 \u00a38c AV |uopie9 np sejjes se7| /0\u20ac0\u20ac b[Ul 6S eesjueqin zUl \u20ac\u20ac6 LL\u00e9e JY |\"opsep np S8JJeS Se7| LOcoe L[Wi LE Bgsiuegi/) zW 8I6C C92 AV |uopie9 np sayjes se7| /060\u20ac | Lju QL 99SIUEqIN cul Eyl \u00a308 Gy |uopsep AP S8IIES S87! LODE LLR . sgsiueqin zu GZ 008 gv uopsep np saves Se7| ZOE0E LIL 9 e9sIuequn zUl 8\u20ac \u00a3GZ dv |uopieo np sajjes Se7| /0\u00a30\u20ac BE.[WW est 99sIueqgun zu 886 GSEL GY |uopses np SeJJeS S27| LOE0E L| 'SIV 00L0\u20ac | -[Wi 0& SgSiUeGi/) el pel - JNOLV JUSURHES - Jejeysipyy EVEL GV |UOpPIE9 np sajjes sez) /0\u20ac0\u20ac Lend Z - Uonesawojbby sayJu OLt 99SIUEgIN zWGEC L Cvel GV |uopies np sajjeg S97| /0\u20ac0\u20ac\u00a3 Lju Z'0 egsIUEqUN 2 ZZ 8821 Gy |uopieg np seyes se7| 2060\u20ac | ak{Ul 881 sasjueqs) zUelg Lt 960L GY |uople2 np sojjes se7 LOE0E b[Ul 86 egsiueqin zu 218 6801 dv |uOp189 np SSJJES Se7 LOE0E L[ui &9 99SIUEq/N zu G8G 8801. GV |uopJe9 np S8JJeS s87| /0\u00a30\u20ac L[Ul GZ eesiueqi) zl PEE z+OL Gy |uopsed np sejjes se7| /0\u20ac0\u20ac L[Ul 6 99SIU8qIN zUl 067 | 6E0L GV |uopsey uP saves S97| ZOE0\u20ac L[ul Z 99SIUeqN zUl 66 8\u20ac01. GV |UOPIED np sajyjeg S87) /0\u00a30\u20ac\u00a3 L(sairesouod{Auynp re np anh el Hi pra el GOES eeateyenidoad sop nao \u00e0 U0199S eunuwuos ' Rene nesenbijqnd aujhn,p sepnyass op apuewap e] ap jefqo,] auesie, sa]l22184 - IXINNVY\nSous Pr\u00e9fecture d'Al\u00e8s - 30-2025-01-15-00030 - AP Portant DUP 15 01 2025 sign\u00e9 88\nsesiueqinaquioD,puel5 87 OLLOE ~ SUIEWJL 99\u20ac WELLEL | \u00e9co pue erepeunuon | ?2 | Fv |uopionpsees se) 20606 | 6Sespusju 08 zl 02 cgsueqn | 46197 | . owew-sespuss op ounuuon | Pe v SespUeD 100\u20ac | 8ju 6g Semen ME | oummecasrz-mumng\" | EE a jeperg-eney =| Zrloe | 2d :jus 92 eyeumen | 2woog, | %P MmouP ote souucno CD | veer | a jepeig-eney |2#106 | 2[Lu LLL sssiuequn | 69/9 6/0: | av |uopsegnp seyesse7| 2060 | 9jul 64 egslueqn | 2 L6Lz | HPSIENIOOEL\"JOSMSJIUES |, 30, Gy |uopieg np Sayes sa7| /060\u20ac 9en SIQ LL - DEN NO 99 9499ET ossiuequn | WORE 2 940: | av |uopr\u00e6eonpsepesse7| 20606 | 9| \u2014 |ju GL eyeumen | 2u8zz9 Sree arden meee ElLL | Gv |uopsepnp seyesse7| 20505 | $Oo9U8/E - OSNOYIN EN \u00a9ju GEL cesueqn | 2WEGE |. ydosor megucor quouegl 22+ | Gv |luop\u00e6onpseesse| 2060 | \u00bbUOpJES Np SejJeS S7 OLLOE -Ju +4 ossiueqn | 212091 |ele\u00c6yqeH, ep eurelg 'eyesengeH,)| cos | av |[uop\u00e6onpseyes se7| 20606 | &| ap 24q/7 2J22/pU\u00c2S uoneossymure | 2weegs eyouy | -#0014 +108 a jepeig-yeney7 |2#10\u0153 | \u00e0Lu 26 eneumen | ,wW \u00a362 2 my 9 jepeig-yene7 |2#10 | zji \u00a34 ayaimen | uw E902 7 9 jepeid-eney |2#10E | z4ajedjuoy ooore - eueubidwuiogJu 92 OJAMEN 2 G62 B] ep enueAe LOZ - UOIBEN Lol 9 jepeigsyeney |2r10 | z| 2] 8p 18JOH - EIUE200 VAIL 19 epeumen | 2uyizz 9rd 2 jepesgrienet |2#10 | zayouy Li 969 4 zL0\u00eb a jepeig-jene] | zrioe | zjus \u00a32 ayeumen | W610 ZL ree | 9 jepesdrienet || zJu pp egsiuegin | ,W LL 06z | av |uopseg np seyegse7| socoe| 1\nSous Pr\u00e9fecture d'Al\u00e8s - 30-2025-01-15-00030 - AP Portant DUP 15 01 2025 sign\u00e9 89\nuopses) np sajjes se7Iu! +6 eyaimen | zWOO\u00a5Z | ose epened 67. eeudas jog | eee! a jepesg-enet |2#l0E | 91SPUIYJOIg Op SHENHju se cosuegn | 2 c99 1 USE ee lane Coenen | oz 3y |uopsep np seyes se7| 2060\u20ac | st'W Jed egzuesedes YHdTV 1Se &iui 29 essueqn | 298\u20ac | neuen epemorsoe- bios Aml Et | Gv |uop\u00e6onpseyesse| 060\u20ac | #1jug egsiueqin zu 72 996 Gy |uopieo np sejes se7| 20806 | et| uopseyju g\u00a2 essiueqin | -wgse | np seyes se7010\u20ac -eneseugen | 966 Gy |uopseg np seyes se7| 20808 | etep eulejd - Seseel1idoido) saz -lu Eg sesueqin | :w 666 z | zg2 Gy |uopseo np sejes se7| 2060\u20ac | EhUOPIEE Np SES S27 OLLOEju LE egsiueqi | 208 | -eperese7-pieweguoyng | ore: | Gy |uopsegnpseyesse7| 0606 | 21\"(i 4ed sauesoidei sajgeg s27uopses np sajjes |yu gz sssiuegin | zweoz | SeTOLLOE-enerengeH, ep euteja | gcer | av |uopsegnpseyesse7| 20606 | LL- aiBieuz siog JUSWSUUOIIAUTgesiuequnju GE SZ | \u00e9ojemen | et SSt FL 888 g |uopeo np seyes so7| 060\u20ac | 04lui 99 eesiuegin | zl OFZ 84 G2z ay |uopseg np sees se7| 200\u20ac | 01UOPse\u00a3) NP SajjesS soejut y essueqn | 205 | uopea np sales sey eunummon | 29 | GY |Wopsep np seyesse7| 060\u20ac | 04ejjeumeulu 883 MS | se oecueqin | 299222 as | av |uopseo np sees se! 050\u20ac | 01JL Ove erg | egsiueqin | .wooz6r Elo | av 1080\u20ac | okuopses np seJjes sez\nSous Pr\u00e9fecture d'Al\u00e8s - 30-2025-01-15-00030 - AP Portant DUP 15 01 2025 sign\u00e9 90\nSous Pr\u00e9fecture d'Al\u00e8s - 30-2025-01-15-00030 - AP Portant DUP 15 01 2025 sign\u00e9 91","date":"2025-01-17","first_seen_on":"2025-01-17T17:11:52+00:00","id":"8a5acd43a700532bcd7af17a56bcbe440c93ffa5458f435d598ac59eee8b02d0","name":"recueil-30-2025-012-special du 17 01 2025","pdf_creation_date":"2025-01-17T15:56:30+00:00","pdf_modification_date":null,"timezone":"CET","url":"https://www.gard.gouv.fr/contenu/telechargement/61669/457516/file/recueil-30-2025-012-special%20du%2017%2001%202025.pdf"}
