{"administration":"prefidf","administration_name":"Pr\u00e9fecture de la r\u00e9gion \u00cele-de-France","content":"PREFECTURE\nREGION ILE DE\nFRANCE\nRECUEIL DES ACTES\nADMINISTRATIFS SP\u00c9CIAL\nN\u00b0IDF-040-2025-06\nPUBLI\u00c9 LE 20 JUIN 2025\nSommaire\nRectorat de l'acad\u00e9mie de Cr\u00e9teil / Affaires juridiques\nIDF-2025-06-20-00001 - Arr\u00eat\u00e9 du 20 juin 2025 portant d\u00e9l\u00e9gation de\nsignature  \u00e0 madame Christ\u00e8le GUYONNET directrice acad\u00e9mique par\nint\u00e9rim des services de l'\u00e9ducation nationale du d\u00e9partement de\nla Seine-et-Marne  (5 pages) Page 3\n2\nRectorat de l'acad\u00e9mie de Cr\u00e9teil\nIDF-2025-06-20-00001\nArr\u00eat\u00e9 du 20 juin 2025 portant d\u00e9l\u00e9gation de\nsignature  \u00e0 madame Christ\u00e8le GUYONNET\ndirectrice acad\u00e9mique par int\u00e9rim des services\nde l'\u00e9ducation nationale du d\u00e9partement de la\nSeine-et-Marne \nRectorat de l'acad\u00e9mie de Cr\u00e9teil - IDF-2025-06-20-00001 - Arr\u00eat\u00e9 du 20 juin 2025 portant d\u00e9l\u00e9gation de signature  \u00e0 madame\nChrist\u00e8le GUYONNET directrice acad\u00e9mique par int\u00e9rim des services de l'\u00e9ducation nationale du d\u00e9partement de la Seine-et-Marne 3\nEnACADEMIEDE CRETEILLibert\u00e9Egalit\u00e9Fraternit\u00e9\n  \n \n \n \n \n \n \n \n \nArr\u00eat\u00e9 du 20 juin 2025 portant d\u00e9l\u00e9gation de signature \n \u00e0 madame Christ\u00e8le GUYONNET directrice acad\u00e9mique par int\u00e9rim des services de l'\u00e9ducation nationale \ndu d\u00e9partement de la Seine-et-Marne \n \n \nLE RECTEUR DE L'ACADEMIE DE CRETEIL \n \n \nVU le code de l'\u00e9ducation et notamment, ses articles R. 222-17-1, R. 222-19 et suivants, R. 222-24 et suivants, \nD. 222-27 et L. 917-1 ; \nVU le code g\u00e9n\u00e9ral de la fonction publique ; \nVU le d\u00e9cret n\u00b0 2012-1246 du 7 novembre 2012 modifi\u00e9 relatif \u00e0 la gestion budg\u00e9taire et comptable publique ; \nVU le d\u00e9cret du 11 mai 2023 portant nomination de monsieur Philippe PICARD, conseiller technique de recteur \npour les \u00e9tablissements et la vie scolaire, dans l'emploi de directeur acad\u00e9mique adjoint des services de \nl'\u00e9ducation nationale du d\u00e9partement de Seine-et-Marne ;  \nVU  le d\u00e9cret du 12 mars 2025 nommant monsieur Jean-Fran\u00e7ois CHANET recteur de l'acad\u00e9mie de Cr\u00e9teil \n; \n \nVU     le d\u00e9cret du 22 mai 2025 portant nomination de monsieur Benjamin ROYANNEZ, secr\u00e9taire g\u00e9n\u00e9ral de                                      \nla direction des services d\u00e9partementaux de l'\u00e9ducation nationale du Cher, dans l'emploi de directeur \nacad\u00e9mique adjoint des services de l'\u00e9ducation nationale de la Seine-et-Marne ; \nVU l'arr\u00eat\u00e9 du 22 d\u00e9cembre 2022 relatif aux r\u00e8gles de la comptabilit\u00e9 budg\u00e9taire de l'Etat pris en application de \nl'article 54 du d\u00e9cret n\u00b0 2012-1246 du 7 novembre 2012 modifi\u00e9 relatif \u00e0 la gestion budg\u00e9taire et comptable \npublique ; \nVU l'arr\u00eat\u00e9 minist\u00e9riel du 23 octobre 2020 portant nomination, d\u00e9tachement et classement de monsieur Gilles \nBOUSQUET, inspecteur de l'\u00e9ducation nationale hors classe, dans l'emploi d'adjoint \u00e0 la directrice \nacad\u00e9mique des services de l'\u00e9ducation nationale charg\u00e9 du premier degr\u00e9 du d\u00e9partement de Seine-et-\nMarne \u00e0 compter du 2 novembre 2020 ; \nVU         l'arr\u00eat\u00e9 minist\u00e9riel du 28 mai 2025 portant nomination de madame Christ\u00e8le GUYONNET, attach\u00e9e \nprincipale d'administration de l'\u00c9tat, dans l'emploi de secr\u00e9taire g\u00e9n\u00e9rale de la direction des services \nd\u00e9partementaux de l'\u00e9ducation nationale de Seine-et-Marne \u00e0 compter du 2 juin 2025 ;  \nVU les arr\u00eat\u00e9s du pr\u00e9fet de la r\u00e9gion d'Ile-de-France n\u00b0 IDF-2025-03-26-00009 du 26 mars 2025 portant \nd\u00e9l\u00e9gation de signature \u00e0 monsieur Jean-Fran\u00e7ois CHANET, recteur de l'acad\u00e9mie de Cr\u00e9teil, en mati\u00e8re \nde contr\u00f4le de l\u00e9galit\u00e9 des \u00e9tablissements publics locaux d'enseignement rattach\u00e9s \u00e0 la r\u00e9gion d'Ile-de-\nFrance dans le ressort de l'acad\u00e9mie de Cr\u00e9teil et n\u00b0 IDF-2025-03-26-00008 du 26 mars 2025 portant \nd\u00e9l\u00e9gation de signature \u00e0 monsieur Jean-Fran\u00e7ois CHANET, recteur de l'acad\u00e9mie de Cr\u00e9teil, en mati\u00e8re \nd'ordonnancement secondaire ; \nVU l'arr\u00eat\u00e9 de la rectrice de la r\u00e9gion acad\u00e9mique Ile-de-France, rectrice de l'acad\u00e9mie de Paris, chanceli\u00e8re \ndes universit\u00e9s de Paris et d'Ile-de-France n\u00b0 2025-034-RRA du 27 mars 2025 portant d\u00e9l\u00e9gation de \nsignature \u00e0 caract\u00e8re administratif ; \nVU         l'arr\u00eat\u00e9 du recteur de l'acad\u00e9mie de Cr\u00e9teil en date du 12 juin 2025 confiant \u00e0 madame Christ\u00e8le GUYONNET \nl'int\u00e9rim des fonctions de directeur acad\u00e9mique des services de l'\u00e9ducation nationale de la Seine-et-Marne ; \nVU la d\u00e9cision du 11 d\u00e9cembre 2020 portant d\u00e9signation des responsables de budget op\u00e9rationnel de \nprogramme (BOP) et d'unit\u00e9s op\u00e9rationnelles (UO) pour le programme 214 \u00ab soutien de la politique de \nl'\u00e9ducation nationale \u00bb ; \nVU la d\u00e9cision du 21 d\u00e9cembre 2020 portant d\u00e9signation des responsables de budget op\u00e9rationnel de \nprogramme (BOP) et d'unit\u00e9s op\u00e9rationnelles (UO) pour le programme 150 \u00ab formations sup\u00e9rieures et \nRectorat de l'acad\u00e9mie de Cr\u00e9teil - IDF-2025-06-20-00001 - Arr\u00eat\u00e9 du 20 juin 2025 portant d\u00e9l\u00e9gation de signature  \u00e0 madame\nChrist\u00e8le GUYONNET directrice acad\u00e9mique par int\u00e9rim des services de l'\u00e9ducation nationale du d\u00e9partement de la Seine-et-Marne 4\n \n 2 \nrecherche universitaire \u00bb ; \n \nARRETE \n \n \n \nARTICLE 1 :  \nMadame Christ\u00e8le GUYONNET, directrice acad\u00e9mique par int\u00e9rim des services de l'\u00e9ducation nationale dans le \nd\u00e9partement de la Seine-et-Marne, dispose, \u00e0 compter du jour suivant la publication de sa nomination ou \u00e0 \ncompter du jour o\u00f9 cet acte prend effet si ce jour est post\u00e9rieur, de l'ensemble des d\u00e9l\u00e9gations de signature de \ndroit telles qu'elles d\u00e9coulent de l'article R. 222-19-3 du code de l'\u00e9ducation modifi\u00e9 par le d\u00e9cret n\u00b0 2012-16 du \n5 janvier 2012 relatif \u00e0 l'organisation acad\u00e9mique (notamment inscription, d\u00e9rogation \u00e0 la sectorisation, vie \nscolaire, etc.) \u00e0 l'exception des d\u00e9l\u00e9gations de signature pour les actes suivants :  \n \n- actes relatifs au contr\u00f4le administratif des lyc\u00e9es, EREA et ERPD : action \u00e9ducatrice et  \n  fonctionnement ; \n- actes relatifs au contr\u00f4le financier des EPLE ; \n- actes relatifs au suivi des EPLE : arr\u00eat\u00e9s des groupements comptables ; \n- actes relatifs aux projets des lyc\u00e9es, lyc\u00e9es professionnels et EREA ; \n- autorisations de voyages et d'accompagnement des \u00e9l\u00e8ves du second degr\u00e9 dans le cadre  \n  des appariements \u00e0 l'\u00e9tranger.  \n \n \n \nARTICLE 2 : \n \nEn tant que responsable d'unit\u00e9s op\u00e9rationnelles, d\u00e9l\u00e9gation de signature est donn\u00e9e \u00e0 madame Christ\u00e8le \nGUYONNET directrice acad\u00e9mique par int\u00e9rim des services de l'\u00e9ducation nationale dans le d\u00e9partement de \nSeine-et-Marne pour :  \n             - la gestion des cr\u00e9dits de fonctionnement et d'intervention de l'unit\u00e9 op\u00e9rationnelle pour le programme \n140 \u00ab Enseignement scolaire public du premier degr\u00e9 \u00bb ; \n             - la gestion des cr\u00e9dits de personnel en mati\u00e8re de d\u00e9penses d'accidents de service et de formation pour \nle premier degr\u00e9 et des cr\u00e9dits de fonctionnement pour les examens ; \n             - la gestion des cr\u00e9dits de personnel en mati\u00e8re de d\u00e9penses d'accidents de service et de formation des \naccompagnants des \u00e9l\u00e8ves en situation de handicap et la gestion des cr\u00e9dits de fonctionnement et \nd'intervention en mati\u00e8re de d\u00e9penses de formation des accompagnants des \u00e9l\u00e8ves en situation de \nhandicap et de d\u00e9penses relatives \u00e0 l'inclusion scolaire des \u00e9l\u00e8ves en situation de handicap dans le \ncadre de l'unit\u00e9 op\u00e9rationnelle pour le programme 230 \u00ab Vie de l'\u00e9l\u00e8ve \u00bb.  \n \n \n \nARTICLE 3 : \n \nSubd\u00e9l\u00e9gation de signature est donn\u00e9e \u00e0 madame Christ\u00e8le GUYONNET, directrice acad\u00e9mique par int\u00e9rim des \nservices de l'\u00e9ducation nationale dans le d\u00e9partement de la Seine-et-Marne pour la gestion des cr\u00e9dits de \nfonctionnement et d'intervention, en mati\u00e8re de fonctionnement et d'examens, dans le cadre de l'unit\u00e9 \nop\u00e9rationnelle pour le programme 214 \u00ab Soutien de la politique de l'\u00e9ducation nationale \u00bb. \n \n \n \n \n \n \nRectorat de l'acad\u00e9mie de Cr\u00e9teil - IDF-2025-06-20-00001 - Arr\u00eat\u00e9 du 20 juin 2025 portant d\u00e9l\u00e9gation de signature  \u00e0 madame\nChrist\u00e8le GUYONNET directrice acad\u00e9mique par int\u00e9rim des services de l'\u00e9ducation nationale du d\u00e9partement de la Seine-et-Marne 5\n \n 3 \n \n \n \n \nARTICLE 4 : \n \nEn mati\u00e8re de gestion du personnel, d\u00e9l\u00e9gation de signature est donn\u00e9e \u00e0 madame Christ\u00e8le GUYONNET, \ndirectrice acad\u00e9mique par int\u00e9rim des services de l'\u00e9ducation nationale du d\u00e9partement de la Seine-et-Marne pour \n:  \n\uf0b7 la d\u00e9signation des jurys, le d\u00e9roulement des \u00e9preuves du premier concours interne de professeur des \n\u00e9coles ; \n \n\uf0b7 la gestion des professeurs des \u00e9coles stagiaires :  \ntoutes les d\u00e9cisions \u00e9num\u00e9r\u00e9es par l'arr\u00eat\u00e9 du 23 septembre 1992 modifi\u00e9 \u00e0 l'exception de celles relatives \n\u00e0 l'organisation des concours dans les conditions pr\u00e9vues par l'arr\u00eat\u00e9 du 25 janvier 2021 ; \n \n\uf0b7 la gestion des professeurs des \u00e9coles et des instituteurs de l'enseignement public :  \n \n             - les actes pris en application des dispositions des arr\u00eat\u00e9s modifi\u00e9s du 12 avril 1988 et du 28 ao\u00fbt 1990 ; \n             - les arr\u00eat\u00e9s pla\u00e7ant en cong\u00e9 d'office pour un mois en vertu de l'article R. 911-36 du code l'\u00e9ducation ; \n             - les sanctions disciplinaires pr\u00e9vues \u00e0 l'article L. 533-1 du code g\u00e9n\u00e9ral de la fonction publique ; \n \n\uf0b7 tous les personnels en fonction dans le d\u00e9partement, \u00e0 l'exception de ceux affect\u00e9s dans les \n\u00e9tablissements d'enseignement sup\u00e9rieur et au rectorat :  \n \n             - autorisations d'absence ;  \n             - d\u00e9cisions relatives aux demandes de d\u00e9rogation \u00e0 l'obligation d'occuper un logement de fonction et \u00e0 \nl'obligation de r\u00e9sidence pour les personnels exer\u00e7ant en coll\u00e8ge ; \n             - d\u00e9cisions d'imputabilit\u00e9 au service des accidents du travail pour les personnels relevant des corps du \npremier degr\u00e9 ; \n             - d\u00e9cisions relatives au compte personnel de formation ; \n \n\uf0b7 les personnels du service d\u00e9partemental de l'\u00e9ducation nationale : \n \n             - d\u00e9cisions d'octroi de cong\u00e9 de maladie pr\u00e9vu aux articles L. 822-1, L. 822-2 et L. 822-3 du code g\u00e9n\u00e9ral \nde la fonction publique et \u00e0 l'article 24 du d\u00e9cret n\u00b0 94-874 du 7 octobre 1994 modifi\u00e9 ; \n             - d\u00e9cisions d'octroi d'un cong\u00e9 pour maternit\u00e9 ou pour adoption ou d'un cong\u00e9 de paternit\u00e9 pr\u00e9vu \u00e0 l'article \nL. 631-1 du code g\u00e9n\u00e9ral de la fonction publique et \u00e0 l'article 22 du d\u00e9cret n\u00b0 94-874 du 7 octobre 1994 \nmodifi\u00e9 ; \n \n\uf0b7 les d\u00e9cisions relatives au recrutement, \u00e0 la gestion et \u00e0 la fin du contrat de certains agents non titulaires \nexer\u00e7ant dans les \u00e9coles primaires et les d\u00e9cisions relatives au recrutement, \u00e0 la gestion et \u00e0 la fin de \ncontrat d'intervenants dans les \u00e9coles primaires ; \n \n\uf0b7 les d\u00e9cisions relatives au recrutement, \u00e0 la gestion administrative et financi\u00e8re et \u00e0 la fin du contrat des \naccompagnants des \u00e9l\u00e8ves en situation de handicap (AESH) (contrat \u00e0 dur\u00e9e d\u00e9termin\u00e9e ou contrat \u00e0 \ndur\u00e9e ind\u00e9termin\u00e9e) ; \n \n\uf0b7 les d\u00e9cisions relatives au recrutement, \u00e0 la gestion administrative et financi\u00e8re et \u00e0 la fin du contrat des \naccompagnants des personnels en situation de handicap (APSH) (contrat \u00e0 dur\u00e9e d\u00e9termin\u00e9e ou contrat \n\u00e0 dur\u00e9e ind\u00e9termin\u00e9e). \n \n \n \n \nRectorat de l'acad\u00e9mie de Cr\u00e9teil - IDF-2025-06-20-00001 - Arr\u00eat\u00e9 du 20 juin 2025 portant d\u00e9l\u00e9gation de signature  \u00e0 madame\nChrist\u00e8le GUYONNET directrice acad\u00e9mique par int\u00e9rim des services de l'\u00e9ducation nationale du d\u00e9partement de la Seine-et-Marne 6\n \n 4 \n \n \n \n \nARTICLE 5 : \n \nEn application de l'article R. 222-17-1 du code de l'\u00e9ducation, d\u00e9l\u00e9gation de signature est donn\u00e9e \u00e0 madame \nChrist\u00e8le GUYONNET, directrice acad\u00e9mique par int\u00e9rim des services de l'\u00e9ducation nationale dans le \nd\u00e9partement de Seine-et-Marne, pour signer au nom du recteur de l'acad\u00e9mie de Cr\u00e9teil tous actes, arr\u00eat\u00e9s, \nd\u00e9cisions et correspondances, dans la limite de leurs attributions, dans les domaines suivants :   \n- l'organisation du s\u00e9jour de coh\u00e9sion du service national universel (SNU), le recrutement et la \ngestion des personnes physiques participant \u00e0 des fonctions d'animation ou de direction de ce \ns\u00e9jour, l'approbation dans le cadre de la r\u00e9serve du SNU des missions d'int\u00e9r\u00eat g\u00e9n\u00e9ral, \nl'inscription, l'affectation des r\u00e9servistes et le contr\u00f4le des conditions de mise en \u0153uvre de la \nr\u00e9serve ; \n  \n- l'agr\u00e9ment des associations de jeunesse et d'\u00e9ducation populaire ;  \n \n- l'attribution des subventions d'appui au secteur associatif vers\u00e9es par l'interm\u00e9diaire du Fonds \nde coop\u00e9ration de la jeunesse et d'\u00e9ducation populaire (FONJEP) ;  \n \n- la d\u00e9livrance du brevet d'aptitude aux fonctions d'animateur (BAFA). \n \n \n \nARTICLE 6 : \n \nLa gestion des bourses du second degr\u00e9 s'effectue au sein d'un service interd\u00e9partemental situ\u00e9 dans le \nd\u00e9partement de la Seine-et-Marne.  \n \n \nARTICLE 7 : \n \nPour les d\u00e9cisions relevant de l'article R. 222-19-3 du code de l'\u00e9ducation (notamment inscription, d\u00e9rogation \u00e0 la \nsectorisation, vie scolaire) et pour les d\u00e9cisions \u00e9nonc\u00e9es \u00e0 l'article 5 du pr\u00e9sent arr\u00eat\u00e9, madame Christ\u00e8le \nGUYONNET, directrice acad\u00e9mique par int\u00e9rim des services de l'\u00e9ducation nationale dans le d\u00e9partement de la \nSeine-et-Marne, peut accorder une subd\u00e9l\u00e9gation de signature aux personnes mentionn\u00e9es \u00e0 l'article D. 222-20 \ndu code de l'\u00e9ducation : \n \n- aux directeurs acad\u00e9miques adjoints des services de l'\u00e9ducation nationale, au secr\u00e9taire \ng\u00e9n\u00e9ral de la direction du service d\u00e9partemental de l'\u00e9ducation nationale ou au chef des \nservices administratifs de ce m\u00eame service ;  \n \n- aux inspecteurs de l'\u00e9ducation nationale, qui sont ses adjoints ; \n \n- au chef de service d\u00e9partemental \u00e0 la jeunesse, \u00e0 l'engagement et aux sports, lequel peut \n\u00e9galement donner d\u00e9l\u00e9gation aux agents plac\u00e9s sous son autorit\u00e9 pour signer tous actes relatifs \naux affaires pour lesquelles il a lui-m\u00eame re\u00e7u d\u00e9l\u00e9gation.  \n \n \n \n \n \n \n \n \nRectorat de l'acad\u00e9mie de Cr\u00e9teil - IDF-2025-06-20-00001 - Arr\u00eat\u00e9 du 20 juin 2025 portant d\u00e9l\u00e9gation de signature  \u00e0 madame\nChrist\u00e8le GUYONNET directrice acad\u00e9mique par int\u00e9rim des services de l'\u00e9ducation nationale du d\u00e9partement de la Seine-et-Marne 7\n \n 5 \nARTICLE 8 : \n \nPour les d\u00e9cisions mentionn\u00e9es aux articles 2, 3, et 4 en cas d'absence ou d'emp\u00eachement de madame Christ\u00e8le \nGUYONNET, directrice acad\u00e9mique par int\u00e9rim des services de l'\u00e9ducation nationale du d\u00e9partement de la Seine-et-\nMarne, d\u00e9l\u00e9gation de signature est donn\u00e9e \u00e0 : \n \n- Monsieur Philippe PICARD, directeur acad\u00e9mique adjoint des services de l'\u00e9ducation \nnationale de la Seine-et-Marne ;  \n \n \n- Monsieur Benjamin ROYANNEZ directeur acad\u00e9mique adjoint des services de l'\u00e9ducation \nnationale de la Seine-et-Marne ; \n \nEt en cas d'absence ou d'emp\u00eachement de ces derniers \u00e0 : \n \n- Monsieur Gilles BOUSQUET, adjoint de la directrice acad\u00e9mique des services de l'\u00e9ducation \nnationale de la Seine-et-Marne en charge du premier degr\u00e9.  \n \n \n \nARTICLE 9 : \n \nLe pr\u00e9sent arr\u00eat\u00e9 abroge l'arr\u00eat\u00e9 du 6 juin 2025. \n \n \n \nARTICLE 10 : \n \nLe secr\u00e9taire g\u00e9n\u00e9ral de l'acad\u00e9mie de Cr\u00e9teil et la directrice acad\u00e9mique des services de l'\u00e9ducation nationale \nde la Seine-et-Marne, sont charg\u00e9s, chacun en ce qui le concerne, de l'ex\u00e9cution du pr\u00e9sent arr\u00eat\u00e9, qui sera publi\u00e9 \nau recueil des actes administratifs de la pr\u00e9fecture de r\u00e9gion d'Ile-de-France et au recueil des actes administratifs \nde la pr\u00e9fecture du d\u00e9partement de la Seine-et-Marne.  \n \n \n Fait \u00e0 Cr\u00e9teil, le 20 juin 2025 \n \n \n Le recteur de l'acad\u00e9mie de Cr\u00e9teil \n \n           Sign\u00e9 \n \n  \n        Jean-Fran\u00e7ois CHANET  \nRectorat de l'acad\u00e9mie de Cr\u00e9teil - IDF-2025-06-20-00001 - Arr\u00eat\u00e9 du 20 juin 2025 portant d\u00e9l\u00e9gation de signature  \u00e0 madame\nChrist\u00e8le GUYONNET directrice acad\u00e9mique par int\u00e9rim des services de l'\u00e9ducation nationale du d\u00e9partement de la Seine-et-Marne 8","date":"2025-06-20","first_seen_on":"2025-06-20T16:40:30+00:00","id":"8ad6881a2edf0000d5b7b8389f80c3f8ce2067517bd738d5f38be87af24c7f75","name":"recueilDS-idf-040-2025-06-recueil-des-actes-administratifs-special du 20.06.2025","pdf_creation_date":"2025-06-20T14:37:31+00:00","pdf_modification_date":null,"timezone":"Europe/Paris","url":"https://www.prefectures-regions.gouv.fr/ile-de-france/irecontenu/telechargement/128703/948637/file/recueilDS-idf-040-2025-06-recueil-des-actes-administratifs-special%20du%2020.06.2025.pdf"}
