{"administration":"pref30","administration_name":"Pr\u00e9fecture du Gard","content":"PR\u00c9FET\nDU GARD\nRECUEIL DES ACTES\nADMINISTRATIFS SP\u00c9CIAL\nN\u00b030-2025-130\nPUBLI\u00c9 LE 25 JUILLET 2025\nSommaire\nAgence R\u00e9gionale de la Sant\u00e9- d\u00e9l\u00e9gation d\u00e9partementale du Gard\n/\n30-2025-07-24-00009 -  Arr\u00eat\u00e9 portant r\u00e9quisition de pharmacie (6\npages) Page 4\n30-2025-07-21-00004 - Arr\u00eat\u00e9 ARS portant organisation du tour de garde\ndes Transports sanitaires pour le d\u00e9partement du Gard sur le secteur\nGrand N\u00eemes (GN) - Ao\u00fbt \u00e0 Octobre 2025 (5 pages) Page 11\n30-2025-07-22-00002 - Arr\u00eat\u00e9 portant constat de la r\u00e9alisation des\ntravaux d'urgence amiante dans le logement situ\u00e9 RDC droit du batiment\nB - immeuble Le Montcalm - 271 avenue de la Costi\u00e8re commune de\nVauvert (2 pages) Page 17\n30-2025-07-24-00006 - Arr\u00eat\u00e9 pr\u00e9fectoral portant r\u00e9quisition d'un\npersonnel navigant (pilote et assistant de vol) afin de garantir la\ncontinuit\u00e9 de l'activit\u00e9 H\u00e9liSMUR dans le cadre de l'aide m\u00e9dicale\nurgente les vendredi 25, samedi 26, dimanche 27, lundi 28, mardi 29,\nmercredi 30,  jeudi 31 juillet 2025 de 08h00 \u00e0 20h00 (heure de Paris) (4\npages) Page 20\n30-2025-07-24-00007 - Arr\u00eat\u00e9 pr\u00e9fectoral portant r\u00e9quisition d'un\npersonnel navigant (pilote et assistant de vol) afin de garantir la\ncontinuit\u00e9 de l'activit\u00e9 H\u00e9liSMUR dans le cadre de l'aide m\u00e9dicale\nurgente les vendredi 25, samedi 26, dimanche 27, lundi 28, mardi 29,\nmercredi 30,  jeudi 31 juillet 2025 de 08h00 \u00e0 20h00 (heure de Paris) (4\npages) Page 25\n30-2025-07-22-00001 - Arr\u00eat\u00e9 pronon\u00e7ant la mainlev\u00e9e de l'arr\u00eat\u00e9\nde mesures d'urgence dans le logement situ\u00e9 21, rue Baticoop, b\u00e2timent\nB2 porte 26 \u00e0 Pont St Esprit (2 pages) Page 30\n30-2025-07-03-00018 - Arre?te? d\u00e9signation de la plateforme\nd'orientation et de coordination dans le cadre du parcours de bilan et\nd'intervention pr\u00e9coce pour les enfants entre 7-12 ans pr\u00e9sentant des\ntroubles du neuro-d\u00e9veloppement sur le territoire du GARD  (3 pages) Page 33\nCentre Hostpitalier Universitaire  de N\u00eemes /\n30-2025-07-03-00016 - D\u00e9l\u00e9gation de signature - Direction du syst\u00e8me\nd'information et des services num\u00e9riques-03.07.25 (2 pages) Page 37\n30-2025-07-03-00017 - D\u00e9l\u00e9gation de signature- EHPAD de Ganges -\n03.07.25 (4 pages) Page 40\nDirection D\u00e9partementale des Tetrritoires et de la Mer du Gard /\n30-2025-07-24-00005 - 20250724  arrete-GFADomaineBeauregard StGilles\nDreal AURA (5 pages) Page 45\n2\n30-2025-07-25-00001 - Arr\u00eat\u00e9 portant \u00e0 connaissance d'ant\u00e9riorit\u00e9\nde la RD 124 sur les communes de Saint-G\u00e9ni\u00e8s-de-Malgoir\u00e8s et La\nRouvi\u00e8re du PR2+225 au PR3+425 au titre des articles L214-6 et R214-53 du\ncode l'environnement et validant les travaux relatifs \u00e0 l'am\u00e9nagement\nde la voie verte longeant la RD 124 du PR2+225 au PR3+425 sur Saint\nG\u00e9ni\u00e8s de Malgoires et La Rouvi\u00e8re (7 pages) Page 51\n30-2025-07-04-00010 - ART 20250704 Fixant composition GAEC cdoa (2\npages) Page 59\nDirection r\u00e9gionale de l'\u00e9conomie, de l'emploi, du travail et des\nsolidarit\u00e9s d'Occitanie /\n30-2025-07-21-00006 - D\u00e9cision n\u00b02025-30-01.4 du 21 juillet 2025\nportant affectation des agents des UC et gestion des int\u00e9rims de la\nDDETS (5 pages) Page 62\nPrefecture du Gard /\n30-2025-07-21-00005 - Arr\u00eat\u00e9 pr\u00e9fectoral DCLC-SCFI-2025-21-07-001\ndu 21 juillet 2025  mettant fin \u00e0 la convention constitutive du GIP de\nCardet L\u00e9zan L\u00e9dignan pour la gestion de deux aires collectives de\nlavage des pulv\u00e9risateurs agricoles (2 pages) Page 68\n30-2025-07-21-00003 - Projet de r\u00e9seau de transport d'hydrgog\u00e8ne\ngazeux par canalisation \nreliant Saint-Martin-de-Crau (13) \u00e0 Erching (57) -\nArr\u00eat\u00e9 portant autorisation de p\u00e9n\u00e9trer dans les propri\u00e9t\u00e9s\npriv\u00e9es (7 pages) Page 71\nPrefecture du Gard / CABINET\n30-2025-07-25-00002 - arr\u00eat\u00e9 autorisant la captation, l'enregistrement et\nla transmission d'images au moyen de cam\u00e9ras install\u00e9es sur des\na\u00e9ronefs (6 pages) Page 79\nPrefecture du Gard / SAPSI\n30-2025-07-25-00003 - Arr\u00eat\u00e9 N\u00b030-2025-07-25-00003 portant mise en\ndemeure aux citoyens fran\u00e7ais itin\u00e9rants stationn\u00e9s, sans droit ni titre,\nsitu\u00e9s sur plusieurs parcelles \u00e0 proximit\u00e9 du stade de l'Espeyran au\nsein de la commune de Saint-Gilles de quitter les lieux \u00e0 compter du lundi\n28 juillet 2025 (3 pages) Page 86\n3\nAgence R\u00e9gionale de la Sant\u00e9- d\u00e9l\u00e9gation\nd\u00e9partementale du Gard\n30-2025-07-24-00009\n Arr\u00eat\u00e9 portant r\u00e9quisition de pharmacie\nAgence R\u00e9gionale de la Sant\u00e9- d\u00e9l\u00e9gation d\u00e9partementale du Gard - 30-2025-07-24-00009 -  Arr\u00eat\u00e9 portant r\u00e9quisition de pharmacie 4\nAgence R\u00e9gionale de la Sant\u00e9- d\u00e9l\u00e9gation d\u00e9partementale du Gard - 30-2025-07-24-00009 -  Arr\u00eat\u00e9 portant r\u00e9quisition de pharmacie 5\n24/07/2025\nAgence R\u00e9gionale de la Sant\u00e9- d\u00e9l\u00e9gation d\u00e9partementale du Gard - 30-2025-07-24-00009 -  Arr\u00eat\u00e9 portant r\u00e9quisition de pharmacie 6\nAgence R\u00e9gionale de la Sant\u00e9- d\u00e9l\u00e9gation d\u00e9partementale du Gard - 30-2025-07-24-00009 -  Arr\u00eat\u00e9 portant r\u00e9quisition de pharmacie 7\nAgence R\u00e9gionale de la Sant\u00e9- d\u00e9l\u00e9gation d\u00e9partementale du Gard - 30-2025-07-24-00009 -  Arr\u00eat\u00e9 portant r\u00e9quisition de pharmacie 8\nAgence R\u00e9gionale de la Sant\u00e9- d\u00e9l\u00e9gation d\u00e9partementale du Gard - 30-2025-07-24-00009 -  Arr\u00eat\u00e9 portant r\u00e9quisition de pharmacie 9\nAgence R\u00e9gionale de la Sant\u00e9- d\u00e9l\u00e9gation d\u00e9partementale du Gard - 30-2025-07-24-00009 -  Arr\u00eat\u00e9 portant r\u00e9quisition de pharmacie 10\nAgence R\u00e9gionale de la Sant\u00e9- d\u00e9l\u00e9gation\nd\u00e9partementale du Gard\n30-2025-07-21-00004\nArr\u00eat\u00e9 ARS portant organisation du tour de\ngarde des Transports sanitaires pour le\nd\u00e9partement du Gard sur le secteur Grand\nN\u00eemes (GN) - Ao\u00fbt \u00e0 Octobre 2025\nAgence R\u00e9gionale de la Sant\u00e9- d\u00e9l\u00e9gation d\u00e9partementale du Gard - 30-2025-07-21-00004 - Arr\u00eat\u00e9 ARS portant organisation du tour\nde garde des Transports sanitaires pour le d\u00e9partement du Gard sur le secteur Grand N\u00eemes (GN) - Ao\u00fbt \u00e0 Octobre 2025 11\nAgence R\u00e9gionale de la Sant\u00e9- d\u00e9l\u00e9gation d\u00e9partementale du Gard - 30-2025-07-21-00004 - Arr\u00eat\u00e9 ARS portant organisation du tour\nde garde des Transports sanitaires pour le d\u00e9partement du Gard sur le secteur Grand N\u00eemes (GN) - Ao\u00fbt \u00e0 Octobre 2025 12\nAgence R\u00e9gionale de la Sant\u00e9- d\u00e9l\u00e9gation d\u00e9partementale du Gard - 30-2025-07-21-00004 - Arr\u00eat\u00e9 ARS portant organisation du tour\nde garde des Transports sanitaires pour le d\u00e9partement du Gard sur le secteur Grand N\u00eemes (GN) - Ao\u00fbt \u00e0 Octobre 2025 13\nAgence R\u00e9gionale de la Sant\u00e9- d\u00e9l\u00e9gation d\u00e9partementale du Gard - 30-2025-07-21-00004 - Arr\u00eat\u00e9 ARS portant organisation du tour\nde garde des Transports sanitaires pour le d\u00e9partement du Gard sur le secteur Grand N\u00eemes (GN) - Ao\u00fbt \u00e0 Octobre 2025 14\nAgence R\u00e9gionale de la Sant\u00e9- d\u00e9l\u00e9gation d\u00e9partementale du Gard - 30-2025-07-21-00004 - Arr\u00eat\u00e9 ARS portant organisation du tour\nde garde des Transports sanitaires pour le d\u00e9partement du Gard sur le secteur Grand N\u00eemes (GN) - Ao\u00fbt \u00e0 Octobre 2025 15\nAgence R\u00e9gionale de la Sant\u00e9- d\u00e9l\u00e9gation d\u00e9partementale du Gard - 30-2025-07-21-00004 - Arr\u00eat\u00e9 ARS portant organisation du tour\nde garde des Transports sanitaires pour le d\u00e9partement du Gard sur le secteur Grand N\u00eemes (GN) - Ao\u00fbt \u00e0 Octobre 2025 16\nAgence R\u00e9gionale de la Sant\u00e9- d\u00e9l\u00e9gation\nd\u00e9partementale du Gard\n30-2025-07-22-00002\nArr\u00eat\u00e9 portant constat de la r\u00e9alisation des\ntravaux d'urgence amiante dans le logement\nsitu\u00e9 RDC droit du batiment B - immeuble Le\nMontcalm - 271 avenue de la Costi\u00e8re commune\nde Vauvert\nAgence R\u00e9gionale de la Sant\u00e9- d\u00e9l\u00e9gation d\u00e9partementale du Gard - 30-2025-07-22-00002 - Arr\u00eat\u00e9 portant constat de la r\u00e9alisation\ndes travaux d'urgence amiante dans le logement situ\u00e9 RDC droit du batiment B - immeuble Le Montcalm - 271 avenue de la Costi\u00e8re\ncommune de Vauvert\n17\nAgence R\u00e9gionale de la Sant\u00e9- d\u00e9l\u00e9gation d\u00e9partementale du Gard - 30-2025-07-22-00002 - Arr\u00eat\u00e9 portant constat de la r\u00e9alisation\ndes travaux d'urgence amiante dans le logement situ\u00e9 RDC droit du batiment B - immeuble Le Montcalm - 271 avenue de la Costi\u00e8re\ncommune de Vauvert\n18\nAgence R\u00e9gionale de la Sant\u00e9- d\u00e9l\u00e9gation d\u00e9partementale du Gard - 30-2025-07-22-00002 - Arr\u00eat\u00e9 portant constat de la r\u00e9alisation\ndes travaux d'urgence amiante dans le logement situ\u00e9 RDC droit du batiment B - immeuble Le Montcalm - 271 avenue de la Costi\u00e8re\ncommune de Vauvert\n19\nAgence R\u00e9gionale de la Sant\u00e9- d\u00e9l\u00e9gation\nd\u00e9partementale du Gard\n30-2025-07-24-00006\nArr\u00eat\u00e9 pr\u00e9fectoral portant r\u00e9quisition d'un\npersonnel navigant (pilote et assistant de vol)\nafin de garantir la continuit\u00e9 de l'activit\u00e9\nH\u00e9liSMUR dans le cadre de l'aide m\u00e9dicale\nurgente les vendredi 25, samedi 26, dimanche\n27, lundi 28, mardi 29, mercredi 30,  jeudi 31\njuillet 2025 de 08h00 \u00e0 20h00 (heure de Paris)\nAgence R\u00e9gionale de la Sant\u00e9- d\u00e9l\u00e9gation d\u00e9partementale du Gard - 30-2025-07-24-00006 - Arr\u00eat\u00e9 pr\u00e9fectoral portant r\u00e9quisition\nd'un personnel navigant (pilote et assistant de vol) afin de garantir la continuit\u00e9 de l'activit\u00e9 H\u00e9liSMUR dans le cadre de l'aide\nm\u00e9dicale urgente les vendredi 25, samedi 26, dimanche 27, lundi 28, mardi 29, mercredi 30,  jeudi 31 juillet 2025 de 08h00 \u00e0 20h00\n(heure de Paris)\n20\nAgence R\u00e9gionale de la Sant\u00e9- d\u00e9l\u00e9gation d\u00e9partementale du Gard - 30-2025-07-24-00006 - Arr\u00eat\u00e9 pr\u00e9fectoral portant r\u00e9quisition\nd'un personnel navigant (pilote et assistant de vol) afin de garantir la continuit\u00e9 de l'activit\u00e9 H\u00e9liSMUR dans le cadre de l'aide\nm\u00e9dicale urgente les vendredi 25, samedi 26, dimanche 27, lundi 28, mardi 29, mercredi 30,  jeudi 31 juillet 2025 de 08h00 \u00e0 20h00\n(heure de Paris)\n21\nAgence R\u00e9gionale de la Sant\u00e9- d\u00e9l\u00e9gation d\u00e9partementale du Gard - 30-2025-07-24-00006 - Arr\u00eat\u00e9 pr\u00e9fectoral portant r\u00e9quisition\nd'un personnel navigant (pilote et assistant de vol) afin de garantir la continuit\u00e9 de l'activit\u00e9 H\u00e9liSMUR dans le cadre de l'aide\nm\u00e9dicale urgente les vendredi 25, samedi 26, dimanche 27, lundi 28, mardi 29, mercredi 30,  jeudi 31 juillet 2025 de 08h00 \u00e0 20h00\n(heure de Paris)\n22\nAgence R\u00e9gionale de la Sant\u00e9- d\u00e9l\u00e9gation d\u00e9partementale du Gard - 30-2025-07-24-00006 - Arr\u00eat\u00e9 pr\u00e9fectoral portant r\u00e9quisition\nd'un personnel navigant (pilote et assistant de vol) afin de garantir la continuit\u00e9 de l'activit\u00e9 H\u00e9liSMUR dans le cadre de l'aide\nm\u00e9dicale urgente les vendredi 25, samedi 26, dimanche 27, lundi 28, mardi 29, mercredi 30,  jeudi 31 juillet 2025 de 08h00 \u00e0 20h00\n(heure de Paris)\n23\nAgence R\u00e9gionale de la Sant\u00e9- d\u00e9l\u00e9gation d\u00e9partementale du Gard - 30-2025-07-24-00006 - Arr\u00eat\u00e9 pr\u00e9fectoral portant r\u00e9quisition\nd'un personnel navigant (pilote et assistant de vol) afin de garantir la continuit\u00e9 de l'activit\u00e9 H\u00e9liSMUR dans le cadre de l'aide\nm\u00e9dicale urgente les vendredi 25, samedi 26, dimanche 27, lundi 28, mardi 29, mercredi 30,  jeudi 31 juillet 2025 de 08h00 \u00e0 20h00\n(heure de Paris)\n24\nAgence R\u00e9gionale de la Sant\u00e9- d\u00e9l\u00e9gation\nd\u00e9partementale du Gard\n30-2025-07-24-00007\nArr\u00eat\u00e9 pr\u00e9fectoral portant r\u00e9quisition d'un\npersonnel navigant (pilote et assistant de vol)\nafin de garantir la continuit\u00e9 de l'activit\u00e9\nH\u00e9liSMUR dans le cadre de l'aide m\u00e9dicale\nurgente les vendredi 25, samedi 26, dimanche\n27, lundi 28, mardi 29, mercredi 30,  jeudi 31\njuillet 2025 de 08h00 \u00e0 20h00 (heure de Paris)\nAgence R\u00e9gionale de la Sant\u00e9- d\u00e9l\u00e9gation d\u00e9partementale du Gard - 30-2025-07-24-00007 - Arr\u00eat\u00e9 pr\u00e9fectoral portant r\u00e9quisition\nd'un personnel navigant (pilote et assistant de vol) afin de garantir la continuit\u00e9 de l'activit\u00e9 H\u00e9liSMUR dans le cadre de l'aide\nm\u00e9dicale urgente les vendredi 25, samedi 26, dimanche 27, lundi 28, mardi 29, mercredi 30,  jeudi 31 juillet 2025 de 08h00 \u00e0 20h00\n(heure de Paris)\n25\nAgence R\u00e9gionale de la Sant\u00e9- d\u00e9l\u00e9gation d\u00e9partementale du Gard - 30-2025-07-24-00007 - Arr\u00eat\u00e9 pr\u00e9fectoral portant r\u00e9quisition\nd'un personnel navigant (pilote et assistant de vol) afin de garantir la continuit\u00e9 de l'activit\u00e9 H\u00e9liSMUR dans le cadre de l'aide\nm\u00e9dicale urgente les vendredi 25, samedi 26, dimanche 27, lundi 28, mardi 29, mercredi 30,  jeudi 31 juillet 2025 de 08h00 \u00e0 20h00\n(heure de Paris)\n26\nAgence R\u00e9gionale de la Sant\u00e9- d\u00e9l\u00e9gation d\u00e9partementale du Gard - 30-2025-07-24-00007 - Arr\u00eat\u00e9 pr\u00e9fectoral portant r\u00e9quisition\nd'un personnel navigant (pilote et assistant de vol) afin de garantir la continuit\u00e9 de l'activit\u00e9 H\u00e9liSMUR dans le cadre de l'aide\nm\u00e9dicale urgente les vendredi 25, samedi 26, dimanche 27, lundi 28, mardi 29, mercredi 30,  jeudi 31 juillet 2025 de 08h00 \u00e0 20h00\n(heure de Paris)\n27\nAgence R\u00e9gionale de la Sant\u00e9- d\u00e9l\u00e9gation d\u00e9partementale du Gard - 30-2025-07-24-00007 - Arr\u00eat\u00e9 pr\u00e9fectoral portant r\u00e9quisition\nd'un personnel navigant (pilote et assistant de vol) afin de garantir la continuit\u00e9 de l'activit\u00e9 H\u00e9liSMUR dans le cadre de l'aide\nm\u00e9dicale urgente les vendredi 25, samedi 26, dimanche 27, lundi 28, mardi 29, mercredi 30,  jeudi 31 juillet 2025 de 08h00 \u00e0 20h00\n(heure de Paris)\n28\n24/07/2025\nAgence R\u00e9gionale de la Sant\u00e9- d\u00e9l\u00e9gation d\u00e9partementale du Gard - 30-2025-07-24-00007 - Arr\u00eat\u00e9 pr\u00e9fectoral portant r\u00e9quisition\nd'un personnel navigant (pilote et assistant de vol) afin de garantir la continuit\u00e9 de l'activit\u00e9 H\u00e9liSMUR dans le cadre de l'aide\nm\u00e9dicale urgente les vendredi 25, samedi 26, dimanche 27, lundi 28, mardi 29, mercredi 30,  jeudi 31 juillet 2025 de 08h00 \u00e0 20h00\n(heure de Paris)\n29\nAgence R\u00e9gionale de la Sant\u00e9- d\u00e9l\u00e9gation\nd\u00e9partementale du Gard\n30-2025-07-22-00001\nArr\u00eat\u00e9 pronon\u00e7ant la mainlev\u00e9e de l'arr\u00eat\u00e9 de\nmesures d'urgence dans le logement situ\u00e9 21, rue\nBaticoop, b\u00e2timent B2 porte 26 \u00e0 Pont St Esprit\nAgence R\u00e9gionale de la Sant\u00e9- d\u00e9l\u00e9gation d\u00e9partementale du Gard - 30-2025-07-22-00001 - Arr\u00eat\u00e9 pronon\u00e7ant la mainlev\u00e9e de l'arr\u00eat\u00e9\nde mesures d'urgence dans le logement situ\u00e9 21, rue Baticoop, b\u00e2timent B2 porte 26 \u00e0 Pont St Esprit 30\nAgence R\u00e9gionale de la Sant\u00e9- d\u00e9l\u00e9gation d\u00e9partementale du Gard - 30-2025-07-22-00001 - Arr\u00eat\u00e9 pronon\u00e7ant la mainlev\u00e9e de l'arr\u00eat\u00e9\nde mesures d'urgence dans le logement situ\u00e9 21, rue Baticoop, b\u00e2timent B2 porte 26 \u00e0 Pont St Esprit 31\nAgence R\u00e9gionale de la Sant\u00e9- d\u00e9l\u00e9gation d\u00e9partementale du Gard - 30-2025-07-22-00001 - Arr\u00eat\u00e9 pronon\u00e7ant la mainlev\u00e9e de l'arr\u00eat\u00e9\nde mesures d'urgence dans le logement situ\u00e9 21, rue Baticoop, b\u00e2timent B2 porte 26 \u00e0 Pont St Esprit 32\nAgence R\u00e9gionale de la Sant\u00e9- d\u00e9l\u00e9gation\nd\u00e9partementale du Gard\n30-2025-07-03-00018\nArre?te? d\u00e9signation de la plateforme\nd'orientation et de coordination dans le cadre\ndu parcours de bilan et d'intervention pr\u00e9coce\npour les enfants entre 7-12 ans pr\u00e9sentant des\ntroubles du neuro-d\u00e9veloppement sur le\nterritoire du GARD \nAgence R\u00e9gionale de la Sant\u00e9- d\u00e9l\u00e9gation d\u00e9partementale du Gard - 30-2025-07-03-00018 - Arre?te? d\u00e9signation de la plateforme\nd'orientation et de coordination dans le cadre du parcours de bilan et d'intervention pr\u00e9coce pour les enfants entre 7-12 ans\npr\u00e9sentant des troubles du neuro-d\u00e9veloppement sur le territoire du GARD \n33\n \n \n \n \n \n \n \n \nARRETE  \n \nPortant d\u00e9signation de la plateforme d'orientation et de coordination dans le cadre du \nparcours de bilan et d'intervention pr\u00e9coce pour les enfants entre 7 et 12 ans pr\u00e9sentant \ndes troubles du neuro-d\u00e9veloppement sur le territoire du Gard \n \n \n \nLE DIRECTEUR GENERAL DE L'AGENCE REGIONALE DE SANTE OCCITANIE \n \n \n \nVU le Code de l'action sociale et des familles et notamment l'article L312-1 ; \n \nVU le Code de la sante publique et notamment les articles L2135-1, L 3221-1, L4331-1, \nL4332-1 ; \n \nVU le Code de la s\u00e9curit\u00e9 sociale et notamment les articles L174-17, L174-8, L162-5, L162-\n9 ; \n \nVU le D\u00e9cret du 20 avril 2022 portant nomination de Monsieur Didier JAFFRE en qualit\u00e9 de \ndirecteur g\u00e9n\u00e9ral de l'agence r\u00e9gionale de sant\u00e9 Occitanie ; \n \nVU  le D\u00e9cret n\u00b02018-1297 du 28 d\u00e9cembre 2018 relatif au parcours de bilan et intervention \npr\u00e9coce pour les troubles du neuro-d\u00e9veloppement ;  \n \nVU le D\u00e9cret n \u00b02021-383 du 1 er avril 2021 modifiant  le parcours de bilan et intervention \npr\u00e9coce pour les troubles du neuro-d\u00e9veloppement ; \n \nVU  l'Arr\u00eat\u00e9 du 16 avril 2019 fixant le mod\u00e8le de contrat type pour les ergoth\u00e9rapeutes, \npsychomotriciens et psychologues pris en application de l'article L. 2135-1 du code de la \nsant\u00e9 publique ; \n \nVU l'Arr\u00eat\u00e9 du 10 mars 2021 relatif \u00e0 la d\u00e9finition de l'expertise sp\u00e9cifique des psychologues \nmentionn\u00e9e \u00e0 l'article R. 2135-2 du code de la sant\u00e9 publique ; \n \nVU l'Arr\u00eat\u00e9 du 24 ao\u00fbt 2021 modifiant l'arr\u00eat\u00e9 du 16 avril 2019 relatif au contrat type pour les \nprofessionnels de sant\u00e9 mentionn\u00e9s aux articles L. 4331 -1 et L. 4332 -1 du code de la \nsant\u00e9 publique et les psychologues pris en application de l'article L. 2135-1 du code de la \nsant\u00e9 publique ; \n \nVU  l'Arr\u00eat\u00e9 n\u00b02023-5215 du 27 octobre 2023 portant adoption du Projet R\u00e9gional de Sant\u00e9 \nde l'Occitanie 2023 \u2013 2028 ; \n \nVU  la Circulaire N\u00b0 SG/2018/256 du 22 novembre 2018 relative \u00e0 la mise en place des \nplateformes d'orientation et de coordination dans le cadre du parcours de bilan et \nd'intervention pr\u00e9coce pour les enfants avec des troubles du neuro-d\u00e9veloppement ; \n \n \n \nAgence R\u00e9gionale de la Sant\u00e9- d\u00e9l\u00e9gation d\u00e9partementale du Gard - 30-2025-07-03-00018 - Arre?te? d\u00e9signation de la plateforme\nd'orientation et de coordination dans le cadre du parcours de bilan et d'intervention pr\u00e9coce pour les enfants entre 7-12 ans\npr\u00e9sentant des troubles du neuro-d\u00e9veloppement sur le territoire du GARD \n34\n2 \n \nVU l'Instruction interminist\u00e9rielle N\u00b0DGCS/SD3B/DGOS/DSS/DIA/2019/179 du 19 juillet 2019 \nrelative \u00e0 la mise en \u0153uvre des plateformes de coordination et d'orientation dans le cadre \ndes parcours de bilan et intervention pr\u00e9coce des enfants de moins de 7 ans pr\u00e9sentant \ndes troubles du neuro-d\u00e9veloppement ; \n \nVU l'Instruction interminist\u00e9rielle N\u00b0 \nDGCS/SD3B/DIA/DSS/SD1A/DGOS/R4/CNSA/2022/132 du 4 mai 2022 relative \u00e0 la \npoursuite de mise en \u0153uvre de la strat\u00e9gie nationale pour l'autisme au sein des troubles \ndu neuro-d\u00e9veloppement 2018-2022 ; \n \nVU la Circulaire interminist\u00e9rielle N\u00b0 DIA/DGCS/SD3B/DGOS/R4/DGESCO/2021/201 du 23 \nseptembre 2021 relative au d\u00e9ploiement des plateformes de coordination et d'orientation \net l'extension du forfait d'intervention pr\u00e9coce de 7 \u00e0 12 ans ; \n \nVU  la D\u00e9cision ARS Occitanie n\u00b02025 -2824 en date du 15 mai 2025 portant d\u00e9l\u00e9 gation de \nsignature du Directeur G\u00e9n\u00e9ral de l'Agence R\u00e9gionale de Sant\u00e9 Occitanie ; \n \n \n \nCONSIDERANT que pour l'accompagnement des enfants entre 7 et 12  ans susceptibles \nde pr\u00e9senter un trouble du neuro-d\u00e9veloppement un parcours de bilan et \nintervention pr\u00e9coce est pris  en charge par l'assurance maladie  avant \nm\u00eame que le diagnostic ne soit stabilis\u00e9 ; \n \nCONSIDERANT que le parcours est coordonn\u00e9 par une structure d\u00e9sign\u00e9e par arr\u00eat\u00e9 du \ndirecteur g\u00e9n\u00e9ral de l'agence r\u00e9gionale de sant\u00e9 ; \n \nCONSIDERANT que la structure d\u00e9sign\u00e9e  passe une convention avec d'autres \n\u00e9tablissements ou services mentionn\u00e9s au deuxi\u00e8me alin\u00e9a de l'article L. \n2135-1 pour constituer une plateforme de coordination et d'orientation de \nces parcours de bilan et intervention pr\u00e9coce pour les enfants jusqu'\u00e0 12 \nans ; \n \nCONSIDERANT  que l'objet de cette convention est l'organisation du parcours de bilan et \nintervention pr\u00e9coce pour les  enfants jusqu'\u00e0 12 ans pr\u00e9sentant des  \ntroubles du neuro -d\u00e9veloppement et la r\u00e9partition des t\u00e2ches et \nresponsabilit\u00e9s de chaque partie constituante de la  plateforme de \ncoordination et d'orientation ; \n \nCONSIDERANT qu'une convention de financement est conclue entre la caisse d'assurance \nmaladie pivot du ressort g\u00e9ographique de la structure d\u00e9sign\u00e9e 1 et la \nstructure d\u00e9sign\u00e9e afin de d\u00e9finir le sch\u00e9ma de facturation et de pr\u00e9ciser \nles modalit\u00e9s de versement des acomptes et de remboursement des \nforfaits. \n  \n                                                           \n1 Ou la caisse primaire d'assurance maladie signataire du contrat pluriannuel d'objectifs et de moyens \n(CPOM) si l'organisme gestionnaire de la structure d\u00e9sign\u00e9e par le DG d'ARS est d\u00e9j\u00e0 li\u00e9 \u00e0 l'ARS par un \nCPOM. \nAgence R\u00e9gionale de la Sant\u00e9- d\u00e9l\u00e9gation d\u00e9partementale du Gard - 30-2025-07-03-00018 - Arre?te? d\u00e9signation de la plateforme\nd'orientation et de coordination dans le cadre du parcours de bilan et d'intervention pr\u00e9coce pour les enfants entre 7-12 ans\npr\u00e9sentant des troubles du neuro-d\u00e9veloppement sur le territoire du GARD \n35\n3 \n \n \nARR\u00caTE \n \nARTICLE 1er : \n  \nLa structure d\u00e9sign\u00e9e pour porter la plateforme de coordination et d'orientation pour les enfants \u00e2g\u00e9s \nde 7 \u00e0 12 ans pour le territoire du Gard , dans le cadre  de l'extension  du parcours de bilan et \nintervention pr\u00e9coce pour les enfants pr\u00e9sentant des troubles du neuro-d\u00e9veloppement est le CAMSP \nBagnols sur C\u00e8ze , num\u00e9ro FINESS g\u00e9ographique : 300012085 sis, 120 chemin du Vieux de Lyon \n30 200 Bagnols sur C\u00e8ze g\u00e9r\u00e9 par le Centre Hospitalier de Bagnols sur C\u00e8ze dont le si\u00e8ge social est \nsitu\u00e9 avenue Alphonse Daudet 30 205 Bagnols sur C\u00e8ze, num\u00e9ro FINESS juridique : 300780053. \n \nARTICLE 2 : \n \nLa structure d\u00e9sign\u00e9e devra assurer les missions pr\u00e9vues aux articles R. 2135-1 et suivants du Code \nde la sant\u00e9 publique. \n \n \nARTICLE 3:  \n \nLa structure d\u00e9sign\u00e9e doit, dans un d\u00e9lai de six mois suivant la notification de la pr\u00e9sente d\u00e9signation, \nformaliser et contractualiser avec d'autres \u00e9tablissements ou services dans le cadre d'une convention \nconstitutive territoriale, en vue d'organiser le  parcours de bilan et intervention pr\u00e9coce pour les \nenfants de moins de 12  ans susceptibles de pr\u00e9senter des troubles du neuro-d\u00e9veloppement et de \nconstituer une plateforme de coordination et d'orientation. \n \n \nARTICLE 4: \n \nLa pr\u00e9sente d\u00e9cision peut faire l'objet d'un recours contentieux aupr\u00e8s du Tribunal Administratif \ncomp\u00e9tent dans un d\u00e9lai de deux mois \u00e0 compter de sa notification ou de publication. Le Tribunal \nAdministratif peut \u00eatre saisi par l'application informatique \u00ab  t\u00e9l\u00e9recours citoyens \u00bb accessible par le \nsite internet www.telerecours.fr  \n \nARTICLE 5 : \n \nLe Directeur d\u00e9partemental  du Gard de l'agence r\u00e9gionale de sant\u00e9 Occitanie est charg\u00e9 de \nl'ex\u00e9cution du pr\u00e9sent arr\u00eat\u00e9, publi\u00e9 au recueil des actes administratifs de l'Etat. \n \n \n \nFait le 3 juillet 2025 \n \n \nPour le Directeur G\u00e9n\u00e9ral de l'ARS Occitanie et par d\u00e9l\u00e9gation, \nLa directrice de l'Offre de soins et de l'Autonomie \n \n \n \nJulie SENGER \nAgence R\u00e9gionale de la Sant\u00e9- d\u00e9l\u00e9gation d\u00e9partementale du Gard - 30-2025-07-03-00018 - Arre?te? d\u00e9signation de la plateforme\nd'orientation et de coordination dans le cadre du parcours de bilan et d'intervention pr\u00e9coce pour les enfants entre 7-12 ans\npr\u00e9sentant des troubles du neuro-d\u00e9veloppement sur le territoire du GARD \n36\nCentre Hostpitalier Universitaire  de N\u00eemes\n30-2025-07-03-00016\nD\u00e9l\u00e9gation de signature - Direction du syst\u00e8me\nd'information et des services\nnum\u00e9riques-03.07.25\nCentre Hostpitalier Universitaire  de N\u00eemes - 30-2025-07-03-00016 - D\u00e9l\u00e9gation de signature - Direction du syst\u00e8me d'information et\ndes services num\u00e9riques-03.07.25 37\nCentre Hostpitalier Universitaire  de N\u00eemes - 30-2025-07-03-00016 - D\u00e9l\u00e9gation de signature - Direction du syst\u00e8me d'information et\ndes services num\u00e9riques-03.07.25 38\nCentre Hostpitalier Universitaire  de N\u00eemes - 30-2025-07-03-00016 - D\u00e9l\u00e9gation de signature - Direction du syst\u00e8me d'information et\ndes services num\u00e9riques-03.07.25 39\nCentre Hostpitalier Universitaire  de N\u00eemes\n30-2025-07-03-00017\nD\u00e9l\u00e9gation de signature- EHPAD de Ganges -\n03.07.25\nCentre Hostpitalier Universitaire  de N\u00eemes - 30-2025-07-03-00017 - D\u00e9l\u00e9gation de signature- EHPAD de Ganges - 03.07.25 40\nCentre Hostpitalier Universitaire  de N\u00eemes - 30-2025-07-03-00017 - D\u00e9l\u00e9gation de signature- EHPAD de Ganges - 03.07.25 41\nCentre Hostpitalier Universitaire  de N\u00eemes - 30-2025-07-03-00017 - D\u00e9l\u00e9gation de signature- EHPAD de Ganges - 03.07.25 42\nCentre Hostpitalier Universitaire  de N\u00eemes - 30-2025-07-03-00017 - D\u00e9l\u00e9gation de signature- EHPAD de Ganges - 03.07.25 43\nCentre Hostpitalier Universitaire  de N\u00eemes - 30-2025-07-03-00017 - D\u00e9l\u00e9gation de signature- EHPAD de Ganges - 03.07.25 44\nDirection D\u00e9partementale des Tetrritoires et de\nla Mer du Gard\n30-2025-07-24-00005\n20250724  arrete-GFADomaineBeauregard\nStGilles Dreal AURA\nDirection D\u00e9partementale des Tetrritoires et de la Mer du Gard - 30-2025-07-24-00005 - 20250724  arrete-GFADomaineBeauregard\nStGilles Dreal AURA 45\nDirection r\u00e9gionale de l'environnement,\nde l'am\u00e9nagement et du logement\nAuvergne-Rh\u00f4ne-Alpes\n\u00c0 N\u00eemes, le 24/07/2025\nARR\u00caT\u00c9 PR\u00c9FECTORAL N\u00ba                                             \nportant r\u00e9gularisation et prescriptions sp\u00e9cifiques \npour une prise d'eau exploit\u00e9e par le GFA du domaine de Beauregard \nsitu\u00e9e sur la commune de Saint-Gilles \nen application de l'article R.214-53 du code de l'environnement\nLe Pr\u00e9fet du Gard\nChevalier de l'ordre de la L\u00e9gion d'honneur\nOfficier de l'ordre national du M\u00e9rite\nVU  le code de l'environnement, et notamment son article R.214-53 ;\nVU  l'arr\u00eat\u00e9 du 11 septembre 2003 portant application du d\u00e9cret n\u00b0 96-102 du 2 f\u00e9vrier 1996 et fixant\nles prescriptions g\u00e9n\u00e9rales applicables aux pr\u00e9l\u00e8ve ments soumis \u00e0 d\u00e9claration en application des\narticles L. 214-1 \u00e0 L. 214-3 du code de l'environnement et relevant des rubriques 1.1.2.0, 1.2.1.0, 1.2.2.0 ou\n1.3.1.0 de la nomenclature annex\u00e9e au d\u00e9cret n\u00b0 93-743 du 29 mars 1993 modifi\u00e9 ;\nVU  le sch\u00e9ma directeur d'am\u00e9nagement et de gestion de s eaux du bassin Rh\u00f4ne-M\u00e9diterran\u00e9e 2022-\n2027 approuv\u00e9 par le pr\u00e9fet coordonnateur de bassin le 21 mars 2022 ;\nVU  la demande de b\u00e9n\u00e9fice d'ant\u00e9riorit\u00e9 transmise par  le GFA du domaine de Beauregard relative \u00e0\nune prise d'eau situ\u00e9e sur la commune de Saint-Gilles au point kilom\u00e9trique Rpt_310.350 en date du 31\njanvier 2025 ;\nVU le projet d'arr\u00eat\u00e9 transmis au GFA du domaine de Beauregard par courriel du 14 mars 2025 ;\nVU  le d\u00e9cret du 13 juillet 2023 nommant M. J\u00e9r\u00f4me BONET, pr\u00e9fet du Gard.\nVU  l'arr\u00eat\u00e9 pr\u00e9fectoral n\u00b030-2024-03-21-00007 du 21 m ars 2024 portant d\u00e9l\u00e9gation de signature \u00e0 M.\nS\u00e9bastien FERRA, directeur d\u00e9partemental des territoires et de la mer (DDTM) du Gard.\nVU  la d\u00e9cision  de M. S\u00e9bastien FERRA, directeur d\u00e9pa rtemental des territoires et de la mer du Gard,\nportant subd\u00e9l\u00e9gation de signature aux agents de la  direction d\u00e9partementale des territoires et de la\nmer du Gard ;\nCONSID\u00c9RANT que les \u00e9l\u00e9ments fournis par le b\u00e9n\u00e9ficiaire au tit re de l'article R.214-53 du Code de\nl'environnement permettent de r\u00e9gulariser l'existence de la prise d'eau ;\nCONSID\u00c9RANT  que, conform\u00e9ment \u00e0 l'article R.214-53 du Code de l'environnement, le Pr\u00e9fet peut\nd\u00e9finir des prescriptions sp\u00e9cifiques n\u00e9cessaires \u00e0 la protection de la ressource en eau ;\nCONSID\u00c9RANT  que la r\u00e9gularisation de l'autorisation de pr\u00e9l\u00e8vem ent est compatible avec les\norientations fondamentales du sch\u00e9ma directeur d'am \u00e9nagement et de gestion des eaux du bassin\nRh\u00f4ne-M\u00e9diterran\u00e9e ;\nCONSID\u00c9RANT qu'il convient de prot\u00e9ger les int\u00e9r\u00eats fix\u00e9s par L.211-1 du Code de l'environnement ;\nCONSID\u00c9RANT  que\n le p\u00e9titionnaire n'a pas \u00e9mis d'avis dans le d\u00e9lai de 15 jours qui lui est\nr\u00e9glementairement imparti sur le projet d'arr\u00eat\u00e9 d'autorisation qui lui a \u00e9t\u00e9 transmis \nSUR PROPOSITION  du directeur r\u00e9gional par int\u00e9rim de l'environneme nt, de l'am\u00e9nagement et du\nlogement Auvergne-Rh\u00f4ne-Alpes,\nAdresse postale : 69453 LYON CEDEX 06\nStandard : 04 26 28 60 00 - www.auvergne-rhone-alpes.developpement-durable.gouv.fr\npage 1/5\nDirection D\u00e9partementale des Tetrritoires et de la Mer du Gard - 30-2025-07-24-00005 - 20250724  arrete-GFADomaineBeauregard\nStGilles Dreal AURA 46\nARR\u00caTE\nTITRE I     : Objet  \nARTICLE 1 : Objet de l'autorisation\nLe pr\u00e9sent arr\u00eat\u00e9 pr\u00e9fectoral porte sur :\n\u2022 la r\u00e9gularisation d'une prise d'eau, exploit\u00e9e par le GFA du domaine de Beauregard sur la masse\nd'eau \u00ab Petit Rh\u00f4ne du pont de Sylver\u00e9al \u00e0 la M\u00e9diterran\u00e9e \u00bb (masse d'eau FRDT19) ;\n\u2022 les prescriptions sp\u00e9cifiques relatives aux modific ations apport\u00e9es \u00e0 cet ouvrage et son\nexploitation.\nTITRE II  \n   : R\u00e9gularisation des prises d'eau  \nARTICLE 2 : R\u00e9gularisation des prises d'eau\nLe GFA du domaine de Beauregard, situ\u00e9 10 rue des Baguets \u00e0 GARONS (30128) et repr \u00e9sent\u00e9 par son\ng\u00e9rant, est le b\u00e9n\u00e9ficiaire du pr\u00e9sent arr\u00eat\u00e9. \nIl est d\u00e9nomm\u00e9 ci-apr\u00e8s \u00ab le b\u00e9n\u00e9ficiaire \u00bb.\nLe b\u00e9n\u00e9ficiaire est autoris\u00e9 en application de l'article R.214-53 du code de l'environnement, sous\nr\u00e9serve des prescriptions \u00e9nonc\u00e9es aux articles suivants, \u00e0 exploiter la prise d'eau list\u00e9e ci-dessous :\nNom de la prise d'eau Commune Coordonn\u00e9es Lambert 93\nX\nCoordonn\u00e9es Lambert 93\nY\nPrise d'eau situ\u00e9e au PK\nRpt_310.350 Saint-Gilles 817616,6 6277568,9\nCet ouvrage et son exploitation rel\u00e8vent de la rubr ique suivante de la nomenclature, d\u00e9finie par\nl'article R.214-1 du Code de l'environnement :\nRubrique Intitul\u00e9 R\u00e9gime\n1.2.1.0\nPr\u00e9l\u00e8vements et installations et ouvrages permettan t le pr\u00e9l\u00e8vement, y\ncompris  par  d\u00e9rivation,  dans  un  cours  d'eau,  dans  s a  nappe\nd'accompagnement ou dans un plan d'eau ou canal ali ment\u00e9 par ce cours\nd'eau ou cette nappe :\n2\u00b0 d'une capacit\u00e9 totale maximale comprise entre 40 0 et 1 000 m\u00b3/h\nou entre 2 et 5 % du d\u00e9bit du cours d'eau ou, \u00e0 d\u00e9faut, du d\u00e9bit global\nd'alimentation du canal ou du plan d'eau (D)\nD\u00e9claration\nD\u00e9bit\nd'\u00e9quipement :\n648 m\u00b3/h\nARTICLE 3 : Localisation et description de la prise d'eau\nLes volumes d'eau sont pr\u00e9lev\u00e9s dans le Rh\u00f4ne chaqu e ann\u00e9e du 1 er mars au 31 octobre selon les\nconditions de pr\u00e9l\u00e8vement suivantes :\nNom de la prise d'eau D\u00e9bits d'\u00e9quipement autoris\u00e9s V olumes annuels autoris\u00e9s\nPrise d'eau situ\u00e9e au PK\nRpt_310.350 648 m\u00b3/h 900 000 m\u00b3/an\nLes volumes pr\u00e9lev\u00e9s autoris\u00e9s, par p\u00e9riode, sont les suivants (en m\u00b3) :\nMai Juin Juillet Ao\u00fbt Sept.\nPrise d'eau situ\u00e9e au PK\nRpt_310.350 900 000\nLes usages de l'eau pr\u00e9lev\u00e9e sont :\nNom de la prise d'eau Usages\nPrise d'eau situ\u00e9e au PK\nRpt_310.350\nIrrigation : 45 hectares de riziculture\ndu 1er mai au 30 septembre\nAdresse postale : 69453 LYON CEDEX 06\nStandard : 04 26 28 60 00 - www.auvergne-rhone-alpes.developpement-durable.gouv.fr\npage 2/5\nDirection D\u00e9partementale des Tetrritoires et de la Mer du Gard - 30-2025-07-24-00005 - 20250724  arrete-GFADomaineBeauregard\nStGilles Dreal AURA 47\nTitre III     : Prescriptions  \nARTICLE 4 : Prescriptions g\u00e9n\u00e9rales\nLe b\u00e9n\u00e9ficiaire doit respecter les prescriptions g\u00e9n\u00e9rales d\u00e9finies dans l'arr\u00eat\u00e9 minist\u00e9riel du 11\nseptembre 2003 portant application du d\u00e9cret n\u00b096-1 02 du 2 f\u00e9vrier 1996 et fixant les prescriptions\ng\u00e9n\u00e9rales applicables aux pr\u00e9l\u00e8vements soumis \u00e0 aut orisation en application des articles L.214-1 \u00e0\nL.214-3 du Code de l'environnement et relevant des rubriques 1.1.2.0, 1.2.1.0, 1.2.2.0 ou 1.3.1.0 de l a\nnomenclature annex\u00e9e au d\u00e9cret n\u00b093-743 du 29 mars 1993 modifi\u00e9.\nARTICLE 5 : Prescriptions relatives \u00e0 l'information du service police de l'eau\nLe  b\u00e9n\u00e9ficiaire  transmet  au  service  police  de  l'eau  (\npach.ehn.dreal-ara@developpement-\ndurable.gouv.fr) avant le 15 d\u00e9cembre de chaque ann\u00e9e un extrait du registre indiquant :\n\u2022 les valeurs des volumes pr\u00e9lev\u00e9s mensuellement et annuellement ;\n\u2022 le relev\u00e9 de l'index du compteur volum\u00e9trique, en fin de campagne ;\n\u2022 les incidents d'exploitation rencontr\u00e9s ayant pu po rter atteinte \u00e0 la ressource en eau et les\nmesures mises en \u0153uvre pour y rem\u00e9dier.\nARTICLE 6 : Prescriptions en phase d'exploitation\n6.1 : Mesure du volume pr\u00e9lev\u00e9\nLa prise d'eau est munie soit :\n\u2022 d'un compteur volum\u00e9trique mesurant les volumes pr\u00e9 lev\u00e9s. Le choix et les conditions de\nmontage du compteur doivent permettre de garantir l a pr\u00e9cision des volumes mesur\u00e9s. Les\ncompteurs volum\u00e9triques \u00e9quip\u00e9s d'un syst\u00e8me de remise \u00e0 z\u00e9ro sont interdits ;\n\u2022 tout autre dispositif de mesurage permettant de mesurer le volume d'eau pr\u00e9lev\u00e9.\nLe p\u00e9titionnaire transmet, au service police de l'e au, dans un d\u00e9lai de 6 mois, \u00e0 compter de la\nnotification du pr\u00e9sent arr\u00eat\u00e9, un descriptif du dispositif de mesure retenu et le d\u00e9lai de mise en place\ndu dispositif. Ce dispositif retenu doit \u00eatre au pr\u00e9alable valid\u00e9 par le service en charge de la polic e de\nl'eau.\nLe d\u00e9lai de mise en place du dispositif de mesure est de 1 an \u00e0 compter de la notification du pr\u00e9sent\narr\u00eat\u00e9.\nSi l'installation ne peut \u00eatre r\u00e9alis\u00e9e dans la fin du d\u00e9lai pr\u00e9cit\u00e9 pour des raisons sp\u00e9cifiques, le\nb\u00e9n\u00e9ficiaire en informe le service en charge de la police de l'eau.\n6.2 : Plan d'alerte et d'intervention en cas de pollution des eaux pr\u00e9lev\u00e9es\nLe b\u00e9n\u00e9ficiaire met en place un plan d'alerte et d'intervention en cas de pollution des eaux pr\u00e9lev\u00e9es.\nIl d\u00e9crit notamment les moyens que le b\u00e9n\u00e9ficiaire met en place pour \u00eatre alert\u00e9, les conditions de\nd\u00e9clenchement de l'alerte, la capacit\u00e9 d'arr\u00eat des pompes en cas de pollution importante, la mise en\nplace d'une astreinte le cas \u00e9ch\u00e9ant.\n6.3 : Entretien et surveillance du r\u00e9seau\nLe r\u00e9seau est \u00e9tanche, et fait l'objet d'un entretien et d'une surveillance r\u00e9guliers, afin de s'assur er de\nl'absence de fuites. Le b\u00e9n\u00e9ficiaire \u00e9labore un plan d'entretien et de surveillance.\nTitre IV  \n   : Dispositions g\u00e9n\u00e9rales  \nARTICLE 7 : Conformit\u00e9 au dossier et modifications\nToute modification apport\u00e9e aux ouvrages, installat ions, \u00e0 leur mode d'utilisation, \u00e0 la r\u00e9alisation d es\ntravaux ou \u00e0 l'am\u00e9nagement en r\u00e9sultant, \u00e0 l'exercice des activit\u00e9s ou \u00e0 leur voisinage et entra\u00eenant un\nchangement notable des \u00e9l\u00e9ments du dossier de deman de d'autorisation doit \u00eatre port\u00e9, avant sa\nr\u00e9alisation \u00e0 la connaissance du pr\u00e9fet, conform\u00e9me nt aux dispositions de l'article R.181-46 du code\nde l'environnement.\nARTICLE 8 : Caract\u00e8re de l'autorisation \u2013 Dur\u00e9e de l'autorisation\nL'autorisation est accord\u00e9e \u00e0 titre personnel, pr\u00e9caire et r\u00e9vocable sans indemnit\u00e9 de l'\u00c9tat.\nL'autorisation est accord\u00e9e pour une dur\u00e9e de 10 ans \u00e0 compter de la signature du pr\u00e9sent arr\u00eat\u00e9.\nAdresse postale : 69453 LYON CEDEX 06\nStandard : 04 26 28 60 00 - www.auvergne-rhone-alpes.developpement-durable.gouv.fr\npage 3/5\nDirection D\u00e9partementale des Tetrritoires et de la Mer du Gard - 30-2025-07-24-00005 - 20250724  arrete-GFADomaineBeauregard\nStGilles Dreal AURA 48\nLa demande de prolongation ou de renouvellement de l'autorisation est adress\u00e9e au pr\u00e9fet par le\nb\u00e9n\u00e9ficiaire deux ans au moins avant la date d'expiration de cette autorisation.\nARTICLE 9 : D\u00e9claration des incidents ou accidents\nLe b\u00e9n\u00e9ficiaire est tenu de d\u00e9clarer, d\u00e8s qu'il en a connaissance, au Pr\u00e9fet les accidents ou incident s\nint\u00e9ressant les prises d'eau faisant l'objet de la pr\u00e9sente autorisation qui est de nature \u00e0 porter\natteinte aux int\u00e9r\u00eats mentionn\u00e9s \u00e0 l'article L.211- 1 du code de l'environnement. Sans pr\u00e9judice des\nmesures que pourra prescrire le Pr\u00e9fet, le b\u00e9n\u00e9fici aire devra prendre ou faire prendre toutes\ndispositions n\u00e9cessaires pour mettre fin aux causes  de l'incident ou accident, pour \u00e9valuer ses\ncons\u00e9quences et y rem\u00e9dier. Le b\u00e9n\u00e9ficiaire demeure  responsable des accidents ou dommages qui\nseraient la cons\u00e9quence de l'activit\u00e9 ou de l'ex\u00e9cution des travaux et de l'am\u00e9nagement.\nARTICLE 10 : Remise en \u00e9tat des lieux\nLa cessation d\u00e9finitive, ou pour une p\u00e9riode sup\u00e9ri eure \u00e0 deux ans, de l'exploitation ou de\nl'affectation indiqu\u00e9e dans le pr\u00e9sent arr\u00eat\u00e9, fait  l'objet d'une d\u00e9claration par le b\u00e9n\u00e9ficiaire aupr \u00e8s\ndu pr\u00e9fet dans le mois qui suit la cessation d\u00e9fini tive ou le changement d'affectation et au plus tard\nun mois avant que l'arr\u00eat de plus de deux ans ne soit effectif.\nEn cas de cessation d\u00e9finitive, l'exploitant ou, \u00e0 d\u00e9faut, le propri\u00e9taire remet le site dans un \u00e9tat tel\nqu'aucune atteinte ne puisse \u00eatre port\u00e9e aux int\u00e9r\u00ea ts prot\u00e9g\u00e9s mentionn\u00e9s \u00e0 L.211-1 du code de\nl'environnement. Il informe le pr\u00e9fet de la cessation de l'activit\u00e9 et des mesures prises. Le pr\u00e9fet p eut\n\u00e0 tout moment lui imposer des prescriptions pour la remise en \u00e9tat du site.\nLa d\u00e9claration d'arr\u00eat d'exploitation de plus de de ux ans est accompagn\u00e9e d'une note expliquant les\nraisons de cet arr\u00eat et la date pr\u00e9visionnelle de r eprise de cette exploitation. Le pr\u00e9fet peut \u00e9mettr e\ntoute prescription conservatoire afin de prot\u00e9ger l es int\u00e9r\u00eats mentionn\u00e9s \u00e0 l'article L.211-1  pendant\ncette p\u00e9riode d'arr\u00eat. Si l'exploitation n'est pas reprise \u00e0 la date pr\u00e9visionnelle d\u00e9clar\u00e9e, le pr\u00e9fe t\npeut, l'exploitant ou le propri\u00e9taire entendu, consid\u00e9rer l'exploitation comme d\u00e9finitivement arr\u00eat\u00e9e,\net fixer les prescriptions relatives \u00e0 l'arr\u00eat d\u00e9finitif de cette exploitation et \u00e0 la remise en \u00e9tat du site.\nARTICLE 11 : Acc\u00e8s aux installations\nLes agents charg\u00e9s de la police de l'eau et des mil ieux aquatiques auront libre acc\u00e8s aux ouvrages\nautoris\u00e9s par le pr\u00e9sent arr\u00eat\u00e9, dans les conditions fix\u00e9es par le code de l'environnement. Ils pourront\ndemander communication de toute pi\u00e8ce utile au contr\u00f4le de la bonne ex\u00e9cution du pr\u00e9sent arr\u00eat\u00e9.\nARTICLE 12 : Droits des tiers\nLes droits des tiers sont et demeurent express\u00e9ment r\u00e9serv\u00e9s.\nARTICLE 13 : Information, d\u00e9lais et voies de recours\nLe pr\u00e9sent arr\u00eat\u00e9 pr\u00e9fectoral est notifi\u00e9 au GFA du domaine de Beauregard.\nCette d\u00e9cision est susceptible de recours contentieux devant le tribunal administratif territorialement\ncomp\u00e9tent, conform\u00e9ment \u00e0 l'article R.514-3-1 du Code de l'environnement, par les tiers dans un d\u00e9lai\nde deux mois \u00e0 compter du premier jour de sa public ation ou de son affichage  \u00e0 la mairie de Saint-\nGilles et par le d\u00e9clarant dans un d\u00e9lai de deux mois \u00e0 compter de sa notification.\nLe Tribunal administratif de  N\u00eemes peut \u00eatre saisi en utilisant l'application T\u00e9l\u00e9recours citoyens\naccessible par le site https://www.telerecours.fr.\nEn application de l'article R.214-37 du code de l'environnement :\n\u2022 une copie du pr\u00e9sent arr\u00eat\u00e9 est d\u00e9pos\u00e9e dans la mairie de Saint-Gilles ;\n\u2022 un extrait du pr\u00e9sent arr\u00eat\u00e9 est affich\u00e9 pendant un e dur\u00e9e minimale d'un mois dans la mairie\nde Saint-Gilles ;\n\u2022 un proc\u00e8s verbal de l'accomplissement de cette form alit\u00e9 est dress\u00e9 par les soins du maire au\nservice de police de l'eau ;\n\u2022 le pr\u00e9sent arr\u00eat\u00e9 est publi\u00e9 sur le site Internet d e la Pr\u00e9fecture du Gard pendant une dur\u00e9e\nminimale de six mois.\nARTICLE 14 : Ex\u00e9cution\nM. le secr\u00e9taire g\u00e9n\u00e9ral de la pr\u00e9fecture du Gard,\nAdresse postale : 69453 LYON CEDEX 06\nStandard : 04 26 28 60 00 - www.auvergne-rhone-alpes.developpement-durable.gouv.fr\npage 4/5\nDirection D\u00e9partementale des Tetrritoires et de la Mer du Gard - 30-2025-07-24-00005 - 20250724  arrete-GFADomaineBeauregard\nStGilles Dreal AURA 49\nM. le directeur r\u00e9gional de l'environnement, de l'am\u00e9nagement et du logement Auvergne-Rh\u00f4ne-Alpes\nM. le maire de Saint-Gilles,\nsont charg\u00e9s, chacun en ce qui le concerne de l'ex\u00e9cution du pr\u00e9sent arr\u00eat\u00e9.\nLe Pr\u00e9fet,\nle Chef du service Eau et Risques\nSIGNE\nVincent Courtray\nAdresse postale : 69453 LYON CEDEX 06\nStandard : 04 26 28 60 00 - www.auvergne-rhone-alpes.developpement-durable.gouv.fr\npage 5/5\nDirection D\u00e9partementale des Tetrritoires et de la Mer du Gard - 30-2025-07-24-00005 - 20250724  arrete-GFADomaineBeauregard\nStGilles Dreal AURA 50\nDirection D\u00e9partementale des Tetrritoires et de\nla Mer du Gard\n30-2025-07-25-00001\nArr\u00eat\u00e9 portant \u00e0 connaissance d'ant\u00e9riorit\u00e9 de la\nRD 124 sur les communes de\nSaint-G\u00e9ni\u00e8s-de-Malgoir\u00e8s et La Rouvi\u00e8re du\nPR2+225 au PR3+425 au titre des articles L214-6\net R214-53 du code l'environnement et validant\nles travaux relatifs \u00e0 l'am\u00e9nagement de la voie\nverte longeant la RD 124 du PR2+225 au PR3+425\nsur Saint G\u00e9ni\u00e8s de Malgoires et La Rouvi\u00e8re\nDirection D\u00e9partementale des Tetrritoires et de la Mer du Gard - 30-2025-07-25-00001 - Arr\u00eat\u00e9 portant \u00e0 connaissance d'ant\u00e9riorit\u00e9\nde la RD 124 sur les communes de Saint-G\u00e9ni\u00e8s-de-Malgoir\u00e8s et La Rouvi\u00e8re du PR2+225 au PR3+425 au titre des articles L214-6 et\nR214-53 du code l'environnement et validant les travaux relatifs \u00e0 l'am\u00e9nagement de la voie verte longeant la RD 124 du PR2+225 au\nPR3+425 sur Saint G\u00e9ni\u00e8s de Malgoires et La Rouvi\u00e8re\n51\n \nDirection D\u00e9partementale des Tetrritoires et de la Mer du Gard - 30-2025-07-25-00001 - Arr\u00eat\u00e9 portant \u00e0 connaissance d'ant\u00e9riorit\u00e9\nde la RD 124 sur les communes de Saint-G\u00e9ni\u00e8s-de-Malgoir\u00e8s et La Rouvi\u00e8re du PR2+225 au PR3+425 au titre des articles L214-6 et\nR214-53 du code l'environnement et validant les travaux relatifs \u00e0 l'am\u00e9nagement de la voie verte longeant la RD 124 du PR2+225 au\nPR3+425 sur Saint G\u00e9ni\u00e8s de Malgoires et La Rouvi\u00e8re\n52\nDirection D\u00e9partementale des Tetrritoires et de la Mer du Gard - 30-2025-07-25-00001 - Arr\u00eat\u00e9 portant \u00e0 connaissance d'ant\u00e9riorit\u00e9\nde la RD 124 sur les communes de Saint-G\u00e9ni\u00e8s-de-Malgoir\u00e8s et La Rouvi\u00e8re du PR2+225 au PR3+425 au titre des articles L214-6 et\nR214-53 du code l'environnement et validant les travaux relatifs \u00e0 l'am\u00e9nagement de la voie verte longeant la RD 124 du PR2+225 au\nPR3+425 sur Saint G\u00e9ni\u00e8s de Malgoires et La Rouvi\u00e8re\n53\n\u2022\n\u2022\n\u2022\n\u2022\n\u2022\nDirection D\u00e9partementale des Tetrritoires et de la Mer du Gard - 30-2025-07-25-00001 - Arr\u00eat\u00e9 portant \u00e0 connaissance d'ant\u00e9riorit\u00e9\nde la RD 124 sur les communes de Saint-G\u00e9ni\u00e8s-de-Malgoir\u00e8s et La Rouvi\u00e8re du PR2+225 au PR3+425 au titre des articles L214-6 et\nR214-53 du code l'environnement et validant les travaux relatifs \u00e0 l'am\u00e9nagement de la voie verte longeant la RD 124 du PR2+225 au\nPR3+425 sur Saint G\u00e9ni\u00e8s de Malgoires et La Rouvi\u00e8re\n54\n\u2022\n\u2022\nDirection D\u00e9partementale des Tetrritoires et de la Mer du Gard - 30-2025-07-25-00001 - Arr\u00eat\u00e9 portant \u00e0 connaissance d'ant\u00e9riorit\u00e9\nde la RD 124 sur les communes de Saint-G\u00e9ni\u00e8s-de-Malgoir\u00e8s et La Rouvi\u00e8re du PR2+225 au PR3+425 au titre des articles L214-6 et\nR214-53 du code l'environnement et validant les travaux relatifs \u00e0 l'am\u00e9nagement de la voie verte longeant la RD 124 du PR2+225 au\nPR3+425 sur Saint G\u00e9ni\u00e8s de Malgoires et La Rouvi\u00e8re\n55\n\u2022\n\u2022\n\u2022\n\u2022\n\u2022\n\u2022\n\u2022\n\u2022\n\u2022\nDirection D\u00e9partementale des Tetrritoires et de la Mer du Gard - 30-2025-07-25-00001 - Arr\u00eat\u00e9 portant \u00e0 connaissance d'ant\u00e9riorit\u00e9\nde la RD 124 sur les communes de Saint-G\u00e9ni\u00e8s-de-Malgoir\u00e8s et La Rouvi\u00e8re du PR2+225 au PR3+425 au titre des articles L214-6 et\nR214-53 du code l'environnement et validant les travaux relatifs \u00e0 l'am\u00e9nagement de la voie verte longeant la RD 124 du PR2+225 au\nPR3+425 sur Saint G\u00e9ni\u00e8s de Malgoires et La Rouvi\u00e8re\n56\n\u2022\n\u2022\n\u2022\nDirection D\u00e9partementale des Tetrritoires et de la Mer du Gard - 30-2025-07-25-00001 - Arr\u00eat\u00e9 portant \u00e0 connaissance d'ant\u00e9riorit\u00e9\nde la RD 124 sur les communes de Saint-G\u00e9ni\u00e8s-de-Malgoir\u00e8s et La Rouvi\u00e8re du PR2+225 au PR3+425 au titre des articles L214-6 et\nR214-53 du code l'environnement et validant les travaux relatifs \u00e0 l'am\u00e9nagement de la voie verte longeant la RD 124 du PR2+225 au\nPR3+425 sur Saint G\u00e9ni\u00e8s de Malgoires et La Rouvi\u00e8re\n57\nDirection D\u00e9partementale des Tetrritoires et de la Mer du Gard - 30-2025-07-25-00001 - Arr\u00eat\u00e9 portant \u00e0 connaissance d'ant\u00e9riorit\u00e9\nde la RD 124 sur les communes de Saint-G\u00e9ni\u00e8s-de-Malgoir\u00e8s et La Rouvi\u00e8re du PR2+225 au PR3+425 au titre des articles L214-6 et\nR214-53 du code l'environnement et validant les travaux relatifs \u00e0 l'am\u00e9nagement de la voie verte longeant la RD 124 du PR2+225 au\nPR3+425 sur Saint G\u00e9ni\u00e8s de Malgoires et La Rouvi\u00e8re\n58\nDirection D\u00e9partementale des Tetrritoires et de\nla Mer du Gard\n30-2025-07-04-00010\nART 20250704 Fixant composition GAEC cdoa\nDirection D\u00e9partementale des Tetrritoires et de la Mer du Gard - 30-2025-07-04-00010 - ART 20250704 Fixant composition GAEC\ncdoa 59\nDirection D\u00e9partementale des Tetrritoires et de la Mer du Gard - 30-2025-07-04-00010 - ART 20250704 Fixant composition GAEC\ncdoa 60\nDirection D\u00e9partementale des Tetrritoires et de la Mer du Gard - 30-2025-07-04-00010 - ART 20250704 Fixant composition GAEC\ncdoa 61\nDirection r\u00e9gionale de l'\u00e9conomie, de l'emploi,\ndu travail et des solidarit\u00e9s d'Occitanie\n30-2025-07-21-00006\nD\u00e9cision n\u00b02025-30-01.4 du 21 juillet 2025\nportant affectation des agents des UC et gestion\ndes int\u00e9rims de la DDETS\nDirection r\u00e9gionale de l'\u00e9conomie, de l'emploi, du travail et des solidarit\u00e9s d'Occitanie - 30-2025-07-21-00006 - D\u00e9cision\nn\u00b02025-30-01.4 du 21 juillet 2025 portant affectation des agents des UC et gestion des int\u00e9rims de la DDETS 62\n  \n \nDirection r\u00e9gionale  \nde l'\u00e9conomie, de l'emploi, \ndu travail et des solidarit\u00e9s \nOccitanie \n \n1  \n \n \n \nD\u00e9cision n\u00b02025-30-01.4 du 21 juillet 2025 portant affectation des agents de contr\u00f4le et \ngestion des int\u00e9rims dans les unit\u00e9s de contr\u00f4le \nde la direction d\u00e9partementale de l'emploi, du travail et des solidarit\u00e9s du Gard \n \n \nLe Directeur r\u00e9gional de l'\u00e9conomie, de l'emploi, du travail et des solidarit\u00e9s \nde la r\u00e9gion Occitanie   \n \n \nVu le code du travail, notamment ses articles R. 8122-3 et suivants, \n \nVu le d\u00e9cret n\u00b0 2020-1545 du 9 d\u00e9cembre 2020 relatif \u00e0 l'organisation et aux missions des \ndirections r\u00e9gionales de l'\u00e9conomie, de l'emploi, du travail et des solidarit\u00e9s, des directions \nd\u00e9partementales de l'emploi, du travail et des solidarit\u00e9s et des directions d\u00e9partementales \nde l'emploi, du travail, des solidarit\u00e9s et de la protection des populations, \n \nVu l'arr\u00eat\u00e9 minist\u00e9riel du 19 mars 2024 portant r\u00e9partition des unit\u00e9s de contr\u00f4le de \nl'inspection du travail, \n \nVu l'arr\u00eat\u00e9 du 8 novembre 2022, nommant Julien TOGNOLA, directeur r\u00e9gional de \nl'\u00e9conomie, de l'emploi, du travail et des solidarit\u00e9s Occitanie, \n \nVu la d\u00e9cision du DREETS n\u00b02024-30-02 du 26/04/2024 relative \u00e0 la localisation et \u00e0 la \nd\u00e9limitation des unit\u00e9s de contr\u00f4le et des sections d'inspection du travail dans la direction \nd\u00e9partementale de l'emploi, du travail et des solidarit\u00e9s du Gard, \n \nVu la d\u00e9cision du DREETS n\u00b0\u00b02025-30-01-3 du 3 juin 2025 portant affectation des agents de \ncontr\u00f4le et gestion des int\u00e9rims dans les unit\u00e9s de contr\u00f4le de la direction d\u00e9partementale \nde l'emploi, du travail et des solidarit\u00e9s du Gard, \n \n \nDECIDE \n \nArticle 1 \nSont nomm\u00e9es comme responsables des unit\u00e9s de contr\u00f4le de la direction d\u00e9partementale \nde l'emploi, du travail et des solidarit\u00e9s du Gard les agents suivants : \n \n- Unit\u00e9 de contr\u00f4le n\u00b0 1 : Paula NUNES, directrice adjointe du travail \n- Unit\u00e9 de contr\u00f4le n\u00b0 2 : Karine PERRAUD, directrice adjointe du travail \n \nDirection r\u00e9gionale de l'\u00e9conomie, de l'emploi, du travail et des solidarit\u00e9s d'Occitanie - 30-2025-07-21-00006 - D\u00e9cision\nn\u00b02025-30-01.4 du 21 juillet 2025 portant affectation des agents des UC et gestion des int\u00e9rims de la DDETS 63\n \n2  \nArticle 2 \nEn cas d'absence ou d'emp\u00eachement d'un responsable d'unit\u00e9 de contr\u00f4le d\u00e9sign\u00e9 \u00e0 l'article \n1, l'int\u00e9rim est assur\u00e9 par l'autre responsable d'unit\u00e9 de contr\u00f4le. \n \nArticle 3 \nSans pr\u00e9judice des dispositions de l'article R.8122-10 du code du travail et conform\u00e9ment aux \ndispositions de l'article R.8122-11 du code du travail, sont affect\u00e9s dans les sections \nd'inspection de la direction d\u00e9partementale de l'emploi, du travail et des solidarit\u00e9s du Gard \nles agents suivants : \n \n1- Unit\u00e9 de contr\u00f4le n\u00b0 1  \n \nSection 1.1 : Donia CHALA, inspectrice du travail \nSection 1.2 : Rodrigue GAUTIER, Inspecteur du travail \nSection 1.3 : Olivier AUGIER, inspecteur du travail \nSection 1.4 : Alexandra CANNIZZO, inspectrice du travail \nSection 1.5 : Claire MOREAU, inspectrice du travail \nSection 1.6 : Roxanne COMPANS, inspectrice du travail \nSection 1.7 : Saliha REKIKA, inspectrice du travail \nSection 1.8 : Mireille RIBES, inspectrice du travail \n \n2- Unit\u00e9 de contr\u00f4le n\u00b0 2  \n \nSection 2.1 : Estelle MARCCUCI, inspectrice du travail \nSection 2.2 : vacante \nSection 2.3 : Rapha\u00eblle DORLHAC DE BORNE, inspectrice du travail  \nSection 2.4 : Lison FLEURY, inspectrice du travail \nSection 2.5 : Cl\u00e9ment FOURNY, Inspecteur du travail \nSection 2.6 : Jabbar BAHI, inspecteur du travail \nSection 2.7 : Magalie GARCIA DE LAS BAYONAS, inspectrice du travail \nSection 2.8 : Ren\u00e9 MIRAS, inspecteur du travail \nSection 2.9 : Kevin DECLERCQ, inspecteur du travail \n \n \nArticle 4 \n \n \n1- Unit\u00e9 de contr\u00f4le n\u00b0 1  \n \nSection 1.1 : l'int\u00e9rim est assur\u00e9 par Roxanne COMPANS, inspectrice du travail de la section 1.6, \nen cas d'absence ou d'emp\u00eachement de cette derni\u00e8re par Mireille RIBES, inspectrice du travail \nde la section 1.8, en cas d'absence ou d'emp\u00eachement de cette derni\u00e8re par Saliha REKIKA, \ninspectrice du travail de la section 1.7 ; \n \nSection 1.2 : l'int\u00e9rim est assur\u00e9 par Olivier AUGIER, inspecteur du travail de la section 1.3, en \ncas d'absence ou d'emp\u00eachement de ce dernier par Claire MOREAU, inspectrice du travail de \nla section 1.5, en cas d'absence ou d'emp\u00eachement de cette derni\u00e8re par Saliha REKIKA, \ninspectrice du travail de la section 1.7 ; \nSection 1.3 : l'int\u00e9rim est assur\u00e9 par Donia CHALA, inspectrice du travail de la section 1.1, en \ncas d'absence ou d'emp\u00eachement de cette derni\u00e8re par Alexandra CANNIZZO, inspectrice \nDirection r\u00e9gionale de l'\u00e9conomie, de l'emploi, du travail et des solidarit\u00e9s d'Occitanie - 30-2025-07-21-00006 - D\u00e9cision\nn\u00b02025-30-01.4 du 21 juillet 2025 portant affectation des agents des UC et gestion des int\u00e9rims de la DDETS 64\n \n3  \ndu travail de la section 1.4, en cas d'absence ou d'emp\u00eachement de cette derni\u00e8re par Claire \nMOREAU, inspectrice du travail de la section 1.5 ; \n \nSection 1.4 : l'int\u00e9rim est assur\u00e9 par Claire MOREAU, inspectrice du travail de la section 1.5, en \ncas d'absence ou d'emp\u00eachement de cette derni\u00e8re par Donia CHALA, inspectrice du travail \nde la section 1.1 ; en cas d'absence ou d'emp\u00eachement de cette derni\u00e8re par Mireille RIBES, \ninspectrice du travail de la section 1.8 ; \n \nSection 1.5 : l'int\u00e9rim est assur\u00e9 par Olivier AUGIER, inspecteur du travail de la section 1.3, en \ncas d'absence ou d'emp\u00eachement de cette derni\u00e8re par Saliha REKIKA, inspectrice du travail \nde la section 1.7, en cas d'absence ou d'emp\u00eachement de cette derni\u00e8re par Roxanne \nCOMPANS, inspectrice du travail de la section 1.6 ;  \n \nSection 1.6 : L'int\u00e9rim est assur\u00e9 par Alexandra CANNIZZO, Inspectrice du travail de la section \n1.4, en cas d'absence ou d'emp\u00eachement de cette derni\u00e8re par Olivier AUGIER, Inspecteur du \ntravail de la section 1.3 ; en cas d'absence ou d'emp\u00eachement de ce dernier par Donia CHALA, \nInspectrice du travail de la section 1.1 ;  \n \nSection 1.7 :  \nL'int\u00e9rim est assur\u00e9 par Mireille RIBES, Inspectrice du travail de la section 1.8, en cas d'absence \nou d'emp\u00eachement de cette derni\u00e8re par Claire MOREAU, inspectrice du travail de la section \n1.5, en cas d'absence ou d'emp\u00eachement de cette derni\u00e8re par Alexandra CANNIZZO, \ninspectrice du travail de la section 1.4 ; \n \nSection 1.8 : l'int\u00e9rim est assur\u00e9 par Saliha REKIKA, Inspectrice du travail du travail de la section \n1.7, en cas d'absence ou d'emp\u00eachement de cette derni\u00e8re par Roxanne COMPANS, \ninspectrice du travail de la section 1.6, en cas d'absence ou d'emp\u00eachement de cette derni\u00e8re \npar Olivier AUGIER, inspecteur du travail de la section 1.3. \n \n \n2- Unit\u00e9 de contr\u00f4le n\u00b0 2  \n \n \nSection 2.1 : l'int\u00e9rim est assur\u00e9 par Rapha\u00eblle DORLHAC DE BORNE, inspectrice du travail de \nla section 2.3, en cas d'absence ou d'emp\u00eachement de cette derni\u00e8re, l'int\u00e9rim est assur\u00e9 par \nLison FLEURY, inspectrice du travail de la section 2.4 ou, \u00e0 d\u00e9faut par Jabbar BAHI, inspecteur \ndu travail de la section 2.6 ; \n \nSection 2.2 : l'int\u00e9rim est assur\u00e9 par Jabbar BAHI, inspecteur du travail de la section 2.6 du \n1er juin 2025 au 31 ao\u00fbt 2025, par Estelle MARCUCCI inspectrice du travail du travail de la \nsection 2.1 du 1er septembre 2025 au 30 novembre 2025 et par Kevin DECLERCQ, inspecteur \ndu travail de la section 2.9 du 1er d\u00e9cembre 2025 au 28 f\u00e9vrier 2026 ; \n \nSection 2.3 :  l'int\u00e9rim est assur\u00e9 par Lison FLEURY, inspectrice du travail de la section 2.4, en \ncas d'absence ou d'emp\u00eachement de cette derni\u00e8re, l'int\u00e9rim est assur\u00e9 par Jabbar BAHI, \ninspecteur du travail de la section 2.6, ou \u00e0 d\u00e9faut par Magalie GARCIA DE LAS BAYONAS, \ninspectrice du travail de la section 2.7 ; \n \nSection 2.4 : l'int\u00e9rim est assur\u00e9 par Jabbar BAHI, inspecteur du travail de la section 2.6, en \ncas d'absence ou d'emp\u00eachement de ce dernier, l'int\u00e9rim est assur\u00e9 par Magalie GARCIA DE \nLAS BAYONAS, inspectrice du travail de la section 2.7, ou \u00e0 d\u00e9faut par Ren\u00e9 MIRAS, \ninspecteur du travail de la section 2.8 ; \n  \nDirection r\u00e9gionale de l'\u00e9conomie, de l'emploi, du travail et des solidarit\u00e9s d'Occitanie - 30-2025-07-21-00006 - D\u00e9cision\nn\u00b02025-30-01.4 du 21 juillet 2025 portant affectation des agents des UC et gestion des int\u00e9rims de la DDETS 65\n \n4  \nSection 2.5 :  l'int\u00e9rim est assur\u00e9 par Magalie GARCIA DE LAS BAYONAS, inspectrice du travail \ndu travail de la section 2.7, en cas d'absence ou d'emp\u00eachement de cette derni\u00e8re par Ren\u00e9 \nMIRAS, inspecteur du travail de la section 2.8 ou \u00e0 d\u00e9faut par K\u00e9vin DECLERCQ, inspecteur \ndu travail de la section 2.9 ; \nSection 2.6 : l'int\u00e9rim est assur\u00e9 par Ren\u00e9 MIRAS, inspecteur du travail de la section 2.8, en \ncas d'absence ou d'emp\u00eachement de ce dernier, l'int\u00e9rim est assur\u00e9 par K\u00e9vin DECLERCQ, \ninspecteur du travail de la section 2.9 ou \u00e0 d\u00e9faut par Estelle MARCUCCI, inspectrice du tra-\nvail de la section 2.1 ; \nSection 2.7 : l'int\u00e9rim est assur\u00e9 par K\u00e9vin DECLERCQ, inspecteur du travail de la section 2.9 \nen cas d'absence ou d'emp\u00eachement de ce dernier, l'int\u00e9rim est assur\u00e9 par Estelle MAR-\nCUCCI, inspectrice du travail de la section 2.1 ou \u00e0 d\u00e9faut par Rapha\u00eblle DORLHAC DE \nBORNE, inspectrice du travail de la section 2.3 ;  \nSection 2.8 : l'int\u00e9rim est assur\u00e9 par Estelle MARCUCCI, inspectrice du travail de la section \n2.1, en cas d'absence ou d'emp\u00eachement de cette derni\u00e8re, l'int\u00e9rim est assur\u00e9 par Rapha\u00eblle \nDORLHAC DE BORNE, inspectrice du travail de la section 2.3 ou \u00e0 d\u00e9faut par Lison FLEURY, \ninspectrice du travail de la section 2.4 ;  \nSection 2.9 : l'int\u00e9rim est assur\u00e9 par Rapha\u00eblle DORLHAC DE BORNE, inspectrice du travail \nde la section 2.3 en cas d'absence ou d'emp\u00eachement de cette derni\u00e8re, l'int\u00e9rim est assur\u00e9 \npar Lison FLEURY, inspectrice du travail de la section 2.4, ou \u00e0 d\u00e9faut par Jabbar BAHI, ins-\npecteur du travail de la section 2.6 ; \nArticle 5 \n \nDispositions particuli\u00e8res concernant l'unit\u00e9 de contr\u00f4le n\u00b01 : \n \nSection 1.7 : \nDonia CHALA, inspectrice du travail de la section 1.1, assurera le contr\u00f4le des soci\u00e9t\u00e9s \nsuivantes : \n- La soci\u00e9t\u00e9 MAMIE M CENTRE VILLE situ\u00e9 32 rue Saint Vincent 30100 ALES  \n- la soci\u00e9t\u00e9 LE BOSQUET situ\u00e9 Place des Martyrs de la R\u00e9sistance 30100 ALES, \n- la soci\u00e9t\u00e9 L'AUTHENTIQUE situ\u00e9 Place des Martyrs de la R\u00e9sistance 30100 ALES. \n \nDispositions particuli\u00e8res concernant l'unit\u00e9 de contr\u00f4le n\u00b02 : \n \nSection 2.7 : \nLe contr\u00f4le de la soci\u00e9t\u00e9 CULTURA (Siret 51978079500208) sise \u00e0 N\u00eemes est assur\u00e9 par Estelle \nMARCUCCI inspectrice du travail affect\u00e9e sur la section 2.1. \n \nSection 2.8 : \nDans le contexte NPNRU, les chantiers de d\u00e9molition-d\u00e9samiantage-curage sont g\u00e9r\u00e9s par  \nMagalie GARCIA DE LAS BAYONAS, inspectrice du travail affect\u00e9e sur la section 2.7 \n \nArticle 6 \n \nLa pr\u00e9sente d\u00e9cision est applicable \u00e0 compter du 01er ao\u00fbt 2025 \n  \nDirection r\u00e9gionale de l'\u00e9conomie, de l'emploi, du travail et des solidarit\u00e9s d'Occitanie - 30-2025-07-21-00006 - D\u00e9cision\nn\u00b02025-30-01.4 du 21 juillet 2025 portant affectation des agents des UC et gestion des int\u00e9rims de la DDETS 66\n \n5  \nArticle 7 \n \nLa pr\u00e9sente abroge et remplace la d\u00e9cision du DREETS n\u00b02025-30-01-3 du 3 juin 2025 et toute \nautre d\u00e9cision pr\u00e9c\u00e9dant la pr\u00e9sente, portant affectation des agents de contr\u00f4le et gestion \ndes int\u00e9rims dans les unit\u00e9s de contr\u00f4le de la direction d\u00e9partementale de l'emploi, du travail \net des solidarit\u00e9s du Gard. \n \nArticle 8 \n \nLe directeur r\u00e9gional de l'\u00e9conomie, de l'emploi, du travail et des solidarit\u00e9s de la r\u00e9gion \nOccitanie et la directrice d\u00e9partementale de l'emploi, du travail et des solidarit\u00e9s du Gard \nsont charg\u00e9s de l'application de la pr\u00e9sente d\u00e9cision qui sera publi\u00e9e au recueil des actes \nadministratifs de la pr\u00e9fecture du Gard. \n \n \n \n \nFait \u00e0 Toulouse, \nle 21 juillet 2025 \n \n \nLe Directeur r\u00e9gional de l'\u00e9conomie, de \nl'emploi, du travail et des solidarit\u00e9s de la \nr\u00e9gion Occitanie \n \nSign\u00e9 \n \nJulien TOGNOLA \n \n \n \nDirection r\u00e9gionale de l'\u00e9conomie, de l'emploi, du travail et des solidarit\u00e9s d'Occitanie - 30-2025-07-21-00006 - D\u00e9cision\nn\u00b02025-30-01.4 du 21 juillet 2025 portant affectation des agents des UC et gestion des int\u00e9rims de la DDETS 67\nPrefecture du Gard\n30-2025-07-21-00005\nArr\u00eat\u00e9 pr\u00e9fectoral DCLC-SCFI-2025-21-07-001 du\n21 juillet 2025  mettant fin \u00e0 la convention\nconstitutive du GIP de Cardet L\u00e9zan L\u00e9dignan\npour la gestion de deux aires collectives de\nlavage des pulv\u00e9risateurs agricoles\nPrefecture du Gard - 30-2025-07-21-00005 - Arr\u00eat\u00e9 pr\u00e9fectoral DCLC-SCFI-2025-21-07-001 du 21 juillet 2025  mettant fin \u00e0 la\nconvention constitutive du GIP de Cardet L\u00e9zan L\u00e9dignan pour la gestion de deux aires collectives de lavage des pulv\u00e9risateurs\nagricoles\n68\nPrefecture du Gard - 30-2025-07-21-00005 - Arr\u00eat\u00e9 pr\u00e9fectoral DCLC-SCFI-2025-21-07-001 du 21 juillet 2025  mettant fin \u00e0 la\nconvention constitutive du GIP de Cardet L\u00e9zan L\u00e9dignan pour la gestion de deux aires collectives de lavage des pulv\u00e9risateurs\nagricoles\n69\nPrefecture du Gard - 30-2025-07-21-00005 - Arr\u00eat\u00e9 pr\u00e9fectoral DCLC-SCFI-2025-21-07-001 du 21 juillet 2025  mettant fin \u00e0 la\nconvention constitutive du GIP de Cardet L\u00e9zan L\u00e9dignan pour la gestion de deux aires collectives de lavage des pulv\u00e9risateurs\nagricoles\n70\nPrefecture du Gard\n30-2025-07-21-00003\nProjet de r\u00e9seau de transport d'hydrgog\u00e8ne\ngazeux par canalisation \nreliant Saint-Martin-de-Crau (13) \u00e0 Erching (57) -\nArr\u00eat\u00e9 portant autorisation de p\u00e9n\u00e9trer dans les\npropri\u00e9t\u00e9s priv\u00e9es\nPrefecture du Gard - 30-2025-07-21-00003 - Projet de r\u00e9seau de transport d'hydrgog\u00e8ne gazeux par canalisation \nreliant Saint-Martin-de-Crau (13) \u00e0 Erching (57) - Arr\u00eat\u00e9 portant autorisation de p\u00e9n\u00e9trer dans les propri\u00e9t\u00e9s priv\u00e9es 71\nPrefecture du Gard - 30-2025-07-21-00003 - Projet de r\u00e9seau de transport d'hydrgog\u00e8ne gazeux par canalisation \nreliant Saint-Martin-de-Crau (13) \u00e0 Erching (57) - Arr\u00eat\u00e9 portant autorisation de p\u00e9n\u00e9trer dans les propri\u00e9t\u00e9s priv\u00e9es 72\nPrefecture du Gard - 30-2025-07-21-00003 - Projet de r\u00e9seau de transport d'hydrgog\u00e8ne gazeux par canalisation \nreliant Saint-Martin-de-Crau (13) \u00e0 Erching (57) - Arr\u00eat\u00e9 portant autorisation de p\u00e9n\u00e9trer dans les propri\u00e9t\u00e9s priv\u00e9es 73\nPrefecture du Gard - 30-2025-07-21-00003 - Projet de r\u00e9seau de transport d'hydrgog\u00e8ne gazeux par canalisation \nreliant Saint-Martin-de-Crau (13) \u00e0 Erching (57) - Arr\u00eat\u00e9 portant autorisation de p\u00e9n\u00e9trer dans les propri\u00e9t\u00e9s priv\u00e9es 74\nPrefecture du Gard - 30-2025-07-21-00003 - Projet de r\u00e9seau de transport d'hydrgog\u00e8ne gazeux par canalisation \nreliant Saint-Martin-de-Crau (13) \u00e0 Erching (57) - Arr\u00eat\u00e9 portant autorisation de p\u00e9n\u00e9trer dans les propri\u00e9t\u00e9s priv\u00e9es 75\nPrefecture du Gard - 30-2025-07-21-00003 - Projet de r\u00e9seau de transport d'hydrgog\u00e8ne gazeux par canalisation \nreliant Saint-Martin-de-Crau (13) \u00e0 Erching (57) - Arr\u00eat\u00e9 portant autorisation de p\u00e9n\u00e9trer dans les propri\u00e9t\u00e9s priv\u00e9es 76\nPrefecture du Gard - 30-2025-07-21-00003 - Projet de r\u00e9seau de transport d'hydrgog\u00e8ne gazeux par canalisation \nreliant Saint-Martin-de-Crau (13) \u00e0 Erching (57) - Arr\u00eat\u00e9 portant autorisation de p\u00e9n\u00e9trer dans les propri\u00e9t\u00e9s priv\u00e9es 77\nPrefecture du Gard - 30-2025-07-21-00003 - Projet de r\u00e9seau de transport d'hydrgog\u00e8ne gazeux par canalisation \nreliant Saint-Martin-de-Crau (13) \u00e0 Erching (57) - Arr\u00eat\u00e9 portant autorisation de p\u00e9n\u00e9trer dans les propri\u00e9t\u00e9s priv\u00e9es 78\nPrefecture du Gard\n30-2025-07-25-00002\narr\u00eat\u00e9 autorisant la captation, l'enregistrement\net la transmission d'images au moyen de\ncam\u00e9ras install\u00e9es sur des a\u00e9ronefs\nPrefecture du Gard - 30-2025-07-25-00002 - arr\u00eat\u00e9 autorisant la captation, l'enregistrement et la transmission d'images au moyen de\ncam\u00e9ras install\u00e9es sur des a\u00e9ronefs 79\nPrefecture du Gard - 30-2025-07-25-00002 - arr\u00eat\u00e9 autorisant la captation, l'enregistrement et la transmission d'images au moyen de\ncam\u00e9ras install\u00e9es sur des a\u00e9ronefs 80\nPrefecture du Gard - 30-2025-07-25-00002 - arr\u00eat\u00e9 autorisant la captation, l'enregistrement et la transmission d'images au moyen de\ncam\u00e9ras install\u00e9es sur des a\u00e9ronefs 81\nPrefecture du Gard - 30-2025-07-25-00002 - arr\u00eat\u00e9 autorisant la captation, l'enregistrement et la transmission d'images au moyen de\ncam\u00e9ras install\u00e9es sur des a\u00e9ronefs 82\nPrefecture du Gard - 30-2025-07-25-00002 - arr\u00eat\u00e9 autorisant la captation, l'enregistrement et la transmission d'images au moyen de\ncam\u00e9ras install\u00e9es sur des a\u00e9ronefs 83\nPrefecture du Gard - 30-2025-07-25-00002 - arr\u00eat\u00e9 autorisant la captation, l'enregistrement et la transmission d'images au moyen de\ncam\u00e9ras install\u00e9es sur des a\u00e9ronefs 84\nPrefecture du Gard - 30-2025-07-25-00002 - arr\u00eat\u00e9 autorisant la captation, l'enregistrement et la transmission d'images au moyen de\ncam\u00e9ras install\u00e9es sur des a\u00e9ronefs 85\nPrefecture du Gard\n30-2025-07-25-00003\nArr\u00eat\u00e9 N\u00b030-2025-07-25-00003 portant mise en\ndemeure aux citoyens fran\u00e7ais itin\u00e9rants\nstationn\u00e9s, sans droit ni titre, situ\u00e9s sur plusieurs\nparcelles \u00e0 proximit\u00e9 du stade de l'Espeyran au\nsein de la commune de Saint-Gilles de quitter les\nlieux \u00e0 compter du lundi 28 juillet 2025\nPrefecture du Gard - 30-2025-07-25-00003 - Arr\u00eat\u00e9 N\u00b030-2025-07-25-00003 portant mise en demeure aux citoyens fran\u00e7ais itin\u00e9rants\nstationn\u00e9s, sans droit ni titre, situ\u00e9s sur plusieurs parcelles \u00e0 proximit\u00e9 du stade de l'Espeyran au sein de la commune de Saint-Gilles de\nquitter les lieux \u00e0 compter du lundi 28 juillet 2025\n86\nPrefecture du Gard - 30-2025-07-25-00003 - Arr\u00eat\u00e9 N\u00b030-2025-07-25-00003 portant mise en demeure aux citoyens fran\u00e7ais itin\u00e9rants\nstationn\u00e9s, sans droit ni titre, situ\u00e9s sur plusieurs parcelles \u00e0 proximit\u00e9 du stade de l'Espeyran au sein de la commune de Saint-Gilles de\nquitter les lieux \u00e0 compter du lundi 28 juillet 2025\n87\nPrefecture du Gard - 30-2025-07-25-00003 - Arr\u00eat\u00e9 N\u00b030-2025-07-25-00003 portant mise en demeure aux citoyens fran\u00e7ais itin\u00e9rants\nstationn\u00e9s, sans droit ni titre, situ\u00e9s sur plusieurs parcelles \u00e0 proximit\u00e9 du stade de l'Espeyran au sein de la commune de Saint-Gilles de\nquitter les lieux \u00e0 compter du lundi 28 juillet 2025\n88\nPrefecture du Gard - 30-2025-07-25-00003 - Arr\u00eat\u00e9 N\u00b030-2025-07-25-00003 portant mise en demeure aux citoyens fran\u00e7ais itin\u00e9rants\nstationn\u00e9s, sans droit ni titre, situ\u00e9s sur plusieurs parcelles \u00e0 proximit\u00e9 du stade de l'Espeyran au sein de la commune de Saint-Gilles de\nquitter les lieux \u00e0 compter du lundi 28 juillet 2025\n89","date":"2025-07-25","first_seen_on":"2025-07-25T16:17:57+00:00","id":"8b396d78d4d2c48e74dbc45b143f372122fa58541747f5a07588992f05e4eeeb","name":"recueil-30-2025-130-special du 25 07 2025","pdf_creation_date":"2025-07-25T14:39:19+00:00","pdf_modification_date":null,"timezone":"Europe/Paris","url":"https://www.gard.gouv.fr/contenu/telechargement/64851/477713/file/recueil-30-2025-130-special%20du%2025%2007%202025.pdf"}
