{"administration":"pref21","administration_name":"Pr\u00e9fecture de C\u00f4te-d\u2019Or","content":"PR\u00c9FET\nDE LA C\u00d4TE-D'OR\nRECUEIL DES ACTES\nADMINISTRATIFS SP\u00c9CIAL\nN\u00b021-2024-098\nPUBLI\u00c9 LE 23 JUILLET 2024\nSommaire\nARS Bourgogne-Franche-Comt\u00e9 /\n21-2024-07-19-00005 - D\u00e9cision n\u00b0 ARS-BFC-DOSA-2024-1231 relative \u00e0\nla g\u00e9rance apr\u00e8s d\u00e9c\u00e8s de l'officine de pharmacie sise 7 rue des\nEglantines \u00e0 Talant (21240), laquelle \u00e9tait exploit\u00e9e par Madame Sylvie\nStaal, pharmacien titulaire d\u00e9c\u00e9d\u00e9e le 4 juillet 2024 (2 pages) Page 3\nDirection d\u00e9partementale des territoires de la C\u00f4te-d'Or / Cellule\n\u00c9ducation routi\u00e8re\n21-2024-07-22-00002 - Arr\u00eat\u00e9 N\u00b0 1213 abrogeant l'arr\u00eat\u00e9 n\u00b0\n1163 du 26 novembre 2020 autorisant Madame G\u00e9raldine BUFFAT \u00e0\nexploiter l'\u00e9tablissement charg\u00e9 d'animer les stages de\nsensibilisation \u00e0 la s\u00e9curit\u00e9 routi\u00e8re nomm\u00e9 \u00abCARP \u00bb\nsitu\u00e9,\n30 chemin du Thon - 26000 VALENCE (3 pages) Page 6\n2\nARS Bourgogne-Franche-Comt\u00e9\n21-2024-07-19-00005\nD\u00e9cision n\u00b0 ARS-BFC-DOSA-2024-1231 relative \u00e0\nla g\u00e9rance apr\u00e8s d\u00e9c\u00e8s de l'officine de\npharmacie sise 7 rue des Eglantines \u00e0 Talant\n(21240), laquelle \u00e9tait exploit\u00e9e par Madame\nSylvie Staal, pharmacien titulaire d\u00e9c\u00e9d\u00e9e le 4\njuillet 2024\nARS Bourgogne-Franche-Comt\u00e9 - 21-2024-07-19-00005 - D\u00e9cision n\u00b0 ARS-BFC-DOSA-2024-1231 relative \u00e0 la g\u00e9rance apr\u00e8s d\u00e9c\u00e8s de\nl'officine de pharmacie sise 7 rue des Eglantines \u00e0 Talant (21240), laquelle \u00e9tait exploit\u00e9e par Madame Sylvie Staal, pharmacien titulaire\nd\u00e9c\u00e9d\u00e9e le 4 juillet 2024\n3\nREPUBLIQUEFRANCAISELibert\u00e9Egalit\u00e9Fraternit\u00e9\nA@ D'Agence R\u00e9gionale de Sant\u00e9Bourgogne-Franche-Comt\u00e9\n          \n \n \n \n \n \n \n \nD\u00e9cision n\u00b0 ARS -BFC-DOSA-2024-1231 relative \u00e0 la g\u00e9rance apr\u00e8s d\u00e9c\u00e8s de l'officine de \npharmacie sise 7 rue des Eglantines \u00e0 Talant (21240), laquelle \u00e9tait exploit\u00e9e par Madame  \nSylvie Staal, pharmacien titulaire d\u00e9c\u00e9d\u00e9e le 4 juillet 2024 \n \n \n \n \n \nLe directeur g\u00e9n\u00e9ral \nde l'Agence R\u00e9gionale de Sant\u00e9 de Bourgogne-Franche-Comt\u00e9 \n \n \n \n \nVU le code de la sant\u00e9 publique, et notamment ses articles L. 5125 -8, L . 5125 -9, L. 5125 -16, \nR. 4235-51 et R. 5125-43 ; \n \nVU la d\u00e9cision ARS BFC/SG/2024 -042 portant d\u00e9l\u00e9gation de signature du directeur g\u00e9n\u00e9ral de \nl'agence r\u00e9gionale de sant\u00e9 de Bourgogne-Franche-Comt\u00e9 en date du 1er juillet 2024 ; \n \nVU l'attestation d'approbation \u00e9tablie le 15 juillet 2024 par les h\u00e9ritiers de Madame Sylvie Staal, \npharmacien titulaire de l'officine de pharmacie exploit\u00e9e 7 rue des Eglantines \u00e0 Ta lant (21240), \nd\u00e9c\u00e9d\u00e9e le 4 juillet 2024, relative \u00e0 la d\u00e9signation de Madame  Isabelle Dupont en qualit\u00e9 de \npharmacien g\u00e9rant apr\u00e8s d\u00e9c\u00e8s de l'officine susdite ; \n \nConsid\u00e9rant que Madame Isabelle Dupont justifie :  \n \n- Etre inscrit e au tableau de la section D de l'Ordre national des pharmaciens sous le \nnum\u00e9ro national d'identification RPPS 10003457545 pour exercer en qualit\u00e9 de g\u00e9rant \napr\u00e8s d\u00e9c\u00e8s du titulaire ; \n \n- Avoir \u00e9t\u00e9 d\u00e9sign\u00e9 e pharmacien g\u00e9rant apr\u00e8s d\u00e9c\u00e8s de l'officine de pharmacie sise 7 rue \ndes Eglantines \u00e0 Talant par les ayants-droit \u00e0 la succession de Madame Sylvie Staal, \n \n \n \nD E C I D E \n \n \n \nArticle 1 : Madame Isabelle Dupont , est autoris\u00e9 e \u00e0 exercer son activit\u00e9 de pharmacien en tant que \ng\u00e9rant apr\u00e8s d\u00e9c\u00e8s de l'officine de pharmacie sise 7 rue des Eglantines \u00e0 Talant (2 1240). Ce tte \nofficine est exploit\u00e9e avec la licence num\u00e9ro 21#000216, d\u00e9livr\u00e9e le 3 f\u00e9vrier 1976  par le pr\u00e9fet de la \nC\u00f4te-d'Or. \n \nArticle 2  : Le d\u00e9lai de cette autorisation de g\u00e9rance ne pourra exc\u00e9der deux ans  \u00e0 compter du \nd\u00e9c\u00e8s de Madame Sylvie Staal, elle cessera donc d'\u00eatre valable le 3 juillet 2026.  \n \nArticle 3 : La pr\u00e9sente d\u00e9cision peut faire l'objet d'un recours gracieux aupr\u00e8s du directeur g\u00e9n\u00e9ral de \nl'agence r\u00e9gionale de sant\u00e9 de Bourgogne -Franche-Comt\u00e9, d'un recours hi\u00e9rarchique aupr\u00e8s du \nministre charg\u00e9 de la sant\u00e9  ou d'un recours contentieux aupr\u00e8s du tribu nal administratif comp\u00e9tent \ndans un d\u00e9lai de deux mois \u00e0 compter de sa notification au demandeur. A l'\u00e9gard des tiers, ce d\u00e9lai \ncourt \u00e0 compter de la publication aux recueils des actes administratifs de la pr\u00e9fecture de la r\u00e9gion \nBourgogne-Franche-Comt\u00e9 et  de la pr\u00e9fecture du d\u00e9partement de la C\u00f4te -d'Or. Le tribunal \nadministratif peut \u00eatre saisi par l'application T\u00e9l\u00e9recours citoyens accessible par le site \nwww.telerecours.fr.  \n \n \n\u2026/\u2026 \n \n \n \n \n \nARS Bourgogne-Franche-Comt\u00e9 - 21-2024-07-19-00005 - D\u00e9cision n\u00b0 ARS-BFC-DOSA-2024-1231 relative \u00e0 la g\u00e9rance apr\u00e8s d\u00e9c\u00e8s de\nl'officine de pharmacie sise 7 rue des Eglantines \u00e0 Talant (21240), laquelle \u00e9tait exploit\u00e9e par Madame Sylvie Staal, pharmacien titulaire\nd\u00e9c\u00e9d\u00e9e le 4 juillet 2024\n4\n  \n \n-2- \n \nArticle 4 : La directrice de l'organisation des soins et de l'autonom ie de l'agence r\u00e9gionale de sant\u00e9 \nde Bourgogne-Franche-Comt\u00e9 est charg\u00e9e de l'ex\u00e9cution de la pr\u00e9sente d\u00e9cision qui sera publi\u00e9e au \nrecueil des actes administratifs de la pr\u00e9fecture de la r\u00e9gion Bourgogne -Franche-Comt\u00e9 et au recueil \ndes actes administratifs de la pr\u00e9fecture du d\u00e9partement de la C\u00f4te-d'Or. Elle sera notifi\u00e9e \u00e0 M adame \nIsabelle Dupont et une copie sera adress\u00e9e : \n \n- Au conseil r\u00e9gional de l'Ordre des pharmaciens de Bourgogne-Franche-Comt\u00e9 ; \n- Au pr\u00e9sident du conseil central de la Section D de l'Ordre des pharmaciens. \n \nFait \u00e0 Dijon, le 19 juillet 2024 \n \nPour le directeur g\u00e9n\u00e9ral, \nLa directrice de l'organisation des \nsoins et de l'autonomie, \n \nSign\u00e9 \n \nAnne-Laure MOSER-MOULAA \n \nARS Bourgogne-Franche-Comt\u00e9 - 21-2024-07-19-00005 - D\u00e9cision n\u00b0 ARS-BFC-DOSA-2024-1231 relative \u00e0 la g\u00e9rance apr\u00e8s d\u00e9c\u00e8s de\nl'officine de pharmacie sise 7 rue des Eglantines \u00e0 Talant (21240), laquelle \u00e9tait exploit\u00e9e par Madame Sylvie Staal, pharmacien titulaire\nd\u00e9c\u00e9d\u00e9e le 4 juillet 2024\n5\nDirection d\u00e9partementale des territoires de la\nC\u00f4te-d'Or\nCellule \u00c9ducation routi\u00e8re\n21-2024-07-22-00002\nArr\u00eat\u00e9 N\u00b0 1213 abrogeant l'arr\u00eat\u00e9 n\u00b0 1163 du 26\nnovembre 2020 autorisant Madame G\u00e9raldine\nBUFFAT \u00e0 exploiter l'\u00e9tablissement charg\u00e9\nd'animer les stages de sensibilisation \u00e0 la s\u00e9curit\u00e9\nrouti\u00e8re nomm\u00e9 \u00abCARP \u00bb\nsitu\u00e9, 30 chemin du Thon - 26000 VALENCE\nDirection d\u00e9partementale des territoires de la C\u00f4te-d'Or - 21-2024-07-22-00002 - Arr\u00eat\u00e9 N\u00b0 1213 abrogeant l'arr\u00eat\u00e9 n\u00b0 1163 du 26\nnovembre 2020 autorisant Madame G\u00e9raldine BUFFAT \u00e0 exploiter l'\u00e9tablissement charg\u00e9 d'animer les stages de sensibilisation \u00e0 la\ns\u00e9curit\u00e9 routi\u00e8re nomm\u00e9 \u00abCARP \u00bb\nsitu\u00e9, 30 chemin du Thon - 26000 VALENCE\n6\nExPREFETDE LACOTE-D'ORL,z'berte'Egalit\u00e9Fraternit\u00e9\n- 1 -\nDirection d\u00e9partementale des territoires\nde la C\u00f4te-d'Or\nService de la S\u00e9curit\u00e9 et de l'\u00c9ducation Routi\u00e8re\nBureau de l'\u00c9ducation Routi\u00e8re\nM\u00e9l\u00a0:\u00a0ddt-ber@cote-dor.gouv.fr\u00a0\nDijon,\u00a0le\u00a022\u00a0juillet\u00a02024\nArr\u00eat\u00e9 N\u00b0 1213\nabrogeant\u00a0l'arr\u00eat\u00e9\u00a0n\u00b0\u00a01163\u00a0du\u00a026\u00a0novembre\u00a02020\n\u00a0autorisant\u00a0Madame\u00a0G\u00e9raldine\u00a0BUFFAT\u00a0\u00e0\u00a0exploiter\u00a0l'\u00e9tablissement\u00a0charg\u00e9\u00a0d'animer\u00a0les\u00a0stages\nde\u00a0sensibilisation\u00a0\u00e0\u00a0la\u00a0s\u00e9curit\u00e9\u00a0routi\u00e8re\u00a0nomm\u00e9\u00a0\u00abCARP\u00a0\u00bb\u00a0\u00a0\u00a0\nsitu\u00e9,\u00a030\u00a0chemin\u00a0du\u00a0Thon\u00a0\u2013\u00a026000\u00a0VALENCE\nLe\u00a0pr\u00e9fet\u00a0de\u00a0la\u00a0C\u00f4te-d'Or\nVU\u00a0le\u00a0code\u00a0de\u00a0la\u00a0route,\u00a0notamment\u00a0ses\u00a0articles\u00a0L.212-1\u00a0\u00e0\u00a0L.212-5\u00a0;\u00a0L.213-1\u00a0\u00e0\u00a0L.213-9\u00a0;\u00a0L.223-\n6\u00a0;\u00a0R.212-1\u00a0\u00e0\u00a0R.213-6\u00a0;\u00a0R.223-5\u00a0\u00e0\u00a0R.223-13\u00a0;\nVU\u00a0 le\u00a0d\u00e9cret\u00a02009-1678\u00a0du\u00a029\u00a0d\u00e9cembre\u00a02009\u00a0modifi\u00e9\u00a0relatif\u00a0\u00e0\u00a0l'enseignement\u00a0de\u00a0la\nconduite\u00a0et\u00a0\u00e0\u00a0l'animation\u00a0de\u00a0stages\u00a0de\u00a0sensibilisation\u00a0\u00e0\u00a0la\u00a0s\u00e9curit\u00e9\u00a0routi\u00e8re\u00a0;\nVU\u00a0 le\u00a0d\u00e9cret\u00a0n\u00b0\u00a02012-688\u00a0du\u00a07\u00a0mai\u00a02012\u00a0relatif\u00a0\u00e0\u00a0l'enseignement\u00a0de\u00a0la\u00a0conduite\u00a0et\u00a0\u00e0\nl'animation\u00a0de\u00a0stages\u00a0de\u00a0sensibilisation\u00a0\u00e0\u00a0la\u00a0s\u00e9curit\u00e9\u00a0routi\u00e8re\u00a0;\nVU\u00a0l'arr\u00eat\u00e9\u00a0du\u00a0ministre\u00a0de\u00a0l'Int\u00e9rieur,\u00a0de\u00a0l'outre-mer,\u00a0des\u00a0collectivit\u00e9s\u00a0territoriales\u00a0et\u00a0de\nl'immigration \u00a0 du \u00a0 26 \u00a0 juin \u00a0 2012 \u00a0 modifi\u00e9, \u00a0 fixant \u00a0 les \u00a0 conditions \u00a0 d'exploitation \u00a0 des\n\u00e9tablissements\u00a0charg\u00e9s\u00a0d'organiser\u00a0les\u00a0stages\u00a0de\u00a0sensibilisation\u00a0\u00e0\u00a0la\u00a0s\u00e9curit\u00e9\u00a0routi\u00e8re\u00a0;\nVU l'arr\u00eat\u00e9\u00a0pr\u00e9fectoral\u00a0n\u00b0\u00a01438/SG\u00a0du\u00a029\u00a0septembre\u00a02023\u00a0donnant\u00a0d\u00e9l\u00e9gation\u00a0de\u00a0signature\n\u00e0\u00a0Madame\u00a0Florence\u00a0LAUBIER,\u00a0directrice\u00a0d\u00e9partementale\u00a0des\u00a0territoires\u00a0de\u00a0C\u00f4te-d'Or\u00a0;\nDirection d\u00e9partementale des territoires de la C\u00f4te-d'Or - 21-2024-07-22-00002 - Arr\u00eat\u00e9 N\u00b0 1213 abrogeant l'arr\u00eat\u00e9 n\u00b0 1163 du 26\nnovembre 2020 autorisant Madame G\u00e9raldine BUFFAT \u00e0 exploiter l'\u00e9tablissement charg\u00e9 d'animer les stages de sensibilisation \u00e0 la\ns\u00e9curit\u00e9 routi\u00e8re nomm\u00e9 \u00abCARP \u00bb\nsitu\u00e9, 30 chemin du Thon - 26000 VALENCE\n7\n- 2 -\nVU l'arr\u00eat\u00e9\u00a0pr\u00e9fectoral\u00a0n\u00b0\u00a076\u00a0du\u00a06\u00a0mai\u00a02024 portant\u00a0subd\u00e9l\u00e9gation\u00a0de\u00a0signature\u00a0aux\u00a0agents\nde\u00a0la\u00a0direction\u00a0d\u00e9partementale\u00a0des\u00a0territoires\u00a0de\u00a0la\u00a0C\u00f4te-d'Or\u00a0;\nCONSID\u00c9RANT\u00a0le\u00a0courrier\u00a0d'information\u00a0d'une\u00a0proc\u00e9dure\u00a0de\u00a0retrait\u00a0d'agr\u00e9ment\u00a0en\u00a0date\ndu\u00a018\u00a0mars\u00a02024\u00a0adress\u00e9\u00a0 \u00e0\u00a0Madame\u00a0G\u00e9raldine\u00a0BUFFAT\u00a0par\u00a0lettre\u00a0recommand\u00e9e\u00a0avec\naccus\u00e9\u00a0de\u00a0r\u00e9ception.\nSUR\u00a0proposition\u00a0de\u00a0la\u00a0Directrice\u00a0D\u00e9partementale\u00a0des\u00a0Territoires\u00a0de\u00a0la\u00a0C\u00f4te-d'Or,\nARR\u00caTE\nArticle 1er : L'arr\u00eat\u00e9\u00a0pr\u00e9fectoral\u00a0n\u00b0\u00a01163\u00a0du\u00a026/11/2020\u00a0relatif\u00a0\u00e0\u00a0l'agr\u00e9ment\u00a0n\u00b0\u00a0R\u00a020 021 0001 0\nd\u00e9livr\u00e9\u00a0\u00e0 \u00a0Madame\u00a0G\u00e9raldine\u00a0BUFFAT\u00a0 pour\u00a0exploiter\u00a0l'\u00e9tablissement\u00a0charg\u00e9\u00a0d'animer\u00a0les\nstages\u00a0de\u00a0sensibilisations\u00a0\u00e0\u00a0la\u00a0s\u00e9curit\u00e9\u00a0routi\u00e8re,\u00a0situ\u00e9\u00a030\u00a0chemin\u00a0du\u00a0Thon\u00a0\u2013\u00a026000\u00a0VALENCE\nest\u00a0abrog\u00e9\u00a0au\u00a0motif\u00a0d'absence\u00a0d'envoi\u00a0des\u00a0\u00e9l\u00e9ments\u00a0\u00e9num\u00e9r\u00e9s\u00a0\u00e0\u00a0l'article\u00a06\u00a0de\u00a0l'arr\u00eat\u00e9\u00a0du\n26/06/2012\u00a0devenu\u00a0article\u00a08\u00a0de\u00a0l'arr\u00eat\u00e9\u00a0du\u00a031/05/2024.\nArticle 2 : La\u00a0pr\u00e9sente\u00a0d\u00e9cision\u00a0sera\u00a0enregistr\u00e9e\u00a0dans\u00a0le\u00a0registre\u00a0national\u00a0de\u00a0l'enseignement\nde\u00a0la\u00a0conduite\u00a0des\u00a0v\u00e9hicules\u00a0\u00e0\u00a0moteur\u00a0et\u00a0de\u00a0la\u00a0s\u00e9curit\u00e9\u00a0routi\u00e8re\u00a0cr\u00e9e\u00a0par\u00a0l'arr\u00eat\u00e9\u00a0du\u00a08\njanvier\u00a02001\u00a0pr\u00e9cit\u00e9.\u00a0\nConform\u00e9ment\u00a0\u00e0\u00a0la\u00a0loi\u00a0n\u00b0\u00a078-17\u00a0du\u00a06\u00a0janvier\u00a01978\u00a0relative\u00a0\u00e0\u00a0l'informatique,\u00a0aux\u00a0fichiers\u00a0et\naux\u00a0libert\u00e9s,\u00a0toute\u00a0personne\u00a0peut\u00a0obtenir\u00a0communication\u00a0et,\u00a0le\u00a0cas\u00a0\u00e9ch\u00e9ant,\u00a0rectification\nou\u00a0suppression\u00a0des\u00a0informations\u00a0la\u00a0concernant\u00a0en\u00a0s'adressant\u00a0au\u00a0service\u00a0\u00abService\u00a0S\u00e9curit\u00e9\net\u00a0\u00c9ducation\u00a0Routi\u00e8re\u00a0/\u00a0Bureau\u00a0\u00c9ducation\u00a0Routi\u00e8re\u00a0de\u00a0la\u00a0C\u00f4te\u00a0d'Or\u00bb.\nArticle 3 :\u00a0Si\u00a0vous\u00a0estimez\u00a0devoir\u00a0contester\u00a0la\u00a0pr\u00e9sente\u00a0d\u00e9cision,\u00a0vous\u00a0pouvez\u00a0former\u00a0:\n\u2022 un\u00a0recours\u00a0gracieux\u00a0aupr\u00e8s\u00a0de\u00a0mes\u00a0services\n\u2022 un\u00a0recours\u00a0hi\u00e9rarchique\u00a0aupr\u00e8s\u00a0du\u00a0ministre\u00a0charg\u00e9\u00a0de\u00a0la\u00a0s\u00e9curit\u00e9\u00a0routi\u00e8re\n\u2022 un\u00a0recours\u00a0contentieux\u00a0devant\u00a0le\u00a0tribunal\u00a0administratif\u00a0du\u00a0lieu\u00a0de\u00a0votre\u00a0r\u00e9sidence,\nque\u00a0vous\u00a0pouvez\u00a0saisir\u00a0au\u00a0moyen\u00a0de\u00a0l'application\u00a0informatique\u00a0t\u00e9l\u00e9recours\u00a0citoyen\naccessible\u00a0par\u00a0le\u00a0biais\u00a0du\u00a0site\u00a0www.telerecours.fr\u00a0dans\u00a0un\u00a0d\u00e9lai\u00a0de\u00a0deux\u00a0mois\u00a0\u00e0\u00a0compter\u00a0de\nsa\u00a0notification\u00a0ou\u00a0de\u00a0sa\u00a0publication.\nLes\u00a0recours\u00a0administratifs\u00a0doivent\u00a0\u00eatre\u00a0pr\u00e9sent\u00e9s\u00a0dans\u00a0ce\u00a0m\u00eame\u00a0d\u00e9lai\u00a0de\u00a0deux\u00a0mois\u00a0si\u00a0vous\nsouhaitez\u00a0conserver\u00a0la\u00a0possibilit\u00e9\u00a0de\u00a0saisir\u00a0ult\u00e9rieurement\u00a0le\u00a0juge\u00a0administratif.\u00a0Ces\u00a0voies\nde\u00a0recours\u00a0n'ont\u00a0pas\u00a0d'effet\u00a0suspensif.\nDirection d\u00e9partementale des territoires de la C\u00f4te-d'Or - 21-2024-07-22-00002 - Arr\u00eat\u00e9 N\u00b0 1213 abrogeant l'arr\u00eat\u00e9 n\u00b0 1163 du 26\nnovembre 2020 autorisant Madame G\u00e9raldine BUFFAT \u00e0 exploiter l'\u00e9tablissement charg\u00e9 d'animer les stages de sensibilisation \u00e0 la\ns\u00e9curit\u00e9 routi\u00e8re nomm\u00e9 \u00abCARP \u00bb\nsitu\u00e9, 30 chemin du Thon - 26000 VALENCE\n8\n- 3 -\nArticle  4 : \u00a0Le\u00a0secr\u00e9taire\u00a0g\u00e9n\u00e9ral\u00a0de\u00a0la\u00a0pr\u00e9fecture\u00a0de\u00a0la\u00a0C\u00f4te-d'Or\u00a0et\u00a0la\u00a0directrice\u00a0des\nterritoires\u00a0de\u00a0la\u00a0C\u00f4te-d'Or\u00a0sont\u00a0charg\u00e9s,\u00a0chacun\u00a0en\u00a0ce\u00a0qui\u00a0les\u00a0concerne,\u00a0de\u00a0l'ex\u00e9cution\u00a0du\npr\u00e9sent\u00a0arr\u00eat\u00e9,\u00a0qui\u00a0sera\u00a0publi\u00e9\u00a0au\u00a0recueil\u00a0des\u00a0actes\u00a0administratifs\u00a0de\u00a0la\u00a0pr\u00e9fecture\u00a0de\u00a0C\u00f4te-\nd'Or,\u00a0et\u00a0dont\u00a0copie\u00a0sera\u00a0adress\u00e9e\u00a0\u00e0\u00a0Madame\u00a0G\u00e9raldine\u00a0BUFFAT.\nFait\u00a0\u00e0\u00a0Dijon,\u00a0le\u00a022\u00a0juillet\u00a02024\nLa\u00a0directrice\u00a0d\u00e9partementale\u00a0des\u00a0territoires,\nPour\u00a0la\u00a0directrice\u00a0et\u00a0par\u00a0d\u00e9l\u00e9gation,\nL'adjointe\u00a0\u00e0\u00a0la\u00a0d\u00e9l\u00e9gu\u00e9e\u00a0\u00e0\u00a0l'\u00e9ducation\u00a0routi\u00e8re,\nOriginal sign\u00e9\nLaurence\u00a0SENNORAT\nDirection d\u00e9partementale des territoires de la C\u00f4te-d'Or - 21-2024-07-22-00002 - Arr\u00eat\u00e9 N\u00b0 1213 abrogeant l'arr\u00eat\u00e9 n\u00b0 1163 du 26\nnovembre 2020 autorisant Madame G\u00e9raldine BUFFAT \u00e0 exploiter l'\u00e9tablissement charg\u00e9 d'animer les stages de sensibilisation \u00e0 la\ns\u00e9curit\u00e9 routi\u00e8re nomm\u00e9 \u00abCARP \u00bb\nsitu\u00e9, 30 chemin du Thon - 26000 VALENCE\n9","date":"2024-07-23","first_seen_on":"2025-09-14T14:30:32+00:00","id":"8b7caad3c717d8ca6076a37a6e55d750df40b9e995ac2102f871373bc507e2b7","name":"RAA n\u00b0 098 du 23 juillet 2024","pdf_creation_date":"2024-07-23T13:56:05+00:00","pdf_modification_date":null,"timezone":"Europe/Paris","url":"https://www.cote-dor.gouv.fr/contenu/telechargement/21900/167649/file/recueil-21-2024-098-recueil-des-actes-administratifs-special.pdf"}
