{"administration":"pref92","administration_name":"Pr\u00e9fecture des Hauts-de-Seine","content":"ExPREFETDES HAUTS-DE-SEINELibert\u00e9Egalit\u00e9Fraternit\u00e9\nAL AR SS M 24 A PREBEHERIEC =F Pm \u00c0 FEF 2\nA \u00ae FE BI 4) = mea SN E * BE A  = ree MF A BO\nIN mn LL LD a aa mM a 7 a ae fe Pe UE\n1\nRECUEIL\nDES\nACTESADMINISTRATIFS\nAGENCEREGIONALEDESANTE\nN\u00b0Sp\u00e9cial 22d\u00e9cembre2025\nee En 0  8  eR  ees,\nara = v4 . a ana an . ~~ 7 . aan\nm meme 2 ee\n= nase \u2014 a\" LL eS ee  Em IRISE = En Em 0 ee ee\na aas \" \" \" . a 1 1 \u00ab 1\nas.  im PO  OM  ee =\na aas \" \" oe a 1 CL DIMM\nAM  mm A= Am mA AM MM =\na nas \" \" oe oo 1 \"1 DIR nn mn\nAm  mm  nm ma  Fe  ol\na aas \" \" oe a 1 DIMM A\nAM  mm A= Am mA AM MM =\n2\nPREFETDESHAUTS-DE-SEINE\nRECUEILDESACTESADMINISTRATIFS\nN\u00b0Sp\u00e9cialARS-92du22d\u00e9cembre2025\nSOMMAIRE\nArr\u00eat\u00e9s,\nannexes Dates AGENCEREGIONALEDESANTE Pages\nARS-IDF\nn\u00b02025-010 25.02.2025\nArr\u00eat\u00e9 portant autorisation de changement de\nlocalisation du Service d'Accompagnement\nM\u00e9dico-social pour Adultes Handicap\u00e9s\n(SAMSAH), sis 4 Bis Passage Georges Hany \u00e0\nNanterre (92100), et portant approbation du\nchangement de d\u00e9nomination du SAMSAH de\nSuresnesenSAMSAHetEMMA-HduPassage\n6\nARS-DD92\nn\u00b02025-058 21.10.2025\nArr\u00eat\u00e9 portant modification de l'arr\u00eat\u00e9 n\u00b02023-\n280portantautorisationd'extensiondecapacit\u00e9\nde30\u00e040placesparlacr\u00e9ationd'unDispositif\nd'autor\u00e9gulation (DAR) port\u00e9 par le Service\nd'Education Sp\u00e9ciale et de Soins \u00e0 Domicile\n(SESSAD) Pierre Huet sis 44 avenue Anatole\nFrance \u00e0 Colombes (92700), g\u00e9r\u00e9 par\nl'AssociationEntraideUnion\n10\nARS-DD92\nn\u00b02025-059 21.10.2025\nArr\u00eat\u00e9 portant modification de l'arr\u00eat\u00e9 n\u00b02023-\n310portantautorisationd'extensiondecapacit\u00e9\nde 35 \u00e0 45 places par la cr\u00e9ation d'une Unit\u00e9\nd'Enseignement El\u00e9mentaire Autisme (UEEA)\nport\u00e9e par l'Externat M\u00e9dico-P\u00e9dagogique\n(EMP) Pierre Huet sis 44 avenue Anatole\nFrance\n\u00e0 Colombes (92700), g\u00e9r\u00e9 par l'Association\nEntraideUnion\n14\nARS-DD92\nn\u00b02025-060 21.10.2025\nArr\u00eat\u00e9 portant modification de l'arr\u00eat\u00e9 n\u00b02024-\n141 du 28 juin 2024 portant autorisation\nd'extension de capacit\u00e9 de 30 \u00e0 40 places par\nla cr\u00e9ation d'une Unit\u00e9 d'Enseignement\nEl\u00e9mentaire Autisme (UEEA) port\u00e9e par\nl'ExternatM\u00e9dico-P\u00e9dagogique(EMP)Georges\nSorel, sis 35 rue Georges Sorel Boulogne-\nBillancourt (92100), g\u00e9r\u00e9 par l'Association La\nCroix-RougeFran\u00e7aise\n17\nAM  ee  at\nue  a\nAm  ee  a\nAm\nue  a\nAm\nAm\nFo a Le\nFo a el\nAm\na nas \" \"\nmA el\na nas  \" \u00ab\nMT  44 RARE\na nas \" \"\nAT MM  al\na nas \u00ab\n44 MM  RARE\na aas 1 ore\nAm AS  mm  A\nFe ae Ol  anen eeee  1 sm\na nas \" \"\nAm AS  mm  A\nAm mm\n3\nARS-DD92\nn\u00b02025-061 21.10.2025\nArr\u00eat\u00e9portantmodificationdel'arr\u00eat\u00e9n\u00b02024-195\ndu19juillet2024portantautorisationd'extension\nde capacit\u00e9 de 40 \u00e0 45 places de l'Externat\nM\u00e9dico-P\u00e9dagogique (EMP) Georges Sorel, sis\n35 rue Georges Sorel Boulogne-Billancourt\n(92100), g\u00e9r\u00e9 par l'Association La Croix-Rouge\nFran\u00e7aise\n21\nARS-DD92\nn\u00b02025-066 07.11.2025\nArr\u00eat\u00e9 portant autorisation de renouvellement de\npr\u00e9l\u00e8vement de frais de si\u00e8ge social de\nl'association \u0152uvres d'Avenir sise 5 rue Ravon\nBP23,92340BOURG-LA-REINE\n25\nARS-IDF\nn\u00b02025-077 17.03.2025\nArr\u00eat\u00e9portantmodificationdel'arr\u00eat\u00e9n\u00b02024-240\nportantautorisationd'extensiondecapacit\u00e9de42\n\u00e0 48 places de l'Etablissement d'Accueil\nM\u00e9dicalis\u00e9 (EAM) la For\u00eat, sis 5 avenue Henri\nDals\u00e8me92360Meudon-la-For\u00eat\ng\u00e9r\u00e9 par l'Association de Parents et Amis de\nPersonnesHandicap\u00e9es(APEI)deMeudon\n28\nARS-IDF\nn\u00b02025-084 11.03.2025\nArr\u00eat\u00e9 portant autorisation de changement de\nd\u00e9nominationdel'InstitutEdouardClapar\u00e8de,sis\n5rueduG\u00e9n\u00e9ralCordonnier\u00e0Neuilly-sur-Seine\n(92200)\n32\nARS-IDF\nn\u00b02025-101 18.07.2025\nArr\u00eat\u00e9 relatif \u00e0 la programmation 2025, pour le\nd\u00e9partement des Hauts-de-Seine, des contrats\npluriannuelsd'objectifsetdemoyens,pr\u00e9vuepar\nla loi n\u00b02025-1702 du 21 d\u00e9cembre 2015 de\nfinancementdelas\u00e9curit\u00e9socialepour2016\n36\nAnnexedel'arr\u00eat\u00e9ARS-IDFn\u00b02025-101du18juillet2025 38-44\nARS-IDF\nn\u00b02025-115 18.07.2025\nArr\u00eat\u00e9portantprogrammationdes\u00e9valuationsde\nlaqualit\u00e9des\u00e9tablissementsetservicessociaux\net m\u00e9dico-sociaux, implant\u00e9s sur le territoire du\nd\u00e9partementdesHauts-de-Seine,relevantdub)\ndel'articleL.313-3ducodedel'actionsocialeet\ndes familles, pour les ann\u00e9es 2025 \u00e0 2029,\nconform\u00e9ment aux articles L. 312-8 et D. 312-\n204dum\u00eamecode\n45\nAnnexe relative \u00e0 la programmation du 1er janvier 2025 au 31 d\u00e9cembre 2029 de\ntransmission des rapports d'\u00e9valuation des \u00e9tablissements sociaux ou m\u00e9dico-sociaux\nautoris\u00e9sparleDirecteurg\u00e9n\u00e9raldel'Agencer\u00e9gionaledesant\u00e9\u00cele-de-Francedel'arr\u00eat\u00e9\nARS-IDFn\u00b02025-115du18juillet2025\n46-56\nAm 1m Am AS  mm  mr\nLe ne  Le Le Le\n=  mA\nam _\nAIM oe  oo ol\nee  a\nam _\nam _\nFT oe oo  ol\nAm 1m mA MT  PMR el\nAm 1m mA MT  PMR el\n4\nARS-IDF\nn\u00b02025-116 18.07.2025\nArr\u00eat\u00e9 portant programmation 2025-2029 des\n\u00e9valuations de la qualit\u00e9 des \u00e9tablissements et\nservices sociaux et m\u00e9dico-sociaux autoris\u00e9s\nconjointement par l'Agence R\u00e9gionale de Sant\u00e9\n\u00cele-de-France et le Conseil D\u00e9partemental des\nHauts-de-Seine\n57\nAnnexerelative\u00e0laprogrammationdu1 er janvier2025au31d\u00e9cembre2029de\ntransmission des rapports d'\u00e9valuation des \u00e9tablissements sociaux ou m\u00e9dico-\nsociauxautoris\u00e9sparleDirecteurg\u00e9n\u00e9raldel'Agencer\u00e9gionaledesant\u00e9\u00cele-de-\nFrancedel'arr\u00eat\u00e9ARS-IDFn\u00b02025-116du18juillet2025\n59-61\nARS-IDF\nn\u00b02025-152 12.05.2025\nArr\u00eat\u00e9 conjoint portant modification de\nl'autorisation de l'Etablissement d'Accueil\nM\u00e9dicalis\u00e9 (EAM) et foyer de vie La\nGentilhommi\u00e8re, sis 7 bis rue Yves Cariou \u00e0\nMarnes-la-Coquette(92430)\ng\u00e9r\u00e9parl'AssociationCap'Devant!\n62\nARS-IDF\nn\u00b02025-200 08.10.2025\nArr\u00eat\u00e9 portant autorisation de transformation par\nrequalification de 42 places \u00abd\u00e9ficience\nintellectuelle\u00bben42places\u00abtroublesduspectre\nde l'autisme\u00bb et \u00e9volution des modes\nd'accompagnement de l'institut m\u00e9dico-\u00e9ducatif\n(IME)\u00abParcHeller\u00bb,sis22rueProsperLegout\u00e9\n\u00e0 Antony (92160) g\u00e9r\u00e9 par la Fondation Ellen\nPoidatz\n66\nARS-IDF\nn\u00b02025-214 19.08.2025\nArr\u00eat\u00e9 portant autorisation d'extension de\ncapacit\u00e9 de 220 \u00e0 230 places du Service\nd'\u00e9ducation sp\u00e9ciale et de soins \u00e0 domicile\n(SESSAD) du Val d'Or pour la cr\u00e9ation d'un\nDispositifd'autor\u00e9gulation(DAR)surlacommune\nde Suresnes (92150) g\u00e9r\u00e9 par l'association Les\nPapillonsBlancsdelaColline\n70\nARS-IDF\nn\u00b02025-217 21.07.2025\nArr\u00eat\u00e9 portant autorisation de mise en \u0153uvre\nd'une plateforme d'accompagnement et de r\u00e9pit\n(PFR)auseinduServiced'\u00e9ducationsp\u00e9cialeet\nde soins \u00e0 domicile (SESSAD) Trajectoire\nJeunesse sis 35 rue Curie \u00e0 Suresnes (92150),\ng\u00e9r\u00e9parl'associationUNAPEI92\n75\nARS-IDF\nn\u00b02025-219 21.07.2025\nArr\u00eat\u00e9 portant autorisation de mise en \u0153uvre\nd'une plateforme d'accompagnement et de r\u00e9pit\n(PFR) au sein du Service d'accompagnement\nm\u00e9dico-social pour adultes handicap\u00e9s\n(SAMSAH)Altitude,sis63avenueJeanJaur\u00e8s\u00e0\nClamart(92140),g\u00e9r\u00e9parlaFondationdesAmis\ndel'Atelier(FAA)\n78\nAm AM OM  PMR =\nAm AIR MI  PRE =\noe\n5\nARS-IDF\nn\u00b02025-252 18.09.2025\nArr\u00eat\u00e9 portant autorisation d'extension de\ncapacit\u00e9 de 85 \u00e0 95 places de l'institut m\u00e9dico-\n\u00e9ducatif (IME) \u00abLes Peupliers\u00bb sis 10-12 rue\nGustave Guillaumet \u00e0 S\u00e8vres (92310), g\u00e9r\u00e9 par\nl'association Union Nationale des Associations\nde Parents d'Enfants Inadapt\u00e9s (UNAPEI)\nHauts-de-Seine92\n81\nARS-IDF\nn\u00b02025-261 12.09.2025\nArr\u00eat\u00e9 portant modification de l'arr\u00eat\u00e9 n\u00b0\n2024/0742024-364du8novembre2024portant\nautorisation de changement de localisation de\nl'ESAT APAJH sis 50 rue Marjolin - 92300\nLevallois-Perret, g\u00e9r\u00e9 par la f\u00e9d\u00e9ration des\nAPAJH\n85\nExREPUBLIQUE hauts-de-seineFRAN\u00c7AISE \u00a9 D Agence R\u00e9gionale de Sant\u00e9 PRE AELibert\u00e9 \u00cele-de-France\u00c9galit\u00e9Fraternit\u00e9\nAGENCE R\u00c9GIONALE DE SANT\u00c9 \u00ceLE-DE-FRANCE\nARRETE N\u00b0 2025- \u00a9 1\u00a9\nportant autorisation de changement de localisation du Service d'AccompagnementM\u00e9dico-social pour Adultes Handicap\u00e9s (SAMSAH), sis 4 Bis Passage Georges Hany \u00e0Nanterre (92100),et portant approbation du changement de d\u00e9nomination du SAMSAH de Suresnes enSAMSAH et EMMA-H du Passage\ng\u00e9r\u00e9 par l'association Union Nationale des Associations de Parents d'Enfants inadapt\u00e9s(UNAPE]) Hauts-de-Seine 92\nLE DIRECTEUR GENERAL DE L'AGENCE REGIONALE DE SANTE iLE-DE-FRANCE\nLE PRESIDENT DU CONSEIL DEPARTEMENTAL DES HAUTS-DE-SEINE\nVU le code de l'action sociale et des familles et notamment les articles L. 312-1, L. 313-1, L.314-3 et suivants ;\nVU le code g\u00e9n\u00e9ral des collectivit\u00e9s territoriales ;\nVU le d\u00e9cret du 10 avril 2024 portant nomination de Monsieur Denis ROBIN, Directeur g\u00e9n\u00e9ralde l'Agence r\u00e9gionale de sant\u00e9 \u00cele-de-France \u00e0 compter du 29 avril 2024 :\nVU l'arr\u00eat\u00e9 n\u00b0 119/2024 du 4 novembre 2024 portant d\u00e9l\u00e9gation de signature du Directeurg\u00e9n\u00e9ral de l'Agence r\u00e9gionale de sant\u00e9 \u00cele-de-France \u00e0 Monsieur Renaud PELL\u00c9,Directeur de la d\u00e9l\u00e9gation d\u00e9partementale des Hauts-de-Seine :\nVU l'arr\u00eat\u00e9 n\u00b0 2023-DAJA-43 du 21 juillet 2023 accordant d\u00e9l\u00e9gation de signature \u00e0 MonsieurJean-Michel RAPINAT, Directeur g\u00e9n\u00e9ral adjoint responsable du P\u00f4le Solidarit\u00e9s et \u00e0Madame Laurence HAUCK, adjointe au Directeur g\u00e9n\u00e9ral adjoint ;\nVU l'arr\u00eat\u00e9 n\u00b0 DIRNOV-2023/08 de la Directrice g\u00e9n\u00e9rale de l'Agence r\u00e9gionale de sant\u00e9 \u00cele-de-France en date du 26 octobre 2023 portant adoption du cadre d'orientation strat\u00e9gique2018-2028 du projet r\u00e9gional de sant\u00e9 d'\u00cele-de-France ;\nVU l'arr\u00eat\u00e9 n\u00b0 DIRNOV-2023/09 de la Directrice g\u00e9n\u00e9rale de l'Agence r\u00e9gionale de sant\u00e9 \u00cele-de-France en date du 26 octobre 2023 portant adoption du sch\u00e9ma r\u00e9gional de sant\u00e92023-2028 du projet r\u00e9gional de sant\u00e9 d'\u00cele-de-France, modifi\u00e9 par l'arr\u00eat\u00e9 n\u00b0DIRNOV-2023/09 en date du 12 janvier 2024 ;\n\nVU\nVU\nVU\nVU\nVU\nVU\nVU\nvu\nl'arr\u00eat\u00e9 n\u00b0 2023-346 de la Directrice g\u00e9n\u00e9rale de l'Agence r\u00e9gionale de sant\u00e9 \u00cele-de-Franceen date du 4 d\u00e9cembre 2023 \u00e9tablissant le programme interd\u00e9partementald'accompagnement des handicaps et de la perte d'autonomie (PRIAC) 2023-2027 pour lar\u00e9gion \u00cele-de-France ;\nle Sch\u00e9ma d\u00e9partemental des solidarit\u00e9s ;\nle r\u00e8glement d\u00e9partemental d'aide sociale ;\nl'arr\u00eat\u00e9 du Pr\u00e9sident du Conseil d\u00e9partemental n\u00b009-229200506-20220623-PH-23-06-2022A-AR en date du 23 juin 2022 portant extension du \u00ab SAVS de Suresnes \u00bb sis 3Avenue Gustave Stresemann \u00e0 Suresnes (92150) g\u00e9r\u00e9 par l'association \u00ab UNAPEI Hauts-de-Seine \u00bb en vue de la cr\u00e9ation d'un SAMSAH de 20 places ;\nl'arr\u00eat\u00e9 n\u00b0 117-2023 du 17 mai 2023 portant autorisation de transformation de 20 placesdu Service d'Accompagnement \u00e0 la Vie Sociale de Suresnes (SAVS), sis 3 avenueGustave Stresemann \u00e0 Suresnes (92150), en 20 places de Service d'AccompagnementM\u00e9dico-social pour Adultes Handicap\u00e9s (SAMSAH) g\u00e9r\u00e9 par l'association UNAPEI desHauts-de-Seine ;\nl'arr\u00eat\u00e9 n\u00b0 2024-324 du 25 septembre 2024 portant autorisation d'extension de capacit\u00e9de 20 \u00e0 40 places pour la cr\u00e9ation d'une \u00e9quipe mobile au sein du Serviced'Accompagnement M\u00e9dico-social pour Adultes Handicap\u00e9s (SAMSAH) de Suresnes, sis3 Avenue Gustave Stresemann \u00e0 Suresnes (92150), g\u00e9r\u00e9 par l'association \u00ab UNAPEIHauts-de-Seine 92 \u00bb ;\nla demande d'installation provisoire du SAMSAH dans les locaux du SESSADTRAJECTOIRES sis 3/5 rue Curie \u00e0 Suresnes \u00e0 titre d\u00e9rogatoire, adress\u00e9e par MadameCorine LE FUR en date du 23 mars 2023 ;\nla demande de relocalisation g\u00e9ographique du site 3 Avenue Gustave Stresemann \u00e0Suresnes (92150) sur le site 4 Bis Passage Georges Hany \u00e0 Nanterre (92100), adress\u00e9epar Madame Corine LE FUR en date du 20juin 2023 ; :\nCONSIDERANT que le d\u00e9m\u00e9nagement du SAMSAH vers le site de Nanterre permet unemeilleure adaptation des locaux aux activit\u00e9s autoris\u00e9es ;\nCONSIDERANT que l'association a fait part de son souhait de renommer le SAMSAH deSuresnes en SAMSAH et EMMA-H du Passage ;\nCONSIDERANT qu'il est compatible avec les objectifs et repond aux besoins sociaux etm\u00e9dico-sociaux fix\u00e9s par le sch\u00e9ma r\u00e9gional de sant\u00e9 ;\nCONSIDERANT qu'il satisfait aux r\u00e8gles d'organisation et de fonctionnement pr\u00e9vues par lecode de l'action sociale et des familles ;\nCONSID\u00c9RANT qu'il pr\u00e9sente un co\u00fbt de fonctionnement en ann\u00e9e pleine compatible avecle PRIAC Ile-de-France et avec le montant de l'une des dotationsmentionn\u00e9es \u00e0 l'article L. 314-3 du code de l'action sociale et des familles ;\nCONSID\u00c9RANT que l'op\u00e9ration peut s'effectuer \u00e0 moyens constants et n'entra\u00eene doncaucun surco\u00fbt ;\n\nARRETENT\nARTICLE 1\u00b0\" : L'autorisation de changement de localisation du Service d'Accompagnement M\u00e9dico-social pour Adultes Handicap\u00e9s (SAMSAH), sis 3 Avenue Gustave Stresemann \u00e0. Suresnes (92150), sur un nouveau site au 4 Bis Passage Georges Hany \u00e0 Nanterre(92100) est accord\u00e9e \u00e0 l'association UNAPEI des Hauts-de-Seine dont le si\u00e8ge socialest situ\u00e9 119-121 Grande Rue 92310 - SEVRES.\nL'autorisation visant \u00e0 renommer le SAMSAH de Suresnes en SAMSAH et EMMA-Hdu Passage, sis 4 Bis Passage Georges Hany 92100 Nanterre est accord\u00e9e \u00e0l'association UNAPEI des Hauts-de-Seine.\nARTICLE 2\u00b0 : La capacit\u00e9 totale du SAMSAH dont l'\u00e9quipe mobile pour personnes handicap\u00e9esvieillissantes d\u00e9sign\u00e9e EMMA-H est de 40 places r\u00e9parties comme suit :- 15 places en prestation en milieu ordinaire pour des adultes \u00e0 partir de 20 ansen situation de handicap psychique ;- 5 places en prestation en milieu ordinaire pour des adultes \u00e0 partir de 20 anspr\u00e9sentant des troubles du spectre de l'autisme ;- 20 places pour des ad\u00fcltes \u00e0 partir de 45 ans, handicap\u00e9s vieillissants en perted'autonomie, toutes d\u00e9ficiences confondues vivant \u00e0 domicile ou en\u00e9tablissement d'accueil non m\u00e9dicalis\u00e9 (type foyer de vie) avec un besoind'orientation en structure m\u00e9dicalis\u00e9e le cas \u00e9ch\u00e9ant.\nARTICLE 3\u00b0: Conform\u00e9ment aux termes du dernier alin\u00e9a du | de l'article D. 312-0-3 du code del'action sociale et des familles, aucune sp\u00e9cialisation n'exclut la prise en charge depersonnes pr\u00e9sentant des troubles associ\u00e9s \u00e0 ceux qui font l'objet de la pr\u00e9senteautorisation.\nARTICLE 4\u00b0 : Cette structure est r\u00e9pertori\u00e9e dans le Fichier National des Etablissements Sanitaireset Sociaux (FINESS) de la fa\u00e7on suivante : |\nN\u00b0 FINESS de l'\u00e9tablissement : 92 003 929 4\nCode cat\u00e9gorie : [445] \u2014 Service d'accompagnement m\u00e9dico-socialadultes handicap\nCode discipline : [966] \u2014 Accueil et accompagnement m\u00e9dicalis\u00e9 personneshandicap\u00e9esCode [16] \u2014 Prestation en milieu ordinaire 40 placesfonctionnement\n(Mode d'accueil et\nd'accompagnement) :\nCode client\u00e8le 1 : [206] \u2014 Handicap psychique 15 places\nCode client\u00e8le 2 : [437] - Trouble du spectre de 5 placesl'autisme\nCode client\u00e8le 3 [010] - Tous Types de D\u00e9ficiences 20 placesPers. Handicap.(sans autre indic.)\nCode mode de fixation des tarifs : [57] - ARS / ARS PCD dotation globalis\u00e9e\nN\u00b0 FINESS du gestionnaire : 92 080 097 6\n\nARTICLE 5\u00b0:\nARTICLE 6\u00b0 :\nARTICLE 7\u00b0 :\nARTICLE 8\u00b0:\nARTICLE 9\u00b0:\nCode statut : [61] - Association Loi 1901 Reconnue d'Utilit\u00e9 Publique\nLa pr\u00e9sente autorisation.ne modifie pas la dur\u00e9e de l'autorisation actuellement envigueur. Son renouvellement sera subordonn\u00e9 aux r\u00e9sultats de l'\u00e9valuation externementionn\u00e9e \u00e0 l'article L.312-8 dans les conditions pr\u00e9vues par l'article L.313-5 duCode de l'action sociale et des familles.\nLa pr\u00e9sente autorisation ne vaut pas habilitation \u00e0 l'aide sociale qui fera l'objet d'unacte distinct.\nTout changement important dans l'activit\u00e9, l'installation, l'organisation, la direction oule fonctionnement de l'\u00e9tablissement ou du service doit \u00eatre port\u00e9 \u00e0 la connaissancedes autorit\u00e9s comp\u00e9tentes.\nUn recours contre le pr\u00e9sent arr\u00eat\u00e9 peut \u00eatre form\u00e9 devant le tribunal administratifcomp\u00e9tent dans un d\u00e9lai de deux mois \u00e0 compter de sa notification ou, pour les tiers,_a compter de sa publication.\nLe Directeur de la d\u00e9l\u00e9gation d\u00e9partementale des Hauts-de-Seine de l'Agencer\u00e9gionale de sant\u00e9 \u00cele-de-France et le Directeur g\u00e9n\u00e9ral des services du d\u00e9partementdes Hauts-de-Seine et le directeur g\u00e9n\u00e9ral adjoint responsable du P\u00f4le Solidarit\u00e9s dud\u00e9partement des Hauts-de-Seine sont charg\u00e9s, chacun en ce qui le concerne, del'ex\u00e9cution du pr\u00e9sent arr\u00eat\u00e9 qui sera publi\u00e9 aux recueils des actes administratifs dela R\u00e9gion \u00cele-de-France et au bulletin officiel du D\u00e9partement des Hauts-de-Seine.\nFait \u00e0 Nanterre, le 25 FEV. 2025\nPour le Directeur g\u00e9n\u00e9ral Pour le Pr\u00e9sident du Conseil d\u00e9partementalde l'Agence r\u00e9gionale sant\u00e9 des Hauts-de-Seine, et par d\u00e9l\u00e9gationIle-de-France et par d\u00e9l\u00e9gation Le Directeur g\u00e9n\u00e9ral adjoint\nResponsable du P\u00f4le Solidarit\u00e9s\nRenaud PELL\u00c9 Jean-Michel RAPINATla d\u00e9l\u00e9gationd\u00e9partementale des-Hauts-de-Seine\n\n|REPUBLIQUEFRAN CA ISE @ D Agence R\u00e9gionale de Sant\u00e9Libert\u00e9 \u00cele-de-FranceEgalit\u00e9Fraternit\u00e9\nAGENCE R\u00c9GIONALE DE SANTE \u00ceLE-DE-FRANCEARR\u00caT\u00c9 N\u00b0 ARS DD42./22S -OSYportant modification de l'arr\u00eat\u00e9 n\u00b02023-280 portant autorisation d'extension de capacit\u00e9 de30 a 40 places par la cr\u00e9ation d'un Dispositif d'autor\u00e9gulation (DAR) port\u00e9 par le Serviced'Education Sp\u00e9ciale et de Soins \u00e0 Domicile (SESSAD) Pierre Huet sis 44 avenue AnatoleFrance a Colombes (92700),g\u00e9r\u00e9 par l'Association Entraide Union\nLE DIRECTEUR GENERAL DE L'AGENCE REGIONALE DE SANTE \u00ceLE-DE-FRANCE\nVU le code de l'action sociale et des familles et notamment les articles L. 312-1, L. 313-1,L. 314-3 et suivants ;VU le d\u00e9cret du 10 avril 2024 portant nomination de Monsieur Denis ROBIN, Directeurg\u00e9n\u00e9ral de l'Agence r\u00e9gionale de sant\u00e9 Ile-de-France \u00e0 compter du 29 avril 2024 ;VU l'arr\u00eat\u00e9 n\u00b0119-2024 portant d\u00e9l\u00e9gation de signature du Directeur G\u00e9n\u00e9ral de l'Agencer\u00e9gionale de sant\u00e9 \u00cele-de-France au Directeur de la d\u00e9l\u00e9gation d\u00e9partementale desHAUTS-DE-SEINE en date du 4 novembre 2024 ;VU l'arr\u00eat\u00e9 n\u00b0 2018-61 du 23 juillet 2018 du Directeur g\u00e9n\u00e9ral de l'Agence r\u00e9gionale desant\u00e9 Ile-de-France portant adoption du cadre d'orientation strat\u00e9gique 2018-2027 duprojet r\u00e9gional de sant\u00e9 d'\u00cele-de-France ;VU l'arr\u00eat\u00e9 n\u00b0 2018-62 du 23 juillet 2018 du Directeur g\u00e9n\u00e9ral de l'Agence r\u00e9gionale desant\u00e9 \u00cele-de-France portant adoption du sch\u00e9ma r\u00e9gional de sant\u00e9 2018-2022 du projetr\u00e9gional de sant\u00e9 d'\u00cele-de-France ;VU l'arr\u00eat\u00e9 n\u00b0 2023-162 de la Directrice g\u00e9n\u00e9rale de l'Agence r\u00e9gionale de sant\u00e9 \u00cele-de-France en date du 19 juin 2023 \u00e9tablissant le programme interd\u00e9partementald'accompagnement des handicaps et de la perte d'autonomie (PRIAC) 2022-2026 pourla r\u00e9gion \u00cele-de-France ;VU l'arr\u00eat\u00e9 n\u00b02010-69 du 23 juillet 2010 du Directeur g\u00e9n\u00e9ral de l'Agence r\u00e9gionale desant\u00e9 \u00cele-de-France autorisant la cr\u00e9ation d'un SESSAD de 30 places \u00e0 Colombes(92700) a destination d'enfants pr\u00e9sentant des d\u00e9ficiences intellectuelles ;VU le contrat pluriannuel d'objectifs et de moyens portant sur les ann\u00e9es 2023 \u00e0 2027 sign\u00e9le 20 d\u00e9cembre 2022 ;VU l'avis d'appel \u00e0 candidatures pour la cr\u00e9ation dans le d\u00e9partement des Hauts-de-Seinede deux dispositifs d'autor\u00e9gulation (DAR) dans les \u00e9coles \u00e9l\u00e9mentaires accueillantdes \u00e9l\u00e8ves pr\u00e9sentant des troubles du spectre de l'autisme (TSA) publi\u00e9 le 2 juin 2023 ;\n\nVU la commission de s\u00e9lection organis\u00e9e le mercredi 12 juillet 2023 ;VU l'avis de s\u00e9lection de la commission r\u00e9unie le 12/07/2023 pour la cr\u00e9ation dans led\u00e9partement des Hauts-de-Seine de deux dispositifs d'autor\u00e9gulation pour les \u00e9l\u00e8vespr\u00e9sentant des troubles du spectre de l'autisme publi\u00e9 le 19 juillet 2023 au Recueil desactes administratifs de la r\u00e9gion \u00cele-de-France ;VU l'arr\u00eat\u00e9 n\u00b02023-280 portant autorisation d'extension de capacit\u00e9 de 30 \u00e0 40 places par lacr\u00e9ation d'un Dispositif d'autor\u00e9gulation (DAR) port\u00e9 par le Service d'Education Sp\u00e9cialeet de Soins \u00e0 Domicile (SESSAD) Pierre Huet sis 44 avenue Anatole France \u00e0 Colombes(92700), g\u00e9r\u00e9 par l'Association Entraide Union ;\nCONSIDERANT que le projet d\u00e9pos\u00e9 par l'association Entraide Union, dont le si\u00e8ge socialest situ\u00e9 4 avenue Carnot, 94230 CACHAN, a \u00e9t\u00e9 retenu ;CONSIDERANT que le dispositif d'autor\u00e9gulation (DAR) a pour objectif de r\u00e9duire lestroubles du comportement et de tendre vers l'autonomie dans lesapprentissages ;CONSIDERANT que le projet r\u00e9pond \u00e0 un besoin de d\u00e9veloppement de l'offre m\u00e9dico-sociale identifi\u00e9 sur le d\u00e9partement des Hauts-de-Seine pourl'accompagnement des enfants pr\u00e9sentant des troubles duneurod\u00e9veloppement ;CONSIDERANT qu'il est compatible avec les objectifs et r\u00e9pond aux besoins sociaux etm\u00e9dico sociaux fix\u00e9s par le sch\u00e9ma r\u00e9gional de sant\u00e9 ;CONSIDERANT qu'il satisfait aux r\u00e8gles d'organisation et de fonctionnement dans le cadredu code de l'action sociale et des familles ;CONSIDERANT qu'il pr\u00e9sente un co\u00fbt de fonctionnement en ann\u00e9e pleine compatible avecle PRIAC \u00cele-de-France 2022-2026 et avec le montant de l'une desdotations mentionn\u00e9es aux articles L314-3 du code de l'action sociale etdes familles ;CONSIDERANT que l'Agence r\u00e9gionale de sant\u00e9 \u00cele-de-France dispose pour ce projet descr\u00e9dits n\u00e9cessaires \u00e0 sa mise en \u0153uvre \u00e0 hauteur de 140 000 euros au titredes cr\u00e9dits notifi\u00e9s dans le cadre de la Strat\u00e9gie nationale autisme ;\nARR\u00caTEARTICLE 1\u00b0: L'autorisation visant \u00e0 cr\u00e9er un Dispositif d'Autor\u00e9gulation (DAR) de 10 placesport\u00e9 par le SESSAD Pierre Huet sis 44 avenue Anatole France \u00e0 Colombes(92700), est accord\u00e9e \u00e0 l'Association Entraide Union sise 4 avenue Carnot \u00e0CACHAN (94230).Ce dispositif sera mis en \u0153uvre au sein de l'\u00e9cole \u00e9l\u00e9mentaire publique Buffon,situ\u00e9e au 3 rue des Canibouts \u00e0 Colombes (92700).\n\nARTICLE 2\u00b0: Lacapacit\u00e9 totale du SESSAD est dor\u00e9navant de 40 places r\u00e9parties comme suit :- 30 places en milieu ordinaire pour l'accompagnement d'enfants pr\u00e9sentantune d\u00e9ficience intellectuelle ;- 10 places du Dispositif d'Autor\u00e9gulation (DAR) pour l'accompagnementd'enfants pr\u00e9sentant des troubles du neurod\u00e9veloppement.ARTICLE 3\u00b0: Conform\u00e9ment aux termes du dernier alin\u00e9a du | de l'article D.312-0-3 du code del'action sociale et des familles, aucune sp\u00e9cialisation n'exclut la prise en charge depersonnes pr\u00e9sentant des troubles associ\u00e9s \u00e0 ceux qui font l'objet de la pr\u00e9senteautorisation.\nARTICLE 4\u00b0: Le SESSAD Pierre Huet est r\u00e9pertori\u00e9 dans le Fichier National desEtablissements Sanitaires et Sociaux (FINESS) de la fa\u00e7on suivante :N\u00b0 FINESS de l'\u00e9tablissement : 92 002 626 7Code cat\u00e9gorie : [182] \u2014 Service d'Education Sp\u00e9ciale et de Soins \u00e0 DomicileCode discipline : [841] \u2014- Accompagnement dans l'acquisition de l'autonomieet la scolarisationCode fonctionnement : [16]\u2014 Prestation en milieu ordinaireCode client\u00e8le : [117] - D\u00e9ficience intellectuelle 30 places[442] \u2014 Troubles du neurod\u00e9veloppement 10 placesCode mode de fixation [57] ARS /ARS PCD Dotation forfait ou prix de journ\u00e9edes tarifs : globalis\u00e9 dans le cadre d'un CPOMN\u00b0 FINESS du gestionnaire : 94 003 133 9Code statut : 60 (Association Loi 1901 non Reconnue d'Utilit\u00e9 Publique)\nARTICLE 5\u00b0 : Conform\u00e9ment aux dispositions de l'article D.313-12-1 du code de l'action socialeet des familles, la pr\u00e9sente autorisation est valable sous r\u00e9serve de la transmission\u00e0 l'autorit\u00e9 comp\u00e9tente avant la date d'entr\u00e9e en service de la nouvelle capacit\u00e9autoris\u00e9e, d'une d\u00e9claration sur l'honneur attestant de la conformit\u00e9 del'\u00e9tablissement ou du service aux conditions techniques minimales d'organisationet de fonctionnement mentionn\u00e9es au II de l'article L.312-1 du m\u00eame code.ARTICLE 6\u00b0: Elle est caduque en l'absence d'ouverture au public de l'\u00e9tablissement ou duservice dans un d\u00e9lai de quatre ans suivant la notification de la d\u00e9cisiond'autorisation conform\u00e9ment aux articles L. 313-1 et D. 313-7-2 du code de l'actionsociale et des familles.ARTICLE 7\u00b0: Tout changement important dans l'activit\u00e9, l'installation, l'organisation, la directionou le fonctionnement de l'\u00e9tablissement ou du service doit \u00eatre port\u00e9 \u00e0 laconnaissance du Directeur g\u00e9n\u00e9ral de l'Agence r\u00e9gionale de sant\u00e9 \u00cele-de-France.ARTICLE 8: Un recours contre le pr\u00e9sent arr\u00eat\u00e9 peut \u00eatre form\u00e9 devant le tribunal administratifcomp\u00e9tent dans un d\u00e9lai de deux mois \u00e0 compter de sa notification ou, pour lestiers, \u00e0 compter de sa publication.\n\nARTICLE 9\u00b0 :Le Directeur de la D\u00e9l\u00e9gation d\u00e9partementale des Hauts-de-Seine de l'Agencer\u00e9gionale de sant\u00e9 \u00cele-de-France est charg\u00e9 de l'ex\u00e9cution du pr\u00e9sent arr\u00eat\u00e9 quisera notifi\u00e9 au demandeur, publi\u00e9 aux recueils des actes administratifs de laR\u00e9gion \u00cele-de-France et du D\u00e9partement des Hauts-de-Seine.\nFait \u00e0 Nanterre,\nPour le Directeur g\u00e9n\u00e9ralde l'Agence r\u00e9gionale de sant\u00e9Ile-de-France et par d\u00e9l\u00e9gation,Le Directeur de la d\u00e9l\u00e9gationd\u00e9partementale des Hauts-de-Seine del'Agence r\u00e9gionale de sant\u00e9 d'\u00cele-de-France\nRongia PELLE\nRenaud PERLE: Renaud PELLE- Directeur de la D\u00e9l\u00e9gationd\u00e9partementale des Hauts de SeineLe 21/10/2025 \u00e0 15:45\n\nEnR\u00c9PUBLIQUE 4FRAN\u00c7AISE \u00a9 D Agence R\u00e9gionale de Sant\u00e9Libert\u00e9 \u00cele-de-FranceEgalit\u00e9Fraternit\u00e9\nAGENCE R\u00c9GIONALE DE SANTE \u00ceLE-DE-FRANCEARR\u00caT\u00c9 N\u00b0 PRC-DHAD / 10VS-OTKportant modification de l'arr\u00eat\u00e9 n\u00b02023-310 portant autorisation d'extension de capacit\u00e9 de35 a 45 places par la cr\u00e9ation d'une Unit\u00e9 d'Enseignement El\u00e9mentaire Autisme (UEEA)port\u00e9e par l'Externat M\u00e9dico-P\u00e9dagogique (EMP) Pierre Huet sis 44 avenue Anatole Francea Colombes (92700),g\u00e9r\u00e9 par l'Association Entraide Union\nLE DIRECTEUR GENERAL DE L'AGENCE REGIONALE DE SANTE \u00ceLE-DE-FRANCE\nVU le code de l'action sociale et des familles et notamment les articles L. 312-1, L. 313-1,L. 314-3 et suivants ;VU le d\u00e9cret du 10 avril 2024 portant nomination de Monsieur Denis ROBIN, Directeurg\u00e9n\u00e9ral de l'Agence r\u00e9gionale de sant\u00e9 Ile-de-France \u00e0 compter du 29 avril 2024 ;VU l'arr\u00eat\u00e9 n\u00b0119-2024 portant d\u00e9l\u00e9gation de signature du Directeur G\u00e9n\u00e9ral de l'Agencer\u00e9gionale de sant\u00e9 Ile-de-France au Directeur de la d\u00e9l\u00e9gation d\u00e9partementale desHAUTS-DE-SEINE en date du 4 novembre 2024 ;VU l'arr\u00eat\u00e9 n\u00b0 2018-61 du 23 juillet 2018 du Directeur g\u00e9n\u00e9ral de l'Agence r\u00e9gionale desant\u00e9 Ile-de-France portant adoption du cadre d'orientation strat\u00e9gique 2018-2027 duprojet r\u00e9gional de sant\u00e9 d'Ile-de-France ;VU l'arr\u00eat\u00e9 n\u00b0 2018-62 du 23 juillet 2018 du Directeur g\u00e9n\u00e9ral de l'Agence r\u00e9gionale desant\u00e9 \u00cele-de-France portant adoption du sch\u00e9ma r\u00e9gional de sant\u00e9 2018-2022 du projetr\u00e9gional de sant\u00e9 d'Ile-de-France ;VU l'arr\u00eat\u00e9 n\u00b0 2023-162 de la Directrice g\u00e9n\u00e9rale de l'Agence r\u00e9gionale de sant\u00e9 \u00cele-de-France en date du 19 juin 2023 \u00e9tablissant le programme interd\u00e9partementald'accompagnement des handicaps et de la perte d'autonomie (PRIAC) 2022-2026 pourla r\u00e9gion \u00cele-de-France ;VU l'arr\u00eat\u00e9 n\u00b02010-68 du 23 juillet 2010 du Directeur g\u00e9n\u00e9ral de l'Agence r\u00e9gionale desant\u00e9 \u00cele-de-France autorisant la r\u00e9duction de la capacit\u00e9 d'accueil de l'EMP PierreHuet de Colombes (92700) de 60 \u00e0 35 places \u00e0 destination d'enfants pr\u00e9sentant desd\u00e9ficiences intellectuelles ;VU le contrat pluriannuel d'objectifs et de moyens portant sur les ann\u00e9es 2023 \u00e0 2027 sign\u00e9le 20 d\u00e9cembre 2022 ;VU l'arr\u00eat\u00e9 n\u00b02023-310 portant autorisation d'extension de capacit\u00e9 de 35 \u00e0 45 places par lacr\u00e9ation d'une Unit\u00e9 d'Enseignement El\u00e9mentaire Autisme (UEEA) port\u00e9e par l'ExternatM\u00e9dico-P\u00e9dagogique (EMP) Pierre Huet sis 44 avenue Anatole France\u00e0 Colombes (92700), g\u00e9r\u00e9 par l'Association Entraide Union ;\n\nCONSIDERANT que l'unit\u00e9 d'enseignement \u00e9l\u00e9mentaire autisme (UEEA) a pour objectif der\u00e9duire les troubles du comportement et de tendre vers l'autonomie dansles apprentissages ;CONSIDERANT que le projet r\u00e9pond \u00e0 un besoin de d\u00e9veloppement de l'offre m\u00e9dico-sociale identifi\u00e9 sur le d\u00e9partement des Hauts-de-Seine pourl'accompagnement des enfants pr\u00e9sentant des troubles du spectreautistique;CONSIDERANT qu'il est compatible avec les objectifs et r\u00e9pond aux besoins sociaux etm\u00e9dico sociaux fix\u00e9s par le sch\u00e9ma r\u00e9gional de sant\u00e9 ;CONSIDERANT qu'il satisfait aux r\u00e8gles d'organisation et de fonctionnement dans le cadredu code de l'action sociale et des familles ;CONSIDERANT qu'il pr\u00e9sente un co\u00fbt de fonctionnement en ann\u00e9e pleine compatible avecle PRIAC \u00cele-de-France 2022-2026 et avec le montant de l'une desdotations mentionn\u00e9es aux articles L314-3 du code de l'action sociale etdes familles ;CONSIDERANT que l'Agence r\u00e9gionale de sant\u00e9 \u00cele-de-France dispose pour ce projet des\nARTICLE 1\u00b0\":\nARTICLE 2\u00b0 :\nARTICLE 3\u00b0 :\nARTICLE 4\u00b0 :\ncr\u00e9dits n\u00e9cessaires \u00e0 sa mise en \u0153uvre \u00e0 hauteur de 140 000 euros au titredes cr\u00e9dits notifi\u00e9s dans le cadre de la Strat\u00e9gie nationale autisme ;\nARR\u00caTEL'autorisation visant \u00e0 l'extension de 10 places de l'EMP Pierre Huet sis 44 avenueAnatole France \u00e0 Colombes (92700) au titre de la cr\u00e9ation d'une Unit\u00e9d'Enseignement El\u00e9mentaire Autisme (UEEA) est accord\u00e9e \u00e0 l'AssociationEntraide Union sise 4 avenue Carnot \u00e0 CACHAN (94230).Ce dispositif sera mis en \u0153uvre au sein de l'\u00e9cole \u00e9l\u00e9mentaire Joliot Curie, sise 11rue du 8 Mai 45 \u00e0 Gennevilliers (92230).La capacit\u00e9 totale de l'EMP est dor\u00e9navant de 45 places r\u00e9parties comme suit :- 35 places en accueil de jour au sein de l'EMP pour l'accompagnementd'enfants pr\u00e9sentant une d\u00e9ficience intellectuelle ;- 10 places de l'Unit\u00e9 d'Enseignement El\u00e9mentaire Autisme (UEEA) pourl'accompagnement d'enfants pr\u00e9sentant des troubles du spectre de l'autisme(TSA).Conform\u00e9ment aux termes du dernier alin\u00e9a du | de l'article D.312-0-3 du code del'action sociale et des familles, aucune sp\u00e9cialisation n'exclut la prise en charge depersonnes pr\u00e9sentant des troubles associ\u00e9s \u00e0 ceux qui font l'objet de la pr\u00e9senteautorisation.L'EMP Pierre Huet est r\u00e9pertori\u00e9 dans le Fichier National des EtablissementsSanitaires et Sociaux (FINESS) de la fa\u00e7on suivante :N\u00b0 FINESS de l'\u00e9tablissement : 92 069 013 8Code cat\u00e9gorie : [183] \u2014 Institut M\u00e9dico-EducatifCode discipline : [844] \u2014 Tous projets \u00e9ducatifs, p\u00e9dagogiques etth\u00e9rapeutiques\n\nARTICLE 5\u00b0 :\nARTICLE 6\u00b0 :\nARTICLE 7\u00b0:\nARTICLE 8\u00b0:\nARTICLE 9\u00b0:\nCode fonctionnement : [21] \u2014 Accueil de jour 35 places[16] \u2014 Prestation en milieu ordinaire 10 placesCode client\u00e8le : [117] - D\u00e9ficience intellectuelle 35 places[437] \u2014 Troubles du spectre de l'autisme 10 placesCode mode de fixation [57] ARS /ARS PCD Dotation forfait ou prix dedes tarifs : journ\u00e9e globalis\u00e9 dans le cadre d'un CPOMN\u00b0 FINESS du gestionnaire : 94 003 133 9Code statut : 60 (Association Loi 1901 non Reconnue d'Utilit\u00e9 Publique)La pr\u00e9sente autorisation est valable sous r\u00e9serve du r\u00e9sultat positif de la visite deconformit\u00e9 pr\u00e9vue par l'article L313- 6 du code de l'action sociale et des familles.Une visite de conformit\u00e9 a \u00e9t\u00e9 effectu\u00e9e le 18 octobre 2023 \u00e0 l'issue de laquelle unavis favorable a \u00e9t\u00e9 \u00e9mis pour l'ouverture de l'UEFA.Elle est caduque en l'absence d'ouverture au public de l'\u00e9tablissement ou duservice dans un d\u00e9lai de quatre ans suivant la notification de la d\u00e9cisiond'autorisation conform\u00e9ment aux articles L. 313-1 et D. 313-7-2 du code de l'actionsociale et des familles.Tout changement important dans l'activit\u00e9, l'installation, l'organisation, la directionou le fonctionnement de l'\u00e9tablissement ou du service doit \u00eatre port\u00e9 \u00e0 laconnaissance du Directeur g\u00e9n\u00e9ral de l'Agence r\u00e9gionale de sant\u00e9 Ile-de-France.Un recours contre le pr\u00e9sent arr\u00eat\u00e9 peut \u00eatre form\u00e9 devant le tribunal administratifcomp\u00e9tent dans un d\u00e9lai de deux mois \u00e0 compter de sa notification ou, pour lestiers, \u00e0 compter de sa publication.Le Directeur de la D\u00e9l\u00e9gation d\u00e9partementale des Hauts-de-Seine de l'Agencer\u00e9gionale de sant\u00e9 \u00cele-de-France est charg\u00e9 de l'ex\u00e9cution du pr\u00e9sent arr\u00eat\u00e9 quisera notifi\u00e9 au demandeur, publi\u00e9 aux recueils des actes administratifs de laR\u00e9gion \u00cele-de-France et du D\u00e9partement des Hauts-de-Seine.\nFait \u00e0 Nanterre,\nPour le Directeur g\u00e9n\u00e9ralde l'Agence r\u00e9gionale de sant\u00e9Ile-de-France et par d\u00e9l\u00e9gation,Le Directeur de la d\u00e9l\u00e9gationd\u00e9partementale des Hauts-de-Seine del'Agence r\u00e9gionale de sant\u00e9 d'\u00cele-de-France\nRearnaudRPELLES Renaud PELLE- Directeur de la D\u00e9l\u00e9gationd\u00e9partementale des Hauts de SeineLe 21/10/2025 a 15:45\n\nEnR\u00c9PUBLIQUEFRA N CA ISE @ D Agence R\u00e9gionale de Sant\u00e9Libert\u00e9 \u00cele-de-FranceEgalit\u00e9Fraternit\u00e9\nAGENCE R\u00c9GIONALE DE SANTE \u00ceLE-DE-FRANCEARR\u00caT\u00c9 N\u00b0 ARS - DD&2 / JS -060O\nportant modification de l'arr\u00eat\u00e9 n\u00b02024-141 du 28 juin 2024 portant autorisation d'extensionde capacit\u00e9 de 30 \u00e0 40 places par la cr\u00e9ation d'une Unit\u00e9 d'Enseignement El\u00e9mentaireAutisme (UEEA) port\u00e9e par l'Externat M\u00e9dico-P\u00e9dagogique (EMP) Georges Sorel, sis 35 rueGeorges Sorel Boulogne-Billancourt (92100),\ng\u00e9r\u00e9 par l'Association La Croix-Rouge Fran\u00e7aise\nLE DIRECTEUR GENERAL DE L'AGENCE REGIONALE DE SANTE \u00ceLE-DE-FRANCE\nVU le code de l'action sociale et des familles et notamment les articles L. 312-1, L. 313-1 ;L. 314-3 et suivants ;VU le d\u00e9cret du 10 avril 2024 portant nomination de Monsieur Denis ROBIN, Directeurg\u00e9n\u00e9ral de l'Agence r\u00e9gionale de sant\u00e9 d'Ile-de-France, \u00e0 compter du 29 avril 2024 ;VU l'arr\u00eat\u00e9 n\u00b0119-2024 portant d\u00e9l\u00e9gation de signature du Directeur G\u00e9n\u00e9ral de l'Agencer\u00e9gionale de sant\u00e9 \u00cele-de-France au Directeur de la d\u00e9l\u00e9gation d\u00e9partementale desHAUTS-DE-SEINE en date du 4 novembre 2024 ;VU l'arr\u00eat\u00e9 n\u00b0 DIRNOV-2023/08 de la Directrice g\u00e9n\u00e9rale de l'Agence r\u00e9gionale de sant\u00e9\u00cele-de-France en date du 26 octobre 2023 portant adoption du cadre d'orientationstrat\u00e9gique 2018-2028 du projet r\u00e9gional de sant\u00e9 d'\u00cele-de-France, modifi\u00e9 par l'arr\u00eat\u00e9n\u00b0DIRNOV-2023/09 en date du 12 janvier 2024 ;VU l'arr\u00eat\u00e9 n\u00b0 DIRNOV-2023/09 de la Directrice g\u00e9n\u00e9rale de l'Agence r\u00e9gionale de sant\u00e9Ile-de-France en date du 26 octobre 2023 portant adoption du sch\u00e9ma r\u00e9gional desant\u00e9 2023-2028 du projet r\u00e9gional de sant\u00e9 d'Ile-de-France ;VU l'arr\u00eat\u00e9 n\u00b0 2023-346 de la Directrice g\u00e9n\u00e9rale de l'Agence r\u00e9gionale de sant\u00e9 \u00cele-de-France en date du 4 d\u00e9cembre 2023 \u00e9tablissant le programme interd\u00e9partementald'accompagnement des handicaps et de la perte d'autonomie (PRIAC) 2023-2027 pourla r\u00e9gion \u00cele-de-France ;VU l'arr\u00eat\u00e9 n\u00b0 79-666 du 1\u00b0 ao\u00fbt 1979 du Pr\u00e9fet de la R\u00e9gion \u00cele-de-France autorisant lacr\u00e9ation d'un externat m\u00e9dico-p\u00e9dagogique de 30 places pour enfants \u00e2g\u00e9s de 6 \u00e0 14ans, pr\u00e9sentant des troubles neuropsychiques et de la personnalit\u00e9 \u00e0 expressiond\u00e9ficitaire pr\u00e9dominante \u00e0 Boulogne-Billancourt (92100), g\u00e9r\u00e9 par l'association LaCroix-Rouge fran\u00e7aise ;VU le contrat pluriannuel d'objectifs et de moyens portant sur les ann\u00e9es 2020 \u00e0 2024 sign\u00e9le 11 avril 2020 et prorog\u00e9 jusqu'au 31 d\u00e9cembre 2025 par avenant sign\u00e9 le 19septembre 2024 ;\n\nVU\nVU\nVU\nVU\nl'avis d'appel \u00e0 manifestation d'int\u00e9r\u00eat pour le d\u00e9ploiement de solutions \u00e0 mettre en\u0153uvre en 2024 \u00e0 destination des personnes en situation de handicap en \u00cele-de-France,dans le cadre du Plan Inclus'IF 2030, publi\u00e9 le 6 novembre 2023 sur le site de l'Agencer\u00e9gionale de sant\u00e9 \u00cele-de-France ;la consultation des membres du Conseil d\u00e9partemental de la citoyennet\u00e9 et del'autonomie le 18 mars 2024 ;l'avis de r\u00e9sultats de l'appel \u00e0 manifestation d'int\u00e9r\u00eat pour le d\u00e9ploiement de solutions\u00e0 destination des personnes en situation de handicap en \u00cele-de-France, dans le cadredu Plan inclus'IF 2030 publi\u00e9 le 11 avril 2024 au Recueil des actes administratifs de lar\u00e9gion \u00cele-de-France ;l'arr\u00eat\u00e9 n\u00b02024-141 portant autorisation d'extension de capacit\u00e9 de 30 \u00e0 40 places parla cr\u00e9ation d'une unit\u00e9 d'enseignement \u00e9l\u00e9mentaire autisme (UEEA) port\u00e9e parl'Externat M\u00e9dico-P\u00e9dagogique (EMP) Georges Sorel, sis 35 rue Georges SorelBoulogne-Billancourt (92100), g\u00e9r\u00e9 par l'Association La Croix-Rouge fran\u00e7aise ;\nCONSIDERANT que le projet d\u00e9pos\u00e9 par l'association La Croix-Rouge fran\u00e7aise, dont lesi\u00e8ge social est situ\u00e9 98 rue Didot, 75014 Paris, a \u00e9t\u00e9 retenu ;CONSIDERANT que ce projet r\u00e9pond au cahier des charges des Unit\u00e9s d'EnseignementEl\u00e9mentaire Autismes (UEEA) dont l'objectif est de favoriser l'inclusionscolaire ;CONSIDERANT que le projet r\u00e9pond \u00e0 l'\u00e9volution attendue de l'offre m\u00e9dico-sociale dans led\u00e9partement des Hauts-de-Seine, en permettant l'accompagnement desenfants pr\u00e9sentant des troubles du spectre autistique en milieu scolaire ;CONSIDERANT qu'il est compatible avec les objectifs et r\u00e9pond aux besoins sociaux etm\u00e9dico sociaux fix\u00e9s par le sch\u00e9ma r\u00e9gional de sant\u00e9 ;CONSIDERANT qu'il satisfait aux r\u00e8gles d'organisation et de fonctionnement dans le cadredu code de l'action sociale et des familles ;CONSIDERANT qu'il pr\u00e9sente un co\u00fbt de fonctionnement en ann\u00e9e pleine compatible avecle PRIAC \u00cele-de-France et avec le montant de l'une des dotationsmentionn\u00e9es aux articles L314-3 du code de l'action sociale et desfamilles ;CONSIDERANT que l'Agence r\u00e9gionale de sant\u00e9 \u00cele-de-France dispose pour ce projet descr\u00e9dits n\u00e9cessaires \u00e0 sa mise en \u0153uvre \u00e0 hauteur de 154 000 euros au titredes cr\u00e9dits notifi\u00e9s dans le cadre de la Strat\u00e9gie autisme ;\n\nARTICLE 1\u00b0 :\nARTICLE 2\u00b0 :\nARTICLE 3\u00b0:\nARTICLE 4\u00b0 :\nARRETE\nL'autorisation visant \u00e0 l'extension de 10 places de l'EMP Georges Sorel sis 35 rueGeorges Sorel \u00e0 Boulogne-Billancourt (92100), par la cr\u00e9ation d'une UEEA, estaccord\u00e9e \u00e0 l'association La Croix-Rouge fran\u00e7aise sise 98 rue Didot \u00e0 Paris(75014).En application du V de l'article D. 313-2 du Code de l'action sociale et des familles,le seuil d'extension pr\u00e9vu par cet article est fix\u00e9, dans le cadre de la pr\u00e9senteautorisation, \u00e0 hauteur de 34% de la capacit\u00e9 de l'ESMS.\nLa capacit\u00e9 totale de l'EMP Georges Sorel est de 40 places destin\u00e9es \u00e0l'accompagnement d'enfants, adolescents et jeunes adultes \u00e2g\u00e9s de 0 \u00e0 20 anspr\u00e9sentant des troubles du spectre de l'autisme (TSA) r\u00e9parties comme suit :- 30 places en accueil de jour ;- 10 places dans le cadre de l'Unit\u00e9 d'Enseignement El\u00e9mentaire Autisme(UEEA) au sein de l'\u00e9cole \u00e9l\u00e9mentaire Escudier, situ\u00e9e 51 rue Escudier \u00e0Boulogne-Billancourt (92100).\nConform\u00e9ment aux termes du dernier alin\u00e9a du | de l'article D.312-0-3 du code del'action sociale et des familles, aucune sp\u00e9cialisation n'exclut la prise en charge depersonnes pr\u00e9sentant des troubles associ\u00e9s \u00e0 ceux qui font l'objet de la pr\u00e9senteautorisation.\nCette structure est r\u00e9pertori\u00e9e dans le Fichier National des EtablissementsSanitaires et Sociaux (FINESS) de la fa\u00e7on suivante :N\u00b0 FINESS de l'EMP Georges Sorel : 92 069 004 7Code cat\u00e9gorie : [183] \u2014 Institut M\u00e9dico-EducatifCode discipline : [844] \u2014 Tous projets \u00e9ducatifs, p\u00e9dagogiques et th\u00e9rapeutiquesCode fonctionnement : [21] \u2014 Accueil de jour 30 places[16] \u2014 Prestation en milieu ordinaire 10 placesCode client\u00e8le : [200] \u2014 Difficult\u00e9s psychologiques avec troubles\nCode mode de fixation\ndu comportement 30 places[437] \u2014 Troubles du spectre de l'autisme 10 places[57] ARS /ARS PCD Dotation forfait ou prix de journ\u00e9e globalis\u00e9des tarifs :\nARTICLE 5\u00b0 :\nN\u00b0 FINESS du gestionnaire : 75 072 133 4Code statut : 61 Association Loi 1901 Reconnue d'Utilit\u00e9 Publique\nLa pr\u00e9sente autorisation est valable sous r\u00e9serve du r\u00e9sultat positif de la visite deconformit\u00e9 pr\u00e9vue par l'article L. 313-6 du code de l'action sociale et des familles.\n\nARTICLE 6\u00b0 :\nARTICLE 7\u00b0:\nARTICLE 8\u00b0:\nARTICLE 9\u00b0 :\nUne visite de conformit\u00e9 a \u00e9t\u00e9 effectu\u00e9e le 3 septembre 2024 \u00e0 l'issue de laquelleun avis favorable a \u00e9t\u00e9 \u00e9mis pour l'ouverture de l'UEEA.\nElle est caduque en l'absence d'ouverture au public de l'\u00e9tablissement ou duservice dans un d\u00e9lai de quatre ans suivant la notification de la d\u00e9cisiond'autorisation conform\u00e9ment aux articles L. 313-1 et D. 313-7-2 du code de l'actionsociale et des familles.Tout changement important dans l'activit\u00e9, l'installation, l'organisation, la directionou le fonctionnement de l'\u00e9tablissement ou du service doit \u00eatre port\u00e9 \u00e0 laconnaissance du Directeur g\u00e9n\u00e9ral de l'Agence r\u00e9gionale de sant\u00e9 \u00cele-de-France.Un recours contre le pr\u00e9sent arr\u00eat\u00e9 peut \u00eatre form\u00e9 devant le tribunal administratifcomp\u00e9tent dans un d\u00e9lai de deux mois \u00e0 compter de sa notification ou, pour lestiers, \u00e0 compter de sa publication.Le Directeur de la d\u00e9l\u00e9gation d\u00e9partementale des Hauts-de-Seine de l'Agencer\u00e9gionale de sant\u00e9 \u00cele-de-France est charg\u00e9 de l'ex\u00e9cution du pr\u00e9sent arr\u00eat\u00e9 quisera publi\u00e9 aux recueils des actes administratifs de la R\u00e9gion \u00cele-de-France et duD\u00e9partement des Hauts-de-Seine.\nFait \u00e0 Nanterre, le\nPour le Directeur g\u00e9n\u00e9ralde l'Agence r\u00e9gionale de sant\u00e9Ile-de-France et par d\u00e9l\u00e9gation,Le Directeur de la d\u00e9l\u00e9gationd\u00e9partementale des Hauts-de-Seine del'Agence r\u00e9gionale de sant\u00e9 d'\u00cele-de-France\nSign\u00e9 \u00e9lectroniquement par Renaud PELLEi PE eja\u00e9l\u00e9gationRena\u00ebd' PE ce auts de SeineLe 21/10/2025 \u00e0 15:45\n\n||REPUBLIQUEFRAN CAI SE \u00a9 D Agence R\u00e9gionale de Sant\u00e9Libert\u00e9 \u00cele-de-France\u00c9galit\u00e9Fraternit\u00e9 AGENCE R\u00c9GIONALE DE SANT\u00c9 \u00ceLE-DE-FRANCEARRETE N\u00b0 : ARS - DD42/ JS -O6|portant modification de l'arr\u00eat\u00e9 n\u00b02024-195 du 19 juillet 2024 portantautorisation d'extension de capacit\u00e9 de 40 \u00e0 45 places de l'Externat M\u00e9dico-P\u00e9dagogique (EMP)Georges Sorel, sis 35 rue Georges Sorel Boulogne-Billancourt (92100),\ng\u00e9r\u00e9 par l'Association La Croix-Rouge Fran\u00e7aise\nLE DIRECTEUR GENERAL DE L'AGENCE R\u00c9GIONALE DE SANT\u00c9 \u00ceLE-DE-FRANCE\nVU le code de l'action sociale et des familles et notamment les articles L. 312-1, L. 313-1,L. 314-3 et suivants ;VU le d\u00e9cret du 10 avril 2024 portant nomination de Monsieur Denis ROBIN, Directeur g\u00e9n\u00e9ralde l'Agence r\u00e9gionale de sant\u00e9 Ile-de-France \u00e0 compter du 29 avril 2024 ;VU l'arr\u00eat\u00e9 n\u00b0119-2024 portant d\u00e9l\u00e9gation de signature du Directeur G\u00e9n\u00e9ral de l'Agencer\u00e9gionale de sant\u00e9 \u00cele-de-France au Directeur de la d\u00e9l\u00e9gation d\u00e9partementale desHAUTS-DE-SEINE en date du 4 novembre 2024 ;VU l'arr\u00eat\u00e9 n\u00b0 DIRNOV-2023/08 de la Directrice g\u00e9n\u00e9rale de l'Agence r\u00e9gionale de sant\u00e9 \u00cele-de-France en date du 26 octobre 2023 portant adoption du cadre d'orientation strat\u00e9gique2018-2028 du projet r\u00e9gional de sant\u00e9 d'\u00cele-de-France, modifi\u00e9 par l'arr\u00eat\u00e9 n\u00b0DIRNOV-2023/09 en date du 12 janvier 2024 ;VU l'arr\u00eat\u00e9 n\u00b0 DIRNOV-2023/09 de la Directrice g\u00e9n\u00e9rale de l'Agence r\u00e9gionale de sant\u00e9 \u00cele-de-France en date du 26 octobre 2023 portant adoption du sch\u00e9ma r\u00e9gional de sant\u00e92023-2028 du projet r\u00e9gional de sant\u00e9 d'\u00cele-de-France ;VU l'arr\u00eat\u00e9 n\u00b0 2023-346 de la Directrice g\u00e9n\u00e9rale de l'Agence r\u00e9gionale de sant\u00e9 \u00cele-de-France en date du 4 d\u00e9cembre 2023 \u00e9tablissant le programme interd\u00e9partementald'accompagnement des handicaps et de la perte d'autonomie (PRIAC) 2023-2027 pour lar\u00e9gion \u00cele-de-France ;VU l'arr\u00eat\u00e9 n\u00b0 79-666 du 1\u00b0 ao\u00fbt 1979 du Pr\u00e9fet de la R\u00e9gion \u00cele-de-France autorisant lacr\u00e9ation d'un externat m\u00e9dico-p\u00e9dagogique de 30 places pour enfants \u00e2g\u00e9s de 6 \u00e0 14 ans,pr\u00e9sentant des troubles neuropsychiques et de la personnalit\u00e9 \u00e0 expression d\u00e9ficitairepr\u00e9dominante \u00e0 Boulogne-Billancourt (92100), g\u00e9r\u00e9 par l'association La Croix-Rougefran\u00e7aise ;VU l'arr\u00eat\u00e9 n\u00b02024-141 portant autorisation d'extension de capacit\u00e9 de 30 \u00e0 40 places par lacr\u00e9ation d'une unit\u00e9 d'enseignement \u00e9l\u00e9mentaire autisme (UEEA) port\u00e9e par l'ExternatM\u00e9dico-P\u00e9dagogique (EMP) Georges Sorel, sis 35 rue Georges Sorel Boulogne-Billancourt (92100), g\u00e9r\u00e9 par l'Association La Croix-Rouge fran\u00e7aise ;\n\nVU\nVU\nVU\nVU\nVU\nle contrat pluriannuel d'objectifs et de moyens portant sur les ann\u00e9es 2020 \u00e0 2024 sign\u00e9le 11 avril 2020 et prorog\u00e9 jusqu'au 31 d\u00e9cembre 2025 par avenant sign\u00e9 le 19 septembre2024 ;l'avis d'appel \u00e0 manifestation d'int\u00e9r\u00eat pour le d\u00e9ploiement de solutions \u00e0 mettre en \u0153uvreen 2024 \u00e0 destination des personnes en situation de handicap en \u00cele-de-France, dans lecadre du Plan Inclus'IF 2030, publi\u00e9 le 6 novembre 2023 sur le site de l'Agence r\u00e9gionalede sant\u00e9 \u00cele-de-France ;la consultation des membres du Conseil d\u00e9partemental de la citoyennet\u00e9 et de l'autonomiele 18 mars 2024 ;l'avis de r\u00e9sultats de l'appel \u00e0 manifestation d'int\u00e9r\u00eat pour le d\u00e9ploiement de solutions \u00e0destination des personnes en situation de handicap en \u00cele-de-France, dans le cadre duPlan inclus'IF 2030 publi\u00e9 le 11 avril 2024 au Recueil des actes administratifs de la r\u00e9gion\u00cele-de-France ;l'arr\u00eat\u00e9 n\u00b02024-195 du 19 juillet 2024 portant autorisation d'extension de capacit\u00e9 de 40 \u00e045 places de l'Externat M\u00e9dico-P\u00e9dagogique (EMP) Georges Sorel, sis 35 rue GeorgesSorel \u00e0 Boulogne-Billancourt (92100), g\u00e9r\u00e9 par l'Association La Croix-Rouge Fran\u00e7aise ;\nCONSID\u00c9RANT que le projet d\u00e9pos\u00e9 par l'association La Croix-Rouge fran\u00e7aise, dont lesi\u00e8ge social est situ\u00e9 98 rue Didot, 75014 Paris, a \u00e9t\u00e9 retenu ;CONSIDERANT que celui-ci pr\u00e9voit l'extension de 5 places hors les murs \u00e0 destinationd'enfants, adolescents et jeunes adultes pr\u00e9sentant des troubles duspectre de l'autisme ;CONSID\u00c9RANT que le projet r\u00e9pond \u00e0 un besoin de d\u00e9veloppement de l'offre m\u00e9dico-sociale identifi\u00e9 sur le d\u00e9partement des Hauts-de-Seine \u00e0 destination despersonnes concern\u00e9es par les troubles du spectre de l'autisme (TSA) ;CONSID\u00c9RANT qu'il est compatible avec les objectifs et r\u00e9pond aux besoins sociaux etm\u00e9dico-sociaux fix\u00e9s par le sch\u00e9ma r\u00e9gional de sant\u00e9 ;CONSID\u00c9RANT qu'il satisfait aux r\u00e8gles d'organisation et de fonctionnement pr\u00e9vues par lecode de l'action sociale et des familles ;CONSID\u00c9RANT qu'il pr\u00e9sente un co\u00fbt de fonctionnement en ann\u00e9e pleine compatible avecle PRIAC \u00cele-de-France et avec le montant de l'une des dotationsmentionn\u00e9es \u00e0 l'article L. 314-3 du code de l'action sociale et des familles ;CONSID\u00c9RANT que l'Agence r\u00e9gionale de sant\u00e9 \u00cele-de-France dispose pour ce projet descr\u00e9dits n\u00e9cessaires \u00e0 sa mise en \u0153uvre \u00e0 hauteur de 304 446 euros ;\n\nARTICLE 1\u00b0 :\nARTICLE 2\u00b0 :\nARTICLE 3\u00b0 :\nARTICLE 4\u00b0 :\nARR\u00caTE\nL'autorisation visant \u00e0 l'extension de capacit\u00e9 de 5 places hors les murs de l'EMPGeorges Sorel sis 35 rue Georges Sorel \u00e0 Boulogne-Billancourt (92100) destin\u00e9es \u00e0accompagner en milieu ordinaire des enfants, adolescents et jeunes adultes \u00e2g\u00e9s de0 \u00e0 20 ans pr\u00e9sentant des troubles du spectre de l'autisme (TSA), est accord\u00e9e al'association La Croix-Rouge.La capacit\u00e9 totale de l'EMP Georges Sorel est de 45 places destin\u00e9es \u00e0l'accompagnement d'enfants, adolescents et jeunes adultes \u00e2g\u00e9s r\u00e9parties commesuit:- 30 places en accueil de jour pour des enfants, adolescents et jeunes \u00e2g\u00e9s de 0a 20 ans pr\u00e9sentant une d\u00e9ficience intellectuelle et/ou des troubles du spectre del'autisme;- 10 places dans le cadre de l'Unit\u00e9 d'Enseignement El\u00e9mentaire Autisme(UEEA);- 5 places en milieu ordinaire, soit en IME Hors-les-murs, pour des enfants,adolescents et jeunes adultes \u00e2g\u00e9s de 0 \u00e0 20 pr\u00e9sentant des troubles du spectrede l'autisme.Conform\u00e9ment aux termes du dernier alin\u00e9a du | de l'article D.312-0-3 du code del'action sociale et des familles, aucune sp\u00e9cialisation n'exclut la prise en charge depersonnes pr\u00e9sentant des troubles associ\u00e9s \u00e0 ceux qui font l'objet de la pr\u00e9senteautorisation.Cette structure est r\u00e9pertori\u00e9e dans le Fichier National des Etablissements Sanitaireset Sociaux (FINESS) de la fa\u00e7on suivante :N\u00b0 FINESS de l'EMP Georges Sorel : 92 069 004 7Code cat\u00e9gorie : [183] \u2014 Institut M\u00e9dico-EducatifCode discipline : [844] \u2014 Tous projets \u00e9ducatifs, p\u00e9dagogiques et th\u00e9rapeutiquesCode fonctionnement : [21] \u2014 Accueil de jour 30 places[16] \u2014 Prestation en milieu ordinaire 15 placesCode client\u00e8le : [200] \u2014 Difficult\u00e9s psychologiques avec troublesdu comportement 30 places[437] \u2014 Troubles du spectre de l'autisme 15 placesCode mode de fixation [57] ARS /ARS PCD Dotation forfait ou prix de journ\u00e9e globalis\u00e9des tarifs :\nARTICLE 5\u00b0 :\nN\u00b0 FINESS du gestionnaire : 75 072 133 4Code statut : 61 Association Loi 1901 Reconnue d'Utilit\u00e9 PubliqueConform\u00e9ment aux dispositions de l'article D. 313-12-1 du code de l'action sociale etdes familles, la pr\u00e9sente autorisation est valable sous r\u00e9serve de la transmission, al'autorit\u00e9 comp\u00e9tente, avant la date d'entr\u00e9e en service de la nouvelle capacit\u00e9autoris\u00e9e, d'une d\u00e9claration sur l'honneur attestant de la conformit\u00e9 del'\u00e9tablissement ou du service aux conditions techniques minimales d'organisation etde fonctionnement mentionn\u00e9es au II de l'article L. 312-1 du m\u00eame code.\n\nARTICLE 6\u00b0:\nARTICLE 7\u00b0:\nARTICLE 8\u00b0:\nARTICLE 9\u00b0:\nElle est caduque en l'absence d'ouverture au public de l'\u00e9tablissement ou du servicedans un d\u00e9lai de quatre ans suivant la notification de la d\u00e9cision d'autorisationconform\u00e9ment aux articles L. 313-1 et D. 313-7-2 du code de l'action sociale et desfamilles.\nTout changement important dans l'activit\u00e9, l'installation, l'organisation, la direction oule fonctionnement de l'\u00e9tablissement ou du service doit \u00eatre port\u00e9 \u00e0 la connaissancedu Directeur g\u00e9n\u00e9ral de l'Agence r\u00e9gionale de sant\u00e9 \u00cele-de-France.\nUn recours contre le pr\u00e9sent arr\u00eat\u00e9 peut \u00eatre form\u00e9 devant le tribunal administratifcomp\u00e9tent dans un d\u00e9lai de deux mois \u00e0 compter de sa notification ou, pour les tiers,\u00e0 compter de sa publication.\nLe Directeur de la d\u00e9l\u00e9gation d\u00e9partementale des Hauts-de-Seine de l'Agencer\u00e9gionale de sant\u00e9 \u00cele-de-France est charg\u00e9 de l'ex\u00e9cution du pr\u00e9sent arr\u00eat\u00e9 qui serapubli\u00e9 aux recueils des actes administratifs de la R\u00e9gion \u00cele-de-France et duD\u00e9partement des Hauts-de-Seine.\nFait \u00e0 Nanterre,\nPour le Directeur g\u00e9n\u00e9ralde l'Agence r\u00e9gionale de sant\u00e9Ile-de-France et par d\u00e9l\u00e9gation,Le Directeur de la d\u00e9l\u00e9gation d\u00e9partementaledes Hauts-de-Seine de l'Agence r\u00e9gionale desant\u00e9 d'Ile-de-France\nSign\u00e9 \u00e9lectroniquement par Renaud PELLE\n. slaaati\nRenault PEE reelepartementale des Hauts de SeineLe 21/10/2025 \u00e0 15:45\n\n| 3REPUBLIQUEFRAN CA ISE @ D Agence R\u00e9gionale de Sant\u00e9her \u00cele-de-Franceigalit\u00e9 z zaFraternit\u00e9 AGENCE REGIONALE DE SANTE ILE-DE-FRANCE\nARRETE N\u00b0 ARS-DD92/2025-066portant autorisation de renouvellement de pr\u00e9l\u00e8vement de frais de si\u00e8ge social del'association \u0152uvres d'Avenir sise 5 rue Ravon BP 23, 92340 BOURG-LA-REINE\nLA DIRECTRICE GENERALE DE L'AGENCE REGIONALEDE SANT\u00c9 \u00ceLE-DE-FRANCE\nVU le code de l'action sociale et des familles et notamment les articles L.314-7 paragraphe VIet R.314-87 \u00e0 R.314-94 ;VU le code de l'action sociale et des familles et notamment les articles L.313-11 \u00e0 L.313-12-2;VU la loi n\u00b02002-2 du 2 janvier 2002 r\u00e9novant l'action sociale et m\u00e9dico-sociale ;VU l'arr\u00eat\u00e9 du 22 octobre 2003 modifi\u00e9 fixant les mod\u00e8les de documents pr\u00e9vus aux articles,12, 16, 18, 19, 47 et 83 du d\u00e9cret n\u00b02003-1010 du 22 octobre 2003 relatif \u00e0 la gestionbudg\u00e9taire, comptable et financi\u00e8re et aux modalit\u00e9s de financement et de tarification des\u00e9tablissements et services sociaux et m\u00e9dico-sociaux mentionn\u00e9s au | de l'article L.312.1du code de l'action sociale et des familles ;VU l'arr\u00eat\u00e9 du 10 novembre 2003 fixant la liste des pi\u00e8ces pr\u00e9vues au Ill de l'article 89 dud\u00e9cret n\u00b02003-1010 du 22 octobre 2003 relative \u00e0 la demande d'autorisation ou derenouvellement d'autorisation de frais de si\u00e8ge social modifi\u00e9 par l'arr\u00eat\u00e9 du 20 d\u00e9cembre2007;VU l'arr\u00eat\u00e9 du 23 d\u00e9cembre 2014 modifiant l'arr\u00eat\u00e9 du 10 novembre 2003 fixant la liste despi\u00e8ces pr\u00e9vues au Ill de l'article R.314-88 du code de l'action sociale et des famillesrelative \u00e0 la demande d'autorisation ou de renouvellement d'autorisation de frais de si\u00e8gesocial ;VU l'arr\u00eat\u00e9 du 3 mars 2017 fixant le contenu du cahier des charges du contrat pluriannueld'objectifs et de moyens (CPOM) pr\u00e9vus au IV ter de l'article L.313-12 du code de l'actionsociale et des familles ;VU le d\u00e9cret du 10 avril 2024 portant nomination de Monsieur Denis ROBIN, Directeur g\u00e9n\u00e9ralde l'Agence r\u00e9gionale de sant\u00e9 \u00cele-de-France \u00e0 compter du 29 avril 2024 ;VU l'arr\u00eat\u00e9 n\u00b0 2023-346 de la Directrice g\u00e9n\u00e9rale de l'Agence r\u00e9gionale de sant\u00e9 Ile-de-Franceen date du 4 d\u00e9cembre 2023 \u00e9tablissant le programme interd\u00e9partementald'accompagnement des handicaps et de la perte d'autonomie (PRIAC) 2023-2027 pour lar\u00e9gion Ile-de-France ;VU l'arr\u00eat\u00e9 n\u00b0119-2024 portant d\u00e9l\u00e9gation de signature du Directeur G\u00e9n\u00e9ral de l'Agencer\u00e9gionale de sant\u00e9 Ile-de-France au Directeur de la d\u00e9l\u00e9gation d\u00e9partementale desHAUTS-DE-SEINE en date du 4 novembre 2024 ;\n1 sur3\n\nVU l'arr\u00eat\u00e9 n\u00b0 2025 \u2014 101 relatif \u00e0 la programmation 2025, pour le d\u00e9partement des Hauts-de-Seine, des contrats pluriannuels d'objectifs et de moyens, pr\u00e9vue par la loi n\u00b02015-1702du 21 d\u00e9cembre 2015 de financement de la s\u00e9curit\u00e9 sociale pour 2016 ;VU l'arr\u00eat\u00e9 portant cession de l'autorisation de l'EHPAD \u00ab R\u00e9sidence Pierre Bonhomme \u00bbsitu\u00e9 \u00e0 GRAMMAT (46500) g\u00e9r\u00e9 par l'association \u00ab Foyer Pierre Bonhomme \u00bb au profitde l'association \u0152uvres d'Avenir situ\u00e9e \u00e0 Bourg-la-Reine (92340) ;VU la demande de renouvellement d'autorisation de frais de si\u00e8ge de l'association \u0152uvresd'Avenir en date du 25 juin 2025 aupr\u00e8s de l'Agence r\u00e9gionale de sant\u00e9 d'Ile-de-France ;\nCONSID\u00c9RANT qu'au regard de l'article R.314-90 du code de l'action sociale et desfamilles, l'Agence r\u00e9gionale de sant\u00e9 Ile-de-France est l'autorit\u00e9comp\u00e9tente pour statuer sur l'autorisation de frais de si\u00e8ge social del'association \u0152uvres d'Avenir ;CONSID\u00c9RANT que les avis des autorit\u00e9s de tarification en charge du suivi et contr\u00f4le des\u00e9tablissements et services g\u00e9r\u00e9s par l'organisme gestionnaire ont \u00e9t\u00e9recueillis.\nARR\u00caTE\nARTICLE 'er: L'autorisation de pr\u00e9l\u00e8vement de frais de si\u00e8ge sollicit\u00e9e par l'association \u0152uvres\nARTICLE 2\u00b0 :\nARTICLE 3e:\nd'Avenir est accord\u00e9e pour la p\u00e9riode 2025-2029 \u00e0 compter du 1er janvier 2025 et estapplicable a l'ensemble des \u00e9tablissements et services g\u00e9r\u00e9s par l'organismegestionnaire relevant du | de l'article L.312-1 du Code de l'action Sociale et desFamilles.Le montant de la quote-part de frais de si\u00e8ge \u00e0 retenir pour les \u00e9tablissementsrelevant du | de l'article L.312-1 du Code de l'action Sociale et des Familles, dontl'association \u0152uvres d'Avenir assure la gestion, est d\u00e9termin\u00e9 sous forme d'unpourcentage des charges brutes retrait\u00e9es des sections d'exploitation des\u00e9tablissements et services s'\u00e9levant \u00e0 un taux moyen de 3,90% selon l'article R.314-93 du Code de l'action Sociale et des Familles.En application de l'article R.314-95 du Code de l'action Sociale et des Familles, desproduits financiers issus des placements de tr\u00e9sorerie des ESMS viennent enatt\u00e9nuation des charges de fonctionnement du budget des services rendus.ARTICLE 4e : Le budget des services rendus aux \u00e9tablissements et services est valid\u00e9 avec unmontant de 1 447 906,98 euros en 2025, 1 615 487,50 euros en 2026, 1 738 976,86euros en 2027, 1 796 521,23 euros en 2028 et 1 728 723,05 en 2029.\n2 sur3\n\nARTICLE 5e :\nARTICLE 6e:\nLa pr\u00e9sente d\u00e9cision est susceptible de faire l'objet d'un recours contentieux devantle tribunal administratif de Nanterre dans un d\u00e9lai de deux mois.Le Directeur de la d\u00e9l\u00e9gation d\u00e9partementale des Hauts-de-Seine de l'Agencer\u00e9gionale de sant\u00e9 Ile-de-France est charg\u00e9 de l'ex\u00e9cution du pr\u00e9sent arr\u00eat\u00e9 qui serapubli\u00e9 aux recueils des actes administratifs du D\u00e9partement des Hauts-de-Seine.\nFait\u00e0 Nanterre, le 07 NOV. 2025\nPour le Directeur g\u00e9n\u00e9ralde l'Agence r\u00e9gionale de sant\u00e9.Ile-de-France, et par d\u00e9l\u00e9gation,?/ Le Directeur de la D\u00e9l\u00e9gation d\u00e9partementaledes Hauts-de-Seine\nRenaud PELLE\nAgence R\u00e9gionale de Sant\u00e9 Ile-de-FranceLa directrice adjointe de laD\u00e9l\u00e9gation d\u00e9partementale des Hauts de Seine\nV\u00e9ronique DUGAY\n3 sur3\n\n+ ArREPUBLIQUE<< hauts-de-seineFRANCAISE \u00a9 D Agence R\u00e9gionale de Sant CPARTENE... \u00cele-de-FranceLibert\u00e9\u00c9galit\u00e9Fraternit\u00e9\nAGENCE R\u00c9GIONALE DE SANT\u00c9 \u00ceLE-DE-FRANCECONSEIL DEPARTEMENTAL DES HAUTS-DE-SEINE\nARRETE N\u00b0 2025-portant modification de l'arr\u00eat\u00e9 n\u00b02024-240 portant autorisation d'extension de capacit\u00e9 de42 \u00e0 48 places de l'Etablissement d'Accueil M\u00e9dicalis\u00e9 (EAM) la For\u00eat, sis 5 avenue HenriDals\u00e8me 92360 Meudon-la-For\u00e9tg\u00e9r\u00e9 par l'Association de Parents et Amis de Personnes Handicap\u00e9es (APE!) de Meudon\nLE DIRECTEUR GENERAL DE L'AGENCE REGIONALE DE SANT\u00c9 \u00ceLE-DE-FRANCELE PRESIDENT DU CONSEIL DEPARTEMENTAL DES HAUTS-DE-SEINE\nVU le code de l'action sociale et des familles et notamment les articles L. 312-1, L. 313-1,L. 314-3 et suivants ;VU le code g\u00e9n\u00e9ral des collectivit\u00e9s territoriales ;VU le d\u00e9cret du 10 avril 2024 portant nomination de Monsieur Denis ROBIN, Directeurg\u00e9n\u00e9ral de l'Agence r\u00e9gionale de sant\u00e9 Ile-de-France \u00e0 compter du 29 avril 2024 ;VU la d\u00e9cision de d\u00e9l\u00e9gation de signature du Directeur G\u00e9n\u00e9ral de l'ARS vers le directeur dela d\u00e9l\u00e9gation d\u00e9partementale des Hauts-de-Seine en date du 29/04/2024 :VU l'arr\u00eat\u00e9 n\u00b0 2022-DAJA-045 du 9 septembre 2022 accordant d\u00e9l\u00e9gation de signature aMonsieur Jean-Michel Rapinat, Directeur g\u00e9n\u00e9ral adjoint du P\u00f4le Solidarit\u00e9s et aMadame Laurence Hauck, adjointe au Directeur g\u00e9n\u00e9ral adjoint ;VU l'arr\u00eat\u00e9 n\u00b0 DIRNOV-2023/08 de la Directrice g\u00e9n\u00e9rale de l'Agence r\u00e9gionale de sant\u00e9 lle-de-France en date du 26 octobre 2023 portant adoption du cadre d'orientationstrat\u00e9gique 2018-2028 du projet r\u00e9gional de sant\u00e9 d'lle-de-France ;VU l'arr\u00eat\u00e9 n\u00b0 DIRNOV-2023/09 de la Directrice g\u00e9n\u00e9rale de l'Agence r\u00e9gionale de sant\u00e9 Ile-de-France en date du 26 octobre 2023 portant adoption du sch\u00e9ma r\u00e9gional de sant\u00e92023-2028 du projet r\u00e9gional de sant\u00e9 d'Ile-de-France, modifi\u00e9 par l'arr\u00eat\u00e9 n\u00b0DIRNOV-2023/09 en date du 12 janvier 2024 :\n077\nVU\nVUVU\nVU\nVU\nVU\nVU\nl'arr\u00eat\u00e9 n\u00b0 2023-346 de la Directrice g\u00e9n\u00e9rale de l'Agence r\u00e9gionale de sant\u00e9 lle-de-France en date du 4 d\u00e9cembre 2023 \u00e9tablissant le programme interd\u00e9partementald'accompagnement des handicaps et de la perte d'autonomie (PRIAC) 2023-2027 pourla r\u00e9gion Ile-de-France ;le Sch\u00e9ma d\u00e9partemental en faveur des personnes handicap\u00e9es ;l'arr\u00eat\u00e9 n\u00b02019-268 du 27 d\u00e9cembre 2019 portant autorisation d'extension d\u00e9localis\u00e9e ettransformation de 36 places du Foyer de vie des Bords de Seine en Etablissementd'Accueil M\u00e9dicalis\u00e9 en tout ou partie pour personnes handicap\u00e9es, sis avenue HenriDals\u00e8me \u00e0 Meudon-la-For\u00eat ;l'arr\u00eat\u00e9 n\u00b0 162-2020 du 26 octobre 2020 portant modification de l'arr\u00eat\u00e9 2019-268 du 27d\u00e9cembre 2019 ;l'arr\u00eat\u00e9 conjoint n\u00b02023-120 du 25 mai 2023 portant autorisation d'extension de capacit\u00e9de 6 places d\u00e9localis\u00e9es au 5 square Marcel Dupr\u00e9 \u00e0 Meudon (92190) del'Etablissement d'Accueil M\u00e9dicalis\u00e9 (EAM) Les Bords de Seine, sis avenue HenriDals\u00e9me \u00e0 Meudon-la-For\u00eat (92360) g\u00e9r\u00e9 par l'Association de Parents et Amis dePersonnes Handicap\u00e9es (APEI) de Meudon ;l'arr\u00eat\u00e9 conjoint n\u00b0 2023-368 du 29 d\u00e9cembre 2020 portant modification de l'autorisationde l'Etablissement d'Accueil M\u00e9dicalis\u00e9 (EAM) Les Bords de Seine, sis 5 avenue HenriDals\u00e8me \u00e0 Meudon-la-For\u00eat (92360) g\u00e9r\u00e9 par l'Association de Parents et Amis dePersonnes Handicap\u00e9es (APEI) de Meudon ;l'arr\u00eat\u00e9 n\u00b02024-240 portant autorisation d'extension de capacit\u00e9 de 42 \u00e0 48 places del'Etablissement d'Accueil M\u00e9dicalis\u00e9 (EAM) la For\u00eat, sis 5 avenue Henri Dals\u00e8me 92360Meudon-la-For\u00eat.\nCONSIDERANT la demande de l'EAM la For\u00eat de rectifier l'arr\u00eat\u00e9 n\u00b02024-240 au sujet del'implantation g\u00e9ographique des 6 nouvelles places d'accueil de jour :CONSIDERANT que les 6 places autoris\u00e9es par l'arr\u00eat\u00e9 n\u00b02024-240 sont localis\u00e9es etmises en \u0153uvre au sein de l'EAM la for\u00eat sis 5 avenue Henri Dals\u00e8me92360 Meudon-la-For\u00eat ;CONSID\u00c9RANT que le projet r\u00e9pond \u00e0 un besoin de d\u00e9veloppement de l'offre m\u00e9dico-sociale identifi\u00e9 sur le d\u00e9partement des Hauts-de-Seine \u00e0 destination despersonnes concern\u00e9es par les troubles du spectre de l'autisme (TSA) ;CONSID\u00c9RANT qu'il est compatible avec les objectifs et r\u00e9pond aux besoins sociaux etm\u00e9dico-sociaux fix\u00e9s par le sch\u00e9ma r\u00e9gional de sant\u00e9 ;CONSID\u00c9RANT qu'il satisfait aux r\u00e8gles d'organisation et de fonctionnement pr\u00e9vues parle code de l'action sociale et des familles ;\n\nARTICLE 1\u00b0 :\nARTICLE 2\u00b0:\nARTICLE 3\u00b0:\nARTICLE 4\u00b0:\nARRETENT\nL'autorisation visant \u00e0 modifier l'arr\u00eat\u00e9 n\u00b02024-240 portant autorisation d'extension decapacit\u00e9 de 42 \u00e0 48 places de l'Etablissement d'Accueil M\u00e9dicalis\u00e9 (EAM) la For\u00eat, sis5 avenue Henri Dals\u00e8me 92360 Meudon-la-For\u00eat, est accord\u00e9e \u00e0 l'APEI de Meudon.\nLa capacit\u00e9 totale de l'EAM la For\u00eat passe dor\u00e9navant de 42 \u00e0 48 places destin\u00e9es\u00e0 des personnes pr\u00e9sentant des troubles du spectre de l'autisme (TSA) r\u00e9partiescomme suit :6 places d'accueil de jour situ\u00e9es 5 square Marcel Dupr\u00e9 92210 Meudon12 places d'accueil de jour situ\u00e9es 5 Avenue Henri Dals\u00e8me 92360 Meudon-la-For\u00eat30 places d'h\u00e9bergement complet situ\u00e9es 5 Avenue Henri Dals\u00e8me 92360 Meudon-la-For\u00eatConform\u00e9ment aux termes du dernier alin\u00e9a du | de l'article D. 312-0-3 du code del'action sociale et des familles, aucune sp\u00e9cialisation n'exclut la prise en charge depersonnes pr\u00e9sentant des troubles associ\u00e9s \u00e0 ceux qui font l'objet de la pr\u00e9senteautorisation.\nCette structure est r\u00e9pertori\u00e9e dans le Fichier National des EtablissementsSanitaires et Sociaux (FINESS) de la fa\u00e7on suivante :N\u00b0 FINESS principal de l'\u00e9tablissement EAM LA FORET : 92 004 100 1N\u00b0 FINESS secondaire de l'\u00e9tablissement annexe de l'EAM la For\u00eat - CAJ MARCELDUPRE : 92 004 2199Code [448] \u2014 Etablissement d'accueil M\u00e9dicalis\u00e9 en tout oucat\u00e9gorie : partie personnes handicap\u00e9es (EAM)Code [966] \u2014 Accueil et accompagnementdiscipline : m\u00e9dicalis\u00e9 personnes handicap\u00e9esCode [21] \u2014 Accueil de jour 18 placesfonctionnement [11] - H\u00e9bergement Complet Internat 30 places(mode d'accueil etd'accompagnement) :Code [437] \u2014 Troubles du spectre declient\u00e8le : l'autismeCode mode de fixation des tarifs: [09] - ARS PCD mixte (2 arr\u00eat\u00e9s), habilit\u00e9 aidesocialeN\u00b0 FINESS du gestionnaire : 92 080 101 6Code statut : [61] - Association Loi 1901 Reconnue d'Utilit\u00e9 Publique\n\nARTICLE 5\u00b0:\nARTICLE 6\u00b0:\nARTICLE 7\u00b0:\nARTICLE $\u00b0:\nPour le Directeur g\u00e9n\u00e9ral\nConform\u00e9ment aux dispositions de l'article D. 313-12-1 du code de l'action sociale etdes familles, la pr\u00e9sente autorisation est valable sous r\u00e9serve de la transmission,aux autorit\u00e9s comp\u00e9tentes, avant la date d'entr\u00e9e en service de la nouvelle capacit\u00e9autoris\u00e9e, d'une d\u00e9claration sur l'honneur attestant de la conformit\u00e9 del'\u00e9tablissement ou du service aux conditions techniques minimales d'organisation etde fonctionnement mentionn\u00e9es au II de l'article L. 312-1 du m\u00eame code.\nTout changement important dans l'activit\u00e9, l'installation, l'organisation, la direction oule fonctionnement de l'\u00e9tablissement ou du service doit \u00eatre port\u00e9 \u00e0 la connaissancedes autorit\u00e9s comp\u00e9tentes.\nUn recours contre le pr\u00e9sent arr\u00eat\u00e9 peut \u00eatre form\u00e9 devant le tribunal administratifcomp\u00e9tent dans un d\u00e9lai de deux mois \u00e0 compter de sa notification ou, pour lestiers, \u00e0 compter de sa publication.\nLe Directeur de la d\u00e9l\u00e9gation d\u00e9partementale des Hauts-de-Seine de l'Agencer\u00e9gionale de sant\u00e9 Ile-de-France et le Pr\u00e9sident du Conseil. d\u00e9partemental desHauts-de-Seine sont charg\u00e9s, chacun en ce qui le concerne, de l'ex\u00e9cution dupr\u00e9sent arr\u00eat\u00e9 qui sera publi\u00e9 aux recueils des actes administratifs de la R\u00e9gion lle-de-France et au bulletin officiel du D\u00e9partement des Hauts-de-Seine.\nFait \u00e0 Nanterre, le | 7/nags COC \u00c7\nPour le Pr\u00e9sident du Conseil d\u00e9partemental dede l'Agence r\u00e9gionale de sant\u00e9 Hauts-de-Seine, et par d\u00e9l\u00e9gation\u00cele-de-France, Le Directeur g\u00e9n\u00e9ral adjointResponsable du P\u00e9le Solidarit\u00e9sLe Directeur de la d\u00e9l\u00e9gation D\u00e9partementaledes Hauts-de-Seine eey\naRenaud PELLE ~~ Jean-Michel RAPINAT\ni\u00c0\n\nExREPUBLIQUEFRAN\u00c7AISELibert\u00e9Egalit\u00e9Fraternit\u00e9\n\u00a9 D Agence R\u00e9gionale de Sant\u00e9Ile-de-France\n \n \n                                                                          \n \n \n \n \n \n \n \n \nAGENCE R\u00c9GIONALE DE SANT\u00c9 \u00ceLE-DE-FRANCE \n \nARRETE N\u00b0 2025 \u2013 084       \n \nportant autorisation de changement de d\u00e9nomination de l'Institut Edouard Clapar\u00e8de, sis \n5 rue du G\u00e9n\u00e9ral Cordonnier \u00e0 Neuilly-sur-Seine (92200) \n \n \n \nLE DIRECTEUR G\u00c9N\u00c9RAL DE L'AGENCE R\u00c9GIONALE DE SANT\u00c9 \u00ceLE-DE-FRANCE \n \n \n \n \n \n \n \n \nVU le code de l'action sociale et des familles et notamment les articles L . 312-1, L. 313-1, \nL.  314-3 et suivants ; \n \nVU        le d\u00e9cret du 10 avril 2024 portant nomination de Monsieur Denis ROBIN, Directeur \ng\u00e9n\u00e9ral de l'Agence r\u00e9gionale de sant\u00e9 \u00cele-de-France \u00e0 compter du 29 avril 2024 ; \n \nVU l'arr\u00eat\u00e9 n\u00b0 119-2024 portant d\u00e9l\u00e9gation de signature du Directeur G\u00e9n\u00e9ral de l'Agence \nr\u00e9gionale de sant\u00e9 \u00cele-de-France au Directeur de la d\u00e9l\u00e9gation d\u00e9partementale des Hauts-\nde-Seine en date du 4 novembre 2024 ; \n \nVU l'arr\u00eat\u00e9 n\u00b0 DIRNOV-2023/08 de la Directrice g\u00e9n\u00e9rale de l'Agence r\u00e9gionale de sant\u00e9 \u00cele-\nde-France en date du 26 octobre 2023 portant adoption du cadre d'orientation strat\u00e9gique \n2018-2028 du projet r\u00e9gional de sant\u00e9 d' \u00cele-de-France, modifi\u00e9 par l'arr\u00eat\u00e9 n\u00b0DIRNOV -\n2023/09 en date du 12 janvier 2024 ; \n \nVU l'arr\u00eat\u00e9 n\u00b0 DIRNOV-2023/09 de la Directrice g\u00e9n\u00e9rale de l'Agence r\u00e9gionale de sant\u00e9 \u00cele-\nde-France en date du 26  octobre 2023 portant adoption du sch\u00e9ma r\u00e9gional de sant\u00e9 \n2023-2028 du projet r\u00e9gional de sant\u00e9 d'\u00cele-de-France ; \n \nVU l'arr\u00eat\u00e9 n\u00b0 2023-346 de la Directrice g\u00e9n\u00e9rale de l'Agence r\u00e9gionale de sant\u00e9 \u00cele-de-\nFrance en date du  4 d\u00e9cembre 2023  \u00e9tablissant le programme interd\u00e9partemental \nd'accompagnement des handicaps et de l a perte d'autonomie (PRIAC) 2023 -2027 pour \nla r\u00e9gion \u00cele-de-France ;  \n \nVU la convention en date du 20 juin 1969, sign\u00e9e entre Monsieur le Pr\u00e9fet des Hauts -de-\nSeine et Monsieur le Pr\u00e9sident de l'association du Centre R\u00e9gional de Paris pour \nl'enfance et l'adolescence inadapt\u00e9e dont le si\u00e8ge social est \u00e0 Paris 20, rue Euler ; fixant \nles conditions de fonctionnement et d'organisation de l'Institut Edouard Clapar\u00e8de, sis 5 \nrue du G\u00e9n\u00e9ral Cordonnier \u00e0 Neuilly sur Seine ;  \n \n \n       2/4 \n \n  \nVU  l'arr\u00eat\u00e9 n\u00b0 2011-12 du 1er f\u00e9vrier 2011 du Directeur g\u00e9n\u00e9ral de l'Agence r\u00e9gionale de sant\u00e9 \nIle-de-France portant autorisation de l'extension de la capacit\u00e9 d'accueil du CMPP \nEdouard Clapar\u00e8de \u00e0 Neuilly Sur Seine par le transfert de l'activit\u00e9 du Centre M\u00e9dico \nPsychologique de l'Association Institut Edouard Clapar\u00e8de ; \n \nVU  l'agr\u00e9ment n\u00b0 29.I.1948 du 3 f\u00e9vrier 1948 du Minist\u00e8re de la Production Industrielle et du \nTravail et des Assurances Sociales service r\u00e9gionale de Paris portant autorisation de \ncr\u00e9ation du Centre-Psycho-P\u00e9dagogique au Lyc\u00e9e Claude-Bernard, sis 1 avenue du Parc \ndes Princes \u00e0 Paris (75016) ;  \nVU  l'agr\u00e9ment n\u00b0 22365 du 24 mars 1965 du Minist\u00e8re du Travail et de la Direction R\u00e9gionale \nde la S\u00e9curit\u00e9 sociale de Paris portant autorisation d'extension de la limite d'\u00e2ge des \nconsultants re\u00e7us dans les Centres M\u00e9dico -Psycho-P\u00e9dagogiques de Cure Ambulatoire \n\u00ab Claude Bernard \u00bb sis 4, rue Danton \u2013 Paris (6\u00e8me) ;  \n \nVU  le courrier du 5 d\u00e9cembre 2016 de la D\u00e9l\u00e9gu\u00e9e d\u00e9partementale des Hauts -de-Seine de \nl'Agence r\u00e9gionale de sant\u00e9 renouvelant l'autorisation du CMPP de l'Institut Edouard \nClapar\u00e8de \u00e0 compter du 3 janvier 2017 ;  \n \nVU  le courrier du 16 d\u00e9cembre 2016 du D\u00e9l\u00e9gu\u00e9 d\u00e9partemental de Paris de l'Agence \nr\u00e9gionale de sant\u00e9 renouvelant l'autorisation du CMPP/BAPU de l'association du Centre \nClaude Bernard \u00e0 compter du 3 janvier 2017 ;  \n \nVU   l'arr\u00eat\u00e9 n\u00b0  2023-248 du 18 septembre 2023 de la Directrice g\u00e9n\u00e9rale de l'Agence \nr\u00e9gionale de sant\u00e9 Ile-de-France portant autorisation d'extension pour la prise en charge \ndes enfants en difficult\u00e9 scolaire sans notification de la Maison D\u00e9partementale des \nPersonnes Handicap\u00e9es (MDPH) de l'ESMS CMPP Claude Bernard, sis 20 rue Larrey \u2013 \n75005 Paris ;  \n \nVU  l'arr\u00eat\u00e9 n\u00b0 347-2023 du 19 d\u00e9cembre 2023 de la Directrice g\u00e9n\u00e9rale de l'Agence r\u00e9gionale \nde sant\u00e9 Ile-de-France portant approbation de cession d'autorisation du Centre M\u00e9dico -\nPsycho-P\u00e9dagogique (CMPP) et du Bureau d'Aide Psychologique Universitaire (BAPU ) \nde l'association du Centre Claude Bernard, sise 20 rue Larrey \u00e0 Paris (75005) au profit \nde l'Institut Edouard Clapar\u00e8de, sis 5 rue du G\u00e9n\u00e9ral Cordonnier \u00e0 Neuilly-sur-Seine ; \n \nVU  le trait\u00e9 de fusion  emportant d\u00e9volution de patrimoine de l'association Centre Claude \nBernard de Paris \u00e0 l'association Institut Edouard Clapar\u00e8de du 19 d\u00e9cembre 2023 ;  \n \nVU les statuts de l'association PAIDEIA, constitu\u00e9e par suite de la fusion entre les  \nassociations Centre Claude Bernard et Institut Edouard Clapar\u00e8de, approuv\u00e9s  lors de \nl'assembl\u00e9e g\u00e9n\u00e9rale extraordinaire du 19 d\u00e9cembre 2023 ; \n \nVU  le Journal officiel de la R\u00e9publique fran\u00e7aise des associations et fondations d'entreprise, \ndu 26 septembre  2024, annonce n\u00b0 1689 75 -Paris, concernant la d\u00e9claration \u00e0 la \npr\u00e9fecture de police de la modification de la d\u00e9nomination de l'Institut \u00c9douard Clapar\u00e8de, \nancien titre, en PAIDEIA, nouveau titre ;  \n \nVU la demande de l'association Institut Edouard Clapar\u00e8de visant \u00e0 modifier la d\u00e9nomination \nde la fusion des associations Centre Claude Bernard et Institut Edouard Clapar\u00e8de, sous \nle nom de PAIDEIA ;  \n \n \n \n \n \n       3/4 \n \nCONSID\u00c9RANT         que la demande de changement de d\u00e9nomination est port\u00e9e par la \ndirection de l'association PAIDEIA ;   \n \n \n \n \nARR\u00caTE \n \n \n  ARTICLE 1er : \n \n \n \nL'autorisation visant \u00e0 modifier la d\u00e9nomination de l'Institut Edouard Clapar\u00e8de \nen PAIDEIA est accord\u00e9e. \n \nARTICLE 2e : \n \nL'association PAIDEIA accompagne, via les CMPP, des enfants et adolescents \n\u00e2g\u00e9s de 0 \u00e0 20 ans, pr\u00e9sentant tous types de d\u00e9ficiences sans aucune limite de \ncapacit\u00e9 et, via les BAPU, des \u00e9tudiants pr\u00e9sentant tous types de d\u00e9ficiences \nsans aucune limite d'\u00e2ge ni de capacit\u00e9. \n \n  ARTICLE 3e : \n \nConform\u00e9ment aux termes du dernier alin\u00e9a du I de l'article D. 312 -0-3 du code \nde l'action sociale et des familles, aucune sp\u00e9cialisation n'exclut la prise en charge \nde personnes pr\u00e9sentant des troubles associ\u00e9s \u00e0 ceux qui font l'objet de la \npr\u00e9sente autorisation.  \n \n \nARTICLE 4e : \n \nElle est r\u00e9pertori\u00e9e dans le Fichier National des Etablissements Sanitaires et \nSociaux (FINESS) de la fa\u00e7on suivante : \n \nRaison sociale : ASSOCIATION PAIDEIA \n \nN\u00b0 FINESS : 92 017 005 7 \n \nCode statut : [61] \u2013 Association Loi 1901 non Reconnue d'Utilit\u00e9 Publique \n \n \nSes \u00e9tablissements sont r\u00e9pertori\u00e9s dans le Fichier National des Etablissements \nSanitaires et Sociaux (FINESS) de la fa\u00e7on suivante : \n \nCMPP et BAPU Centre Claude Bernard : \n \nN\u00b0 FINESS de l'\u00e9tablissement : 75 068 007 6 \n \nCode cat\u00e9gorie :    [189] \u2013 Centre M\u00e9dico-Psycho-P\u00e9dagogique (C.M.P.P.) \n                              [221] \u2013 Bureau d'Aide Psychologique Universitaire (BAPU) \n \nCode discipline :     [320] \u2013 Activit\u00e9 CMPP \n                               [278] - Aide Psychologique Universitaire \nCode  \nfonctionnement :      [47] \u2013 Accueil de jour et accompagnement en milieu ordinaire \n \nCode client\u00e8le :       [010] \u2013 Tous types de d\u00e9ficiences  \n                                            Pers.Handicap  (sans autre indic.) \n \nCode mode de fixation des tarifs : [57] \u2013 ARS Dotation globalis\u00e9e   \n \n \n \n       4/4 \n \n \n \nCMPP et BAPU Institut Edouard Clapar\u00e8de : \n \nN\u00b0 FINESS de l'\u00e9tablissement : 92 068 005 5 \n \nCode cat\u00e9gorie :     [189] \u2013 Centre M\u00e9dico-Psycho-P\u00e9dagogique (C.M.P.P.) \n                               [221] \u2013 Bureau d'Aide Psychologique Universitaire (BAPU) \n \nCode discipline :     [320] \u2013 Activit\u00e9 CMPP \n                               [278] - Aide Psychologique Universitaire \nCode  \nFonctionnement :      [47] \u2013 Accueil de jour et accompagnement en milieu ordinaire  \n \nCode client\u00e8le :      [010] \u2013 Tous types de d\u00e9ficiences  \n                                            Pers.Handicap  (sans autre indic.) \n \nCode mode de fixation des tarifs :  [57] \u2013 ARS Dotation globalis\u00e9e   \n \n \n \n  \n  ARTICLE 5e : \n \nTout changement important dans l'activit\u00e9, l'installation, l'organisation, la \ndirection ou le fonctionnement de l'\u00e9tablissement ou du service doit \u00eatre port\u00e9 \u00e0 \nla connaissance des autorit\u00e9s comp\u00e9tentes. \n \n  ARTICLE 6e : \n \nUn recours contre le pr\u00e9sent arr\u00eat\u00e9 peut \u00eatre form\u00e9 devant le tribunal administratif \ncomp\u00e9tent dans un d\u00e9lai de deux mois \u00e0 compter de sa notification ou, pour les \ntiers, \u00e0 compter de sa publication. \n \nARTICLE 7e : \n \n \n \nLe Directeur de la D\u00e9l\u00e9gation d\u00e9partementale des Hauts -de-Seine de l'Agence \nr\u00e9gionale de sant\u00e9 Ile-de-France est charg\u00e9 de l'ex\u00e9cution du pr\u00e9sent arr\u00eat\u00e9 qui \nsera publi\u00e9 au recueil des actes administratifs de la R\u00e9gion Ile-de-France. \n \n \n                                   \n                                                                               Fait \u00e0 Saint-Denis, le 11 mars 2025  \n \nPour le Directeur g\u00e9n\u00e9ral  \nde l'Agence r\u00e9gionale de sant\u00e9  \n\u00cele-de-France et par d\u00e9l\u00e9gation \n \n \n \n  \n \n \nV\u00e9ronique DUGAY \nDirectrice adjointe de la  \nD\u00e9l\u00e9gation d\u00e9partementale des Hauts-de-Seine \n\nain Arhauts-de-seine REPUBLIQUELE D\u00c9PARTEMENT @ D Agence R\u00e9gionalede Sant\u00e9FRAN \u00c7AI SE \u00cele-de-FranceLibert\u00e9\u00c9galit\u00e9Fraternit\u00e9\n \n \n \n \n \nARR\u00caT\u00c9 N\u00b0 2025 \u2013 101  \nRelatif \u00e0 la programmation 2025, pour le d\u00e9partement des Hauts-de-Seine, des \ncontrats pluriannuels d'objectifs et de moyens, pr\u00e9vue par la loi n\u00b02015-1702 du 21 \nd\u00e9cembre 2015 de financement de la s\u00e9curit\u00e9 sociale pour 2016 \n \nLE DIRECTEUR G\u00c9N\u00c9RAL DE L'AGENCE R\u00c9GIONALE DE SANT\u00c9 \u00ceLE-DE-FRANCE \nLE PR\u00c9SIDENT DU CONSEIL D\u00c9PARTEMENTAL DES HAUTS-DE-SEINE \n \n \nVU \n \nVU \nLa loi n\u00b02015-1776 du 28 d\u00e9cembre 2015 relative \u00e0 l'adaptation de la soci\u00e9t\u00e9 au vieillissement ; \n \nLe code de l'action sociale et des familles et notamment les articles L. 313 -11, L. 313-12-2 et \nL. 314-2 ; \n \nVU \n \nVU \nLa loi n\u00b02015-1702 du 21 d\u00e9cembre 2015 de financement de la s\u00e9curit\u00e9 sociale pour 2016  ; \nLe d\u00e9cret du 10 avril 2024 portant nomination de Monsieur Denis Robin, Directeur g\u00e9n\u00e9ral de \nl'Agence r\u00e9gionale de sant\u00e9 \u00cele-de-France, \u00e0 compter du 29 avril 2024 ; \n \nVU \n \nL'arr\u00eat\u00e9 n\u00b0 N\u00b0070/2024 portant d\u00e9l\u00e9gation de signature du Directeur g\u00e9n\u00e9ral de l'Agence \nr\u00e9gionale de sant\u00e9 Ile-de-France vers la Directrice de l'Autonomie, Madame St\u00e9phanie \nTALBOT, en date du 29 avril 2024 ; \nVU L'article 75 III de la loi n\u00b0 2015 -1702 du 21 d\u00e9cembre 20 15, pour l'application duquel l e \nDirecteur g\u00e9n\u00e9ral de l'Agence r\u00e9gionale de sant\u00e9 \u00e9tablit par arr\u00eat\u00e9, le cas \u00e9ch\u00e9ant conjoint \navec le Pr\u00e9sident du conseil d\u00e9partemental concern\u00e9, la liste des \u00e9tablissements et services \ndevant signer un contrat pluriannuel d'objectifs et de moyens et fixe la date p r\u00e9visionnelle de \ncette signature. Cette programmation d'une dur\u00e9e de cinq ans est mise \u00e0 jour chaque ann\u00e9e. \n \n \n \nCONSID\u00c9RANT L'instruction DGCS/SD5B/DSS/SD1A/CNSA/2024/62 du 22 mai 2024 relative aux \norientations de la campagne budg\u00e9taire des \u00e9tablissements et services m\u00e9dico -\nsociaux accueillant des personnes en situation de handicap et des personnes \u00e2g\u00e9es \npour l'exercice 2024 des \u00e9tablissements et services m\u00e9dico -sociaux accueillant des \npersonnes en situation de handicap et des personnes \u00e2g\u00e9es desserrant de deux ans \nsuppl\u00e9mentaires le calendrier de signature des CPOM jusqu'au 31 d\u00e9cembre 2026. \n  \nCONSID\u00c9RANT L'arr\u00eat\u00e9 n\u00b02016-498 relatif \u00e0 la programmation 2017-2021 sign\u00e9 le 22 d\u00e9cembre 2016 \nfixant la programmation 2017-2021 des CPOM secteur personnes handicap\u00e9es. \n  \nCONSID\u00c9RANT L'arr\u00eat\u00e9 n\u00b0 2017 -436 relatif \u00e0 la r\u00e9vision de la programmation CPOM secteur  \npersonnes handicap\u00e9es 2017-2021 sign\u00e9 le 21 d\u00e9cembre 2017. \n  \nCONSID\u00c9RANT L'arr\u00eat\u00e9 n\u00b0 092-22900506-20180108-PH-08-01-2018A-AR relatif \u00e0 la programmation \n2018-2022, pour le d\u00e9partement des Hauts -de-Seine, des contrats pluriannuels \nd'objectifs et de moyens, secteur des personnes en situation de handicap sign\u00e9 le 8 \njanvier 2018. \n  \nCONSID\u00c9RANT L'arr\u00eat\u00e9 n\u00b0 201 8-283 relatif \u00e0 la r\u00e9vision de la programmation CPOM secteur \npersonnes handicap\u00e9es 2017-2021 sign\u00e9 le 27 d\u00e9cembre 2018. \n  \n2 \n \nCONSID\u00c9RANT L'arr\u00eat\u00e9 n\u00b0 20 20-08 relatif \u00e0 la r\u00e9vision de la programmation CPOM secteur \npersonnes handicap\u00e9es 2017-2021 sign\u00e9 le 09 janvier 2020. \nCONSID\u00c9RANT L'arr\u00eat\u00e9 n\u00b0 46/ 2021  relatif \u00e0 la r\u00e9vision de la programmation CPOM secteur \npersonnes handicap\u00e9es 2021 sign\u00e9 le 23 f\u00e9vrier 2021. \nCONSID\u00c9RANT L'arr\u00eat\u00e9 n\u00b0 33/ 202 2 relatif \u00e0 la r\u00e9vision de la programmation CPOM secteur \npersonnes handicap\u00e9es 2022 sign\u00e9 le 03 mars 2022. \n  \nCONSID\u00c9RANT L'arr\u00eat\u00e9 n\u00b0 93/2024 du 13 juin 2024  relatif \u00e0 la programmation 202 4, pour le \nd\u00e9partement des Hauts-de-Seine, des contrats pluriannuels d'objectifs et de moyens, \npr\u00e9vue par la loi n\u00b02015 -1702 du 21 d\u00e9cembre 2015 de financement de la s\u00e9curit\u00e9 \nsociale pour 2016.  \n  \n \nARR\u00caTENT : \n \nARTICLE 1er : La conclusion des contrats pluriannuels d'objectifs et de moyens entre d'une part les \norganismes gestionnaires des \u00e9tablissements et services mentionn\u00e9s aux 2\u00b0, 3\u00b0, 5\u00b0, \n7\u00b0 et 11\u00b0 du I de l'article L. 312-1 du code de l'action sociale et des familles et, d'autre \npart, l'Agence r\u00e9gionale de sant\u00e9 \u00cele-de-France, fait l 'objet d'une programmation \nannuelle mentionn\u00e9e en annexe du pr\u00e9sent arr\u00eat\u00e9.  \nCette programmation, \u00e9tablie pour une dur\u00e9e de 5 ans, est r\u00e9visable annuellement. \n \nARTICLE 2 : \n \n \n \n \nARTICLE 3 : \nSous r\u00e9serve de l'accord de chaque Pr\u00e9sident des Conseils d\u00e9partementaux, l e \nDirecteur g\u00e9n\u00e9ral de l'Agence r\u00e9gionale de sant\u00e9 \u00cele-de-France peut pr\u00e9voir pour les \n\u00e9tablissements et services relevant d'un m\u00eame organisme gestionnaire, la conclusion \nd'un seul contrat pluriannuel d'objectifs et de moyens sur l'ensemble de la r\u00e9gion \u00cele-\nde-France. \n \nLa programmation peut \u00eatre r\u00e9vis\u00e9e chaque ann\u00e9e par les autorit\u00e9s de tarification et \nde contr\u00f4le. \n \nARTICLE 4 : Les contrats conclus dans le cadre de la pr\u00e9sente programmation prennent effet au \n1er janvier de l'ann\u00e9e qui suit l'ann\u00e9e de la signature. \n \nARTICLE 5 : Un recours contre le pr\u00e9sent arr\u00eat\u00e9 peut \u00eatre form\u00e9 devant le tribunal administratif \ncomp\u00e9tent dans un d\u00e9lai de deux mois \u00e0 compter de sa publication. \n  \nARTICLE 6 : La Directrice de l'autonomie de l'Agence r\u00e9gionale de sant\u00e9 \u00cele-de-France ainsi que le \ndirecteur de la d\u00e9l\u00e9gation d\u00e9partemental e des Hauts -de-Seine, et le Pr\u00e9sident du \nConseil d \u00e9partemental des Hauts -de-Seine sont charg\u00e9s de l'ex\u00e9cution du pr\u00e9sent \narr\u00eat\u00e9 qui sera publi\u00e9 au recueil des actes administratifs d e la pr\u00e9fecture d' \u00cele-de-\nFrance et de la pr\u00e9fecture des Hauts-de-Seine et au Bulletin officiel du D\u00e9partement \ndes Hauts-de-Seine. \n \nFait \u00e0 Saint-Denis, le 18 juil. 2025 \n \n \n Fait \u00e0 Nanterre, le 12 sept 2025  \nLe Directeur G\u00e9n\u00e9ral \nde l'Agence r\u00e9gionale de sant\u00e9  \n\u00cele-de-France, et par d\u00e9l\u00e9gation, \nLa Directrice de l'Autonomie \n \n \nSt\u00e9phanie TALBOT \n Le Pr\u00e9sident du Conseil d\u00e9partemental  \ndes Hauts-de-Seine  \n \n \n \n \nGeorges SIFFREDI \nSign\u00e9 Sign\u00e9 \n3 \n \n \nANNEXE 1 \nOrganisme gestionnaire ESMS concern\u00e9s  \nAnn\u00e9e de n\u00e9gociation CPOM \nRaison sociale Finess \njuridique Raison sociale Finess \nG\u00e9ographique \nAIDES AUX \nENFANTS \nDIFFICULTE AEDI \n920 001 179 \nIMP 920 690 203 \n \n2025 \nSESSAD SUD 920 007 739 \n FONDATION ANAIS  750 065 591 ESAT ANAIS DE \nGENNEVILLIERS 920 024 122 \nASSOCIATION \nHOPITAL NORD 92 920 810 330 MAS HOPITAL NORD 92 920 017 258 \nAPEI DE MEUDON 920 801 016 \nEAM LA FORET 920 041 001 \nEANM FOYER DE VIE \nLES BORDS DE SEINE 920 806 452 \nFOYER HEBERGEMENT \nLAMPES FLEURY \nHOURDIN  \n920 024 122 \nASSOCIATION \nSIMON DE CYRENE \nVANVES \n750 050 114 EAM SIMON DE CYRENE 920 027 539 \nAURORE 750 719 361 ESAT LES ATELIERS DE \nLA GARENNE 920 814 738 \nCASH DE \nNANTERRE 920 110 020 SAVS CASH DE \nNANTERRE 920 004 819 \nCENTRE ETIENNE \nMARCEL 920 690 021 CENTRE ETIENNE \nMARCEL 920 690 021 \nCENTRE \nHOSPITALIER DES \nRIVES DE SEINE \n920 026 374 \nCAMSP DE COURBEVOIE \nANTENNE DE \nCOLOMBES \n920 813 730 \nCESAP 750 815 821 \nINSTITUT MEDICO \nEDUCATIF CESAP 920 000 064 \nSESSAD LES CERISIERS 920 812 302 \nCAMSP CHATILLON-\nMONTROUGE 920 022 647 \nEAM LA MAISON EN \nPLUS 920 030 194 \nCROIX ROUGE \nFRAN\u00c7AISE 750 721 334 \nCMPP ALFRED BINET 920 680 147 \nIME EMP GEORGES \nSOREL 920 690 047 \nSESSAD LA BOUSSOLE 920 020 039 \nCHERIOUX-\nDUMONTEIL \nHANDICAP \n750 072 605  \nFOYER \nD'HEBERGEMENT \nDARTY MALAKOFF \n920 014 339 \nFOYER DE VIE DARTY \nMALAKOFF 920 026 044 \nCAJ DARTY MALAKOFF 920 033 529 \nFOYER DE VIE DARTY 920 022 762 \nCAJ DARTY   920 031 473 \nF\u00c9D\u00c9RATION DES \nAPAJH 750 050 916 SAVS 92 DE VANVES ET \nLEVALLOIS-PERRET  920 812 419 \n4 \n \nOrganisme gestionnaire ESMS concern\u00e9s  \nAnn\u00e9e de n\u00e9gociation CPOM \nRaison sociale Finess \njuridique Raison sociale Finess \nG\u00e9ographique \nFH ANTONY 920 804 986 \nSAAAS SESSAD PRO-DV \nAPAJH \n920 023 041 \nESAT APAJH 920 800 174 \nESAT JACQUES MONOD 920 712 155 \nFONDATION ELLEN \nPOIDATZ 770 700 029 \nIME - CPPS PARC \nHELLER 920 690 013 \nDAM EEAP 92 920 043 338 \nGROUPE SOS 750 015 968 CENTRE TEDYBEAR 920 029 022 \nLADAPT 930 019 484 ESAT HORS LES MURS 920 026 242 \nOMEG'AGE \nGESTION 920 039 914 EAM LA CHARTRAINE 920 028 974 \nAFG AUTISME 750 022 238 \nSESSAD LES \nPREMIERES CLASSES 920 025 731  \n2026 \nEAM PIERRE DUPONT 920 039 757 \nSAMSAH 920 039 765 \nAGIR ET VIVRE \nL'AUTISME 750 062 234 IME AGIR ET VIVRE \nL'AUTISME SURESNES 920 026 168 \nAMPP VIALA 750 830 275 CMPP LES PYRENEES 920 680 014 \nCMPP GASTON BERGER 920 680 196 \nASSOCIATION JEU-\nDI 920 718 244 CMPP GALLIENI 920 680 063 \nCAP DEVANT 750 831 901 \nESAT LES ATELIERS DE \nLA GENTILLOMIERE 920 711 587 \nEEAP CLAIRE GIRARD 920 025 095 \nEAM FOYER DE VIE ET \nFOYER \nD'HEBERGEMENT LA \nGENTILHOMMIERE \n920 032 596 \nCENTRE \nHOSPITALIER \nTHEOPHILE \nROUSSEL \n \n780 140 059 \nCMPP JANINE SIMON 920 028 388 \nCMPP COLOMBES \nYOURI GAGARINE 920 680 188 \nCIDE CENTRE \nD'INTERVENTION \nDYNAMIQUE \nEDUCATIVE \n920 718 053 CMPP PRADIER VILLE \nD'AVRAY 920 680 121 \nCITES CARITAS 750 720 591 \nESAT FOURNEAUX DE \nMARTHE ET MATTHIEU 920 814 472 \nEAM CITE JACQUES \nDESCAMPS 920 009 289 \nSAMSAH CITE CARITAS \nRUEIL-MALMAISON 920 039 039 \nSAMSAH CITES CARITAS \nGENNEVILLIERS 920 043 544 \nENTRAIDE VIVRE 940 809 452 \nESAT VIVRE 920 710 787 \nCENTRE DE \nRESSOURCES DELTA \nINSERTION \n920 026 192 \nFONDATION DES \nAMIS DE L'ATELIER 920 001 419 SESSAD JACQUES \nPREVERT   920 030 236 \n5 \n \nOrganisme gestionnaire ESMS concern\u00e9s  \nAnn\u00e9e de n\u00e9gociation CPOM \nRaison sociale Finess \njuridique Raison sociale Finess \nG\u00e9ographique \nITEP CENTRE EDUCATIF \nJACQUES PREVERT 920 690 070 \nESAT L'ATELIER 920 710 795 \nCAJ EGALITE 920 804 622 \nCAJ LES ROBINSONS 920 814 324 \nESAT LES AMIS DE \nL'ATELIER 920 025 384 \nESAT LES ROBINSONS 920 022 563 \nFOYER DE VIE LE TEMPS \nDES AMIS 920 026 259 \nFOYER DE VIE LES \nLIERRES 920 690 161 \nFOYER HEBERGEMENT \nLA MAISON HEUREUSE 920 806 494 \nFOYER LA RESIDENCE \nDES AMIS 920 811 833 \nFAM LE TEMPS DES \nAMIS 920 026 259 \nFOYER HEBERGEMENT \nLES ROBINSONS 920 025 491 \nMAS LA FONTAINE 920 024 569 \nMAS LA SOURCE 920 011 418 \nSAVS SUD HAUTS-DE-\nSEINE 920 016 748 \nFONDATION PERCE-\nNEIGE 920 809 829 \nFAM MAISON PERCE \nNEIGE 920 813 946 \nFAM PERCE NEIGE 920 003 167 \nMAS DE L'ASSOCIATION \nPERCE NEIGE 920 022 712 \nMAS PERCE NEIGE \nBOULOGNE 920 028 883 \nEANM FOYER DE VIE DE \nSEVRES 920 804 473 \nCAJ DE SEVRES 920 813 649 \nEAM MAISON PERCE-\nNEIGE \nALTERNANCE/ALTERNAT \nANTONY \n920 000 304 \nIME L'ALTERNANCE  920 814 795 \nLES JOURS \nHEUREUX 750 721 466 \nFOYER DE VIE \nELISABETH ET \nPAULETTE FAVERIS  \n920 712 247 \nCAJ PABLO PICASSO  920 811 841 \nMUTUELLE LA \nMAYOTTE 950 003 319 SESSAD FRIDA KAHLO 920 029 949 \nENTRAIDE UNION 940 031 339 \nCMPP DE SURESNES 920 680 295  \n2027 SIPFP DE SURESNES 920 690 302 \nESAT CAMILLE \nHERMANGE 920 814 456 \nESAT LES ATELIERS \nEVELYNE CONTE 920 800 224 \nEMPRO LES \nRESONANCES 920 800 141 \nEMP PIERRE HUET 920 690 138 \nIME AU FIL DE L AUTRE 920 025 541 \nEMP LES AVELINES 920 800 133 \nSESSAD PIERRE HUET 920 026 267 \nSESSAD LES AVELINES 920 025 442 \nCAJ EVELYNE CONTE 920 031 382 \nEANM EVELYNE CONTE 920 804 655 \n6 \n \nOrganisme gestionnaire ESMS concern\u00e9s  \nAnn\u00e9e de n\u00e9gociation CPOM \nRaison sociale Finess \njuridique Raison sociale Finess \nG\u00e9ographique \nSAVS EVELYNE CONTE 920 031 390 \nFONDATION L'\u00c9LAN \nRETROUV\u00c9 750 721 391 \nCMPP LANDRIN 920 718 046 \nIME HORS LES MURS \nLES ALIZES 920 033 594 \nHOVIA 750 721 029 \nEMPRO HOVIA \nCOLOMBES 920690146 \nESAT HOVIA \nGENNEVILLIERS 920710449 \nSAMSAH HOVIA \nCOLOMBES 920043478 \nFOYER \nD'HEBERGEMENT 920034329 \nLES PAPILLONS \nBLANCS DE LA \nCOLLINE \n920 718 186 \nEAM LE CEDRE BLEU 920 003 597 \nESAT D'ALEMBERT 920 800 216 \nESAT COPERNIC 920 814 183 \nIME JEUNE APPEDIA 920 003 910 \nIME LA VILLA D'AVRAY 920 012 358 \nIME LEONCE MALECOT \nANNEXE DU PARC 920 023 439 \nIME LEONCE MALECOT \nINTERNAT 920 690 245 \nIME LEONCE MALECOT \nEXTERNAT 920 812 351 \nIME EXTERNALISE SISS \nAPPEDIA 920 812 559 \nEEAP SECTION \nQUELQUE CHOSE EN \nPLUS \n920 816 055 \nSESSAD DU VAL D'OR \nNORD 920 004 389 \nSESSAD DU VAL D'OR \nSITE GENNEVILLIERS 920 030 384 \nSESSAD DU VAL D'OR \nANNEXE SESSAD SUD 920 043 098 \nFOYER DE VIE ET \nACCUEIL DE JOUR LA \nVILLA DU PARC \n920 000 296 \nFOYER DE VIE ET \nACCUEIL DE JOUR PAUL \nVERNON \n920 814 191 \nCENTRE D'ACCUEIL DE \nJOUR (CAJ) PUITS SANS \nVIN \n920 027 836 \nFOYER \nD'HEBERGEMENT PUITS \nSANS VIN \n920 809 969 \nSAVS LA MAISON AUX \nLIERRES 920 814 258 \nUGECAMIF 930 027 347 \nSAMSAH DE GARCHES 920 022 159 \nIME SOLFEGE 920 015 799 \nMAS PHOENIX 920 038 189 \nVYV3 IDF 750 058 844 \nCEM DE GARCHES 920 700 028 \nSAVS LE VIEUX LAVOIR 920 815 180 \nESAT NOEL LE GAUD 920 814 175 \nFAM DE JOUR CICL 920 815 164 \nMAS DE JOUR 920 023 645 \nAPF FRANCE \nHANDICAP 750 719 239 MAS BOUGAINVILLE 920 026 077  \n2028 SAMSAH APF  920 016 458 \n7 \n \nOrganisme gestionnaire ESMS concern\u00e9s  \nAnn\u00e9e de n\u00e9gociation CPOM \nRaison sociale Finess \njuridique Raison sociale Finess \nG\u00e9ographique \nSAVS APF 92 920 029 519 \nSESSAD APF DE \nBAGNEUX 920 004 140 \nAUXILIA 920 718 376 ESRP AUXILIA 920 710 019 \nCEREP PHYMENTIN 750 720 674 CMPP 920 814 217 \nEDOUARD \nCLAPAREDE 920 170 057 \nCENTRE DE \nDIAGNOSTIC DU BAPU 920 680 246 \nCMPP EDOUARD \nCLAPAREDE 920 680 055 \nLA RESIDENCE \nSOCIALE 920 718 459 \nEMP EUROPE 920 690 187 \nESAT L'ATELIER DU \nCHATEAU 920 711 280 \nCAJ L'HORIZON 920 060 720 \nFOYER L'HORIZON 920 815 347 \nUNAPEI HAUTS-DE-\nSEINE 92 920 800 976 \nCMPP LES PROVINCES \nFRAN\u00c7AISES 920 711 272 \nFAM ESTIENNE D'ORVES 920 011 699 \nFAM DE BILLANCOURT 920 029 030 \nEMPRO BOURG LA \nREINE 920 690 054 \nESAT HORS LES MURS \nTRAJECTOIRES EMPLOI 920 026 218 \nESAT GEORGES \nDAGNEAUX 920 710 779 \nESAT LES ATELIERS \nCITE JARDINS 920 717 691 \nESAT SUZANNE \nLAWSON 920 717 956 \nESAT LES ATELIERS DU \nPHARE 920 717 964 \nESAT YVONNE \nWENDLING 920 813 755 \nESAT LES ATELIERS DE \nGARLANDE 920 814 787 \nIME SECTION \nPOLYHANDICAPES LA \nMAILLERIE \n920 007 788 \nIME ESPOIR \nCHATILLONNAIS 920 690 104 \nIME LE FIL DE SOI  920 690 112 \nIME BALZAC  920 690 211 \nIME LES PEUPLIERS 920 690 286 \nIME IMPRO LE PHARE 920 690 351 \nIME SECTION \nPOLYHANDICAPES LA \nTISSANDERIE \n920 812 369 \nIMP LE CEDRE 920 690 096 \nSAMSAH DE SURESNES 920 039 294 \nSESSAD LE CEDRE \nJEUNESSE  920 012 119 \nSESSAD TRAJECTOIRES \nJEUNESSE  920 022 720 \nSESSAD PRO \nTRAJECTOIRES \nFORMATION \n920 026 275 \nSESSAD PRO LE CEDRE \nINSERTION 920 028 867 \nSESSAD LE JARDIN DES \nPAPILLONS 920 029 956 \nCAJ ANNE MARIE OBERT 920 809 985 \nCAJ DE NEUILLY SUR \nSEINE 920 006 178 \n8 \n \nOrganisme gestionnaire ESMS concern\u00e9s  \nAnn\u00e9e de n\u00e9gociation CPOM \nRaison sociale Finess \njuridique Raison sociale Finess \nG\u00e9ographique \nCAJ DE SCEAUX 920 813 656 \nCAJ DE VANVES 920 813 763 \nCAJ JEAN CLAUDE \nRICHARD 920 003 639 \nCAJ JEANY 920 012 408 \nCAJ MADELEINE VINET 920 711 678 \nCAJ RESIDENCE DE \nL'AVENIR 920 023 694 \nFOYER JEANY 920 023 710 \nFOYER HEBERGEMENT \nEN APPARTEMENTS  920 004 033 \nFOYER HEBERGEMENT \n& VIE ERIC 920 003 589 \nFOYER HEBERGEMENT \nLA MAISON DU PHARE 920 007 648 \nFOYER HEBERGEMENT \nLA RESIDENCE DE \nL'AVENIR \n920 023 686 \nFOYER HEBERGEMENT \nLES GRAVIERS 920 812 427 \nFOYER HEBERGEMENT \n& VIE LE POINT DU JOUR 920 800 232 \nFOYER HEBERGEMENT \n& VIE MICHELLE DARTY  920 012 218 \nSAVS DE SURESNES 920 003 928 \nSAVS DE SCEAUX 920 813 664 \nAD PEP \n(ASSOCIATION \nDEPARTEMENTALE \nPUPILLES \nENSEIGNEMENT \nPUBLIC) \n920 812 757 \nSESSAD EREA \nTOULOUSE LAUTREC \nPEP 92 \n920 803 434 \n \n2029 \nAPEI DE LA \nBOUCLE DE LA \nSEINE \n \n920 800 281 \n \nIME LA DAUPHINELLE  920 690 153 \nEMP LES TILLEULS  920 690 120 \nESAT LES VOIES DU \nBOIS 920 710 803 \nESAT LE CASTEL 920 718 558 \nESAT LES CERISIERS 920 804 879 \nESAT LES BOULEAUX 920 815 537 \nFAM VILLEBOIS-\nMAREUIL 920 025 335 \nFAM LES ROSEAUX 920 813 698 \nSESSAD LES TILLEULS  920 007 689 \nSPH LES TILLEULS  920 004 629 \nCAJ VOIES DU BOIS 920 003 712 \nCAJ JEAN BARBERI 920 004 025 \nCAJ LE CASTEL 920 016 318 \nFOYER DE VIE JEAN \nJAURES 920 022 514 \nFOYER DE VIE ET CAJ \nCONVERGENCE 920 029 915 \nFOYER \nD'HEBERGEMENT ESAT \nRESIDENCE DES BOIS \n920 718 541 \nFOYER DE VIE BEHIN-\nGOUNOD 920 804 671 \nCAJ BEHIN-GOUNOD 920 810 413 \nFOYER DE VIE JEAN \nBARBERI 920 812 021 \nCAJ VOIES DU BOIS 920 003 712 \nCAJ JEAN BARBERI 920 004 025 \n9 \n \nOrganisme gestionnaire ESMS concern\u00e9s  \nAnn\u00e9e de n\u00e9gociation CPOM \nRaison sociale Finess \njuridique Raison sociale Finess \nG\u00e9ographique \nFOYER \nD'HEBERGEMENT CAJ \nEAN BARBERI \n920 813 029 \nSAVS DE COLOMBES 920 813 870 \nEHS ESPERANCE \nHAUTS DE SEINE \n \n920 807 930 \n \nESAT JEAN CAURANT 920 804 648 \nEAM LA FONTAINE DES \nV\u0152UX  \nEAM HORS LES MURS LA \nFONTAINE DES V\u0152UX  \n920 024 981 \nSAMSAH ESPERANCE  920 017 209 \nFOYER HEBERGEMENT \nJEAN CAURANT 920 800 091 \nSAVS ESPERANCE \nHAUTS DE SEINE 920 813 771 \nETAB PUBLIC NAT \nANTOINE \nKOENIGSWARTER \n(EPNAK) \n \n910 808 781 \n \nINSTITUT \nDEPARTEMENTAL \nGUSTAVE BAGUER \n(section PRO) \n920 690 039 \nSAFEP/SSEFIS GUSTAVE \nBAGUER 920 025 475 \nFONDATION SANTE \nDES ETUDIANTS DE \nFRANCE \n750 720 575 \nRESIDENCE \nUNIVERSITAIRE \nADAPTEE - 92 \n920 027 786 \nNOTRE-DAME \n \n920 690 229 \n \nIEM MICHEL ARTHUIS 920 040 607 \nMAS PRINCESSE \nMATHILDE 920 804 598 \nSESSAD MICHEL \nARTHUIS 920 812 377 \nOEUVRES D'AVENIR \n \n920 028 271 \n \nEAM NOTRE-DAME 920 018 199 \nIJS INSTITUT DES \nJEUNES SOURDS 920 690 062 \nSAFEP/SSEFIS INSTITUT \nJEUNES SOURDS 920 025 400 \nFOYER DE VIE NOTRE \nDAME 920 800 273 \n  \n \nREPUBLIQUEFRANCAISELibert\u00e9Egalit\u00e9Fraternit\u00e9 Ar\u00a9 D Agence R\u00e9gionale de Sant\u00e9Ile-de-France\n \nARR\u00caT\u00c9 N\u00b0 2025 \u2013 115  \n \nPortant programmation des \u00e9valuations de la qualit\u00e9 des \u00e9tablissements et services \nsociaux et m\u00e9dico-sociaux, implant\u00e9s sur le territoire du d\u00e9partement des Hauts-de-Seine, \nrelevant du b) de l'article L. 313-3 du code de l'action sociale et des familles, pour les \nann\u00e9es 2025 \u00e0 2029, conform\u00e9ment aux articles L. 312-8 et D. 312-204 du m\u00eame code \n \nLE DIRECTEUR G\u00c9N\u00c9RAL DE L'AGENCE R\u00c9GIONALE DE SANT\u00c9 \n\u00ceLE-DE-FRANCE \n \nVU le code de l'action sociale et des familles, notamment ses articles L. 312-1, L. 312-8 et D. 312-204 ; \n \nVU le d\u00e9cret n\u00b0 2021 -1476 du 12 novembre 2021 modifi\u00e9 relatif au rythme des \u00e9valuations de la qualit\u00e9 des \n\u00e9tablissements et services sociaux et m\u00e9dico-sociaux ; \n \nVU le d\u00e9cret du 10 avril 2024 portant nomination de Monsieur Denis ROBIN en qualit\u00e9 de Directeur g\u00e9n\u00e9ral de \nl'Agence R\u00e9gionale de Sant\u00e9 \u00cele-de-France, \u00e0 compter du 29 avril 2024 ;  \n \nVU l'arr\u00eat\u00e9 n\u00b0 N\u00b0070/2024 portant d\u00e9l\u00e9gation de signature du Directeur g\u00e9n\u00e9ral de l'Agence r\u00e9gionale de sant\u00e9 Ile -de-\nFrance vers la Directrice de l'Autonomie, Madame St\u00e9phanie TALBOT, en date du 29 avril 2024 ;  \n \nARR\u00caTE \n \nARTICLE 1er : La programmation pluriannuelle pr\u00e9vue \u00e0 l'article D. 312 -204 du code de l'action sociale et des \nfamilles des \u00e9ch\u00e9ances pr\u00e9visionnelles de transmission, \u00e0 l'autorit\u00e9 en charge de leur autorisation, \ndes rapports d'\u00e9valuation des \u00e9tablissements et services sociaux et m\u00e9dico-sociaux dont l'autorisation \nest d\u00e9livr\u00e9e conform\u00e9ment au b) de l'article L. 313-3 du m\u00eame code est annex\u00e9e au pr\u00e9sent arr\u00eat\u00e9. \n \nARTICLE 2 :  La programmation pr\u00e9vue \u00e0 l'article 1 er porte sur la p\u00e9riode du 1 er janvier 2025 au 31 d\u00e9cembre 2029. \nCette programmation est ajust\u00e9e au plus tard au 31 d\u00e9cembre de chaque ann\u00e9e au titre des cinq \nann\u00e9es suivantes.  \nElle peut \u00eatre modifi\u00e9e notamment pour tenir compte de changements intervenus dans la situation \ndes \u00e9tablissements et services concern\u00e9s. \n \nARTICLE 3 : Le pr\u00e9sent arr\u00eat\u00e9 sera publi\u00e9 dans le recueil des actes administratifs  des Hauts-de-Seine et sur le site \nde l'Agence r\u00e9gionale de sant\u00e9 \u00cele-de-France. \n \nARTICLE 4 : Un recours contentieux peut ensuite \u00eatre form\u00e9 aupr\u00e8s du Tribunal administratif comp\u00e9tent dans le \nd\u00e9lai de deux mois suivant le rejet explicite ou implicite du recours administratif.  \n \nARTICLE 5 : Le Directeur de la D\u00e9l\u00e9gation d\u00e9partementale des Hauts -de-Seine de l'Agence r\u00e9gionale de sant\u00e9 \u00cele-\nde-France est charg\u00e9 de l'ex\u00e9cution du pr\u00e9sent arr\u00eat\u00e9.  \n \nFait \u00e0 Saint-Denis, le 18 juillet 2025  \n \nLe Directeur g\u00e9n\u00e9ral  \nde l'Agence r\u00e9gionale de sant\u00e9  \n\u00cele-de-France, et par d\u00e9l\u00e9gation, \nLa Directrice de l'Autonomie \n \n \n \n \nSt\u00e9phanie TALBOT \n\n| |REPUBLIQUEFRANCAISE @ D Agence R\u00e9gionale de Sant\u00e9Libert\u00e9 \u00cele-de-France\u00c9galit\u00e9Fraternit\u00e9\n \nAnnexe  \nRelative \u00e0 la programmation du 1er janvier 2025 au 31 d\u00e9cembre 2029 de transmission des rapports d'\u00e9valuation des \u00e9tablissements sociaux ou \nm\u00e9dico-sociaux autoris\u00e9s par le Directeur g\u00e9n\u00e9ral de l'Agence r\u00e9gionale de sant\u00e9 \u00cele-de-France. \n \nAnn\u00e9e de transmission \ndu rapport \nEch\u00e9ance trimestrielle de \ntransmission du rapport \nOrganisme gestionnaire ESMS ou ESSMS concern\u00e9s \nRaison sociale N\u00b0 Finess juridique Raison sociale \n(nom de la structure) N\u00b0 Finess g\u00e9ographique \n \n \n \n \n \n \n \n \n2025 \n \n \n \n \n \n \n \n \n \n \n \n \n \n \n1er trimestre \nAFG AUTISME 750022238 SESSAD PREMIERES \nCLASSES 920025731 \nASSOCIATION \nJEU-DI 920718244 CMPP GALLIENI 920680063 \nCITES CARITAS 750720591 \nESAT FOURNEAUX \nDE MARTHE ET \nMATTHIEU \n920814472 \nFEDERATION DES \nAPAJH 750050916 ESAT JACQUES \nMONOD 920712155 \n2\u00e8me trimestre \nAURORE 750719361 ESAT LES ATELIERS \nDE LA GARENNE 920814738 \nUNAPEI HAUTS DE \nSEINE 92 \n \n920800976 ESAT LES ATELIERS \nCITE JARDINS 920717691 \n920800976 ESAT LES ATELIERS \nDE GARLANDE 920814787 \n920800976 ESAT GEORGES \nDAGNEAUX 920710779 \n920800976 ESAT SUZANNE \nLAWSON 920717956 \n920800976 ESAT YVONNE \nWENDLING 920813755 \n920800976 ESAT LES ATELIERS \nDU PHARE 920717964 \n| |REPUBLIQUEFRANCAISELibert\u00e9Egalit\u00e9Frat\nAr\u00a9 D Agence R\u00e9gionale de Sant\u00e9Ile-de-France\n \nAnn\u00e9e de transmission \ndu rapport \nEch\u00e9ance trimestrielle de \ntransmission du rapport \nOrganisme gestionnaire ESMS ou ESSMS concern\u00e9s \nRaison sociale N\u00b0 Finess juridique Raison sociale \n(nom de la structure) N\u00b0 Finess g\u00e9ographique \n \n \n \n \n \n \n \n \n \n \n \n \n2025 \n \n \n \n \n \n \n \n \n \n \n \n \n \n \nCH THEOPHILE \nROUSSEL 780140059 CMPP JANINE SIMON \nANNEXE AU CHS 920028388 \nCH THEOPHILE \nROUSSEL 780140059 CMPP YOURI \nGAGARINE 920680188 \nMUTUELLE LA \nMAYOTTE 950003319 SESSAD FRIDA \nKAHLO 920029949 \n3\u00e8me trimestre \nAPEI DE LA \nBOUCLE DE LA \nSEINE \n920800281 ESAT LE CASTEL 920718558 \n920800281 ESAT LES BOULEAUX 920815537 \n920800281 ESAT LES CERISIERS 920804879 \n920800281 ESAT LES VOIES DU \nBOIS 920710803 \nETAB PUBLIC NAT \nANTOINE \nKOENIGSWARTER \n(EPNAK) \n910808781 \nINSTITUT \nDEPARTEMENTAL \nGUSTAVE BAGUER \n920690039 \nETAB PUBLIC NAT \nANTOINE \nKOENIGSWARTER \n(EPNAK) \n910808781 SAFEP SSEFIS \nGUSTAVE BAGUER 920025475 \nASSOCIATION \nAMPP VIALA 750830275 CMPP LES PYRENEES 920680014 \nASSOCIATION CAP \nDEVANT 750831901 \nESAT LES ATELIERS \nDE LA \nGENTILHOMMIERE \n920711587 \nASSOCIATION \nHOVIA 750721029 ESAT HOVIA \nGENNEVILLIERS 920710449 \nFONDATION DES 920001419 ESAT LES AMIS DE 920025384 \n| |REPUBLIQUEFRANCAISELibert\u00e9Egalit\u00e9Frat\nAr\u00a9 D Agence R\u00e9gionale de Sant\u00e9Ile-de-France\n \nAnn\u00e9e de transmission \ndu rapport \nEch\u00e9ance trimestrielle de \ntransmission du rapport \nOrganisme gestionnaire ESMS ou ESSMS concern\u00e9s \nRaison sociale N\u00b0 Finess juridique Raison sociale \n(nom de la structure) N\u00b0 Finess g\u00e9ographique \n \n \n2025 \nAMIS DE \nL'ATELIER \nL'ATELIER \n4\u00e8me trimestre \nASSOCIATION \nD'ENTRAIDE \nVIVRE ARCUEIL \n940809452 ESAT VIVRE 920710787 \nL'ASSOCIATION \n\"EHS\" 920807930 ESAT JEAN CAURANT 920804648 \nPAPILLONS \nBLANCS DE LA \nCOLLINE \n920718186 \nIME LEONCE \nMALECOT ANNEXE \nDU PARC \n920023439 \nASSOCIATION \nAUXILIA 920718376 ESRP AUXILIA 920710019 \n CEREP \nPHYMENTIN 750720674 CMPP 920814217 \n \n \n \n \n2026 \n \n \n \n \n \n \n \n \n1er trimestre \nAPEI DE LA \nBOUCLE DE LA \nSEINE \n920800281 \nSECTION \nPOLYHANDICAP EMP \nLES TILLEULS \n920004629 \n920800281 IME EXTERNAT MED \nPEDAG LES TILLEULS 920690120 \n920800281 IME LA \nDAUPHINELLE 920690153 \n920800281 SESSAD LES \nTILLEULS 920007689 \nASSOCIATION \nENTRAIDE UNION 750719312 IME AU FIL DE L \nAUTRE 920025541 \nASSOCIATION \nCOMITE PERCE 920809829 MAS PERCE NEIGE \nBOULOGNE 920028883 \n| |REPUBLIQUEFRANCAISELibert\u00e9Egalit\u00e9Frat\nAr\u00a9 D Agence R\u00e9gionale de Sant\u00e9Ile-de-France\n \nAnn\u00e9e de transmission \ndu rapport \nEch\u00e9ance trimestrielle de \ntransmission du rapport \nOrganisme gestionnaire ESMS ou ESSMS concern\u00e9s \nRaison sociale N\u00b0 Finess juridique Raison sociale \n(nom de la structure) N\u00b0 Finess g\u00e9ographique \n \n \n \n \n \n2026 \n \nNEIGE \n2\u00e8me trimestre \nPAPILLONS \nBLANCS DE LA \nCOLLINE \n920718186 ESAT ALEMBERT 920800216 \n920718186 ESAT COPERNIC 920814183 \nFONDATION \nELLEN POIDATZ 770700029 IME CPPS PARC \nHELLER 920690013 \nASSOCIATION DU \nCENTRE ETIENNE \nMARCEL \n750825960 IME CENTRE \nETIENNE MARCEL 920690021 \nASSOCIATION \nNOTRE DAME 920690229 IEM MICHEL \nARTHUIS 920040607 \nCROIX ROUGE \nFRANCAISE 750721334 IME EMP GEORGES \nSOREL 920690047 \nAIDES AUX \nENFANTS \nDIFFICULTE A E D \nI \n920001179 IMP 920690203 \n3\u00e8me trimestre \nPAPILLONS \nBLANCS DE LA \nCOLLINE \n920718186 IME EXTERNALISE \nSISS APPEDIA 920812559 \n920718186 IME JEUNE APPEDIA 920003910 \n920718186 IME L MALECOT \nEXTERNAT 920812351 \n920718186 IME LEONCE \nMALECOT 920690245 \nASS LA \nRESIDENCE \nSOCIALE \n920718459 EMP EUROPE 920690187 \n| |REPUBLIQUEFRANCAISE @ D Agence R\u00e9gionale de Sant\u00e9Libert\u00e9 \u00cele-de-France\u00c9galit\u00e9Frat\n \nAnn\u00e9e de transmission \ndu rapport \nEch\u00e9ance trimestrielle de \ntransmission du rapport \nOrganisme gestionnaire ESMS ou ESSMS concern\u00e9s \nRaison sociale N\u00b0 Finess juridique Raison sociale \n(nom de la structure) N\u00b0 Finess g\u00e9ographique \n4\u00e8me trimestre \nUNAPEI HAUTS DE \nSEINE 92 \n920800976 IME BALZAC 920690211 \n920800976 IME EMP BOURG LA \nREINE 920690054 \n920800976 IME ESPOIR \nCHATILLONNAIS 920690104 \n920800976 IME IMPRO LE PHARE 920690351 \n920800976 IME LE CEDRE 920690096 \n920800976 IME LE FIL DE SOI 920690112 \n920800976 IME LES PEUPLIERS 920690286 \n920800976 SESSAD PRO LE \nCEDRE INSERTION 920028867 \n920800976 SESSAD LE CEDRE \nJEUNESSE 920012119 \n \nFONDATION DES \nAMIS DE \nL'ATELIER \n920001419 ESAT L ATELIER 920710795 \nFONDATION DES \nAMIS DE \nL'ATELIER \n920001419 ESAT LES \nROBINSONS 920022563 \n \n \n \n \n \n \n \n1er trimestre \nASS LA \nRESIDENCE \nSOCIALE \n920718459 ESAT L ATELIER DU \nCHATEAU 920711280 \nCESAP \n \n750815821 SESSAD DU CESAP \nLES CERISIERS 920812302 \n750815821 INSTITUT MEDICO \nEDUCATIF CESAP 920000064 \n| |REPUBLIQUEFRANCAISELibert\u00e9Egalit\u00e9Frat\nAr\u00a9 D Agence R\u00e9gionale de Sant\u00e9Ile-de-France\n \nAnn\u00e9e de transmission \ndu rapport \nEch\u00e9ance trimestrielle de \ntransmission du rapport \nOrganisme gestionnaire ESMS ou ESSMS concern\u00e9s \nRaison sociale N\u00b0 Finess juridique Raison sociale \n(nom de la structure) N\u00b0 Finess g\u00e9ographique \n2027 \n \n \n \n \n \n \n \n \n \n \n \n \n \n \n \n \n \n \n \n \n \n \n \n \n \n \nFONDATION DES \nAMIS DE \nL'ATELIER \n920001419 ITEP JACQUES \nPREVERT 920690070 \nFONDATION DES \nAMIS DE \nL'ATELIER \n920001419 SESSAD JACQUES \nPREVERT 920030236 \nASSOCIATION \nCOMITE PERCE \nNEIGE \n920809829 \nMAS DE L \nASSOCIATION PERCE \nNEIGE \n920022712 \nVYV 3 ILE DE \nFRANCE 750058844 MAS ADEP 920023645 \nASSOCIATION \nNOTRE DAME \n920690229 SESSAD MICHEL \nARTHUIS 920812377 \n920690229 MAS PRINCESSE \nMATHILDE 920804598 \nFONDATION \nL'ELAN \nRETROUVE \n750721391 IME HORS LES MURS \nLES ALIZES 920033594 \n2\u00e8me trimestre \nASSOCIATION \nOEUVRES \nD'AVENIR \n920028271 INSTITUT DE JEUNES \nSOURDS BG LA REINE 920690062 \nASSOCIATION \nOEUVRES \nD'AVENIR \n920028271 SAFEP ET SSEFIS DE \nBOURG LA REINE 920025400 \nFEDERATION DES \nAPAJH 750050916 SAAAIS-SAFEP APAJH 920023041 \n3\u00e8me trimestre ASS.DEP.PUPILLES 920812757 SESSAD EREA 920803434 \n| |REPUBLIQUEFRANCAISELibert\u00e9Egalit\u00e9\nAr\u00a9 D Agence R\u00e9gionale de Sant\u00e9Ile-de-FranceFrat\n \nAnn\u00e9e de transmission \ndu rapport \nEch\u00e9ance trimestrielle de \ntransmission du rapport \nOrganisme gestionnaire ESMS ou ESSMS concern\u00e9s \nRaison sociale N\u00b0 Finess juridique Raison sociale \n(nom de la structure) N\u00b0 Finess g\u00e9ographique \n \n \n \n \n \n \n2027 \n \nENSEIGN.PUBLIC TOULOUSE LAUTREC \nPEP 92 \nASSOCIATION \nENTRAIDE UNION \n750719312 SESSAD LES \nAVELINES 920025442 \n750719312 SIPFP DE SURESNES 920690302 \nPAPILLONS \nBLANCS DE LA \nCOLLINE \n920718186 SECTION QUELQUE \nCHOSE EN PLUS 920816055 \n920718186 SESSAD DU VAL DOR \nSITE GENNEVILLIERS 920030384 \n4\u00e8me trimestre \nVYV 3 ILE DE \nFRANCE 750058844 ESAT NOEL LE GAUD 920814175 \nAIDES AUX \nENFANTS \nDIFFICULTE A E D \nI \n920001179 SESSAD SUD 920007739 \nAPF FRANCE \nHANDICAP 750719239 SESSD APF DE \nBAGNEUX 920004140 \nGROUPE SOS \nSOLIDARITES 750015968 IME CENTRE TEDY \nBEAR 920029022 \nUGECAM IDF 930027347 MAS PHOENIX 920038189 \n \n \n \n \n \n \n \n1er trimestre \nASSOCIATION \nD'ENTRAIDE \nVIVRE ARCUEIL \n940809452 \nCENTRE DE \nRESSOURCES DELTA \nINSERTION \n920026192 \n2\u00e8me trimestre \nAPF FRANCE \nHANDICAP 750719239 MAS BOUGAINVILLE 920026077 \nASSOCIATION 920810330 MAS HOPITAL NORD 920017258 \n| |REPUBLIQUEFRANCAISELibert\u00e9Egalit\u00e9Frat\nAr\u00a9 D Agence R\u00e9gionale de Sant\u00e9Ile-de-France\n \nAnn\u00e9e de transmission \ndu rapport \nEch\u00e9ance trimestrielle de \ntransmission du rapport \nOrganisme gestionnaire ESMS ou ESSMS concern\u00e9s \nRaison sociale N\u00b0 Finess juridique Raison sociale \n(nom de la structure) N\u00b0 Finess g\u00e9ographique \n \n \n \n2028 \n \n \n \n \n \n \n \n \n \n \n \n \n \n \n \n \n \n \n \n2028 \nHOPITAL NORD 92 VILLENEUVE 92 \nFONDATION DES \nAMIS DE \nL'ATELIER \n920001419 MAS LA SOURCE 920011418 \nFONDATION DES \nAMIS DE \nL'ATELIER \n920001419 MAS LA FONTAINE 920024569 \n3\u00e8me trimestre \nADAPT 930019484 ESAT HORS LES \nMURS 920026242 \nASSOCIATION \nAGIR ET VIVRE L \nAUTISME \n750062234 IME AGIR ET VIVRE L \nAUTISME SURESNES 920026168 \n4\u00e8me trimestre \nASSOCIATION \nEDOUARD \nCLAPAREDE \n920170057 \nCENTRE DE \nDIAGNOSTIC DU \nBAPU \n920680246 \n920170057 CMPP EDOUARD \nCLAPAREDE 920680055 \nASSOCIATION \nENTRAIDE UNION 750719312 CMPP DE SURESNES 920680295 \n \n \n \nUNAPEI HAUTS DE \nSEINE 92 \n920800976 \nSESSAD PRO \nTRAJECTOIRES \nFORMATION \n920026275 \n920800976 \nESAT HORS LES \nMURS TRAJECTOIRES \nEMPLOI \n920026218 \n920800976 IME SECTION \nPOLYHANDI LA 920812369 \n| |REPUBLIQUEFRANCAISELibert\u00e9Egalit\u00e9Frat\nAr\u00a9 D Agence R\u00e9gionale de Sant\u00e9Ile-de-France\n \nAnn\u00e9e de transmission \ndu rapport \nEch\u00e9ance trimestrielle de \ntransmission du rapport \nOrganisme gestionnaire ESMS ou ESSMS concern\u00e9s \nRaison sociale N\u00b0 Finess juridique Raison sociale \n(nom de la structure) N\u00b0 Finess g\u00e9ographique \nTISSANDERIE \n920800976 \nIME SECTION \nPOLYHANDICAPES \nMAILLERIE \n920007788 \n920800976 \nSESSAD \nTRAJECTOIRES \nJEUNESSE \n920022720 \nCROIX ROUGE \nFRANCAISE 750721334 SESSAD LA \nBOUSSOLE 920020039 \n \n \n \n \n2029 \n \n \n \n \n \n \n \n \n \n \n \n \n \n1er trimestre \nASSOCIATION \nCOMITE PERCE \nNEIGE \n920809829 IME L ALTERNANCE 920814795 \nCROIX ROUGE \nFRANCAISE 750721334 CMPP ALFRED BINET 920680147 \nCTRE \nINTERVENTION \nDYN EDUCATIVE \n920718053 CMPP PRADIER 920680121 \nFEDERATION DES \nAPAJH 750050916 ESAT APAJH 920800174 \nFONDATION \nL'ELAN \nRETROUVE \n750721391 CMPP LANDRIN 920718046 \n2i\u00e8me trimestre \nASSOCIATION \nENTRAIDE UNION 750719312 SESSAD PIERRE HUET 920026267 \nPAPILLONS \nBLANCS DE LA \nCOLLINE \n920718186 SESSAD DU VAL DOR \n- SESSAD SUD 920043098 \n| |REPUBLIQUEFRANCAISELibert\u00e9Egalit\u00e9Frat\nAr\u00a9 D Agence R\u00e9gionale de Sant\u00e9Ile-de-France\n \nAnn\u00e9e de transmission \ndu rapport \nEch\u00e9ance trimestrielle de \ntransmission du rapport \nOrganisme gestionnaire ESMS ou ESSMS concern\u00e9s \nRaison sociale N\u00b0 Finess juridique Raison sociale \n(nom de la structure) N\u00b0 Finess g\u00e9ographique \n \n2029 \n \n \n \n \n \n \n \n \n \n \n \n \n \n \nUNAPEI HAUTS DE \nSEINE 92 920800976 CMPP PROVINCES \nFRANCAISES 920711272 \nUNAPEI HAUTS DE \nSEINE 92 920800976 SESSAD LE JARDIN \nDES PAPILLONS 920029956 \nVYV 3 ILE DE \nFRANCE 750058844 CEM ALGESEM DE \nGARCHES 920700028 \n3i\u00e8me trimestre \nASSOCIATION CAP \nDEVANT 750831901 EEAP CLAIRE \nGIRARD 920025095 \nASSOCIATION \nENTRAIDE UNION 750719312 EMP LES AVELINES 920800133 \nASSOCIATION \nENTRAIDE UNION 750719312 EMP PIERRE HUET 920690138 \nASSOCIATION \nENTRAIDE UNION 750719312 EMPRO LES \nRESONANCES 920800141 \nASSOCIATION \nENTRAIDE UNION 750719312 ESAT CAMILLE \nHERMANGE 920814456 \nASSOCIATION \nENTRAIDE UNION 750719312 ESAT LES ATELIERS \nEVELYNE CONTE 920800224 \n2029 \n \nASSOCIATION \nHOVIA 750721029 EMPRO H HOFFER 920690146 \nFONDATION \nELLEN POIDATZ 770700029 DAM EEAP 92 920043338 \n4i\u00e8me trimestre \nASSOCIATION \nAMPP VIALA 750830275 CMPP GASTON \nBERGER 920680196 \nFONDATION \nANAIS 750065591 ESAT ANAIS DE \nGENNEVILLIERS 920024122 \nPAPILLONS 920718186 SESSAD DU VAL D'OR 920004389 \nREPUBLIQUEFRANCAISELibert\u00e9Egalit\u00e9Frat\nAr\u00a9 D Agence R\u00e9gionale de Sant\u00e9Ile-de-France\n \nAnn\u00e9e de transmission \ndu rapport \nEch\u00e9ance trimestrielle de \ntransmission du rapport \nOrganisme gestionnaire ESMS ou ESSMS concern\u00e9s \nRaison sociale N\u00b0 Finess juridique Raison sociale \n(nom de la structure) N\u00b0 Finess g\u00e9ographique \nBLANCS DE LA \nCOLLINE \nPAPILLONS \nBLANCS DE LA \nCOLLINE \n920718186 IME LA VILLA D \nAVRAY 920012358 \nUGECAM IDF 930027347 IME SOLFEGE 920015799 \n \n \nEoREPUBLIQUEFRANCAISELibert\u00e9Egalit\u00e9Fraternit\u00e9\n@ D Agence R\u00e9gionale de Sant\u00e9Ile-de-France\nhauts-de-seineLE CEPARTEMENT\n                                 \n                              \nARR\u00caT\u00c9 N\u00b0 2025 \u2013 116  \n \nPortant programmation 2025-2029 des \u00e9valuations de la qualit\u00e9 des \u00e9tablissements et \nservices sociaux et m\u00e9dico-sociaux autoris\u00e9s conjointement par l'Agence R\u00e9gionale \nde Sant\u00e9 \u00cele-de-France et le Conseil D\u00e9partemental des Hauts-de-Seine \n \nLE DIRECTEUR G\u00c9N\u00c9RAL DE L'AGENCE R\u00c9GIONALE DE SANT\u00c9  \n\u00ceLE-DE-FRANCE \n \nLE PR\u00c9SIDENT DU CONSEIL D\u00c9PARTEMENTAL DES HAUTS-DE-SEINE \n \nVU le code g\u00e9n\u00e9ral des collectivit\u00e9s territoriales ; \n \nVU le code de l'action sociale et des familles, notamment ses articles L. 312-1, L. 312-8 et D. 312-204; \n \nVU la loi n\u00b02002-2 du 02 janvier 2002 r\u00e9novant l'action sociale et m\u00e9dico-sociale portant obligation aux \n\u00e9tablissements et services sociaux et m\u00e9dico -sociaux de proc\u00e9der \u00e0 une \u00e9valuation de la qualit\u00e9 des \nprestations d\u00e9livr\u00e9es ; \n \nVU l'article 75 de la loi n\u00b02019-774 du 24 juillet 2019 relative \u00e0 l'organisation et \u00e0 la transformation du \nsyst\u00e8me de sant\u00e9  qui confie \u00e0 la Haute Autorit\u00e9 de Sant\u00e9 la mission de faire \u00e9voluer le dispositif \nd'\u00e9valuation ; \n \nVU le d\u00e9cret du 10 avril 2024 portant nomination de Monsieur Denis ROBIN en qualit\u00e9 de Directeur \ng\u00e9n\u00e9ral de l'Agence R\u00e9gionale de Sant\u00e9 \u00cele-de-France, \u00e0 compter du 29 avril 2024 ; \n \nVU le d\u00e9cret n\u00b02022 -742 du 28 avril 2022 relatif \u00e0 l'accr\u00e9ditation des organismes pouvant proc\u00e9der \u00e0 \nl'\u00e9valuation de la qualit\u00e9 des \u00e9tablissements et services sociaux et m\u00e9dico-sociaux ; \n \nVU  le d\u00e9cret n\u00b02022-695 du 26 avril 2022 modifiant le d\u00e9cret n\u00b02021-1476 du 12 novembre 2021 relatif \nau rythme des \u00e9valuations de la qualit\u00e9 des \u00e9tablissements et services sociaux et m\u00e9dico -sociaux ; \n \nVU le d\u00e9cret n\u00b02021 -1476 du 12 novembre 2021 relatif au rythme des \u00e9valuations de la qualit\u00e9 des \n\u00e9tablissements et services sociaux et m\u00e9dico-sociaux ; \n \nVU l'arr\u00eat\u00e9 n\u00b0 N\u00b0070/2024 portant d\u00e9l\u00e9gation de signature du Directeur g\u00e9n\u00e9ral de l'Agence r\u00e9gionale \nde sant\u00e9 Ile-de-France vers la Directrice de l'Autonomie, Madame St\u00e9phanie TALBOT, en date du 29 \navril 2024 ; \n \nCONSID\u00c9RANT l'obligation de l'autorit\u00e9 de tutelle en charge des autorisations de d\u00e9finir une \nprogrammation respectant le rythme quinquennal des \u00e9valuations de la qualit\u00e9 des \u00e9tablissements et \nservices sociaux et m\u00e9dico-sociaux ; \n \nCONSID\u00c9RANT qu'en application de l'article D. 312 -204 du CASF, les \u00e9tablissements et services \nsociaux et m\u00e9dico-sociaux mentionn\u00e9s \u00e0 l'article L. 312 -1 du CASF transmettent tous les cinq ans les \nr\u00e9sultats des \u00e9valuations de la qualit\u00e9 des prestations qu'ils d\u00e9livrent , selon une programmation \npluriannuelle arr\u00eat\u00e9e par l'autorit\u00e9 ou, conjointement, les autorit\u00e9s ayant d\u00e9livr\u00e9 l'autorisation  ; \n \nCONSID\u00c9RANT qu'en application du I de l'article 2 du d\u00e9cret n\u00b02021 -1476 du 12 novembre 2021 \nmodifi\u00e9 relatif au rythme des \u00e9valuations de la qualit\u00e9 des \u00e9tablissements et services sociaux et m\u00e9dico-\nsociaux, la premi\u00e8re programmation pluriannuelle des \u00e9valuations est a rr\u00eat\u00e9e par l'autorit\u00e9 ou, \nER\u00c9PUBLIQUEFRAN\u00c7AISELibert\u00e9Egalit\u00e9Fraternit\u00e9\nAr\u00a9 D Agence R\u00e9gionale de Sant\u00e9Ile-de-France\nS\\*\\Le\nhauts-de-seineLE DEPARTEMENT\n \n2 \n \nconjointement, les autorit\u00e9s ayant d\u00e9livr\u00e9 l'autorisation et d\u00e9termine le rythme des \u00e9valuations du 1er \njanvier 2025 au 31 d\u00e9cembre 2029 ;         \n \nSUR la proposition de la  D\u00e9l\u00e9gation D\u00e9partementale des Hauts -de-Seine de l'Agence r\u00e9gionale de \nsant\u00e9 \u00cele-de-France et de la Direction de l'offre m\u00e9dico-sociale du D\u00e9partement des Hauts-de-Seine ; \n \nARR\u00caTENT : \n \nARTICLE 1er : La programmation pluriannuelle pr\u00e9vue \u00e0 l'article D. 312-204 du code de l'action sociale \net des familles des \u00e9ch\u00e9ances pr\u00e9visionnelles de transmission aux autorit\u00e9s en charge \nde leur autorisation des rapports d'\u00e9valuation des \u00e9tablissements et services sociaux et \nm\u00e9dico-sociaux dont l'autorisation est d\u00e9livr\u00e9e conform\u00e9ment au d) de l'article L. 313-3 \ndu m\u00eame code est annex\u00e9e au pr\u00e9sent arr\u00eat\u00e9. \n \nARTICLE 2 : Conform\u00e9ment \u00e0 l'article 2 du d\u00e9cret n\u00b0 2021-1476 du 12 novembre 2021 modifi\u00e9 relatif \nau rythme des \u00e9valuations de la qualit\u00e9 des services et \u00e9tablissements sociaux et \nm\u00e9dico-sociaux, la programmation pr\u00e9vue \u00e0 l'article 1 er, porte sur la p\u00e9riode du 1er \njanvier 2025 au 31 d\u00e9cembre 2029.  \nCette programmation peut \u00eatre modifi\u00e9e notamment pour tenir compte de changements \nintervenus dans la situation des \u00e9tablissements et services concern\u00e9s. \n \nARTICLE 3 : Le pr\u00e9sent arr\u00eat\u00e9 sera publi\u00e9 au recueil des actes administratif s du D\u00e9partement des \nHauts-de-Seine et sur le site de l'Agence r\u00e9gionale de sant\u00e9. \n \nARTICLE 4 : Un recours contentieux contre le pr\u00e9sent arr\u00eat\u00e9 peut  \u00eatre form\u00e9 devant le tribunal \nadministratif de Nanterre dans un d\u00e9lai de deux mois \u00e0 compter de sa notification. \n \nARTICLE 5 : Le Directeur de la D\u00e9l\u00e9gation d\u00e9partementale des Hauts -de-Seine de l'Agence \nr\u00e9gionale de sant\u00e9 \u00cele-de-France et le Pr\u00e9sident du Conseil D\u00e9partemental des Hauts-\nde-Seine sont charg\u00e9s de l'ex\u00e9cution du pr\u00e9sent arr\u00eat\u00e9.  \n \nFait \u00e0 Saint-Denis, le 18 juil. 2025 Fait \u00e0 Nanterre, le 12 sept 2025 \nLe Directeur g\u00e9n\u00e9ral  \nde l'Agence r\u00e9gionale de sant\u00e9 \n\u00cele-de-France, et par d\u00e9l\u00e9gation, \nLa Directrice de l'Autonomie \n \n \n \n \nSt\u00e9phanie TALBOT \n \nLe Pr\u00e9sident du d\u00e9partement des Hauts-de-\nSeine  \n \n \n \n \n \nGeorges SIFFREDI \n  \n\nExREPUBLIQUEFRAN\u00c7AISELibert\u00e9Egalit\u00e9Fraternit\u00e9\nAr\u00a9 D Agence R\u00e9gionale de Sant\u00e9lle-de-France hauts-de-seineLE D\u00c9PARTEMENT\n \n3 \n \nAnnexe \nRelative \u00e0 la programmation du 1er janvier 2025 au 31 d\u00e9cembre 2029 de transmission des rapports d'\u00e9valuation des \u00e9tablissements sociaux ou \nm\u00e9dico-sociaux sociaux autoris\u00e9s conjointement par le Directeur g\u00e9n\u00e9ral de l'Agence r\u00e9gionale de sant\u00e9 \u00cele-de-France et le  Pr\u00e9sident du Conseil \nd\u00e9partemental des Hauts-de-Seine. \n \nAnn\u00e9e de transmission \ndu rapport \nEch\u00e9ance trimestrielle \nde transmission du \nrapport \nOrganisme gestionnaire ESMS ou ESSMS concern\u00e9s \nRaison sociale N\u00b0 Finess juridique Raison sociale \n(nom de la structure) \nN\u00b0 Finess \ng\u00e9ographique \n2025 \n \n2\u00e8me trimestre \nPAPILLONS BLANCS \nDE LA COLLINE 920718186 EAM LE CEDRE \nBLEU 920003597 \nASSOCIATION CAP \nDEVANT 750831901 \nEAM ET FOYER DE \nVIE LA \nGENTILHOMMIERE \n920032596 \n3\u00e8me trimestre \nAPEI DE LA BOUCLE \nDE LA SEINE 920800281 FAM LES ROSEAUX 920813698 \nCESAP 750815821 FAM MAISON EN \nPLUS 920030194 \n4\u00e8me trimestre \nCITES CARITAS 750720591 EAM CITE JACQUES \nDESCAMPS 920009289 \nCESAP 750815821 \nCAMSP DE \nCHATILLON \nMONTROUGE \n920022647 \n2026 \n \n1er trimestre APEI DE LA BOUCLE \nDE LA SEINE 920800281 FAM VILLEBOIS \nMAREUIL 920025335 \n2\u00e8me trimestre \nFONDATION DES AMIS \nDE L'ATELIER 920001419 FAM LE TEMPS DES \nAMIS 920026259 \nUNAPEI HAUTS DE \nSEINE 92 920800976 FAM ESTIENNE D \nORVES 920011699 \nREPUBLIQUEFRANCAISELibert\u00e9Egalit\u00e9Frate,\nAr\u00a9 D Agence R\u00e9gionale de Sant\u00e9lle-de-France hauts-de-seineLE DEPARTEMENT\n \n4 \n \nAnn\u00e9e de transmission \ndu rapport \nEch\u00e9ance trimestrielle \nde transmission du \nrapport \nOrganisme gestionnaire ESMS ou ESSMS concern\u00e9s \nRaison sociale N\u00b0 Finess juridique Raison sociale \n(nom de la structure) \nN\u00b0 Finess \ng\u00e9ographique \n3\u00e8me trimestre \nASSOCIATION COMITE \nPERCE NEIGE 920809829 FAM MAISON \nPERCE NEIGE 920813946 \nASSOCIATION COMITE \nPERCE NEIGE 920809829 FAM PERCE NEIGE 920003167 \n4\u00e8me trimestre VYV 3 ILE DE FRANCE 750058844 FAM ADEP CICL 920815164 \n2027 \n \n1er trimestre APF FRANCE \nHANDICAP 750719239 SAMSAH APF \nGALLIENI 920016458 \n2\u00e8me trimestre CITES CARITAS 750720591 SAMSAH CITES \nCARITAS 920039039 \n4\u00e8me trimestre \nASSOCIATION SIMON \nDE CYRENE VANVES 750050114 \nFAM ET FOYER DE \nVIE SIMON DE \nCYRENE \n920027539 \nOMEG AGE GESTION 590019568 FAM D'ANTONY 920028974 \n2028 \n \n1er trimestre UNAPEI HAUTS DE \nSEINE 92 920800976 SAMSAH DE \nSURESNES 920039294 \n2\u00e8me trimestre \nAFG AUTISME 750022238 EAM PIERRE \nDUPONT 920039757 \nAFG AUTISME 750022238 SAMSAH 920039765 \nUGECAM IDF 930027347 SAMSAH DE \nGARCHES 920022159 \n4\u00e8me trimestre \nL'ASSOCIATION \"EHS\" 920807930 FAM LA FONTAINE \nDES VOEUX 920024981 \nL'ASSOCIATION \"EHS\" 920807930 SAMSAH \nESPERANCE 920017209 \nExREPUBLIQUEFRAN\u00c7AISELibert\u00e9Egalit\u00e9Fratesei\nAr\u00a9 D Agence R\u00e9gionale de Sant\u00e9lle-de-France hauts-de-seineLE DEPARTEMENT\n \n5 \n \nAnn\u00e9e de transmission \ndu rapport \nEch\u00e9ance trimestrielle \nde transmission du \nrapport \nOrganisme gestionnaire ESMS ou ESSMS concern\u00e9s \nRaison sociale N\u00b0 Finess juridique Raison sociale \n(nom de la structure) \nN\u00b0 Finess \ng\u00e9ographique \nAPEI DE MEUDON 920801016 EAM LA FORET 920041001 \n \n \n \n \n \n \n \n2029 \n \n2\u00e8me trimestre \nASSOCIATION \nOEUVRES D'AVENIR 920028271 EAM NOTRE DAME 920018199 \nUNAPEI HAUTS DE \nSEINE 92 920800976 FAM DE \nBILLANCOURT 920029030 \n4\u00e8me trimestre \nASSOCIATION HOVIA 750721029 SAMSAH HOVIA \nCOLOMBES 920043478 \nCITES CARITAS 750720591 \nSAMSAH CITES \nCARITAS \nGENNEVILLIERS \n920043544 \nCENTRE HOSPITALIER \nRIVES DE SEINE 920026374 CAMSP DE \nCOURBEVOIE 920813730 \nASSOCIATION COMITE \nPERCE NEIGE 920809829 \nEAM MAISON \nPERCE NEIGE \nALTERNAT/ALTERN \n920000304 \n \nE|REPUBLIQUE | hate ess neFRAN\u00c7AISE E D\u00c9PARTEMENTLibert\u00e9 @ \u00bb Agence R\u00e9gionale de Sante\u00c9galit\u00e9 \u00cele-de-FranceFraternit\u00e9\nARR\u00caT\u00c9 CONJOINT N\u00b0 2025-portant modification de l'autorisation de l'Etablissement d'Accueil M\u00e9dicalis\u00e9 (EAM) etfoyer de vie La Gentilhommi\u00e8re, sis 7 bis rue Yves Cariou \u00e0 Marnes-la-Coquette (92430)g\u00e9r\u00e9 par l'Association Cap' Devant !\nLE DIRECTEUR G\u00c9N\u00c9RAL DE L'AGENCE R\u00c9GIONALE DE SANT\u00c9 \u00ceLE-DE-FRANCELE PR\u00c9SIDENT DU CONSEIL D\u00c9PARTEMENTAL DES HAUTS-DE-SEINEVU le code de l'action sociale et des familles et notamment les articles L. 312-1, L. 313-1, L.314-3 et suivants ;VU le code g\u00e9n\u00e9ral des collectivit\u00e9s territoriales ;VU le d\u00e9cret du 10 avril 2024 portant nomination de Monsieur Denis ROBIN, Directeur g\u00e9n\u00e9ralde l'Agence r\u00e9gionale de sant\u00e9 \u00cele-de-France \u00e0 compter du 29 avril 2024 ;VU l'arr\u00eat\u00e9 n\u00b0 119/2024 du 4 novembre 2024 portant d\u00e9l\u00e9gation de signature du Directeurg\u00e9n\u00e9ral de l'Agence r\u00e9gionale de sant\u00e9 \u00cele-de-France \u00e0 Monsieur Renaud PELL\u00c9,Directeur de la d\u00e9l\u00e9gation d\u00e9partementale des Hauts-de-Seine ;VU l'arr\u00eat\u00e9 n\u00b0 2023-DAJA-43 du 21 juillet 2023 accordant d\u00e9l\u00e9gation de signature \u00e0 MonsieurJean-Michel RAPINAT, Directeur g\u00e9n\u00e9ral adjoint responsable du P\u00f4le Solidarit\u00e9s et \u00e0Madame Laurence HAUCK, adjointe au Directeur g\u00e9n\u00e9ral adjoint ;VU le d\u00e9cret n\u00b0 2017-982 du 9 mai 2017 relatif \u00e0 la nomenclature des \u00e9tablissements et \u2014services sociaux et m\u00e9dico-sociaux accompagnant des personnes handicap\u00e9es oumalades chroniques ;VU le d\u00e9cret n\u00b0 2017-1620 du 28 novembre 2017 relatif a la caducit\u00e9 de l'autorisation des\u00e9tablissements sociaux et m\u00e9dico-sociaux mentionn\u00e9s \u00e0 l'article L. 313-1 du code del'action sociale et des familles ;VU le d\u00e9cret n\u00b0 2021-1476 du 12 novembre 2021 relatif au rythme des \u00e9valuations de laqualit\u00e9 des \u00e9tablissements m\u00e9dico-sociaux ;VU l'arr\u00eat\u00e9 n\u00b0 DIRNOV-2023-08 de la Directrice g\u00e9n\u00e9rale de l'Agence r\u00e9gionale de sant\u00e9 \u00cele-de-France en date du 26 octobre 2023 portant adoption du cadre d'orientation strat\u00e9gique2018-2028 du projet r\u00e9gional de sant\u00e9 d'\u00cele-de-France ;VU l'arr\u00eat\u00e9 n\u00b0 DIRNOV-2023-09 de la Directrice g\u00e9n\u00e9rale de l'Agence r\u00e9gionale de sant\u00e9 \u00cele-de-France en date du 26 octobre 2023 portant adoption du sch\u00e9ma r\u00e9gional de sant\u00e92023-2028 du projet r\u00e9gional de sant\u00e9 d'\u00cele-de-France ;\n152\nVU\nVUVU\nVU\nVU\nVU\nVU\nl'arr\u00eat\u00e9 n\u00b0 2023-346 de la Directrice g\u00e9n\u00e9rale de l'Agence r\u00e9gionale de sant\u00e9 \u00cele-de-Franceen date du 4 d\u00e9cembre 2023 \u00e9tablissant le programme interd\u00e9partementald'accompagnement des handicaps et de la perte d'autonomie (PRIAC) 2023-2027 pour lar\u00e9gion \u00cele-de-France ;le r\u00e8glement d\u00e9partemental d'aide sociale,le sch\u00e9ma d'organisation sociale et m\u00e9dico-sociale 2024-2028 adopt\u00e9 le 18 octobre 2024par le d\u00e9partement des Hauts-de-Seine,l'arr\u00eat\u00e9 n\u00b0 092-229200506-20180927-PH du 27 septembre 2018 portant modification del'autorisation du foyer la Gentilhommi\u00e8re, sis 7 bis rue Yves Cariou \u00e0 Marnes-la-Coquette(92430) et g\u00e9r\u00e9 par l'association Cap' Devant ! ; la capacit\u00e9 de l'\u00e9tablissement est de 35places r\u00e9parties en 25 places de foyer d'h\u00e9bergement et 10 places de foyer de vie ;l'arr\u00eat\u00e9 n\u00b0 2024-402 du 5 d\u00e9cembre 2024, portant autorisation de transformation parm\u00e9dicalisation d'une place du foyer de vie La Gentilhommi\u00e8re, sis 7 bis rue Yves Cariou\u00e0 Marnes-la-Coquette, en une place d'\u00e9tablissement d'accueil m\u00e9dicalis\u00e9 (EAM) et portantautorisation d'extension de capacit\u00e9 de l'EAM de 1 \u00e0 11 places ;le contrat pluriannuel d'objectifs et de moyens de l'association Cap' Devant ! portant surles ann\u00e9es 2022 \u00e0 2026 sign\u00e9 le 22 d\u00e9cembre 2021 ;la demande de l'association Cap' Devant ! visant \u00e0 attribuer \u00e0 l'EAM La Gentilhommi\u00e9reun num\u00e9ro FINESS distinct de celui du foyer de vie La Gentilhommi\u00e8re.\nCONSID\u00c9RANT que l'EAM La Gentilhommi\u00e9re est une structure ind\u00e9pendante des\u00e9tablissements d'accueils non m\u00e9dicalis\u00e9s, sous la comp\u00e9tence exclusivedu Conseil d\u00e9partemental des Hauts-de-Seine. Ceux-ci sont au nombre dedeux : Foyer d'h\u00e9bergement et Foyer de vie La Gentilhommi\u00e8re, sis 7 bisrue Yves Cariou 92430 Marnes-la-Coquette ;\nARR\u00caTENT\nARTICLE 1%: L'autorisation visant \u00e0 la modification du num\u00e9ro FINESS et \u00e0 la cr\u00e9ation d'unestructure m\u00e9dicalis\u00e9e propre d\u00e9nomm\u00e9e \u00ab \u00e9tablissement d'accueil m\u00e9dicalis\u00e9 (EAM)La Gentilhommi\u00e9re \u00bb, dissoci\u00e9e des places existantes et autoris\u00e9es d'\u00e9tablissementd'accueil non m\u00e9dicalis\u00e9, est accord\u00e9e \u00e0 l'association Cap' Devant ! sise 41 rue deDuris \u00e0 Paris (75020).ARTICLE 2\u00b0: Ces structures sont d\u00e9sormais r\u00e9pertori\u00e9es dans le Fichier National desEtablissements Sanitaires et Sociaux (FINESS) de la fa\u00e7on suivante :EAM La Gentilhommi\u00e8reN\u00b0 FINESS de l'\u00e9tablissement : 92 004 436 9Code cat\u00e9gorie : [448] \u2014 Etablissements d'accueil m\u00e9dicalis\u00e9 en tout oupartie pour personnes handicap\u00e9es\n\nARTICLE 3\u00b0:\nARTICLE 4\u00b0 :\nARTICLE 5\u00b0 :\nCode discipline: [966] \u2014 Accueil et accompagnement m\u00e9dicalis\u00e9 pourpersonnes handicap\u00e9esCode [11] \u2014 H\u00e9bergement complet internat 1 placefonctionnement [21] \u2014 Accueil de jour 10 places(Mode d'accueil etd'accompagnement) :\nCode client\u00e8le 1 : [414] - D\u00e9ficience Motrice 1 place[438] \u2014 C\u00e9r\u00e9brol\u00e9s\u00e9sCode client\u00e9le 2 : [500] \u2014 Polyhandicap 10 places\nCode mode de fixation des tarifs : [57] - ARS / ARS PCD dotation globalis\u00e9e\nFoyer de vie et foyer d'h\u00e9bergement La Gentilhommi\u00e8reN\u00b0 FINESS de l'\u00e9tablissement : 92 003 259 6Code cat\u00e9gorie: [449] \u2014 Etablissements d'accueil non m\u00e9dicalis\u00e9 pourpersonnes handicap\u00e9esCode discipline : [965] \u2014 Accueil et accompagnement non m\u00e9dicalis\u00e9 pourpersonnes handicap\u00e9esCodefonctionnement [11] \u2014 H\u00e9bergement complet internat 9 places(Mode d'accueil et [22] - Accueil de nuit 25 placesd'accompagnement) :\nCode client\u00e8le : [414] \u2014 D\u00e9ficience Motrice 34 places[438] \u2014 C\u00e9r\u00e9brol\u00e9s\u00e9sCode Mode de Fixation des tarifs : [57] ARS / ARS PCD dotation globalis\u00e9e\nN\u00b0 FINESS du gestionnaire : 75 083 190 1Code statut : [61] Association loi 1901 reconnue d'utilit\u00e9 publique\nConform\u00e9ment aux termes du dernier alin\u00e9a du | de l'article D. 312-0-3 du code del'action sociale et des familles, aucune sp\u00e9cialisation n'exclut la prise en charge depersonnes pr\u00e9sentant des troubles associ\u00e9s \u00e0 ceux qui font l'objet de la pr\u00e9senteautorisation.Tout changement important dans l'activit\u00e9, l'installation, l'organisation, la direction oule fonctionnement de l'\u00e9tablissement ou du service doit \u00eatre port\u00e9 \u00e0 la connaissancedes autorit\u00e9s comp\u00e9tentes.Un recours contre le pr\u00e9sent arr\u00eat\u00e9 peut \u00eatre form\u00e9 devant le tribunal administratifcomp\u00e9tent dans un d\u00e9lai de deux mois \u00e0 compter de sa notification ou, pour les tiers,\u00e0 compter de sa publication.\n\nARTICLE 6\u00b0: Le Directeur de la D\u00e9l\u00e9gation d\u00e9partementale des Hauts-de-Seine de l'Agencer\u00e9gionale de sant\u00e9 Ile-de-France et le Directeur g\u00e9n\u00e9ral des services du d\u00e9partementdes Hauts-de-Seine et le directeur g\u00e9n\u00e9ral adjoint responsable du P\u00f4le Solidarit\u00e9s dud\u00e9partement des Hauts-de-Seine sont charg\u00e9s, chacun en ce qui le concerne, del'ex\u00e9cution du pr\u00e9sent arr\u00eat\u00e9 qui sera publi\u00e9 aux recueils des actes administratifs dela R\u00e9gion \u00cele-de-France et au bulletin officiel du D\u00e9partement des Hauts-de-Seine.\nFait\u00e0 Nanterre, le 4 ? MAI 2025\nPour le Directeur g\u00e9n\u00e9ral Pour le Pr\u00e9sident du Conseil d\u00e9partementalde l'Agence r\u00e9gionale de sant\u00e9 _ des Hauts-de-Seine, et par d\u00e9l\u00e9gationee  pe govegation \u00a2/ Le Directeur g\u00e9n\u00e9ral adjointe Directeur de la d\u00e9l\u00e9gation | . seed\u00e9partementale des Hauts-de-Seine Rennesable ROIS SR SAL EntP\u00f4le Solidarit\u00e9s\n\\.\\ Ww Laurence HauckRenaud, PELL\u00c9 Jean-Michel RAPINAT\n\nREPUBLIQUEFRANCAISELibert\u00e9\u00c9galit\u00e9Fraternit\u00e9 \u00a9 D Agence R\u00e9gionale de Sant\u00e9Ile-de-France\n \n \n \n \n \n \n \n \n \nAGENCE R\u00c9GIONALE DE SANT\u00c9 \u00ceLE-DE-FRANCE \n \nARRETE N\u00b0 2025 - 200 \n  \nportant autorisation de transformation par requalification de 42 places \u00ab d\u00e9ficience \nintellectuelle \u00bb en 42 places \u00ab troubles du spectre de l'autisme \u00bb et \u00e9volution des modes \nd'accompagnement de l'institut m\u00e9dico-\u00e9ducatif (IME) \u00ab Parc Heller \u00bb, sis 22 rue Prosper \nLegout\u00e9 \u00e0 Antony (92160)  \n \ng\u00e9r\u00e9 par la Fondation Ellen Poidatz \n \n \n \nLE DIRECTEUR G\u00c9N\u00c9RAL DE L'AGENCE R\u00c9GIONALE DE SANT\u00c9 \u00ceLE-DE-FRANCE \n \nVU le code de l'action sociale et des familles et notamment les articles L. 312-1, L. 313-1, L. \n314-3 et suivants ; \n \nVU        le d\u00e9cret du 10 avril 2024 portant nomination de Monsieur Denis ROBIN, Directeur g\u00e9n\u00e9ral \nde l'Agence r\u00e9gionale de sant\u00e9 \u00cele-de-France \u00e0 compter du 29 avril 2024 ; \n \nVU l'arr\u00eat\u00e9 DS N\u00b0115/2024 du 25 septembre 2024 portant d\u00e9l\u00e9gation de signature \u00e0 Madame \nSt\u00e9phanie TALBOT, Directrice de l'autonomie ; \n \nVU l'arr\u00eat\u00e9 n\u00b0 DIRNOV-2023/08 de la Directrice g\u00e9n\u00e9rale de l'Agence r\u00e9gionale de sant\u00e9 \u00cele-\nde-France en date du 26 octobre 2023 portant adoption du cadre d'orientation strat\u00e9gique \n2018-2028 du projet r\u00e9gional de sant\u00e9 d'\u00cele-de-France ; \n \nVU l'arr\u00eat\u00e9 n\u00b0 DIRNOV-2023/09 de la Directrice g\u00e9n\u00e9rale de l'Agence r\u00e9gionale de sant\u00e9 \u00cele-\nde-France en date du 26 octobre 2023 portant adoption du sch\u00e9ma r\u00e9gional de sant\u00e9 \n2023-2028 du projet r\u00e9gional de sant\u00e9 d' \u00cele-de-France, modifi\u00e9 par l'arr\u00eat\u00e9 n\u00b0DIRNOV -\n2023/09 en date du 12 janvier 2024 ; \n \nVU l'arr\u00eat\u00e9 n\u00b0 2023-346 de la Directrice g\u00e9n\u00e9rale de l'Agence r\u00e9gionale de sant\u00e9 \u00cele-de-France \nen date du 4 d\u00e9cembre 2023 \u00e9tablissant le programme interd\u00e9partemental \nd'accompagnement des handicaps et de la perte d'autonomie (PRIAC) 2023-2027 pour la \nr\u00e9gion \u00cele-de-France ; \n \nVU l'agr\u00e9ment n\u00b0 1836 du 16 mai 1974 de la commission r\u00e9gionale d' agr\u00e9ment portant \nextension de la capacit\u00e9 de l'institut m\u00e9dico-p\u00e9dagogique (Externat) Parc Heller et \nmodification de la limite d'\u00e2ges des enfants re\u00e7us dans l'\u00e9tablissement ; \n \nVU l'arr\u00eat\u00e9 n\u00b0 2022 \u2013 115 / ARS DD92 N\u00b0 2022-57 du 27 juillet 2022 portant approbation de \ncession d'autorisation du Centre Psychoth\u00e9rapique et P\u00e9dagogique Sp\u00e9cialis\u00e9 (CPPS) \nParc Heller, sis 22 rue Prosper Legout\u00e9 \u00e0 Antony (92160)  g\u00e9r\u00e9 par l'association pour la \ngestion du centre psychoth\u00e9rapique et p\u00e9dagogique sp\u00e9cialis\u00e9 au profit de l'association \nSaint-Rapha\u00ebl, sise 2 Place du Carrousel \u00e0 Antony (92160) ; \n \n   \n \n       2 \n \nVU l'arr\u00eat\u00e9 n\u00b0 2024-005/CABDG/IRAS du 26 avril 2024 portant cessation d'activit\u00e9 du CPPS \nParc Heller, sis 22 rue Prosper Legout\u00e9 \u00e0 Antony (92160) g\u00e9r\u00e9 par l'association Saint \nRapha\u00ebl et transfert de son autorisation \u00e0 la Fondation Ellen Poidatz ; \n \nVU la demande de la Fondation Ellen Poidatz visant \u00e0 modifier la d\u00e9nomination du CPPS Parc \nHeller en IME Parc Heller et \u00e0 faire \u00e9voluer l'activit\u00e9 de l'\u00e9tablissement en proposant des \nprestations en milieu d'ordinaire pour accompagner des enfants, adolescents et jeunes \nadultes \u00e2g\u00e9s de 0 \u00e0 20 ans pr\u00e9sentant une d\u00e9ficience intellectuelle (DI) ou des troubles \ndu spectre de l'autisme (TSA) ; \n \n \n \nCONSID\u00c9RANT  que le projet de la Fondation Ellen Poidatz pr\u00e9voit la consolidation et le \nd\u00e9veloppement de l'activit\u00e9 de l'IME P arc Heller  visant \u00e0 proposer un \naccompagnement adapt\u00e9 aux besoins des enfants accueillis et en \ncoh\u00e9rence avec les recommandations des bonnes pratiques ;   \n \nCONSID\u00c9RANT  que le projet r\u00e9pond \u00e0 un besoin de d\u00e9veloppement de l'offre m\u00e9dico -\nsociale identifi\u00e9 sur le d\u00e9partement des Hauts-de-Seine pour les enfants \nen situation de handicap ; \n \nCONSID\u00c9RANT que le projet est compatible avec les objectifs et r\u00e9pond aux besoins \nsociaux et m\u00e9dico-sociaux fix\u00e9s par le sch\u00e9ma r\u00e9gional de sant\u00e9 ;  \n \nCONSID\u00c9RANT qu'il satisfait aux r\u00e8gles d'organisation et de fonctionnement pr\u00e9vues par le \ncode de l'action sociale et des familles ;  \n \nCONSID\u00c9RANT qu'il pr\u00e9sente un co\u00fbt de fonctionnement en ann\u00e9e pleine compatible avec \nle PRIAC  \u00cele-de-France et avec le montant de l'une des dotations \nmentionn\u00e9es \u00e0 l'article L. 314-3 du code de l'action sociale et des familles ; \n \nCONSID\u00c9RANT que l'Agence r\u00e9gionale de sant\u00e9 \u00cele-de-France dispose pour ce projet des \ncr\u00e9dits n\u00e9cessaires \u00e0 sa mise en \u0153uvre \u00e0 hauteur de 702 740 euros au \ntitre du Plan Inclus'If 2030. \n \n \n \nARR\u00caTE \n \nARTICLE 1er :  L'autorisation visant \u00e0 la requalification de 42 places \u00ab d\u00e9ficience intellectuelle \u00bb en 42 \nplaces \u00ab troubles du spectre de l'autisme \u00bb (TSA) et \u00e0 la transformation de 25 places \nd'accueil de jour en 25 places de prestations en milieu ordinaire de l'institut m\u00e9dico-\n\u00e9ducatif (IME) Parc Heller, sis 22 rue Prosper Legout\u00e9 \u00e0 Antony (92160) est accord\u00e9e \n\u00e0 la Fondation Ellen Poidatz dont le si\u00e8ge social est situ\u00e9 1 route de la Gland\u00e9e, \n77930 Chailly-en-Bi\u00e8re. \n  \nARTICLE 2e :  La capacit\u00e9 totale de l'IME Parc Heller est maintenue \u00e0 70 places destin\u00e9es \u00e0 des \nenfants, adolescents et jeunes adultes \u00e2g\u00e9s de 0 \u00e0 20 ans pr\u00e9sentant une d\u00e9ficience \nintellectuelle (DI) ou des troubles du spectre de l'autisme (TSA) ainsi r\u00e9parties : \n\u2022 Accueil de jour : 45 places dont 13 places DI et 32 places TSA ; \n\u2022 Milieu ordinaire : 25 places dont 15 places DI et 10 places TSA. \n \n   \n \n       3 \n \nDans la limite de cette capacit\u00e9, il est en mesure d'assurer aux personnes qu'il \naccueille en fonction de leurs besoins, et dans la limite des places disponibles, un \naccueil de jour ou en milieu ordinaire, \u00e0 titre permanent, temporaire ou selon un mode \ns\u00e9quentiel. \n \n \nARTICLE 3e :  Conform\u00e9ment aux termes du dernier alin\u00e9a du I de l'article D. 312 -0-3 du code de \nl'action sociale et des familles, a ucune sp\u00e9cialisation n'exclut la prise en charge de \npersonnes pr\u00e9sentant des troubles associ\u00e9s \u00e0 ceux qui font l'objet de la pr\u00e9sente \nautorisation.  \n \n \nARTICLE 4e :  Cette structure est r\u00e9pertori\u00e9e dans le Fichier National des Etablissements Sanitaires \net Sociaux (FINESS) de la fa\u00e7on suivante : \n \nN\u00b0 FINESS de l'\u00e9tablissement : 92 069 001 3 \n \nCode cat\u00e9gorie : [183] - Institut M\u00e9dico-Educatif (IME) \nCode discipline :  \n \n[844] - Tous projets \u00e9ducatifs, p\u00e9dagogiques et \nth\u00e9rapeutiques \n \nCode \nfonctionnement : \n[21] \u2013 Accueil de jour \n[16] \u2013 Prestation en milieu ordinaire \n \n  45 places \n  25 places  \nCode client\u00e8les : \n \n[117] \u2013 D\u00e9ficience intellectuelle  \n[437] \u2013 Troubles du Spectre de l'Autisme  \n \n  28 places \n  42 places \n \n            Code mode de fixation des tarifs : [57] \u2013 ARS / dotation globalis\u00e9e CPOM \n \nN\u00b0 FINESS du gestionnaire : 77 070 002 9 \n \nCode statut : [63] \u2013 Fondation \n \n \nARTICLE 5e :  La pr\u00e9sente autorisation est valable sous r\u00e9serve du r\u00e9sultat positif de la visite de \nconformit\u00e9 pr\u00e9vue par l'article L. 313-6 du code de l'action sociale et des familles.  \n \nARTICLE 6e :   Elle est caduque en l'absence d'ouverture au public de l'\u00e9tablissement ou du service \ndans un d\u00e9lai de quatre ann\u00e9es suivant la notification de la d\u00e9cision d'autorisation  \nconform\u00e9ment aux articles L. 313-1 et D. 313-7-2 du code de l'action sociale et des \nfamilles. \n \nARTICLE 7e :   Tout changement important dans l'activit\u00e9, l'installation, l'organisation, la direction ou \nle fonctionnement de l'\u00e9tablissement ou du service doit \u00eatre port\u00e9 \u00e0 la connaissance \nde l'autorit\u00e9 comp\u00e9tente. \n \nARTICLE 8e :  Un recours contre le pr\u00e9sent arr\u00eat\u00e9 peut \u00eatre form\u00e9 devant le tribunal administratif \ncomp\u00e9tent dans un d\u00e9lai de deux mois \u00e0 compter de sa notification ou, pour les tiers, \n\u00e0 compter de sa publication. \n \n \n \nage\n   \n \n       4 \n \nARTICLE 9e :   Le Directeur de la d\u00e9l\u00e9gation d\u00e9partementale des Hauts-de-Seine de l'Agence \nr\u00e9gionale de sant\u00e9 \u00cele-de-France est charg\u00e9 de l'ex\u00e9cution du pr\u00e9sent arr\u00eat\u00e9 qui sera \npubli\u00e9 au recueil des actes administratifs de la R\u00e9gion \u00cele -de-France et au bulletin \nofficiel du D\u00e9partement des Hauts-de-Seine. \n \n \n \n \n \n        Fait \u00e0 Saint-Denis, le 8 octobre 2025  \n \n Pour le Directeur g\u00e9n\u00e9ral  \n de l'Agence r\u00e9gionale de sant\u00e9  \n  \u00cele-de-France et par d\u00e9l\u00e9gation \n                  \n \n                      \n \n \n   St\u00e9phanie TALBOT \n\nREPUBLIQUEFRANCAISELibert\u00e9Egalit\u00e9Fraternit\u00e9\n\u00a9 D Agence R\u00e9gionale de Sant\u00e9Ile-de-France\n \n \n \n \n \n \n \n \n \n \nAGENCE R\u00c9GIONALE DE SANT\u00c9 \u00ceLE-DE-FRANCE \nARRETE N\u00b0 2025 \u2013 214  \n  \nportant autorisation d'extension de capacit\u00e9 de 220 \u00e0 230 places du Service d'\u00e9ducation \nsp\u00e9ciale et de soins \u00e0 domicile (SESSAD) du Val d'Or pour la cr\u00e9ation d'un Dispositif \nd'autor\u00e9gulation (DAR) sur la commune de Suresnes (92150) \n \ng\u00e9r\u00e9 par l'association Les Papillons Blancs de la Colline \n \n \nLE DIRECTEUR G\u00c9N\u00c9RAL DE L'AGENCE R\u00c9GIONALE DE SANT\u00c9 \u00ceLE-DE-FRANCE \n \n \nVU le code de l'action sociale et des familles et notamment les articles L. 312 -1, L. 313-1, L. \n314-3 et suivants, les articles R313-1 et suivants et l'article R121-12-19 ; \n \nVU le d\u00e9cret du 10 avril 2024 portant nomination de Monsieur Denis ROBIN, Directeur g\u00e9n\u00e9ral \nde l'Agence r\u00e9gionale de sant\u00e9 \u00cele-de-France \u00e0 compter du 29 avril 2024 ; \n \nVU l'arr\u00eat\u00e9 n\u00b0 DIRNOV-2023/08 de la Directrice g\u00e9n\u00e9rale de l'Agence r\u00e9gionale de sant\u00e9 \u00cele-\nde-France en date du 26 octobre 2023 portant adoption du cadre d'orientation strat\u00e9gique \n2018-2028 du projet r\u00e9gional de sant\u00e9 d'\u00cele-de-France ; \n \nVU l'arr\u00eat\u00e9 n\u00b0 DIRNOV-2023/09 de la Directrice g\u00e9n\u00e9rale de l'Agence r\u00e9gionale de sant\u00e9 \u00cele-\nde-France en date du 26 octobre 2023 portant adoption du sch\u00e9ma r\u00e9gional de sant\u00e9 \n2023-2028 modifi\u00e9 par l'arr\u00eat\u00e9 n\u00b0DIRNOV-2023/09 en date du 12 janvier 2024 ; \n \nVU l'arr\u00eat\u00e9 n\u00b0 2023-346 de la Directrice g\u00e9n\u00e9rale de l'Agence r\u00e9gionale de sant\u00e9 \u00cele-de-France \nen date du 4 d\u00e9cembre 2023 \u00e9tablissant le programme interd\u00e9partemental \nd'accompagnement des handicaps et de la perte d'autonomie (PRIAC) 2023-2027 pour la \nr\u00e9gion \u00cele-de-France ; \n \nVU l'arr\u00eat\u00e9 du Pr\u00e9fet des Hauts-de-Seine n\u00b0 2006-160 du 25 ao\u00fbt 2006 modifi\u00e9 par l'arr\u00eat\u00e9 \n2006-198 du 10 octobre 2006 autorisant l'association Les Papillons Blancs de Saint-Cloud \n\u00e0 cr\u00e9er un Service d'\u00e9ducation sp\u00e9ciale et de soins \u00e0 domicile (SESSAD) ; L'arr\u00eat\u00e9 2006-\n198 a port\u00e9 la capacit\u00e9 d'accueil \u00e0 25 places ; \n \nVU l'arr\u00eat\u00e9 du Directeur g\u00e9n\u00e9ral de l'Agence r\u00e9gionale de sant\u00e9 \u00cele-de-France n\u00b0 2024-266 du \n28 ao \u00fbt 2024 autorisant  l'extension de capacit\u00e9 de 25 places du Service d'\u00e9ducation \nsp\u00e9ciale et de soins \u00e0 domicile (SESSAD) du Val d'Or sur la commune de Ch\u00e2tenay -\nMalabry (92290), portant la capacit\u00e9 du service \u00e0 220 places ; \n \nVU le contrat pluriannuel d'objectifs et de moyens portant sur les ann\u00e9es 2023-2027 sign\u00e9 le \n19 d\u00e9cembre 2022 ; \n \nVU  l'avis d'appel \u00e0 candidatures, qui s'inscrit dans le cadre de la Strat\u00e9gie Nationale Autisme \nau sein des troubles du neuro-d\u00e9veloppement 2023-2027, visant la cr\u00e9ation d'un dispositif \nd'autor\u00e9gulation (DAR) au coll\u00e8ge pour des \u00e9l\u00e8ves pr\u00e9sentant des troubles du neuro -\nd\u00e9veloppement publi\u00e9 le 6 ao\u00fbt 2024 au Recueil des actes administratifs de la r\u00e9gion \u00cele-\nde-France ; \n       2 \n \nVU  les r\u00e9sultats de la mise en concurrence pr\u00e9cit\u00e9e publi\u00e9s sur le site internet de l'Agence \nr\u00e9gionale de sant\u00e9 \u00cele-de-France le 4 avril 2025 ; \n \n \nCONSIDERANT que le projet d\u00e9pos\u00e9 par l'association Les Papillons Blancs de la Colline, \ndont le si\u00e8ge social est situ\u00e9 155 Bureaux de la Colline, 92210 Saint-Cloud, \na \u00e9t\u00e9 retenu ; \n \nque ce projet constitue une augmentation de capacit\u00e9 de 220 \u00e0 230 places \namenant \u00e0 180 % l'augmentation cumul\u00e9e de la capacit\u00e9 d'accueil du \nSESSAD du Val d'Or depuis le renouvellement de son autorisation le 14 \nd\u00e9cembre 2016 ; \n \nCONSID\u00c9RANT qu'au regard de l'article D313-2 du Code de l'action sociale et des familles, \nles demandes d'augmentation capacitaire au -del\u00e0 de 30% ou, par \nexception, au-del\u00e0 de 100% de la capacit\u00e9 actuellement autoris\u00e9e doivent \nfaire l'objet d'une proc\u00e9dure d'appel \u00e0 projet ;  \n \ncependant, qu'en application de l'article R1435 -40 du Code de la sant\u00e9 \npublique et de l'article R. 121 -12-19 du Code de l'action sociale et des \nfamilles, le Directeur g\u00e9n\u00e9ral de l'Agence r\u00e9gionale de sant\u00e9 peut d\u00e9roger, \nsur son territoire, \u00e0 des normes arr\u00eat\u00e9es par l'administration de l'Etat pour \nprendre des d\u00e9cisions non r\u00e9glementaires relevant de sa comp\u00e9tence, \nconcernant notamment les autorisations en mati\u00e8re de cr\u00e9ation et \nd'activit\u00e9s des \u00e9tablissements et services m\u00e9dico -sociaux mentionn\u00e9s \u00e0 \nl'article L.313-3 du code de l'action sociale et des familles ;  \n \nCONSID\u00c9RANT  que le projet r\u00e9pond au besoin de d\u00e9veloppement de l'offre m\u00e9dico-sociale \nidentifi\u00e9 plus particuli\u00e8rement sur le d\u00e9partement des Hauts-de-Seine, qui \nne dispose pas de dispositif d'autor\u00e9gulation au coll\u00e8ge sur son territoire ; \n \nCONSIDERANT que ce projet r\u00e9pond \u00e0 un objectif d'int\u00e9r\u00eat g\u00e9n\u00e9ral de par sa compatibilit\u00e9 \navec les objectifs et sa r\u00e9ponse apport\u00e9e aux besoins sociaux et m\u00e9dico -\nsociaux fix\u00e9s par le sch\u00e9ma r\u00e9gional de sant\u00e9 ; \n \nCONSID\u00c9RANT qu'il r\u00e9pond \u00e0 des circonstances locales en venant renforcer l'offre \u00e0 \ndestination des \u00e9l\u00e8ves scolaris\u00e9s au coll\u00e8ge et pr\u00e9sentant des troubles du \nneuro-d\u00e9veloppement dans le Nord du d\u00e9partement des Hauts-de-Seine ; \n   \nCONSID\u00c9RANT qu'il satisfait aux r\u00e8gles d'organisation et de fonctionnement pr\u00e9vues par le \ncode de l'action sociale et des familles ; \n \nCONSIDERANT qu'au vu des \u00e9l\u00e9ments pr\u00e9cit\u00e9s (d\u00e9veloppement rapide d'une offre nouvelle \npermettant l'accompagnement d'\u00e9l\u00e8ves pr\u00e9sentant des troubles du neuro-\nd\u00e9veloppement au sein d'un territoire  non dot\u00e9 en offre de dispositif \nd'autor\u00e9gulation au coll\u00e8ge), il est d\u00e9cid\u00e9 de d\u00e9roger aux dispositions de \nl'article D313-2 du Code de l'action sociale et des familles et d'autoriser \nl'extension capacitaire sollicit\u00e9e ;  \n \nCONSID\u00c9RANT que le projet pr\u00e9sente un co\u00fbt de fonctionnement  en ann\u00e9e pleine \ncompatible avec le PRIAC  \u00cele-de-France et avec le montant de l'une des \ndotations mentionn\u00e9es \u00e0 l'article L. 314-3 du code de l'action sociale et des \nfamilles ; \n       3 \n \nCONSID\u00c9RANT que l'Agence r\u00e9gionale de sant\u00e9 \u00cele-de-France dispose pour ce projet des \ncr\u00e9dits n\u00e9cessaires \u00e0 sa mise en \u0153uvre \u00e0 hauteur de 180 000 euros au \ntitre de l'enveloppe \u00ab Conf\u00e9rence Nationale du Handicap \u00bb enfance ; \n \n \nARR\u00caTE  \n \nARTICLE 1er :  L'autorisation visant \u00e0 l'extension de capacit\u00e9 de  10 places du Service d'\u00e9ducation \nsp\u00e9ciale et de soins \u00e0 domicile (SESSAD) du Val d'Or par la cr\u00e9ation d'un dispositif \nd'autor\u00e9gulation sur la commune de Suresnes (92150), est accord\u00e9e \u00e0 l'association \nLes Papillons Blancs de la Colline dont le si\u00e8ge social est situ\u00e9 155 Bureaux de la \nColline \u00e0 Saint-Cloud (92210). \nCe dispositif sera mis en \u0153uvre au sein du coll\u00e8ge Emile Zola , situ\u00e9 46 avenue \nFranklin Roosevelt \u00e0 Suresnes. \n \nEn application de l'article R. 121-12-19 du Code de l'action sociale et des familles, le \nseuil d'extension pr\u00e9vu par cet article est fix\u00e9  par d\u00e9rogation, dans le cadre de la \npr\u00e9sente autorisation, \u00e0 hauteur de 180% de la capacit\u00e9 du SESSAD. \n \n \nARTICLE 2e :  La capacit\u00e9 du SESSAD du Val d'Or est d\u00e9sormais de 2 30 places destin\u00e9es \u00e0 \nl'accompagnement d'enfants et jeunes adultes pr\u00e9sentant des troubles du spectre de \nl'autisme et du neuro-d\u00e9veloppement. Elles sont r\u00e9parties comme suit : \n SESSAD : \n\u2022 28 places au 5 rue Gaston Rollin \u00e0 Saint-Cloud ; \n\u2022 60 places au 3 promenade de la Bonnette \u00e0 Gennevilliers ; \n\u2022 50 places au 416 avenue de la Division Leclerc \u00e0 Ch\u00e2tenay-Malabry. \n \n UEMA (Unit\u00e9 d'Enseignement Maternelle Autisme) : \n\u2022 7 places au sein de l'\u00e9cole maternelle de l'institution Saint -Dominique 23 quartier \nboulevard d'Argenson \u00e0 Neuilly-sur-Seine ; \n\u2022 7 places au sein de l'\u00e9cole maternelle La Farandole 2 Villa de la Musique  \u00e0 \nCourbevoie ; \n\u2022 7 places au sein de l'\u00e9cole maternelle Sainte-Marthe 33 ter rue Gabriel Josserand \n\u00e0 Pantin ; \n\u2022 7 places au sein de l'\u00e9cole maternelle Aguado 6 rue Henri Aguado \u00e0 Gennevilliers ; \n\u2022 7 places au sein de l'\u00e9cole maternelle Guy M\u00f4quet 2 avenue Maurice Thorez \u00e0 \nMalakoff ;  \n\u2022 7 places au sein de l'\u00e9cole maternelle Niki de Saint -Phalle 30 rue de Verdun \u00e0 \nBagneux. \n \n UEEA (Unit\u00e9 d'Enseignement El\u00e9mentaire Autisme) : \n\u2022 10 places au sein de l'\u00e9cole \u00e9l\u00e9mentaire Amand Sylvestre 186 rue Armand \nSylvestre \u00e0 Courbevoie ; \n\u2022 10 places au sein du groupe scolaire Langevin Wallon, situ\u00e9 au 8 rue Gatinot \u00e0 \nCh\u00e2tillon. \n \n ULIS (Unit\u00e9 Localis\u00e9e pour l'Inclusion Scolaire) : \n\u2022 10 places au sein du lyc\u00e9e Anatole France 130 boulevard de Valmy \u00e0 Colombes. \n \nDAR (Dispositif d'autor\u00e9gulation) : \n\u2022 DAR \u00e9l\u00e9mentaire : 10 places au sein de l'\u00e9cole \u00e9l\u00e9mentaire La Roue B 50 avenue \nGabriel P\u00e9ri \u00e0 Fontenay-aux-Roses, pour des \u00e9l\u00e8ves pr\u00e9sentant des troubles du \nneuro-d\u00e9veloppement ; \n       4 \n \n\u2022 DAR coll\u00e8ge  : 10 places au sein du coll\u00e8ge Emile Zola 46 avenue Franklin \nRoosevelt \u00e0 Suresne s, pour des \u00e9l\u00e8ves pr\u00e9sentant des troubles du neuro -\nd\u00e9veloppement. \n \n Le SESSAD du Val d'Or porte \u00e9galement deux Equipes Mobiles d'Appui \u00e0 la \nScolarisation (EMASco). \n \n \nARTICLE 3e : Conform\u00e9ment aux termes du dernier alin\u00e9a du I de l'article D. 312 -0-3 du code de \nl'action sociale et des familles, a ucune sp\u00e9cialisation n'exclut la prise en charge de \npersonnes pr\u00e9sentant des troubles associ\u00e9s \u00e0 ceux qui font l'objet de la pr\u00e9sente \nautorisation.  \n \n \nARTICLE 4e : Cette structure est r\u00e9pertori\u00e9e dans le Fichier National des Etablissements Sanitaires \net Sociaux (FINESS) de la fa\u00e7on suivante : \n \nCode cat\u00e9gorie : [182] - Service d'\u00e9ducation sp\u00e9ciale et de soins \u00e0 \ndomicile (SESSAD) \n \nCode discipline : [844] - Tous projets \u00e9ducatifs th\u00e9rapeutiques et \np\u00e9dagogiques \n \nCode fonctionnement : [16] - Prestation en milieu ordinaire : 230 places \n \nCode client\u00e8le : [437] - Troubles du spectre de l'autisme : 210 places \n [442] - Troubles du neuro-d\u00e9veloppement : 20 places \n \nN\u00b0 FINESS de l'\u00e9tablissement : 92 003 038 4 \nCode mode de fixation des tarifs : [57] - ARS /ARS PCD Dotation forfait ou prix de \njourn\u00e9e globalis\u00e9 dans le cadre d'un CPOM \nN\u00b0 FINESS du gestionnaire : 92 071 818 6 \nCode statut : 61 (Association Loi 1901 Reconnue d'Utilit\u00e9 Publique) \n \n \nARTICLE 5e : Conform\u00e9ment aux dispositions de l'article D.313-12-1 du code de l'action sociale et \ndes familles, la pr\u00e9sente autorisation est valable sous r\u00e9serve de la transmission \u00e0 \nl'autorit\u00e9 comp\u00e9tente avant la date d'entr\u00e9e en service de la nouvelle capacit\u00e9 \nautoris\u00e9e, d'une d\u00e9claration sur l'honneur attestant de la conformit\u00e9 de \nl'\u00e9tablissement ou du service aux conditions techniques minimales d'organisation et \nde fonctionnement mentionn\u00e9es au II de l'article L.312-1 du m\u00eame code. \n \n \nARTICLE 6e : Elle est caduque en l'absence d'ouverture au public de l'\u00e9tablissement ou du service \ndans un d\u00e9lai de quatre ans suivant la notification de la d\u00e9cision d'autorisation  \nconform\u00e9ment aux articles L. 313-1 et D. 313-7-2 du code de l'action sociale et des \nfamilles. \n \n \nARTICLE 7e :   Tout changement important dans l'activit\u00e9, l'installation, l'organisation, la direction ou \nle fonctionnement de l'\u00e9tablissement ou du service doit \u00eatre port\u00e9 \u00e0 la connaissance \nde l'autorit\u00e9 comp\u00e9tente. \n \nGI\n       5 \n \nARTICLE 8e : Un recours contre le pr\u00e9sent arr\u00eat\u00e9 peut \u00eatre form\u00e9 devant le tribunal administratif \ncomp\u00e9tent dans un d\u00e9lai de deux mois \u00e0 compter de sa notification ou, pour les tiers, \n\u00e0 compter de sa publication.   \n \n \nARTICLE 9e :   Le Directeur de la d\u00e9l\u00e9gation d\u00e9partementale de s Hauts -de-Seine de l'Agence \nr\u00e9gionale de sant\u00e9 \u00cele-de-France est charg\u00e9 de l'ex\u00e9cution du pr\u00e9sent arr\u00eat\u00e9 qui sera \npubli\u00e9 au recueil des actes administratifs de la R\u00e9gion \u00cele-de-France. \n \n \n Fait \u00e0 Saint-Denis le 19/08/2025 \n \n Pour Le Directeur g\u00e9n\u00e9ral \n de l'Agence r\u00e9gionale de sant\u00e9 \n \u00cele-de-France \n \n La Directrice g\u00e9n\u00e9rale adjointe \n \n \n \n Sophie MARTINON \n \n\nREPUBLIQUEFRANCAISELibert\u00e9Egalit\u00e9Fraternit\u00e9\n\u00a9 D Agence R\u00e9gionale de Sant\u00e9Ile-de-France\n \n \n \n \n \n \n \n \n \nAGENCE R\u00c9GIONALE DE SANT\u00c9 \u00ceLE-DE-FRANCE \n \nARRETE N\u00b0 2025 \u2013 217  \n  \nportant autorisation de mise en \u0153uvre d'une plateforme d'accompagnement et de r\u00e9pit \n(PFR) au sein du Service d'\u00e9ducation sp\u00e9ciale et de soins \u00e0 domicile (SESSAD) Trajectoire \nJeunesse sis 3-5 rue Curie \u00e0 Suresnes (92150), \n \ng\u00e9r\u00e9 par l'association UNAPEI 92 \n \n \n \nLE DIRECTEUR G\u00c9N\u00c9RAL DE L'AGENCE R\u00c9GIONALE DE SANT\u00c9 \u00ceLE-DE-FRANCE \n \nVU le code de l'action sociale et des familles et notamment les articles L. 312-1, L. 313-1, L. \n314-3 et suivants ; \n \nVU        le d\u00e9cret du 10 avril 2024 portant nomination de Monsieur Denis ROBIN, Directeur g\u00e9n\u00e9ral \nde l'Agence r\u00e9gionale de sant\u00e9 \u00cele-de-France \u00e0 compter du 29 avril 2024 ; \n \nVU l'arr\u00eat\u00e9 DS N\u00b0115/2024 du 25 septembre 2024 portant d\u00e9l\u00e9gation de signature \u00e0 Madame \nSt\u00e9phanie TALBOT, Directrice de l'autonomie ; \n \nVU l'arr\u00eat\u00e9 n\u00b0 DIRNOV-2023/08 de la Directrice g\u00e9n\u00e9rale de l'Agence r\u00e9gionale de sant\u00e9 \u00cele-\nde-France en date du 26 octobre 2023 portant adoption du cadre d'orientation strat\u00e9gique \n2018-2028 du projet r\u00e9gional de sant\u00e9 d'\u00cele-de-France ; \n \nVU l'arr\u00eat\u00e9 n\u00b0 DIRNOV-2023/09 de la Directrice g\u00e9n\u00e9rale de l'Agence r\u00e9gionale de sant\u00e9 \u00cele-\nde-France en date du 26 octobre 2023 portant adoption du sch\u00e9ma r\u00e9gional de sant\u00e9 \n2023-2028 du projet r\u00e9gional de sant\u00e9 d' \u00cele-de-France, modifi\u00e9 par l'arr\u00eat\u00e9 n\u00b0DIRNOV -\n2023/09 en date du 12 janvier 2024 ; \n \nVU l'arr\u00eat\u00e9 n\u00b0 2023-346 de la Directrice g\u00e9n\u00e9rale de l'Agence r\u00e9gionale de sant\u00e9 \u00cele-de-France \nen date du 4 d\u00e9cembre 2023 \u00e9tablissant le programme interd\u00e9partemental \nd'accompagnement des handicaps et de la perte d'autonomie (PRIAC) 2023-2027 pour la \nr\u00e9gion \u00cele-de-France ; \n \nVU l'arr\u00eat\u00e9 97 -2436 du 23 oc tobre 1997  portant autorisation du SESSAD Trajectoire \nJeunesse ; \n \nVU le contrat pluriannuel d'objectifs et de moyens portant sur les ann\u00e9es 2024 \u00e0 2028 sign\u00e9 \nle 27/12/2023 ; \n \nVU l'appel \u00e0 candidatures (AAC) publi\u00e9 le 6 novembre 2024 sur le site internet de l'Agence \nr\u00e9gionale de sant\u00e9 \u00cele -de-France pour la cr\u00e9ation de plateformes d'accompagnement et \nde r\u00e9pit (PFR) pour personnes en situation de handicap dans le d\u00e9partement des Hauts-\nde-Seine ; \n \n       2 \n \nVU le courrier d'annonce des r\u00e9sultats de l'AAC en date du 6 mai 2025 informant l'association \nUNAPEI 92 de la s\u00e9lection de leur projet ; \n \n \n \nCONSID\u00c9RANT  que le projet de mise en place d'une plateforme d'accompagnement et de \nr\u00e9pit r\u00e9pond \u00e0 un besoin de d\u00e9veloppement de l'offre m\u00e9dico -sociale \nidentifi\u00e9 dans le cadre de la strat\u00e9gie de l'aide aux aidants sur le \nd\u00e9partement des Hauts-de-Seine pour les personnes concern\u00e9es ; \n \nCONSID\u00c9RANT qu'il est compatible avec les objectifs et r\u00e9pond aux besoins sociaux et \nm\u00e9dico-sociaux fix\u00e9s par le sch\u00e9ma r\u00e9gional de sant\u00e9 ;  \n \nCONSID\u00c9RANT qu'il satisfait aux r\u00e8gles d'organisation et de fonctionnement pr\u00e9vues par le \ncode de l'action sociale et des familles ;  \n \nCONSID\u00c9RANT qu'il pr\u00e9sente un co\u00fbt de fonctionnement en ann\u00e9e pleine compatible avec \nle PRIAC  \u00cele-de-France et avec le montant de l'une des dotations \nmentionn\u00e9es \u00e0 l'article L. 314-3 du code de l'action sociale et des familles ; \n \nCONSID\u00c9RANT que l'Agence r\u00e9gionale de sant\u00e9 \u00cele-de-France dispose pour ce projet des \ncr\u00e9dits n\u00e9cessaires \u00e0 sa mise en \u0153uvre \u00e0 hauteur de 170 000 \u20ac.  \n \n \n \nARR\u00caTE  \n \nARTICLE 1er :  L'autorisation visant \u00e0 l'extension du SESSAD Trajectoire Jeunesse pour la mise en \n\u0153uvre d'une plateforme d'accompagnement et de r\u00e9pit (PFR) sise 3-5 rue Curie \u00e0 \nSuresnes (92150) destin\u00e9e \u00e0 accueillir des proches aidants de personnes en situation \nde handicap est accord\u00e9e \u00e0 l'association UNAPEI 92 dont le si\u00e8ge social est situ\u00e9 au \n119-121 Grande Rue \u00e0 S\u00e8vres (92310).  \n \nARTICLE 2e :  La cr\u00e9ation de la PFR au sein du SESSAD Trajectoire Jeunesse ne donne pas lieu \u00e0 \nune augmentation de la capacit\u00e9 de ce dernier, la capacit\u00e9 totale de 45 places du \nSESSAD qui prend en charge des enfants et jeunes adultes de 0 \u00e0 20 ans pr\u00e9sentant \ndes d\u00e9ficiences intellectuelles reste donc inchang\u00e9e. \n \nARTICLE 3e :  Conform\u00e9ment aux termes du dernier alin\u00e9a du I de l'article D. 312 -0-3 du code de \nl'action sociale et des familles, aucune sp\u00e9cialisation n'exclut la prise en charge de \npersonnes pr\u00e9sentant des troubles associ\u00e9s \u00e0 ceux qui font l'objet de la pr\u00e9sente \nautorisation.  \n \nARTICLE 4e :  Le dispositif plateforme de r\u00e9pit (PFR) est r\u00e9pertori\u00e9 dans le Fichier National des \nEtablissements Sanitaires et Sociaux (FINESS) de la fa\u00e7on suivante : \n \nN\u00b0 FINESS de l'\u00e9tablissement : 920022720 \n \nCode cat\u00e9gorie : [182] - Service d'Education Sp\u00e9ciale et de Soins \u00e0 Domicile \nCode discipline :  \n \n[844] - Tous projets \u00e9ducatifs th\u00e9rapeutiques et \np\u00e9dagogiques \n[963] - Plateforme d'accompagnement et de r\u00e9pit des \naidants \n \ngia\"\n       3 \n \n \nCode fonctionnement :  \n \n[16] \u2013 Prestations en milieu ordinaire \n \n \n45 places  \nCode client\u00e8le : \n \n[117] \u2013 D\u00e9ficience intellectuelle  \n[042] \u2013 Aidants/aid\u00e9s PH \u2013 Aidants/aid\u00e9s tous types \nde handicap \n45 places \n \nCode m ode de f ixation des tarifs  : 57 + ARS /ARS PCD Dotation forfait ou prix de \njourn\u00e9e globalis\u00e9 \n \nN\u00b0 FINESS du gestionnaire : 92 080 097 6 \n \nCode statut : 61 + Association Loi 1901 \n \n \nARTICLE 5e :   Conform\u00e9ment aux dispositions de l'article D. 313-12-1 du code de l'action sociale et \ndes familles, la pr\u00e9sente autorisation est valable sous r\u00e9serve de la transmission, aux \nautorit\u00e9s comp\u00e9tentes , avant la date d'entr\u00e9e en service de la nouvelle capacit\u00e9 \nautoris\u00e9e, d'une d\u00e9claration sur l'honneur attestant de la conformit\u00e9 de \nl'\u00e9tablissement ou du service aux conditions techniques minimales d'organisation et \nde fonctionnement mentionn\u00e9es au II de l'article L. 312-1 du m\u00eame code. \n \nARTICLE 6e :   Elle est caduque en l'absence d'ouverture au public de l'\u00e9tablissement ou du service \ndans un d\u00e9lai de quatre ans suivant la notification de la d\u00e9cision d'autorisation  \nconform\u00e9ment aux articles L. 313-1 et D. 313-7-2 du code de l'action sociale et des \nfamilles. \n \nARTICLE 7e :   Tout changement important dans l'activit\u00e9, l'installation, l'organisation, la direction ou \nle fonctionnement de l'\u00e9tablissement ou du service doit \u00eatre port\u00e9 \u00e0 la connaissance \nde l'autorit\u00e9 comp\u00e9tente. \n \nARTICLE 8e :  Un recours contre le pr\u00e9sent arr\u00eat\u00e9 peut \u00eatre form\u00e9 devant le tribunal administratif \ncomp\u00e9tent dans un d\u00e9lai de deux mois \u00e0 compter de sa notification ou, pour les tiers, \n\u00e0 compter de sa publication.   \n \nARTICLE 9e :   Le Directeur  de la d\u00e9l\u00e9gation  d\u00e9partementale des Hauts -de-Seine de l'Agence \nr\u00e9gionale de sant\u00e9 \u00cele-de-France est charg\u00e9 de l'ex\u00e9cution du pr\u00e9sent arr\u00eat\u00e9 qui sera \npubli\u00e9 au recueil des acte s administratifs de la R\u00e9gion \u00cele-de-France et du \nd\u00e9partement des Hauts-de-Seine. \n \n. \n \n        Fait \u00e0 Saint-Denis, 21 juillet 2025 \n \n Pour le Directeur g\u00e9n\u00e9ral  \n de l'Agence r\u00e9gionale de sant\u00e9  \n  \u00cele-de-France et par d\u00e9l\u00e9gation \n                                       \n \n \n \n \n    St\u00e9phanie TALBOT \n \n\nREPUBLIQUEFRANCAISELibert\u00e9Egalit\u00e9Fraternit\u00e9 \u00a9 D Agence R\u00e9gionale de Sant\u00e9Ile-de-France\n \n \n \n \n \n \n \n \n \nAGENCE R\u00c9GIONALE DE SANT\u00c9 \u00ceLE-DE-FRANCE \n \nARRETE N\u00b0 2025 \u2013 219  \n  \nportant autorisation de mise en \u0153uvre d'une plateforme d'accompagnement et de r\u00e9pit \n(PFR) au sein du Service d'accompagnement m\u00e9dico-social pour adultes handicap\u00e9s \n(SAMSAH) Altitude, sis 63 avenue Jean Jaur\u00e8s \u00e0 Clamart (92140), \n \ng\u00e9r\u00e9 par la Fondation des Amis de l'Atelier (FAA) \n \n \n \nLE DIRECTEUR G\u00c9N\u00c9RAL DE L'AGENCE R\u00c9GIONALE DE SANT\u00c9 \u00ceLE-DE-FRANCE \n \nVU le code de l'action sociale et des familles et notamment les articles L. 312-1, L. 313-1, L. \n314-3 et suivants ; \n \nVU        le d\u00e9cret du 10 avril 2024 portant nomination de Monsieur Denis ROBIN, Directeur g\u00e9n\u00e9ral \nde l'Agence r\u00e9gionale de sant\u00e9 \u00cele-de-France \u00e0 compter du 29 avril 2024 ; \n \nVU l'arr\u00eat\u00e9 DS N\u00b0115/2024 du 25 septembre 2024 portant d\u00e9l\u00e9gation de signature \u00e0 Madame \nSt\u00e9phanie TALBOT, Directrice de l'autonomie ; \n \nVU l'arr\u00eat\u00e9 n\u00b0 DIRNOV-2023/08 de la Directrice g\u00e9n\u00e9rale de l'Agence r\u00e9gionale de sant\u00e9 \u00cele-\nde-France en date du 26 octobre 2023 portant adoption du cadre d'orientation strat\u00e9gique \n2018-2028 du projet r\u00e9gional de sant\u00e9 d'\u00cele-de-France ; \n \nVU l'arr\u00eat\u00e9 n\u00b0 DIRNOV-2023/09 de la Directrice g\u00e9n\u00e9rale de l'Agence r\u00e9gionale de sant\u00e9 \u00cele-\nde-France en date du 26 octobre 2023 portant adoption du sch\u00e9ma r\u00e9gional de sant\u00e9 \n2023-2028 du projet r\u00e9gional de sant\u00e9 d' \u00cele-de-France, modifi\u00e9 par l'arr\u00eat\u00e9 n\u00b0DIRNOV -\n2023/09 en date du 12 janvier 2024 ; \n \nVU l'arr\u00eat\u00e9 n\u00b0 2023-346 de la Directrice g\u00e9n\u00e9rale de l'Agence r\u00e9gionale de sant\u00e9 \u00cele-de-France \nen date du 4 d\u00e9cembre 2023 \u00e9tablissant le programme interd\u00e9partemental \nd'accompagnement des handicaps et de la perte d'autonomie (PRIAC) 2023-2027 pour la \nr\u00e9gion \u00cele-de-France ; \n \nVU l'arr\u00eat\u00e9 du 28 f\u00e9vrier 1998 portant autorisation du SAMSAH Altitude 92 ; \n \nVU le contrat pluriannuel d'objectifs et de moyens portant sur les ann\u00e9es 2022 \u00e0 2026 sign\u00e9 \nle 27/12/2023 ; \n \nVU l'arr\u00eat\u00e9 n\u00b0 2024-316 du 24 septembre 2024 portant autorisation d'extension de capacit\u00e9 \nde 46 \u00e0 69 places du SAMSAH Altitude g\u00e9r\u00e9 par la Fondation des Amis de l'Atelier ; \n \nVU l'appel \u00e0 candidatures (AAC) publi\u00e9 le 6 novembre 2024 sur le site internet de l'Agence \nr\u00e9gionale de sant\u00e9 \u00cele -de-France pour la cr\u00e9ation de plateformes d'accompagnement et \nde r\u00e9pit (PFR) pour personnes en situation de handicap dans le d\u00e9partement des Hauts-\nde-Seine ; \n       2 \n \n \nVU le courrier d'annonce des r\u00e9sultats de l'AAC en date du 6 mai 2025 informant la Fondation \ndes Amis de l'Atelier de la s\u00e9lection de leur projet ; \n \n \n \n \nCONSID\u00c9RANT  que le projet de mise en place d'une plateforme d'accompagnement et de \nr\u00e9pit r\u00e9pond \u00e0 un besoin de d\u00e9veloppement de l'offre m\u00e9dico -sociale \nidentifi\u00e9 dans le cadre de la strat\u00e9gie de l'aide aux aidants sur le \nd\u00e9partement des Hauts-de-Seine pour les personnes concern\u00e9es ; \n \nCONSID\u00c9RANT qu'il est compatible avec les objectifs et r\u00e9pond aux besoins sociaux et \nm\u00e9dico-sociaux fix\u00e9s par le sch\u00e9ma r\u00e9gional de sant\u00e9 ;  \n \nCONSID\u00c9RANT qu'il satisfait aux r\u00e8gles d'organisation et de fonctionnement pr\u00e9vues par le \ncode de l'action sociale et des familles ;  \n \nCONSID\u00c9RANT qu'il pr\u00e9sente un co\u00fbt de fonctionnement en ann\u00e9e pleine compatible avec \nle PRIAC  \u00cele-de-France et avec le montant de l'une des dotations \nmentionn\u00e9es \u00e0 l'article L. 314-3 du code de l'action sociale et des familles ; \n \nCONSID\u00c9RANT que l'Agence r\u00e9gionale de sant\u00e9 \u00cele-de-France dispose pour ce projet des \ncr\u00e9dits n\u00e9cessaires \u00e0 sa mise en \u0153uvre \u00e0 hauteur de 170 000 \u20ac.  \n \n \n \n \nARR\u00caTE  \n \nARTICLE 1er :  L'autorisation visant \u00e0 l'extension du SAMSAH Altitude 92  pour la mise en \u0153uvre \nd'une plateforme d'accompagnement et de r\u00e9pit (PFR) sise 63 Avenue Jean Jaur\u00e8s \n\u00e0 Clamart (92140) destin\u00e9e \u00e0 accueillir des proches aidants de personnes en situation \nde handicap est accord\u00e9e \u00e0 la Fondation des Amis de l'Atelier dont le si\u00e8ge social est \nsitu\u00e9 au 17 rue de l'Egalit\u00e9 \u00e0 Chatenay Malabry (92290). \n \nARTICLE 2e :  La cr\u00e9ation de la PFR au sein du SAMSAH Altitude 92 ne donne pas lieu \u00e0 une \naugmentation de la capacit\u00e9 de ce dernier, l a capacit\u00e9 totale de 69 places du \nSAMSAH qui prend en charge des adultes \u00e0 partir de 20 ans pr\u00e9sentant un handicap \npsychique ou des troubles du spectre de l'autisme reste donc inchang\u00e9e. \n \nARTICLE 3e :  Conform\u00e9ment aux termes du dernier alin\u00e9a du I de l'article D. 312 -0-3 du code de \nl'action sociale et des familles, aucune sp\u00e9cialisation n'exclut la prise en charge de \npersonnes pr\u00e9sentant des troubles associ\u00e9s \u00e0 ceux qui font l'objet de la pr\u00e9sente \nautorisation.  \n \nARTICLE 4e :  Cette structure est r\u00e9pertori\u00e9e dans le Fichier National des Etablissements Sanitaires \net Sociaux (FINESS) de la fa\u00e7on suivante : \n \nN\u00b0 FINESS de l'\u00e9tablissement : 780025284 \n \nCode cat\u00e9gorie : [445] \u2013 Service d'Accompagnement m\u00e9dico -social pour adultes \nhandicap\u00e9s \n \ngia?\n       3 \n \nCode discipline :  \n \n[966] \u2013 Accueil et accompagnement m\u00e9dicalis\u00e9 personnes \nhandicap\u00e9es \n[963] Plateforme d'accompagnement et de r\u00e9pit des aidants \n \nCode fonctionnement :  \n \n[16] \u2013 Prestation en milieu ordinaire 69 places \nCode client\u00e8le : \n \n[206] \u2013 Handicap psychique \n[437] \u2013 Troubles du spectre de l'autisme \n[042] \u2013 Aidants/aid\u00e9s PH \u2013 Aidants/aid\u00e9s tous types de \nhandicap \n23 places \n46 places \n \nCode m ode de f ixation des tarifs  : 57 + ARS /ARS PCD Dotation forfait ou prix de \njourn\u00e9e globalis\u00e9 \n \nN\u00b0 FINESS du gestionnaire : 92 000 141 9 \n \nCode statut : 61 + Association Loi 1901 \n \nARTICLE 5e :   Conform\u00e9ment aux dispositions de l'article D. 313-12-1 du code de l'action sociale et \ndes familles, la pr\u00e9sente autorisation est valable sous r\u00e9serve de la transmission, aux \nautorit\u00e9s comp\u00e9tentes , avant la date d'entr\u00e9e en service de la nouvelle capacit\u00e9 \nautoris\u00e9e, d'une d\u00e9claration sur l'honneur attestant de la conformit\u00e9 de \nl'\u00e9tablissement ou du service aux conditions techniques minimales d'organisation et \nde fonctionnement mentionn\u00e9es au II de l'article L. 312-1 du m\u00eame code. \n \nARTICLE 6e :   Elle est caduque en l'absence d'ouverture au public de l'\u00e9tablissement ou du service \ndans un d\u00e9lai de quatre ans suivant la notification de la d\u00e9cision d'autorisation  \nconform\u00e9ment aux articles L. 313-1 et D. 313-7-2 du code de l'action sociale et des \nfamilles. \n \nARTICLE 7e :   Tout changement important dans l'activit\u00e9, l'installation, l'organisation, la direction ou \nle fonctionnement de l'\u00e9tablissement ou du service doit \u00eatre port\u00e9 \u00e0 la connaissance \nde l'autorit\u00e9 comp\u00e9tente. \n \nARTICLE 8e :  Un recours contre le pr\u00e9sent arr\u00eat\u00e9 peut \u00eatre form\u00e9 devant le tribunal administratif \ncomp\u00e9tent dans un d\u00e9lai de deux mois \u00e0 compter de sa notification ou, pour les tiers, \n\u00e0 compter de sa publication.   \n \nARTICLE 9e :   Le Directeur  de la d\u00e9l\u00e9gation  d\u00e9partementale des Hauts-de-Seine de l'Agence \nr\u00e9gionale de sant\u00e9 \u00cele-de-France est charg\u00e9 de l'ex\u00e9cution du pr\u00e9sent arr\u00eat\u00e9 qui sera \npubli\u00e9 au recueil des actes administratifs de la R\u00e9gion \u00cele-de-France. \n \n \n \n \n        Fait \u00e0 Saint-Denis, le 21 juillet 2025  \n \n Pour le Directeur g\u00e9n\u00e9ral  \n de l'Agence r\u00e9gionale de sant\u00e9  \n  \u00cele-de-France et par d\u00e9l\u00e9gation \n                                       \n \n \n \n    St\u00e9phanie TALBOT \n\nREPUBLIQUEFRANCAISELibert\u00e9\u00c9galit\u00e9Fraternit\u00e9\n\u00a9 D Agence R\u00e9gionale de Sant\u00e9Ile-de-France\n \n \n \n \n \n \n \n \nAGENCE R\u00c9GIONALE DE SANT\u00c9 \u00ceLE-DE-FRANCE \n \nARRETE N\u00b02025 - 252 \n  \nportant autorisation d'extension de capacit\u00e9 de 85 \u00e0 95 places de l'institut m\u00e9dico-\u00e9ducatif \n(IME) \u00ab Les Peupliers \u00bb sis 10-12 rue Gustave Guillaumet \u00e0 S\u00e8vres (92310),  \n \ng\u00e9r\u00e9 par l'association Union Nationale des Associations de Parents d'Enfants Inadapt\u00e9s \n(UNAPEI) Hauts-de-Seine 92 \n    \n \n \n \n \nLE DIRECTEUR G\u00c9N\u00c9RAL DE L'AGENCE R\u00c9GIONALE DE SANT\u00c9 \u00ceLE-DE-FRANCE \n \nVU le code de l'action sociale et des familles et notamment les articles L. 312-1, L. 313-1, L. \n314-3 et suivants ; \n \nVU        le d\u00e9cret du 10 avril 2024 portant nomination de Monsieur Denis ROBIN, Directeur g\u00e9n\u00e9ral \nde l'Agence r\u00e9gionale de sant\u00e9 \u00cele-de-France \u00e0 compter du 29 avril 2024 ; \n \nVU l'arr\u00eat\u00e9 DS N\u00b0115/2024 du 25 septembre 2024 portant d\u00e9l\u00e9gation de signature \u00e0 Madame \nSt\u00e9phanie TALBOT, Directrice de l'autonomie ; \n \nVU l'arr\u00eat\u00e9 n\u00b0 DIRNOV-2023/08 de la Directrice g\u00e9n\u00e9rale de l'Agence r\u00e9gionale de sant\u00e9 \u00cele-\nde-France en date du 26 octobre 2023 portant adoption du cadre d'orientation strat\u00e9gique \n2018-2028 du projet r\u00e9gional de sant\u00e9 d'\u00cele-de-France ; \n \nVU l'arr\u00eat\u00e9 n\u00b0 DIRNOV-2023/09 de la Directrice g\u00e9n\u00e9rale de l'Agence r\u00e9gionale de sant\u00e9 \u00cele-\nde-France en date du 26 octobre 2023 portant adoption du sch\u00e9ma r\u00e9gional de sant\u00e9 \n2023-2028 du projet r\u00e9gional de sant\u00e9 d' \u00cele-de-France, modifi\u00e9 par l'arr\u00eat\u00e9 n\u00b0DIRNOV -\n2023/09 en date du 12 janvier 2024 ; \n \nVU l'arr\u00eat\u00e9 n\u00b0 2023-346 de la Directrice g\u00e9n\u00e9rale de l'Agence r\u00e9gionale de sant\u00e9 \u00cele-de-France \nen date du 4 d\u00e9cembre 2023 \u00e9tablissant le programme interd\u00e9partemental \nd'accompagnement des handicaps et de la perte d'autonomie (PRIAC) 2023-2027 pour la \nr\u00e9gion \u00cele-de-France ; \n \nVU l'arr\u00eat\u00e9 n\u00b0 1979-2436 du 18 avril 1979 de Monsieur le Pr\u00e9fet de R\u00e9gion  \u00cele-de-France   \nportant autorisation de cr\u00e9ation du Centre m\u00e9dico-p\u00e9dagogique et m\u00e9dico-professionnel \n\u00ab Les Peupliers \u00bb de 78 places situ\u00e9 10-12, rue Gustave Guillaumet \u00e0 S\u00e8vres ;  \n \nVU l'arr\u00eat\u00e9 n\u00b0 1999 -260 du 16 f\u00e9vrier 1999 de Monsieur le Pr\u00e9fet de R\u00e9gion \u00cele-de-France \nautorisant le transfert de l'autorisation d\u00e9livr\u00e9e \u00e0 l'association \u00ab  Centre m\u00e9dico-\np\u00e9dagogique et m\u00e9dico -professionnel Les Peupliers  \u00bb au profit de l'association \nd\u00e9partementale des amis et parents d'enfants inadapt\u00e9s (ADAPEI) des Hauts -de-Seine \npour permettre \u00e0 cette association d'assurer la gestion de l'institut m\u00e9dico-\u00e9ducatif \u00ab Les \nPeupliers \u00bb situ\u00e9 10-12, rue Gustave Guillaumet 92310 S\u00e8vres ; \n \n   \n \n       2 \n \nVU l'arr\u00eat\u00e9 n\u00b0 2008-634 du 21 novembre 2018 de Monsieur le Pr\u00e9fet de R\u00e9gion \u00cele-de-France \nportant autorisation d'extension de l'IME \u00ab Les Peupliers \u00bb \u00e0 S\u00e8vres et fixant sa capacit\u00e9 \n\u00e0 85 places ; \n \nVU l'arr\u00eat\u00e9 n\u00b0 2019-65 du 11 mars 2019 portant modification de la d\u00e9nomination de l'ADAPEI \n92, sise \u00e0 S\u00e8vres (92310), en Union nationale des associations de parents d'Enfants \nInadapt\u00e9s (UNAPEI) Hauts-de-Seine 92 et pr\u00e9cisant les caract\u00e9ristiques et adresses des \ndiff\u00e9rents structures ; \n \nVU  le contrat pluriannuel d'objectifs et de moyens de l'association UNAPEI Hauts -de-Seine \n92 portant sur les ann\u00e9es 2024 \u00e0 2028 sign\u00e9 le 27 d\u00e9cembre 2023 ;  \n \nVU la demande de l'association du 18 novembre 2024 visant \u00e0 cr\u00e9er des solutions nouvelles \npour l'accueil et l'accompagnement des enfants et des jeunes en situation de handicap \ndestin\u00e9es \u00e0 soutenir l'inclusion.  \n \n \n \n \nCONSID\u00c9RANT  que le projet d\u00e9pos\u00e9 par l'UNAPEI Hauts-de-Seine 92 dont le si\u00e8ge social \nest situ\u00e9 au 119 Grande Rue \u00e0 S\u00e8vres (92310) pr\u00e9voit l'extension de la \ncapacit\u00e9 de 1 0 places pour accompagner des enfants et jeunes adultes \n\u00e2g\u00e9s de 0 \u00e0 20 ans pr\u00e9sentant une d\u00e9ficience intellectuelle ; \n \nCONSID\u00c9RANT  que le projet r\u00e9pond \u00e0 un besoin de d\u00e9veloppement de l'offre m\u00e9dico -\nsociale identifi\u00e9 sur le s villes de S\u00e8vres et Chaville du  d\u00e9partement des \nHauts-de-Seine pour les personnes pr\u00e9sentant une d\u00e9ficience \nintellectuelle ;  \n \nCONSID\u00c9RANT qu'il est compatible avec les objectifs et r\u00e9pond aux besoins sociaux et \nm\u00e9dico-sociaux fix\u00e9s par le sch\u00e9ma r\u00e9gional de sant\u00e9 ;  \n \nCONSID\u00c9RANT qu'il satisfait aux r\u00e8gles d'organisation et de fonctionnement pr\u00e9vues par le \ncode de l'action sociale et des familles ;  \n \nCONSID\u00c9RANT qu'il pr\u00e9sente un co\u00fbt de fonctionnement en ann\u00e9e pleine compatible avec \nle PRIAC  \u00cele-de-France et avec le montant de l'une des dotations \nmentionn\u00e9es \u00e0 l'article L. 314-3 du code de l'action sociale et des familles ; \n \nCONSID\u00c9RANT que l'Agence r\u00e9gionale de sant\u00e9 \u00cele-de-France dispose pour ce projet des \ncr\u00e9dits n\u00e9cessaires \u00e0 sa mise en \u0153uvre \u00e0 hauteur de 191 339 \u20ac au titre du \nPlan Inclus'IF 2030.  \n \n \n       \n \nARR\u00caTE  \n \n \nARTICLE 1er :  L'autorisation visant \u00e0 l'extension de capacit\u00e9 de 10 places de l'IME \u00ab Les Peupliers \u00bb \nsis 10-12, rue Gustave Guillaumet \u00e0 S\u00e8vres (92310) destin\u00e9es \u00e0 accueillir des enfants \net jeunes adultes \u00e2g\u00e9s de 0 \u00e0 20 ans  pr\u00e9sentant une d\u00e9ficience intellectuelle , est \naccord\u00e9e \u00e0 l'association UNAPEI Hauts-de-Seine 92. \n \n   \n \n       3 \n \n \nARTICLE 2e : La capacit\u00e9 totale de l'IME \u00ab les Peupliers \u00bb est dor\u00e9navant de 95 places r\u00e9parties \ncomme suit : \n \n- 69 places en accueil de jour  pour des enfants et jeunes adultes \u00e2g\u00e9s de 0 \u00e0 20 \nans pr\u00e9sentant une d\u00e9ficience intellectuelle ; \n- 16 places en internat  pour des enfants et jeunes adultes \u00e2g\u00e9s de 0 \u00e0 20 ans \npr\u00e9sentant une d\u00e9ficience intellectuelle ; \n- 10 places en milieu ordinaire pour des enfants et jeunes adultes \u00e2g\u00e9s de 0 \u00e0 20 \nans pr\u00e9sentant une d\u00e9ficience intellectuelle. \n \nARTICLE 3e : Conform\u00e9ment aux termes du dernier alin\u00e9a du I de l'article D. 312 -0-3 du code de \nl'action sociale et des familles, a ucune sp\u00e9cialisation n'exclut la prise en charge de \npersonnes pr\u00e9sentant des troubles associ\u00e9s \u00e0 ceux qui font l'objet de la pr\u00e9sente \nautorisation.  \n \nARTICLE 4e : Cette structure est r\u00e9pertori\u00e9e dans le Fichier National des Etablissements Sanitaires \net Sociaux (FINESS) de la fa\u00e7on suivante : \n \nN\u00b0 FINESS de l'\u00e9tablissement : 92 069 028 6  \n \nCode \ncat\u00e9gorie : \n[183] \u2013 Institut M\u00e9dico-Educatif (IME) \nCode \ndiscipline :  \n \n[844] - Tous projets \u00e9ducatifs th\u00e9rapeutiques et p\u00e9dagogiques  \n \nCode \nfonctionnement  \n(mode d'accueil et \nd'accompagnement) :  \n \n[11] \u2013 H\u00e9bergement complet Internat \n \n[16] \u2013 Prestation en milieu ordinaire \n \n[21] \u2013 Accueil de jour \n \n16 places \n \n10 places \n \n69 places \nCode client\u00e8le : \n \n[117] \u2013 D\u00e9ficience intellectuelle 95 places \nCode mode de fixation des tarifs : [57] ARS / ARS PCD dotation globalis\u00e9e  \n \nN\u00b0 FINESS du gestionnaire : 92 080 097 6 \n \nCode statut : [61] \u2013 Association Loi 1901 Reconnue d'Utilit\u00e9 Publique \n \n \nARTICLE 5e :   La pr\u00e9sente autorisation est valable sous r\u00e9serve du r\u00e9sultat positif de la visite de \nconformit\u00e9 pr\u00e9vue par l'article L. 313-6 du code de l'action sociale et des familles.  \n \nARTICLE 6e :   Elle est caduque en l'absence d'ouverture au public de l'\u00e9tablissement ou du service \ndans un d\u00e9lai de quatre ans suivant la notification de la d\u00e9cision d'autorisation  \nconform\u00e9ment aux articles L. 313-1 et D. 313-7-2 du code de l'action sociale et des \nfamilles. \n \nARTICLE 7e :   Tout changement important dans l'activit\u00e9, l'installation, l'organisation, la direction ou \nle fonctionnement de l'\u00e9tablissement ou du service doit \u00eatre port\u00e9 \u00e0 la connaissance \nde l'autorit\u00e9 comp\u00e9tente. \n \n \ngig\n   \n \n       4 \n \nARTICLE 8e :  Un recours contre le pr\u00e9sent arr\u00eat\u00e9 peut \u00eatre form\u00e9 devant le tribunal administratif \ncomp\u00e9tent dans un d\u00e9lai de deux mois \u00e0 compter de sa notification ou, pour les tiers, \n\u00e0 compter de sa publication.  \n \nARTICLE 9e :   Le Directeur  de la d\u00e9l\u00e9gation  d\u00e9partementale des Hauts -de-Seine de l'Agence \nr\u00e9gionale de sant\u00e9 \u00cele-de-France est charg\u00e9 de l'ex\u00e9cution du pr\u00e9sent arr\u00eat\u00e9 qui sera \npubli\u00e9 au x recueils des acte s administratifs de la R\u00e9gion \u00cele-de-France et du \nd\u00e9partement des Hauts-de-Seine. \n \n \n \n \n \n        Fait \u00e0 Saint-Denis, le 18 sept 2025 \n \n Pour le Directeur g\u00e9n\u00e9ral  \n de l'Agence r\u00e9gionale de sant\u00e9  \n  \u00cele-de-France et par d\u00e9l\u00e9gation \n \n \n \n \n \n \n \n \nSt\u00e9phanie TALBOT  \n                                                                        Directrice de l'autonomie \n                                 \n \n \n     \n \n \n \n \n                                                                  \n \n\nREPUBLIQUE A fFRAN\u00c7AISE @ D Agence R\u00e9gionale de Sant\u00e9Libert\u00e9Egalit\u00e9Fraternit\u00e9\nVU\nVU\nVU\nVU\nVU\nVU\nVU\nVU\nVU\n\u00cele-de-France\nAGENCE R\u00c9GIONALE DE SANT\u00c9 \u00ceLE-DE-FRANCE\nARR\u00caT\u00c9 N\u00b0 2025/ 261portant modification de l'arr\u00eat\u00e9 n\u00b0 2024/074 2024-364 du 8 novembre 2024 portantautorisation de changement de localisation de l''ESAT APAJHsis 50 rue Marjolin - 92300 Levallois-Perret,g\u00e9r\u00e9 par la f\u00e9d\u00e9ration des APAJH\nLE DIRECTEUR GENERAL DE L'AGENCE REGIONALE DE SANT\u00c9 \u00ceLE-DE-FRANCE\nle code de l'action sociale et des familles et notamment les articles L. 313-1, L. 312-1 etL. 314-3 et suivants ;le d\u00e9cret du 10 avril 2024 portant nomination de Monsieur Denis ROBIN, Directeur g\u00e9n\u00e9ralde l'Agence r\u00e9gionale de sant\u00e9 \u00cele-de-France \u00e0 compter du 29 avril 2024 ;l'arr\u00eat\u00e9 n\u00b0 119/2024 du 4 novembre 2024 portant d\u00e9l\u00e9gation de signature du Directeurg\u00e9n\u00e9ral de l'Agence r\u00e9gionale de sant\u00e9 Ile-de-France \u00e0 Monsieur Renaud PELLE,Directeur de la d\u00e9l\u00e9gation d\u00e9partementale des Hauts-de-Seine ;l'arr\u00eat\u00e9 n\u00b0 DIRNOV-2023/08 de la Directrice g\u00e9n\u00e9rale de l'Agence r\u00e9gionale de sant\u00e9 \u00cele-de-France en date du 26 octobre 2023 portant adoption du cadre d'orientation strat\u00e9gique2018-2028 du projet r\u00e9gional de sant\u00e9 d'\u00cele-de-France, modifi\u00e9 par l'arr\u00eat\u00e9 n\u00b0DIRNOV-2023/09 en date du 12 janvier 2024 ;l'arr\u00eat\u00e9 n\u00b0 DIRNOV-2023/09 de la Directrice g\u00e9n\u00e9rale de l'Agence r\u00e9gionale de sant\u00e9 \u00cele-de-France en date du 26 octobre 2023 portant adoption du sch\u00e9ma r\u00e9gional de sant\u00e92023-2028 du projet r\u00e9gional de sant\u00e9 d'\u00cele-de-France ;l'arr\u00eat\u00e9 n\u00b0 2023-346 de la Directrice g\u00e9n\u00e9rale de l'Agence r\u00e9gionale de sant\u00e9 \u00cele-de-Franceen date du 4 d\u00e9cembre 2023 \u00e9tablissant le programme interd\u00e9partementald'accompagnement des handicaps et de la perte d'autonomie (PRIAC) 2023-2027 pour lar\u00e9gion \u00cele-de-France :l'arr\u00eat\u00e9 du Pr\u00e9fet des Hauts-de-Seine en date du 26 janvier 1977 portant agr\u00e9ment, \u00e0 titreprovisoire pour une p\u00e9riode d'une ann\u00e9e, du centre d'aide par le travail, 50 rue Marjolin \u00e0Levallois-Perret, \u00e0 recevoir en semi-internat 60 travailleurs handicap\u00e9s, des deux sexes,\u00e2g\u00e9s au minimum de 18 ans et ce \u00e0 dater du 1\u00b0 d\u00e9cembre 1976 ;l'arr\u00eat\u00e9 du Pr\u00e9fet des Hauts-de-Seine en date du 7 avril 1978 agr\u00e9ant \u00e0 titre d\u00e9finitif, acompter du 1\u00b0 janvier 1978, le centre d'aide par le travail, 50 rue Marjolin \u00e0 Levallois-Perret, \u00e0 recevoir en semi-internat 65 travailleurs handicap\u00e9s, des deux sexes ;l'arr\u00eat\u00e9 n\u00b0 98-712 du Pr\u00e9fet de r\u00e9gion Ile-de-France en date du 20 mai 1998 autorisantl'extension de capacit\u00e9 \u00e0 90 places du centre d'aide par le travail situ\u00e9 50 rue Marjolin92300 Levallois-Perret, g\u00e9r\u00e9 par l'association pour adultes et jeunes handicap\u00e9s (APAJH)sise 26 rue du chemin vert 75541 Paris CEDEX 11 ;\n\nVU le renouvellement tacite de l'autorisation de ESAT APAJH en date du 3 janvier 2017 ;VU l'arr\u00eat\u00e9 n\u00b0 2024/074 2024-364 portant autorisation de changement de localisation del'ESAT APAJH sis 50 rue Marjolin - 92300 Levallois-Perret, g\u00e9r\u00e9 par la f\u00e9d\u00e9ration desAPAJH ;VU le recours gracieux de la Direction territoriale Ile-de-France de la F\u00e9d\u00e9ration des APAJHpar courrier du 16 avril 2025 contestant la mention du dernier consid\u00e9rant de l'arr\u00eat\u00e9n\u00b0 2024/074 \u00ab que l'op\u00e9ration peut s'effectuer \u00e0 moyens constants et n'entra\u00eene doncaucun surco\u00fbt \u00bb ;CONSID\u00c9RANT\nCONSIDERANT\nCONSIDERANT\nCONSIDERANT\nCONSIDERANT\nCONSIDERANT\nCONSID\u00c9RANT\nque l'ESAT occupe depuis sa cr\u00e9ation des locaux lou\u00e9s \u00e0 l'office public del'habitat (OPH) Rives de Seine, \u00e0 Levallois-Perret, sur lesquels la mairiesouhaite construire des logements sociaux \u00e0 compter de 2024 ;que ces locaux \u00e9taient v\u00e9tustes et peu adapt\u00e9s au fonctionnement del'ESAT;qu'aucune solution de relocalisation n'a \u00e9t\u00e9 propos\u00e9e \u00e0 l'ESAT durant lechantier;que la f\u00e9d\u00e9ration des APAJH a fait l'acquisition d'un local situ\u00e9 au 6-12avenue de Verdun 1916, 92250 La Garenne-Colombes, dans lequel ellesouhaite notamment relocaliser l'ESAT ;que ce projet est compatible avec les objectifs et r\u00e9pond aux besoinssociaux et m\u00e9dico-sociaux fix\u00e9s par le sch\u00e9ma r\u00e9gional de sant\u00e9 dans lamesure o\u00f9 la nouvelle localisation n'est que peu \u00e9loign\u00e9e du site historiquede l'ESAT et n'entraine pas de rupture pour les travailleurs ;qu'il satisfait aux r\u00e8gles d'organisation et de fonctionnement pr\u00e9vues par lecode de l'action sociale et des familles en dotant l'ESAT de locauxmodernes et conformes aux normes de s\u00e9curit\u00e9 et d'accessibilit\u00e9 ;que l'op\u00e9ration s'effectue \u00e0 moyens constants ;\nARR\u00caTE\nARTICLE 1\u00b0: L'autorisation de changement de localisation de l'ESAT APAJH sis 50 rue Marjolin,92300 Levallois-Perret sur un nouveau site au 6-8 avenue de Verdun 1916, 92250 LaGarenne-Colombes, est accord\u00e9e \u00e0 la F\u00e9d\u00e9ration des APAJH sise Tour MaineMontparnasse, 33 avenue du Maine, 75755 Paris Cedex 15.ARTICLE 2\u00b0: La capacit\u00e9 totale de (ESAT APAJH est de 90 places d'accueil de jour destin\u00e9es \u00e0des adultes pr\u00e9sentant une d\u00e9ficience intellectuelle.ARTICLE 3\u00b0: Conform\u00e9ment aux termes du dernier alin\u00e9a du | de l'article D. 312-0-3 du code del'action sociale et des familles, aucune sp\u00e9cialisation n'exclut la prise en charge depersonnes pr\u00e9sentant des troubles associ\u00e9s \u00e0 ceux qui font l'objet de la pr\u00e9senteautorisation.ARTICLE 4\u00b0: Cette structure est r\u00e9pertori\u00e9e dans le Fichier National des Etablissements Sanitaireset Sociaux (FINESS) de la fa\u00e7on suivante :\n\nARTICLE 5\u00b0:\nARTICLE 6\u00b0 :\nARTICLE 7\u00b0:\nARTICLE 8\u00b0 :\nN\u00b0 FINESS de l'\u00e9tablissement : 92 080 017 4Code cat\u00e9gorie : [246] Etablissement et Service d'Aide par le TravailCode discipline : [908] Aide par le travail pour Adultes Handicap\u00e9sCodefonctionnement : [21] Accueil de jour 90 placesCode client\u00e8le : [117] D\u00e9ficience intellectuelle 90 placesCode mode de fixation des tarifs : [57] ARS / ARS PCD Dotation forfait ou prix dejourn\u00e9e globalis\u00e9\nN\u00b0 FINESS du gestionnaire : 75 005 091 6Code statut : [61] Association loi 1901 reconnue d'utilit\u00e9 publique\nLa pr\u00e9sente autorisation est valable sous r\u00e9serve du r\u00e9sultat positif de la visite deconformit\u00e9 pr\u00e9vue par l'article L313- 6 du code de l'action sociale et des familles.Tout changement important dans l'activit\u00e9, l'installation, l'organisation, la direction oule fonctionnement de l'\u00e9tablissement doit \u00eatre port\u00e9 \u00e0 la connaissance de l'autorit\u00e9comp\u00e9tente.Un recours contre le pr\u00e9sent arr\u00eat\u00e9 peut \u00eatre form\u00e9 devant le tribunal administratifcomp\u00e9tent dans un d\u00e9lai de deux mois \u00e0 compter de sa notification ou, pour les tiers,\u00e0 compter de sa publication.Le Directeur de la d\u00e9l\u00e9gation d\u00e9partementale des Hauts-de-Seine de l'Agencer\u00e9gionale de sant\u00e9 \u00cele-de-France est charg\u00e9 de l'ex\u00e9cution du pr\u00e9sent arr\u00eat\u00e9 qui serapubli\u00e9 aux recueils des actes administratifs de la R\u00e9gion \u00cele-de-France et des Hauts-de-Seine.\nFait\u00e0 Nanterre, le 1 2 SEP. 2025\nPour le Directeur g\u00e9n\u00e9ralde l'Agence r\u00e9gionale de sant\u00e9\u00cele-de-France et par d\u00e9l\u00e9gation,Le Directeur de la D\u00e9l\u00e9gation d\u00e9partementaledes C7.\n/PRET__\n\nER D SE ee  ER DE SR a AR DE DE SR 2 MR SERIE SR ON ER 424 EE SR\nIMmMRI AA M  =\n= \" \" 1 1 1 x\nMP  RPM  Da  ee  el\n~ , . \u00ab , , 1\nAR IA == a . \" CS  .\n1 \" 1 . . \" oe \" 1. 4  - 1 \"4 1 1\n\u2014_s \u00ab CI oo. an\nat 1 rr  ATs rT\nwe  Re  ke  me  ere\n88\nRECUEILDESACTESADMINISTRATIFS\nDU\nPREFETDESHAUTS-DE-SEINE\nISSN0985-5955\nPourtoutecorrespondance,s'adresser\u00e0:\nPREFETDESHAUTS-DE-SEINE\nSecr\u00e9tariatg\u00e9n\u00e9ral\nSecr\u00e9tariatg\u00e9n\u00e9ralauxaffairesd\u00e9partementales\n167/177,AvenueJoliotCurie\n92013NANTERRECEDEX\nLerecueildesactesadministratifsestconsultableenlignesurlesitedelapr\u00e9fecture\nAdresseInternet:https://www.hauts-de-seine.gouv.fr/\nDirecteurdelapublication :\nAlexandreBRUGERE\nPREFETDESHAUTS-DE-SEINE\nwe es  ER = ~-,\n89\nPREFECTUREDESHAUTS-DE-SEINE\n167-177, avenueJoliotCurie92013NANTERRECedex\nCourriel:sgc-courrier@hauts-de-seine.gouv.fr\nStandard:01.40.97.20.00T\u00e9l\u00e9copie01.40.97.25.21\nAdresseInternet:https://www.hauts-de-seine.gouv.fr/","date":"2025-12-22","first_seen_on":"2025-12-22T16:20:20+00:00","id":"8bea71b91d860141a248057b340cbd5763ba4bfd5fa9a1da6e3f12a3d6c32d49","name":"RAA sp\u00e9cial ARS-IDF du 22 d\u00e9cembre 2025","pdf_creation_date":null,"pdf_modification_date":"2025-12-22T11:48:32+00:00","timezone":"Europe/Paris","url":"https://www.hauts-de-seine.gouv.fr/contenu/telechargement/27835/192899/file/2025-12-22%20RAA%20sp%C3%A9cial%20ARS-IDF%20du%2022%20d%C3%A9cembre%202025.pdf"}
