{"administration":"prefidf","administration_name":"Pr\u00e9fecture de la r\u00e9gion \u00cele-de-France","content":"PREFECTURE\nREGION ILE DE\nFRANCE\nRECUEIL DES ACTES\nADMINISTRATIFS SP\u00c9CIAL\nN\u00b0IDF-043-2025-08\nPUBLI\u00c9 LE 29 AO\u00dbT 2025\nSommaire\nDirection r\u00e9gionale et interd\u00e9partementale de l'\u00e9conomie, de l'emploi,\ndu travail et des solidarit\u00e9s d'\u00cele-de-France / secr\u00e9tariat de direction\nIDF-2025-08-28-00004 - D\u00e9cision n\u00b0 2025-159 du 28 ao\u00fbt\n2025\nPortant subd\u00e9l\u00e9gation de signature de Monsieur Fabrice Masi,\nDirecteur r\u00e9gional et\ninterd\u00e9partemental de l'\u00c9conomie, de\nl'Emploi, du Travail et des Solidarit\u00e9s d'\u00cele-de-France,\naux\nagents de l'unit\u00e9 d\u00e9partementale de Paris (7 pages) Page 4\nIDF-2025-08-28-00005 - D\u00e9cision n\u00b0 2025-160 du 28 ao\u00fbt\n2025\nPortant subd\u00e9l\u00e9gation de signature de Monsieur Fabrice Masi,\nDirecteur r\u00e9gional et interd\u00e9partemental de l'\u00c9conomie, de\nl'Emploi, du Travail et des Solidarit\u00e9s d'\u00cele-de-France, aux agents\nde l'unit\u00e9 d\u00e9partementale de Paris (4 pages) Page 12\nIDF-2025-08-28-00006 - D\u00e9cision n\u00b0 2025-161 du 28 ao\u00fbt\n2025\nPortant subd\u00e9l\u00e9gation de signature de Monsieur Fabrice Masi,\nDirecteur r\u00e9gional et interd\u00e9partemental de l'\u00c9conomie, de\nl'Emploi, du Travail et des Solidarit\u00e9s d'\u00cele-de-France, aux agents\nde l'unit\u00e9 d\u00e9partementale des Hauts-de-Seine (4 pages) Page 17\nIDF-2025-08-28-00007 - D\u00e9cision n\u00b0 2025-162 du 28 ao\u00fbt\n2025\nPortant subd\u00e9l\u00e9gation de signature de Monsieur Fabrice Masi,\nDirecteur r\u00e9gional et interd\u00e9partemental de l'\u00c9conomie, de\nl'Emploi, du Travail et des Solidarit\u00e9s d'\u00cele-de-France, aux agents\nde l'unit\u00e9 d\u00e9partementale de Seine-Saint-Denis (4 pages) Page 22\nIDF-2025-08-28-00010 - D\u00e9cision n\u00b0 2025-164 du 28 ao\u00fbt\n2025\nPortant subd\u00e9l\u00e9gation de signature de Monsieur Fabrice Masi,\nDirecteur r\u00e9gional et interd\u00e9partemental de l'\u00c9conomie, de\nl'Emploi, du Travail et des Solidarit\u00e9s d'\u00cele-de-France, aux agents\nde l'unit\u00e9 r\u00e9gionale (7 pages) Page 27\nIDF-2025-08-28-00009 - D\u00e9cision n\u00b02025-163 du 28 ao\u00fbt\n2025\nPortant subd\u00e9l\u00e9gation de signature en mati\u00e8re administrative\nde Monsieur Fabrice Masi, directeur r\u00e9gional et interd\u00e9partemental de\nl'\u00e9conomie, de l'emploi, du travail et des solidarit\u00e9s\nd'\u00cele-de-France aux agents de l'unit\u00e9 d\u00e9partementale du Val de\nMarne (3 pages) Page 35\nDirection r\u00e9gionale et interd\u00e9partementale de l'environnement, de\nl'am\u00e9nagement et des transports d'\u00cele-de-France / D\u00e9partement\ndes affaires juridiques, des archives et de la documentation\nIDF-2025-08-28-00011 - D\u00e9cision DRIEAT-IDF du 28 ao\u00fbt 2025 portant\nsubd\u00e9l\u00e9gation de signature en mati\u00e8re administrative pour le compte\ndu pr\u00e9fet de la r\u00e9gion d'\u00cele-de-France (14 pages) Page 39\n2\nIDF-2025-08-28-00012 - D\u00e9cision DRIEAT-IDF du 28 ao\u00fbt 2025 portant\nsubd\u00e9l\u00e9gation de signature en mati\u00e8re d'ordonnancement\nsecondaire et de commande publique pour le compte du pr\u00e9fet de la\nr\u00e9gion d'\u00cele-de-France (41 pages) Page 54\n3\nDirection r\u00e9gionale et interd\u00e9partementale de\nl'\u00e9conomie, de l'emploi, du travail et des\nsolidarit\u00e9s d'\u00cele-de-France\nIDF-2025-08-28-00004\nD\u00e9cision n\u00b0 2025-159 du 28 ao\u00fbt 2025\nPortant subd\u00e9l\u00e9gation de signature de Monsieur\nFabrice Masi, Directeur r\u00e9gional et\ninterd\u00e9partemental de l'\u00c9conomie, de l'Emploi,\ndu Travail et des Solidarit\u00e9s d'\u00cele-de-France, aux\nagents de l'unit\u00e9 d\u00e9partementale de Paris\nDirection r\u00e9gionale et interd\u00e9partementale de l'\u00e9conomie, de l'emploi, du travail et des solidarit\u00e9s d'\u00cele-de-France -\nIDF-2025-08-28-00004 - D\u00e9cision n\u00b0 2025-159 du 28 ao\u00fbt 2025\nPortant subd\u00e9l\u00e9gation de signature de Monsieur Fabrice Masi, Directeur r\u00e9gional et\ninterd\u00e9partemental de l'\u00c9conomie, de l'Emploi, du Travail et des Solidarit\u00e9s d'\u00cele-de-France, aux\nagents de l'unit\u00e9 d\u00e9partementale de Paris\n4\nPREFETDE PARISLibert\u00e9Egalit\u00e9Fraternit\u00e9\n \n Direction r\u00e9gionale et interd\u00e9partementale \nde l'\u00e9conomie, de l'emploi, \ndu travail et des solidarit\u00e9s \n   \n   \n \n \nDRIEETS \u00cele-de-France \n21 rue Madeleine Vionnet \u2013 93300 Aubervilliers \nhttps://idf.drieets.gouv.fr  \n \nD\u00c9CISION n\u00b0 2025-159 du 28 ao\u00fbt 2025 \n \nPortant subd\u00e9l\u00e9gation de signature de Monsieur Fabrice Masi, Directeur r\u00e9gional et \ninterd\u00e9partemental de l'\u00c9conomie, de l'Emploi, du Travail et des Solidarit\u00e9s d'\u00cele -de-France, aux \nagents de l'unit\u00e9 d\u00e9partementale de Paris \n \n \nLe Directeur r\u00e9gional et interd\u00e9partemental de l'\u00e9conomie, de l'emploi, du travail et des \nsolidarit\u00e9s d'\u00cele-de-France, \n \nVu le code du commerce ; \n \nVu le code du tourisme ; \n \nVu le code du travail ; \n \nVu la loi n\u00b0 47-1775 du 10 septembre 1947 modifi\u00e9 portant statut de la coop\u00e9ration ;  \n \nVu la loi n\u00b0 73-548 du 27 juin 1973 relative \u00e0 l'h\u00e9bergement collectif ; \n \nVu la loi n\u00b0 78 -763 du 19 juillet 1978 modifi\u00e9e portant statut des soci\u00e9t\u00e9s coop\u00e9ratives ouvri\u00e8res \nde production ; \n \nVu la loi n\u00b0 82-213 du 2 mars 1982 relative aux droits et libert\u00e9s des communes, des d\u00e9partements \net des r\u00e9gions, modifi\u00e9e ; \n \nVu la loi d'orientation n\u00b0 92 -125 du 6 f\u00e9vrier 1992 modifi\u00e9e relative \u00e0 l'administration territoriale \nde la R\u00e9publique, notamment ses articles 4 et 6 ; \n \nVu la loi n\u00b0 2002-73 du 17 janvier 2002 de modernisation sociale ; \n \nVu la loi n\u00b0 2014-856 du 31 juillet 2014 modifi\u00e9e relative \u00e0 l'\u00e9conomie sociale et solidaire ;  \n \nVu le d\u00e9cret n\u00b079-376 du 10 mai 1979 modifi\u00e9 fixant les conditions d'\u00e9tablissement de la liste des \nsoci\u00e9t\u00e9s coop\u00e9ratives ouvri\u00e8res de production ; \n \nVu le d\u00e9cret n\u00b071 -797 du 20 septembre 1971 portant publication de l'accord europ\u00e9en sur le \nplacement au pair ; \n \nVu le d\u00e9cret n\u00b02001-387 du 3 mai 2001 relatif au contr\u00f4le des instruments de mesure ;  \n \nVu le d\u00e9cret n\u00b0 2002 -615 du 26 avril 2002 pris pour l'application de l'article 900 -1 du code du \ntravail et des articles L. 335 -5 et L. 335-6 du code de l'\u00e9ducation relatif \u00e0 la validation des acquis \nde l'exp\u00e9rience pour la d\u00e9livrance d'une certification professionnelle ; \n \nVu le d\u00e9cret n\u00b0 2004-374 du 29 avril 2004 modifi\u00e9 relatif aux pouvoirs des pr\u00e9fets, \u00e0 l'organisation \net \u00e0 l'action des services de l'Etat dans les r\u00e9gions et d\u00e9partements ; \n \nVu le d\u00e9cret n\u00b0 2010-687 du 24 juin 2010 relatif \u00e0 l'organisation et \u00e0 l'action des services de l' \u00c9tat \ndans la r\u00e9gion et les d\u00e9partements d'Ile de France ; \n \nVu le d\u00e9cret n\u00b0 2015-1103 du 1er septembre 2015 relatif au dispositif local d'accompagnement ;  \nDirection r\u00e9gionale et interd\u00e9partementale de l'\u00e9conomie, de l'emploi, du travail et des solidarit\u00e9s d'\u00cele-de-France -\nIDF-2025-08-28-00004 - D\u00e9cision n\u00b0 2025-159 du 28 ao\u00fbt 2025\nPortant subd\u00e9l\u00e9gation de signature de Monsieur Fabrice Masi, Directeur r\u00e9gional et\ninterd\u00e9partemental de l'\u00c9conomie, de l'Emploi, du Travail et des Solidarit\u00e9s d'\u00cele-de-France, aux\nagents de l'unit\u00e9 d\u00e9partementale de Paris\n5\n2 / 7 \n \nVu le d\u00e9cret n\u00b0 2019-1594 du 31 d\u00e9cembre 2019 modifi\u00e9 relatif aux emplois de direction de l' \u00c9tat \n; \n \nVu le d\u00e9cret n\u00b0 2020 -67 du 30 janvier 2020 relatif \u00e0 la d\u00e9concentration des d\u00e9cisions \nadministratives individuelles dans les domaines de l'\u00e9conomie et des finances ;  \n \nVu le d\u00e9cret n\u00b0 2020 -1545 du 9 d\u00e9cembre 2020 relatif \u00e0 l'organisation et aux missions des \ndirections r\u00e9gionales de l'\u00e9conomie, de l'emploi, du travail et des solidarit\u00e9s, des directions \nd\u00e9partementales de l'emploi, du travail et des solidarit\u00e9s et des dire ctions d\u00e9partementales de \nl'emploi, du travail, des solidarit\u00e9s et de la protection des populations ;  \n \nVu le d\u00e9cret du 22 juillet 2020 portant nomination de Monsieur Marc GUILLAUME en qualit\u00e9 de \npr\u00e9fet de la r\u00e9gion d'Ile-de-France, pr\u00e9fet de Paris ; \n \nVu l'arr\u00eat\u00e9 du 26 ao\u00fbt 2020 relatif aux instruments de mesure ;  \n \nVu l'arr\u00eat\u00e9 pr\u00e9fectoral du 30 mars 2021 portant organisation de la direction r\u00e9gionale et \ninterd\u00e9partementale de l'\u00e9conomie, de l'emploi, du travail et des solidarit\u00e9s d' \u00cele-de-France ; \n \nVu l'arr\u00eat\u00e9 interminist\u00e9riel du 23 d\u00e9cembre 2022 nommant Madame Martine BAUDOIN directrice \nadjointe de l'unit\u00e9 d\u00e9partementale de Paris ; \n \nVu l'arr\u00eat\u00e9 interminist\u00e9riel du 15 mai 2025 nommant Monsieur Riad BOUHAFS, directeur r\u00e9gional \net interd\u00e9partemental adjoint de l'\u00e9conomie, de l'emploi, du travail et des solidarit\u00e9s d'\u00cele -de-\nFrance, sur l'emploi de directeur de l'unit\u00e9 d\u00e9partementale du Paris ; \n \nVu l'arr\u00eat\u00e9 interminist\u00e9riel du 12 ao\u00fbt  2025 nommant Fabrice MASI  directeur r\u00e9gional et \ninterd\u00e9partemental de l'\u00e9conomie, de l'emploi, du travail et des solidarit\u00e9s d'\u00cele -de-France \u00e0 \ncompter du 25 ao\u00fbt 2025 ; \n \nVu l'arr\u00eat\u00e9 pr\u00e9fectoral n\u00b0 75-2025-08-27-00005 du 27  ao\u00fbt 2025 par lequel le  Pr\u00e9fet de Paris \nd\u00e9l\u00e8gue sa signature \u00e0 Monsieur Fabrice Masi , directeur r\u00e9gional et interd\u00e9partemental de \nl'\u00e9conomie, de l'emploi, du travail et des solidarit\u00e9s d'\u00cele-de-France ; \n \nD\u00c9CIDE \n \nArticle 1er \n \nSubd\u00e9l\u00e9gation de signature est donn\u00e9e \u00e0 Riad BOUHAFS, directeur de l'unit\u00e9 d\u00e9partementale de \nParis, \u00e0 l'effet de signer, au nom du pr\u00e9fet de Paris, pour le d\u00e9partement de Paris, dans le cadre \nde ses attributions et comp\u00e9tences, toutes d\u00e9cisions figurant ci -dessous ainsi celles relevant des \nmissions de coh\u00e9sion sociale dans le d\u00e9partement de Paris de la d irection r\u00e9gionale et \ninterd\u00e9partementale, \u00e0 l'exception des arr\u00eat\u00e9s r\u00e9glementaires g\u00e9n\u00e9raux et des d\u00e9cisions \nmentionn\u00e9es \u00e0 l'article 3 : \n \n \n1\u00b0 Nature de la mati\u00e8re \u2013 Salaires et conseillers des salari\u00e9s \n \nEtablissement du tableau des temps n\u00e9cessaires \u00e0 l'ex\u00e9cution des travaux des travailleurs \u00e0 \ndomicile \u2013 article L.7422-2 du code du travail \n \nFixation du salaire horaire minimum et des frais d'atelier ou accessoires des travailleurs \u00e0 domicile \n\u2013 articles L.7422-6 \u00e0 7422-7 et L.7422-11 du code du travail \n \nDirection r\u00e9gionale et interd\u00e9partementale de l'\u00e9conomie, de l'emploi, du travail et des solidarit\u00e9s d'\u00cele-de-France -\nIDF-2025-08-28-00004 - D\u00e9cision n\u00b0 2025-159 du 28 ao\u00fbt 2025\nPortant subd\u00e9l\u00e9gation de signature de Monsieur Fabrice Masi, Directeur r\u00e9gional et\ninterd\u00e9partemental de l'\u00c9conomie, de l'Emploi, du Travail et des Solidarit\u00e9s d'\u00cele-de-France, aux\nagents de l'unit\u00e9 d\u00e9partementale de Paris\n6\n3 / 7 \nFixation de la valeur des avantages et prestations en nature entrant dans le calcul de l'indemnit\u00e9 \nde cong\u00e9s pay\u00e9s - article L.3141-23 code du travail \n \nD\u00e9cisions relatives au remboursement \u00e0 l'employeur de l'allocation compl\u00e9mentaire servie aux \nsalari\u00e9s b\u00e9n\u00e9ficiant de la r\u00e9mun\u00e9ration mensuelle minimale - Articles L.3232-7 et -8 R.3232-3 et 4 \ndu code du travail \n \nD\u00e9cisions relatives au paiement direct aux salari\u00e9s de l'allocation compl\u00e9mentaire servie aux \nsalari\u00e9s b\u00e9n\u00e9ficiant de la r\u00e9mun\u00e9ration mensuelle minimale - articles L.3232-7 et -8, R.3232-6 du \ncode du travail \n \nD\u00e9cisions en mati\u00e8re de remboursement des frais de d\u00e9placement (r\u00e9els ou forfaitaires) expos\u00e9s \npar les conseillers du salari\u00e9 - articles D.1232-7 et 8 du code du travail \n \nD\u00e9cisions en mati\u00e8re de remboursement aux employeurs des salaires maintenus aux conseillers \ndu salari\u00e9 pour l'exercice de leur mission - article L.1232-11 du code du travail \n \nAgr\u00e9ment des contr\u00f4leurs des caisses de cong\u00e9s pay\u00e9s - article D.3141-11 du code du travail \n \nExtension des avenants de salaires en agriculture au niveau d\u00e9partemental - article D.2261-6 du \ncode du travail \n \n2\u00b0 Nature de la mati\u00e8re \u2013 Jeunes de moins de 18 ans \n \nD\u00e9livrance, renouvellement, suspension, retrait de l'agr\u00e9ment des caf\u00e9s et brasseries pour \nemployer ou recevoir en stage des jeunes de 16 \u00e0 18 ans suivant une formation en alternance - \narticles L.4153-6, R.4153-8 et R.4153 -12 du code du travail, article L. 2336-4 du code de la sant\u00e9 \npublique ; \n \n3\u00b0 Nature de la mati\u00e8re \u2013 Agences de mannequins \n \nAttribution, renouvellement, suspension, retrait de la licence d'agence de man nequins - articles \nL.7123-14 et R.7123-8 \u00e0 -17 du code du travail ; \n \n4\u00b0 Nature de la mati\u00e8re \u2013 H\u00e9bergement collectif \n \nAccus\u00e9 de r\u00e9ception de la d\u00e9claration par un employeur de l'affectation d'un local \u00e0 \nl'h\u00e9bergement, mises en demeures et d\u00e9cision de fermeture concernant ce local - articles 1, 5, 6 \net 7 de la loi n\u00b0 73-548 du 27/06/1973 susvis\u00e9e ; \n \n5\u00b0 Nature de la mati\u00e8re \u2013 Conciliation \n \nProc\u00e9dure de conciliation - articles L.2522-4 et R.2522-1 \u00e0 R.2522-21 du code du travail ; \n \n6\u00b0 Nature de la mati\u00e8re - Coll\u00e8ge Interentreprises de S\u00e9curit\u00e9, de Sant\u00e9 et des Conditions de \nTravail (CISSCT) \n \nMise en place d'un CISSCT dans le p\u00e9rim\u00e8tre d'un plan de pr\u00e9vention des risques technologiques \n(d\u00e9cision de mise en place, invitation des membres) - articles L.4524-1 et R.4524-1 \u00e0 -9 du code du \ntravail ; \n \n \n \nDirection r\u00e9gionale et interd\u00e9partementale de l'\u00e9conomie, de l'emploi, du travail et des solidarit\u00e9s d'\u00cele-de-France -\nIDF-2025-08-28-00004 - D\u00e9cision n\u00b0 2025-159 du 28 ao\u00fbt 2025\nPortant subd\u00e9l\u00e9gation de signature de Monsieur Fabrice Masi, Directeur r\u00e9gional et\ninterd\u00e9partemental de l'\u00c9conomie, de l'Emploi, du Travail et des Solidarit\u00e9s d'\u00cele-de-France, aux\nagents de l'unit\u00e9 d\u00e9partementale de Paris\n7\n4 / 7 \n7\u00b0 Nature de la mati\u00e8re \u2013 Apprentissage et Alternance \nD\u00e9cision d'opposition \u00e0 l'engagement d'apprentis et \u00e0 la poursuite des contrats en cours - articles \nL.6223-1 et L.6225-1 \u00e0 L.6225-3, R.6223-16 et R.6225-4 \u00e0 R.6225-8 du code du travail ; \n \n8\u00b0 Nature de la mati\u00e8re \u2013 Placement au pair \n \nAutorisation de placement au pair de stagiaires \"aides familiales\" \u2013 d\u00e9cret n\u00b071-797 du 20/09/1971 \nsusvis\u00e9, circulaire n\u00b090-20 du 03/01/1999, accord europ\u00e9en du 21/11/1999 ; \n \n9\u00b0 Nature de la mati\u00e8re \u2013 Aide aux salari\u00e9s plac\u00e9s en activit\u00e9 partielle (tous dispositifs) \n \nTous les actes, avis, observations, propositions pr\u00e9paratoires aux d\u00e9cisions d'octroi ou de refus \ndu b\u00e9n\u00e9fice du dispositif d'activit\u00e9 partielle, ainsi que les d\u00e9cisions relatives au retrait du b\u00e9n\u00e9fice \ndu dispositif, telles que mentionn\u00e9es aux articles L.5122-1 et R.5122-1 et suivants du code du travail \ns'agissant du dispositif d'activit\u00e9 partielle, aux articles 53 de la loi du 17 juin 2020 et du d\u00e9cret \nn\u00b02020-926 du 28 juillet 2020, et aux articles 193 de la loi n\u00b02025-127 du 14 f\u00e9vrier 2025 et pr\u00e9vus \npar le d\u00e9cret n\u00b02025-338.  \n \n10\u00b0 Nature de la mati\u00e8re \u2013 Emploi \n \nConvention conclue avec des entreprises de - de 300 salari\u00e9s pour faire proc\u00e9der  \u00e0 \u00e9tude de \nsituation en termes d'\u00e9galit\u00e9 professionnelle \u2013 article R.1143 -1 du code du travail, D.1143 -2 et \nsuivants du code du travail ; \n \nConventions FNE, notamment : d'allocation temporaire d\u00e9gressive, d'allocation sp\u00e9ciale, de \ncong\u00e9 de  conversion, de cellule d e reclassement, de formation et d'adaptation, cessation \nd'activit\u00e9 de certains travailleurs  salari\u00e9s - articles L.5111-1 \u00e0 3, L.5123 -1 \u00e0 41, L.1233 -1-3-4, R.5112-\n11, et L.5124 -1, R.5123 -3 et R.5111 -1 et 2  du code du travail, circulaire DGEFP n\u00b02011/12 du \n01/05/2011, instruction DGEFP/MADE/2016/66 du 8/03/2016 ; \nD\u00e9cision d'agr\u00e9ment des accords et conventions d'aide \u00e0 l'adaptation des salari\u00e9s aux \u00e9volutions \nde l'emploi - articles L.5121-3 \u00e0 5 et R.5121-14 \u00e0 18 du code du travail ; \n \nConvention d'appui \u00e0 l'\u00e9laboration d'un plan de gestion pr\u00e9visionnelle de l 'emploi et des \ncomp\u00e9tences pour pr\u00e9parer les entreprises \u00e0 la GPEC - articles L.5121-3, R.5121-14 et R.5121-15 du \ncode du travail ; \n \nConvention d'engagement de d\u00e9veloppement de l'emploi et des comp\u00e9tence s - article L.5121-1, \nL.5121-2, D.5121-1 \u00e0 D.5121-3 du code du travail ; \n \nD\u00e9cisions d'opposition \u00e0 la qualification d'emplois menac\u00e9s pr\u00e9vue aux articles L.2242-16 et 2242-\n17 du code du travail \u2013 D.2241-3 et 2241-4 du code du travail ; \n \nNotification d'assujettissement \u00e0 l'obligation d'une convention de revitalisation - articles L.1233-\n84 \u00e0 L.1233-89, D1233-37, D.1233-38, D1233-45, D.1233-46 du code du travail ; \n \nAgr\u00e9ment de reconnaissance de la qualit\u00e9 de soci\u00e9t\u00e9 coop\u00e9rative ouvri\u00e8re et d e production \n(SCOP) - Loi n\u00b047- 1775 du 19/09/47 susvis\u00e9e, loi n\u00b078-763 du 19/07/1978 susvis\u00e9e, d\u00e9cret n\u00b079-376 \ndu 10/05/1979 susvis\u00e9, loi n\u00b02014-856 du 31/07/2014 susvis\u00e9e ; \n \nDispositifs locaux d'accompagnement - circulaires DGEFP 2002 -53 du 10/12/2002 et 2003 -04 du \n04/03/2003, d\u00e9cret n\u00b02015-1103 du 01/09/2015 susvis\u00e9 ; \n \nDirection r\u00e9gionale et interd\u00e9partementale de l'\u00e9conomie, de l'emploi, du travail et des solidarit\u00e9s d'\u00cele-de-France -\nIDF-2025-08-28-00004 - D\u00e9cision n\u00b0 2025-159 du 28 ao\u00fbt 2025\nPortant subd\u00e9l\u00e9gation de signature de Monsieur Fabrice Masi, Directeur r\u00e9gional et\ninterd\u00e9partemental de l'\u00c9conomie, de l'Emploi, du Travail et des Solidarit\u00e9s d'\u00cele-de-France, aux\nagents de l'unit\u00e9 d\u00e9partementale de Paris\n8\n5 / 7 \nAttribution, extension, renouvellement, retrait d'agr\u00e9ment d'une association ou d' une entreprise \nde services \u00e0 la personne - articles L7232-1 et suivants du code du travail, article D.312-6-1 du code \nde l'action sociale et des familles ; \n \nConventions relatives \u00e0 l'insertion par l'activit\u00e9 \u00e9conomique - articles R.5132-1 \u00e0 6, 44, D.5132-10-\n1, R 5132-10- 6 \u00e0 R 5132-10-11, D.5132-26, R 5132-27 \u00e0 R 5132-43, R 5132-44 \u00e0 R.5132-47 du code du \ntravail, l'instruction DGEFP n\u00b02014-2 du 2/02/2014 ; \n \nConventionnement des missions locales - articles L.5314-1 \u00e0 L5314-4 du code du travail ; \n \nAttribution, extension, renouvellement et retrait des agr\u00e9ments \" entreprises solidaires\" \u2013 articles \nL.3332-17-1 et R.3332-21-3 du code du travail ; \n \n \n11\u00b0 Nature de la mati\u00e8re - Garanties de ressources des travailleurs priv\u00e9s d'emploi \n \nExclusion ou r\u00e9duction temporaire ou d\u00e9finitive du revenu de remplacement - articles L.5426-2 \u00e0 \nL.5426-9, R.5426-1 et suivants du code du travail ; \n \n12\u00b0 Nature de la mati\u00e8re - Formation professionnelle et certification \n \nRemboursement des r\u00e9mun\u00e9rations per\u00e7ues par les stagiaires AFPA abando nnant, sans motif \nvalable, leur stage de formation - articles R.6341-45 \u00e0 R.6341-48 du code du travail ; \n \nD\u00e9livrance du titre professionnel - D\u00e9signation du jury \u2013 Valorisation des acquis et de l'exp\u00e9rience \n(VAE) : recevabilit\u00e9 VAE \u2013 articles R.338-6 et 7 du code de l'\u00e9ducation - loi n\u00b02002-73 du 17/01/2002 \nsusvis\u00e9e, d\u00e9cret n\u00b02002-615 du 26/04/2002 susvis\u00e9, arr\u00eat\u00e9 du 9/03/2006 ; \n \n13\u00b0 Nature de la mati\u00e8re \u2013 Obligation d'emploi des travailleurs en situation de handicap \n \nSanction administrative pour non-respect des obligations d'emploi \u2013 articles L.5212-2, L.5112-6 \u00e0 \nL.5212-11 et R.5212-31 du code du travail ; \n \nAgr\u00e9ment des accords de groupe, d'entreprise ou d'\u00e9tablisse ment en faveur des travailleurs \nhandicap\u00e9s - articles L.5212-8 et R.5212-15 du code du travail ; \n \n \n14\u00b0 Nature de la mati\u00e8re \u2013 Travailleurs en situation de handicap \n \nSubvention d'installation d'un travailleur handicap\u00e9 - articles R.5213-52, D.5213-53 \u00e0 5213 -61 du \ncode du travail ; \n \nAides financi\u00e8res pour l'adaptation du lieu de travail et pour le renforcement de l'encadrement \ndes travailleurs handicap\u00e9s \u2013 L.5213-10, R.5213-32 \u00e0 R.5213-38 du code du travail ; \n \nPrime pour l'embauche d'un jeune handicap\u00e9 en contrat d'apprentissage - articles L.6222 -38, \nR.6222-55 \u00e0 6222- 58 du code du travail, arr\u00eat\u00e9 du 15/03/78 \n \nAide aux postes des entreprises adapt\u00e9es \u2013 R.5213-74 \u00e0 76 du code du travail ; \n \n \n \n \nDirection r\u00e9gionale et interd\u00e9partementale de l'\u00e9conomie, de l'emploi, du travail et des solidarit\u00e9s d'\u00cele-de-France -\nIDF-2025-08-28-00004 - D\u00e9cision n\u00b0 2025-159 du 28 ao\u00fbt 2025\nPortant subd\u00e9l\u00e9gation de signature de Monsieur Fabrice Masi, Directeur r\u00e9gional et\ninterd\u00e9partemental de l'\u00c9conomie, de l'Emploi, du Travail et des Solidarit\u00e9s d'\u00cele-de-France, aux\nagents de l'unit\u00e9 d\u00e9partementale de Paris\n9\n6 / 7 \n \nArticle 2 \n \nEn cas d'absence ou d'emp\u00eachement de Riad BOUHAFS  la subd\u00e9l\u00e9gation de signature sera \nexerc\u00e9e, \u00e0 l'exclusion des comp\u00e9tences relevant du syst\u00e8me d'inspection du travail , par : \n \n- Martine BAUDOIN, directrice adjointe de l'unit\u00e9 d\u00e9partementale ; \n- Herv\u00e9 LEGRAND, chef du p\u00f4le \"politique du Travail\" ; \n- Marie MARCENA, cheffe du p\u00f4le \"entreprises, emploi et solidarit\u00e9s\" ; \n \nEt dans la limite de leurs attributions, par : \n \n- V\u00e9ronique DELARUE, adjointe  \u00e0 la cheffe  du p\u00f4le \u00ab  entreprises, emploi et \nsolidarit\u00e9s \u00bb \n- Catherine BARRAS, directrice de secteur nord des services de l'inspection du \ntravail ; \n- M\u00e9linda MARONE, directrice de secteur sud des services de l'inspection du travail ; \n- Niklas VASSEUX, adjoint au chef du p\u00f4le \"politique du Travail\" ; \n- Jean-Philippe DEVOUCOUX, responsable du d\u00e9partement accompagnement \ndes entreprises ;  \n- Patricia RENUCCI, responsable du d\u00e9partement protection et insertion des \njeunes ;  \n- Corinne ROUXEL, responsable du d\u00e9partement protection et insertion des \nadultes ;  \n- Eric REMERAND, chef du service protection au sein du d\u00e9partement protection \net insertion des adultes ; \n- Franck LEPERTEL, chef du service protection au sein du d\u00e9partement protection \net insertion des jeunes ;  \n- Magalie MASSIP, pour les pupilles ;  \n- Rapha\u00ebl BUZULIER, pour l'activit\u00e9 partielle ; \n- S\u00e9lina PERTAYS, pour l'insertion des jeunes ;  \n- Lydie Sapor, pour l'insertion des adultes \n \n \nArticle 3 \n \nSont exclus de la d\u00e9l\u00e9gation consentie \u00e0 l'article 1 du pr\u00e9sent arr\u00eat\u00e9 : \n \n1\u00b0 la signature des conventions pass\u00e9es au nom de l'Etat avec le d\u00e9partement, une ou plusieurs \ncommunes, leurs groupements ainsi que leurs \u00e9tablissements publics,  \n2\u00b0 les d\u00e9cisions portant attribution de subvention ou de pr\u00eats de l'Etat aux collectivit\u00e9s locales, \naux \u00e9tablissements et organismes d\u00e9partementaux, communaux et intercommunaux,  \n3\u00b0 les notifications de ces subventions ou pr\u00eats aux collectivit\u00e9s locales, \u00e9tablissements et \norganismes b\u00e9n\u00e9ficiaires, \n4\u00b0 les correspondances relatives au contr\u00f4le de l\u00e9galit\u00e9 pr\u00e9vu par le titre I de la loi du 2 mars 1982, \n5\u00b0 les circulaires aux maires, \n6\u00b0 les arr\u00eat\u00e9s ayant un caract\u00e8re r\u00e9glementaire, \n7\u00b0 toutes correspondances adress\u00e9es aux administrations centrales et qui sont relatives aux \nprogrammes d'\u00e9quipement et \u00e0 leur financement, ainsi que celles dont le pr\u00e9fet se r\u00e9serve \nexpress\u00e9ment la signature ; toutes correspondances adress\u00e9es aux cabinets minist\u00e9riels (les autres \ncorrespondances \u00e9tant sous le r\u00e9gime du sous-couvert), \n8\u00b0 toutes correspondances adress\u00e9es aux pr\u00e9sidents des assembl\u00e9es r\u00e9gionales et \nd\u00e9partementales ainsi que les r\u00e9ponses aux interventions des parlementaires et des conseillers \nDirection r\u00e9gionale et interd\u00e9partementale de l'\u00e9conomie, de l'emploi, du travail et des solidarit\u00e9s d'\u00cele-de-France -\nIDF-2025-08-28-00004 - D\u00e9cision n\u00b0 2025-159 du 28 ao\u00fbt 2025\nPortant subd\u00e9l\u00e9gation de signature de Monsieur Fabrice Masi, Directeur r\u00e9gional et\ninterd\u00e9partemental de l'\u00c9conomie, de l'Emploi, du Travail et des Solidarit\u00e9s d'\u00cele-de-France, aux\nagents de l'unit\u00e9 d\u00e9partementale de Paris\n10\n7 / 7 \ng\u00e9n\u00e9raux lorsqu'elles portent sur les comp\u00e9tences de l'Etat, \u00e0 l'exception de celles concernant \nl'inspection du travail. \n \nArticle 4 \n \nUne copie de cette d\u00e9cision de subd\u00e9l\u00e9gation sera adress\u00e9e au Pr\u00e9fet de Paris. \n \nArticle 5 \n \nLa d\u00e9cision n\u00b0 2025-134 du 28 juillet 2025 est abrog\u00e9e. \n \nArticle 6 \n \nLe Directeur r\u00e9gional et interd\u00e9partemental de l'\u00e9conomie, de l'emploi, du travail et des solidarit\u00e9s \nd'\u00cele-de-France, et les subd\u00e9l\u00e9gataires mentionn\u00e9 s ci -dessus, sont charg\u00e9s, chacun  en ce qui l e \nconcerne, de l'ex\u00e9cution de la pr\u00e9sente d\u00e9cision  qui sera publi\u00e9 e aux recueils des actes \nadministratifs de la pr\u00e9fecture de la r\u00e9gion et de la pr\u00e9fecture du Paris. \n \n \n \nFait \u00e0 Aubervilliers, le 28 ao\u00fbt 2025 \n \nPour le Pr\u00e9fet et par d\u00e9l\u00e9gation, \nLe Directeur r\u00e9gional et interd\u00e9partemental de \nl'\u00e9conomie, de l'emploi, du travail et des \nsolidarit\u00e9s d'\u00cele-de-France, \n \nSIGN\u00c9 \n \nFabrice MASI \nDirection r\u00e9gionale et interd\u00e9partementale de l'\u00e9conomie, de l'emploi, du travail et des solidarit\u00e9s d'\u00cele-de-France -\nIDF-2025-08-28-00004 - D\u00e9cision n\u00b0 2025-159 du 28 ao\u00fbt 2025\nPortant subd\u00e9l\u00e9gation de signature de Monsieur Fabrice Masi, Directeur r\u00e9gional et\ninterd\u00e9partemental de l'\u00c9conomie, de l'Emploi, du Travail et des Solidarit\u00e9s d'\u00cele-de-France, aux\nagents de l'unit\u00e9 d\u00e9partementale de Paris\n11\nDirection r\u00e9gionale et interd\u00e9partementale de\nl'\u00e9conomie, de l'emploi, du travail et des\nsolidarit\u00e9s d'\u00cele-de-France\nIDF-2025-08-28-00005\nD\u00e9cision n\u00b0 2025-160 du 28 ao\u00fbt 2025\nPortant subd\u00e9l\u00e9gation de signature de Monsieur\nFabrice Masi, Directeur r\u00e9gional et\ninterd\u00e9partemental de l'\u00c9conomie, de l'Emploi,\ndu Travail et des Solidarit\u00e9s d'\u00cele-de-France, aux\nagents de l'unit\u00e9 d\u00e9partementale de Paris\nDirection r\u00e9gionale et interd\u00e9partementale de l'\u00e9conomie, de l'emploi, du travail et des solidarit\u00e9s d'\u00cele-de-France -\nIDF-2025-08-28-00005 - D\u00e9cision n\u00b0 2025-160 du 28 ao\u00fbt 2025\nPortant subd\u00e9l\u00e9gation de signature de Monsieur Fabrice Masi, Directeur r\u00e9gional et interd\u00e9partemental de l'\u00c9conomie, de l'Emploi, du\nTravail et des Solidarit\u00e9s d'\u00cele-de-France, aux agents de l'unit\u00e9 d\u00e9partementale de Paris\n12\nPREFET .DE LA REGIOND'\u00ceLE-DE-FRANCELibert\u00e9Egalit\u00e9Fraternit\u00e9\n Direction r\u00e9gionale et interd\u00e9partementale \nde l'\u00e9conomie, de l'emploi, \ndu travail et des solidarit\u00e9s  \n \n \nDRIEETS Ile de France  \n21 rue Madeleine Vionnet  \n93300 AUBERVILLIERS \n \n \nD\u00c9CISION n\u00b0 2025-160 du 28 ao\u00fbt 2025 \n \nPortant subd\u00e9l\u00e9gation de signature de Monsieur Fabrice Masi, Directeur r\u00e9gional et \ninterd\u00e9partemental de l'\u00c9conomie, de l'Emploi, du Travail et des Solidarit\u00e9s d'\u00cele -de-France, aux agents \nde l'unit\u00e9 d\u00e9partementale de Paris \n \n \nLE PR\u00c9FET DE LA R\u00c9GION D'\u00ceLE-DE-FRANCE \nPR\u00c9FET DE PARIS \nGRAND OFFICIER DE LA L\u00c9GION D'HONNEUR \nOFFICIER DE L'ORDRE NATIONAL DU M\u00c9RITE \n \nLe Directeur r\u00e9gional et interd\u00e9partemental de l'\u00e9conomie, de l'emploi, du travail et des solidarit\u00e9s d'\u00cele-\nde-France, \n \nVu le code g\u00e9n\u00e9ral de fonction publique, notamment son article L.323-1 ; \n \nVu le code de l'action sociale et des familles ; \n \nVu le code de la commande publique ; \n \nVu le code de commerce ; \n \nVu le code de la consommation ; \n \nVu le code de justice administrative ; \n \nVu le code de la s\u00e9curit\u00e9 sociale ; \n \nVu le code du tourisme ; \n \nVu le code du travail ; \n \nVu la loi du 4 juillet 1837 modifi\u00e9e relative aux poids et mesures ;  \n \nVu la loi n\u00b0 82 -213 du 2 mars 1982 modifi\u00e9e relative aux droits et libert\u00e9s des communes, des \nd\u00e9partements et des r\u00e9gions ; \n \nVu le d\u00e9cret n\u00b0 2004 -374 du 29 avril 2004 modifi\u00e9 relatif aux pouvoirs des pr\u00e9fets, \u00e0 l'organisation et \u00e0 \nl'action des services de l'\u00c9tat dans les r\u00e9gions et d\u00e9partements ; \n \nVu le d\u00e9cret n\u00b0 2010 -687 du 24 juin 2010 modifi\u00e9 relatif \u00e0 l'organisation et aux missions des services de \nl'\u00c9tat dans la r\u00e9gion et les d\u00e9partements d'Ile-de-France et notamment ses articles 20-1 et 20-2 ; \n \nVu le d\u00e9cret n\u00b0 2013-571 du 1er juillet 2013 modifi\u00e9 autorisant les ministres charg\u00e9s des affaires sociales, \nde la sant\u00e9, des sports, de la jeunesse, de l'\u00e9ducation populaire et de la vie associative \u00e0 d\u00e9l\u00e9guer certains \nde leurs pouvoirs pour le recrutement et la gestion d'agents plac\u00e9s sous leur autorit\u00e9 ; \nDirection r\u00e9gionale et interd\u00e9partementale de l'\u00e9conomie, de l'emploi, du travail et des solidarit\u00e9s d'\u00cele-de-France -\nIDF-2025-08-28-00005 - D\u00e9cision n\u00b0 2025-160 du 28 ao\u00fbt 2025\nPortant subd\u00e9l\u00e9gation de signature de Monsieur Fabrice Masi, Directeur r\u00e9gional et interd\u00e9partemental de l'\u00c9conomie, de l'Emploi, du\nTravail et des Solidarit\u00e9s d'\u00cele-de-France, aux agents de l'unit\u00e9 d\u00e9partementale de Paris\n13\n \n 2/4 \n \nVu le d\u00e9cret n\u00b0 2015-510 du 7 mai 2015 modifi\u00e9 portant charte de la d\u00e9concentration ;  \n \nVu le d\u00e9cret du 22 juillet 2020 portant nomination de Monsieur Marc GUILLAUME en qualit\u00e9 de pr\u00e9fet \nde la r\u00e9gion d'\u00cele-de-France, pr\u00e9fet de Paris ; \n \nVu le d\u00e9cret n\u00b0 2020 -1545 du 9 d\u00e9cembre 2020 modifi\u00e9 relatif \u00e0 l'organisation et aux missions des \ndirections r\u00e9gionales de l'\u00e9conomie, de l'emploi, du travail et des solidarit\u00e9s, des directions \nd\u00e9partementales de l'emploi, du travail et des solidarit\u00e9s et des directions d\u00e9partementales de l'emploi, \ndu travail, des solidarit\u00e9s et de la protection des populations ; \n \nVu l'arr\u00eat\u00e9 du 25 novembre 2014 modifi\u00e9 portant d\u00e9l\u00e9gation de certains pouvoirs de recrutement et de \ngestion d'agents relevant du ministre charg\u00e9 du travail et de l'emploi ;  \n \nVu l'arr\u00eat\u00e9 du 29 d\u00e9cembre 2016 fixant la liste des actes relatifs \u00e0 la situation individuelle des agents \npublics exer\u00e7ant leurs fonctions dans les services d\u00e9concentr\u00e9s des administrations civiles de l'Etat pour \nlesquels l'avis du chef de service d\u00e9concentr\u00e9 sous l'autorit\u00e9 duquel sont plac\u00e9s ces personnels est requis \npr\u00e9alablement \u00e0 leur \u00e9diction ; \n \nVu l'arr\u00eat\u00e9 du 29 d\u00e9cembre 2016 modifi\u00e9 portant d\u00e9concentration des actes relatifs \u00e0 la situation \nindividuelle des agents publics exer\u00e7ant leurs fonctions dans les services d\u00e9concentr\u00e9s des \nadministrations civiles de l'Etat au sens de l'article 15 du d\u00e9cre t n\u00b0 2004 -374 du 29 avril 2004 modifi\u00e9 \nrelatif aux pouvoirs des pr\u00e9fets, \u00e0 l'organisation et \u00e0 l'action des services de l'Etat dans les r\u00e9gions et \nd\u00e9partements ; \n \nVu l'arr\u00eat\u00e9 interminist\u00e9riel du 23 d\u00e9cembre 2022 nommant Madame Martine BAUDOIN directrice \nadjointe de l'unit\u00e9 d\u00e9partementale de Paris, \n \nVu l'arr\u00eat\u00e9 interminist\u00e9riel du 15 mai 2025 nommant Monsieur Riad BOUHAFS, directeur r\u00e9gional et \ninterd\u00e9partemental adjoint de l'\u00e9conomie, de l'emploi, du travail et des solidarit\u00e9s d'\u00cele -de-France, sur \nl'emploi de directeur de l'unit\u00e9 d\u00e9partementale du Paris, \n \nVu l'arr\u00eat\u00e9 interminist\u00e9riel du 12 ao\u00fbt 2025  nommant Fabrice MASI  directeur r\u00e9gional et \ninterd\u00e9partemental de l'\u00e9conomie, de l'emploi, du travail et des solidarit\u00e9s d'\u00cele-de-France \u00e0 compter du \n25 ao\u00fbt 2025, \n \nVu l'arr\u00eat\u00e9 IDF-2025-08-27-00002 du 27 ao\u00fbt 2025 de Monsieur Marc GUILLAUME, Pr\u00e9fet de la r \u00e9gion \nd'Ile-de-France, Pr\u00e9fet de Paris, portant d\u00e9l\u00e9gation de signature \u00e0 Monsieur Fabrice MASI , directeur \nr\u00e9gional et interd\u00e9partemental de l'\u00e9conomie, de l'emploi, du travail et des solidarit\u00e9s d'Ile -de-France \n(DRIEETS) en mati\u00e8re administrative, \n \n \nD\u00c9CIDE \nArticle 1  \n \nSubd\u00e9l\u00e9gation de signature est donn\u00e9e \u00e0 Riad BOUHAFS, directeur de l'unit\u00e9 d\u00e9partementale de Paris, \n\u00e0 effet de signer dans le cadre de ses attributions, tous les actes, arr\u00eat\u00e9s, d\u00e9cisions, conventions, \ncirculaires, rapports, correspondances dans le champ des comp\u00e9tences que la pr\u00e9fecture de r\u00e9gion \nd\u00e9l\u00e8gue \u00e0 la direction r\u00e9gionale et interd\u00e9partementale  de l'\u00e9conomie, de l'emploi, du travail et des \nsolidarit\u00e9s d'Ile-de-France (DRIEETS) \u00e0 l'exclusion des actes mentionn\u00e9s \u00e0 l'article 3 du pr\u00e9sent arr\u00eat\u00e9. \n \n \nAucune subd\u00e9l\u00e9gation ne pourra \u00eatre op\u00e9r\u00e9e par le directeur d'unit\u00e9 concernant la signature des \nDirection r\u00e9gionale et interd\u00e9partementale de l'\u00e9conomie, de l'emploi, du travail et des solidarit\u00e9s d'\u00cele-de-France -\nIDF-2025-08-28-00005 - D\u00e9cision n\u00b0 2025-160 du 28 ao\u00fbt 2025\nPortant subd\u00e9l\u00e9gation de signature de Monsieur Fabrice Masi, Directeur r\u00e9gional et interd\u00e9partemental de l'\u00c9conomie, de l'Emploi, du\nTravail et des Solidarit\u00e9s d'\u00cele-de-France, aux agents de l'unit\u00e9 d\u00e9partementale de Paris\n14\n \n 3/4 \nconventions attributives de subventions accord\u00e9es au titre du fonds de d\u00e9veloppement de l'inclusion \n(FDI), dans le cadre de l'insertion par l'activit\u00e9 \u00e9conomique (IAE). \n \nUne copie de cette d\u00e9cision de subd\u00e9l\u00e9gation sera adress\u00e9e au directeur r\u00e9gional et interd\u00e9partemental \nde l'\u00e9conomie, de l'emploi, du travail et des solidarit\u00e9s d'\u00cele-de-France. \n \nArticle 2  \n \nEn cas d'absence ou d'emp\u00eachement du directeur  de l'unit\u00e9 d\u00e9partementale  par int\u00e9rim , la \nsubd\u00e9l\u00e9gation de signature, est exerc\u00e9e par les personnes ci-dessous mentionn\u00e9es, dans la limite de leurs \ncomp\u00e9tences : \n \n- Mme Martine BAUDOIN, directrice adjointe de l'unit\u00e9 d\u00e9partementale de Paris  \n- Marie MARCENA, cheffe du p\u00f4le \u00ab entreprises, emploi, solidarit\u00e9 \u00bb \n- V\u00e9ronique DELARUE, adjointe \u00e0 la cheffe du p\u00f4le entreprises, emploi et solidarit\u00e9s, cheffe de la \nmission animation territoriale \n- Jean-Philippe DEVOUCOUX, responsable du d\u00e9partement accompagnement des entreprises  \n- Patricia RENUCCI, responsable du d\u00e9partement protection et insertion des jeunes  \n- Corinne ROUXEL, responsable du d\u00e9partement insertion et protection des adultes  \n- Herv\u00e9 LEGRAND, chef du p\u00f4le \u00ab politique du travail \u00bb \n- Niklas VASSEUX, adjoint du chef du p\u00f4le \u00ab politique du travail \u00bb , responsable par int\u00e9rim du \nd\u00e9partement d'appui aux services de l'inspection du travail \n- Catherine BARRAS, directrice de secteur nord des services de l'inspection du travail  ; \n- M\u00e9linda MARONE, directrice de secteur sud des services de l'inspection du travail  ; \n \nArticle 3 \n \nSont exclus de la d\u00e9l\u00e9gation consentie \u00e0 l'article 1 du pr\u00e9sent arr\u00eat\u00e9 : \n \n- Les conventions avec les collectivit\u00e9s territoriales et leurs \u00e9tablissements publics ;  \n- Les conventions des appels \u00e0 projets r\u00e9gionaux du plan d'investissement dans les comp\u00e9tences ; \n- Les conventions pluriannuelles d'objectifs (CPO) des missions locales, except\u00e9 les avenants pour \nles soldes annuels ; \n- Les conventions avec les structures de soutien \u00e0 l'insertion par l'activit\u00e9 \u00e9conomique, except\u00e9 \nles avenants et les actes de gestion aff\u00e9rents ; un tableau de suivi de la programmation par \nstructure est transmis trimestriellement ; \n- Les m\u00e9moires en d\u00e9fense pr\u00e9sent\u00e9s au nom de l'\u00c9tat \u00e0 l'occasion des recours form\u00e9s devant les \njuridictions administratives et n\u00e9s de l'activit\u00e9 de la DRIEETS, de la DIRECCTE ou de la DRCS d'Ile-\nde-France, sauf en ce qui concerne ceux n\u00e9s de l'exercice des comp\u00e9tences propres exerc\u00e9es le \nDirecteur r\u00e9gional et interd\u00e9partemental de la DRIEETS ou des agents qui lui sont \nhi\u00e9rarchiquement rattach\u00e9s, en mati\u00e8re d'accompagnement des restructurations d'entreprise et \nd'inspection de la l\u00e9gislation du travail, de mesures de police administrative prises en application \ndu code de commerce et du code de la consommation et en mati\u00e8re de m\u00e9trologie l\u00e9gale, ainsi \nque dans les cas de proc\u00e9dure d'urgence pr\u00e9vus au livre V du code de justice administrative ;  \n- Les correspondances avec les parlementaires, les anciens ministres, les conseillers r\u00e9gionaux et \nd\u00e9partementaux, les pr\u00e9sidents des associations des maires, la maire de Paris et les maires des \ncommunes chefs-lieux de d\u00e9partement ; \n- Les correspondances entrant dans le cadre de la n\u00e9gociation du contrat de plan \u00c9tat r\u00e9gion ;  \n \nPar ailleurs, une copie de toutes correspondances destin\u00e9es aux autres \u00e9lus, maires, conseillers \nmunicipaux ainsi que de celles concernant le contr\u00f4le de l\u00e9galit\u00e9 et les m\u00e9moires produits dans le cadre \ndes proc\u00e9dures d'urgence susmentionn\u00e9es, sera simultan\u00e9ment adress\u00e9e au pr\u00e9fet de la r\u00e9gion d'Ile-de-\nFrance. \nDirection r\u00e9gionale et interd\u00e9partementale de l'\u00e9conomie, de l'emploi, du travail et des solidarit\u00e9s d'\u00cele-de-France -\nIDF-2025-08-28-00005 - D\u00e9cision n\u00b0 2025-160 du 28 ao\u00fbt 2025\nPortant subd\u00e9l\u00e9gation de signature de Monsieur Fabrice Masi, Directeur r\u00e9gional et interd\u00e9partemental de l'\u00c9conomie, de l'Emploi, du\nTravail et des Solidarit\u00e9s d'\u00cele-de-France, aux agents de l'unit\u00e9 d\u00e9partementale de Paris\n15\n \n 4/4 \n \n \n \n \nArticle 4 \n \nLa pr\u00e9sente d\u00e9cision de d\u00e9l\u00e9gation de signature porte abrogation de la d\u00e9cision n\u00b0 2025-112 du 13 juin \n2025. \n \nArticle 5 \n \nLe Directeur r\u00e9gional et interd\u00e9partemental de l'\u00e9conomie, de l'emploi, du travail et des solidarit\u00e9s d'\u00cele-\nde-France est charg\u00e9 de l'ex\u00e9cution de la pr\u00e9sente d\u00e9cision qui sera publi\u00e9e au recueil des actes \nadministratifs de la r\u00e9gion Ile-de-France. \n                                                                                               \nFait \u00e0 Aubervilliers le 28 ao\u00fbt 2025 \n \nLe Directeur r\u00e9gional et interd\u00e9partemental \nde l'\u00e9conomie, de l'emploi, du travail et des \nsolidarit\u00e9s  \n \n \nSIGN\u00c9 \n. \nFabrice MASI \n \nDirection r\u00e9gionale et interd\u00e9partementale de l'\u00e9conomie, de l'emploi, du travail et des solidarit\u00e9s d'\u00cele-de-France -\nIDF-2025-08-28-00005 - D\u00e9cision n\u00b0 2025-160 du 28 ao\u00fbt 2025\nPortant subd\u00e9l\u00e9gation de signature de Monsieur Fabrice Masi, Directeur r\u00e9gional et interd\u00e9partemental de l'\u00c9conomie, de l'Emploi, du\nTravail et des Solidarit\u00e9s d'\u00cele-de-France, aux agents de l'unit\u00e9 d\u00e9partementale de Paris\n16\nDirection r\u00e9gionale et interd\u00e9partementale de\nl'\u00e9conomie, de l'emploi, du travail et des\nsolidarit\u00e9s d'\u00cele-de-France\nIDF-2025-08-28-00006\nD\u00e9cision n\u00b0 2025-161 du 28 ao\u00fbt 2025\nPortant subd\u00e9l\u00e9gation de signature de Monsieur\nFabrice Masi, Directeur r\u00e9gional et\ninterd\u00e9partemental de l'\u00c9conomie, de l'Emploi,\ndu Travail et des Solidarit\u00e9s d'\u00cele-de-France, aux\nagents de l'unit\u00e9 d\u00e9partementale des\nHauts-de-Seine\nDirection r\u00e9gionale et interd\u00e9partementale de l'\u00e9conomie, de l'emploi, du travail et des solidarit\u00e9s d'\u00cele-de-France -\nIDF-2025-08-28-00006 - D\u00e9cision n\u00b0 2025-161 du 28 ao\u00fbt 2025\nPortant subd\u00e9l\u00e9gation de signature de Monsieur Fabrice Masi, Directeur r\u00e9gional et interd\u00e9partemental de l'\u00c9conomie, de l'Emploi, du\nTravail et des Solidarit\u00e9s d'\u00cele-de-France, aux agents de l'unit\u00e9 d\u00e9partementale des Hauts-de-Seine\n17\nPREFET |DE LA REGIOND'\u00ceLE-DE-FRANCELibert\u00e9Egalit\u00e9Fraternit\u00e9\n Direction r\u00e9gionale et interd\u00e9partementale \nde l'\u00e9conomie, de l'emploi, \ndu travail et des solidarit\u00e9s  \n \n \nDRIEETS Ile de France  \n21 rue Madeleine Vionnet  \n93 300 AUBERVILLIERS \n \n \n \n \n           D\u00c9CISION n\u00b0 2025-161 du 28 ao\u00fbt 2025 \n \nPortant subd\u00e9l\u00e9gation de signature de Monsieur Fabrice Masi, Directeur r\u00e9gional et \ninterd\u00e9partemental de l'\u00c9conomie, de l'Emploi, du Travail et des Solidarit\u00e9s d'\u00cele -de-France, aux agents \nde l'unit\u00e9 d\u00e9partementale des Hauts-de-Seine \n \n \nLE PR\u00c9FET DE LA R\u00c9GION D'\u00ceLE-DE-FRANCE \nPR\u00c9FET DE PARIS \nGRAND OFFICIER DE LA L\u00c9GION D'HONNEUR \nOFFICIER DE L'ORDRE NATIONAL DU M\u00c9RITE \n \n \nLe Directeur r\u00e9gional et interd\u00e9partemental de l'\u00e9conomie, de l'emploi, du travail et des solidarit\u00e9s d'\u00cele-\nde-France, \n \nVu le code g\u00e9n\u00e9ral de fonction publique, notamment son article L.323-1 ; \n \nVu le code de l'action sociale et des familles ; \n \nVu le code de la commande publique ; \n \nVu le code de commerce ; \n \nVu le code de la consommation ; \n \nVu le code de justice administrative ; \n \nVu le code de la s\u00e9curit\u00e9 sociale ; \n \nVu le code du tourisme ; \n \nVu le code du travail ; \n \nVu la loi du 4 juillet 1837 modifi\u00e9e relative aux poids et mesures ;  \n \nVu la loi n\u00b0 82 -213 du 2 mars 1982 modifi\u00e9e relative aux droits et libert\u00e9s des communes, des \nd\u00e9partements et des r\u00e9gions ; \n \nVu le d\u00e9cret n\u00b0 2004 -374 du 29 avril 2004 modifi\u00e9 relatif aux pouvoirs des pr\u00e9fets, \u00e0 l'organisation et \u00e0 \nl'action des services de l'\u00c9tat dans les r\u00e9gions et d\u00e9partements ; \n \nVu le d\u00e9cret n\u00b0 2010 -687 du 24 juin 2010 modifi\u00e9 relatif \u00e0 l'organisation et aux missions des services de \nl'\u00c9tat dans la r\u00e9gion et les d\u00e9partements d'Ile-de-France et notamment ses articles 20-1 et 20-2 ; \n \nDirection r\u00e9gionale et interd\u00e9partementale de l'\u00e9conomie, de l'emploi, du travail et des solidarit\u00e9s d'\u00cele-de-France -\nIDF-2025-08-28-00006 - D\u00e9cision n\u00b0 2025-161 du 28 ao\u00fbt 2025\nPortant subd\u00e9l\u00e9gation de signature de Monsieur Fabrice Masi, Directeur r\u00e9gional et interd\u00e9partemental de l'\u00c9conomie, de l'Emploi, du\nTravail et des Solidarit\u00e9s d'\u00cele-de-France, aux agents de l'unit\u00e9 d\u00e9partementale des Hauts-de-Seine\n18\n \n 2 / 4 \nVu le d\u00e9cret n\u00b0 2013-571 du 1er juillet 2013 modifi\u00e9 autorisant les ministres charg\u00e9s des affaires sociales, \nde la sant\u00e9, des sports, de la jeunesse, de l'\u00e9ducation populaire et de la vie associative \u00e0 d\u00e9l\u00e9guer certains \nde leurs pouvoirs pour le recrutement et la gestion d'agents plac\u00e9s sous leur aut orit\u00e9 ; \n \nVu le d\u00e9cret n\u00b0 2015-510 du 7 mai 2015 modifi\u00e9 portant charte de la d\u00e9concentration ;  \n \nVu le d\u00e9cret du 22 juillet 2020 portant nomination de Monsieur Marc GUILLAUME en qualit\u00e9 de pr\u00e9fet \nde la r\u00e9gion d'\u00cele-de-France, pr\u00e9fet de Paris ; \n \nVu le d\u00e9cret n\u00b0 2020 -1545 du 9 d\u00e9cembre 2020 modifi\u00e9 relatif \u00e0 l'organisation et aux missions des \ndirections r\u00e9gionales de l'\u00e9conomie, de l'emploi, du travail et des solidarit\u00e9s, des directions \nd\u00e9partementales de l'emploi, du travail et des solidarit\u00e9s et des directions d\u00e9partementales de l'emploi, \ndu travail, des solidarit\u00e9s et de la protection des populations ; \n \nVu l'arr\u00eat\u00e9 du 25 novembre 2014 modifi\u00e9 portant d\u00e9l\u00e9gation de certains pouvoirs de recrutement et de \ngestion d'agents relevant du ministre charg\u00e9 du travail et de l'emploi ;  \n \nVu l'arr\u00eat\u00e9 du 29 d\u00e9cembre 2016 fixant la liste des actes relatifs \u00e0 la situation individuelle des agents \npublics exer\u00e7ant leurs fonctions dans les services d\u00e9concentr\u00e9s des administrations civiles de l'Etat pour \nlesquels l'avis du chef de service d\u00e9concentr\u00e9 sous l'autorit\u00e9 duquel sont plac\u00e9s ces personnels est requis \npr\u00e9alablement \u00e0 leur \u00e9diction ; \n \nVu l'arr\u00eat\u00e9 du 29 d\u00e9cembre 2016 modifi\u00e9 portant d\u00e9concentration des actes relatifs \u00e0 la situation \nindividuelle des agents publics exer\u00e7ant leurs fonctions dans les services d\u00e9concentr\u00e9s des \nadministrations civiles de l'Etat au sens de l'article 15 du d\u00e9cre t n\u00b0 2004 -374 du 29 avril 2004 modifi\u00e9 \nrelatif aux pouvoirs des pr\u00e9fets, \u00e0 l'organisation et \u00e0 l'action des services de l'Etat dans les r\u00e9gions et \nd\u00e9partements ; \n \nVu l'arr\u00eat\u00e9 interminist\u00e9riel du 10 janvier 2024  nommant Azadeh AKRAMI -CASTANON directrice \nr\u00e9gionale et interd\u00e9partementale adjointe de l'\u00e9conomie, de l'emploi, du travail et des solidarit\u00e9s d'\u00cele -\nde-France, charg\u00e9e des fonctions de directrice de l'unit\u00e9 d\u00e9partementale des Hauts-de-Seine, \n \nVu l'arr\u00eat\u00e9 interminist\u00e9riel du 13 octobre 2023 nommant Gwena\u00eblle BOISARD directrice adjointe de \nl'unit\u00e9 d\u00e9partementale adjointe des Hauts de Seine, \n \nVu l'arr\u00eat\u00e9 interminist\u00e9riel du 12 ao\u00fbt  2025 nommant Fabrice MASI  directeur r\u00e9gional et \ninterd\u00e9partemental de l'\u00e9conomie, de l'emploi, du travail et des solidarit\u00e9s d'\u00cele-de-France \u00e0 compter du \n25 avril 2025, \n \nVu l'arr\u00eat\u00e9 n\u00b0IDF-2025-08-27-00002 du 27 ao\u00fbt 2025 de Monsieur Marc GUILLAUME, Pr\u00e9fet de la r\u00e9gion \nd'\u00cele-de-France, Pr\u00e9fet de Paris , portant d\u00e9l\u00e9gation de signature \u00e0 Monsieur Fabrice MASI , Directeur \nr\u00e9gional et interd\u00e9partemental de l'\u00c9conomie, de l'Emploi, du Travail et des Solidarit\u00e9s d'Ile -de-France \n(DRIEETS) en mati\u00e8re administrative, \n \nD\u00e9cide \nArticle 1  \n \nSubd\u00e9l\u00e9gation de signature est donn\u00e9e \u00e0 Azadeh AKRAMI -CASTANON,  directrice de l'unit\u00e9 \nd\u00e9partementale des Hauts-de-Seine, \u00e0 effet de signer dans le cadre de ses attributions, tous les actes, \narr\u00eat\u00e9s, d\u00e9cisions, conventions, circulaires, rapports, correspondances dans le champ des comp\u00e9tences \nque la pr\u00e9fecture de r\u00e9gion d\u00e9l\u00e8gue \u00e0 la direction r\u00e9gionale et interd\u00e9partementale  de l'\u00e9conomie, de \nl'emploi, du travail et des solidarit\u00e9s d'Ile -de-France (DRIEETS) \u00e0 l'exclusion des actes mentionn\u00e9s \u00e0 \nl'article 3 du pr\u00e9sent arr\u00eat\u00e9. \nDirection r\u00e9gionale et interd\u00e9partementale de l'\u00e9conomie, de l'emploi, du travail et des solidarit\u00e9s d'\u00cele-de-France -\nIDF-2025-08-28-00006 - D\u00e9cision n\u00b0 2025-161 du 28 ao\u00fbt 2025\nPortant subd\u00e9l\u00e9gation de signature de Monsieur Fabrice Masi, Directeur r\u00e9gional et interd\u00e9partemental de l'\u00c9conomie, de l'Emploi, du\nTravail et des Solidarit\u00e9s d'\u00cele-de-France, aux agents de l'unit\u00e9 d\u00e9partementale des Hauts-de-Seine\n19\n \n 3 / 4 \nAucune subd\u00e9l\u00e9gation ne pourra \u00eatre op\u00e9r\u00e9e par le directeur d'unit\u00e9 concernant la signature des \nconventions attributives de subventions accord\u00e9es au titre du fonds de d\u00e9veloppement de l'inclusion \n(FDI), dans le cadre de l'insertion par l'activit\u00e9 \u00e9conomique (IAE). \n \nUne copie de cette d\u00e9cision de subd\u00e9l\u00e9gation sera adress\u00e9e au directeur r\u00e9gional et interd\u00e9partemental \nde l'\u00e9conomie, de l'emploi, du travail et des solidarit\u00e9s d'\u00cele-de-France. \n \n \nArticle 2  \n \nEn cas d'absence ou d'emp\u00eachement du responsable de l'unit\u00e9 d\u00e9partementale concern\u00e9e, la \nsubd\u00e9l\u00e9gation de signature, est exerc\u00e9e par les personnes ci-dessous mentionn\u00e9es, dans la limite de leurs \ncomp\u00e9tences : \n \n- Gwena\u00eblle BOISARD, directrice adjointe de l'unit\u00e9 d\u00e9partementale, \n- Val\u00e9rie GUERN, responsable du p\u00f4le \u00ab \u00e9conomie, emploi, solidarit\u00e9s \u00bb \n- J\u00e9r\u00f4me SAJOT, responsable du p\u00f4le \u00ab politique du travail \u00bb, \n- Lolita REINA-RICO, adjointe au responsable du p\u00f4le \u00ab politique du travail \u00bb. \n \nArticle 3 \n \nSont exclus de la d\u00e9l\u00e9gation consentie aux articles 1 du pr\u00e9sent arr\u00eat\u00e9 : \n \n- Les conventions avec les collectivit\u00e9s territoriales et leurs \u00e9tablissements publics ;  \n- Les conventions des appels \u00e0 projets r\u00e9gionaux du plan d'investissement dans les comp\u00e9tences ; \n- Les conventions pluriannuelles d'objectifs (CPO) des missions locales, except\u00e9 les avenants pour \nles soldes annuels ; \n- Les conventions avec les structures de soutien \u00e0 l'insertion par l'activit\u00e9 \u00e9conomique, except\u00e9 \nles avenants et les actes de gestion aff\u00e9rents ; un tableau de suivi de la programmation par \nstructure est transmis trimestriellement ; \n- Les m\u00e9moires en d\u00e9fense pr\u00e9sent\u00e9s au nom de l'\u00c9tat \u00e0 l'occasion des recours form\u00e9s devant les \njuridictions administratives et n\u00e9s de l'activit\u00e9 de la DRIEETS, de la DIRECCTE ou de la DRCS d'Ile-\nde-France, sauf en ce qui concerne ceux n\u00e9s de l'exercice des comp\u00e9tences propres exerc\u00e9es par \nle directeur r\u00e9gional de la DIRECCTE ou le Directeur r\u00e9gional et interd\u00e9partemental de la \nDRIEETS ou des agents qui lui sont hi\u00e9rarchiquement rattach\u00e9s, en mati\u00e8re d'accompagnement \ndes restructurations d'entreprise et d'inspection de la l\u00e9gislation du travail, de mesures de police \nadministrative prises en application du code de commerce et du code de la consommation et \nen mati\u00e8re de m\u00e9trologie l\u00e9gale, ainsi que dans les cas de proc\u00e9dure d'urgence pr\u00e9vus au livre V \ndu code de justice administrative ; \n- Les correspondances avec les parlementaires, les anciens ministres, les conseillers r\u00e9gionaux et \nd\u00e9partementaux, les pr\u00e9sidents des associations des maires, la maire de Paris et les maires des \ncommunes chefs-lieux de d\u00e9partement ; \n- Les correspondances entrant dans le cadre de la n\u00e9gociation du contrat de plan \u00c9tat-r\u00e9gion ; \n \nPar ailleurs, une copie de toutes correspondances destin\u00e9es aux autres \u00e9lus, maires, conseillers \nmunicipaux ainsi que de celles concernant le contr\u00f4le de l\u00e9galit\u00e9 et les m\u00e9moires produits dans le cadre \ndes proc\u00e9dures d'urgence susmentionn\u00e9es, sera simultan\u00e9ment adress\u00e9e au pr\u00e9fet de la r\u00e9gion d'\u00cele-de-\nFrance. \n \nArticle 4 \n \nLa pr\u00e9sente d\u00e9cision de d\u00e9l\u00e9gation de signature porte abrogation de la d\u00e9cision n\u00b0  2025-058 du 9 avril \n2025. \nDirection r\u00e9gionale et interd\u00e9partementale de l'\u00e9conomie, de l'emploi, du travail et des solidarit\u00e9s d'\u00cele-de-France -\nIDF-2025-08-28-00006 - D\u00e9cision n\u00b0 2025-161 du 28 ao\u00fbt 2025\nPortant subd\u00e9l\u00e9gation de signature de Monsieur Fabrice Masi, Directeur r\u00e9gional et interd\u00e9partemental de l'\u00c9conomie, de l'Emploi, du\nTravail et des Solidarit\u00e9s d'\u00cele-de-France, aux agents de l'unit\u00e9 d\u00e9partementale des Hauts-de-Seine\n20\n \n 4 / 4 \nArticle 5 \n \nLe Directeur r\u00e9gional et interd\u00e9partemental de l'\u00e9conomie, de l'emploi, du travail et des solidarit\u00e9s d'\u00cele-\nde-France est charg\u00e9 de l'ex\u00e9cution de la pr\u00e9sente d\u00e9cision qui sera publi\u00e9e au recueil des actes \nadministratifs de la r\u00e9gion Ile-de-France. \n  \n \nFait \u00e0 Aubervilliers le 28 ao\u00fbt 2025 \n \nLe Directeur r\u00e9gional et interd\u00e9partemental de \nl'\u00e9conomie, de l'emploi, du travail et des \nsolidarit\u00e9s  \n \n \nSIGN\u00c9 \n \n \nFabrice MASI \n \n \nDirection r\u00e9gionale et interd\u00e9partementale de l'\u00e9conomie, de l'emploi, du travail et des solidarit\u00e9s d'\u00cele-de-France -\nIDF-2025-08-28-00006 - D\u00e9cision n\u00b0 2025-161 du 28 ao\u00fbt 2025\nPortant subd\u00e9l\u00e9gation de signature de Monsieur Fabrice Masi, Directeur r\u00e9gional et interd\u00e9partemental de l'\u00c9conomie, de l'Emploi, du\nTravail et des Solidarit\u00e9s d'\u00cele-de-France, aux agents de l'unit\u00e9 d\u00e9partementale des Hauts-de-Seine\n21\nDirection r\u00e9gionale et interd\u00e9partementale de\nl'\u00e9conomie, de l'emploi, du travail et des\nsolidarit\u00e9s d'\u00cele-de-France\nIDF-2025-08-28-00007\nD\u00e9cision n\u00b0 2025-162 du 28 ao\u00fbt 2025\nPortant subd\u00e9l\u00e9gation de signature de Monsieur\nFabrice Masi, Directeur r\u00e9gional et\ninterd\u00e9partemental de l'\u00c9conomie, de l'Emploi,\ndu Travail et des Solidarit\u00e9s d'\u00cele-de-France, aux\nagents de l'unit\u00e9 d\u00e9partementale de\nSeine-Saint-Denis\nDirection r\u00e9gionale et interd\u00e9partementale de l'\u00e9conomie, de l'emploi, du travail et des solidarit\u00e9s d'\u00cele-de-France -\nIDF-2025-08-28-00007 - D\u00e9cision n\u00b0 2025-162 du 28 ao\u00fbt 2025\nPortant subd\u00e9l\u00e9gation de signature de Monsieur Fabrice Masi, Directeur r\u00e9gional et interd\u00e9partemental de l'\u00c9conomie, de l'Emploi, du\nTravail et des Solidarit\u00e9s d'\u00cele-de-France, aux agents de l'unit\u00e9 d\u00e9partementale de Seine-Saint-Denis\n22\nPREFET |DE LA REGIOND'\u00ceLE-DE-FRANCELibert\u00e9Egalit\u00e9Fraternit\u00e9\n Direction r\u00e9gionale et interd\u00e9partementale \nde l'\u00e9conomie, de l'emploi, \ndu travail et des solidarit\u00e9s  \n \n \nDRIEETS \u00cele-de-France \n21 rue Madeleine Vionnet  \n93300 AUBERVILLIERS \n \n \n \n \n           D\u00c9CISION n\u00b0 2025-162 du 28 ao\u00fbt 2025 \n \nPortant subd\u00e9l\u00e9gation de signature de Monsieur Fabrice Masi, Directeur r\u00e9gional et \ninterd\u00e9partemental de l'\u00c9conomie, de l'Emploi, du Travail et des Solidarit\u00e9s d'\u00cele -de-France, aux agents \nde l'unit\u00e9 d\u00e9partementale de Seine-Saint-Denis \n \n \nLE PR\u00c9FET DE LA R\u00c9GION D'\u00ceLE-DE-FRANCE \nPR\u00c9FET DE PARIS \nGRAND OFFICIER DE LA L\u00c9GION D'HONNEUR \nOFFICIER DE L'ORDRE NATIONAL DU M\u00c9RITE \n \n \nLe Directeur r\u00e9gional et interd\u00e9partemental de l'\u00e9conomie, de l'emploi, du travail et des solidarit\u00e9s d'\u00cele-\nde-France, \n \nVu le code g\u00e9n\u00e9ral de fonction publique, notamment son article L.323-1 ; \n \nVu le code de l'action sociale et des familles ; \n \nVu le code de la commande publique ; \n \nVu le code de commerce ; \n \nVu le code de la consommation ; \n \nVu le code de justice administrative ; \n \nVu le code de la s\u00e9curit\u00e9 sociale ; \n \nVu le code du tourisme ; \n \nVu le code du travail ; \n \nVu la loi du 4 juillet 1837 modifi\u00e9e relative aux poids et mesures ;  \n \nVu la loi n\u00b0 82 -213 du 2 mars 1982 modifi\u00e9e relative aux droits et libert\u00e9s des communes, des \nd\u00e9partements et des r\u00e9gions ; \n \nVu le d\u00e9cret n\u00b0 2004 -374 du 29 avril 2004 modifi\u00e9 relatif aux pouvoirs des pr\u00e9fets, \u00e0 l'organisation et \u00e0 \nl'action des services de l'\u00c9tat dans les r\u00e9gions et d\u00e9partements ; \n \nVu le d\u00e9cret n\u00b0 2010 -687 du 24 juin 2010 modifi\u00e9 relatif \u00e0 l'organisation et aux missions des services de \nl'\u00c9tat dans la r\u00e9gion et les d\u00e9partements d'Ile-de-France et notamment ses articles 20-1 et 20-2 ; \n \nDirection r\u00e9gionale et interd\u00e9partementale de l'\u00e9conomie, de l'emploi, du travail et des solidarit\u00e9s d'\u00cele-de-France -\nIDF-2025-08-28-00007 - D\u00e9cision n\u00b0 2025-162 du 28 ao\u00fbt 2025\nPortant subd\u00e9l\u00e9gation de signature de Monsieur Fabrice Masi, Directeur r\u00e9gional et interd\u00e9partemental de l'\u00c9conomie, de l'Emploi, du\nTravail et des Solidarit\u00e9s d'\u00cele-de-France, aux agents de l'unit\u00e9 d\u00e9partementale de Seine-Saint-Denis\n23\n \n \n2 / 4 \nVu le d\u00e9cret n\u00b0 2013-571 du 1er juillet 2013 modifi\u00e9 autorisant les ministres charg\u00e9s des affaires sociales, \nde la sant\u00e9, des sports, de la jeunesse, de l'\u00e9ducation populaire et de la vie associative \u00e0 d\u00e9l\u00e9guer certains \nde leurs pouvoirs pour le recrutement et la gestion d'agents plac\u00e9s sous leur autorit\u00e9 ;  \n \nVu le d\u00e9cret n\u00b0 2015-510 du 7 mai 2015 modifi\u00e9 portant charte de la d\u00e9concentration ;  \n \nVu le d\u00e9cret du 22 juillet 2020 portant nomination de Monsieur Marc GUILLAUME en qualit\u00e9 de pr\u00e9fet \nde la r\u00e9gion d'\u00cele-de-France, pr\u00e9fet de Paris ; \n \nVu le d\u00e9cret n\u00b0 2020 -1545 du 9 d\u00e9cembre 2020 modifi\u00e9 relatif \u00e0 l'organisation et aux missions des \ndirections r\u00e9gionales de l'\u00e9conomie, de l'emploi, du travail et des solidarit\u00e9s, des directions \nd\u00e9partementales de l'emploi, du travail et des solidarit\u00e9s et des directions d\u00e9partementales de l'emploi, \ndu travail, des solidarit\u00e9s et de la protection des populations ; \n \nVu l'arr\u00eat\u00e9 du 25 novembre 2014 modifi\u00e9 portant d\u00e9l\u00e9gation de certains pouvoirs de recrutement et de \ngestion d'agents relevant du ministre charg\u00e9 du travail et de l'emploi ;  \n \nVu l'arr\u00eat\u00e9 du 29 d\u00e9cembre 2016 fixant la liste des actes relatifs \u00e0 la situation individuelle des agents \npublics exer\u00e7ant leurs fonctions dans les services d\u00e9concentr\u00e9s des administrations civiles de l'\u00c9tat pour \nlesquels l'avis du chef de service d\u00e9concentr\u00e9 sous l'autorit\u00e9 duquel sont plac\u00e9s ces personnels est requis \npr\u00e9alablement \u00e0 leur \u00e9diction ; \n \nVu l'arr\u00eat\u00e9 du 29 d\u00e9cembre 2016 modifi\u00e9 portant d\u00e9concentration des actes relatifs \u00e0 la situation \nindividuelle des agents publics exer\u00e7ant leurs fonctions dans les services d\u00e9concentr\u00e9s des \nadministrations civiles de l' \u00c9tat au sens de l'article 15 du d\u00e9cret n\u00b0 2004 -374 du 29 avril 2004 modifi\u00e9 \nrelatif aux pouvoirs des pr\u00e9fets, \u00e0 l'organisation et \u00e0 l'action des services de l' \u00c9tat dans les r\u00e9gions et \nd\u00e9partements ; \n \nVu l'arr\u00eat\u00e9 interminist\u00e9riel du 13 d\u00e9cembre 2022 nommant Monsieur David SOUBRI\u00c9 directeur r\u00e9gional \net interd\u00e9partemental adjoint de l'\u00e9conomie, de l'emploi, du travail et des solidarit\u00e9s d'\u00cele-de-France, \ncharg\u00e9 des fonctions de directeur de l'unit\u00e9 d\u00e9partementale de Seine -Saint-Denis \u00e0 la direction \nr\u00e9gionale et interd\u00e9partementale de l'\u00e9conomie, de l'emploi, du travail et des solidarit\u00e9s d'Ile -de-\nFrance ; \n \nVu l'arr\u00eat\u00e9 interminist\u00e9riel du 16 juin 2021 nommant Madame Laurence DEGENNE-SHORTEN directrice \nadjointe de l 'unit\u00e9 d\u00e9partementale de  la Seine-Saint-Denis \u00e0 la direction r\u00e9gionale et \ninterd\u00e9partementale de l'\u00e9conomie, de l'emploi, du travail et des solidarit\u00e9s d'Ile-de-France ; \n \nVu l'arr\u00eat\u00e9 interminist\u00e9riel du 12 ao\u00fbt  2025 nommant Fabrice MASI  directeur r\u00e9gional et \ninterd\u00e9partemental de l'\u00e9conomie, de l'emploi, du travail et des solidarit\u00e9s d'\u00cele-de-France \u00e0 compter du \n25 ao\u00fbt 2025, \n \nVu l'arr\u00eat\u00e9 n\u00b0 IDF-2025-08-27-00002 du 27 ao\u00fbt 2025, de Monsieur Marc GUILLAUME, Pr\u00e9fet de la r\u00e9gion \nd'\u00cele-de-France, Pr\u00e9fet de Paris, portant d\u00e9l\u00e9gation de signature \u00e0 Monsieur Fabrice MASI , Directeur \nr\u00e9gional et interd\u00e9partemental de l'\u00c9conomie, de l'Emploi, du Travail et des Solidarit\u00e9s d'Ile -de-France \n(DRIEETS) en mati\u00e8re administrative ;  \n \n \nD\u00e9cide \n  \nDirection r\u00e9gionale et interd\u00e9partementale de l'\u00e9conomie, de l'emploi, du travail et des solidarit\u00e9s d'\u00cele-de-France -\nIDF-2025-08-28-00007 - D\u00e9cision n\u00b0 2025-162 du 28 ao\u00fbt 2025\nPortant subd\u00e9l\u00e9gation de signature de Monsieur Fabrice Masi, Directeur r\u00e9gional et interd\u00e9partemental de l'\u00c9conomie, de l'Emploi, du\nTravail et des Solidarit\u00e9s d'\u00cele-de-France, aux agents de l'unit\u00e9 d\u00e9partementale de Seine-Saint-Denis\n24\n \n \n3 / 4 \nArticle 1  \n \nSubd\u00e9l\u00e9gation de signature est donn\u00e9e \u00e0 Monsieur David SOUBRI\u00c9, directeur de l'unit\u00e9 d\u00e9partementale \nde la Seine -Saint-Denis, \u00e0 effet de signer dans le cadre de ses attributions, tous les actes, arr\u00eat\u00e9s, \nd\u00e9cisions, conventions, circulaires, rapports, correspondances dans le champ des comp\u00e9tences que la \npr\u00e9fecture de r\u00e9gion d\u00e9l\u00e8gue \u00e0 la direction r\u00e9gionale et interd\u00e9partementale de l'\u00e9conomie, de l'emploi, \ndu travail et des solidarit\u00e9s d'Ile -de-France (DRIEETS) \u00e0 l'exclusion des actes mentionn\u00e9s \u00e0 l'article 3 du \npr\u00e9sent arr\u00eat\u00e9. \n \nAucune subd\u00e9l\u00e9gation ne pourra \u00eatre op\u00e9r\u00e9e par le directeur d'unit\u00e9 concernant la signature des \nconventions attributives de subventions accord\u00e9es au titre du fond s de d\u00e9veloppement de l'inclusion \n(FDI), dans le cadre de l'insertion par l'activit\u00e9 \u00e9conomique (IAE). \n \nUne copie de cette d\u00e9cision de subd\u00e9l\u00e9gation sera adress\u00e9e au directeur r\u00e9gional et interd\u00e9partemental \nde l'\u00e9conomie, de l'emploi, du travail et des solidarit\u00e9s d'\u00cele-de-France. \n \n \nArticle 2  \n \nEn cas d'absence ou d'emp\u00eachement du responsable de l'unit\u00e9 d\u00e9partementale concern\u00e9e, la \nsubd\u00e9l\u00e9gation de signature, est exerc\u00e9e par les personnes ci-dessous mentionn\u00e9es, dans la limite de leurs \ncomp\u00e9tences : \n \n- Mme Laurence DEGENNE-SHORTEN, directrice adjointe de l'unit\u00e9 d\u00e9partementale de la Seine-\nSaint-Denis ; \n- M. Matthieu CHAPELON, responsable du p\u00f4le \u00ab entreprises, emploi et solidarit\u00e9s \u00bb ;  \n- M. Alexandre AZARI, responsable du p\u00f4le politique du travail ; \n- M. Pierre-Yves HANNUS, chef du service d'appui du syst\u00e8me d'inspection du travail  ; \n- M. Yves DOUBLIER, chef du d\u00e9partement accompagnement des entreprises  ; \n- Mme M\u00e9lissa CHOLLET -MAKOUCHE, c heffe du service d\u00e9veloppement de l'emploi et des \ncomp\u00e9tences, adjointe au chef du d\u00e9partement accompagnement des entreprises \n- M. Th\u00e9o COPPEL, chef du d\u00e9partement protection et insertion des jeunes ; \n- M. Sayaf EL-MABROUK, chef du service int\u00e9gration, adjoint au chef du d\u00e9partement \nprotection et insertion des jeunes ;  \n- Mme Elodie ALMERAS, cheffe du d\u00e9partement \u00ab protection et insertion des adultes \u00bb.  \n- Mme Sylvie BREC, cheffe du service acc\u00e8s au droit, renseignement du  public et accords \nd'entreprise ; \n- M. Kaevin TALON, chef de la section centrale du travail ; \n- Mme Ang\u00e9lica TRINDADE-CHADEAU, cheffe du d\u00e9partement animation territoriale.  \n \n \nArticle 3 \n \nSont exclus de la d\u00e9l\u00e9gation consentie \u00e0 l'article 1 du pr\u00e9sent arr\u00eat\u00e9 : \n \n- Les conventions avec les collectivit\u00e9s territoriales et leurs \u00e9tablissements publics ;  \n- Les conventions des appels \u00e0 projets r\u00e9gionaux du plan d'investissement dans les comp\u00e9tences ; \n- Les conventions pluriannuelles d'objectifs (CPO) des missions locales, except\u00e9 les avenants pour \nles soldes annuels ; \n- Les conventions avec les structures de soutien \u00e0 l'insertion par l'activit\u00e9 \u00e9conomique, except\u00e9 \nles avenants et les actes de gestion aff\u00e9rents ; un tableau de suivi de la programmation par \nstructure est transmis trimestriellement ; \n- Les m\u00e9moires en d\u00e9fense pr\u00e9sent\u00e9s au nom de l'\u00c9tat \u00e0 l'occasion des recours form\u00e9s devant les \nDirection r\u00e9gionale et interd\u00e9partementale de l'\u00e9conomie, de l'emploi, du travail et des solidarit\u00e9s d'\u00cele-de-France -\nIDF-2025-08-28-00007 - D\u00e9cision n\u00b0 2025-162 du 28 ao\u00fbt 2025\nPortant subd\u00e9l\u00e9gation de signature de Monsieur Fabrice Masi, Directeur r\u00e9gional et interd\u00e9partemental de l'\u00c9conomie, de l'Emploi, du\nTravail et des Solidarit\u00e9s d'\u00cele-de-France, aux agents de l'unit\u00e9 d\u00e9partementale de Seine-Saint-Denis\n25\n \n \n4 / 4 \njuridictions administratives et n\u00e9s de l'activit\u00e9 de la DRIEETS, de la DIRECCTE ou de la DRCS d'Ile-\nde-France, sauf en ce qui concerne ceux n\u00e9s de l'exercice des comp\u00e9tences propres exerc\u00e9es par \nle directeur r\u00e9gional de la DIRECCTE ou le Directeur r\u00e9gional  et interd\u00e9partemental de la \nDRIEETS ou des agents qui lui sont hi\u00e9rarchiquement rattach\u00e9s, en mati\u00e8re d'accompagnement \ndes restructurations d'entreprise et d'inspection de la l\u00e9gislation du travail, de mesures de police \nadministrative prises en applicatio n du code de commerce et du code de la consommation et \nen mati\u00e8re de m\u00e9trologie l\u00e9gale, ainsi que dans les cas de proc\u00e9dure d'urgence pr\u00e9vus au livre V \ndu code de justice administrative ; \n- Les correspondances avec les parlementaires, les anciens ministres, les conseillers r\u00e9gionaux et \nd\u00e9partementaux, les pr\u00e9sidents des associations des maires et les maires des communes chefs -\nlieux de d\u00e9partement ; \n- Les correspondances entrant dans le cadre de la n\u00e9gociation du contrat de plan \u00c9tat r\u00e9gion ;  \n \nPar ailleurs, une copie de toute correspondance destin\u00e9e aux autres \u00e9lus, maires, conseillers municipaux \nainsi que de celles concernant le contr\u00f4le de l\u00e9galit\u00e9 et les m\u00e9moires produits dans le cadre des \nproc\u00e9dures d'urgence susmentionn\u00e9es, sera simultan\u00e9ment adress\u00e9e au pr\u00e9fet de la r\u00e9gion d' \u00cele-de-\nFrance. \n \n \nArticle 4 \n \nLa pr\u00e9sente d\u00e9cision de d\u00e9l\u00e9gation de signature porte abrogation de la d\u00e9cision n\u00b0  2025-059 du 9 avril \n2025. \n \n \nArticle 5 \n \nLe Directeur r\u00e9gional et interd\u00e9partemental de l'\u00e9conomie, de l'emploi, du travail et des solidarit\u00e9s d'\u00cele-\nde-France est charg\u00e9 de l'ex\u00e9cution de la pr\u00e9sente d\u00e9cision qui sera publi\u00e9e au recueil des actes \nadministratifs de la pr\u00e9fecture de la r\u00e9gion \u00cele-de-France, pr\u00e9fecture de Paris. \n  \n \n \nFait \u00e0 Aubervilliers le 28 ao\u00fbt 2025 \n \nLe Directeur r\u00e9gional et interd\u00e9partemental \nde l'\u00e9conomie, de l'emploi, du travail et des \nsolidarit\u00e9s  \n \n \nSIGN\u00c9 \n \n \n \nFabrice MASI \n \n \nDirection r\u00e9gionale et interd\u00e9partementale de l'\u00e9conomie, de l'emploi, du travail et des solidarit\u00e9s d'\u00cele-de-France -\nIDF-2025-08-28-00007 - D\u00e9cision n\u00b0 2025-162 du 28 ao\u00fbt 2025\nPortant subd\u00e9l\u00e9gation de signature de Monsieur Fabrice Masi, Directeur r\u00e9gional et interd\u00e9partemental de l'\u00c9conomie, de l'Emploi, du\nTravail et des Solidarit\u00e9s d'\u00cele-de-France, aux agents de l'unit\u00e9 d\u00e9partementale de Seine-Saint-Denis\n26\nDirection r\u00e9gionale et interd\u00e9partementale de\nl'\u00e9conomie, de l'emploi, du travail et des\nsolidarit\u00e9s d'\u00cele-de-France\nIDF-2025-08-28-00010\nD\u00e9cision n\u00b0 2025-164 du 28 ao\u00fbt 2025\nPortant subd\u00e9l\u00e9gation de signature de Monsieur\nFabrice Masi, Directeur r\u00e9gional et\ninterd\u00e9partemental de l'\u00c9conomie, de l'Emploi,\ndu Travail et des Solidarit\u00e9s d'\u00cele-de-France, aux\nagents de l'unit\u00e9 r\u00e9gionale\nDirection r\u00e9gionale et interd\u00e9partementale de l'\u00e9conomie, de l'emploi, du travail et des solidarit\u00e9s d'\u00cele-de-France -\nIDF-2025-08-28-00010 - D\u00e9cision n\u00b0 2025-164 du 28 ao\u00fbt 2025\nPortant subd\u00e9l\u00e9gation de signature de Monsieur Fabrice Masi, Directeur r\u00e9gional et interd\u00e9partemental de l'\u00c9conomie, de l'Emploi, du\nTravail et des Solidarit\u00e9s d'\u00cele-de-France, aux agents de l'unit\u00e9 r\u00e9gionale\n27\nPREFET .DE LA REGIOND'\u00ceLE-DE-FRANCEL ibert\u00e9Egalit\u00e9Fraternit\u00e9\n Direction r\u00e9gionale et interd\u00e9partementale \nde l'\u00e9conomie, de l'emploi, \ndu travail et des solidarit\u00e9s  \n \n \nDRIEETS Ile de France  \n21 rue Madeleine Vionnet  \n93300 AUBERVILLIERS \n \n \n            \n \n D\u00c9CISION n\u00b0 2025-164 du 28 ao\u00fbt 2025 \n \nPortant subd\u00e9l\u00e9gation de signature de Monsieur Fabrice Masi, Directeur r\u00e9gional et \ninterd\u00e9partemental de l'\u00c9conomie, de l'Emploi, du Travail et des Solidarit\u00e9s d'\u00cele -de-France, aux agents \nde l'unit\u00e9 r\u00e9gionale \n \n \nLE PR\u00c9FET DE LA R\u00c9GION D'\u00ceLE-DE-FRANCE \nPR\u00c9FET DE PARIS \nGRAND OFFICIER DE LA L\u00c9GION D'HONNEUR \nOFFICIER DE L'ORDRE NATIONAL DU M\u00c9RITE \n \n \nLe Directeur r\u00e9gional et interd\u00e9partemental de l'\u00e9conomie, de l'emploi, du travail et des solidarit\u00e9s d'\u00cele-\nde-France, \n \nVu le code g\u00e9n\u00e9ral de fonction publique, notamment son article L.323-1 ; \n \nVu le code de l'action sociale et des familles ; \n \nVu le code de la commande publique ; \n \nVu le code de commerce ; \n \nVu le code de la consommation ; \n \nVu le code rural ; \n \nVu le code de justice administrative ; \n \nVu le code de la s\u00e9curit\u00e9 sociale ; \n \nVu le code du tourisme ; \n \nVu le code du travail ; \n \nVu la loi du 4 juillet 1837 modifi\u00e9e relative aux poids et mesures ;  \n \nVu la loi n\u00b0 82 -213 du 2 mars 1982 modifi\u00e9e relative aux droits et libert\u00e9s des communes, des \nd\u00e9partements et des r\u00e9gions ; \n \nVu le d\u00e9cret n\u00b0 2004 -374 du 29 avril 2004 modifi\u00e9 relatif aux pouvoirs des pr\u00e9fets, \u00e0 l'organisation et \u00e0 \nl'action des services de l'\u00c9tat dans les r\u00e9gions et d\u00e9partements ; \n \nVu le d\u00e9cret n\u00b0 2010 -687 du 24 juin 2010 modifi\u00e9 relatif \u00e0 l'organisation et aux missions des services de \nDirection r\u00e9gionale et interd\u00e9partementale de l'\u00e9conomie, de l'emploi, du travail et des solidarit\u00e9s d'\u00cele-de-France -\nIDF-2025-08-28-00010 - D\u00e9cision n\u00b0 2025-164 du 28 ao\u00fbt 2025\nPortant subd\u00e9l\u00e9gation de signature de Monsieur Fabrice Masi, Directeur r\u00e9gional et interd\u00e9partemental de l'\u00c9conomie, de l'Emploi, du\nTravail et des Solidarit\u00e9s d'\u00cele-de-France, aux agents de l'unit\u00e9 r\u00e9gionale\n28\n \n 2 / 6 \nl'\u00c9tat dans la r\u00e9gion et les d\u00e9partements d'Ile-de-France et notamment ses articles 20-1 et 20-2 ; \n \n \nVu le d\u00e9cret n\u00b0 2013-571 du 1er juillet 2013 modifi\u00e9 autorisant les ministres charg\u00e9s des affaires sociales, \nde la sant\u00e9, des sports, de la jeunesse, de l'\u00e9ducation populaire et de la vie associative \u00e0 d\u00e9l\u00e9guer certains \nde leurs pouvoirs pour le recrutement et la gestion d'agents plac\u00e9s sous leur autorit\u00e9 ; \n \nVu le d\u00e9cret n\u00b0 2015-510 du 7 mai 2015 modifi\u00e9 portant charte de la d\u00e9concentration ;  \n \nVu le d\u00e9cret du 22 juillet 2020 portant nomination de Monsieur Marc GUILLAUME en qualit\u00e9 de pr\u00e9fet \nde la r\u00e9gion d'\u00cele-de-France, pr\u00e9fet de Paris ; \n \nVu le d\u00e9cret n\u00b0 2020 -1545 du 9 d\u00e9cembre 2020 modifi\u00e9 relatif \u00e0 l'organisation et aux missions des \ndirections r\u00e9gionales de l'\u00e9conomie, de l'emploi, du travail et des solidarit\u00e9s, des directions \nd\u00e9partementales de l'emploi, du travail et des solidarit\u00e9s et des directions d\u00e9partementales de l'emploi, \ndu travail, des solidarit\u00e9s et de la protection des populations ; \n \nVu le d\u00e9cret N\u00b0 2012 -655 du 4 mai 2012 modifi\u00e9 relatif \u00e0 l'\u00e9tiquetage et \u00e0 la tra\u00e7abilit\u00e9 des produits \nvitivinicoles et \u00e0 certaines pratiques \u0153nologiques ;  \n \nVu l'arr\u00eat\u00e9 du 24 juillet 2012 relatif aux conditions d'augmentation du titre alcoom\u00e9trique volumique \nnaturel pour l'\u00e9laboration des vins ; \n \nVu l'arr\u00eat\u00e9 du 25 novembre 2014 modifi\u00e9 portant d\u00e9l\u00e9gation de certains pouvoirs de recrutement et de \ngestion d'agents relevant du ministre charg\u00e9 du travail et de l'emploi ;  \n \nVu l'arr\u00eat\u00e9 du 29 d\u00e9cembre 2016 fixant la liste des actes relatifs \u00e0 la situation individuelle des agents \npublics exer\u00e7ant leurs fonctions dans les services d\u00e9concentr\u00e9s des administrations civiles de l'Etat pour \nlesquels l'avis du chef de service d\u00e9concentr\u00e9 sous l'autorit\u00e9 duquel sont plac\u00e9s ces personnels est requis \npr\u00e9alablement \u00e0 leur \u00e9diction ; \n \nVu l'arr\u00eat\u00e9 du 29 d\u00e9cembre 2016 modifi\u00e9 portant d\u00e9concentration des actes relatifs \u00e0 la situation \nindividuelle des agents publics exer\u00e7ant leurs fonctions dans les services d\u00e9concentr\u00e9s des \nadministrations civiles de l'Etat au sens de l'article 15 du d\u00e9cre t n\u00b0 2004 -374 du 29 avril 2004 modifi\u00e9 \nrelatif aux pouvoirs des pr\u00e9fets, \u00e0 l'organisation et \u00e0 l'action des services de l' \u00c9tat dans les r\u00e9gions et \nd\u00e9partements ; \n \nVu l'arr\u00eat\u00e9 interminist\u00e9riel du 28 f\u00e9vrier 2025  reconduisant Murielle LIZZI  directrice r\u00e9gionale et \ninterd\u00e9partementale adjointe de l'\u00c9conomie, de l'Emploi, du Travail et des Solidarit\u00e9s d'\u00cele-de-France, \ncharg\u00e9e des fonctions de responsable du p\u00f4le Concurrence, Consommation, R\u00e9pression des fraudes et \nM\u00e9trologie l\u00e9gale ; \n \nVu l'arr\u00eat\u00e9 interminist\u00e9riel du 6 f\u00e9vrier 2023 nommant Marc ROHFRITSCH directeur r\u00e9gional et \ninterd\u00e9partemental adjoint de l'\u00e9conomie, de l'emploi, du travail et des solidarit\u00e9s d'\u00cele -de-France, \ncharg\u00e9 des fonctions de responsable du p\u00f4le entreprises, emploi et solidarit\u00e9s ; \n \nVu l'arr\u00eat\u00e9 interminist\u00e9riel du 24 mai 2023 nommant Alexandre MARTINET directeur r\u00e9gional et \ninterd\u00e9partemental adjoint de l'\u00e9conomie, de l'emploi, du travail et des solidarit\u00e9s d'\u00cele -de-France, \ncharg\u00e9 des fonctions de directeur r\u00e9gional d\u00e9l\u00e9gu\u00e9 ; \n \nVu l'arr\u00eat\u00e9 interminist\u00e9riel du 17 mai 2024 nommant M\u00e9lanie CACHET directrice r\u00e9gionale et \ninterd\u00e9partementale adjointe de l'\u00e9conomie, de l'emploi, du travail et des solidarit\u00e9s d'\u00cele -de-France, \ncharg\u00e9e des fonctions de directrice de cabinet ; \nDirection r\u00e9gionale et interd\u00e9partementale de l'\u00e9conomie, de l'emploi, du travail et des solidarit\u00e9s d'\u00cele-de-France -\nIDF-2025-08-28-00010 - D\u00e9cision n\u00b0 2025-164 du 28 ao\u00fbt 2025\nPortant subd\u00e9l\u00e9gation de signature de Monsieur Fabrice Masi, Directeur r\u00e9gional et interd\u00e9partemental de l'\u00c9conomie, de l'Emploi, du\nTravail et des Solidarit\u00e9s d'\u00cele-de-France, aux agents de l'unit\u00e9 r\u00e9gionale\n29\n \n 3 / 6 \n \nVu l'arr\u00eat\u00e9 interminist\u00e9riel du 14 f\u00e9vrier 2025 nommant Jean -Fran\u00e7ois DALVAI directeur r\u00e9gional et \ninterd\u00e9partemental adjoint de l'\u00e9conomie, de l'emploi, du travail et des solidarit\u00e9s d'\u00cele -de-France, \ncharg\u00e9 des fonctions de responsable du p\u00f4le politiques du travail ; \n \nVu l'arr\u00eat\u00e9 interminist\u00e9riel du 12 ao\u00fbt 2025 nommant Fabrice MASI  directeur r\u00e9gional et \ninterd\u00e9partemental de l'\u00c9conomie, de l'Emploi, du Travail et des Solidarit\u00e9s d'Ile -de-France ; \n \nVu l'arr\u00eat\u00e9 pr\u00e9fectoral du 30 mars 2021 portant organisation de la direction r\u00e9gionale et \ninterd\u00e9partementale de l'\u00e9conomie, de l'emploi, du travail et des solidarit\u00e9s d'Ile -de-France ; \n \nVu l'arr\u00eat\u00e9 IDF-2025-08-27-00002 du 27  ao\u00fbt 2025  de Monsieur Marc GUILLAUME, Pr\u00e9fet de la r\u00e9gion \nd'Ile de France, Pr\u00e9fet de Paris, portant d\u00e9l\u00e9gation de signature \u00e0 Monsieur Fabrice MASI , Directeur \nr\u00e9gional et interd\u00e9partemental de l'\u00c9conomie, de l'Emploi, du Travail et des Solidarit\u00e9s d'Ile-de-France \n(DRIEETS) en mati\u00e8re administrative ;  \n \nD\u00e9cide \n \nArticle 1  \n \nLa pr\u00e9sente subd\u00e9l\u00e9gation de signature est donn\u00e9e aux agents de l'Unit\u00e9 r\u00e9gionale mentionn\u00e9s aux \narticles 2 et 3, \u00e0 effet de signer tous arr\u00eat\u00e9s, d\u00e9cisions, pi\u00e8ces ou conventions relevant des attributions \nde la direction r\u00e9gionale et interd\u00e9partementale de l'\u00e9conomie, de l'emploi, du travail et des solidarit\u00e9s \n\u00e0 l'exclusion des actes mentionn\u00e9s \u00e0 l'article 4 du pr\u00e9sent arr\u00eat\u00e9. \n \n \nArticle 2  \n \nSubd\u00e9l\u00e9gation de signature est donn\u00e9e \u00e0 : \n \n- M\u00e9lanie CACHET, directrice de cabinet ; \n- Marc ROHFRITSCH, responsable du p\u00f4le \u00c9conomie, Emploi et Solidarit\u00e9s (P\u00f4le EES)  ; \n- Jean-Fran\u00e7ois DALVAI, responsable du p\u00f4le Politique du Travail (P\u00f4le T) ; \n- Murielle LIZZI, responsable du p\u00f4le Concurrence, Consommation, R\u00e9pression des Fraudes et \nM\u00e9trologie (P\u00f4le C) ; \n- Alexandre MARTINET, directeur r\u00e9gional adjoint, charg\u00e9 des fonctions de directeur r\u00e9gional  \nd\u00e9l\u00e9gu\u00e9. \n \n1/ La subd\u00e9l\u00e9gation de signature pourra \u00e9galement \u00eatre exerc\u00e9e, dans la limite de leur champ de \ncomp\u00e9tence et des modalit\u00e9s d'organisation interne du p\u00f4le \u00e9conomie, emploi et solidarit\u00e9s, par : \n \n- Erwan SAMYN, adjoint au responsable du p\u00f4le EES ; \n- Emmanuel BEZY, responsable du d\u00e9partement Solidarit\u00e9s et Emploi ; \n- Manon NGUYEN VAN MAI, responsable du d\u00e9partement Entreprises, jusqu'au 05 septembre \n2025 ; \n- Geoffrey HOUPERT, chef du d\u00e9partement Entreprises, \u00e0 compter du 15 septembre 2025 ; \n- Th\u00e9r\u00e8se ROSSI, responsable du d\u00e9partement Contr\u00f4le de la Formation Professionnelle  ; \n- Isabelle ANTOINE, responsable du d\u00e9partement Certification. \n \nDans la limite du champ de comp\u00e9tence du d\u00e9partement \u00ab solidarit\u00e9s et emploi \u00bb, la subd\u00e9l\u00e9gation de \nsignature pourra \u00eatre exerc\u00e9e par : \n \nDirection r\u00e9gionale et interd\u00e9partementale de l'\u00e9conomie, de l'emploi, du travail et des solidarit\u00e9s d'\u00cele-de-France -\nIDF-2025-08-28-00010 - D\u00e9cision n\u00b0 2025-164 du 28 ao\u00fbt 2025\nPortant subd\u00e9l\u00e9gation de signature de Monsieur Fabrice Masi, Directeur r\u00e9gional et interd\u00e9partemental de l'\u00c9conomie, de l'Emploi, du\nTravail et des Solidarit\u00e9s d'\u00cele-de-France, aux agents de l'unit\u00e9 r\u00e9gionale\n30\n \n 4 / 6 \n- Jean MENJON, adjoint au responsable du d\u00e9partement Solidarit\u00e9s et Emploi ; \n- S\u00e9bastien AGOT, responsable du service Insertion des Jeunes et des Primo-Arrivants ; \n- David ANGLARET, responsable du service D\u00e9veloppement des Comp\u00e9tences \n- Mathilde MANDONNET, adjointe au responsable du service Protection et Insertion des Majeurs . \n \nDans la limite du champ de comp\u00e9tence du d\u00e9partement \u00ab entreprises \u00bb, la subd\u00e9l\u00e9gation de signature \npourra \u00eatre exerc\u00e9e par : \n \n- Cl\u00e9ment MAYOT, adjoint \u00e0 la responsable du d\u00e9partement Entreprises  ; \n- L\u00e9a BEN-CHEIKH, responsable du service Protection du Tissu \u00c9conomique. \n \nDans la limite du champ de comp\u00e9tence du d\u00e9partement du \u00ab  contr\u00f4le de la formation \nprofessionnelle \u00bb, la subd\u00e9l\u00e9gation de signature pourra \u00eatre exerc\u00e9e par : \n \n- Marie-Violaine COLAS, responsable du service Contr\u00f4le de l'Apprentissage ; \n- Marie-H\u00e9l\u00e8ne RUAULT, responsable du service Contr\u00f4le FSE ; \n- St\u00e9phane FEIGNON, responsable du service Relations avec les OPCO et Signalement.  \n \nDans la limite du champ de comp\u00e9tence du d\u00e9partement du \u00ab fonds social europ\u00e9en \u00bb, la subd\u00e9l\u00e9gation \nde signature pourra \u00eatre exerc\u00e9e par : \n \n- Emilie REUGE, responsable du service Projets R\u00e9gionaux ; \n- Yannick YAO, responsable du service Gestion Financi\u00e8re et M\u00e9thodes ; \n- Liana CAMARUT, responsable du service Programmation et Organismes Interm\u00e9diaires.  \n \nDans la limite du champ de comp\u00e9tence du d\u00e9partement \u00ab certification \u00bb, la subd\u00e9l\u00e9gation de signature \npourra \u00eatre exerc\u00e9e par : \n \n- Adrien EHLINGER, responsable du service des professions sociales ; \n- Catherine GWET, responsable du service des Titres ; \n- Laurent SANDERS, responsable du service des professions param\u00e9dicales ; \n- Virginie DAMION, responsable de fili\u00e8re au service des professions sociales ;  \n- Alexandra KIM, responsable de fili\u00e8re au service des professions param\u00e9dicales ;  \n- Hania NESSIB, responsable de fili\u00e8re au service des professions sociales ; \n- Jamila BEKRAR, responsable de fili\u00e8re au service des professions sociales ;  \n- Timorine MAFOUTA, responsable de fili\u00e8re au service des professions param\u00e9dicales ; \n- Eswar RADJARAME, responsable de fili\u00e8re au service des professions param\u00e9dicales. \n \n2/ La subd\u00e9l\u00e9gation de signature pourra \u00e9galement \u00eatre exerc\u00e9e , dans la limite de leur champ de \ncomp\u00e9tence et des modalit\u00e9s d'organisation interne du p\u00f4le Politique du Travail par : \n \n- Dominique-Anne MICHEL, adjointe au responsable du p\u00f4le Politique du Travail ; \n- Jean-No\u00ebl PONZEVERA, adjoint au responsable du p\u00f4le Politique du Travail - Chef du service \nSant\u00e9 S\u00e9curit\u00e9 au Travail ; \n- Guy LEBON, responsable du service relations du Travail. \n \n3/ La subd\u00e9l\u00e9gation de signature pourra \u00e9galement \u00eatre exerc\u00e9e , dans la limite de leur champ de \ncomp\u00e9tence et des modalit\u00e9s d'organisation interne du p\u00f4le Concurrence, consommation, r\u00e9pression \ndes fraudes et m\u00e9trologie, par : \n \n- Aur\u00e9lie LEHOUCK, cheffe du service pilotage du P\u00f4le C ; \n- Marion VIRUEGA, cheffe de la Brigade des relations inter-entreprises (BRIE)  \n- Aur\u00e9lien NICOT, chef de la Brigade interr\u00e9gionale d'enqu\u00eates concurrence (BIEC) et de la \nDirection r\u00e9gionale et interd\u00e9partementale de l'\u00e9conomie, de l'emploi, du travail et des solidarit\u00e9s d'\u00cele-de-France -\nIDF-2025-08-28-00010 - D\u00e9cision n\u00b0 2025-164 du 28 ao\u00fbt 2025\nPortant subd\u00e9l\u00e9gation de signature de Monsieur Fabrice Masi, Directeur r\u00e9gional et interd\u00e9partemental de l'\u00c9conomie, de l'Emploi, du\nTravail et des Solidarit\u00e9s d'\u00cele-de-France, aux agents de l'unit\u00e9 r\u00e9gionale\n31\n \n 5 / 6 \ncommande publique ; \n- Micha\u00ebl DELHAIE, chef du service Appui aux r\u00e9seaux ;  \n- Philippe RICHARD, charg\u00e9 de mission ;  \n- Nathalie CAUVIN, cheffe du service m\u00e9trologie l\u00e9gale.  Dans la limite du champ de comp\u00e9tence \ndu service \u00ab m\u00e9trologie l\u00e9gale  \u00bb, En cas d'absence de Mme LIZZI et de Mme CAUVIN, la \nsubd\u00e9l\u00e9gation de signature pourra \u00eatre exerc\u00e9e par Arnaud MAUDRY. \n \n4/ Dans la limite du champ de comp\u00e9tence du p\u00f4le Appui aux M\u00e9tier, la subd\u00e9l\u00e9gation de signature \npourra \u00eatre exerc\u00e9e par : \n \n- Anne SCANDELLA, secr\u00e9taire g\u00e9n\u00e9rale. \n \nDans la limite du champ de comp\u00e9tence du service du pilotage RH, la subd\u00e9l\u00e9gation pourra \u00eatre \nexerc\u00e9e par : \n \n- Marika DEMORTIER, responsable du service du pilotage des ressources humaines ; \n- Yasmina REDOUANE, adjointe \u00e0 la responsable du service du pilotage des ressources humaines . \n \nDans la limite du champ de comp\u00e9tence du service pr\u00e9vention et qualit\u00e9 de vie au travail la \nsubd\u00e9l\u00e9gation pourra \u00eatre exerc\u00e9e par : \n \n- B\u00e9atrice JEAN-MARIE, responsable du service Pr\u00e9vention et Qualit\u00e9 de vie au travail.  \n \nDans la limite du champ de comp\u00e9tence du service interd\u00e9partemental Commission m\u00e9dicale/comit\u00e9 \nde r\u00e9forme la subd\u00e9l\u00e9gation pourra \u00eatre exerc\u00e9e par : \n \n- Jacky HAZIZA, responsable du service interd\u00e9partemental des Conseils M\u00e9dicaux ; \n- Zahira MONJOIN, adjointe au chef du service interd\u00e9partemental des comit\u00e9s m\u00e9dicaux. \n \nDans la limite du champ de comp\u00e9tence du service ESIC, la subd\u00e9l\u00e9gation pourra \u00eatre exerc\u00e9e par  : \n \n- Freddy FRANCOISE, responsable du service Syst\u00e8me d'Information et Communication  ; \n- Guilhem GOUBERT, adjoint au responsable du service Syst\u00e8me d'Information et Communication. \n \nDans la limite du champ de comp\u00e9tence de la mission budg\u00e9taire et financi\u00e8re, la subd\u00e9l\u00e9gation \npourra \u00eatre exerc\u00e9e par :  \n \n- Evelyne LE GALL, responsable de la mission Pilotage budg\u00e9taire r\u00e9gional. \n \nArticle 3 \n \nSubd\u00e9l\u00e9gation de signature est donn\u00e9e, en cas d'absence ou d'emp\u00eachement, \u00e0 : \n \n- Murielle LIZZI, responsable du p\u00f4le Concurrence, Consommation, R \u00e9pression des Fraudes et \nM\u00e9trologie l\u00e9gale (P\u00f4le C) ; \n- Alexandre MARTINET, directeur r\u00e9gional adjoint, charg\u00e9 des fonctions de directeur r\u00e9gional  \nd\u00e9l\u00e9gu\u00e9 \n\u00e0 effet de signer les m\u00e9moires en d\u00e9fense pr\u00e9sent\u00e9s au nom de l'\u00c9tat \u00e0 l'occasion des recours form\u00e9s \ndevant les juridictions administratives et n\u00e9s de l'activit\u00e9 de la direction r\u00e9gionale des entreprises, de la \nconcurrence, de la consommation, du travail e t de l'emploi d'Ile -de-France en ce qui concerne ses \ncomp\u00e9tences propres en mati\u00e8re de mesures de police administrative prises en application du code de \ncommerce et du code de la consommation par les agents de la direction g\u00e9n\u00e9rale de la concurrence, de \nla consommation et de la r\u00e9pression des fraudes et de la direction g\u00e9n\u00e9rale des entreprises plac\u00e9s sous \nDirection r\u00e9gionale et interd\u00e9partementale de l'\u00e9conomie, de l'emploi, du travail et des solidarit\u00e9s d'\u00cele-de-France -\nIDF-2025-08-28-00010 - D\u00e9cision n\u00b0 2025-164 du 28 ao\u00fbt 2025\nPortant subd\u00e9l\u00e9gation de signature de Monsieur Fabrice Masi, Directeur r\u00e9gional et interd\u00e9partemental de l'\u00c9conomie, de l'Emploi, du\nTravail et des Solidarit\u00e9s d'\u00cele-de-France, aux agents de l'unit\u00e9 r\u00e9gionale\n32\n \n 6 / 6 \nson autorit\u00e9 et de sanctions administratives prononc\u00e9es en application des m\u00eames codes et en mati\u00e8re \nde m\u00e9trologie l\u00e9gale, ainsi que dans les cas de proc\u00e9dure d'urgence pr\u00e9vus au livre V du code de justice \nadministrative. \n \nSubd\u00e9l\u00e9gation de signature est donn\u00e9e, en cas d'absence ou d'emp\u00eachement \u00e0 : \n \n- Marc ROHFRITSCH, responsable du p\u00f4le \u00c9conomie, Emploi et Solidarit\u00e9s (P\u00f4le EES) ; \n- Alexandre MARTINET, directeur r\u00e9gional adjoint, charg\u00e9 des fonctions de directeur r\u00e9gional  \nd\u00e9l\u00e9gu\u00e9 \n\u00e0 effet de signer les m\u00e9moires en d\u00e9fense pr\u00e9sent\u00e9s au nom de l'\u00c9tat \u00e0 l'occasion des recours form\u00e9s \ndevant les juridictions administratives dans les cas de proc\u00e9dure d'urgence pr\u00e9vus au livre V du code de \njustice administrative et n\u00e9s de l'activit\u00e9 de la DRIEETS en mati\u00e8re de contr\u00f4le de la formation \nprofessionnelle. \n \nLes autres m\u00e9moires en d\u00e9fense pr\u00e9sent\u00e9s au nom de l'\u00c9tat \u00e0 l'occasion des recours form\u00e9s devant les \njuridictions administratives et n\u00e9s de l'activit\u00e9 du directeur r\u00e9gional et interd\u00e9partemental de \nl'\u00e9conomie, de l'emploi, du travail et des solidarit\u00e9s  d'Ile-de-France ne sont pas inclus dans la pr\u00e9sente \nsubd\u00e9l\u00e9gation. \n \nArticle 4 \n \nSont exclus de la d\u00e9l\u00e9gation consentie aux articles 1, 2 et 3 du pr\u00e9sent arr\u00eat\u00e9 : \n \n- Les conventions avec les collectivit\u00e9s territoriales et leurs \u00e9tablissements publics ;  \n- Les conventions des appels \u00e0 projets r\u00e9gionaux du plan d'investissement dans les comp\u00e9tences ; \n- Les conventions pluriannuelles d'objectifs (CPO) des missions locales, except\u00e9 les avenants pour \nles soldes annuels ; \n- Les conventions avec les structures de soutien \u00e0 l'insertion par l'activit\u00e9 \u00e9conomique, except\u00e9 \nles avenants et les actes de gestion aff\u00e9rents ; un tableau de suivi de la programmation par \nstructure est transmis trimestriellement ; \n- Les m\u00e9moires en d\u00e9fense pr\u00e9sent\u00e9s au nom de l'\u00c9tat \u00e0 l'occasion des recours form\u00e9s devant les \njuridictions administratives et n\u00e9s de l'activit\u00e9 de la DRIEETS, de la DIRECCTE ou de la DRCS d'Ile-\nde-France, sauf en ce qui concerne ceux n\u00e9s de l'exercice des comp\u00e9tences propres exerc\u00e9es par \nle Directeur r\u00e9gional et interd\u00e9partemental de la DRIEETS ou des agents qui lui sont \nhi\u00e9rarchiquement rattach\u00e9s, en mati\u00e8re d'accompagnement des restructurations d'entreprise et \nd'inspection de la l\u00e9gislation du travail, de mesures de police administrative prises en application \ndu code de commerce et du code de la consommation et en mati\u00e8re de m\u00e9trologie l\u00e9gale, ainsi \nque dans les cas de proc\u00e9dure d'urgence pr\u00e9vus au livre V du code de justice administrative ;  \n- Les correspondances avec les parlementaires, les anciens ministres, les conseillers r\u00e9gionaux et \nd\u00e9partementaux, les pr\u00e9sidents des associations des maires, la maire de Paris et les maires des \ncommunes chefs-lieux de d\u00e9partement ; \n- Les correspondances entrant dans le cadre de la n\u00e9gociation du contrat de plan \u00c9tat-r\u00e9gion ; \n \nPar ailleurs, une copie de toutes correspondances destin\u00e9es aux autres \u00e9lus, maires, conseillers \nmunicipaux ainsi que de celles concernant le contr\u00f4le de l\u00e9galit\u00e9 et les m\u00e9moires produits dans le cadre \ndes proc\u00e9dures d'urgence susmentionn\u00e9es, sera simultan\u00e9ment adress\u00e9e au pr\u00e9fet de la r\u00e9gion d'Ile-de-\nFrance. \n \n \nArticle 5 \n \nLa pr\u00e9sente d\u00e9cision de d\u00e9l\u00e9gation de signature porte abrogation de la d\u00e9cision  n\u00b0 2025-056 du 9 avril \n2025. \nDirection r\u00e9gionale et interd\u00e9partementale de l'\u00e9conomie, de l'emploi, du travail et des solidarit\u00e9s d'\u00cele-de-France -\nIDF-2025-08-28-00010 - D\u00e9cision n\u00b0 2025-164 du 28 ao\u00fbt 2025\nPortant subd\u00e9l\u00e9gation de signature de Monsieur Fabrice Masi, Directeur r\u00e9gional et interd\u00e9partemental de l'\u00c9conomie, de l'Emploi, du\nTravail et des Solidarit\u00e9s d'\u00cele-de-France, aux agents de l'unit\u00e9 r\u00e9gionale\n33\n \n 7 / 6 \n \nArticle 6 \n \nLe Directeur r\u00e9gional et interd\u00e9partemental de l'\u00c9conomie, de l'Emploi, du Travail et des Solidarit\u00e9s d'\u00cele-\nde-France est charg\u00e9 de l'ex\u00e9cution de la pr\u00e9sente d\u00e9cision qui sera publi\u00e9e au recueil des actes \nadministratifs de la r\u00e9gion Ile-de-France. \n  \nFait \u00e0 Aubervilliers le 28 ao\u00fbt 2025 \n \nLe Directeur r\u00e9gional et interd\u00e9partemental \nde l'\u00e9conomie, de l'emploi, du travail et des \nsolidarit\u00e9s, \n \nSIGN\u00c9 \n \n \n                Fabrice MASI \nDirection r\u00e9gionale et interd\u00e9partementale de l'\u00e9conomie, de l'emploi, du travail et des solidarit\u00e9s d'\u00cele-de-France -\nIDF-2025-08-28-00010 - D\u00e9cision n\u00b0 2025-164 du 28 ao\u00fbt 2025\nPortant subd\u00e9l\u00e9gation de signature de Monsieur Fabrice Masi, Directeur r\u00e9gional et interd\u00e9partemental de l'\u00c9conomie, de l'Emploi, du\nTravail et des Solidarit\u00e9s d'\u00cele-de-France, aux agents de l'unit\u00e9 r\u00e9gionale\n34\nDirection r\u00e9gionale et interd\u00e9partementale de\nl'\u00e9conomie, de l'emploi, du travail et des\nsolidarit\u00e9s d'\u00cele-de-France\nIDF-2025-08-28-00009\nD\u00e9cision n\u00b02025-163 du 28 ao\u00fbt 2025\nPortant subd\u00e9l\u00e9gation de signature en mati\u00e8re\nadministrative de Monsieur Fabrice Masi,\ndirecteur r\u00e9gional et interd\u00e9partemental de\nl'\u00e9conomie, de l'emploi, du travail et des\nsolidarit\u00e9s d'\u00cele-de-France aux agents de l'unit\u00e9\nd\u00e9partementale du Val de Marne\nDirection r\u00e9gionale et interd\u00e9partementale de l'\u00e9conomie, de l'emploi, du travail et des solidarit\u00e9s d'\u00cele-de-France -\nIDF-2025-08-28-00009 - D\u00e9cision n\u00b02025-163 du 28 ao\u00fbt 2025\nPortant subd\u00e9l\u00e9gation de signature en mati\u00e8re administrative de Monsieur Fabrice Masi, directeur r\u00e9gional et interd\u00e9partemental de\nl'\u00e9conomie, de l'emploi, du travail et des solidarit\u00e9s d'\u00cele-de-France aux agents de l'unit\u00e9 d\u00e9partementale du Val de Marne\n35\nExPR\u00c9FET _DE LA R\u00c9GIOND'\u00ceLE-DE-FRANCELibert\u00e9Egalit\u00e9Fraternit\u00e9\n Direction r\u00e9gionale et interd\u00e9partementale \nde l'\u00e9conomie, de l'emploi, \ndu travail et des solidarit\u00e9s  \n \n \n \n \n \nDRIEETS d'Ile-de-France  \n21 rue Madeleine Vionnet  \n93300 AUBERVILLIERS \n \n \n \n           D\u00c9CISION n\u00b02025-163 du 28 ao\u00fbt 2025 \n \nPortant subd\u00e9l\u00e9gation de signature en mati\u00e8re administrative de Monsieur Fabrice Masi, directeur r\u00e9gional et \ninterd\u00e9partemental de l'\u00e9conomie, de l'emploi, du travail et des solidarit\u00e9s d'\u00cele-de-France aux agents de l'unit\u00e9 \nd\u00e9partementale du Val de Marne  \n \n \nLE PR\u00c9FET DE LA R\u00c9GION D'\u00ceLE-DE-FRANCE \nPR\u00c9FET DE PARIS \nGRAND OFFICIER DE LA L\u00c9GION D'HONNEUR \nOFFICIER DE L'ORDRE NATIONAL DU MERITE \n \nLe Directeur r\u00e9gional et interd\u00e9partemental de l'\u00e9conomie, de l'emploi, du travail et des solidarit\u00e9s d'\u00cele-de-France, \n \nVu le code de justice administrative ; \n \nVu le code de l'action sociale et des familles ; \n \nVu le code de la commande publique ; \n \nVu le code du commerce ; \n \nVu le code de la consommation ; \n \nVu le code de la s\u00e9curit\u00e9 sociale ; \n \nVu le code du tourisme ; \n \nVu le code du travail ; \n \nVu la loi du 4 juillet 1837 modifi\u00e9e relative aux poids et mesures ; \n \nVu la loi n\u00b0 82-213 du 2 mars 1982 modifi\u00e9e relative aux droits et libert\u00e9s des communes, des d\u00e9partements et  des \nr\u00e9gions ; \n \nVu le d\u00e9cret n\u00b0 2004-374 du 29 avril 2004 modifi\u00e9 relatif aux pouvoirs des pr\u00e9fets, \u00e0 l'organisation et \u00e0 l'action des \nservices de l'Etat dans les r\u00e9gions et d\u00e9partements ; \n \nVu le d\u00e9cret n\u00b0 2010-687 du 24 juin 2010 modifi\u00e9 relatif \u00e0 l'organisation et aux missions des services de l'\u00c9tat dans la \nr\u00e9gion et les d\u00e9partements d'Ile-de-France et notamment ses articles 20-1 et 20-2 ; \n \nVu le d\u00e9cret n\u00b0 2013-571 du 1er juillet 2013 modifi\u00e9 autorisant les ministres charg\u00e9s des affaires sociales, de la sant\u00e9, \ndes sports, de la jeunesse, de l'\u00e9ducation populaire et de la vie associative \u00e0 d\u00e9l\u00e9guer certains de leurs pouvoirs pour \nle recrutement et la gestion d'agents plac\u00e9s sous leur autorit\u00e9 ; \n \nVu l'arr\u00eat\u00e9 du 25 novembre 2014 portant d\u00e9l\u00e9gation de certains pouvoirs de recrutement et de gestion d'agents  \nrelevant du ministre charg\u00e9 du travail et de l'emploi ; \n \nVu le d\u00e9cret n\u00b0 2015-510 du 7 mai 2015 portant charte de la d\u00e9concentration ; \n \nDirection r\u00e9gionale et interd\u00e9partementale de l'\u00e9conomie, de l'emploi, du travail et des solidarit\u00e9s d'\u00cele-de-France -\nIDF-2025-08-28-00009 - D\u00e9cision n\u00b02025-163 du 28 ao\u00fbt 2025\nPortant subd\u00e9l\u00e9gation de signature en mati\u00e8re administrative de Monsieur Fabrice Masi, directeur r\u00e9gional et interd\u00e9partemental de\nl'\u00e9conomie, de l'emploi, du travail et des solidarit\u00e9s d'\u00cele-de-France aux agents de l'unit\u00e9 d\u00e9partementale du Val de Marne\n36\n \n 2 \nVu l'arr\u00eat\u00e9 du 29 d\u00e9cembre 2016 fixant la liste des actes relatifs \u00e0 la situation individuelle des agents publics exer\u00e7ant \nleurs fonctions dans les services d\u00e9concentr\u00e9s des administrations civiles de l' \u00c9tat pour lesquels l'avis  du chef de \nservice d\u00e9concentr\u00e9 sous l'autorit\u00e9 duquel sont plac\u00e9s ces personnels est requis pr\u00e9alablement \u00e0 leur \u00e9diction ; \n \nVu l'arr\u00eat\u00e9 du 29 d\u00e9cembre 2016 portant d\u00e9concentration des actes relatifs \u00e0 la situation individuelle des agents  \npublics exer\u00e7ant leurs fonctions dans les services d\u00e9concentr\u00e9s des administrations civiles de l' \u00c9tat au sens de  \nl'article 15 du d\u00e9cret n\u00b0 2004 -374 du 29 avril 2004 modifi\u00e9 relatif aux pouvoirs des pr\u00e9fets, \u00e0 l'organisation et \u00e0  \nl'action des services de l'\u00c9tat dans les r\u00e9gions et d\u00e9partements ; \n \nVu le d\u00e9cret du 22 juillet 2020 portant nomination de Monsieur Marc GUILLAUME en qualit\u00e9 de pr\u00e9fet de la  r\u00e9gion \nd'\u00cele-de-France, pr\u00e9fet de Paris ; \n \nVu le d\u00e9cret n\u00b0 2020-1545 du 9 d\u00e9cembre 2020 relatif \u00e0 l'organisation et aux missions des directions r\u00e9gionales  de \nl'\u00e9conomie, de l'emploi, du travail et des solidarit\u00e9s, des directions d\u00e9partementales de l'emploi, du travail et  des \nsolidarit\u00e9s et des directions d\u00e9partementales de l'emploi, du travail, des solidarit\u00e9s et de la protection des  \npopulations ; \n \nVu l'arr\u00eat\u00e9 interminist\u00e9riel du 19 juin 2023 nommant Madame Fr\u00e9d\u00e9rique CHADEL sur l'emploi de directeur adjoint \nde l'unit\u00e9 d\u00e9partementale du Val-de-Marne \u00e0 compter du 1er juillet 2023, \n \nVu l'arr\u00eat\u00e9 interminist\u00e9riel du 28 f\u00e9vrier 2025  reconduisant Monsieur Didier TILLET, directeur r\u00e9gional et \ninterd\u00e9partemental adjoint de l'\u00e9conomie, de l'emploi, du travail et des solidarit\u00e9s d'\u00cele -de-France, sur l'emploi de \ndirecteur de l'unit\u00e9 d\u00e9partementale du Val-de-Marne,  \n \nVu l'arr\u00eat\u00e9 interminist\u00e9riel du 12 ao\u00fbt  2025 nommant Monsieur Fabrice MASI , directeur r\u00e9gional et \ninterd\u00e9partemental de l'\u00e9conomie, de l'emploi, du travail et des solidarit\u00e9s d'Ile -de-France \u00e0 compter du 25 ao\u00fbt \n2021, \n \nVu l'arr\u00eat\u00e9 n\u00b0 IDF-2025-08-27-00002 du 27 ao\u00fbt 2025 , de Monsieur Marc GUILLAUME, Pr\u00e9fet de la r\u00e9gion d'Ile -de-\nFrance, Pr\u00e9fet de Paris, portant d\u00e9l\u00e9gation de signature \u00e0 Monsieur Fabrice MASI , directeur r\u00e9gional et \ninterd\u00e9partemental de l'\u00e9conomie, de l'emploi, du travail et des solidarit\u00e9s d'Ile -de-France (DRIEETS) en mati\u00e8re \nadministrative, \n \n \nD\u00e9cide \n \n \nArticle 1  \n \nSubd\u00e9l\u00e9gation de signature est donn\u00e9e \u00e0 Monsieur Didier TILLET, directeur de l'unit\u00e9 d\u00e9partementale du Val-de-\nMarne, \u00e0 effet de signer dans le cadre de ses attributions, tous les actes, arr\u00eat\u00e9s, d\u00e9cisions, conventions, circulaires, \nrapports, correspondances dans le champ des comp\u00e9tences que la pr\u00e9fecture de r\u00e9gion d\u00e9l\u00e8gue \u00e0 la direction \nr\u00e9gionale et interd\u00e9partementale de l'\u00e9conomie, de l'emploi, du travail et des solidarit\u00e9s d'Ile -de-France (DRIEETS) \n\u00e0 l'exclusion des actes mentionn\u00e9s \u00e0 l'article 3 du pr\u00e9sent arr\u00eat\u00e9. \n \nAucune subd\u00e9l\u00e9gation ne pourra \u00eatre op\u00e9r\u00e9e par le directeur d'unit\u00e9 concernant la signature des conventions \nattributives de subventions accord\u00e9es au titre du fond d\u00e9partemental pour l'insertion (FDI), dans le cadre de \nl'insertion par l'activit\u00e9 \u00e9conomique (IAE). \n \nUne copie de cette d\u00e9cision  de subd\u00e9l\u00e9gation sera adress\u00e9e au directeur r\u00e9gional et interd\u00e9partemental de \nl'\u00e9conomie, de l'emploi, du travail et des solidarit\u00e9s d'\u00cele-de-France. \n \nArticle 2  \n \nEn cas d'absence ou d'emp\u00eachement du directeur de l'unit\u00e9 d\u00e9partementale concern\u00e9e, la subd\u00e9l\u00e9gation de \nsignature, est exerc\u00e9e par les personnes ci-dessous mentionn\u00e9es, dans la limite de leurs comp\u00e9tences : \n \n- Mme Fr\u00e9d\u00e9rique CHADEL, directrice adjointe de l'unit\u00e9 d\u00e9partementale ; \n- Mme Virginie RUE, responsable du p\u00f4le \u00ab entreprises, emploi, solidarit\u00e9s \u00bb ; \nDirection r\u00e9gionale et interd\u00e9partementale de l'\u00e9conomie, de l'emploi, du travail et des solidarit\u00e9s d'\u00cele-de-France -\nIDF-2025-08-28-00009 - D\u00e9cision n\u00b02025-163 du 28 ao\u00fbt 2025\nPortant subd\u00e9l\u00e9gation de signature en mati\u00e8re administrative de Monsieur Fabrice Masi, directeur r\u00e9gional et interd\u00e9partemental de\nl'\u00e9conomie, de l'emploi, du travail et des solidarit\u00e9s d'\u00cele-de-France aux agents de l'unit\u00e9 d\u00e9partementale du Val de Marne\n37\n \n 3 \n- M. Joseph-Marie NDZANAH, responsable du p\u00f4le \u00ab politique du travail \u00bb. \n \n \nArticle 3 \n \nSont exclus de la d\u00e9l\u00e9gation consentie \u00e0 l'article 1 : \n \n- Les conventions avec les collectivit\u00e9s territoriales et leurs \u00e9tablissements publics ; \n- Les conventions des appels \u00e0 projets r\u00e9gionaux du plan d'investissement dans les comp\u00e9tences ; \n- Les conventions pluriannuelles d'objectifs (CPO) des missions locales, except\u00e9 les avenants pour les soldes \nannuels ; \n- Les m\u00e9moires en d\u00e9fense pr\u00e9sent\u00e9s au nom de l'\u00c9tat \u00e0 l'occasion des recours form\u00e9s devant les juridictions \nadministratives et n\u00e9s de l'activit\u00e9 de la DRIEETS, de la DIRECCTE ou de la DRCS d'Ile-de-France, sauf en ce \nqui concerne ceux n\u00e9s de l'exercice des comp\u00e9tences propres exerc\u00e9es par le directeur r\u00e9gional de la \nDIRECCTE ou le Directeur r\u00e9gional et interd\u00e9partemental de la DRIEETS ou des agents qui lui sont \nhi\u00e9rarchiquement rattach\u00e9s, en mati\u00e8re d'accompagnement des restructurations d'entreprise et \nd'inspection de la l\u00e9gislation du travail, de mesures de police administrative prises en application du code \nde commerce et du code de la consommation et en mati\u00e8re de m\u00e9trologie l\u00e9gale, ainsi que dans les cas de \nproc\u00e9dure d'urgence pr\u00e9vus au livre V du code de justice administrative ; \n- Les correspondances avec les parlementaires, les anciens ministres, les conseillers r\u00e9gionaux et \nd\u00e9partementaux, les pr\u00e9sidents des associations des maires, la maire de Paris et les maires des communes \nchefs-lieux de d\u00e9partement ; \n- Les correspondances entrant dans le cadre de la n\u00e9gociation du contrat de plan \u00c9tat r\u00e9gion ; \n \nPar ailleurs, une copie de toutes correspondances destin\u00e9es aux autres \u00e9lus, maires, conseillers municipaux ainsi que \nde celles concernant le contr\u00f4le de l\u00e9galit\u00e9 et les m\u00e9moires produits dans le cadre des proc\u00e9dures d'urgence \nsusmentionn\u00e9es, sera simultan\u00e9ment adress\u00e9e au pr\u00e9fet de la r\u00e9gion d'Ile-de-France. \n \n \nArticle 4 \n \nLa pr\u00e9sente d\u00e9cision de d\u00e9l\u00e9gation de signature porte abrogation de la d\u00e9cision n\u00b02025-078 du 15 avril 2025. \n \nArticle 5 \n \nLe Directeur r\u00e9gional et interd\u00e9partemental de l'\u00e9conomie, de l'emploi, du travail et des solidarit\u00e9s d'\u00cele -de-France \nest charg\u00e9 de l'ex\u00e9cution de la pr\u00e9sente d\u00e9cision qui sera publi\u00e9e au recueil des actes administratifs de la r\u00e9gion Ile-\nde-France. \n  \n \nFait \u00e0 Aubervilliers, le 28 ao\u00fbt 2025 \n \nLe Directeur r\u00e9gional et interd\u00e9partemental de \nl'\u00e9conomie, de l'emploi, du travail et des solidarit\u00e9s \n \nSIGN\u00c9 \n \n \nFabrice MASI \nDirection r\u00e9gionale et interd\u00e9partementale de l'\u00e9conomie, de l'emploi, du travail et des solidarit\u00e9s d'\u00cele-de-France -\nIDF-2025-08-28-00009 - D\u00e9cision n\u00b02025-163 du 28 ao\u00fbt 2025\nPortant subd\u00e9l\u00e9gation de signature en mati\u00e8re administrative de Monsieur Fabrice Masi, directeur r\u00e9gional et interd\u00e9partemental de\nl'\u00e9conomie, de l'emploi, du travail et des solidarit\u00e9s d'\u00cele-de-France aux agents de l'unit\u00e9 d\u00e9partementale du Val de Marne\n38\nDirection r\u00e9gionale et interd\u00e9partementale de\nl'environnement, de l'am\u00e9nagement et des\ntransports d'\u00cele-de-France\nIDF-2025-08-28-00011\nD\u00e9cision DRIEAT-IDF du 28 ao\u00fbt 2025 portant\nsubd\u00e9l\u00e9gation de signature en mati\u00e8re\nadministrative pour le compte du pr\u00e9fet de la\nr\u00e9gion d'\u00cele-de-France\nDirection r\u00e9gionale et interd\u00e9partementale de l'environnement, de l'am\u00e9nagement et des transports d'\u00cele-de-France -\nIDF-2025-08-28-00011 - D\u00e9cision DRIEAT-IDF du 28 ao\u00fbt 2025 portant subd\u00e9l\u00e9gation de signature en mati\u00e8re administrative pour le\ncompte du pr\u00e9fet de la r\u00e9gion d'\u00cele-de-France\n39\nEPR\u00c9FET _DE LA R\u00c9GIOND'\u00ceLE-DE-FRANCELibert\u00e9Egalit\u00e9Fraternit\u00e9\n \nDRIEAT \n21-23 rue Miollis \u2013 75  732 Paris CEDEX 15 \nT\u00e9l : +33 (0)1 40 61 80 80 \nwww.drieat.ile-de-france.developpement-durable.gouv.fr  1 \n \nDirection r\u00e9gionale et interd\u00e9partementale \nde l'environnement, de l'am\u00e9nagement \net des transports d'\u00cele-de-France \n \n \n \n \nD\u00e9cision portant subd\u00e9l\u00e9gation de signature en mati\u00e8re administrative  \npour le compte du pr\u00e9fet de la r\u00e9gion d'\u00cele-de-France \n \n \nLa directrice r\u00e9gionale et interd\u00e9partementale de l'environnement, de l'am\u00e9nagement et des transports \nd'\u00cele-de-France, \n \nVu la loi n\u00b0 82-213 du 2 mars 1982 relative aux droits et libert\u00e9s des communes, des d\u00e9partements et des \nr\u00e9gions ; \n \nVu la loi d'orientation n\u00b0 92-125 du 6 f\u00e9vrier 1992 relative \u00e0 l'administration territoriale de la R\u00e9publique ; \n \nVu le d\u00e9cret n\u00b0 2004-374 du 29 avril 2004 relatif a ux pouvoirs des pr\u00e9fets, \u00e0 l'organisation et \u00e0 l'ac tion \ndes services de l'\u00c9tat dans les r\u00e9gions et d\u00e9partements ; \n \nVu le d\u00e9cret n\u00b0 2005-636 du 30 mai 2005 relatif \u00e0 l'organisation de l'administration dans le domaine d e \nl'eau et aux missions du pr\u00e9fet coordonnateur de bassin ; \n \nVu le d\u00e9cret n\u00b0 2006-304 du 16 mars 2006 portant cr \u00e9ation et organisation des directions \ninterd\u00e9partementales des routes ; \n \nVu le d\u00e9cret n\u00b0 2010-687 du 24 juin 2010 modifi\u00e9 relatif \u00e0 l'organisation et aux missions des services  de \nl'\u00c9tat dans la r\u00e9gion et les d\u00e9partements d'\u00cele-de-France ; \n \nVu le d\u00e9cret n\u00b0 2013-1041 du 20 novembre 2013 modifi\u00e9 autorisant le ministre charg\u00e9 du d\u00e9veloppement \ndurable \u00e0 d\u00e9l\u00e9guer certains de ses pouvoirs de recr utement et de gestion d'agents plac\u00e9s sous son \nautorit\u00e9 ; \n \nVu le d\u00e9cret n\u00b0 2015-510 du 7 mai 2015 portant charte de la d\u00e9concentration ; \n \nVu le d\u00e9cret du 22 juillet 2020 portant nomination du pr\u00e9fet de la r\u00e9gion d'\u00cele-de-France, pr\u00e9fet de Paris \n(hors classe) - M. GUILLAUME (Marc) ; \n \nVu l'arr\u00eat\u00e9 interminist\u00e9riel du 26 mai 2006 portant constitution des directions interd\u00e9partementales des \nroutes ; \n \nVu l'arr\u00eat\u00e9 du 29 d\u00e9cembre 2016 portant d\u00e9concentration des actes relatifs \u00e0 la situation individuelle  \ndes agents publics exer\u00e7ant leurs fonctions dans les services d\u00e9concentr\u00e9s des administrations civiles de \nl'\u00c9tat au sens de l'article 15 du d\u00e9cret n\u00b0 2004-374 du 29 avril 2004 modifi\u00e9 ; \n \nDirection r\u00e9gionale et interd\u00e9partementale de l'environnement, de l'am\u00e9nagement et des transports d'\u00cele-de-France -\nIDF-2025-08-28-00011 - D\u00e9cision DRIEAT-IDF du 28 ao\u00fbt 2025 portant subd\u00e9l\u00e9gation de signature en mati\u00e8re administrative pour le\ncompte du pr\u00e9fet de la r\u00e9gion d'\u00cele-de-France\n40\n \n  2 \nVu l'arr\u00eat\u00e9 du 26 d\u00e9cembre 2019 portant d\u00e9l\u00e9gation de pouvoirs du ministre charg\u00e9 du d\u00e9veloppement \ndurable en mati\u00e8re de gestion des membres du corps des adjoints administratifs des administrations de \nl'\u00c9tat ; \n \nVu l'arr\u00eat\u00e9 du pr\u00e9fet de la r\u00e9gion d'\u00cele-de-France, pr\u00e9fet de Paris n\u00b0 IDF-02-07-00001 du 7 f\u00e9vrier 20 25 \nportant organisation de la direction r\u00e9gionale et i nterd\u00e9partementale de l'environnement, de \nl'am\u00e9nagement et des transports d'\u00cele-de-France ; \n \nVu la d\u00e9cision n\u00b0 IDF-2025-02-25-00007 du 25 f\u00e9vrier 2025 portant organisation de la direction r\u00e9gionale \net interd\u00e9partementale de l'environnement, de l'am\u00e9nagement et des transports d'\u00cele-de-France ; \n \nVu l'arr\u00eat\u00e9 interminist\u00e9riel du 8 juillet 2022 port ant nomination d'une directrice r\u00e9gionale et \ninterd\u00e9partementale de l'environnement, de l'am\u00e9nag ement et des transports de la r\u00e9gion \u00cele-de-\nFrance ; \n \nVu l'arr\u00eat\u00e9 n\u00b0 IDF-2022-07-19-00005 du 19 juillet 2022 du pr\u00e9fet de la r\u00e9gion \u00cele-de-France, pr\u00e9fet de Paris, \nportant d\u00e9l\u00e9gation de signature \u00e0 Mme Emmanuelle GA Y, directrice r\u00e9gionale et interd\u00e9partementale \nde l'environnement, de l'am\u00e9nagement et des transports d'\u00cele-de-France, en mati\u00e8re administrative ; \n \nSur proposition de l'adjoint \u00e0 la directrice r\u00e9gion ale et interd\u00e9partementale de l'environnement, de \nl'am\u00e9nagement et des transports d'\u00cele-de-France, charg\u00e9 du pilotage, \n \nD\u00e9cide : \nArticle 1 \ner  \n \nI. - Subd\u00e9l\u00e9gation de signature est accord\u00e9e \u00e0 M. Laure nt PAILLARD, directeur r\u00e9gional et \ninterd\u00e9partemental adjoint, charg\u00e9 des ressources h umaines et de la gestion des moyens, Mme Val\u00e9rie \nBELROSE, directrice r\u00e9gionale et interd\u00e9partemental e adjointe charg\u00e9e de l'eau et du d\u00e9veloppement \ndurable, M. Jacques SALHI, directeur r\u00e9gional et in terd\u00e9partemental adjoint directeur des routes d'\u00cele -\nde-France, M. Jean-Marc PICARD, directeur r\u00e9gional et interd\u00e9partemental adjoint, charg\u00e9 de l'\u00e9nergie,  \ndes risques et de la nature, M. Paul WEICK, directe ur r\u00e9gional et interd\u00e9partemental adjoint charg\u00e9 de  \nla s\u00e9curit\u00e9 des transports et des missions de d\u00e9fen se et de s\u00e9curit\u00e9, M. Herv\u00e9 SCHMITT, directeur \nr\u00e9gional et interd\u00e9partemental adjoint charg\u00e9 de l'am\u00e9nagement durable et des transports et M. Pascal \nH\u00c9RITIER, adjoint de la directrice, charg\u00e9 du pilotage, pour les mati\u00e8res relevant des articles 4 \u00e0 22.  \n \nII. - En cas d'emp\u00eachement ou d'absence de Mme Emmanuelle  GAY, subd\u00e9l\u00e9gation de signature est \naccord\u00e9e \u00e0 M. Laurent PAILLARD, directeur r\u00e9gional et interd\u00e9partemental adjoint, charg\u00e9 des \nressources humaines et de la gestion des moyens, Mm e Val\u00e9rie BELROSE, directrice r\u00e9gionale et \ninterd\u00e9partementale adjointe charg\u00e9e de l'eau et du  d\u00e9veloppement durable, M. Jacques SALHI, \ndirecteur r\u00e9gional et interd\u00e9partemental adjoint di recteur des routes d'\u00cele-de-France, M. Jean-Marc \nPICARD, directeur r\u00e9gional et interd\u00e9partemental adjoint charg\u00e9 de l'\u00e9nergie, des risques et de la nature, \nM. Paul WEICK, directeur r\u00e9gional et interd\u00e9partemental adjoint charg\u00e9 de la s\u00e9curit\u00e9 des transports et \ndes missions de d\u00e9fense et de s\u00e9curit\u00e9 et M. Herv\u00e9 SCHMITT, directeur r\u00e9gional et interd\u00e9partemental \nadjoint charg\u00e9 de l'am\u00e9nagement durable et des transports, pour signer \ntous arr\u00eat\u00e9s, d\u00e9cisions, pi\u00e8ces ou \nconventions relevant des attributions de la direction.  \n \n  \nDirection r\u00e9gionale et interd\u00e9partementale de l'environnement, de l'am\u00e9nagement et des transports d'\u00cele-de-France -\nIDF-2025-08-28-00011 - D\u00e9cision DRIEAT-IDF du 28 ao\u00fbt 2025 portant subd\u00e9l\u00e9gation de signature en mati\u00e8re administrative pour le\ncompte du pr\u00e9fet de la r\u00e9gion d'\u00cele-de-France\n41\n \n  3 \nArticle 2 \n \nI. - Pour le cabinet de la direction, subd\u00e9l\u00e9gation de s ignature est accord\u00e9e, dans la limite de ses \nattributions, \u00e0 Mme Agathe BALTZER, directrice de cabinet, pour le fonctionnement du cabinet. \n \nII. - Pour la mission s\u00e9curit\u00e9-d\u00e9fense, subd\u00e9l\u00e9gation de  signature est accord\u00e9e, dans la limite de leurs \nattributions respectives, \u00e0 M. Paul WEICK, directeur r\u00e9gional et interd\u00e9partemental adjoint charg\u00e9 de la \ns\u00e9curit\u00e9 des transports et des missions de d\u00e9fense et de s\u00e9curit\u00e9 et M. Silv\u00e8re RAYNAUD, chef de la \nmission s\u00e9curit\u00e9-d\u00e9fense. \n \nIII. - Pour le service communication, subd\u00e9l\u00e9gation de sig nature est accord\u00e9e, dans la limite de leurs \nattributions, \u00e0 : \n \n\u2022 Mme St\u00e9phanie CARVALHEIRO, directrice de la communication ;  \n\u2022 Madame Magali MAUGER, directrice adjointe de la communication ; \n\u2022 Mme H\u00e9l\u00e8ne LAMBERT, directrice de la communication d\u00e9l\u00e9gu\u00e9e, cheffe de la mission \ncommunication. \n \nArticle 3 \n \nI. - Pour la direction des routes d'\u00cele-de-France (DiRIF ), subd\u00e9l\u00e9gation de signature est accord\u00e9e \u00e0 M. \nJacques SALHI, directeur r\u00e9gional et interd\u00e9partemental adjoint, directeur des routes d'\u00cele-de-France, et, \ndans la limite de leurs attributions respectives, \u00e0 : \n \n\u2022 M. J\u00e9r\u00f4me ROQUES, directeur adjoint des routes d'\u00cele-de-France ; \n\u2022 Mme Sophie DUPAS, directrice adjointe exploitation et entretien ; \n\u2022 M. Jean-Baptiste MOTTE, secr\u00e9taire g\u00e9n\u00e9ral d\u00e9l\u00e9gu\u00e9 aupr\u00e8s de la DiRIF ; \n\u2022 M. R\u00e9my MENSIRE, chef du service de la modernisatio n du r\u00e9seau de la direction des routes d'\u00cele-de-\nFrance ; \n\u2022 Mme Emmanuelle PAGES, adjointe au chef du service d e la modernisation du r\u00e9seau de la direction \ndes routes d'\u00cele-de-France ; \n\u2022 M. David JUIN, chef du service de la gestion patrim oniale du r\u00e9seau de la direction des routes d'\u00cele-\nde-France ; \n\u2022 M. Claude STREITH, adjoint au chef du service de la  gestion patrimoniale du r\u00e9seau de la direction \ndes routes d'\u00cele-de-France ; \n\u2022 M. Pierre-Baptiste DELPUECH, chef du service du trafic et des tunnels ; \n\u2022 M. Jonathan COL\u00c9, adjoint au chef du service du trafic et des tunnels ; \n\u2022 Monsieur Jean-Fran\u00e7ois TARISTAS, chef de la mission  de la politique et des moyens de l'exploitation \nde la direction des routes d'\u00cele-de-France. \n \nII. - Pour le service de la modernisation du r\u00e9seau, sub d\u00e9l\u00e9gation de signature est \u00e9galement accord\u00e9e, \ndans la limite de leurs attributions respectives, \u00e0 : \n \n\u2022 M. Guillaume BENNET, chef du d\u00e9partement de la modernisation du r\u00e9seau Sud-Ouest et son adjoint \nM. R\u00e9gis BOST ; \n\u2022 M. \u00c9ric VILBE, chef du d\u00e9partement de la modernisation du r\u00e9seau Est, et son adjointe, Mme Florence \nDERUMIGNY ; \n\u2022 M. Antoine CHEVALIER, chef du d\u00e9partement de la modernisation du r\u00e9seau Nord, et son adjoint, M. \nLudovic MARIA ; \n\u2022 M. Christophe DESNOUAILLES, chef du d\u00e9partement des \u00e9tudes g\u00e9n\u00e9rales et des voies r\u00e9serv\u00e9es ; \n\u2022 Mme Micheline LEHOUX, cheffe du bureau des affaires  fonci\u00e8res, et son adjoint, M. Salman \nBENKHEIRA ; \nDirection r\u00e9gionale et interd\u00e9partementale de l'environnement, de l'am\u00e9nagement et des transports d'\u00cele-de-France -\nIDF-2025-08-28-00011 - D\u00e9cision DRIEAT-IDF du 28 ao\u00fbt 2025 portant subd\u00e9l\u00e9gation de signature en mati\u00e8re administrative pour le\ncompte du pr\u00e9fet de la r\u00e9gion d'\u00cele-de-France\n42\n \n  4 \n\u2022 Mme Marie BUISSON, cheffe du bureau programmation, gestion et ordonnancement ; \n \nIII. - Pour le service de la gestion patrimoniale du r\u00e9seau, subd\u00e9l\u00e9gation de signature est accord\u00e9e, dans \nla limite de leurs attributions respectives, \u00e0 : \n \n\u2022 M. Guillaume DAMIEN, chef du d\u00e9partement ouvrages d'art et son adjoint M. Victor MARTINET ; \n\u2022 M. St\u00e9phane BIANCOTTO, adjoint au chef de l'unit\u00e9 gestion centralis\u00e9e ouvrages d'art  \n\u2022 M. Lionel BARASCUD, chef du P\u00f4le Sud-Ouest de l'uni t\u00e9 gestion centralis\u00e9e ouvrages d'art et son \nadjoint, M. Olivier SIGAULT ; \n\u2022 Mme Marie BUSSAC, cheffe du P\u00f4le Nord-Est de l'unit\u00e9 gestion centralis\u00e9e ouvrages d'art ; \n\u2022 M. Sylvain G\u00c9RARD, chef du d\u00e9partement des techniqu es de la route et de son adjointe, Mme Dalila \nAIT ALI ; \n\u2022 M. Dominique LE DUFF, chef de l'unit\u00e9 \u00e9quipement du d\u00e9partement des techniques de la route ; \n\u2022 M. Alex LAM, chef de l'unit\u00e9 Eau Environnement et son adjoint, M. Patrick VINCENT ; \n\u2022 M. Jean-No\u00ebl IVRY, adjoint au chef de l'unit\u00e9 Chauss\u00e9e Terrassement ; \n\u2022 M. Laurent PROVOST, adjoint au chef de l'unit\u00e9 Am\u00e9nagements routiers ; \n\u2022 Mme \u00c9lise CAMPAIGNOLLE, cheffe de la mission D\u00e9veloppement Durable et D\u00e9pendances Vertes ;  \n\u2022 Mme Mich\u00e8le MARLIERE, cheffe du d\u00e9partement politiq ue et programmation routi\u00e8res et son \nadjointe Mme Laura SAPATEIRO ; \n\u2022 M. Valentin PRATESI, chef de l'unit\u00e9 g\u00e9omatique du patrimoine routier ; \n\u2022 Mme Vanessa FERREZ, cheffe de l'unit\u00e9 gestion budg\u00e9taire et administrative ; \n\u2022 M. Xavier POTIER, chef de l'unit\u00e9 programmation, Po litiques techniques et Qualit\u00e9 et son adjointe, \nSophie MOZER ; \n\u2022 M. Abdellah BENADJEMIA, chef de l'unit\u00e9 Connaissance du patrimoine routier ; \n\u2022 M. Patrice LEVEQUE, adjoint \u00e0 la cheffe de l'unit\u00e9 S\u00e9curit\u00e9 de l'infrastructure. \n \nIV. - Pour le service du trafic et des tunnels, subd\u00e9l\u00e9g ation de signature est accord\u00e9e, dans la limite de \nleurs attributions respectives, \u00e0 : \n \n\u2022 M. Jonathan COL\u00c9, adjoint au chef du service du trafic et des tunnels ; \n\u2022 M. Cl\u00e9ment MORIN, chef du d\u00e9partement de l'ing\u00e9nierie et de la modernisation des \u00e9quipements et \ndes tunnels ; \n\u2022 M. Wahbi YAKOUBI, adjoint au chef du d\u00e9partement de  l'ing\u00e9nierie et de la modernisation des \n\u00e9quipements et des tunnels ; \n\u2022 Mme S\u00e9verine CARPENTIER, cheffe du d\u00e9partement de l'exploitation du trafic et des tunnels (DETT) ; \n\u2022 M. Olivier NALIN, adjoint au chef du d\u00e9partement de l'exploitation du trafic et des tunnels ; \n\u2022 M. Quentin LABRUE, adjoint au chef du d\u00e9partement de l'exploitation du trafic et des tunnels ; \n\u2022 M. Alexandre ROSSI, chef de l'unit\u00e9 observatoire et  ing\u00e9nierie du trafic, et son adjoint M. Marc \nRIVIERE ; \n\u2022 M. Nicolas BERNARD, chef de l'unit\u00e9 coordination du  trafic et information routi\u00e8re, et ses adjoints, \nM. Marc KOENIG, chef du centre coordination trafic, et M. David THOMACHOT, chef du p\u00f4le gestion \nde crises routi\u00e8res et chantiers ; \n\u2022 M. Arnaud IFFLY, chef de l'unit\u00e9 politique de maint enance et modernisation et son adjointe, Mme \nJeanne BATA ; M. Antoine PERRAIS, chef de l'unit\u00e9 i nformatique et r\u00e9seaux centraux, et son adjoint, \nM. David QUINTANS ; M. Hassan BELKACEM, responsable  du poste de contr\u00f4le trafic et tunnels \n(PCTT) Nord, et son adjoint M. Philippe THULLIER, en charge de l'exploitation ; \n\u2022 Mme Aude COVIN, cheffe du poste de contr\u00f4le trafic et tunnels (PCTT) Ouest, et ses adjoints, M. \nJean-Bernard GAUQUELIN, en charge de l'exploitation , et M. C\u00e9dric LALLEMANT, en charge de la \nmaintenance, ainsi que ses chefs de p\u00f4le, M. Fr\u00e9d\u00e9ric MILICEVIC, charg\u00e9 de p\u00f4le de maintenance de \nNanterre et Mme Samantha MIOTTI, charg\u00e9 de p\u00f4le de maintenance de Boulogne ; \n\u2022 Mme Morgane ALATORRE, cheffe du poste de contr\u00f4le trafic et tunnels Sud, et ses adjoints M. Robert \nTOUATI, en charge de l'exploitation, et M. Julien PROUST, en charge de la maintenance ; \nDirection r\u00e9gionale et interd\u00e9partementale de l'environnement, de l'am\u00e9nagement et des transports d'\u00cele-de-France -\nIDF-2025-08-28-00011 - D\u00e9cision DRIEAT-IDF du 28 ao\u00fbt 2025 portant subd\u00e9l\u00e9gation de signature en mati\u00e8re administrative pour le\ncompte du pr\u00e9fet de la r\u00e9gion d'\u00cele-de-France\n43\n \n  5 \n\u2022 M. J\u00e9r\u00f4me RODRIGUEZ, chef du poste de contr\u00f4le traf ic et tunnels Est, et ses adjoints, M. Laurent \nMOUSSEUX, en charge de l'exploitation, et M. Jean-Pierre SULLY, en charge de la maintenance ; \n \nV. - Pour l'arrondissement de gestion et d'exploitation  Ouest, subd\u00e9l\u00e9gation de signature est accord\u00e9e, \ndans la limite de leurs attributions respectives, \u00e0 : \n \n\u2022 M. Michel PERREL, responsable de l'arrondissement de gestion et d'exploitation de la route Ouest, et \nses adjoints, Mme Julie COHEN-SOLAL et M. Damien BRADELLE ; \n\u2022 Mme Audrey MERCHEZ ; cheffe du bureau de gestion administrative et de la route (BGAR) ; \n\u2022 Mme Pauline MATHEVET, responsable de l'unit\u00e9 d'exploitation de la route de Jouy-en-Josas ; \n\u2022 M. Jonathan PROD'HOMME, adjoint au chef de l'unit\u00e9 d'exploitation de la route de Jouy-en-Josas ; \n\u2022 Mme M\u00e9lanie LIMIER, responsable de l'UER de Nanterr e-Boulogne et son adjointe, Mme Catherine \nCHAUVET ; \n \nVI. - Pour l'arrondissement de gestion et d'exploitation  Est, subd\u00e9l\u00e9gation de signature est accord\u00e9e, \ndans la limite de leurs attributions respectives, \u00e0 : \n \n\u2022 M. Fr\u00e9d\u00e9ric ESNAULT, chef de l'arrondissement de ge stion et d'exploitation de la route Est et son \nadjoint M. Anthony MITRANO ; \n\u2022 M. Claude GRUMELART, chef du bureau de gestion administrative et de la route (BGAR) ; \n\u2022 Mme Val\u00e9rie DITTE, cheffe de l'unit\u00e9 d'exploitation de la route de Brie-Comte-Robert et son adjoint, \nM. Patrice DEGLA ; \n\u2022 M. Ludovic CADET, chef de l'unit\u00e9 d'exploitation de la route de Champigny et son adjoint, M. Florent \nGRANDJEAN ; \n\u2022  \nVII. - Pour l'arrondissement de gestion et d'exploitation Sud, subd\u00e9l\u00e9gation est accord\u00e9e, dans la limite \nde leurs attributions respectives, \u00e0 : \n \n\u2022 M. Bastien SALESSE, chef de l'arrondissement de ges tion et d'exploitation de la route Sud et son \nadjoint M. Moustapha SAVANE ; \n\u2022 Mme Lucienne LIBER, adjointe au chef de l'unit\u00e9 d'exploitation de la route de Chevilly-Larue ; \n\u2022 M. Fr\u00e9d\u00e9ric BERTRAND, chef de l'unit\u00e9 d'exploitatio n de la route d'Orsay-Villab\u00e9 et son adjoint, M. \nDenis PRUDHOMME ; \n \nVIII. - Pour l'arrondissement de gestion et d'exploitation Nord, subd\u00e9l\u00e9gation est accord\u00e9e, dans la limite \nde leurs attributions respectives, \u00e0 : \n \n\u2022 M. Olivier ROUQUETTE, chef de l'arrondissement de gestion et d'exploitation de la route Nord et ses \nadjoints, Mme Elsa ALEXANDRE et M. Louis ESCUDERO ; \n\u2022 M. Juan-Manuel MARTIN, chef du bureau de gestion administrative et de la route (BGAR) ; \n\u2022 Mme Nadine AZOULAY, cheffe contentieux et administratif ; \n\u2022 M. Jean-Willem LALLEMAND, chef de l'unit\u00e9 d'exploit ation de la route de Saint-Denis, et son adjoint \nM. Maurice LABYLLE ; \n\u2022 Mme Nathalie POTAILLON, adjointe au chef de l'unit\u00e9 d'exploitation de la route d'\u00c9ragny-sur-Oise. \n \nArticle 4 \n \nI. - Pour le service s\u00e9curit\u00e9 des transports et des v\u00e9hi cules (SSTV), subd\u00e9l\u00e9gation de signature est \naccord\u00e9e, dans la limite de leurs attributions resp ectives, \u00e0 M. Paul WEICK, directeur r\u00e9gional et \ninterd\u00e9partemental adjoint charg\u00e9 de la s\u00e9curit\u00e9 des transports et des missions de d\u00e9fense et de s\u00e9curit\u00e9, \nchef du service s\u00e9curit\u00e9 des transports et des v\u00e9hicules et son adjointe Mme Odile S\u00c9GUIN. \nDirection r\u00e9gionale et interd\u00e9partementale de l'environnement, de l'am\u00e9nagement et des transports d'\u00cele-de-France -\nIDF-2025-08-28-00011 - D\u00e9cision DRIEAT-IDF du 28 ao\u00fbt 2025 portant subd\u00e9l\u00e9gation de signature en mati\u00e8re administrative pour le\ncompte du pr\u00e9fet de la r\u00e9gion d'\u00cele-de-France\n44\n \n  6 \n \nII.  - La subd\u00e9l\u00e9gation de signature mentionn\u00e9e au I. e st \u00e9galement accord\u00e9e, dans la limite de leurs \nattributions respectives, \u00e0 : \n \n\u2022 Mme Marion ESCARGUEIL-RAYNAUD, cheffe du d\u00e9partement s\u00e9curit\u00e9 des transports fluviaux ;  \n\u2022 Mme Justine GODARD, adjointe \u00e0 la cheffe du d\u00e9partement s\u00e9curit\u00e9 des transports fluviaux ; \n\u2022 Mme Sabrina LANDUREAU, cheffe de l'unit\u00e9 s\u00e9curit\u00e9 des bateaux ; \n\u2022 M. Adrien BLASQUEZ, chef de l'unit\u00e9 documents de bo rd et police de la navigation et son adjointe, \nMme Evangelia DELCHANIDIS ; \n\u2022 M. Ren\u00e9 ALBERTI, chef du d\u00e9partement s\u00e9curit\u00e9, \u00e9duc ation et circulation routi\u00e8res et son adjointe, \nMme St\u00e9phanie COMBARET ; \n\u2022 M. Jean-Fran\u00e7ois FRATINI, chef de l'unit\u00e9 s\u00e9curit\u00e9 et \u00e9ducation routi\u00e8res ; \n\u2022 M. Guillaume THUAULT, chef de l'unit\u00e9 circulation routi\u00e8re et son adjointe, Mme F\u00e9lie LESUR ; \n\u2022 M. Ronan MEAR, chef du d\u00e9partement r\u00e9gulation des transports routiers et son adjointe, Mme Isabelle \nMONMOUSSEAU ;  \n\u2022 Mme Sadia KHELIFI, cheffe de la division gestion ; \n\u2022 Mme C\u00e9cile OLIVO, adjointe \u00e0 la cheffe de la division gestion ; \n\u2022 Mme Laurence MURZEAU, cheffe de l'unit\u00e9 gestion des titres ;  \n\u2022 Mme Gina DUVALLON, charg\u00e9e de mission appui \u00e0 la gestion ; \n\u2022 M. Christophe DEPRUGNEY, chef de l'unit\u00e9 du registr e des voitures de transport avec chauffeur, \nadjoint \u00e0 la cheffe de l'unit\u00e9 gestion des titres ; \n\u2022 M. Hugues NOLLET, chef de la division contr\u00f4le ; \n\u2022 M. Yves SCHOEFFNER, chef du d\u00e9partement homologation et surveillance des v\u00e9hicules. \n \nArticle 5 \n \nI. - Pour le service am\u00e9nagement durable (SAD), subd\u00e9l\u00e9gation de signature est accord\u00e9e, dans la limite \nde ses attributions, \u00e0 Mme Muriel BENSAID, cheffe du service am\u00e9nagement durable; \n \nII. - Subd\u00e9l\u00e9gation de signature est \u00e9galement accord\u00e9e, pour ce qui concerne les non-soumissions et \ndispenses d'agr\u00e9ment des locaux d'activit\u00e9s, \u00e0 :  \n\u2022 M. Vincent BRUGER, chef de la mission immobilier d'entreprise ;  \n\u2022 Mme \u00c9milie TOUCHARD, adjointe au chef de la mission immobilier d'entreprise.  \n \nArticle 6 \n \nPour le service politique des transports (SPOT), subd\u00e9l\u00e9gation de signature est accord\u00e9e, dans la limi te \nde leurs attributions respectives, \u00e0 M. Christophe DENIAU, chef du service politique des transports et  \nses adjoints, M. Denis LAISNEY, chef du d\u00e9partement  transports urbains et M. Eliott VARON, chef du \nd\u00e9partement des mobilit\u00e9s et de la logistique. \n \nArticle 7 \n \nI. - Pour le service politiques et police de l'eau (SPP E), subd\u00e9l\u00e9gation de signature est accord\u00e9e, dans l a \nlimite de leurs attributions respectives, \u00e0 M. Thom as BOUYER, chef du service politiques et police de \nl'eau et ses adjointes, Mme Caroline LAVALLART et M me \u00c9milie BONNET-DERIVIERE, pour signer et \naccomplir les actes suivants, en qualit\u00e9 de d\u00e9l\u00e9gu\u00e9 du bassin Seine-Normandie : \n \n\uf0d8 Saisir et convoquer au nom du pr\u00e9fet de la r\u00e9gion d '\u00cele-de-France, pr\u00e9fet coordonnateur du bassin \nSeine-Normandie, le comit\u00e9 de gestion des poissons migrateurs du bassin Seine-Normandie ; \n\uf0d8 Signer, au nom du pr\u00e9fet de la r\u00e9gion d'\u00cele-de-Fran ce, pr\u00e9fet coordonnateur du bassin Seine-\nNormandie, tous les arr\u00eat\u00e9s et d\u00e9cisions concernant  le plan de gestion des poissons migrateurs du \nDirection r\u00e9gionale et interd\u00e9partementale de l'environnement, de l'am\u00e9nagement et des transports d'\u00cele-de-France -\nIDF-2025-08-28-00011 - D\u00e9cision DRIEAT-IDF du 28 ao\u00fbt 2025 portant subd\u00e9l\u00e9gation de signature en mati\u00e8re administrative pour le\ncompte du pr\u00e9fet de la r\u00e9gion d'\u00cele-de-France\n45\n \n  7 \nbassin Seine-Normandie et la fixation des limitatio ns de p\u00eache selon les modalit\u00e9s fix\u00e9es par ledit \nplan de gestion ; \n\uf0d8 Saisir le comit\u00e9 de bassin Seine-Normandie pour avi s sur les projets de p\u00e9rim\u00e8tres de sch\u00e9mas \nd'am\u00e9nagement et de gestion des eaux, les projets d e sch\u00e9mas d'am\u00e9nagement et de gestion des \neaux et les projets de d\u00e9limitation de zones vuln\u00e9rables \u00e0 la pollution par les nitrates ; \n\uf0d8 Repr\u00e9senter, en application de l'article R. 212-30 du code de l'environnement, le pr\u00e9fet \ncoordonnateur du bassin Seine Normandie dans les Commissions locales de l'eau des SAGE du bassin ; \n\uf0d8 Saisir, en application de l'article R. 566-11 du co de de l'environnement, le comit\u00e9 de bassin pour avi s \nsur les documents relatifs \u00e0 la mise en \u0153uvre de la Directive Inondation ; \n\uf0d8 Signer au nom du pr\u00e9fet de la r\u00e9gion \u00cele-de-France,  pr\u00e9fet coordinateur du bassin Seine-Normandie, \ntoutes les d\u00e9cisions d'habilitation des organismes pour la r\u00e9alisation des diagnostics sur site de \ndispositifs m\u00e9trologiques utilis\u00e9s pour le calcul des redevances pour pr\u00e9l\u00e8vement sur la ressource en \neau et pour pollution non domestique de l'eau per\u00e7ues par les agences de l'eau. \n \nII. - Subd\u00e9l\u00e9gation de signature est accord\u00e9e, dans la limite de leurs attributions respectives, \u00e0 : \n \n\u2022 M. Thomas BOUYER, chef du service politiques et police de l'eau ; \n\u2022 Mme Caroline LAVALLART, adjointe au chef du service  politiques et police de l'eau, cheffe de la \nmission strat\u00e9gie eau et planification ; \n\u2022 Mme \u00c9milie BONNET-DERIVIERE, adjointe au chef du service politiques et police de l'eau ; \n\u2022 Mme Evelyne GODEHEU, cheffe du d\u00e9partement instruct ion loi sur l'eau, et son adjointe, Mme \nGabri\u00e8le BENDAYAN ; \n\u2022 M. Maxime HAVIER, chef de l'unit\u00e9 Oise Seine Aval ; \n\u2022 M. T\u00e9o MORNAS, chef de l'unit\u00e9 Marne Seine Amont. \n \nPour signer, au titre de la Mission Interd\u00e9partemen tale Inter-services de l'eau et de la nature, tous les \nactes ou d\u00e9cisions li\u00e9s au fonctionnement et \u00e0 la m ise en \u0153uvre des actions de la Mission \nInterd\u00e9partementale Inter-services de l'eau et de la nature de Paris et de la proche couronne. \n \nArticle 8  \n \nPour le service connaissance et d\u00e9veloppement durab le (SCDD), subd\u00e9l\u00e9gation de signature est \naccord\u00e9e, dans la limite de leurs attributions respectives, \u00e0 Mme Dominique BERTHON, cheffe du service \nconnaissance et d\u00e9veloppement durable, et ses adjoints, M. J\u00e9r\u00f4me AYACHE, M. Guillaume CRIEF, et M. \nLuc CHARANSONNEY ; \n \nArticle 9 \n \nI. - Subd\u00e9l\u00e9gation de signature est accord\u00e9e, dans la l imite de leurs attributions respectives, \u00e0 Mme \nDominique BERTHON, cheffe du service connaissance e t d\u00e9veloppement durable, et ses adjoints, M. \nJ\u00e9r\u00f4me AYACHE, M. Guillaume CRIEF, et M. Luc CHARAN SONNEY, \u00e0 l'effet de signer, au titre de \nl'autorit\u00e9 charg\u00e9e de l'examen au cas par cas menti onn\u00e9e au premier alin\u00e9a du IV de l'article L.122-1 du \ncode de l'environnement pour les projets (articles L.122-1, L.122-2, L.512-7-2 et R.122-2, R.122-3, R. 122-3-\n1 du code l'environnement) : \n \n\uf0d8 Les r\u00e9c\u00e9piss\u00e9s de d\u00e9p\u00f4t, les courriers de demande d e compl\u00e9ments, d'accus\u00e9 de r\u00e9ception, de \ndemande de contribution aux services experts, \n\uf0d8 Les d\u00e9cisions portant obligation ou non, de r\u00e9aliser une \u00e9valuation environnementale, \n\uf0d8 Les r\u00e9ponses aux recours administratifs pr\u00e9alables rendus dans le cadre de la proc\u00e9dure d'examen \n\u00ab au cas par cas \u00bb conform\u00e9ment aux dispositions de l'article R. 122-3 du code de l'environnement. \n \nDirection r\u00e9gionale et interd\u00e9partementale de l'environnement, de l'am\u00e9nagement et des transports d'\u00cele-de-France -\nIDF-2025-08-28-00011 - D\u00e9cision DRIEAT-IDF du 28 ao\u00fbt 2025 portant subd\u00e9l\u00e9gation de signature en mati\u00e8re administrative pour le\ncompte du pr\u00e9fet de la r\u00e9gion d'\u00cele-de-France\n46\n \n  8 \nII. - La subd\u00e9l\u00e9gation mentionn\u00e9e au I. est \u00e9galement ac cord\u00e9e, dans la limite de leurs attributions \nrespectives, \u00e0 : \n \n\u2022 Mme Anne-Laure VERNEIL, cheffe du d\u00e9partement \u00e9valuation environnementale ; \n\u2022 M. Tristan AVRY, adjoint \u00e0 la cheffe du d\u00e9partement \u00e9valuation environnementale ; \n\u2022 M. Benjamin HOBBS, adjoint \u00e0 la cheffe du d\u00e9partement \u00e9valuation environnementale ; \n\u2022 Mme Agn\u00e8s COURET, cheffe de l'unit\u00e9 d\u00e9partementale de Seine et Marne ;  \n\u2022 Mme Cl\u00e9mence JAHANGIR, adjointe \u00e0 la cheffe de l'unit\u00e9 d\u00e9partementale de Seine-et-Marne ;  \n\u2022 M. David LEROUGE, adjoint \u00e0 la cheffe de l'unit\u00e9 d\u00e9partementale de Seine-et-Marne ; \n\u2022 Mme Delphine DUBOIS, cheffe de l'unit\u00e9 d\u00e9partementale des Yvelines ;  \n\u2022 Mme Marielle MUGUERRA, adjointe \u00e0 la cheffe de l'unit\u00e9 d\u00e9partementale des Yvelines ; \n\u2022 M. Patrick POIRET, chef de l'unit\u00e9 d\u00e9partementale de l'Essonne ;  \n\u2022 Mme Sophie PIERRET, adjointe au chef de l'unit\u00e9 d\u00e9partementale de l'Essonne ; \n\u2022 M. Mathieu FERNANDEZ, r\u00e9f\u00e9rent d\u00e9partemental risques accidentels ; \n\u2022 M. Alain TUFFERY, directeur r\u00e9gional et interd\u00e9part emental adjoint de l'environnement, de \nl'am\u00e9nagement et des transports de la r\u00e9gion \u00cele-de -France, directeur de l'unit\u00e9 d\u00e9partementale des \nHauts-de-Seine ; \n\u2022 M. Fabrice MORONVAL, directeur adjoint de l'unit\u00e9 d\u00e9partementale des Hauts-de-Seine ; \n\u2022 Mme Sybille MULLER, directrice adjointe de l'unit\u00e9 d\u00e9partementale des Hauts-de-Seine ; \n\u2022 M. Laurent CONDOMINES, directeur r\u00e9gional et interd \u00e9partemental adjoint de l'environnement, de \nl'am\u00e9nagement et des transports de la r\u00e9gion \u00cele-de -France, directeur de l'unit\u00e9 d\u00e9partementale de \nla Seine-Saint-Denis ; \n\u2022 Mme Ghislaine BORDES, directrice adjointe de l'unit\u00e9 d\u00e9partement de la Seine-Saint-Denis ; \n\u2022 Mme Sylvie CHATY, directrice adjointe de l'unit\u00e9 d\u00e9partementale de la Seine-Saint-Denis ; \n\u2022 Mme Julie TISSOT, directrice r\u00e9gionale et interd\u00e9pa rtementale adjointe de l'environnement, de \nl'am\u00e9nagement et des transports d'\u00cele-de-France, di rectrice de l'unit\u00e9 d\u00e9partementale du Val-de-\nMarne ;  \n\u2022 Mme Sarah BERNHARD, directrice adjointe de l'unit\u00e9 d\u00e9partementale du Val-de-Marne ; \n\u2022 Mme Fiona TCHANAKIAN ; directrice adjointe de l'unit\u00e9 d\u00e9partementale du Val-de-Marne ; \n\u2022 M. Alexis RAFA, chef de l'unit\u00e9 d\u00e9partementale du Val d'Oise ;  \n\u2022 M. Thomas BLATON, adjoint au chef de l'unit\u00e9 d\u00e9partementale du Val-d'Oise. \n \nArticle 10 \n \nI. - Pour le service \u00e9nergie et b\u00e2timent (SEB), subd\u00e9l\u00e9g ation de signature est accord\u00e9e, dans la limite de \nses attributions, \u00e0 Mme Aurore FARGETTE, cheffe du service \u00e9nergie et b\u00e2timent et son adjointe, \nMme Alice METAYER-MATHIEU. \n \nII. - Subd\u00e9l\u00e9gation de signature est \u00e9galement accord\u00e9e,  dans la limite de leurs attributions respectives \n\u00e0 :  \n \n\u2022 M. Thibaut BADOUAL, chef du d\u00e9partement climat, air, \u00e9nergie ; \n\u2022 Mme Julie LODEWYCKX, adjointe au chef du d\u00e9partement climat, air, \u00e9nergie ; \n\u2022 Mme \u00c9lise CHAPPAZ, cheffe de l'unit\u00e9 \u00e9lectricit\u00e9 ; \n\u2022 Mme Nathalie BOUSQUET, cheffe du d\u00e9partement b\u00e2timent ; \n\u2022 Mme H\u00e9l\u00e8ne BONNET, cheffe du d\u00e9partement patrimoine immobilier ; \n\u2022 M. Louis ORTA, adjoint \u00e0 la cheffe du d\u00e9partement patrimoine immobilier ; \n\u2022 M. Jean-Michel DUBOIS, chef de l'unit\u00e9 politique immobili\u00e8re. \n \nArticle 11  \n \nDirection r\u00e9gionale et interd\u00e9partementale de l'environnement, de l'am\u00e9nagement et des transports d'\u00cele-de-France -\nIDF-2025-08-28-00011 - D\u00e9cision DRIEAT-IDF du 28 ao\u00fbt 2025 portant subd\u00e9l\u00e9gation de signature en mati\u00e8re administrative pour le\ncompte du pr\u00e9fet de la r\u00e9gion d'\u00cele-de-France\n47\n \n  9 \nI. - Pour le service nature et paysage (SNP),  subd\u00e9l\u00e9gation de signature est accord\u00e9e, dans la li mite de \nleurs attributions, \u00e0 Mme Lucile RAMBAUD, cheffe du  service nature et paysage et son adjoint, \nM. St\u00e9phane LUCET, \u00e0 l'effet de signer les accords pr\u00e9alables \u00e0 la d\u00e9livrance d'une autorisation \nd'installation d'une enseigne sur un monument natur el, dans un site class\u00e9, un c\u0153ur de parc national, \nune r\u00e9serve naturelle ou sur un arbre. \n \nII. - La subd\u00e9l\u00e9gation mentionn\u00e9e au I. est \u00e9galement ac cord\u00e9e, dans la limite de leurs attributions \nrespectives, \u00e0 :  \n \n\u2022 Mme Florence MOTTES, cheffe du d\u00e9partement sites et paysage et son adjointe, Mme Paola VITA ; \n\u2022 M. Antoine LOMBARD, chef du d\u00e9partement espaces et patrimoine naturels. \n \nArticle 12 \n \nPour le service pr\u00e9vention des risques (SPR), subd\u00e9 l\u00e9gation de signature est accord\u00e9e, dans la limite de \nleurs attributions respectives, \u00e0 :  \n\u2022 Mme Guillemette de KERDREL, cheffe du service pr\u00e9vention des risques ; \n\u2022 M. Baptiste POTERSZMAN , adjoint \u00e0 la cheffe du service pr\u00e9vention des risques, chef du d\u00e9partement \nrisques chroniques ; \n\u2022 Mme Ir\u00e8ne ALFONSI, adjointe au chef du d\u00e9partement risques chroniques ; \n\u2022 Mme \u00c9lisabeth BLATON, cheffe du d\u00e9partement risques accidentels \n\u2022 M. Vincent PIERRON, adjoint \u00e0 la cheffe du d\u00e9partement risques accidentels ; \n\u2022 M. Baptiste LORENZI, chef du d\u00e9partement risques naturels ; \n\u2022 Mme Laurence BALMES, adjointe au chef du d\u00e9partement risques naturels ; \n\u2022 Mme Sophie SAUVAGNAT, adjointe au chef du d\u00e9partement risques naturels ; \n\u2022 Mme Manon VIGNES, cheffe du d\u00e9partement hydrologie et pr\u00e9vision des crues ; \n\u2022 Mme Carine CHALEON, adjointe \u00e0 la cheffe du d\u00e9partement hydrologie et pr\u00e9vision des crues. \n \nArticle 13 \n \nI. - Pour le service accompagnement et pilotage (SAP), subd\u00e9l\u00e9gation de signature est accord\u00e9e, dans la \nlimite de leurs attributions respectives, \u00e0 M. Jean-Yves D\u00c9MARETZ, chef du service accompagnement et \npilotage et son adjoint, M. Philippe LOUVET. \n \nII. - Subd\u00e9l\u00e9gation de signature est \u00e9galement accord\u00e9e, dans la limite de leurs attributions respectives, \n\u00e0 : \n\u2022 Mme Sandie CHAMBARET, cheffe du d\u00e9partement qualit\u00e9 et innovation ; \n\u2022 Mme Julie MANINI, cheffe du d\u00e9partement pilotage du budget et des effectifs ; \n\u2022 Mme Patricia AKPWA-MEDOU, charg\u00e9e d'\u00e9tudes budg\u00e9taires et financi\u00e8res ; \n\u2022 M. Jean-Baptiste PUIGGALI, chef du d\u00e9partement des affaires juridiques, de l'archivage et de la \ndocumentation, dans la limite de ses attributions, pour signer notamment tout acte ou pi\u00e8ces \nn\u00e9cessaires \u00e0 la d\u00e9fense des activit\u00e9s des services devant les juridictions administratives et judiciaires \net pour pr\u00e9senter des observations orales devant les juridictions ; \n\u2022 M. Jonas COSTAGLIOLA, chef de l'unit\u00e9 des affaires juridiques, dans la limite de ses attributions, pour \nsigner notamment tout acte ou pi\u00e8ces n\u00e9cessaires \u00e0 la d\u00e9fense des activit\u00e9s des services devant les \njuridictions administratives et judiciaires et pour  pr\u00e9senter des observations orales devant les \njuridictions. \n \nArticle 14  \n \nI. - Pour le secr\u00e9tariat g\u00e9n\u00e9ral (SG), subd\u00e9l\u00e9gation de  signature est accord\u00e9e, dans la limite de leurs \nattributions respectives, \u00e0 M. Ivan ROCHARD, secr\u00e9t aire g\u00e9n\u00e9ral et son adjointe, Mme Justine SONG, \u00e0 \nDirection r\u00e9gionale et interd\u00e9partementale de l'environnement, de l'am\u00e9nagement et des transports d'\u00cele-de-France -\nIDF-2025-08-28-00011 - D\u00e9cision DRIEAT-IDF du 28 ao\u00fbt 2025 portant subd\u00e9l\u00e9gation de signature en mati\u00e8re administrative pour le\ncompte du pr\u00e9fet de la r\u00e9gion d'\u00cele-de-France\n48\n \n  10 \nM. Jean-Baptiste MOTTE, secr\u00e9taire g\u00e9n\u00e9ral d\u00e9l\u00e9gu\u00e9 aupr\u00e8s de la DiRIF et son adjoint, M. Pascal \nERRECART, ainsi que pour pr\u00e9senter des observations  devant les comit\u00e9s m\u00e9dicaux et les commissions \nde r\u00e9forme, pour signer les actes relatifs \u00e0 la ges tion des ressources humaines, aux achats et \u00e0 la \ncommande publique ainsi qu'\u00e0 la logistique et aux moyens g\u00e9n\u00e9raux relevant de son service. \n \nII. - La subd\u00e9l\u00e9gation mentionn\u00e9e au I. est \u00e9galement ac cord\u00e9e, dans la limite de leurs attributions \nrespectives, \u00e0 : \n\u2022 Mme Marie-Laure AYUSTE-PELAGE, cheffe du bureau des ressources humaines de la DiRIF ; \n\u2022 Mme Annabelle DANOUMBE, cheffe du bureau des ressou rces humaines de la DiRIF et son adjointe, \nMme Sandrine FLORENTINY ; \n\u2022 Mme Warda BOURICHE, cheffe du bureau formation, concours et recrutements de la DiRIF ; \n\u2022 M. Patrick VALERE, chef du bureau logistique immobi lier et informatique de la DiRIF et son adjoint, \nM. Christophe LOUISET ; \n\u2022 Mme Annie LACROIX, cheffe du d\u00e9partement des ressources humaines et des comp\u00e9tences, \u00e0 l'effet \nde signer tous les actes et pi\u00e8ces relevant des attributions du d\u00e9partement, ainsi que pour pr\u00e9senter \ndes observations devant les comit\u00e9s m\u00e9dicaux et les commissions de r\u00e9forme ; \n\u2022 M. Jean-Antoine DELMAS, adjoint \u00e0 la cheffe du d\u00e9pa rtement des ressources humaines et des \ncomp\u00e9tences ; \n\u2022 Mme Nathalie RICHARD, cheffe de l'unit\u00e9 formation, handicap accompagnement et comp\u00e9tences ; \n\u2022 M. Tarik MAHJOUBI, chef de l'unit\u00e9 temps, effectifs , recrutement et mobilit\u00e9, \u00e0 l'effet de signer tous  \nles actes et pi\u00e8ces relevant du d\u00e9partement en cas d'emp\u00eachement de la cheffe et de son adjoint ; \n\u2022 M. Valentin RAULT, chef du d\u00e9partement des affaires financi\u00e8res et son adjoint, R\u00e9gis SLAGMULDER ; \nM. Jean AUTERNAUD, chef du d\u00e9partement de la logistique et de la gestion immobili\u00e8re et son adjoint, \nM. Yanis KHERBOUCHE ; ; \n\u2022 Mme Catherine KHELAF, cheffe de l'unit\u00e9 immobili\u00e8re ; \n\u2022 M. Joseph WALHA, chef du p\u00f4le d'appui au pilotage local des unit\u00e9s territoriales 93/92 ; \n\u2022 M. Vincent ROUVEYROL, chef du d\u00e9partement de la commande publique et de la politique d'achat ; \n\u2022 M. David LECOMTE, chef du bureau des affaires juridiques du secr\u00e9tariat g\u00e9n\u00e9ral d\u00e9l\u00e9gu\u00e9 \u00e0 la DiRIF ; \n\u2022 Mme Catherine PERNOIS, adjointe au chef du bureau d es affaires juridiques du secr\u00e9tariat g\u00e9n\u00e9ral \nd\u00e9l\u00e9gu\u00e9 \u00e0 la DiRIF ; \n\u2022 M. Nicolas MURY, charg\u00e9 d'\u00e9tudes juridiques du secr\u00e9tariat g\u00e9n\u00e9ral d\u00e9l\u00e9gu\u00e9 \u00e0 la DiRIF, pour pr\u00e9senter \ndes observations orales devant les juridictions ; \n \nArticle 15  \n \nI. - Pour le service du num\u00e9rique, subd\u00e9l\u00e9gation de sig nature est accord\u00e9e, dans la limite de ses \nattributions, \u00e0 Mme Nathalie TINGRY, cheffe du serv ice du num\u00e9rique et son adjoint M. Ga\u00ebl BINTEIN, \npour signer les actes relatifs \u00e0 la logistique et aux moyens g\u00e9n\u00e9raux relevant de son service. \n \nII.  La subd\u00e9l\u00e9gation mentionn\u00e9e au I. est \u00e9galement ac cord\u00e9e, dans la limite de leurs attributions \nrespectives, \u00e0 : \n\u2022 Mme Emmanuelle AIRAUD, cheffe du d\u00e9partement environnement num\u00e9rique de travail ; \n\u2022 M. Jean-Marc VADO, chef du d\u00e9partement infrastructures, syst\u00e8mes d'information et de s\u00e9curit\u00e9. \n \nArticle 16  \n \nI. - Pour l'unit\u00e9 d\u00e9partementale de Paris (UD 75), subd\u00e9 l\u00e9gation de signature est accord\u00e9e \u00e0 M. Jean-\nPascal BIARD, directeur r\u00e9gional et interd\u00e9partemen tal adjoint, directeur de l'unit\u00e9 d\u00e9partementale de  \nParis, pour signer les d\u00e9cisions de gestion des per sonnels vis\u00e9s dans les annexes des arr\u00eat\u00e9s du 29 \nd\u00e9cembre 2016 et du 26 d\u00e9cembre 2019 susvis\u00e9s. \n \nDirection r\u00e9gionale et interd\u00e9partementale de l'environnement, de l'am\u00e9nagement et des transports d'\u00cele-de-France -\nIDF-2025-08-28-00011 - D\u00e9cision DRIEAT-IDF du 28 ao\u00fbt 2025 portant subd\u00e9l\u00e9gation de signature en mati\u00e8re administrative pour le\ncompte du pr\u00e9fet de la r\u00e9gion d'\u00cele-de-France\n49\n \n  11 \nII. - La subd\u00e9l\u00e9gation mentionn\u00e9e au I. est \u00e9galement acc ord\u00e9e, dans la limite de leurs attributions \nrespectives, \u00e0 : \n\u2022 M. Fran\u00e7ois BELBEZET, chef du service am\u00e9nagement durable et connaissance des territoires ; \n\u2022 Mme Laurence CACHEUX, cheffe du service patrimoine, paysage et droit des sols ; \n\u2022 Mme Natacha CARRIER-SCHRUMPF, cheffe du service utilit\u00e9 publique et \u00e9quilibres territoriaux ; \n\u2022 Mme Chantal GERVAIS, cheffe de la mission d'appui au pilotage local ; \n \nArticle 17  \n \nI. - Pour l'unit\u00e9 d\u00e9partementale des Hauts-de-Seine (UD 92), subd\u00e9l\u00e9gation de signature est accord\u00e9e \u00e0 \nM. Alain TUFFERY, directeur r\u00e9gional et interd\u00e9part emental adjoint de l'environnement, de \nl'am\u00e9nagement et des transports de la r\u00e9gion \u00cele-de -France, directeur de l'unit\u00e9 d\u00e9partementale des \nHauts-de-Seine et ses adjoints, Mme Sybille MULLER et M. Fabrice MORONVAL, directeurs-adjoints de \nl'unit\u00e9 d\u00e9partementale des Hauts-de-Seine \u00e0 l'effet  de signer les d\u00e9cisions de gestion des personnels \nvis\u00e9s dans les annexes des arr\u00eat\u00e9s du 29 d\u00e9cembre 2016 et du 26 d\u00e9cembre 2019 susvis\u00e9s. \n \nII. - La subd\u00e9l\u00e9gation mentionn\u00e9e au I. est \u00e9galement acc ord\u00e9e, dans la limite de leurs attributions \nrespectives, \u00e0 : \n\u2022 Mme Claire ROSEV\u00c8GUE, cheffe du service risques et installations class\u00e9es ; \n\u2022 M. Olivier PAS, adjoint \u00e0 la cheffe du service risques et installations class\u00e9es ; \n\u2022 M. Rodolphe VAN VLAENDEREN, chef du service urbanisme et construction durable ; \n\u2022 Mme Sophie TCHENG, adjointe au chef du service urbanisme et construction durable ; \n\u2022 Mme Louise DEVRIES, cheffe du service planification et am\u00e9nagement des territoires, et son adjointe, \nLola MAGAZ ;  \n\u2022 Mme Smiljana SEKULIC-GELEBART, cheffe du service \u00e9ducation et s\u00e9curit\u00e9 routi\u00e8re ; \n\u2022 M. Fr\u00e9d\u00e9ric SEIGLE, chef du p\u00f4le v\u00e9hicules infra-r\u00e9gional Ouest ; \n\u2022 M. \u00c9tienne MERLIN, adjoint au chef du p\u00f4le v\u00e9hicules infra-r\u00e9gional Ouest ; \n\u2022 Mme Karine BOSTON, charg\u00e9e de la partie secr\u00e9tariat  mutualis\u00e9 et ressources humaines du p\u00f4le \nd'appui au pilotage local, \u00e0 compter du 1 \ner  septembre 2025. \n \nArticle 18  \n \nI. - Pour l'unit\u00e9 d\u00e9partementale de la Seine-Saint-Denis (UD 93), subd\u00e9l\u00e9gation de signature est accord\u00e9e \n\u00e0 M. Laurent CONDOMINES, directeur r\u00e9gional et inte rd\u00e9partemental adjoint de l'environnement, de \nl'am\u00e9nagement et des transports d'\u00cele-de-France, directeur de l'unit\u00e9 d\u00e9partementale de la Seine-Saint-\nDenis et ses adjointes, Mme Ghislaine BORDES et Mme Sylvie CHATY, pour signer les d\u00e9cisions de gestion \ndes personnels vis\u00e9s dans les annexes des arr\u00eat\u00e9s du 29 d\u00e9cembre 2016 et du 26 d\u00e9cembre 2019 susvis\u00e9s. \n \nII. - La subd\u00e9l\u00e9gation mentionn\u00e9e au I. est \u00e9galement acc ord\u00e9e, dans la limite de leurs attributions \nrespectives, \u00e0 : \n\u2022 M. Alaoudine MAYOUFI, chef du service risques et installations class\u00e9es ;  \n\u2022 M. Mohamed SEGHROUCHNI, adjoint au chef du service risques et installations class\u00e9es ; \n\u2022 Mme Isabelle SCAUSSE, cheffe du p\u00f4le v\u00e9hicules infra-r\u00e9gional Nord \n\u2022 M. Naoufal NOUKRI adjoint \u00e0 la cheffe du p\u00f4le v\u00e9hicules infra-r\u00e9gional Nord ; \n\u2022 M. Didier BEAURAIN, chef du service \u00e9ducation et s\u00e9curit\u00e9 routi\u00e8re ; \n\u2022 M. St\u00e9phane MUNCH, adjoint au chef de service \u00e9ducation et s\u00e9curit\u00e9 routi\u00e8re ; \n\u2022 Mme Florence MONFORT, cheffe du service urbanisme et construction durable ;  \n\u2022 Mme C\u00e9line BARON, adjointe \u00e0 la cheffe du service urbanisme et construction durable ; \n\u2022 Mme Mathilde HONORAT, cheffe du service planification et am\u00e9nagement des territoires ;  \n\u2022 Mme Marie JUILLE, adjointe \u00e0 la cheffe du service planification et am\u00e9nagement des territoires. \n \n  \nDirection r\u00e9gionale et interd\u00e9partementale de l'environnement, de l'am\u00e9nagement et des transports d'\u00cele-de-France -\nIDF-2025-08-28-00011 - D\u00e9cision DRIEAT-IDF du 28 ao\u00fbt 2025 portant subd\u00e9l\u00e9gation de signature en mati\u00e8re administrative pour le\ncompte du pr\u00e9fet de la r\u00e9gion d'\u00cele-de-France\n50\n \n  12 \nArticle 19  \n \nI. - Pour l'unit\u00e9 d\u00e9partementale du Val-de-Marne (UD 94) , subd\u00e9l\u00e9gation est accord\u00e9e, dans la limite de \nleurs attributions respectives \u00e0  Mme Julie TISSOT, directrice r\u00e9gionale et interd\u00e9partementale adjointe \nde l'environnement, de l'am\u00e9nagement et des transpo rts d'\u00cele-de-France, directrice de l'unit\u00e9 \nd\u00e9partementale du Val-de-Marne et ses adjointes, Mme Sarah BERNHARD et Mme Fiona TCHANAKIAN, \n\u00e0 l'effet de signer les d\u00e9cisions de gestion des pe rsonnels vis\u00e9s dans les annexes des arr\u00eat\u00e9s du 29 \nd\u00e9cembre 2016 et du 26 d\u00e9cembre 2019 susvis\u00e9s. \n \nII. - La subd\u00e9l\u00e9gation mentionn\u00e9e au I. est \u00e9galement ac cord\u00e9e, dans la limite de leurs attributions \nrespectives, \u00e0 : \n \n\u2022 M. Didier CATTENOZ, chef du service urbanisme et construction durables et son adjointe, Mme Marie \nPRESANI ; \n\u2022 Mme G\u00e9raldine SANAUR, cheffe du service planificati on et am\u00e9nagement des territoires et ses \nadjoints, M. Olivier COMPAGNET et Mme Flora DELHOMME ; \n\u2022 M. Fran\u00e7ois BOLLENGIER, chef du service \u00e9ducation e t s\u00e9curit\u00e9 routi\u00e8res et son adjointe, Mme Sa\u00efba \nKUMAR ; \n\u2022 Mme Sonia GUILLOT, cheffe du service risques et ins tallations class\u00e9es et son adjointe, Mme Anne \nJOHANNY ; \n\u2022 M. S\u00e9bastien CUCURULO, chef du p\u00f4le v\u00e9hicules infra-r\u00e9gional Sud ; \n\u2022 Mme Nadjette BENAOUDA-GARCIA, cheffe du p\u00f4le appui au pilotage local et son adjoint, M. Fran\u00e7ois \nMALARE. \n \nArticle 20  \n \nPour l'unit\u00e9 d\u00e9partementale de Seine-et-Marne (UD 77), subd\u00e9l\u00e9gation est donn\u00e9e, dans la limite de leurs \nattributions respectives, \u00e0 Mme Agn\u00e8s COURET, cheffe de l'unit\u00e9 d\u00e9partementale de Seine et Marne, et \nses adjoints, Mme Cl\u00e9mence JAHANGIR et M. David LEROUGE, \u00e0 l'effet de signer les d\u00e9cisions de gestion \ndes personnels vis\u00e9s dans les annexes des arr\u00eat\u00e9s du 29 d\u00e9cembre 2016 et du 26 d\u00e9cembre 2019. \n \nArticle 21  \n \nPour l'unit\u00e9 d\u00e9partementale des Yvelines (UD 78), subd\u00e9l\u00e9gation de signature est donn\u00e9e, dans la limite \nde leurs attributions respectives, \u00e0 Mme Delphine D UBOIS, cheffe de l'unit\u00e9 d\u00e9partementale des \nYvelines, et \u00e0 son adjointe, Mme Marielle MUGUERRA,  \u00e0 l'effet de signer les d\u00e9cisions de gestion des \npersonnels vis\u00e9s dans les annexes des arr\u00eat\u00e9s du 29 d\u00e9cembre 2016 et du 26 d\u00e9cembre 2019. \n \nArticle 22  \n \nI. - Pour l'unit\u00e9 d\u00e9partementale de l'Essonne (UD 91), s ubd\u00e9l\u00e9gation de signature est donn\u00e9e, dans la \nlimite de leurs attributions respectives, \u00e0 M. Patrick POIRET, chef de l'unit\u00e9 d\u00e9partementale de l'Essonne, \net \u00e0 son adjointe, Mme Sophie PIERRET, \u00e0 l'effet de  signer les d\u00e9cisions de gestion des personnels vis \u00e9s \ndans les annexes des arr\u00eat\u00e9s du 29 d\u00e9cembre 2016 et du 26 d\u00e9cembre 2019. \n \nII. - La subd\u00e9l\u00e9gation mentionn\u00e9e au I. est \u00e9galement accord\u00e9e, dans la limite de ses attributions, \u00e0 : \n\u2022 M. Mathieu FERNANDEZ, r\u00e9f\u00e9rent d\u00e9partemental risques technologiques. \n \nArticle 23  \n \nPour l'unit\u00e9 d\u00e9partementale du Val-d'Oise (UD 95), subd\u00e9l\u00e9gation de signature est donn\u00e9e, dans la limite \nde leurs attributions respectives, \u00e0 M. Alexis RAFA , chef de l'unit\u00e9 d\u00e9partementale du Val-d'Oise, et \u00e0 \nDirection r\u00e9gionale et interd\u00e9partementale de l'environnement, de l'am\u00e9nagement et des transports d'\u00cele-de-France -\nIDF-2025-08-28-00011 - D\u00e9cision DRIEAT-IDF du 28 ao\u00fbt 2025 portant subd\u00e9l\u00e9gation de signature en mati\u00e8re administrative pour le\ncompte du pr\u00e9fet de la r\u00e9gion d'\u00cele-de-France\n51\n \n  13 \nson adjoint, M. Thomas BLATON, \u00e0 l'effet de signer les d\u00e9cisions de gestion des personnels vis\u00e9s dans les \nannexes des arr\u00eat\u00e9s du 29 d\u00e9cembre 2016 et du 26 d\u00e9cembre 2019. \n \nArticle 24  \n \nI. - Sont exclus des subd\u00e9l\u00e9gations vis\u00e9es dans les articles 2 \u00e0 15 : \n \n\uf0d8 Les conventions pass\u00e9es avec des collectivit\u00e9s loca les, les \u00e9tablissements publics, les op\u00e9rateurs \npublics et les agences d'urbanisme ; \n\uf0d8 Les correspondances ou avis formul\u00e9s \u00e0 l'attention des directeurs d'administration centrale ; \n\uf0d8 Les avis, propositions ou d\u00e9cisions relatifs aux ca dres sup\u00e9rieurs de la direction r\u00e9gionale et \ninterd\u00e9partementale de l'environnement, de l'am\u00e9nagement et des transports d'\u00cele-de-France ; \n\uf0d8 Les mesures de suspension des fonctions et les d\u00e9cisions d'engagement de la proc\u00e9dure disciplinaire \n\u00e0 l'\u00e9gard des agents ; \n\uf0d8 L'instruction et les actes relevant de la sanction disciplinaire, ainsi que de l'abandon de poste ; \n\uf0d8 Les avis, propositions ou d\u00e9cisions relatifs aux ca dres sup\u00e9rieurs de la direction r\u00e9gionale et \ninterd\u00e9partementale de l'environnement, de l'am\u00e9nagement et des transports d'\u00cele-de-France. \n \nII. - Sont exclues des subd\u00e9l\u00e9gations vis\u00e9es dans les ar ticles 2 \u00e0 14, sauf pour les directeurs-adjoints y \ncompris les directeurs des unit\u00e9s d\u00e9partementales : \n \n\uf0d8 Les correspondances avec les maires des communes ch efs-lieux de d\u00e9partement et les pr\u00e9sidents \nd'\u00e9tablissements publics territoriaux (EPT), de com munaut\u00e9 d'agglom\u00e9ration ou de communaut\u00e9 de \ncommunes ; \n\uf0d8 Les conventions relatives aux prestations mutualis\u00e9 es, assur\u00e9es par une entit\u00e9 de la DRIEAT pour le \ncompte d'autres directions de l'\u00c9tat en \u00cele-de-France, y compris en mati\u00e8re immobili\u00e8re. \n \nIII. - Sont exclues des subd\u00e9l\u00e9gations vis\u00e9es dans les articles 7 \u00e0 14 : \n \n\uf0d8 Les correspondances avec les parlementaires, les an ciens ministres, les conseillers r\u00e9gionaux et \nd\u00e9partementaux, les pr\u00e9sidents des associations de maires, la maire de Paris et les maires des \ncommunes chefs-lieux de d\u00e9partement ; \n\uf0d8 Les correspondances entrant dans le cadre de la n\u00e9gociation du contrat de plan \u00c9tat-r\u00e9gion ; \n \nIV. - Sont exclus des subd\u00e9l\u00e9gations vis\u00e9es aux articles ci-dessus, les m\u00e9moires en d\u00e9fense pr\u00e9sent\u00e9s au \nnom de l'\u00c9tat \u00e0 l'occasion des recours form\u00e9s devan t les juridictions administratives et n\u00e9s de l'acti vit\u00e9 \nde la direction r\u00e9gionale et interd\u00e9partementale de  l'environnement, de l'am\u00e9nagement et des \ntransports d'\u00cele-de-France, ou relevant de la d\u00e9l\u00e9gation de pouvoir consentie au pr\u00e9fet de la r\u00e9gion d'\u00cele-\nde-France en mati\u00e8re de gestion de certains personn els du minist\u00e8re de l'\u00e9cologie, du d\u00e9veloppement \ndurable, des transports et du logement par le d\u00e9cre t n\u00b0 2013-1041 du 20 novembre 2013 modifi\u00e9 et les \narr\u00eat\u00e9s du 26 d\u00e9cembre 2019 modifi\u00e9s susvis\u00e9s. Ne sont pas concern\u00e9es par cette exclusion, et ce pour \nles activit\u00e9s relevant des articles 3 \u00e0 6 ainsi que des articles 11, 13 \u00e0 22, les proc\u00e9dures d'urgence pr\u00e9vues \nau livre V du code de justice administrative. \n \nUne copie de toutes correspondances avec les autres \u00e9lus, maires, conseillers municipaux ainsi que de \ncelles concernant le contr\u00f4le de l\u00e9galit\u00e9 et les m\u00e9 moires produits dans le cadre des proc\u00e9dures \nd'urgence susmentionn\u00e9es, sera simultan\u00e9ment adress\u00e9e au pr\u00e9fet de la r\u00e9gion d'\u00cele-de-France. \n \n  \nDirection r\u00e9gionale et interd\u00e9partementale de l'environnement, de l'am\u00e9nagement et des transports d'\u00cele-de-France -\nIDF-2025-08-28-00011 - D\u00e9cision DRIEAT-IDF du 28 ao\u00fbt 2025 portant subd\u00e9l\u00e9gation de signature en mati\u00e8re administrative pour le\ncompte du pr\u00e9fet de la r\u00e9gion d'\u00cele-de-France\n52\n \n  14 \nArticle 25  \n \nLes subd\u00e9l\u00e9gations accord\u00e9es au titre de la pr\u00e9sente d\u00e9cision sont valables en cas d'int\u00e9rim exerc\u00e9 pa r \nun subd\u00e9l\u00e9gataire d\u00e9sign\u00e9 formellement par la direc trice r\u00e9gionale et interd\u00e9partementale de \nl'environnement, de l'am\u00e9nagement et des transports d'\u00cele-de-France. \n \nArticle 26  \n \nLa d\u00e9cision n\u00b0 IDF-2025-05-02-00011 du 2 mai 2025 p ortant subd\u00e9l\u00e9gation de signature en mati\u00e8re \nadministrative pour le compte du pr\u00e9fet de la r\u00e9gion d'\u00cele-de-France est abrog\u00e9e. \n \n \nArticle 27 \n \nL'adjoint \u00e0 la directrice r\u00e9gionale et interd\u00e9partementale de l'environnement, de l'am\u00e9nagement et des \ntransports d'\u00cele-de-France, charg\u00e9 du pilotage, est charg\u00e9 de l'ex\u00e9cution de la pr\u00e9sente d\u00e9cision qui sera \npubli\u00e9e au recueil des actes administratifs de la pr\u00e9fecture de la r\u00e9gion d'\u00cele-de-France. \n \n \u00c0 Paris, le 28 ao\u00fbt 2025 \nLa directrice r\u00e9gionale et interd\u00e9partementale  \nde l'environnement, de l'am\u00e9nagement  \net des transports d'\u00cele-de-France \n \n \nSign\u00e9 \n \n \nEmmanuelle GAY \nDirection r\u00e9gionale et interd\u00e9partementale de l'environnement, de l'am\u00e9nagement et des transports d'\u00cele-de-France -\nIDF-2025-08-28-00011 - D\u00e9cision DRIEAT-IDF du 28 ao\u00fbt 2025 portant subd\u00e9l\u00e9gation de signature en mati\u00e8re administrative pour le\ncompte du pr\u00e9fet de la r\u00e9gion d'\u00cele-de-France\n53\nDirection r\u00e9gionale et interd\u00e9partementale de\nl'environnement, de l'am\u00e9nagement et des\ntransports d'\u00cele-de-France\nIDF-2025-08-28-00012\nD\u00e9cision DRIEAT-IDF du 28 ao\u00fbt 2025 portant\nsubd\u00e9l\u00e9gation de signature en mati\u00e8re\nd'ordonnancement secondaire et de commande\npublique pour le compte du pr\u00e9fet de la r\u00e9gion\nd'\u00cele-de-France\nDirection r\u00e9gionale et interd\u00e9partementale de l'environnement, de l'am\u00e9nagement et des transports d'\u00cele-de-France -\nIDF-2025-08-28-00012 - D\u00e9cision DRIEAT-IDF du 28 ao\u00fbt 2025 portant subd\u00e9l\u00e9gation de signature en mati\u00e8re d'ordonnancement\nsecondaire et de commande publique pour le compte du pr\u00e9fet de la r\u00e9gion d'\u00cele-de-France\n54\nEPR\u00c9FETDE LA R\u00c9GIOND'\u00ceLE-DE-FRANCELibert\u00e9Egalit\u00e9Fraternit\u00e9\n \nDRIEAT \n21-23 rue Miollis \u2013 75  732 Paris CEDEX 15 \nT\u00e9l : +33 (0)1 40 61 80 80 \nwww.drieat.ile-de-france.developpement-durable.gouv.fr  1 \n \nDirection r\u00e9gionale et interd\u00e9partementale \nde l'environnement, de l'am\u00e9nagement \net des transports d'\u00cele-de-France \n \n \n \n \nD\u00e9cision portant subd\u00e9l\u00e9gation de signature en mati\u00e8re d'ordonnancement secondaire  \net de commande publique pour le compte du pr\u00e9fet de la r\u00e9gion d'\u00cele-de-France \n \n \nLa directrice r\u00e9gionale et interd\u00e9partementale de l'environnement, de l'am\u00e9nagement et des transports \nd'\u00cele-de-France, \n \nVu la loi organique n\u00b0  2001-692 du 1 \ner  ao\u00fbt  2001 relative aux lois de finances  ; \n \nVu le code de la commande publique  ; \n \nVu la loi n\u00b0  82-213 du 2  mars  1982 relative aux droits et libert\u00e9s des communes, des d\u00e9partements et des \nr\u00e9gions \n \nVu la loi d'orientation n\u00b0  92-125 du 6  f\u00e9vrier  1992 relative \u00e0 l'administration territoriale de la R\u00e9publique  ; \n \nVu le d\u00e9cret n\u00b0  2004-374 du 29  avril  2004 relatif aux pouvoirs des pr\u00e9fets, \u00e0 l'organisation et \u00e0 l'action des \nservices de l'\u00c9tat dans les r\u00e9gions et d\u00e9partements ; \n \nVu le d\u00e9cret n\u00b0  2004-1085 du 14  octobre  2004 relatif \u00e0 la d\u00e9l\u00e9gation de gestion dans les services de l'\u00c9tat  ; \n \nVu le d\u00e9cret n\u00b0  2005-636 du 30  mai  2005 relatif \u00e0 l'organisation de l'administration dans le domaine de \nl'eau et aux missions du pr\u00e9fet coordonnateur de bassin  ; \n \nVu le d\u00e9cret n\u00b0  2006-304 du 16  mars  2006 portant cr\u00e9ation et organisation des direction s \ninterd\u00e9partementales des routes  ; \n \nVu le d\u00e9cret n\u00b0  2010-687 du 24  juin  2010 modifi\u00e9 relatif \u00e0 l'organisation et aux missio ns des services de \nl'\u00c9tat dans la r\u00e9gion et les d\u00e9partements d'\u00cele-de-France  ; \n \nVu le d\u00e9cret n\u00b0  2012-1246 du 7  novembre  2012 relatif \u00e0 la gestion budg\u00e9taire et comptable publique  ; \n \nVu le d\u00e9cret n\u00b0  2015-510 du 7  mai  2015 portant charte de la d\u00e9concentration  ; \n \nVu le d\u00e9cret du 22  juillet  2020 portant nomination du pr\u00e9fet de la r\u00e9gion d'\u00cele-de-France, pr\u00e9fet de Paris \n(hors classe) - M. GUILLAUME (Marc)  ; \n \nVu l'arr\u00eat\u00e9 interminist\u00e9riel du 26  mai  2006 portant constitution des directions interd\u00e9partementales des \nroutes  ; \n \nDirection r\u00e9gionale et interd\u00e9partementale de l'environnement, de l'am\u00e9nagement et des transports d'\u00cele-de-France -\nIDF-2025-08-28-00012 - D\u00e9cision DRIEAT-IDF du 28 ao\u00fbt 2025 portant subd\u00e9l\u00e9gation de signature en mati\u00e8re d'ordonnancement\nsecondaire et de commande publique pour le compte du pr\u00e9fet de la r\u00e9gion d'\u00cele-de-France\n55\n \n  2 \nVu l'arr\u00eat\u00e9 du 3  septembre  2010 portant r\u00e8glement de comptabilit\u00e9 du minist\u00e8re  de l'\u00e9cologie, de \nl'\u00e9nergie, du d\u00e9veloppement durable et de la mer, en charge des technologies vertes et des n\u00e9gociations \nsur le climat, pour la d\u00e9signation d'un ordonnateur secondaire d\u00e9l\u00e9gu\u00e9  ; \n \nVu l'arr\u00eat\u00e9 du pr\u00e9fet de la r\u00e9gion d'\u00cele-de-France,  pr\u00e9fet de Paris n\u00b0  IDF-2023-02-07-00001 du \n7 f\u00e9vrier  2025 portant organisation de la direction r\u00e9gionale et interd\u00e9partementale de l'environnement, \nde l'am\u00e9nagement et des transports d'\u00cele-de-France  ; \n \nVu la d\u00e9cision n\u00b0 IDF-2025-02-25-00007 du 25  f\u00e9vrier  2025 portant organisation des services de la \ndirection r\u00e9gionale et interd\u00e9partementale l'environnement, de l'am\u00e9nagement et des transports d'\u00cele-\nde-France  ; \n \nVu l'arr\u00eat\u00e9 interminist\u00e9riel du 8  juillet  2022 portant nomination d'une directrice r\u00e9gionale et \ninterd\u00e9partementale de l'environnement, de l'am\u00e9nagement et des transports de la r\u00e9gion \u00cele-de-France  ; \n \nVu l'arr\u00eat\u00e9 du Pr\u00e9fet de la r\u00e9gion \u00cele-de-France, pr\u00e9fet de Paris n\u00b0IDF-2023-04-19-00003 du 19  avril  2023, \nportant d\u00e9l\u00e9gation de signature \u00e0 Mme Emmanuelle GAY, directrice r\u00e9gionale et interd\u00e9partementale de \nl'environnement, de l'am\u00e9nagement et des transports  d'\u00cele-de-France, en mati\u00e8re d'ordonnancement \nsecondaire et de commande publique, notamment son article 7  ; \n \nSur proposition de l'adjoint \u00e0 la directrice r\u00e9gion ale et interd\u00e9partementale de l'environnement, de \nl'am\u00e9nagement et des transports d'\u00cele-de-France, charg\u00e9 du pilotage, \n \n D\u00e9cide  : \n \nARTICLE 1 \u2013 DIRECTION \n \n1.  Subd\u00e9l\u00e9gation de signature est donn\u00e9e \u00e0  : \n \n\u2022 M. Laurent PAILLARD, directeur r\u00e9gional et interd\u00e9p artemental adjoint, charg\u00e9 des ressources \nhumaines et de la gestion des moyens, et dans les limites de leurs attributions  : \n\u2022 Mme Val\u00e9rie BELROSE, directrice r\u00e9gionale et interd \u00e9partementale adjointe charg\u00e9e de l'eau et du \nd\u00e9veloppement durable  ; \n\u2022 M. Paul WEICK, directeur r\u00e9gional et interd\u00e9partemental adjoint, charg\u00e9 de la s\u00e9curit\u00e9 des transports \net des missions de d\u00e9fense et de s\u00e9curit\u00e9  ; \n\u2022 M. Herv\u00e9 SCHMITT, directeur r\u00e9gional et interd\u00e9part emental adjoint charg\u00e9 de l'am\u00e9nagement \ndurable et des transports  ; \n\u2022 M. Jean-Marc PICARD, directeur r\u00e9gional et interd\u00e9p artemental adjoint charg\u00e9 de l'\u00e9nergie, des \nrisques et de la nature  ; \n\u2022 M. Jacques SALHI, directeur r\u00e9gional et interd\u00e9part emental adjoint, directeur des routes d'\u00cele-de-\nFrance  ; \n\u2022 M. Pascal H\u00c9RITIER, adjoint de la directrice, charg\u00e9 du pilotage  ; \n \npour  : \n \na. \u2013 Recevoir les cr\u00e9dits des programmes suivants  : \n \n\uf0d8 \u00ab Paysage, eau et biodiversit\u00e9 \u00bb (n\u00b0 113)  ; \n\uf0d8 \u00ab Urbanisme, territoires et am\u00e9lioration de l'habitat \u00bb (n\u00b0 135)  ; \n\uf0d8 \u00ab Pr\u00e9vention des risques  \u00bb (n\u00b0 181)  ; \n\uf0d8 \u00ab Infrastructures et services de transport  \u00bb (n\u00b0  203)  ; \nDirection r\u00e9gionale et interd\u00e9partementale de l'environnement, de l'am\u00e9nagement et des transports d'\u00cele-de-France -\nIDF-2025-08-28-00012 - D\u00e9cision DRIEAT-IDF du 28 ao\u00fbt 2025 portant subd\u00e9l\u00e9gation de signature en mati\u00e8re d'ordonnancement\nsecondaire et de commande publique pour le compte du pr\u00e9fet de la r\u00e9gion d'\u00cele-de-France\n56\n \n  3 \n\uf0d8 \u00ab S\u00e9curit\u00e9 et \u00e9ducation routi\u00e8res  \u00bb (n\u00b0  207)  ; \n\uf0d8 \u00ab Fonds d'acc\u00e9l\u00e9ration de la transition \u00e9cologique dans les territoires  \u00bb (n\u00b0  380). \nb. \u2013 R\u00e9partir ces cr\u00e9dits entre les services respon sables d'unit\u00e9s op\u00e9rationnelles, charg\u00e9s de leur \nex\u00e9cution. \n \nc. \u2013 Proc\u00e9der \u00e0 des r\u00e9-allocations en cours d'exercice budg\u00e9taire entre les services responsables d'unit\u00e9s \nop\u00e9rationnelles. Les r\u00e9-allocations d'un montant sup\u00e9rieur \u00e0 20  % de leur budget seront soumises au visa \npr\u00e9alable du pr\u00e9fet de r\u00e9gion d'\u00cele-de-France. \n \n2. Subd\u00e9l\u00e9gation de signature est donn\u00e9e, en mati\u00e8re d'ordonnancement secondaire, \u00e0  : \n \n\u2022 M. Laurent PAILLARD, directeur adjoint, charg\u00e9 des ressources humaines et de la gestion des moyens  ; \n\u2022 Mme Val\u00e9rie BELROSE, directrice adjointe, charg\u00e9e de l'eau et du d\u00e9veloppement durable  ; \n\u2022 M. Paul WEICK, directeur adjoint charg\u00e9 de la s\u00e9cur it\u00e9 des transports et des missions de d\u00e9fense et \nde s\u00e9curit\u00e9, chef du service s\u00e9curit\u00e9 des transports et des v\u00e9hicules  ; \n\u2022 M. Herv\u00e9 SCHMITT, directeur adjoint charg\u00e9 de l'am\u00e9nagement durable et des transports  ; \n\u2022 M. Jean-Marc PICARD directeur adjoint, charg\u00e9 de l'\u00e9nergie, des risques et de la nature  ; \n\u2022 M. Jacques SALHI, directeur adjoint, directeur des routes d'\u00cele-de-France  ; \n\u2022 M. Pascal H\u00c9RITIER, adjoint de la directrice, charg\u00e9 du pilotage, \n \n\u00e0 l'effet de signer, dans les conditions fix\u00e9es dans les arr\u00eat\u00e9s susvis\u00e9s, toute pi\u00e8ce relative \u00e0 l'exercice de \nla comp\u00e9tence d'ordonnateur secondaire d\u00e9l\u00e9gu\u00e9, tant pour les d\u00e9penses que pour les recettes, pour les \nprogrammes sus-vis\u00e9s du minist\u00e8re de la transition \u00e9cologique et de la coh\u00e9sion des territoires et du \nminist\u00e8re de la transition \u00e9nerg\u00e9tique, et pour les programmes suivants  : \n \n\uf0d8 \u00ab Paysages, eau et biodiversit\u00e9 \u00bb (n\u00b0 113)  ; \n\uf0d8 \u00ab Urbanisme, territoire et am\u00e9lioration de l'habitat  \u00bb (n\u00b0 135)  ; \n\uf0d8 \u00ab Fonction publique  \u00bb (n\u00b0  148)  ; \n\uf0d8 \u00ab Expertise, information g\u00e9ographique et m\u00e9t\u00e9orologie \u00bb (n\u00b0  159)  ; \n\uf0d8 \u00ab Energie, climat et apr\u00e8s-mines  \u00bb (n\u00b0  174)  ; \n\uf0d8 \u00ab Pr\u00e9vention des risques  \u00bb (n\u00b0  181)  ; \n\uf0d8 \u00ab Infrastructures et services de transport  \u00bb (n\u00b0  203)  ; \n\uf0d8 \u00ab S\u00e9curit\u00e9 et \u00e9ducation routi\u00e8res  \u00bb (n\u00b0  207)  ; \n\uf0d8 \u00ab Conduite et pilotage des politiques de l'int\u00e9rieur  \u00bb (n\u00b0  216) (UO \u00ab  convergence de l'action sociale \nr\u00e9gionale  \u00bb) ; \n\uf0d8 \u00ab Conduite et pilotage des politiques de l'\u00e9cologie, du d\u00e9veloppement et de la mobilit\u00e9 durables  \u00bb \n(n\u00b0  217)  ; \n\uf0d8 \u00ab Sports  \u00bb (n\u00b0  219)  ; \n\uf0d8 \u00ab Performance et r\u00e9silience des b\u00e2timents de l'\u00c9tat et de ses op\u00e9rateurs  \u00bb (n\u00b0  348) \n\uf0d8 \u00ab Administration territoriale de l'\u00c9tat  \u00bb (n\u00b0  354) ; \n\uf0d8 \u00ab \u00c9cologie  \u00bb (n\u00b0  362)   ; \n\uf0d8 \u00ab Comp\u00e9titivit\u00e9  \u00bb (n\u00b0  363) \n\uf0d8 \u00ab Coh\u00e9sion  \u00bb (n\u00b0  364)  ; \n\uf0d8 \u00ab Fonds d'acc\u00e9l\u00e9ration de la transition \u00e9cologique dans les territoires (n\u00b0  380)  ; \n\uf0d8 \u00ab Op\u00e9rations immobili\u00e8res et entretien des b\u00e2timents de l'\u00c9tat  \u00bb (n\u00b0  723). \n \nPour les programmes n\u00b0  354, n\u00b0  362 (volet immobilier public) n\u00b0  363, n\u00b0  723, n\u00b0  348 et n\u00b0  216, toute \nd\u00e9pense sup\u00e9rieure \u00e0 400  000  \u20ac HT devra faire l'objet d'un visa pr\u00e9alable du pr\u00e9 fet de la r\u00e9gion \u00cele-de-\nFrance, en application de l'article 3 de l'arr\u00eat\u00e9 de d\u00e9l\u00e9gation de signature en mati\u00e8re d'ordonnancement \nsecondaire susvis\u00e9. \n \nDirection r\u00e9gionale et interd\u00e9partementale de l'environnement, de l'am\u00e9nagement et des transports d'\u00cele-de-France -\nIDF-2025-08-28-00012 - D\u00e9cision DRIEAT-IDF du 28 ao\u00fbt 2025 portant subd\u00e9l\u00e9gation de signature en mati\u00e8re d'ordonnancement\nsecondaire et de commande publique pour le compte du pr\u00e9fet de la r\u00e9gion d'\u00cele-de-France\n57\n \n  4 \n3. Subd\u00e9l\u00e9gation de signature est \u00e9galement donn\u00e9e  \u00e0 M. Laurent PAILLARD, Mme Val\u00e9rie BELROSE, M. \nPaul WEICK, M. Herv\u00e9 SCHMITT, M. Jean-Marc PICARD et M. Jacques SALHI, directeurs adjoints, ainsi qu'\u00e0 \nM.  Pascal H\u00c9RITIER adjoint \u00e0 la directrice, pour signer toute pi\u00e8ce relative \u00e0 la passation et \u00e0 l'ex\u00e9cution \ndes march\u00e9s publics et des accords-cadres, en mati\u00e8 re de travaux, fournitures, \u00e9tudes et services, y \ncompris les arr\u00eat\u00e9s relatifs \u00e0 la composition et au mode de fonctionnement des jurys de concours. \n \n4.  Pour les subventions d'un montant de 23  000 euros et plus, la subd\u00e9l\u00e9gation de signature consentie au \nparagraphe 1 du pr\u00e9sent article porte sur les cr\u00e9di ts du titre VI des programmes n\u00b0  113, n\u00b0  159, n\u00b0  174, \nn\u00b0  181, n\u00b0  217 , n\u00b0  135, n\u00b0  354 et n\u00b0  380 sous r\u00e9serve d'informer au pr\u00e9alable le pr\u00e9fet de la r\u00e9gion d'\u00cele-de-\nFrance des pr\u00e9visions d'attribution desdites subventions. \n \n\u00c0 cet effet, un tableau pr\u00e9visionnel d'attribution des subventions, pr\u00e9cisant les organismes b\u00e9n\u00e9ficiaires \net les montants propos\u00e9s pour chacun d'entre eux, s era transmis par la direction r\u00e9gionale et \ninterd\u00e9partementale de l'environnement, de l'am\u00e9nag ement et des transports, autant de fois que \nn\u00e9cessaire et avant la signature des conventions par les b\u00e9n\u00e9ficiaires. \n \n \nARTICLE 2 \u2013 SIGNATURE \u00c9LECTRONIQUE \n \nLes personnes disposant de la subd\u00e9l\u00e9gation de sign ature, en vertu de la pr\u00e9sente d\u00e9cision, sont aussi  \nhabilit\u00e9es \u00e0 recourir \u00e0 la signature \u00e9lectronique. Pour les agents figurant dans le tableau du paragraphe 2 \nde chaque sous-article concernant la DiRIF ou de ch aque article pour les autres services, le recours \u00e0  la \nsignature \u00e9lectronique est accord\u00e9 sans limitation de montant pour valider la demande d'avis sur projet \nde march\u00e9 destin\u00e9e au Responsable minist\u00e9riel des achats (RMA). \n \nARTICLE 3 \u2013 CABINET ET COMMUNICATION \n \n1.  La subd\u00e9l\u00e9gation de signature du pr\u00e9sent article porte sur les programmes  : \n\uf0d8 \u00ab Infrastructures et services de transport  \u00bb (n\u00b0 203) (cr\u00e9dits communication)  ; \n\uf0d8 \u00ab Administration territoriale de l'\u00c9tat  \u00bb (n\u00b0 354). \n \n2. Subd\u00e9l\u00e9gation est donn\u00e9e \u00e0 l'effet de signer, dans les conditions fix\u00e9es dans les arr\u00eat\u00e9s susvis\u00e9s et dans \nles limites de leurs attributions et comp\u00e9tences, t oute pi\u00e8ce relative \u00e0 l'exercice de la comp\u00e9tence \nd'ordonnateur secondaire d\u00e9l\u00e9gu\u00e9 pour les d\u00e9penses, \u00e0  :  \n \n\u2022 Mme Agathe BALTZER, directrice de cabinet  ; \n\u2022 Mme St\u00e9phanie CARVALHEIRO, directrice de la communication  ; \n\u2022 Mme Magali MAUGER, directrice adjointe de la communication  ;  \n\u2022 Mme H\u00e9l\u00e8ne LAMBERT, directrice de la communication d\u00e9l\u00e9gu\u00e9e, cheffe de la mission \ncommunication. \n \n3.  Subd\u00e9l\u00e9gation est donn\u00e9e aux personnes d\u00e9sign\u00e9es d ans le pr\u00e9sent article, \u00e0 l'effet de signer les \ncommandes, quel que soit leur montant, prises dans le cadre de march\u00e9s \u00e0 bons de commandes relevant \nde leurs attributions. \n \nARTICLE 4 \u2013 DIRECTION DES ROUTES D'\u00ceLE-DE-FRANCE \n \n1. La subd\u00e9l\u00e9gation de signature du pr\u00e9sent article porte sur  : \n \na. \u2013 Les programmes du minist\u00e8re de la transition \u00e9 cologique et de la coh\u00e9sion des territoires et du \nminist\u00e8re de la transition \u00e9nerg\u00e9tique : \n\uf0d8 \u00ab Infrastructures et services de transport  \u00bb (n\u00b0 203)  ; \nDirection r\u00e9gionale et interd\u00e9partementale de l'environnement, de l'am\u00e9nagement et des transports d'\u00cele-de-France -\nIDF-2025-08-28-00012 - D\u00e9cision DRIEAT-IDF du 28 ao\u00fbt 2025 portant subd\u00e9l\u00e9gation de signature en mati\u00e8re d'ordonnancement\nsecondaire et de commande publique pour le compte du pr\u00e9fet de la r\u00e9gion d'\u00cele-de-France\n58\n \n  5 \n\uf0d8 \u00ab Conduite et pilotage des politiques de l'\u00e9cologie, du d\u00e9veloppement et de la mobilit\u00e9 durables  \u00bb \n(n\u00b0 217)  ; \n\uf0d8 \u00ab \u00c9cologie  \u00bb (n\u00b0 362) ; \n\uf0d8 \u00ab Coh\u00e9sion  \u00bb (n\u00b0 364)  ; \n \nb. \u2013 Le programme du minist\u00e8re de l'int\u00e9rieur  : \u00ab S\u00e9curit\u00e9 et \u00e9ducation routi\u00e8res  \u00bb (n\u00b0  207). \n \nc. \u2013 Le programme du minist\u00e8re de l'\u00e9conomie, des f inances et de la souverainet\u00e9 industrielle et \nnum\u00e9rique  : \u00ab Performance et r\u00e9silience des b\u00e2timents de l'\u00c9tat et de ses op\u00e9rateurs  \u00bb (n\u00b0 348). \n \n2. Subd\u00e9l\u00e9gation est donn\u00e9e \u00e0  M. Jacques SALHI, directeur r\u00e9gional et interd\u00e9part emental adjoint, \ndirecteur des routes d'\u00cele-de-France, \u00e0 M. J\u00e9r\u00f4me R OQUES, directeur adjoint des routes d'\u00cele-de-France  \net \u00e0 Mme Sophie DUPAS, directrice adjointe exploitation et entretien \u00e0 l'effet de signer  : \n\uf0d8 dans les conditions fix\u00e9es dans les arr\u00eat\u00e9s susvis\u00e9s, toute pi\u00e8ce relative \u00e0 l'exercice de la comp\u00e9tence \nd'ordonnateur secondaire d\u00e9l\u00e9gu\u00e9, tant pour les d\u00e9penses que pour les recettes, dans le cadre de ses \nattributions et comp\u00e9tences  ; \n\uf0d8 toutes les pi\u00e8ces relatives \u00e0 la passation et \u00e0 l'ex\u00e9cution des march\u00e9s publics et accords-cadres.  \n \nARTICLE 4-1 \u2013 MISSION DE LA POLITIQUE ET DES MOYENS  DE L'EXPLOITATION \n \nParagraphe 1 \u2013 Ordonnancement secondaire \n \n1.  La subd\u00e9l\u00e9gation de signature du pr\u00e9sent paragraph e porte sur le programme du minist\u00e8re de la \ntransition \u00e9cologique et de la coh\u00e9sion des territo ires et du minist\u00e8re de la transition \u00e9nerg\u00e9tique  : \n\u00ab Infrastructures et services de transport  \u00bb (n\u00b0 203)  ; \n \n2. Subd\u00e9l\u00e9gation est donn\u00e9e \u00e0 M. Jean-Fran\u00e7ois TARISTA S, chef de la mission de la politique et des \nmoyens de l'exploitation, \u00e0 l'effet de signer, dans le cadre de ses attributions et comp\u00e9tences et dans les \nconditions fix\u00e9es dans les arr\u00eat\u00e9s susvis\u00e9s, toute pi\u00e8ce relative \u00e0 l'exercice de la comp\u00e9tence \nd'ordonnateur secondaire, tant pour les d\u00e9penses que pour les recettes. \n \n3. Subd\u00e9l\u00e9gation est donn\u00e9e \u00e0 Mme Sarah CASIMIR, res ponsable m\u00e9thode, qualit\u00e9 et politique \nd'exploitation, \u00e0 l'effet de signer, dans le cadre de ses attributions et comp\u00e9tences, les proposition s \nd'engagement, les pi\u00e8ces relatives \u00e0 la constatatio n de la d\u00e9pense et les ordres de payer relatifs aux  \nd\u00e9penses. \n \n4.  Subd\u00e9l\u00e9gation est donn\u00e9e \u00e0 M. Jean-Fran\u00e7ois BERNAU ER-BUSSIER, adjoint au chef de la mission de la \npolitique et des moyens d'exploitation, \u00e0 l'effet d e signer, dans le cadre de ses attributions et \ncomp\u00e9tences, les propositions d'engagement, les pi\u00e8ces relatives \u00e0 la constatation de la d\u00e9pense et le s \nordres de payer relatifs aux d\u00e9penses. \n \n \nParagraphe 2 \u2013 Passation et ex\u00e9cution des march\u00e9s publics et accords-cadres \n \n1.  Subd\u00e9l\u00e9gation de signature est consentie \u00e0 la pers onne d\u00e9sign\u00e9e ci-apr\u00e8s, dans la limite de ses \nattributions et des montants indiqu\u00e9s ci-dessous, pour signer toutes les pi\u00e8ces relatives \u00e0 la passation et \nl'ex\u00e9cution des march\u00e9s publics et des accords-cadres  : \n \nDirection r\u00e9gionale et interd\u00e9partementale de l'environnement, de l'am\u00e9nagement et des transports d'\u00cele-de-France -\nIDF-2025-08-28-00012 - D\u00e9cision DRIEAT-IDF du 28 ao\u00fbt 2025 portant subd\u00e9l\u00e9gation de signature en mati\u00e8re d'ordonnancement\nsecondaire et de commande publique pour le compte du pr\u00e9fet de la r\u00e9gion d'\u00cele-de-France\n59\n \n  6 \n \nNOM ET FONCTION \nSuppl\u00e9ant en cas \nd'absence ou \nd'emp\u00eachement \nPassation et ex\u00e9cution \ndes march\u00e9s et accords-cadres \nen montant HT maximum \nJean-Fran\u00e7ois TARISTAS, \nchef de la mission de la \npolitique et des moyens de \nl'exploitation \nJean-Fran\u00e7ois \nBERNAUER-BUSSIER, \nadjoint au chef de la \nmission \nTravaux 1  000  000  \u20ac \nFournitures, \u00e9tudes et \nservices \n250  000  \u20ac\n \n \n2.  Subd\u00e9l\u00e9gation de signature est donn\u00e9e \u00e0 M. Jean-Fran\u00e7ois TARISTAS et \u00e0 son adjoint, M. Jean-Fran\u00e7ois \nBERNAUER-BUSSIER, \u00e0 l'effet de signer dans la limit e de ses attributions, pour les march\u00e9s publics et \naccords-cadres dont le montant d\u00e9passe les seuils mentionn\u00e9s au point 1 du pr\u00e9sent paragraphe, toute \npi\u00e8ce relative \u00e0 leur ex\u00e9cution, \u00e0 l'exclusion des pi\u00e8ces mentionn\u00e9es ci-apr\u00e8s  : \n\uf0d8 rapport de pr\u00e9sentation  ; \n\uf0d8 d\u00e9cision d'attribution d'un march\u00e9 et lettre de rejet d'une offre  ; \n\uf0d8 acte d'engagement  ; \n\uf0d8 avenant ou acte modificatif  ; \n\uf0d8 d\u00e9cision d'affermissement de tranche conditionnelle ou optionnelle  ; \n\uf0d8 d\u00e9cision de reconduction ou non reconduction  ; \n\uf0d8 d\u00e9cision de r\u00e9siliation  ; \n\uf0d8 d\u00e9cision d'ajournement. \n \nDans l'hypoth\u00e8se o\u00f9 le montant initial du march\u00e9 es t augment\u00e9 (avenant \u00e0 incidences financi\u00e8res), le \nseuil est appr\u00e9ci\u00e9 sur le montant total du march\u00e9 public ou accord-cadre, apr\u00e8s augmentation. \n \n3. Subd\u00e9l\u00e9gation est donn\u00e9e \u00e0 Mme Sarah CASIMIR, \u00e0 l'effet de signer, dans le cadre de ses attributions \net comp\u00e9tences, pour les op\u00e9rations routi\u00e8res, tout e pi\u00e8ce relative \u00e0 la passation et l'ex\u00e9cution des \nmarch\u00e9s de montant inf\u00e9rieur ou \u00e9gal \u00e0 25  000  \u20ac HT (seuil \u00e0 appr\u00e9cier sur le montant total du march \u00e9, \nen int\u00e9grant le montant des avenants \u00e0 incidence financi\u00e8re quand ils existent) et les bons de commande \nd'un montant inf\u00e9rieur ou \u00e9gal \u00e0 25  000  \u20ac HT pour chaque commande dans le cadre des march\u00e9s \u00e0 bons \nde commande. \n \nARTICLE 4-2 \u2013 LE SERVICE DE MODERNISATION DU R\u00c9SEAU  \n \nParagraphe 1 \u2013 Ordonnancement secondaire \n \n1. La subd\u00e9l\u00e9gation de signature du pr\u00e9sent paragraphe  porte sur les programmes du minist\u00e8re de la \ntransition \u00e9cologique et de la coh\u00e9sion des territo ires et du minist\u00e8re de la transition \u00e9nerg\u00e9tique :  \n\u00ab Infrastructures et services de transport  \u00bb (n\u00b0 203). \n \n2.  Subd\u00e9l\u00e9gation est donn\u00e9e \u00e0 M. R\u00e9my MENSIRE, chef d u service de modernisation du r\u00e9seau et \u00e0 son \nadjointe, Mme Emmanuelle PAGES, \u00e0 l'effet de signer, dans le cadre de leurs attributions et comp\u00e9tences \net dans les conditions fix\u00e9es dans les arr\u00eat\u00e9s susvis\u00e9s, toute pi\u00e8ce relative \u00e0 l'exercice de la comp\u00e9tence \nd'ordonnateur secondaire, tant pour les d\u00e9penses que pour les recettes. \n \n3. Subd\u00e9l\u00e9gation est donn\u00e9e, aux personnes d\u00e9sign\u00e9es c i-apr\u00e8s, \u00e0 l'effet de signer dans les conditions \nfix\u00e9es dans les arr\u00eat\u00e9s susvis\u00e9s, dans le cadre de leurs attributions et comp\u00e9tences, les propositions  \nd'engagement, les pi\u00e8ces relatives \u00e0 la constatatio n de la d\u00e9pense et les ordres de payer relatifs aux  \nd\u00e9penses  : \n \n\u2022 M. Guillaume BENNET, chef du d\u00e9partement de modernisation du r\u00e9seau Sud-Ouest ;  \n\u2022 M. R\u00e9gis BOST, adjoint au chef du d\u00e9partement de modernisation du r\u00e9seau Sud-Ouest  ; \nDirection r\u00e9gionale et interd\u00e9partementale de l'environnement, de l'am\u00e9nagement et des transports d'\u00cele-de-France -\nIDF-2025-08-28-00012 - D\u00e9cision DRIEAT-IDF du 28 ao\u00fbt 2025 portant subd\u00e9l\u00e9gation de signature en mati\u00e8re d'ordonnancement\nsecondaire et de commande publique pour le compte du pr\u00e9fet de la r\u00e9gion d'\u00cele-de-France\n60\n \n  7 \n\u2022 M. \u00c9ric VILBE, chef du d\u00e9partement de modernisation du r\u00e9seau Est ;  \n\u2022 Mme Florence DERUMIGNY, adjointe au chef du d\u00e9partement de modernisation du r\u00e9seau Est  ; \n\u2022 M. Antoine CHEVALIER, chef du d\u00e9partement de la modernisation du r\u00e9seau Nord  ; \n\u2022 M. Ludovic MARIA, adjoint au chef du d\u00e9partement de la modernisation du r\u00e9seau Nord  ; \n\u2022 M. Christophe DESNOUAILLES, chef du d\u00e9partement des \u00e9tudes g\u00e9n\u00e9rales et des voies r\u00e9serv\u00e9es.  \n \nL'ordonnancement des d\u00e9penses n\u00e9cessaires aux acquisitions fonci\u00e8res est exclu de la subd\u00e9l\u00e9gation de \nsignature accord\u00e9e aux agents cit\u00e9s dans le pr\u00e9sent point 3 du paragraphe 1. \n \n4.  Subd\u00e9l\u00e9gation de signature est donn\u00e9e, aux personn es d\u00e9sign\u00e9es ci-apr\u00e8s, \u00e0 l'effet de signer dans les  \nconditions fix\u00e9es dans les arr\u00eat\u00e9s susvis\u00e9s, dans l e cadre de leurs attributions et comp\u00e9tences, les \npropositions d'engagement, les pi\u00e8ces relatives \u00e0 l a constatation de la d\u00e9pense et les ordres de payer  \nrelatifs aux d\u00e9penses  : \n \n\u2022 Mme Marie BUISSON, cheffe du bureau programmation, gestion et ordonnancement  ; \n\u2022 Mme La\u00ebtitia PINCHAULT, cheffe du p\u00f4le paiement  ; \n\u2022  \nParagraphe 2 \u2013 Passation et ex\u00e9cution des march\u00e9s publics et accords-cadres \n \n1.  Subd\u00e9l\u00e9gation est donn\u00e9e aux personnes d\u00e9sign\u00e9es ci-apr\u00e8s, dans la limite de leurs attributions et des \nmontants indiqu\u00e9s ci-dessous, \u00e0 l'effet de signer t outes les pi\u00e8ces relatives \u00e0 la passation et l'ex\u00e9c ution \ndes march\u00e9s publics et des accords-cadres  : \n \n \nNOM ET FONCTION \nSuppl\u00e9ant en cas \nd'absence ou \nd'emp\u00eachement \nPassation et ex\u00e9cution \ndes march\u00e9s et accords-cadres \nen montant HT maximum \nR\u00e9my MENSIRE, chef du SMR  Emmanuelle PAGES, \nadjointe au chef du SMR \nTravaux 3  000  000  \u20ac\n \nFournitures, \u00e9tudes et services 750  000  \u20ac \nGuillaume BENNET, chef du \nDMRSO \nR\u00e9gis BOST, adjoint au \nchef du DMRSO \nTravaux 250  000  \u20ac\n \nFournitures, \u00e9tudes et services 143  000  \u20ac \n\u00c9ric VILBE, chef du DMRE Florence DERUMIGNY, \nadjointe au chef du \nDMRE \nTravaux 250  000  \u20ac\n \nFournitures, \u00e9tudes et services 143 000  \u20ac \nAntoine CHEVALIER, chef du \nDMRNo \nLudovic MARIA, adjoint \nau chef du DMRNo \nTravaux 250  000  \u20ac\n \nFournitures, \u00e9tudes et services 143 000  \u20ac \nChristophe DESNOUAILLES, \nchef du DEGVR \n Travaux 250  000  \u20ac\n \nFournitures, \u00e9tudes et services 143  000  \u20ac \n \nDans l'hypoth\u00e8se o\u00f9 le montant initial du march\u00e9 es t augment\u00e9 (avenant \u00e0 incidences financi\u00e8res), le \nseuil est appr\u00e9ci\u00e9 sur le montant total du march\u00e9 public ou accord-cadre, apr\u00e8s augmentation. \n \nLes seuils susmentionn\u00e9s concernent \u00e9galement la pa ssation et l'ex\u00e9cution des march\u00e9s subs\u00e9quents \n(march\u00e9s initiaux et avenants) aux accords-cadres correspondants. \n \n2.  Subd\u00e9l\u00e9gation est donn\u00e9e \u00e0 M. R\u00e9my MENSIRE et \u00e0 Mm e Emmanuelle PAGES, \u00e0 l'effet de signer dans \nla limite de leurs attributions, pour les march\u00e9s p ublics et accords-cadres dont le montant d\u00e9passe le s \nseuils mentionn\u00e9s au point 1 du pr\u00e9sent paragraphe,  toute pi\u00e8ce relative \u00e0 leur ex\u00e9cution, \u00e0 l'exclusi on \ndes pi\u00e8ces mentionn\u00e9es ci-apr\u00e8s  : \nDirection r\u00e9gionale et interd\u00e9partementale de l'environnement, de l'am\u00e9nagement et des transports d'\u00cele-de-France -\nIDF-2025-08-28-00012 - D\u00e9cision DRIEAT-IDF du 28 ao\u00fbt 2025 portant subd\u00e9l\u00e9gation de signature en mati\u00e8re d'ordonnancement\nsecondaire et de commande publique pour le compte du pr\u00e9fet de la r\u00e9gion d'\u00cele-de-France\n61\n \n  8 \n\u2013 rapport de pr\u00e9sentation  ; \n\u2013 d\u00e9cision d'attribution d'un march\u00e9 et lettre de rejet d'une offre  ; \n\u2013 acte d'engagement  ; \n\u2013 avenant ou acte modificatif  ; \n\u2013 d\u00e9cision d'affermissement de tranche conditionnelle ou optionnelle  ; \n\u2013 d\u00e9cision de reconduction ou non reconduction  ; \n\u2013 d\u00e9cision de r\u00e9siliation  ; \n\u2013 d\u00e9cision d'ajournement. \n \nDans l'hypoth\u00e8se o\u00f9 le montant initial du march\u00e9 es t augment\u00e9 (avenant \u00e0 incidences financi\u00e8res), le \nseuil est appr\u00e9ci\u00e9 sur le montant total du march\u00e9 public ou accord-cadre, apr\u00e8s augmentation. \n \n3.  Subd\u00e9l\u00e9gation de signature est donn\u00e9e aux agents cit\u00e9s au point 1 du pr\u00e9sent paragraphe \u00e0 l'effet de \nsigner, dans le cadre de leurs attributions et comp \u00e9tences, les d\u00e9cisions d'agr\u00e9ments de sous-traitant s, \nles d\u00e9cisions de r\u00e9ception avec ou sans r\u00e9serves, l es d\u00e9comptes g\u00e9n\u00e9raux ainsi que les pi\u00e8ces li\u00e9es, d es \nmarch\u00e9s publics de montants sup\u00e9rieurs aux seuils mentionn\u00e9s au point 1 du pr\u00e9sent paragraphe. \n \n4.  Subd\u00e9l\u00e9gation de signature est donn\u00e9e aux agents cit\u00e9s au point 1 du pr\u00e9sent paragraphe \u00e0 l'effet de \nsigner, dans le cadre de leurs attributions et comp\u00e9tences, les bons de commande d'un montant inf\u00e9rieur \nou \u00e9gal \u00e0 500  000  \u20ac HT pour chaque commande prise pour une op\u00e9ration d'investissement routier dans \nle cadre de march\u00e9s \u00e0 bons de commandes. Dans le ca s o\u00f9 il est sup\u00e9rieur \u00e0 500  000  \u20ac HT, c'est le \nmontant sp\u00e9cifi\u00e9 dans le tableau du point 1 du pr\u00e9sent paragraphe qui s'applique \u00e0 la subd\u00e9l\u00e9gation du \npr\u00e9sent point 3. \n \n5.  Subd\u00e9l\u00e9gation de signature est donn\u00e9e aux personnes figurant ci-apr\u00e8s \u00e0 l'effet de signer, dans le cadre \nde leurs attributions et comp\u00e9tences, pour les op\u00e9rations routi\u00e8res, toute pi\u00e8ce relative \u00e0 la passation et \nl'ex\u00e9cution des march\u00e9s de montant inf\u00e9rieur ou \u00e9ga l \u00e0 25  000  \u20ac HT (seuil \u00e0 appr\u00e9cier sur le montant \ntotal du march\u00e9, en int\u00e9grant le montant des avenan ts \u00e0 incidence financi\u00e8re quand ils existent) et le s \nbons de commande d'un montant inf\u00e9rieur ou \u00e9gal \u00e0 25  000  \u20ac HT pour chaque commande dans le cadre \ndes march\u00e9s \u00e0 bons de commande  : \n\uf020\n\uf0a7 pour le d\u00e9partement de la modernisation du r\u00e9seau (DMR)  Sud-Ouest : \n \n\u2022 M. Jean-Marc CITADELLE, responsable d'op\u00e9rations  ; \n\u2022 M. Jean-Fran\u00e7ois GUILLAUMIN, responsable d'op\u00e9rations  ; \n\u2022 M. Yannis CHAPUY, responsable d'op\u00e9rations  ; \n\u2022 Mme Nolwenn SOURIMANT, responsable d'op\u00e9rations. \n \n\uf0a7 pour le d\u00e9partement de modernisation du r\u00e9seau (DMR) Est  : \n \n\u2022 Mme Carole VIALA, responsable d'op\u00e9rations  ; \n\u2022 M. Simon BASSET, responsable d'op\u00e9rations ; \n\u2022 Mme Pauline DJAN, responsable d'op\u00e9rations ; \n\u2022 M. Alain CARRER, responsable d'op\u00e9rations ; \n \n\uf0a7 pour le d\u00e9partement de la modernisation du r\u00e9seau (DMR) Nord  : \n \n\u2022 M. Rolin MARQUES, responsable d'op\u00e9rations  ; \n\u2022 Mme Tessa HEITZMANN, responsable d'op\u00e9rations  ; \n\u2022 M. Alexandre POULTIER, responsable d'op\u00e9rations  ; \n\u2022 M. Ga\u00ebl RADIGOIS, responsable d'op\u00e9rations  ; \n\u2022 Mme Cordy BEMBELLY, responsable d'op\u00e9rations. \nDirection r\u00e9gionale et interd\u00e9partementale de l'environnement, de l'am\u00e9nagement et des transports d'\u00cele-de-France -\nIDF-2025-08-28-00012 - D\u00e9cision DRIEAT-IDF du 28 ao\u00fbt 2025 portant subd\u00e9l\u00e9gation de signature en mati\u00e8re d'ordonnancement\nsecondaire et de commande publique pour le compte du pr\u00e9fet de la r\u00e9gion d'\u00cele-de-France\n62\n \n  9 \n \n\uf0a7 pour le d\u00e9partement des \u00e9tudes g\u00e9n\u00e9rales et des voies r\u00e9serv\u00e9es  : \n \n\u2022 M. Yahya NAIT SRIR, responsable d'op\u00e9rations  ; \n\u2022 M. Hugo FOURNEL, responsables d'op\u00e9rations ; \n\u2022 M. Loris AGUENI, responsable d'op\u00e9rations. \n \n\uf0a7 pour le bureau des affaires fonci\u00e8res  : \n \n\u2022 Mme Micheline LEHOUX, cheffe du bureau des affaires fonci\u00e8res  ; \n\u2022 M. Salman BENKHEIRA, adjoint \u00e0 la cheffe du bureau des affaires fonci\u00e8res \n \nARTICLE 4-3 \u2013 LE SERVICE DU TRAFIC ET DES TUNNELS \n \nParagraphe 1 \u2013 Ordonnancement secondaire \n \n1.  La subd\u00e9l\u00e9gation de signature du pr\u00e9sent paragraph e porte sur le programme du minist\u00e8re de la \ntransition \u00e9cologique et de la coh\u00e9sion des territo ires et du minist\u00e8re de la transition \u00e9nerg\u00e9tique  : \n\u00ab Infrastructures et services de transport  \u00bb (n\u00b0 203).  \n \n2.  Subd\u00e9l\u00e9gation de signature est donn\u00e9e, aux personn es d\u00e9sign\u00e9es ci-apr\u00e8s, \u00e0 l'effet de signer, dans le  \ncadre de leurs attributions et comp\u00e9tences et dans les conditions fix\u00e9es dans les arr\u00eat\u00e9s susvis\u00e9s, le s \npropositions d'engagement, les pi\u00e8ces relatives \u00e0 l a constatation de la d\u00e9pense et les ordres de payer  \nrelatifs aux d\u00e9penses  : \n \n\u2022 M. Pierre-Baptiste DELPUECH, chef du service du trafic et des tunnels  ; \n\u2022 M. Jonathan COL\u00c9, adjoint au chef du service du trafic et des tunnels  ; \n\u2022 M. Cl\u00e9ment MORIN, chef du d\u00e9partement de l'ing\u00e9nierie et de la modernisation des \u00e9quipements et \ndes tunnels (DIMET)  ; \n\u2022 M. Wahbi YAKOUBI, adjoint au chef du d\u00e9partement de  l'ing\u00e9nierie et de la modernisation des \n\u00e9quipements et des tunnels  ; \n\u2022 Mme S\u00e9verine CARPENTIER, cheffe du d\u00e9partement de l'exploitation du trafic et des tunnels (DETT), \n\u00e0 partir du 1er f\u00e9vrier 2025 ; \n\u2022 M. Olivier NALIN, adjoint au chef du d\u00e9partement de l'exploitation du trafic et des tunnels (DETT)  ; \n\u2022 M. Quentin LABRUE, adjoint au chef du d\u00e9partement de l'exploitation du trafic et des tunnels (DETT). \n \n3.  Subd\u00e9l\u00e9gation de signature est donn\u00e9e, aux personn es d\u00e9sign\u00e9es ci-apr\u00e8s, \u00e0 l'effet de signer, dans le  \ncadre de leurs attributions et comp\u00e9tences, les pro positions d'engagement, les pi\u00e8ces relatives \u00e0 la \nconstatation de la d\u00e9pense et les ordres de payer relatifs aux d\u00e9penses : \n \n\uf06e pour le d\u00e9partement de l'ing\u00e9nierie et de la modernisation des \u00e9quipements et des tunnels  : \n \n\u2022 M. Alain BARNABAS, chef de projet  ; \n\u2022 M. Marc-Michel MERRIN, chef de projet  ; \n\u2022 M. Serge ANGELERGUES, chef de projet, \n\u2022 M. Ghislain Tshiamuanda KANIKI, responsable d'op\u00e9rations, \n\u2022 M. Matthieu KURZENNE, responsable d'op\u00e9rations, \n\u2022 M. Martin HAMME, responsable d'op\u00e9rations  ; \n\u2022 M. Alexandre BARAGNON, responsable d'op\u00e9rations  ;  \n\u2022 M. Iyed TRABELSI, responsable d'op\u00e9rations ; \n\u2022 M. Enzo GOZOLLI, responsable d'op\u00e9rations. \nDirection r\u00e9gionale et interd\u00e9partementale de l'environnement, de l'am\u00e9nagement et des transports d'\u00cele-de-France -\nIDF-2025-08-28-00012 - D\u00e9cision DRIEAT-IDF du 28 ao\u00fbt 2025 portant subd\u00e9l\u00e9gation de signature en mati\u00e8re d'ordonnancement\nsecondaire et de commande publique pour le compte du pr\u00e9fet de la r\u00e9gion d'\u00cele-de-France\n63\n \n  10 \n \n\uf06e pour le d\u00e9partement de l'exploitation du trafic et des tunnels  : \n \n\u2022 M. Alexandre ROSSI, responsable de l'unit\u00e9 observatoire et ing\u00e9nierie du trafic, et son adjoint M. Marc \nRIVIERE ; \n\u2022 M. Nicolas BERNARD, chef du l'unit\u00e9 coordination du  trafic et information routi\u00e8re, et ses adjoints, \nM. Marc KOENIG, et M. David THOMACHOT  ; \n\u2022 M. Arnaud IFFLY, chef de l'unit\u00e9 politique de maintenance et de modernisation et son adjointe, Mme \nJeanne BATA  ; \n\u2022 M. Jo\u00ebl CELINAIN, responsable administratif et de gestion ; \n\u2022 M. Antoine PERRAIS, chef de l'unit\u00e9 informatique et r\u00e9seaux centraux. \n\u2022 M. David QUINTANS, adjoint au chef de l'unit\u00e9 informatique et r\u00e9seaux centraux  ; \n\u2022 M. Hassan BELKACEM, chef du poste de contr\u00f4le trafi c et tunnels (PCTT) Nord et son adjoint M. \nPhilippe THULLIER, en charge de l'exploitation ; \n\u2022 Mme Aude COVIN, cheffe du poste de contr\u00f4le trafic et tunnels (PCTT) Ouest  ;  \n\u2022 M. Jean-Bernard GAUQUELIN, adjoint \u00e0 la cheffe du poste de contr\u00f4le trafic et tunnels, en charge de \nl'exploitation  ; \n\u2022 M. C\u00e9dric LALLEMANT, adjoint \u00e0 la cheffe du poste d e contr\u00f4le trafic et tunnels, en charge de la \nmaintenance  ; \n\u2022 M. Fr\u00e9d\u00e9ric MILICEVIC, charg\u00e9 de p\u00f4le de maintenance de Nanterre  ; \n\u2022 Mme Samantha MIOTTI, charg\u00e9 de p\u00f4le de maintenance de Boulogne  ; \n\u2022 Mme Morgane ALATORRE, cheffe du poste de contr\u00f4le de trafic et tunnels (PCTT) Sud, et ses adjoints, \nM. Robert TOUATI, en charge de l'exploitation, et M. Julien PROUST, en charge de la maintenance  ; \n\u2022 M. J\u00e9r\u00f4me RODRIGUEZ, responsable du poste de contr\u00f4le trafic et tunnels (PCTT) Est, et ses adjoints, \nM.  Laurent MOUSSEUX, en charge de l'exploitation, et M .  Jean-Pierre SULLY, en charge de la \nmaintenance. \n \nParagraphe 2 \u2013 Passation et ex\u00e9cution des march\u00e9s publics et accords-cadres \n \n1.  Subd\u00e9l\u00e9gation de signature est consentie aux perso nnes d\u00e9sign\u00e9es ci-apr\u00e8s, dans la limite de leurs \nattributions et des montants indiqu\u00e9s ci- dessous, pour signer toutes les pi\u00e8ces relatives \u00e0 la passation et \nl'ex\u00e9cution des march\u00e9s publics et des accords-cadres  : \n \n \nNOM ET FONCTION  \nSuppl\u00e9ant en cas \nd'absence ou \nd'emp\u00eachement  \nPassation et ex\u00e9cution des march\u00e9s et accords-\ncadres en montant HT maximum  \nPierre-Baptiste \nDELPUECH, chef du \nSTT \nJonathan COL\u00c9, adjoint \nau chef du STT \nTravaux 3  000  000  \u20ac\n \nFournitures, \u00e9tudes et \nservices \n250  000  \u20ac\n \nCl\u00e9ment MORIN, chef \ndu DIMET \nWahbi YAKOUBI, \nadjoint au chef du \nDIMET \nTravaux 250  000  \u20ac\n \nFournitures, \u00e9tudes et \nservices \n143  000  \u20ac\n \n \nS\u00e9verine CARPENTIER, \ncheffe du DETT \nOlivier NALIN, adjoint \nau chef du DETT \nQuentin LABRUE, \nadjoint au chef du \nDETT \nTravaux 250  000  \u20ac\n \nFournitures, \u00e9tudes et \nservices \n143  000  \u20ac\n \n \n \nDans l'hypoth\u00e8se o\u00f9 le montant initial du march\u00e9 es t augment\u00e9 (avenant \u00e0 incidences financi\u00e8res), le \nseuil est appr\u00e9ci\u00e9 sur le montant total du march\u00e9 public ou accord-cadre, apr\u00e8s augmentation. \n \nDirection r\u00e9gionale et interd\u00e9partementale de l'environnement, de l'am\u00e9nagement et des transports d'\u00cele-de-France -\nIDF-2025-08-28-00012 - D\u00e9cision DRIEAT-IDF du 28 ao\u00fbt 2025 portant subd\u00e9l\u00e9gation de signature en mati\u00e8re d'ordonnancement\nsecondaire et de commande publique pour le compte du pr\u00e9fet de la r\u00e9gion d'\u00cele-de-France\n64\n \n  11 \n2.  Subd\u00e9l\u00e9gation de signature est donn\u00e9e \u00e0 M. Pierre-Baptiste DELPUECH et M. Jonathan COLE, \u00e0 l'effet \nde signer, dans la limite de ses attributions, pour les march\u00e9s publics et accords-cadres dont le montant \nd\u00e9passe les seuils mentionn\u00e9s au point 1 du pr\u00e9sent  paragraphe, toute pi\u00e8ce relative \u00e0 leur ex\u00e9cution, \u00e0 \nl'exclusion des pi\u00e8ces mentionn\u00e9es ci-apr\u00e8s  : \n\u2013 rapport de pr\u00e9sentation  ; \n\u2013 d\u00e9cision d'attribution d'un march\u00e9 et lettre de rejet d'une offre  ; \n\u2013 acte d'engagement  ; \n\u2013 avenant ou acte modificatif  ; \n\u2013 d\u00e9cision d'affermissement de tranche conditionnelle ou optionnelle  ; \n\u2013 d\u00e9cision de reconduction ou non reconduction  ; \n\u2013 d\u00e9cision de r\u00e9siliation  ; \n\u2013 d\u00e9cision d'ajournement. \n \nDans l'hypoth\u00e8se o\u00f9 le montant initial du march\u00e9 es t augment\u00e9 (avenant \u00e0 incidences financi\u00e8res), le \nseuil est appr\u00e9ci\u00e9 sur le montant total du march\u00e9 public ou accord-cadre, apr\u00e8s augmentation. \n \n3.  Subd\u00e9l\u00e9gation de signature est donn\u00e9e aux agents cit\u00e9s au point 1 du pr\u00e9sent paragraphe \u00e0 l'effet de \nsigner, dans le cadre de leurs attributions et comp \u00e9tences, les ordres de services sans incidence \nfinanci\u00e8re, les d\u00e9cisions d'agr\u00e9ments de sous-traitants, les d\u00e9cisions de r\u00e9ception avec ou sans r\u00e9serves, \nles d\u00e9comptes g\u00e9n\u00e9raux ainsi que les pi\u00e8ces li\u00e9es, des march\u00e9s publics et accords-cadres de montants \nsup\u00e9rieurs aux seuils mentionn\u00e9s ci-dessus. \n \n4.  Subd\u00e9l\u00e9gation de signature est donn\u00e9e aux agents cit\u00e9s au point 1 du pr\u00e9sent paragraphe \u00e0 l'effet de \nsigner, dans le cadre de leurs attributions et comp\u00e9tences, les commandes, dans la limite d'un montant \npour chaque commande de  : \n\uf0d8 1 000  000  \u20ac HT pour une commande prise dans le cadre de march\u00e9s  \u00e0 bon de commande pour des \ntravaux  ; \n\uf0d8 250  000  \u20ac HT pour une commande prise dans le cadre de march \u00e9s \u00e0 bon de commande pour des \nfournitures, des \u00e9tudes ou des services. \n \n5.  Subd\u00e9l\u00e9gation de signature est donn\u00e9e aux personnes figurant ci-apr\u00e8s \u00e0 l'effet de signer, dans le cadre \nde leurs attributions et comp\u00e9tences, pour les op\u00e9rations routi\u00e8res, toute pi\u00e8ce relative \u00e0 la passation et \nl'ex\u00e9cution des march\u00e9s de montant inf\u00e9rieur ou \u00e9ga l \u00e0 25  000  \u20ac HT (seuil \u00e0 appr\u00e9cier sur le montant \ntotal du march\u00e9, en int\u00e9grant le montant des avenan ts \u00e0 incidence financi\u00e8re quand ils existent) et le s \nbons de commande d'un montant inf\u00e9rieur ou \u00e9gal \u00e0 25  000  \u20ac HT pour chaque commande dans le cadre \ndes march\u00e9s \u00e0 bons de commande  : \n \n\uf0a7 pour le d\u00e9partement de l'ing\u00e9nierie de la modernisation des \u00e9quipements et des tunnels : \n \n\u2022 M. Ghislain Tshiamuanda KANIKI, responsable d'op\u00e9rations  ; \n\u2022 M. Matthieu KURZENNE, responsable d'op\u00e9rations  ; \n\u2022 M. Serge ANGELERGUES, chef de projet  ; \n\u2022 M. Alain BARNABAS, chef de projet  ; \n\u2022 M. Marc-Michel MERRIN, chef de projet  ; \n\u2022 M. Martin HAMME, responsable d'op\u00e9rations  ; \n\u2022 M. Alexandre BARAGNON, responsable d'op\u00e9rations  ;  \n\u2022 M. Iyed TRABELSI, responsable d'op\u00e9rations  ; \n\u2022 M. ENZO GOZZOLI, responsable d'op\u00e9rations. \n \n6.  Subd\u00e9l\u00e9gation de signature est donn\u00e9e aux agents d \u00e9sign\u00e9s ci-apr\u00e8s \u00e0 l'effet de signer, dans le cadre  \nde leurs attributions et comp\u00e9tences, toute pi\u00e8ce r elative \u00e0 la passation et \u00e0 l'ex\u00e9cution des march\u00e9s  \nDirection r\u00e9gionale et interd\u00e9partementale de l'environnement, de l'am\u00e9nagement et des transports d'\u00cele-de-France -\nIDF-2025-08-28-00012 - D\u00e9cision DRIEAT-IDF du 28 ao\u00fbt 2025 portant subd\u00e9l\u00e9gation de signature en mati\u00e8re d'ordonnancement\nsecondaire et de commande publique pour le compte du pr\u00e9fet de la r\u00e9gion d'\u00cele-de-France\n65\n \n  12 \nd'un montant inf\u00e9rieur ou \u00e9gal \u00e0 25  000  \u20ac HT (seuil \u00e0 appr\u00e9cier sur le montant total du march \u00e9, en \nint\u00e9grant le montant des avenants \u00e0 incidence financi\u00e8re quand ils existent), les bons de commande d'un \nmontant inf\u00e9rieur ou \u00e9gal \u00e0 50  000  \u20ac HT pour chaque commande dans le cadre des march\u00e9s d e \nfournitures, d'\u00e9tudes ou de services \u00e0 bons de comm andes, et les bons de commande d'un montant \ninf\u00e9rieur ou \u00e9gal \u00e0 100  000  \u20ac HT pour chaque commande dans le cadre des march\u00e9s d e travaux \u00e0 bons \nde commandes  : \n \n\uf0a7 pour le d\u00e9partement de l'exploitation du trafic et des tunnels  : \n \n\u2022 M. Alexandre ROSSI, responsable de l'unit\u00e9 observatoire et ing\u00e9nierie du trafic, et son adjoint M. Marc \nRIVIERE ; \n\u2022 M. Nicolas BERNARD, chef de l'unit\u00e9 coordination du  trafic et information routi\u00e8re, et ses adjoints, \nM. Marc KOENIG, et M. David THOMACHOT  ; \n\u2022 M. Arnaud IFFLY, chef de l'unit\u00e9 politique de maint enance et modernisation et son adjointe Mme \nJeanne BATA  ; \n\u2022 M. Antoine PERRAIS, chef de l'unit\u00e9 information et r\u00e9seaux centraux  ; \n\u2022 M. David QUINTANS, adjoint \u00e0 la cheffe de l'unit\u00e9 informatique et r\u00e9seaux centraux  ; \n\u2022 M. Hassan BELKACEM, chef du poste de contr\u00f4le trafic et tunnels (PCTT) Nord  ;  \n\u2022 M. Philippe THULLIER, adjoint au chef du poste de c ontr\u00f4le trafic et tunnels, en charge de \nl'exploitation ; \n\u2022 Mme Aude COVIN, cheffe du poste de contr\u00f4le trafic et tunnels (PCTT) Ouest  ; \n\u2022 M. Jean-Bernard GAUQUELIN, adjoint \u00e0 la cheffe du poste de contr\u00f4le trafic et tunnels, en charge de \nl'exploitation  ;  \n\u2022 M. C\u00e9dric LALLEMANT, adjoint \u00e0 la cheffe du poste d e contr\u00f4le trafic et tunnels, en charge de la \nmaintenance  ; \n\u2022 Mme Morgane ALATORRE, chef du poste de contr\u00f4le de trafic et tunnels (PCTT) Sud, et ses adjoints, \nM. Robert TOUATI, en charge de l'exploitation, et M. Julien PROUST, en charge de la maintenance  ; \n\u2022 M. J\u00e9r\u00f4me RODRIGUEZ, chef du poste de contr\u00f4le traf ic et tunnels (PCTT) Est, et ses adjoints, \nM.  Laurent MOUSSEUX, en charge de l'exploitation, et M .  Jean-Pierre SULLY, en charge de la \nmaintenance. \n \nARTICLE 4-4 \u2013 LE SERVICE DE LA GESTION PATRIMONIALE DU R\u00c9SEAU \n \nParagraphe 1 \u2013 Ordonnancement secondaire \n \n1. La subd\u00e9l\u00e9gation de signature du pr\u00e9sent paragraphe  porte sur les programmes du minist\u00e8re de la \ntransition \u00e9cologique et de la coh\u00e9sion des territo ires et du minist\u00e8re de la transition \u00e9nerg\u00e9tique  : \n\u00ab Infrastructures et services de transport  \u00bb (n\u00b0 203). \n \n2.  Subd\u00e9l\u00e9gation de signature est donn\u00e9e \u00e0 l'effet de  signer, dans le cadre de leurs attributions et \ncomp\u00e9tences et dans les conditions fix\u00e9es dans les arr\u00eat\u00e9s susvis\u00e9s, toute pi\u00e8ce relative \u00e0 l'exercice de la \ncomp\u00e9tence d'ordonnateur secondaire, tant pour les d\u00e9penses que pour les recettes \u00e0  :  \n \n\u2022 M. David JUIN, chef du service de la gestion patrimoniale du r\u00e9seau  ;  \n\u2022 M. Claude STREITH, adjoint au chef du service de la gestion patrimoniale du r\u00e9seau. \n \n3.  Subd\u00e9l\u00e9gation de signature est donn\u00e9e, aux personn es d\u00e9sign\u00e9es ci-apr\u00e8s, \u00e0 l'effet de signer dans les  \nconditions fix\u00e9es dans les arr\u00eat\u00e9s susvis\u00e9s, dans l e cadre de leurs attributions et comp\u00e9tences, les \npropositions d'engagement, les pi\u00e8ces relatives \u00e0 l a constatation de la d\u00e9pense et les ordres de payer  \nrelatifs aux d\u00e9penses  : \n\u2022 M. Sylvain G\u00c9RARD, chef du d\u00e9partement des techniques de la route ;  \nDirection r\u00e9gionale et interd\u00e9partementale de l'environnement, de l'am\u00e9nagement et des transports d'\u00cele-de-France -\nIDF-2025-08-28-00012 - D\u00e9cision DRIEAT-IDF du 28 ao\u00fbt 2025 portant subd\u00e9l\u00e9gation de signature en mati\u00e8re d'ordonnancement\nsecondaire et de commande publique pour le compte du pr\u00e9fet de la r\u00e9gion d'\u00cele-de-France\n66\n \n  13 \n\u2022 Mme Dalia AIT ALI, adjointe au chef du d\u00e9partement des techniques de la route ; \n\u2022 Mme Mich\u00e8le MARLIERE, cheffe du d\u00e9partement politiq ue et programmation routi\u00e8res, et son \nadjointe Mme Laura SAPATEIRO  ; \n\u2022 M. Guillaume DAMIEN, chef du d\u00e9partement ouvrages d'art ;  \n\u2022 M. Victor MARTINET, adjoint au chef du d\u00e9partement ouvrages d'art. \n \n4. Subd\u00e9l\u00e9gation de signature est donn\u00e9e aux personn es d\u00e9sign\u00e9es ci-apr\u00e8s, \u00e0 l'effet de signer dans les  \nconditions fix\u00e9es dans les arr\u00eat\u00e9s susvis\u00e9s, dans l e cadre de leurs attributions et comp\u00e9tences, les \npropositions d'engagement, les pi\u00e8ces relatives \u00e0 l a constatation de la d\u00e9pense et les ordres de payer  \nrelatifs aux d\u00e9penses  : \n \n\uf0a7 pour le d\u00e9partement des techniques de la route  : \n \n\u2022 M. Dominique LE DUFF, chef de l'unit\u00e9 Equipements  ; \n\u2022 M. Alex LAM, chef de l'unit\u00e9 Eau Environnement ; \n\u2022 M. Patrick VINCENT, adjoint au chef de l'unit\u00e9 Eau Environnement ; \n\u2022 M. Jean-No\u00ebl IVRY, adjoint au chef de l'unit\u00e9 Chauss\u00e9e Terrassement ; \n\u2022 M. Laurent PROVOST, adjoint au chef de l'unit\u00e9 Am\u00e9nagements routiers ; \n\u2022 Mme \u00c9lise CHAMPAIGNOLLE, cheffe de la mission D\u00e9veloppement Durable et D\u00e9pendances Vertes ; \n \n\uf0a7 pour le d\u00e9partement de la politique et programmation routi\u00e8res  : \n \n\u2022 M. Valentin PRATESI, chef de l'unit\u00e9 g\u00e9omatique du patrimoine routier  ; \n\u2022 Mme Vanessa FERREZ, cheffe de l'unit\u00e9 gestion budg\u00e9taire et administrative  ; \n\u2022 M. Xavier POTIER, chef de l'unit\u00e9 programmation, politiques technique et qualit\u00e9 ; \n\u2022 Mme Sophie MOZIER, adjointe au chef de l'unit\u00e9 programmation, politiques technique et qualit\u00e9 ; \n\u2022 M. Abdellah BENADJEMIA, chef de l'unit\u00e9 connaissance du patrimoine routier ; \n\u2022 Mme Laura SAPATEIRO, cheffe de l'unit\u00e9 s\u00e9curit\u00e9 de l'infrastructure et son adjoint, M. Patrice \nLEVEQUE. \n \n\uf0a7 pour le d\u00e9partement ouvrages d'art  : \n \n\u2022 M. Fernando DIAS, chef de l'unit\u00e9 technique des ouvrages d'art ;  \n\u2022 M. St\u00e9phane BIANCOTTO, adjoint au chef de l'unit\u00e9 gestion centralis\u00e9e d'ouvrages d'art  ; \n\u2022 M. Lionel BARASCUD, chef du p\u00f4le Sud-Ouest de l'unit\u00e9 gestion centralis\u00e9e ouvrages d'art ; \n\u2022 M. Olivier SIGAULT, adjoint au chef du p\u00f4le Sud-Ouest de l'unit\u00e9 gestion centralis\u00e9e ouvrages d'art ; \n\u2022 Mme Marie BUSSAC, cheffe du p\u00f4le Nord-Est de l'unit\u00e9 de gestion centralis\u00e9e ouvrages d'art. \n \nParagraphe 2 \u2013 Passation et ex\u00e9cution des march\u00e9s publics et accords-cadres \n \nSubd\u00e9l\u00e9gation de signature est consentie aux person nes d\u00e9sign\u00e9es ci-apr\u00e8s, dans la limite de leurs \nattributions et des montants indiqu\u00e9s ci-dessous, pour signer toutes les pi\u00e8ces relatives \u00e0 la passation et \n\u00e0 l'ex\u00e9cution des march\u00e9s publics et accords-cadres : \nNOM ET FONCTION Suppl\u00e9ant en cas d'absence \nou d'emp\u00eachement \nPassation et ex\u00e9cution des march\u00e9s et \naccords-cadres en montant HT maximum \nM. David JUIN, chef du \nSGPR  \nClaude STREITH adjoint au \nchef du SGPR \nTravaux 3  000  000  \u20ac\n \nFournitures, \u00e9tudes et services 250  000  \u20ac \nSylvain G\u00c9RARD, chef Dalia AIT ALI, adjointe au Travaux 250  000  \u20ac \nDirection r\u00e9gionale et interd\u00e9partementale de l'environnement, de l'am\u00e9nagement et des transports d'\u00cele-de-France -\nIDF-2025-08-28-00012 - D\u00e9cision DRIEAT-IDF du 28 ao\u00fbt 2025 portant subd\u00e9l\u00e9gation de signature en mati\u00e8re d'ordonnancement\nsecondaire et de commande publique pour le compte du pr\u00e9fet de la r\u00e9gion d'\u00cele-de-France\n67\n \n  14 \nNOM ET FONCTION Suppl\u00e9ant en cas d'absence \nou d'emp\u00eachement \nPassation et ex\u00e9cution des march\u00e9s et \naccords-cadres en montant HT maximum \ndu DTR chef du DTR Fournitures, \u00e9tudes et services 143  000  \u20ac \nMich\u00e8le MARLIERE, \ncheffe du DPPR \nLaura SAPATEIRO, adjointe \n\u00e0 la cheffe du DPPR \nTravaux 250  000  \u20ac \nFournitures, \u00e9tudes et services 143  000  \u20ac \nGuillaume DAMIEN, \nchef du DOA \nVictor MARTINET, adjoint \nau chef du DOA \nTravaux 250  000  \u20ac\n \nFournitures, \u00e9tudes et services 143  000  \u20ac \n \nDans l'hypoth\u00e8se o\u00f9 le montant initial du march\u00e9 es t augment\u00e9 (avenant \u00e0 incidences financi\u00e8res), le \nseuil est appr\u00e9ci\u00e9 sur le montant total du march\u00e9 public ou accord-cadre, apr\u00e8s augmentation. \n \n2.  Subd\u00e9l\u00e9gation de signature est donn\u00e9e \u00e0 M. David J UIN et \u00e0 M. Claude STREITH \u00e0 l'effet de signer, \ndans la limite de leurs attributions, pour les march\u00e9s publics et accords-cadres dont le montant d\u00e9passe \nles seuils mentionn\u00e9s au point 1 du pr\u00e9sent paragraphe, toute pi\u00e8ce relative \u00e0 leur ex\u00e9cution, \u00e0 l'exclusion \ndes pi\u00e8ces mentionn\u00e9es ci-apr\u00e8s  : \n\uf0d8 rapport de pr\u00e9sentation  ; \n\uf0d8 d\u00e9cision d'attribution d'un march\u00e9 et lettre de rejet d'une offre  ; \n\uf0d8 acte d'engagement  ; \n\uf0d8 avenant ou acte modificatif  ; \n\uf0d8 d\u00e9cision d'affermissement de tranche conditionnelle ou optionnelle  ; \n\uf0d8 d\u00e9cision de reconduction ou non reconduction  ; \n\uf0d8 d\u00e9cision de r\u00e9siliation  ; \n\uf0d8 d\u00e9cision d'ajournement. \n \nDans l'hypoth\u00e8se o\u00f9 le montant initial du march\u00e9 est augment\u00e9 (avenant ou acte modificatif \u00e0 incidences \nfinanci\u00e8res), le seuil est appr\u00e9ci\u00e9 sur le montant total du march\u00e9 public ou accord-cadre, apr\u00e8s \naugmentation. \n \n3. Subd\u00e9l\u00e9gation de signature est donn\u00e9e aux agents cit\u00e9s au point 1 du pr\u00e9sent paragraphe \u00e0 l'effet de \nsigner, dans le cadre de leurs attributions et comp \u00e9tences, les d\u00e9cisions d'agr\u00e9ments de sous-traitant s, \nles d\u00e9cisions de r\u00e9ception avec ou sans r\u00e9serves, l es d\u00e9comptes g\u00e9n\u00e9raux ainsi que les pi\u00e8ces li\u00e9es, d es \nmarch\u00e9s publics de montants sup\u00e9rieurs aux seuils mentionn\u00e9s au point 1 du pr\u00e9sent paragraphe. \n \n4.  Subd\u00e9l\u00e9gation de signature est donn\u00e9e aux agents cit\u00e9s au point 1 du pr\u00e9sent paragraphe, \u00e0 l'effet de \nsigner, dans le cadre de leurs attributions et comp\u00e9tences, les commandes, dans la limite d'un montant \npour chaque commande de  : \n\uf0d8 1 000  000  \u20ac HT pour une commande prise dans le cadre de march\u00e9s \u00e0 bons de commandes pour des \ntravaux  ; \n\uf0d8 250  000  \u20ac HT, pour une commande prise dans le cadre de march\u00e9 s \u00e0 bons de commandes pour des \nfournitures, des \u00e9tudes ou des services. \n \n5.  Subd\u00e9l\u00e9gation de signature est donn\u00e9e aux agents d \u00e9sign\u00e9s ci-apr\u00e8s \u00e0 l'effet de signer, dans le cadre  \nde leurs attributions et comp\u00e9tences, toute pi\u00e8ce r elative \u00e0 la passation et \u00e0 l'ex\u00e9cution des march\u00e9s  \nd'un montant inf\u00e9rieur ou \u00e9gal \u00e0 25  000  \u20ac HT (seuil \u00e0 appr\u00e9cier sur le montant total du march \u00e9, en \nint\u00e9grant le montant des avenants \u00e0 incidence financi\u00e8re quand ils existent), les bons de commande d'un \nmontant inf\u00e9rieur ou \u00e9gal \u00e0 50  000  \u20ac HT pour chaque commande dans le cadre des march\u00e9s d e \nDirection r\u00e9gionale et interd\u00e9partementale de l'environnement, de l'am\u00e9nagement et des transports d'\u00cele-de-France -\nIDF-2025-08-28-00012 - D\u00e9cision DRIEAT-IDF du 28 ao\u00fbt 2025 portant subd\u00e9l\u00e9gation de signature en mati\u00e8re d'ordonnancement\nsecondaire et de commande publique pour le compte du pr\u00e9fet de la r\u00e9gion d'\u00cele-de-France\n68\n \n  15 \nfournitures, d'\u00e9tudes ou de services \u00e0 bons de comm andes, et les bons de commande d'un montant \ninf\u00e9rieur ou \u00e9gal \u00e0 100  000  \u20ac HT pour chaque commande dans le cadre des march\u00e9s d e travaux \u00e0 bons \nde commandes  : \n \n\uf0a7 pour le d\u00e9partement des techniques de la route  : \n \n\u2022 M. Dominique LE DUFF, chef de l'unit\u00e9 \u00e9quipements ; \n\u2022 M. Alex LAM, chef de l'unit\u00e9 eau et environnement  \n\u2022 M. Patrick VINCENT, adjoint au chef de l'unit\u00e9 Eau Environnement ; \n\u2022 M. Jean-No\u00ebl IVRY, adjoint au chef de l'unit\u00e9 Chauss\u00e9e Terrassement ; \n\u2022 M. Laurent PROVOST, adjoint au chef de l'unit\u00e9 Am\u00e9nagements routiers ;  \n\u2022 Mme \u00c9lise CAMPAIGNOLLE, cheffe de la mission D\u00e9veloppement Durable et D\u00e9pendances Vertes. \n \n\uf0a7 pour le d\u00e9partement politique et programmation routi\u00e8res  : \n \n\u2022 M. Valentin PRATESI, chef de l'unit\u00e9 g\u00e9omatique du patrimoine routier  ; \n\u2022 Mme Vanessa FERREZ, cheffe de l'unit\u00e9 gestion budg\u00e9taire et administrative  ; \n\u2022 M. Xavier POTIER, chef de l'unit\u00e9 programmation, politiques technique et qualit\u00e9 ; \n\u2022 Mme Sophie MOZER, adjointe au chef de l'unit\u00e9 programmation, politiques technique et qualit\u00e9 ; \n\u2022 M. Abdellah BENDJEMIA, chef de l'unit\u00e9 Connaissance du patrimoine routier ; \n\u2022 Mme Laura SAPATEIRO, cheffe de l'unit\u00e9 S\u00e9curit\u00e9 de l'infrastructure et son adjoint, M. Patrice \nLEVEQUE. \n \n\uf0a7 pour le d\u00e9partement ouvrages d'art  : \n \n\u2022 M. Fernando DIAS, chef de l'unit\u00e9 technique des ouvrages d'art ; \n\u2022 M. St\u00e9phane BIANCOTTO, adjoint au chef de l'unit\u00e9 gestion centralis\u00e9e ouvrages d'art ; \n\u2022 M. Lionel BARASCUD, chef du p\u00f4le Sud-Ouest de l'unit\u00e9 gestion centralis\u00e9e ouvrages d'art ; \n\u2022 M. Olivier SIGAULT, adjoint au chef du p\u00f4le Sud-Ouest de l'unit\u00e9 gestion centralis\u00e9e ouvrages d'art  ; \n\u2022 Mme Marie BUSSAC, cheffe du P\u00f4le Nord-Est de l'unit\u00e9 gestion centralis\u00e9e ouvrages d'art. \n \nARTICLE 4-5 \u2013 LES ARRONDISSEMENTS DE GESTION ET D'E XPLOITATION DE LA ROUTE \n \nParagraphe 1 \u2013 Ordonnancement secondaire \n \n1.  La subd\u00e9l\u00e9gation de signature du pr\u00e9sent paragraphe porte sur  : \n \na. Le programme du minist\u00e8re de la transition \u00e9cologique et de la coh\u00e9sion des territoires et du minist\u00e8re \nde la transition \u00e9nerg\u00e9tique  : \u00ab Infrastructures et services de transport  \u00bb (n\u00b0 203)  ; \n \nb. Le programme du minist\u00e8re de l'int\u00e9rieur \u00ab S\u00e9curit\u00e9 et \u00e9ducation routi\u00e8res  \u00bb (n\u00b0 207). \n \n2.  Subd\u00e9l\u00e9gation de signature est donn\u00e9e aux personne s d\u00e9sign\u00e9es ci-apr\u00e8s, \u00e0 l'effet de signer dans les \nconditions fix\u00e9es dans les arr\u00eat\u00e9s susvis\u00e9s, dans l e cadre de leurs attributions et comp\u00e9tences, toute  \npi\u00e8ce relative \u00e0 l'exercice de la comp\u00e9tence d'ordonnateur secondaire, tant pour les d\u00e9penses que pour \nles recettes : \n \n\u2022 M. Fr\u00e9d\u00e9ric ESNAULT, chef de l'arrondissement de gestion et d'exploitation de la route (AGER) Est et \nson adjoint M. Anthony MITRANO  ; \n\u2022 M. Bastien SALESSE, chef de l'arrondissement de gestion et d'exploitation de la route (AGER) Sud ; \n\u2022 M. Moustapha SAVANE, adjoint au chef de l'arrondiss ement de gestion et d'exploitation de la route \n(AGER) Sud ; \nDirection r\u00e9gionale et interd\u00e9partementale de l'environnement, de l'am\u00e9nagement et des transports d'\u00cele-de-France -\nIDF-2025-08-28-00012 - D\u00e9cision DRIEAT-IDF du 28 ao\u00fbt 2025 portant subd\u00e9l\u00e9gation de signature en mati\u00e8re d'ordonnancement\nsecondaire et de commande publique pour le compte du pr\u00e9fet de la r\u00e9gion d'\u00cele-de-France\n69\n \n  16 \n\u2022 M. Michel PERREL, chef de l'arrondissement de gestion et d'exploitation de la route (AGER) Ouest ;  \n\u2022 Mme Julie COHEN-SOLAL, adjointe au chef de l'arrond issement de gestion et d'exploitation de la \nroute (AGER) Ouest ; \n\u2022 M. Damien BRADELLE, adjoint au chef de l'arrondisse ment de gestion et d'exploitation de la route \n(AGER) Ouest ; \n\u2022 M. Olivier ROUQUETTE, chef de l'arrondissement de g estion et d'exploitation de la route (AGER) \nNord ;  \n\u2022 Mme Elsa ALEXANDRE, adjointe au chef de l'arrondiss ement de gestion et d'exploitation de la route \n(AGER) Nord ; \n\u2022 M. Louis ESCUDERO, adjoint au chef de l'arrondissem ent de gestion et d'exploitation de la route \n(AGER) Nord ; \n \n3.  Subd\u00e9l\u00e9gation de signature est donn\u00e9e aux personne s d\u00e9sign\u00e9es ci-apr\u00e8s, \u00e0 l'effet de signer dans les \nconditions fix\u00e9es dans les arr\u00eat\u00e9s susvis\u00e9s, dans l e cadre de leurs attributions et comp\u00e9tences, les \npropositions d'engagement, les pi\u00e8ces relatives \u00e0 l a constatation de la d\u00e9pense et les ordres de payer  \nrelatifs aux d\u00e9penses  : \n \n\uf0a7 pour l'arrondissement de gestion et d'exploitation de la route Est  : \n \n\u2022 M. Claude GRUMELART, responsable du bureau de gestion administrative et de la route (BGAR)  ; \n\u2022 M. \u00c9ric SIMON, responsable de la gestion budg\u00e9taire et de la comptabilit\u00e9  ; \n\u2022 Mme Val\u00e9rie DITTE, responsable de l'unit\u00e9 d'exploit ation de la route de Brie-Comte-Robert, et son \nadjoint, M. Patrice DEGLA  ; \n\u2022 M. Ludovic CADET, chef de l'unit\u00e9 d'exploitation de la route de Champigny ; \n\u2022 M. Florent GRANDJEAN, adjoint au chef de l'unit\u00e9 d'exploitation de la route de Champigny ; \n\u2022 M. Pascal BEAUFILS, responsable de la cellule gestion des mat\u00e9riels et engins  ; \n \n\uf0a7 pour l'arrondissement de gestion et d'exploitation de la route Sud  : \n \n\u2022 Mme Patricia MENAGER, responsable du p\u00f4le finances-programmation-gestion-moyens g\u00e9n\u00e9raux  ; \n\u2022 M. Fr\u00e9d\u00e9ric BERTRAND, responsable de l'UER d'Orsay-Villab\u00e9 et son adjoint, M. Denis PRUDHOMME  ; \n\u2022 Mme Lucienne LIBER, adjointe au chef de l'UER de Chevilly-Larue ; \n\u2022 M. Martial GIRARD, chef de l'unit\u00e9 gestion de flotte  ; \n \n\uf0a7 pour l'arrondissement de gestion et d'exploitation de la route Ouest  : \n \n\u2022 Mme Audrey MERCHEZ, chef du bureau de gestion administrative et de la route (BGAR)  ; \n\u2022 M. Kouessan FOLLY-GBOGBOE, responsable du p\u00f4le comptabilit\u00e9 et march\u00e9s BGAR Ouest  ; \n\u2022 Mme M\u00e9lanie LIMIER, cheffe de l'UER de Nanterre-Boulogne ;  \n\u2022 Mme Catherine CHAUVET, adjointe \u00e0 la cheffe de l'UER de Nanterre-Boulogne  ; \n\u2022 Mme Pauline MATHEVET, responsable de l'UER de Jouy- en-Josas, et son adjoint M. Jonathan \nPROD'HOMME ; \n\u2022 M. Philippe VERRIER, chef du bureau de gestion de la flotte (BGF) Ouest  ; \n \n\uf0a7 pour l'arrondissement de gestion et d'exploitation de la route Nord  : \n \n\u2022 M. Juan-Manuel MARTIN, responsable du bureau de gestion administrative et de la route (BGAR)  ; \n\u2022 Mme Nadine AZOULAY, responsable contentieux et administratif  ; \n\u2022 Mme Akila MEBAREK, cheffe de la gestion budg\u00e9taire et de la comptabilit\u00e9  ; \n\u2022 Mme Nathalie POTAILLON, adjointe \u00e0 la cheffe de l'UER d'Eragny-sur-Oise ; \n\u2022 M. Jean-Willem LALLEMAND, responsable de l'UER de Saint-Denis, et son adjoint M. Maurice LABYLLE  ; \nDirection r\u00e9gionale et interd\u00e9partementale de l'environnement, de l'am\u00e9nagement et des transports d'\u00cele-de-France -\nIDF-2025-08-28-00012 - D\u00e9cision DRIEAT-IDF du 28 ao\u00fbt 2025 portant subd\u00e9l\u00e9gation de signature en mati\u00e8re d'ordonnancement\nsecondaire et de commande publique pour le compte du pr\u00e9fet de la r\u00e9gion d'\u00cele-de-France\n70\n \n  17 \n\u2022 Mme Ordiana AKO YEBE, cheffe de la cellule de gestion des mat\u00e9riels et engins (CGME) Nord. \n \nParagraphe 2 \u2013 Passation et ex\u00e9cution des march\u00e9s publics et accords-cadres \n \n1.  Subd\u00e9l\u00e9gation de signature est consentie aux perso nnes d\u00e9sign\u00e9es ci-apr\u00e8s, dans la limite de leurs \nattributions et des montants indiqu\u00e9s ci-dessous, pour signer toutes les pi\u00e8ces relatives \u00e0 la passation et \n\u00e0 l'ex\u00e9cution des march\u00e9s publics et accords-cadres : \n \nNOM ET FONCTION Suppl\u00e9ant en cas d'absence \nou d'emp\u00eachement \nPassation et ex\u00e9cution des march\u00e9s et \naccords-cadres en montant HT maximum  \nFr\u00e9d\u00e9ric ESNAULT, chef de \nl'AGER Est \nAnthony MITRANO, adjoint \nau chef de l'AGER Est \nTravaux 250  000  \u20ac\n \nFournitures, \u00e9tudes et services 143  000  \u20ac \nBastien SALESSE, chef de \nl'AGER Sud \nMoustapha SAVANE, adjoint \nau chef de l'AGER Sud \nTravaux 250  000  \u20ac\n \nFournitures, \u00e9tudes et services 143  000  \u20ac \nMichel PERREL, chef de \nAGER Ouest \nJulie COHEN-SOLAL, adjointe \nau chef de l'AGER Ouest \nDamien BRADELLE, adjoint \nau chef de l'AGER Ouest \nTravaux 250  000  \u20ac \nFournitures, \u00e9tudes et services 143 000  \u20ac \nOlivier ROUQUETTE, chef \nde l'AGER Nord \nElsa ALEXANDRE, adjointe au \nchef de l'AGER Nord \nLouis ESCUDERO, adjoint au \nchef de l'AGER Nord \nTravaux 250  000  \u20ac\n \nFournitures, \u00e9tudes et services 143 000  \u20ac \n \nDans l'hypoth\u00e8se o\u00f9 le montant initial du march\u00e9 es t augment\u00e9 (avenant \u00e0 incidences financi\u00e8res), le \nseuil est appr\u00e9ci\u00e9 sur le montant total du march\u00e9 public ou accord-cadre, apr\u00e8s augmentation. \n \n2.  Subd\u00e9l\u00e9gation de signature est donn\u00e9e aux agents cit\u00e9s au point 1 du pr\u00e9sent paragraphe, \u00e0 l'effet de \nsigner, dans la limite de leurs attributions, pour les march\u00e9s publics et accords-cadres dont le monta nt \nd\u00e9passe les seuils mentionn\u00e9s au point 1 du pr\u00e9sent  paragraphe, toute pi\u00e8ce relative \u00e0 leur ex\u00e9cution, \u00e0 \nl'exclusion des pi\u00e8ces mentionn\u00e9es ci-apr\u00e8s  : \n\uf0d8 rapport de pr\u00e9sentation  ; \n\uf0d8 d\u00e9cision d'attribution d'un march\u00e9 et lettre de rejet d'une offre  ; \n\uf0d8 acte d'engagement  ; \n\uf0d8 avenant ou acte modificatif  ; \n\uf0d8 d\u00e9cision d'affermissement de tranche conditionnelle ou optionnelle  ; \n\uf0d8 d\u00e9cision de reconduction ou non reconduction  ; \n\uf0d8 d\u00e9cision de r\u00e9siliation  ; \n\uf0d8 d\u00e9cision d'ajournement. \n \nDans l'hypoth\u00e8se o\u00f9 le montant initial du march\u00e9 est augment\u00e9 (avenant ou acte modificatif \u00e0 incidences \nfinanci\u00e8res), le seuil est appr\u00e9ci\u00e9 sur le montant total du march\u00e9 public ou accord-cadre, apr\u00e8s \naugmentation. \n \n3. Subd\u00e9l\u00e9gation de signature est donn\u00e9e aux agents cit\u00e9s au point 1 du pr\u00e9sent paragraphe \u00e0 l'effet de \nsigner, dans le cadre de leurs attributions et comp \u00e9tences, les d\u00e9cisions d'agr\u00e9ments de sous-traitant s, \nles d\u00e9cisions de r\u00e9ception avec ou sans r\u00e9serves, l es d\u00e9comptes g\u00e9n\u00e9raux ainsi que les pi\u00e8ces li\u00e9es, d es \nmarch\u00e9s publics de montants sup\u00e9rieurs aux seuils mentionn\u00e9s au point 1 du pr\u00e9sent paragraphe. \n \nDirection r\u00e9gionale et interd\u00e9partementale de l'environnement, de l'am\u00e9nagement et des transports d'\u00cele-de-France -\nIDF-2025-08-28-00012 - D\u00e9cision DRIEAT-IDF du 28 ao\u00fbt 2025 portant subd\u00e9l\u00e9gation de signature en mati\u00e8re d'ordonnancement\nsecondaire et de commande publique pour le compte du pr\u00e9fet de la r\u00e9gion d'\u00cele-de-France\n71\n \n  18 \n4.  Subd\u00e9l\u00e9gation de signature est donn\u00e9e aux agents cit\u00e9s au point 1 du pr\u00e9sent paragraphe, \u00e0 l'effet de \nsigner, dans le cadre de leurs attributions et comp\u00e9tences, les commandes, dans la limite d'un montant \npour chaque commande de  : \n\u2022 1 000  000  \u20ac HT pour une commande prise dans le cadre de march\u00e9s \u00e0 bons de commandes pour des \ntravaux  ; \n\u2022 250  000  \u20ac HT, pour une commande prise dans le cadre de march\u00e9 s \u00e0 bons de commandes pour des \nfournitures, des \u00e9tudes ou des services. \n \n5.  Subd\u00e9l\u00e9gation de signature est donn\u00e9e aux agents d \u00e9sign\u00e9s ci-apr\u00e8s \u00e0 l'effet de signer, dans le cadre  \nde leurs attributions et comp\u00e9tences, toute pi\u00e8ce r elative \u00e0 la passation et \u00e0 l'ex\u00e9cution des march\u00e9s  \nd'un montant inf\u00e9rieur ou \u00e9gal \u00e0 25  000  \u20ac HT (seuil \u00e0 appr\u00e9cier sur le montant total du march \u00e9, en \nint\u00e9grant le montant des avenants \u00e0 incidence financi\u00e8re quand ils existent), les bons de commande d'un \nmontant inf\u00e9rieur ou \u00e9gal \u00e0 50  000  \u20ac HT pour chaque commande dans le cadre des march\u00e9s d e \nfournitures, d'\u00e9tudes ou de services \u00e0 bons de comm andes, et les bons de commande d'un montant \ninf\u00e9rieur ou \u00e9gal \u00e0 100  000  \u20ac HT pour chaque commande dans le cadre des march\u00e9s d e travaux \u00e0 bons \nde commandes  : \n \n\uf0a7 pour l'arrondissement de gestion et d'exploitation de la route Est  : \n \n\u2022 M. Claude GRUMELART, responsable du bureau de gestion administrative et de la route (BGAR)  ; \n\u2022 M. \u00c9ric SIMON, responsable de la gestion budg\u00e9taire et de la comptabilit\u00e9  ; \n\u2022 Mme Val\u00e9rie DITTE, responsable de l'unit\u00e9 d'exploit ation de la route de Brie-Comte-Robert et son \nadjoint, M. Patrice DEGLA, adjoint au responsable d e l'unit\u00e9 exploitation de la route (UER) de Brie-\nComte-Robert ; \n\u2022 M. Ludovic CADET, chef de l'unit\u00e9 d'exploitation de la route de Champigny ; \n\u2022 M. Florent GRANDJEAN, adjoint au chef de l'unit\u00e9 d'exploitation de la route de Champigny ; \n\u2022 M. Pascal BEAUFILS, responsable de la cellule gestion des mat\u00e9riels et engins  ; \n \n\uf0a7 pour l'arrondissement de gestion et d'exploitation de la route Sud  : \n \n\u2022 Mme Patricia MENAGER, responsable du p\u00f4le finances-programmation-gestion-moyens g\u00e9n\u00e9raux  ; \n\u2022 M. Fr\u00e9d\u00e9ric BERTRAND, responsable de l'UER d'Orsay-Villab\u00e9 et son adjoint, M. Denis PRUDHOMME  ; \n\u2022 Mme Lucienne LIBER, adjointe au chef de l'UER de Chevilly-Larue  ; \n\u2022 M. Martial GIRARD, responsable de l'unit\u00e9 de gestion de flotte  ; \n \n\uf0a7 pour l'arrondissement de gestion et d'exploitation de la route Ouest  : \n \n\u2022 Mme Audrey MERCHEZ, responsable du BGAR  Ouest ; \n\u2022 M. Kouessan FOLLY-GBOGBOE, responsable du p\u00f4le comptabilit\u00e9 du BGAR Ouest  ; \n\u2022 Mme M\u00e9lanie LIMIER, cheffe de l'UER de Nanterre-Boulogne ;  \n\u2022 Mme Catherine CHAUVET, adjointe \u00e0 la cheffe de l'UER de Nanterre-Boulogne ; \n\u2022 Mme Pauline MATHEVET, responsable de l'UER de Jouy- en-Josas, et son adjoint M. Jonathan \nPROD'HOMME  ; \n\u2022 M. Philippe VERRIER, chef du bureau de gestion de la flotte (BGF) Ouest  ; \n \n\uf0a7 pour l'arrondissement de gestion et d'exploitation de la route Nord  : \n \n\u2022 M. Juan-Manuel MARTIN, responsable du bureau de gestion administrative et de la route (BGAR)  ; \n\u2022 Mme Nadine AZOULAY, responsable contentieux et administratif  ; \n\u2022 Mme Nathalie POTAILLON, adjointe au chef de l'UER d'\u00c9ragny ; \n\u2022 M. Jean-Willem LALLEMAND, responsable de l'UER de Saint-Denis, et son adjoint M. Maurice LABYLLE  ; \nDirection r\u00e9gionale et interd\u00e9partementale de l'environnement, de l'am\u00e9nagement et des transports d'\u00cele-de-France -\nIDF-2025-08-28-00012 - D\u00e9cision DRIEAT-IDF du 28 ao\u00fbt 2025 portant subd\u00e9l\u00e9gation de signature en mati\u00e8re d'ordonnancement\nsecondaire et de commande publique pour le compte du pr\u00e9fet de la r\u00e9gion d'\u00cele-de-France\n72\n \n  19 \n\u2022 Mme YEBE AKO, chef de la cellule de gestion de flotte Nord. \n \nARTICLE 5 \u2013 SERVICE CONNAISSANCE ET D\u00c9VELOPPEMENT D URABLE  \n \nParagraphe 1 \u2013 Ordonnancement secondaire \n \n1. La subd\u00e9l\u00e9gation de signature du pr\u00e9sent paragraphe  porte sur les programmes du minist\u00e8re de la \ntransition \u00e9cologique et de la coh\u00e9sion des territoires et du minist\u00e8re de la transition \u00e9nerg\u00e9tique  : \n \n\uf0d8 \u00ab Urbanisme, territoires et am\u00e9lioration de l'habitat \u00bb (n\u00b0 135)  ; \n\uf0d8 \u00ab Expertise, information g\u00e9ographique et m\u00e9t\u00e9orologie \u00bb (n\u00b0 159)  ; \n\uf0d8 \u00ab Infrastructures et services de transport  \u00bb (n\u00b0 203)  ; \n \n2.  Subd\u00e9l\u00e9gation de signature est donn\u00e9e \u00e0 l'effet de  signer dans les conditions fix\u00e9es dans les arr\u00eat\u00e9s  \nsusvis\u00e9s, dans le cadre de leurs attributions et co mp\u00e9tences, toute pi\u00e8ce relative \u00e0 l'exercice de la \ncomp\u00e9tence d'ordonnateur secondaire d\u00e9l\u00e9gu\u00e9, tant pour les d\u00e9penses que pour les recettes, aux agents \nci-apr\u00e8s d\u00e9sign\u00e9s  : \n \n\u2022 Mme Dominique BERTHON, cheffe du service connaissan ce et d\u00e9veloppement durable, et ses \nadjoints M. J\u00e9r\u00f4me AYACHE, M. Guillaume CRIEF et M. Luc CHARANSONNEY. \n \nParagraphe 2 \u2013 Passation et ex\u00e9cution des march\u00e9s publics et accords-cadres \n \n1.  Subd\u00e9l\u00e9gation de signature est consentie, dans la limite de leurs attributions et des montants indiqu\u00e9s \nci-dessous, aux personnes suivantes  pour signer toutes pi\u00e8ces relatives \u00e0 la passation et l'ex\u00e9cution des \nmarch\u00e9s publics et des accords-cadres  : \n \nNOM ET FONCTION Suppl\u00e9ant en cas d'absence \nou d'emp\u00eachement \nPassation et ex\u00e9cution de march\u00e9s et \naccords-cadres en montant HT maximum \nDominique BERTHON, \ncheffe du service \nJ\u00e9r\u00f4me AYACHE et Guillaume \nCRIEF, Luc CHARANSONNEY, \nadjoints \n\u00c9tudes et services \n \n143  000  \u20ac \n \n2.  Subd\u00e9l\u00e9gation de signature est donn\u00e9e \u00e0 Mme Domini que BERTHON, \u00e0 M. J\u00e9r\u00f4me AYACHE, \u00e0 M. \nGuillaume CRIEF et \u00e0 M. Luc CHARANSONNEY, dans la l imite de leurs attributions, pour signer toute \npi\u00e8ce relative \u00e0 l'ex\u00e9cution des march\u00e9s publics et  des accords-cadres sup\u00e9rieurs aux seuils ci-dessus , \u00e0 \nl'exclusion des pi\u00e8ces mentionn\u00e9es ci-apr\u00e8s  : \n\u2013 rapport de pr\u00e9sentation  ; \n\u2013 d\u00e9cision d'attribution d'un march\u00e9 et lettre de rejet d'une offre  ; \n\u2013 acte d'engagement  ; \n\u2013 avenant ou acte modificatif  ; \n\u2013 d\u00e9cision d'affermissement de tranche conditionnelle ou optionnelle  ; \n\u2013 d\u00e9cision de reconduction ou non reconduction  ; \n\u2013 d\u00e9cision de r\u00e9siliation  ; \n\u2013 d\u00e9cision d'ajournement. \n \nDans l'hypoth\u00e8se o\u00f9 le montant initial du march\u00e9 es t augment\u00e9 (avenant \u00e0 incidences financi\u00e8res), le \nseuil est appr\u00e9ci\u00e9 sur le montant total du march\u00e9 public ou accord-cadre, apr\u00e8s augmentation. \n \n  \nDirection r\u00e9gionale et interd\u00e9partementale de l'environnement, de l'am\u00e9nagement et des transports d'\u00cele-de-France -\nIDF-2025-08-28-00012 - D\u00e9cision DRIEAT-IDF du 28 ao\u00fbt 2025 portant subd\u00e9l\u00e9gation de signature en mati\u00e8re d'ordonnancement\nsecondaire et de commande publique pour le compte du pr\u00e9fet de la r\u00e9gion d'\u00cele-de-France\n73\n \n  20 \nARTICLE 6 \u2013 SERVICE AM\u00c9NAGEMENT DURABLE \n \nParagraphe 1 \u2013 Ordonnancement secondaire \n \n1.  La subd\u00e9l\u00e9gation de signature du pr\u00e9sent paragraphe porte sur  : \n \na. Les programmes du minist\u00e8re de la transition \u00e9co logique et de la coh\u00e9sion des territoires et du \nminist\u00e8re de la transition \u00e9nerg\u00e9tique  : \n \n\uf0d8 \u00ab Paysages, eau et biodiversit\u00e9 \u00bb (n\u00b0 113)  ; \n\uf0d8 \u00ab Urbanisme, territoires et am\u00e9lioration de l'habitat \u00bb (n\u00b0 135)  ; \n\uf0d8 \u00ab Pr\u00e9vention des risques  \u00bb (n\u00b0  181)  ; \n\uf0d8 \u00ab Fonds d'acc\u00e9l\u00e9ration pour la transition \u00e9cologique dans les territoires  \u00bb (n\u00b0 380). \n \nb. Les programmes du minist\u00e8re charg\u00e9 de l'\u00e9conomie et des finances  : \n \n\uf0d8 \u00ab \u00c9cologie  \u00bb (n\u00b0 362)  ; \n\uf0d8 \u00ab Op\u00e9rations immobili\u00e8res et entretien des b\u00e2timents de l'\u00c9tat  \u00bb (n\u00b0 723). \n \nPour les programmes n\u00b0  362 (volet immobilier public) et n\u00b0  723, toute d\u00e9pense sup\u00e9rieure \u00e0 400  000  \u20ac HT \ndevra faire l'objet d'un visa pr\u00e9alable du pr\u00e9fet de la r\u00e9gion d'\u00cele-de-France, en application de l'ar ticle 3 \nde l'arr\u00eat\u00e9 de d\u00e9l\u00e9gation de signature en mati\u00e8re d'ordonnancement secondaire susvis\u00e9. \n \n2. Subd\u00e9l\u00e9gation de signature est donn\u00e9e \u00e0 l'effet de signer dans les conditions fix\u00e9es dans les arr\u00eat\u00e9s \nsusvis\u00e9s, dans le cadre de ses attributions et comp \u00e9tences, toute pi\u00e8ce relative \u00e0 l'exercice de la \ncomp\u00e9tence d'ordonnateur secondaire d\u00e9l\u00e9gu\u00e9, tant pour les d\u00e9penses que pour les recettes \u00e0  : \n\u2022 Mme Muriel BENSAID responsable du service am\u00e9nagement durable ; \n\u2022 Mme Nina A\u00cfSSANI, cheffe de l'unit\u00e9 budg\u00e9taire et financi\u00e8re. \n \nParagraphe 2 \u2013 Passation et ex\u00e9cution des march\u00e9s publics et accords-cadres \n \n1. Subd\u00e9l\u00e9gation de signature est consentie, dans la limite de ses attributions et des montants indiqu \u00e9s \nci-dessous, pour signer toutes pi\u00e8ces relatives \u00e0 l a passation et l'ex\u00e9cution des march\u00e9s publics et d es \naccords-cadres, \u00e0  : \n \n \nNOM ET FONCTION  \nSuppl\u00e9ant en cas d'absence \nou d'emp\u00eachement \nPassation et ex\u00e9cution de march\u00e9s et accords-\ncadres en euros montant HT maximum \nMuriel BENSAID, \nresponsable \n \nMme Nina A\u00cfSSANI, cheffe \nde l'unit\u00e9 budg\u00e9taire et \nfinanci\u00e8re \n\u00c9tudes et services 143  000  \u20ac\n \n \n2.  Subd\u00e9l\u00e9gation de signature est donn\u00e9e \u00e0 Mme Muriel BENSAID, dans la limite de ses attributions, pour \nsigner toute pi\u00e8ce relative \u00e0 l'ex\u00e9cution des march\u00e9s publics et des accords-cadres sup\u00e9rieurs aux seuils \nmentionn\u00e9s ci-dessus, \u00e0 l'exclusion des pi\u00e8ces mentionn\u00e9es ci-apr\u00e8s  : \n\u2013 rapport de pr\u00e9sentation  ; \n\u2013 d\u00e9cision d'attribution d'un march\u00e9 et lettre de rejet d'une offre  ; \n\u2013 acte d'engagement  ; \n\u2013 avenant ou acte modificatif  ; \n\u2013 d\u00e9cision d'affermissement de tranche conditionnelle ou optionnelle  ; \n\u2013 d\u00e9cision de reconduction ou non reconduction  ; \nDirection r\u00e9gionale et interd\u00e9partementale de l'environnement, de l'am\u00e9nagement et des transports d'\u00cele-de-France -\nIDF-2025-08-28-00012 - D\u00e9cision DRIEAT-IDF du 28 ao\u00fbt 2025 portant subd\u00e9l\u00e9gation de signature en mati\u00e8re d'ordonnancement\nsecondaire et de commande publique pour le compte du pr\u00e9fet de la r\u00e9gion d'\u00cele-de-France\n74\n \n  21 \n\u2013 d\u00e9cision de r\u00e9siliation  ; \n\u2013 d\u00e9cision d'ajournement. \n \nDans l'hypoth\u00e8se o\u00f9 le montant initial du march\u00e9 es t augment\u00e9 (avenant \u00e0 incidences financi\u00e8res), le \nseuil est appr\u00e9ci\u00e9 sur le montant total du march\u00e9 public ou accord-cadre, apr\u00e8s augmentation. \n \nARTICLE 7 \u2013 SERVICE DE LA POLITIQUE DES TRANSPORTS \n \nParagraphe 1 \u2013 Ordonnancement secondaire \n \n1.  La subd\u00e9l\u00e9gation de signature du pr\u00e9sent paragraph e porte sur les programmes du minist\u00e8re de la \ntransition \u00e9cologique et de la coh\u00e9sion des territoires et du minist\u00e8re de la transition \u00e9nerg\u00e9tique  : \n\uf0d8 \u00ab Infrastructures et services de transport  \u00bb (n\u00b0 203)  ; \n\uf0d8 \u00ab Fonds d'acc\u00e9l\u00e9ration de la transition \u00e9cologique dans les territoires  \u00bb (n\u00b0 380). \n \n2. Subd\u00e9l\u00e9gation de signature est donn\u00e9e \u00e0 l'effet de signer dans les conditions fix\u00e9es dans les arr\u00eat\u00e9s \nsusvis\u00e9s, dans le cadre de leurs attributions et co mp\u00e9tences, toute pi\u00e8ce relative \u00e0 l'exercice de la \ncomp\u00e9tence d'ordonnateur secondaire d\u00e9l\u00e9gu\u00e9 pour les d\u00e9penses aux agents ci-apr\u00e8s d\u00e9sign\u00e9s  : \n\u2022 M. Christophe DENIAU, chef du service politique des transports  ; \n\u2022 M. Denis LAISNEY, responsable du d\u00e9partement des transports urbains. \n\u2022 M. Eliott VARON, chef du d\u00e9partement des mobilit\u00e9s et de la logistique  ; \n\u2022 M. Mathurin KRANQUI, chef de l'unit\u00e9 budget et synth\u00e8se financi\u00e8re  ; \n\u2022 M. \u00c9ric LAVOINE, secr\u00e9taire d'administration et de contr\u00f4le de classe normale du d\u00e9veloppement \ndurable, contr\u00f4leur de gestion transports, responsable de la cellule budget et synth\u00e8se financi\u00e8re. \n \nParagraphe 2 \u2013 Passation et ex\u00e9cution des march\u00e9s publics et accords-cadres \n \n1.  Subd\u00e9l\u00e9gation de signature est consentie, dans la limite de leurs attributions et des montants indiqu\u00e9s \nci-dessous, aux personnes suivantes pour signer tou tes pi\u00e8ces relatives \u00e0 la passation et l'ex\u00e9cution des \nmarch\u00e9s publics et des accords-cadres  : \n \nNOM ET FONCTION Suppl\u00e9ant en cas d'absence \nou d'emp\u00eachement \nPassation et ex\u00e9cution de \nmarch\u00e9s et accords-cadres en \nmontant HT maximum \nChristophe DENIAU, chef du service \npolitique des transports  ; \n \nDenis LAISNEY, chef du \nd\u00e9partement des transports urbains \n \nEliott VARON, chef du d\u00e9partement \ndes mobilit\u00e9s et de la logistique \nM. Mathurin KRANQUI, chef \nde l'unit\u00e9 budget et synth\u00e8se \nfinanci\u00e8re \n \nM. \u00c9ric LAVOINE, responsable \nde la cellule budget et \nsynth\u00e8se financi\u00e8re \n\u00c9tudes et \nservices \n143  000 \u20ac \n \n2.  Subd\u00e9l\u00e9gation de signature est donn\u00e9e \u00e0 M. Christophe DENIAU, M. Denis LAISNEY et M. Eliott VARON, \npour signer, dans la limite de leurs attributions, toutes pi\u00e8ces relatives \u00e0 l'ex\u00e9cution des march\u00e9s publics \net des accords-cadres sup\u00e9rieurs aux seuils mention n\u00e9s ci-dessus, \u00e0 l'exclusion des pi\u00e8ces mentionn\u00e9es  \nci-apr\u00e8s  : \n\u2013 rapport de pr\u00e9sentation  ; \n\u2013 d\u00e9cision d'attribution d'un march\u00e9 et lettre de rejet d'une offre  ; \n\u2013 acte d'engagement  ; \nDirection r\u00e9gionale et interd\u00e9partementale de l'environnement, de l'am\u00e9nagement et des transports d'\u00cele-de-France -\nIDF-2025-08-28-00012 - D\u00e9cision DRIEAT-IDF du 28 ao\u00fbt 2025 portant subd\u00e9l\u00e9gation de signature en mati\u00e8re d'ordonnancement\nsecondaire et de commande publique pour le compte du pr\u00e9fet de la r\u00e9gion d'\u00cele-de-France\n75\n \n  22 \n\u2013 avenant ou acte modificatif  ; \n\u2013 d\u00e9cision d'affermissement de tranche conditionnelle ou optionnelle  ; \n\u2013 d\u00e9cision de reconduction ou non reconduction  ; \n\u2013 d\u00e9cision de r\u00e9siliation  ; \n\u2013 d\u00e9cision d'ajournement. \n \nDans l'hypoth\u00e8se o\u00f9 le montant initial du march\u00e9 es t augment\u00e9 (avenant \u00e0 incidences financi\u00e8res), le \nseuil est appr\u00e9ci\u00e9 sur le montant total du march\u00e9 public ou accord-cadre, apr\u00e8s augmentation. \n \nARTICLE 8 \u2013 SERVICE \u00c9NERGIE ET B\u00c2TIMENT \n \nParagraphe 1 \u2013 Ordonnancement secondaire \n \n1.  La subd\u00e9l\u00e9gation de signature du pr\u00e9sent paragraphe porte sur  : \n \na. Les programmes du minist\u00e8re de la transition \u00e9co logique et de la coh\u00e9sion des territoires et du \nminist\u00e8re de la transition \u00e9nerg\u00e9tique : \n\uf0d8 \u00ab Urbanisme, territoires et am\u00e9lioration de l'habitat \u00bb (n\u00b0 135)  ; \n\uf0d8 \u00ab Expertise, information g\u00e9ographique et m\u00e9t\u00e9orologie \u00bb (n\u00b0 159)  ; \n\uf0d8 \u00ab \u00c9nergie, climat et apr\u00e8s-mines  \u00bb (n\u00b0 174)  ; \n\uf0d8 \u00ab \u00c9cologie  \u00bb (n\u00b0 362)  ; \n\uf0d8 \u00ab Infrastructures et services de transport  \u00bb (n\u00b0 203)  ; \n\uf0d8 \u00ab Fonds d'acc\u00e9l\u00e9ration de la transition \u00e9cologique dans les territoires  \u00bb (n\u00b0 380). \n \nb. Les programmes du minist\u00e8re de l'int\u00e9rieur  : \u00ab  S\u00e9curit\u00e9 et \u00e9ducation routi\u00e8res  \u00bb (n\u00b0  207) et \n\u00ab Administration territoriale de l'\u00c9tat  \u00bb (n\u00b0 354)  ;  \n \nc. Le programme du minist\u00e8re charg\u00e9 des sports  : \u00ab Sports  \u00bb (n\u00b0 219)  ; \n \nd. Les programmes du minist\u00e8re de l'\u00c9conomie et des Finances  : \n\uf0d8 \u00ab Fonction Publique  \u00bb (n\u00b0 148)  ; \n\uf0d8 \u00ab Op\u00e9rations immobili\u00e8res et entretiens des b\u00e2timents de l'\u00c9tat  \u00bb (n\u00b0 723) \n\uf0d8 \u00ab Performance et r\u00e9silience des b\u00e2timents de l'\u00c9tat et de ses op\u00e9rateurs  \u00bb (n\u00b0 348). \n \nPour les programmes n\u00b0 348, n\u00b0  354, n\u00b0  362 (volet immobilier public) et n\u00b0  723, toute d\u00e9pense sup\u00e9rieure \n\u00e0 400  000  \u20ac HT devra faire l'objet d'un visa pr\u00e9alable du pr\u00e9fet de la r\u00e9gion \u00cele-de-France, en application \nde l'article 3 de l'arr\u00eat\u00e9 de d\u00e9l\u00e9gation de signature en mati\u00e8re d'ordonnancement secondaire susvis\u00e9. \n \n2.  Subd\u00e9l\u00e9gation de signature du pr\u00e9sent paragraphe e st donn\u00e9e aux personnes d\u00e9sign\u00e9es ci-apr\u00e8s, \u00e0 \nl'effet de signer dans les conditions fix\u00e9es aux ar r\u00eat\u00e9s susvis\u00e9s et dans la limite de leurs attributi ons et \ncomp\u00e9tences, les propositions d'engagement et toute  pi\u00e8ce relative \u00e0 l'exercice de la comp\u00e9tence \nd'ordonnateur secondaire d\u00e9l\u00e9gu\u00e9, tant pour les d\u00e9penses que pour les recettes  : \n \n\u2022 Mme Aurore FARGETTE, cheffe du service \u00e9nergie et b\u00e2timent  ; \n\u2022 Mme Alice METAYER-MATHIEU, adjointe \u00e0 la cheffe du service \u00e9nergie et b\u00e2timent  ; \n\u2022 Mme Nathalie BOUSQUET, cheffe du d\u00e9partement b\u00e2timent (DB)  ; \n\u2022 M. Thibaut BADOUAL, chef du d\u00e9partement climat, air, \u00e9nergie  ; \n\u2022 Mme Julie LODEWYCKX, adjointe au chef du d\u00e9partement climat, air, \u00e9nergie  ; \n\u2022 Mme H\u00e9l\u00e8ne BONNET, cheffe du d\u00e9partement patrimoine immobilier  ; \n\u2022 M. Louis ORTA, adjoint \u00e0 la cheffe du d\u00e9partement patrimoine immobilier  ; \n\u2022 M. Radouane LAHMER, chef de l'unit\u00e9 suivi financier et march\u00e9s  ; \nDirection r\u00e9gionale et interd\u00e9partementale de l'environnement, de l'am\u00e9nagement et des transports d'\u00cele-de-France -\nIDF-2025-08-28-00012 - D\u00e9cision DRIEAT-IDF du 28 ao\u00fbt 2025 portant subd\u00e9l\u00e9gation de signature en mati\u00e8re d'ordonnancement\nsecondaire et de commande publique pour le compte du pr\u00e9fet de la r\u00e9gion d'\u00cele-de-France\n76\n \n  23 \n\u2022 Mme Evelyne GUERTON, adjointe au chef de l'unit\u00e9 suivi financier et march\u00e9s  ; \n\u2022 M. Mounir BOUALAOUI, chef de l'unit\u00e9 \u00e9tudes et projets b\u00e2timent 1  ; \n\u2022 M. Dorian STEINMETZ, chef de l'unit\u00e9 \u00e9tudes et projets b\u00e2timent 2  ; \n \nParagraphe 2 \u2013 Passation et ex\u00e9cution des march\u00e9s publics et accords-cadres \n \n1.  Subd\u00e9l\u00e9gation de signature est consentie, dans la limite de leurs attributions et des montants indiqu\u00e9s \nci-dessous, aux personnes suivantes  pour signer toutes pi\u00e8ces relatives \u00e0 la passation et \u00e0 l'ex\u00e9cution des \nmarch\u00e9s publics et des accords-cadres  : \n \n \nNOM ET FONCTION  \nSuppl\u00e9ant en cas d'absence ou \nd'emp\u00eachement \nPassation et ex\u00e9cution de \nmarch\u00e9s et accords-cadres en \nmontant HT maximum \nAurore FARGETTE, \ncheffe du service \nAlice METAYER-MATHIEU, adjointe \u00e0 la \ncheffe du service \nTravaux 1  000  000  \u20ac\n \n\u00c9tudes et services 250  000  \u20ac \nH\u00e9l\u00e8ne BONNET, cheffe du d\u00e9partement \npatrimoine immobilier \n \nLouis ORTA, adjoint \u00e0 la cheffe du \nd\u00e9partement patrimoine immobilier \n \nRadouane LAHMER, chef de l'unit\u00e9 suivi \nfinancier et march\u00e9s \n \nEvelyne GUERTON, adjointe au chef de \nl'unit\u00e9 suivi financier et march\u00e9s \n \nNathalie BOUSQUET, cheffe du \nd\u00e9partement b\u00e2timent \n \nThibaut BADOUAL, chef du d\u00e9partement \nclimat, air, \u00e9nergie \n \nJulie LODEWYCKX, adjointe au chef du \nd\u00e9partement climat, air, \u00e9nergie \nTravaux \n \n\u00c9tudes et services \n250  000  \u20ac\n \n \n143  000  \u20ac \n \n2.  Subd\u00e9l\u00e9gation de signature est donn\u00e9e \u00e0 Mme Aurore FARGETTE- et \u00e0 Mme Alice METAYER-MATHIEU \npour signer, dans la limite de leurs attributions, toutes pi\u00e8ces relatives \u00e0 l'ex\u00e9cution des march\u00e9s publics \net des accords-cadres sup\u00e9rieurs aux seuils mentionn\u00e9s au paragraphe 2.1, \u00e0 l'exclusion \u00e0 l'exclusion des \npi\u00e8ces mentionn\u00e9es ci-apr\u00e8s  : \n \n\u2013 rapport de pr\u00e9sentation  ; \n\u2013 d\u00e9cision d'attribution d'un march\u00e9 et lettre de rejet d'une offre  ; \n\u2013 acte d'engagement  ; \n\u2013 avenant ou acte modificatif  ; \n\u2013 d\u00e9cision d'affermissement de tranche conditionnelle ou optionnelle  ; \n\u2013 d\u00e9cision de reconduction ou non reconduction  ; \n\u2013 d\u00e9cision de r\u00e9siliation  ; \n\u2013 d\u00e9cision d'ajournement. \nDirection r\u00e9gionale et interd\u00e9partementale de l'environnement, de l'am\u00e9nagement et des transports d'\u00cele-de-France -\nIDF-2025-08-28-00012 - D\u00e9cision DRIEAT-IDF du 28 ao\u00fbt 2025 portant subd\u00e9l\u00e9gation de signature en mati\u00e8re d'ordonnancement\nsecondaire et de commande publique pour le compte du pr\u00e9fet de la r\u00e9gion d'\u00cele-de-France\n77\n \n  24 \n \nDans l'hypoth\u00e8se o\u00f9 le montant initial du march\u00e9 es t augment\u00e9 (avenant \u00e0 incidences financi\u00e8res), le \nseuil est appr\u00e9ci\u00e9 sur le montant total du march\u00e9 public ou accord-cadre, apr\u00e8s augmentation. \n \n3.  Subd\u00e9l\u00e9gation de signature est donn\u00e9e aux autres a gents mentionn\u00e9s au paragraphe 2.1 pour signer, \ndans la limite de leurs attributions, et pour les m arch\u00e9s dont le montant, en tenant compte des \n\u00e9ventuelles augmentations, ne d\u00e9passe pas les seuils autoris\u00e9s pour le responsable du SEB au paragraphe \n2.1  : \n\u2013 toutes pi\u00e8ces relatives \u00e0 l'ex\u00e9cution des march\u00e9s publics et des accords-cadres  ; \n\u2013 les commandes prises dans le cadre de march\u00e9s \u00e0 bons de commandes. \n \n4.  Subd\u00e9l\u00e9gation de signature est \u00e9galement donn\u00e9e \u00e0 M. Mounir BOUALAOUI et \u00e0 M. Dorian STEINMETZ, \nrespectivement chefs des unit\u00e9s \u00e9tudes et projets 1 et 2, pour signer, dans la limite de leurs attributions, \net pour les march\u00e9s dont le montant, en tenant compte des \u00e9ventuelles augmentations, ne d\u00e9passe pas \nles seuils autoris\u00e9s pour le d\u00e9partement au paragraphe 2.1  : \n\u2013 les actes relatifs \u00e0 l'ex\u00e9cution des march\u00e9s relevant du repr\u00e9sentant du pouvoir adjudicateur (RPA) sans \nincidence financi\u00e8re  (sont exclus  : les actes d'engagement, avenants ou actes modifica tifs, d\u00e9cisions \nd'affermissement de tranches conditionnelles ou optionnelles, d\u00e9cisions de r\u00e9siliation, ordres de service \navec incidence financi\u00e8re). \n \nARTICLE 9 \u2013 SERVICE DE LA PR\u00c9VENTION DES RISQUES \n \nParagraphe 1 \u2013 Ordonnancement secondaire \n \n1.  La subd\u00e9l\u00e9gation de signature du pr\u00e9sent paragraph e porte sur le programme du minist\u00e8re de la \ntransition \u00e9cologique et de la coh\u00e9sion des territo ires et du minist\u00e8re de la transition \n\u00e9nerg\u00e9tique  \u00ab Pr\u00e9vention des risques  \u00bb (n\u00b0 181)  ; \n \n2.  La subd\u00e9l\u00e9gation de signature du pr\u00e9sent paragraphe est donn\u00e9e aux personnes d\u00e9sign\u00e9es ci-apr\u00e8s, \u00e0 \nl'effet de signer dans les conditions fix\u00e9es aux ar r\u00eat\u00e9s susvis\u00e9s et dans la limite de leurs attributi ons et \ncomp\u00e9tences, les propositions d'engagement et toute  pi\u00e8ce relative \u00e0 l'exercice de la comp\u00e9tence \nd'ordonnateur secondaire d\u00e9l\u00e9gu\u00e9, tant pour les d\u00e9penses que pour les recettes  : \n \n\u2022 Mme Guillemette DE KERDREL, cheffe du service pr\u00e9vention des risques ; \n\u2022 M. Baptiste POTERSZMAN, adjoint \u00e0 la cheffe du service pr\u00e9vention des risques, chef du d\u00e9partement \nrisques chroniques ; \n\u2022 Mme Ir\u00e8ne ALFONSI, adjointe \u00e0 la cheffe du d\u00e9partement des risques chroniques  ; \n\u2022 Mme \u00c9lisabeth BLATON, cheffe du d\u00e9partement risques accidentels ;  \n\u2022 M. Vincent PIERRON, adjoint \u00e0 la cheffe du d\u00e9partement risques accidentels ; \n\u2022 M. Baptiste LORENZI, chef du d\u00e9partement risques naturels  ;  \n\u2022 Mme Laurence BALMES, adjointe au chef du d\u00e9partement risques naturels  ;  \n\u2022 Mme Sophie SAUVAGNAT, adjointe au chef du d\u00e9partement risques naturels  ; \n\u2022 Mme Manon VIGNES, cheffe du d\u00e9partement hydrologie et pr\u00e9vision des crues  ; \n\u2022 Mme Carine CHALEON, adjointe \u00e0 la cheffe du d\u00e9partement hydrologie et pr\u00e9vision des crues. \n\u2022 Mme Audrey BILDSTEIN, cheffe de l'unit\u00e9 hydrom\u00e9trie et r\u00e9seaux de mesure  ; \n\u2022 M. Christophe DYCKE, adjoint \u00e0 la cheffe de l'unit\u00e9 hydrom\u00e9trie et r\u00e9seaux de mesure. \n\u2022 Mme Sylvie LE DANTEC, assistante. \n \nParagraphe 2 - Passation et ex\u00e9cution des march\u00e9s publics \n \nDirection r\u00e9gionale et interd\u00e9partementale de l'environnement, de l'am\u00e9nagement et des transports d'\u00cele-de-France -\nIDF-2025-08-28-00012 - D\u00e9cision DRIEAT-IDF du 28 ao\u00fbt 2025 portant subd\u00e9l\u00e9gation de signature en mati\u00e8re d'ordonnancement\nsecondaire et de commande publique pour le compte du pr\u00e9fet de la r\u00e9gion d'\u00cele-de-France\n78\n \n  25 \n1.  Subd\u00e9l\u00e9gation de signature est consentie, dans la limite de leurs attributions et des montants indiqu\u00e9s \nci-dessous, aux personnes suivantes  pour signer toutes pi\u00e8ces relatives \u00e0 la passation et \u00e0 l'ex\u00e9cution des \nmarch\u00e9s publics et des accords-cadres  : \n \n \nNOM ET FONCTION \nSuppl\u00e9ant en cas d'absence ou \nd'emp\u00eachement \nPassation et ex\u00e9cution de march\u00e9s \net accords-cadres en montant HT \nmaximum \nGuillemette DE \nKERDREL, cheffe du \nservice pr\u00e9vention des \nrisques \nBaptiste POTERSZMAN, adjoint \u00e0 la \ncheffe du service pr\u00e9vention des \nrisques, chef du d\u00e9partement des \nrisques chroniques \nTravaux 1  000  000  \u20ac\n \n\u00c9tudes et services 250  000  \u20ac \n \n2. Subd\u00e9l\u00e9gation de signature est donn\u00e9e \u00e0 M. LEVILLAIN et Mme DE KERDREL pour signer, dans la limite \nde leurs attributions, toutes pi\u00e8ces relatives \u00e0 l' ex\u00e9cution des march\u00e9s publics et des accords-cadres  \nsup\u00e9rieurs aux seuils mentionn\u00e9s ci-dessus, \u00e0 l'exclusion des pi\u00e8ces mentionn\u00e9es ci-apr\u00e8s  : \n\u2013 rapport de pr\u00e9sentation  ; \n\u2013 d\u00e9cision d'attribution d'un march\u00e9 et lettre de rejet d'une offre  ; \n\u2013 acte d'engagement  ; \n\u2013 avenant ou acte modificatif  ; \n\u2013 d\u00e9cision d'affermissement de tranche conditionnelle ou optionnelle  ; \n\u2013 d\u00e9cision de reconduction ou non reconduction  ; \n\u2013 d\u00e9cision de r\u00e9siliation  ; \n\u2013 d\u00e9cision d'ajournement. \nDans l'hypoth\u00e8se o\u00f9 le montant initial du march\u00e9 es t augment\u00e9 (avenant \u00e0 incidences financi\u00e8res), le \nseuil est appr\u00e9ci\u00e9 sur le montant total du march\u00e9 public ou accord-cadre, apr\u00e8s augmentation. \n \nARTICLE 10 \u2013 SERVICE S\u00c9CURIT\u00c9 DES TRANSPORTS ET DES  VEHICULES \n \nParagraphe 1 \u2013 Ordonnancement secondaire \n \n1.  La subd\u00e9l\u00e9gation de signature du pr\u00e9sent paragraphe porte sur  : \n \na. Le programme du minist\u00e8re de la transition \u00e9cologique et de la coh\u00e9sion des territoires et du minist\u00e8re \nde la transition \u00e9nerg\u00e9tique  : \n\uf0d8 \u00ab Infrastructures et services de transport  \u00bb (n\u00b0 203)  ; \n\uf0d8 \u00ab Energie, climat et apr\u00e8s-mines  \u00bb (n\u00b0 174)  ; \n \nb. Le programme du minist\u00e8re de l'int\u00e9rieur  : \u00ab S\u00e9curit\u00e9 et \u00e9ducation routi\u00e8res  \u00bb (n\u00b0 207). \n \n2.  Subd\u00e9l\u00e9gation de signature est donn\u00e9e \u00e0 l'effet de  signer dans les conditions fix\u00e9es dans les arr\u00eat\u00e9s  \nsusvis\u00e9s, dans le cadre de leurs attributions et co mp\u00e9tences, toute pi\u00e8ce relative \u00e0 l'exercice de la \ncomp\u00e9tence d'ordonnateur secondaire d\u00e9l\u00e9gu\u00e9, tant pour les d\u00e9penses que pour les recettes, aux agents \nci-apr\u00e8s d\u00e9sign\u00e9s  : \n \n\u2022 M Paul WEICK, directeur adjoint charg\u00e9 de la s\u00e9curi t\u00e9 des transports et des missions de d\u00e9fense et \nde s\u00e9curit\u00e9, chef du service s\u00e9curit\u00e9 des transport s et des v\u00e9hicules, et son adjointe Mme Odile \nS\u00c9GUIN  ; \n\u2022 M. Ronan MEAR, chef du d\u00e9partement r\u00e9gulation des transports routiers  ; \n\u2022 Mme Isabelle MONMOUSSEAU, adjointe au chef du d\u00e9partement r\u00e9gulation des transports routiers \u00e0 \ncompter du 1 \ner  novembre 2025 ; \n\u2022 M. Ren\u00e9 ALBERTI, chef du d\u00e9partement s\u00e9curit\u00e9, \u00e9ducation et circulation routi\u00e8res  ; \nDirection r\u00e9gionale et interd\u00e9partementale de l'environnement, de l'am\u00e9nagement et des transports d'\u00cele-de-France -\nIDF-2025-08-28-00012 - D\u00e9cision DRIEAT-IDF du 28 ao\u00fbt 2025 portant subd\u00e9l\u00e9gation de signature en mati\u00e8re d'ordonnancement\nsecondaire et de commande publique pour le compte du pr\u00e9fet de la r\u00e9gion d'\u00cele-de-France\n79\n \n  26 \n\u2022 Mme St\u00e9phanie COMBARET, adjointe au chef du d\u00e9parte ment s\u00e9curit\u00e9, \u00e9ducation et circulation \nrouti\u00e8res ; \n\u2022 Mme Marion ESCARGUEIL-RAYNAUD, cheffe du d\u00e9partement s\u00e9curit\u00e9 des transports fluviaux et son \nadjointe, Mme Justine GODARD  ; \n\u2022 M. Yves SCHOEFFNER, responsable du d\u00e9partement homologation et surveillance des v\u00e9hicules. \n \nParagraphe 2 \u2013 Passation et ex\u00e9cution des march\u00e9s publics et accords-cadres \n \n1.  Subd\u00e9l\u00e9gation de signature est consentie, dans la limite de leurs attributions et des montants indiqu\u00e9s \nci-dessous, aux personnes suivantes  pour signer toutes pi\u00e8ces relatives \u00e0 la passation et l'ex\u00e9cution des \nmarch\u00e9s publics et des accords-cadres  : \n \n \nNOM ET FONCTION \nSuppl\u00e9ant en cas d'absence \nou d'emp\u00eachement \nPassation et ex\u00e9cution de \nmarch\u00e9s et accords-cadres, en \nmontant HT maximum \nPaul WEICK, \nchef du service  \nOdile S\u00c9GUIN, \nadjointe au chef de service \nTravaux, fournitures, \n \n\u00e9tudes et services \n250  000  \u20ac \n143  000  \u20ac \nMarion ESCARGUEIL-RAYNAUD, \ncheffe du d\u00e9partement s\u00e9curit\u00e9 \ndes transports fluviaux \n \nRonan MEAR, chef du d\u00e9partement \nr\u00e9gulation des transports routiers \n \nRen\u00e9 ALBERTI, chef du \nd\u00e9partement s\u00e9curit\u00e9 et \u00e9ducation \nrouti\u00e8res \n \nYves SCHOEFFNER, chef du \nd\u00e9partement homologation et \nsurveillance des v\u00e9hicules \n Fournitures, \u00e9tudes \net services \n40  \n000 \u20ac \n \n \n2.  Subd\u00e9l\u00e9gation de signature est donn\u00e9e, dans la lim ite de ses attributions, \u00e0 Mme Odile S\u00c9GUIN, \nadjointe au responsable du service s\u00e9curit\u00e9 des tra nsports et des v\u00e9hicules, pour signer toute pi\u00e8ce \nrelative \u00e0 l'ex\u00e9cution des march\u00e9s publics et des a ccords-cadres sup\u00e9rieurs aux seuils mentionn\u00e9s ci-\ndessus, \u00e0 l'exclusion des pi\u00e8ces mentionn\u00e9es ci-apr\u00e8s  : \n\u2013 rapport de pr\u00e9sentation  ; \n\u2013 d\u00e9cision d'attribution d'un march\u00e9 et lettre de rejet d'une offre  ; \n\u2013 acte d'engagement  ; \n\u2013 avenant ou acte modificatif  ; \n\u2013 d\u00e9cision d'affermissement de tranche conditionnelle ou optionnelle  ; \n\u2013 d\u00e9cision de reconduction ou non reconduction  ; \n\u2013 d\u00e9cision de r\u00e9siliation  ; \n\u2013 d\u00e9cision d'ajournement. \nDans l'hypoth\u00e8se o\u00f9 le montant initial du march\u00e9 es t augment\u00e9 (avenant \u00e0 incidences financi\u00e8res), le \nseuil est appr\u00e9ci\u00e9 sur le montant total du march\u00e9 public ou accord-cadre, apr\u00e8s augmentation. \n \n3.  Subd\u00e9l\u00e9gation de signature est donn\u00e9e \u00e0 l'effet de signer les commandes, quel que soit leur montant, \nprises dans le cadre de march\u00e9s sur devis ou \u00e0 bons  de commandes relevant de leurs attributions et \ncomp\u00e9tences, aux personnes suivantes : \nDirection r\u00e9gionale et interd\u00e9partementale de l'environnement, de l'am\u00e9nagement et des transports d'\u00cele-de-France -\nIDF-2025-08-28-00012 - D\u00e9cision DRIEAT-IDF du 28 ao\u00fbt 2025 portant subd\u00e9l\u00e9gation de signature en mati\u00e8re d'ordonnancement\nsecondaire et de commande publique pour le compte du pr\u00e9fet de la r\u00e9gion d'\u00cele-de-France\n80\n \n  27 \n \n\u2022 M. Ronan MEAR, chef du d\u00e9partement r\u00e9gulation des transports routiers ; \n\u2022 Mme Isabelle MONMOUSSEAU, adjointe au chef du d\u00e9partement r\u00e9gulation des transports routiers ; \n\u2022 M. Ren\u00e9 ALBERTI, chef du d\u00e9partement s\u00e9curit\u00e9, \u00e9ducation et circulation routi\u00e8res  ; \n\u2022 Mme St\u00e9phanie COMBARET, adjointe au chef du d\u00e9parte ment s\u00e9curit\u00e9, \u00e9ducation et circulation \nrouti\u00e8res ; \n\u2022 Mme Marion ESCARGUEIL-RAYNAUD, cheffe du d\u00e9partement s\u00e9curit\u00e9 des transports fluviaux et son \nadjointe, Mme Justine GODARD  ; \n\u2022 M. Yves SCHOEFFNER, responsable du d\u00e9partement homologation et surveillance des v\u00e9hicules. \n\u2022 Mme Sadia KHELIFI, cheffe de la division gestion du d\u00e9partement r\u00e9gulation des transports routiers  ; \n\u2022 M. Hugues NOLLET, responsable de la division contr\u00f4 le du d\u00e9partement r\u00e9gulation des transports \nroutiers  ; \n\u2022 M. Jean-Fran\u00e7ois FRATINI, responsable du bureau s\u00e9curit\u00e9 et \u00e9ducation routi\u00e8res  ; \n\u2022 Mme Sabrina LANDUREAU, cheffe de l'unit\u00e9  s\u00e9curit\u00e9 des bateaux. \n \n4.  Subd\u00e9l\u00e9gation de signature est \u00e9galement donn\u00e9e \u00e0 l'effet de signer, dans le cadre de leurs attributions \net comp\u00e9tences respectives, toute pi\u00e8ce relative \u00e0 la passation et \u00e0 l'ex\u00e9cution des march\u00e9s inf\u00e9rieurs \u00e0 \n20  000  \u20ac HT \u00e0 M.  Jean-Fran\u00e7ois FRATINI, chef de l'unit\u00e9 s\u00e9curit\u00e9 et \u00e9ducation routi\u00e8res et \u00e0 Mme Sabrina \nLANDUREAU, cheffe de l'unit\u00e9 s\u00e9curit\u00e9 des bateaux. \n \nARTICLE 11 \u2013 SERVICE POLITIQUES ET POLICE DE L'EAU  \n \nParagraphe 1 \u2013 Ordonnancement secondaire \n \n1.  La subd\u00e9l\u00e9gation de signature du pr\u00e9sent paragraph e porte sur les programmes du minist\u00e8re de la \ntransition \u00e9cologique et de la coh\u00e9sion des territoires et du minist\u00e8re de la transition \u00e9nerg\u00e9tique  : \n \n\uf0d8 \u00ab Paysages, eau et biodiversit\u00e9 \u00bb (n\u00b0 113)  ; \n\uf0d8 \u00ab Pr\u00e9vention des risques  \u00bb (n\u00b0  181)  ; \n \n2. Subd\u00e9l\u00e9gation de signature est donn\u00e9e \u00e0 l'effet de signer dans les conditions fix\u00e9es dans les arr\u00eat\u00e9s \nsusvis\u00e9s, dans la limite de leurs attributions et c omp\u00e9tences, toute pi\u00e8ce relative \u00e0 l'exercice de la  \ncomp\u00e9tence d'ordonnateur secondaire d\u00e9l\u00e9gu\u00e9, tant pour les d\u00e9penses que pour les recettes \u00e0  : \n\u2022 M. Thomas BOUYER, chef du service politiques et police de l'eau  ; \n\u2022 Mme Caroline LAVALLART, adjointe du chef du service  politiques et police de l'eau, responsable de \nla mission strat\u00e9gie eau et planification  ; \n\u2022 Mme \u00c9milie BONNET-DERIVIERE, adjointe au chef du service politiques et police de l'eau  ; \n \nParagraphe 2 \u2013 Passation et ex\u00e9cution des march\u00e9s publics et accords-cadres \n \n1. Subd\u00e9l\u00e9gation de signature est consentie, dans la limite de ses attributions et des montants indiqu \u00e9s \nci-dessous, pour signer toutes pi\u00e8ces relatives \u00e0 l a passation et l'ex\u00e9cution des march\u00e9s publics et d es \naccords-cadres, \u00e0  : \n \nNOM ET FONCTION Suppl\u00e9ant en cas d'absence ou \nd'emp\u00eachement \nPassation et ex\u00e9cution de \nmarch\u00e9s et accords-cadres en \nmontant HT maximum \nThomas BOUYER, chef \nde service \nCaroline LAVALLART, \nadjointe au chef de service \n\u00c9milie BONNET-DERIVIERE, adjointe au chef \ndu service \n\u00c9tudes et \nservices \n143  000  \u20ac \nDirection r\u00e9gionale et interd\u00e9partementale de l'environnement, de l'am\u00e9nagement et des transports d'\u00cele-de-France -\nIDF-2025-08-28-00012 - D\u00e9cision DRIEAT-IDF du 28 ao\u00fbt 2025 portant subd\u00e9l\u00e9gation de signature en mati\u00e8re d'ordonnancement\nsecondaire et de commande publique pour le compte du pr\u00e9fet de la r\u00e9gion d'\u00cele-de-France\n81\n \n  28 \n \n2.  Subd\u00e9l\u00e9gation de signature est donn\u00e9e \u00e0 M. Thomas BOUYER, \u00e0 Mme \nCaroline LAVALLART et \u00e0 Mme \n\u00c9milie BONNET-DERIVIERE, dans la limite de leurs attributions, pour signer t oute pi\u00e8ce relative \u00e0 \nl'ex\u00e9cution des march\u00e9s publics et des accords-cadr es sup\u00e9rieurs aux seuils mentionn\u00e9s ci-dessus, \u00e0 \nl'exclusion des pi\u00e8ces mentionn\u00e9es ci-apr\u00e8s  : \n\u2013 rapport de pr\u00e9sentation  ; \n\u2013 d\u00e9cision d'attribution d'un march\u00e9 et lettre de rejet d'une offre  ; \n\u2013 acte d'engagement  ; \n\u2013 avenant ou acte modificatif  ; \n\u2013 d\u00e9cision d'affermissement de tranche conditionnelle ou optionnelle  ; \n\u2013 d\u00e9cision de reconduction ou non reconduction  ; \n\u2013 d\u00e9cision de r\u00e9siliation  ; \n\u2013 d\u00e9cision d'ajournement. \n \nDans l'hypoth\u00e8se o\u00f9 le montant initial du march\u00e9 es t augment\u00e9 (avenant \u00e0 incidences financi\u00e8res), le \nseuil est appr\u00e9ci\u00e9 sur le montant total du march\u00e9 public ou accord-cadre, apr\u00e8s augmentation. \n \nARTICLE 12 \u2013 SERVICE NATURE ET PAYSAGE  \n \nParagraphe 1 \u2013 Ordonnancement secondaire \n \n1.  La subd\u00e9l\u00e9gation de signature du pr\u00e9sent paragraph e porte sur les programmes du minist\u00e8re de la \ntransition \u00e9cologique et de la coh\u00e9sion des territo ires et du minist\u00e8re de la transition \n\u00e9nerg\u00e9tique  \u00ab Paysages, eau et biodiversit\u00e9 \u00bb (n\u00b0 113)  et \u00ab  \u00c9cologie  \u00bb (n\u00b0 362)  ; \n \n2. Subd\u00e9l\u00e9gation de signature est donn\u00e9e \u00e0 l'effet de signer dans les conditions fix\u00e9es dans les arr\u00eat\u00e9s \nsusvis\u00e9s, dans la limite de leurs attributions et c omp\u00e9tences, toute pi\u00e8ce relative \u00e0 l'exercice de la  \ncomp\u00e9tence d'ordonnateur secondaire d\u00e9l\u00e9gu\u00e9, tant pour les d\u00e9penses que pour les recettes \u00e0 : \n \n\u2022 Mme Lucile RAMBAUD, cheffe du service nature et paysage  ; \n\u2022 M. St\u00e9phane LUCET, adjoint \u00e0 la cheffe du service nature et paysage  ; \n\u2022 Mme Florence MOTTES, cheffe du d\u00e9partement sites et paysage ; \n\u2022 Mme Paola VITA, adjointe \u00e0 la cheffe du d\u00e9partement sites et paysage  ; \n\u2022 M. Antoine LOMBARD, chef du d\u00e9partement espaces et patrimoine naturels  ; \n\u2022 M. Bastien MOREIRA-PELLET, chef du d\u00e9partement faune et flore sauvages, \n\u2022 M. Jean-Fran\u00e7ois VOISIN, adjoint au chef du d\u00e9partement faune et flore sauvages. \n \nParagraphe 2 \u2013 Passation et ex\u00e9cution des march\u00e9s publics et accords-cadres \n \n1.  Subd\u00e9l\u00e9gation de signature est consentie, dans la limite de ses attributions et des montants indiqu\u00e9s  \nci-dessous, pour signer toutes pi\u00e8ces relatives \u00e0 l a passation et l'ex\u00e9cution des march\u00e9s publics et d es \naccords-cadres, \u00e0  : \n \nNOM ET FONCTION Suppl\u00e9ant en cas d'absence \nou d'emp\u00eachement \nPassation et ex\u00e9cution de march\u00e9s et \naccords-cadres en montant HT maximum  \nLucile RAMBAUD, cheffe \ndu service \nSt\u00e9phane LUCET, adjoint \u00e0 \nla cheffe du service \n\u00c9tudes et services 143  000  \u20ac \n \n2.  Subd\u00e9l\u00e9gation de signature est donn\u00e9e \u00e0 Mme \nLucile RAMBAUD et \u00e0 M. St\u00e9phane LUCET dans la limite \nde leurs attributions, pour signer toute pi\u00e8ce rela tive \u00e0 l'ex\u00e9cution des march\u00e9s publics et des accor ds-\ncadres sup\u00e9rieurs aux seuils mentionn\u00e9s ci-dessus, \u00e0 l'exclusion des pi\u00e8ces mentionn\u00e9es ci-apr\u00e8s  : \nDirection r\u00e9gionale et interd\u00e9partementale de l'environnement, de l'am\u00e9nagement et des transports d'\u00cele-de-France -\nIDF-2025-08-28-00012 - D\u00e9cision DRIEAT-IDF du 28 ao\u00fbt 2025 portant subd\u00e9l\u00e9gation de signature en mati\u00e8re d'ordonnancement\nsecondaire et de commande publique pour le compte du pr\u00e9fet de la r\u00e9gion d'\u00cele-de-France\n82\n \n  29 \n\u2013 rapport de pr\u00e9sentation  ; \n\u2013 d\u00e9cision d'attribution d'un march\u00e9 et lettre de rejet d'une offre  ; \n\u2013 acte d'engagement  ; \n\u2013 avenant ou acte modificatif  ; \n\u2013 d\u00e9cision d'affermissement de tranche conditionnelle ou optionnelle  ; \n\u2013 d\u00e9cision de reconduction ou non reconduction  ; \n\u2013 d\u00e9cision de r\u00e9siliation  ; \n\u2013 d\u00e9cision d'ajournement. \n \nDans l'hypoth\u00e8se o\u00f9 le montant initial du march\u00e9 es t augment\u00e9 (avenant \u00e0 incidences financi\u00e8res), le \nseuil est appr\u00e9ci\u00e9 sur le montant total du march\u00e9 public ou accord-cadre, apr\u00e8s augmentation. \n \nARTICLE 13 \u2013 SERVICE ACCOMPAGNEMENT ET PILOTAGE  \n \nParagraphe 1 \u2013 Ordonnancement secondaire \n \n1.  La subd\u00e9l\u00e9gation de signature du pr\u00e9sent paragraphe porte sur les programmes suivants du minist\u00e8re \nde la transition \u00e9cologique et de la coh\u00e9sion des territoires et du minist\u00e8re de la transition \u00e9nerg\u00e9tique, \nd'une part, et du minist\u00e8re de l'int\u00e9rieur d'autre part  : \n\uf0d8  \u00ab Conduite et pilotage des politiques de l'\u00e9cologie, du d\u00e9veloppement et de la mobilit\u00e9 durables  \u00bb \n(n\u00b0 217)  ; \n\uf0d8 \u00ab Administration territoriale de l'\u00c9tat  \u00bb (n\u00b0 354)   \n \n2. Subd\u00e9l\u00e9gation de signature est donn\u00e9e \u00e0 l'effet de signer dans les conditions fix\u00e9es dans les arr\u00eat\u00e9s \nsusvis\u00e9s, dans le cadre de leurs attributions et co mp\u00e9tences, toute pi\u00e8ce relative \u00e0 l'exercice de la \ncomp\u00e9tence d'ordonnateur secondaire d\u00e9l\u00e9gu\u00e9, tant pour les d\u00e9penses que pour les recettes \u00e0  : \n\u2022 M. Jean-Yves D\u00c9MARETZ, chef du service accompagneme nt et pilotage et son adjoint, M. Philippe \nLOUVET  ; \n\u2022 Mme Sandie CHAMBARET, responsable du d\u00e9partement qualit\u00e9 et innovation  ; \n\u2022 Mme Julie MANINI, responsable du d\u00e9partement pilotage du budget et des effectifs  ; \n\u2022 Mme Patricia AKPWA-MEDOU, charg\u00e9 d'\u00e9tudes budg\u00e9taires et financi\u00e8res  ; \n\u2022 M. Jean-Baptiste PUIGGALI, responsable du d\u00e9parteme nt des affaires juridiques, de l'archivage et de \nla documentation  ; \n\u2022 Mme \u00c9milie AUFAUVRE, responsable de l'unit\u00e9 documentation et archivage  ; \n\u2022 M. Jonas COSTAGLIOLA, responsable de l'unit\u00e9 des affaires juridiques. \n \nParagraphe 2 \u2013 Passation et ex\u00e9cution des march\u00e9s publics et accords-cadres \n \n1. Subd\u00e9l\u00e9gation de signature est consentie, dans la limite de ses attributions et des montants indiqu \u00e9s \nci-dessous, pour signer toutes pi\u00e8ces relatives \u00e0 l a passation et l'ex\u00e9cution des march\u00e9s publics et d es \naccords-cadres, \u00e0  : \n \nNOM ET FONCTION \nSuppl\u00e9ant en cas \nd'absence ou \nd'emp\u00eachement \nPassation et ex\u00e9cution de march\u00e9s et \naccords-cadres en montant HT \nmaximum \nJean-Yves D\u00c9MARETZ, chef du \nservice accompagnement et \npilotage \nPhilippe LOUVET, adjoint \u00c9tudes et services 143  000  \u20ac \nDirection r\u00e9gionale et interd\u00e9partementale de l'environnement, de l'am\u00e9nagement et des transports d'\u00cele-de-France -\nIDF-2025-08-28-00012 - D\u00e9cision DRIEAT-IDF du 28 ao\u00fbt 2025 portant subd\u00e9l\u00e9gation de signature en mati\u00e8re d'ordonnancement\nsecondaire et de commande publique pour le compte du pr\u00e9fet de la r\u00e9gion d'\u00cele-de-France\n83\n \n  30 \n2.  Subd\u00e9l\u00e9gation de signature est donn\u00e9e \u00e0 M. Jean-Yves D\u00c9MARETZ et M. Philippe LOUVET , dans la limite \nde leurs attributions, pour signer toute pi\u00e8ce rela tive \u00e0 l'ex\u00e9cution des march\u00e9s publics et des accor ds-\ncadres sup\u00e9rieurs aux seuils mentionn\u00e9s ci-dessus, \u00e0 l'exclusion des pi\u00e8ces mentionn\u00e9es ci-apr\u00e8s  : \n\u2013 rapport de pr\u00e9sentation  ; \n\u2013 d\u00e9cision d'attribution d'un march\u00e9 et lettre de rejet d'une offre  ; \n\u2013 acte d'engagement  ; \n\u2013 avenant ou acte modificatif  ; \n\u2013 d\u00e9cision d'affermissement de tranche conditionnelle ou optionnelle  ; \n\u2013 d\u00e9cision de reconduction ou non reconduction  ; \n\u2013 d\u00e9cision de r\u00e9siliation  ; \n\u2013 d\u00e9cision d'ajournement. \nDans l'hypoth\u00e8se o\u00f9 le montant initial du march\u00e9 es t augment\u00e9 (avenant \u00e0 incidences financi\u00e8res), le \nseuil est appr\u00e9ci\u00e9 sur le montant total du march\u00e9 public ou accord-cadre, apr\u00e8s augmentation. \n \nARTICLE 14 \u2013 SECR\u00c9TARIAT G\u00c9N\u00c9RAL  \n \nParagraphe 1 \u2013 Ordonnancement secondaire \n \n1.  La subd\u00e9l\u00e9gation de signature du pr\u00e9sent paragraphe porte sur  : \n \na. Les programmes du minist\u00e8re de la transition \u00e9co logique et de la coh\u00e9sion des territoires et du \nminist\u00e8re de la transition \u00e9nerg\u00e9tique  : \n\uf0d8 \u00ab Paysages, eau et biodiversit\u00e9 \u00bb (n\u00b0 113)  ; \n\uf0d8 \u00ab Urbanisme, territoire et am\u00e9lioration de l'habitat  \u00bb (n\u00b0 135)  ; \n\uf0d8 \u00ab Expertise, information g\u00e9ographique et m\u00e9t\u00e9orologie \u00bb (n\u00b0 159)  ; \n\uf0d8 \u00ab Energie, climat et apr\u00e8s-mines  \u00bb (n\u00b0 174)  ; \n\uf0d8 \u00ab Pr\u00e9vention des risques  \u00bb (n\u00b0 181)  ; \n\uf0d8 \u00ab Infrastructures et services de transport  \u00bb (n\u00b0 203)  ; \n\uf0d8 \u00ab Conduite et pilotage des politiques de l'\u00e9cologie, du d\u00e9veloppement et de la mobilit\u00e9 durables  \u00bb \n(n\u00b0 217)  ; \n\uf0d8 \u00ab \u00c9cologie  \u00bb (n\u00b0 362) ; \n\uf0d8 \u00ab Comp\u00e9titivit\u00e9  \u00bb (n\u00b0363)  ; \n\uf0d8 \u00ab Coh\u00e9sion  \u00bb (n\u00b0 364)  ; \n\uf0d8 \u00ab Fonds d'acc\u00e9l\u00e9ration de la transition \u00e9cologique dans les territoires  \u00bb (n\u00b0 380). \n \nb. Les programmes du minist\u00e8re de l'int\u00e9rieur  : \u00ab  S\u00e9curit\u00e9 et \u00e9ducation routi\u00e8res  \u00bb (n\u00b0  207), \n\u00ab Administration territoriale de l'\u00c9tat  \u00bb (n\u00b0 354) et \u00ab Conduite et pilotage des politiques de l'int\u00e9rieur  \u00bb \n(UO \u00ab convergence de l'action sociale r\u00e9gionale  \u00bb) (n\u00b0 216). \n \nc. Les programmes du minist\u00e8re de l'\u00e9conomie, des f inances et de la souverainet\u00e9 industrielle et \nnum\u00e9rique  : \u00ab Fonctions publiques \u00bb (n\u00b0 148), \u00ab Op\u00e9rations immobili\u00e8res et entretiens des b\u00e2timents  de \nl'\u00c9tat  \u00bb (n\u00b0 723) et \u00ab  Performance et r\u00e9silience des b\u00e2timents de l'\u00c9tat et de ses op\u00e9rateurs  \u00bb (n\u00b0  348). \n \nPour les programmes n\u00b0  354, n\u00b0  362 (volet immobilier public), n\u00b0  363, n\u00b0 723, n\u00b0 348 et n\u00b0  216, toute \nd\u00e9pense sup\u00e9rieure \u00e0 400  000  \u20ac HT devra faire l'objet d'un visa pr\u00e9alable du pr\u00e9 fet de la r\u00e9gion \u00cele-de-\nFrance, en application de l'article 3 de l'arr\u00eat\u00e9 de d\u00e9l\u00e9gation de signature en mati\u00e8re d'ordonnancement \nsecondaire susvis\u00e9. \n \n2.  Subd\u00e9l\u00e9gation de signature est donn\u00e9e \u00e0 l'effet de  signer dans les conditions fix\u00e9es dans les arr\u00eat\u00e9s  \nsusvis\u00e9s, dans le cadre de leurs attributions et co mp\u00e9tences, toute pi\u00e8ce relative \u00e0 l'exercice de la \ncomp\u00e9tence d'ordonnateur secondaire d\u00e9l\u00e9gu\u00e9, tant pour les d\u00e9penses que pour les recettes, \u00e0  : \nDirection r\u00e9gionale et interd\u00e9partementale de l'environnement, de l'am\u00e9nagement et des transports d'\u00cele-de-France -\nIDF-2025-08-28-00012 - D\u00e9cision DRIEAT-IDF du 28 ao\u00fbt 2025 portant subd\u00e9l\u00e9gation de signature en mati\u00e8re d'ordonnancement\nsecondaire et de commande publique pour le compte du pr\u00e9fet de la r\u00e9gion d'\u00cele-de-France\n84\n \n  31 \n\u2022 M.  Ivan  ROCHARD, secr\u00e9taire g\u00e9n\u00e9ral et son adjointe, Mme Justine SONG  ; \n\u2022 M. Jean-Baptiste MOTTE, secr\u00e9taire g\u00e9n\u00e9ral d\u00e9l\u00e9gu\u00e9 \u00e0 la DiRIF et son adjoint, M. Pascal ERRECART. \n \n3.  Subd\u00e9l\u00e9gation de signature est donn\u00e9e \u00e0 l'effet de  signer, dans les conditions fix\u00e9es dans les arr\u00eat\u00e9 s \nsusvis\u00e9s et dans le cadre de leurs attributions et comp\u00e9tences, toute pi\u00e8ce relative \u00e0 l'exercice de l a \ncomp\u00e9tence d'ordonnateur secondaire d\u00e9l\u00e9gu\u00e9, tant pour les d\u00e9penses que pour les recettes, aux agents \nci-apr\u00e8s d\u00e9sign\u00e9s  : \n \nPour le secr\u00e9tariat g\u00e9n\u00e9ral de la DRIEAT : \n \n\u2022 M. Valentin RAULT, chef du d\u00e9partement des affaires financi\u00e8res  ; \n\u2022 M. R\u00e9gis SLAGMULDER, adjoint au chef du d\u00e9partement des affaires financi\u00e8res  ; \n\u2022 Mme Assma YOUCHAA, cheffe de l'unit\u00e9 programmation et op\u00e9rations transverses  ; \n\u2022 Mme Annie LACROIX, cheffe du d\u00e9partement des ressources humaines et des comp\u00e9tences, \u00e0 l'effet \nde signer tous les actes et pi\u00e8ces relevant des attributions du d\u00e9partement, ainsi que pour pr\u00e9senter \ndes observations devant les comit\u00e9s m\u00e9dicaux et les commissions de r\u00e9forme  ; \n\u2022 M. Jean-Antoine DELMAS, adjoint \u00e0 la cheffe du d\u00e9pa rtement des ressources humaines et des \ncomp\u00e9tences, chef de l'unit\u00e9 carri\u00e8res et r\u00e9mun\u00e9ration  ; \n\u2022 Mme Nathalie RICHARD, responsable de l'unit\u00e9 format ion, handicap, accompagnement et \ncomp\u00e9tences, et M. Tarik MAHJOUBI, responsable de l'unit\u00e9 temps, effectifs, recrutement et mobilit\u00e9, \n\u00e0 l'effet de signer tous les actes et pi\u00e8ces releva nt du d\u00e9partement des ressources humaines et des \ncomp\u00e9tences en cas d'emp\u00eachement de leur responsable et de son adjointe  ; \n\u2022 M. Vincent ROUVEYROL, chef du d\u00e9partement de la commande publique et de la politique d'achat  ; \n\u2022 M. Jean AUTERNAUD, chef du d\u00e9partement de la logistique et de la gestion immobili\u00e8re  ; \n\u2022 M. Yanis KHERBOUCHE, adjoint au chef du d\u00e9partement de la logistique et de la gestion immobili\u00e8re  ; \n \nPour le secr\u00e9tariat g\u00e9n\u00e9ral d\u00e9l\u00e9gu\u00e9 \u00e0 la DiRIF : \n \n\u2022 Mme Chantal NAVARRO, cheffe du d\u00e9partement financie r de la DiRIF \u00e0 compter du 1 \ner  octobre \n2025 ; \n\u2022 M. Sten FANGUINOVENY, responsable du bureau des fin ances au secr\u00e9tariat g\u00e9n\u00e9ral d\u00e9l\u00e9gu\u00e9 \u00e0 \nla DiRIF, et son adjoint M. Reynald JOVELIN ; \n\u2022 Mme Linda MANETTE, responsable du p\u00f4le fonctionnement courant  ; \n\u2022 Mme Marie-Laure AYUSTE-PELAGE, cheffe du bureau des  ressources humaines du secr\u00e9tariat \ng\u00e9n\u00e9ral d\u00e9l\u00e9gu\u00e9 aupr\u00e8s de la DiRIF  ; \n\u2022 Mme Annabelle DANOUMBE, cheffe du bureau des ressou rces humaines du secr\u00e9tariat g\u00e9n\u00e9ral \nd\u00e9l\u00e9gu\u00e9 aupr\u00e8s de la DiRIF \u00e0 compter du 1 er  octobre 2025 ; \n\u2022 Mme Sandrine FLORENTINY, adjointe \u00e0 la cheffe du bureau des ressources humaines  ; \n\u2022 M. Patrick VALERE, chef du bureau de la logistique, de l'informatique et de l'immobilier  ; \n\u2022 M. Christophe LOUISET, adjoint au chef du bureau de  la logistique, de l'informatique et de \nl'immobilier. \n \n \n4. Subd\u00e9l\u00e9gation de signature est donn\u00e9e \u00e0 l'effet d e signer dans les conditions fix\u00e9es dans les arr\u00eat\u00e9 s \nsusvis\u00e9s, dans le cadre de leurs attributions et comp\u00e9tences, et pour les programmes n\u00b0  113, n\u00b0  135, n\u00b0 148, \nn\u00b0  159, n\u00b0  174, n\u00b0  181, n\u00b0  217 , n\u00b0  354 et n\u00b0  723, toute pi\u00e8ce relative \u00e0 l'exercice de la comp\u00e9t ence \nd'ordonnateur secondaire d\u00e9l\u00e9gu\u00e9, tant pour les d\u00e9penses que pour les recettes, \u00e0  : \n \n\u2022 M. Samir MANSEUR, chef de l'unit\u00e9 budg\u00e9taire et comptable de Paris. \n \nDirection r\u00e9gionale et interd\u00e9partementale de l'environnement, de l'am\u00e9nagement et des transports d'\u00cele-de-France -\nIDF-2025-08-28-00012 - D\u00e9cision DRIEAT-IDF du 28 ao\u00fbt 2025 portant subd\u00e9l\u00e9gation de signature en mati\u00e8re d'ordonnancement\nsecondaire et de commande publique pour le compte du pr\u00e9fet de la r\u00e9gion d'\u00cele-de-France\n85\n \n  32 \n5.  Subd\u00e9l\u00e9gation de signature est donn\u00e9e \u00e0 l'effet de  signer, en application du d\u00e9cret n\u00b0  2012-1246 du 7 \nnovembre 2012 relatif \u00e0 la gestion budg\u00e9taire et comptable publique, les titres de perception et les titres \nex\u00e9cutoires constatant une cr\u00e9ance liquide et exigible \u00e0  : \n \nPour le secr\u00e9tariat g\u00e9n\u00e9ral de la DRIEAT : \n \n\u2022 M. Gr\u00e9goire DROUINEAU, chef du d\u00e9partement des affaires financi\u00e8res  ; \n\u2022 Mme Valentin RAULT, adjoint au chef du d\u00e9partement des affaires financi\u00e8res  ; \n \nPour le secr\u00e9tariat g\u00e9n\u00e9ral d\u00e9l\u00e9gu\u00e9 \u00e0 la DiRIF : \n \n\u2022 Mme Chantal NAVARRO, cheffe du d\u00e9partement financier de la DiRIF ; \n\u2022 M. Sten FANGUINOVENY, responsable du bureau des fin ances au secr\u00e9tariat g\u00e9n\u00e9ral d\u00e9l\u00e9gu\u00e9 \u00e0 la \nDiRIF, et son adjoint M. Reynald JOVELIN. \n \n6.  Subd\u00e9l\u00e9gation de signature est donn\u00e9e \u00e0 l'effet de  signer, dans les conditions fix\u00e9es dans les arr\u00eat\u00e9 s \nsusvis\u00e9s et dans le cadre de leurs attributions et comp\u00e9tences, les pi\u00e8ces relatives \u00e0 la constatation de la \nd\u00e9pense et aux ordres de payer relatifs aux d\u00e9penses, aux agents ci-apr\u00e8s d\u00e9sign\u00e9s  : \n \nPour le secr\u00e9tariat g\u00e9n\u00e9ral de la DRIEAT  : \n \n\u2022 Mme Catherine KHELAF, cheffe de l'unit\u00e9 immobili\u00e8re ; \n\u2022 M. Yanis KHERBOUCHE, adjoint au chef du d\u00e9partement de la logistique et de la gestion immobili\u00e8re  ; \n\u2022 Mme Armande LIMERY-RIQUIER, cheffe de l'unit\u00e9 logistique  ; \n\u2022 Mme Florence FROMAGER, gestionnaire logistique immobilier  ; \n\u2022 M. Rachid SAHALI, et M. L\u00e9onard MAMIE, gestionnaires service logistique  ; \n\u2022 M. Jacques-Paul POUPART, gestionnaire du parc automobile  ; \n\u2022 M. Pascal DOBEL, gestionnaire restauration collective, nettoyage, accueil et espaces verts. \nPour le secr\u00e9tariat g\u00e9n\u00e9ral d\u00e9l\u00e9gu\u00e9 \u00e0 la DiRIF  : \n \n\u2022 Mme Marie-Laure AYUSTE-PELAGE, cheffe du bureau des ressources humaines (BRH)  ; \n\u2022 Mme Annabelle DANOUMBE, cheffe du bureau des ressou rces humaines (BRH) \u00e0 compter du 1 \ner  \noctobre 2025 ; \n\u2022 Mme Sandrine FLORENTINY, adjointe \u00e0 la cheffe du bureau des ressources humaines  ; \n\u2022 Mme Anita DUBERVILLE, cheffe du p\u00f4le Strat\u00e9gie RH ; \n\u2022 Mme Warda BOURICHE, cheffe du bureau de la formation, des concours et des recrutements (BFCR). \n \nParagraphe 2 \u2013 Passation et ex\u00e9cution des march\u00e9s publics et accords-cadres \n \n1.  Subd\u00e9l\u00e9gation de signature est consentie, dans la limite de leurs attributions et des montants indiqu\u00e9s \nci-dessous, aux personnes suivantes  pour signer toutes pi\u00e8ces relatives \u00e0 la passation et l'ex\u00e9cution des \nmarch\u00e9s publics et des accords-cadres  : \n \nNOM ET FONCTION Suppl\u00e9ant en cas d'absence \nou d'emp\u00eachement \nPassation et ex\u00e9cution de march\u00e9s et \naccords-cadres en montant HT maximum \nIvan ROCHARD, SG Justine SONG, SG adjointe Travaux 300  000  \u20ac \nFournitures, \u00e9tudes et services 143  000  \u20ac \nJean-Baptiste MOTTE, \nSG d\u00e9l\u00e9gu\u00e9 \nPascal ERRECART, SGD \nadjoint \nTravaux 300  000  \u20ac\n \nFournitures, \u00e9tudes et services 143  000  \u20ac \nDirection r\u00e9gionale et interd\u00e9partementale de l'environnement, de l'am\u00e9nagement et des transports d'\u00cele-de-France -\nIDF-2025-08-28-00012 - D\u00e9cision DRIEAT-IDF du 28 ao\u00fbt 2025 portant subd\u00e9l\u00e9gation de signature en mati\u00e8re d'ordonnancement\nsecondaire et de commande publique pour le compte du pr\u00e9fet de la r\u00e9gion d'\u00cele-de-France\n86\n \n  33 \n \n2.  Subd\u00e9l\u00e9gation de signature est donn\u00e9e \u00e0 M.  Ivan  ROCHARD, secr\u00e9taire g\u00e9n\u00e9ral, \u00e0 Mme Justine SONG, \n\u00e0 M. Jean-Baptiste MOTTE et \u00e0 M. Pascal ERRECART, dans la limite de leurs attributions respectives, pour \nsigner toute pi\u00e8ce relative \u00e0 l'ex\u00e9cution des march\u00e9s publics et des accords-cadres sup\u00e9rieurs aux seuils \nmentionn\u00e9s ci-dessus, \u00e0 l'exclusion des pi\u00e8ces mentionn\u00e9es ci-apr\u00e8s  : \n\u2013 rapport de pr\u00e9sentation  ; \n\u2013 d\u00e9cision d'attribution d'un march\u00e9 et lettre de rejet d'une offre  ; \n\u2013 acte d'engagement  ; \n\u2013 avenant ou acte modificatif  ; \n\u2013 d\u00e9cision d'affermissement de tranche conditionnelle ou optionnelle  ; \n\u2013 d\u00e9cision de reconduction ou non reconduction  ; \n\u2013 d\u00e9cision de r\u00e9siliation  ; \n\u2013 d\u00e9cision d'ajournement. \n \nDans l'hypoth\u00e8se o\u00f9 le montant initial du march\u00e9 es t augment\u00e9 (avenant \u00e0 incidences financi\u00e8res), le \nseuil est appr\u00e9ci\u00e9 sur le montant total du march\u00e9 public ou accord-cadre, apr\u00e8s augmentation. \n \n3.  Subd\u00e9l\u00e9gation de signature est donn\u00e9e \u00e0 l'effet de  signer, dans le cadre de leurs attributions et \ncomp\u00e9tences, toute pi\u00e8ce relative \u00e0 la passation et  \u00e0 l'ex\u00e9cution des march\u00e9s inf\u00e9rieurs \u00e0 25  000  \u20ac HT, \nainsi que les commandes jusqu'\u00e0 25  000  \u20ac HT prises dans le cadre de march\u00e9s \u00e0 bons de comm andes \nrelevant de leurs attributions \u00e0 M. Patrick VALERE,  chef du bureau de la logistique, de l'informatique  et \nde l'immobilier et son adjoint M. Christophe LOUISET. \n \n4.  Subd\u00e9l\u00e9gation de signature est donn\u00e9e aux personne s d\u00e9sign\u00e9es ci-apr\u00e8s \u00e0 l'effet de signer, dans le \ncadre de leurs attributions et comp\u00e9tences, toute p i\u00e8ce relative \u00e0 la passation et \u00e0 l'ex\u00e9cution des \nmarch\u00e9s inf\u00e9rieurs \u00e0 25  000  \u20ac HT, ainsi que les commandes jusqu'\u00e0 4  000  \u20ac HT prises dans le cadre de \nmarch\u00e9s \u00e0 bons de commandes relevant de leurs attributions  :  \n \n\u2022 pour le secr\u00e9tariat g\u00e9n\u00e9ral de la DRIEAT  : \n \n\u2022 M. Jean AUTERNAUD, chef du d\u00e9partement de la logistique et de la gestion immobili\u00e8re ;  \n\u2022 M. Yanis KHERBOUCHE, adjoint au chef du d\u00e9partement de la logistique et de la gestion immobili\u00e8re  ; \n\u2022 Mme Catherine KHELAF, cheffe de l'unit\u00e9 immobili\u00e8re ; \n\u2022 Mme Armande LIMERY-RIQUIER, cheffe de l'unit\u00e9 logistique  ; \n\u2022 M. Florence FROMAGER, gestionnaire logistique  ; \n\u2022 M. Rachid SAHALI, et M. L\u00e9onard MAMIE, gestionnaires service logistique ;  \n\u2022 M. Pascal DOBEL, gestionnaire restauration collective, nettoyage, accueil et espaces verts. \n \n\u2022 pour le secr\u00e9tariat g\u00e9n\u00e9ral de la DRIEAT \u2013 d\u00e9l\u00e9gu\u00e9 \u00e0 la DiRIF : \n \n\u2022 Mme Marie-Laure AYUSTE-PELAGE, cheffe du bureau des ressources humaines (BRH) ; \n\u2022 Mme Annabelle DANOUMBE, cheffe du bureau des ressou rces humaines (BRH) \u00e0 compter du 1 \ner  \noctobre 2025 ; \n\u2022 Mme Sandrine FLORENTINY, adjointe \u00e0 la cheffe du bureau des ressources humaines ; \n\u2022 Mme Warda BOURICHE, cheffe du bureau de la formation, des concours et des recrutement ; \n\u2022 M. David LECOMTE, chef du bureau des affaires juridiques ; \n\u2022 Mme Catherine PERNOIS, adjointe au chef du bureau des affaires juridiques. \n \n5.  Subd\u00e9l\u00e9gation de signature est donn\u00e9e aux personne s d\u00e9sign\u00e9es ci-apr\u00e8s \u00e0 l'effet de signer, dans le \ncadre de leurs attributions et comp\u00e9tences, tous les courriers relatifs aux notifications des pi\u00e8ces li\u00e9es \u00e0 \nla passation et \u00e0 l'ex\u00e9cution des march\u00e9s publics et accords-cadres  : \nDirection r\u00e9gionale et interd\u00e9partementale de l'environnement, de l'am\u00e9nagement et des transports d'\u00cele-de-France -\nIDF-2025-08-28-00012 - D\u00e9cision DRIEAT-IDF du 28 ao\u00fbt 2025 portant subd\u00e9l\u00e9gation de signature en mati\u00e8re d'ordonnancement\nsecondaire et de commande publique pour le compte du pr\u00e9fet de la r\u00e9gion d'\u00cele-de-France\n87\n \n  34 \n \n\u2022 M. Vincent ROUVEYROL, chef du d\u00e9partement de la commande publique et de la politique d'achat  ; \n\u2022 Mme Magguy DESPLAN, responsable de l'unit\u00e9 proc\u00e9dur es et instruction des march\u00e9s publics de \nCr\u00e9teil au d\u00e9partement de la commande publique  et de la politique d'achat ;   \n\u2022 Mme Chantal NAVARRO, cheffe du d\u00e9partement financier de la DiRIF \u00e0 compter du 1 \ner  octobre 2025 ; \n\u2022 M. Sten FANGUINOVENY, responsable du bureau des fin ances au secr\u00e9tariat g\u00e9n\u00e9ral d\u00e9l\u00e9gu\u00e9 \u00e0 la \nDiRIF, et son adjoint M. Reynald JOVELIN. \n \nARTICLE 15 \u2013 UNIT\u00c9S D\u00c9PARTEMENTALES \n \nARTICLE 15-1 \u2013 UNIT\u00c9 D\u00c9PARTEMENTALE DE PARIS \n \nParagraphe 1 \u2013 Ordonnancement secondaire \n \n1. La subd\u00e9l\u00e9gation de signature du pr\u00e9sent paragraphe porte sur  : \na. Les programmes du minist\u00e8re de la transition \u00e9co logique et de la coh\u00e9sion des territoires et du \nminist\u00e8re de la transition \u00e9nerg\u00e9tique  : \n\uf0d8 \u00ab Urbanisme, territoires et am\u00e9lioration de l'habitat \u00bb (n\u00b0 135)  ; \n\uf0d8 \u00ab Conduite et pilotage des politiques de l'\u00e9cologie, du d\u00e9veloppement et de la mobilit\u00e9 durables  \u00bb \n(n\u00b0 217).  \nb. Le programme du minist\u00e8re  de l'int\u00e9rieur : \u00ab Administration territoriale de l'\u00c9tat  \u00bb (n\u00b0 354). \n \nc. Le programme du minist\u00e8re de l'\u00e9conomie, des fin ances et de la souverainet\u00e9 industrielle et \nnum\u00e9rique  : \u00ab Op\u00e9rations immobili\u00e8res et entretiens des b\u00e2timents de l'\u00c9tat  \u00bb (n\u00b0 723). \n \nPour les programmes n\u00b0  354 et n\u00b0  723, toute d\u00e9pense sup\u00e9rieure \u00e0 400  000  \u20ac HT devra faire l'objet d'un \nvisa pr\u00e9alable du pr\u00e9fet de la r\u00e9gion \u00cele-de-France, en application de l'article 3 de l'arr\u00eat\u00e9 de d\u00e9l\u00e9 gation \nde signature en mati\u00e8re d'ordonnancement secondaire susvis\u00e9. \n \n2.  Subd\u00e9l\u00e9gation de signature est donn\u00e9e \u00e0 l'effet de  signer, dans les conditions fix\u00e9es dans les arr\u00eat\u00e9 s \nsusvis\u00e9s et dans le cadre de leurs attributions et comp\u00e9tences, toute pi\u00e8ce relative \u00e0 l'exercice de l a \ncomp\u00e9tence d'ordonnateur secondaire d\u00e9l\u00e9gu\u00e9, tant pour les d\u00e9penses que pour les recettes, aux agents \nci-apr\u00e8s d\u00e9sign\u00e9s  : \n\u2022 M. Jean-Pascal BIARD, directeur r\u00e9gional et interd\u00e9 partemental adjoint de l'environnement, de \nl'am\u00e9nagement et des transports d'\u00cele-de-France, directeur de l'unit\u00e9 d\u00e9partementale de Paris  ; \n\u2022 M. Fran\u00e7ois BELBEZET, responsable du service am\u00e9nagement durable et connaissance des territoires  ; \n\u2022 Mme Laurence CACHEUX, responsable du service patrimoine, paysage et droit des sols  ; \n\u2022 Mme Natacha CARRIER-SCHRUMPF, responsable du service utilit\u00e9 publique et \u00e9quilibres territoriaux. \n \n3.  Subd\u00e9l\u00e9gation de signature est donn\u00e9e \u00e0 l'effet de  signer, dans les conditions fix\u00e9es dans les arr\u00eat\u00e9 s \nsusvis\u00e9s et dans le cadre de ses attributions, tout e pi\u00e8ce relative \u00e0 l'exercice de la comp\u00e9tence \nd'ordonnateur secondaire d\u00e9l\u00e9gu\u00e9, tant pour les d\u00e9p enses que pour les recettes, \u00e0 Mme Chantal \nGERVAIS, responsable de la mission d'appui au pilotage local. \n \nParagraphe 2 \u2013 Passation et ex\u00e9cution des march\u00e9s publics et accords-cadres \n \nSubd\u00e9l\u00e9gation de signature est consentie, dans la limite de leurs attributions et des montants indiqu\u00e9 s \nci-dessous, aux personnes suivantes  pour signer toute pi\u00e8ce relative \u00e0 la passation et l'ex\u00e9cution des \nmarch\u00e9s publics et des accords-cadres  : \n \n \nDirection r\u00e9gionale et interd\u00e9partementale de l'environnement, de l'am\u00e9nagement et des transports d'\u00cele-de-France -\nIDF-2025-08-28-00012 - D\u00e9cision DRIEAT-IDF du 28 ao\u00fbt 2025 portant subd\u00e9l\u00e9gation de signature en mati\u00e8re d'ordonnancement\nsecondaire et de commande publique pour le compte du pr\u00e9fet de la r\u00e9gion d'\u00cele-de-France\n88\n \n  35 \n \nNOM ET FONCTION \nSuppl\u00e9ant en cas \nd'absence ou \nd'emp\u00eachement \nPassation et ex\u00e9cution de march\u00e9s et \naccords-cadres en montant HT \nmaximum \nJean-Pascal BIARD, directeur \nde l'unit\u00e9 d\u00e9partementale \nde Paris \nChantal GERVAIS, \nresponsable de la mission \nd'appui au pilotage local \nTravaux, fournitures, \n\u00e9tudes et services \n \n143  000  \u20ac \n \nARTICLE 15-2 \u2013 UNIT\u00c9 D\u00c9PARTEMENTALE DES HAUTS-DE-SEINE \n \nParagraphe 1 \u2013 Ordonnancement secondaire \n \n1.  La subd\u00e9l\u00e9gation de signature du pr\u00e9sent paragraphe porte sur  : \na. Les programmes du minist\u00e8re de la transition \u00e9co logique et de la coh\u00e9sion des territoires et du \nminist\u00e8re de la transition \u00e9nerg\u00e9tique  : \n\uf0d8 \u00ab Urbanisme, territoires et am\u00e9lioration de l'habitat \u00bb (n\u00b0 135)  ; \n\uf0d8 \u00ab Conduite et pilotage des politiques de l'\u00e9cologie, du d\u00e9veloppement et de la mobilit\u00e9 durables  \u00bb \n(n\u00b0 217)  ; \n\uf0d8 \u00ab \u00c9cologie  \u00bb (n\u00b0 362).  \n \nb. Les programmes du minist\u00e8re de l'int\u00e9rieur \u00ab  S\u00e9curit\u00e9 et \u00e9ducation routi\u00e8res  \u00bb (n\u00b0  207) et \n\u00ab Administration territoriale de l'\u00c9tat  \u00bb (n\u00b0 354) ; \n \nc. Le programme du minist\u00e8re de l'\u00e9conomie, des fin ances et de la souverainet\u00e9 industrielle et \nnum\u00e9rique  : \u00ab Op\u00e9rations immobili\u00e8res et entretiens des b\u00e2timents de l'\u00c9tat  \u00bb (n\u00b0 723). \n \nPour les programmes n\u00b0  354, n\u00b0  362 (volet immobilier public) et n\u00b0  723, toute d\u00e9pense sup\u00e9rieure \u00e0 \n400  000  \u20ac HT devra faire l'objet d'un visa pr\u00e9alable du pr\u00e9 fet de la r\u00e9gion \u00cele-de-France, en application \nde l'article 3 de l'arr\u00eat\u00e9 de d\u00e9l\u00e9gation de signature en mati\u00e8re d'ordonnancement secondaire susvis\u00e9. \n \n2. Subd\u00e9l\u00e9gation de signature est donn\u00e9e \u00e0 l'effet de signer, dans les conditions fix\u00e9es dans les arr\u00eat\u00e9s  \nsusvis\u00e9s et dans le cadre de leurs attributions et comp\u00e9tences, toute pi\u00e8ce relative \u00e0 l'exercice de l a \ncomp\u00e9tence d'ordonnateur secondaire d\u00e9l\u00e9gu\u00e9, tant pour les d\u00e9penses que pour les recettes, aux agents \nci-apr\u00e8s d\u00e9sign\u00e9s : \n \n\u2022 M.  Alain  TUFFERY, directeur r\u00e9gional et interd\u00e9partemental a djoint de l'environnement, de \nl'am\u00e9nagement et des transports de la r\u00e9gion \u00cele-de -France, directeur de l'unit\u00e9 d\u00e9partementale des \nHauts-de-Seine  ; \n\u2022 M. Fabrice MORONVAL, directeur-adjoint de l'unit\u00e9 d\u00e9partementale des Hauts-de-Seine  ; \n\u2022 Mme Sybille MULLER, directrice-adjointe de l'unit\u00e9 d\u00e9partementale des Hauts-de-Seine  ; \n\u2022 Mme Karine BOSTON, cheffe du p\u00f4le d'appui au pilotage local  ; \n\u2022 M. Joseph WALHA, chef du p\u00f4le interd\u00e9partemental 92-93 de logistique ; \n\u2022 M. Rodolphe VAN VLAENDEREN, chef du service urbanisme et construction durables et son adjointe, \nMme Sophie TCHENG  ; \n\u2022 Mme Louise DEVRIES, cheffe du service planification et am\u00e9nagement des territoires ; \n\u2022 Mme Lola MAGAZ, adjointe \u00e0 la cheffe du service planification et am\u00e9nagement des territoires. \n\u2022 Mme Claire ROSEV\u00c8GUE, cheffe du service risques et installations class\u00e9es et son adjoint, M. Olivier \nPAS  ; \n\u2022 Mme Smiljana SEKULIC-GELEBART, cheffe du service \u00e9ducation et s\u00e9curit\u00e9 routi\u00e8re. \n \nParagraphe 2 \u2013 Passation et ex\u00e9cution des march\u00e9s publics et accords-cadres \n \nDirection r\u00e9gionale et interd\u00e9partementale de l'environnement, de l'am\u00e9nagement et des transports d'\u00cele-de-France -\nIDF-2025-08-28-00012 - D\u00e9cision DRIEAT-IDF du 28 ao\u00fbt 2025 portant subd\u00e9l\u00e9gation de signature en mati\u00e8re d'ordonnancement\nsecondaire et de commande publique pour le compte du pr\u00e9fet de la r\u00e9gion d'\u00cele-de-France\n89\n \n  36 \nSubd\u00e9l\u00e9gation de signature est consentie, dans la l imite de leurs attributions et des montants indiqu\u00e9 s \nci-dessous, aux personnes suivantes pour signer tou te pi\u00e8ce relative \u00e0 la passation et l'ex\u00e9cution des  \nmarch\u00e9s publics et des accords-cadres : \n \nNOM ET FONCTION Suppl\u00e9ant en cas \nd'absence ou \nd'emp\u00eachement \nPassation et ex\u00e9cution de \nmarch\u00e9s et accords-cadres en \nmontant HT maximum \nAlain  TUFFERY, directeur de l'unit\u00e9 \nd\u00e9partementale des Hauts-de-Seine \n \nFabrice MORONVAL, directeur-adjoint de \nl'unit\u00e9 d\u00e9partementale des Hauts-de-\nSeine  ; \n \nSybille MULLER, directrice-adjointe de \nl'unit\u00e9 d\u00e9partementale des Hauts-de-Seine \n \nKarine BOSTON, cheffe \ndu p\u00f4le d'appui au \npilotage local \nJoseph WALHA \n, chef du \np\u00f4le \ninterd\u00e9partemental 92-\n93 de logistique \nTravaux \nfournitures, \n\u00e9tudes et services \n \n \n143  000  \u20ac \n \nARTICLE 15-3 \u2013 UNIT\u00c9 D\u00c9PARTEMENTALE DE LA SEINE-SAINT-DENIS  \n \nParagraphe 1 \u2013 Ordonnancement secondaire \n \n1.  La subd\u00e9l\u00e9gation de signature du pr\u00e9sent paragraphe porte sur  : \na. \u2013 Les programmes du minist\u00e8re de la transition \u00e9 cologique et de la coh\u00e9sion des territoires et du \nminist\u00e8re de la transition \u00e9nerg\u00e9tique  : \n\uf0d8 \u00ab Urbanisme, territoires et am\u00e9lioration de l'habitat \u00bb (n\u00b0 135)  ; \n\uf0d8 \u00ab Conduite et pilotage des politiques de l'\u00e9cologie, du d\u00e9veloppement et de la mobilit\u00e9 durables  \u00bb \n(n\u00b0 217)  ; \n\uf0d8 \u00ab \u00c9cologie  \u00bb (n\u00b0 362). \n  \nb. \u2013 Les programmes du minist\u00e8re de l'int\u00e9rieur  : \u00ab  S\u00e9curit\u00e9 et \u00e9ducation routi\u00e8res  \u00bb (n\u00b0  207)  et \n\u00ab Administration territoriale de l'\u00c9tat  \u00bb (n\u00b0 354) ; \n \nc. \u2013 Le programme du minist\u00e8re de l'\u00e9conomie, des f inances et de la souverainet\u00e9 industrielle et \nnum\u00e9rique  : \u00ab Op\u00e9rations immobili\u00e8res et entretiens des b\u00e2timents de l'\u00c9tat  \u00bb (n\u00b0 723). \n \nPour les programmes n\u00b0  354, n\u00b0  362 (volet immobilier public) et n\u00b0  723, toute d\u00e9pense sup\u00e9rieure \u00e0 \n400  000  \u20ac HT devra faire l'objet d'un visa pr\u00e9alable du pr\u00e9 fet de la r\u00e9gion \u00cele-de-France, en application \nde l'article 3 de l'arr\u00eat\u00e9 de d\u00e9l\u00e9gation de signature en mati\u00e8re d'ordonnancement secondaire susvis\u00e9. \n \n2.  Subd\u00e9l\u00e9gation de signature est donn\u00e9e \u00e0 l'effet de  signer dans les conditions fix\u00e9es dans les arr\u00eat\u00e9s  \nsusvis\u00e9s, dans le cadre de leurs attributions et co mp\u00e9tences, toute pi\u00e8ce relative \u00e0 l'exercice de la \ncomp\u00e9tence d'ordonnateur secondaire d\u00e9l\u00e9gu\u00e9, tant pour les d\u00e9penses que pour les recettes, aux agents \nci-apr\u00e8s d\u00e9sign\u00e9s  : \n \n\u2022 M. Laurent CONDOMINES, directeur r\u00e9gional et interd \u00e9partemental adjoint de l'environnement, de \nl'am\u00e9nagement et des transports d'\u00cele-de-France, di recteur de l'unit\u00e9 d\u00e9partementale de la Seine-\nSaint-Denis  ; \n\u2022 Mme Ghislaine BORDES, directrice adjointe de l'unit \u00e9 d\u00e9partementale de la Seine-Saint-Denis \u00e0 \ncompter du 8 septembre 2025 ; \n\u2022 Mme Sylvie CHATY, directrice adjointe de l'unit\u00e9 d\u00e9partementale de la Seine-Saint-Denis  ; \nDirection r\u00e9gionale et interd\u00e9partementale de l'environnement, de l'am\u00e9nagement et des transports d'\u00cele-de-France -\nIDF-2025-08-28-00012 - D\u00e9cision DRIEAT-IDF du 28 ao\u00fbt 2025 portant subd\u00e9l\u00e9gation de signature en mati\u00e8re d'ordonnancement\nsecondaire et de commande publique pour le compte du pr\u00e9fet de la r\u00e9gion d'\u00cele-de-France\n90\n \n  37 \n\u2022 Mme Florence MONFORT, responsable du service urbani sme r\u00e9glementaire et b\u00e2timent, et son \nadjointe Mme C\u00e9line BARON ; \n\u2022 Mme Mathilde HONORAT, responsable du service planif ication et am\u00e9nagement des territoires, et \nson adjointe Mme Marie JUILLE,  ; \n\u2022 M. Didier BEAURAIN, chef du service \u00e9ducation et s\u00e9curit\u00e9 routi\u00e8res  ; \n\u2022 M. St\u00e9phane MUNCH, adjoint au chef du service \u00e9ducation et s\u00e9curit\u00e9 routi\u00e8res  ; \n\u2022 M. Joseph WALHA, responsable de la cellule logistique du p\u00f4le d'appui au pilotage local. \n \nParagraphe 2 \u2013 Passation et ex\u00e9cution des march\u00e9s publics et accords-cadres \n \nSubd\u00e9l\u00e9gation de signature est consentie, dans la limite de leurs attributions et des montants indiqu\u00e9 s \nci-dessous, aux personnes suivantes  pour signer toute pi\u00e8ce relative \u00e0 la passation et l'ex\u00e9cution des \nmarch\u00e9s publics et des accords-cadres  : \n \n NOM ET FONCTION  Suppl\u00e9ant en cas d'absence ou \nd'emp\u00eachement \nPassation et ex\u00e9cution de march\u00e9s et \naccords-cadres, en montant HT maximum  \nLaurent \nCONDOMINES, \ndirecteur de l'unit\u00e9 \nd\u00e9partementale 93 \nGhislaine BORDES, directrice \nadjointe \u00e0 compter du 8 \nseptembre 2025  ; \nSylvie CHATY, directrice \nadjointe  ; \n \nDidier BEAURAIN, chef du \nservice \u00e9ducation et s\u00e9curit\u00e9 \nrouti\u00e8res  \nTravaux, fournitures, \u00e9tudes et \nservices \n143  000  \u20ac\n \nJoseph WALHA, responsable \nde la cellule logistique du p\u00f4le \nd'appui au pilotage local \nTravaux, fournitures, \u00e9tudes et \nservices \n25  000  \u20ac\n \n \nARTICLE 15-4 \u2013 UNIT\u00c9 D\u00c9PARTEMENTALE DU VAL-DE-MARNE  \n \nParagraphe 1 \u2013 Ordonnancement secondaire \n \n1. La subd\u00e9l\u00e9gation de signature du pr\u00e9sent paragraphe porte sur  : \n \na. Les programmes du minist\u00e8re de la transition \u00e9co logique et de la coh\u00e9sion des territoires et du \nminist\u00e8re de la transition \u00e9nerg\u00e9tique  : \n\uf0d8 \u00ab Paysages, eau et biodiversit\u00e9 \u00bb (n\u00b0 113)  ; \n\uf0d8 \u00ab Urbanisme, territoires et am\u00e9lioration de l'habitat \u00bb (n\u00b0 135)  ; \n\uf0d8 \u00ab Conduite et pilotage des politiques de l'\u00e9cologie, du d\u00e9veloppement et de la mobilit\u00e9 durables  \u00bb \n(n\u00b0 217)  ; \n\uf0d8 \u00ab \u00c9cologie  \u00bb (n\u00b0  362). \n \nb. Les programmes du minist\u00e8re de l'int\u00e9rieur  : \u00ab  S\u00e9curit\u00e9 et \u00e9ducation routi\u00e8res  \u00bb (n\u00b0  207) et \n\u00ab Administration territoriale de l'\u00c9tat  \u00bb (n\u00b0 354) ; \n \nc. Le programme du minist\u00e8re de l'\u00e9conomie, des fin ances et de la souverainet\u00e9 industrielle et \nnum\u00e9rique  : \u00ab Op\u00e9rations immobili\u00e8res et entretiens des b\u00e2timents de l'\u00c9tat  \u00bb (n\u00b0 723). \n \nDirection r\u00e9gionale et interd\u00e9partementale de l'environnement, de l'am\u00e9nagement et des transports d'\u00cele-de-France -\nIDF-2025-08-28-00012 - D\u00e9cision DRIEAT-IDF du 28 ao\u00fbt 2025 portant subd\u00e9l\u00e9gation de signature en mati\u00e8re d'ordonnancement\nsecondaire et de commande publique pour le compte du pr\u00e9fet de la r\u00e9gion d'\u00cele-de-France\n91\n \n  38 \nPour les programmes n\u00b0  354, n\u00b0  362 (volet immobilier public) et n\u00b0  723, toute d\u00e9pense sup\u00e9rieure \u00e0 \n400  000  \u20ac HT devra faire l'objet d'un visa pr\u00e9alable du pr\u00e9 fet de la r\u00e9gion \u00cele-de-France, en application \nde l'article 3 de l'arr\u00eat\u00e9 de d\u00e9l\u00e9gation de signature en mati\u00e8re d'ordonnancement secondaire susvis\u00e9. \n \n2.  Subd\u00e9l\u00e9gation de signature est donn\u00e9e \u00e0 l'effet de  signer, dans les conditions fix\u00e9es dans les arr\u00eat\u00e9 s \nsusvis\u00e9s et dans le cadre de leurs attributions et comp\u00e9tences, toute pi\u00e8ce relative \u00e0 l'exercice de l a \ncomp\u00e9tence d'ordonnateur secondaire d\u00e9l\u00e9gu\u00e9, tant pour les d\u00e9penses que pour les recettes, aux agents \nci-apr\u00e8s d\u00e9sign\u00e9s  : \n \n\u2022 Mme Julie TISSOT, directrice r\u00e9gionale et interd\u00e9pa rtementale adjointe de l'environnement, de \nl'am\u00e9nagement et des transports d'\u00cele-de-France, di rectrice de l'unit\u00e9 d\u00e9partementale du Val-de-\nMarne  ; \n\u2022 Mme Sarah BERNHARD, directrice-adjointe de l'unit\u00e9 d\u00e9partementale du Val-de-Marne  ; \n\u2022 Mme Fiona TCHANAKIAN, directrice-adjointe de l'unit\u00e9 d\u00e9partementale du Val-de-Marne  ; \n\u2022 Mme G\u00e9raldine SANAUR, cheffe du service planification et am\u00e9nagement des territoires  ; \n\u2022 M. Olivier COMPAGNET, adjoint \u00e0 la cheffe du service planification et am\u00e9nagement des territoires  ; \n\u2022 Mme Flora DELHOMME, adjointe \u00e0 la cheffe du service planification et am\u00e9nagement du territoire  ; \n\u2022 M. Didier CATTENOZ, chef du service urbanisme et construction durables ; \n\u2022 Mme Marie PRESANI, adjointe au chef du service urbanisme et construction durable  ;  \n\u2022 M. Fran\u00e7ois BOLLENGIER, chef du service \u00e9ducation et s\u00e9curit\u00e9 routi\u00e8re  ; \n\u2022 Mme Sa\u00efba KUMAR, adjointe au chef du service \u00e9ducation et s\u00e9curit\u00e9 routi\u00e8re ; \n\u2022 Mme Nadjette BENAOUDA-GARCIA, cheffe du p\u00f4le d'appui au pilotage local  ; \n\u2022 M. Fran\u00e7ois MALARE, adjoint \u00e0 la cheffe du p\u00f4le appui au pilotage local. \n \nParagraphe 2 \u2013 Passation et ex\u00e9cution des march\u00e9s publics et accords-cadres \n \nSubd\u00e9l\u00e9gation de signature est consentie, dans la limite de leurs attributions et des montants indiqu\u00e9 s \nci-dessous, aux personnes suivantes  pour signer toute pi\u00e8ce relative \u00e0 la passation et l'ex\u00e9cution des \nmarch\u00e9s publics et des accords-cadres  : \n \nNOM ET FONCTION Suppl\u00e9ant en cas d'absence ou \nd'emp\u00eachement \nPassation et ex\u00e9cution de march\u00e9s et \naccords-cadres en montant HT maximum \nJulie TISSOT, \ndirectrice de l'unit\u00e9 \nd\u00e9partementale du \nVal-de-Marne \nSarah BERNHARD, directrice-\nadjointe de l'unit\u00e9 \nd\u00e9partementale du Val-de-\nMarne \n \nFiona TCHANAKIAN, \ndirectrice-adjointe de l'unit\u00e9 \nd\u00e9partementale du Val-de-\nMarne \n \nTravaux, fournitures, \n\u00e9tudes et services \n \n143  000  \u20ac \nFran\u00e7ois BOLLENGIER, \nresponsable du \nservice \u00e9ducation et \ns\u00e9curit\u00e9 routi\u00e8res \n Travaux, fournitures, \n\u00e9tudes et services \n143  000  \u20ac\n \nNadjette GARCIA \nBENAOUDA, cheffe \ndu p\u00f4le appui au \npilotage local \nFran\u00e7ois MALARE, adjoint \u00e0 la \ncheffe du p\u00f4le d'appui au \npilotage local \nTravaux, fournitures et \nservices \n25  000  \u20ac\n \n \nDirection r\u00e9gionale et interd\u00e9partementale de l'environnement, de l'am\u00e9nagement et des transports d'\u00cele-de-France -\nIDF-2025-08-28-00012 - D\u00e9cision DRIEAT-IDF du 28 ao\u00fbt 2025 portant subd\u00e9l\u00e9gation de signature en mati\u00e8re d'ordonnancement\nsecondaire et de commande publique pour le compte du pr\u00e9fet de la r\u00e9gion d'\u00cele-de-France\n92\n \n  39 \nARTICLE 15-5 \u2013 UNIT\u00c9S D\u00c9PARTEMENTALES DE SEINE-ET-MARNE,  \nDES YVELINES, DE L'ESSONNE ET DU VAL-D'OISE \n \nParagraphe \u2013 Ordonnancement secondaire \n \n1. La subd\u00e9l\u00e9gation de signature du pr\u00e9sent paragraphe  porte sur  le programme du minist\u00e8re de \nl'int\u00e9rieur  \u00ab Administration territoriale de l'\u00c9tat  \u00bb (n\u00b0 354) ; \n \nPour ce programme n\u00b0  354, toute d\u00e9pense sup\u00e9rieure \u00e0 400  000  \u20ac HT devra faire l'objet d'un visa \npr\u00e9alable du pr\u00e9fet de la r\u00e9gion \u00cele-de-France, en application de l'article 3 de l'arr\u00eat\u00e9 de d\u00e9l\u00e9gatio n de \nsignature en mati\u00e8re d'ordonnancement secondaire susvis\u00e9. \n \n2.  Subd\u00e9l\u00e9gation de signature est donn\u00e9e \u00e0 l'effet de  signer, dans les conditions fix\u00e9es dans les arr\u00eat\u00e9 s \nsusvis\u00e9s et dans le cadre de leurs attributions et comp\u00e9tences, toute pi\u00e8ce relative \u00e0 l'exercice de l a \ncomp\u00e9tence d'ordonnateur secondaire d\u00e9l\u00e9gu\u00e9, tant pour les d\u00e9penses que pour les recettes, aux agents \nci-apr\u00e8s d\u00e9sign\u00e9s  : \n \n\u2022 Mme Agn\u00e8s COURET, cheffe de l'unit\u00e9 d\u00e9partementale de Seine et Marne, et ses adjoints, Mme \nCl\u00e9mence JAHANGIR et M. David LEROUGE ; \n\u2022 Mme Delphine DUBOIS, cheffe de l'unit\u00e9 d\u00e9partementale des Yvelines, et son adjointe Mme Marielle \nMUGUERRA  ; \n\u2022 M. Patrick POIRET, chef de l'unit\u00e9 d\u00e9partementale de l'Essonne, et son adjointe Mme Sophie PIERRET  ; \n\u2022 M. Mathieu FERNANDEZ, r\u00e9f\u00e9rent d\u00e9partemental risques technologiques ; \n\u2022 M. Alexis RAFA, chef de l'unit\u00e9 d\u00e9partementale du Val-d'Oise, et son adjoint M. Thomas BLATON. \n \nARTICLE 16 \u2013 SERVICE DU NUM\u00c9RIQUE \n \nParagraphe 1 \u2013 Ordonnancement secondaire \n \n1.  La subd\u00e9l\u00e9gation de signature du pr\u00e9sent paragraphe porte sur  : \na. Le programme du minist\u00e8re de la transition \u00e9cologique et de la coh\u00e9sion des territoires et du minist\u00e8re \nde la transition \u00e9nerg\u00e9tique  : \u00ab Conduite et pilotage des politiques de l'\u00e9cologie, du d\u00e9veloppement et \nde la mobilit\u00e9 durables  \u00bb (n\u00b0 217). \n \nb. Le programme du minist\u00e8re de l'int\u00e9rieur  : \u00ab Administration territoriale de l'\u00c9tat  \u00bb (n\u00b0 354). \n \n2. Subd\u00e9l\u00e9gation de signature est donn\u00e9e, dans le cadr e de leurs attributions et comp\u00e9tences \u00e0 l'effet \nde signer dans les conditions fix\u00e9es dans les arr\u00eat \u00e9s susvis\u00e9s, toute pi\u00e8ce relative \u00e0 l'exercice de l a \ncomp\u00e9tence d'ordonnateur secondaire d\u00e9l\u00e9gu\u00e9, tant pour les d\u00e9penses que pour les recettes \u00e0  : \n\u2022 Mme Nathalie TINGRY, cheffe du service du num\u00e9rique ; \n\u2022 M. Ga\u00ebl BINTEIN, adjoint \u00e0 la cheffe du service du num\u00e9rique  ; \n\u2022 Mme Emmanuelle AIRAUD, cheffe du d\u00e9partement environnement num\u00e9rique de travail  ; \n\u2022 M. Jean-Marc VADO, chef du d\u00e9partement infrastructures, syst\u00e8mes d'information et s\u00e9curit\u00e9. \n \nParagraphe 2 \u2013 Passation et ex\u00e9cution des march\u00e9s publics et accords-cadres \n \nSubd\u00e9l\u00e9gation de signature est consentie, dans la limite de leurs attributions et des montants indiqu\u00e9 s \nci-dessous, aux personnes suivantes pour signer tou tes pi\u00e8ces relatives \u00e0 la passation et l'ex\u00e9cution des \nmarch\u00e9s publics et des accords-cadres  : \n \nDirection r\u00e9gionale et interd\u00e9partementale de l'environnement, de l'am\u00e9nagement et des transports d'\u00cele-de-France -\nIDF-2025-08-28-00012 - D\u00e9cision DRIEAT-IDF du 28 ao\u00fbt 2025 portant subd\u00e9l\u00e9gation de signature en mati\u00e8re d'ordonnancement\nsecondaire et de commande publique pour le compte du pr\u00e9fet de la r\u00e9gion d'\u00cele-de-France\n93\n \n  40 \nNOM ET FONCTION Suppl\u00e9ant en cas d'absence ou \nd'emp\u00eachement \nPassation et ex\u00e9cution de march\u00e9s et \naccords-cadres en montant HT \nNathalie TINGRY, cheffe \ndu service du num\u00e9rique \n \n \nGa\u00ebl BINTEIN, adjoint \u00e0 \nla cheffe de service \n \nEmmanuelle AIRAUD, cheffe du \nd\u00e9partement environnement \nnum\u00e9rique de travail  ; \nJean-Marc VADO, chef du \nd\u00e9partement infrastructures, \nsyst\u00e8mes d'information et s\u00e9curit\u00e9  ; \nFr\u00e9d\u00e9ric LLABRES, chef de l'unit\u00e9 \nsyst\u00e8mes et r\u00e9seau. \n \nFournitures, \u00e9tudes \net services \n \n90  000  \u20ac \n \nARTICLE 17 - MISSION D'INSPECTION G\u00c9N\u00c9RALE TERRITOR IALE DE PARIS \n \n1. Subd\u00e9l\u00e9gation de signature est donn\u00e9e, dans le cadr e de leurs attributions et comp\u00e9tences, pour les \nactes et pi\u00e8ces relatifs \u00e0 la passation et l'ex\u00e9cut ion des march\u00e9s et accords-cadres de fournitures et  de \nservices dont les montants sont inf\u00e9rieurs \u00e0 90  000  \u20ac HT, aux agents ci-apr\u00e8s d\u00e9sign\u00e9s : \n\u2022 Mme Corinne ETAIX, coordonnatrice de la MIGT de Paris  ; \n\u2022 Mme Farida BABA-MABROUKI, secr\u00e9taire g\u00e9n\u00e9rale. \n \n2. Subd\u00e9l\u00e9gation de signature est en outre donn\u00e9e, dans le cadre de leurs attributions et comp\u00e9tences, \npour constater le service fait et les ordres de pay er relatifs aux d\u00e9penses \u00e0  Mme Marie-Chantal JEAN-\nLOUIS. \n \n3. Pour l'utilisation de l'application de gestion de frais de d\u00e9placements, concernant les personnels de la \nMIGT, subd\u00e9l\u00e9gation est donn\u00e9e aux agents ci-apr\u00e8s  : \n\u2022 Mme Farida BABA-MABROUKI, pour valider les ordres d e mission, les engagements de cr\u00e9dits et les \npi\u00e8ces de mandatement correspondantes  ; \n\u2022 Mme Sophie NICOLAS-NELSON, assistante de la coordonnatrice, pour valider les ordres de mission. \n \n  \nDirection r\u00e9gionale et interd\u00e9partementale de l'environnement, de l'am\u00e9nagement et des transports d'\u00cele-de-France -\nIDF-2025-08-28-00012 - D\u00e9cision DRIEAT-IDF du 28 ao\u00fbt 2025 portant subd\u00e9l\u00e9gation de signature en mati\u00e8re d'ordonnancement\nsecondaire et de commande publique pour le compte du pr\u00e9fet de la r\u00e9gion d'\u00cele-de-France\n94\n \n  41 \nARTICLE 18 \u2013 DISPOSITIONS DIVERSES ET FINALES \n \n1.  Les subd\u00e9l\u00e9gataires en mati\u00e8re d'ordonnancement se condaire peuvent autoriser, par d\u00e9cision \nformalis\u00e9e, leurs collaborateurs \u00e0 attester le service fait conforme \u00e0 la commande. \n \n2. Demeurent soumis \u00e0 la signature du pr\u00e9fet de la r\u00e9gion d'\u00cele-de-France  : \n\u2013 les ordres de r\u00e9quisition du comptable public  ; \n\u2013 les d\u00e9cisions de passer outre \u00e0 l'avis d\u00e9favorable du contr\u00f4leur budg\u00e9taire r\u00e9gional ; \n\u2013 les conventions financi\u00e8res avec les collectivit\u00e9s territoriales et leurs \u00e9tablissements publics  ; \n\u2013 les conventions attribuant des subventions de 300.000 euros et plus  ; \n\u2013 les contrats de bail. \n \n3.  La d\u00e9cision n\u00b0 IDF-2025-07-03-00010 du 3 juillet 2 025 portant subd\u00e9l\u00e9gation de signature en mati\u00e8re \nd'ordonnancement secondaire et de commande publique  pour le compte du pr\u00e9fet de la r\u00e9gion d'\u00cele-\nde-France est abrog\u00e9e. \n \n4.  L'adjoint \u00e0 la directrice r\u00e9gionale et interd\u00e9part ementale de l'environnement, de l'am\u00e9nagement et \ndes transports d'\u00cele-de-France, charg\u00e9 du pilotage, est charg\u00e9 de l'ex\u00e9cution de la pr\u00e9sente d\u00e9cision qui \nsera publi\u00e9e au recueil des actes administratifs de la pr\u00e9fecture. \n \n\u00c0 Paris, le 28 ao\u00fbt 2025 \n \nLa directrice r\u00e9gionale et interd\u00e9partementale  \nde l'environnement, de l'am\u00e9nagement  \net des transports d'\u00cele-de-France \n \n \nSign\u00e9 \n \n \nEmmanuelle GAY \nDirection r\u00e9gionale et interd\u00e9partementale de l'environnement, de l'am\u00e9nagement et des transports d'\u00cele-de-France -\nIDF-2025-08-28-00012 - D\u00e9cision DRIEAT-IDF du 28 ao\u00fbt 2025 portant subd\u00e9l\u00e9gation de signature en mati\u00e8re d'ordonnancement\nsecondaire et de commande publique pour le compte du pr\u00e9fet de la r\u00e9gion d'\u00cele-de-France\n95","date":"2025-08-29","first_seen_on":"2025-08-29T16:43:24+00:00","id":"8c0617b32b344f2f8405e4949baf07e0647a6404deafbc00a34d62cb46dd6464","name":"recueilDS-idf-043-2025-08-recueil-des-actes-administratifs-special  du 29.08.2025","pdf_creation_date":"2025-08-29T14:41:50+00:00","pdf_modification_date":null,"timezone":"Europe/Paris","url":"https://www.prefectures-regions.gouv.fr/ile-de-france/irecontenu/telechargement/130554/960188/file/recueilDS-idf-043-2025-08-recueil-des-actes-administratifs-special%20%20du%2029.08.2025.pdf"}
