{"administration":"pref09","administration_name":"Pr\u00e9fecture de l\u2019Ari\u00e8ge","content":"ARI\u00c8GE\nRECUEIL DES ACTES\nADMINISTRATIFS\nN\u00b009-2025-175\nPUBLI\u00c9 LE 14 D\u00c9CEMBRE 2025\nSommaire\n09 - PREFECTURE - DIRECTION DU CABINET / PREFECTURE - SERVICE\nINTERMINISTERIEL DE DEFENSE ET DE PROTECTION CIVILES\n09-2025-12-14-00002 - ARR\u00caT\u00c9 PR\u00c9FECTORAL PORTANT\nR\u00c9QUISITION DU D\u00c9PANNEUR AX DEPAN' EURL (2 pages) Page 3\n2\n09 - PREFECTURE - DIRECTION DU CABINET\n09-2025-12-14-00002\nARR\u00caT\u00c9 PR\u00c9FECTORAL PORTANT R\u00c9QUISITION\nDU D\u00c9PANNEUR AX DEPAN' EURL\n09 - PREFECTURE - DIRECTION DU CABINET - 09-2025-12-14-00002 - ARR\u00caT\u00c9 PR\u00c9FECTORAL PORTANT R\u00c9QUISITION DU D\u00c9PANNEUR\nAX DEPAN' EURL 3\nEsPREFET _DE L'ARI\u00c8GELibert\u00e9Egalit\u00e9Fraternit\u00e9\nPR\u00c9FECTURE\nCabinet du Pr\u00e9fet\nDirection des s\u00e9curit\u00e9s\nService interminist\u00e9riel de d\u00e9fense et de protection civile\nCourriel : pref-defense-protection-civile@ariege.gouv.fr\nARR\u00caT\u00c9 PR\u00c9FECTORAL PORTANT R\u00c9QUISITION DU D\u00c9PANNEUR AX DEPAN' EURL\nLE PR\u00c9FET DE L'ARI\u00c8GE\nVu le code de la s\u00e9curit\u00e9 int\u00e9rieure, et notamment ses articles L.742-11 \u00e0 L.742-13 ;\nVu le code des collectivit\u00e9s territoriales, et notamment son article L.2215-1 ;\nVu le code de la sant\u00e9 publique ;\nVu le d\u00e9cret n\u00b02004-374 du 29 avril 2004 modifi\u00e9 relatif aux pouvoirs des pr\u00e9fets, \u00e0 l'organisation et \n\u00e0 l'action des services de l'\u00c9tat dans les r\u00e9gions et d\u00e9partements ;\nVu le d\u00e9cret du pr\u00e9sident de la R\u00e9publique du 22 octobre 2025, nommant M. Herv\u00e9 BRABANT  \nen qualit\u00e9 de pr\u00e9fet de l'Ari\u00e8ge ;\nVu l'arr\u00eat\u00e9 pr\u00e9fectoral du 10 novembre 2025 portant d\u00e9l\u00e9gation de signature \u00e0 Mme \u00c9milie  \nBARROMES,  sous-pr\u00e9f\u00e8te de l'arrondissement de Pamiers ;\nVu l'\u00e9v\u00e8nement de gestion de crise en date du 12/12/2025 ;\nConsid\u00e9rant le blocage situ\u00e9 rond-point de Sabart \u00e0 Tarascon-sur-Ari\u00e8ge depuis le vendredi 12  \nd\u00e9cembre, 19h45 ; \nConsid\u00e9rant que les manifestants ont d\u00e9grad\u00e9 et sci\u00e9 le radar de la RD8 entre Tarascon-sur-Ari\u00e8ge  \net Val-de-Sos ; \nConsid\u00e9rant que  le  Pr\u00e9fet  peut  l\u00e9galement,  requ\u00e9rir  tout  service  ou  bien  afin  d'assurer  la \nsatisfaction des besoins essentiels de la population, le fonctionnement des services publics, la  \ns\u00e9curit\u00e9 des habitants et la salubrit\u00e9 de l'environnement ; \nConsid\u00e9rant qu'une telle situation rev\u00eat un caract\u00e8re exceptionnel d'urgence ;\nSur proposition de Madame la sous-pr\u00e9f\u00e8te de l'arrondissement de Pamiers ;\nARRETE\nArticle 1er : La soci\u00e9t\u00e9 de d\u00e9pannage AX DEPAN' EURL (localis\u00e9e au lieu-dit Le Castelet \u00e0 Perles-et-\nCastelet, 09110)  est r\u00e9quisitionn\u00e9e afin d'ex\u00e9cuter par priorit\u00e9, avec les moyens en personnel et  \nmat\u00e9riel  dont  elle  dispose,  et  en  conservant  la  direction  de  l'activit\u00e9  de  ladite  entreprise,  la \nprestation suivante :\n\u2022 r\u00e9cup\u00e9ration du radar sur la RD8 apr\u00e8s Tarascon-sur-Ari\u00e8ge en direction de Val-de-Sos ;\n\u2022 d\u00e9p\u00f4t du radar aux ateliers municipaux de la commune de Auzat. \nArticle  2  :  L'action  est  ex\u00e9cut\u00e9e  au  profit  de  l'\u00c9tat  et  du  groupement  de  gendarmerie \nd\u00e9partementale de l'Ari\u00e8ge. \nArticle 3 (dur\u00e9e) :  D\u00e8s que l'action aura \u00e9t\u00e9 fournie, la soci\u00e9t\u00e9 de d\u00e9pannage AX DEPAN' EURL  \nretrouvera la libert\u00e9 professionnelle dont elle jouissait ant\u00e9rieurement.\n09 - PREFECTURE - DIRECTION DU CABINET - 09-2025-12-14-00002 - ARR\u00caT\u00c9 PR\u00c9FECTORAL PORTANT R\u00c9QUISITION DU D\u00c9PANNEUR\nAX DEPAN' EURL 4\nArticle  4 (indemnisation,  le  cas  \u00e9ch\u00e9ant)  : La  soci\u00e9t\u00e9  de  d\u00e9pannage  AX  DEPAN' EURL  sera \nindemnis\u00e9e  dans  les  conditions  pr\u00e9vues  par  l'article  L.2215-1  du  code  g\u00e9n\u00e9ral  des  collectivit\u00e9s \nterritoriales.\nDans  les  conditions  pr\u00e9vues au code  de  justice  administrative,  le  tribunal  administratif  pourra \naccorder au requis, \u00e0 sa demande, une provision couvrant tout ou partie de l'indemnit\u00e9 \u00e0 venir.\nArticle 5 :  \u00c0 d\u00e9faut d'ex\u00e9cution du pr\u00e9sent ordre de r\u00e9quisition, il pourra \u00eatre proc\u00e9d\u00e9 \u00e0 son  \nex\u00e9cution d'office. La personne requise s'expose aux sanctions p\u00e9nales pr\u00e9vues \u00e0 l'article L.2215-1  \ndu code g\u00e9n\u00e9ral des collectivit\u00e9s territoriales.\nArticle  6  :  Le  pr\u00e9sent  arr\u00eat\u00e9  peut  faire  l'objet  d'un  recours  contentieux,  aupr\u00e8s  du  tribunal \nadministratif de Toulouse, dans un d\u00e9lai de deux mois \u00e0 compter de sa notification.\nArticle 7  : Le pr\u00e9sent ordre de r\u00e9quisition sera notifi\u00e9 au g\u00e9rant de la soci\u00e9t\u00e9 de d\u00e9pannage AX  \nDEPAN' EURL ainsi qu'au colonel commandant le groupement de gendarmerie d\u00e9partementale de  \nl'Ari\u00e8ge.\nArticle 8 : La sous-pr\u00e9f\u00e8te de l'arrondissement de Pamiers, le colonel commandant le groupement  \nde  gendarmerie  d\u00e9partemental  de  l'Ari\u00e8ge,  sont  charg\u00e9s,  chacun  en  ce  qui  le  concerne,  de \nl'ex\u00e9cution du pr\u00e9sent arr\u00eat\u00e9 qui sera publi\u00e9 au recueil d es actes administratifs de la Pr\u00e9fecture de  \nl'Ari\u00e8ge.\n      Fait \u00e0 Foix, le 14/12/2025\nPour le pr\u00e9fet et par d\u00e9l\u00e9gation,\nla sous-pr\u00e9f\u00e8te de Pamiers,\nSign\u00e9\n\u00c9milie BARROMES\n09 - PREFECTURE - DIRECTION DU CABINET - 09-2025-12-14-00002 - ARR\u00caT\u00c9 PR\u00c9FECTORAL PORTANT R\u00c9QUISITION DU D\u00c9PANNEUR\nAX DEPAN' EURL 5","date":"2025-12-14","first_seen_on":"2025-12-14T13:08:30+00:00","id":"8cab50e2b335603e5632eecc690d20b649be94340bbf5aad5f23ee1f5f0a4e85","name":"recueil-09-2025-175-recueil-des-actes-administratifs-1.pdf","pdf_creation_date":"2025-12-14T13:00:35+00:00","pdf_modification_date":null,"timezone":"Europe/Paris","url":"https://www.ariege.gouv.fr/contenu/telechargement/34000/231689/file/recueil-09-2025-175-recueil-des-actes-administratifs-1.pdf"}
