{"administration":"pref01","administration_name":"Pr\u00e9fecture de l\u2019Ain","content":"AIN\nRECUEIL DES ACTES\nADMINISTRATIFS SP\u00c9CIAL\nN\u00b001-2026-007\nPUBLI\u00c9 LE  8 JANVIER 2026\nSommaire\n01_DDETS_Direction d\u00e9partementale de l'emploi, du travail et des\nsolidarit\u00e9s de l'Ain /\n01-2026-01-08-00002 - Arr\u00eat\u00e9 appel \u00e0 candidature MJPM + avis \u00e0\ncandidature (8 pages) Page 3\n01-2026-01-08-00001 - Arr\u00eat\u00e9 Calendrier appel \u00e0 candidatures MJPM (2\npages) Page 12\n01_Pref_Pr\u00e9fecture de l'Ain /\n01-2026-01-06-00008 -  Arr\u00eat\u00e9 pr\u00e9fectoral fixant le nombre de\nconseillers municipaux \u00e0 \u00e9lire pour les \u00e9lections municipales 2026 (1\npage) Page 15\n01-2026-01-06-00009 - arr\u00eat\u00e9 pr\u00e9fectoral portant transfert des biens\nde la section de Musin \u00e0 la commune de Magnieu (2 pages) Page 17\n84_ARS_Agence R\u00e9gionale de Sant\u00e9 Auvergne-Rh\u00f4ne-Alpes /\n01-2025-10-28-00003 - 2025-10-28 agr\u00e9ment suite hors quota  (2 pages) Page 20\n01-2025-12-31-00005 - 2025-12 Arr\u00eat\u00e9 r\u00e9quisition PDSA 01 (30 pages) Page 23\n01-2025-12-31-00006 - 2025-12 Arr\u00eat\u00e9 r\u00e9quisition SAS 01 (10 pages) Page 54\n01-2026-01-06-00007 - 2026-01-06 Arr\u00eat\u00e9 r\u00e9quisition modificatif SAS 01\n(3 pages) Page 65\n2\n01_DDETS_Direction d\u00e9partementale de\nl'emploi, du travail et des solidarit\u00e9s de l'Ain\n01-2026-01-08-00002\nArr\u00eat\u00e9 appel \u00e0 candidature MJPM + avis \u00e0\ncandidature\n01_DDETS_Direction d\u00e9partementale de l'emploi, du travail et des solidarit\u00e9s de l'Ain - 01-2026-01-08-00002 - Arr\u00eat\u00e9 appel \u00e0\ncandidature MJPM + avis \u00e0 candidature 3\n||PREFETDE VAINLibert\u00e9Egalit\u00e9Fraternit\u00e9\nDirection d\u00e9partementale de l'emploi,\ndu travail et des solidarit\u00e9s\nA R R E T \u00c9\nportant avis d'appel \u00e0 candidatures aux fins d'agr\u00e9ment des mandataires exer\u00e7ant \n\u00e0 titre individuel pour le d\u00e9partement de l'Ain\nLe pr\u00e9fet de l'Ain, \nVu  le  Code  de  l'action  sociale  et  des  familles,  notamment  ses  articles  L.312-5,   L.472-1,\nL.472-1-1 et D.472-5-1 \u00e0 D472-5-4 ;\nVu  le code civil, notamment son article 450 ; \nVu  la  loi  n\u00b0  2015-1776  du  28  d\u00e9cembre  2015  relative  \u00e0  l'adaptation  de  la  soci\u00e9t\u00e9  au\nvieillissement ;\nVu le d\u00e9cret n\u00b0 2016-1898 du 27 d\u00e9cembre 2016 portant diverses dispositions relatives aux\nmandataires judiciaires \u00e0 la protection des majeurs ;\nVu le d\u00e9cret du 2 d\u00e9cembre 2025 portant nomination de Monsieur Louis-Xavier THIRODE,\npr\u00e9fet de l'Ain ;\nVu  l'arr\u00eat\u00e9  du  12  juillet  2017  relatif  au  formulaire  de  dossier  de  candidature  aux  fins\nd'agr\u00e9ment en qualit\u00e9 de mandataire judiciaire \u00e0 la protection des majeurs \u00e0 titre individuel ;\nVu  l'arr\u00eat\u00e9  pr\u00e9fectoral  du  22  d\u00e9cembre  2025  portant  d\u00e9l\u00e9gation  de  signature  \u00e0\nM. PATERNOSTER, directeur d\u00e9partemental de l'Emploi du Travail et des Solidarit\u00e9s ;\nVu le sch\u00e9ma r\u00e9gional de la protection juridique des majeurs et des d\u00e9l\u00e9gu\u00e9s aux prestations\nfamiliales de la r\u00e9gion Auvergne-Rh\u00f4ne-Alpes du 7 f\u00e9vrier 2024 ;\nSur proposition du directeur d\u00e9partemental de l'Emploi, du Travail et des Solidarit\u00e9s de l'Ain ;\nARRETE\nArticle 1er\nL'avis d'appel \u00e0 candidatures aux fins d'agr\u00e9ment en qualit\u00e9 de mandataire judiciaire \u00e0 la\nprotection des majeurs exer\u00e7ant \u00e0 titre individuel pour le d\u00e9partement de l'Ain est d\u00e9fini en\nannexe au pr\u00e9sent arr\u00eat\u00e9.\n34, avenue des Belges  -  CS 70417 -  01012 BOURG EN BRESSE C\u00e9dex \nTel : 04 74 45 91 39  \nHoraires d'ouverture au public 9h/12h \u2013 13h30/16h30\nSite internet : www.ain.gouv.fr\n01_DDETS_Direction d\u00e9partementale de l'emploi, du travail et des solidarit\u00e9s de l'Ain - 01-2026-01-08-00002 - Arr\u00eat\u00e9 appel \u00e0\ncandidature MJPM + avis \u00e0 candidature 4\nArticle 2\nLe pr\u00e9sent arr\u00eat\u00e9 peut faire l'objet d'un recours administratif, soit gracieux aupr\u00e8s de la\nPr\u00e9f\u00e8te de l'Ain, soit hi\u00e9rarchique aupr\u00e8s du Ministre du travail, de la Sant\u00e9 et des Soldiarit\u00e9s\ndans les deux mois suivant sa notification. Un recours contentieux peut \u00eatre d\u00e9pos\u00e9 aupr\u00e8s\ndu tribunal administratif de Lyon, \u00e9galement dans un d\u00e9lai de deux mois \u00e0 compter de la\nnotification, ou dans un d\u00e9lai de deux mois \u00e0 partir de la r\u00e9ponse de l'administration si un\nrecours administratif a \u00e9t\u00e9 d\u00e9pos\u00e9, l'absence de r\u00e9ponse au terme de ce d\u00e9lai valant rejet\nimplicite.\nArticle 3\nLa  Secr\u00e9taire  G\u00e9n\u00e9rale  de  la  Pr\u00e9fecture  de  l'Ain  et  le  directeur  d\u00e9partemental  de\nl'Emploi, du Travail et des Solidarit\u00e9s de l'Ain sont charg\u00e9s de l'ex\u00e9cution du pr\u00e9sent arr\u00eat\u00e9\nqui sera publi\u00e9 au recueil des actes administratifs du d\u00e9partement de l'Ain.\nFait \u00e0 Bourg-en-Bresse, le 8 janvier 2026\nPour le pr\u00e9fet,\nLe directeur d\u00e9partemental,\nSign\u00e9 : Olivier PATERNOSTER\n34, avenue des Belges  -  CS 70417 -  01012 BOURG EN BRESSE C\u00e9dex \nTel : 04 74 45 91 39  \nHoraires d'ouverture au public 9h/12h \u2013 13h30/16h30\nSite internet : www.ain.gouv.fr\n01_DDETS_Direction d\u00e9partementale de l'emploi, du travail et des solidarit\u00e9s de l'Ain - 01-2026-01-08-00002 - Arr\u00eat\u00e9 appel \u00e0\ncandidature MJPM + avis \u00e0 candidature 5\n|PREFETDE VAINLibert\u00e9Egalit\u00e9Fraternit\u00e9\nDirection d\u00e9partementale de l'emploi,\ndu travail et des solidarit\u00e9s\nAPPEL A CANDIDATURES\nProc\u00e9dure d'agr\u00e9ment de 10 mandataires\njudiciaires \u00e0 la protection des majeurs \nexer\u00e7ant \u00e0 titre individuel\npour le d\u00e9partement de l'Ain\nSeuls seront examin\u00e9s les dossiers de candidatures d\u00e9pos\u00e9s \nentre le  12 janvier 2026\net le  11 mars 2026 inclus\n(cachet de la poste faisant foi)\nAPPEL A CANDIDATURES \nProc\u00e9dure d'agr\u00e9ment des mandataires judiciaires \u00e0 la protection juridique des majeurs \nexer\u00e7ant \u00e0 titre individuel\n D\u00e9partement de l'Ain\n(Code de l'action sociale et des familles, notamment ses articles L.312-5, L.471-2-1,\n L.472-1-1, R.472-1 \u00e0 R.472-4, D.472-5-1 \u00e0 D.472-5-4)\nL'appel \u00e0 candidatures pr\u00e9vu par l'article  D472-5-1 du code de l'action sociale et des familles\npour l'ann\u00e9e 2026 est le suivant : \n1. Contexte :\nLa loi n\u00b02007-308 du 5 mars 2007 a pr\u00e9vu l'\u00e9laboration de sch\u00e9mas r\u00e9gionaux des Mandataires\nJudiciaires \u00e0 la Protection des Majeurs (MJPM) et des d\u00e9l\u00e9gu\u00e9s aux prestations familiales (DPF).\nPar arr\u00eat\u00e9 en date du 7 f\u00e9vrier 2024, la pr\u00e9f\u00e8te de la r\u00e9gion Auvergne-Rh\u00f4ne-Alpes a arr\u00eat\u00e9 le\nnouveau sch\u00e9ma r\u00e9gional MJPM 2024-2028 qui d\u00e9finit les orientations et les axes de travail. Le\ndocument  est  disponible  sur  le  site  des  services  de  l'Etat  de  l'Ain  :\nhttps://www.ain.gouv.fr/Actions-de-l-Etat/Solidarites/Protection-juridique-des-majeurs/\nSchema-regional-des-mandataires-judiciaires-a-la-protection-des-majeurs-et-des-delegues/\nSchema-regional-des-MJPM-et-des-DPF\nDans le d\u00e9partement de l'Ain, compte tenu de la potentielle augmentation substancielle du\nnombre de mesure de protection, il a \u00e9t\u00e9 d\u00e9cid\u00e9 d'augmenter le nombre des MJPM exer\u00e7ant \u00e0\ntitre individuel afin de garantir une diversit\u00e9 des gestionnaires de mesures de protection\njuridique sur l'ensemble du territoire, d'am\u00e9liorer la proximit\u00e9 de la mesure en organisant un\nappel  \u00e0  candidatures  par  ressort  de  tribunal, et  d'anticiper  le  remplacement  des  MJPM\namen\u00e9s \u00e0 cesser leur activit\u00e9 sur la dur\u00e9e du sch\u00e9ma.\n34, avenue des Belges  -  CS 70417 -  01012 BOURG EN BRESSE C\u00e9dex \nTel : 04 74 45 91 39  \nHoraires d'ouverture au public 9h/12h \u2013 13h30/16h30\nSite internet : www.ain.gouv.fr\n01_DDETS_Direction d\u00e9partementale de l'emploi, du travail et des solidarit\u00e9s de l'Ain - 01-2026-01-08-00002 - Arr\u00eat\u00e9 appel \u00e0\ncandidature MJPM + avis \u00e0 candidature 6\nConform\u00e9ment \u00e0 l'article 34 de la loi n\u00b02015-1776 du 28 d\u00e9cembre 2015, l'agr\u00e9ment est d\u00e9livr\u00e9\napr\u00e8s un appel \u00e0 candidatures \u00e9mis par le repr\u00e9sentant de l'Etat dans le d\u00e9partement, qui\nfixe la date \u00e0 laquelle les dossiers de candidature doivent \u00eatre d\u00e9pos\u00e9s. \n2. Territoires     :  \nLe pr\u00e9sent appel \u00e0 candidatures concerne toute personne remplissant les conditions d'acc\u00e8s\n\u00e0 la  profession de MJPM et souhaitant exercer \u00e0 titre individuel des mesures de protection\njuridique des majeurs ordonn\u00e9es par l'autorit\u00e9 judiciaire (mandat sp\u00e9cial auquel il peut \u00eatre\nrecouru  dans  le  cadre  de  la  sauvegarde  de  justice,  curatelle,  tutelle,  ou  mesure\nd'accompagnement judiciaire). \nLa localisation retenue pour les agr\u00e9ments est la suivante :\n\u2022Tribunal judiciaire de Bourg-en-Bresse :  3   MJPM exer\u00e7ant \u00e0 titre individuel\n\u2022Tribunal de Tr\u00e9voux :   3 MJPM exer\u00e7ant \u00e0 titre individuel\n\u2022Tribunal de proximit\u00e9 de Belley :  3 MJPM exer\u00e7ant \u00e0 titre individuel\n\u2022Tribunal de proximit\u00e9 de Nantua : 1 MJPM exer\u00e7ant \u00e0 titre individuel \nAu total le d\u00e9partement de l'Ain comptabilise un besoin de  10 nouveaux  MJPM  exer\u00e7ant \u00e0\ntitre individuel\nUn m\u00eame candidat peut postuler sur un ou plusieurs ressorts de tribunal.\n3. Crit\u00e8res d'\u00e9ligibilit\u00e9     :  \nIl convient de satisfaire notamment aux conditions suivantes (conform\u00e9ment \u00e0 l'article L.471-\n4 du Code de l'Action Sociale et des Familles \u2013 CASF): \n\u2212 \u00catre \u00e2g\u00e9(e) au minimum de 25 ans ; \n\u2212 \u00catre titulaire du certificat national de comp\u00e9tence de mandataire judiciaire ; \n\u2212 Ne pas avoir fait l'objet de condamnation pour les infractions \u00e9num\u00e9r\u00e9es \u00e0 l'article L. 133-6\ndu code de l'action sociale et des familles ;\n\u2212 Ne pas \u00eatre inscrit(e) sur la liste nationale des personnes qui ont fait l'objet sur d\u00e9cision du\npr\u00e9fet d'une suspension ou d'un retrait d'agr\u00e9ment ; \n\u2212 Justifier de garanties des cons\u00e9quences p\u00e9cuniaires de sa responsabilit\u00e9 civile en raison des\ndommages subis par les personnes prises en charge ; \n\u2212  Justifier d'une exp\u00e9rience professionnelle d'une dur\u00e9e minimale de trois ans dans un des\ndomaines  n\u00e9cessaires  \u00e0  l'exercice  des  fonctions  de  mandataire  (exemple  :  gestion\nadministrative,  financi\u00e8re,  budg\u00e9taire,  fiscale  ou  patrimoniale,  action  sociale,  activit\u00e9\njuridique notamment droit civil, droit de la famille). \n4. Crit\u00e8res de s\u00e9lection : \nLa proc\u00e9dure d'agr\u00e9ment s'inscrit dans  le cadre des  objectifs  et des  besoins fix\u00e9s par le\nsch\u00e9ma r\u00e9gional 2024-2028 des mandataires judiciaires \u00e0 la protection juridique des majeurs\net des d\u00e9l\u00e9gu\u00e9s aux prestations familiales. \n34, avenue des Belges  -  CS 70417 -  01012 BOURG EN BRESSE C\u00e9dex \nTel : 04 74 45 91 39  \nHoraires d'ouverture au public 9h/12h \u2013 13h30/16h30\nSite internet : www.ain.gouv.fr\n01_DDETS_Direction d\u00e9partementale de l'emploi, du travail et des solidarit\u00e9s de l'Ain - 01-2026-01-08-00002 - Arr\u00eat\u00e9 appel \u00e0\ncandidature MJPM + avis \u00e0 candidature 7\nSeront privil\u00e9gi\u00e9es les candidatures qui : \n\u2212  Rempliront  les  conditions  l\u00e9gales  et  r\u00e9glementaires  d'exercice  de  la  profession  et  plus\nparticuli\u00e8rement les crit\u00e8res de nature \u00e0 assurer la qualit\u00e9, la proximit\u00e9 et la continuit\u00e9 de la\nprise en charge ou d'accompagnement des majeurs ;\n\u2212 R\u00e9pondront aux objectifs du sch\u00e9ma r\u00e9gional et du pr\u00e9sent appel \u00e0 candidatures. \nConditions l\u00e9gales et r\u00e9glementaires : \nEn  plus  des  crit\u00e8res  d'\u00e9ligibilit\u00e9  rappel\u00e9s  ci-dessus,  les  candidatures  seront  examin\u00e9es  au\nregard des crit\u00e8res garantissant la qualit\u00e9, la proximit\u00e9 et la continuit\u00e9 de la prise en charge\nou d'accompagnement (article R.472-1 du code de l'action sociale et des familles) : \n1\u00b0 Au titre de la qualit\u00e9 et de la continuit\u00e9 de la prise en charge ou de l'accompagnement : \na)  Les  moyens  mat\u00e9riels  pr\u00e9vus  pour  l'activit\u00e9,  notamment  les  mat\u00e9riels,  en  particulier\ninformatiques, et les locaux d\u00e9di\u00e9s \u00e0 cette activit\u00e9, les moyens pr\u00e9vus pour la protection des\ndonn\u00e9es personnelles des personnes prot\u00e9g\u00e9es ; \nb) Les moyens humains pr\u00e9vus pour l'activit\u00e9, notamment le temps disponible pour cette\nactivit\u00e9,  du  mandataire et, le cas  \u00e9ch\u00e9ant,  du  secr\u00e9taire sp\u00e9cialis\u00e9, au regard du  volume\nd'activit\u00e9 envisag\u00e9, les formations obtenues et les exp\u00e9riences professionnelles, autres que\ncelles obligatoires pour l'exercice de la fonction ; \nc) Les moyens pr\u00e9vus pour l'accueil de la personne prot\u00e9g\u00e9e et pour les \u00e9changes entre le\nmandataire et la personne prot\u00e9g\u00e9e ; \nd) La formalisation et la pertinence de la notice d'information et du projet de document\nindividuel de protection des majeurs ; \ne) La formalisation et la pertinence de son projet professionnel. Pour l'appr\u00e9ciation de ce\ndernier,  sont  pris  en  compte,  notamment,  la  qualit\u00e9  du  r\u00e9seau  pluridisciplinaire  de\nprofessionnels, en projet ou d\u00e9j\u00e0 constitu\u00e9, comprenant notamment d'autres mandataires\njudiciaires  \u00e0  la protection  des  majeurs,  les  modalit\u00e9s  pr\u00e9vues  pour  prot\u00e9ger  les  donn\u00e9es\npersonnelles, garantir la qualit\u00e9 du service rendu et organiser la continuit\u00e9 de la prise en\ncharge ou de l'accompagnement. \n2\u00b0 Au titre de la proximit\u00e9 de prise en charge ou d'accompagnement : \na) La proximit\u00e9 des locaux d'activit\u00e9 professionnelle du MJPM par rapport aux besoins que\nl'appel \u00e0 candidature a pour objet de satisfaire ; \nb) Les moyens pr\u00e9vus pour assurer les d\u00e9placements n\u00e9cessaires \u00e0 l'exercice de la fonction de\nmandataire, notamment les moyens de locomotion ; \nc) Les moyens pr\u00e9vus pour les \u00e9changes entre le MJPM et la personne prot\u00e9g\u00e9e.\nBesoins particuliers d\u00e9finis par l'appel \u00e0 candidatures\nLe pr\u00e9sent appel \u00e0 candidatures concerne toute personne remplissant les conditions d'acc\u00e8s\n\u00e0 la profession de MJPM exer\u00e7ant \u00e0 titre individuel et souhaitant exercer \u00e0 titre individuel des\nmesures  de  protection  juridique  des  majeurs  ordonn\u00e9es  par  l'autorit\u00e9 judiciaire  (mandat\nsp\u00e9cial auquel il peut \u00eatre recouru dans le cadre de la sauvegarde de justice, curatelle, tutelle\nou mesure d'accompagnement judiciaire sous r\u00e9serve d'en avoir la mention dans le certificat\nnational de comp\u00e9tences). \n34, avenue des Belges  -  CS 70417 -  01012 BOURG EN BRESSE C\u00e9dex \nTel : 04 74 45 91 39  \nHoraires d'ouverture au public 9h/12h \u2013 13h30/16h30\nSite internet : www.ain.gouv.fr\n01_DDETS_Direction d\u00e9partementale de l'emploi, du travail et des solidarit\u00e9s de l'Ain - 01-2026-01-08-00002 - Arr\u00eat\u00e9 appel \u00e0\ncandidature MJPM + avis \u00e0 candidature 8\nLes agr\u00e9ments ont vocation \u00e0 concerner le ressort des quatre tribunaux  judiciaires et de\nproximit\u00e9 du  d\u00e9partement.  N\u00e9anmoins,  en  raison  de  l'\u00e9tendue  et  de  la  g\u00e9ographie  du\nd\u00e9partement, de la n\u00e9cessit\u00e9 d'assurer un accompagnement de proximit\u00e9, seront prioritaires\nles candidats   s'engageant \u00e0 respecter une   quotit\u00e9 de temps de travail \u00e0 temps plein   pour la  \nprise en charge des mesures de protection   des territoires sp\u00e9cifiques.  \nEn ce qui concerne les  personnes ayant candidat\u00e9,  exer\u00e7ant ou ayant exerc\u00e9 dans d'autres\nd\u00e9partements : conform\u00e9ment aux dispositions relatives \u00e0 la communication des documents\nadministratifs, la direction d\u00e9partementale de l'emploi, du travail et des solidarit\u00e9s se r\u00e9serve\nle droit de demander  la communication des dossiers complets de candidatures ant\u00e9rieures,\ndes rapports d'inspection et de contr\u00f4le r\u00e9alis\u00e9s par ces d\u00e9partements sur les candidats. Ces\n\u00e9l\u00e9ments pourront entrer dans l'\u00e9valuation de la formalisation et la pertinence du projet\nprofessionnel  notamment  au  regard  de  la  garantie  de  la  qualit\u00e9  du  service  rendu  et\nl'organisation  de  la  continuit\u00e9  de  la  prise  en  charge  ou  de  l'accompagnement,  crit\u00e8res\nr\u00e9glementaires pr\u00e9cit\u00e9s. \n5. Proc\u00e9dure de d\u00e9p\u00f4t des candidatures :\nLes demandes doivent \u00eatre \u00e9tablies au moyen du CERFA n\u00b0 13913*02 avec l'aide de la notice\nexplicative.\nCes documents sont t\u00e9l\u00e9chargeables \u00e0 l'adresse suivante :\nhttps://www.service-public.fr/particuliers/vosdroits/R1898\nLe dossier de candidature doit obligatoirement \u00eatre accompagn\u00e9 des pi\u00e8ces justificatives\nsuivantes : \n\u2212 Un acte de naissance ; \n\u2212 Un extrait de casier judiciaire (bulletin n\u00b03) ; \n\u2212 Un justificatif de domicile ; \n\u2212 Le certificat national de comp\u00e9tence mentionn\u00e9 \u00e0 l'article D. 471-4 et toutes autres pi\u00e8ces\njustificatives relatives aux autres formations suivies ; \n\u2212  Un  curriculum  vitae  et  toutes  pi\u00e8ces  justificatives  relatives  \u00e0  son  exp\u00e9rience\nprofessionnelle ; \n\u2212 Un devis pour le contrat d'assurance en responsabilit\u00e9 civile ; \n\u2212 Les projets de notice d'information et de document individuel de protection des majeurs ; \n\u2212 Le cas \u00e9ch\u00e9ant, un projet de contrat de travail pour l'emploi d'un secr\u00e9taire sp\u00e9cialis\u00e9 et\ntout document attestant de l'intention de recruter du personnel \u00e0 ce poste ; \n\u2212 Le cas \u00e9ch\u00e9ant, tout document attestant de la recherche, de la location ou de la possession\nde locaux professionnels ; \n\u2212  Les documents relatifs aux moyens pr\u00e9vus pour assurer les d\u00e9placements n\u00e9cessaires \u00e0\nl'exercice  de  la  fonction  de  mandataire,  notamment  le  certificat  d'immatriculation  du\nv\u00e9hicule, le titre de propri\u00e9t\u00e9 ou de location de ses moyens de locomotion ; \n\u2212  Le  projet  professionnel  du  candidat,  qui  pr\u00e9cise  notamment  la  qualit\u00e9  du  r\u00e9seau\npluridisciplinaire  de  professionnels,  en  projet  ou  d\u00e9j\u00e0  constitu\u00e9,  comprenant  notamment\nd'autres  mandataires  judiciaires  \u00e0  la  protection  des  majeurs,  les  modalit\u00e9s  pr\u00e9vues  pour\nprot\u00e9ger  les  donn\u00e9es  personnelles,  garantir  la  qualit\u00e9  du  service  rendu  et  organiser  la\ncontinuit\u00e9 de la prise en charge ou de l'accompagnement. \n34, avenue des Belges  -  CS 70417 -  01012 BOURG EN BRESSE C\u00e9dex \nTel : 04 74 45 91 39  \nHoraires d'ouverture au public 9h/12h \u2013 13h30/16h30\nSite internet : www.ain.gouv.fr\n01_DDETS_Direction d\u00e9partementale de l'emploi, du travail et des solidarit\u00e9s de l'Ain - 01-2026-01-08-00002 - Arr\u00eat\u00e9 appel \u00e0\ncandidature MJPM + avis \u00e0 candidature 9\nPour les personnes physiques qui disposent d'une d\u00e9l\u00e9gation d'un service mandataire pour\nexercer l'activit\u00e9 de mandataire judiciaire ou exercent en qualit\u00e9 de pr\u00e9pos\u00e9 d'\u00e9tablissement\n\u00e0  la  date  de  la  demande  d'agr\u00e9ment,   et  souhaitant  un  cumul  d'activit\u00e9,  le  dossier  de\ncandidature comporte \u00e9galement : \n- Les informations relatives \u00e0 l'activit\u00e9 exerc\u00e9e au moment de la demande d'agr\u00e9ment ; \n- La copie du contrat de travail ou de la d\u00e9cision de nomination ; \n- Le courrier par lequel le candidat a inform\u00e9 son employeur de son intention de demander\nun agr\u00e9ment ; \n-  Les moyens permettant, au regard de l'activit\u00e9 de son travail salari\u00e9 ou d'agent public,\nd'assurer une continuit\u00e9 de la prise en charge ou de l'accompagnement des personnes dont\nle juge lui a confi\u00e9 la protection juridique. \nLe dossier de candidature doit \u00eatre adress\u00e9 entre le    12 janvier 2026   et le   11 mars 20  26 i  nc  lus  \n(cachet de la poste faisant foi) par lettre recommand\u00e9e avec accus\u00e9 de r\u00e9ception \u00e0 :\nDirection d\u00e9partementale de l'Emploi, du Travail et des Solidarit\u00e9s\nService \"Protection des Publics Vuln\u00e9rables\"\nCandidatures MJPM individuels \n34 avenue des Belges\nCS 70417\n01012 Bourg-en-Bresse Cedex \nCopie \u00e0 : \nMadame la Procureure de la R\u00e9publique\nTribunal Judiciaire de Bourg-en-Bresse\nService civil du Parquet\nCandidatures MJPM individuels \n32 avenue Alsace Lorraine\nCS 30306\n01011 Bourg-en-Bresse Cedex\n6. Modalit\u00e9s d'instruction des dossiers et agr\u00e9ments : \nLe repr\u00e9sentant de l'Etat dans le d\u00e9partement dispose d'un d\u00e9lai de vingt jours pour accuser\nr\u00e9ception  de  la  demande  ou,  si  la  demande  est  incompl\u00e8te,  pour  indiquer  les  pi\u00e8ces\nmanquantes dont la production est indispensable \u00e0 l'instruction de la demande et fixer un\nd\u00e9lai pour la production de ces pi\u00e8ces. En l'absence de production des pi\u00e8ces manquantes\ndans le d\u00e9lai fix\u00e9, la demande ne peut \u00eatre instruite. \nConform\u00e9ment \u00e0 l'article R. 472-4 du CASF, \u00ab le silence gard\u00e9 pendant plus de cinq mois \u00e0\ncompter de la date de fin de r\u00e9ception des candidatures inscrite dans l'avis \u00e0 candidature\n\u00e9mis par le repr\u00e9sentant de l'\u00c9tat dans le d\u00e9partement sur la candidature d'agr\u00e9ment vaut\nd\u00e9cision de rejet de celles-ci \u00bb .\nL'instruction  des  dossiers  de  demande  d'agr\u00e9ment  sera  r\u00e9alis\u00e9e  par  la  direction\nd\u00e9partementale  de  l'emploi,  du  travail  et  des  solidarit\u00e9s  de  l'Ain  selon  les  dispositions\npr\u00e9vues par le Code de l'Action Sociale et des Familles (CASF). \n34, avenue des Belges  -  CS 70417 -  01012 BOURG EN BRESSE C\u00e9dex \nTel : 04 74 45 91 39  \nHoraires d'ouverture au public 9h/12h \u2013 13h30/16h30\nSite internet : www.ain.gouv.fr\n01_DDETS_Direction d\u00e9partementale de l'emploi, du travail et des solidarit\u00e9s de l'Ain - 01-2026-01-08-00002 - Arr\u00eat\u00e9 appel \u00e0\ncandidature MJPM + avis \u00e0 candidature 10\nPour tout renseignement : \nddets-soutien-public@ain.gouv.fr\nTel : 04 74 32 55 14\nLes candidats dont le dossier est recevable, au regard des conditions pr\u00e9vues aux articles\nL.471-4, L.472-2 et D.471-3  du CASF, seront auditionn\u00e9s par la commission d\u00e9partementale\nd'agr\u00e9ment des mandataires judiciaires \u00e0 la protection des majeurs exer\u00e7ant \u00e0 titre individuel,\nqui donnera un avis consultatif sur chacune des candidatures. \nLes candidatures aux fins d'agr\u00e9ments en qualit\u00e9 de mandataire judiciaire \u00e0 la protection des\nmajeurs  seront  class\u00e9es  et  s\u00e9lectionn\u00e9es  par  le pr\u00e9f et  de  l'Ain,  et l a procureur e de  la\nR\u00e9publique, en fonction des crit\u00e8res pr\u00e9cit\u00e9s. \nL'agr\u00e9ment sera d\u00e9livr\u00e9 par le pr\u00e9fet de d\u00e9partement apr\u00e8s avis conforme de la Procureure de\nla R\u00e9publique aux candidats les mieux class\u00e9s. \nLes  agr\u00e9ments  ouverts  peuvent  ne  pas  \u00eatre  attribu\u00e9s  ou  enti\u00e8rement  attribu\u00e9s  si  les\ncandidatures ne satisfont pas aux crit\u00e8res pr\u00e9cit\u00e9s ou sont en nombre suffisant. \nLe pr\u00e9sent avis sera publi\u00e9 au recueil des actes administratifs de la pr\u00e9fecture de l'Ain. \n34, avenue des Belges  -  CS 70417 -  01012 BOURG EN BRESSE C\u00e9dex \nTel : 04 74 45 91 39  \nHoraires d'ouverture au public 9h/12h \u2013 13h30/16h30\nSite internet : www.ain.gouv.fr\n01_DDETS_Direction d\u00e9partementale de l'emploi, du travail et des solidarit\u00e9s de l'Ain - 01-2026-01-08-00002 - Arr\u00eat\u00e9 appel \u00e0\ncandidature MJPM + avis \u00e0 candidature 11\n01_DDETS_Direction d\u00e9partementale de\nl'emploi, du travail et des solidarit\u00e9s de l'Ain\n01-2026-01-08-00001\nArr\u00eat\u00e9 Calendrier appel \u00e0 candidatures MJPM\n01_DDETS_Direction d\u00e9partementale de l'emploi, du travail et des solidarit\u00e9s de l'Ain - 01-2026-01-08-00001 - Arr\u00eat\u00e9 Calendrier appel\n\u00e0 candidatures MJPM 12\n| =PREFETDE L'AINLibert\u00e9Egalit\u00e9Fraternit\u00e9\nDirection d\u00e9partementale de l'emploi,\ndu travail et des solidarit\u00e9s\nA R R E T \u00c9\nfixant le calendrier pr\u00e9visionnel de l'appel \u00e0 candidatures en vue de l'agr\u00e9ment de\nmandataires judiciaires \u00e0 la protection des majeurs exer\u00e7ant \u00e0 titre individuel \npour l'ann\u00e9e 2026\nLe pr\u00e9fet de l'Ain, \nVu  le Code de l'action sociale et des familles, notamment son article D.472-5 ;\nVu  la  loi  n\u00b0  2015-1776  du  28  d\u00e9cembre  2015  relative  \u00e0  l'adaptation  de  la  soci\u00e9t\u00e9  au\nvieillissement ;\nVu le d\u00e9cret n\u00b0 2016-1898 du 27 d\u00e9cembre 2016 portant diverses dispositions relatives aux\nmandataires judiciaires \u00e0 la protection des majeurs ;\nVu le d\u00e9cret du 2 d\u00e9cembre 2025 portant nomination de M Louis-Xavier THIRODE en qualit\u00e9\nde Pr\u00e9fet de l'Ain ;\nVu  l'arr\u00eat\u00e9  pr\u00e9fectoral  du  22  d\u00e9cembre  2025  portant  d\u00e9l\u00e9gation  de  signature  \u00e0  M\nPATERNOSTER, directeur d\u00e9partemental de l'Emploi du Travail et des Solidarit\u00e9s ;\nConsid\u00e9rant l'avis de la Procureure de la r\u00e9publique pr\u00e8s le tribunal judiciaire de Bourg-en-\nBresse en date du 5 janvier 2026 ;\nSur proposition du directeur d\u00e9partemental de l'Emploi, du Travail et des Solidarit\u00e9s de l'Ain ;\nARRETE\nArticle 1\nAu titre de l'ann\u00e9e  2026, le cale ndrier pr\u00e9visionnel de l'appel \u00e0 candidatures qui sera\norganis\u00e9 en vue de l'agr\u00e9ment de  10  mandataires  judiciaires  \u00e0 la protection des  majeurs\nexer\u00e7ant leur activit\u00e9 \u00e0 titre individuel dans le d\u00e9partement de l'Ain est le suivant :\n34, avenue des Belges  -  CS 70417 -  01012 BOURG EN BRESSE C\u00e9dex \nTel : 04 74 45 91 39  \nHoraires d'ouverture au public 9h/12h \u2013 13h30/16h30\nSite internet : www.ain.gouv.fr\n01_DDETS_Direction d\u00e9partementale de l'emploi, du travail et des solidarit\u00e9s de l'Ain - 01-2026-01-08-00001 - Arr\u00eat\u00e9 Calendrier appel\n\u00e0 candidatures MJPM 13\nLancement de\nl'appel \u00e0\ncandidatures\nObjet Ressorts des\ntribunaux\nd'instance\nNombre de\npostes\nDate de d\u00e9p\u00f4t des\ncandidatures\nCachet de la poste\nfaisant foi\nAgr\u00e9ment de\nmandataires\njudiciaires \u00e0 la\nprotection des\nmajeurs\nexer\u00e7ant \u00e0 titre\nindividuel\nBourg-en-Bresse 3\ndu \n12 janvier 2026\nau \n11 mars 2026\nTr\u00e9voux 3\nBelley 3\nNantua 1\nArticle 2\nLa  Secr\u00e9taire  G\u00e9n\u00e9rale  de  la  Pr\u00e9fecture  de  l'Ain  et  le  directeur  d\u00e9partemental  de\nl'Emploi, du Travail et des Solidarit\u00e9s de l'Ain sont charg\u00e9s de l'ex\u00e9cution du pr\u00e9sent arr\u00eat\u00e9\nqui sera publi\u00e9 au recueil des actes administratifs de la pr\u00e9fecture de l'Ain.\nFait \u00e0 Bourg en Bresse, le 8 janvier 2026\nPour le pr\u00e9fet,\nLe directeur d\u00e9partemental,\nSign\u00e9 : Olivier PATERNOSTER\n34, avenue des Belges  -  CS 70417 -  01012 BOURG EN BRESSE C\u00e9dex \nTel : 04 74 45 91 39  \nHoraires d'ouverture au public 9h/12h \u2013 13h30/16h30\nSite internet : www.ain.gouv.fr\n01_DDETS_Direction d\u00e9partementale de l'emploi, du travail et des solidarit\u00e9s de l'Ain - 01-2026-01-08-00001 - Arr\u00eat\u00e9 Calendrier appel\n\u00e0 candidatures MJPM 14\n01_Pref_Pr\u00e9fecture de l'Ain\n01-2026-01-06-00008\n Arr\u00eat\u00e9 pr\u00e9fectoral fixant le nombre de\nconseillers municipaux \u00e0 \u00e9lire pour les \u00e9lections\nmunicipales 2026\n01_Pref_Pr\u00e9fecture de l'Ain - 01-2026-01-06-00008 -  Arr\u00eat\u00e9 pr\u00e9fectoral fixant le nombre de conseillers municipaux \u00e0 \u00e9lire pour les\n\u00e9lections municipales 2026 15\nzsPREFETDE L'AINLibert\u00e9Egalit\u00e9Fraternit\u00e9\nDirection des collectivit\u00e9s et de l'appui territorial\nBureau de la l\u00e9galit\u00e9, de l'intercommunalit\u00e9 \net de la d\u00e9mocratie locale\nArr\u00eat\u00e9 pr\u00e9fectoral \nfixant le nombre de conseillers municipaux \u00e0 \u00e9lire\npour les \u00e9lections municipales 2026\nLe Pr\u00e9fet de l'Ain\nVu le code \u00e9lectoral et notamment son article R. 25-1 ;\nVu le code g\u00e9n\u00e9ral des collectivit\u00e9s territoriales et notamment son article L. 2121-2 ;\nVu le d\u00e9cret n\u00b0 2025-848 du 27 ao\u00fbt 2025 fixant la date du renouvellement des conseillers\nmunicipaux et communautaires, des conseillers m\u00e9tropolitains de Lyon, des conseillers de\nParis  et  des  conseillers  d'arrondissement  de  Paris,  Lyon  et  Marseille  et  portant\nconvocation des \u00e9lecteurs;\nVu le d\u00e9cret n\u00b0 2025-1362 du 26 d\u00e9cembre 2025 authentifiant les chiffres des populations\nde m\u00e9tropole, des d\u00e9partements d'outre-mer de la Guadeloupe, de la Guyane, de la\nMartinique et de La R\u00e9union et des collectivit\u00e9s de Saint-Barth\u00e9lemy, de Saint-Martin et de\nSaint-Pierre-et-Miquelon ;\nSur proposition de la secr\u00e9taire g\u00e9n\u00e9rale de la pr\u00e9fecture ;\nARR\u00caTE\nArticle 1  er   - \nLe nombre de conseillers municipaux \u00e0 \u00e9lire dans chaque commune du d\u00e9partement de\nl'Ain, \u00e0 l'occasion des \u00e9lections municipales et communautaires des 15 et 22 mars 2026,\nest fix\u00e9 conform\u00e9ment au tableau annex\u00e9 ci-apr\u00e8s. \nArticle 2  -  La secr\u00e9taire g\u00e9n\u00e9rale de la pr\u00e9fecture, les sous-pr\u00e9fets de Belley, Nantua et\nGex, sont charg\u00e9s, chacun en ce qui le concerne, de l'ex\u00e9cution du pr\u00e9sent arr\u00eat\u00e9 qui sera\npubli\u00e9 au recueil des actes administratifs de la pr\u00e9fecture.\nBourg-en-Bresse, le 6 janvier 2026\nPour le pr\u00e9fet, \nla secr\u00e9taire g\u00e9n\u00e9rale\nsign\u00e9 : Virginie GUERIN-ROBINET\nLe tableau annex\u00e9 est consultable aupr\u00e8s du bureau de la l\u00e9galit\u00e9, de l'intercommunalit\u00e9 et de la d\u00e9mocratie locale \n45, avenue Alsace-Lorraine \u2013 Quartier Bourg Centre - CS 80 400 - 01012 Bourg-en-Bresse cedex\nT\u00e9l. 04.74.32.30.00 \u2013 Site internet : www.ain.gouv.  f  r   \u2013 X \u2013 facebook - instagram : @Prefet01\n01_Pref_Pr\u00e9fecture de l'Ain - 01-2026-01-06-00008 -  Arr\u00eat\u00e9 pr\u00e9fectoral fixant le nombre de conseillers municipaux \u00e0 \u00e9lire pour les\n\u00e9lections municipales 2026 16\n01_Pref_Pr\u00e9fecture de l'Ain\n01-2026-01-06-00009\narr\u00eat\u00e9 pr\u00e9fectoral portant transfert des biens de\nla section de Musin \u00e0 la commune de Magnieu\n01_Pref_Pr\u00e9fecture de l'Ain - 01-2026-01-06-00009 - arr\u00eat\u00e9 pr\u00e9fectoral portant transfert des biens de la section de Musin \u00e0 la commune\nde Magnieu 17\nEnPREFETDE L'AINLibert\u00e9Egalit\u00e9Fraternit\u00e9\nDirection des collectivit\u00e9s et de l'appui territorial\nBureau de la l\u00e9galit\u00e9, de l'intercommunalit\u00e9 \net de la d\u00e9mocratie locale\nArr\u00eat\u00e9 pr\u00e9fectoral \nportant transfert des biens de la section de Musin\n\u00e0 la commune de MAGNIEU\nLe Pr\u00e9fet de l'Ain\nVu le code g\u00e9n\u00e9ral des collectivit\u00e9s territoriales et notamment son article L.2411-12-1 ;\nVu la d\u00e9lib\u00e9ration du 15 septembre 2025 par laquelle le conseil municipal de Magnieu a\nsollicit\u00e9 au profit de la commune le transfert de propri\u00e9t\u00e9 de biens appartenant \u00e0 la\nsection de Musin, au motif que les imp\u00f4ts ont \u00e9t\u00e9 pay\u00e9s sur le budget communal depuis\nplus de 3 ann\u00e9es cons\u00e9cutives ;\nVu le relev\u00e9 de propri\u00e9t\u00e9 int\u00e9gral de la section ; \nVu l'attestation \u00e9tablie par le centre des finances publiques de certifiant que les imp\u00f4ts\nde la section ont \u00e9t\u00e9 pay\u00e9s sur le budget communal de la commune de Magnieu  depuis\nplus de 3 ann\u00e9es cons\u00e9cutives ; \nConsid\u00e9rant  que  la  commune  de  Magnieu  justifie  du  paiement  des  taxes  fonci\u00e8res\nrelatives aux sections sur le budget communal depuis plus de 3 ans \nConsid\u00e9rant que l'article L.2411-12-1 dispose que \u00ab  le transfert \u00e0 la commune des biens,\ndroits et obligations d'une section de communes est prononc\u00e9 par le repr\u00e9sentant de l'\u00c9tat\ndans le d\u00e9partement sur demande du conseil municipal [...] lorsque depuis plus de trois\nann\u00e9es cons\u00e9cutives, les imp\u00f4ts ont \u00e9t\u00e9 pay\u00e9s sur le budget communal ou admis en non-\nvaleur \u00ab ;\nSur proposition de la secr\u00e9taire g\u00e9n\u00e9rale de la pr\u00e9fecture ;\nARR\u00caTE\nArticle 1  er     : \nLa propri\u00e9t\u00e9 des biens de la section de Musin qui figurent dans le tableau ci-dessous est\ntransf\u00e9r\u00e9e \u00e0 la commune de Magnieu :\nPropri\u00e9taire Commune \nde situation\nSection N\u00b0 de \nplan\nNature et nom de la \nvoie ou lieu-dit\nCode \nvoie\nContenance\nHa \nSection de \nMUSIN\nMassignieu-\nde-Rives\nA 824 Greveyrin BB015 0,5906\nMassignieu-\nde-Rives\nA 1189 Greveyrin BB015 59,9142\nLa commune de Magnieu effectuera les formalit\u00e9s  de publicit\u00e9 fonci\u00e8re relative \u00e0 ce\ntransfert.\n45, avenue Alsace-Lorraine \u2013 Quartier Bourg Centre - CS 80 400 - 01012 Bourg-en-Bresse cedex\nT\u00e9l. 04.74.32.30.00 \u2013 Site internet : www.ain.gouv.  f  r   \u2013 X \u2013 facebook - instagram : @Prefet01\n01_Pref_Pr\u00e9fecture de l'Ain - 01-2026-01-06-00009 - arr\u00eat\u00e9 pr\u00e9fectoral portant transfert des biens de la section de Musin \u00e0 la commune\nde Magnieu 18\n2\nArticle 2     : L'origine de propri\u00e9t\u00e9 ant\u00e9rieure au pr\u00e9sent arr\u00eat\u00e9 n'ayant pu \u00eatre d\u00e9termin\u00e9e,\nil est d\u00e9clar\u00e9 pour la publicit\u00e9 fonci\u00e8re qu'aucun titre concernant les parcelles dont il\ns'agit n'a \u00e9t\u00e9 publi\u00e9 ant\u00e9rieurement au 31 d\u00e9cembre 1955.\nArticle 3     : Dans les conditions de l'article L  2411-11, alin\u00e9a 2, 3 et 4 du code g\u00e9n\u00e9ral des\ncollectivit\u00e9s territoriales, les membres de la section qui en font la demande re\u00e7oivent une\nindemnit\u00e9,  \u00e0  la  charge  de  la  commune,  dont  le  calcul  tient  compte  des  avantages\neffectivement recueillis en nature pendant les dix derni\u00e8res ann\u00e9es pr\u00e9c\u00e9dant la d\u00e9cision\nde transfert et des frais de remise en \u00e9tat des biens transf\u00e9r\u00e9s.\nCette demande, adress\u00e9e \u00e0 la commune, est d\u00e9pos\u00e9e dans l'ann\u00e9e qui suit la d\u00e9cision de\ntransfert.  A  d\u00e9faut  d'accord  entre  les  parties,  il  est  statu\u00e9  comme  en  mati\u00e8re\nd'expropriation pour cause d'utilit\u00e9 publique.\nArticle  4     :    Conform\u00e9ment  aux  articles  R  421-1  et  suivants  du  code  de  justice\nadministrative, le pr\u00e9sent arr\u00eat\u00e9 peut faire l'objet, dans le d\u00e9lai de deux mois \u00e0 compter\nde  sa  publication  au  recueil  des  actes  administratifs  de  la  pr\u00e9fecture  de  l'Ain,  d'un\nrecours gracieux adress\u00e9 en pr\u00e9fecture de l'Ain (direction des collectivit\u00e9s et de l'appui\nterritorial - b ureau de la l\u00e9galit\u00e9, de l'intercommunalit\u00e9 et de la d\u00e9mocratie locale  - 45,\navenue  Alsace  Lorraine  \u2013  CS  80400  -  01012  Bourg-en-Bresse  cedex)  ou  d'un  recours\ncontentieux  devant  le  tribunal  administratif  de  Lyon  par  voie  d\u00e9mat\u00e9rialis\u00e9e\n(www.citoyens.telerecours.fr). \nLe recours gracieux interrompt le d\u00e9lai du recours contentieux qui ne courra \u00e0 nouveau\nqu'\u00e0 compter de la notification d'une d\u00e9cision expresse ou de la d\u00e9cision implicite de\nrejet n\u00e9e, \u00e0 l'expiration d'un d\u00e9lai de deux mois, du silence gard\u00e9 sur ce recours gracieux.\nArticle 5     :  La secr\u00e9taire g\u00e9n\u00e9rale, le sous-pr\u00e9fet de Belley, le directeur d\u00e9partemental des\nfinances publiques de l'Ain sont charg\u00e9s, chacun en ce qui le concerne, de l'ex\u00e9cution du\npr\u00e9sent  arr\u00eat\u00e9 qui sera publi\u00e9 au  recueil des  actes  administratifs  de la  pr\u00e9fecture et\nnotifi\u00e9 au maire de Magnieu pour affichage en mairie.\nUne  copie  du  pr\u00e9sent  arr\u00eat\u00e9  sera  adress\u00e9e  service  de  la  publicit\u00e9  fonci\u00e8re  et  de\nl'enregistrement de Nantua.\nBourg-en-Bresse, le 6 janvier 2026\nPour le pr\u00e9fet, \nla secr\u00e9taire g\u00e9n\u00e9rale\nsign\u00e9 : Virginie GUERIN-ROBINET\n01_Pref_Pr\u00e9fecture de l'Ain - 01-2026-01-06-00009 - arr\u00eat\u00e9 pr\u00e9fectoral portant transfert des biens de la section de Musin \u00e0 la commune\nde Magnieu 19\n84_ARS_Agence R\u00e9gionale de Sant\u00e9\nAuvergne-Rh\u00f4ne-Alpes\n01-2025-10-28-00003\n2025-10-28 agr\u00e9ment suite hors quota \n84_ARS_Agence R\u00e9gionale de Sant\u00e9 Auvergne-Rh\u00f4ne-Alpes - 01-2025-10-28-00003 - 2025-10-28 agr\u00e9ment suite hors quota 20\n| |REPUBLIQUEFRENCALE @ > Agence R\u00e9gionale de Sant\u00e9* Erbert Pha\u00c9galit\u00e9 Auvergne-Rh\u00f4ne-AipesFraternit\u00e9Arr\u00eat\u00e9 N\u00b0 2025-01-0079Portant modification d'agr\u00e9ment pour effectuer d\u00e9s transports sanitaires terrestres de l'entreprisePRO.MED 01\nLa Directrice g\u00e9n\u00e9rale de l'Agence r\u00e9gionale de sant\u00e9 Auvergne-Rh\u00f4ne-Alpes\nVu le Code de la Sant\u00e9 Publiqu\u00e9 et notamment les articles L 6312-1 \u00e0 L 6313-1 et R 6312-1 a R 6314-6 ;Vu l'arr\u00eat\u00e9 du 21 d\u00e9cembre 1987 modifi\u00e9, relatif \u00e0 la composition du dossier d'agr\u00e9ment des personneseffectuant des transports sanitaires terrestres et au contr\u00f4le des v\u00e9hicules affect\u00e9s aux transportssanitaires;Vu l'arr\u00eat\u00e9 minist\u00e9riel du 12 d\u00e9cembre 2017 fixant les caract\u00e9ristiques et les installations mat\u00e9riellesexig\u00e9es pour les v\u00e9hicules affect\u00e9s aux transports sanitaires terrestres ; .Vu l'arr\u00eat\u00e9 n\u00b0 2019-17-0688 du directeur g\u00e9n\u00e9ral de l'ARS Auvergne-Rh\u00f4ne-Alpes du 28 d\u00e9cembre 2019pris en application du d\u00e9cret n\u00b0 2017-1862 du 29 d\u00e9cembre 2017 portant droit \u00e0 d\u00e9rogation, \u00e0 titreexp\u00e9rimental, au directeur g\u00e9n\u00e9ral de l'agence r\u00e9gionale de sant\u00e9, \u00e0 la composition du dossierd'agr\u00e9ment des personnes effectuant des transports sanitaires terrestres et au contr\u00f4le des v\u00e9hiculesaffect\u00e9s aux transports sanitaires fix\u00e9e par l'arr\u00eat\u00e9 du 21 d\u00e9cembre 1987 ;Consid\u00e9rant que. par courriel du 21 octobre 2025 la soci\u00e9t\u00e9 SA PRO.MED 01 a inform\u00e9 I'ARS de larestitution de l'autorisation de mise en service du v\u00e9hicule hors quota (GL-058-GW) \u00e0 compter du 21octobre 2025 ;\nARRETEArticle 1 : L'agr\u00e9ment 01-143 pour effectuer des transports sanitaires terrestres dans le cadre de l'aidem\u00e9dicale urgente et sur prescription m\u00e9dicale d\u00e9livr\u00e9 \u00e0 la :SAS PRO.MED 0141 rue de la R\u00e9publique01500 SAINT DENIS EN BUGEYPr\u00e9sidente Madame CHALAN\u00c7ON Sonia\n#\nEst modifi\u00e9 comme suit :Article 2 : l'agr\u00e9ment est d\u00e9livr\u00e9 pour l'implantation suivante :41 rue de la R\u00e9publique \u2014 01500 SAINT DENIS EN BUGEY ~ secteur 6 - PLAINE DE L'AINArticle 3 : Les deux v\u00e9hicules de cat\u00e9gorie A ou C associ\u00e9s \u00e0 l'implantation font l'objet d'une d\u00e9cisiond'autorisation de mise en service conform\u00e9ment aux dispositions de l'article L.6312-4 du code de sant\u00e9publique.Article 4 : toutes les modifications apport\u00e9es aux \u00e9l\u00e9ments constitutifs du dossier sont communiqu\u00e9es\n. Conform\u00e9ment au r\u00e8glement (UE) 2016/679 du Parlement europ\u00e9en et \u00e0 la loi n\u00b0 78-17 du 6 janvier 1978 modifi\u00e9eCourrier: CS 93383 - 69418 Lyon cedex 03 relative \u00e0 l'informatique, aux fichiers et aux libert\u00e9s, vous pouvez acc\u00e9der aux donn\u00e9e Vois concernant ou04 72 34 74 00 demander leur effacement. Vous disposez \u00e9galement d'un droit d'opposition, d'un droit de rectification et d'un droitwww.auvergne-rhone-alpes.ars.sante.fr \u00e0 la limitation du traitement de vos donn\u00e9es. Pour exercer ces droits, vous pouvez contacter le D\u00e9l\u00e9gu\u00e9 \u00e0 la: protection des donn\u00e9es de l'ARS (ars-ara-dpd @ars.sante.fr).\n84_ARS_Agence R\u00e9gionale de Sant\u00e9 Auvergne-Rh\u00f4ne-Alpes - 01-2025-10-28-00003 - 2025-10-28 agr\u00e9ment suite hors quota 21\nsans d\u00e9lai \u00e0 l'agence r\u00e9gionale de sant\u00e9, qui s'assure qu'elles ne remettent pas en cause l'agr\u00e9ment.(article 4 arr\u00eat\u00e9 21 d\u00e9cembre 1987)La personne titulaire de l'agr\u00e9ment doit porter sans d\u00e9lai \u00e0 la connaissance de l'agence r\u00e9gionale desant\u00e9,- toutes modifications au regard des caract\u00e9ristiques et installations, toute mise hors service,cession ou modification des v\u00e9hicules indiqu\u00e9s,- toute embauche de nouveau personnel,- toute cessation de fonctions d'un ou plusieurs membres de leur personnel,- toute obtention par le personnel de dipl\u00f4me relatif \u00e0 la profession.La liste des membres du personnel composant l'\u00e9quipe est adress\u00e9e au moins annuellement \u00e0 l'ARS etle cas \u00e9ch\u00e9ant lors de toute modification (article R 6312-17 du CSP). -Article 5 : En cas de manquement aux obligations l\u00e9gales et r\u00e9glementaires, l'agr\u00e9ment peut faire l'objetd'une suspension ou d'un retrait par d\u00e9cision motiv\u00e9e du directeur r\u00e9gional de l'agence r\u00e9gional desant\u00e9.Article 6: le pr\u00e9sent arr\u00eat\u00e9 annule et remplace l'arr\u00eat\u00e9 2024-01-0071 du 25 novembre 2024 de ladirectrice g\u00e9n\u00e9rale de l'ARS Auvergne-Rh\u00f4ne-Alpes portant modification d'agr\u00e9ment pour effectuer destransports sanitaires de la SAS PRO.MED O1.Article 7 : le pr\u00e9sent arr\u00eat\u00e9 peut faire l'objet d'un recours contentieux aupr\u00e8s du tribunal administratifcomp\u00e9tent qui peut \u00eatre saisi par l'application informatique \u00ab T\u00e9l\u00e9recours citoyens \u00bb accessible par lesite internet www.telerecours.fr, dans un d\u00e9lai de deux mois \u00e0 compter de sa notification pour le titulaireet de sa publication au recueil des actes administratifs pour les tiers.Article 8 : la directrice d\u00e9partementale de l'Ain est charg\u00e9e de l'ex\u00e9cution du pr\u00e9sent arr\u00eat\u00e9, qui serapubli\u00e9 au recueil des actes administratifs de la pr\u00e9fecture de la r\u00e9gion Auvergne-Rh\u00f4ne-Alpes et de lapr\u00e9fecture du d\u00e9partement de l'Ain.\nFait \u00e0 Bourg en Bresse, le 28 octobre 2025Pour la directrice g\u00e9rf\u00e9rale et par d\u00e9l\u00e9gationPour La directrice d\u00e9partementale de l'Ain\nARS Auvergne-Rhone-AlpesCS 9338369418 LYON CEDEX 03\nCourrier: CS 93383 - 69418 Lyon cedex 03 Conform\u00e9ment au r\u00e9glement (UE} 2016/679 du Parlement europ\u00e9en et a la loi n* 78-17 du 6 janvier 1978 modifi\u00e9e04 72 34 74 00 relative \u00e0 l'informatique, aux fichiers et aux libert\u00e9s, vous pouvez acc\u00e9der aux donn\u00e9es vous concernant oudemander leur effacement. Vous disposez \u00e9galement d'un droit d'opposition, d'un droit de rectification et d'un droitwww. auvergne-rhone-alpes.sante pouv.fr \u00e0 la limitation du traitement de' vos donn\u00e9es. Pour exercer ces droits, vous pouvez contacter le D\u00e9l\u00e9gu\u00e9 \u00e0 la@ars_ara_sante protection des donn\u00e9es de !'ARS (ars-ara-dpd@ars.sante.fr}.\n84_ARS_Agence R\u00e9gionale de Sant\u00e9 Auvergne-Rh\u00f4ne-Alpes - 01-2025-10-28-00003 - 2025-10-28 agr\u00e9ment suite hors quota 22\n84_ARS_Agence R\u00e9gionale de Sant\u00e9\nAuvergne-Rh\u00f4ne-Alpes\n01-2025-12-31-00005\n2025-12 Arr\u00eat\u00e9 r\u00e9quisition PDSA 01\n84_ARS_Agence R\u00e9gionale de Sant\u00e9 Auvergne-Rh\u00f4ne-Alpes - 01-2025-12-31-00005 - 2025-12 Arr\u00eat\u00e9 r\u00e9quisition PDSA 01 23\nPREFETDE LAINLibert\u00e9Egalit\u00e9Fraternit\u00e9\nArr\u00eat\u00e9 N\u00b02025-01-0098PORTANT REQUISITION POUR ASSURER LA PERMANENCE DES SOINS ET LA CONTINUITE DESSOINS DANS L'AINLe Pr\u00e9fet de l'AinVu le code de la d\u00e9fense et notamment ses articles L. 2213-1 et suivants portant sur les r\u00e9quisitions debiens et services;Vu le code g\u00e9n\u00e9ral des collectivit\u00e9s territoriales et notamment le 4\u00b0 de l'article L. 2215-1 pr\u00e9cisant lescirconstances de d\u00e9clenchement de la proc\u00e9dure de r\u00e9quisition par le pr\u00e9fet ;Vule code p\u00e9nal et notamment ses articles 223-6 portant sur le principe g\u00e9n\u00e9ral d'assistance \u00e0 personneen dangeret R. 642-1 relatif au d\u00e9faut de r\u00e9ponse \u00e0 une r\u00e9quisition des autorit\u00e9s judiciaires ouadministratives ;Vu le code de la sant\u00e9 publique et notamment les articles les articles L1435-5, L 4163-7, L.6314-1 etsuivants, R.4127-1 et suivants, et R.6315-1 et suivants ;Vu le d\u00e9cret n\u00b0 2004-374 du 29 avril 2004 modifi\u00e9 relatif aux pouvoirs des pr\u00e9fets, \u00e0 l'organisation et \u00e0l'action des services de l'Etat dans les r\u00e9gions et d\u00e9partements;Vu le d\u00e9cret du 2 d\u00e9cembre 2025 portant nomination du pr\u00e9fet de l'Ain - M. THIRODE (Louis-Xavier);Vu l'arr\u00eat\u00e9 du directeur g\u00e9n\u00e9ral de l'agence r\u00e9gionale de sant\u00e9 Auvergne-Rh\u00f4ne-Alpes n\u00b0 2021-19-0287du 27 d\u00e9cembre 2021 portant fixation du cahier des charges de la permanence de soins ambulatoires dela r\u00e9gion Auvergne-Rh\u00f4ne-Alpes;Vu le communiqu\u00e9 de presse intersyndical en date du 17 d\u00e9cembre 2025 appelant \u00e0 l'arr\u00eat d'activit\u00e9 desm\u00e9decins lib\u00e9raux entre le 5 et le 15 janvier 2026 ;Vu les \u00e9changes entre l'agence r\u00e9gionale de sant\u00e9 et le conseil d\u00e9partemental de l'ordre des m\u00e9decins ;Vu les \u00e9changes entre l'agence r\u00e9gionale de sant\u00e9, l'association de r\u00e9gulation d\u00e9partementaleet leservice d'aide m\u00e9dicale urgente de l'Ain;Consid\u00e9rant qu'en application de l'article L. 2215-1 du code g\u00e9n\u00e9ral des collectivit\u00e9s territoriales susvis\u00e9,en cas d'urgence, lorsque l'atteinte constat\u00e9e ou pr\u00e9visible au bon ordre, \u00e0 la salubrit\u00e9, \u00e0 la tranquillit\u00e9 et\u00e0 la s\u00e9curit\u00e9 publiques l'exige et que les moyens dont dispose le pr\u00e9fet ne permettent plus de poursuivreles objectifs pour lesquels il d\u00e9tient des pouvoirs de police, celui-ci peut, par arr\u00eat\u00e9 motiv\u00e9,r\u00e9quisitionner tout bien ou service et requ\u00e9rir toute personne n\u00e9cessaire au fonctionnement de ceservice ;\n84_ARS_Agence R\u00e9gionale de Sant\u00e9 Auvergne-Rh\u00f4ne-Alpes - 01-2025-12-31-00005 - 2025-12 Arr\u00eat\u00e9 r\u00e9quisition PDSA 01 24\n+\n84_ARS_Agence R\u00e9gionale de Sant\u00e9 Auvergne-Rh\u00f4ne-Alpes - 01-2025-12-31-00005 - 2025-12 Arr\u00eat\u00e9 r\u00e9quisition PDSA 01 25\nConsid\u00e9rant qu'assurer et garantir la r\u00e9ponse la mieux adapt\u00e9e aux n\u00e9cessit\u00e9s d'acc\u00e8s aux soins de lapopulation fait partie int\u00e9grante des objectifs de salubrit\u00e9 publique que la loi assigne au pr\u00e9fet ;Consid\u00e9rant le contexte de forte tension des services d'accueil des urgences et les temps d'attente d\u00e9j\u00e0extr\u00eamement importants dans ces services ne permettant pas une prise en charge optimale des patientset ne garantissant pas de ce fait leur s\u00e9curit\u00e9 ;Consid\u00e9rant que tout arr\u00eat ou diminution de l'activit\u00e9 de m\u00e9decine de ville peut conduire des patients \u00e0se pr\u00e9senter aux urgences alors m\u00eame que leur situation clinique ne lejustifie pas ;Consid\u00e9rant l'impossibilit\u00e9 d'\u00e9valuer pr\u00e9cis\u00e9ment le suivi du mouvement en l'absence d'obligation pourles m\u00e9decins de se d\u00e9clarer gr\u00e9vistes aupr\u00e8s des autorit\u00e9s ;Consid\u00e9rant que les \u00e9l\u00e9ments recueillis aupr\u00e8s des partenaires font cependant \u00e9tat d'un mouvement quidevrait \u00eatre fortement suivi, impactant tant l'ouverture des cabinets de m\u00e9decine g\u00e9n\u00e9rale en horairesouvr\u00e9s que la tenue de la permanence des soins ambulatoires sur ses volets r\u00e9gulation et effection ;Consid\u00e9rant que la fermeture m\u00eame partielle des cabinets de m\u00e9decine g\u00e9n\u00e9rale en horaires ouvr\u00e9s esten outre susceptible de g\u00e9n\u00e9rer une augmentation de la demande de soins durant les p\u00e9riodes depermanence des soins ambulatoires ;Consid\u00e9rant les risques pour l'acc\u00e8s aux soins et la sant\u00e9 de la population si l'offre de soins reposanthabituellement sur les m\u00e9decins g\u00e9n\u00e9ralistes lib\u00e9raux se trouvait diminu\u00e9e du fait de ce mouvement degr\u00e8ve;Consid\u00e9rant que la situation des services d'accueil des urgences et la tension actuelle sur l'offre de soinscaract\u00e9risent ainsi une atteinte \u00e0 la salubrit\u00e9 publique ;Consid\u00e9rant que le pr\u00e9fet ne dispose pas de moyens pour r\u00e9pondre \u00e0 l'urgence de la situation sanitaireautres que de faire appel aux m\u00e9decins lib\u00e9raux ;Consid\u00e9rant la n\u00e9cessit\u00e9 de maintenir Une permanence des soins compte tenu des fortes tensionsconstat\u00e9es au sein des h\u00f4pitaux, qui mettent en \u00e9vidence la gravit\u00e9 de la situation sanitaire, l'urgence\u00e9tant donc caract\u00e9ris\u00e9e ;Consid\u00e9rant que l'appel \u00e0 des m\u00e9decins volontaires n'a pas permis d'assurer le service minimumgarantissant la s\u00e9curit\u00e9 des patients ;Consid\u00e9rant que le nombre et l'identit\u00e9 des m\u00e9decins lib\u00e9raux r\u00e9quisitionn\u00e9s ont \u00e9t\u00e9 d\u00e9termin\u00e9s avec leconseil d\u00e9partemental de l'ordre des m\u00e9decins, l'association d\u00e9partementale de r\u00e9gulation et le serviced'aide m\u00e9dicale urgente afin de proc\u00e9der \u00e0 une r\u00e9quisition strictement proportionn\u00e9e aux besoins pourassurer un service minimum de l'offre de soins de m\u00e9decine ambulatoire ;Consid\u00e9rant que l'atteinte \u00e0 la salubrit\u00e9 et la s\u00e9curit\u00e9 publiques du d\u00e9partement de l'Ain est donccaract\u00e9ris\u00e9e ;Consid\u00e9rant qu'il est donc \u00e9tabli que les moyens dont dispose le pr\u00e9fet de l'Ain ne lui permettent plus depoursuivre les objectifs pour lesquels il d\u00e9tient des pouvoirs de police et qu'il est donc fond\u00e9 \u00e0 proc\u00e9deren urgence \u00e0 la r\u00e9quisition de m\u00e9decins lib\u00e9raux pour parer \u00e0 l'atteinte constat\u00e9e \u00e0 la salubrit\u00e9publique;Sur proposition de la directrice g\u00e9n\u00e9rale de l'agence r\u00e9gionale de sant\u00e9 Auvergne-Rh\u00f4ne-Alpes,\n84_ARS_Agence R\u00e9gionale de Sant\u00e9 Auvergne-Rh\u00f4ne-Alpes - 01-2025-12-31-00005 - 2025-12 Arr\u00eat\u00e9 r\u00e9quisition PDSA 01 26\n\"1\n84_ARS_Agence R\u00e9gionale de Sant\u00e9 Auvergne-Rh\u00f4ne-Alpes - 01-2025-12-31-00005 - 2025-12 Arr\u00eat\u00e9 r\u00e9quisition PDSA 01 27\nARRETEArticle 1 - Les m\u00e9decins g\u00e9n\u00e9ralistes figurant dans le tableau en annexe sont r\u00e9quisitionn\u00e9s sur lesp\u00e9riodes et secteurs indiqu\u00e9s dans ledit tableau, afin d'assurer la permanence des soins ambulatoires.Article 2 - Les m\u00e9decins requis doivent \u00eatre joignables \u00e0 tout instant durant la p\u00e9riode de garde d\u00e9finie.Article 3 ~ Sauf cas de force majeure, \u00e0 d\u00e9faut d'ex\u00e9cution du pr\u00e9sent ordre de r\u00e9quisition, il pourra \u00eatreproc\u00e9d\u00e9 \u00e0 son ex\u00e9cution d'office. Toute personne requise n'ex\u00e9cutant pas cet ordre s'expose auxsanctions p\u00e9nales pr\u00e9vues \u00e0 l'article L. 2215-1 du code g\u00e9n\u00e9ral des collectivit\u00e9s territoriales susvis\u00e9Article 4; Un recours contre le pr\u00e9sent arr\u00eat\u00e9 peut \u00eatre form\u00e9 devant le tribunal administratif de Lyondans un d\u00e9lai de deux mois \u00e0 compter de sa notification. Le tribunal administratif peut \u00eatre saisi d'unerequ\u00eate d\u00e9pos\u00e9e sur le site www.telerecours.fr.Article 5 : Le pr\u00e9fet de l'Ain et la directrice g\u00e9n\u00e9rale de l'agence r\u00e9gionale de sant\u00e9 Auvergne-Rh\u00f4ne-Alpes sont charg\u00e9s, chacun en ce qui le concerne, de l'ex\u00e9cution du pr\u00e9sent arr\u00eat\u00e9 qui sera publi\u00e9 aurecueil des actes administratifs de la pr\u00e9fecture de l'Ain.3 1 DEC. 2025Fait \u00e0 Bourg-en-Bresse, le\nLe pr\u00e9fet de l'Ain,aLouis-Xavier THIRODE\n84_ARS_Agence R\u00e9gionale de Sant\u00e9 Auvergne-Rh\u00f4ne-Alpes - 01-2025-12-31-00005 - 2025-12 Arr\u00eat\u00e9 r\u00e9quisition PDSA 01 28\nLi \u00c0\n84_ARS_Agence R\u00e9gionale de Sant\u00e9 Auvergne-Rh\u00f4ne-Alpes - 01-2025-12-31-00005 - 2025-12 Arr\u00eat\u00e9 r\u00e9quisition PDSA 01 29\n480-420 9707/10/80 3q YaIAINL LNIVS 09510YEZ-UBL9ZOZ/LO/LLSIO4NdANN3ILILSOZELO\n1SSIY4-N3-OYNOG\nGLNeGNPaponode]1nssasoJe|NquuesUulOSSapsousueuwuiadBe]JauNsse1n0odsauUOIIISINbassaysije4gUasSUIDSPaLUSap2151]e]251991dSnossap-19Nea|qe}27\n84_ARS_Agence R\u00e9gionale de Sant\u00e9 Auvergne-Rh\u00f4ne-Alpes - 01-2025-12-31-00005 - 2025-12 Arr\u00eat\u00e9 r\u00e9quisition PDSA 01 30\n84_ARS_Agence R\u00e9gionale de Sant\u00e9 Auvergne-Rh\u00f4ne-Alpes - 01-2025-12-31-00005 - 2025-12 Arr\u00eat\u00e9 r\u00e9quisition PDSA 01 31\nyoc-u809202/LO/OL9707/10/609702/LO/OL9Z02/LO/609Z0z/L0/809Z02/LO/ZL9Z02/LO/809Z0z/LO0/809202/LO/ZO97Z0Z/LO/EL920Z/LO/OL970z/LO/60970z/LO/ZO9z07/L0/909202/LO/OL920z/LO/909Z02/LO/SLALSAL1NWdANYLZATIVHOIWXNAIWIXIWOO8LOLVISSOLJQ11NONLSywUlgeDYNSI3IdYV9OI1198dOOZLOS19WOQXNOAIYL009L0LVIMAIT4HDeddijiy4 SNOd\n84_ARS_Agence R\u00e9gionale de Sant\u00e9 Auvergne-Rh\u00f4ne-Alpes - 01-2025-12-31-00005 - 2025-12 Arr\u00eat\u00e9 r\u00e9quisition PDSA 01 32\n84_ARS_Agence R\u00e9gionale de Sant\u00e9 Auvergne-Rh\u00f4ne-Alpes - 01-2025-12-31-00005 - 2025-12 Arr\u00eat\u00e9 r\u00e9quisition PDSA 01 33\ny80-U/09202/L0/+L9ZOZ/LO/EL9ZOZ/LO/EL9Z02/LO/LL970Z/LO/SL9Z02/LO/LL9202/LO/rL970Z/LO/OL92z02/LO/LL970Z/LO/OL9Z02/LO/ZL&LTWOIGAW19vdS3LVIHIAOFPLO'SIUWdIdLYNOSILLY1Q210%006LVIUAI11HD111A31NVH,QAWIALWIdOLLLOLVIHIAObtLO\"SIYYd1Q9104006LVIYAF14HIAVNNOIWO6ELO'31VdI3NIdAUSOUIA NVI419NV\n84_ARS_Agence R\u00e9gionale de Sant\u00e9 Auvergne-Rh\u00f4ne-Alpes - 01-2025-12-31-00005 - 2025-12 Arr\u00eat\u00e9 r\u00e9quisition PDSA 01 34\n84_ARS_Agence R\u00e9gionale de Sant\u00e9 Auvergne-Rh\u00f4ne-Alpes - 01-2025-12-31-00005 - 2025-12 Arr\u00eat\u00e9 r\u00e9quisition PDSA 01 35\n2ss91g-u9-31n0gOOOLOSHEdBp9101006oss91g-U9-31n0gapapiesap2[P2IP9UUOSIEMWap4esapnai]apeso112J0H9Z02/LO/LL9702/LO/OL9Z02/L0/609Z0Z/L0/609Z02/L0/Z09202/10/509202/10/50apesajeqOSZLOLNAWNNOWJUYNSYIAATIIAOSZLOLNAWNNOWndIDV1dS6SIO4JIVYLNADANYS79IVNOILLVYOVELONONOVYITIYNOILILVYOVELO4$11943,130dANdSELWNASNWALNVS310dNIINOVWJADNVYDV13d3311Y99ZOPSYVWLS8LO14101AGdWYH9DNd39V1d07SLINd3SSidugdN43OYNOGDOOLOSMVdIdILNOY006apeuuoissaJoidassaipy\neine?LYAGIGNV-NOIVWHLUVG93391/N[HIINONVISU9XENNOSSI4\nSei! ISSIGHI1WWIOU914WON25$919-U2-41n041nN9)329$S\n84_ARS_Agence R\u00e9gionale de Sant\u00e9 Auvergne-Rh\u00f4ne-Alpes - 01-2025-12-31-00005 - 2025-12 Arr\u00eat\u00e9 r\u00e9quisition PDSA 01 36\n84_ARS_Agence R\u00e9gionale de Sant\u00e9 Auvergne-Rh\u00f4ne-Alpes - 01-2025-12-31-00005 - 2025-12 Arr\u00eat\u00e9 r\u00e9quisition PDSA 01 37\nYvc-YO?9202/LO/SL9Z0Z/LO/EL9Z02/LO/EL9Z02/LO/LL9Z02/LO/LL\nSIO4JIVYLNID304SHOZOGYVWLS8LO310130LVI110dOLELOAVISSOLOSZLONOYIND3SS1u4OSZLOLNAWNNOWnaJOVIdG\u00e9N3OUNOG.OOOLOSIHVd303LNOY006OSZLOLNIWANOWnaIOV1dS6SIO4NGANN3I13LSOZELOJIVYLNADANYSOJUYNSYAAMIATIIAe[2qE$r JONVSSNG\n84_ARS_Agence R\u00e9gionale de Sant\u00e9 Auvergne-Rh\u00f4ne-Alpes - 01-2025-12-31-00005 - 2025-12 Arr\u00eat\u00e9 r\u00e9quisition PDSA 01 38\nLA\n84_ARS_Agence R\u00e9gionale de Sant\u00e9 Auvergne-Rh\u00f4ne-Alpes - 01-2025-12-31-00005 - 2025-12 Arr\u00eat\u00e9 r\u00e9quisition PDSA 01 39\nulpepeawnpjeulqessoquiodqapsayeudoOnUaAeELEapsieSapsjesipswUOSIEMsaquiog\"S2-SIEIIIAOEELO2IINE9apSoHeuDonuonaeELESpiesop9[P2IP9UUOSIEWUIDSp9UunpiouIqe)apieapnaiqapes211210H9202/LO/EL9702/LO/ZL97Z02/LO/SL9Z02/LO/OL9z02/L0/909207/10/50apie21eq4dSATYVHOANNIAVELESYNNOAOVSLOATTAANAN30JILNOY\u20acASSIO@V1OCLLOINNOYVIVHOUNSNOTIILVHDO0bLOHDO4SIgWOQS41SUVTTIAO\u20acELO111nv9OSaawodS31SUVTTIAO\u20acELO111nV94dS114VH9ANNIAVELES31SUVTIIAO\u20acELO111nV94GSATYVHDANNIAV91hS31SUVTTIAO\u20acELOqITINVO30SITYVHDANNIAVELEopeuuoissajoidassaupywoualdWON\n84_ARS_Agence R\u00e9gionale de Sant\u00e9 Auvergne-Rh\u00f4ne-Alpes - 01-2025-12-31-00005 - 2025-12 Arr\u00eat\u00e9 r\u00e9quisition PDSA 01 40\n84_ARS_Agence R\u00e9gionale de Sant\u00e9 Auvergne-Rh\u00f4ne-Alpes - 01-2025-12-31-00005 - 2025-12 Arr\u00eat\u00e9 r\u00e9quisition PDSA 01 41\n9Z02/LO/PL9702/LO/ZL9702/L0/609202/10/809207/10/509Z0Z/LO/SL92Z0Z/LO/tL13414iWOOZLO1SS1O4V1OCLLOA94O91Q3HQNVYLSO6ELO11419439V13QANY09NOATLSONAI900ZL0JAANAOJdALNOY9277AVNNOIWO6ELOJIVdIDONIYdANY06INONVIVHOIOCELOINNOYVIVHDYASNOTHLVHDOOPLOH901IWHIFYVWINNIAVV9ZE$41SYVTIIAOEELO111Nv9SIX2[YNNV211aeunUuaw9|)NyquOfenbijesuy39W09v1SOIN9340sino7XNVIAIUD\n84_ARS_Agence R\u00e9gionale de Sant\u00e9 Auvergne-Rh\u00f4ne-Alpes - 01-2025-12-31-00005 - 2025-12 Arr\u00eat\u00e9 r\u00e9quisition PDSA 01 42\n84_ARS_Agence R\u00e9gionale de Sant\u00e9 Auvergne-Rh\u00f4ne-Alpes - 01-2025-12-31-00005 - 2025-12 Arr\u00eat\u00e9 r\u00e9quisition PDSA 01 43\nLVIZNVWOZSLOAVALVHOIGAINNVIAXN3ISSYW00910XNOAIYUL00910yET-y809202/LO/LLXNAISSVW00910XNOAIULOOYLOHAILLOINSNVSSVI08tLOLOWYSHXNAAIYOOSLO\n84_ARS_Agence R\u00e9gionale de Sant\u00e9 Auvergne-Rh\u00f4ne-Alpes - 01-2025-12-31-00005 - 2025-12 Arr\u00eat\u00e9 r\u00e9quisition PDSA 01 44\n84_ARS_Agence R\u00e9gionale de Sant\u00e9 Auvergne-Rh\u00f4ne-Alpes - 01-2025-12-31-00005 - 2025-12 Arr\u00eat\u00e9 r\u00e9quisition PDSA 01 45\napseapnel]apie911210H9702/L0/60oplie3ajeqg9Z02/LO/LL9Z02/L0/809202/L0/Z09702/10/90AYIOHLOLZLO14vV9V1IACANYOveX19OZLLOSYNANIAYdIYLNAdnd\nLSINNIAV84\u20acASSADOZLLOXI9OZLLONSAWADISO8ELOINOVSJaVLsSNadnd0\u20acJAJASPLNOd06210ADNVANOTNadindJLNVSV1403111VauRUaUS]|)NITNOTKalida4/Xaq1n5155Squsaine] NOSVZV999U810[1LOSSI4-LIHOIAPIAEQSIO8SOU9\n84_ARS_Agence R\u00e9gionale de Sant\u00e9 Auvergne-Rh\u00f4ne-Alpes - 01-2025-12-31-00005 - 2025-12 Arr\u00eat\u00e9 r\u00e9quisition PDSA 01 46\n84_ARS_Agence R\u00e9gionale de Sant\u00e9 Auvergne-Rh\u00f4ne-Alpes - 01-2025-12-31-00005 - 2025-12 Arr\u00eat\u00e9 r\u00e9quisition PDSA 01 47\nUIDSpaUNpyeuigeDapie'apnaryUlDspawWNpJoulgesyX2O)OZLLOpossiuedgSJE9N4O9LX2OapsAegnpopie3apajesipawUOSIEWX9O)OZLLOPOSSIUEGDIE)8N1OSLX95opsAegnpapsieSapajesipewuosiepapie911210H9z07/LO/EL9Z02/LO/SL9707/10/80970Z/LO/Z09202/LO/SOapiesajeq9Z0Z/LO/SL9ZOZ/LO/tL9202/LO/ZL9202/LO/OLSINdWOTSINdWOTJTMAILAVWHOLLLOATMAIONVJUIVLIOAAANYAJOLZLOJMMIVWV11QANY\u00ff0SSAIWYAHLSAGANNIAAVSGX49OZLLOSVIDVOVS4ddnd02AUIVLIOAAINYASOLZLOesieuuy GNWdisly-anvOIs\nWousldWONSJMOMEH1091295UTHEWALNWHNIGNVA9U91NE7TNYLSNOU171104ESSaUEA[11V9OLLO\n84_ARS_Agence R\u00e9gionale de Sant\u00e9 Auvergne-Rh\u00f4ne-Alpes - 01-2025-12-31-00005 - 2025-12 Arr\u00eat\u00e9 r\u00e9quisition PDSA 01 48\n.\n84_ARS_Agence R\u00e9gionale de Sant\u00e9 Auvergne-Rh\u00f4ne-Alpes - 01-2025-12-31-00005 - 2025-12 Arr\u00eat\u00e9 r\u00e9quisition PDSA 01 49\nAssng-ua-naliequiyOOSLOpie19gS1puexo|yonl9SZUIY,]BPSUIE]SE]SPopiesgapajesiIp9awUOSIEWop4e3apnaryUbZ-YBLapsea11e210H9z02/LO/EL920Z/LO/ZL9Z02/LO/LL9Z0Z/LO/LL9202/LO/OL9702/LO/609202/L0/809202/LO/Z0970z/L0/909707/10/50apiess1eq10494vV9NVILSIUHO4dNGANYAIONN3NAldsIWYOOSLO1049v2NAINDV1OSLLOvv\u00e9LAAONNANAANYOOSLO1OYUIVDNVILSIWHDddNGANYA391N9N3131434OOSLONVILSIYWHD4dNQ3n\u00f9SVEINALSOSLLOSINIVINOAIONNALUIIWVALSOEETLOLIWYAWAGNV1DANYPLa[peuuoIssaJ0o1dassaipyU910\u20ac7071304V4auesiowNODNW4WwoualdWONUlY,]opoule|g1N|}Deg\n84_ARS_Agence R\u00e9gionale de Sant\u00e9 Auvergne-Rh\u00f4ne-Alpes - 01-2025-12-31-00005 - 2025-12 Arr\u00eat\u00e9 r\u00e9quisition PDSA 01 50\n84_ARS_Agence R\u00e9gionale de Sant\u00e9 Auvergne-Rh\u00f4ne-Alpes - 01-2025-12-31-00005 - 2025-12 Arr\u00eat\u00e9 r\u00e9quisition PDSA 01 51\naUOUIHLL\n 16/AEX-SMNOTOOELOHIAMENapanuaneCOZAayjagapepie3apsjesipewuosiepapie'apno!1XBUUOAOopie3op9[P2IPolUuosiepapses911810Hapiess11e10HapieZajeq9702/LO/609202/LO/SOopiesajeqINNAOZLEZJYFIATYV140ASSVdWILZozuy-ouenX1734WOUsIgWONEIN\u00c9ERENdNILUWWLSOEtLOANS3Y4NdNILYVNLSO\u00a3+LOINS344NdNILYVWLSOEtLOANYJGNVYO4XYNNOAOOOLLOsaunvlNV3fANNIAY8XVNNOAOOOLLOATINS4NY9NVLYOGO6SLO11134SNVWOUS8A)-94119ldAITOsUIqUSWISIDuinbeofWOUdidWONXEUUOAOJENQUEN1n95}959S\n84_ARS_Agence R\u00e9gionale de Sant\u00e9 Auvergne-Rh\u00f4ne-Alpes - 01-2025-12-31-00005 - 2025-12 Arr\u00eat\u00e9 r\u00e9quisition PDSA 01 52\n84_ARS_Agence R\u00e9gionale de Sant\u00e9 Auvergne-Rh\u00f4ne-Alpes - 01-2025-12-31-00005 - 2025-12 Arr\u00eat\u00e9 r\u00e9quisition PDSA 01 53\n84_ARS_Agence R\u00e9gionale de Sant\u00e9\nAuvergne-Rh\u00f4ne-Alpes\n01-2025-12-31-00006\n2025-12 Arr\u00eat\u00e9 r\u00e9quisition SAS 01\n84_ARS_Agence R\u00e9gionale de Sant\u00e9 Auvergne-Rh\u00f4ne-Alpes - 01-2025-12-31-00006 - 2025-12 Arr\u00eat\u00e9 r\u00e9quisition SAS 01 54\nPREFETDE L'AINLibert\u00e9Egalit\u00e9Fraternit\u00e9\nArr\u00eat\u00e9 N\u00b02025-01-0099PORTANT REQUISITION D'UN MEDECIN POUR ASSURER LA REGULATION DANS LE CADRE DUSERVICE D'ACCES AUX SOINS DE L'AINLe Pr\u00e9fet de l'AinVU le code de la sant\u00e9 publique et notamment son article L. 3131-8 du code de la sant\u00e9 publique ;VU le code g\u00e9n\u00e9ral des collectivit\u00e9s territoriales et notamment le 4\u00b0 de l'article L. 2215-1 pr\u00e9cisant lescirconstances de d\u00e9clenchement de la proc\u00e9dure de r\u00e9quisition par le pr\u00e9fet;VU le code de la s\u00e9curit\u00e9 sociale ;VU le d\u00e9cret n\u00b0 2004-374 du 29 avril 2004 modifi\u00e9 relatif aux pouvoirs des pr\u00e9fets, \u00e0 l'organisation et \u00e0l'action des services de l'Etat dans les r\u00e9gions et d\u00e9partements;VU le Projet R\u00e9gional de Sant\u00e9 2018-2028 de l'ARS Auvergne-Rh\u00f4ne-Alpes arr\u00eat\u00e9 le 28 mai 2018 ;VU le d\u00e9cret du 2 d\u00e9cembre 2025 portant nomination du pr\u00e9fet de l'Ain - M. THIRODE (Louis-Xavier);VU le d\u00e9cret n\u00b0 2024-541 du 14 juin 2024 relatif \u00e0 l'organisation et au fonctionnement du service d'acc\u00e8saux Soins ;Vu le communiqu\u00e9 de presse intersyndical en date du 17 d\u00e9cembre 2025 appelant \u00e0 l'arr\u00eat d'activit\u00e9 desm\u00e9decins lib\u00e9raux entre le 5 et le 15 janvier 2026 ;Vu les \u00e9changes entre l'agence r\u00e9gionale de sant\u00e9 et le conseil d\u00e9partemental de l'ordre des m\u00e9decins ;Vu les \u00e9changes entre l'agence r\u00e9gionale de sant\u00e9, l'association de r\u00e9gulation d\u00e9partementale et leservice d'aide m\u00e9dicale urgente de l'Ain ;CONSIDERANT qu'aux termes de l'alin\u00e9a 4 de l'article L. 2215-1 du code g\u00e9n\u00e9ral des collectivit\u00e9sterritoriales, \u00ab en cas d'urgence, lorsque l'atteinte constat\u00e9e ou pr\u00e9visible au bon ordre, \u00e0 la salubrit\u00e9, \u00e0 latranquillit\u00e9 et \u00e0 la s\u00e9curit\u00e9 publiques l'exige et que les moyens dont dispose le pr\u00e9fet ne permettent plus depoursuivre les objectifs pour lesquels il d\u00e9tient des pouvoirs de police, celui-ci peut, par arr\u00eat\u00e9 motiv\u00e9, pourtoutes les communes du d\u00e9partement ou plusieurs ou une seule d'entre elles, r\u00e9quisitionner tout bien ouservice, requ\u00e9rir toute personne n\u00e9cessaire au fonctionnement de ce service ou \u00e0 l'usage de ce bien etprescrire toute mesure utile jusqu'\u00e0 ce que l'atteinte \u00e0 l'ordre public ait pris fin ou que les conditions de sonmaintien soient assur\u00e9es \u00bb ;CONSIDERANT qu'en application de l'article L.6311-3 du code de la sant\u00e9 publique, le service d'acc\u00e8saux soins (SAS) a pour objet d'\u00e9valuer le besoin en sant\u00e9 de toute personne qui le sollicite, de d\u00e9livrer \u00e0celle-ci les conseils adapt\u00e9s et de faire assurer les soins appropri\u00e9s \u00e0 son \u00e9tat; qu'il assure une r\u00e9gulationm\u00e9dicale commune pour l'acc\u00e8s aux soins, qui associe le service d'aide m\u00e9dicale urgente et une\n84_ARS_Agence R\u00e9gionale de Sant\u00e9 Auvergne-Rh\u00f4ne-Alpes - 01-2025-12-31-00006 - 2025-12 Arr\u00eat\u00e9 r\u00e9quisition SAS 01 55\n84_ARS_Agence R\u00e9gionale de Sant\u00e9 Auvergne-Rh\u00f4ne-Alpes - 01-2025-12-31-00006 - 2025-12 Arr\u00eat\u00e9 r\u00e9quisition SAS 01 56\nr\u00e9gulation de m\u00e9decine ambulatoire et qu'il est organis\u00e9 et g\u00e9r\u00e9 par les professionnels de sant\u00e9 duterritoire exer\u00e7ant en secteur ambulatoire et en \u00e9tablissement de sant\u00e9 ;CONSIDERANT que le mouvement de gr\u00e8ve des m\u00e9decins lib\u00e9raux annonc\u00e9 pour la p\u00e9riode du 5 au 15janvier 2026 constitue un risque grave pour la sant\u00e9 publique r\u00e9sultant de l'absence de r\u00e9ponse et der\u00e9gulation m\u00e9dicale prolong\u00e9e aux demandes de soins de premier recours dans le cadre du SAS ; qu'unedifficult\u00e9 majeure des services d'urgence est susceptible de se produire pour faire face \u00e0 un afflux depatients;CONSIDERANT l'impossibilit\u00e9 d'\u00e9valuer pr\u00e9cis\u00e9ment le suivi du mouvement en l'absence d'obligationpour les m\u00e9decins de se d\u00e9clarer gr\u00e9vistes aupr\u00e8s des autorit\u00e9s ;CONSIDERANT que les \u00e9l\u00e9ments recueillis aupr\u00e8s des partenaires font cependant \u00e9tat d'un mouvementqui devrait \u00eatre fortement suivi, impactant tant la r\u00e9ponse \u00e0 la r\u00e9gulation de m\u00e9decine g\u00e9n\u00e9rale du SASque l'ouverture des cabinets de m\u00e9decine g\u00e9n\u00e9rale ;CONSIDERANT que la fermeture m\u00eame partielle des cabinets de m\u00e9decine g\u00e9n\u00e9rale en horaires ouvr\u00e9sest en outre susceptible de g\u00e9n\u00e9rer une augmentation du recours \u00e0 la r\u00e9gulation de m\u00e9decine g\u00e9n\u00e9raledu Centre 15;CONSIDERANT la n\u00e9cessit\u00e9 d'assurer a minima le pourvoi d'une ligne de r\u00e9gulation de m\u00e9decineg\u00e9n\u00e9rale du Centre 15 de l'Ain sur l'ensemble des horaires SAS pour faire face \u00e0 l'afflux d'appels les joursde semaine, et le pourvoi des quatre lignes pr\u00e9vues le samedi matin ;CONSIDERANT que l'autorit\u00e9 administrative se trouve dans l'impossibilit\u00e9 de faire face \u00e0 ce risque av\u00e9r\u00e9de d\u00e9fection en ayant recours \u00e0 d'autres moyens, dans des d\u00e9lais contraints, que la mesure de r\u00e9quisitionaux fins de garantir une r\u00e9ponse et une r\u00e9gulation m\u00e9dicale pour acc\u00e9der aux soins sur le d\u00e9partementde l'Ain;CONSIDERANT que la suspension de la r\u00e9ponse et de r\u00e9gulation m\u00e9dicale aux demandes de soinsinduite par le mouvement de gr\u00e8ve des m\u00e9decins est de nature \u00e0 compromettre la prise en charge despatients et porte en cons\u00e9quence atteinte \u00e0 la continuit\u00e9 des soins ;CONSIDERANT que ce contexte caract\u00e9rise une situation d'urgence et implique une imp\u00e9rieusen\u00e9cessit\u00e9 d'assurer la protection de la sant\u00e9 publique et la continuit\u00e9 des soins ;CONSIDERANT que les caract\u00e8res d'urgence et de proportionnalit\u00e9 pour proc\u00e9der a la r\u00e9quisition sont\u00e9tablis afin de garantir une r\u00e9gulation m\u00e9dicale et une r\u00e9ponse adapt\u00e9e aux demandes de soinsaccessible \u00e0 la population ;Sur proposition de la directrice g\u00e9n\u00e9rale de l'agence r\u00e9gionale de sant\u00e9 Auvergne-Rh\u00f4ne-Alpes;ARR\u00caTEArticle 1er: Les m\u00e9decins g\u00e9n\u00e9ralistes figurant dans le tableau annex\u00e9 au pr\u00e9sent arr\u00eat\u00e9 sontr\u00e9quisitionn\u00e9s afin d'assurer la r\u00e9gulation m\u00e9dicale au Centre de R\u00e9ception et de R\u00e9gulation des Appels(C.R.R.A.) du Centre 15 de l'Ain sis 200 avenue du Capitaine Dhonne \u00e0 Bourg-en-Bresse (01000), aux dateset heures pr\u00e9cis\u00e9es, dans le cadre du service d'acc\u00e8s aux soins.\n84_ARS_Agence R\u00e9gionale de Sant\u00e9 Auvergne-Rh\u00f4ne-Alpes - 01-2025-12-31-00006 - 2025-12 Arr\u00eat\u00e9 r\u00e9quisition SAS 01 57\n84_ARS_Agence R\u00e9gionale de Sant\u00e9 Auvergne-Rh\u00f4ne-Alpes - 01-2025-12-31-00006 - 2025-12 Arr\u00eat\u00e9 r\u00e9quisition SAS 01 58\nArticle 2 \u2014 Sauf cas de force majeure, \u00e0 d\u00e9faut d'ex\u00e9cution du pr\u00e9sent ordre de r\u00e9quisition, il pourra \u00eatreproc\u00e9d\u00e9 \u00e0 son ex\u00e9cution d'office. Toute personne requise n'ex\u00e9cutant pas cet ordre s'expose auxsanctions p\u00e9nales pr\u00e9vues \u00e0 l'article L. 2215-1 du code g\u00e9n\u00e9ral des collectivit\u00e9s territoriales susvis\u00e9Article 3 : Un recours contre le pr\u00e9sent arr\u00eat\u00e9 peut \u00eatre form\u00e9 devant le tribunal administratif de Lyondans un d\u00e9lai de deux mois \u00e0 compter de sa notification. Le tribunal administratif peut \u00eatre saisi d'unerequ\u00eate d\u00e9pos\u00e9e sur le site www.telerecours.fr.Article 4 : Le pr\u00e9fet de l'Ain et la directrice g\u00e9n\u00e9rale de l'agence r\u00e9gionale de sant\u00e9 Auvergne-Rh\u00f4ne-Alpes sont charg\u00e9s, chacun en ce qui le concerne, de l'ex\u00e9cution du pr\u00e9sent arr\u00eat\u00e9 qui sera publi\u00e9 aurecueil des actes administratifs de la pr\u00e9fecture de l'Ain.Fait \u00e0 Bourg-en-Bresse, le Lu ane31 DEC. 202Le pr\u00e9fet de l'Ain,\nLou\u00efs-Xavier THIRODE\n84_ARS_Agence R\u00e9gionale de Sant\u00e9 Auvergne-Rh\u00f4ne-Alpes - 01-2025-12-31-00006 - 2025-12 Arr\u00eat\u00e9 r\u00e9quisition SAS 01 59\n84_ARS_Agence R\u00e9gionale de Sant\u00e9 Auvergne-Rh\u00f4ne-Alpes - 01-2025-12-31-00006 - 2025-12 Arr\u00eat\u00e9 r\u00e9quisition SAS 01 60\nLVIYIA;sloanq3u910|4ZWddV19uOZ-U6Lgzoz/Lo/sLINNIILILSOZELO11111VH9NITIAIN341NGNILYVWINIYASTVAUNS1049111349LYRIAYEL-Y8O9ZOZ/LO/ELSILHNOD30H3IAIULLNIVSO9SLOYEL-48O9707/10/90LVISSOL0SZLO'LYNOVLNOWU6L-U809Z02/LO/ZLX49OZLLOuore[n391so11e10Huonen391s3eqayeuuoissajoidassaupyWOU314WON'SS9UJBDUODSaJNayYJeSaJepxne'9ZO0ZJalAuelsg,neGnpapoisde]uns'sulosXne$999e,P29IM8SNPSuped2]SUEPUly,|2PSL213089Np(V'H'Y'2)sjaddysepudneinZaysp3\u00b0uonds29yapa]UaDNeajedIPaWUone|n89.1eB]Jainsseinodsouuonisinbassa3sije18u98SUIDSPaWSAP9151]8]aSIDa1dsNOssap-19Nealqey276600-L0-SZ0Z._U[810328J91d9211,EIXINNV\n84_ARS_Agence R\u00e9gionale de Sant\u00e9 Auvergne-Rh\u00f4ne-Alpes - 01-2025-12-31-00006 - 2025-12 Arr\u00eat\u00e9 r\u00e9quisition SAS 01 61\n84_ARS_Agence R\u00e9gionale de Sant\u00e9 Auvergne-Rh\u00f4ne-Alpes - 01-2025-12-31-00006 - 2025-12 Arr\u00eat\u00e9 r\u00e9quisition SAS 01 62\nuone\nUOZ-UGL9ZOZ/LO/~LSLNVLLVAINOID$30GYVAIINOAZLPERENTINesADUODACIUGNVYLS009L0a3apenLNIVSSNOL\n84_ARS_Agence R\u00e9gionale de Sant\u00e9 Auvergne-Rh\u00f4ne-Alpes - 01-2025-12-31-00006 - 2025-12 Arr\u00eat\u00e9 r\u00e9quisition SAS 01 63\n84_ARS_Agence R\u00e9gionale de Sant\u00e9 Auvergne-Rh\u00f4ne-Alpes - 01-2025-12-31-00006 - 2025-12 Arr\u00eat\u00e9 r\u00e9quisition SAS 01 64\n84_ARS_Agence R\u00e9gionale de Sant\u00e9\nAuvergne-Rh\u00f4ne-Alpes\n01-2026-01-06-00007\n2026-01-06 Arr\u00eat\u00e9 r\u00e9quisition modificatif SAS 01\n84_ARS_Agence R\u00e9gionale de Sant\u00e9 Auvergne-Rh\u00f4ne-Alpes - 01-2026-01-06-00007 - 2026-01-06 Arr\u00eat\u00e9 r\u00e9quisition modificatif SAS 01 65\nPREFETDE L'AINLibert\u00e9\u00c9galit\u00e9Fraternit\u00e9\nArr\u00eat\u00e9 N\u00b02026 - 0i-0002ARRETE MODIFICATIF DE L'ARRETE 2025-01-0099 PORTANT REQUISITION D'UN MEDECINPOUR ASSURER LA REGULATION DANS LE CADRE DU SERVICE D'ACCES AUX SOINS DE L'AINLe Pr\u00e9fet de l'AinVU le code de la sant\u00e9 publique et notamment son article L. 3131-8 du code de la sant\u00e9 publique ;VU le code g\u00e9n\u00e9ral des collectivit\u00e9s territoriales et notamment le 4\u00b0 de l'article L. 2215-1 pr\u00e9cisant lescirconstances de d\u00e9cienchement de la proc\u00e9dure de r\u00e9quisition par le pr\u00e9fet;VU le code de la s\u00e9curit\u00e9 sociale ;VU le d\u00e9cret n\u00b0 2004-374 du 28 avril 2004 modifi\u00e9 relatif aux pouvoirs des pr\u00e9fets, \u00e0 l'organisation et al'action des services de l'Etat dans les r\u00e9gions et d\u00e9partements ;VU le Projet R\u00e9gional de Sant\u00e9 2018-2028 de l'ARS Auvergne-Rh\u00e9ne-Alpes arr\u00eat\u00e9 le 28 mai 2018;VU le d\u00e9cret du 2 d\u00e9cembre 2025 portant nomination du pr\u00e9fet de l'Ain - M. THIRODE (Louis-Xavier);VU le d\u00e9cret n\u00b0 2024-541 du 14 juin 2024 relatif \u00e0 l'organisation et au fonctionnement du serviced'acc\u00e8s aux soins ; _.Vu l'arr\u00eat\u00e9 n\u00b02025-01-0099 du 31 d\u00e9cembre 2025 du pr\u00e9fet de l'Ain portant r\u00e9quisition d'un m\u00e9decinpour assurer la r\u00e9gulation dans le cadre du service d'acc\u00e8s aux soins de l'Ain;Vu le communiqu\u00e9 de presse intersyndical en date du 17 d\u00e9cembre 2025 appelant \u00e0 l'arr\u00eat d'activit\u00e9.des m\u00e9decins lib\u00e9raux entre le 5 et le 15 janvier 2026 ;Vu les \u00e9changes entre l'agence r\u00e9gionale de sant\u00e9 et le conseil d\u00e9partemental de l'ordre desm\u00e9decins;Vu les \u00e9changes entre l'agence r\u00e9gionale de sant\u00e9, l'association de. r\u00e9gulation d\u00e9partementale et leservice d'aide m\u00e9dicale urgente de l'Ain; .CONSIDERANT qu'aux termes de l'alin\u00e9a 4 de l'article L. 2215-1 du code g\u00e9n\u00e9ral des collectivit\u00e9sterritoriales, \u00ab en cas d'urgence, lorsque l'atteinte constat\u00e9e ou pr\u00e9visible au bon ordre, \u00e0 la salubrit\u00e9, \u00e0 latranquillit\u00e9 et \u00e0 la s\u00e9curit\u00e9 publiques l'exige et que les moyens dont dispose le pr\u00e9fet ne permettent plusde poursuivre les objectifs pour lesquels il d\u00e9tient des pouvoirs de police, celui-ci peut, par arr\u00eat\u00e9 motiv\u00e9,pour toutes les communes du d\u00e9partement ou plusieurs ou une seule d'entr\u00e9 elles, r\u00e9quisitionner toutbien ou service, requ\u00e9rir toute personne n\u00e9cessaire au fonctionnement de ce service ou \u00e0 l'usage de cebien et prescrire toute mesure utile jusqu'\u00e0 ce que l'atteinte \u00e0 l'ordre public ait pris fin ou que lesconditions de son maintien soient assur\u00e9es \u00bb :CONSIDERANT qu'en application de l'article L.6311-3 du code de la sant\u00e9 publique, le service d'acc\u00e8saux soins (SAS) a pour objet d'\u00e9valuer le besoin en sant\u00e9 de toute personne qui le sollicite, de d\u00e9livrer \u00e0celle-ci les conseils adapt\u00e9s et de faire assurer les soins appropri\u00e9s \u00e0 son \u00e9tat; qu'il assure uner\u00e9gulation m\u00e9dicale commune pour l'acc\u00e8s aux soins, qui associe le service d'aide m\u00e9dicale urgente etune r\u00e9gulation de m\u00e9decine ambulatoire et qu'il est organis\u00e9 et g\u00e9r\u00e9 par les professionnels de sant\u00e9 duterritoire exer\u00e7ant en secteur ambulatoire et en \u00e9tablissement de sant\u00e9;\n84_ARS_Agence R\u00e9gionale de Sant\u00e9 Auvergne-Rh\u00f4ne-Alpes - 01-2026-01-06-00007 - 2026-01-06 Arr\u00eat\u00e9 r\u00e9quisition modificatif SAS 01 66\nCONSIDERANT que le mouvement de gr\u00e8ve des m\u00e9decins lib\u00e9raux annonc\u00e9 pour la p\u00e9riode du 5 au 15janvier 2026 constitue un risque grave pour la sant\u00e9 publique r\u00e9sultant de l'absence de r\u00e9ponse et der\u00e9gulation m\u00e9dicale prolong\u00e9e aux demandes de soins de premier recours dans le cadre du SAS:qu'une difficult\u00e9 majeure des services d'urgence est susceptible de se produire pour faire face \u00e0 unafflux de patients ;CONSIDERANT l'impossibilit\u00e9 d'\u00e9valuer pr\u00e9cis\u00e9ment le suivi du mouvement en l'absence d'obligationpour les m\u00e9decins de se d\u00e9clarer gr\u00e9vistes aupr\u00e8s des autorit\u00e9s ;CONSIDERANT que les \u00e9l\u00e9ments recueillis aupr\u00e8s des partenaires font cependant \u00e9tat d'unmouvement qui devrait \u00eatre fortement suivi, impactant tant la r\u00e9ponse \u00e0 la r\u00e9gulation de m\u00e9decineg\u00e9n\u00e9rale du SAS que l'ouverture des cabinets de m\u00e9decine g\u00e9n\u00e9rale;CONSIDERANT que la fermeture m\u00eame partielle des cabinets de m\u00e9decine g\u00e9n\u00e9rale en horairesouvr\u00e9s est en outre susceptible de g\u00e9n\u00e9rer une augmentation du recours \u00e0 la r\u00e9gulation de m\u00e9decineg\u00e9n\u00e9rale du Centre 15 ;CONSIDERANT la n\u00e9cessit\u00e9 d'assurer a minima le pourvoi d'une ligne de r\u00e9gulation de m\u00e9decineg\u00e9n\u00e9rale du Centre 15 de l'Ain sur l'ensemble des horaires SAS pour faire face \u00e0 l'afflux d'appels lesjours de semaine, et le pourvoi des quatre lignes pr\u00e9vues le samedi matin ;CONSIDERANT que l'autorit\u00e9 administrative se trouve dans l'impossibilit\u00e9 de faire face \u00e0 ce risqueav\u00e9r\u00e9 de d\u00e9fection en ayant recours \u00e0 d'autres moyens, dans des d\u00e9lais contraints, que la mesure der\u00e9quisition aux fins de garantir une r\u00e9ponse et une r\u00e9gulation m\u00e9dicale pour acc\u00e9der aux soins sur led\u00e9partement de l'Ain ;CONSIDERANT que la suspension de la r\u00e9ponse et de r\u00e9gulation m\u00e9dicale aux demandes de soinsinduite par le mouvement de gr\u00e8ve des m\u00e9decins est de nature \u00e0 compromettre la prise en charge despatients et porte en cons\u00e9quence atteinte \u00e0 la continuit\u00e9 des soins ;CONSIDERANT que ce contexte caract\u00e9rise une situation d'urgence et implique une imp\u00e9rieusen\u00e9cessit\u00e9 d'assurer la protection de la sant\u00e9 publique et la continuit\u00e9 des soins ;CONSIDERANT que les caract\u00e8res d'urgence et de proportionnalit\u00e9 pour proc\u00e9der \u00e0 la r\u00e9quisitionsont \u00e9tablis afin de garantir une r\u00e9gulation m\u00e9dicale et une r\u00e9ponse adapt\u00e9e aux demandes de soinsaccessible \u00e0 la population;CONSID\u00c9RANT qu'une erreur de date avait \u00e9t\u00e9 commise dans l'annexe de l'arr\u00eat\u00e9 n\u00b02025-01-0099 du31 d\u00e9cembre 2025 ;Sur proposition de la directrice g\u00e9n\u00e9rale de l'agerice r\u00e9gionale de sant\u00e9 Auvergne-Rh\u00f4ne-Alpes ;ARR\u00caTE\nArticle Jer: Le Dr louis LANCON, exer\u00e7ant ESPACE SANTE SUD REVERMONT 51 ROUTE DEMONTAGNAT 01250 TOSSIAT, est r\u00e9quisitionn\u00e9 pour assurer la r\u00e9gulation m\u00e9dicale au Centre deR\u00e9ception et de R\u00e9gulation des Appels (C.R.R.A.) du Centre 15 de l'Ain sis 200 avenue du CapitaineDhonne \u00e0 Bourg-en-Bresse (01000) dans le cadre du service d'acc\u00e8s aux soins, le samedi 10/01/2026 de8h \u00e0 12h au lieu du jeudi 08/01/2026 de 8h \u00e0 12h.Article 2 - Sauf cas de force majeure, \u00e0 d\u00e9faut d'ex\u00e9cution du pr\u00e9sent ordre de r\u00e9quisition, il pourra\u00eatre proc\u00e9d\u00e9 \u00e0 son ex\u00e9cution d'office, Toute personne requise n'ex\u00e9cutantpas cet ordre s'expose auxsanctions p\u00e9nales pr\u00e9vues \u00e0 l'article L. 2215-1 du code g\u00e9n\u00e9ral des collectivit\u00e9s territoriales susvis\u00e9\n84_ARS_Agence R\u00e9gionale de Sant\u00e9 Auvergne-Rh\u00f4ne-Alpes - 01-2026-01-06-00007 - 2026-01-06 Arr\u00eat\u00e9 r\u00e9quisition modificatif SAS 01 67\nArticle 3: Un recours contre le pr\u00e9sent arr\u00e9t\u00e9 peut \u00eatre form\u00e9 devant le tribunal administratif de Lyondans un d\u00e9lai de deux mois \u00e0 compter de sa notification. Le tribunal administratif peut \u00eatre saisi d'unerequ\u00eate d\u00e9pos\u00e9e sur le site www.telerecours.fr.Article 4 : Le pr\u00e9fet de l'Ain et la directrice g\u00e9n\u00e9rale de l'agence r\u00e9gionale de sant\u00e9 Auvergne-Rh\u00f4ne-Alpes sont charg\u00e9s, chacun en ce qui le concerne, de l'ex\u00e9cution du pr\u00e9sent arr\u00eat\u00e9 qui sera publi\u00e9 aurecueil des actes administratifs de la pr\u00e9fecture de l'Ain.Fait \u00e0 Bourg-en-Bresse, le 6 /e 1/2 S&S+ . r\u00e9f\u00e8te,rect ice de cabinetiarianne TESSA\n84_ARS_Agence R\u00e9gionale de Sant\u00e9 Auvergne-Rh\u00f4ne-Alpes - 01-2026-01-06-00007 - 2026-01-06 Arr\u00eat\u00e9 r\u00e9quisition modificatif SAS 01 68","date":"2026-01-08","first_seen_on":"2026-01-08T17:05:15+00:00","id":"8ce42b68af2c037ac47d49e0607942d2a706be88b2b0812124e4a4a855562e0d","name":"recueil-01-2026-007-recueil-des-actes-administratifs-special. 08-01-2027","pdf_creation_date":"2026-01-08T16:44:35+00:00","pdf_modification_date":null,"timezone":"Europe/Paris","url":"https://www.ain.gouv.fr/contenu/telechargement/34308/239524/file/recueil-01-2026-007-recueil-des-actes-administratifs-special.%2008-01-2027.pdf"}
