{"administration":"prefidf","administration_name":"Pr\u00e9fecture de la r\u00e9gion \u00cele-de-France","content":"PREFECTURE\nREGION ILE DE\nFRANCE\nRECUEIL DES ACTES\nADMINISTRATIFS SP\u00c9CIAL\n(NOMINATIFS)\nN\u00b0IDF-027-2025-12\nPUBLI\u00c9 LE 10 D\u00c9CEMBRE 2025\nSommaire\nAgence R\u00e9gionale de Sant\u00e9 / Direction de la Sant\u00e9 Publique\nIDF-2025-12-09-00010 - Arr\u00eat\u00e9  n\u00b0 2025-0912-1-DSP\nportant\ncomposition de la commission r\u00e9gionale d'information et de\ns\u00e9lection d'appel \u00e0 projet\nsocial ou m\u00e9dico-social pour les\nprojets autoris\u00e9s en application du b de l'article L. 313-3 du code de\nl'action sociale et des familles (2 pages) Page 3\nIDF-2025-12-09-00009 - Arr\u00eat\u00e9 n\u00b02025-0912-2-DSP portant\nmodification de l'arr\u00eat\u00e9 n\u00b0 2024-342 portant composition de la\ncommission r\u00e9gionale\nd'information et de s\u00e9lection d'appel \u00e0\nprojet social ou m\u00e9dico-social pour les projets autoris\u00e9s\nen\napplication du b de l'article L. 313-3 du code de l'action sociale et des\nfamilles (3 pages) Page 6\nDirection r\u00e9gionale et interd\u00e9partementale de l'\u00e9conomie, de l'emploi,\ndu travail et des solidarit\u00e9s d'\u00cele-de-France / P\u00f4le Politique du travail\nIDF-2025-12-09-00012 - D\u00e9cision n\u00b0 2025-243 du 09 d\u00e9cembre\n2025\nportant affectation des agents de contr\u00f4le dans les unit\u00e9s de\ncontr\u00f4le et gestion des int\u00e9rims de la direction d\u00e9partementale de\nl'emploi, du travail et des solidarit\u00e9s de Seine-et-Marne (4 pages) Page 10\nIDF-2025-12-09-00011 - D\u00e9cision n\u00b0 2025-244 du 09 d\u00e9cembre\n2025\nportant affectation des agents de contr\u00f4le dans les unit\u00e9s de\ncontr\u00f4le et gestion des int\u00e9rims de l'unit\u00e9 d\u00e9partementale de\nParis de la DRIEETS d'Ile-de-France (8 pages) Page 15\nIDF-2025-12-09-00013 - D\u00e9cision n\u00b02025-242 du 09 d\u00e9cembre\n2025\nportant affectation des agents de contr\u00f4le dans les unit\u00e9s de\ncontr\u00f4le et gestion des int\u00e9rims de l'unit\u00e9 d\u00e9partementale du\nVal-de-Marne de la DRIEETS d'Ile-de-France (4 pages) Page 24\nPr\u00e9fecture de la r\u00e9gion d'Ile-de-France, pr\u00e9fecture de\nParis-Secr\u00e9tariat g\u00e9n\u00e9ral aux politiques publiques / Direction des\naffaires juridiques\nIDF-2025-12-09-00014 - Arr\u00eat\u00e9 portant nomination du comptable public\nde l'\u00e9tablissement public de coop\u00e9ration culturelle \"Maison des\npratiques artistiques amateurs\" (MPAA) (1 page) Page 29\n2\nAgence R\u00e9gionale de Sant\u00e9\nIDF-2025-12-09-00010\nArr\u00eat\u00e9  n\u00b0 2025-0912-1-DSP\nportant composition de la commission r\u00e9gionale\nd'information et de s\u00e9lection d'appel \u00e0 projet\nsocial ou m\u00e9dico-social pour les projets autoris\u00e9s\nen application du b de l'article L. 313-3 du code\nde l'action sociale et des familles\nAgence R\u00e9gionale de Sant\u00e9 - IDF-2025-12-09-00010 - Arr\u00eat\u00e9  n\u00b0 2025-0912-1-DSP\nportant composition de la commission r\u00e9gionale d'information et de s\u00e9lection d'appel \u00e0 projet\nsocial ou m\u00e9dico-social pour les projets autoris\u00e9s en application du b de l'article L. 313-3 du code de l'action sociale et des familles\n3\nEREPUBLIQUEFRAN\u00c7AISELibert\u00e9Egalit\u00e9Fraternit\u00e9\ne \u00bb Agence R\u00e9gionale de Sant\u00e9Ile-de-France\n                                                                                                                              \n  \n \n \n \nAGENCE R\u00c9GIONALE DE SANT\u00c9 \u00ceLE-DE-FRANCE \nARR\u00caT\u00c9 N\u00b0 2025-0912-1-DSP \nportant composition de la commission r\u00e9gionale d'information et de s\u00e9lection d'appel \u00e0 projet \nsocial ou m\u00e9dico-social pour les projets autoris\u00e9s en application du b de l'article L. 313-3 du \ncode de l'action sociale et des familles  \n \n \nLE DIRECTEUR G\u00c9N\u00c9RAL DE L'AGENCE R\u00c9GIONALE DE SANT\u00c9 \u00ceLE-DE-FRANCE \n \nVU le code de la sant\u00e9 publique ; \n \nVU le code de l'action sociale et des familles, et notamment ses articles L.313 -1, L. 313-1-1, L. 313-\n3 et R. 313-1 et suivants ; \n \nVU le d\u00e9cret n\u00b0 2016 -801 du 15 juin 2016 modifiant la proc\u00e9dure d'appel \u00e0 projets et d'autorisation \nmentionn\u00e9e \u00e0 l'article L. 313-1-1 du code de l'action sociale et des familles ;  \n \nVU le d\u00e9cret du 10 avril 2024 portant nomination de Monsieur Denis ROBIN en qualit\u00e9 de Directeur \ng\u00e9n\u00e9ral de l'Agence r\u00e9gionale de sant\u00e9 \u00cele-de-France \u00e0 compter du 29 avril 2024 ; \n \nVU l'arr\u00eat\u00e9 n\u00b02025 -220 portant modification de l'arr\u00eat\u00e9 n\u00b0 2024 - 342 portant composition de la \ncommission r\u00e9gionale d'information et de s\u00e9lection d'appel \u00e0 projet social ou m\u00e9dico -social pour \nles projets autoris\u00e9s en application du b de l'article L. 313 -3 du code de l'action sociale et des \nfamilles ; \n \n \n \n \nARR\u00caTE \n \n \nARTICLE 1er : \n \nPour l'examen de l'appel \u00e0 projet visant la cr\u00e9ation d'une  \u00c9quipe sp\u00e9cialis\u00e9e en soins infirmiers \npr\u00e9carit\u00e9 (ESSIP) dans le d\u00e9partement de Seine-Saint-Denis, sont d\u00e9sign\u00e9s pour si\u00e9ger en qualit\u00e9 de \nmembres non permanents avec voix consultative : \n \n1\u00b0 Au titre des personnalit\u00e9s qualifi\u00e9es : \n\u25aa Monsieur Christian FORTERRE, Commissaire \u00e0 la lutte contre la pauvret\u00e9 en Ile-de-France ; \n\u25aa Monsieur Jacques -Bertrand De REBOUL , Directeur r\u00e9gional adjoint en charge de \nl'h\u00e9bergement et de l'acc\u00e8s au logement en \u00cele-de-France. \n \n2\u00b0 Au titre de la repr\u00e9sentation des usagers sp\u00e9cialement concern\u00e9s : \n\u25aa Monsieur Olivier BABOULAT, repr\u00e9sentant des personnes accueillies et accompagn\u00e9es ; \n\u25aa Madame Marie-Lucine EPOH, repr\u00e9sentante des personnes accueillies et accompagn\u00e9es. \nAgence R\u00e9gionale de Sant\u00e9 - IDF-2025-12-09-00010 - Arr\u00eat\u00e9  n\u00b0 2025-0912-1-DSP\nportant composition de la commission r\u00e9gionale d'information et de s\u00e9lection d'appel \u00e0 projet\nsocial ou m\u00e9dico-social pour les projets autoris\u00e9s en application du b de l'article L. 313-3 du code de l'action sociale et des familles\n4\n \n3\u00b0 Au titre des personnels techniques de l'Agence r\u00e9gionale de sant\u00e9 \u00cele-de-France : \n\u25aa Madame Sabrina BELHADJ, Cheffe du d\u00e9partement Pr\u00e9vention Promotion de la Sant\u00e9 \u00e0 la \nd\u00e9l\u00e9gation d\u00e9partementale de Seine-Saint-Denis de l'ARS \u00cele-de-France ; \n\u25aa Madame Floriane WERCH, Charg\u00e9e de projets Pr\u00e9vention Promotion de la Sant\u00e9 \u00e0 la \nd\u00e9l\u00e9gation d\u00e9partementale de Paris de l'ARS \u00cele-de-France. \n \nARTICLE 2 :  \n \nLe pr\u00e9sent arr\u00eat\u00e9 peut faire l'objet d'un recours devant le tribunal administratif comp\u00e9tent dans le d\u00e9lai \nde deux mois \u00e0 compter de sa publication. \n \n \nARTICLE 3 :  \n \nLe pr\u00e9sent arr\u00eat\u00e9 sera notifi\u00e9 aux membres de la commission et publi\u00e9 aux recueils des actes \nadministratifs des pr\u00e9fectures de la r\u00e9gion \u00cele-de-France. \n \n \nARTICLE 4 :  \n \nLe Directeur g\u00e9n\u00e9ral de l'Agence r\u00e9gionale de sant\u00e9 \u00cele-de-France est charg\u00e9 de l'ex\u00e9cution du \npr\u00e9sent arr\u00eat\u00e9. \n \n \n \nFait \u00e0 Saint-Denis, le 9 d\u00e9cembre 2025 \n \nLe Directeur g\u00e9n\u00e9ral \nde l'Agence r\u00e9gionale de sant\u00e9  \n\u00cele-de-France \n \nSign\u00e9 \n \nDenis ROBIN   \n \n \n \nAgence R\u00e9gionale de Sant\u00e9 - IDF-2025-12-09-00010 - Arr\u00eat\u00e9  n\u00b0 2025-0912-1-DSP\nportant composition de la commission r\u00e9gionale d'information et de s\u00e9lection d'appel \u00e0 projet\nsocial ou m\u00e9dico-social pour les projets autoris\u00e9s en application du b de l'article L. 313-3 du code de l'action sociale et des familles\n5\nAgence R\u00e9gionale de Sant\u00e9\nIDF-2025-12-09-00009\nArr\u00eat\u00e9 n\u00b02025-0912-2-DSP portant modification\nde l'arr\u00eat\u00e9 n\u00b0 2024-342 portant composition de\nla commission r\u00e9gionale\nd'information et de s\u00e9lection d'appel \u00e0 projet\nsocial ou m\u00e9dico-social pour les projets autoris\u00e9s\nen application du b de l'article L. 313-3 du code\nde l'action sociale et des familles\nAgence R\u00e9gionale de Sant\u00e9 - IDF-2025-12-09-00009 - Arr\u00eat\u00e9 n\u00b02025-0912-2-DSP portant modification de l'arr\u00eat\u00e9 n\u00b0 2024-342 portant\ncomposition de la commission r\u00e9gionale\nd'information et de s\u00e9lection d'appel \u00e0 projet social ou m\u00e9dico-social pour les projets autoris\u00e9s\nen application du b de l'article L. 313-3 du code de l'action sociale et des familles\n6\n| 3 a 4REPUBLIQUEFRAN CAI SE @ D Agence R\u00e9gionale de Sant\u00e9Libert\u00e9 lle-de-FranceEgalit\u00e9Fraternit\u00e9\n \n \n \nAGENCE R\u00c9GIONALE DE SANT\u00c9 \u00ceLE-DE-FRANCE \n \nARR\u00caT\u00c9 N\u00b0 2025-0912-2-DSP \nportant modification de l'arr\u00eat\u00e9 n\u00b0 2024-342 portant composition de la commission r\u00e9gionale \nd'information et de s\u00e9lection d'appel \u00e0 projet social ou m\u00e9dico-social pour les projets autoris\u00e9s \nen application du b de l'article L. 313-3 du code de l'action sociale et des familles \n \n \nLE DIRECTEUR G\u00c9N\u00c9RAL DE L'AGENCE R\u00c9GIONALE DE SANT\u00c9 \u00ceLE-DE-FRANCE \n \nVU le code de la sant\u00e9 publique ; \n \nVU le code de l'action sociale et des familles, et notamment ses articles L.313-1, L. 313-1-1, L. 313- \n3 et R. 313-1 et suivants ; \nVU le d\u00e9cret n\u00b0 2016-801 du 15 juin 2016 modifiant la proc\u00e9dure d'appel \u00e0 projets et d'autorisation \nmentionn\u00e9e \u00e0 l'article L. 313-1-1 du code de l'action sociale et des familles ; \n \nVU le d\u00e9cret du 10 avril 2024 portant nomination de Monsieur Denis ROBIN en qualit\u00e9 de Directeur \ng\u00e9n\u00e9ral de l'Agence r\u00e9gionale de sant\u00e9 \u00cele-de-France \u00e0 compter du 29 avril 2024 ; \n \nVU l'arr\u00eat\u00e9 n\u00b0 2024- 342 portant composition de la commission r\u00e9gionale d'information et de s\u00e9lection \nd'appel \u00e0 projet social ou m\u00e9dico -social pour les projets autoris\u00e9s en application du b de l'article \nL. 313-3 du code de l'action sociale et des familles \n \n \n \nARR\u00caTE \n \n \nARTICLE 1er : \n \nSont d\u00e9sign\u00e9s pour si\u00e9ger en qualit\u00e9 de membres permanents avec voix d\u00e9lib\u00e9rative :  \n1\u00b0 Au titre des repr\u00e9sentants de l'Agence r\u00e9gionale de sant\u00e9 (ARS) \u00cele-de-France : \n\u2022 Le Directeur g\u00e9n\u00e9ral de l'Agence r\u00e9gionale de sant\u00e9 \u00cele-de-France ou son repr\u00e9sentant, \npr\u00e9sident de la commission ; \n\u2022 Madame L\u00e9a CAMUS, Responsable du d\u00e9partement  offre \u00e0 destination des personnes en \nsituation de handicap \u00e0 la Direction de l'Autonomie, titulaire et Madame Caroline FRIZON, \nResponsable du d\u00e9partement personnes en difficult\u00e9s sp\u00e9cifiques et addictions \u00e0 la Direction \nde la Sant\u00e9 Publique, suppl\u00e9ante ; \n\u2022 Madame Delphine VILAIN, Conseill\u00e8re charg\u00e9e du pilotage des grands op\u00e9rateurs \u00e0 la \nDirection de la sant\u00e9 publique, titulaire, et M adame Pauline CAU , Responsable adjointe du \nd\u00e9partement offre \u00e0 destination des personnes en situation de handicap \u00e0 la Direction de \nl'Autonomie, suppl\u00e9ante ; \n\u2022 Monsieur Pierre MARECHAL, Directeur adjoint de la D\u00e9l\u00e9gation d\u00e9partementale du Val \nd'Oise, titulaire, et, Madame Anne VIVET, Directrice adjointe de la D\u00e9l\u00e9gation d\u00e9partementale \ndes Yvelines, suppl\u00e9ante. \nAgence R\u00e9gionale de Sant\u00e9 - IDF-2025-12-09-00009 - Arr\u00eat\u00e9 n\u00b02025-0912-2-DSP portant modification de l'arr\u00eat\u00e9 n\u00b0 2024-342 portant\ncomposition de la commission r\u00e9gionale\nd'information et de s\u00e9lection d'appel \u00e0 projet social ou m\u00e9dico-social pour les projets autoris\u00e9s\nen application du b de l'article L. 313-3 du code de l'action sociale et des familles\n7\n2  \n2\u00b0 Au titre des repr\u00e9sentants d'usagers (dont au  moins un repr\u00e9sentant d'associations de retrait\u00e9s et \nde personnes \u00e2g\u00e9es, au moins un repr\u00e9sentant d'associations de personnes handicap\u00e9es et un \nrepr\u00e9sentant d'associations de personnes confront\u00e9es \u00e0 des difficult\u00e9s sp\u00e9cifiques), sur proposition \nde la commission sp\u00e9cialis\u00e9e pour les prises en charge et accompagnements m\u00e9dico -sociaux de la \nconf\u00e9rence r\u00e9gionale de la sant\u00e9 et de l'autonomie : \n \n \n\u2022 Madame Monique ZANATTA, Pr\u00e9sidente de la Formation Personnes Ag\u00e9es du Conseil \nD\u00e9partemental de la Citoyennet\u00e9 et de l'Autonomie des Hauts -de Seine (CDCA 92), titulaire, \net Monsieur Fran\u00e7ois CHARLES, Membre du Conseil D\u00e9partemental de la Citoyennet\u00e9 et de \nl'Autonomie Hauts-de-Seine - formation personnes \u00e2g\u00e9es (CDCA 92), suppl\u00e9ant ; \n\u2022 Madame Fran\u00e7oise FORET, Membre du Conseil d'administration de l'Association des \nFamilles de Traumatis\u00e9s Cr\u00e2niens et de c\u00e9r\u00e9bro-l\u00e9s\u00e9s \u00cele-de-France/ Paris (AFTC IdF / Paris), \ntitulaire, et Madame Marie -Claude BOISMARTEL, Pr\u00e9sidente de la Formation Personnes \nAg\u00e9es du Conseil D\u00e9partemental de la Citoyennet\u00e9 et de l'Autonomie du Val d'Oise (CDCA \n95), suppl\u00e9ante ; \n\u2022 Monsieur Fabrice DU CHATELET, Membre du Conseil d'Administration de la F\u00e9d\u00e9ration \nSant\u00e9 Habitat (FSH), titulaire, et Madame B\u00e9rang\u00e8re GRISONI, Pr\u00e9sidente de l'association \nCollectif \u00ab morts de la rue \u00bb, suppl\u00e9ante ; \n\u2022 Monsieur Alain LA FORET, Membre du conseil d'administration et du bureau de la F\u00e9d\u00e9ration \nNationale des associations de retrait\u00e9s (FNAR), titulaire, et Monsieur Marc LAVAUD, Vice - \npr\u00e9sident de l'association ACEP, F\u00e9d\u00e9ration Nationale Avenir et Qualit\u00e9 de vie des personnes \n\u00e2g\u00e9es (FNAQPA), suppl\u00e9ant. \n \n \nARTICLE 2 : \n \nSont d\u00e9sign\u00e9s pour si\u00e9ger en qualit\u00e9 de membres permanents avec voix consultative, au titre des \nrepr\u00e9sentants des unions, f\u00e9d\u00e9rations ou groupements repr\u00e9sentatifs des personnes morales \ngestionnaires des \u00e9tablissements et services sociaux et m\u00e9dico-sociaux : \n \n\u25aa Madame Sophie LASCOMBE, titulaire, et Meryem BELKACEMI,  suppl\u00e9ante, repr\u00e9sentantes \nde la F\u00e9d\u00e9ration des acteurs de la solidarit\u00e9 ; \n\u25aa Monsieur Simon BURRUNI, titulaire, et C harlotte LE BRUN , suppl\u00e9ante, repr\u00e9sentants de \nl'Union r\u00e9gionale interf\u00e9d\u00e9rale des \u0153uvres et organismes priv\u00e9s sanitaires et sociaux.  \n \n \nARTICLE 3 : \n \nLe pr\u00e9sent arr\u00eat\u00e9 peut faire l'objet d'un recours devant le tribunal administratif comp\u00e9tent dans le d\u00e9lai \nde deux mois \u00e0 compter de sa publication. \n \nARTICLE 4 : \n \nLe pr\u00e9sent arr\u00eat\u00e9 sera notifi\u00e9 aux membres de la commission et publi\u00e9 aux recueils des actes \nadministratifs des pr\u00e9fectures de la r\u00e9gion \u00cele-de-France. \nAgence R\u00e9gionale de Sant\u00e9 - IDF-2025-12-09-00009 - Arr\u00eat\u00e9 n\u00b02025-0912-2-DSP portant modification de l'arr\u00eat\u00e9 n\u00b0 2024-342 portant\ncomposition de la commission r\u00e9gionale\nd'information et de s\u00e9lection d'appel \u00e0 projet social ou m\u00e9dico-social pour les projets autoris\u00e9s\nen application du b de l'article L. 313-3 du code de l'action sociale et des familles\n8\n3  \nARTICLE 5 : \nLe Directeur g\u00e9n\u00e9ral de l'Agence r\u00e9gionale de sant\u00e9 \u00cele-de-France est charg\u00e9 de l'ex\u00e9cution du \npr\u00e9sent arr\u00eat\u00e9. \n \n \nFait \u00e0 Saint-Denis, le 9 d\u00e9cembre 2025 \nLe Directeur g\u00e9n\u00e9ral \nde l'Agence r\u00e9gionale de sant\u00e9  \n\u00cele-de-France \n \nSign\u00e9 \n \nDenis ROBIN   \nAgence R\u00e9gionale de Sant\u00e9 - IDF-2025-12-09-00009 - Arr\u00eat\u00e9 n\u00b02025-0912-2-DSP portant modification de l'arr\u00eat\u00e9 n\u00b0 2024-342 portant\ncomposition de la commission r\u00e9gionale\nd'information et de s\u00e9lection d'appel \u00e0 projet social ou m\u00e9dico-social pour les projets autoris\u00e9s\nen application du b de l'article L. 313-3 du code de l'action sociale et des familles\n9\nDirection r\u00e9gionale et interd\u00e9partementale de\nl'\u00e9conomie, de l'emploi, du travail et des\nsolidarit\u00e9s d'\u00cele-de-France\nIDF-2025-12-09-00012\nD\u00e9cision n\u00b0 2025-243 du 09 d\u00e9cembre 2025\nportant affectation des agents de contr\u00f4le dans\nles unit\u00e9s de contr\u00f4le et gestion des int\u00e9rims de\nla direction d\u00e9partementale de l'emploi, du\ntravail et des solidarit\u00e9s de Seine-et-Marne\nDirection r\u00e9gionale et interd\u00e9partementale de l'\u00e9conomie, de l'emploi, du travail et des solidarit\u00e9s d'\u00cele-de-France -\nIDF-2025-12-09-00012 - D\u00e9cision n\u00b0 2025-243 du 09 d\u00e9cembre 2025\nportant affectation des agents de contr\u00f4le dans les unit\u00e9s de contr\u00f4le et gestion des int\u00e9rims de la direction d\u00e9partementale de\nl'emploi, du travail et des solidarit\u00e9s de Seine-et-Marne\n10\nMINISTEREDU TRAVAIL |ET DES SOLIDARIT\u00c9SLibert\u00e9Egalit\u00e9Fraternit\u00e9\n \n \nDRIEETS d'Ile de France \n32 rue Jean Jaur\u00e8s \n      93200 SAINT DENIS                                                                                                                                                                                                                  1 / 4 \n \n  \n \nDirection r\u00e9gionale et interd\u00e9partementale \nde l'\u00e9conomie, de l'emploi, \ndu travail et des solidarit\u00e9s \nd'Ile de France \n \n \n \n \nD\u00e9cision n\u00b0 2025-243 du 09 d\u00e9cembre 2025 \nportant affectation des agents de contr\u00f4le dans les unit\u00e9s de contr\u00f4le et gestion des int\u00e9rims de la \ndirection d\u00e9partementale de l'emploi, du travail et des solidarit\u00e9s de Seine -et-Marne \n \n \n \nLe directeur r\u00e9gional de l'\u00e9conomie, de l'emploi, du travail et des solidarit\u00e9s de la r\u00e9gion Ile-de-France, \n \nVu le code du travail, notamment ses articles R. 8122-1 et suivants.  \n \nVu le d\u00e9cret n\u00b0 2020 -1545 du 9 d\u00e9cembre 2020 relatif \u00e0 l'organisation et aux missions des directions r\u00e9gionales \nde l'\u00e9conomie, de l'emploi, du travail et des solidarit\u00e9s, des directions d\u00e9partementales de l'emploi, du travail et \ndes solidarit\u00e9s et des directions d\u00e9partementales de l'emploi, du travail, des solidarit\u00e9s et de la protection des \npopulations, \n \nVu l'arr\u00eat\u00e9 interminist\u00e9riel du 12 ao\u00fbt  2025 nommant Monsieur Fabrice MASI  directeur r\u00e9gional et \ninterd\u00e9partemental de l'\u00e9conomie, de l'emploi, du travail et des solidarit\u00e9s d'\u00cele-de-France, \u00e0 compter du 25 ao\u00fbt \n2025, \n \nVu l'arr\u00eat\u00e9 minist\u00e9riel du 25 mars 2024 portant cr\u00e9ation et r\u00e9partition des unit\u00e9s de contr\u00f4le de l'inspection du \ntravail,  \n \nVu la d\u00e9cision n\u00b0 2025 -237 du 24 novembre 2025  relative \u00e0 la localisation et \u00e0 la d\u00e9limitation des unit\u00e9s de \ncontr\u00f4le et des sections d'inspection du travail de la direction d\u00e9partementale de l'emploi, du travail et des \nsolidarit\u00e9s de Seine-et-Marne \n \nD\u00c9CIDE \n \nArticle 1er  \n \nSans pr\u00e9judice des dispositions de l'article R.8122 -10 du code du travail et conform\u00e9ment aux dispositions de \nl'article R.8122-11 du code du travail, sont affect\u00e9s dans les sections d'inspection de la direction d\u00e9partementale \nde l'emploi, du travail et des solidarit\u00e9s de Seine et Marne les agents suivants : \nUnit\u00e9 de contr\u00f4le N\u00b0 1  \nsise 3 rue de la Galmy CS 10582 77701 Marne la Vall\u00e9e Cedex 4 \n \nResponsable de l'unit\u00e9 de contr\u00f4le : Monsieur Jean-Baptiste LY VAN TU, Directeur adjoint du travail  \n \nSection 1-01 A : Madame Pauline LEFEVRE, Inspectrice du travail \n \nSection 1-02 : Madame Laetitia HENNOUS, Inspectrice du travail \n \nSection 1-03 : Madame Ellouna BENELMOUFFOK, Inspectrice du travail \n \nSection 1-04 : Madame Nolwenn LE YOUDEC, Inspectrice du travail \n \nDirection r\u00e9gionale et interd\u00e9partementale de l'\u00e9conomie, de l'emploi, du travail et des solidarit\u00e9s d'\u00cele-de-France -\nIDF-2025-12-09-00012 - D\u00e9cision n\u00b0 2025-243 du 09 d\u00e9cembre 2025\nportant affectation des agents de contr\u00f4le dans les unit\u00e9s de contr\u00f4le et gestion des int\u00e9rims de la direction d\u00e9partementale de\nl'emploi, du travail et des solidarit\u00e9s de Seine-et-Marne\n11\n \n \n2 / 4 \nSection 1-05 TF et Fl : Madame Juliette MATHIEU, Inspectrice du travail \n \nSection 1-06 : Monsieur Alexis COSTES, Inspecteur du travail  \n \nSection 1-07 : Mme Aur\u00e9lie BELLENGER, Inspectrice du travail \n \nSection 1-08 TR : Monsieur Karim BOURAS, Inspecteur du travail \nUnit\u00e9 de contr\u00f4le N\u00b0 2  \nsise 3 rue de la Galmy CS 10582 77701 Marne la Vall\u00e9e Cedex 4 \n \nResponsable de l'unit\u00e9 de contr\u00f4le : Poste vacant \n \nMonsieur R\u00e9gis PERROT, Directeur du travail, est en charge de l'int\u00e9rim du poste \n \nSection 2-01 : Monsieur Thomas SALGADO, Inspecteur du travail \n \nSection 2-02 : Section vacante  \n \nMonsieur Jean-Baptiste LY VAN TU Directeur adjoint du travail assumant les fonctions d'inspecteur du travail est \nen charge de l'int\u00e9rim de la section \n \nSection 2-03 :  Madame Ga\u00eblle BOTZUNG, Inspectrice du travail \n \nSection 2-04 : Monsieur L\u00e9o BOURSIER, Inspecteur du travail \n \nSection 2-05 T : Madame Carmen ZIEGLER, Inspectrice du travail \n \nSection 2-06 : Madame Mathilde MALHER, Inspectrice du travail  \n \nSection 2-07 : Madame Marine DESMORTIERS, Inspectrice du travail \n \nSection 2-08 A : Madame Christine GHIZZONI, Inspectrice du travail  \n \nEn cas d'absence ou d'emp\u00eachement de Madame Christine GHIZZONI, l'int\u00e9rim  de la section  est assur\u00e9 par \nMonsieur Thomas SALGADO, Inspecteur du travail \nUnit\u00e9 de contr\u00f4le N\u00b0 3  \n20 quai Hippolyte Rossignol 77011 Melun cedex \n \nResponsable de l'unit\u00e9 de contr\u00f4le : Monsieur Rapha\u00ebl SEROUR, Directeur adjoint du travail \n \nSection 3-01 : Madame No\u00e9mie CHASSARD, Inspectrice du travail \n \nSection 3-02 : Madame Evelyne ZOUBICOU, Inspectrice du travail \n \nSection 3-03 : Madame Nathalie BARBERYE, Inspectrice du travail \n \nSection 3-04 : Madame Cl\u00e9lia SCALI, Inspectrice du travail \n \nSection 3-5 : Monsieur Miguel REVES, Inspecteur du travail \n  \nSection 3-6 A :  Madame Laura TERROBA, Inspectrice du travail \n \nSection3-07 T : Madame Ingrid LAWSON, Inspectrice du travail \n \nSection3-08 : Madame Amandine BARON-ALECI, Inspectrice du travail \n \nDirection r\u00e9gionale et interd\u00e9partementale de l'\u00e9conomie, de l'emploi, du travail et des solidarit\u00e9s d'\u00cele-de-France -\nIDF-2025-12-09-00012 - D\u00e9cision n\u00b0 2025-243 du 09 d\u00e9cembre 2025\nportant affectation des agents de contr\u00f4le dans les unit\u00e9s de contr\u00f4le et gestion des int\u00e9rims de la direction d\u00e9partementale de\nl'emploi, du travail et des solidarit\u00e9s de Seine-et-Marne\n12\n \n \n3 / 4 \nUnit\u00e9 de contr\u00f4le N\u00b0 4  \n20 quai Hippolyte Rossignol 77011 Melun cedex \n \nResponsable de l'unit\u00e9 de contr\u00f4le : Poste vacant \n \nMonsieur Rapha\u00ebl SEROUR, Directeur adjoint du travail, est en charge de l'int\u00e9rim du poste \n \nSection 4-01A : Madame Karine PAUVERT, Contr\u00f4leuse du Travail  \n \nMadame Caroline ROUSSEAU, Inspectrice du travail, est en charge du contr\u00f4le des \u00e9tablissements d'au moins 50 \nsalari\u00e9s.  \n \nConform\u00e9ment aux dispositions de l'article R. 8122-11 1\u00b0 du code du travail, Madame Caroline ROUSSEAU exerce \nles pouvoirs de d\u00e9cision administrative relevant de la comp\u00e9tence exclusive d'un inspecteur du travail. \n \nSection 4-02: Madame Nadia DIOP, Inspectrice du travail \n \nSection 4-03 : Monsieur Raphael PREAU, Inspecteur du travail \n \nSection 4-04 : Madame Mathilde HERMIER, Inspectrice du travail \n \nSection 4-05 F : Madame Charlotte ALLAIRE, Inspectrice du travail. \n \nSection 4-06 : Madame Maud HABERT, Inspectrice du travail \n \nSection 4-07 : Madame Caroline ROUSSEAU, Inspectrice du travail  \n \nSection 4-08 T : Madame Karine MEDAILLE, Inspectrice du travail \n \nSection 4-09 : Monsieur Anthony TRAVERT, Inspecteur du travail \n \n \nArticle 2 \n \nEn cas d'absence ou d'emp\u00eachement d'un ou d'une responsable d'unit\u00e9 de contr\u00f4le d\u00e9sign\u00e9s \u00e0 l'article 1 ci-dessus, \nl'int\u00e9rim sera assur\u00e9 par un ou une autre responsable d'unit\u00e9 de contr\u00f4le de la Direction d\u00e9partementale de \nl'emploi du travail et des solidarit\u00e9s de Seine et Marne. \n \nEn cas d'absence ou d'emp\u00eachement d'un inspecteur ou d'une inspectrice du travail, l'int\u00e9rim sera \nprioritairement assur\u00e9 par un inspecteur ou inspectrice du travail affect\u00e9(e) dans la m\u00eame unit\u00e9 de contr\u00f4le ou \u00e0 \nd\u00e9faut une autre unit\u00e9 de contr\u00f4le ou par un  responsable d'unit\u00e9 de contr\u00f4le dans la m\u00eame ou une autre unit\u00e9 \nde contr\u00f4le. \n \nEn cas d'absence ou d'emp\u00eachement d'un contr\u00f4leur ou d'une contr\u00f4leuse du travail, l'int\u00e9rim sera assur\u00e9 par un \ncontr\u00f4leur ou contr\u00f4leuse du travail affect\u00e9(e) dans la m\u00eame unit\u00e9 de contr\u00f4le et, en cas d'absence ou \nd'emp\u00eachement de celui-ci ou de celle-ci, par un contr\u00f4leur ou une contr\u00f4leuse du travail affect\u00e9(e) sur l'une des \nautres unit\u00e9s de contr\u00f4le ou, en cas d'absence ou d'emp\u00eachement, par un inspecteur du travail ou d'une \ninspectrice du travail affect\u00e9(e) dans la m\u00eame unit\u00e9 de contr\u00f4le ou une autre u nit\u00e9 de contr\u00f4le ou par un \nresponsable d'unit\u00e9 de contr\u00f4le dans la m\u00eame ou une autre unit\u00e9 de contr\u00f4le. \n \n \nArticle 3  \n \nConform\u00e9ment aux dispositions de l'article R.8122 -10 du code du travail, les agents mentionn\u00e9s \u00e0 l'article 1 \nparticipent lorsque l'action le rend n\u00e9cessaire aux actions d'inspection de la l\u00e9gislation du travail sur le territoire \nde la direction d\u00e9partementale de l'emploi du travail et des solidarit\u00e9s de Seine et Marne \u00e0 laquelle est rattach\u00e9e \nl'Unit\u00e9 de contr\u00f4le o\u00f9 ils sont affect\u00e9s. \n \n \n \n \nDirection r\u00e9gionale et interd\u00e9partementale de l'\u00e9conomie, de l'emploi, du travail et des solidarit\u00e9s d'\u00cele-de-France -\nIDF-2025-12-09-00012 - D\u00e9cision n\u00b0 2025-243 du 09 d\u00e9cembre 2025\nportant affectation des agents de contr\u00f4le dans les unit\u00e9s de contr\u00f4le et gestion des int\u00e9rims de la direction d\u00e9partementale de\nl'emploi, du travail et des solidarit\u00e9s de Seine-et-Marne\n13\n \n \n4 / 4 \n \nArticle 4 \n \nLa d\u00e9cision n\u00b0 2025-201 du 24 octobre 2025 portant affectation des agents de contr\u00f4le dans les unit\u00e9s de contr\u00f4le \net gestion des int\u00e9rims de la direction d\u00e9partementale de l'emploi, du travail et des solidarit\u00e9s de Seine et Marne, \nest abrog\u00e9e. \n \n \nArticle 5 \n \nLa pr\u00e9sente d\u00e9cision prend effet \u00e0 la date de sa publication. \n \n \nArticle 6 \n \nLe directeur r\u00e9gional et interd\u00e9partemental de l'\u00e9conomie, de l'emploi, du travail et des solidarit\u00e9s d'Ile-de-France \nest charg\u00e9 de l'application de la pr\u00e9sente d\u00e9cision, qui sera publi\u00e9e au recueil des actes administratifs de la r\u00e9gion \nIle-de-France. \n \n \n \nFait \u00e0 Saint Denis, le 09 d\u00e9cembre 2025 \n \nLe directeur r\u00e9gional et interd\u00e9partemental de l'\u00e9conomie, de \nl'emploi, du travail et des solidarit\u00e9s de la r\u00e9gion Ile-de-France, \n \nSIGNE \n \n \nFabrice MASI \nDirection r\u00e9gionale et interd\u00e9partementale de l'\u00e9conomie, de l'emploi, du travail et des solidarit\u00e9s d'\u00cele-de-France -\nIDF-2025-12-09-00012 - D\u00e9cision n\u00b0 2025-243 du 09 d\u00e9cembre 2025\nportant affectation des agents de contr\u00f4le dans les unit\u00e9s de contr\u00f4le et gestion des int\u00e9rims de la direction d\u00e9partementale de\nl'emploi, du travail et des solidarit\u00e9s de Seine-et-Marne\n14\nDirection r\u00e9gionale et interd\u00e9partementale de\nl'\u00e9conomie, de l'emploi, du travail et des\nsolidarit\u00e9s d'\u00cele-de-France\nIDF-2025-12-09-00011\nD\u00e9cision n\u00b0 2025-244 du 09 d\u00e9cembre 2025\nportant affectation des agents de contr\u00f4le dans\nles unit\u00e9s de contr\u00f4le et gestion des int\u00e9rims de\nl'unit\u00e9 d\u00e9partementale de Paris de la DRIEETS\nd'Ile-de-France\nDirection r\u00e9gionale et interd\u00e9partementale de l'\u00e9conomie, de l'emploi, du travail et des solidarit\u00e9s d'\u00cele-de-France -\nIDF-2025-12-09-00011 - D\u00e9cision n\u00b0 2025-244 du 09 d\u00e9cembre 2025\nportant affectation des agents de contr\u00f4le dans les unit\u00e9s de contr\u00f4le et gestion des int\u00e9rims de l'unit\u00e9 d\u00e9partementale de Paris de la\nDRIEETS d'Ile-de-France\n15\n| |MINISTEREDU TRAVAILET DES SOLIDARITESLibert\u00e9Egalit\u00e9Fraternit\u00e9\n \nDirection r\u00e9gionale et interd\u00e9partementale \nde l'\u00e9conomie, de l'emploi, \ndu travail et des solidarit\u00e9s \nd'Ile-de-France \n \n \n \nDRIEETS Ile de France                                                                                                                                                                                                 1 / 8                                  \n32 rue Jean Jaur\u00e8s \n93200 SAINT-DENIS \n \nD\u00e9cision n\u00b0 2025 \u2013244 du 09 d\u00e9cembre 2025 \nportant affectation des agents de contr\u00f4le dans les unit\u00e9s de contr\u00f4le et gestion des int\u00e9rims \n de l'unit\u00e9 d\u00e9partementale de Paris de la DRIEETS d'Ile-de-France \n \nLe directeur r\u00e9gional de l'\u00e9conomie, de l'emploi, du travail et des solidarit\u00e9s de la r\u00e9gion d'Ile -de-France,  \n \nVu le code du travail, notamment ses articles R 8122-1 et suivants,  \n \nVu l'arr\u00eat\u00e9 interminist\u00e9riel du 12 ao\u00fbt 2025 nommant M.  Fabrice MASI directeur r\u00e9gional et \ninterd\u00e9partemental de l'\u00e9conomie, de l'emploi, du travail et  des solidarit\u00e9s d'\u00cele-de-France, \u00e0 compter du \n25 ao\u00fbt 2025, \n \nVu l'arr\u00eat\u00e9 minist\u00e9riel du 25 mars 2024 portant cr\u00e9ation et r\u00e9partition des unit\u00e9s de contr\u00f4le de \nl'inspection du travail,  \n \nVu la d\u00e9cision n\u00b0 2025 -021 du 6 f\u00e9vrier 2025 du directeur r\u00e9gional et interd\u00e9partemental de l'\u00e9conomie, \nde l'emploi, du travail et des solidarit\u00e9s d'Ile de France relative \u00e0 la localisation et \u00e0 la d\u00e9limitation des \nunit\u00e9s de contr\u00f4le et des sections d'inspection du travail de l'unit\u00e9 d\u00e9partementale de Paris,  \n \n \nD\u00c9CIDE \n \nArticle 1 : Les inspecteurs et contr\u00f4leurs du travail sont charg\u00e9s des actions d'inspection de la l\u00e9gislation \ndu travail dans les entreprises relevant des sections d'inspection du travail composant les unit\u00e9s de \ncontr\u00f4le du d\u00e9partement de Paris,  tel que d\u00e9fini dans le tableau des affectations, d'int\u00e9rims et de \nsuppl\u00e9ances des sections, r\u00e9f\u00e9renc\u00e9s dans la colonne A de l'annexe en vigueur.  \n \nArticle 2  : les agents du corps de l'inspection du travail sont charg\u00e9s de l'int\u00e9rim des postes soit non \npourvus, soit vacants en raison de l'absence de longue dur\u00e9e de leur titulaire, tel que d\u00e9fini dans le \ntableau des affectations, d'int\u00e9rims et de suppl\u00e9ances des sections, r\u00e9f\u00e9renc\u00e9s dans la colonne B de \nl'annexe en vigueur. \n \nArticle 3  : Conform\u00e9ment aux dispositions de l'article R.8122 -11-1\u00b0 du code du travail, les pouvoirs de \nd\u00e9cision administrative relevant de la comp\u00e9tence exclusive d'un inspecteur du travail sont confi\u00e9s aux \ninspecteurs du travail mentionn\u00e9 tel que d\u00e9fini dans le tableau des affectations, d'int\u00e9rims et de \nsuppl\u00e9ances des sections, r\u00e9f\u00e9renc\u00e9s dans la colonne C de l'annexe en vigueur.  \n \nEn cas d'absence ou d'emp\u00eachement d'un inspecteur mentionn\u00e9 \u00e0 l'annexe en vigueur, le pouvoir de \nd\u00e9cision est assur\u00e9 par l'inspecteur charg\u00e9 d'assurer l'int\u00e9rim de celui -ci en application de l'article 5. \n \nArticle 4 : Conform\u00e9ment aux dispositions de l'article R.8122 -11-2\u00b0 du code du travail, le contr\u00f4le de tout \nou partie des \u00e9tablissements d'au moins cinquante salari\u00e9s qui ne serait pas assur\u00e9 par les contr\u00f4leurs du \ntravail est confi\u00e9 aux inspecteurs du travail tel que d\u00e9fini dans le tableau des affectations, d'int\u00e9rims et \nde suppl\u00e9ances des sections, r\u00e9f\u00e9renc\u00e9s dans la colonne D et E de l'annexe en vigueur.  \nDirection r\u00e9gionale et interd\u00e9partementale de l'\u00e9conomie, de l'emploi, du travail et des solidarit\u00e9s d'\u00cele-de-France -\nIDF-2025-12-09-00011 - D\u00e9cision n\u00b0 2025-244 du 09 d\u00e9cembre 2025\nportant affectation des agents de contr\u00f4le dans les unit\u00e9s de contr\u00f4le et gestion des int\u00e9rims de l'unit\u00e9 d\u00e9partementale de Paris de la\nDRIEETS d'Ile-de-France\n16\n  \n                                                                                                                                                                                                                              2 / 8 \n \n \n \nArticle 5  : En cas de vacance de poste, d'absence ou d'emp\u00eachement pour une dur\u00e9e inf\u00e9rieure \u00e0 un \nmois d'un ou plusieurs agents de contr\u00f4le d\u00e9sign\u00e9s \u00e0 l'article 1 ci -dessus, l'int\u00e9rim est organis\u00e9 selon les \nmodalit\u00e9s ci-apr\u00e8s : \n \nUnit\u00e9 de contr\u00f4le des 1er et 2\u00e8 arrondissements : UC 01-02 \n \nL'int\u00e9rim du responsable de l'unit\u00e9 de contr\u00f4le est assur\u00e9 par l'un des responsables des unit\u00e9s de \ncontr\u00f4le des 3 \u00e8, 4 \u00e8 et 11 \u00e8 arrondissements, du 9 \u00e8arrondissement, des 10 \u00e8 et 18 \u00e8 arrondissements, du 12 \u00e8 \narrondissement, du 17\u00e8, des 19\u00e8 et 20\u00e8 arrondissements ou des transports. \n \nL'int\u00e9rim des inspecteurs du travail est assur\u00e9 par l'un des inspecteurs de l'unit\u00e9 de contr\u00f4le des 1 er et 2\u00e8 \narrondissements ou en cas de vacance temporaire, d'absence ou d'emp\u00eachement simultan\u00e9s, par un des \ninspecteurs du travail de l'unit\u00e9 de contr\u00f4le des 3 \u00e8, 4\u00e8 et 11\u00e8 arrondissements, du 12 \u00e8 arrondissement ou \nde l'unit\u00e9 de contr\u00f4le des 19\u00e8 et 20\u00e8 arrondissements, ou par le responsable de l'unit\u00e9 de contr\u00f4le. \n \nUnit\u00e9 de contr\u00f4le des 3\u00e8, 4\u00e8 et 11\u00e8 arrondissements : UC 03-04-11 \n \nL'int\u00e9rim du responsable de l'unit\u00e9 de contr\u00f4le est assur\u00e9 par l'un des responsables des unit\u00e9s de \ncontr\u00f4le des 1 er et 2 \u00e8 arrondissements, du 9 \u00e8 arrondissement, des 10 \u00e8 et 18 \u00e8 arrondissements, du 12 \u00e8 \narrondissement, du 17\u00e8, des 19\u00e8 et 20\u00e8 arrondissements ou des transports. \n \nL'int\u00e9rim des inspecteurs du travail est assur\u00e9 par l'un des inspecteurs de l'unit\u00e9 de contr\u00f4le des 3 \u00e8, 4\u00e8 et \n11\u00e8 arrondissements ou en cas de vacance temporaire, d'absence ou d'emp\u00eachement simultan\u00e9s, par un \ndes inspecteurs du travail des unit\u00e9s de contr\u00f4le 1 er et 2\u00e8 arrondissements, du 12 \u00e8 arrondissement ou des \n19\u00e8 et 20\u00e8 arrondissements, ou par le responsable de l'unit\u00e9 de contr\u00f4le.  \n \nL'int\u00e9rim du contr\u00f4leur du travail est assur\u00e9 par l'un des agents de contr\u00f4le de l'unit\u00e9 de contr\u00f4le des 3 \u00e8, \n4\u00e8 et 11\u00e8 arrondissements ou en cas de vacance temporaire, d'absence ou d'emp\u00eachement simultan\u00e9s, \npar un des agents de contr\u00f4le des unit\u00e9s de contr\u00f4le des 1 er et 2\u00e8 arrondissements, du 12\u00e8 arrondissement \nou des 19\u00e8 et 20\u00e8 arrondissements. \n \nUnit\u00e9 de contr\u00f4le des 5\u00e8s, 6\u00e8 et 7\u00e8 arrondissements : UC 05-06-07 \n \nL'int\u00e9rim du responsable de l'unit\u00e9 de contr\u00f4le est assur\u00e9 par l'un des responsables des unit\u00e9s de \ncontr\u00f4le du 8 \u00e8 arrondissement, des 13\u00e8 et  14\u00e8 arrondissements, du 15\u00e8 ou 16-\u00e8 arrondissement.  \n \nL'int\u00e9rim des inspecteurs du travail est assur\u00e9 par l'un des inspecteurs de l'unit\u00e9 de contr\u00f4le des 5 \u00e8, 6\u00e8 et \n7\u00e8 arrondissements ou en cas de vacance temporaire, d'absence ou d'emp\u00eachement simultan\u00e9s, par un \ndes inspecteurs du travail des unit\u00e9s de contr\u00f4le des 10 \u00e8 et 18\u00e8 arrondissements, du 17 \u00e8 arrondissement \nou des transports, ou par le responsable de l'unit\u00e9 de contr\u00f4le.  \n \nUnit\u00e9 de contr\u00f4le du 8\u00e8 arrondissement : UC 08 \n \nL'int\u00e9rim du responsable de l'unit\u00e9 de contr\u00f4le est assur\u00e9 par l'un des responsables des unit\u00e9s de \ncontr\u00f4le des 5\u00e8, 6\u00e8 et 7\u00e8 arrondissements, des 13\u00e8 et 14\u00e8 arrondissements, du 15\u00e8 ou 16\u00e8 arrondissement. \n \nL'int\u00e9rim des inspecteurs du travail est assur\u00e9 par l'un des inspecteurs de l'unit\u00e9 de contr\u00f4le du 8 \u00e8 \narrondissement ou en cas de vacance temporaire, d'absence ou d'emp\u00eachement simultan\u00e9s, par un des \ninspecteurs du travail de l'unit\u00e9 de contr\u00f4le du 9 \u00e8 arrondissement, ou par le responsable de l'unit\u00e9 de \ncontr\u00f4le. \n \nDirection r\u00e9gionale et interd\u00e9partementale de l'\u00e9conomie, de l'emploi, du travail et des solidarit\u00e9s d'\u00cele-de-France -\nIDF-2025-12-09-00011 - D\u00e9cision n\u00b0 2025-244 du 09 d\u00e9cembre 2025\nportant affectation des agents de contr\u00f4le dans les unit\u00e9s de contr\u00f4le et gestion des int\u00e9rims de l'unit\u00e9 d\u00e9partementale de Paris de la\nDRIEETS d'Ile-de-France\n17\n  \n                                                                                                                                                                                                                              3 / 8 \n \n \nL'int\u00e9rim du contr\u00f4leur du travail est assur\u00e9 par l'un des agents de contr\u00f4le de l'unit\u00e9 de contr\u00f4le du 8 \u00e8 \narrondissement ou en cas de vacance temporaire, d'absence ou d'emp\u00eachement simultan\u00e9s, par un des \nagents de contr\u00f4le de l'unit\u00e9 de contr\u00f4le du 9\u00e8 arrondissement. \n \nUnit\u00e9 de contr\u00f4le du 9\u00e8 arrondissement : UC 09 \n \nL'int\u00e9rim du responsable de l'unit\u00e9 de contr\u00f4le est assur\u00e9 par l'un des responsables des unit\u00e9s de \ncontr\u00f4le des 1er et 2\u00e8 arrondissements, des 10\u00e8 et 18\u00e8 arrondissements, du 12 \u00e8 arrondissement, du 17\u00e8, des \n19\u00e8 et 20\u00e8 arrondissements ou des transports. \nL'int\u00e9rim des inspecteurs du travail est assur\u00e9 par l'un des inspecteurs de l'unit\u00e9 de contr\u00f4le du 9 \u00e8 \narrondissement ou en cas de vacance temporaire, d'absence ou d'emp\u00eachement simultan\u00e9s, par un des \ninspecteurs du travail de l'unit\u00e9 de contr\u00f4le du 8 \u00e8 arrondissement, ou par le responsable de l'unit\u00e9 de \ncontr\u00f4le. \n \nL'int\u00e9rim du contr\u00f4leur du travail est assur\u00e9 par l'un des agents de contr\u00f4le de l'unit\u00e9 de contr\u00f4le du 9 \u00e8 \narrondissement ou en cas de vacance temporaire, d'absence ou d'emp\u00eachement simultan\u00e9s, par un des \nagents de contr\u00f4le de l'unit\u00e9 de contr\u00f4le du 8\u00e8 arrondissement. \n \nUnit\u00e9 de contr\u00f4le des 10\u00e8 et 18\u00e8 arrondissements : UC 10-18 \n \nL'int\u00e9rim du responsable de l'unit\u00e9 de contr\u00f4le est assur\u00e9 par l'un des responsables des unit\u00e9s de \ncontr\u00f4le des 1 er et 2 \u00e8 arrondissements, des 3 \u00e8, 4 \u00e8 et 11 \u00e8 arrondissements, du 9 \u00e8 arrondissement, du 12 \u00e8 \narrondissement, du 17\u00e8, des 19\u00e8 et 20\u00e8 arrondissements ou des transports. \n \nL'int\u00e9rim des inspecteurs du travail est assur\u00e9 par l'un des inspecteurs de l'unit\u00e9 de contr\u00f4le des 10 \u00e8 et 18\u00e8 \narrondissements ou en cas de vacance temporaire, d'absence ou d'emp\u00eachement simultan\u00e9s, par un des \ninspecteurs du travail des unit\u00e9s de contr\u00f4le du 9 \u00e8 arrondissement, du 17 \u00e8 arrondissement ou des \ntransports, ou par le responsable de l'unit\u00e9 de contr\u00f4le. \n \nUnit\u00e9 de contr\u00f4le du 12\u00e8 arrondissement : UC 12 \n \nL'int\u00e9rim du responsable de l'unit\u00e9 de contr\u00f4le est assur\u00e9 par l'un des responsables des unit\u00e9s de \ncontr\u00f4le des 1er et 2\u00e8 arrondissements, des 3 \u00e8, 4\u00e8 et 11\u00e8 arrondissements, du 9 \u00e8 arrondissement, des 10 \u00e8 et \n18\u00e8 arrondissements, du 17\u00e8, des 19\u00e8 et 20\u00e8 arrondissements ou des transports. \n \nL'int\u00e9rim des inspecteurs du travail est assur\u00e9 par l'un des inspecteurs de l'unit\u00e9 de contr\u00f4le du 12 \u00e8 \narrondissement ou en cas de vacance temporaire, d'absence ou d'emp\u00eachement simultan\u00e9s, par un des \ninspecteurs du travail des unit\u00e9s de contr\u00f4le des 1 ers et 2 \u00e8 arrondissements, des 3 \u00e8, 4 \u00e8 et 11 \u00e8 \narrondissements, des 10 \u00e8 et 18 \u00e8 et 17 \u00e8, 19\u00e8 et 20 \u00e8 arrondissements, ou par le responsable de l'unit\u00e9 de \ncontr\u00f4le. \n \nUnit\u00e9 de contr\u00f4le des 13\u00e8 et 14\u00e8 arrondissements : UC 13-14 \n \nL'int\u00e9rim du responsable de l'unit\u00e9 de contr\u00f4le est assur\u00e9 par l'un des responsables des unit\u00e9s de \ncontr\u00f4le du 15\u00e8, du 16\u00e8 arrondissement, du 8 \u00e8 arrondissement ou des 5 \u00e8, 6\u00e8 et 7\u00e8 arrondissements, ou par \nla directrice du secteur sud. \n \nL'int\u00e9rim des inspecteurs du travail est assur\u00e9 par l'un des inspecteurs de l'unit\u00e9 de contr\u00f4le du 13 \u00e8 et 14\u00e8 \narrondissement ou en cas de vacance temporaire, d'absence ou d'emp\u00eachement simultan\u00e9s, par un des \ninspecteurs du travail des unit\u00e9s de contr\u00f4le du 15\u00e8 arrondissement, ou du 16\u00e8 arrondissement.  \n \n \n \nDirection r\u00e9gionale et interd\u00e9partementale de l'\u00e9conomie, de l'emploi, du travail et des solidarit\u00e9s d'\u00cele-de-France -\nIDF-2025-12-09-00011 - D\u00e9cision n\u00b0 2025-244 du 09 d\u00e9cembre 2025\nportant affectation des agents de contr\u00f4le dans les unit\u00e9s de contr\u00f4le et gestion des int\u00e9rims de l'unit\u00e9 d\u00e9partementale de Paris de la\nDRIEETS d'Ile-de-France\n18\n  \n                                                                                                                                                                                                                              4 / 8 \n \n \n \nUnit\u00e9 de contr\u00f4le du 15\u00e8 arrondissement : UC 15 \n \nL'int\u00e9rim du responsable de l'unit\u00e9 de contr\u00f4le est assur\u00e9 par l'un des responsables des unit\u00e9s de \ncontr\u00f4le, des 13\u00e8 et 14\u00e8 arrondissements, du 16 \u00e8 arrondissement, du 8 \u00e8 arrondissement ou des 5 \u00e8, 6\u00e8 et 7\u00e8 \narrondissements  \n \nL'int\u00e9rim des inspecteurs du travail est assur\u00e9 par l'un des inspecteurs de l'unit\u00e9 de contr\u00f4le du 15 \u00e8 \narrondissement ou en cas de vacance temporaire, d'absence ou d'emp\u00eachement simultan\u00e9s, par un des \ninspecteurs du travail des unit\u00e9s de contr\u00f4le des 13 \u00e8 et 14\u00e8 arrondissements, ou du 16\u00e8 arrondissement, ou \npar le responsable de l'unit\u00e9 de contr\u00f4le. \n \nUnit\u00e9 de contr\u00f4le du 16\u00e8 arrondissement : UC 16 \n \nL'int\u00e9rim du responsable de l'unit\u00e9 de contr\u00f4le est assur\u00e9 par l'un des responsables des unit\u00e9s de \ncontr\u00f4le des 13 \u00e8 et 14\u00e8 arrondissements, du 15 \u00e8 arrondissement, du 8 \u00e8 arrondissement ou des 5 \u00e8, 6\u00e8 et 7\u00e8 \narrondissements. \n \nL'int\u00e9rim des inspecteurs du travail est assur\u00e9 par l'un des inspecteurs de l'unit\u00e9 de contr\u00f4le du 16 \u00e8 \narrondissement ou en cas de vacance temporaire, d'absence ou d'emp\u00eachement simultan\u00e9s, par un des \ninspecteurs du travail des unit\u00e9s de contr\u00f4le des 13 \u00e8 et 14\u00e8 arrondissements, ou du 15\u00e8 arrondissement, ou \npar le responsable de l'unit\u00e9 de contr\u00f4le. \n \nUnit\u00e9 de contr\u00f4le du 17\u00e8 arrondissement : UC 17 \n \nL'int\u00e9rim du responsable de l'unit\u00e9 de contr\u00f4le est assur\u00e9 par l'un des responsables des unit\u00e9s de \ncontr\u00f4le des 1 er et 2\u00e8 arrondissements, des 3 \u00e8, 4\u00e8 et 11\u00e8 arrondissements, du 9 \u00e8arrondissement, des 10 \u00e8 et \n18\u00e8 arrondissements, du 12\u00e8 ; des 19\u00e8 et 20\u00e8 arrondissements ou des transports. \n \nL'int\u00e9rim des inspecteurs du travail est assur\u00e9 par l'un des inspecteurs de l'unit\u00e9 de contr\u00f4le du 17 \u00e8 \narrondissement ou en cas de vacance temporaire, d'absence ou d'emp\u00eachement simultan\u00e9s, par un des \ninspecteurs du travail des unit\u00e9s de contr\u00f4le du 9 \u00e8 arrondissement, des 10 \u00e8 et 18\u00e8 ; du 12\u00e8 ; des 19 \u00e8 et 20\u00e8 \narrondissement ou des transports, ou par le responsable de l'unit\u00e9 de contr\u00f4le.  \n \nUnit\u00e9 de contr\u00f4le des 19\u00e8 et 20\u00e8 arrondissements : UC 19-20 \n \nL'int\u00e9rim du responsable de l'unit\u00e9 de contr\u00f4le est assur\u00e9 par l'un des responsables des unit\u00e9s de \ncontr\u00f4le des 1er et 2\u00e8 arrondissements, des 3 \u00e8, 4\u00e8 et 11\u00e8 arrondissements, du 9 \u00e8 arrondissement, des 10 \u00e8 et \n18\u00e8 arrondissements, du 12\u00e8 arrondissement, du 17\u00e8 arrondissement ou des transports. \n \nL'int\u00e9rim des inspecteurs du travail est assur\u00e9 par l'un des inspecteurs de l'unit\u00e9 de contr\u00f4le des 19 \u00e8 et \n20\u00e8 arrondissements ou en cas de vacance temporaire, d'absence ou d'emp\u00eachement simultan\u00e9s, par un \ndes inspecteurs du travail des unit\u00e9s de contr\u00f4le des 1 er et 2 \u00e8 arrondissements, des 3 \u00e8, 4 \u00e8 et 11 \u00e8 \narrondissements ou du 12\u00e8 arrondissement, ou par le responsable de l'unit\u00e9 de contr\u00f4le.  \n \nL'int\u00e9rim du contr\u00f4leur du travail est assur\u00e9 par l'un des agents de contr\u00f4le de l'unit\u00e9 de contr\u00f4le des 19 \u00e8 \net 20\u00e8 arrondissements ou en cas de vacance temporaire, d'absence ou d'emp\u00eachement simultan\u00e9s, par \nun des agents de contr\u00f4le des unit\u00e9s de contr\u00f4le  des 1 er et 2 \u00e8 arrondissements, 3 \u00e8, 4 \u00e8 et 11 \u00e8 \narrondissements ou du 12\u00e8 arrondissement. \n \n \n \n \nDirection r\u00e9gionale et interd\u00e9partementale de l'\u00e9conomie, de l'emploi, du travail et des solidarit\u00e9s d'\u00cele-de-France -\nIDF-2025-12-09-00011 - D\u00e9cision n\u00b0 2025-244 du 09 d\u00e9cembre 2025\nportant affectation des agents de contr\u00f4le dans les unit\u00e9s de contr\u00f4le et gestion des int\u00e9rims de l'unit\u00e9 d\u00e9partementale de Paris de la\nDRIEETS d'Ile-de-France\n19\n  \n                                                                                                                                                                                                                              5 / 8 \n \n \n \nUnit\u00e9 de contr\u00f4le Transport : UC TR \n \nL'int\u00e9rim du responsable de l'unit\u00e9 de contr\u00f4le est assur\u00e9 par l'un des responsables des unit\u00e9s de \ncontr\u00f4le des 1 er et 2\u00e8 arrondissements, des 3 \u00e8, 4\u00e8 et 11\u00e8 arrondissements, du 9 \u00e8arrondissement, des 10 \u00e8 et \n18\u00e8 arrondissements, du 12\u00e8 arrondissement, du 17\u00e8 arrondissement ou des 19\u00e8 et 20\u00e8 arrondissements. \n \nL'int\u00e9rim des inspecteurs du travail est assur\u00e9 par l'un des inspecteurs de l'unit\u00e9 de contr\u00f4le transport du \nd\u00e9partement ou en cas de vacance temporaire, d'absence ou d'emp\u00eachement simultan\u00e9s, par un des \ninspecteurs du travail des unit\u00e9s de contr\u00f4le du 9 \u00e8 arrondissement, des 10 \u00e8 et 18\u00e8 arrondissements ou du \n17\u00e8 arrondissement, ou par le responsable de l'unit\u00e9 de contr\u00f4le.  \n \nArticle 6 : Conform\u00e9ment aux dispositions de l'article R. 8122 -10 du Code du travail, les agents \nmentionn\u00e9s \u00e0 l'article 1 participent lorsque l'action le rend n\u00e9cessaire aux actions d'inspection de la \nl\u00e9gislation du travail sur le territoire de l'unit\u00e9 d\u00e9partementale de Paris.  \n \nArticle 7 : La pr\u00e9sente d\u00e9cision prend effet \u00e0 la date de sa publication et abroge la d\u00e9cision n\u00b0 2025 -209 \ndu 28 octobre 2025. \n \nArticle 8  : Le d irecteur r\u00e9gional et interd\u00e9partemental de l'\u00e9conomie, de l'emploi, du travail et des \nsolidarit\u00e9s d'Ile-de-France est charg\u00e9 de l'application de la pr\u00e9sente d\u00e9cision, qui sera publi\u00e9e au recueil \ndes actes administratifs de la r\u00e9gion d'\u00cele-de-France.  \n \n \n \nFait \u00e0 Saint-Denis, le 09 d\u00e9cembre 2025 \n \nLe Directeur r\u00e9gional et interd\u00e9partemental de l'\u00e9conomie, \nde l'emploi, du travail et des solidarit\u00e9s, \n \nSIGNE \n \n \nFabrice MASI \nDirection r\u00e9gionale et interd\u00e9partementale de l'\u00e9conomie, de l'emploi, du travail et des solidarit\u00e9s d'\u00cele-de-France -\nIDF-2025-12-09-00011 - D\u00e9cision n\u00b0 2025-244 du 09 d\u00e9cembre 2025\nportant affectation des agents de contr\u00f4le dans les unit\u00e9s de contr\u00f4le et gestion des int\u00e9rims de l'unit\u00e9 d\u00e9partementale de Paris de la\nDRIEETS d'Ile-de-France\n20\n  \n                                                                                                                                                                                                                              6 / 8 \n \n \n \nAnnexe : \nTableau des affectations des agents de contr\u00f4le dans les unit\u00e9s de contr\u00f4le des services d'inspection du \nTravail de l'UD de Paris. Gestion des int\u00e9rims et de la suppl\u00e9ance. Annex\u00e9 \u00e0 la d\u00e9cision. \nUC Section Ardt NOM et Pr\u00e9nom Grade\nUC / Section\nInterim\n > 1 mois\nd\u00e9cisions\nadministratives\nArt. R.8122-11-1\u00b0\n\u00e9ts. de \n \u2265 de 50 salari\u00e9s\nArt. R.8122-11-2\u00b0\n\u00e9ts. de \n+ de 300 salari\u00e9s\nArt. R.8122-11-2\u00b0\nUC 01-02 RUC 1-2 PEYRON Patrice DAT\nUC 01-02 1-1 1 MATHIEU Loic IT  \nUC 01-02 1-2 1 GIP Fanny IT\nUC 01-02 1-3 1 MORISSEAU No\u00e9mie IT\nUC 01-02 1-4 1 CREANTOR Ars\u00e8ne IT\nUC 01-02 1-5 1 Int\u00e9rimaire IT MORISSEAU No\u00e9mie\nUC 01-02 1-6 2 Int\u00e9rimaire IT Samia SAHEL \nUC 01-02 1-7 2 BLANCHO Marco IT\nUC 01-02 1-8 2 SAHEL Samia IT\nUC 01-02 1-9 2 JACQUEMIN Fatim IT\nUC 01-02 1-10 2 Int\u00e9rimaire IT MATHIEU Loic\nUC 01-02 1-11 2 CADIOU Benjamin IT\nUC 03-04-11 RUC 3-4-11  CARPENTIER J\u00e9r\u00e9mie DAT\nUC 03-04-11 3-1 3  HOFFMAN Mathilde IT\nUC 03-04-11 3-2 3  CHRISTELLE GLEMET IT   \nUC 03-04-11 3-3 3 GRUNHARD Tom IT\nUC 03-04-11 3-4 4 Int\u00e9rimaire DAT RAMBAUD Fran\u00e7oise\nUC 03-04-11 3-5 4 RAMBAUD Fran\u00e7oise DAT\nUC 03-04-11 3-6 11 PICHERY Maud IT\nUC 03-04-11 3-7 11 EL HABBAD Farida CT/IT MATHILDE HOFFMANN MATHILDE HOFFMANN MATHILDE HOFFMANN\nUC 03-04-11 3-8 11  LE HERICY DURAND Edouard IT  \nUC 03-04-11 3-9 11 LAGARDE St\u00e9phane IT\nUC 03-04-11 3-10 11  int\u00e9rimaire IT JEREMIE CARPENTIER\nUC 03-04-11 3-11 11 DUSSEUX Elise IT\nUC 05-06-07 RUC 5-6-7 TREMEL Pierre DAT\nUC 05-06-07 5-1 5 FUSINA Marc DAT\nUC 05-06-07 5-2 5 ALLARD JOLY Maud IT\nUC 05-06-07 5-3 5 Int\u00e9rimaire Pierre TR\u00c9MEL\nUC 05-06-07 5-4 6 GOMES Lionel IT\nUC 05-06-07 5-5 6 MARVALIN Val\u00e9rie IT\nUC 05-06-07 5-6 6 LABSSI Mornia IT\nUC 05-06-07 5-7 7 ZEROUALI Samira IT\nUC 05-06-07 5-8 7 DELOCHE Damien IT\nUC 05-06-07 5-9 7 MEDJOUDJ-MEZHAR Noura IT\nUC 08 RUC 8 DINOCCA Gianni DAT\nUC 8 8-1 8 int\u00e9rimaire IT LAVABRE Virginie\nUC 8 8-2 8 BOURJOLLY Nathalie IT\nUC 8 8-3 8 ROJBI Ismehen IT\nUC 8 8-4 8 PENELA Catarina IT\nUC 8 8-5 8 BELOVA Eug\u00e9nie IT\nUC 8 8-6 8 MORTREUIL Florence CT/IT DINOCCA Gianni DINOCCA Gianni DINOCCA Gianni DINOCCA Gianni\nUC 8 8-7 8 PONCE-KAHOUL Sarah IT\nUC 8 8-8 8 TISBA Nad\u00e8ge  \nUC 8 8-9 8 SCHORSCH M\u00e9lissa IT  \nUC 8 8-10 8 SAVEAN Micheline CT/IT PENELA Catarina\nUC 8 8-11 8 Int\u00e9rimaire IT PENELA Catarina\nUC 8 8-12 8 Jacques PETITIER IT\nUC 8 8-13 8 FREDERIC Caroline IT\nUC 8 8-14 8 Int\u00e9rimaire IT FREDERIC Caroline\nUC 8 8-15 8 LAVABRE Virginie IT\nUC 8 8-16 8 Int\u00e9rimaire IT LAVABRE Virginie\n \n \n \nDirection r\u00e9gionale et interd\u00e9partementale de l'\u00e9conomie, de l'emploi, du travail et des solidarit\u00e9s d'\u00cele-de-France -\nIDF-2025-12-09-00011 - D\u00e9cision n\u00b0 2025-244 du 09 d\u00e9cembre 2025\nportant affectation des agents de contr\u00f4le dans les unit\u00e9s de contr\u00f4le et gestion des int\u00e9rims de l'unit\u00e9 d\u00e9partementale de Paris de la\nDRIEETS d'Ile-de-France\n21\n  \n                                                                                                                                                                                                                              7 / 8 \n \n \n \nUC 09 RUC 9 Int\u00e9rim DAT HAMPARTZOUMIAN St\u00e9phane\nUC 09 9-1 9 VIDAL Roselyne IT\nUC 09 9-2 9 BLETTNER Honorine IT\nUC 09 9-3 9 PEREIRA C\u00e9line IT\nUC 09 9-4 9 HERER C\u00e9cile IT\nUC 09 9-5 9 HUMBERT James IT\nUC 09 9-6 9 GEAGEA Hanane IT\nUC 09 9-7 9 MORIO Caroline IT\nUC 09 9-8 9 AINSEBA Djamila IT\nUC 09 9-9 9 DEROO BLANQUART Laetitia DAT\nUC 09 9-10 9 JAKUBOWSKI Pierre CT / IT DEROO BLANQUART Laetitia DEROO BLANQUART Laetitia DEROO BLANQUART Laetitia\nUC 09 9-11 9 DELADREC Aurore IT\nUC 10-18 RUC 10-18 L'HOSTIS Ism\u00e9rie DAT\nUC 10-18 10-1 10 MANIER Christelle IT\nUC 10-18 10-2 10 MALLEVRE Philippe IT\nUC 10-18 10-3 10 GOY S\u00e9bastien IT\nUC 10-18 10-4 10 OU-RABAH Samuel IT\nUC 10-18 10-5 10 WATERNAUX Marion IT\nUC 10-18 10-6 10 KAPUSCINSKI Chlo\u00e9 IT\nUC 10-18 10-7 10 GOUT Philippe IT\nUC 10-18 10-8 10 int\u00e9rimaire IT L'HOSTIS Ism\u00e9rie\nUC 10-18 10-9 18 BOUR Abdehadi IT\nUC 10-18 10-10 18 int\u00e9rimaire IT WATERNAUX Marion\nUC 10-18 10-11 18 int\u00e9rimaire IT GOUT Philippe\nUC 10-18 10-12 18 RULLE Betty IT   \nUC 12 RUC 12 BRESSON Elo\u00efse DAT\nUC 12 12-1 12 RAMBAUD Louis IT\nUC 12 12-2 12 ANDRIEU David IT\nUC 12 12-3 12 CANGOU-MINOS Eliane IT GARCIA Jean-Michel\nUC 12 12-4 12 THOMASSET C\u00e9cile IT\nUC 12 12-5 12 JEAN-LOUIS Manuel IT\nUC 12 12-6 12 GARCIA Jean-Michel IT\nUC 12 12-7 12 EL-AIDOUI Ilhem IT\nUC 12 12-8 12 BRESSON Elo\u00efse DAT\nUC 13-14 RUC 13-14 LUGUET Emmanuel DAT\nUC 13-14 13-1 13 Int\u00e9rimaire IT LUGUET Emmanuel\nUC 13-14 13-2 13 ABDELGHANI Mourad IT\nUC 13-14 13-3 13 MARTEL Thierry IT\nUC 13-14 13-4 13 DOS SANTOS OLIVEIRA Carlos IT\nUC 13-14 13-5 13 MOUALHI Nisar IT\nUC 13-14 13-6 13 CHEVREAU Barbara IT\nUC 13-14 13-7 14 LANG Samira IT\nUC 13-14 13-8 14 SOK Angkeavattey IT\nUC 13-14 13-9 14 FULCHIGNONI Aurelia IT\nUC 13-14 13-10 14 MALBOIS Estelle IT\nUC 13-14 13-11 14 LOPES-PEREIRA Julia \u00a0\u00a0\u00a0\u00a0\u00a0\u00a0\u00a0\u00a0\u00a0\u00a0\u00a0\u00a0\u00a0\u00a0\u00a0\u00a0 IT\nUC 15 RUC 15 TRAN-VAN-TI Maximilien DAT\nUC 15 15-1 15 MUNIER Delphine IT\nUC 15 15-2 15 DUPONT Vanessa IT BOLORE Benoit\nUC 15 15-3 15 LE NAOUR Marc IT\nUC 15 15-4 15 NOUCK Alice IT\nUC 15 15-5 15 MAILLET Christ\u00e8le IT\nUC 15 15-6 15 TOUNKARA Fatimata IT\nUC 15 15-7 15 ZERGOUG Same IT\nUC 15 15-8 15 BOLORE Benoit IT\nUC 15 15-9 15 JULIEN Jean-Christophe IT\nUC 16 RUC 16 BERTRAND Michel DAT\nUC 16 16-1 16 MAROTAUX Nathalie IT\nUC 16 16-2 16 HAUVILLE Anthony IT\nUC 16 16-3 16 DURAND Flora IT\nUC 16 16-4 16 SCHWOB Jean-Bernard IT / DAT BERTRAND Michel\nUC 16 16-5 16 LAVA Nathalie IT\nUC 16 16-6 16 BLANCHET Barbara IT\nUC 16 16-7 16 RAUBER Olivier IT\nUC 16 16-8 16 CAZEAUD Julie IT\n \n \nDirection r\u00e9gionale et interd\u00e9partementale de l'\u00e9conomie, de l'emploi, du travail et des solidarit\u00e9s d'\u00cele-de-France -\nIDF-2025-12-09-00011 - D\u00e9cision n\u00b0 2025-244 du 09 d\u00e9cembre 2025\nportant affectation des agents de contr\u00f4le dans les unit\u00e9s de contr\u00f4le et gestion des int\u00e9rims de l'unit\u00e9 d\u00e9partementale de Paris de la\nDRIEETS d'Ile-de-France\n22\n  \n                                                                                                                                                                                                                              8 / 8 \n \n \n \n \nUC 17 RUC 17 HAMPARTZOUMIAN St\u00e9phane DAT\nUC 17 17-1 17 FABRONI Nicole IT  \nUC 17 17-2 17 CLAIRFAYT Marine IT\nUC 17 17-3 17 NIELZ Emilie IT\nUC 17 17-4 17  WESQUY Hugo IT\nUC 17 17-5 17 CHARCOSSET Aude IT\nUC 17 17-6 17 COHADE Marie IT\nUC 17 17-7 17 LESAINT Andr\u00e9a IT\nUC 19-20 RUC 19-20 AYMEN DE LAGEARD Lucile DAT\nUC 19-20 19-1 19 COHADE Marie IT\nUC 19-20 19-2 19 JORRO Elise IT\nUC 19-20 19-3 19 BRIAND Eric IT    \nUC 19-20 19-4 19 Int\u00e9rimaire IT COHADE Marie\nUC 19-20 19-5 19 REYNAUD Valentine IT\nUC 19-20 19-6 20 ARNUEL Herv\u00e9 CT/IT AYMEN DE LAGEARD Lucile AYMEN DE LAGEARD Lucile AYMEN DE LAGEARD Lucile\nUC 19-20 19-7 20 COUPE Claire IT\nUC 19-20 19-8 20 CHEURFA Loun\u00e8s IT\nUC 19-20 19-9 20 PEZ Marine IT\nUC TR RUC LOISET St\u00e9phane DAT\nUC TR TR-1  HUBERT Marie IT\nUC TR TR-2 BEAUD Arthur IT\nUC TR TR-3 AMOROSI L\u00e9a IT\nUC TR TR-4 BRIANTAIS Emeline IT\nUC TR TR-5 BURDIN Yann IT\nUC TR TR-6 Int\u00e9rimaire IT LOISET St\u00e9phane\n \n \nDirection r\u00e9gionale et interd\u00e9partementale de l'\u00e9conomie, de l'emploi, du travail et des solidarit\u00e9s d'\u00cele-de-France -\nIDF-2025-12-09-00011 - D\u00e9cision n\u00b0 2025-244 du 09 d\u00e9cembre 2025\nportant affectation des agents de contr\u00f4le dans les unit\u00e9s de contr\u00f4le et gestion des int\u00e9rims de l'unit\u00e9 d\u00e9partementale de Paris de la\nDRIEETS d'Ile-de-France\n23\nDirection r\u00e9gionale et interd\u00e9partementale de\nl'\u00e9conomie, de l'emploi, du travail et des\nsolidarit\u00e9s d'\u00cele-de-France\nIDF-2025-12-09-00013\nD\u00e9cision n\u00b02025-242 du 09 d\u00e9cembre 2025\nportant affectation des agents de contr\u00f4le dans\nles unit\u00e9s de contr\u00f4le et gestion des int\u00e9rims de\nl'unit\u00e9 d\u00e9partementale du Val-de-Marne de la\nDRIEETS d'Ile-de-France\nDirection r\u00e9gionale et interd\u00e9partementale de l'\u00e9conomie, de l'emploi, du travail et des solidarit\u00e9s d'\u00cele-de-France -\nIDF-2025-12-09-00013 - D\u00e9cision n\u00b02025-242 du 09 d\u00e9cembre 2025\nportant affectation des agents de contr\u00f4le dans les unit\u00e9s de contr\u00f4le et gestion des int\u00e9rims de l'unit\u00e9 d\u00e9partementale du\nVal-de-Marne de la DRIEETS d'Ile-de-France\n24\nMINISTEREDU TRAVAILET DES SOLIDARITESLibert\u00e9Egalit\u00e9fraternit\u00e9\n \nDRIEETS Ile-de-France  \n32 rue Jean Jaur\u00e8s  \n93 200 SAINT-DENIS                                                                                                                                                                                                                  1 / 4 \n  \nDirection r\u00e9gionale et interd\u00e9partementale \nde l'\u00e9conomie, de l'emploi, \ndu travail et des solidarit\u00e9s \nd'Ile de France \n \n \n \n \n \nD\u00e9cision n\u00b02025-242 du 09 d\u00e9cembre 2025 \nportant affectation des agents de contr\u00f4le dans les unit\u00e9s de contr\u00f4le et gestion des int\u00e9rims de \nl'unit\u00e9 d\u00e9partementale du Val-de-Marne de la DRIEETS d'Ile-de-France \n \n \nLe directeur r\u00e9gional et interd\u00e9partemental de l'\u00e9conomie, de l'emploi, du travail et des solidarit\u00e9s  d'Ile-de-\nFrance, \n \nVu le code du travail, notamment ses articles R. 8122-1 et suivants.  \n \nVu le d\u00e9cret n\u00b0 2020-1545 du 9 d\u00e9cembre 2020 relatif \u00e0 l'organisation et aux missions des directions r\u00e9gionales \nde l'\u00e9conomie, de l'emploi, du travail et des solidarit\u00e9s, des directions d\u00e9partementales de l'emploi, du travail \net des solidarit\u00e9s et des directions d\u00e9partementales de l'emploi, du travail, des solidarit\u00e9s et de la protection \ndes populations,  \n \nVu l'arr\u00eat\u00e9 interminist\u00e9riel du 12 ao\u00fbt 2025 nommant Fabrice MASI directeur r\u00e9gional et interd\u00e9partemental de \nl'\u00e9conomie, de l'emploi, du travail et des solidarit\u00e9s d'\u00cele-de-France, \n \nVu l'arr\u00eat\u00e9 minist\u00e9riel du 25 mars 2024 portant cr\u00e9ation et r\u00e9partition des unit\u00e9s de contr\u00f4le de l'inspection du \ntravail,  \n \nVu la d\u00e9cision n\u00b0 2021-29 du 1er avril 2021 du directeur r\u00e9gional et interd\u00e9partemental de l'\u00e9conomie, de l'emploi, \ndu travail et des solidarit\u00e9s d'Ile-de-France relative \u00e0 la localisation et \u00e0 la d\u00e9limitation des unit\u00e9s de contr\u00f4le et \ndes sections d'inspection du travail de l'unit\u00e9 d\u00e9partementale du Val-de-Marne ; \n \nD\u00c9CIDE : \nArticle 1er  \n \nSont nomm\u00e9s en qualit\u00e9 de responsables des unit\u00e9s de contr\u00f4le  d\u00e9partementales et interd\u00e9partementales de \nl'unit\u00e9 d\u00e9partementale du Val-de-Marne, les agents suivants : \n- Unit\u00e9 de contr\u00f4le d\u00e9partementale n\u00b01 : Madame Julie GUINDO, directrice adjointe du travail ; \n- Unit\u00e9 de contr\u00f4le interd\u00e9partementale n\u00b02 : Madame Nimira HASSANALY, directrice adjointe du travail ; \n- Unit\u00e9 de contr\u00f4le d\u00e9partementale n\u00b03 : Madame Audrey GEHIN, directrice adjointe du travail ; \n- Unit\u00e9 de contr\u00f4le interd\u00e9partementale n\u00b04 : Madame Elisabeth LAMORA, directrice adjointe du travail ; \n \nSans pr\u00e9judice des attributions des agents de contr\u00f4le affect\u00e9s en section, ils exercent une mission de contr\u00f4le \nen appui \u00e0 toutes les sections d'inspection et , \u00e0 titre principal , aux sections de l'unit\u00e9 dont ils ont la \nresponsabilit\u00e9 en propre. \n \nArticle 2 \n \nSont affect\u00e9s dans les sections d'inspection du travail des unit\u00e9s de contr\u00f4le d\u00e9partementales et \ninterd\u00e9partementales de l'unit\u00e9 d\u00e9partementale du Val-de-Marne les agents suivants : \n \nUnit\u00e9 de contr\u00f4le d\u00e9partementale n\u00b01 \n \nSection 1-1 : Madame Julie GUINDO, directrice adjointe du travail ; \n \nDirection r\u00e9gionale et interd\u00e9partementale de l'\u00e9conomie, de l'emploi, du travail et des solidarit\u00e9s d'\u00cele-de-France -\nIDF-2025-12-09-00013 - D\u00e9cision n\u00b02025-242 du 09 d\u00e9cembre 2025\nportant affectation des agents de contr\u00f4le dans les unit\u00e9s de contr\u00f4le et gestion des int\u00e9rims de l'unit\u00e9 d\u00e9partementale du\nVal-de-Marne de la DRIEETS d'Ile-de-France\n25\n \n2 / 4 \nSection 1-2 : Madame Hannah USTAZE, inspectrice du travail ; \n \nMadame Am\u00e9lie BALAYRE, inspectrice du travail, est charg\u00e9e du contr\u00f4le de l'entreprise BLUELINK  situ\u00e9e 74 \navenue Vladimir Ilitch L\u00e9nine 94110 ARCUEIL  ; en son absence cet int\u00e9rim est assur\u00e9 par Madame Soizic \nMIRZEIN, inspectrice du travail. \n \nSection 1-3 : Madame Zolikha BENALI, inspectrice du travail ; \n \nSection 1-4 : Madame Anne ZWINGELSTEIN, inspectrice du travail ; \n \nMadame Julie GUINDO, directrice adjointe du travail est comp\u00e9tente et charg\u00e9e du contr\u00f4le de l'\u00e9tablissement \nscolaire EFREI PARIS (\u00e9cole d'ing\u00e9nieurs) situ\u00e9 30 , avenue de la r\u00e9publique \u00e0 Villejuif (94800), Siret  : \n39889833800023 \n \nSection 1-5 : Madame Camille JOCQUEL, inspectrice du travail ;  \n \nSection 1-6 : Madame Anouk PIAZZONI, inspectrice du travail ; \n \nSection 1-7 : Madame Josepha SABRIE, Inspectrice du travail ; \n \nSection 1-8 : Madame Alice MEUNIER, Inspectrice du travail ; \n \nSection 1-9 : Monsieur Doudou SY, inspecteur du travail ; \n \nSection 1-10 : Madame Am\u00e9lie BALAYRE, inspectrice du travail ; \n \nSection 1-11 : Madame Luce BOUENIKALAMIO, inspectrice du travail ; \n \nUnit\u00e9 de contr\u00f4le interd\u00e9partementale n\u00b02  \n \nSection 2-1 : Madame Nimira HASSANALY, directrice adjointe du travail ; \n \nSection 2-2 : Madame Florence LESPIAUT, inspectrice du travail ; \n \nSection 2-3 : Madame Marie DHERBASSY, inspectrice du travail ; \n \nSection 2-4 : Madame L\u00e9a PAIR, inspectrice du travail ; \n \nSection 2-5 : Madame Soizic MIRZEIN, inspectrice du travail ; \n \nSection 2-6 : Monsieur Vong-Chaleu LY, inspecteur du travail ;  \n \nSection 2-7 : Monsieur Fran\u00e7ois-Xavier BRETON, contr\u00f4leur du travail ; \n \nMonsieur Vong-Chaleu LY, inspecteur du travail, est charg\u00e9 du contr\u00f4le des chantiers de BTP. Il est par ailleurs \nhabilit\u00e9 \u00e0 prendre les d\u00e9cisions relevant de la comp\u00e9tence exclusive de l'inspecteur du travail en vertu des \ndispositions l\u00e9gislatives et r\u00e9glementaires ; \n \nSection 2-8 : Madame Marie-Pierre FILLON, inspectrice du travail ; \n \nSection 2-9 : Madame Belkyss KHERIJI-EL ALOUI, inspectrice du travail ; \n \nSection 2-10 : Madame Cindy ROBERT, inspectrice du travail ; \n \nSection 2-11 : Poste vacant, int\u00e9rim assur\u00e9 par Monsieur Hugo MAZA, inspecteur du travail  \n \nUnit\u00e9 de contr\u00f4le d\u00e9partementale n\u00b03 \n \nSection 3-1 : Madame Audrey GEHIN, inspectrice du travail ; \n \nDirection r\u00e9gionale et interd\u00e9partementale de l'\u00e9conomie, de l'emploi, du travail et des solidarit\u00e9s d'\u00cele-de-France -\nIDF-2025-12-09-00013 - D\u00e9cision n\u00b02025-242 du 09 d\u00e9cembre 2025\nportant affectation des agents de contr\u00f4le dans les unit\u00e9s de contr\u00f4le et gestion des int\u00e9rims de l'unit\u00e9 d\u00e9partementale du\nVal-de-Marne de la DRIEETS d'Ile-de-France\n26\n \n3 / 4 \nSection 3-2 : Madame Na\u00efma CHABOU, inspectrice du travail ; \n \nSection 3-3 : Monsieur Yoann JOURNAUX, inspecteur du travail ; \n \nSection 3-4 : Madame Juliette JANECZEK, inspectrice du travail ; \n \nSection 3-5 : Monsieur Edern LE-ROUX, inspecteur du travail ; \n \nSection 3-6 : Madame Christelle GROSS, inspectrice du travail ; \n \nSection 3-7 : Poste vacant, int\u00e9rim assur\u00e9 par Monsieur Yoann JOURNAUX, inspecteur du travail ; \n \nSection 3-8 : Monsieur Thomas CHARLES, inspecteur du travail ; \n \nSection 3-9 : Madame F\u00e9lix TOUSSINE, inspectrice du travail ; \n \nSection 3-10 : Monsieur Hicham BOUANANE, inspecteur du travail ; \n  \nSection 3-11 : Monsieur Hugo MAZA, inspecteur du travail ; \n \nUnit\u00e9 de contr\u00f4le interd\u00e9partementale n\u00b04 \n \nSection 4-1 : Madame Elisabeth LAMORA, directrice adjointe du travail ; \n \nSection 4-2 : Monsieur Florent HUART, inspecteur du travail ; \n \nSection 4-3 : Madame Oph\u00e9lie BURY, inspectrice du travail ; \n \nSection 4-4 : Poste vacant, int\u00e9rim assur\u00e9 par Monsieur Gauthier LEWANDOWSKI, inspecteur du travail ; \n  \nSection 4-5 : Madame Rachel WOLF, inspectrice du travail ; \n \nSection 4-6 : Monsieur David TELLALIAN, inspecteur du travail. \n \nSection 4-7 : Madame M\u00e9lissa ALLAGNAT, inspectrice du travail ; \n \nSection 4-8 : Madame Assia BAGHDAD-BELHADJ, inspectrice du travail ; \n \nSection 4-9 : Madame Sophie TAN, inspectrice du travail ; \n \nSection 4-10 : Monsieur Gauthier LEWANDOWSKI, inspecteur du travail ; \n \nSection 4-11 : Madame Claire BAURIN, inspectrice du travail. \n \nArticle 3 \n \nEn cas d'absence ou d'emp\u00eachement d'un responsable d'unit\u00e9 de contr\u00f4le, l'int\u00e9rim sera assur\u00e9 par l'un des \nresponsables d'unit\u00e9 de contr\u00f4le mentionn\u00e9s \u00e0 l'article 1 ou par un membre de la direction du P\u00f4le Politique du \nTravail. \n \nEn cas d'absence ou d'emp\u00eachement d'un agent de contr\u00f4le, l'int\u00e9rim sera assur\u00e9 par l'un des agents de \ncontr\u00f4le mentionn\u00e9s \u00e0 l'article 2 ou par un membre de la direction du P\u00f4le Politique du travail.  \n \nArticle 4 \n \nLa d\u00e9cision prend effet d\u00e8s sa publication au recueil des actes administratifs  et abroge la d\u00e9cision n\u00b0 2025-140 \ndu 1er ao\u00fbt 2025 portant affectation des agents de contr\u00f4le dans les unit\u00e9s de contr\u00f4le et gestion des int\u00e9rims \nde l'Unit\u00e9 d\u00e9partementale du Val-de-Marne de la DRIEETS d'Ile-de-France. \n \n \nDirection r\u00e9gionale et interd\u00e9partementale de l'\u00e9conomie, de l'emploi, du travail et des solidarit\u00e9s d'\u00cele-de-France -\nIDF-2025-12-09-00013 - D\u00e9cision n\u00b02025-242 du 09 d\u00e9cembre 2025\nportant affectation des agents de contr\u00f4le dans les unit\u00e9s de contr\u00f4le et gestion des int\u00e9rims de l'unit\u00e9 d\u00e9partementale du\nVal-de-Marne de la DRIEETS d'Ile-de-France\n27\n \n4 / 4 \nArticle 5 \n \nLe directeur r\u00e9gional et interd\u00e9partemental de l'\u00e9conomie, de l'emploi, du travail et des solidarit\u00e9s d'Ile -de-\nFrance est charg\u00e9 de l'ex\u00e9cution de la pr\u00e9sente d\u00e9cision, qui sera publi\u00e9e au recueil des actes administratifs de \nla r\u00e9gion d'Ile-de-France. \n \n \nFait \u00e0 Saint-Denis, le 09 d\u00e9cembre 2025 \n \nLe directeur r\u00e9gional et interd\u00e9partemental  \nde l'\u00e9conomie, de l'emploi, du travail  \net des solidarit\u00e9s d'\u00cele-de-France, \n \n                                       SIGNE \n \nFabrice MASI \nDirection r\u00e9gionale et interd\u00e9partementale de l'\u00e9conomie, de l'emploi, du travail et des solidarit\u00e9s d'\u00cele-de-France -\nIDF-2025-12-09-00013 - D\u00e9cision n\u00b02025-242 du 09 d\u00e9cembre 2025\nportant affectation des agents de contr\u00f4le dans les unit\u00e9s de contr\u00f4le et gestion des int\u00e9rims de l'unit\u00e9 d\u00e9partementale du\nVal-de-Marne de la DRIEETS d'Ile-de-France\n28\nPr\u00e9fecture de la r\u00e9gion d'Ile-de-France,\npr\u00e9fecture de Paris-Secr\u00e9tariat g\u00e9n\u00e9ral aux\npolitiques publiques\nIDF-2025-12-09-00014\nArr\u00eat\u00e9 portant nomination du comptable public\nde l'\u00e9tablissement public de coop\u00e9ration\nculturelle \"Maison des pratiques artistiques\namateurs\" (MPAA)\nPr\u00e9fecture de la r\u00e9gion d'Ile-de-France, pr\u00e9fecture de Paris-Secr\u00e9tariat g\u00e9n\u00e9ral aux politiques publiques - IDF-2025-12-09-00014 - Arr\u00eat\u00e9\nportant nomination du comptable public de l'\u00e9tablissement public de coop\u00e9ration culturelle \"Maison des pratiques artistiques\namateurs\" (MPAA)\n29\nPREFETDE PARISLibert\u00e9Egalit\u00e9Fraternit\u00e9\n \n \n \n \nSecr\u00e9tariat g\u00e9n\u00e9ral aux politiques publiques \nDirection des affaires juridiques  \n \nArr\u00eat\u00e9 \nportant nomination du comptable public de l'\u00e9tablissement public de coop\u00e9ration culturelle \u00ab Maison \ndes pratiques artistiques amateurs \u00bb (MPAA) \n  \nLE PR\u00c9FET DE LA R\u00c9GION D'\u00ceLE-DE-FRANCE \nPR\u00c9FET DE PARIS \nGrand officier de la L\u00e9gion d'Honneur, \nOfficier de l'Ordre National du M\u00e9rite \n \n \nVu  l'article R. 1431-17 du code g\u00e9n\u00e9ral des collectivit\u00e9s territoriales ;  \n \nVu  le d\u00e9cret du 22 juillet 2020 portant nomination de  Monsieur Marc GUILLAUME en qualit\u00e9 de pr\u00e9fet de la  \nr\u00e9gion d'\u00cele-de-France, pr\u00e9fet de Paris ; \n \nVu  l'arr\u00eat\u00e9 portant affectation de Madame Marie-Ga\u00ebl DAREAU \u00e0 la direction g\u00e9n\u00e9rale des finances publiqu es \nen date du 28 juillet 2025 ;  \n \nVu  la d\u00e9lib\u00e9ration 2007 DAC 174 du Conseil de Paris e n sa s\u00e9ance des 16 et 17 juillet 2007 portant cr\u00e9at ion \nd'une r\u00e9gie personnalis\u00e9e intitul\u00e9 \u00ab Maison des pratiques artistiques amateurs \u00bb ; \n \nVu  la d\u00e9lib\u00e9ration du conseil d'administration de l'E PCC Maison des pratiques artistiques amateurs  du 1\ner  \nd\u00e9cembre 2025 portant proposition de nomination du comptable ; \n \nVu  l'avis favorable port\u00e9 sur la nomination de Madame  Marie-Ga\u00ebl DAREAU par Monsieur le directeur r\u00e9gion al \ndes finances publiques d'\u00cele-de-France et de Paris en date du 14 octobre 2025 ;  \n \n \nARR\u00caTE : \n \nArticle 1 \u2013  Madame Marie-Ga\u00ebl DAREAU est nomm\u00e9e comptable publ ic de l'\u00e9tablissement public de \ncoop\u00e9ration culturelle \u00ab Maison des pratiques artistiques amateurs \u00bb. \n \n \nArticle 2 \u2013 La pr\u00e9f\u00e8te, directrice de cabinet du pr\u00e9fet de la r \u00e9gion d'\u00cele-de-France, pr\u00e9fet de Paris, et le direc teur \nr\u00e9gional des finances publiques d'\u00cele-de-France et de Paris sont charg\u00e9s, dans leurs domaines de comp\u00e9 tence \nrespectifs, de l'ex\u00e9cution des dispositions du pr\u00e9s ent arr\u00eat\u00e9 qui sera publi\u00e9 au recueil des actes adm inistratifs de \nla pr\u00e9fecture d'\u00cele-de-France, pr\u00e9fecture de Paris. \n \n \nFait \u00e0 Paris, le 9 d\u00e9cembre 2025.  \n \nLa pr\u00e9f\u00e8te, secr\u00e9taire g\u00e9n\u00e9rale aux politiques publiques, \nAssurant la suppl\u00e9ance du pr\u00e9fet de la r\u00e9gion d'\u00cele-de-France, \nPr\u00e9fet de Paris \n \nSign\u00e9 \n \nMarie GAUTIER-MELLERAY \n \n \nConform\u00e9ment \u00e0 l'article R. 421-1 du code de justic e administrative, le pr\u00e9 sent arr\u00eat\u00e9 peut faire l'objet d'un recours \ncontentieux devant le tribunal administratif dans le d\u00e9lai de 2 mois \u00e0 compter de sa notification. L'a rr\u00eat\u00e9 peut \u00e9galement faire  \nl'objet, dans le d\u00e9lai imparti pour l'introduction d'un recours contentieux, d'un recours gracieux qui  interrompt le cours dudit  \nd\u00e9lai. Ce d\u00e9lai courra, de nouveau, \u00e0 compter de l' intervention de la d\u00e9cision (expresse ou implicite)  provoqu\u00e9e par le  \nrecours gracieux. \n \nPr\u00e9fecture de la r\u00e9gion d'Ile-de-France, pr\u00e9fecture de Paris-Secr\u00e9tariat g\u00e9n\u00e9ral aux politiques publiques - IDF-2025-12-09-00014 - Arr\u00eat\u00e9\nportant nomination du comptable public de l'\u00e9tablissement public de coop\u00e9ration culturelle \"Maison des pratiques artistiques\namateurs\" (MPAA)\n30","date":"2025-12-10","first_seen_on":"2025-12-10T18:19:23+00:00","id":"8ceb7757a8420f244c891140c11858a85c9dfcd99f2d0cb47598777b54e777af","name":"recueil-idf-027-2025-12-RAA-nominatifs du 10.12.2025","pdf_creation_date":"2025-12-10T15:54:41+00:00","pdf_modification_date":null,"timezone":"Europe/Paris","url":"https://www.prefectures-regions.gouv.fr/ile-de-france/irecontenu/telechargement/133532/979097/file/recueil-idf-027-2025-12-RAA-nominatifs%20du%2010.12.2025.pdf"}
