{"administration":"pref01","administration_name":"Pr\u00e9fecture de l\u2019Ain","content":"AIN\nRECUEIL DES ACTES\nADMINISTRATIFS SP\u00c9CIAL\n(NOMINATIFS)\nN\u00b001-2026-126\nPUBLI\u00c9 LE 20 AVRIL 2026\nSommaire\n01_Pref_Pr\u00e9fecture de l'Ain /\n01-2026-02-25-00003 - AP subdel NP administration g\u00e9n\u00e9rale 25 02\n2026 (4 pages) Page 3\n2\n01_Pref_Pr\u00e9fecture de l'Ain\n01-2026-02-25-00003\nAP subdel NP administration g\u00e9n\u00e9rale 25 02 2026\n01_Pref_Pr\u00e9fecture de l'Ain - 01-2026-02-25-00003 - AP subdel NP administration g\u00e9n\u00e9rale 25 02 2026 3\n||PREFETDE L'AINLibert\u00e9Egalit\u00e9Fraternit\u00e9\nARR\u00caT\u00c9 PR\u00c9FECTORAL\nPortant subd\u00e9l\u00e9gation de signature de Madame Nathalie PICHET,\nConseill\u00e8re d'administration de l'Int\u00e9rieur et de l'Outre-mer,\nDirectrice du secr\u00e9tariat g\u00e9n\u00e9ral commun d\u00e9partemental de l'Ain\nLa directrice du secr\u00e9tariat g\u00e9n\u00e9ral commun d\u00e9partemental de l'Ain\nVU  la  loi  n\u00b0  92-125  du  06  f\u00e9vrier  1992  relative  \u00e0  l'administration  territoriale  de  la\nR\u00e9publique ;\nVU la loi n\u00b0 84-16 du 11 janvier 1984 portant dispositions statutaires relatives \u00e0 la fonction\npublique de l'\u00c9tat ;\nVU  la loi n\u00b0 82-213 du 02 mars 1982 relative aux droits et libert\u00e9s des communes, des\nd\u00e9partements et des r\u00e9gions ;\nVU le d\u00e9cret  n\u00b0  2004-374 du 29 avril 2004 modifi\u00e9 relatif aux pouvoirs des pr\u00e9fets, \u00e0\nl'organisation et \u00e0 l'action des services de l'\u00c9tat dans les r\u00e9gions et d\u00e9partements ;\nVU le d\u00e9cret n\u00b0  2009-1484 du 3 d\u00e9cembre 2009 relatif aux directions d\u00e9partementales\ninterminist\u00e9rielles ;\nVU le d\u00e9cret du 2 d\u00e9cembre 2025 portant nomination de M. Louis-Xavier THIRODE, en\nqualit\u00e9 de pr\u00e9fet de l'Ain ;\nVU l'arr\u00eat\u00e9  pr\u00e9fectoral  du  29  mars  2023  portant  modification  de  l' organisation  du\nsecr\u00e9tariat  g\u00e9n\u00e9ral  commun  \u00e0  la  pr\u00e9fecture  et  aux  directions  d\u00e9partementales\ninterminist\u00e9rielles de l'Ain ;\nVU l'arr\u00eat\u00e9 pr\u00e9fectoral du  24 f\u00e9vrier 2026  portant  d\u00e9l\u00e9gation de signature \u00e0 Madame\nNathalie PICHET, conseill\u00e8re d'administration de l'int\u00e9rieur et de l'outre-mer, directrice du\nsecr\u00e9tariat g\u00e9n\u00e9ral commun d\u00e9partemental de l'Ain ; \nA R R \u00ca T E\nArticle     1   :  En  cas  d'absence  ou  d'emp\u00eachement  de  Madame  Nathalie  PICHET,  la\nd\u00e9l\u00e9gation  pr\u00e9vue  aux  articles  1  et  2  de  l'arr\u00eat\u00e9  pr\u00e9fectoral  du  24  f\u00e9vrier  2026\nportant d\u00e9l\u00e9gation de signature \u00e0 Mme Nathalie PICHET, directrice du secr\u00e9tariat g\u00e9n\u00e9ral\ncommun  d\u00e9partemental  de  l'Ain,  est  donn\u00e9e  \u00e0  Mme  Sylvia  CHARPIN,  attach\u00e9e\n1\n01_Pref_Pr\u00e9fecture de l'Ain - 01-2026-02-25-00003 - AP subdel NP administration g\u00e9n\u00e9rale 25 02 2026 4\nd'administration de l'\u00c9tat hors classe , directrice adjointe du secr\u00e9tariat g\u00e9n\u00e9ral commun\nd\u00e9partemental de l'Ain.\nArticle 2  : En cas d'absence ou d'emp\u00eachement simultan\u00e9s de Madame Nathalie PICHET\net de  Madame Sylvia CHARPIN, d\u00e9l\u00e9gation est donn\u00e9e  \u00e0  Madame Vanessa BURLOUD,\nattach\u00e9e  d'administration  de  l'\u00c9tat,  cheffe  du  bureau  interminist\u00e9riel  des  ressources\nhumaines (BIRH),  \u00e0 l'effet de signer  tout arr\u00eat\u00e9, d\u00e9cision et correspondance concernant\nles  agents  relevant  du  secr\u00e9tariat  g\u00e9n\u00e9ral  commun  d\u00e9partemental  de  l'Ain  dans  les\nconditions pr\u00e9vues \u00e0 l'article 1 de l'arr\u00eat\u00e9 pr\u00e9fectoral du 24 f\u00e9vrier 2026.\nArticle 3  : Sont exclus de la d\u00e9l\u00e9gation consentie dans les termes figurant \u00e0 l'article 1 du\npr\u00e9sent arr\u00eat\u00e9 : \n\u2022 Les mesures g\u00e9n\u00e9rales relatives \u00e0 l'organisation des \u00e9lections professionnelles ;\n\u2022 Les  mesures  individuelles  affectant  l'effectif  permanent  de  la  structure\nb\u00e9n\u00e9ficiaire,  et  notamment  les  mutations  entrantes  et  sortantes,  les\naffectations, les autorisations de recrutement ou de concours, les d\u00e9parts en\nretraite, les recrutements et remplacements par des agents contractuels et le\nrecrutement de stagiaires ;\n\u2022 Les octrois et renouvellements des cong\u00e9s de longue maladie, des cong\u00e9s de\nlongue dur\u00e9e et des cong\u00e9s pour invalidit\u00e9 temporaire imputable au service ;\n\u2022 Les  d\u00e9cisions  relatives  \u00e0  la  r\u00e9mun\u00e9ration  des  agents  :  nouvelle  bonification\nindiciaire, indemnit\u00e9s de fonctions, de suj\u00e9tions et d'expertise  et compl\u00e9ments\nindemnitaires annuels ;\n\u2022 Les d\u00e9cisions relatives aux demandes de t\u00e9l\u00e9travail ;\n\u2022 Les d\u00e9cisions relatives aux plans de formation ;\n\u2022 Les mesures disciplinaires.\nArticle 4  : En cas d'absence ou d'emp\u00eachement simultan\u00e9s de Madame Nathalie PICHET\net de  Madame Sylvia CHARPIN,  d\u00e9l\u00e9gation de signature est donn\u00e9e, pour l'octroi des\ncong\u00e9s annuels et des jours de repos au titre des am\u00e9nagements et r\u00e9duction du temps\nde  travail,  pour  les  demandes  d'ouverture  des  comptes  \u00e9pargne-temps  et  pour  les\ndemandes relatives \u00e0 la formation \u00e0 :\n\u2022 Madame  Vanessa  BURLOUD,  attach\u00e9e  principale  d'administration  de  l'\u00c9tat,\ncheffe  du  bureau  interminist\u00e9riel  des  ressources  humaines,  pour  les  agents\nrelevant de son bureau ;\n\u2022 Madame  Aur\u00e9lie  BRENACHOT,  secr\u00e9taire  administrative,  cheffe  du  p\u00f4le  en\ncharge des agents du minist\u00e8re de l'int\u00e9rieur et des minist\u00e8res sociaux au sein\ndu bureau interminist\u00e9riel des ressources humaines, pour les agents relevant du\nbureau interminist\u00e9riel des ressources humaines ;\n\u2022 Madame Nelly WINDISCH, attach\u00e9e d'administration de l'\u00c9tat, cheffe du p\u00f4le\nen charg\u00e9 des agents du minist\u00e8re de l'\u00e9cologie, du minist\u00e8re de l'agriculture et\ndu  minist\u00e8re des  finances  au  sein  du  bureau  interminist\u00e9riel  des  ressources\nhumaines, pour les agents relevant du bureau interminist\u00e9riel des ressources\nhumaines ; \n\u2022 Madame  Val\u00e9rie  CERVERA-ORTIZ,  attach\u00e9e  principale  d'administration  de\nl'\u00c9tat, cheffe du bureau interminist\u00e9riel de la pr\u00e9vention, de la formation et de\nl'action sociale pour les agents relevant de son bureau ;\n2\n01_Pref_Pr\u00e9fecture de l'Ain - 01-2026-02-25-00003 - AP subdel NP administration g\u00e9n\u00e9rale 25 02 2026 5\n\u2022 Monsieur Olivier GUICHON, attach\u00e9 d'administration de l'\u00c9tat, chef du bureau\ninterminist\u00e9riel de la logistique et de la gestion b\u00e2timentaire, pour les agents\nrelevant de son bureau ;\n\u2022 Madame Laura BRISSON, attach\u00e9e d'administration de l'\u00c9tat, cheffe du bureau\ninterminist\u00e9riel du budget, des finances et de la politique immobili\u00e8re, pour les\nagents relevant de son bureau, \u00e0 compter du 2 mars 2026 ;\n\u2022 Monsieur Antoine SANTSCHI, attach\u00e9 d'administration de l'\u00c9tat, adjoint \u00e0 la\ncheffe du bureau interminist\u00e9riel du budget, des finances et de la politique\nimmobili\u00e8re, pour les agents relevant du bureau interminist\u00e9riel du budget, des\nfinances et de la politique immobili\u00e8re ;\n\u2022 Monsieur Alexandre POULALIER, contractuel de cat\u00e9gorie A, chef du bureau\ninterminist\u00e9riel  des  syst\u00e8mes  d'information  et  de  communication,  pour  les\nagents relevant de son bureau.\n\u2022 Monsieur St\u00e9phane GONIN, ing\u00e9nieur principal des syst\u00e8mes d'information et\nde communication, adjoint au chef du bureau interminist\u00e9riel des syst\u00e8mes\nd'information  et  de  communication,  pour  les  agents  relevant  du  bureau\ninterminist\u00e9riel des syst\u00e8mes d'information et de communication.\nArticle 5  : En cas d'absence ou d'emp\u00eachement simultan\u00e9s de Madame Nathalie PICHET\net de  Madame Sylvia CHARPIN,  d\u00e9l\u00e9gation de signature est donn\u00e9e, pour  les d\u00e9cisions\nrelatives aux astreintes et aux heures suppl\u00e9mentaires \u00e0 :\n\u2022 Monsieur Olivier GUICHON, attach\u00e9 d'administration de l'\u00c9tat, chef du bureau\ninterminist\u00e9riel de la logistique et de la gestion b\u00e2timentaire, pour les agents\nplac\u00e9s sous son autorit\u00e9 et relevant de son bureau ;\n\u2022 Madame  Sophie  MOSER,  technicienne  sup\u00e9rieure  principale,  cheffe  de\nl'unit\u00e9 logistique et moyens g\u00e9n\u00e9raux du bureau interminist\u00e9riel de la logistique\net de la gestion b\u00e2timentaire, et \u00e0  Monsieur Philippe MOREL, ing\u00e9nieur des\nservices  techniques,  chef  de  l'unit\u00e9  gestion  b\u00e2timentaire  du  bureau\ninterminist\u00e9riel de la logistique et de la gestion b\u00e2timentaire,  pour les agents\nplac\u00e9s sous leur autorit\u00e9 et relevant de leur unit\u00e9 respective ;\n\u2022 Monsieur Alexandre POULALIER, contractuel de cat\u00e9gorie A, chef du bureau\ninterminist\u00e9riel  des  syst\u00e8mes  d'information  et  de  communication,  pour  les\nagents  relevant  de  son  bureau,  et  \u00e0  Monsieur  St\u00e9phane  GONIN,  ing\u00e9nieur\nprincipal des syst\u00e8mes d'information et de communication, adjoint au chef du\nbureau interminist\u00e9riel des syst\u00e8mes d'information et de communication en cas\nd'absence ou d'emp\u00eachement de Monsieur Alexandre POULALIER. \nArticle 6  : L'arr\u00eat\u00e9 pr\u00e9fectoral du 23 d\u00e9cembre 2025 p ortant sub d\u00e9l\u00e9gation de signature\nde Madame Nathalie PICHET, conseill\u00e8re d'administration de l'Int\u00e9rieur et de l'Outre-mer,\ndirectrice du secr\u00e9tariat g\u00e9n\u00e9ral commun d\u00e9partemental de l'Ain, est abrog\u00e9.\n3\n01_Pref_Pr\u00e9fecture de l'Ain - 01-2026-02-25-00003 - AP subdel NP administration g\u00e9n\u00e9rale 25 02 2026 6\nArticle 7 : Le pr\u00e9sent arr\u00eat\u00e9 peut faire l'objet d'un recours devant le tribunal administratif\nde Lyon dans un d\u00e9lai de deux mois \u00e0 compter de sa publication, conform\u00e9ment \u00e0 l'article\nR.  421-1  du  Code  de  justice  administrative,  ou  de  mani\u00e8re  d\u00e9mat\u00e9rialis\u00e9e  via le  site\ncitoyens.telerecours.fr selon l'article R. 414-6 du Code de justice administrative.\nArticle     8   : La directrice du secr\u00e9tariat g\u00e9n\u00e9ral commun d\u00e9partemental de l'Ain est charg\u00e9e\nde l'ex\u00e9cution du pr\u00e9sent arr\u00eat\u00e9, qui s era notifi\u00e9 aux int\u00e9ress\u00e9(e)s et publi\u00e9 au recueil des\nactes administratifs de la pr\u00e9fecture de l'Ain.\n    Bourg-en-Bresse, le 25 f\u00e9vrier 2026\nLa directrice du secr\u00e9tariat g\u00e9n\u00e9ral commun\nd\u00e9partemental,\nSign\u00e9 : Nathalie PICHET\n4\n01_Pref_Pr\u00e9fecture de l'Ain - 01-2026-02-25-00003 - AP subdel NP administration g\u00e9n\u00e9rale 25 02 2026 7","date":"2026-04-20","first_seen_on":"2026-04-20T16:04:44+00:00","id":"8d00252cfa8174bd452c9461e7d8601fa16b0f8b899fad79ab1fb8557adeb877","name":"recueil-01-2026-126-recueil-des-actes-administratifs-nominatif 20-04-2026","pdf_creation_date":"2026-04-20T14:51:57+00:00","pdf_modification_date":null,"timezone":"Europe/Paris","url":"https://www.ain.gouv.fr/contenu/telechargement/35561/248213/file/recueil-01-2026-126-recueil-des-actes-administratifs-nominatif%2020-04-2026%20.pdf"}
