{"administration":"pref92","administration_name":"Pr\u00e9fecture des Hauts-de-Seine","content":"Ex\nPREFET\nDES  HAUTS-DE-SEINE\nLibert\u00e9\nEgalit\u00e9\nFraternit\u00e91 \n  \n \n \n \n \nRECUEIL  \n  \nDES  \n \nACTES ADMINISTRATIFS  \n \nPR\u00c9FECTURE DE POLICE  \n \nCabinet du Pr\u00e9fet  \n \n \n \n \n  \n \n \n \n \n \nN\u00b0 Sp\u00e9cial  31 janvier 2025  \n\n2 \n  \nPREFET DES HAUTS -DE-SEINE  \n \nRECUEIL DES ACTES ADMINISTRATIFS  \n \nN\u00b0 Sp\u00e9cial  Pr\u00e9fecture de Police du 31 janvier 2025  \n \nSOMMAIRE  \n \nArr\u00eat\u00e9  Date  PR\u00c9FECTURE DE POLICE  Page  \nPP \nn\u00b02025-00138  31.01 .2024  Arr\u00eat\u00e9  accordant d\u00e9l\u00e9gation de la signature \npr\u00e9fectorale \u00e0 la pr\u00e9f\u00e8te d\u00e9l\u00e9gu\u00e9e \u00e0 l'immigration  \net aux agents affect\u00e9s au sein de la d\u00e9l\u00e9gation \u00e0 \nl'immigration  3 \nPREFECTURE  /aP Cabinet  du pr\u00e9fet\nDE POLICE  a\nLibert\u00e9\nEgalit\u00e9\nFraternit\u00e9\nArr\u00eat\u00e9  n\u00b0 2025-00138\naccordant  d\u00e9l\u00e9gation  de la signature  pr\u00e9fectorale  \u00e0 la pr\u00e9f\u00e8te  d\u00e9l\u00e9gu\u00e9e  \u00e0 l'immigration\net aux  agents  affect\u00e9s  au sein  de la d\u00e9l\u00e9gation  \u00e0 l'immigration\nLe pr\u00e9fet  de police,\nVU le code  de l'entr\u00e9e  et du s\u00e9jour  des \u00e9trangers  et du droit  d'asile,  notamment  ses articles  R*122-1  et\nR* 122-4;\nVU le d\u00e9cret  n\u00b0 93-1362  du 30 d\u00e9cembre  1993  modifi\u00e9  relatif  aux d\u00e9clarations  de nationalit\u00e9,  aux\nd\u00e9cisions  de naturalisation,  de r\u00e9int\u00e9gration,  de perte,  de d\u00e9ch\u00e9ance  et de retrait  de la nationalit\u00e9\nfran\u00e7aise  ;\nVU le d\u00e9cret  n\u00b0 94-415  du 24 mai  1994  modifi\u00e9  portant  dispositions  statutaires  relatives  aux  personnels\ndes  administrations  parisiennes,  et notamment  son  article  14;\nVU le d\u00e9cret  n\u00b0 2004-374  du 29 avril  2004  modifi\u00e9  relatif  aux  pouvoirs  des  pr\u00e9fets,  \u00e0 l'organisation  et \u00e0\nl'action  des services  de l'\u00c9tat  dans  les r\u00e9gions  et d\u00e9partements,  notamment  ses articles  17, 73-3  et 77 ;\nVU le d\u00e9cret  n\u00b0 2006-1780  du 23 d\u00e9cembre  2006  modifi\u00e9  portant  d\u00e9l\u00e9gation  de pouvoir  en mati\u00e8re  de\nrecrutement  et de gestion  de certains  personnels  relevant  du minist\u00e8re  de l'int\u00e9rieur  ;\nVU le d\u00e9cret  n\u00b0 2010-655  du 11 juin  2010  modifi\u00e9  relatif  au pr\u00e9fet  d\u00e9l\u00e9gu\u00e9  pour  la s\u00e9curit\u00e9  et la s\u00fbret\u00e9\ndes  plates-formes  a\u00e9roportuaires  de Roissy-Charles-de-Gaulle  et du Bourget,  notamment  son\narticle  1\u00b0;\nVU le d\u00e9cret  n\u00b0 2021-480  du 21 avril  2021  relatif  \u00e0 l'organisation  de l'entr\u00e9e  et du s\u00e9jour  des  \u00e9trangers\net de l'asile  dans  les d\u00e9partements  de l'Essonne,  des  Hauts-de-Seine,  de Paris,  de la Seine-et-Marne,  de\nla Seine-Saint-Denis,  du Val-de-Marne,  du Val-d'Oise  et des  Yvelines,  notamment  son  article  2 ;\nVU le d\u00e9cret  n\u00b0 2021-481  du 21 avril  2021  relatif  au pr\u00e9fet  d\u00e9l\u00e9gu\u00e9  \u00e0 l'immigration  aupr\u00e8s  du pr\u00e9fet  de\npolice  et \u00e0 l'organisation  de la police  aux  fronti\u00e8res  dans  les d\u00e9partements  de l'Essonne,  de la Seine-et-\nMarne,  du Val-d'Oise  et des  Yvelines  ainsi  que  sur les emprises  des  a\u00e9roports  de Paris-Charles-de-Gaulle,\ndu Bourget  et de Paris-Orly,  notamment  son  article  1\u00b0\";\nVU le d\u00e9cret  n\u00b0 2021-482  du 21 avril  2021  pris  pour  la mise  en \u0153uvre  des  comp\u00e9tences  du pr\u00e9fet\nd\u00e9l\u00e9gu\u00e9  \u00e0 l'immigration  aupr\u00e8s  du pr\u00e9fet  de police  et de l'organisation  de la police  aux  fronti\u00e8res  dans\n.les  d\u00e9partements  de l'Essonne,  de la Seine-et-Marne,  du Val d'Oise  et des  Yvelines  ainsi  que  sur  les\nemprises  des a\u00e9roports  de Paris-Charles-de-Gaulle,  du Bourget  et de Paris-Orly  ;\nVU l'arr\u00eat\u00e9  pr\u00e9fectoral  n\u00b0 2009-00641  du 7 ao\u00fbt  2009  modifi\u00e9  relatif  \u00e0 l'organisation  de la pr\u00e9fecture  de\npolice  ;\nVU l'arr\u00eat\u00e9  pr\u00e9fectoral  n\u00b0 2023-01288  du 23 octobre  2023  relatif  au pr\u00e9fet  d\u00e9l\u00e9gu\u00e9  \u00e0 l'immigration  et\naux  services  de la pr\u00e9fecture  de police  plac\u00e9s  sous  sa direction  pour  l'exercice  de ses attributions  ;\nVU le d\u00e9cret  du 20 juillet  2022  par lequel  M. Laurent  NUNEZ,  pr\u00e9fet,  coordonnateur  national  du\nrenseignement  et de la lutte  contre  le terrorisme,  est nomm\u00e9  pr\u00e9fet  de police  (hors  classe)  ;\nVU le d\u00e9cret  du 13 juillet  2023  par lequel  Mme  Mireille  LARR\u00c8DE,  pr\u00e9f\u00e8te  du Lot, est nomm\u00e9e  pr\u00e9f\u00e8te\nd\u00e9l\u00e9gu\u00e9e  \u00e0 l'immigration  aupr\u00e8s  du pr\u00e9fet  de police,  \u00e0 compter  du 21 ao\u00fbt  2023;\n\nVU l'arr\u00eat\u00e9  du 9 f\u00e9vrier  2024  par lequel  Mme  Pascale  PIN,  administratrice  de l'Etat  du deuxi\u00e8me  grade,\nest nomm\u00e9e  dans  les fonctions  de cheffe  du service  de l'administration  des  \u00e9trangers,  adjointe  \u00e0 la\npr\u00e9f\u00e8te  d\u00e9l\u00e9gu\u00e9e  \u00e0 l'immigration  \u00e0 la pr\u00e9fecture  de police  ;\nVU l'arr\u00eat\u00e9  du 12 janvier  2023  par lequel  M. Jean-Daniel  MONTET-JOURDRAN,  administrateur  de l'Etat\ndu deuxi\u00e8me  grade,  est nomm\u00e9  sous-directeur  du s\u00e9jour  et de l'acc\u00e8s  \u00e0 la nationalit\u00e9  au sein  du service\nde l'administration  des  \u00e9trangers  \u00e0 la d\u00e9l\u00e9gation  \u00e0 l'immigration  de la pr\u00e9fecture  de police  ;\nSUR  proposition  de la pr\u00e9f\u00e8te,  directrice  de cabinet,\nARR\u00caTE\nArticle  1\u00b0\nD\u00e9l\u00e9gation  de signature  est donn\u00e9e  \u00e0 Mme  Mireille  LARREDE,  pr\u00e9f\u00e8te  d\u00e9l\u00e9gu\u00e9e  \u00e0 l'immigration,  \u00e0 l'effet\nde signer,  au nom  du pr\u00e9fet  de police,  tous  actes,  arr\u00eat\u00e9s,  d\u00e9cisions  et pi\u00e8ces  comptables  n\u00e9cessaires  \u00e0\nl'exercice  des  missions  fix\u00e9es  par  les articles  R*122-1  et R* 122-4  du code  de l'entr\u00e9e  et du s\u00e9jour  des\n\u00e9trangers  et du droit  d'asile,  73-3  du d\u00e9cret  du 29 avril  2004  susvis\u00e9  et 1\u00b0 du d\u00e9cret  n\u00b0 2021-481  du\n21 avril  2021  susvis\u00e9  et l'arr\u00eat\u00e9  du 23 octobre  2023  susvis\u00e9,  ainsi  que  les d\u00e9cisions  individuelles  relatives\n\u00e0 l'octroi  des  cong\u00e9s  annuels  et de maladie  ordinaire  des  personnels  relevant  de son  autorit\u00e9.\nMme  Mireille  LARR\u00c8DE  re\u00e7oit  d\u00e9l\u00e9gation  pour  signer,  au nom  du pr\u00e9fet  de police,  les arr\u00eat\u00e9s\nd'avertissement  et de bl\u00e2me  inflig\u00e9s  aux  Personnes  administratifs,  techniques,  scientifiques  et\nsp\u00e9cialis\u00e9s  plac\u00e9s  SOUS  sa responsabilit\u00e9.\nArticle  2\nEn cas d'absence  ou d'emp\u00e9chement  de Mme  Mireille  LARREDE,  la d\u00e9l\u00e9gation  qui lui est consentie  \u00e0\nl'article  1\u00b0 est exerc\u00e9e  par Mme  Pascale  PIN,  administratrice  de l'\u00c9tat  du deuxi\u00e8me  grade,  cheffe  du\nservice  de l'administration  des  \u00e9trangers,  adjointe  \u00e0 la pr\u00e9f\u00e9te  d\u00e9l\u00e9gu\u00e9e  \u00e0 l'immigration  \u00e0 la pr\u00e9fecture\nde police  et, dans  la limite  de ses attributions,  par  Mme  St\u00e9phanie  MARTIN-HUGUET,  commissaire\ndivisionnaire  de police,  directrice  de cabinet.\nEn cas d'absence  ou d'emp\u00e9chement  de Mme  Mireille  LARR\u00c8DE,  Mme  Pascale  PIN re\u00e7oit  d\u00e9l\u00e9gation\npour  signer  les d\u00e9cisions  individuelles  relatives  \u00e0 l'octroi  des  cong\u00e9s  annuels  et de maladie  des\npersonnels  relevant  de son  autorit\u00e9.\nArticle  3\nEn cas d'absence  ou d'emp\u00e9chement  de Mme  Mireille  LARREDE  et de Mme  Pascale  PIN,  la d\u00e9l\u00e9gation\nqui leur  est consentie  est exerc\u00e9e,  dans  la limite  de leurs  attributions  respectives,  par  :\n- M. Jean-Daniel  MONTET-JOURDRAN,  administrateur  de l'\u00c9tat  hors  classe,  sous-directeur  du\ns\u00e9jour  et de l'acc\u00e8s  \u00e0 la nationalit\u00e9  ;\n- M. Christian  VEDELAGO,  administrateur  de l'\u00c9tat,  chef  du d\u00e9partement  zonal  de l'asile  et de\nl'\u00e9loignement  ;\n- M. Rodolphe  WILS,  attach\u00e9  d'administration  hors  classe  de l'Etat,  chef  du d\u00e9partement  des\nressources,  de la modernisation  et du soutien  juridique.\nArticle  4\nEn cas d'absence  ou d' emp\u00eachement  de Mme  St\u00e9phanie  MARTIN-  HUGUET,  la d\u00e9l\u00e9gation  qui lui est\nconsentie  est exerc\u00e9e,  dans  la limite  de ses attributions,  par  :\n- Mme  Anne-Claire  BEISSAT,  attach\u00e9e  d'administration  de l'Etat,  adjointe  \u00e0 la cheffe  de la section\ndes  affaires  g\u00e9n\u00e9rales.\n2025-09138\n\nArticle  5\nEn cas d'absence  ou d'emp\u00e9chement  de M. Jean-Daniel  MONTET-JOURDRAN,  la d\u00e9l\u00e9gation  qui lui est\nconsentie  est exerc\u00e9e,  dans  la limite  de leurs  attributions  respectives,  par  :\n- Mme  Florence  CARTON,  conseill\u00e8re  d'administration  de l'int\u00e9rieur  et de l'outre-mer,  cheffe  du\np\u00f4le  de l'instruction  des  demandes  de titres  de s\u00e9jour  ;\n- Mme  Anne-Val\u00e9rie  LAUGIER,  attach\u00e9e  principale  d'administration  de l'\u00c9tat,  adjointe  au chef  du\np\u00f4le  de la relation  et du service  \u00e0 l'usager  ;\n- M. Christian  HAUSMANN,  conseiller  d'administration  de l'int\u00e9rieur  et de l'outre-mer,  chef  du p\u00f4le\nde l'acc\u00e8s  \u00e0 la nationalit\u00e9.\nArticle  6\nEn cas d'absence  ou d'emp\u00eachement  de Mme  Florence  CARTON,  la d\u00e9l\u00e9gation  qui lui est consentie  est :\nexerc\u00e9e,  dans  la limite  de ses attributions,  par M. Fran\u00e7ois  LEMATRE,  attach\u00e9  d'administration  hors\nclasse  de l'Etat,  directement  plac\u00e9  sous.  son autorit\u00e9.\nArticle  7\nEn cas d'absence  ou d'emp\u00e9chement  de Mme  Florence  CARTON  et de M. Fran\u00e7ois  LEMATRE,  la\nd\u00e9l\u00e9gation  qui leur  est consentie  est exerc\u00e9e,  dans  la limite  de leurs  attributions  respectives,  par  :\n- Mme  Kim MYARA,  attach\u00e9e  principale  d'administration  de l'\u00c9tat,  cheffe  de la division  de\nl'immigration  professionnelle  et \u00e9tudiante  ;\n- Mme Zohra  BNOURRIF,  attach\u00e9e  d'administration  de l'\u00c9tat,  cheffe  de la division  de l'immigration\nfamiliale  ;\n- Mme  Lucie  MONTOY,  attach\u00e9e  d'administration  de l'Etat,  cheffe  de la division  de l'admission\nexceptionnelle  au s\u00e9jour  et de l'actualisation  des  situations  administratives  et de voyage  ;\n- Mme  llh\u00e8me  MAZOUZI,  attach\u00e9e  d'administration  de l'\u00c9tat,  cheffe  de la division  de la r\u00e9daction\net des  examens  sp\u00e9cialis\u00e9s.\nArticle  8\nEn cas d'absence  ou d'emp\u00eachement  de Mme  Kim  MYARA,  la d\u00e9l\u00e9gation  qui lui est consentie  est\nexerc\u00e9e,  dans  la limite  de ses attributions,  par  M. Ludovic  VAGUENER,  attach\u00e9  d'administration  de\nl'\u00c9tat,  directement  plac\u00e9  sous  son  autorit\u00e9.\nArticle  9\nEn cas d'absence  ou d'emp\u00eachement  de Mme  Zohra  BNOURRIF,  la d\u00e9l\u00e9gation  qui lui est consentie  est\nexerc\u00e9e,  dans  la limite  de ses attributions,  par Mme  Christine  COULAIS,  attach\u00e9e  d'administration  de\nl'\u00c9tat,  directement  plac\u00e9e  sous  son  autorit\u00e9.\nArticle  10\nEn cas  d'absence  ou d'emp\u00eachement  de Mme  Lucie  MONTOY,  la d\u00e9l\u00e9gation  qui lui est consentie  est\nexerc\u00e9e,  dans  la limite  de ses attributions,  par Mme  V\u00e9ronique  DE MATOS,  secr\u00e9taire  administrative  de\nclasse  exceptionnelle,  directement  plac\u00e9e  sous  son  autorit\u00e9.\nEn cas d'absence  ou d'emp\u00e9chement  de Mme  Lucie  MONTOY  et de Mme  V\u00e9ronique  DE MATOS,  la\nd\u00e9l\u00e9gation  qui leur  est consentie  est exerc\u00e9e,  dans  la limite  de leurs  attributions  respectives,  par:.\n- Mme  Maria  A\u00cfT-AMER,  secr\u00e9taire  administrative  de classe  normale,  cheffe  de la section  admission\nexceptionnelle,  pour  signer  les d\u00e9cisions  de refus  de s\u00e9jour,  les obligations  \u00e0 quitter  le territoire\n2025-00138.  3\n\nfran\u00e7ais  et les courriers  de classement  sans  suite  relatifs  aux  demandes  :\no des ressortissants  \u00e9trangers  qui d\u00e9posent  une demande  dont  un des motifs  est relatif  a\nl'admission  exceptionnelle  au s\u00e9jour  en application  des  dispositions  du chapitre  V du titre\nIll du livre  quatri\u00e8me  du code  de l'entr\u00e9e  et du s\u00e9jour  des  \u00e9trangers  et du droit  d'asile;\no des  ressortissants  alg\u00e9riens,  dont  un des motifs  de la demande  est relatif  \u00e0 l'application\ndu 1) de l'article  6 l'accord  du 27 d\u00e9cembre  1968  entre  le gouvernement  de la R\u00e9publique\nfran\u00e7aise  et le gouvernement  de la R\u00e9publique  alg\u00e9rienne  d\u00e9mocratique  et populaire  relatif\n\u00e0 la circulation,  \u00e0 l'emploi  et au s\u00e9jour  des ressortissants  alg\u00e9riens  et de leurs  familles  dit\n\u00ab accord  franco-alg\u00e9rien  \u00bb ;\n- M. Johnathan  SE, secr\u00e9taire  administratif  de classe  normale,  chef  de la section  actualisation  des\nsituations  administratives  et de voyage,  ou, en cas d'absence  ou d'emp\u00eachement  de M. Johnathan\nSE, par Mme  Monique  VERIN,  adjointe  administrative  principale  de 1** classe  et par M. R\u00e9gis\nFAUCONNIER,  adjoint  administratif  principal  de 1\u00b0 classe,  directement  plac\u00e9s  sous  son autorit\u00e9,\npour  signer  les classements  sans  suite  et les lettres  d'incompl\u00e9tude  relatifs  aux demandes  de\nrenouvellement  des cartes  de r\u00e9sident  et des certificats  de r\u00e9sidence  pour  alg\u00e9rien  de 10 ans.\nArticle  11\nEn cas d'absence  ou d'emp\u00e9chement  de Mme llh\u00e8me  MAZOUZI,  la d\u00e9l\u00e9gation  qui lui est consentie  est\nexerc\u00e9e  par Mme  Alicia  MIGUEL,  attach\u00e9e  d'administration  de l'Etat,  adjointe  \u00e0 la cheffe  de la division\nde la r\u00e9daction  et des  examens  sp\u00e9cialis\u00e9s,  et dans  la limite  de leurs  attributions  respectives,  par :\n- Mme  Laurence  JADOUI,  secr\u00e9taire  administrative  de classe  normale,  cheffe  de la section\nr\u00e9daction,  ou en cas d'emp\u00eachement  de Mme  Laurence  JADOUI,  par Mme  Nadia  BEN  AZOUN,\nsecr\u00e9taire  administrative  de classe  normale,  adjointe  \u00e0 la cheffe  de la section  r\u00e9daction  et par\nMme  No\u00e9line  ETCHEBERRY,  secr\u00e9taire  administrative  de classe  normale,  adjointe  \u00e0 la cheffe  de la\nsection  r\u00e9daction,  pour  signer  les actes  suivants  :\no d\u00e9cisions  de refus  de s\u00e9jour  ;\no courriers  d'instruction  relatifs  aux demandes  de titre  de s\u00e9jour  des  ressortissants\n\u00e9trangers  ;\no d\u00e9cisions  relatives  au regroupement  familial  ;\no courriers  d'instruction  relatifs  aux  demandes  d\u00e9pos\u00e9es  par les mineurs  et jeunes\nmajeurs  isol\u00e9s  \u00e9trangers  confi\u00e9s  \u00e0 l'Aide  sociale  \u00e0 l'enfance.\n- Mme  M\u00e9lanie  GRASA,  secr\u00e9taire  administrative  de classe  normale,  cheffe  de la section\ncommission  des titres  s\u00e9jour  et ordre  public,  ou en cas d'emp\u00eachement  de Mme  M\u00e9lanie  GRASA,\npar Mme  Brigitte  DUPONT,  secr\u00e9taire  administrative  de classe  normale,  adjointe  a la cheffe  de la\nsection  commission  des  titres  s\u00e9jour  et ordre  public,  pour  signer  les actes  suivants  :\no d\u00e9cisions  de refus  de s\u00e9jour  pour  motif  d'ordre  public  ;\no courriers  d'instruction  relatifs  aux  dossiers  devant  faire  l'objet  d'un  passage  devant  la\ncommission  du titre  de s\u00e9jour  ;\no courriers  d'instruction  relatifs  aux demandes  de titre  d\u00e9pos\u00e9es  sur le fondement  des\narticles  L. 423-5,  L. 423-18  et L. 425-1  et suivants  du code  de l'entr\u00e9e  et du s\u00e9jour  des\n\u00e9trangers  et du droit  d'asile.\nArticle  12\nEn cas d'absence  ou d'emp\u00eachement  de Mme  Anne-Val\u00e9rie  LAUGIER,  la d\u00e9l\u00e9gation  qui lui est consentie\nest exerc\u00e9e,  dans  la limite  de leurs  attributions  respectives,  par  :\n- Mme  V\u00e9ronique  CANOPE,  attach\u00e9e  d'administration  de l'\u00c9tat,  cheffe  de la division  de la r\u00e9ception\ndes usagers  ; |\n- M. Landry  VARANDA,  attach\u00e9  d'administration  de l'Etat,  chef  de la division  de l'accompagnement\ndes  usagers.\n2025-00138\n\nArticle  13\nEn cas d'absence  ou d'emp\u00eachement  de Mme  V\u00e9ronique  CANOPE,  la d\u00e9l\u00e9gation  qui lui est consentie\nest exerc\u00e9e,  dans  la limite  de ses attributions,  par Mme  Christine  MILLET,  secr\u00e9taire  administrative  de\nclasse  exceptionnelle,  directement  plac\u00e9e  sous  son  autorit\u00e9.\nArticle  14\nEn cas d'absence  ou d'emp\u00eachement  de M. Landry  VARANDA,  la d\u00e9l\u00e9gation  qui lui est consentie  est\nexerc\u00e9e,  dans  la limite  de ses attributions,  par M. Fabien  LANOELLE,  secr\u00e9taire  administratif  de classe\nexceptionnelle,  directement  plac\u00e9  sous  son  autorit\u00e9.\nArticle  15\nEn cas d'absence  ou d'emp\u00eachement  de M. Christian  HAUSMANN,  la d\u00e9l\u00e9gation  qui lui est consentie\nest exerc\u00e9e,  dans  la limite  de leurs  attributions  respectives,  par Mme  Adeline  BRAUX,  attach\u00e9e\nprincipale  d'administration  de l'\u00c9tat,  et Mme  Sophie  GLEIZON,  attach\u00e9e  d'administration  de l'\u00c9tat,\ndirectement  plac\u00e9es  sous  son  autorit\u00e9.\nEn cas d'absence  ou d'emp\u00e9chement  de M. Christian  HAUSMANN,  de Mme  Adeline  BRAUX  et de Mme\nSophie  GLEIZON,  la d\u00e9l\u00e9gation  qui leur  est consentie  est exerc\u00e9e,  dans  la limite  de leurs  attributions\nrespectives,  par  :\n- Madame  Sarah-Laure  KUTEK,  attach\u00e9e  principale  d'administration  de l'Etat,  cheffe  de la section\nde l'instruction,  Mme  Fabienne  BELLIER,  attach\u00e9e  d'administration  de l'Etat,  cheffe  de la section\nde l'instruction,  et Mme  Catherine  KATZENSTEIN,  attach\u00e9e  d'administration  de l'Etat,  cheffe  de\nla section  des  dossiers  signal\u00e9s  et de la correspondance,  pour  signer  les actes  suivants  :\no les d\u00e9cisions  de classement  sans  suite,  d'irrecevabilit\u00e9,  d'ajournement  et de rejet  oppos\u00e9es\naux  demandes  de naturalisation  et de r\u00e9int\u00e9gration  ;\no les propositions  favorables  de naturalisation  et de r\u00e9int\u00e9gration  ainsi  que  les avis\n'd\u00e9favorables  \u00e0 l'enregistrement  des d\u00e9clarations  souscrites  en application  des  articles  21-2,\n21-13-1  et 21-13-2  du code  civil  ;\no les d\u00e9cisions  d'enregistrement  des d\u00e9clarations  susvis\u00e9es  ainsi  que les d\u00e9cisions  de\nclassement  sans  suite  oppos\u00e9es  aux  d\u00e9clarants  ;\no les courriers  de retour  des dossiers  de demandes  d'acquisition  de la nationalit\u00e9  fran\u00e7aise  par\nd\u00e9claration,  lorsque  le dossier  s'av\u00e8re  incomplet.\n- 'Mme  Ingrid  BRIGITTE,  secr\u00e9taire  administrative  de classe  sup\u00e9rieure,  adjointe  a la cheffe  de la\nsection  de l'instruction,  Mme  Rosalie  PERONET,  secr\u00e9taire  administrative  de classe  normale,\nadjointe  a la cheffe  de la section  Instruction,  Mme  Taous  ALLOUACHE,  secr\u00e9taire  administrative\nde classe  sup\u00e9rieure,  adjointe  \u00e0 la cheffe  de la section  charg\u00e9e  des  dossiers  signal\u00e9s  et de la\ncorrespondance,  Mme  Nora  BELBACHIR,  secr\u00e9taire  administrative  de classe  exceptionnelle,\ncheffe  de la section  de la pr\u00e9-instruction  et des c\u00e9r\u00e9monies,  Mme  Fany  PIERRE,  secr\u00e9taire\nadministrative  de classe  normale,  adjointe  \u00e0 la cheffe  de la section  de la pr\u00e9-instruction  et des\nc\u00e9r\u00e9monies,  Mme  Marie-France  LAUCOURT,  adjointe  administrative  principale  de 1\u00b0* classe,\nadjointe  a la cheffe  de la section  de la pr\u00e9-instruction  et des c\u00e9r\u00e9monies  et Mme  V\u00e9ronique\nSAGOT,  secr\u00e9taire  administrative  de classe  normale,  gestionnaire  de l'attribution  des dossiers  et\nde l'interface  avec  les services  d'enqu\u00eate,  pour  signer  les courriers  de retour  des dossiers  de\ndemandes  d'acquisition  de la nationalit\u00e9  fran\u00e7aise  par d\u00e9claration,  lorsque  le dossier  s'av\u00e8re\nincomplet  ;\n- Mme  Nora  BELBACHIR,  secr\u00e9taire  administrative  de classe  exceptionnelle,  cheffe  de la section\n_de la pr\u00e9-instruction  et des  c\u00e9r\u00e9monies,  Mme  Fany  PIERRE,  secr\u00e9taire  administrative  de classe\nnormale,  adjointe  \u00e0 la cheffe  de la section  de la pr\u00e9-instruction  et des c\u00e9r\u00e9monies,  Mme  Marie-\nFrance  LAUCOURT,  adjointe  administrative  principale  de 1\u00b0\" classe,  adjointe  \u00e0 la cheffe  de la\nsection  de la pr\u00e9-instruction  et des c\u00e9r\u00e9monies,  Mme  V\u00e9ronique  SAGOT,  secr\u00e9taire\nadministrative  de classe  normale,  gestionnaire  de l'attribution  des dossiers  et de l'interface  avec\n2025-09138  5\n\nles services  d'enqu\u00e9te,  Mme  Ingrid  BRIGITTE,  secr\u00e9taire  administrative  de classe  sup\u00e9rieure,\nadjointe  \u00e0 la cheffe  de la section  de l'instruction,  Mme  Rosalie  PERONET,  secr\u00e9taire\nadministrative  de classe  normale,  adjointe  a la cheffe  de la section  Instruction,  et par  Mme\nTaous  ALLOUACHE,  secr\u00e9taire  administrative  de classe  sup\u00e9rieure,  adjointe  a la cheffe  de la\nsection  des  dossiers  signal\u00e9s  et de la correspondance,  au titre  de l'utilisation  du t\u00e9l\u00e9service  de\nprise  en charge  des  demandes  d'acquisition  de nationalit\u00e9  (NATALI),  pour  valider  et signer  les\nd\u00e9cisions  de classement  sans  suite  au stade  de la v\u00e9rification  formelle  et au stade  de\nl'instruction  ainsi  que  les d\u00e9cisions  dans  le cadre  des  recours  gracieux  form\u00e9s  contre  ces\nclassements  sans  suite.\nArticle  16\nEn cas  d'absence  ou d'emp\u00e9chement  de M. Christian  VEDELAGO,  la d\u00e9l\u00e9gation  qui lui est consentie  est\nexerc\u00e9e,  dans  la limite  de leurs  attributions  respectives,  par  :\nMM.  St\u00e9phane  HERING  et Faustin  MISSEREY,  attach\u00e9s  principaux  d'administration  de l'Etat,\nMmes  Koudedja  FOFANA,  Blandine  AGEORGES,  C\u00e9line  SIMEON,  Toymina  SOULA,  France  BECK,\net Ihsane  FRANCOIS,  attach\u00e9es  d'administration  de l'\u00c9tat,  ainsi  que  MM.  Charles  THURIES,\nCl\u00e9ment  COSTARD  et Pierre  MATHIEU,  attach\u00e9s  d'administration  de l'\u00c9tat,-pour  tous  actes,\narr\u00eat\u00e9s,  d\u00e9cisions  et pi\u00e8ces  comptables  n\u00e9cessaires  \u00e0 l'exercice  des  missions  d\u00e9finies  \u00e0 l'article\n22 de l'arr\u00eat\u00e9  du 23 octobre  2023  susvis\u00e9  ;\nM. Youssef  BERQOUQI,  conseiller  d'administration  de l'int\u00e9rieur  et de l'outre-mer,  chef  du bureau\nde l'accueil  de la demande  d'asile,  pour  tous  actes,  arr\u00eat\u00e9s,  d\u00e9cisions  et pi\u00e8ces  comptables\nn\u00e9cessaires  \u00e0 l'exercice  des  missions  d\u00e9finies  \u00e0 l'article  23 de l'arr\u00eat\u00e9  du 23 octobre  2023  susvis\u00e9.\nArticle  17\nEn cas  d'absence  ou d'emp\u00e9chement  de M. Youssef  BERQOUQI,  la d\u00e9l\u00e9gation  qui lui est consentie  est\nexerc\u00e9e,  dans  la limite  de leurs  attributions  respectives,  par  :\nMme  Jos\u00e9pha  DAUTREY,  attach\u00e9e  principale  d'administration  de l'\u00c9tat,  adjointe  au chef  du\nbureau  de l'accueil  de la demande  d'asile  ;\nMme  Caroline  TASSEL,  attach\u00e9e  d'administration  hors  classe  de l'\u00c9tat,  adjointe  au chef  du\nbureau  de l'accueil  de la demande  d'asile  ;\nMme  Regina  MONFORT,  attach\u00e9e  d'administration  de l'Etat,  cheffe  du p\u00f4le  asile  ;\nMme  Pascale  AUBRY,  attach\u00e9e  d'administration  de l'\u00c9tat,  cheffe  du p\u00f4le  interd\u00e9partemental\nDublin.\nArticle  18\nEn cas  d'absence  ou d'emp\u00e9chement  de M. Rodolphe  WILS,  re\u00e7oivent  d\u00e9l\u00e9gation  \u00e0 l'effet  de signer\ntous  actes,  arr\u00eat\u00e9s,  d\u00e9cisions  et pi\u00e8ces  comptables,  dans  la limite  de leurs  attributions  respectives  :\nMme  Marie-Caroline  SAILLY,  attach\u00e9e  principale  d'administration  de l'\u00c9tat,  cheffe  du bureau  des\nrelations  et des  ressources  humaines  ;\nM. Damien  ROUX,  attach\u00e9  principal  d'administration  de l'\u00c9tat,  chef  du bureau  des affaires\nfinanci\u00e8res,  immobili\u00e8res  et logistiques  ;\nMme  Sylvia  VITERITTI,  ing\u00e9nieure  principale  des syst\u00e8mes  d'information  et de communication,\ncheffe  du bureau  de l'accompagnement  et de la transformation  num\u00e9riques  ;\nMme  Farah  RAHMOUN,  attach\u00e9e  principale  d'administration  de l'Etat,  cheffe  du bureau  du\nsoutien  juridique  et du contentieux.\n2025-09138  6\n\nArticle  19\nEn cas  d'absence  ou d'emp\u00e9chement  d\u00e9 Mme  Farah  RAHMOUN,  la d\u00e9l\u00e9gation  qui lui est consentie  est\nexerc\u00e9e,  dans  la limite  de leurs  attributions  respectives,  par  M. Philippe  MARTIN,  attach\u00e9  principal\nd'administration  de l'\u00c9tat,  et par Jean-Pierre  LOUIS-PHILIPPE,  attach\u00e9  d'administration  de l'\u00c9tat,\ndirectement  plac\u00e9s  sous  son  autorit\u00e9.\nEn cas d'absence  ou d'emp\u00e9chement  de Mme  Farah  RAHMOUN,  de M. Philippe  MARTIN  et de M. Jean-\nPierre  LOUIS-PHILIPPE,  la d\u00e9l\u00e9gation  qui leur  est consentie  est exerc\u00e9e,  dans  la limite  de leurs\nattributions  respectives,  par  Mme  Isabelle  GOMEZ,  secr\u00e9taire  administrative  de classe  exceptionnelle,\net par  M. Yannick  ALLAIN,  secr\u00e9taire  administratif  de classe  exceptionnelle.\nArticle  20\nLe pr\u00e9sent  arr\u00e9t\u00e9  entre  en vigueur  le 4 f\u00e9vrier  2025.\nArticle  21 |\nLa pr\u00e9f\u00e8te,  directrice  de cabinet,  et la pr\u00e9f\u00e8te  d\u00e9l\u00e9gu\u00e9e  \u00e0 l'immigration  sont  charg\u00e9es,  chacune  en ce\nqui la concerne,  de l'ex\u00e9cution  du pr\u00e9sent  arr\u00eat\u00e9  qui sera  publi\u00e9  aux  recueils  des  actes  administratifs\ndes  pr\u00e9fectures  de la zone  de d\u00e9fense  et de s\u00e9curit\u00e9  de Paris.\nFait  \u00e0 Paris,  3 1 JAN. 2025\nLaurent  NUNEZ\n2025-00138\n\n10 \n  \n \n \n \n \nRECUEIL DES ACTES ADMINISTRATIFS  \n \nDU \n \nPREFET DES HAUTS -DE-SEINE  \n \n \nISSN 0985 - 5955  \n \n \n \n \n \nPour toute correspondance, s'adresser \u00e0 :  \n \nPREFET DES HAUTS -DE-SEINE  \n \nSecr\u00e9tariat g\u00e9n\u00e9ral  \nSecr\u00e9tariat g\u00e9n\u00e9ral aux affaires d\u00e9partementales  \n \n167/177, Avenue Joliot Curie  \n92013 NANTERRE CEDEX  \n \n \n \n \nLe recueil des actes administratifs est consultable en ligne sur le site de la pr\u00e9fecture  \nAdresse Internet  : http://www.hauts -de-seine.gouv.fr/  \n \nDirecteur de la publication  : \n \nAlexandre BRUGERE \n \nPREFET DES HAUTS -DE-SEINE  \n \n  \n11 \n  \n \n \n \n \n \n \n \n \n \n \n \n \n \n \n \n \n \n \n \n \n \n \n \n \n \n \n \n \n \n \n \n \n \n \n \n \n \n \n \n \nPREFECTURE DES HAUTS -DE-SEINE  \n167-177,  avenue Joliot Curie 92013 NANTERRE Cedex  \nCourriel  : courrier@hauts -de-seine.gouv.fr  \nStandard  : 01.40.97.20.00 T\u00e9l\u00e9copie 01.40.97.25.21  \nAdresse Internet  : http://www.hauts -de-seine.gouv.fr/","date":"2025-01-31","first_seen_on":"2025-01-31T17:38:04+00:00","id":"8d466ba93326f55508d8faa479a319225e0a23f85277d827050eaa72972bb3b5","name":"RAA sp\u00e9cial Pr\u00e9fecture de Police du 31 janvier 2025","pdf_creation_date":null,"pdf_modification_date":null,"timezone":"CET","url":"https://www.hauts-de-seine.gouv.fr/contenu/telechargement/26254/183786/file/2025-01-31%20RAA%20sp%C3%A9cial%20Pr%C3%A9fecture%20de%20Police%20du%2031%20janvier%202025.pdf"}
