{"administration":"pref75","administration_name":"Pr\u00e9fecture de Paris","content":"PREFECTURE\nDE PARIS\nRECUEIL DES ACTES\nADMINISTRATIFS SP\u00c9CIAL\nN\u00b075-2026-150\nPUBLI\u00c9 LE 12 MARS 2026\nSommaire\nDirection r\u00e9gionale et interd\u00e9partementale de l'\u00e9conomie, de l'emploi,\ndu travail et des solidarit\u00e9s d'\u00cele-de-France / Unit\u00e9 d\u00e9partementale\nde Paris\n75-2026-03-11-00007 - D\u00e9cision relative \u00e0 l'agr\u00e9ment entreprise\nsolidaire d'utilit\u00e9 sociale (ESUS)\n(LES RESISTANTS) (2 pages) Page 3\nDirection r\u00e9gionale et interd\u00e9partementale de l'h\u00e9bergement et du\nlogement / Unit\u00e9 d\u00e9partementale de  Paris\n75-2026-03-11-00005 - Arr\u00eat\u00e9 portant r\u00e9partition des si\u00e8ges de la\ncommission d\u00e9partementale de conciliation des baux d'habitation de\nParis (2 pages) Page 6\n75-2026-03-11-00006 - Arr\u00eat\u00e9 prorogeant l'arr\u00eat\u00e9 du 17 mars 2023\nportant renouvellement de la commission d\u00e9partementale de\nconciliation de Paris (2 pages) Page 9\nPr\u00e9fecture de Police / Cabinet\n75-2026-03-11-00004 - Arr\u00eat\u00e9 n\u00b02026-00281 autorisant la captation,\nl'enregistrement et la transmission d'images au moyen de cam\u00e9ras\ninstall\u00e9es sur des a\u00e9ronefs \u00e0 Paris les 12 et 13 mars 2026 (4 pages) Page 12\n75-2026-03-12-00006 - Arr\u00eat\u00e9 n\u00b02026-00282 du 12 mars 2026\nautorisant la captation, l'enregistrement et la transmission d'images\nau moyen d'une cam\u00e9ra install\u00e9e sur des a\u00e9ronefs dans le\nVal-de-Marne (94) le 12 mars 2026 (4 pages) Page 17\n75-2026-03-12-00005 - Arr\u00eat\u00e9 n\u00b02026-00283 du 12 mars\n2026\nautorisant la captation, l'enregistrement et la transmission\nd'images au moyen d'une cam\u00e9ra install\u00e9e sur des a\u00e9ronefs\ndans le Val-de-Marne (94) le 12 mars 2026 (4 pages) Page 22\nPr\u00e9fecture de Police / D\u00e9l\u00e9gation pour la s\u00e9curit\u00e9 et la suret\u00e9 des\nplateformes a\u00e9roportuaires de Paris\n75-2026-03-12-00004 - Arr\u00eat\u00e9 pr\u00e9fectoral n\u00b0 2026 - 101 portant\nmesures temporaires de s\u00e9curit\u00e9 et de stationnement \u00e0 proximit\u00e9\ndu pavillon de r\u00e9ception de l'a\u00e9roport de Paris - Charles de\nGaulle (4 pages) Page 27\nSNCF R\u00e9seau /\n75-2026-02-05-00008 - D\u00e9cision de d\u00e9classement du domaine public\nferroviaire - PARIS 05 02 2026 (2 pages) Page 32\n2\nDirection r\u00e9gionale et interd\u00e9partementale de\nl'\u00e9conomie, de l'emploi, du travail et des\nsolidarit\u00e9s d'\u00cele-de-France\n75-2026-03-11-00007\nD\u00e9cision relative \u00e0 l'agr\u00e9ment entreprise\nsolidaire d'utilit\u00e9 sociale (ESUS)\n(LES RESISTANTS)\nDirection r\u00e9gionale et interd\u00e9partementale de l'\u00e9conomie, de l'emploi, du travail et des solidarit\u00e9s d'\u00cele-de-France -\n75-2026-03-11-00007 - D\u00e9cision relative \u00e0 l'agr\u00e9ment entreprise solidaire d'utilit\u00e9 sociale (ESUS)\n(LES RESISTANTS)\n3\nPREFET |DE LA REGIOND'\u00ceLE-DE-FRANCELibert\u00e9Egalit\u00e9Fraternit\u00e9\n Direction r\u00e9gionale et interd\u00e9partementale \nde l'\u00e9conomie, de l'emploi, \ndu travail et des solidarit\u00e9s \n \nUnit\u00e9 d\u00e9partementale de Paris \n  \n \n \n \n \nDECISION RELATIVE A  \n \nL'AGREMENT ENTREPRISE SOLIDAIRE D'UTILITE SOCIALE (ESUS)  \n \n \nVU la loi N\u00b0 2014-856 du 31 juillet 2014 relative \u00e0 l'\u00e9conomie sociale et solidaire (articles \n1, 2 et 7) \n \nVU l'article L. 3332-17-1 du Code du Travail,  \n \nVU l'accus\u00e9 de r\u00e9ception de la demande d'agr\u00e9ment au titre d'entreprise solidaire \nd'utilit\u00e9 sociale pr\u00e9sent\u00e9e par la soci\u00e9t\u00e9 \u00ab GROUPE LES RESISTANTS \u00bb en date du 16 \nf\u00e9vrier 2026, \n \nVU les pi\u00e8ces justificatives accompagnant la demande compl\u00e8te,  \n \n \n  \n \n \n \nDECIDE \n \n \n \n \nARTICLE 1 : La soci\u00e9t\u00e9 \u00ab GROUPE LES RESISTANTS \u00bb sise 91, rue du Faubourg Saint-\nDenis - 75010 Paris (num\u00e9ro SIRET : 831 204 904) est agr\u00e9\u00e9e en qualit\u00e9 d' entreprise \nsolidaire d'utilit\u00e9 sociale au sens de l'article L.3332-17-1 du Code du Travail. \n \n \nARTICLE 2 : Sauf modification de nature \u00e0 remettre en cause la qualit\u00e9 d'entreprise \nsolidaire en rapport avec l'article L 3332 -17-1, le pr\u00e9sent agr\u00e9ment est accord\u00e9 pour \nune dur\u00e9e de cinq ans compter de sa date de notification. \n \nDirection r\u00e9gionale et interd\u00e9partementale de l'\u00e9conomie, de l'emploi, du travail et des solidarit\u00e9s d'\u00cele-de-France -\n75-2026-03-11-00007 - D\u00e9cision relative \u00e0 l'agr\u00e9ment entreprise solidaire d'utilit\u00e9 sociale (ESUS)\n(LES RESISTANTS)\n4\nARTICLE 3 : Le pr\u00e9fet de la r\u00e9gion Ile de France, Pr\u00e9fet de Paris  et le responsable de \nl'Unit\u00e9 d\u00e9partementale de Paris \u2013 UD 75 - de la Direction r\u00e9gionale et \ninterd\u00e9partementale de l'\u00e9conomie, de l'emploi, du travail et des solidarit\u00e9s - DRIEETS \nd'Ile-de-France, sont charg\u00e9s, chacun en ce qui le concerne, de l'ex\u00e9cution de la \npr\u00e9sente d\u00e9cision qui sera publi\u00e9e au Recueil des Actes Administratifs de la pr\u00e9fecture \nde la r\u00e9gion d'Ile de France, pr\u00e9fecture de Paris, accessible sur le site internet de la \npr\u00e9fecture de la r\u00e9gion d'Ile de France, pr\u00e9fecture de Paris : www.ile-de-france.gouv.fr \n \n \nFait \u00e0 Paris, le 11 mars 2026 \n \nP/Pour le pr\u00e9fet, par d\u00e9l\u00e9gation et \npar subd\u00e9l\u00e9gation du Directeur \nr\u00e9gional et interd\u00e9partemental de \nl'\u00e9conomie, de l'emploi, du travail \net des solidarit\u00e9s d'Ile de France, \n \nLa Directrice du P\u00f4le entreprises, \nemploi et solidarit\u00e9s  \n \nSign\u00e9 \n \nMarie MARCENA \n \n \n \nVoies et d\u00e9lais de recours  : La pr\u00e9sente d\u00e9cision peut faire l'objet, dans un d\u00e9lai de deux mois \u00e0 \ncompter de sa notification, d'un recours gracieux devant le Responsable de l'Unit\u00e9 \nD\u00e9partementale de Paris (35 rue de la Gare \u2013 CS60003 \u2013 75144 Paris cedex 19), d'un recours \nhi\u00e9rarchique devant le Ministre (Minist\u00e8re du Travail, 127 rue de Grenelle 75007 PARIS 07), d'un \nrecours contentieux devant le tribunal administratif de Paris (7 rue de Jouy \u2013 75181 Paris cedex \n04). Ces recours ne sont pas suspensifs. \nDirection r\u00e9gionale et interd\u00e9partementale de l'\u00e9conomie, de l'emploi, du travail et des solidarit\u00e9s d'\u00cele-de-France -\n75-2026-03-11-00007 - D\u00e9cision relative \u00e0 l'agr\u00e9ment entreprise solidaire d'utilit\u00e9 sociale (ESUS)\n(LES RESISTANTS)\n5\nDirection r\u00e9gionale et interd\u00e9partementale de\nl'h\u00e9bergement et du logement\n75-2026-03-11-00005\nArr\u00eat\u00e9 portant r\u00e9partition des si\u00e8ges de la\ncommission d\u00e9partementale de conciliation des\nbaux d'habitation de Paris\nDirection r\u00e9gionale et interd\u00e9partementale de l'h\u00e9bergement et du logement - 75-2026-03-11-00005 - Arr\u00eat\u00e9 portant r\u00e9partition des\nsi\u00e8ges de la commission d\u00e9partementale de conciliation des baux d'habitation de Paris 6\nPREFETDE PARISLibert\u00e9\u00c9galit\u00e9Fraternit\u00e9\n \n \n \nARR\u00caT\u00c9 n\u00b0 \nPORTANT R\u00c9PARTITION DES SI\u00c8GES DE LA COMMISSION D\u00c9PARTEMENTALE  \nDE CONCILIATION DES BAUX D'HABITATION DE PARIS \n \nLe pr\u00e9fet de la r\u00e9gion d'\u00cele-de-France, \nPr\u00e9fet de Paris, \nGrand officier de la L\u00e9gion d'honneur \nOfficier de l'ordre national du M\u00e9rite \n \n \n \nVu la loi n\u00b086-1290 du 23 d\u00e9cembre 1986 tendant \u00e0 favoriser l'investissement locatif, l'accession \u00e0 la \npropri\u00e9t\u00e9 de logements sociaux et le d\u00e9veloppement de l'offre fonci\u00e8re  ; \n \nVu la loi n\u00b089-462 du 6 juillet 1989 modifi\u00e9e tendant \u00e0 am\u00e9liorer les rapports locatifs et portant \nmodification de la loi n\u00b086-1290 du 23 d\u00e9cembre 1986 ; \n \nVu la loi n\u00b0 2018-1021 du 23 novembre 2018 portant \u00e9volution du logement, de l'am\u00e9nagement et du \nnum\u00e9rique, notamment son article 140 ; \n \nVu le d\u00e9cret n\u00b02001-653 du 19 juillet 2001 pris pour l'application de l'article 20 de la loi n\u00b089-462 du 6 \njuillet 1989 et relatif aux commissions d\u00e9partementales de conciliation  ; \n \nVu le d\u00e9cret n\u00b0 2015-733 du 24 juin 2015 relatif aux commissions d\u00e9partementales de conciliation des \nlitiges locatifs ; \n \nVu l'arr\u00eat\u00e9 pr\u00e9fectoral n\u00b075 -2023-01-26-00008 du 26 janvier 2023 fixant la liste des organisations de \nbailleurs et de locataires repr\u00e9sentatives et le nombre de leurs repr\u00e9sentants \u00e0 la commission \nd\u00e9partementale de conciliation de Paris ; \n \nVu l'arr\u00eat\u00e9 pr\u00e9fectoral n\u00b075-2023-07-07-00019 du 7 juillet 2023 modifiant la r\u00e9partition des si\u00e8ges de \nla commission d\u00e9partementale de conciliation de Paris ; \n \nConsid\u00e9rant qu'il y a lieu de proc\u00e9der \u00e0 la mise \u00e0 jour de la repr\u00e9sentativit\u00e9 des organisations \nmembres de la commission de conciliation de Paris ; \n                                                                                                             \nSur proposition de la pr\u00e9f\u00e8te, direct rice de cabinet du pr\u00e9fet de r\u00e9gion d'\u00cele -de-France, pr\u00e9fet de \nParis, \n \n \n \n \n \nDirection r\u00e9gionale et interd\u00e9partementale de l'h\u00e9bergement et du logement - 75-2026-03-11-00005 - Arr\u00eat\u00e9 portant r\u00e9partition des\nsi\u00e8ges de la commission d\u00e9partementale de conciliation des baux d'habitation de Paris 7\nA R R \u00ca T E :  \n \n \nArticle 1  : Le coll\u00e8ge des bailleurs de la commission de conciliation de Paris comporte 25 si\u00e8ges \nr\u00e9partis entre les organisations de bailleurs ci-apr\u00e8s : \n \n\u2022 l'Association des organismes de la r\u00e9gion \u00cele-de-France \u2013 Union sociale pour l'habitat d' \u00cele-\nde-France (AORIF) : \u2026\u2026\u2026\u2026\u2026\u2026\u2026\u2026\u2026\u2026..\u2026\u2026\u2026\u2026\u2026\u2026\u2026\u2026\u2026\u2026\u2026\u2026\u2026\u2026\u2026\u2026\u2026\u2026\u2026\u2026\u2026\u2026\u2026\u2026\u2026\u2026\u2026\u2026\u2026\u2026...\u202610 si\u00e8ges  \n\u2022 la Chambre des propri\u00e9taires du Grand Paris (CPGP) : ..\u2026\u2026\u2026\u2026\u2026\u2026\u2026\u2026\u2026\u2026\u2026\u2026\u2026\u2026\u2026..\u2026...\u2026..4 si\u00e8ges \n\u2022 France Assureurs : ..\u2026\u2026\u2026\u2026\u2026\u2026\u2026\u2026\u2026\u2026\u2026\u2026\u2026\u2026\u2026\u2026\u2026\u2026\u2026\u2026\u2026\u2026\u2026\u2026\u2026...........................................\u2026\u2026.4 si\u00e8ges  \n\u2022 la F\u00e9d\u00e9ration r\u00e9gionale des entreprises publiques locales (FedEpl) d'\u00cele-de-France :   3 si\u00e8ges \n\u2022 l'Union pour le d\u00e9veloppement du logement interm\u00e9diaire (UDLI) : \u2026\u2026\u2026\u2026\u2026\u2026\u2026\u2026\u2026......2 si\u00e8ges \n\u2022 l'Union des propri\u00e9taires immobiliers Paris M\u00e9tropole (UNPI Paris M\u00e9tropole)  : \u2026\u2026\u2026..1 si\u00e8ge \n\u2022 l'Union des Syndicats de l'immobilier (UNIS) : \u2026\u2026\u2026\u2026\u2026\u2026\u2026\u2026\u2026\u2026\u2026\u2026\u2026\u2026\u2026\u2026\u2026\u2026\u2026\u2026\u2026\u2026\u2026\u2026\u2026\u20261 si\u00e8ge \n \n \nArticle 2  : Le coll\u00e8ge des locataires de la commission de conci liation de Paris comporte 25 si\u00e8ges \nr\u00e9partis entre les organisations de locataires ci-apr\u00e8s : \n \n\u2022 la Conf\u00e9d\u00e9ration nationale du logement \u2013 F\u00e9d\u00e9ration du logement de Paris \n(CNL75) : \u2026\u2026\u2026\u2026\u2026\u2026\u2026\u2026\u2026\u2026\u2026\u2026\u2026\u2026\u2026\u2026\u2026\u2026\u2026\u2026\u2026\u2026\u2026\u2026\u2026\u2026\u2026\u2026\u2026\u2026\u2026\u2026\u2026\u2026\u2026\u2026\u2026\u2026\u2026\u2026\u2026\u2026\u2026\u2026\u2026\u2026\u2026\u2026\u2026\u2026.8 si\u00e8ges  \n\u2022 l'Union d\u00e9partementale Consommation, logement et cadre de vie (CLCV 75) : \u2026\u2026\u2026.5 si\u00e8ges \n\u2022 le Syndicat du logement et de la consommation \u2013 conf\u00e9d\u00e9ration syndicale des familles (SLC -\nCSF) : \u2026\u2026\u2026\u2026\u2026\u2026\u2026\u2026\u2026\u2026\u2026\u2026\u2026\u2026\u2026\u2026\u2026\u2026\u2026\u2026\u2026\u2026\u2026\u2026\u2026.\u2026\u2026\u2026\u2026\u2026\u2026\u2026\u2026\u2026\u2026\u2026\u2026\u2026\u2026\u2026\u2026\u2026\u2026\u2026\u2026\u2026\u2026\u2026\u2026\u2026\u2026\u2026.5 si\u00e8ges  \n\u2022 l'Association force ouvri\u00e8re consommateurs de Paris (AFOC 75) : \u2026\u2026\u2026..\u2026\u2026\u2026\u2026\u2026\u2026\u2026\u2026..3 si\u00e8ges \n\u2022 la Conf\u00e9d\u00e9ration g\u00e9n\u00e9rale du logement de Paris (CGL 75) : \u2026\u2026\u2026\u2026\u2026\u2026\u2026\u2026\u2026.\u2026\u2026\u2026\u2026\u2026\u2026\u2026.2 si\u00e8ges \n\u2022 l'Union nationale des locataires ind\u00e9pendants (UNLI) : \u2026\u2026\u2026\u2026\u2026\u2026\u2026\u2026\u2026\u2026\u2026\u2026\u2026\u2026\u2026\u2026\u2026\u2026\u2026..2 si\u00e8ges \n \n \nArticle 3 : La date d'entr\u00e9e en vigueur du pr\u00e9sent arr\u00eat\u00e9 est fix\u00e9e au 1 er mars 2026. \n \n \nArticle 4 : L'arr\u00eat\u00e9 pr\u00e9fectoral n\u00b075-2023-01-26-00008 du 26 janvier 2023 est abrog\u00e9. \n \n \nArticle 5 : Tout recours contre le pr\u00e9sent arr\u00eat\u00e9 doit parvenir au tribunal administratif de Paris d ans \nle d\u00e9lai de deux mois \u00e0 compter de sa notification pour les personnes auxquelles il a \u00e9t\u00e9 notifi\u00e9, ou \nde sa publication au recueil des actes administratifs de la pr\u00e9fecture de Paris et de la pr\u00e9fecture de \npolice pour les autres personnes. \n \n   \nArticle 6 : La pr\u00e9f\u00e8te, directrice de cabinet du pr\u00e9fet de r\u00e9gion d'\u00cele -de-France, pr\u00e9fet de Paris, est \ncharg\u00e9e de l'ex\u00e9cution du pr\u00e9sent arr\u00eat\u00e9 qui sera publi\u00e9 au recueil des actes administratifs de la \npr\u00e9fecture de Paris et de la pr\u00e9fecture de police, accessible su r le portail web de la pr\u00e9fecture de \nParis et d'\u00cele-de-France : www.ile-de-france.gouv.fr . \n \n                          Fait \u00e0 Paris, le 11 mars 2026 \n \n                                                                         Le pr\u00e9fet de la r\u00e9gion d'Ile-de-France, \n                          Pr\u00e9fet de Paris, \n        \n                                                                             SIGN\u00c9 \n \n                                                                              Marc GUILLAUME \n \n \nDirection r\u00e9gionale et interd\u00e9partementale de l'h\u00e9bergement et du logement - 75-2026-03-11-00005 - Arr\u00eat\u00e9 portant r\u00e9partition des\nsi\u00e8ges de la commission d\u00e9partementale de conciliation des baux d'habitation de Paris 8\nDirection r\u00e9gionale et interd\u00e9partementale de\nl'h\u00e9bergement et du logement\n75-2026-03-11-00006\nArr\u00eat\u00e9 prorogeant l'arr\u00eat\u00e9 du 17 mars 2023\nportant renouvellement de la commission\nd\u00e9partementale de conciliation de Paris\nDirection r\u00e9gionale et interd\u00e9partementale de l'h\u00e9bergement et du logement - 75-2026-03-11-00006 - Arr\u00eat\u00e9 prorogeant l'arr\u00eat\u00e9 du 17\nmars 2023 portant renouvellement de la commission d\u00e9partementale de conciliation de Paris 9\nPREFETDE PARISLibert\u00e9Egalit\u00e9Fraternit\u00e9\n1 \n \n \n \n \n \n \n \n \nARR\u00caT\u00c9  \nPROROGEANT L'ARR\u00caT\u00c9 DU 17 MARS 2023 \nPORTANT RENOUVELLEMENT DE LA COMMISSION \nD\u00c9PARTEMENTALE DE CONCILIATION DE PARIS \n \n \nLe pr\u00e9fet de la r\u00e9gion d'\u00cele-de-France, \npr\u00e9fet de Paris, \nGrand officier de l'ordre national de la L\u00e9gion d'honneur \nOfficier de l'ordre national du M\u00e9rite \n \n \nVu la loi n\u00b086 -1290 du 23 d\u00e9cembre 1986 tendant \u00e0 favoriser l'investissement locatif, \nl'accession \u00e0 la propri\u00e9t\u00e9 de logements sociaux et le d\u00e9veloppement de l'offre fonci\u00e8re ; \n \nVu la loi n\u00b089 -462 du 6 juillet 1989 mo difi\u00e9e tendant \u00e0 am\u00e9liorer les rapports locatifs et \nportant modification de la loi n\u00b086-1290 du 23 d\u00e9cembre 1986 ; \n \nVu la loi n\u00b02018 -1021 du 23 novembre 2018 portant \u00e9volution du logement, de \nl'am\u00e9nagement et du num\u00e9rique, notamment son article 140 ;  \n \nVu le d\u00e9cret n\u00b02001 -653 du 19 juillet 2001 modifi\u00e9 pris pour l'application de l'article 20 \nde la loi n\u00b0 89 -462 du 6 juillet 1989 et relatif aux commissions d\u00e9partementales de \nconciliation ; \n \nVu le d\u00e9cret n\u00b02015 -733 du 24 juin 2015 relatif aux commissions d\u00e9pa rtementales de \nconciliation des litiges locatifs ; \n \nVu l'arr\u00eat\u00e9 pr\u00e9fectoral n\u00b0 75 -2023-01-26-0008 du 26 janvier  2023 fixant la liste des \norganisations de bailleurs et de locataires repr\u00e9sentatives et le nombre de leurs \nrepr\u00e9sentants \u00e0 la commission d\u00e9partementale de conciliation de Paris ; \n \nVu l'arr\u00eat\u00e9 pr\u00e9fectoral du 17 mars 2023  portant renouvellement de la commission \nd\u00e9partementale de conciliation de Paris ; \n \nVu l'arr\u00eat\u00e9  pr\u00e9fectoral du 15 avril 2024 modifiant la composition nominative de la \ncommission d\u00e9partementale de conciliation des baux d'habitation de Paris ; \n \nSur proposition du pr\u00e9fet, directeur de cabinet du pr\u00e9fet de r\u00e9gion d'\u00cele -de-France, \npr\u00e9fet de Paris, \n \nDirection r\u00e9gionale et interd\u00e9partementale de l'h\u00e9bergement et du logement - 75-2026-03-11-00006 - Arr\u00eat\u00e9 prorogeant l'arr\u00eat\u00e9 du 17\nmars 2023 portant renouvellement de la commission d\u00e9partementale de conciliation de Paris 10\n2 \nARR\u00caTE : \n \n \nARTICLE 1 er : L'arr\u00eat\u00e9 pr\u00e9fectoral du 17 mars 2023 portant renouvellement d e la \ncommission d\u00e9partementale de conciliation de Paris  est prorog\u00e9 pour une dur\u00e9e de 3 \nmois. \n \nARTICLE 2 : Tout recours contre le pr\u00e9sent arr\u00eat\u00e9 doit parvenir au tribunal administratif \nde Paris dans le d\u00e9lai de deux mois \u00e0 compter de sa notification aux personnes \nconcern\u00e9es. \n \nARTICLE 3 : La pr\u00e9f\u00e8te, directrice de cabinet du pr\u00e9fet de r\u00e9gion d'\u00cele -de-France, pr\u00e9fet \nde Paris, est charg\u00e9e de l'ex\u00e9cution du pr\u00e9sent arr\u00eat\u00e9.  \n \n \n           Fait \u00e0 Paris, le 11 mars 2026 \n \n \nLe pr\u00e9fet de la r\u00e9gion d'Ile-de-France, \nPr\u00e9fet de Paris, \n \nSIGN\u00c9 \n \nMarc GUILLAUME \nDirection r\u00e9gionale et interd\u00e9partementale de l'h\u00e9bergement et du logement - 75-2026-03-11-00006 - Arr\u00eat\u00e9 prorogeant l'arr\u00eat\u00e9 du 17\nmars 2023 portant renouvellement de la commission d\u00e9partementale de conciliation de Paris 11\nPr\u00e9fecture de Police\n75-2026-03-11-00004\nArr\u00eat\u00e9 n\u00b02026-00281 autorisant la captation,\nl'enregistrement et la transmission d'images au\nmoyen de cam\u00e9ras install\u00e9es sur des a\u00e9ronefs \u00e0\nParis les 12 et 13 mars 2026\nPr\u00e9fecture de Police - 75-2026-03-11-00004 - Arr\u00eat\u00e9 n\u00b02026-00281 autorisant la captation, l'enregistrement et la transmission d'images\nau moyen de cam\u00e9ras install\u00e9es sur des a\u00e9ronefs \u00e0 Paris les 12 et 13 mars 2026 12\nPREFECTUREDE POLICELibert\u00e9Egalit\u00e9Fraternit\u00e9\nLUa\nCABINET DU PREFET\nArr\u00eat\u00e9 n\u00b02026-00281\nautorisant la captation, l'enregistrement et la transmission d'images au moyen de cam\u00e9ras \ninstall\u00e9es sur des a\u00e9ronefs \u00e0 Paris les 12 et 13 mars 2026\nLe pr\u00e9fet de police,\nVu le code de la s\u00e9curit\u00e9 int\u00e9rieure, notamment ses articles L. 242-1 \u00e0 L. \u00a0242-8 et R.\u00a0242-8 \u00e0 \nR. 242-14\u00a0;\nVu  le  d\u00e9cret  n\u00b0  2004-374  modifi\u00e9  du  29  avril  2004  relatif  aux  pouvoirs  des  pr\u00e9fets,  \u00e0  \nl'organisation  et  \u00e0  l'action  des  services  de  l'Etat  dans  les  r\u00e9gions  et  d\u00e9partements,  \nnotamment son article 72 ;\nVu  l'arr\u00eat\u00e9  du  19  avril  2023  relatif  au  nombre  maximal  de  cam\u00e9ras  install\u00e9es  sur  des  \na\u00e9ronefs pouvant \u00eatre simultan\u00e9ment utilis\u00e9es dans chaque d\u00e9partement et collectivit\u00e9  \nd'outre-mer\u00a0;\nVu l'instruction minist\u00e9rielle NOR IOMD2311883J du 30 avril 2023 relative \u00e0 la proc\u00e9dure  \nd'autorisation  des  cam\u00e9ras  install\u00e9es  sur  des  a\u00e9ronefs  pour  des  missions  de  police  \nadministrative\u00a0;\nVu le d\u00e9cret du 22 octobre 2025 par lequel M. Patrice FAURE, administrateur de l'Etat du  \ntroisi\u00e8me grade, directeur de cabinet du Pr\u00e9sident de la R\u00e9publique, est nomm\u00e9 pr\u00e9fet de  \npolice (groupe I), \u00e0 compter du 23 octobre 2025\u00a0;\nVu les demandes en date du 10 mars 2026 form\u00e9es par la direction de l'ordre public et de la \ncirculation visant \u00e0 obtenir l'autorisation de capter, d'enregistrer et de transmettre des  \nimages au moyen de quatre cam\u00e9ras install\u00e9es, \u00e0 raison de deux par journ\u00e9e de survol, sur  \ndes  a\u00e9ronefs  t\u00e9l\u00e9-pilot\u00e9s  afin  d'assurer  la  pr\u00e9vention  des  atteintes  \u00e0  la  s\u00e9curit\u00e9  des  \npersonnes et des biens \u00e0 Paris les 12 et 13 mars 2026\u00a0;\nConsid\u00e9rant que les dispositions du I de l'article L. 242-5 du code de la s\u00e9curit\u00e9 int\u00e9rieure  \npermettent  aux  forces  de  s\u00e9curit\u00e9  int\u00e9rieure,  dans  l'exercice  de  leurs  missions  de  \npr\u00e9vention des atteintes \u00e0 l'ordre public et de protection de la s\u00e9curit\u00e9 des personnes et  \ndes biens, de proc\u00e9der \u00e0 la captation, \u00e0 l'enregistrement et \u00e0 la transmission d'images au  \nmoyen de cam\u00e9ras install\u00e9es sur des a\u00e9ronefs aux fins d'assurer la pr\u00e9vention des atteintes  \n\u00e0 la s\u00e9curit\u00e9 des personnes et des biens dans des lieux particuli\u00e8rement expos\u00e9s ;\nConsid\u00e9rant la recrudescence de ventes \u00e0 la sauvette dans le secteur du Trocad\u00e9ro et du  \nChamp de Mars \u00e0 Paris et les difficult\u00e9s rencontr\u00e9es par les forces de l'ordre pour pr\u00e9venir  \nla commission d'infractions ; que les surveillances physiques et l'observation par les moyens \nde surveillance ne permettent pas de lutter efficacement contre les ventes \u00e0 la sauvette  ; \nque le recours \u00e0 des cam\u00e9ras a\u00e9roport\u00e9es a pour objectif de pr\u00e9venir les troubles \u00e0 l'ordre  \npublic  ainsi  que  d'assurer  la  s\u00e9curit\u00e9  des  personnes  et  des  biens  dans  le  cadre  des  \nop\u00e9rations contre les ventes \u00e0 la sauvette dans ce secteur ;\nPr\u00e9fecture de Police - 75-2026-03-11-00004 - Arr\u00eat\u00e9 n\u00b02026-00281 autorisant la captation, l'enregistrement et la transmission d'images\nau moyen de cam\u00e9ras install\u00e9es sur des a\u00e9ronefs \u00e0 Paris les 12 et 13 mars 2026 13\nConsid\u00e9rant que le recours \u00e0 des cam\u00e9ras a\u00e9roport\u00e9es permet de disposer d'une vision en  \ngrand angle depuis le ciel tout en limitant l'engagement des forces au sol afin d'\u00e9viter des  \nmenaces pour leur int\u00e9grit\u00e9 physique, et le cas \u00e9ch\u00e9ant, d'organiser de mani\u00e8re r\u00e9active et  \nefficace leur d\u00e9ploiement op\u00e9rationnel, notamment en cas de mouvement de foule ou  \nd'actions violentes de groupes d'individus \u00a0; qu'il n'existe pas de dispositif moins intrusif  \npermettant de parvenir aux m\u00eames fins\u00a0;\nConsid\u00e9rant que les demandes de la direction de l'ordre public et de la circulation portent  \nsur l'engagement de quatre cam\u00e9ras a\u00e9roport\u00e9es au total, soit deux par jour, qui pourront  \n\u00eatre en vol simultan\u00e9ment en vue de capter, d'enregistrer et de transmettre des images \u00a0; \nque les aires survol\u00e9es sont strictement limit\u00e9es aux zones o\u00f9 des troubles \u00e0 l'ordre public  \nsont susceptibles de se produire \u00a0; que la dur\u00e9e de l'autorisation demand\u00e9e n'appara\u00eet pas  \ndisproportionn\u00e9e au regard de la finalit\u00e9 poursuivie\u00a0;\nSur proposition de la direction de l'ordre public et de la circulation,\nARRETE\u00a0:\nArticle 1er \u2013 La captation, l'enregistrement et la transmission d'images par la direction de  \nl'ordre public et de la circulation sont autoris\u00e9s \u00e0 Paris les 12 et 13 mars 2026 au titre de \u00a0la \npr\u00e9vention des atteintes \u00e0 la s\u00e9curit\u00e9 des personnes et des biens.\nArticle  2 \u2013 Le  nombre  maximal  de  cam\u00e9ras  pouvant  proc\u00e9der  simultan\u00e9ment  \u00e0  des  \nenregistrements est fix\u00e9 \u00e0  2 cam\u00e9ras embarqu\u00e9es sur des a\u00e9ronefs t\u00e9l\u00e9-pilot\u00e9s par journ\u00e9e,  \nsoit un total de quatre cam\u00e9ras engag\u00e9es.\nArticle 3  \u2013 La pr\u00e9sente autorisation s'applique au p\u00e9rim\u00e8tre g\u00e9ographique figurant sur le  \nplan en annexe au pr\u00e9sent arr\u00eat\u00e9.\nArticle 4  \u2013 La  pr\u00e9sente autorisation est d\u00e9livr\u00e9e pour les 12 et 13 mars 2026 de 13h00 \u00e0  \n17h00 pour la mise en \u0153uvre de la finalit\u00e9 pr\u00e9cit\u00e9e.\nArticle 5  \u2013 Le registre mentionn\u00e9 \u00e0 l'article L. 242-4 du code de la s\u00e9curit\u00e9 int\u00e9rieure est  \ntransmis au pr\u00e9fet de police, \u00e0 l'issue de la p\u00e9riode d'autorisation.\nArticle 6 \u2013  Le pr\u00e9fet, directeur du cabinet du pr\u00e9fet de police et le directeur de l'ordre  \npublic et de la circulation sont charg\u00e9s, chacun en ce qui le concerne, de l'ex\u00e9cution du  \npr\u00e9sent arr\u00eat\u00e9 qui entrera en vigueur d\u00e8s son affichage aux portes de la pr\u00e9fecture de  \npolice et sera publi\u00e9 au recueil des actes administratifs du d\u00e9partement de Paris.\nFait \u00e0 Paris, le 11 mars 2026\nSIGNE\nPour le pr\u00e9fet de police\nLe pr\u00e9fet, directeur de cabinet\nBaptiste ROLLAND\n2026-00281\nPr\u00e9fecture de Police - 75-2026-03-11-00004 - Arr\u00eat\u00e9 n\u00b02026-00281 autorisant la captation, l'enregistrement et la transmission d'images\nau moyen de cam\u00e9ras install\u00e9es sur des a\u00e9ronefs \u00e0 Paris les 12 et 13 mars 2026 14\nAnnexe de l'arr\u00eat\u00e9 n\u00b02026-00281 du 11 mars 2026\nVOIES ET DELAIS DE RECOURS\n_______________________\nSi vous estimez devoir contester la pr\u00e9sente autorisation, il vous est possible, dans un d\u00e9lai  \nde deux mois \u00e0 compter de la date de son affichage ou de sa publication\u00a0:\n- soit de saisir d'un RECOURS GRACIEUX\nle Pr\u00e9fet de Police\n7/9, boulevard du Palais - 75195 PARIS RP\n- ou de former un RECOURS HIERARCHIQUE\n  aupr\u00e8s du Ministre de l'int\u00e9rieur et des outre-mer\n  Direction des libert\u00e9s publiques et des affaires juridiques\n  place Beauvau - 75008 PARIS\n- soit de saisir d'un RECOURS CONTENTIEUX\nle Tribunal administratif comp\u00e9tent\nAucune de ces voies et recours ne suspend l'application de la pr\u00e9sente d\u00e9cision.\nLes recours GRACIEUX et HIERARCHIQUE doivent \u00eatre \u00e9crits, exposer les arguments ou  \nfaits nouveaux et comprendre la copie de la d\u00e9cision contest\u00e9e.\nLe  recours  contentieux,  qui  vise  \u00e0  contester  la  LEGALITE  de  la  pr\u00e9sente  d\u00e9cision,  doit \n\u00e9galement \u00eatre \u00e9crit et exposer votre argumentation juridique.\nSi vous n'aviez pas de r\u00e9ponse \u00e0 votre recours GRACIEUX ou HIERARCHIQUE dans un d\u00e9lai  \nde  deux  mois  \u00e0  compter  de  la  r\u00e9ception  de  votre  recours  par  l'administration,  votre  \ndemande devra \u00eatre consid\u00e9r\u00e9e comme rejet\u00e9e (d\u00e9cision implicite de rejet).\nEn cas de rejet des RECOURS GRACIEUX ou HIERARCHIQUE, le Tribunal administratif peut  \n\u00eatre saisi d'un recours contentieux dans le d\u00e9lai de deux mois \u00e0 compter de la date de la  \nd\u00e9cision de rejet.\n2026-00281\nPr\u00e9fecture de Police - 75-2026-03-11-00004 - Arr\u00eat\u00e9 n\u00b02026-00281 autorisant la captation, l'enregistrement et la transmission d'images\nau moyen de cam\u00e9ras install\u00e9es sur des a\u00e9ronefs \u00e0 Paris les 12 et 13 mars 2026 15\nParis;8eArrondissementGros:Caillou,os Calso\nTTTE:\n\\\nE\nV\u00c9COIS Jeannine GerePRET ~~\n2026-00281\nPr\u00e9fecture de Police - 75-2026-03-11-00004 - Arr\u00eat\u00e9 n\u00b02026-00281 autorisant la captation, l'enregistrement et la transmission d'images\nau moyen de cam\u00e9ras install\u00e9es sur des a\u00e9ronefs \u00e0 Paris les 12 et 13 mars 2026 16\nPr\u00e9fecture de Police\n75-2026-03-12-00006\nArr\u00eat\u00e9 n\u00b02026-00282 du 12 mars 2026 autorisant\nla captation, l'enregistrement et la transmission\nd'images au moyen d'une cam\u00e9ra install\u00e9e sur\ndes a\u00e9ronefs dans le Val-de-Marne (94) le 12 mars\n2026\nPr\u00e9fecture de Police - 75-2026-03-12-00006 - Arr\u00eat\u00e9 n\u00b02026-00282 du 12 mars 2026 autorisant la captation, l'enregistrement et la\ntransmission d'images au moyen d'une cam\u00e9ra install\u00e9e sur des a\u00e9ronefs dans le Val-de-Marne (94) le 12 mars 2026 17\nPREFECTUREDE POLICELibert\u00e9Egalit\u00e9Fraternit\u00e9\nLUa\nCABINET DU PREFET\nArr\u00eat\u00e9 n\u00b02026-00282\nautorisant la captation, l'enregistrement et la transmission d'images au moyen d'une cam\u00e9ra \ninstall\u00e9e sur des a\u00e9ronefs dans le Val-de-Marne (94) le 12 mars 2026\nLe pr\u00e9fet de police,\nVu  le  code  de  la  s\u00e9curit\u00e9  int\u00e9rieure,  notamment  ses  articles  L.  242-1  \u00e0  L.\u00a0242-8  et  R.\u00a0242-8  \u00e0  \nR. 242-15 ;\nVu le d\u00e9cret n\u00b0 2004-374 modifi\u00e9 du 29 avril 2004 relatif aux pouvoirs des pr\u00e9fets, \u00e0 l'organisation et \n\u00e0 l'action des services de l'\u00c9tat dans les r\u00e9gions et d\u00e9partements, notamment son article 73 ;\nVu l'arr\u00eat\u00e9 du 19 avril 2023 relatif au nombre maximal de cam\u00e9ras install\u00e9es sur des a\u00e9ronefs  \npouvant \u00eatre simultan\u00e9ment utilis\u00e9es dans chaque d\u00e9partement et collectivit\u00e9 d'outre-mer\u00a0;\nVu  l'instruction  minist\u00e9rielle  NOR  IOMD2311883J  du  30  avril  2023  relative  \u00e0  la  proc\u00e9dure  \nd'autorisation des cam\u00e9ras install\u00e9es sur des a\u00e9ronefs pour des missions de police administrative\u00a0;\nVu le d\u00e9cret du 22 octobre 2025 par lequel M. Patrice FAURE, administrateur de l'Etat du troisi\u00e8me  \ngrade, directeur de cabinet du Pr\u00e9sident de la R\u00e9publique, est nomm\u00e9 pr\u00e9fet de police (groupe I), \u00e0 \ncompter du 23 octobre 2025\u00a0;\nVu la demande en date du 11 mars 2026  form\u00e9e par la direction territoriale de la s\u00e9curit\u00e9 de  \nproximit\u00e9 du Val-de-Marne visant \u00e0 obtenir l'autorisation de capter, d'enregistrer et de transmettre \ndes images au moyen de deux cam\u00e9ras install\u00e9es sur des a\u00e9ronefs t\u00e9l\u00e9-pilot\u00e9s afin d'assurer la  \npr\u00e9vention des atteintes \u00e0 la s\u00e9curit\u00e9 des personnes et des biens sur la commune de Chevilly-Larue  \n(94) le jeudi 12 mars 2026 ;\nConsid\u00e9rant  que  les  dispositions  du  I  de  l'article  L.  242-5  du  code  de  la  s\u00e9curit\u00e9  int\u00e9rieure  \npermettent aux forces de s\u00e9curit\u00e9 int\u00e9rieure, dans l'exercice de leurs missions de pr\u00e9vention des  \natteintes \u00e0 l'ordre public et de protection de la s\u00e9curit\u00e9 des personnes et des biens, de proc\u00e9der \u00e0  \nla captation, \u00e0 l'enregistrement et \u00e0 la transmission d'images au moyen de cam\u00e9ras install\u00e9es sur  \ndes a\u00e9ronefs aux fins d'assurer la pr\u00e9vention des atteintes \u00e0 la s\u00e9curit\u00e9 des personnes et des biens  \ndans des lieux particuli\u00e8rement expos\u00e9s ;\nConsid\u00e9rant que le quartier des Sorbiers situ\u00e9 sur la commune de Chevilly-Larue est un secteur  \nsensible marqu\u00e9 par diverses formes de d\u00e9linquance, particuli\u00e8rement le trafic de stup\u00e9fiants, les  \nvols par effraction et les actes d'intimidation  ; que par ailleurs, les effectifs de police ont \u00e9t\u00e9 pris \u00e0  \npartie \u00e0 plusieurs reprises ces derni\u00e8res semaines par des groupes d'individus dissimulant leur  \nvisage ; que les commer\u00e7ants et les habitants du quartier expriment un fort sentiment d'ins\u00e9curit\u00e9 ; \nqu'ainsi, une op\u00e9ration de s\u00e9curisation est pr\u00e9vue le jeudi 12 mars 2026  ; qu'il convient de pr\u00e9venir \nles  troubles  \u00e0  l'ordre  public  et  la  commission  d'infractions  ainsi  que  d'assurer  la  s\u00e9curit\u00e9  des \npersonnes, des biens et des effectifs de police mobilis\u00e9s dans ce p\u00e9rim\u00e8tre, dans le cadre de  \nl'op\u00e9ration de s\u00e9curisation pr\u00e9cit\u00e9e  ; que le recours ponctuel aux cam\u00e9ras a\u00e9roport\u00e9es permet  \nd'appuyer l'action et le d\u00e9ploiement des effectifs de police sur le terrain \u00e0 l'occasion de l'op\u00e9ration \nde s\u00e9curisation et d'adapter le dispositif de s\u00e9curit\u00e9 le cas \u00e9ch\u00e9ant, pour pr\u00e9venir ou faire cesser  \nles troubles \u00e0 l'ordre public\u00a0;\n1\nPr\u00e9fecture de Police - 75-2026-03-12-00006 - Arr\u00eat\u00e9 n\u00b02026-00282 du 12 mars 2026 autorisant la captation, l'enregistrement et la\ntransmission d'images au moyen d'une cam\u00e9ra install\u00e9e sur des a\u00e9ronefs dans le Val-de-Marne (94) le 12 mars 2026 18\nConsid\u00e9rant  que le recours aux cam\u00e9ras a\u00e9roport\u00e9es permet de disposer d'une vision en grand  \nangle tout en limitant l'engagement des forces au sol afin d'\u00e9viter les menaces pour leur int\u00e9grit\u00e9  \nphysique, d'anticiper les vell\u00e9it\u00e9s d'actions violentes group\u00e9es pouvant les viser et, le cas \u00e9ch\u00e9ant,  \nd'organiser de mani\u00e8re r\u00e9active et efficace leur d\u00e9ploiement op\u00e9rationnel, notamment en cas de  \nmouvement de foule ou d'actions violentes de groupes d'individus  ; qu'il n'existe pas de dispositif  \nmoins intrusif permettant de parvenir aux m\u00eames fins ;\nConsid\u00e9rant que la demande de la direction territoriale de la s\u00e9curit\u00e9 de proximit\u00e9 de Seine-Saint-\nDenis porte sur l'engagement de deux cam\u00e9ras a\u00e9roport\u00e9es qui pourront \u00eatre en vol en vue de  \ncapter,  d'enregistrer  et  de  transmettre  des  images \u00a0;  que  les  aires  survol\u00e9es  sont  strictement  \nlimit\u00e9es aux zones o\u00f9 des troubles \u00e0 l'ordre public sont susceptibles de se produire \u00a0; que la dur\u00e9e  \nde l'autorisation demand\u00e9e n'appara\u00eet pas disproportionn\u00e9e au regard de la finalit\u00e9 poursuivie ;\nSur proposition de la direction territoriale de la s\u00e9curit\u00e9 de proximit\u00e9 du Val-de-Marne,\nARRETE\u00a0:\nArticle 1er \u2013 La captation, l'enregistrement et la transmission d'images par la direction territoriale  \nde la s\u00e9curit\u00e9 de proximit\u00e9 du Val-de-Marne sont autoris\u00e9s sur la commune de Chevilly-Larue (94)  \nau titre de\u00a0la pr\u00e9vention des atteintes \u00e0 la s\u00e9curit\u00e9 des personnes et des biens.\nArticle  2  \u2013 Le  nombre  maximal  de  cam\u00e9ras  pouvant  proc\u00e9der  simultan\u00e9ment  \u00e0  des  \nenregistrements est fix\u00e9 \u00e0 2 cam\u00e9ras embarqu\u00e9es sur des a\u00e9ronefs t\u00e9l\u00e9-pilot\u00e9s.\nArticle 3 \u2013 La pr\u00e9sente autorisation s'applique au p\u00e9rim\u00e8tre g\u00e9ographique figurant sur le plan en  \nannexe au pr\u00e9sent arr\u00eat\u00e9.\nArticle 4 \u2013 La  pr\u00e9sente autorisation est d\u00e9livr\u00e9e le jeudi 12 mars 2026 de 18h30 \u00e0 20h00 pour la  \nmise en \u0153uvre de la finalit\u00e9 pr\u00e9cit\u00e9e.\nArticle 5 \u2013 Le registre mentionn\u00e9 \u00e0 l'article L. 242-4 du code de la s\u00e9curit\u00e9 int\u00e9rieure est transmis au \npr\u00e9fet de police, \u00e0 l'issue de la p\u00e9riode d'autorisation.\nArticle 6 \u2013  Le pr\u00e9fet du Val-de-Marne, le pr\u00e9fet, directeur du cabinet du pr\u00e9fet de police et le  \ndirecteur de la s\u00e9curit\u00e9 de proximit\u00e9 de l'agglom\u00e9ration parisienne sont charg\u00e9s, chacun en ce qui  \nle concerne, de l'ex\u00e9cution du pr\u00e9sent arr\u00eat\u00e9 qui entrera en vigueur d\u00e8s l'affichage aux portes de la \npr\u00e9fecture de police, sera publi\u00e9 aux recueils des actes administratifs du d\u00e9partement de Paris et  \nde la pr\u00e9fecture du Val-de-Marne.\nFait \u00e0 Paris, le 11 mars 2026\nSIGNE\nPour le pr\u00e9fet de police\nLe pr\u00e9fet, directeur de cabinet\nBaptiste ROLLAND\n2026-00282 2\nPr\u00e9fecture de Police - 75-2026-03-12-00006 - Arr\u00eat\u00e9 n\u00b02026-00282 du 12 mars 2026 autorisant la captation, l'enregistrement et la\ntransmission d'images au moyen d'une cam\u00e9ra install\u00e9e sur des a\u00e9ronefs dans le Val-de-Marne (94) le 12 mars 2026 19\nAnnexe de l'arr\u00eat\u00e9 n\u00b02026-00282 du 11 mars 2026\nVOIES ET DELAIS DE RECOURS\n_______________________\nSi vous estimez devoir contester la pr\u00e9sente autorisation, il vous est possible, dans un d\u00e9lai de deux \nmois \u00e0 compter de la date de son affichage ou de sa publication\u00a0:\n- soit de saisir d'un RECOURS GRACIEUX\nle Pr\u00e9fet de Police\n7/9, boulevard du Palais - 75195 PARIS RP\n- ou de former un RECOURS HIERARCHIQUE\n  aupr\u00e8s du Ministre de l'int\u00e9rieur et des outre-mer\n  Direction des libert\u00e9s publiques et des affaires juridiques\n  place Beauvau - 75008 PARIS\n- soit de saisir d'un RECOURS CONTENTIEUX\nle Tribunal administratif comp\u00e9tent\nAucune de ces voies et recours ne suspend l'application de la pr\u00e9sente d\u00e9cision.\nLes  recours  GRACIEUX  et  HIERARCHIQUE  doivent  \u00eatre  \u00e9crits,  exposer  les  arguments  ou  faits  \nnouveaux et comprendre la copie de la d\u00e9cision contest\u00e9e.\nLe recours contentieux, qui vise \u00e0 contester la LEGALITE de la pr\u00e9sente d\u00e9cision, doit \u00e9galement  \n\u00eatre \u00e9crit et exposer votre argumentation juridique.\nSi vous n'aviez pas de r\u00e9ponse \u00e0 votre recours GRACIEUX ou HIERARCHIQUE dans un d\u00e9lai de deux \nmois \u00e0 compter de la r\u00e9ception de votre recours par l'administration, votre demande devra \u00eatre  \nconsid\u00e9r\u00e9e comme rejet\u00e9e (d\u00e9cision implicite de rejet).\nEn cas de rejet des RECOURS GRACIEUX ou HIERARCHIQUE, le Tribunal administratif peut \u00eatre  \nsaisi d'un recours contentieux dans le d\u00e9lai de deux mois \u00e0 compter de la date de la d\u00e9cision de  \nrejet.\n2026-00282 3\nPr\u00e9fecture de Police - 75-2026-03-12-00006 - Arr\u00eat\u00e9 n\u00b02026-00282 du 12 mars 2026 autorisant la captation, l'enregistrement et la\ntransmission d'images au moyen d'une cam\u00e9ra install\u00e9e sur des a\u00e9ronefs dans le Val-de-Marne (94) le 12 mars 2026 20\n2026-00282 4\nPr\u00e9fecture de Police - 75-2026-03-12-00006 - Arr\u00eat\u00e9 n\u00b02026-00282 du 12 mars 2026 autorisant la captation, l'enregistrement et la\ntransmission d'images au moyen d'une cam\u00e9ra install\u00e9e sur des a\u00e9ronefs dans le Val-de-Marne (94) le 12 mars 2026 21\nPr\u00e9fecture de Police\n75-2026-03-12-00005\nArr\u00eat\u00e9 n\u00b02026-00283 du 12 mars 2026\nautorisant la captation, l'enregistrement et la\ntransmission d'images au moyen d'une cam\u00e9ra\ninstall\u00e9e sur des a\u00e9ronefs dans le Val-de-Marne\n(94) le 12 mars 2026\nPr\u00e9fecture de Police - 75-2026-03-12-00005 - Arr\u00eat\u00e9 n\u00b02026-00283 du 12 mars 2026\nautorisant la captation, l'enregistrement et la transmission d'images au moyen d'une cam\u00e9ra install\u00e9e sur des a\u00e9ronefs dans le\nVal-de-Marne (94) le 12 mars 2026\n22\nPREFECTUREDE POLICELibert\u00e9Egalit\u00e9Fraternit\u00e9\nLUa\nCABINET DU PREFET\nArr\u00eat\u00e9 n\u00b02026-00283\nautorisant la captation, l'enregistrement et la transmission d'images au moyen d'une cam\u00e9ra \ninstall\u00e9e sur des a\u00e9ronefs dans le Val-de-Marne (94) le 12 mars 2026\nLe pr\u00e9fet de police,\nVu le code de la s\u00e9curit\u00e9 int\u00e9rieure, notamment ses articles L. 242-1 \u00e0 L.\u00a0242-8 et R.\u00a0242-8 \u00e0 R. 242-15 ;\nVu le d\u00e9cret n\u00b0 2004-374 modifi\u00e9 du 29 avril 2004 relatif aux pouvoirs des pr\u00e9fets, \u00e0 l'organisation et \n\u00e0 l'action des services de l'\u00c9tat dans les r\u00e9gions et d\u00e9partements, notamment son article 73 ;\nVu l'arr\u00eat\u00e9 du 19 avril 2023 relatif au nombre maximal de cam\u00e9ras install\u00e9es sur des a\u00e9ronefs  \npouvant \u00eatre simultan\u00e9ment utilis\u00e9es dans chaque d\u00e9partement et collectivit\u00e9 d'outre-mer\u00a0;\nVu  l'instruction  minist\u00e9rielle  NOR  IOMD2311883J  du  30  avril  2023  relative  \u00e0  la  proc\u00e9dure  \nd'autorisation des cam\u00e9ras install\u00e9es sur des a\u00e9ronefs pour des missions de police administrative\u00a0;\nVu le d\u00e9cret du 22 octobre 2025 par lequel M. Patrice FAURE, administrateur de l'Etat du troisi\u00e8me  \ngrade, directeur de cabinet du Pr\u00e9sident de la R\u00e9publique, est nomm\u00e9 pr\u00e9fet de police (groupe I), \u00e0 \ncompter du 23 octobre 2025\u00a0;\nVu la demande en date du 12 mars 2026  form\u00e9e par la direction territoriale de la s\u00e9curit\u00e9 de  \nproximit\u00e9 du Val-de-Marne visant \u00e0 obtenir l'autorisation de capter, d'enregistrer et de transmettre \ndes  images  au  moyen  d'une  cam\u00e9ra  install\u00e9e  sur  des  a\u00e9ronefs  t\u00e9l\u00e9-pilot\u00e9s  afin  d'assurer  la  \npr\u00e9vention des atteintes \u00e0 la s\u00e9curit\u00e9 des personnes et des biens sur la commune de Vitry-sur-Seine \n(94) le jeudi 12 mars 2026 ;\nConsid\u00e9rant  que  les  dispositions  du  I  de  l'article  L.  242-5  du  code  de  la  s\u00e9curit\u00e9  int\u00e9rieure  \npermettent aux forces de s\u00e9curit\u00e9 int\u00e9rieure, dans l'exercice de leurs missions de pr\u00e9vention des  \natteintes \u00e0 l'ordre public et de protection de la s\u00e9curit\u00e9 des personnes et des biens, de proc\u00e9der \u00e0  \nla captation, \u00e0 l'enregistrement et \u00e0 la transmission d'images au moyen de cam\u00e9ras install\u00e9es sur  \ndes a\u00e9ronefs aux fins d'assurer la pr\u00e9vention des atteintes \u00e0 la s\u00e9curit\u00e9 des personnes et des biens  \ndans des lieux particuli\u00e8rement expos\u00e9s ;\nConsid\u00e9rant qu'une op\u00e9ration de s\u00e9curisation est pr\u00e9vue le jeudi 12 mars 2026 dans le quartier  \nColonel Fabien, secteur sensible situ\u00e9e sur la commune de Vitry-sur-Seine, suite \u00e0 des faits de  \nviolences graves commis \u00e0 l'encontre des policiers  ; qu'il ressort que ces derniers ont \u00e9t\u00e9 bless\u00e9s  \npar des jets de pierres au visage  ; qu'il convient de pr\u00e9venir les troubles \u00e0 l'ordre public et la  \ncommission d'infractions ainsi que d'assurer la s\u00e9curit\u00e9 des personnes, des biens et des effectifs de  \npolice mobilis\u00e9s dans ce p\u00e9rim\u00e8tre, dans le cadre de l'op\u00e9ration de s\u00e9curisation pr\u00e9cit\u00e9e  ; que le  \nrecours  ponctuel  \u00e0  une  cam\u00e9ra  a\u00e9roport\u00e9e  permet  d'appuyer  l'action  et  le  d\u00e9ploiement  des  \neffectifs de police sur le terrain \u00e0 l'occasion de l'op\u00e9ration de s\u00e9curisation et d'adapter le dispositif  \nde s\u00e9curit\u00e9 le cas \u00e9ch\u00e9ant, pour pr\u00e9venir ou faire cesser les troubles \u00e0 l'ordre public\u00a0;\nConsid\u00e9rant  que le recours aux cam\u00e9ras a\u00e9roport\u00e9es permet de disposer d'une vision en grand  \nangle tout en limitant l'engagement des forces au sol afin d'\u00e9viter les menaces pour leur int\u00e9grit\u00e9  \nphysique, d'anticiper les vell\u00e9it\u00e9s d'actions violentes group\u00e9es pouvant les viser et, le cas \u00e9ch\u00e9ant,  \nd'organiser de mani\u00e8re r\u00e9active et efficace leur d\u00e9ploiement op\u00e9rationnel, notamment en cas de  \nmouvement de foule ou d'actions violentes de groupes d'individus  ; qu'il n'existe pas de dispositif  \nmoins intrusif permettant de parvenir aux m\u00eames fins ;\n1\nPr\u00e9fecture de Police - 75-2026-03-12-00005 - Arr\u00eat\u00e9 n\u00b02026-00283 du 12 mars 2026\nautorisant la captation, l'enregistrement et la transmission d'images au moyen d'une cam\u00e9ra install\u00e9e sur des a\u00e9ronefs dans le\nVal-de-Marne (94) le 12 mars 2026\n23\nConsid\u00e9rant que la demande de la  direction territoriale de la s\u00e9curit\u00e9 de proximit\u00e9 du Val-de-\nMarne porte sur l'engagement d'une cam\u00e9ra a\u00e9roport\u00e9e qui pourra \u00eatre en vol en vue de capter,  \nd'enregistrer et de transmettre des images \u00a0; que les aires survol\u00e9es sont strictement limit\u00e9es aux  \nzones  o\u00f9  des  troubles  \u00e0  l'ordre  public  sont  susceptibles  de  se  produire \u00a0; que  la  dur\u00e9e  de  \nl'autorisation demand\u00e9e n'appara\u00eet pas disproportionn\u00e9e au regard de la finalit\u00e9 poursuivie ;\nSur proposition de la direction territoriale de la s\u00e9curit\u00e9 de proximit\u00e9 du Val-de-Marne,\nARRETE\u00a0:\nArticle 1er \u2013 La captation, l'enregistrement et la transmission d'images par la direction territoriale  \nde la s\u00e9curit\u00e9 de proximit\u00e9 du Val-de-Marne sont autoris\u00e9s sur la commune de Vitry-sur-Seine (94)  \nau titre de\u00a0la pr\u00e9vention des atteintes \u00e0 la s\u00e9curit\u00e9 des personnes et des biens.\nArticle  2  \u2013 Le  nombre  maximal  de  cam\u00e9ras  pouvant  proc\u00e9der  simultan\u00e9ment  \u00e0  des  \nenregistrements est fix\u00e9 \u00e0 1 cam\u00e9ra embarqu\u00e9e sur des a\u00e9ronefs t\u00e9l\u00e9-pilot\u00e9s.\nArticle 3 \u2013 La pr\u00e9sente autorisation s'applique sur la commune de Vitry-sur-Seine dans le quartier  \nColonel  Fabien,  conform\u00e9ment  au  p\u00e9rim\u00e8tre  g\u00e9ographique  figurant  sur  le  plan  en  annexe  au  \npr\u00e9sent arr\u00eat\u00e9.\nArticle 4 \u2013 La pr\u00e9sente autorisation est d\u00e9livr\u00e9e le jeudi 12 mars 2026 de 17h00 \u00e0 18h00 pour la mise \nen \u0153uvre de la finalit\u00e9 pr\u00e9cit\u00e9e.\nArticle 5 \u2013 Le registre mentionn\u00e9 \u00e0 l'article L. 242-4 du code de la s\u00e9curit\u00e9 int\u00e9rieure est transmis au \npr\u00e9fet de police, \u00e0 l'issue de la p\u00e9riode d'autorisation.\nArticle 6 \u2013  Le pr\u00e9fet du Val-de-Marne, le pr\u00e9fet, directeur du cabinet du pr\u00e9fet de police et le  \ndirecteur de la s\u00e9curit\u00e9 de proximit\u00e9 de l'agglom\u00e9ration parisienne sont charg\u00e9s, chacun en ce qui  \nle concerne, de l'ex\u00e9cution du pr\u00e9sent arr\u00eat\u00e9 qui entrera en vigueur d\u00e8s l'affichage aux portes de la \npr\u00e9fecture de police, sera publi\u00e9 aux recueils des actes administratifs du d\u00e9partement de Paris et  \nde la pr\u00e9fecture du Val-de-Marne.\nFait \u00e0 Paris, le 12 mars 2026\nSIGNE\nPour le pr\u00e9fet de police\nLe sous-pr\u00e9fet, directeur adjoint de cabinet\nCharles BARBIER\n2026-00283 2\nPr\u00e9fecture de Police - 75-2026-03-12-00005 - Arr\u00eat\u00e9 n\u00b02026-00283 du 12 mars 2026\nautorisant la captation, l'enregistrement et la transmission d'images au moyen d'une cam\u00e9ra install\u00e9e sur des a\u00e9ronefs dans le\nVal-de-Marne (94) le 12 mars 2026\n24\nAnnexe de l'arr\u00eat\u00e9 n\u00b02026-00283 du 12 mars 2026\nVOIES ET DELAIS DE RECOURS\n_______________________\nSi vous estimez devoir contester la pr\u00e9sente autorisation, il vous est possible, dans un d\u00e9lai de deux \nmois \u00e0 compter de la date de son affichage ou de sa publication\u00a0:\n- soit de saisir d'un RECOURS GRACIEUX\nle Pr\u00e9fet de Police\n7/9, boulevard du Palais - 75195 PARIS RP\n- ou de former un RECOURS HIERARCHIQUE\n  aupr\u00e8s du Ministre de l'int\u00e9rieur et des outre-mer\n  Direction des libert\u00e9s publiques et des affaires juridiques\n  place Beauvau - 75008 PARIS\n- soit de saisir d'un RECOURS CONTENTIEUX\nle Tribunal administratif comp\u00e9tent\nAucune de ces voies et recours ne suspend l'application de la pr\u00e9sente d\u00e9cision.\nLes  recours  GRACIEUX  et  HIERARCHIQUE  doivent  \u00eatre  \u00e9crits,  exposer  les  arguments  ou  faits  \nnouveaux et comprendre la copie de la d\u00e9cision contest\u00e9e.\nLe recours contentieux, qui vise \u00e0 contester la LEGALITE de la pr\u00e9sente d\u00e9cision, doit \u00e9galement  \n\u00eatre \u00e9crit et exposer votre argumentation juridique.\nSi vous n'aviez pas de r\u00e9ponse \u00e0 votre recours GRACIEUX ou HIERARCHIQUE dans un d\u00e9lai de deux \nmois \u00e0 compter de la r\u00e9ception de votre recours par l'administration, votre demande devra \u00eatre  \nconsid\u00e9r\u00e9e comme rejet\u00e9e (d\u00e9cision implicite de rejet).\nEn cas de rejet des RECOURS GRACIEUX ou HIERARCHIQUE, le Tribunal administratif peut \u00eatre  \nsaisi d'un recours contentieux dans le d\u00e9lai de deux mois \u00e0 compter de la date de la d\u00e9cision de  \nrejet.\n2026-00283 3\nPr\u00e9fecture de Police - 75-2026-03-12-00005 - Arr\u00eat\u00e9 n\u00b02026-00283 du 12 mars 2026\nautorisant la captation, l'enregistrement et la transmission d'images au moyen d'une cam\u00e9ra install\u00e9e sur des a\u00e9ronefs dans le\nVal-de-Marne (94) le 12 mars 2026\n25\n2026-00283 4\nPr\u00e9fecture de Police - 75-2026-03-12-00005 - Arr\u00eat\u00e9 n\u00b02026-00283 du 12 mars 2026\nautorisant la captation, l'enregistrement et la transmission d'images au moyen d'une cam\u00e9ra install\u00e9e sur des a\u00e9ronefs dans le\nVal-de-Marne (94) le 12 mars 2026\n26\nPr\u00e9fecture de Police\n75-2026-03-12-00004\nArr\u00eat\u00e9 pr\u00e9fectoral n\u00b0 2026 - 101 portant mesures\ntemporaires de s\u00e9curit\u00e9 et de stationnement \u00e0\nproximit\u00e9 du pavillon de r\u00e9ception de l'a\u00e9roport\nde Paris - Charles de Gaulle\nPr\u00e9fecture de Police - 75-2026-03-12-00004 - Arr\u00eat\u00e9 pr\u00e9fectoral n\u00b0 2026 - 101 portant mesures temporaires de s\u00e9curit\u00e9 et de\nstationnement \u00e0 proximit\u00e9 du pavillon de r\u00e9ception de l'a\u00e9roport de Paris - Charles de Gaulle 27\nPREFECTUREDE POLICELibert\u00e9Egalit\u00e9Fraternit\u00e9\nAtLeG\nD\u00e9l\u00e9gation de la pr\u00e9fecture de police \npour la s\u00e9curit\u00e9 et la s\u00fbret\u00e9\ndes plates-formes a\u00e9roportuaires de Paris\nARR\u00caTE PR\u00c9FECTORAL N\u00b0 2026 - 101\nportant mesures temporaires de s\u00e9curit\u00e9 et de stationnement \u00e0 proximit\u00e9 du pavillon \nde r\u00e9ception de l'a\u00e9roport de Paris \u2013 Charles de Gaulle\nLe Pr\u00e9fet d\u00e9l\u00e9gu\u00e9,\n                           \nVu le Code P\u00e9nal\u00a0;\nVu le Code de Proc\u00e9dure P\u00e9nale, notamment son article 78-2\u00a0;\nVu le Code de la Route\u00a0;\nVu le Code de la S\u00e9curit\u00e9 int\u00e9rieure\u00a0;\nVu le Code des Transports\u00a0;\nVu la loi n\u00b02017-257 du 28 f\u00e9vrier 2017 relative au statut de Paris et \u00e0 l'am\u00e9nagement m\u00e9tropolitain\u00a0;\nVu le d\u00e9cret du 20 juillet 2022 portant nomination de Monsieur Laurent NU\u00d1EZ, en tant que pr\u00e9fet de  \npolice\u00a0;\nVu le d\u00e9cret du 26 juin 2024 par lequel Monsieur St\u00e9phane DAGUIN est nomm\u00e9 pr\u00e9fet d\u00e9l\u00e9gu\u00e9 pour la  \ns\u00e9curit\u00e9  et  la  s\u00fbret\u00e9  des  plates-formes  a\u00e9roportuaires  de  Paris-Charles  de  Gaulle,  du  Bourget\net de Paris-Orly aupr\u00e8s du pr\u00e9fet de police ;\nVu le d\u00e9cret du 24 ao\u00fbt 2024 portant nomination de Monsieur Yves BOSSUYT, sous-pr\u00e9fet charg\u00e9 de  \nmission, adjoint au pr\u00e9fet d\u00e9l\u00e9gu\u00e9 pour la s\u00e9curit\u00e9 et la s\u00fbret\u00e9 des plates-formes a\u00e9roportuaire de  \nPartis -Charles De Gaulle, du Bourget et de Paris-Orly aupr\u00e8s du pr\u00e9fet de police ; \nVu l'arr\u00eat\u00e9 pr\u00e9fectoral n\u00b0 2005-4112 du 9 septembre 2005 modifi\u00e9 relatif \u00e0 la signalisation sur les voies  \nde la zone publique de l'a\u00e9roport Paris-Charles-de-Gaulle\u00a0;\nVu l'arr\u00eat\u00e9 pr\u00e9fectoral n\u00b0 2003-2545 du 2 juin 2003 modifi\u00e9 r\u00e9glementant la circulation sur les voies de  \nla zone publique de l'a\u00e9roport de Paris-Charles-de-Gaulle ;\nVu l'arr\u00eat\u00e9 pr\u00e9fectoral n\u00b0 2015-3248 du 03 d\u00e9cembre 2015 relatif \u00e0 la police sur l'a\u00e9roport de Paris-\nCharles-de-Gaulle\u00a0;\nVu l'arr\u00eat\u00e9 n\u00b0 2025-01662 du 11 d\u00e9cembre 2025 portant d\u00e9l\u00e9gation de signature au pr\u00e9fet d\u00e9l\u00e9gu\u00e9  \npour la s\u00e9curit\u00e9 et la s\u00fbret\u00e9 des plateformes a\u00e9roportuaires de Paris-Charles de Gaulle, du Bourget et  \nde Paris-Orly aupr\u00e8s du pr\u00e9fet de police ;\nVu la r\u00e9quisition g\u00e9n\u00e9rale et permanente du groupe ADP autorisant les services de l'\u00c9tat \u00e0 intervenir  \nsur l'emprise de l'a\u00e9roport de Paris \u2013 Charles de Gaulle du 1er janvier au 31 d\u00e9cembre 2026\u00a0;\nDELEGATION DE LA PREFECTURE DE POLICE\n1, rue de La Haye \u2013 CS 10977 \u2013 95733 Roissy Cedex\n    T\u00e9l: 01 75 41 60 00 \nM\u00e9l\u00a0: secretariat-roissy@interieur.gouv.fr\nPr\u00e9fecture de Police - 75-2026-03-12-00004 - Arr\u00eat\u00e9 pr\u00e9fectoral n\u00b0 2026 - 101 portant mesures temporaires de s\u00e9curit\u00e9 et de\nstationnement \u00e0 proximit\u00e9 du pavillon de r\u00e9ception de l'a\u00e9roport de Paris - Charles de Gaulle 28\nCONSID\u00c9RANT  qu' il  convient  de  r\u00e9glementer  temporairement  l'acc\u00e8s,  la  s\u00e9curisation  et  le  \nstationnement  aux  abords  du  Pavillon  de  r\u00e9ception  (PVR)  et  sur  le  parking  du  restaurant  inter-\nentreprises (RIE) de l'a\u00e9roport de Paris-Charles de Gaulle,\nARR\u00caTE\nArticle 1  er     : \nLe stationnement est interdit sur la moiti\u00e9 Sud du parking du RIE \u00a0le vendredi 13 mars 2026 de 15h00 \u00e0  \n21h00.\nPendant  cette  p\u00e9riode,  le  groupe  ADP  d\u00e9limite  la  zone  susmentionn\u00e9e  par  la  mise  en  place  de  \nbarri\u00e8res de type Vauban, conform\u00e9ment au plan en annexe du pr\u00e9sent arr\u00eat\u00e9.\nArticle 2 : \nLa pr\u00e9-signalisation et la signalisation seront mises en \u0153uvre par le Groupe A\u00e9roports de Paris d\u00e8s  \ndiffusion du pr\u00e9sent arr\u00eat\u00e9. \nArticle 3 : \nToute  contravention  au  pr\u00e9sent  arr\u00eat\u00e9  sera  constat\u00e9e  et  poursuivie  conform\u00e9ment  aux  lois  et  \nr\u00e8glements en vigueur. La direction de la S\u00e9curit\u00e9 de Proximit\u00e9 de l'Agglom\u00e9ration Parisienne pourra  \n\u00e9ventuellement proc\u00e9der \u00e0 la mise en fourri\u00e8re des v\u00e9hicules en infraction.\nArticle 4 :\nLe Directeur de l'a\u00e9roport de Paris-Charles de Gaulle est charg\u00e9 d'assurer la publicit\u00e9 aupr\u00e8s des  \nusagers de l'a\u00e9roport et particuli\u00e8rement aux endroits d\u00e9sign\u00e9s par cet arr\u00eat\u00e9.\nArticle 5 :\nLe directeur de l'a\u00e9roport de Paris-Charles de Gaulle, le directeur de la direction de l'ordre public et de \nla circulation, la directrice de la direction de s\u00e9curisation de proximit\u00e9 de l'agglom\u00e9ration parisienne  \nde la pr\u00e9fecture de police, le directeur de la direction de la police aux fronti\u00e8res et le responsable du  \nservice d'ordre de l'\u00e9quipe de football du Paris Saint-Germain sont charg\u00e9s, chacun en ce qui le  \nconcerne, de l'ex\u00e9cution du pr\u00e9sent arr\u00eat\u00e9 qui sera publi\u00e9 aux recueils des actes administratifs de la  \npr\u00e9fecture de police.\n Paris-Charles de Gaulle, le 12 mars 2026\nLe pr\u00e9fet d\u00e9l\u00e9gu\u00e9 pour la s\u00e9curit\u00e9 et la s\u00fbret\u00e9\ndes plates-formes a\u00e9roportuaires de Paris\nSign\u00e9\n St\u00e9phane DAGUIN\n2\nPr\u00e9fecture de Police - 75-2026-03-12-00004 - Arr\u00eat\u00e9 pr\u00e9fectoral n\u00b0 2026 - 101 portant mesures temporaires de s\u00e9curit\u00e9 et de\nstationnement \u00e0 proximit\u00e9 du pavillon de r\u00e9ception de l'a\u00e9roport de Paris - Charles de Gaulle 29\nVOIES ET D\u00c9LAIS DE RECOURS\nLe pr\u00e9sent arr\u00eat\u00e9 peut \u00eatre contest\u00e9 dans un d\u00e9lai de deux mois \u00e0 compter de sa notification :\n- soit par voie d'un recours gracieux aupr\u00e8s du pr\u00e9fet de police \u2013 D\u00e9l\u00e9gation de la pr\u00e9fecture de police pour \nla s\u00e9curit\u00e9 et la s\u00fbret\u00e9 des plates-formes a\u00e9roportuaires de Paris, Roissyp\u00f4le \u2013 Le D\u00f4me, 1 rue de la Haye \u2013  \nCS 10977 \u2013 95733 Roissy Cedex ;\n- soit par voie d'un recours hi\u00e9rarchique aupr\u00e8s du ministre de l'int\u00e9rieur ;\n- soit par voie de recours contentieux aupr\u00e8s du tribunal administratif de Montreuil \u2013 07 rue Catherine Puig  \n\u2013 93100 Montreuil.\nEn cas de rejet explicite ou implicite du recours administratif gracieux ou hi\u00e9rarchique, un recours contentieux  \npeut  \u00eatre  form\u00e9  conform\u00e9ment  \u00e0  l'alin\u00e9a  pr\u00e9c\u00e9dent.  Le  d\u00e9lai  du  recours  contentieux  est  alors  prorog\u00e9  par \nl'exercice de ces recours administratifs.\n3\nPr\u00e9fecture de Police - 75-2026-03-12-00004 - Arr\u00eat\u00e9 pr\u00e9fectoral n\u00b0 2026 - 101 portant mesures temporaires de s\u00e9curit\u00e9 et de\nstationnement \u00e0 proximit\u00e9 du pavillon de r\u00e9ception de l'a\u00e9roport de Paris - Charles de Gaulle 30\nts ww? :Rue du Mirolr ; 5 nye\" EF<4) D -\nssy CDG\nParking Wehiculespalfegersidu 7510 ;joe\nlresiPetits\"onsiRoUgeS\nANNEXE 1\u00a0:\nP\u00e9rim\u00e8tre d'interdiction de stationnement et de d\u00e9limitation de la zone publique\nle 13 mars 2026\n \n4\nBarri\u00e8res \nVauban\nPr\u00e9fecture de Police - 75-2026-03-12-00004 - Arr\u00eat\u00e9 pr\u00e9fectoral n\u00b0 2026 - 101 portant mesures temporaires de s\u00e9curit\u00e9 et de\nstationnement \u00e0 proximit\u00e9 du pavillon de r\u00e9ception de l'a\u00e9roport de Paris - Charles de Gaulle 31\nSNCF R\u00e9seau\n75-2026-02-05-00008\nD\u00e9cision de d\u00e9classement du domaine public\nferroviaire - PARIS 05 02 2026\nSNCF R\u00e9seau - 75-2026-02-05-00008 - D\u00e9cision de d\u00e9classement du domaine public ferroviaire - PARIS 05 02 2026 32\n= PUBLIC\\UX)\n2111 2141SNCFarticle)19 >manialele L. 2111 |Dgie ?5 juin| \\RT)obilit\u00e9s,dent _ aule \u2014dinte lle \u00a9nt Ile \u00a94g ART)\nde.\ndu R\u00e9seau\n \nDECISION DE DECLASSEMENT DU DOMAINE PUBLIC  \n \n(\u00c9tablie en deux exemplaires originaux)  \n \n \n \nR\u00e9f. SPA : \n DP 2051\n -\n03 \n \n \nSNCF R\u00e9seau  \n \n \n \nVu le code des transports, notamment son article L. 2111\n -\n21;  \n \nVu le code g\u00e9n\u00e9ral de la propri\u00e9t\u00e9 des personnes publiques, et notamment son article L. 2141\n -\n1 /  L.2141\n -\n2, \n \nVu le d\u00e9cret n\u00b0 2019\n -\n1587 du 31 d\u00e9cembre 2019 approuvant les statuts de la soci\u00e9t\u00e9 SNCF \nR\u00e9seau et portant diverses dispositions relatives \u00e0 la soci\u00e9t\u00e9 SNCF R\u00e9seau, notamment l'article \n13 desdits  \n; \n \nVu le d\u00e9cret n\u00b0 2019\n -\n1516 du 30 d\u00e9cembre 2019 relatif aux r\u00e8gles de gestion domaniale \napplicables \u00e0 la soci\u00e9t\u00e9 SNCF R\u00e9seau et sa filiale mentionn\u00e9e au 5\u00b0 de l'article L. 2111\n -\n9 du \nCode des transports (SNCF Gares & Connexions), notamment son article 3,  \n \nVu l'Arr\u00eat\u00e9 du Ministre de l'\u00e9cologie\n , du d\u00e9veloppement durable et de l'\u00e9nergie du 25 juin \n2015 fixant les obligations d'information de \n l'Autorit\u00e9 de R\u00e9gulation des Transports (ART)  \ndes \nprojets de d\u00e9classement de la SNCF, SNCF R\u00e9seau et SNCF Mobilit\u00e9s,  \n \nVu la d\u00e9cision portant d\u00e9l\u00e9gation de pouvoir du pr\u00e9sident\n -\ndirecteur g\u00e9n\u00e9ral de SNCF R\u00e9seau \n\u00e0 la directrice g\u00e9n\u00e9rale adjointe Ile\n -\nde\n -\nFrance DGIDF\n -\nDP\n -\nE1\n -\n0010, \n \nVu la d\u00e9cision portant d\u00e9l\u00e9gation de pouvoir de la directrice g\u00e9n\u00e9rale adjointe Ile\n -\nde\n -\nFrance \nau directeur de la modernisation et du d\u00e9veloppement Ile\n -\nde\n -\nFrance DGIDF\n -\nDP\n -\nE2\n -\n0060, \n \nVu le courrier d'information adress\u00e9 \u00e0 \n l'Autorit\u00e9 de R\u00e9gulation des Transports (ART)  \nen date \ndu \n 9 novembre 2023\n , \n \nVu \nl'avis favorable  \nd'Ile\n -\nde\n -\nFrance Mobilit\u00e9s en date 2\n 9 novembre 2023,  \n \nVu \n le courrier \n de consultation \n adress\u00e9 au  \n Conseil R\u00e9gional de \n Ile\n-\nde\n -\nFrance \n en date du  \n 9 \nnovembre 2023\n , \n \nVu l'autorisation de l'Etat en date du \n 15 d\u00e9cembre 2025\n , \n \nConsid\u00e9rant que le bien n'est plus affect\u00e9 aux missions de la SA SNCF R\u00e9seau  \n \n \n \n \nSNCF R\u00e9seau - 75-2026-02-05-00008 - D\u00e9cision de d\u00e9classement du domaine public ferroviaire - PARIS 05 02 2026 33\noinetin en\n| 3S\n7  |\nfet d'Ile \u2014 rets. itifs de la'\u00e9seau,MS\net\n \n \n \nDECIDE  \n: \n \nARTICLE 1  \n \n \nLes volumes 2 et 3 d\u00e9pendant d'un \u00e9tat descriptif de division en volume \u00e9tabli par le cabinet \nde g\u00e9om\u00e8tres\n -\nexperts Serrain figurant respectivement en teintes orange et rose sur le plan en \nannexe, joint \u00e0 la pr\u00e9sente d\u00e9cision, sont d\u00e9class\u00e9s du domaine publ\n ic ferroviaire  \n: \n \nCode INSEE \nCommune  \n Lieu\n -\ndit \nR\u00e9f\u00e9rences cadastrales \nterrain d'assiette  \n Nature du \nbien  \nSurface (m2)  \nSection  \n Num\u00e9ro  \n75017  \n Paris  \n CW  \n 65 & \n 68 \n Volume 2  \n Environ 3m\u00b2  \n75017  \n Paris  \n CW  \n 71 \n Volume 3  \n Environ 1m\u00b2  \n    \n TOTAL  \n Environ 4m\u00b2  \n \n \n \nARTICLE \n 2 \n \nCopie de la pr\u00e9sente d\u00e9cision sera communiqu\u00e9e au Pr\u00e9fet d'Ile\n -\nde\n -\nFrance et au Ministre \ncharg\u00e9 des Transports.  \n \nLa pr\u00e9sente d\u00e9cision de d\u00e9classement sera publi\u00e9e au recueil des actes administratifs de la \nPr\u00e9fecture du d\u00e9partement de \n Paris.  \n \nLa pr\u00e9sente d\u00e9cision sera publi\u00e9e au Bulletin Officiel de SNCF R\u00e9seau,  \n \n \n \nFait \u00e0 Saint Denis  \nLe \n 05\n-\n02\n-\n2026  \n \nSign\u00e9  \n \nGilles GAUTRIN   \nDirecteur de la Modernisation et \ndu D\u00e9veloppement I\n DF  \nSNCF R\u00e9seau - 75-2026-02-05-00008 - D\u00e9cision de d\u00e9classement du domaine public ferroviaire - PARIS 05 02 2026 34","date":"2026-03-12","first_seen_on":"2026-03-12T17:45:21+00:00","id":"8da3b05786b28c511ebc3d1c9adced1cd6a08a9514c154d7fb60ab69ad615c90","name":"recueil-75-2026-150-recueil-des-actes-administratifs-special du 12.03.2026","pdf_creation_date":"2026-03-12T16:01:29+00:00","pdf_modification_date":null,"timezone":"Europe/Paris","url":"https://www.prefectures-regions.gouv.fr/ile-de-france/irecontenu/telechargement/136208/996188/file/recueil-75-2026-150-recueil-des-actes-administratifs-special%20du%2012.03.2026.pdf"}
