{"administration":"pref58","administration_name":"Pr\u00e9fecture de la Ni\u00e8vre","content":"NI\u00c8VRE\nRECUEIL DES ACTES\nADMINISTRATIFS\nN\u00b058-2026-060\nPUBLI\u00c9 LE 26 F\u00c9VRIER 2026\nSommaire\nDirection d\u00e9partementale de l'Emploi, du Travail, des Solidarit\u00e9s et de\nla Protection des Populations /\n58-2026-02-18-00002 - R\u00e9c\u00e9piss\u00e9 de d\u00e9claration d'un organisme\n\"Yevi Home Services \" de services \u00e0 la personne \"Madame LAUBHOUET\nYevi\" enregistr\u00e9 sous N\u00b0 SAP948575071 (2 pages) Page 3\nDirection d\u00e9partementale des territoires de la Ni\u00e8vre /\n58-2026-02-17-00006 - Arr\u00eat\u00e9 portant modification de l'organisation de\nla DDT de la Ni\u00e8vre (2 pages) Page 6\nDirection d\u00e9partementale des territoires de la Ni\u00e8vre / Service Eau, For\u00eat\net Biodiversit\u00e9\n58-2026-02-19-00004 - Arr\u00eat\u00e9 portant autorisation d'exercer la p\u00eache\nde la Carpe \u00e0 toute heure sur l'\u00e9tang de Pinet, commune d'Azy-le-Vif (2\npages) Page 9\nDirection d\u00e9partementale des territoires de la Ni\u00e8vre / SLSR\n58-2026-02-26-00001 - Arr\u00eat\u00e9 pr\u00e9fectoral encadrant le d\u00e9lai de\nd\u00e9p\u00f4t des demandes au titre de l'indemnisation fond\u00e9e sur la\nsolidarit\u00e9 nationale suite aux orages de gr\u00eale du 14 au 25 juin 2025 (4\npages) Page 12\nDirection des Services D\u00e9partementaux de l'\u00c9ducation Nationale de la\nNi\u00e8vre / DSDEN-SDJES\n58-2026-02-23-00006 - 2026 02 23 subd\u00e9l\u00e9gation signature DASEN \u00e0\nSDJES (3 pages) Page 17\nDRAAF Bourgogne Franche-Comt\u00e9 /\n58-2026-02-23-00001 - Arr\u00eat\u00e9 portant approbation de l'am\u00e9nagement\nde la for\u00eat communale d'Arquian pour la p\u00e9riode 2026-2045  (2 pages) Page 21\n58-2026-02-23-00003 - Arr\u00eat\u00e9 portant approbation de l'am\u00e9nagement\nde la for\u00eat indivise de Villiers-Le-Sec Varzy pour la p\u00e9riode 2024-2038\navec application du 2\u00b0 de l'article L122-7 du code forestier (2 pages) Page 24\n58-2026-02-23-00002 - Arr\u00eat\u00e9 portant approbation de l'am\u00e9nagement\nde la for\u00eat sectionnale de Saint-Georges pour la p\u00e9riode 2026-2045 avec\napplication du 2\u00b0 de l'article L122-7 du code forestier (2 pages) Page 27\nPr\u00e9fecture de la Ni\u00e8vre / DIPIM-PE-ICPE\n58-2026-02-19-00003 - Arr\u00eat\u00e9 pr\u00e9fectoral modifiant l'arr\u00eat\u00e9 n\u00b0\n58-2025-01-10-00001 du 10 janvier 2025 portant mise en demeure \u00e0 M.\nRomain DI DIO, dirigeant de l'enseigne PI\u00c8CES D\u00c9TACH\u00c9ES 58, de\nrespecter certaines dispositions de l'arr\u00eat\u00e9 minist\u00e9riel du 6 juin\n2018 relatif aux prescriptions applicables \u00e0 l'exploitation de son\n\u00e9tablissement sis 55 bis rue Francis Garnier sur le territoire de la\ncommune de Nevers et lui prescrivant des mesures conservatoires (4 pages) Page 30\n2\nDirection d\u00e9partementale de l'Emploi, du\nTravail, des Solidarit\u00e9s et de la Protection des\nPopulations\n58-2026-02-18-00002\nR\u00e9c\u00e9piss\u00e9 de d\u00e9claration d'un organisme \"Yevi\nHome Services \" de services \u00e0 la personne\n\"Madame LAUBHOUET Yevi\" enregistr\u00e9 sous N\u00b0\nSAP948575071\n{signataire}\nDirection d\u00e9partementale de l'Emploi, du Travail, des Solidarit\u00e9s et de la Protection des Populations - 58-2026-02-18-00002 - R\u00e9c\u00e9piss\u00e9\nde d\u00e9claration d'un organisme \"Yevi Home Services \" de services \u00e0 la personne \"Madame LAUBHOUET Yevi\" enregistr\u00e9 sous N\u00b0\nSAP948575071\n3\nPREFETE | | Direction d\u00e9partementaleDE LA NIEVRE de l'emploi, du travail, des solidarit\u00e9sFeat et de la protection des populationsFratenmit\u00e9\nR\u00e9c\u00e9piss\u00e9 de d\u00e9clarationd'un organisme de services \u00e0 la personneenregistr\u00e9 sous le N\u00b0 SAP948575071\nVu le code du travail et notamment les articles L.7231-1 \u00e0 L.7233-2, R.7232-16 \u00e0 R.7232-22,D.7231-1 et D.7233-1 \u00e0 D.7233-5; \u00a9\nLa Pr\u00e9f\u00e8te de la Ni\u00e8vreChevalier de la L\u00e9gion d'HonneurOfficier de l'Ordre National du M\u00e9rite\nConstate : |Qu'une d\u00e9claration d'activit\u00e9s de services \u00e0 la personne a \u00e9t\u00e9 d\u00e9pos\u00e9e aupr\u00e8s du serviceinstructeur de la Ni\u00e8vre, le 18 f\u00e9vrier 2026 par Madame LAUBHOUET Yevi en qualit\u00e9 dedirigeante, pour l'organisme Yevi Home Services dont l'\u00e9tablissement principal est situ\u00e9 5Rue du 8 Mai 1945 58640 Varennes-Vauzelles et enregistr\u00e9 sous le N\u00b0 SAP948575071 pourles activit\u00e9s suivantes :+ Entretien de la maison et travaux m\u00e9nagers (mode d'intervention Prestataire)\nToute modification concernant les activit\u00e9s exerc\u00e9es devra faire l'objet d'une d\u00e9clarationmodificative pr\u00e9alable.Sous r\u00e9serve d'\u00eatre exerc\u00e9es \u00e0 titre exclusif (ou sous r\u00e9serve d'une comptabilit\u00e9 s\u00e9par\u00e9epour les personnes morales dispens\u00e9es de cette condition), ces activit\u00e9s ouvrent droit aub\u00e9n\u00e9fice des dispositions des articles L. 7233-2 du Code du travail et L.241-10 du Code de.la s\u00e9curit\u00e9 sociale dans les conditions pr\u00e9vues par ces articles.Les effets de la d\u00e9claration courent \u00e0 compter du jour du d\u00e9p\u00f4t de la d\u00e9claration sousr\u00e9serve des dispositions de l'article R.7232-18 du Code du travail.Le pr\u00e9sent r\u00e9c\u00e9piss\u00e9 n'est pas limit\u00e9 dans le temps.\nDDETSPP de la Ni\u00e8vreDirection D\u00e9partementale de l'Emploi du Travail, des Solidarit\u00e9s et de la Protection des PopulationsCit\u00e9 COLBERT \u2014 Rue Simone VEIL - 58000 NEVERS - Standard 03 86 29 69 80http://www.nievre.gouv.fr\nDirection d\u00e9partementale de l'Emploi, du Travail, des Solidarit\u00e9s et de la Protection des Populations - 58-2026-02-18-00002 - R\u00e9c\u00e9piss\u00e9\nde d\u00e9claration d'un organisme \"Yevi Home Services \" de services \u00e0 la personne \"Madame LAUBHOUET Yevi\" enregistr\u00e9 sous N\u00b0\nSAP948575071\n4\nL'enregistrement de la d\u00e9claration peut \u00eatre retir\u00e9 dans les conditions fix\u00e9es aux articlesR.7232-20 \u00e0 R.7232-22 du Code du travail.Le pr\u00e9sent r\u00e9c\u00e9piss\u00e9 sera publi\u00e9 au recueil des actes administratifs de la pr\u00e9fecture.\nFait \u00e0 Nevers, le 18 f\u00e9vrier 2026\n7Par subd\u00e9l\u00e9gationP/La Directrice DDETSPP de la Ni\u00e8vreLe Difecteur Adjoint\u00ce \\\\\nFabrice\nLa pr\u00e9sente d\u00e9cision peut,\u00e0 compter de sa publication, faire l'objet d'un recours gracieux aupr\u00e8s de la DDETSPPou d'un recours hi\u00e9rarchique adress\u00e9 au ministre charg\u00e9 de l'\u00e9conomie - Direction g\u00e9n\u00e9rale des entreprises \u2014sous-direction des services marchands, 61 Boulevard Vincent Auriol, 75703 PARIS CEDEX 13.Elle peut \u00e9galement faire l'objet d'un recours contentieux dans un d\u00e9lai de deux mois \u00e0 compter de sapublication aupr\u00e8s du Tribunal Administratif de Dijon, 22 rue d'Assas, BP 61616, 21016 Dijon.Le tribunal administratif peut \u00eatre saisi par l'application informatique \u00ab T\u00e9l\u00e9recours citoyen \u00bb accessible sur le siteinternet www.telerecours.fr.En cas de rejet du recours gracieux ou hi\u00e9rarchique ou en l'absence de r\u00e9ponse \u00e0 ce recours (rejet implicite), unrecours contentieux devant le tribunal administratif peut \u00e9galement \u00eatre form\u00e9 contre la d\u00e9cision initiale dans und\u00e9lai de deux mois \u00e0 compter de ce rejet.\nDDETSPP de la Ni\u00e8vreDirection D\u00e9partementale de l'Emploi du Travail, des Solidarit\u00e9s et de la Protection des PopulationsCit\u00e9 COLBERT \u2014 Rue Simone VEIL \u2014 58000 NEVERS - Standard 03 86 29 69 80http://www.nievre.gouv.fr\nDirection d\u00e9partementale de l'Emploi, du Travail, des Solidarit\u00e9s et de la Protection des Populations - 58-2026-02-18-00002 - R\u00e9c\u00e9piss\u00e9\nde d\u00e9claration d'un organisme \"Yevi Home Services \" de services \u00e0 la personne \"Madame LAUBHOUET Yevi\" enregistr\u00e9 sous N\u00b0\nSAP948575071\n5\nDirection d\u00e9partementale des territoires de la\nNi\u00e8vre\n58-2026-02-17-00006\nArr\u00eat\u00e9 portant modification de l'organisation de\nla DDT de la Ni\u00e8vre\n{signataire}\nDirection d\u00e9partementale des territoires de la Ni\u00e8vre - 58-2026-02-17-00006 - Arr\u00eat\u00e9 portant modification de l'organisation de la DDT\nde la Ni\u00e8vre 6\nDirection d\u00e9partementaledes territoiresapePREFETE _DE LA NIEVRELibert\u00e9Egalit\u00e9Fraternit\u00e9\nArr\u00eat\u00e9 N\u00b0 DB - 2026 -C2 \u00c0 7portant modification de l'organisationde la direction d\u00e9partementale des territoires de la Ni\u00e8vreLa Pr\u00e9f\u00e8te de la Ni\u00e8vre,Chevalier de la L\u00e9gion d'honneur,Officier de l'ordre national du M\u00e9rite,\nVU le d\u00e9cret n\u00b02004-374 modifi\u00e9 du 29 avril 2004 relatif aux pouvoirs des pr\u00e9fets, \u00e0 l'organisation et\u00e0 l'action des services de l'\u00c9tat dans les r\u00e9gions et d\u00e9partements,VU le d\u00e9cret n\u00b02009-1484 du 3 d\u00e9cembre 2009 relatif aux directions d\u00e9partementalesinterminist\u00e9rielles,VU le d\u00e9cret du 23 octobre 2024 portant nomination de Mme Fabienne Decottignies en qualit\u00e9 dePr\u00e9f\u00e8te de la Ni\u00e8vre,VU l'arr\u00eat\u00e9 du 11 juillet 2025 portant nomination de Laurent Kompf en qualit\u00e9 de directeurd\u00e9partemental des territoires de la Ni\u00e8vre \u00e0 compter du Ter ao\u00fbt 2025,VU l'arr\u00eat\u00e9 N\u00b058-2025-07-21-0007 du 21 juillet 2025 portant d\u00e9l\u00e9gation de signature \u00e0 LaurentKompf, directeur d\u00e9partemental des territoires de la Ni\u00e8vre,VU l'arr\u00eat\u00e9 pr\u00e9fectoral N\u00b02014-153-0004 du 2 juin 2014 portant organisation de la directiond\u00e9partementale des territoires de la Ni\u00e8vre, modifi\u00e9 par les arr\u00eat\u00e9s pr\u00e9fectoraux n\u00b058-2018-02-19001du 19 f\u00e9vrier 2018, n\u00b058-2019-08-19-003 du 19 ao\u00fbt 2019, n\u00b058-2021-02-05-008 du 5f\u00e9vrier 2021,n\u00b058-2025-03-28-000-30 du 28 mars 2025,VU les avis du comit\u00e9 social d'administration de la direction d\u00e9partementale des territoires de laNi\u00e9vre du 19 d\u00e9cembre 2025 et du 22 janvier 2026,CONSID\u00c9RANT la pertinence d'inclure dans la d\u00e9nomination du service \"accompagnement desterritoires\", la mission d'analyse territoriale et information g\u00e9ographique, d'o\u00f9 le changement dunom de ce service en \"appui et connaissance des territoires\",CONSID\u00c9RANT la n\u00e9cessit\u00e9 de structurer le fonctionnement interne du service \"appui etconnaissance des territoires \" en cr\u00e9ant le bureau \"accompagnement et conseil\" compos\u00e9 desconseillers territoriaux et des charg\u00e9s de mission,CONSID\u00c9RANT la volont\u00e9 de r\u00e9unir les deux bureaux \"milieux aquatiques\" et \"protection de laressource en eau\" en un seul bureau nomm\u00e9 \"eau\" au sein du service \"eau, foret, biodiversit\u00e9\",\nDirection d\u00e9partementale des territoires de la Ni\u00e8vre - 58-2026-02-17-00006 - Arr\u00eat\u00e9 portant modification de l'organisation de la DDT\nde la Ni\u00e8vre 7\nARRETEArticle 1\u00b0:La direction d\u00e9partementale des territoires de la Ni\u00e8vre exerce, sous l'autorit\u00e9 de la pr\u00e9f\u00e8te de laNi\u00e8vre, les attributions d\u00e9finies \u00e0 l'article 3 du d\u00e9cret n\u00b0 2009-1484 du 3 d\u00e9cembre 2009.Article 2 :L'article 2 de l'arr\u00eat\u00e9 pr\u00e9fectoral n\u00b02014-153-0004 du 2 juin 2014, portant sur l'organisation de ladirection d\u00e9partementale des territoires de la Ni\u00e8vre est modifi\u00e9 comme suit :- le p\u00f4le d'appui \u00e0 la direction (PAD)- le service eau, for\u00eat et biodiversit\u00e9 (SEFB) constitu\u00e9 par les bureaux :. eau\u00b0 for\u00e9t, chasse et biodiversit\u00e9- le service \u00e9conomie agricole (SEA) constitu\u00e9 par les bureaux :. aides et contr\u00f4les\u00b0 agriculteurs, foncier, fili\u00e8res et aides conjoncturelles- le service am\u00e9nagement, urbanisme et habitat (SAUH) constitu\u00e9 par les bureaux :\u00b0 batiment et accessibilit\u00e9\u00b0 habitat et pr\u00e9carit\u00e9 \u00e9nerg\u00e9tique\u00b0 planification et am\u00e9nagement du territoire\u00b0 droits des sols- le service Loire s\u00e9curit\u00e9 et risques (SLSR) constitu\u00e9 par :. le bureau connaissance et pr\u00e9vention des risques. la subdivision gestion de la Loire\u00b0 la mission affaires juridiques- le service appui et connaissance des territoires (SACT) constitu\u00e9 par les bureaux :. analyse territoriale et information g\u00e9ographique\u00b0 accompagnement et conseilArticle 3:Le directeur d\u00e9partemental des territoires de la Ni\u00e8vre est charg\u00e9 de l'ex\u00e9cution du pr\u00e9sent arr\u00eat\u00e9qui sera publi\u00e9 au recueil des actes administratifs de la pr\u00e9fecture de la Ni\u00e8vre.Fait \u00e0 Nevers, le {7 FEV 2096\u00a3 a= wi\nLe directeur d\u00e9partemental,\nDirection d\u00e9partementale des territoires de la Ni\u00e8vre - 58-2026-02-17-00006 - Arr\u00eat\u00e9 portant modification de l'organisation de la DDT\nde la Ni\u00e8vre 8\nDirection d\u00e9partementale des territoires de la\nNi\u00e8vre\n58-2026-02-19-00004\nArr\u00eat\u00e9 portant autorisation d'exercer la p\u00eache\nde la Carpe \u00e0 toute heure sur l'\u00e9tang de Pinet,\ncommune d'Azy-le-Vif\n{signataire}\nDirection d\u00e9partementale des territoires de la Ni\u00e8vre - 58-2026-02-19-00004 - Arr\u00eat\u00e9 portant autorisation d'exercer la p\u00eache de la\nCarpe \u00e0 toute heure sur l'\u00e9tang de Pinet, commune d'Azy-le-Vif 9\nPREFETE |DE LA NIEVRE | | .Libert\u00e9 Direction d\u00e9partementale\u00c9galit\u00e9 des territoiresFraternit\u00e9\nService Eau, for\u00eat et biodiversit\u00e9ARR\u00caT\u00c9 N\u00b0Portant autorisation d'exercer la p\u00eache de la Carpe \u00e0 toute heuresur l'\u00e9tang de Pinet, commune d'AZY-LE-VIFLa pr\u00e9f\u00e8te de la Ni\u00e8vreChevalier de la L\u00e9gion d'HonneurOfficier de l'Ordre National du M\u00e9riteVU le code de l'environnement et notamment ses articles R.436-14 et R.541-76.VU le d\u00e9cret du 23 octobre 2024 portant nomination de Mme Fabienne DECOTTIGNIES en qualit\u00e9de pr\u00e9f\u00e8te de la Ni\u00e8vre.VU l'arr\u00eat\u00e9 du premier ministre et du ministre de l'int\u00e9rieur du 11 juillet 2025 nommant M. LaurentKOMPF, attach\u00e9 d'administration de l'Etat hors classe, directeur d\u00e9partemental des territoires de laNi\u00e8vre.VU l'arr\u00eat\u00e9 pr\u00e9fectoral n\u00b0 58-2025-07-21-00007 du 21 juillet 2025 portant d\u00e9l\u00e9gation de signature \u00e0M. Laurent KOMPF, directeur d\u00e9partemental des territoires de la Ni\u00e8vre.VU l'arr\u00eat\u00e9 pr\u00e9fectoral n\u00b0 58-2025-12-19-00002 du 19 d\u00e9cembre 2025 portant subd\u00e9l\u00e9gation designature aux agents de la direction d\u00e9partementale des territoires.VU la demande pr\u00e9sent\u00e9e par l'amicale des p\u00eacheurs de Pinet re\u00e7ue le 27 janvier 2026.VU l'absence d'observation de l'office fran\u00e7ais de la biodiversit\u00e9.SUR proposition du directeur d\u00e9partemental des territoires,ARR\u00caTEARTICLE 1\u00b0 :L'Amicale des P\u00eacheurs de Pinet \u00e0 AZY-LE-VIF est autoris\u00e9e \u00e0 faire pratiquer la p\u00eache de la carpe \u00e0toute heure sur l'\u00e9tang de Pinet, commune d'AZY-LE-VIF.ARTICLE 2:Les postes de p\u00eache sont la digue de l'\u00e9tang, du c\u00f4t\u00e9 droit de la digue jusqu'\u00e0 la route d'AZY-LE-VIF-CHANTENAY-SAINT-IMBERT et du c\u00f4t\u00e9 gauche de la digue jusqu'\u00e0 la limite du ch\u00e2teau.ARTICLE 3Les dates autoris\u00e9es pour cette p\u00eache de la carpe \u00e0 toute heure sont indiqu\u00e9es en annexe ci-jointe.ARTICLE 4 :Les b\u00e9n\u00e9ficiaires sont tenus de mettre en place des panneaux d\u00e9limitant le parcours autoris\u00e9 etd'indiquer la p\u00e9riode autoris\u00e9e.ARTICLE 5:L'utilisation d'embarcations ou de dispositifs radiocommand\u00e9s pour d\u00e9poser les lignes est interdite.\nDirection d\u00e9partementale des territoires -Rue Simone Veil- 58000 NEVERSt\u00e9l : 03 86 60 70 80 - courriel : ddt@nievre.gouv.fr\nDirection d\u00e9partementale des territoires de la Ni\u00e8vre - 58-2026-02-19-00004 - Arr\u00eat\u00e9 portant autorisation d'exercer la p\u00eache de la\nCarpe \u00e0 toute heure sur l'\u00e9tang de Pinet, commune d'Azy-le-Vif 10\nSeule la p\u00e9che a partir de la rive est autoris\u00e9e. La d\u00e9pose des montages ne doit se faire que par lancer al'aide de cannes a partir du bord.ARTICLE 6:L'article R.436-14- 5\u00b0 du code de l'environnement pr\u00e9voit que depuis une demi-heure apr\u00e8s le coucherdu soleil jusqu'\u00e0 une demi-heure avant son lever, aucune carpe captur\u00e9e par les p\u00eacheurs amateurs auxlignes ne peut \u00e9tre maintenue en captivit\u00e9 ou transport\u00e9e.ARTICLE 7:Durant les heures de p\u00eache de nuit, seules la bouillette et les esches d'origine v\u00e9g\u00e9tale sont autoris\u00e9es.ARTICLE 8 :Dans le cadre de l'organisation de concours, le b\u00e9n\u00e9ficiaire sera tenu d'informer, quinze jours \u00e0 l'avance,la direction d\u00e9partementale des territoires et le service d\u00e9partemental de l'office fran\u00e7ais de labiodiversit\u00e9 de la date de ces concours.ARTICLE 9:En vue d'assurer la protection des espaces naturels, la circulation des v\u00e9hicules \u00e0 moteur est interditeen dehors des voies class\u00e9es dans le domaine public routier de l'Etat, des d\u00e9partements et descommunes, des chemins ruraux et des voies priv\u00e9es ouvertes a la circulation publique des v\u00e9hicules amoteur.ARTICLE 10 :Les dispositions du pr\u00e9sent arr\u00eat\u00e9 peuvent \u00eatre d\u00e9f\u00e9r\u00e9es au Tribunal Administratif de DIJON par toutepersonne int\u00e9ress\u00e9e par le projet, c'est-\u00e0-dire ayant un int\u00e9r\u00eat pour agir, dans un d\u00e9lai de deux mois \u00e0compter de la date de la notification du dit acte ou de sa publication collective.Le recours peut \u00eatre d\u00e9pos\u00e9 devant le tribunal administratif de Dijon via l'application \u00ab t\u00e9l\u00e9recourscitoyens \u00bb, accessible par le site internet : www.telerecours.fr.ARTICLE 11:- la secr\u00e9taire g\u00e9n\u00e9rale de la pr\u00e9fecture de la Ni\u00e8vre,- le maire concern\u00e9,- le directeur d\u00e9partemental des territoires de la Ni\u00e8vre,- le colonel, commandant du groupement de gendarmerie de la Ni\u00e8vre,- le pr\u00e9sident de la f\u00e9d\u00e9ration d\u00e9partementale des associations pour la p\u00eache et la protection du milieuaquatique de la Ni\u00e8vre,- le chef du service d\u00e9partemental de la Ni\u00e8vre de l'office fran\u00e7ais de la biodiversit\u00e9,- le pr\u00e9sident de l'amicale des p\u00eacheurs de Pinet,ainsi que tous les agents asserment\u00e9s ou commissionn\u00e9s pour la police de la P\u00eache en eau douce sontcharg\u00e9s, chacun en ce qui le concerne, de l'ex\u00e9cution du pr\u00e9sent arr\u00eat\u00e9.\nFait \u00e0 Nevers, le 19 FEV. 2026Le chef du bureau des milieux aquatiques et axe Loire,\nOlivier PRUDHOMMEAUX\nDirection d\u00e9partementale des territoires de la Ni\u00e8vre - 58-2026-02-19-00004 - Arr\u00eat\u00e9 portant autorisation d'exercer la p\u00eache de la\nCarpe \u00e0 toute heure sur l'\u00e9tang de Pinet, commune d'Azy-le-Vif 11\nDirection d\u00e9partementale des territoires de la\nNi\u00e8vre\n58-2026-02-26-00001\nArr\u00eat\u00e9 pr\u00e9fectoral encadrant le d\u00e9lai de d\u00e9p\u00f4t\ndes demandes au titre de l'indemnisation fond\u00e9e\nsur la solidarit\u00e9 nationale suite aux orages de\ngr\u00eale du 14 au 25 juin 2025\n{signataire}\nDirection d\u00e9partementale des territoires de la Ni\u00e8vre - 58-2026-02-26-00001 - Arr\u00eat\u00e9 pr\u00e9fectoral encadrant le d\u00e9lai de d\u00e9p\u00f4t des\ndemandes au titre de l'indemnisation fond\u00e9e sur la solidarit\u00e9 nationale suite aux orages de gr\u00eale du 14 au 25 juin 2025 12\nPREFETE | Direction d\u00e9partementaleDE LA NIEVRE des territoiresLibert\u00e9Egalit\u00e9Fraternit\u00e9\nService Economie Agricole\nARR\u00caT\u00c9 N\u00b0\"encadrant le d\u00e9lai de d\u00e9p\u00f4t des demandes au titre de l'indemnisation fond\u00e9e sur la solidarit\u00e9nationale suite aux orages de gr\u00eale du 14 au 25 juin 2025La pr\u00e9f\u00e8te de la Ni\u00e8vreChevalier de la L\u00e9gion d'honneurOfficier de l'ordre national du M\u00e9rite\nVU le Code rural et de la p\u00eache maritime, notamment son article D. 361-44-7 ;VU l'arr\u00eat\u00e9 minist\u00e9riel du 06 novembre 2025 portant reconnaissance au titre de l'indemnisationfond\u00e9e sur la solidarit\u00e9 nationale g\u00e9r\u00e9e par l'\u00c9tat des pertes, natures de r\u00e9colte et zonesg\u00e9ographiques pr\u00e9sent\u00e9es \u00e0 l'avis de la Commission charg\u00e9e de l'orientation et du d\u00e9veloppementdes assurances garantissant les dommages caus\u00e9s aux r\u00e9coltes au cours de sa s\u00e9ance du 17 octobre2025;VU l'arr\u00eat\u00e9 minist\u00e9riel du 08 janvier 2026 portant reconnaissance au titre de l'indemnisationfond\u00e9e sur la solidarit\u00e9 nationale g\u00e9r\u00e9e par l'\u00c9tat des pertes, natures de r\u00e9colte et zonesg\u00e9ographiques pr\u00e9sent\u00e9es \u00e0 l'avis de la Commission charg\u00e9e de l'orientation et du d\u00e9veloppementdes assurances garantissant les dommages caus\u00e9s aux r\u00e9coltes au cours de sa s\u00e9ance du 10d\u00e9cembre 2025 ;VU l'avis \u00e9mis par la Commission charg\u00e9e de l'orientation et du d\u00e9veloppement des assurancesgarantissant les dommages caus\u00e9s aux r\u00e9coltes au cours de sa s\u00e9ance du 17 octobre 2025 ;VU l'avis \u00e9mis par la Commission charg\u00e9e de l'orientation et du d\u00e9veloppement des assurancesgarantissant les dommages caus\u00e9s aux r\u00e9coltes au cours de sa s\u00e9ance du 10 d\u00e9cembre 2025 ;\nDirection d\u00e9partementale des territoiresCit\u00e9 ColbertRue Simone VeilBP 2006958028 NEVERS Cedext\u00e9l : 03 86 60 70 80 \u2014 courriel : ddt@nievre.gouv.fr\n58-2026-02-26-00001\nDirection d\u00e9partementale des territoires de la Ni\u00e8vre - 58-2026-02-26-00001 - Arr\u00eat\u00e9 pr\u00e9fectoral encadrant le d\u00e9lai de d\u00e9p\u00f4t des\ndemandes au titre de l'indemnisation fond\u00e9e sur la solidarit\u00e9 nationale suite aux orages de gr\u00eale du 14 au 25 juin 2025 13\nVU le d\u00e9cret 2004-374 du 29 avril 204 relatif aux pouvoirs des pr\u00e9fets, \u00e0 l'organisation et \u00e0 l'actiondes services de l'\u00c9tat dans les r\u00e9gions et d\u00e9partements, modifi\u00e9 par les d\u00e9crets n \u00b0 2025-723, 2025-724et 2025-726 du 30juillet 2025 ;\nVU le d\u00e9cret du 23 octobre 2024 portant nomination de Mme Fabienne DECOTTIGNIES en qualit\u00e9de pr\u00e9f\u00e8te de la Ni\u00e8vre ;VU l'arr\u00eat\u00e9 pr\u00e9fectoral n\u00b058-2025-07-21-00007 du 21 juillet 2025 portant d\u00e9l\u00e9gation de signature \u00e0 M.Laurent KOMPF, directeur d\u00e9partemental des territoires de la Ni\u00e8vre ;VU l'arr\u00eat\u00e9 pr\u00e9fectoral n\u00b058-2025-12-19-00002 du 19 d\u00e9cembre 2025 portant subd\u00e9l\u00e9gation designature aux agents de la direction d\u00e9partementale des territoires de la Ni\u00e8vre ;CONSID\u00c9RANT l'arr\u00eat\u00e9 minist\u00e9riel du 06 novembre 2025 reconnaissant l'\u00e9ligibilit\u00e9 des pertes de r\u00e9coltecaus\u00e9es par les orages (gr\u00eale) du 14 au 25 juin 2025 dans le d\u00e9partement de la Ni\u00e8vre au titre del'indemnisation fond\u00e9e sur la solidarit\u00e9 nationale ;CONSID\u00c9RANT l'arr\u00eat\u00e9 minist\u00e9riel du 08 janvier 2026 reconnaissant l'\u00e9ligibilit\u00e9 des pertes de r\u00e9coltecaus\u00e9es par les orages (gr\u00eale) du 14 au 25 juin 2025 dans le d\u00e9partement de la Ni\u00e8vre au titre del'indemnisation fond\u00e9e sur la solidarit\u00e9 nationale ;SUR proposition du directeur d\u00e9partemental des territoires de la Ni\u00e8vre ;\nARR\u00caTE\nArticle Ter: objetLes demandes d'indemnisation formul\u00e9es par les exploitants agricoles au titre de l'indemnisationfond\u00e9e sur la solidarit\u00e9 nationale pour les pertes de r\u00e9colte en orge, triticale, ma\u00efs ensilage, avoine, bl\u00e9,f\u00e9verole, pommes de terre, fraises, prune, mirabelle, quetsche, p\u00eache, pomme, poire, framboise, cassis,groseille, raisin de table, c\u00e9leri, courge, courgette, cornichon, concombre, \u00e9chalote, haricot, melon,oignon, past\u00e8que cons\u00e9cutives aux orages de gr\u00eale du 14 au 25 juin 2025 doivent \u00eatre pr\u00e9sent\u00e9es,aupr\u00e8s de la DDT ou par t\u00e9l\u00e9d\u00e9claration via l'applicatif \u00ab Al\u00e9aNat \u00bb, \u00e0 partir du 5 mars 2026 et au plustard le 9 avril 2026.Article 2 : publicationLe pr\u00e9sent arr\u00e9t\u00e9 sera publi\u00e9 au recueil des actes administratifs du d\u00e9partement de la Ni\u00e9vre et sur lesite internet des services de l'\u00c9tat.Article 3 : d\u00e9lais et voies de recoursLa pr\u00e9sente d\u00e9cision peut faire l'objet d'un recours contentieux aupr\u00e8s du tribunal administratif deDijon soit :* directement en l'absence de recours pr\u00e9alable dans le d\u00e9lai de deux mois \u00e0 compter de sapublication\nDirection d\u00e9partementale des territoires de la Ni\u00e8vre - 58-2026-02-26-00001 - Arr\u00eat\u00e9 pr\u00e9fectoral encadrant le d\u00e9lai de d\u00e9p\u00f4t des\ndemandes au titre de l'indemnisation fond\u00e9e sur la solidarit\u00e9 nationale suite aux orages de gr\u00eale du 14 au 25 juin 2025 14\n* \u00e0 l'issue d'un recours pr\u00e9alable, dans les deux mois \u00e0 compter de la date de notification de lar\u00e9ponse obtenue de l'administration, ou au terme d'un silence gard\u00e9 par celle-ci pendant deuxmois a compter de la r\u00e9ception de la demande.Ce recours peut \u00eatre adress\u00e9 par voie postale ou par l'application informatique T\u00e9l\u00e9recours, accessiblepar le lien : https://www.telerecours.fr/Article 4 : ex\u00e9cutionLe directeur d\u00e9partemental des territoires de la Ni\u00e8vre est charg\u00e9 de l'ex\u00e9cution du pr\u00e9sent arr\u00eat\u00e9.\nFait \u00e0 Nevers, le 26 f\u00e9vrier 2026Pour la pr\u00e9f\u00e8te et par d\u00e9l\u00e9gation,Pour le directeur d\u00e9partemental,L'adjoint au chef du service \u00e9conomie agricole,ETXavier PETIT\nDirection d\u00e9partementale des territoires de la Ni\u00e8vre - 58-2026-02-26-00001 - Arr\u00eat\u00e9 pr\u00e9fectoral encadrant le d\u00e9lai de d\u00e9p\u00f4t des\ndemandes au titre de l'indemnisation fond\u00e9e sur la solidarit\u00e9 nationale suite aux orages de gr\u00eale du 14 au 25 juin 2025 15\nDirection d\u00e9partementale des territoires de la Ni\u00e8vre - 58-2026-02-26-00001 - Arr\u00eat\u00e9 pr\u00e9fectoral encadrant le d\u00e9lai de d\u00e9p\u00f4t des\ndemandes au titre de l'indemnisation fond\u00e9e sur la solidarit\u00e9 nationale suite aux orages de gr\u00eale du 14 au 25 juin 2025 16\nDirection des Services D\u00e9partementaux de\nl'\u00c9ducation Nationale de la Ni\u00e8vre\n58-2026-02-23-00006\n2026 02 23 subd\u00e9l\u00e9gation signature DASEN \u00e0\nSDJES\n{signataire}\nDirection des Services D\u00e9partementaux de l'\u00c9ducation Nationale de la Ni\u00e8vre - 58-2026-02-23-00006 - 2026 02 23 subd\u00e9l\u00e9gation\nsignature DASEN \u00e0 SDJES 17\nDirection des services d\u00e9partementauxACA D \u00c9 M \u00d9 \u00cb de l'\u00e9ducation nationaleDE BESAN\u00c7ON du DoubsLibert\u00e9\u00c9galir\u00e9Fraternit\u00e9\nARR\u00caT\u00c9 n\u00b058 - 2026 - 02 - 23 -portant subd\u00e9l\u00e9gation de signature de Madame Francette DALLE MESE, inspectrice d'acad\u00e9mie,directrice acad\u00e9mique des services de l'\u00e9ducation nationale aux agents de la direction des servicesd\u00e9partementaux de l'\u00e9ducation nationale (DSDEN) de la Ni\u00e8vreL'inspectrice d'acad\u00e9mie, directrice acad\u00e9mique des services de l'\u00e9ducation nationale de la Ni\u00e8vre,\nVU le code g\u00e9n\u00e9ral de la fonction publiqueVU le code de l'\u00c9ducation, le code du sport et le code de l'action sociale et des famillesVU le code des march\u00e9s publics et le code des juridictions financi\u00e8resVU le d\u00e9cret du 30 septembre 2025 portant nomination de Madame Francette DALLE MESE, inspectriced'acad\u00e9mie, directrice acad\u00e9mique des services de l'\u00e9ducation nationale de la Ni\u00e8vre \u00e0 compter du 19octobre 2025VU l'arr\u00eat\u00e9 rectoral du 24 novembre 2022 portant cr\u00e9ation d'un service interd\u00e9partemental de gestiondes bourses au sein de la DSDEN de la Ni\u00e8vreVU l'arr\u00eat\u00e9 pr\u00e9fectoral du 11 novembre 2024 portant d\u00e9l\u00e9gation de signature \u00e0 Madame Nathalie ALBERT-MORETTI, rectrice de la r\u00e9gion acad\u00e9mique de Bourgogne Franche-Comt\u00e9, rectrice de l'acad\u00e9mie deBesan\u00e7on au titre des comp\u00e9tences relevant de la Jeunesse et des SportsVU l'arr\u00eat\u00e9 rectoral du 19 octobre 2025 portant d\u00e9l\u00e9gation de signature \u00e0 Madame Francette DALLEMESE, inspectrice d'acad\u00e9mie, directrice acad\u00e9mique des services de l'\u00e9ducation nationale de la Ni\u00e8vreet \u00e0 Madame B\u00e9atrice BOUCAUD secr\u00e9taire g\u00e9n\u00e9rale de la DSDEN de la Ni\u00e8vreVU l'arr\u00eat\u00e9 rectoral n\u00b0BFC-2025-10-22-00001 du 22 octobre 2025 portant d\u00e9l\u00e9gation de signature \u00e0Madame Francette DALLE MESE, inspectrice d'acad\u00e9mie, directrice acad\u00e9mique des services del'\u00e9ducation nationale de la Ni\u00e8vre_ VU l'arr\u00eat\u00e9 pr\u00e9fectoral n\u00b058-2025-10-24-00005 du 24 octobre 2025 portant d\u00e9l\u00e9gation de signature aMadame Francette DALLE MESE, inspectrice d'acad\u00e9mie, directrice acad\u00e9mique des servicesd\u00e9partementaux de l'\u00e9ducation nationale de la Ni\u00e8vre \u00b0\nVU l'arr\u00eat\u00e9 de r\u00e9gion acad\u00e9mique n\u00b0BFC-2025-11-04-00005 du 04 novembre 2025 portant d\u00e9l\u00e9gation designature \u00e0 Madame Francette DALLE MESE, inspectrice d'acad\u00e9mie, directrice acad\u00e9mique des servicesde l'\u00e9ducation nationale de la Ni\u00e8vre\nARRETED'une mani\u00e9re g\u00e9n\u00e9rale, Madame Francette DALLE MESE, Inspectrice d'acad\u00e9mie, directrice acad\u00e9miquedes services de l'\u00e9ducation nationale de la Ni\u00e8vre signe les actes, d\u00e9cisions, contrats, conventions,convocations et notes de service relevant de ses attributions et comp\u00e9tences.En cas d'absence et d'emp\u00e9chement de Madame Francette DALLE MESE, Inspectrice d'acad\u00e9mie,directrice acad\u00e9mique des services de l'\u00e9ducation nationale de la Ni\u00e8vre, les d\u00e9l\u00e9gations de signature quilui sont conf\u00e9r\u00e9es par les arr\u00eat\u00e9s susvis\u00e9s sont attribu\u00e9es \u00e0 Madame B\u00e9atrice BOUCAUD, secr\u00e9taireg\u00e9n\u00e9rale de la DSDEN de la Ni\u00e8vre.\nDirection des Services D\u00e9partementaux de l'\u00c9ducation Nationale de la Ni\u00e8vre - 58-2026-02-23-00006 - 2026 02 23 subd\u00e9l\u00e9gation\nsignature DASEN \u00e0 SDJES 18\nARTICLE 1:Subd\u00e9l\u00e9gation de signature est donn\u00e9e par Madame Francette DALLE MESE, inspectrice d'acad\u00e9mie,directrice acad\u00e9mique des services de l'\u00e9ducation nationale de la Ni\u00e8vre a:Madame B\u00e9atrice BOUCAUD, secr\u00e9taire g\u00e9n\u00e9rale de la DSDEN de la Ni\u00e8vre,Monsieur Alexandre MICHON, adjoint a la directrice acad\u00e9mique, en charge du premier degr\u00e9,Monsieur S\u00e9bastien JEANNET, professeur de sport, Conseiller animation sportive du SDJES,Madame Nathalie BOUGRAT-COUTANT, secr\u00e9taire gestionnaire du SDJES,Monsieur Fabien BOIRON, secr\u00e9taire gestionnaire du SDJES,\u00e0 l'effet de signer pr\u00e9cis\u00e9ment les documents relatifs aux domaines d'activit\u00e9 \u00e9num\u00e9r\u00e9s ci-apr\u00e8s.\nARTICLE 2:Subd\u00e9l\u00e9gation de signature est donn\u00e9e \u00e0 Madame B\u00e9atrice BOUCAUD \u00e0 l'effet de signer les courriers etdocuments relatifs :\u00e0 la gestion des personnels administratifs, techniques, sociaux et de sant\u00e9, titulaires et nontitulaires, affect\u00e9s \u00e0 la DSDEN de la Ni\u00e8vre : recrutement, suivi de carri\u00e8re, \u00e9tats de fraiset r\u00e9gimeindemnitaire, autorisations d'absences et cong\u00e9s, conventions de t\u00e9l\u00e9travail, autorisationd'utilisation des v\u00e9hicules, attestations diverses |\u00e0 la gestion du service minimum d'accueil\u00e0 la gestion du SAPADHE\u00e0 la gestion du mat\u00e9riel adapt\u00e9 confi\u00e9 aux \u00e9l\u00e8ves handicap\u00e9saux vacations de m\u00e9decine scolaireau conseil m\u00e9dical\u00e0 la gestion administrative des professeurs des \u00e9coles: tous courriers et documents divers \u00e0l'exception des actes\nARTICLE 3 : .Subd\u00e9l\u00e9gation de signature est donn\u00e9e par Madame Francette DALLE MESE \u00e0 Monsieur AlexandreMICHON \u00e0 l'effet de signer :les autorisations d'absence et les octrois de cong\u00e9 des enseignants du 1\u00b0' degr\u00e9' les autorisations d'absence et les octrois de cong\u00e9 des AESH\nARTICLE4 :Subd\u00e9l\u00e9gation de signature est donn\u00e9e par Madame Francette DALLE MESE \u00e0 Monsieur S\u00e9bastienJEANNET, Madame Nathalie BOUGRAT-COUTANT et Monsieur Fabien BOIRON \u00e0 l'effet de signer enmati\u00e8re de sport :les cartes professionnelles des \u00e9ducateurs sportifsles attestations des \u00e9ducateurs sportifs stagiairesles attestations de libre prestation de serviceles attestations de sauveteur secouristeles attestations et rapports d'inspection, de contr\u00f4le et d'\u00e9valuation d'un \u00e9tablissement sportifsous r\u00e9serve d'en avoir pr\u00e9alablement re\u00e7u lecture et sous couvert du chef du SDJES.\nARTICLE 5 :Les documents vis\u00e9s aux articles 2 et 3 seront sign\u00e9s dans la forme :Pour l'Inspectrice d'acad\u00e9mie, directrice acad\u00e9mique des services de l'\u00e9ducation nationaleEt par d\u00e9l\u00e9gation,(intitul\u00e9 de la fonction + intitul\u00e9 du service)Pr\u00e9non + NOM\nDirection des Services D\u00e9partementaux de l'\u00c9ducation Nationale de la Ni\u00e8vre - 58-2026-02-23-00006 - 2026 02 23 subd\u00e9l\u00e9gation\nsignature DASEN \u00e0 SDJES 19\nARTICLE 6:Les documents vis\u00e9s \u00e0 l'article 4 seront sign\u00e9s dans la forme :Pour la pr\u00e9f\u00e9te de la Ni\u00e9vreEt par subd\u00e9l\u00e9gation,(intitul\u00e9 de la fonction + intitul\u00e9 du service)Pr\u00e9nom + NOM\nARTICLE 6:La secr\u00e9taire g\u00e9n\u00e9rale de la direction des services d\u00e9partementaux de la Ni\u00e8vre est charg\u00e9e de l'ex\u00e9cutiondu pr\u00e9sent arr\u00eat\u00e9 qui sera publi\u00e9 au recueil des actes administratifs de la Pr\u00e9fecture de la Ni\u00e8vre.\nCet arr\u00eat\u00e9 de subd\u00e9l\u00e9gation de signature entre en vigueur le lendemain du jour de sa publication. Il prendfin en m\u00eame temps que les fonctions de Madame Francette DALLE MESE, inspectrice d'acad\u00e9mie,directrice acad\u00e9mique des services de l'\u00e9ducation nationale de la Ni\u00e8vre, de Madame B\u00e9atriceBOUCAUD, secr\u00e9taire g\u00e9n\u00e9rale de la direction des services d\u00e9partementaux de l'\u00e9ducation nationale dela Ni\u00e8vre, de Monsieur Alexandre MICHON, adjoint \u00e0 la directrice acad\u00e9mique, en charge du premierdegr\u00e9, de Monsieur S\u00e9bastien JEANNET, de Madame Nathalie BOUGRAT-COUTANT et de MonsieurFabien BOIRON, personnels du SDJES.\nFait \u00e0 Nevers, le 23 f\u00e9vrier 2026L'inspectrica d'aca ie de la Ni\u00e8vre\nFrancette DALLE MESE\nDirection des Services D\u00e9partementaux de l'\u00c9ducation Nationale de la Ni\u00e8vre - 58-2026-02-23-00006 - 2026 02 23 subd\u00e9l\u00e9gation\nsignature DASEN \u00e0 SDJES 20\nDRAAF Bourgogne Franche-Comt\u00e9\n58-2026-02-23-00001\nArr\u00eat\u00e9 portant approbation de l'am\u00e9nagement\nde la for\u00eat communale d'Arquian pour la p\u00e9riode\n2026-2045 \n{signataire}\nDRAAF Bourgogne Franche-Comt\u00e9 - 58-2026-02-23-00001 - Arr\u00eat\u00e9 portant approbation de l'am\u00e9nagement de la for\u00eat communale\nd'Arquian pour la p\u00e9riode 2026-2045 21\nPT, gi, Direction r\u00e9gionale de l'alimentation,BOURGOGNE- _ de l'agriculture et de la for\u00eatFRANCHE-COMT\u00c9 Bourgogne--Franche-Comt\u00e9Libert\u00e9 Service R\u00e9gional de l'\u00c9conomie Agricole et Foresti\u00e8reEgalit\u00e9Fraternit\u00e9\nD\u00e9partement : NIEVRE |For\u00eat communale de ARQUIANContenance cadastrale : 68,1545 haSurface de gestion : 68,15 haR\u00e9vision du document d'am\u00e9nagement :2026-2045Arr\u00eat\u00e9 d'am\u00e9nagement n\u00b0 58- 2026-02 25-20 -portant approbation du document d'Am\u00e9nagement de la for\u00eat communaled'Arquian pour la p\u00e9riode 2026-2045Le Pr\u00e9fet de la r\u00e9gion BOURGOGNE-FRANCHE-COMTE,Pr\u00e9fet de la C\u00f4te d'Or, Chevalier de la L\u00e9gion d'Honneur et de l'Ordre National du M\u00e9riteVU les articles L124-1,1\u00b0, L212-1, L212-2, D212-1, D212-2, R212-3, D212-5,2\u00b0, D214-15, etD214-16 du Code Forestier ;VU le sch\u00e9ma r\u00e9gional d'am\u00e9nagement de la r\u00e9gion Bourgogne, arr\u00eat\u00e9 en date du 05/12/2011 ;VU la d\u00e9lib\u00e9ration du conseil municipal de la commune d'Arquian en date du 01/12/2025,vis\u00e9e par la Sous-pr\u00e9fecture de Cosne-Cours-sur-Loire le 05/12/2025, donnant son accordau projet d'am\u00e9nagement forestier qui lui a \u00e9t\u00e9 pr\u00e9sent\u00e9 ;VU le d\u00e9cret n\u00b0 2004-374 du 29 avril 2004 modifi\u00e9 relatif aux pouvoirs des pr\u00e9fets, \u00e0l'organisation et \u00e0 l'action des services de l'Etat dans les r\u00e9gions et d\u00e9partements ;VU le d\u00e9cret du 10 octobre 2024 nommant M. Paul MOURIER, pr\u00e9fet de la r\u00e9gion Bourgogne-Franche-Comt\u00e9, pr\u00e9fet de la C\u00f4te-d'Or ;VU l'arr\u00eat\u00e9 pr\u00e9fectoral n\u00b0 26-07 BAG du 13janvier 2026 portent d\u00e9l\u00e9gation de ssignature duPr\u00e9fet\u00e0 Monsieur Christophe BLANC et la d\u00e9cision n\u00b0 2026-005-DRAAF BFC du 13janvier 2026, portant subd\u00e9l\u00e9gation\u00e0 Monsieur Pierre LAMBARE ; |SUR proposition du Directeur Territorial de l'Office National des For\u00eats ;SUR proposition de la Directrice R\u00e9gionale de |' Alimentation, de |' Agriculture et de la For\u00eat ;\nARRETEArticle 1\u00b0: La for\u00eat communale de ARQUIAN (NI\u00c8VRE), d'une contenance de 67,91 ha, estaffect\u00e9e prioritairement \u00e0 la fonction de production ligneuse et \u00e0 la fonction \u00e9cologique, tout enassurant sa fonction sociale et de protection physique, dans le cadre d'une gestion durablemultifonctionnelle.Article 2 : Cette for\u00eat comprend une partie bois\u00e9e de 67,89 ha, actuellement compos\u00e9e de ch\u00eanesessile ou ch\u00eane p\u00e9doncul\u00e9 (79%), fr\u00eane (6%), fruitiers (1%), autres feuillus (13%) et de douglas(1%). Le reste, soit 0,26 ha, est constitu\u00e9 d'une concession pour une ligne \u00e9lectrique.Les peuplements susceptibles de production ligneuse seront trait\u00e9s en futaie r\u00e9guli\u00e8re sur 39,33ha, en futaie par parquets sur 4,27 ha, en futaie irr\u00e9guli\u00e8re sur 19,13 ha et en attente sanstraitement d\u00e9fini sur 1,08 ha.\nDRAAF Bourgogne Franche-Comt\u00e9 - 58-2026-02-23-00001 - Arr\u00eat\u00e9 portant approbation de l'am\u00e9nagement de la for\u00eat communale\nd'Arquian pour la p\u00e9riode 2026-2045 22\nEn dehors des surfaces consacr\u00e9es aux tests en gestion, l'essence-objectif, qui d\u00e9termine sur lelong terme les grands choix de gestion de ces peuplements, sera feuillue : le ch\u00eane sessile.N\u00e9anmoins, compte tenu de l'incertitude actuelle sur l'\u00e9volution des changements climatiques encours, ce choix d'essence pourra \u00eatre modul\u00e9 en cours d'application de l'am\u00e9nagement pourassurer l'adaptation du choix de chaque essence-objectif, aux \u00e9volutions des connaissances enmati\u00e8re de changements climatiques et d'adaptation des essences \u00e0 ces changements.Sur les surfaces consacr\u00e9es aux tests en gestion pour l'adaptation des essences aux changementsclimatiques, les essences-objectif seront choisies au moment de la mise en \u0153uvre de cesplantations parmi un panel d'essences adapt\u00e9es au vu des connaissances actualis\u00e9es sur leschangements climatiques et sur le comportement de ces essences.Les autres essences seront favoris\u00e9es comme essences d'accompagnement, dans la limite de leuradaptation aux conditions stationnelles futures.Article 3 : Pendant une dur\u00e9e de 20 ans (2026 \u2014 2045) :- La for\u00eat sera divis\u00e9e en 12 groupes de gestion := Un groupe de r\u00e9g\u00e9n\u00e9ration, d'une contenance de 3,45 ha en'sylviculture, au seinduquel 2,68 ha seront nouvellement ouverts en r\u00e9g\u00e9n\u00e9ration, 5,45 ha seront parcouruspar une coupe d\u00e9finitive au cours de la p\u00e9riode ;= Un groupe de jeunesse, d'une contenance de 3,41 ha en sylviculture, qui fera l'objetdes travaux n\u00e9cessaires \u00e0 l'\u00e9ducation des peuplements et qui pourra \u00eatre parcouru parune premi\u00e8re coupe d'\u00e9claircie en fin de p\u00e9riode ;\u00ab Trois groupes d'am\u00e9lioration, de 30,30 ha en sylviculture, qui seront parcourus par descoupes variant de 8 \u00e0 15 ans en fonction de la croissance des peuplements ;= Un groupe de futaie par parquets, d'une contenance de 4,27 ha en sylviculture ;= Un groupe de futaie irr\u00e9guli\u00e8re, de 19,13 ha en sylviculture, qui sera parcouru par descoupes visant \u00e0 maintenir une structure \u00e9quilibr\u00e9e, selon une rotation de 10 ans ;= Un groupe d'attente, de 1,08 ha en sylviculture, qui sera laiss\u00e9 en croissance libre ;= Un groupe dilots de vieillissement trait\u00e9 en futaie r\u00e9guli\u00e8re, de 2,17ha ensylviculture, qui fera l'objet d'une gestion sp\u00e9cifique, au profit de la biodiversit\u00e9;= Un groupe d'\u00eelots de s\u00e9nescence, d'une contenance de 3,61 ha, qui sera laiss\u00e9 \u00e0 son\u00e9volution naturelle, au profit de la biodiversit\u00e9;= Un groupe d'int\u00e9r\u00eat \u00e9cologique de 0,47 ha, qui sera laiss\u00e9\u00e0 son \u00e9volution naturelle;= Un groupe constitu\u00e9 de ligne \u00e9lectrique pour 0,26 ha, qui sera laiss\u00e9 en l'\u00e9tat.- 1 place de d\u00e9p\u00f4t sera cr\u00e9\u00e9e afin d'am\u00e9liorer la desserte du massif;- l'Office National des For\u00eats informera r\u00e9guli\u00e8rement le Conseil Municipal d'Arquian del'\u00e9tat de l'\u00e9quilibre sylvo-cyn\u00e9g\u00e9tique dans la for\u00eat entra\u00eenant la n\u00e9cessit\u00e9 de prot\u00e9ger tous les \u00a9plants qui pourraient \u00eatre mis en place, et cette derni\u00e8re mettra en \u0153uvre toutes les mesuresn\u00e9cessaires \u00e0 son maintien suivant la capacit\u00e9 d'accueil, et en s'assurant en particulier que leniveau des demandes de plans de chasse concernant la for\u00eat est adapt\u00e9 compte tenu del'\u00e9volution des populations de grand gibier et des d\u00e9g\u00e2ts constat\u00e9s sur les peuplements;Article 4 : Le Directeur R\u00e9gional de l'Alimentation, de l'Agriculture, et de la For\u00eat, et leDirecteur Territorial de l'Office National des For\u00eats sont charg\u00e9s, chacun en ce qui le concerne,de l'ex\u00e9cution du pr\u00e9sent arr\u00eat\u00e9, qui sera publi\u00e9 au recueil des actes administratifs de lapr\u00e9fecture de la NI\u00c8VRE. |Besan\u00e7on, le 9% fui 202\u20acPour le Pr\u00e9fet de la R\u00e9gion Bourgogne-Franche-Comt\u00e9 et par d\u00e9l\u00e9gation,Le Directeur R\u00e9gional de l'Alimentation, de l'Agriculture et de la For\u00eatet par subd\u00e9l\u00e9gation,L'adjoint au Chef du Service R\u00e9gional de VEconomie Agricole et Foresti\u00e8rePierre MBARE-/ I\nDRAAF Bourgogne Franche-Comt\u00e9 - 58-2026-02-23-00001 - Arr\u00eat\u00e9 portant approbation de l'am\u00e9nagement de la for\u00eat communale\nd'Arquian pour la p\u00e9riode 2026-2045 23\nDRAAF Bourgogne Franche-Comt\u00e9\n58-2026-02-23-00003\nArr\u00eat\u00e9 portant approbation de l'am\u00e9nagement\nde la for\u00eat indivise de Villiers-Le-Sec Varzy pour\nla p\u00e9riode 2024-2038 avec application du 2\u00b0 de\nl'article L122-7 du code forestier\n{signataire}\nDRAAF Bourgogne Franche-Comt\u00e9 - 58-2026-02-23-00003 - Arr\u00eat\u00e9 portant approbation de l'am\u00e9nagement de la for\u00eat indivise de\nVilliers-Le-Sec Varzy pour la p\u00e9riode 2024-2038 avec application du 2\u00b0 de l'article L122-7 du code forestier 24\nPREFET | Direction r\u00e9gionale de |'alimentation,ne. de l'agriculture et de la for\u00eatFRANCHE-COMT\u00c9 Bourgogne-Franche-Comt\u00e9ges Service r\u00e9gional de |' \u00c9conomie Agricole et Foresti\u00e8reFraternit\u00e9D\u00e9partement : NI\u00c8VREFor\u00eat indivise de VILLIERS-LE-SEC VARZYContenance cadastrale : 47,8050 haSurface de gestion : 47,81 haPremier am\u00e9nagement : 2024-2038 _Arr\u00eat\u00e9 d'am\u00e9nagement n\u00b0 5 \u00ff- 2\u00b0 26-02 -23-00200 >portant approbation du document d'Am\u00e9nagement de la for\u00e9t indivise de- Villiers-Le-Sec Varzy pour la p\u00e9riode 2024-2038avec application du 2\u00b0 de l'article L122-7 du code forestierLe Pr\u00e9fet de la r\u00e9gionBOURGOGNE-FRANCHE-COMTE,Pr\u00e9fet de la C\u00f4te d'Or, Chevalier de la L\u00e9gion d'Honneur et de l'Ordre National du M\u00e9riteVU les articles L124-1,1\u00b0, L212-1, L212-2, D212-1, D212-2, R212-3, D212-5,2\u00b0, D214-15, etD214-16 du Code Forestier ;VU les articles L122-7, L122-8, R122-23 et R122-24 du Code Forestier ;VU les articles L414-4 et R414-19 du Code de l'Environnement ;VU le sch\u00e9ma r\u00e9gional d'am\u00e9nagement de la r\u00e9gion Bourgogne, arr\u00eat\u00e9 en date du 05/12/2011 ;VU la d\u00e9lib\u00e9ration du conseil municipal de la commune de Varzy en date du 18/12/2024 vis\u00e9epar la sous-pr\u00e9fecture de Clamecy le 19/12/2024 et la d\u00e9lib\u00e9ration du conseil municipal deVilliers-le-Sec en en date du 10/10/2025, vis\u00e9e par la Sous-pr\u00e9fecture de Clamecy le08/01/2026, donnant son accord au projet d'am\u00e9nagement forestier qui lui a \u00e9t\u00e9 pr\u00e9sent\u00e9, etdemandant le b\u00e9n\u00e9fice des articles L122-7 et L122-8 du code forestier au titre de lar\u00e9glementation NATURA 2000 ;VU le d\u00e9cret n\u00b0 2004-374 du 29 avril 2004 modifi\u00e9 relatif aux pouvoirs des pr\u00e9fets, \u00e0l'organisation et \u00e0 l'action des services de l'Etat dans les r\u00e9gions et d\u00e9partements;VU le d\u00e9cret du 10 octobre 2024 nommant M. Paul MOURIER, pr\u00e9fet de la r\u00e9gion Bourgogne-Franche-Comt\u00e9, pr\u00e9fet de la C\u00f4te-d'Or ;VU l'arr\u00eat\u00e9 pr\u00e9fectoral n\u00b0 26-07 BAG du 13 janvier 2026 portant d\u00e9l\u00e9gation de signature duPr\u00e9fet 4 Monsieur Christophe BLANC et la d\u00e9cision n\u00b0 2026-005-DRAAF BFC du 13janvier 2026, portant subd\u00e9l\u00e9gation 4 Monsieur Pierre LAMBARE;SUR proposition du Directeur Territorial de l'Office National des For\u00eats ;SUR proposition du Directeur R\u00e9gional de |' Alimentation, de 1' Agriculture et de la For\u00eat ;ARRETEArticle 1\u00b0 : La for\u00eat indivise de VILLIERS-LE-SEC VARZY (NIEVRE), d'une contenance de47,81 ha, est affect\u00e9e prioritairement \u00e0 la fonction de production ligneuse et \u00e0 la fonction\u00e9cologique, tout en assurant sa fonction sociale et de protection physique, dans le cadre d'unegestion durable multifonctionnelle.\nDRAAF Bourgogne Franche-Comt\u00e9 - 58-2026-02-23-00003 - Arr\u00eat\u00e9 portant approbation de l'am\u00e9nagement de la for\u00eat indivise de\nVilliers-Le-Sec Varzy pour la p\u00e9riode 2024-2038 avec application du 2\u00b0 de l'article L122-7 du code forestier 25\nArticle 2 : Cette for\u00eat comprend une partie bois\u00e9e de 47,61 ha, actuellement compos\u00e9e de Ch\u00eanesessile (55%), Pin noir d'Autriche (42%), Autres Feuillus (1%), Fruitiers (1%) et de H\u00eatre (1%).Le reste, soit 0,20 ha, est constitu\u00e9 d'une prairie.Les peuplements susceptibles de production ligneuse seront trait\u00e9s en Futaie irr\u00e9guli\u00e8re sur 44,53ha et en Attente sans traitement d\u00e9fini sur 3,08 ha. ;En dehors des surfaces consacr\u00e9es aux tests en gestion, l'essence-objectif, qui d\u00e9termine sur lelong terme les grands choix de gestion de ces peuplements, sera majoritairement feuillue : leCh\u00eane sessile et dans une moindre mesure l'essence objectif sera r\u00e9sineuse avec le Pin noird'Autriche. N\u00e9anmoins, compte tenu de l'incertitude actuelle sur l'\u00e9volution des changementsclimatiques, ces choix d'essences pourront \u00eatre modul\u00e9s en cours d'application del'am\u00e9nagement pour assurer l'adaptation du choix de chaque essence-objectif aux \u00e9volutions desconnaissances en mati\u00e8re de changements climatiques et d'adaptation des essences.Sur les surfaces consacr\u00e9es aux tests en gestion pour l'adaptation des essences aux changementsclimatiques, les essences-objectif seront choisies au moment de la mise en \u0153uvre de cesplantations parmi un panel d'essences adapt\u00e9es au vu des connaissances actualis\u00e9es sur leschangements climatiques et sur le comportement de ces essences.Les autres essences seront favoris\u00e9es comme essences d'ascompaghement, dans la limite de leuradaptation aux conditions stationnelles futures.Article 3 : Pendant une dur\u00e9e de 15 ans (2024 \u2014 2038) :- La for\u00eat sera divis\u00e9e en 4 groupes de gestion := Deux groupes de futaie irr\u00e9guli\u00e8re, d'une contenance de 44,53 ha en sylviculture, quiseront parcourus par des coupes visant \u00e0 maintenir une structure \u00e9quilibr\u00e9e, selon unerotation variant de 12 \u00e0 24 ans en fonction de la croissance des peuplements ;= Un groupe d'attente, d'une contenance de 3,08 ha en sylviculture, qui sera laiss\u00e9 encroissance libre sur la p\u00e9riode ;= Un groupe constitu\u00e9 d'une prairie pour 0,20 ha, qui sera laiss\u00e9 en l'\u00e9tat.- l'Office National des For\u00eats informera r\u00e9guli\u00e8rement les Conseils Municipaux descommunes de Varzy et Villiers-le-Sec de l'\u00e9tat de l'\u00e9quilibre sylvo-cyn\u00e9g\u00e9tique dans la for\u00eatentrainant la n\u00e9cessit\u00e9 de prot\u00e9ger tous les plants qui pourraient \u00eatre mis en place, et cesderni\u00e8res mettront en \u0153uvre toutes les mesures n\u00e9cessaires \u00e0 son maintien suivant la capacit\u00e9d'accueil, et en s'assurant que le niveau des demandes de plans de chasse concernant la for\u00eat estadapt\u00e9 compte tenu de l'\u00e9volution des populations de grand gibier et des d\u00e9g\u00e2ts constat\u00e9s;Article 4: Le document d'am\u00e9nagement de la for\u00eat indivise de VILLIERS-LE-SEC VARZY,pr\u00e9sentement arr\u00eat\u00e9, est approuv\u00e9 par application du 2\u00b0 de l'article L122-7 du code forestier, pour leprogramme de coupes et de travaux sylvicoles, au titre :- de la r\u00e9glementation propre \u00e0 Natura 2000 relative \u00e0 la zone FR2600970 \u00ab Pelouses et falaisesdes environs de Clamecy \u00bb, instaur\u00e9e au titre de la Directive europ\u00e9enne \u00ab Habitats naturels\u00bb ; consid\u00e9rant que la for\u00eat est situ\u00e9e pour 63 % de sa surface dans le site NATURA 2000 ;Article 5 : Le Directeur R\u00e9gional de l'Alimentation, de l'Agriculture, et de la For\u00eat, et leDirecteur Territorial de l'Office National des For\u00eats sont charg\u00e9s, chacun en ce qui le concerne,de l'ex\u00e9cution du pr\u00e9sent arr\u00eat\u00e9, qui sera publi\u00e9 au recueil des actes administratifs de lapr\u00e9fecture de la NI\u00c8VRE. | |Besan\u00e7on, le 23 vue. 2026Pour le Pr\u00e9fet de la R\u00e9gion Bourgogne-Franche-Comt\u00e9 et par d\u00e9l\u00e9gation,Le Directeur R\u00e9gional de l'Alimentation, de l'Agriculture et de la F or\u00eatet par subd\u00e9l\u00e9gation,L'adjoint au Chef du Service R\u00e9gional de \u0178 \u00c9conomie Agricole et Foresti\u00e8rePierr\u00e9 LAMBARE|\nDRAAF Bourgogne Franche-Comt\u00e9 - 58-2026-02-23-00003 - Arr\u00eat\u00e9 portant approbation de l'am\u00e9nagement de la for\u00eat indivise de\nVilliers-Le-Sec Varzy pour la p\u00e9riode 2024-2038 avec application du 2\u00b0 de l'article L122-7 du code forestier 26\nDRAAF Bourgogne Franche-Comt\u00e9\n58-2026-02-23-00002\nArr\u00eat\u00e9 portant approbation de l'am\u00e9nagement\nde la for\u00eat sectionnale de Saint-Georges pour la\np\u00e9riode 2026-2045 avec application du 2\u00b0 de\nl'article L122-7 du code forestier\n{signataire}\nDRAAF Bourgogne Franche-Comt\u00e9 - 58-2026-02-23-00002 - Arr\u00eat\u00e9 portant approbation de l'am\u00e9nagement de la for\u00eat sectionnale de\nSaint-Georges pour la p\u00e9riode 2026-2045 avec application du 2\u00b0 de l'article L122-7 du code forestier 27\nPaar \u2014 Direction r\u00e9gionale de l'alimentation,BOURGOGNE- _ de l'agriculture et de la for\u00eatFRANCHE-COMTE Bourgogne-Franche-Comt\u00e9Le Service r\u00e9gional de l'Economie Agricole et Foresti\u00e8reFraternit\u00e9\nD\u00e9partement : NI\u00c8VREFor\u00eat sectionale de SAINT-GEORGESContenance cadastrale : 8,8593 haSurface de gestion : 8,86 haPremier am\u00e9nagement :2026-2045Arr\u00eat\u00e9 d'am\u00e9nagement n\u00b058 - Z26- 2-27 - 0 2portant approbation du document d'Am\u00e9nagement de la for\u00eat sectionale de Saint-Georgespour la p\u00e9riode 2026-2045avec application du 2\u00b0 de l'article L122-7 du code forestierLe Pr\u00e9fet de la r\u00e9gion BOURGOGNE-FRANCHE-COMTE,Pr\u00e9fet de la C\u00f4te d'Or, Chevalier de la L\u00e9gion d'Honneur et de l'Ordre National du M\u00e9riteVU les articles L124-1,1\u00b0, L212-1, L212-2, D212-1, D212-2, R212-3, D212-5,2\u00b0, D214-15, etD214-16 du Code Forestier ;VU les articles L122-7, L122-8, R122-23 et R122-24 du Code Forestier ;VU les articles L414-4 et R414-19 du Code de l'Environnement ;VU le sch\u00e9ma r\u00e9gional d'am\u00e9nagement de la r\u00e9gion Bourgogne, arr\u00eat\u00e9 en date du 05/12/2011 ;VU la d\u00e9lib\u00e9ration du conseil municipal de la commune d'Anl\u00e9zy en date du 28/11/2025, vis\u00e9epar la Pr\u00e9fecture de Nevers le 4/12/2025, donnant son accord au projet d'am\u00e9nagementforestier qui lui a \u00e9t\u00e9 pr\u00e9sent\u00e9, et demandant le b\u00e9n\u00e9fice des articles L122-7 et L122-8 ducode forestier au titre de la r\u00e9glementation NATURA 2000 ;VU le d\u00e9cret n\u00b0 2004-374 du 29 avril 2004 modifi\u00e9 relatif aux pouvoirs des pr\u00e9fets, \u00e0l'organisation et \u00e0 l'action des services de l'Etat dans les r\u00e9gions et d\u00e9partements ;VU le d\u00e9cret du 10 octobre 2024 nommant M. Paul MOURIER, pr\u00e9fet de la r\u00e9gion Bourgogne-Franche-Comt\u00e9, pr\u00e9fet de la C\u00f4te-d'Or ;VU l'arr\u00eat\u00e9 pr\u00e9fectoral n\u00b0 26-07 BAG du 13 janvier 2026 portant d\u00e9l\u00e9gation de signature duPr\u00e9fet \u00e0 Monsieur Christophe BLANC et la d\u00e9cision n\u00b0 2026-005-DRAAF BFC du 13. janvier 2026, portant subd\u00e9l\u00e9gation \u00e0 Monsieur Pierre LAMBARE ;SUR proposition du Directeur Territorial de l'Office National des For\u00eats ;SUR proposition de la Directrice R\u00e9gionale de 1' Alimentation, de l'Agriculture et de la For\u00eat ;\nARR\u00caTEArticle 1\u00b0 : La for\u00eat sectionale de SAINT-GEORGES (NI\u00c8VRE), d'une contenance de 8,86 ha,est affect\u00e9e prioritairement \u00e0 la fonction de production ligneuse et \u00e0 la fonction \u00e9cologique, touten assurant sa fonction sociale et de protection physique, dans le cadre d'une gestion durablemultifonctionnelle.\nDRAAF Bourgogne Franche-Comt\u00e9 - 58-2026-02-23-00002 - Arr\u00eat\u00e9 portant approbation de l'am\u00e9nagement de la for\u00eat sectionnale de\nSaint-Georges pour la p\u00e9riode 2026-2045 avec application du 2\u00b0 de l'article L122-7 du code forestier 28\nArticle 2: Cette for\u00eat, enti\u00e8rement bois\u00e9e, est actuellement compos\u00e9e de Ch\u00eane sessile oup\u00e9doncul\u00e9 (74%), Tremble (9%), Autres Feuillus (8%), Aulne glutineux (3%), H\u00eatre (3%),Bouleau (2%), Merisier (1%).Les peuplements susceptibles de production ligneuse seront trait\u00e9s en Futaie irr\u00e9guli\u00e8re dontconversion en futaie irr\u00e9guli\u00e8re sur 8,86 ha.En dehors des surfaces consacr\u00e9es aux tests en gestion, l'essence-objectif, qui d\u00e9termine sur lelong terme les grands choix de gestion de ces peuplements, sera tr\u00e8s feuillue : le ch\u00eane sessile.N\u00e9anmoins, compte tenu de l'incertitude actuelle sur l'\u00e9volution des changements climatiques encours, ce choix d'essence pourra \u00eatre modul\u00e9 en cours d'application de l'am\u00e9nagement pourassurer l'adaptation du choix de chaque essence-objectif, ou groupe d'essences-objectif, aux\u00e9volutions des connaissances en mati\u00e8re de changements climatiques et d'adaptation desessences \u00e0 ces changements.Sur les surfaces consacr\u00e9es aux tests en gestion pour l'adaptation des essences aux changementsclimatiques, les essences-objectif seront choisies au moment de la mise en \u0153uvre de cesplantations parmi un panel d'essences adapt\u00e9es au vu des connaissances actualis\u00e9es sur leschangements climatiques et sur le comportement de ces essences.Les autres essences seront favoris\u00e9es comme essences d'accompagnement, dans la limite de leuradaptation aux conditions stationnelles futures.Article 3 : Pendant une dur\u00e9e de 20 ans (2026 \u2014 2045) :- La for\u00e9t sera divis\u00e9e en 1 groupe de gestion:= Un groupe de futaie irr\u00e9guli\u00e8re, d'une contenance de 8,86 fia en sylviculture, qui seraparcouru par des coupes visant \u00e0 maintenir une structure \u00e9quilibr\u00e9e, selon une rotationde 10 ans ;- l'Office National des For\u00e9ts informera r\u00e9guli\u00e9rement le Conseil Municipal de la communed'Anl\u00e9zy de l'\u00e9tat de l'\u00e9quilibre sylvo-cyn\u00e9g\u00e9tique dans la for\u00eat entrainant la n\u00e9cessit\u00e9 deprot\u00e9ger tous les plants qui pourraient \u00eatre mis en place, et cette derni\u00e8re mettra en \u0153uvre toutesles mesures n\u00e9cessaires \u00e0 son maintien suivant la capacit\u00e9 d'accueil, et en s'assurant en particulierque le niveau des demandes de plans de chasse concernant la for\u00eat est adapt\u00e9 compte tenu del'\u00e9volution des populations de grand gibier et des d\u00e9g\u00e2ts constat\u00e9s sur les peuplements;Article 4: Le document d'am\u00e9nagement de la for\u00eat sectionale de SAINT-GEORGES,pr\u00e9sentement arr\u00eat\u00e9, est approuv\u00e9 par application du 2\u00b0 de l'article L122-7 du cod\u00e9 forestier, pour leprogramme de coupes et de travaux sylvicoles au titre:- de la r\u00e9glementation propre\u00e0 Natura 2000 relative aux sites FR2601014 et FR2611209\u00ab Bocages, for\u00eats et milieux humides des Amognes et du bassin de La Machine \u00bb, instaur\u00e9e autitre des Directives europ\u00e9ennes \u00ab Habitats naturels et Oiseaux \u00bb ; consid\u00e9rant que la for\u00eat estsitu\u00e9e pour 100% de sa surface dans le site NATURA 2000 ;Article 5 : Le Directeur R\u00e9gional de l'Alimentation, de l'Agriculture, et de la For\u00eat, et leDirecteur Territorial de l'Office National des For\u00eats sont charg\u00e9s, chacun en ce qui le concerne,de l'ex\u00e9cution du pr\u00e9sent arr\u00eat\u00e9, qui sera publi\u00e9 au recueil des actes administratifs de lapr\u00e9fecture de la NI\u00c8VRE.Besan\u00e7on, le 2 garer 20?\u00a3\u00c9Pour le Pr\u00e9fet de la R\u00e9gion Bourgogne-Franche-Comt\u00e9 et par d\u00e9l\u00e9gation,Le Directeur R\u00e9gional de l'Alimentation, de l'Agriculture et de la For\u00eatet par subd\u00e9l\u00e9gation,L'adjoint au Chef du Service R\u00e9gional de PEconomie Agricole et Foresti\u00e9reaHE Lo FPi\u00e9rre LAMBAR\u00c9fr | Fa\nDRAAF Bourgogne Franche-Comt\u00e9 - 58-2026-02-23-00002 - Arr\u00eat\u00e9 portant approbation de l'am\u00e9nagement de la for\u00eat sectionnale de\nSaint-Georges pour la p\u00e9riode 2026-2045 avec application du 2\u00b0 de l'article L122-7 du code forestier 29\nPr\u00e9fecture de la Ni\u00e8vre\n58-2026-02-19-00003\nArr\u00eat\u00e9 pr\u00e9fectoral modifiant l'arr\u00eat\u00e9 n\u00b0\n58-2025-01-10-00001 du 10 janvier 2025 portant\nmise en demeure \u00e0 M. Romain DI DIO, dirigeant\nde l'enseigne PI\u00c8CES D\u00c9TACH\u00c9ES 58, de\nrespecter certaines dispositions de l'arr\u00eat\u00e9\nminist\u00e9riel du 6 juin 2018 relatif aux prescriptions\napplicables \u00e0 l'exploitation de son \u00e9tablissement\nsis 55 bis rue Francis Garnier sur le territoire de la\ncommune de Nevers et lui prescrivant des\nmesures conservatoires\n{signataire}\nPr\u00e9fecture de la Ni\u00e8vre - 58-2026-02-19-00003 - Arr\u00eat\u00e9 pr\u00e9fectoral modifiant l'arr\u00eat\u00e9 n\u00b0 58-2025-01-10-00001 du 10 janvier 2025 portant\nmise en demeure \u00e0 M. Romain DI DIO, dirigeant de l'enseigne PI\u00c8CES D\u00c9TACH\u00c9ES 58, de respecter certaines dispositions de l'arr\u00eat\u00e9\nminist\u00e9riel du 6 juin 2018 relatif aux prescriptions applicables \u00e0 l'exploitation de son \u00e9tablissement sis 55 bis rue Francis Garnier sur le\nterritoire de la commune de Nevers et lui prescrivant des mesures conservatoires\n30\nEn Direction du pilotage interminist\u00e9rielPREFETE |DE LA NIEVRELibert\u00e9Egalit\u00e9Fraternit\u00e9P\u00f4le des Politiques PubliquesSection environnement et Guichet Unique ICPE\nArr\u00eat\u00e9 Pr\u00e9fectoral n\u00b0 58-2026-02-19-00003modifiant l'arr\u00eat\u00e9 n\u00b0 58-2025-01-10-00001 du 10 janvier 2025 portant mise en demeure\u00e0 M. Romain DI DIO, dirigeant de l'enseigne PI\u00c8CES D\u00c9TACH\u00c9ES 58, de respecter certainesdispositions de l'arr\u00eat\u00e9 minist\u00e9riel du 6 juin 2018 relatif aux prescriptions applicables \u00e0 l'exploitationde son \u00e9tablissement sis 55 bis rue Francis Garnier sur le territoire de la commune de Nevers\nVU\nVUVU\nVU\nVU\nVU\nVUVU\net lui prescrivant des mesures conservatoiresLa pr\u00e9f\u00e8te de la Ni\u00e8vreChevalier de la L\u00e9gion d'honneurOfficier de l'ordre national du M\u00e9rite\nle code de l'environnement, en particulier ses articles L. 171-6, L171-8, L. 172-1 et suivants, L. 511-1et L. 514-5;le code de justice administrative ;le d\u00e9cret 2004-374 du 29 avril 2004 relatif aux pouvoirs des pr\u00e9fets, a l'organisation et \u00e0 l'actiondes services de l'\u00c9tat dans les r\u00e9gions et d\u00e9partements, modifi\u00e9 par les d\u00e9crets n\u00b02025-723,2025-724 et 2025-726 du 30juillet 2025 ;le d\u00e9cret du 23 octobre 2024 portant nomination de Mme Fabienne DECOTTIGNIES en qualit\u00e9de pr\u00e9f\u00e8te de la Ni\u00e8vre ;le d\u00e9cret du 18 juin 2025 portant nomination de Mme St\u00e9phanie PETITJEAN en qualit\u00e9 desecr\u00e9taire g\u00e9n\u00e9rale de la pr\u00e9fecture de la Ni\u00e8vre ;l'arr\u00eat\u00e9 minist\u00e9riel du 6 juin 2018 relatif aux prescriptions g\u00e9n\u00e9rales applicables aux installationsde transit, regroupement, tri ou pr\u00e9paration en vue de la r\u00e9utilisation de d\u00e9chets relevant dur\u00e9gime de la d\u00e9claration au titre de la rubrique n\u00b0 2711 (d\u00e9chets d'\u00e9quipements \u00e9lectriques et\u00e9lectroniques), 2713 (m\u00e9taux ou d\u00e9chets de m\u00e9taux non dangereux, alliage de m\u00e9taux oud\u00e9chets d'alliage de m\u00e9taux non dangereux), 2714 (d\u00e9chets non dangereux de papiers, cartons,plastiques, caoutchouc, textiles, bois) ou 2716 (d\u00e9chets non dangereux non inertes) dela nomenclature des installations class\u00e9es pour la protection de l'environnement;l'arr\u00eat\u00e9 pr\u00e9fectoral n\u00b0 58-2024-07-04-000004 du 4juillet 2025 portant d\u00e9l\u00e9gation de signature \u00e0Mme St\u00e9phanie PETITJEAN, secr\u00e9taire g\u00e9n\u00e9rale de la pr\u00e9fecture de la Ni\u00e8vre ;la preuve de d\u00e9p\u00f4t n\u00b0 A-2-RJF3BD3TR, en date du 20 octobre 2022, de d\u00e9claration initialed'une installation class\u00e9e relevant du r\u00e9gime de la d\u00e9claration au titre des rubriques 1510-2 c)(Stockage de mati\u00e8res, produits ou substances combustibles dans des entrep\u00f4ts couverts),4441-2 (Substances et m\u00e9langes auto-r\u00e9actifs, pyrophoriques ou comburants et P\u00e9roxydesorganiques) et 2713-2 (Installation de transit, regroupement, tri ou pr\u00e9paration en vue der\u00e9utilisation de m\u00e9taux ou de d\u00e9chets de m\u00e9taux non dangereux, d'alliage de m\u00e9taux ou ded\u00e9chets de m\u00e9taux non dangereux, \u00e0 l'exclusion des installations vis\u00e9es aux rubriques 2710,2711, 2712 et 2719), pour le site situ\u00e9 55 bis rue Francis Garnier \u2014 58000 Nevers;\nT\u00e9l. 03 86 60 70 80Coarirriel: : ' \u00e0 \u00a3Courriel : courner@nievre.orerzouv.tr\nPr\u00e9fecture de la Ni\u00e8vre - 58-2026-02-19-00003 - Arr\u00eat\u00e9 pr\u00e9fectoral modifiant l'arr\u00eat\u00e9 n\u00b0 58-2025-01-10-00001 du 10 janvier 2025 portant\nmise en demeure \u00e0 M. Romain DI DIO, dirigeant de l'enseigne PI\u00c8CES D\u00c9TACH\u00c9ES 58, de respecter certaines dispositions de l'arr\u00eat\u00e9\nminist\u00e9riel du 6 juin 2018 relatif aux prescriptions applicables \u00e0 l'exploitation de son \u00e9tablissement sis 55 bis rue Francis Garnier sur le\nterritoire de la commune de Nevers et lui prescrivant des mesures conservatoires\n31\nVU l'arr\u00eat\u00e9 pr\u00e9fectoral n\u00b0 58-2025-01-10-00001 du 10 janvier 2025 portant mise en demeure \u00e0M. Romain DI DIO de respecter certaines dispositions de l'arr\u00eat\u00e9 minist\u00e9riel du 6 juin 2018relatif aux prescriptions applicables \u00e0 l'exploitation de son \u00e9tablissement situ\u00e9 55 bis rue FrancisGarnier sur le territoire de la commune de Nevers et lui prescrivant des mesures conservatoires ;VU la demande de report de d\u00e9lais sollicit\u00e9e par l'exploitant, par appel t\u00e9l\u00e9phoniquedu 16 d\u00e9cembre 2025, concernant la r\u00e9alisation des travaux visant \u00e0 la mise en place, sur le site,d'une capacit\u00e9 de r\u00e9tention des eaux de ruissellement g\u00e9n\u00e9r\u00e9es lors de l'extinction d'un sinistreou d'un accident de transport, ainsi que l'\u00e9laboration d'un plan du r\u00e9seau de collectedes effluents ;VU le rapport de l'inspectrice de l'environnement r\u00e9dig\u00e9 suite \u00e0 sa visite d'inspection du2 d\u00e9cembre 2025 et transmis \u00e0 l'exploitant par courriel du 15 janvier 2026, conform\u00e9ment auxarticles L. 171-6 et L. 514-5 du code de l'environnement ;VU le projet d'arr\u00eat\u00e9 modifiant l'arr\u00eat\u00e9 pr\u00e9fectoral de mise en demeure du 10 janvier 2025, susvis\u00e9,transmis \u00e0 l'exploitant par courriel du 15 janvier 2026, en application de l'article L. 171-6 du codede l'environnement;VU l'absence de r\u00e9ponse de l'exploitant sur le projet d'arr\u00eat\u00e9 pr\u00e9cit\u00e9 ;CONSID\u00c9RANT que l'article L. 171-8 du code de l'environnement dispose qu'en cas d'inobservationdes prescriptions applicables en vertu du pr\u00e9sent code aux installations, ouvrages, travaux,am\u00e9nagements, op\u00e9rations, objets, dispositifs et activit\u00e9s, l'autorit\u00e9 administrative comp\u00e9tentemet en demeure, la personne \u00e0 laquelle incombe l'obligation d'y satisfaire dans un d\u00e9laiqu'elle d\u00e9termine ;CONSID\u00c9RANT que les articles suivants de l'arr\u00eat\u00e9 minist\u00e9riel du 6 juin 2018, susvis\u00e9, disposent :* annexe I, article 2.9 : \u00ab Isolement du r\u00e9seau de collecte: Le site dispose d'une capacit\u00e9 der\u00e9tention des eaux de ruissellement g\u00e9n\u00e9r\u00e9es lors de l'extinction d'un sinistre ou d'un accidentde transport. L'exploitant dispose d'un justificatif de dimensionnement de cette capacit\u00e9 der\u00e9tention.Les dispositifs d'obturation des r\u00e9seaux d'\u00e9vacuation des eaux de ruissellement sontclairement signal\u00e9s et facilement accessibles. Une consigne d\u00e9finit les modalit\u00e9s de mise en\u0153uvre de ces dispositifs. \u00bb,* annexe |, article 51: \u00ab R\u00e9seau de collecte et eaux pluviales: [..] Le plan des r\u00e9seaux decollecte des effluents fait appara\u00eetre les secteurs collect\u00e9s, les points de branchement,regards, avaloirs, postes de relevage, postes de mesure, vannes manuelles et automatiques.Ilest tenu \u00e0 la disposition de l'inspection des installations class\u00e9es ainsi que des servicesd'incendie et de secours. \u00bb ;CONSID\u00c9RANT que, lors de la visite d'inspection du 2 d\u00e9cembre 2025, l'inspectrice del'environnement a constat\u00e9 que l'exploitant n'a pas mis en \u0153uvre les mesures suivantes :* le site ne dispose pas d'une capacit\u00e9 de r\u00e9tention des eaux de ruissellement g\u00e9n\u00e9r\u00e9eslors de l'extinction d'un sinistre ou d'un accident de transport,* le plan des r\u00e9seaux de collecte des effluents du site n'a pas \u00e9t\u00e9 \u00e9tabli ;CONSID\u00c9RANT toutefois que l'exploitant a partiellement satisfait aux prescriptions impos\u00e9es parla mise en demeure du 10 janvier 2025, susvis\u00e9e, en proc\u00e9dant \u00e0 la r\u00e9fection compl\u00e8te dela dalle ext\u00e9rieure afin d'en garantir l'\u00e9tanch\u00e9it\u00e9, ainsi qu'\u00e0 l'installation d'un s\u00e9parateurd'hydrocarbures, mesures contribuant \u00e0 la r\u00e9duction des risques de pollution des sols etdes eaux;\nPr\u00e9fecture de la Ni\u00e8vreT\u00e9l. 03 86 60 70 80Courriel : courrier@nievre.pref.gouv.fr\nPr\u00e9fecture de la Ni\u00e8vre - 58-2026-02-19-00003 - Arr\u00eat\u00e9 pr\u00e9fectoral modifiant l'arr\u00eat\u00e9 n\u00b0 58-2025-01-10-00001 du 10 janvier 2025 portant\nmise en demeure \u00e0 M. Romain DI DIO, dirigeant de l'enseigne PI\u00c8CES D\u00c9TACH\u00c9ES 58, de respecter certaines dispositions de l'arr\u00eat\u00e9\nminist\u00e9riel du 6 juin 2018 relatif aux prescriptions applicables \u00e0 l'exploitation de son \u00e9tablissement sis 55 bis rue Francis Garnier sur le\nterritoire de la commune de Nevers et lui prescrivant des mesures conservatoires\n32\nCONSID\u00c9RANT les difficult\u00e9s exprim\u00e9es par l'exploitant \u00e0 mobiliser, dans les d\u00e9lais impartis par la miseen demeure du 10 janvier 2025, susvis\u00e9e, un prestataire disposant des comp\u00e9tences techniquesn\u00e9cessaires \u00e0 la r\u00e9alisation des travaux restant \u00e0 effectuer;CONSID\u00c9RANT que, afin de permettre l'ex\u00e9cution de ces travaux, le d\u00e9lai pr\u00e9vu \u00e0 l'article 1\" de la miseen demeure du 10 janvier 2025, susvis\u00e9e, doit \u00eatre modifi\u00e9 ;SUR proposition de la secr\u00e9taire g\u00e9n\u00e9rale de la pr\u00e9fecture de la Ni\u00e8vre ;\nARR\u00caTE\nArticle 1\u00b0 : ObjetL'article 1\u00b0 de l'arr\u00eat\u00e9 pr\u00e9fectoral n\u00b0 58-2025-01-10-00001 du 10 janvier 2025, susvis\u00e9, est modifi\u00e9comme suit :\u00abM. Romain DI DIO, dirigeant de l'enseigne PIECES D\u00c9TACH\u00c9ES 58 (SIRET: 799 867 783 00059),exploitant notamment une installation de tri, transit et regroupement de m\u00e9taux, sur la parcelle cadastr\u00e9en\u00b0 212, section AN, sise 55 bis rue Francis Garnier sur la commune de Nevers est mis en demeure, derespecter :\u00a2 sous 4 mois \u00e0 compter de la notification du pr\u00e9sent arr\u00eat\u00e9, les dispositions pr\u00e9vues \u00e0 l'article 2.9de l'arr\u00eat\u00e9 minist\u00e9riel du 6 juin 2018, susvis\u00e9, en mettant en place, sur le site, une capacit\u00e9 der\u00e9tention des eaux de ruissellement g\u00e9n\u00e9r\u00e9es lors de l'extinction d'un sinistre ou d'un accident detransport. L'exploitant fournira, dans ce m\u00eame d\u00e9lai, un justificatif de dimensionnement de cettecapacit\u00e9 de r\u00e9tention,* sous 4 mois \u00e0 compter de la notification du pr\u00e9sent arr\u00eat\u00e9, les dispositions pr\u00e9vues \u00e0 l'article 51 del'arr\u00eat\u00e9 minist\u00e9riel du 6 juin 2018, susvis\u00e9, en \u00e9tablissant un plan des r\u00e9seaux de collecte deseffluents du site sur lequel appara\u00eetront les secteurs collect\u00e9s, les points de branchement, regards,avaloirs, postes de relevage, postes de mesure, vannes manuelles et automatiques \u00bb.L'article 2 de l'arr\u00eat\u00e9 pr\u00e9fectoral n\u00b0 58-2025-01-10-00001 du 10 janvier 2025, susvis\u00e9, est abrog\u00e9.\nArticle 2 : SanctionDans le cas o\u00f9 il n'aurait pas \u00e9t\u00e9 d\u00e9f\u00e9r\u00e9 \u00e0 la mise en demeure \u00e0 l'expiration du d\u00e9lai imparti, etind\u00e9pendamment des poursuites p\u00e9nales qui pourraient \u00eatre engag\u00e9es, l'autorit\u00e9 administrative peutarr\u00eater une ou plusieurs sanctions pr\u00e9vues au Il de l'article L. 171-8 du code de l'environnement.Article 3 : Publicit\u00e9 et notificationConform\u00e9ment \u00e0 l'article R. 171-1 du Code de l'environnement, le pr\u00e9sent arr\u00eat\u00e9 est publi\u00e9 sur le siteinternet des services de l'\u00c9tat dans la Ni\u00e8vre pendant une dur\u00e9e minimale de deux mois.Le pr\u00e9sent arr\u00eat\u00e9 est notifi\u00e9 \u00e0 M. Romain DI DIO.\nPr\u00e9fecture de la Ni\u00e8vre - 58-2026-02-19-00003 - Arr\u00eat\u00e9 pr\u00e9fectoral modifiant l'arr\u00eat\u00e9 n\u00b0 58-2025-01-10-00001 du 10 janvier 2025 portant\nmise en demeure \u00e0 M. Romain DI DIO, dirigeant de l'enseigne PI\u00c8CES D\u00c9TACH\u00c9ES 58, de respecter certaines dispositions de l'arr\u00eat\u00e9\nminist\u00e9riel du 6 juin 2018 relatif aux prescriptions applicables \u00e0 l'exploitation de son \u00e9tablissement sis 55 bis rue Francis Garnier sur le\nterritoire de la commune de Nevers et lui prescrivant des mesures conservatoires\n33\nArticle 4 : D\u00e9lais et voies de recoursLa pr\u00e9sente d\u00e9cision peut faire l'objet d'un recours dans un d\u00e9lai de deux mois \u00e0 compter desa notification/publication :\u00a2 par la voie d'un recours administratif aupr\u00e8s de la pr\u00e9f\u00e8te de la Ni\u00e8vre. L'absence de r\u00e9ponsedans un d\u00e9lai de deux mois fait na\u00eetre une d\u00e9cision implicite de rejet qui peut elle-m\u00eame fairel'objet d'un recours contentieux devant le tribunal administratif de Dijon, territorialementcomp\u00e9tent,\u00a2 par la voie du recours contentieux aupr\u00e8s du tribunal administratif de Dijon, territorialementcomp\u00e9tent. Ce tribunal administratif peut \u00e9galement \u00eatre saisi par l'application informatique\u00ab T\u00e9l\u00e9recours citoyens \u00bb accessible \u00e0 l'adresse suivante : \u00ab www.telerecours.fr \u00bb.\nArticle 5 : Ex\u00e9cution et copies\u00b0 La secr\u00e9taire g\u00e9n\u00e9rale de la pr\u00e9fecture de la Ni\u00e8vre,e le maire de Nevers,\u00b0 le directeur r\u00e9gional de l'environnement, de l'am\u00e9nagement et du logement, r\u00e9gion Bourgogne-Franche-Comt\u00e9,sont charg\u00e9s, chacun en ce qui les concerne, de l'ex\u00e9cution du pr\u00e9sent arr\u00eat\u00e9, qui sera publi\u00e9 au recueildes actes administratifs des services de l'\u00c9tat dans la Ni\u00e8vre et dont l'original sera transmis audirecteur des archives d\u00e9partementales de la Ni\u00e8vre.\niy \u00e0 G CCS 0Fait\u00e0 Nevers, le .) 9 FEY. 71La pr\u00e9f\u00e8te,\nSt\u00e9phanie PETITJEAN\n4\nPr\u00e9fecture de la Ni\u00e8vre - 58-2026-02-19-00003 - Arr\u00eat\u00e9 pr\u00e9fectoral modifiant l'arr\u00eat\u00e9 n\u00b0 58-2025-01-10-00001 du 10 janvier 2025 portant\nmise en demeure \u00e0 M. Romain DI DIO, dirigeant de l'enseigne PI\u00c8CES D\u00c9TACH\u00c9ES 58, de respecter certaines dispositions de l'arr\u00eat\u00e9\nminist\u00e9riel du 6 juin 2018 relatif aux prescriptions applicables \u00e0 l'exploitation de son \u00e9tablissement sis 55 bis rue Francis Garnier sur le\nterritoire de la commune de Nevers et lui prescrivant des mesures conservatoires\n34","date":"2026-02-26","first_seen_on":"2026-02-26T13:30:01+00:00","id":"8dabba5c7e9f561caf3d2b2867a0c208ada6ae332f5ac2d6c6895993a3454a79","name":"n\u00b058-2026-060-recueil du 26 f\u00e9vrier 2026","pdf_creation_date":"2026-02-26T13:17:09+00:00","pdf_modification_date":null,"timezone":"Europe/Paris","url":"https://www.nievre.gouv.fr/contenu/telechargement/23758/197155/file/recueil-58-2026-060-recueil%20du%2026%20f%C3%A9vrier%202026.pdf"}
