{"administration":"prefidf","administration_name":"Pr\u00e9fecture de la r\u00e9gion \u00cele-de-France","content":"PREFECTURE\nREGION ILE DE\nFRANCE\nRECUEIL DES ACTES\nADMINISTRATIFS SP\u00c9CIAL\n(NOMINATIFS)\nN\u00b0IDF-027-2025-10\nPUBLI\u00c9 LE 10 OCTOBRE 2025\nSommaire\nChambre de commerce et d'industrie de Seine-et-Marne /\nIDF-2025-10-09-00010 - D\u00e9cision instituant une r\u00e9gie de recettes  (1\npage) Page 3\n2\nChambre de commerce et d'industrie de\nSeine-et-Marne\nIDF-2025-10-09-00010\nD\u00e9cision instituant une r\u00e9gie de recettes \nChambre de commerce et d'industrie de Seine-et-Marne - IDF-2025-10-09-00010 - D\u00e9cision instituant une r\u00e9gie de recettes 3\nCG CCI SEINE-ET-MARNE\n07DSF25 \nDiffusion : b\u00e9n\u00e9ficiaires \u2013 site www.seineetmarne.cci.fr \u2013 recueil des actes administratifs de la Pr\u00e9fecture de \nr\u00e9gion Ile-de-France \nPage 1/1 \n  \n \n \n \nUTEC EMERAINVILLE \nDECISION INSTITUANT UNE REGIE DE RECETTES   \n \n \nLe PRESIDENT de la CCI de Seine et Marne apr\u00e8s accord du TRESORIER \n \nVu le Code de commerce Art R712-13, \n \nDECIDE : \n \nSur proposition du Directeur G\u00e9n\u00e9ral, Monsieur Dominique CHARNEAU, \n \nD'instituer la r\u00e9gie de recettes ci-apr\u00e8s.  \n \nSITE REGISSEUR \nREGIE DE \nRECETTES \nOBJET \nPOUR ACCEPTATION SPECIMEN DE \nSIGNATURE \nEmerainville Simon LESIMPLE Self, restaurant \np\u00e9dagogique SIGNE \n \n \nIl est rappel\u00e9 que les recettes concern\u00e9es doivent \u00eatre de faible montant (moins de 500 \u20ac par \nrecette \u00e9tant pr\u00e9cis\u00e9 que les moyens de paiement autoris\u00e9s sont : num\u00e9raire, ch\u00e8que et carte \nbleue quand il existe des terminaux pr\u00e9vus \u00e0 cet effet), que les r\u00e9gisseurs doivent tenir une \ncomptabilit\u00e9 pr\u00e9cise permettant d'assurer, par tout support, la tra\u00e7abilit\u00e9 des encaissements \nde leur r\u00e9gie et conserver toutes les pi\u00e8ces justificatives jusqu'\u00e0 leur transmission en vue de \nvue de leur traitement comptable. \n \nLa pr\u00e9sente d\u00e9cision prend effet \u00e0 compter du 1er septembre 2025 et ce jusqu'au terme de la \nmandature actuelle. \n \nSerris, le 9 octobre 2025 \n Pour Accord \nJean-Charles HERRENSCHMIDT     C\u00e9cile de SAINT MICHEL \nPr\u00e9sident   Tr\u00e9sori\u00e8re \n          \nSIGNE        SIGNE  \n \n  \n \nChambre de commerce et d'industrie de Seine-et-Marne - IDF-2025-10-09-00010 - D\u00e9cision instituant une r\u00e9gie de recettes 4","date":"2025-10-10","first_seen_on":"2025-10-10T17:08:27+00:00","id":"8e0ecaeb0228828ebfc6e6128fd745e6cb70f4e2365b4fb000576a06528573da","name":"recueil-idf-027-2025-10-RAA-nominatifs du 10.10.2025","pdf_creation_date":"2025-10-10T14:58:04+00:00","pdf_modification_date":null,"timezone":"Europe/Paris","url":"https://www.prefectures-regions.gouv.fr/ile-de-france/irecontenu/telechargement/131721/967250/file/recueil-idf-027-2025-10-RAA-nominatifs%20du%2010.10.2025.pdf"}
