{"administration":"prefidf","administration_name":"Pr\u00e9fecture de la r\u00e9gion \u00cele-de-France","content":"PREFECTURE\nREGION ILE DE\nFRANCE\nRECUEIL DES ACTES\nADMINISTRATIFS SP\u00c9CIAL\nN\u00b0IDF-031-2025-07\nPUBLI\u00c9 LE 17 JUILLET 2025\nSommaire\nAgence R\u00e9gionale de Sant\u00e9 / Agence r\u00e9gionale de sant\u00e9\nd'Ile-de-France-Cellule officines de pharmacie\nIDF-2025-07-16-00010 - Arr\u00eat\u00e9 n\u00b0 DOS/EFF/OFF/2025/70 portant\nmodification de l'arr\u00eat\u00e9 en date du 10 novembre 1942 ayant\nautoris\u00e9 la cr\u00e9ation de l'officine (2 pages) Page 6\nAgence R\u00e9gionale de Sant\u00e9 / Agence r\u00e9gionale de sant\u00e9\nd'Ile-de-France-D\u00e9l\u00e9gation d\u00e9partementale de Paris\nIDF-2025-06-30-00008 - d\u00e9cision tarifaire n\u00b011481 portant fixation du\nforfait global de soins pour 2025 de EHPAD COS ALICE GUY - 750048381 (3\npages) Page 9\nIDF-2025-06-20-00011 - d\u00e9cision tarifaire n\u00b02616 portant fixation du\nforfait global de soins pour 2025 de EHPAD PERRAY VAUCLUSE - 910017250\n(4 pages) Page 13\nIDF-2025-06-20-00008 - d\u00e9cision tarifaire n\u00b03644 portant fixation du\nforfait global de soins pour 2025 de Ehpad les artistes de Batignolles -\n750048357 (3 pages) Page 18\nIDF-2025-06-20-00020 - d\u00e9cision tarifaire n\u00b0646 portant fixation du\nforfait global de soins pour 2025 de EHPAD RESIDENCE SAINT JACQUES -\n750831448 (3 pages) Page 22\nIDF-2025-06-19-00018 - d\u00e9cision tarifaire n\u00b0648 portant fixation pour\n2025 du montant et de la r\u00e9partition de la dotation globalis\u00e9e\ncommune pr\u00e9vue au contrat pluriannuel d'objectifs et de moyens de\nFONDATION OEUVRE CROIX SAINT SIMON - 750712341 (3 pages) Page 26\nIDF-2025-06-19-00019 - d\u00e9cision tarifaire n\u00b0653 portant fixation pour\n2025 du montant et de la r\u00e9partition de la dotation globalis\u00e9e\ncommune pr\u00e9vue au contrat pluriannuel d'objectifs et de moyens de\nMEDOTELS - 250015658  (4 pages) Page 30\nIDF-2025-06-19-00004 - d\u00e9cision tarifaire n\u00b0654 portant fixation du\nforfait global de soins pour 2025 de EHPAD COS HOSPITALITE FAMILIALE -\n750803603 (3 pages) Page 35\nIDF-2025-06-19-00013 - d\u00e9cision tarifaire n\u00b0655 portant fixation pour\n2025 du montant et de la r\u00e9partition de la dotation globalis\u00e9e\ncommune pr\u00e9vue au contrat pluriannuel d'objectifs et de moyens de\nASSOCIATION MARIE-TH\u00c9R\u00c8SE - 750803017 (4 pages) Page 39\nIDF-2025-06-19-00007 - d\u00e9cision tarifaire n\u00b0659 portant fixation pour\n2025 du montant et de la r\u00e9partition de la dotation globalis\u00e9e\ncommune pr\u00e9vue au contrat pluriannuel d'objectifs et de moyens de\nMAISON DE RETRAITE SOEURS AUGUSTINES - 750803629 pour les\n\u00e9tablissements et services suivants : \u00c9tablissement d'h\u00e9bergement\npour personnes \u00e2g\u00e9es d\u00e9pendantes - EHPAD DES SOEURS\nAUGUSTINES -750800559 (4 pages) Page 44\n2\nIDF-2025-06-17-00004 - d\u00e9cision tarifaire n\u00b0660 portant fixation du\nforfait global de soins pour 2025 de EHPAD MAISON DE RETRAITE ET\nGERIATRIE - 750800534 (3 pages) Page 49\nIDF-2025-06-19-00016 - d\u00e9cision tarifaire n\u00b0663 portant fixation pour\n2025 du montant et de la r\u00e9partition de la dotation globalis\u00e9e\ncommune pr\u00e9vue au contrat pluriannuel d'objectifs et de moyens de\nPETITES SOEURS DES PAUVRES - 750039620 (4 pages) Page 53\nIDF-2025-06-19-00003 - d\u00e9cision tarifaire n\u00b0664 portant fixation pour\n2025 du montant et de la r\u00e9partition de la dotation globalis\u00e9e\ncommune pr\u00e9vue au contrat pluriannuel d'objectifs et de moyens de\nCHEMINS D'ESPERANCE - 750057291 pour les \u00e9tablissements et\nservices suivants : Etablissement d'h\u00e9bergement pour personnes\n\u00e2g\u00e9es d\u00e9pendantes - EHPAD AMITIE ET PARTAGE - 750800427 ;\nEtablissement d'h\u00e9bergement pour personnes \u00e2g\u00e9es d\u00e9pendantes -\nEHPAD LA SOURCE D AUTEUIL -750016958 ; Etablissement\nd'h\u00e9bergement pour personnes \u00e2g\u00e9es d\u00e9pendantes - EHPAD\nGRENELLE - 750803769 (4 pages) Page 58\nIDF-2025-06-20-00007 - d\u00e9cision tarifaire n\u00b0666 portant fixation du\nforfait global de soins pour 2025 de EHPAD ASSOMPTION - 750068959 (3\npages) Page 63\nIDF-2025-06-19-00005 - d\u00e9cision tarifaire n\u00b0667 portant fixation du\nforfait global de soins pour 2025 de EHPAD COS JACQUES BARROT -\n750057606 (3 pages) Page 67\nIDF-2025-06-20-00023 - d\u00e9cision tarifaire n\u00b0669 portant fixation du\nforfait global de soins pour 2025 de EHPAD VILLA DANIELLE TORELLI -\n750057101 (3 pages) Page 71\nIDF-2025-06-20-00014 - d\u00e9cision tarifaire n\u00b0670 portant fixation du\nforfait global de soins pour 2025 de EHPAD RESIDENCE CASTAGNARY -\n750056491 (3 pages) Page 75\nIDF-2025-06-20-00022 - d\u00e9cision tarifaire n\u00b0678 portant fixation du\nforfait global de soins pour 2025 de EHPAD RESIDENCE TROCADERO -\n750046351 (3 pages) Page 79\nIDF-2025-06-20-00017 - d\u00e9cision tarifaire n\u00b0683 portant fixation du\nforfait global de soins pour 2025 de EHPAD RESIDENCE LES ISSAMBRES -\n750042731 (3 pages) Page 83\nIDF-2025-06-20-00013 - d\u00e9cision tarifaire n\u00b0684 portant fixation du\nforfait global de soins pour 2025 de EHPAD RESIDENCE AMARAGGI -\n750041790 (3 pages) Page 87\nIDF-2025-06-26-00007 - d\u00e9cision tarifaire n\u00b0685 portant fixation pour\n2025 du montant et de la r\u00e9partition de la dotation globalis\u00e9e\ncommune pr\u00e9vue au contrat pluriannuel d'objectifs et de moyens de\nGROUPE ACPPA - 690802715 (3 pages) Page 91\n3\nIDF-2025-06-19-00015 - d\u00e9cision tarifaire n\u00b0686 portant fixation pour\n2025 du montant et de la r\u00e9partition de la dotation globalis\u00e9e\ncommune pr\u00e9vue au contrat pluriannuel d'objectifs et de moyens de\nCOLISEE FRANCE - 330050899 (4 pages) Page 95\nIDF-2025-06-19-00014 - d\u00e9cision tarifaire n\u00b0687 portant fixation pour\n2025 du montant et de la r\u00e9partition de la dotation globalis\u00e9e\ncommune pr\u00e9vue au contrat pluriannuel d'objectifs et de moyens de\nSARL RESIDENCE DU MARAIS - 750041394 (4 pages) Page 100\nIDF-2025-06-19-00009 - d\u00e9cision tarifaire n\u00b0689 portant fixation du\nforfait global de soins pour 2025 de EHPAD LE TREFLE BLEU CARDINET -\n750041030 (4 pages) Page 105\nIDF-2025-07-02-00011 - D\u00e9cision tarifaire n\u00b0691 portant fixation du\nforfait de soins pour 2025 de CAJ LES PORTES DU SUD 750040669 (2 pages) Page 110\nIDF-2025-06-20-00016 - d\u00e9cision tarifaire n\u00b0692 portant fixation du\nforfait global de soins pour 2025 de EHPAD RESIDENCE GOBELINS -\n750040149 (3 pages) Page 113\nIDF-2025-06-19-00008 - d\u00e9cision tarifaire n\u00b0695 portant fixation pour\n2025 du montant et de la r\u00e9partition de la dotation globalis\u00e9e\ncommune pr\u00e9vue au contrat pluriannuel d'objectifs et de moyens de\nSARL PARIS 11EME - 750056509 pour les \u00e9tablissements et services\nsuivants : \u00c9tablissement d'h\u00e9bergement pour personnes \u00e2g\u00e9es\nd\u00e9pendantes - EHPAD DOLCEA LES AMBASSADEURS NATION -\n750033979 (3 pages) Page 117\nIDF-2025-06-20-00015 - d\u00e9cision tarifaire n\u00b0696 portant fixation du\nforfait global de soins pour 2025 de EHPAD RESIDENCE EDITH PIAF -\n750031098 (3 pages) Page 121\nIDF-2025-07-02-00012 - D\u00e9cision tarifaire n\u00b0701 portant fixation du\nforfait de soins pour 2025 de CAJ MEMOIRE PLUS ISATIS - 750023129 (2\npages) Page 125\nIDF-2025-06-19-00006 - d\u00e9cision tarifaire n\u00b0702 portant fixation du\nforfait global de soins pour 2025 de EHPAD COS JEANNE D ARC -\n750022279 (3 pages) Page 128\nIDF-2025-06-20-00019 - d\u00e9cision tarifaire n\u00b0703 portant fixation du\nforfait global de soins pour 2025 de EHPAD RESIDENCE OCEANE -\n750021719 (3 pages) Page 132\nIDF-2025-06-20-00018 - d\u00e9cision tarifaire n\u00b0704 portant fixation du\nforfait global de soins pour 2025 de EHPAD RESIDENCE LES MUSICIENS -\n750019358 (3 pages) Page 136\nIDF-2025-06-19-00017 - d\u00e9cision tarifaire n\u00b0705 portant fixation pour\n2025 du montant et de la r\u00e9partition de la dotation globalis\u00e9e\ncommune pr\u00e9vue au contrat pluriannuel d'objectifs et de moyens de\nSAS GROUPE MAISON FAMILLE - 750039109 (4 pages) Page 140\n4\nIDF-2025-06-20-00006 - d\u00e9cision tarifaire n\u00b0707 portant fixation pour\n2025 du montant et de la r\u00e9partition de la dotation globalis\u00e9e\ncommune pr\u00e9vue au contrat pluriannuel d'objectifs et de moyens de\nSARL RESIDENCE CLUB LE MONTSOURIS - 750007759 pour les\n\u00e9tablissements et services suivants : Etablissement d'h\u00e9bergement pour\npersonnes \u00e2g\u00e9es d\u00e9pendantes - EHPAD RESIDENCE CLUB LE\nMONTSOURIS - 750007809 ; Etablissement d'h\u00e9bergement pour\npersonnes \u00e2g\u00e9es d\u00e9pendantes - EHPAD RESIDENCE DE SEVRES\n-750002552 Etablissement d'h\u00e9bergement pour personnes \u00e2g\u00e9es\nd\u00e9pendantes - EHPAD VILLA JULES JANIN - 750800658 (3 pages) Page 145\nIDF-2025-06-20-00021 - d\u00e9cision tarifaire n\u00b0709 portant fixation du\nforfait global de soins pour 2025 de EHPAD RESIDENCE TIERS TEMPS PARIS\n- 750003600 (3 pages) Page 149\nAgence R\u00e9gionale de Sant\u00e9 / Agence r\u00e9gionale de sant\u00e9\nd'Ile-de-France-Direction de l'Offre de Soins (DOS)\nIDF-2025-07-16-00012 - ARR\u00caT\u00c9 N\u00b0DOS - 2025/ 3556\nportant\nautorisation temporaire\nde lieu de recherches impliquant la personne\nhumaine Service d'Oto-Rhino-Laryngologie (ORL)Madame le Docteur\nCharlotte HAUTEFORT H\u00f4pital Lariboisi\u00e8re (3 pages) Page 153\nDirection r\u00e9gionale des affaires culturelles d'Ile-de-France  / Service\nr\u00e9gional de l'architecture et des espaces patrimoniaux\nIDF-2025-07-17-00001 - Arr\u00eat\u00e9 n\u00b0DRAC 2025-053 portant cr\u00e9ation du\np\u00e9rim\u00e8tre d\u00e9limit\u00e9 des abords de Villa Hennebique prot\u00e9g\u00e9e\nau titre des monuments historiques, sur le territoire de la commune de\nBourg-la-Reine (Hauts-de-Seine) (3 pages) Page 157\nDirection r\u00e9gionale et interd\u00e9partementale de l'environnement, de\nl'am\u00e9nagement et des transports d'\u00cele-de-France / S\u00e9curit\u00e9 des\ntransports et des v\u00e9hicules\nIDF-2025-07-18-00001 - D\u00e9cision DRIEAT IdF 2025 0631 (RASPAIL\nMarchandises FIMO FCO) (3 pages) Page 161\nPr\u00e9fecture de la R\u00e9gion d'Ile de France, Pr\u00e9fecture de Paris  / Direction\ndes affaires juridiques\nIDF-2025-07-17-00002 - Arr\u00eat\u00e9 portant organisation de la pr\u00e9fecture\nde la r\u00e9gion d'Ile-de-France, pr\u00e9fecture de Paris\n (15 pages) Page 165\nRectorat de la r\u00e9gion acad\u00e9mique d'Ile-de-France, rectorat de\nl'acad\u00e9mie de Paris /\nIDF-2025-07-10-00010 - Arr\u00eat\u00e9 n\u00b0 2025-090-RRA portant agr\u00e9ment au\ntitre de la Jeunesse et de l'\u00c9ducation Populaire pour l'association\nESCAPADE LIBERTE ET MOBILITE - SDJES de Paris  (2 pages) Page 181\nIDF-2025-07-10-00011 - Arr\u00eat\u00e9 n\u00b0 2025-091-RRA portant reconnaissance\ndu tronc commun d'agr\u00e9ment d'une association ESCAPADE\nLIBERTE ET MOBILITE - SDJES de Paris (2 pages) Page 184\n5\nAgence R\u00e9gionale de Sant\u00e9\nIDF-2025-07-16-00010\nArr\u00eat\u00e9 n\u00b0 DOS/EFF/OFF/2025/70 portant\nmodification de l'arr\u00eat\u00e9 en date du 10 novembre\n1942 ayant autoris\u00e9 la cr\u00e9ation de l'officine\nAgence R\u00e9gionale de Sant\u00e9 - IDF-2025-07-16-00010 - Arr\u00eat\u00e9 n\u00b0 DOS/EFF/OFF/2025/70 portant modification de l'arr\u00eat\u00e9 en date du 10\nnovembre 1942 ayant autoris\u00e9 la cr\u00e9ation de l'officine 6\n_REPUBLIQUEFRANCAISELibert\u00e9\u00c9galit\u00e9Fraternit\u00e9\nAr\u00a9 D Agence R\u00e9gionale de Sant\u00e9\u00cele-de-France\n \n \n \n \nAGENCE R\u00c9GIONALE DE SANT\u00c9 \u00ceLE-DE-FRANCE \nARR\u00caT\u00c9 N\u00b0 DOS/EFF/OFF/2025/70 portant modification de l'arr\u00eat\u00e9 en date du 10 novembre \n1942 ayant autoris\u00e9 la cr\u00e9ation de l'officine \nLE DIRECTEUR G\u00c9N\u00c9RAL DE L'AGENCE R\u00c9GIONALE DE SANT\u00c9 \u00ceLE-DE-FRANCE  \n \n \nVU le d\u00e9cret du 10 avril 2024 portant nomination de Monsieur Denis ROBIN, Directeur g\u00e9n\u00e9ral de l'Agence \nr\u00e9gionale de sant\u00e9 \u00cele-de-France, \u00e0 compter du 29 avril 2024 ; \n \nVU l'arr\u00eat\u00e9 n\u00b0 DS 034/2024 du 29 avril 2024, publi\u00e9 le 30 avril 2024, portant d\u00e9l\u00e9gation de signature du \nDirecteur g\u00e9n\u00e9ral de l'Agence r\u00e9gionale de sant\u00e9 \u00cele -de-France \u00e0 Monsieur Arnaud CORVAISIER, \nDirecteur de l'offre de soins et \u00e0 plusieurs de ses collaborateurs ;  \n \nVU l'arr\u00eat\u00e9 en date du  10 novembre 1942  portant octroi de la licence n\u00b075#000192 aux fins de cr\u00e9ation \nd'une officine de pharmacie sise 51 rue Montorgueil \u00e0 Paris (75002) ; \n \nVU Le courrier de la DRASS en date 07 avril 2006 relatif \u00e0 la d\u00e9claration de modification des conditions \nd'installation de l'officine  consistant en l' extension de la pharmacie \u00e0 un local contigu se situant au \nnum\u00e9ro 49 rue Montorgueil \u00e0 Paris (75002) ; \n \nVU la demande en date du  03 juin 202 5 par laquelle Madame Muriel ZYLBERSZTEJN sollicite la \nmodification de la licence n\u00b0 75#000192 ; \n \n \n \n CONSIDERANT \n \n \nCONSIDERANT \n \nque la Mairie de Paris certifie que les vitrines de l'\u00e9tablissement sont situ\u00e9es sur les fa\u00e7ades sur \nrue des parcelles identifi\u00e9es 49 et 51 rue Montorgueil au sein du 2\u00e8me arrondissement de Paris  \n(75002) ;   \n \nqu'il convient de tenir compte de  cette num\u00e9rotation et que l'arr\u00eat\u00e9 de la licence de cr\u00e9ation  de \nl'officine de pharmacie dont Madame Muriel ZYLBERSZTEJN  est titulaire, en date du  \n10 novembre 1942, doit \u00eatre rectifi\u00e9 en cons\u00e9quence ;   \nCONSIDERANT que les conditions d'exploitation de l'officine dont Madame Muriel ZYLBERSZTEJN est titulaire \nsont pour le reste inchang\u00e9es ; \n  \nARR\u00caTE \n \n \nARTICLE 1er : \n \n \nL'arr\u00eat\u00e9 en date du 10 novembre 1942, portant cr\u00e9ation de l'officine de pharmacie  autorisant \nMadame Muriel ZYLBERSZTEJN est modifi\u00e9 comme suit, \n \nLes termes :   \n \n\u00ab 51 rue Montorgueil \u00e0 Paris (75002) \u00bb \n \nsont remplac\u00e9s par les termes : \n \n\u00ab 49 - 51 rue Montorgueil \u00e0 Paris (75002) \u00bb \n \nLe reste sans changement. \n \n  \nAgence R\u00e9gionale de Sant\u00e9 - IDF-2025-07-16-00010 - Arr\u00eat\u00e9 n\u00b0 DOS/EFF/OFF/2025/70 portant modification de l'arr\u00eat\u00e9 en date du 10\nnovembre 1942 ayant autoris\u00e9 la cr\u00e9ation de l'officine 7\nARTICLE 2e : Un recours contentieux contre le pr\u00e9sent arr\u00eat\u00e9 peut \u00eatre form\u00e9 aupr\u00e8s du Tribunal administratif \ncomp\u00e9tent. Le d\u00e9lai de recours est de deux mois \u00e0 compter de la notification de l'arr\u00eat\u00e9 pour les \nint\u00e9ress\u00e9s ou de sa publication pour les tiers. \n \nARTICLE 3e : Le Directeur g\u00e9n\u00e9ral de l'Agence r\u00e9gionale de sant\u00e9 \u00cele-de-France est charg\u00e9 de l'ex\u00e9cution \ndu pr\u00e9sent arr\u00eat\u00e9 qui sera publi\u00e9 au recueil des actes administratifs de la pr\u00e9fecture de la r\u00e9gion \nIle-de-France. \n        \n \nFait \u00e0 Saint-Denis, le 16 juillet 2025 \n \nLe Directeur g\u00e9n\u00e9ral \nde l'Agence r\u00e9gionale de sant\u00e9  \n\u00cele-de-France  \n \net par d\u00e9l\u00e9gation, \nLe Directeur du P\u00f4le Efficience \nSIGN\u00c9 \nFabien P\u00c9RUS \nAgence R\u00e9gionale de Sant\u00e9 - IDF-2025-07-16-00010 - Arr\u00eat\u00e9 n\u00b0 DOS/EFF/OFF/2025/70 portant modification de l'arr\u00eat\u00e9 en date du 10\nnovembre 1942 ayant autoris\u00e9 la cr\u00e9ation de l'officine 8\nAgence R\u00e9gionale de Sant\u00e9\nIDF-2025-06-30-00008\nd\u00e9cision tarifaire n\u00b011481 portant fixation du\nforfait global de soins pour 2025 de EHPAD COS\nALICE GUY - 750048381\nAgence R\u00e9gionale de Sant\u00e9 - IDF-2025-06-30-00008 - d\u00e9cision tarifaire n\u00b011481 portant fixation du forfait global de soins pour 2025 de\nEHPAD COS ALICE GUY - 750048381 9\nEXREPUBLIQUEFRANCAISELibert\u00e9 0 D Agence R\u00e9gionale de Sant\u00e9\u00c9galit\u00e9 \u00cele-de-FranceFraternit\u00e9\n  \n \nDECISION TARIFAIRE N\u00b011481 PORTANT FIXATION DU FORFAIT GLOBAL DE SOINS \nPOUR 2025 DE \nEHPAD COS ALICE GUY - 750048381 \n \nLe Directeur G\u00e9n\u00e9ral de l'ARS Ile-de-France \n \nVU le Code de l'Action Sociale et des Familles \n  \nVU le Code de la S\u00e9curit\u00e9 Sociale ; \n  \nVU la loi n\u00b02025 -199 du 28 f\u00e9vrier 2025 de financement de la S\u00e9curit\u00e9 Sociale pour 2025 \npubli\u00e9e au Journal Officiel du 28/02/2025 ; \n  \nVU l'arr\u00eat\u00e9 minist\u00e9riel du 02/06/2025  publi\u00e9 au Journal Officiel du 06/06/2025 pris en \napplication de l'article L314 -3 du Code de l'Action Sociale et des Familles fixant, pour \nl'ann\u00e9e 2025 l'objectif global de d\u00e9penses d'assurance maladie et le montant total de \nd\u00e9penses pour les \u00e9tablissement s et services relevant de la Caisse nationale de solidarit\u00e9 \npour l'autonomie ; \n  \nVU la d\u00e9cision du 02/06/2025 publi\u00e9e au Journal Officiel du 06/06/2025 relative aux dotations \nr\u00e9gionales limitatives 2025 et \u00e0 la moyenne nationale des besoins en soins requis 2025 ; \n  \nVU l'arr\u00eat\u00e9 du 28/05/2025 fixant pour 2025 les valeurs du point mentionn\u00e9es \u00e0 l'article R.314-\n162 du code de l'action sociale et des familles publi\u00e9 au Journal Officiel du 31/05/2025 ; \n  \nVU le d\u00e9cret du 10 Avril 2024  portant nomination de Monsieur, ROBIN, Denis en qualit\u00e9 de \nDirecteur G\u00e9n\u00e9ral de l'agence r\u00e9gionale de sant\u00e9 Ile-de-France ; \n  \nVU la d\u00e9cision de d\u00e9l\u00e9gation de signature du Directeur G\u00e9n\u00e9ral de l'ARS vers le Directeur \nD\u00e9partemental de PARIS en date du 16/04/2025 ; \n \nVU l'autorisation ou le renouvellement d'autorisation en date du 16/08/2010 de la structure \nEtablissement d'h\u00e9bergement pour personnes \u00e2g\u00e9es d\u00e9pendantes d\u00e9nomm\u00e9e EHPAD COS \nALICE GUY (750048381) sise 10 R DE COLMAR 75019 Paris 19e Arrondissement et \ng\u00e9r\u00e9e par l'entit\u00e9 d\u00e9nomm\u00e9e FONDATION COS ALEXANDRE GLASBERG \n(750721235) ; \n  \n \n \nDECIDE \n \n  \nAgence R\u00e9gionale de Sant\u00e9 - IDF-2025-06-30-00008 - d\u00e9cision tarifaire n\u00b011481 portant fixation du forfait global de soins pour 2025 de\nEHPAD COS ALICE GUY - 750048381 10\n \nArticle 1er A compter du 01/01/2025, le forfait global de soins est fix\u00e9 \u00e0 2 629 561,56 \u20ac au titre de \n2025, dont 8 000,00 \u20ac au titre des cr\u00e9dits non reconductible. \n \n \nPour 2025, les tarifs sont d\u00e9compos\u00e9s comme suit : \n \n Forfait global de soins \nH\u00e9bergement Permanent 2 293 017,72 \nUHR 0,00 \nPASA 70 746,44 \nH\u00e9bergement Temporaire 84 207,43 \nAccueil de jour 181 589,97 \nPlateforme de r\u00e9pit 0,00 \nLa fraction forfaitaire mensuelle s'\u00e9tablit \u00e0 219 130,13 \u20ac. \n \nArticle 2 A compter du 1er janvier 2026, en application de l'article L.314-7 du CASF, le forfait \nglobal de soins est fix\u00e9, \u00e0 titre transitoire, \u00e0 2 621 561,56 \u20ac. \n  \n Les tarifs de reconduction sont fix\u00e9s \u00e0 : \n \n Forfait global de soins \nH\u00e9bergement Permanent 2 285 017,72 \nUHR 0,00 \nPASA 70 746,44 \nH\u00e9bergement Temporaire 84 207,43 \nAccueil de jour 181 589,97 \nPlateforme de r\u00e9pit 0,00 \nLa fraction forfaitaire mensuelle s'\u00e9tablit \u00e0 218 463,46 \u20ac. \n \n  \nAgence R\u00e9gionale de Sant\u00e9 - IDF-2025-06-30-00008 - d\u00e9cision tarifaire n\u00b011481 portant fixation du forfait global de soins pour 2025 de\nEHPAD COS ALICE GUY - 750048381 11\n  \nArticle 3 Les recours contentieux dirig\u00e9s contre la pr\u00e9sente d\u00e9cision doivent \u00eatre port\u00e9s devant \nle Tribunal Administratif sis 1 Place du Palais Royal 75100 PARIS dans un d\u00e9lai de \ndeux mois \u00e0 compter de sa publication ou, pour les personnes auxquelles elle sera \nnotifi\u00e9e, \u00e0 compter de sa notification. Le tribunal administratif peut \u00eatre saisi par \nl'application \u00ab T\u00e9l\u00e9recours citoyens \u00bb accessible par le site www.telerecours.fr. \n  \nArticle 4 La pr\u00e9sente d\u00e9cision sera publi\u00e9e au recueil des actes administratifs . \n  \nArticle 5         Le Directeur G\u00e9n\u00e9ral de l'ARS Ile -de-France est charg\u00e9 de l'ex\u00e9cution de la pr\u00e9sente \nd\u00e9cision qui sera notifi\u00e9e \u00e0 l'entit\u00e9 gestionnaire FONDATION COS ALEXANDRE \nGLASBERG (750721235) et \u00e0 l'\u00e9tablissement concern\u00e9. \n \nFait \u00e0 Saint-Denis,  \n \nle 30 juin 2025 \n \n  \nP/ Le Directeur de la D\u00e9l\u00e9gation D\u00e9partementale de Paris \nAgence R\u00e9gionale de Sant\u00e9 d'Ile-de-France \n \nLaure LE COAT \nResponsable du d\u00e9partement autonomie \n \n                \n \n \n \n         #signature# \n \n \nAgence R\u00e9gionale de Sant\u00e9 - IDF-2025-06-30-00008 - d\u00e9cision tarifaire n\u00b011481 portant fixation du forfait global de soins pour 2025 de\nEHPAD COS ALICE GUY - 750048381 12\nAgence R\u00e9gionale de Sant\u00e9\nIDF-2025-06-20-00011\nd\u00e9cision tarifaire n\u00b02616 portant fixation du\nforfait global de soins pour 2025 de EHPAD\nPERRAY VAUCLUSE - 910017250\nAgence R\u00e9gionale de Sant\u00e9 - IDF-2025-06-20-00011 - d\u00e9cision tarifaire n\u00b02616 portant fixation du forfait global de soins pour 2025 de\nEHPAD PERRAY VAUCLUSE - 910017250 13\nEXREPUBLIQUEFRANCAISElens \u00a9 Agence R\u00e9gionale de Sant\u00e9\u00c9galit\u00e9 \u00cele-de-FranceFraternit\u00e9\n  \n \nDECISION TARIFAIRE N\u00b02616 PORTANT FIXATION DU FORFAIT GLOBAL DE SOINS POUR \n2025 DE \nEHPAD PERRAY V AUCLUSE - 910017250 \n \nLe Directeur G\u00e9n\u00e9ral de l'ARS Ile-de-France \n \nVU le Code de l'Action Sociale et des Familles \n  \nVU le Code de la S\u00e9curit\u00e9 Sociale ; \n  \nVU la loi n\u00b02025 -199 du 28 f\u00e9vrier 2025 de financement de la S\u00e9curit\u00e9 Sociale pour 2025 \npubli\u00e9e au Journal Officiel du 28/02/2025 ; \n  \nVU l'arr\u00eat\u00e9 minist\u00e9riel du 02/06/2025  publi\u00e9 au Journal Officiel du 06/06/2025 pris en \napplication de l'article L314 -3 du Code de l'Action Sociale et des Familles fixant, pour \nl'ann\u00e9e 2025 l'objectif global de d\u00e9penses d'assurance maladie et le montant total de \nd\u00e9penses pour les \u00e9tablissements et services relevant de la Caisse nationale de solidarit\u00e9 \npour l'autonomie ; \n  \nVU la d\u00e9cision du 02/06/2025 publi\u00e9e au Journal Officiel du 06/06/2025 relative aux dotations \nr\u00e9gionales limitatives 2025 et \u00e0 la moyenne nationale des besoins en soins requis 2025 ; \n  \nVU l'arr\u00eat\u00e9 du 28/05/2025 fixant pour 2025 les valeurs du point mentionn\u00e9es \u00e0 l'article R.314-\n162 du code de l'action sociale et des familles publi\u00e9 au Journal Officiel du 31/05/2025 ; \n  \nVU le d\u00e9cret du 10 Avril 2024  portant nomination de Monsieur, ROBIN, Denis en qualit\u00e9 de \nDirecteur G\u00e9n\u00e9ral de l'agence r\u00e9gionale de sant\u00e9 Ile-de-France ; \n  \nVU la d\u00e9cision de d\u00e9l\u00e9gation de signature du Directeur G\u00e9n\u00e9ral de l'ARS vers le Directeur \nD\u00e9partemental de PARIS en date du 16/04/2025 ; \n \nVU l'autorisation ou le renouvellement d'autorisation en date du 03/01/2017 de la structure \nEtablissement d'h\u00e9bergement pour personnes \u00e2g\u00e9es d\u00e9pendantes d\u00e9nomm\u00e9e EHPAD \nPERRAY V AUCLUSE (910017250) sise  91360 \u00c9pinay -sur-Orge et g\u00e9r\u00e9e par l'entit\u00e9 \nd\u00e9nomm\u00e9e GHU PARIS PSY ET NEUROSCIENCES (750062036) ; \n  \n \n \nDECIDE \n \n \n \n \n \n \n \n \nAgence R\u00e9gionale de Sant\u00e9 - IDF-2025-06-20-00011 - d\u00e9cision tarifaire n\u00b02616 portant fixation du forfait global de soins pour 2025 de\nEHPAD PERRAY VAUCLUSE - 910017250 14\nArticle 1er A compter du 01/01/2025, le forfait global de soins est fix\u00e9 \u00e0 2  568 963,89 \u20ac au titre \nde 2025, dont 0,00 \u20ac au titre des cr\u00e9dits non reconductibles. \n \n \nPour 2025, les tarifs sont d\u00e9compos\u00e9s comme suit : \n \n Forfait global de soins \nH\u00e9bergement \nPermanent \n2 568 963,89 \nUHR \n0,00 \nPASA \n0,00 \nH\u00e9bergement \nTemporaire \n0,00 \nAccueil de jour \n0,00 \nPlateforme de r\u00e9pit \n0,00 \n \n \nLa fraction forfaitaire mensuelle s'\u00e9tablit \u00e0 214 080,32 \u20ac. \n \n \n \n \n \n \n \n \n \n \n \n \n \n \n \n \n \n \n \n \n \n \n \n \n \n \n \n \nAgence R\u00e9gionale de Sant\u00e9 - IDF-2025-06-20-00011 - d\u00e9cision tarifaire n\u00b02616 portant fixation du forfait global de soins pour 2025 de\nEHPAD PERRAY VAUCLUSE - 910017250 15\nArticle 2 A compter du 1er janvier 2026, en application de l'article L.314-7 du CASF, le forfait \nglobal de soins est fix\u00e9, \u00e0 titre transitoire, \u00e0 2 568 963,89 \u20ac. \n  \n Les tarifs de reconduction sont fix\u00e9s \u00e0 : \n \n \n Forfait global de soins \nH\u00e9bergement \nPermanent \n2 568 963,89 \nUHR \n0,00 \nPASA \n0,00 \nH\u00e9bergement \nTemporaire \n0,00 \nAccueil de jour \n0,00 \nPlateforme de r\u00e9pit \n0,00 \n \n \n La fraction forfaitaire mensuelle s'\u00e9tablit \u00e0 214 080,32 \u20ac. \n \n  \n \n \n \n \n \n \n \n \n \n \n \n \n \n \n \n \n \n \n \n \n \n \n \n \n \nAgence R\u00e9gionale de Sant\u00e9 - IDF-2025-06-20-00011 - d\u00e9cision tarifaire n\u00b02616 portant fixation du forfait global de soins pour 2025 de\nEHPAD PERRAY VAUCLUSE - 910017250 16\n \nArticle 3 Les recours contentieux dirig\u00e9s contre la pr\u00e9sente d\u00e9cision doivent \u00eatre port\u00e9s devant \nle Tribunal Administratif sis 1 Place du Palais Royal 75100 PARIS dans un d\u00e9lai de \ndeux mois \u00e0 compter de sa publication ou, pour les personnes auxquelles elle sera \nnotifi\u00e9e, \u00e0 compter de sa notification. Le tribunal administratif peut \u00eatre saisi par \nl'application \u00ab T\u00e9l\u00e9recours citoyens \u00bb accessible par le site www.telerecours.fr. \n  \nArticle 4 La pr\u00e9sente d\u00e9cision sera publi\u00e9e au recueil des actes administratifs. \n  \nArticle 5         Le Directeur G\u00e9n\u00e9ral de l'ARS Ile -de-France est charg\u00e9 de l'ex\u00e9cution de la pr\u00e9sente \nd\u00e9cision qui sera notifi\u00e9e \u00e0 l'entit\u00e9 gestionnaire GHU PARIS PSY ET \nNEUROSCIENCES (750062036) et \u00e0 l'\u00e9tablissement concern\u00e9. \n \n \n \n \nFait \u00e0 Saint-Denis,  \n \nLe 20 juin 2025 \n \n  \nP/ L e Directeur de la D\u00e9l\u00e9gation \nD\u00e9partementale de Paris \nAgence R\u00e9gionale de Sant\u00e9 d'Ile-de-France \n \nLaure LE COAT \nResponsable du d\u00e9partement autonomie \n \n \n \n \n         #signature# \n \n \nAgence R\u00e9gionale de Sant\u00e9 - IDF-2025-06-20-00011 - d\u00e9cision tarifaire n\u00b02616 portant fixation du forfait global de soins pour 2025 de\nEHPAD PERRAY VAUCLUSE - 910017250 17\nAgence R\u00e9gionale de Sant\u00e9\nIDF-2025-06-20-00008\nd\u00e9cision tarifaire n\u00b03644 portant fixation du\nforfait global de soins pour 2025 de Ehpad les\nartistes de Batignolles - 750048357\nAgence R\u00e9gionale de Sant\u00e9 - IDF-2025-06-20-00008 - d\u00e9cision tarifaire n\u00b03644 portant fixation du forfait global de soins pour 2025 de\nEhpad les artistes de Batignolles - 750048357 18\nEXREPUBLIQUEFRANCAISELibert\u00e9 \u00a9 D Agence R\u00e9gionale de Sant\u00e9\u00c9galit\u00e9 \u00cele-de-FranceFraternit\u00e9\n  \n \nDECISION TARIFAIRE N\u00b03644 PORTANT FIXATION DU FORFAIT GLOBAL DE SOINS POUR \n2025 DE \nEHPAD LES ARTISTES DE BATIGNOLLES - 750048357 \n \nLe Directeur G\u00e9n\u00e9ral de l'ARS Ile-de-France \n \nVU le Code de l'Action Sociale et des Familles \n  \nVU le Code de la S\u00e9curit\u00e9 Sociale ; \n  \nVU la loi n\u00b02025 -199 du 28 f\u00e9vrier 2025 de financement de la S\u00e9curit\u00e9 Sociale pour 2025 \npubli\u00e9e au Journal Officiel du 28/02/2025 ; \n  \nVU l'arr\u00eat\u00e9 minist\u00e9riel du 02/06/2025 publi\u00e9 au Journal Officiel du 06/06/2025 pris en \napplication de l'article L314 -3 du Code de l'Action Sociale et des Familles fixant, pour \nl'ann\u00e9e 2025 l'objectif global de d\u00e9penses d'assurance maladie et le montant total de \nd\u00e9penses pour les \u00e9tablissements et services relevant de la Caisse nationale de solidarit\u00e9 \npour l'autonomie ; \n  \nVU la d\u00e9cision du 02/06/2025 publi\u00e9e au Journal Officiel du 06/06/2025 relative aux dotations \nr\u00e9gionales limitatives 2025 et \u00e0 la moyenne nationale des besoins en soins requis 2025 ; \n  \nVU l'arr\u00eat\u00e9 du 28/05/2025 fixant pour 2025 les valeurs du point mentionn\u00e9es \u00e0 l'article R.314-\n162 du code de l'action sociale et des familles publi\u00e9 au Journal Officiel du 31/05/2025 ; \n  \nVU le d\u00e9cret du 10 Avril 2024 portant nomination de Monsieur, ROBIN, Denis en qualit\u00e9 de \nDirecteur G\u00e9n\u00e9ral de l'agence r\u00e9gionale de sant\u00e9 Ile-de-France ; \n  \nVU la d\u00e9cision de d\u00e9l\u00e9gation de signature du Directeur G\u00e9n\u00e9ral de l'ARS vers le Directeur \nD\u00e9partemental de PARIS en date du 16/04/2025 ; \n \nVU l'autorisation ou le renouvellement d'autorisation en date du 16/08/2010 de la structure \nEtablissement d'h\u00e9bergement pour personnes \u00e2g\u00e9es d\u00e9pendantes d\u00e9nomm\u00e9e EHPAD LES \nARTISTES DE BATIGNOLLES (750048357) sise 5 R RENE BLUM 75017 Paris 17e \nArrondissement et g\u00e9r\u00e9e par l'entit\u00e9 d\u00e9nomm\u00e9e SA EMEIS - SIEGE SOCIAL \n(920030152) ; \n  \n \n \nDECIDE \n \nArticle 1er A compter du 01/01/2025, le forfait global de soins est fix\u00e9 \u00e0 2  993 003,67 \u20ac au titre \nde 2025, dont 0,00 \u20ac au titre des cr\u00e9dits non reconductible vers\u00e9s en une seule fois. \n \n \nLa fraction forfaitaire mensuelle s'\u00e9tablit \u00e0 249 416,97 \u20ac. \n \nAgence R\u00e9gionale de Sant\u00e9 - IDF-2025-06-20-00008 - d\u00e9cision tarifaire n\u00b03644 portant fixation du forfait global de soins pour 2025 de\nEhpad les artistes de Batignolles - 750048357 19\n \nPour 2025, les tarifs sont d\u00e9compos\u00e9s comme suit : \n \n Forfait global de soins Prix de journ\u00e9e (en \u20ac) \nH\u00e9bergement \nPermanent \n2 588 337,16 0,00 \nUHR \n299 658,59  \nPASA \n0,00  \nH\u00e9bergement \nTemporaire \n105 007,92 0,00 \nAccueil de jour \n0,00 0,00 \nPlateforme de r\u00e9pit \n0,00  \n \n \nArticle 2 A compter du 1er janvier 2026 , en application de l'article L.314-7 du CASF, le forfait \nglobal de soins est fix\u00e9, \u00e0 titre transitoire, \u00e0 3 092 077,46 \u20ac. \n  \n Les tarifs de reconduction sont fix\u00e9s \u00e0 : \n \n Forfait global de soins Prix de journ\u00e9e (en \u20ac) \nH\u00e9bergement \nPermanent \n2 687 410,95 0,00 \nUHR \n299 658,59  \nPASA \n0,00  \nH\u00e9bergement \nTemporaire \n105 007,92 0,00 \nAccueil de jour \n0,00 0,00 \nPlateforme de r\u00e9pit \n0,00  \n \n \n La fraction forfaitaire mensuelle s'\u00e9tablit \u00e0 257 673,12 \u20ac. \n \n  \nArticle 3 Les recours contentieux dirig\u00e9s contre la pr\u00e9sente d\u00e9cision doivent \u00eatre port\u00e9s devant \nle Tribunal Administratif sis 1 Place du Palais Royal 75100 PARIS dans un d\u00e9lai de \ndeux mois \u00e0 compter de sa publication ou, pour les personnes auxquelles elle sera \nAgence R\u00e9gionale de Sant\u00e9 - IDF-2025-06-20-00008 - d\u00e9cision tarifaire n\u00b03644 portant fixation du forfait global de soins pour 2025 de\nEhpad les artistes de Batignolles - 750048357 20\nnotifi\u00e9e, \u00e0 compter de sa notification. Le tribunal administratif peut \u00eatre saisi par \nl'application \u00ab T\u00e9l\u00e9recours citoyens \u00bb accessible par le site www.telerecours.fr. \n  \nArticle 4 La pr\u00e9sente d\u00e9cision sera publi\u00e9e au recueil des actes administratifs . \n  \nArticle 5         Le Directeur G\u00e9n\u00e9ral de l'ARS Ile -de-France est charg\u00e9 de l'ex\u00e9cution de la pr\u00e9sente \nd\u00e9cision qui sera notifi\u00e9e \u00e0 l'entit\u00e9 gestionnaire SA EMEIS - SIEGE SOCIAL \n(920030152) et \u00e0 l'\u00e9tablissement concern\u00e9. \n \nFait \u00e0 Saint-Denis , le 20 juin 2025           \n \n \nLe Directeur D\u00e9partemental \n                \n \n \n \n         #signature# \n \n \nAgence R\u00e9gionale de Sant\u00e9 - IDF-2025-06-20-00008 - d\u00e9cision tarifaire n\u00b03644 portant fixation du forfait global de soins pour 2025 de\nEhpad les artistes de Batignolles - 750048357 21\nAgence R\u00e9gionale de Sant\u00e9\nIDF-2025-06-20-00020\nd\u00e9cision tarifaire n\u00b0646 portant fixation du\nforfait global de soins pour 2025 de EHPAD\nRESIDENCE SAINT JACQUES - 750831448\nAgence R\u00e9gionale de Sant\u00e9 - IDF-2025-06-20-00020 - d\u00e9cision tarifaire n\u00b0646 portant fixation du forfait global de soins pour 2025 de\nEHPAD RESIDENCE SAINT JACQUES - 750831448 22\nEXREPUBLIQUEFRANCAISELibert\u00e9 0 D Agence R\u00e9gionale de Sant\u00e9\u00c9galit\u00e9 \u00cele-de-FranceFraternit\u00e9\n  \n \nDECISION TARIFAIRE N\u00b0646 PORTANT FIXATION DU FORFAIT GLOBAL DE SOINS POUR \n2025 DE \nEHPAD RESIDENCE SAINT JACQUES - 750831448 \n \nLe Directeur G\u00e9n\u00e9ral de l'ARS Ile-de-France \n \nVU le Code de l'Action Sociale et des Familles \n  \nVU le Code de la S\u00e9curit\u00e9 Sociale ; \n  \nVU la loi n\u00b02025 -199 du 28 f\u00e9vrier 2025 de financement de la S\u00e9curit\u00e9 Sociale pour 2025 \npubli\u00e9e au Journal Officiel du 28/02/2025 ; \n  \nVU l'arr\u00eat\u00e9 minist\u00e9riel du 02/06/2025 publi\u00e9 au Journal Officiel du 06/06/2025 pris en \napplication de l'article L314 -3 du Code de l'Action Sociale et des Familles fixant, pour \nl'ann\u00e9e 2025 l'objectif global de d\u00e9penses d'assurance maladie et le montant total de \nd\u00e9penses pour les \u00e9tablissements et services relevant de la Caisse nationale de solidarit\u00e9 \npour l'autonomie ; \n  \nVU la d\u00e9cision du 02/06/2025 publi\u00e9e au Journal Officiel du 06/06/2025 relative aux dotations \nr\u00e9gionales limitatives 2025 et \u00e0 la moyenne nationale des besoins en soins requis 2025 ; \n  \nVU l'arr\u00eat\u00e9 du 28/05/2025 fixant pour 2025 les valeurs du point mentionn\u00e9es \u00e0 l'article R.314-\n162 du code de l'action sociale et des familles publi\u00e9 au Journal Officiel du 31/05/2025 ; \n  \nVU le d\u00e9cret du 10 Avril 2024 portant nomination de Monsieur, ROBIN, Denis en qualit\u00e9 de \nDirecteur G\u00e9n\u00e9ral de l'agence r\u00e9gionale de sant\u00e9 Ile-de-France ; \n  \nVU la d\u00e9cision de d\u00e9l\u00e9gation de signature du Directeur G\u00e9n\u00e9ral de l'ARS vers le Directeur \nD\u00e9partemental de PARIS en date du 16/04/2025 ; \n \nVU l'autorisation ou le renouvellement d'autorisation en date du 04/04/2006 de la structure \nEtablissement d'h\u00e9bergement pour personnes \u00e2g\u00e9es d\u00e9pendantes d\u00e9nomm\u00e9e EHPAD \nRESIDENCE SAINT JACQUES (750831448) sise 3 PAS VICTOR MARCHAND 75013 \nParis 13e Arrondissement et g\u00e9r\u00e9e par l'entit\u00e9 d\u00e9nomm\u00e9e SA EMEIS - SIEGE SOCIAL \n(920030152) ; \n  \n \n \nDECIDE \n \nArticle 1er A compter du 01/01/2025, le forfait global de soins est fix\u00e9 \u00e0 2  531 484,32 \u20ac au titre \nde 2025, dont 0,00 \u20ac au titre des cr\u00e9dits non reconductible vers\u00e9s en une seule fois. \n \n \nLa fraction forfaitaire mensuelle s'\u00e9tablit \u00e0 210 957,03 \u20ac. \n \nAgence R\u00e9gionale de Sant\u00e9 - IDF-2025-06-20-00020 - d\u00e9cision tarifaire n\u00b0646 portant fixation du forfait global de soins pour 2025 de\nEHPAD RESIDENCE SAINT JACQUES - 750831448 23\n \nPour 2025, les tarifs sont d\u00e9compos\u00e9s comme suit : \n \n Forfait global de soins \nH\u00e9bergement \nPermanent \n2 462 591,99 \nUHR \n0,00 \nPASA \n68 892,33 \nH\u00e9bergement \nTemporaire \n0,00 \nAccueil de jour \n0,00 \nPlateforme de r\u00e9pit \n0,00 \n \n \nArticle 2 A compter du 1er janvier 2026 , en application de l'article L.314-7 du CASF, le forfait \nglobal de soins est fix\u00e9, \u00e0 titre transitoire, \u00e0 2 531 484,31 \u20ac. \n  \n Les tarifs de reconduction sont fix\u00e9s \u00e0 : \n \n Forfait global de soins \nH\u00e9bergement \nPermanent \n2 462 591,99 \nUHR \n0,00 \nPASA \n68 892,33 \nH\u00e9bergement \nTemporaire \n0,00 \nAccueil de jour \n0,00 \nPlateforme de r\u00e9pit \n0,00 \n \n \n La fraction forfaitaire mensuelle s'\u00e9tablit \u00e0 210 957,03 \u20ac. \n \n  \nArticle 3 Les recours contentieux dirig\u00e9s contre la pr\u00e9sente d\u00e9cision doivent \u00eatre port\u00e9s devant \nle Tribunal Administratif sis 1 Place du Palais Royal 75100 PARIS dans un d\u00e9lai de \ndeux mois \u00e0 compter de sa publication ou, pour les personnes auxquelles elle sera \nAgence R\u00e9gionale de Sant\u00e9 - IDF-2025-06-20-00020 - d\u00e9cision tarifaire n\u00b0646 portant fixation du forfait global de soins pour 2025 de\nEHPAD RESIDENCE SAINT JACQUES - 750831448 24\nnotifi\u00e9e, \u00e0 compter de sa notification. Le tribunal administratif peut \u00eatre saisi par \nl'application \u00ab T\u00e9l\u00e9recours citoyens \u00bb accessible par le site www.telerecours.fr. \n  \nArticle 4 La pr\u00e9sente d\u00e9cision sera publi\u00e9e au recueil des actes administratifs. \n  \nArticle 5         Le Directeur G\u00e9n\u00e9ral de l'ARS Ile -de-France est charg\u00e9 de l'ex\u00e9cution de la pr\u00e9sente \nd\u00e9cision qui sera notifi\u00e9e \u00e0 l'entit\u00e9 gestionnaire SA EMEIS - SIEGE SOCIAL \n(920030152) et \u00e0 l'\u00e9tablissement concern\u00e9. \n \n \nFait \u00e0 Saint-Denis,  \n \nle 20 juin 2025 \n \n  \nP/ L e Directeur de la D\u00e9l\u00e9gation \nD\u00e9partementale de Paris \nAgence R\u00e9gionale de Sant\u00e9 d'Ile-de-France \n \nLaure LE COAT \nResponsable du d\u00e9partement autonomie \n \n \n \n \n         #signature# \n \n \nAgence R\u00e9gionale de Sant\u00e9 - IDF-2025-06-20-00020 - d\u00e9cision tarifaire n\u00b0646 portant fixation du forfait global de soins pour 2025 de\nEHPAD RESIDENCE SAINT JACQUES - 750831448 25\nAgence R\u00e9gionale de Sant\u00e9\nIDF-2025-06-19-00018\nd\u00e9cision tarifaire n\u00b0648 portant fixation pour\n2025 du montant et de la r\u00e9partition de la\ndotation globalis\u00e9e commune pr\u00e9vue au contrat\npluriannuel d'objectifs et de moyens de\nFONDATION OEUVRE CROIX SAINT SIMON -\n750712341\nAgence R\u00e9gionale de Sant\u00e9 - IDF-2025-06-19-00018 - d\u00e9cision tarifaire n\u00b0648 portant fixation pour 2025 du montant et de la\nr\u00e9partition de la dotation globalis\u00e9e commune pr\u00e9vue au contrat pluriannuel d'objectifs et de moyens de FONDATION OEUVRE\nCROIX SAINT SIMON - 750712341\n26\nEJREPUBLIQUEFRANCAISELibert\u00e9 \u00a9 DAgence R\u00e9gionale de Sant\u00e9\u00c9galit\u00e9 \u00cele-de-FranceFraternit\u00e9\n \nDECISION TARIFAIRE N\u00b0648 PORTANT FIXATION POUR 2025 DU MONTANT ET DE LA \nREPARTITION DE LA DOTATION GLOBALISEE COMMUNE PREVUE AU \nCONTRAT PLURIANNUEL D'OBJECTIFS ET DE MOYENS DE  \nFONDATION OEUVRE CROIX SAINT SIMON - 750712341 \n \nPOUR LES ETABLISSEMENTS ET SERVICES SUIV ANTS  \nService de Soins Infirmiers A Domicile (S.S.I.A.D) - SSIAD LA CROIX SAINT-SIMON - 750829699 \n \nCentre de Jour pour Personnes Ag\u00e9es - CAJ L ETIMOE - 750018749 \n \nCentre de Jour pour Personnes Ag\u00e9es - CAJ MARIE DE MIRIBEL - 750045783 \n \nCentre de Jour pour Personnes Ag\u00e9es - CAJ GENEVIEVE LAROQUE - 750047664 \n \n \nLe Directeur G\u00e9n\u00e9ral de l'ARS Ile-de-France \n \nVU le Code de l'Action Sociale et des Familles ; \n  \nVU le Code de la S\u00e9curit\u00e9 Sociale ; \n  \nVU la loi n\u00b0 2025-199 du 28 f\u00e9vrier 2025 de financement de la S\u00e9curit\u00e9 Sociale pour 2025 \npubli\u00e9e au Journal Officiel du 28/02/2025 ; \n  \nVU l'arr\u00eat\u00e9 minist\u00e9riel du 02/06/2025 publi\u00e9 au Journal Officiel du 06/06/2025 pris en \napplication de l'article L314-3 du Code de l'Action Sociale et des Familles fixant, pour \nl'ann\u00e9e 2025 l'objectif global de d\u00e9penses d'assurance maladie et le montant total de \nd\u00e9penses pour les \u00e9tablissements et services relevant de la Caisse nationale de solidarit\u00e9 \npour l'autonomie ; \n  \nVU la d\u00e9cision du 02/06/2025 publi\u00e9e au Journal Officiel du 06/06/2025 relative aux dotations \nr\u00e9gionales limitatives 2025 et \u00e0 la moyenne nationale des besoins en soins requis 2025 ; \n  \nVU \n \n \nVU \n \n \n \n \n \nVU \nle d\u00e9cret n\u00b0 2023 -323 relatif \u00e0 la tarification des soins infirmiers \u00e0 domicile pour les \npersonnes \u00e2g\u00e9es et personnes handicap\u00e9es publi\u00e9 au Journal Officiel du 28 avril 2023 ; \n \nl'arr\u00eat\u00e9 du 28 novembre 2025 fixant pour 2025 les montants forfaitaires mentionn\u00e9s aux II \net III de l'article R. 314 -138 du code de l'action sociale et des familles et le taux de \nrevalorisation des produits de la tarification reconductibles aff\u00e9rents aux soins applicables \naux services proposant des prestations de soins infirmiers \u00e0 domicile pour les personnes \n\u00e2g\u00e9es et les personnes en situation de handicap ; \n \nl'arr\u00eat\u00e9 du 2 8 mai 202 5 fixant pour 202 5 le taux de revalorisation des produits de la \ntarification reconductibles aff\u00e9rents aux soins applicables aux services proposant des \nprestations de soins infirmiers \u00e0 domicile pour les personnes \u00e2g\u00e9es et les personnes en \nsituation de handicap ; \n \n  \nVU le d\u00e9cret du 10 Avril 2024 portant nomination de Monsieur ROBIN Denis en qualit\u00e9 de \nDirecteur G\u00e9n\u00e9ral de l'agence r\u00e9gionale de sant\u00e9 Ile-de-France ; \n \nVU la d\u00e9l\u00e9gation de signature du Directeur G\u00e9n\u00e9ral de l'ARS vers le Directeur D\u00e9partemental \nAgence R\u00e9gionale de Sant\u00e9 - IDF-2025-06-19-00018 - d\u00e9cision tarifaire n\u00b0648 portant fixation pour 2025 du montant et de la\nr\u00e9partition de la dotation globalis\u00e9e commune pr\u00e9vue au contrat pluriannuel d'objectifs et de moyens de FONDATION OEUVRE\nCROIX SAINT SIMON - 750712341\n27\nde PARIS en date du 22/01/2025 ;  \n  \nVU le Contrat Pluriannuel d'Objectifs et de Moyens conclu le 10/11/2021 prenant effet au \n01/01/2022 ; \n \n \nDECIDE \n \n \nArticle 1er  au titre de 2025, la dotation globalis\u00e9e commune des \u00e9tablissements et services \nm\u00e9dico-sociaux financ\u00e9s par l'Assurance Maladie, g\u00e9r\u00e9s par l'entit\u00e9 d\u00e9nomm\u00e9e \nFONDATION OEUVRE CROIX SAINT SIMON (750712341), a \u00e9t\u00e9 fix\u00e9e \u00e0 \n3 263 563,61 \u20ac, dont 0,00 \u20ac de cr\u00e9dits non reconductibles vers\u00e9s en une seule fois. \n \n  \n \n \n- personnes \u00e2g\u00e9es : 3 263 563,62 \u20ac \n \n \n Dotations (en \u20ac) \nFINESS H\u00e9bergement \npermanent UHR PASA H\u00e9bergement \ntemporaire Accueil de jour Plateforme de \nr\u00e9pit SSIAD  \n750018749 \nCAJ L ETIMOE 0,00 0,00 0,00 0,00 361 496,16 0,00 0,00 \n750045783 \nCAJ MARIE DE \nMIRIBEL \n0,00 0,00 0,00 0,00 358 599,38 0,00 0,00 \n750047664 \nCAJ GENEVIEVE \nLAROQUE \n0,00 0,00 0,00 0,00 333 083,10 0,00 0,00 \n750829699 \nSSIAD LA CROIX \nSAINT-SIMON \n0,00 0,00 0,00 0,00 0,00 0,00 2 210 384,98 \n \n \nPour 2025, la fraction forfaitaire mensuelle, pour le secteur personnes \u00e2g\u00e9es, s'\u00e9tablit \u00e0 271 963,64 \u20ac. \n \n \n \n \n \n \n \n \n \n \n \n \n \n \n \n \nAgence R\u00e9gionale de Sant\u00e9 - IDF-2025-06-19-00018 - d\u00e9cision tarifaire n\u00b0648 portant fixation pour 2025 du montant et de la\nr\u00e9partition de la dotation globalis\u00e9e commune pr\u00e9vue au contrat pluriannuel d'objectifs et de moyens de FONDATION OEUVRE\nCROIX SAINT SIMON - 750712341\n28\nArticle 2 A compter du 1 er janvier 2026, en application de l'article L.314 -7 du CASF, la \ndotation globalis\u00e9e commune s'\u00e9l\u00e8ve, \u00e0 titre transitoire, \u00e0 3 224 564,29 \u20ac. Elle se \nr\u00e9partit de la mani\u00e8re suivante, les prix de journ\u00e9e de reconduction \u00e9tant \u00e9galement \nmentionn\u00e9s : \n \n \n-- personnes \u00e2g\u00e9es : 3 224 564,29 \u20ac \n \n Dotations (en \u20ac) \nFINESS H\u00e9bergement \npermanent UHR PASA H\u00e9bergement \ntemporaire Accueil de jour Plateforme de \nr\u00e9pit SSIAD \n750018749 \nCAJ L ETIMOE 0,00 0,00 0,00 0,00 361 496,16 0,00 0,00 \n750045783 \nCAJ MARIE DE MIRIBEL 0,00 0,00 0,00 0,00 358 599,38 0,00 0,00 \n750047664 \nCAJ GENEVIEVE \nLAROQUE \n0,00 0,00 0,00 0,00 333 083,10 0,00 0,00 \n750829699 \nSSIAD LA CROIX SAINT-\nSIMON \n0,00 0,00 0,00 0,00 0,00 0,00 2 171 385,65 \n \n \nPour 2026, la fraction forfaitaire mensuelle, pour le secteur personnes \u00e2g\u00e9es, s'\u00e9tablit \u00e0 268 713,69 \u20ac. \n \n \nArticle 3 Les recours contentieux dirig\u00e9s contre la pr\u00e9sente d\u00e9cision doivent \u00eatre port\u00e9s devant \nle Tribunal Administratif sis 1, Place du Palais Royal, 75100 PARIS dans un d\u00e9lai de \ndeux mois \u00e0 compter de sa publication ou, pour les personnes auxquelles elle sera \nnotifi\u00e9e, \u00e0 compter de sa notification. Le tribunal administratif peut \u00eatre saisi par \nl'application \u00ab T\u00e9l\u00e9recours citoyens \u00bb accessible par le site www.telerecours.fr. \n  \nArticle 4 La pr\u00e9sente d\u00e9cision sera publi\u00e9e au recueil des actes administratifs. \n  \nArticle 5         Le Directeur G\u00e9n\u00e9ral de l'ARS  Ile-de-France est charg\u00e9 de l'ex\u00e9cution de la pr\u00e9sente \nd\u00e9cision qui sera notifi\u00e9e \u00e0 l'entit\u00e9 gestionnaire (FONDATION OEUVRE CROIX \nSAINT SIMON 750712341) et aux structures concern\u00e9es. \n \n \nFait \u00e0 Saint-Denis,  \n \nle 20 juin 2025 \n \n  \nP/ L e Directeur de la D\u00e9l\u00e9gation \nD\u00e9partementale de Paris \nAgence R\u00e9gionale de Sant\u00e9 d'Ile-de-France \n \nLaure LE COAT \nResponsable du d\u00e9partement autonomie \n \n \n                                                                                                                               #signature# \n \nAgence R\u00e9gionale de Sant\u00e9 - IDF-2025-06-19-00018 - d\u00e9cision tarifaire n\u00b0648 portant fixation pour 2025 du montant et de la\nr\u00e9partition de la dotation globalis\u00e9e commune pr\u00e9vue au contrat pluriannuel d'objectifs et de moyens de FONDATION OEUVRE\nCROIX SAINT SIMON - 750712341\n29\nAgence R\u00e9gionale de Sant\u00e9\nIDF-2025-06-19-00019\nd\u00e9cision tarifaire n\u00b0653 portant fixation pour\n2025 du montant et de la r\u00e9partition de la\ndotation globalis\u00e9e commune pr\u00e9vue au contrat\npluriannuel d'objectifs et de moyens de\nMEDOTELS - 250015658 \nAgence R\u00e9gionale de Sant\u00e9 - IDF-2025-06-19-00019 - d\u00e9cision tarifaire n\u00b0653 portant fixation pour 2025 du montant et de la\nr\u00e9partition de la dotation globalis\u00e9e commune pr\u00e9vue au contrat pluriannuel d'objectifs et de moyens de MEDOTELS - 250015658 30\nEJREPUBLIQUEFRANCAISELibert\u00e9 \u00a9 DAgence R\u00e9gionale de Sant\u00e9\u00c9galit\u00e9 \u00cele-de-FranceFraternit\u00e9\n \nDECISION TARIFAIRE N\u00b0653 PORTANT FIXATION POUR 2025 DU MONTANT ET DE LA \nREPARTITION DE LA DOTATION GLOBALISEE COMMUNE PREVUE AU \nCONTRAT PLURIANNUEL D'OBJECTIFS ET DE MOYENS DE  \nMEDOTELS - 250015658 \n \nPOUR LES ETABLISSEMENTS ET SERVICES SUIV ANTS  \nEtablissement d'h\u00e9bergement pour personnes \u00e2g\u00e9es d\u00e9pendantes - EHPAD KORIAN CHAMP DE MARS - \n750809220 \n \nEtablissement d'h\u00e9bergement pour personnes \u00e2g\u00e9es d\u00e9pendantes - EHPAD KORIAN LES ARCARDES - \n750003360 \n \nEtablissement d'h\u00e9bergement pour personnes \u00e2g\u00e9es d\u00e9pendantes - EHPAD LES TERRASSES DU 20EME - \n750003642 \n \nEtablissement d'h\u00e9bergement pour personnes \u00e2g\u00e9es d\u00e9pendantes - EHPAD KORIAN JARDINS D ALESIA - \n750004020 \n \nEtablissement d'h\u00e9bergement pour personnes \u00e2g\u00e9es d\u00e9pendantes - EHPAD KORIAN MAGENTA - 750038564 \n \nEtablissement d'h\u00e9bergement pour personnes \u00e2g\u00e9es d\u00e9pendantes - EHPAD KORIAN BRUNE - 750041527 \n \nEtablissement d'h\u00e9bergement pour personnes \u00e2g\u00e9es d\u00e9pendantes - EHPAD KORIAN LES AMANDIERS - \n750828709 \n \nEtablissement d'h\u00e9bergement pour personnes \u00e2g\u00e9es d\u00e9pendantes - EHPAD KORIAN SAINT SIMON - \n750831216 \n \nEtablissement d'h\u00e9bergement pour personnes \u00e2g\u00e9es d\u00e9pendantes - EHPAD KORIAN MONCEAU - 750832586 \n \n \nLe Directeur G\u00e9n\u00e9ral de l'ARS Ile-de-France \n \nVU le Code de l'Action Sociale et des Familles ; \n  \nVU le Code de la S\u00e9curit\u00e9 Sociale ; \n  \nVU la loi n\u00b0 2025-199 du 28 f\u00e9vrier 2025 de financement de la S\u00e9curit\u00e9 Sociale pour 2025 \npubli\u00e9e au Journal Officiel du 28/02/2025 ; \n  \nVU l'arr\u00eat\u00e9 minist\u00e9riel du 02/06/2025 publi\u00e9 au Journal Officiel du 06/06/2025 pris en \napplication de l'article L314-3 du Code de l'Action Sociale et des Familles fixant, pour \nl'ann\u00e9e 2025 l'objectif global de d\u00e9penses d'assurance maladie et le montant total de \nd\u00e9penses pour les \u00e9tablissements et services relevant de la Caisse nationale de solidarit\u00e9 \npour l'autonomie ; \n  \nVU la d\u00e9cision du 02/06/2025 publi\u00e9e au Journal Officiel du 06/06/2025 relative aux dotations \nr\u00e9gionales limitatives 2025 et \u00e0 la moyenne nationale des besoins en soins requis 2025 ; \n  \nVU l'arr\u00eat\u00e9 du 28/05/2025 fixant pour 2025 les valeurs du point mentionn\u00e9es \u00e0 l'article R.314-\n162 du code de l'action sociale et des familles publi\u00e9 au Journal Officiel du 31/05/2025 ; \nAgence R\u00e9gionale de Sant\u00e9 - IDF-2025-06-19-00019 - d\u00e9cision tarifaire n\u00b0653 portant fixation pour 2025 du montant et de la\nr\u00e9partition de la dotation globalis\u00e9e commune pr\u00e9vue au contrat pluriannuel d'objectifs et de moyens de MEDOTELS - 250015658 31\n \nVU le d\u00e9cret du 10 Avril 2024 portant nomination de Monsieur ROBIN Denis en qualit\u00e9 de \nDirecteur G\u00e9n\u00e9ral de l'agence r\u00e9gionale de sant\u00e9 Ile-de-France ; \n \nVU la d\u00e9l\u00e9gation de signature du Directeur G\u00e9n\u00e9ral de l'ARS vers le Directeur D\u00e9partemental \nde PARIS en date du 16/04/2025 ;  \n  \nVU le Contrat Pluriannuel d'Objectifs et de Moyens conclu le 16/07/2019 prenant effet au \n01/06/2019 ; \n \n \nDECIDE \n \n \nArticle 1er A compter du 01/01/2025, au titre de 2025, la dotation globalis\u00e9e commune des \n\u00e9tablissements et services m\u00e9dico-sociaux financ\u00e9s par l'Assurance Maladie, g\u00e9r\u00e9s \npar l'entit\u00e9 d\u00e9nomm\u00e9e MEDOTELS (250015658), a \u00e9t\u00e9 fix\u00e9e \u00e0 16 722 479,27 \u20ac, dont \n-721 792.18 \u20ac de cr\u00e9dits non reconductibles  \n \n Elle se r\u00e9partit de la mani\u00e8re suivante : \n \n- personnes \u00e2g\u00e9es : 16 722 479,27 \u20ac \n \n Dotations (en \u20ac) \nFINESS H\u00e9bergement \npermanent UHR PASA H\u00e9bergement \ntemporaire Accueil de jour Plateforme \nde r\u00e9pit SSIAD  \n750003360 \nEHPAD KORIAN \nLES ARCARDES \n1 756 799,74 0,00 0,00 169 429,14 0,00 0,00 0,00 \n750003642 \nEHPAD LES \nTERRASSES DU \n20EME \n1 116 876,03 0,00 0,00 0,00 0,00 0,00 0,00 \n750004020 \nEHPAD KORIAN \nJARDINS D ALESIA \n1 987 404,75 0,00 0,00 0,00 0,00 0,00 0,00 \n750038564 \nEHPAD KORIAN \nMAGENTA \n1 899 818,83 0,00 0,00 0,00 0,00 0,00 0,00 \n750041527 \nEHPAD KORIAN \nBRUNE \n1 929 532,50 0,00 0,00 0,00 0,00 0,00 0,00 \n750809220 \nEHPAD KORIAN \nCHAMP DE MARS \n1 507 395,35 0,00 0,00 0,00 0,00 0,00 0,00 \n750828709 \nEHPAD KORIAN \nLES AMANDIERS \n2 138 004,82 0,00 0,00 0,00 0,00 0,00 0,00 \n750831216 \nEHPAD KORIAN \nSAINT SIMON \n2 019 425,81 0,00 0,00 154 885,59 0,00 0,00 0,00 \n750832586 \nEHPAD KORIAN \nMONCEAU \n1 830 528,95 0,00 0,00 212 377,76 0,00 0,00 0,00 \n \nPour 2025, la fraction forfaitaire mensuelle, pour le secteur personnes \u00e2g\u00e9es, s'\u00e9tablit \u00e0 \n1 393 539,94 \u20ac. \n \n \nAgence R\u00e9gionale de Sant\u00e9 - IDF-2025-06-19-00019 - d\u00e9cision tarifaire n\u00b0653 portant fixation pour 2025 du montant et de la\nr\u00e9partition de la dotation globalis\u00e9e commune pr\u00e9vue au contrat pluriannuel d'objectifs et de moyens de MEDOTELS - 250015658 32\nArticle 2 A compter du 1 er janvier 2026, en application de l'article L.314 -7 du CASF, la \ndotation globalis\u00e9e commune s'\u00e9l\u00e8ve, \u00e0 titre transitoire, \u00e0 17  444 271,44 \u20ac. Elle se \nr\u00e9partit de la mani\u00e8re suivante : \n \n-- personnes \u00e2g\u00e9es : 17 444 271,44 \u20ac \n \n Dotations (en \u20ac) \nFINESS H\u00e9bergement \npermanent UHR PASA H\u00e9bergement \ntemporaire \nAccueil de \njour \nPlateforme de \nr\u00e9pit SSIAD \n750003360 \nEHPAD KORIAN LES \nARCARDES \n1 756 799,74 0,00 0,00 169 429,14 0,00 0,00 0,00 \n750003642 \nEHPAD LES \nTERRASSES DU 20EME \n1 116 876,03 0,00 0,00 0,00 0,00 0,00 0,00 \n750004020 \nEHPAD KORIAN \nJARDINS D ALESIA \n1 987 404,75 0,00 0,00 0,00 0,00 0,00 0,00 \n750038564 \nEHPAD KORIAN \nMAGENTA \n1 899 818,83 0,00 0,00 0,00 0,00 0,00 0,00 \n750041527 \nEHPAD KORIAN \nBRUNE \n1 910 032,50 0,00 0,00 0,00 0,00 0,00 0,00 \n750809220 \nEHPAD KORIAN \nCHAMP DE MARS \n2 183 876,30 0,00 0,00 0,00 0,00 0,00 0,00 \n750828709 \nEHPAD KORIAN LES \nAMANDIERS \n2 156 512,53 0,00 0,00 0,00 0,00 0,00 0,00 \n750831216 \nEHPAD KORIAN SAINT \nSIMON \n1 967 425,81 0,00 0,00 154 885,59 0,00 0,00 0,00 \n750832586 \nEHPAD KORIAN \nMONCEAU \n1 928 832,46 0,00 0,00 212 377,76 0,00 0,00 0,00 \n \nPour 2026, la fraction forfaitaire mensuelle, pour le secteur personnes \u00e2g\u00e9es, s'\u00e9tablit \u00e0 \n1 453 689,29 \u20ac. \n \n  \nAgence R\u00e9gionale de Sant\u00e9 - IDF-2025-06-19-00019 - d\u00e9cision tarifaire n\u00b0653 portant fixation pour 2025 du montant et de la\nr\u00e9partition de la dotation globalis\u00e9e commune pr\u00e9vue au contrat pluriannuel d'objectifs et de moyens de MEDOTELS - 250015658 33\nArticle 3 Les recours contentieux dirig\u00e9s contre la pr\u00e9sente d\u00e9cision doivent \u00eatre port\u00e9s devant \nle Tribunal Administratif sis 1, Place du Palais Royal, 75100 PARIS dans un d\u00e9lai de \ndeux mois \u00e0 compter de sa publication ou, pour les personnes auxquelles elle sera \nnotifi\u00e9e, \u00e0 compter de sa notification. Le tribunal administratif peut \u00eatre saisi par \nl'application \u00ab T\u00e9l\u00e9recours citoyens \u00bb accessible par le site www.telerecours.fr. \n  \nArticle 4 La pr\u00e9sente d\u00e9cision sera publi\u00e9e au recueil des actes administratifs. \n  \nArticle 5        Le Directeur G\u00e9n\u00e9ral de l'ARS  Ile-de-France est charg\u00e9 de l'ex\u00e9cution de la pr\u00e9sente \nd\u00e9cision qui sera notifi\u00e9e \u00e0 l'entit\u00e9 gestionnaire (MEDOTELS 250015658) et aux \nstructures concern\u00e9es. \n \n \nFait \u00e0 Saint-Denis,  \n \nle 19 juin 2025 \n \n  \nP/ L e Directeur de la D\u00e9l\u00e9gation \nD\u00e9partementale de Paris \nAgence R\u00e9gionale de Sant\u00e9 d'Ile-de-France \n \nLaure LE COAT \nResponsable du d\u00e9partement autonomie \n \n \n                                                                                                                               #signature# \n \nAgence R\u00e9gionale de Sant\u00e9 - IDF-2025-06-19-00019 - d\u00e9cision tarifaire n\u00b0653 portant fixation pour 2025 du montant et de la\nr\u00e9partition de la dotation globalis\u00e9e commune pr\u00e9vue au contrat pluriannuel d'objectifs et de moyens de MEDOTELS - 250015658 34\nAgence R\u00e9gionale de Sant\u00e9\nIDF-2025-06-19-00004\nd\u00e9cision tarifaire n\u00b0654 portant fixation du\nforfait global de soins pour 2025 de EHPAD COS\nHOSPITALITE FAMILIALE - 750803603\nAgence R\u00e9gionale de Sant\u00e9 - IDF-2025-06-19-00004 - d\u00e9cision tarifaire n\u00b0654 portant fixation du forfait global de soins pour 2025 de\nEHPAD COS HOSPITALITE FAMILIALE - 750803603 35\nEXREPUBLIQUEFRANCAISELibert\u00e9 0 D Agence R\u00e9gionale de Sant\u00e9\u00c9galit\u00e9 \u00cele-de-FranceFraternit\u00e9\n  \n \nDECISION TARIFAIRE N\u00b0654 PORTANT FIXATION DU FORFAIT GLOBAL DE SOINS POUR \n2025 DE \nEHPAD COS HOSPITALITE FAMILIALE - 750803603 \n \nLe Directeur G\u00e9n\u00e9ral de l'ARS Ile-de-France \n \nVU le Code de l'Action Sociale et des Familles \n  \nVU le Code de la S\u00e9curit\u00e9 Sociale ; \n  \nVU la loi n\u00b02025 -199 du 28 f\u00e9vrier 2025 de financement de la S\u00e9curit\u00e9 Sociale pour 2025 \npubli\u00e9e au Journal Officiel du 28/02/2025 ; \n  \nVU l'arr\u00eat\u00e9 minist\u00e9riel du 02/06/2025 publi\u00e9 au Journal Officiel du 06/06/2025 pris en \napplication de l'article L314 -3 du Code de l'Action Sociale et des Familles fixant, pour \nl'ann\u00e9e 2025 l'objectif global de d\u00e9penses d'assurance maladie et le montant total de \nd\u00e9penses pour les \u00e9tablissements et services relevant de la Caisse nationale de solidarit\u00e9 \npour l'autonomie ; \n  \nVU la d\u00e9cision du 02/06/2025 publi\u00e9e au Journal Officiel du 06/06/2025 relative aux dotations \nr\u00e9gionales limitatives 2025 et \u00e0 la moyenne nationale des besoins en soins requis 2025 ; \n  \nVU l'arr\u00eat\u00e9 du 28/05/2025 fixant pour 2025 les valeurs du point mentionn\u00e9es \u00e0 l'article R.314-\n162 du code de l'action sociale et des familles publi\u00e9 au Journal Officiel du 31/05/2025 ; \n  \nVU le d\u00e9cret du 10 Avril 2024 portant nomination de Monsieur, ROBIN, Denis en qualit\u00e9 de \nDirecteur G\u00e9n\u00e9ral de l'agence r\u00e9gionale de sant\u00e9 Ile-de-France ; \n  \nVU la d\u00e9cision de d\u00e9l\u00e9gation de signature du Directeur G\u00e9n\u00e9ral de l'ARS vers le Directeur \nD\u00e9partemental de PARIS en date du 16/04/2025 ; \n \nVU l'autorisation ou le renouvellement d'autorisation en date du 07/08/2007 de la structure \nEtablissement d'h\u00e9bergement pour personnes \u00e2g\u00e9es d\u00e9pendantes d\u00e9nomm\u00e9e EHPAD COS \nHOSPITALITE FAMILIALE (750803603) sise 122 BD DE CHARONNE 75020 Paris \n20e Arrondissement et g\u00e9r\u00e9e par l'entit\u00e9 d\u00e9nomm\u00e9e FONDATION COS ALEXANDRE \nGLASBERG (750721235) ; \n  \n \n \nDECIDE \n \n  \nAgence R\u00e9gionale de Sant\u00e9 - IDF-2025-06-19-00004 - d\u00e9cision tarifaire n\u00b0654 portant fixation du forfait global de soins pour 2025 de\nEHPAD COS HOSPITALITE FAMILIALE - 750803603 36\nArticle 1er A compter du 01/01/2025, le forfait global de soins est fix\u00e9 \u00e0 3  032 767,87 \u20ac au titre \nde 2025, dont 0,00 \u20ac au titre des cr\u00e9dits non reconductible  \n \n \nPour 2025, les tarifs sont d\u00e9compos\u00e9s comme suit : \n \n Forfait global de soins \nH\u00e9bergement Permanent 2 639 695,64 \nUHR 322 709,26 \nPASA 70 362,97 \nH\u00e9bergement Temporaire 0,00 \nAccueil de jour 0,00 \nPlateforme de r\u00e9pit 0,00 \n \nLa fraction forfaitaire mensuelle s'\u00e9tablit \u00e0 252 730,66 \u20ac. \n \n \n \nArticle 2 A compter du 1er janvier 2026, en application de l'article L.314-7 du CASF, le forfait \nglobal de soins est fix\u00e9, \u00e0 titre transitoire, \u00e0 3 032 767,87 \u20ac. \n  \n Les tarifs de reconduction sont fix\u00e9s \u00e0 : \n \n Forfait global de soins \nH\u00e9bergement Permanent 2 639 695,64 \nUHR 322 709,26 \nPASA 70 362,97 \nH\u00e9bergement Temporaire 0,00 \nAccueil de jour 0,00 \nPlateforme de r\u00e9pit 0,00 \n \nLa fraction forfaitaire mensuelle s'\u00e9tablit \u00e0 252 730,66 \u20ac. \nAgence R\u00e9gionale de Sant\u00e9 - IDF-2025-06-19-00004 - d\u00e9cision tarifaire n\u00b0654 portant fixation du forfait global de soins pour 2025 de\nEHPAD COS HOSPITALITE FAMILIALE - 750803603 37\nArticle 3 Les recours contentieux dirig\u00e9s contre la pr\u00e9sente d\u00e9cision doivent \u00eatre port\u00e9s devant \nle Tribunal Administratif sis 1 Place du Palais Royal 75100 PARIS dans un d\u00e9lai de \ndeux mois \u00e0 compter de sa publication ou, pour les personnes auxquelles elle sera \nnotifi\u00e9e, \u00e0 compter de sa notification. Le tribunal administratif peut \u00eatre saisi par \nl'application \u00ab T\u00e9l\u00e9recours citoyens \u00bb accessible par le site www.telerecours.fr. \n  \nArticle 4 La pr\u00e9sente d\u00e9cision sera publi\u00e9e au recueil des actes administratifs. \n  \nArticle 5         Le Directeur G\u00e9n\u00e9ral de l'ARS Ile -de-France est charg\u00e9 de l'ex\u00e9cution de la pr\u00e9sente \nd\u00e9cision qui sera notifi\u00e9e \u00e0 l'entit\u00e9 gestionnaire FONDATION COS ALEXANDRE \nGLASBERG (750721235) et \u00e0 l'\u00e9tablissement concern\u00e9. \n \n \n \nFait \u00e0 Saint-Denis,  \n \nle 19 juin 2025 \n \n  \nP/ L e Directeur de la D\u00e9l\u00e9gation \nD\u00e9partementale de Paris \nAgence R\u00e9gionale de Sant\u00e9 d'Ile-de-France \n \nLaure LE COAT \nResponsable du d\u00e9partement autonomie \n \n                \n \n \n \n         #signature# \n \n \nAgence R\u00e9gionale de Sant\u00e9 - IDF-2025-06-19-00004 - d\u00e9cision tarifaire n\u00b0654 portant fixation du forfait global de soins pour 2025 de\nEHPAD COS HOSPITALITE FAMILIALE - 750803603 38\nAgence R\u00e9gionale de Sant\u00e9\nIDF-2025-06-19-00013\nd\u00e9cision tarifaire n\u00b0655 portant fixation pour\n2025 du montant et de la r\u00e9partition de la\ndotation globalis\u00e9e commune pr\u00e9vue au contrat\npluriannuel d'objectifs et de moyens de\nASSOCIATION MARIE-TH\u00c9R\u00c8SE - 750803017\nAgence R\u00e9gionale de Sant\u00e9 - IDF-2025-06-19-00013 - d\u00e9cision tarifaire n\u00b0655 portant fixation pour 2025 du montant et de la\nr\u00e9partition de la dotation globalis\u00e9e commune pr\u00e9vue au contrat pluriannuel d'objectifs et de moyens de ASSOCIATION\nMARIE-TH\u00c9R\u00c8SE - 750803017\n39\nEXREPUBLIQUEFRANCAISELibert\u00e9 \u00a9 DAgence R\u00e9gionale de Sant\u00e9\u00c9galit\u00e9 \u00cele-de-FranceFraternit\u00e9\n \nDECISION TARIFAIRE N\u00b0655 PORTANT FIXATION POUR 2025 DU MONTANT ET DE LA \nREPARTITION DE LA DOTATION GLOBALISEE COMMUNE PREVUE AU \nCONTRAT PLURIANNUEL D'OBJECTIFS ET DE MOYENS DE  \nASSOCIATION MARIE-TH\u00c9R\u00c8SE - 750803017 \n \nPOUR LES ETABLISSEMENTS ET SERVICES SUIV ANTS  \nEtablissement d'h\u00e9bergement pour personnes \u00e2g\u00e9es d\u00e9pendantes - EHPAD MARIE THERESE - 750803009 \n \n \nLe Directeur G\u00e9n\u00e9ral de l'ARS Ile-de-France \n \nVU le Code de l'Action Sociale et des Familles ; \n  \nVU le Code de la S\u00e9curit\u00e9 Sociale ; \n  \nVU la loi n\u00b0 2025-199 du 28 f\u00e9vrier 2025 de financement de la S\u00e9curit\u00e9 Sociale pour 2025 \npubli\u00e9e au Journal Officiel du 28/02/2025 ; \n  \nVU l'arr\u00eat\u00e9 minist\u00e9riel du 02/06/2025 publi\u00e9 au Journal Officiel du 06/06/2025 pris en \napplication de l'article L314-3 du Code de l'Action Sociale et des Familles fixant, pour \nl'ann\u00e9e 2025 l'objectif global de d\u00e9penses d'assurance maladie et le montant total de \nd\u00e9penses pour les \u00e9tablissements et services relevant de la Caisse nationale de solidarit\u00e9 \npour l'autonomie ; \n  \nVU la d\u00e9cision du 02/06/2025 publi\u00e9e au Journal Officiel du 06/06/2025 relative aux dotations \nr\u00e9gionales limitatives 2025 et \u00e0 la moyenne nationale des besoins en soins requis 2025 ; \n  \nVU l'arr\u00eat\u00e9 du 28/05/2025 fixant pour 2025 les valeurs du point mentionn\u00e9es \u00e0 l'article R.314-\n162 du code de l'action sociale et des familles publi\u00e9 au Journal Officiel du 31/05/2025 ; \n \n  \nVU le d\u00e9cret du 10 Avril 2024 portant nomination de Monsieur ROBIN Denis en qualit\u00e9 de \nDirecteur G\u00e9n\u00e9ral de l'agence r\u00e9gionale de sant\u00e9 Ile-de-France ; \n \nVU la d\u00e9l\u00e9gation de signature du Directeur G\u00e9n\u00e9ral de l'ARS vers le Directeur D\u00e9partemental \nde PARIS en date du 16/04/2025 ;  \n  \nVU le Contrat Pluriannuel d'Objectifs et de Moyens conclu le 23/07/2020 prenant effet au \n01/01/2020 ; \n \n \nDECIDE \n \n \n \n \n \n \n \nAgence R\u00e9gionale de Sant\u00e9 - IDF-2025-06-19-00013 - d\u00e9cision tarifaire n\u00b0655 portant fixation pour 2025 du montant et de la\nr\u00e9partition de la dotation globalis\u00e9e commune pr\u00e9vue au contrat pluriannuel d'objectifs et de moyens de ASSOCIATION\nMARIE-TH\u00c9R\u00c8SE - 750803017\n40\nArticle 1er A compter du 01/01/2025, au titre de 2025, la dotation globalis\u00e9e commune des \n\u00e9tablissements et services m\u00e9dico -sociaux financ\u00e9s par l'Assurance Maladie, g\u00e9r\u00e9s \npar l'entit\u00e9 d\u00e9nomm\u00e9e ASSOCIATION MARIE-TH\u00c9R\u00c8SE (750803017), a \u00e9t\u00e9 fix\u00e9e \n\u00e0 1 982 624,42 \u20ac, dont 117 000,00 \u20ac de cr\u00e9dits non reconductibles. \n \n Elle se r\u00e9partit de la mani\u00e8re suivante :  \n \n \n- personnes \u00e2g\u00e9es : 1 982 624,42 \u20ac \n \n \n Dotations (en \u20ac) \nFINESS H\u00e9bergement \npermanent UHR PASA H\u00e9bergement \ntemporaire Accueil de jour Plateforme de \nr\u00e9pit SSIAD  \n750803009 \nEHPAD MARIE \nTHERESE \n1 913 732,09 0,00 68 892,33 0,00 0,00 0,00 0,00 \n \n \nPour 2025, la fraction forfaitaire mensuelle, pour le secteur personnes \u00e2g\u00e9es, s'\u00e9tablit \u00e0 165 218,70 \u20ac. \n \n \n \n \n \n \n \n \n \n \n \n \n \n \n \n \n \n \n \n \n \n \n \n \n \n \n \n \n \n \n \n \n \nAgence R\u00e9gionale de Sant\u00e9 - IDF-2025-06-19-00013 - d\u00e9cision tarifaire n\u00b0655 portant fixation pour 2025 du montant et de la\nr\u00e9partition de la dotation globalis\u00e9e commune pr\u00e9vue au contrat pluriannuel d'objectifs et de moyens de ASSOCIATION\nMARIE-TH\u00c9R\u00c8SE - 750803017\n41\nArticle 2 A compter du 1 er janvier 2026, en application de l'article L.314 -7 du CASF, la \ndotation globalis\u00e9e commune s'\u00e9l\u00e8ve, \u00e0 titre transitoire, \u00e0 1  865 624,42 \u20ac. Elle se \nr\u00e9partit de la mani\u00e8re suivante : \n \n \n-- personnes \u00e2g\u00e9es : 1 865 624,42 \u20ac \n \n Dotations (en \u20ac) \nFINESS H\u00e9bergement \npermanent UHR PASA H\u00e9bergement \ntemporaire Accueil de jour Plateforme de \nr\u00e9pit SSIAD \n750803009 \nEHPAD MARIE THERESE 1 796 732,09 0,00 68 892,33 0,00 0,00 0,00 0,00 \n \n \nPour 2026, la fraction forfaitaire mensuelle, pour le secteur personnes \u00e2g\u00e9es, s'\u00e9tablit \u00e0 155 468,70 \u20ac. \n \n \n \n \n \n \n \n \n \n \n \n \n \n \n \n \n \n \n \n \n \n \n \n \n \n \n \n \n \n \n \n \n \n \n \n \nAgence R\u00e9gionale de Sant\u00e9 - IDF-2025-06-19-00013 - d\u00e9cision tarifaire n\u00b0655 portant fixation pour 2025 du montant et de la\nr\u00e9partition de la dotation globalis\u00e9e commune pr\u00e9vue au contrat pluriannuel d'objectifs et de moyens de ASSOCIATION\nMARIE-TH\u00c9R\u00c8SE - 750803017\n42\nArticle 3 Les recours contentieux dirig\u00e9s contre la pr\u00e9sente d\u00e9cision doivent \u00eatre port\u00e9s devant \nle Tribunal Administratif sis 1, Place du Palais Royal, 75100 PARIS dans un d\u00e9lai de \ndeux mois \u00e0 compter de sa publication ou, pour les personnes auxquelles elle sera \nnotifi\u00e9e, \u00e0 compter de sa notification. Le tribunal administratif peut \u00eatre saisi par \nl'application \u00ab T\u00e9l\u00e9recours citoyens \u00bb accessible par le site www.telerecours.fr. \n  \nArticle 4 La pr\u00e9sente d\u00e9cision sera publi\u00e9e au recueil des actes administratifs. \n  \nArticle 5         Le Directeur G\u00e9n\u00e9ral de l'ARS  Ile-de-France est charg\u00e9 de l'ex\u00e9cution de la pr\u00e9sente \nd\u00e9cision qui sera notifi\u00e9e \u00e0 l'entit\u00e9 gestionnaire (ASSOCIATION MARIE-TH\u00c9R\u00c8SE \n750803017) et aux structures concern\u00e9es. \n \n \n \n \nFait \u00e0 Saint-Denis,  \n \nLe 19 juin 2025 \n \n  \nP/ L e Directeur de la D\u00e9l\u00e9gation \nD\u00e9partementale de Paris \nAgence R\u00e9gionale de Sant\u00e9 d'Ile-de-France \n \nLaure LE COAT \nResponsable du d\u00e9partement autonomie \n \n \n \n                                                                                                                               #signature# \n \nAgence R\u00e9gionale de Sant\u00e9 - IDF-2025-06-19-00013 - d\u00e9cision tarifaire n\u00b0655 portant fixation pour 2025 du montant et de la\nr\u00e9partition de la dotation globalis\u00e9e commune pr\u00e9vue au contrat pluriannuel d'objectifs et de moyens de ASSOCIATION\nMARIE-TH\u00c9R\u00c8SE - 750803017\n43\nAgence R\u00e9gionale de Sant\u00e9\nIDF-2025-06-19-00007\nd\u00e9cision tarifaire n\u00b0659 portant fixation pour\n2025 du montant et de la r\u00e9partition de la\ndotation globalis\u00e9e commune pr\u00e9vue au contrat\npluriannuel d'objectifs et de moyens de MAISON\nDE RETRAITE SOEURS AUGUSTINES - 750803629\npour les \u00e9tablissements et services suivants :\n\u00c9tablissement d'h\u00e9bergement pour personnes\n\u00e2g\u00e9es d\u00e9pendantes - EHPAD DES SOEURS\nAUGUSTINES -750800559\nAgence R\u00e9gionale de Sant\u00e9 - IDF-2025-06-19-00007 - d\u00e9cision tarifaire n\u00b0659 portant fixation pour 2025 du montant et de la\nr\u00e9partition de la dotation globalis\u00e9e commune pr\u00e9vue au contrat pluriannuel d'objectifs et de moyens de MAISON DE RETRAITE\nSOEURS AUGUSTINES - 750803629 pour les \u00e9tablissements et services suivants : \u00c9tablissement d'h\u00e9bergement pour personnes \u00e2g\u00e9es\nd\u00e9pendantes - EHPAD DES SOEURS AUGUSTINES -750800559\n44\nEXREPUBLIQUEFRANCAISELibert\u00e9 \u00a9 DAgence R\u00e9gionale de Sant\u00e9\u00c9galit\u00e9 \u00cele-de-FranceFraternit\u00e9\n \nDECISION TARIFAIRE N\u00b0659 PORTANT FIXATION POUR 2025 DU MONTANT ET DE LA \nREPARTITION DE LA DOTATION GLOBALISEE COMMUNE PREVUE AU \nCONTRAT PLURIANNUEL D'OBJECTIFS ET DE MOYENS DE  \nMAISON DE RETRAITE SOEURS AUGUSTINES - 750803629 \n \nPOUR LES ETABLISSEMENTS ET SERVICES SUIV ANTS  \nEtablissement d'h\u00e9bergement pour personnes \u00e2g\u00e9es d\u00e9pendantes - EHPAD DES SOEURS AUGUSTINES - \n750800559 \n \n \nLe Directeur G\u00e9n\u00e9ral de l'ARS Ile-de-France \n \nVU le Code de l'Action Sociale et des Familles ; \n  \nVU le Code de la S\u00e9curit\u00e9 Sociale ; \n  \nVU la loi n\u00b0 2025-199 du 28 f\u00e9vrier 2025 de financement de la S\u00e9curit\u00e9 Sociale pour 2025 \npubli\u00e9e au Journal Officiel du 28/02/2025 ; \n  \nVU l'arr\u00eat\u00e9 minist\u00e9riel du 02/06/2025 publi\u00e9 au Journal Officiel du 06/06/2025 pris en \napplication de l'article L314-3 du Code de l'Action Sociale et des Familles fixant, pour \nl'ann\u00e9e 2025 l'objectif global de d\u00e9penses d'assurance maladie et le montant total de \nd\u00e9penses pour les \u00e9tablissements et services relevant de la Caisse nationale de solidarit\u00e9 \npour l'autonomie ; \n  \nVU la d\u00e9cision du 02/06/2025 publi\u00e9e au Journal Officiel du 06/06/2025 relative aux dotations \nr\u00e9gionales limitatives 2025 et \u00e0 la moyenne nationale des besoins en soins requis 2025 ; \n  \nVU l'arr\u00eat\u00e9 du 28/05/2025 fixant pour 2025 les valeurs du point mentionn\u00e9es \u00e0 l'article R.314-\n162 du code de l'action sociale et des familles publi\u00e9 au Journal Officiel du 31/05/2025 ; \n \n  \nVU le d\u00e9cret du 10 Avril 2024 portant nomination de Monsieur ROBIN Denis en qualit\u00e9 de \nDirecteur G\u00e9n\u00e9ral de l'agence r\u00e9gionale de sant\u00e9 Ile-de-France ; \n \nVU la d\u00e9l\u00e9gation de signature du Directeur G\u00e9n\u00e9ral de l'ARS vers le Directeur D\u00e9partemental \nde PARIS en date du 16/04/2025 ;  \n  \nVU le Contrat Pluriannuel d'Objectifs et de Moyens conclu le 10/05/2019 prenant effet au \n01/01/2019 ; \n \n \nDECIDE \n \n \n \n \n \n \nAgence R\u00e9gionale de Sant\u00e9 - IDF-2025-06-19-00007 - d\u00e9cision tarifaire n\u00b0659 portant fixation pour 2025 du montant et de la\nr\u00e9partition de la dotation globalis\u00e9e commune pr\u00e9vue au contrat pluriannuel d'objectifs et de moyens de MAISON DE RETRAITE\nSOEURS AUGUSTINES - 750803629 pour les \u00e9tablissements et services suivants : \u00c9tablissement d'h\u00e9bergement pour personnes \u00e2g\u00e9es\nd\u00e9pendantes - EHPAD DES SOEURS AUGUSTINES -750800559\n45\nArticle 1er A compter du 01/01/2025, au titre de 2025, la dotation globalis\u00e9e commune des \n\u00e9tablissements et services m\u00e9dico -sociaux financ\u00e9s par l'Assurance Maladie, g\u00e9r\u00e9s \npar l'entit\u00e9 d\u00e9nomm\u00e9e MAISON DE RETRAITE SOEURS AUGUSTINES \n(750803629), a \u00e9t\u00e9 fix\u00e9e \u00e0 2 048 852,54 \u20ac, dont 0,00 \u20ac de cr\u00e9dits non reconductibles. \n \n Elle se r\u00e9partit de la mani\u00e8re suivante : \n \n \n- personnes \u00e2g\u00e9es : 2 048 852,54 \u20ac \n \n \n Dotations (en \u20ac) \nFINESS H\u00e9bergement \npermanent UHR PASA H\u00e9bergement \ntemporaire Accueil de jour Plateforme de \nr\u00e9pit SSIAD  \n750800559 \nEHPAD DES SOEURS \nAUGUSTINES \n1 979 960,21 0,00 68 892,33 0,00 0,00 0,00 0,00 \n \n \nPour 2025, la fraction forfaitaire mensuelle, pour le secteur personnes \u00e2g\u00e9es, s'\u00e9tablit \u00e0 170 737,71 \u20ac. \n \n \n \n \n \n \n \n \n \n \n \n \n \n \n \n \n \n \n \n \n \n \n \n \n \n \n \n \n \n \n \n \n \nAgence R\u00e9gionale de Sant\u00e9 - IDF-2025-06-19-00007 - d\u00e9cision tarifaire n\u00b0659 portant fixation pour 2025 du montant et de la\nr\u00e9partition de la dotation globalis\u00e9e commune pr\u00e9vue au contrat pluriannuel d'objectifs et de moyens de MAISON DE RETRAITE\nSOEURS AUGUSTINES - 750803629 pour les \u00e9tablissements et services suivants : \u00c9tablissement d'h\u00e9bergement pour personnes \u00e2g\u00e9es\nd\u00e9pendantes - EHPAD DES SOEURS AUGUSTINES -750800559\n46\nArticle 2 A compter du 1 er janvier 2026, en application de l'article L.314 -7 du CASF, la \ndotation globalis\u00e9e commune s'\u00e9l\u00e8ve, \u00e0 titre transitoire, \u00e0 2  048 852,54 \u20ac. Elle se \nr\u00e9partit de la mani\u00e8re suivante : \n \n \n-- personnes \u00e2g\u00e9es : 2 048 852,54 \u20ac \n \n Dotations (en \u20ac) \nFINESS H\u00e9bergement \npermanent UHR PASA H\u00e9bergement \ntemporaire Accueil de jour Plateforme de \nr\u00e9pit SSIAD \n750800559 \nEHPAD DES SOEURS \nAUGUSTINES \n1 979 960,21 0,00 68 892,33 0,00 0,00 0,00 0,00 \n \n \nPour 2026, la fraction forfaitaire mensuelle, pour le secteur personnes \u00e2g\u00e9es, s'\u00e9tablit \u00e0 170 737,71 \u20ac. \n \n \n \n \n \n \n \n \n \n \n \n \n \n \n \n \n \n \n \n \n \n \n \n \n \n \n \n \n \n \n \n \n \n \n \n \nAgence R\u00e9gionale de Sant\u00e9 - IDF-2025-06-19-00007 - d\u00e9cision tarifaire n\u00b0659 portant fixation pour 2025 du montant et de la\nr\u00e9partition de la dotation globalis\u00e9e commune pr\u00e9vue au contrat pluriannuel d'objectifs et de moyens de MAISON DE RETRAITE\nSOEURS AUGUSTINES - 750803629 pour les \u00e9tablissements et services suivants : \u00c9tablissement d'h\u00e9bergement pour personnes \u00e2g\u00e9es\nd\u00e9pendantes - EHPAD DES SOEURS AUGUSTINES -750800559\n47\nArticle 3 Les recours contentieux dirig\u00e9s contre la pr\u00e9sente d\u00e9cision doivent \u00eatre port\u00e9s devant \nle Tribunal Administratif sis 1, Place du Palais Royal, 75100 PARIS dans un d\u00e9lai de \ndeux mois \u00e0 compter de sa publication ou, pour les personnes auxquelles elle sera \nnotifi\u00e9e, \u00e0 compter de sa notification. Le tribunal administratif peut \u00eatre saisi par \nl'application \u00ab T\u00e9l\u00e9recours citoyens \u00bb accessible par le site www.telerecours.fr. \n  \nArticle 4 La pr\u00e9sente d\u00e9cision sera publi\u00e9e au recueil des actes administratifs. \n  \nArticle 5         Le Directeur G\u00e9n\u00e9ral de l'ARS  Ile-de-France est charg\u00e9 de l'ex\u00e9cution de la pr\u00e9sente \nd\u00e9cision qui sera notifi\u00e9e \u00e0 l'entit\u00e9 gestionnaire (MAISON DE RETRAITE SOEURS \nAUGUSTINES 750803629) et aux structures concern\u00e9es. \n \n \n \n \nFait \u00e0 Saint-Denis,  \n \nLe 19 juin 2025 \n \n  \nP/ L e Directeur de la D\u00e9l\u00e9gation \nD\u00e9partementale de Paris \nAgence R\u00e9gionale de Sant\u00e9 d'Ile-de-France \n \nLaure LE COAT \nResponsable du d\u00e9partement autonomie \n \n                                                                                                                               #signature# \n \nAgence R\u00e9gionale de Sant\u00e9 - IDF-2025-06-19-00007 - d\u00e9cision tarifaire n\u00b0659 portant fixation pour 2025 du montant et de la\nr\u00e9partition de la dotation globalis\u00e9e commune pr\u00e9vue au contrat pluriannuel d'objectifs et de moyens de MAISON DE RETRAITE\nSOEURS AUGUSTINES - 750803629 pour les \u00e9tablissements et services suivants : \u00c9tablissement d'h\u00e9bergement pour personnes \u00e2g\u00e9es\nd\u00e9pendantes - EHPAD DES SOEURS AUGUSTINES -750800559\n48\nAgence R\u00e9gionale de Sant\u00e9\nIDF-2025-06-17-00004\nd\u00e9cision tarifaire n\u00b0660 portant fixation du\nforfait global de soins pour 2025 de EHPAD\nMAISON DE RETRAITE ET GERIATRIE - 750800534\nAgence R\u00e9gionale de Sant\u00e9 - IDF-2025-06-17-00004 - d\u00e9cision tarifaire n\u00b0660 portant fixation du forfait global de soins pour 2025 de\nEHPAD MAISON DE RETRAITE ET GERIATRIE - 750800534 49\nEXREPUBLIQUEFRANCAISELibert\u00e9 0 D Agence R\u00e9gionale de Sant\u00e9\u00c9galit\u00e9 \u00cele-de-FranceFraternit\u00e9\n  \n \nDECISION TARIFAIRE N\u00b0660 PORTANT FIXATION DU FORFAIT GLOBAL DE SOINS POUR \n2025 DE \nEHPAD MAISON DE RETRAITE ET GERIATRIE - 750800534 \n \nLe Directeur G\u00e9n\u00e9ral de l'ARS Ile-de-France \n \nVU le Code de l'Action Sociale et des Familles \n  \nVU le Code de la S\u00e9curit\u00e9 Sociale ; \n  \nVU la loi n\u00b02025 -199 du 28 f\u00e9vrier 2025 de financement de la S\u00e9curit\u00e9 Sociale pour 2025 \npubli\u00e9e au Journal Officiel du 28/02/2025 ; \n  \nVU l'arr\u00eat\u00e9 minist\u00e9riel du 02/06/2025 publi\u00e9 au Journal Officiel du 06/06/2025 pris en \napplication de l'article L314 -3 du Code de l'Action Sociale et des Familles fixant, pour \nl'ann\u00e9e 2025 l'objectif global de d\u00e9penses d'assurance maladie et le montant total de \nd\u00e9penses pour les \u00e9tablissements et services relevant de la Caisse nationale de solidarit\u00e9 \npour l'autonomie ; \n  \nVU la d\u00e9cision du 02/06/2025 publi\u00e9e au Journal Officiel du 06/06/2025 relative aux dotations \nr\u00e9gionales limitatives 2025 et \u00e0 la moyenne nationale des besoins en soins requis 2025 ; \n  \nVU l'arr\u00eat\u00e9 du 28/05/2025 fixant pour 2025 les valeurs du point mentionn\u00e9es \u00e0 l'article R.314-\n162 du code de l'action sociale et des familles publi\u00e9 au Journal Officiel du 31/05/2025 ; \n  \nVU le d\u00e9cret du 10 Avril 2024 portant nomination de Monsieur, ROBIN, Denis en qualit\u00e9 de \nDirecteur G\u00e9n\u00e9ral de l'agence r\u00e9gionale de sant\u00e9 Ile-de-France ; \n  \nVU la d\u00e9cision de d\u00e9l\u00e9gation de signature du Directeur G\u00e9n\u00e9ral de l'ARS vers le Directeur \nD\u00e9partemental de PARIS en date du 16/04/2025 ; \n \nVU l'autorisation ou le renouvellement d'autorisation en date du 29/12/2003 de la structure \nEtablissement d'h\u00e9bergement pour personnes \u00e2g\u00e9es d\u00e9pendantes d\u00e9nomm\u00e9e EHPAD \nMAISON DE RETRAITE ET GERIATRIE (750800534) sise 80 R DE PICPUS 75012 \nParis 12e Arrondissement et g\u00e9r\u00e9e par l'entit\u00e9 d\u00e9nomm\u00e9e FONDATION DE \nROTHSCHILD (750710428) ; \n  \n \n \nDECIDE \n \nArticle 1er A compter du 01/01/2025, le forfait global de soins est fix\u00e9 \u00e0 13 056 401,45 \u20ac au titre \nde 2025, dont -24 689 \u20ac au titre des cr\u00e9dits non reconductible. \n \n \nLa fraction forfaitaire mensuelle s'\u00e9tablit \u00e0 1 088 033,45 \u20ac. \n \nAgence R\u00e9gionale de Sant\u00e9 - IDF-2025-06-17-00004 - d\u00e9cision tarifaire n\u00b0660 portant fixation du forfait global de soins pour 2025 de\nEHPAD MAISON DE RETRAITE ET GERIATRIE - 750800534 50\n \nPour 2025, les tarifs sont d\u00e9compos\u00e9s comme suit : \n \n Forfait global de soins Prix de journ\u00e9e (en \u20ac) \nH\u00e9bergement \nPermanent \n12 983 946,26 0,00 \nUHR \n0,00  \nPASA \n72 455,19  \nH\u00e9bergement \nTemporaire \n0,00 0,00 \nAccueil de jour \n0,00 0,00 \nPlateforme de r\u00e9pit \n0,00  \n \n \nArticle 2 A compter du 1er janvier 2026 , en application de l'article L.314-7 du CASF, le forfait \nglobal de soins est fix\u00e9, \u00e0 titre transitoire, \u00e0 13 081 090,25 \u20ac. \n  \n Les tarifs de reconduction sont fix\u00e9s \u00e0 : \n \n Forfait global de soins Prix de journ\u00e9e (en \u20ac) \nH\u00e9bergement \nPermanent \n13 008 635,06 0,00 \nUHR \n0,00  \nPASA \n72 455,19  \nH\u00e9bergement \nTemporaire \n0,00 0,00 \nAccueil de jour \n0,00 0,00 \nPlateforme de r\u00e9pit \n0,00  \n \n \n La fraction forfaitaire mensuelle s'\u00e9tablit \u00e0 1 090 090,85 \u20ac. \n \n  \nArticle 3 Les recours contentieux dirig\u00e9s contre la pr\u00e9sente d\u00e9cision doivent \u00eatre port\u00e9s devant \nle Tribunal Administratif sis 1 Place du Palais Royal 75100 PARIS dans un d\u00e9lai de \ndeux mois \u00e0 compter de sa publication ou, pour les personnes auxquelles elle sera \nAgence R\u00e9gionale de Sant\u00e9 - IDF-2025-06-17-00004 - d\u00e9cision tarifaire n\u00b0660 portant fixation du forfait global de soins pour 2025 de\nEHPAD MAISON DE RETRAITE ET GERIATRIE - 750800534 51\nnotifi\u00e9e, \u00e0 compter de sa notification. Le tribunal administratif peut \u00eatre saisi par \nl'application \u00ab T\u00e9l\u00e9recours citoyens \u00bb accessible par le site www.telerecours.fr. \n  \nArticle 4 La pr\u00e9sente d\u00e9cision sera publi\u00e9e au recueil des actes administratifs. \n  \nArticle 5         Le Directeur G\u00e9n\u00e9ral de l'ARS Ile -de-France est charg\u00e9 de l'ex\u00e9cution de la pr\u00e9sente \nd\u00e9cision qui sera notifi\u00e9e \u00e0 l'entit\u00e9 gestionnaire FONDATION DE ROTHSCHILD \n(750710428) et \u00e0 l'\u00e9tablissement concern\u00e9. \n \n \n \n \nFait \u00e0 Saint-Denis , le 17 juin 2025           \n \n \n \nP/ Le Directeur de la D\u00e9l\u00e9gation D\u00e9partementale de Paris \nAgence R\u00e9gionale de Sant\u00e9 d'Ile-de-France \n \n \n \nLaure LE COAT \nResponsable du d\u00e9partement autonomie \n \n \n         #signature# \n \n \nAgence R\u00e9gionale de Sant\u00e9 - IDF-2025-06-17-00004 - d\u00e9cision tarifaire n\u00b0660 portant fixation du forfait global de soins pour 2025 de\nEHPAD MAISON DE RETRAITE ET GERIATRIE - 750800534 52\nAgence R\u00e9gionale de Sant\u00e9\nIDF-2025-06-19-00016\nd\u00e9cision tarifaire n\u00b0663 portant fixation pour\n2025 du montant et de la r\u00e9partition de la\ndotation globalis\u00e9e commune pr\u00e9vue au contrat\npluriannuel d'objectifs et de moyens de PETITES\nSOEURS DES PAUVRES - 750039620\nAgence R\u00e9gionale de Sant\u00e9 - IDF-2025-06-19-00016 - d\u00e9cision tarifaire n\u00b0663 portant fixation pour 2025 du montant et de la\nr\u00e9partition de la dotation globalis\u00e9e commune pr\u00e9vue au contrat pluriannuel d'objectifs et de moyens de PETITES SOEURS DES\nPAUVRES - 750039620\n53\nEXREPUBLIQUEFRANCAISELibert\u00e9 \u00a9 DAgence R\u00e9gionale de Sant\u00e9\u00c9galit\u00e9 \u00cele-de-FranceFraternit\u00e9\n \nDECISION TARIFAIRE N\u00b0663 PORTANT FIXATION POUR 2025 DU MONTANT ET DE LA \nREPARTITION DE LA DOTATION GLOBALISEE COMMUNE PREVUE AU \nCONTRAT PLURIANNUEL D'OBJECTIFS ET DE MOYENS DE  \nPETITES SOEURS DES PAUVRES - 750039620 \n \nPOUR LES ETABLISSEMENTS ET SERVICES SUIV ANTS  \nEtablissement d'h\u00e9bergement pour personnes \u00e2g\u00e9es d\u00e9pendantes - EHPAD RESIDENCE NOTRE DAME DES \nCHAMPS - 750800435 \n \n \nLe Directeur G\u00e9n\u00e9ral de l'ARS Ile-de-France \n \nVU le Code de l'Action Sociale et des Familles ; \n  \nVU le Code de la S\u00e9curit\u00e9 Sociale ; \n  \nVU la loi n\u00b0 2025-199 du 28 f\u00e9vrier 2025 de financement de la S\u00e9curit\u00e9 Sociale pour 2025 \npubli\u00e9e au Journal Officiel du 28/02/2025 ; \n  \nVU l'arr\u00eat\u00e9 minist\u00e9riel du 02/06/2025 publi\u00e9 au Journal Officiel du 06/06/2025 pris en \napplication de l'article L314-3 du Code de l'Action Sociale et des Familles fixant, pour \nl'ann\u00e9e 2025 l'objectif global de d\u00e9penses d'assurance maladie et le montant total de \nd\u00e9penses pour les \u00e9tablissements et services relevant de la Caisse nationale de solidarit\u00e9 \npour l'autonomie ; \n  \nVU la d\u00e9cision du 02/06/2025 publi\u00e9e au Journal Officiel du 06/06/2025 relative aux dotations \nr\u00e9gionales limitatives 2025 et \u00e0 la moyenne nationale des besoins en soins requis 2025 ; \n  \nVU l'arr\u00eat\u00e9 du 28/05/2025 fixant pour 2025 les valeurs du point mentionn\u00e9es \u00e0 l'article R.314-\n162 du code de l'action sociale et des familles publi\u00e9 au Journal Officiel du 31/05/2025 ; \n \n  \nVU le d\u00e9cret du 10 Avril 2024 portant nomination de Monsieur ROBIN Denis en qualit\u00e9 de \nDirecteur G\u00e9n\u00e9ral de l'agence r\u00e9gionale de sant\u00e9 Ile-de-France ; \n \nVU la d\u00e9l\u00e9gation de signature du Directeur G\u00e9n\u00e9ral de l'ARS vers le Directeur D\u00e9partemental \nde PARIS en date du 16/04/2025 ;  \n  \nVU le Contrat Pluriannuel d'Objectifs et de Moyens conclu le 14/06/2019 prenant effet au \n01/01/2019 ; \n \n \nDECIDE \n \n \n \n \n \n \nAgence R\u00e9gionale de Sant\u00e9 - IDF-2025-06-19-00016 - d\u00e9cision tarifaire n\u00b0663 portant fixation pour 2025 du montant et de la\nr\u00e9partition de la dotation globalis\u00e9e commune pr\u00e9vue au contrat pluriannuel d'objectifs et de moyens de PETITES SOEURS DES\nPAUVRES - 750039620\n54\nArticle 1er A compter du 01/01/2025, au titre de 2025, la dotation globalis\u00e9e commune des \n\u00e9tablissements et services m\u00e9dico -sociaux financ\u00e9s par l'Assurance Maladie, g\u00e9r\u00e9s \npar l'entit\u00e9 d\u00e9nomm\u00e9e PETITES SOEURS DES PAUVRES (750039620), a \u00e9t\u00e9 fix\u00e9e \n\u00e0 1 144 810,34 \u20ac, dont 0,00 \u20ac de cr\u00e9dits non reconductibles. \n \n Elle se r\u00e9partit de la mani\u00e8re suivante : \n \n \n- personnes \u00e2g\u00e9es : 1 144 810,34 \u20ac \n \n \n Dotations (en \u20ac) \nFINESS H\u00e9bergement \npermanent UHR PASA H\u00e9bergement \ntemporaire Accueil de jour Plateforme de \nr\u00e9pit SSIAD  \n750800435 \nEHPAD RESIDENCE \nNOTRE DAME DES \nCHAMPS \n1 144 810,34 0,00 0,00 0,00 0,00 0,00 0,00 \n \n \n \nPour 2025, la fraction forfaitaire mensuelle, pour le secteur personnes \u00e2g\u00e9es, s'\u00e9tablit \u00e0 95 400,86 \u20ac. \n \n \n \n \n \n \n \n \n \n \n \n \n \n \n \n \n \n \n \n \n \n \n \n \n \n \n \n \n \n \n \nAgence R\u00e9gionale de Sant\u00e9 - IDF-2025-06-19-00016 - d\u00e9cision tarifaire n\u00b0663 portant fixation pour 2025 du montant et de la\nr\u00e9partition de la dotation globalis\u00e9e commune pr\u00e9vue au contrat pluriannuel d'objectifs et de moyens de PETITES SOEURS DES\nPAUVRES - 750039620\n55\nArticle 2 A compter du 1 er janvier 2026, en application de l'article L.314 -7 du CASF, la \ndotation globalis\u00e9e commune s'\u00e9l\u00e8ve, \u00e0 titre transitoire, \u00e0 1  144 810,34 \u20ac. Elle se \nr\u00e9partit de la mani\u00e8re suivante : \n \n \n-- personnes \u00e2g\u00e9es : 1 144 810,34 \u20ac \n \n Dotations (en \u20ac) \nFINESS H\u00e9bergement \npermanent UHR PASA H\u00e9bergement \ntemporaire Accueil de jour Plateforme de \nr\u00e9pit SSIAD \n750800435 \nEHPAD RESIDENCE NOTRE \nDAME DES CHAMPS \n1 144 810,34 0,00 0,00 0,00 0,00 0,00 0,00 \n \n \n \nPour 2026, la fraction forfaitaire mensuelle, pour le secteur personnes \u00e2g\u00e9es, s'\u00e9tablit \u00e0 95 400,86 \u20ac. \n \n \n \n \n \n \n \n \n \n \n \n \n \n \n \n \n \n \n \n \n \n \n \n \n \n \n \n \n \n \n \n \n \n \n \nAgence R\u00e9gionale de Sant\u00e9 - IDF-2025-06-19-00016 - d\u00e9cision tarifaire n\u00b0663 portant fixation pour 2025 du montant et de la\nr\u00e9partition de la dotation globalis\u00e9e commune pr\u00e9vue au contrat pluriannuel d'objectifs et de moyens de PETITES SOEURS DES\nPAUVRES - 750039620\n56\nArticle 3 Les recours contentieux dirig\u00e9s contre la pr\u00e9sente d\u00e9cision doivent \u00eatre port\u00e9s devant \nle Tribunal Administratif sis 1, Place du Palais Royal, 75100 PARIS dans un d\u00e9lai de \ndeux mois \u00e0 compter de sa publication ou, pour les personnes auxquelles elle sera \nnotifi\u00e9e, \u00e0 compter de sa notification. Le tribunal administratif peut \u00eatre saisi par \nl'application \u00ab T\u00e9l\u00e9recours citoyens \u00bb accessible par le site www.telerecours.fr. \n  \nArticle 4 La pr\u00e9sente d\u00e9cision sera publi\u00e9e au recueil des actes administratifs. \n  \nArticle 5         Le Directeur G\u00e9n\u00e9ral de l'ARS  Ile-de-France est charg\u00e9 de l'ex\u00e9cution de la pr\u00e9sente \nd\u00e9cision qui sera notifi\u00e9e \u00e0 l'entit\u00e9 gestionnaire (PETITES SOEURS DES PAUVRES \n750039620) et aux structures concern\u00e9es. \n \n \n \n \nFait \u00e0 Saint-Denis,  \n \nLe 19 juin 2025 \n \n  \nP/ L e Directeur de la D\u00e9l\u00e9gation \nD\u00e9partementale de Paris \nAgence R\u00e9gionale de Sant\u00e9 d'Ile-de-France \n \nLaure LE COAT \nResponsable du d\u00e9partement autonomie \n \n \n \n                                                                                                                               #signature# \n \nAgence R\u00e9gionale de Sant\u00e9 - IDF-2025-06-19-00016 - d\u00e9cision tarifaire n\u00b0663 portant fixation pour 2025 du montant et de la\nr\u00e9partition de la dotation globalis\u00e9e commune pr\u00e9vue au contrat pluriannuel d'objectifs et de moyens de PETITES SOEURS DES\nPAUVRES - 750039620\n57\nAgence R\u00e9gionale de Sant\u00e9\nIDF-2025-06-19-00003\nd\u00e9cision tarifaire n\u00b0664 portant fixation pour\n2025 du montant et de la r\u00e9partition de la\ndotation globalis\u00e9e commune pr\u00e9vue au contrat\npluriannuel d'objectifs et de moyens de\nCHEMINS D'ESPERANCE - 750057291 pour les\n\u00e9tablissements et services suivants :\nEtablissement d'h\u00e9bergement pour personnes\n\u00e2g\u00e9es d\u00e9pendantes - EHPAD AMITIE ET PARTAGE\n- 750800427 ; Etablissement d'h\u00e9bergement\npour personnes \u00e2g\u00e9es d\u00e9pendantes - EHPAD LA\nSOURCE D AUTEUIL -750016958 ; Etablissement\nd'h\u00e9bergement pour personnes \u00e2g\u00e9es\nd\u00e9pendantes - EHPAD GRENELLE - 750803769\nAgence R\u00e9gionale de Sant\u00e9 - IDF-2025-06-19-00003 - d\u00e9cision tarifaire n\u00b0664 portant fixation pour 2025 du montant et de la\nr\u00e9partition de la dotation globalis\u00e9e commune pr\u00e9vue au contrat pluriannuel d'objectifs et de moyens de CHEMINS D'ESPERANCE -\n750057291 pour les \u00e9tablissements et services suivants : Etablissement d'h\u00e9bergement pour personnes \u00e2g\u00e9es d\u00e9pendantes - EHPAD\nAMITIE ET PARTAGE - 750800427 ; Etablissement d'h\u00e9bergement pour personnes \u00e2g\u00e9es d\u00e9pendantes - EHPAD LA SOURCE D AUTEUIL\n-750016958 ; Etablissement d'h\u00e9bergement pour personnes \u00e2g\u00e9es d\u00e9pendantes - EHPAD GRENELLE - 750803769\n58\nEXREPUBLIQUEFRANCAISELibert\u00e9 \u00a9 DAgence R\u00e9gionale de Sant\u00e9\u00c9galit\u00e9 \u00cele-de-FranceFraternit\u00e9\n \nDECISION TARIFAIRE N\u00b0664 PORTANT FIXATION POUR 2025 DU MONTANT ET DE LA \nREPARTITION DE LA DOTATION GLOBALISEE COMMUNE PREVUE AU \nCONTRAT PLURIANNUEL D'OBJECTIFS ET DE MOYENS DE  \nCHEMINS D'ESPERANCE - 750057291 \n \nPOUR LES ETABLISSEMENTS ET SERVICES SUIV ANTS  \nEtablissement d'h\u00e9bergement pour personnes \u00e2g\u00e9es d\u00e9pendantes - EHPAD AMITIE ET PARTAGE - 750800427 \n \nEtablissement d'h\u00e9bergement pour personnes \u00e2g\u00e9es d\u00e9pendantes - EHPAD LA SOURCE D AUTEUIL - \n750016958 \n \nEtablissement d'h\u00e9bergement pour personnes \u00e2g\u00e9es d\u00e9pendantes - EHPAD GRENELLE - 750803769 \n \n \nLe Directeur G\u00e9n\u00e9ral de l'ARS Ile-de-France \n \nVU le Code de l'Action Sociale et des Familles ; \n  \nVU le Code de la S\u00e9curit\u00e9 Sociale ; \n  \nVU la loi n\u00b0 2025-199 du 28 f\u00e9vrier 2025 de financement de la S\u00e9curit\u00e9 Sociale pour 2025 \npubli\u00e9e au Journal Officiel du 28/02/2025 ; \n  \nVU l'arr\u00eat\u00e9 minist\u00e9riel du 02/06/2025 publi\u00e9 au Journal Officiel du 06/06/2025 pris en \napplication de l'article L314-3 du Code de l'Action Sociale et des Familles fixant, pour \nl'ann\u00e9e 2025 l'objectif global de d\u00e9penses d'assurance maladie et le montant total de \nd\u00e9penses pour les \u00e9tablissements et services relevant de la Caisse nationale de solidarit\u00e9 \npour l'autonomie ; \n  \nVU la d\u00e9cision du 02/06/2025 publi\u00e9e au Journal Officiel du 06/06/2025 relative aux dotations \nr\u00e9gionales limitatives 2025 et \u00e0 la moyenne nationale des besoins en soins requis 2025 ; \n  \nVU l'arr\u00eat\u00e9 du 28/05/2025 fixant pour 2025 les valeurs du point mentionn\u00e9es \u00e0 l'article R.314-\n162 du code de l'action sociale et des familles publi\u00e9 au Journal Officiel du 31/05/2025 ; \n \n  \nVU le d\u00e9cret du 10 Avril 2024 portant nomination de Monsieur ROBIN Denis en qualit\u00e9 de \nDirecteur G\u00e9n\u00e9ral de l'agence r\u00e9gionale de sant\u00e9 Ile-de-France ; \n \nVU la d\u00e9l\u00e9gation de signature du Directeur G\u00e9n\u00e9ral de l'ARS vers le Directeur D\u00e9partemental \nde PARIS en date du 16/04/2025 ;  \n  \nVU le Contrat Pluriannuel d'Objectifs et de Moyens conclu le 03/10/2019 prenant effet au \n01/10/2019 ; \n \n \nDECIDE \n \n \nAgence R\u00e9gionale de Sant\u00e9 - IDF-2025-06-19-00003 - d\u00e9cision tarifaire n\u00b0664 portant fixation pour 2025 du montant et de la\nr\u00e9partition de la dotation globalis\u00e9e commune pr\u00e9vue au contrat pluriannuel d'objectifs et de moyens de CHEMINS D'ESPERANCE -\n750057291 pour les \u00e9tablissements et services suivants : Etablissement d'h\u00e9bergement pour personnes \u00e2g\u00e9es d\u00e9pendantes - EHPAD\nAMITIE ET PARTAGE - 750800427 ; Etablissement d'h\u00e9bergement pour personnes \u00e2g\u00e9es d\u00e9pendantes - EHPAD LA SOURCE D AUTEUIL\n-750016958 ; Etablissement d'h\u00e9bergement pour personnes \u00e2g\u00e9es d\u00e9pendantes - EHPAD GRENELLE - 750803769\n59\nArticle 1er A compter du 01/01/2025, au titre de 2025, la dotation globalis\u00e9e commune des \n\u00e9tablissements et services m\u00e9dico -sociaux financ\u00e9s par l'Assurance Maladie, g\u00e9r\u00e9s \npar l'entit\u00e9 d\u00e9nomm\u00e9e CHEMINS D'ESPERANCE (750057291), a \u00e9t\u00e9 fix\u00e9e \u00e0 \n6 253 456,26 \u20ac, dont 0,00 \u20ac de cr\u00e9dits non reconductibles. \n \n Elle se r\u00e9partit de la mani\u00e8re suivante : \n \n \n- personnes \u00e2g\u00e9es : 6 253 456,26 \u20ac \n \n \n Dotations (en \u20ac) \nFINESS H\u00e9bergement \npermanent UHR PASA H\u00e9bergement \ntemporaire Accueil de jour Plateforme de \nr\u00e9pit SSIAD  \n750016958 \nEHPAD LA SOURCE D \nAUTEUIL \n1 973 262,58 0,00 0,00 0,00 0,00 0,00 0,00 \n750800427 \nEHPAD AMITIE ET \nPARTAGE \n1 504 342,93 0,00 99 802,19 0,00 0,00 0,00 0,00 \n750803769 \nEHPAD GRENELLE 2 603 576,91 0,00 72 471,65 0,00 0,00 0,00 0,00 \n \n \nPour 2025, la fraction forfaitaire mensuelle, pour le secteur personnes \u00e2g\u00e9es, s'\u00e9tablit \u00e0 521 121,36 \u20ac. \n \n \n \n \n \n \n \n \n \n \n \n \n \n \n \n \n \n \n \n \n \n \n \n \n \n \n \n \n \n \nAgence R\u00e9gionale de Sant\u00e9 - IDF-2025-06-19-00003 - d\u00e9cision tarifaire n\u00b0664 portant fixation pour 2025 du montant et de la\nr\u00e9partition de la dotation globalis\u00e9e commune pr\u00e9vue au contrat pluriannuel d'objectifs et de moyens de CHEMINS D'ESPERANCE -\n750057291 pour les \u00e9tablissements et services suivants : Etablissement d'h\u00e9bergement pour personnes \u00e2g\u00e9es d\u00e9pendantes - EHPAD\nAMITIE ET PARTAGE - 750800427 ; Etablissement d'h\u00e9bergement pour personnes \u00e2g\u00e9es d\u00e9pendantes - EHPAD LA SOURCE D AUTEUIL\n-750016958 ; Etablissement d'h\u00e9bergement pour personnes \u00e2g\u00e9es d\u00e9pendantes - EHPAD GRENELLE - 750803769\n60\nArticle 2 A compter du 1 er janvier 2026, en application de l'article L.314 -7 du CASF, la \ndotation globalis\u00e9e commune s'\u00e9l\u00e8ve, \u00e0 titre transitoire, \u00e0 6  253 456,26 \u20ac. Elle se \nr\u00e9partit de la mani\u00e8re suivante : \n \n \n-- personnes \u00e2g\u00e9es : 6 253 456,26 \u20ac \n \n Dotations (en \u20ac) \nFINESS H\u00e9bergement \npermanent UHR PASA H\u00e9bergement \ntemporaire Accueil de jour Plateforme de \nr\u00e9pit SSIAD \n750016958 \nEHPAD LA SOURCE D \nAUTEUIL \n1 973 262,58 0,00 0,00 0,00 0,00 0,00 0,00 \n750800427 \nEHPAD AMITIE ET \nPARTAGE \n1 504 342,93 0,00 99 802,19 0,00 0,00 0,00 0,00 \n750803769 \nEHPAD GRENELLE 2 603 576,91 0,00 72 471,65 0,00 0,00 0,00 0,00 \n \n \nPour 2026, la fraction forfaitaire mensuelle, pour le secteur personnes \u00e2g\u00e9es, s'\u00e9tablit \u00e0 521 121,36 \u20ac. \n \n \n \n \n \n \n \n \n \n \n \n \n \n \n \n \n \n \n \n \n \n \n \n \n \n \n \n \n \n \n \nAgence R\u00e9gionale de Sant\u00e9 - IDF-2025-06-19-00003 - d\u00e9cision tarifaire n\u00b0664 portant fixation pour 2025 du montant et de la\nr\u00e9partition de la dotation globalis\u00e9e commune pr\u00e9vue au contrat pluriannuel d'objectifs et de moyens de CHEMINS D'ESPERANCE -\n750057291 pour les \u00e9tablissements et services suivants : Etablissement d'h\u00e9bergement pour personnes \u00e2g\u00e9es d\u00e9pendantes - EHPAD\nAMITIE ET PARTAGE - 750800427 ; Etablissement d'h\u00e9bergement pour personnes \u00e2g\u00e9es d\u00e9pendantes - EHPAD LA SOURCE D AUTEUIL\n-750016958 ; Etablissement d'h\u00e9bergement pour personnes \u00e2g\u00e9es d\u00e9pendantes - EHPAD GRENELLE - 750803769\n61\nArticle 3 Les recours contentieux dirig\u00e9s contre la pr\u00e9sente d\u00e9cision doivent \u00eatre port\u00e9s devant \nle Tribunal Administratif sis 1, Place du Palais Royal, 75100 PARIS dans un d\u00e9lai de \ndeux mois \u00e0 compter de sa publication ou, pour les personnes auxquelles elle sera \nnotifi\u00e9e, \u00e0 compter de sa notification. Le tribunal administratif peut \u00eatre saisi par \nl'application \u00ab T\u00e9l\u00e9recours citoyens \u00bb accessible par le site www.telerecours.fr. \n  \nArticle 4 La pr\u00e9sente d\u00e9cision sera publi\u00e9e au recueil des actes administratifs. \n  \nArticle 5         Le Directeur G\u00e9n\u00e9ral de l'ARS  Ile-de-France est charg\u00e9 de l'ex\u00e9cution de la pr\u00e9sente \nd\u00e9cision qui sera notifi\u00e9e \u00e0 l'entit\u00e9 gestionnaire (CHEMINS D'ESPERANCE \n750057291) et aux structures concern\u00e9es. \n \n \n \n \nFait \u00e0 Saint-Denis,  \n \nLe 19 juin 2025 \n \n  \nP/ L e Directeur de la D\u00e9l\u00e9gation \nD\u00e9partementale de Paris \nAgence R\u00e9gionale de Sant\u00e9 d'Ile-de-France \n \nLaure LE COAT \nResponsable du d\u00e9partement autonomie \n \n                                                                                                                               #signature# \n \nAgence R\u00e9gionale de Sant\u00e9 - IDF-2025-06-19-00003 - d\u00e9cision tarifaire n\u00b0664 portant fixation pour 2025 du montant et de la\nr\u00e9partition de la dotation globalis\u00e9e commune pr\u00e9vue au contrat pluriannuel d'objectifs et de moyens de CHEMINS D'ESPERANCE -\n750057291 pour les \u00e9tablissements et services suivants : Etablissement d'h\u00e9bergement pour personnes \u00e2g\u00e9es d\u00e9pendantes - EHPAD\nAMITIE ET PARTAGE - 750800427 ; Etablissement d'h\u00e9bergement pour personnes \u00e2g\u00e9es d\u00e9pendantes - EHPAD LA SOURCE D AUTEUIL\n-750016958 ; Etablissement d'h\u00e9bergement pour personnes \u00e2g\u00e9es d\u00e9pendantes - EHPAD GRENELLE - 750803769\n62\nAgence R\u00e9gionale de Sant\u00e9\nIDF-2025-06-20-00007\nd\u00e9cision tarifaire n\u00b0666 portant fixation du\nforfait global de soins pour 2025 de EHPAD\nASSOMPTION - 750068959\nAgence R\u00e9gionale de Sant\u00e9 - IDF-2025-06-20-00007 - d\u00e9cision tarifaire n\u00b0666 portant fixation du forfait global de soins pour 2025 de\nEHPAD ASSOMPTION - 750068959 63\nEXREPUBLIQUEFRANCAISElens \u00a9 Agence R\u00e9gionale de Sant\u00e9\u00c9galit\u00e9 \u00cele-de-FranceFraternit\u00e9\n  \n \nDECISION TARIFAIRE N\u00b0666 PORTANT FIXATION DU FORFAIT GLOBAL DE SOINS POUR \n2025 DE \nEHPAD ASSOMPTION - 750068959 \n \nLe Directeur G\u00e9n\u00e9ral de l'ARS Ile-de-France \n \nVU le Code de l'Action Sociale et des Familles \n  \nVU le Code de la S\u00e9curit\u00e9 Sociale ; \n  \nVU la loi n\u00b02025 -199 du 28 f\u00e9vrier 2025 de financement de la S\u00e9curit\u00e9 Sociale pour 2025 \npubli\u00e9e au Journal Officiel du 28/02/2025 ; \n  \nVU l'arr\u00eat\u00e9 minist\u00e9riel du 02/06/2025  publi\u00e9 au Journal Officiel du 06/06/2025 pris en \napplication de l'article L314 -3 du Code de l'Action Sociale et des Familles fixant, pour \nl'ann\u00e9e 2025 l'objectif global de d\u00e9penses d'assurance maladie et le montant total de \nd\u00e9penses pour les \u00e9tablissements et services relevant de la Caisse nationale de solidarit\u00e9 \npour l'autonomie ; \n  \nVU la d\u00e9cision du 02/06/2025 publi\u00e9e au Journal Officiel du 06/06/2025 relative aux dotations \nr\u00e9gionales limitatives 2025 et \u00e0 la moyenne nationale des besoins en soins requis 2025 ; \n  \nVU l'arr\u00eat\u00e9 du 28/05/2025 fixant pour 2025 les valeurs du point mentionn\u00e9es \u00e0 l'article R.314-\n162 du code de l'action sociale et des familles publi\u00e9 au Journal Officiel du 31/05/2025 ; \n  \nVU le d\u00e9cret du 10 Avril 2024  portant nomination de Monsieur, ROBIN, Denis en qualit\u00e9 de \nDirecteur G\u00e9n\u00e9ral de l'agence r\u00e9gionale de sant\u00e9 Ile-de-France ; \n  \nVU la d\u00e9cision de d\u00e9l\u00e9gation de signature du Directeur G\u00e9n\u00e9ral de l'ARS vers le Directeur \nD\u00e9partemental de PARIS en date du 16/04/2025 ; \n \nVU l'autorisation ou le renouvellement d'autorisation en date du 16/10/2017 de la structure \nEtablissement d'h\u00e9bergement pour personnes \u00e2g\u00e9es d\u00e9pendantes d\u00e9nomm\u00e9e EHPAD \nASSOMPTION (750068959) sise 19 R ASSOMPTION 75016 Paris 16e Arrondissement \net g\u00e9r\u00e9e par l'entit\u00e9 d\u00e9nomm\u00e9e SA EMEIS - SIEGE SOCIAL (920030152) ; \n  \n \n \nDECIDE \n \nArticle 1er A compter du 01/01/2025, le forfait global de soins est fix\u00e9 \u00e0 1  205 866,16 \u20ac au titre \nde 2025, dont 0,00 \u20ac au titre des cr\u00e9dits non reconductible vers\u00e9s en une seule fois. \n \n \nLa fraction forfaitaire mensuelle s'\u00e9tablit \u00e0 100 488,85 \u20ac. \n \n \nAgence R\u00e9gionale de Sant\u00e9 - IDF-2025-06-20-00007 - d\u00e9cision tarifaire n\u00b0666 portant fixation du forfait global de soins pour 2025 de\nEHPAD ASSOMPTION - 750068959 64\nPour 2025, les tarifs sont d\u00e9compos\u00e9s comme suit : \n \n Forfait global de soins \nH\u00e9bergement \nPermanent \n1 205 866,16 \nUHR \n0,00 \n1205866.16/12 \nPASA \n0,00 \nH\u00e9bergement \nTemporaire \n0,00 \nAccueil de jour \n0,00 \nPlateforme de r\u00e9pit \n0,00 \n \n \nArticle 2 A compter du 1er janvier 2026 , en application de l'article L.314-7 du CASF, le forfait \nglobal de soins est fix\u00e9, \u00e0 titre transitoire, \u00e0 1 205 866,16 \u20ac. \n  \n Les tarifs de reconduction sont fix\u00e9s \u00e0 : \n \n Forfait global de soins \nH\u00e9bergement \nPermanent \n1 205 866,16 \nUHR \n0,00 \nPASA \n0,00 \nH\u00e9bergement \nTemporaire \n0,00 \nAccueil de jour \n0,00 \nPlateforme de r\u00e9pit \n0,00 \n \n \n La fraction forfaitaire mensuelle s'\u00e9tablit \u00e0 100 488,85 \u20ac. \n \n  \nArticle 3 Les recours contentieux dirig\u00e9s contre la pr\u00e9sente d\u00e9cision doivent \u00eatre port\u00e9s devant \nle Tribunal Administratif sis 1 Place du Palais Royal 75100 PARIS dans un d\u00e9lai de \ndeux mois \u00e0 compter de sa publication ou, pour les personnes auxquelles elle sera \nnotifi\u00e9e, \u00e0 compter de sa notification. Le tribunal administratif peut \u00eatre saisi par \nAgence R\u00e9gionale de Sant\u00e9 - IDF-2025-06-20-00007 - d\u00e9cision tarifaire n\u00b0666 portant fixation du forfait global de soins pour 2025 de\nEHPAD ASSOMPTION - 750068959 65\nl'application \u00ab T\u00e9l\u00e9recours citoyens \u00bb accessible par le site www.telerecours.fr. \n  \nArticle 4 La pr\u00e9sente d\u00e9cision sera publi\u00e9e au recueil des actes administratifs. \n  \nArticle 5         Le Directeur G\u00e9n\u00e9ral de l'ARS Ile -de-France est charg\u00e9 de l'ex\u00e9cution de la pr\u00e9sente \nd\u00e9cision qui sera notifi\u00e9e \u00e0 l'entit\u00e9 gestionnaire SA EMEIS - SIEGE SOCIAL \n(920030152) et \u00e0 l'\u00e9tablissement concern\u00e9. \n \n \nFait \u00e0 Saint-Denis,  \n \n \n \nle 20 juin 2025 \n \n  \nP/ L e Directeur de la D\u00e9l\u00e9gation \nD\u00e9partementale de Paris \nAgence R\u00e9gionale de Sant\u00e9 d'Ile-de-France \n \nLaure LE COAT \nResponsable du d\u00e9partement autonomie \n \n                \n \n \n \n         #signature# \n \n \nAgence R\u00e9gionale de Sant\u00e9 - IDF-2025-06-20-00007 - d\u00e9cision tarifaire n\u00b0666 portant fixation du forfait global de soins pour 2025 de\nEHPAD ASSOMPTION - 750068959 66\nAgence R\u00e9gionale de Sant\u00e9\nIDF-2025-06-19-00005\nd\u00e9cision tarifaire n\u00b0667 portant fixation du\nforfait global de soins pour 2025 de EHPAD COS\nJACQUES BARROT - 750057606\nAgence R\u00e9gionale de Sant\u00e9 - IDF-2025-06-19-00005 - d\u00e9cision tarifaire n\u00b0667 portant fixation du forfait global de soins pour 2025 de\nEHPAD COS JACQUES BARROT - 750057606 67\nEXREPUBLIQUEFRANCAISELibert\u00e9 0 D Agence R\u00e9gionale de Sant\u00e9\u00c9galit\u00e9 \u00cele-de-FranceFraternit\u00e9\n  \n \nDECISION TARIFAIRE N\u00b0667 PORTANT FIXATION DU FORFAIT GLOBAL DE SOINS POUR \n2025 DE \nEHPAD COS JACQUES BARROT - 750057606 \n \nLe Directeur G\u00e9n\u00e9ral de l'ARS Ile-de-France \n \nVU le Code de l'Action Sociale et des Familles \n  \nVU le Code de la S\u00e9curit\u00e9 Sociale ; \n  \nVU la loi n\u00b02025 -199 du 28 f\u00e9vrier 2025 de financement de la S\u00e9curit\u00e9 Sociale pour 2025 \npubli\u00e9e au Journal Officiel du 28/02/2025 ; \n  \nVU l'arr\u00eat\u00e9 minist\u00e9riel du 02/06/2025 publi\u00e9 au Journal Officiel du 06/06/2025 pris en \napplication de l'article L314 -3 du Code de l'Action Sociale et des Familles fixant, pour \nl'ann\u00e9e 2025 l'objectif global de d\u00e9penses d'assurance maladie et le montant total de \nd\u00e9penses pour les \u00e9tablissements et services relevant de la Caisse nationale de solidarit\u00e9 \npour l'autonomie ; \n  \nVU la d\u00e9cision du 02/06/2025 publi\u00e9e au Journal Officiel du 06/06/2025 relative aux dotations \nr\u00e9gionales limitatives 2025 et \u00e0 la moyenne nationale des besoins en soins requis 2025 ; \n  \nVU l'arr\u00eat\u00e9 du 28/05/2025 fixant pour 2025 les valeurs du point mentionn\u00e9es \u00e0 l'article R.314-\n162 du code de l'action sociale et des familles publi\u00e9 au Journal Officiel du 31/05/2025 ; \n  \nVU le d\u00e9cret du 10 Avril 2024 portant nomination de Monsieur, ROBIN, Denis en qualit\u00e9 de \nDirecteur G\u00e9n\u00e9ral de l'agence r\u00e9gionale de sant\u00e9 Ile-de-France ; \n  \nVU la d\u00e9cision de d\u00e9l\u00e9gation de signature du Directeur G\u00e9n\u00e9ral de l'ARS vers le Directeur \nD\u00e9partemental de PARIS en date du 16/04/2025 ; \n \nVU l'autorisation ou le renouvellement d'autorisation en date du 11/04/2012 de la structure \nEtablissement d'h\u00e9bergement pour personnes \u00e2g\u00e9es d\u00e9pendantes d\u00e9nomm\u00e9e EHPAD COS \nJACQUES BARROT (750057606) sise 16 R GILBERT GESBRON 75017 Paris 17e \nArrondissement et g\u00e9r\u00e9e par l'entit\u00e9 d\u00e9nomm\u00e9e FONDATION COS ALEXANDRE \nGLASBERG (750721235) ; \n  \n \n \nDECIDE \n \n  \nAgence R\u00e9gionale de Sant\u00e9 - IDF-2025-06-19-00005 - d\u00e9cision tarifaire n\u00b0667 portant fixation du forfait global de soins pour 2025 de\nEHPAD COS JACQUES BARROT - 750057606 68\nArticle 1er A compter du 01/01/2025, le forfait global de soins est fix\u00e9 \u00e0 2  483 592,39 \u20ac au titre \nde 2025, dont -9 141,52 \u20ac au titre des cr\u00e9dits non reconductible. \n \nPour 2025, les tarifs sont d\u00e9compos\u00e9s comme suit : \n \n Forfait global de soins \nH\u00e9bergement Permanent 2 331 556,60 \nUHR 0,00 \nPASA 70 362,97 \nH\u00e9bergement Temporaire 81 672,82 \nAccueil de jour 0,00 \nPlateforme de r\u00e9pit 0,00 \n \nLa fraction forfaitaire mensuelle s'\u00e9tablit \u00e0 206 966,03 \u20ac. \n \nArticle 2 A compter du 1er janvier 2026 , en application de l'article L.314-7 du CASF, le forfait \nglobal de soins est fix\u00e9, \u00e0 titre transitoire, \u00e0 2 492 733,91 \u20ac. \n \nLes tarifs de reconduction sont fix\u00e9s \u00e0 : \n \n Forfait global de soins \nH\u00e9bergement Permanent 2 340 698,12 \nUHR 0,00 \nPASA 70 362,97 \nH\u00e9bergement Temporaire 81 672,82 \nAccueil de jour 0,00 \nPlateforme de r\u00e9pit 0,00 \nLa fraction forfaitaire mensuelle s'\u00e9tablit \u00e0 207 727,83 \u20ac. \n \n  \n  \nAgence R\u00e9gionale de Sant\u00e9 - IDF-2025-06-19-00005 - d\u00e9cision tarifaire n\u00b0667 portant fixation du forfait global de soins pour 2025 de\nEHPAD COS JACQUES BARROT - 750057606 69\nArticle 3 Les recours contentieux dirig\u00e9s contre la pr\u00e9sente d\u00e9cision doivent \u00eatre port\u00e9s devant \nle Tribunal Administratif sis 1 Place du Palais Royal 75100 PARIS dans un d\u00e9lai de \ndeux mois \u00e0 compter de sa publication ou, pour les personnes auxquelles elle sera \nnotifi\u00e9e, \u00e0 compter de sa notification. Le tribunal administratif peut \u00eatre saisi par \nl'application \u00ab T\u00e9l\u00e9recours citoyens \u00bb accessible par le site www.telerecours.fr. \n  \nArticle 4 La pr\u00e9sente d\u00e9cision sera publi\u00e9e au recueil des actes administratifs. \n  \nArticle 5         Le Directeur G\u00e9n\u00e9ral de l'ARS Ile -de-France est charg\u00e9 de l'ex\u00e9cution de la pr\u00e9sente \nd\u00e9cision qui sera notifi\u00e9e \u00e0 l'entit\u00e9 gestionnaire FONDATION COS ALEXANDRE \nGLASBERG (750721235) et \u00e0 l'\u00e9tablissement concern\u00e9. \n \n \n \n \n \nFait \u00e0 Saint-Denis,  \n \nle 19 juin 2025 \n \n  \nP/ L e Directeur de la D\u00e9l\u00e9gation \nD\u00e9partementale de Paris \nAgence R\u00e9gionale de Sant\u00e9 d'Ile-de-France \n \nLaure LE COAT \nResponsable du d\u00e9partement autonomie \n \n                \n \n \n \n         #signature# \n \n \nAgence R\u00e9gionale de Sant\u00e9 - IDF-2025-06-19-00005 - d\u00e9cision tarifaire n\u00b0667 portant fixation du forfait global de soins pour 2025 de\nEHPAD COS JACQUES BARROT - 750057606 70\nAgence R\u00e9gionale de Sant\u00e9\nIDF-2025-06-20-00023\nd\u00e9cision tarifaire n\u00b0669 portant fixation du\nforfait global de soins pour 2025 de EHPAD\nVILLA DANIELLE TORELLI - 750057101\nAgence R\u00e9gionale de Sant\u00e9 - IDF-2025-06-20-00023 - d\u00e9cision tarifaire n\u00b0669 portant fixation du forfait global de soins pour 2025 de\nEHPAD VILLA DANIELLE TORELLI - 750057101 71\nEXREPUBLIQUEFRANCAISELibert\u00e9 0 D Agence R\u00e9gionale de Sant\u00e9\u00c9galit\u00e9 \u00cele-de-FranceFraternit\u00e9\n  \n \nDECISION TARIFAIRE N\u00b0669 PORTANT FIXATION DU FORFAIT GLOBAL DE SOINS POUR \n2025 DE \nEHPAD VILLA DANIELLE TORELLI - 750057101 \n \nLe Directeur G\u00e9n\u00e9ral de l'ARS Ile-de-France \n \nVU le Code de l'Action Sociale et des Familles \n  \nVU le Code de la S\u00e9curit\u00e9 Sociale ; \n  \nVU la loi n\u00b02025 -199 du 28 f\u00e9vrier 2025 de financement de la S\u00e9curit\u00e9 Sociale pour 2025 \npubli\u00e9e au Journal Officiel du 28/02/2025 ; \n  \nVU l'arr\u00eat\u00e9 minist\u00e9riel du 02/06/2025 publi\u00e9 au Journal Officiel du 06/06/2025 pris en \napplication de l'article L314 -3 du Code de l'Action Sociale et des Familles fixant, pour \nl'ann\u00e9e 2025 l'objectif global de d\u00e9penses d'assurance maladie et le montant total de \nd\u00e9penses pour les \u00e9tablissements et services relevant de la Caisse nationale de solidarit\u00e9 \npour l'autonomie ; \n  \nVU la d\u00e9cision du 02/06/2025 publi\u00e9e au Journal Officiel du 06/06/2025 relative aux dotations \nr\u00e9gionales limitatives 2025 et \u00e0 la moyenne nationale des besoins en soins requis 2025 ; \n  \nVU l'arr\u00eat\u00e9 du 28/05/2025 fixant pour 2025 les valeurs du point mentionn\u00e9es \u00e0 l'article R.314-\n162 du code de l'action sociale et des familles publi\u00e9 au Journal Officiel du 31/05/2025 ; \n  \nVU le d\u00e9cret du 10 Avril 2024 portant nomination de Monsieur, ROBIN, Denis en qualit\u00e9 de \nDirecteur G\u00e9n\u00e9ral de l'agence r\u00e9gionale de sant\u00e9 Ile-de-France ; \n  \nVU la d\u00e9cision de d\u00e9l\u00e9gation de signature du Directeur G\u00e9n\u00e9ral de l'ARS vers le Directeur \nD\u00e9partemental de PARIS en date du 16/04/2025 ; \n \nVU l'autorisation ou le renouvellement d'autorisation en date du 06/08/2012 de la structure \nEtablissement d'h\u00e9bergement pour personnes \u00e2g\u00e9es d\u00e9pendantes d\u00e9nomm\u00e9e EHPAD \nVILLA DANIELLE TORELLI (750057101) sise 31 R OLIVIER DE SERRES 75015 \nParis 15e Arrondissement et g\u00e9r\u00e9e par l'entit\u00e9 d\u00e9nomm\u00e9e ASSOCIATION ISATIS \n(940017304) ; \n  \n \n \nDECIDE \n \nArticle 1er A compter du 01/01/2025, le forfait global de soins est fix\u00e9 \u00e0 1  583 187,52 \u20ac au titre \nde 2025, dont 0,00 \u20ac au titre des cr\u00e9dits non reconductible vers\u00e9s en une seule fois. \n \n \nLa fraction forfaitaire mensuelle s'\u00e9tablit \u00e0 131 932,29 \u20ac. \n \nAgence R\u00e9gionale de Sant\u00e9 - IDF-2025-06-20-00023 - d\u00e9cision tarifaire n\u00b0669 portant fixation du forfait global de soins pour 2025 de\nEHPAD VILLA DANIELLE TORELLI - 750057101 72\n \nPour 2025, les tarifs sont d\u00e9compos\u00e9s comme suit : \n \n Forfait global de soins \nH\u00e9bergement \nPermanent \n1 348 088,70 \nUHR \n0,00 \nPASA \n69 992,02 \nH\u00e9bergement \nTemporaire \n165 106,80 \nAccueil de jour \n0,00 \nPlateforme de r\u00e9pit \n0,00 \n \n \nArticle 2 A compter du 1er janvier 2026 , en application de l'article L.314-7 du CASF, le forfait \nglobal de soins est fix\u00e9, \u00e0 titre transitoire, \u00e0 1 583 187,52 \u20ac. \n  \n Les tarifs de reconduction sont fix\u00e9s \u00e0 : \n \n Forfait global de soins \nH\u00e9bergement \nPermanent \n1 348 088,70 \nUHR \n0,00 \nPASA \n69 992,02 \nH\u00e9bergement \nTemporaire \n165 106,80 \nAccueil de jour \n0,00 \nPlateforme de r\u00e9pit \n0,00 \n \n \n La fraction forfaitaire mensuelle s'\u00e9tablit \u00e0 131 932,29 \u20ac. \n \n  \nArticle 3 Les recours contentieux dirig\u00e9s contre la pr\u00e9sente d\u00e9cision doivent \u00eatre port\u00e9s devant \nle Tribunal Administratif sis 1 Place du Palais Royal 75100 PARIS dans un d\u00e9lai de \ndeux mois \u00e0 compter de sa publication ou, pour les personnes auxquelles elle sera \nAgence R\u00e9gionale de Sant\u00e9 - IDF-2025-06-20-00023 - d\u00e9cision tarifaire n\u00b0669 portant fixation du forfait global de soins pour 2025 de\nEHPAD VILLA DANIELLE TORELLI - 750057101 73\nnotifi\u00e9e, \u00e0 compter de sa notification. Le tribunal administratif peut \u00eatre saisi par \nl'application \u00ab T\u00e9l\u00e9recours citoyens \u00bb accessible par le site www.telerecours.fr. \n  \nArticle 4 La pr\u00e9sente d\u00e9cision sera publi\u00e9e au recueil des actes administratifs. \n  \nArticle 5         Le Directeur G\u00e9n\u00e9ral de l'ARS Ile -de-France est charg\u00e9 de l'ex\u00e9cution de la pr\u00e9sente \nd\u00e9cision qui sera notifi\u00e9e \u00e0 l'entit\u00e9 gestionnaire ASSOCIATION ISATIS \n(940017304) et \u00e0 l'\u00e9tablissement concern\u00e9. \n \n \nFait \u00e0 Saint-Denis,  \n \nle 20 juin 2025 \n \n  \nP/ L e Directeur de la D\u00e9l\u00e9gation \nD\u00e9partementale de Paris \nAgence R\u00e9gionale de Sant\u00e9 d'Ile-de-France \n \nLaure LE COAT \nResponsable du d\u00e9partement autonomie \n \n \n \n \n \n         #signature# \n \n \nAgence R\u00e9gionale de Sant\u00e9 - IDF-2025-06-20-00023 - d\u00e9cision tarifaire n\u00b0669 portant fixation du forfait global de soins pour 2025 de\nEHPAD VILLA DANIELLE TORELLI - 750057101 74\nAgence R\u00e9gionale de Sant\u00e9\nIDF-2025-06-20-00014\nd\u00e9cision tarifaire n\u00b0670 portant fixation du\nforfait global de soins pour 2025 de EHPAD\nRESIDENCE CASTAGNARY - 750056491\nAgence R\u00e9gionale de Sant\u00e9 - IDF-2025-06-20-00014 - d\u00e9cision tarifaire n\u00b0670 portant fixation du forfait global de soins pour 2025 de\nEHPAD RESIDENCE CASTAGNARY - 750056491 75\nEXREPUBLIQUEFRANCAISELibert\u00e9 0 D Agence R\u00e9gionale de Sant\u00e9\u00c9galit\u00e9 \u00cele-de-FranceFraternit\u00e9\n  \n \nDECISION TARIFAIRE N\u00b0670 PORTANT FIXATION DU FORFAIT GLOBAL DE SOINS POUR \n2025 DE \nEHPAD RESIDENCE CASTAGNARY - 750056491 \n \nLe Directeur G\u00e9n\u00e9ral de l'ARS Ile-de-France \n \nVU le Code de l'Action Sociale et des Familles \n  \nVU le Code de la S\u00e9curit\u00e9 Sociale ; \n  \nVU la loi n\u00b02025 -199 du 28 f\u00e9vrier 2025 de financement de la S\u00e9curit\u00e9 Sociale pour 2025 \npubli\u00e9e au Journal Officiel du 28/02/2025 ; \n  \nVU l'arr\u00eat\u00e9 minist\u00e9riel du 02/06/2025 publi\u00e9 au Journal Officiel du 06/06/2025 pris en \napplication de l'article L314 -3 du Code de l'Action Sociale et des Familles fixant, pour \nl'ann\u00e9e 2025 l'objectif global de d\u00e9penses d'assurance maladie et le montant total de \nd\u00e9penses pour les \u00e9tablissements et services relevant de la Caisse nationale de solidarit\u00e9 \npour l'autonomie ; \n  \nVU la d\u00e9cision du 02/06/2025 publi\u00e9e au Journal Officiel du 06/06/2025 relative aux dotations \nr\u00e9gionales limitatives 2025 et \u00e0 la moyenne nationale des besoins en soins requis 2025 ; \n  \nVU l'arr\u00eat\u00e9 du 28/05/2025 fixant pour 2025 les valeurs du point mentionn\u00e9es \u00e0 l'article R.314-\n162 du code de l'action sociale et des familles publi\u00e9 au Journal Officiel du 31/05/2025 ; \n  \nVU le d\u00e9cret du 10 Avril 2024 portant nomination de Monsieur, ROBIN, Denis en qualit\u00e9 de \nDirecteur G\u00e9n\u00e9ral de l'agence r\u00e9gionale de sant\u00e9 Ile-de-France ; \n  \nVU la d\u00e9cision de d\u00e9l\u00e9gation de signature du Directeur G\u00e9n\u00e9ral de l'ARS vers le Directeur \nD\u00e9partemental de PARIS en date du 16/04/2025 ; \n \nVU l'autorisation ou le renouvellement d'autorisation en date du 24/03/2014 de la structure \nEtablissement d'h\u00e9bergement pour personnes \u00e2g\u00e9es d\u00e9pendantes d\u00e9nomm\u00e9e EHPAD \nRESIDENCE CASTAGNARY (750056491) sise 102 R CASTAGNARY 75015 Paris 15e \nArrondissement et g\u00e9r\u00e9e par l'entit\u00e9 d\u00e9nomm\u00e9e SA EMEIS - SIEGE SOCIAL \n(920030152) ; \n  \n \n \nDECIDE \n \nArticle 1er A compter du 01/01/2025, le forfait global de soins est fix\u00e9 \u00e0 2  191 843,64 \u20ac au titre \nde 2025, dont 0,00 \u20ac au titre des cr\u00e9dits non reconductible vers\u00e9s en une seule fois. \n \n \nLa fraction forfaitaire mensuelle s'\u00e9tablit \u00e0 182 653,64 \u20ac. \n \nAgence R\u00e9gionale de Sant\u00e9 - IDF-2025-06-20-00014 - d\u00e9cision tarifaire n\u00b0670 portant fixation du forfait global de soins pour 2025 de\nEHPAD RESIDENCE CASTAGNARY - 750056491 76\n \nPour 2025, les tarifs sont d\u00e9compos\u00e9s comme suit : \n \n Forfait global de soins \nH\u00e9bergement \nPermanent \n2 070 524,37 \nUHR \n0,00 \nPASA \n121 319,27 \nH\u00e9bergement \nTemporaire \n0,00 \nAccueil de jour \n0,00 \nPlateforme de r\u00e9pit \n0,00 \n \n \nArticle 2 A compter du 1er janvier 2026 , en application de l'article L.314-7 du CASF, le forfait \nglobal de soins est fix\u00e9, \u00e0 titre transitoire, \u00e0 2 191 843,64 \u20ac. \n  \n Les tarifs de reconduction sont fix\u00e9s \u00e0 : \n \n Forfait global de soins \nH\u00e9bergement \nPermanent \n2 070 524,37 \nUHR \n0,00 \nPASA \n121 319,27 \nH\u00e9bergement \nTemporaire \n0,00 \nAccueil de jour \n0,00 \nPlateforme de r\u00e9pit \n0,00 \n \n \n La fraction forfaitaire mensuelle s'\u00e9tablit \u00e0 182 653,64 \u20ac. \n \n  \nArticle 3 Les recours contentieux dirig\u00e9s contre la pr\u00e9sente d\u00e9cision doivent \u00eatre port\u00e9s devant \nle Tribunal Administratif sis 1 Place du Palais Royal 75100 PARIS dans un d\u00e9lai de \ndeux mois \u00e0 compter de sa publication ou, pour les personnes auxquelles elle sera \nAgence R\u00e9gionale de Sant\u00e9 - IDF-2025-06-20-00014 - d\u00e9cision tarifaire n\u00b0670 portant fixation du forfait global de soins pour 2025 de\nEHPAD RESIDENCE CASTAGNARY - 750056491 77\nnotifi\u00e9e, \u00e0 compter de sa notification. Le tribunal administratif peut \u00eatre saisi par \nl'application \u00ab T\u00e9l\u00e9recours citoyens \u00bb accessible par le site www.telerecours.fr. \n  \nArticle 4 La pr\u00e9sente d\u00e9cision sera publi\u00e9e au recueil des actes administratifs. \n  \nArticle 5         Le Directeur G\u00e9n\u00e9ral de l'ARS Ile -de-France est charg\u00e9 de l'ex\u00e9cution de la pr\u00e9sente \nd\u00e9cision qui sera notifi\u00e9e \u00e0 l'entit\u00e9 gestionnaire SA EMEIS - SIEGE SOCIAL \n(920030152) et \u00e0 l'\u00e9tablissement concern\u00e9. \n \n \nFait \u00e0 Saint-Denis,  \n \nle 20 juin 2025 \n \n  \nP/ L e Directeur de la D\u00e9l\u00e9gation \nD\u00e9partementale de Paris \nAgence R\u00e9gionale de Sant\u00e9 d'Ile-de-France \n \nLaure LE COAT \nResponsable du d\u00e9partement autonomie \n \n \n \n \n         #signature# \n \n \nAgence R\u00e9gionale de Sant\u00e9 - IDF-2025-06-20-00014 - d\u00e9cision tarifaire n\u00b0670 portant fixation du forfait global de soins pour 2025 de\nEHPAD RESIDENCE CASTAGNARY - 750056491 78\nAgence R\u00e9gionale de Sant\u00e9\nIDF-2025-06-20-00022\nd\u00e9cision tarifaire n\u00b0678 portant fixation du\nforfait global de soins pour 2025 de EHPAD\nRESIDENCE TROCADERO - 750046351\nAgence R\u00e9gionale de Sant\u00e9 - IDF-2025-06-20-00022 - d\u00e9cision tarifaire n\u00b0678 portant fixation du forfait global de soins pour 2025 de\nEHPAD RESIDENCE TROCADERO - 750046351 79\nEXREPUBLIQUEFRANCAISELibert\u00e9 0 D Agence R\u00e9gionale de Sant\u00e9\u00c9galit\u00e9 \u00cele-de-FranceFraternit\u00e9\n  \n \nDECISION TARIFAIRE N\u00b0678 PORTANT FIXATION DU FORFAIT GLOBAL DE SOINS POUR \n2025 DE \nEHPAD RESIDENCE TROCADERO - 750046351 \n \nLe Directeur G\u00e9n\u00e9ral de l'ARS Ile-de-France \n \nVU le Code de l'Action Sociale et des Familles \n  \nVU le Code de la S\u00e9curit\u00e9 Sociale ; \n  \nVU la loi n\u00b02025 -199 du 28 f\u00e9vrier 2025 de financement de la S\u00e9curit\u00e9 Sociale pour 2025 \npubli\u00e9e au Journal Officiel du 28/02/2025 ; \n  \nVU l'arr\u00eat\u00e9 minist\u00e9riel du 02/06/2025 publi\u00e9 au Journal Officiel du 06/06/2025 pris en \napplication de l'article L314 -3 du Code de l'Action Sociale et des Familles fixant, pour \nl'ann\u00e9e 2025 l'objectif global de d\u00e9penses d'assurance maladie et le montant total de \nd\u00e9penses pour les \u00e9tablissements et services relevant de la Caisse nationale de solidarit\u00e9 \npour l'autonomie ; \n  \nVU la d\u00e9cision du 02/06/2025 publi\u00e9e au Journal Officiel du 06/06/2025 relative aux dotations \nr\u00e9gionales limitatives 2025 et \u00e0 la moyenne nationale des besoins en soins requis 2025 ; \n  \nVU l'arr\u00eat\u00e9 du 28/05/2025 fixant pour 2025 les valeurs du point mentionn\u00e9es \u00e0 l'article R.314-\n162 du code de l'action sociale et des familles publi\u00e9 au Journal Officiel du 31/05/2025 ; \n  \nVU le d\u00e9cret du 10 Avril 2024 portant nomination de Monsieur, ROBIN, Denis en qualit\u00e9 de \nDirecteur G\u00e9n\u00e9ral de l'agence r\u00e9gionale de sant\u00e9 Ile-de-France ; \n  \nVU la d\u00e9cision de d\u00e9l\u00e9gation de signature du Directeur G\u00e9n\u00e9ral de l'ARS vers le Directeur \nD\u00e9partemental de PARIS en date du 16/04/2025 ; \n \nVU l'autorisation ou le renouvellement d'autorisation en date du 22/05/2009 de la structure \nEtablissement d'h\u00e9bergement pour personnes \u00e2g\u00e9es d\u00e9pendantes d\u00e9nomm\u00e9e EHPAD \nRESIDENCE TROCADERO (750046351) sise 7 R DU BOUQUET DE LONGCHAMPS \n75116 Paris 16e Arrondissement et g\u00e9r\u00e9e par l'entit\u00e9 d\u00e9nomm\u00e9e SA EMEIS - SIEGE \nSOCIAL (920030152) ; \n  \n \n \nDECIDE \n \nArticle 1er A compter du 01/01/2025, le forfait global de soins est fix\u00e9 \u00e0 1  887 789,66 \u20ac au titre \nde 2025, dont 0,00 \u20ac au titre des cr\u00e9dits non reconductible vers\u00e9s en une seule fois. \n \n \nLa fraction forfaitaire mensuelle s'\u00e9tablit \u00e0 157 315,81 \u20ac. \n \nAgence R\u00e9gionale de Sant\u00e9 - IDF-2025-06-20-00022 - d\u00e9cision tarifaire n\u00b0678 portant fixation du forfait global de soins pour 2025 de\nEHPAD RESIDENCE TROCADERO - 750046351 80\n \nPour 2025, les tarifs sont d\u00e9compos\u00e9s comme suit : \n \n Forfait global de soins \nH\u00e9bergement \nPermanent \n1 795 403,30 \nUHR \n0,00 \nPASA \n0,00 \nH\u00e9bergement \nTemporaire \n92 386,36 \nAccueil de jour \n0,00 \nPlateforme de r\u00e9pit \n0,00 \n \n \nArticle 2 A compter du 1er janvier 2026 , en application de l'article L.314-7 du CASF, le forfait \nglobal de soins est fix\u00e9, \u00e0 titre transitoire, \u00e0 1 887 789,66 \u20ac. \n  \n Les tarifs de reconduction sont fix\u00e9s \u00e0 : \n \n Forfait global de soins \nH\u00e9bergement \nPermanent \n1 795 403,30 \nUHR \n0,00 \nPASA \n0,00 \nH\u00e9bergement \nTemporaire \n92 386,36 \nAccueil de jour \n0,00 \nPlateforme de r\u00e9pit \n0,00 \n \n \n La fraction forfaitaire mensuelle s'\u00e9tablit \u00e0 157 315,81 \u20ac. \n \n  \nArticle 3 Les recours contentieux dirig\u00e9s contre la pr\u00e9sente d\u00e9cision doivent \u00eatre port\u00e9s devant \nle Tribunal Administratif sis 1 Place du Palais Royal 75100 PARIS dans un d\u00e9lai de \ndeux mois \u00e0 compter de sa publication ou, pour les personnes auxquelles elle sera \nAgence R\u00e9gionale de Sant\u00e9 - IDF-2025-06-20-00022 - d\u00e9cision tarifaire n\u00b0678 portant fixation du forfait global de soins pour 2025 de\nEHPAD RESIDENCE TROCADERO - 750046351 81\nnotifi\u00e9e, \u00e0 compter de sa notification. Le tribunal administratif peut \u00eatre saisi par \nl'application \u00ab T\u00e9l\u00e9recours citoyens \u00bb accessible par le site www.telerecours.fr. \n  \nArticle 4 La pr\u00e9sente d\u00e9cision sera publi\u00e9e au recueil des actes administratifs. \n  \nArticle 5         Le Directeur G\u00e9n\u00e9ral de l'ARS Ile -de-France est charg\u00e9 de l'ex\u00e9cution de la pr\u00e9sente \nd\u00e9cision qui sera notifi\u00e9e \u00e0 l'entit\u00e9 gestionnaire SA EMEIS - SIEGE SOCIAL \n(920030152) et \u00e0 l'\u00e9tablissement concern\u00e9. \n \n \nFait \u00e0 Saint-Denis,  \n \nle 20 juin 2025 \n \n  \nP/ L e Directeur de la D\u00e9l\u00e9gation \nD\u00e9partementale de Paris \nAgence R\u00e9gionale de Sant\u00e9 d'Ile-de-France \n \nLaure LE COAT \nResponsable du d\u00e9partement autonomie \n \n \n \n \n         #signature# \n \n \nAgence R\u00e9gionale de Sant\u00e9 - IDF-2025-06-20-00022 - d\u00e9cision tarifaire n\u00b0678 portant fixation du forfait global de soins pour 2025 de\nEHPAD RESIDENCE TROCADERO - 750046351 82\nAgence R\u00e9gionale de Sant\u00e9\nIDF-2025-06-20-00017\nd\u00e9cision tarifaire n\u00b0683 portant fixation du\nforfait global de soins pour 2025 de EHPAD\nRESIDENCE LES ISSAMBRES - 750042731\nAgence R\u00e9gionale de Sant\u00e9 - IDF-2025-06-20-00017 - d\u00e9cision tarifaire n\u00b0683 portant fixation du forfait global de soins pour 2025 de\nEHPAD RESIDENCE LES ISSAMBRES - 750042731 83\nEXREPUBLIQUEFRANCAISELibert\u00e9 0 D Agence R\u00e9gionale de Sant\u00e9\u00c9galit\u00e9 \u00cele-de-FranceFraternit\u00e9\n  \n \nDECISION TARIFAIRE N\u00b0683 PORTANT FIXATION DU FORFAIT GLOBAL DE SOINS POUR \n2025 DE \nEHPAD RESIDENCE LES ISSAMBRES - 750042731 \n \nLe Directeur G\u00e9n\u00e9ral de l'ARS Ile-de-France \n \nVU le Code de l'Action Sociale et des Familles \n  \nVU le Code de la S\u00e9curit\u00e9 Sociale ; \n  \nVU la loi n\u00b02025 -199 du 28 f\u00e9vrier 2025 de financement de la S\u00e9curit\u00e9 Sociale pour 2025 \npubli\u00e9e au Journal Officiel du 28/02/2025 ; \n  \nVU l'arr\u00eat\u00e9 minist\u00e9riel du 02/06/2025 publi\u00e9 au Journal Officiel du 06/06/2025 pris en \napplication de l'article L314 -3 du Code de l'Action Sociale et des Familles fixant, pour \nl'ann\u00e9e 2025 l'objectif global de d\u00e9penses d'assurance maladie et le montant total de \nd\u00e9penses pour les \u00e9tablissements et services relevant de la Caisse nationale de solidarit\u00e9 \npour l'autonomie ; \n  \nVU la d\u00e9cision du 02/06/2025 publi\u00e9e au Journal Officiel du 06/06/2025 relative aux dotations \nr\u00e9gionales limitatives 2025 et \u00e0 la moyenne nationale des besoins en soins requis 2025 ; \n  \nVU l'arr\u00eat\u00e9 du 28/05/2025 fixant pour 2025 les valeurs du point mentionn\u00e9es \u00e0 l'article R.314-\n162 du code de l'action sociale et des familles publi\u00e9 au Journal Officiel du 31/05/2025 ; \n  \nVU le d\u00e9cret du 10 Avril 2024 portant nomination de Monsieur, ROBIN, Denis en qualit\u00e9 de \nDirecteur G\u00e9n\u00e9ral de l'agence r\u00e9gionale de sant\u00e9 Ile-de-France ; \n  \nVU la d\u00e9cision de d\u00e9l\u00e9gation de signature du Directeur G\u00e9n\u00e9ral de l'ARS vers le Directeur \nD\u00e9partemental de PARIS en date du 16/04/2025 ; \n \nVU l'autorisation ou le renouvellement d'autorisation en date du 03/01/2017 de la structure \nEtablissement d'h\u00e9bergement pour personnes \u00e2g\u00e9es d\u00e9pendantes d\u00e9nomm\u00e9e EHPAD \nRESIDENCE LES ISSAMBRES (750042731) sise 111 BD NEY 75018 Paris 18e \nArrondissement et g\u00e9r\u00e9e par l'entit\u00e9 d\u00e9nomm\u00e9e RESIDENCE LES ISSAMBRES \n(750021529) ; \n  \n \n \nDECIDE \n \nArticle 1er A compter du 01/01/2025, le forfait global de soins est fix\u00e9 \u00e0 2  195 530,77 \u20ac au titre \nde 2025, dont 0,00 \u20ac au titre des cr\u00e9dits non reconductible vers\u00e9s en une seule fois. \n \n \nLa fraction forfaitaire mensuelle s'\u00e9tablit \u00e0 182 960,90 \u20ac. \n \nAgence R\u00e9gionale de Sant\u00e9 - IDF-2025-06-20-00017 - d\u00e9cision tarifaire n\u00b0683 portant fixation du forfait global de soins pour 2025 de\nEHPAD RESIDENCE LES ISSAMBRES - 750042731 84\n \nPour 2025, les tarifs sont d\u00e9compos\u00e9s comme suit : \n \n Forfait global de soins \nH\u00e9bergement \nPermanent \n2 195 530,77 \nUHR \n0,00 \nPASA \n0,00 \nH\u00e9bergement \nTemporaire \n0,00 \nAccueil de jour \n0,00 \nPlateforme de r\u00e9pit \n0,00 \n \n \nArticle 2 A compter du 1er janvier 2026 , en application de l'article L.314-7 du CASF, le forfait \nglobal de soins est fix\u00e9, \u00e0 titre transitoire, \u00e0 2 195 530,77 \u20ac. \n  \n Les tarifs de reconduction sont fix\u00e9s \u00e0 : \n \n Forfait global de soins \nH\u00e9bergement \nPermanent \n2 195 530,77 \nUHR \n0,00 \nPASA \n0,00 \nH\u00e9bergement \nTemporaire \n0,00 \nAccueil de jour \n0,00 \nPlateforme de r\u00e9pit \n0,00 \n \n \n La fraction forfaitaire mensuelle s'\u00e9tablit \u00e0 182 960,90 \u20ac. \n \n  \nArticle 3 Les recours contentieux dirig\u00e9s contre la pr\u00e9sente d\u00e9cision doivent \u00eatre port\u00e9s devant \nle Tribunal Administratif sis 1 Place du Palais Royal 75100 PARIS dans un d\u00e9lai de \ndeux mois \u00e0 compter de sa publication ou, pour les personnes auxquelles elle sera \nAgence R\u00e9gionale de Sant\u00e9 - IDF-2025-06-20-00017 - d\u00e9cision tarifaire n\u00b0683 portant fixation du forfait global de soins pour 2025 de\nEHPAD RESIDENCE LES ISSAMBRES - 750042731 85\nnotifi\u00e9e, \u00e0 compter de sa notification. Le tribunal administratif peut \u00eatre saisi par \nl'application \u00ab T\u00e9l\u00e9recours citoyens \u00bb accessible par le site www.telerecours.fr. \n  \nArticle 4 La pr\u00e9sente d\u00e9cision sera publi\u00e9e au recueil des actes administratifs. \n  \nArticle 5         Le Directeur G\u00e9n\u00e9ral de l'ARS Ile -de-France est charg\u00e9 de l'ex\u00e9cution de la pr\u00e9sente \nd\u00e9cision qui sera notifi\u00e9e \u00e0 l'entit\u00e9 gestionnaire RESIDENCE LES ISSAMBRES \n(750021529) et \u00e0 l'\u00e9tablissement concern\u00e9. \n \nFait \u00e0 Saint-Denis,  \n \nle 20 juin 2025 \n \n  \nP/ L e Directeur de la D\u00e9l\u00e9gation \nD\u00e9partementale de Paris \nAgence R\u00e9gionale de Sant\u00e9 d'Ile-de-France \n \nLaure LE COAT \nResponsable du d\u00e9partement autonomie \n \n \n \n \n         #signature# \n \n \nAgence R\u00e9gionale de Sant\u00e9 - IDF-2025-06-20-00017 - d\u00e9cision tarifaire n\u00b0683 portant fixation du forfait global de soins pour 2025 de\nEHPAD RESIDENCE LES ISSAMBRES - 750042731 86\nAgence R\u00e9gionale de Sant\u00e9\nIDF-2025-06-20-00013\nd\u00e9cision tarifaire n\u00b0684 portant fixation du\nforfait global de soins pour 2025 de EHPAD\nRESIDENCE AMARAGGI - 750041790\nAgence R\u00e9gionale de Sant\u00e9 - IDF-2025-06-20-00013 - d\u00e9cision tarifaire n\u00b0684 portant fixation du forfait global de soins pour 2025 de\nEHPAD RESIDENCE AMARAGGI - 750041790 87\nEXREPUBLIQUEFRANCAISELibert\u00e9 0 D Agence R\u00e9gionale de Sant\u00e9\u00c9galit\u00e9 \u00cele-de-FranceFraternit\u00e9\n  \n \nDECISION TARIFAIRE N\u00b0684 PORTANT FIXATION DU FORFAIT GLOBAL DE SOINS POUR \n2025 DE \nEHPAD RESIDENCE AMARAGGI - 750041790 \n \nLe Directeur G\u00e9n\u00e9ral de l'ARS Ile-de-France \n \nVU le Code de l'Action Sociale et des Familles \n  \nVU le Code de la S\u00e9curit\u00e9 Sociale ; \n  \nVU la loi n\u00b02025 -199 du 28 f\u00e9vrier 2025 de financement de la S\u00e9curit\u00e9 Sociale pour 2025 \npubli\u00e9e au Journal Officiel du 28/02/2025 ; \n  \nVU l'arr\u00eat\u00e9 minist\u00e9riel du 02/06/2025 publi\u00e9 au Journal Officiel du 06/06/2025 pris en \napplication de l'article L314 -3 du Code de l'Action Sociale et des Familles fixant, pour \nl'ann\u00e9e 2025 l'objectif global de d\u00e9penses d'assurance maladie et le montant total de \nd\u00e9penses pour les \u00e9tablissements et services relevant de la Caisse nationale de solidarit\u00e9 \npour l'autonomie ; \n  \nVU la d\u00e9cision du 02/06/2025 publi\u00e9e au Journal Officiel du 06/06/2025 relative aux dotations \nr\u00e9gionales limitatives 2025 et \u00e0 la moyenne nationale des besoins en soins requis 2025 ; \n  \nVU l'arr\u00eat\u00e9 du 28/05/2025 fixant pour 2025 les valeurs du point mentionn\u00e9es \u00e0 l'article R.314-\n162 du code de l'action sociale et des familles publi\u00e9 au Journal Officiel du 31/05/2025 ; \n  \nVU le d\u00e9cret du 10 Avril 2024 portant nomination de Monsieur, ROBIN, Denis en qualit\u00e9 de \nDirecteur G\u00e9n\u00e9ral de l'agence r\u00e9gionale de sant\u00e9 Ile-de-France ; \n  \nVU la d\u00e9cision de d\u00e9l\u00e9gation de signature du Directeur G\u00e9n\u00e9ral de l'ARS vers le Directeur \nD\u00e9partemental de PARIS en date du 16/04/2025 ; \n \nVU l'autorisation ou le renouvellement d'autorisation en date du 03/01/2017 de la structure \nEtablissement d'h\u00e9bergement pour personnes \u00e2g\u00e9es d\u00e9pendantes d\u00e9nomm\u00e9e EHPAD \nRESIDENCE AMARAGGI (750041790) sise 11 BD SERURIER 75019 Paris 19e \nArrondissement et g\u00e9r\u00e9e par l'entit\u00e9 d\u00e9nomm\u00e9e FONDATION CASIP COJASOR \n(750829962) ; \n  \n \n \nDECIDE \n \n \n \n \n \n \n \nAgence R\u00e9gionale de Sant\u00e9 - IDF-2025-06-20-00013 - d\u00e9cision tarifaire n\u00b0684 portant fixation du forfait global de soins pour 2025 de\nEHPAD RESIDENCE AMARAGGI - 750041790 88\nArticle 1er A compter du 01/01/2025, le forfait global de soins est fix\u00e9 \u00e0 1  709 153,66 \u20ac au titre \nde 2025, dont 0,00 \u20ac au titre des cr\u00e9dits non reconductible vers\u00e9s en une seule fois. \n \n \nLa fraction forfaitaire mensuelle s'\u00e9tablit \u00e0 142 429,47 \u20ac. \n \n \nPour 2025, les tarifs sont d\u00e9compos\u00e9s comme suit : \n \n Forfait global de soins \nH\u00e9bergement \nPermanent \n1 652 524,39 \nUHR \n0,00 \nPASA \n0,00 \nH\u00e9bergement \nTemporaire \n56 629,27 \nAccueil de jour \n0,00 \nPlateforme de r\u00e9pit \n0,00 \n \n \nArticle 2 A compter du 1er janvier 2026 , en application de l'article L.314-7 du CASF, le forfait \nglobal de soins est fix\u00e9, \u00e0 titre transitoire, \u00e0 1 709 153,66 \u20ac. \n  \n Les tarifs de reconduction sont fix\u00e9s \u00e0 : \n \n Forfait global de soins \nH\u00e9bergement \nPermanent \n1 652 524,39 \nUHR \n0,00 \nPASA \n0,00 \nH\u00e9bergement \nTemporaire \n56 629,27 \nAccueil de jour \n0,00 \nPlateforme de r\u00e9pit \n0,00 \n \n \nAgence R\u00e9gionale de Sant\u00e9 - IDF-2025-06-20-00013 - d\u00e9cision tarifaire n\u00b0684 portant fixation du forfait global de soins pour 2025 de\nEHPAD RESIDENCE AMARAGGI - 750041790 89\n La fraction forfaitaire mensuelle s'\u00e9tablit \u00e0 142 429,47 \u20ac. \n \n  \nArticle 3 Les recours contentieux dirig\u00e9s contre la pr\u00e9sente d\u00e9cision doivent \u00eatre port\u00e9s devant \nle Tribunal Administratif sis 1 Place du Palais Royal 75100 PARIS dans un d\u00e9lai de \ndeux mois \u00e0 compter de sa publication ou, pour les personnes auxquelles elle sera \nnotifi\u00e9e, \u00e0 compter de sa notification. Le tribunal administratif peut \u00eatre saisi par \nl'application \u00ab T\u00e9l\u00e9recours citoyens \u00bb accessible par le site www.telerecours.fr. \n  \nArticle 4 La pr\u00e9sente d\u00e9cision sera publi\u00e9e au recueil des actes administratifs. \n  \nArticle 5         Le Directeur G\u00e9n\u00e9ral de l'ARS Ile -de-France est charg\u00e9 de l'ex\u00e9cution de la pr\u00e9sente \nd\u00e9cision qui sera notifi\u00e9e \u00e0 l'entit\u00e9 gestionnaire FONDATION CASIP COJASOR \n(750829962) et \u00e0 l'\u00e9tablissement concern\u00e9. \n \n \n \nFait \u00e0 Saint-Denis,  \n \nle 20 juin 2025 \n \n  \nP/ L e Directeur de la D\u00e9l\u00e9gation \nD\u00e9partementale de Paris \nAgence R\u00e9gionale de Sant\u00e9 d'Ile-de-France \n \nLaure LE COAT \nResponsable du d\u00e9partement autonomie \n \n \n \n \n         #signature# \n \n \nAgence R\u00e9gionale de Sant\u00e9 - IDF-2025-06-20-00013 - d\u00e9cision tarifaire n\u00b0684 portant fixation du forfait global de soins pour 2025 de\nEHPAD RESIDENCE AMARAGGI - 750041790 90\nAgence R\u00e9gionale de Sant\u00e9\nIDF-2025-06-26-00007\nd\u00e9cision tarifaire n\u00b0685 portant fixation pour\n2025 du montant et de la r\u00e9partition de la\ndotation globalis\u00e9e commune pr\u00e9vue au contrat\npluriannuel d'objectifs et de moyens de GROUPE\nACPPA - 690802715\nAgence R\u00e9gionale de Sant\u00e9 - IDF-2025-06-26-00007 - d\u00e9cision tarifaire n\u00b0685 portant fixation pour 2025 du montant et de la\nr\u00e9partition de la dotation globalis\u00e9e commune pr\u00e9vue au contrat pluriannuel d'objectifs et de moyens de GROUPE ACPPA -\n690802715\n91\nEXREPUBLIQUEFRANCAISELibert\u00e9 \u00a9 DAgence R\u00e9gionale de Sant\u00e9\u00c9galit\u00e9 \u00cele-de-FranceFraternit\u00e9\n \nDECISION TARIFAIRE N\u00b0685 PORTANT FIXATION POUR 2025 DU MONTANT ET DE LA \nREPARTITION DE LA DOTATION GLOBALISEE COMMUNE PREVUE AU \nCONTRAT PLURIANNUEL D'OBJECTIFS ET DE MOYENS DE  \nGROUPE ACPPA - 690802715 \n \nPOUR LES ETABLISSEMENTS ET SERVICES SUIV ANTS  \nEtablissement d'h\u00e9bergement pour personnes \u00e2g\u00e9es d\u00e9pendantes - EHPAD ACPPA PEAN - 750041634 \n \nCentre de Jour pour Personnes Ag\u00e9es - CAJ VILLA RUBENS - 750024168 \n \n \nLe Directeur G\u00e9n\u00e9ral de l'ARS Ile-de-France \n \nVU le Code de l'Action Sociale et des Familles ; \n  \nVU le Code de la S\u00e9curit\u00e9 Sociale ; \n  \nVU la loi n\u00b0 2025-199 du 28 f\u00e9vrier 2025 de financement de la S\u00e9curit\u00e9 Sociale pour 2025 \npubli\u00e9e au Journal Officiel du 28/02/2025 ; \n  \nVU l'arr\u00eat\u00e9 minist\u00e9riel du 02/06/2025 publi\u00e9 au Journal Officiel du 06/06/2025 pris en \napplication de l'article L314-3 du Code de l'Action Sociale et des Familles fixant, pour \nl'ann\u00e9e 2025 l'objectif global de d\u00e9penses d'assurance maladie et le montant total de \nd\u00e9penses pour les \u00e9tablissements et services relevant de la Caisse nationale de solidarit\u00e9 \npour l'autonomie ; \n  \nVU la d\u00e9cision du 02/06/2025 publi\u00e9e au Journal Officiel du 06/06/2025 relative aux dotations \nr\u00e9gionales limitatives 2025 et \u00e0 la moyenne nationale des besoins en soins requis 2025 ; \n  \nVU l'arr\u00eat\u00e9 du 28/05/2025 fixant pour 2025 les valeurs du point mentionn\u00e9es \u00e0 l'article R.314-\n162 du code de l'action sociale et des familles publi\u00e9 au Journal Officiel du 31/05/2025 ; \n \n  \nVU le d\u00e9cret du 10 Avril 2024 portant nomination de Monsieur ROBIN Denis en qualit\u00e9 de \nDirecteur G\u00e9n\u00e9ral de l'agence r\u00e9gionale de sant\u00e9 Ile-de-France ; \n \nVU la d\u00e9l\u00e9gation de signature du Directeur G\u00e9n\u00e9ral de l'ARS vers le Directeur D\u00e9partemental \nde PARIS en date du 16/04/2025 ;  \n  \nVU le Contrat Pluriannuel d'Objectifs et de Moyens conclu le 10/06/2021 prenant effet au \n01/01/2021 ; \n \n \nDECIDE \n \n \n \n \n \nAgence R\u00e9gionale de Sant\u00e9 - IDF-2025-06-26-00007 - d\u00e9cision tarifaire n\u00b0685 portant fixation pour 2025 du montant et de la\nr\u00e9partition de la dotation globalis\u00e9e commune pr\u00e9vue au contrat pluriannuel d'objectifs et de moyens de GROUPE ACPPA -\n690802715\n92\nArticle 1er A compter du 01/01/2025, au titre de 2025, la dotation globalis\u00e9e commune des \n\u00e9tablissements et services m\u00e9dico -sociaux financ\u00e9s par l'Assurance Maladie, g\u00e9r\u00e9s \npar l'entit\u00e9 d\u00e9nomm\u00e9e GROUPE ACPPA (690802715), a \u00e9t\u00e9 fix\u00e9e \u00e0 3  114 981,03 \u20ac, \ndont 0,00 \u20ac de cr\u00e9dits non reconductibles. \n \n Elle se r\u00e9partit de la mani\u00e8re suivante : \n \n \n- personnes \u00e2g\u00e9es : 3 114 981,03 \u20ac \n \n \n Dotations (en \u20ac) \nFINESS H\u00e9bergement \npermanent UHR PASA H\u00e9bergement \ntemporaire Accueil de jour Plateforme de \nr\u00e9pit SSIAD  \n750024168 \nCAJ VILLA RUBENS 244 918,41 0,00 0,00 0,00 0,00 0,00 0,00 \n750041634 \nEHPAD ACPPA PEAN 2 706 001,86 0,00 93 273,98 70 786,78 0,00 0,00 0,00 \n \n \nPour 2025, la fraction forfaitaire mensuelle, pour le secteur personnes \u00e2g\u00e9es, s'\u00e9tablit \u00e0 259 581,75 \u20ac. \n \n \n \n \n \nArticle 2 A compter du 1 er janvier 2026, en application de l'article L.314 -7 du CASF, la \ndotation globalis\u00e9e commune s'\u00e9l\u00e8ve, \u00e0 titre transitoire, \u00e0 3  344 616,02 \u20ac. Elle se \nr\u00e9partit de la mani\u00e8re suivante, les prix de journ\u00e9e de reconduction \u00e9tant \u00e9galement \nmentionn\u00e9s : \n \n \n-- personnes \u00e2g\u00e9es : 3 344 616,02 \u20ac \n \n Dotations (en \u20ac) \nFINESS H\u00e9bergement \npermanent UHR PASA H\u00e9bergement \ntemporaire Accueil de jour Plateforme de \nr\u00e9pit SSIAD \n750024168 \nCAJ VILLA RUBENS 244 918,40 0,00 0,00 0,00 0,00 0,00 0,00 \n750041634 \nEHPAD ACPPA PEAN 2 935 636,86 0,00 93 273,98 70 786,78 0,00 0,00 0,00 \n \n \nPour 2026, la fraction forfaitaire mensuelle, pour le secteur personnes \u00e2g\u00e9es, s'\u00e9tablit \u00e0 278 718,00 \u20ac. \n \n \n \n \n \n \n \n \n \nAgence R\u00e9gionale de Sant\u00e9 - IDF-2025-06-26-00007 - d\u00e9cision tarifaire n\u00b0685 portant fixation pour 2025 du montant et de la\nr\u00e9partition de la dotation globalis\u00e9e commune pr\u00e9vue au contrat pluriannuel d'objectifs et de moyens de GROUPE ACPPA -\n690802715\n93\nArticle 3 Les recours contentieux dirig\u00e9s contre la pr\u00e9sente d\u00e9cision doivent \u00eatre port\u00e9s devant \nle Tribunal Administratif sis 1, Place du Palais Royal, 75100 PARIS dans un d\u00e9lai de \ndeux mois \u00e0 compter de sa publication ou, pour les personnes auxquelles elle sera \nnotifi\u00e9e, \u00e0 compter de sa notification. Le tribunal administratif peut \u00eatre saisi par \nl'application \u00ab T\u00e9l\u00e9recours citoyens \u00bb accessible par le site www.telerecours.fr. \n  \nArticle 4 La pr\u00e9sente d\u00e9cision sera publi\u00e9e au recueil des actes administratifs. \n  \nArticle 5         Le Directeur G\u00e9n\u00e9ral de l'ARS  Ile-de-France est charg\u00e9 de l'ex\u00e9cution de la pr\u00e9sente \nd\u00e9cision qui sera notifi\u00e9e \u00e0 l'entit\u00e9 gestionnaire (GROUPE ACPPA 690802715) et aux \nstructures concern\u00e9es. \n \n \n \nFait \u00e0 Saint-Denis,  \n \nLe 26 juin 2025 \n \n  \nP/ L e Directeur de la D\u00e9l\u00e9gation \nD\u00e9partementale de Paris \nAgence R\u00e9gionale de Sant\u00e9 d'Ile-de-France \n \nLaure LE COAT \nResponsable du d\u00e9partement autonomie \n \n \n \n                                                                                                                               #signature# \n \nAgence R\u00e9gionale de Sant\u00e9 - IDF-2025-06-26-00007 - d\u00e9cision tarifaire n\u00b0685 portant fixation pour 2025 du montant et de la\nr\u00e9partition de la dotation globalis\u00e9e commune pr\u00e9vue au contrat pluriannuel d'objectifs et de moyens de GROUPE ACPPA -\n690802715\n94\nAgence R\u00e9gionale de Sant\u00e9\nIDF-2025-06-19-00015\nd\u00e9cision tarifaire n\u00b0686 portant fixation pour\n2025 du montant et de la r\u00e9partition de la\ndotation globalis\u00e9e commune pr\u00e9vue au contrat\npluriannuel d'objectifs et de moyens de COLISEE\nFRANCE - 330050899\nAgence R\u00e9gionale de Sant\u00e9 - IDF-2025-06-19-00015 - d\u00e9cision tarifaire n\u00b0686 portant fixation pour 2025 du montant et de la\nr\u00e9partition de la dotation globalis\u00e9e commune pr\u00e9vue au contrat pluriannuel d'objectifs et de moyens de COLISEE FRANCE -\n330050899\n95\nEXREPUBLIQUEFRANCAISELibert\u00e9 \u00a9 DAgence R\u00e9gionale de Sant\u00e9\u00c9galit\u00e9 \u00cele-de-FranceFraternit\u00e9\n \nDECISION TARIFAIRE N\u00b0686 PORTANT FIXATION POUR 2025 DU MONTANT ET DE LA \nREPARTITION DE LA DOTATION GLOBALISEE COMMUNE PREVUE AU \nCONTRAT PLURIANNUEL D'OBJECTIFS ET DE MOYENS DE  \nCOLISEE FRANCE - 330050899 \n \nPOUR LES ETABLISSEMENTS ET SERVICES SUIV ANTS  \nEtablissement d'h\u00e9bergement pour personnes \u00e2g\u00e9es d\u00e9pendantes - EHPAD RESIDENCE LA MAISON DES \nPARENTS - 750041436 \n \n \nLe Directeur G\u00e9n\u00e9ral de l'ARS Ile-de-France \n \nVU le Code de l'Action Sociale et des Familles ; \n  \nVU le Code de la S\u00e9curit\u00e9 Sociale ; \n  \nVU la loi n\u00b0 2025-199 du 28 f\u00e9vrier 2025 de financement de la S\u00e9curit\u00e9 Sociale pour 2025 \npubli\u00e9e au Journal Officiel du 28/02/2025 ; \n  \nVU l'arr\u00eat\u00e9 minist\u00e9riel du 02/06/2025 publi\u00e9 au Journal Officiel du 06/06/2025 pris en \napplication de l'article L314-3 du Code de l'Action Sociale et des Familles fixant, pour \nl'ann\u00e9e 2025 l'objectif global de d\u00e9penses d'assurance maladie et le montant total de \nd\u00e9penses pour les \u00e9tablissements et services relevant de la Caisse nationale de solidarit\u00e9 \npour l'autonomie ; \n  \nVU la d\u00e9cision du 02/06/2025 publi\u00e9e au Journal Officiel du 06/06/2025 relative aux dotations \nr\u00e9gionales limitatives 2025 et \u00e0 la moyenne nationale des besoins en soins requis 2025 ; \n  \nVU l'arr\u00eat\u00e9 du 28/05/2025 fixant pour 2025 les valeurs du point mentionn\u00e9es \u00e0 l'article R.314-\n162 du code de l'action sociale et des familles publi\u00e9 au Journal Officiel du 31/05/2025 ; \n \n  \nVU le d\u00e9cret du 10 Avril 2024 portant nomination de Monsieur ROBIN Denis en qualit\u00e9 de \nDirecteur G\u00e9n\u00e9ral de l'agence r\u00e9gionale de sant\u00e9 Ile-de-France ; \n \nVU la d\u00e9l\u00e9gation de signature du Directeur G\u00e9n\u00e9ral de l'ARS vers le Directeur D\u00e9partemental \nde PARIS en date du 16/04/2025 ;  \n  \nVU le Contrat Pluriannuel d'Objectifs et de Moyens conclu le 15/04/2019 prenant effet au \n01/01/2019 ; \n \n \nDECIDE \n \n \n \n \n \n \nAgence R\u00e9gionale de Sant\u00e9 - IDF-2025-06-19-00015 - d\u00e9cision tarifaire n\u00b0686 portant fixation pour 2025 du montant et de la\nr\u00e9partition de la dotation globalis\u00e9e commune pr\u00e9vue au contrat pluriannuel d'objectifs et de moyens de COLISEE FRANCE -\n330050899\n96\nArticle 1er A compter du 01/01/2025, au titre de 2025, la dotation globalis\u00e9e commune des \n\u00e9tablissements et services m\u00e9dico -sociaux financ\u00e9s par l'Assurance Maladie, g\u00e9r\u00e9s \npar l'entit\u00e9 d\u00e9nomm\u00e9e COLISEE FRANCE (330050899), a \u00e9t\u00e9 fix\u00e9e \u00e0 \n2 468 810,26 \u20ac, dont 0,00 \u20ac de cr\u00e9dits non reconductibles. \n \n Elle se r\u00e9partit de la mani\u00e8re suivante : \n \n \n- personnes \u00e2g\u00e9es : 2 468 810,27 \u20ac \n \n \n Dotations (en \u20ac) \nFINESS H\u00e9bergement \npermanent UHR PASA H\u00e9bergement \ntemporaire Accueil de jour Plateforme de \nr\u00e9pit SSIAD  \n750041436 \nEHPAD RESIDENCE LA \nMAISON DES \nPARENTS \n2 468 810,27 0,00 0,00 0,00 0,00 0,00 0,00 \n \n \n \nPour 2025, la fraction forfaitaire mensuelle, pour le secteur personnes \u00e2g\u00e9es, s'\u00e9tablit \u00e0 205 734,19 \u20ac. \n \n \n \n \n \n \n \n \n \n \n \n \n \n \n \n \n \n \n \n \n \n \n \n \n \n \n \n \n \n \n \nAgence R\u00e9gionale de Sant\u00e9 - IDF-2025-06-19-00015 - d\u00e9cision tarifaire n\u00b0686 portant fixation pour 2025 du montant et de la\nr\u00e9partition de la dotation globalis\u00e9e commune pr\u00e9vue au contrat pluriannuel d'objectifs et de moyens de COLISEE FRANCE -\n330050899\n97\nArticle 2 A compter du 1 er janvier 2026, en application de l'article L.314 -7 du CASF, la \ndotation globalis\u00e9e commune s'\u00e9l\u00e8ve, \u00e0 titre transitoire, \u00e0 2  468 810,27 \u20ac. Elle se \nr\u00e9partit de la mani\u00e8re suivante : \n \n \n-- personnes \u00e2g\u00e9es : 2 468 810,27 \u20ac \n \n Dotations (en \u20ac) \nFINESS H\u00e9bergement \npermanent UHR PASA H\u00e9bergement \ntemporaire Accueil de jour Plateforme de \nr\u00e9pit SSIAD \n750041436 \nEHPAD RESIDENCE LA \nMAISON DES PARENTS \n2 468 810,27 0,00 0,00 0,00 0,00 0,00 0,00 \n \n \nPour 2026, la fraction forfaitaire mensuelle, pour le secteur personnes \u00e2g\u00e9es, s'\u00e9tablit \u00e0 205 734,19 \u20ac. \n \n \n \n \n \n \n \n \n \n \n \n \n \n \n \n \n \n \n \n \n \n \n \n \n \n \n \n \n \n \n \n \n \n \n \n \nAgence R\u00e9gionale de Sant\u00e9 - IDF-2025-06-19-00015 - d\u00e9cision tarifaire n\u00b0686 portant fixation pour 2025 du montant et de la\nr\u00e9partition de la dotation globalis\u00e9e commune pr\u00e9vue au contrat pluriannuel d'objectifs et de moyens de COLISEE FRANCE -\n330050899\n98\nArticle 3 Les recours contentieux dirig\u00e9s contre la pr\u00e9sente d\u00e9cision doivent \u00eatre port\u00e9s devant \nle Tribunal Administratif sis 1, Place du Palais Royal, 75100 PARIS dans un d\u00e9lai de \ndeux mois \u00e0 compter de sa publication ou, pour les personnes auxquelles elle sera \nnotifi\u00e9e, \u00e0 compter de sa notification. Le tribunal administratif peut \u00eatre saisi par \nl'application \u00ab T\u00e9l\u00e9recours citoyens \u00bb accessible par le site www.telerecours.fr. \n  \nArticle 4 La pr\u00e9sente d\u00e9cision sera publi\u00e9e au recueil des actes administratifs. \n  \nArticle 5         Le Directeur G\u00e9n\u00e9ral de l'ARS  Ile-de-France est charg\u00e9 de l'ex\u00e9cution de la pr\u00e9sente \nd\u00e9cision qui sera notifi\u00e9e \u00e0 l'entit\u00e9 gestionnaire (COLISEE FRANCE 330050899) et \naux structures concern\u00e9es. \n \n \n \nFait \u00e0 Saint-Denis,  \n \nLe 19 juin 2025 \n \n  \nP/ L e Directeur de la D\u00e9l\u00e9gation \nD\u00e9partementale de Paris \nAgence R\u00e9gionale de Sant\u00e9 d'Ile-de-France \n \nLaure LE COAT \nResponsable du d\u00e9partement autonomie \n \n \n \n                                                                                                                               #signature# \n \nAgence R\u00e9gionale de Sant\u00e9 - IDF-2025-06-19-00015 - d\u00e9cision tarifaire n\u00b0686 portant fixation pour 2025 du montant et de la\nr\u00e9partition de la dotation globalis\u00e9e commune pr\u00e9vue au contrat pluriannuel d'objectifs et de moyens de COLISEE FRANCE -\n330050899\n99\nAgence R\u00e9gionale de Sant\u00e9\nIDF-2025-06-19-00014\nd\u00e9cision tarifaire n\u00b0687 portant fixation pour\n2025 du montant et de la r\u00e9partition de la\ndotation globalis\u00e9e commune pr\u00e9vue au contrat\npluriannuel d'objectifs et de moyens de SARL\nRESIDENCE DU MARAIS - 750041394\nAgence R\u00e9gionale de Sant\u00e9 - IDF-2025-06-19-00014 - d\u00e9cision tarifaire n\u00b0687 portant fixation pour 2025 du montant et de la\nr\u00e9partition de la dotation globalis\u00e9e commune pr\u00e9vue au contrat pluriannuel d'objectifs et de moyens de SARL RESIDENCE DU\nMARAIS - 750041394\n100\nEXREPUBLIQUEFRANCAISELibert\u00e9 \u00a9 DAgence R\u00e9gionale de Sant\u00e9\u00c9galit\u00e9 \u00cele-de-FranceFraternit\u00e9\n \nDECISION TARIFAIRE N\u00b0687 PORTANT FIXATION POUR 2025 DU MONTANT ET DE LA \nREPARTITION DE LA DOTATION GLOBALISEE COMMUNE PREVUE AU \nCONTRAT PLURIANNUEL D'OBJECTIFS ET DE MOYENS DE  \nSARL RESIDENCE DU MARAIS - 750041394 \n \nPOUR LES ETABLISSEMENTS ET SERVICES SUIV ANTS  \nEtablissement d'h\u00e9bergement pour personnes \u00e2g\u00e9es d\u00e9pendantes - EHPAD RESIDENCE DU MARAIS - \n750041402 \n \n \nLe Directeur G\u00e9n\u00e9ral de l'ARS Ile-de-France \n \nVU le Code de l'Action Sociale et des Familles ; \n  \nVU le Code de la S\u00e9curit\u00e9 Sociale ; \n  \nVU la loi n\u00b0 2025-199 du 28 f\u00e9vrier 2025 de financement de la S\u00e9curit\u00e9 Sociale pour 2025 \npubli\u00e9e au Journal Officiel du 28/02/2025 ; \n  \nVU l'arr\u00eat\u00e9 minist\u00e9riel du 02/06/2025 publi\u00e9 au Journal Officiel du 06/06/2025 pris en \napplication de l'article L314-3 du Code de l'Action Sociale et des Familles fixant, pour \nl'ann\u00e9e 2025 l'objectif global de d\u00e9penses d'assurance maladie et le montant total de \nd\u00e9penses pour les \u00e9tablissements et services relevant de la Caisse nationale de solidarit\u00e9 \npour l'autonomie ; \n  \nVU la d\u00e9cision du 02/06/2025 publi\u00e9e au Journal Officiel du 06/06/2025 relative aux dotations \nr\u00e9gionales limitatives 2025 et \u00e0 la moyenne nationale des besoins en soins requis 2025 ; \n  \nVU l'arr\u00eat\u00e9 du 28/05/2025 fixant pour 2025 les valeurs du point mentionn\u00e9es \u00e0 l'article R.314-\n162 du code de l'action sociale et des familles publi\u00e9 au Journal Officiel du 31/05/2025 ; \n \n  \nVU le d\u00e9cret du 10 Avril 2024 portant nomination de Monsieur ROBIN Denis en qualit\u00e9 de \nDirecteur G\u00e9n\u00e9ral de l'agence r\u00e9gionale de sant\u00e9 Ile-de-France ; \n \nVU la d\u00e9l\u00e9gation de signature du Directeur G\u00e9n\u00e9ral de l'ARS vers le Directeur D\u00e9partemental \nde PARIS en date du 16/04/2025 ;  \n  \nVU le Contrat Pluriannuel d'Objectifs et de Moyens conclu le 02/02/2018 prenant effet au \n01/01/2018 ; \n \n \nDECIDE \n \n \n \n \n \n \nAgence R\u00e9gionale de Sant\u00e9 - IDF-2025-06-19-00014 - d\u00e9cision tarifaire n\u00b0687 portant fixation pour 2025 du montant et de la\nr\u00e9partition de la dotation globalis\u00e9e commune pr\u00e9vue au contrat pluriannuel d'objectifs et de moyens de SARL RESIDENCE DU\nMARAIS - 750041394\n101\nArticle 1er A compter du 01/01/2025, au titre de 2025, la dotation globalis\u00e9e commune des \n\u00e9tablissements et services m\u00e9dico -sociaux financ\u00e9s par l'Assurance Maladie, g\u00e9r\u00e9s \npar l'entit\u00e9 d\u00e9nomm\u00e9e SARL RESIDENCE DU MARAIS (750041394), a \u00e9t\u00e9 fix\u00e9e \u00e0 \n626 290,88 \u20ac, dont 13 000,00 \u20ac de cr\u00e9dits non reconductibles. \n \n Elle se r\u00e9partit de la mani\u00e8re suivante : \n \n \n- personnes \u00e2g\u00e9es : 626 290,88 \u20ac \n \n \n Dotations (en \u20ac) \nFINESS H\u00e9bergement \npermanent UHR PASA H\u00e9bergement \ntemporaire Accueil de jour Plateforme de \nr\u00e9pit SSIAD  \n750041402 \nEHPAD RESIDENCE \nDU MARAIS \n626 290,88 0,00 0,00 0,00 0,00 0,00 0,00 \n \n \n \nPour 2025, la fraction forfaitaire mensuelle, pour le secteur personnes \u00e2g\u00e9es, s'\u00e9tablit \u00e0 52 190,91 \u20ac. \n \n \n \n \n \n \n \n \n \n \n \n \n \n \n \n \n \n \n \n \n \n \n \n \n \n \n \n \n \n \n \n \nAgence R\u00e9gionale de Sant\u00e9 - IDF-2025-06-19-00014 - d\u00e9cision tarifaire n\u00b0687 portant fixation pour 2025 du montant et de la\nr\u00e9partition de la dotation globalis\u00e9e commune pr\u00e9vue au contrat pluriannuel d'objectifs et de moyens de SARL RESIDENCE DU\nMARAIS - 750041394\n102\nArticle 2 A compter du 1 er janvier 2026, en application de l'article L.314 -7 du CASF, la \ndotation globalis\u00e9e commune s'\u00e9l\u00e8ve, \u00e0 titre transitoire, \u00e0 613  290,88 \u20ac. Elle se \nr\u00e9partit de la mani\u00e8re suivante : \n \n \n-- personnes \u00e2g\u00e9es : 613 290,88 \u20ac \n \n Dotations (en \u20ac) \nFINESS H\u00e9bergement \npermanent UHR PASA H\u00e9bergement \ntemporaire Accueil de jour Plateforme de \nr\u00e9pit SSIAD \n750041402 \nEHPAD RESIDENCE DU \nMARAIS \n613 290,88 0,00 0,00 0,00 0,00 0,00 0,00 \n \n \n \nPour 2026, la fraction forfaitaire mensuelle, pour le secteur personnes \u00e2g\u00e9es, s'\u00e9tablit \u00e0 51 107,57 \u20ac. \n \n \n \n \n \n \n \n \n \n \n \n \n \n \n \n \n \n \n \n \n \n \n \n \n \n \n \n \n \n \n \n \n \n \nArticle 3 Les recours contentieux dirig\u00e9s contre la pr\u00e9sente d\u00e9cision doivent \u00eatre port\u00e9s devant \nAgence R\u00e9gionale de Sant\u00e9 - IDF-2025-06-19-00014 - d\u00e9cision tarifaire n\u00b0687 portant fixation pour 2025 du montant et de la\nr\u00e9partition de la dotation globalis\u00e9e commune pr\u00e9vue au contrat pluriannuel d'objectifs et de moyens de SARL RESIDENCE DU\nMARAIS - 750041394\n103\nle Tribunal Administratif sis 1, Place du Palais Royal, 75100 PARIS dans un d\u00e9lai de \ndeux mois \u00e0 compter de sa publication ou, pour les personnes auxquelles elle sera \nnotifi\u00e9e, \u00e0 compter de sa notification. Le tribunal administratif peut \u00eatre saisi par \nl'application \u00ab T\u00e9l\u00e9recours citoyens \u00bb accessible par le site www.telerecours.fr. \n  \nArticle 4 La pr\u00e9sente d\u00e9cision sera publi\u00e9e au recueil des actes administratifs. \n  \nArticle 5         Le Directeur G\u00e9n\u00e9ral de l'ARS  Ile-de-France est charg\u00e9 de l'ex\u00e9cution de la pr\u00e9sente \nd\u00e9cision qui sera notifi\u00e9e \u00e0 l'entit\u00e9 gestionnaire (SARL RESIDENCE DU MARAIS \n750041394) et aux structures concern\u00e9es. \n \n \n \nFait \u00e0 Saint-Denis,  \n \nLe 19 juin 2025 \n \n  \nP/ L e Directeur de la D\u00e9l\u00e9gation \nD\u00e9partementale de Paris \nAgence R\u00e9gionale de Sant\u00e9 d'Ile-de-France \n \nLaure LE COAT \nResponsable du d\u00e9partement autonomie \n \n \n \n                                                                                                                               #signature# \n \nAgence R\u00e9gionale de Sant\u00e9 - IDF-2025-06-19-00014 - d\u00e9cision tarifaire n\u00b0687 portant fixation pour 2025 du montant et de la\nr\u00e9partition de la dotation globalis\u00e9e commune pr\u00e9vue au contrat pluriannuel d'objectifs et de moyens de SARL RESIDENCE DU\nMARAIS - 750041394\n104\nAgence R\u00e9gionale de Sant\u00e9\nIDF-2025-06-19-00009\nd\u00e9cision tarifaire n\u00b0689 portant fixation du\nforfait global de soins pour 2025 de EHPAD LE\nTREFLE BLEU CARDINET - 750041030\nAgence R\u00e9gionale de Sant\u00e9 - IDF-2025-06-19-00009 - d\u00e9cision tarifaire n\u00b0689 portant fixation du forfait global de soins pour 2025 de\nEHPAD LE TREFLE BLEU CARDINET - 750041030 105\nEXREPUBLIQUEFRANCAISElens \u00a9 Agence R\u00e9gionale de Sant\u00e9\u00c9galit\u00e9 \u00cele-de-FranceFraternit\u00e9\n  \n \nDECISION TARIFAIRE N\u00b0689 PORTANT FIXATION DU FORFAIT GLOBAL DE SOINS POUR \n2025 DE \nEHPAD LE TREFLE BLEU CARDINET - 750041030 \n \nLe Directeur G\u00e9n\u00e9ral de l'ARS Ile-de-France \n \nVU le Code de l'Action Sociale et des Familles \n  \nVU le Code de la S\u00e9curit\u00e9 Sociale ; \n  \nVU la loi n\u00b02025 -199 du 28 f\u00e9vrier 2025 de financement de la S\u00e9curit\u00e9 Sociale pour 2025 \npubli\u00e9e au Journal Officiel du 28/02/2025 ; \n  \nVU l'arr\u00eat\u00e9 minist\u00e9riel du 02/06/2025 publi\u00e9 au Journal Officiel du 06/06/2025 pris en \napplication de l'article L314 -3 du Code de l'Action Sociale et des Familles fixant, pour \nl'ann\u00e9e 2025 l'objectif global de d\u00e9penses d'assurance maladie et le montant total de \nd\u00e9penses pour les \u00e9tablissements et services relevant de la Caisse nationale de solidarit\u00e9 \npour l'autonomie ; \n  \nVU la d\u00e9cision du 02/06/2025 publi\u00e9e au Journal Officiel du 06/06/2025 relative aux dotations \nr\u00e9gionales limitatives 2025 et \u00e0 la moyenne nationale des besoins en soins requis 2025 ; \n  \nVU l'arr\u00eat\u00e9 du 28/05/2025 fixant pour 2025 les valeurs du point mentionn\u00e9es \u00e0 l'article R.314-\n162 du code de l'action sociale et des familles publi\u00e9 au Journal Officiel du 31/05/2025 ; \n  \nVU le d\u00e9cret du 10 Avril 2024 portant nomination de Monsieur, ROBIN, Denis en qualit\u00e9 de \nDirecteur G\u00e9n\u00e9ral de l'agence r\u00e9gionale de sant\u00e9 Ile-de-France ; \n  \nVU la d\u00e9cision de d\u00e9l\u00e9gation de signature du Directeur G\u00e9n\u00e9ral de l'ARS vers le Directeur \nD\u00e9partemental de PARIS en date du 16/04/2025 ; \n \nVU l'autorisation ou le renouvellement d'autorisation en date du 03/01/2017 de la structure \nEtablissement d'h\u00e9bergement pour personnes \u00e2g\u00e9es d\u00e9pendantes d\u00e9nomm\u00e9e EHPAD LE \nTREFLE BLEU CARDINET (750041030) sise 152 R CARDINET 75017 Paris 17e \nArrondissement et g\u00e9r\u00e9e par l'entit\u00e9 d\u00e9nomm\u00e9e LE TREFLE BLEU (750026288) ; \n  \n \n \nDECIDE \n \n \n \n \n \n \n \n \nAgence R\u00e9gionale de Sant\u00e9 - IDF-2025-06-19-00009 - d\u00e9cision tarifaire n\u00b0689 portant fixation du forfait global de soins pour 2025 de\nEHPAD LE TREFLE BLEU CARDINET - 750041030 106\nArticle 1er A compter du 01/01/2025, le forfait global de soins est fix\u00e9 \u00e0 497  358,98 \u20ac au titre de \n2025, dont 0,00 \u20ac au titre des cr\u00e9dits non reconductible. \n \n \nLa fraction forfaitaire mensuelle s'\u00e9tablit \u00e0 41 446,58 \u20ac. \n \n \nPour 2025, les tarifs sont d\u00e9compos\u00e9s comme suit : \n \n Forfait global de soins \nH\u00e9bergement \nPermanent \n497 358,98 \nUHR \n0,00 \nPASA \n0,00 \nH\u00e9bergement \nTemporaire \n0,00 \nAccueil de jour \n0,00 \nPlateforme de r\u00e9pit \n0,00 \n \n \n \n \n \n \n \n \n \n \n \n \n \n \n \n \n \n \n \n \n \n \n \n \n \nAgence R\u00e9gionale de Sant\u00e9 - IDF-2025-06-19-00009 - d\u00e9cision tarifaire n\u00b0689 portant fixation du forfait global de soins pour 2025 de\nEHPAD LE TREFLE BLEU CARDINET - 750041030 107\nArticle 2 A compter du 1er janvier 2026 , en application de l'article L.314-7 du CASF, le forfait \nglobal de soins est fix\u00e9, \u00e0 titre transitoire, \u00e0 497 358,98 \u20ac. \n  \n Les tarifs de reconduction sont fix\u00e9s \u00e0 : \n \n Forfait global de soins \nH\u00e9bergement \nPermanent \n497 358,98 \nUHR \n0,00 \nPASA \n0,00 \nH\u00e9bergement \nTemporaire \n0,00 \nAccueil de jour \n0,00 \nPlateforme de r\u00e9pit \n0,00 \n \n \n La fraction forfaitaire mensuelle s'\u00e9tablit \u00e0 41 446,58 \u20ac. \n \n \n \n \n \n \n \n \n \n \n \n \n \n \n \n \n \n \n \n \n \n \n \n \n \n \n \n \n  \nAgence R\u00e9gionale de Sant\u00e9 - IDF-2025-06-19-00009 - d\u00e9cision tarifaire n\u00b0689 portant fixation du forfait global de soins pour 2025 de\nEHPAD LE TREFLE BLEU CARDINET - 750041030 108\nArticle 3 Les recours contentieux dirig\u00e9s contre la pr\u00e9sente d\u00e9cision doivent \u00eatre port\u00e9s devant \nle Tribunal Administratif sis 1 Place du Palais Royal 75100 PARIS dans un d\u00e9lai de \ndeux mois \u00e0 compter de sa publication ou, pour les personnes auxquelles elle sera \nnotifi\u00e9e, \u00e0 compter de sa notification. Le tribunal administratif peut \u00eatre saisi par \nl'application \u00ab T\u00e9l\u00e9recours citoyens \u00bb accessible par le site www.telerecours.fr. \n  \nArticle 4 La pr\u00e9sente d\u00e9cision sera publi\u00e9e au recueil des actes administratifs. \n  \nArticle 5         Le Directeur G\u00e9n\u00e9ral de l'ARS Ile -de-France est charg\u00e9 de l'ex\u00e9cution de la pr\u00e9sente \nd\u00e9cision qui sera notifi\u00e9e \u00e0 l'entit\u00e9 gestionnaire LE TREFLE BLEU (750026288) et \u00e0 \nl'\u00e9tablissement concern\u00e9. \n \n \n \nFait \u00e0 Saint-Denis,  \n \nLe 19 juin 2025 \n \n  \nP/ L e Directeur de la D\u00e9l\u00e9gation \nD\u00e9partementale de Paris \nAgence R\u00e9gionale de Sant\u00e9 d'Ile-de-France \n \nLaure LE COAT \nResponsable du d\u00e9partement autonomie \n \n \n \n         #signature# \n \n \nAgence R\u00e9gionale de Sant\u00e9 - IDF-2025-06-19-00009 - d\u00e9cision tarifaire n\u00b0689 portant fixation du forfait global de soins pour 2025 de\nEHPAD LE TREFLE BLEU CARDINET - 750041030 109\nAgence R\u00e9gionale de Sant\u00e9\nIDF-2025-07-02-00011\nD\u00e9cision tarifaire n\u00b0691 portant fixation du\nforfait de soins pour 2025 de CAJ LES PORTES DU\nSUD 750040669\nAgence R\u00e9gionale de Sant\u00e9 - IDF-2025-07-02-00011 - D\u00e9cision tarifaire n\u00b0691 portant fixation du forfait de soins pour 2025 de CAJ LES\nPORTES DU SUD 750040669 110\nREPUBLIQUEerate @ DAverce R\u00e9gional de Sent\u00e9\u00c9t\u00e9 \u00cele-de-FranceFraternit\u00e9\n1 \n \n \nDECISION TARIFAIRE N\u00b0 691 PORTANT FIXATION DU FORFAIT DE SOINS POUR 2025 DE \nCAJ LES PORTES DU SUD - 750040669 \n \n \nLe Directeur G\u00e9n\u00e9ral de l'ARS Ile-de-France \n \nVU le Code de l'Action Sociale et des Familles ; \n \nVU le Code de la S\u00e9curit\u00e9 Sociale ; \n \nVU la loi n\u00b0 2025 -199 du 28 f\u00e9vrier 2025 de financement de la S\u00e9curit\u00e9 Sociale pour 2025 \npubli\u00e9e au Journal Officiel du 28/02/2025; \n \nVU l'arr\u00eat\u00e9 minist\u00e9riel du 02/06/2025 publi\u00e9 au Journal Officiel du 06/06/2025 pris en \napplication de l'article L314 -3 du Code de l'Action Sociale et des Familles fixant, pour \nl'ann\u00e9e 2025 l'objectif global de d\u00e9penses d'assurance maladie et le montant total de \nd\u00e9penses pour les \u00e9tablissements et services relevant de la Caisse nationale de solidarit\u00e9 \npour l'autonomie ; \n \nVU la d\u00e9cision du 02/06/2025 publi\u00e9e au Journal Officiel du 06/06/2025 relative aux dotations \nr\u00e9gionales limitatives 2025 et \u00e0 la moyenne nationale des besoins en soins requis 2025 ; \n \nVU le d\u00e9cret du 10 Avril 2024 portant nomination de Monsieur ROBIN Denis en qualit\u00e9 de \nDirecteur G\u00e9n\u00e9ral de l'agence r\u00e9gionale de sant\u00e9 Ile-de-France ; \n \nVU la d\u00e9cision de d\u00e9l\u00e9gation de signature du Directeur G\u00e9n\u00e9ral de l'ARS vers le Directeur \nD\u00e9partemental de PARIS en date du 16/04/2025 ; \n   \nVU l'autorisation ou le renouvellement d'autorisation en date du 28/02/2008 de la structure \nCentre de Jour pour Personnes Ag\u00e9es d\u00e9nomm\u00e9e CAJ LES PORTES DU SUD (750040669) \nsise 16 AV LEON BOLLEE 75013 Paris 13e Arrondissement et g\u00e9r\u00e9e par l'entit\u00e9 \nd\u00e9nomm\u00e9e ASSOCIATION ISATIS (940017304);  \n  \n  \n  \n \n \n \n \nDECIDE \n \n  \nAgence R\u00e9gionale de Sant\u00e9 - IDF-2025-07-02-00011 - D\u00e9cision tarifaire n\u00b0691 portant fixation du forfait de soins pour 2025 de CAJ LES\nPORTES DU SUD 750040669 111\n2 \n \n \nArticle 1er A compter du 01/01/2025, au titre de 2025, le forfait de soins est fix\u00e9 \u00e0 398 462,36 \u20ac, \ndont 0,00 \u20ac de cr\u00e9dits non reconductibles  \n \nPour 2025, la fraction forfaitaire mensuelle s'\u00e9tablit \u00e0 33 205,20 \u20ac. \n \n  \nArticle 2 Ainsi et \u00e0 compter du 1 er janvier 2026, en application de l'article L.314 -7 du CASF, \nle forfait de soins est fix\u00e9, \u00e0 titre transitoire, 398 462,36 \u20ac (douzi\u00e8me applicable \ns'\u00e9levant \u00e0 33 205,20 \u20ac) \n \n  \nArticle 3 Les recours contentieux dirig\u00e9s contre la pr\u00e9sente d\u00e9cision doivent \u00eatre port\u00e9s devant \nle Tribunal Administratif sis 1 Place du Palais Royal 75100 PARIS dans un d\u00e9lai de \ndeux mois \u00e0 compter de sa publication ou, pour les personnes auxquelles elle sera \nnotifi\u00e9e, \u00e0 compter de sa notification. Le tribunal administratif peut \u00eatre saisi par \nl'application \u00ab T\u00e9l\u00e9recours citoyens \u00bb accessible par le site www.telerecours.fr. \n  \nArticle 4 La pr\u00e9sente d\u00e9cision sera publi\u00e9e au recueil des actes administratifs. \n  \nArticle 5         Le Directeur G\u00e9n\u00e9ral de l'ARS Ile-de-France est charg\u00e9 de l'ex\u00e9cution de la pr\u00e9sente \nd\u00e9cision qui sera notifi\u00e9e \u00e0 l'entit\u00e9 gestionnaire ASSOCIATION ISATIS \n(940017304) et \u00e0 l'\u00e9tablissement concern\u00e9. \n \n \nFait \u00e0 Saint-Denis,  \n \nle 2 juillet 2025 \n \n  \nP/ Le Directeur de la D\u00e9l\u00e9gation D\u00e9partementale de Paris \nAgence R\u00e9gionale de Sant\u00e9 d'Ile-de-France \n \nLaure LE COAT \nResponsable du d\u00e9partement autonomie \n \n \n \n#signature# \n \nAgence R\u00e9gionale de Sant\u00e9 - IDF-2025-07-02-00011 - D\u00e9cision tarifaire n\u00b0691 portant fixation du forfait de soins pour 2025 de CAJ LES\nPORTES DU SUD 750040669 112\nAgence R\u00e9gionale de Sant\u00e9\nIDF-2025-06-20-00016\nd\u00e9cision tarifaire n\u00b0692 portant fixation du\nforfait global de soins pour 2025 de EHPAD\nRESIDENCE GOBELINS - 750040149\nAgence R\u00e9gionale de Sant\u00e9 - IDF-2025-06-20-00016 - d\u00e9cision tarifaire n\u00b0692 portant fixation du forfait global de soins pour 2025 de\nEHPAD RESIDENCE GOBELINS - 750040149 113\nEXREPUBLIQUEFRANCAISELibert\u00e9 0 D Agence R\u00e9gionale de Sant\u00e9\u00c9galit\u00e9 \u00cele-de-FranceFraternit\u00e9\n  \n \nDECISION TARIFAIRE N\u00b0692 PORTANT FIXATION DU FORFAIT GLOBAL DE SOINS POUR \n2025 DE \nEHPAD RESIDENCE GOBELINS - 750040149 \n \nLe Directeur G\u00e9n\u00e9ral de l'ARS Ile-de-France \n \nVU le Code de l'Action Sociale et des Familles \n  \nVU le Code de la S\u00e9curit\u00e9 Sociale ; \n  \nVU la loi n\u00b02025 -199 du 28 f\u00e9vrier 2025 de financement de la S\u00e9curit\u00e9 Sociale pour 2025 \npubli\u00e9e au Journal Officiel du 28/02/2025 ; \n  \nVU l'arr\u00eat\u00e9 minist\u00e9riel du 02/06/2025 publi\u00e9 au Journal Officiel du 06/06/2025 pris en \napplication de l'article L314 -3 du Code de l'Action Sociale et des Familles fixant, pour \nl'ann\u00e9e 2025 l'objectif global de d\u00e9penses d'assurance maladie et le montant total de \nd\u00e9penses pour les \u00e9tablissements et services relevant de la Caisse nationale de solidarit\u00e9 \npour l'autonomie ; \n  \nVU la d\u00e9cision du 02/06/2025 publi\u00e9e au Journal Officiel du 06/06/2025 relative aux dotations \nr\u00e9gionales limitatives 2025 et \u00e0 la moyenne nationale des besoins en soins requis 2025 ; \n  \nVU l'arr\u00eat\u00e9 du 28/05/2025 fixant pour 2025 les valeurs du point mentionn\u00e9es \u00e0 l'article R.314-\n162 du code de l'action sociale et des familles publi\u00e9 au Journal Officiel du 31/05/2025 ; \n  \nVU le d\u00e9cret du 10 Avril 2024 portant nomination de Monsieur, ROBIN, Denis en qualit\u00e9 de \nDirecteur G\u00e9n\u00e9ral de l'agence r\u00e9gionale de sant\u00e9 Ile-de-France ; \n  \nVU la d\u00e9cision de d\u00e9l\u00e9gation de signature du Directeur G\u00e9n\u00e9ral de l'ARS vers le Directeur \nD\u00e9partemental de PARIS en date du 16/04/2025 ; \n \nVU l'autorisation ou le renouvellement d'autorisation en date du 12/02/2008 de la structure \nEtablissement d'h\u00e9bergement pour personnes \u00e2g\u00e9es d\u00e9pendantes d\u00e9nomm\u00e9e EHPAD \nRESIDENCE GOBELINS (750040149) sise 35 R LE BRUN 75013 Paris 13e \nArrondissement et g\u00e9r\u00e9e par l'entit\u00e9 d\u00e9nomm\u00e9e SAS RESIDENCE LES GOBELINS \nEHPAD (750040099) ; \n  \n \n \nDECIDE \n \nArticle 1er A compter du 01/01/2025, le forfait global de soins est fix\u00e9 \u00e0 2  046 715,27 \u20ac au titre \nde 2025, dont 0,00 \u20ac au titre des cr\u00e9dits non reconductible vers\u00e9s. \n \n \nLa fraction forfaitaire mensuelle s'\u00e9tablit \u00e0 170 559,61 \u20ac. \n \nAgence R\u00e9gionale de Sant\u00e9 - IDF-2025-06-20-00016 - d\u00e9cision tarifaire n\u00b0692 portant fixation du forfait global de soins pour 2025 de\nEHPAD RESIDENCE GOBELINS - 750040149 114\n \nPour 2025, les tarifs sont d\u00e9compos\u00e9s comme suit : \n \n Forfait global de soins \nH\u00e9bergement \nPermanent \n2 046 715,27 \nUHR \n0,00 \nPASA \n0,00 \nH\u00e9bergement \nTemporaire \n0,00 \nAccueil de jour \n0,00 \nPlateforme de r\u00e9pit \n0,00 \n \n \nArticle 2 A compter du 1er janvier 2026, en application de l'article L.314 -7 du CASF, le forfait \nglobal de soins est fix\u00e9, \u00e0 titre transitoire, \u00e0 2 046 715,27 \u20ac. \n  \n Les tarifs de reconduction sont fix\u00e9s \u00e0 : \n \n Forfait global de soins \nH\u00e9bergement \nPermanent \n2 046 715,27 \nUHR \n0,00 \nPASA \n0,00 \nH\u00e9bergement \nTemporaire \n0,00 \nAccueil de jour \n0,00 \nPlateforme de r\u00e9pit \n0,00 \n \n \n La fraction forfaitaire mensuelle s'\u00e9tablit \u00e0 170 559,61 \u20ac. \n \n  \nArticle 3 Les recours contentieux dirig\u00e9s contre la pr\u00e9sente d\u00e9cision doivent \u00eatre port\u00e9s devant \nle Tribunal Administratif sis 1 Place du Palais Royal 75100 PARIS dans un d\u00e9lai de \ndeux mois \u00e0 compter de sa publication ou, pour les personnes auxquelles elle sera \nAgence R\u00e9gionale de Sant\u00e9 - IDF-2025-06-20-00016 - d\u00e9cision tarifaire n\u00b0692 portant fixation du forfait global de soins pour 2025 de\nEHPAD RESIDENCE GOBELINS - 750040149 115\nnotifi\u00e9e, \u00e0 compter de sa notification. Le tribunal administratif peut \u00eatre saisi par \nl'application \u00ab T\u00e9l\u00e9recours citoyens \u00bb accessible par le site www.telerecours.fr. \n  \nArticle 4 La pr\u00e9sente d\u00e9cision sera publi\u00e9e au recueil des actes administratifs. \n  \nArticle 5         Le Directeur G\u00e9n\u00e9ral de l'ARS Ile -de-France est charg\u00e9 de l'ex\u00e9cution de la pr\u00e9sente \nd\u00e9cision qui sera notifi\u00e9e \u00e0 l'entit\u00e9 gestionnaire SAS RESIDENCE LES GOBELINS \nEHPAD (750040099) et \u00e0 l'\u00e9tablissement concern\u00e9. \n \n \nFait \u00e0 Saint-Denis,  \n \nle 20 juin 2025 \n \n  \nP/ L e Directeur de la D\u00e9l\u00e9gation \nD\u00e9partementale de Paris \nAgence R\u00e9gionale de Sant\u00e9 d'Ile-de-France \n \nLaure LE COAT \nResponsable du d\u00e9partement autonomie \n \n \n \n \n         #signature# \n \n \nAgence R\u00e9gionale de Sant\u00e9 - IDF-2025-06-20-00016 - d\u00e9cision tarifaire n\u00b0692 portant fixation du forfait global de soins pour 2025 de\nEHPAD RESIDENCE GOBELINS - 750040149 116\nAgence R\u00e9gionale de Sant\u00e9\nIDF-2025-06-19-00008\nd\u00e9cision tarifaire n\u00b0695 portant fixation pour\n2025 du montant et de la r\u00e9partition de la\ndotation globalis\u00e9e commune pr\u00e9vue au contrat\npluriannuel d'objectifs et de moyens de SARL\nPARIS 11EME - 750056509 pour les\n\u00e9tablissements et services suivants :\n\u00c9tablissement d'h\u00e9bergement pour personnes\n\u00e2g\u00e9es d\u00e9pendantes - EHPAD DOLCEA LES\nAMBASSADEURS NATION - 750033979\nAgence R\u00e9gionale de Sant\u00e9 - IDF-2025-06-19-00008 - d\u00e9cision tarifaire n\u00b0695 portant fixation pour 2025 du montant et de la\nr\u00e9partition de la dotation globalis\u00e9e commune pr\u00e9vue au contrat pluriannuel d'objectifs et de moyens de SARL PARIS 11EME -\n750056509 pour les \u00e9tablissements et services suivants : \u00c9tablissement d'h\u00e9bergement pour personnes \u00e2g\u00e9es d\u00e9pendantes - EHPAD\nDOLCEA LES AMBASSADEURS NATION - 750033979\n117\nEXREPUBLIQUEFRANCAISELibert\u00e9 \u00a9 DAgence R\u00e9gionale de Sant\u00e9\u00c9galit\u00e9 \u00cele-de-FranceFraternit\u00e9\n \nDECISION TARIFAIRE N\u00b0695 PORTANT FIXATION POUR 2025 DU MONTANT ET DE LA \nREPARTITION DE LA DOTATION GLOBALISEE COMMUNE PREVUE AU \nCONTRAT PLURIANNUEL D'OBJECTIFS ET DE MOYENS DE  \nSARL PARIS 11EME - 750056509 \n \nPOUR LES ETABLISSEMENTS ET SERVICES SUIV ANTS  \nEtablissement d'h\u00e9bergement pour personnes \u00e2g\u00e9es d\u00e9pendantes - EHPAD DOLCEA LES AMBASSADEURS \nNATION - 750033979 \n \n \nLe Directeur G\u00e9n\u00e9ral de l'ARS Ile-de-France \n \nVU le Code de l'Action Sociale et des Familles ; \n  \nVU le Code de la S\u00e9curit\u00e9 Sociale ; \n  \nVU la loi n\u00b0 2025-199 du 28 f\u00e9vrier 2025 de financement de la S\u00e9curit\u00e9 Sociale pour 2025 \npubli\u00e9e au Journal Officiel du 28/02/2025 ; \n  \nVU l'arr\u00eat\u00e9 minist\u00e9riel du 02/06/2025 publi\u00e9 au Journal Officiel du 06/06/2025 pris en \napplication de l'article L314-3 du Code de l'Action Sociale et des Familles fixant, pour \nl'ann\u00e9e 2025 l'objectif global de d\u00e9penses d'assurance maladie et le montant total de \nd\u00e9penses pour les \u00e9tablissements et services relevant de la Caisse nationale de solidarit\u00e9 \npour l'autonomie ; \n  \nVU la d\u00e9cision du 02/06/2025 publi\u00e9e au Journal Officiel du 06/06/2025 relative aux dotations \nr\u00e9gionales limitatives 2025 et \u00e0 la moyenne nationale des besoins en soins requis 2025 ; \n  \nVU l'arr\u00eat\u00e9 du 28/05/2025 fixant pour 2025 les valeurs du point mentionn\u00e9es \u00e0 l'article R.314-\n162 du code de l'action sociale et des familles publi\u00e9 au Journal Officiel du 31/05/2025 ; \n \n  \nVU le d\u00e9cret du 10 Avril 2024 portant nomination de Monsieur ROBIN Denis en qualit\u00e9 de \nDirecteur G\u00e9n\u00e9ral de l'agence r\u00e9gionale de sant\u00e9 Ile-de-France ; \n \nVU la d\u00e9l\u00e9gation de signature du Directeur G\u00e9n\u00e9ral de l'ARS vers le Directeur D\u00e9partemental \nde PARIS en date du 16/04/2025 ;  \n  \nVU le Contrat Pluriannuel d'Objectifs et de Moyens conclu le 31/10/2024 prenant effet au \n01/01/2024 ; \n \n \nDECIDE \n \n  \nAgence R\u00e9gionale de Sant\u00e9 - IDF-2025-06-19-00008 - d\u00e9cision tarifaire n\u00b0695 portant fixation pour 2025 du montant et de la\nr\u00e9partition de la dotation globalis\u00e9e commune pr\u00e9vue au contrat pluriannuel d'objectifs et de moyens de SARL PARIS 11EME -\n750056509 pour les \u00e9tablissements et services suivants : \u00c9tablissement d'h\u00e9bergement pour personnes \u00e2g\u00e9es d\u00e9pendantes - EHPAD\nDOLCEA LES AMBASSADEURS NATION - 750033979\n118\nArticle 1er A compter du 01/01/2025, au titre de 2025, la dotation globalis\u00e9e commune des \n\u00e9tablissements et services m\u00e9dico -sociaux financ\u00e9s par l'Assurance Maladie, g\u00e9r\u00e9s \npar l'entit\u00e9 d\u00e9nomm\u00e9e SARL PARIS 11EME (750056509), a \u00e9t\u00e9 fix\u00e9e \u00e0 \n1 682 690,25 \u20ac, dont 0,00 \u20ac de cr\u00e9dits non reconductibles. \n \n Elle se r\u00e9partit de la mani\u00e8re suivante : \n \n \n- personnes \u00e2g\u00e9es : 1 682 690,25 \u20ac \n \n Dotations (en \u20ac) \nFINESS H\u00e9bergement \npermanent UHR PASA H\u00e9bergement \ntemporaire Accueil de jour Plateforme \nde r\u00e9pit SSIAD  \n750033979 \nEHPAD DOLCEA \nLES \nAMBASSADEURS \nNATION \n1 611 903,46 0,00 0,00 70 786,79 0,00 0,00 0,00 \n \nPour 2025, la fraction forfaitaire mensuelle, pour le secteur personnes \u00e2g\u00e9es, s'\u00e9tablit \u00e0 140 224,19 \u20ac. \n \n \nArticle 2 A compter du 1 er janvier 2026, en application de l'article L.314 -7 du CASF, la \ndotation globalis\u00e9e commune s'\u00e9l\u00e8ve, \u00e0 titre transitoire, \u00e0 1  682 690,25 \u20ac. Elle se \nr\u00e9partit de la mani\u00e8re suivante : \n \n \n-- personnes \u00e2g\u00e9es : 1 682 690,25 \u20ac \n \n Dotations (en \u20ac) \nFINESS H\u00e9bergement \npermanent UHR PASA H\u00e9bergement \ntemporaire \nAccueil de \njour \nPlateforme de \nr\u00e9pit SSIAD \n750033979 \nEHPAD DOLCEA LES \nAMBASSADEURS \nNATION \n1 611 903,46 0,00 0,00 70 786,79 0,00 0,00 0,00 \n \nPour 2026, la fraction forfaitaire mensuelle, pour le secteur personnes \u00e2g\u00e9es, s'\u00e9tablit \u00e0 140 224,19 \u20ac. \n \n  \nAgence R\u00e9gionale de Sant\u00e9 - IDF-2025-06-19-00008 - d\u00e9cision tarifaire n\u00b0695 portant fixation pour 2025 du montant et de la\nr\u00e9partition de la dotation globalis\u00e9e commune pr\u00e9vue au contrat pluriannuel d'objectifs et de moyens de SARL PARIS 11EME -\n750056509 pour les \u00e9tablissements et services suivants : \u00c9tablissement d'h\u00e9bergement pour personnes \u00e2g\u00e9es d\u00e9pendantes - EHPAD\nDOLCEA LES AMBASSADEURS NATION - 750033979\n119\nArticle 3 Les recours contentieux dirig\u00e9s contre la pr\u00e9sente d\u00e9cision doivent \u00eatre port\u00e9s devant \nle Tribunal Administratif sis 1, Place du Palais Royal, 75100 PARIS dans un d\u00e9lai de \ndeux mois \u00e0 compter de sa publication ou, pour les personnes auxquelles elle sera \nnotifi\u00e9e, \u00e0 compter de sa notification. Le tribunal administratif peut \u00eatre saisi par \nl'application \u00ab T\u00e9l\u00e9recours citoyens \u00bb accessible par le site www.telerecours.fr. \n  \nArticle 4 La pr\u00e9sente d\u00e9cision sera publi\u00e9e au recueil des actes administratifs. \n  \nArticle 5         Le Directeur G\u00e9n\u00e9ral de l'ARS  Ile-de-France est charg\u00e9 de l'ex\u00e9cution de la pr\u00e9sente \nd\u00e9cision qui sera notifi\u00e9e \u00e0 l'entit\u00e9 gestionnaire (SARL PARIS 11EME 750056509) et \naux structures concern\u00e9es. \n \n \n \nFait \u00e0 Saint-Denis,  \n \nle 19 juin 2025 \n \n  \nP/ L e Directeur de la D\u00e9l\u00e9gation \nD\u00e9partementale de Paris \nAgence R\u00e9gionale de Sant\u00e9 d'Ile-de-France \n \nLaure LE COAT \nResponsable du d\u00e9partement autonomie \n \n \n                                                                                                                               #signature# \n \nAgence R\u00e9gionale de Sant\u00e9 - IDF-2025-06-19-00008 - d\u00e9cision tarifaire n\u00b0695 portant fixation pour 2025 du montant et de la\nr\u00e9partition de la dotation globalis\u00e9e commune pr\u00e9vue au contrat pluriannuel d'objectifs et de moyens de SARL PARIS 11EME -\n750056509 pour les \u00e9tablissements et services suivants : \u00c9tablissement d'h\u00e9bergement pour personnes \u00e2g\u00e9es d\u00e9pendantes - EHPAD\nDOLCEA LES AMBASSADEURS NATION - 750033979\n120\nAgence R\u00e9gionale de Sant\u00e9\nIDF-2025-06-20-00015\nd\u00e9cision tarifaire n\u00b0696 portant fixation du\nforfait global de soins pour 2025 de EHPAD\nRESIDENCE EDITH PIAF - 750031098\nAgence R\u00e9gionale de Sant\u00e9 - IDF-2025-06-20-00015 - d\u00e9cision tarifaire n\u00b0696 portant fixation du forfait global de soins pour 2025 de\nEHPAD RESIDENCE EDITH PIAF - 750031098 121\nEXREPUBLIQUEFRANCAISELibert\u00e9 0 D Agence R\u00e9gionale de Sant\u00e9\u00c9galit\u00e9 \u00cele-de-FranceFraternit\u00e9\n  \n \nDECISION TARIFAIRE N\u00b0696 PORTANT FIXATION DU FORFAIT GLOBAL DE SOINS POUR \n2025 DE \nEHPAD RESIDENCE EDITH PIAF - 750031098 \n \nLe Directeur G\u00e9n\u00e9ral de l'ARS Ile-de-France \n \nVU le Code de l'Action Sociale et des Familles \n  \nVU le Code de la S\u00e9curit\u00e9 Sociale ; \n  \nVU la loi n\u00b02025 -199 du 28 f\u00e9vrier 2025 de financement de la S\u00e9curit\u00e9 Sociale pour 2025 \npubli\u00e9e au Journal Officiel du 28/02/2025 ; \n  \nVU l'arr\u00eat\u00e9 minist\u00e9riel du 02/06/2025 publi\u00e9 au Journal Officiel du 06/06/2025 pris en \napplication de l'article L314 -3 du Code de l'Action Sociale et des Familles fixant, pour \nl'ann\u00e9e 2025 l'objectif global de d\u00e9penses d'assurance maladie et le montant total de \nd\u00e9penses pour les \u00e9tablissements et services relevant de la Caisse nationale de solidarit\u00e9 \npour l'autonomie ; \n  \nVU la d\u00e9cision du 02/06/2025 publi\u00e9e au Journal Officiel du 06/06/2025 relative aux dotations \nr\u00e9gionales limitatives 2025 et \u00e0 la moyenne nationale des besoins en soins requis 2025 ; \n  \nVU l'arr\u00eat\u00e9 du 28/05/2025 fixant pour 2025 les valeurs du point mentionn\u00e9es \u00e0 l'article R.314-\n162 du code de l'action sociale et des familles publi\u00e9 au Journal Officiel du 31/05/2025 ; \n  \nVU le d\u00e9cret du 10 Avril 2024 portant nomination de Monsieur, ROBIN, Denis en qualit\u00e9 de \nDirecteur G\u00e9n\u00e9ral de l'agence r\u00e9gionale de sant\u00e9 Ile-de-France ; \n  \nVU la d\u00e9cision de d\u00e9l\u00e9gation de signature du Directeur G\u00e9n\u00e9ral de l'ARS vers le Directeur \nD\u00e9partemental de PARIS en date du 16/04/2025 ; \n \nVU l'autorisation ou le renouvellement d'autorisation en date du 30/11/2006 de la structure \nEtablissement d'h\u00e9bergement pour personnes \u00e2g\u00e9es d\u00e9pendantes d\u00e9nomm\u00e9e EHPAD \nRESIDENCE EDITH PIAF (750031098) sise 50 R DES BOIS 75019 Paris 19e \nArrondissement et g\u00e9r\u00e9e par l'entit\u00e9 d\u00e9nomm\u00e9e SA EMEIS - SIEGE SOCIAL \n(920030152) ; \n  \n \n \nDECIDE \n \nArticle 1er A compter du 01/01/2025, le forfait global de soins est fix\u00e9 \u00e0 1  983 736,53 \u20ac au titre \nde 2025, dont 0,00 \u20ac au titre des cr\u00e9dits non reconductible vers\u00e9s en une seule fois. \n \n \nLa fraction forfaitaire mensuelle s'\u00e9tablit \u00e0 165 311,38 \u20ac. \n \nAgence R\u00e9gionale de Sant\u00e9 - IDF-2025-06-20-00015 - d\u00e9cision tarifaire n\u00b0696 portant fixation du forfait global de soins pour 2025 de\nEHPAD RESIDENCE EDITH PIAF - 750031098 122\n \nPour 2025, les tarifs sont d\u00e9compos\u00e9s comme suit : \n \n Forfait global de soins \nH\u00e9bergement \nPermanent \n1 856 820,12 \nUHR \n0,00 \nPASA \n0,00 \nH\u00e9bergement \nTemporaire \n126 916,41 \nAccueil de jour \n0,00 \nPlateforme de r\u00e9pit \n0,00 \n \n \nArticle 2 A compter du 1er janvier 2026 , en application de l'article L.314-7 du CASF, le forfait \nglobal de soins est fix\u00e9, \u00e0 titre transitoire, \u00e0 1 983 736,53 \u20ac. \n  \n Les tarifs de reconduction sont fix\u00e9s \u00e0 : \n \n Forfait global de soins \nH\u00e9bergement \nPermanent \n1 856 820,12 \nUHR \n0,00 \nPASA \n0,00 \nH\u00e9bergement \nTemporaire \n126 916,41 \nAccueil de jour \n0,00 \nPlateforme de r\u00e9pit \n0,00 \n \n \n La fraction forfaitaire mensuelle s'\u00e9tablit \u00e0 165 311,38 \u20ac. \n \n  \nArticle 3 Les recours contentieux dirig\u00e9s contre la pr\u00e9sente d\u00e9cision doivent \u00eatre port\u00e9s devant \nle Tribunal Administratif sis 1 Place du Palais Royal 75100 PARIS dans un d\u00e9lai de \ndeux mois \u00e0 compter de sa publication ou, pour les personnes auxquelles elle sera \nAgence R\u00e9gionale de Sant\u00e9 - IDF-2025-06-20-00015 - d\u00e9cision tarifaire n\u00b0696 portant fixation du forfait global de soins pour 2025 de\nEHPAD RESIDENCE EDITH PIAF - 750031098 123\nnotifi\u00e9e, \u00e0 compter de sa notification. Le tribunal administratif peut \u00eatre saisi par \nl'application \u00ab T\u00e9l\u00e9recours citoyens \u00bb accessible par le site www.telerecours.fr. \n  \nArticle 4 La pr\u00e9sente d\u00e9cision sera publi\u00e9e au recueil des actes administratifs. \n  \nArticle 5         Le Directeur G\u00e9n\u00e9ral de l'ARS Ile -de-France est charg\u00e9 de l'ex\u00e9cution de la pr\u00e9sente \nd\u00e9cision qui sera notifi\u00e9e \u00e0 l'entit\u00e9 gestionnaire SA EMEIS - SIEGE SOCIAL \n(920030152) et \u00e0 l'\u00e9tablissement concern\u00e9. \n \n \n \nFait \u00e0 Saint-Denis,  \n \nle 20 juin 2025 \n \n  \nP/ L e Directeur de la D\u00e9l\u00e9gation \nD\u00e9partementale de Paris \nAgence R\u00e9gionale de Sant\u00e9 d'Ile-de-France \n \nLaure LE COAT \nResponsable du d\u00e9partement autonomie \n \n                \n \n \n \n         #signature# \n \n \nAgence R\u00e9gionale de Sant\u00e9 - IDF-2025-06-20-00015 - d\u00e9cision tarifaire n\u00b0696 portant fixation du forfait global de soins pour 2025 de\nEHPAD RESIDENCE EDITH PIAF - 750031098 124\nAgence R\u00e9gionale de Sant\u00e9\nIDF-2025-07-02-00012\nD\u00e9cision tarifaire n\u00b0701 portant fixation du\nforfait de soins pour 2025 de CAJ MEMOIRE PLUS\nISATIS - 750023129\nAgence R\u00e9gionale de Sant\u00e9 - IDF-2025-07-02-00012 - D\u00e9cision tarifaire n\u00b0701 portant fixation du forfait de soins pour 2025 de CAJ\nMEMOIRE PLUS ISATIS - 750023129 125\nREPUBLIQUEerate @ DAverce R\u00e9gional de Sent\u00e9\u00c9t\u00e9 \u00cele-de-FranceFraternit\u00e9\n1 \n \n \nDECISION TARIFAIRE N\u00b0 701 PORTANT FIXATION DU FORFAIT DE SOINS POUR 2025 DE \nCAJ MEMOIRE PLUS ISATIS - 750023129 \n \n \nLe Directeur G\u00e9n\u00e9ral de l'ARS Ile-de-France \n \nVU le Code de l'Action Sociale et des Familles ; \n \nVU le Code de la S\u00e9curit\u00e9 Sociale ; \n \nVU la loi n\u00b0 2025 -199 du 28 f\u00e9vrier 2025 de financement de la S\u00e9curit\u00e9 Sociale pour 2025 \npubli\u00e9e au Journal Officiel du 28/02/2025; \n \nVU l'arr\u00eat\u00e9 minist\u00e9riel du 02/06/2025 publi\u00e9 au Journal Officiel du 06/06/2025 pris en \napplication de l'article L314 -3 du Code de l'Action Sociale et des Familles fixant, pour \nl'ann\u00e9e 2025 l'objectif global de d\u00e9penses d'assurance maladie et le montant total de \nd\u00e9penses pour les \u00e9tablissements et services relevant de la Caisse nationale de solidarit\u00e9 \npour l'autonomie ; \n \nVU la d\u00e9cision du 02/06/2025 publi\u00e9e au Journal Officiel du 06/06/2025 relative aux dotations \nr\u00e9gionales limitatives 2025 et \u00e0 la moyenne nationale des besoins en soins requis 2025 ; \n \nVU le d\u00e9cret du 10 Avril 2024 portant nomination de Monsieur ROBIN Denis en qualit\u00e9 de \nDirecteur G\u00e9n\u00e9ral de l'agence r\u00e9gionale de sant\u00e9 Ile-de-France ; \n \nVU la d\u00e9cision de d\u00e9l\u00e9gation de signature du Directeur G\u00e9n\u00e9ral de l'ARS vers le Directeur \nD\u00e9partemental de PARIS en date du 16/04/2025 ; \n   \nVU l'autorisation ou le renouvellement d'autorisation en date du 10/08/2005 de la structure \nCentre de Jour pour Personnes Ag\u00e9es d\u00e9nomm\u00e9e CAJ MEMOIRE PLUS ISATIS \n(750023129) sise 127 R FALGUIERE 75015 Paris 15e Arrondissement et g\u00e9r\u00e9e par l'entit\u00e9 \nd\u00e9nomm\u00e9e ASSOCIATION ISATIS (940017304);  \n  \n  \n  \n \n \n \n \nDECIDE \n \n  \nAgence R\u00e9gionale de Sant\u00e9 - IDF-2025-07-02-00012 - D\u00e9cision tarifaire n\u00b0701 portant fixation du forfait de soins pour 2025 de CAJ\nMEMOIRE PLUS ISATIS - 750023129 126\n2 \n \n \nArticle 1er A compter du 01/01/2025, au titre de 2025, le forfait de soins est fix\u00e9 \u00e0 346 540,89 \u20ac, \ndont 0,00 \u20ac de cr\u00e9dits non reconductibles  \n \nPour 2025, la fraction forfaitaire mensuelle s'\u00e9tablit \u00e0 28 878,41 \u20ac. \n \n  \nArticle 2 Ainsi et \u00e0 compter du 1 er janvier 2026, en application de l'article L.314 -7 du CASF, \nle forfait de soins est fix\u00e9, \u00e0 titre transitoire, \u00e0 346 540,89 \u20ac (douzi\u00e8me applicable \ns'\u00e9levant \u00e0 28 878,41 \u20ac) \n \n  \nArticle 3 Les recours contentieux dirig\u00e9s contre la pr\u00e9sente d\u00e9cision doivent \u00eatre port\u00e9s devant \nle Tribunal Administratif sis 1 Place du Palais Royal 75100 PARIS dans un d\u00e9lai de \ndeux mois \u00e0 compter de sa publication ou, pour les personnes auxquelles elle sera \nnotifi\u00e9e, \u00e0 compter de sa notification. Le tribunal administratif peut \u00eatre saisi par \nl'application \u00ab T\u00e9l\u00e9recours citoyens \u00bb accessible par le site www.telerecours.fr. \n  \nArticle 4 La pr\u00e9sente d\u00e9cision sera publi\u00e9e au recueil des actes administratifs. \n  \nArticle 5         Le Directeur G\u00e9n\u00e9ral de l'ARS Ile-de-France est charg\u00e9 de l'ex\u00e9cution de la pr\u00e9sente \nd\u00e9cision qui sera notifi\u00e9e \u00e0 l'entit\u00e9 gestionnaire ASSOCIATION ISATIS \n(940017304) et \u00e0 l'\u00e9tablissement concern\u00e9. \n \n \nFait \u00e0 Saint-Denis,  \n \nle 2 juillet 2025 \n \n  \nP/ Le Directeur de la D\u00e9l\u00e9gation D\u00e9partementale de Paris \nAgence R\u00e9gionale de Sant\u00e9 d'Ile-de-France \n \nLaure LE COAT \nResponsable du d\u00e9partement autonomie \n \n \n \n#signature# \n \nAgence R\u00e9gionale de Sant\u00e9 - IDF-2025-07-02-00012 - D\u00e9cision tarifaire n\u00b0701 portant fixation du forfait de soins pour 2025 de CAJ\nMEMOIRE PLUS ISATIS - 750023129 127\nAgence R\u00e9gionale de Sant\u00e9\nIDF-2025-06-19-00006\nd\u00e9cision tarifaire n\u00b0702 portant fixation du\nforfait global de soins pour 2025 de EHPAD COS\nJEANNE D ARC - 750022279\nAgence R\u00e9gionale de Sant\u00e9 - IDF-2025-06-19-00006 - d\u00e9cision tarifaire n\u00b0702 portant fixation du forfait global de soins pour 2025 de\nEHPAD COS JEANNE D ARC - 750022279 128\nEXREPUBLIQUEFRANCAISELibert\u00e9 0 D Agence R\u00e9gionale de Sant\u00e9\u00c9galit\u00e9 \u00cele-de-FranceFraternit\u00e9\n  \n \nDECISION TARIFAIRE N\u00b0702 PORTANT FIXATION DU FORFAIT GLOBAL DE SOINS POUR \n2025 DE \nEHPAD COS JEANNE D ARC - 750022279 \n \nLe Directeur G\u00e9n\u00e9ral de l'ARS Ile-de-France \n \nVU le Code de l'Action Sociale et des Familles \n  \nVU le Code de la S\u00e9curit\u00e9 Sociale ; \n  \nVU la loi n\u00b02025 -199 du 28 f\u00e9vrier 2025 de financement de la S\u00e9curit\u00e9 Sociale pour 2025 \npubli\u00e9e au Journal Officiel du 28/02/2025 ; \n  \nVU l'arr\u00eat\u00e9 minist\u00e9riel du 02/06/2025  publi\u00e9 au Journal Officiel du 06/06/2025 pris en \napplication de l'article L314 -3 du Code de l'Action Sociale et des Familles fixant, pour \nl'ann\u00e9e 2025 l'objectif global de d\u00e9penses d'assurance maladie et le montant total de \nd\u00e9penses pour les \u00e9tablissements et services relevant de la Caisse nationale de solidarit\u00e9 \npour l'autonomie ; \n  \nVU la d\u00e9cision du 02/06/2025 publi\u00e9e au Journal Officiel du 06/06/2025 relative aux dotations \nr\u00e9gionales limitatives 2025 et \u00e0 la moyenne nationale des besoins en soins requis 2025 ; \n  \nVU l'arr\u00eat\u00e9 du 28/05/2025 fixant pour 2025 les valeurs du point mentionn\u00e9es \u00e0 l'article R.314-\n162 du code de l'action sociale et des familles publi\u00e9 au Journal Officiel du 31/05/2025 ; \n  \nVU le d\u00e9cret du 10 Avril 2024  portant nomination de Monsieur, ROBIN, Denis en qualit\u00e9 de \nDirecteur G\u00e9n\u00e9ral de l'agence r\u00e9gionale de sant\u00e9 Ile-de-France ; \n  \nVU la d\u00e9cision de d\u00e9l\u00e9gation de signature du Directeur G\u00e9n\u00e9ral de l'ARS vers le Directeur \nD\u00e9partemental de PARIS en date du 16/04/2025 ; \n \nVU l'autorisation ou le renouvellement d'autorisation en date du 11/07/2005 de la structure \nEtablissement d'h\u00e9bergement pour personnes \u00e2g\u00e9es d\u00e9pendantes d\u00e9nomm\u00e9e EHPAD COS \nJEANNE D ARC (750022279) sise 21 R GENERAL BERTRAND 75007 Paris 7e \nArrondissement et g\u00e9r\u00e9e par l'entit\u00e9 d\u00e9nomm\u00e9e FONDATION COS ALEXANDRE \nGLASBERG (750721235) ; \n  \n \n \nDECIDE \n \n  \nAgence R\u00e9gionale de Sant\u00e9 - IDF-2025-06-19-00006 - d\u00e9cision tarifaire n\u00b0702 portant fixation du forfait global de soins pour 2025 de\nEHPAD COS JEANNE D ARC - 750022279 129\nArticle 1er A compter du 01/01/2025, le forfait global de soins est fix\u00e9 \u00e0 1  660 987,43 \u20ac au titre \nde 2025, dont 0,00 \u20ac au titre des cr\u00e9dits non reconductible. \n \n \nPour 2025, les tarifs sont d\u00e9compos\u00e9s comme suit : \n \n Forfait global de soins \nH\u00e9bergement Permanent 1 618 515,46 \nUHR 0,00 \nPASA 0,00 \nH\u00e9bergement Temporaire 42 471,97 \nAccueil de jour 0,00 \nPlateforme de r\u00e9pit 0,00 \n \nLa fraction forfaitaire mensuelle s'\u00e9tablit \u00e0 138 415,62 \u20ac. \n \nArticle 2 A compter du 1er janvier 2026 , en application de l'article L.314-7 du CASF, le forfait \nglobal de soins est fix\u00e9, \u00e0 titre transitoire, \u00e0 1 660 987,43 \u20ac. \n  \n Les tarifs de reconduction sont fix\u00e9s \u00e0 : \n \n Forfait global de soins \nH\u00e9bergement Permanent 1 618 515,46 \nUHR 0,00 \nPASA 0,00 \nH\u00e9bergement Temporaire 42 471,97 \nAccueil de jour 0,00 \nPlateforme de r\u00e9pit 0,00 \n \n \n La fraction forfaitaire mensuelle s'\u00e9tablit \u00e0 138 415,62 \u20ac. \n \nAgence R\u00e9gionale de Sant\u00e9 - IDF-2025-06-19-00006 - d\u00e9cision tarifaire n\u00b0702 portant fixation du forfait global de soins pour 2025 de\nEHPAD COS JEANNE D ARC - 750022279 130\n  \nArticle 3 Les recours contentieux dirig\u00e9s contre la pr\u00e9sente d\u00e9cision doivent \u00eatre port\u00e9s devant \nle Tribunal Administratif sis 1 Place du Palais Royal 75100 PARIS dans un d\u00e9lai de \ndeux mois \u00e0 compter de sa publication ou, pour les personnes auxquelles elle sera \nnotifi\u00e9e, \u00e0 compter de sa notification. Le tribunal administratif peut \u00eatre saisi par \nl'application \u00ab T\u00e9l\u00e9recours citoyens \u00bb accessible par le site www.telerecours.fr. \n  \nArticle 4 La pr\u00e9sente d\u00e9cision sera publi\u00e9e au recueil des actes administratifs. \n  \nArticle 5         Le Directeur G\u00e9n\u00e9ral de l'ARS Ile -de-France est charg\u00e9 de l'ex\u00e9cution de la pr\u00e9sente \nd\u00e9cision qui sera notifi\u00e9e \u00e0 l'entit\u00e9 gestionnaire FONDATION COS ALEXANDRE \nGLASBERG (750721235) et \u00e0 l'\u00e9tablissement concern\u00e9. \n \n \n \n \n \nFait \u00e0 Saint-Denis,  \n \nle 19 juin 2025 \n \n  \nP/ L e Directeur de la D\u00e9l\u00e9gation \nD\u00e9partementale de Paris \nAgence R\u00e9gionale de Sant\u00e9 d'Ile-de-France \n \nLaure LE COAT \nResponsable du d\u00e9partement autonomie \n \n                \n \n \n \n         #signature# \n \n \nAgence R\u00e9gionale de Sant\u00e9 - IDF-2025-06-19-00006 - d\u00e9cision tarifaire n\u00b0702 portant fixation du forfait global de soins pour 2025 de\nEHPAD COS JEANNE D ARC - 750022279 131\nAgence R\u00e9gionale de Sant\u00e9\nIDF-2025-06-20-00019\nd\u00e9cision tarifaire n\u00b0703 portant fixation du\nforfait global de soins pour 2025 de EHPAD\nRESIDENCE OCEANE - 750021719\nAgence R\u00e9gionale de Sant\u00e9 - IDF-2025-06-20-00019 - d\u00e9cision tarifaire n\u00b0703 portant fixation du forfait global de soins pour 2025 de\nEHPAD RESIDENCE OCEANE - 750021719 132\nEXREPUBLIQUEFRANCAISELibert\u00e9 0 D Agence R\u00e9gionale de Sant\u00e9\u00c9galit\u00e9 \u00cele-de-FranceFraternit\u00e9\n  \n \nDECISION TARIFAIRE N\u00b0703 PORTANT FIXATION DU FORFAIT GLOBAL DE SOINS POUR \n2025 DE \nEHPAD RESIDENCE OCEANE - 750021719 \n \nLe Directeur G\u00e9n\u00e9ral de l'ARS Ile-de-France \n \nVU le Code de l'Action Sociale et des Familles \n  \nVU le Code de la S\u00e9curit\u00e9 Sociale ; \n  \nVU la loi n\u00b02025 -199 du 28 f\u00e9vrier 2025 de financement de la S\u00e9curit\u00e9 Sociale pour 2025 \npubli\u00e9e au Journal Officiel du 28/02/2025 ; \n  \nVU l'arr\u00eat\u00e9 minist\u00e9riel du 02/06/2025  publi\u00e9 au Journal Officiel du 06/06/2025 pris en \napplication de l'article L314 -3 du Code de l'Action Sociale et des Familles fixant, pour \nl'ann\u00e9e 2025 l'objectif global de d\u00e9penses d'assurance maladie et le montant total de \nd\u00e9penses pour les \u00e9tablissements et services relevant de la Caisse nationale de solidarit\u00e9 \npour l'autonomie ; \n  \nVU la d\u00e9cision du 02/06/2025 publi\u00e9e au Journal Officiel du 06/06/2025 relative aux dotations \nr\u00e9gionales limitatives 2025 et \u00e0 la moyenne nationale des besoins en soins requis 2025 ; \n  \nVU l'arr\u00eat\u00e9 du 28/05/2025 fixant pour 2025 les valeurs du point mentionn\u00e9es \u00e0 l'article R.314-\n162 du code de l'action sociale et des familles publi\u00e9 au Journal Officiel du 31/05/2025 ; \n  \nVU le d\u00e9cret du 10 Avril 2024  portant nomination de Monsieur, ROBIN, Denis en qualit\u00e9 de \nDirecteur G\u00e9n\u00e9ral de l'agence r\u00e9gionale de sant\u00e9 Ile-de-France ; \n  \nVU la d\u00e9cision de d\u00e9l\u00e9gation de signature du Directeur G\u00e9n\u00e9ral de l'ARS vers le Directeur \nD\u00e9partemental de PARIS en date du 16/04/2025 ; \n \nVU l'autorisation ou le renouvellement d'autorisation en date du 28/10/2003 de la structure \nEtablissement d'h\u00e9bergement pour personnes \u00e2g\u00e9es d\u00e9pendantes d\u00e9nomm\u00e9e EHPAD \nRESIDENCE OCEANE (750021719) sise 23 R RAOUL WALLENBERG 75019 Paris \n19e Arrondissement et g\u00e9r\u00e9e par l'entit\u00e9 d\u00e9nomm\u00e9e SAS RESIDENCE OCEANE \n(750044448) ; \n  \n \n \nDECIDE \n \nArticle 1er A compter du 01/01/2025, le forfait global de soins est fix\u00e9 \u00e0 2  361 804,91 \u20ac au titre \nde 2025, dont 0,00 \u20ac au titre des cr\u00e9dits non reconductible. \n \n \nLa fraction forfaitaire mensuelle s'\u00e9tablit \u00e0 196 817,08 \u20ac. \n \nAgence R\u00e9gionale de Sant\u00e9 - IDF-2025-06-20-00019 - d\u00e9cision tarifaire n\u00b0703 portant fixation du forfait global de soins pour 2025 de\nEHPAD RESIDENCE OCEANE - 750021719 133\n \nPour 2025, les tarifs sont d\u00e9compos\u00e9s comme suit : \n \n Forfait global de soins \nH\u00e9bergement \nPermanent \n2 361 804,91 \nUHR \n0,00 \nPASA \n0,00 \nH\u00e9bergement \nTemporaire \n0,00 \nAccueil de jour \n0,00 \nPlateforme de r\u00e9pit \n0,00 \n \n \nArticle 2 A compter du 1er janvier 2026, en application de l'article L.314 -7 du CASF, le forfait \nglobal de soins est fix\u00e9, \u00e0 titre transitoire, \u00e0 2 361 804,91 \u20ac. \n  \n Les tarifs de reconduction sont fix\u00e9s \u00e0 : \n \n Forfait global de soins \nH\u00e9bergement \nPermanent \n2 361 804,91 \nUHR \n0,00 \nPASA \n0,00 \nH\u00e9bergement \nTemporaire \n0,00 \nAccueil de jour \n0,00 \nPlateforme de r\u00e9pit \n0,00 \n \n \n La fraction forfaitaire mensuelle s'\u00e9tablit \u00e0 196 817,08 \u20ac. \n \n  \nArticle 3 Les recours contentieux dirig\u00e9s contre la pr\u00e9sente d\u00e9cision doivent \u00eatre port\u00e9s devant \nle Tribunal Administratif sis 1 Place du Palais Royal 75100 PARIS dans un d\u00e9lai de \ndeux mois \u00e0 compter de sa publication ou, pour les personnes auxquelles elle sera \nAgence R\u00e9gionale de Sant\u00e9 - IDF-2025-06-20-00019 - d\u00e9cision tarifaire n\u00b0703 portant fixation du forfait global de soins pour 2025 de\nEHPAD RESIDENCE OCEANE - 750021719 134\nnotifi\u00e9e, \u00e0 compter de sa notification. Le tribunal administratif peut \u00eatre saisi par \nl'application \u00ab T\u00e9l\u00e9recours citoyens \u00bb accessible par le site www.telerecours.fr. \n  \nArticle 4 La pr\u00e9sente d\u00e9cision sera publi\u00e9e au recueil des actes administratifs. \n  \nArticle 5         Le Directeur G\u00e9n\u00e9ral de l'ARS Ile -de-France est charg\u00e9 de l'ex\u00e9cution de la pr\u00e9sente \nd\u00e9cision qui sera notifi\u00e9e \u00e0 l'entit\u00e9 gestionnaire SAS RESIDENCE OCEANE \n(750044448) et \u00e0 l'\u00e9tablissement concern\u00e9. \n \nFait \u00e0 Saint-Denis,  \n \nle 20 juin 2025 \n \n  \nP/ L e Directeur de la D\u00e9l\u00e9gation \nD\u00e9partementale de Paris \nAgence R\u00e9gionale de Sant\u00e9 d'Ile-de-France \n \nLaure LE COAT \nResponsable du d\u00e9partement autonomie \n \n                \n \n \n \n         #signature# \n \n \nAgence R\u00e9gionale de Sant\u00e9 - IDF-2025-06-20-00019 - d\u00e9cision tarifaire n\u00b0703 portant fixation du forfait global de soins pour 2025 de\nEHPAD RESIDENCE OCEANE - 750021719 135\nAgence R\u00e9gionale de Sant\u00e9\nIDF-2025-06-20-00018\nd\u00e9cision tarifaire n\u00b0704 portant fixation du\nforfait global de soins pour 2025 de EHPAD\nRESIDENCE LES MUSICIENS - 750019358\nAgence R\u00e9gionale de Sant\u00e9 - IDF-2025-06-20-00018 - d\u00e9cision tarifaire n\u00b0704 portant fixation du forfait global de soins pour 2025 de\nEHPAD RESIDENCE LES MUSICIENS - 750019358 136\nEXREPUBLIQUEFRANCAISELibert\u00e9 0 D Agence R\u00e9gionale de Sant\u00e9\u00c9galit\u00e9 \u00cele-de-FranceFraternit\u00e9\n  \n \nDECISION TARIFAIRE N\u00b0704 PORTANT FIXATION DU FORFAIT GLOBAL DE SOINS POUR \n2025 DE \nEHPAD RESIDENCE LES MUSICIENS - 750019358 \n \nLe Directeur G\u00e9n\u00e9ral de l'ARS Ile-de-France \n \nVU le Code de l'Action Sociale et des Familles \n  \nVU le Code de la S\u00e9curit\u00e9 Sociale ; \n  \nVU la loi n\u00b02025 -199 du 28 f\u00e9vrier 2025 de financement de la S\u00e9curit\u00e9 Sociale pour 2025 \npubli\u00e9e au Journal Officiel du 28/02/2025 ; \n  \nVU l'arr\u00eat\u00e9 minist\u00e9riel du 02/06/2025 publi\u00e9 au Journal Officiel du 06/06/2025 pris en \napplication de l'article L314 -3 du Code de l'Action Sociale et des Familles fixant, pour \nl'ann\u00e9e 2025 l'objectif global de d\u00e9penses d'assurance maladie et le montant total de \nd\u00e9penses pour les \u00e9tablissements et services relevant de la Caisse nationale de solidarit\u00e9 \npour l'autonomie ; \n  \nVU la d\u00e9cision du 02/06/2025 publi\u00e9e au Journal Officiel du 06/06/2025 relative aux dotations \nr\u00e9gionales limitatives 2025 et \u00e0 la moyenne nationale des besoins en soins requis 2025 ; \n  \nVU l'arr\u00eat\u00e9 du 28/05/2025 fixant pour 2025 les valeurs du point mentionn\u00e9es \u00e0 l'article R.314-\n162 du code de l'action sociale et des familles publi\u00e9 au Journal Officiel du 31/05/2025 ; \n  \nVU le d\u00e9cret du 10 Avril 2024 portant nomination de Monsieur, ROBIN, Denis en qualit\u00e9 de \nDirecteur G\u00e9n\u00e9ral de l'agence r\u00e9gionale de sant\u00e9 Ile-de-France ; \n  \nVU la d\u00e9cision de d\u00e9l\u00e9gation de signature du Directeur G\u00e9n\u00e9ral de l'ARS vers le Directeur \nD\u00e9partemental de PARIS en date du 16/04/2025 ; \n \nVU l'autorisation ou le renouvellement d'autorisation en date du 12/02/2002 de la structure \nEtablissement d'h\u00e9bergement pour personnes \u00e2g\u00e9es d\u00e9pendantes d\u00e9nomm\u00e9e EHPAD \nRESIDENCE LES MUSICIENS (750019358) sise 7 R GERMAINE TAILLEFER 75019 \nParis 19e Arrondissement et g\u00e9r\u00e9e par l'entit\u00e9 d\u00e9nomm\u00e9e SA EMEIS - SIEGE SOCIAL \n(920030152) ; \n  \n \n \nDECIDE \n \nArticle 1er A compter du 01/01/2025, le forfait global de soins est fix\u00e9 \u00e0 1  625 034,02 \u20ac au titre \nde 2025, dont 0,00 \u20ac au titre des cr\u00e9dits non reconductible vers\u00e9s en une seule fois. \n \n \nLa fraction forfaitaire mensuelle s'\u00e9tablit \u00e0 135 419,50 \u20ac. \n \nAgence R\u00e9gionale de Sant\u00e9 - IDF-2025-06-20-00018 - d\u00e9cision tarifaire n\u00b0704 portant fixation du forfait global de soins pour 2025 de\nEHPAD RESIDENCE LES MUSICIENS - 750019358 137\n \nPour 2025, les tarifs sont d\u00e9compos\u00e9s comme suit : \n \n Forfait global de soins \nH\u00e9bergement \nPermanent \n1 625 034,02 \nUHR \n0,00 \nPASA \n0,00 \nH\u00e9bergement \nTemporaire \n0,00 \nAccueil de jour \n0,00 \nPlateforme de r\u00e9pit \n0,00 \n \n \nArticle 2 A compter du 1er janvier 2026 , en application de l'article L.314-7 du CASF, le forfait \nglobal de soins est fix\u00e9, \u00e0 titre transitoire, \u00e0 1 625 034,02 \u20ac. \n  \n Les tarifs de reconduction sont fix\u00e9s \u00e0 : \n \n Forfait global de soins \nH\u00e9bergement \nPermanent \n1 625 034,02 \nUHR \n0,00 \nPASA \n0,00 \nH\u00e9bergement \nTemporaire \n0,00 \nAccueil de jour \n0,00 \nPlateforme de r\u00e9pit \n0,00 \n \n \n La fraction forfaitaire mensuelle s'\u00e9tablit \u00e0 135 419,50 \u20ac. \n \n  \nArticle 3 Les recours contentieux dirig\u00e9s contre la pr\u00e9sente d\u00e9cision doivent \u00eatre port\u00e9s devant \nle Tribunal Administratif sis 1 Place du Palais Royal 75100 PARIS dans un d\u00e9lai de \ndeux mois \u00e0 compter de sa publication ou, pour les personnes auxquelles elle sera \nAgence R\u00e9gionale de Sant\u00e9 - IDF-2025-06-20-00018 - d\u00e9cision tarifaire n\u00b0704 portant fixation du forfait global de soins pour 2025 de\nEHPAD RESIDENCE LES MUSICIENS - 750019358 138\nnotifi\u00e9e, \u00e0 compter de sa notification. Le tribunal administratif peut \u00eatre saisi par \nl'application \u00ab T\u00e9l\u00e9recours citoyens \u00bb accessible par le site www.telerecours.fr. \n  \nArticle 4 La pr\u00e9sente d\u00e9cision sera publi\u00e9e au recueil des actes administratifs. \n  \nArticle 5         Le Directeur G\u00e9n\u00e9ral de l'ARS Ile -de-France est charg\u00e9 de l'ex\u00e9cution de la pr\u00e9sente \nd\u00e9cision qui sera notifi\u00e9e \u00e0 l'entit\u00e9 gestionnaire SA EMEIS - SIEGE SOCIAL \n(920030152) et \u00e0 l'\u00e9tablissement concern\u00e9. \n \n \nFait \u00e0 Saint-Denis,  \n \nle 20 juin 2025 \n \n  \nP/ L e Directeur de la D\u00e9l\u00e9gation \nD\u00e9partementale de Paris \nAgence R\u00e9gionale de Sant\u00e9 d'Ile-de-France \n \nLaure LE COAT \nResponsable du d\u00e9partement autonomie \n \n \n \n \n         #signature# \n \n \nAgence R\u00e9gionale de Sant\u00e9 - IDF-2025-06-20-00018 - d\u00e9cision tarifaire n\u00b0704 portant fixation du forfait global de soins pour 2025 de\nEHPAD RESIDENCE LES MUSICIENS - 750019358 139\nAgence R\u00e9gionale de Sant\u00e9\nIDF-2025-06-19-00017\nd\u00e9cision tarifaire n\u00b0705 portant fixation pour\n2025 du montant et de la r\u00e9partition de la\ndotation globalis\u00e9e commune pr\u00e9vue au contrat\npluriannuel d'objectifs et de moyens de SAS\nGROUPE MAISON FAMILLE - 750039109\nAgence R\u00e9gionale de Sant\u00e9 - IDF-2025-06-19-00017 - d\u00e9cision tarifaire n\u00b0705 portant fixation pour 2025 du montant et de la\nr\u00e9partition de la dotation globalis\u00e9e commune pr\u00e9vue au contrat pluriannuel d'objectifs et de moyens de SAS GROUPE MAISON\nFAMILLE - 750039109\n140\nEXREPUBLIQUEFRANCAISELibert\u00e9 \u00a9 DAgence R\u00e9gionale de Sant\u00e9\u00c9galit\u00e9 \u00cele-de-FranceFraternit\u00e9\n \nDECISION TARIFAIRE N\u00b0705 PORTANT FIXATION POUR 2025 DU MONTANT ET DE LA \nREPARTITION DE LA DOTATION GLOBALISEE COMMUNE PREVUE AU \nCONTRAT PLURIANNUEL D'OBJECTIFS ET DE MOYENS DE  \nSAS GROUPE MAISON FAMILLE - 750039109 \n \nPOUR LES ETABLISSEMENTS ET SERVICES SUIV ANTS  \nEtablissement d'h\u00e9bergement pour personnes \u00e2g\u00e9es d\u00e9pendantes - EHPAD VILLA LECOURBE - 750017808 \n \n \nLe Directeur G\u00e9n\u00e9ral de l'ARS Ile-de-France \n \nVU le Code de l'Action Sociale et des Familles ; \n  \nVU le Code de la S\u00e9curit\u00e9 Sociale ; \n  \nVU la loi n\u00b0 2025-199 du 28 f\u00e9vrier 2025 de financement de la S\u00e9curit\u00e9 Sociale pour 2025 \npubli\u00e9e au Journal Officiel du 28/02/2025 ; \n  \nVU l'arr\u00eat\u00e9 minist\u00e9riel du 02/06/2025 publi\u00e9 au Journal Officiel du 06/06/2025 pris en \napplication de l'article L314-3 du Code de l'Action Sociale et des Familles fixant, pour \nl'ann\u00e9e 2025 l'objectif global de d\u00e9penses d'assurance maladie et le montant total de \nd\u00e9penses pour les \u00e9tablissements et services relevant de la Caisse nationale de solidarit\u00e9 \npour l'autonomie ; \n  \nVU la d\u00e9cision du 02/06/2025 publi\u00e9e au Journal Officiel du 06/06/2025 relative aux dotations \nr\u00e9gionales limitatives 2025 et \u00e0 la moyenne nationale des besoins en soins requis 2025 ; \n  \nVU l'arr\u00eat\u00e9 du 28/05/2025 fixant pour 2025 les valeurs du point mentionn\u00e9es \u00e0 l'article R.314-\n162 du code de l'action sociale et des familles publi\u00e9 au Journal Officiel du 31/05/2025 ; \n \n  \nVU le d\u00e9cret du 10 Avril 2024 portant nomination de Monsieur ROBIN Denis en qualit\u00e9 de \nDirecteur G\u00e9n\u00e9ral de l'agence r\u00e9gionale de sant\u00e9 Ile-de-France ; \n \nVU la d\u00e9l\u00e9gation de signature du Directeur G\u00e9n\u00e9ral de l'ARS vers le Directeur D\u00e9partemental \nde PARIS en date du 16/04/2025 ;  \n  \nVU le Contrat Pluriannuel d'Objectifs et de Moyens conclu le 01/11/2019 prenant effet au \n01/01/2019 ; \n \n \nDECIDE \n \n \n \n \n \n \n \nAgence R\u00e9gionale de Sant\u00e9 - IDF-2025-06-19-00017 - d\u00e9cision tarifaire n\u00b0705 portant fixation pour 2025 du montant et de la\nr\u00e9partition de la dotation globalis\u00e9e commune pr\u00e9vue au contrat pluriannuel d'objectifs et de moyens de SAS GROUPE MAISON\nFAMILLE - 750039109\n141\nArticle 1er A compter du 01/01/2025, au titre de 2025, la dotation globalis\u00e9e commune des \n\u00e9tablissements et services m\u00e9dico -sociaux financ\u00e9s par l'Assurance Maladie, g\u00e9r\u00e9s \npar l'entit\u00e9 d\u00e9nomm\u00e9e SAS GROUPE MAISON FAMILLE (750039109), a \u00e9t\u00e9 fix\u00e9e \n\u00e0 994 071,49 \u20ac, dont 19 500,00 \u20ac de cr\u00e9dits non reconductibles. \n \n Elle se r\u00e9partit de la mani\u00e8re suivante : \n \n \n- personnes \u00e2g\u00e9es : 994 071,49 \u20ac \n \n \n Dotations (en \u20ac) \nFINESS H\u00e9bergement \npermanent UHR PASA H\u00e9bergement \ntemporaire Accueil de jour Plateforme de \nr\u00e9pit SSIAD  \n750017808 \nEHPAD VILLA \nLECOURBE \n994 071,49 0,00 0,00 0,00 0,00 0,00 0,00 \n \n \nPour 2025, la fraction forfaitaire mensuelle, pour le secteur personnes \u00e2g\u00e9es, s'\u00e9tablit \u00e0 82 839,29 \u20ac. \n \n \n \n \n \n \n \n \n \n \n \n \n \n \n \n \n \n \n \n \n \n \n \n \n \n \n \n \n \n \n \n \n \nAgence R\u00e9gionale de Sant\u00e9 - IDF-2025-06-19-00017 - d\u00e9cision tarifaire n\u00b0705 portant fixation pour 2025 du montant et de la\nr\u00e9partition de la dotation globalis\u00e9e commune pr\u00e9vue au contrat pluriannuel d'objectifs et de moyens de SAS GROUPE MAISON\nFAMILLE - 750039109\n142\nArticle 2 A compter du 1 er janvier 2026, en application de l'article L.314 -7 du CASF, la \ndotation globalis\u00e9e commune s'\u00e9l\u00e8ve, \u00e0 titre transitoire, \u00e0 974  571,49 \u20ac. Elle se \nr\u00e9partit de la mani\u00e8re suivante : \n \n \n-- personnes \u00e2g\u00e9es : 974 571,49 \u20ac \n \n Dotations (en \u20ac) \nFINESS H\u00e9bergement \npermanent UHR PASA H\u00e9bergement \ntemporaire Accueil de jour Plateforme de \nr\u00e9pit SSIAD \n750017808 \nEHPAD VILLA LECOURBE 974 571,49 0,00 0,00 0,00 0,00 0,00 0,00 \n \n \nPour 2026, la fraction forfaitaire mensuelle, pour le secteur personnes \u00e2g\u00e9es, s'\u00e9tablit \u00e0 81 214,29 \u20ac. \n \n \n \n \n \n \n \n \n \n \n \n \n \n \n \n \n \n \n \n \n \n \n \n \n \n \n \n \n \n \n \n \n \n \n \n \nAgence R\u00e9gionale de Sant\u00e9 - IDF-2025-06-19-00017 - d\u00e9cision tarifaire n\u00b0705 portant fixation pour 2025 du montant et de la\nr\u00e9partition de la dotation globalis\u00e9e commune pr\u00e9vue au contrat pluriannuel d'objectifs et de moyens de SAS GROUPE MAISON\nFAMILLE - 750039109\n143\nArticle 3 Les recours contentieux dirig\u00e9s contre la pr\u00e9sente d\u00e9cision doivent \u00eatre port\u00e9s devant \nle Tribunal Administratif sis 1, Place du Palais Royal, 75100 PARIS dans un d\u00e9lai de \ndeux mois \u00e0 compter de sa publication ou, pour les personnes auxquelles elle sera \nnotifi\u00e9e, \u00e0 compter de sa notification. Le tribunal administratif peut \u00eatre saisi par \nl'application \u00ab T\u00e9l\u00e9recours citoyens \u00bb accessible par le site www.telerecours.fr. \n  \nArticle 4 La pr\u00e9sente d\u00e9cision sera publi\u00e9e au recueil des actes administratifs. \n  \nArticle 5         Le Directeur G\u00e9n\u00e9ral de l'ARS  Ile-de-France est charg\u00e9 de l'ex\u00e9cution de la pr\u00e9sente \nd\u00e9cision qui sera notifi\u00e9e \u00e0 l'entit\u00e9 gestionnaire (SAS GROUPE MAISON FAMILLE \n750039109) et aux structures concern\u00e9es. \n \n \n \nFait \u00e0 Saint-Denis,  \n \nLe 19 juin 2025 \n \n  \nP/ L e Directeur de la D\u00e9l\u00e9gation \nD\u00e9partementale de Paris \nAgence R\u00e9gionale de Sant\u00e9 d'Ile-de-France \n \nLaure LE COAT \nResponsable du d\u00e9partement autonomie \n \n \n                                                                                                                               #signature# \n \nAgence R\u00e9gionale de Sant\u00e9 - IDF-2025-06-19-00017 - d\u00e9cision tarifaire n\u00b0705 portant fixation pour 2025 du montant et de la\nr\u00e9partition de la dotation globalis\u00e9e commune pr\u00e9vue au contrat pluriannuel d'objectifs et de moyens de SAS GROUPE MAISON\nFAMILLE - 750039109\n144\nAgence R\u00e9gionale de Sant\u00e9\nIDF-2025-06-20-00006\nd\u00e9cision tarifaire n\u00b0707 portant fixation pour\n2025 du montant et de la r\u00e9partition de la\ndotation globalis\u00e9e commune pr\u00e9vue au contrat\npluriannuel d'objectifs et de moyens de SARL\nRESIDENCE CLUB LE MONTSOURIS - 750007759\npour les \u00e9tablissements et services suivants :\nEtablissement d'h\u00e9bergement pour personnes\n\u00e2g\u00e9es d\u00e9pendantes - EHPAD RESIDENCE CLUB LE\nMONTSOURIS - 750007809 ; Etablissement\nd'h\u00e9bergement pour personnes \u00e2g\u00e9es\nd\u00e9pendantes - EHPAD RESIDENCE DE SEVRES\n-750002552 Etablissement d'h\u00e9bergement pour\npersonnes \u00e2g\u00e9es d\u00e9pendantes - EHPAD VILLA\nJULES JANIN - 750800658\nAgence R\u00e9gionale de Sant\u00e9 - IDF-2025-06-20-00006 - d\u00e9cision tarifaire n\u00b0707 portant fixation pour 2025 du montant et de la\nr\u00e9partition de la dotation globalis\u00e9e commune pr\u00e9vue au contrat pluriannuel d'objectifs et de moyens de SARL RESIDENCE CLUB LE\nMONTSOURIS - 750007759 pour les \u00e9tablissements et services suivants : Etablissement d'h\u00e9bergement pour personnes \u00e2g\u00e9es\nd\u00e9pendantes - EHPAD RESIDENCE CLUB LE MONTSOURIS - 750007809 ; Etablissement d'h\u00e9bergement pour personnes \u00e2g\u00e9es\nd\u00e9pendantes - EHPAD RESIDENCE DE SEVRES -750002552 Etablissement d'h\u00e9bergement pour personnes \u00e2g\u00e9es d\u00e9pendantes - EHPAD\nVILLA JULES JANIN - 750800658\n145\nEXREPUBLIQUEFRANCAISELibert\u00e9 \u00a9 DAgence R\u00e9gionale de Sant\u00e9\u00c9galit\u00e9 \u00cele-de-FranceFraternit\u00e9\n \nDECISION TARIFAIRE N\u00b0707 PORTANT FIXATION POUR 2025 DU MONTANT ET DE LA \nREPARTITION DE LA DOTATION GLOBALISEE COMMUNE PREVUE AU \nCONTRAT PLURIANNUEL D'OBJECTIFS ET DE MOYENS DE  \nSARL RESIDENCE CLUB LE MONTSOURIS - 750007759 \n \nPOUR LES ETABLISSEMENTS ET SERVICES SUIV ANTS  \nEtablissement d'h\u00e9bergement pour personnes \u00e2g\u00e9es d\u00e9pendantes - EHPAD RESIDENCE CLUB LE \nMONTSOURIS - 750007809 \n \nEtablissement d'h\u00e9bergement pour personnes \u00e2g\u00e9es d\u00e9pendantes - EHPAD RESIDENCE DE SEVRES - \n750002552 \n \nEtablissement d'h\u00e9bergement pour personnes \u00e2g\u00e9es d\u00e9pendantes - EHPAD VILLA JULES JANIN - 750800658 \n \n \nLe Directeur G\u00e9n\u00e9ral de l'ARS Ile-de-France \n \nVU le Code de l'Action Sociale et des Familles ; \n  \nVU le Code de la S\u00e9curit\u00e9 Sociale ; \n  \nVU la loi n\u00b0 2025-199 du 28 f\u00e9vrier 2025 de financement de la S\u00e9curit\u00e9 Sociale pour 2025 \npubli\u00e9e au Journal Officiel du 28/02/2025 ; \n  \nVU l'arr\u00eat\u00e9 minist\u00e9riel du 02/06/2025 publi\u00e9 au Journal Officiel du 06/06/2025 pris en \napplication de l'article L314-3 du Code de l'Action Sociale et des Familles fixant, pour \nl'ann\u00e9e 2025 l'objectif global de d\u00e9penses d'assurance maladie et le montant total de \nd\u00e9penses pour les \u00e9tablissements et services relevant de la Caisse nationale de solidarit\u00e9 \npour l'autonomie ; \n  \nVU la d\u00e9cision du 02/06/2025 publi\u00e9e au Journal Officiel du 06/06/2025 relative aux dotations \nr\u00e9gionales limitatives 2025 et \u00e0 la moyenne nationale des besoins en soins requis 2025 ; \n  \nVU l'arr\u00eat\u00e9 du 28/05/2025 fixant pour 2025 les valeurs du point mentionn\u00e9es \u00e0 l'article R.314-\n162 du code de l'action sociale et des familles publi\u00e9 au Journal Officiel du 31/05/2025 ; \n \n  \nVU le d\u00e9cret du 10 Avril 2024 portant nomination de Monsieur ROBIN Denis en qualit\u00e9 de \nDirecteur G\u00e9n\u00e9ral de l'agence r\u00e9gionale de sant\u00e9 Ile-de-France ; \n \nVU la d\u00e9l\u00e9gation de signature du Directeur G\u00e9n\u00e9ral de l'ARS vers le Directeur D\u00e9partemental \nde PARIS en date du 16/04/2025 ;  \n  \nVU le Contrat Pluriannuel d'Objectifs et de Moyens conclu le 28/02/2020 prenant effet au \n01/01/2020 ; \n \n \nDECIDE \n \nAgence R\u00e9gionale de Sant\u00e9 - IDF-2025-06-20-00006 - d\u00e9cision tarifaire n\u00b0707 portant fixation pour 2025 du montant et de la\nr\u00e9partition de la dotation globalis\u00e9e commune pr\u00e9vue au contrat pluriannuel d'objectifs et de moyens de SARL RESIDENCE CLUB LE\nMONTSOURIS - 750007759 pour les \u00e9tablissements et services suivants : Etablissement d'h\u00e9bergement pour personnes \u00e2g\u00e9es\nd\u00e9pendantes - EHPAD RESIDENCE CLUB LE MONTSOURIS - 750007809 ; Etablissement d'h\u00e9bergement pour personnes \u00e2g\u00e9es\nd\u00e9pendantes - EHPAD RESIDENCE DE SEVRES -750002552 Etablissement d'h\u00e9bergement pour personnes \u00e2g\u00e9es d\u00e9pendantes - EHPAD\nVILLA JULES JANIN - 750800658\n146\n \nArticle 1er A compter du 01/01/2025, au titre de 2025, la dotation globalis\u00e9e commune des \n\u00e9tablissements et services m\u00e9dico -sociaux financ\u00e9s par l'Assurance Maladie, g\u00e9r\u00e9s \npar l'entit\u00e9 d\u00e9nomm\u00e9e SARL RESIDENCE CLUB LE MONTSOURIS (750007759), \na \u00e9t\u00e9 fix\u00e9e \u00e0 1 988 169,96 \u20ac, dont 0,00 \u20ac de cr\u00e9dits non reconductibles. \n \n Elle se r\u00e9partit de la mani\u00e8re suivante :  \n \n \n- personnes \u00e2g\u00e9es : 1 988 169,96 \u20ac \n \n \n Dotations (en \u20ac) \nFINESS H\u00e9bergement \npermanent UHR PASA H\u00e9bergement \ntemporaire Accueil de jour Plateforme de \nr\u00e9pit SSIAD  \n750002552 \nEHPAD RESIDENCE DE \nSEVRES \n959 143,25 0,00 0,00 0,00 0,00 0,00 0,00 \n750007809 \nEHPAD RESIDENCE \nCLUB LE \nMONTSOURIS \n672 325,55 0,00 0,00 0,00 0,00 0,00 0,00 \n750800658 \nEHPAD VILLA JULES \nJANIN \n356 701,16 0,00 0,00 0,00 0,00 0,00 0,00 \n \n \nPour 2025, la fraction forfaitaire mensuelle, pour le secteur personnes \u00e2g\u00e9es, s'\u00e9tablit \u00e0 165 680,83 \u20ac. \n \n \n \n \n \nArticle 2 A compter du 1 er janvier 2026, en application de l'article L.314 -7 du CASF, la \ndotation globalis\u00e9e commune s'\u00e9l\u00e8ve, \u00e0 titre transitoire, \u00e0 1  988 169,96 \u20ac. Elle se \nr\u00e9partit de la mani\u00e8re suivante : \n \n \n-- personnes \u00e2g\u00e9es : 1 988 169,96 \u20ac \n \n Dotations (en \u20ac) \nFINESS H\u00e9bergement \npermanent UHR PASA H\u00e9bergement \ntemporaire Accueil de jour Plateforme de \nr\u00e9pit SSIAD \n750002552 \nEHPAD RESIDENCE DE \nSEVRES \n959 143,25 0,00 0,00 0,00 0,00 0,00 0,00 \n750007809 \nEHPAD RESIDENCE CLUB \nLE MONTSOURIS \n672 325,55 0,00 0,00 0,00 0,00 0,00 0,00 \n750800658 \nEHPAD VILLA JULES \nJANIN \n356 701,16 0,00 0,00 0,00 0,00 0,00 0,00 \n \n \nPour 2026, la fraction forfaitaire mensuelle, pour le secteur personnes \u00e2g\u00e9es, s'\u00e9tablit \u00e0 165 680,83 \u20ac. \n \n \nArticle 3 Les recours contentieux dirig\u00e9s contre la pr\u00e9sente d\u00e9cision doivent \u00eatre port\u00e9s devant \nAgence R\u00e9gionale de Sant\u00e9 - IDF-2025-06-20-00006 - d\u00e9cision tarifaire n\u00b0707 portant fixation pour 2025 du montant et de la\nr\u00e9partition de la dotation globalis\u00e9e commune pr\u00e9vue au contrat pluriannuel d'objectifs et de moyens de SARL RESIDENCE CLUB LE\nMONTSOURIS - 750007759 pour les \u00e9tablissements et services suivants : Etablissement d'h\u00e9bergement pour personnes \u00e2g\u00e9es\nd\u00e9pendantes - EHPAD RESIDENCE CLUB LE MONTSOURIS - 750007809 ; Etablissement d'h\u00e9bergement pour personnes \u00e2g\u00e9es\nd\u00e9pendantes - EHPAD RESIDENCE DE SEVRES -750002552 Etablissement d'h\u00e9bergement pour personnes \u00e2g\u00e9es d\u00e9pendantes - EHPAD\nVILLA JULES JANIN - 750800658\n147\nle Tribunal Administratif sis 1, Place du Palais Royal, 75100 PARIS dans un d\u00e9lai de \ndeux mois \u00e0 compter de sa publication ou, pour les personnes auxquelles elle sera \nnotifi\u00e9e, \u00e0 compter de sa notification. Le tribunal administratif peut \u00eatre saisi par \nl'application \u00ab T\u00e9l\u00e9recours citoyens \u00bb accessible par le site www.telerecours.fr. \n  \nArticle 4 La pr\u00e9sente d\u00e9cision sera publi\u00e9e au recueil des actes administratifs. \n  \nArticle 5         Le Directeur G\u00e9n\u00e9ral de l'ARS  Ile-de-France est charg\u00e9 de l'ex\u00e9cution de la pr\u00e9sente \nd\u00e9cision qui sera notifi\u00e9e \u00e0 l'entit\u00e9 gestionnaire (SARL RESIDENCE CLUB LE \nMONTSOURIS 750007759) et aux structures concern\u00e9es. \n \n \nFait \u00e0 Saint-Denis,  \n \nle 20 juin 2025 \n \n  \nP/ L e Directeur de la D\u00e9l\u00e9gation \nD\u00e9partementale de Paris \nAgence R\u00e9gionale de Sant\u00e9 d'Ile-de-France \n \nLaure LE COAT \nResponsable du d\u00e9partement autonomie \n \n#signature# \n \nAgence R\u00e9gionale de Sant\u00e9 - IDF-2025-06-20-00006 - d\u00e9cision tarifaire n\u00b0707 portant fixation pour 2025 du montant et de la\nr\u00e9partition de la dotation globalis\u00e9e commune pr\u00e9vue au contrat pluriannuel d'objectifs et de moyens de SARL RESIDENCE CLUB LE\nMONTSOURIS - 750007759 pour les \u00e9tablissements et services suivants : Etablissement d'h\u00e9bergement pour personnes \u00e2g\u00e9es\nd\u00e9pendantes - EHPAD RESIDENCE CLUB LE MONTSOURIS - 750007809 ; Etablissement d'h\u00e9bergement pour personnes \u00e2g\u00e9es\nd\u00e9pendantes - EHPAD RESIDENCE DE SEVRES -750002552 Etablissement d'h\u00e9bergement pour personnes \u00e2g\u00e9es d\u00e9pendantes - EHPAD\nVILLA JULES JANIN - 750800658\n148\nAgence R\u00e9gionale de Sant\u00e9\nIDF-2025-06-20-00021\nd\u00e9cision tarifaire n\u00b0709 portant fixation du\nforfait global de soins pour 2025 de EHPAD\nRESIDENCE TIERS TEMPS PARIS - 750003600\nAgence R\u00e9gionale de Sant\u00e9 - IDF-2025-06-20-00021 - d\u00e9cision tarifaire n\u00b0709 portant fixation du forfait global de soins pour 2025 de\nEHPAD RESIDENCE TIERS TEMPS PARIS - 750003600 149\nEXREPUBLIQUEFRANCAISELibert\u00e9 0 D Agence R\u00e9gionale de Sant\u00e9\u00c9galit\u00e9 \u00cele-de-FranceFraternit\u00e9\n  \n \nDECISION TARIFAIRE N\u00b0709 PORTANT FIXATION DU FORFAIT GLOBAL DE SOINS POUR \n2025 DE \nEHPAD RESIDENCE TIERS TEMPS PARIS - 750003600 \n \nLe Directeur G\u00e9n\u00e9ral de l'ARS Ile-de-France \n \nVU le Code de l'Action Sociale et des Familles \n  \nVU le Code de la S\u00e9curit\u00e9 Sociale ; \n  \nVU la loi n\u00b02025 -199 du 28 f\u00e9vrier 2025 de financement de la S\u00e9curit\u00e9 Sociale pour 2025 \npubli\u00e9e au Journal Officiel du 28/02/2025 ; \n  \nVU l'arr\u00eat\u00e9 minist\u00e9riel du 02/06/2025 publi\u00e9 au Journal Officiel du 06/06/2025 pris en \napplication de l'article L314 -3 du Code de l'Action Sociale et des Familles fixant, pour \nl'ann\u00e9e 2025 l'objectif global de d\u00e9penses d'assurance maladie et le montant total de \nd\u00e9penses pour les \u00e9tablissements et services relevant de la Caisse nationale de solidarit\u00e9 \npour l'autonomie ; \n  \nVU la d\u00e9cision du 02/06/2025 publi\u00e9e au Journal Officiel du 06/06/2025 relative aux dotations \nr\u00e9gionales limitatives 2025 et \u00e0 la moyenne nationale des besoins en soins requis 2025 ; \n  \nVU l'arr\u00eat\u00e9 du 28/05/2025 fixant pour 2025 les valeurs du point mentionn\u00e9es \u00e0 l'article R.314-\n162 du code de l'action sociale et des familles publi\u00e9 au Journal Officiel du 31/05/2025 ; \n  \nVU le d\u00e9cret du 10 Avril 2024 portant nomination de Monsieur, ROBIN, Denis en qualit\u00e9 de \nDirecteur G\u00e9n\u00e9ral de l'agence r\u00e9gionale de sant\u00e9 Ile-de-France ; \n  \nVU la d\u00e9cision de d\u00e9l\u00e9gation de signature du Directeur G\u00e9n\u00e9ral de l'ARS vers le Directeur \nD\u00e9partemental de PARIS en date du 16/04/2025 ; \n \nVU l'autorisation ou le renouvellement d'autorisation en date du 03/01/2017 de la structure \nEtablissement d'h\u00e9bergement pour personnes \u00e2g\u00e9es d\u00e9pendantes d\u00e9nomm\u00e9e EHPAD \nRESIDENCE TIERS TEMPS PARIS (750003600) sise 24 R REMY DUMONCEL 75014 \nParis 14e Arrondissement et g\u00e9r\u00e9e par l'entit\u00e9 d\u00e9nomm\u00e9e SAS TIERS TEMPS PARIS \n(750003592) ; \n  \n \n \nDECIDE \n \nArticle 1er A compter du 01/01/2025, le forfait global de soins est fix\u00e9 \u00e0 1  249 814,28 \u20ac au titre \nde 2025, dont 0,00 \u20ac au titre des cr\u00e9dits non reconductible. \n \n \nLa fraction forfaitaire mensuelle s'\u00e9tablit \u00e0 104 151,19 \u20ac. \n \nAgence R\u00e9gionale de Sant\u00e9 - IDF-2025-06-20-00021 - d\u00e9cision tarifaire n\u00b0709 portant fixation du forfait global de soins pour 2025 de\nEHPAD RESIDENCE TIERS TEMPS PARIS - 750003600 150\n \nPour 2025, les tarifs sont d\u00e9compos\u00e9s comme suit : \n \n Forfait global de soins \nH\u00e9bergement \nPermanent \n1 249 814,28 \nUHR \n0,00 \nPASA \n0,00 \nH\u00e9bergement \nTemporaire \n0,00 \nAccueil de jour \n0,00 \nPlateforme de r\u00e9pit \n0,00 \n \n \nArticle 2 A compter du 1er janvier 2026 , en application de l'article L.314-7 du CASF, le forfait \nglobal de soins est fix\u00e9, \u00e0 titre transitoire, \u00e0 1 249 814,28 \u20ac. \n  \n Les tarifs de reconduction sont fix\u00e9s \u00e0 : \n \n Forfait global de soins \nH\u00e9bergement \nPermanent \n1 249 814,28 \nUHR \n0,00 \nPASA \n0,00 \nH\u00e9bergement \nTemporaire \n0,00 \nAccueil de jour \n0,00 \nPlateforme de r\u00e9pit \n0,00 \n \n \n La fraction forfaitaire mensuelle s'\u00e9tablit \u00e0 104 151,19 \u20ac. \n \n  \nArticle 3 Les recours contentieux dirig\u00e9s contre la pr\u00e9sente d\u00e9cision doivent \u00eatre port\u00e9s devant \nle Tribunal Administratif sis 1 Place du Palais Royal 75100 PARIS dans un d\u00e9lai de \ndeux mois \u00e0 compter de sa publication ou, pour les personnes auxquelles elle sera \nAgence R\u00e9gionale de Sant\u00e9 - IDF-2025-06-20-00021 - d\u00e9cision tarifaire n\u00b0709 portant fixation du forfait global de soins pour 2025 de\nEHPAD RESIDENCE TIERS TEMPS PARIS - 750003600 151\nnotifi\u00e9e, \u00e0 compter de sa notification. Le tribunal administratif peut \u00eatre saisi par \nl'application \u00ab T\u00e9l\u00e9recours citoyens \u00bb accessible par le site www.telerecours.fr. \n  \nArticle 4 La pr\u00e9sente d\u00e9cision sera publi\u00e9e au recueil des actes administratifs. \n  \nArticle 5         Le Directeur G\u00e9n\u00e9ral de l'ARS Ile -de-France est charg\u00e9 de l'ex\u00e9cution de la pr\u00e9sente \nd\u00e9cision qui sera notifi\u00e9e \u00e0 l'entit\u00e9 gestionnaire SAS TIERS TEMPS PARIS \n(750003592) et \u00e0 l'\u00e9tablissement concern\u00e9. \n \n \nFait \u00e0 Saint-Denis,  \n \nle 20 juin 2025 \n \n  \nP/ L e Directeur de la D\u00e9l\u00e9gation \nD\u00e9partementale de Paris \nAgence R\u00e9gionale de Sant\u00e9 d'Ile-de-France \n \nLaure LE COAT \nResponsable du d\u00e9partement autonomie \n \n                \n \n \n \n         #signature# \n \n \nAgence R\u00e9gionale de Sant\u00e9 - IDF-2025-06-20-00021 - d\u00e9cision tarifaire n\u00b0709 portant fixation du forfait global de soins pour 2025 de\nEHPAD RESIDENCE TIERS TEMPS PARIS - 750003600 152\nAgence R\u00e9gionale de Sant\u00e9\nIDF-2025-07-16-00012\nARR\u00caT\u00c9 N\u00b0DOS - 2025/ 3556\nportant autorisation temporaire\nde lieu de recherches impliquant la personne\nhumaine Service d'Oto-Rhino-Laryngologie\n(ORL)Madame le Docteur Charlotte HAUTEFORT\nH\u00f4pital Lariboisi\u00e8re\nAgence R\u00e9gionale de Sant\u00e9 - IDF-2025-07-16-00012 - ARR\u00caT\u00c9 N\u00b0DOS - 2025/ 3556\nportant autorisation temporaire\nde lieu de recherches impliquant la personne humaine Service d'Oto-Rhino-Laryngologie (ORL)Madame le Docteur Charlotte\nHAUTEFORT H\u00f4pital Lariboisi\u00e8re\n153\nExREPUBLIQUEFRAN\u00c7AISELibert\u00e9Egalit\u00e9Fraternit\u00e9\nAr@ D Agence R\u00e9gionale de Sant\u00e9\u00cele-de-France\nAGENCE R\u00c9GIONALE DE SANT\u00c9 \u00ceLE-DE-FRANCE\nARR\u00caT\u00c9 N\u00b0DOS - 2025/ 3556\nportant autorisation temporaire\nde lieu de recherches impliquant la personne humaine\nLE DIRECTEUR G\u00c9N\u00c9RAL DE L'AGENCE R\u00c9GIONALE DE SANT\u00c9\n\u00ceLE-DE-FRANCE\nVU le code de la sant\u00e9 publique, notamment ses articles L.1121-3 et suivants et R.1121-10 et\nsuivants ;\nVU le d\u00e9cret du 10 avril 2024 portant nomination de Monsieur Denis ROBIN, Directeur g\u00e9n\u00e9ral de\nl'Agence r\u00e9gionale de sant\u00e9 \u00cele-de-France, \u00e0 compter du 29 avril 2024 ;\nVU l'arr\u00eat\u00e9 n\u00b0 DS 034/2024 du 29 avril 2024, portant d\u00e9l\u00e9gation de signature du Directeur g\u00e9n\u00e9ral\nde l'Agence r\u00e9gionale de sant\u00e9 \u00cele-de-France \u00e0 Monsieur Arnaud CORVAISIER, Directeur de\nl'offre de soins, et \u00e0 diff\u00e9rents collaborateurs ; \nVU l'arr\u00eat\u00e9 du 12 mai 2009 fixant les conditions mentionn\u00e9es \u00e0 l'article R.1121-11 devant figurer\ndans la demande d'autorisation des lieux de recherches biom\u00e9dicales pr\u00e9vues \u00e0 l'article\nL. 1121-13 du code de la sant\u00e9 publique ;\nVU la demande de l'Assistance Publique \u2013 H\u00f4pitaux de Paris concernant le lieu de recherches\nimpliquant la personne humaine intitul\u00e9 \u00ab Service d'Oto-Rhino-Laryngologie \u00bb sur le site de\nl'H\u00f4pital Lariboisi\u00e8re \u2013 75010 Paris, en vue d'obtenir une autorisation temporaire ;\nCONSID\u00c9RANT que cette demande d'autorisation de lieu de recherches impliquant la personne\nhumaine rentre dans le champ de comp\u00e9tence du Directeur g\u00e9n\u00e9ral de l'Agence\nr\u00e9gionale de sant\u00e9 \u00cele-de-France ;\nCONSID\u00c9RANT que le lieu concern\u00e9 par cette demande dispose des moyens humains, mat\u00e9riels et\ntechniques adapt\u00e9s \u00e0 la recherche et compatibles avec les imp\u00e9ratifs de s\u00e9curit\u00e9 des\npersonnes qui s'y pr\u00eatent et que la demande respecte l'ensemble des conditions\npr\u00e9vues par l'article R.1121-10 ;\nCONSID\u00c9RANT que l'avis rendu le 15 juillet 2025, au vu du dossier re\u00e7u et en cours d'instruction, est\nfavorable ;\nAgence R\u00e9gionale de Sant\u00e9 - IDF-2025-07-16-00012 - ARR\u00caT\u00c9 N\u00b0DOS - 2025/ 3556\nportant autorisation temporaire\nde lieu de recherches impliquant la personne humaine Service d'Oto-Rhino-Laryngologie (ORL)Madame le Docteur Charlotte\nHAUTEFORT H\u00f4pital Lariboisi\u00e8re\n154\n2\nARR\u00caTE\nARTICLE 1er : L'autorisation temporaire du lieu de recherches impliquant la personne humaine\nmentionn\u00e9e \u00e0 l'article L.1121-13 du code de la sant\u00e9 publique, et aux articles\nR.1121-13 et R.1121-14 modifi\u00e9s par le d\u00e9cret n\u00b02016-1537 du 16 novembre 2016 est\naccord\u00e9e \u00e0 :\nEntit\u00e9 juridique portant l'activit\u00e9 :\nAssistance Publique \u2013 H\u00f4pitaux de Paris\npour le lieu de recherches suivant :\nService d'Oto-Rhino-Laryngologie (ORL)\nPlac\u00e9 sous la responsabilit\u00e9 de :\nMadame le Docteur Charlotte HAUTEFORT\nAdresse compl\u00e8te :\nH\u00f4pital Lariboisi\u00e8re\n2 rue Ambroise-Par\u00e9\n75010 Paris.\nARTICLE 2e: Ce lieu de recherches impliquant la personne humaine correspond \u00e0 un lieu de soins\net comprend des locaux situ\u00e9s au 1 er \u00e9tage du Secteur Bleu de la Galerie Pierre\nGauthier (Porte 8), au sein de de l'\u00e9tablissement. Ces locaux d'une superficie totale de\n100 m\u00b2 sont consacr\u00e9s \u00e0 la fois aux activit\u00e9s de soins et de recherches cliniques. \nLe lieu fonctionne du lundi au vendredi de 8h30 \u00e0 17h00.\nLes recherches r\u00e9alis\u00e9es chez les volontaires malades adultes, correspondent \u00e0 des\nessais cliniques concernant des dispositifs m\u00e9dicaux, sans comprendre de premi\u00e8re\nadministration \u00e0 l'homme.\nARTICLE 3e: Selon les dispositions de l'article L. 5311-1, modifi\u00e9 par la Loi n\u00b02022-1726 du\n30 d\u00e9cembre 2022, les protocoles de recherches envisag\u00e9s auront pour th\u00e8mes :\n- Les m\u00e9dicaments, y compris les insecticides, acaricides et antiparasitaires \u00e0\nusage humain, les pr\u00e9parations magistrales, hospitali\u00e8res et officinales,\nles substances stup\u00e9fiantes, psychotropes ou autres substances v\u00e9n\u00e9neuses,\nles huiles essentielles et plantes m\u00e9dicinales, les mati\u00e8res premi\u00e8res \u00e0 usage\npharmaceutique ;\n- Les dispositifs m\u00e9dicaux et leurs accessoires.\nARTICLE 4e: Les recherches impliquant la personne humaine concern\u00e9es par cette d\u00e9cision ne\npeuvent \u00eatre mises en \u0153uvre qu'apr\u00e8s avis favorable du comit\u00e9 de protection des\npersonnes mentionn\u00e9 \u00e0 l'article L. 1123-1 et autorisation de l'autorit\u00e9 comp\u00e9tente\nmentionn\u00e9e \u00e0 l'article L. 1123-12.\nARTICLE 5e: Cette d\u00e9cision d'autorisation temporaire est d\u00e9livr\u00e9e pour une dur\u00e9e de 6 mois.\nTout renouvellement ou toute modification relative aux \u00e9l\u00e9ments \u00e9num\u00e9r\u00e9s \u00e0 l'article\nR.1121-10 du code de la sant\u00e9 publique modifi\u00e9 par le d\u00e9cret n\u00b0 2016-1537 devront\nfaire l'objet d'une nouvelle demande d'autorisation.\nLa demande de renouvellement ou de modification de l'autorisation sera adress\u00e9e au\nDirecteur g\u00e9n\u00e9ral de l'Agence r\u00e9gionale de sant\u00e9 \u00cele-de-France, le d\u00e9lai d'instruction\n\u00e9tant respectivement de quatre mois ou de deux mois.\nAgence R\u00e9gionale de Sant\u00e9 - IDF-2025-07-16-00012 - ARR\u00caT\u00c9 N\u00b0DOS - 2025/ 3556\nportant autorisation temporaire\nde lieu de recherches impliquant la personne humaine Service d'Oto-Rhino-Laryngologie (ORL)Madame le Docteur Charlotte\nHAUTEFORT H\u00f4pital Lariboisi\u00e8re\n155\n3\nARTICLE 6e: Un recours contentieux contre la pr\u00e9sente d\u00e9cision peut \u00eatre form\u00e9 aupr\u00e8s du Tribunal\nadministratif comp\u00e9tent. Le d\u00e9lai de recours est de deux mois \u00e0 compter de sa\nnotification ou de sa publication au recueil des actes administratifs de la Pr\u00e9fecture de\nla R\u00e9gion \u00cele-de-France pour les tiers.\nARTICLE 7e: La pr\u00e9sente d\u00e9cision sera publi\u00e9e au recueil des actes administratifs de la pr\u00e9fecture\nde la r\u00e9gion Ile-de-France.\nFait \u00e0 Saint-Denis, le \nPour le Directeur g\u00e9n\u00e9ral\nde l'Agence r\u00e9gionale de sant\u00e9\n\u00cele-de-France\nPar d\u00e9l\u00e9gation,\n \nAgence R\u00e9gionale de Sant\u00e9 - IDF-2025-07-16-00012 - ARR\u00caT\u00c9 N\u00b0DOS - 2025/ 3556\nportant autorisation temporaire\nde lieu de recherches impliquant la personne humaine Service d'Oto-Rhino-Laryngologie (ORL)Madame le Docteur Charlotte\nHAUTEFORT H\u00f4pital Lariboisi\u00e8re\n156\nDirection r\u00e9gionale des affaires culturelles\nd'Ile-de-France \nIDF-2025-07-17-00001\nArr\u00eat\u00e9 n\u00b0DRAC 2025-053 portant cr\u00e9ation du\np\u00e9rim\u00e8tre d\u00e9limit\u00e9 des abords de Villa\nHennebique prot\u00e9g\u00e9e au titre des monuments\nhistoriques, sur le territoire de la commune de\nBourg-la-Reine (Hauts-de-Seine)\nDirection r\u00e9gionale des affaires culturelles d'Ile-de-France  - IDF-2025-07-17-00001 - Arr\u00eat\u00e9 n\u00b0DRAC 2025-053 portant cr\u00e9ation du\np\u00e9rim\u00e8tre d\u00e9limit\u00e9 des abords de Villa Hennebique prot\u00e9g\u00e9e au titre des monuments historiques, sur le territoire de la commune de\nBourg-la-Reine (Hauts-de-Seine)\n157\n \n \n47 rue Le Peletier \u2013 75009 Paris   \nT\u00e9l standard : 01 56 06 50 00 \n \n \n \n   \n               Direction \nr\u00e9gionale \ndes affaires culturelles \nd'\u00cele-de-France  \n \n \nARR\u00caT\u00c9 n\u00b0 DRAC - 2025 - 053  \n \nportant cr\u00e9ation du p\u00e9rim\u00e8tre d\u00e9limit\u00e9 des abords de Villa Hennebique \nprot\u00e9g\u00e9e au titre des monuments historiques,  \nsur le territoire de la commune de Bourg-la-Reine (Hauts-de-Seine) \n \n \nLE PR\u00c9FET DE LA R\u00c9GION D'\u00ceLE-DE-FRANCE \nPR\u00c9FET DE PARIS \nGrand officier de l'ordre national de la L\u00e9gion d'Honneur, \nOfficier de l'Ordre national du M\u00e9rite \n \n \nVu  le code de l'environnement, notamment son article L. 123-1 ; \nVu  le code du patrimoine, notamment ses articles L. 621-31 et R. 621-92 \u00e0 R. 621-95  ; \nVu  le code de l'urbanisme, notamment son article R. 132-2 ; \nVu  le d\u00e9cret n\u00b02010-633 du 8 juin 2010 relatif \u00e0 l'or ganisation et aux missions des directions r\u00e9gionales \ndes affaires culturelles ; \nVu  le d\u00e9cret n\u00b02010-687 du 24 juin 2010 relatif \u00e0 l'o rganisation et aux missions des services de l'\u00e9tat \ndans la r\u00e9gion et les d\u00e9partements d'\u00cele-de-France ; \nVu  le d\u00e9cret du 22 juillet 2020 portant nomination de  Monsieur Marc GUILLAUME en qualit\u00e9 de pr\u00e9fet \nde la r\u00e9gion d'\u00cele-de-France, pr\u00e9fet de Paris ; \nVu  l'arr\u00eat\u00e9 du 19 juillet 2019 portant nomination de Monsieur Laurent ROTURIER en qualit\u00e9 de \ndirecteur r\u00e9gional des affaires culturelles d'\u00cele-de-France \u00e0 compter du 1 \ner septembre 2019 ; \nVu  l'arr\u00eat\u00e9 du 1 er  ao\u00fbt 2022 portant renouvellement de nomination de Monsieur Laurent ROTURIER en \nqualit\u00e9 de directeur r\u00e9gional des affaires culturelles d'\u00cele-de-France \u00e0 compter du 1 er  septembre 2022 ; \nVu  la d\u00e9lib\u00e9ration du conseil de territoire de Vall\u00e9e Sud - Grand Paris du 18 d\u00e9cembre 2018 prescrivant \nl'\u00e9laboration du plan local d'urbanisme intercommunal ;  \nVu la proposition de l'architecte des B\u00e2timents de France pour la cr\u00e9ation d'un p\u00e9rim\u00e8tre d\u00e9limit\u00e9 des \nabords de la Villa Hennebique, class\u00e9e au titre des  monuments historiques par arr\u00eat\u00e9 du 16 janvier \n2014 situ\u00e9e \u00e0 Bourg-la-Reine ; \nVu  la d\u00e9lib\u00e9ration du conseil de territoire de Vall\u00e9e  Sud - Grand Paris du 14 d\u00e9cembre 2023 donnant \nun avis favorable \u00e0 la cr\u00e9ation du p\u00e9rim\u00e8tre d\u00e9limit\u00e9 des abords de la Villa Hennebique avant enqu\u00eate \npublique ; \nVu l'arr\u00eat\u00e9 du pr\u00e9sident de Vall\u00e9e Sud - Grand Paris d u 13 mai 2024 ordonnant la mise \u00e0 l'enqu\u00eate \npublique du 30 mai au 4 juillet 2024 du projet d'\u00e9l aboration du plan local d'urbanisme intercommunal \net de modification du p\u00e9rim\u00e8tre de protection autour de la Villa Hennebique ; \nDirection r\u00e9gionale des affaires culturelles d'Ile-de-France  - IDF-2025-07-17-00001 - Arr\u00eat\u00e9 n\u00b0DRAC 2025-053 portant cr\u00e9ation du\np\u00e9rim\u00e8tre d\u00e9limit\u00e9 des abords de Villa Hennebique prot\u00e9g\u00e9e au titre des monuments historiques, sur le territoire de la commune de\nBourg-la-Reine (Hauts-de-Seine)\n158\n2 \n \nVu  le r\u00e9sultat de l'enqu\u00eate publique et l'avis favora ble de la commission d'enqu\u00eate du 10 octobre \n2024 ; \nVu  le r\u00e9sultat de la consultation des propri\u00e9taires de la Villa Hennebique ; \nVu  la d\u00e9lib\u00e9ration du conseil de territoire de Vall\u00e9e  Sud - Grand Paris du 7 avril 2025 donnant un \naccord \u00e0 la cr\u00e9ation du p\u00e9rim\u00e8tre d\u00e9limit\u00e9 des abor ds autour de la Villa Hennebique, apr\u00e8s enqu\u00eate \npublique ; \nVu  l'accord de l'architecte des B\u00e2timents de France sur le projet de cr\u00e9ation du p\u00e9rim\u00e8tre d\u00e9limit\u00e9 des \nabords de la Villa Hennebique, apr\u00e8s enqu\u00eate publique ; \nConsid\u00e9rant que la cr\u00e9ation d'un p\u00e9rim\u00e8tre d\u00e9limit\u00e9 des abords permet de d\u00e9signer les immeubles ou \nensembles d'immeubles qui forment avec un monument historique un ensemble coh\u00e9rent ou qui sont \nsusceptibles de contribuer \u00e0 sa conservation ou \u00e0 sa mise en valeur ; \nConsid\u00e9rant le caract\u00e8re urbain de la commune, le tissu urbain qui constitue l'\u00e9crin imm\u00e9diat du \nmonument historique, ainsi que les c\u00f4nes de vue majeurs sur le monument ; \nConsid\u00e9rant les immeubles qui participent pleinement \u00e0 la pr\u00e9se rvation du monument historique et \nqui forment un ensemble coh\u00e9rent avec le monument ;  l'ensemble du paysage b\u00e2ti et le tissu du \ncentre de Bourg-la-Reine qui constituent avec le mo nument historique consid\u00e9r\u00e9 un ensemble \ncoh\u00e9rent par les p\u00e9riodes constructives, par l'implantation des b\u00e2timents et qui participent \u00e0 la lecture \nde l'histoire urbaine de la commune ; les vues et p erspectives significatives sur le monument ; les \nimmeubles en covisibilit\u00e9 avec le monument historique ; \nConsid\u00e9rant les objectifs de pr\u00e9servation de la qualit\u00e9 archite cturale, urbaine et paysag\u00e8re et de mise \nen valeur de l'harmonie du paysage b\u00e2ti, applicable s dans ce p\u00e9rim\u00e8tre d\u00e9limit\u00e9 des abords et bas\u00e9s \nsur le recours aux mat\u00e9riaux traditionnels et \u00e0 leu rs mises en \u0153uvre, concernant notamment les \nma\u00e7onneries, cl\u00f4tures, percements, ouvrages de second \u0153uvre et couleurs ; \nConsid\u00e9rant  l'enrichissement de ce paysage b\u00e2ti pouvant d\u00e9couler de l'emploi d'autres mat\u00e9riaux et le \nrecours \u00e0 d'autres mises en \u0153uvre, pour des archite ctures contemporaines et des programmes \nsp\u00e9cifiques, sous r\u00e9serve de leur insertion et de leur qualit\u00e9 exemplaire, \nARR\u00caTE  \n \nArticle 1 er  : Le p\u00e9rim\u00e8tre d\u00e9limit\u00e9 des abords de la Villa Henn ebique, class\u00e9e au titre des monuments \nhistoriques par arr\u00eat\u00e9 du 16 janvier 2014 situ\u00e9e \u00e0 Bourg-la-Reine, est cr\u00e9\u00e9 selon le plan joint en ann exe. \nLe trac\u00e9 en pointill\u00e9 orange y figurant d\u00e9limite le  nouveau p\u00e9rim\u00e8tre des abords de ce monument \nhistorique . \nArticle 2  : Le pr\u00e9fet des Hauts-de-Seine, le secr\u00e9taire g\u00e9n\u00e9r al aux politiques publiques, le directeur \nr\u00e9gional des affaires culturelles d'\u00cele-de-France et le maire de Bourg-la-Reine sont charg\u00e9s, chacun en ce \nqui le concerne, de l'ex\u00e9cution du pr\u00e9sent arr\u00eat\u00e9, qui sera publi\u00e9 aux recueils des actes administrati fs \nde l'\u00c9tat dans la r\u00e9gion d'\u00cele-de-France. \n \nFait \u00e0 Paris, le 17 juillet 2025 \nPour le Pr\u00e9fet de la r\u00e9gion d'Ile-de-France, \nPr\u00e9fet de Paris  \n                                                   et par d\u00e9l\u00e9gation, \nle Directeur r\u00e9gional adjoint d\u00e9l\u00e9gu\u00e9 des affaires    \nculturelles en charge des patrimoines \n \n\u00ab SIGNE \u00bb \n \nOlivier PEYRATOUT  \nDirection r\u00e9gionale des affaires culturelles d'Ile-de-France  - IDF-2025-07-17-00001 - Arr\u00eat\u00e9 n\u00b0DRAC 2025-053 portant cr\u00e9ation du\np\u00e9rim\u00e8tre d\u00e9limit\u00e9 des abords de Villa Hennebique prot\u00e9g\u00e9e au titre des monuments historiques, sur le territoire de la commune de\nBourg-la-Reine (Hauts-de-Seine)\n159\nPREFET Direction r\u00e9gionaleDE LA REGION des affaires culturellesLE-DE-FRANCE\nPlan annex\u00e9 a l'arr\u00eat\u00e9 DRAC-2025-053 portant cr\u00e9ation du p\u00e9rim\u00e8tre d\u00e9limit\u00e9des abords de la Villa Hennebique prot\u00e9g\u00e9e au titre des monuments historiques,\u00e0 Bourg-la-Reine (Hauts-de-Seine).\nVilla Hennebique\nHauts-de-Seine - Bourg-la-ReineP\u00e9rim\u00e8tre d\u00e9limit\u00e9 des abordsde la Villa Hennebiqueclass\u00e9e le 16 janvier 2014au titre des monuments historiques\n\"8)neejaws\n-ari\"enele Etsrm\nLieAdsCE Patrmonal Remarquable (SPR) / Commune de Sceaux\nbureau d'\u00e9tudes AEI - ao\u00fbt 2023\nR\u00e9alisation : AE}, ao\u00fbt 2023\n3 \n \n \n\u00ab SIGNE \u00bb \n \nle 17 juillet 2025 \nDirection r\u00e9gionale des affaires culturelles d'Ile-de-France  - IDF-2025-07-17-00001 - Arr\u00eat\u00e9 n\u00b0DRAC 2025-053 portant cr\u00e9ation du\np\u00e9rim\u00e8tre d\u00e9limit\u00e9 des abords de Villa Hennebique prot\u00e9g\u00e9e au titre des monuments historiques, sur le territoire de la commune de\nBourg-la-Reine (Hauts-de-Seine)\n160\nDirection r\u00e9gionale et interd\u00e9partementale de\nl'environnement, de l'am\u00e9nagement et des\ntransports d'\u00cele-de-France\nIDF-2025-07-18-00001\nD\u00e9cision DRIEAT IdF 2025 0631 (RASPAIL\nMarchandises FIMO FCO)\nDirection r\u00e9gionale et interd\u00e9partementale de l'environnement, de l'am\u00e9nagement et des transports d'\u00cele-de-France -\nIDF-2025-07-18-00001 - D\u00e9cision DRIEAT IdF 2025 0631 (RASPAIL Marchandises FIMO FCO) 161\nDirection r\u00e9gionale et interd\u00e9partementale\nde l'environnement, de l'am\u00e9nagement\net des transports d'\u00cele-de-France\nD\u00c9CISION DRIEAT-IdF n\u00b0 2025- 0631\nLE PR\u00c9FET DE LA R\u00c9GION D'\u00ceLE-DE-FRANCE,\nPR\u00c9FET DE PARIS\nVu la Directive du Parlement europ\u00e9en et du Conseil du 15 juillet 2003 relative \u00e0 la qualification ini tiale et\n\u00e0  la  formation  continue  des  conducteurs  de  certains v\u00e9hicules  routiers  affect\u00e9s  aux  transports  de\nmarchandises et de voyageurs ;\nVu le code des transports\u00a0;\nVu l'arr\u00eat\u00e9  du 03 janvier  2008 modifi\u00e9 relatif  \u00e0 l'agr\u00e9ment  des centres de formation  professionnelle\nhabilit\u00e9s  \u00e0  dispenser  la  formation  professionnelle  initiale  et  continue  des  conducteurs  du  transport\nroutier de marchandises et de voyageurs ;\nVu l'arr\u00eat\u00e9 du 12 juin 2025 modifiant l'arr\u00eat\u00e9 du 03 janvier 2008 relatif au programme et aux modalit\u00e9 s de\nmise en \u0153uvre de la formation professionnelle initi ale et continue des conducteurs du transport routie r\nde marchandises et de voyageurs\u00a0;\nVu  l'arr\u00eat\u00e9  IDF-2022-07-19-00005  du  19  juillet  2022 portant  d\u00e9l\u00e9gation  de  signature  \u00e0  Madame\nEmmanuelle GAY, directrice r\u00e9gionale et interd\u00e9part ementale de l'environnement, de l'am\u00e9nagement et\ndes transports d'\u00cele-de-France en mati\u00e8re administrative\u00a0;\nVu  la  d\u00e9cision  DRIEAT-IdF  2025-07-03-00009  du  3  juillet  2025  de  la  directrice  r\u00e9gionale  et\ninterd\u00e9partementale de l'environnement, de l'am\u00e9nag ement et des transports  d'\u00cele-de-France portant\nsubd\u00e9l\u00e9gation de signature en mati\u00e8re administrativ e pour le compte du Pr\u00e9fet de la r\u00e9gion d'\u00cele-de-\nFrance\u00a0; \nVu la demande d'agr\u00e9ment pr\u00e9sent\u00e9e par le centre de  formation RASPAIL FORMATION en date du 5 juin\n2025\u00a0;\nVu le contr\u00f4le sur site effectu\u00e9 par les agents habilit\u00e9s de la direction r\u00e9gionale et interd\u00e9partemen tale\nde l'environnement, de l'am\u00e9nagement et des transports d'\u00cele-de-France en date du 1\ner\n juillet 2025.\n      \nSSTV/DRTR/DG/UE \n21/23 rue Miollis\u2013 75015 Paris\nStandard\u00a0:  01 40 61 80 80\nwww.drieat.ile-de-france.developpement-durable.gouv.fr\n1/3\nDirection r\u00e9gionale et interd\u00e9partementale de l'environnement, de l'am\u00e9nagement et des transports d'\u00cele-de-France -\nIDF-2025-07-18-00001 - D\u00e9cision DRIEAT IdF 2025 0631 (RASPAIL Marchandises FIMO FCO) 162\nD\u00c9CIDE\nArticle 1\nL'agr\u00e9ment pr\u00e9vu par l'arr\u00eat\u00e9 du 03 janvier 2008 mo difi\u00e9 sus-cit\u00e9 est accord\u00e9 au centre de formation\nRASPAIL FORMATION sis 58 av Raspail 93170 BAGNOLET,  immatricul\u00e9 au RCS sous le num\u00e9ro SIRET\n921 828 562 00022   pour assurer les formations obli gatoires d\u00e9finies par les textes sus-cit\u00e9s, aux\nconducteurs du transport routier de marchandises FI MO-FCO et compl\u00e9mentaires dites passerelles\npour une p\u00e9riode probatoire de six mois.\nArticle 2\n \nLe responsable du centre de formation s'engage \u00e0 re specter les programmes et les modalit\u00e9s de mise\nen \u0153uvre de la formation, fix\u00e9s par l'arr\u00eat\u00e9 du 12 juin 2025 modifiant l'arr\u00eat\u00e9 du 03 janvier 2008.\nLe centre agr\u00e9\u00e9 s'engage \u00e0 r\u00e9aliser au cours de cet te p\u00e9riode de six mois, au minimum une session\nde\u00a0formation initiale minimale obligatoire (FIMO) e t six sessions compl\u00e8tes de formation continue\nobligatoire (FCO) ou de formation compl\u00e9mentaire d\u00e9 nomm\u00e9e J\u00a0passerelle\u00a0K, mentionn\u00e9e dans le\nCode des transports sus-vis\u00e9, dans le secteur du tr ansport de marchandises. Chacune de ces sessions\ndevra comporter au moins huit stagiaires. Si le cen tre de formation ne souhaite r\u00e9aliser que des\nsessions  de  FCO, le  nombre  minimum  de  sessions  de  formation  est  fix\u00e9  \u00e0  huit.  Si  le  centre  de\nformation  ne  souhaite  r\u00e9aliser  que  des  sessions  de  FIMO,  le  nombre  minimum  de  sessions  de\nformation est fix\u00e9 \u00e0 trois.\nArticle   \n3   \nLe centre agr\u00e9\u00e9 s'engage \u00e0 mettre en place une orga nisation mat\u00e9rielle et p\u00e9dagogique adapt\u00e9e aux\nformations  dispens\u00e9es  et  d'informer,  dans  les  plus  brefs  d\u00e9lais,  la  Direction  r\u00e9gionale  et\nInterd\u00e9partementale  de  l'environnement, de  l'am\u00e9nagement  et  des  transports  d'\u00cele-de-France  de\ntoutes modifications affectant ses moyens humains et mat\u00e9riels.\nArticle    4   \nLe responsable du centre agr\u00e9\u00e9 par la pr\u00e9sente d\u00e9ci sion s'engage \u00e0 pr\u00e9senter au Pr\u00e9fet de r\u00e9gion\u2013\nDirection r\u00e9gionale et Interd\u00e9partementale de l'env ironnement, de l'am\u00e9nagement et des transports\nd'\u00cele-de-France- les pr\u00e9visions trimestrielles ains i que les bilans trimestriels et annuels des format ions\nr\u00e9alis\u00e9es.\nArticle   \n5   \nLe responsable du centre agr\u00e9\u00e9 s'engage \u00e0 faire sui vre aux formateurs et aux moniteurs d'entreprise,\ns'il y a lieu, les formations leur permettant de ma intenir et d'actualiser leurs connaissances dans le s\ndomaines dans lesquels ils assurent les formations professionnelles des conducteurs du transport\nroutier de marchandises.\n2/3\nDirection r\u00e9gionale et interd\u00e9partementale de l'environnement, de l'am\u00e9nagement et des transports d'\u00cele-de-France -\nIDF-2025-07-18-00001 - D\u00e9cision DRIEAT IdF 2025 0631 (RASPAIL Marchandises FIMO FCO) 163\nsi\nArticle    6   \nLe responsable du centre agr\u00e9\u00e9 s'engage \u00e0 s'assurer  que les organismes de formation agr\u00e9\u00e9s auxquels\nil  a  confi\u00e9  par  contrat  ou  convention  la  r\u00e9alisation  d'une  partie  des  formations  obligatoires  de\nconducteur routier respectent les dispositions du c ahier des charges ainsi que le programme des\nformations obligatoires de conducteur routier et \u00e0 communiquer chaque ann\u00e9e au Pr\u00e9fet de r\u00e9gion\n(Direction r\u00e9gionale et Interd\u00e9partementale de l'environnement, de l'am\u00e9nagement et des transports\nd'\u00cele-de-France), les nouveaux contrats ou conventi ons conclus dans l'ann\u00e9e \u00e9coul\u00e9e ainsi que les\nmodifications intervenues dans les contrats pr\u00e9c\u00e9dents durant cette m\u00eame p\u00e9riode.\nArticle   7   \nLe centre de formation agr\u00e9\u00e9 s'engage \u00e0 r\u00e9aliser lu i-m\u00eame dans tous les cas, y compris lorsqu'une\npartie des formations obligatoires a \u00e9t\u00e9 confi\u00e9e \u00e0 un autre organisme de formation agr\u00e9\u00e9, l'accueil\ndes stagiaires en formation, la v\u00e9rification de per mis de conduire, titres ou attestations requises et  \u00e0\nassurer l'\u00e9valuation finale de ces formations.\nArticle   \n8   \nTout manquement au respect des exigences du cahier des charges est susceptible d'entra\u00eener la \nsuspension, voire le retrait de l'agr\u00e9ment.\nL'agr\u00e9ment peut \u00eatre retir\u00e9 au centre de formation par d\u00e9cision du Pr\u00e9fet de r\u00e9gion.\nArticle   \n 9   \nLa port\u00e9e g\u00e9ographique de l'agr\u00e9ment est r\u00e9gionale.\nArticle   \n10   \nLa  directrice  r\u00e9gionale  et  interd\u00e9partementale  de  l'environnement,  de  l'am\u00e9nagement  et  des\ntransports d'\u00cele-de-France, est charg\u00e9e de l'ex\u00e9cution de la pr\u00e9sente d\u00e9cision.\n\u00c0 Paris, le 18-07-2025\nPour le Pr\u00e9fet et par subd\u00e9l\u00e9gation,\nL'Adjoint au Chef du D\u00e9partement R\u00e9gulation des Transports Routiers\n     \n                                     Ronan MEAR\n3/3\nDirection r\u00e9gionale et interd\u00e9partementale de l'environnement, de l'am\u00e9nagement et des transports d'\u00cele-de-France -\nIDF-2025-07-18-00001 - D\u00e9cision DRIEAT IdF 2025 0631 (RASPAIL Marchandises FIMO FCO) 164\nPr\u00e9fecture de la R\u00e9gion d'Ile de France,\nPr\u00e9fecture de Paris \nIDF-2025-07-17-00002\nArr\u00eat\u00e9 portant organisation de la pr\u00e9fecture de\nla r\u00e9gion d'Ile-de-France, pr\u00e9fecture de Paris\nPr\u00e9fecture de la R\u00e9gion d'Ile de France, Pr\u00e9fecture de Paris  - IDF-2025-07-17-00002 - Arr\u00eat\u00e9 portant organisation de la pr\u00e9fecture de la\nr\u00e9gion d'Ile-de-France, pr\u00e9fecture de Paris 165\n==PREFETDE LA REGIOND'\u00ceLE-DE-FRANCELibert\u00e9Egalir\u00e9Fraternit\u00e9\nPr\u00e9fecture de la r\u00e9gion d'\u00cele-de-France, pr\u00e9fecture de Paris  \n5, rue Leblanc 75911 Paris Cedex  \nStandard : 01 82 52 40 00  \nhttps://www.prefectures-regions.gouv.fr/ile-de-france  \n \nSecr\u00e9tariat g\u00e9n\u00e9ral aux politiques publiques \nDirection des affaires juridiques \n \n \n \n \n \nArr\u00eat\u00e9 \n \nportant organisation de la pr\u00e9fecture de la r\u00e9gion d'Ile-de-France, pr\u00e9fecture de Paris \n \n \n \nLe pr\u00e9fet de la r\u00e9gion d'Ile-de-France, \npr\u00e9fet de Paris, \nCommandeur de la l\u00e9gion d'honneur, \nOfficier de l'ordre national du m\u00e9rite \n \n \nVu la Constitution, notamment son article 72 ; \nVu le code g\u00e9n\u00e9ral des collectivit\u00e9s territoriales ; \nVu le code des juridictions financi\u00e8res ; \nVu le code de la d\u00e9fense, notamment ses articles R.1311-1 et R.1311-30 \u00e0 R.1311-32 ; \nVu le code de l'\u00e9ducation, notamment son article R. 222-16-6 ; \nVu le code des relations entre le public et l'administration, notamment ses articles L330-1 et R330-2 et suivants ; \nVu la loi organique n\u00b0 2001-692 du 1er ao\u00fbt 2001 modifi\u00e9e relative aux lois de finances ; \nVu la loi organique n\u00b0 2011-333 du 29 mars 2011 modifi\u00e9e relative au D\u00e9fenseur des droits, notamment son article 37 ; \nVu la loi n\u00b0 72-619 du 5 juillet 1972 modifi\u00e9e portant cr\u00e9ation et organisation des r\u00e9gions ; \nVu la loi n\u00b0 78-17 du 6 janvier 1978 modifi\u00e9e relat ive \u00e0 l'informatique, aux fichiers et aux libert\u00e9s,  notamment son  \narticle 57 ; \nVu la loi n\u00b0 82-213 du 2 mars 1982 modifi\u00e9e relative aux droits et libert\u00e9s des communes, des d\u00e9partem ents et des \nr\u00e9gions ; \nVu le d\u00e9cret n\u00b0 2004-374 du 29 avril 2004 modifi\u00e9 relatif aux pouvoirs des pr\u00e9fets, \u00e0 l'organisation e t \u00e0 l'action des \nservices de l'Etat dans les r\u00e9gions et d\u00e9partements ; \nVu le d\u00e9cret n\u00b0 2006-1780 du 23 d\u00e9cembre 2006 modif i\u00e9 portant d\u00e9l\u00e9gation de pouvoir en mati\u00e8re de recr utement et de \ngestion de certains personnels relevant du minist\u00e8re de l'int\u00e9rieur ; \nVu le d\u00e9cret n\u00b0 2009-587 du 25 mai 2009 modifi\u00e9 rel atif aux missions des secr\u00e9taires g\u00e9n\u00e9raux pour les  affaires \nr\u00e9gionales ; \nVu le d\u00e9cret n\u00b0 2010-429 du 29 avril 2010 relatif \u00e0 l'organisation et aux missions des directions r\u00e9gi onales de \nl'alimentation, de l'agriculture et de la for\u00eat ; \nVu le d\u00e9cret n\u00b0 2010-633 du 8 juin 2010 relatif \u00e0 l'organisation et aux missions des directions r\u00e9gion ales des affaires \nculturelles ; \nVu le d\u00e9cret n\u00b0 2010-687 du 24 juin 2010 modifi\u00e9 relatif \u00e0 l'organisation et aux missions des services  de l'Etat dans la \nr\u00e9gion et les d\u00e9partements d'Ile-de-France ; \nVu le d\u00e9cret n\u00b0 2015-510 du 7 mai 2015 portant charte de la d\u00e9concentration ; \nVu le d\u00e9cret n\u00b0 2016-247 du 3 mars 2016 modifi\u00e9 cr\u00e9 ant la direction des achats de l'Etat et relatif \u00e0 la gouvernance des \nachats de l'Etat ; \nVu le d\u00e9cret n\u00b0 2016-1804 du 22 d\u00e9cembre 2016 relatif \u00e0 la direction g\u00e9n\u00e9rale de l'administration et d e la fonction \npublique et \u00e0 la politique de ressources humaines dans la fonction publique \nVu le d\u00e9cret n 2020-42 du 24 janvier 2020 portant cr\u00e9ation des commissaires \u00e0 la lutte contre la pauvret\u00e9 ; \nPr\u00e9fecture de la R\u00e9gion d'Ile de France, Pr\u00e9fecture de Paris  - IDF-2025-07-17-00002 - Arr\u00eat\u00e9 portant organisation de la pr\u00e9fecture de la\nr\u00e9gion d'Ile-de-France, pr\u00e9fecture de Paris 166\n \n2 \nVu le d\u00e9cret n\u00b0 2020-1545 du 9 d\u00e9cembre 2020 relati f \u00e0 l'organisation et aux missions des directions r \u00e9gionales de \nl'\u00e9conomie, de l'emploi, du travail et des solidari t\u00e9s, des directions d\u00e9partementales de l'emploi, du  travail et des \nsolidarit\u00e9s et des directions d\u00e9partementales de l'emploi, du travail, des solidarit\u00e9s et de la protection des populations ;  \nVu le d\u00e9cret n\u00b0 2020-1555 du 9 d\u00e9cembre 2020 relati f aux d\u00e9l\u00e9gations r\u00e9gionales acad\u00e9miques \u00e0 la reche rche et \u00e0 \nl'innovation ; \nVu l'avis du comit\u00e9 social d'administration de la pr\u00e9fecture de la r\u00e9gion d'Ile-de-France, pr\u00e9fecture de Paris du 3 juillet \n2025 ; \n \nSur la proposition de la pr\u00e9f\u00e8te, secr\u00e9taire g\u00e9n\u00e9rale aux politiques publique, du pr\u00e9fet, secr\u00e9taire g \u00e9n\u00e9ral aux moyens \nmutualis\u00e9s, et du pr\u00e9fet, directeur de cabinet du pr\u00e9fet de la r\u00e9gion d'Ile-de-France, pr\u00e9fet de Paris ; \n \n \nARR\u00caTE \n \n \nArticle 1 \ner  : Le pr\u00e9fet de la r\u00e9gion d'Ile-de-France, pr\u00e9fet de Paris, est assist\u00e9 :   \n \n1\u00b0 d'un pr\u00e9fet, secr\u00e9taire g\u00e9n\u00e9ral aux politiques publiques ; \n \n2\u00b0 d'un pr\u00e9fet, secr\u00e9taire g\u00e9n\u00e9ral aux moyens mutualis\u00e9s ; \n \n3\u00b0 d'un pr\u00e9fet, directeur de cabinet. \n \nLe secr\u00e9taire g\u00e9n\u00e9ral aux politiques publiques et le secr\u00e9taire g\u00e9n\u00e9ral aux moyens mutualis\u00e9s sont eux -m\u00eames, chacun \ndans leurs attributions respectives, assist\u00e9s d'un ou plusieurs adjoints. Le directeur de cabinet est lui-m\u00eame assist\u00e9 d'un \nsous-pr\u00e9fet, directeur adjoint de cabinet. \n \nSont \u00e9galement rattach\u00e9s au pr\u00e9fet de la r\u00e9gion d'Ile-de-France, pr\u00e9fet de Paris : \n \n- un pr\u00e9fet, conseiller ; \n \n- le commissaire \u00e0 la lutte contre la pauvret\u00e9 ; \n \n- le directeur de projet \u00ab cit\u00e9s \u00e9ducatives \u00bb ; \n \n- \u00e0 titre fonctionnel, le responsable r\u00e9gional de la  politique immobili\u00e8re de l'Etat ; \n \n- un conseiller diplomatique ; \n \n- le conseiller en mati\u00e8re de recherche et d'innovat ion, d\u00e9l\u00e9gu\u00e9 r\u00e9gional acad\u00e9mique \u00e0 la recherche et \u00e0 \nl'innovation ; \n \n- et en tant que de besoin, de charg\u00e9s de mission qu i lui sont directement rattach\u00e9s et qui suivent pou r son compte \ndes dossiers sp\u00e9cifiques. \n \n \nTitre 1 : Services directement rattach\u00e9s au pr\u00e9fet de la r\u00e9gion d'Ile-de-France, pr\u00e9fet de Paris   \n \nArticle 2 : Le secr\u00e9tariat particulier du pr\u00e9fet de la r\u00e9gion d 'Ile-de-France, pr\u00e9fet de Paris, est charg\u00e9 notamme nt des \naffaires qui lui sont r\u00e9serv\u00e9es et de la tenue de s on agenda. II assure la bonne information du person nel de la r\u00e9sidence \npr\u00e9fectorale. Le secr\u00e9tariat particulier est en relation fonctionnelle avec le sous-pr\u00e9fet, chef de cabinet. \n \n \nTitre 2 : Collaborateurs directement rattach\u00e9s au pr\u00e9fet de la r\u00e9gion d'Ile-de-France, pr\u00e9fet de Paris   \n \nArticle 3 :  Le commissaire \u00e0 la lutte contre la pauvret\u00e9 exerc e les missions d\u00e9finies par le d\u00e9cret du 24 janvier  2020 \nsusvis\u00e9. A ce titre, il assure, sous l'autorit\u00e9 du pr\u00e9fet de la r\u00e9gion d'Ile-de-France, la coordinatio n r\u00e9gionale et le pilotage \ninterminist\u00e9riel de la politique de pr\u00e9vention et d e lutte contre la pauvret\u00e9, en mobilisant l'ensembl e des administrations \nconcern\u00e9es par les politiques publiques qui y conco urent en Ile-de-France. Le commissaire \u00e0 la lutte c ontre la pauvret\u00e9 \nest assist\u00e9 d'un charg\u00e9 de mission. \n \nArticle 4 :  Le directeur de projet \u00ab cit\u00e9s \u00e9ducatives \u00bb, plac\u00e9  aupr\u00e8s du recteur de la r\u00e9gion acad\u00e9mique d'Ile-de -France, \nrecteur de l'acad\u00e9mie de Paris, chancelier des univ ersit\u00e9s et du pr\u00e9fet de la r\u00e9gion d'Ile-de-France, pr\u00e9fet de Paris, est \nPr\u00e9fecture de la R\u00e9gion d'Ile de France, Pr\u00e9fecture de Paris  - IDF-2025-07-17-00002 - Arr\u00eat\u00e9 portant organisation de la pr\u00e9fecture de la\nr\u00e9gion d'Ile-de-France, pr\u00e9fecture de Paris 167\n \n3 \ncharg\u00e9 de coordonner la mission d'exp\u00e9rimentation d e politique \u00e9ducative dans des quartiers prioritair es en Ile-de-\nFrance. \n \nArticle  5 : Le responsable r\u00e9gional de la politique immobili \u00e8re de l'Etat est charg\u00e9, sous l'autorit\u00e9 du pr\u00e9fet  de la r\u00e9gion \nd'Ile-de-France, de la strat\u00e9gie immobili\u00e8re de l'E tat dans la r\u00e9gion d'Ile-de-France, assist\u00e9 des cor respondants \nd\u00e9partementaux de la politique immobili\u00e8re de l'Etat et des services locaux du Domaine. \n \nArticle 6  : Le conseiller diplomatique est charg\u00e9 de conseil ler et de faciliter l'action des services dans sa d imension \ninternationale. \n \nIl facilite et consolide les \u00e9changes avec les repr\u00e9sentations diplomatiques \u00e9trang\u00e8res en France. II facilite l'ouverture et \nl'expansion \u00e0 l'international des entreprises franc iliennes et l'investissement \u00e9tranger en Ile-de-Fra nce. Il mobilise le \nminist\u00e8re des Affaires \u00e9trang\u00e8res et le r\u00e9seau diplomatique fran\u00e7ais \u00e0 l'\u00e9tranger. \n \n \nTitre 3 : Cabinet du pr\u00e9fet de la r\u00e9gion d'Ile-de-France, pr\u00e9fet de Paris \n \n \nArticle 7 : Le pr\u00e9fet, directeur de cabinet, assure la mise en \u0153uvre des politiques publiques dans le d\u00e9partement de \nParis, sous r\u00e9serve des comp\u00e9tences confi\u00e9es au sec r\u00e9taire g\u00e9n\u00e9ral aux politiques publiques. Il est en  outre charg\u00e9 du \npilotage r\u00e9gional du plan d'accueil des migrants. \n \nArticle 8 : Le pr\u00e9fet, directeur de cabinet, est assist\u00e9 d'un s ous-pr\u00e9fet, directeur de cabinet adjoint, d'un sous -pr\u00e9fet, \nchef de cabinet, et d'un sous-pr\u00e9fet, charg\u00e9 des questions migratoires.  \n \nPour l'accomplissement de leurs missions, ils s'appuient, en tant que de besoin, sur les services du c abinet, les unit\u00e9s \nd\u00e9partementales des directions r\u00e9gionales et les di rections d\u00e9partementales interminist\u00e9rielles mentio nn\u00e9es par le \nd\u00e9cret du 24 juin 2010 susvis\u00e9. \n \nLe cabinet comprend : \n \n- le service de la pr\u00e9vention et des urgences sociales ;  \n \n- le service de la coordination des affaires parisiennes ; \n \n- le service de la repr\u00e9sentation de l'Etat ; \n \n- le service r\u00e9gional de communication interminist\u00e9riel.  \n \nArticle 9 : Le pr\u00e9fet, directeur de cabinet, est, d'une part, c hef de projet d\u00e9partemental \u00ab Mission interminist\u00e9r ielle de \nlutte contre les drogues et les conduites addictive s \u00bb (MILDECA) et coordonnateur r\u00e9gional des chefs d e projets \nd\u00e9partementaux et, d'autre part, coordonnateur pour la politique de la ville \u00e0 Paris.  \n \nPour l'exercice de ces missions, il s'appuie direct ement sur la mission de pr\u00e9vention et de lutte cont re les drogues et \nconduites addictives \n ainsi que sur le bureau de la politique de la ville  du service de la coordination et des affaires \nparisiennes. \n \nSous-titre 1 : Le service de la pr\u00e9vention et des urgences sociales \n \nArticle 10 : Le service de la pr\u00e9vention et des urgences sociales est compos\u00e9 de deux bureaux : \n \n1\u00b0 le bureau des urgences sociales  \n \n- Il assure le pilotage r\u00e9gional du plan d'accueil des migrants en Ile-de-France.  \n- Il assure la coordination r\u00e9gionale du plan de renforcement des places d'h\u00e9bergement au titre de la p\u00e9riode hivernale.  \n- Il met en \u0153uvre les mesures d'accompagnement des expulsions locatives, des \u00e9vacuations des immeubles  dangereux \nou de campements sur le territoire parisien, en lien avec l'ensemble des acteurs comp\u00e9tents.  \n- Il assure la d\u00e9clinaison op\u00e9rationnelle du plan r\u00e9gional d'insertion des r\u00e9fugi\u00e9s pour le d\u00e9partement de Paris.  \n- Il est charg\u00e9, pour le d\u00e9partement de Paris, du p ilotage et du suivi des demandes et propositions d' h\u00e9bergement des \npublics vuln\u00e9rables, notamment dans le cadre du plan canicule.  \nPr\u00e9fecture de la R\u00e9gion d'Ile de France, Pr\u00e9fecture de Paris  - IDF-2025-07-17-00002 - Arr\u00eat\u00e9 portant organisation de la pr\u00e9fecture de la\nr\u00e9gion d'Ile-de-France, pr\u00e9fecture de Paris 168\n \n4 \n \n2\u00b0 le bureau des affaires r\u00e9serv\u00e9es \n \n- Il assure les relations de l'Etat local avec les cultes et veille \u00e0 la promotion de la la\u00efcit\u00e9 dans le d\u00e9partement.  \n- Il participe aux actions de pr\u00e9vention de la radicalisation \u00e0 Paris.  \n- Il assure le suivi et l'organisation de la commission de d\u00e9signation des logements sociaux sur le contingent pr\u00e9fectoral.  \n- Il est en charge du traitement des interventions re\u00e7ues par le pr\u00e9fet de r\u00e9gion d'Ile-de-France, pr\u00e9 fet de Paris, dont les \nsaisines du D\u00e9fenseur des droits.  \n- Il assure la veille et la remont\u00e9e des informations en mati\u00e8re de s\u00e9curit\u00e9 civile, anime et pilote l e dispositif de gestion \nde crise en cas d'actualit\u00e9 majeure (\u00e9pisodes de crue, de canicule...).  \n- Il assiste le pr\u00e9fet dans la mise en \u0153uvre de la politique d'aide aux victimes.  \n \nLe bureau des affaires r\u00e9serv\u00e9es est compos\u00e9 de trois sections :  \n \n - la section \"la\u00efcit\u00e9 et pr\u00e9vention de la radicalisation\" ; \n - la section \"planification des risques\" ; \n - la section des \"affaires signal\u00e9es\". \n \nLe bureau des affaires r\u00e9serv\u00e9es assure ses missions en liaison, pour la gestion financi\u00e8re et budg\u00e9ta ire des cr\u00e9dits qui \ny sont relatifs,  avec le service de coordination et des affaires parisiennes. \n \nSous-titre 2 : Le service de la coordination des affaires parisiennes \n \nArticle 11 : Le service de la coordination des affaires parisiennes est charg\u00e9 : \n \n- de la coordination de l'action publique \u00e0 Paris dans toutes ses composantes ; \n- de l'organisation des \u00e9lections politiques et professionnelles ; \n- du suivi des associations et fondations reconnues d'utilit\u00e9 publique ayant leur si\u00e8ge \u00e0 Paris ; \n- de la mise en \u0153uvre des r\u00e9glementations \u00e9conomiques et des pouvoirs de police administrative sp\u00e9ciale relevant de la \ncomp\u00e9tence du pr\u00e9fet de Paris  pour lesquels d\u00e9l\u00e9gation de signature n'a pas \u00e9t\u00e9 donn\u00e9e \u00e0 un service d\u00e9concentr\u00e9; \n- de l'animation de la politique de la ville \u00e0 Paris ; \n- d'assurer certaines missions budg\u00e9taires et finan ci\u00e8res en soutien des missions mises en \u0153uvre par l e service de la \npr\u00e9vention et des urgences sociales et la mission de pr\u00e9vention et de lutte contre les drogues et conduites addictives. \n \nLe chef du service de la coordination des affaires parisiennes est \u00e9galement chef des services du cabinet. \n \nA ce titre, il est l'interlocuteur des services de la pr\u00e9fecture pour les questions de gestion des res sources humaines, de \nlogistique, d'immobilier et de moyens du cabinet. \n \nIl peut lui \u00eatre confi\u00e9 par l'autorit\u00e9 pr\u00e9fectorale toutes missions ayant un caract\u00e8re transversal n\u00e9c essitant un suivi \nsp\u00e9cifique. Il rend compte dans le cadre de ses fon ctions directement \u00e0 la directrice de cabinet ou au  directeur de \ncabinet adjoint. Les autres services du cabinet son t amen\u00e9s, dans le cadre de ces activit\u00e9s transversa les, \u00e0 lui rendre \ncompte. \n \nLe service de la coordination des affaires parisiennes est compos\u00e9 de trois bureaux : \n \n1\u00b0 Le bureau de la coordination d\u00e9partementale interminist\u00e9rielle, qui : \n- assure la coordination des politiques publiques de  l'Etat \u00e0 Paris et la veille politique ; \n- coordonne la pr\u00e9paration des dossiers des Pr\u00e9-CAR et des comit\u00e9s de l'administration r\u00e9gionale (CAR) pour le \npr\u00e9fet, directeur de cabinet ainsi que des dossiers  pr\u00e9sent\u00e9s aux r\u00e9unions des commissions consultativ es \nauxquelles le pr\u00e9fet directeur de cabinet participe ; \n- pr\u00e9pare les entretiens avec les \u00e9lus parisiens ; \n- assure le suivi des affaires politiques, des \u00e9lus,  des Conseils de Paris, m\u00e9tropolitain et r\u00e9gional, et du Conseil \nEconomique, Social et Environnemental R\u00e9gional d'\u00cele-de-France. \n \nPr\u00e9fecture de la R\u00e9gion d'Ile de France, Pr\u00e9fecture de Paris  - IDF-2025-07-17-00002 - Arr\u00eat\u00e9 portant organisation de la pr\u00e9fecture de la\nr\u00e9gion d'Ile-de-France, pr\u00e9fecture de Paris 169\n \n5 \n2\u00b0  Le bureau des \u00e9lections, du m\u00e9c\u00e9nat et de la r\u00e9glem entation \u00e9conomique, qui : \n \n- assure la mise en \u0153uvre des missions juridiques, a dministratives et financi\u00e8res relatives aux \u00e9lectio ns politiques, \nprofessionnelles et institutionnelles relevant de la comp\u00e9tence du pr\u00e9fet de la r\u00e9gion Ile-de-France, pr\u00e9fet de Paris ; \n- est responsable de la mise en \u0153uvre des r\u00e8glementa tions relatives aux activit\u00e9s \u00e9conomiques et aux li bert\u00e9s \npubliques pour lesquelles d\u00e9l\u00e9gation de signature n'a pas \u00e9t\u00e9 donn\u00e9e \u00e0 un service d\u00e9concentr\u00e9 ;  \n- est charg\u00e9 de la mise en \u0153uvre des r\u00e9glementations  relatives au contr\u00f4le et/ou \u00e0 la tutelle des group ements \nassociatifs et des structures de m\u00e9c\u00e9nat relevant de la comp\u00e9tence du pr\u00e9fet de Paris.  \n \nLe bureau est compos\u00e9 de deux sections :  \n \n- la section des \u00e9lections et de la r\u00e9glementation \u00e9conomique ; \n- la section du m\u00e9c\u00e9nat et des associations d'int\u00e9r\u00eat g\u00e9n\u00e9ral. \n \n3\u00b0 \n Le bureau de la politique de la ville \n \n- assure sous la responsabilit\u00e9 directe du pr\u00e9fet, directeur de cabinet, en liaison avec le chef de se rvice et le chef de \nbureau, le pilotage des d\u00e9l\u00e9gu\u00e9s du pr\u00e9fet qui gara ntissent la pr\u00e9sence de l'Etat dans les quartiers p rioritaires, en lien \navec les partenaires du contrat de ville ; \n- \u00e9labore, pilote et assure le financement des actions conduites dans le cadre de la politique de la v ille, dans toutes les \ncomposantes des politiques publiques men\u00e9es au b\u00e9n\u00e9fice des quartiers prioritaires ;\n \n- \u00e9labore, pilote et assure le financement des acti ons conduites en lien avec la pr\u00e9fecture de police dans le cadre du \nfonds interminist\u00e9riel de pr\u00e9vention de la d\u00e9linquance (FIPD). \n- assure le financement des actions conduites dans le cadre de la mission interminist\u00e9rielle de lutte contre les drogues \net les conduites addictives \u00bb (MILDECA), de la Miss ion interminist\u00e9rielle de vigilance et de lutte con tre les d\u00e9rives \nsectaires (MIVILUDES), de la d\u00e9l\u00e9gation interminist \u00e9rielle de lutte contre le racisme, l'antis\u00e9mitisme  et la haine LGBTQ+ \n(DILCRAH), de la journ\u00e9e nationale de la r\u00e9silience. \n \nLe bureau est compos\u00e9 de quatre p\u00f4les : \n \n1\u00b0 - Le p\u00f4le des d\u00e9l\u00e9gu\u00e9s du pr\u00e9fet : \n \nLes d\u00e9l\u00e9gu\u00e9s du pr\u00e9fet assurent la pr\u00e9sence de l'Etat dans les quartiers prioritaires \u00e0 Paris et conco urent \u00e0 la mise en \n\u0153uvre des politiques publiques dans ces quartiers. \n \n2\u00b0 - Le p\u00f4le Finances et contr\u00f4le de gestion : \n \nCe p\u00f4le assure l'analyse financi\u00e8re et le contr\u00f4le de gestion des cr\u00e9dits et des d\u00e9penses en mati\u00e8re d e politique de la \nville, de lutte contre la d\u00e9linquance et la radicalisation et de lutte contre les drogues et les conduites addictives. \n \nIl est charg\u00e9 de la gestion financi\u00e8re et budg\u00e9tair e des cr\u00e9dits de politique de la ville, de la Missi on interminist\u00e9rielle de \nlutte contre les drogues et les conduites addictive s \u00bb (MILDECA), de la Mission interminist\u00e9rielle de vigilance et de lutte \ncontre les d\u00e9rives sectaires (MIVILUDES), de la d\u00e9l\u00e9gation interminist\u00e9rielle de lutte contre le racisme, l'antis\u00e9mitisme et \nla haine LGBTQ+ (DILCRAH) de la journ\u00e9e nationale d e la r\u00e9silience ainsi que des cr\u00e9dits du fonds inte rminist\u00e9riel de \npr\u00e9vention de la d\u00e9linquance (FIPD). \n \nCe p\u00f4le assure les analyses budg\u00e9taires et comptables relatives aux associations sollicitant des subventions de l'Etat. \n \n3\u00b0 - Le p\u00f4le adulte-relais : \n \nCe p\u00f4le est charg\u00e9 de la gestion et du suivi du dispositif Adultes Relais. \n \n4\u00b0 - Le p\u00f4le des charg\u00e9s de mission : \n \nCe p\u00f4le est charg\u00e9 de promouvoir les dispositifs et financements de droit commun dans les quartiers de  politique de la \nville et de mettre en \u0153uvre un plan de contr\u00f4les des associations. \n \nIl comprend des charg\u00e9s de mission en charge de  l' emploi, de l'\u00e9ducation, de la pr\u00e9vention de la d\u00e9li nquance, de la \nsant\u00e9, de la culture, du sport, de l'\u00e9galit\u00e9 entre les femmes et les hommes, de la la\u00efcit\u00e9, de l'acc\u00e8s  aux droits, du \nrenouvellement urbain et du cadre de vie. \n \nIl assure le suivi des conseils citoyens. \nPr\u00e9fecture de la R\u00e9gion d'Ile de France, Pr\u00e9fecture de Paris  - IDF-2025-07-17-00002 - Arr\u00eat\u00e9 portant organisation de la pr\u00e9fecture de la\nr\u00e9gion d'Ile-de-France, pr\u00e9fecture de Paris 170\n \n6 \n \nSous-titre 3 : Le service de la repr\u00e9sentation de l'\u00c9tat \n \nArticle 12 :  Le service de la repr\u00e9sentation de l'\u00c9tat est comp os\u00e9 de deux bureaux et du secr\u00e9tariat de direction du \ncabinet. \n \n1\u00b0 Le bureau du protocole et des d\u00e9placements : \n \n- veille \u00e0 l'application des r\u00e8gles protocolaires et  assiste le pr\u00e9fet de r\u00e9gion dans l'exercice de ses  fonctions de \nrepr\u00e9sentation ; \n- participe \u00e0 l'organisation des c\u00e9r\u00e9monies et visit es officielles, ainsi qu'aux \u00e9v\u00e9nements organis\u00e9s \u00e0  la pr\u00e9fecture,  \u00e0 \nNoirmoutier ou dans un tiers lieu ; \n- pr\u00e9pare les d\u00e9placements ext\u00e9rieurs du pr\u00e9fet de r \u00e9gion ou de son repr\u00e9sentant ; \n- est en charge de la planification et de l'attribut ion des missions confi\u00e9es aux conducteurs et du sui vi du parc \nautomobile de la pr\u00e9fecture. \n \nLe bureau du protocole et des d\u00e9placements est constitu\u00e9 de deux sections : \n \n- la section du protocole ; \n- la section du garage. \n \n2\u00b0 Le bureau des d\u00e9corations et de l'intendance : \n \n- est charg\u00e9 du suivi et de l'instruction des dossie rs et m\u00e9moires de proposition pour les d\u00e9corations et distinctions \nhonorifiques, dans les ordres nationaux et minist\u00e9riels, et de l'instruction des dossiers de candidature des m\u00e9dailles \nd'honneur du travail ; \n- assure les prestations d'intendance lors des r\u00e9cep tions organis\u00e9es \u00e0 la pr\u00e9fecture. \n \nLe bureau des d\u00e9corations et de l'intendance est compos\u00e9 de deux sections : \n \n- la section des d\u00e9corations ; \n- la section de l'intendance.  \n \nSous-titre 4 : Le service r\u00e9gional de communication interminist\u00e9riel \n \nArticle 13 :  Le service r\u00e9gional de communication interminist\u00e9r iel (SRCI) est charg\u00e9 de coordonner la politique de  \ncommunication de l'Etat en Ile-de-France, et de la d\u00e9cliner dans le d\u00e9partement de Paris. \u00c0 ce titre : \n \n- il anime un r\u00e9seau de communicants de l'Etat en r\u00e9 gion et en d\u00e9partement et d\u00e9finit une strat\u00e9gie de \ncommunication r\u00e9gionale ; \n- il pilote et met en \u0153uvre le plan d'actions de com munication qui en d\u00e9coule via les moyens de communi cations \u00e0 \nsa disposition : veille et relations presse, r\u00e9seau x sociaux, site internet, \u00e9v\u00e9nementiel, etc. Il est  charg\u00e9 des \npublications de la pr\u00e9fecture ; \n- il d\u00e9finit et anime la communication interne \u00e0 la pr\u00e9fecture. \n \nArticle 14 : Pour la mise en \u0153uvre des politiques publiques \u00e0 Paris et des missions relevant de la comp\u00e9tence du pr\u00e9fet \nde Paris, le pr\u00e9fet, directeur de cabinet, a autori t\u00e9 fonctionnelle sur la direction des affaires juri diques, qui est charg\u00e9e, \ndans les conditions fix\u00e9es \u00e0 l'article 19 : \n \n- du contr\u00f4le administratif et budg\u00e9taire de la Ville de Paris, de ses \u00e9tablissements publics \u00e0 comp\u00e9t ence parisienne, \ndes \u00e9tablissements publics de coop\u00e9ration culturell e ayant leur si\u00e8ge \u00e0 Paris, et des \u00e9tablissements p ublics locaux dont \nla comp\u00e9tence s'exerce sur le seul territoire de la  ville de Paris, ainsi que de la s\u00e9curisation jurid ique de leurs actes et \ndu conseil juridique s'y rapportant  ; \n- du contentieux ; \n- du conseil juridique et du conseil l\u00e9gistique relatif aux actes relevant de la comp\u00e9tence du pr\u00e9fet de Paris. \n \n \n \nPr\u00e9fecture de la R\u00e9gion d'Ile de France, Pr\u00e9fecture de Paris  - IDF-2025-07-17-00002 - Arr\u00eat\u00e9 portant organisation de la pr\u00e9fecture de la\nr\u00e9gion d'Ile-de-France, pr\u00e9fecture de Paris 171\n \n7 \nTitre 4 : Le secr\u00e9tariat g\u00e9n\u00e9ral aux politiques publiques   \n \nArticle 15 :  Le pr\u00e9fet, secr\u00e9taire g\u00e9n\u00e9ral aux politiques publi ques de la pr\u00e9fecture de la r\u00e9gion d'Ile-de-France,  \npr\u00e9fecture de Paris, est charg\u00e9 de la coordination des politiques publiques dans la r\u00e9gion d'Ile-de-France.  \n \nIl assiste notamment le pr\u00e9fet de la r\u00e9gion d'Ile-d e-France, pr\u00e9fet de Paris, au niveau r\u00e9gional dans l'exercice des \nattributions d\u00e9finies \u00e0 l'article 4 du d\u00e9cret du 29  avril 2004 pr\u00e9cit\u00e9 et sur le territoire de la m\u00e9tr opole du Grand Paris, \ndans l'exercice des attributions d\u00e9finies \u00e0 l'artic le 10 du d\u00e9cret du 29 avril 2004 pr\u00e9cit\u00e9, en ce qui  concerne le contr\u00f4le \nadministratif des \u00e9tablissements publics ayant leur  si\u00e8ge \u00e0 Paris dont la comp\u00e9tence est interd\u00e9partem entale ou dont \nles communes membres rel\u00e8vent de plusieurs d\u00e9partem ents de la r\u00e9gion d'Ile-de-France, en application d e l'article 69-3 \ndu d\u00e9cret du 25 avril 2004 pr\u00e9cit\u00e9. \n \nIl exerce en outre, sous l'autorit\u00e9 du pr\u00e9fet de la r\u00e9gion d'Ile-de-France, les missions suivantes men tionn\u00e9es aux 1\u00b0 \u00e0 4\u00b0 \ndu II du d\u00e9cret n\u00b02009-587 du 25 mai 2009 susvis\u00e9 : \n \n- il coordonne l'action des services r\u00e9gionaux de l' Etat et veille \u00e0 l'articulation de celle-ci avec ce lle des services \nd\u00e9partementaux ; \n- il veille \u00e0 la coh\u00e9rence de la mise en \u0153uvre des p olitiques nationales et de celles de l'Union europ\u00e9 enne qui \nrel\u00e8vent du niveau r\u00e9gional et met en \u0153uvre certain es d'entre elles ; il peut \u00e9galement mettre en \u0153uvr e certaines \npolitiques nationales ou europ\u00e9ennes qui rel\u00e8vent d u niveau interr\u00e9gional lorsque le pr\u00e9fet de r\u00e9gion en a \u00e9t\u00e9 \nd\u00e9sign\u00e9 coordonnateur ; \n- il anime l'action des services r\u00e9gionaux de l'Etat  dans les domaines des \u00e9tudes, de l'\u00e9valuation et d e l'utilisation \ndes technologies de l'information et de la communication ; \n- il coordonne la mise en \u0153uvre des actions d'inform ation et de communication de l'Etat relatives aux p olitiques \npubliques dans la r\u00e9gion, en relation avec le service d'information du Gouvernement ; \n \n- il assure, dans le domaine juridique, une mission de s\u00e9curisation des d\u00e9cisions de l'Etat et d'animat ion r\u00e9gionale et \nm\u00e9tropolitaine du suivi des collectivit\u00e9s territori ales. Il anime les travaux relatifs aux \u00e9volutions institutionnelles en \nIle de France et \u00e0 l'intercommunalit\u00e9.  \n \nIl assure le secr\u00e9tariat du comit\u00e9 ex\u00e9cutif m\u00e9tropolitain ainsi que celui du comit\u00e9 de l'administration r\u00e9gionale.  \n \nArticle 16 : Le pr\u00e9fet, secr\u00e9taire g\u00e9n\u00e9ral aux politiques publi ques, est assist\u00e9 d'un adjoint et d'un directeur de s affaires \njuridiques.  \n \nLe p\u00f4le des charg\u00e9s de mission, le p\u00f4le r\u00e9gional \u00e0 la politique de la ville, la direction r\u00e9gionale au x droits des femmes et \n\u00e0 l'\u00e9galit\u00e9, le charg\u00e9 de mission de l'insertion et  le bureau de la coordination et de l'investissemen t territorial assistent le \npr\u00e9fet, secr\u00e9taire g\u00e9n\u00e9ral aux politiques publiques , dans ses missions et sont plac\u00e9s sous son autorit \u00e9 et celle de son \nadjoint. \n \nArticle 17 : Le secr\u00e9tariat g\u00e9n\u00e9ral aux politiques publiques comprend : \n \n- le chef de cabinet du pr\u00e9fet, secr\u00e9taire g\u00e9n\u00e9ral a ux politiques publiques ; \n- la direction des affaires juridiques ; \n- le p\u00f4le des charg\u00e9s de missions ; \n- le p\u00f4le r\u00e9gional \u00e0 la politique de la ville ; \n- la direction r\u00e9gionale aux droits des femmes et \u00e0 l'\u00e9galit\u00e9 ; \n- le charg\u00e9 de mission de l'insertion ; \n- le bureau de la coordination et de l'investissemen t territorial. \n \nSous-titre 1 : Le chef de cabinet du pr\u00e9fet, secr\u00e9taire g\u00e9n\u00e9ral aux politiques publiques \n \nArticle 18 : Le chef de cabinet est plac\u00e9 sous l'autorit\u00e9 du pr\u00e9 fet, secr\u00e9taire g\u00e9n\u00e9ral aux politiques publiques de  la \npr\u00e9fecture de la r\u00e9gion d'Ile-de-France, pr\u00e9fecture de Paris et de son adjoint. \n \nIl contribue \u00e0 la coordination des actions des diff\u00e9rents services du secr\u00e9tariat g\u00e9n\u00e9ral aux politiques publiques. \n \n \n \nPr\u00e9fecture de la R\u00e9gion d'Ile de France, Pr\u00e9fecture de Paris  - IDF-2025-07-17-00002 - Arr\u00eat\u00e9 portant organisation de la pr\u00e9fecture de la\nr\u00e9gion d'Ile-de-France, pr\u00e9fecture de Paris 172\n \n8 \nSous-titre 2 : La direction des affaires juridiques \n \nArticle 19  : La direction des affaires juridiques, est plac\u00e9e s ous l'autorit\u00e9 du pr\u00e9fet, secr\u00e9taire g\u00e9n\u00e9ral pour les politiques \npubliques , et pour certaines missions relevant du pr\u00e9fet de P aris, sous l'autorit\u00e9 fonctionnelle du pr\u00e9fet, dire cteur de \ncabinet, dans les conditions fix\u00e9es \u00e0 l'article 14.  Elle appuie le pr\u00e9fet, secr\u00e9taire g\u00e9n\u00e9ral aux moye ns mutualis\u00e9s dans \nles conditions pr\u00e9vues \u00e0 l'article 42. \n \nLa direction des affaires juridiques est charg\u00e9e de veiller \u00e0 la s\u00e9curit\u00e9 juridique et \u00e0 l'harmonisati on l\u00e9gistique des \nd\u00e9cisions prises par l'Etat et de contr\u00f4ler les act es juridiques pris par les collectivit\u00e9s et \u00e9tablis sements publics locaux, \nen liaison, le cas \u00e9ch\u00e9ant, avec les directions r\u00e9gionales. \n \nDans le respect des comp\u00e9tences des pr\u00e9fets de d\u00e9partement, la direction des affaires juridiques : \n- anime et coordonne, aux niveaux r\u00e9gional et m\u00e9tro politain, le suivi des collectivit\u00e9s territoriales et \u00e9tablissements \npublics locaux ; \n- assure une analyse financi\u00e8re des budgets de ces collectivit\u00e9s et \u00e9tablissements, en liaison avec le s pr\u00e9fectures, la \ndirection r\u00e9gionale des finances publiques d'Ile-de -France et de Paris, et selon le cas, les direction s d\u00e9partementales \ndes finances publiques en Ile-de-France. \n \nLa direction des affaires juridiques assure le suivi des \u00e9tablissements publics de l'Etat, des groupem ents d'int\u00e9r\u00eat public \nrelevant de la comp\u00e9tence du pr\u00e9fet de r\u00e9gion et es t charg\u00e9e de la composition de certaines commission s \nadministratives r\u00e9gionales. \n \nLa direction des affaires juridiques contribue aux travaux relatifs aux \u00e9volutions institutionnelles en Ile-de-France. \n \nElle est charg\u00e9e du suivi de l'intercommunalit\u00e9. \n \nLe directeur des affaires juridiques est assist\u00e9 d'un adjoint, charg\u00e9 de mission aux affaires juridiqu es au sens de l'article \n22, et d'un adjoint, charg\u00e9 de dossiers sp\u00e9cifiques ou sensibles. \n \nArticle 20 : L'adjoint au directeur, charg\u00e9 de mission aux affa ires juridiques, est responsable de l'acc\u00e8s aux doc uments \nadministratifs et de la r\u00e9utilisation des informations publiques du pr\u00e9fet de la r\u00e9gion d'Ile-de-France, pr\u00e9fet de Paris. A ce \ntitre, il est l'interlocuteur unique de la commissi on d'acc\u00e8s aux documents administratifs et traite s es saisines en liaison \navec les services plac\u00e9s sous l'autorit\u00e9 du pr\u00e9fet.  Ces services le saisissent pour avis en cas de dif ficult\u00e9s ou s'ils \nenvisagent d'opposer un refus aux demandes de communication. \n \nIl est \u00e9galement l'interlocuteur des d\u00e9l\u00e9gu\u00e9s terri toriaux du D\u00e9fenseur des droits et des chefs de p\u00f4l es r\u00e9gionaux du \nD\u00e9fenseur des droits. Il apporte son appui juridiqu e au cabinet en charge du traitement des saisines d u D\u00e9fenseur des \ndroits. \n \nIl est le correspondant du d\u00e9l\u00e9gu\u00e9 minist\u00e9riel \u00e0 la protection des donn\u00e9es \u00e0 caract\u00e8re personnel du mi nist\u00e8re de \nl'int\u00e9rieur. \n \nIl est enfin le r\u00e9f\u00e9rent r\u00e9gional \u00ab alerte \u00bb pour les agents des pr\u00e9fectures de la r\u00e9gion d'Ile-de-Fra nce, relevant du \nsecr\u00e9tariat g\u00e9n\u00e9ral du minist\u00e8re de l'int\u00e9rieur et assure les fonctions de correspondant r\u00e9gional du r \u00e9f\u00e9rent d\u00e9ontologue \ndu secr\u00e9tariat g\u00e9n\u00e9ral du minist\u00e8re de l'int\u00e9rieur. \n \nArticle 21 : La direction des affaires juridiques est compos\u00e9e : \n \n- d'un bureau des affaires institutionnelles et financi\u00e8res d'Ile-de-France ; \n \n-d'un bureau du contr\u00f4le de l\u00e9galit\u00e9 ; \n \n- d'un bureau du contentieux et du conseil juridique ; \n \n- d'une mission l\u00e9gistique et d'animation juridique r\u00e9gionale. \n \n1\u00b0  Le bureau des affaires institutionnelles et financ i\u00e8res d'Ile-de-France est charg\u00e9 du suivi des insti tutions territoriales \net de l'Etat en Ile-de-France. Il est saisi des projets d'\u00e9volution institutionnelle en Ile-de-France.  \n \nIl assure le suivi de l'intercommunalit\u00e9 en Ile-de- France et la coordination m\u00e9tropolitaine en ce doma ine, des syndicats \nmixtes ayant leur si\u00e8ge \u00e0 Paris, des \u00e9tablissements  publics de coop\u00e9ration culturelle ou environnement ale, ainsi que \ndes \u00e9tablissements publics de l'Etat. Il assure le suivi du sch\u00e9ma r\u00e9gional de l'intercommunalit\u00e9. \n \nPr\u00e9fecture de la R\u00e9gion d'Ile de France, Pr\u00e9fecture de Paris  - IDF-2025-07-17-00002 - Arr\u00eat\u00e9 portant organisation de la pr\u00e9fecture de la\nr\u00e9gion d'Ile-de-France, pr\u00e9fecture de Paris 173\n \n9 \nIl assure \u00e9galement le suivi des groupements d'int\u00e9 r\u00eat public relevant de la comp\u00e9tence du pr\u00e9fet de l a r\u00e9gion d'Ile-de-\nFrance, en liaison en tant que de besoin avec les s ervices comp\u00e9tents de la pr\u00e9fecture au regard des m embres et de \nl'activit\u00e9 de ces groupements. Il est en outre char g\u00e9 de l'\u00e9laboration des arr\u00eat\u00e9s de composition des commissions \nadministratives et conseils d'administration propos \u00e9s \u00e0 la signature du pr\u00e9fet dans les domaines de l' aviation civile ainsi \nque de l'\u00e9ducation nationale et de l'enseignement sup\u00e9rieur. \n \nCe bureau est par ailleurs charg\u00e9 du contr\u00f4le budg\u00e9 taire, de l'analyse financi\u00e8re, du contr\u00f4le de l\u00e9ga lit\u00e9 des actes \u00e0 \ncaract\u00e8re financier, du suivi de la fiscalit\u00e9 local e, du contr\u00f4le des actes des collectivit\u00e9s locales relatifs aux entreprises \npubliques locales et du suivi et de l'analyse finan ci\u00e8re des entreprises publiques locales \u00e0 la demand e du Pr\u00e9fet. Il \nassure le contr\u00f4le des subventions accord\u00e9es par le s collectivit\u00e9s territoriales et les \u00e9tablissements  publics locaux en \nliaison avec le p\u00f4le \"commande publique et domanial it\u00e9 publique\" Pour l'\u00e9laboration d'analyses financi \u00e8res aux niveaux \nm\u00e9tropolitain et r\u00e9gional, il s'appuie sur les serv ices comp\u00e9tents des pr\u00e9fectures des d\u00e9partements d' Ile-de-France. Il \nest \u00e9galement charg\u00e9 de l'ensemble des concours fin anciers de l'Etat aux collectivit\u00e9s (notamment les dotations, les \nfonds de p\u00e9r\u00e9quation ou de compensation).  \n \nIl assure en outre le conseil juridique \u00e0 ces collectivit\u00e9s en ces domaines. \n \n2\u00b0  Avec le bureau des affaires institutionnelles et f inanci\u00e8res d'Ile-de-France, le bureau du contr\u00f4le d e l\u00e9galit\u00e9 est \ncharg\u00e9, en application de l'article 72 de la Consti tution du 4 octobre 1958, du contr\u00f4le administratif  des actes des \ncollectivit\u00e9s territoriales, et de leurs groupement s et des \u00e9tablissements publics locaux ayant leur s i\u00e8ge \u00e0 Paris, ainsi \nque de ceux dont le contr\u00f4le est attribu\u00e9 par la lo i ou les r\u00e8glements au pr\u00e9fet de la r\u00e9gion d'Ile-de -France ou au pr\u00e9fet \nde Paris. Il assure en outre le conseil juridique \u00e0 ces collectivit\u00e9s. \n \nCe bureau regroupe trois p\u00f4les. \n \n- Le p\u00f4le \u00ab droit du sol et des op\u00e9rations d'am\u00e9nagement \u00bb est charg\u00e9 du contr\u00f4le des d\u00e9lib\u00e9rations et  des actes relatifs \n\u00e0 l'am\u00e9nagement, \u00e0 l'urbanisme, \u00e0 l'environnement, aux transports et au logement. \n \n- Le p\u00f4le \u00ab commande publique et domanialit\u00e9 publiq ue \u00bb est charg\u00e9 du contr\u00f4le des actes relatifs \u00e0 la  commande \npublique, des march\u00e9s publics, des concessions, des  march\u00e9s de partenariat ainsi que des actes de la d omanialit\u00e9 \npublique. Il apporte son expertise sur la r\u00e8glementation relative aux aides d'Etat et \u00e0 la concurrence. \n \nLe p\u00f4le assure en outre le secr\u00e9tariat des deux com it\u00e9s, interr\u00e9gional et interd\u00e9partemental, de r\u00e8gle ment amiable des \ndiff\u00e9rends relatifs aux march\u00e9s publics. \n \n- Le p\u00f4le \u00ab fonction publique territoriale \u00bb est charg\u00e9 du contr\u00f4le des actes de personnels, (d\u00e9lib\u00e9ra tions et actes \nindividuels de gestion), du contr\u00f4le des actes rele vant des affaires g\u00e9n\u00e9rales ainsi que des \u00e9lections  professionnelles \ndans la fonction publique territoriale. \n \n3\u00b0  Le bureau du contentieux et du conseil juridique a ssure la d\u00e9fense des int\u00e9r\u00eats de l'Etat dans les af faires \ncontentieuses n\u00e9es des d\u00e9cisions des services de la  pr\u00e9fecture de la r\u00e9gion d'Ile-de-France, pr\u00e9fectur e de Paris, ainsi \nque celles n\u00e9es des d\u00e9cisions des services de l'Etat d\u00e9concentr\u00e9s au niveau r\u00e9gional et dans le d\u00e9partement de Paris.  \n \nIl assure le suivi (r\u00e9daction des m\u00e9moires et le cas \u00e9ch\u00e9ant \u00e9tudes et conseils juridiques en lien dir ect avec les dossiers \ntrait\u00e9s) des contentieux des services de l'Etat (pr \u00e9fecture de la r\u00e9gion d'Ile-de-France, pr\u00e9fecture d e Paris, et autres \nservices de l'Etat), des d\u00e9clinatoires de comp\u00e9tence et arr\u00eat\u00e9s de conflit ainsi que des contraventions de grande voirie.  \n \nCe bureau exerce la fonction de conseil juridique. Il est saisi des demandes de conseils et d'expertis es juridiques du \npr\u00e9fet de r\u00e9gion, du pr\u00e9fet, secr\u00e9taire g\u00e9n\u00e9ral aux  politiques publiques, du pr\u00e9fet, directeur de cabi net, du pr\u00e9fet, \nsecr\u00e9taire g\u00e9n\u00e9ral aux moyens mutualis\u00e9s, et des se rvices de la pr\u00e9fecture de la r\u00e9gion d'\u00cele-de-Franc e, pr\u00e9fecture de \nParis, sous r\u00e9serve des missions de conseil l\u00e9gisti que de la mission l\u00e9gistique et animation juridique  r\u00e9gionale et de la \nmission de conseil des bureaux du contr\u00f4le de l\u00e9galit\u00e9 et des affaires institutionnelles et financi\u00e8res d'Ile-de-France.  \n \nIl peut \u00eatre sollicit\u00e9, pour des conseils juridique s au profit des services du r\u00e9seau d'\u00e9changes entre  les services \njuridiques des directions r\u00e9gionales et les service s concern\u00e9s des pr\u00e9fectures des d\u00e9partements de l'I le-de-France, \nauquel il est associ\u00e9. \n \n4\u00b0  La mission l\u00e9gistique et d'animation juridique r\u00e9g ionale traite des saisines aux fins de conseil l\u00e9gi stique relatives aux \nprojets d'arr\u00eat\u00e9s, de d\u00e9cisions et de conventions e t des questions y aff\u00e9rant, \u00e0 l'exception de celles  li\u00e9es \u00e0 des \ncontentieux et de celles faisant l'objet d'un recou rs administratif ou d'un recours hi\u00e9rarchique. Elle  assure \u00e0 ce titre \nl'harmonisation et la s\u00e9curit\u00e9 l\u00e9gistique des arr\u00eat\u00e9s. \n \nLa mission a en charge l'\u00e9dition des recueils des a ctes administratifs, en liaison avec le service r\u00e9g ional de \ncommunication interminist\u00e9riel du cabinet et assure le conseil aux utilisateurs.  \nPr\u00e9fecture de la R\u00e9gion d'Ile de France, Pr\u00e9fecture de Paris  - IDF-2025-07-17-00002 - Arr\u00eat\u00e9 portant organisation de la pr\u00e9fecture de la\nr\u00e9gion d'Ile-de-France, pr\u00e9fecture de Paris 174\n \n10 \n \nLa mission suit, en liaison avec les services concern\u00e9s, les d\u00e9l\u00e9gations de signature accord\u00e9es par le pr\u00e9fet de la r\u00e9gion \nd'Ile-de-France, pr\u00e9fet de Paris, et leur dispense le conseil l\u00e9gistique pour les subd\u00e9l\u00e9gations. \n \nElle assure l'\u00e9laboration, en liaison avec les serv ices concern\u00e9s, de l'arr\u00eat\u00e9 portant organisation de  la pr\u00e9fecture et le \nconseil l\u00e9gistique relatif aux projets d'arr\u00eat\u00e9s po rtant organisation des directions r\u00e9gionales et por tant cr\u00e9ation des \nr\u00e9gies de ces directions et des rectorats. Elle a e n charge l'\u00e9laboration de l'arr\u00eat\u00e9 fixant la liste des formations \ntechnologiques ouvrant droit \u00e0 recevoir des fonds e n provenance du solde de la taxe d'apprentissage, e n liaison avec \nles services concern\u00e9s.  \n \nElle assure le traitement des saisines du directeur adjoint, en sa qualit\u00e9 de personne responsable du droit d'acc\u00e8s aux \ndocuments administratifs du pr\u00e9fet de la r\u00e9gion d'I le-de-France, pr\u00e9fet de Paris. Elle l'assiste dans ses fonctions de \ncorrespondant du d\u00e9l\u00e9gu\u00e9 minist\u00e9riel \u00e0 la protectio n des donn\u00e9es \u00e0 caract\u00e8re personnel. Elle assure le  conseil en ces \ndomaines. La mission assiste le directeur adjoint dans ses autres fonctions pr\u00e9vues \u00e0 l'article 20.  \n \nLa mission assure la veille juridique r\u00e9gionale et g\u00e8re la documentation de la direction des affaires juridiques. \n \nElle coordonne un r\u00e9seau d'\u00e9changes avec les servic es juridiques des directions r\u00e9gionales et des pr\u00e9f ectures des \nd\u00e9partements de l'Ile-de-France, sur des sujets com muns \u00e0 ces structures ou qui s'av\u00e8rent sensibles ou  signal\u00e9s. Elle \ncontribue \u00e0 l'animation du r\u00e9seau de correspondants juridiques de ces services. \n \nSous-titre 3 : Le p\u00f4le des charg\u00e9s de mission \n \nArticle 22 : Les charg\u00e9s de mission, nomm\u00e9s par le ministre de l'int\u00e9rieur, plac\u00e9s aupr\u00e8s du pr\u00e9fet de r\u00e9gion, pr\u00e9 fet de \nParis et sous l'autorit\u00e9 directe du pr\u00e9fet, secr\u00e9ta ire g\u00e9n\u00e9ral aux politiques publiques, sont charg\u00e9s d'impulser, d'animer \net de coordonner les activit\u00e9s relevant notamment d es domaines \u00e9conomique, de l'emploi  et des affaire s sociales, de la \npolitique de la ville, des domaines juridique et fi nancier, de l'environnement, des transports, de l'a m\u00e9nagement et du \nd\u00e9veloppement durables de l'am\u00e9nagement num\u00e9rique du territoire et des entreprises du num\u00e9rique. \n \nLes charg\u00e9s de mission sont assist\u00e9s par un adjoint , qui peut \u00eatre commun \u00e0 plusieurs charg\u00e9s de missi on et qui les \nseconde dans l'exercice de leurs missions, et par d es assistants. L'adjoint peut \u00eatre amen\u00e9 \u00e0 exercer des missions de \nprospective, de mise en \u0153uvre et d'\u00e9valuation des politiques publiques.  \n \nLe charg\u00e9 de mission \u00e9conomie et son adjoint assurent notamment la tutelle des chambres consulaires. \n \nIls exercent leurs fonctions avec les services de l a pr\u00e9fecture et en relation avec les administration s centrales, les \nservices r\u00e9gionaux de l'Etat, les op\u00e9rateurs de l'Etat et les pr\u00e9fectures de d\u00e9partement. \n \nLes charg\u00e9s de mission peuvent notamment s'appuyer sur le bureau de la coordination et de l'investissement territorial. \n \nSous-titre 4 : la mission ville  \n \nArticle 23 :  Le charg\u00e9 de mission responsable de la politique d e la ville dirige en outre la mission ville. La mis sion ville \nappuie le pr\u00e9fet secr\u00e9taire g\u00e9n\u00e9ral aux politiques publique dans le pilotage r\u00e9gional de cette politiq ue et la \nprogrammation des actions qui la composent. \n \nSous-titre 5 : La direction r\u00e9gionale aux droits de femmes et \u00e0 l'\u00e9galit\u00e9  \n \nArticle 24 : La direction r\u00e9gionale aux droits des femmes et \u00e0 l'\u00e9galit\u00e9, au sens de l'article 7 du d\u00e9cret n\u00b02009-587 du 25 \nmai 2009 pr\u00e9cit\u00e9, plac\u00e9e aupr\u00e8s du pr\u00e9fet, secr\u00e9tai re g\u00e9n\u00e9ral aux politiques publiques, est charg\u00e9e de  d\u00e9velopper, au \nniveau r\u00e9gional, la prise en compte des droits des femmes et de l'\u00e9galit\u00e9 entre les femmes et les homm es dans \nl'ensemble des politiques de 1'Etat et de mener tou tes les actions n\u00e9cessaires \u00e0 cette fin aupr\u00e8s des administrations \nd\u00e9concentr\u00e9es de 1'Etat, des collectivit\u00e9s territoriales, des organismes socio-\u00e9conomiques et des associations. \n \nSous-titre 6 : Le charg\u00e9 de mission de l'insertion \n \nArticle 25 : Le charg\u00e9 de mission de l'insertion assure le pilo tage du plan r\u00e9gional d'insertion des r\u00e9fugi\u00e9s. A c e titre il \ncoordonne l'action des pr\u00e9fectures de d\u00e9partement e n ce domaine. Il est aussi responsable du suivi r\u00e9g ional de \nl'application de la circulaire du 25 janvier 2018 visant \u00e0 donner une nouvelle impulsion \u00e0 la r\u00e9sorption des bidonvilles. \n \nII conduit sa mission de coordination avec les pr\u00e9f ets des d\u00e9partements d'Ile-de-France et les service s de l'Etat \nr\u00e9gionaux et d\u00e9partementaux. \n \nPr\u00e9fecture de la R\u00e9gion d'Ile de France, Pr\u00e9fecture de Paris  - IDF-2025-07-17-00002 - Arr\u00eat\u00e9 portant organisation de la pr\u00e9fecture de la\nr\u00e9gion d'Ile-de-France, pr\u00e9fecture de Paris 175\n \n11 \nIl est assist\u00e9 d'un adjoint. \n \nSous-titre 7 : Le bureau de la coordination et de l'investissement territorial  \n \nArticle 26:  Le bureau de la coordination et de l'investissemen t territorial est charg\u00e9 d'assurer, en partenariat \u00e9troit avec \nles charg\u00e9s de mission du secr\u00e9tariat g\u00e9n\u00e9ral aux p olitiques publiques, le suivi de la mise en \u0153uvre d es politiques \npubliques par les services r\u00e9gionaux et a notamment en charge les moyens servant de support \u00e0 la coll\u00e9gialit\u00e9 r\u00e9gionale \net m\u00e9tropolitaine. \n \nLe bureau est compos\u00e9 de deux sections : \n \nLa section coordination-comitologie est charg\u00e9e de la mise en \u0153uvre de la coordination interminist\u00e9rie lle. A ce titre, elle \nassure le secr\u00e9tariat des instances de pilotage (co mit\u00e9 de l'administration r\u00e9gionale (CAR) et pr\u00e9-CAR , comit\u00e9s des \nsecr\u00e9taires g\u00e9n\u00e9raux, comit\u00e9 ex\u00e9cutif m\u00e9tropolitain . Elle exerce dans ce cadre la coordination et la p r\u00e9paration des \ndossiers en lien avec les charg\u00e9s de mission du SGAPP et les directions r\u00e9gionales et op\u00e9rateurs de l'Etat ; \n \nLa section investissement territorial est charg\u00e9e d e l'animation et du suivi des outils financiers int ervenant dans le \ndomaine de l'am\u00e9nagement du territoire et de l'inve stissement territorial. Dans ce cadre, il assure la  mise en \u0153uvre des \ncr\u00e9dits aff\u00e9rents en partenariat avec les pr\u00e9fectur es de d\u00e9partement et g\u00e8re les subventions attribu\u00e9e s aux collectivit\u00e9s \npour le d\u00e9veloppement des biblioth\u00e8ques ou m\u00e9diath\u00e8 ques. En outre, il est charg\u00e9 du suivi financier du  contrat de plan \nEtat-R\u00e9gion. II instruit \u00e9galement les demandes de subvention d\u00e9pos\u00e9es au titre de l'action ext\u00e9rieure  des collectivit\u00e9s \nlocales. \n \nArticle 27 : Le pr\u00e9fet, secr\u00e9taire g\u00e9n\u00e9ral aux politiques publ iques, a autorit\u00e9 fonctionnelle sur les services du  cabinet, au \ntitre des missions relevant des comp\u00e9tences du pr\u00e9fet de la r\u00e9gion d'Ile-de-France qui leurs sont confi\u00e9es. \n \n \nTitre 5 : Le secr\u00e9tariat g\u00e9n\u00e9ral aux moyens mutualis\u00e9s \n \nArticle 28: Le pr\u00e9fet, secr\u00e9taire g\u00e9n\u00e9ral aux moyens mutualis\u00e9s  de la pr\u00e9fecture de la r\u00e9gion d'Ile-de-France, pr\u00e9 fecture \nde Paris, exerce, sous l'autorit\u00e9 du pr\u00e9fet de la r \u00e9gion d'Ile-de-France, pr\u00e9fet de Paris, les fonctio ns d\u00e9finies \u00e0 l'article \n69-3 du d\u00e9cret du 29 avril 2004 pr\u00e9cit\u00e9 ainsi que c elles mentionn\u00e9es aux 5\u00b0 \u00e0 7\u00b0 du II du d\u00e9cret n\u00b0200 9-587 du 25 mai \n2009 pr\u00e9cit\u00e9. \n \nIl est assist\u00e9 d'un adjoint. \n \nLe pr\u00e9fet, secr\u00e9taire g\u00e9n\u00e9ral aux moyens mutualis\u00e9s, exerce les attributions suivantes :  \n \n- il anime et coordonne l'organisation et la mise en  \u0153uvre des fonctions mutualis\u00e9es des services de l'Etat en r\u00e9gion ; \n \n- il assure le pilotage des budgets op\u00e9rationnels de  programme relatifs aux moyens des administrations \nd\u00e9concentr\u00e9es et \u00e0 l'immobilier. Dans ce cadre, il promeut et d\u00e9veloppe les actions de mutualisation ; \n \n- il assure la gestion des ressources humaines des a gents du minist\u00e8re de l'int\u00e9rieur et promeut une po litique \u00ab RH \u00bb \ninterminist\u00e9rielle ; \n \n- il organise et anime une plate-forme r\u00e9gionale \u00ab a chats \u00bb, au sens de l'article 6 du d\u00e9cret du 3 mars  2016 susvis\u00e9, \ndont l'ensemble des missions est exerc\u00e9 par le bureau des achats r\u00e9gionaux; \n \n- il assure l'\u00e9valuation et le suivi de la performan ce des services d\u00e9concentr\u00e9s des administrations ci viles de l'Etat et \nanime les d\u00e9marches de qualit\u00e9 ; \n \n- il pr\u00e9pare et assure le suivi des d\u00e9cisions et avi s relatifs \u00e0 la mise en \u0153uvre territoriale des prog rammes d\u00e9finis au 2\u00b0 \ndu I de l'article 7 de la loi organique du 1er ao\u00fbt 2001 susvis\u00e9e. \n \nArticle 29 : Le secr\u00e9tariat g\u00e9n\u00e9ral aux moyens mutualis\u00e9s, plac\u00e9  sous l'autorit\u00e9 du pr\u00e9fet, secr\u00e9taire g\u00e9n\u00e9ral aux \nmoyens mutualis\u00e9s, et de son adjoint, comprend :  \n \n- le service g\u00e9n\u00e9ral du soutien op\u00e9rationnel ; \n \n- le service des ressources humaines ; \n \n- le service de la modernisation de l'Etat ; \n \nPr\u00e9fecture de la R\u00e9gion d'Ile de France, Pr\u00e9fecture de Paris  - IDF-2025-07-17-00002 - Arr\u00eat\u00e9 portant organisation de la pr\u00e9fecture de la\nr\u00e9gion d'Ile-de-France, pr\u00e9fecture de Paris 176\n \n12 \n- le service des achats et des finances.  \n \nArticle 30  : Le secr\u00e9tariat g\u00e9n\u00e9ral aux moyens mutualis\u00e9s ass ure ses missions de soutien au b\u00e9n\u00e9fice des service s de \nla pr\u00e9fecture de la r\u00e9gion d'Ile-de-France, pr\u00e9fecture de Paris, et des directions r\u00e9gionales suivantes :  \n \n- la direction r\u00e9gionale des affaires culturelles (DRAC) ;  \n \n- la direction r\u00e9gionale et interd\u00e9partementale de l'alimentation, de l'agriculture et de la for\u00eat (DRIAAF) ; \n \n- la direction r\u00e9gionale et interd\u00e9partementale de l'\u00e9conomie, de l'emploi, du travail et des solidarit\u00e9s (DRIEETS). \n \nSous-titre 1 : Le chef de cabinet du pr\u00e9fet, secr\u00e9taire g\u00e9n\u00e9ral aux moyens mutualis\u00e9s \n \nArticle 31 : Le chef de cabinet est plac\u00e9 sous l'autorit\u00e9 du pr\u00e9 fet, secr\u00e9taire g\u00e9n\u00e9ral aux moyens mutualis\u00e9s de la  \npr\u00e9fecture de la r\u00e9gion d'Ile-de-France, pr\u00e9fecture de Paris et de son adjoint. \n \nIl contribue \u00e0 la coordination des actions des diff\u00e9rents services du secr\u00e9tariat g\u00e9n\u00e9ral aux moyens mutualis\u00e9s. \n \nSous-titre 2 : Le service g\u00e9n\u00e9ral du soutien op\u00e9rationnel \n \nArticle 32 : Le service g\u00e9n\u00e9ral du soutien op\u00e9rationnel (SGSO) a pour mission d'apporter son soutien aux services de la \npr\u00e9fecture, ainsi qu'\u00e0 certains services d\u00e9concentr\u00e9s de l'Etat, pour la bonne ex\u00e9cution de leurs missions. \n \nIl est compos\u00e9, outre de son chef de service et de son adjoint : \n \n- du service interminist\u00e9riel d\u00e9partemental des syst\u00e8mes d'information et de communication ; \n \n- du bureau des moyens et de la logistique ; \n \n- du bureau des relations avec les usagers ; \n \n- du bureau du soutien de la DRAC ; \n \n- d'un bureau administratif et financier. \n \nParagraphe 1 : Le service interminist\u00e9riel d\u00e9partemental des syst\u00e8mes d'information et de communication \n \nArticle 33 : Le service interminist\u00e9riel d\u00e9partemental des syst\u00e8 mes d'information et de communication (SIDSIC) est \ncharg\u00e9 d'assurer, pour le compte des minist\u00e8res con cern\u00e9s, le bon fonctionnement des syst\u00e8mes d'inform ation de la \npr\u00e9fecture de la r\u00e9gion d'\u00cele-de-France, pr\u00e9fecture  de Paris et des directions r\u00e9gionales dont elle as sure le soutien. Il \nfournit \u00e9galement les services d'infrastructures r\u00e9 seaux et t\u00e9l\u00e9phonie aux directions interminist\u00e9riel les et aux autres \norganismes h\u00e9berg\u00e9s sur les sites de la pr\u00e9fecture et de Noirmoutier. Il met en \u0153uvre les orientations  strat\u00e9giques en \nmati\u00e8re de syst\u00e8mes d'information et de communicati on au niveau d\u00e9partemental. Il assure les missions li\u00e9es \u00e0 la \ns\u00e9curit\u00e9 des syst\u00e8mes d'information (SSI), sous la responsabilit\u00e9 du pr\u00e9fet, autorit\u00e9 qualifi\u00e9e en mat i\u00e8re de \nresponsabilit\u00e9 de la SSI, et du responsable de la S SI (RSSI) de la pr\u00e9fecture, en liaison avec le cons eiller \u00e0 la s\u00e9curit\u00e9 \nnum\u00e9rique de la Pr\u00e9fecture et les services du haut fonctionnaire de d\u00e9fense. \n \nIl est organis\u00e9 en trois sections :  \n \n- une section \u00ab support des \u00e9quipements locaux \u00bb ; \n- une section \u00ab gestion du patrimoine applicatif \u00bb.  \n \nParagraphe 2 : Le bureau des moyens et de la logistique \n \nArticle 34 : Le bureau des moyens et de la logistique assure le soutien logistique aux services administratifs et a ux \nr\u00e9sidences du corps pr\u00e9fectoral. Il assure toutes l es missions relatives \u00e0 la maintenance, \u00e0 l'am\u00e9nage ment, \u00e0 la s\u00fbret\u00e9 \net \u00e0 la s\u00e9curit\u00e9 des sites de la pr\u00e9fecture de la r \u00e9gion d'\u00cele-de-France, pr\u00e9fecture de Paris, et des directions r\u00e9gionales \ndont elle assure le soutien, en r\u00e9gie ou par recour s \u00e0 des entreprises ext\u00e9rieures. Il est \u00e9galement c harg\u00e9 des \nfournitures et de la reprographie.  \n \nCe bureau est par ailleurs charg\u00e9 de l'intendance du site de Noirmoutier ainsi que du r\u00e9colement des \u0153uvres d'art. \nL'intendant, chef de section, g\u00e8re la r\u00e9sidence du pr\u00e9fet de r\u00e9gion. \n \nLe bureau des moyens et de la logistique est organis\u00e9 en neuf sections :  \nPr\u00e9fecture de la R\u00e9gion d'Ile de France, Pr\u00e9fecture de Paris  - IDF-2025-07-17-00002 - Arr\u00eat\u00e9 portant organisation de la pr\u00e9fecture de la\nr\u00e9gion d'Ile-de-France, pr\u00e9fecture de Paris 177\n \n13 \n \n- une section \u00ab reprographie \u00bb ;  \n- une section \u00ab s\u00e9curit\u00e9 \u00bb ;  \n- une section \u00ab maintenance et logistique Ponant et DRIAAF \u00bb ; \n- une section \u00ab maintenance et logistique DRIEETS unit\u00e9 r\u00e9gionale \u00bb ; \n- une section \u00ab maintenance et logistique DRIEETS unit\u00e9 d\u00e9partementale 75 \u00bb ; \n- une section \u00ab maintenance et logistique DRIEETS unit\u00e9 d\u00e9partementale 92 \u00bb ; \n- une section \u00ab maintenance et logistique DRIEETS unit\u00e9 d\u00e9partementale 93 \u00bb ; \n- une section \u00ab maintenance et logistique DRIEETS unit\u00e9 d\u00e9partementale 94 \u00bb ; \n- une section \u00ab intendance de la r\u00e9sidence pr\u00e9fectorale \u00bb, constitu\u00e9e du personnel de la r\u00e9sidence du pr\u00e9fet de r\u00e9gion.  \n \nParagraphe 3 : Le bureau des relations avec les usagers \n \nArticle 35 : Le bureau des relations avec les usagers est charg\u00e9  du service du courrier g\u00e9n\u00e9ral ainsi que de l'accu eil \nphysique et t\u00e9l\u00e9phonique sur les sites de la pr\u00e9fecture de la r\u00e9gion d'\u00cele-de-France, pr\u00e9fecture de Paris, et des directions \nr\u00e9gionales dont elle assure le soutien. Il est \u00e9gal ement charg\u00e9 de l'inventaire, de la gestion des arc hives et de leur \nnum\u00e9risation. \n \nLe bureau des relations avec les usagers est organis\u00e9 en quatre sections : \n \n-  une section \u00ab accueil du public et courrier Ponant\u00bb ; \n-  une section \u00ab standard Ponant \u00bb ; \n- une section \u00ab accueil du public, standard et courrier sites de le DRIEETS\u00bb ; \n- une section \u00ab inventaire, archives et num\u00e9risation \u00bb.  \n \nParagraphe 4 : Le bureau du soutien de la DRAC \n \nArticle 36 : Le bureau du soutien de la DRAC assure les fonctio ns d'accueil, d'information, de s\u00e9curit\u00e9, de gestio n du \ncourrier, de logistique et d'entretien des sites occup\u00e9s par la DRAC localis\u00e9s sur le territoire francilien.  \n \nParagraphe 5 : Le bureau administratif et financier  \n \nArticle 37 : Le bureau administratif et financier est charg\u00e9 de la coordination administrative et financi\u00e8re du service.  \n \nIl assure le suivi des demandes des directions r\u00e9gionales soutenues par le SGAMM. Il pr\u00e9pare et suit l a programmation \nbudg\u00e9taire du service. Il g\u00e8re l'ex\u00e9cution budg\u00e9taire du service en lien avec le service des affaires financi\u00e8res. \n \nIl planifie et r\u00e9alise les achats, il suit les march\u00e9s et les contrats et assure le suivi des \u00e9ch\u00e9anciers. \n \nIl g\u00e8re et suit les baux immobiliers qui rel\u00e8vent  du SGAMM (bureaux et r\u00e9sidences). \n \nIl r\u00e9alise en lien avec les autres bureaux du servi ce les fiches de poste, suit leur publication et in forme le service des \nressources humaines des suites des candidatures. \n \nIl suit la cartographie des postes du service en lien avec service des ressources humaines. \n \nLe bureau administratif et financier est organis\u00e9 en deux sections : \n \n- une section \u00ab Commandes et logistique\u00bb, \n- une section \u00ab Financi\u00e8re et administrative \u00bb. \n \nSous-titre 3 : Le service des ressources humaines \n \nArticle 38 : Le service des ressources humaines assure le suivi de carri\u00e8re et la paye des agents du minist\u00e8re de \nl'int\u00e9rieur affect\u00e9s \u00e0 la pr\u00e9fecture de la r\u00e9gion d 'Ile-de-France, pr\u00e9fecture de Paris, ainsi que des agents des directions \nr\u00e9gionales dont elle assure le soutien. Il est \u00e9gal ement en charge du recrutement des contractuels, de s stagiaires, des \napprentis et des services civiques.  \n \nIl accompagne les agents dans leur parcours professionnel, notamment par des actions de formation, de promotion de \nla mobilit\u00e9 et d'am\u00e9lioration de la qualit\u00e9 de vie au travail. \n \nIl met en \u0153uvre les politiques d'action sociale. \n \nPr\u00e9fecture de la R\u00e9gion d'Ile de France, Pr\u00e9fecture de Paris  - IDF-2025-07-17-00002 - Arr\u00eat\u00e9 portant organisation de la pr\u00e9fecture de la\nr\u00e9gion d'Ile-de-France, pr\u00e9fecture de Paris 178\n \n14 \nIl organise les instances de dialogue social et les relations avec les repr\u00e9sentants du personnel.  \n \nIl pilote les effectifs et la masse salariale de la  pr\u00e9fecture et met en place une gestion pr\u00e9visionne lle des emplois, des \neffectifs et des comp\u00e9tences.  \n \nLe service des ressources humaines a une dimension interminist\u00e9rielle et r\u00e9gionale - notamment en mati \u00e8re de \nformation et d'action sociale. \n \nArticle 39 : Le service des ressources humaines est compos\u00e9 : \n \n- du bureau du recrutement, de l'attractivit\u00e9 et de s parcours de carri\u00e8re comprenant une section \u00ab mob ilit\u00e9 et \nrecrutement \u00bb; \n \n- du bureau r\u00e9gional interminist\u00e9riel de la formation et des concours ; \n \n- du bureau de la gestion des ressources humaines, subdivis\u00e9 en trois sections \u00ab gestion administrativ e- pr\u00e9fecture et \ngestion du temps de travail-tous p\u00e9rim\u00e8tres\u00bb, \u00ab ges tion m\u00e9dicale et handicap \u00bb et \u00ab r\u00e9mun\u00e9ration, pilo tage de la masse \nsalariale et des effectifs de la pr\u00e9fecture et gestion administrative et indemnitaire-DRIEETS-DRIAAF\u00bb ; \n \n- du bureau de l'action sociale et du dialogue soci al, comprenant une cellule \u00ab SRIAS \u00bb qui accompagne  sur le plan \nadministratif la section r\u00e9gionale interminist\u00e9rielle d'action sociale. \n \nLe chef du service des ressources humaines est assi st\u00e9 d'un adjoint, qui occupe \u00e9galement les fonction s de directeur \nde la Plateforme r\u00e9gionale d'appui interminist\u00e9riel  \u00e0 la GRH (PFRH), au sens de l'article 10 du d\u00e9cret  du 22 d\u00e9cembre \n2016 susvis\u00e9, ainsi que d'un adjoint, charg\u00e9 du sui vi des missions du service concernant la direction r\u00e9gionale et \ninterd\u00e9partementale de l'\u00e9conomie, de l'emploi, du travail et des solidarit\u00e9s (DRIEETS).  \n \nSous-titre 4 : Le service de la modernisation de l'Etat \n \nArticle 40 :  Le service de la modernisation de l'Etat est charg \u00e9 de la coordination de la strat\u00e9gie immobili\u00e8re de l'Etat en \nIle-de-France, de la performance, de l'innovation et de la conduite de la r\u00e9forme de l'Etat. \nIl a notamment pour missions :  \n \n- le suivi de la performance du budget op\u00e9rationnel de programme (BOP) 354 ainsi que, dans le cadre du  p\u00f4le de \ncomp\u00e9tences et en lien avec le contr\u00f4leur budg\u00e9taire r\u00e9gional (CBR), des autres BOP r\u00e9gionaux concern\u00e9s ; \n \n- le suivi de la performance financi\u00e8re et du contr\u00f4le interne financier pour la cha\u00eene de la d\u00e9pense r\u00e9gionale ; \n  \n- le suivi des d\u00e9marches qualit\u00e9 conduites dans les pr\u00e9fectures d'Ile-de-France ; \n \n- le suivi et l'accompagnement des projets de r\u00e9for me de l'Etat et de r\u00e9organisation dans les diff\u00e9ren tes structures de \nl'Etat en Ile-de-France ; \n  \n- l'initiation et la mise en \u0153uvre de projets innovants ou de transformation num\u00e9rique ; \n  \n- pour le compte du pr\u00e9fet de r\u00e9gion et en lien ave c le responsable r\u00e9gional de la politique immobili\u00e8 re de l'Etat, la \ncoordination de projets immobiliers prioritaires en Ile-de-France. \n \nSous-titre 5 : Le service des achats et des finances \n \nArticle 41 : Le service des achats et des finances assure le pil otage et l'allocation des moyens de fonctionnement des \nadministrations d\u00e9concentr\u00e9es de l'Etat (emplois et  masse salariale, cr\u00e9dits de fonctionnement courant  et des d\u00e9penses \nimmobili\u00e8res). Il assure \u00e0 ce titre le suivi des re cettes issues du produit de cessions des immeubles de l'Etat relevant du \np\u00e9rim\u00e8tre r\u00e9gional en lien avec la direction de l'i mmobilier de l'Etat (DIE) et le responsable r\u00e9giona l de la politique \nimmobili\u00e8re de l'Etat (RRPIE), ainsi que le suivi du financement des projets immobiliers structurants en Ile-de-France. \n \nIl met en \u0153uvre la politique des achats de l'Etat e t d\u00e9cline les orientations strat\u00e9giques d\u00e9finies au  niveau national. Il \nr\u00e9pond aux besoins exprim\u00e9s par les administrations d\u00e9concentr\u00e9es de l'Etat.  \n \nIl assure l'ordonnancement dans \u00ab CHORUS \u00bb de l'ens emble des d\u00e9penses et des recettes relevant de son p\u00e9rim\u00e8tre, \ndans le cadre de contrat de service avec chaque pr\u00e9 fecture et le service facturier de la direction r\u00e9g ionale des finances \npubliques (DRFIP). Il est \u00e9galement charg\u00e9 des paie ments et encaissements via la r\u00e9gie r\u00e9gionale et de  la facturation \nd\u00e9partementale par carte d'achats. \n \nPr\u00e9fecture de la R\u00e9gion d'Ile de France, Pr\u00e9fecture de Paris  - IDF-2025-07-17-00002 - Arr\u00eat\u00e9 portant organisation de la pr\u00e9fecture de la\nr\u00e9gion d'Ile-de-France, pr\u00e9fecture de Paris 179\n \n15 \nIl exerce ses missions pour la pr\u00e9fecture de la r\u00e9g ion d'Ile-de-France, pr\u00e9fecture de Paris ainsi que les directions \nr\u00e9gionales dont elle assure le soutien, sur un champ interminist\u00e9riel, r\u00e9gional et d\u00e9partemental. \n \nLe service des achats et des finances est compos\u00e9 : \n \n- du bureau du pilotage budg\u00e9taire, organis\u00e9 en une  section \"pilotage r\u00e9gional des effectifs et de la masse salariale\", \nune section \"pilotage pr\u00e9fecture de Paris\" et une section \"pilotage r\u00e9gional\" ; \n \n- du bureau r\u00e9gional des achats ; \n \n- du bureau mutualis\u00e9 d'ex\u00e9cution de la d\u00e9pense, organis\u00e9 en une section \u00ab engagement interne \u00bb, une s ection \n\u00ab coordination DRIEETS et DRAC \u00bb, une section \u00ab coordination \n DRIAAF \u00bb ;  \n \n- du centre de services partag\u00e9s r\u00e9gional, organis\u00e9  en une section \u00ab Gestion des actes complexes \u00bb et une section \n\u00ab Gestion des d\u00e9penses hors march\u00e9s \u00bb.  \n \nArticle 42 : Pour la mise en \u0153uvre de ses missions, le pr\u00e9fet, s ecr\u00e9taire g\u00e9n\u00e9ral aux moyens mutualis\u00e9s, a autorit\u00e9  \nfonctionnelle sur la direction des affaires juridiques, qui est notamment charg\u00e9e, dans les conditions fix\u00e9es \u00e0 l'article 19 : \n \n- du contentieux, \n \n- du conseil juridique et du conseil l\u00e9gistique relatif aux actes relevant de la comp\u00e9tence du pr\u00e9fet de la r\u00e9gion d'Ile-de-\nFrance, pr\u00e9fet de Paris. \n \n \nTitre 6 : Dispositions finales \n \n \nArticle 43 : L'arr\u00eat\u00e9 n\u00b0 IDF-2025-04-16-00001-75-2025-04-16-00 001 du 16 avril 2025 portant organisation de la \npr\u00e9fecture de la r\u00e9gion d'Ile-de-France, pr\u00e9fecture de Paris est abrog\u00e9. \n \n \nArticle  44 : La pr\u00e9f\u00e8te, secr\u00e9taire g\u00e9n\u00e9rale aux politiques pub liques de la pr\u00e9fecture de la r\u00e9gion d'Ile de Franc e, \npr\u00e9fecture de Paris, le pr\u00e9fet, secr\u00e9taire g\u00e9n\u00e9ral aux moyens mutualis\u00e9s de la pr\u00e9fecture de la r\u00e9gion  d'Ile de France, \npr\u00e9fecture de Paris et le pr\u00e9fet, directeur de cabi net du pr\u00e9fet de la r\u00e9gion d'Ile-de-France, pr\u00e9fet de Paris, sont charg\u00e9s, \nchacun en ce qui les concerne, de l'ex\u00e9cution du pr \u00e9sent arr\u00eat\u00e9 qui sera publi\u00e9 aux recueils d\u00e9parteme ntal et r\u00e9gional \ndes actes administratifs de la pr\u00e9fecture de la r\u00e9g ion d'Ile-de-France, pr\u00e9fecture de Paris, accessibl e \u00e0 l'adresse : \nwww.prefectures-regions.gouv.fr/ile-de-france, et qui entrera en vigueur le lendemain de sa publication. \n \n \nFait \u00e0 Paris le 17 juillet 2025, \n Le pr\u00e9fet de la r\u00e9gion d'Ile-de-France, \n Pr\u00e9fet de Paris, \n \nSign\u00e9 \n \nMarc GUILLAUME \n \nPr\u00e9fecture de la R\u00e9gion d'Ile de France, Pr\u00e9fecture de Paris  - IDF-2025-07-17-00002 - Arr\u00eat\u00e9 portant organisation de la pr\u00e9fecture de la\nr\u00e9gion d'Ile-de-France, pr\u00e9fecture de Paris 180\nRectorat de la r\u00e9gion acad\u00e9mique\nd'Ile-de-France, rectorat de l'acad\u00e9mie de Paris\nIDF-2025-07-10-00010\nArr\u00eat\u00e9 n\u00b0 2025-090-RRA portant agr\u00e9ment au\ntitre de la Jeunesse et de l'\u00c9ducation Populaire\npour l'association ESCAPADE LIBERTE ET\nMOBILITE - SDJES de Paris \nRectorat de la r\u00e9gion acad\u00e9mique d'Ile-de-France, rectorat de l'acad\u00e9mie de Paris - IDF-2025-07-10-00010 - Arr\u00eat\u00e9 n\u00b0 2025-090-RRA\nportant agr\u00e9ment au titre de la Jeunesse et de l'\u00c9ducation Populaire pour l'association ESCAPADE LIBERTE ET MOBILITE - SDJES de\nParis \n181\nREGION ACADEMIQUE\u00ceLE-DE-FRANCELibert\u00e9\u00c9galit\u00e9Fraternit\u00e9\n  \n \nService d\u00e9partemental \u00e0 la jeunesse,  \n\u00e0 l'engagement et aux sports de Paris  \n \n \n \n \nService D\u00e9partemental \u00e0 la Jeunesse, \u00e0 l'Engagement et aux Sports de Paris  \n6/8 rue Eug\u00e8ne Oudin\u00e9 \u2013 CS 81360 - 75634 PARIS CEDEX 13 \n \n \n \n \nARR\u00caT\u00c9 N\u00b02025-90-RRA  \nportant agr\u00e9ment au titre de la Jeunesse et de l'\u00c9ducation Populaire \n \nLA RECTRICE DE LA R\u00c9GION ACAD\u00c9MIQUE \u00ceLE-DE-FRANCE \nRECTRICE DE PARIS \nCHANCELIERE DES UNIVERSIT\u00c9S DE PARIS  \nET D'\u00ceLE-DE-FRANCE  \n \nVu la loi n\u00b0 2001-624 du 17 juillet 2001 portant diverses dispositions d'ordre social, \u00e9ducatif et culturel et notamment \nson article 8 ;  \nVu le d\u00e9cret n\u00b0 2002-571 du 22 avril 2002 pris pour l'application du premier alin\u00e9a de l'article 8 de la loi n\u00b0 2001-624 \net relatif \u00e0 l'agr\u00e9ment des associations de jeunesse et d'\u00e9ducation populaire ;  \nVu le d\u00e9cret n\u00b0 2019-838 du 19 ao\u00fbt 2019 portant diverses mesures de simplification pour le minist\u00e8re de l'\u00e9ducation \nnationale et de la jeunesse ; \nVu le d\u00e9cret du Pr\u00e9sident de la R\u00e9publique du 12 mars 2025 nommant Mme Julie BENETTI, rectrice de la r\u00e9gion \nacad\u00e9mique \u00cele-de-France, rectrice de l'acad\u00e9mie de Paris ;  \nVu l'arr\u00eat\u00e9 n\u00b02020-32 du 21 d\u00e9cembre 2020 modifi\u00e9 portant organisation de la d\u00e9l\u00e9gation r\u00e9gionale acad\u00e9mique \u00e0 \nla jeunesse, \u00e0 l'engagement et aux sports et des services d\u00e9partementaux \u00e0 la jeunesse, \u00e0 l'engagement et aux sports \n; \nVu le protocole r\u00e9gional d\u00e9partemental conclu entre le pr\u00e9fet de la r\u00e9gion d'Il e-de-France, pr\u00e9fet de Paris, et le \nrecteur de la r\u00e9gion acad\u00e9mique d'Ile-de-France, recteur de l'acad\u00e9mie de Paris, le 24 d\u00e9cembre 2020 ; \nVu l'arr\u00eat\u00e9 n\u00b0 75-2025-03-26-00004 du 26 mars 2025 portant d\u00e9l\u00e9gation du pr\u00e9fet de la r\u00e9gion d'Ile-de-France, \npr\u00e9fet de Paris \u00e0 Mme Julie BENETTI, rectrice de la r\u00e9gion acad\u00e9mique Ile-de-France, rectrice de l'acad\u00e9mie de \nParis, en mati\u00e8re administrative ; \n \nVu l'arr\u00eat\u00e9 minist\u00e9riel du 4 mai 2021 nommant Mme Jeanne DELACOURT dans l'emploi de conseill\u00e8re du directeur \nacad\u00e9mique des services de l'\u00e9ducation en mati\u00e8re de jeunesse, d'engagement et de sports de Paris ; \n \nVu le d\u00e9cret du Pr\u00e9sident de la R\u00e9publique du 26 f\u00e9vrier 2025 portant nomination de M. Laurent NOE en qualit\u00e9 \nde directeur de l'acad\u00e9mie de Paris ;  \n \nVu l'arr\u00eat\u00e9 n\u00b0 2025-033-RRA du 27 mars 2025 portant subd\u00e9l\u00e9gation de signature en mati\u00e8re administrative de la \nrectrice de la r\u00e9gion acad\u00e9mique Ile-de-France, rectrice de l'acad\u00e9mie de Paris pour la mise en \u0153uvre des missions \nde jeunesse, d'engagement et de sports ;  \n \nConsid\u00e9rant la demande compl\u00e8te formul\u00e9e par l'association en date du  03/05/2025 ; \n \nConsid\u00e9rant que l'association ci-dessous d\u00e9tient un arr\u00eat\u00e9 portant tronc commun d'agr\u00e9ment en cours de validit\u00e9 \nau moment de l'instruction de la demande ; \n \nConsid\u00e9rant que l'association ci -dessous remplit les conditions r\u00e9glementaires relatives \u00e0 l'agr\u00e9ment des \nRectorat de la r\u00e9gion acad\u00e9mique d'Ile-de-France, rectorat de l'acad\u00e9mie de Paris - IDF-2025-07-10-00010 - Arr\u00eat\u00e9 n\u00b0 2025-090-RRA\nportant agr\u00e9ment au titre de la Jeunesse et de l'\u00c9ducation Populaire pour l'association ESCAPADE LIBERTE ET MOBILITE - SDJES de\nParis \n182\n \n \n2 \nassociations de jeunesse et d'\u00e9ducation populaire ; \n \nARR\u00caT\u00c9 \nArticle premier : \nL'agr\u00e9ment au titre des associations de jeunesse et d'\u00e9ducation populaire est attribu\u00e9 \u00e0 l'association : \n \nESCAPADE LIBERTE ET MOBILITE \nRNA : W751150512 \n \ndont le si\u00e8ge social est situ\u00e9 \u00e0 : Chemin des Gravilliers 75016 - Paris \n \ndont l'objet statutaire est :  \n \n- D\u00e9velopper et de favoriser par tous les moyens appropri\u00e9s l'accessibilit\u00e9 des personnes handicap\u00e9es aux \npatrimoines naturels, \u00e0 la culture, \u00e0 l'\u00e9ducation, \u00e0 la formation, au travail et aux loisirs;  \n- Faire reconna\u00eetre et de d\u00e9fendre les droits et int\u00e9r\u00eats des personnes handicap\u00e9es, de rechercher aupr\u00e8s \nde tous les organismes publics et priv\u00e9s et de l'ensemble des Pouvoirs Publics la satisfaction de leurs \nint\u00e9r\u00eats g\u00e9n\u00e9raux;  \n \nLe num\u00e9ro de l'agr\u00e9ment \u00e0 rappeler dans les correspondances avec l'administration est le suivant :  \n2025-JEP-75-22 \n \nArticle 2 :  \nL'association mentionn\u00e9e ci -dessus est tenue d'informer sans d\u00e9lai l'autorit\u00e9 publique comp\u00e9tente de tout \nchangement relatif aux crit\u00e8res d'attribution du pr\u00e9sent agr\u00e9ment et notamment les changements de si\u00e8ge social, \nde statuts et de repr\u00e9sentant l\u00e9gal. \n \nArticle 3 : \nL'association mentionn\u00e9e ci -dessus tiendra \u00e0 disposition de l'administration, dans le cadre d'un contr\u00f4le, tout \ndocument justifiant de l'agr\u00e9ment et notamment les proc\u00e8s -verbaux d'assembl\u00e9e g\u00e9n\u00e9rale, les rapports financiers \ndes exercices \u00e9coul\u00e9s et les rapports annuels d'activit\u00e9s. \n \nArticle 4 : \nCet agr\u00e9ment de jeunesse et d'\u00e9ducation populaire n'est valide que si l'association mentionn\u00e9e ci-dessus d\u00e9tient un \ntronc commun d'agr\u00e9ment en cours de validit\u00e9. \n \nArticle 5 :  \nL'arr\u00eat\u00e9 entre en vigueur \u00e0 compter de la date de sa publication et pour une dur\u00e9e de cinq ans. \n \nArticle 6 : \nLe d\u00e9l\u00e9gu\u00e9 de la r\u00e9gion acad\u00e9mique \u00e0 la jeunesse, \u00e0 l'engagement et aux sports est charg\u00e9 de l'ex\u00e9cution du pr\u00e9sent \narr\u00eat\u00e9 qui sera publi\u00e9 au recueil des actes administratifs de la pr\u00e9fect ure de r\u00e9gion d'\u00cele -de-France, pr\u00e9fecture de \nParis. \n \nFait \u00e0 Paris, le 10/07/2025 \n \n \n \n \n \n \n \n \n \n \n \nPour la rectrice, et par subd\u00e9l\u00e9gation, \nla conseill\u00e8re du directeur de l'acad\u00e9mie de \nParis, cheffe du service d\u00e9partemental \u00e0 la \njeunesse, \u00e0 l'engagement et aux sports de Paris \n \nSign\u00e9 \nJeanne DELACOURT  \n \n \n \n \nRectorat de la r\u00e9gion acad\u00e9mique d'Ile-de-France, rectorat de l'acad\u00e9mie de Paris - IDF-2025-07-10-00010 - Arr\u00eat\u00e9 n\u00b0 2025-090-RRA\nportant agr\u00e9ment au titre de la Jeunesse et de l'\u00c9ducation Populaire pour l'association ESCAPADE LIBERTE ET MOBILITE - SDJES de\nParis \n183\nRectorat de la r\u00e9gion acad\u00e9mique\nd'Ile-de-France, rectorat de l'acad\u00e9mie de Paris\nIDF-2025-07-10-00011\nArr\u00eat\u00e9 n\u00b0 2025-091-RRA portant reconnaissance\ndu tronc commun d'agr\u00e9ment d'une association\nESCAPADE LIBERTE ET MOBILITE - SDJES de Paris\nRectorat de la r\u00e9gion acad\u00e9mique d'Ile-de-France, rectorat de l'acad\u00e9mie de Paris - IDF-2025-07-10-00011 - Arr\u00eat\u00e9 n\u00b0 2025-091-RRA\nportant reconnaissance du tronc commun d'agr\u00e9ment d'une association ESCAPADE LIBERTE ET MOBILITE - SDJES de Paris 184\nREGION ACADEMIQUE\u00ceLE-DE-FRANCELibert\u00e9\u00c9galit\u00e9Fraternit\u00e9\n  \n \nService d\u00e9partemental \u00e0 la jeunesse,  \n\u00e0 l'engagement et aux sports de Paris  \n \n \n \n \nService D\u00e9partemental \u00e0 la Jeunesse, \u00e0 l'Engagement et aux Sports de Paris  \n6/8 rue Eug\u00e8ne Oudin\u00e9 \u2013 CS 81360 - 75634 PARIS CEDEX 13 \n \n \n \n \n              ARR\u00caT\u00c9 N\u00b02025-91-RRA \n \nportant reconnaissance du tronc commun d'agr\u00e9ment d'une association \n \nLA RECTRICE DE LA R\u00c9GION ACAD\u00c9MIQUE \u00ceLE-DE-FRANCE \nRECTRICE DE PARIS \nCHANCELIERE DES UNIVERSIT\u00c9S DE PARIS  \nET D'\u00ceLE-DE-FRANCE  \n \n \nVU  la loi n\u00b0 2000 -321 du 12 avril 2000 modifi\u00e9e relative aux droits des citoyens dans leurs relations avec les \nadministrations et notamment son article 25-1 ; \nVU le d\u00e9cret n\u00b0 2017 -908 du 6 mai 2017 portant diverses dispositions relatives au r\u00e9gime juridique des \nassociations, des fondations, des fonds de dotation et des organismes faisant appel public \u00e0 la g\u00e9n\u00e9rosit\u00e9 \net notamment ses articles 15 \u00e0 21 ; \nVU le d\u00e9cret du Pr\u00e9sident de la R\u00e9publique du 12 mars 2025 nommant Mme Julie BENETTI, rectrice de la r\u00e9gion \nacad\u00e9mique \u00cele-de-France, rectrice de l'acad\u00e9mie de Paris ;  \nVU l'arr\u00eat\u00e9 n\u00b02020 -32 du 21 d\u00e9cembre 2020 modifi\u00e9 portant organisation de la d\u00e9l\u00e9gation r\u00e9gionale \nacad\u00e9mique \u00e0 la jeunesse, \u00e0 l'eng agement et aux sports et des services d\u00e9partementaux \u00e0 la jeunesse, \u00e0 \nl'engagement et aux sports ; \nVU le protocole r\u00e9gional d\u00e9partemental conclu entre le pr\u00e9fet de la r\u00e9gion d'Ile -de-France, pr\u00e9fet de Paris, et \nle recteur de la r\u00e9gion acad\u00e9mique d'Ile-de-France, recteur de l'acad\u00e9mie de Paris, le 24 d\u00e9cembre 2020; \n \nVU l'arr\u00eat\u00e9 n\u00b0 75-2025-03-26-00004 du 26 mars 2025 portant d\u00e9l\u00e9gation du pr\u00e9fet de la r\u00e9gion d'Ile-de-France, \npr\u00e9fet de Paris \u00e0 Mme Julie BENETTI, rectrice de la r\u00e9gion acad\u00e9mique Ile-de-France, rectrice de \nl'acad\u00e9mie de Paris, en mati\u00e8re administrative ; \n \nVU  l'arr\u00eat\u00e9 minist\u00e9riel du 4 mai 2021 nommant Mme Jeanne DELACOURT dans l'emploi de conseill\u00e8re du \ndirecteur acad\u00e9mique des services de l'\u00e9ducation en mati\u00e8re de jeunesse, d'engagemen t et de sports de \nParis ; \n \nVU  le d\u00e9cret du Pr\u00e9sident de la R\u00e9publique du 26 f\u00e9vrier 2025 portant nomination de M. Laurent NOE en qualit\u00e9 \nde directeur de l'acad\u00e9mie de Paris ;  \n \nVU l'arr\u00eat\u00e9 n\u00b0 2025-033-RRA du 27 mars 2025 portant subd\u00e9l\u00e9gation de signature en mati\u00e8re administrative \nde la rectrice de la r\u00e9gion acad\u00e9mique Ile-de-France, rectrice de l'acad\u00e9mie de Paris ; pour la mise en \n\u0153uvre des missions de jeunesse, d'engagement et de sports ;  \n \n \n \n \n  \n \nRectorat de la r\u00e9gion acad\u00e9mique d'Ile-de-France, rectorat de l'acad\u00e9mie de Paris - IDF-2025-07-10-00011 - Arr\u00eat\u00e9 n\u00b0 2025-091-RRA\nportant reconnaissance du tronc commun d'agr\u00e9ment d'une association ESCAPADE LIBERTE ET MOBILITE - SDJES de Paris 185\n \n \n2 \nARR\u00caT\u00c9 \n \n \nArticle premier :  \nL'association suivante est r\u00e9put\u00e9e satisfaire aux conditions portant sur le tronc commun d'agr\u00e9ment : \nla libert\u00e9 de conscience de ses membres, le respect du principe de non-discrimination, un mode de fonctionnement \nd\u00e9mocratique, une gestion financi\u00e8re transparente, permettre l'\u00e9gal acc\u00e8s des hommes, des femmes et des jeunes \naux instances dirigeantes.et respecter le contrat d'engagement r\u00e9publicain. \n \n \nESCAPADE LIBERTE ET MOBILITE \n \nRNA: W751150512 \n \ndont le si\u00e8ge social est situ\u00e9 \u00e0 : Chemin des Gravilliers 75016 - Paris \n \n \nArticle 2 :  \nL'arr\u00eat\u00e9 entre en vigueur \u00e0 compter de la date de sa publication et pour une dur\u00e9e de cinq ans. \n \nArticle 3 : \nL'association mentionn\u00e9e ci -dessus est tenue d'informer sans d\u00e9lai l'autorit\u00e9 publique comp\u00e9tente de tout \nchangement relatif aux crit\u00e8res d'attribution de la pr\u00e9sente reconnaissance et notamment les changements de si\u00e8ge \nsocial, de statuts et de repr\u00e9sentant l\u00e9gal. \n \nArticle 4 : \nL'association mentionn\u00e9e ci -dessus tiendra \u00e0 disposition de l'administration, dans le cadre d'un contr\u00f4le, tout \ndocument just ifiant de la reconnaissance du tronc commun et notamment les proc\u00e8s -verbaux d'assembl\u00e9e \ng\u00e9n\u00e9rale, les rapports financiers des exercices \u00e9coul\u00e9s et les rapports annuels d'activit\u00e9s. \n \nArticle 5 : \nLe d\u00e9l\u00e9gu\u00e9 de la r\u00e9gion acad\u00e9mique \u00e0 la jeunesse, \u00e0 l'engagement et aux sports est charg\u00e9 de l'ex\u00e9cution du pr\u00e9sent \narr\u00eat\u00e9 qui sera publi\u00e9 au recueil des actes administratifs de la pr\u00e9fecture de r\u00e9gion d'\u00cele -de-France, pr\u00e9fecture de \nParis. \n \n \nFait \u00e0 Paris, le 10/07/2025 \n \n \n \n \n \n \n \n \n \n \n \n \nPour la rectrice, et par subd\u00e9l\u00e9gation, \nla conseill\u00e8re du directeur de l'acad\u00e9mie de \nParis, cheffe du service d\u00e9partemental \u00e0 la \njeunesse, \u00e0 l'engagement et aux sports de Paris \n \nSign\u00e9 \n \nJeanne DELACOURT  \n \n \n \n \n \n \nRectorat de la r\u00e9gion acad\u00e9mique d'Ile-de-France, rectorat de l'acad\u00e9mie de Paris - IDF-2025-07-10-00011 - Arr\u00eat\u00e9 n\u00b0 2025-091-RRA\nportant reconnaissance du tronc commun d'agr\u00e9ment d'une association ESCAPADE LIBERTE ET MOBILITE - SDJES de Paris 186","date":"2025-07-17","first_seen_on":"2025-07-17T16:51:00+00:00","id":"8e4d85d7b70222783fb8fd938086fd97f222f1f0db18c2312a60c5fe94a6f9c3","name":"recueil-idf-031-2025-07-recueil-des-actes-administratifs-special du 17.07.2025","pdf_creation_date":"2025-07-17T15:07:18+00:00","pdf_modification_date":null,"timezone":"Europe/Paris","url":"https://www.prefectures-regions.gouv.fr/ile-de-france/irecontenu/telechargement/129563/953959/file/recueil-idf-031-2025-07-recueil-des-actes-administratifs-special%20du%2017.07.2025.pdf"}
