{"administration":"pref80","administration_name":"Pr\u00e9fecture de la Somme","content":"PR\u00c9FET\nDE LA SOMME\nRECUEIL DES ACTES\nADMINISTRATIFS\nN\u00b02026-075\nPUBLI\u00c9 LE 22 MARS 2026\nSommaire\nPr\u00e9fecture de la Somme /\n80-2026-03-22-00001 - Arr\u00eat\u00e9 d\u00e9l\u00e9gation Longuevillette (2 pages) Page 3\n2\nPr\u00e9fecture de la Somme\n80-2026-03-22-00001\nArr\u00eat\u00e9 d\u00e9l\u00e9gation Longuevillette\nPr\u00e9fecture de la Somme - 80-2026-03-22-00001 - Arr\u00eat\u00e9 d\u00e9l\u00e9gation Longuevillette 3\nE a Secr\u00e9tariat g\u00e9n\u00e9ralPREFET Direction de la citoyennet\u00e9 et de la l\u00e9galit\u00e9DE LA SOMMELibert\u00e9Egalit\u00e9Fraternit\u00e9\nARR\u00caT\u00c9\nportant institution d'une d\u00e9l\u00e9gation sp\u00e9ciale pour la communede Longuevillette\nLE PR\u00c9FET DE LA SOMMECHEVALIER DE LA L\u00c9GION D'HONNEUR\nVu les articles L. 2121-35 et suivants du Code g\u00e9n\u00e9ral des collectivit\u00e9s territoriales ;Vu le d\u00e9cret n\u00b02004-374 du 29 avril 2004 modifi\u00e9 relatif aux pouvoirs des pr\u00e9fets, \u00e0 l'organisation et\u00e0 l'action des services de l'\u00c9tat dans les r\u00e9gions et d\u00e9partements ;Vu le d\u00e9cret du 13 juillet 2023 portant nomination du pr\u00e9fet de la Somme, M. Rollon MOUCHEL-BLAISOT \u00e0 compter du 24 juillet 2023 ;Vu le d\u00e9cret du 21 juillet 2023 portant nomination de M. Emmanuel MOULARD, Sous-pr\u00e9fet horsclasse, secr\u00e9taire g\u00e9n\u00e9ral de la pr\u00e9fecture de la Somme ;Vu l'arr\u00eat\u00e9 pr\u00e9fectoral du 24 septembre 2025 portant d\u00e9l\u00e9gation de signature du secr\u00e9taire g\u00e9n\u00e9ralde la Somme ;Vu le d\u00e9cret du 27 ao\u00fbt 2025 fixant la date du renouvellement des conseillers municipaux etcommunautaires, des conseillers m\u00e9tropolitains de Lyon, des conseillers de Paris et des conseillersd'arrondissement de Paris, Lyon et Marseille et portant convocation des \u00e9lecteurs ;Vu l'arr\u00eat\u00e9 pr\u00e9fectoral du 7 janvier 2026 fixant les dates d'ouverture et de cl\u00f4ture du d\u00e9lai de d\u00e9p\u00f4tdes d\u00e9clarations de candidature \u00e0 l'occasion des \u00e9lections municipales et communautaires des 15 et22 mars 2026;Vu l'absence de liste candidate \u00e0 l'issue de la p\u00e9riode de d\u00e9p\u00f4t des candidatures pour le 1\" tour des\u00e9lections municipales et communautaires;Consid\u00e9rant l'impossibilit\u00e9 de constituer un conseil municipal dans la commune de Longuevillette;\nPr\u00e9fecture de la Somme - 80-2026-03-22-00001 - Arr\u00eat\u00e9 d\u00e9l\u00e9gation Longuevillette 4\nConsid\u00e9rant qu'il y a lieu d'instituer une d\u00e9l\u00e9gation sp\u00e9ciale dans la commune de Longuevillettejusqu'a l'organisation des prochaines \u00e9lections ;Sur proposition du secr\u00e9taire g\u00e9n\u00e9ral de la pr\u00e9fecture de la Somme ;\nARRETE\nArticle 1er. : Une d\u00e9l\u00e9gation sp\u00e9ciale est institu\u00e9e dans la commune de Longuevillette (80600).Article 2 : Cette d\u00e9l\u00e9gation sp\u00e9ciale est compos\u00e9e de :- Monsieur Nicolas GRENIER, directeur de la citoyennet\u00e9 et de la l\u00e9galit\u00e9 - pr\u00e9fecture de la Somme- Monsieur Francois DAMAY, conseiller aux d\u00e9cideurs locaux - direction des finances publiques de laSomme- Madame Adeline BERNAUX, assistante de direction - communaut\u00e9 de communes du TerritoireNord PicardieArticle 3: La d\u00e9l\u00e9gation sp\u00e9ciale remplit les fonctions du conseil municipal. Les pouvoirs de lad\u00e9l\u00e9gation sp\u00e9ciale sont limit\u00e9s aux actes de pure administration conservatoire et urgente.Article 4: La d\u00e9l\u00e9gation sp\u00e9ciale proc\u00e9dera \u00e0 l'\u00e9lection de son pr\u00e9sident et, s'il y a lieu, de son vice-pr\u00e9sident, au scrutin secret et \u00e0 la majorit\u00e9 de ses membres.Le pr\u00e9sident exerce les attributions du maire. Il le suppl\u00e9e dans ses attributions li\u00e9es \u00e0 la bonnemarche des services publics communaux, aux pouvoirs de police et aux fonctions exerc\u00e9es enqualit\u00e9 d'agent de l'\u00c9tatLe Vice-pr\u00e9sident fait fonction d'adjoint et se voit reconna\u00eetre les m\u00eames pr\u00e9rogatives.Article 5 : Les fonctions de la d\u00e9l\u00e9gation sp\u00e9ciale expirent de plein droit d\u00e8s la reconstitution d'unconseil municipal sur la commune de Longuevillette.Article 6 : Le pr\u00e9sent arr\u00eat\u00e9 peut faire l'objet d'un recours devant le tribunal administratif d'Amiensdans un d\u00e9lai de deux mois \u00e0 compter de sa publication.Article 7 : Le secr\u00e9taire g\u00e9n\u00e9ral de la pr\u00e9fecture de la Somme est charg\u00e9 de l'ex\u00e9cution du pr\u00e9sentarr\u00eat\u00e9 qui sera publi\u00e9 au recueil des actes administratifs de la pr\u00e9fecture de la Somme.\n; | \u00a9Amiens, le? 9 MARS 2076Pour le pr\u00e9fet et par d\u00e9l\u00e9gationLe secr\u00e9tajre g\u00e9n\u00e9ral\nEmmanuel MOULARD\nPr\u00e9fecture de la Somme - 80-2026-03-22-00001 - Arr\u00eat\u00e9 d\u00e9l\u00e9gation Longuevillette 5","date":"2026-03-22","first_seen_on":"2026-03-24T09:30:11+00:00","id":"8e68e80422a6af01660b2771f8edd24704ff880c356a8a73a0923d7f0398c280","name":"RAA n\u00b075 du 22 mars 2026","pdf_creation_date":"2026-03-22T21:07:03+00:00","pdf_modification_date":null,"timezone":"Europe/Paris","url":"https://www.somme.gouv.fr/contenu/telechargement/55571/364560/version/1/file/recueil-2026-075-recueil-des-actes-administratifs.pdf"}
