{"administration":"prefidf","administration_name":"Pr\u00e9fecture de la r\u00e9gion \u00cele-de-France","content":"PREFECTURE\nREGION ILE DE\nFRANCE\nRECUEIL DES ACTES\nADMINISTRATIFS SP\u00c9CIAL\nN\u00b0IDF-026-2025-06\nPUBLI\u00c9 LE 13 JUIN 2025\nSommaire\nDirection r\u00e9gionale et interd\u00e9partementale de l'\u00e9conomie, de l'emploi,\ndu travail et des solidarit\u00e9s d'\u00cele-de-France / secr\u00e9tariat de direction\nIDF-2025-06-13-00001 - D\u00e9cision n\u00b0 2025-110 du 13 juin 2025 portant\nsubd\u00e9l\u00e9gation de signature de Monsieur Marc Rohfritsch, Directeur\nr\u00e9gional et interd\u00e9partemental de l'\u00c9conomie, de l'Emploi, du\nTravail et des Solidarit\u00e9s d'\u00cele-de-France\npar int\u00e9rim, aux agents\nde l'unit\u00e9 d\u00e9partementale des Hauts-de-Seine (8 pages) Page 3\nIDF-2025-06-13-00003 - D\u00e9cision n\u00b0 2025-111 du 13 juin 2025\nportant\nd\u00e9l\u00e9gation de signature du directeur r\u00e9gional et\ninterd\u00e9partemental de l'\u00e9conomie, de l'emploi, du travail et des\nsolidarit\u00e9s aux agents de l'unit\u00e9 d\u00e9partementale de Paris (6 pages) Page 12\nIDF-2025-06-13-00002 - D\u00e9cision n\u00b0 2025-112 du 13 juin 2025 portant\nsubd\u00e9l\u00e9gation de signature de Monsieur Marc Rohfritsch, Directeur\nr\u00e9gional et interd\u00e9partemental de l'\u00c9conomie, de l'Emploi, du\nTravail et des Solidarit\u00e9s d'\u00cele-de-France\npar int\u00e9rim, aux agents\nde l'unit\u00e9 d\u00e9partementale de Paris (4 pages) Page 19\nRectorat de la r\u00e9gion acad\u00e9mique d'Ile-de-France, rectorat de\nl'acad\u00e9mie de Paris /\nIDF-2025-06-12-00004 - Convention de d\u00e9l\u00e9gation de gestion relative\n\u00e0 l'ex\u00e9cution financi\u00e8re des comp\u00e9tences de la r\u00e9gion\nacad\u00e9mique, conclue entre la R\u00e9gion acad\u00e9mique \u00cele-de-France et\nl'Acad\u00e9mie de Cr\u00e9teil (5 pages) Page 24\nIDF-2025-06-12-00005 - Convention de d\u00e9l\u00e9gation de gestion relative\n\u00e0 l'ex\u00e9cution financi\u00e8re des comp\u00e9tences de la r\u00e9gion\nacad\u00e9mique, conclue entre la R\u00e9gion acad\u00e9mique \u00cele-de-France et\nl'Acad\u00e9mie de Versailles (5 pages) Page 30\n2\nDirection r\u00e9gionale et interd\u00e9partementale de\nl'\u00e9conomie, de l'emploi, du travail et des\nsolidarit\u00e9s d'\u00cele-de-France\nIDF-2025-06-13-00001\nD\u00e9cision n\u00b0 2025-110 du 13 juin 2025 portant\nsubd\u00e9l\u00e9gation de signature de Monsieur Marc\nRohfritsch, Directeur r\u00e9gional et\ninterd\u00e9partemental de l'\u00c9conomie, de l'Emploi,\ndu Travail et des Solidarit\u00e9s d'\u00cele-de-France\npar int\u00e9rim, aux agents de l'unit\u00e9\nd\u00e9partementale des Hauts-de-Seine\nDirection r\u00e9gionale et interd\u00e9partementale de l'\u00e9conomie, de l'emploi, du travail et des solidarit\u00e9s d'\u00cele-de-France -\nIDF-2025-06-13-00001 - D\u00e9cision n\u00b0 2025-110 du 13 juin 2025 portant subd\u00e9l\u00e9gation de signature de Monsieur Marc Rohfritsch,\nDirecteur r\u00e9gional et interd\u00e9partemental de l'\u00c9conomie, de l'Emploi, du Travail et des Solidarit\u00e9s d'\u00cele-de-France\npar int\u00e9rim, aux agents de l'unit\u00e9 d\u00e9partementale des Hauts-de-Seine\n3\n| |PREFETDES HAUTS-DE-SEINELibert\u00e9Egalit\u00e9Fraternit\u00e9\nDirection r\u00e9gionale et interd\u00e9partementale                                     \nde l'\u00e9conomie, de l'emploi, \ndu travail et des solidarit\u00e9s  \n \n \nDRIEETS Ile de France  \n21 rue Madeleine Vionnet  \n93300 AUBERVILLIERS \n \n   \n   \n         \n \nD\u00c9CISION n\u00b0 2025-110 du 13 juin 2025 \n \nPortant subd\u00e9l\u00e9gation de signature de Monsieur Marc Rohfritsch, Directeur r\u00e9gional et \ninterd\u00e9partemental de l'\u00c9conomie, de l'Emploi, du Travail et des Solidarit\u00e9s d'\u00cele-de-France \npar int\u00e9rim, aux agents de l'unit\u00e9 d\u00e9partementale des Hauts-de-Seine \n \n \nVu le code du commerce ;  \n \nVu le code de la sant\u00e9 publique ; \n \nVu le code du tourisme ; \n \nVu le code du travail ; \n \nVu la loi n\u00b0 82-213 du 2 mars 1982 relative aux droits et libert\u00e9s des communes, des d\u00e9partements et \ndes r\u00e9gions, modifi\u00e9e ; \n \nVu la loi d'orientation n\u00b0 92 -125 du 6 f\u00e9vrier 1992 modifi\u00e9e relative \u00e0 l'administration territoriale de \nla R\u00e9publique, notamment ses articles 4 et 6 ;  \n \nVu le d\u00e9cret n\u00b0 97 -34 du 15 janvier 1997 relatif \u00e0 la d\u00e9concentration des d\u00e9cisions administratives \nindividuelles ;  \n \nVu le d\u00e9cret n\u00b02001-387 du 3 mai 2001 relatif au contr\u00f4le des instruments de mesure ;  \n \nVu le d\u00e9cret n\u00b0 2004-374 du 29 avril 2004 modifi\u00e9 relatif aux pouvoirs des pr\u00e9fets, \u00e0 l'organisation et \n\u00e0 l'action des services de l'\u00c9tat dans les r\u00e9gions et d\u00e9partements ; \n \nVu le d\u00e9cret n\u00b0 2009 -360 du 31 mars 2009 relatif aux emplois de direction de l'administration \nterritoriale de l'\u00c9tat ; \n \nVu le d\u00e9cret n\u00b0 2009-1377 du 10 novembre 2009 relatif \u00e0 l'organisation et aux missions des directions \nr\u00e9gionales des entreprises, de la concurrence, de la consommation, du travail et de l'emploi ;  \n \nVu le d\u00e9cret n\u00b02010 -146 du 16 f\u00e9vrier 2010 modifiant le d\u00e9cret n\u00b0 2004 -374 du 29 avril 2004 relatif \naux pouvoirs des pr\u00e9fets, \u00e0 l'organisation et \u00e0 l'action des services de l' \u00c9tat dans les r\u00e9gions et \nd\u00e9partements ; \n \nVu le d\u00e9cret n\u00b0 2010-687 du 24 juin 2010 relatif \u00e0 l'organisation et \u00e0 l'action des services de l'\u00e9tat dans \nla r\u00e9gion et les d\u00e9partements d'Ile de France ; \n \nVu le d\u00e9cret n\u00b02015 -1689 du 17 d\u00e9cembre 2015 portant diverses mesures d'organisation et de \nfonctionnement dans les r\u00e9gions de l'administration territoriale de l' \u00c9tat et de commissions \nadministratives ; \n \nVu le d\u00e9cret du 31 octobre 2024 portant nomination de Monsieur Alexandre BRUGERE, en qualit\u00e9 de \npr\u00e9fet des Hauts-de-Seine ; \nDirection r\u00e9gionale et interd\u00e9partementale de l'\u00e9conomie, de l'emploi, du travail et des solidarit\u00e9s d'\u00cele-de-France -\nIDF-2025-06-13-00001 - D\u00e9cision n\u00b0 2025-110 du 13 juin 2025 portant subd\u00e9l\u00e9gation de signature de Monsieur Marc Rohfritsch,\nDirecteur r\u00e9gional et interd\u00e9partemental de l'\u00c9conomie, de l'Emploi, du Travail et des Solidarit\u00e9s d'\u00cele-de-France\npar int\u00e9rim, aux agents de l'unit\u00e9 d\u00e9partementale des Hauts-de-Seine\n4\n2 / 8 \n \nVu l'arr\u00eat\u00e9 interminist\u00e9riel du 13 octobre 2023 nommant Gwena\u00eblle BOISARD directrice adjointe de \nl'unit\u00e9 d\u00e9partementale adjointe des Hauts de Seine ; \n \nVu l'arr\u00eat\u00e9 interminist\u00e9riel du 10 janvier 2024  nommant Azadeh AKRAMI -CASTANON directrice \nr\u00e9gionale adjointe, directrice de l'unit\u00e9 des Hauts de Seine ; \n \nVu l'arr\u00eat\u00e9 interminist\u00e9riel du 20 mars 2025 nommant Marc ROHFRITSCH directeur r\u00e9gional et \ninterd\u00e9partemental de l'\u00e9conomie, de l'emploi, du travail et des solidarit\u00e9s d'\u00cele -de-France par \nint\u00e9rim \u00e0 compter du 1er avril 2025, \n \nVu l'arr\u00eat\u00e9 pr\u00e9fectoral n\u00b0 2025-19 du 5 juin 2025 par lequel le Pr\u00e9fet des Hauts-de-Seine d\u00e9l\u00e8gue sa \nsignature \u00e0 Monsieur Marc ROHFRITSCH, directeur r\u00e9gional et interd\u00e9partemental de l'\u00e9conomie, de \nl'emploi, du travail et des solidarit\u00e9s d'\u00cele-de-France par int\u00e9rim ; \n \n \n \n \nD\u00e9cide \nArticle 1er \n \nSubd\u00e9l\u00e9gation de signature est donn\u00e9e \u00e0 Azadeh AKRAMI-CASTANON, directrice r\u00e9gionale adjointe, \ndirectrice de l'unit\u00e9 d\u00e9partementale des Hauts -de-Seine, \u00e0  l'effet de signer les d\u00e9cisions, actes \nadministratifs et correspondances concernant les attributions de la Direction r\u00e9gionale et \ninterd\u00e9partementale de l'\u00e9conomie, de l'emploi, du travail et des solidarit\u00e9s (DRIEETS) de la r\u00e9gion \nIle-de-France dans les domaines suivants relevant de la comp\u00e9tence du pr\u00e9fet des Hauts-de-Seine : \n \n \nTutelle des \npupilles de l'\u00c9tat : \n \nExercice de la tutelle des pupilles de l'\u00c9tat ; \nActes d'administration des deniers des pupilles ; \nArticle L.224-1 et suivants du \ncode de l'action sociale et \ndes familles \nD\u00e9cisions de placement en vue d'adoption ; Article L. 225-1 du code de \nl'action sociale des familles \nAide sociale \n \nAdmission au b\u00e9n\u00e9fice de l'aide sociale \u00e0 la charge \nde l'\u00c9tat ; \nArticle L.131-1 \u00e0 L.134-10 du \ncode de l'action sociale et \ndes familles \nRecours devant les juridictions d'aide sociale et la \nnotification des d\u00e9cisions prises apr\u00e8s examen en \ncommission d\u00e9partementale d'aide sociale ; \nAdmission dans un CHRS. \nArticle L. 345-1 du code de \nl'action sociale et des \nfamilles \nProtection \njuridique des \nmajeurs : \n \nConventionnement des services tut\u00e9laires \nhabilit\u00e9s par le procureur de la R\u00e9publique \u00e0 \nexercer des mesures de tutelle et curatelle d'\u00c9tat ; \nListe des mandataires judiciaires de la protection \ndes majeurs ; \n \nD\u00e9livrance des agr\u00e9ments aux mandataires \njudiciaires de la protection des majeurs et aux \nd\u00e9l\u00e9gu\u00e9s aux prestations familiales en tant que \npersonnes physiques ; \n \nArticle L. 471-2 du code de \nl'action sociale et des \nfamilles. \nArticles L. 472-1 \u00e0 L. 472-4 du \ncode de l'action sociale et \ndes familles compl\u00e9t\u00e9 par le \nd\u00e9cret 2008-1553 du 31 \nd\u00e9cembre 2008 relatif \u00e0 \nl'exercice \u00e0 titre individuel \nde l'activit\u00e9 de mandataire \njudiciaire \u00e0 la protection des \nDirection r\u00e9gionale et interd\u00e9partementale de l'\u00e9conomie, de l'emploi, du travail et des solidarit\u00e9s d'\u00cele-de-France -\nIDF-2025-06-13-00001 - D\u00e9cision n\u00b0 2025-110 du 13 juin 2025 portant subd\u00e9l\u00e9gation de signature de Monsieur Marc Rohfritsch,\nDirecteur r\u00e9gional et interd\u00e9partemental de l'\u00c9conomie, de l'Emploi, du Travail et des Solidarit\u00e9s d'\u00cele-de-France\npar int\u00e9rim, aux agents de l'unit\u00e9 d\u00e9partementale des Hauts-de-Seine\n5\n3 / 8 \n \nConventionnement des mandataires judiciaires de \nla protection des majeurs, personnes physiques, \nrelatif \u00e0 leur r\u00e9mun\u00e9ration relevant de la part \u00c9tat \n; \nArr\u00eat\u00e9s d'autorisation de cr\u00e9ation, d'extension et \nde transformation de services tut\u00e9laires ; \nArr\u00eat\u00e9s de tarification des prestations fournies par \nles services tut\u00e9laires ; \nContr\u00f4le et approbation des documents \nbudg\u00e9taires et des d\u00e9lib\u00e9rations ; \nM\u00e9moires en r\u00e9ponse au contentieux de la \ntarification ; \nExercice des missions de tutelle et de contr\u00f4le : \ninspections, contr\u00f4les et pouvoir d'injonctions \nmajeurs et de l'activit\u00e9 de \nd\u00e9l\u00e9gu\u00e9 aux prestations \nfamiliales \n \nArticles L.313-1 \u00e0 L.313-10, \narticles L.313-13 et L.313-14 \ndu code de l'action sociale \net des familles \nArticles L. 314-1 et L.314-2 du \ncode de l'action sociale et \ndes familles \nArticle L 351.1 du code de \nl'action sociale t des familles \nArticles L 331-1 \u00e0 L 331-9 du \ncode de l'action sociale et \ndes familles \nDroits des \npersonnes \nhandicap\u00e9es  \nD\u00e9livrance des cartes de stationnement aux \norganismes utilisant un v\u00e9hicule destin\u00e9 au \ntransport collectif des personnes handicap\u00e9es \nArticles  L.241-3-2 et R.241-18 \ndu code de l'action sociale \net des familles \n \nM\u00e9moires en r\u00e9ponse pour les contentieux form\u00e9s \ndevant le tribunal administratif et relatifs \u00e0 \nl'attribution des cartes de stationnement aux \npersonnes handicap\u00e9es  \nArticles L 111 -7 et R.111-18 et \nsuivants du code de la \nconstruction et de \nl'habitation  \nCMCR \nOrganisation et fonctionnement des comit\u00e9s \nm\u00e9dicaux et des commissions de r\u00e9forme aux \nconditions d'aptitude physique pour l'admission \naux emplois publics et au r\u00e9gime de cong\u00e9s de \nmaladie des fonctionnaires \nArticles 6 et 12 du d\u00e9cret \nn\u00b086-442 du 14 mars 1986 \nmodifi\u00e9 relatif \u00e0 la \nd\u00e9signation des m\u00e9decins \nagr\u00e9\u00e9s, \u00e0 l'organisation des \ncomit\u00e9s m\u00e9dicaux et des \ncommissions de r\u00e9forme, \naux conditions d'aptitude \nphysique pour l'admission \naux emplois publics et au \nr\u00e9gime de cong\u00e9s de \nmaladie des fonctionnaires \nSalaires et \nconseillers des \nsalari\u00e9s \nD\u00e9cision relative au remboursement \u00e0 l'employeur \nde l'allocation compl\u00e9mentaire servie aux salari\u00e9s \nb\u00e9n\u00e9ficiant de la r\u00e9mun\u00e9ration mensuelle minimale \nArticles L.3232-7 et L.3232-8, \nR.3232-3 et R.3232-4 du \ncode du travail \nD\u00e9cision relative au paiement direct aux salari\u00e9s de \nl'allocation compl\u00e9mentaire servie aux salari\u00e9s \nb\u00e9n\u00e9ficiant de la r\u00e9mun\u00e9ration mensuelle minimale \nArticles L.3232-7 et L.3232-8, \nR.3232-6 du code du travail \nArr\u00eat\u00e9 fixant la liste des conseillers des salari\u00e9s Articles D.1232-4 et - \nD.12325 du code du travail \nD\u00e9cision en mati\u00e8re de remboursement des frais de \nd\u00e9placement (r\u00e9els ou forfaitaires) expos\u00e9s par les \nconseillers du salari\u00e9 \nArticles D. 1232-7 et D. 1232-\n8 du code du travail \n \nD\u00e9cision en mati\u00e8re de remboursement aux \nemployeurs des salaires maintenus aux conseillers \ndu salari\u00e9 pour l'exercice de leur mission \n \nArticle L.1232-11 du code du \ntravail ; \nDirection r\u00e9gionale et interd\u00e9partementale de l'\u00e9conomie, de l'emploi, du travail et des solidarit\u00e9s d'\u00cele-de-France -\nIDF-2025-06-13-00001 - D\u00e9cision n\u00b0 2025-110 du 13 juin 2025 portant subd\u00e9l\u00e9gation de signature de Monsieur Marc Rohfritsch,\nDirecteur r\u00e9gional et interd\u00e9partemental de l'\u00c9conomie, de l'Emploi, du Travail et des Solidarit\u00e9s d'\u00cele-de-France\npar int\u00e9rim, aux agents de l'unit\u00e9 d\u00e9partementale des Hauts-de-Seine\n6\n4 / 8 \n \nJeunes de moins de \n18 ans \nD\u00e9livrance, renouvellement, suspension, retrait de \nl'agr\u00e9ment des caf\u00e9s et brasseries pour employer ou \nrecevoir en stage des jeunes de 16 \u00e0 18 ans suivant \nune formation en alternance \nArticles L.4153-6, R.4153-8 et \nR.4153-12 du code du travail, \narticle L.2336-4 du code de \nla sant\u00e9 publique \nD\u00e9livrance, retrait des autorisations individuelles \nd'emploi des enfants dans les spectacles, les \nprofessions ambulantes et comme mannequins dans \nla publicit\u00e9 et la mode \nArticle L.7124-1 du code du \ntravail \nFixation de la r\u00e9partition de la r\u00e9mun\u00e9ration per\u00e7ue \npar l'enfant, employ\u00e9 dans les spectacles, les \nprofessions ambulantes ou comme mannequins \ndans la publicit\u00e9 et la mode, entre ses repr\u00e9sentants \nl\u00e9gaux et le p\u00e9cule, autorisation de pr\u00e9l\u00e8vement \nArticle L.7124-9 du code du \ntravail \nConciliation Proc\u00e9dure de conciliation \nArticles L.2522-4 et R.2522-1 \n\u00e0 R.2522-21 du code du \ntravail \nActivit\u00e9 partielle \nD\u00e9cisions relatives au placement en activit\u00e9 partielle \net \u00e0 son indemnisation. M\u00e9moires en d\u00e9fense relatifs \n\u00e0 l'activit\u00e9 partielle de droit commun. \nArt. L.5122-1 et 2, \nR.5122-1 \u00e0 29 \nAgence de \nmannequins \nAttribution, renouvellement, suspension, retrait de \nla licence d'agence de mannequins \nArticles L.7123-14 et \nR.7123-8 \u00e0 -17 du CT \nApprentissage et \nAlternance \nD\u00e9cision d'opposition \u00e0 l'engagement d'apprentis et \n\u00e0 la poursuite des contrats en cours \nArticles L6223-1 et \nL6225-1 \u00e0 L6225-3, \nR6223-16 et R6225-4 \u00e0 \nR6225-8 du CT \nEmploi \n \nConvention conclue avec des entreprises de moins \nde 300 salari\u00e9s pour- faire proc\u00e9der \u00e0 une \u00e9tude de \nsituation en termes d'\u00e9galit\u00e9 professionnelle \nArticle R. 1143-1 du code du \ntravail \nConventions FNE, notamment : d'allocation \ntemporaire d\u00e9gressive, d'allocation sp\u00e9ciale, de \ncong\u00e9 de conversion, de cellule de reclassement, de \nformation et d'adaptation, cessation d'activit\u00e9 de \ncertains travailleurs salari\u00e9s \nArticles L.5111-1 \u00e0 \nL.5111-3, L.5123-1 \u00e0 \nL.5123-9, L.1233-1, \nL.1233-3, L.1233-4, \nR.5112-11, et L.5124-1, \nR.5123-3 et R.5111-1 et \nR.5111-2, R. 5123-1 \u00e0 R \n5123-41 du code du travail, \ncirculaires DGEFP n\u00b02004-\n004 du 30 juin 2004 et \nn\u00b02008-09 du 19 juin 2008 \nD\u00e9cision d'agr\u00e9ment des accords et conventions \nd'aide \u00e0 l'adaptation des salari\u00e9s aux \u00e9volutions de \nl'emploi \nArticles L.5121-4 et 5 et \nR.5121-14 \u00e0 R. 5121-18 du \ncode du travail \nConvention d'appui \u00e0 l'\u00e9laboration d'un plan de \ngestion pr\u00e9visionnelle de l'emploi et des \ncomp\u00e9tences pour pr\u00e9parer les entreprises \u00e0 la \nGPEC \nArticles L.5121-3, \nD.5121-4 \u00e0 D.5121- \n13 du code du travail \nConvention d'engagement de d\u00e9veloppement de \nl'emploi et des comp\u00e9tences \nArticles L.5121-1, \nL.5121-23, D.5121-1 \u00e0 D.5121-\nDirection r\u00e9gionale et interd\u00e9partementale de l'\u00e9conomie, de l'emploi, du travail et des solidarit\u00e9s d'\u00cele-de-France -\nIDF-2025-06-13-00001 - D\u00e9cision n\u00b0 2025-110 du 13 juin 2025 portant subd\u00e9l\u00e9gation de signature de Monsieur Marc Rohfritsch,\nDirecteur r\u00e9gional et interd\u00e9partemental de l'\u00c9conomie, de l'Emploi, du Travail et des Solidarit\u00e9s d'\u00cele-de-France\npar int\u00e9rim, aux agents de l'unit\u00e9 d\u00e9partementale des Hauts-de-Seine\n7\n5 / 8 \n3 du code du travail \nD\u00e9cision d'opposition \u00e0 la qualification d'emplois \nmenac\u00e9s pr\u00e9vue aux articles L.2242-16 et L.2242-17 \nArticles D.2241-3 et \nD.2241-4 du code du travail \nDispositif local d'accompagnement \u2013 DLA \nArticle 61 de la loi n\u00b02014-\n856 du 31 juillet 2014 relative \n\u00e0 l'\u00e9conomie sociale et \nsolidaire et d\u00e9cret n\u00b02015-\n1103 du 1er septembre 2015 \nrelatif au dispositif local \nd'accompagnement ; \nAttribution, extension, renouvellement, retrait \nd'agr\u00e9ment d'une association ou d'une entreprise \nde services \u00e0 la personne \nArticles L.7232-1 et suivants \ndu code du travail \nConventionnement des missions locales Articles L. 5314-1 \u00e0 L. \n5314-4 du code du travail \nConventions relatives \u00e0 l'insertion par l'activit\u00e9 \n\u00e9conomique \nArticles L.5132-2 et \nL.5132-4, L.5132-, L.5132-5, \nL.5132-7, L.5132-8, L.5132-15, \nL.5132-16, R. 5132-4 \u00e0 R. \n5132-6, R. 5132-15 et R. 5132-\n16, R.5132-22, R. 5132-23, R. \n5132-32 et R.5132-33, R. \n5132-36, R. 5132- 38 \u00e0 \nR.5132-47 du code du travail \nD\u00e9cision d'admission \u00e0 titre conservatoire ou \u00e0 titre \nd\u00e9rogatoire, de prolongation, de suspension ou de \nsuppression de la garantie jeunes \nArticles L.5131-5, \nL.5131-6, R.5131-17 et R.5131-\n18 du code du travail \nAttribution, extension, renouvellement et retrait \nd'agr\u00e9ment \u00ab entreprises solidaires d'utilit\u00e9 sociale \u00bb \nArticle R 3332- 21-3 du code \ndu travail \nAgr\u00e9ment de reconnaissance de la qualit\u00e9 de \nsoci\u00e9t\u00e9 coop\u00e9rative ouvri\u00e8re et de production \n(SCOP) \nLoi n\u00b0 47-1775 du 19/09/47, \nLoi 78-763 du 19/07/78, loi n\u00b0 \n92-643 du 13/07/92,  \nD\u00e9cret n\u00b0 87-276 du \n16/04/87,  \nD\u00e9cret du 10/02/02,  \nCirculaire DGEFP 2002-53 du \n10/12/02 et 2003-04 du \n04/03/03 \nToutes d\u00e9cisions relatives aux conventions de \npromotion de l'emploi incluant les \naccompagnements des contrats en alternance pour \nGEIQ \nArticle D6325-24 du code du \ntravail, \nCirculaire DGEFP \n97.08 du 25/04/97 \nD\u00e9cret n\u00b02015-998 du \n17/08/2015 \nTravailleurs en \nsituation de \nhandicap \nSanction administrative pour non-respect des \nobligations d'emploi \nArticles L.5212-12 et \nR.5212-31 du code du travail \nObligation d'emploi et versement d'une \ncontribution annuelle \nArticles R.5212-1 \u00e0  \nR.5212-11 et R.5212_19 \u00e0 \nR.5212- \n31 du CT \nAgr\u00e9ment des accords de groupe, d'entreprise ou \nd'\u00e9tablissement en faveur des travailleurs \nArticles L.5212-8 et \nR.5212-15 du code du travail \nDirection r\u00e9gionale et interd\u00e9partementale de l'\u00e9conomie, de l'emploi, du travail et des solidarit\u00e9s d'\u00cele-de-France -\nIDF-2025-06-13-00001 - D\u00e9cision n\u00b0 2025-110 du 13 juin 2025 portant subd\u00e9l\u00e9gation de signature de Monsieur Marc Rohfritsch,\nDirecteur r\u00e9gional et interd\u00e9partemental de l'\u00c9conomie, de l'Emploi, du Travail et des Solidarit\u00e9s d'\u00cele-de-France\npar int\u00e9rim, aux agents de l'unit\u00e9 d\u00e9partementale des Hauts-de-Seine\n8\n6 / 8 \nhandicap\u00e9s \nSubvention d'installation d'un travailleur handicap\u00e9 \nArticles R.5213-52, \nD.5213-53 \u00e0 D.5213- \n61 du code du travail \nAides financi\u00e8res pour l'adaptation du lieu de travail \net pour le renforcement de l'encadrement des \ntravailleurs handicap\u00e9s \nArticles L.5213-10 ; \nR.5213.33 \u00e0 \nR.5213.38 du code du travail \nActivit\u00e9 partielle \nde longue dur\u00e9e \n \nD\u00e9cision de validation ou de refus de validation des \naccords collectifs d'activit\u00e9 partielle de longue \ndur\u00e9e, d\u00e9cision d'homologation ou de refus \nd'homologation des documents unilat\u00e9raux \nd'activit\u00e9 partielle de longue dur\u00e9e \nArticle 53 de la loi n\u00b02020-\n734 du 17 juin 2020 relative \n\u00e0 diverses dispositions li\u00e9es \u00e0 \nla crise sanitaire, \u00e0 d'autres \nmesures urgentes ainsi qu'au \nretrait du Royaume-Uni de \nl'Union europ\u00e9enne ; \n  \nArticles 2 et 5 du d\u00e9cret \nn\u00b02020-926 du 28 juillet \n2020 relatif au dispositif \nsp\u00e9cifique d'activit\u00e9 \npartielle en cas de r\u00e9duction \nd'activit\u00e9 durable ; \n \nArticle R. 5122-4 du code du \ntravail \nD\u00e9cision d'autorisation de renouvellement ou de \nrefus de renouvellement de la d\u00e9cision de validation \nde l'accord ou d'homologation du document \nd'activit\u00e9 partielle de longue dur\u00e9e. \nD\u00e9cision d'autorisation de renouvellement ou de \nrefus de renouvellement de la d\u00e9cision de validation \nde l'accord ou d'homologation du document \nd'activit\u00e9 partielle de longue dur\u00e9e \nD\u00e9cision de retrait d'autorisation de placement en \nactivit\u00e9 partielle de longue dur\u00e9e  \nM\u00e9moires en d\u00e9fense relatifs \u00e0 l'activit\u00e9 partielle de \nlongue dur\u00e9e. \n \n \n \n \n \nActivit\u00e9 partielle \nde longue dur\u00e9e \nrebond (APLD-R) \n \nD\u00e9cisions d'autorisations et de renouvellements \nd'autorisations d'APLD-R \nArticle 193 de la loi n\u00b0 2025-\n127 du 14 f\u00e9vrier 2025 de \nfinances pour 2025  \n \nArticles 8 \u00e0 11 et 19 \u00e0 22 du \nd\u00e9cret n\u00b0 2025-338 du 14 \navril 2025 relatif au dispositif \nd'activit\u00e9 partielle de longue \ndur\u00e9e rebond \n \nArticles L242-1, L241-2, L242-\n2 du Code des relations \nentre le public et \nl'administration \n \nArticle R5122-10 du code du \ntravail \nD\u00e9cisions de refus d'APLD-R \nD\u00e9cisions de retrait d'APLD-R et demandes de \nremboursement \nM\u00e9moires en d\u00e9fense relatifs \u00e0 l'APLD-R \n \n \nArticle 2 \n \nEn cas d'absence ou d'emp\u00eachement de Azadeh AKRAMI-CASTANON, la subd\u00e9l\u00e9gation de signature \nsera exerc\u00e9e par : \n \n- Gwena\u00eblle BOISARD, directrice adjointe de l'unit\u00e9 d\u00e9partementale ; \n- Val\u00e9rie GUERN, responsable du p\u00f4le \u00ab \u00e9conomie, emploi, solidarit\u00e9s \u00bb ; \n- J\u00e9r\u00f4me SAJOT, responsable du p\u00f4le \u00ab politique du Travail \u00bb. \n \nDirection r\u00e9gionale et interd\u00e9partementale de l'\u00e9conomie, de l'emploi, du travail et des solidarit\u00e9s d'\u00cele-de-France -\nIDF-2025-06-13-00001 - D\u00e9cision n\u00b0 2025-110 du 13 juin 2025 portant subd\u00e9l\u00e9gation de signature de Monsieur Marc Rohfritsch,\nDirecteur r\u00e9gional et interd\u00e9partemental de l'\u00c9conomie, de l'Emploi, du Travail et des Solidarit\u00e9s d'\u00cele-de-France\npar int\u00e9rim, aux agents de l'unit\u00e9 d\u00e9partementale des Hauts-de-Seine\n9\n7 / 8 \n \nEt dans la limite de leurs attributions, par : \n \n- Lolita REINA-RICO, adjointe au responsable du p\u00f4le \u00ab politique du Travail \u00bb ; \n- Nathalie LASMARRIGUES-MARQUIS, responsable du d\u00e9partement \u00ab  protection et \ninsertion des adultes \u00bb ; \n- D\u00e9borah GILBERT, responsable du d\u00e9partement \u00ab  protection et insertion des \njeunes et des primo-arrivants \u00bb ; \n- Isabelle CHABBERT , responsable du d\u00e9partement \u00ab accompagnement  des \nentreprises \u00bb ; \n- Mariama COND \u00c9, responsable du service  \u00ab d\u00e9veloppement de l'emploi et des \ncomp\u00e9tences \u00bb ; \n- St\u00e9phanie MEDARD, responsable du service \u00ab  protection de l'enfance et \nint\u00e9gration \u00bb ; \n- Nadia BOURAS, responsable du service \u00ab protection des majeurs vuln\u00e9rables \u00bb ; \n- Julien KERLEAU, responsable du service \u00ab restructurations \u00bb. \n \nArticle 3 \n \nSont exclus de la d\u00e9l\u00e9gation consentie \u00e0 l'article 1 du pr\u00e9sent arr\u00eat\u00e9 : \n \n\u2212 Les arr\u00eat\u00e9s ayant un caract\u00e8re r\u00e9glementaire de port\u00e9e g\u00e9n\u00e9rale ; \n\u2212 Les circulaires et instructions g\u00e9n\u00e9rales adress\u00e9es aux maires du d\u00e9partement ;  \n\u2212 Les conventions avec les collectivit\u00e9s territoriales et leurs \u00e9tablissements publics ;  \n\u2212 Les m\u00e9moires en d\u00e9fense, pr\u00e9sent\u00e9s au nom de l'\u00c9tat \u00e0 l'occasion des recours form\u00e9s devant \nles juridictions administratives et n\u00e9s de l'activit\u00e9 de l'Unit\u00e9 d\u00e9partementale des  Hauts-de-\nSeine de la direction r\u00e9gionale et interd\u00e9partementale de l'\u00e9conomie, de l'emploi, du travail \net des solidarit\u00e9s d'Ile-de-France sauf en ce qui concerne les comp\u00e9tences propres exerc\u00e9es \npar le Directeur r\u00e9gional et interd\u00e9partemental de l'\u00e9conomie , de l'emploi, du travail et des \nsolidarit\u00e9s en mati\u00e8re d'inspection de la l\u00e9gisl ation du travail ainsi que dans les cas de \nproc\u00e9dure d'urgence pr\u00e9vus par le livre V du code de la justice administrative ;  \n\u2212 Les correspondances avec les parlementaires, les anciens ministres, le pr\u00e9sident du conseil \nr\u00e9gional, le pr\u00e9sident du conseil d\u00e9partemental, les conseillers r\u00e9gionaux et d\u00e9partementaux, \nles pr\u00e9sidents des associations des maires et les maires. \n \nPar ailleurs, une copie de toutes correspondances avec les autres \u00e9lus, ainsi que celles concernant le \ncontr\u00f4le de l\u00e9galit\u00e9 et les m\u00e9moires produits dans le cadre des proc\u00e9dures d'urgence susmentionn\u00e9s, \nsera adress\u00e9e en m\u00eame temps au pr\u00e9fet des Hauts-de-Seine. \n \nArticle 4 \n \nUne copie de cette d\u00e9cision de subd\u00e9l\u00e9gation sera adress\u00e9e au pr\u00e9fet des Hauts-de-Seine. \n \nArticle 5 \n \nLa d\u00e9cision n\u00b0 2025-064 du 1er avril 2025 est abrog\u00e9e. \n \n \n \n \nDirection r\u00e9gionale et interd\u00e9partementale de l'\u00e9conomie, de l'emploi, du travail et des solidarit\u00e9s d'\u00cele-de-France -\nIDF-2025-06-13-00001 - D\u00e9cision n\u00b0 2025-110 du 13 juin 2025 portant subd\u00e9l\u00e9gation de signature de Monsieur Marc Rohfritsch,\nDirecteur r\u00e9gional et interd\u00e9partemental de l'\u00c9conomie, de l'Emploi, du Travail et des Solidarit\u00e9s d'\u00cele-de-France\npar int\u00e9rim, aux agents de l'unit\u00e9 d\u00e9partementale des Hauts-de-Seine\n10\n8 / 8 \n \nArticle 6 \n \nLe Directeur r\u00e9gional et interd\u00e9partemental de l'\u00e9conomie, de l'emploi, du travail et des solidarit\u00e9s \nd'\u00cele-de-France, et les subd\u00e9l\u00e9gataires mentionn\u00e9s  ci-dessus, sont charg\u00e9s, chacun  en ce qui l e \nconcerne, de l'ex\u00e9cution de la pr\u00e9sente d\u00e9cision qui sera publi\u00e9e aux recueils des actes administratifs \nde la pr\u00e9fecture de la r\u00e9gion et de la pr\u00e9fecture des Hauts-de-Seine. \n \n \nFait \u00e0 Aubervilliers, le 13 juin 2025 \n \nPour le Pr\u00e9fet et par d\u00e9l\u00e9gation, \nLe Directeur r\u00e9gional et interd\u00e9partemental de \nl'\u00e9conomie, de l'emploi, du travail et des solidarit\u00e9s \nd'\u00cele-de-France par int\u00e9rim, \n \n \n  SIGN\u00c9 \n \n \n Marc ROHFRITSCH \n \nDirection r\u00e9gionale et interd\u00e9partementale de l'\u00e9conomie, de l'emploi, du travail et des solidarit\u00e9s d'\u00cele-de-France -\nIDF-2025-06-13-00001 - D\u00e9cision n\u00b0 2025-110 du 13 juin 2025 portant subd\u00e9l\u00e9gation de signature de Monsieur Marc Rohfritsch,\nDirecteur r\u00e9gional et interd\u00e9partemental de l'\u00c9conomie, de l'Emploi, du Travail et des Solidarit\u00e9s d'\u00cele-de-France\npar int\u00e9rim, aux agents de l'unit\u00e9 d\u00e9partementale des Hauts-de-Seine\n11\nDirection r\u00e9gionale et interd\u00e9partementale de\nl'\u00e9conomie, de l'emploi, du travail et des\nsolidarit\u00e9s d'\u00cele-de-France\nIDF-2025-06-13-00003\nD\u00e9cision n\u00b0 2025-111 du 13 juin 2025\nportant d\u00e9l\u00e9gation de signature du directeur\nr\u00e9gional et interd\u00e9partemental de l'\u00e9conomie,\nde l'emploi, du travail et des solidarit\u00e9s aux\nagents de l'unit\u00e9 d\u00e9partementale de Paris\nDirection r\u00e9gionale et interd\u00e9partementale de l'\u00e9conomie, de l'emploi, du travail et des solidarit\u00e9s d'\u00cele-de-France -\nIDF-2025-06-13-00003 - D\u00e9cision n\u00b0 2025-111 du 13 juin 2025\nportant d\u00e9l\u00e9gation de signature du directeur r\u00e9gional et interd\u00e9partemental de l'\u00e9conomie, de l'emploi, du travail et des solidarit\u00e9s\naux agents de l'unit\u00e9 d\u00e9partementale de Paris\n12\nPREFET |DE LA REGIOND'\u00ceLE-DE-FRANCELibert\u00e9Egalit\u00e9Fraternit\u00e9\n \nDRIEETS d'Ile-de-France \n21 rue Madeleine Vionnet - 93300 Aubervilliers \nhttp://idf.drieets.gouv.fr/ \n \n \n \nDirection r\u00e9gionale et interd\u00e9partementale \nde l'\u00e9conomie, de l'emploi, \ndu travail et des solidarit\u00e9s \n \n \n \n \n \nD\u00c9CISION n\u00b0 2025-111 du 13 juin 2025  \n \nPortant d\u00e9l\u00e9gation de signature du directeur r\u00e9gional et interd\u00e9partemental de l'\u00e9conomie, de l'emploi, \ndu travail et des solidarit\u00e9s aux agents de l'unit\u00e9 d\u00e9partementale de Paris \n \nMINIST\u00c8RE DU TRAVAIL, DE LA SANT\u00c9, DES \nSOLIDARIT\u00c9S ET DES FAMILLES \nMINIST\u00c8RE DE L'\u00c9CONOMIE ET DES FINANCES ET DE \nL'INDUSTRIE \n \nDIRECTION REGIONALE ET INTERDEPARTEMENTALE \nDE L'\u00c9CONOMIE, DE L'EMPLOI, DU TRAVAIL ET DES SOLIDARIT\u00c9S D'ILE DE FRANCE  \n \n \n \nLe directeur r\u00e9gional et interd\u00e9partemental de l'\u00e9conomie, de l'emploi, du travail et des solidarit\u00e9s \nd'\u00cele-de- France, \n \nVu le code du travail, le code rural et de la p\u00eache maritime, le code de l'\u00e9ducation, le code de la \ns\u00e9curit\u00e9 sociale, le code du commerce et le code de la consommation, \n \nVu la loi du 4 juillet 1837 relative aux poids et mesures, \n \nVu le d\u00e9cret n\u00b0 2001-387 du 3 mai 2001 modifi\u00e9 relatif au contr\u00f4le des instruments de mesure, \n \nVu le d\u00e9cret n\u00b0 2010-687 du 24 juin 2010 relatif \u00e0 l'organisation et aux missions des services de l'\u00c9tat \ndans la r\u00e9gion et les d\u00e9partements d'Ile-de-France, \n \nVu le d\u00e9cret n\u00b0 2020-1545 du 9 d\u00e9cembre 2020 relatif \u00e0 l'organisation et aux missions des directions \nr\u00e9gionales de l'\u00e9conomie, de l'emploi, du travail et des solidarit\u00e9s, des directions d\u00e9partementales de \nl'emploi, du travail et des solidarit\u00e9s et des directions d\u00e9partementales de l'emploi, du travail, des \nsolidarit\u00e9s et de la protection des populations, \n \nVu l'arr\u00eat\u00e9 interminist\u00e9riel du 23 d\u00e9cembre 2022 nommant Madame Martine BAUDOIN , directrice \nadjointe de l'unit\u00e9 d\u00e9partementale de Paris, \n \nVu l'arr\u00eat\u00e9 interminist\u00e9riel du 20 mars 2025 nommant Marc ROHFRITSCH directeur r\u00e9gional et \ninterd\u00e9partemental de l'\u00e9conomie, de l'emploi, du travail et des solidarit\u00e9s d'\u00cele -de-France par int\u00e9rim, \n \nVu l'arr\u00eat\u00e9 interminist\u00e9riel du 15 mai 2025 nommant Monsieur Riad BOUHAFS, directeur r\u00e9gional et \ninterd\u00e9partemental adjoint de l'\u00e9conomie, de l'emploi, du travail et des solidarit\u00e9s d'\u00cele -de-France, sur \nl'emploi de directeur de l'unit\u00e9 d\u00e9partementale du Paris, \nDirection r\u00e9gionale et interd\u00e9partementale de l'\u00e9conomie, de l'emploi, du travail et des solidarit\u00e9s d'\u00cele-de-France -\nIDF-2025-06-13-00003 - D\u00e9cision n\u00b0 2025-111 du 13 juin 2025\nportant d\u00e9l\u00e9gation de signature du directeur r\u00e9gional et interd\u00e9partemental de l'\u00e9conomie, de l'emploi, du travail et des solidarit\u00e9s\naux agents de l'unit\u00e9 d\u00e9partementale de Paris\n13\n2 / 6 \n  \n \n \n \nD\u00c9CIDE \n \n \nArticle 1 \n \nD\u00e9l\u00e9gation permanente est donn\u00e9e \u00e0 Riad BOUHAFS, directeur de l'unit\u00e9 d\u00e9partementale de Paris, \u00e0 \neffet de signer, au nom du directeur r\u00e9gional et interd\u00e9partemental de l'\u00e9conomie, de l'emploi, du \ntravail et des solidarit\u00e9s d'Ile de France, les d\u00e9cisions mentionn\u00e9es \u00e0 l'article 2. \n \nArticle 2 \n \nSujet Pouvoir R\u00e9f\u00e9rence \nAnticipation n\u00e9goci\u00e9e des \nmutations \u00e9conomiques \nAvis sur la proc\u00e9dure et observations sur les \nmesures sociales pour les proc\u00e9dures ouvertes \npar les entreprises non soumises \u00e0 l'obligation \nd'\u00e9tablir un PSE. \nArticle L 1233-56 \ndu code du travail \nAnticipation n\u00e9goci\u00e9e des \nmutations \u00e9conomiques \nAvis sur la proc\u00e9dure et observations sur le PSE \npour les proc\u00e9dures ouvertes par les \nentreprises soumises \u00e0 l'obligation d'\u00e9tablir un \nPSE. \nArticles L 1233-57 et \nL 1233-57-6 du \ncode du travail \nAnticipation n\u00e9goci\u00e9e des \nmutations \u00e9conomiques \nD\u00e9cision de validation ou de refus de validation \nde l'accord collectif sign\u00e9 en application de \nl'article 1233-24-1 du code du travail \nArticles L 1233-57-1, L \n1233-57-4, L 1233-57-\n2, \nL 1233-58 du code \ndu travail \nAnticipation n\u00e9goci\u00e9e des \nmutations \u00e9conomiques \nD\u00e9cision d'homologation ou de refus \nd'homologation du document unilat\u00e9ral pris en \napplication de l'article L 1233- 24-4 du code du \ntravail \nArticles L 1233-57-1, L \n1233-57-4,L 1233-57-\n3, \nL 1233-58 du code \ndu travail \nAnticipation n\u00e9goci\u00e9e des \nmutations \u00e9conomiques \nInjonction prise sur demande formul\u00e9e par le \nCSE, ou, lorsqu'il n'existe pas, par le CE ou, \u00e0 \nd\u00e9faut, les DP ou, en cas de n\u00e9gociation d'un \naccord L 1233-24-1 du code du travail, par les OS \nrepr\u00e9sentatives de l'entreprises. \nArticles L 1233-57-5 \net D 1233-12 du \ncode du travail \nAnticipation n\u00e9goci\u00e9e des \nmutations \u00e9conomiques \nD\u00e9cision relative \u00e0 la contestation portant sur \nl'expertise unique r\u00e9alis\u00e9e dans le cadre de \nl'article L.1233-34 du code du travail. \nArticle L1233-35-\n1et Article R1233-\n3-3 du code du \ntravail \nAnticipation n\u00e9goci\u00e9e des \nmutations \u00e9conomiques \nD\u00e9cision de validation ou de refus de validation \nde l'accord portant rupture conventionnelle \ncollective sign\u00e9 en application de l'article L \n1237-19 du code du travail \nArticles L 1237-19-3, L \n1237-19-4, L 1237-19-\n5, \nL 1237-19-6, D 1237-9, \nD 1237-10 et \nsuivants du code du \ntravail \nEgalit\u00e9 professionnelle D\u00e9cision d'opposition \u00e0 un plan pour l'\u00e9galit\u00e9 \nprofessionnelle \nArticles L 1143-3 \net D 1143-6 du \nDirection r\u00e9gionale et interd\u00e9partementale de l'\u00e9conomie, de l'emploi, du travail et des solidarit\u00e9s d'\u00cele-de-France -\nIDF-2025-06-13-00003 - D\u00e9cision n\u00b0 2025-111 du 13 juin 2025\nportant d\u00e9l\u00e9gation de signature du directeur r\u00e9gional et interd\u00e9partemental de l'\u00e9conomie, de l'emploi, du travail et des solidarit\u00e9s\naux agents de l'unit\u00e9 d\u00e9partementale de Paris\n14\n3 / 6 \n  \ncode du travail \nEgalit\u00e9 professionnelle \nD\u00e9cision appr\u00e9ciant la conformit\u00e9 d'un accord \nd'entreprise ou d'un plan d'action aux \ndispositions de l'article L. 2242-8 du code du \ntravail \nArticles L 2242-9 et \nR 2242-10 du code \ndu travail \nDur\u00e9e du travail \nD\u00e9cisions accordant ou refusant d'accorder une \nd\u00e9rogation \u00e0 la dur\u00e9e maximale hebdomadaire \nabsolue du travail \nArticles L 3121-21 et \nR 3121-10 du code \ndu travail \nDur\u00e9e du travail \nD\u00e9cisions accordant ou refusant d'accorder une \nd\u00e9rogation \u00e0 la dur\u00e9e maximale hebdomadaire \nmoyenne du travail \nArticles L 3121-24, L \n3121-25, R 3121-11 et \nR 3121-16 du code \ndu travail \nDur\u00e9e du travail \nD\u00e9cisions accordant ou refusant d'accorder une \nd\u00e9rogation \u00e0 la dur\u00e9e maximale hebdomadaire \nmoyenne du travail pour une entreprise ou pour \nune activit\u00e9 dans le d\u00e9partement \nArticles L 713-13, R 713- \n12 et R 713-14 du \ncode rural \nDur\u00e9e du travail \nD\u00e9cisions accordant ou refusant d'accorder une \nd\u00e9rogation \u00e0 la dur\u00e9e maximale hebdomadaire \nabsolue du travail pour une entreprise ou pour \nune activit\u00e9 dans le d\u00e9partement \nArticles L 713-13, R \n713-12 et R 713-13 \ndu code rural \nDur\u00e9e du travail \nD\u00e9cision d\u00e9signant les membres de la \ncommission institu\u00e9e aupr\u00e8s des caisses de \ncong\u00e9s pay\u00e9s du b\u00e2timent et des travaux publics \nArticle D 3141 35 \ndu code du travail \nSant\u00e9 et s\u00e9curit\u00e9 au \ntravail \nD\u00e9cisions accordant ou refusant d'accorder des \nd\u00e9rogations \n\u00e0 l'interdiction de recourir \u00e0 des salari\u00e9s sous \ncontrat \u00e0 dur\u00e9e d\u00e9termin\u00e9e pour certains travaux \nparticuli\u00e8rement dangereux \nArticles L 1242-6 et \nD 1242-5 du code \ndu travail \nSant\u00e9 et s\u00e9curit\u00e9 au \ntravail \nD\u00e9cisions accordant ou refusant d'accorder des \nd\u00e9rogations \u00e0 l'interdiction de recourir au travail \ntemporaire pour certains travaux \nparticuli\u00e8rement dangereux \nArticles L 1251-10 et \nD 1251-2 du code \ndu travail \nSant\u00e9 et s\u00e9curit\u00e9 au \ntravail \nD\u00e9cision autorisant ou refusant d'autoriser ou \nretirant une d\u00e9cision d'autorisation d'employer \ndes salari\u00e9s titulaires d'un contrat \u00e0 dur\u00e9e \nd\u00e9termin\u00e9e ou des salari\u00e9s temporaires pour \naccomplir des travaux exposant \u00e0 certains agents \nchimiques dangereux \nArticles L 4154-1 et \nD 4154-3 \u00e0 D 4154-\n6 du code du \ntravail \nSant\u00e9 et s\u00e9curit\u00e9 au \ntravail \nD\u00e9cision accordant ou refusant d'accorder les \nd\u00e9rogations aux dispositions des articles R. 4533-\n2 \u00e0 R. 4533-4 (voies et r\u00e9seaux divers de chantiers \nde construction) \nArticles R 4533-6 et \nR 4533-7 du code \ndu travail \nSant\u00e9 et s\u00e9curit\u00e9 au \ntravail \nMise en demeure de prendre des mesures pour \nrem\u00e9dier \u00e0 une situation dangereuse r\u00e9sultant \nd'une infraction aux dispositions des articles L. \n4121-1 \u00e0 L. 4121-5, L. 4522-1 et L. 4221-1 \nArticle L 4721-1 du \ncode du travail \nSant\u00e9 et s\u00e9curit\u00e9 au \ntravail \nD\u00e9cision prise sur recours hi\u00e9rarchique form\u00e9 \ncontre une demande d'analyse de produits \nfaite en application de l'article R 4722-10 \nArticle R 4723-5 du \ncode du travail \nSant\u00e9 et s\u00e9curit\u00e9 au \ntravail \nD\u00e9cision approuvant ou n'approuvant pas l'\u00e9tude \nde s\u00e9curit\u00e9. D\u00e9cision demandant au chef \nArticle R 4462-30 \ndu code du travail \nDirection r\u00e9gionale et interd\u00e9partementale de l'\u00e9conomie, de l'emploi, du travail et des solidarit\u00e9s d'\u00cele-de-France -\nIDF-2025-06-13-00003 - D\u00e9cision n\u00b0 2025-111 du 13 juin 2025\nportant d\u00e9l\u00e9gation de signature du directeur r\u00e9gional et interd\u00e9partemental de l'\u00e9conomie, de l'emploi, du travail et des solidarit\u00e9s\naux agents de l'unit\u00e9 d\u00e9partementale de Paris\n15\n4 / 6 \n  \nd'\u00e9tablissement d'effectuer ou de faire effectuer \ndes essais compl\u00e9mentaires \nSant\u00e9 et s\u00e9curit\u00e9 au \ntravail \nD\u00e9cision approuvant ou n'approuvant pas l'\u00e9tude \nde s\u00e9curit\u00e9. D\u00e9cision demandant au chef \nd'\u00e9tablissement d'effectuer ou de faire effectuer \ndes essais compl\u00e9mentaires \nArticle 8 du d\u00e9cret du \n26 octobre 2005 \nrelatif aux chantiers \nde d\u00e9pollution \npyrotechnique \nSant\u00e9 et s\u00e9curit\u00e9 au \ntravail \nD\u00e9cision accordant ou refusant une dispense \u00e0 \nl'obligation de mettre des douches \u00e0 disposition \ndes travailleurs \nArticle 3 de l'arr\u00eat\u00e9 \ndu 23 juillet 1947 \nGroupement \nd'employeurs \nD\u00e9cision d'opposition \u00e0 l'exercice de \nl'activit\u00e9 d'un groupement d'employeurs \nArticles L 1253-17 et \nD 1253-7 \u00e0 D 1253-\n11 du code du travail \nGroupement \nd'employeurs \nD\u00e9cisions accordant, refusant ou retirant \nl'agr\u00e9ment d'un groupement d'employeurs \nArticles R 1253-19 \u00e0 \nR 1253-27 du code \ndu travail \nRepr\u00e9sentation du \npersonnel \nD\u00e9cisions autorisant ou refusant la suppression \ndu mandat de d\u00e9l\u00e9gu\u00e9 syndical \nArticles L. 2143-11 et \nR 2143-6 du code du \ntravail \nRepr\u00e9sentation du \npersonnel \nD\u00e9cisions autorisant ou refusant la suppression \ndu mandat de repr\u00e9sentant de section syndicale \nArticles L 2142-1-2, L \n2143-11 et R 2143-6 \ndu \ncode du travail \nRepr\u00e9sentation du \npersonnel \nD\u00e9cision fixant le nombre et le p\u00e9rim\u00e8tre des \n\u00e9tablissements distincts du comit\u00e9 social et \n\u00e9conomique \nArticles L 2313-5, L \n2313-8, R 2313-1 et \nR \n2313-4 du code \ndu travail \nRepr\u00e9sentation du \npersonnel \nD\u00e9cision fixant la r\u00e9partition du personnel et des \nsi\u00e8ges entre les coll\u00e8ges \u00e9lectoraux du comit\u00e9 \nsocial et \u00e9conomique \nArticles L 2314-13 \net R 2314-3 du \ncode du travail \nRepr\u00e9sentation du \npersonnel \nD\u00e9cision fixant la r\u00e9partition des si\u00e8ges entre les \n\u00e9tablissements et les coll\u00e8ges au sein d'un \ncomit\u00e9 social et \u00e9conomique central \nArticles L 2316-8 et \nR 2316-2 du code \ndu travail \nRepr\u00e9sentation du \npersonnel \nD\u00e9cision r\u00e9partissant les si\u00e8ges au comit\u00e9 de \ngroupe entre les \u00e9lus du ou des coll\u00e8ges \n\u00e9lectoraux \nArticles L 2333-4 et \nR 2332-1 du code \ndu travail \nRepr\u00e9sentation du \npersonnel \nD\u00e9cision de d\u00e9signation du rempla\u00e7ant d'un \nrepr\u00e9sentant du personnel du comit\u00e9 de groupe \nArticles L 2333-6 et \nR 2332-1 du code \ndu travail \nRepr\u00e9sentation du \npersonnel \nD\u00e9cisions d'autorisation ou de refus \nd'autorisation de suppression d'un comit\u00e9 \nd'entreprise europ\u00e9en \nArticles L 2345-1 et \nR 2345-1 du code \ndu travail \nApprentissage \nD\u00e9cisions en mati\u00e8re d'apprentissage et \nnotamment : D\u00e9cision de suspension du contrat \nd'apprentissage (article L 6225-4), D\u00e9cision \nautorisant ou refusant la reprise de l'ex\u00e9cution du \ncontrat d'apprentissage (article L 6225-5), \nD\u00e9cision interdisant le recrutement de nouveaux \napprentis ainsi que de jeunes titulaires d'un \ncontrat d'insertion en alternance (article L 6225-\nArticles L 6225-4 \u00e0 L \n6225-8 et R 6225-1 \u00e0 \nR \n6225-12 du code \ndu travail \nDirection r\u00e9gionale et interd\u00e9partementale de l'\u00e9conomie, de l'emploi, du travail et des solidarit\u00e9s d'\u00cele-de-France -\nIDF-2025-06-13-00003 - D\u00e9cision n\u00b0 2025-111 du 13 juin 2025\nportant d\u00e9l\u00e9gation de signature du directeur r\u00e9gional et interd\u00e9partemental de l'\u00e9conomie, de l'emploi, du travail et des solidarit\u00e9s\naux agents de l'unit\u00e9 d\u00e9partementale de Paris\n16\n5 / 6 \n  \n6), D\u00e9cision mettant fin ou refusant de mettre fin \n\u00e0 l'interdiction de recruter de nouveaux \napprentis (article R 6225-11) \nTravailleurs de moins de \n18 ans \nD\u00e9cisions relatives aux travailleurs et stagiaires de \nmoins de 18 ans et notamment : D\u00e9cision de \nsuspension du contrat de travail ou de la \nconvention du stage (article L 4733-8), D\u00e9cision \nautorisant ou refusant la reprise de l'ex\u00e9cution du \ncontrat de travail ou de la convention du stage \n(article L 4733-9), D\u00e9cision interdisant le \nrecrutement de travailleurs ou l'accueil de \nstagiaires (article L 4733-10) \nArticles L 4733-8 \net suivants du \ncode du travail \nFormation \nprofessionnelle et \ncertification \nD\u00e9livrance du titre professionnel, D\u00e9signation du \njury, VAE : recevabilit\u00e9 de la VAE \nArticles R 338-6 et R \n338-7 du code de \nl'\u00c9ducation, arr\u00eat\u00e9s \ndu 22 D\u00e9cembre \n2015 et \ndu 21 juillet 2016 \nFormation \nprofessionnelle et \ncertification \nD\u00e9cision de retrait du b\u00e9n\u00e9fice des \nexon\u00e9rations de cotisations sociales \nattach\u00e9 aux contrats de \nprofessionnalisation \nArticle R 6325-20 \ndu code du travail \nEpargne salariale \nDemande de retrait ou de modification de \ndispositions d'un accord d'int\u00e9ressement ou de \nparticipation, ou d'un r\u00e8glement d'\u00e9pargne \nsalariale \nArticle L 3345-1 et \nsuivants et D 3345-1 \net suivant du code \ndu travail \nRupture conventionnelle \nD\u00e9cisions d'homologation et de refus \nd'homologation des conventions de rupture \nconventionnelle du contrat de travail \nArticles L. 1237-14 et \nR. 1237-3 du code du \ntravail \nDivers \nD\u00e9termination du salaire de r\u00e9f\u00e9rence des \ntravailleurs migrants \nArticles R 5422-3 et \n-4 du code du \ntravail \nDivers \nD\u00e9cision d\u00e9terminant les p\u00e9riodes d'arr\u00eats \nsaisonniers de travail par suite d'intemp\u00e9ries \n(entreprises de BTP) \nArticles D 5424-8 \u00e0 \nD 5424-10 du \ncode du travail \nDivers \nD\u00e9cision prise sur le recours gracieux form\u00e9 par un \n\u00e9lecteur ou son repr\u00e9sentant en cas de \ncontestation relative \u00e0 une inscription sur la liste \n\u00e9lectorale \u00e9tablie dans le cadre du scrutin de \nmesure de l'audience des organisations syndicales \ndans les entreprises de moins de 11 salari\u00e9s \n \nArticle R 2122-21 \ndu code du travail \nDivers \nMise en \u0153uvre de la transaction p\u00e9nale : \nproposition au mis en cause, demande \nd'homologation au procureur, notification au mis \nen cause \nArticles L 8114-4 et \nsuivants et R 8114-3 \net suivants du code \ndu travail \nDirection r\u00e9gionale et interd\u00e9partementale de l'\u00e9conomie, de l'emploi, du travail et des solidarit\u00e9s d'\u00cele-de-France -\nIDF-2025-06-13-00003 - D\u00e9cision n\u00b0 2025-111 du 13 juin 2025\nportant d\u00e9l\u00e9gation de signature du directeur r\u00e9gional et interd\u00e9partemental de l'\u00e9conomie, de l'emploi, du travail et des solidarit\u00e9s\naux agents de l'unit\u00e9 d\u00e9partementale de Paris\n17\n6 / 6 \n  \n \nArticle 3 \n \nConcernant l'anticipation n\u00e9goci\u00e9e des mutations \u00e9conomiques pour d\u00e9velopper les comp\u00e9tences, \nmaintenir l'emploi et encadrer les licenciements \u00e9conomiques, en cas d'absence ou d'emp\u00eachement du \ndirecteur de l'unit\u00e9 d\u00e9partementale, d\u00e9l\u00e9gation de signature est donn\u00e9e \u00e0 : \n \n- Martine BAUDOIN, directrice adjointe de l'unit\u00e9 d\u00e9partementale \n \nArticle 4 \n \nLe directeur de l'unit\u00e9 d\u00e9partementale peut donner d\u00e9l\u00e9gation de signature aux agents plac\u00e9s sous son \nautorit\u00e9 \u00e0 l'effet de signer les d\u00e9cisions \u00e9num\u00e9r\u00e9es \u00e0 l'article 2, \u00e0 l'exception mati\u00e8res vis\u00e9es \u00e0 l'article 3.  \n \nLes subd\u00e9l\u00e9gations sont port\u00e9es \u00e0 la connaissance du directeur r\u00e9gional et interd\u00e9partemental de \nl'\u00e9conomie, de l'emploi, du travail et des solidarit\u00e9s. \n \n \nArticle 5 \n \nLa pr\u00e9sente d\u00e9cision de d\u00e9l\u00e9gation de signature porte abrogation de la d\u00e9cision n\u00b0 2025-072 du 4 avril \n2025. \n \n \nArticle 6 \n \nLe Directeur r\u00e9gional et interd\u00e9partemental de l'\u00e9conomie, de l'emploi, du travail et des solidarit\u00e9s \nd'\u00cele-de- France est charg\u00e9 de l'ex\u00e9cution de la pr\u00e9sente d\u00e9cision qui sera publi\u00e9e au recueil des actes \nadministratifs de la r\u00e9gion \u00cele-de-France. \n \n \n \nFait \u00e0 Aubervilliers, le 13 juin 2025 \n \nLe Directeur r\u00e9gional et interd\u00e9partemental de \nl'\u00e9conomie, de l'emploi, du travail et des \nsolidarit\u00e9s par int\u00e9rim \n \nSIGN\u00c9 \n \nMarc ROHFRITSCH \nDirection r\u00e9gionale et interd\u00e9partementale de l'\u00e9conomie, de l'emploi, du travail et des solidarit\u00e9s d'\u00cele-de-France -\nIDF-2025-06-13-00003 - D\u00e9cision n\u00b0 2025-111 du 13 juin 2025\nportant d\u00e9l\u00e9gation de signature du directeur r\u00e9gional et interd\u00e9partemental de l'\u00e9conomie, de l'emploi, du travail et des solidarit\u00e9s\naux agents de l'unit\u00e9 d\u00e9partementale de Paris\n18\nDirection r\u00e9gionale et interd\u00e9partementale de\nl'\u00e9conomie, de l'emploi, du travail et des\nsolidarit\u00e9s d'\u00cele-de-France\nIDF-2025-06-13-00002\nD\u00e9cision n\u00b0 2025-112 du 13 juin 2025 portant\nsubd\u00e9l\u00e9gation de signature de Monsieur Marc\nRohfritsch, Directeur r\u00e9gional et\ninterd\u00e9partemental de l'\u00c9conomie, de l'Emploi,\ndu Travail et des Solidarit\u00e9s d'\u00cele-de-France\npar int\u00e9rim, aux agents de l'unit\u00e9\nd\u00e9partementale de Paris\nDirection r\u00e9gionale et interd\u00e9partementale de l'\u00e9conomie, de l'emploi, du travail et des solidarit\u00e9s d'\u00cele-de-France -\nIDF-2025-06-13-00002 - D\u00e9cision n\u00b0 2025-112 du 13 juin 2025 portant subd\u00e9l\u00e9gation de signature de Monsieur Marc Rohfritsch,\nDirecteur r\u00e9gional et interd\u00e9partemental de l'\u00c9conomie, de l'Emploi, du Travail et des Solidarit\u00e9s d'\u00cele-de-France\npar int\u00e9rim, aux agents de l'unit\u00e9 d\u00e9partementale de Paris\n19\nPREFET .DE LA REGIOND'\u00ceLE-DE-FRANCELibert\u00e9Egalit\u00e9Fraternit\u00e9\n Direction r\u00e9gionale et interd\u00e9partementale \nde l'\u00e9conomie, de l'emploi, \ndu travail et des solidarit\u00e9s  \n \n \nDRIEETS Ile de France  \n21 rue Madeleine Vionnet  \n93300 AUBERVILLIERS \n \n \nD\u00c9CISION n\u00b0 2025-112 du 13 juin 2025 \n \nPortant subd\u00e9l\u00e9gation de signature de Monsieur Marc Rohfritsch, Directeur r\u00e9gional et \ninterd\u00e9partemental de l'\u00c9conomie, de l'Emploi, du Travail et des Solidarit\u00e9s d'\u00cele -de-France \npar int\u00e9rim, aux agents de l'unit\u00e9 d\u00e9partementale de Paris \n \n \nLE PR\u00c9FET DE LA R\u00c9GION D'\u00ceLE-DE-FRANCE \nPR\u00c9FET DE PARIS \nGRAND OFFICIER DE LA L\u00c9GION D'HONNEUR \nOFFICIER DE L'ORDRE NATIONAL DU M\u00c9RITE \n \nLe Directeur r\u00e9gional et interd\u00e9partemental de l'\u00e9conomie, de l'emploi, du travail et des solidarit\u00e9s d'\u00cele-\nde-France, \n \nVu le code g\u00e9n\u00e9ral de fonction publique, notamment son article L.323-1 ; \n \nVu le code de l'action sociale et des familles ; \n \nVu le code de la commande publique ; \n \nVu le code de commerce ; \n \nVu le code de la consommation ; \n \nVu le code de justice administrative ; \n \nVu le code de la s\u00e9curit\u00e9 sociale ; \n \nVu le code du tourisme ; \n \nVu le code du travail ; \n \nVu la loi du 4 juillet 1837 modifi\u00e9e relative aux poids et mesures ;  \n \nVu la loi n\u00b0 82 -213 du 2 mars 1982 modifi\u00e9e relative aux droits et libert\u00e9s des communes, des \nd\u00e9partements et des r\u00e9gions ; \n \nVu le d\u00e9cret n\u00b0 2004 -374 du 29 avril 2004 modifi\u00e9 relatif aux pouvoirs des pr\u00e9fets, \u00e0 l'organisation et \u00e0 \nl'action des services de l'\u00c9tat dans les r\u00e9gions et d\u00e9partements ; \n \nVu le d\u00e9cret n\u00b0 2010 -687 du 24 juin 2010 modifi\u00e9 relatif \u00e0 l'organisation et aux missions des services de \nl'\u00c9tat dans la r\u00e9gion et les d\u00e9partements d'Ile-de-France et notamment ses articles 20-1 et 20-2 ; \n \nVu le d\u00e9cret n\u00b0 2013-571 du 1er juillet 2013 modifi\u00e9 autorisant les ministres charg\u00e9s des affaires sociales, \nde la sant\u00e9, des sports, de la jeunesse, de l'\u00e9ducation populaire et de la vie associative \u00e0 d\u00e9l\u00e9guer certains \nde leurs pouvoirs pour le recrutement et la gestion d'agents plac\u00e9s sous leur autorit\u00e9 ;  \nDirection r\u00e9gionale et interd\u00e9partementale de l'\u00e9conomie, de l'emploi, du travail et des solidarit\u00e9s d'\u00cele-de-France -\nIDF-2025-06-13-00002 - D\u00e9cision n\u00b0 2025-112 du 13 juin 2025 portant subd\u00e9l\u00e9gation de signature de Monsieur Marc Rohfritsch,\nDirecteur r\u00e9gional et interd\u00e9partemental de l'\u00c9conomie, de l'Emploi, du Travail et des Solidarit\u00e9s d'\u00cele-de-France\npar int\u00e9rim, aux agents de l'unit\u00e9 d\u00e9partementale de Paris\n20\n \n 2/4 \n \nVu le d\u00e9cret n\u00b0 2015-510 du 7 mai 2015 modifi\u00e9 portant charte de la d\u00e9concentration ;  \n \nVu le d\u00e9cret du 22 juillet 2020 portant nomination de Monsieur Marc GUILLAUME en qualit\u00e9 de pr\u00e9fet \nde la r\u00e9gion d'\u00cele-de-France, pr\u00e9fet de Paris ; \n \nVu le d\u00e9cret n\u00b0 2020 -1545 du 9 d\u00e9cembre 2020 modifi\u00e9 relatif \u00e0 l'organisation et aux missions des \ndirections r\u00e9gionales de l'\u00e9conomie, de l'emploi, du travail et des solidarit\u00e9s, des directions \nd\u00e9partementales de l'emploi, du travail et des solidarit\u00e9s et des directions d\u00e9partementales de l'emploi, \ndu travail, des solidarit\u00e9s et de la protection des populations ; \n \nVu l'arr\u00eat\u00e9 du 25 novembre 2014 modifi\u00e9 portant d\u00e9l\u00e9gation de certains pouvoirs de recrutement et de \ngestion d'agents relevant du ministre charg\u00e9 du travail et de l'emploi ;  \n \nVu l'arr\u00eat\u00e9 du 29 d\u00e9cembre 2016 fixant la liste des actes relatifs \u00e0 la situation individuelle des agents \npublics exer\u00e7ant leurs fonctions dans les services d\u00e9concentr\u00e9s des administrations civiles de l'Etat pour \nlesquels l'avis du chef de service d\u00e9concentr\u00e9 sous l'autorit\u00e9 duquel sont plac\u00e9s ces personnels est requis \npr\u00e9alablement \u00e0 leur \u00e9diction ; \n \nVu l'arr\u00eat\u00e9 du 29 d\u00e9cembre 2016 modifi\u00e9 portant d\u00e9concentration des actes relatifs \u00e0 la situation \nindividuelle des agents publics exer\u00e7ant leurs fonctions dans les services d\u00e9concentr\u00e9s des \nadministrations civiles de l'Etat au sens de l'article 15 du d\u00e9cre t n\u00b0 2004 -374 du 29 avril 2004 modifi\u00e9 \nrelatif aux pouvoirs des pr\u00e9fets, \u00e0 l'organisation et \u00e0 l'action des services de l'Etat dans les r\u00e9gions et \nd\u00e9partements ; \n \n \nVu l'arr\u00eat\u00e9 interminist\u00e9riel du 23 d\u00e9cembre 2022 nommant Madame Martine BAUDOIN directrice \nadjointe de l'unit\u00e9 d\u00e9partementale de Paris, \n \nVu l'arr\u00eat\u00e9 interminist\u00e9riel du 20 mars 2025 nommant Marc ROHFRITSCH directeur r\u00e9gional et \ninterd\u00e9partemental de l'\u00e9conomie, de l'emploi, du travail et des solidarit\u00e9s d'\u00cele-de-France par int\u00e9rim \u00e0 \ncompter du 1er avril 2025, \n \nVu l'arr\u00eat\u00e9 interminist\u00e9riel du 15 mai 2025 nommant Monsieur Riad BOUHAFS, directeur r\u00e9gional et \ninterd\u00e9partemental adjoint de l'\u00e9conomie, de l'emploi, du travail et des solidarit\u00e9s d'\u00cele -de-France, sur \nl'emploi de directeur de l'unit\u00e9 d\u00e9partementale du Paris, \n \nVu l'arr\u00eat\u00e9 IDF-2025-04-04-00007 du 4 avril 2025 de Monsieur Marc GUILLAUME, Pr\u00e9fet de la r\u00e9gion d'Ile-\nde-France, Pr\u00e9fet de Paris, portant d\u00e9l\u00e9gation de signature \u00e0 Monsieur Marc ROHFRITSCH , directeur \nr\u00e9gional et interd\u00e9partemental de l'\u00e9conomie, de l'emploi, du travail et des solidarit\u00e9s d'Ile -de-France \n(DRIEETS) par int\u00e9rim en mati\u00e8re administrative, \n \n \nD\u00c9CIDE \nArticle 1  \n \nSubd\u00e9l\u00e9gation de signature est donn\u00e9e \u00e0 Riad BOUHAFS, directeur de l'unit\u00e9 d\u00e9partementale de Paris, \n\u00e0 effet de signer dans le cadre de ses attributions, tous les actes, arr\u00eat\u00e9s, d\u00e9cisions, conventions, \ncirculaires, rapports, correspondances dans le champ des comp\u00e9tences que la pr\u00e9fecture de r\u00e9gion \nd\u00e9l\u00e8gue \u00e0 la direction r\u00e9gionale et interd\u00e9partementale  de l'\u00e9conomie, de l'emploi, du travail et des \nsolidarit\u00e9s d'Ile-de-France (DRIEETS) \u00e0 l'exclusion des actes mentionn\u00e9s \u00e0 l'article 3 du pr\u00e9sent arr\u00eat\u00e9. \n \n \nDirection r\u00e9gionale et interd\u00e9partementale de l'\u00e9conomie, de l'emploi, du travail et des solidarit\u00e9s d'\u00cele-de-France -\nIDF-2025-06-13-00002 - D\u00e9cision n\u00b0 2025-112 du 13 juin 2025 portant subd\u00e9l\u00e9gation de signature de Monsieur Marc Rohfritsch,\nDirecteur r\u00e9gional et interd\u00e9partemental de l'\u00c9conomie, de l'Emploi, du Travail et des Solidarit\u00e9s d'\u00cele-de-France\npar int\u00e9rim, aux agents de l'unit\u00e9 d\u00e9partementale de Paris\n21\n \n 3/4 \nAucune subd\u00e9l\u00e9gation ne pourra \u00eatre op\u00e9r\u00e9e par le directeur d'unit\u00e9 concernant la signature des \nconventions attributives de subventions accord\u00e9es au titre du fonds de d\u00e9veloppement de l'inclusion \n(FDI), dans le cadre de l'insertion par l'activit\u00e9 \u00e9conomique (IAE). \n \nUne copie de cette d\u00e9cision de subd\u00e9l\u00e9gation sera adress\u00e9e au directeur r\u00e9gional et interd\u00e9partemental \nde l'\u00e9conomie, de l'emploi, du travail et des solidarit\u00e9s d'\u00cele-de-France. \n \nArticle 2  \n \nEn cas d'absence ou d'emp\u00eachement du directeur  de l'unit\u00e9 d\u00e9partementale  par int\u00e9rim , la \nsubd\u00e9l\u00e9gation de signature, est exerc\u00e9e par les personnes ci-dessous mentionn\u00e9es, dans la limite de leurs \ncomp\u00e9tences : \n \n- Mme Martine BAUDOIN, directrice adjointe de l'unit\u00e9 d\u00e9partementale de Paris  \n- Marie MARCENA, directrice du p\u00f4le \u00ab entreprises, emploi, solidarit\u00e9 \u00bb \n- Jean-Philippe DEVOUCOUX, responsable du d\u00e9partement accompagnement des entreprises  \n- Patricia RENUCCI, responsable du d\u00e9partement protection et insertion des jeunes  \n- Corinne ROUXEL, responsable du d\u00e9partement insertion et protection des adultes  \n- Herv\u00e9 LEGRAND, directeur du p\u00f4le \u00ab politique du travail \u00bb \n- Niklas VASSEUX, adjoint du directeur du p\u00f4le \u00ab politique du travail \u00bb  \n- Catherine BARRAS, directrice de secteur nord des services de l'inspection du travail  ; \n- M\u00e9linda MARONE, directrice de secteur sud des services de l'inspection du travail  ; \n \nArticle 3 \n \nSont exclus de la d\u00e9l\u00e9gation consentie \u00e0 l'article 1 du pr\u00e9sent arr\u00eat\u00e9 : \n \n- Les conventions avec les collectivit\u00e9s territoriales et leurs \u00e9tablissements publics ;  \n- Les conventions des appels \u00e0 projets r\u00e9gionaux du plan d'investissement dans les comp\u00e9tences ; \n- Les conventions pluriannuelles d'objectifs (CPO) des missions locales, except\u00e9 les avenants pour \nles soldes annuels ; \n- Les conventions avec les structures de soutien \u00e0 l'insertion par l'activit\u00e9 \u00e9conomique, except\u00e9 \nles avenants et les actes de gestion aff\u00e9rents ; un tableau de suivi de la programmation par \nstructure est transmis trimestriellement ; \n- Les m\u00e9moires en d\u00e9fense pr\u00e9sent\u00e9s au nom de l'\u00c9tat \u00e0 l'occasion des recours form\u00e9s devant les \njuridictions administratives et n\u00e9s de l'activit\u00e9 de la DRIEETS, de la DIRECCTE ou de la DRCS d'Ile-\nde-France, sauf en ce qui concerne ceux n\u00e9s de l'exercice des comp\u00e9tences propres exerc\u00e9es le \nDirecteur r\u00e9gional et interd\u00e9partemental de la DRIEETS ou des agents qui lui sont \nhi\u00e9rarchiquement rattach\u00e9s, en mati\u00e8re d'accompagnement des restructurations d'entreprise et \nd'inspection de la l\u00e9gislation du travail, de mesures de police administrative prises en application \ndu code de commerce et du code de la consommation et en mati\u00e8re de m\u00e9trologie l\u00e9gale, ainsi \nque dans les cas de proc\u00e9dure d'urgence pr\u00e9vus au livre V du code de justice administrative ;  \n- Les correspondances avec les parlementaires, les anciens ministres, les conseillers r\u00e9gionaux et \nd\u00e9partementaux, les pr\u00e9sidents des associations des maires, la maire de Paris et les maires des \ncommunes chefs-lieux de d\u00e9partement ; \n- Les correspondances entrant dans le cadre de la n\u00e9gociation du contrat de plan \u00c9tat r\u00e9gion ;  \n \nPar ailleurs, une copie de toutes correspondances destin\u00e9es aux autres \u00e9lus, maires, conseillers \nmunicipaux ainsi que de celles concernant le contr\u00f4le de l\u00e9galit\u00e9 et les m\u00e9moires produits dans le cadre \ndes proc\u00e9dures d'urgence susmentionn\u00e9es, sera simultan\u00e9ment adress\u00e9e au pr\u00e9fet de la r\u00e9gion d'Ile-de-\nFrance. \n \n \nDirection r\u00e9gionale et interd\u00e9partementale de l'\u00e9conomie, de l'emploi, du travail et des solidarit\u00e9s d'\u00cele-de-France -\nIDF-2025-06-13-00002 - D\u00e9cision n\u00b0 2025-112 du 13 juin 2025 portant subd\u00e9l\u00e9gation de signature de Monsieur Marc Rohfritsch,\nDirecteur r\u00e9gional et interd\u00e9partemental de l'\u00c9conomie, de l'Emploi, du Travail et des Solidarit\u00e9s d'\u00cele-de-France\npar int\u00e9rim, aux agents de l'unit\u00e9 d\u00e9partementale de Paris\n22\n \n 4/4 \n \n \nArticle 4 \n \nLa pr\u00e9sente d\u00e9cision de d\u00e9l\u00e9gation de signature porte abrogation de la d\u00e9cision n\u00b0 2025-057 du 9 avril \n2025. \n \nArticle 5 \n \nLe Directeur r\u00e9gional et interd\u00e9partemental de l'\u00e9conomie, de l'emploi, du travail et des solidarit\u00e9s d'\u00cele-\nde-France est charg\u00e9 de l'ex\u00e9cution de la pr\u00e9sente d\u00e9cision qui sera publi\u00e9e au recueil des actes \nadministratifs de la r\u00e9gion Ile-de-France. \n                                                                                               \nFait \u00e0 Aubervilliers le 13 juin 2025 \n \nLe Directeur r\u00e9gional et interd\u00e9partemental \nde l'\u00e9conomie, de l'emploi, du travail et des \nsolidarit\u00e9s par int\u00e9rim \n \n \nSIGN\u00c9 \n. \nMarc ROHFRITSCH \n \nDirection r\u00e9gionale et interd\u00e9partementale de l'\u00e9conomie, de l'emploi, du travail et des solidarit\u00e9s d'\u00cele-de-France -\nIDF-2025-06-13-00002 - D\u00e9cision n\u00b0 2025-112 du 13 juin 2025 portant subd\u00e9l\u00e9gation de signature de Monsieur Marc Rohfritsch,\nDirecteur r\u00e9gional et interd\u00e9partemental de l'\u00c9conomie, de l'Emploi, du Travail et des Solidarit\u00e9s d'\u00cele-de-France\npar int\u00e9rim, aux agents de l'unit\u00e9 d\u00e9partementale de Paris\n23\nRectorat de la r\u00e9gion acad\u00e9mique\nd'Ile-de-France, rectorat de l'acad\u00e9mie de Paris\nIDF-2025-06-12-00004\nConvention de d\u00e9l\u00e9gation de gestion relative \u00e0\nl'ex\u00e9cution financi\u00e8re des comp\u00e9tences de la\nr\u00e9gion acad\u00e9mique, conclue entre la R\u00e9gion\nacad\u00e9mique \u00cele-de-France et l'Acad\u00e9mie de\nCr\u00e9teil\nRectorat de la r\u00e9gion acad\u00e9mique d'Ile-de-France, rectorat de l'acad\u00e9mie de Paris - IDF-2025-06-12-00004 - Convention de d\u00e9l\u00e9gation\nde gestion relative \u00e0 l'ex\u00e9cution financi\u00e8re des comp\u00e9tences de la r\u00e9gion acad\u00e9mique, conclue entre la R\u00e9gion acad\u00e9mique\n\u00cele-de-France et l'Acad\u00e9mie de Cr\u00e9teil\n24\nREGION ACADEMIQUEILE-DE-FRANCELibert\u00e9Egalit\u00e9Fraternit\u00e9\n \n1 \n \n \n \nSecr\u00e9tariat g\u00e9n\u00e9ral de la r\u00e9gion acad\u00e9mique \nP\u00f4le Affaires g\u00e9n\u00e9rales et immobilier \n \n \n \n \n \nConvention de d\u00e9l\u00e9gation de gestion relative \u00e0 l'ex\u00e9cution financi\u00e8re \ndes comp\u00e9tences de la r\u00e9gion acad\u00e9mique, conclue entre  \nla R\u00e9gion acad\u00e9mique \u00cele-de-France et l'Acad\u00e9mie de Cr\u00e9teil \n \nVu le d\u00e9cret n\u00b02004-1085 du 14 octobre 2004 modifi\u00e9  relatif \u00e0 la d\u00e9l\u00e9gation de gestion dans les servic es \nde l'Etat ; \nVu le d\u00e9cret n\u00b02012-1246 du 7 novembre 2012 relatif \u00e0 la gestion budg\u00e9taire et comptable publique ; \nVu le d\u00e9cret du Pr\u00e9sident de la R\u00e9publique du 12 mars 2025 nommant Mme Julie BENETTI rectrice de la \nr\u00e9gion acad\u00e9mique Ile-de-France, rectrice de l'acad\u00e9mie de Paris ; \nVu le d\u00e9cret du Pr\u00e9sident de la R\u00e9publique du 12 mars 2025 portant nomination de M. Jean-Fran\u00e7ois \nCHANET en qualit\u00e9 de recteur de l'acad\u00e9mie de Cr\u00e9teil ; \nVu l'arr\u00eat\u00e9 n\u00b0IDF-2025-03-26-00004 du 26 mars 2025 portant d\u00e9l\u00e9gation de signature \u00e0 Madame Julie \nBENETTI, rectrice de la r\u00e9gion acad\u00e9mique \u00cele-de-Fr ance, rectrice de l'acad\u00e9mie de Paris, en mati\u00e8re \nd'ordonnancement secondaire ; \nVu l'arr\u00eat\u00e9 interminist\u00e9riel en date du 31 janvier 2025 nommant M Fabien OPPERMANN dans l'emploi \nde secr\u00e9taire g\u00e9n\u00e9ral de la r\u00e9gion acad\u00e9mique \u00cele-de-France ; \nVu l'arr\u00eat\u00e9 minist\u00e9riel en date du 30 d\u00e9cembre 2022  portant nomination de M Mehdi CHERFI dans \nl'emploi de secr\u00e9taire g\u00e9n\u00e9ral de l'acad\u00e9mie de Cr\u00e9teil ; \n  \nEntre la rectrice de la R\u00e9gion acad\u00e9mique \u00cele-de-France, rectrice de Paris, chanceli\u00e8re des universit\u00e9s de \nParis et d'\u00cele-de-France, repr\u00e9sent\u00e9e par Fabien OP PERMANN, secr\u00e9taire g\u00e9n\u00e9ral de la r\u00e9gion \nacad\u00e9mique \u00cele-de-France, d\u00e9sign\u00e9 sous le terme de \u00ab d\u00e9l\u00e9gant \u00bb, d'une part, \nEt \nLe recteur de l'Acad\u00e9mie de Cr\u00e9teil, repr\u00e9sent\u00e9 par Mehdi CHERFI secr\u00e9taire g\u00e9n\u00e9ral de l'acad\u00e9mie de \nCr\u00e9teil, d\u00e9sign\u00e9 sous le terme de \u00ab d\u00e9l\u00e9gataire \u00bb, d'autre part, \n \nIl est convenu ce qui suit :  \n \nPr\u00e9ambule \nLa pr\u00e9sente convention est conclue entre la R\u00e9gion acad\u00e9mique \u00cele-de-France et l'acad\u00e9mie de \nCr\u00e9teil, pour confier l'ex\u00e9cution financi\u00e8re d'une partie des activit\u00e9s de la R\u00e9gion acad\u00e9mique en \ntant que service prescripteur (d\u00e9l\u00e9gant) \u00e0 la plate forme Chorus de la division des affaires \nfinanci\u00e8res de l'acad\u00e9mie de Cr\u00e9teil (d\u00e9l\u00e9gataire). \nCette convention organise les relations entre le secr\u00e9tariat g\u00e9n\u00e9ral de la r\u00e9gion acad\u00e9mique d'\u00cele-\nde-France (SGRA) et ses services et le CSP de l'acad\u00e9mie de Cr\u00e9teil.  \nRectorat de la r\u00e9gion acad\u00e9mique d'Ile-de-France, rectorat de l'acad\u00e9mie de Paris - IDF-2025-06-12-00004 - Convention de d\u00e9l\u00e9gation\nde gestion relative \u00e0 l'ex\u00e9cution financi\u00e8re des comp\u00e9tences de la r\u00e9gion acad\u00e9mique, conclue entre la R\u00e9gion acad\u00e9mique\n\u00cele-de-France et l'Acad\u00e9mie de Cr\u00e9teil\n25\n \n2 \nArticle 1 er  : Objet et p\u00e9rim\u00e8tre de la d\u00e9l\u00e9gation de convention de gestion \nEn application du d\u00e9cret du 14 octobre 2004 susvis\u00e9  et dans le cadre de sa d\u00e9l\u00e9gation \nd'ordonnancement secondaire, le d\u00e9l\u00e9gant confie au d\u00e9l\u00e9gataire, en son nom et pour son \ncompte, dans les conditions ci-apr\u00e8s pr\u00e9cis\u00e9es, l'ex\u00e9cution des d\u00e9penses et des recettes :  \n- l'ordonnancement des d\u00e9penses et des recettes ;  \n- l'engagement des d\u00e9penses et des recettes ;  \n- et la certification des services faits.   \nLes BOP et UO concern\u00e9s, pour lesquels la r\u00e9gion ac ad\u00e9mique dispose d'une comp\u00e9tence \nd'ordonnancement secondaire, sont list\u00e9s \u00e0 l'annexe n\u00b01. \nLe d\u00e9l\u00e9gant assure le pilotage budg\u00e9taire des autor isations d'engagement (AE) et des cr\u00e9dits de \npaiement (CP) et n'est pas d\u00e9gag\u00e9 de sa responsabil it\u00e9 sur les actes dont il a confi\u00e9 la r\u00e9alisation \nau d\u00e9l\u00e9gataire. \nArticle 2 : Prestations r\u00e9alis\u00e9es par le d\u00e9l\u00e9gataire pour le compte du d\u00e9l\u00e9gant \nLes prestations du d\u00e9l\u00e9gataire pour le compte du d\u00e9 l\u00e9gant et les actions du d\u00e9l\u00e9gant vis-\u00e0-vis du \nd\u00e9l\u00e9gataire, d\u00e9finies \u00e0 l'article 1 er , recouvrent notamment les obligations suivantes :  \na)  Obligations du d\u00e9l\u00e9gant \nLe d\u00e9l\u00e9gant est en application de la pr\u00e9sente conve ntion consid\u00e9r\u00e9 comme un des services \nprescripteurs de l'activit\u00e9 du CSP, d\u00e9l\u00e9gataire. Le  d\u00e9l\u00e9gataire se conformera aux r\u00e8gles de \nproc\u00e9dures internes et aux mod\u00e8les de documents tra nsmis par le d\u00e9l\u00e9gant \u00e0 l'ensemble des \nservices prescripteurs. \nLe d\u00e9l\u00e9gant s'engage \u00e0 fournir, en temps utile, tou s les \u00e9l\u00e9ments d'information dont le \nd\u00e9l\u00e9gataire a besoin pour l'exercice de sa mission. \nb)  Obligations du d\u00e9l\u00e9gataire   \nLe d\u00e9l\u00e9gataire ex\u00e9cute la d\u00e9l\u00e9gation dans les condi tions et les limites fix\u00e9es par le pr\u00e9sent \ndocument et accept\u00e9es par lui. Il est l'unique inte rlocuteur du comptable public assignataire \nplac\u00e9 aupr\u00e8s du service d\u00e9l\u00e9gataire. \nLe d\u00e9l\u00e9gataire contr\u00f4le et valide les demandes de p aiements issues des applications m\u00e9tiers \nminist\u00e9rielles. \nLe d\u00e9l\u00e9gataire s'engage \u00e0 assurer les prestations q ui rel\u00e8vent de ses attributions, \u00e0 maintenir les \nmoyens n\u00e9cessaires \u00e0 la bonne ex\u00e9cution des prestat ions, \u00e0 assurer la qualit\u00e9 des informations \nbudg\u00e9taires et comptables enregistr\u00e9es dans Chorus et \u00e0 rendre compte de son activit\u00e9. \nLe d\u00e9l\u00e9gataire r\u00e9alise, lorsqu'il y a lieu, la saisine du contr\u00f4leur budg\u00e9taire selon les seuils pr\u00e9vus. \nLe d\u00e9l\u00e9gataire a la possibilit\u00e9 de subd\u00e9l\u00e9guer les missions qui lui sont confi\u00e9es au service facturier \n(SFACT).   \nLe d\u00e9l\u00e9gataire \u00e9tablit les param\u00e9trages et d\u00e9livre les habilitations permettant aux agents \nconcern\u00e9s de r\u00e9aliser les restitutions budg\u00e9taires et l'ensemble des actes de d\u00e9penses et de \nrecettes ainsi que les op\u00e9rations de consultation d ans CHORUS sur l'UO de la R\u00e9gion acad\u00e9mique \nIle-de-France. \nRectorat de la r\u00e9gion acad\u00e9mique d'Ile-de-France, rectorat de l'acad\u00e9mie de Paris - IDF-2025-06-12-00004 - Convention de d\u00e9l\u00e9gation\nde gestion relative \u00e0 l'ex\u00e9cution financi\u00e8re des comp\u00e9tences de la r\u00e9gion acad\u00e9mique, conclue entre la R\u00e9gion acad\u00e9mique\n\u00cele-de-France et l'Acad\u00e9mie de Cr\u00e9teil\n26\n \n3 \nUne charte de gestion entre les parties pourra, le cas \u00e9ch\u00e9ant, \u00eatre \u00e9labor\u00e9e afin de pr\u00e9ciser tout \nautre \u00e9l\u00e9ment d\u00e9coulant de ces obligations. \nLe d\u00e9l\u00e9gataire avertit sans d\u00e9lai le d\u00e9l\u00e9guant lorsqu'une indisponibilit\u00e9 des cr\u00e9dits est constat\u00e9e. \nArticle 3 : Ex\u00e9cution de la convention de d\u00e9l\u00e9gation de gestion \nUn suivi de la convention sera r\u00e9alis\u00e9 annuellement  lors du dialogue de gestion courant entre la \nr\u00e9gion acad\u00e9mique d'Ile-de-France et l'acad\u00e9mie de Cr\u00e9teil. Il portera sur le nombre d'actes \nr\u00e9alis\u00e9s et le d\u00e9lai global de paiement. \nArticle 4 : Modification de la convention de d\u00e9l\u00e9gation de gestion \nToute modification des conditions ou des modalit\u00e9s d'ex\u00e9cution de la pr\u00e9sente d\u00e9l\u00e9gation, \nd\u00e9finie d'un commun accord entre les parties, fait l'objet d'un avenant dont un exemplaire est \ntransmis au contr\u00f4leur budg\u00e9taire r\u00e9gional. \nArticle 5 : Dur\u00e9e, reconduction et r\u00e9siliation du document \nLa pr\u00e9sente convention prend effet le lendemain de sa publication au recueil des actes \nadministratifs. Elle est \u00e9tablie pour un an, et est reconduit tacitement. \nIl peut \u00eatre mis fin \u00e0 tout moment \u00e0 la d\u00e9l\u00e9gation de gestion, sur l'initiative d'une des parties \nsignataires, sous r\u00e9serve du respect d'un pr\u00e9avis d e trois mois. La d\u00e9nonciation de la d\u00e9l\u00e9gation \nde gestion doit prendre la forme d'une notification \u00e9crite. L'ordonnateur secondaire de droit et le \ncontr\u00f4leur budg\u00e9taire r\u00e9gional doivent en \u00eatre inform\u00e9s. \nLa convention de d\u00e9l\u00e9gation de gestion est transmis e au contr\u00f4leur budg\u00e9taire r\u00e9gional et au \ncomptable affectataire, accompagn\u00e9e de la d\u00e9l\u00e9gatio n d'ordonnancement secondaire du \nd\u00e9l\u00e9gataire. \nCe document sera publi\u00e9 au recueil des actes administratifs. \n \n \n \n \n \n \n \n \n \n \n \n \n \n \nRectorat de la r\u00e9gion acad\u00e9mique d'Ile-de-France, rectorat de l'acad\u00e9mie de Paris - IDF-2025-06-12-00004 - Convention de d\u00e9l\u00e9gation\nde gestion relative \u00e0 l'ex\u00e9cution financi\u00e8re des comp\u00e9tences de la r\u00e9gion acad\u00e9mique, conclue entre la R\u00e9gion acad\u00e9mique\n\u00cele-de-France et l'Acad\u00e9mie de Cr\u00e9teil\n27\n \n4 \nFait \u00e0 Paris, \nLe 12 juin 2025 \nLe d\u00e9l\u00e9gant  \n \nLa R\u00e9gion Acad\u00e9mique d'\u00cele-de-France,  \n \nPour la Rectrice de \nla r\u00e9gion acad\u00e9mique \u00cele-de-France, \nRectrice de l'acad\u00e9mie de Paris \nChanceli\u00e8re des universit\u00e9s  \nde Paris et d'\u00cele-de-France  \npar d\u00e9l\u00e9gation, \n \nLe Secr\u00e9taire g\u00e9n\u00e9ral \nde la r\u00e9gion acad\u00e9mique \n \nSign\u00e9 \n \nFabien OPPERMANN \n \nLe d\u00e9l\u00e9gataire  \n \nL' Acad\u00e9mie de Cr\u00e9teil \n \nPour le Recteur de l'acad\u00e9mie de Cr\u00e9teil \npar d\u00e9l\u00e9gation, \n \n \n \n \n \nLe Secr\u00e9taire g\u00e9n\u00e9ral de l'acad\u00e9mie de Cr\u00e9teil \n \nSign\u00e9 \n \nMehdi CHERFI \n \n Visa du Pr\u00e9fet de la R\u00e9gion d'\u00cele -de -France, \nPr\u00e9fet de Paris \n \nSign\u00e9 \n \nMarc GUILLAUME \n \nRectorat de la r\u00e9gion acad\u00e9mique d'Ile-de-France, rectorat de l'acad\u00e9mie de Paris - IDF-2025-06-12-00004 - Convention de d\u00e9l\u00e9gation\nde gestion relative \u00e0 l'ex\u00e9cution financi\u00e8re des comp\u00e9tences de la r\u00e9gion acad\u00e9mique, conclue entre la R\u00e9gion acad\u00e9mique\n\u00cele-de-France et l'Acad\u00e9mie de Cr\u00e9teil\n28\n \n5 \nAnnexe n\u00b01 : p\u00e9rim\u00e8tre des BOP et des UO concern\u00e9s par la d\u00e9l\u00e9gation de gestion \nProgramme UO D\u00e9signation du recteur de r\u00e9gion acad\u00e9mique \ncomme RBOP ou RUO \nD\u00e9signation du recteur de r\u00e9gion \nacad\u00e9mique comme ordonnateur \nsecondaire \nProgramme 150 - Formations sup\u00e9rieures et recherche universitaire \n0150-IDFR-RACA D\u00e9cision du 21-12-2020 MESRI - DAF DCISIF nor : ESRF2036756S \nArr\u00eat\u00e9 du pr\u00e9fet de r\u00e9gion portant d\u00e9l\u00e9gation de signature \u00e0 la rectrice de r\u00e9gion acad\u00e9mique en mati\u00e8re d'ordonnancement secondaire du \n \n26 mars 2025 \nProgramme 214 - Soutien de la politique de l'\u00e9ducation nationale \n0214-IDFR-RACA D\u00e9cision du 11-12-2020 MENJS - DAF DCISIF NOR : MENF2036122S \nArr\u00eat\u00e9 du pr\u00e9fet de r\u00e9gion portant d\u00e9l\u00e9gation de signature \u00e0 la rectrice de r\u00e9gion acad\u00e9mique en mati\u00e8re d'ordonnancement secondaire du \n \n26 mars 2025 \nProgramme 348 \u2013 Performance et r\u00e9silience des b\u00e2timents de l'Etat et de ses op\u00e9rateurs \n0348-CMES-CEIP Convention d\u00e9l\u00e9gation de gestion du 06-06-2024 \u2013 MESRI - RACA \nArr\u00eat\u00e9 du pr\u00e9fet de r\u00e9gion portant d\u00e9l\u00e9gation de signature \u00e0 la rectrice de r\u00e9gion acad\u00e9mique en mati\u00e8re d'ordonnancement secondaire du \n \n26 mars 2025 \nProgramme 172 \u2013 Recherches scientifiques et technologiques pluridisciplinaires \n0172-CENT-IDFR D\u00e9cision du 24-02-2021 MESRI - DAF DCISIF nor : ESRF2106747S \nArr\u00eat\u00e9 du pr\u00e9fet de r\u00e9gion portant d\u00e9l\u00e9gation de signature \u00e0 la rectrice de r\u00e9gion acad\u00e9mique en mati\u00e8re d'ordonnancement secondaire du \n \n26 mars 2025 \n  \nRectorat de la r\u00e9gion acad\u00e9mique d'Ile-de-France, rectorat de l'acad\u00e9mie de Paris - IDF-2025-06-12-00004 - Convention de d\u00e9l\u00e9gation\nde gestion relative \u00e0 l'ex\u00e9cution financi\u00e8re des comp\u00e9tences de la r\u00e9gion acad\u00e9mique, conclue entre la R\u00e9gion acad\u00e9mique\n\u00cele-de-France et l'Acad\u00e9mie de Cr\u00e9teil\n29\nRectorat de la r\u00e9gion acad\u00e9mique\nd'Ile-de-France, rectorat de l'acad\u00e9mie de Paris\nIDF-2025-06-12-00005\nConvention de d\u00e9l\u00e9gation de gestion relative \u00e0\nl'ex\u00e9cution financi\u00e8re des comp\u00e9tences de la\nr\u00e9gion acad\u00e9mique, conclue entre la R\u00e9gion\nacad\u00e9mique \u00cele-de-France et l'Acad\u00e9mie de\nVersailles\nRectorat de la r\u00e9gion acad\u00e9mique d'Ile-de-France, rectorat de l'acad\u00e9mie de Paris - IDF-2025-06-12-00005 - Convention de d\u00e9l\u00e9gation\nde gestion relative \u00e0 l'ex\u00e9cution financi\u00e8re des comp\u00e9tences de la r\u00e9gion acad\u00e9mique, conclue entre la R\u00e9gion acad\u00e9mique\n\u00cele-de-France et l'Acad\u00e9mie de Versailles\n30\nREGION ACADEMIQUEILE-DE-FRANCELibert\u00e9Egalit\u00e9Fraternit\u00e9\n \n1 \n \n \n \nSecr\u00e9tariat g\u00e9n\u00e9ral de la r\u00e9gion acad\u00e9mique \nP\u00f4le Affaires g\u00e9n\u00e9rales et immobilier \n \n \n \n \n \nConvention de d\u00e9l\u00e9gation de gestion relative \u00e0 l'ex\u00e9cution financi\u00e8re \ndes comp\u00e9tences de la r\u00e9gion acad\u00e9mique, conclue entre  \nla R\u00e9gion acad\u00e9mique \u00cele-de-France et l'Acad\u00e9mie de Versailles \n \nVu le d\u00e9cret n\u00b02004-1085 du 14 octobre 2004 modifi\u00e9  relatif \u00e0 la d\u00e9l\u00e9gation de gestion dans les servic es \nde l'Etat ; \nVu le d\u00e9cret n\u00b02012-1246 du 7 novembre 2012 relatif \u00e0 la gestion budg\u00e9taire et comptable publique ; \nVu le d\u00e9cret du Pr\u00e9sident de la R\u00e9publique du 12 mars 2025 nommant Mme Julie BENETTI rectrice de la \nr\u00e9gion acad\u00e9mique Ile-de-France, rectrice de l'acad\u00e9mie de Paris ; \nVu le d\u00e9cret du Pr\u00e9sident de la R\u00e9publique du 13 juillet 2023 portant nomination de M. Etienne \nCHAMPION en qualit\u00e9 de recteur de l'acad\u00e9mie de Versailles ; \nVu l'arr\u00eat\u00e9 n\u00b0IDF-2025-03-26-00004 du 26 mars 2025 portant d\u00e9l\u00e9gation de signature \u00e0 Madame Julie \nBENETTI, rectrice de la r\u00e9gion acad\u00e9mique \u00cele-de-Fr ance, rectrice de l'acad\u00e9mie de Paris, en mati\u00e8re \nd'ordonnancement secondaire ; \nVu l'arr\u00eat\u00e9 interminist\u00e9riel en date du 31 janvier 2025 nommant M Fabien OPPERMANN dans l'emploi \nde secr\u00e9taire g\u00e9n\u00e9ral de la r\u00e9gion acad\u00e9mique \u00cele-de-France ; \nVu l'arr\u00eat\u00e9 minist\u00e9riel en date du 12 septembre 201 9 portant nomination de M Benoit VERSCHAEVE \ndans l'emploi de secr\u00e9taire g\u00e9n\u00e9ral de l'acad\u00e9mie de Versailles ; \n \nEntre la rectrice de la R\u00e9gion acad\u00e9mique \u00cele-de-France, rectrice de Paris, chanceli\u00e8re des universit\u00e9s de \nParis et d'\u00cele-de-France, repr\u00e9sent\u00e9e par Fabien OP PERMANN, secr\u00e9taire g\u00e9n\u00e9ral de la r\u00e9gion \nacad\u00e9mique \u00cele-de-France, d\u00e9sign\u00e9 sous le terme de \u00ab d\u00e9l\u00e9gant \u00bb, d'une part, \nEt \nLe recteur de l'Acad\u00e9mie Versailles, repr\u00e9sent\u00e9 par  Beno\u00eet VERSCHAEVE secr\u00e9taire g\u00e9n\u00e9ral de \nl'acad\u00e9mie Versailles, d\u00e9sign\u00e9 sous le terme de \u00ab d\u00e9l\u00e9gataire \u00bb, d'autre part, \n \nIl est convenu ce qui suit :  \n \nPr\u00e9ambule \nLa pr\u00e9sente convention est conclue entre la R\u00e9gion acad\u00e9mique \u00cele-de-France et l'acad\u00e9mie de \nVersailles, pour confier l'ex\u00e9cution financi\u00e8re d'u ne partie des activit\u00e9s de la R\u00e9gion acad\u00e9mique \nen tant que service prescripteur (d\u00e9l\u00e9gant) \u00e0 la pl ateforme Chorus de la division des affaires \nfinanci\u00e8res de l'acad\u00e9mie de Versailles (d\u00e9l\u00e9gataire). \nCette convention organise les relations entre le secr\u00e9tariat g\u00e9n\u00e9ral de la r\u00e9gion acad\u00e9mique d'\u00cele-\nde-France (SGRA) et ses services et le CSP de l'acad\u00e9mie de Versailles.  \nRectorat de la r\u00e9gion acad\u00e9mique d'Ile-de-France, rectorat de l'acad\u00e9mie de Paris - IDF-2025-06-12-00005 - Convention de d\u00e9l\u00e9gation\nde gestion relative \u00e0 l'ex\u00e9cution financi\u00e8re des comp\u00e9tences de la r\u00e9gion acad\u00e9mique, conclue entre la R\u00e9gion acad\u00e9mique\n\u00cele-de-France et l'Acad\u00e9mie de Versailles\n31\n \n2 \nArticle 1 er  : Objet et p\u00e9rim\u00e8tre de la d\u00e9l\u00e9gation de convention de gestion \nEn application du d\u00e9cret du 14 octobre 2004 susvis\u00e9  et dans le cadre de sa d\u00e9l\u00e9gation \nd'ordonnancement secondaire, le d\u00e9l\u00e9gant confie au d\u00e9l\u00e9gataire, en son nom et pour son \ncompte, dans les conditions ci-apr\u00e8s pr\u00e9cis\u00e9es, l'ex\u00e9cution des d\u00e9penses et des recettes :  \n- l'ordonnancement des d\u00e9penses et des recettes ;  \n- l'engagement des d\u00e9penses et des recettes ;  \n- et la certification des services faits.   \nLes BOP et UO concern\u00e9s, pour lesquels la r\u00e9gion ac ad\u00e9mique dispose d'une comp\u00e9tence \nd'ordonnancement secondaire, sont list\u00e9s \u00e0 l'annexe n\u00b01. \nLe d\u00e9l\u00e9gant assure le pilotage budg\u00e9taire des autor isations d'engagement (AE) et des cr\u00e9dits de \npaiement (CP) et n'est pas d\u00e9gag\u00e9 de sa responsabil it\u00e9 sur les actes dont il a confi\u00e9 la r\u00e9alisation \nau d\u00e9l\u00e9gataire. \nArticle 2 : Prestations r\u00e9alis\u00e9es par le d\u00e9l\u00e9gataire pour le compte du d\u00e9l\u00e9gant \nLes prestations du d\u00e9l\u00e9gataire pour le compte du d\u00e9 l\u00e9gant et les actions du d\u00e9l\u00e9gant vis-\u00e0-vis du \nd\u00e9l\u00e9gataire, d\u00e9finies \u00e0 l'article 1 er , recouvrent notamment les obligations suivantes :  \na)  Obligations du d\u00e9l\u00e9gant \nLe d\u00e9l\u00e9gant est en application de la pr\u00e9sente conve ntion consid\u00e9r\u00e9 comme un des services \nprescripteurs de l'activit\u00e9 du CSP, d\u00e9l\u00e9gataire. Le  d\u00e9l\u00e9gataire se conformera aux r\u00e8gles de \nproc\u00e9dures internes et aux mod\u00e8les de documents tra nsmis par le d\u00e9l\u00e9gant \u00e0 l'ensemble des \nservices prescripteurs. \nLe d\u00e9l\u00e9gant s'engage \u00e0 fournir, en temps utile, tou s les \u00e9l\u00e9ments d'information dont le \nd\u00e9l\u00e9gataire a besoin pour l'exercice de sa mission. \nb)  Obligations du d\u00e9l\u00e9gataire   \nLe d\u00e9l\u00e9gataire ex\u00e9cute la d\u00e9l\u00e9gation dans les condi tions et les limites fix\u00e9es par le pr\u00e9sent \ndocument et accept\u00e9es par lui. Il est l'unique inte rlocuteur du comptable public assignataire \nplac\u00e9 aupr\u00e8s du service d\u00e9l\u00e9gataire. \nLe d\u00e9l\u00e9gataire contr\u00f4le et valide les demandes de p aiements issues des applications m\u00e9tiers \nminist\u00e9rielles. \nLe d\u00e9l\u00e9gataire s'engage \u00e0 assurer les prestations q ui rel\u00e8vent de ses attributions, \u00e0 maintenir les \nmoyens n\u00e9cessaires \u00e0 la bonne ex\u00e9cution des prestat ions, \u00e0 assurer la qualit\u00e9 des informations \nbudg\u00e9taires et comptables enregistr\u00e9es dans Chorus et \u00e0 rendre compte de son activit\u00e9. \nLe d\u00e9l\u00e9gataire r\u00e9alise, lorsqu'il y a lieu, la saisine du contr\u00f4leur budg\u00e9taire selon les seuils pr\u00e9vus. \nLe d\u00e9l\u00e9gataire a la possibilit\u00e9 de subd\u00e9l\u00e9guer les missions qui lui sont confi\u00e9es au service facturier \n(SFACT). \nLe d\u00e9l\u00e9gataire \u00e9tablit les param\u00e9trages et d\u00e9livre les habilitations permettant aux agents \nconcern\u00e9s de r\u00e9aliser les restitutions budg\u00e9taires et l'ensemble des actes de d\u00e9penses et de \nrecettes ainsi que les op\u00e9rations de consultation d ans CHORUS sur l'UO de la R\u00e9gion acad\u00e9mique \nIle-de-France \nRectorat de la r\u00e9gion acad\u00e9mique d'Ile-de-France, rectorat de l'acad\u00e9mie de Paris - IDF-2025-06-12-00005 - Convention de d\u00e9l\u00e9gation\nde gestion relative \u00e0 l'ex\u00e9cution financi\u00e8re des comp\u00e9tences de la r\u00e9gion acad\u00e9mique, conclue entre la R\u00e9gion acad\u00e9mique\n\u00cele-de-France et l'Acad\u00e9mie de Versailles\n32\n \n3 \nUne charte de gestion entre les parties pourra le c as \u00e9ch\u00e9ant \u00eatre \u00e9labor\u00e9e afin de pr\u00e9ciser tout \nautre \u00e9l\u00e9ment d\u00e9coulant de ces obligations. \nLe d\u00e9l\u00e9gataire avertit sans d\u00e9lai le d\u00e9l\u00e9guant lorsqu'une indisponibilit\u00e9 des cr\u00e9dits est constat\u00e9e. \nArticle 3 : Ex\u00e9cution de la convention de d\u00e9l\u00e9gation de gestion \nUn suivi de la convention sera r\u00e9alis\u00e9 annuellement  lors du dialogue de gestion courant entre la \nr\u00e9gion acad\u00e9mique d'Ile-de-France et l'acad\u00e9mie de Versailles. Il portera sur le nombre d'actes \nr\u00e9alis\u00e9s et le d\u00e9lai global de paiement. \nArticle 4 : Modification de la convention de d\u00e9l\u00e9gation de gestion \nToute modification des conditions ou des modalit\u00e9s d'ex\u00e9cution de la pr\u00e9sente d\u00e9l\u00e9gation, \nd\u00e9finie d'un commun accord entre les parties, fait l'objet d'un avenant dont un exemplaire est \ntransmis au contr\u00f4leur budg\u00e9taire r\u00e9gional. \nArticle 5 : Dur\u00e9e, reconduction et r\u00e9siliation du document \nLa pr\u00e9sente convention prend effet le lendemain de sa publication au recueil des actes \nadministratifs. Elle est \u00e9tablie pour un an, et est reconduit tacitement. \nIl peut \u00eatre mis fin \u00e0 tout moment \u00e0 la d\u00e9l\u00e9gation de gestion, sur l'initiative d'une des parties \nsignataires, sous r\u00e9serve du respect d'un pr\u00e9avis d e trois mois. La d\u00e9nonciation de la d\u00e9l\u00e9gation \nde gestion doit prendre la forme d'une notification \u00e9crite. L'ordonnateur secondaire de droit et le \ncontr\u00f4leur budg\u00e9taire r\u00e9gional doivent en \u00eatre inform\u00e9s. \nLa convention de d\u00e9l\u00e9gation de gestion est transmis e au contr\u00f4leur budg\u00e9taire r\u00e9gional et au \ncomptable affectataire, accompagn\u00e9e de la d\u00e9l\u00e9gatio n d'ordonnancement secondaire du \nd\u00e9l\u00e9gataire. \nCe document sera publi\u00e9 au recueil des actes administratifs. \n \n \n \n \n \n \n \n \n \n \n \n \n \n \nRectorat de la r\u00e9gion acad\u00e9mique d'Ile-de-France, rectorat de l'acad\u00e9mie de Paris - IDF-2025-06-12-00005 - Convention de d\u00e9l\u00e9gation\nde gestion relative \u00e0 l'ex\u00e9cution financi\u00e8re des comp\u00e9tences de la r\u00e9gion acad\u00e9mique, conclue entre la R\u00e9gion acad\u00e9mique\n\u00cele-de-France et l'Acad\u00e9mie de Versailles\n33\n \n4 \nFait \u00e0 Paris, \nLe 12 juin 2025 \n \nLe d\u00e9l\u00e9gant  \n \nLa R\u00e9gion Acad\u00e9mique d'\u00cele-de-France,  \n \nPour la Rectrice de \nla r\u00e9gion acad\u00e9mique \u00cele-de-France, \nRectrice de l'acad\u00e9mie de Paris \nChanceli\u00e8re des universit\u00e9s  \nde Paris et d'\u00cele-de-France  \npar d\u00e9l\u00e9gation, \n \nLe Secr\u00e9taire g\u00e9n\u00e9ral \nde la r\u00e9gion acad\u00e9mique \n \nSign\u00e9 \n \nFabien OPPERMANN \n \nLe d\u00e9l\u00e9gataire  \n \nL' Acad\u00e9mie de Versailles \n \nPour le Recteur de l'acad\u00e9mie de Versailles \npar d\u00e9l\u00e9gation, \n \n \n \n \n \nLe Secr\u00e9taire g\u00e9n\u00e9ral de l'acad\u00e9mie de Versailles \n \n \nSign\u00e9 \n \nBeno\u00eet VERSCHAEVE \n \n Visa du Pr\u00e9fet de la R\u00e9gion d'\u00cele -de -France, \nPr\u00e9fet de Paris \n \nSign\u00e9 \n \nMarc GUILLAUME   \n \nRectorat de la r\u00e9gion acad\u00e9mique d'Ile-de-France, rectorat de l'acad\u00e9mie de Paris - IDF-2025-06-12-00005 - Convention de d\u00e9l\u00e9gation\nde gestion relative \u00e0 l'ex\u00e9cution financi\u00e8re des comp\u00e9tences de la r\u00e9gion acad\u00e9mique, conclue entre la R\u00e9gion acad\u00e9mique\n\u00cele-de-France et l'Acad\u00e9mie de Versailles\n34\n \n5 \nAnnexe n\u00b01 : p\u00e9rim\u00e8tre des BOP et des UO concern\u00e9s par la d\u00e9l\u00e9gation de gestion \nProgramme UO D\u00e9signation du recteur de r\u00e9gion acad\u00e9mique \ncomme RBOP ou RUO \nD\u00e9signation du recteur de r\u00e9gion \nacad\u00e9mique comme ordonnateur \nsecondaire \nProgramme 150 - Formations sup\u00e9rieures et recherche universitaire \n0150-IDFR-RACA D\u00e9cision du 21-12-2020 MESRI - DAF DCISIF nor : ESRF2036756S \nArr\u00eat\u00e9 du pr\u00e9fet de r\u00e9gion portant d\u00e9l\u00e9gation de signature \u00e0 la rectrice de r\u00e9gion acad\u00e9mique en mati\u00e8re d'ordonnancement secondaire du \n \n26 mars 2025 \nProgramme 214 - Soutien de la politique de l'\u00e9ducation nationale \n0214-IDFR-RACA D\u00e9cision du 11-12-2020 MENJS - DAF DCISIF NOR : MENF2036122S \nArr\u00eat\u00e9 du pr\u00e9fet de r\u00e9gion portant d\u00e9l\u00e9gation de signature \u00e0 la rectrice de r\u00e9gion acad\u00e9mique en mati\u00e8re d'ordonnancement secondaire du \n \n26 mars 2025 \nProgramme 348 \u2013 Performance et r\u00e9silience des b\u00e2timents de l'Etat et de ses op\u00e9rateurs \n0348-CMES-CEIP Convention d\u00e9l\u00e9gation de gestion du 06-06-2024 \u2013 MESRI - RACA \nArr\u00eat\u00e9 du pr\u00e9fet de r\u00e9gion portant d\u00e9l\u00e9gation de signature \u00e0 la rectrice de r\u00e9gion acad\u00e9mique en mati\u00e8re d'ordonnancement secondaire du \n \n26 mars 2025 \nProgramme 172 \u2013 Recherches scientifiques et technologiques pluridisciplinaires \n0172-CENT-IDFR D\u00e9cision du 24-02-2021 MESRI - DAF DCISIF nor : ESRF210674S \nArr\u00eat\u00e9 du pr\u00e9fet de r\u00e9gion portant d\u00e9l\u00e9gation de signature \u00e0 la rectrice de r\u00e9gion acad\u00e9mique en mati\u00e8re d'ordonnancement secondaire du \n \n26 mars 2025 \n  \nRectorat de la r\u00e9gion acad\u00e9mique d'Ile-de-France, rectorat de l'acad\u00e9mie de Paris - IDF-2025-06-12-00005 - Convention de d\u00e9l\u00e9gation\nde gestion relative \u00e0 l'ex\u00e9cution financi\u00e8re des comp\u00e9tences de la r\u00e9gion acad\u00e9mique, conclue entre la R\u00e9gion acad\u00e9mique\n\u00cele-de-France et l'Acad\u00e9mie de Versailles\n35","date":"2025-06-13","first_seen_on":"2025-06-13T20:05:32+00:00","id":"8e6ef4f8e74b7e5cbe2dbcef20ca40608dfcd954f18696630732842c19a8897d","name":"recueilDS-idf-026-2025-06-recueil-des-actes-administratifs-special du 13.06.2025","pdf_creation_date":"2025-06-13T14:56:18+00:00","pdf_modification_date":null,"timezone":"Europe/Paris","url":"https://www.prefectures-regions.gouv.fr/ile-de-france/irecontenu/telechargement/128476/947109/file/recueilDS-idf-026-2025-06-recueil-des-actes-administratifs-special%20du%2013.06.2025.pdf"}
