{"administration":"prefidf","administration_name":"Pr\u00e9fecture de la r\u00e9gion \u00cele-de-France","content":"PREFECTURE\nREGION ILE DE\nFRANCE\nRECUEIL DES ACTES\nADMINISTRATIFS SP\u00c9CIAL\n(NOMINATIFS)\nN\u00b0IDF-030-2025-10\nPUBLI\u00c9 LE 14 OCTOBRE 2025\nSommaire\nAgence R\u00e9gionale de Sant\u00e9 /\nIDF-2025-10-13-00009 - Arr\u00eat\u00e9 n\u00b02025-271 portant modification de\nl'arr\u00eat\u00e9 n\u00b02025-260 du Directeur g\u00e9n\u00e9ral de l'Agence\nr\u00e9gionale de sant\u00e9 \u00cele-de-France en date du 3 octobre 2025,\nmodifi\u00e9 par l'arr\u00eat\u00e9 n\u00b02025-269 du 7 octobre 2025, et relatif au\nrenouvellement, pour une dur\u00e9e de quatre mois, de l'administration\nprovisoire de l'Institut M\u00e9dico-\u00c9ducatif (IME) Jacqueline et Claude\nChapellier  sis 1, chemin du Pont \u00e0 Marines (95640)  FINESS n\u00b095 004 797\n7), g\u00e9r\u00e9 par l'Association La Mayotte   (3 pages) Page 4\nAgence R\u00e9gionale de Sant\u00e9 / Agence r\u00e9gionale de sant\u00e9\nd'Ile-de-France-Cellule officines de pharmacie\nIDF-2025-10-13-00014 - Arr\u00eat\u00e9 n\u00b0  DOS/EFF/OFF/2025/100 constatant la\ncessation d\u00e9finitive d'activit\u00e9 d'une\nofficine de pharmacie (1\npage) Page 8\nIDF-2025-10-13-00013 - Arr\u00eat\u00e9 n\u00b0  DOS/EFF/OFF/2025/97 constatant la\ncaducit\u00e9 d'une licence d'une officine de\npharmacie (2 pages) Page 10\nIDF-2025-10-13-00012 - Arr\u00eat\u00e9 n\u00b0 DOS/EFF/OFF/2025/102 constatant la\ncessation d\u00e9finitive d'activit\u00e9 d'une officine de pharmacie (1\npage) Page 13\nIDF-2025-10-08-00013 - Arr\u00eat\u00e9 n\u00b0 DOS/EFF/OFF/2025/103 constatant la\ncaducit\u00e9 d'une licence d'une officine de\npharmacie (2 pages) Page 15\nIDF-2025-10-08-00016 - Arr\u00eat\u00e9 n\u00b0 DOS/EFF/OFF/2025/104 constatant la\ncaducit\u00e9 d'une licence d'une officine de pharmacie (2 pages) Page 18\nIDF-2025-10-13-00015 - Arr\u00eat\u00e9 n\u00b0 DOS/EFF/OFF/2025/105  constatant la\ncaducit\u00e9 d'une licence d'une officine de pharmacie (2 pages) Page 21\nIDF-2025-10-08-00015 - Arr\u00eat\u00e9 n\u00b0 DOS/EFF/OFF/2025/106 constatant la\ncaducit\u00e9 d'une licence d'une officine de\npharmacie (2 pages) Page 24\nIDF-2025-10-08-00014 - Arr\u00eat\u00e9 n\u00b0 DOS/EFF/OFF/2025/107 constatant la\ncaducit\u00e9 d'une licence d'une officine de pharmacie (2 pages) Page 27\nIDF-2025-10-13-00016 - Arr\u00eat\u00e9 n\u00b0 DOS/EFF/OFF/2025/108 \nconstatant\nla caducit\u00e9 d'une licence d'une officine de pharmacie\n\n\n (2\npages) Page 30\nIDF-2025-10-13-00010 - Arr\u00eat\u00e9 n\u00b0 DOS/EFF/OFF/2025/96 constatant la\ncaducit\u00e9 d'une licence d'une officine de pharmacie (2 pages) Page 33\nIDF-2025-10-13-00011 - Arr\u00eat\u00e9 n\u00b0 DOS/EFF/OFF/2025/99 constatant la\ncaducit\u00e9 d'une licence d'une officine de pharmacie (2 pages) Page 36\nAgence R\u00e9gionale de Sant\u00e9 / Agence r\u00e9gionale de sant\u00e9\nd'Ile-de-France-Direction de l'Offre de Soins (DOS)\nIDF-2025-10-07-00008 - Arr\u00eat\u00e9 n\u00b0DOS - 2025/ 4006 portant\nrenouvellement d'autorisation de lieu de recherches impliquant la\npersonne humaine Service H\u00e9matologie Adulte Monsieur le Professeur\nOlivier HERMINE H\u00f4pital Necker-Enfants malades (3 pages) Page 39\n2\nIDF-2025-10-08-00011 - Arr\u00eat\u00e9 n\u00b0DOS - 2025/ 4007 portant\nrenouvellement d'autorisation de lieu de recherches impliquant la\npersonne humaine Unit\u00e9 d'Immunologie H\u00e9matologie et\nRhumatologie P\u00e9diatriques (UIHR)Monsieur le Professeur Pierre\nQUARTIER-dit-MAIRE H\u00f4pital Necker-Enfants malades (3 pages) Page 43\nIDF-2025-10-08-00012 - Arr\u00eat\u00e9 n\u00b0DOS - 2025/3789 portant\nmodification de l'autorisation\nde lieu de recherches impliquant la\npersonne humaine Soci\u00e9t\u00e9 EUROFINS Eurofins Bio-EC Monsieur le Dr\nDavid LOPES (3 pages) Page 47\nAgence R\u00e9gionale de Sant\u00e9 / service r\u00e9gional des transports sanitaires\nIDF-2025-10-13-00005 - Arr\u00eat\u00e9 n\u00b0DOS-2025- 4269 Portant retrait\nd'agr\u00e9ment de la SASU ESSENTIEL  AMBULANCES (92120 -\nMONTROUGE) (2 pages) Page 51\nIDF-2025-10-13-00006 - Arr\u00eat\u00e9 n\u00b0DOS-2025- 4270 Portant agr\u00e9ment\nde la SAS AMBULANCES SAMA (93190 - LIVRY-GARGAN) (2 pages) Page 54\nIDF-2025-10-13-00003 - Arr\u00eat\u00e9 n\u00b0DOS-2025-3974 portant transfert des\nlocaux de la SAS AMBULANCES LA ROSE BLANCHE (91330 - YERRES) (2\npages) Page 57\nIDF-2025-10-13-00004 - Arr\u00eat\u00e9 n\u00b0DOS-2025-4268 Portant agr\u00e9ment\nde la SAS AMBULANCES 92 (92120 - MONTROUGE) (2 pages) Page 60\nIDF-2025-10-13-00007 - Arr\u00eat\u00e9 n\u00b0DOS-2025-4271 Portant retrait\nd'agr\u00e9ment de la SASU MAPRILANNE MB\n(93190 -\nLIVRY-GARGAN) (2 pages) Page 63\nIDF-2025-10-13-00008 - Arr\u00eat\u00e9 n\u00b0DOS-2025-4275 Portant agr\u00e9ment\nde la SAS AMBULANCES TRICOLORE (93150 - LE BLANC-MESNIL) (2\npages) Page 66\nIDF-2025-10-13-00002 - Arr\u00eat\u00e9 n\u00b0DOS-2025-4276 Portant agr\u00e9ment\nde la SARL AMBULANCES AMP 77 (77176 - SAVIGNY-LE-TEMPLE) (2\npages) Page 69\nIDF-2025-10-13-00001 - Arr\u00eat\u00e9 n\u00b0DOS-2025-4277 Portant retrait\nd'agr\u00e9ment de la SARL AMBULANCES TOM\n(77190 -\nDAMMARIE-LES-LYS) (2 pages) Page 72\nService Interacad\u00e9mique des Examens et Concours (SIEC) - maison des\nexamens / Division des affaires financi\u00e8res\nIDF-2025-10-14-00006 - Arr\u00eat\u00e9 nomination R\u00e9gisseur nouveau\nsuppl\u00e9ant  (2 pages) Page 75\n3\nAgence R\u00e9gionale de Sant\u00e9\nIDF-2025-10-13-00009\nArr\u00eat\u00e9 n\u00b02025-271 portant modification de\nl'arr\u00eat\u00e9 n\u00b02025-260 du Directeur g\u00e9n\u00e9ral de\nl'Agence r\u00e9gionale de sant\u00e9 \u00cele-de-France en date\ndu 3 octobre 2025, modifi\u00e9 par l'arr\u00eat\u00e9\nn\u00b02025-269 du 7 octobre 2025, et relatif au\nrenouvellement, pour une dur\u00e9e de quatre mois,\nde l'administration provisoire de l'Institut\nM\u00e9dico-\u00c9ducatif (IME) Jacqueline et Claude\nChapellier  sis 1, chemin du Pont \u00e0 Marines\n(95640)  FINESS n\u00b095 004 797 7), g\u00e9r\u00e9 par\nl'Association La Mayotte  \nAgence R\u00e9gionale de Sant\u00e9 - IDF-2025-10-13-00009 - Arr\u00eat\u00e9 n\u00b02025-271 portant modification de l'arr\u00eat\u00e9 n\u00b02025-260 du Directeur\ng\u00e9n\u00e9ral de l'Agence r\u00e9gionale de sant\u00e9 \u00cele-de-France en date du 3 octobre 2025, modifi\u00e9 par l'arr\u00eat\u00e9 n\u00b02025-269 du 7 octobre 2025,\net relatif au renouvellement, pour une dur\u00e9e de quatre mois, de l'administration provisoire de l'Institut M\u00e9dico-\u00c9ducatif (IME)\nJacqueline et Claude Chapellier  sis 1, chemin du Pont \u00e0 Marines (95640)  FINESS n\u00b095 004 797 7), g\u00e9r\u00e9 par l'Association La Mayotte  \n4\nREPUBLIQUEFRANCAISELibert\u00e9Egalit\u00e9Fraternit\u00e9 e \u00bb Agence R\u00e9gionale de Sant\u00e9Ile-de-France\n \n                                                                                    \n \n \nARR\u00caT\u00c9 N\u00b02025-271 \nPortant modification de l'arr\u00eat\u00e9 n\u00b02025-260 du Directeur g\u00e9n\u00e9ral de l'Agence r\u00e9gionale \nde sant\u00e9 \u00cele-de-France en date du 3 octobre 2025, modifi\u00e9 par l'arr\u00eat\u00e9 n\u00b02025-269 du 7 \noctobre 2025, et relatif au renouvellement, pour une dur\u00e9e de quatre mois, de \nl'administration provisoire de l'Institut M\u00e9dico-\u00c9ducatif (IME) Jacqueline et Claude \nChapellier  sis 1, chemin du Pont \u00e0 Marines (95640)  FINESS n\u00b095 004 797 7), g\u00e9r\u00e9 par \nl'Association La Mayotte ; \n \nLE DIRECTEUR G\u00c9N\u00c9RAL DE L'AGENCE R\u00c9GIONALE DE SANT\u00c9 \u00ceLE-DE-FRANCE \nVU le code de la sant\u00e9 publique ; \n \nVU \n \nVU \n \nVU \n \nle code de l'action sociale et des familles, notamment ses articles L. 313-13 et suivants ; \n \nle code de la s\u00e9curit\u00e9 sociale ;    \nle code de justice administrative ; le code g\u00e9n\u00e9ral des collectivit\u00e9s territoriales ; \nVU le d\u00e9cret du 10 avril 2024 portant nomination de Monsieur Denis ROBIN, Directeur de l'Agence \nr\u00e9gionale de sant\u00e9 \u00cele-de-France, \u00e0 compter du 29 avril 2024 ; \n \nVU \n \n \n \nl'arr\u00eat\u00e9 n\u00b02023-186 autorisant la cr\u00e9ation d'un  IME de 8 places au sein de la commune d e \nMarines au profit de l'Association La Mayotte ; \nVU l'inspection men\u00e9e par les services de l'Agence r\u00e9gionale de sant\u00e9  \u00ceIe-de-France au sein de \nl'IME \"Jacqueline et Claude Chapellier\" le 20 mai 2025 ;  \n \nVU les courriers de la Directr ice de l'Autonomie  de l'Agence r\u00e9gionale de sant\u00e9 \u00ceIe-de-France en \ndate du 28 mai 2025 et du 6 juin 2025 ; \n \nVU l'arr\u00eat\u00e9 n\u00b02025-193 en date du 3 juillet 2025 du Directeur g\u00e9n\u00e9ral de l'agence r\u00e9gionale de sant\u00e9 \n\u00cele-de-France pronon\u00e7ant, pour une dur\u00e9e de 3 mois \u00e0 compter du 7 juillet 2025, la mise sous \nadministration provisoire de l'IME \u00ab Jacqueline et Claude Chapellier \u00bb ; \n \nVU le rapport de l'administratrice provisoire en date du 15 septembre 2025 ; \n  \nVU le courrier de l'organisme gestionnaire en date du 8 septembre 2025 ; \n \nVU \n \n \n \nl'arr\u00eat\u00e9 n\u00b02025-260 du Directeur g\u00e9n\u00e9ral de l'Agence r\u00e9gionale de sant\u00e9 Ile-de-France en date \ndu 3 octobre 2025 , modifi\u00e9 par l'arr\u00eat\u00e9 n\u00b02025 -269 du Directeur g\u00e9n\u00e9ral de l'Agence r\u00e9gionale \nde sant\u00e9 \u00cele-de-France en date du 7 octobre 2025 ;  \n \n  \nCONSID\u00c9RANT \n \nque par arr\u00eat\u00e9 n\u00b02025 -260 du Directeur g\u00e9n\u00e9ral de l'Agence r\u00e9gionale de sant\u00e9 \n\u00cele-de-France en date du 3 octobre 2025 , modifi\u00e9 par l'arr\u00eat\u00e9 n\u00b02025 -269 du 7 \noctobre 2025,  Madame Florence BILLAULT a \u00e9t\u00e9 d\u00e9sign\u00e9e pour assurer le \nAgence R\u00e9gionale de Sant\u00e9 - IDF-2025-10-13-00009 - Arr\u00eat\u00e9 n\u00b02025-271 portant modification de l'arr\u00eat\u00e9 n\u00b02025-260 du Directeur\ng\u00e9n\u00e9ral de l'Agence r\u00e9gionale de sant\u00e9 \u00cele-de-France en date du 3 octobre 2025, modifi\u00e9 par l'arr\u00eat\u00e9 n\u00b02025-269 du 7 octobre 2025,\net relatif au renouvellement, pour une dur\u00e9e de quatre mois, de l'administration provisoire de l'Institut M\u00e9dico-\u00c9ducatif (IME)\nJacqueline et Claude Chapellier  sis 1, chemin du Pont \u00e0 Marines (95640)  FINESS n\u00b095 004 797 7), g\u00e9r\u00e9 par l'Association La Mayotte  \n5\n \n \n \n \n \n \n \nrenouvellement de l'administration provisoire de l'IME Jacqueline et Claude \nChapellier pour une dur\u00e9e de quatre mois \u00e0 compter du 8 octobre 2025 \u00e0 8h00 ;  \n \nque les services de l'Agence r\u00e9gionale de sant\u00e9 \u00cele-de-France ont \u00e9t\u00e9 inform\u00e9s de \nl'impossibilit\u00e9 pour Madame BILLAULT d'exercer cette mission au -del\u00e0 du 1 7 \noctobre 2025 ; qu'il convient, d\u00e8s lors, de modifier l'arr\u00eat\u00e9 n\u00b0 2025 -260 afin de \nproc\u00e9der \u00e0 une nouvelle d\u00e9signation pour le reste de la p\u00e9riode initialement pr\u00e9vue; \n \nque Madame Val\u00e9rie BRILLIARD est d\u00e9sign\u00e9e, par le pr\u00e9sent acte,  pour assurer \nla continuit\u00e9 de la mission d'administration provisoire de l'IME Jacqueline et Claude \nChapellier \u00e0 compter du 16 octobre 2025 \u00e0 8h30, et ce, jusqu'\u00e0 la date d'\u00e9ch\u00e9ance \ninitialement fix\u00e9e ; \n \nqu'il y a \u00e9galement lieu de pr\u00e9voir une courte p\u00e9riode de pr\u00e9sence commune de \nces deux administratrices provisoires afin d'assurer l'\u00e9change d'informations et \nl'expos\u00e9 des mesures mises en places depuis le 7 juillet 2025 ; \n \nqu'il convient donc par ailleurs de modifier la lettre de mission en cons\u00e9quence.  \n \nARR\u00caTE : \n \n \nARTICLE 1er : L'article 1 er de l'arr\u00eat\u00e9 n\u00b02025 -260 du 3 octobre 2025 , modifi\u00e9 par l'arr\u00eat\u00e9 \nn\u00b02025-360 du 7 octobre 2025,  renouvelant l'administration provisoire de de \nl'Institut M\u00e9dico-\u00c9ducatif \u00ab Jacqueline et Claude Chapellier \u00bb, pour une dur\u00e9e de \nquatre mois, \u00e0 compter du 8 octobre 2025 \u00e0 8 heures est inchang\u00e9. \n \nARTICLE 2 : L'article n\u00b02 de l'arr\u00eat\u00e9 n\u00b02025 -260 du 3 octobre 2025 , modifi\u00e9 par l'arr\u00eat\u00e9 \nn\u00b02025-269 du 7 octobre 2025, est modifi\u00e9 et compl\u00e9t\u00e9 comme suit : \n \n\u00ab Madame BILLAULT est nomm\u00e9e en qualit\u00e9 d'administratrice provisoire de l'IME \n\u00abJacqueline et Claude Chapellier \u00bb, du 8 octobre 2025 \u00e0 8 heures au 17 octobre \n2025 inclus dans le cadre fix\u00e9 par le code de l'action sociale et des familles.  \n \nMadame BRILLIARD est nomm\u00e9e en qualit\u00e9 d'administratrice provisoire de l'IME \n\u00abJacqueline et Claude Chapellier \u00bb, \u00e0 compter du 16  octobre 2025 \u00e0 8 heures 30 \ndans le cadre fix\u00e9 par le code de l'action sociale et des familles.  \n \nElles accompliront, chacune en ce qui les concerne durant leur p\u00e9riode de \nnomination respective, au nom d u D irecteur g\u00e9n\u00e9ral de l'Agence R\u00e9gionale de \nSant\u00e9 \u00cele-de-France et pour le compte de l 'association La Mayotte , les actes \nd'administration urgents ou n\u00e9cessaires pour mettre fin aux difficult\u00e9s constat\u00e9es \ndans cet \u00e9tablissement et y restaurer un fonctionnement satisfaisant, dans les \nconditions pr\u00e9vues par l'article L.313-14 du Code de l'action sociale et des familles \net pr\u00e9cis\u00e9es par la lettre de mission qui lui est notifi\u00e9e. \n \nA cette fin, elles disposent, chacune en ce qui les concerne durant leur p\u00e9riode de \nnomination respective, de tous les pouvoirs n\u00e9cessaires \u00e0 l'administration et \u00e0 la \ndirection de l'\u00e9tablissement et notamment en mati\u00e8re d'engagement juridique, de \ngestion comptable et financi\u00e8re de l'IME ainsi que de gestion des personnels. \u00bb \n \nARTICLE 3 :  L'article n\u00b03 de l'arr\u00eat\u00e9 n\u00b02025 -260 du 3 octobre 2025 , modifi\u00e9 par l'arr\u00eat\u00e9 \nn\u00b02025-269 du 7 octobre 2025, est modifi\u00e9 comme suit : \n \n\u00ab Au plus tard le 15 novembre 2025, Madame B RILLIARD remettra \u00e0 l'Agence \nr\u00e9gionale de sant\u00e9 \u00cele -de-France un document d'\u00e9tape portant sur la situation de \nl'\u00e9tablissement. Ce document devra comprendre : \nAgence R\u00e9gionale de Sant\u00e9 - IDF-2025-10-13-00009 - Arr\u00eat\u00e9 n\u00b02025-271 portant modification de l'arr\u00eat\u00e9 n\u00b02025-260 du Directeur\ng\u00e9n\u00e9ral de l'Agence r\u00e9gionale de sant\u00e9 \u00cele-de-France en date du 3 octobre 2025, modifi\u00e9 par l'arr\u00eat\u00e9 n\u00b02025-269 du 7 octobre 2025,\net relatif au renouvellement, pour une dur\u00e9e de quatre mois, de l'administration provisoire de l'Institut M\u00e9dico-\u00c9ducatif (IME)\nJacqueline et Claude Chapellier  sis 1, chemin du Pont \u00e0 Marines (95640)  FINESS n\u00b095 004 797 7), g\u00e9r\u00e9 par l'Association La Mayotte  \n6\nsig\n \n \n \n \n\u2212 un \u00e9tat des lieux actualis\u00e9 de l'organisation, du fonctionnement et des \nconditions de prise en charge des jeunes ; \n\u2212 un bilan circonstanci\u00e9 de la mise en \u0153uvre des injonctions fix\u00e9es \npr\u00e9c\u00e9demment, pr\u00e9cisant celles effectivement mises en \u0153uvre, celles restant \n\u00e0 engager, et les raisons motivant, le cas \u00e9ch\u00e9ant, leur non-application ; \n\u2212 une analyse des conditions n\u00e9cessaires \u00e0 la p\u00e9rennisation des mesures \ncorrectrices mises en place ; \n\u2212 l'identification des freins ou limites rencontr\u00e9s dans cette perspective. \n \n \nCe rapport constituera un \u00e9l\u00e9ment structurant pour appr\u00e9cier l'\u00e9volution de la \nsituation de l'\u00e9tablissement, en particulier au regard de la qualit\u00e9, de la continuit\u00e9 \net de la s\u00e9curit\u00e9 de la prise en charge. \u00bb \nARTICLE 4 : Les articles n\u00b04, n\u00b05, n\u00b06 et n\u00b07 de l'arr\u00eat\u00e9 n\u00b02025 -260 du 3 octobre 2025 , \nmodifi\u00e9 par l'arr\u00eat\u00e9 n\u00b02025-269 du 7 octobre 2025, sont inchang\u00e9s ; \n \n \nARTICLE 5 :  La Directrice d\u00e9partementale du Val d'Oise est charg\u00e9e de l'ex\u00e9cution du pr\u00e9sent \narr\u00eat\u00e9 qui sera notifi\u00e9 au Pr\u00e9sident de l'association La Mayotte et \u00e0 la directrice de \nl'IME \"Jacqueline  et Claude Chapellier\" et qui sera publi\u00e9 au recueil des actes \nadministratifs de la Pr\u00e9fecture de R\u00e9gion \u00cele-de-France et du D\u00e9partement du Val \nd'Oise.  \n \nFait \u00e0 Saint-Denis, le 13 octobre 2025 \n \nPour Le Directeur g\u00e9n\u00e9ral   \nde l'Agence R\u00e9gionale de Sant\u00e9  \n\u00cele-de-France, \nLa Directrice g\u00e9n\u00e9rale adjointe \n              \n              Sophie MARTINON \n  \n \n \n \nAgence R\u00e9gionale de Sant\u00e9 - IDF-2025-10-13-00009 - Arr\u00eat\u00e9 n\u00b02025-271 portant modification de l'arr\u00eat\u00e9 n\u00b02025-260 du Directeur\ng\u00e9n\u00e9ral de l'Agence r\u00e9gionale de sant\u00e9 \u00cele-de-France en date du 3 octobre 2025, modifi\u00e9 par l'arr\u00eat\u00e9 n\u00b02025-269 du 7 octobre 2025,\net relatif au renouvellement, pour une dur\u00e9e de quatre mois, de l'administration provisoire de l'Institut M\u00e9dico-\u00c9ducatif (IME)\nJacqueline et Claude Chapellier  sis 1, chemin du Pont \u00e0 Marines (95640)  FINESS n\u00b095 004 797 7), g\u00e9r\u00e9 par l'Association La Mayotte  \n7\nAgence R\u00e9gionale de Sant\u00e9\nIDF-2025-10-13-00014\nArr\u00eat\u00e9 n\u00b0  DOS/EFF/OFF/2025/100 constatant la\ncessation d\u00e9finitive d'activit\u00e9 d'une\nofficine de pharmacie\nAgence R\u00e9gionale de Sant\u00e9 - IDF-2025-10-13-00014 - Arr\u00eat\u00e9 n\u00b0  DOS/EFF/OFF/2025/100 constatant la cessation d\u00e9finitive d'activit\u00e9\nd'une\nofficine de pharmacie\n8\nEuREPUBLIQUEFRAN\u00c7AISELibert\u00e9\u00c9galit\u00e9Fraternit\u00e9 \u00a9 D Agence R\u00e9gionale de Sant\u00e9\u00cele-de-France\n \n \nAGENCE R\u00c9GIONALE DE SANT\u00c9 \u00ceLE-DE-FRANCE \nARR\u00caT\u00c9 N\u00b0 DOS/EFF/OFF/2025/100 constatant la cessation d\u00e9finitive d'activit\u00e9 d'une \nofficine de pharmacie \n \nLE DIRECTEUR G\u00c9N\u00c9RAL DE L'AGENCE R\u00c9GIONALE DE SANT\u00c9 \u00ceLE-DE-FRANCE \n \nVU le code de la sant\u00e9 publique  et notamment ses articles L. 5125 -21, L. 5125 -22,  \nR. 5125-30 et R. 5132-37 ; \n \nVU le d\u00e9cret du 10 avril 2024 portant nomination de Monsieur Denis ROBIN, Directeur g\u00e9n\u00e9ral de l'Agence \nr\u00e9gionale de sant\u00e9 \u00cele-de-France, \u00e0 compter du 29 avril 2024 ;  \n \nVU l'arr\u00eat\u00e9 n\u00b0 DS 034/2024 du 29 avril 2024, publi\u00e9 le 30 avril 2024, portant d\u00e9l\u00e9gation de signature du \nDirecteur g\u00e9n\u00e9ral de l'Agence r\u00e9gionale de sant\u00e9 \u00cele -de-France \u00e0 Monsieur Arnaud CORVAISIER, \nDirecteur de l'offre de soins et \u00e0 plusieurs de ses collaborateurs ;  \n \nVU l'arr\u00eat\u00e9 en date du 04 d\u00e9cembre 1942 portant octroi de la licence n\u00b075#000442 \u00e0 l'officine de pharmacie \nsise 134 avenue Pereire (75017) ; \n \nVU l'avis favorable d u Directeur g\u00e9n\u00e9ral de l'Agence  r\u00e9gionale de sant\u00e9 \u00cele-de-France en date  \ndu 16 septembre 2025 pr\u00e9alablement \u00e0 une op\u00e9ration de restructuration du r\u00e9seau officinal au sein du \n17\u00e8me arrondissement de Paris (75017) ; \n \nVU la d\u00e9claration en date du 29 juillet 2025  par laquelle Monsieur Gilbert Man LY CONG KIEU informe de \nla cessation d\u00e9finitive de l'activit\u00e9 de l'officine de pharmacie sise 134 avenue Pereire (75017) dont il est \ntitulaire et restitue la licence correspondante ; \n \nCONSIDERANT que le titulaire d\u00e9clare cesser d\u00e9finitivement l'activit\u00e9 de l'officine \u00e0 compter du 31 d\u00e9cembre \n2025 ;  \n \nARR\u00caTE \n \nARTICLE 1er : La cessation d\u00e9finitive d'activit\u00e9 depuis le 31 d\u00e9cembre 2025 de l'officine de pharmacie exploit\u00e9e \npar Monsieur Gilbert Man LY CONG KIEU sise 134 avenue Pereire (75017) est constat\u00e9e. \n \nLa licence n\u00b075#000442 est caduque \u00e0 compter de cette date. \n \nARTICLE 2e : Un recours contentieux contre le pr\u00e9sent arr\u00eat\u00e9 peut \u00eatre form\u00e9 aupr\u00e8s du tribunal administratif \ncomp\u00e9tent. Le d\u00e9lai de recours est de deux mois \u00e0 compter de la notification de l'arr\u00eat\u00e9 pour les \nint\u00e9ress\u00e9s ou de sa publication pour les tiers. \n \nARTICLE 3e : Le Directeur g\u00e9n\u00e9ral de l'Agence r\u00e9gionale de sant\u00e9 \u00cele-de-France est charg\u00e9 de l'ex\u00e9cution du \npr\u00e9sent arr\u00eat\u00e9 qui sera publi\u00e9 au recueil des actes administratifs de la pr\u00e9fecture de la r\u00e9gion   \n\u00cfle-de-France. \n        \nFait \u00e0 Saint-Denis, le 13 octobre 2025 \n \nLe Directeur g\u00e9n\u00e9ral \nde l'Agence r\u00e9gionale de sant\u00e9  \n\u00cele-de-France \n \nPar d\u00e9l\u00e9gation \n \nLe Directeur du P\u00f4le Efficience \n \nSIGN\u00c9 \n \nFabien P\u00c9RUS   \n \n \nAgence R\u00e9gionale de Sant\u00e9 - IDF-2025-10-13-00014 - Arr\u00eat\u00e9 n\u00b0  DOS/EFF/OFF/2025/100 constatant la cessation d\u00e9finitive d'activit\u00e9\nd'une\nofficine de pharmacie\n9\nAgence R\u00e9gionale de Sant\u00e9\nIDF-2025-10-13-00013\nArr\u00eat\u00e9 n\u00b0  DOS/EFF/OFF/2025/97 constatant la\ncaducit\u00e9 d'une licence d'une officine de\npharmacie\nAgence R\u00e9gionale de Sant\u00e9 - IDF-2025-10-13-00013 - Arr\u00eat\u00e9 n\u00b0  DOS/EFF/OFF/2025/97 constatant la caducit\u00e9 d'une licence d'une\nofficine de\npharmacie\n10\nREPUBLIQUEFRANCAISELibert\u00e9Egalit\u00e9Fraternit\u00e9\ne \u00bb Agence R\u00e9gionale de Sant\u00e9Ile-de-France\n \n \n \nAGENCE R\u00c9GIONALE DE SANT\u00c9 \u00ceLE-DE-FRANCE \nARR\u00caT\u00c9 N\u00b0 DOS/EFF/OFF/2025/97 constatant la caducit\u00e9 d'une licence d'une officine de \npharmacie \n \nLE DIRECTEUR G\u00c9N\u00c9RAL DE L'AGENCE R\u00c9GIONALE DE SANT\u00c9 \u00ceLE-DE-FRANCE \n \nVU le code de la sant\u00e9 publique ; \n \nVU le d\u00e9cret du 10 avril 2024 portant nomination de Monsieur Denis ROBIN, Directeur g\u00e9n\u00e9ral de l'Agence r\u00e9gionale \nde sant\u00e9 \u00cele-de-France, \u00e0 compter du 29 avril 2024 ;  \n \nVU l'arr\u00eat\u00e9 n\u00b0 DS 034/2024 du 29 avril 2024, publi\u00e9 le 30 avril 2024, portant d\u00e9l\u00e9gation de signature du Directeur \ng\u00e9n\u00e9ral de l'Agence r\u00e9gionale de sant\u00e9 \u00cele -de-France \u00e0 Monsieur  Arnaud CORVAISIER, Directeur de l'offre de \nsoins et \u00e0 plusieurs de ses collaborateurs ; \n \nVU l'arr\u00eat\u00e9 en date du  14 novembre 1966 , portant octroi de la licence n\u00b0 95#000972 \u00e0 l'officine de pharmacie  sise \n15 avenue du G\u00e9n\u00e9ral de Gaulle \u00e0 Soisy-sous-Montmorency (95230) ; \n \nVU l'arr\u00eat\u00e9 n\u00b0 DOS/EFF/OFF/2024-31 en date du 2 avril 2024 ayant autoris\u00e9 le transfert d'une officine de pharmacie \nvers le 8 avenue du G\u00e9n\u00e9ral de Gaulle \u00e0 Soisy -sous-Montmorency (95230) et octroyant la licence n\u00b095#001138 \n\u00e0 l'officine de pharmacie ainsi transf\u00e9r\u00e9e ; \n \n \nVU \n \nla d\u00e9claration en date du 08 ao\u00fbt 2025 par laquelle Monsieur Jean-Michel COUVREUX et M. St\u00e9phane HUCHET \ninforme l'Agence r\u00e9gionale de sant\u00e9 de l'ouverture effective au public de l'officine sise 8 avenue du G\u00e9n\u00e9ral de \nGaulle \u00e0 Soisy-sous-Montmorency (95230) suite \u00e0 transfert et restitue la licence n\u00b0 95#000972; \n \nCONSIDERANT que l'officine de pharmacie issue du transfert autoris\u00e9 par arr\u00eat\u00e9 du 02 avril 2025 susvis\u00e9, sise \n8 avenue du G\u00e9n\u00e9ral de Gaulle \u00e0 Soisy-sous-Montmorency (95230) et exploit\u00e9e sous la licence \nn\u00b095#001138, est effectivement ouverte au public \u00e0 compter du 18 ao\u00fbt 2025 ; \n \nCONSIDERANT que l'ouverture au public de l'officine exploit\u00e9e sous la licence n\u00b0 95#001138 entra\u00eene  la \ncaducit\u00e9 de la licence n\u00b095#000972 ;  \n \nCONSIDERANT qu'il y a lieu de constater cette caducit\u00e9 ; \n \n \nARR\u00caTE \n \n \nARTICLE 1er : Est constat\u00e9e, \u00e0 compter du 18 ao\u00fbt 2025, la caducit\u00e9 de la licence n\u00b0 95#000972, du \nfait de l'ouverture effective au public, sous la licence n\u00b0 95#001138, de l'officine de \npharmacie issue du transfert vers le local sis 8 avenue du G\u00e9n\u00e9ral de Gaulle \u00e0 Soisy -\nsous-Montmorency (95230). \n \nARTICLE 2e : Un recours contentieux contre le pr\u00e9sent arr\u00eat\u00e9 peut \u00eatre form\u00e9 aupr\u00e8s du tribunal \nadministratif comp\u00e9tent. Le d\u00e9lai de recours est de deux mois \u00e0 compter de la \nnotification de l'arr\u00eat\u00e9 pour les int\u00e9ress\u00e9s ou de sa publication pour les tiers.  \n \nAgence R\u00e9gionale de Sant\u00e9 - IDF-2025-10-13-00013 - Arr\u00eat\u00e9 n\u00b0  DOS/EFF/OFF/2025/97 constatant la caducit\u00e9 d'une licence d'une\nofficine de\npharmacie\n11\n \n \nARTICLE 3e : Le Directeur g\u00e9n\u00e9ral de l'Agence r\u00e9gionale de sant\u00e9 \u00cele-de-France est charg\u00e9 de \nl'ex\u00e9cution du pr\u00e9sent arr\u00eat\u00e9 qui sera publi\u00e9 au recueil des actes administratifs de la \npr\u00e9fecture de la r\u00e9gion \u00cele-de-France. \n        \n \nFait \u00e0 Saint-Denis, le 13 octobre 2025 \n \n \nLe Directeur g\u00e9n\u00e9ral \nde l'Agence r\u00e9gionale de sant\u00e9  \n\u00cele-de-France \n \nPar d\u00e9l\u00e9gation \n \nLe Directeur du P\u00f4le Efficience \n \nSIGN\u00c9 \n \nFabien P\u00c9RUS   \n \nAgence R\u00e9gionale de Sant\u00e9 - IDF-2025-10-13-00013 - Arr\u00eat\u00e9 n\u00b0  DOS/EFF/OFF/2025/97 constatant la caducit\u00e9 d'une licence d'une\nofficine de\npharmacie\n12\nAgence R\u00e9gionale de Sant\u00e9\nIDF-2025-10-13-00012\nArr\u00eat\u00e9 n\u00b0 DOS/EFF/OFF/2025/102 constatant la\ncessation d\u00e9finitive d'activit\u00e9 d'une officine de\npharmacie\nAgence R\u00e9gionale de Sant\u00e9 - IDF-2025-10-13-00012 - Arr\u00eat\u00e9 n\u00b0 DOS/EFF/OFF/2025/102 constatant la cessation d\u00e9finitive d'activit\u00e9\nd'une officine de pharmacie 13\nEuREPUBLIQUEFRAN\u00c7AISELibert\u00e9\u00c9galit\u00e9Fraternit\u00e9 \u00a9 D Agence R\u00e9gionale de Sant\u00e9\u00cele-de-France\n \n \nAGENCE R\u00c9GIONALE DE SANT\u00c9 \u00ceLE-DE-FRANCE \nARR\u00caT\u00c9 N\u00b0 DOS/EFF/OFF/2025/102 constatant la cessation d\u00e9finitive d'activit\u00e9 d'une \nofficine de pharmacie \n \nLE DIRECTEUR G\u00c9N\u00c9RAL DE L'AGENCE R\u00c9GIONALE DE SANT\u00c9 \u00ceLE-DE-FRANCE \n \nVU le code de la sant\u00e9 publique  et notamment ses articles L. 5125 -21, L. 5125 -22,  \nR. 5125-30 et R. 5132-37 ; \n \nVU le d\u00e9cret du 10 avril 2024 portant nomination de Monsieur Denis ROBIN, Directeur g\u00e9n\u00e9ral de l'Agence \nr\u00e9gionale de sant\u00e9 \u00cele-de-France, \u00e0 compter du 29 avril 2024 ;  \n \nVU l'arr\u00eat\u00e9 n\u00b0 DS 034/2024 du 29 avril 2024, publi\u00e9 le 30 avril 2024, portant d\u00e9l\u00e9gation de signature du \nDirecteur g\u00e9n\u00e9ral de l'Agence r\u00e9gionale de sant\u00e9 \u00cele -de-France \u00e0 Monsieur Arnaud CORVAISIER, \nDirecteur de l'offre de soins et \u00e0 plusieurs de ses collaborateurs ;  \n \nVU l'arr\u00eat\u00e9 en date du 01 juin 1943 portant octroi de la licence n\u00b092#001501 \u00e0 l'officine de pharmacie sise  \n153 avenue Achille Peretti \u00e0 Neuilly-sur-seine (92200); \n \nVU l'avis favorable d u Directeur g\u00e9n\u00e9ral de  l'Agence r\u00e9gionale de sant\u00e9 \u00cele-de-France en date du   \n10 juin 2025 pr\u00e9alablement \u00e0 une op\u00e9ration de restructuration du r\u00e9seau officinal au sein de la commune \nde Neuilly-sur-Seine (92200) ; \n \nVU la d\u00e9claration en date du 17 octobre 2025 par laquelle Madame et Monsieur GROUSSIER informent de \nla cessation  d\u00e9finitive de l'activit\u00e9 de l'officine de pharmacie sise 153 avenue Achille Peretti \u00e0 Neuilly -\nsur-Seine (92200) dont ils sont titulaires et restituent la licence correspondante ; \n \n  \nCONSIDERANT que le s titulaires d\u00e9clarent cesser d\u00e9finitivement l'activit\u00e9 de l'officine \u00e0 compter du  \n31 ao\u00fbt 2025 \u00e0 minuit ;  \n \nARR\u00caTE \n \nARTICLE 1er : La cessation d\u00e9finitive d'activit\u00e9 depuis le 31 ao\u00fbt 2025 \u00e0 minuit de l'officine de pharmacie \nexploit\u00e9e par Madame et Monsieur GROUSSIER  sise 153 avenue Achille Peretti \u00e0 Neuilly -sur-\nSeine (92200) est constat\u00e9e. \n \nLa licence n\u00b092#001501 est caduque \u00e0 compter de cette date. \n \nARTICLE 2e : Un recours contentieux contre le pr\u00e9sent arr\u00eat\u00e9 peut \u00eatre form\u00e9 aupr\u00e8s du tribunal administratif \ncomp\u00e9tent. Le d\u00e9lai de recours est de deux mois \u00e0 compter de la notification de l'arr\u00eat\u00e9 pour les \nint\u00e9ress\u00e9s ou de sa publication pour les tiers. \n \nARTICLE 3e : Le Directeur g\u00e9n\u00e9ral de l'Agence r\u00e9gionale de sant\u00e9 \u00cele-de-France est charg\u00e9 de l'ex\u00e9cution du \npr\u00e9sent arr\u00eat\u00e9 qui sera publi\u00e9 au recueil des actes administratifs de la pr\u00e9fecture de la r\u00e9gion   \n\u00cfle-de-France. \n        \nFait \u00e0 Saint-Denis, le 13 octobre 2025 \n \n \nLe Directeur g\u00e9n\u00e9ral \nde l'Agence r\u00e9gionale de sant\u00e9  \n\u00cele-de-France \n \nPar d\u00e9l\u00e9gation \n \nLe Directeur du P\u00f4le Efficience \n \nSIGN\u00c9 \n \nFabien P\u00c9RUS   \nAgence R\u00e9gionale de Sant\u00e9 - IDF-2025-10-13-00012 - Arr\u00eat\u00e9 n\u00b0 DOS/EFF/OFF/2025/102 constatant la cessation d\u00e9finitive d'activit\u00e9\nd'une officine de pharmacie 14\nAgence R\u00e9gionale de Sant\u00e9\nIDF-2025-10-08-00013\nArr\u00eat\u00e9 n\u00b0 DOS/EFF/OFF/2025/103 constatant la\ncaducit\u00e9 d'une licence d'une officine de\npharmacie\nAgence R\u00e9gionale de Sant\u00e9 - IDF-2025-10-08-00013 - Arr\u00eat\u00e9 n\u00b0 DOS/EFF/OFF/2025/103 constatant la caducit\u00e9 d'une licence d'une\nofficine de\npharmacie\n15\nREPUBLIQUEFRANCAISELibert\u00e9Egalit\u00e9Fraternit\u00e9\ne \u00bb Agence R\u00e9gionale de Sant\u00e9Ile-de-France\n \n \n \n \n \nAGENCE R\u00c9GIONALE DE SANT\u00c9 \u00ceLE-DE-FRANCE \nARR\u00caT\u00c9 N\u00b0 DOS/EFF/OFF/2025/103 constatant la caducit\u00e9 d'une licence d'une officine de \npharmacie \nLE DIRECTEUR G\u00c9N\u00c9RAL DE L'AGENCE R\u00c9GIONALE DE SANT\u00c9 \u00ceLE-DE-FRANCE \n \nVU le code de la sant\u00e9 publique ; \n \nVU le d\u00e9cret du 10 avril 2024 portant nomination de Monsieur Denis ROBIN, Directeur g\u00e9n\u00e9ral de l'Agence r\u00e9gionale \nde sant\u00e9 \u00cele-de-France, \u00e0 compter du 29 avril 2024 ;  \n \nVU l'arr\u00eat\u00e9 n\u00b0 DS 034/2024 du 29 avril 2024, publi\u00e9 le 30 avril 2024, portant d\u00e9l\u00e9gation de signature du Directeur \ng\u00e9n\u00e9ral de l'Agence r\u00e9gionale de sant\u00e9 \u00cele -de-France \u00e0 Monsieur  Arnaud CORVAISIER, Directeur de l'offre de \nsoins et \u00e0 plusieurs de ses collaborateurs ; \n \nVU l'arr\u00eat\u00e9 en date du 05 d\u00e9cembre 1942 , portant octroi de la licence n\u00b0 93#000005 \u00e0 l'officine de pharmacie  sise \n13 avenue Henri Barbusse au Blanc-Mesnil (93150) ; \n \nVU l'arr\u00eat\u00e9 n\u00b0 DOS/EFF/OFF/2025-30 en date du 22 mai 2025 ayant autoris\u00e9 le transfert d'une officine de pharmacie \ndu 13 avenue Henri Barbusse vers le 18 avenue Henri Barbusse  au sein de la m\u00eame commune du Blanc-Mesnil \n(93150) et octroyant la licence n\u00b093#002580 \u00e0 l'officine de pharmacie ainsi transf\u00e9r\u00e9e ; \n \nVU \n \nla d\u00e9claration en date du 11 septembre 2025  par laquelle  Madame Ibticem NAGGOUDI  informe l'Agence \nr\u00e9gionale de sant\u00e9 de l'ouverture effective au public de l'officine de pharmacie sise sise 18 avenue Henri Barbusse \nau Blanc-Mesnil (93150) suite \u00e0 transfert et restitue la licence n\u00b0 93#002580 ; \n \n \n \nCONSIDERANT que l'officine de pharmacie issue du transfert autoris\u00e9 par arr\u00eat\u00e9 du 22 mai 2025  susvis\u00e9, sise \n18 avenue Henri Barbusse au Blanc-Mesnil (93150)  et exploit\u00e9e sous la licence n\u00b093#002580, \nest effectivement ouverte au public \u00e0 compter du 24 ao\u00fbt 2025 \u00e0 minuit ; \n \nCONSIDERANT que l'ouverture au public de l'officine exploit\u00e9e sous la licence n\u00b0 93#002580 entra\u00eene la \ncaducit\u00e9 de la licence n\u00b093#000005 ;  \n \nCONSIDERANT qu'il y a lieu de constater cette caducit\u00e9 ; \n \n \nARR\u00caTE \n \n \nARTICLE 1er : Est constat\u00e9e, \u00e0 compter du 24 ao\u00fbt 2025  \u00e0 minuit , la caducit\u00e9 de la licence \nn\u00b093#000005, du fait de l'ouverture effective au public, sous la licence n\u00b093#002580, de \nl'officine de pharmacie issue du transfert vers le local sis 18 avenue Henri Barbusse au \nBlanc-Mesnil (93150). \n \nARTICLE 2e : Un recours contentieux contre le pr\u00e9sent arr\u00eat\u00e9 peut \u00eatre form\u00e9 aupr\u00e8s du tribunal \nadministratif comp\u00e9tent. Le d\u00e9lai de recours est de deux mois \u00e0 compter de la \nnotification de l'arr\u00eat\u00e9 pour les int\u00e9ress\u00e9s ou de sa publication pour les tiers. \nAgence R\u00e9gionale de Sant\u00e9 - IDF-2025-10-08-00013 - Arr\u00eat\u00e9 n\u00b0 DOS/EFF/OFF/2025/103 constatant la caducit\u00e9 d'une licence d'une\nofficine de\npharmacie\n16\n \n \n \nARTICLE 3e : Le Directeur g\u00e9n\u00e9ral de l'Agence r\u00e9gionale de sant\u00e9 \u00cele-de-France est charg\u00e9 de \nl'ex\u00e9cution du pr\u00e9sent arr\u00eat\u00e9 qui sera publi\u00e9 au recueil des actes administratifs de la \npr\u00e9fecture de la r\u00e9gion \u00cele-de-France. \n        \n \nFait \u00e0 Saint-Denis, le 08 octobre 2025 \n \nLe Directeur g\u00e9n\u00e9ral \nde l'Agence r\u00e9gionale de sant\u00e9  \n\u00cele-de-France \n \nPar d\u00e9l\u00e9gation \n \nLe Directeur du P\u00f4le Efficience \n \nSIGN\u00c9 \n \nFabien P\u00c9RUS \nAgence R\u00e9gionale de Sant\u00e9 - IDF-2025-10-08-00013 - Arr\u00eat\u00e9 n\u00b0 DOS/EFF/OFF/2025/103 constatant la caducit\u00e9 d'une licence d'une\nofficine de\npharmacie\n17\nAgence R\u00e9gionale de Sant\u00e9\nIDF-2025-10-08-00016\nArr\u00eat\u00e9 n\u00b0 DOS/EFF/OFF/2025/104 constatant la\ncaducit\u00e9 d'une licence d'une officine de\npharmacie\nAgence R\u00e9gionale de Sant\u00e9 - IDF-2025-10-08-00016 - Arr\u00eat\u00e9 n\u00b0 DOS/EFF/OFF/2025/104 constatant la caducit\u00e9 d'une licence d'une\nofficine de pharmacie 18\nREPUBLIQUEFRANCAISELibert\u00e9Egalit\u00e9Fraternit\u00e9\ne \u00bb Agence R\u00e9gionale de Sant\u00e9Ile-de-France\n \n \n \n \n \n \nAGENCE R\u00c9GIONALE DE SANT\u00c9 \u00ceLE-DE-FRANCE \nARR\u00caT\u00c9 N\u00b0 DOS/EFF/OFF/2025/104 constatant la caducit\u00e9 d'une licence d'une officine de \npharmacie \nLE DIRECTEUR G\u00c9N\u00c9RAL DE L'AGENCE R\u00c9GIONALE DE SANT\u00c9 \u00ceLE-DE-FRANCE \n \n \nVU le code de la sant\u00e9 publique ; \n \nVU le d\u00e9cret du 10 avril 2024 portant nomination de Monsieur Denis ROBIN, Directeur g\u00e9n\u00e9ral de l'Agence r\u00e9gionale \nde sant\u00e9 \u00cele-de-France, \u00e0 compter du 29 avril 2024 ;  \n \nVU l'arr\u00eat\u00e9 n\u00b0 DS 034/2024 du 29 avril 2024, publi\u00e9 le 30 avril 2024, portant d\u00e9l\u00e9gation de signature du Directeur \ng\u00e9n\u00e9ral de l'Agence r\u00e9gionale de sant\u00e9 \u00cele -de-France \u00e0 Monsieur  Arnaud CORVAISIER, Directeur de l'offre de \nsoins et \u00e0 plusieurs de ses collaborateurs ; \n \nVU l'arr\u00eat\u00e9 en date du 24 janvier 1944, portant octroi de la licence n\u00b0 75#001796 \u00e0 l'officine de pharmacie sise 4 rue \nOrdener \u00e0 Paris (75018) ; \n \nVU l'arr\u00eat\u00e9 n\u00b0 DOS/EFF/OFF/2025-29 en date du 05 mars 2025 ayant autoris\u00e9 le transfert d'une officine de pharmacie \ndu 4 rue Ordener \u00e0 Paris (75018) vers le 33 rue Pierre Mauroy \u00e0 Paris (75018) et octroyant la licence n\u00b075#001926 \n\u00e0 l'officine de pharmacie ainsi transf\u00e9r\u00e9e ; \n \nVU \n \nla d\u00e9claration en date du 11 septembre 2025 par laquelle Monsieur Ehsan HAGER informe l'Agence r\u00e9gionale \nde sant\u00e9 de l'ouverture effective au public de l'officine sise 33 rue Pierre Mauroy \u00e0 Paris (75018) suite \u00e0 transfert \net restitue la licence n\u00b0 75#001796; \n \n \n \nCONSIDERANT que l'officine de pharmacie issue du transfert autoris\u00e9 par arr\u00eat\u00e9 du 05 mars 2025 susvis\u00e9, sise \n33 rue Pierre Mauroy \u00e0 Paris (75018)  et exploit\u00e9e sous la licence n\u00b0 75#001926, est \neffectivement ouverte au public \u00e0 compter du 01 septembre 2025 ; \n \nCONSIDERANT que l'ouverture au public de l'officine exploit\u00e9e sous la licence n\u00b0 75#001926 entra\u00eene la \ncaducit\u00e9 de la licence n\u00b075#001796;  \n \nCONSIDERANT qu'il y a lieu de constater cette caducit\u00e9 ; \n \nARR\u00caTE \n \n \nARTICLE 1er : Est constat\u00e9e, \u00e0 compter du 01 septembre 2025, la caducit\u00e9 de la licence n\u00b075#001796, du fait \nde l'ouverture effective au public, sous la licence n\u00b075#001926, de l'officine de pharmacie issue \ndu transfert vers le local sis 33 rue Pierre Mauroy \u00e0 Paris (75018). \n \nAgence R\u00e9gionale de Sant\u00e9 - IDF-2025-10-08-00016 - Arr\u00eat\u00e9 n\u00b0 DOS/EFF/OFF/2025/104 constatant la caducit\u00e9 d'une licence d'une\nofficine de pharmacie 19\n \n \nARTICLE 2e : Un recours contentieux contre le pr\u00e9sent arr\u00eat\u00e9 peut \u00eatre form\u00e9 aupr\u00e8s du tribunal administratif \ncomp\u00e9tent. Le d\u00e9lai de recours est de deux mois \u00e0 compter de la notification de l'arr\u00eat\u00e9 pour les \nint\u00e9ress\u00e9s ou de sa publication pour les tiers. \n \nARTICLE 3e : Le Directeur g\u00e9n\u00e9ral de l'Agence r\u00e9gionale de sant\u00e9 \u00cele-de-France est charg\u00e9 de l'ex\u00e9cution du \npr\u00e9sent arr\u00eat\u00e9 qui sera publi\u00e9 au recueil des actes administratifs de la pr\u00e9fecture de la r\u00e9gion \n\u00cele-de-France. \n        Fait \u00e0 Saint-Denis, le 08 octobre 2025 \n \n \nLe Directeur g\u00e9n\u00e9ral \nde l'Agence r\u00e9gionale de sant\u00e9  \n\u00cele-de-France \n \nPar d\u00e9l\u00e9gation \n \nLe Directeur du P\u00f4le Efficience \n \nSIGN\u00c9 \n \nFabien P\u00c9RUS \nAgence R\u00e9gionale de Sant\u00e9 - IDF-2025-10-08-00016 - Arr\u00eat\u00e9 n\u00b0 DOS/EFF/OFF/2025/104 constatant la caducit\u00e9 d'une licence d'une\nofficine de pharmacie 20\nAgence R\u00e9gionale de Sant\u00e9\nIDF-2025-10-13-00015\nArr\u00eat\u00e9 n\u00b0 DOS/EFF/OFF/2025/105  constatant la\ncaducit\u00e9 d'une licence d'une officine de\npharmacie\nAgence R\u00e9gionale de Sant\u00e9 - IDF-2025-10-13-00015 - Arr\u00eat\u00e9 n\u00b0 DOS/EFF/OFF/2025/105  constatant la caducit\u00e9 d'une licence d'une\nofficine de pharmacie 21\nREPUBLIQUEFRANCAISELibert\u00e9Egalit\u00e9Fraternit\u00e9\ne \u00bb Agence R\u00e9gionale de Sant\u00e9Ile-de-France\n \n \n \n \nAGENCE R\u00c9GIONALE DE SANT\u00c9 \u00ceLE-DE-FRANCE \nARR\u00caT\u00c9 N\u00b0 DOS/EFF/OFF/2025/105 constatant la caducit\u00e9 d'une licence d'une officine de \npharmacie \nLE DIRECTEUR G\u00c9N\u00c9RAL DE L'AGENCE R\u00c9GIONALE DE SANT\u00c9 \u00ceLE-DE-FRANCE \n \nVU le code de la sant\u00e9 publique ; \n \nVU le d\u00e9cret du 10 avril 2024 portant nomination de Monsieur Denis ROBIN, Directeur g\u00e9n\u00e9ral de l'Agence r\u00e9gionale \nde sant\u00e9 \u00cele-de-France, \u00e0 compter du 29 avril 2024 ;  \n \nVU l'arr\u00eat\u00e9 n\u00b0 DS 034/2024 du 29 avril 2024, publi\u00e9 le 30 avril 2024, portant d\u00e9l\u00e9gation de signature du Directeur \ng\u00e9n\u00e9ral de l'Agence r\u00e9gionale de sant\u00e9 \u00cele -de-France \u00e0 Monsieur  Arnaud CORVAISIER, Directeur de l'offre de \nsoins et \u00e0 plusieurs de ses collaborateurs ; \n \nVU l'arr\u00eat\u00e9 en date du 05 avril 1957, portant octroi de la licence n\u00b091#000665 \u00e0 l'officine de pharmacie sise 3 avenue \nPaul Vaillant couturier \u00e0 Sainte-Genevi\u00e8ve-des-Bois (91700) ; \n \nVU l'arr\u00eat\u00e9 n\u00b0  DOS/EFF/OFF/2025-28 en date du 28 f\u00e9vrier 2025  ayant autoris\u00e9 le transfert d'une officine  de \npharmacie du 3 avenue Paul Vaillant couturier \u00e0 Sainte-Genevi\u00e8ve-des-Bois (91700) vers le 3 place du Pr\u00e9sident \nFranklin \u00e0 Sainte-Genevi\u00e8ve-des-Bois (91700) et octroyant la licence n\u00b091#001609 \u00e0 l'officine de pharmacie ainsi \ntransf\u00e9r\u00e9e ; \n \nVU \n \nla d\u00e9claration en date du 11 septembre 2025 par laquelle Madame Sophie DURAND informe l'Agence r\u00e9gionale \nde sant\u00e9 de l'ouverture effective au public de l'officine sise  3 place du Pr\u00e9sident Franklin \u00e0 Sainte-Genevi\u00e8ve-\ndes-Bois (91700) suite \u00e0 transfert et restitue la licence n\u00b0 91#000665 ; \n \n \nCONSIDERANT que l'officine de pharmacie issue du transfert autoris\u00e9 par arr\u00eat\u00e9 du 28 f\u00e9vrier 2025  susvis\u00e9, \nsise 3 place du Pr\u00e9sident Franklin \u00e0 Sainte-Genevi\u00e8ve-des-Bois (91700) et exploit\u00e9e sous la \nlicence n\u00b091#001609, est effectivement ouverte au public \u00e0 compter du 01 septembre 2025 ; \n \nCONSIDERANT que l'ouverture au public de l'officine exploit\u00e9e sous la licence n\u00b0 91#001609 entra\u00eene la \ncaducit\u00e9 de la licence n\u00b091#000665 ;  \n \nCONSIDERANT qu'il y a lieu de constater cette caducit\u00e9 ; \n \n \nARR\u00caTE \n \n \nARTICLE 1er : Est constat\u00e9e, \u00e0 compter du 01 septembre 2025, la caducit\u00e9 de la licence n\u00b091#000665, \ndu fait de l'ouverture effective au public, sous la licence n\u00b0 91#001609, de l'officine de \npharmacie issue du transfert  vers le local sis 3 place du Pr\u00e9sident Franklin \u00e0 Sainte-\nGenevi\u00e8ve-des-Bois (91700). \n \nARTICLE 2e : Un recours contentieux contre le pr\u00e9sent arr\u00eat\u00e9 peut \u00eatre form\u00e9 aupr\u00e8s du tribunal \nadministratif comp\u00e9tent. Le d\u00e9lai de recours est de deux mois \u00e0 compter de la \nnotification de l'arr\u00eat\u00e9 pour les int\u00e9ress\u00e9s ou de sa publication pour les tiers.  \n \nAgence R\u00e9gionale de Sant\u00e9 - IDF-2025-10-13-00015 - Arr\u00eat\u00e9 n\u00b0 DOS/EFF/OFF/2025/105  constatant la caducit\u00e9 d'une licence d'une\nofficine de pharmacie 22\n \n \nARTICLE 3e : Le Directeur g\u00e9n\u00e9ral de l'Agence r\u00e9gionale de sant\u00e9 \u00cele-de-France est charg\u00e9 de \nl'ex\u00e9cution du pr\u00e9sent arr\u00eat\u00e9 qui sera publi\u00e9 au recueil des actes administratifs de la \npr\u00e9fecture de la r\u00e9gion \u00cele-de-France. \n        \n \nFait \u00e0 Saint-Denis, le 13 octobre 2025 \n \n \nLe Directeur g\u00e9n\u00e9ral \nde l'Agence r\u00e9gionale de sant\u00e9  \n\u00cele-de-France \n \nPar d\u00e9l\u00e9gation \n \nLe Directeur du P\u00f4le Efficience \n \nSIGN\u00c9 \n \nFabien P\u00c9RUS   \n \nAgence R\u00e9gionale de Sant\u00e9 - IDF-2025-10-13-00015 - Arr\u00eat\u00e9 n\u00b0 DOS/EFF/OFF/2025/105  constatant la caducit\u00e9 d'une licence d'une\nofficine de pharmacie 23\nAgence R\u00e9gionale de Sant\u00e9\nIDF-2025-10-08-00015\nArr\u00eat\u00e9 n\u00b0 DOS/EFF/OFF/2025/106 constatant la\ncaducit\u00e9 d'une licence d'une officine de\npharmacie\nAgence R\u00e9gionale de Sant\u00e9 - IDF-2025-10-08-00015 - Arr\u00eat\u00e9 n\u00b0 DOS/EFF/OFF/2025/106 constatant la caducit\u00e9 d'une licence d'une\nofficine de\npharmacie\n24\nREPUBLIQUEFRANCAISELibert\u00e9Egalit\u00e9Fraternit\u00e9\ne \u00bb Agence R\u00e9gionale de Sant\u00e9Ile-de-France\n \n \n \nAGENCE R\u00c9GIONALE DE SANT\u00c9 \u00ceLE-DE-FRANCE \nARR\u00caT\u00c9 N\u00b0 DOS/EFF/OFF/2025/106 constatant la caducit\u00e9 d'une licence d'une officine de \npharmacie \n \n \nLE DIRECTEUR G\u00c9N\u00c9RAL DE L'AGENCE R\u00c9GIONALE DE SANT\u00c9 \u00ceLE-DE-FRANCE \n \nVU le code de la sant\u00e9 publique ; \n \nVU le d\u00e9cret du 10 avril 2024 portant nomination de Monsieur Denis ROBIN, Directeur g\u00e9n\u00e9ral de l'Agence r\u00e9gionale \nde sant\u00e9 \u00cele-de-France, \u00e0 compter du 29 avril 2024 ;  \n \nVU l'arr\u00eat\u00e9 n\u00b0 DS 034/2024 du 29 avril 2024, publi\u00e9 le 30 avril 2024, portant d\u00e9l\u00e9gation de signature du Directeur \ng\u00e9n\u00e9ral de l'Agence r\u00e9gionale de sant\u00e9 \u00cele -de-France \u00e0 Monsieur  Arnaud CORVAISIER, Directeur de l'offre de \nsoins et \u00e0 plusieurs de ses collaborateurs ; \n \nVU l'arr\u00eat\u00e9 en date du 19 octobre 1972 , portant octroi de la licence n\u00b0 91#000071 \u00e0 l'officine de pharmacie  sise  \n43 rue des Ponts \u00e0 Morigny-Champigny (91150) ; \n \nVU l'arr\u00eat\u00e9 n\u00b0 DOS/EFF/OFF/2024-88 en date du 23 septembre 2024  ayant autoris\u00e9 le transfert d'une  officine de \npharmacie vers le 2 bis rue des Ponts \u00e0 Morigny-Champigny (91150)  et octroyant la licence n\u00b0 91#001608 \u00e0 \nl'officine de pharmacie ainsi transf\u00e9r\u00e9e ; \n \nVU l'arr\u00eat\u00e9 n\u00b0 DOS/EFF/OFF/2025 -76 en date du 28 juillet 2025 modifiant l 'adresse de transfert de l'officine de \npharmacie suite \u00e0 une  nouvelle num\u00e9rotation de la municipalit\u00e9 du  2 bis rue des Ponts \u00e0 Morigny -Champigny \n(91150) au 10 place du Parc \u00e0 Morigny-Champigny (91150) par arr\u00eat\u00e9 de DOS/EFF/OFF/2024-88 ; \n \nVU \n \nla d\u00e9claration en date du 11 septembre 2025 par laquelle Madame Anne GOGU\u00c9 et Madame Corinne BODINEAU \ninforment l'Agence r\u00e9gionale de sant\u00e9 de l'ouverture effective au public de l'officine sise 10 place du Parc \u00e0 \nMorigny-Champigny (91150) suite \u00e0 transfert et restitue la licence n\u00b0 91#000071 ; \n \n \nCONSIDERANT que l'officine de pharmacie issue du transfert autoris\u00e9 par arr\u00eat\u00e9 du  28 juillet 2025 susvis\u00e9 et \nmodifi\u00e9 le 28 juillet 2025, sise 10 place du Parc \u00e0 Morigny -Champigny (91150 ) et exploit\u00e9e \nsous la licence n\u00b091#001608, est effectivement ouverte au public \u00e0 compter du 06 septembre \n2025 ; \n \nCONSIDERANT que l'ouverture au public de l'officine exploit\u00e9e sous la licence n\u00b0 91#001608 entra\u00eene la \ncaducit\u00e9 de la licence n\u00b091#000071 ;  \n \nCONSIDERANT qu'il y a lieu de constater cette caducit\u00e9 ; \n \n \nARR\u00caTE \n \n \nARTICLE 1er : Est constat\u00e9e, \u00e0 compter du 06 septembre 2025, la caducit\u00e9 de la licence n\u00b091#000071, \ndu fait de l'ouverture effective au public, sous la licence n\u00b0 91#001608, de l'officine de \npharmacie issue du  transfert vers le loca l 10 place du Parc \u00e0 Morigny -Champigny \n(91150). \n \nAgence R\u00e9gionale de Sant\u00e9 - IDF-2025-10-08-00015 - Arr\u00eat\u00e9 n\u00b0 DOS/EFF/OFF/2025/106 constatant la caducit\u00e9 d'une licence d'une\nofficine de\npharmacie\n25\n \n \nARTICLE 2e : Un recours contentieux contre le pr\u00e9sent arr\u00eat\u00e9 peut \u00eatre form\u00e9 aupr\u00e8s du tribunal \nadministratif comp\u00e9tent. Le d\u00e9lai de recours est de deux mois \u00e0 compter de la \nnotification de l'arr\u00eat\u00e9 pour les int\u00e9ress\u00e9s ou de sa publication pour les tiers.  \n \nARTICLE 3e : Le Directeur g\u00e9n\u00e9ral de l'Agence r\u00e9gionale de sant\u00e9 \u00cele-de-France est charg\u00e9 de \nl'ex\u00e9cution du pr\u00e9sent arr\u00eat\u00e9 qui sera publi\u00e9 au recueil des actes administratifs de la \npr\u00e9fecture de la r\u00e9gion \u00cele-de-France. \n        \n \nFait \u00e0 Saint-Denis, le 08 octobre 2025 \n \n \nLe Directeur g\u00e9n\u00e9ral \nde l'Agence r\u00e9gionale de sant\u00e9  \n\u00cele-de-France \n \nPar d\u00e9l\u00e9gation \n \nLe Directeur du P\u00f4le Efficience \n \nSIGN\u00c9 \n \nFabien P\u00c9RUS \nAgence R\u00e9gionale de Sant\u00e9 - IDF-2025-10-08-00015 - Arr\u00eat\u00e9 n\u00b0 DOS/EFF/OFF/2025/106 constatant la caducit\u00e9 d'une licence d'une\nofficine de\npharmacie\n26\nAgence R\u00e9gionale de Sant\u00e9\nIDF-2025-10-08-00014\nArr\u00eat\u00e9 n\u00b0 DOS/EFF/OFF/2025/107 constatant la\ncaducit\u00e9 d'une licence d'une officine de\npharmacie\nAgence R\u00e9gionale de Sant\u00e9 - IDF-2025-10-08-00014 - Arr\u00eat\u00e9 n\u00b0 DOS/EFF/OFF/2025/107 constatant la caducit\u00e9 d'une licence d'une\nofficine de pharmacie 27\nREPUBLIQUEFRANCAISELibert\u00e9Egalit\u00e9Fraternit\u00e9\ne \u00bb Agence R\u00e9gionale de Sant\u00e9Ile-de-France\n \n \n \nAGENCE R\u00c9GIONALE DE SANT\u00c9 \u00ceLE-DE-FRANCE \nARR\u00caT\u00c9 N\u00b0 DOS/EFF/OFF/2025/107 constatant la caducit\u00e9 d'une licence d'une officine de \npharmacie \n \n \nLE DIRECTEUR G\u00c9N\u00c9RAL DE L'AGENCE R\u00c9GIONALE DE SANT\u00c9 \u00ceLE-DE-FRANCE \n \nVU le code de la sant\u00e9 publique ; \n \nVU le d\u00e9cret du 10 avril 2024 portant nomination de Monsieur Denis ROBIN, Directeur g\u00e9n\u00e9ral de l'Agence r\u00e9gionale \nde sant\u00e9 \u00cele-de-France, \u00e0 compter du 29 avril 2024 ;  \n \nVU l'arr\u00eat\u00e9 n\u00b0 DS 034/2024 du 29 avril 2024, publi\u00e9 le 30 avril 2024, portant d\u00e9l\u00e9gation de signature du Directeur \ng\u00e9n\u00e9ral de l'Agence r\u00e9gionale de sant\u00e9 \u00cele -de-France \u00e0 Monsieur  Arnaud CORVAISIER, Directeur de l'offre de \nsoins et \u00e0 plusieurs de ses collaborateurs ; \n \nVU l'arr\u00eat\u00e9 en date du 25 mai 1973, portant octroi de la licence n\u00b0 95#001023 \u00e0 l'officine de pharmacie  sise Centre \nCommercial des Trois Fontaines ; \n \nVU l'arr\u00eat\u00e9 n\u00b0 DOS/EFF/OFF/2025-42 en date du 31 mars 2025 ayant autoris\u00e9 le transfert d'une officine de pharmacie \nvers le 7 place de la Gare \u00e0 Cergy (95000) et octroyant la licence n\u00b0 95#001142 \u00e0 l'officine de pharmacie ainsi \ntransf\u00e9r\u00e9e ; \n \nVU \n \nla d\u00e9claration en date du 15 septembre 2025 par laquelle Madame Marie-France HUA informe l'Agence r\u00e9gionale \nde sant\u00e9 de l'ouverture effective au public de l'officine sise 7 place de la Gare \u00e0 Cergy (95000) suite \u00e0 transfert \net restitue la licence n\u00b0 95#001023; \n \n \nCONSIDERANT que l'officine de pharmacie issue du transfert autoris\u00e9 par arr\u00eat\u00e9 du 31 mars 2025 susvis\u00e9, sise \n7 place de la Gare \u00e0 Cergy (95000) et exploit\u00e9e sous la licence n\u00b095#001142, est effectivement \nouverte au public \u00e0 compter du 01 septembre 2025 \n \nCONSIDERANT que l'ouverture au public de l'officine exploit\u00e9e sous la licence n\u00b0 95#001142 entra\u00eene la \ncaducit\u00e9 de la licence n\u00b095#001023 ;  \n \nCONSIDERANT qu'il y a lieu de constater cette caducit\u00e9 ; \n \n \nARR\u00caTE \n \n \nARTICLE 1er : Est constat\u00e9e, \u00e0 compter du 01 septembre 2025, la caducit\u00e9 de la licence n\u00b095#001023, \ndu fait de l'ouverture effective au public, sous la licence n\u00b0 95#001142, de l'officine de \npharmacie issue du transfert vers le local sis 7 place de la Gare \u00e0 Cergy (95000). \n \nARTICLE 2e : Un recours contentieux contre le pr\u00e9sent arr\u00eat\u00e9 peut \u00eatre form\u00e9 aupr\u00e8s du tribunal \nadministratif comp\u00e9tent. Le d\u00e9lai de recours est de deux mois \u00e0 compter de la \nnotification de l'arr\u00eat\u00e9 pour les int\u00e9ress\u00e9s ou de sa publication pour les tiers.  \n \nAgence R\u00e9gionale de Sant\u00e9 - IDF-2025-10-08-00014 - Arr\u00eat\u00e9 n\u00b0 DOS/EFF/OFF/2025/107 constatant la caducit\u00e9 d'une licence d'une\nofficine de pharmacie 28\n \n \nARTICLE 3e : Le Directeur g\u00e9n\u00e9ral de l'Agence r\u00e9gionale de sant\u00e9 \u00cele-de-France est charg\u00e9 de \nl'ex\u00e9cution du pr\u00e9sent arr\u00eat\u00e9 qui sera publi\u00e9 au recueil des actes administratifs de la \npr\u00e9fecture de la r\u00e9gion \u00cele-de-France. \n        \n \nFait \u00e0 Saint-Denis, le 08 octobre 2025 \n \n \nLe Directeur g\u00e9n\u00e9ral \nde l'Agence r\u00e9gionale de sant\u00e9  \n\u00cele-de-France \n \nPar d\u00e9l\u00e9gation \n \nLe Directeur du P\u00f4le Efficience \n \nSIGN\u00c9 \n \nFabien P\u00c9RUS \nAgence R\u00e9gionale de Sant\u00e9 - IDF-2025-10-08-00014 - Arr\u00eat\u00e9 n\u00b0 DOS/EFF/OFF/2025/107 constatant la caducit\u00e9 d'une licence d'une\nofficine de pharmacie 29\nAgence R\u00e9gionale de Sant\u00e9\nIDF-2025-10-13-00016\nArr\u00eat\u00e9 n\u00b0 DOS/EFF/OFF/2025/108 \nconstatant la caducit\u00e9 d'une licence d'une\nofficine de pharmacie\nAgence R\u00e9gionale de Sant\u00e9 - IDF-2025-10-13-00016 - Arr\u00eat\u00e9 n\u00b0 DOS/EFF/OFF/2025/108 \nconstatant la caducit\u00e9 d'une licence d'une officine de pharmacie 30\nREPUBLIQUEFRANCAISELibert\u00e9Egalit\u00e9Fraternit\u00e9\ne \u00bb Agence R\u00e9gionale de Sant\u00e9Ile-de-France\n \n \n \nAGENCE R\u00c9GIONALE DE SANT\u00c9 \u00ceLE-DE-FRANCE \nARR\u00caT\u00c9 N\u00b0 DOS/EFF/OFF/2025/108  \nconstatant la caducit\u00e9 d'une licence d'une officine de pharmacie \n \n \n \nLE DIRECTEUR G\u00c9N\u00c9RAL DE L'AGENCE R\u00c9GIONALE DE SANT\u00c9 \u00ceLE-DE-FRANCE \n \nVU le code de la sant\u00e9 publique ; \n \nVU le d\u00e9cret du 10 avril 2024 portant nomination de Monsieur Denis ROBIN, Directeur g\u00e9n\u00e9ral de l'Agence r\u00e9gionale \nde sant\u00e9 \u00cele-de-France, \u00e0 compter du 29 avril 2024 ;  \n \nVU l'arr\u00eat\u00e9 n\u00b0 DS 034/2024 du 29 avril 2024, publi\u00e9 le 30 avril 2024, portant d\u00e9l\u00e9gation de signature du Directeur \ng\u00e9n\u00e9ral de l'Agence r\u00e9gionale de sant\u00e9 \u00cele -de-France \u00e0 Monsieur  Arnaud CORVAISIER, Directeur de l'offre de \nsoins et \u00e0 plusieurs de ses collaborateurs ; \n \nVU l'arr\u00eat\u00e9 en date du 30 juin 1943, portant octroi de la licence n\u00b078#000125 \u00e0 l'officine de pharmacie sise 35 rue du \nPain \u00e0 Saint-Germain-en-Laye (78100) ; \n \nVU l'arr\u00eat\u00e9 n\u00b0 DOS/EFF/OFF/2025-49 en date du 18 avril 2025 ayant autoris\u00e9 le regroupement de trois officines de \npharmacie et octroyant la licence n\u00b0 78#001324 \u00e0 l'officine issue du regroupement sise 10 rue de la Salle \u00e0 Saint-\nGermain-en-Laye (78100) ; \n \nVU la d\u00e9claration en date du 22 septembre 2025 par laquelle Madame Marie-Sophie MARCEAU informe l'Agence \nr\u00e9gionale de sant\u00e9 de l'ouverture effective au public de l'officine sise 10 rue de la Salle \u00e0 Saint-Germain-en-Laye \n(78100) suite \u00e0 regroupement et restitue la licence n\u00b0 78#000125 ; \n \n \nCONSIDERANT que l'officine de pharmacie issue du regroupement autoris\u00e9  par arr\u00eat\u00e9 du 18 avril 2025   susvis\u00e9, \nsise 10 rue de la Salle \u00e0 Saint-Germain-en-Laye (78100) et exploit\u00e9e sous la licence n\u00b078#001324, \nest effectivement ouverte au public \u00e0 compter du 15 septembre 2025 ; \n \nCONSIDERANT que l'ouverture au public de l'officine exploit\u00e9e sous la licence n\u00b078#001324 entra\u00eene la caducit\u00e9 de \nla licence n\u00b078#000125 ;  \n \nCONSIDERANT qu'il y a lieu de constater cette caducit\u00e9 ; \n \n \nARR\u00caTE \n \n \nARTICLE 1er : Est constat\u00e9e, \u00e0 compter du 15 septembre 2025, la caducit\u00e9 de la licence n\u00b078#000125, du fait de \nl'ouverture effective au public, sous la licence n\u00b0 78#001324, de l'officine de pharmacie issue du \nregroupement de trois officines vers le local sis 10 rue de la Salle \u00e0 Saint-Germain-en-Laye (78100). \n \nARTICLE 2e : Un recours contentieux contre le pr\u00e9sent arr\u00eat\u00e9 peut \u00eatre form\u00e9 aupr\u00e8s du tribunal administratif \ncomp\u00e9tent. Le d\u00e9lai de recours est de deux mois \u00e0 compter de la notification de l'arr\u00eat\u00e9 pour les \nint\u00e9ress\u00e9s ou de sa publication pour les tiers. \n \nAgence R\u00e9gionale de Sant\u00e9 - IDF-2025-10-13-00016 - Arr\u00eat\u00e9 n\u00b0 DOS/EFF/OFF/2025/108 \nconstatant la caducit\u00e9 d'une licence d'une officine de pharmacie 31\n \n \nARTICLE 3e : Le Directeur g\u00e9n\u00e9ral de l'Agence r\u00e9gionale de sant\u00e9 \u00cele-de-France est charg\u00e9 de \nl'ex\u00e9cution du pr\u00e9sent arr\u00eat\u00e9 qui sera publi\u00e9 au recueil des actes administratifs de la \npr\u00e9fecture de la r\u00e9gion \u00cele-de-France. \n        \n \n \nFait \u00e0 Saint-Denis, le 13 octobre 2025 \n \n \nLe Directeur g\u00e9n\u00e9ral \nde l'Agence r\u00e9gionale de sant\u00e9  \n\u00cele-de-France \n \nPar d\u00e9l\u00e9gation \n \nLe Directeur du P\u00f4le Efficience \n \nSIGN\u00c9 \n \nFabien P\u00c9RUS   \n \nAgence R\u00e9gionale de Sant\u00e9 - IDF-2025-10-13-00016 - Arr\u00eat\u00e9 n\u00b0 DOS/EFF/OFF/2025/108 \nconstatant la caducit\u00e9 d'une licence d'une officine de pharmacie 32\nAgence R\u00e9gionale de Sant\u00e9\nIDF-2025-10-13-00010\nArr\u00eat\u00e9 n\u00b0 DOS/EFF/OFF/2025/96 constatant la\ncaducit\u00e9 d'une licence d'une officine de\npharmacie\nAgence R\u00e9gionale de Sant\u00e9 - IDF-2025-10-13-00010 - Arr\u00eat\u00e9 n\u00b0 DOS/EFF/OFF/2025/96 constatant la caducit\u00e9 d'une licence d'une\nofficine de pharmacie 33\nREPUBLIQUEFRANCAISELibert\u00e9Egalit\u00e9Fraternit\u00e9\ne \u00bb Agence R\u00e9gionale de Sant\u00e9Ile-de-France\n \n \n \n \nAGENCE R\u00c9GIONALE DE SANT\u00c9 \u00ceLE-DE-FRANCE \nARR\u00caT\u00c9 N\u00b0 DOS/EFF/OFF/2025/96 constatant la caducit\u00e9 d'une licence d'une officine de \npharmacie \nLE DIRECTEUR G\u00c9N\u00c9RAL DE L'AGENCE R\u00c9GIONALE DE SANT\u00c9 \u00ceLE-DE-FRANCE \n \nVU le code de la sant\u00e9 publique ; \n \nVU le d\u00e9cret du 10 avril 2024 portant nomination de Monsieur Denis ROBIN, Directeur g\u00e9n\u00e9ral de l'Agence r\u00e9gionale \nde sant\u00e9 \u00cele-de-France, \u00e0 compter du 29 avril 2024 ;  \n \nVU l'arr\u00eat\u00e9 n\u00b0 DS 034/2024 du 29 avril 2024, publi\u00e9 le 30 avril 2024, portant d\u00e9l\u00e9gation de signature du Directeur \ng\u00e9n\u00e9ral de l'Agence r\u00e9gionale de sant\u00e9 \u00cele -de-France \u00e0 Monsieur  Arnaud CORVAISIER, Directeur de l'offre de \nsoins et \u00e0 plusieurs de ses collaborateurs ; \n \nVU l'arr\u00eat\u00e9 en date du 24 avril 1965, portant octroi de la licence n\u00b078#000914 \u00e0 l'officine de pharmacie sise 21 avenue \nde Villepreux \u00e0 Les Clayes-sous-Bois (78340) ; \n \nVU l'arr\u00eat\u00e9 n\u00b0 DOS/EFF/OFF/2024-83 en date du 03 juillet 2024 ayant autoris\u00e9 le transfert d'une officine de pharmacie \ndu 21 avenue de Villepreux \u00e0 Les Clayes -sous-Bois (78340) vers le Centre Commercial One Nation Paris, 1 rue \ndu Pr\u00e9sident Kennedy \u00e0 Les Clayes -sous-Bois (78340) et  octroyant la licence n\u00b0 78#001320 \u00e0 l'officine  de \npharmacie ainsi transf\u00e9r\u00e9e ; \n \nVU \n \nla d\u00e9claration en date du 05 ao\u00fbt 2025 par laquelle Madame Val\u00e9rie LATGE-TOURNE informe l'Agence r\u00e9gionale \nde sant\u00e9 de l'ouverture effective au public de l'officine de pharmacie sise le Centre Commercial One Nation Paris, \n1 rue du Pr\u00e9sident Kennedy \u00e0 Les Clayes -sous-Bois (78340) suite  \u00e0 transfert et restitue la licence  \nn\u00b078#000914 ; \n \n \n \nCONSIDERANT que l'officine de pharmacie issue du transfert autoris\u00e9 par arr\u00eat\u00e9 du 03 juillet 2024 susvis\u00e9, sise \nCentre Commercial One Nation Paris, 1 rue du Pr\u00e9sident Kennedy \u00e0 Les Clayes-sous-Bois \n(78340) et exploit\u00e9e sous la licence n\u00b0 78#001320, est effectivement ouverte au public \u00e0 \ncompter du 01 ao\u00fbt 2025 ; \n \nCONSIDERANT que l'ouverture au public de l'officine exploit\u00e9e sous la licence n\u00b0 78#001320 entra\u00eene la \ncaducit\u00e9 de la licence n\u00b078#000914 ;  \n \nCONSIDERANT qu'il y a lieu de constater cette caducit\u00e9 ; \n \n \nARR\u00caTE \n \n \nARTICLE 1er : Est constat\u00e9e, \u00e0 compter du 01 ao\u00fbt 2025, la caducit\u00e9 de la licence n\u00b078#000914, du fait de \nl'ouverture effective au public, sous la licence n\u00b078#001320, de l'officine de pharmacie issue \ndu transfert vers le local sis le Centre Commercial One Nation Paris, 1 rue du Pr\u00e9sident \nKennedy \u00e0 Les Clayes-sous-Bois (78340). \n \nAgence R\u00e9gionale de Sant\u00e9 - IDF-2025-10-13-00010 - Arr\u00eat\u00e9 n\u00b0 DOS/EFF/OFF/2025/96 constatant la caducit\u00e9 d'une licence d'une\nofficine de pharmacie 34\n \n \nARTICLE 2e : Un recours contentieux contre le pr\u00e9sent arr\u00eat\u00e9 peut \u00eatre form\u00e9 aupr\u00e8s du tribunal \nadministratif comp\u00e9tent. Le d\u00e9lai de recours est de deux mois \u00e0 compter de la notification de \nl'arr\u00eat\u00e9 pour les int\u00e9ress\u00e9s ou de sa publication pour les tiers. \n \nARTICLE 3e : Le Directeur g\u00e9n\u00e9ral de l'Agence r\u00e9gionale de sant\u00e9 \u00cele-de-France est charg\u00e9 de l'ex\u00e9cution \ndu pr\u00e9sent arr\u00eat\u00e9 qui sera publi\u00e9 au recueil des actes administratifs de la pr\u00e9fecture de la \nr\u00e9gion \u00cele-de-France. \n        \n \nFait \u00e0 Saint-Denis, le 13 octobre 2025  \n \n \nLe Directeur g\u00e9n\u00e9ral \nde l'Agence r\u00e9gionale de sant\u00e9  \n\u00cele-de-France \n \nPar d\u00e9l\u00e9gation \n \nLe Directeur du P\u00f4le Efficience \n \nSIGN\u00c9 \n \nFabien P\u00c9RUS \nAgence R\u00e9gionale de Sant\u00e9 - IDF-2025-10-13-00010 - Arr\u00eat\u00e9 n\u00b0 DOS/EFF/OFF/2025/96 constatant la caducit\u00e9 d'une licence d'une\nofficine de pharmacie 35\nAgence R\u00e9gionale de Sant\u00e9\nIDF-2025-10-13-00011\nArr\u00eat\u00e9 n\u00b0 DOS/EFF/OFF/2025/99 constatant la\ncaducit\u00e9 d'une licence d'une officine de\npharmacie\nAgence R\u00e9gionale de Sant\u00e9 - IDF-2025-10-13-00011 - Arr\u00eat\u00e9 n\u00b0 DOS/EFF/OFF/2025/99 constatant la caducit\u00e9 d'une licence d'une\nofficine de pharmacie 36\nREPUBLIQUEFRANCAISELibert\u00e9Egalit\u00e9Fraternit\u00e9\ne \u00bb Agence R\u00e9gionale de Sant\u00e9Ile-de-France\n \n \n \n \n \nAGENCE R\u00c9GIONALE DE SANT\u00c9 \u00ceLE-DE-FRANCE \nARR\u00caT\u00c9 N\u00b0 DOS/EFF/OFF/2025/99 constatant la caducit\u00e9 d'une licence d'une officine de \npharmacie \n \nLE DIRECTEUR G\u00c9N\u00c9RAL DE L'AGENCE R\u00c9GIONALE DE SANT\u00c9 \u00ceLE-DE-FRANCE \n \nVU le code de la sant\u00e9 publique ; \n \nVU le d\u00e9cret du 10 avril 2024 portant nomination de Monsieur Denis ROBIN, Directeur g\u00e9n\u00e9ral de l'Agence \nr\u00e9gionale de sant\u00e9 \u00cele-de-France, \u00e0 compter du 29 avril 2024 ;  \n \nVU l'arr\u00eat\u00e9 n\u00b0 DS 034/2024 du 29 avril 2024, publi\u00e9 le 30 avril 2024, portant d\u00e9l\u00e9gation de signature du \nDirecteur g\u00e9n\u00e9ral de l'Agence r\u00e9gionale de sant\u00e9 \u00cele -de-France \u00e0 Monsieur  Arnaud CORVAISIER, \nDirecteur de l'offre de soins et \u00e0 plusieurs de ses collaborateurs ; \n \nVU l'arr\u00eat\u00e9 en date du 07 f\u00e9vrier 1979, portant octroi de la licence n\u00b092#000057 \u00e0 l'officine de pharmacie sise  \n221 boulevard Galli\u00e9ni \u00e0 Villeneuve-la-Garenne (92390) ; \n \nVU l'arr\u00eat\u00e9 n\u00b0 DOS/EFF/OFF/2025-01 en date du 08 janvier 2025 ayant autoris\u00e9 le transfert d'une officine de \npharmacie du 221 boulevard Galli\u00e9ni \u00e0 Villeneuve-la-Garenne (92390) vers le 206 boulevard Galli\u00e9ni au \nsein de la m\u00eame commune et octroyant la licence n\u00b092#002394 \u00e0 l'officine de pharmacie ainsi transf\u00e9r\u00e9e ; \n \nVU \n \nla d\u00e9claration en date du 18 ao\u00fbt 2025 par laquelle Madame Nabila GADIRI informe l'Agence r\u00e9gionale \nde sant\u00e9 de l'ouverture effective au public de l'officine  de pharmacie  sise 206 boulevard Galli\u00e9ni \u00e0 \nVilleneuve-la-Garenne (92390) suite \u00e0 transfert et restitue la licence n\u00b0 92#000057 ; \n \n \nCONSIDERANT que l'officine de pharmacie issue du transfert autoris\u00e9 par arr\u00eat\u00e9 du 08 janvier 2025  \nsusvis\u00e9, sise 206 boulevard Galli\u00e9ni \u00e0 Villeneuve-la-Garenne (92390) et exploit\u00e9e sous \nla licence n\u00b0 92#002394, est effectivement ouverte au public \u00e0 compter du  \n01 septembre 2025 ; \n \nCONSIDERANT que l'ouverture au public de l'officine exploit\u00e9e sous la licence n\u00b0 92#002394 entra\u00eene \nla caducit\u00e9 de la licence n\u00b092#000057;  \n \nCONSIDERANT qu'il y a lieu de constater cette caducit\u00e9 ; \n \n \nARR\u00caTE \n \n \nARTICLE 1er : Est constat\u00e9e, \u00e0 compter du 01 septembre 2025, la caducit\u00e9 de la licence n\u00b092#000057, du \nfait de l'ouverture effective au public, sous la licence n\u00b092#002394, de l'officine de pharmacie \nissue du transfert vers le local sis 206 boulevard Galli\u00e9ni \u00e0 Villeneuve-la-Garenne (92390). \n \nARTICLE 2e : Un recours contentieux contre le pr\u00e9sent arr\u00eat\u00e9 peut \u00eatre form\u00e9 aupr\u00e8s du tribunal \nadministratif comp\u00e9tent. Le d\u00e9lai de recours est de deux mois \u00e0 compter de la notification de \nl'arr\u00eat\u00e9 pour les int\u00e9ress\u00e9s ou de sa publication pour les tiers. \nAgence R\u00e9gionale de Sant\u00e9 - IDF-2025-10-13-00011 - Arr\u00eat\u00e9 n\u00b0 DOS/EFF/OFF/2025/99 constatant la caducit\u00e9 d'une licence d'une\nofficine de pharmacie 37\n \n \n \nARTICLE 3e : Le Directeur g\u00e9n\u00e9ral de l'Agence r\u00e9gionale de sant\u00e9 \u00cele-de-France est charg\u00e9 de l'ex\u00e9cution \ndu pr\u00e9sent arr\u00eat\u00e9 qui sera publi\u00e9 au recueil des actes administratifs de la pr\u00e9fecture de la \nr\u00e9gion \u00cele-de-France. \n        \n \nFait \u00e0 Saint-Denis, le 13 octobre 2025 \n \n \nLe Directeur g\u00e9n\u00e9ral \nde l'Agence r\u00e9gionale de sant\u00e9  \n\u00cele-de-France \n \nPar d\u00e9l\u00e9gation \n \nLe Directeur du P\u00f4le Efficience \n \nSIGN\u00c9 \n \nFabien P\u00c9RUS \nAgence R\u00e9gionale de Sant\u00e9 - IDF-2025-10-13-00011 - Arr\u00eat\u00e9 n\u00b0 DOS/EFF/OFF/2025/99 constatant la caducit\u00e9 d'une licence d'une\nofficine de pharmacie 38\nAgence R\u00e9gionale de Sant\u00e9\nIDF-2025-10-07-00008\nArr\u00eat\u00e9 n\u00b0DOS - 2025/ 4006 portant\nrenouvellement d'autorisation de lieu de\nrecherches impliquant la personne humaine\nService H\u00e9matologie Adulte Monsieur le\nProfesseur Olivier HERMINE H\u00f4pital\nNecker-Enfants malades\nAgence R\u00e9gionale de Sant\u00e9 - IDF-2025-10-07-00008 - Arr\u00eat\u00e9 n\u00b0DOS - 2025/ 4006 portant renouvellement d'autorisation de lieu de\nrecherches impliquant la personne humaine Service H\u00e9matologie Adulte Monsieur le Professeur Olivier HERMINE H\u00f4pital\nNecker-Enfants malades\n39\nEREPUBLIQUEFRAN\u00c7AISELibert\u00e9Egalit\u00e9Fraternit\u00e9\n@ D Agence R\u00e9gionale de Sant\u00e9lle-de-France\nAGENCE R\u00c9GIONALE DE SANT\u00c9 \u00ceLE-DE-FRANCE\nARR\u00caT\u00c9 N\u00b0DOS - 2025/ 4006\nportant renouvellement d'autorisation\nde lieu de recherches impliquant la personne humaine\nLE DIRECTEUR G\u00c9N\u00c9RAL DE L'AGENCE R\u00c9GIONALE DE SANT\u00c9\n\u00ceLE-DE-FRANCE\nVU le code de la sant\u00e9 publique, notamment ses articles L.1121-3 et suivants et R.1121-10 et\nsuivants ;\nVU le d\u00e9cret du 10 avril 2024 portant nomination de Monsieur Denis ROBIN, Directeur g\u00e9n\u00e9ral de\nl'Agence r\u00e9gionale de sant\u00e9 \u00cele-de-France, \u00e0 compter du 29 avril 2024 ;\nVU l'arr\u00eat\u00e9 n\u00b0 DS 034/2024 du 29 avril 2024, portant d\u00e9l\u00e9gation de signature du Directeur g\u00e9n\u00e9ral\nde l'Agence r\u00e9gionale de sant\u00e9 \u00cele-de-France \u00e0 Monsieur Arnaud CORVAISIER, Directeur de\nl'offre de soins, et \u00e0 diff\u00e9rents collaborateurs ;\nVU l'arr\u00eat\u00e9 du 12 mai 2009 fixant les conditions mentionn\u00e9es \u00e0 l'article R.1121-11 devant figurer\ndans la demande d'autorisation des lieux de recherches biom\u00e9dicales pr\u00e9vues \u00e0 l'article\nL. 1121-13 du code de la sant\u00e9 publique ;\nVU la demande de renouvellement d'autorisation de l'Assistance Publique \u2013 H\u00f4pitaux de Paris\nconcernant le lieu de recherches impliquant la personne humaine intitul\u00e9 Service H\u00e9matologie\nAdulte sur le site de l'H\u00f4pital Necker-Enfants malades \u2013 75015 Paris ;\nCONSID\u00c9RANT que cette demande de renouvellement d'autorisation de lieu de recherche impliquant\nla personne humaine rentre dans le champ de comp\u00e9tence du Directeur g\u00e9n\u00e9ral de\nl'Agence r\u00e9gionale de sant\u00e9 \u00cele-de-France ;\nCONSID\u00c9RANT que le lieu concern\u00e9 par cette demande dispose des moyens humains, mat\u00e9riels et\ntechniques adapt\u00e9s \u00e0 la recherche et compatibles avec les imp\u00e9ratifs de s\u00e9curit\u00e9 des\npersonnes qui s'y pr\u00eatent et que la demande respecte l'ensemble des conditions\npr\u00e9vues par l'article R.1121-10 ;\nCONSID\u00c9RANT que l'avis rendu le 6 octobre 2025, \u00e0 l'issue de l'enqu\u00eate du m\u00e9decin de l'ARS et du\npharmacien inspecteur de Sant\u00e9 Publique, est favorable ;\nAgence R\u00e9gionale de Sant\u00e9 - IDF-2025-10-07-00008 - Arr\u00eat\u00e9 n\u00b0DOS - 2025/ 4006 portant renouvellement d'autorisation de lieu de\nrecherches impliquant la personne humaine Service H\u00e9matologie Adulte Monsieur le Professeur Olivier HERMINE H\u00f4pital\nNecker-Enfants malades\n40\n2\nARR\u00caTE\nARTICLE 1er : Le renouvellement d'autorisation du lieu de recherche impliquant la personne humaine\nmentionn\u00e9e \u00e0 l'article L.1121-13 du code de la sant\u00e9 publique, et aux articles\nR.1121-13 et R.1121-14 modifi\u00e9s par le d\u00e9cret n\u00b02016-1537 du 16 novembre 2016 est\naccord\u00e9e \u00e0 :\nEntit\u00e9 juridique portant l'activit\u00e9 :\nAssistance Publique \u2013 H\u00f4pitaux de Paris\npour le lieu de recherches suivant :\nService H\u00e9matologie Adulte\nPlac\u00e9 sous la responsabilit\u00e9 de :\nMonsieur le Professeur Olivier HERMINE\nAdresse compl\u00e8te :\nH\u00f4pital Necker-Enfants malades\n149, rue de S\u00e8vres\n75015 Paris\nARTICLE 2e: Ce lieu de recherches impliquant la personne humaine correspond \u00e0 un lieu de soins\net comprend 3 secteurs dans les locaux suivants :\n- B\u00e2timent Hamburger Porte H2, pour les secteurs suivants :\n- Hospitalisation de jour (au 1er sous-sol), \n- Soins Intensifs et H\u00e9matologie g\u00e9n\u00e9rale (au rez-de-chauss\u00e9e haut), \n- B\u00e2timent Hamburger porte H1 pour les box de consultation (au rez-de-\nchauss\u00e9e bas). \nCes locaux sont consacr\u00e9s \u00e0 la fois aux activit\u00e9s de soins et de recherches cliniques. \nLe lieu fonctionne 24 heures/24 et 7 jours/7.\nLes recherches r\u00e9alis\u00e9es chez les volontaires sains ou malades, adultes et / ou les\nenfants de 0 \u00e0 18 ans, avec le consentement parental et le cas \u00e9ch\u00e9ant celui de\nl'enfant, correspondent \u00e0 des essais cliniques de phases I, II, III, IV et peuvent\ncomprendre des premi\u00e8res administrations \u00e0 l'homme.\nARTICLE 3e: Selon les dispositions de l'article L. 5311-1, modifi\u00e9 par la Loi n\u00b02022-1726 du\n30 d\u00e9cembre 2022, les protocoles de recherches envisag\u00e9s auront pour th\u00e8mes :\n- Les m\u00e9dicaments, y compris les insecticides, acaricides et antiparasitaires \u00e0\nusage humain, les pr\u00e9parations magistrales, hospitali\u00e8res et officinales, les\nsubstances stup\u00e9fiantes, psychotropes ou autres substances v\u00e9n\u00e9neuses,\nles huiles essentielles et plantes m\u00e9dicinales, les mati\u00e8res premi\u00e8res \u00e0 usage\npharmaceutique ;\n- Les dispositifs m\u00e9dicaux et leurs accessoires ;\n- Les dispositifs m\u00e9dicaux de diagnostic in vitro et leurs accessoires ;\n- Les produits sanguins labiles ;\n- Les organes, tissus, cellules et produits d'origine humaine ou animale,\ny compris lorsqu'ils sont pr\u00e9lev\u00e9s \u00e0 l'occasion d'une intervention chirurgicale ;\n- Les produits cellulaires \u00e0 finalit\u00e9 th\u00e9rapeutique ;\n- Les micro-organismes et toxines mentionn\u00e9s \u00e0 l'article L. 5139-1 ;\n- Les logiciels qui ne sont pas des dispositifs m\u00e9dicaux et qui sont utilis\u00e9s par\nles laboratoires de biologie m\u00e9dicale, pour la gestion des examens de biologie\nm\u00e9dicale et lors de la validation, de l'interpr\u00e9tation, de la communication\nappropri\u00e9e en application du 3\u00b0 de l'article L. 6211-2 et de l'archivage des\nr\u00e9sultats ;\n- Les dispositifs \u00e0 finalit\u00e9 non strictement m\u00e9dicale utilis\u00e9s dans les laboratoires\nde biologie m\u00e9dicale pour la r\u00e9alisation des examens de biologie m\u00e9dicale ;\n- Les selles collect\u00e9es par les \u00e9tablissements ou organismes mentionn\u00e9s \u00e0\nl'article L. 513-11-1 et destin\u00e9es \u00e0 la fabrication d'un m\u00e9dicament.\nAgence R\u00e9gionale de Sant\u00e9 - IDF-2025-10-07-00008 - Arr\u00eat\u00e9 n\u00b0DOS - 2025/ 4006 portant renouvellement d'autorisation de lieu de\nrecherches impliquant la personne humaine Service H\u00e9matologie Adulte Monsieur le Professeur Olivier HERMINE H\u00f4pital\nNecker-Enfants malades\n41\n3\nARTICLE 4e: Les recherches impliquant la personne humaine concern\u00e9es par cette d\u00e9cision ne\npeuvent \u00eatre mises en \u0153uvre qu'apr\u00e8s avis favorable du comit\u00e9 de protection des\npersonnes mentionn\u00e9 \u00e0 l'article L. 1123-1 et autorisation de l'autorit\u00e9 comp\u00e9tente\nmentionn\u00e9e \u00e0 l'article L. 1123-12.\nARTICLE 5e: Cette d\u00e9cision d'autorisation est d\u00e9livr\u00e9e pour une dur\u00e9e de 3 ans.\nTout renouvellement ou toute modification relative aux \u00e9l\u00e9ments \u00e9num\u00e9r\u00e9s \u00e0 l'article\nR.1121-10 du code de la sant\u00e9 publique modifi\u00e9 par le d\u00e9cret n\u00b0 2016-1537 devront\nfaire l'objet d'une nouvelle demande d'autorisation.\nLa demande de renouvellement ou de modification de l'autorisation sera adress\u00e9e au\nDirecteur g\u00e9n\u00e9ral de l'Agence r\u00e9gionale de sant\u00e9 \u00cele-de-France, le d\u00e9lai d'instruction\n\u00e9tant respectivement de quatre mois ou de deux mois.\nARTICLE 6e: Un recours contentieux contre la pr\u00e9sente d\u00e9cision peut \u00eatre form\u00e9 aupr\u00e8s du Tribunal\nadministratif comp\u00e9tent. Le d\u00e9lai de recours est de deux mois \u00e0 compter de sa\nnotification ou de sa publication au recueil des actes administratifs de la Pr\u00e9fecture de\nla R\u00e9gion \u00cele-de-France pour les tiers.\nARTICLE 7e: La pr\u00e9sente d\u00e9cision sera publi\u00e9e au recueil des actes administratifs de la pr\u00e9fecture\nde la r\u00e9gion \u00cele-de-France.\nFait \u00e0 Saint-Denis, le \nPour le Directeur g\u00e9n\u00e9ral\nde l'Agence r\u00e9gionale de sant\u00e9\n\u00cele-de-France\nPar d\u00e9l\u00e9gation,\n \nAgence R\u00e9gionale de Sant\u00e9 - IDF-2025-10-07-00008 - Arr\u00eat\u00e9 n\u00b0DOS - 2025/ 4006 portant renouvellement d'autorisation de lieu de\nrecherches impliquant la personne humaine Service H\u00e9matologie Adulte Monsieur le Professeur Olivier HERMINE H\u00f4pital\nNecker-Enfants malades\n42\nAgence R\u00e9gionale de Sant\u00e9\nIDF-2025-10-08-00011\nArr\u00eat\u00e9 n\u00b0DOS - 2025/ 4007 portant\nrenouvellement d'autorisation de lieu de\nrecherches impliquant la personne humaine\nUnit\u00e9 d'Immunologie H\u00e9matologie et\nRhumatologie P\u00e9diatriques (UIHR)Monsieur le\nProfesseur Pierre QUARTIER-dit-MAIRE H\u00f4pital\nNecker-Enfants malades\nAgence R\u00e9gionale de Sant\u00e9 - IDF-2025-10-08-00011 - Arr\u00eat\u00e9 n\u00b0DOS - 2025/ 4007 portant renouvellement d'autorisation de lieu de\nrecherches impliquant la personne humaine Unit\u00e9 d'Immunologie H\u00e9matologie et Rhumatologie P\u00e9diatriques (UIHR)Monsieur le\nProfesseur Pierre QUARTIER-dit-MAIRE H\u00f4pital Necker-Enfants malades\n43\nEREPUBLIQUEFRAN\u00c7AISELibert\u00e9Egalit\u00e9Fraternit\u00e9\n@ D Agence R\u00e9gionale de Sant\u00e9lle-de-France\nAGENCE R\u00c9GIONALE DE SANT\u00c9 \u00ceLE-DE-FRANCE\nARR\u00caT\u00c9 N\u00b0DOS - 2025/ 4007\nportant renouvellement d'autorisation\nde lieu de recherches impliquant la personne humaine\nLE DIRECTEUR G\u00c9N\u00c9RAL DE L'AGENCE R\u00c9GIONALE DE SANT\u00c9\n\u00ceLE-DE-FRANCE\nVU le code de la sant\u00e9 publique, notamment ses articles L.1121-3 et suivants et R.1121-10 et\nsuivants ;\nVU le d\u00e9cret du 10 avril 2024 portant nomination de Monsieur Denis ROBIN, Directeur g\u00e9n\u00e9ral de\nl'Agence r\u00e9gionale de sant\u00e9 \u00cele-de-France, \u00e0 compter du 29 avril 2024 ;\nVU l'arr\u00eat\u00e9 n\u00b0 DS 034/2024 du 29 avril 2024, portant d\u00e9l\u00e9gation de signature du Directeur g\u00e9n\u00e9ral\nde l'Agence r\u00e9gionale de sant\u00e9 \u00cele-de-France \u00e0 Monsieur Arnaud CORVAISIER, Directeur de\nl'offre de soins, et \u00e0 diff\u00e9rents collaborateurs ;\nVU l'arr\u00eat\u00e9 du 12 mai 2009 fixant les conditions mentionn\u00e9es \u00e0 l'article R.1121-11 devant figurer\ndans la demande d'autorisation des lieux de recherches biom\u00e9dicales pr\u00e9vues \u00e0 l'article\nL. 1121-13 du code de la sant\u00e9 publique ;\nVU la demande de renouvellement d'autorisation de l'Assistance Publique \u2013 H\u00f4pitaux de Paris\nconcernant le lieu de recherches impliquant la personne humaine intitul\u00e9 \u00abUnit\u00e9 d'Immunologie\nH\u00e9matologie et Rhumatologie P\u00e9diatriques (UIHR) \u00bb sur le site de l'H\u00f4pital Necker-Enfants\nmalades \u2013 75015 Paris ;\nCONSID\u00c9RANT que cette demande de renouvellement d'autorisation de lieu de recherche impliquant\nla personne humaine rentre dans le champ de comp\u00e9tence du Directeur g\u00e9n\u00e9ral de\nl'Agence r\u00e9gionale de sant\u00e9 \u00cele-de-France ;\nCONSID\u00c9RANT que le lieu concern\u00e9 par cette demande dispose des moyens humains, mat\u00e9riels et\ntechniques adapt\u00e9s \u00e0 la recherche et compatibles avec les imp\u00e9ratifs de s\u00e9curit\u00e9 des\npersonnes qui s'y pr\u00eatent et que la demande respecte l'ensemble des conditions\npr\u00e9vues par l'article R.1121-10 ;\nCONSID\u00c9RANT que l'avis rendu le 3 octobre 2025, \u00e0 l'issue de l'enqu\u00eate du m\u00e9decin de l'ARS et du\npharmacien inspecteur de Sant\u00e9 Publique, est favorable ;\nAgence R\u00e9gionale de Sant\u00e9 - IDF-2025-10-08-00011 - Arr\u00eat\u00e9 n\u00b0DOS - 2025/ 4007 portant renouvellement d'autorisation de lieu de\nrecherches impliquant la personne humaine Unit\u00e9 d'Immunologie H\u00e9matologie et Rhumatologie P\u00e9diatriques (UIHR)Monsieur le\nProfesseur Pierre QUARTIER-dit-MAIRE H\u00f4pital Necker-Enfants malades\n44\n2\nARR\u00caTE\nARTICLE 1er : Le renouvellement d'autorisation du lieu de recherche impliquant la personne humaine\nmentionn\u00e9e \u00e0 l'article L.1121-13 du code de la sant\u00e9 publique, et aux articles\nR.1121-13 et R.1121-14 modifi\u00e9s par le d\u00e9cret n\u00b02016-1537 du 16 novembre 2016 est\naccord\u00e9e \u00e0 :\nEntit\u00e9 juridique portant l'activit\u00e9 :\nAssistance Publique \u2013 H\u00f4pitaux de Paris\npour le lieu de recherches suivant :\nUnit\u00e9 d'Immunologie H\u00e9matologie et Rhumatologie P\u00e9diatriques (UIHR)\nPlac\u00e9 sous la responsabilit\u00e9 de :\nMonsieur le Professeur Pierre QUARTIER-dit-MAIRE\nAdresse compl\u00e8te :\nH\u00f4pital Necker-Enfants malades\n149, rue de S\u00e8vres\n75015 Paris\nARTICLE 2e: Ce lieu de recherches impliquant la personne humaine correspond \u00e0 un lieu de soins\net comprend des locaux situ\u00e9s au 4\u00e8me \u00e9tage du b\u00e2timent Hamburger de\nl'\u00e9tablissement. Ces locaux d'une superficie totale de 2.329 m\u00b2 sont consacr\u00e9s \u00e0 la fois\naux activit\u00e9s de soins et de recherches cliniques. \nLe lieu fonctionne 24h/24 et 7j/7.\nLes recherches sont r\u00e9alis\u00e9es chez les volontaires malades, adultes et / ou enfants de\n0 \u00e0 18 ans, avec le consentement parental et le cas \u00e9ch\u00e9ant celui de l'enfant.\nLes essais cliniques de phases I, II, III, IV sont r\u00e9alis\u00e9s chez les volontaires malades\net peuvent comprendre des premi\u00e8res administrations \u00e0 l'homme. Aucune\nadministration de m\u00e9dicament exp\u00e9rimental n'est r\u00e9alis\u00e9e chez les volontaires sains.\nARTICLE 3e: Selon les dispositions de l'article L. 5311-1, modifi\u00e9 par la Loi n\u00b02022-1726 du\n30 d\u00e9cembre 2022, les protocoles de recherches envisag\u00e9s auront pour th\u00e8mes :\n- Les m\u00e9dicaments, y compris les insecticides, acaricides et antiparasitaires \u00e0\nusage humain, les pr\u00e9parations magistrales, hospitali\u00e8res et officinales, les\nsubstances stup\u00e9fiantes, psychotropes ou autres substances v\u00e9n\u00e9neuses, les\nhuiles essentielles et plantes m\u00e9dicinales, les mati\u00e8res premi\u00e8res \u00e0 usage\npharmaceutique ;\n- Les dispositifs m\u00e9dicaux et leurs accessoires ;\n- Les produits n'ayant pas de destination m\u00e9dicale dont la liste figure \u00e0 l'annexe\nXVI du r\u00e8glement (UE) 2017/745 ;\n- Les dispositifs m\u00e9dicaux de diagnostic in vitro et leurs accessoires ;\n- Les produits sanguins labiles ;\n- Les organes, tissus, cellules et produits d'origine humaine ou animale, y compris\nlorsqu'ils sont pr\u00e9lev\u00e9s \u00e0 l'occasion d'une intervention chirurgicale ;\n- Les produits cellulaires \u00e0 finalit\u00e9 th\u00e9rapeutique ;\n- Les proc\u00e9d\u00e9s et appareils destin\u00e9s \u00e0 la d\u00e9sinfection des locaux et des v\u00e9hicules\ndans les cas pr\u00e9vus \u00e0 l'article L. 3114-1 ;\n- Les micro-organismes et toxines mentionn\u00e9s \u00e0 l'article L. 5139-1 ;\n- Les logiciels qui ne sont pas des dispositifs m\u00e9dicaux et qui sont utilis\u00e9s par les\nlaboratoires de biologie m\u00e9dicale, pour la gestion des examens de biologie\nm\u00e9dicale et lors de la validation, de l'interpr\u00e9tation, de la communication\nappropri\u00e9e en application du 3\u00b0 de l'article L. 6211-2 et de l'archivage des\nr\u00e9sultats.\nAgence R\u00e9gionale de Sant\u00e9 - IDF-2025-10-08-00011 - Arr\u00eat\u00e9 n\u00b0DOS - 2025/ 4007 portant renouvellement d'autorisation de lieu de\nrecherches impliquant la personne humaine Unit\u00e9 d'Immunologie H\u00e9matologie et Rhumatologie P\u00e9diatriques (UIHR)Monsieur le\nProfesseur Pierre QUARTIER-dit-MAIRE H\u00f4pital Necker-Enfants malades\n45\n3\nARTICLE 4e: Les recherches impliquant la personne humaine concern\u00e9es par cette d\u00e9cision ne\npeuvent \u00eatre mises en \u0153uvre qu'apr\u00e8s avis favorable du comit\u00e9 de protection des\npersonnes mentionn\u00e9 \u00e0 l'article L. 1123-1 et autorisation de l'autorit\u00e9 comp\u00e9tente\nmentionn\u00e9e \u00e0 l'article L. 1123-12.\nARTICLE 5e: Cette d\u00e9cision d'autorisation est d\u00e9livr\u00e9e pour une dur\u00e9e de 3 ans.\nTout renouvellement ou toute modification relative aux \u00e9l\u00e9ments \u00e9num\u00e9r\u00e9s \u00e0 l'article\nR.1121-10 du code de la sant\u00e9 publique modifi\u00e9 par le d\u00e9cret n\u00b0 2016-1537 devront\nfaire l'objet d'une nouvelle demande d'autorisation.\nLa demande de renouvellement ou de modification de l'autorisation sera adress\u00e9e au\nDirecteur g\u00e9n\u00e9ral de l'Agence r\u00e9gionale de sant\u00e9 \u00cele-de-France, le d\u00e9lai d'instruction\n\u00e9tant respectivement de quatre mois ou de deux mois.\nARTICLE 6e: Un recours contentieux contre la pr\u00e9sente d\u00e9cision peut \u00eatre form\u00e9 aupr\u00e8s du Tribunal\nadministratif comp\u00e9tent. Le d\u00e9lai de recours est de deux mois \u00e0 compter de sa\nnotification ou de sa publication au recueil des actes administratifs de la Pr\u00e9fecture de\nla R\u00e9gion \u00cele-de-France pour les tiers.\nARTICLE 7e: La pr\u00e9sente d\u00e9cision sera publi\u00e9e au recueil des actes administratifs de la pr\u00e9fecture\nde la r\u00e9gion \u00cele-de-France.\nFait \u00e0 Saint-Denis, le \nPour le Directeur g\u00e9n\u00e9ral\nde l'Agence r\u00e9gionale de sant\u00e9\n\u00cele-de-France\nPar d\u00e9l\u00e9gation,\n \nAgence R\u00e9gionale de Sant\u00e9 - IDF-2025-10-08-00011 - Arr\u00eat\u00e9 n\u00b0DOS - 2025/ 4007 portant renouvellement d'autorisation de lieu de\nrecherches impliquant la personne humaine Unit\u00e9 d'Immunologie H\u00e9matologie et Rhumatologie P\u00e9diatriques (UIHR)Monsieur le\nProfesseur Pierre QUARTIER-dit-MAIRE H\u00f4pital Necker-Enfants malades\n46\nAgence R\u00e9gionale de Sant\u00e9\nIDF-2025-10-08-00012\nArr\u00eat\u00e9 n\u00b0DOS - 2025/3789 portant modification\nde l'autorisation\nde lieu de recherches impliquant la personne\nhumaine Soci\u00e9t\u00e9 EUROFINS Eurofins Bio-EC\nMonsieur le Dr David LOPES\nAgence R\u00e9gionale de Sant\u00e9 - IDF-2025-10-08-00012 - Arr\u00eat\u00e9 n\u00b0DOS - 2025/3789 portant modification de l'autorisation\nde lieu de recherches impliquant la personne humaine Soci\u00e9t\u00e9 EUROFINS Eurofins Bio-EC Monsieur le Dr David LOPES 47\nEREPUBLIQUEFRAN\u00c7AISELibert\u00e9Egalit\u00e9Fraternit\u00e9\n@ D Agence R\u00e9gionale de Sant\u00e9lle-de-France\nAGENCE R\u00c9GIONALE DE SANT\u00c9 \u00ceLE-DE-FRANCE\nARR\u00caT\u00c9 N\u00b0DOS \u2013 2025/3789\nportant modification de l'autorisation\nde lieu de recherches impliquant la personne humaine\nLE DIRECTEUR G\u00c9N\u00c9RAL DE L'AGENCE R\u00c9GIONALE DE SANT\u00c9\n\u00ceLE-DE-France\nVU le code de la sant\u00e9 publique, notamment ses articles L.1121-3 et suivants et R.1121-10 et suivants\n;\nVU le d\u00e9cret du 10 avril 2024 portant nomination de Monsieur Denis ROBIN, Directeur g\u00e9n\u00e9ral de\nl'Agence r\u00e9gionale de sant\u00e9 \u00cele-de-France, \u00e0 compter du 29 avril 2024 ;\nVU l'arr\u00eat\u00e9 n\u00b0 DS 034/2024 du 29 avril 2024, portant d\u00e9l\u00e9gation de signature du Directeur g\u00e9n\u00e9ral de\nl'Agence r\u00e9gionale de sant\u00e9 \u00cele-de-France \u00e0 Monsieur Arnaud CORVAISIER, Directeur de l'offre de\nsoins, et \u00e0 diff\u00e9rents collaborateurs ;\nVU l'arr\u00eat\u00e9 du 12 mai 2009 fixant les conditions mentionn\u00e9es \u00e0 l'article R.1121-11 devant figurer dans la\ndemande d'autorisation des lieux de recherches biom\u00e9dicales pr\u00e9vues \u00e0 l'article L. 1121-13 du code\nde la sant\u00e9 publique ;\nVU la demande de la soci\u00e9t\u00e9 Eurofins pour la modification de l'autorisation concernant le lieu de\nrecherches impliquant la personne humaine intitul\u00e9 \u00ab Eurofins Bio-EC \u00bb \u2013 91160 Longjumeau.\nLa modification concerne le remplacement du Dr Elian LATI par le Dr David LOPES en tant que\nresponsable du lieu de recherche ;\nCONSID\u00c9RANT que cette demande de modification d'autorisation du lieu de recherches impliquant la\npersonne humaine rentre dans le champ de comp\u00e9tence du Directeur g\u00e9n\u00e9ral de\nl'Agence r\u00e9gionale de sant\u00e9 \u00cele-de-France ;\nCONSID\u00c9RANT que le lieu concern\u00e9 par cette demande dispose des moyens humains, mat\u00e9riels et\ntechniques adapt\u00e9s \u00e0 la recherche et compatibles avec les imp\u00e9ratifs de s\u00e9curit\u00e9 des\npersonnes qui s'y pr\u00eatent et que la demande respecte l'ensemble des conditions pr\u00e9vues\npar l'article R.1121-10 ;\nCONSID\u00c9RANT que l'avis rendu le 25 ao\u00fbt 2025, \u00e0 l'issue de l'enqu\u00eate du m\u00e9decin de l'ARS et du\npharmacien inspecteur de Sant\u00e9 Publique, est favorable ;\nAgence R\u00e9gionale de Sant\u00e9 - IDF-2025-10-08-00012 - Arr\u00eat\u00e9 n\u00b0DOS - 2025/3789 portant modification de l'autorisation\nde lieu de recherches impliquant la personne humaine Soci\u00e9t\u00e9 EUROFINS Eurofins Bio-EC Monsieur le Dr David LOPES 48\n2\nARR\u00caTE\nARTICLE 1er : La modification d'autorisation du lieu de recherches impliquant la personne humaine\nmentionn\u00e9e \u00e0 l'article L.1121-13 du code de la sant\u00e9 publique, et aux articles\nR.1121-13 et R.1121-14 modifi\u00e9s par le d\u00e9cret n\u00b02016-1537 du 16 novembre 2016 est\naccord\u00e9e \u00e0 :\nEntit\u00e9 juridique portant l'activit\u00e9 :\nSoci\u00e9t\u00e9 EUROFINS\npour le lieu de recherches suivant :\nEurofins Bio-EC\nCentre de recherches biologiques et d'exp\u00e9rimentations cutan\u00e9es\nPlac\u00e9 sous la responsabilit\u00e9 de :\nMonsieur le Dr David LOPES\nAdresse compl\u00e8te :\n1, chemin du Saulxier\n91160 Longjumeau.\nARTICLE 2e: Ce lieu de recherches impliquant la personne humaine correspond \u00e0 un centre de tests\ncliniques comprenant diff\u00e9rents locaux, dont 7 salles de tests, permettant d'accueillir\nsimultan\u00e9ment jusqu'\u00e0 12 volontaires. Ces locaux sont r\u00e9partis sur 3 niveaux (sous-sol,\nrez-de-chauss\u00e9e et 1er \u00e9tage), pour une superficie totale de 800 m\u00b2, dont environ 100m\u00b2\nsont allou\u00e9s aux activit\u00e9s des \u00e9tudes cliniques. \nLe lieu fonctionne du lundi au vendredi, de 8 heures \u00e0 18 heures.\nLes recherches sont r\u00e9alis\u00e9es chez les volontaires sains adultes et ne comprenant aucune\npremi\u00e8re administration de m\u00e9dicament \u00e0 l'homme.\nARTICLE 3e: Selon les dispositions de l'article L. 5311-1, modifi\u00e9 par la Loi n\u00b02022-1726 du\n30 d\u00e9cembre 2022, les protocoles de recherches envisag\u00e9s auront pour th\u00e8mes :\n- Les dispositifs m\u00e9dicaux et leurs accessoires ;\n- Les dispositifs m\u00e9dicaux de diagnostic in vitro et leurs accessoires ;\n- Les organes, tissus, cellules et produits d'origine humaine ou animale, y compris\nlorsqu'ils sont pr\u00e9lev\u00e9s \u00e0 l'occasion d'une intervention chirurgicale.\nARTICLE 4e: Les recherches impliquant la personne humaine concern\u00e9es par cette d\u00e9cision ne peuvent\n\u00eatre mises en \u0153uvre qu'apr\u00e8s avis favorable du comit\u00e9 de protection des personnes\nmentionn\u00e9 \u00e0 l'article L. 1123-1 et autorisation de l'autorit\u00e9 comp\u00e9tente mentionn\u00e9e \u00e0 l'article\nL. 1123-12.\nARTICLE 5e: Cette d\u00e9cision d'autorisation est d\u00e9livr\u00e9e pour une dur\u00e9e de 7 ans.\nTout renouvellement ou toute modification relative aux \u00e9l\u00e9ments \u00e9num\u00e9r\u00e9s \u00e0 l'article\nR.1121-10 du code de la sant\u00e9 publique modifi\u00e9 par le d\u00e9cret n\u00b0 2016-1537 devront faire\nl'objet d'une nouvelle demande d'autorisation.\nLa demande de renouvellement ou de modification de l'autorisation sera adress\u00e9e au\nDirecteur g\u00e9n\u00e9ral de l'Agence r\u00e9gionale de sant\u00e9 \u00cele-de-France, le d\u00e9lai d'instruction \u00e9tant\nrespectivement de quatre mois ou de deux mois.\nARTICLE 6e: Un recours contentieux contre la pr\u00e9sente d\u00e9cision peut \u00eatre form\u00e9 aupr\u00e8s du Tribunal\nadministratif comp\u00e9tent. Le d\u00e9lai de recours est de deux mois \u00e0 compter de sa notification\nou de sa publication au recueil des actes administratifs de la Pr\u00e9fecture de la R\u00e9gion\n\u00cele-de-France pour les tiers.\nAgence R\u00e9gionale de Sant\u00e9 - IDF-2025-10-08-00012 - Arr\u00eat\u00e9 n\u00b0DOS - 2025/3789 portant modification de l'autorisation\nde lieu de recherches impliquant la personne humaine Soci\u00e9t\u00e9 EUROFINS Eurofins Bio-EC Monsieur le Dr David LOPES 49\n3\nARTICLE 7e: La pr\u00e9sente d\u00e9cision sera publi\u00e9e au recueil des actes administratifs de la pr\u00e9fecture de la\nr\u00e9gion \u00cele-de-France.\nFait \u00e0 Saint-Denis, le \nPour le Directeur g\u00e9n\u00e9ral\nde l'Agence r\u00e9gionale de sant\u00e9\n\u00cele-de-France\nPar d\u00e9l\u00e9gation,\n  \nAgence R\u00e9gionale de Sant\u00e9 - IDF-2025-10-08-00012 - Arr\u00eat\u00e9 n\u00b0DOS - 2025/3789 portant modification de l'autorisation\nde lieu de recherches impliquant la personne humaine Soci\u00e9t\u00e9 EUROFINS Eurofins Bio-EC Monsieur le Dr David LOPES 50\nAgence R\u00e9gionale de Sant\u00e9\nIDF-2025-10-13-00005\nArr\u00eat\u00e9 n\u00b0DOS-2025- 4269 Portant retrait\nd'agr\u00e9ment de la SASU ESSENTIEL \nAMBULANCES (92120 - MONTROUGE)\nAgence R\u00e9gionale de Sant\u00e9 - IDF-2025-10-13-00005 - Arr\u00eat\u00e9 n\u00b0DOS-2025- 4269 Portant retrait d'agr\u00e9ment de la SASU ESSENTIEL \nAMBULANCES (92120 - MONTROUGE) 51\nREPUBLIQUEFRANCAISELibert\u00e9Egalit\u00e9Fraternit\u00e9\ne \u00bb Agence R\u00e9gionale de Sant\u00e9Ile-de-France\n \n \n \n \n \n \n \nAGENCE R\u00c9GIONALE DE SANT\u00c9 \u00ceLE-DE-FRANCE \nARR\u00caT\u00c9 N\u00b0DOS-2025- 4269 \nPortant retrait d'agr\u00e9ment de la SASU ESSENTIEL AMBULANCES \n(92120 - MONTROUGE) \n \nLE DIRECTEUR G\u00c9N\u00c9RAL DE L'AGENCE R\u00c9GIONALE DE SANT\u00c9 \u00ceLE-DE-FRANCE \n \nVU le Code de la Sant\u00e9 Publique et notamment ses articles L.6311-1 \u00e0 L.6311-2, L.6312-1 \u00e0 L.6312-\n5, L.6313-1, R.6312-1 \u00e0 R.6312-23, R.6312-29 \u00e0 R.6312-43, R.6313-5 \u00e0 R.6313-7-1 ;  \n \nVU la loi n\u00b0 2009-879 du 21 juillet 2009 portant r\u00e9forme de l'h\u00f4pital et relative aux patients, \u00e0 la sant\u00e9 \net aux territoires ; \n \nVU le d\u00e9cret n\u00b0 2010 -344 du 31 mars 2010  tirant les cons\u00e9quences, au niveau r\u00e8glementaire, de \nl'intervention de la loi n\u00b0 2009 -879 du 21 juillet 2009 portant r\u00e9forme de l'h\u00f4pital et relative aux \npatients, \u00e0 la sant\u00e9 et aux territoires ; \n \nVU le d\u00e9cret du 10 avril 2024  portant nomination de Monsieur Denis ROBIN, Directeur g\u00e9n\u00e9ral de \nl'Agence r\u00e9gionale d'\u00cele de France \u00e0 compter du 29 avril 2024 ; \n \nVU l'arr\u00eat\u00e9 minist\u00e9riel du 21 d\u00e9cembre 1987 modifi\u00e9 relatif \u00e0 la composition du dossier d'agr\u00e9ment \ndes personnes effectuant des transports sanitaires terrestres et au contr\u00f4le des v\u00e9hicules \naffect\u00e9s aux transports sanitaires ; \n \nVU l'arr\u00eat\u00e9 du 12 d\u00e9cembre 2017  modifi\u00e9 fixant les caract\u00e9ristiques et les installations mat\u00e9rielles \nexig\u00e9es pour les v\u00e9hicules affect\u00e9s aux transports sanitaires terrestres ; \n \nVU l'arr\u00eat\u00e9 DS N\u00b0034/2024 du Directeur g\u00e9n\u00e9ral de l'Agence r\u00e9gionale de sant\u00e9 \u00cele de France en \ndate du 29 avril 2024, portant d\u00e9l\u00e9gation de signature \u00e0 Monsieur Arnaud CORVAISIER, \nDirecteur de l'offre de soins, et \u00e0 certains de ses collaborateurs ; \n \nVU l'arr\u00eat\u00e9 n\u00b0DOS-2018-05 du Directeur g\u00e9n\u00e9ral de l'Agence r\u00e9gionale de sant\u00e9 Ile de France en \ndate du 02 janvier 2018 , portant agr\u00e9ment sous  le n\u00b0 ARS-IDF-TS/133, de la SASU \nENSSENTIEL AMBULANCES, sise 14, rue P\u00e9rier -92120 MONTROUGE, dont le pr\u00e9sident est \nMonsieur Yassine BENKHEDOUMA ;  \n \n     \nCONSIDERANT l'accord de transfert des autorisations de mise en service rattach\u00e9es \u00e0 deux v\u00e9hicules \nde Cat\u00e9gorie C type A immatricul\u00e9s GS-750-ZR et GS-884-LY \u00e0 la soci\u00e9t\u00e9 AMBULANCES 92, sise 14, \nrue P\u00e9rier \u2013 92120 MONTROUGE dont la pr\u00e9sidente est Madame  Sarah MAALI, d\u00e9livr\u00e9 par les \nservices de l'ARS Ile de France le 22 mai 2025 ; \n \nCONSIDERANT par cons\u00e9quent que l'agr\u00e9ment de  la SASU ESSENTIEL AMBULANCES  est \nd\u00e9sormais sans objet ; \n \n \n \nAgence R\u00e9gionale de Sant\u00e9 - IDF-2025-10-13-00005 - Arr\u00eat\u00e9 n\u00b0DOS-2025- 4269 Portant retrait d'agr\u00e9ment de la SASU ESSENTIEL \nAMBULANCES (92120 - MONTROUGE) 52\n2 \n \nARR\u00caTE \n \nARTICLE 1er : L'agr\u00e9ment de la SASU ESSENTIEL AMBULANCES, sise 14, rue P\u00e9rier -92120 \nMONTROUGE, dont le pr\u00e9sident est Monsieur Yassine BENKHEDOUMA est retir\u00e9 \u00e0 compter de la \ndate du pr\u00e9sent arr\u00eat\u00e9. \n \nARTICLE 2 : La pr\u00e9sente d\u00e9cision peut faire l'objet d'un recours gracieux aupr\u00e8s de Monsieur le \nDirecteur g\u00e9n\u00e9ral de l'Agence r\u00e9gionale de sant\u00e9, sise 13, rue du Landy 93200 Saint-Denis. \n Un recours contentieux peut \u00e9galement \u00eatre d\u00e9pos\u00e9 aupr\u00e8s du tribunal administratif comp\u00e9tent.   \n Le d\u00e9lai de recours est de deux mois \u00e0 compter de la notification de l'arr\u00eat\u00e9 pour l'int\u00e9ress\u00e9 ou de sa \npublication pour les tiers. \n Ces recours n'ont pas pour effet de suspendre le caract\u00e8re ex\u00e9cutoire de la pr\u00e9sente d\u00e9cision.    \n \nARTICLE 3 : Le Directeur de l'offre de soins est charg\u00e9 de l'ex\u00e9cution du pr\u00e9sent arr\u00eat\u00e9, qui sera \npubli\u00e9 au Recueil des Actes Administratifs des services de l'\u00c9tat.  \n \n \n \n \nFait \u00e0 Saint-Denis, le    13/10/2025      \n \nP/Le Directeur g\u00e9n\u00e9ral \nde l'Agence r\u00e9gionale de sant\u00e9 \nIle-de-France,  \nLa Responsable du service r\u00e9gional \ndes transports sanitaires, \n \n         SIGNE \n \nS\u00e9verine TEISSEDRE \nAgence R\u00e9gionale de Sant\u00e9 - IDF-2025-10-13-00005 - Arr\u00eat\u00e9 n\u00b0DOS-2025- 4269 Portant retrait d'agr\u00e9ment de la SASU ESSENTIEL \nAMBULANCES (92120 - MONTROUGE) 53\nAgence R\u00e9gionale de Sant\u00e9\nIDF-2025-10-13-00006\nArr\u00eat\u00e9 n\u00b0DOS-2025- 4270 Portant agr\u00e9ment de la\nSAS AMBULANCES SAMA (93190 -\nLIVRY-GARGAN)\nAgence R\u00e9gionale de Sant\u00e9 - IDF-2025-10-13-00006 - Arr\u00eat\u00e9 n\u00b0DOS-2025- 4270 Portant agr\u00e9ment de la SAS AMBULANCES SAMA\n(93190 - LIVRY-GARGAN) 54\nREPUBLIQUEFRANCAISELibert\u00e9Egalit\u00e9Fraternit\u00e9\ne \u00bb Agence R\u00e9gionale de Sant\u00e9Ile-de-France\n \n \n \n \n \n \n \nAGENCE R\u00c9GIONALE DE SANT\u00c9 \u00ceLE-DE-FRANCE \nARR\u00caT\u00c9 N\u00b0DOS-2025- 4270 \nPortant agr\u00e9ment de la SAS AMBULANCES SAMA \n(93190 \u2013 LIVRY-GARGAN)  \n \nLE DIRECTEUR G\u00c9N\u00c9RAL DE L'AGENCE R\u00c9GIONALE DE SANT\u00c9 \u00ceLE-DE-FRANCE \n \n \nVU le Code de la Sant\u00e9 Publique et notamment ses articles L.6311-1 \u00e0 L.6311-2, L.6312-1 \u00e0 L.6312-\n5, L.6313-1, R.6312-1 \u00e0 R.6312-23, R.6312-29 \u00e0 R.6312-43, R.6313-5 \u00e0 R.6313-7-1 ;   \n \nVU la loi n\u00b0 2009-879 du 21 juillet 2009 portant r\u00e9forme de l'h\u00f4pital et relative aux patients, \u00e0 la sant\u00e9 \net aux territoires ; \n \nVU le d\u00e9cret n\u00b0 2010 -344 du 31 mars 2010 tirant les cons\u00e9quences, au niveau r\u00e8glementaire, de \nl'intervention de la loi n\u00b0 2009 -879 du 21 juillet 2009 portant r\u00e9forme de l'h\u00f4pital et relative aux \npatients, \u00e0 la sant\u00e9 et aux territoires ;  \n \nVU le d\u00e9cret du 10 avril 2024  portant nomination de Monsieur Denis ROBIN, Directeur g\u00e9n\u00e9ral de \nl'Agence r\u00e9gionale de sant\u00e9 \u00cele de France \u00e0 compter du 29 avril 2024 ; \n \nVU l'arr\u00eat\u00e9 minist\u00e9riel du 21 d\u00e9cembre 1987 modifi\u00e9 relatif \u00e0 la composition du dossier d'agr\u00e9ment \ndes personnes effectuant des transports sanitaires terrestres et au contr\u00f4le des v\u00e9hicules \naffect\u00e9s aux transports sanitaires ; \n \nVU l'arr\u00eat\u00e9 du 12 d\u00e9cembre 2017  modifi\u00e9 fixant les caract\u00e9ristiques et les installations mat\u00e9rielles \nexig\u00e9es pour les v\u00e9hicules affect\u00e9s aux transports sanitaires terrestres ; \n \nVU l'arr\u00eat\u00e9 DS N\u00b0034/2024 du Directeur g\u00e9n\u00e9ral de l'Agence r\u00e9gionale  de sant\u00e9 \u00cele de France en \ndate du 29 avril 2024, portant d\u00e9l\u00e9gation de signature \u00e0 Monsieur Arnaud CORVAISIER, \nDirecteur de l'offre de soins, et \u00e0 certains de ses collaborateurs ; \n \nVU le dossier de demande d'agr\u00e9ment pr\u00e9sent\u00e9 par  Monsieur Mohamed NABI, responsable l\u00e9gal \nde la SAS AMBULANCES SAMA, sise 38, avenue C\u00e9sar COLLAVERI \u2013 93190 LIVRY-GARGAN \n; \n \nCONSIDERANT l'accord de transfert de l'autorisation de mise en service d'un v\u00e9hicule de cat\u00e9gorie C \ntype A immatricul\u00e9 EG-014-SK et d'un v\u00e9hicule de cat\u00e9gorie D immatricul\u00e9 AZ-502-SJ provenant de la \nsoci\u00e9t\u00e9 MAPRILANNE MB \u00e0 LIVRY-GARGAN d\u00e9livr\u00e9 par les services de l'ARS Ile de France le 22 mai \n2025 ; \n \nCONSIDERANT la conformit\u00e9 du dossier de demande d'agr\u00e9ment, des installations mat\u00e9rielles, des \nv\u00e9hicules et des \u00e9quipages, aux dispositions du code de la sant\u00e9 publique et des arr\u00eat\u00e9s ci -dessus \nvis\u00e9s relatifs \u00e0 la composition du dossier d'agr\u00e9ment et fixant les carac t\u00e9ristiques exig\u00e9es pour les \nv\u00e9hicules et les installations mat\u00e9rielles affect\u00e9s aux transports sanitaires terrestres  ; \n \nAgence R\u00e9gionale de Sant\u00e9 - IDF-2025-10-13-00006 - Arr\u00eat\u00e9 n\u00b0DOS-2025- 4270 Portant agr\u00e9ment de la SAS AMBULANCES SAMA\n(93190 - LIVRY-GARGAN) 55\n2 \n \nCONSIDERANT l'attestation sur l'honneur du responsable l\u00e9gal de la soci\u00e9t\u00e9 relative \u00e0 la conformit\u00e9 \ndes installations mat\u00e9rielles, aux normes d\u00e9finies par l'arr\u00eat\u00e9 du 12 d\u00e9cembre 2017 ci-dessus vis\u00e9 ainsi \nqu'aux normes d'hygi\u00e8ne et de salubrit\u00e9 ; \n \nCONSIDERANT les attestations sur l'honneur du responsable l\u00e9gal de la soci\u00e9t\u00e9 relative \u00e0 la conformit\u00e9 \ndes v\u00e9hicules de transports sanitaires, aux normes d\u00e9finies par l'arr\u00eat\u00e9 du 12 d\u00e9cembre 2017 ci-dessus \nvis\u00e9 ; \n \n \nARR\u00caTE \n \n \nARTICLE 1er :  La SAS AMBULANCES SAMA, sise 38, avenue C\u00e9sar COLLAVERI \u2013 93190 LIVRY-\nGARGAN dont le pr\u00e9sident est Monsieur Mohamed NABI  est agr\u00e9\u00e9e sous le n\u00b0 ARS -IDF-TS/424 \u00e0 \ncompter de la date du pr\u00e9sent arr\u00eat\u00e9. \n \n ARTICLE 2 : La liste des v\u00e9hicules et des personnels composant les \u00e9quipages est pr\u00e9cis\u00e9e en annexe \nau pr\u00e9sent arr\u00eat\u00e9. \n \nARTICLE 3  : La pr\u00e9sente d\u00e9cision peut faire l'objet d'un recours gracieux aupr\u00e8s de Monsieur le \nDirecteur g\u00e9n\u00e9ral de l'Agence r\u00e9gionale de sant\u00e9, sise 13, rue du Landy 93200 Saint-Denis. \n Un recours contentieux peut \u00e9galement \u00eatre d\u00e9pos\u00e9 aupr\u00e8s du tribunal administratif comp\u00e9tent.   \n Le d\u00e9lai de recours est de deux mois \u00e0 compter de la notification de l'arr\u00eat\u00e9 pour l'int\u00e9ress\u00e9 ou de sa \npublication pour les tiers. \n Ces recours n'ont pas pour effet de suspendre le caract\u00e8re ex\u00e9cutoire de la pr\u00e9sente d\u00e9cision.    \n \nARTICLE 4 : Le Directeur de l'offre de soins est charg\u00e9 de l'ex\u00e9cution du pr\u00e9sent arr\u00eat\u00e9, qui sera publi\u00e9 \nau Recueil des Actes Administratifs des services de l'\u00c9tat. \n \n \nFait \u00e0 Saint-Denis, le    13/10/2025                          \n \nP/Le Directeur g\u00e9n\u00e9ral \nde l'Agence r\u00e9gionale de sant\u00e9 \nIle-de-France, \nLa Responsable du Service r\u00e9gional \ndes transports sanitaires, \n \nSIGNE \n \n \nS\u00e9verine TEISSEDRE \n \n \nAgence R\u00e9gionale de Sant\u00e9 - IDF-2025-10-13-00006 - Arr\u00eat\u00e9 n\u00b0DOS-2025- 4270 Portant agr\u00e9ment de la SAS AMBULANCES SAMA\n(93190 - LIVRY-GARGAN) 56\nAgence R\u00e9gionale de Sant\u00e9\nIDF-2025-10-13-00003\nArr\u00eat\u00e9 n\u00b0DOS-2025-3974 portant transfert des\nlocaux de la SAS AMBULANCES LA ROSE\nBLANCHE (91330 - YERRES)\nAgence R\u00e9gionale de Sant\u00e9 - IDF-2025-10-13-00003 - Arr\u00eat\u00e9 n\u00b0DOS-2025-3974 portant transfert des locaux de la SAS AMBULANCES LA\nROSE BLANCHE (91330 - YERRES) 57\nREPUBLIQUEFRANCAISELibert\u00e9Egalit\u00e9Fraternit\u00e9\ne \u00bb Agence R\u00e9gionale de Sant\u00e9Ile-de-France\n \n \n \n \n \n \n \nAGENCE R\u00c9GIONALE DE SANT\u00c9 \u00ceLE-DE-FRANCE \nARR\u00caT\u00c9 N\u00b0DOS-2025-3974 \nportant transfert des locaux de la SAS AMBULANCES LA ROSE BLANCHE \n(91330 - YERRES) \n \nLE DIRECTEUR G\u00c9N\u00c9RAL DE L'AGENCE R\u00c9GIONALE DE SANT\u00c9 \u00ceLE-DE-FRANCE \n \n \nVU le Code de la Sant\u00e9 Publique  et notamment ses articles L.6311 -1 \u00e0 L.6311 -2, L.6312 -1 \u00e0 \nL.6312-5, L.6313-1, R.6312-1 \u00e0 R.6312-23, R.6312-29 \u00e0 R.6312-43, R.6313-5 \u00e0 R.6313-7-1 ; \n \nVU la loi n\u00b0 2009-879 du 21 juillet 2009 portant r\u00e9forme de l'h\u00f4pital et relative aux patients, \u00e0 la \nsant\u00e9 et aux territoires ; \n \nVU le d\u00e9cret n\u00b0 2010 -344 du 31 mars 2010 tirant les cons\u00e9quences, au niveau r\u00e8glementaire, de \nl'intervention de la loi n\u00b0 2009 -879 du 21 juillet 2009 portant r\u00e9forme de l'h\u00f4pital et relative aux \npatients, \u00e0 la sant\u00e9 et aux territoires ; \n \nVU le d\u00e9cret du 10 avril 2024  portant nomination de Monsieur Denis ROBIN, Directeur g\u00e9n\u00e9ral de \nl'Agence r\u00e9gionale d'\u00cele de France \u00e0 compter du 29 avril 2024 ; \n \nVU l'arr\u00eat\u00e9 minist\u00e9riel du 21 d\u00e9cembre 1987 modifi\u00e9 relatif \u00e0 la composition du dossier d'agr\u00e9ment \ndes personnes effectuant des transports sanitaires terrestres et au contr\u00f4le des v\u00e9hicules \naffect\u00e9s aux transports sanitaires ; \n \nVU l'arr\u00eat\u00e9 du 12 d\u00e9cembre 2017  modifi\u00e9 fixant les caract\u00e9ristiques et les installations mat\u00e9rielles \nexig\u00e9es pour les v\u00e9hicules affect\u00e9s aux transports sanitaires terrestres ; \n \nVU l'arr\u00eat\u00e9 DS N\u00b0034/2024 du Directeur g\u00e9n\u00e9ral de l'Agence r\u00e9gionale d'\u00cele de France en date du \n29 avril 2024, portant d\u00e9l\u00e9gation de signature \u00e0 Monsieur Arnaud CORVAISIER, Directeur de \nl'offre de soins, et \u00e0 certains de ses collaborateurs ; \n \nVU l'arr\u00eat\u00e9 n\u00b0DOS-2021/4476 du Directeur g\u00e9n\u00e9ral de l'Agence r\u00e9gionale de sant\u00e9 Ile de France \nen date du  03 novembre 2021 , portant agr\u00e9ment sous  le n\u00b0  ARS-IDF-TS/271, de la SAS \nAMBULANCES DE LA ROSE BLANCHE , sise 18, rue Henri Barbusse \u00e0 Yerres , dont le \npr\u00e9sident est Monsieur Mohamed YAQINI ; \n \n \nCONSIDERANT l'accord de transfert des autorisations de mise  en service d\u00e9livr\u00e9 par les services de \nl'ARS Ile-de-France le 30 juin 2025 ; \n \nCONSIDERANT la demande de modification de l'agr\u00e9ment d\u00e9pos\u00e9e par le /la responsable l\u00e9gal/e de \nla soci\u00e9t\u00e9 relative au transfert des locaux ; \n \nCONSIDERANT la conformit\u00e9 du dossier de demande de transfert des locaux aux dispositions de \nl'arr\u00eat\u00e9 du 21 d\u00e9cembre 1987 modifi\u00e9 ci-dessus vis\u00e9 ; \n \nAgence R\u00e9gionale de Sant\u00e9 - IDF-2025-10-13-00003 - Arr\u00eat\u00e9 n\u00b0DOS-2025-3974 portant transfert des locaux de la SAS AMBULANCES LA\nROSE BLANCHE (91330 - YERRES) 58\n2 \n \nCONSIDERANT l'attestation sur l'honneur relative \u00e0 la conformit\u00e9 des installations mat\u00e9rielles, aux \nnormes d\u00e9finies par l'arr\u00eat\u00e9 du 12 d\u00e9cembre 2017 ci -dessus vis\u00e9 ainsi qu'aux normes d'hygi\u00e8ne et de \nsalubrit\u00e9 ; \n \n \nARR\u00caTE \n \nARTICLE 1er : La SAS AMBULANCES LA ROSE BLANCHE  est autoris\u00e9e \u00e0 transf\u00e9rer ses locaux du \n28, rue Henri Barbusse \u2013 91300 YERRES au 76, rue Pierre Brossolette \u2013 91300 YERRES \u00e0 la date \ndu pr\u00e9sent arr\u00eat\u00e9.    \n \nARTICLE 2  : La pr\u00e9sente d\u00e9cision peut faire l'objet d'un recours gracieux aupr\u00e8s de Monsieur le \nDirecteur g\u00e9n\u00e9ral de l'Agence r\u00e9gionale de sant\u00e9, sise 13, rue du Landy 93200 Saint-Denis. \n Un recours contentieux peut \u00e9galement \u00eatre d\u00e9pos\u00e9 aupr\u00e8s du tribunal administratif comp\u00e9tent.   \n Le d\u00e9lai de recours est de deux mois \u00e0 compter de la notification de l'arr\u00eat\u00e9 pour l'int\u00e9ress\u00e9 ou de sa \npublication pour les tiers. \n Ces recours n'ont pas pour effet de suspendre le caract\u00e8re ex\u00e9cutoire de la pr\u00e9sente d\u00e9cision.    \n \nARTICLE 3  : Le Directeur de l'offre de soins est charg\u00e9 de l'ex\u00e9cution du pr\u00e9sent arr\u00eat\u00e9, qui sera \npubli\u00e9 au Recueil des Actes Administratifs des services de l'\u00c9tat.  \n \n \n \n \nFait \u00e0 Saint-Denis, le    13/10/2025      \n \nP/Le Directeur g\u00e9n\u00e9ral \nde l'Agence r\u00e9gionale de sant\u00e9 \nIle-de-France,  \nLa Responsable du service r\u00e9gional \ndes transports sanitaires, \n \n \nSIGNE \n \nS\u00e9verine TEISSEDRE \n \nAgence R\u00e9gionale de Sant\u00e9 - IDF-2025-10-13-00003 - Arr\u00eat\u00e9 n\u00b0DOS-2025-3974 portant transfert des locaux de la SAS AMBULANCES LA\nROSE BLANCHE (91330 - YERRES) 59\nAgence R\u00e9gionale de Sant\u00e9\nIDF-2025-10-13-00004\nArr\u00eat\u00e9 n\u00b0DOS-2025-4268 Portant agr\u00e9ment de la\nSAS AMBULANCES 92 (92120 - MONTROUGE)\nAgence R\u00e9gionale de Sant\u00e9 - IDF-2025-10-13-00004 - Arr\u00eat\u00e9 n\u00b0DOS-2025-4268 Portant agr\u00e9ment de la SAS AMBULANCES 92 (92120 -\nMONTROUGE) 60\nREPUBLIQUEFRANCAISELibert\u00e9Egalit\u00e9Fraternit\u00e9\ne \u00bb Agence R\u00e9gionale de Sant\u00e9Ile-de-France\n \n \n \n \n \n \n \nAGENCE R\u00c9GIONALE DE SANT\u00c9 \u00ceLE-DE-FRANCE \nARR\u00caT\u00c9 N\u00b0DOS-2025-4268 \nPortant agr\u00e9ment de la SAS AMBULANCES 92 \n(92120 - MONTROUGE)  \n \nLE DIRECTEUR G\u00c9N\u00c9RAL DE L'AGENCE R\u00c9GIONALE DE SANT\u00c9 \u00ceLE-DE-FRANCE \n \n \nVU le Code de la Sant\u00e9 Publique et notamment ses articles L.6311-1 \u00e0 L.6311-2, L.6312-1 \u00e0 L.6312-\n5, L.6313-1, R.6312-1 \u00e0 R.6312-23, R.6312-29 \u00e0 R.6312-43, R.6313-5 \u00e0 R.6313-7-1 ;   \n \nVU la loi n\u00b0 2009-879 du 21 juillet 2009 portant r\u00e9forme de l'h\u00f4pital et relative aux patients, \u00e0 la sant\u00e9 \net aux territoires ; \n \nVU le d\u00e9cret n\u00b0 2010 -344 du 31 mars 2010 tirant les cons\u00e9quences, au niveau r\u00e8glementaire, de \nl'intervention de la loi n\u00b0 2009 -879 du 21 juillet 2009 portant r\u00e9forme de l'h\u00f4pital et relative aux \npatients, \u00e0 la sant\u00e9 et aux territoires ;  \n \nVU le d\u00e9cret du 10 avril 2024  portant nomination de Monsieur Denis ROBIN, Directeur g\u00e9n\u00e9ral de \nl'Agence r\u00e9gionale de sant\u00e9 \u00cele de France \u00e0 compter du 29 avril 2024 ; \n \nVU l'arr\u00eat\u00e9 minist\u00e9riel du 21 d\u00e9cembre 1987 modifi\u00e9 relatif \u00e0 la composition du dossier d'agr\u00e9ment \ndes personnes effectuant des transports sanitaires terrestres et au contr\u00f4le des v\u00e9hicules \naffect\u00e9s aux transports sanitaires ; \n \nVU l'arr\u00eat\u00e9 du 12 d\u00e9cembre 2017  modifi\u00e9 fixant les caract\u00e9ristiques et les installations mat\u00e9rielles \nexig\u00e9es pour les v\u00e9hicules affect\u00e9s aux transports sanitaires terrestres ; \n \nVU l'arr\u00eat\u00e9 DS N\u00b0034/2024 du Directeur g\u00e9n\u00e9ral de l'Agence r\u00e9gionale  de sant\u00e9 \u00cele de France en \ndate du 29 avril 2024, portant d\u00e9l\u00e9gation de signature \u00e0 Monsieur Arnaud CORVAISIER, \nDirecteur de l'offre de soins, et \u00e0 certains de ses collaborateurs ; \n \nVU le dossier de demande d'agr\u00e9ment pr\u00e9sent\u00e9 par, Madame Sarah MAALI, responsable l\u00e9gale de \nla SAS AMBULANCES 92, sise 14, rue P\u00e9rier \u2013 92120 MONTROUGE ; \n \nCONSIDERANT l'accord de transfert de  l'autorisation de mise en service  de deux v\u00e9hicules de \ncat\u00e9gorie C type A  immatricul\u00e9s GS-750-ZR et GS -884-LY provenant de la soci\u00e9t\u00e9 ESSENTIEL \nAMBULANCES \u00e0 MONTROUGE d\u00e9livr\u00e9 par les services de l'ARS Ile de France le 22 mai 2025 ; \n \nCONSIDERANT la conformit\u00e9 du dossier de demande d'agr\u00e9ment, des installations mat\u00e9rielles, des \nv\u00e9hicules et des \u00e9quipages, aux dispositions du code de la sant\u00e9 publique et des arr\u00eat\u00e9s ci -dessus \nvis\u00e9s relatifs \u00e0 la composition du dossier d'agr\u00e9ment et fixant les carac t\u00e9ristiques exig\u00e9es pour les \nv\u00e9hicules et les installations mat\u00e9rielles affect\u00e9s aux transports sanitaires terrestres  ; \n \nCONSIDERANT l'attestation sur l'honneur du responsable l\u00e9gal de la soci\u00e9t\u00e9 relative \u00e0 la conformit\u00e9 \ndes installations mat\u00e9rielles, aux normes d\u00e9finies par l'arr\u00eat\u00e9 du 12 d\u00e9cembre 2017 ci-dessus vis\u00e9 ainsi \nqu'aux normes d'hygi\u00e8ne et de salubrit\u00e9 ; \nAgence R\u00e9gionale de Sant\u00e9 - IDF-2025-10-13-00004 - Arr\u00eat\u00e9 n\u00b0DOS-2025-4268 Portant agr\u00e9ment de la SAS AMBULANCES 92 (92120 -\nMONTROUGE) 61\n2 \n \n \nCONSIDERANT les attestations sur l'honneur du responsable l\u00e9gal de la soci\u00e9t\u00e9 relative \u00e0 la conformit\u00e9 \ndes v\u00e9hicules de transports sanitaires, aux normes d\u00e9finies par l'arr\u00eat\u00e9 du 12 d\u00e9cembre 2017 ci-dessus \nvis\u00e9 ; \n \n \nARR\u00caTE \n \n \nARTICLE 1 er :  La SAS AMBULANCES 92, sise 14, rue P\u00e9rier \u2013 92120 MONTROUGE  dont la \npr\u00e9sidente est Madame Sarah MAALI est agr\u00e9\u00e9e sous le n\u00b0 ARS-IDF-TS/ 423 \u00e0 compter de la date du \npr\u00e9sent arr\u00eat\u00e9. \n \nLe local de d\u00e9sinfection et d'entretien courant des v\u00e9hicules se trouve au 74, avenue Aristide Briand \u2013 \n92120 MONTROUGE. Les aires de stationnement et le garage couvert se situent au 8, all\u00e9e de la \nValliere \u2013 92120 MONTROUGE. \n \n ARTICLE 2 : La liste des v\u00e9hicules et des personnels composant les \u00e9quipages est pr\u00e9cis\u00e9e en annexe \nau pr\u00e9sent arr\u00eat\u00e9. \n \nARTICLE 3  : La pr\u00e9sente d\u00e9cision peut faire l'objet d'un recours gracieux aupr\u00e8s de Monsieur le \nDirecteur g\u00e9n\u00e9ral de l'Agence r\u00e9gionale de sant\u00e9, sise 13, rue du Landy 93200 Saint-Denis. \n Un recours contentieux peut \u00e9galement \u00eatre d\u00e9pos\u00e9 aupr\u00e8s du tribunal administratif comp\u00e9tent.   \n Le d\u00e9lai de recours est de deux mois \u00e0 compter de la notification de l'arr\u00eat\u00e9 pour l'int\u00e9ress\u00e9 ou de sa \npublication pour les tiers. \n Ces recours n'ont pas pour effet de suspendre le caract\u00e8re ex\u00e9cutoire de la pr\u00e9sente d\u00e9cision.    \n \nARTICLE 4 : Le Directeur de l'offre de soins est charg\u00e9 de l'ex\u00e9cution du pr\u00e9sent arr\u00eat\u00e9, qui sera publi\u00e9 \nau Recueil des Actes Administratifs des services de l'\u00c9tat. \n \n \nFait \u00e0 Saint-Denis, le  13/10/2025                            \n \nP/Le Directeur g\u00e9n\u00e9ral \nde l'Agence r\u00e9gionale de sant\u00e9 \nIle-de-France, \nLa Responsable du Service r\u00e9gional \ndes transports sanitaires, \n \n \nSIGNE \n \nS\u00e9verine TEISSEDRE \n \n \nAgence R\u00e9gionale de Sant\u00e9 - IDF-2025-10-13-00004 - Arr\u00eat\u00e9 n\u00b0DOS-2025-4268 Portant agr\u00e9ment de la SAS AMBULANCES 92 (92120 -\nMONTROUGE) 62\nAgence R\u00e9gionale de Sant\u00e9\nIDF-2025-10-13-00007\nArr\u00eat\u00e9 n\u00b0DOS-2025-4271 Portant retrait\nd'agr\u00e9ment de la SASU MAPRILANNE MB\n(93190 - LIVRY-GARGAN)\nAgence R\u00e9gionale de Sant\u00e9 - IDF-2025-10-13-00007 - Arr\u00eat\u00e9 n\u00b0DOS-2025-4271 Portant retrait d'agr\u00e9ment de la SASU MAPRILANNE MB\n(93190 - LIVRY-GARGAN) 63\nREPUBLIQUEFRANCAISELibert\u00e9Egalit\u00e9Fraternit\u00e9\ne \u00bb Agence R\u00e9gionale de Sant\u00e9Ile-de-France\n \n \n \n \n \n \n \nAGENCE R\u00c9GIONALE DE SANT\u00c9 \u00ceLE-DE-FRANCE \nARR\u00caT\u00c9 N\u00b0DOS-2025-4271 \nPortant retrait d'agr\u00e9ment de la SASU MAPRILANNE MB \n(93190 \u2013 LIVRY-GARGAN) \n \nLE DIRECTEUR G\u00c9N\u00c9RAL DE L'AGENCE R\u00c9GIONALE DE SANT\u00c9 \u00ceLE-DE-FRANCE \n \nVU le Code de la Sant\u00e9 Publique et notamment ses articles L.6311-1 \u00e0 L.6311-2, L.6312-1 \u00e0 L.6312-\n5, L.6313-1, R.6312-1 \u00e0 R.6312-23, R.6312-29 \u00e0 R.6312-43, R.6313-5 \u00e0 R.6313-7-1 ;  \n \nVU la loi n\u00b0 2009-879 du 21 juillet 2009 portant r\u00e9forme de l'h\u00f4pital et relative aux patients, \u00e0 la sant\u00e9 \net aux territoires ; \n \nVU le d\u00e9cret n\u00b0 2010 -344 du 31 mars 2010 tirant les cons\u00e9quences, au niveau r\u00e8glementaire, de \nl'intervention de la loi n\u00b0 2009 -879 du 21 juillet 2009  portant r\u00e9forme de l'h\u00f4pital et relative aux \npatients, \u00e0 la sant\u00e9 et aux territoires ; \n \nVU le d\u00e9cret du 10 avril 2024  portant nomination de Monsieur Denis ROBIN, Directeur g\u00e9n\u00e9ral de \nl'Agence r\u00e9gionale d'\u00cele de France \u00e0 compter du 29 avril 2024 ; \n \nVU l'arr\u00eat\u00e9 minist\u00e9riel du 21 d\u00e9cembre 1987 modifi\u00e9 relatif \u00e0 la composition du dossier d'agr\u00e9ment \ndes personnes effectuant des transports sanitaires terrestres et au contr\u00f4le des v\u00e9hicules \naffect\u00e9s aux transports sanitaires ; \n \nVU l'arr\u00eat\u00e9 du 12 d\u00e9cembre 2017  modifi\u00e9 fixant les caract\u00e9ristiques et les installations mat\u00e9rielles \nexig\u00e9es pour les v\u00e9hicules affect\u00e9s aux transports sanitaires terrestres ; \n \nVU l'arr\u00eat\u00e9 DS N\u00b0034/2024 du Directeur g\u00e9n\u00e9ral de l'Agence r\u00e9gionale de sant\u00e9 \u00cele de France en \ndate du 29 avril 2024, portant d\u00e9l\u00e9gation de signature \u00e0 Monsieur Arnaud CORVAISIER, \nDirecteur de l'offre de soins, et \u00e0 certains de ses collaborateurs ; \n \nVU l'arr\u00eat\u00e9 n\u00b0 2013-2520 du Directeur g\u00e9n\u00e9ral de l'Agence r\u00e9gionale de sant\u00e9 Ile-de-France en date \ndu 20 septembre 2013, portant agr\u00e9ment de la SARL AMBULANCES MAPRILANNE MB, sise \n7, rue Henri Barbusse \u2013 93370 MONTFERMEIL dont le g\u00e9rant est Monsieur Mourad \nBOUHALLOUFA ;  \n \nVU l'arr\u00eat\u00e9 n\u00b0DOSMS-2015-197 du Directeur g\u00e9n\u00e9ral de l'Agence r\u00e9gionale de sant\u00e9 Ile-de-France \nen date du 08 juillet 2015, portant transfert de locaux et changement de forme juridique de la \nSARL AMBULANCES MAPRILANNE MB ;  \n \n \nCONSIDERANT l'accord de transfert des autorisations de mise en service rattach\u00e9es \u00e0 un v\u00e9hicule de \nCat\u00e9gorie C type A immatricul\u00e9 EG-014-SK et un v\u00e9hicule de cat\u00e9gorie D immatricul\u00e9 AZ -502-SJ \u00e0 la \nsoci\u00e9t\u00e9 AMBULANCES SANA, sise 38, avenue C\u00e9sar Collaveri \u2013 93190 LIVRY -GARGAN, dont l e \nresponsable l\u00e9gal est Monsieur Mohamed NABI, d\u00e9livr\u00e9 par les service s de l'ARS Ile-de-France le 22 \nmai 2025 ; \n \nAgence R\u00e9gionale de Sant\u00e9 - IDF-2025-10-13-00007 - Arr\u00eat\u00e9 n\u00b0DOS-2025-4271 Portant retrait d'agr\u00e9ment de la SASU MAPRILANNE MB\n(93190 - LIVRY-GARGAN) 64\n2 \n \nCONSIDERANT par cons\u00e9quent que l'agr\u00e9ment de  la SASU MAPRILANNE MB  est d\u00e9sormais sans \nobjet ; \n \n \n \nARR\u00caTE \n \nARTICLE 1er : L'agr\u00e9ment de la SASU MAPRILANNE MB, sise 57/61 rue de Vaujours \u2013 93190 \nLIVRY-GARGAN dont le responsable l\u00e9gal est Monsieur Mourad BOUHALLOUFA est retir\u00e9 \u00e0 \ncompter de la date du pr\u00e9sent arr\u00eat\u00e9. \n \nARTICLE 2 : La pr\u00e9sente d\u00e9cision peut faire l'objet d'un recours gracieux aupr\u00e8s de Monsieur le \nDirecteur g\u00e9n\u00e9ral de l'Agence r\u00e9gionale de sant\u00e9, sise 13, rue du Landy 93200 Saint-Denis. \n Un recours contentieux peut \u00e9galement \u00eatre d\u00e9pos\u00e9 aupr\u00e8s du tribunal administratif comp\u00e9tent.   \n Le d\u00e9lai de recours est de deux mois \u00e0 compter de la notification de l'arr\u00eat\u00e9 pour l'int\u00e9ress\u00e9 ou de sa \npublication pour les tiers. \n Ces recours n'ont pas pour effet de suspendre le caract\u00e8re ex\u00e9cutoire de la pr\u00e9sente d\u00e9cision.    \n \nARTICLE 3 : Le Directeur de l'offre de soins est charg\u00e9 de l'ex\u00e9cution du pr\u00e9sent arr\u00eat\u00e9, qui sera \npubli\u00e9 au Recueil des Actes Administratifs des services de l'\u00c9tat.  \n \n \n \n \nFait \u00e0 Saint-Denis, le   13/10/2025       \n \nP/Le Directeur g\u00e9n\u00e9ral \nde l'Agence r\u00e9gionale de sant\u00e9 \nIle-de-France,  \nLa Responsable du service r\u00e9gional \ndes transports sanitaires, \n \n        SIGNE \n \nS\u00e9verine TEISSEDRE \nAgence R\u00e9gionale de Sant\u00e9 - IDF-2025-10-13-00007 - Arr\u00eat\u00e9 n\u00b0DOS-2025-4271 Portant retrait d'agr\u00e9ment de la SASU MAPRILANNE MB\n(93190 - LIVRY-GARGAN) 65\nAgence R\u00e9gionale de Sant\u00e9\nIDF-2025-10-13-00008\nArr\u00eat\u00e9 n\u00b0DOS-2025-4275 Portant agr\u00e9ment de la\nSAS AMBULANCES TRICOLORE (93150 - LE\nBLANC-MESNIL)\nAgence R\u00e9gionale de Sant\u00e9 - IDF-2025-10-13-00008 - Arr\u00eat\u00e9 n\u00b0DOS-2025-4275 Portant agr\u00e9ment de la SAS AMBULANCES TRICOLORE\n(93150 - LE BLANC-MESNIL) 66\nREPUBLIQUEFRANCAISELibert\u00e9Egalit\u00e9Fraternit\u00e9\ne \u00bb Agence R\u00e9gionale de Sant\u00e9Ile-de-France\n \n \n \n \n \n \n \nAGENCE R\u00c9GIONALE DE SANT\u00c9 \u00ceLE-DE-FRANCE \nARR\u00caT\u00c9 N\u00b0DOS-2025-4275 \nPortant agr\u00e9ment de la SAS AMBULANCES TRICOLORE \n(93150 \u2013 LE BLANC-MESNIL)  \n \nLE DIRECTEUR G\u00c9N\u00c9RAL DE L'AGENCE R\u00c9GIONALE DE SANT\u00c9 \u00ceLE-DE-FRANCE \n \n \nVU le Code de la Sant\u00e9 Publique et notamment ses articles L.6311-1 \u00e0 L.6311-2, L.6312-1 \u00e0 L.6312-\n5, L.6313-1, R.6312-1 \u00e0 R.6312-23, R.6312-29 \u00e0 R.6312-43, R.6313-5 \u00e0 R.6313-7-1 ;   \n \nVU la loi n\u00b0 2009-879 du 21 juillet 2009 portant r\u00e9forme de l'h\u00f4pital et relative aux patients, \u00e0 la sant\u00e9 \net aux territoires ; \n \nVU le d\u00e9cret n\u00b0 2010 -344 du 31 mars 2010 tirant les cons\u00e9quences, au niveau r\u00e8glementaire, de \nl'intervention de la loi n\u00b0 2009 -879 du 21 juillet 2009 portant r\u00e9forme de l'h\u00f4pital et relative aux \npatients, \u00e0 la sant\u00e9 et aux territoires ;  \n \nVU le d\u00e9cret du 10 avril 2024  portant nomination de Monsieur Denis ROBIN, Directeur g\u00e9n\u00e9ral de \nl'Agence r\u00e9gionale de sant\u00e9 \u00cele de France \u00e0 compter du 29 avril 2024 ; \n \nVU l'arr\u00eat\u00e9 minist\u00e9riel du 21 d\u00e9cembre 1987 modifi\u00e9 relatif \u00e0 la composition du dossier d'agr\u00e9ment \ndes personnes effectuant des transports sanitaires terrestres et au contr\u00f4le des v\u00e9hicules \naffect\u00e9s aux transports sanitaires ; \n \nVU l'arr\u00eat\u00e9 du 12 d\u00e9cembre 2017  modifi\u00e9 fixant les caract\u00e9ristiques et les installations mat\u00e9rielles \nexig\u00e9es pour les v\u00e9hicules affect\u00e9s aux transports sanitaires terrestres ; \n \nVU l'arr\u00eat\u00e9 DS N\u00b0034/2024 du Directeur g\u00e9n\u00e9ral de l'Agence r\u00e9gionale  de sant\u00e9 \u00cele de France en \ndate du 29 avril 2024, portant d\u00e9l\u00e9gation de signature \u00e0 Monsieur Arnaud CORVAISIER, \nDirecteur de l'offre de soins, et \u00e0 certains de ses collaborateurs ; \n \nVU le dossier de demande d'agr\u00e9ment pr\u00e9sent\u00e9 par , Monsieur Duc Hoang NGUYEN, responsable \nl\u00e9gal de la  SAS AMBULANCES TRICOLORE , sise 4, rue Paul Vaillant Couturier \u2013 93150 LE \nBLANC-MESNIL ; \n \nCONSIDERANT l'accord de transfert de l'autorisation de mise en service d'un v\u00e9hicule de cat\u00e9gorie C \ntype A immatricul\u00e9 GX-417-VL provenant de la soci\u00e9t\u00e9 Ambulances Espoir 93 au Blanc-Mesnil et d'un \nv\u00e9hicule de cat\u00e9gorie D immatricul\u00e9 FG-111-QW provenant de la soci\u00e9t\u00e9 Ambulances SN Marianne au \nBlanc-Mesnil d\u00e9livr\u00e9 par les services de l'ARS Ile de France le 19 d\u00e9cembre 2024 ; \n \nCONSIDERANT la conformit\u00e9 du dossier de demande d'agr\u00e9ment, des installations mat\u00e9rielles, des \nv\u00e9hicules et des \u00e9quipages, aux dispositions du code de la sant\u00e9 publique et des arr\u00eat\u00e9s ci -dessus \nvis\u00e9s relatifs \u00e0 la composition du dossier d'agr\u00e9ment et fixant les carac t\u00e9ristiques exig\u00e9es pour les \nv\u00e9hicules et les installations mat\u00e9rielles affect\u00e9s aux transports sanitaires terrestres  ; \n \nAgence R\u00e9gionale de Sant\u00e9 - IDF-2025-10-13-00008 - Arr\u00eat\u00e9 n\u00b0DOS-2025-4275 Portant agr\u00e9ment de la SAS AMBULANCES TRICOLORE\n(93150 - LE BLANC-MESNIL) 67\n2 \n \nCONSIDERANT l'attestation sur l'honneur du responsable l\u00e9gal de la soci\u00e9t\u00e9 relative \u00e0 la conformit\u00e9 \ndes installations mat\u00e9rielles, aux normes d\u00e9finies par l'arr\u00eat\u00e9 du 12 d\u00e9cembre 2017 ci-dessus vis\u00e9 ainsi \nqu'aux normes d'hygi\u00e8ne et de salubrit\u00e9 ; \n \nCONSIDERANT les attestations sur l'honneur du responsable l\u00e9gal de la soci\u00e9t\u00e9 relative \u00e0 la conformit\u00e9 \ndes v\u00e9hicules de transports sanitaires, aux normes d\u00e9finies par l'arr\u00eat\u00e9 du 12 d\u00e9cembre 2017 ci-dessus \nvis\u00e9 ; \n \n \nARR\u00caTE \n \n \nARTICLE 1er :  La SAS AMBULANCES TRICOL ORE, sise 4, rue Paul Vaillant Couturier \u2013 92150 LE \nBLANC-MESNIL, dont le pr\u00e9sident est Monsieur Duc Hoang NGUYEN est agr\u00e9\u00e9e sous le n\u00b0 ARS-IDF-\nTS/426 \u00e0 compter de la date du pr\u00e9sent arr\u00eat\u00e9. \n \nLe local de d\u00e9sinfection et d'entretien des v\u00e9hicules se trouve au 142, Route de Mitry - 93600 AULNAY-\nSOUS-BOIS. \n \n ARTICLE 2 : La liste des v\u00e9hicules et des personnels composant les \u00e9quipages est pr\u00e9cis\u00e9e en annexe \nau pr\u00e9sent arr\u00eat\u00e9. \n \nARTICLE 3  : La pr\u00e9sente d\u00e9cision peut faire l'objet d'un recours gracieux aupr\u00e8s de Monsieur le \nDirecteur g\u00e9n\u00e9ral de l'Agence r\u00e9gionale de sant\u00e9, sise 13, rue du Landy 93200 Saint-Denis. \n Un recours contentieux peut \u00e9galement \u00eatre d\u00e9pos\u00e9 aupr\u00e8s du tribunal administratif comp\u00e9tent.   \n Le d\u00e9lai de recours est de deux mois \u00e0 compter de la notification de l'arr\u00eat\u00e9 pour l'int\u00e9ress\u00e9 ou de sa \npublication pour les tiers. \n Ces recours n'ont pas pour effet de suspendre le caract\u00e8re ex\u00e9cutoire de la pr\u00e9sente d\u00e9cision.    \n \nARTICLE 4 : Le Directeur de l'offre de soins est charg\u00e9 de l'ex\u00e9cution du pr\u00e9sent arr\u00eat\u00e9, qui sera publi\u00e9 \nau Recueil des Actes Administratifs des services de l'\u00c9tat. \n \n \nFait \u00e0 Saint-Denis, le   13/10/2025                           \n \nP/Le Directeur g\u00e9n\u00e9ral \nde l'Agence r\u00e9gionale de sant\u00e9 \nIle-de-France, \nLa Responsable du Service r\u00e9gional \ndes transports sanitaires, \n \n \nSIGNE \n \nS\u00e9verine TEISSEDRE \n \n \nAgence R\u00e9gionale de Sant\u00e9 - IDF-2025-10-13-00008 - Arr\u00eat\u00e9 n\u00b0DOS-2025-4275 Portant agr\u00e9ment de la SAS AMBULANCES TRICOLORE\n(93150 - LE BLANC-MESNIL) 68\nAgence R\u00e9gionale de Sant\u00e9\nIDF-2025-10-13-00002\nArr\u00eat\u00e9 n\u00b0DOS-2025-4276 Portant agr\u00e9ment de la\nSARL AMBULANCES AMP 77 (77176 -\nSAVIGNY-LE-TEMPLE)\nAgence R\u00e9gionale de Sant\u00e9 - IDF-2025-10-13-00002 - Arr\u00eat\u00e9 n\u00b0DOS-2025-4276 Portant agr\u00e9ment de la SARL AMBULANCES AMP 77\n(77176 - SAVIGNY-LE-TEMPLE) 69\nREPUBLIQUEFRANCAISELibert\u00e9Egalit\u00e9Fraternit\u00e9\ne \u00bb Agence R\u00e9gionale de Sant\u00e9Ile-de-France\n \n \n \n \n \n \n \nAGENCE R\u00c9GIONALE DE SANT\u00c9 \u00ceLE-DE-FRANCE \nARR\u00caT\u00c9 N\u00b0DOS-2025-4276 \nPortant agr\u00e9ment de la SARL AMBULANCES AMP 77 \n(77176 \u2013 SAVIGNY-LE-TEMPLE)  \n \nLE DIRECTEUR G\u00c9N\u00c9RAL DE L'AGENCE R\u00c9GIONALE DE SANT\u00c9 \u00ceLE-DE-FRANCE \n \n \nVU le Code de la Sant\u00e9 Publique et notamment ses articles L.6311-1 \u00e0 L.6311-2, L.6312-1 \u00e0 L.6312-\n5, L.6313-1, R.6312-1 \u00e0 R.6312-23, R.6312-29 \u00e0 R.6312-43, R.6313-5 \u00e0 R.6313-7-1 ;   \n \nVU la loi n\u00b0 2009-879 du 21 juillet 2009 portant r\u00e9forme de l'h\u00f4pital et relative aux patients, \u00e0 la sant\u00e9 \net aux territoires ; \n \nVU le d\u00e9cret n\u00b0 2010 -344 du 31 mars 2010 tirant les cons\u00e9quences, au niveau r\u00e8glementaire, de \nl'intervention de la loi n\u00b0 2009 -879 du 21 juillet 2009 portant r\u00e9forme de l'h\u00f4pital et relative aux \npatients, \u00e0 la sant\u00e9 et aux territoires ;  \n \nVU le d\u00e9cret du 10 avril 2024  portant nomination de Monsieur Denis ROBIN, Directeur g\u00e9n\u00e9ral de \nl'Agence r\u00e9gionale de sant\u00e9 \u00cele de France \u00e0 compter du 29 avril 2024 ; \n \nVU l'arr\u00eat\u00e9 minist\u00e9riel du 21 d\u00e9cembre 1987 modifi\u00e9 relatif \u00e0 la composition du dossier d'agr\u00e9ment \ndes personnes effectuant des transports sanitaires terrestres et au contr\u00f4le des v\u00e9hicules \naffect\u00e9s aux transports sanitaires ; \n \nVU l'arr\u00eat\u00e9 du 12 d\u00e9cembre 2017  modifi\u00e9 fixant les caract\u00e9ristiques et les installations mat\u00e9rielles \nexig\u00e9es pour les v\u00e9hicules affect\u00e9s aux transports sanitaires terrestres ; \n \nVU l'arr\u00eat\u00e9 DS N\u00b0034/2024 du Directeur g\u00e9n\u00e9ral de l'Agence r\u00e9gionale  de sant\u00e9 \u00cele de France en \ndate du 29 avril 2024, portant d\u00e9l\u00e9gation de signature \u00e0 Monsieur Arnaud CORVAISIER, \nDirecteur de l'offre de soins, et \u00e0 certains de ses collaborateurs ; \n \nVU le dossier de demande d'agr\u00e9ment pr\u00e9sent\u00e9 par , Messieurs Alexis PAINVIN et Sylvestre \nMARTINS, responsables l\u00e9gaux de la  SARL AMBULANCES AMP 77 , sise 17, rue Grande - \n77176 Savigny-le-Temple ; \n \nCONSIDERANT l'accord de transfert de  l'autorisation de mise en service  de deux v\u00e9hicules de \ncat\u00e9gorie C type A immatricul\u00e9s GC-775-CC et GC-449-CD et d'un v\u00e9hicule de cat\u00e9gorie D immatricul\u00e9 \nEZ-740-LN provenant de la soci\u00e9t\u00e9 AMBULANCES TOM \u00e0 Dammarie-les-Lys d\u00e9livr\u00e9 par les services \nde l'ARS Ile de France le 19 juin 2025 ; \n \nCONSIDERANT la conformit\u00e9 du dossier de demande d'agr\u00e9ment, des installations mat\u00e9rielles, des \nv\u00e9hicules et des \u00e9quipages, aux dispositions du code de la sant\u00e9 publique et des arr\u00eat\u00e9s ci -dessus \nvis\u00e9s relatifs \u00e0 la composition du dossier d'agr\u00e9ment et fixant les carac t\u00e9ristiques exig\u00e9es pour les \nv\u00e9hicules et les installations mat\u00e9rielles affect\u00e9s aux transports sanitaires terrestres  ; \n \nAgence R\u00e9gionale de Sant\u00e9 - IDF-2025-10-13-00002 - Arr\u00eat\u00e9 n\u00b0DOS-2025-4276 Portant agr\u00e9ment de la SARL AMBULANCES AMP 77\n(77176 - SAVIGNY-LE-TEMPLE) 70\n2 \n \nCONSIDERANT l'attestation sur l'honneur du responsable l\u00e9gal de la soci\u00e9t\u00e9 relative \u00e0 la conformit\u00e9 \ndes installations mat\u00e9rielles, aux normes d\u00e9finies par l'arr\u00eat\u00e9 du 12 d\u00e9cembre 2017 ci-dessus vis\u00e9 ainsi \nqu'aux normes d'hygi\u00e8ne et de salubrit\u00e9 ; \n \nCONSIDERANT les attestations sur l'honneur du responsable l\u00e9gal de la soci\u00e9t\u00e9 relative \u00e0 la conformit\u00e9 \ndes v\u00e9hicules de transports sanitaires, aux normes d\u00e9finies par l'arr\u00eat\u00e9 du 12 d\u00e9cembre 2017 ci-dessus \nvis\u00e9 ; \n \n \nARR\u00caTE \n \n \nARTICLE 1er :  La SARL AMBULANCES AMP 77, sise 17, rue Grande - 77176 Savigny-le-Temple dont \nles g\u00e9rants sont Messieurs Alexis PAINVIN et Sylvestre MARTINS  est agr\u00e9\u00e9e sous le n\u00b0 ARS -IDF-\nTS/425 \u00e0 compter de la date du pr\u00e9sent arr\u00eat\u00e9. \n \nLe local d'accueil de la patient\u00e8le, les aires de stationnement et le garage couvert se situent au 3, all\u00e9e \ndu Compagnonnage \u2013 77176 Savigny-le-Temple. \n \n ARTICLE 2 : La liste des v\u00e9hicules et des personnels composant les \u00e9quipages est pr\u00e9cis\u00e9e en annexe \nau pr\u00e9sent arr\u00eat\u00e9. \n \nARTICLE 3  : La pr\u00e9sente d\u00e9cision peut faire l'objet d'un recours gracieux aupr\u00e8s de Monsieur le \nDirecteur g\u00e9n\u00e9ral de l'Agence r\u00e9gionale de sant\u00e9, sise 13, rue du Landy 93200 Saint-Denis. \n Un recours contentieux peut \u00e9galement \u00eatre d\u00e9pos\u00e9 aupr\u00e8s du tribunal administratif comp\u00e9tent.   \n Le d\u00e9lai de recours est de deux mois \u00e0 compter de la notification de l'arr\u00eat\u00e9 pour l'int\u00e9ress\u00e9 ou de sa \npublication pour les tiers. \n Ces recours n'ont pas pour effet de suspendre le caract\u00e8re ex\u00e9cutoire de la pr\u00e9sente d\u00e9cision.    \n \nARTICLE 4 : Le Directeur de l'offre de soins est charg\u00e9 de l'ex\u00e9cution du pr\u00e9sent arr\u00eat\u00e9, qui sera publi\u00e9 \nau Recueil des Actes Administratifs des services de l'\u00c9tat. \n \n \nFait \u00e0 Saint-Denis, le   13/10/2025                           \n \nP/Le Directeur g\u00e9n\u00e9ral \nde l'Agence r\u00e9gionale de sant\u00e9 \nIle-de-France, \nLa Responsable du Service r\u00e9gional \ndes transports sanitaires, \n \n \nSIGNE \n \nS\u00e9verine TEISSEDRE \n \n \nAgence R\u00e9gionale de Sant\u00e9 - IDF-2025-10-13-00002 - Arr\u00eat\u00e9 n\u00b0DOS-2025-4276 Portant agr\u00e9ment de la SARL AMBULANCES AMP 77\n(77176 - SAVIGNY-LE-TEMPLE) 71\nAgence R\u00e9gionale de Sant\u00e9\nIDF-2025-10-13-00001\nArr\u00eat\u00e9 n\u00b0DOS-2025-4277 Portant retrait\nd'agr\u00e9ment de la SARL AMBULANCES TOM\n(77190 - DAMMARIE-LES-LYS)\nAgence R\u00e9gionale de Sant\u00e9 - IDF-2025-10-13-00001 - Arr\u00eat\u00e9 n\u00b0DOS-2025-4277 Portant retrait d'agr\u00e9ment de la SARL AMBULANCES\nTOM\n(77190 - DAMMARIE-LES-LYS)\n72\nREPUBLIQUEFRANCAISELibert\u00e9Egalit\u00e9Fraternit\u00e9\ne \u00bb Agence R\u00e9gionale de Sant\u00e9Ile-de-France\n \n \n \n \n \n \n \nAGENCE R\u00c9GIONALE DE SANT\u00c9 \u00ceLE-DE-FRANCE \nARR\u00caT\u00c9 N\u00b0DOS-2025-4277 \nPortant retrait d'agr\u00e9ment de la SARL AMBULANCES TOM \n(77190 \u2013 DAMMARIE-LES-LYS) \n \nLE DIRECTEUR G\u00c9N\u00c9RAL DE L'AGENCE R\u00c9GIONALE DE SANT\u00c9 \u00ceLE-DE-FRANCE \n \nVU le Code de la Sant\u00e9 Publique et notamment ses articles L.6311-1 \u00e0 L.6311-2, L.6312-1 \u00e0 L.6312-\n5, L.6313-1, R.6312-1 \u00e0 R.6312-23, R.6312-29 \u00e0 R.6312-43, R.6313-5 \u00e0 R.6313-7-1 ;  \n \nVU la loi n\u00b0 2009-879 du 21 juillet 2009 portant r\u00e9forme de l'h\u00f4pital et relative aux patients, \u00e0 la sant\u00e9 \net aux territoires ; \n \nVU le d\u00e9cret n\u00b0 2010 -344 du 31 mars 2010  tirant les cons\u00e9quences, au niveau r\u00e8glementaire, de \nl'intervention de la loi n\u00b0 2009 -879 du 21 juillet 2009 portant r\u00e9forme de l'h\u00f4pital et relative aux \npatients, \u00e0 la sant\u00e9 et aux territoires ; \n \nVU le d\u00e9cret du 10 avril 2024  portant nomination de Monsieur Denis ROBIN, Directeur g\u00e9n\u00e9ral de \nl'Agence r\u00e9gionale d'\u00cele de France \u00e0 compter du 29 avril 2024 ; \n \nVU l'arr\u00eat\u00e9 minist\u00e9riel du 21 d\u00e9cembre 1987 modifi\u00e9 relatif \u00e0 la composition du dossier d'agr\u00e9ment \ndes personnes effectuant des transports sanitaires terrestres et au contr\u00f4le des v\u00e9hicules \naffect\u00e9s aux transports sanitaires ; \n \nVU l'arr\u00eat\u00e9 du 12 d\u00e9cembre 2017  modifi\u00e9 fixant les caract\u00e9ristiques et les installations mat\u00e9rielles \nexig\u00e9es pour les v\u00e9hicules affect\u00e9s aux transports sanitaires terrestres ; \n \nVU l'arr\u00eat\u00e9 DS N\u00b0034/2024 du Directeur g\u00e9n\u00e9ral de l'Agence r\u00e9gionale de sant\u00e9 \u00cele de France en \ndate du 29 avril 2024, portant d\u00e9l\u00e9gation de signature \u00e0 Monsieur Arnaud CORVAISIER, \nDirecteur de l'offre de soins, et \u00e0 certains de ses collaborateurs ; \n \nVU l'arr\u00eat\u00e9 n\u00b0ARS/210/ASP/AM/n\u00b018 du Directeur g\u00e9n\u00e9ral de l'Agence r\u00e9gionale de sant\u00e9 Ile -de-\nFrance en date du 12 mai 2010 poortant agr\u00e9ment, sous le n\u00b0 77-18/2010 de la SARL \nAMBULANCES TOM, sise 5, rue Guy Baudouin - 77000 Melun dont le g\u00e9rant est Monsieur \nGeoffrey HOCHART ;   \n \nVU l'arr\u00eat\u00e9 n\u00b0DOS-219-875 du Directeur g\u00e9n\u00e9ral de l'Agence r\u00e9gionale de sant\u00e9 Ile -de-France en \ndate du 27 ao\u00fbt 2019 portant transfert des locaux de la SARL AMBULANCES TOM du 5, rue \nGuy Baudouin - 77000 Melun au 166, rue de la Fosse aux Anglais \u2013 77190 Dammarie-les-Lys ;  \n     \nCONSIDERANT l'accord de transfert des autorisations de mise en service rattach\u00e9es \u00e0 deux v\u00e9hicules \nde cat\u00e9gorie C type A immatricul\u00e9s  GC-775-CC et GC -449-CD et un v\u00e9hicule de cat\u00e9gorie D \nimmatricul\u00e9 EZ-740-LN \u00e0 la soci\u00e9t\u00e9 AMBULANCES AMP 77, sise 17, rue Grande - 77176 Savigny-le-\nTemple dont les g\u00e9rants sont Messieurs Alexis PAINVIN et Sylvestre MARTINS, d\u00e9livr\u00e9 par les services \nde l'ARS Ile de France le 19 juin 2025 ; \n \nAgence R\u00e9gionale de Sant\u00e9 - IDF-2025-10-13-00001 - Arr\u00eat\u00e9 n\u00b0DOS-2025-4277 Portant retrait d'agr\u00e9ment de la SARL AMBULANCES\nTOM\n(77190 - DAMMARIE-LES-LYS)\n73\n2 \n \nCONSIDERANT par cons\u00e9quent que l'agr\u00e9ment de la SARL AMBULANCES TOM est d\u00e9sormais sans \nobjet ; \n \n \nARR\u00caTE \n \nARTICLE 1er : L'agr\u00e9ment de la SARL AMBULANCE TOM, sise 166, rue de la Fosse aux Anglais \u2013 \n77190 Dammarie-les-Lys dont le responsable l\u00e9gal est Monsieur Geoffrey HOCHART est retir\u00e9 \u00e0 \ncompter de la date du pr\u00e9sent arr\u00eat\u00e9. \n \nARTICLE 2 : La pr\u00e9sente d\u00e9cision peut faire l'objet d'un recours gracieux aupr\u00e8s de Monsieur le \nDirecteur g\u00e9n\u00e9ral de l'Agence r\u00e9gionale de sant\u00e9, sise 13, rue du Landy 93200 Saint-Denis. \n Un recours contentieux peut \u00e9galement \u00eatre d\u00e9pos\u00e9 aupr\u00e8s du tribunal administratif comp\u00e9tent.   \n Le d\u00e9lai de recours est de deux mois \u00e0 compter de la notification de l'arr\u00eat\u00e9 pour l'int\u00e9ress\u00e9 ou de sa \npublication pour les tiers. \n Ces recours n'ont pas pour effet de suspendre le caract\u00e8re ex\u00e9cutoire de la pr\u00e9sente d\u00e9cision.    \n \nARTICLE 3 : Le Directeur de l'offre de soins est charg\u00e9 de l'ex\u00e9cution du pr\u00e9sent arr\u00eat\u00e9, qui sera \npubli\u00e9 au Recueil des Actes Administratifs des services de l'\u00c9tat.  \n \n \n \n \nFait \u00e0 Saint-Denis, le   13/10/2025       \n \nP/Le Directeur g\u00e9n\u00e9ral \nde l'Agence r\u00e9gionale de sant\u00e9 \nIle-de-France,  \nLa Responsable du service r\u00e9gional \ndes transports sanitaires, \n \n        SIGNE \n \nS\u00e9verine TEISSEDRE \nAgence R\u00e9gionale de Sant\u00e9 - IDF-2025-10-13-00001 - Arr\u00eat\u00e9 n\u00b0DOS-2025-4277 Portant retrait d'agr\u00e9ment de la SARL AMBULANCES\nTOM\n(77190 - DAMMARIE-LES-LYS)\n74\nService Interacad\u00e9mique des Examens et\nConcours (SIEC) - maison des examens\nIDF-2025-10-14-00006\nArr\u00eat\u00e9 nomination R\u00e9gisseur nouveau suppl\u00e9ant \nService Interacad\u00e9mique des Examens et Concours (SIEC) - maison des examens - IDF-2025-10-14-00006 - Arr\u00eat\u00e9 nomination R\u00e9gisseur\nnouveau suppl\u00e9ant 75\nExREPUBLIQUEFRAN\u00c7AISELibert\u00e9Egalit\u00e9Fraternit\u00e9\nACADEMIES DE CR\u00c9TEIL% PARIS ~ VERSAILLESMAISONDES EXAMENSService Interacad\u00e9miquedes Examens & Concours\n1 \n \n \n \nARRETE n\u00b02025-003 \nPortant nomination de r\u00e9gisseur de recettes aupr\u00e8s \ndu Service Interacad\u00e9mique des Examens et Concours \n \n \n \nLa directrice  du Service Interacad\u00e9mique des Examens et Concours, \n \n \nVu   le Code de l'Education, notamment ses articles D.222-4, D.222-5, D.222-6, D.222-7 et D.222-9 \n\u00e0 D.222-10-1 ; \nVu  le d\u00e9cret n\u00b0 2012-1246 du 7 novembre 2012 modifi\u00e9 relatif \u00e0 la gestion budg\u00e9taire et comptable \npublique, notamment son article 22 ; \nVu  le d\u00e9cret n\u00b0 2019-798 du 26 juillet 2019 modifi\u00e9 relatif aux r\u00e9gies de recettes et d'avances des \norganismes publics ; \nVu  l'arr\u00eat\u00e9 du 28 mai 1993 modifi\u00e9 relatif aux taux d'indemnit\u00e9 de responsabilit\u00e9 susceptible d'\u00eatre \nallou\u00e9e aux r\u00e9gisseurs d'avances et aux r\u00e9gisseurs de recettes relevant des organismes publics et \nmontant du cautionnement impos\u00e9 \u00e0 ces agents ; \nVu l'arr\u00eat\u00e9 du 28 novembre 1996 modifi\u00e9 portant institution de r\u00e9gies de recettes aupr\u00e8s de certains \nservices du minist\u00e8re de l'\u00e9ducation nationale, de l'enseignement sup\u00e9rieur et de la recherche \nVu les agr\u00e9ments du comptable public assignataire en dates du 15 f\u00e9vrier 2024 et du 14 octobre 2025. \n \nARR\u00caTE : \n \nArticle 1er \n \nMonsieur Mathurin MONNEL est nomm\u00e9 r\u00e9gisseur de recettes aupr\u00e8s du Service interacad\u00e9mique des \nexamens et concours des acad\u00e9mies de Paris, Cr\u00e9teil, Versailles \u00e0 compter du 1er mars 2024, avec \npour mission d'appliquer exclusivement les dispositions pr\u00e9vues dans l'acte de cr\u00e9ation de celle-ci. \n \nArticle 2 \n \nMonsieur Mathurin MONNEL n'est pas soumis \u00e0 l'obligation de constituer un cautionnement. \n \nArticle 3 \n \nA compter du 31 ao\u00fbt 2025, Madame Nicole SEQUESTRA cesse ses fonctions de r\u00e9gisseuse \nsuppl\u00e9ante de Monsieur MONNEL Mathurin, r\u00e9gisseur de la r\u00e9gie de recettes du Service inter \nacad\u00e9mique des examens et concours des acad\u00e9mies de Cr\u00e9teil, Paris et Versailles.  \n \nArticle 4 \n \nA compter de la publication de cet arr\u00eat\u00e9, en cas d'absence du r\u00e9gisseur pour maladie, cong\u00e9 ou tout \nautre emp\u00eachement exceptionnel, Madame BERROUET Corinne, secr\u00e9taire administrative est \nnomm\u00e9e mandataire suppl\u00e9ante, afin de r\u00e9aliser pour le compte du r\u00e9gisseur toutes les op\u00e9rations \naff\u00e9rentes \u00e0 la r\u00e9gie dans les conditions fix\u00e9es par le d\u00e9cret du 26 juillet 2019 relatif aux r\u00e9gies de \nrecettes et d'avances des organismes publics.\nService Interacad\u00e9mique des Examens et Concours (SIEC) - maison des examens - IDF-2025-10-14-00006 - Arr\u00eat\u00e9 nomination R\u00e9gisseur\nnouveau suppl\u00e9ant 76\nREPUBLIQUEFRANCAISELibert\u00e9Egalit\u00e9Fraternit\u00e9\nACADEMIES DE CRETEIL\nMAISONbeDES EXAMENSService Interacad\u00e9miquedes Examens & Concours\n2 \n \n \n \n \n \n \n \n \nArticle 5 \n \nLe pr\u00e9fet, secr\u00e9taire g\u00e9n\u00e9ral pour les affaires r\u00e9gionales de la pr\u00e9fecture de la r\u00e9gion d'Ile-de-France, \npr\u00e9fecture de Paris et la secr\u00e9taire g\u00e9n\u00e9rale du Service Interacad\u00e9mique des Examens et Concours \ndes acad\u00e9mies de Paris, Cr\u00e9teil et Versailles, sont charg\u00e9s, chacun en ce qui le concerne, de l'ex\u00e9cution \ndu pr\u00e9sent arr\u00eat\u00e9, qui sera publi\u00e9 au recueil des actes administratifs de la pr\u00e9fecture de la r\u00e9gion Ile- \nde-France, pr\u00e9fecture de Paris. \n \n \n \n \n \nFait \u00e0 Arcueil, le 14 octobre 2025 \n \n \n \nL'ordonnateur Original sign\u00e9 \nLe r\u00e9gisseur Original sign\u00e9 \nLe mandataire suppl\u00e9ant Original sign\u00e9 \n \nService Interacad\u00e9mique des Examens et Concours (SIEC) - maison des examens - IDF-2025-10-14-00006 - Arr\u00eat\u00e9 nomination R\u00e9gisseur\nnouveau suppl\u00e9ant 77","date":"2025-10-14","first_seen_on":"2025-10-14T16:55:46+00:00","id":"8e7a026b4e7b681cedcd582bb4c9078199d0124301c5f856168a82670a7d7ad5","name":"recueil-idf-030-2025-10-RAA-nominatifs du 14.10.2025","pdf_creation_date":"2025-10-14T15:31:21+00:00","pdf_modification_date":null,"timezone":"Europe/Paris","url":"https://www.prefectures-regions.gouv.fr/ile-de-france/irecontenu/telechargement/131801/967752/file/recueil-idf-030-2025-10-RAA-nominatifs%20du%2014.10.2025.pdf"}
