{"administration":"prefidf","administration_name":"Pr\u00e9fecture de la r\u00e9gion \u00cele-de-France","content":"PREFECTURE\nREGION ILE DE\nFRANCE\nRECUEIL DES ACTES\nADMINISTRATIFS SP\u00c9CIAL\n(NOMINATIFS)\nN\u00b0IDF-018-2025-09\nPUBLI\u00c9 LE  5 SEPTEMBRE 2025\nSommaire\nDirection r\u00e9gionale et interd\u00e9partementale de l'\u00e9conomie, de l'emploi,\ndu travail et des solidarit\u00e9s d'\u00cele-de-France / P\u00f4le Politiques du\nTravail\nIDF-2025-09-04-00003 - Arr\u00eat\u00e9 portant sur la demande de d\u00e9rogation\na l'obligation de repos dominical pr\u00e9sent\u00e9e par la SOCIETE EIFFAGE\nRAIL, pour son intervention sur le site de construction de la ligne CDG\nEXPRESS - ZONE D 93200 SAINT-DENIS (2 pages) Page 3\nRectorat de la r\u00e9gion acad\u00e9mique d'Ile-de-France, rectorat de\nl'acad\u00e9mie de Paris /\nIDF-2025-09-05-00001 - Arr\u00eat\u00e9 n\u00b0 2025-137-RRA du 5 septembre 2025\nportant composition du Conseil Interacad\u00e9mique de l'Education\nNationale d'Ile-de-France (CIEN) si\u00e9geant en formation contentieuse et\ndisciplinaire (3 pages) Page 6\n2\nDirection r\u00e9gionale et interd\u00e9partementale de\nl'\u00e9conomie, de l'emploi, du travail et des\nsolidarit\u00e9s d'\u00cele-de-France\nIDF-2025-09-04-00003\nArr\u00eat\u00e9 portant sur la demande de d\u00e9rogation a\nl'obligation de repos dominical pr\u00e9sent\u00e9e par la\nSOCIETE EIFFAGE RAIL, pour son intervention sur\nle site de construction de la ligne CDG EXPRESS -\nZONE D 93200 SAINT-DENIS\nDirection r\u00e9gionale et interd\u00e9partementale de l'\u00e9conomie, de l'emploi, du travail et des solidarit\u00e9s d'\u00cele-de-France -\nIDF-2025-09-04-00003 - Arr\u00eat\u00e9 portant sur la demande de d\u00e9rogation a l'obligation de repos dominical pr\u00e9sent\u00e9e par la SOCIETE\nEIFFAGE RAIL, pour son intervention sur le site de construction de la ligne CDG EXPRESS - ZONE D 93200 SAINT-DENIS\n3\nPREFET |DE LA REGIOND'\u00ceLE-DE-FRANCELibert\u00e9Egalit\u00e9Fraternit\u00e9\n Direction r\u00e9gionale et interd\u00e9partementale \nde l'\u00e9conomie, de l'emploi, \ndu travail et des solidarit\u00e9s \n  \n \nT\u00e9l. : 01.70.96.13.54    \nM\u00e8l : drieets-idf.ucrgc@drieets.gouv.fr \nDRIEETS d'\u00cele-de-France \n21, rue Madeleine Vionnet 93300 AUBERVILLIERS \nhttps://idf.drieets.gouv.fr \n \n \n \n \nARRETE \n \n \nPORTANT SUR LA DEMANDE DE DEROGATION A L'OBLIGATION DE REPOS DOMINICAL  \nPRESENTEE PAR LA SOCIETE EIFFAGE RAIL, \nPOUR SON INTERVENTION SUR LE SITE DE CONSTRUCTION DE LA LIGNE CDG EXPRESS  - ZONE D \n93200 SAINT-DENIS \n \n \n \nLE PREFET DE LA SEINE-SAINT-DENIS \n \n \n \nVU le Code du travail et notamment les articles L. 3132-20, L. 3132-25-3 et R. 3132-16 ; \n \nVU l'arr\u00eat\u00e9 pr\u00e9fectoral n\u00b0 2025-1367 du 2 avril 2025 portant d\u00e9l\u00e9gation de signature d u Pr\u00e9fet de la Seine-Saint-\nDenis au Directeur r\u00e9gional et interd\u00e9partemental de l'\u00e9conomie, de l'emploi, du travail et des solidarit\u00e9s d'\u00cele -de-\nFrance par int\u00e9rim  et la d\u00e9cision n\u00b0 2025-079 du 16 avril 2025 portant subd\u00e9l\u00e9gation de signature du Directeur \nr\u00e9gional et interd\u00e9partemental de l'\u00e9conomie, de l'emploi, du travail et des solidarit\u00e9s d'\u00cele -de-France par int\u00e9rim \nen mati\u00e8re de repos dominical ; \n \nVU la demande de d\u00e9rogation \u00e0 la r\u00e8gle du repos dominical formul\u00e9e le 9 juillet 2025 par Monsieur Thomas BOINET, \nDirecteur Grands Projets de la soci\u00e9t\u00e9 EIFFAGE RAIL, sise 24 route des Charpereaux  37270 AZAY-SUR-CHER pour \nl'intervention de 25 salari\u00e9s sur le site de construction de la ligne CDG Express Zone D, 109 avenue du Pr \u00e9sident \nWilson, 93200 SAINT-DENIS le dimanche 1er juin 2025 ; \n \nVU la d\u00e9cision unilat\u00e9rale de l'employeur en date du 10 avril 2025 ; \n \nVU le proc\u00e8s-verbal du r\u00e9f\u00e9rendum organis\u00e9 le 7 juillet 2025 et le vote favorable obtenu ; \n \nVU l'avis favorable du CSE du 19 f\u00e9vrier 2025 ; \n \nVU le formulaire de demande dat\u00e9 du 9 juillet 2025 qui pr\u00e9cise que le repos sera donn\u00e9 un autre jour que le \ndimanche aux salari\u00e9s concern\u00e9s ; \n \nVU les 25 attestations de volontariat des salari\u00e9s mobilis\u00e9s pr\u00e9vues par l'article L. 3132-25-4 du Code du travail ; \n \nVU la saisine pour avis des autorit\u00e9s et organismes pr\u00e9vus par l'article L. 3132-21 du Code du travail ; \n \nVU les avis favorables du MEDEF et de la CCI de la Seine-Saint-Denis ;   \n \nVU l'avis de l'inspecteur du travail de l'UC Grands Chantiers comp\u00e9tent ; \n \nCONSIDERANT que la soci\u00e9t\u00e9 EIFFAGE RAIL indique qu'elle doit effectuer des travaux  de r\u00e9alisation de la voie \nferr\u00e9e du CDG EXPRESS \u00e0 proximit\u00e9 du r\u00e9seau ferr\u00e9 national exploit\u00e9  ; que ces travaux pr\u00e9sentent des contraintes \nsp\u00e9ciales li\u00e9es \u00e0 la n\u00e9cessit\u00e9 d'intervenir sous interruption totale de circulation de la voie ferroviaire et coupure des \nDirection r\u00e9gionale et interd\u00e9partementale de l'\u00e9conomie, de l'emploi, du travail et des solidarit\u00e9s d'\u00cele-de-France -\nIDF-2025-09-04-00003 - Arr\u00eat\u00e9 portant sur la demande de d\u00e9rogation a l'obligation de repos dominical pr\u00e9sent\u00e9e par la SOCIETE\nEIFFAGE RAIL, pour son intervention sur le site de construction de la ligne CDG EXPRESS - ZONE D 93200 SAINT-DENIS\n4\n2 \n \ncat\u00e9naires pour des raisons de s\u00e9curit\u00e9 ; que la SNCF a accord\u00e9 une Interruption Temporaire de Circulation (ITC) et \nune consignation cat\u00e9naire (CC) sur la p\u00e9riode couvrant la demande sollicit\u00e9e ; \n \nCONSIDERANT que l'intervention le dimanche sous ITC  et CC  est le seul moyen de r\u00e9aliser l'ouvrage dans les \nconditions de s\u00e9curit\u00e9 impos\u00e9es et permet de contribuer au fonctionnement normal du chantier entrepris ; \n \nA R R E T E \n \n \nArticle 1er :  \n \nSous r\u00e9serve de l'application de l'article L. 3132-1 du Code du travail, la Soci\u00e9t\u00e9 EIFFAGE RAIL est autoris\u00e9e \u00e0 d\u00e9roger \n\u00e0 l'obligation de repos dominical  pour 25 de ses  salari\u00e9s, le dimanche 7 septembre 2025 et le dimanche 14 \nseptembre 2025 pour la r\u00e9alisation de travaux de cr\u00e9ation de voie ferr\u00e9e sous ITC et CC en Zone D du chantier CDG \nExpress, 109 avenue du Pr\u00e9sident Wilson, 93200 SAINT-DENIS. \n \n \nArticle 2 :  \n \nLe personnel employ\u00e9 b\u00e9n\u00e9ficiera au minimum des contreparties indiqu\u00e9es dans la d\u00e9cision unilat\u00e9rale de \nl'employeur approuv\u00e9e par r\u00e9f\u00e9rendum et des garanties pr\u00e9vues \u00e0 l'article L. 3132-25-4 du Code du travail. \n \n \nArticle 3 :  \n \nLe Directeur r\u00e9gional et interd\u00e9partemental de l'\u00e9conomie, de l'emploi, du travail et des solidarit\u00e9s d'\u00cele -de-France \npar int\u00e9rim, est charg\u00e9 de l'ex\u00e9cution du pr\u00e9sent arr\u00eat\u00e9, dont notification est faite au demandeur et est publi\u00e9e au \nRecueil des Actes Administratifs de la R\u00e9gion. \n \n \nFait \u00e0 Aubervilliers, le 6 ao\u00fbt 2025 \n \nP/ Le Pr\u00e9fet, par subd\u00e9l\u00e9gation, \nP/ Le Directeur r\u00e9gional et interd\u00e9partemental de \nl'\u00e9conomie, de l'emploi, du travail et des solidarit\u00e9s \nd'\u00cele-de-France par int\u00e9rim, \nLe Responsable du P\u00f4le Politiques du Travail \n \n \n \n \n \n \nJean-Fran\u00e7ois DALVAI \n \n \n \n \n \n \n \n \nVoies et d\u00e9lais de recours : Cet arr\u00eat\u00e9 peut faire l'objet dans un d \u00e9lai de deux mois \u00e0 compter de sa notification d'un recours contentieux \naupr\u00e8s du tribunal administratif comp\u00e9tent  ; Le tribunal administratif peut \u00eatre saisi par l'application informatique \u00ab  T\u00e9l\u00e9recours citoyens \u00bb \naccessible par le site Internet www.telerecours.fr \nDirection r\u00e9gionale et interd\u00e9partementale de l'\u00e9conomie, de l'emploi, du travail et des solidarit\u00e9s d'\u00cele-de-France -\nIDF-2025-09-04-00003 - Arr\u00eat\u00e9 portant sur la demande de d\u00e9rogation a l'obligation de repos dominical pr\u00e9sent\u00e9e par la SOCIETE\nEIFFAGE RAIL, pour son intervention sur le site de construction de la ligne CDG EXPRESS - ZONE D 93200 SAINT-DENIS\n5\nRectorat de la r\u00e9gion acad\u00e9mique\nd'Ile-de-France, rectorat de l'acad\u00e9mie de Paris\nIDF-2025-09-05-00001\nArr\u00eat\u00e9 n\u00b0 2025-137-RRA du 5 septembre 2025\nportant composition du Conseil\nInteracad\u00e9mique de l'Education Nationale\nd'Ile-de-France (CIEN) si\u00e9geant en formation\ncontentieuse et disciplinaire\nRectorat de la r\u00e9gion acad\u00e9mique d'Ile-de-France, rectorat de l'acad\u00e9mie de Paris - IDF-2025-09-05-00001 - Arr\u00eat\u00e9 n\u00b0 2025-137-RRA du\n5 septembre 2025 portant composition du Conseil Interacad\u00e9mique de l'Education Nationale d'Ile-de-France (CIEN) si\u00e9geant en\nformation contentieuse et disciplinaire\n6\n=a .REGION ACADEMIQUEILE-DE-FRANCELibert\u00e9Egalit\u00e9Fraternit\u00e9\n \n \nARRETE n\u00b0 2025-137-RRA \n   \nPortant composition du Conseil inter-acad\u00e9mique de l'Education nationale d'lle-de-\nFrance si\u00e9geant en formation contentieuse et disciplinaire   \n  \n  \nLA RECTRICE DE LA R\u00c9GION ACAD\u00c9MIQUE D'\u00ceLE-DE-FRANCE  \nRECTRICE DE L'ACAD\u00c9MIE DE PARIS   \nCHANCELIERE DES UNIVERSIT\u00c9S DE PARIS ET D'\u00ceLE-DE-FRANCE  \n  \n  \nVu les articles L. 234-1 \u00e0 L. 234-8 du code de l'\u00e9ducation,  \n  \nVu les articles R. 234 -39 \u00e0 R. 234 -43 du code de  l'\u00e9ducation relatif au Conseil inter -acad\u00e9mique \nd'Ile-de-France, \n \nVu le d\u00e9cret du 12 mars 2025 portant nomination de Madame Julie BENETTI, en qualit\u00e9 de rectrice \nde la r\u00e9gion acad\u00e9mique d'\u00cele\u2010de\u2010France, rectrice de l'acad\u00e9mie de Paris, \n  \nVu l'arr\u00eat\u00e9 pr\u00e9fectoral modifiant l'arr\u00eat\u00e9 n\u00b0 IDF -2025-06-10-00002 du 10 juin 2025 portant \nrenouvellement de la composition du con seil inter-acad\u00e9mique de l'\u00e9ducation nationale  (CIEN) \nd'\u00cele-de-France,  \n  \nVu les propositions des organisations syndicales eff ectu\u00e9es dans le cadre de l'article R 234-9 du \ncode de l'\u00e9ducation,  \n  \nVu la liste de pr\u00e9sentation des cinq enseignants titulaires de l'enseignement public du second degr\u00e9 \n\u00e9lus le 1er juillet 2025 dans le cadre du CIEN pl\u00e9nier, \n  \n  \nRectorat de la r\u00e9gion acad\u00e9mique d'Ile-de-France, rectorat de l'acad\u00e9mie de Paris - IDF-2025-09-05-00001 - Arr\u00eat\u00e9 n\u00b0 2025-137-RRA du\n5 septembre 2025 portant composition du Conseil Interacad\u00e9mique de l'Education Nationale d'Ile-de-France (CIEN) si\u00e9geant en\nformation contentieuse et disciplinaire\n7\nARRETE  \n  \n  \nARTICLE UNIQUE  \n  \nLe Conseil inter -acad\u00e9mique de l'Education nationale d'\u00cele -de-France si\u00e9geant en formation \ncontentieuse et disciplinaire est compos\u00e9 comme suit :  \n  \n  \nPR\u00c9SIDENT  \n  \nLa rectrice de I'acad\u00e9mie de Paris  \n  \nOu lorsque les questions soumises \u00e0 d\u00e9lib\u00e9ration concernent exclusivement l'acad\u00e9mie de \nVersailles : la rectrice de l'acad\u00e9mie de Versailles  \n  \nOu lorsque les questions soumises \u00e0 d\u00e9lib\u00e9ration concernent exclusivement l'acad\u00e9mie de Cr\u00e9teil : \nle recteur de l'acad\u00e9mie de Cr\u00e9teil  \n  \n  \nMEMBRES  \n  \nAu titre du repr\u00e9sentant des pr\u00e9sidents d'universit\u00e9  \n   \nMadame A ntonella TUFANO, vice -pr\u00e9sidente de la Commission de la Formation et de la Vie \nUniversitaire, de l'Universit\u00e9 Paris 1 \n  \n  \nAu titre des inspecteurs p\u00e9dagogiques r\u00e9gionaux \u2013 inspecteurs d'acad\u00e9mie  \n  \nMonsieur Nicolas JURY, pour l'acad\u00e9mie de Paris  \nMadame Rachel LE LAMER-PAVARD, pour l'acad\u00e9mie de Versailles  \nMonsieur Sa\u00efd YAGOUB, pour l'acad\u00e9mie de Cr\u00e9teil  \n  \n  \nAu titre des inspecteurs de l'Education Nationale  \n  \nMonsieur Lionel ROMIER, de l'acad\u00e9mie de Paris  \n  \n  \nAu titre des repr\u00e9sentants des personnels de l'enseignement public du 2nd degr\u00e9   \n  \nMonsieur Dominique BOUILLAUD (FSU)  \nMonsieur Pierre CLAUSTRE (FSU) \nMonsieur Ludovic LAIGNEL (FSU)  \nMonsieur Sylvain QUIRION (FSU)  \nMadame Ketty VALCKE (FSU) \n  \n  \nRectorat de la r\u00e9gion acad\u00e9mique d'Ile-de-France, rectorat de l'acad\u00e9mie de Paris - IDF-2025-09-05-00001 - Arr\u00eat\u00e9 n\u00b0 2025-137-RRA du\n5 septembre 2025 portant composition du Conseil Interacad\u00e9mique de l'Education Nationale d'Ile-de-France (CIEN) si\u00e9geant en\nformation contentieuse et disciplinaire\n8\nAu titre des repr\u00e9sentants des personnels enseignants des \u00e9tablissements d'enseignement priv\u00e9s \nsous contrat  \n  \nMadame Claire DEMOLIN-CORDIER (SPELC) \nMadame Agn\u00e8s GUZZO (CGT SUNDEP) \nMadame \u00c9milie LIPKOWICZ (FEP CFDT) \n \n \nLorsque le Conseil exerce des comp\u00e9tences relatives \u00e0 l'enseignement sup\u00e9rieur priv\u00e9  \n  \nMonsieur Emmanuel PETIT, recteur de l'Institut Catholique de Paris  \n  \n  \n  \n  \n  \nFait \u00e0 Paris, le 05 septembre 2025 \n  \n  \n  \n  \n                    \n  \nPour la Rectrice de la r\u00e9gion acad\u00e9mique \u00cele-de-France,  \nRectrice de l'acad\u00e9mie de Paris,  \nChanceli\u00e8re des universit\u00e9s de Paris et d'Ile-de-France, \nEt par d\u00e9l\u00e9gation, \nLa Secr\u00e9taire G\u00e9n\u00e9rale de l'enseignement scolaire, \n  \n          Sign\u00e9 \n \nDelphine VIOT \n \nRectorat de la r\u00e9gion acad\u00e9mique d'Ile-de-France, rectorat de l'acad\u00e9mie de Paris - IDF-2025-09-05-00001 - Arr\u00eat\u00e9 n\u00b0 2025-137-RRA du\n5 septembre 2025 portant composition du Conseil Interacad\u00e9mique de l'Education Nationale d'Ile-de-France (CIEN) si\u00e9geant en\nformation contentieuse et disciplinaire\n9","date":"2025-08-05","first_seen_on":"2025-09-05T15:51:11+00:00","id":"8e7c876ce049ca17c6eb02aa60bb47c7a9d931e844f4b444e5ee1b87127a43ab","name":"recueil-idf-018-2025-09-RAA-nominatifs du 05.08.2025","pdf_creation_date":"2025-09-05T14:31:41+00:00","pdf_modification_date":null,"timezone":"Europe/Paris","url":"https://www.prefectures-regions.gouv.fr/ile-de-france/irecontenu/telechargement/130744/961286/file/recueil-idf-018-2025-09-RAA-nominatifs%20du%2005.08.2025.pdf"}
