{"administration":"pref03","administration_name":"Pr\u00e9fecture de l\u2019Allier","content":"ALLIER\nRECUEIL DES ACTES\nADMINISTRATIFS SP\u00c9CIAL\n(NOMINATIFS)\nN\u00b003-2026-010\nPUBLI\u00c9 LE 13 JANVIER 2026\nSommaire\n03_Pr\u00e9f_Pr\u00e9fecture de l'Allier / Bureau du Cabinet\n03-2026-01-13-00002 - arr\u00eat\u00e9 modificatif n\u00b046/2026 relatif au calendrier\ndes journ\u00e9es de qu\u00eates sur la voie publique pour l'ann\u00e9e 2026 (3\npages) Page 3\n2\n03_Pr\u00e9f_Pr\u00e9fecture de l'Allier\n03-2026-01-13-00002\narr\u00eat\u00e9 modificatif n\u00b046/2026 relatif au calendrier\ndes journ\u00e9es de qu\u00eates sur la voie publique pour\nl'ann\u00e9e 2026\n03_Pr\u00e9f_Pr\u00e9fecture de l'Allier - 03-2026-01-13-00002 - arr\u00eat\u00e9 modificatif n\u00b046/2026 relatif au calendrier des journ\u00e9es de qu\u00eates sur la\nvoie publique pour l'ann\u00e9e 2026 3\nCabinet\nBureau de la s\u00e9curit\u00e9 int\u00e9rieure\nExtrait de l'arr\u00eat\u00e9 n\u00b046/2026 du 13 janvier 2026\nrelatif au calendrier des journ\u00e9es de qu\u00eates sur la voie publique pour l'ann\u00e9e 2026\nArticle 1er : Le calendrier des appels \u00e0 la g\u00e9n\u00e9rosit\u00e9 publique \u00e0 l'\u00e9chelon national pour l'ann\u00e9e 2026 est\nmodifi\u00e9 ainsi qu'il suit :\nDATES MANIFESTATIONS ORGANISMES\nVendredi 23 janvier au dimanche 25 janvier 2026\navec qu\u00eate tous les jours\nQu\u00eate nationale pour la\nJourn\u00e9e mondiale des\nmalades de la L\u00e8pre\nFondation Raoul\nFollereau\n\u0152uvres hospitali\u00e8res\nfran\u00e7aises de l'Ordre\nde Malte\nSamedi 28 f\u00e9vrier et dimanche 1er mars 2026\navec qu\u00eate tous les jours Qu\u00eate annuelle Foyer Notre-Dame\ndes Sans Abris\nLundi 9 mars au dimanche 15 mars 2026\navec qu\u00eate les samedis 14 et dimanche 15 mars\nSemaine nationale de\nlutte contre le cancer Ligue contre le cancer\nSamedi 14 mars au dimanche 22 mars 2026\navec qu\u00eate tous les jours\nCampagne nationale de la\nFondation recherche\nAlzheimer et ses maladies\napparent\u00e9es\nFondation Recherche\nAlzheimer\nGroupe Hospitalier de\nla Piti\u00e9-Salp\u00eatri\u00e8re\nMercredi 11 mars 2026\navec qu\u00eate toute la journ\u00e9e\nCampagne de l'\u0152uvre\nNationale du Bleuet de\nFrance\n(journ\u00e9e d'hommage aux\nvictimes du terrorisme)\nOrdre national du\nBleuet de France\nLundi 23 mars au lundi 6 avril 2026\navec qu\u00eate tous les jours Sidaction 2026 SIDACTION\nLundi 20 avril au dimanche 26 avril 2026\navec affichettes\net qu\u00eate les 25 et 26 avril\nAide au d\u00e9part en vacances\ndes enfants et des jeunes\nUnion Fran\u00e7aise des\nCentre de Vacances et\nde loisirs \n(U.F.C.V.)\nVendredi 1er mai au dimanche 10 mai 2026\navec qu\u00eate tous les jours\nCampagne de l'\u0152uvre Nationale\ndu Bleuet de France\n(Comm\u00e9moration de la victoire\ndu 8 mai 1945)\nOrdre national du Bleuet\nde France\nSamedi 23 mai au dimanche 31 mai 2026\navec qu\u00eate tous les jours\nJourn\u00e9es nationales de la\nCroix Rouge Fran\u00e7aise Croix Rouge\n03_Pr\u00e9f_Pr\u00e9fecture de l'Allier - 03-2026-01-13-00002 - arr\u00eat\u00e9 modificatif n\u00b046/2026 relatif au calendrier des journ\u00e9es de qu\u00eates sur la\nvoie publique pour l'ann\u00e9e 2026 4\nDATES MANIFESTATIONS ORGANISMES\nMercredi 1er juin 2026 au mardi 30 juin 2026\ncollectes et actions susceptibles d'\u00eatre men\u00e9es\ntout au long du mois de juin\nJourn\u00e9e mondiale de lutte\ncontre la SLA \n(Scl\u00e9rose Lat\u00e9rale\nAmyotrophique) dit maladie\nde Charcot le 21 juin 2026\nARSLA\n(Association pour la Recherche\nsur  la  Scl\u00e9rose  Lat\u00e9rale\nAmyotrophique  et  autres\nmaladies du motoneurone)\nTiers organisateurs au\nprofit de l'ARSLA\nVendredi 5 juin 2026\navec qu\u00eate toute la journ\u00e9e\nDonut Day 2026 pour la\nFondation et la Congr\u00e9gation de\nl'Arm\u00e9e du Salut\nArm\u00e9e du Salut\nSamedi 6 juin au samedi 13 juin 2026\navec qu\u00eate toute la journ\u00e9e\n12\u00e8me \u00e9dition des Journ\u00e9es\nNationales contre la\nLeuc\u00e9mie\nAssociation Cent pour\nSang la Vie\nSamedi 13 juin au dimanche 21 juin 2026\navec qu\u00eate toute la journ\u00e9e\nSoutenir plus de 500 projets\ndans 70 pays et les aider \u00e0 lutter\ndurablement contre les causes\nde la faim\nTerre solidaire\nSamedi 11 juillet au mardi 14 juillet 2026\navec qu\u00eate tous les jours\nCampagne de l'\u0152uvre Nationale\ndu Bleuet de France\n(F\u00eate nationale du 14 juillet)\nOrdre National du\nBleuet de France\nLundi 21 septembre au dimanche 27 septembre 2026\navec qu\u00eate tous les jours\nCampagne nationale de\nsensibilisation du public \u00e0 la\nmaladie d'Alzheimer\nFrance Alzheimer\nLundi 5 octobre au dimanche 11 octobre 2026\navec qu\u00eate tous les jours\nJourn\u00e9es de solidarit\u00e9 des\nassociations UNAPEI\n\u00ab op\u00e9rations brioches \u00bb\nUNAPEI\nSamedi 10 octobre et dimanche 11 octobre 2026\navec qu\u00eate tous les jours\nQu\u00eate nationale de l'Ordre\nde Malte\n\u0152uvres hospitali\u00e8res\nfran\u00e7aises de l'Ordre\nde Malte\nVendredi 30 octobre au mardi 3 novembre 2026\navec qu\u00eate tous les jours Qu\u00eate annuelle Le Souvenir Fran\u00e7ais\nMercredi 4 novembre au dimanche 15 novembre\n2026\navec qu\u00eate tous les jours\nCampagne de l'\u0152uvre Nationale\ndu Bleuet de France\n(comm\u00e9moration de l'Armistice\nde 1918 et hommage aux\nvictimes des attentats du\n13 novembre)\nOrdre national du\nBleuet de France\n03_Pr\u00e9f_Pr\u00e9fecture de l'Allier - 03-2026-01-13-00002 - arr\u00eat\u00e9 modificatif n\u00b046/2026 relatif au calendrier des journ\u00e9es de qu\u00eates sur la\nvoie publique pour l'ann\u00e9e 2026 5\nDATES MANIFESTATIONS ORGANISMES\nSamedi 14 novembre et dimanche 15 novembre 2026\navec qu\u00eate tous les jours\nLes journ\u00e9es nationales\ndu secours catholique\nSecours catholique\nCaritas France\nDimanche 15 novembre au dimanche 22 novembre 2026\navec qu\u00eate tous les jours\nCampagne nationale de\nlutte contre les maladies\nrespiratoires\nFondation du Souffle\n \navec qu\u00eate toute la journ\u00e9e\nJourn\u00e9e mondiale de lutte\ncontre le SIDA Association AIDES\nLundi 30 novembre au lundi 7 d\u00e9cembre 2026\navec qu\u00eate tous les jours\nSidaction 2026 : journ\u00e9e\nmondiale de lutte contre le\nSIDA\nSIDACTION\nVendredi 4 d\u00e9cembre au dimanche 13 d\u00e9cembre 2026\navec qu\u00eate tous les jours\nCampagne nationale\nT\u00e9l\u00e9thon 2026\nAFM TELETHON\n(Association\nFran\u00e7aises contre les\nMyopathies)\nSamedi 5 d\u00e9cembre au jeudi 24 d\u00e9cembre 2026\navec qu\u00eate tous les jours\nCollecte annuelle\nCongr\u00e9gation : \u00ab Les Marmites \u00bb\nCongr\u00e9gation de\nl'Arm\u00e9e du Salut\nSamedi 12 d\u00e9cembre au dimanche 20 d\u00e9cembre 2026\navec qu\u00eate toute la journ\u00e9e\nSoutenir plus de 500 projets\ndans 70 pays et les aider \u00e0 lutter\ndurablement contre les causes\nde la faim\nTerre solidaire\nArticle 2     :   Le reste est sans changement.\nArticle  3     :   La  sous-pr\u00e9f\u00e8te,  directrice  de  cabinet, le  sous-pr\u00e9fet  de  l'arrondissement  de  Vichy,\nle sous-pr\u00e9fet  de  l'arrondissement  de  Montlu\u00e7on,  le colonel,  commandant  le  groupement  de\ngendarmerie de l'Allier, le directeur d\u00e9partemental de la police nationale et tous les agents de la force\npublique sont charg\u00e9s, chacun en ce qui le concerne, de l'ex\u00e9cution des dispositions du pr\u00e9sent arr\u00eat\u00e9\nqui sera publi\u00e9 au recueil des actes administratifs.\nPour le pr\u00e9fet et par d\u00e9l\u00e9gation,\nla sous-pr\u00e9f\u00e8te, directrice de cabinet,\nSign\u00e9 : Cyrielle FRANCHI\n03_Pr\u00e9f_Pr\u00e9fecture de l'Allier - 03-2026-01-13-00002 - arr\u00eat\u00e9 modificatif n\u00b046/2026 relatif au calendrier des journ\u00e9es de qu\u00eates sur la\nvoie publique pour l'ann\u00e9e 2026 6","date":"2026-01-13","first_seen_on":"2026-01-13T15:05:00+00:00","id":"8ed47d66769298d259aa151716073dd65f0a30c063dd09d33b546bdb81b32c0d","name":"recueil nominatif \u00e9dit\u00e9 le 13 janvier 2026","pdf_creation_date":"2026-01-13T14:58:58+00:00","pdf_modification_date":null,"timezone":"Europe/Paris","url":"https://www.allier.gouv.fr/contenu/telechargement/19333/131975/file/recueil-03-2026-010-recueil-des-actes-administratifs-nominatifs.pdf"}
