{"administration":"pref01","administration_name":"Pr\u00e9fecture de l\u2019Ain","content":"AIN\nRECUEIL DES ACTES\nADMINISTRATIFS SP\u00c9CIAL\n(NOMINATIFS)\nN\u00b001-2026-114\nPUBLI\u00c9 LE  8 AVRIL 2026\nSommaire\n01_DDETS_Direction d\u00e9partementale de l'emploi, du travail et des\nsolidarit\u00e9s de l'Ain /\n01-2026-04-07-00002 - Arr\u00eat\u00e9 autorisation d\u00e9rogation repos dominical\n- Soci\u00e9t\u00e9 MEDIACO SAVOIE (2 pages) Page 3\n2\n01_DDETS_Direction d\u00e9partementale de\nl'emploi, du travail et des solidarit\u00e9s de l'Ain\n01-2026-04-07-00002\nArr\u00eat\u00e9 autorisation d\u00e9rogation repos dominical -\nSoci\u00e9t\u00e9 MEDIACO SAVOIE\n01_DDETS_Direction d\u00e9partementale de l'emploi, du travail et des solidarit\u00e9s de l'Ain - 01-2026-04-07-00002 - Arr\u00eat\u00e9 autorisation\nd\u00e9rogation repos dominical - Soci\u00e9t\u00e9 MEDIACO SAVOIE 3\nE 3 Direction d\u00e9partementale de l'emploi,PREFET du travail et des solidarit\u00e9sDE L'AINLibert\u00e9Egalit\u00e9Fraternit\u00e9ARR\u00caT\u00c9 PR\u00c9FECTORALportant autorisation de d\u00e9roger \u00e0 la r\u00e8gle du repos dominical\nLE PR\u00c9FET DE L'AINLe Pr\u00e9fet du d\u00e9partement de l'Ain et par d\u00e9l\u00e9gation le Directeur d\u00e9partemental de l'emploi, du travailet des solidarit\u00e9s de l'Ain;Vu l'arr\u00eat\u00e9 pr\u00e9fectoral n\u00b0 01-2026-02-10-00005 du 10 f\u00e9vrier 2026 portant d\u00e9l\u00e9gation de signature aMonsieur Olivier PATERNOSTER, Directeur d\u00e9partemental de l'emploi, du travail et des solidarit\u00e9s de'Ain;Vu l'arr\u00eat\u00e9 n\u00b0 01-2026-02-11-00001 du 11 f\u00e9vrier 2026 portant subd\u00e9l\u00e9gation de signature a MadameAudrey CHAHINE, Directrice d\u00e9partementale adjointe de l'emploi, du travail et des solidarit\u00e9s de l'Ain;Vu les articles L. 3132-20, L. 3132-21, L. 3132-25-3, L. 3132-25-4 et R. 3132-16 du Code du travail ;Vu la requ\u00e9te pr\u00e9sent\u00e9e le 31 mars 2026 par la soci\u00e9t\u00e9 MEDIACO SAVOIE, sise 69 route de Marlioz aSallen\u00f4ves (74270) en vue d'\u00eatre autoris\u00e9e a d\u00e9roger a la r\u00e8gle du repos dominical le dimanche 12 avril2026 pour l'intervention de trois salari\u00e9s sur le chantier de d\u00e9pose d'une passerelle m\u00e9tallique en gareSNCF de Culoz (01350) ;Vu le proc\u00e8s-verbal de carence pour tous les coll\u00e8ges du CSE de la soci\u00e9t\u00e9 MEDIACO SAVOIE \u00e9tabli endate du 5 f\u00e9vrier 2024 ;Vu la d\u00e9cision unilat\u00e9rale de l'employeur du 26 mars 2026 autorisant le travail exceptionnel ledimanche 12 avril 2026;Vu les actes de volontariat des trois salari\u00e9s concern\u00e9s par le travail du dimanche 12 avril 2026;Consid\u00e9rant que la soci\u00e9t\u00e9 MEDIACO SAVOIE est une entreprise sp\u00e9cialis\u00e9e dans les travaux demontage de structures m\u00e9talliques;Consid\u00e9rant que les travaux de grutage \u00e0 r\u00e9aliser ne peuvent se d\u00e9rouler que pendant les fins desemaine (soit le samedi et le dimanche), lorsque les trains ne circulent pas et que la gare de Culoz estferm\u00e9e au public;Consid\u00e9rant que le client NGE G\u00c9NIE CIVIL impose \u00e0 la soci\u00e9t\u00e9 MEDIACO SAVOIE de travailler ledimanche 12 avril 2026 pendant la p\u00e9riode d'interception des voies dans le cadre d'une\u00ab Op\u00e9ration Coup de Poing \u00bb et que la confirmation par la SNCF est dat\u00e9e du 17 mars 2026;\nDDETS \u2013 Service d'appui \u00e0 la politique du travail (SAPT) \n34, avenue des Belges \u2013 CS 70417 \u2013 01012 Bourg-en-Bresse Cedex \n \n \n \n \n \n \n \n \n  \n  \n01_DDETS_Direction d\u00e9partementale de l'emploi, du travail et des solidarit\u00e9s de l'Ain - 01-2026-04-07-00002 - Arr\u00eat\u00e9 autorisation\nd\u00e9rogation repos dominical - Soci\u00e9t\u00e9 MEDIACO SAVOIE 4\nE 3 Direction d\u00e9partementale de l'emploi,PR\u00c9FET du travail et des solidarit\u00e9sDE VAINLibert\u00e9Egalit\u00e9Fraternit\u00e9\nConsid\u00e9rant que les arguments avanc\u00e9s par le requ\u00e9rant remplissent les conditions fix\u00e9es par lesarticles L. 3132-20, L. 3132-25-3 et L. 3232-25-4 du Code du travail ;Sur proposition de Monsieur le Directeur d\u00e9partemental de l'emploi, du travail et des solidarit\u00e9s de'Ain; ARRETEArticle 1:La soci\u00e9t\u00e9 MEDIACO SAVOIE est autoris\u00e9e \u00e0 d\u00e9roger \u00e0 la r\u00e8gle du repos dominical pour tout salari\u00e9volontaire devant intervenir sur le chantier de d\u00e9molition de l'ancienne passerelle pi\u00e9tonne de la gareSNCF de Culoz le dimanche 12 avril 2026:Article 2 :Le personnel salari\u00e9 de la soci\u00e9t\u00e9 MEDIACO SAVOIE appel\u00e9 \u00e0 travailler le dimanche dans le cadre decette d\u00e9rogation devra b\u00e9n\u00e9ficier, conform\u00e9ment aux dispositions de la d\u00e9cision unilat\u00e9rale del'employeur d'une r\u00e9mun\u00e9ration major\u00e9e de 100% des heures travaill\u00e9es le dimanche ainsi que d'unrepos compensateur \u00e9quivalent ;Article 3 :La Secr\u00e9taire G\u00e9n\u00e9rale de la Pr\u00e9fecture de l'Ain et le Directeur d\u00e9partemental de l'emploi, du travail etdes solidarit\u00e9s de l'Ain sont charg\u00e9s, chacun en ce qui le concerne, de l'ex\u00e9cution du pr\u00e9sent arr\u00eat\u00e9.Fait \u00e0 Bourg-en-Bresse, le 7 avril 2026P/ Le Pr\u00e9fet et par subd\u00e9l\u00e9gation,La Directrice d\u00e9partementale adjointede l'emploi, du travail et des solidarit\u00e9ssign\u00e9 Audrey CHAHINE\nLa pr\u00e9sente d\u00e9cision est susceptible d'\u00eatre contest\u00e9e dans un d\u00e9lai de deux mois \u00e0 compter de sa notification :- soit en exer\u00e7ant Un recours hi\u00e9rarchique devant le Ministre du travail et des solidarit\u00e9s,Direction g\u00e9n\u00e9rale du travail - 39-43 quai Andr\u00e9 Citro\u00ebn - 75902 PARIS Cedex 15 ;- soit en formant un recours contentieux devant le tribunal administratif de Lyon - 184, rue Duguesclin - 69433 LYON Cedex 3ou bien sur le site www.telerecours.fr\nDDETS \u2013 Service d'appui \u00e0 la politique du travail (SAPT) \n34, avenue des Belges \u2013 CS 70417 \u2013 01012 Bourg-en-Bresse Cedex \n \n \n \n \n \n01_DDETS_Direction d\u00e9partementale de l'emploi, du travail et des solidarit\u00e9s de l'Ain - 01-2026-04-07-00002 - Arr\u00eat\u00e9 autorisation\nd\u00e9rogation repos dominical - Soci\u00e9t\u00e9 MEDIACO SAVOIE 5","date":"2026-04-08","first_seen_on":"2026-04-08T14:05:07+00:00","id":"8ef87ee0e0be7addc3698aeda3a8de8787844107834e0752d12efded557fde3b","name":"recueil-01-2026-114-recueil-des-actes-administratifs-nominatifs 08-04-2026","pdf_creation_date":"2026-04-08T13:01:08+00:00","pdf_modification_date":null,"timezone":"Europe/Paris","url":"https://www.ain.gouv.fr/contenu/telechargement/35439/247404/file/recueil-01-2026-114-recueil-des-actes-administratifs-nominatifs%2008-04-2026.pdf"}
