{"administration":"pref80","administration_name":"Pr\u00e9fecture de la Somme","content":"PR\u00c9FET\nDE LA SOMME\nRECUEIL DES ACTES\nADMINISTRATIFS SP\u00c9CIAL\n(NOMINATIFS)\nN\u00b02024-219\nPUBLI\u00c9 LE 15 NOVEMBRE 2024\nSommaire\nDirection d\u00e9partementale de l'emploi, du travail et des solidarit\u00e9s de\nla Somme (DDETS Somme) /\n80-2024-10-25-00003 - ARRETE NOMINATION CDSF 2024 (6 pages) Page 3\n80-2024-10-28-00004 - retrait agr\u00e9ment mandataire judiciaire DU CAUSE\nDE NAZELLE (3 pages) Page 10\n2\nDirection d\u00e9partementale de l'emploi, du travail\net des solidarit\u00e9s de la Somme (DDETS Somme)\n80-2024-10-25-00003\nARRETE NOMINATION CDSF 2024\nDirection d\u00e9partementale de l'emploi, du travail et des solidarit\u00e9s de la Somme (DDETS Somme) - 80-2024-10-25-00003 - ARRETE\nNOMINATION CDSF 2024 3\nE 3\nPREFET  Direction  d\u00e9partementale  de l'emploi,\nDE LA SOMME  du travail  et des solidarit\u00e9s\nLibert\u00e9\n\u00c9galit\u00e9\nFraternit\u00e9\nARR\u00caT\u00c9\nPORTANT  NOMINATION  DES MEMBRES  DU COMITE  D\u00c9PARTEMENTAL  DES SERVICES\nAUX  FAMILLES  DE LA SOMME\nLE PR\u00c9FET  DE LA SOMME\nCHEVALIER  DE LA L\u00c9GION  D'HONNEUR\nVU le code  de l'action  sociale  et des familles,  et notamment  ses articles  L. 214-3,  L 214-4,  214-5\net 214-6  ;\nVu le code  de |'\u00e9ducation,  et notamment  son  article  L. 113-1;\nVU l'ordonnance  n\u00b0 2021-611  du 19 mai  2021  relative  aux  services  aux  familles  ;\nVU le d\u00e9cret  n\u00b02004-374  du 24 avril  2004  modifi\u00e9  relatif  aux pouvoirs  des pr\u00e9fets,  \u00e0 l'organisa-\ntion  et \u00e0 l'action  des  services  de l'\u00c9tat  dans  les r\u00e9gions  et d\u00e9partements  ;\nVU le d\u00e9cret  n\u00b02021-1644  du 14 d\u00e9cembre  2021  relatif  \u00e0 la gouvernance  des services  aux\nfamilles  et au m\u00e9tier  d'assistant  maternel  ;\nVU le d\u00e9cret  du 13 juillet  2023  portant  nomination  du pr\u00e9fet  de la Somme,  M. Rollon\nMOUCHEL-BLAISOT  ;\nVU le d\u00e9cret  du 21 juillet  2023  portant  nomination  de M. Emmanuel  MOULARD,  administrateur\nde l'\u00c9tat  du deuxi\u00e8me  grade,  secr\u00e9taire  g\u00e9n\u00e9ral  de la pr\u00e9fecture  de la Somme  ;\nVU l'arr\u00eat\u00e9  pr\u00e9fectoral  du 29 novembre  2023  portant  composition  du comit\u00e9  d\u00e9partemental\ndes  services  aux  familles  de la somme  ;\nVU l'arr\u00eat\u00e9  pr\u00e9fectoral  du 15 janvier  2024  portant  d\u00e9l\u00e9gation  de signature  \u00e0 M. Emmanuel\nMOULARD,  secr\u00e9taire  g\u00e9n\u00e9ral  de la pr\u00e9fecture  de la Somme;\nVU l'avis  du conseil  national  d'\u00e9valuation  des  normes  du 4 mars  2021;\nVU l'avis  du conseil  d'administration  de la caisse  centrale  de la mutualit\u00e9  sociale  agricole  du 7\navril  2021  ;\nDirection d\u00e9partementale de l'emploi, du travail et des solidarit\u00e9s de la Somme (DDETS Somme) - 80-2024-10-25-00003 - ARRETE\nNOMINATION CDSF 2024 4\nVU l'avis  du conseil  d'administration  de la caisse  nationale  des allocations  familiales  du 15 avril\n2021;\nSur  proposition  du secr\u00e9taire  g\u00e9n\u00e9ral  de la pr\u00e9fecture  de la Somme  ;\nARR\u00caTE\nARTICLE  1\u00b0: Le comit\u00e9  d\u00e9partemental  des services  aux familles  est pr\u00e9sid\u00e9  par le pr\u00e9fet  de la\nSomme  ou son  repr\u00e9sentant.\nLes vice-pr\u00e9sidents  du comit\u00e9  sont  :\nLe pr\u00e9sident  du conseil  d\u00e9partemental  ou un | M. St\u00e9phane  HAUSSOULIER\nconseiller  d\u00e9partemental  d\u00e9sign\u00e9  pour  le\nrepr\u00e9senter\nUn maire  ou pr\u00e9sident  d'\u00e9tablissement  | Mme  B\u00e9n\u00e9dicte  THIEBAUT\npublic  de coop\u00e9ration  intercommunale  du | Maire  de Roiglise\nd\u00e9partement,  d\u00e9sign\u00e9  par  l'association\nd\u00e9partementale  des  maires  ou un maire\nd\u00e9sign\u00e9  pour  le repr\u00e9senter\nLe pr\u00e9sident  du conseil  d'administration  de\nla caisse  d'allocations  familiales  ou un | M. Charles  DAUNE\nadministrateur  de ce conseil\nd'administration  d\u00e9sign\u00e9  pour  le repr\u00e9senter\nARTICLE  2: Le comit\u00e9  d\u00e9partemental  des services  aux familles  comprend  en outre  trente-\nsept  membres  r\u00e9partis  comme  suit  :\nQuatre  maires  . OU  pr\u00e9sidents\nd'\u00e9tablissements  publics  de coop\u00e9ration\nintercommunale  dont  :\n- un au moins  d'une  commune  de plus  de | M. Patrick  DAIRAINE  (titulaire)\n10 000  habitants  Adjoint  de la ville  d'Abbeville,  premier  vice-\npr\u00e9sident  de l'UDCCAS\nMME  Marie-H\u00e9l\u00e8ne  BOUCHEZ  (suppl\u00e9ante)\nAdjointe  de la ville  d'Amiens\nMme  Isabelle  RAMBOUR  (titulaire)\nMaire  de Saleux\nMme  Colette  MICHAUX  (suppl\u00e9ante)\nMaire  de Liomer  \u2014\nMme  Anna-Maria  LEMAIRE  (titulaire)\nMaire  d'Acheux  en Ami\u00e8nois\nMme  Cathy  VIMEU  (suppl\u00e9ante)\nAdjointe  \u00e0 la ville  d'Albert\nMME  Annick  MARECHAL  (titulaire)\nDirection d\u00e9partementale de l'emploi, du travail et des solidarit\u00e9s de la Somme (DDETS Somme) - 80-2024-10-25-00003 - ARRETE\nNOMINATION CDSF 2024 5\nVice-pr\u00e9sidente  de la Communaut\u00e9  de\nCommunes  Terre  de Picardie\nM. Jean-Michel  MARTIN  (suppl\u00e9ant)\nVice-pr\u00e9sident  de la Communaut\u00e9\nCommunes  de la Haute-Sommede\nQuatre  repr\u00e9sentants  des  services  du conseil\nd\u00e9partemental  dont:\n-le  m\u00e9decin  responsable  du service  de\nprotection  maternelle  et infantile  ou son\nrepr\u00e9sentant\n- deux  repr\u00e9sentants  des  services  du Conseil\nd\u00e9partemental\n- le directeur  de la maison  d\u00e9partementale\ndes  personnes  handicap\u00e9es  ou son\nrepr\u00e9sentantMme  Catherine  HUETTE  (titulaire)\nM. Xavier  TRIPET  (suppl\u00e9ant)\nM. Eric  PARMENTIER  (titulaire)\nMME  Betty  MORELLE  (suppl\u00e9ante)\nMME  Catherine  PIERREVAL  (titulaire)\nMME  Emmanuelle  FOURMANOIR  (suppl\u00e9ante)\nMME  Pauline  VERMEIRSCH  (titulaire)\nMME  Alexandra  THOMAS  (suppl\u00e9ante)\nLe directeur  responsable  de la formation  des\nservices  du conseil  r\u00e9gional,  ou son\nrepr\u00e9sentantM. Thibault  DOUAY  (titulaire)\nPoste  vacant  (suppl\u00e9ant)\nLa directrice  d\u00e9partementale  de l'emploi,  du\ntravail  et des  solidarit\u00e9s,  ou son  repr\u00e9sentantMme  L\u00e6titia  CRETON  (titulaire)\nMme  Nathalie  GATIER  (suppl\u00e9ante)\nLe directeur  des  services  d\u00e9partementaux  de\nl'\u00e9ducation  nationale  ou son  repr\u00e9sentantMme  Aur\u00e9lie  BENOIT  (titulaire)\nMme  Emeline  GRARDEL  (suppl\u00e9ante)\nLe directeur  des  services  d\u00e9partementaux\ncomp\u00e9tents  en mati\u00e8re  de pr\u00e9vention  de la\nd\u00e9linquance  ou son  repr\u00e9sentantM. Pascal  CARBILLET  (titulaire)\nM. Laurent  HENNIAUX  (suppl\u00e9ant)\nLe d\u00e9l\u00e9gu\u00e9  territorial  de l'agence  r\u00e9gionale\nde sant\u00e9Mme  H\u00e9l\u00e8ne  TAILLANDIER  (titulaire)\nMme  Anne-Val\u00e9rie  BOITEL  (suppl\u00e9ante)\nUn magistrat  d\u00e9sign\u00e9  par  le premier\npr\u00e9sident  de la cour  d'appelMme  Ma\u00eblle  BOUTTIN  (titulaire)\nMme  Nathalie  LEFEBVRE-DELWICH\n(suppl\u00e9ante)\nUn administrateur  de la caisse  de mutualit\u00e9\nsociale  agricole  de PicardieM. Emmanuel  DEPLANQUE  (titulaire)\nMme  Anne-Sophie  THERON  (suppl\u00e9ante)\nTrois  repr\u00e9sentants  des  services  de la caisse\nd'allocations  familiales  de la SommeM. Thierry  MARCOTTE  (titulaire)\nMme  Laura  MARTINET  (suppl\u00e9ante)\nM. Fr\u00e9d\u00e9ric  Audenaert  (titulaire)\nDirection d\u00e9partementale de l'emploi, du travail et des solidarit\u00e9s de la Somme (DDETS Somme) - 80-2024-10-25-00003 - ARRETE\nNOMINATION CDSF 2024 6\nMme  Isabelle  PETIT  (suppl\u00e9ante)\nMme  Alexandra  COQUAIN  (titulaire)\nM. Richard  LAMY  (suppl\u00e9ant)\nUn repr\u00e9sentant  des services  de la caisse  de\nla mutualit\u00e9  sociale  agricole  de PicardieMme  Najat  EZZAHAR  (titulaire)\nMme  Emilie  GRAIN  (suppl\u00e9ante)\nCinq  repr\u00e9sentants  d'associations  ou\nd'organismes  gestionnaires  d'\u00e9tablissements\nou de services  d'accueil  du jeune  enfant  ou\nde soutien  \u00e0 la parentalit\u00e9  dont  :\n- un repr\u00e9sentant  du secteur  public  :\n-un  repr\u00e9sentant  du secteur  priv\u00e9  non\nlucratif  :\n- un repr\u00e9sentant  du secteur  priv\u00e9\nmarchand  :\n- un repr\u00e9sentant  d'associations\nprofessionnelles  d'assistants  maternels  :\n\u2014 un repr\u00e9sentant  d'associations  de soutien  \u00e0\nla parentalit\u00e9  :Mme  Sandrine  LESENNE  (titulaire)\n(Communaut\u00e9  de Communes  du Vimeu)\nMme  Nadia  WIECZORKIEWICZ  (suppl\u00e9ante)\n(Communaut\u00e9  de Communes  du Vimeu)\nMme  Gwenael  LEROY  (titulaire)\nAGENA\nMme  Tiphanie  MONTASSINE  (suppl\u00e9ante)\nAGENA\nM. Thierry  CANTET  (titulaire)\nSOGECRECHE\nMme  Aline  WOIVENEL  (suppl\u00e9ante)\nSOGECRECHE\nM. Philippe  PERRIER  (titulaire)\nPEP  80\nM. Micka\u00ebl  DUMETZ  (suppl\u00e9ant)\nPEP  80\nM. Philippe  POIREL  (titulaire)\nATOUT  LIRE\nM. Bruno  BONVALET  (suppl\u00e9ant)\nCinq  repr\u00e9sentants  des  professionnels  des\nservices  aux  familles,  repr\u00e9sentatifs  des\ndiff\u00e9rents  modes  d'accueil  et dispositifs\npr\u00e9sents  dans  le d\u00e9partement  dont  :\nassistants \u2014 deux  des\nmaternelsrepr\u00e9sentants\n- deux  repr\u00e9sentants  des  professionnels  des\nmodes  d'accueil  collectifPoste  vacant  (titulaire)\nPoste  vacant  (suppl\u00e9ant)\nPoste  vacant  (titulaire)\nPoste  vacant  (suppl\u00e9ant)\nMme Fran\u00e7oise  DUCHATEAU  (titulaire)\nPoste  vacant  (suppl\u00e9ant)\nPoste  vacant  (titulaire)\nDirection d\u00e9partementale de l'emploi, du travail et des solidarit\u00e9s de la Somme (DDETS Somme) - 80-2024-10-25-00003 - ARRETE\nNOMINATION CDSF 2024 7\n-un  repr\u00e9sentant  des  professionnels  du\nsoutien  \u00e0 la parentalit\u00e9Poste  vacant  (suppl\u00e9ant)\nPoste  vacant  (titulaire)\nPoste  vacant  (suppl\u00e9ant)\nUn repr\u00e9sentant  des  particuliers-employeurs\nd'assistants  maternels  ou de garde  d'enfants\n\u00e0 domicileMme  Sigried  DEBRUYNE  (titulaire)\nMme  Delphine  SKRZYNSKI  (suppl\u00e9ante)\nUn repr\u00e9sentant  des  employeurs  priv\u00e9s\nconjointement  d\u00e9sign\u00e9  par la ou les\nchambres  de commerce  et d'industrie,  la\nchambre  de m\u00e9tiers  et de l'artisanat  de\nr\u00e9gion,  la chambre  r\u00e9gionale  de l'\u00e9conomie\nsociale  et solidaire  et la chambre\nd'agriculturePoste  vacant  (titulaire)\nJean-Yves  CARTON  (suppl\u00e9ant)\nChambre  d'agriculture\nUn repr\u00e9sentant  des  employeurs  publics  du\nd\u00e9partementPoste  vacant  (titulaire)\nPoste  vacant  (suppl\u00e9ant)\nLe pr\u00e9sident  de l'union  d\u00e9partementale  des\nassociations  familiales  ou son  repr\u00e9sentantM. S\u00e9bastien  BIL (titulaire)\nMme  Marion  HENRY  (suppl\u00e9ante)\nDeux.  parents  repr\u00e9sentants  l\u00e9gaux\nd'enfantsOU Ghislaine  LEFEBVRE  (titulaire)\nPoste  vacant  (suppl\u00e9ant)\n\u00c9milie  GODEFROY  (titulaire)\nPoste  vacant  (suppl\u00e9ante)\nDeux  personnes  qualifi\u00e9es  dans  le domaine\nde l'accueil  des  jeunes  enfants,  du soutien  \u00e0\nla parentalit\u00e9  et de la conciliation  de la vie\nfamiliale  et de la vie professionnelleM. St\u00e9phane  CHEVIN  (titulaire)\nMme  Aur\u00e9lie  CAMERLYNCK  (suppl\u00e9ante)\nMme  Florence  COURCOL  (titulaire)\nMme  Estelle  DARRAGON  (suppl\u00e9ante)\nARTICLE  3: Dans  le d\u00e9partement  de la Somme,  le comit\u00e9  d\u00e9partemental  des services  aux\nfamilles  comprend  \u00e9galement  3 membres  qualifi\u00e9s  dans  l'insertion  professionnelle  et\nl'animation  de la vie sociale  :\nUne  personne  qualifi\u00e9e  dans  l'insertion\nprofessionnelleM. Beno\u00eet  PETIT  (titulaire)\nLudovic  FRANCOIS  (suppl\u00e9ant)\nUne  personne  qualifi\u00e9e  dans  l'animation  de\nla vie socialeMme  Val\u00e9rie  COMBLEZ  (titulaire)\nMme  H\u00e9l\u00e8ne  TERRASSON  (suppl\u00e9ante)\nUne  personne  . qualifi\u00e9e  dans\nl'accompagnement  \u00e0 la sant\u00e9M. Arnaud  FUSILLIER  (titulaire)\nMme  Kadija  BOUZIDI  (suppl\u00e9ant)\nDirection d\u00e9partementale de l'emploi, du travail et des solidarit\u00e9s de la Somme (DDETS Somme) - 80-2024-10-25-00003 - ARRETE\nNOMINATION CDSF 2024 8\nARTICLE  4: Le comit\u00e9  d\u00e9partemental  des services  aux familles  organise  la coordination  des\nactions  de ses membres  en vue d'am\u00e9liorer  l'efficacit\u00e9  en mati\u00e8re  de d\u00e9veloppement  et de\nmaintien  des services  aux familles,  d'information  et d'orientation  des familles  sur les modes\nd'accueil  du jeune  enfant,  de formation  des professionnels  de l'accueil  du jeune  enfant  et du\nsoutien  \u00e0 la parentalit\u00e9  et d'information  des employeurs.  Les mesures  propos\u00e9es  entrent  dans\nle cadre  des orientations  nationales  et locales  relatives  aux services  aux familles.\nARTICLE  5 : Le comit\u00e9  \u00e9tablit  un sch\u00e9ma  d\u00e9partemental  des services  aux familles  pour  une\ndur\u00e9e  maximale  de six ans et \u00e9value  sa mise  en \u0153uvre.\nARTICLE  6 : La liste  des membres  du comit\u00e9  est arr\u00eat\u00e9e  par le pr\u00e9sident  du comit\u00e9,  apr\u00e8s  avis\ndes vice-pr\u00e9sidents,  tous  les six ans.  Le mandat  des membres  du comit\u00e9  est de six ans\nrenouvelables.  H prend  fin s'ils perdent  la qualit\u00e9  au titre  de laquelle  ils ont \u00e9t\u00e9 d\u00e9sign\u00e9s.  Dans\nce cas ou en cas de d\u00e9mission  ou de d\u00e9c\u00e8s  d'un  membre  avant  l'expiration  de son mandat,  il\nest pourvu  \u00e0 son remplacement  dans  un d\u00e9lai  d'un  mois.  Le mandat  de son rempla\u00e7ant  prend\nfin \u00e0 la date  \u00e0 laquelle  aurait  cess\u00e9  celui  du membre  qu'il  a remplac\u00e9.  Les membres  du comit\u00e9\nexercent  leur  mandat  \u00e0 titre  gratuit.\nARTICLE  7: La caisse  d'allocations  familiales  de la Somme  assume  le secr\u00e9tariat  du comit\u00e9\nd\u00e9partemental  des services  aux familles  et organise  \u00e0 ce titre  les travaux.  La premi\u00e8re  s\u00e9ance\npl\u00e9ni\u00e8re  est convoqu\u00e9e  dans  les huit  mois  suivant  l'arr\u00eat\u00e9  de nomination  de ses membres.  Le\ncomit\u00e9  se r\u00e9unit  au moins  une fois par an. Il peut  constituer  en son sein  des groupes  de travail\net s'adjoindre  le concours  d'experts  qui ne prennent  pas  part  au vote.\nARTICLE  8: Conform\u00e9ment  aux dispositions  de l'article  424-1  du code  de justice\nadministrative  le pr\u00e9sent  arr\u00eat\u00e9  peut  faire  l'objet  d'un  recours  contentieux  devant  le tribunal\nadministratif  d'Amiens  (14 rue Lemerchier  80000  AMIENS),  dans  le d\u00e9lai  de deux  mois  suivant\nsa publication.  Le tribunal  administratif  peut  \u00eatre  saisi  via l'application  t\u00e9l\u00e9recours  accessible\nvia le site  www.telerecours.fr\nARTICLE  9 : L'arr\u00eat\u00e9  pr\u00e9fectoral  du 29 novembre  2023  susvis\u00e9  est abrog\u00e9.\nARTICLE  10: Le secr\u00e9taire  g\u00e9n\u00e9ral  de la pr\u00e9fecture  de la Somme  et la directrice\nd\u00e9partementale  de l'emploi,  du travail  et des solidarit\u00e9s  de la Somme  sont  charg\u00e9s,  chacun  en\nce qui le concerne,  de l'ex\u00e9cution  du pr\u00e9sent  arr\u00eat\u00e9  qui sera  publi\u00e9  au recueil  des actes\nadministratifs  de la pr\u00e9fecture  de la Somme.\nAmiens,  le of 5 | Jo | 207  4\nPour  le pr\u00e9fet  et/bar  d\u00e9l\u00e9gation,\nLe secr\u00e9taire  g\u00e9n\u00e9ral\n(\nEmmanuel  MOULARD.\nDirection d\u00e9partementale de l'emploi, du travail et des solidarit\u00e9s de la Somme (DDETS Somme) - 80-2024-10-25-00003 - ARRETE\nNOMINATION CDSF 2024 9\nDirection d\u00e9partementale de l'emploi, du travail\net des solidarit\u00e9s de la Somme (DDETS Somme)\n80-2024-10-28-00004\nretrait agr\u00e9ment mandataire judiciaire DU\nCAUSE DE NAZELLE\nDirection d\u00e9partementale de l'emploi, du travail et des solidarit\u00e9s de la Somme (DDETS Somme) - 80-2024-10-28-00004 - retrait\nagr\u00e9ment mandataire judiciaire DU CAUSE DE NAZELLE 10\nDirection  d\u00e9partementale\n+ M de l'emploi,  du travail\nDE LA SOMME  et des solidarit\u00e9s \u00c9mis\nARR\u00caT\u00c9\nportant  retrait  d'agr\u00e9ment  en tant  que mandataire  judiciaire  \u00e0 la protection  des majeurs  exer\u00e7ant  \u00e0 titre\nindividuel  dans  le d\u00e9partement  de la Somme\n\u00e0 Mme  Solange  DU CAUZE  DE NAZELLE\nLE PR\u00c9FET  DE LA SOMME\nCHEVALIER  DE LA L\u00c9GION  D'HONNEUR\nVu le code  de l'action  sociale  et des  familles,  et notamment  ses articles  L. 471-2  et suivants  et R. 472-6;\nVu la loi n\u00b0 2007-308  du 5 mars  2007  portant  r\u00e9forme  de la protection  juridique  des  majeurs,  et\nnotamment  ses articles  44 et 45;\nVu le d\u00e9cret  n\u00b0 2004-374  du 29 avril  2004  modifi\u00e9  relatif  aux pouvoirs  des pr\u00e9fets,  \u00e0 l'organisation  et \u00e0\nl'action  des  services  de l'Etat  dans  les r\u00e9gions  et d\u00e9partements  ;\nVu le d\u00e9cret  n\u00b0 2008-1512  du 30 d\u00e9cembre  2008  fixant  les modalit\u00e9s  d'inscription  sur les listes  pr\u00e9vues  aux\narticles  L. 471-2  et L. 471-3  du code  de l'action  sociale  et des  familles  ;\nVu le d\u00e9cret  du 13 juillet  2023  portant  nomination  du pr\u00e9fet  de la Somme,  M. Rollon  MOUCHEL-BLAISOT  ;\nVu le d\u00e9cret  du 21 juillet  2023  portant  nomination  d\u00e9 M. Emmanuel  MOULARD,  administrateur  de l'\u00c9tat\ndu deuxi\u00e8me  grade,  secr\u00e9taire  g\u00e9n\u00e9ral  de la pr\u00e9fecture  de la Somme  ;\nVu l'arr\u00eat\u00e9  du 17 janvier  2018  portant  agr\u00e9ment  en tant  que  mandataire  judiciaire  \u00e0 la protection  des\nmajeurs  exer\u00e7ant  \u00e0 titre  individuel  dans  le d\u00e9partement  de la Somme  \u00e0 Mme  Solange  DU CAUZE  DE\nNAZELLE  ;\nVu l'arr\u00eat\u00e9  du 17 mars  2023  fixant  la liste  d\u00e9partementale  des personnes  habilit\u00e9es  \u00e0 exercer  des mesures\nde protection  judiciaire  des majeurs  dans  le d\u00e9partement  du Loir-et-Cher,  notamment  Mme  Solange  DU\nCAUZE  DE NAZELLE  ;\nConsid\u00e9rant  que  Mme  Solange  DU CAUZE  DE NAZELLE  n'a pas port\u00e9  \u00e0 la connaissance  du pr\u00e9fet  de la\nSomme  l'obtention  en mars  2023  d'un  agr\u00e9ment  pour  exercer  en qualit\u00e9  de mandataire  judiciaire  \u00e0 la\nprotection  des majeurs  dans  le d\u00e9partement  du Loir-et-Cher,  contrevenant  ainsi  \u00e0 l'article  R. 472-6  || 3\u00b0 du\ncode  de l'action  sociale  et des  familles  ;\nConsid\u00e9rant  l'entretien  du 15 f\u00e9vrier  2024  de Mme  Solange  DU CAUZE  DE NAZELLE  avec  la direction\nr\u00e9gionale  de l'\u00e9conomie,  de l'emploi,  du travail  et des solidarit\u00e9s  (DREETS)  des Hauts-de-France  qui,  en\napplication  du protocole  du 3 d\u00e9cembre  2020,  est charg\u00e9e  de la gestion  au niveau  r\u00e9gional  des missions\nrelatives  \u00e0 la protection  juridique  des majeurs,  ayant  pour  objectif  notamment  de v\u00e9rifier  l'ad\u00e9quation\nentre  l'organisation  professionnelle  de Mme  Solange  DU CAUZE  DE NAZELLE  au regard  des agr\u00e9ments  qui\nlui ont \u00e9t\u00e9 d\u00e9livr\u00e9s  et l'exercice  des  mesures  de protection  ;\nConsid\u00e9rant  le courrier  du 16 f\u00e9vrier  2024  de M. Serge  BOUFFANGE,  directeur  r\u00e9gional  adjoint  de la\nDREETS  Hauts-de-France,  accompagnant  le relev\u00e9  d'\u00e9changes  de l'entretien  du 15 f\u00e9vrier  pr\u00e9c\u00e9dent\ndemandant  \u00e0 Mme  Solange  DU CAUZE  DE NAZELLE,  conform\u00e9ment  \u00e0 l'article  R. 472-6  du code  de\nl'action  sociale  et des familles,  d'adresser  un dossier  de demande  d'agr\u00e9ment,  hors  cadre  de la proc\u00e9dure\nd'appel  \u00e0 candidatures,  \u00e0 la DREETS  Hauts-de-France  pour  le 1* mars  suivant  ;\n1/3\nDirection d\u00e9partementale de l'emploi, du travail et des solidarit\u00e9s de la Somme (DDETS Somme) - 80-2024-10-28-00004 - retrait\nagr\u00e9ment mandataire judiciaire DU CAUSE DE NAZELLE 11\nConsid\u00e9rant  le courrier  du 23 mai 2024  de M. Serge  BOUFFANGE,  directeur  r\u00e9gional  adjoint  de la DREETS\nHauts-de-France,  accusant  r\u00e9ception  du dossier  de demande  d'agr\u00e9ment,  hors  cadre  de la proc\u00e9dure\nd'appel  \u00e0 candidatures,  du 8 mars  2024,  faisant  \u00e9tat  de manquements  \u00e0 la r\u00e9glementation  \u00e0 la suite  de\nl'instruction  et du contr\u00f4le  du dossier,  et enjoignant  Mme  Solange  DU CAUZE  DE NAZELLE  de se mettre\nen conformit\u00e9,  dans  le d\u00e9lai  d'un  mois  \u00e0 compter  de la r\u00e9ception  du courrier  ;\nConsid\u00e9rant  que  le 30 mai 2024  Mme  Solange  DU CAUZE  DE NAZELLE  a accus\u00e9  r\u00e9ception  du courrier  du\n23 mai pr\u00e9c\u00e9dent  et, par cons\u00e9quent,  que  le d\u00e9lai  courait  jusqu'au  30 juin  2024  pour  qu'elle  se mette  en\nconformit\u00e9  au regard  des manquements  constat\u00e9s  ;\nConsid\u00e9rant  les courriels  en r\u00e9ponse  des 12 juillet  et 1\u00b0 ao\u00fbt  2024,  hors  d\u00e9lai  fix\u00e9,  de Mme  Solange  DU\nCAUZE  DE NAZELLE  et le caract\u00e8re  incomplet  des r\u00e9ponses  aux injonctions  au regard,  d'une  part,  des\npi\u00e8ces  \u00e0 fournir  (l'absence  d'attestation  d'assurance  de responsabilit\u00e9  civile  en cours,  de justificatif  de\ndomicile,  des justificatifs  des exp\u00e9riences  professionnelles,  du projet  de notice  d'information,  du projet\nde document  individuel  de protection  des majeurs),  contrevenant  \u00e0 l'article  D. 472-5-2  du code  de\nl'action  sociale  et des familles,  et d'autre  part,  du projet  professionnel  de l'int\u00e9ress\u00e9e  d\u00e9crivant  une\nactivit\u00e9  dans  les d\u00e9partements  de la Somme,  des Hauts-de-Seine  et du Loir-et-Cher  sur la base  des\nconvocations  dans  les tribunaux  judiciaires  des trois  d\u00e9partements  omettant  une description  de l'activit\u00e9\nau regard  des besoins  des personnes  pour  lesquelles  l'int\u00e9ress\u00e9e  a \u00e9t\u00e9 d\u00e9sign\u00e9e  en qualit\u00e9  de mandataire\njudiciaire  \u00e0 la protection  des  majeurs  ;\nConsid\u00e9rant  l'extension  d'activit\u00e9  de Mme  Solange  DU CAUZE  DE NAZELLE  dans  le ressort  des tribunaux\njudiciaires  du Loir-et-Cher  et que  ce changement  de lieu d'activit\u00e9  professionnelle  est de nature  \u00e0 affecter\nde mani\u00e8re  substantielle  la qualit\u00e9,  la continuit\u00e9  ou la proximit\u00e9  de la prise  en charge  ou de\nl'accompagnement  des personnes  pour  lesquelles  elle a \u00e9t\u00e9 nomm\u00e9e  en qualit\u00e9  de mandataire  judiciaire\n\u00e0 la protection  des  majeurs  ;\nSur proposition  du directeur  r\u00e9gional  de l'\u00e9conomie,  de l'emploi,  du travail  et des solidarit\u00e9s  des Hauts-\nde-France  ;\nARR\u00caTE\nArticle  1\u00b0\nL'agr\u00e9ment  d\u00e9livr\u00e9  \u00e0 Mme  Solange  DU CAUZE  DE NAZELLE  par arr\u00eat\u00e9  susvis\u00e9  du 17 janvier  2018 est retir\u00e9\n\u00e0 compter  de la notification  et de la publication  du pr\u00e9sent  arr\u00eat\u00e9.\nArticle  2\nLe retrait  de l'agr\u00e9ment  vaut  radiation  de Mme  Solange  DU CAUZE  DE NAZELLE  de la liste  d\u00e9partemen-\ntale  des mandataires  judiciaires  \u00e0 la protection  des majeurs  et des d\u00e9l\u00e9gu\u00e9s  aux prestations  familiales  de\nla Somme  ;\nArticle  3\nEn application  de l'article  L. 473-1  du code  de l'action  sociale  et des familles,  le fait d'exercer  une activit\u00e9\nde mandataire  judiciaire  \u00e0 la protection  des majeurs  malgr\u00e9  le retrait  prononc\u00e9  est puni  d'un  an d'empri-\nsonnement  et de 15 000  euros  d'amende  ;\nArticle  4\nUne  copie  du pr\u00e9sent  arr\u00eat\u00e9  sera  notifi\u00e9e  :\n- \u00e0 l'int\u00e9ress\u00e9e  ;\n- au procureur  de la R\u00e9publique  pr\u00e8s  du tribunal  judiciaire  d'Amiens  ;\n- aux juges  des contentieux  de la protection  des tribunaux  judiciaires  d'Amiens,  d'Abbeville  et de\nP\u00e9ronne.\n2/3\nDirection d\u00e9partementale de l'emploi, du travail et des solidarit\u00e9s de la Somme (DDETS Somme) - 80-2024-10-28-00004 - retrait\nagr\u00e9ment mandataire judiciaire DU CAUSE DE NAZELLE 12\nArticle  5\nConform\u00e9ment  aux  dispositions  des  articles  R 421-1  et R 421-5  du code  de justice  administrative,  le pr\u00e9-\nsent  arr\u00eat\u00e9  peut  faire  l'objet  d'un  recours  administratif,  soit  gracieux  aupr\u00e8s  du pr\u00e9fet  de la Somme,  soit\nhi\u00e9rarchique  aupr\u00e8s  du ministre  des  solidarit\u00e9s,  de l'autonomie  et de l'\u00e9galit\u00e9  entre  les femmes  et les\nhommes  dans  les deux  mois  suivant  la notification  et publication.  Un recours  contentieux  peut  \u00eatre  d\u00e9po-\ns\u00e9 aupr\u00e8s  du tribunal  administratif  d'Amiens  (14 rue Lemerchier  -CS  81114-  80011  AMIENS  Cedex  01),  \u00e9ga-\nlement  dans  un d\u00e9lai  de deux  mois  \u00e0 compter  de la notification  et publication,  ou dans  le d\u00e9lai  de deux\nmois  \u00e0 partir  de la r\u00e9ponse  de l'administration  si Un recours  administratif  a \u00e9t\u00e9 d\u00e9pos\u00e9,  l'absence  de r\u00e9-\nponse  au terme  d'un  d\u00e9lai  de deux  mois  valant  rejet  implicite.  Le tribunal  administratif  peut  \u00eatre  saisi  par\nl'application  informatique  \u00ab T\u00e9l\u00e9recours  citoyens  \u00bb accessible  via le site  internet  www.telerecours.fr.\nArticle  6\nLe secr\u00e9taire  g\u00e9n\u00e9ral  de la pr\u00e9fecture  de la Somme,  la directrice  d\u00e9partementale  de l'emploi,  du travail  et\ndes  solidarit\u00e9s  de la Somme  et le directeur  r\u00e9gional  de l'\u00e9conomie,  de l'emploi,  du travail  et des solidari-\nt\u00e9s des  Hauts-de-France  sont  charg\u00e9s,  chacun  en ce qui le concerne,  de l'ex\u00e9cution  du pr\u00e9sent  arr\u00eat\u00e9  qui\nsera  publi\u00e9  au recueil  des  actes  administratifs  de la pr\u00e9fecture  de la Somme.\nAmiens,  le 2 8 OCT, 2024\nPour  le pr\u00e9fet  et par  d\u00e9l\u00e9gation,\nLe secr\u00e9t\u00e4ire  g\u00e9n\u00e9ral\np |\nEmmanuel  MOULARD\n3/3\nDirection d\u00e9partementale de l'emploi, du travail et des solidarit\u00e9s de la Somme (DDETS Somme) - 80-2024-10-28-00004 - retrait\nagr\u00e9ment mandataire judiciaire DU CAUSE DE NAZELLE 13","date":"2024-11-15","first_seen_on":"2024-11-15T17:31:49+00:00","id":"8f14aed8d1d8946e1853ac05be81061da2e88b3cbf7cd72980c960f22cf2eb36","name":"RAA n\u00b0219 sp\u00e9cial (nominatifs) du 15 novembre 2024","pdf_creation_date":"2024-11-15T16:00:08+00:00","pdf_modification_date":null,"timezone":"Europe/Paris","url":"https://www.somme.gouv.fr/contenu/telechargement/50003/332270/file/recueil-2024-219-recueil-des-actes-administratifs-nominatifs.pdf"}
