{"administration":"pref21","administration_name":"Pr\u00e9fecture de C\u00f4te-d\u2019Or","content":"PR\u00c9FET\nDE LA C\u00d4TE-D'OR\nRECUEIL DES ACTES\nADMINISTRATIFS SP\u00c9CIAL\n(NOMINATIFS)\nN\u00b021-2026-020\nPUBLI\u00c9 LE 23 JANVIER 2026\nSommaire\nDirection d\u00e9partementale de l'emploi, du travail et des solidarit\u00e9s de\nC\u00f4te-d'Or /\n21-2026-01-22-00002 - R\u00e9c\u00e9piss\u00e9 de d\u00e9claration SAP - MILLIEZ\nL\u00e9onie (2 pages) Page 3\nDirection d\u00e9partementale de l'emploi, du travail et des solidarit\u00e9s de\nC\u00f4te-d'Or / P\u00f4le Solidarit\u00e9s\n21-2026-01-20-00004 - Arr\u00eat\u00e9 modifiant l'arr\u00eat\u00e9 du 10 f\u00e9vrier 2025\nportant nomination des membres de la commission d\u00e9partementale de\nconciliation de la C\u00f4te-d'Or  (2 pages) Page 6\n2\nDirection d\u00e9partementale de l'emploi, du travail\net des solidarit\u00e9s de C\u00f4te-d'Or\n21-2026-01-22-00002\nR\u00e9c\u00e9piss\u00e9 de d\u00e9claration SAP - MILLIEZ L\u00e9onie\nDirection d\u00e9partementale de l'emploi, du travail et des solidarit\u00e9s de C\u00f4te-d'Or - 21-2026-01-22-00002 - R\u00e9c\u00e9piss\u00e9 de d\u00e9claration SAP\n- MILLIEZ L\u00e9onie 3\nPREFETDELACOTE-D'ORLibert\u00e9Egalit\u00e9Fraternit\u00e9\nDirection D\u00e9partementale de l'Emploi, \ndu Travail et des Solidarit\u00e9s \u2013 DDETS\nDDETS de la C\u00f4te d'Or\nP\u00f4le Emploi et Coh\u00e9sion Territoriale\nUnit\u00e9 Formation Emploi Insertion\nAffaire suivie par : Anne-Lise CAYRON\nGestionnaire Services \u00e0 la personne et ESS\nT\u00e9l.\u00a0: 03 80 68 39 25 // 07 86 14 30 88\nMail : anne-lise.cayron@cote-dor.gouv.fr\nDijon, le 22/01/2026 \nMme MILLIEZ L\u00e9onie\n3 rue Lazare Carnot\n21120 GEMEAUX\nR\u00c9C\u00c9PISS\u00c9 DE LA D\u00c9CLARATION\nd'un Organisme de Services \u00e0 la Personne \nenregistr\u00e9 sous le n\u00b0 SAP/ 999692999\nLe Pr\u00e9fet de la C\u00f4te-d'Or, et par subd\u00e9l\u00e9gation de la Directrice D\u00e9partementale de la DDETS, la  \nResponsable du P\u00f4le Emploi et Coh\u00e9sion Territoriale/la Responsable de l'Unit\u00e9 Formation, Emploi,  \nInsertion\nVu le code du travail et notamment les articles L.7231-1 \u00e0 L.7233-2, R.7232-16 \u00e0 R.7232-22, D.7231-1 et \nD.7233-1 \u00e0 D.7233-5 ; \nVu la loi n\u00b0 2015-1776 du 28 d\u00e9cembre 2015 relative \u00e0 l'adaptation de la soci\u00e9t\u00e9 au vieillissement, \nVu le d\u00e9cret n\u00b0 2016-750 du 6 juin 2016 relatif \u00e0 la liste des activit\u00e9s de services \u00e0 la personne  \nsoumises \u00e0 agr\u00e9ment ou \u00e0 autorisation dans le cadre du r\u00e9gime commun de la d\u00e9claration,\nVu la demande de d\u00e9claration d\u00e9pos\u00e9e par l'organisme repr\u00e9sent\u00e9 par Mme MILLIEZ L\u00e9onie, SIREN  \n999 692 999, dont le si\u00e8ge social est situ\u00e9 3 rue Lazare Carnot 21120 GEMEAUX,\nConstate\nQu'une d\u00e9claration d'activit\u00e9s de services \u00e0 la personne a \u00e9t\u00e9 d\u00e9pos\u00e9e le 19 janvier 2026 sous le  \nnum\u00e9ro 3117600 aupr\u00e8s de la DDETS de C\u00f4te d'Or par Mme MILLIEZ L\u00e9onie, dont l'\u00e9tablissement  \nprincipal est situ\u00e9 3 rue Lazare Carnot 21120 GEMEAUX pour les activit\u00e9s suivantes \u00e0 l'exclusion de  \ntoute autre\u00a0: \n1. Garde d'enfants de plus de 3 ans \u00e0 domicile\n2. Entretien de la maison et travaux m\u00e9nagers\nDDETS de la C\u00f4te d'Or\n6 Rue Chancelier de l'Hospital - 21000 DIJON \nT\u00e9l. : 03 80 68 30 00 (Accueil) www.cote-dor.gouv.fr\nDirection d\u00e9partementale de l'emploi, du travail et des solidarit\u00e9s de C\u00f4te-d'Or - 21-2026-01-22-00002 - R\u00e9c\u00e9piss\u00e9 de d\u00e9claration SAP\n- MILLIEZ L\u00e9onie 4\nCes activit\u00e9s sont effectu\u00e9es en qualit\u00e9 de prestataire.\nToute  modification  concernant  les  activit\u00e9s  exerc\u00e9es  devra  faire  l'objet  d'une  d\u00e9claration \nmodificative pr\u00e9alable.\nSous r\u00e9serve d'\u00eatre exerc\u00e9e \u00e0 titre exclusif, ces activit\u00e9s ouvrent droit au b\u00e9n\u00e9fice des dispositions  \ndes  articles  L.  7233-2  du  code  du  travail  et  L.  241-10  du  code  de  la  s\u00e9curit\u00e9  sociale  dans  les \nconditions pr\u00e9vues par ces articles.\nLes effets de la d\u00e9claration courent \u00e0 compter du jour du d\u00e9p\u00f4t de la d\u00e9claration sous r\u00e9serve des  \ndispositions de l'article R.7232-18 du code du travail. Le pr\u00e9sent r\u00e9c\u00e9piss\u00e9 n'est pas limit\u00e9 dans le  \ntemps. La d\u00e9claration a une port\u00e9e nationale.\nLe cas \u00e9ch\u00e9ant\u00a0:\nEn application des articles L.7232-1 et R.7232-1 \u00e0 R.7232-15, les activit\u00e9s n\u00e9cessitant un agr\u00e9ment (I de  \nl'article  D.7231-1  du  code  du  travail)  n'ouvrent  droit  \u00e0  ces  dispositions  que  si  l'organisme  a  \npr\u00e9alablement obtenu l'agr\u00e9ment ou le renouvellement de cet agr\u00e9ment dans le ou les d\u00e9partement(s) \nd'exercice de ses activit\u00e9s.\nDe m\u00eame, en application de l'article D.312-6-2 du code de l'action sociale et des familles, les activit\u00e9s  \nn\u00e9cessitant une autorisation n'ouvrent droit \u00e0 ces dispositions que si l'organisme a pr\u00e9alablement  \nobtenu l'autorisation ou le renouvellement de cette autorisation.\nL'enregistrement de la d\u00e9claration peut \u00eatre retir\u00e9 dans les conditions fix\u00e9es aux articles R.7232-22 \u00e0 \nR.7232-24 du code du travail.\nLe pr\u00e9sent r\u00e9c\u00e9piss\u00e9 sera publi\u00e9 au recueil des actes administratifs de la pr\u00e9fecture de la C\u00f4te d'Or.\nPour le Pr\u00e9fet de C\u00f4te d'Or, \net par subd\u00e9l\u00e9gation la Directrice \nD\u00e9partementale emp\u00each\u00e9e,\nLa Responsable de l'Unit\u00e9 Formation, Emploi et \nInsertion,\nSign\u00e9\nMarie BEGRAND\nDDETS de la C\u00f4te d'Or\n6 Rue Chancelier de l'Hospital - 21000 DIJON \nT\u00e9l. : 03 80 68 30 00 (Accueil) www.cote-dor.gouv.fr\nDirection d\u00e9partementale de l'emploi, du travail et des solidarit\u00e9s de C\u00f4te-d'Or - 21-2026-01-22-00002 - R\u00e9c\u00e9piss\u00e9 de d\u00e9claration SAP\n- MILLIEZ L\u00e9onie 5\nDirection d\u00e9partementale de l'emploi, du travail\net des solidarit\u00e9s de C\u00f4te-d'Or\nP\u00f4le Solidarit\u00e9s\n21-2026-01-20-00004\nArr\u00eat\u00e9 modifiant l'arr\u00eat\u00e9 du 10 f\u00e9vrier 2025\nportant nomination des membres de la\ncommission d\u00e9partementale de conciliation de\nla C\u00f4te-d'Or \nDirection d\u00e9partementale de l'emploi, du travail et des solidarit\u00e9s de C\u00f4te-d'Or - 21-2026-01-20-00004 - Arr\u00eat\u00e9 modifiant l'arr\u00eat\u00e9 du 10\nf\u00e9vrier 2025 portant nomination des membres de la commission d\u00e9partementale de conciliation de la C\u00f4te-d'Or 6\nExPREFETDE LACOTE-D'ORLibert\u00e9Egalit\u00e9Fraternit\u00e9\nDirection d\u00e9partementale\nde l'emploi, du travail\net des solidarit\u00e9s\nAffaire suivie par Eric FALLON,\nsecr\u00e9taire de la Commission d\u00e9partementale de Conciliation\nT\u00e9l. : 03 80 68 30 28\nddets-conciliation@cote-dor.gouv.fr\nLe pr\u00e9fet\nde la r\u00e9gion de Bourgogne-Franche Comt\u00e9, \npr\u00e9fet de la C\u00f4te-d'Or\nArr\u00eat\u00e9 pr\u00e9fectoral\nmodifiant l'arr\u00eat\u00e9 du 10 f\u00e9vrier 2025 portant nomination des membres\nde la Commission d\u00e9partementale de Conciliation de la C\u00f4te-d'Or\nVu la loi n\u00b0 89-462 du 6 juillet 1989 tendant \u00e0 am\u00e9liorer les rapports locatifs et portant modification de  \nla loi n\u00b0 86-1290 du 23 d\u00e9cembre 1986, notamment son article 20 ;\nVu la loi n\u00b0 2000-1208 du 13 d\u00e9cembre 2000 relative \u00e0 la solidarit\u00e9 et au renouvellement urbain et  \nportant modification de la loi du 6 juillet 1989 ;\nVu le d\u00e9cret n\u00b0 2001-653 du 19 juillet 2001 pris pour l'application de l'article 20 de la loi n\u00b0 89-462 du 6  \njuillet 1989 modifi\u00e9e et relatif aux commissions d\u00e9partementales de conciliation ;\nVu  l'arr\u00eat\u00e9  pr\u00e9fectoral  n\u00b0  873  du  20  d\u00e9cembre  2001  portant  cr\u00e9ation  de  la  commission  \nd\u00e9partementale de conciliation ;\nVu  l'arr\u00eat\u00e9  pr\u00e9fectoral  10  f\u00e9vrier  2025  portant  nomination  des  membres  de  la  Commission \nd\u00e9partementale de Conciliation de la C\u00f4te-d'Or jusqu'au 15 f\u00e9vrier 2028.\nConsid\u00e9rant qu'il convient de proc\u00e9der \u00e0 la nomination de nouveaux membres au titre du coll\u00e8ge des  \norganisations repr\u00e9sentatives des bailleurs ;\nSur proposition du secr\u00e9taire g\u00e9n\u00e9ral de la pr\u00e9fecture de la C\u00f4te-d'Or ;\nArr\u00eate\nArticle 1er : le 2 du I de l'article 1er de l'arr\u00eat\u00e9 pr\u00e9fectoral du 10 f\u00e9vrier 2025 relatif \u00e0 la composition de la \nCommission d\u00e9partementale de Conciliation de la C\u00f4te-d'Or, est modifi\u00e9 comme suit :\nI \u2013 Organisations repr\u00e9sentatives des bailleurs\n2 \u2013 Membres d\u00e9sign\u00e9s par l'Union sociale pour l'Habitat de Bourgogne-Franche-Comt\u00e9\n> Titulaires\n\u2013 Mme Peggy ROZIER-THOMAS repr\u00e9sentant Orvitis\n\u2013 Mme Ana\u00eblle PONCET DELORIEUX, repr\u00e9sentant Habellis\n> Suppl\u00e9ants\n\u2013 Mme C\u00e9line LIMA repr\u00e9sentant CDC habitat\n\u2013 M. Madjid AMRANI repr\u00e9sentant Grand Dijon Habitat\nLe reste de l'article est sans changement.\nDirection d\u00e9partementale de l'emploi, du travail et des solidarit\u00e9s de C\u00f4te-d'Or - 21-2026-01-20-00004 - Arr\u00eat\u00e9 modifiant l'arr\u00eat\u00e9 du 10\nf\u00e9vrier 2025 portant nomination des membres de la commission d\u00e9partementale de conciliation de la C\u00f4te-d'Or 7\nArticle 2 : le pr\u00e9sent arr\u00eat\u00e9 peut faire l'objet d'un recours devant le Tribunal administratif de Dijon \u2013 22  \nrue d'Assas \u2013 BP 61 616 \u2013 21016 DIJON cedex, dans un d\u00e9lai de deux mois \u00e0 compter de sa publication.\nArticle 3 : le secr\u00e9taire g\u00e9n\u00e9ral de la pr\u00e9fecture de la C\u00f4te-d'Or est charg\u00e9 de l'ex\u00e9cution du pr\u00e9sent  \narr\u00eat\u00e9, dont copie sera adress\u00e9e \u00e0 chacun des membres de la commission, et sera publi\u00e9 au recueil des  \nactes administratifs de la pr\u00e9fecture de la C\u00f4te-d'Or.\nFait \u00e0 Dijon, le 20 janvier 2026\nPour le pr\u00e9fet et par d\u00e9l\u00e9gation\nLe secr\u00e9taire g\u00e9n\u00e9ral,\nSIGNE\nDenis BRUEL\nDirection d\u00e9partementale de l'emploi, du travail et des solidarit\u00e9s de C\u00f4te-d'Or - 21-2026-01-20-00004 - Arr\u00eat\u00e9 modifiant l'arr\u00eat\u00e9 du 10\nf\u00e9vrier 2025 portant nomination des membres de la commission d\u00e9partementale de conciliation de la C\u00f4te-d'Or 8","date":"2026-01-23","first_seen_on":"2026-01-23T17:15:23+00:00","id":"8f30aecd5dd71d2acecabb9b4af103d63e9de67682f6f7cfbbd52326051c3839","name":"RAA n\u00b0 020 du 23 janvier 2026","pdf_creation_date":"2026-01-23T15:12:01+00:00","pdf_modification_date":null,"timezone":"Europe/Paris","url":"https://www.cote-dor.gouv.fr/contenu/telechargement/25470/194841/file/recueil-21-2026-020-recueil-des-actes-administratifs-nominatifs.pdf"}
