{"administration":"pref30","administration_name":"Pr\u00e9fecture du Gard","content":"PR\u00c9FET\nDU GARD\nRECUEIL DES ACTES\nADMINISTRATIFS SP\u00c9CIAL\nN\u00b030-2025-115\nPUBLI\u00c9 LE  1 JUILLET 2025\nSommaire\nPrefecture du Gard / CABINET\n30-2025-07-01-00003 - arr\u00eat\u00e9 autorisant la captation, l'enregistrement et\nla transmission d'images au moyen de cam\u00e9ras install\u00e9es sur des\na\u00e9ronefs (4 pages) Page 3\n30-2025-07-01-00002 - arr\u00eat\u00e9 n\u00b030-2025-07-182-001 autorisant la\ncaptation, l'enregistrement et la transmission d'images au moyen de\ncam\u00e9ras install\u00e9es sur des a\u00e9ronefs (4 pages) Page 8\nPrefecture du Gard / SAPSI\n30-2025-07-01-00004 - Arr\u00eat\u00e9 N\u00b030-2025-07-01-00004 portant\ninterdiction des rassemblements festifs \u00e0 caract\u00e8re musical et\ninterdiction de circulation des poids lourds transportant du mat\u00e9riel de\nsons \u00e0 destination d'un rassemblement festif \u00e0 caract\u00e8re musical\nnon autoris\u00e9 dans le d\u00e9partement du Gard du vendredi 04 au lundi 07\njuillet 2025 (4 pages) Page 13\n2\nPrefecture du Gard\n30-2025-07-01-00003\narr\u00eat\u00e9 autorisant la captation, l'enregistrement\net la transmission d'images au moyen de\ncam\u00e9ras install\u00e9es sur des a\u00e9ronefs\nPrefecture du Gard - 30-2025-07-01-00003 - arr\u00eat\u00e9 autorisant la captation, l'enregistrement et la transmission d'images au moyen de\ncam\u00e9ras install\u00e9es sur des a\u00e9ronefs 3\nPrefecture du Gard - 30-2025-07-01-00003 - arr\u00eat\u00e9 autorisant la captation, l'enregistrement et la transmission d'images au moyen de\ncam\u00e9ras install\u00e9es sur des a\u00e9ronefs 4\nPrefecture du Gard - 30-2025-07-01-00003 - arr\u00eat\u00e9 autorisant la captation, l'enregistrement et la transmission d'images au moyen de\ncam\u00e9ras install\u00e9es sur des a\u00e9ronefs 5\nPrefecture du Gard - 30-2025-07-01-00003 - arr\u00eat\u00e9 autorisant la captation, l'enregistrement et la transmission d'images au moyen de\ncam\u00e9ras install\u00e9es sur des a\u00e9ronefs 6\nPrefecture du Gard - 30-2025-07-01-00003 - arr\u00eat\u00e9 autorisant la captation, l'enregistrement et la transmission d'images au moyen de\ncam\u00e9ras install\u00e9es sur des a\u00e9ronefs 7\nPrefecture du Gard\n30-2025-07-01-00002\narr\u00eat\u00e9 n\u00b030-2025-07-182-001 autorisant la\ncaptation, l'enregistrement et la transmission\nd'images au moyen de cam\u00e9ras install\u00e9es sur des\na\u00e9ronefs\nPrefecture du Gard - 30-2025-07-01-00002 - arr\u00eat\u00e9 n\u00b030-2025-07-182-001 autorisant la captation, l'enregistrement et la transmission\nd'images au moyen de cam\u00e9ras install\u00e9es sur des a\u00e9ronefs 8\nPrefecture du Gard - 30-2025-07-01-00002 - arr\u00eat\u00e9 n\u00b030-2025-07-182-001 autorisant la captation, l'enregistrement et la transmission\nd'images au moyen de cam\u00e9ras install\u00e9es sur des a\u00e9ronefs 9\nPrefecture du Gard - 30-2025-07-01-00002 - arr\u00eat\u00e9 n\u00b030-2025-07-182-001 autorisant la captation, l'enregistrement et la transmission\nd'images au moyen de cam\u00e9ras install\u00e9es sur des a\u00e9ronefs 10\nPrefecture du Gard - 30-2025-07-01-00002 - arr\u00eat\u00e9 n\u00b030-2025-07-182-001 autorisant la captation, l'enregistrement et la transmission\nd'images au moyen de cam\u00e9ras install\u00e9es sur des a\u00e9ronefs 11\nPrefecture du Gard - 30-2025-07-01-00002 - arr\u00eat\u00e9 n\u00b030-2025-07-182-001 autorisant la captation, l'enregistrement et la transmission\nd'images au moyen de cam\u00e9ras install\u00e9es sur des a\u00e9ronefs 12\nPrefecture du Gard\n30-2025-07-01-00004\nArr\u00eat\u00e9 N\u00b030-2025-07-01-00004 portant\ninterdiction des rassemblements festifs \u00e0\ncaract\u00e8re musical et interdiction de circulation\ndes poids lourds transportant du mat\u00e9riel de\nsons \u00e0 destination d'un rassemblement festif \u00e0\ncaract\u00e8re musical non autoris\u00e9 dans le\nd\u00e9partement du Gard du vendredi 04 au lundi\n07 juillet 2025\nPrefecture du Gard - 30-2025-07-01-00004 - Arr\u00eat\u00e9 N\u00b030-2025-07-01-00004 portant interdiction des rassemblements festifs \u00e0 caract\u00e8re\nmusical et interdiction de circulation des poids lourds transportant du mat\u00e9riel de sons \u00e0 destination d'un rassemblement festif \u00e0\ncaract\u00e8re musical non autoris\u00e9 dans le d\u00e9partement du Gard du vendredi 04 au lundi 07 juillet 2025\n13\nPrefecture du Gard - 30-2025-07-01-00004 - Arr\u00eat\u00e9 N\u00b030-2025-07-01-00004 portant interdiction des rassemblements festifs \u00e0 caract\u00e8re\nmusical et interdiction de circulation des poids lourds transportant du mat\u00e9riel de sons \u00e0 destination d'un rassemblement festif \u00e0\ncaract\u00e8re musical non autoris\u00e9 dans le d\u00e9partement du Gard du vendredi 04 au lundi 07 juillet 2025\n14\nPrefecture du Gard - 30-2025-07-01-00004 - Arr\u00eat\u00e9 N\u00b030-2025-07-01-00004 portant interdiction des rassemblements festifs \u00e0 caract\u00e8re\nmusical et interdiction de circulation des poids lourds transportant du mat\u00e9riel de sons \u00e0 destination d'un rassemblement festif \u00e0\ncaract\u00e8re musical non autoris\u00e9 dans le d\u00e9partement du Gard du vendredi 04 au lundi 07 juillet 2025\n15\nPrefecture du Gard - 30-2025-07-01-00004 - Arr\u00eat\u00e9 N\u00b030-2025-07-01-00004 portant interdiction des rassemblements festifs \u00e0 caract\u00e8re\nmusical et interdiction de circulation des poids lourds transportant du mat\u00e9riel de sons \u00e0 destination d'un rassemblement festif \u00e0\ncaract\u00e8re musical non autoris\u00e9 dans le d\u00e9partement du Gard du vendredi 04 au lundi 07 juillet 2025\n16\nPrefecture du Gard - 30-2025-07-01-00004 - Arr\u00eat\u00e9 N\u00b030-2025-07-01-00004 portant interdiction des rassemblements festifs \u00e0 caract\u00e8re\nmusical et interdiction de circulation des poids lourds transportant du mat\u00e9riel de sons \u00e0 destination d'un rassemblement festif \u00e0\ncaract\u00e8re musical non autoris\u00e9 dans le d\u00e9partement du Gard du vendredi 04 au lundi 07 juillet 2025\n17","date":"2025-07-01","first_seen_on":"2025-07-01T14:11:42+00:00","id":"8fafe55bea1aae1e950c6cacfac961cfe5a60da68822a5ce976571b1d4beb9c4","name":"recueil-30-2025-115-special du 01 07 2025.","pdf_creation_date":"2025-07-01T13:59:32+00:00","pdf_modification_date":null,"timezone":"Europe/Paris","url":"https://www.gard.gouv.fr/contenu/telechargement/64062/473299/file/recueil-30-2025-115-special%20du%2001%2007%202025.pdf"}
