{"administration":"pref30","administration_name":"Pr\u00e9fecture du Gard","content":"PR\u00c9FET\nDU GARD\nRECUEIL DES ACTES\nADMINISTRATIFS SP\u00c9CIAL\nN\u00b030-2024-030\nPUBLI\u00c9 LE 15 F\u00c9VRIER 2024\nSommaire\nPrefecture du Gard /\n30-2024-02-15-00003 - Arr\u00eat\u00e9 donnant d\u00e9l\u00e9gation de signature \u00e0 M.\nGr\u00e9goire PIERRE-DESSAUX, sous-pr\u00e9fet, directeur de cabinet du pr\u00e9fet du\nGard, relative aux dispositions de l'article L. 325-1-2 du code de la route (3\npages) Page 3\n30-2024-02-15-00001 - Arr\u00eat\u00e9 donnant d\u00e9l\u00e9gation de signature \u00e0 M.\nJean-Philippe NAHON, directeur interd\u00e9partemental de la police nationale\n\u00e0 N\u00eemes (3 pages) Page 7\n30-2024-02-15-00002 - Arr\u00eat\u00e9 donnant d\u00e9l\u00e9gation de signature \u00e0 M.\nJean-Philippe NAHON, directeur interd\u00e9partemental de la police nationale\n\u00e0 N\u00eemes (30) pour la signature des conventions entre l'Etat et les\nb\u00e9n\u00e9ficiaires de prestations de service d'ordre. (3 pages) Page 11\n2\nPrefecture du Gard\n30-2024-02-15-00003\nArr\u00eat\u00e9 donnant d\u00e9l\u00e9gation de signature \u00e0 M.\nGr\u00e9goire PIERRE-DESSAUX, sous-pr\u00e9fet, directeur\nde cabinet du pr\u00e9fet du Gard, relative aux\ndispositions de l'article L. 325-1-2 du code de la\nroute\nPrefecture du Gard - 30-2024-02-15-00003 - Arr\u00eat\u00e9 donnant d\u00e9l\u00e9gation de signature \u00e0 M. Gr\u00e9goire PIERRE-DESSAUX, sous-pr\u00e9fet,\ndirecteur de cabinet du pr\u00e9fet du Gard, relative aux dispositions de l'article L. 325-1-2 du code de la route 3\nPREFETDU GARDL'z'berte'\u00c9galit\u00e9Fraternit\u00e9\nPr\u00e9fecture du Gard-Direction de la citoyennet\u00e9, \nde la l\u00e9galit\u00e9 et de la coordination\nService de la coordination des politiques\n publiques et de l'appui territorial\nArr\u00eat\u00e9\ndonnant d\u00e9l\u00e9gation de signature \u00e0 M. Gr\u00e9goire PIERRE-DESSAUX, , \nsous-pr\u00e9fet, directeur de cabinet du pr\u00e9fet du Gard,\nrelative aux dispositions de l'article L. 325-1-2 du code de la route\nLa pr\u00e9f\u00e8te du Gard\nChevalier de la L\u00e9gion d'Honneur,\nChevalier de l'Ordre National du M\u00e9rite \nVu le code de la d\u00e9fense,\nVu le code de la route et notamment son article L.325-1-2,\nVu le code de la s\u00e9curit\u00e9 int\u00e9rieure ;\nVu la  loi  n\u00b0  82-213  du  2  mars  1982  relative  aux  droits  et  libert\u00e9s  des  communes,  des\nd\u00e9partements et des r\u00e9gions, notamment son article 34 ;\nVu la loi du 9 juillet 1966 portant organisation de la police nationale ;\nVu la loi n\u00b0 2009-971 du 3 ao\u00fbt 2009 relative \u00e0 la gendarmerie nationale ; \nVu la loi n\u00b02011-267 du 14 mars 2011 d'orientation et de programmation pour la performance\nde la s\u00e9curit\u00e9 int\u00e9rieure et notamment son article 84 ;\nVu la loi n\u00b02016-1547 du 18 novembre 2016 de modernisation de la justice du XXI\u00e8 si\u00e8cle  ;\nVu le d\u00e9cret n\u00b0 97-34 du 15 janvier 1997 modifi\u00e9 relatif \u00e0 la d\u00e9concentration des d\u00e9cisions\nadministratives individuelles ;\nVu  le  d\u00e9cret  n\u00b0  2004-374  du  29  avril  2004  modifi\u00e9  relatif  aux  pouvoirs  des  pr\u00e9fets,  \u00e0\nl'organisation et \u00e0 l'action des services de l'Etat dans les r\u00e9gions et d\u00e9partements  ;\nVu le d\u00e9cret n\u00b0 2008-158 du 22 f\u00e9vrier  2008 relatif \u00e0 la suppl\u00e9ance des pr\u00e9fets de r\u00e9gion et \u00e0\nla  d\u00e9l\u00e9gation  de  signature  des  pr\u00e9fets  et  des  hauts  commissaires  de  la  R\u00e9publique  en\nPolyn\u00e9sie fran\u00e7aise et en Nouvelle-Cal\u00e9donie ;\nVu le d\u00e9cret n\u00b0 2008-633 du 27 juin 2008 relatif \u00e0 l'organisation d\u00e9concentr\u00e9e de la direction\ncentrale de la s\u00e9curit\u00e9 publique ;\nVu le d\u00e9cret n\u00b0 2009-176 du 16 f\u00e9vrier 2009 modifiant le d\u00e9cret n\u00b0 64-805 du 29 juillet 1964\nfixant les dispositions r\u00e9glementaires applicables aux pr\u00e9fets et le d\u00e9cret n\u00b0 2004-374 du 29\navril 2004 relatif aux pouvoirs des pr\u00e9fets, \u00e0 l'organisation et \u00e0 l'action des services de l'Etat\ndans les r\u00e9gions et d\u00e9partements ;\nVu  le d\u00e9cret n\u00b02012-732 du 9 mai 2012 portant diverses dispositions relatives \u00e0 la s\u00e9curit\u00e9\npublique ;\nVu le d\u00e9cret n\u00b0 2015-510 du 7 mai 2015 portant charte de d\u00e9concentration  ;  \nVu le d\u00e9cret du 13 juillet 2023 nommant M. J\u00e9r\u00f4me BONET, pr\u00e9fet du Gard ;\nPrefecture du Gard - 30-2024-02-15-00003 - Arr\u00eat\u00e9 donnant d\u00e9l\u00e9gation de signature \u00e0 M. Gr\u00e9goire PIERRE-DESSAUX, sous-pr\u00e9fet,\ndirecteur de cabinet du pr\u00e9fet du Gard, relative aux dispositions de l'article L. 325-1-2 du code de la route 4\nVu le  d\u00e9cret  du  21  juin  2022,  nommant  M.  Gr\u00e9goire  PIERRE-DESSAUX, conseiller\nd'administration de l'int\u00e9rieur et de l'outre-mer d\u00e9tach\u00e9 en qualit\u00e9 de sous-pr\u00e9fet, directeur\nde cabinet de la pr\u00e9f\u00e8te du Gard ; \nVu le d\u00e9cret du ministre de l'int\u00e9rieur du 19 juillet 2021, nommant M. le g\u00e9n\u00e9ral de brigade\nEric CHUBERRE , commandant du groupement de gendarmerie d\u00e9partementale du Gard \u00e0\ncompter du 1er ao\u00fbt 2021 \nVu l'arr\u00eat\u00e9 du ministre de l'int\u00e9rieur de l'outre-mer et des collectivit\u00e9s territoriales du 14 avril\n2022  nommant  M.  Emmanuel  DESJARS  de  KERANROUE,  commissaire  g\u00e9n\u00e9ral  de  police,\ndirecteur d\u00e9partemental et commissaire central \u00e0 Avignon (84), \u00e0 compter du 2 mai 2022 ; \nVu l'arr\u00eat\u00e9 du ministre de l'int\u00e9rieur du 2 f\u00e9vrier 2023  nommant M. C\u00e9dric ESSON, inspecteur\ng\u00e9n\u00e9ral des services actifs de la police nationale, directeur zonal de la s\u00e9curit\u00e9   publique Sud\n\u00e0 Marseille (13) \u00e0 compter du 6 mars 2023 ;\nVu l'arr\u00eat\u00e9 du ministre de l'int\u00e9rieur du 21 d\u00e9cembre 2023 nommant M. Jean-Philippe \nNAHON, contr\u00f4leur g\u00e9n\u00e9ral des services actifs de la police nationale, directeur interd\u00e9parte -\nmental de la police nationale \u00e0 N\u00eemes \u00e0 compter du 1er janvier 2024 ;\nSur proposition du secr\u00e9taire g\u00e9n\u00e9ral de la pr\u00e9fecture du Gard  ;\nArr\u00eate :\nArticle     1   :  D\u00e9l\u00e9gation de signature est donn\u00e9e \u00e0  M. Gr\u00e9goire PIERRE-DESSAUX,  conseiller\nd'administration de l'int\u00e9rieur et de l'int\u00e9rieur d\u00e9tach\u00e9 en qualit\u00e9 de sous-pr\u00e9fet , directeur\nde cabinet du pr\u00e9fet du Gard, \u00e0 l'effet de signer :\n- les arr\u00eat\u00e9s d'immobilisation et/ou de mise en fourri\u00e8re \u00e0 titre provisoire des v\u00e9hicules  en ap-\nplication des dispositions de l'article L. 325-1-2 du code de la route et de l'article 34 de la loi\nn\u00b02016-1547 du 18 novembre 2016 de modernisation de la justice du XXI\u00e8 si\u00e8cle. \n- les autorisations d\u00e9finitives de sortie d'un v\u00e9hicule mis en fourri\u00e8re sur d\u00e9cision du pr\u00e9fet.\nArticle     2   :  En cas d'absence ou d'emp\u00eachement de M. Gr\u00e9goire PIERRE-DESSAUX , directeur\nde cabinet du pr\u00e9fet du Gard, la d\u00e9l\u00e9gation de signature qui lui est conf\u00e9r\u00e9e par l'article 1 du\npr\u00e9sent arr\u00eat\u00e9 est donn\u00e9e \u00e0  M. Jean-Philippe NAHON , directeur interd\u00e9partemental de la\npolice nationale \u00e0 N\u00eemes, sur sa zone territoriale de comp\u00e9tence.\nArticle  3 :  En  cas  d'absence  ou  d'emp\u00eachement de M.  Jean-Philippe  NAHON,  directeur\ninterd\u00e9partemental  de  la  police  nationale  \u00e0  N\u00eemes,  celui-ci  peut  sous  sa  responsabilit\u00e9,\nsubd\u00e9l\u00e9guer sa signature \u00e0 ses collaborateurs, \u00e0 l'effet de signer les d\u00e9cisions pour lesquelles\nil re\u00e7oit la d\u00e9l\u00e9gation consentie \u00e0 l'article 2.\nIl d\u00e9finira, \u00e0 cet effet, par arr\u00eat\u00e9, pris en son nom, la liste de ses collaborateurs habilit\u00e9s \u00e0\nsigner les actes, \u00e0 sa place.\nCette d\u00e9cision sera publi\u00e9e au recueil des actes administratifs de la pr\u00e9fecture et visera le\npr\u00e9sent arr\u00eat\u00e9.\nArticle     4   :  En cas d'absence ou d'emp\u00eachement de M. Gr\u00e9goire PIERRE-DESSAUX , directeur\nde cabinet du pr\u00e9fet du Gard, la d\u00e9l\u00e9gation de signature qui lui est conf\u00e9r\u00e9e par l'article 1 du\npr\u00e9sent  arr\u00eat\u00e9  est  donn\u00e9e  \u00e0  M.  Emmanuel  DESJARS  de  KERANROUE , directeur\nd\u00e9partemental de la s\u00e9curit\u00e9 publique du Vaucluse (84) et commissaire central \u00e0 Avignon,\npour sa zone territoriale de comp\u00e9tence situ\u00e9e dans le Gard.\nArticle 5 : En cas d'absence ou d'emp\u00eachement  de M. Emmanuel DESJARS de KERANROUE\ndirecteur  d\u00e9partemental  de  la  s\u00e9curit\u00e9  publique  du  Vaucluse  (84),  celui-ci  peut  sous  sa\nresponsabilit\u00e9, subd\u00e9l\u00e9guer sa signature \u00e0 ses collaborateurs, \u00e0 l'effet de signer les d\u00e9cisions\npour lesquelles il re\u00e7oit la d\u00e9l\u00e9gation consentie \u00e0 l'article 4.\nPrefecture du Gard - 30-2024-02-15-00003 - Arr\u00eat\u00e9 donnant d\u00e9l\u00e9gation de signature \u00e0 M. Gr\u00e9goire PIERRE-DESSAUX, sous-pr\u00e9fet,\ndirecteur de cabinet du pr\u00e9fet du Gard, relative aux dispositions de l'article L. 325-1-2 du code de la route 5\nIl d\u00e9finira, \u00e0 cet effet, par arr\u00eat\u00e9, pris en mon nom, la liste de ses collaborateurs habilit\u00e9s \u00e0\nsigner les actes, \u00e0 sa place.Cette d\u00e9cision sera publi\u00e9e au recueil des actes administratifs de\nla pr\u00e9fecture du Gard et visera le pr\u00e9sent arr\u00eat\u00e9.\nArticle     6   :  En cas d'absence ou d'emp\u00eachement de M. Gr\u00e9goire PIERRE-DESSAUX , directeur\nde cabinet du pr\u00e9fet du Gard, la d\u00e9l\u00e9gation de signature qui lui est conf\u00e9r\u00e9e par l'article 1 du\npr\u00e9sent arr\u00eat\u00e9 est donn\u00e9e \u00e0 M.C\u00e9dric ESSON, directeur zonal de la s\u00e9curit\u00e9   publique Sud \u00e0\nMarseille (13), pour sa zone territoriale de comp\u00e9tence situ\u00e9e dans le Gard.\nArticle 7 : En cas d'absence ou d'emp\u00eacheme nt de M. C\u00e9dric ESSON , directeur zonal de la\ns\u00e9curit\u00e9  publique Sud \u00e0 Marseille (13) , celui-ci peut s ous sa responsabilit\u00e9, subd\u00e9l\u00e9guer sa\nsignature \u00e0 ses collaborateurs, \u00e0 l'effet de signer les d\u00e9cisions pour lesquelles il re\u00e7oit la\nd\u00e9l\u00e9gation consentie \u00e0 l'article 6.\nIl d\u00e9finira, \u00e0 cet effet, par arr\u00eat\u00e9, pris en son nom, la liste de ses collaborateurs habilit\u00e9s \u00e0\nsigner les actes, \u00e0 sa place. Cette d\u00e9cision sera publi\u00e9e au recueil des actes administratifs de\nla pr\u00e9fecture du Gard et visera le pr\u00e9sent arr\u00eat\u00e9.\nArticle 8     :   En cas d'absence ou d'emp\u00eachement de M. Gr\u00e9goire PIERRE-DESSAUX , directeur\nde cabinet du pr\u00e9fet du Gard, la d\u00e9l\u00e9gation de signature qui lui est conf\u00e9r\u00e9e par l'article 1 est\ndonn\u00e9e \u00e0  M. le g\u00e9n\u00e9ral de brigade Eric CHUBERRE , commandant le groupement de gen -\ndarmerie d\u00e9partementale du Gard, sur sa zone territoriale de comp\u00e9tence.\nArticle   9     :    En cas d'absence ou d'emp\u00eachement  de le g\u00e9n\u00e9ral de brigade Eric CHUBERRE ,\ncommandant le groupement de gendarmerie d\u00e9partementale du Gard , celui-ci peut sous sa\nresponsabilit\u00e9, subd\u00e9l\u00e9guer sa signature \u00e0 ses collaborateurs, \u00e0 l'effet de signer les d\u00e9cisions\npour lesquelles il re\u00e7oit la d\u00e9l\u00e9gation consentie \u00e0 l'article 8.\nIl d\u00e9finira, \u00e0 cet effet, par arr\u00eat\u00e9, pris en son nom, la liste de ses collaborateurs habilit\u00e9s \u00e0\nsigner les actes, \u00e0 sa place.\nCette d\u00e9cision sera publi\u00e9e au recueil des actes administratifs de la pr\u00e9fecture et visera le\npr\u00e9sent arr\u00eat\u00e9.\nArticle 10  :  La signature des d\u00e9l\u00e9gataires et subd\u00e9l\u00e9gataires et leur qualit\u00e9 devront \u00eatre\npr\u00e9c\u00e9d\u00e9es de la mention suivante : \u00ab pour le pr\u00e9fet et par d\u00e9l\u00e9gation \u00bb.\nArticle 11 : Toutes dispositions ant\u00e9rieures concernant une d\u00e9l\u00e9gation de signature  relative\naux dispositions de l'article L. 325-1-2 du code de la route sont abrog\u00e9es.\nArticle 12     :  Le pr\u00e9sent arr\u00eat\u00e9 prend effet d\u00e8s sa publication.\nArticle     13    : Le secr\u00e9taire g\u00e9n\u00e9ral de la pr\u00e9fecture, le directeur de cabinet  du pr\u00e9fet  , le\ndirecteur interd\u00e9partemental de la police nationale \u00e0 Nimes, le directeur d\u00e9partemental de\nla s\u00e9curit\u00e9 publique du Vaucluse, le directeur zonal de la s\u00e9curit\u00e9   publique Sud \u00e0 Marseille\net le commandant du groupement de gendarmerie  d\u00e9partementale du Gard sont charg\u00e9s,\nchacun en ce qui les concerne, de l'ex\u00e9cution du pr\u00e9sent arr\u00eat\u00e9, qui sera publi\u00e9 au recueil\ndes actes administratifs de la pr\u00e9fecture du Gard.\nN\u00eemes, le 15 f\u00e9vrier 2024\n        Le pr\u00e9fet,\nsign\u00e9\nJ\u00e9r\u00f4me BONET\nPrefecture du Gard - 30-2024-02-15-00003 - Arr\u00eat\u00e9 donnant d\u00e9l\u00e9gation de signature \u00e0 M. Gr\u00e9goire PIERRE-DESSAUX, sous-pr\u00e9fet,\ndirecteur de cabinet du pr\u00e9fet du Gard, relative aux dispositions de l'article L. 325-1-2 du code de la route 6\nPrefecture du Gard\n30-2024-02-15-00001\nArr\u00eat\u00e9 donnant d\u00e9l\u00e9gation de signature \u00e0 M.\nJean-Philippe NAHON, directeur\ninterd\u00e9partemental de la police nationale \u00e0\nN\u00eemes\nPrefecture du Gard - 30-2024-02-15-00001 - Arr\u00eat\u00e9 donnant d\u00e9l\u00e9gation de signature \u00e0 M. Jean-Philippe NAHON, directeur\ninterd\u00e9partemental de la police nationale \u00e0 N\u00eemes 7\nPREFETDU GARDLibert\u00e9\u00c9galit\u00e9Fraternit\u00e9\nDirection Interd\u00e9partementale \nde la Police Nationale \u00e0 N\u00eemes\nArr\u00eat\u00e9\ndonnant d\u00e9l\u00e9gation de signature \u00e0 M. Jean-Philippe NAHON,\ndirecteur interd\u00e9partemental de la police nationale \u00e0 N\u00eemes (30)\nLe pr\u00e9fet du Gard\nChevalier de la L\u00e9gion d'honneur,\nChevalier de l'ordre national du M\u00e9rite \nVu le code de la s\u00e9curit\u00e9 int\u00e9rieure ;\nVu la loi organique n\u00b0 2001-692 du 1er ao\u00fbt 2001 modifi\u00e9e relative aux lois de finances ;\nVu la loi du 9 juillet 1966 portant organisation de la police nationale  ;\nVu la loi n\u00b0 82-213 du 2 mars 1982 modifi\u00e9e relative aux droits et libert\u00e9s des communes, des\nd\u00e9partements et des r\u00e9gions ;\nVu le d\u00e9cret n\u00b0 95-1197 du 6 novembre 1995 portant d\u00e9concentration en mati\u00e8re de gestion\ndes personnels de la police nationale modifi\u00e9 par le d\u00e9cret n\u00b096-1141 du 24 d\u00e9cembre 1996\net par le d\u00e9cret n\u00b02005-1723 du 30 d\u00e9cembre 2005 ;\nVu le d\u00e9cret n\u00b0 2004-374 du 29 avril 2004 modifi\u00e9 relatif aux pouvoirs des pr\u00e9fets, \u00e0 l'organi -\nsation et \u00e0 l'action des services de l'\u00c9tat dans les r\u00e9gions et d\u00e9partements  ;\nVu le d\u00e9cret n\u00b02006-1780 du 23 d\u00e9cembre 2006 portant d\u00e9l\u00e9gation de pouvoir en mati\u00e8re de\nrecrutement et de gestion de certains personnels relevant du minist\u00e8re de l'int\u00e9rieur  ;\nVu le d\u00e9cret n\u00b0 2008-158 du 22 f\u00e9vrier  2008 relatif \u00e0 la suppl\u00e9ance des pr\u00e9fets de r\u00e9gion et \u00e0\nla  d\u00e9l\u00e9gation  de  signature  des  pr\u00e9fets  et  des  hauts  commissaires  de  la  R\u00e9publique  en\nPolyn\u00e9sie fran\u00e7aise et en Nouvelle-Cal\u00e9donie ;\nVu le d\u00e9cret n\u00b0 2008-633 du 27 juin 2008 relatif \u00e0 l'organisation d\u00e9concentr\u00e9e de la direction\ncentrale de la s\u00e9curit\u00e9 publique ;\nVu le d\u00e9cret n\u00b0 2009-176 du 16 f\u00e9vrier 2009 modifiant le d\u00e9cret n\u00b0 64-805 du 29 juillet 1964\nfixant les dispositions r\u00e9glementaires applicables aux pr\u00e9fets et le d\u00e9cret n\u00b0 2004-374 du 29\navril 2004 relatif aux pouvoirs des pr\u00e9fets, \u00e0 l'organisation et \u00e0 l'action des services de l'\u00c9tat\ndans les r\u00e9gions et d\u00e9partements ;\nVu le d\u00e9cret n\u00b02009-1725 du 30 d\u00e9cembre 2009 modifiant certaines dispositions relatives\naux d\u00e9l\u00e9gations de pouvoir en mati\u00e8re de recrutement et de gestion de certains personnels\nrelevant du minist\u00e8re de l'int\u00e9rieur ;\nVu le d\u00e9cret n\u00b0 2012-1246 du 7 novembre 2012 relatif \u00e0 la gestion budg\u00e9taire et comptable\npublique;\nVu le d\u00e9cret n\u00b0 2014-296 du 6 mars 2014 relatif aux secr\u00e9tariats g\u00e9n\u00e9raux pour l'administra -\ntion du minist\u00e8re de l'int\u00e9rieur et modifiant diverses dispositions du code de la d\u00e9fense et du\ncode de la s\u00e9curit\u00e9 int\u00e9rieure ;\nPrefecture du Gard - 30-2024-02-15-00001 - Arr\u00eat\u00e9 donnant d\u00e9l\u00e9gation de signature \u00e0 M. Jean-Philippe NAHON, directeur\ninterd\u00e9partemental de la police nationale \u00e0 N\u00eemes 8\nVu le d\u00e9cret n\u00b0 2015-76 du 27 janvier 2015 modifiant diverses dispositions relatives aux secr\u00e9 -\ntariats g\u00e9n\u00e9raux pour l'administration du minist\u00e8re de l'int\u00e9rieur  ;\nVu le d\u00e9cret n\u00b0 2015-510 du 7 mai 2015 portant charte de la d\u00e9concentration ;\nVu le d\u00e9cret n\u00b0 2016-360 du 25 mars 2016 relatif aux march\u00e9s publics  ;\nVu le d\u00e9cret du 13 juillet 2023 nommant M. J\u00e9r\u00f4me BONET, pr\u00e9fet du Gard ;\nVu le  d\u00e9cret n\u00b02023-1108 du 29 novembre 2023 portant cr\u00e9ation des services d\u00e9concentr\u00e9s\nde la police nationale ;\nVu l'arr\u00eat\u00e9 interminist\u00e9riel du 8 d\u00e9cembre 1993 modifi\u00e9 portant r\u00e8glement de comptabilit\u00e9\npour la d\u00e9signation des ordonnateurs secondaires et de leurs d\u00e9l\u00e9gu\u00e9s  ;\nVu l'arr\u00eat\u00e9 du Ministre de l'Int\u00e9rieur et des Outre-mer du 21 d\u00e9cembre 20236 nommant M.\nJean-  Philippe  NAHON,  contr\u00f4leur g\u00e9n\u00e9ral  des  services  actifs  de  la  police  nationale,\ndirecteur interd\u00e9partemental de la police nationale \u00e0 N\u00eemes (30), \u00e0 compter du 1er janvier\n2024 ;\nSur proposition du secr\u00e9taire g\u00e9n\u00e9ral de la pr\u00e9fecture du Gard ;\nArr\u00eate :\nArticle     1   : D\u00e9l\u00e9gation de signature est donn\u00e9e \u00e0 M. Jean-Philippe NAHON, contr\u00f4leur g\u00e9n\u00e9ral\ndes services actifs de la police nationale, directeur interd\u00e9partemental de la police nationale\n\u00e0 N\u00eemes pour prendre et signer les d\u00e9cisions pronon\u00e7ant les sanctions de l'avertissement et\ndu bl\u00e2me \u00e0 l'encontre des fonctionnaires de la police nationale appartenant au corps d'en -\ncadrement et d'application plac\u00e9s sous son autorit\u00e9.\nArticle  2 : D\u00e9l\u00e9gation  de  signature  est  donn\u00e9e  \u00e0  M.  Jean-Philippe  NAHON,  d irecteur\ninterd\u00e9partemental de la police nationale \u00e0 Nimes,  pour l'engagement, l'ordre \u00e0 payer au\ncomptable  et  la  liquidation  des  d\u00e9penses  du  budget  de  l'Etat  au  titre  du  budget\nop\u00e9rationnel de programme (BOP) zonal 7 \u00ab  police nationale \u00bb, relatives \u00e0 l'activit\u00e9 de l'unit\u00e9\nop\u00e9rationnelle de la direction d\u00e9partementale de la s\u00e9curit\u00e9 publique du Gard.\nArticle 3  :  M. Jean-Philippe NAHON , directeur interd\u00e9partemental de la police nationale \u00e0\nN\u00eemes, adresse au pr\u00e9fet un compte rendu trimestriel d'utilisation des cr\u00e9dits dans le cadre\nde l'exercice budg\u00e9taire en cours.\nArticle 4 : Sont exclues de la pr\u00e9sente d\u00e9l\u00e9gation, toutes correspondances destin\u00e9es aux ad -\nministrations centrales, aux parlementaires et au pr\u00e9sident  du  conseil d\u00e9partemental du\nGard lorsqu'elles n'ont pas le caract\u00e8re de correspondances relatives \u00e0 la gestion courante\nou au fonctionnement du service.\nArticle 5  :  M. Jean-Philippe NAHON,  directeur interd\u00e9partemental de la police nationale \u00e0\nN\u00eemes, peut sous sa responsabilit\u00e9, subd\u00e9l\u00e9guer sa signature \u00e0 ses collaborateurs, \u00e0 l'effet de\nsigner toutes les d\u00e9cisions relatives aux affaires pour lesquelles il re\u00e7oit la pr\u00e9sente d\u00e9l\u00e9ga -\ntion.\nIl d\u00e9finira \u00e0 cet effet, par arr\u00eat\u00e9 pris en mon nom, la liste de ses collaborateurs habilit\u00e9s \u00e0\nsigner les actes \u00e0 sa place.\nPrefecture du Gard - 30-2024-02-15-00001 - Arr\u00eat\u00e9 donnant d\u00e9l\u00e9gation de signature \u00e0 M. Jean-Philippe NAHON, directeur\ninterd\u00e9partemental de la police nationale \u00e0 N\u00eemes 9\nCette d\u00e9cision sera publi\u00e9e au recueil des actes administratifs de la pr\u00e9fecture et visera le\npr\u00e9sent arr\u00eat\u00e9.\nArticle 6    :   La signature du d\u00e9l\u00e9gataire et sa qualit\u00e9 devront \u00eatre pr\u00e9c\u00e9d\u00e9es de la mention\nsuivante : \u00ab pour le pr\u00e9fet et par d\u00e9l\u00e9gation \u00bb.\nArticle 7 : L'arr\u00eat\u00e9 n\u00b0 30-2023-09-13-00003 du 13 septembre 2023 donnant d\u00e9l\u00e9gation de si -\ngnature \u00e0 M. Jean-Philippe NAHON, pr\u00e9figurateur directeur d\u00e9partemental de la s\u00e9curit\u00e9 pu -\nblique, directeur d\u00e9partemental de la s\u00e9curit\u00e9 publique \u00e0 N\u00eemes (30) est abrog\u00e9.\nArticle 8 : Le pr\u00e9sent arr\u00eat\u00e9 prend effet \u00e0 sa date de publication.\nArticle   9     : Le secr\u00e9taire g\u00e9n\u00e9ral de la pr\u00e9fecture  du Gard et le directeur interd\u00e9partemental\nde la police nationale \u00e0 N\u00eemes,  sont charg\u00e9s, chacun en ce qui le concerne, de l 'ex\u00e9cution du\npr\u00e9sent arr\u00eat\u00e9, qui sera publi\u00e9 au recueil des actes administratifs de la pr\u00e9fecture.\nN\u00eemes, le 15 f\u00e9vrier 2024\nLe pr\u00e9fet,\n \n    sign\u00e9\n  J\u00e9r\u00f4me BONET\nPrefecture du Gard - 30-2024-02-15-00001 - Arr\u00eat\u00e9 donnant d\u00e9l\u00e9gation de signature \u00e0 M. Jean-Philippe NAHON, directeur\ninterd\u00e9partemental de la police nationale \u00e0 N\u00eemes 10\nPrefecture du Gard\n30-2024-02-15-00002\nArr\u00eat\u00e9 donnant d\u00e9l\u00e9gation de signature \u00e0 M.\nJean-Philippe NAHON, directeur\ninterd\u00e9partemental de la police nationale \u00e0\nN\u00eemes (30) pour la signature des conventions\nentre l'Etat et les b\u00e9n\u00e9ficiaires de prestations de\nservice d'ordre.\nPrefecture du Gard - 30-2024-02-15-00002 - Arr\u00eat\u00e9 donnant d\u00e9l\u00e9gation de signature \u00e0 M. Jean-Philippe NAHON, directeur\ninterd\u00e9partemental de la police nationale \u00e0 N\u00eemes (30) pour la signature des conventions entre l'Etat et les b\u00e9n\u00e9ficiaires de\nprestations de service d'ordre.\n11\nPREFETDU GARDLibert\u00e9\u00c9galit\u00e9Fraternit\u00e9\nDirection Interd\u00e9partementale \nde la Police Nationale \u00e0 N\u00eemes\nArr\u00eat\u00e9\ndonnant d\u00e9l\u00e9gation de signature \u00e0 M. Jean-Philippe NAHON\ndirecteur interd\u00e9partemental de la police nationale \u00e0 N\u00eemes (30) pour la signature des\nconventions entre l'Etat et les b\u00e9n\u00e9ficiaires de prestations de service d'ordre\nLe pr\u00e9fet du Gard\nChevalier de la L\u00e9gion d'honneur,\nChevalier de l'ordre national du M\u00e9rite \nVu le Code de la Route, notamment son article R. 433-5 ;\nVu le Code de la S\u00e9curit\u00e9 Int\u00e9rieure ;\nVu la  loi  organique  n\u00b0  2001-692  du  1er ao\u00fbt  2001  modifi\u00e9e  relative  aux  lois  de  finances\nnotamment ses articles 4 et 17 ;\nVu la loi du 9 juillet 1966 portant organisation de la police nationale ;\nVu la loi n\u00b0 82-213 du 2 mars 1982 modifi\u00e9e relative aux droits et libert\u00e9s des communes, des\nd\u00e9partements et des r\u00e9gions ;\nVu la loi n\u00b0 95-73 du 21 janvier 1995 modifi\u00e9e d'orientation de programmation relative \u00e0 la s\u00e9 -\ncurit\u00e9, notamment son article 23 ;\nVu  le d\u00e9cret n\u00b0 97-199 du 5 mars 1997 modifi\u00e9 relatif au remboursement de certaines d\u00e9 -\npenses support\u00e9es par les forces de police et de gendarmerie ;\nVu le d\u00e9cret n\u00b0 2004-374 du 29 avril 2004 modifi\u00e9 relatif aux pouvoirs des Pr\u00e9fets, \u00e0 l'organi -\nsation et \u00e0 l'action des services de l'Etat dans les r\u00e9gions et d\u00e9partements ; \nVu le d\u00e9cret n\u00b0 2008-252 du 12 mars 2008 modifi\u00e9, relatif \u00e0 la r\u00e9mun\u00e9ration de certains \nservices rendus par le Minist\u00e8re de l'Int\u00e9rieur, de l'Outre-mer et des Collectivit\u00e9s \nTerritoriales ;\nVu le d\u00e9cret n\u00b0 2008-633 du 27 juin 2008 relatif \u00e0 l'organisation d\u00e9concentr\u00e9e de la direction\ncentrale de la S\u00e9curit\u00e9 Publique ;\nVu le d\u00e9cret n\u00b0 2010-1298 du 28 octobre 2010 portant attribution de produits au budget du\nMinist\u00e8re de l'Int\u00e9rieur de l'Outre-mer et des Collectivit\u00e9s Territoriales, en application du d\u00e9 -\ncret n\u00b0 97-199 du 5 mars 1997 modifi\u00e9 relatif au remboursement de certaines d\u00e9penses sup -\nport\u00e9es par les forces de Police et de Gendarmerie et du d\u00e9cret n \u00b0 2008-252 du 12 mars 2008\nmodifi\u00e9, relatif \u00e0 la r\u00e9mun\u00e9ration de certains services rendus par le Minist\u00e8re de  l'Int\u00e9rieur de\nl'Outre-mer et des Collectivit\u00e9s Territoriales ;\nVu le d\u00e9cret n\u00b0 2015-510 du 7 mai 2015 portant charte de la d\u00e9concentration ;\nVu le d\u00e9cret du 13 juillet 2023 nommant M. J\u00e9r\u00f4me BONET, pr\u00e9fet du Gard ;\nPrefecture du Gard - 30-2024-02-15-00002 - Arr\u00eat\u00e9 donnant d\u00e9l\u00e9gation de signature \u00e0 M. Jean-Philippe NAHON, directeur\ninterd\u00e9partemental de la police nationale \u00e0 N\u00eemes (30) pour la signature des conventions entre l'Etat et les b\u00e9n\u00e9ficiaires de\nprestations de service d'ordre.\n12\nVu le  d\u00e9cret n\u00b02023-1108 du 29 novembre 2023 portant cr\u00e9ation des services d\u00e9concentr\u00e9s\nde la police nationale ;\nVu l'arr\u00eat\u00e9 du Minist\u00e8re de l'Int\u00e9rieur, de l'Outre-mer et des Collectivit\u00e9s Territoriales  du 28\noctobre 2010 portant application de l'article 2 du d\u00e9cret n \u00b0 97-199 du 5 mars 1997 modifi\u00e9\nrelatif au remboursement de certaines d\u00e9penses support\u00e9es par les forces de police et de\ngendarmerie et de l'article 1 er du d\u00e9cret n\u00b0 2008-252 du 12 mars 2008 modifi\u00e9, relatif \u00e0 la\nr\u00e9mun\u00e9ration de certains services rendus par  le Minist\u00e8re de l'Int\u00e9rieur de l'Outre-mer et des\nCollectivit\u00e9s Territoriales ;\nVu l'arr\u00eat\u00e9 conjoint du Minist\u00e8re de l'Int\u00e9rieur, de l'Outre-mer et des Collectivit\u00e9s Territoriales\net du Minist\u00e8re du Budget, des Comptes Publics et de la R\u00e9forme de l'Etat du 28 octobre 2010\nfixant le montant des remboursements de certaines d\u00e9penses support\u00e9es par les forces de\npolice et gendarmerie ;\nVu l'arr\u00eat\u00e9 du Ministre de l'Int\u00e9rieur et des Outre-mer du 21 d\u00e9cembre 2023 nommant  M.\nJean-Philippe NAHON, contr\u00f4leur g\u00e9n\u00e9ral des services actifs de la police nationale,  directeur\ninterd\u00e9partemental de la police nationale \u00e0 N\u00eemes (30), \u00e0 compter du 1er janvier 2024 ;\nVu la circulaire du ministre de l'int\u00e9rieur du 8 avril 2022 relative \u00e0 l'indemnisation des services\nd'ordre ;\nSur proposition du Secr\u00e9taire G\u00e9n\u00e9ral de la Pr\u00e9fecture du Gard ;\nArr\u00eate :\nArticle 1 : Dans le cadre des prestations ne pouvant \u00eatre rattach\u00e9es aux obligations normales\nincombant \u00e0 la puissance publique en mati\u00e8re de s\u00e9curit\u00e9 et d'ordre publics, d\u00e9l\u00e9gation de\nsignature est donn\u00e9e \u00e0 M. Jean-Philippe NAHON , contr\u00f4leur g\u00e9n\u00e9ral des services actifs de la\npolice nationale, directeur interd\u00e9partemental de la police nationale \u00e0 N\u00eemes,  \u00e0 l'effet de\nsigner les conventions relatives \u00e0 l'ex\u00e9cution des prestations de services d'ordre au b\u00e9n\u00e9fice\nde tiers effectu\u00e9s par les forces de Police.\nCes prestations dont les co\u00fbts reviendront aux b\u00e9n\u00e9ficiaires de celles-ci peuvent prendre les \nformes suivantes :\n\uf0b7 l'affectation et la mise \u00e0 disposition d'agents,\n     - le d\u00e9placement, l'emploi et la mise \u00e0 disposition de v\u00e9hicules, de mat\u00e9riels ou\n       d'\u00e9quipements,\n\uf0b7 les prestations d'escortes. \nTous les cas li\u00e9s \u00e0 des situations autres que les championnats de football de Ligue 1 et Ligue 2 \ndevront recueillir au pr\u00e9alable l'avis du pr\u00e9fet du Gard.  \nArticle  2 :  En  cas  d'absence  ou  d'emp\u00eachement  de  M.  Jean-Philippe  NAHON,  directeur\ninterd\u00e9partemental de la police nationale \u00e0 N\u00eemes,  la d\u00e9l\u00e9gation de signature qui lui est\nconsentie par l'article 1 du pr\u00e9sent arr\u00eat\u00e9 est conf\u00e9r\u00e9e \u00e0  Mme Anne VALLA , commissaire\ndivisionnaire, directrice interd\u00e9partementale adjointe de la police nationale \u00e0 N\u00eemes, cheffe\nde la circonscription de la police nationale \u00e0 N\u00eemes.\nArticle  3 :  Une  copie  des  conventions  sign\u00e9es  au  titre  de  l'article  1  sera  adress\u00e9e  pour\ninformation au pr\u00e9fet.\nPrefecture du Gard - 30-2024-02-15-00002 - Arr\u00eat\u00e9 donnant d\u00e9l\u00e9gation de signature \u00e0 M. Jean-Philippe NAHON, directeur\ninterd\u00e9partemental de la police nationale \u00e0 N\u00eemes (30) pour la signature des conventions entre l'Etat et les b\u00e9n\u00e9ficiaires de\nprestations de service d'ordre.\n13\nArticle  4     :  L'arr\u00eat\u00e9  n\u00b0  30-2023-09-13-00004  du  13  septembre  2023  donnant  d\u00e9l\u00e9gation  de\nsignature \u00e0 M. Jean-Philippe NAHON  pr\u00e9figurateur directeur interd\u00e9partemental de la police\nnationale,  directeur d\u00e9partemental de la s\u00e9curit\u00e9 publique \u00e0 N\u00eemes (30) pour la signature des\nconventions entre l'Etat et les b\u00e9n\u00e9ficiaires de prestations de service d'ordre est abrog\u00e9.\nArticle 5     : Le pr\u00e9sent arr\u00eat\u00e9 prend effet \u00e0 compter de sa date de publication.\nArticle 6     : Le secr\u00e9taire g\u00e9n\u00e9ral de la pr\u00e9fecture  du Gard, le sous-pr\u00e9fet, directeur de Cabinet\net le directeur interd\u00e9partemental de la police nationale \u00e0 N\u00eemes,  sont charg\u00e9s, chacun en ce\nqui le concerne, de l'ex\u00e9cution du pr\u00e9sent arr\u00eat\u00e9, qui sera publi\u00e9 au recueil des actes adminis-\ntratifs de la Pr\u00e9fecture.\nN\u00eemes, le 15 f\u00e9vrier 2024\nLe pr\u00e9fet,\n \n           sign\u00e9\n  J\u00e9r\u00f4me BONET\nPrefecture du Gard - 30-2024-02-15-00002 - Arr\u00eat\u00e9 donnant d\u00e9l\u00e9gation de signature \u00e0 M. Jean-Philippe NAHON, directeur\ninterd\u00e9partemental de la police nationale \u00e0 N\u00eemes (30) pour la signature des conventions entre l'Etat et les b\u00e9n\u00e9ficiaires de\nprestations de service d'ordre.\n14","date":"2024-02-15","first_seen_on":"2025-01-08T21:56:19+00:00","id":"8fc628ec47ff426f608e9fc8ca8d078618a1bd347b67c55a096b35235625522a","name":"recueil-30-2024-030-special du 15 02 2024","pdf_creation_date":"2024-02-15T15:39:37+00:00","pdf_modification_date":null,"timezone":"CET","url":"https://www.gard.gouv.fr/contenu/telechargement/56718/425230/file/recueil-30-2024-030-special%20du%2015%2002%202024.pdf"}
