{"administration":"pref21","administration_name":"Pr\u00e9fecture de C\u00f4te-d\u2019Or","content":"PR\u00c9FET\nDE LA C\u00d4TE-D'OR\nRECUEIL DES ACTES\nADMINISTRATIFS SP\u00c9CIAL\nN\u00b021-2025-053\nPUBLI\u00c9 LE 16 AVRIL 2025\nSommaire\nCour d'appel de Dijon /\n21-2025-04-01-00007 - CA Dijon - D\u00e9cision d\u00e9l\u00e9gation signature\nPAIE_4 - 2025_04_01 (2 pages) Page 4\n21-2025-04-01-00004 - CA DIJON - DELEGATION SIGNATURE\nORDONNANCEMENT SECONDAIRE 2025.2 (01.04.2025) (2 pages) Page 7\n21-2025-04-01-00006 - CA Dijon - DELEGATION SIGNATURE POLE CHORUS\n2025.1 (01.04.2025) (2 pages) Page 10\n21-2025-04-01-00005 - CA DIJON - DELEGATION SIGNATURE RPA 2025.1\n(01.04.2025) (1 page) Page 13\nDirection d\u00e9partementale de l'emploi, du travail et des solidarit\u00e9s de\nC\u00f4te-d'Or /\n21-2025-04-14-00002 - R\u00e9c\u00e9piss\u00e9 d\u00e9claration SAP n\u00b0941567364\nGATINET Marie (2 pages) Page 15\nDirection d\u00e9partementale des territoires de la C\u00f4te-d'Or / Service de l'eau\net des risques\n21-2025-04-16-00001 - Arr\u00eat\u00e9 n\u00b0 571 rendant redevable les\ncopropri\u00e9taires de la r\u00e9sidence \"Domaine des sources\" situ\u00e9 rue Jean\nDorain (parcelle AB234) sur le territoire de la commune de\nSennecey-les-Dijon d'une astreinte administrative. (4 pages) Page 18\nDirection d\u00e9partementale des territoires de la C\u00f4te-d'Or / Service\nS\u00e9curit\u00e9 et Education Routi\u00e8re\n21-2025-04-11-00002 - Arr\u00eat\u00e9 Pr\u00e9fectoral N\u00b0 572 relatif \u00e0 la\ncirculation d'un petit train touristique sur le territoire de la commune de\n\nSavigny-l\u00e8s-Beaune les 3 et 4 mai 2025 (7 pages) Page 23\nDRFiP Bourgogne Franche-Comt\u00e9 /\n21-2025-04-14-00004 - DRFIP21-d\u00e9l\u00e9gation de signature aux\nresponsables du p\u00f4le pilotage et ressources et du p\u00f4le gestion fiscale\n14-04-2025 (2 pages) Page 31\n21-2025-04-14-00005 - DRFIP21-d\u00e9l\u00e9gation g\u00e9n\u00e9rale  de signature au\nresponsable du p\u00f4le  gestion publique 14-04-2025 (2 pages) Page 34\nGroupement de Coop\u00e9ration sanitaire du Grand Est /\n21-2025-04-09-00002 - D\u00e9cision num\u00e9ro 1 - d\u00e9l\u00e9gation de signature\npour les actes de gestion courante - Alban DUPOUX  (1 page) Page 37\nPr\u00e9fecture de la C\u00f4te-d'Or /\n21-2025-04-14-00001 - Arr\u00eat\u00e9 pr\u00e9fectoral n\u00b0567 fixant la liste des\nmandataires judiciaires \u00e0 la protection des majeurs et des d\u00e9l\u00e9gu\u00e9s\naux prestations familiales (8 pages) Page 39\n2\nPr\u00e9fecture de la C\u00f4te-d'Or / Secr\u00e9tariat G\u00e9n\u00e9ral\n21-2025-04-03-00001 - 2025-04-03-AP-8-Derogation-Echalot (8 pages) Page 48\nSous-pr\u00e9fecture de Beaune / P\u00f4le Collectivit\u00e9s locales\n21-2025-03-10-00009 - Arr\u00eat\u00e9 pr\u00e9fectoral n\u00b0410 du 10 mars 2025\nportant convocation des \u00e9lecteurs de la commune de\nCHARREY-SUR-SA\u00d4NE et fixant la p\u00e9riode de d\u00e9p\u00f4t des\ncandidatures en vue de proc\u00e9der \u00e0 des \u00e9lections municipales\ncompl\u00e9mentaires pour 4 si\u00e8ges, le dimanche 18 mai 2025 pour le 1er\ntour et le dimanche 25 mai 2025 pour l'\u00e9ventuel second tour. (3 pages) Page 57\n3\nCour d'appel de Dijon\n21-2025-04-01-00007\nCA Dijon - D\u00e9cision d\u00e9l\u00e9gation signature PAIE_4 -\n2025_04_01\nCour d'appel de Dijon - 21-2025-04-01-00007 - CA Dijon - D\u00e9cision d\u00e9l\u00e9gation signature PAIE_4 - 2025_04_01 4\nMINISTEREDE LA JUSTICEL'iberte'Egalit\u00e9Fraternit\u00e9\n  \n \nLe premier pr\u00e9sident par int\u00e9rim de la cour d'appel de Dijon \net \n                 Le procureur g\u00e9n\u00e9ral pr\u00e8s ladite cour \n \nVu les d\u00e9crets n\u00b02004-435 du 24 mai 2004 et n\u00b02006-806 du 6 juillet 2006 relatifs aux comp\u00e9tences d\u00e9volues en \nqualit\u00e9 d'ordonnateurs secondaires aux premiers pr\u00e9sidents et procureurs g\u00e9n\u00e9raux de cour d'appel ; \n \nVu le d\u00e9cret n\u00b0 2012-1246 du 7 novembre 2012 relatif \u00e0 la gestion budg\u00e9taire et comptable publique modifi\u00e9 ; \n \nVu l'arr\u00eat\u00e9 du ministre de l'\u00e9conomie, des finances et de la relance et des comptes publics en date du 5 mai 2021 \nfixant la liste des pi\u00e8ces justificatives des d\u00e9penses des organismes soumis au titre 3 du d\u00e9cret n\u00b02012-1246 du \n7 novembre 2012 relatif \u00e0 la gestion budg\u00e9taire et comptable publique ; \n \nVu l'article D312-66 du code de l'organisation judiciaire relatif \u00e0 la comp\u00e9tence conjointe du premier pr\u00e9sident de \nla cour d'appel et du procureur g\u00e9n\u00e9ral pr\u00e8s cette cour pour l'ordonnancement secondaire des d\u00e9penses et des \nrecettes des juridictions de leur ressort  relatives au personnel, au fonctionnement et aux interventions et \u00e0 la \npossibilit\u00e9 de qu'ils ont de d\u00e9l\u00e9guer conjointement leur signature, sous leur surveillance et leur responsabilit\u00e9, au \ndirecteur d\u00e9l\u00e9gu\u00e9 \u00e0 l'administration r\u00e9gionale judiciaire, \u00e0 un magistrat ou aux agents en fonction dans le ressort \nde la cour d'appel ; \n \nVu l'article R312-69 relatif \u00e0 la suppl\u00e9ance du premier pr\u00e9sident de la cour d'appel, en cas d'absence ou \nd'emp\u00eachement de ce dernier, dans ses fonctions administratives, par le magistrat du si\u00e8ge dont le rang est le \nplus \u00e9lev\u00e9 ; \n \nVu les articles R312-71 et suivants du code de l'organisation judiciaire relatifs \u00e0 l'organisation et au fonctionnement \ndes services administratifs r\u00e9gionaux ; \n \nVu le d\u00e9cret NOR JUS B1721489D du 16 ao\u00fbt 2017 portant nomination de Monsieur Dominique BRAULT aux \nfonctions de pr\u00e9sident de la chambre de l'instruction \u00e0 la cour d'appel de Dijon ; \n \nVu le d\u00e9cret NOR JUS B2418220D du 09 juillet 2024 portant nomination de Monsieur Philippe ASTRUC aux \nfonctions de procureur g\u00e9n\u00e9ral pr\u00e8s la cour d'appel de Dijon ; \n \n \n \nDECIDENT \n \nArticle 1er - D\u00e9l\u00e9gation conjointe de nos signatures est donn\u00e9e aux agents figurant nominativement dans l'annexe \n1 de la pr\u00e9sente d\u00e9cision, \u00e0 l'effet de signer les actes d'ordonnancement secondaire des d\u00e9penses et recettes \nconcernant les personnels du ressort de la cour d'appel. \n \nArticle 2 - la pr\u00e9sente d\u00e9cision sera communiqu\u00e9e aux agents nomm\u00e9s ci-dessus et publi\u00e9e au recueil des actes \nadministratifs de la r\u00e9gion Bourgogne Franche-Comt\u00e9. \n \n \nFait \u00e0 Dijon, le 1er avril 2025 \n \nLE PROCUREUR G\u00c9N\u00c9RAL, \n \n \n \n \n \nPhilippe ASTRUC \nLE PREMIER PR\u00c9SIDENT par int\u00e9rim, \n \n \n \n \n \nDominique BRAULT \nCOUR D'APPEL DE DIJON \n \nDECISION PORTANT DELEGATION DE SIGNATURE \nCour d'appel de Dijon - 21-2025-04-01-00007 - CA Dijon - D\u00e9cision d\u00e9l\u00e9gation signature PAIE_4 - 2025_04_01 5\n \n \nANNEXE 1 \nAgents b\u00e9n\u00e9ficiaires de la d\u00e9l\u00e9gation de signature des chefs de la cour d'appel de Dijon \n pour signer les actes d'ordonnancement secondaire des d\u00e9penses et recettes concernant les personnels du \nressort de la cour d'appel de Dijon  \n \nPr\u00e9nom NOM Corps et fonctions Signature \nJulie DUFOUR \nDirectrice des services de greffe, \ndirectrice d\u00e9l\u00e9gu\u00e9e \u00e0 \nl'administration r\u00e9gionale \njudiciaire du SAR de la cour \nd'appel de Dijon \n \nMagalie TONNELLATTO \nDirectrice des services de greffe, \nresponsable de la gestion des \nressources humaines, cheffe du \np\u00f4le RH - Formation \n \nLise TRINH \nDirectrice des services de greffe, \nresponsable de la gestion des \nressources humaines \n \nJocelyne VILLAME \u00e9pouse \nCHADEUF \nSecr\u00e9taire administrative, \nresponsable de la gestion des \nressources humaines adjointe \n \nAng\u00e9lique AUBEL \nSecr\u00e9taire administratif, \ngestionnaire administratif et \nfinancier \n \nSt\u00e9phane BRISSART \nSecr\u00e9taire administratif, \ngestionnaire administratif et \nfinancier \n \nDamien LOEW \nSecr\u00e9taire administratif, \ngestionnaire administratif et \nfinancier \n \nYo\u00ebssa GARNIER \nAdjointe administrative, \ngestionnaire administrative et \nfinancier \n \nAude MILLERAND \nAdjointe administrative, \ngestionnaire administrative et \nfinancier \n \n \nCour d'appel de Dijon - 21-2025-04-01-00007 - CA Dijon - D\u00e9cision d\u00e9l\u00e9gation signature PAIE_4 - 2025_04_01 6\nCour d'appel de Dijon\n21-2025-04-01-00004\nCA DIJON - DELEGATION SIGNATURE\nORDONNANCEMENT SECONDAIRE 2025.2\n(01.04.2025)\nCour d'appel de Dijon - 21-2025-04-01-00004 - CA DIJON - DELEGATION SIGNATURE ORDONNANCEMENT SECONDAIRE 2025.2\n(01.04.2025) 7\nMINISTEREDE LA JUSTICEL'iberte'Egalit\u00e9Fraternit\u00e9\n  \n \nCOUR D'APPEL DE DIJON \n                             SERVICE ADMINISTRATIF INTER R\u00c9GIONAL \nDossier suivi par S\u00e9verine STREER  \nResponsable des march\u00e9s publics \n \nT\u00e9l : 03.80.44.61.88 \nM\u00e9l : rgbmp.sar.ca-dijon@justice.fr \n8 rue Amiral Roussin BP 33432 12034 Dijon cedex   1  \n \nDECISION PORTANT DELEGATION GENERALE  \nDE SIGNATURE n\u00b02025/2 \n \nLe premier pr\u00e9sident par int\u00e9rim de la cour d'appel de Dijon  \net  \nLe procureur g\u00e9n\u00e9ral pr\u00e8s ladite cour \n \n \nVu la loi organique n\u00b0 2001-692 du 1er ao\u00fbt 2001 relative aux lois de finances, modifi\u00e9e par les lois organiques \nn\u00b0 2005-779 du 12 juillet 2005, n\u00b0 2012-1403 du 17 d\u00e9cembre 2012, n\u00b0 2017-1338 du 15 septembre 2017 et \nn\u00b0 2021-1836 du 28 d\u00e9cembre 2021 ; \n \nVu le d\u00e9cret n\u00b0 2012-1246 du 7 novembre 2012 relatif \u00e0 la gestion budg\u00e9taire et comptable publique ; \n  \nVu le d\u00e9cret n\u00b0 2004-374 du 29 avril 2004 relatif aux pouvoirs des pr\u00e9fets, \u00e0 l'organisation et \u00e0 l'action des \nservices de l'Etat dans les r\u00e9gions et les d\u00e9partements ; \n \nVu le code de l'organisation judiciaire, notamment : \n- l'article D312-66 relatif aux comp\u00e9tences d'ordonnateurs secondaires conjoints des Premiers Pr\u00e9sidents \nde cour d'appel et des Procureurs G\u00e9n\u00e9raux pr\u00e8s lesdites cours d'appel ; \n- l'article R312-69 relatif \u00e0 la suppl\u00e9ance du Premier Pr\u00e9sident de la cour d'appel, en cas d'absence ou \nd'emp\u00eachement de ce dernier, dans ses fonctions administratives, par le magistrat du si\u00e8ge dont le rang est \nle plus \u00e9lev\u00e9 ; \n \nVu le d\u00e9cret NOR JUS B1721489D du 16 ao\u00fbt 2017 portant nomination de Monsieur Dominique BRAULT aux \nfonctions de pr\u00e9sident de la chambre de l'instruction \u00e0 la cour d'appel de Dijon ; \n \nVu le d\u00e9cret NOR JUS B2418220D du 9 juillet 2024 portant nomination de Monsieur Philippe ASTRUC aux \nfonctions de procureur g\u00e9n\u00e9ral pr\u00e8s la cour d'appel de Dijon ; \n \nVu le d\u00e9cret n\u00b0 2007-352 du 14 mars 2007 relatif aux services administratifs r\u00e9gionaux judiciaires ; \n \nVu l'arr\u00eat\u00e9 de nomination du 14 f\u00e9vrier 2022 de Madame Julie DUFOUR, directrice d\u00e9l\u00e9gu\u00e9e \u00e0 \nl'administration interr\u00e9gionale judiciaire de la cour d'appel de Dijon ; \n \n \nDECIDENT \n \nARTICLE 1 \n \nD\u00e9l\u00e9gation de signature pour l'exercice de la comp\u00e9tence d'ordonnateur secondaire du budget du minist\u00e8re \nde la Justice est donn\u00e9e \u00e0 Madame Julie DUFOUR, directrice d\u00e9l\u00e9gu\u00e9e \u00e0 l'administration interr\u00e9gionale \njudiciaire de la cour d'appel de Dijon, pour les op\u00e9rations de recettes et de d\u00e9penses hors investissement \nCour d'appel de Dijon - 21-2025-04-01-00004 - CA DIJON - DELEGATION SIGNATURE ORDONNANCEMENT SECONDAIRE 2025.2\n(01.04.2025) 8\n \nT\u00e9l : 03.80.44.61.88 \nM\u00e9l : rgbmp.sar.ca-dijon@justice.fr \n8 rue Amiral Roussin BP 33432 12034 Dijon cedex   2  \nimmobilier sup\u00e9rieur \u00e0 150.000 \u20ac des juridictions du ressort de la cour d'appel de Dijon et de ladite cour. \n \nARTICLE 2 \n \nEn cas d'absence ou d'emp\u00eachement de Madame Julie DUFOUR, cette d\u00e9l\u00e9gation sera exerc\u00e9e par les agents \nsuivants en fonction au service administratif interr\u00e9gional de la cour d'appel de Dijon : \n- Madame Magalie TONNELLATTO, responsable de la gestion des ressources humaines ; \n- Madame S\u00e9verine STREER, responsable des march\u00e9s publics ;  \n- Madame Chlo\u00e9 BAUDRION, responsable de la gestion du patrimoine immobilier ; \n- Madame Florence JOLLY, chef du p\u00f4le chorus ; \n- Madame Meghane BLASSENAT, responsable de la gestion budg\u00e9taire et des march\u00e9s publics ; \n- Madame Marie-Brigitte SENTIS, responsable de la gestion budg\u00e9taire ; \n- Madame Charl\u00e8ne PROST, responsable de la gestion budg\u00e9taire ; \n- Madame Lise TRINH, responsable de la gestion des ressources humaines  \n- Monsieur Fredy KANCEL-DIOMAR, responsable de la gestion de la formation ; \n- Monsieur Cl\u00e9ment MOLLICA, responsable technique travaux et maintenance BOP Centre ; \n- Monsieur Fran\u00e7ois BESSE, responsable technique travaux et maintenance UO Dijon. \n \nARTICLE 3 \n \nLe premier pr\u00e9sident et le procureur g\u00e9n\u00e9ral sont charg\u00e9s de l'ex\u00e9cution de la pr\u00e9sente d\u00e9cision, qui sera \nnotifi\u00e9e aux d\u00e9l\u00e9gataires d\u00e9sign\u00e9s ci-dessus, transmise au comptable assignataire et publi\u00e9e au recueil des \nactes administratifs de la pr\u00e9fecture de C\u00f4te d'Or. \n \nFait \u00e0 Dijon, le 01/04/2025 \n \n \n Le Procureur G\u00e9n\u00e9ral,     Le Premier Pr\u00e9sident par int\u00e9rim, \n \n \n         Philippe ASTRUC                                             Dominique BRAULT \n \nSp\u00e9cimen de signature pour accr\u00e9ditation aupr\u00e8s de la directrice r\u00e9gionale des finances publiques de \nBourgogne Franche Comt\u00e9 : \n \n \n \n \n  Julie DUFOUR           Magalie TONNELLATTO                   S\u00e9verine STREER  \n \n \n \n  Chlo\u00e9 BAUDRION            Florence JOLLY                                    Meghane BLASSENAT                       \n \n \n   \n   Marie Brigitte SENTIS          Charl\u00e8ne PROST                                            Lise TRINH            \n \n \n \n Fredy KANCEL-DIOMAR               Cl\u00e9ment MOLLICA                    Fran\u00e7ois BESSE \n \nCour d'appel de Dijon - 21-2025-04-01-00004 - CA DIJON - DELEGATION SIGNATURE ORDONNANCEMENT SECONDAIRE 2025.2\n(01.04.2025) 9\nCour d'appel de Dijon\n21-2025-04-01-00006\nCA Dijon - DELEGATION SIGNATURE POLE\nCHORUS 2025.1 (01.04.2025)\nCour d'appel de Dijon - 21-2025-04-01-00006 - CA Dijon - DELEGATION SIGNATURE POLE CHORUS 2025.1 (01.04.2025) 10\nMINISTEREDE LA JUSTICEL'iberte'Egalit\u00e9Fraternit\u00e9\n  \n \nCOUR D'APPEL DE DIJON \n                             SERVICE ADMINISTRATIF INTER R\u00c9GIONAL \nDossier suivi par S\u00e9verine STREER  \nResponsable des march\u00e9s publics \n \nT\u00e9l : 03.80.44.61.88 \nM\u00e9l : rgbmp.sar.ca-dijon@justice.fr \n8 rue Amiral Roussin BP 33432 12034 Dijon cedex   1  \n \nDECISION PORTANT DELEGATION \nDE SIGNATURE AUX AGENTS VALIDEURS AFFECTES AU POLE \nCHORUS n\u00b02025/1 \n \nLe premier pr\u00e9sident par int\u00e9rim de la cour d'appel de Dijon  \net  \nLe procureur g\u00e9n\u00e9ral pr\u00e8s ladite cour \n \n \nVu la loi organique n\u00b0 2001-692 du 1er ao\u00fbt 2001 relative aux lois de finances, modifi\u00e9e par les lois organiques \nn\u00b0 2005-779 du 12 juillet 2005, n\u00b0 2012-1403 du 17 d\u00e9cembre 2012, n\u00b0 2017-1338 du 15 septembre 2017 et \nn\u00b0 2021-1836 du 28 d\u00e9cembre 2021 ; \n \nVu le d\u00e9cret n\u00b0 2012-1246 du 7 novembre 2012 relatif \u00e0 la gestion budg\u00e9taire et comptable publique ; \n \nVu le d\u00e9cret n\u00b0 2007-352 du 14 mars 2007 relatif aux services administratifs r\u00e9gionaux judiciaires ; \n \nVu le code de l'organisation judiciaire, notamment : \n- l'article D312-66 relatif aux comp\u00e9tences d'ordonnateurs secondaires conjoints des Premiers Pr\u00e9sidents \nde cour d'appel et des Procureurs G\u00e9n\u00e9raux pr\u00e8s lesdites cours d'appel ; \n- l'article R312-69 relatif \u00e0 la suppl\u00e9ance du Premier Pr\u00e9sident de la cour d'appel, en cas d'absence ou \nd'emp\u00eachement de ce dernier, dans ses fonctions administratives, par le magistrat du si\u00e8ge dont le rang est \nle plus \u00e9lev\u00e9 ; \n \nVu le d\u00e9cret NOR JUS B1721489D du 16 ao\u00fbt 2017 portant nomination de Monsieur Dominique BRAULT aux \nfonctions de pr\u00e9sident de la chambre de l'instruction \u00e0 la cour d'appel de Dijon ; \n \nVu le d\u00e9cret NOR JUS B2418220D du 9 juillet 2024 portant nomination de Monsieur Philippe ASTRUC aux \nfonctions de procureur g\u00e9n\u00e9ral pr\u00e8s la cour d'appel de Dijon ; \n \nVu la convention de d\u00e9l\u00e9gation de gestion entre la cour d'appel de Dijon et l'\u00c9cole nationale des greffes de \nDijon en date du 10 juillet 2020 ; \n \nVu la convention de d\u00e9l\u00e9gation de gestion entre la cour d'appel de Dijon et la cour d'appel de Besan\u00e7on en \ndate du 19 juin 2020 ; \n \nDECIDENT \n \nARTICLE 1 \n \nD\u00e9l\u00e9gation de signature est donn\u00e9e aux agents ci-dessous d\u00e9sign\u00e9s nominativement, \u00e0 l'effet de signer les \nactes d'ordonnancement secondaire en d\u00e9penses et en recettes ex\u00e9cut\u00e9s par le p\u00f4le Chorus h\u00e9berg\u00e9 au \nservice administratif interr\u00e9gional de la cour d'appel de Dijon. \nCour d'appel de Dijon - 21-2025-04-01-00006 - CA Dijon - DELEGATION SIGNATURE POLE CHORUS 2025.1 (01.04.2025) 11\n \nT\u00e9l : 03.80.44.61.88 \nM\u00e9l : rgbmp.sar.ca-dijon@justice.fr \n8 rue Amiral Roussin BP 33432 12034 Dijon cedex   2  \n \n \nAGENTS \n \nACTES \nFlorence JOLLY \nDirectrice des services de greffe \njudiciaires, chef du p\u00f4le chorus \n \nPascale DAURELLE \nSecr\u00e9taire administrative \n \nCl\u00e9mence CHARNET \nSecr\u00e9taire administrative \n \nStefan-Eduard IVAN \n \nValidation \n- des engagements juridiques (EJ) \n- des demandes de paiement \n- des recettes non fiscales \n \nCertification du service fait \n \nTenue de la comptabilit\u00e9 auxiliaire des immobilisations  \n \nSignature des bons de commande \u00e9dit\u00e9s \u00e0 partir du progiciel \nCHORUS \n \nFinalisation et/ou cl\u00f4ture des EJ sur la base de la liste transmise \npar le service prescripteur (nettoyage des flux) \n \nTraitement des demandes d'\u00e9critures correctives des EJ \ntransmises par le service prescripteur \n \nInt\u00e9gration des charges, immobilisations et produits \u00e0 \nrattacher \u00e0 l'exercice sur la base des \u00e9l\u00e9ments transmis par le \nservice prescripteur \n \nCette d\u00e9l\u00e9gation de signature est \u00e9galement valable pour les actes du p\u00f4le Chorus ex\u00e9cut\u00e9s en application \ndes d\u00e9l\u00e9gations de gestion vis\u00e9es supra. \n \nSont exclus de cette d\u00e9l\u00e9gation, les ordres de r\u00e9quisition du comptable public assignataire et les d\u00e9cisions \nde passer outre aux refus de visa du contr\u00f4leur financier local. \n \nARTICLE 2 \n \nLe premier pr\u00e9sident et le procureur g\u00e9n\u00e9ral sont charg\u00e9s de l'ex\u00e9cution de la pr\u00e9sente d\u00e9cision, qui sera \nnotifi\u00e9e aux d\u00e9l\u00e9gataires d\u00e9sign\u00e9s ci-dessus, transmise au comptable assignataire et publi\u00e9e au recueil des \nactes administratifs de la pr\u00e9fecture de C\u00f4te d'Or. \n \nFait \u00e0 Dijon, le 01/04/2025 \n \n \n \n Le Procureur G\u00e9n\u00e9ral,     Le Premier Pr\u00e9sident par int\u00e9rim, \n \n \n \n        Philippe ASTRUC                                Dominique BRAULT \n    \n \nCour d'appel de Dijon - 21-2025-04-01-00006 - CA Dijon - DELEGATION SIGNATURE POLE CHORUS 2025.1 (01.04.2025) 12\nCour d'appel de Dijon\n21-2025-04-01-00005\nCA DIJON - DELEGATION SIGNATURE RPA\n2025.1 (01.04.2025)\nCour d'appel de Dijon - 21-2025-04-01-00005 - CA DIJON - DELEGATION SIGNATURE RPA 2025.1 (01.04.2025) 13\nMINISTEREDE LA JUSTICEL,iberte'Egalit\u00e9Fraternit\u00e9\n \n \n \n \nCOUR D'APPEL DE DIJON COUR D'APPEL DE DIJON \n                             SERVICE ADMINISTRATIF INTER R\u00c9GIONAL \nDossier suivi par S\u00e9verine STREER  \nResponsable des march\u00e9s publics \n \n   \n \n              \nDECISION PORTANT DELEGATION GENERALE DE SIGNATURE  \nN\u00b0 2025/1 \n \nLe Premier Pr\u00e9sident par int\u00e9rim de la Cour d'appel de Dijon  \net  \nLe Procureur G\u00e9n\u00e9ral pr\u00e8s ladite cour \n \nVu le code de la commande publique ; \nVu le code de l'organisation judiciaire (COJ) (notamment l'article R 312-67 et l'article R 312-69) ; \nVu le d\u00e9cret n\u00b0 2008-522 du 2 juin 2008 portant refonte de la partie r\u00e9glementaire du COJ ; \nVu le d\u00e9cret n\u00b0 2007-352 du 14 mars 2007 relatif aux services administratifs r\u00e9gionaux ; \nVu le d\u00e9cret NOR JUS B1721489D du 16 ao\u00fbt 2017 portant nomination de Monsieur Dominique BRAULT aux \nfonctions de pr\u00e9sident de la chambre de l'instruction \u00e0 la cour d'appel de Dijon ; \nVu le d\u00e9cret NOR JUS B2418220D du 9 juillet 2024 portant nomination de Monsieur Philippe ASTRUC aux \nfonctions de procureur g\u00e9n\u00e9ral pr\u00e8s la cour d'appel de Dijon ; \nVu l'arr\u00eat\u00e9 de nomination du 14 f\u00e9vrier 2022 de Madame Julie DUFOUR, directrice d\u00e9l\u00e9gu\u00e9e \u00e0 l'administration \ninter r\u00e9gionale judiciaire de la cour d'appel de Dijon ; \n \nD\u00e9cident \nARTICLE 1 \nD\u00e9l\u00e9gation conjointe de leur signature est donn\u00e9e \u00e0 Madame Julie DUFOUR, directrice d\u00e9l\u00e9gu\u00e9e \u00e0 \nl'administration inter r\u00e9gionale judiciaire de la cour d'appel de Dijon, afin de les repr\u00e9senter pour tous les actes \net d\u00e9cisions relevant des Repr\u00e9sentants du pouvoir adjudicateur, sauf pour le choix de l'attributaire et la \nsignature des march\u00e9s formalis\u00e9s. \n \nARTICLE 2 \nD\u00e9l\u00e9gation conjointe de leur signature est donn\u00e9e aux directeurs des services de greffe judiciaires des \njuridictions du premier degr\u00e9 du ressort de la cour d'appel de Dijon et \u00e0 celui de ladite cour, ainsi qu'aux \nresponsables de gestion du service administratif inter r\u00e9gional : \n\uf0f0 Pour les march\u00e9s dont le montant annuel cumul\u00e9 pour l'ensemble du ressort de la cour d'appel est \ninf\u00e9rieur \u00e0 25.000 euros hors taxe ; \n\uf0f0 Pour l'\u00e9mission des bons de commande dans le cadre des march\u00e9s \u00e0 bons de commande. \n \nARTICLE 3 \nLa pr\u00e9sente d\u00e9cision sera communiqu\u00e9e aux chefs de juridiction, aux directeurs des services de greffe \njudiciaires des tribunaux du ressort de la cour d'appel de Dijon, ainsi qu'au Directeur des finances publiques de la \nr\u00e9gion Bourgogne Franche Comt\u00e9. Elle sera publi\u00e9e au recueil des actes administratifs. \n \nFait \u00e0 Dijon, le 01/04/2025 \n \n Le Procureur G\u00e9n\u00e9ral,     Le Premier Pr\u00e9sident par int\u00e9rim,  \n \n           Philippe ASTRUC      Dominique BRAULT  \n \nSp\u00e9cimen de signature pour accr\u00e9ditation aupr\u00e8s du Directeur r\u00e9gional des finances publiques de la r\u00e9gion \nBourgogne Franche Comt\u00e9 \n \nJulie DUFOUR \nCour d'appel de Dijon - 21-2025-04-01-00005 - CA DIJON - DELEGATION SIGNATURE RPA 2025.1 (01.04.2025) 14\nDirection d\u00e9partementale de l'emploi, du travail\net des solidarit\u00e9s de C\u00f4te-d'Or\n21-2025-04-14-00002\nR\u00e9c\u00e9piss\u00e9 d\u00e9claration SAP n\u00b0941567364\nGATINET Marie\nDirection d\u00e9partementale de l'emploi, du travail et des solidarit\u00e9s de C\u00f4te-d'Or - 21-2025-04-14-00002 - R\u00e9c\u00e9piss\u00e9 d\u00e9claration SAP\nn\u00b0941567364 GATINET Marie 15\nPREFETDE LACOTE-D'ORLibert\u00e9\u00c9galit\u00e9Fraternit\u00e9\nDirection D\u00e9partementale de l'Emploi, \ndu Travail et des Solidarit\u00e9s - DDETS \nDDETS 21, 21 Bd Voltaire, BP 81110 - 21011 DIJON Cedex \nT\u00e9l. : 03 80 45 75 45 (Accueil) \nwww.cote-dor.gouv.fr \nAffaire suivie par Sophie LACROIX                          Dijon, le 14/04/2025 \nP\u00f4le Emploi-Coh\u00e9sion Territoriale, \nT\u00e9l : 03 80 45 75 07 // 06 84 89 20 33 \nCourriel : sophie.lacroix@cote-dor.gouv.fr \nMme GATINET Marie \n1b rue Docteur Gagey \n21320 POUILLY-EN-AUXOIS \n \n \n \nRECEPISSE DE DECLARATION \nd'un Organisme de Services \u00e0 la Personne \nEnregistr\u00e9 sous le n\u00b0 SAP/941567364 \n \n \nLe Pr\u00e9fet de la C\u00f4te-d'Or, et par subd\u00e9l\u00e9gation de la Directrice D\u00e9partementale de la DDETS, la \nCheffe du P\u00f4le Emploi et Coh\u00e9sion Territoriale/la Responsable de l'Unit\u00e9 Formation, Emploi, Insertion \n \n \nVU la loi n\u00b0 2015-1776 du 28 d\u00e9cembre 2015 relative \u00e0 l'adaptation de la soci\u00e9t\u00e9 au vieillissement, \n \nVU le d\u00e9cret n\u00b0 2016-750 du 6 juin 2016 relatif \u00e0 la liste des activit\u00e9s de services \u00e0 la personne soumises \n\u00e0 agr\u00e9ment ou \u00e0 autorisation dans le cadre du r\u00e9gime commun de la d\u00e9claration, \n \nVU le code du travail et notamment les articles L 7231-1 \u00e0 L 7233-2, R 7232-16 \u00e0 R 7232-22, D7231-1 \net D 7233-1 \u00e0 D 7233-5. \n \n \nConstate \n \nQu'une d\u00e9claration d'activit\u00e9s de services \u00e0 la personne a \u00e9t\u00e9 d\u00e9pos\u00e9e sous le n\u00b0 2083460 aupr\u00e8s de \nla DDETS de la C\u00f4te d'Or, le 25 mars 2025, par Mme GATINET Marie, dans le cadre de la micro - \nentreprise \"MARIE ET VOUS\", repr\u00e9sent\u00e9e par Mme GATINET Marie, dont le si\u00e8ge social est situ\u00e9 1b \nrue Docteur Gagey 21320 POUILLY -EN-AUXOIS et enregistr\u00e9e sous le n\u00b0 SAP/941567364 pour les \nactivit\u00e9s suivantes \u00e0 l'exclusion de toute autre :  \n \n1. Garde d'enfants de plus de 3 ans \u00e0 domicile \n2. Accompagnement des enfants de plus de 3 ans dans leurs d\u00e9placements \n3. Entretien de la maison et travaux m\u00e9nagers \n4. Pr\u00e9paration de repas \u00e0 domicile \n5. Collecte et livraison \u00e0 domicile de linge repass\u00e9 \n6. Assistance administrative \u00e0 domicile \n7. Assistance aux personnes ayant besoin d'une aide temporaire \u00e0 leur domicile \nDirection d\u00e9partementale de l'emploi, du travail et des solidarit\u00e9s de C\u00f4te-d'Or - 21-2025-04-14-00002 - R\u00e9c\u00e9piss\u00e9 d\u00e9claration SAP\nn\u00b0941567364 GATINET Marie 16\nDDETS 21, 21 Bd Voltaire, BP 81110 - 21011 DIJON Cedex \nT\u00e9l. : 03 80 45 75 45 (Accueil) \nwww.cote-dor.gouv.fr \n \nCes activit\u00e9s sont exerc\u00e9es en qualit\u00e9 de prestataire. \nL'\u00e9tablissement principal, \u00e9galement si\u00e8ge social, se situe \u00e0 l'adresse ci-dessus et poss\u00e8de le num\u00e9ro \nSIRET suivant, 941 567 364 00018. \nToute modification concernant l'activit\u00e9 exerc\u00e9e devra faire l'objet d'une d\u00e9claration modificative \npr\u00e9alable. \nSous r\u00e9serve d'\u00eatre exerc\u00e9e \u00e0 titre exclusif (ou sous r\u00e9serve d'une comptabilit\u00e9 s\u00e9par\u00e9e pour les \npersonnes morales dispens \u00e9es de cette condition), ces activit\u00e9s ouvrent droit au b\u00e9n\u00e9fice des \ndispositions des articles L. 7233-2 du code du travail et L. 241 -10 du code de la s\u00e9curit\u00e9 sociale dans \nles conditions pr\u00e9vues par ces articles. \nLes effets de la d\u00e9claration courent \u00e0 compter du jour de d\u00e9p\u00f4t de la demande, conform\u00e9ment \u00e0 l'article \nR.7232-18 du code du travail. \nL'enregistrement de la d\u00e9claration peut \u00eatre retir\u00e9 dans les conditions fix\u00e9es aux articles R.7232 -20 \u00e0 \nR.7232-22 du code du travail. \nLe pr\u00e9sent r\u00e9c\u00e9piss\u00e9 n'est pas limit\u00e9 dans le temps et sera publi\u00e9 au recueil des actes administratifs de \nla pr\u00e9fecture de la C\u00f4te d'Or. \n \nPour le Pr\u00e9fet de C\u00f4te d'Or \nEt par subd\u00e9l\u00e9gation de \nla Directrice D\u00e9partementale emp\u00each\u00e9e, \n   \nLa Responsable de l'Unit\u00e9, Formation, Emploi et Insertion, \n SIGNE \nMarie BEGRAND \nDirection d\u00e9partementale de l'emploi, du travail et des solidarit\u00e9s de C\u00f4te-d'Or - 21-2025-04-14-00002 - R\u00e9c\u00e9piss\u00e9 d\u00e9claration SAP\nn\u00b0941567364 GATINET Marie 17\nDirection d\u00e9partementale des territoires de la\nC\u00f4te-d'Or\nService de l'eau et des risques\n21-2025-04-16-00001\nArr\u00eat\u00e9 n\u00b0 571 rendant redevable les\ncopropri\u00e9taires de la r\u00e9sidence \"Domaine des\nsources\" situ\u00e9 rue Jean Dorain (parcelle AB234)\nsur le territoire de la commune de\nSennecey-les-Dijon d'une astreinte\nadministrative.\nDirection d\u00e9partementale des territoires de la C\u00f4te-d'Or - 21-2025-04-16-00001 - Arr\u00eat\u00e9 n\u00b0 571 rendant redevable les copropri\u00e9taires\nde la r\u00e9sidence \"Domaine des sources\" situ\u00e9 rue Jean Dorain (parcelle AB234) sur le territoire de la commune de Sennecey-les-Dijon\nd'une astreinte administrative.\n18\nExPREFETDE LACOTE-D'ORLibert\u00e9Egalit\u00e9Fraternit\u00e9\nDirection d\u00e9partementale des territoires \nde la C\u00f4te-d'Or\nAffaire suivie par le bureau Police de l'eau Dijon, le 16 avril 2025\nService de l'Eau et des Risques / Bureau Police de l'eau\nT\u00e9l : 03 80 29 44 44\nm\u00e9l : ddt-ser-pe@cote-dor.gouv.fr\nArr\u00eat\u00e9 n\u00b0 571\nRendant redevable les copropri\u00e9taires de la r\u00e9sidence \u00ab Domaine des sources \u00bb situ\u00e9 rue \nJean Dorain (parcelle AB234) sur le territoire de la commune de Sennecey-les-Dijon d'une \nastreinte administrative\nLe pr\u00e9fet de la C\u00f4te-d'Or\nVU la Constitution du 04 octobre 1958 et notamment son pr\u00e9ambule ;\nVU le Code de l'environnement, en particulier ses articles L.171-1, L.171-6 \u00e0 L.171-8, L.211-1 \u00e0 \nL.211-3, L.214-1 \u00e0 L.214-6, R.214-1 \u00e0 R.214-40  et R.214-49 ;\nVU le Code des relations entre le public et l'administration (CRPA) et notamment ses  \narticles L.110- 1 \u00e0 L.135-2 ;\nVU l'arr\u00eat\u00e9 pr\u00e9fectoral du 25 juin 2010 portant classement en zone de r\u00e9partition des eaux \nde  certaines  communes  du  d\u00e9partement  de  la  C\u00f4te-d'Or  incluses  dans  la  zone  de \nr\u00e9partition des eaux (ZRE) du bassin de la Tille et des eaux souterraines associ\u00e9es et de la  \nnappe profonde de la Tille et dont la commune de Sennecey-les-Dijon fait partie ;\nVU l'arr\u00eat\u00e9 du 21 mars 2022 portant approbation du sch\u00e9ma directeur d'am\u00e9nagement et  \nde gestion des eaux (SDAGE) du bassin Rh\u00f4ne-M\u00e9diterran\u00e9e et arr\u00eatant le programme  \npluriannuel de mesures correspondant ;\nVU l'arr\u00eat\u00e9  inter-pr\u00e9fectoral  n\u00b0 685  du  3  juillet  2020  portant  approbation  du  sch\u00e9ma \nd'am\u00e9nagement et de gestion des eaux (SAGE) du bassin versant de la Tille ;\nVU l'arr\u00eat\u00e9 pr\u00e9fectoral n\u00b0  507/SG du 28 mars 2025 donnant d\u00e9l\u00e9gation de signature \u00e0  \nMadame Manuelle DUPUY, directrice d\u00e9partementale des territoires de la C\u00f4te-d'Or, paru  \nau registre des actes administratifs (RAA) sp\u00e9cial n\u00b021-2025-03-28-00001 publi\u00e9 le 04 avril  \n2025 ;\nDirection d\u00e9partementale des territoires de la C\u00f4te-d'Or\n57 , rue de Mulhouse - BP 53317 - 21033 Dijon CEDEX\nT\u00e9l. : 03 80 29 44 44\nCourriel : ddt@cote-dor.gouv.fr 1/4\nDirection d\u00e9partementale des territoires de la C\u00f4te-d'Or - 21-2025-04-16-00001 - Arr\u00eat\u00e9 n\u00b0 571 rendant redevable les copropri\u00e9taires\nde la r\u00e9sidence \"Domaine des sources\" situ\u00e9 rue Jean Dorain (parcelle AB234) sur le territoire de la commune de Sennecey-les-Dijon\nd'une astreinte administrative.\n19\nVU les plans de pr\u00e9vention du risque naturel inondation (PPRNi) des communs limitrophes  \nde  Sennecey-les-Dijon,  surtout  celui  de  la  commune  Chevigny-Saint-Sauveur  situ\u00e9e  en \naval ;\nVU la cartographie du territoire \u00e0 risque inondation (TRI) dijonnais et dont la commune  \nChevigny-Saint-Sauveur fait partie ;\nVU le rapport de manquement administratif (RMA)  des agents en charge de r\u00e9aliser les  \ncontr\u00f4les \u00e9tabli suite \u00e0 la visite de terrain r\u00e9alis\u00e9e le 04 octobre 2024 et transmis le 28  \nnovembre  2024  en  recommand\u00e9  avec  accus\u00e9  r\u00e9ception  (RAR)  \u00e0  l'association  de \ncopropri\u00e9taire ainsi qu'au syndic de copropri\u00e9t\u00e9 (NEXITY) ;\nVU le courrier d'accompagnement du RMA cit\u00e9 ci-dessus et pr\u00e9venant notamment les mis  \nen cause des sanctions administratives pouvant \u00eatre prises \u00e0 leur encontre dans le cadre  \nde la mise en demeure qui pourrait leur \u00eatre adress\u00e9e ult\u00e9rieurement ;\nVU le courriel du 12 d\u00e9cembre 2024 de la soci\u00e9t\u00e9 LAMY-IMMOBILIER/NEXITY sise 13 rue du \nCh\u00e2teau \u00e0 Dijon nous indiquant \u00eatre le syndic de copropri\u00e9t\u00e9 de l'ensemble immobilier  \ncit\u00e9 ;\nVU l'arr\u00eat\u00e9 pr\u00e9fectoral n\u00b0  1932 du 31 d\u00e9cembre 2024 transmis le m\u00eame jour en RAR aux  \nsoci\u00e9t\u00e9s LAMY-IMMOBILIER et NEXITY agissant en qualit\u00e9 de syndic de copropri\u00e9t\u00e9 et  \nmettant en demeure l'association de copropri\u00e9taires de l'ensemble immobilier de cesser  \nles op\u00e9rations de rabattement de nappe permanent de la nappe d'accompagnement de la \nNorges  en  zone  de  r\u00e9partition  des  eaux  (ZRE)  ou  de  mettre  en  place  une  solution \ntechnique p\u00e9renne de r\u00e9infiltration des eaux pomp\u00e9es ;\nVU les dispositions de l'article n\u00b0  3 de cet arr\u00eat\u00e9 demandant la fourniture d'une note  \nindiquant les moyens mis en \u0153uvre pour faire cesser d\u00e9finitivement le rabattement de  \nnappe ou le d\u00e9p\u00f4t d'un dossier loi sur l'eau pr\u00e9sentant une solution technique p\u00e9renne au \nplus tard le 31 mars 2025     ;  \nVU le courrier du 18 mars 2025 adress\u00e9 aux soci\u00e9t\u00e9s LAMY-IMMOBILIER et NEXITY agissant \nen qualit\u00e9 de syndic de copropri\u00e9t\u00e9 de l'absence de  fourniture d'une note ou du d\u00e9p\u00f4t  \nd'un dossier loi sur l'eau en date de ce courrier et les pr\u00e9venant de la mise en place \u00e0 venir  \ndes dispositions des articles de l'arr\u00eat\u00e9 de mise en demeure ;\nVU l'absence constat\u00e9e par les agents en charge de r\u00e9aliser les contr\u00f4les de la fourniture  \nd'une note ou du d\u00e9p\u00f4t d'un dossier loi sur l'eau au 1er avril 2025 ;\nCONSID\u00c9RANT que le pr\u00e9fet peut, en cas d'inobservation de prescriptions, mettre en  \ndemeure la personne d'y satisfaire, et s'il n'a pas \u00e9t\u00e9 d\u00e9f\u00e9r\u00e9 \u00e0 la mise en demeure \u00e0 l'issue  \ndu d\u00e9lai imparti, arr\u00eater une ou plusieurs des sanctions pr\u00e9vues au II de l'article L.171-8 du  \nCode de l'environnement ;\nCONSID\u00c9RANT qu'au regard du classement en zone de r\u00e9partition des eaux il convient de \npr\u00e9server la ressource en eau dans le territoire dont fait partie la commune de Sennecey-\nles-Dijon ;\nCONSID\u00c9RANT que ces op\u00e9rations de rabattement de nappe en ZRE constituent une  \nsoustraction anormale et de mani\u00e8re ill\u00e9gale d'eau depuis le milieu naturel et une atteinte  \n\u00e0 celui-ci, que le rejet dans le r\u00e9seau communal pr\u00e9sente un risque d'augmentation du  \nrisque inondation dans les communes limitrophes dot\u00e9es d'un plan de pr\u00e9vention des  \nDirection d\u00e9partementale des territoires de la C\u00f4te-d'Or\n57 , rue de Mulhouse - BP 53317 - 21033 Dijon CEDEX\nT\u00e9l. : 03 80 29 44 44\nCourriel : ddt@cote-dor.gouv.fr 2/4\nDirection d\u00e9partementale des territoires de la C\u00f4te-d'Or - 21-2025-04-16-00001 - Arr\u00eat\u00e9 n\u00b0 571 rendant redevable les copropri\u00e9taires\nde la r\u00e9sidence \"Domaine des sources\" situ\u00e9 rue Jean Dorain (parcelle AB234) sur le territoire de la commune de Sennecey-les-Dijon\nd'une astreinte administrative.\n20\nrisques  naturels  inondations  et  faisant  partie  du  territoire  \u00e0  risque  inondation  du \nDijonnais ;\nCONSID\u00c9RANT qu'il convient de faire cesser le rejet des eaux issues de ce rabattement de \nnappe sans autorisation dans les r\u00e9seaux de gestion des effluents de la commune de  \nSennecey-les-Dijon ;\nCONSID\u00c9RANT l'arr\u00eat\u00e9 pr\u00e9fectoral  n\u00b0 1932 du 31 d\u00e9cembre 2024 transmis en RAR aux  \nsoci\u00e9t\u00e9s LAMY-IMMOBILIER et NEXITY agissant en qualit\u00e9 de syndic de copropri\u00e9t\u00e9 et  \nmettant en demeure l'association de copropri\u00e9taires de l'ensemble immobilier de cesser  \nles op\u00e9rations de rabattement de nappe permanent de la nappe d'accompagnement de la \nNorges  en  zone  de  r\u00e9partition  des  eaux  (ZRE)  ou  de  mettre  en  place  une  solution \ntechnique p\u00e9renne de r\u00e9infiltration des eaux pomp\u00e9es ;\nCONSID\u00c9RANT que cette mise en demeure pr\u00e9voie dans son article n\u00b0  5 l'application  \nd'une astreinte journali\u00e8re \u00e0 l'issue du d\u00e9lai imparti, jusqu'\u00e0 satisfaction de la mesure  \nordonn\u00e9e ;\nCONSID\u00c9RANT l'absence  de  r\u00e9ponse  ou  d'observation  de  la  part  de  l'association  de \ncopropri\u00e9taires ou des soci\u00e9t\u00e9s en charge d'assurer le syndic de cette copropri\u00e9t\u00e9 ;\nCONSID\u00c9RANT qu'en toute connaissance de cause, l'association de copropri\u00e9taires et les  \nsoci\u00e9t\u00e9s assurant le syndicat de cette copropri\u00e9t\u00e9, en ne respectant pas les dispositions de \nl'arr\u00eat\u00e9  de  mise  en  demeure  susvis\u00e9,  s'expose  \u00e0  la  sanction  pour  laquelle  ils  ont  \u00e9t\u00e9 \ninform\u00e9s ;\nCONSID\u00c9RANT que pour la pr\u00e9servation de la ressource aquatique en zone de r\u00e9partition  \ndes eaux (ZRE) et afin de limiter le risque d'exposition aux risques inondation pour les  \nbiens et les personnes pr\u00e9sentes dans les communes situ\u00e9es en aval et sensibles \u00e0 ce  \nrisque, il convient de contraindre sans d\u00e9lai de faire cesser ce rabattement de nappe  \npermanent ou de permettre un retour par infiltration \u00e0 la nappe phr\u00e9atique des eaux  \npomp\u00e9es sans autorisation ;\nCONSID\u00c9RANT que cette sanction a \u00e9t\u00e9 communiqu\u00e9e aux mis en causes dans le courrier  \nd'accompagnement du rapport de manquement administratif du 28 novembre 2024 et  \ndans la mise en demeure transmise le 31 d\u00e9cembre 2024 sans que ceux-ci ne fassent de  \nremarques sur ce point ;\nCONSID\u00c9RANT qu'en toute connaissance de cause, l'int\u00e9ress\u00e9, en ne respectant pas les  \ndispositions de l'arr\u00eat\u00e9 de mise en demeure susvis\u00e9 s'expose \u00e0 la sanction pour laquelle il a \n\u00e9t\u00e9 inform\u00e9 ;\nCONSID\u00c9RANT que  la  mesure  consistant  \u00e0  ordonner  le  paiement  d'une  astreinte \njournali\u00e8re jusqu'\u00e0 satisfaction de la mise en demeure susvis\u00e9e, pr\u00e9vue par l'article L.171-7  \ndu Code de l'environnement, est adapt\u00e9e en vue de mettre un terme aux atteintes \u00e0 la  \nressource en eau de la nappe d'accompagnement de la Norges et en zone de r\u00e9partition  \ndes eaux de la Tille, mais aussi de ne pas aggraver le risque inondation et d'atteinte \u00e0 la  \ns\u00e9curit\u00e9 des biens et des personnes dans les communes situ\u00e9es en aval de Sennecey-les-\nDijon caus\u00e9s par le rabattement de nappe sans autorisation r\u00e9alis\u00e9 par l'association de  \ncopropri\u00e9taires de la r\u00e9sidence \u00ab Domaine des sources \u00bb ;\nDirection d\u00e9partementale des territoires de la C\u00f4te-d'Or\n57 , rue de Mulhouse - BP 53317 - 21033 Dijon CEDEX\nT\u00e9l. : 03 80 29 44 44\nCourriel : ddt@cote-dor.gouv.fr 3/4\nDirection d\u00e9partementale des territoires de la C\u00f4te-d'Or - 21-2025-04-16-00001 - Arr\u00eat\u00e9 n\u00b0 571 rendant redevable les copropri\u00e9taires\nde la r\u00e9sidence \"Domaine des sources\" situ\u00e9 rue Jean Dorain (parcelle AB234) sur le territoire de la commune de Sennecey-les-Dijon\nd'une astreinte administrative.\n21\nSur proposition de Madame la directrice d\u00e9partementale des territoires de la C\u00f4te-d'Or ;\nARR\u00caTE\nArticle n\u00b01 : Mise en \u0153uvre de l'astreinte administrative.\nL'association de copropri\u00e9taires de la r\u00e9sidence \u00ab  Domaine des sources  \u00bb situ\u00e9e rue Jean  \nDORAIN  (parcelle  AB234)  sur  le  territoire  de  la  commune  de  Sennecey-les-Dijon,  est \nrendue redevable d'une astreinte d'un montant journalier de cinq cents (500) euros jusqu'\u00e0 \nsatisfaction  de  la  mise  en  demeure  signifi\u00e9e  par  l'arr\u00eat\u00e9  pr\u00e9fectoral  n\u00b0 1932  du \n31 d\u00e9cembre  2024 susvis\u00e9.  Cette  astreinte  prend  effet  \u00e0  la  date  de  notification  \u00e0 \nl'int\u00e9ress\u00e9,  via  les  soci\u00e9t\u00e9s  LAMY-IMMOBILIER  et  NEXITY  en  charge  de  la  mission  de \nsyndicat de copropri\u00e9t\u00e9 pour cette association, du pr\u00e9sent arr\u00eat\u00e9.\nSa liquidation compl\u00e8te ou partielle sera ordonn\u00e9e par arr\u00eat\u00e9 pr\u00e9fectoral.\nArticle n\u00b02 : Recours\nLe pr\u00e9sent arr\u00eat\u00e9 est susceptible de recours contentieux devant le :\nTribunal administratif de Dijon\n22, rue d'Assas - BP 61616\n21016 DIJON CEDEX\ndans un d\u00e9lai de deux (2) mois \u00e0 compter du jour o\u00f9 la pr\u00e9sente d\u00e9cision lui a \u00e9t\u00e9 notifi\u00e9e.\nLe  tribunal  administratif  peut  \u00eatre  saisi  par  un  recours  d\u00e9pos\u00e9  via  l'application \n\u00ab T\u00e9l\u00e9recours citoyen \u00bb accessible sur le site www.telerecours.fr.\nL'opposition \u00e0 l'\u00e9tat ex\u00e9cutoire devant le juge administratif n'a pas de caract\u00e8re suspensif.\nArticle n\u00b03 : Ex\u00e9cution et publication.\n\u2022 la directrice d\u00e9partementale des territoires de la C\u00f4te-d'Or ;\n\u2022 le directeur r\u00e9gional des Finances publiques de Bourgogne Franche-Comt\u00e9 ;\nsont charg\u00e9s, chacun en ce qui le concerne, de l'ex\u00e9cution du pr\u00e9sent arr\u00eat\u00e9 qui sera  \npubli\u00e9 au recueil des actes administratifs de la pr\u00e9fecture de la C\u00f4te-d'Or conform\u00e9ment \u00e0 \nl'article R.214-49 du Code de l'environnement.\nFait \u00e0 DIJON, le 16 avril 2025\nLa directrice d\u00e9partementale des territoires,\nManuelle DUPUY\nDirection d\u00e9partementale des territoires de la C\u00f4te-d'Or\n57 , rue de Mulhouse - BP 53317 - 21033 Dijon CEDEX\nT\u00e9l. : 03 80 29 44 44\nCourriel : ddt@cote-dor.gouv.fr 4/4\nDirection d\u00e9partementale des territoires de la C\u00f4te-d'Or - 21-2025-04-16-00001 - Arr\u00eat\u00e9 n\u00b0 571 rendant redevable les copropri\u00e9taires\nde la r\u00e9sidence \"Domaine des sources\" situ\u00e9 rue Jean Dorain (parcelle AB234) sur le territoire de la commune de Sennecey-les-Dijon\nd'une astreinte administrative.\n22\nDirection d\u00e9partementale des territoires de la\nC\u00f4te-d'Or\nService S\u00e9curit\u00e9 et Education Routi\u00e8re\n21-2025-04-11-00002\nArr\u00eat\u00e9 Pr\u00e9fectoral N\u00b0 572 relatif \u00e0 la circulation\nd'un petit train touristique sur le territoire de la\ncommune de \nSavigny-l\u00e8s-Beaune les 3 et 4 mai 2025\nDirection d\u00e9partementale des territoires de la C\u00f4te-d'Or - 21-2025-04-11-00002 - Arr\u00eat\u00e9 Pr\u00e9fectoral N\u00b0 572 relatif \u00e0 la circulation d'un\npetit train touristique sur le territoire de la commune de \nSavigny-l\u00e8s-Beaune les 3 et 4 mai 2025\n23\nExPREFETDE LACOTE-D'ORLibert\u00e9Egalit\u00e9Fraternit\u00e9\nDirection d\u00e9partementale des territoires\nde la C\u00f4te-d'Or\nAffaire suivie par Manon BEAULIEU     \nService de la s\u00e9curit\u00e9 et de l'\u00e9ducation routi\u00e8re\nBureau de la s\u00e9curit\u00e9 routi\u00e8re\nT\u00e9l : 03 80 29 44 23\nm\u00e9l : ddt-transports@cote-dor.gouv.fr \nArr\u00eat\u00e9 Pr\u00e9fectoral N\u00b0 572\nrelatif \u00e0 la circulation d'un petit train touristique sur le territoire de la commune de \nSavigny-l\u00e8s-Beaune les 3 et 4 mai 2025\nLe pr\u00e9fet de la r\u00e9gion Bourgogne-Franche-Comt\u00e9\nPr\u00e9fet de la C\u00f4te-d'Or\nVU le code de la route, et notamment ses articles R. 317-21, R. 411-3 \u00e0 R. 411-6 et R. 411-8 ;\nVU l'arr\u00eat\u00e9 du 4 juillet 1972 modifi\u00e9 relatif aux feux sp\u00e9ciaux des v\u00e9hicules \u00e0 progression lente ;\nVU l'arr\u00eat\u00e9 du 22 janvier 2015 d\u00e9finissant les caract\u00e9ristiques et les conditions d'utilisation  \ndes v\u00e9hicules, autres que les autocars et les autobus, destin\u00e9s \u00e0 des usages de tourisme et de  \nloisirs ;\nVU l'arr\u00eat\u00e9 pr\u00e9fectoral n\u00b0 75 / SG du 14 janvier 2025 donnant d\u00e9l\u00e9gation de signature \u00e0  \nMadame Nadine MUCKENSTURM, directrice d\u00e9partementale des territoires de la C\u00f4te-d'Or  \npar int\u00e9rim ;\nVU l'arr\u00eat\u00e9 n\u00b0 379 du 6 mars 2025 portant subd\u00e9l\u00e9gation de signature aux agents de la  \ndirection d\u00e9partementale des territoires de C\u00f4te-d'Or ;\nVU l'arr\u00eat\u00e9 municipal du 26 mars 2025 n\u00b02025AR33 portant r\u00e9glementation de la circulation  \nles samedi 3 et dimanche 4 mai 2025 ;\nVU le proc\u00e8s-verbal de visite technique initiale du v\u00e9hicule tracteur immatricul\u00e9 DG-834-DA  \nd\u00e9livr\u00e9  par  le  constructeur,  la  Soci\u00e9t\u00e9  MICHEL  PRAT,  Z.I.  26380  PEYRINS,  en  date  du  \n27/05/2014 ;\nDirection d\u00e9partementale des territoires de la C\u00f4te-d'Or\n57, rue de Mulhouse - BP 53317 - 21033 Dijon CEDEX\nT\u00e9l. : 03 80 29 44 44\nCourriel : ddt@cote-dor.gouv.fr\nDirection d\u00e9partementale des territoires de la C\u00f4te-d'Or - 21-2025-04-11-00002 - Arr\u00eat\u00e9 Pr\u00e9fectoral N\u00b0 572 relatif \u00e0 la circulation d'un\npetit train touristique sur le territoire de la commune de \nSavigny-l\u00e8s-Beaune les 3 et 4 mai 2025\n24\nVU le proc\u00e8s-verbal de visite technique initiale du v\u00e9hicule tracteur immatricul\u00e9 DQ-814-ZY  \nd\u00e9livr\u00e9 par O. ROYES, inspecteur APAVE ;\nVU le proc\u00e8s-verbal de visite technique p\u00e9riodique du petit train routier immatricul\u00e9 DQ-814-\nZY  et  de  ses  wagons  immatricul\u00e9s  DQ-830-ZY,  DQ-800-ZY  et  DQ-786-ZY,  d\u00e9livr\u00e9  par  la  \nSoci\u00e9t\u00e9 DEKRA Industrial SAS, 36 avenue Jean Mermoz, 69355 LYON en date du 27/02/2025 ;\nVU le proc\u00e8s-verbal de visite technique p\u00e9riodique du petit train routier immatricul\u00e9 DG-834-\nDA,  et  de  ses  wagons  immatricul\u00e9s  DG-868-DA,  DG-919-DA,  DG-949-DA,  d\u00e9livr\u00e9  par  la  \nSoci\u00e9t\u00e9 DEKRA Industrial SAS, 36 avenue Jean Mermoz, 69355 LYON en date du 27/02/2025 ;\nVU la licence n\u00b0 2021/84/0000083 pour le transport int\u00e9rieur de personnes par route pour  \ncompte d'autrui de la SARL \u00ab  SABY ATTRACTIONS ANIMATIONS LOISIRS \u00bb valable jusqu'au  \n31/12/2025 ;\nVU le r\u00e8glement de s\u00e9curit\u00e9 d'exploitation annex\u00e9 relatif \u00e0 l'itin\u00e9raire demand\u00e9 ;\nVU la demande de la commune de Savigny-les-Beaune en date du 14 mars 2025 ;\nVU les  certificats  d'assurances  AXA  valables  jusqu'au  30/01/2026  d\u00e9livr\u00e9s  \u00e0  la  SAS  SABY  \nATTRACTIONS, titulaire du contrat n\u00b0 0000011188009104, garantissant la responsabilit\u00e9 civile  \ndes locomotives immatricul\u00e9es DQ-814-ZY et DG-834-DA et de leurs wagons immatricul\u00e9s  \nDQ-830-ZY, DQ-800-ZY, DQ-786-ZY, DG-868-DA, DG-919-DA, DG-949-DA ;\nVU l'avis favorable  du Conseil D\u00e9partemental de la C\u00f4te-d'Or en date du 28 mars 2025 ;\nVU l'avis favorable de l'escadron d\u00e9partemental de s\u00e9curit\u00e9 routi\u00e8re (EDSR) en date du 7 avril  \n2025 ;\nSUR proposition de Madame la directrice d\u00e9partementale des territoires de la C\u00f4te-d'Or par  \nint\u00e9rim ;\nARRETE\nArticle 1er : \nLa soci\u00e9t\u00e9 SABY ATTRACTIONS ANIMATIONS LOISIRS est autoris\u00e9e \u00e0 mettre en circulation \u00e0  \ndes fins touristiques ou de loisirs, deux petits trains routiers touristiques de cat\u00e9gorie I et III,  \npour la p\u00e9riode du 3 et 4 mai 2025, \u00e0 l'occasion de la manifestation \u00ab   Bienvenue \u00e0 Savigny \u00bb, \nsur le territoire de la commune de Savigny-l\u00e8s-Beaune , suivant le trajet d\u00e9fini au plan  annex\u00e9 \nau pr\u00e9sent arr\u00eat\u00e9.\nArticle 2 :\nToute modification du trajet ou de ses caract\u00e9ristiques routi\u00e8res ainsi que toute modification  \ndes v\u00e9hicules entra\u00eene la perte de validit\u00e9 du pr\u00e9sent arr\u00eat\u00e9.\nDirection d\u00e9partementale des territoires de la C\u00f4te-d'Or\n57, rue de Mulhouse - BP 53317 - 21033 Dijon CEDEX\nT\u00e9l. : 03 80 29 44 44\nCourriel : ddt@cote-dor.gouv.fr \nDirection d\u00e9partementale des territoires de la C\u00f4te-d'Or - 21-2025-04-11-00002 - Arr\u00eat\u00e9 Pr\u00e9fectoral N\u00b0 572 relatif \u00e0 la circulation d'un\npetit train touristique sur le territoire de la commune de \nSavigny-l\u00e8s-Beaune les 3 et 4 mai 2025\n25\nArticle 3 :\nLe proc\u00e8s-verbal de visite technique initiale, le proc\u00e8s-verbal de la derni\u00e8re visite technique  \np\u00e9riodique, l'autorisation de circulation et le pr\u00e9sent arr\u00eat\u00e9 doivent \u00eatre \u00e0 bord des petits  \ntrains routiers afin d'\u00eatre pr\u00e9sent\u00e9s \u00e0 toute r\u00e9quisition des agents charg\u00e9s du contr\u00f4le.\nArticle 4 :\nAvant la manifestation, les organisateurs devront interroger M\u00e9t\u00e9o France (soit par internet  : \nhttp://france.meteofrance.com/ soit par le r\u00e9pondeur t\u00e9l\u00e9phonique au 05.67.22.95.00, ) afin  \nde conna\u00eetre la couleur de la carte de vigilance m\u00e9t\u00e9o et prendre toute mesure adapt\u00e9e.  \nDans  l'hypoth\u00e8se  d'une  carte  orange  ou  rouge,  il  leur  appartiendra  de  prendre  les  \ndispositions qui s'imposent, voire d'annuler la circulation du petit train.\nArticle 5 :\nLe pr\u00e9sent arr\u00eat\u00e9 peut faire l'objet d'un recours contentieux devant le tribunal administratif  \nde Dijon dans un d\u00e9lai de deux mois \u00e0 compter de sa publication. Un recours peut \u00eatre  \nd\u00e9pos\u00e9  via  l'application  T\u00e9l\u00e9recours  citoyens  accessible  par  le  site  internet  \nwww.telerecours.fr.\nArticle 6 :\nLe directeur r\u00e9gional de l'environnement, de l'am\u00e9nagement et du logement (DREAL), le  \ncommandant de la r\u00e9gion de gendarmerie de Bourgogne-Franche-Comt\u00e9 et du groupement  \nde gendarmerie de la C\u00f4te-d'Or, la directrice d\u00e9partementale des territoires de la C\u00f4te-d'Or  \npar int\u00e9rim, le maire de Savigny-l\u00e8s-Beaune et la soci\u00e9t\u00e9 SABY ATTRACTIONS ANIMATIONS  \nLOISIRS sont charg\u00e9s, chacun en ce qui le concerne, de l'ex\u00e9cution du pr\u00e9sent arr\u00eat\u00e9 qui sera  \npubli\u00e9 au Recueil des Actes Administratifs de la Pr\u00e9fecture de la C\u00f4te-d'Or.\nFait \u00e0 Dijon, le 11 avril 2025\nPour le Pr\u00e9fet et par d\u00e9l\u00e9gation,\nLe Chef du Bureau S\u00e9curit\u00e9 Routi\u00e8re,\nSIGNE\nPhilippe MUNIER\nDirection d\u00e9partementale des territoires de la C\u00f4te-d'Or\n57, rue de Mulhouse - BP 53317 - 21033 Dijon CEDEX\nT\u00e9l. : 03 80 29 44 44\nCourriel : ddt@cote-dor.gouv.fr \nDirection d\u00e9partementale des territoires de la C\u00f4te-d'Or - 21-2025-04-11-00002 - Arr\u00eat\u00e9 Pr\u00e9fectoral N\u00b0 572 relatif \u00e0 la circulation d'un\npetit train touristique sur le territoire de la commune de \nSavigny-l\u00e8s-Beaune les 3 et 4 mai 2025\n26\n000011-91P3|euneagy3aljseped\u00c6s\nDirection d\u00e9partementale des territoires de la C\u00f4te-d'Or\n57, rue de Mulhouse - BP 53317 - 21033 Dijon CEDEX\nT\u00e9l. : 03 80 29 44 44\nCourriel : ddt@cote-dor.gouv.fr \nAnnexe 1/3\nAnnexe 1 \u00e0 l'arr\u00eat\u00e9 pr\u00e9fectoral\nN\u00b0572 du 11 avril 2025\nLe Pr\u00e9fet et par d\u00e9l\u00e9gation,\nLe chef du Bureau S\u00e9curit\u00e9 Routi\u00e8re,\nSIGNE\nPhilippe MUNIER\nDirection d\u00e9partementale des territoires de la C\u00f4te-d'Or - 21-2025-04-11-00002 - Arr\u00eat\u00e9 Pr\u00e9fectoral N\u00b0 572 relatif \u00e0 la circulation d'un\npetit train touristique sur le territoire de la commune de \nSavigny-l\u00e8s-Beaune les 3 et 4 mai 2025\n27\nS3113N9XNY'==euneegvensepeg@x\nDirection d\u00e9partementale des territoires de la C\u00f4te-d'Or\n57, rue de Mulhouse - BP 53317 - 21033 Dijon CEDEX\nT\u00e9l. : 03 80 29 44 44\nCourriel : ddt@cote-dor.gouv.fr \nAnnexe 2 \u00e0 l'arr\u00eat\u00e9 pr\u00e9fectoral\nN\u00b0572 du 11 avril 2025\nLe Pr\u00e9fet et par d\u00e9l\u00e9gation,\nLe chef du Bureau S\u00e9curit\u00e9 Routi\u00e8re,\nSIGNE\nPhilippe MUNIER\nAnnexe 2/3\nDirection d\u00e9partementale des territoires de la C\u00f4te-d'Or - 21-2025-04-11-00002 - Arr\u00eat\u00e9 Pr\u00e9fectoral N\u00b0 572 relatif \u00e0 la circulation d'un\npetit train touristique sur le territoire de la commune de \nSavigny-l\u00e8s-Beaune les 3 et 4 mai 2025\n28\nL=t  #= 4/F  5  ING T ) \u00a5t  B  Yv J Lt b ke ut t E 1I T L L L.../ii \u2014- \u00a3 1115 \u00a2 -\nLe pr\u00e9sent document sera annex\u00e9 \u00e0 l'autorisation pr\u00e9fectorale de circulation despetits trains.L'ensemble du trac\u00e9 est relativement plat, sans pente significative.Les petits trains circulent sur la voie publique.Prise en charge et d\u00e9pose des passagers sur la droite.V\u00e9rifications que les personnes soient mont\u00e9es ou descendues avant de d\u00e9marrerle train.Le circuit n'a pas de points sensibles.Les conditions de circulation sont des conditions de circulation normale d'uneagglom\u00e9ration.Dans les carrefours, le conducteur doit veiller \u00e0 ne s'engager dans un carrefourque s'il a la certitude de ne pas \u00eatre une g\u00eane \u00e0 la circulation.Il faut avoir une vigilance accrue par rapport aux travers\u00e9es inopin\u00e9es despi\u00e9tons.Il faut interdire toute descente avant l'arr\u00eat complet du train.\nDirection d\u00e9partementale des territoires de la C\u00f4te-d'Or\n57, rue de Mulhouse - BP 53317 - 21033 Dijon CEDEX\nT\u00e9l. : 03 80 29 44 44\nCourriel : ddt@cote-dor.gouv.fr \nAnnexe 3/3\nAnnexe 3 \u00e0 l'arr\u00eat\u00e9 pr\u00e9fectoral\nN\u00b0572 du 11 avril 2025\nLe Pr\u00e9fet et par d\u00e9l\u00e9gation,\nLe chef du Bureau S\u00e9curit\u00e9 Routi\u00e8re,\nSIGNE\nPhilippe MUNIER\nDirection d\u00e9partementale des territoires de la C\u00f4te-d'Or - 21-2025-04-11-00002 - Arr\u00eat\u00e9 Pr\u00e9fectoral N\u00b0 572 relatif \u00e0 la circulation d'un\npetit train touristique sur le territoire de la commune de \nSavigny-l\u00e8s-Beaune les 3 et 4 mai 2025\n29\nDirection d\u00e9partementale des territoires de la C\u00f4te-d'Or\n57, rue de Mulhouse - BP 53317 - 21033 Dijon CEDEX\nT\u00e9l. : 03 80 29 44 44\nCourriel : ddt@cote-dor.gouv.fr \nDirection d\u00e9partementale des territoires de la C\u00f4te-d'Or - 21-2025-04-11-00002 - Arr\u00eat\u00e9 Pr\u00e9fectoral N\u00b0 572 relatif \u00e0 la circulation d'un\npetit train touristique sur le territoire de la commune de \nSavigny-l\u00e8s-Beaune les 3 et 4 mai 2025\n30\nDRFiP Bourgogne Franche-Comt\u00e9\n21-2025-04-14-00004\nDRFIP21-d\u00e9l\u00e9gation de signature aux\nresponsables du p\u00f4le pilotage et ressources et\ndu p\u00f4le gestion fiscale 14-04-2025\nDRFiP Bourgogne Franche-Comt\u00e9 - 21-2025-04-14-00004 - DRFIP21-d\u00e9l\u00e9gation de signature aux responsables du p\u00f4le pilotage et\nressources et du p\u00f4le gestion fiscale 14-04-2025 31\nREPUBLIQUEFRANCAISELibert\u00e9Egalit\u00e9Fraternit\u00e9\nTFINANCES PUBLIQUES\nDIRECTION G\u00c9N\u00c9RALE DES FINANCES PUBLIQUES \nDIRECTION R\u00c9GIONALE DES FINANCES PUBLIQUES DE BOURGOGNE-\nFRANCHE-COMT\u00c9 ET DU D\u00c9PARTEMENT DE LA C\u00d4TE-D'OR\nD\u00e9cision de d\u00e9l\u00e9gation de signature aux responsables du p\u00f4le pilotage et ressources et du\np\u00f4le gestion fiscale\nL'administratrice g\u00e9n\u00e9rale des finances publiques, directrice r\u00e9gionale des finances\npubliques de Bourgogne-Franche-Comt\u00e9 et du d\u00e9partement de la C\u00f4te-d'Or\nVU le d\u00e9cret n\u00b0 2008-309 du 3 avril 2008 portant dispositions transitoires relatives\n\u00e0 la direction g\u00e9n\u00e9rale des finances publiques ;\nVU le d\u00e9cret n\u00b02008-310 du 3 avril 2008 relatif \u00e0 la direction g\u00e9n\u00e9rale des finances\npubliques ;\nVU  le  d\u00e9cret  n\u00b02009-208  du  20  f\u00e9vrier  2009  relatif  au  statut  particulier  des\nadministrateurs des finances publiques ;\nVU le d\u00e9cret n\u00b02009-707 du 16 juin 2009 relatif aux services d\u00e9concentr\u00e9s de la\ndirection g\u00e9n\u00e9rale des finances publiques ;\nVU le d\u00e9cret n\u00b0 2012-1246 du 7 novembre 2012 relatif \u00e0 la gestion budg\u00e9taire et\ncomptable publique ;\nVU l'arr\u00eat\u00e9 du 18 juin 2009, portant cr\u00e9ation de la direction r\u00e9gionale des finances\npubliques de la r\u00e9gion Bourgogne et du d\u00e9partement de la C\u00f4te-d'Or ;\nVU le  d\u00e9cret  du  5  d\u00e9cembre  2022  portant  nomination  de  M me  H\u00e9l\u00e8ne\nCROCQUEVIEILLE, administratrice g\u00e9n\u00e9rale des finances publiques, en qualit\u00e9 de directrice\nr\u00e9gionale des finances publiques de Bourgogne-Franche-Comt\u00e9 et du d\u00e9partement de la C\u00f4te-\nd'Or ;\nVU la d\u00e9cision du directeur g\u00e9n\u00e9ral des finances publiques en date du 5 d\u00e9cembre\n2022 fixant au 20 d\u00e9cembre 2022 la date d'installation de  Mme H\u00e9l\u00e8ne CROCQUEVIEILLE\ndans les  fonctions  de directrice r\u00e9gionale  des finances publiques de Bourgogne-Franche-\nComt\u00e9 et du d\u00e9partement de la C\u00f4te-d'Or ;\nDRFiP Bourgogne Franche-Comt\u00e9 - 21-2025-04-14-00004 - DRFIP21-d\u00e9l\u00e9gation de signature aux responsables du p\u00f4le pilotage et\nressources et du p\u00f4le gestion fiscale 14-04-2025 32\nsisn\u00e9\nD\u00c9CIDE :\nArticle 1 - D\u00e9l\u00e9gation de signature est donn\u00e9e \u00e0 :\n- M. \u00c9tienne LEPAGE , administrateur des finances publiques,  responsable du p\u00f4le gestion\nfiscale,\n- M.  Jean-Luc  GRANDJACQUET,  administrateur  des  finances  publiques,  responsable\nr\u00e9gional de la politique immobili\u00e8re de l'\u00c9tat\n\u00e0 l'effet de me suppl\u00e9er dans l'exercice de mes fonctions et de signer, seuls, ou concurremment\navec moi, sous r\u00e9serve des dispositions de l'article 2 et des restrictions express\u00e9ment pr\u00e9vues par\nla r\u00e9glementation, tous les actes relatifs \u00e0 ma gestion et aux affaires qui s'y rattachent.\nIls sont autoris\u00e9s \u00e0 agir en justice et effectuer des d\u00e9clarations de cr\u00e9ances.\nArticle 2 \u2013 Sont exclus du champ de la pr\u00e9sente d\u00e9l\u00e9gation tous les actes aff\u00e9rents \u00e0 l'exercice\ndes missions exclusivement d\u00e9volues aux comptables publics par l'article 18 du d\u00e9cret n\u00b0 2012-\n1246 du 7 novembre 2012.\nArticle 3 \u2013 la pr\u00e9sente d\u00e9cision sera publi\u00e9e au recueil des actes administratifs du d\u00e9partement de\nla C\u00f4te-d'Or. \nFait \u00e0 Dijon, le 14 avril 2025\nH\u00e9l\u00e8ne CROCQUEVIEILLE\nDRFiP Bourgogne Franche-Comt\u00e9 - 21-2025-04-14-00004 - DRFIP21-d\u00e9l\u00e9gation de signature aux responsables du p\u00f4le pilotage et\nressources et du p\u00f4le gestion fiscale 14-04-2025 33\nDRFiP Bourgogne Franche-Comt\u00e9\n21-2025-04-14-00005\nDRFIP21-d\u00e9l\u00e9gation g\u00e9n\u00e9rale  de signature au\nresponsable du p\u00f4le  gestion publique\n14-04-2025\nDRFiP Bourgogne Franche-Comt\u00e9 - 21-2025-04-14-00005 - DRFIP21-d\u00e9l\u00e9gation g\u00e9n\u00e9rale  de signature au responsable du p\u00f4le  gestion\npublique 14-04-2025 34\nREPUBLIQUEFRANCAISELibert\u00e9Egalit\u00e9Fraternit\u00e9\nTFINANCES PUBLIQUES\nDIRECTION G\u00c9N\u00c9RALE DES FINANCES PUBLIQUES \nDIRECTION R\u00c9GIONALE DES FINANCES PUBLIQUES DE BOURGOGNE-\nFRANCHE-COMT\u00c9 ET DU D\u00c9PARTEMENT DE LA C\u00d4TE-D'OR\nD\u00e9cision de d\u00e9l\u00e9gation g\u00e9n\u00e9rale de signature au responsable du p\u00f4le gestion publique\nL'administratrice g\u00e9n\u00e9rale des finances publiques,\ndirectrice r\u00e9gionale des finances publiques de Bourgogne-Franche-Comt\u00e9 et du\nd\u00e9partement de la C\u00f4te-d'Or\nVU le d\u00e9cret n\u00b0 2008-309 du 3 avril 2008 portant dispositions transitoires relatives\n\u00e0 la direction g\u00e9n\u00e9rale des finances publiques ;\nVU le d\u00e9cret n\u00b02008-310 du 3 avril 2008 relatif \u00e0 la direction g\u00e9n\u00e9rale des finances\npubliques ;\nVU le  d\u00e9cret  n\u00b02009-208  du  20  f\u00e9vrier  2009  relatif  au  statut  particulier  des\nadministrateurs des finances publiques ;\nVU le d\u00e9cret n\u00b02009-707 du 16 juin 2009 relatif aux services d\u00e9concentr\u00e9s de la\ndirection g\u00e9n\u00e9rale des finances publiques ;\nVU le d\u00e9cret n\u00b0 2012-1246 du 7 novembre 2012  relatif \u00e0 la gestion budg\u00e9taire et\ncomptable publique ;\nVU  l'arr\u00eat\u00e9 du 18 juin 2009, portant cr\u00e9ation de la direction r\u00e9gionale des finances\npubliques de la r\u00e9gion Bourgogne et du d\u00e9partement de la C\u00f4te-d'Or ;\nVU le  d\u00e9cret  du  5  d\u00e9cembre  2022  portant  nomination  de  Mme  H\u00e9l\u00e8ne\nCROCQUEVIEILLE, administratrice g\u00e9n\u00e9rale des finances publiques, en qualit\u00e9 de directrice\nr\u00e9gionale des finances publiques de Bourgogne-Franche-Comt\u00e9 et du d\u00e9partement de la C\u00f4te-\nd'Or ;\nVU la d\u00e9cision du directeur g\u00e9n\u00e9ral des finances publiques en date du 5 d\u00e9cembre\n2022 fixant au 20 d\u00e9cembre 2022 la date d'installation  de Mme H\u00e9l\u00e8ne CROCQUEVIEILLE\ndans les fonctions  de directrice r\u00e9gionale  des finances publiques  de Bourgogne-Franche-\nComt\u00e9 et du d\u00e9partement de la C\u00f4te-d'Or ;\nDRFiP Bourgogne Franche-Comt\u00e9 - 21-2025-04-14-00005 - DRFIP21-d\u00e9l\u00e9gation g\u00e9n\u00e9rale  de signature au responsable du p\u00f4le  gestion\npublique 14-04-2025 35\nsiS\"\u00e9\nD\u00c9CIDE :\nArticle 1  - D\u00e9l\u00e9gation de signature est donn\u00e9e \u00e0  Mme Armelle BURDY  , administratrice des\nfinances publiques, responsable du p\u00f4le gestion publique.\nCelle-ci re\u00e7oit mandat de me suppl\u00e9er dans l'exercice de mes fonctions et de signer, seule, ou\nconcurremment avec moi, tous les actes relatifs \u00e0 ma gestion et aux affaires qui s'y rattachent, en\ncas d'absence ou d'emp\u00eachement de ma part, sans toutefois que cet emp\u00eachement puisse \u00eatre\ninvoqu\u00e9 par des tiers ou oppos\u00e9 \u00e0 eux, sous r\u00e9serve des d\u00e9l\u00e9gations sp\u00e9cifiques relatives au\ncontentieux fiscal et sous r\u00e9serve des restrictions express\u00e9ment pr\u00e9vues par la r\u00e9glementation. \nElle est autoris\u00e9e \u00e0 agir en justice et effectuer des d\u00e9clarations de cr\u00e9ances.\nArticle 2 \u2013 Sont exclus du champ de la pr\u00e9sente d\u00e9l\u00e9gation :\n- la mise en d\u00e9bet des comptables secondaires et des r\u00e9gisseurs du secteur public local ;\n- toute d\u00e9cision sur les dossiers en d\u00e9charge de responsabilit\u00e9 et en remise gracieuse pr\u00e9sent\u00e9s\npar ces derniers ;\n- l'assignation en redressement judiciaire ou liquidation judiciaire d'une personne physique ou\nmorale ;\n- l'assignation en justice des dirigeants de soci\u00e9t\u00e9 ;\n- la signature du compte de gestion\nDe m\u00eame, sont exclus du champ d'application de ces d\u00e9l\u00e9gations les actes et d\u00e9cisions relevant\ndes domaines suivants qui font l'objet de d\u00e9l\u00e9gations particuli\u00e8res :\n- l'autorisation de recouvrement contentieux par voie de vente mobili\u00e8re,\n- le contr\u00f4le budg\u00e9taire en r\u00e9gion,\n- le domaine et la gestion des patrimoines priv\u00e9s,\n- l'homologation des r\u00f4les,\n- l'envoi des \u00e9tats 1259,\n- la fonction de charg\u00e9e de relation \u00e0 la Caisse des D\u00e9p\u00f4ts et Consignations.\nArticle 3 \u2013 L a pr\u00e9sente d\u00e9cision sera publi\u00e9e au recueil des actes administratifs du d\u00e9partement\nde la C\u00f4te-d'Or. \nFait \u00e0 Dijon, le 14 avril 2025\nH\u00e9l\u00e8ne CROCQUEVIEILLE\nDRFiP Bourgogne Franche-Comt\u00e9 - 21-2025-04-14-00005 - DRFIP21-d\u00e9l\u00e9gation g\u00e9n\u00e9rale  de signature au responsable du p\u00f4le  gestion\npublique 14-04-2025 36\nGroupement de Coop\u00e9ration sanitaire du Grand\nEst\n21-2025-04-09-00002\nD\u00e9cision num\u00e9ro 1 - d\u00e9l\u00e9gation de signature pour\nles actes de gestion courante - Alban DUPOUX \nGroupement de Coop\u00e9ration sanitaire du Grand Est - 21-2025-04-09-00002 - D\u00e9cision num\u00e9ro 1 - d\u00e9l\u00e9gation de signature pour les\nactes de gestion courante - Alban DUPOUX 37\n \n \nD\u00e9cision n\u00b01 \n \n \n \nMonsieur Arnaud VANNESTE , Direct eur G\u00e9n\u00e9ral  du Centre Hospitalier Universitaire de Nancy et \nAdministrateur du Groupement de Coop\u00e9ration Sanitaire Groupement du Grand Est (GGEST) \n \nd\u00e9cide : \n \n \nArticle 1 \u2013 Objet \n \nMonsieur Arnaud VANNESTE , Directeur G\u00e9n\u00e9ral du Centre Hospitalier Universitaire de Nancy et Administrateur du \nGroupement de Coop\u00e9ration Sanitaire Groupement du Grand Est (GGEST) donne d\u00e9l\u00e9gation de si gnature \u00e0 \nMonsieur Alban DUPOUX, D\u00e9l\u00e9gu\u00e9 G\u00e9n\u00e9ral, pour les actes de gestion courante : \n\uf0b7 Validation des remboursements des d\u00e9placements et des frais de mission dans le cadre des missions du \nGGEST. \n\uf0b7 Validation des devis, bons de commandes et des bordereaux de mandats relatifs \u00e0 des d\u00e9penses pr\u00e9vues par \nl'Etat Pr\u00e9visionnel des Rece ttes et des D\u00e9penses du GGEST d\u00e8s lors que le montant unitaire de chaque \nd\u00e9pense comprise dans le bordereau est inf\u00e9rieur \u00e0 6 000 \u20ac (six mille euros). \n\uf0b7 Signature des bordereaux de titres de recettes \n \nIl est pr\u00e9cis\u00e9 par ailleurs que toutes les conventions \u00e9tablies par le GCS GGEST sont sign\u00e9es par l'Administrateur. \n \n \nArticle 2 - Effet et publicit\u00e9 \n \nLa pr\u00e9sente d\u00e9cision est applicable \u00e0 compter de sa date de publication au recueil des actes administratifs. \nLa pr\u00e9sente d\u00e9cision sera transmise \u00e0 l'Agent comptable du GCS GGEST. \n \n \nFait en deux exemplaires originaux, \nLe 9 avril 2025, \n \n \n          L'Administrateur  \n        du GCS Groupement du Grand Est \n \n \n \n \nAlban DUPOUX         Arnaud VANNESTE, \n   D\u00e9l\u00e9gu\u00e9 G\u00e9n\u00e9ral         Directeur G\u00e9n\u00e9ral du CHU de Nancy \nGroupement de Coop\u00e9ration sanitaire du Grand Est - 21-2025-04-09-00002 - D\u00e9cision num\u00e9ro 1 - d\u00e9l\u00e9gation de signature pour les\nactes de gestion courante - Alban DUPOUX 38\nPr\u00e9fecture de la C\u00f4te-d'Or\n21-2025-04-14-00001\nArr\u00eat\u00e9 pr\u00e9fectoral n\u00b0567 fixant la liste des\nmandataires judiciaires \u00e0 la protection des\nmajeurs et des d\u00e9l\u00e9gu\u00e9s aux prestations\nfamiliales\nPr\u00e9fecture de la C\u00f4te-d'Or - 21-2025-04-14-00001 - Arr\u00eat\u00e9 pr\u00e9fectoral n\u00b0567 fixant la liste des mandataires judiciaires \u00e0 la protection\ndes majeurs et des d\u00e9l\u00e9gu\u00e9s aux prestations familiales 39\nExPREFETDE LACOTE-D'ORL,z'bert\u00e9Egalit\u00e9Fraternit\u00e9\nDirection d\u00e9partementale\nde l'emploi, du travail et des solidarit\u00e9s\nP\u00f4le Solidarit\u00e9s\nUnit\u00e9 Protection des personnes vuln\u00e9rables\nARR\u00caT\u00c9 PR\u00c9FECTORAL n\u00b0 567 \nfixant la liste des mandataires judiciaires \u00e0 la protection des majeurs \net des d\u00e9l\u00e9gu\u00e9s aux prestations familiales\nLe pr\u00e9fet de la C\u00f4te-d'Or,\nVu le code de l'action sociale et des familles, notamment ses articles L. 471-2 et L. 474-1 ;\nVu la loi n\u00b0 2007-308 du 5 mars 2007 portant r\u00e9forme de la protection juridique des majeurs ;\nVu le sch\u00e9ma r\u00e9gional des mandataires judiciaires \u00e0 la protection des majeurs et des d\u00e9l\u00e9gu\u00e9s aux  \nprestations familiales de la r\u00e9gion Bourgogne-Franche-Comt\u00e9  pour la p\u00e9riode 2024-2028 publi\u00e9 le 9  \njuillet 2024 ;\nVu l'arr\u00eat\u00e9 pr\u00e9fectoral n\u00b0 602/2023  du 23 mars 2023  fixant la liste des m andataires judiciaires \u00e0 la  \nprotection des majeurs et des d\u00e9l\u00e9gu\u00e9s aux prestations familiales ; \nVu l'arr\u00eat\u00e9 pr\u00e9fectoral n \u00b0 1084/2024 du 25 juin 2024 portant retrait de l'agr\u00e9ment pour l'exercice \u00e0 titre \nindividuel de l'activit\u00e9 de mandataire judiciaire \u00e0 la protection des majeurs de madame Tahina BRUN ;\nVu l'arr\u00eat\u00e9 pr\u00e9fectoral n\u00b0 1230/2024 du 24 juillet 2024 portant autorisation de cr\u00e9ation d'un service  \nmandataire judiciaire \u00e0 la protection des majeurs dans le d\u00e9partement de la C\u00f4te-d'Or accord\u00e9e \u00e0 la  \nSDAT ;\nVu le courrier de monsieur Roland AUBERTOT du 18 novembre 2024 informant de la fin de son activit\u00e9  \nde mandataire judiciaire \u00e0 la protection des majeurs exer\u00e7ant \u00e0 titre individuel ;\nConsid\u00e9rant la nomination de madame Sylvie GOULETTE en qualit\u00e9 de pr\u00e9pos\u00e9e mandataire judiciaire  \ndes \u00e9tablissements Centre Hospitalier \u00ab  Robert Morlevat  \u00bb de Semur-en-Auxois et Centre Hospitalier  \nde la Haute C\u00f4te-d'Or ;\nConsid\u00e9rant la nomination de madame Sonia MESEGUER en qualit\u00e9 de pr\u00e9pos\u00e9e mandataire judiciaire  \nde l'\u00e9tablissement Centre Hospitalier de la Haute C\u00f4te-d'Or ;\nSur proposition de la directrice d\u00e9partementale de l'emploi, du travail et des solidarit\u00e9s de la C\u00f4te-\nd'Or ;\nPr\u00e9fecture de la C\u00f4te-d'Or - 21-2025-04-14-00001 - Arr\u00eat\u00e9 pr\u00e9fectoral n\u00b0567 fixant la liste des mandataires judiciaires \u00e0 la protection\ndes majeurs et des d\u00e9l\u00e9gu\u00e9s aux prestations familiales 40\nARR\u00caTE \nArticle 1er     :  \nLa pr\u00e9c\u00e9dente liste d\u00e9partementale des mandataires judiciaires \u00e0 la protection des majeurs et des  \nd\u00e9l\u00e9gu\u00e9s aux prestations familiales, fix\u00e9e par arr\u00eat\u00e9 pr\u00e9fectoral du 23 mars 2023, est abrog\u00e9e . Ses  \ndispositions sont remplac\u00e9es par les suivantes.\nArticle 2     :  \nLa liste des personnes habilit\u00e9es pour \u00eatre d\u00e9sign\u00e9es au titre de l'article L. 471-2 du code de l'action  \nsociale et des familles par les juges des tutelles pour exercer des mesures de protection des majeurs au  \ntitre de la tutelle, de la curatelle ou du mandat sp\u00e9cial auquel il peut \u00eatre recouru dans le cadre de la  \nsauvegarde de justice, est ainsi \u00e9tablie pour le d\u00e9partement de la C\u00f4te-d'Or :\nZones de comp\u00e9tence\nAdressesTribunal \njudiciaire \nde Dijon\nTribunal \nde \nproximit\u00e9 \nde \nBeaune\nTribunal \nde \nproximit\u00e9 \nde \nMontbard\nPersonnes \nmorales \ngestionnaires de \nservices\nVYV3 Bourgogne\nService mandataire judiciaire \u00e0 la protection \ndes majeurs en C\u00f4te-d'Or \n(SMJMP C\u00f4te-d'Or \u2013 VYV3 Bourgogne)\nX X X\n2, rue des Aiguisons\nBP 10051\n21800 QUETIGNY CEDEX\nUnion D\u00e9partementale des Associations \nFamiliales de la C\u00f4te-d'Or (UDAF)\nService des mesures de protection judiciaires X X X\n5, rue Nodot\n21000 DIJON\nSDAT \nService mandataire judiciaire \u00e0 la protection \ndes majeurs en C\u00f4te-d'Or\nX X X 16 rue de la Manutention\n21000 DIJON\nPersonnes \nphysiques \nexer\u00e7ant \u00e0 titre \nindividuel\nMadame Marie-C\u00e9cile AUBRY-BOUCHETARD X X 91 B, rue de Talant\n21000 DIJON\nMonsieur Serge BERCHOFF X X X 20, rue du Centre Arco\n21160 MARSANNAY-LA-C\u00d4TE\nMonsieur Jean-Fran\u00e7ois BERMUDEZ X 29, rue des Fusains\n89200 AVALLON\nMadame Lucette BOUCHARD X BP  52934\n21029 DIJON Cedex\nMadame Maude BRIGNONE X X BP  65\n21202 BEAUNE Cedex\nMonsieur Patrice BRIYS X X\n512 A R\u00e9sidence Ath\u00e9lia\n25, avenue Raymond  Poincar\u00e9\n21000 DIJON\nMadame Line CHALLOY POILLIOT X 27 , rue des Allois\n10130 CHESSY-LES-PR\u00c9S\nMadame Claire DAUMESNIL X X X 11, avenue Chamboland\n21700 NUITS-SAINT-GEORGES\nMonsieur Hubert DE CRECY X X 3, rue Abb\u00e9 Parat\n89200 AVALLON\nMadame Odile DIOT X X Route de Dijon\n21310 B\u00c8ZE\nPr\u00e9fecture de la C\u00f4te-d'Or - 21-2025-04-14-00001 - Arr\u00eat\u00e9 pr\u00e9fectoral n\u00b0567 fixant la liste des mandataires judiciaires \u00e0 la protection\ndes majeurs et des d\u00e9l\u00e9gu\u00e9s aux prestations familiales 41\nMadame Sophie DIRAND X BP  71412\n21014 DIJON Cedex\nMonsieur Mourad EL MJIDI X X BP  40616\n21006 DIJON Cedex\nMadame Anne FLACELI\u00c8RE X BP  1\n21410 FLEUREY SUR OUCHE Cedex\nMadame Jennifer GONZALEZ X BP  51553\n21015 DIJON Cedex\nMadame Gis\u00e8le GOUBARD X 11, rue de Cocelles\n71150 PARIS-L'H\u00d4PITAL\nMonsieur Richard IACOVELLA X BP  10043\n71103 CHALON-SUR-SA\u00d4NE Cedex\nMadame Laetitia JACOB X BP  46230\n21062 DIJON Cedex\nMadame Camille JARLAUD X X X BP  31088\n21010 DIJON Cedex\nMadame Sophie JEROME X X X BP  5\n21530 LA ROCHE-EN-BRENIL\nMadame Nathalie LAGOUCHE X X BP  40315\n21208 BEAUNE Cedex\nMonsieur Fabrice LAPR\u00c9VOTTE X X X BP  6\n21350 VITTEAUX\nMadame Anne-Brigitte MAGERAND X X\nBP  13\nETALANTE\n21510 AIGNAY LE DUC Cedex\nMadame Nad\u00e8ge MIGNARD X X 6, chemin de Champigny\n21510 THOIRES\nMadame Isabel MIRANDA X\nR\u00e9sidence Jean de Cirey\n6, all\u00e9e Cardinal\n21000 DIJON\nMadame Maud MIRET-CASAS X BP  80067\n21910 SAULON LA CHAPELLE Cedex\nMadame Martine PARTHIOT X 6, rue de L\u00e9li\u00e9\n21400 NOD-SUR-SEINE\nMadame Julie PERNOT-SANREY X 9, boulevard Trimolet\n21000 DIJON\nMadame Laurence PERROT X X 12, rue de l'\u00c9glise\n21700 ARGILLY\nMadame Murielle PHILIPPE X X X BP  42880\n21028 DIJON CEDEX\nMadame Ang\u00e9lique REBILLARD X X\nBP  70155\n21704 NUITS-SAINT-GEORGES \nCedex\nPr\u00e9fecture de la C\u00f4te-d'Or - 21-2025-04-14-00001 - Arr\u00eat\u00e9 pr\u00e9fectoral n\u00b0567 fixant la liste des mandataires judiciaires \u00e0 la protection\ndes majeurs et des d\u00e9l\u00e9gu\u00e9s aux prestations familiales 42\nMadame Nathalie ROLLIN X X X\n512 A R\u00e9sidence Ath\u00e9lia\n25, avenue Raymond  Poincar\u00e9\n21000 DIJON\nMadame Wendkouni Sophie SAVADOGO X 33 rue du Four Banal\n89800 COURGIS\nMadame Violaine SAVOI X BP 8\n21350 VITTEAUX Cedex\nMadame Sandrine SFEIR X 60 F, Avenue du 14 juillet\n21300 CHEN\u00d4VE\nMadame Blandine VERMEIL X X BP  41089\n21010 DIJON Cedex\nMonsieur Yann-\u00c9ric WEBER X X X BP  80116\n21240 TALANT Cedex\nPr\u00e9pos\u00e9s \nd'\u00e9tablissement\nMadame Corinne GIBOULOT\nHOSPICES CIVILS DE BEAUNE\nBP 40104\n21203 BEAUNE CEDEX\nX\nSITES :\nH\u00d4PITAL DE BEAUNE\nAvenue Guigone de Salins\n21203 BEAUNE Cedex\nCENTRE NICOLAS ROLIN\nRue Ren\u00e9 Payot\n21200 BEAUNE\nEHPAD SAINT ANTOINE\nEHPAD ROUSSEAU DESLANDES\nRue Rousseau Deslanges\n21200 BEAUNE\nEHPAD NUITS-SAINT-GEORGES\n6 Rue Henri Challand\n21700 NUITS-SAINT-GEORGES\nH  \u00d4  PITAL ET EHPAD SEURRE  \n14 Grande Rue du Faubourg \nSaint Georges\n21250 SEURRE\n\u00c9TABLISSEMENTS RATTACH\u00c9S  PAR \nVOIE DE CONVENTION :\nEHPAD Auguste Arvier\n9 route de Dijon\n21360 BLIGNY SUR OUCHE\nEHPAD Jeanne Pierrette Carnot\n6 rue Docteur Lavirotte\n21340 NOLAY\nMadame Florence C\u00d6EFFIER \nCentre hospitalier La Chartreuse\n1, boulevard du Chanoine Kir\n21000 DIJON\nX X SITE :\nCentre Hospitalier La Chartreuse\n1, boulevard du Chanoine Kir\n21000 DIJON\n\u00c9TABLISSEMENTS RATTACH\u00c9S ou\nPAR VOIE DE CONVENTION :\nCHU Dijon Bourgogne\n1, boulevard Jeanne d'Arc\n21000 DIJON\nEHPAD \u00ab     La Sa\u00f4ne     \u00bb  \nPlace d'Armes\n21270 SAINT-JEAN-DE-LOSNE\nPr\u00e9fecture de la C\u00f4te-d'Or - 21-2025-04-14-00001 - Arr\u00eat\u00e9 pr\u00e9fectoral n\u00b0567 fixant la liste des mandataires judiciaires \u00e0 la protection\ndes majeurs et des d\u00e9l\u00e9gu\u00e9s aux prestations familiales 43\nMadame Nathalie THEUREL\nCentre hospitalier La Chartreuse\n1, boulevard du Chanoine Kir\n21000 DIJON\nX X\nSITE :\nCentre Hospitalier La Chartreuse\n1, boulevard du Chanoine Kir\n21000 DIJON\n\u00c9TABLISSEMENTS RATTACH\u00c9S ou\nPAR VOIE DE CONVENTION :\nCHU Dijon Bourgogne\n1, boulevard Jeanne d'Arc\n21000 DIJON\nEHPAD \u00ab     La Sa\u00f4ne     \u00bb  \nPlace d'Armes\n21270 SAINT-JEAN-DE-LOSNE\nMonsieur Julien GR\u00c9GORY\nCentre hospitalier La Chartreuse\n1, boulevard du Chanoine Kir\n21000 DIJON\nX X\nSITE :\nCentre Hospitalier La Chartreuse\n1, boulevard du Chanoine Kir\n21000 DIJON\n\u00c9TABLISSEMENTS RATTACH\u00c9S ou\nPAR VOIE DE CONVENTION :\nCHU Dijon Bourgogne\n1, boulevard Jeanne d'Arc\n21000 DIJON\nEHPAD \u00ab     La Sa\u00f4ne     \u00bb  \nPlace d'Armes\n21270 SAINT-JEAN-DE-LOSNE\nMadame Sonia MESEGUER\nCentre Hospitalier Haute C\u00f4te-d'Or\n7 , rue Gu\u00e9niot\n21350 VITTEAUX\nX\nSITES:\nCentre Hospitalier Haute C\u00f4te-d'Or\n7 , rue Gu\u00e9niot\n21350 VITTEAUX\nChemin des Bains\nBP 9\n21150 ALISE-SAINTE-REINE\n24, rue Auguste Carr\u00e9\n21500 MONTBARD\n2, rue Claude Petiet\n21400 CH\u00c2TILLON-SUR-SEINE\n2, rue Court\u00e9p\u00e9e\n21210 SAULIEU\nMadame Sylvie GOULETTE\nCentre Hospitalier Haute C\u00f4te-d'Or\n7 , rue Gu\u00e9niot\n21350 VITTEAUX\nX SITES :\nCentre Hospitalier Haute C\u00f4te-d'Or\n7 , rue Gu\u00e9niot\n21350 VITTEAUX\nChemin des Bains\nBP 9\n21150 ALISE-SAINTE-REINE\n24, rue Auguste Carr\u00e9\n21500 MONTBARD\nPr\u00e9fecture de la C\u00f4te-d'Or - 21-2025-04-14-00001 - Arr\u00eat\u00e9 pr\u00e9fectoral n\u00b0567 fixant la liste des mandataires judiciaires \u00e0 la protection\ndes majeurs et des d\u00e9l\u00e9gu\u00e9s aux prestations familiales 44\n2, rue Claude Petiet\n21400 CH\u00c2TILLON-SUR-SEINE\n2, rue Court\u00e9p\u00e9e\n21210 SAULIEU\nMadame Sylvie GOULETTE\nCentre hospitalier \u00ab Robert Morlevat \u00bb\n3, avenue Pasteur\nBP 28\n21140 SEMUR-en-AUXOIS Cedex\nX\nSITES :\nCentre hospitalier \u00ab     Robert   \nMorlevat     \u00bb  \nP\u00f4le psychiatrie\n3, avenue Pasteur\nBP 28\n21140 SEMUR-en-AUXOIS Cedex\nEHPAD r\u00e9sidence m\u00e9dicalis\u00e9e de \nl'Auxois\n 3, avenue Pasteur - BP 28\n21140 SEMUR-en-Auxois\nMadame Fabienne BRAYER-BLONDEL\nCentre hospitalier Auxonne\n5, rue du Ch\u00e2teau\n21130 AUXONNE\nX\nSITE :\nEHPAD du centre Hospitalier\n5 Rue du Ch\u00e2teau\n21130 AUXONNE\nMadame Ang\u00e9lique POTARD\n\u00c9tablissement public communal d'accueil de \npersonnes \u00e2g\u00e9es de la ville de Dijon (EPCAPA)\n44, boulevard de l'Universit\u00e9\n21000 DIJON \nX\nSITES :\nEHPAD LES BEGONIAS\n44, boulevard de l'Universit\u00e9\n21000 DIJON \nEHPAD Les Jardins Voltaire\n12, rue Andr\u00e9 Colomban\n21000 DIJON\nMadame Ga\u00eblle DE MESQUITA\nCentre hospitalier d'Is-sur-Tille\n21 rue Victor Hugo\n21120 IS- SUR-TILLE\nX\nSITE :\nCentre hospitalier d'Is-sur-Tille\n21 rue Victor Hugo\n21120 IS- SUR-TILLE\nArticle 3     :  \nLa liste des personnes habilit\u00e9es pour \u00eatre d\u00e9sign\u00e9es au titre de l'article L. 471-2 du code de l'action  \nsociale et des familles par les juges des tutelles pour exercer des mesures de protection des majeurs au \ntitre de la mesure d'accompagnement judiciaire est ainsi \u00e9tablie pour le d\u00e9partement de la C\u00f4te-d'Or :\nZones de comp\u00e9tence\nAdressesTribunal \njudiciaire \nde Dijon\nTribunal \nde \nproximit\u00e9 \nde \nBeaune\nTribunal \nde \nproximit\u00e9 \nde \nMontbard\nPersonnes morales \ngestionnaires de \nservices\nVYV3 Bourgogne\nService mandataire judiciaire \u00e0 la protection \ndes majeurs C\u00f4te-d'Or \n(SMJMP C\u00f4te-d'Or \u2013 VYV3 Bourgogne)\nX X X 2, rue des Aiguisons\nBP 10051\n21800 QUETIGNY CEDEX\nPr\u00e9fecture de la C\u00f4te-d'Or - 21-2025-04-14-00001 - Arr\u00eat\u00e9 pr\u00e9fectoral n\u00b0567 fixant la liste des mandataires judiciaires \u00e0 la protection\ndes majeurs et des d\u00e9l\u00e9gu\u00e9s aux prestations familiales 45\nUnion D\u00e9partementale des Associations \nFamiliales de la C\u00f4te-d'Or (Udaf), service des \nmesures de protection judiciaires\nX X X\n5, rue Nodot\n21000 DIJON\nPersonnes \nphysiques \nexer\u00e7ant \u00e0 titre \nindividuel\nMadame Wendkouni Sophie SAVADOGO X 1, rue du Four Banal\n89800 COURGIS\nArticle 4     :  \nLa liste des personnes habilit\u00e9es pour \u00eatre d\u00e9sign\u00e9es au titre de l'article L. 474-1 du code de l'action  \nsociale et des familles par les juges des enfants en qualit\u00e9 de d\u00e9l\u00e9gu\u00e9 aux prestations familiales pour  \nexercer  des  mesures  judiciaires  d'aide  \u00e0  la  gestion  du  budget  familial est  ainsi  \u00e9tablie  pour  le  \nd\u00e9partement de la C\u00f4te-d'Or :\nZones de comp\u00e9tence\nAdressesTribunal \njudiciaire \nde Dijon\nTribunal \nde \nproximit\u00e9 \nde \nBeaune\nTribunal \nde \nproximit\u00e9 \nde \nMontbard\nPersonnes morales \ngestionnaires de \nservices\nACODEGE\nService d'Aide \u00e0 la gestion Budg\u00e9taire X 2, rue Gagneraux\n21000 DIJON\nPersonnes \nphysiques exer\u00e7ant \n\u00e0 titre individuel\nMadame Nathalie AMBROISE X X X\nImmeuble Le Richelieu\n12, boulevard Carnot\n21000 DIJON\nArticle 5     :  \nLe pr\u00e9sent arr\u00eat\u00e9 sera publi\u00e9 au recueil des actes administratifs de la pr\u00e9fecture de la C\u00f4te-d'Or et une  \ncopie sera notifi\u00e9e :\n- aux int\u00e9ress\u00e9s ;\n- au procureur de la R\u00e9publique pr\u00e8s le tribunal judiciaire de Dijon ;\n- aux juges des contentieux de la protection du tribunal judiciaire de Dijon et des tribunaux de  \nproximit\u00e9 de Beaune et de Montbard ;\n- aux juges des enfants du tribunal judiciaire de Dijon.\nArticle 6     :   \nLe pr\u00e9sent arr\u00eat\u00e9 peut faire l'objet d'un recours administratif, soit gracieux aupr\u00e8s du pr\u00e9fet de la C\u00f4te-\nd'Or, soit hi\u00e9rarchique aupr\u00e8s du ministre des solidarit\u00e9s, de l'autonomie et des personnes handicap\u00e9es \ndans les deux mois suivant la notification. Un recours contentieux peut \u00eatre d\u00e9pos\u00e9 aupr\u00e8s du tribunal  \nadministratif de Dijon, \u00e9galement dans un d\u00e9lai de deux mois \u00e0 compter de la notification, ou dans le  \nd\u00e9lai de deux mois \u00e0 partir de la r\u00e9ponse de l'administration si un recours administratif a \u00e9t\u00e9 d\u00e9pos\u00e9,  \nl'absence de r\u00e9ponse au terme d'un d\u00e9lai de deux mois valant rejet implicite.\nLa juridiction administrative comp\u00e9tente peut aussi \u00eatre saisie par l'application T\u00e9l\u00e9-recours citoyens  \naccessible \u00e0 partir du site www.telerecours.fr.\nPr\u00e9fecture de la C\u00f4te-d'Or - 21-2025-04-14-00001 - Arr\u00eat\u00e9 pr\u00e9fectoral n\u00b0567 fixant la liste des mandataires judiciaires \u00e0 la protection\ndes majeurs et des d\u00e9l\u00e9gu\u00e9s aux prestations familiales 46\nArticle 7     :  \nLe secr\u00e9taire g\u00e9n\u00e9ral de la pr\u00e9fecture et la directrice d\u00e9partementale de l'emploi, du travail et des  \nsolidarit\u00e9s de la C\u00f4te-d'Or sont charg\u00e9s, chacun en ce qui le concerne, de l'ex\u00e9cution du pr\u00e9sent arr\u00eat\u00e9.\nFait \u00e0 Dijon, le 14 avril 2025 Pour le pr\u00e9fet et par d\u00e9l\u00e9gation,\nLe secr\u00e9taire g\u00e9n\u00e9ral,\nSIGN\u00c9\nDenis BRUEL\nPr\u00e9fecture de la C\u00f4te-d'Or - 21-2025-04-14-00001 - Arr\u00eat\u00e9 pr\u00e9fectoral n\u00b0567 fixant la liste des mandataires judiciaires \u00e0 la protection\ndes majeurs et des d\u00e9l\u00e9gu\u00e9s aux prestations familiales 47\nPr\u00e9fecture de la C\u00f4te-d'Or\nSecr\u00e9tariat G\u00e9n\u00e9ral\n21-2025-04-03-00001\n2025-04-03-AP-8-Derogation-Echalot\nPr\u00e9fecture de la C\u00f4te-d'Or - 21-2025-04-03-00001 - 2025-04-03-AP-8-Derogation-Echalot 48\nE . AGENCE REGIONALE DE SANTE BOURGOGNE FRANCHE-COMTEUnit\u00e9 territoriale sant\u00e9 environnement de C\u00f4te d'OrPR\u00c9FETDE LACOTE-D'ORLibert\u00e9Egalit\u00e9Fraternit\u00e9\nARRETE ARS BFC/DSP/DPSE/UTSE21/2025-8Dijon, le 0 3 AVR. 2025Collectivit\u00e9 ma\u00eetre d'ouvrage : Commune d'EchalotR\u00e9seau : R\u00e9seau principal\nArr\u00e9t\u00e9 pr\u00e9fectoral n\u00b02025-8Portant d\u00e9rogation aux limites de qualit\u00e9 pour le param\u00e8tre pesticide pour le r\u00e9seauprincipal d'ECHALOT\nPr\u00e9fet de la C\u00f4te-d'Or\nVU le d\u00e9cret modifi\u00e9 n\u00b0 2004-374 du 29 avril 2004 relatif aux pouvoirs des pr\u00e9fets, \u00e0l'organisation et \u00e0 l'action des services de l'Etat dans les r\u00e9gions et d\u00e9partements ;VU _ le d\u00e9cret du 10 octobre 2024 portant nomination du pr\u00e9fet de la r\u00e9gion Bourgogne-Franche-Comt\u00e9, pr\u00e9fet de la C\u00f4te-d'Or - M. MOURIER (Paul);VU _ le code de la sant\u00e9 publique et notamment les articles L1321-1 et suivants et R1321-1et suivants,VU _ le d\u00e9cret n\u00b02007-49 du 11 janvier 2007 relatif \u00e0 la s\u00e9curit\u00e9 sanitaire des eaux destin\u00e9es\u00e0 la consommation humaine,VU _ l'arr\u00eat\u00e9 du 19 octobre 2017 modifi\u00e9 relatif aux m\u00e9thodes d'analyse utilis\u00e9es dans lecadre du contr\u00f4le sanitaire des eaux,VU l'arr\u00eat\u00e9 du 25novembre 2003 modifi\u00e9 relatif aux modalit\u00e9s de demande ded\u00e9rogation aux limites de qualit\u00e9 des eaux destin\u00e9es \u00e0 la consommation humaine \u00e0l'exclusion des eaux min\u00e9rales naturelles pris en application des articles R. 1321-31 \u00e0 R. 1321-36 du code de la sant\u00e9 publique (NOR : SANPO324633A),VU _ l'arr\u00eat\u00e9 du 11 janvier 2007 modifi\u00e9 relatif aux limites et r\u00e9f\u00e9rences de qualit\u00e9 des eauxbrutes et des eaux destin\u00e9es \u00e0 la consommation humaine mentionn\u00e9es aux articles R. 1321-2, R.1321-3, R. 1321-7 et R. 1321-38 du code de la sant\u00e9 publique (NOR : SANPO720201A),\nARS Bourgogne - Franche-Comt\u00e9 - Le Diapason - 2, Place des Savoirs - CS 73535 - 21035 DIJON Cedex Page 1 sur 8Standard. : 0808 807 107\nPr\u00e9fecture de la C\u00f4te-d'Or - 21-2025-04-03-00001 - 2025-04-03-AP-8-Derogation-Echalot 49\nVU l'arr\u00e9t\u00e9 du 11janvier 2007 modifi\u00e9 relatif au programme de pr\u00e9l\u00e8vements etd'analyses du contr\u00f4le sanitaire pour les eaux fournies par un r\u00e9seau de distribution, pris enapplication des articles R. 1321-10, R. 1321-15 et R. 1321-16 du code de la sant\u00e9 publique(NOR: SANPO720202A),VU _ l'instruction n\u00b0 DGS/EA4/2013/413 du 18 d\u00e9cembre 2013 concernant l'application del'arr\u00eat\u00e9 du 25 novembre 2003 relatif aux modalit\u00e9s de demande de d\u00e9rogation aux limitesde qualit\u00e9 des eaux destin\u00e9es \u00e0 la consommation humaine pris en application des articlesR. 1321-31 \u00e0 R. 1321-36 du code de la sant\u00e9 publique et d'information de la Commissioneurop\u00e9enne, ainsi que l'\u00e9laboration d'un bilan national sur les d\u00e9rogations octroy\u00e9es,VU _ l'instruction n\u00b0 DGS/EA4/2020/177 du 18d\u00e9cembre 2020 et son compl\u00e9mentn\u00b0 DGS/EA4/2022/127 du 24 mai 2022 relatifs \u00e0 la gestion des risques sanitaires en cas depr\u00e9sence de pesticides et m\u00e9tabolites de pesticides dans les eaux destin\u00e9es \u00e0 laconsommation humaine, \u00e0 l'exclusion des eaux conditionn\u00e9es,VU _ l'arr\u00e9t\u00e9 pr\u00e9fectoral du 07/01/1965 portant d'utilit\u00e9 publique les travauxd'alimentation en eau potable,VU _ l'avis de l'agence fran\u00e7aise de s\u00e9curit\u00e9 sanitaire des aliments relatif aux risquessanitaires li\u00e9s aux d\u00e9passements de la limite de qualit\u00e9 des pesticides dans les eauxdestin\u00e9es \u00e0 la consommation humaine et relatif \u00e0 la d\u00e9termination de valeurs sanitaires(Vmax) pour le bentazone (08 juin 2007),VU _ les r\u00e9sultats d'analyses des \u00e9chantillons d'eau pr\u00e9lev\u00e9s sur le r\u00e9seau principalalimentant la commune d'ECHALOT en eau destin\u00e9e \u00e0 la consommation humaine,VU _ le dossier adress\u00e9 au Pr\u00e9fet de la C\u00f4te d'Or le 13/12/2024 par le maire de la communed'ECHALOT, sollicitant une d\u00e9rogation pour distribuer une eau pr\u00e9sentant une teneurexcessive en pesticides,VU la d\u00e9lib\u00e9ration du 22/08/2024 par laquelle la commune d'ECHALOT sollicite uned\u00e9rogation pour le parametre bentazone,VU l'avis favorable du Comit\u00e9 d\u00e9partemental de l'environnement et des risquessanitaires et technologiques du 20/02/2025,\nCONSIDERANT que l'eau distribu\u00e9e par le r\u00e9seau principal de la commune d'ECHALOTd\u00e9passe la limite de qualit\u00e9 fix\u00e9e pour le param\u00e8tre \u00ab pesticides \u00bb pendant plus de trentejours au cours des douze derniers mois,CONSIDERANT que la consommation de l'eau distribu\u00e9e par le r\u00e9seau principal de lacommune d'ECHALOT, pendant une p\u00e9riode aussi limit\u00e9e que possible et n'exc\u00e9dant pastrois ans, ne constitue pas un danger potentiel pour la sant\u00e9 des personnes,CONSIDERANT qu'il n'existe pas d'autres moyens raisonnables, notamment par le biaisd'interconnexion avec un autre r\u00e9seau, pour maintenir la distribution de l'eau dans lesecteur concern\u00e9,\nARS Bourgogne - Franche-Comt\u00e9 - Le Diapason - 2, Place des Savoirs \u2014 CS 73535 - 21035 DIJON Cedex Page 2 sur 8Standard. : 0808 807 107\nPr\u00e9fecture de la C\u00f4te-d'Or - 21-2025-04-03-00001 - 2025-04-03-AP-8-Derogation-Echalot 50\nCONSIDERANT que la commune d'ECHALOT s'est engag\u00e9e dans un programmed'am\u00e9lioration de la qualit\u00e9 de l'eau pr\u00e9voyant la mise en place d'un plan d'actions,SUR proposition du secr\u00e9taire g\u00e9n\u00e9ral de la pr\u00e9fecture de la C\u00f4te-d'Or;\nARRETE\nArticle | -Une d\u00e9rogation \u00e0 la limite de qualit\u00e9 fix\u00e9e pour le param\u00e8tre \u00ab pesticide mol\u00e9culebentazone \u00bb et la \u00ab somme des pesticides et leurs m\u00e9tabolites, produits de d\u00e9gradation etde r\u00e9action pertinents \u00bb est accord\u00e9e \u00e0 la commune d'ECHALOT pour le r\u00e9seau principal.\nArticle Il -L'unit\u00e9 de distribution concern\u00e9e par la d\u00e9rogation est le bourg de la communed'ECHALOT.Les caract\u00e9ristiques du syst\u00e8me d'alimentation en eau figurent \u00e0 I'annexe1 du pr\u00e9sentarr\u00eat\u00e9.\nArticle III -Les analyses effectu\u00e9es sur l'unit\u00e9 de distribution concern\u00e9e d\u00e9montrent un d\u00e9passementde la limite de qualit\u00e9 des eaux. Les r\u00e9sultats des analyses effectu\u00e9es sur cette unit\u00e9 figurenten annexe 2 du pr\u00e9sent arr\u00eat\u00e9.\nArticle IV -La valeur maximale \u00e0 respecter pendant la dur\u00e9e de d\u00e9rogation en distribution est fix\u00e9e \u00e01ug/L pour le param\u00e8tre \u00ab pesticide mol\u00e9cule bentazone \u00bb et 1 ug/| pour le param\u00e8tre\u00ab somme des pesticides et leurs m\u00e9tabolites, produits de d\u00e9gradation et de r\u00e9actionpertinents\u00bb.\nArticle V -Le plan d'actions fourni par la commune figure \u00e0 l'annexe 3 du pr\u00e9sent arr\u00eat\u00e9.Le d\u00e9lai imparti \u00e0 la commune pour corriger la situation \u00e0 compter de la date de notificationdu pr\u00e9sent arr\u00e9t\u00e9 est de trois ans pour r\u00e9tablir la qualit\u00e9 de l'eau distribu\u00e9e sur le r\u00e9seauprincipal d'ECHALOT et la rendre conforme \u00e0 la r\u00e9glementation en vigueur.\nArticle VI -Un programme de contr\u00f4le renforc\u00e9 est mis en place par l'Agence R\u00e9gionale de sant\u00e9 sur ler\u00e9seau principal de la commune d'ECHALOT, \u00e0 raison d'un pr\u00e9l\u00e8vement tous les deux moisARS Bourgogne - Franche-Comt\u00e9 - Le Diapason - 2, Place des Savoirs - CS 73535 - 21035 DIJON Cedex Page 3 sur 8Standard. : 0808 807 107\nPr\u00e9fecture de la C\u00f4te-d'Or - 21-2025-04-03-00001 - 2025-04-03-AP-8-Derogation-Echalot 51\nen vue d'analyser le param\u00e8tre bentazone en distribution. En fonction des r\u00e9sultats, lafr\u00e9quence de pr\u00e9l\u00e8vement et d'analyses pourra \u00e9tre modifi\u00e9e \u00e0 l'initiative du DirecteurG\u00e9n\u00e9ral de l''Agence R\u00e9gionale de Sant\u00e9.Les frais de pr\u00e9l\u00e8vement et d'analyses seront pris en charge par la commune d'ECHALOT.\nArticle VII -La commune d'ECHALOT est responsable de l'animation, du suivi et de l'\u00e9valuationp\u00e9riodique de son plan d'actions.Chaque semestre \u00e0 compter de la notification du pr\u00e9sent arr\u00eat\u00e9, la commune transmet \u00e0l'ARS un bilan de l'\u00e9tat d'avancement de son plan d'actions.\nArticle VIII -Au vu des connaissances scientifiques disponibles \u00e0 ce jour et sauf \u00e9l\u00e9ment nouveau mis en\u00e9vidence par le contr\u00f4le sanitaire qui pourrait conduire \u00e0 modifier les termes du pr\u00e9sentarr\u00eat\u00e9, l'eau distribu\u00e9e sur le r\u00e9seau principal de la commune d'ECHALOT peut \u00eatre utilis\u00e9epour la consommation humaine sans restriction pendant la dur\u00e9e de d\u00e9rogation.\nArticle IX -La commune prend les dispositions pour que la population concern\u00e9e par la d\u00e9rogation soitinform\u00e9e rapidement et de mani\u00e8re appropri\u00e9e de la d\u00e9rogation et des conditions dont elleest assortie.Pendant toute la p\u00e9riode de d\u00e9rogation, la commune :- r\u00e9dige une communication \u00e9crite qui est distribu\u00e9e avec chaque facture d'eau ;- fournit r\u00e9guli\u00e8rement (au moins chaque semestre) des informations aux habitants de lacommune sur l'avancement des mesures pr\u00e9ventives et curatives de son plan d'actions.\nArticle X -Le pr\u00e9sent arr\u00eat\u00e9 est notifi\u00e9 \u00e0 la commune d'ECHALOT.En vue de l'information des tiers, l'arr\u00eat\u00e9 est publi\u00e9 au recueil des actes administratifs de lapr\u00e9fecture de C\u00f4te d'Or.\nArticle XI -Le pr\u00e9sent arr\u00eat\u00e9 peut faire l'objet d'un recours gracieux aupr\u00e8s de l'auteur de l'acte.Le pr\u00e9sent arr\u00eat\u00e9 peut faire l'objet d'un recours hi\u00e9rarchique aupr\u00e8s du ministre en chargede la sant\u00e9 publique.Enfin, le pr\u00e9sent arr\u00eat\u00e9 peut faire l'objet d'un recours contentieux aupr\u00e8s du tribunaladministratif de Dijon, 22 rue d'Assas BP 61616 21016 DIJON cedex dans les d\u00e9lais pr\u00e9cis\u00e9sci-apr\u00e8s.Tout recours est adress\u00e9 en lettre recommand\u00e9e avec accus\u00e9 de r\u00e9ception ou d\u00e9pos\u00e9 vial'application T\u00e9l\u00e9recours citoyens accessible par le site internet www.telerecours.fr.\nARS Bourgogne - Franche-Comt\u00e9 - Le Diapason - 2, Place des Savoirs \u2014 CS 73535 - 21035 DIJON Cedex Page 4 sur 8Standard. : 0808 807 107\nPr\u00e9fecture de la C\u00f4te-d'Or - 21-2025-04-03-00001 - 2025-04-03-AP-8-Derogation-Echalot 52\nEn application des articles R421-1 \u00e0 R421-5 du code de justice administrative, l'arr\u00eat\u00e9pr\u00e9fectoral peut \u00eatre d\u00e9f\u00e9r\u00e9 \u00e0 la juridiction administrative dans un d\u00e9lai de deux mois :- A compter de sa notification pour les personnes auxquelles il a \u00e9t\u00e9 notifi\u00e9,- A compter de son affichage en mairie pour toute autre personne ayant int\u00e9r\u00e9t \u00e0 agir.\nArticle XII -Le Secr\u00e9taire g\u00e9n\u00e9ral de la pr\u00e9fecture, le sous-pr\u00e9fet de Montbard, le Directeur g\u00e9n\u00e9ral del'agence r\u00e9gionale de sant\u00e9, le Maire de la commune d'ECHALOT sont charg\u00e9s, chacun ence qui le concerne, de I'ex\u00e9cution du pr\u00e9sent arr\u00e9t\u00e9.Un exemplaire est adress\u00e9 :- \u00e0 la direction d\u00e9partementale des territoires de la C\u00f4te d'Or;- \u00e0 la direction r\u00e9gionale de l'alimentation, de l'agriculture et de la for\u00eat ;- \u00e0 l'Agence de l'eau Seine Normandie;- \u00e0 la Chambre D\u00e9partementale d'Agriculture de la C\u00f4te d'Or;- au service d\u00e9partemental des archives de la C\u00f4te-d'Or.\nLE PREFET,\ne pr\u00e9f\u00e9t et_par d\u00e9l\u00e9gationLe secr\u00e9taire g\u00e9n\u00e9ralDenis BRUEL\nARS Bourgogne - Franche-Comt\u00e9 - Le Diapason - 2, Place des Savoirs \u2014 CS 73535 - 21035 DIJON Cedex Page 5 sur 8Standard. : 0808 807 107\nPr\u00e9fecture de la C\u00f4te-d'Or - 21-2025-04-03-00001 - 2025-04-03-AP-8-Derogation-Echalot 53\nANNEXE1Caract\u00e9ristiques de l'unit\u00e9 de distribution du r\u00e9seau principal d'ECHALOTLa commune d'Echalot est comp\u00e9tente en mati\u00e8re de production, de traitement et de distributiond'eau. Elle exerce ses comp\u00e9tences en r\u00e9gie directe sur ses deux r\u00e9seaux (r\u00e9seau principal et r\u00e9seaudes Loch\u00e8res), repr\u00e9sentant 96 abonn\u00e9s.Le r\u00e9seau principal concern\u00e9 par la demande de d\u00e9rogation alimente en eau les 95 habitants et 91abonn\u00e9s par les sources de Vau le Bon via un r\u00e9servoir de 150 m\u00b0. Le traitement consiste en uned\u00e9sinfection parjavellisation.La production moyenne annuelle est de 15 000 m\u00b0 et journali\u00e8re de 41 m3 (pointe \u00e0 60 m\u00b0/j).La commune n'a jamais manqu\u00e9 d'eau mais la production des ressources en p\u00e9riode d'\u00e9tiage estparfois limite face aux besoins de la commune.Le r\u00e9seau n'est interconnect\u00e9 \u00e0 aucun autre r\u00e9seau d'eau.L'arr\u00e9t\u00e9 pr\u00e9fectoral du 07/01/1965 porte d'utilit\u00e9 publique les travaux d'alimentation en eau potable.L'article 3 de I'arr\u00e9t\u00e9 l'autorise \u00e0 y pr\u00e9lever jusqu'\u00e0 5 m*/heure et 40 m\u00b0/jour.La commune ne dispose pas d'un arr\u00eat\u00e9 pr\u00e9fectoral d\u00e9clarant d'utilit\u00e9 publique la d\u00e9rivation deseaux souterraines et l'instauration des p\u00e9rim\u00e8tres de protection, ni l'autorisant \u00e0 utiliser I'eau ducaptage pour produire et distribuer de l'eau destin\u00e9e \u00e0 la consommation humaine.La commune a d\u00e9pos\u00e9 une \u00e9tude pr\u00e9liminaire pour engager cette proc\u00e9dure le 29/05/2024 avec descompl\u00e9ments le 02/10/2024 qu'il est n\u00e9cessaire de compl\u00e9ter avec une analyse de 1% adduction.\nARS Bourgogne - Franche-Comt\u00e9 - Le Diapason \u2014 2, Place des Savoirs - CS 73535 - 21035 DIJON Cedex Page 6 sur 8Standard. : 0808 807 107\nPr\u00e9fecture de la C\u00f4te-d'Or - 21-2025-04-03-00001 - 2025-04-03-AP-8-Derogation-Echalot 54\nANNEXE 2R\u00e9sultats des analyses de pesticides r\u00e9alis\u00e9es sur I'eau alimentant le r\u00e9seau principal de lacommune d'ECHALOTL'eau distribu\u00e9e \u00e0 Echalot ne subit aucun traitement pr\u00e9alable d'\u00e9limination des pesticides. Parcons\u00e9quent, les pesticides pr\u00e9sents dans l'eau brute du captage se retrouvent dans I'eau distribu\u00e9e\u00e0 la population.En application de l'arr\u00e9t\u00e9 du 11 janvier 2007 relatif aux limites et r\u00e9f\u00e9rences de qualit\u00e9 des eauxbrutes et des eaux destin\u00e9es \u00e0 la consommation humaine, la teneur en pesticides et leurs produitsde d\u00e9gradation et de r\u00e9action pertinents ne doit pas d\u00e9passer :1. dans l'eau brute: 2 ug/L par mol\u00e9cule d\u00e9tect\u00e9e et 5 ug/L pour l'ensemble des mol\u00e9culesd\u00e9tect\u00e9es2. dans l'eau distribu\u00e9e : 0,1 ug/L par mol\u00e9cule d\u00e9tect\u00e9e et 0,5 pg/L pour I'ensemble des mol\u00e9culesd\u00e9tect\u00e9es.Les r\u00e9sultats des analyses du contr\u00f4le sanitaire r\u00e9glementaire r\u00e9alis\u00e9 par I'ARS sur le r\u00e9seaud'Echalot mettent en \u00e9vidence une contamination chronique de I'eau par la bentazone (herbicide).Les teneurs mesur\u00e9es dans l'eau distribu\u00e9e \u00e0 Echalot dans le cadre du contr\u00f4le sanitaire mis en\u0153uvre par l'ARS sont regroup\u00e9es dans le tableau et le graphique ci-dessous :Date de pr\u00e9l\u00e8vement Bentazone (ug/L)21/01/202017/02/202019/05/2020 0,115/06/2020 0,08606/10/2020 <0,02026/01/202123/02/202129/03/202120/04/202104/05/2021 0,09311/10/2021 0,05805/01/202202/02/202202/03/202204/04/2022 0,102/05/202207/06/2022 0,07611/07/2022 0,06208/08/2022 <0,02013/09/2022 0,05203/10/202208/11/202206/12/202203/01/202308/03/202303/04/202323/05/2023 0,09304/07/2023 0,07312/09/2023 0,04412/12/202316/01/2024 0,09926/03/2024 0,08121/05/2024 0,06916/07/202402/10/2024\n0,6\n0,5\n0,4\n0,3\n052\n0 \u00e021/01/2020 08/08/2020 24/02/2021 12/09/2021 31/03/2022 17/10/2022 05/05/2023 21/11/2023 08/06/2024\nARS Bourgogne - Franche-Comt\u00e9 - Le Diapason - 2, Place des Savoirs \u2014 CS 73535 - 21035 DIJON Cedex Page 7 sur 8Standard. : 0808 807 107\nPr\u00e9fecture de la C\u00f4te-d'Or - 21-2025-04-03-00001 - 2025-04-03-AP-8-Derogation-Echalot 55\nANNEXE 3Plan d'actions pour r\u00e9tablir la conformit\u00e9 r\u00e9glementaire de l'eau distribu\u00e9e\nLa commune a engag\u00e9 d\u00e8s 2018 une proc\u00e9dure d'Aire d'Alimentation de Captage :1. la d\u00e9limitation de l'aire d'alimentation s'est finalis\u00e9e en 05/2024. L'AAC a une surface de 1.13km? et est occup\u00e9e a 70% par des bois et a 30% par des cultures ;2. untravail de sensibilisation des agriculteurs exploitant \u00e0 proximit\u00e9 de la ressource, dans l'objectifde faire changer les pratiques en mati\u00e8re d'utilisation des pesticides en attendant la mise enplace d'une animation ;3. un diagnostic des pressions agricoles suivi d'un programme d'actions avec mise en place d'uneanimation vont d\u00e9buter (d\u00e9lib\u00e9ration du 26/01/2024);4. des travaux sont pr\u00e9vus pour prot\u00e9ger la ressource : achat de la parcelle, travaux de ma\u00e7onnerie,mise en place d'une cl\u00f4ture et d''un dispositif anti-intrusion.\nMesures curativesLa commune a \u00e9galement recherch\u00e9 plusieurs solutions qui devront \u00eatre soumises \u00e0 laCommunaut\u00e9 de communes du Ch\u00e2tillonnais :1. .recherche et cr\u00e9ation d'une nouvelle ressource ;2. interconnexion avec la commune de Salives aliment\u00e9e par le captage du Pavillon (Communaut\u00e9de communes Tille et Venelle) ;3. mise en place d'un traitement par charbon actif.\nEch\u00e9ancierLa commune s'engage \u00e0 suivre I'\u00e9ch\u00e9ancier ci-dessous :Solutions 2024 2025 2026 2027 2027projet\u00e9es2\u00e8me semestre | 1# semestre | 2\u00b0TM 1 2\u00e8me 1% semestre | 2\u00e8mesemestre semestre | semestre semestrePr\u00e9ventives Lancement de la | Diagnostic Validation | Animation | Animation Animation Animationconsultation des pressions | d'un planpour les | agricoles d'actionsdiagnostics despressionsagricolesSolution Echange avec la communaut\u00e9 de communes Lancement Validation Accord decurative du Chatillonnais de la maitrise | du projet subventionsd'oeuvre Consultation | Lancementdes des travauxentreprises\nxxx\nARS Bourgogne \u2014 Franche-Comt\u00e9 - Le Diapason - 2, Place des Savoirs - CS 73535 - 21035 DIJON Cedex Page 8 sur 8Standard. : 0808 807 107\nPr\u00e9fecture de la C\u00f4te-d'Or - 21-2025-04-03-00001 - 2025-04-03-AP-8-Derogation-Echalot 56\nSous-pr\u00e9fecture de Beaune\nP\u00f4le Collectivit\u00e9s locales\n21-2025-03-10-00009\nArr\u00eat\u00e9 pr\u00e9fectoral n\u00b0410 du 10 mars 2025\nportant convocation des \u00e9lecteurs de la\ncommune de CHARREY-SUR-SA\u00d4NE et fixant la\np\u00e9riode de d\u00e9p\u00f4t des candidatures en vue de\nproc\u00e9der \u00e0 des \u00e9lections municipales\ncompl\u00e9mentaires pour 4 si\u00e8ges, le dimanche 18\nmai 2025 pour le 1er tour et le dimanche 25 mai\n2025 pour l'\u00e9ventuel second tour.\nSous-pr\u00e9fecture de Beaune - 21-2025-03-10-00009 - Arr\u00eat\u00e9 pr\u00e9fectoral n\u00b0410 du 10 mars 2025 portant convocation des \u00e9lecteurs de la\ncommune de CHARREY-SUR-SA\u00d4NE et fixant la p\u00e9riode de d\u00e9p\u00f4t des candidatures en vue de proc\u00e9der \u00e0 des \u00e9lections municipales\ncompl\u00e9mentaires pour 4 si\u00e8ges, le dimanche 18 mai 2025 pour le 1er tour et le dimanche 25 mai 2025 pour l'\u00e9ventuel second tour.\n57\nExPREFETDE LACOTE-D'ORLibert\u00e9Egalit\u00e9Fraternit\u00e9\nSOUS-PR\u00c9FECTURE DE BEAUNE\nP\u00f4le collectivit\u00e9s locales                                                          Beaune, le 10 mars 2025\nAffaire suivie par : Sylvie POISOT\nT\u00e9l :03.45.43.80.05\nm\u00e9l : sylvie.poisot@cote-dor.gouv.fr\nARR\u00caT\u00c9 PR\u00c9FECTORAL N\u00b0 410  DU 10 MARS  2025\nportant convocation des \u00e9lecteurs de la commune de CHARREY-SUR-SA\u00d4NE\net fixant la p\u00e9riode de d\u00e9p\u00f4t des candidatures en vue de proc\u00e9der\n\u00e0 des \u00e9lections municipales compl\u00e9mentaires pour 4 si\u00e8ges,\nle dimanche 18 mai 2025 pour le 1er tour\net le dimanche 25 mai 2025 pour l'\u00e9ventuel second tour\nLe sous-pr\u00e9fet de l'arrondissement de BEAUNE\nVU le code \u00e9lectoral, et notamment les articles L.1 \u00e0 L.118, L.228, L.247 \u00e0 L.257, L.267, R. 1 \u00e0 R. 97  \net R. 118 \u00e0 R. 128-3 ;\nVU la loi n\u00b02016-1048 du 1er ao\u00fbt 2016 r\u00e9novant les modalit\u00e9s d'inscription sur les listes \u00e9lectorales ;\nVU le code g\u00e9n\u00e9ral des collectivit\u00e9s territoriales et notamment ses articles L. 2122-8 et L. 2122-14 ;\nVU le d\u00e9cret du 10 octobre 2024 nommant Monsieur Paul MOURIER, pr\u00e9fet de la r\u00e9gion Bourgogne-\nFranche-Comt\u00e9, pr\u00e9fet de la C\u00f4te d'Or ;\nVU  la  circulaire  du  ministre  de  l'int\u00e9rieur  n\u00b0INTA1625463J  du  19  septembre  2016  relative  \u00e0 \nl'organisation des \u00e9lections partielles ; \nVU la circulaire INTA2000662J du 16 janvier 2020 relative au d\u00e9roulement des op\u00e9rations \u00e9lectorales  \nlors des \u00e9lections au suffrage universel direct ;\nVU la circulaire du 17 mars 2020 sur l'\u00e9lection des conseils municipaux et communautaires et des  \nex\u00e9cutifs et fonctionnement des organes d\u00e9lib\u00e9rants ;\nVU la circulaire IOMA2406924J du 11 avril 2024 relative au vote par procuration ;\nVU la circulaire IOMA2415817C du 14 juin 2024 relative \u00e0 l'organisation mat\u00e9rielle et au d\u00e9roulement  \ndes \u00e9lections l\u00e9gislatives des 30 juin et 7 juillet 2024 ;\nVU l'arr\u00eat\u00e9 pr\u00e9fectoral n\u00b0 1643 / SG du 28 octobre 2024 donnant d\u00e9l\u00e9gation de signature \u00e0 Monsieur  \nBeno\u00eet BYRSKI, sous-pr\u00e9fet de Beaune ;\nVU l'arr\u00eat\u00e9  pr\u00e9fectoral  n\u00b0  1341  du  23  ao\u00fbt  2024  portant  d\u00e9signation  des  bureaux  de  vote  des \ncommunes  du  d\u00e9partement  de  la  C\u00f4te  d'Or  pour  la  p\u00e9riode  du  1er  janvier  2025  au  \n31 d\u00e9cembre 2025 ;\n1/3\nSous-pr\u00e9fecture de Beaune - 21-2025-03-10-00009 - Arr\u00eat\u00e9 pr\u00e9fectoral n\u00b0410 du 10 mars 2025 portant convocation des \u00e9lecteurs de la\ncommune de CHARREY-SUR-SA\u00d4NE et fixant la p\u00e9riode de d\u00e9p\u00f4t des candidatures en vue de proc\u00e9der \u00e0 des \u00e9lections municipales\ncompl\u00e9mentaires pour 4 si\u00e8ges, le dimanche 18 mai 2025 pour le 1er tour et le dimanche 25 mai 2025 pour l'\u00e9ventuel second tour.\n58\nVU la d\u00e9mission de M. Sylvain DOISNEAU de ses fonctions de maire et de son mandat de conseiller  \nmunicipal accept\u00e9e par M. le pr\u00e9fet de la R\u00e9gion Bourgogne-Franche-Comt\u00e9, pr\u00e9fet de la C\u00f4te-d'Or,  \neffective le 1er mars 2025 ;\nVU la d\u00e9mission de M. J\u00e9r\u00f4me TOUCHARD de ses fonctions de premier adjoint et de son mandat de  \nconseiller municipal accept\u00e9e par M. le sous-pr\u00e9fet de Beaune, effective le 11 janvier 2025 ;\nVU les d\u00e9missions de leur mandat de conseiller municipal de M. David BOUCHARD, effective le  \n4 f\u00e9vrier 2025 et de M. Jean-Claude PROST effective le 4 novembre 2024 ;\nCONSID\u00c9RANT l'obligation de respect du d\u00e9lai de six semaines entre la convocation des \u00e9lecteurs et  \nla tenue du scrutin, en application de l'article L.247 du code \u00e9lectoral ;\nCONSID\u00c9RANT la vacance de quatre si\u00e8ges de conseiller municipal au sein du conseil municipal  \nde CHARREY-SUR-SA\u00d4NE ;\nCONSID\u00c9RANT que le conseil municipal de CHARREY-SUR-SA\u00d4NE doit \u00eatre au complet pour \u00e9lire  \nle nouveau maire, en vertu des articles L.2122-8 et L.2122-14 du code g\u00e9n\u00e9ral des collectivit\u00e9s  \nterritoriales ;\nCONSID\u00c9RANT que des \u00e9lections municipales compl\u00e9mentaires doivent donc \u00eatre organis\u00e9es pour  \npourvoir les si\u00e8ges vacants de conseiller municipal et proc\u00e9der ensuite \u00e0 l'\u00e9lection du nouveau maire ;\nARR\u00caTE\nArticle  1  er   :  Les  \u00e9lecteurs  de  la  commune  d e  CHARREY-SUR-SA\u00d4NE sont  convoqu\u00e9s \nle  dimanche 18 mai 2025  \u00e0 la mairie,  lieu de vote d\u00e9sign\u00e9 par l'arr\u00eat\u00e9 pr\u00e9fectoral sus-vis\u00e9, pour  \nproc\u00e9der \u00e0 l'\u00e9lection de quatre conseillers municipaux.\nArticle 2 : Les listes \u00e9lectorales sont permanentes. Les demandes d'inscription sur les listes , en \nvue de participer \u00e0 un scrutin, sont d\u00e9pos\u00e9es au plus tard le sixi\u00e8me vendredi pr\u00e9c\u00e9dant le scrutin  \n(article L. 17 du Code \u00e9lectoral), soit jusqu'au vendredi 11 avril 2025.\nL'\u00e9lection aura lieu d'apr\u00e8s les  listes \u00e9lectorales arr\u00eat\u00e9es au plus tard le dimanche 25 avril 2025  \n(apr\u00e8s r\u00e9union de la commission de contr\u00f4le qui intervient au plus tard le 21 \u00e8me jour pr\u00e9c\u00e9dent le  \nscrutin), telles qu'elles auront pu \u00eatre modifi\u00e9es ult\u00e9rieurement en application de l'article L.30 du code  \n\u00e9lectoral.\nArticle 3 : Le scrutin d\u00e9butera \u00e0 HUIT HEURES et sera clos \u00e0 DIX-HUIT HEURES. Le d\u00e9pouillement  \nsuivra imm\u00e9diatement la fermeture du scrutin.\nArticle 4 : Les conseillers municipaux \u00e0 \u00e9lire devront avoir 18 ans r\u00e9volus.\nArticle 5  :  Seront \u00e9lus au 1 er tour les candidats ayant r\u00e9uni d'une part, la majorit\u00e9 absolue des  \nsuffrages exprim\u00e9s et d'autre part, un nombre de suffrages \u00e9gal au quart de celui des \u00e9lecteurs  \ninscrits.\nArticle 6 : Si les si\u00e8ges ne sont pas pourvus au 1 er tour, il sera proc\u00e9d\u00e9 \u00e0 un second tour de  \nscrutin le dimanche 25 mai 2025 dans le m\u00eame lieu et aux m\u00eames heures. L'\u00e9lection sera acquise  \nalors \u00e0 la majorit\u00e9 relative quel que soit le nombre de votants. En cas d'\u00e9galit\u00e9 des suffrages, l'\u00e9lection \nsera acquise au candidat le plus \u00e2g\u00e9.\nArticle  7 :  Les  r\u00e9clamations  auxquelles  donneraient  lieu  les  op\u00e9rations  \u00e9lectorales  devront  \u00eatre \nconsign\u00e9es au proc\u00e8s-verbal, sinon, \u00eatre d\u00e9pos\u00e9es, sous peine de nullit\u00e9, dans les cinq jours qui  \n2/3\nSous-pr\u00e9fecture de Beaune - 21-2025-03-10-00009 - Arr\u00eat\u00e9 pr\u00e9fectoral n\u00b0410 du 10 mars 2025 portant convocation des \u00e9lecteurs de la\ncommune de CHARREY-SUR-SA\u00d4NE et fixant la p\u00e9riode de d\u00e9p\u00f4t des candidatures en vue de proc\u00e9der \u00e0 des \u00e9lections municipales\ncompl\u00e9mentaires pour 4 si\u00e8ges, le dimanche 18 mai 2025 pour le 1er tour et le dimanche 25 mai 2025 pour l'\u00e9ventuel second tour.\n59\nsuivent le jour de l'\u00e9lection, au secr\u00e9tariat de la mairie, \u00e0 la sous-pr\u00e9fecture de Beaune, ou \u00e0 la  \npr\u00e9fecture de la C\u00f4te-d'Or. Elles peuvent \u00e9galement \u00eatre d\u00e9pos\u00e9es au bureau central du greffe du  \ntribunal administratif de Dijon.\nArticle 8 : Une d\u00e9claration de candidature est obligatoire  pour le premier tour de scrutin. Toute  \ncandidature enregistr\u00e9e pour le premier tour ne pourra pas \u00eatre retir\u00e9e pour le second tour.\nDe nouvelles candidatures pourront \u00eatre d\u00e9pos\u00e9es pour le second tour si et seulement si  le nombre  \nde candidats d\u00e9clar\u00e9s au premier tour est inf\u00e9rieur au nombre de si\u00e8ges \u00e0 pourvoir.\nLa d\u00e9claration de candidature doit obligatoirement \u00eatre r\u00e9dig\u00e9e sur un imprim\u00e9 CERFA  n\u00b0 14996*03  \net accompagn\u00e9e des pi\u00e8ces justificatives list\u00e9es au verso de l'imprim\u00e9.\nArticle 9 : Les d\u00e9clarations de candidatures seront re\u00e7ues  \u00e0 la sous-pr\u00e9fecture de Beaune sur \nrendez-vous (en t\u00e9l\u00e9phonant au 03.45.43.80.05 ou au 03.45.43.80.07) au plus tard \u00e0 18 heures le  \n3\u00e8me jeudi qui pr\u00e9c\u00e8de le premier tour de scrutin, soit jusqu'au jeudi 1er mai 2025.\nDATES DE D\u00c9P\u00d4T DES CANDIDATURES\nPour le premier tour de scrutin\n- du lundi 28 au mercredi 30 avril 2025\nde 09 h 30 \u00e0 12 h 30\nPour l'\u00e9ventuel second tour de scrutin\n- du lundi 20 mai 2025 au mardi 21 mai 2025\nde 09 h 30 \u00e0 12 h 30\nArticle 10 : Monsieur le sous-pr\u00e9fet de l'arrondissement de Beaune et Madame la premi\u00e8re adjointe,  \nmaire par int\u00e9rim de Charrey-sur-Sa\u00f4ne, sont charg\u00e9s, chacun en ce qui le concerne, de l'ex\u00e9cution  \ndu pr\u00e9sent arr\u00eat\u00e9 qui, conform\u00e9ment \u00e0 l'article L.247 du code \u00e9lectoral, sera publi\u00e9 et affich\u00e9 dans la  \ncommune six semaines au moins avant l'\u00e9lection, aux emplacements officiels, ainsi que dans le  \nbureau de vote, le jour du scrutin.\nFait \u00e0 Beaune, le 10 mars 2025\nPour le pr\u00e9fet de la r\u00e9gion Bourgogne-Franche-Comt\u00e9,\nPr\u00e9fet de la C\u00f4te-d'Or et par d\u00e9l\u00e9gation,\nLe sous-pr\u00e9fet de l'arrondissement de Beaune,\nSign\u00e9\nBeno\u00eet BYRSKI\n3/3\nSous-pr\u00e9fecture de Beaune - 21-2025-03-10-00009 - Arr\u00eat\u00e9 pr\u00e9fectoral n\u00b0410 du 10 mars 2025 portant convocation des \u00e9lecteurs de la\ncommune de CHARREY-SUR-SA\u00d4NE et fixant la p\u00e9riode de d\u00e9p\u00f4t des candidatures en vue de proc\u00e9der \u00e0 des \u00e9lections municipales\ncompl\u00e9mentaires pour 4 si\u00e8ges, le dimanche 18 mai 2025 pour le 1er tour et le dimanche 25 mai 2025 pour l'\u00e9ventuel second tour.\n60","date":"2025-04-16","first_seen_on":"2025-09-14T02:46:26+00:00","id":"8fef00e9b819491c3bd0d6e93cbadcd7b1c5071854084ce43737dfa8f9b2a339","name":"RAA n\u00b0 053 du 16 avril 2025","pdf_creation_date":"2025-04-16T14:03:07+00:00","pdf_modification_date":null,"timezone":"Europe/Paris","url":"https://www.cote-dor.gouv.fr/contenu/telechargement/23158/176733/file/recueil-21-2025-053-recueil-des-actes-administratifs-special.pdf"}
