{"administration":"pref09","administration_name":"Pr\u00e9fecture de l\u2019Ari\u00e8ge","content":"ARI\u00c8GE\nRECUEIL DES ACTES\nADMINISTRATIFS\nN\u00b009-2024-067\nPUBLI\u00c9 LE 25 JUIN 2024\nSommaire\n09 \u25a1 PREFECTURE DE L\u25a1ARIEGE \u25a1 DIRECTION DE LA COORDINATION\nINTERMINISTERIELLE ET DE L\u25a1APPUI TERRITORIAL / BUREAU DE LA\nCOORDINATION INTERMINISTERIELLE\n09-2024-06-25-00001 - Arr\u00eat\u00e9 pr\u00e9fectoral donnant d\u00e9l\u00e9gation de signature\n\u00e0 M. Laurent GARCEAU, directeur d\u00e9partemental de la Police Nationale,\nchef de la circonscription de la police nationale de Foix (4 pages) Page 3\n09-2024-03-01-00005 - Centre-hospitalier Ari\u00e8ge Couserans - D\u00e9cision\n9-2024 portant d\u00e9l\u00e9gation de signature \u00e0 M. S\u00e9bastien CHAMBOURD,\ndirecteur adjoint charg\u00e9 des finances et de l'investissement  (2 pages) Page 7\n09-2023-08-03-00012 - D\u00e9cision n\u00b034-2023 portant d\u00e9l\u00e9gation de signature\n\u00e0 Fr\u00e9d\u00e9ric VIGNOLES (2 pages) Page 9\n09 \u25a1 PREFECTURE \u25a1 DIRECTION DE LA CITOYENNETE ET DE LA LEGALITE /\nBUREAU DU CONTROLE BUDGETAIRE ET DE L\u25a1INTERCOMMUNALITE\n09-2024-06-18-00002 - Arr\u00eat\u00e9 pr\u00e9fectoral portant modification des statuts\ndu Syndicat Intercommunal \u00e0 Vocation \u00c9ducative de la Vall\u00e9e de l'Hers -\nadh\u00e9sion de la commune d'Arvigna (5 pages) Page 11\n09-2024-06-18-00001 - Arr\u00eat\u00e9 pr\u00e9fectoral portant modification des statuts\ndu Syndicat Intercommunal \u00e0 Vocation Multiple de la Vall\u00e9e du\nDouctouyre - Retrait des communes d'Arvigna et Calzan (4 pages) Page 16\nDIRECTION DEPARTEMENTALE DE L' EMPLOI, DU TRAVAIL, DES\nSOLIDARITES ET DE LA PROTECTION DES POPULATIONS-DIRECTION /\nDIRECTION DEPARTEMENTALE DE L' EMPLOI, DU TRAVAIL, DES\nSOLIDARITES ET DE LA PROTECTION DES POPULATIONS - DIRECTION\n09-2024-06-14-00003 - R\u00e9c\u00e9piss\u00e9 de D\u00e9claration Services \u00e0 la Personne de la\nstructure CHARLIER Yohann Joseph (2 pages) Page 20\n09-2024-06-12-00003 - R\u00e9c\u00e9piss\u00e9 de D\u00e9claration Services \u00e0 la Personne de la\nstructure SICRE Pierre (2 pages) Page 22\n2\nEs\nPREFET  _\nDE L'ARI\u00c8GE\nLibert\u00e9\nEgalit\u00e9\nFraternit\u00e9\nPR\u00c9FECTURE\nDirection de la coordination interminist\u00e9rielle\net de l'appui territorial\nBureau de la coordination interminist\u00e9rielle\nCourriel : pref-coordination@ariege.gouv.fr\nArr\u00eat\u00e9 pr\u00e9fectoral donnant d\u00e9l\u00e9gation de signature \u00e0 M. Laurent GARCEAU\nDirecteur d\u00e9partemental de la  Police Nationale\nChef de la circonscription de la police nationale de Foix\nLe pr\u00e9fet de l'Ari\u00e8ge\nVula loi organique n\u00b02001-692 du 1er ao\u00fbt 2001 modifi\u00e9e relative aux lois de finances  ;\nVula  loi  n\u00b0  82-213  du  2  mars  1982  modifi\u00e9e, relative aux  droits  et  libert\u00e9s  des  communes, des\nd\u00e9partements et des r\u00e9gions  ;\nVula loi n\u00b0 84-16 du 11 janvier 1984 portant dispositions statutaires relatives \u00e0 la fonction publique de\nl'\u00c9tat ;\nVula loi n\u00b0 2004-809 du 13 ao\u00fbt 2004 relative aux libert\u00e9s et responsabilit\u00e9s locales  ;\nVule d\u00e9cret n\u00b0 62-1587 du 29 d\u00e9cembre 1962 portant r\u00e8glement g\u00e9n\u00e9ral sur la comptabilit\u00e9 publique  ;\nVule d\u00e9cret n\u00b0 95-1197 du 6 novembre 1995 modifi\u00e9 portant d\u00e9concentration en mati\u00e8re de gestion\ndes personnels de la police nationale  ;\nVule d\u00e9cret n\u00b0  2002-916 du 30 mai 2002 relatif aux secr\u00e9tariats g\u00e9n\u00e9raux pour l'administration de la\npolice ;\nVule d\u00e9cret n\u00b0 2002-917 du 30 mai 2002 relatif aux pr\u00e9fets d\u00e9l\u00e9gu\u00e9s pour la s\u00e9curit\u00e9 de la d\u00e9fense\naupr\u00e8s des pr\u00e9fets de zone  ;\nVule d\u00e9cret n\u00b0 2005-54 du 27 janvier 2005 relatif au contr\u00f4le financier au sein des administrations de\nl'\u00c9tat ;\nVule d\u00e9cret n\u00b0 2008-633 du 27 juin 2008 relatif \u00e0 l'organisation d\u00e9concentr\u00e9e de la direction centrale\nde la s\u00e9curit\u00e9 publique  ;\nVule d\u00e9cret n\u00b02010-146 du 16 f\u00e9vrier 2010 relatif aux pouvoirs des pr\u00e9fets, \u00e0 l'organisation et \u00e0 l'action\ndes services de l'\u00c9tat dans les r\u00e9gions et les d\u00e9partements, modifiant le d\u00e9cret n\u00b02004-374 du 29\navril 2004 ;\nVu le d\u00e9cret n\u00b0 2014-296 du 6 mars 2014 relatif aux secr\u00e9tariats g\u00e9n\u00e9raux pour l'administration du\nminist\u00e8re de l'Int\u00e9rieur et modifiant diverses dispositions du code de la d\u00e9fense et du code de la\ns\u00e9curit\u00e9 int\u00e9rieure ;\nVule d\u00e9cret du 13 juillet 2023 portant nomination de M. Simon BERTOUX en qualit\u00e9 de pr\u00e9fet du\nd\u00e9partement de l'Ari\u00e8ge  ;\nVul'arr\u00eat\u00e9  interminist\u00e9riel  du  8  d\u00e9cembre  1993  portant  r\u00e8glement  de  comptabilit\u00e9  pour  la\nd\u00e9signation  des  ordonnateurs  secondaires  et  leurs  d\u00e9l\u00e9gu\u00e9s  (int\u00e9rieur  et  am\u00e9nagement  du\nterritoire) ;\n2 rue de la Pr\u00e9fecture - Pr\u00e9fet Claude - Erignac B.P . 40087 - 09007 Foix Cedex \u2013 T\u00e9l : 05 61 02 10 00\nSite internet : www.ariege.gouv.fr09 \u25a1 PREFECTURE DE L\u25a1ARIEGE \u25a1 DIRECTION DE LA COORDINATION INTERMINISTERIELLE ET DE L\u25a1APPUI TERRITORIAL -\n09-2024-06-25-00001 - Arr\u00eat\u00e9 pr\u00e9fectoral donnant d\u00e9l\u00e9gation de signature \u00e0 M. Laurent GARCEAU, directeur d\u00e9partemental de la\nPolice Nationale, chef de la circonscription de la police nationale de Foix3\nVul'arr\u00eat\u00e9  minist\u00e9riel  n\u00b0NOR  IOMC  2335042A  du  20  d\u00e9cembre  2023,  modifiant  l'arr\u00eat\u00e9  du  30\nnovembre 2005 portant d\u00e9concentration en mati\u00e8re de gestion des fonctionnaires actifs de la\npolice nationale ;\nVul'arr\u00eat\u00e9  DRCPN/SDARH/BOP/N\u00b01000  du  22  avril  2015  portant  mutation  de  M.  Philippe  \nGARRIGUES  \u00e0 la  direction  d\u00e9partementale  de  la  s\u00e9curit\u00e9  publique de l'Ari\u00e8ge en  tant  que  \ndirecteur d\u00e9partemental adjoint de la s\u00e9curit\u00e9 publique de l'Ari\u00e8ge \u00e0 compter du 1er avril 2015;\nVul'arr\u00eat\u00e9  pr\u00e9fectoral  du  28  mai  2013  portant  affectation  de  M.  Yoan  MARGUERIE,  adjoint  \nadministratif de 2\u00e8me classe de l'int\u00e9rieur et de l'outre-mer, \u00e0 la direction d\u00e9partementale de la \ns\u00e9curit\u00e9 publique de l'Ari\u00e8ge \u00e0 compter du 1er septembre 2013 ;\nVul'ordre de mutation n\u00b0028019 du 12 mai 2022 affectant le chef d'escadron Fran\u00e7ois MALBRANCQ,\n\u00e0 compter du 1er ao\u00fbt 2022, au groupement de gendarmerie d\u00e9partementale de l'Ari\u00e8ge -service\nd\u00e9partemental du renseignement territorial \u00e0 Foix  ;\nVul'arr\u00eat\u00e9 n\u00b0 S02823830631442 du 12 juin 2023 portant nomination du commandant de police\nClaude DEMATHIEU pour occuper les fonctions de chef de circonscription \u00e0 Pamiers \u00e0 compter\ndu 1 juin 2023 pour une p\u00e9riode de 4 ans  ;\nVul'arr\u00eat\u00e9  DRHFS/SDESCO/BCP  n\u00b03195  du  1er  d\u00e9cembre  2023  nommant  M.  Laurent  GARCEAU\ndirecteur d\u00e9partemental de la police nationale de l'Ari\u00e8ge \u00e0 compter du 1er janvier 2024  ;\nSurproposition du secr\u00e9taire g\u00e9n\u00e9ral de la pr\u00e9fecture de l'Ari\u00e8ge, \nARR\u00caTE\nArticle 1\nD\u00e9l\u00e9gation est donn\u00e9e \u00e0  M. Laurent GARCEAU , directeur d\u00e9partemental de la police nationale de\nl'Ari\u00e8ge, chef de la circonscription de la police nationale de Foix, \u00e0 l'effet de signer les sanctions\ndisciplinaires relevant du premier groupe pr\u00e9vu par l'article L. 533-1 du code g\u00e9n\u00e9ral de la fonction\npublique, \u00e0  savoir  l'avertissement, le bl\u00e2me et  l'exclusion  temporaire  de  fonction  pour  une  dur\u00e9e\nmaximale de trois jours \u00e0 l'encontre des agents du corps d'encadrement et d'application affect\u00e9s dans\nles services territoriaux de la police nationale, ainsi qu'aux policiers adjoints plac\u00e9s sous son autorit\u00e9.\nArticle 2\nD\u00e9l\u00e9gation est, en outre, donn\u00e9e \u00e0 M. Laurent GARCEAU  \u00e0 l'effet de signer les conventions relatives \u00e0\nl'ex\u00e9cution des prestations de services d'ordre et relations publiques et les \u00e9tats y aff\u00e9rents, tous actes\net documents relatifs aux d\u00e9penses (engagement) de la direction d\u00e9partementale  de la police nationale\nqui ont fait l'objet d'un engagement comptable provisionnel. Cette d\u00e9l\u00e9gation ne s'applique pas aux\nmarch\u00e9s et aux travaux immobiliers autres que d'\u00e9quipement ou d'am\u00e9nagement.SECTION I\nCOMP\u00c9TENCE ADMINISTRATIVE G\u00c9N\u00c9RALE09 \u25a1 PREFECTURE DE L\u25a1ARIEGE \u25a1 DIRECTION DE LA COORDINATION INTERMINISTERIELLE ET DE L\u25a1APPUI TERRITORIAL -\n09-2024-06-25-00001 - Arr\u00eat\u00e9 pr\u00e9fectoral donnant d\u00e9l\u00e9gation de signature \u00e0 M. Laurent GARCEAU, directeur d\u00e9partemental de la\nPolice Nationale, chef de la circonscription de la police nationale de Foix4\nArticle 3\nD\u00e9l\u00e9gation est donn\u00e9e \u00e0  M. Laurent GARCEAU  pour proc\u00e9der \u00e0 l'ordonnancement secondaire des\nd\u00e9penses de l'\u00c9tat imput\u00e9es sur le titre III du BOP suivant  :\nIntitul\u00e9 de la mission Intitul\u00e9 du programme et du BOP Action du BOP\nS\u00c9CURIT\u00c9Programme \u00ab police nationale \u00bb BOP  176\nMoyen des services de la zone SudAction n\u00b02\nCette d\u00e9l\u00e9gation porte sur l'engagement des d\u00e9penses.\nD\u00e9l\u00e9gation est \u00e9galement donn\u00e9e pour opposer la prescription quadriennale aux cr\u00e9anciers.\nArticle 4\nToutes les d\u00e9penses imput\u00e9es sur le titre III dont le montant unitaire est sup\u00e9rieur \u00e0 35 000 euros hors\ntaxes seront soumises \u00e0 la signature du pr\u00e9fet pr\u00e9alablement \u00e0 l'engagement.\nArticle 5\nDemeurent r\u00e9serv\u00e9s \u00e0 la signature du pr\u00e9fet quel que soit le montant  :\n- les d\u00e9cisions de ne pas se conformer \u00e0 l'avis d\u00e9favorable de l'autorit\u00e9 charg\u00e9e du contr\u00f4le\nfinancier, lorsqu'un tel avis est pr\u00e9alablement requis,\n- les d\u00e9cisions de passer outre,\n- les ordres de r\u00e9quisition du comptable public.\nArticle 6\nUn compte rendu d'utilisation des cr\u00e9dits pour l'exercice budg\u00e9taire sera adress\u00e9 trimestriellement.\nArticle 7\nEn application de l'article 43 du d\u00e9cret n\u00b0 2004-374 du 29 avril 2004, M. Laurent GARCEAU  peut sous sa\nresponsabilit\u00e9  subd\u00e9l\u00e9guer  sa  signature  tant  en  mati\u00e8re  d'administration  g\u00e9n\u00e9rale  que\nd'ordonnancement secondaire \u00e0  :\n\u2022M. Philippe GARRIGUES, directeur adjoint de l a DDPN de l'Ari\u00e8ge,\n\u2022M. Claude DEMATHIEU , chef de la circonscription  de la police nationale de Pamiers ,\n\u2022M.  Fran\u00e7ois  MALBRANCQ,  chef  du  service  d\u00e9partemental  du  renseignement  territorial  de\nl'Ari\u00e8ge.SECTION II\nCOMP\u00c9TENCE D'ORDONNANCEMENT SECONDAIRE\nSECTION III\nDISPOSITIONS COMMUNES09 \u25a1 PREFECTURE DE L\u25a1ARIEGE \u25a1 DIRECTION DE LA COORDINATION INTERMINISTERIELLE ET DE L\u25a1APPUI TERRITORIAL -\n09-2024-06-25-00001 - Arr\u00eat\u00e9 pr\u00e9fectoral donnant d\u00e9l\u00e9gation de signature \u00e0 M. Laurent GARCEAU, directeur d\u00e9partemental de la\nPolice Nationale, chef de la circonscription de la police nationale de Foix5\nArticle 8\nEn application de l'article 43 du d\u00e9cret n\u00b0 2004-374 du 29 avril 2004, M. Laurent GARCEAU  peut sous sa\nresponsabilit\u00e9 subd\u00e9l\u00e9guer sa signature en mati\u00e8re d'administration g\u00e9n\u00e9rale (exclusivement l'article 2)\net d'ordonnancement secondaire \u00e0  :\n\u2022M. Yoan MARGUERIE, adjoint au chef du Bureau finances et affaires immobili\u00e8res.\nD\u00e9l\u00e9gation de signature lui est donn\u00e9e pour les engagements juridiques mat\u00e9rialis\u00e9s par carte achat \u00e0\nson nom.\nArticle 9\nL'arr\u00eat\u00e9  pr\u00e9fectoral du  25  janvier  2024, donnant  d\u00e9l\u00e9gation  de signature \u00e0  M. Laurent  GARCEAU ,\ndirecteur d\u00e9partemental de la police nationale, chef de la circonscription de la police nationale de Foix\nest abrog\u00e9.\nArticle 10\nLe  pr\u00e9sent  arr\u00eat\u00e9  peut  faire  l'objet  d'un  recours  administratif  devant  le  tribunal  administratif  de\nToulouse dans un d\u00e9lai de deux mois \u00e0 compter de la publication au recueil des actes administratifs.\nArticle 11\nLe secr\u00e9taire g\u00e9n\u00e9ral de la pr\u00e9fecture de l'Ari\u00e8ge , le directeur des services du cabinet par int\u00e9rim et le\ndirecteur d\u00e9partemental de la police nationale de l'Ari\u00e8ge sont charg\u00e9s, chacun en ce qui le concerne,\nde l'ex\u00e9cution du pr\u00e9sent arr\u00eat\u00e9 qui sera publi\u00e9 au recueil des actes administratifs de la pr\u00e9fecture de\nl'Ari\u00e8ge.\nFait \u00e0 Foix, le 24 juin 2024\nLe pr\u00e9fet,\nSign\u00e9\nSimon BERTOUX09 \u25a1 PREFECTURE DE L\u25a1ARIEGE \u25a1 DIRECTION DE LA COORDINATION INTERMINISTERIELLE ET DE L\u25a1APPUI TERRITORIAL -\n09-2024-06-25-00001 - Arr\u00eat\u00e9 pr\u00e9fectoral donnant d\u00e9l\u00e9gation de signature \u00e0 M. Laurent GARCEAU, directeur d\u00e9partemental de la\nPolice Nationale, chef de la circonscription de la police nationale de Foix6\nCentre  Hospitalier\nAri\u00e8ge-Couserans\nCENTRE  HOSPITALIER  ARIEGE-COUSERANS\nBP 60111  \u2014 09201  SAINT-GIRONS  CEDEX\nDECISION  N\u00b0 9-2024\nPortant  d\u00e9l\u00e9gation  de signature  a Monsieur  S\u00e9bastien  CHAMBOURG,\nDirecteur  Adjoint  charg\u00e9  des  Finances  et de l'Investissement\nLe Directeur  du Centre  Hospitalier  Ari\u00e8ge-Couserans\net de l'Etablissement  Public  M\u00e9dico-Social  \u00ab La Vergni\u00e8re  \u00bb,\nVu la loi \u00ab H\u00f4pital  Patients  Sant\u00e9  Territoire  \u00bb du 21 juillet  2009,\nVu le d\u00e9cret  n\u00b02009-1765  du 30 d\u00e9cembre  2009  relatif  au Directeur  et aux  membres  du Directoire  des\n\u00e9tablissements  publics  de sant\u00e9,\nVU le Code  de la Sant\u00e9  Publique,  et plus  particuli\u00e8rement  les articles  L 6143-7,  L6145-16,  R6143-38,  R 6145-\n70, et D 6143-33  \u00e0 6143-35,\nVu la loi n\u00b02016-41  du 26 janvier  2016  de modernisation  de notre  syst\u00e8me  de sant\u00e9,\nVU l'organigramme  en vigueur  au 17 janvier  2024,\nVU l'arr\u00eat\u00e9  du Centre  National  de Gestion  du 27 juillet  2023  d\u00e9tachant  Monsieur  Olivier  PONTIES  dans\nl'emploi  fonctionnel  de Directeur  du Centre  Hospitalier  Ari\u00e8ge  Couserans  et de l'Etablissement  Public\nM\u00e9dico-Social  \u00ab La Vergni\u00e8re  \u00bb \u00e0 compter  du 16 ao\u00fbt  2023,\nVU le proc\u00e8s-verbal  du 16 ao\u00fbt  2023,  installant  Monsieur  Olivier  PONTIES  dans  ses fonctions  \u00e0 la m\u00eame  date,\nVU le contrat  de travail  \u00e0 dur\u00e9e  ind\u00e9termin\u00e9e  de Monsieur  S\u00e9bastien  CHAMBOURG  sign\u00e9\nle 13 novembre  2023  pour  une  prise  de fonctions  le 1er mars  2024,  en qualit\u00e9  de Directeur  des  Finances\net de l'investissement,\nDECIDE\nArticle  1\nLes fonctions  de Directeur  Adjoint  charg\u00e9  des  Finances  et de l'investissement  du Centre  Hospitalier  Ari\u00e8ge-\nCouserans  et de l'EPMS  La Vergni\u00e9re  sont  attribu\u00e9es  \u00e0 Monsieur  S\u00e9bastien  CHAMBOURG.\nCes  fonctions  comprennent  celles  d'ordonnateur  d\u00e9l\u00e9gu\u00e9  selon  la d\u00e9l\u00e9gation  de signature  ci-apr\u00e8s.\n1/2\n09 \u25a1 PREFECTURE DE L\u25a1ARIEGE \u25a1 DIRECTION DE LA COORDINATION INTERMINISTERIELLE ET DE L\u25a1APPUI TERRITORIAL -\n09-2024-03-01-00005 - Centre-hospitalier Ari\u00e8ge Couserans - D\u00e9cision 9-2024 portant d\u00e9l\u00e9gation de signature \u00e0 M. S\u00e9bastien\nCHAMBOURD, directeur adjoint charg\u00e9 des finances et de l'investissement 7\nArticle  2\nMonsieur  S\u00e9bastien  CHAMBOURG  re\u00e7oit  d\u00e9l\u00e9gation  de signature,  \u00e0 ce titre,  pour  les actes  suivants  :\n. les bordereaux  de titres  de recettes,\n. les bordereaux  de mandats  de paiement,\n. les op\u00e9rations  de tirage  sur ligne  de tr\u00e9sorerie,\n. les op\u00e9rations  de tirage  sur emprunt,\n. les op\u00e9rations  de remboursement  sur ligne  de tr\u00e9sorerie,\n. les liquidations  et justifications  de service  faites  sur les factures  imputables  aux  cr\u00e9dits  dont  il a la gestion,\n. les notes  d'information  relatives  \u00e0 son  secteur  d'activit\u00e9  en cas  d'emp\u00eachement  du Chef  d'\u00e9tablissement,\n. les documents  relatifs  \u00e0 l'organisation  du travail,  des  cong\u00e9s,  des  autorisations  d'absence  et les \u00e9valuations\ndes  personnels  plac\u00e9s  sous  son  autorit\u00e9,\n. les autorisations  de poursuite,\n. tous  les courriers  relevant  de ses attributions  sauf  ceux  adress\u00e9s  aux  autorit\u00e9s  de tutelle  et aux  autorit\u00e9s\npubliques,\n. tout  document  li\u00e9 aux  placements  sous  contrainte,\n. tout  document  qui permet  la saisine  et requ\u00eate  aupr\u00e8s  du Juge  des  Libert\u00e9s  et de la D\u00e9tention,\n. les autorisations  de transports  de corps  sans  mise  en bi\u00e8re  et prise  en charge  \u00e0 des  fins d'examens,\npr\u00e9l\u00e8vements  et autopsie  \u00e0 but  scientifique,\n.les  autorisations  de transports  de corps  avant  mise  en bi\u00e8re  des  personnes  d\u00e9c\u00e9d\u00e9es  dans  l'\u00e9tablissement,\n.les  demandes  de mesures  de protection  adresses  au Juges  des  tutelles.\nArticle  3\nCette  d\u00e9l\u00e9gation  de signature  doit  \u00eatre  exerc\u00e9e  dans  le strict  respect  des  autorisations  budg\u00e9taires,  des\nd\u00e9cisions  et instructions  du Directeur,  du respect  des  lois,  r\u00e8glements  et dispositions  en vigueur.\nArticle  4\nDans  le cadre  de cette  d\u00e9l\u00e9gation,  il appartient  \u00e0 Monsieur  S\u00e9bastien  CHAMBOURG  de rendre  compte  au\nDirecteur  du suivi  de ces  affaires.\nArticle  5\nLa pr\u00e9sente  d\u00e9cision  prendra  effet  \u00e0 compter  du 1ermars  2024.\nAticle  6\nLa pr\u00e9sente  d\u00e9cision  est publi\u00e9e  au Recueil  des  Actes  Administratifs,  fera  l'objet  d'une  information  du Conseil\nde Surveillance  et sera  transmise  au Comptable  de l'\u00e9tablissement.\nVu, S\u00e9bastien  CHAMBOURG\nDirecteur  des  Fingnces  et de l'Investissement\n2/2\n09 \u25a1 PREFECTURE DE L\u25a1ARIEGE \u25a1 DIRECTION DE LA COORDINATION INTERMINISTERIELLE ET DE L\u25a1APPUI TERRITORIAL -\n09-2024-03-01-00005 - Centre-hospitalier Ari\u00e8ge Couserans - D\u00e9cision 9-2024 portant d\u00e9l\u00e9gation de signature \u00e0 M. S\u00e9bastien\nCHAMBOURD, directeur adjoint charg\u00e9 des finances et de l'investissement 8\nCentre  Hospitalier\nAri\u00e9ge-Couserans\nCENTRE  HOSPITALIER  ARIEGE  COUSERANS\nBP 60111  \u2014 09201  SAINT-GIRONS  CEDEX\nDECISION  N\u00b0 34-2023\nPortant  d\u00e9l\u00e9gation  de signature  \u00e0 Monsieur  Fr\u00e9d\u00e9ric  VIGNOLES,  Ing\u00e9nieur,\nResponsable  des  services  Admissions-Facturation,  Standard,\nGestion  des Soins  Sans  Consentement  et Majeurs  Prot\u00e9g\u00e9s\nLe Directeur  du Centre  Hospitalier  Ari\u00e8ge  Couserans\net de l'Etablissement  Public  M\u00e9dico-Social  \u00ab La Vergni\u00e8re  \u00bb\nVu la loi \u00ab H\u00f4pital  Patients  Sant\u00e9  Territoire  \u00bb du 21 juillet  2009,\nVu le d\u00e9cret  n\u00b02009-1765  du 30 d\u00e9cembre  2009  relatif  au Directeur  et aux membres  du Directoire  des\n\u00e9tablissements  publics  de sant\u00e9,\nVu le Code  de la Sant\u00e9  Publique,  et plus particuli\u00e8rement  les articles  L 6143-7,  L61 45-16,  R61 43-38,  R 6145-\n70, ef D 6143-33  \u00e0 6143-35,\nVu la loi n\u00b02016-41  du 26 janvier  2016  de modernisation  de notre  syst\u00e8me  de sant\u00e9,\nVu l'organigramme  en vigueur  au 16 ao\u00fbt  2023,\nVu l'arr\u00eat\u00e9  du Centre  National  de Gestion  du 27 juillet  2023 d\u00e9tachant  Monsieur  Olivier  PONTIES  dans\nl'emploi  fonctionnel  de Directeur  du Centre  Hospitalier  Ari\u00e8ge  Couserans  et de l'Etablissement  Public\nM\u00e9dico-Social  \u00ab La Vergni\u00e8re  \u00bb \u00e0 compter  du 16 ao\u00fbt  2023,\nVu le proc\u00e8s-verbal  du 16 ao\u00fbt  2023,  installant  Monsieur  Olivier  PONTIES  dans  ses fonctions  \u00e0 la m\u00eame\ndate,\nConsid\u00e9rant  le pouvoir  d'organisation  du directeur  chef  d'\u00e9tablissement  vis\u00e9 \u00e0 l'article  1\u00ab du d\u00e9cret\nn\u00b02005-921  du 2 ao\u00fbt  2005,\nArticle  1\nEn l'absence  du Directeur  des Finances,  d\u00e9l\u00e9gation  de signature  est donn\u00e9e  a\nMonsieur  Fr\u00e9d\u00e9ric  VIGNOLES,  Responsable  des services  Admissions-Facturation,  Standard,  Gestion  des\nSoins  Sans  Consentement  et Majeurs  Prot\u00e9g\u00e9s,  pour  signer  tout  document  li\u00e9 aux placements  sous\ncontrainte,  les d\u00e9clarations  de d\u00e9c\u00e8s,  autorisations  de transports  de corps  et \u00e0 tout autre  document\nn\u00e9cessaire  \u00e0 la continuit\u00e9  du fonctionnement  des services  qui lui sont  rattach\u00e9s.\n1/2\n09 \u25a1 PREFECTURE DE L\u25a1ARIEGE \u25a1 DIRECTION DE LA COORDINATION INTERMINISTERIELLE ET DE L\u25a1APPUI TERRITORIAL -\n09-2023-08-03-00012 - D\u00e9cision n\u00b034-2023 portant d\u00e9l\u00e9gation de signature \u00e0 Fr\u00e9d\u00e9ric VIGNOLES 9\nArticle  2\nLa pr\u00e9sente  d\u00e9cision  est publi\u00e9e  au Recueil  des  Actes  Administratifs,  fera  l'objet  d'une  information  du\nConseil  de Surveillance  et sera  transmise  au Comptable  de l'\u00e9tablissement.\nArticle  3\nLa pr\u00e9sente  d\u00e9cision  prendra  effet  \u00e0 compter  du 16 ao\u00fbt  2023.\n2/2\n09 \u25a1 PREFECTURE DE L\u25a1ARIEGE \u25a1 DIRECTION DE LA COORDINATION INTERMINISTERIELLE ET DE L\u25a1APPUI TERRITORIAL -\n09-2023-08-03-00012 - D\u00e9cision n\u00b034-2023 portant d\u00e9l\u00e9gation de signature \u00e0 Fr\u00e9d\u00e9ric VIGNOLES 10\nbn\nPREFET  .\nDE L'ARI\u00c8GE\nLibert\u00e9\nEgalit\u00e9\nFraternit\u00e9\nPR\u00c9FECTURE\nDirection de la citoyennet\u00e9 et de la l\u00e9galit\u00e9\nBureau des collectivit\u00e9s territoriales\nAffaire suivie par Myriam LAPEYRE\nT\u00e9l : 05 61 02 11 43\nCourriel : myriam.lapeyre  @ariege.gouv.fr  \nFoix, le 18 juin 2024\nArr\u00eat\u00e9 pr\u00e9fectoral portant modification des statuts\ndu Syndicat Intercommunal \u00e0 Vocation Educative de l a Vall\u00e9e de l'Hers\nSIVE de la Vall\u00e9e de l'Hers\nadh\u00e9sion de la commune d'Arvigna\nLe pr\u00e9fet de l'Ari\u00e8ge\nVu le code g\u00e9n\u00e9ral des collectivit\u00e9s territoriales et notamment les articles L 5211-18 et L 5211-39-2 ;\nVu l'arr\u00eat\u00e9 pr\u00e9fectoral du 6 septembre 1990 portant cr\u00e9atio n du Syndicat Intercommunal \u00e0\nVocation Educative (SIVE) de la Vall\u00e9e de l'Hers mo difi\u00e9 ;\nVu led\u00e9cretdu13juillet2023portantnominationdeM.Simon BERTOUXenqualit\u00e9depr\u00e9fetde\nl'Ari\u00e8ge ;\nVu led\u00e9cretdu31octobre2023portantnominationdeM.Jean- PhilippeDARGENTenqualit\u00e9de\nsecr\u00e9taire g\u00e9n\u00e9ral de la pr\u00e9fecture de l'Ari\u00e8ge ;\nVu la d\u00e9lib\u00e9ration en date du 7 juillet 2023 de la commune d'Ar vigna sollicitant le retrait de son\nadh\u00e9sion au SIVOM de la Vall\u00e9e du Douctouyre \u00e0 la fin de l'ann\u00e9 e scolaire 2023-2024 et son\nadh\u00e9sion au SIVE de la Vall\u00e9e de l'Hers tout en ren on\u00e7ant \u00e0 conserver son \u00e9cole ;\nVu la d\u00e9lib\u00e9ration en date du 12 octobre 2023 du comit\u00e9 syndic al du SIVE de la Vall\u00e9e de l'Hers\napprouvant l'adh\u00e9sion de la commune d'Arvigna et le s statuts du SIVE modifi\u00e9s ;\nVulesd\u00e9lib\u00e9rationsdescommunesdeLudi\u00e8s,LesIssards,Le sPujols,Saint-Amadou,Saint-F\u00e9lix-de-\nTournegat et Vals approuvant l'adh\u00e9sion de la commu ne d'Arvigna et les statuts modifi\u00e9s ;\nConsid\u00e9rant que les conditions de majorit\u00e9 requises  sont atteintes ;\nSur proposition du secr\u00e9taire g\u00e9n\u00e9ral de la pr\u00e9fect ure de l'Ari\u00e8ge ;\nA R R \u00ca T E : \nArticle 1 : \nEst autoris\u00e9e l'extension du p\u00e9rim\u00e8tre du SIVE de la Vall\u00e9e d e l'Hers avec l'adh\u00e9sion de la\ncommune d'Arvigna d\u00e8s la rentr\u00e9e scolaire 2024-2025 .\nLes nouveaux statuts sont annex\u00e9s au pr\u00e9sent arr\u00eat\u00e9  dans leur version actualis\u00e9e.\n.../...\n2 rue de la Pr\u00e9fecture - Pr\u00e9fet Claude - Erignac B. P. 40087 - 09007 Foix Cedex \u2013 T\u00e9l : 05 61 02 10 00\nSite internet : www.ariege.gouv.fr09 \u25a1 PREFECTURE \u25a1 DIRECTION DE LA CITOYENNETE ET DE LA LEGALITE - 09-2024-06-18-00002 - Arr\u00eat\u00e9 pr\u00e9fectoral portant\nmodification des statuts du Syndicat Intercommunal \u00e0 Vocation \u00c9ducative de la Vall\u00e9e de l'Hers - adh\u00e9sion de la commune d'Arvigna 11\nArticle 2     :\nLepr\u00e9sentarr\u00eat\u00e9peutfairel'objetd'unrecoursdevantlet ribunaladministratifdeToulousedans\nle d\u00e9lai de deux mois \u00e0 compter de sa publication au recueil de s actes administratifs de la\npr\u00e9fecture de l'Ari\u00e8ge.\nArticle 3 :\nLe secr\u00e9taire g\u00e9n\u00e9ral de la pr\u00e9fecture de l'Ari\u00e8ge, le sous- pr\u00e9fet de Pamiers, le directeur\nd\u00e9partemental des finances publiques de l'Ari\u00e8ge, le direc teur d\u00e9partemental des services de\nl'\u00e9ducation nationale, la pr\u00e9sidente du SIVE de la Vall\u00e9e de l'Hers et les collectivit\u00e9s membres\nsont charg\u00e9s, chacun en ce qui le concerne, de l'ex\u00e9cution du pr\u00e9sent arr\u00eat\u00e9 qui sera affich\u00e9 au\nsi\u00e8ge du SIVE et dans les collectivit\u00e9s membres.\nPour le pr\u00e9fet et par d\u00e9l\u00e9gation, \nLe secr\u00e9taire g\u00e9n\u00e9ral,\nSign\u00e9 : Jean-Philippe DARGENT\n209 \u25a1 PREFECTURE \u25a1 DIRECTION DE LA CITOYENNETE ET DE LA LEGALITE - 09-2024-06-18-00002 - Arr\u00eat\u00e9 pr\u00e9fectoral portant\nmodification des statuts du Syndicat Intercommunal \u00e0 Vocation \u00c9ducative de la Vall\u00e9e de l'Hers - adh\u00e9sion de la commune d'Arvigna 12\nSie de la Vall\u00e9e de (Hers\n17, rue du Ch\u00e2teau \u2013 09100 LES PUJOLS\nSTATUTS  DU SIVE DE LA VALL\u00c9E  DE L'HERS\n__________________\nLe syndicat Intercommunal  a \u00e9t\u00e9 cr\u00e9\u00e9 par arr\u00eat\u00e9 pr\u00e9fectoral du 6 septembre 1 990 pour une\ndur\u00e9e illimit\u00e9e.\nArticle 1  : En application des articles L.5212-1 et suivants  du Code G\u00e9n\u00e9ral des Collectivit\u00e9s\nTerritoriales, il est form\u00e9 entre les communes de L udi\u00e8s, Les Issards, Les Pujols, St Amadou,\nSt-F\u00e9lix  de  Tournegat,  Vals,  La  Bastide  de  Lordat,  Arvigna  et  celles  qui  adh\u00e8reront\nult\u00e9rieurement, un syndicat  qui prend  la  d\u00e9nominati on de  \u00ab Syndicat  Intercommunal  \u00e0\nVocation Educative de la Vall\u00e9e de l'Hers \u00bb .\nArticle 2  : Le syndicat a pour objet d'assurer pour le compt e des communes adh\u00e9rentes :\na) dans le cadre d'un regroupement p\u00e9dagogique la p rise en charge et l'organisation de la\nscolarisation publique des enfants au niveau matern elle et primaire.\nb) la prise en charge de tous les probl\u00e8mes mat\u00e9rie ls g\u00e9n\u00e9r\u00e9s par ce service, notamment\nl'organisation des transports scolaires, de garderi e et de fa\u00e7on plus g\u00e9n\u00e9rale toutes activit\u00e9s\np\u00e9riscolaires \nc) la gestion de la cantine scolaire.\nd) la gestion du personnel n\u00e9cessaire au bon foncti onnement des services (\u00e9coles \u2013 cantine\n\u2013 accueil p\u00e9riscolaire \u2013 accompagnateurs transport) .\ne) la construction de locaux \u00e0 utilit\u00e9 scolaire et p\u00e9riscolaire.\nArticle 3  : Le syndicat est administr\u00e9 par un comit\u00e9 compos\u00e9  de d\u00e9l\u00e9gu\u00e9s \u00e9lus par les conseils\nmunicipaux des communes adh\u00e9rentes \u00e0 raison de :\nDeux d\u00e9l\u00e9gu\u00e9s titulaires (avec chacun 1 voix d\u00e9lib\u00e9 rative)\nUn d\u00e9l\u00e9gu\u00e9 suppl\u00e9ant par commune.  Les d\u00e9l\u00e9gu\u00e9s suppl\u00e9ants peuvent participer\naux r\u00e9unions mais ne prennent pas part aux votes lo rsque les titulaires sont pr\u00e9sents.\nUn d\u00e9l\u00e9gu\u00e9 suppl\u00e9ant ne peut remplacer qu'un seul d \u00e9l\u00e9gu\u00e9 titulaire de sa commune\nabsent.\nD'un repr\u00e9sentant  des enseignants du regroupement  p \u00e9dagogique  (avec voix\nconsultative)\n1/309 \u25a1 PREFECTURE \u25a1 DIRECTION DE LA CITOYENNETE ET DE LA LEGALITE - 09-2024-06-18-00002 - Arr\u00eat\u00e9 pr\u00e9fectoral portant\nmodification des statuts du Syndicat Intercommunal \u00e0 Vocation \u00c9ducative de la Vall\u00e9e de l'Hers - adh\u00e9sion de la commune d'Arvigna 13\nLe comit\u00e9 \u00e9lit parmi ses membres un bureau compos\u00e9 d'un pr\u00e9sident et d'un ou plusieurs\nvice-pr\u00e9sidents . \nArticle 4  :  Le comit\u00e9 syndical  se r\u00e9unit au moins une fois par trimestre ou une f ois par\np\u00e9riode  scolaire.  Il  se  r\u00e9unit  extraordinairement  s ur  convocation  du  pr\u00e9sident,  soit  sur\nl'initiative de la Pr\u00e9fecture, soit sur la demande de la majorit\u00e9 des membres.\nIl r\u00e8gle, par d\u00e9lib\u00e9ration, les affaires du syndica t et se prononce chaque fois que cela est pr\u00e9vu\npar les dispositions l\u00e9gislatives et r\u00e9glementaires  en vigueur ou chaque fois que son avis est\nrequis.\nArticle 5  : Le si\u00e8ge du syndicat est fix\u00e9 \u00e0 la mairie de Les  Pujols en Ari\u00e8ge.\nArticle 6  : Le syndicat est institu\u00e9 pour une dur\u00e9e illimit\u00e9 e.\nArticle 7  : Les fonctions de tr\u00e9sorier du syndicat sont assu r\u00e9es par le Centre des Finances\nPubliques de Pamiers - Service de Gestion Comptable  de Pamiers.\nArticle 8  : Les ressources du syndicat comprennent :\na) La contribution des communes associ\u00e9es aux d\u00e9pens es d\u00e9termin\u00e9es de la fa\u00e7on\nsuivante : \n- pour les d\u00e9penses d'investissement au prorata de l a population des Communes\nmembres du syndicat :\n- pour les d\u00e9penses de fonctionnement au prorata des  enfants scolaris\u00e9s r\u00e9sidants\ndans les communes adh\u00e9rentes et avec un minimum de participation de 2 % de\nla contribution globale des communes.\nb) Les subventions de l'Etat, de la r\u00e9gion, du d\u00e9pa rtement, des \u00e9tablissements publics\nde coop\u00e9ration intercommunale et des communes.\nc) les subventions ou dons qu'il re\u00e7oit des adminis trations publiques, des associations,\ndes particuliers ou des syndicats.\nd) les produits, dons et legs.\ne) Les produits des taxes, redevances et contributi ons correspondantes aux services\nassur\u00e9s.\nf) Les produits des emprunts.\ng)  Les  participations  des  communes  non  adh\u00e9rentes  q ui  auront  eu  l'autorisation\nd'inscrire leurs enfants dans les \u00e9coles de regroup ement scolaire. \n2/309 \u25a1 PREFECTURE \u25a1 DIRECTION DE LA CITOYENNETE ET DE LA LEGALITE - 09-2024-06-18-00002 - Arr\u00eat\u00e9 pr\u00e9fectoral portant\nmodification des statuts du Syndicat Intercommunal \u00e0 Vocation \u00c9ducative de la Vall\u00e9e de l'Hers - adh\u00e9sion de la commune d'Arvigna 14\nSie de la Vall\u00e9e de (Hers\n17, rue du Ch\u00e2teau \u2013 09100 LES PUJOLS\nSTATUTS  DU SIVE DE LA VALL\u00c9E  DE L'HERS\n_______________________\nToutefois, les enfants des Communes ext\u00e9rieures au SIVE pourront \u00eatre accueillis en\nfonction de la capacit\u00e9 d'accueil et \u00e0 condition qu e la Commune de domicile s'engage\n\u00e0  r\u00e9gler  au  SIVE  les  frais  de  scolarit\u00e9  dont  le  mon tant  fera  l'objet  d'un  accord\npr\u00e9alable entre la commune et le SIVE. Une conventi on entre le SIVE et la Commune\nconcern\u00e9e formalisera cet accord.\nArticle  9  :  La  scolarisation  des  enfants  au  sein  du Syndicat  In tercommunal  \u00e0  Vocation\nEducative de la Vall\u00e9e de l'Hers s'effectue sur les  sites de Les Pujols et de Saint-Amadou de\nla fa\u00e7on suivante :\n- La commune de Les Pujols accueille sept classes\n- La commune de Saint-Amadou accueille une classe\nArticle 10  : Les pr\u00e9sents statuts seront annex\u00e9s aux d\u00e9lib\u00e9ra tions des conseils municipaux\nconcern\u00e9s.\nVu  pour \u00eatre annex\u00e9 \u00e0 l'arr\u00eat\u00e9 pr\u00e9fectoral\nen date du : 18 juin 2024\nLe pr\u00e9fet,\nPour le pr\u00e9fet et par d\u00e9l\u00e9gation,\nLe secr\u00e9taire g\u00e9n\u00e9ral,\nSign\u00e9 : Jean-Philippe DARGENT\n3/309 \u25a1 PREFECTURE \u25a1 DIRECTION DE LA CITOYENNETE ET DE LA LEGALITE - 09-2024-06-18-00002 - Arr\u00eat\u00e9 pr\u00e9fectoral portant\nmodification des statuts du Syndicat Intercommunal \u00e0 Vocation \u00c9ducative de la Vall\u00e9e de l'Hers - adh\u00e9sion de la commune d'Arvigna 15\nbn\nPREFET  .\nDE L'ARI\u00c8GE\nLibert\u00e9\nEgalit\u00e9\nFraternit\u00e9\nPR\u00c9FECTURE\nDirection de la citoyennet\u00e9 et de la l\u00e9galit\u00e9\nBureau des collectivit\u00e9s territoriales\nAffaire suivie par Myriam LAPEYRE\nT\u00e9l : 05 61 02 11 43\nCourriel : myriam.lapeyre  @ariege.gouv.fr  \nFoix, le  18 juin 2024\nArr\u00eat\u00e9 pr\u00e9fectoral portant modification des statuts\ndu Syndicat Intercommunal \u00e0 Vocation Multiple de la  Vall\u00e9e du Douctouyre\nSIVOM de la Vall\u00e9e du Douctouyre\nRetrait des communes d'Arvigna et Calzan\nLe pr\u00e9fet de l'Ari\u00e8ge\nVu le code g\u00e9n\u00e9ral des collectivit\u00e9s territoriales et notamment les articles L 5211-19 et L 5211-39-2 ;\nVu l'arr\u00eat\u00e9 pr\u00e9fectoral du 27 novembre 1964 portant cr\u00e9atio n du Syndicat Intercommunal \u00e0\nVocation Multiple (SIVOM) de la Vall\u00e9e du Douctouyr e modifi\u00e9 ;\nVu led\u00e9cretdu13juillet2023portantnominationdeM.Simon BERTOUXenqualit\u00e9depr\u00e9fetde\nl'Ari\u00e8ge ;\nVu led\u00e9cretdu31octobre2023portantnominationdeM.Jean- PhilippeDARGENTenqualit\u00e9de\nsecr\u00e9taire g\u00e9n\u00e9ral de la pr\u00e9fecture de l'Ari\u00e8ge ;\nVu la d\u00e9lib\u00e9ration en date du 7 juillet 2023 de la commune d'Ar vigna sollicitant le retrait de son\nadh\u00e9sion au SIVOM de la Vall\u00e9e du Douctouyre \u00e0 la fin de l'ann\u00e9 e scolaire 2023-2024 et son\nadh\u00e9sion au SIVE de la Vall\u00e9e de l'Hers  ;\nVu la d\u00e9lib\u00e9ration en date du 29 f\u00e9vrier 2024 du comit\u00e9 syndic al du SIVOM de la Vall\u00e9e du\nDouctouyre approuvant le retrait de la commune d'Ar vigna ;\nVu les d\u00e9lib\u00e9rations des communes de Carla-de-Roquefort, L ieurac, Dun, Vira, et Arvigna\napprouvant la r\u00e9duction du p\u00e9rim\u00e8tre du SIVOM avec le retrai t de la commune d'Arvigna et les\nstatuts modifi\u00e9s ;\nVulad\u00e9lib\u00e9rationendatedu30septembre2022delacommuned eCalzansollicitantleretraitde\nson adh\u00e9sion au SIVOM de la Vall\u00e9e du Douctouyre ;\nVu la d\u00e9lib\u00e9ration en date du 12 f\u00e9vrier 2024 du comit\u00e9 syndic al du SIVOM de la Vall\u00e9e du\nDouctouyre approuvant le retrait de la commune de C alzan ;\nVu lesd\u00e9lib\u00e9rations des communes de Calzan, Carla-de-Roqu efort,Lieurac, Dun, Vira, et Arvigna\napprouvant la r\u00e9duction du p\u00e9rim\u00e8tre du SIVOM avec le retrai t de la commune de Calzan et les\nstatuts modifi\u00e9s ;\nConsid\u00e9rant queles conditions demajorit\u00e9 requises sontat teintes pourchacune desproc\u00e9dures\nengag\u00e9es ;\nSur proposition du secr\u00e9taire g\u00e9n\u00e9ral de la pr\u00e9fect ure de l'Ari\u00e8ge ;\n.../...\n2 rue de la Pr\u00e9fecture - Pr\u00e9fet Claude - Erignac B. P. 40087 - 09007 Foix Cedex \u2013 T\u00e9l : 05 61 02 10 00\nSite internet : www.ariege.gouv.fr09 \u25a1 PREFECTURE \u25a1 DIRECTION DE LA CITOYENNETE ET DE LA LEGALITE - 09-2024-06-18-00001 - Arr\u00eat\u00e9 pr\u00e9fectoral portant\nmodification des statuts du Syndicat Intercommunal \u00e0 Vocation Multiple de la Vall\u00e9e du Douctouyre - Retrait des communes\nd'Arvigna et Calzan16\nA R R \u00ca T E : \nArticle 1 : \nSont autoris\u00e9s les retraits des communes d'Arvigna et Calza n \u00e0 la fin de l'ann\u00e9e scolaire 2023-\n2024.\nLesnouveauxstatutsduSyndicatIntercommunal\u00e0VocationM ultipledelaVall\u00e9eduDouctouyre\nsont annex\u00e9s au pr\u00e9sent arr\u00eat\u00e9 dans leur version ac tualis\u00e9e.\nArticle 2     :\nLepr\u00e9sentarr\u00eat\u00e9peutfairel'objetd'unrecoursdevantlet ribunaladministratifdeToulousedans\nle d\u00e9lai de deux mois \u00e0 compter de sa publication au recueil de s actes administratifs de la\npr\u00e9fecture de l'Ari\u00e8ge.\nArticle 3 :\nLe secr\u00e9taire g\u00e9n\u00e9ral de la pr\u00e9fecture de l'Ari\u00e8ge, le sous- pr\u00e9fet de Pamiers, le directeur\nd\u00e9partemental des finances publiques de l'Ari\u00e8ge, le direc teur d\u00e9partemental des services de\nl'\u00e9ducation nationale, le pr\u00e9sident du SIVOM de la Vall\u00e9e du Douctouyre et les collectivit\u00e9s\nmembres sont charg\u00e9s, chacun en ce qui le concerne, de l'ex\u00e9c ution du pr\u00e9sent arr\u00eat\u00e9 qui sera\naffich\u00e9 au si\u00e8ge du SIVOM, dans les collectivit\u00e9s m embres.\nPour le pr\u00e9fet et par d\u00e9l\u00e9gation, \nLe secr\u00e9taire g\u00e9n\u00e9ral,\nSign\u00e9 : Jean-Philippe DARGENT\n209 \u25a1 PREFECTURE \u25a1 DIRECTION DE LA CITOYENNETE ET DE LA LEGALITE - 09-2024-06-18-00001 - Arr\u00eat\u00e9 pr\u00e9fectoral portant\nmodification des statuts du Syndicat Intercommunal \u00e0 Vocation Multiple de la Vall\u00e9e du Douctouyre - Retrait des communes\nd'Arvigna et Calzan17\nSIVOM DE LA VALLEE DU DOUCTOUYRE - 38 Rue des Pyr\u00e9n \u00e9es \u2013 Mairie-  09600 DUN\nSTATUTS DU SIVOM DE LA VALLEE DU DOUCTOUYRE\nStatuts r\u00e9actualis\u00e9s au 29 f\u00e9vrier 2024\nARTICLE 1  :  COMPETENCES TRANSFEREES OBLIGATOIREMENT AU SYNDI CAT PAR LES COMMUNES\nMEMBRES\nA/ La scolarisa#on publique\nElle comprend la prise en charge et l'organisa%on d e la scolarisa%on publique dans le cadre du\nregroupement  p\u00e9dagogique,  ainsi  que  tous  les  probl\u00e8 mes  mat\u00e9riels  g\u00e9n\u00e9r\u00e9s  par  ce  service  et\nnotamment la ges%on d'un service de restaura%on sco laire hormis la fourniture des repas avec mise\n\u00e0 disposi%on gratuite par les communes du personnel  et des locaux communaux n\u00e9cessaires au bon\nfonc%onnement du service.\nCe1e comp\u00e9tence ne comprend pas les inves%ssements immobiliers dans les locaux \u00e9duca%fs et les\n\u00e9coles.\nB/ L'ensemble des ac#vit\u00e9s p\u00e9ri et post scolaires\nC/ Le sou#en mat\u00e9riel et financier \u00e0 des ac#vit\u00e9s sp or#ves, culturelles ou ar#s#ques :\nAc%vit\u00e9s  dont  l'int\u00e9r\u00eat  et  la  notori\u00e9t\u00e9  valorisent  l'iden%t\u00e9  du  territoire  syndical  au  profit\nd'associa%ons spor%ves ou culturelles ayant leur si \u00e8ge social et organisant la ou les manifesta%ons\nsur le territoire syndical, des lors que l'ac%vit\u00e9 est pra%qu\u00e9e par plus de 30 licencies repar%s sur a u\nmoins trois communes ayant adh\u00e9r\u00e9 \u00e0 ce1e comp\u00e9tence s, ou que l'\u00e9v\u00e9nement organise est de\nnotori\u00e9t\u00e9 intercommunale.\nC/ La restaura#on scolaire :\nLe choix du fournisseur de restaura%on scolaire. La  ges%on des commandes, la fourniture et la\nfactura%on des repas distribu\u00e9s dans le cadre scola ire.\nLeur stockage, remise en temp\u00e9rature et distribu%on  restant \u00e0 la charge des communes.\nARTICLE 2  : PERIMETRE DES COMPETENCES OBLIGATOIRES\nLes communes de Carla de Roquefort, de Lieurac, de Dun, de Vira, sont dans ce p\u00e9rim\u00e8tre.\nARTICLE 3  : ADMINISTRATION DU SYNDICAT\nChaque commune adh\u00e9rente sera repr\u00e9sent\u00e9e au Comit\u00e9  Syndical par deux d\u00e9l\u00e8gues.\nChaque d\u00e9l\u00e9gu\u00e9 disposera d'un nombre de voix d\u00e9term in\u00e9 par le tableau suivant :\n- communes de moins de 100 habitants : 1 voix par d\u00e9 l\u00e9gu\u00e9\n- communes entre 100 et 400 habitants : 2 voix par d \u00e9l\u00e9gu\u00e9\n- communes de plus de 400 habitants : 3 voix par d\u00e9l \u00e9gu\u00e9\nLe Comit\u00e9 \u00e9lira parmi ses membres un bureau compos\u00e9  :\nT\u00e9l : 09.77.33.46.65 (le jeudi 8h00 \u2013 17h30)\nE-mail : sivomdouctouyre@orange.fr09 \u25a1 PREFECTURE \u25a1 DIRECTION DE LA CITOYENNETE ET DE LA LEGALITE - 09-2024-06-18-00001 - Arr\u00eat\u00e9 pr\u00e9fectoral portant\nmodification des statuts du Syndicat Intercommunal \u00e0 Vocation Multiple de la Vall\u00e9e du Douctouyre - Retrait des communes\nd'Arvigna et Calzan18\nSIVOM DE LA VALLEE DU DOUCTOUYRE - 38 Rue des Pyr\u00e9n \u00e9es \u2013 Mairie-  09600 DUN\n- d'un Pr\u00e9sident\n- d'un Vice-pr\u00e9sident\n- d'un Secr\u00e9taire\nARTICLE 4  : RESSOURCES DU SYNDICAT\nA/ Contribu#on des communes membres :\nLa contribu%on est fix\u00e9e au prorata de la popula%on.\n B/ Autres ressources du Syndicat\n1) les produits des taxes, redevances et contribu%on s correspondant aux services assures\n2) les subven%ons de l'Etat, de la R\u00e9gion, du D\u00e9part ement et des Communes\n3) le produit des dons et legs\n4) le produit des emprunts\n5) les par%cipa%ons des communes non adh\u00e9rentes qui,  auront eu l'autorisa%on d'inscrire leurs\nenfants dans les \u00e9coles du regroupement\nARTICLE 5  : SIEGE DU SYNDICAT\nLe si\u00e8ge du Syndicat est fixe \u00e0 la Mairie de Dun.\nARTICLE 6  : DUREE DU SYNDICAT\nLa dur\u00e9e du Syndicat est illimit\u00e9e.\nVu  pour \u00eatre annex\u00e9 \u00e0 l'arr\u00eat\u00e9 pr\u00e9fectoral\nen date du : 18 juin 2024\nLe pr\u00e9fet,\nPour le pr\u00e9fet et par d\u00e9l\u00e9ga%on,\nLe secr\u00e9taire g\u00e9n\u00e9ral,\nSign\u00e9 : Jean-Philippe DARGENT\nT\u00e9l : 09.77.33.46.65 (le jeudi 8h00 \u2013 17h30)\nE-mail : sivomdouctouyre@orange.fr09 \u25a1 PREFECTURE \u25a1 DIRECTION DE LA CITOYENNETE ET DE LA LEGALITE - 09-2024-06-18-00001 - Arr\u00eat\u00e9 pr\u00e9fectoral portant\nmodification des statuts du Syndicat Intercommunal \u00e0 Vocation Multiple de la Vall\u00e9e du Douctouyre - Retrait des communes\nd'Arvigna et Calzan19\n| | DIRECTION  D\u00c9PARTEMENTALE\nDE L'EMPLOI,  DU TRAVAIL,  DES SOLIDARIT\u00c9S| oar Lai  \u2014  ET DE LA PROTECTION  DES POPULATIONS\nService  Acc\u00e8s  et Retour  \u00e0 l'Emploi\nrm  | | Affaire  suivie  par Didier  BLAZY\n_  7 | T\u00e9l : 05 61 02 43 90\nraternit\u00e9  Courriel  : didier.blazy@ariege.gouv.fr\nR\u00e9c\u00e9piss\u00e9  de d\u00e9claration\nd'un  organisme  de services  \u00e0 la personne\nenregistr\u00e9  sous  le N\u00b0 SAP928534502\n_ Vu le code  du travail  et notamment  les articles  L.7231-1  \u00e0 L.7233-2,  R.7232-16  \u00e0 R.7232-22,\nD.7231-1  et D.7233-1  \u00e0 D.7233-5  ; |\nVu la demande  de d\u00e9claration  d\u00e9pos\u00e9e  par |' organisme  CHARLIER  Yohann  Joseph,  situ\u00e9\n3 Rue  Bayle  - 09000  FOIX,  le 07/06/2024,  |\nLe pr\u00e9fet  de l'Ari\u00e8ge,\nConstate  :\nQu'une  d\u00e9claration  d'activit\u00e9s  de services  \u00e0 la personne  a \u00e9t\u00e9 d\u00e9pos\u00e9e  aupr\u00e8s  de la\nDDETSPP  de l'Ari\u00e8ge  le 07/06/2024  par Monsieur  CHARLIER  Yohann  Joseph  en qualit\u00e9  de\ndirigeant(e),  pour  l'organisme  CHARLIER  Yohann  Joseph  dont  l'\u00e9tablissement  principal\nest situ\u00e9  3 Rue  Bayle  \u2014- 09000  FOIX  et enregistr\u00e9  sous  le N\u00b0SAP  928534502  pour  les |\nactivit\u00e9s  suivantes  :\nActivit\u00e9(s)  relevant  uniquement  de la d\u00e9claration  :\n\u00ab Entretien  de la maison  et travaux  m\u00e9nagers  (mode  d'intervention  Prestataire)\nToute  modification  concernant  les activit\u00e9s  exerc\u00e9es  devra  faire  l'objet  d'une  d\u00e9claration\nmodificative  pr\u00e9alable.\nSous  r\u00e9serve  d'\u00eatre  exerc\u00e9es  \u00e0 titre  exclusif  (ou sous  r\u00e9serve  d'une  comptabilit\u00e9  s\u00e9par\u00e9e\npour  les personnes  morales  dispens\u00e9es  de cette  condition),  ces activit\u00e9s  ouvrent  droit\nau b\u00e9n\u00e9fice  des dispositions  des articles  L. 7233-2  du code  du travail  et L.241-10  du\nCode  de la s\u00e9curit\u00e9  sociale  dans  les conditions  pr\u00e9vues  par ces articles.\nLes  effets  de la d\u00e9claration  courent  \u00e0 compter  du jour  du d\u00e9p\u00f4t  de la d\u00e9claration  sous  r\u00e9\nserve  des dispositions  de l'article  R.7232-18  du Code  du travail.  Le pr\u00e9sent  r\u00e9c\u00e9piss\u00e9  n'est\npas limit\u00e9  dans  le temps.  La d\u00e9claration  a une  port\u00e9e  nationale.\nLe cas \u00e9ch\u00e9ant:\nEn application  des articles  L.7232-1  et R.7232-1  \u00e0 R.7232-15,  les activit\u00e9s  n\u00e9cessitant  un\nagr\u00e9ment  (I de l'article  D.7231-1  du Code  du travail)  n'ouvrent  droit  a ces dispositions\nque  si l'organisme  a pr\u00e9alablement  obtenu  l'agr\u00e9ment  ou le renouvellement  de cet\n. agr\u00e9ment  dans  le ou les d\u00e9partement(s)  d'exercice  de ses activit\u00e9s.\nDe m\u00eame,  en application  de l'article  D.312-6-2  du Code  de l'action  sociale  et des fa\nmilles,  les activit\u00e9s  n\u00e9cessitant  une autorisation  n'ouvrent  droit  4 ces dispositions  que si\nl'organisme  a pr\u00e9alablement  obtenu  l'autorisation  ou le renouvellement  de cette  auto\nrisation.\n9 rue du Lieutenant  Paul  Delpech  - 09000  Foix  Cedex  - T\u00e9l : 05 61 02 43 00\nSite  internet  : www.ariege.gouv.fr\nDIRECTION DEPARTEMENTALE DE L' EMPLOI, DU TRAVAIL, DES SOLIDARITES ET DE LA PROTECTION DES POPULATIONS-DIRECTION\n- 09-2024-06-14-00003 - R\u00e9c\u00e9piss\u00e9 de D\u00e9claration Services \u00e0 la Personne de la structure CHARLIER Yohann Joseph 20\nL'enregistrement  de la d\u00e9claration  peut  \u00eatre  retir\u00e9  dans  les conditions  fix\u00e9es  aux ar-\nticles  R.7232-20  a R.7232-22  du Code  du travail.\nLe pr\u00e9sent  r\u00e9c\u00e9piss\u00e9  sera  publi\u00e9  au recueil  des  actes  administratifs  de la pr\u00e9fecture.\nL'enregistrement  de la d\u00e9claration  peut  \u00eatre  retir\u00e9  dans  les conditions  fix\u00e9es  aux articles\nR.7232-20  \u00e0 R.7232-22  du Code  du travail.\nLe pr\u00e9sent  r\u00e9c\u00e9piss\u00e9  est publi\u00e9  au recueil  des  actes  administratifs  de la pr\u00e9fecture.\nLe pr\u00e9sent  r\u00e9c\u00e9piss\u00e9  peut,  \u00e0 compter  de sa notification,  faire  l'objet  d'un  recours  gra-\ncieux  aupr\u00e8s  service  instructeur  de la DDETSPP  de |' Ari\u00e8ge  Foix  ou d'un  recours  hi\u00e9rar-\nchique  adress\u00e9  au ministre  charg\u00e9  de l'\u00e9conomie  - Direction  g\u00e9n\u00e9rale  des entreprises  -\nsous-direction  des services  marchands,  61 Boulevard  Vincent  Auriol,  75703  PARIS  CEDEX\n13.\nIl peut  \u00e9galement  faire  l'objet  d'un  recours  contentieux  dans  un d\u00e9lai  de deux  mois  \u00e0\ncompter  de sa notification  aupr\u00e8s  du tribunal  administratif  de Tribunal  Administratif  de\nToulouse  - 69 rue Raymond  IV - BP 7007  - 31068  TOULOUSE  CEDEX  07. |\nLe tribunal  administratif  peut  aussi  \u00eatre  saisi  par l'application  informatique  \u00ab T\u00e9l\u00e9recours\ncitoyen  \u00bb accessible  sur le site  internet  http://www.telerecours.fr/\nEn cas de rejet  du recours  gracieux  ou hi\u00e9rarchique  ou en l'absence  de r\u00e9ponse  \u00e0 ce re-\ncours  (rejet  implicite),  un recours  contentieux  devant  le tribunal  administratif  de Tou-\nlouse  - 69 rue Raymond  IV - BP 7007  - 31068  TOULOUSE  CEDEX  07 peut  \u00e9galement  \u00eatre\nform\u00e9  contre  la d\u00e9cision  initiale  dans  un d\u00e9lai  de deux  mois  \u00e0 compter  de ce rejet.\nFait  \u00e0 Foix,  le 14/06/2024\nPour  le Pr\u00e9fet,  |\nPar d\u00e9l\u00e9gation,\nLe Directeur  de la Direction  D\u00e9partementale  de l'Emploi,\ndu Travail,  des Solidarit\u00e9s  et de la Protection  des Populations  de l'Ari\u00e8ge,\nPar subd\u00e9l\u00e9gation,\nLa Cheffe  du Service  Acc\u00e8s  et Retour  mploi,\nAnn  ANDEIRA\n9 rue du Lieutenant  Paul  Delpech  - 09000  Foix  Cedex  \u2014 T\u00e9l : 05 61 02 43 00\nSite  internet  : www.ariege.gouv.fr\nDIRECTION DEPARTEMENTALE DE L' EMPLOI, DU TRAVAIL, DES SOLIDARITES ET DE LA PROTECTION DES POPULATIONS-DIRECTION\n- 09-2024-06-14-00003 - R\u00e9c\u00e9piss\u00e9 de D\u00e9claration Services \u00e0 la Personne de la structure CHARLIER Yohann Joseph 21\n| | | : DIRECTION  D\u00c9PARTEMENTALE\n| DE L'EMPLOI,  DU TRAVAIL,  DES SOLIDARIT\u00c9SHogi  A nei  | ET DE LA PROTECTION  DES POPULATIONS\n( | Service  Acc\u00e8s  et Retour  \u00e0 l'Emploi\npese  | | | Affaire  suivie  par Didier  BLAZY\n\u2014  7 . T\u00e9l : 05 61 02 43 90\nraternit\u00e9  Courriel  : didier.blazy@ariege.gouv.fr\nR\u00e9c\u00e9piss\u00e9  de d\u00e9claration\nd'un  organisme  de services  a la personne\nenregistr\u00e9  sous  le N\u00b0 SAP929537256\nVu le code  du travail  et notamment  les articles  L.7231-1  \u00e0 L.7233-2,  R.7232-16  a R.7232-22,\nD.7231-1  et D.7233-1  a D.7233-5  ;\nVu la demande  de d\u00e9claration  d\u00e9pos\u00e9e  par |' organisme  SICRE  PIERRE,  situ\u00e9  30 Rue\nPrincipale  - 09310  Les Cabannes,  le 09/06/2024,\nLe pr\u00e9fet  de l'Ari\u00e8ge,\nConstate  : | :\nQu'une  d\u00e9claration  d'activit\u00e9s  de services  \u00e0 la personne  a \u00e9t\u00e9 d\u00e9pos\u00e9e  aupr\u00e8s  de la\nDDETSPP  de l'Ari\u00e8ge  le 09/06/2024  par Monsieur  SICRE  Pierre  en qualit\u00e9  de\ndirigeant(e),  pour  l'organisme  SICRE  PIERRE  dont  l'\u00e9tablissement  principal  est situ\u00e9  30\nRue  Principale  \u2014 09310  Les Cabannes  et n\u00e9s.  die  sous  le N\u00b0SAP  929537256  pour  les\nactivit\u00e9s  suivantes  :\nActivit\u00e9(s)  relevant  uniquement  de la d\u00e9claration  :\n+ Soutien  scolaire  ou cours  \u00e0 domicile  (mode  d'intervention  Prestataire)\nToute  modification  concernant  les activit\u00e9s  exerc\u00e9es  devra faire l'objet  d'une  d\u00e9claration\nmodificative  pr\u00e9alable.\nSous r\u00e9serve  d'\u00eatre exerc\u00e9es  \u00e0 titre exclusif  (ou sous r\u00e9serve d'une comptabilit\u00e9  s\u00e9par\u00e9e\npour  les personnes  morales  dispens\u00e9es  de cette  condition),  ces activit\u00e9s  ouvrent  droit\nau b\u00e9n\u00e9fice  des  dispositions  des articles  L. 7233-2  du code  du travail  et L.241-10  du\nCode  de la s\u00e9curit\u00e9  sociale  dans  les conditions  pr\u00e9vues  par ces  articles.\nLes effets  de la d\u00e9claration  courent  \u00e0 compter  du jour  du d\u00e9p\u00f4t  de la d\u00e9claration  sous  r\u00e9\n- serve  des dispositions  de l'article  R.7232-18  du Code  du travail.  Le pr\u00e9sent  r\u00e9c\u00e9piss\u00e9  n'est\npas limit\u00e9  dans  le temps.  La d\u00e9claration  a une  port\u00e9e  nationale.\nLe cas \u00e9ch\u00e9ant:\nEn application  des articles  L.7232-1  et R.7232-1  \u00e0 R.7232-15,  les activit\u00e9s  n\u00e9cessitant  un\nagr\u00e9ment  (I de l'article  D.7231-1  du Code  du travail)  n'ouvrent  droit  \u00e0 ces dispositions\nque  si l'organisme  a pr\u00e9alablement  obtenu  l'agr\u00e9ment  ou le renouvellement  de cet\nagr\u00e9ment  dans  le ou les d\u00e9partement(s)  d'exercice  de ses activit\u00e9s.\nDe m\u00eame,  en application  de l'article  D.312-6-2  du Code  de l'action  sociale  et des fa\nmilles,  les activit\u00e9s  n\u00e9cessitant  une autorisation  n'ouvrent  droit  \u00e0 ces dispositions  que si\nl'organisme  a pr\u00e9alablement  obtenu  l'autorisation  ou le renouvellement  de cette  auto\nrisation.\n9 rue du Lieutenant  Paul  Delpech  - 09000  Foix  Cedex  - T\u00e9l : 05 61 02 43 00\nSite  internet  : www.ariege.gouv.fr\nDIRECTION DEPARTEMENTALE DE L' EMPLOI, DU TRAVAIL, DES SOLIDARITES ET DE LA PROTECTION DES POPULATIONS-DIRECTION\n- 09-2024-06-12-00003 - R\u00e9c\u00e9piss\u00e9 de D\u00e9claration Services \u00e0 la Personne de la structure SICRE Pierre 22\nL'enregistrement  de la d\u00e9claration  peut  \u00eatre  retir\u00e9  dans  les conditions  fix\u00e9es  aux ar-\nticles  R.7232-20  \u00e0 R.7232-22  du Code  du travail.\nLe pr\u00e9sent  r\u00e9c\u00e9piss\u00e9  sera  publi\u00e9  au recueil  des  actes  administratifs  de la pr\u00e9fecture.\nL'enregistrement  de la d\u00e9claration  peut  \u00eatre  retir\u00e9  dans  les conditions  fix\u00e9es  aux articles\nR.7232-20  \u00e0 R.7232-22  du Code  du travail.\nLe pr\u00e9sent  r\u00e9c\u00e9piss\u00e9  est publi\u00e9  au recueil  des  actes  administratifs  de la pr\u00e9fecture.\nLe pr\u00e9sent  r\u00e9c\u00e9piss\u00e9  peut,  \u00e0 compter  de sa notification,  faire  l'objet  d'un  recours  gra-\ncieux  aupr\u00e8s  service  instructeur  de la DDETSPP  de I' Ari\u00e8ge  Foix  ou d'un  recours  hi\u00e9rar-\nchique  adress\u00e9  au ministre  charg\u00e9  de l'\u00e9conomie  - Direction  g\u00e9n\u00e9rale  des entreprises  \u2014\nsous-direction  des services  marchands,  61 Boulevard  Vincent  Auriol,  75703  PARIS  CEDEX\n13.\nIl peut  \u00e9galement  faire  l'objet  d'un  recours  contentieux  dans  un d\u00e9lai  de deux  mois  a\ncompter  de sa notification  aupr\u00e9s  du tribunal  administratif  de Tribunal  Administratif  de\nToulouse  - 69 rue  Raymond  IV - BP 7007  - 31068  TOULOUSE  CEDEX  07. .\nLe tribunal  administratif  peut  aussi  \u00eatre  saisi  par  l'application  informatique  \u00ab T\u00e9l\u00e9recours\ncitoyen  \u00bb accessible  sur le site  internet  http://www.telerecours.fr/\nEn cas de rejet  du recours  gracieux  ou hi\u00e9rarchique  ou en l'absence  de r\u00e9ponse  \u00e0 ce re-\ncours  (rejet  implicite),  un recours  contentieux  devant  le tribunal  administratif  de Tou-\nlouse  - 69 rue  Raymond  IV - BP 7007  - 31068  TOULOUSE  CEDEX  07 peut  \u00e9galement  \u00eatre\nform\u00e9  contre  la d\u00e9cision  initiale  dans  un d\u00e9lai  de deux  mois  \u00e0 compter  de ce rejet.\nFait \u00e0 Foix,  le 12/06/2024\nPour  le Pr\u00e9fet,\nPar d\u00e9l\u00e9gation,\nLe Directeur  de la Direction  D\u00e9partementale  de l'Emploi,\ndu Travail,  des  Solidarit\u00e9s  et de la Protection  des  Populations  de l'Ari\u00e8ge,\n9 rue du Lieutenant  Paul  Delpech  - 09000  Foix  Cedex  - T\u00e9l  : 05 61 02 43 00\nae  internet  : www.ariege.gouv.fr\nDIRECTION DEPARTEMENTALE DE L' EMPLOI, DU TRAVAIL, DES SOLIDARITES ET DE LA PROTECTION DES POPULATIONS-DIRECTION\n- 09-2024-06-12-00003 - R\u00e9c\u00e9piss\u00e9 de D\u00e9claration Services \u00e0 la Personne de la structure SICRE Pierre 23","date":"2024-06-25","first_seen_on":"2024-06-25T16:32:50+00:00","id":"901e133afdc325979c2b4998c53f5ec5e1e2fa321b44077b2026243a76e8f1e4","name":"recueil-09-2024-067-recueil-des-actes-administratifs","pdf_creation_date":"2024-06-25T16:19:47+00:00","pdf_modification_date":null,"timezone":"Europe/Paris","url":"https://www.ariege.gouv.fr/contenu/telechargement/30709/210746/file/recueil-09-2024-067-recueil-des-actes-administratifs.pdf"}
